{"id":78143,"date":"2024-02-22T22:05:34","date_gmt":"2024-02-23T01:05:34","guid":{"rendered":"https:\/\/www.arquimaster.com.ar\/web\/?p=78143"},"modified":"2024-02-26T13:57:34","modified_gmt":"2024-02-26T16:57:34","slug":"casa-tornado-ooiio-arquitectura","status":"publish","type":"post","link":"https:\/\/www.arquimaster.com.ar\/web\/casa-tornado-ooiio-arquitectura\/","title":{"rendered":"Casa Tornado \/ OOIIO Arquitectura"},"content":{"rendered":"<div style=\"margin-top: 0px; margin-bottom: 0px;\" class=\"sharethis-inline-share-buttons\" ><\/div><div class=\"b812932af2e751442846f039925109de\" data-index=\"1\" style=\"float: none; margin:25px 0 25px 0; text-align:center;\">\n<script async src=\"https:\/\/pagead2.googlesyndication.com\/pagead\/js\/adsbygoogle.js\"><\/script>\r\n<!-- Arquimaster (superior) -->\r\n<ins class=\"adsbygoogle\"\r\n     style=\"display:block\"\r\n     data-ad-client=\"ca-pub-6351072698456832\"\r\n     data-ad-slot=\"6455489680\"\r\n     data-ad-format=\"auto\"\r\n     data-full-width-responsive=\"true\"><\/ins>\r\n<script>\r\n     (adsbygoogle = window.adsbygoogle || []).push({});\r\n<\/script>\n<\/div>\n<p><strong>Casa Tornado<\/strong> (Madrid, Espa\u00f1a) por <strong>OOIIO Arquitectura<\/strong>. Casa Tornado se encuentra en una tranquila zona residencial de Madrid capital. Es un proyecto dom\u00e9stico dise\u00f1ado de forma integral a la medida de una familia con dos ni\u00f1os. Todo est\u00e1 pensado para ellos, cada espacio, cada detalle. Durante el proceso de dise\u00f1o y construcci\u00f3n de la vivienda todas las decisiones part\u00edan siempre de escuchar primero las necesidades de los que ser\u00edan los habitantes de la casa, para poder dar la respuesta m\u00e1s cercana posible a sus gustos, presupuesto, forma de vida, aspiraciones&#8230;<\/p>\n<div id='gallery-1' class='gallery galleryid-78143 gallery-columns-3 gallery-size-thumbnail'><figure class='gallery-item'>\n\t\t\t<div class='gallery-icon portrait'>\n\t\t\t\t<a href='https:\/\/www.arquimaster.com.ar\/web\/wp-content\/uploads\/2024\/02\/casa_tornado01.jpg' title=\"Casa Tornado \/ OOIIO Arquitectura (\u00a9 Javier de Paz)\" data-rl_title=\"Casa Tornado \/ OOIIO Arquitectura (\u00a9 Javier de Paz)\" class=\"rl-gallery-link\" data-rl_caption=\"Casa Tornado \/ OOIIO Arquitectura (\u00a9 Javier de Paz)\" data-rel=\"lightbox-gallery-1\"><img loading=\"lazy\" decoding=\"async\" width=\"150\" height=\"150\" src=\"https:\/\/www.arquimaster.com.ar\/web\/wp-content\/uploads\/2024\/02\/casa_tornado01-150x150.jpg\" class=\"attachment-thumbnail size-thumbnail\" alt=\"Casa Tornado \/ OOIIO Arquitectura\" aria-describedby=\"gallery-1-78145\" \/><\/a>\n\t\t\t<\/div>\n\t\t\t\t<figcaption class='wp-caption-text gallery-caption' id='gallery-1-78145'>\n\t\t\t\tCasa Tornado \/ OOIIO Arquitectura (\u00a9 Javier de Paz)\n\t\t\t\t<\/figcaption><\/figure><figure class='gallery-item'>\n\t\t\t<div class='gallery-icon landscape'>\n\t\t\t\t<a href='https:\/\/www.arquimaster.com.ar\/web\/wp-content\/uploads\/2024\/02\/casa_tornado02.jpg' title=\"Casa Tornado \/ OOIIO Arquitectura (\u00a9 Javier de Paz)\" data-rl_title=\"Casa Tornado \/ OOIIO Arquitectura (\u00a9 Javier de Paz)\" class=\"rl-gallery-link\" data-rl_caption=\"Casa Tornado \/ OOIIO Arquitectura (\u00a9 Javier de Paz)\" data-rel=\"lightbox-gallery-1\"><img loading=\"lazy\" decoding=\"async\" width=\"150\" height=\"150\" src=\"https:\/\/www.arquimaster.com.ar\/web\/wp-content\/uploads\/2024\/02\/casa_tornado02-150x150.jpg\" class=\"attachment-thumbnail size-thumbnail\" alt=\"Casa Tornado \/ OOIIO Arquitectura\" aria-describedby=\"gallery-1-78146\" \/><\/a>\n\t\t\t<\/div>\n\t\t\t\t<figcaption class='wp-caption-text gallery-caption' id='gallery-1-78146'>\n\t\t\t\tCasa Tornado \/ OOIIO Arquitectura (\u00a9 Javier de Paz)\n\t\t\t\t<\/figcaption><\/figure><figure class='gallery-item'>\n\t\t\t<div class='gallery-icon portrait'>\n\t\t\t\t<a href='https:\/\/www.arquimaster.com.ar\/web\/wp-content\/uploads\/2024\/02\/casa_tornado03.jpg' title=\"Casa Tornado \/ OOIIO Arquitectura (\u00a9 Javier de Paz)\" data-rl_title=\"Casa Tornado \/ OOIIO Arquitectura (\u00a9 Javier de Paz)\" class=\"rl-gallery-link\" data-rl_caption=\"Casa Tornado \/ OOIIO Arquitectura (\u00a9 Javier de Paz)\" data-rel=\"lightbox-gallery-1\"><img loading=\"lazy\" decoding=\"async\" width=\"150\" height=\"150\" src=\"https:\/\/www.arquimaster.com.ar\/web\/wp-content\/uploads\/2024\/02\/casa_tornado03-150x150.jpg\" class=\"attachment-thumbnail size-thumbnail\" alt=\"Casa Tornado \/ OOIIO Arquitectura\" aria-describedby=\"gallery-1-78147\" \/><\/a>\n\t\t\t<\/div>\n\t\t\t\t<figcaption class='wp-caption-text gallery-caption' id='gallery-1-78147'>\n\t\t\t\tCasa Tornado \/ OOIIO Arquitectura (\u00a9 Javier de Paz)\n\t\t\t\t<\/figcaption><\/figure><figure class='gallery-item'>\n\t\t\t<div class='gallery-icon portrait'>\n\t\t\t\t<a href='https:\/\/www.arquimaster.com.ar\/web\/wp-content\/uploads\/2024\/02\/casa_tornado04.jpg' title=\"Casa Tornado \/ OOIIO Arquitectura (\u00a9 Javier de Paz)\" data-rl_title=\"Casa Tornado \/ OOIIO Arquitectura (\u00a9 Javier de Paz)\" class=\"rl-gallery-link\" data-rl_caption=\"Casa Tornado \/ OOIIO Arquitectura (\u00a9 Javier de Paz)\" data-rel=\"lightbox-gallery-1\"><img loading=\"lazy\" decoding=\"async\" width=\"150\" height=\"150\" src=\"https:\/\/www.arquimaster.com.ar\/web\/wp-content\/uploads\/2024\/02\/casa_tornado04-150x150.jpg\" class=\"attachment-thumbnail size-thumbnail\" alt=\"Casa Tornado \/ OOIIO Arquitectura\" aria-describedby=\"gallery-1-78148\" \/><\/a>\n\t\t\t<\/div>\n\t\t\t\t<figcaption class='wp-caption-text gallery-caption' id='gallery-1-78148'>\n\t\t\t\tCasa Tornado \/ OOIIO Arquitectura (\u00a9 Javier de Paz)\n\t\t\t\t<\/figcaption><\/figure><figure class='gallery-item'>\n\t\t\t<div class='gallery-icon portrait'>\n\t\t\t\t<a href='https:\/\/www.arquimaster.com.ar\/web\/wp-content\/uploads\/2024\/02\/casa_tornado05.jpg' title=\"Casa Tornado \/ OOIIO Arquitectura (\u00a9 Javier de Paz)\" data-rl_title=\"Casa Tornado \/ OOIIO Arquitectura (\u00a9 Javier de Paz)\" class=\"rl-gallery-link\" data-rl_caption=\"Casa Tornado \/ OOIIO Arquitectura (\u00a9 Javier de Paz)\" data-rel=\"lightbox-gallery-1\"><img loading=\"lazy\" decoding=\"async\" width=\"150\" height=\"150\" src=\"https:\/\/www.arquimaster.com.ar\/web\/wp-content\/uploads\/2024\/02\/casa_tornado05-150x150.jpg\" class=\"attachment-thumbnail size-thumbnail\" alt=\"Casa Tornado \/ OOIIO Arquitectura\" aria-describedby=\"gallery-1-78149\" \/><\/a>\n\t\t\t<\/div>\n\t\t\t\t<figcaption class='wp-caption-text gallery-caption' id='gallery-1-78149'>\n\t\t\t\tCasa Tornado \/ OOIIO Arquitectura (\u00a9 Javier de Paz)\n\t\t\t\t<\/figcaption><\/figure><figure class='gallery-item'>\n\t\t\t<div class='gallery-icon portrait'>\n\t\t\t\t<a href='https:\/\/www.arquimaster.com.ar\/web\/wp-content\/uploads\/2024\/02\/casa_tornado06.jpg' title=\"Casa Tornado \/ OOIIO Arquitectura (\u00a9 Javier de Paz)\" data-rl_title=\"Casa Tornado \/ OOIIO Arquitectura (\u00a9 Javier de Paz)\" class=\"rl-gallery-link\" data-rl_caption=\"Casa Tornado \/ OOIIO Arquitectura (\u00a9 Javier de Paz)\" data-rel=\"lightbox-gallery-1\"><img loading=\"lazy\" decoding=\"async\" width=\"150\" height=\"150\" src=\"https:\/\/www.arquimaster.com.ar\/web\/wp-content\/uploads\/2024\/02\/casa_tornado06-150x150.jpg\" class=\"attachment-thumbnail size-thumbnail\" alt=\"Casa Tornado \/ OOIIO Arquitectura\" aria-describedby=\"gallery-1-78150\" \/><\/a>\n\t\t\t<\/div>\n\t\t\t\t<figcaption class='wp-caption-text gallery-caption' id='gallery-1-78150'>\n\t\t\t\tCasa Tornado \/ OOIIO Arquitectura (\u00a9 Javier de Paz)\n\t\t\t\t<\/figcaption><\/figure><figure class='gallery-item'>\n\t\t\t<div class='gallery-icon landscape'>\n\t\t\t\t<a href='https:\/\/www.arquimaster.com.ar\/web\/wp-content\/uploads\/2024\/02\/casa_tornado07.jpg' title=\"Casa Tornado \/ OOIIO Arquitectura (\u00a9 Javier de Paz)\" data-rl_title=\"Casa Tornado \/ OOIIO Arquitectura (\u00a9 Javier de Paz)\" class=\"rl-gallery-link\" data-rl_caption=\"Casa Tornado \/ OOIIO Arquitectura (\u00a9 Javier de Paz)\" data-rel=\"lightbox-gallery-1\"><img loading=\"lazy\" decoding=\"async\" width=\"150\" height=\"150\" src=\"https:\/\/www.arquimaster.com.ar\/web\/wp-content\/uploads\/2024\/02\/casa_tornado07-150x150.jpg\" class=\"attachment-thumbnail size-thumbnail\" alt=\"Casa Tornado \/ OOIIO Arquitectura\" aria-describedby=\"gallery-1-78151\" \/><\/a>\n\t\t\t<\/div>\n\t\t\t\t<figcaption class='wp-caption-text gallery-caption' id='gallery-1-78151'>\n\t\t\t\tCasa Tornado \/ OOIIO Arquitectura (\u00a9 Javier de Paz)\n\t\t\t\t<\/figcaption><\/figure><figure class='gallery-item'>\n\t\t\t<div class='gallery-icon portrait'>\n\t\t\t\t<a href='https:\/\/www.arquimaster.com.ar\/web\/wp-content\/uploads\/2024\/02\/casa_tornado08.jpg' title=\"Casa Tornado \/ OOIIO Arquitectura (\u00a9 Javier de Paz)\" data-rl_title=\"Casa Tornado \/ OOIIO Arquitectura (\u00a9 Javier de Paz)\" class=\"rl-gallery-link\" data-rl_caption=\"Casa Tornado \/ OOIIO Arquitectura (\u00a9 Javier de Paz)\" data-rel=\"lightbox-gallery-1\"><img loading=\"lazy\" decoding=\"async\" width=\"150\" height=\"150\" src=\"https:\/\/www.arquimaster.com.ar\/web\/wp-content\/uploads\/2024\/02\/casa_tornado08-150x150.jpg\" class=\"attachment-thumbnail size-thumbnail\" alt=\"Casa Tornado \/ OOIIO Arquitectura\" aria-describedby=\"gallery-1-78152\" \/><\/a>\n\t\t\t<\/div>\n\t\t\t\t<figcaption class='wp-caption-text gallery-caption' id='gallery-1-78152'>\n\t\t\t\tCasa Tornado \/ OOIIO Arquitectura (\u00a9 Javier de Paz)\n\t\t\t\t<\/figcaption><\/figure><figure class='gallery-item'>\n\t\t\t<div class='gallery-icon landscape'>\n\t\t\t\t<a href='https:\/\/www.arquimaster.com.ar\/web\/wp-content\/uploads\/2024\/02\/casa_tornado09.jpg' title=\"Casa Tornado \/ OOIIO Arquitectura (\u00a9 Javier de Paz)\" data-rl_title=\"Casa Tornado \/ OOIIO Arquitectura (\u00a9 Javier de Paz)\" class=\"rl-gallery-link\" data-rl_caption=\"Casa Tornado \/ OOIIO Arquitectura (\u00a9 Javier de Paz)\" data-rel=\"lightbox-gallery-1\"><img loading=\"lazy\" decoding=\"async\" width=\"150\" height=\"150\" src=\"https:\/\/www.arquimaster.com.ar\/web\/wp-content\/uploads\/2024\/02\/casa_tornado09-150x150.jpg\" class=\"attachment-thumbnail size-thumbnail\" alt=\"Casa Tornado \/ OOIIO Arquitectura\" aria-describedby=\"gallery-1-78153\" \/><\/a>\n\t\t\t<\/div>\n\t\t\t\t<figcaption class='wp-caption-text gallery-caption' id='gallery-1-78153'>\n\t\t\t\tCasa Tornado \/ OOIIO Arquitectura (\u00a9 Javier de Paz)\n\t\t\t\t<\/figcaption><\/figure><figure class='gallery-item'>\n\t\t\t<div class='gallery-icon landscape'>\n\t\t\t\t<a href='https:\/\/www.arquimaster.com.ar\/web\/wp-content\/uploads\/2024\/02\/casa_tornado10.jpg' title=\"Casa Tornado \/ OOIIO Arquitectura (\u00a9 Javier de Paz)\" data-rl_title=\"Casa Tornado \/ OOIIO Arquitectura (\u00a9 Javier de Paz)\" class=\"rl-gallery-link\" data-rl_caption=\"Casa Tornado \/ OOIIO Arquitectura (\u00a9 Javier de Paz)\" data-rel=\"lightbox-gallery-1\"><img loading=\"lazy\" decoding=\"async\" width=\"150\" height=\"150\" src=\"https:\/\/www.arquimaster.com.ar\/web\/wp-content\/uploads\/2024\/02\/casa_tornado10-150x150.jpg\" class=\"attachment-thumbnail size-thumbnail\" alt=\"Casa Tornado \/ OOIIO Arquitectura\" aria-describedby=\"gallery-1-78154\" \/><\/a>\n\t\t\t<\/div>\n\t\t\t\t<figcaption class='wp-caption-text gallery-caption' id='gallery-1-78154'>\n\t\t\t\tCasa Tornado \/ OOIIO Arquitectura (\u00a9 Javier de Paz)\n\t\t\t\t<\/figcaption><\/figure><figure class='gallery-item'>\n\t\t\t<div class='gallery-icon portrait'>\n\t\t\t\t<a href='https:\/\/www.arquimaster.com.ar\/web\/wp-content\/uploads\/2024\/02\/casa_tornado11.jpg' title=\"Casa Tornado \/ OOIIO Arquitectura (\u00a9 Javier de Paz)\" data-rl_title=\"Casa Tornado \/ OOIIO Arquitectura (\u00a9 Javier de Paz)\" class=\"rl-gallery-link\" data-rl_caption=\"Casa Tornado \/ OOIIO Arquitectura (\u00a9 Javier de Paz)\" data-rel=\"lightbox-gallery-1\"><img loading=\"lazy\" decoding=\"async\" width=\"150\" height=\"150\" src=\"https:\/\/www.arquimaster.com.ar\/web\/wp-content\/uploads\/2024\/02\/casa_tornado11-150x150.jpg\" class=\"attachment-thumbnail size-thumbnail\" alt=\"Casa Tornado \/ OOIIO Arquitectura\" aria-describedby=\"gallery-1-78155\" \/><\/a>\n\t\t\t<\/div>\n\t\t\t\t<figcaption class='wp-caption-text gallery-caption' id='gallery-1-78155'>\n\t\t\t\tCasa Tornado \/ OOIIO Arquitectura (\u00a9 Javier de Paz)\n\t\t\t\t<\/figcaption><\/figure><figure class='gallery-item'>\n\t\t\t<div class='gallery-icon portrait'>\n\t\t\t\t<a href='https:\/\/www.arquimaster.com.ar\/web\/wp-content\/uploads\/2024\/02\/casa_tornado12.jpg' title=\"Casa Tornado \/ OOIIO Arquitectura (\u00a9 Javier de Paz)\" data-rl_title=\"Casa Tornado \/ OOIIO Arquitectura (\u00a9 Javier de Paz)\" class=\"rl-gallery-link\" data-rl_caption=\"Casa Tornado \/ OOIIO Arquitectura (\u00a9 Javier de Paz)\" data-rel=\"lightbox-gallery-1\"><img loading=\"lazy\" decoding=\"async\" width=\"150\" height=\"150\" src=\"https:\/\/www.arquimaster.com.ar\/web\/wp-content\/uploads\/2024\/02\/casa_tornado12-150x150.jpg\" class=\"attachment-thumbnail size-thumbnail\" alt=\"Casa Tornado \/ OOIIO Arquitectura\" aria-describedby=\"gallery-1-78156\" \/><\/a>\n\t\t\t<\/div>\n\t\t\t\t<figcaption class='wp-caption-text gallery-caption' id='gallery-1-78156'>\n\t\t\t\tCasa Tornado \/ OOIIO Arquitectura (\u00a9 Javier de Paz)\n\t\t\t\t<\/figcaption><\/figure><figure class='gallery-item'>\n\t\t\t<div class='gallery-icon landscape'>\n\t\t\t\t<a href='https:\/\/www.arquimaster.com.ar\/web\/wp-content\/uploads\/2024\/02\/casa_tornado13.jpg' title=\"Casa Tornado \/ OOIIO Arquitectura (\u00a9 Javier de Paz)\" data-rl_title=\"Casa Tornado \/ OOIIO Arquitectura (\u00a9 Javier de Paz)\" class=\"rl-gallery-link\" data-rl_caption=\"Casa Tornado \/ OOIIO Arquitectura (\u00a9 Javier de Paz)\" data-rel=\"lightbox-gallery-1\"><img loading=\"lazy\" decoding=\"async\" width=\"150\" height=\"150\" src=\"https:\/\/www.arquimaster.com.ar\/web\/wp-content\/uploads\/2024\/02\/casa_tornado13-150x150.jpg\" class=\"attachment-thumbnail size-thumbnail\" alt=\"Casa Tornado \/ OOIIO Arquitectura\" aria-describedby=\"gallery-1-78157\" \/><\/a>\n\t\t\t<\/div>\n\t\t\t\t<figcaption class='wp-caption-text gallery-caption' id='gallery-1-78157'>\n\t\t\t\tCasa Tornado \/ OOIIO Arquitectura (\u00a9 Javier de Paz)\n\t\t\t\t<\/figcaption><\/figure><figure class='gallery-item'>\n\t\t\t<div class='gallery-icon landscape'>\n\t\t\t\t<a href='https:\/\/www.arquimaster.com.ar\/web\/wp-content\/uploads\/2024\/02\/casa_tornado14.jpg' title=\"Casa Tornado \/ OOIIO Arquitectura (\u00a9 Javier de Paz)\" data-rl_title=\"Casa Tornado \/ OOIIO Arquitectura (\u00a9 Javier de Paz)\" class=\"rl-gallery-link\" data-rl_caption=\"Casa Tornado \/ OOIIO Arquitectura (\u00a9 Javier de Paz)\" data-rel=\"lightbox-gallery-1\"><img loading=\"lazy\" decoding=\"async\" width=\"150\" height=\"150\" src=\"https:\/\/www.arquimaster.com.ar\/web\/wp-content\/uploads\/2024\/02\/casa_tornado14-150x150.jpg\" class=\"attachment-thumbnail size-thumbnail\" alt=\"Casa Tornado \/ OOIIO Arquitectura\" aria-describedby=\"gallery-1-78158\" \/><\/a>\n\t\t\t<\/div>\n\t\t\t\t<figcaption class='wp-caption-text gallery-caption' id='gallery-1-78158'>\n\t\t\t\tCasa Tornado \/ OOIIO Arquitectura (\u00a9 Javier de Paz)\n\t\t\t\t<\/figcaption><\/figure><figure class='gallery-item'>\n\t\t\t<div class='gallery-icon portrait'>\n\t\t\t\t<a href='https:\/\/www.arquimaster.com.ar\/web\/wp-content\/uploads\/2024\/02\/casa_tornado15.jpg' title=\"Casa Tornado \/ OOIIO Arquitectura (\u00a9 Javier de Paz)\" data-rl_title=\"Casa Tornado \/ OOIIO Arquitectura (\u00a9 Javier de Paz)\" class=\"rl-gallery-link\" data-rl_caption=\"Casa Tornado \/ OOIIO Arquitectura (\u00a9 Javier de Paz)\" data-rel=\"lightbox-gallery-1\"><img loading=\"lazy\" decoding=\"async\" width=\"150\" height=\"150\" src=\"https:\/\/www.arquimaster.com.ar\/web\/wp-content\/uploads\/2024\/02\/casa_tornado15-150x150.jpg\" class=\"attachment-thumbnail size-thumbnail\" alt=\"Casa Tornado \/ OOIIO Arquitectura\" aria-describedby=\"gallery-1-78159\" \/><\/a>\n\t\t\t<\/div>\n\t\t\t\t<figcaption class='wp-caption-text gallery-caption' id='gallery-1-78159'>\n\t\t\t\tCasa Tornado \/ OOIIO Arquitectura (\u00a9 Javier de Paz)\n\t\t\t\t<\/figcaption><\/figure><figure class='gallery-item'>\n\t\t\t<div class='gallery-icon portrait'>\n\t\t\t\t<a href='https:\/\/www.arquimaster.com.ar\/web\/wp-content\/uploads\/2024\/02\/casa_tornado16.jpg' title=\"Casa Tornado \/ OOIIO Arquitectura (\u00a9 Javier de Paz)\" data-rl_title=\"Casa Tornado \/ OOIIO Arquitectura (\u00a9 Javier de Paz)\" class=\"rl-gallery-link\" data-rl_caption=\"Casa Tornado \/ OOIIO Arquitectura (\u00a9 Javier de Paz)\" data-rel=\"lightbox-gallery-1\"><img loading=\"lazy\" decoding=\"async\" width=\"150\" height=\"150\" src=\"https:\/\/www.arquimaster.com.ar\/web\/wp-content\/uploads\/2024\/02\/casa_tornado16-150x150.jpg\" class=\"attachment-thumbnail size-thumbnail\" alt=\"Casa Tornado \/ OOIIO Arquitectura\" aria-describedby=\"gallery-1-78160\" \/><\/a>\n\t\t\t<\/div>\n\t\t\t\t<figcaption class='wp-caption-text gallery-caption' id='gallery-1-78160'>\n\t\t\t\tCasa Tornado \/ OOIIO Arquitectura (\u00a9 Javier de Paz)\n\t\t\t\t<\/figcaption><\/figure><figure class='gallery-item'>\n\t\t\t<div class='gallery-icon portrait'>\n\t\t\t\t<a href='https:\/\/www.arquimaster.com.ar\/web\/wp-content\/uploads\/2024\/02\/casa_tornado17.jpg' title=\"Casa Tornado \/ OOIIO Arquitectura (\u00a9 Javier de Paz)\" data-rl_title=\"Casa Tornado \/ OOIIO Arquitectura (\u00a9 Javier de Paz)\" class=\"rl-gallery-link\" data-rl_caption=\"Casa Tornado \/ OOIIO Arquitectura (\u00a9 Javier de Paz)\" data-rel=\"lightbox-gallery-1\"><img loading=\"lazy\" decoding=\"async\" width=\"150\" height=\"150\" src=\"https:\/\/www.arquimaster.com.ar\/web\/wp-content\/uploads\/2024\/02\/casa_tornado17-150x150.jpg\" class=\"attachment-thumbnail size-thumbnail\" alt=\"Casa Tornado \/ OOIIO Arquitectura\" aria-describedby=\"gallery-1-78161\" \/><\/a>\n\t\t\t<\/div>\n\t\t\t\t<figcaption class='wp-caption-text gallery-caption' id='gallery-1-78161'>\n\t\t\t\tCasa Tornado \/ OOIIO Arquitectura (\u00a9 Javier de Paz)\n\t\t\t\t<\/figcaption><\/figure><figure class='gallery-item'>\n\t\t\t<div class='gallery-icon portrait'>\n\t\t\t\t<a href='https:\/\/www.arquimaster.com.ar\/web\/wp-content\/uploads\/2024\/02\/casa_tornado18.jpg' title=\"Casa Tornado \/ OOIIO Arquitectura (\u00a9 Javier de Paz)\" data-rl_title=\"Casa Tornado \/ OOIIO Arquitectura (\u00a9 Javier de Paz)\" class=\"rl-gallery-link\" data-rl_caption=\"Casa Tornado \/ OOIIO Arquitectura (\u00a9 Javier de Paz)\" data-rel=\"lightbox-gallery-1\"><img loading=\"lazy\" decoding=\"async\" width=\"150\" height=\"150\" src=\"https:\/\/www.arquimaster.com.ar\/web\/wp-content\/uploads\/2024\/02\/casa_tornado18-150x150.jpg\" class=\"attachment-thumbnail size-thumbnail\" alt=\"Casa Tornado \/ OOIIO Arquitectura\" aria-describedby=\"gallery-1-78162\" \/><\/a>\n\t\t\t<\/div>\n\t\t\t\t<figcaption class='wp-caption-text gallery-caption' id='gallery-1-78162'>\n\t\t\t\tCasa Tornado \/ OOIIO Arquitectura (\u00a9 Javier de Paz)\n\t\t\t\t<\/figcaption><\/figure><figure class='gallery-item'>\n\t\t\t<div class='gallery-icon landscape'>\n\t\t\t\t<a href='https:\/\/www.arquimaster.com.ar\/web\/wp-content\/uploads\/2024\/02\/casa_tornado19.jpg' title=\"Casa Tornado \/ OOIIO Arquitectura (\u00a9 Javier de Paz)\" data-rl_title=\"Casa Tornado \/ OOIIO Arquitectura (\u00a9 Javier de Paz)\" class=\"rl-gallery-link\" data-rl_caption=\"Casa Tornado \/ OOIIO Arquitectura (\u00a9 Javier de Paz)\" data-rel=\"lightbox-gallery-1\"><img loading=\"lazy\" decoding=\"async\" width=\"150\" height=\"150\" src=\"https:\/\/www.arquimaster.com.ar\/web\/wp-content\/uploads\/2024\/02\/casa_tornado19-150x150.jpg\" class=\"attachment-thumbnail size-thumbnail\" alt=\"Casa Tornado \/ OOIIO Arquitectura\" aria-describedby=\"gallery-1-78163\" \/><\/a>\n\t\t\t<\/div>\n\t\t\t\t<figcaption class='wp-caption-text gallery-caption' id='gallery-1-78163'>\n\t\t\t\tCasa Tornado \/ OOIIO Arquitectura (\u00a9 Javier de Paz)\n\t\t\t\t<\/figcaption><\/figure><figure class='gallery-item'>\n\t\t\t<div class='gallery-icon portrait'>\n\t\t\t\t<a href='https:\/\/www.arquimaster.com.ar\/web\/wp-content\/uploads\/2024\/02\/casa_tornado20.jpg' title=\"Casa Tornado \/ OOIIO Arquitectura (\u00a9 Javier de Paz)\" data-rl_title=\"Casa Tornado \/ OOIIO Arquitectura (\u00a9 Javier de Paz)\" class=\"rl-gallery-link\" data-rl_caption=\"Casa Tornado \/ OOIIO Arquitectura (\u00a9 Javier de Paz)\" data-rel=\"lightbox-gallery-1\"><img loading=\"lazy\" decoding=\"async\" width=\"150\" height=\"150\" src=\"https:\/\/www.arquimaster.com.ar\/web\/wp-content\/uploads\/2024\/02\/casa_tornado20-150x150.jpg\" class=\"attachment-thumbnail size-thumbnail\" alt=\"Casa Tornado \/ OOIIO Arquitectura\" aria-describedby=\"gallery-1-78164\" \/><\/a>\n\t\t\t<\/div>\n\t\t\t\t<figcaption class='wp-caption-text gallery-caption' id='gallery-1-78164'>\n\t\t\t\tCasa Tornado \/ OOIIO Arquitectura (\u00a9 Javier de Paz)\n\t\t\t\t<\/figcaption><\/figure><figure class='gallery-item'>\n\t\t\t<div class='gallery-icon landscape'>\n\t\t\t\t<a href='https:\/\/www.arquimaster.com.ar\/web\/wp-content\/uploads\/2024\/02\/casa_tornado23.jpg' title=\"Casa Tornado \/ OOIIO Arquitectura (planta baja)\" data-rl_title=\"Casa Tornado \/ OOIIO Arquitectura (planta baja)\" class=\"rl-gallery-link\" data-rl_caption=\"Casa Tornado \/ OOIIO Arquitectura (planta baja)\" data-rel=\"lightbox-gallery-1\"><img loading=\"lazy\" decoding=\"async\" width=\"150\" height=\"150\" src=\"https:\/\/www.arquimaster.com.ar\/web\/wp-content\/uploads\/2024\/02\/casa_tornado23-150x150.jpg\" class=\"attachment-thumbnail size-thumbnail\" alt=\"Casa Tornado \/ OOIIO Arquitectura\" aria-describedby=\"gallery-1-78167\" \/><\/a>\n\t\t\t<\/div>\n\t\t\t\t<figcaption class='wp-caption-text gallery-caption' id='gallery-1-78167'>\n\t\t\t\tCasa Tornado \/ OOIIO Arquitectura (planta baja)\n\t\t\t\t<\/figcaption><\/figure><figure class='gallery-item'>\n\t\t\t<div class='gallery-icon landscape'>\n\t\t\t\t<a href='https:\/\/www.arquimaster.com.ar\/web\/wp-content\/uploads\/2024\/02\/casa_tornado24.jpg' title=\"Casa Tornado \/ OOIIO Arquitectura (planta alta)\" data-rl_title=\"Casa Tornado \/ OOIIO Arquitectura (planta alta)\" class=\"rl-gallery-link\" data-rl_caption=\"Casa Tornado \/ OOIIO Arquitectura (planta alta)\" data-rel=\"lightbox-gallery-1\"><img loading=\"lazy\" decoding=\"async\" width=\"150\" height=\"150\" src=\"https:\/\/www.arquimaster.com.ar\/web\/wp-content\/uploads\/2024\/02\/casa_tornado24-150x150.jpg\" class=\"attachment-thumbnail size-thumbnail\" alt=\"Casa Tornado \/ OOIIO Arquitectura\" aria-describedby=\"gallery-1-78168\" \/><\/a>\n\t\t\t<\/div>\n\t\t\t\t<figcaption class='wp-caption-text gallery-caption' id='gallery-1-78168'>\n\t\t\t\tCasa Tornado \/ OOIIO Arquitectura (planta alta)\n\t\t\t\t<\/figcaption><\/figure><figure class='gallery-item'>\n\t\t\t<div class='gallery-icon landscape'>\n\t\t\t\t<a href='https:\/\/www.arquimaster.com.ar\/web\/wp-content\/uploads\/2024\/02\/casa_tornado25.jpg' title=\"Casa Tornado \/ OOIIO Arquitectura (planta de techos)\" data-rl_title=\"Casa Tornado \/ OOIIO Arquitectura (planta de techos)\" class=\"rl-gallery-link\" data-rl_caption=\"Casa Tornado \/ OOIIO Arquitectura (planta de techos)\" data-rel=\"lightbox-gallery-1\"><img loading=\"lazy\" decoding=\"async\" width=\"150\" height=\"150\" src=\"https:\/\/www.arquimaster.com.ar\/web\/wp-content\/uploads\/2024\/02\/casa_tornado25-150x150.jpg\" class=\"attachment-thumbnail size-thumbnail\" alt=\"Casa Tornado \/ OOIIO Arquitectura\" aria-describedby=\"gallery-1-78169\" \/><\/a>\n\t\t\t<\/div>\n\t\t\t\t<figcaption class='wp-caption-text gallery-caption' id='gallery-1-78169'>\n\t\t\t\tCasa Tornado \/ OOIIO Arquitectura (planta de techos)\n\t\t\t\t<\/figcaption><\/figure><figure class='gallery-item'>\n\t\t\t<div class='gallery-icon landscape'>\n\t\t\t\t<a href='https:\/\/www.arquimaster.com.ar\/web\/wp-content\/uploads\/2024\/02\/casa_tornado26.jpg' title=\"Casa Tornado \/ OOIIO Arquitectura (corte)\" data-rl_title=\"Casa Tornado \/ OOIIO Arquitectura (corte)\" class=\"rl-gallery-link\" data-rl_caption=\"Casa Tornado \/ OOIIO Arquitectura (corte)\" data-rel=\"lightbox-gallery-1\"><img loading=\"lazy\" decoding=\"async\" width=\"150\" height=\"150\" src=\"https:\/\/www.arquimaster.com.ar\/web\/wp-content\/uploads\/2024\/02\/casa_tornado26-150x150.jpg\" class=\"attachment-thumbnail size-thumbnail\" alt=\"Casa Tornado \/ OOIIO Arquitectura\" aria-describedby=\"gallery-1-78170\" \/><\/a>\n\t\t\t<\/div>\n\t\t\t\t<figcaption class='wp-caption-text gallery-caption' id='gallery-1-78170'>\n\t\t\t\tCasa Tornado \/ OOIIO Arquitectura (corte)\n\t\t\t\t<\/figcaption><\/figure><figure class='gallery-item'>\n\t\t\t<div class='gallery-icon landscape'>\n\t\t\t\t<a href='https:\/\/www.arquimaster.com.ar\/web\/wp-content\/uploads\/2024\/02\/casa_tornado27.jpg' title=\"Casa Tornado \/ OOIIO Arquitectura (corte)\" data-rl_title=\"Casa Tornado \/ OOIIO Arquitectura (corte)\" class=\"rl-gallery-link\" data-rl_caption=\"Casa Tornado \/ OOIIO Arquitectura (corte)\" data-rel=\"lightbox-gallery-1\"><img loading=\"lazy\" decoding=\"async\" width=\"150\" height=\"150\" src=\"https:\/\/www.arquimaster.com.ar\/web\/wp-content\/uploads\/2024\/02\/casa_tornado27-150x150.jpg\" class=\"attachment-thumbnail size-thumbnail\" alt=\"Casa Tornado \/ OOIIO Arquitectura\" aria-describedby=\"gallery-1-78171\" \/><\/a>\n\t\t\t<\/div>\n\t\t\t\t<figcaption class='wp-caption-text gallery-caption' id='gallery-1-78171'>\n\t\t\t\tCasa Tornado \/ OOIIO Arquitectura (corte)\n\t\t\t\t<\/figcaption><\/figure><figure class='gallery-item'>\n\t\t\t<div class='gallery-icon landscape'>\n\t\t\t\t<a href='https:\/\/www.arquimaster.com.ar\/web\/wp-content\/uploads\/2024\/02\/casa_tornado21.jpg' title=\"Casa Tornado \/ OOIIO Arquitectura (vista frente)\" data-rl_title=\"Casa Tornado \/ OOIIO Arquitectura (vista frente)\" class=\"rl-gallery-link\" data-rl_caption=\"Casa Tornado \/ OOIIO Arquitectura (vista frente)\" data-rel=\"lightbox-gallery-1\"><img loading=\"lazy\" decoding=\"async\" width=\"150\" height=\"150\" src=\"https:\/\/www.arquimaster.com.ar\/web\/wp-content\/uploads\/2024\/02\/casa_tornado21-150x150.jpg\" class=\"attachment-thumbnail size-thumbnail\" alt=\"Casa Tornado \/ OOIIO Arquitectura\" aria-describedby=\"gallery-1-78165\" \/><\/a>\n\t\t\t<\/div>\n\t\t\t\t<figcaption class='wp-caption-text gallery-caption' id='gallery-1-78165'>\n\t\t\t\tCasa Tornado \/ OOIIO Arquitectura (vista frente)\n\t\t\t\t<\/figcaption><\/figure><figure class='gallery-item'>\n\t\t\t<div class='gallery-icon landscape'>\n\t\t\t\t<a href='https:\/\/www.arquimaster.com.ar\/web\/wp-content\/uploads\/2024\/02\/casa_tornado22.jpg' title=\"Casa Tornado \/ OOIIO Arquitectura (vista contrafrente)\" data-rl_title=\"Casa Tornado \/ OOIIO Arquitectura (vista contrafrente)\" class=\"rl-gallery-link\" data-rl_caption=\"Casa Tornado \/ OOIIO Arquitectura (vista contrafrente)\" data-rel=\"lightbox-gallery-1\"><img loading=\"lazy\" decoding=\"async\" width=\"150\" height=\"150\" src=\"https:\/\/www.arquimaster.com.ar\/web\/wp-content\/uploads\/2024\/02\/casa_tornado22-150x150.jpg\" class=\"attachment-thumbnail size-thumbnail\" alt=\"Casa Tornado \/ OOIIO Arquitectura\" aria-describedby=\"gallery-1-78166\" \/><\/a>\n\t\t\t<\/div>\n\t\t\t\t<figcaption class='wp-caption-text gallery-caption' id='gallery-1-78166'>\n\t\t\t\tCasa Tornado \/ OOIIO Arquitectura (vista contrafrente)\n\t\t\t\t<\/figcaption><\/figure><figure class='gallery-item'>\n\t\t\t<div class='gallery-icon landscape'>\n\t\t\t\t<a href='https:\/\/www.arquimaster.com.ar\/web\/wp-content\/uploads\/2024\/02\/casa_tornado28.jpg' title=\"Casa Tornado \/ OOIIO Arquitectura (esquema)\" data-rl_title=\"Casa Tornado \/ OOIIO Arquitectura (esquema)\" class=\"rl-gallery-link\" data-rl_caption=\"Casa Tornado \/ OOIIO Arquitectura (esquema)\" data-rel=\"lightbox-gallery-1\"><img loading=\"lazy\" decoding=\"async\" width=\"150\" height=\"150\" src=\"https:\/\/www.arquimaster.com.ar\/web\/wp-content\/uploads\/2024\/02\/casa_tornado28-150x150.jpg\" class=\"attachment-thumbnail size-thumbnail\" alt=\"Casa Tornado \/ OOIIO Arquitectura\" aria-describedby=\"gallery-1-78172\" srcset=\"https:\/\/www.arquimaster.com.ar\/web\/wp-content\/uploads\/2024\/02\/casa_tornado28-150x150.jpg 150w, https:\/\/www.arquimaster.com.ar\/web\/wp-content\/uploads\/2024\/02\/casa_tornado28-768x768.jpg 768w, https:\/\/www.arquimaster.com.ar\/web\/wp-content\/uploads\/2024\/02\/casa_tornado28-1536x1536.jpg 1536w, https:\/\/www.arquimaster.com.ar\/web\/wp-content\/uploads\/2024\/02\/casa_tornado28.jpg 2000w\" sizes=\"auto, (max-width: 150px) 100vw, 150px\" \/><\/a>\n\t\t\t<\/div>\n\t\t\t\t<figcaption class='wp-caption-text gallery-caption' id='gallery-1-78172'>\n\t\t\t\tCasa Tornado \/ OOIIO Arquitectura (esquema)\n\t\t\t\t<\/figcaption><\/figure><figure class='gallery-item'>\n\t\t\t<div class='gallery-icon landscape'>\n\t\t\t\t<a href='https:\/\/www.arquimaster.com.ar\/web\/wp-content\/uploads\/2024\/02\/casa_tornado29.jpg' title=\"Casa Tornado \/ OOIIO Arquitectura (esquema)\" data-rl_title=\"Casa Tornado \/ OOIIO Arquitectura (esquema)\" class=\"rl-gallery-link\" data-rl_caption=\"Casa Tornado \/ OOIIO Arquitectura (esquema)\" data-rel=\"lightbox-gallery-1\"><img loading=\"lazy\" decoding=\"async\" width=\"150\" height=\"150\" src=\"https:\/\/www.arquimaster.com.ar\/web\/wp-content\/uploads\/2024\/02\/casa_tornado29-150x150.jpg\" class=\"attachment-thumbnail size-thumbnail\" alt=\"Casa Tornado \/ OOIIO Arquitectura\" aria-describedby=\"gallery-1-78173\" srcset=\"https:\/\/www.arquimaster.com.ar\/web\/wp-content\/uploads\/2024\/02\/casa_tornado29-150x150.jpg 150w, https:\/\/www.arquimaster.com.ar\/web\/wp-content\/uploads\/2024\/02\/casa_tornado29-768x768.jpg 768w, https:\/\/www.arquimaster.com.ar\/web\/wp-content\/uploads\/2024\/02\/casa_tornado29-1536x1536.jpg 1536w, https:\/\/www.arquimaster.com.ar\/web\/wp-content\/uploads\/2024\/02\/casa_tornado29.jpg 2000w\" sizes=\"auto, (max-width: 150px) 100vw, 150px\" \/><\/a>\n\t\t\t<\/div>\n\t\t\t\t<figcaption class='wp-caption-text gallery-caption' id='gallery-1-78173'>\n\t\t\t\tCasa Tornado \/ OOIIO Arquitectura (esquema)\n\t\t\t\t<\/figcaption><\/figure><figure class='gallery-item'>\n\t\t\t<div class='gallery-icon landscape'>\n\t\t\t\t<a href='https:\/\/www.arquimaster.com.ar\/web\/wp-content\/uploads\/2024\/02\/casa_tornado30.jpg' title=\"Casa Tornado \/ OOIIO Arquitectura (esquema)\" data-rl_title=\"Casa Tornado \/ OOIIO Arquitectura (esquema)\" class=\"rl-gallery-link\" data-rl_caption=\"Casa Tornado \/ OOIIO Arquitectura (esquema)\" data-rel=\"lightbox-gallery-1\"><img loading=\"lazy\" decoding=\"async\" width=\"150\" height=\"150\" src=\"https:\/\/www.arquimaster.com.ar\/web\/wp-content\/uploads\/2024\/02\/casa_tornado30-150x150.jpg\" class=\"attachment-thumbnail size-thumbnail\" alt=\"Casa Tornado \/ OOIIO Arquitectura\" aria-describedby=\"gallery-1-78174\" srcset=\"https:\/\/www.arquimaster.com.ar\/web\/wp-content\/uploads\/2024\/02\/casa_tornado30-150x150.jpg 150w, https:\/\/www.arquimaster.com.ar\/web\/wp-content\/uploads\/2024\/02\/casa_tornado30-768x768.jpg 768w, https:\/\/www.arquimaster.com.ar\/web\/wp-content\/uploads\/2024\/02\/casa_tornado30-1536x1536.jpg 1536w, https:\/\/www.arquimaster.com.ar\/web\/wp-content\/uploads\/2024\/02\/casa_tornado30.jpg 2000w\" sizes=\"auto, (max-width: 150px) 100vw, 150px\" \/><\/a>\n\t\t\t<\/div>\n\t\t\t\t<figcaption class='wp-caption-text gallery-caption' id='gallery-1-78174'>\n\t\t\t\tCasa Tornado \/ OOIIO Arquitectura (esquema)\n\t\t\t\t<\/figcaption><\/figure><figure class='gallery-item'>\n\t\t\t<div class='gallery-icon landscape'>\n\t\t\t\t<a href='https:\/\/www.arquimaster.com.ar\/web\/wp-content\/uploads\/2024\/02\/casa_tornado31.jpg' title=\"Casa Tornado \/ OOIIO Arquitectura (esquema)\" data-rl_title=\"Casa Tornado \/ OOIIO Arquitectura (esquema)\" class=\"rl-gallery-link\" data-rl_caption=\"Casa Tornado \/ OOIIO Arquitectura (esquema)\" data-rel=\"lightbox-gallery-1\"><img loading=\"lazy\" decoding=\"async\" width=\"150\" height=\"150\" src=\"https:\/\/www.arquimaster.com.ar\/web\/wp-content\/uploads\/2024\/02\/casa_tornado31-150x150.jpg\" class=\"attachment-thumbnail size-thumbnail\" alt=\"Casa Tornado \/ OOIIO Arquitectura\" aria-describedby=\"gallery-1-78175\" srcset=\"https:\/\/www.arquimaster.com.ar\/web\/wp-content\/uploads\/2024\/02\/casa_tornado31-150x150.jpg 150w, https:\/\/www.arquimaster.com.ar\/web\/wp-content\/uploads\/2024\/02\/casa_tornado31-768x768.jpg 768w, https:\/\/www.arquimaster.com.ar\/web\/wp-content\/uploads\/2024\/02\/casa_tornado31-1536x1536.jpg 1536w, https:\/\/www.arquimaster.com.ar\/web\/wp-content\/uploads\/2024\/02\/casa_tornado31.jpg 2000w\" sizes=\"auto, (max-width: 150px) 100vw, 150px\" \/><\/a>\n\t\t\t<\/div>\n\t\t\t\t<figcaption class='wp-caption-text gallery-caption' id='gallery-1-78175'>\n\t\t\t\tCasa Tornado \/ OOIIO Arquitectura (esquema)\n\t\t\t\t<\/figcaption><\/figure><figure class='gallery-item'>\n\t\t\t<div class='gallery-icon landscape'>\n\t\t\t\t<a href='https:\/\/www.arquimaster.com.ar\/web\/wp-content\/uploads\/2024\/02\/casa_tornado32.jpg' title=\"Casa Tornado \/ OOIIO Arquitectura (esquema)\" data-rl_title=\"Casa Tornado \/ OOIIO Arquitectura (esquema)\" class=\"rl-gallery-link\" data-rl_caption=\"Casa Tornado \/ OOIIO Arquitectura (esquema)\" data-rel=\"lightbox-gallery-1\"><img loading=\"lazy\" decoding=\"async\" width=\"150\" height=\"150\" src=\"https:\/\/www.arquimaster.com.ar\/web\/wp-content\/uploads\/2024\/02\/casa_tornado32-150x150.jpg\" class=\"attachment-thumbnail size-thumbnail\" alt=\"Casa Tornado \/ OOIIO Arquitectura\" aria-describedby=\"gallery-1-78176\" srcset=\"https:\/\/www.arquimaster.com.ar\/web\/wp-content\/uploads\/2024\/02\/casa_tornado32-150x150.jpg 150w, https:\/\/www.arquimaster.com.ar\/web\/wp-content\/uploads\/2024\/02\/casa_tornado32-768x768.jpg 768w, https:\/\/www.arquimaster.com.ar\/web\/wp-content\/uploads\/2024\/02\/casa_tornado32-1536x1536.jpg 1536w, https:\/\/www.arquimaster.com.ar\/web\/wp-content\/uploads\/2024\/02\/casa_tornado32.jpg 2000w\" sizes=\"auto, (max-width: 150px) 100vw, 150px\" \/><\/a>\n\t\t\t<\/div>\n\t\t\t\t<figcaption class='wp-caption-text gallery-caption' id='gallery-1-78176'>\n\t\t\t\tCasa Tornado \/ OOIIO Arquitectura (esquema)\n\t\t\t\t<\/figcaption><\/figure><figure class='gallery-item'>\n\t\t\t<div class='gallery-icon landscape'>\n\t\t\t\t<a href='https:\/\/www.arquimaster.com.ar\/web\/wp-content\/uploads\/2024\/02\/casa_tornado33.jpg' title=\"Casa Tornado \/ OOIIO Arquitectura (esquema)\" data-rl_title=\"Casa Tornado \/ OOIIO Arquitectura (esquema)\" class=\"rl-gallery-link\" data-rl_caption=\"Casa Tornado \/ OOIIO Arquitectura (esquema)\" data-rel=\"lightbox-gallery-1\"><img loading=\"lazy\" decoding=\"async\" width=\"150\" height=\"150\" src=\"https:\/\/www.arquimaster.com.ar\/web\/wp-content\/uploads\/2024\/02\/casa_tornado33-150x150.jpg\" class=\"attachment-thumbnail size-thumbnail\" alt=\"Casa Tornado \/ OOIIO Arquitectura\" aria-describedby=\"gallery-1-78177\" srcset=\"https:\/\/www.arquimaster.com.ar\/web\/wp-content\/uploads\/2024\/02\/casa_tornado33-150x150.jpg 150w, https:\/\/www.arquimaster.com.ar\/web\/wp-content\/uploads\/2024\/02\/casa_tornado33-768x768.jpg 768w, https:\/\/www.arquimaster.com.ar\/web\/wp-content\/uploads\/2024\/02\/casa_tornado33-1536x1536.jpg 1536w, https:\/\/www.arquimaster.com.ar\/web\/wp-content\/uploads\/2024\/02\/casa_tornado33.jpg 2000w\" sizes=\"auto, (max-width: 150px) 100vw, 150px\" \/><\/a>\n\t\t\t<\/div>\n\t\t\t\t<figcaption class='wp-caption-text gallery-caption' id='gallery-1-78177'>\n\t\t\t\tCasa Tornado \/ OOIIO Arquitectura (esquema)\n\t\t\t\t<\/figcaption><\/figure><figure class='gallery-item'>\n\t\t\t<div class='gallery-icon landscape'>\n\t\t\t\t<a href='https:\/\/www.arquimaster.com.ar\/web\/wp-content\/uploads\/2024\/02\/casa_tornado34.gif' title=\"Casa Tornado \/ OOIIO Arquitectura (esquemas)\" data-rl_title=\"Casa Tornado \/ OOIIO Arquitectura (esquemas)\" class=\"rl-gallery-link\" data-rl_caption=\"Casa Tornado \/ OOIIO Arquitectura (esquemas)\" data-rel=\"lightbox-gallery-1\"><img loading=\"lazy\" decoding=\"async\" width=\"150\" height=\"150\" src=\"https:\/\/www.arquimaster.com.ar\/web\/wp-content\/uploads\/2024\/02\/casa_tornado34-150x150.gif\" class=\"attachment-thumbnail size-thumbnail\" alt=\"Casa Tornado \/ OOIIO Arquitectura\" aria-describedby=\"gallery-1-78178\" srcset=\"https:\/\/www.arquimaster.com.ar\/web\/wp-content\/uploads\/2024\/02\/casa_tornado34-150x150.gif 150w, https:\/\/www.arquimaster.com.ar\/web\/wp-content\/uploads\/2024\/02\/casa_tornado34-768x768.gif 768w\" sizes=\"auto, (max-width: 150px) 100vw, 150px\" \/><\/a>\n\t\t\t<\/div>\n\t\t\t\t<figcaption class='wp-caption-text gallery-caption' id='gallery-1-78178'>\n\t\t\t\tCasa Tornado \/ OOIIO Arquitectura (esquemas)\n\t\t\t\t<\/figcaption><\/figure>\n\t\t<\/div>\n\n<p>Es por eso que Tornado es realmente como un traje, una aut\u00e9ntica \u00abcasa a medida\u00bb.<\/p>\n<p>Su arquitectura es sencilla y rotunda, a la vez que puramente funcional y pr\u00e1ctica. Sus vol\u00famenes prism\u00e1ticos cuidadosamente compuestos destacan mucho sobre las viviendas vecinas. La casa se percibe en su entorno como un objeto abstracto que sin buscar la excentricidad ni la ostentaci\u00f3n, tiene el aspecto de un contenedor contempor\u00e1neo perfectamente equipado para proteger y proporcionar el m\u00e1ximo confort a la familia que vive dentro.<\/p>\n<p>Una vez escuchado el programa de necesidades de los promotores, el proyecto surge de en medio de sesiones de trabajo creativas imaginando una vivienda que se dise\u00f1a tridimensionalmente como un gran \u00abjuego de la jenga\u00bb.<\/p>\n<p>Los arquitectos partieron de un volumen prism\u00e1tico imaginario, completamente s\u00f3lido, que fueron moldeando empujando y sustrayendo piezas de forma estrat\u00e9gica hasta conseguir la forma final.<\/p>\n<p>As\u00ed por ejemplo \u00abpresionando\u00bb la cubierta del prisma s\u00f3lido inicial, surge un patio central que inundar\u00e1 de luz todo el coraz\u00f3n de la casa, y ayudar\u00e1 a controlar clim\u00e1ticamente la temperatura provocando ventilaciones cruzadas con las estancias.<\/p>\n<p>\u00abEmpujando\u00bb la zona baja del prisma ciego, eliminamos parte de su volumen para conseguir porches sombreados y frescos donde interactuar m\u00e1s con el jard\u00edn, \u00abAlargando\u00bb una parte hacia la calle se genera el garaje.<\/p>\n<p>Los creativos de OOIIO dise\u00f1aron este objeto residencial a partir de una abstracci\u00f3n, de una idea s\u00f3lo posible en el mundo de la imaginaci\u00f3n, en donde uno puede crear un edificio de manera sencilla a base de empujar y estirar partes de un s\u00f3lido ciego, como si no costase ning\u00fan trabajo hacerlo, hasta configurar una pieza habitable.<\/p>\n<p>Una vez conseguido este juego volum\u00e9trico, que acoge el programa de vivienda deseado por la familia que disfrutar\u00e1 la casa, los arquitectos la dotaron de las m\u00e1ximas prestaciones t\u00e9cnicas contempor\u00e1neas existentes en el mercado residencial familiar para conseguir un edificio altamente eficiente y sostenible.<\/p>\n<p>A parte de los mencionados elementos pasivos como porches y patio central que consiguen frescor y promueven ventilaciones cruzadas, se incorporaron p\u00e9rgolas para obtener m\u00e1s zonas en sombra cuando crezca la vegetaci\u00f3n sobre ellas. Tambi\u00e9n se recubren los muros exteriores con una doble piel de piezas cer\u00e1micas a modo de \u00abfachada ventilada\u00bb que contribuye enormemente al ahorro energ\u00e9tico pasivo.<\/p>\n<p>El interior se climatiza con Aero Termia por suelo radiante y se dota a la vivienda de un sistema de recuperaci\u00f3n y filtrado de aire interior. Sistemas que junto a una instalaci\u00f3n de placas solares para la generaci\u00f3n el\u00e9ctrica hace que la casa tenga un consumo energ\u00e9tico diario pr\u00e1cticamente nulo.<\/p>\n<p>El confort total adaptado a los habitantes de la casa se consigue entendiendo que la luz natural debe inundar cada rinc\u00f3n de la vivienda, y se trabajan los espacios interiores mediante un dise\u00f1o sobrio y funcional, jugando con materiales c\u00e1lidos y tranquilos, con acabados crudos en tonos suaves que combinan muy bien entre ellos, continuando en el interior el mismo juego mat\u00e9rico cuidadosamente compuesto y equilibrado de los materiales exteriores.<\/p>\n<p>La Casa Tornado, una vivienda con un dise\u00f1o y composici\u00f3n muy trabajada, que pretende ser ante todo un edificio confortable, funcional y eficiente.<\/p>\n<p><strong>Video<\/strong><br \/><a href=\"https:\/\/www.youtube.com\/watch?v=2vJJPiUV1X4\" target=\"_blank\" rel=\"noopener\">https:\/\/www.youtube.com\/watch?v=2vJJPiUV1X4<\/a><\/p>\n\n\n<div style=\"height:20px\" aria-hidden=\"true\" class=\"wp-block-spacer\"><\/div>\n\n\n\n<p class=\"has-background\" style=\"background-color:#eaeaea\"><strong>Ficha t\u00e9cnica<\/strong><br>Nombre: Casa Tornado<br>Ubicaci\u00f3n: Barajas, Madrid, Espa\u00f1a<br>Arquitectura y Dise\u00f1o de Interiores: OOIIO Arquitectura<br>Equipo: Joaqu\u00edn Mill\u00e1n Villamuelas, Jes\u00fas Reyes Garc\u00eda, Milda D\u00fcdonyte, Alba Pe\u00f1a Fern\u00e1ndez<br>Constructora: P\u00f3rtico Infraestructuras s.l.<br>\u00c1rea: 292 m2<br>A\u00f1o de Proyecto: 2018-2023<br>Premios y Reconocimientos: Platinum Winner &#8211; Household Architecture, Architecture and Design Collection Awards (ADCA), 2023.<br>Fotograf\u00eda: Javier de Paz<br><br><strong>Contacto<\/strong><br><a href=\"https:\/\/www.ooiio.com\" target=\"_blank\" rel=\"noreferrer noopener\">https:\/\/www.ooiio.com<\/a><br>Instagram: @ooiio_architecture<br>Facebook: ooiio.architecture<br>Twitter: @ooiioarchitects<\/p>\n\n\n\n<div style=\"height:40px\" aria-hidden=\"true\" class=\"wp-block-spacer\"><\/div>\n\n\n<p><strong><em>English version<\/em><\/strong><\/p>\n<p><em>Tornado House is located in a quiet residential area of Madrid capital. It is a domestic project tailor designed to a family with two children.<\/em><\/p>\n<p><em>Everything is though for them, every space, every detail. During the home design and construction process, all decisions always started from listening to the needs of those who would be the inhabitants of the house, in order to be able to give the closest possible response to their tastes, budget, way of life, aspirations&#8230;<\/em><\/p>\n<p><em>That is why Tornado is actually like a suit, a true \u00abtailor-made house\u00bb.<\/em><\/p>\n<p><em>Its architecture is simple and emphatic, as well as purely functional and practical. Its carefully composed prismatic volumes stand out greatly from the neighboring homes. The house is perceived in its surroundings as an abstract object that, without seeking eccentricity or ostentation, has the appearance of a contemporary container perfectly equipped to protect and provide maximum comfort to the family that lives inside.<\/em><\/p>\n<p><em>The project arose during creative work sessions imagining a home that is designed three-dimensionally like a large \u00abjenga game\u00bb.<\/em><\/p>\n<p><em>The architects started from an imaginary, completely solid, prismatic volume, which they shaped by strategically pushing and subtracting pieces until they achieved the final shape.<\/em><\/p>\n<p><em>Thus, for example, by \u00abpressing\u00bb the cover of the initial solid prism, a central patio emerges flooding the entire heart of the house with light, and helping to control the Madrid\u00b4s warm summer temperature by cross ventilation with the rooms.<\/em><\/p>\n<p><em>By \u00abpushing\u00bb the lower area of the blind prism, they eliminate part of its volume to obtain shaded and cool porches where we can interact more with the garden, \u00abLonging\u00bb a part towards the street they generated the garage.<\/em><\/p>\n<p><em>The architects designed this residential object based on an abstraction, an idea only possible in the world of imagination, where one can create a building in a simple way by pushing and stretching parts of a blind solid, as if it would not cost any work to do it, until a habitable cluster of rooms is configured.<\/em><\/p>\n<p><em>Once this volumetric game was achieved, the architects provided the house with the maximum contemporary technical existing features in the contemporary family residential market to achieve a highly efficient and sustainable building.<\/em><\/p>\n<p><em>Apart from the aforementioned passive elements such as porches and central patio that achieve freshness and promote cross ventilation, pergolas were incorporated to obtain more shaded areas when vegetation grows on them. The exterior walls are also covered with a double skin of ceramic pieces as a \u00abventilated fa\u00e7ade\u00bb that contributes enormously to passive energy savings by creating a camera between ceramics and internal fa\u00e7ade for a better temperature control.<\/em><\/p>\n<p><em>Interiors are heated with Aero Thermic underfloor heating and also is equipped with an interior air recovery and filtration system. Mechanism that, together with an installation of solar panels for electricity generation, mean that the house has practically zero daily energy consumption.<\/em><\/p>\n<p><em>Total comfort adapted to the inhabitants of the house, achieved by understanding that natural light must flood every corner of the home.<\/em><\/p>\n<p><em>Interior spaces are worked through a sober and functional design, playing with warm and calm materials, with raw finishes in soft tones combining very well with each other, continuing inside the same carefully composed and balanced material game of the exterior volumes.<\/em><\/p>\n<div style=\"font-size: 0px; height: 0px; line-height: 0px; margin: 0; padding: 0; clear: both;\"><\/div><div style=\"margin-top: 0px; margin-bottom: 0px;\" class=\"sharethis-inline-share-buttons\" ><\/div>","protected":false},"excerpt":{"rendered":"<p>Dise\u00f1ada de forma integral a la medida de una familia con dos ni\u00f1os&#8230;<\/p>\n","protected":false},"author":1,"featured_media":78144,"comment_status":"closed","ping_status":"closed","sticky":false,"template":"","format":"standard","meta":{"_uag_custom_page_level_css":"","footnotes":""},"categories":[1,83],"tags":[7775,4282,104,7776,5679,441,6497,5677,254],"class_list":["post-78143","post","type-post","status-publish","format-standard","has-post-thumbnail","hentry","category-proyecto","category-vivienda-unifamiliar","tag-alba-pena-fernandez","tag-arquitectura-residencial","tag-espana","tag-jesus-reyes-garcia","tag-joaquin-millan-villamuelas","tag-madrid","tag-milda-dudonyte","tag-ooiio-arquitectura","tag-vivienda-unifamiliar-2","generate-columns","tablet-grid-50","mobile-grid-100","grid-parent","grid-50"],"yoast_head":"<!-- This site is optimized with the Yoast SEO plugin v27.3 - https:\/\/yoast.com\/product\/yoast-seo-wordpress\/ -->\n<title>Casa Tornado \/ OOIIO Arquitectura - Arquimaster<\/title>\n<meta name=\"description\" content=\"Proyecto dom\u00e9stico dise\u00f1ado de forma integral a la medida de una familia con dos ni\u00f1os.\" \/>\n<meta name=\"robots\" content=\"index, follow, max-snippet:-1, max-image-preview:large, max-video-preview:-1\" \/>\n<link rel=\"canonical\" href=\"https:\/\/www.arquimaster.com.ar\/web\/casa-tornado-ooiio-arquitectura\/\" \/>\n<meta property=\"og:locale\" content=\"es_ES\" \/>\n<meta property=\"og:type\" content=\"article\" \/>\n<meta property=\"og:title\" content=\"Casa Tornado \/ OOIIO Arquitectura\" \/>\n<meta property=\"og:description\" content=\"Proyecto dom\u00e9stico dise\u00f1ado de forma integral a la medida de una familia con dos ni\u00f1os.\" \/>\n<meta property=\"og:url\" content=\"https:\/\/www.arquimaster.com.ar\/web\/casa-tornado-ooiio-arquitectura\/\" \/>\n<meta property=\"og:site_name\" content=\"Arquimaster\" \/>\n<meta property=\"article:publisher\" content=\"http:\/\/www.facebook.com\/ARQUIMASTER.com.ar\" \/>\n<meta property=\"article:published_time\" content=\"2024-02-23T01:05:34+00:00\" \/>\n<meta property=\"article:modified_time\" content=\"2024-02-26T16:57:34+00:00\" \/>\n<meta property=\"og:image\" content=\"https:\/\/www.arquimaster.com.ar\/web\/wp-content\/uploads\/2024\/02\/casa_tornado_slide.jpg\" \/>\n\t<meta property=\"og:image:width\" content=\"698\" \/>\n\t<meta property=\"og:image:height\" content=\"364\" \/>\n\t<meta property=\"og:image:type\" content=\"image\/jpeg\" \/>\n<meta name=\"author\" content=\"Arquimaster\" \/>\n<meta name=\"twitter:card\" content=\"summary_large_image\" \/>\n<meta name=\"twitter:title\" content=\"Casa Tornado \/ OOIIO Arquitectura\" \/>\n<meta name=\"twitter:description\" content=\"Proyecto dom\u00e9stico dise\u00f1ado de forma integral a la medida de una familia con dos ni\u00f1os.\" \/>\n<meta name=\"twitter:image\" content=\"https:\/\/www.arquimaster.com.ar\/web\/wp-content\/uploads\/2024\/02\/casa_tornado_slide.jpg\" \/>\n<meta name=\"twitter:creator\" content=\"@arquimaster\" \/>\n<meta name=\"twitter:site\" content=\"@arquimaster\" \/>\n<meta name=\"twitter:label1\" content=\"Escrito por\" \/>\n\t<meta name=\"twitter:data1\" content=\"Arquimaster\" \/>\n\t<meta name=\"twitter:label2\" content=\"Tiempo de lectura\" \/>\n\t<meta name=\"twitter:data2\" content=\"6 minutos\" \/>\n<script type=\"application\/ld+json\" class=\"yoast-schema-graph\">{\"@context\":\"https:\\\/\\\/schema.org\",\"@graph\":[{\"@type\":\"Article\",\"@id\":\"https:\\\/\\\/www.arquimaster.com.ar\\\/web\\\/casa-tornado-ooiio-arquitectura\\\/#article\",\"isPartOf\":{\"@id\":\"https:\\\/\\\/www.arquimaster.com.ar\\\/web\\\/casa-tornado-ooiio-arquitectura\\\/\"},\"author\":{\"name\":\"Arquimaster\",\"@id\":\"https:\\\/\\\/www.arquimaster.com.ar\\\/web\\\/#\\\/schema\\\/person\\\/359e9f7c00193fcde068e0dd2ceb0028\"},\"headline\":\"Casa Tornado \\\/ OOIIO Arquitectura\",\"datePublished\":\"2024-02-23T01:05:34+00:00\",\"dateModified\":\"2024-02-26T16:57:34+00:00\",\"mainEntityOfPage\":{\"@id\":\"https:\\\/\\\/www.arquimaster.com.ar\\\/web\\\/casa-tornado-ooiio-arquitectura\\\/\"},\"wordCount\":1301,\"publisher\":{\"@id\":\"https:\\\/\\\/www.arquimaster.com.ar\\\/web\\\/#organization\"},\"image\":{\"@id\":\"https:\\\/\\\/www.arquimaster.com.ar\\\/web\\\/casa-tornado-ooiio-arquitectura\\\/#primaryimage\"},\"thumbnailUrl\":\"https:\\\/\\\/www.arquimaster.com.ar\\\/web\\\/wp-content\\\/uploads\\\/2024\\\/02\\\/casa_tornado_slide.jpg\",\"keywords\":[\"Alba Pe\u00f1a Fern\u00e1ndez\",\"arquitectura residencial\",\"Espa\u00f1a\",\"Jes\u00fas Reyes Garc\u00eda\",\"Joaqu\u00edn Mill\u00e1n Villamuelas\",\"Madrid\",\"Milda Dudonyte\",\"OOIIO Arquitectura\",\"vivienda unifamiliar\"],\"articleSection\":[\"Proyecto\",\"Vivienda unifamiliar y PH\"],\"inLanguage\":\"es\"},{\"@type\":\"WebPage\",\"@id\":\"https:\\\/\\\/www.arquimaster.com.ar\\\/web\\\/casa-tornado-ooiio-arquitectura\\\/\",\"url\":\"https:\\\/\\\/www.arquimaster.com.ar\\\/web\\\/casa-tornado-ooiio-arquitectura\\\/\",\"name\":\"Casa Tornado \\\/ OOIIO Arquitectura - Arquimaster\",\"isPartOf\":{\"@id\":\"https:\\\/\\\/www.arquimaster.com.ar\\\/web\\\/#website\"},\"primaryImageOfPage\":{\"@id\":\"https:\\\/\\\/www.arquimaster.com.ar\\\/web\\\/casa-tornado-ooiio-arquitectura\\\/#primaryimage\"},\"image\":{\"@id\":\"https:\\\/\\\/www.arquimaster.com.ar\\\/web\\\/casa-tornado-ooiio-arquitectura\\\/#primaryimage\"},\"thumbnailUrl\":\"https:\\\/\\\/www.arquimaster.com.ar\\\/web\\\/wp-content\\\/uploads\\\/2024\\\/02\\\/casa_tornado_slide.jpg\",\"datePublished\":\"2024-02-23T01:05:34+00:00\",\"dateModified\":\"2024-02-26T16:57:34+00:00\",\"description\":\"Proyecto dom\u00e9stico dise\u00f1ado de forma integral a la medida de una familia con dos ni\u00f1os.\",\"breadcrumb\":{\"@id\":\"https:\\\/\\\/www.arquimaster.com.ar\\\/web\\\/casa-tornado-ooiio-arquitectura\\\/#breadcrumb\"},\"inLanguage\":\"es\",\"potentialAction\":[{\"@type\":\"ReadAction\",\"target\":[\"https:\\\/\\\/www.arquimaster.com.ar\\\/web\\\/casa-tornado-ooiio-arquitectura\\\/\"]}]},{\"@type\":\"ImageObject\",\"inLanguage\":\"es\",\"@id\":\"https:\\\/\\\/www.arquimaster.com.ar\\\/web\\\/casa-tornado-ooiio-arquitectura\\\/#primaryimage\",\"url\":\"https:\\\/\\\/www.arquimaster.com.ar\\\/web\\\/wp-content\\\/uploads\\\/2024\\\/02\\\/casa_tornado_slide.jpg\",\"contentUrl\":\"https:\\\/\\\/www.arquimaster.com.ar\\\/web\\\/wp-content\\\/uploads\\\/2024\\\/02\\\/casa_tornado_slide.jpg\",\"width\":698,\"height\":364,\"caption\":\"Casa Tornado \\\/ OOIIO Arquitectura\"},{\"@type\":\"BreadcrumbList\",\"@id\":\"https:\\\/\\\/www.arquimaster.com.ar\\\/web\\\/casa-tornado-ooiio-arquitectura\\\/#breadcrumb\",\"itemListElement\":[{\"@type\":\"ListItem\",\"position\":1,\"name\":\"Portada\",\"item\":\"https:\\\/\\\/www.arquimaster.com.ar\\\/web\\\/\"},{\"@type\":\"ListItem\",\"position\":2,\"name\":\"Casa Tornado \\\/ OOIIO Arquitectura\"}]},{\"@type\":\"WebSite\",\"@id\":\"https:\\\/\\\/www.arquimaster.com.ar\\\/web\\\/#website\",\"url\":\"https:\\\/\\\/www.arquimaster.com.ar\\\/web\\\/\",\"name\":\"Arquimaster\",\"description\":\"Web de arquitectura, dise\u00f1o y construccion\",\"publisher\":{\"@id\":\"https:\\\/\\\/www.arquimaster.com.ar\\\/web\\\/#organization\"},\"potentialAction\":[{\"@type\":\"SearchAction\",\"target\":{\"@type\":\"EntryPoint\",\"urlTemplate\":\"https:\\\/\\\/www.arquimaster.com.ar\\\/web\\\/?s={search_term_string}\"},\"query-input\":{\"@type\":\"PropertyValueSpecification\",\"valueRequired\":true,\"valueName\":\"search_term_string\"}}],\"inLanguage\":\"es\"},{\"@type\":\"Organization\",\"@id\":\"https:\\\/\\\/www.arquimaster.com.ar\\\/web\\\/#organization\",\"name\":\"Arquimaster\",\"url\":\"https:\\\/\\\/www.arquimaster.com.ar\\\/web\\\/\",\"logo\":{\"@type\":\"ImageObject\",\"inLanguage\":\"es\",\"@id\":\"https:\\\/\\\/www.arquimaster.com.ar\\\/web\\\/#\\\/schema\\\/logo\\\/image\\\/\",\"url\":\"https:\\\/\\\/www.arquimaster.com.ar\\\/web\\\/wp-content\\\/uploads\\\/2022\\\/06\\\/arquimaster.png\",\"contentUrl\":\"https:\\\/\\\/www.arquimaster.com.ar\\\/web\\\/wp-content\\\/uploads\\\/2022\\\/06\\\/arquimaster.png\",\"width\":594,\"height\":78,\"caption\":\"Arquimaster\"},\"image\":{\"@id\":\"https:\\\/\\\/www.arquimaster.com.ar\\\/web\\\/#\\\/schema\\\/logo\\\/image\\\/\"},\"sameAs\":[\"http:\\\/\\\/www.facebook.com\\\/ARQUIMASTER.com.ar\",\"https:\\\/\\\/x.com\\\/arquimaster\",\"https:\\\/\\\/www.instagram.com\\\/arquimasterblog\\\/\",\"https:\\\/\\\/www.linkedin.com\\\/company\\\/arquimaster\",\"https:\\\/\\\/www.pinterest.com\\\/arquimaster\",\"https:\\\/\\\/t.me\\\/arquimaster\"]},{\"@type\":\"Person\",\"@id\":\"https:\\\/\\\/www.arquimaster.com.ar\\\/web\\\/#\\\/schema\\\/person\\\/359e9f7c00193fcde068e0dd2ceb0028\",\"name\":\"Arquimaster\"}]}<\/script>\n<!-- \/ Yoast SEO plugin. -->","yoast_head_json":{"title":"Casa Tornado \/ OOIIO Arquitectura - Arquimaster","description":"Proyecto dom\u00e9stico dise\u00f1ado de forma integral a la medida de una familia con dos ni\u00f1os.","robots":{"index":"index","follow":"follow","max-snippet":"max-snippet:-1","max-image-preview":"max-image-preview:large","max-video-preview":"max-video-preview:-1"},"canonical":"https:\/\/www.arquimaster.com.ar\/web\/casa-tornado-ooiio-arquitectura\/","og_locale":"es_ES","og_type":"article","og_title":"Casa Tornado \/ OOIIO Arquitectura","og_description":"Proyecto dom\u00e9stico dise\u00f1ado de forma integral a la medida de una familia con dos ni\u00f1os.","og_url":"https:\/\/www.arquimaster.com.ar\/web\/casa-tornado-ooiio-arquitectura\/","og_site_name":"Arquimaster","article_publisher":"http:\/\/www.facebook.com\/ARQUIMASTER.com.ar","article_published_time":"2024-02-23T01:05:34+00:00","article_modified_time":"2024-02-26T16:57:34+00:00","og_image":[{"width":698,"height":364,"url":"https:\/\/www.arquimaster.com.ar\/web\/wp-content\/uploads\/2024\/02\/casa_tornado_slide.jpg","type":"image\/jpeg"}],"author":"Arquimaster","twitter_card":"summary_large_image","twitter_title":"Casa Tornado \/ OOIIO Arquitectura","twitter_description":"Proyecto dom\u00e9stico dise\u00f1ado de forma integral a la medida de una familia con dos ni\u00f1os.","twitter_image":"https:\/\/www.arquimaster.com.ar\/web\/wp-content\/uploads\/2024\/02\/casa_tornado_slide.jpg","twitter_creator":"@arquimaster","twitter_site":"@arquimaster","twitter_misc":{"Escrito por":"Arquimaster","Tiempo de lectura":"6 minutos"},"schema":{"@context":"https:\/\/schema.org","@graph":[{"@type":"Article","@id":"https:\/\/www.arquimaster.com.ar\/web\/casa-tornado-ooiio-arquitectura\/#article","isPartOf":{"@id":"https:\/\/www.arquimaster.com.ar\/web\/casa-tornado-ooiio-arquitectura\/"},"author":{"name":"Arquimaster","@id":"https:\/\/www.arquimaster.com.ar\/web\/#\/schema\/person\/359e9f7c00193fcde068e0dd2ceb0028"},"headline":"Casa Tornado \/ OOIIO Arquitectura","datePublished":"2024-02-23T01:05:34+00:00","dateModified":"2024-02-26T16:57:34+00:00","mainEntityOfPage":{"@id":"https:\/\/www.arquimaster.com.ar\/web\/casa-tornado-ooiio-arquitectura\/"},"wordCount":1301,"publisher":{"@id":"https:\/\/www.arquimaster.com.ar\/web\/#organization"},"image":{"@id":"https:\/\/www.arquimaster.com.ar\/web\/casa-tornado-ooiio-arquitectura\/#primaryimage"},"thumbnailUrl":"https:\/\/www.arquimaster.com.ar\/web\/wp-content\/uploads\/2024\/02\/casa_tornado_slide.jpg","keywords":["Alba Pe\u00f1a Fern\u00e1ndez","arquitectura residencial","Espa\u00f1a","Jes\u00fas Reyes Garc\u00eda","Joaqu\u00edn Mill\u00e1n Villamuelas","Madrid","Milda Dudonyte","OOIIO Arquitectura","vivienda unifamiliar"],"articleSection":["Proyecto","Vivienda unifamiliar y PH"],"inLanguage":"es"},{"@type":"WebPage","@id":"https:\/\/www.arquimaster.com.ar\/web\/casa-tornado-ooiio-arquitectura\/","url":"https:\/\/www.arquimaster.com.ar\/web\/casa-tornado-ooiio-arquitectura\/","name":"Casa Tornado \/ OOIIO Arquitectura - Arquimaster","isPartOf":{"@id":"https:\/\/www.arquimaster.com.ar\/web\/#website"},"primaryImageOfPage":{"@id":"https:\/\/www.arquimaster.com.ar\/web\/casa-tornado-ooiio-arquitectura\/#primaryimage"},"image":{"@id":"https:\/\/www.arquimaster.com.ar\/web\/casa-tornado-ooiio-arquitectura\/#primaryimage"},"thumbnailUrl":"https:\/\/www.arquimaster.com.ar\/web\/wp-content\/uploads\/2024\/02\/casa_tornado_slide.jpg","datePublished":"2024-02-23T01:05:34+00:00","dateModified":"2024-02-26T16:57:34+00:00","description":"Proyecto dom\u00e9stico dise\u00f1ado de forma integral a la medida de una familia con dos ni\u00f1os.","breadcrumb":{"@id":"https:\/\/www.arquimaster.com.ar\/web\/casa-tornado-ooiio-arquitectura\/#breadcrumb"},"inLanguage":"es","potentialAction":[{"@type":"ReadAction","target":["https:\/\/www.arquimaster.com.ar\/web\/casa-tornado-ooiio-arquitectura\/"]}]},{"@type":"ImageObject","inLanguage":"es","@id":"https:\/\/www.arquimaster.com.ar\/web\/casa-tornado-ooiio-arquitectura\/#primaryimage","url":"https:\/\/www.arquimaster.com.ar\/web\/wp-content\/uploads\/2024\/02\/casa_tornado_slide.jpg","contentUrl":"https:\/\/www.arquimaster.com.ar\/web\/wp-content\/uploads\/2024\/02\/casa_tornado_slide.jpg","width":698,"height":364,"caption":"Casa Tornado \/ OOIIO Arquitectura"},{"@type":"BreadcrumbList","@id":"https:\/\/www.arquimaster.com.ar\/web\/casa-tornado-ooiio-arquitectura\/#breadcrumb","itemListElement":[{"@type":"ListItem","position":1,"name":"Portada","item":"https:\/\/www.arquimaster.com.ar\/web\/"},{"@type":"ListItem","position":2,"name":"Casa Tornado \/ OOIIO Arquitectura"}]},{"@type":"WebSite","@id":"https:\/\/www.arquimaster.com.ar\/web\/#website","url":"https:\/\/www.arquimaster.com.ar\/web\/","name":"Arquimaster","description":"Web de arquitectura, dise\u00f1o y construccion","publisher":{"@id":"https:\/\/www.arquimaster.com.ar\/web\/#organization"},"potentialAction":[{"@type":"SearchAction","target":{"@type":"EntryPoint","urlTemplate":"https:\/\/www.arquimaster.com.ar\/web\/?s={search_term_string}"},"query-input":{"@type":"PropertyValueSpecification","valueRequired":true,"valueName":"search_term_string"}}],"inLanguage":"es"},{"@type":"Organization","@id":"https:\/\/www.arquimaster.com.ar\/web\/#organization","name":"Arquimaster","url":"https:\/\/www.arquimaster.com.ar\/web\/","logo":{"@type":"ImageObject","inLanguage":"es","@id":"https:\/\/www.arquimaster.com.ar\/web\/#\/schema\/logo\/image\/","url":"https:\/\/www.arquimaster.com.ar\/web\/wp-content\/uploads\/2022\/06\/arquimaster.png","contentUrl":"https:\/\/www.arquimaster.com.ar\/web\/wp-content\/uploads\/2022\/06\/arquimaster.png","width":594,"height":78,"caption":"Arquimaster"},"image":{"@id":"https:\/\/www.arquimaster.com.ar\/web\/#\/schema\/logo\/image\/"},"sameAs":["http:\/\/www.facebook.com\/ARQUIMASTER.com.ar","https:\/\/x.com\/arquimaster","https:\/\/www.instagram.com\/arquimasterblog\/","https:\/\/www.linkedin.com\/company\/arquimaster","https:\/\/www.pinterest.com\/arquimaster","https:\/\/t.me\/arquimaster"]},{"@type":"Person","@id":"https:\/\/www.arquimaster.com.ar\/web\/#\/schema\/person\/359e9f7c00193fcde068e0dd2ceb0028","name":"Arquimaster"}]}},"uagb_featured_image_src":{"full":["https:\/\/www.arquimaster.com.ar\/web\/wp-content\/uploads\/2024\/02\/casa_tornado_slide.jpg",698,364,false],"thumbnail":["https:\/\/www.arquimaster.com.ar\/web\/wp-content\/uploads\/2024\/02\/casa_tornado_slide-150x150.jpg",150,150,true],"medium":["https:\/\/www.arquimaster.com.ar\/web\/wp-content\/uploads\/2024\/02\/casa_tornado_slide.jpg",698,364,false],"medium_large":["https:\/\/www.arquimaster.com.ar\/web\/wp-content\/uploads\/2024\/02\/casa_tornado_slide.jpg",698,364,false],"large":["https:\/\/www.arquimaster.com.ar\/web\/wp-content\/uploads\/2024\/02\/casa_tornado_slide.jpg",698,364,false],"1536x1536":["https:\/\/www.arquimaster.com.ar\/web\/wp-content\/uploads\/2024\/02\/casa_tornado_slide.jpg",698,364,false],"2048x2048":["https:\/\/www.arquimaster.com.ar\/web\/wp-content\/uploads\/2024\/02\/casa_tornado_slide.jpg",698,364,false]},"uagb_author_info":{"display_name":"Arquimaster","author_link":"https:\/\/www.arquimaster.com.ar\/web\/author\/arquimaster\/"},"uagb_comment_info":0,"uagb_excerpt":"Dise\u00f1ada de forma integral a la medida de una familia con dos ni\u00f1os...","_links":{"self":[{"href":"https:\/\/www.arquimaster.com.ar\/web\/wp-json\/wp\/v2\/posts\/78143","targetHints":{"allow":["GET"]}}],"collection":[{"href":"https:\/\/www.arquimaster.com.ar\/web\/wp-json\/wp\/v2\/posts"}],"about":[{"href":"https:\/\/www.arquimaster.com.ar\/web\/wp-json\/wp\/v2\/types\/post"}],"author":[{"embeddable":true,"href":"https:\/\/www.arquimaster.com.ar\/web\/wp-json\/wp\/v2\/users\/1"}],"replies":[{"embeddable":true,"href":"https:\/\/www.arquimaster.com.ar\/web\/wp-json\/wp\/v2\/comments?post=78143"}],"version-history":[{"count":3,"href":"https:\/\/www.arquimaster.com.ar\/web\/wp-json\/wp\/v2\/posts\/78143\/revisions"}],"predecessor-version":[{"id":78228,"href":"https:\/\/www.arquimaster.com.ar\/web\/wp-json\/wp\/v2\/posts\/78143\/revisions\/78228"}],"wp:featuredmedia":[{"embeddable":true,"href":"https:\/\/www.arquimaster.com.ar\/web\/wp-json\/wp\/v2\/media\/78144"}],"wp:attachment":[{"href":"https:\/\/www.arquimaster.com.ar\/web\/wp-json\/wp\/v2\/media?parent=78143"}],"wp:term":[{"taxonomy":"category","embeddable":true,"href":"https:\/\/www.arquimaster.com.ar\/web\/wp-json\/wp\/v2\/categories?post=78143"},{"taxonomy":"post_tag","embeddable":true,"href":"https:\/\/www.arquimaster.com.ar\/web\/wp-json\/wp\/v2\/tags?post=78143"}],"curies":[{"name":"wp","href":"https:\/\/api.w.org\/{rel}","templated":true}]}}