{"id":78181,"date":"2024-02-22T22:20:40","date_gmt":"2024-02-23T01:20:40","guid":{"rendered":"https:\/\/www.arquimaster.com.ar\/web\/?p=78181"},"modified":"2024-05-21T18:55:41","modified_gmt":"2024-05-21T21:55:41","slug":"casa-pirca-en-obra-arquitectos","status":"publish","type":"post","link":"https:\/\/www.arquimaster.com.ar\/web\/casa-pirca-en-obra-arquitectos\/","title":{"rendered":"Casa Pirca \/ En Obra Arquitectos"},"content":{"rendered":"<div style=\"margin-top: 0px; margin-bottom: 0px;\" class=\"sharethis-inline-share-buttons\" ><\/div><div class=\"b812932af2e751442846f039925109de\" data-index=\"1\" style=\"float: none; margin:25px 0 25px 0; text-align:center;\">\n<script async src=\"https:\/\/pagead2.googlesyndication.com\/pagead\/js\/adsbygoogle.js\"><\/script>\r\n<!-- Arquimaster (superior) -->\r\n<ins class=\"adsbygoogle\"\r\n     style=\"display:block\"\r\n     data-ad-client=\"ca-pub-6351072698456832\"\r\n     data-ad-slot=\"6455489680\"\r\n     data-ad-format=\"auto\"\r\n     data-full-width-responsive=\"true\"><\/ins>\r\n<script>\r\n     (adsbygoogle = window.adsbygoogle || []).push({});\r\n<\/script>\n<\/div>\n<p><strong>Casa Pirca<\/strong> (Costa Esmeralda, Pcia. de Buenos Aires, Argentina) por <strong>En Obra Arquitectos<\/strong>. Lim\u00edtrofe al Partido de Pinamar se encuentra el Partido de la Costa, conformado por una serie de proyectos de emprendimientos urbanos, entre las cuales se encuentra el Barrio \u00abCosta Esmeralda\u00bb. El mismo rodeado de bosques y m\u00e9danos costeros, tiene como limites, al Este en su extensi\u00f3n longitudinal el Mar Argentino, la Ruta Nacional N\u00ba 11 al Oeste, sumado a caracter\u00edsticas que incentivan su crecimiento residencial en peque\u00f1a y gran escala. Casa Pirca se encuentra dentro del barrio sobre un lote rectangular, con una abrupta diferencia de nivel en sentido longitudinal partiendo en dos el mismo, exponente de su mayor cualidad.<\/p>\n<div id='gallery-1' class='gallery galleryid-78181 gallery-columns-3 gallery-size-thumbnail'><figure class='gallery-item'>\n\t\t\t<div class='gallery-icon landscape'>\n\t\t\t\t<a href='https:\/\/www.arquimaster.com.ar\/web\/wp-content\/uploads\/2024\/02\/casa_pirca1.jpg' title=\"Casa Pirca \/ En Obra Arquitectos (\u00a9 Mariano Imperial)\" data-rl_title=\"Casa Pirca \/ En Obra Arquitectos (\u00a9 Mariano Imperial)\" class=\"rl-gallery-link\" data-rl_caption=\"Casa Pirca \/ En Obra Arquitectos (\u00a9 Mariano Imperial)\" data-rel=\"lightbox-gallery-1\"><img loading=\"lazy\" decoding=\"async\" width=\"150\" height=\"150\" src=\"https:\/\/www.arquimaster.com.ar\/web\/wp-content\/uploads\/2024\/02\/casa_pirca1-150x150.jpg\" class=\"attachment-thumbnail size-thumbnail\" alt=\"Casa Pirca \/ En Obra Arquitectos\" aria-describedby=\"gallery-1-78183\" \/><\/a>\n\t\t\t<\/div>\n\t\t\t\t<figcaption class='wp-caption-text gallery-caption' id='gallery-1-78183'>\n\t\t\t\tCasa Pirca \/ En Obra Arquitectos (\u00a9 Mariano Imperial)\n\t\t\t\t<\/figcaption><\/figure><figure class='gallery-item'>\n\t\t\t<div class='gallery-icon portrait'>\n\t\t\t\t<a href='https:\/\/www.arquimaster.com.ar\/web\/wp-content\/uploads\/2024\/02\/casa_pirca2.jpg' title=\"Casa Pirca \/ En Obra Arquitectos (\u00a9 Mariano Imperial)\" data-rl_title=\"Casa Pirca \/ En Obra Arquitectos (\u00a9 Mariano Imperial)\" class=\"rl-gallery-link\" data-rl_caption=\"Casa Pirca \/ En Obra Arquitectos (\u00a9 Mariano Imperial)\" data-rel=\"lightbox-gallery-1\"><img loading=\"lazy\" decoding=\"async\" width=\"150\" height=\"150\" src=\"https:\/\/www.arquimaster.com.ar\/web\/wp-content\/uploads\/2024\/02\/casa_pirca2-150x150.jpg\" class=\"attachment-thumbnail size-thumbnail\" alt=\"Casa Pirca \/ En Obra Arquitectos\" aria-describedby=\"gallery-1-78184\" \/><\/a>\n\t\t\t<\/div>\n\t\t\t\t<figcaption class='wp-caption-text gallery-caption' id='gallery-1-78184'>\n\t\t\t\tCasa Pirca \/ En Obra Arquitectos (\u00a9 Mariano Imperial)\n\t\t\t\t<\/figcaption><\/figure><figure class='gallery-item'>\n\t\t\t<div class='gallery-icon portrait'>\n\t\t\t\t<a href='https:\/\/www.arquimaster.com.ar\/web\/wp-content\/uploads\/2024\/02\/casa_pirca3.jpg' title=\"Casa Pirca \/ En Obra Arquitectos (\u00a9 Mariano Imperial)\" data-rl_title=\"Casa Pirca \/ En Obra Arquitectos (\u00a9 Mariano Imperial)\" class=\"rl-gallery-link\" data-rl_caption=\"Casa Pirca \/ En Obra Arquitectos (\u00a9 Mariano Imperial)\" data-rel=\"lightbox-gallery-1\"><img loading=\"lazy\" decoding=\"async\" width=\"150\" height=\"150\" src=\"https:\/\/www.arquimaster.com.ar\/web\/wp-content\/uploads\/2024\/02\/casa_pirca3-150x150.jpg\" class=\"attachment-thumbnail size-thumbnail\" alt=\"Casa Pirca \/ En Obra Arquitectos\" aria-describedby=\"gallery-1-78185\" \/><\/a>\n\t\t\t<\/div>\n\t\t\t\t<figcaption class='wp-caption-text gallery-caption' id='gallery-1-78185'>\n\t\t\t\tCasa Pirca \/ En Obra Arquitectos (\u00a9 Mariano Imperial)\n\t\t\t\t<\/figcaption><\/figure><figure class='gallery-item'>\n\t\t\t<div class='gallery-icon portrait'>\n\t\t\t\t<a href='https:\/\/www.arquimaster.com.ar\/web\/wp-content\/uploads\/2024\/02\/casa_pirca4.jpg' title=\"Casa Pirca \/ En Obra Arquitectos (\u00a9 Mariano Imperial)\" data-rl_title=\"Casa Pirca \/ En Obra Arquitectos (\u00a9 Mariano Imperial)\" class=\"rl-gallery-link\" data-rl_caption=\"Casa Pirca \/ En Obra Arquitectos (\u00a9 Mariano Imperial)\" data-rel=\"lightbox-gallery-1\"><img loading=\"lazy\" decoding=\"async\" width=\"150\" height=\"150\" src=\"https:\/\/www.arquimaster.com.ar\/web\/wp-content\/uploads\/2024\/02\/casa_pirca4-150x150.jpg\" class=\"attachment-thumbnail size-thumbnail\" alt=\"Casa Pirca \/ En Obra Arquitectos\" aria-describedby=\"gallery-1-78186\" \/><\/a>\n\t\t\t<\/div>\n\t\t\t\t<figcaption class='wp-caption-text gallery-caption' id='gallery-1-78186'>\n\t\t\t\tCasa Pirca \/ En Obra Arquitectos (\u00a9 Mariano Imperial)\n\t\t\t\t<\/figcaption><\/figure><figure class='gallery-item'>\n\t\t\t<div class='gallery-icon portrait'>\n\t\t\t\t<a href='https:\/\/www.arquimaster.com.ar\/web\/wp-content\/uploads\/2024\/02\/casa_pirca5.jpg' title=\"Casa Pirca \/ En Obra Arquitectos (\u00a9 Mariano Imperial)\" data-rl_title=\"Casa Pirca \/ En Obra Arquitectos (\u00a9 Mariano Imperial)\" class=\"rl-gallery-link\" data-rl_caption=\"Casa Pirca \/ En Obra Arquitectos (\u00a9 Mariano Imperial)\" data-rel=\"lightbox-gallery-1\"><img loading=\"lazy\" decoding=\"async\" width=\"150\" height=\"150\" src=\"https:\/\/www.arquimaster.com.ar\/web\/wp-content\/uploads\/2024\/02\/casa_pirca5-150x150.jpg\" class=\"attachment-thumbnail size-thumbnail\" alt=\"Casa Pirca \/ En Obra Arquitectos\" aria-describedby=\"gallery-1-78187\" \/><\/a>\n\t\t\t<\/div>\n\t\t\t\t<figcaption class='wp-caption-text gallery-caption' id='gallery-1-78187'>\n\t\t\t\tCasa Pirca \/ En Obra Arquitectos (\u00a9 Mariano Imperial)\n\t\t\t\t<\/figcaption><\/figure><figure class='gallery-item'>\n\t\t\t<div class='gallery-icon landscape'>\n\t\t\t\t<a href='https:\/\/www.arquimaster.com.ar\/web\/wp-content\/uploads\/2024\/02\/casa_pirca6.jpg' title=\"Casa Pirca \/ En Obra Arquitectos (\u00a9 Mariano Imperial)\" data-rl_title=\"Casa Pirca \/ En Obra Arquitectos (\u00a9 Mariano Imperial)\" class=\"rl-gallery-link\" data-rl_caption=\"Casa Pirca \/ En Obra Arquitectos (\u00a9 Mariano Imperial)\" data-rel=\"lightbox-gallery-1\"><img loading=\"lazy\" decoding=\"async\" width=\"150\" height=\"150\" src=\"https:\/\/www.arquimaster.com.ar\/web\/wp-content\/uploads\/2024\/02\/casa_pirca6-150x150.jpg\" class=\"attachment-thumbnail size-thumbnail\" alt=\"Casa Pirca \/ En Obra Arquitectos\" aria-describedby=\"gallery-1-78188\" \/><\/a>\n\t\t\t<\/div>\n\t\t\t\t<figcaption class='wp-caption-text gallery-caption' id='gallery-1-78188'>\n\t\t\t\tCasa Pirca \/ En Obra Arquitectos (\u00a9 Mariano Imperial)\n\t\t\t\t<\/figcaption><\/figure><figure class='gallery-item'>\n\t\t\t<div class='gallery-icon landscape'>\n\t\t\t\t<a href='https:\/\/www.arquimaster.com.ar\/web\/wp-content\/uploads\/2024\/02\/casa_pirca7.jpg' title=\"Casa Pirca \/ En Obra Arquitectos (\u00a9 Mariano Imperial)\" data-rl_title=\"Casa Pirca \/ En Obra Arquitectos (\u00a9 Mariano Imperial)\" class=\"rl-gallery-link\" data-rl_caption=\"Casa Pirca \/ En Obra Arquitectos (\u00a9 Mariano Imperial)\" data-rel=\"lightbox-gallery-1\"><img loading=\"lazy\" decoding=\"async\" width=\"150\" height=\"150\" src=\"https:\/\/www.arquimaster.com.ar\/web\/wp-content\/uploads\/2024\/02\/casa_pirca7-150x150.jpg\" class=\"attachment-thumbnail size-thumbnail\" alt=\"Casa Pirca \/ En Obra Arquitectos\" aria-describedby=\"gallery-1-78189\" \/><\/a>\n\t\t\t<\/div>\n\t\t\t\t<figcaption class='wp-caption-text gallery-caption' id='gallery-1-78189'>\n\t\t\t\tCasa Pirca \/ En Obra Arquitectos (\u00a9 Mariano Imperial)\n\t\t\t\t<\/figcaption><\/figure><figure class='gallery-item'>\n\t\t\t<div class='gallery-icon landscape'>\n\t\t\t\t<a href='https:\/\/www.arquimaster.com.ar\/web\/wp-content\/uploads\/2024\/02\/casa_pirca8.jpg' title=\"Casa Pirca \/ En Obra Arquitectos (\u00a9 Mariano Imperial)\" data-rl_title=\"Casa Pirca \/ En Obra Arquitectos (\u00a9 Mariano Imperial)\" class=\"rl-gallery-link\" data-rl_caption=\"Casa Pirca \/ En Obra Arquitectos (\u00a9 Mariano Imperial)\" data-rel=\"lightbox-gallery-1\"><img loading=\"lazy\" decoding=\"async\" width=\"150\" height=\"150\" src=\"https:\/\/www.arquimaster.com.ar\/web\/wp-content\/uploads\/2024\/02\/casa_pirca8-150x150.jpg\" class=\"attachment-thumbnail size-thumbnail\" alt=\"Casa Pirca \/ En Obra Arquitectos\" aria-describedby=\"gallery-1-78190\" \/><\/a>\n\t\t\t<\/div>\n\t\t\t\t<figcaption class='wp-caption-text gallery-caption' id='gallery-1-78190'>\n\t\t\t\tCasa Pirca \/ En Obra Arquitectos (\u00a9 Mariano Imperial)\n\t\t\t\t<\/figcaption><\/figure><figure class='gallery-item'>\n\t\t\t<div class='gallery-icon landscape'>\n\t\t\t\t<a href='https:\/\/www.arquimaster.com.ar\/web\/wp-content\/uploads\/2024\/02\/casa_pirca9.jpg' title=\"Casa Pirca \/ En Obra Arquitectos (\u00a9 Mariano Imperial)\" data-rl_title=\"Casa Pirca \/ En Obra Arquitectos (\u00a9 Mariano Imperial)\" class=\"rl-gallery-link\" data-rl_caption=\"Casa Pirca \/ En Obra Arquitectos (\u00a9 Mariano Imperial)\" data-rel=\"lightbox-gallery-1\"><img loading=\"lazy\" decoding=\"async\" width=\"150\" height=\"150\" src=\"https:\/\/www.arquimaster.com.ar\/web\/wp-content\/uploads\/2024\/02\/casa_pirca9-150x150.jpg\" class=\"attachment-thumbnail size-thumbnail\" alt=\"Casa Pirca \/ En Obra Arquitectos\" aria-describedby=\"gallery-1-78191\" \/><\/a>\n\t\t\t<\/div>\n\t\t\t\t<figcaption class='wp-caption-text gallery-caption' id='gallery-1-78191'>\n\t\t\t\tCasa Pirca \/ En Obra Arquitectos (\u00a9 Mariano Imperial)\n\t\t\t\t<\/figcaption><\/figure><figure class='gallery-item'>\n\t\t\t<div class='gallery-icon landscape'>\n\t\t\t\t<a href='https:\/\/www.arquimaster.com.ar\/web\/wp-content\/uploads\/2024\/02\/casa_pirca10.jpg' title=\"Casa Pirca \/ En Obra Arquitectos (\u00a9 Mariano Imperial)\" data-rl_title=\"Casa Pirca \/ En Obra Arquitectos (\u00a9 Mariano Imperial)\" class=\"rl-gallery-link\" data-rl_caption=\"Casa Pirca \/ En Obra Arquitectos (\u00a9 Mariano Imperial)\" data-rel=\"lightbox-gallery-1\"><img loading=\"lazy\" decoding=\"async\" width=\"150\" height=\"150\" src=\"https:\/\/www.arquimaster.com.ar\/web\/wp-content\/uploads\/2024\/02\/casa_pirca10-150x150.jpg\" class=\"attachment-thumbnail size-thumbnail\" alt=\"Casa Pirca \/ En Obra Arquitectos\" aria-describedby=\"gallery-1-78192\" \/><\/a>\n\t\t\t<\/div>\n\t\t\t\t<figcaption class='wp-caption-text gallery-caption' id='gallery-1-78192'>\n\t\t\t\tCasa Pirca \/ En Obra Arquitectos (\u00a9 Mariano Imperial)\n\t\t\t\t<\/figcaption><\/figure><figure class='gallery-item'>\n\t\t\t<div class='gallery-icon portrait'>\n\t\t\t\t<a href='https:\/\/www.arquimaster.com.ar\/web\/wp-content\/uploads\/2024\/02\/casa_pirca23.jpg' title=\"Casa Pirca \/ En Obra Arquitectos (\u00a9 Mariano Imperial)\" data-rl_title=\"Casa Pirca \/ En Obra Arquitectos (\u00a9 Mariano Imperial)\" class=\"rl-gallery-link\" data-rl_caption=\"Casa Pirca \/ En Obra Arquitectos (\u00a9 Mariano Imperial)\" data-rel=\"lightbox-gallery-1\"><img loading=\"lazy\" decoding=\"async\" width=\"150\" height=\"150\" src=\"https:\/\/www.arquimaster.com.ar\/web\/wp-content\/uploads\/2024\/02\/casa_pirca23-150x150.jpg\" class=\"attachment-thumbnail size-thumbnail\" alt=\"Casa Pirca \/ En Obra Arquitectos\" aria-describedby=\"gallery-1-78205\" \/><\/a>\n\t\t\t<\/div>\n\t\t\t\t<figcaption class='wp-caption-text gallery-caption' id='gallery-1-78205'>\n\t\t\t\tCasa Pirca \/ En Obra Arquitectos (\u00a9 Mariano Imperial)\n\t\t\t\t<\/figcaption><\/figure><figure class='gallery-item'>\n\t\t\t<div class='gallery-icon portrait'>\n\t\t\t\t<a href='https:\/\/www.arquimaster.com.ar\/web\/wp-content\/uploads\/2024\/02\/casa_pirca22.jpg' title=\"Casa Pirca \/ En Obra Arquitectos (\u00a9 Mariano Imperial)\" data-rl_title=\"Casa Pirca \/ En Obra Arquitectos (\u00a9 Mariano Imperial)\" class=\"rl-gallery-link\" data-rl_caption=\"Casa Pirca \/ En Obra Arquitectos (\u00a9 Mariano Imperial)\" data-rel=\"lightbox-gallery-1\"><img loading=\"lazy\" decoding=\"async\" width=\"150\" height=\"150\" src=\"https:\/\/www.arquimaster.com.ar\/web\/wp-content\/uploads\/2024\/02\/casa_pirca22-150x150.jpg\" class=\"attachment-thumbnail size-thumbnail\" alt=\"Casa Pirca \/ En Obra Arquitectos\" aria-describedby=\"gallery-1-78204\" \/><\/a>\n\t\t\t<\/div>\n\t\t\t\t<figcaption class='wp-caption-text gallery-caption' id='gallery-1-78204'>\n\t\t\t\tCasa Pirca \/ En Obra Arquitectos (\u00a9 Mariano Imperial)\n\t\t\t\t<\/figcaption><\/figure><figure class='gallery-item'>\n\t\t\t<div class='gallery-icon landscape'>\n\t\t\t\t<a href='https:\/\/www.arquimaster.com.ar\/web\/wp-content\/uploads\/2024\/02\/casa_pirca11.jpg' title=\"Casa Pirca \/ En Obra Arquitectos (\u00a9 Mariano Imperial)\" data-rl_title=\"Casa Pirca \/ En Obra Arquitectos (\u00a9 Mariano Imperial)\" class=\"rl-gallery-link\" data-rl_caption=\"Casa Pirca \/ En Obra Arquitectos (\u00a9 Mariano Imperial)\" data-rel=\"lightbox-gallery-1\"><img loading=\"lazy\" decoding=\"async\" width=\"150\" height=\"150\" src=\"https:\/\/www.arquimaster.com.ar\/web\/wp-content\/uploads\/2024\/02\/casa_pirca11-150x150.jpg\" class=\"attachment-thumbnail size-thumbnail\" alt=\"Casa Pirca \/ En Obra Arquitectos\" aria-describedby=\"gallery-1-78193\" \/><\/a>\n\t\t\t<\/div>\n\t\t\t\t<figcaption class='wp-caption-text gallery-caption' id='gallery-1-78193'>\n\t\t\t\tCasa Pirca \/ En Obra Arquitectos (\u00a9 Mariano Imperial)\n\t\t\t\t<\/figcaption><\/figure><figure class='gallery-item'>\n\t\t\t<div class='gallery-icon portrait'>\n\t\t\t\t<a href='https:\/\/www.arquimaster.com.ar\/web\/wp-content\/uploads\/2024\/02\/casa_pirca12.jpg' title=\"Casa Pirca \/ En Obra Arquitectos (\u00a9 Mariano Imperial)\" data-rl_title=\"Casa Pirca \/ En Obra Arquitectos (\u00a9 Mariano Imperial)\" class=\"rl-gallery-link\" data-rl_caption=\"Casa Pirca \/ En Obra Arquitectos (\u00a9 Mariano Imperial)\" data-rel=\"lightbox-gallery-1\"><img loading=\"lazy\" decoding=\"async\" width=\"150\" height=\"150\" src=\"https:\/\/www.arquimaster.com.ar\/web\/wp-content\/uploads\/2024\/02\/casa_pirca12-150x150.jpg\" class=\"attachment-thumbnail size-thumbnail\" alt=\"Casa Pirca \/ En Obra Arquitectos\" aria-describedby=\"gallery-1-78194\" \/><\/a>\n\t\t\t<\/div>\n\t\t\t\t<figcaption class='wp-caption-text gallery-caption' id='gallery-1-78194'>\n\t\t\t\tCasa Pirca \/ En Obra Arquitectos (\u00a9 Mariano Imperial)\n\t\t\t\t<\/figcaption><\/figure><figure class='gallery-item'>\n\t\t\t<div class='gallery-icon landscape'>\n\t\t\t\t<a href='https:\/\/www.arquimaster.com.ar\/web\/wp-content\/uploads\/2024\/02\/casa_pirca13.jpg' title=\"Casa Pirca \/ En Obra Arquitectos (\u00a9 Mariano Imperial)\" data-rl_title=\"Casa Pirca \/ En Obra Arquitectos (\u00a9 Mariano Imperial)\" class=\"rl-gallery-link\" data-rl_caption=\"Casa Pirca \/ En Obra Arquitectos (\u00a9 Mariano Imperial)\" data-rel=\"lightbox-gallery-1\"><img loading=\"lazy\" decoding=\"async\" width=\"150\" height=\"150\" src=\"https:\/\/www.arquimaster.com.ar\/web\/wp-content\/uploads\/2024\/02\/casa_pirca13-150x150.jpg\" class=\"attachment-thumbnail size-thumbnail\" alt=\"Casa Pirca \/ En Obra Arquitectos\" aria-describedby=\"gallery-1-78195\" \/><\/a>\n\t\t\t<\/div>\n\t\t\t\t<figcaption class='wp-caption-text gallery-caption' id='gallery-1-78195'>\n\t\t\t\tCasa Pirca \/ En Obra Arquitectos (\u00a9 Mariano Imperial)\n\t\t\t\t<\/figcaption><\/figure><figure class='gallery-item'>\n\t\t\t<div class='gallery-icon landscape'>\n\t\t\t\t<a href='https:\/\/www.arquimaster.com.ar\/web\/wp-content\/uploads\/2024\/02\/casa_pirca14.jpg' title=\"Casa Pirca \/ En Obra Arquitectos (\u00a9 Mariano Imperial)\" data-rl_title=\"Casa Pirca \/ En Obra Arquitectos (\u00a9 Mariano Imperial)\" class=\"rl-gallery-link\" data-rl_caption=\"Casa Pirca \/ En Obra Arquitectos (\u00a9 Mariano Imperial)\" data-rel=\"lightbox-gallery-1\"><img loading=\"lazy\" decoding=\"async\" width=\"150\" height=\"150\" src=\"https:\/\/www.arquimaster.com.ar\/web\/wp-content\/uploads\/2024\/02\/casa_pirca14-150x150.jpg\" class=\"attachment-thumbnail size-thumbnail\" alt=\"Casa Pirca \/ En Obra Arquitectos\" aria-describedby=\"gallery-1-78196\" \/><\/a>\n\t\t\t<\/div>\n\t\t\t\t<figcaption class='wp-caption-text gallery-caption' id='gallery-1-78196'>\n\t\t\t\tCasa Pirca \/ En Obra Arquitectos (\u00a9 Mariano Imperial)\n\t\t\t\t<\/figcaption><\/figure><figure class='gallery-item'>\n\t\t\t<div class='gallery-icon landscape'>\n\t\t\t\t<a href='https:\/\/www.arquimaster.com.ar\/web\/wp-content\/uploads\/2024\/02\/casa_pirca15.jpg' title=\"Casa Pirca \/ En Obra Arquitectos (\u00a9 Mariano Imperial)\" data-rl_title=\"Casa Pirca \/ En Obra Arquitectos (\u00a9 Mariano Imperial)\" class=\"rl-gallery-link\" data-rl_caption=\"Casa Pirca \/ En Obra Arquitectos (\u00a9 Mariano Imperial)\" data-rel=\"lightbox-gallery-1\"><img loading=\"lazy\" decoding=\"async\" width=\"150\" height=\"150\" src=\"https:\/\/www.arquimaster.com.ar\/web\/wp-content\/uploads\/2024\/02\/casa_pirca15-150x150.jpg\" class=\"attachment-thumbnail size-thumbnail\" alt=\"Casa Pirca \/ En Obra Arquitectos\" aria-describedby=\"gallery-1-78197\" \/><\/a>\n\t\t\t<\/div>\n\t\t\t\t<figcaption class='wp-caption-text gallery-caption' id='gallery-1-78197'>\n\t\t\t\tCasa Pirca \/ En Obra Arquitectos (\u00a9 Mariano Imperial)\n\t\t\t\t<\/figcaption><\/figure><figure class='gallery-item'>\n\t\t\t<div class='gallery-icon portrait'>\n\t\t\t\t<a href='https:\/\/www.arquimaster.com.ar\/web\/wp-content\/uploads\/2024\/02\/casa_pirca16.jpg' title=\"Casa Pirca \/ En Obra Arquitectos (\u00a9 Mariano Imperial)\" data-rl_title=\"Casa Pirca \/ En Obra Arquitectos (\u00a9 Mariano Imperial)\" class=\"rl-gallery-link\" data-rl_caption=\"Casa Pirca \/ En Obra Arquitectos (\u00a9 Mariano Imperial)\" data-rel=\"lightbox-gallery-1\"><img loading=\"lazy\" decoding=\"async\" width=\"150\" height=\"150\" src=\"https:\/\/www.arquimaster.com.ar\/web\/wp-content\/uploads\/2024\/02\/casa_pirca16-150x150.jpg\" class=\"attachment-thumbnail size-thumbnail\" alt=\"Casa Pirca \/ En Obra Arquitectos\" aria-describedby=\"gallery-1-78198\" \/><\/a>\n\t\t\t<\/div>\n\t\t\t\t<figcaption class='wp-caption-text gallery-caption' id='gallery-1-78198'>\n\t\t\t\tCasa Pirca \/ En Obra Arquitectos (\u00a9 Mariano Imperial)\n\t\t\t\t<\/figcaption><\/figure><figure class='gallery-item'>\n\t\t\t<div class='gallery-icon portrait'>\n\t\t\t\t<a href='https:\/\/www.arquimaster.com.ar\/web\/wp-content\/uploads\/2024\/02\/casa_pirca17.jpg' title=\"Casa Pirca \/ En Obra Arquitectos (\u00a9 Mariano Imperial)\" data-rl_title=\"Casa Pirca \/ En Obra Arquitectos (\u00a9 Mariano Imperial)\" class=\"rl-gallery-link\" data-rl_caption=\"Casa Pirca \/ En Obra Arquitectos (\u00a9 Mariano Imperial)\" data-rel=\"lightbox-gallery-1\"><img loading=\"lazy\" decoding=\"async\" width=\"150\" height=\"150\" src=\"https:\/\/www.arquimaster.com.ar\/web\/wp-content\/uploads\/2024\/02\/casa_pirca17-150x150.jpg\" class=\"attachment-thumbnail size-thumbnail\" alt=\"Casa Pirca \/ En Obra Arquitectos\" aria-describedby=\"gallery-1-78199\" \/><\/a>\n\t\t\t<\/div>\n\t\t\t\t<figcaption class='wp-caption-text gallery-caption' id='gallery-1-78199'>\n\t\t\t\tCasa Pirca \/ En Obra Arquitectos (\u00a9 Mariano Imperial)\n\t\t\t\t<\/figcaption><\/figure><figure class='gallery-item'>\n\t\t\t<div class='gallery-icon portrait'>\n\t\t\t\t<a href='https:\/\/www.arquimaster.com.ar\/web\/wp-content\/uploads\/2024\/02\/casa_pirca18.jpg' title=\"Casa Pirca \/ En Obra Arquitectos (\u00a9 Mariano Imperial)\" data-rl_title=\"Casa Pirca \/ En Obra Arquitectos (\u00a9 Mariano Imperial)\" class=\"rl-gallery-link\" data-rl_caption=\"Casa Pirca \/ En Obra Arquitectos (\u00a9 Mariano Imperial)\" data-rel=\"lightbox-gallery-1\"><img loading=\"lazy\" decoding=\"async\" width=\"150\" height=\"150\" src=\"https:\/\/www.arquimaster.com.ar\/web\/wp-content\/uploads\/2024\/02\/casa_pirca18-150x150.jpg\" class=\"attachment-thumbnail size-thumbnail\" alt=\"Casa Pirca \/ En Obra Arquitectos\" aria-describedby=\"gallery-1-78200\" \/><\/a>\n\t\t\t<\/div>\n\t\t\t\t<figcaption class='wp-caption-text gallery-caption' id='gallery-1-78200'>\n\t\t\t\tCasa Pirca \/ En Obra Arquitectos (\u00a9 Mariano Imperial)\n\t\t\t\t<\/figcaption><\/figure><figure class='gallery-item'>\n\t\t\t<div class='gallery-icon landscape'>\n\t\t\t\t<a href='https:\/\/www.arquimaster.com.ar\/web\/wp-content\/uploads\/2024\/02\/casa_pirca19.jpg' title=\"Casa Pirca \/ En Obra Arquitectos (\u00a9 Mariano Imperial)\" data-rl_title=\"Casa Pirca \/ En Obra Arquitectos (\u00a9 Mariano Imperial)\" class=\"rl-gallery-link\" data-rl_caption=\"Casa Pirca \/ En Obra Arquitectos (\u00a9 Mariano Imperial)\" data-rel=\"lightbox-gallery-1\"><img loading=\"lazy\" decoding=\"async\" width=\"150\" height=\"150\" src=\"https:\/\/www.arquimaster.com.ar\/web\/wp-content\/uploads\/2024\/02\/casa_pirca19-150x150.jpg\" class=\"attachment-thumbnail size-thumbnail\" alt=\"Casa Pirca \/ En Obra Arquitectos\" aria-describedby=\"gallery-1-78201\" \/><\/a>\n\t\t\t<\/div>\n\t\t\t\t<figcaption class='wp-caption-text gallery-caption' id='gallery-1-78201'>\n\t\t\t\tCasa Pirca \/ En Obra Arquitectos (\u00a9 Mariano Imperial)\n\t\t\t\t<\/figcaption><\/figure><figure class='gallery-item'>\n\t\t\t<div class='gallery-icon portrait'>\n\t\t\t\t<a href='https:\/\/www.arquimaster.com.ar\/web\/wp-content\/uploads\/2024\/02\/casa_pirca20.jpg' title=\"Casa Pirca \/ En Obra Arquitectos (\u00a9 Mariano Imperial)\" data-rl_title=\"Casa Pirca \/ En Obra Arquitectos (\u00a9 Mariano Imperial)\" class=\"rl-gallery-link\" data-rl_caption=\"Casa Pirca \/ En Obra Arquitectos (\u00a9 Mariano Imperial)\" data-rel=\"lightbox-gallery-1\"><img loading=\"lazy\" decoding=\"async\" width=\"150\" height=\"150\" src=\"https:\/\/www.arquimaster.com.ar\/web\/wp-content\/uploads\/2024\/02\/casa_pirca20-150x150.jpg\" class=\"attachment-thumbnail size-thumbnail\" alt=\"Casa Pirca \/ En Obra Arquitectos\" aria-describedby=\"gallery-1-78202\" \/><\/a>\n\t\t\t<\/div>\n\t\t\t\t<figcaption class='wp-caption-text gallery-caption' id='gallery-1-78202'>\n\t\t\t\tCasa Pirca \/ En Obra Arquitectos (\u00a9 Mariano Imperial)\n\t\t\t\t<\/figcaption><\/figure><figure class='gallery-item'>\n\t\t\t<div class='gallery-icon landscape'>\n\t\t\t\t<a href='https:\/\/www.arquimaster.com.ar\/web\/wp-content\/uploads\/2024\/02\/casa_pirca21.jpg' title=\"Casa Pirca \/ En Obra Arquitectos (\u00a9 Mariano Imperial)\" data-rl_title=\"Casa Pirca \/ En Obra Arquitectos (\u00a9 Mariano Imperial)\" class=\"rl-gallery-link\" data-rl_caption=\"Casa Pirca \/ En Obra Arquitectos (\u00a9 Mariano Imperial)\" data-rel=\"lightbox-gallery-1\"><img loading=\"lazy\" decoding=\"async\" width=\"150\" height=\"150\" src=\"https:\/\/www.arquimaster.com.ar\/web\/wp-content\/uploads\/2024\/02\/casa_pirca21-150x150.jpg\" class=\"attachment-thumbnail size-thumbnail\" alt=\"Casa Pirca \/ En Obra Arquitectos\" aria-describedby=\"gallery-1-78203\" \/><\/a>\n\t\t\t<\/div>\n\t\t\t\t<figcaption class='wp-caption-text gallery-caption' id='gallery-1-78203'>\n\t\t\t\tCasa Pirca \/ En Obra Arquitectos (\u00a9 Mariano Imperial)\n\t\t\t\t<\/figcaption><\/figure><figure class='gallery-item'>\n\t\t\t<div class='gallery-icon landscape'>\n\t\t\t\t<a href='https:\/\/www.arquimaster.com.ar\/web\/wp-content\/uploads\/2024\/02\/casa_pirca24.jpg' title=\"Casa Pirca \/ En Obra Arquitectos (\u00a9 Mariano Imperial)\" data-rl_title=\"Casa Pirca \/ En Obra Arquitectos (\u00a9 Mariano Imperial)\" class=\"rl-gallery-link\" data-rl_caption=\"Casa Pirca \/ En Obra Arquitectos (\u00a9 Mariano Imperial)\" data-rel=\"lightbox-gallery-1\"><img loading=\"lazy\" decoding=\"async\" width=\"150\" height=\"150\" src=\"https:\/\/www.arquimaster.com.ar\/web\/wp-content\/uploads\/2024\/02\/casa_pirca24-150x150.jpg\" class=\"attachment-thumbnail size-thumbnail\" alt=\"Casa Pirca \/ En Obra Arquitectos\" aria-describedby=\"gallery-1-78206\" \/><\/a>\n\t\t\t<\/div>\n\t\t\t\t<figcaption class='wp-caption-text gallery-caption' id='gallery-1-78206'>\n\t\t\t\tCasa Pirca \/ En Obra Arquitectos (\u00a9 Mariano Imperial)\n\t\t\t\t<\/figcaption><\/figure><figure class='gallery-item'>\n\t\t\t<div class='gallery-icon portrait'>\n\t\t\t\t<a href='https:\/\/www.arquimaster.com.ar\/web\/wp-content\/uploads\/2024\/02\/casa_pirca25.jpg' title=\"Casa Pirca \/ En Obra Arquitectos (\u00a9 Mariano Imperial)\" data-rl_title=\"Casa Pirca \/ En Obra Arquitectos (\u00a9 Mariano Imperial)\" class=\"rl-gallery-link\" data-rl_caption=\"Casa Pirca \/ En Obra Arquitectos (\u00a9 Mariano Imperial)\" data-rel=\"lightbox-gallery-1\"><img loading=\"lazy\" decoding=\"async\" width=\"150\" height=\"150\" src=\"https:\/\/www.arquimaster.com.ar\/web\/wp-content\/uploads\/2024\/02\/casa_pirca25-150x150.jpg\" class=\"attachment-thumbnail size-thumbnail\" alt=\"Casa Pirca \/ En Obra Arquitectos\" aria-describedby=\"gallery-1-78207\" \/><\/a>\n\t\t\t<\/div>\n\t\t\t\t<figcaption class='wp-caption-text gallery-caption' id='gallery-1-78207'>\n\t\t\t\tCasa Pirca \/ En Obra Arquitectos (\u00a9 Mariano Imperial)\n\t\t\t\t<\/figcaption><\/figure><figure class='gallery-item'>\n\t\t\t<div class='gallery-icon portrait'>\n\t\t\t\t<a href='https:\/\/www.arquimaster.com.ar\/web\/wp-content\/uploads\/2024\/02\/casa_pirca26.jpg' title=\"Casa Pirca \/ En Obra Arquitectos (\u00a9 Mariano Imperial)\" data-rl_title=\"Casa Pirca \/ En Obra Arquitectos (\u00a9 Mariano Imperial)\" class=\"rl-gallery-link\" data-rl_caption=\"Casa Pirca \/ En Obra Arquitectos (\u00a9 Mariano Imperial)\" data-rel=\"lightbox-gallery-1\"><img loading=\"lazy\" decoding=\"async\" width=\"150\" height=\"150\" src=\"https:\/\/www.arquimaster.com.ar\/web\/wp-content\/uploads\/2024\/02\/casa_pirca26-150x150.jpg\" class=\"attachment-thumbnail size-thumbnail\" alt=\"Casa Pirca \/ En Obra Arquitectos\" aria-describedby=\"gallery-1-78208\" \/><\/a>\n\t\t\t<\/div>\n\t\t\t\t<figcaption class='wp-caption-text gallery-caption' id='gallery-1-78208'>\n\t\t\t\tCasa Pirca \/ En Obra Arquitectos (\u00a9 Mariano Imperial)\n\t\t\t\t<\/figcaption><\/figure><figure class='gallery-item'>\n\t\t\t<div class='gallery-icon landscape'>\n\t\t\t\t<a href='https:\/\/www.arquimaster.com.ar\/web\/wp-content\/uploads\/2024\/02\/casa_pirca27.jpg' title=\"Casa Pirca \/ En Obra Arquitectos (\u00a9 Mariano Imperial)\" data-rl_title=\"Casa Pirca \/ En Obra Arquitectos (\u00a9 Mariano Imperial)\" class=\"rl-gallery-link\" data-rl_caption=\"Casa Pirca \/ En Obra Arquitectos (\u00a9 Mariano Imperial)\" data-rel=\"lightbox-gallery-1\"><img loading=\"lazy\" decoding=\"async\" width=\"150\" height=\"150\" src=\"https:\/\/www.arquimaster.com.ar\/web\/wp-content\/uploads\/2024\/02\/casa_pirca27-150x150.jpg\" class=\"attachment-thumbnail size-thumbnail\" alt=\"Casa Pirca \/ En Obra Arquitectos\" aria-describedby=\"gallery-1-78209\" \/><\/a>\n\t\t\t<\/div>\n\t\t\t\t<figcaption class='wp-caption-text gallery-caption' id='gallery-1-78209'>\n\t\t\t\tCasa Pirca \/ En Obra Arquitectos (\u00a9 Mariano Imperial)\n\t\t\t\t<\/figcaption><\/figure><figure class='gallery-item'>\n\t\t\t<div class='gallery-icon landscape'>\n\t\t\t\t<a href='https:\/\/www.arquimaster.com.ar\/web\/wp-content\/uploads\/2024\/02\/casa_pirca28.jpg' title=\"Casa Pirca \/ En Obra Arquitectos (\u00a9 Mariano Imperial)\" data-rl_title=\"Casa Pirca \/ En Obra Arquitectos (\u00a9 Mariano Imperial)\" class=\"rl-gallery-link\" data-rl_caption=\"Casa Pirca \/ En Obra Arquitectos (\u00a9 Mariano Imperial)\" data-rel=\"lightbox-gallery-1\"><img loading=\"lazy\" decoding=\"async\" width=\"150\" height=\"150\" src=\"https:\/\/www.arquimaster.com.ar\/web\/wp-content\/uploads\/2024\/02\/casa_pirca28-150x150.jpg\" class=\"attachment-thumbnail size-thumbnail\" alt=\"Casa Pirca \/ En Obra Arquitectos\" aria-describedby=\"gallery-1-78210\" \/><\/a>\n\t\t\t<\/div>\n\t\t\t\t<figcaption class='wp-caption-text gallery-caption' id='gallery-1-78210'>\n\t\t\t\tCasa Pirca \/ En Obra Arquitectos (\u00a9 Mariano Imperial)\n\t\t\t\t<\/figcaption><\/figure><figure class='gallery-item'>\n\t\t\t<div class='gallery-icon landscape'>\n\t\t\t\t<a href='https:\/\/www.arquimaster.com.ar\/web\/wp-content\/uploads\/2024\/02\/casa_pirca29.jpg' title=\"Casa Pirca \/ En Obra Arquitectos (\u00a9 Mariano Imperial)\" data-rl_title=\"Casa Pirca \/ En Obra Arquitectos (\u00a9 Mariano Imperial)\" class=\"rl-gallery-link\" data-rl_caption=\"Casa Pirca \/ En Obra Arquitectos (\u00a9 Mariano Imperial)\" data-rel=\"lightbox-gallery-1\"><img loading=\"lazy\" decoding=\"async\" width=\"150\" height=\"150\" src=\"https:\/\/www.arquimaster.com.ar\/web\/wp-content\/uploads\/2024\/02\/casa_pirca29-150x150.jpg\" class=\"attachment-thumbnail size-thumbnail\" alt=\"Casa Pirca \/ En Obra Arquitectos\" aria-describedby=\"gallery-1-78211\" \/><\/a>\n\t\t\t<\/div>\n\t\t\t\t<figcaption class='wp-caption-text gallery-caption' id='gallery-1-78211'>\n\t\t\t\tCasa Pirca \/ En Obra Arquitectos (\u00a9 Mariano Imperial)\n\t\t\t\t<\/figcaption><\/figure><figure class='gallery-item'>\n\t\t\t<div class='gallery-icon landscape'>\n\t\t\t\t<a href='https:\/\/www.arquimaster.com.ar\/web\/wp-content\/uploads\/2024\/02\/casa_pirca30.jpg' title=\"Casa Pirca \/ En Obra Arquitectos (\u00a9 Mariano Imperial)\" data-rl_title=\"Casa Pirca \/ En Obra Arquitectos (\u00a9 Mariano Imperial)\" class=\"rl-gallery-link\" data-rl_caption=\"Casa Pirca \/ En Obra Arquitectos (\u00a9 Mariano Imperial)\" data-rel=\"lightbox-gallery-1\"><img loading=\"lazy\" decoding=\"async\" width=\"150\" height=\"150\" src=\"https:\/\/www.arquimaster.com.ar\/web\/wp-content\/uploads\/2024\/02\/casa_pirca30-150x150.jpg\" class=\"attachment-thumbnail size-thumbnail\" alt=\"Casa Pirca \/ En Obra Arquitectos\" aria-describedby=\"gallery-1-78212\" \/><\/a>\n\t\t\t<\/div>\n\t\t\t\t<figcaption class='wp-caption-text gallery-caption' id='gallery-1-78212'>\n\t\t\t\tCasa Pirca \/ En Obra Arquitectos (\u00a9 Mariano Imperial)\n\t\t\t\t<\/figcaption><\/figure><figure class='gallery-item'>\n\t\t\t<div class='gallery-icon landscape'>\n\t\t\t\t<a href='https:\/\/www.arquimaster.com.ar\/web\/wp-content\/uploads\/2024\/02\/casa_pirca31.jpg' title=\"Casa Pirca \/ En Obra Arquitectos (planta baja)\" data-rl_title=\"Casa Pirca \/ En Obra Arquitectos (planta baja)\" class=\"rl-gallery-link\" data-rl_caption=\"Casa Pirca \/ En Obra Arquitectos (planta baja)\" data-rel=\"lightbox-gallery-1\"><img loading=\"lazy\" decoding=\"async\" width=\"150\" height=\"150\" src=\"https:\/\/www.arquimaster.com.ar\/web\/wp-content\/uploads\/2024\/02\/casa_pirca31-150x150.jpg\" class=\"attachment-thumbnail size-thumbnail\" alt=\"Casa Pirca \/ En Obra Arquitectos\" aria-describedby=\"gallery-1-78213\" \/><\/a>\n\t\t\t<\/div>\n\t\t\t\t<figcaption class='wp-caption-text gallery-caption' id='gallery-1-78213'>\n\t\t\t\tCasa Pirca \/ En Obra Arquitectos (planta baja)\n\t\t\t\t<\/figcaption><\/figure><figure class='gallery-item'>\n\t\t\t<div class='gallery-icon landscape'>\n\t\t\t\t<a href='https:\/\/www.arquimaster.com.ar\/web\/wp-content\/uploads\/2024\/02\/casa_pirca32.jpg' title=\"Casa Pirca \/ En Obra Arquitectos (planta alta)\" data-rl_title=\"Casa Pirca \/ En Obra Arquitectos (planta alta)\" class=\"rl-gallery-link\" data-rl_caption=\"Casa Pirca \/ En Obra Arquitectos (planta alta)\" data-rel=\"lightbox-gallery-1\"><img loading=\"lazy\" decoding=\"async\" width=\"150\" height=\"150\" src=\"https:\/\/www.arquimaster.com.ar\/web\/wp-content\/uploads\/2024\/02\/casa_pirca32-150x150.jpg\" class=\"attachment-thumbnail size-thumbnail\" alt=\"Casa Pirca \/ En Obra Arquitectos\" aria-describedby=\"gallery-1-78214\" \/><\/a>\n\t\t\t<\/div>\n\t\t\t\t<figcaption class='wp-caption-text gallery-caption' id='gallery-1-78214'>\n\t\t\t\tCasa Pirca \/ En Obra Arquitectos (planta alta)\n\t\t\t\t<\/figcaption><\/figure><figure class='gallery-item'>\n\t\t\t<div class='gallery-icon landscape'>\n\t\t\t\t<a href='https:\/\/www.arquimaster.com.ar\/web\/wp-content\/uploads\/2024\/02\/casa_pirca33.jpg' title=\"Casa Pirca \/ En Obra Arquitectos (planta de techos)\" data-rl_title=\"Casa Pirca \/ En Obra Arquitectos (planta de techos)\" class=\"rl-gallery-link\" data-rl_caption=\"Casa Pirca \/ En Obra Arquitectos (planta de techos)\" data-rel=\"lightbox-gallery-1\"><img loading=\"lazy\" decoding=\"async\" width=\"150\" height=\"150\" src=\"https:\/\/www.arquimaster.com.ar\/web\/wp-content\/uploads\/2024\/02\/casa_pirca33-150x150.jpg\" class=\"attachment-thumbnail size-thumbnail\" alt=\"Casa Pirca \/ En Obra Arquitectos\" aria-describedby=\"gallery-1-78215\" \/><\/a>\n\t\t\t<\/div>\n\t\t\t\t<figcaption class='wp-caption-text gallery-caption' id='gallery-1-78215'>\n\t\t\t\tCasa Pirca \/ En Obra Arquitectos (planta de techos)\n\t\t\t\t<\/figcaption><\/figure><figure class='gallery-item'>\n\t\t\t<div class='gallery-icon landscape'>\n\t\t\t\t<a href='https:\/\/www.arquimaster.com.ar\/web\/wp-content\/uploads\/2024\/02\/casa_pirca34.jpg' title=\"Casa Pirca \/ En Obra Arquitectos (corte)\" data-rl_title=\"Casa Pirca \/ En Obra Arquitectos (corte)\" class=\"rl-gallery-link\" data-rl_caption=\"Casa Pirca \/ En Obra Arquitectos (corte)\" data-rel=\"lightbox-gallery-1\"><img loading=\"lazy\" decoding=\"async\" width=\"150\" height=\"150\" src=\"https:\/\/www.arquimaster.com.ar\/web\/wp-content\/uploads\/2024\/02\/casa_pirca34-150x150.jpg\" class=\"attachment-thumbnail size-thumbnail\" alt=\"Casa Pirca \/ En Obra Arquitectos\" aria-describedby=\"gallery-1-78216\" \/><\/a>\n\t\t\t<\/div>\n\t\t\t\t<figcaption class='wp-caption-text gallery-caption' id='gallery-1-78216'>\n\t\t\t\tCasa Pirca \/ En Obra Arquitectos (corte)\n\t\t\t\t<\/figcaption><\/figure><figure class='gallery-item'>\n\t\t\t<div class='gallery-icon landscape'>\n\t\t\t\t<a href='https:\/\/www.arquimaster.com.ar\/web\/wp-content\/uploads\/2024\/02\/casa_pirca35.jpg' title=\"Casa Pirca \/ En Obra Arquitectos (corte)\" data-rl_title=\"Casa Pirca \/ En Obra Arquitectos (corte)\" class=\"rl-gallery-link\" data-rl_caption=\"Casa Pirca \/ En Obra Arquitectos (corte)\" data-rel=\"lightbox-gallery-1\"><img loading=\"lazy\" decoding=\"async\" width=\"150\" height=\"150\" src=\"https:\/\/www.arquimaster.com.ar\/web\/wp-content\/uploads\/2024\/02\/casa_pirca35-150x150.jpg\" class=\"attachment-thumbnail size-thumbnail\" alt=\"Casa Pirca \/ En Obra Arquitectos\" aria-describedby=\"gallery-1-78217\" \/><\/a>\n\t\t\t<\/div>\n\t\t\t\t<figcaption class='wp-caption-text gallery-caption' id='gallery-1-78217'>\n\t\t\t\tCasa Pirca \/ En Obra Arquitectos (corte)\n\t\t\t\t<\/figcaption><\/figure><figure class='gallery-item'>\n\t\t\t<div class='gallery-icon landscape'>\n\t\t\t\t<a href='https:\/\/www.arquimaster.com.ar\/web\/wp-content\/uploads\/2024\/02\/casa_pirca36.jpg' title=\"Casa Pirca \/ En Obra Arquitectos (vista)\" data-rl_title=\"Casa Pirca \/ En Obra Arquitectos (vista)\" class=\"rl-gallery-link\" data-rl_caption=\"Casa Pirca \/ En Obra Arquitectos (vista)\" data-rel=\"lightbox-gallery-1\"><img loading=\"lazy\" decoding=\"async\" width=\"150\" height=\"150\" src=\"https:\/\/www.arquimaster.com.ar\/web\/wp-content\/uploads\/2024\/02\/casa_pirca36-150x150.jpg\" class=\"attachment-thumbnail size-thumbnail\" alt=\"Casa Pirca \/ En Obra Arquitectos\" aria-describedby=\"gallery-1-78218\" \/><\/a>\n\t\t\t<\/div>\n\t\t\t\t<figcaption class='wp-caption-text gallery-caption' id='gallery-1-78218'>\n\t\t\t\tCasa Pirca \/ En Obra Arquitectos (vista)\n\t\t\t\t<\/figcaption><\/figure><figure class='gallery-item'>\n\t\t\t<div class='gallery-icon landscape'>\n\t\t\t\t<a href='https:\/\/www.arquimaster.com.ar\/web\/wp-content\/uploads\/2024\/02\/casa_pirca37.jpg' title=\"Casa Pirca \/ En Obra Arquitectos (vista)\" data-rl_title=\"Casa Pirca \/ En Obra Arquitectos (vista)\" class=\"rl-gallery-link\" data-rl_caption=\"Casa Pirca \/ En Obra Arquitectos (vista)\" data-rel=\"lightbox-gallery-1\"><img loading=\"lazy\" decoding=\"async\" width=\"150\" height=\"150\" src=\"https:\/\/www.arquimaster.com.ar\/web\/wp-content\/uploads\/2024\/02\/casa_pirca37-150x150.jpg\" class=\"attachment-thumbnail size-thumbnail\" alt=\"Casa Pirca \/ En Obra Arquitectos\" aria-describedby=\"gallery-1-78219\" \/><\/a>\n\t\t\t<\/div>\n\t\t\t\t<figcaption class='wp-caption-text gallery-caption' id='gallery-1-78219'>\n\t\t\t\tCasa Pirca \/ En Obra Arquitectos (vista)\n\t\t\t\t<\/figcaption><\/figure><figure class='gallery-item'>\n\t\t\t<div class='gallery-icon landscape'>\n\t\t\t\t<a href='https:\/\/www.arquimaster.com.ar\/web\/wp-content\/uploads\/2024\/02\/casa_pirca38.jpg' title=\"Casa Pirca \/ En Obra Arquitectos (axonometria)\" data-rl_title=\"Casa Pirca \/ En Obra Arquitectos (axonometria)\" class=\"rl-gallery-link\" data-rl_caption=\"Casa Pirca \/ En Obra Arquitectos (axonometria)\" data-rel=\"lightbox-gallery-1\"><img loading=\"lazy\" decoding=\"async\" width=\"150\" height=\"150\" src=\"https:\/\/www.arquimaster.com.ar\/web\/wp-content\/uploads\/2024\/02\/casa_pirca38-150x150.jpg\" class=\"attachment-thumbnail size-thumbnail\" alt=\"Casa Pirca \/ En Obra Arquitectos\" aria-describedby=\"gallery-1-78220\" \/><\/a>\n\t\t\t<\/div>\n\t\t\t\t<figcaption class='wp-caption-text gallery-caption' id='gallery-1-78220'>\n\t\t\t\tCasa Pirca \/ En Obra Arquitectos (axonometria)\n\t\t\t\t<\/figcaption><\/figure><figure class='gallery-item'>\n\t\t\t<div class='gallery-icon landscape'>\n\t\t\t\t<a href='https:\/\/www.arquimaster.com.ar\/web\/wp-content\/uploads\/2024\/02\/casa_pirca39.jpg' title=\"Casa Pirca \/ En Obra Arquitectos (axonometria)\" data-rl_title=\"Casa Pirca \/ En Obra Arquitectos (axonometria)\" class=\"rl-gallery-link\" data-rl_caption=\"Casa Pirca \/ En Obra Arquitectos (axonometria)\" data-rel=\"lightbox-gallery-1\"><img loading=\"lazy\" decoding=\"async\" width=\"150\" height=\"150\" src=\"https:\/\/www.arquimaster.com.ar\/web\/wp-content\/uploads\/2024\/02\/casa_pirca39-150x150.jpg\" class=\"attachment-thumbnail size-thumbnail\" alt=\"Casa Pirca \/ En Obra Arquitectos\" aria-describedby=\"gallery-1-78221\" \/><\/a>\n\t\t\t<\/div>\n\t\t\t\t<figcaption class='wp-caption-text gallery-caption' id='gallery-1-78221'>\n\t\t\t\tCasa Pirca \/ En Obra Arquitectos (axonometria)\n\t\t\t\t<\/figcaption><\/figure><figure class='gallery-item'>\n\t\t\t<div class='gallery-icon landscape'>\n\t\t\t\t<a href='https:\/\/www.arquimaster.com.ar\/web\/wp-content\/uploads\/2024\/02\/casa_pirca40.jpg' title=\"Casa Pirca \/ En Obra Arquitectos (axonometria)\" data-rl_title=\"Casa Pirca \/ En Obra Arquitectos (axonometria)\" class=\"rl-gallery-link\" data-rl_caption=\"Casa Pirca \/ En Obra Arquitectos (axonometria)\" data-rel=\"lightbox-gallery-1\"><img loading=\"lazy\" decoding=\"async\" width=\"150\" height=\"150\" src=\"https:\/\/www.arquimaster.com.ar\/web\/wp-content\/uploads\/2024\/02\/casa_pirca40-150x150.jpg\" class=\"attachment-thumbnail size-thumbnail\" alt=\"Casa Pirca \/ En Obra Arquitectos\" aria-describedby=\"gallery-1-78222\" \/><\/a>\n\t\t\t<\/div>\n\t\t\t\t<figcaption class='wp-caption-text gallery-caption' id='gallery-1-78222'>\n\t\t\t\tCasa Pirca \/ En Obra Arquitectos (axonometria)\n\t\t\t\t<\/figcaption><\/figure><figure class='gallery-item'>\n\t\t\t<div class='gallery-icon portrait'>\n\t\t\t\t<a href='https:\/\/www.arquimaster.com.ar\/web\/wp-content\/uploads\/2024\/02\/casa_pirca41.jpg' title=\"Casa Pirca \/ En Obra Arquitectos (esquemas)\" data-rl_title=\"Casa Pirca \/ En Obra Arquitectos (esquemas)\" class=\"rl-gallery-link\" data-rl_caption=\"Casa Pirca \/ En Obra Arquitectos (esquemas)\" data-rel=\"lightbox-gallery-1\"><img loading=\"lazy\" decoding=\"async\" width=\"150\" height=\"150\" src=\"https:\/\/www.arquimaster.com.ar\/web\/wp-content\/uploads\/2024\/02\/casa_pirca41-150x150.jpg\" class=\"attachment-thumbnail size-thumbnail\" alt=\"Casa Pirca \/ En Obra Arquitectos\" aria-describedby=\"gallery-1-78223\" \/><\/a>\n\t\t\t<\/div>\n\t\t\t\t<figcaption class='wp-caption-text gallery-caption' id='gallery-1-78223'>\n\t\t\t\tCasa Pirca \/ En Obra Arquitectos (esquemas)\n\t\t\t\t<\/figcaption><\/figure><figure class='gallery-item'>\n\t\t\t<div class='gallery-icon portrait'>\n\t\t\t\t<a href='https:\/\/www.arquimaster.com.ar\/web\/wp-content\/uploads\/2024\/02\/casa_pirca42.jpg' title=\"Casa Pirca \/ En Obra Arquitectos (esquemas)\" data-rl_title=\"Casa Pirca \/ En Obra Arquitectos (esquemas)\" class=\"rl-gallery-link\" data-rl_caption=\"Casa Pirca \/ En Obra Arquitectos (esquemas)\" data-rel=\"lightbox-gallery-1\"><img loading=\"lazy\" decoding=\"async\" width=\"150\" height=\"150\" src=\"https:\/\/www.arquimaster.com.ar\/web\/wp-content\/uploads\/2024\/02\/casa_pirca42-150x150.jpg\" class=\"attachment-thumbnail size-thumbnail\" alt=\"Casa Pirca \/ En Obra Arquitectos\" aria-describedby=\"gallery-1-78224\" \/><\/a>\n\t\t\t<\/div>\n\t\t\t\t<figcaption class='wp-caption-text gallery-caption' id='gallery-1-78224'>\n\t\t\t\tCasa Pirca \/ En Obra Arquitectos (esquemas)\n\t\t\t\t<\/figcaption><\/figure>\n\t\t<\/div>\n\n<p>Frente a esto, se pens\u00f3 un muro que defina en dos niveles el terreno y un volumen apoyado sobre este. El t\u00e9rmino \u00abPirca\u00bb hace referencia a los muros que act\u00faan como contenci\u00f3n de terraplenes, que delimitan caminos y senderos, o canchones (espacio cerrado para el cultivo), utilizado generalmente por los pueblos andinos.<\/p>\n<p>Aplicando ambas ideas, en un lote complejo como el mencionado se plantea un muro que en su longitud total va desarrollando diferentes funciones: mientras genera el espacio de ingreso y cochera, contiene un desnivel, sostiene la vivienda como apoyo, otorg\u00e1ndole un lugar de guardado por debajo y rematando con los l\u00edmites de la piscina.<\/p>\n<p>La respuesta funcional busca sacar provecho tanto de la cualidad particular del lote, como de la mejor orientaci\u00f3n, presentando un volumen puro de hormig\u00f3n cerrado al lado sur y abierto a lado norte. Bajo el concepto de vivienda de verano, se utilizaron materiales que no requieran mantenimiento constante son fundamentales en la zona costera, combinamos a un proceso constructivo mixto que hace hincapi\u00e9 en la pureza de materiales, tales como el hormig\u00f3n visto y piedra de la regi\u00f3n.<\/p>\n<p>Las carpinter\u00edas materializadas en aluminio anodizado color negro otorgan su propio brillo y transparencia.\u00a0 El mobiliario elegido y dise\u00f1ado de manera integral en toda la casa, fue fabricado en placas de MDF laqueados en blanco ,potenciando s\u00edntesis\u00a0 y neutralidad que busca transmitir la vivienda en su totalidad funcional y formal.<\/p>\n\n\n<div style=\"height:20px\" aria-hidden=\"true\" class=\"wp-block-spacer\"><\/div>\n\n\n\n<p class=\"has-background\" style=\"background-color:#eaeaea\"><strong>Ficha t\u00e9cnica<\/strong><br>Nombre: Casa Pirca<br>Ubicaci\u00f3n: Costa Esmeralda, Pcia. de Buenos Aires, Argentina<br>Estudio de Arquitectura: En Obra Arquitectos<br>Equipo: Luis Cisneros, Rosario Hillebrand, Sofia Falc\u00f3n, Eugenia Sosa Abab<br>Colaboraci\u00f3n:\u00a0 Facundo Casales<br>Constructores: Narciso Gonz\u00e1lez, Albaro Franco<br>Superficie del terreno: 1000 m2<br>Superficie cubierta construida:\u00a0188 m2<br>A\u00f1o de finalizaci\u00f3n: 2023<br>Fotograf\u00eda: Mariano Imperial<br><br><strong>Contacto<\/strong><br><a href=\"https:\/\/www.enobraarquitectos.com.ar\"><a href=\"https:\/\/www.enobraarquitectos.com.ar\" target=\"_blank\" rel=\"noreferrer noopener\">https:\/\/www.enobraarquitectos.com.ar<\/a><\/a><br>Instagram: @enobraarquitectos<\/p>\n\n\n\n<div style=\"height:40px\" aria-hidden=\"true\" class=\"wp-block-spacer\"><\/div>\n\n<div style=\"font-size: 0px; height: 0px; line-height: 0px; margin: 0; padding: 0; clear: both;\"><\/div><div style=\"margin-top: 0px; margin-bottom: 0px;\" class=\"sharethis-inline-share-buttons\" ><\/div>","protected":false},"excerpt":{"rendered":"<p>Ubicada sobre un lote con una abrupta diferencia de nivel, se pens\u00f3 un muro y un volumen&#8230;<\/p>\n","protected":false},"author":1,"featured_media":78182,"comment_status":"closed","ping_status":"closed","sticky":false,"template":"","format":"standard","meta":{"_uag_custom_page_level_css":"","footnotes":""},"categories":[1,251],"tags":[14,4282,16,252,1026,1023,7224,7779,1174,1930,7780,7777,7778,1172,6471],"class_list":["post-78181","post","type-post","status-publish","format-standard","has-post-thumbnail","hentry","category-proyecto","category-casas-de-playa","tag-argentina","tag-arquitectura-residencial","tag-buenos-aires","tag-casa-de-playa","tag-casa-de-veraneo","tag-costa-esmeralda","tag-en-obra-arquitectos","tag-eugenia-sosa-abab","tag-hormigon-armado","tag-luis-cisneros","tag-pirca","tag-rosario-hillebrand","tag-sofia-falcon","tag-vivienda-de-veraneo","tag-vivienda-no-permanente","generate-columns","tablet-grid-50","mobile-grid-100","grid-parent","grid-50"],"yoast_head":"<!-- This site is optimized with the Yoast SEO plugin v27.3 - https:\/\/yoast.com\/product\/yoast-seo-wordpress\/ -->\n<title>Casa Pirca \/ En Obra Arquitectos - Arquimaster<\/title>\n<meta name=\"description\" content=\"Ubicada sobre un lote con una abrupta diferencia de nivel, se pens\u00f3 un muro y un volumen apoyado sobre este.\" \/>\n<meta name=\"robots\" content=\"index, follow, max-snippet:-1, max-image-preview:large, max-video-preview:-1\" \/>\n<link rel=\"canonical\" href=\"https:\/\/www.arquimaster.com.ar\/web\/casa-pirca-en-obra-arquitectos\/\" \/>\n<meta property=\"og:locale\" content=\"es_ES\" \/>\n<meta property=\"og:type\" content=\"article\" \/>\n<meta property=\"og:title\" content=\"Casa Pirca \/ En Obra Arquitectos\" \/>\n<meta property=\"og:description\" content=\"Ubicada sobre un lote con una abrupta diferencia de nivel, se pens\u00f3 un muro y un volumen apoyado sobre este.\" \/>\n<meta property=\"og:url\" content=\"https:\/\/www.arquimaster.com.ar\/web\/casa-pirca-en-obra-arquitectos\/\" \/>\n<meta property=\"og:site_name\" content=\"Arquimaster\" \/>\n<meta property=\"article:publisher\" content=\"http:\/\/www.facebook.com\/ARQUIMASTER.com.ar\" \/>\n<meta property=\"article:published_time\" content=\"2024-02-23T01:20:40+00:00\" \/>\n<meta property=\"article:modified_time\" content=\"2024-05-21T21:55:41+00:00\" \/>\n<meta property=\"og:image\" content=\"https:\/\/www.arquimaster.com.ar\/web\/wp-content\/uploads\/2024\/02\/casa_pirca_slide.jpg\" \/>\n\t<meta property=\"og:image:width\" content=\"698\" \/>\n\t<meta property=\"og:image:height\" content=\"364\" \/>\n\t<meta property=\"og:image:type\" content=\"image\/jpeg\" \/>\n<meta name=\"author\" content=\"Arquimaster\" \/>\n<meta name=\"twitter:card\" content=\"summary_large_image\" \/>\n<meta name=\"twitter:title\" content=\"Casa Pirca \/ En Obra Arquitectos\" \/>\n<meta name=\"twitter:description\" content=\"Ubicada sobre un lote con una abrupta diferencia de nivel, se pens\u00f3 un muro y un volumen apoyado sobre este.\" \/>\n<meta name=\"twitter:image\" content=\"https:\/\/www.arquimaster.com.ar\/web\/wp-content\/uploads\/2024\/02\/casa_pirca_slide.jpg\" \/>\n<meta name=\"twitter:creator\" content=\"@arquimaster\" \/>\n<meta name=\"twitter:site\" content=\"@arquimaster\" \/>\n<meta name=\"twitter:label1\" content=\"Escrito por\" \/>\n\t<meta name=\"twitter:data1\" content=\"Arquimaster\" \/>\n\t<meta name=\"twitter:label2\" content=\"Tiempo de lectura\" \/>\n\t<meta name=\"twitter:data2\" content=\"3 minutos\" \/>\n<script type=\"application\/ld+json\" class=\"yoast-schema-graph\">{\"@context\":\"https:\\\/\\\/schema.org\",\"@graph\":[{\"@type\":\"Article\",\"@id\":\"https:\\\/\\\/www.arquimaster.com.ar\\\/web\\\/casa-pirca-en-obra-arquitectos\\\/#article\",\"isPartOf\":{\"@id\":\"https:\\\/\\\/www.arquimaster.com.ar\\\/web\\\/casa-pirca-en-obra-arquitectos\\\/\"},\"author\":{\"name\":\"Arquimaster\",\"@id\":\"https:\\\/\\\/www.arquimaster.com.ar\\\/web\\\/#\\\/schema\\\/person\\\/359e9f7c00193fcde068e0dd2ceb0028\"},\"headline\":\"Casa Pirca \\\/ En Obra Arquitectos\",\"datePublished\":\"2024-02-23T01:20:40+00:00\",\"dateModified\":\"2024-05-21T21:55:41+00:00\",\"mainEntityOfPage\":{\"@id\":\"https:\\\/\\\/www.arquimaster.com.ar\\\/web\\\/casa-pirca-en-obra-arquitectos\\\/\"},\"wordCount\":433,\"publisher\":{\"@id\":\"https:\\\/\\\/www.arquimaster.com.ar\\\/web\\\/#organization\"},\"image\":{\"@id\":\"https:\\\/\\\/www.arquimaster.com.ar\\\/web\\\/casa-pirca-en-obra-arquitectos\\\/#primaryimage\"},\"thumbnailUrl\":\"https:\\\/\\\/www.arquimaster.com.ar\\\/web\\\/wp-content\\\/uploads\\\/2024\\\/02\\\/casa_pirca_slide.jpg\",\"keywords\":[\"Argentina\",\"arquitectura residencial\",\"Buenos Aires\",\"casa de playa\",\"casa de veraneo\",\"Costa Esmeralda\",\"En Obra Arquitectos\",\"Eugenia Sosa Abab\",\"hormig\u00f3n armado\",\"Luis Cisneros\",\"pirca\",\"Rosario Hillebrand\",\"Sofia Falc\u00f3n\",\"vivienda de veraneo\",\"vivienda no permanente\"],\"articleSection\":[\"Proyecto\",\"Vivienda no permanente\"],\"inLanguage\":\"es\"},{\"@type\":\"WebPage\",\"@id\":\"https:\\\/\\\/www.arquimaster.com.ar\\\/web\\\/casa-pirca-en-obra-arquitectos\\\/\",\"url\":\"https:\\\/\\\/www.arquimaster.com.ar\\\/web\\\/casa-pirca-en-obra-arquitectos\\\/\",\"name\":\"Casa Pirca \\\/ En Obra Arquitectos - Arquimaster\",\"isPartOf\":{\"@id\":\"https:\\\/\\\/www.arquimaster.com.ar\\\/web\\\/#website\"},\"primaryImageOfPage\":{\"@id\":\"https:\\\/\\\/www.arquimaster.com.ar\\\/web\\\/casa-pirca-en-obra-arquitectos\\\/#primaryimage\"},\"image\":{\"@id\":\"https:\\\/\\\/www.arquimaster.com.ar\\\/web\\\/casa-pirca-en-obra-arquitectos\\\/#primaryimage\"},\"thumbnailUrl\":\"https:\\\/\\\/www.arquimaster.com.ar\\\/web\\\/wp-content\\\/uploads\\\/2024\\\/02\\\/casa_pirca_slide.jpg\",\"datePublished\":\"2024-02-23T01:20:40+00:00\",\"dateModified\":\"2024-05-21T21:55:41+00:00\",\"description\":\"Ubicada sobre un lote con una abrupta diferencia de nivel, se pens\u00f3 un muro y un volumen apoyado sobre este.\",\"breadcrumb\":{\"@id\":\"https:\\\/\\\/www.arquimaster.com.ar\\\/web\\\/casa-pirca-en-obra-arquitectos\\\/#breadcrumb\"},\"inLanguage\":\"es\",\"potentialAction\":[{\"@type\":\"ReadAction\",\"target\":[\"https:\\\/\\\/www.arquimaster.com.ar\\\/web\\\/casa-pirca-en-obra-arquitectos\\\/\"]}]},{\"@type\":\"ImageObject\",\"inLanguage\":\"es\",\"@id\":\"https:\\\/\\\/www.arquimaster.com.ar\\\/web\\\/casa-pirca-en-obra-arquitectos\\\/#primaryimage\",\"url\":\"https:\\\/\\\/www.arquimaster.com.ar\\\/web\\\/wp-content\\\/uploads\\\/2024\\\/02\\\/casa_pirca_slide.jpg\",\"contentUrl\":\"https:\\\/\\\/www.arquimaster.com.ar\\\/web\\\/wp-content\\\/uploads\\\/2024\\\/02\\\/casa_pirca_slide.jpg\",\"width\":698,\"height\":364,\"caption\":\"Casa Pirca \\\/ En Obra Arquitectos\"},{\"@type\":\"BreadcrumbList\",\"@id\":\"https:\\\/\\\/www.arquimaster.com.ar\\\/web\\\/casa-pirca-en-obra-arquitectos\\\/#breadcrumb\",\"itemListElement\":[{\"@type\":\"ListItem\",\"position\":1,\"name\":\"Portada\",\"item\":\"https:\\\/\\\/www.arquimaster.com.ar\\\/web\\\/\"},{\"@type\":\"ListItem\",\"position\":2,\"name\":\"Casa Pirca \\\/ En Obra Arquitectos\"}]},{\"@type\":\"WebSite\",\"@id\":\"https:\\\/\\\/www.arquimaster.com.ar\\\/web\\\/#website\",\"url\":\"https:\\\/\\\/www.arquimaster.com.ar\\\/web\\\/\",\"name\":\"Arquimaster\",\"description\":\"Web de arquitectura, dise\u00f1o y construccion\",\"publisher\":{\"@id\":\"https:\\\/\\\/www.arquimaster.com.ar\\\/web\\\/#organization\"},\"potentialAction\":[{\"@type\":\"SearchAction\",\"target\":{\"@type\":\"EntryPoint\",\"urlTemplate\":\"https:\\\/\\\/www.arquimaster.com.ar\\\/web\\\/?s={search_term_string}\"},\"query-input\":{\"@type\":\"PropertyValueSpecification\",\"valueRequired\":true,\"valueName\":\"search_term_string\"}}],\"inLanguage\":\"es\"},{\"@type\":\"Organization\",\"@id\":\"https:\\\/\\\/www.arquimaster.com.ar\\\/web\\\/#organization\",\"name\":\"Arquimaster\",\"url\":\"https:\\\/\\\/www.arquimaster.com.ar\\\/web\\\/\",\"logo\":{\"@type\":\"ImageObject\",\"inLanguage\":\"es\",\"@id\":\"https:\\\/\\\/www.arquimaster.com.ar\\\/web\\\/#\\\/schema\\\/logo\\\/image\\\/\",\"url\":\"https:\\\/\\\/www.arquimaster.com.ar\\\/web\\\/wp-content\\\/uploads\\\/2022\\\/06\\\/arquimaster.png\",\"contentUrl\":\"https:\\\/\\\/www.arquimaster.com.ar\\\/web\\\/wp-content\\\/uploads\\\/2022\\\/06\\\/arquimaster.png\",\"width\":594,\"height\":78,\"caption\":\"Arquimaster\"},\"image\":{\"@id\":\"https:\\\/\\\/www.arquimaster.com.ar\\\/web\\\/#\\\/schema\\\/logo\\\/image\\\/\"},\"sameAs\":[\"http:\\\/\\\/www.facebook.com\\\/ARQUIMASTER.com.ar\",\"https:\\\/\\\/x.com\\\/arquimaster\",\"https:\\\/\\\/www.instagram.com\\\/arquimasterblog\\\/\",\"https:\\\/\\\/www.linkedin.com\\\/company\\\/arquimaster\",\"https:\\\/\\\/www.pinterest.com\\\/arquimaster\",\"https:\\\/\\\/t.me\\\/arquimaster\"]},{\"@type\":\"Person\",\"@id\":\"https:\\\/\\\/www.arquimaster.com.ar\\\/web\\\/#\\\/schema\\\/person\\\/359e9f7c00193fcde068e0dd2ceb0028\",\"name\":\"Arquimaster\"}]}<\/script>\n<!-- \/ Yoast SEO plugin. -->","yoast_head_json":{"title":"Casa Pirca \/ En Obra Arquitectos - Arquimaster","description":"Ubicada sobre un lote con una abrupta diferencia de nivel, se pens\u00f3 un muro y un volumen apoyado sobre este.","robots":{"index":"index","follow":"follow","max-snippet":"max-snippet:-1","max-image-preview":"max-image-preview:large","max-video-preview":"max-video-preview:-1"},"canonical":"https:\/\/www.arquimaster.com.ar\/web\/casa-pirca-en-obra-arquitectos\/","og_locale":"es_ES","og_type":"article","og_title":"Casa Pirca \/ En Obra Arquitectos","og_description":"Ubicada sobre un lote con una abrupta diferencia de nivel, se pens\u00f3 un muro y un volumen apoyado sobre este.","og_url":"https:\/\/www.arquimaster.com.ar\/web\/casa-pirca-en-obra-arquitectos\/","og_site_name":"Arquimaster","article_publisher":"http:\/\/www.facebook.com\/ARQUIMASTER.com.ar","article_published_time":"2024-02-23T01:20:40+00:00","article_modified_time":"2024-05-21T21:55:41+00:00","og_image":[{"width":698,"height":364,"url":"https:\/\/www.arquimaster.com.ar\/web\/wp-content\/uploads\/2024\/02\/casa_pirca_slide.jpg","type":"image\/jpeg"}],"author":"Arquimaster","twitter_card":"summary_large_image","twitter_title":"Casa Pirca \/ En Obra Arquitectos","twitter_description":"Ubicada sobre un lote con una abrupta diferencia de nivel, se pens\u00f3 un muro y un volumen apoyado sobre este.","twitter_image":"https:\/\/www.arquimaster.com.ar\/web\/wp-content\/uploads\/2024\/02\/casa_pirca_slide.jpg","twitter_creator":"@arquimaster","twitter_site":"@arquimaster","twitter_misc":{"Escrito por":"Arquimaster","Tiempo de lectura":"3 minutos"},"schema":{"@context":"https:\/\/schema.org","@graph":[{"@type":"Article","@id":"https:\/\/www.arquimaster.com.ar\/web\/casa-pirca-en-obra-arquitectos\/#article","isPartOf":{"@id":"https:\/\/www.arquimaster.com.ar\/web\/casa-pirca-en-obra-arquitectos\/"},"author":{"name":"Arquimaster","@id":"https:\/\/www.arquimaster.com.ar\/web\/#\/schema\/person\/359e9f7c00193fcde068e0dd2ceb0028"},"headline":"Casa Pirca \/ En Obra Arquitectos","datePublished":"2024-02-23T01:20:40+00:00","dateModified":"2024-05-21T21:55:41+00:00","mainEntityOfPage":{"@id":"https:\/\/www.arquimaster.com.ar\/web\/casa-pirca-en-obra-arquitectos\/"},"wordCount":433,"publisher":{"@id":"https:\/\/www.arquimaster.com.ar\/web\/#organization"},"image":{"@id":"https:\/\/www.arquimaster.com.ar\/web\/casa-pirca-en-obra-arquitectos\/#primaryimage"},"thumbnailUrl":"https:\/\/www.arquimaster.com.ar\/web\/wp-content\/uploads\/2024\/02\/casa_pirca_slide.jpg","keywords":["Argentina","arquitectura residencial","Buenos Aires","casa de playa","casa de veraneo","Costa Esmeralda","En Obra Arquitectos","Eugenia Sosa Abab","hormig\u00f3n armado","Luis Cisneros","pirca","Rosario Hillebrand","Sofia Falc\u00f3n","vivienda de veraneo","vivienda no permanente"],"articleSection":["Proyecto","Vivienda no permanente"],"inLanguage":"es"},{"@type":"WebPage","@id":"https:\/\/www.arquimaster.com.ar\/web\/casa-pirca-en-obra-arquitectos\/","url":"https:\/\/www.arquimaster.com.ar\/web\/casa-pirca-en-obra-arquitectos\/","name":"Casa Pirca \/ En Obra Arquitectos - Arquimaster","isPartOf":{"@id":"https:\/\/www.arquimaster.com.ar\/web\/#website"},"primaryImageOfPage":{"@id":"https:\/\/www.arquimaster.com.ar\/web\/casa-pirca-en-obra-arquitectos\/#primaryimage"},"image":{"@id":"https:\/\/www.arquimaster.com.ar\/web\/casa-pirca-en-obra-arquitectos\/#primaryimage"},"thumbnailUrl":"https:\/\/www.arquimaster.com.ar\/web\/wp-content\/uploads\/2024\/02\/casa_pirca_slide.jpg","datePublished":"2024-02-23T01:20:40+00:00","dateModified":"2024-05-21T21:55:41+00:00","description":"Ubicada sobre un lote con una abrupta diferencia de nivel, se pens\u00f3 un muro y un volumen apoyado sobre este.","breadcrumb":{"@id":"https:\/\/www.arquimaster.com.ar\/web\/casa-pirca-en-obra-arquitectos\/#breadcrumb"},"inLanguage":"es","potentialAction":[{"@type":"ReadAction","target":["https:\/\/www.arquimaster.com.ar\/web\/casa-pirca-en-obra-arquitectos\/"]}]},{"@type":"ImageObject","inLanguage":"es","@id":"https:\/\/www.arquimaster.com.ar\/web\/casa-pirca-en-obra-arquitectos\/#primaryimage","url":"https:\/\/www.arquimaster.com.ar\/web\/wp-content\/uploads\/2024\/02\/casa_pirca_slide.jpg","contentUrl":"https:\/\/www.arquimaster.com.ar\/web\/wp-content\/uploads\/2024\/02\/casa_pirca_slide.jpg","width":698,"height":364,"caption":"Casa Pirca \/ En Obra Arquitectos"},{"@type":"BreadcrumbList","@id":"https:\/\/www.arquimaster.com.ar\/web\/casa-pirca-en-obra-arquitectos\/#breadcrumb","itemListElement":[{"@type":"ListItem","position":1,"name":"Portada","item":"https:\/\/www.arquimaster.com.ar\/web\/"},{"@type":"ListItem","position":2,"name":"Casa Pirca \/ En Obra Arquitectos"}]},{"@type":"WebSite","@id":"https:\/\/www.arquimaster.com.ar\/web\/#website","url":"https:\/\/www.arquimaster.com.ar\/web\/","name":"Arquimaster","description":"Web de arquitectura, dise\u00f1o y construccion","publisher":{"@id":"https:\/\/www.arquimaster.com.ar\/web\/#organization"},"potentialAction":[{"@type":"SearchAction","target":{"@type":"EntryPoint","urlTemplate":"https:\/\/www.arquimaster.com.ar\/web\/?s={search_term_string}"},"query-input":{"@type":"PropertyValueSpecification","valueRequired":true,"valueName":"search_term_string"}}],"inLanguage":"es"},{"@type":"Organization","@id":"https:\/\/www.arquimaster.com.ar\/web\/#organization","name":"Arquimaster","url":"https:\/\/www.arquimaster.com.ar\/web\/","logo":{"@type":"ImageObject","inLanguage":"es","@id":"https:\/\/www.arquimaster.com.ar\/web\/#\/schema\/logo\/image\/","url":"https:\/\/www.arquimaster.com.ar\/web\/wp-content\/uploads\/2022\/06\/arquimaster.png","contentUrl":"https:\/\/www.arquimaster.com.ar\/web\/wp-content\/uploads\/2022\/06\/arquimaster.png","width":594,"height":78,"caption":"Arquimaster"},"image":{"@id":"https:\/\/www.arquimaster.com.ar\/web\/#\/schema\/logo\/image\/"},"sameAs":["http:\/\/www.facebook.com\/ARQUIMASTER.com.ar","https:\/\/x.com\/arquimaster","https:\/\/www.instagram.com\/arquimasterblog\/","https:\/\/www.linkedin.com\/company\/arquimaster","https:\/\/www.pinterest.com\/arquimaster","https:\/\/t.me\/arquimaster"]},{"@type":"Person","@id":"https:\/\/www.arquimaster.com.ar\/web\/#\/schema\/person\/359e9f7c00193fcde068e0dd2ceb0028","name":"Arquimaster"}]}},"uagb_featured_image_src":{"full":["https:\/\/www.arquimaster.com.ar\/web\/wp-content\/uploads\/2024\/02\/casa_pirca_slide.jpg",698,364,false],"thumbnail":["https:\/\/www.arquimaster.com.ar\/web\/wp-content\/uploads\/2024\/02\/casa_pirca_slide-150x150.jpg",150,150,true],"medium":["https:\/\/www.arquimaster.com.ar\/web\/wp-content\/uploads\/2024\/02\/casa_pirca_slide.jpg",698,364,false],"medium_large":["https:\/\/www.arquimaster.com.ar\/web\/wp-content\/uploads\/2024\/02\/casa_pirca_slide.jpg",698,364,false],"large":["https:\/\/www.arquimaster.com.ar\/web\/wp-content\/uploads\/2024\/02\/casa_pirca_slide.jpg",698,364,false],"1536x1536":["https:\/\/www.arquimaster.com.ar\/web\/wp-content\/uploads\/2024\/02\/casa_pirca_slide.jpg",698,364,false],"2048x2048":["https:\/\/www.arquimaster.com.ar\/web\/wp-content\/uploads\/2024\/02\/casa_pirca_slide.jpg",698,364,false]},"uagb_author_info":{"display_name":"Arquimaster","author_link":"https:\/\/www.arquimaster.com.ar\/web\/author\/arquimaster\/"},"uagb_comment_info":0,"uagb_excerpt":"Ubicada sobre un lote con una abrupta diferencia de nivel, se pens\u00f3 un muro y un volumen...","_links":{"self":[{"href":"https:\/\/www.arquimaster.com.ar\/web\/wp-json\/wp\/v2\/posts\/78181","targetHints":{"allow":["GET"]}}],"collection":[{"href":"https:\/\/www.arquimaster.com.ar\/web\/wp-json\/wp\/v2\/posts"}],"about":[{"href":"https:\/\/www.arquimaster.com.ar\/web\/wp-json\/wp\/v2\/types\/post"}],"author":[{"embeddable":true,"href":"https:\/\/www.arquimaster.com.ar\/web\/wp-json\/wp\/v2\/users\/1"}],"replies":[{"embeddable":true,"href":"https:\/\/www.arquimaster.com.ar\/web\/wp-json\/wp\/v2\/comments?post=78181"}],"version-history":[{"count":2,"href":"https:\/\/www.arquimaster.com.ar\/web\/wp-json\/wp\/v2\/posts\/78181\/revisions"}],"predecessor-version":[{"id":78735,"href":"https:\/\/www.arquimaster.com.ar\/web\/wp-json\/wp\/v2\/posts\/78181\/revisions\/78735"}],"wp:featuredmedia":[{"embeddable":true,"href":"https:\/\/www.arquimaster.com.ar\/web\/wp-json\/wp\/v2\/media\/78182"}],"wp:attachment":[{"href":"https:\/\/www.arquimaster.com.ar\/web\/wp-json\/wp\/v2\/media?parent=78181"}],"wp:term":[{"taxonomy":"category","embeddable":true,"href":"https:\/\/www.arquimaster.com.ar\/web\/wp-json\/wp\/v2\/categories?post=78181"},{"taxonomy":"post_tag","embeddable":true,"href":"https:\/\/www.arquimaster.com.ar\/web\/wp-json\/wp\/v2\/tags?post=78181"}],"curies":[{"name":"wp","href":"https:\/\/api.w.org\/{rel}","templated":true}]}}