{"id":78390,"date":"2024-03-21T15:11:51","date_gmt":"2024-03-21T18:11:51","guid":{"rendered":"https:\/\/www.arquimaster.com.ar\/web\/?p=78390"},"modified":"2024-04-22T15:18:59","modified_gmt":"2024-04-22T18:18:59","slug":"apartamento-en-paseo-san-juan-ylab-arquitectos","status":"publish","type":"post","link":"https:\/\/www.arquimaster.com.ar\/web\/apartamento-en-paseo-san-juan-ylab-arquitectos\/","title":{"rendered":"Apartamento en Paseo San Juan \/ YLAB Arquitectos"},"content":{"rendered":"<div style=\"margin-top: 0px; margin-bottom: 0px;\" class=\"sharethis-inline-share-buttons\" ><\/div><div class=\"b812932af2e751442846f039925109de\" data-index=\"1\" style=\"float: none; margin:25px 0 25px 0; text-align:center;\">\n<script async src=\"https:\/\/pagead2.googlesyndication.com\/pagead\/js\/adsbygoogle.js\"><\/script>\r\n<!-- Arquimaster (superior) -->\r\n<ins class=\"adsbygoogle\"\r\n     style=\"display:block\"\r\n     data-ad-client=\"ca-pub-6351072698456832\"\r\n     data-ad-slot=\"6455489680\"\r\n     data-ad-format=\"auto\"\r\n     data-full-width-responsive=\"true\"><\/ins>\r\n<script>\r\n     (adsbygoogle = window.adsbygoogle || []).push({});\r\n<\/script>\n<\/div>\n<p><strong>Apartamento en Paseo San Juan<\/strong> (Barcelona, Espa\u00f1a) por <strong>YLAB Arquitectos<\/strong>. El proyecto consiste en la reforma de una vivienda modernista situada en una finca regia del c\u00e9ntrico Paseo San Juan de Barcelona. Los propietarios, una pareja australiana enamorada de Barcelona, quisieron reformar la vivienda para fijar su residencia en Europa. Necesitaban convertir esta antigua vivienda, en muy mal estado de conservaci\u00f3n, en un espacio confortable donde poder acoger visitas de familiares y amigos.<\/p>\n<div id='gallery-1' class='gallery galleryid-78390 gallery-columns-3 gallery-size-thumbnail'><figure class='gallery-item'>\n\t\t\t<div class='gallery-icon landscape'>\n\t\t\t\t<a href='https:\/\/www.arquimaster.com.ar\/web\/wp-content\/uploads\/2024\/03\/apartamento_paseo_san_juan1.jpg' title=\"Apartamento en Paseo San Juan \/ YLAB Arquitectos (\u00a9 Santiago Garc\u00e9s)\" data-rl_title=\"Apartamento en Paseo San Juan \/ YLAB Arquitectos (\u00a9 Santiago Garc\u00e9s)\" class=\"rl-gallery-link\" data-rl_caption=\"Apartamento en Paseo San Juan \/ YLAB Arquitectos (\u00a9 Santiago Garc\u00e9s)\" data-rel=\"lightbox-gallery-1\"><img loading=\"lazy\" decoding=\"async\" width=\"150\" height=\"150\" src=\"https:\/\/www.arquimaster.com.ar\/web\/wp-content\/uploads\/2024\/03\/apartamento_paseo_san_juan1-150x150.jpg\" class=\"attachment-thumbnail size-thumbnail\" alt=\"Apartamento en Paseo San Juan \/ YLAB Arquitectos\" aria-describedby=\"gallery-1-78392\" \/><\/a>\n\t\t\t<\/div>\n\t\t\t\t<figcaption class='wp-caption-text gallery-caption' id='gallery-1-78392'>\n\t\t\t\tApartamento en Paseo San Juan \/ YLAB Arquitectos (\u00a9 Santiago Garc\u00e9s)\n\t\t\t\t<\/figcaption><\/figure><figure class='gallery-item'>\n\t\t\t<div class='gallery-icon portrait'>\n\t\t\t\t<a href='https:\/\/www.arquimaster.com.ar\/web\/wp-content\/uploads\/2024\/03\/apartamento_paseo_san_juan2.jpg' title=\"Apartamento en Paseo San Juan \/ YLAB Arquitectos (\u00a9 Santiago Garc\u00e9s)\" data-rl_title=\"Apartamento en Paseo San Juan \/ YLAB Arquitectos (\u00a9 Santiago Garc\u00e9s)\" class=\"rl-gallery-link\" data-rl_caption=\"Apartamento en Paseo San Juan \/ YLAB Arquitectos (\u00a9 Santiago Garc\u00e9s)\" data-rel=\"lightbox-gallery-1\"><img loading=\"lazy\" decoding=\"async\" width=\"150\" height=\"150\" src=\"https:\/\/www.arquimaster.com.ar\/web\/wp-content\/uploads\/2024\/03\/apartamento_paseo_san_juan2-150x150.jpg\" class=\"attachment-thumbnail size-thumbnail\" alt=\"Apartamento en Paseo San Juan \/ YLAB Arquitectos\" aria-describedby=\"gallery-1-78393\" \/><\/a>\n\t\t\t<\/div>\n\t\t\t\t<figcaption class='wp-caption-text gallery-caption' id='gallery-1-78393'>\n\t\t\t\tApartamento en Paseo San Juan \/ YLAB Arquitectos (\u00a9 Santiago Garc\u00e9s)\n\t\t\t\t<\/figcaption><\/figure><figure class='gallery-item'>\n\t\t\t<div class='gallery-icon portrait'>\n\t\t\t\t<a href='https:\/\/www.arquimaster.com.ar\/web\/wp-content\/uploads\/2024\/03\/apartamento_paseo_san_juan3.jpg' title=\"Apartamento en Paseo San Juan \/ YLAB Arquitectos (\u00a9 Santiago Garc\u00e9s)\" data-rl_title=\"Apartamento en Paseo San Juan \/ YLAB Arquitectos (\u00a9 Santiago Garc\u00e9s)\" class=\"rl-gallery-link\" data-rl_caption=\"Apartamento en Paseo San Juan \/ YLAB Arquitectos (\u00a9 Santiago Garc\u00e9s)\" data-rel=\"lightbox-gallery-1\"><img loading=\"lazy\" decoding=\"async\" width=\"150\" height=\"150\" src=\"https:\/\/www.arquimaster.com.ar\/web\/wp-content\/uploads\/2024\/03\/apartamento_paseo_san_juan3-150x150.jpg\" class=\"attachment-thumbnail size-thumbnail\" alt=\"Apartamento en Paseo San Juan \/ YLAB Arquitectos\" aria-describedby=\"gallery-1-78394\" \/><\/a>\n\t\t\t<\/div>\n\t\t\t\t<figcaption class='wp-caption-text gallery-caption' id='gallery-1-78394'>\n\t\t\t\tApartamento en Paseo San Juan \/ YLAB Arquitectos (\u00a9 Santiago Garc\u00e9s)\n\t\t\t\t<\/figcaption><\/figure><figure class='gallery-item'>\n\t\t\t<div class='gallery-icon portrait'>\n\t\t\t\t<a href='https:\/\/www.arquimaster.com.ar\/web\/wp-content\/uploads\/2024\/03\/apartamento_paseo_san_juan4.jpg' title=\"Apartamento en Paseo San Juan \/ YLAB Arquitectos (\u00a9 Santiago Garc\u00e9s)\" data-rl_title=\"Apartamento en Paseo San Juan \/ YLAB Arquitectos (\u00a9 Santiago Garc\u00e9s)\" class=\"rl-gallery-link\" data-rl_caption=\"Apartamento en Paseo San Juan \/ YLAB Arquitectos (\u00a9 Santiago Garc\u00e9s)\" data-rel=\"lightbox-gallery-1\"><img loading=\"lazy\" decoding=\"async\" width=\"150\" height=\"150\" src=\"https:\/\/www.arquimaster.com.ar\/web\/wp-content\/uploads\/2024\/03\/apartamento_paseo_san_juan4-150x150.jpg\" class=\"attachment-thumbnail size-thumbnail\" alt=\"Apartamento en Paseo San Juan \/ YLAB Arquitectos\" aria-describedby=\"gallery-1-78395\" \/><\/a>\n\t\t\t<\/div>\n\t\t\t\t<figcaption class='wp-caption-text gallery-caption' id='gallery-1-78395'>\n\t\t\t\tApartamento en Paseo San Juan \/ YLAB Arquitectos (\u00a9 Santiago Garc\u00e9s)\n\t\t\t\t<\/figcaption><\/figure><figure class='gallery-item'>\n\t\t\t<div class='gallery-icon landscape'>\n\t\t\t\t<a href='https:\/\/www.arquimaster.com.ar\/web\/wp-content\/uploads\/2024\/03\/apartamento_paseo_san_juan5.jpg' title=\"Apartamento en Paseo San Juan \/ YLAB Arquitectos (\u00a9 Santiago Garc\u00e9s)\" data-rl_title=\"Apartamento en Paseo San Juan \/ YLAB Arquitectos (\u00a9 Santiago Garc\u00e9s)\" class=\"rl-gallery-link\" data-rl_caption=\"Apartamento en Paseo San Juan \/ YLAB Arquitectos (\u00a9 Santiago Garc\u00e9s)\" data-rel=\"lightbox-gallery-1\"><img loading=\"lazy\" decoding=\"async\" width=\"150\" height=\"150\" src=\"https:\/\/www.arquimaster.com.ar\/web\/wp-content\/uploads\/2024\/03\/apartamento_paseo_san_juan5-150x150.jpg\" class=\"attachment-thumbnail size-thumbnail\" alt=\"Apartamento en Paseo San Juan \/ YLAB Arquitectos\" aria-describedby=\"gallery-1-78396\" srcset=\"https:\/\/www.arquimaster.com.ar\/web\/wp-content\/uploads\/2024\/03\/apartamento_paseo_san_juan5-150x150.jpg 150w, https:\/\/www.arquimaster.com.ar\/web\/wp-content\/uploads\/2024\/03\/apartamento_paseo_san_juan5-768x768.jpg 768w, https:\/\/www.arquimaster.com.ar\/web\/wp-content\/uploads\/2024\/03\/apartamento_paseo_san_juan5.jpg 1500w\" sizes=\"auto, (max-width: 150px) 100vw, 150px\" \/><\/a>\n\t\t\t<\/div>\n\t\t\t\t<figcaption class='wp-caption-text gallery-caption' id='gallery-1-78396'>\n\t\t\t\tApartamento en Paseo San Juan \/ YLAB Arquitectos (\u00a9 Santiago Garc\u00e9s)\n\t\t\t\t<\/figcaption><\/figure><figure class='gallery-item'>\n\t\t\t<div class='gallery-icon portrait'>\n\t\t\t\t<a href='https:\/\/www.arquimaster.com.ar\/web\/wp-content\/uploads\/2024\/03\/apartamento_paseo_san_juan6.jpg' title=\"Apartamento en Paseo San Juan \/ YLAB Arquitectos (\u00a9 Santiago Garc\u00e9s)\" data-rl_title=\"Apartamento en Paseo San Juan \/ YLAB Arquitectos (\u00a9 Santiago Garc\u00e9s)\" class=\"rl-gallery-link\" data-rl_caption=\"Apartamento en Paseo San Juan \/ YLAB Arquitectos (\u00a9 Santiago Garc\u00e9s)\" data-rel=\"lightbox-gallery-1\"><img loading=\"lazy\" decoding=\"async\" width=\"150\" height=\"150\" src=\"https:\/\/www.arquimaster.com.ar\/web\/wp-content\/uploads\/2024\/03\/apartamento_paseo_san_juan6-150x150.jpg\" class=\"attachment-thumbnail size-thumbnail\" alt=\"Apartamento en Paseo San Juan \/ YLAB Arquitectos\" aria-describedby=\"gallery-1-78397\" \/><\/a>\n\t\t\t<\/div>\n\t\t\t\t<figcaption class='wp-caption-text gallery-caption' id='gallery-1-78397'>\n\t\t\t\tApartamento en Paseo San Juan \/ YLAB Arquitectos (\u00a9 Santiago Garc\u00e9s)\n\t\t\t\t<\/figcaption><\/figure><figure class='gallery-item'>\n\t\t\t<div class='gallery-icon landscape'>\n\t\t\t\t<a href='https:\/\/www.arquimaster.com.ar\/web\/wp-content\/uploads\/2024\/03\/apartamento_paseo_san_juan7.jpg' title=\"Apartamento en Paseo San Juan \/ YLAB Arquitectos (\u00a9 Santiago Garc\u00e9s)\" data-rl_title=\"Apartamento en Paseo San Juan \/ YLAB Arquitectos (\u00a9 Santiago Garc\u00e9s)\" class=\"rl-gallery-link\" data-rl_caption=\"Apartamento en Paseo San Juan \/ YLAB Arquitectos (\u00a9 Santiago Garc\u00e9s)\" data-rel=\"lightbox-gallery-1\"><img loading=\"lazy\" decoding=\"async\" width=\"150\" height=\"150\" src=\"https:\/\/www.arquimaster.com.ar\/web\/wp-content\/uploads\/2024\/03\/apartamento_paseo_san_juan7-150x150.jpg\" class=\"attachment-thumbnail size-thumbnail\" alt=\"Apartamento en Paseo San Juan \/ YLAB Arquitectos\" aria-describedby=\"gallery-1-78398\" \/><\/a>\n\t\t\t<\/div>\n\t\t\t\t<figcaption class='wp-caption-text gallery-caption' id='gallery-1-78398'>\n\t\t\t\tApartamento en Paseo San Juan \/ YLAB Arquitectos (\u00a9 Santiago Garc\u00e9s)\n\t\t\t\t<\/figcaption><\/figure><figure class='gallery-item'>\n\t\t\t<div class='gallery-icon portrait'>\n\t\t\t\t<a href='https:\/\/www.arquimaster.com.ar\/web\/wp-content\/uploads\/2024\/03\/apartamento_paseo_san_juan8.jpg' title=\"Apartamento en Paseo San Juan \/ YLAB Arquitectos (\u00a9 Santiago Garc\u00e9s)\" data-rl_title=\"Apartamento en Paseo San Juan \/ YLAB Arquitectos (\u00a9 Santiago Garc\u00e9s)\" class=\"rl-gallery-link\" data-rl_caption=\"Apartamento en Paseo San Juan \/ YLAB Arquitectos (\u00a9 Santiago Garc\u00e9s)\" data-rel=\"lightbox-gallery-1\"><img loading=\"lazy\" decoding=\"async\" width=\"150\" height=\"150\" src=\"https:\/\/www.arquimaster.com.ar\/web\/wp-content\/uploads\/2024\/03\/apartamento_paseo_san_juan8-150x150.jpg\" class=\"attachment-thumbnail size-thumbnail\" alt=\"Apartamento en Paseo San Juan \/ YLAB Arquitectos\" aria-describedby=\"gallery-1-78399\" \/><\/a>\n\t\t\t<\/div>\n\t\t\t\t<figcaption class='wp-caption-text gallery-caption' id='gallery-1-78399'>\n\t\t\t\tApartamento en Paseo San Juan \/ YLAB Arquitectos (\u00a9 Santiago Garc\u00e9s)\n\t\t\t\t<\/figcaption><\/figure><figure class='gallery-item'>\n\t\t\t<div class='gallery-icon landscape'>\n\t\t\t\t<a href='https:\/\/www.arquimaster.com.ar\/web\/wp-content\/uploads\/2024\/03\/apartamento_paseo_san_juan9.jpg' title=\"Apartamento en Paseo San Juan \/ YLAB Arquitectos (\u00a9 Santiago Garc\u00e9s)\" data-rl_title=\"Apartamento en Paseo San Juan \/ YLAB Arquitectos (\u00a9 Santiago Garc\u00e9s)\" class=\"rl-gallery-link\" data-rl_caption=\"Apartamento en Paseo San Juan \/ YLAB Arquitectos (\u00a9 Santiago Garc\u00e9s)\" data-rel=\"lightbox-gallery-1\"><img loading=\"lazy\" decoding=\"async\" width=\"150\" height=\"150\" src=\"https:\/\/www.arquimaster.com.ar\/web\/wp-content\/uploads\/2024\/03\/apartamento_paseo_san_juan9-150x150.jpg\" class=\"attachment-thumbnail size-thumbnail\" alt=\"Apartamento en Paseo San Juan \/ YLAB Arquitectos\" aria-describedby=\"gallery-1-78400\" \/><\/a>\n\t\t\t<\/div>\n\t\t\t\t<figcaption class='wp-caption-text gallery-caption' id='gallery-1-78400'>\n\t\t\t\tApartamento en Paseo San Juan \/ YLAB Arquitectos (\u00a9 Santiago Garc\u00e9s)\n\t\t\t\t<\/figcaption><\/figure><figure class='gallery-item'>\n\t\t\t<div class='gallery-icon portrait'>\n\t\t\t\t<a href='https:\/\/www.arquimaster.com.ar\/web\/wp-content\/uploads\/2024\/03\/apartamento_paseo_san_juan10.jpg' title=\"Apartamento en Paseo San Juan \/ YLAB Arquitectos (\u00a9 Santiago Garc\u00e9s)\" data-rl_title=\"Apartamento en Paseo San Juan \/ YLAB Arquitectos (\u00a9 Santiago Garc\u00e9s)\" class=\"rl-gallery-link\" data-rl_caption=\"Apartamento en Paseo San Juan \/ YLAB Arquitectos (\u00a9 Santiago Garc\u00e9s)\" data-rel=\"lightbox-gallery-1\"><img loading=\"lazy\" decoding=\"async\" width=\"150\" height=\"150\" src=\"https:\/\/www.arquimaster.com.ar\/web\/wp-content\/uploads\/2024\/03\/apartamento_paseo_san_juan10-150x150.jpg\" class=\"attachment-thumbnail size-thumbnail\" alt=\"Apartamento en Paseo San Juan \/ YLAB Arquitectos\" aria-describedby=\"gallery-1-78401\" \/><\/a>\n\t\t\t<\/div>\n\t\t\t\t<figcaption class='wp-caption-text gallery-caption' id='gallery-1-78401'>\n\t\t\t\tApartamento en Paseo San Juan \/ YLAB Arquitectos (\u00a9 Santiago Garc\u00e9s)\n\t\t\t\t<\/figcaption><\/figure><figure class='gallery-item'>\n\t\t\t<div class='gallery-icon portrait'>\n\t\t\t\t<a href='https:\/\/www.arquimaster.com.ar\/web\/wp-content\/uploads\/2024\/03\/apartamento_paseo_san_juan11.jpg' title=\"Apartamento en Paseo San Juan \/ YLAB Arquitectos (\u00a9 Santiago Garc\u00e9s)\" data-rl_title=\"Apartamento en Paseo San Juan \/ YLAB Arquitectos (\u00a9 Santiago Garc\u00e9s)\" class=\"rl-gallery-link\" data-rl_caption=\"Apartamento en Paseo San Juan \/ YLAB Arquitectos (\u00a9 Santiago Garc\u00e9s)\" data-rel=\"lightbox-gallery-1\"><img loading=\"lazy\" decoding=\"async\" width=\"150\" height=\"150\" src=\"https:\/\/www.arquimaster.com.ar\/web\/wp-content\/uploads\/2024\/03\/apartamento_paseo_san_juan11-150x150.jpg\" class=\"attachment-thumbnail size-thumbnail\" alt=\"Apartamento en Paseo San Juan \/ YLAB Arquitectos\" aria-describedby=\"gallery-1-78402\" \/><\/a>\n\t\t\t<\/div>\n\t\t\t\t<figcaption class='wp-caption-text gallery-caption' id='gallery-1-78402'>\n\t\t\t\tApartamento en Paseo San Juan \/ YLAB Arquitectos (\u00a9 Santiago Garc\u00e9s)\n\t\t\t\t<\/figcaption><\/figure><figure class='gallery-item'>\n\t\t\t<div class='gallery-icon landscape'>\n\t\t\t\t<a href='https:\/\/www.arquimaster.com.ar\/web\/wp-content\/uploads\/2024\/03\/apartamento_paseo_san_juan12.jpg' title=\"Apartamento en Paseo San Juan \/ YLAB Arquitectos (\u00a9 Santiago Garc\u00e9s)\" data-rl_title=\"Apartamento en Paseo San Juan \/ YLAB Arquitectos (\u00a9 Santiago Garc\u00e9s)\" class=\"rl-gallery-link\" data-rl_caption=\"Apartamento en Paseo San Juan \/ YLAB Arquitectos (\u00a9 Santiago Garc\u00e9s)\" data-rel=\"lightbox-gallery-1\"><img loading=\"lazy\" decoding=\"async\" width=\"150\" height=\"150\" src=\"https:\/\/www.arquimaster.com.ar\/web\/wp-content\/uploads\/2024\/03\/apartamento_paseo_san_juan12-150x150.jpg\" class=\"attachment-thumbnail size-thumbnail\" alt=\"Apartamento en Paseo San Juan \/ YLAB Arquitectos\" aria-describedby=\"gallery-1-78403\" \/><\/a>\n\t\t\t<\/div>\n\t\t\t\t<figcaption class='wp-caption-text gallery-caption' id='gallery-1-78403'>\n\t\t\t\tApartamento en Paseo San Juan \/ YLAB Arquitectos (\u00a9 Santiago Garc\u00e9s)\n\t\t\t\t<\/figcaption><\/figure><figure class='gallery-item'>\n\t\t\t<div class='gallery-icon landscape'>\n\t\t\t\t<a href='https:\/\/www.arquimaster.com.ar\/web\/wp-content\/uploads\/2024\/03\/apartamento_paseo_san_juan13.jpg' title=\"Apartamento en Paseo San Juan \/ YLAB Arquitectos (\u00a9 Santiago Garc\u00e9s)\" data-rl_title=\"Apartamento en Paseo San Juan \/ YLAB Arquitectos (\u00a9 Santiago Garc\u00e9s)\" class=\"rl-gallery-link\" data-rl_caption=\"Apartamento en Paseo San Juan \/ YLAB Arquitectos (\u00a9 Santiago Garc\u00e9s)\" data-rel=\"lightbox-gallery-1\"><img loading=\"lazy\" decoding=\"async\" width=\"150\" height=\"150\" src=\"https:\/\/www.arquimaster.com.ar\/web\/wp-content\/uploads\/2024\/03\/apartamento_paseo_san_juan13-150x150.jpg\" class=\"attachment-thumbnail size-thumbnail\" alt=\"Apartamento en Paseo San Juan \/ YLAB Arquitectos\" aria-describedby=\"gallery-1-78404\" \/><\/a>\n\t\t\t<\/div>\n\t\t\t\t<figcaption class='wp-caption-text gallery-caption' id='gallery-1-78404'>\n\t\t\t\tApartamento en Paseo San Juan \/ YLAB Arquitectos (\u00a9 Santiago Garc\u00e9s)\n\t\t\t\t<\/figcaption><\/figure><figure class='gallery-item'>\n\t\t\t<div class='gallery-icon portrait'>\n\t\t\t\t<a href='https:\/\/www.arquimaster.com.ar\/web\/wp-content\/uploads\/2024\/03\/apartamento_paseo_san_juan14.jpg' title=\"Apartamento en Paseo San Juan \/ YLAB Arquitectos (\u00a9 Santiago Garc\u00e9s)\" data-rl_title=\"Apartamento en Paseo San Juan \/ YLAB Arquitectos (\u00a9 Santiago Garc\u00e9s)\" class=\"rl-gallery-link\" data-rl_caption=\"Apartamento en Paseo San Juan \/ YLAB Arquitectos (\u00a9 Santiago Garc\u00e9s)\" data-rel=\"lightbox-gallery-1\"><img loading=\"lazy\" decoding=\"async\" width=\"150\" height=\"150\" src=\"https:\/\/www.arquimaster.com.ar\/web\/wp-content\/uploads\/2024\/03\/apartamento_paseo_san_juan14-150x150.jpg\" class=\"attachment-thumbnail size-thumbnail\" alt=\"Apartamento en Paseo San Juan \/ YLAB Arquitectos\" aria-describedby=\"gallery-1-78405\" \/><\/a>\n\t\t\t<\/div>\n\t\t\t\t<figcaption class='wp-caption-text gallery-caption' id='gallery-1-78405'>\n\t\t\t\tApartamento en Paseo San Juan \/ YLAB Arquitectos (\u00a9 Santiago Garc\u00e9s)\n\t\t\t\t<\/figcaption><\/figure><figure class='gallery-item'>\n\t\t\t<div class='gallery-icon portrait'>\n\t\t\t\t<a href='https:\/\/www.arquimaster.com.ar\/web\/wp-content\/uploads\/2024\/03\/apartamento_paseo_san_juan15.jpg' title=\"Apartamento en Paseo San Juan \/ YLAB Arquitectos (\u00a9 Santiago Garc\u00e9s)\" data-rl_title=\"Apartamento en Paseo San Juan \/ YLAB Arquitectos (\u00a9 Santiago Garc\u00e9s)\" class=\"rl-gallery-link\" data-rl_caption=\"Apartamento en Paseo San Juan \/ YLAB Arquitectos (\u00a9 Santiago Garc\u00e9s)\" data-rel=\"lightbox-gallery-1\"><img loading=\"lazy\" decoding=\"async\" width=\"150\" height=\"150\" src=\"https:\/\/www.arquimaster.com.ar\/web\/wp-content\/uploads\/2024\/03\/apartamento_paseo_san_juan15-150x150.jpg\" class=\"attachment-thumbnail size-thumbnail\" alt=\"Apartamento en Paseo San Juan \/ YLAB Arquitectos\" aria-describedby=\"gallery-1-78406\" \/><\/a>\n\t\t\t<\/div>\n\t\t\t\t<figcaption class='wp-caption-text gallery-caption' id='gallery-1-78406'>\n\t\t\t\tApartamento en Paseo San Juan \/ YLAB Arquitectos (\u00a9 Santiago Garc\u00e9s)\n\t\t\t\t<\/figcaption><\/figure><figure class='gallery-item'>\n\t\t\t<div class='gallery-icon portrait'>\n\t\t\t\t<a href='https:\/\/www.arquimaster.com.ar\/web\/wp-content\/uploads\/2024\/03\/apartamento_paseo_san_juan16.jpg' title=\"Apartamento en Paseo San Juan \/ YLAB Arquitectos (\u00a9 Santiago Garc\u00e9s)\" data-rl_title=\"Apartamento en Paseo San Juan \/ YLAB Arquitectos (\u00a9 Santiago Garc\u00e9s)\" class=\"rl-gallery-link\" data-rl_caption=\"Apartamento en Paseo San Juan \/ YLAB Arquitectos (\u00a9 Santiago Garc\u00e9s)\" data-rel=\"lightbox-gallery-1\"><img loading=\"lazy\" decoding=\"async\" width=\"150\" height=\"150\" src=\"https:\/\/www.arquimaster.com.ar\/web\/wp-content\/uploads\/2024\/03\/apartamento_paseo_san_juan16-150x150.jpg\" class=\"attachment-thumbnail size-thumbnail\" alt=\"Apartamento en Paseo San Juan \/ YLAB Arquitectos\" aria-describedby=\"gallery-1-78407\" \/><\/a>\n\t\t\t<\/div>\n\t\t\t\t<figcaption class='wp-caption-text gallery-caption' id='gallery-1-78407'>\n\t\t\t\tApartamento en Paseo San Juan \/ YLAB Arquitectos (\u00a9 Santiago Garc\u00e9s)\n\t\t\t\t<\/figcaption><\/figure><figure class='gallery-item'>\n\t\t\t<div class='gallery-icon portrait'>\n\t\t\t\t<a href='https:\/\/www.arquimaster.com.ar\/web\/wp-content\/uploads\/2024\/03\/apartamento_paseo_san_juan17.jpg' title=\"Apartamento en Paseo San Juan \/ YLAB Arquitectos (\u00a9 Santiago Garc\u00e9s)\" data-rl_title=\"Apartamento en Paseo San Juan \/ YLAB Arquitectos (\u00a9 Santiago Garc\u00e9s)\" class=\"rl-gallery-link\" data-rl_caption=\"Apartamento en Paseo San Juan \/ YLAB Arquitectos (\u00a9 Santiago Garc\u00e9s)\" data-rel=\"lightbox-gallery-1\"><img loading=\"lazy\" decoding=\"async\" width=\"150\" height=\"150\" src=\"https:\/\/www.arquimaster.com.ar\/web\/wp-content\/uploads\/2024\/03\/apartamento_paseo_san_juan17-150x150.jpg\" class=\"attachment-thumbnail size-thumbnail\" alt=\"Apartamento en Paseo San Juan \/ YLAB Arquitectos\" aria-describedby=\"gallery-1-78408\" \/><\/a>\n\t\t\t<\/div>\n\t\t\t\t<figcaption class='wp-caption-text gallery-caption' id='gallery-1-78408'>\n\t\t\t\tApartamento en Paseo San Juan \/ YLAB Arquitectos (\u00a9 Santiago Garc\u00e9s)\n\t\t\t\t<\/figcaption><\/figure><figure class='gallery-item'>\n\t\t\t<div class='gallery-icon portrait'>\n\t\t\t\t<a href='https:\/\/www.arquimaster.com.ar\/web\/wp-content\/uploads\/2024\/03\/apartamento_paseo_san_juan18.jpg' title=\"Apartamento en Paseo San Juan \/ YLAB Arquitectos (\u00a9 Santiago Garc\u00e9s)\" data-rl_title=\"Apartamento en Paseo San Juan \/ YLAB Arquitectos (\u00a9 Santiago Garc\u00e9s)\" class=\"rl-gallery-link\" data-rl_caption=\"Apartamento en Paseo San Juan \/ YLAB Arquitectos (\u00a9 Santiago Garc\u00e9s)\" data-rel=\"lightbox-gallery-1\"><img loading=\"lazy\" decoding=\"async\" width=\"150\" height=\"150\" src=\"https:\/\/www.arquimaster.com.ar\/web\/wp-content\/uploads\/2024\/03\/apartamento_paseo_san_juan18-150x150.jpg\" class=\"attachment-thumbnail size-thumbnail\" alt=\"Apartamento en Paseo San Juan \/ YLAB Arquitectos\" aria-describedby=\"gallery-1-78409\" \/><\/a>\n\t\t\t<\/div>\n\t\t\t\t<figcaption class='wp-caption-text gallery-caption' id='gallery-1-78409'>\n\t\t\t\tApartamento en Paseo San Juan \/ YLAB Arquitectos (\u00a9 Santiago Garc\u00e9s)\n\t\t\t\t<\/figcaption><\/figure><figure class='gallery-item'>\n\t\t\t<div class='gallery-icon portrait'>\n\t\t\t\t<a href='https:\/\/www.arquimaster.com.ar\/web\/wp-content\/uploads\/2024\/03\/apartamento_paseo_san_juan19.jpg' title=\"Apartamento en Paseo San Juan \/ YLAB Arquitectos (\u00a9 Santiago Garc\u00e9s)\" data-rl_title=\"Apartamento en Paseo San Juan \/ YLAB Arquitectos (\u00a9 Santiago Garc\u00e9s)\" class=\"rl-gallery-link\" data-rl_caption=\"Apartamento en Paseo San Juan \/ YLAB Arquitectos (\u00a9 Santiago Garc\u00e9s)\" data-rel=\"lightbox-gallery-1\"><img loading=\"lazy\" decoding=\"async\" width=\"150\" height=\"150\" src=\"https:\/\/www.arquimaster.com.ar\/web\/wp-content\/uploads\/2024\/03\/apartamento_paseo_san_juan19-150x150.jpg\" class=\"attachment-thumbnail size-thumbnail\" alt=\"Apartamento en Paseo San Juan \/ YLAB Arquitectos\" aria-describedby=\"gallery-1-78410\" \/><\/a>\n\t\t\t<\/div>\n\t\t\t\t<figcaption class='wp-caption-text gallery-caption' id='gallery-1-78410'>\n\t\t\t\tApartamento en Paseo San Juan \/ YLAB Arquitectos (\u00a9 Santiago Garc\u00e9s)\n\t\t\t\t<\/figcaption><\/figure><figure class='gallery-item'>\n\t\t\t<div class='gallery-icon portrait'>\n\t\t\t\t<a href='https:\/\/www.arquimaster.com.ar\/web\/wp-content\/uploads\/2024\/03\/apartamento_paseo_san_juan20.jpg' title=\"Apartamento en Paseo San Juan \/ YLAB Arquitectos (\u00a9 Santiago Garc\u00e9s)\" data-rl_title=\"Apartamento en Paseo San Juan \/ YLAB Arquitectos (\u00a9 Santiago Garc\u00e9s)\" class=\"rl-gallery-link\" data-rl_caption=\"Apartamento en Paseo San Juan \/ YLAB Arquitectos (\u00a9 Santiago Garc\u00e9s)\" data-rel=\"lightbox-gallery-1\"><img loading=\"lazy\" decoding=\"async\" width=\"150\" height=\"150\" src=\"https:\/\/www.arquimaster.com.ar\/web\/wp-content\/uploads\/2024\/03\/apartamento_paseo_san_juan20-150x150.jpg\" class=\"attachment-thumbnail size-thumbnail\" alt=\"Apartamento en Paseo San Juan \/ YLAB Arquitectos\" aria-describedby=\"gallery-1-78411\" \/><\/a>\n\t\t\t<\/div>\n\t\t\t\t<figcaption class='wp-caption-text gallery-caption' id='gallery-1-78411'>\n\t\t\t\tApartamento en Paseo San Juan \/ YLAB Arquitectos (\u00a9 Santiago Garc\u00e9s)\n\t\t\t\t<\/figcaption><\/figure><figure class='gallery-item'>\n\t\t\t<div class='gallery-icon portrait'>\n\t\t\t\t<a href='https:\/\/www.arquimaster.com.ar\/web\/wp-content\/uploads\/2024\/03\/apartamento_paseo_san_juan21.jpg' title=\"Apartamento en Paseo San Juan \/ YLAB Arquitectos (\u00a9 Santiago Garc\u00e9s)\" data-rl_title=\"Apartamento en Paseo San Juan \/ YLAB Arquitectos (\u00a9 Santiago Garc\u00e9s)\" class=\"rl-gallery-link\" data-rl_caption=\"Apartamento en Paseo San Juan \/ YLAB Arquitectos (\u00a9 Santiago Garc\u00e9s)\" data-rel=\"lightbox-gallery-1\"><img loading=\"lazy\" decoding=\"async\" width=\"150\" height=\"150\" src=\"https:\/\/www.arquimaster.com.ar\/web\/wp-content\/uploads\/2024\/03\/apartamento_paseo_san_juan21-150x150.jpg\" class=\"attachment-thumbnail size-thumbnail\" alt=\"Apartamento en Paseo San Juan \/ YLAB Arquitectos\" aria-describedby=\"gallery-1-78412\" \/><\/a>\n\t\t\t<\/div>\n\t\t\t\t<figcaption class='wp-caption-text gallery-caption' id='gallery-1-78412'>\n\t\t\t\tApartamento en Paseo San Juan \/ YLAB Arquitectos (\u00a9 Santiago Garc\u00e9s)\n\t\t\t\t<\/figcaption><\/figure><figure class='gallery-item'>\n\t\t\t<div class='gallery-icon landscape'>\n\t\t\t\t<a href='https:\/\/www.arquimaster.com.ar\/web\/wp-content\/uploads\/2024\/03\/apartamento_paseo_san_juan22.jpg' title=\"Apartamento en Paseo San Juan \/ YLAB Arquitectos (\u00a9 YLAB Arquitectos)\" data-rl_title=\"Apartamento en Paseo San Juan \/ YLAB Arquitectos (\u00a9 YLAB Arquitectos)\" class=\"rl-gallery-link\" data-rl_caption=\"Apartamento en Paseo San Juan \/ YLAB Arquitectos (\u00a9 YLAB Arquitectos)\" data-rel=\"lightbox-gallery-1\"><img loading=\"lazy\" decoding=\"async\" width=\"150\" height=\"150\" src=\"https:\/\/www.arquimaster.com.ar\/web\/wp-content\/uploads\/2024\/03\/apartamento_paseo_san_juan22-150x150.jpg\" class=\"attachment-thumbnail size-thumbnail\" alt=\"Apartamento en Paseo San Juan \/ YLAB Arquitectos\" aria-describedby=\"gallery-1-78413\" \/><\/a>\n\t\t\t<\/div>\n\t\t\t\t<figcaption class='wp-caption-text gallery-caption' id='gallery-1-78413'>\n\t\t\t\tApartamento en Paseo San Juan \/ YLAB Arquitectos (\u00a9 YLAB Arquitectos)\n\t\t\t\t<\/figcaption><\/figure><figure class='gallery-item'>\n\t\t\t<div class='gallery-icon landscape'>\n\t\t\t\t<a href='https:\/\/www.arquimaster.com.ar\/web\/wp-content\/uploads\/2024\/03\/apartamento_paseo_san_juan23.jpg' title=\"Apartamento en Paseo San Juan \/ YLAB Arquitectos (\u00a9 YLAB Arquitectos)\" data-rl_title=\"Apartamento en Paseo San Juan \/ YLAB Arquitectos (\u00a9 YLAB Arquitectos)\" class=\"rl-gallery-link\" data-rl_caption=\"Apartamento en Paseo San Juan \/ YLAB Arquitectos (\u00a9 YLAB Arquitectos)\" data-rel=\"lightbox-gallery-1\"><img loading=\"lazy\" decoding=\"async\" width=\"150\" height=\"150\" src=\"https:\/\/www.arquimaster.com.ar\/web\/wp-content\/uploads\/2024\/03\/apartamento_paseo_san_juan23-150x150.jpg\" class=\"attachment-thumbnail size-thumbnail\" alt=\"Apartamento en Paseo San Juan \/ YLAB Arquitectos\" aria-describedby=\"gallery-1-78414\" \/><\/a>\n\t\t\t<\/div>\n\t\t\t\t<figcaption class='wp-caption-text gallery-caption' id='gallery-1-78414'>\n\t\t\t\tApartamento en Paseo San Juan \/ YLAB Arquitectos (\u00a9 YLAB Arquitectos)\n\t\t\t\t<\/figcaption><\/figure><figure class='gallery-item'>\n\t\t\t<div class='gallery-icon landscape'>\n\t\t\t\t<a href='https:\/\/www.arquimaster.com.ar\/web\/wp-content\/uploads\/2024\/03\/apartamento_paseo_san_juan24.jpg' title=\"Apartamento en Paseo San Juan \/ YLAB Arquitectos (\u00a9 YLAB Arquitectos)\" data-rl_title=\"Apartamento en Paseo San Juan \/ YLAB Arquitectos (\u00a9 YLAB Arquitectos)\" class=\"rl-gallery-link\" data-rl_caption=\"Apartamento en Paseo San Juan \/ YLAB Arquitectos (\u00a9 YLAB Arquitectos)\" data-rel=\"lightbox-gallery-1\"><img loading=\"lazy\" decoding=\"async\" width=\"150\" height=\"150\" src=\"https:\/\/www.arquimaster.com.ar\/web\/wp-content\/uploads\/2024\/03\/apartamento_paseo_san_juan24-150x150.jpg\" class=\"attachment-thumbnail size-thumbnail\" alt=\"Apartamento en Paseo San Juan \/ YLAB Arquitectos\" aria-describedby=\"gallery-1-78415\" \/><\/a>\n\t\t\t<\/div>\n\t\t\t\t<figcaption class='wp-caption-text gallery-caption' id='gallery-1-78415'>\n\t\t\t\tApartamento en Paseo San Juan \/ YLAB Arquitectos (\u00a9 YLAB Arquitectos)\n\t\t\t\t<\/figcaption><\/figure><figure class='gallery-item'>\n\t\t\t<div class='gallery-icon portrait'>\n\t\t\t\t<a href='https:\/\/www.arquimaster.com.ar\/web\/wp-content\/uploads\/2024\/03\/apartamento_paseo_san_juan25.jpg' title=\"Apartamento en Paseo San Juan \/ YLAB Arquitectos (\u00a9 YLAB Arquitectos)\" data-rl_title=\"Apartamento en Paseo San Juan \/ YLAB Arquitectos (\u00a9 YLAB Arquitectos)\" class=\"rl-gallery-link\" data-rl_caption=\"Apartamento en Paseo San Juan \/ YLAB Arquitectos (\u00a9 YLAB Arquitectos)\" data-rel=\"lightbox-gallery-1\"><img loading=\"lazy\" decoding=\"async\" width=\"150\" height=\"150\" src=\"https:\/\/www.arquimaster.com.ar\/web\/wp-content\/uploads\/2024\/03\/apartamento_paseo_san_juan25-150x150.jpg\" class=\"attachment-thumbnail size-thumbnail\" alt=\"Apartamento en Paseo San Juan \/ YLAB Arquitectos\" aria-describedby=\"gallery-1-78416\" \/><\/a>\n\t\t\t<\/div>\n\t\t\t\t<figcaption class='wp-caption-text gallery-caption' id='gallery-1-78416'>\n\t\t\t\tApartamento en Paseo San Juan \/ YLAB Arquitectos (\u00a9 YLAB Arquitectos)\n\t\t\t\t<\/figcaption><\/figure><figure class='gallery-item'>\n\t\t\t<div class='gallery-icon landscape'>\n\t\t\t\t<a href='https:\/\/www.arquimaster.com.ar\/web\/wp-content\/uploads\/2024\/03\/apartamento_paseo_san_juan26.jpg' title=\"Apartamento en Paseo San Juan \/ YLAB Arquitectos (\u00a9 YLAB Arquitectos)\" data-rl_title=\"Apartamento en Paseo San Juan \/ YLAB Arquitectos (\u00a9 YLAB Arquitectos)\" class=\"rl-gallery-link\" data-rl_caption=\"Apartamento en Paseo San Juan \/ YLAB Arquitectos (\u00a9 YLAB Arquitectos)\" data-rel=\"lightbox-gallery-1\"><img loading=\"lazy\" decoding=\"async\" width=\"150\" height=\"150\" src=\"https:\/\/www.arquimaster.com.ar\/web\/wp-content\/uploads\/2024\/03\/apartamento_paseo_san_juan26-150x150.jpg\" class=\"attachment-thumbnail size-thumbnail\" alt=\"Apartamento en Paseo San Juan \/ YLAB Arquitectos\" aria-describedby=\"gallery-1-78417\" \/><\/a>\n\t\t\t<\/div>\n\t\t\t\t<figcaption class='wp-caption-text gallery-caption' id='gallery-1-78417'>\n\t\t\t\tApartamento en Paseo San Juan \/ YLAB Arquitectos (\u00a9 YLAB Arquitectos)\n\t\t\t\t<\/figcaption><\/figure><figure class='gallery-item'>\n\t\t\t<div class='gallery-icon portrait'>\n\t\t\t\t<a href='https:\/\/www.arquimaster.com.ar\/web\/wp-content\/uploads\/2024\/03\/apartamento_paseo_san_juan27.jpg' title=\"Apartamento en Paseo San Juan \/ YLAB Arquitectos (\u00a9 YLAB Arquitectos)\" data-rl_title=\"Apartamento en Paseo San Juan \/ YLAB Arquitectos (\u00a9 YLAB Arquitectos)\" class=\"rl-gallery-link\" data-rl_caption=\"Apartamento en Paseo San Juan \/ YLAB Arquitectos (\u00a9 YLAB Arquitectos)\" data-rel=\"lightbox-gallery-1\"><img loading=\"lazy\" decoding=\"async\" width=\"150\" height=\"150\" src=\"https:\/\/www.arquimaster.com.ar\/web\/wp-content\/uploads\/2024\/03\/apartamento_paseo_san_juan27-150x150.jpg\" class=\"attachment-thumbnail size-thumbnail\" alt=\"Apartamento en Paseo San Juan \/ YLAB Arquitectos\" aria-describedby=\"gallery-1-78418\" \/><\/a>\n\t\t\t<\/div>\n\t\t\t\t<figcaption class='wp-caption-text gallery-caption' id='gallery-1-78418'>\n\t\t\t\tApartamento en Paseo San Juan \/ YLAB Arquitectos (\u00a9 YLAB Arquitectos)\n\t\t\t\t<\/figcaption><\/figure><figure class='gallery-item'>\n\t\t\t<div class='gallery-icon portrait'>\n\t\t\t\t<a href='https:\/\/www.arquimaster.com.ar\/web\/wp-content\/uploads\/2024\/03\/apartamento_paseo_san_juan28.jpg' title=\"Apartamento en Paseo San Juan \/ YLAB Arquitectos (\u00a9 YLAB Arquitectos)\" data-rl_title=\"Apartamento en Paseo San Juan \/ YLAB Arquitectos (\u00a9 YLAB Arquitectos)\" class=\"rl-gallery-link\" data-rl_caption=\"Apartamento en Paseo San Juan \/ YLAB Arquitectos (\u00a9 YLAB Arquitectos)\" data-rel=\"lightbox-gallery-1\"><img loading=\"lazy\" decoding=\"async\" width=\"150\" height=\"150\" src=\"https:\/\/www.arquimaster.com.ar\/web\/wp-content\/uploads\/2024\/03\/apartamento_paseo_san_juan28-150x150.jpg\" class=\"attachment-thumbnail size-thumbnail\" alt=\"Apartamento en Paseo San Juan \/ YLAB Arquitectos\" aria-describedby=\"gallery-1-78419\" \/><\/a>\n\t\t\t<\/div>\n\t\t\t\t<figcaption class='wp-caption-text gallery-caption' id='gallery-1-78419'>\n\t\t\t\tApartamento en Paseo San Juan \/ YLAB Arquitectos (\u00a9 YLAB Arquitectos)\n\t\t\t\t<\/figcaption><\/figure><figure class='gallery-item'>\n\t\t\t<div class='gallery-icon landscape'>\n\t\t\t\t<a href='https:\/\/www.arquimaster.com.ar\/web\/wp-content\/uploads\/2024\/03\/apartamento_paseo_san_juan29.jpg' title=\"Apartamento en Paseo San Juan \/ YLAB Arquitectos (\u00a9 YLAB Arquitectos)\" data-rl_title=\"Apartamento en Paseo San Juan \/ YLAB Arquitectos (\u00a9 YLAB Arquitectos)\" class=\"rl-gallery-link\" data-rl_caption=\"Apartamento en Paseo San Juan \/ YLAB Arquitectos (\u00a9 YLAB Arquitectos)\" data-rel=\"lightbox-gallery-1\"><img loading=\"lazy\" decoding=\"async\" width=\"150\" height=\"150\" src=\"https:\/\/www.arquimaster.com.ar\/web\/wp-content\/uploads\/2024\/03\/apartamento_paseo_san_juan29-150x150.jpg\" class=\"attachment-thumbnail size-thumbnail\" alt=\"Apartamento en Paseo San Juan \/ YLAB Arquitectos\" aria-describedby=\"gallery-1-78420\" srcset=\"https:\/\/www.arquimaster.com.ar\/web\/wp-content\/uploads\/2024\/03\/apartamento_paseo_san_juan29-150x150.jpg 150w, https:\/\/www.arquimaster.com.ar\/web\/wp-content\/uploads\/2024\/03\/apartamento_paseo_san_juan29-768x768.jpg 768w, https:\/\/www.arquimaster.com.ar\/web\/wp-content\/uploads\/2024\/03\/apartamento_paseo_san_juan29.jpg 1500w\" sizes=\"auto, (max-width: 150px) 100vw, 150px\" \/><\/a>\n\t\t\t<\/div>\n\t\t\t\t<figcaption class='wp-caption-text gallery-caption' id='gallery-1-78420'>\n\t\t\t\tApartamento en Paseo San Juan \/ YLAB Arquitectos (\u00a9 YLAB Arquitectos)\n\t\t\t\t<\/figcaption><\/figure><figure class='gallery-item'>\n\t\t\t<div class='gallery-icon portrait'>\n\t\t\t\t<a href='https:\/\/www.arquimaster.com.ar\/web\/wp-content\/uploads\/2024\/03\/apartamento_paseo_san_juan30.jpg' title=\"Apartamento en Paseo San Juan \/ YLAB Arquitectos (\u00a9 YLAB Arquitectos)\" data-rl_title=\"Apartamento en Paseo San Juan \/ YLAB Arquitectos (\u00a9 YLAB Arquitectos)\" class=\"rl-gallery-link\" data-rl_caption=\"Apartamento en Paseo San Juan \/ YLAB Arquitectos (\u00a9 YLAB Arquitectos)\" data-rel=\"lightbox-gallery-1\"><img loading=\"lazy\" decoding=\"async\" width=\"150\" height=\"150\" src=\"https:\/\/www.arquimaster.com.ar\/web\/wp-content\/uploads\/2024\/03\/apartamento_paseo_san_juan30-150x150.jpg\" class=\"attachment-thumbnail size-thumbnail\" alt=\"Apartamento en Paseo San Juan \/ YLAB Arquitectos\" aria-describedby=\"gallery-1-78421\" \/><\/a>\n\t\t\t<\/div>\n\t\t\t\t<figcaption class='wp-caption-text gallery-caption' id='gallery-1-78421'>\n\t\t\t\tApartamento en Paseo San Juan \/ YLAB Arquitectos (\u00a9 YLAB Arquitectos)\n\t\t\t\t<\/figcaption><\/figure><figure class='gallery-item'>\n\t\t\t<div class='gallery-icon portrait'>\n\t\t\t\t<a href='https:\/\/www.arquimaster.com.ar\/web\/wp-content\/uploads\/2024\/03\/apartamento_paseo_san_juan31.jpg' title=\"Apartamento en Paseo San Juan \/ YLAB Arquitectos (\u00a9 YLAB Arquitectos)\" data-rl_title=\"Apartamento en Paseo San Juan \/ YLAB Arquitectos (\u00a9 YLAB Arquitectos)\" class=\"rl-gallery-link\" data-rl_caption=\"Apartamento en Paseo San Juan \/ YLAB Arquitectos (\u00a9 YLAB Arquitectos)\" data-rel=\"lightbox-gallery-1\"><img loading=\"lazy\" decoding=\"async\" width=\"150\" height=\"150\" src=\"https:\/\/www.arquimaster.com.ar\/web\/wp-content\/uploads\/2024\/03\/apartamento_paseo_san_juan31-150x150.jpg\" class=\"attachment-thumbnail size-thumbnail\" alt=\"Apartamento en Paseo San Juan \/ YLAB Arquitectos\" aria-describedby=\"gallery-1-78422\" \/><\/a>\n\t\t\t<\/div>\n\t\t\t\t<figcaption class='wp-caption-text gallery-caption' id='gallery-1-78422'>\n\t\t\t\tApartamento en Paseo San Juan \/ YLAB Arquitectos (\u00a9 YLAB Arquitectos)\n\t\t\t\t<\/figcaption><\/figure><figure class='gallery-item'>\n\t\t\t<div class='gallery-icon portrait'>\n\t\t\t\t<a href='https:\/\/www.arquimaster.com.ar\/web\/wp-content\/uploads\/2024\/03\/apartamento_paseo_san_juan32.jpg' title=\"Apartamento en Paseo San Juan \/ YLAB Arquitectos (\u00a9 YLAB Arquitectos)\" data-rl_title=\"Apartamento en Paseo San Juan \/ YLAB Arquitectos (\u00a9 YLAB Arquitectos)\" class=\"rl-gallery-link\" data-rl_caption=\"Apartamento en Paseo San Juan \/ YLAB Arquitectos (\u00a9 YLAB Arquitectos)\" data-rel=\"lightbox-gallery-1\"><img loading=\"lazy\" decoding=\"async\" width=\"150\" height=\"150\" src=\"https:\/\/www.arquimaster.com.ar\/web\/wp-content\/uploads\/2024\/03\/apartamento_paseo_san_juan32-150x150.jpg\" class=\"attachment-thumbnail size-thumbnail\" alt=\"Apartamento en Paseo San Juan \/ YLAB Arquitectos\" aria-describedby=\"gallery-1-78423\" \/><\/a>\n\t\t\t<\/div>\n\t\t\t\t<figcaption class='wp-caption-text gallery-caption' id='gallery-1-78423'>\n\t\t\t\tApartamento en Paseo San Juan \/ YLAB Arquitectos (\u00a9 YLAB Arquitectos)\n\t\t\t\t<\/figcaption><\/figure><figure class='gallery-item'>\n\t\t\t<div class='gallery-icon portrait'>\n\t\t\t\t<a href='https:\/\/www.arquimaster.com.ar\/web\/wp-content\/uploads\/2024\/03\/apartamento_paseo_san_juan33.jpg' title=\"Apartamento en Paseo San Juan \/ YLAB Arquitectos (\u00a9 YLAB Arquitectos)\" data-rl_title=\"Apartamento en Paseo San Juan \/ YLAB Arquitectos (\u00a9 YLAB Arquitectos)\" class=\"rl-gallery-link\" data-rl_caption=\"Apartamento en Paseo San Juan \/ YLAB Arquitectos (\u00a9 YLAB Arquitectos)\" data-rel=\"lightbox-gallery-1\"><img loading=\"lazy\" decoding=\"async\" width=\"150\" height=\"150\" src=\"https:\/\/www.arquimaster.com.ar\/web\/wp-content\/uploads\/2024\/03\/apartamento_paseo_san_juan33-150x150.jpg\" class=\"attachment-thumbnail size-thumbnail\" alt=\"Apartamento en Paseo San Juan \/ YLAB Arquitectos\" aria-describedby=\"gallery-1-78424\" \/><\/a>\n\t\t\t<\/div>\n\t\t\t\t<figcaption class='wp-caption-text gallery-caption' id='gallery-1-78424'>\n\t\t\t\tApartamento en Paseo San Juan \/ YLAB Arquitectos (\u00a9 YLAB Arquitectos)\n\t\t\t\t<\/figcaption><\/figure><figure class='gallery-item'>\n\t\t\t<div class='gallery-icon landscape'>\n\t\t\t\t<a href='https:\/\/www.arquimaster.com.ar\/web\/wp-content\/uploads\/2024\/03\/apartamento_paseo_san_juan34.jpg' title=\"Apartamento en Paseo San Juan \/ YLAB Arquitectos (\u00a9 YLAB Arquitectos)\" data-rl_title=\"Apartamento en Paseo San Juan \/ YLAB Arquitectos (\u00a9 YLAB Arquitectos)\" class=\"rl-gallery-link\" data-rl_caption=\"Apartamento en Paseo San Juan \/ YLAB Arquitectos (\u00a9 YLAB Arquitectos)\" data-rel=\"lightbox-gallery-1\"><img loading=\"lazy\" decoding=\"async\" width=\"150\" height=\"150\" src=\"https:\/\/www.arquimaster.com.ar\/web\/wp-content\/uploads\/2024\/03\/apartamento_paseo_san_juan34-150x150.jpg\" class=\"attachment-thumbnail size-thumbnail\" alt=\"Apartamento en Paseo San Juan \/ YLAB Arquitectos\" aria-describedby=\"gallery-1-78425\" srcset=\"https:\/\/www.arquimaster.com.ar\/web\/wp-content\/uploads\/2024\/03\/apartamento_paseo_san_juan34-150x150.jpg 150w, https:\/\/www.arquimaster.com.ar\/web\/wp-content\/uploads\/2024\/03\/apartamento_paseo_san_juan34-768x768.jpg 768w, https:\/\/www.arquimaster.com.ar\/web\/wp-content\/uploads\/2024\/03\/apartamento_paseo_san_juan34.jpg 1500w\" sizes=\"auto, (max-width: 150px) 100vw, 150px\" \/><\/a>\n\t\t\t<\/div>\n\t\t\t\t<figcaption class='wp-caption-text gallery-caption' id='gallery-1-78425'>\n\t\t\t\tApartamento en Paseo San Juan \/ YLAB Arquitectos (\u00a9 YLAB Arquitectos)\n\t\t\t\t<\/figcaption><\/figure><figure class='gallery-item'>\n\t\t\t<div class='gallery-icon portrait'>\n\t\t\t\t<a href='https:\/\/www.arquimaster.com.ar\/web\/wp-content\/uploads\/2024\/03\/apartamento_paseo_san_juan35.jpg' title=\"Apartamento en Paseo San Juan \/ YLAB Arquitectos (\u00a9 YLAB Arquitectos)\" data-rl_title=\"Apartamento en Paseo San Juan \/ YLAB Arquitectos (\u00a9 YLAB Arquitectos)\" class=\"rl-gallery-link\" data-rl_caption=\"Apartamento en Paseo San Juan \/ YLAB Arquitectos (\u00a9 YLAB Arquitectos)\" data-rel=\"lightbox-gallery-1\"><img loading=\"lazy\" decoding=\"async\" width=\"150\" height=\"150\" src=\"https:\/\/www.arquimaster.com.ar\/web\/wp-content\/uploads\/2024\/03\/apartamento_paseo_san_juan35-150x150.jpg\" class=\"attachment-thumbnail size-thumbnail\" alt=\"Apartamento en Paseo San Juan \/ YLAB Arquitectos\" aria-describedby=\"gallery-1-78426\" srcset=\"https:\/\/www.arquimaster.com.ar\/web\/wp-content\/uploads\/2024\/03\/apartamento_paseo_san_juan35-150x150.jpg 150w, https:\/\/www.arquimaster.com.ar\/web\/wp-content\/uploads\/2024\/03\/apartamento_paseo_san_juan35-768x774.jpg 768w, https:\/\/www.arquimaster.com.ar\/web\/wp-content\/uploads\/2024\/03\/apartamento_paseo_san_juan35.jpg 1488w\" sizes=\"auto, (max-width: 150px) 100vw, 150px\" \/><\/a>\n\t\t\t<\/div>\n\t\t\t\t<figcaption class='wp-caption-text gallery-caption' id='gallery-1-78426'>\n\t\t\t\tApartamento en Paseo San Juan \/ YLAB Arquitectos (\u00a9 YLAB Arquitectos)\n\t\t\t\t<\/figcaption><\/figure><figure class='gallery-item'>\n\t\t\t<div class='gallery-icon portrait'>\n\t\t\t\t<a href='https:\/\/www.arquimaster.com.ar\/web\/wp-content\/uploads\/2024\/03\/apartamento_paseo_san_juan36.jpg' title=\"Apartamento en Paseo San Juan \/ YLAB Arquitectos (\u00a9 YLAB Arquitectos)\" data-rl_title=\"Apartamento en Paseo San Juan \/ YLAB Arquitectos (\u00a9 YLAB Arquitectos)\" class=\"rl-gallery-link\" data-rl_caption=\"Apartamento en Paseo San Juan \/ YLAB Arquitectos (\u00a9 YLAB Arquitectos)\" data-rel=\"lightbox-gallery-1\"><img loading=\"lazy\" decoding=\"async\" width=\"150\" height=\"150\" src=\"https:\/\/www.arquimaster.com.ar\/web\/wp-content\/uploads\/2024\/03\/apartamento_paseo_san_juan36-150x150.jpg\" class=\"attachment-thumbnail size-thumbnail\" alt=\"Apartamento en Paseo San Juan \/ YLAB Arquitectos\" aria-describedby=\"gallery-1-78427\" \/><\/a>\n\t\t\t<\/div>\n\t\t\t\t<figcaption class='wp-caption-text gallery-caption' id='gallery-1-78427'>\n\t\t\t\tApartamento en Paseo San Juan \/ YLAB Arquitectos (\u00a9 YLAB Arquitectos)\n\t\t\t\t<\/figcaption><\/figure><figure class='gallery-item'>\n\t\t\t<div class='gallery-icon portrait'>\n\t\t\t\t<a href='https:\/\/www.arquimaster.com.ar\/web\/wp-content\/uploads\/2024\/03\/apartamento_paseo_san_juan37.jpg' title=\"Apartamento en Paseo San Juan \/ YLAB Arquitectos (\u00a9 YLAB Arquitectos)\" data-rl_title=\"Apartamento en Paseo San Juan \/ YLAB Arquitectos (\u00a9 YLAB Arquitectos)\" class=\"rl-gallery-link\" data-rl_caption=\"Apartamento en Paseo San Juan \/ YLAB Arquitectos (\u00a9 YLAB Arquitectos)\" data-rel=\"lightbox-gallery-1\"><img loading=\"lazy\" decoding=\"async\" width=\"150\" height=\"150\" src=\"https:\/\/www.arquimaster.com.ar\/web\/wp-content\/uploads\/2024\/03\/apartamento_paseo_san_juan37-150x150.jpg\" class=\"attachment-thumbnail size-thumbnail\" alt=\"Apartamento en Paseo San Juan \/ YLAB Arquitectos\" aria-describedby=\"gallery-1-78428\" \/><\/a>\n\t\t\t<\/div>\n\t\t\t\t<figcaption class='wp-caption-text gallery-caption' id='gallery-1-78428'>\n\t\t\t\tApartamento en Paseo San Juan \/ YLAB Arquitectos (\u00a9 YLAB Arquitectos)\n\t\t\t\t<\/figcaption><\/figure><figure class='gallery-item'>\n\t\t\t<div class='gallery-icon landscape'>\n\t\t\t\t<a href='https:\/\/www.arquimaster.com.ar\/web\/wp-content\/uploads\/2024\/03\/apartamento_paseo_san_juan38.jpg' title=\"Apartamento en Paseo San Juan \/ YLAB Arquitectos (planta)\" data-rl_title=\"Apartamento en Paseo San Juan \/ YLAB Arquitectos (planta)\" class=\"rl-gallery-link\" data-rl_caption=\"Apartamento en Paseo San Juan \/ YLAB Arquitectos (planta)\" data-rel=\"lightbox-gallery-1\"><img loading=\"lazy\" decoding=\"async\" width=\"150\" height=\"150\" src=\"https:\/\/www.arquimaster.com.ar\/web\/wp-content\/uploads\/2024\/03\/apartamento_paseo_san_juan38-150x150.jpg\" class=\"attachment-thumbnail size-thumbnail\" alt=\"Apartamento en Paseo San Juan \/ YLAB Arquitectos\" aria-describedby=\"gallery-1-78429\" \/><\/a>\n\t\t\t<\/div>\n\t\t\t\t<figcaption class='wp-caption-text gallery-caption' id='gallery-1-78429'>\n\t\t\t\tApartamento en Paseo San Juan \/ YLAB Arquitectos (planta)\n\t\t\t\t<\/figcaption><\/figure><figure class='gallery-item'>\n\t\t\t<div class='gallery-icon landscape'>\n\t\t\t\t<a href='https:\/\/www.arquimaster.com.ar\/web\/wp-content\/uploads\/2024\/03\/apartamento_paseo_san_juan39.jpg' title=\"Apartamento en Paseo San Juan \/ YLAB Arquitectos (planta)\" data-rl_title=\"Apartamento en Paseo San Juan \/ YLAB Arquitectos (planta)\" class=\"rl-gallery-link\" data-rl_caption=\"Apartamento en Paseo San Juan \/ YLAB Arquitectos (planta)\" data-rel=\"lightbox-gallery-1\"><img loading=\"lazy\" decoding=\"async\" width=\"150\" height=\"150\" src=\"https:\/\/www.arquimaster.com.ar\/web\/wp-content\/uploads\/2024\/03\/apartamento_paseo_san_juan39-150x150.jpg\" class=\"attachment-thumbnail size-thumbnail\" alt=\"Apartamento en Paseo San Juan \/ YLAB Arquitectos\" aria-describedby=\"gallery-1-78430\" \/><\/a>\n\t\t\t<\/div>\n\t\t\t\t<figcaption class='wp-caption-text gallery-caption' id='gallery-1-78430'>\n\t\t\t\tApartamento en Paseo San Juan \/ YLAB Arquitectos (planta)\n\t\t\t\t<\/figcaption><\/figure>\n\t\t<\/div>\n\n<p>El reto del encargo consiste en incorporar un programa de usos contempor\u00e1neo y con un alto grado de confort, en una vivienda protegida con valor hist\u00f3rico-art\u00edstico, donde se deb\u00eda mantener la estructura y los elementos m\u00e1s valiosos como el pavimento de mosaico Nolla y los techos originales.<\/p>\n<p>Funcionalmente, se divide el espacio en dos zonas principales a ambos lados del vest\u00edbulo de entrada: la zona social y de invitados, en el lado m\u00e1s amplio de la casa; y la zona privada, en el lado menor, que funciona como un peque\u00f1o apartamento privado. Ambas zonas son redistribuidas y se crean nuevos espacios para cumplir con las necesidades de los propietarios y preservar su privacidad.<\/p>\n<p>El concepto de dise\u00f1o se inspira en la diversidad crom\u00e1tica del pavimento de mosaico, diferente en cada uno de los espacios. Las estancias de mayor tama\u00f1o son tratadas con una pintura a la cal Bauwerk en tonos desaturados diferentes y armonizando con el pavimento; y el mobiliario a medida est\u00e1 acabado en laca semi satinada del mismo color.<\/p>\n<p>Un elemento conector, formado por z\u00f3calos y carpinter\u00edas interiores y exteriores en color marr\u00f3n muy oscuro, recorre el espacio de un extremo al otro. Este elemento penetra y envuelve las estancias interiores de menor tama\u00f1o, que, en combinaci\u00f3n con una sofisticada iluminaci\u00f3n artificial y el uso de materiales reflectantes, se transforman en espacios potentes y luminosos.<\/p>\n<p>El resultado final es un preciso equilibrio entre la conservaci\u00f3n de los elementos preexistentes y un dise\u00f1o contempor\u00e1neo cuidado al detalle, que hacen de esta vivienda un espacio tranquilo, sobrio y elegante.<\/p>\n<p>Las carpinter\u00edas exteriores originales son sustituidas por carpinter\u00edas de madera Roi de altas prestaciones, para conseguir el nivel de aislamiento ac\u00fastico y t\u00e9rmico deseado. El resto de carpinter\u00edas a medida son dise\u00f1o de Ylab Arquitectos, ejecutadas por Valles Carpinter\u00eda.<\/p>\n<p>El acceso a la vivienda est\u00e1 formado por un vest\u00edbulo central que divide el espacio en dos mitades. El vest\u00edbulo est\u00e1 marcado por una vidriera original restaurada. Se amuebla con un c\u00f3moda color vino, una alfombra de lana de Cumellas, una butaca de cuero de Bolia y pintura de Carsten Beck de la galer\u00eda Victor Lope.<\/p>\n<p>Una doble puerta en laca marr\u00f3n oscuro da acceso a la zona privada de la casa. Un peque\u00f1o pasillo conduce al vestidor y al ba\u00f1o principal, situados frente a frente. Ambos, espacios interiores, est\u00e1n completamente revestidos en aplacados y carpinter\u00edas a medida en laca semi satinada color marr\u00f3n oscuro. El vestidor incluye armarios de suelo a techo y una vitrina acristalada con iluminaci\u00f3n interior.<\/p>\n<p>El ba\u00f1o principal est\u00e1 equipado con un mueble frontal de armarios con frentes de espejos, doble lavabo en porcel\u00e1nico tipo calacatta Michelangelo Soft de Laminam. Todas las grifer\u00edas negras son la serie TV de Cristina. Una divisoria de acero oscuro y vidrio estriado da privacidad a la zona de ducha y el inodoro Duravit. Frente a ellos una ba\u00f1era mural que sobresale del aplacado de la pared con un peque\u00f1o nicho.<\/p>\n<p>El dormitorio en suite tiene un gran cabezal tapizado en tejido aterciopelado con iluminaci\u00f3n. El conjunto lacado de cama y mesillas est\u00e1 realizado a medida por Besform y est\u00e1 equipado con mecanismos Bticino en el mismo color. La cama est\u00e1 adornada por cojines y plaid de punto de Materia Barcelona. Sobre una de las mesillas, unas l\u00e1mparas de alabastro de Carpyen. En una esquina junto a las ventanas, una zona de lectura con butaca amarilla Knoll de Domestico Shop, mesita de m\u00e1rmol Bolia y juego de vidrio de Sanna V\u00f6lker.<\/p>\n<p>En el espacio adyacente est\u00e1 el estudio, separado del dormitorio por una carpinter\u00eda de vidrio. El estudio est\u00e1 equipado por un mueble de laca azulada con dos dobles puertas escamoteables, que ocultan una peque\u00f1a cocina acabada en chapa de madera de roble rojo y encimeras tipo calacatta. El escritorio est\u00e1 enmarcado entre una alfombra de Cumellas y las obras de Jo Hummel de la galer\u00eda Victor Lope.<\/p>\n<p>Al otro lado, la zona social y de invitados conduce, al fondo, a la sala y el balc\u00f3n, con vistas a un amplio patio de manzana. En la sala conviven la cocina principal y el sal\u00f3n. La cocina est\u00e1 formada por una cocina mural con una isla suspendida para dar continuidad al pavimento, ambas acabadas en laca en tono beige y porcel\u00e1nico Laminam de la misma calidad que los ba\u00f1os. Sobre la isla destaca una escultura de Alberto de Udaeta de Pigment Gallery.<\/p>\n<p>Cuenta con una cocina auxiliar adyacente acabada en laca oscura, con un mueble bar y vajillero acristalado. La zona del sal\u00f3n est\u00e1 amueblada por dos sof\u00e1s triples enfrentados, varias mesillas, una l\u00e1mpara de pie de lat\u00f3n de Bolia y una de sobremesa de m\u00e1rmol de Carpyen. Todo centrado en torno a una alfombra circular de lana y seda de Cumellas, bajo una gran pintura que domina el espacio.<\/p>\n<p>En el lado de fachada se encuentra la galer\u00eda, que hace las veces de comedor, con nuevas carpinter\u00edas exteriores de Valles Carpinter\u00eda. Junto a la galer\u00eda se sit\u00faa el balc\u00f3n, con un colorido pavimento de mosaico en continuidad del mosaico Nolla interior. Los dos dormitorios de invitados est\u00e1n equipados con mobiliario lacado hecho a medida, incluyendo armarios, escritorio y cama litera doble. El ba\u00f1o de cortes\u00eda tiene tambi\u00e9n ducha, para uso de los invitados.<\/p>\n<p>La vivienda se completa con nuevas instalaciones para dar servicio a la nueva distribuci\u00f3n y proporcionar confort. Para la instalaci\u00f3n de clima por conductos, se han aprovechado los huecos existentes de las puertas originales, as\u00ed como el espacio libre sobre los falsos techos de pasillos y peque\u00f1os espacios. Estos nuevos techos incluyen est\u00e9ticos difusores lineales Madel, que se complementan con nuevas molduras para mantener la esencia de la vivienda.<\/p>\n<p>La instalaci\u00f3n el\u00e9ctrica se completa con mecanismos de la serie Livinglight Air de Bticino en acabado niquelado, que combinan a la perfecci\u00f3n con la gama crom\u00e1tica de la vivienda.<\/p>\n<p><strong>Barcelona Design Week 2023<\/strong><br \/>Esta vivienda ha sido presentada al p\u00fablico durante la Barcelona Design Week 2023 en el evento Ylab&#8217;s Latest, consistente en abrir las puertas de uno de los \u00faltimos proyectos de Ylab Arquitectos. El espacio se ha presentado amueblado y decorado con la colaboraci\u00f3n de importantes marcas de dise\u00f1o y galer\u00edas de arte, y ha sido visitado por amantes del dise\u00f1o y profesionales del sector.<\/p>\n<p>Organiza: Ylab Arquitectos y Barcelona Centre de Disseny.<br \/>Partners: Bauwerk Colour, Cristina, Bticino, Roi, Laminam, Besform, Madel, Duravit.<br \/>Colaboradores: Carpyen, Cumellas, Materia Barcelona, Bolia, Galer\u00eda Victor Lope, Pigment Gallery, Domestico Shop, Sanna V\u00f6lker.<\/p>\n\n\n<div style=\"height:20px\" aria-hidden=\"true\" class=\"wp-block-spacer\"><\/div>\n\n\n\n<p class=\"has-background\" style=\"background-color:#eaeaea\"><strong>Ficha t\u00e9cnica<\/strong><br>Nombre: Apartamento en Paseo San Juan<br>Ubicaci\u00f3n: Barcelona, Espa\u00f1a<br>Arquitectura\/Dise\u00f1o interior: YLAB Arquitectos<br>Tipolog\u00eda: Proyecto Reforma interior de vivienda<br>Contratista\/industriales: Solucions S.L., Vall\u00e9s Carpinter\u00eda y Ebanister\u00eda S.L.<br>Superficie: 200 m2<br>Fotograf\u00eda: Santiago Garc\u00e9s e YLAB Arquitectos<br><br><strong>Contacto<\/strong><br><a href=\"https:\/\/www.ylab.es\" target=\"_blank\" rel=\"noreferrer noopener\">https:\/\/www.ylab.es<\/a><\/p>\n\n\n\n<div style=\"height:40px\" aria-hidden=\"true\" class=\"wp-block-spacer\"><\/div>\n\n\n<p><em><strong>English version<\/strong><\/em><\/p>\n<p><em>The project consists of the renovation of a modernist home located in a XIX century apartment building on the central Paseo San Juan in Barcelona.<\/em><\/p>\n<p><em>The owners, an Australian couple in love with Barcelona, wanted to renovate the property to establish their residence in Europe. They needed to convert this old flat, in a very poor state of conservation, into a comfortable space where they could host visits from family and friends.<\/em><\/p>\n<p><em>The challenge of the assignment is to incorporate a contemporary program of uses with a high degree of comfort, in a protected home with historical-artistic value, where the structure and the most valuable elements such as the Nolla mosaic flooring and the ceilings had to be maintained.<\/em><\/p>\n<p><em>Functionally, the space is divided into two main areas on both sides of the entrance hall: the social and guest area, on the largest side of the house; and the private area, on the smaller side, which functions as a small private apartment. Both areas are redistributed and new spaces are created to meet the needs of the owners and preserve their privacy.<\/em><\/p>\n<p><em>The design concept is inspired by the chromatic diversity of the mosaic flooring, different in each of the spaces. The larger rooms are treated with a Bauwerk lime paint in different desaturated tones and harmonizing with the flooring; and the custom furniture is finished in semi-satin lacquer of the same color.<\/em><\/p>\n<p><em>A connecting element, made up of baseboards and interior and exterior carpentry in a very dark brown color, runs through the space from one end to the other. This element penetrates and envelops the smaller interior rooms, which, in combination with sophisticated artificial lighting and the use of reflective materials, are transformed into powerful and luminous spaces.<\/em><\/p>\n<p><em>The final result is a precise balance between the conservation of pre-existing elements and a contemporary design with attention to detail, which make this home a quiet, sober and elegant space.<\/em><\/p>\n<p><em>The original exterior windows are replaced with high-performance Roi wood carpentry to achieve the desired level of acoustic and thermal insulation. The rest of the custom carpentry work is designed by Ylab Arquitectos, executed by Valles Carpinter\u00eda.<\/em><\/p>\n<p><em>Access to the house is formed by a central vestibule that divides the space into two halves. This unit is marked by a restored original stained glass window. It is furnished with a wine-colored chest of drawers, a wool rug from Cumellas, a leather armchair from Bolia, and a painting by Carsten Beck from the Victor Lope gallery.<\/em><\/p>\n<p><em>A dark brown lacquer double door gives access to the private area of the house. A corridor leads to the dressing room and the bathroom, located opposite each other. Both interior spaces are completely covered in custom carpentry in semi-satin dark brown lacquer. The dressing room includes floor-to-ceiling wardrobes and a glass display case with interior lighting.<\/em><\/p>\n<p><em>The main bathroom is equipped with cabinets with mirror fronts, and a double sink in Calacatta-type Michelangelo Soft porcelain by Laminam. All the black taps are from Cristina&#8217;s TV series. A dark steel and fluted glass divider gives privacy to the shower area and Duravit toilet. In front of them is a wall-mounted bathtub that juts out from the wall cladding with a small niche.<\/em><\/p>\n<p><em>The en-suite bedroom has a large headboard upholstered in velvety fabric with indirect lighting. The lacquered bed and nightstand set is made to measure by Besform and is equipped with Bticino mechanisms in the same color. The bed is adorned with cushions and a knitted plaid from Materia Barcelona. On one of the side tables, two alabaster lamps from Carpyen. In a corner next to the windows, a reading area with a yellow Knoll armchair from Domestico Shop, a Bolia marble table and a glass set from Sanna V\u00f6lker.<\/em><\/p>\n<p><em>In the adjacent space is the study, separated from the bedroom by a glass partition. The studio is equipped with a blue lacquer cabinet with two double retractable doors, which hide a small kitchen finished in red oak veneer and Calacatta countertops. The desk is framed between a Cumellas rug and Jo Hummel&#8217;s art pieces from the Victor Lope gallery.<\/em><\/p>\n<p><em>On the other side of the vestibule, the social and guest area leads, at the back, to the living space and the balcony, overlooking a large courtyard. The main kitchen and the living room coexist in the same room. The kitchen is made up of a wall kitchen unit and a suspended island, to give continuity to the floor, both finished in beige lacquer and Laminam porcelain of the same quality as the bathrooms. A sculpture by Alberto de Udaeta from Pigment Gallery stands out above the island. It has an adjacent butler&#8217;s kitchen finished in dark lacquer, with a crockery glass cabinet.<\/em><\/p>\n<p><em>The living room area is furnished by two sofas facing each other, several side tables, a brass floor lamp from Bolia and a marble table lamp from Carpyen. Everything is centered around a circular wool and silk rug from Cumellas, under a large painting that dominates the space. On the fa\u00e7ade side is the gallery, which serves as a dining room, with new exterior carpentry by Valles Carpinter\u00eda. Next to the gallery is the balcony, with a colorful mosaic pavement in continuity with the interior Nolla mosaic. The two guest bedrooms are fitted with bespoke lacquered furniture, including wardrobes, desk and double bunk bed. The guest bathroom also has a shower, for guest use.<\/em><\/p>\n<p><em>The home is completed with new facilities to serve the new distribution and provide comfort. For the installation of air conditioning ducts, the existing gaps in the original doors have been used, as well as the free space above the false ceilings of hallways and small spaces. These new ceilings include extra thin Madel linear diffusers, which are complemented by new moldings to maintain the essence of the home.<\/em><\/p>\n<p><em>The electrical installation is completed with mechanisms from the Bticino Livinglight Air series in a nickel-plated finish, which combine perfectly with the color range of the home.<\/em><\/p>\n<div style=\"font-size: 0px; height: 0px; line-height: 0px; margin: 0; padding: 0; clear: both;\"><\/div><div style=\"margin-top: 0px; margin-bottom: 0px;\" class=\"sharethis-inline-share-buttons\" ><\/div>","protected":false},"excerpt":{"rendered":"<p>Equilibrio entre la conservaci\u00f3n de lo preexistente y un dise\u00f1o contempor\u00e1neo&#8230;<\/p>\n","protected":false},"author":1,"featured_media":78391,"comment_status":"closed","ping_status":"closed","sticky":false,"template":"","format":"standard","meta":{"_uag_custom_page_level_css":"","footnotes":""},"categories":[79,1],"tags":[5581,679,249,104,1228,6485,860,859,861],"class_list":["post-78390","post","type-post","status-publish","format-standard","has-post-thumbnail","hentry","category-departamentos","category-proyecto","tag-apartamento","tag-barcelona","tag-departamento","tag-espana","tag-patrimonio-arquitectonico","tag-reforma-de-apartamento","tag-tobias-laarmann","tag-ylab-arquitectos","tag-yolanda-yuste","generate-columns","tablet-grid-50","mobile-grid-100","grid-parent","grid-50"],"yoast_head":"<!-- This site is optimized with the Yoast SEO plugin v27.3 - https:\/\/yoast.com\/product\/yoast-seo-wordpress\/ -->\n<title>Apartamento en Paseo San Juan \/ YLAB Arquitectos - Arquimaster<\/title>\n<meta name=\"description\" content=\"Un preciso equilibrio entre la conservaci\u00f3n de los elementos preexistentes y un dise\u00f1o contempor\u00e1neo cuidado al detalle.\" \/>\n<meta name=\"robots\" content=\"index, follow, max-snippet:-1, max-image-preview:large, max-video-preview:-1\" \/>\n<link rel=\"canonical\" href=\"https:\/\/www.arquimaster.com.ar\/web\/apartamento-en-paseo-san-juan-ylab-arquitectos\/\" \/>\n<meta property=\"og:locale\" content=\"es_ES\" \/>\n<meta property=\"og:type\" content=\"article\" \/>\n<meta property=\"og:title\" content=\"Apartamento en Paseo San Juan \/ YLAB Arquitectos\" \/>\n<meta property=\"og:description\" content=\"Un preciso equilibrio entre la conservaci\u00f3n de los elementos preexistentes y un dise\u00f1o contempor\u00e1neo cuidado al detalle.\" \/>\n<meta property=\"og:url\" content=\"https:\/\/www.arquimaster.com.ar\/web\/apartamento-en-paseo-san-juan-ylab-arquitectos\/\" \/>\n<meta property=\"og:site_name\" content=\"Arquimaster\" \/>\n<meta property=\"article:publisher\" content=\"http:\/\/www.facebook.com\/ARQUIMASTER.com.ar\" \/>\n<meta property=\"article:published_time\" content=\"2024-03-21T18:11:51+00:00\" \/>\n<meta property=\"article:modified_time\" content=\"2024-04-22T18:18:59+00:00\" \/>\n<meta property=\"og:image\" content=\"https:\/\/www.arquimaster.com.ar\/web\/wp-content\/uploads\/2024\/03\/apartamento_paseo_san_juan_slide.jpg\" \/>\n\t<meta property=\"og:image:width\" content=\"698\" \/>\n\t<meta property=\"og:image:height\" content=\"364\" \/>\n\t<meta property=\"og:image:type\" content=\"image\/jpeg\" \/>\n<meta name=\"author\" content=\"Arquimaster\" \/>\n<meta name=\"twitter:card\" content=\"summary_large_image\" \/>\n<meta name=\"twitter:title\" content=\"Apartamento en Paseo San Juan \/ YLAB Arquitectos\" \/>\n<meta name=\"twitter:description\" content=\"Un preciso equilibrio entre la conservaci\u00f3n de los elementos preexistentes y un dise\u00f1o contempor\u00e1neo cuidado al detalle.\" \/>\n<meta name=\"twitter:image\" content=\"https:\/\/www.arquimaster.com.ar\/web\/wp-content\/uploads\/2024\/03\/apartamento_paseo_san_juan_slide.jpg\" \/>\n<meta name=\"twitter:creator\" content=\"@arquimaster\" \/>\n<meta name=\"twitter:site\" content=\"@arquimaster\" \/>\n<meta name=\"twitter:label1\" content=\"Escrito por\" \/>\n\t<meta name=\"twitter:data1\" content=\"Arquimaster\" \/>\n\t<meta name=\"twitter:label2\" content=\"Tiempo de lectura\" \/>\n\t<meta name=\"twitter:data2\" content=\"11 minutos\" \/>\n<script type=\"application\/ld+json\" class=\"yoast-schema-graph\">{\"@context\":\"https:\\\/\\\/schema.org\",\"@graph\":[{\"@type\":\"Article\",\"@id\":\"https:\\\/\\\/www.arquimaster.com.ar\\\/web\\\/apartamento-en-paseo-san-juan-ylab-arquitectos\\\/#article\",\"isPartOf\":{\"@id\":\"https:\\\/\\\/www.arquimaster.com.ar\\\/web\\\/apartamento-en-paseo-san-juan-ylab-arquitectos\\\/\"},\"author\":{\"name\":\"Arquimaster\",\"@id\":\"https:\\\/\\\/www.arquimaster.com.ar\\\/web\\\/#\\\/schema\\\/person\\\/359e9f7c00193fcde068e0dd2ceb0028\"},\"headline\":\"Apartamento en Paseo San Juan \\\/ YLAB Arquitectos\",\"datePublished\":\"2024-03-21T18:11:51+00:00\",\"dateModified\":\"2024-04-22T18:18:59+00:00\",\"mainEntityOfPage\":{\"@id\":\"https:\\\/\\\/www.arquimaster.com.ar\\\/web\\\/apartamento-en-paseo-san-juan-ylab-arquitectos\\\/\"},\"wordCount\":2301,\"publisher\":{\"@id\":\"https:\\\/\\\/www.arquimaster.com.ar\\\/web\\\/#organization\"},\"image\":{\"@id\":\"https:\\\/\\\/www.arquimaster.com.ar\\\/web\\\/apartamento-en-paseo-san-juan-ylab-arquitectos\\\/#primaryimage\"},\"thumbnailUrl\":\"https:\\\/\\\/www.arquimaster.com.ar\\\/web\\\/wp-content\\\/uploads\\\/2024\\\/03\\\/apartamento_paseo_san_juan_slide.jpg\",\"keywords\":[\"apartamento\",\"Barcelona\",\"departamento\",\"Espa\u00f1a\",\"patrimonio arquitectonico\",\"reforma de apartamento\",\"Tobias Laarmann\",\"YLAB Arquitectos\",\"Yolanda Yuste\"],\"articleSection\":[\"Departamentos y Lofts\",\"Proyecto\"],\"inLanguage\":\"es\"},{\"@type\":\"WebPage\",\"@id\":\"https:\\\/\\\/www.arquimaster.com.ar\\\/web\\\/apartamento-en-paseo-san-juan-ylab-arquitectos\\\/\",\"url\":\"https:\\\/\\\/www.arquimaster.com.ar\\\/web\\\/apartamento-en-paseo-san-juan-ylab-arquitectos\\\/\",\"name\":\"Apartamento en Paseo San Juan \\\/ YLAB Arquitectos - Arquimaster\",\"isPartOf\":{\"@id\":\"https:\\\/\\\/www.arquimaster.com.ar\\\/web\\\/#website\"},\"primaryImageOfPage\":{\"@id\":\"https:\\\/\\\/www.arquimaster.com.ar\\\/web\\\/apartamento-en-paseo-san-juan-ylab-arquitectos\\\/#primaryimage\"},\"image\":{\"@id\":\"https:\\\/\\\/www.arquimaster.com.ar\\\/web\\\/apartamento-en-paseo-san-juan-ylab-arquitectos\\\/#primaryimage\"},\"thumbnailUrl\":\"https:\\\/\\\/www.arquimaster.com.ar\\\/web\\\/wp-content\\\/uploads\\\/2024\\\/03\\\/apartamento_paseo_san_juan_slide.jpg\",\"datePublished\":\"2024-03-21T18:11:51+00:00\",\"dateModified\":\"2024-04-22T18:18:59+00:00\",\"description\":\"Un preciso equilibrio entre la conservaci\u00f3n de los elementos preexistentes y un dise\u00f1o contempor\u00e1neo cuidado al detalle.\",\"breadcrumb\":{\"@id\":\"https:\\\/\\\/www.arquimaster.com.ar\\\/web\\\/apartamento-en-paseo-san-juan-ylab-arquitectos\\\/#breadcrumb\"},\"inLanguage\":\"es\",\"potentialAction\":[{\"@type\":\"ReadAction\",\"target\":[\"https:\\\/\\\/www.arquimaster.com.ar\\\/web\\\/apartamento-en-paseo-san-juan-ylab-arquitectos\\\/\"]}]},{\"@type\":\"ImageObject\",\"inLanguage\":\"es\",\"@id\":\"https:\\\/\\\/www.arquimaster.com.ar\\\/web\\\/apartamento-en-paseo-san-juan-ylab-arquitectos\\\/#primaryimage\",\"url\":\"https:\\\/\\\/www.arquimaster.com.ar\\\/web\\\/wp-content\\\/uploads\\\/2024\\\/03\\\/apartamento_paseo_san_juan_slide.jpg\",\"contentUrl\":\"https:\\\/\\\/www.arquimaster.com.ar\\\/web\\\/wp-content\\\/uploads\\\/2024\\\/03\\\/apartamento_paseo_san_juan_slide.jpg\",\"width\":698,\"height\":364,\"caption\":\"Apartamento en Paseo San Juan \\\/ YLAB Arquitectos\"},{\"@type\":\"BreadcrumbList\",\"@id\":\"https:\\\/\\\/www.arquimaster.com.ar\\\/web\\\/apartamento-en-paseo-san-juan-ylab-arquitectos\\\/#breadcrumb\",\"itemListElement\":[{\"@type\":\"ListItem\",\"position\":1,\"name\":\"Portada\",\"item\":\"https:\\\/\\\/www.arquimaster.com.ar\\\/web\\\/\"},{\"@type\":\"ListItem\",\"position\":2,\"name\":\"Apartamento en Paseo San Juan \\\/ YLAB Arquitectos\"}]},{\"@type\":\"WebSite\",\"@id\":\"https:\\\/\\\/www.arquimaster.com.ar\\\/web\\\/#website\",\"url\":\"https:\\\/\\\/www.arquimaster.com.ar\\\/web\\\/\",\"name\":\"Arquimaster\",\"description\":\"Web de arquitectura, dise\u00f1o y construccion\",\"publisher\":{\"@id\":\"https:\\\/\\\/www.arquimaster.com.ar\\\/web\\\/#organization\"},\"potentialAction\":[{\"@type\":\"SearchAction\",\"target\":{\"@type\":\"EntryPoint\",\"urlTemplate\":\"https:\\\/\\\/www.arquimaster.com.ar\\\/web\\\/?s={search_term_string}\"},\"query-input\":{\"@type\":\"PropertyValueSpecification\",\"valueRequired\":true,\"valueName\":\"search_term_string\"}}],\"inLanguage\":\"es\"},{\"@type\":\"Organization\",\"@id\":\"https:\\\/\\\/www.arquimaster.com.ar\\\/web\\\/#organization\",\"name\":\"Arquimaster\",\"url\":\"https:\\\/\\\/www.arquimaster.com.ar\\\/web\\\/\",\"logo\":{\"@type\":\"ImageObject\",\"inLanguage\":\"es\",\"@id\":\"https:\\\/\\\/www.arquimaster.com.ar\\\/web\\\/#\\\/schema\\\/logo\\\/image\\\/\",\"url\":\"https:\\\/\\\/www.arquimaster.com.ar\\\/web\\\/wp-content\\\/uploads\\\/2022\\\/06\\\/arquimaster.png\",\"contentUrl\":\"https:\\\/\\\/www.arquimaster.com.ar\\\/web\\\/wp-content\\\/uploads\\\/2022\\\/06\\\/arquimaster.png\",\"width\":594,\"height\":78,\"caption\":\"Arquimaster\"},\"image\":{\"@id\":\"https:\\\/\\\/www.arquimaster.com.ar\\\/web\\\/#\\\/schema\\\/logo\\\/image\\\/\"},\"sameAs\":[\"http:\\\/\\\/www.facebook.com\\\/ARQUIMASTER.com.ar\",\"https:\\\/\\\/x.com\\\/arquimaster\",\"https:\\\/\\\/www.instagram.com\\\/arquimasterblog\\\/\",\"https:\\\/\\\/www.linkedin.com\\\/company\\\/arquimaster\",\"https:\\\/\\\/www.pinterest.com\\\/arquimaster\",\"https:\\\/\\\/t.me\\\/arquimaster\"]},{\"@type\":\"Person\",\"@id\":\"https:\\\/\\\/www.arquimaster.com.ar\\\/web\\\/#\\\/schema\\\/person\\\/359e9f7c00193fcde068e0dd2ceb0028\",\"name\":\"Arquimaster\"}]}<\/script>\n<!-- \/ Yoast SEO plugin. -->","yoast_head_json":{"title":"Apartamento en Paseo San Juan \/ YLAB Arquitectos - Arquimaster","description":"Un preciso equilibrio entre la conservaci\u00f3n de los elementos preexistentes y un dise\u00f1o contempor\u00e1neo cuidado al detalle.","robots":{"index":"index","follow":"follow","max-snippet":"max-snippet:-1","max-image-preview":"max-image-preview:large","max-video-preview":"max-video-preview:-1"},"canonical":"https:\/\/www.arquimaster.com.ar\/web\/apartamento-en-paseo-san-juan-ylab-arquitectos\/","og_locale":"es_ES","og_type":"article","og_title":"Apartamento en Paseo San Juan \/ YLAB Arquitectos","og_description":"Un preciso equilibrio entre la conservaci\u00f3n de los elementos preexistentes y un dise\u00f1o contempor\u00e1neo cuidado al detalle.","og_url":"https:\/\/www.arquimaster.com.ar\/web\/apartamento-en-paseo-san-juan-ylab-arquitectos\/","og_site_name":"Arquimaster","article_publisher":"http:\/\/www.facebook.com\/ARQUIMASTER.com.ar","article_published_time":"2024-03-21T18:11:51+00:00","article_modified_time":"2024-04-22T18:18:59+00:00","og_image":[{"width":698,"height":364,"url":"https:\/\/www.arquimaster.com.ar\/web\/wp-content\/uploads\/2024\/03\/apartamento_paseo_san_juan_slide.jpg","type":"image\/jpeg"}],"author":"Arquimaster","twitter_card":"summary_large_image","twitter_title":"Apartamento en Paseo San Juan \/ YLAB Arquitectos","twitter_description":"Un preciso equilibrio entre la conservaci\u00f3n de los elementos preexistentes y un dise\u00f1o contempor\u00e1neo cuidado al detalle.","twitter_image":"https:\/\/www.arquimaster.com.ar\/web\/wp-content\/uploads\/2024\/03\/apartamento_paseo_san_juan_slide.jpg","twitter_creator":"@arquimaster","twitter_site":"@arquimaster","twitter_misc":{"Escrito por":"Arquimaster","Tiempo de lectura":"11 minutos"},"schema":{"@context":"https:\/\/schema.org","@graph":[{"@type":"Article","@id":"https:\/\/www.arquimaster.com.ar\/web\/apartamento-en-paseo-san-juan-ylab-arquitectos\/#article","isPartOf":{"@id":"https:\/\/www.arquimaster.com.ar\/web\/apartamento-en-paseo-san-juan-ylab-arquitectos\/"},"author":{"name":"Arquimaster","@id":"https:\/\/www.arquimaster.com.ar\/web\/#\/schema\/person\/359e9f7c00193fcde068e0dd2ceb0028"},"headline":"Apartamento en Paseo San Juan \/ YLAB Arquitectos","datePublished":"2024-03-21T18:11:51+00:00","dateModified":"2024-04-22T18:18:59+00:00","mainEntityOfPage":{"@id":"https:\/\/www.arquimaster.com.ar\/web\/apartamento-en-paseo-san-juan-ylab-arquitectos\/"},"wordCount":2301,"publisher":{"@id":"https:\/\/www.arquimaster.com.ar\/web\/#organization"},"image":{"@id":"https:\/\/www.arquimaster.com.ar\/web\/apartamento-en-paseo-san-juan-ylab-arquitectos\/#primaryimage"},"thumbnailUrl":"https:\/\/www.arquimaster.com.ar\/web\/wp-content\/uploads\/2024\/03\/apartamento_paseo_san_juan_slide.jpg","keywords":["apartamento","Barcelona","departamento","Espa\u00f1a","patrimonio arquitectonico","reforma de apartamento","Tobias Laarmann","YLAB Arquitectos","Yolanda Yuste"],"articleSection":["Departamentos y Lofts","Proyecto"],"inLanguage":"es"},{"@type":"WebPage","@id":"https:\/\/www.arquimaster.com.ar\/web\/apartamento-en-paseo-san-juan-ylab-arquitectos\/","url":"https:\/\/www.arquimaster.com.ar\/web\/apartamento-en-paseo-san-juan-ylab-arquitectos\/","name":"Apartamento en Paseo San Juan \/ YLAB Arquitectos - Arquimaster","isPartOf":{"@id":"https:\/\/www.arquimaster.com.ar\/web\/#website"},"primaryImageOfPage":{"@id":"https:\/\/www.arquimaster.com.ar\/web\/apartamento-en-paseo-san-juan-ylab-arquitectos\/#primaryimage"},"image":{"@id":"https:\/\/www.arquimaster.com.ar\/web\/apartamento-en-paseo-san-juan-ylab-arquitectos\/#primaryimage"},"thumbnailUrl":"https:\/\/www.arquimaster.com.ar\/web\/wp-content\/uploads\/2024\/03\/apartamento_paseo_san_juan_slide.jpg","datePublished":"2024-03-21T18:11:51+00:00","dateModified":"2024-04-22T18:18:59+00:00","description":"Un preciso equilibrio entre la conservaci\u00f3n de los elementos preexistentes y un dise\u00f1o contempor\u00e1neo cuidado al detalle.","breadcrumb":{"@id":"https:\/\/www.arquimaster.com.ar\/web\/apartamento-en-paseo-san-juan-ylab-arquitectos\/#breadcrumb"},"inLanguage":"es","potentialAction":[{"@type":"ReadAction","target":["https:\/\/www.arquimaster.com.ar\/web\/apartamento-en-paseo-san-juan-ylab-arquitectos\/"]}]},{"@type":"ImageObject","inLanguage":"es","@id":"https:\/\/www.arquimaster.com.ar\/web\/apartamento-en-paseo-san-juan-ylab-arquitectos\/#primaryimage","url":"https:\/\/www.arquimaster.com.ar\/web\/wp-content\/uploads\/2024\/03\/apartamento_paseo_san_juan_slide.jpg","contentUrl":"https:\/\/www.arquimaster.com.ar\/web\/wp-content\/uploads\/2024\/03\/apartamento_paseo_san_juan_slide.jpg","width":698,"height":364,"caption":"Apartamento en Paseo San Juan \/ YLAB Arquitectos"},{"@type":"BreadcrumbList","@id":"https:\/\/www.arquimaster.com.ar\/web\/apartamento-en-paseo-san-juan-ylab-arquitectos\/#breadcrumb","itemListElement":[{"@type":"ListItem","position":1,"name":"Portada","item":"https:\/\/www.arquimaster.com.ar\/web\/"},{"@type":"ListItem","position":2,"name":"Apartamento en Paseo San Juan \/ YLAB Arquitectos"}]},{"@type":"WebSite","@id":"https:\/\/www.arquimaster.com.ar\/web\/#website","url":"https:\/\/www.arquimaster.com.ar\/web\/","name":"Arquimaster","description":"Web de arquitectura, dise\u00f1o y construccion","publisher":{"@id":"https:\/\/www.arquimaster.com.ar\/web\/#organization"},"potentialAction":[{"@type":"SearchAction","target":{"@type":"EntryPoint","urlTemplate":"https:\/\/www.arquimaster.com.ar\/web\/?s={search_term_string}"},"query-input":{"@type":"PropertyValueSpecification","valueRequired":true,"valueName":"search_term_string"}}],"inLanguage":"es"},{"@type":"Organization","@id":"https:\/\/www.arquimaster.com.ar\/web\/#organization","name":"Arquimaster","url":"https:\/\/www.arquimaster.com.ar\/web\/","logo":{"@type":"ImageObject","inLanguage":"es","@id":"https:\/\/www.arquimaster.com.ar\/web\/#\/schema\/logo\/image\/","url":"https:\/\/www.arquimaster.com.ar\/web\/wp-content\/uploads\/2022\/06\/arquimaster.png","contentUrl":"https:\/\/www.arquimaster.com.ar\/web\/wp-content\/uploads\/2022\/06\/arquimaster.png","width":594,"height":78,"caption":"Arquimaster"},"image":{"@id":"https:\/\/www.arquimaster.com.ar\/web\/#\/schema\/logo\/image\/"},"sameAs":["http:\/\/www.facebook.com\/ARQUIMASTER.com.ar","https:\/\/x.com\/arquimaster","https:\/\/www.instagram.com\/arquimasterblog\/","https:\/\/www.linkedin.com\/company\/arquimaster","https:\/\/www.pinterest.com\/arquimaster","https:\/\/t.me\/arquimaster"]},{"@type":"Person","@id":"https:\/\/www.arquimaster.com.ar\/web\/#\/schema\/person\/359e9f7c00193fcde068e0dd2ceb0028","name":"Arquimaster"}]}},"uagb_featured_image_src":{"full":["https:\/\/www.arquimaster.com.ar\/web\/wp-content\/uploads\/2024\/03\/apartamento_paseo_san_juan_slide.jpg",698,364,false],"thumbnail":["https:\/\/www.arquimaster.com.ar\/web\/wp-content\/uploads\/2024\/03\/apartamento_paseo_san_juan_slide-150x150.jpg",150,150,true],"medium":["https:\/\/www.arquimaster.com.ar\/web\/wp-content\/uploads\/2024\/03\/apartamento_paseo_san_juan_slide.jpg",698,364,false],"medium_large":["https:\/\/www.arquimaster.com.ar\/web\/wp-content\/uploads\/2024\/03\/apartamento_paseo_san_juan_slide.jpg",698,364,false],"large":["https:\/\/www.arquimaster.com.ar\/web\/wp-content\/uploads\/2024\/03\/apartamento_paseo_san_juan_slide.jpg",698,364,false],"1536x1536":["https:\/\/www.arquimaster.com.ar\/web\/wp-content\/uploads\/2024\/03\/apartamento_paseo_san_juan_slide.jpg",698,364,false],"2048x2048":["https:\/\/www.arquimaster.com.ar\/web\/wp-content\/uploads\/2024\/03\/apartamento_paseo_san_juan_slide.jpg",698,364,false]},"uagb_author_info":{"display_name":"Arquimaster","author_link":"https:\/\/www.arquimaster.com.ar\/web\/author\/arquimaster\/"},"uagb_comment_info":0,"uagb_excerpt":"Equilibrio entre la conservaci\u00f3n de lo preexistente y un dise\u00f1o contempor\u00e1neo...","_links":{"self":[{"href":"https:\/\/www.arquimaster.com.ar\/web\/wp-json\/wp\/v2\/posts\/78390","targetHints":{"allow":["GET"]}}],"collection":[{"href":"https:\/\/www.arquimaster.com.ar\/web\/wp-json\/wp\/v2\/posts"}],"about":[{"href":"https:\/\/www.arquimaster.com.ar\/web\/wp-json\/wp\/v2\/types\/post"}],"author":[{"embeddable":true,"href":"https:\/\/www.arquimaster.com.ar\/web\/wp-json\/wp\/v2\/users\/1"}],"replies":[{"embeddable":true,"href":"https:\/\/www.arquimaster.com.ar\/web\/wp-json\/wp\/v2\/comments?post=78390"}],"version-history":[{"count":2,"href":"https:\/\/www.arquimaster.com.ar\/web\/wp-json\/wp\/v2\/posts\/78390\/revisions"}],"predecessor-version":[{"id":78490,"href":"https:\/\/www.arquimaster.com.ar\/web\/wp-json\/wp\/v2\/posts\/78390\/revisions\/78490"}],"wp:featuredmedia":[{"embeddable":true,"href":"https:\/\/www.arquimaster.com.ar\/web\/wp-json\/wp\/v2\/media\/78391"}],"wp:attachment":[{"href":"https:\/\/www.arquimaster.com.ar\/web\/wp-json\/wp\/v2\/media?parent=78390"}],"wp:term":[{"taxonomy":"category","embeddable":true,"href":"https:\/\/www.arquimaster.com.ar\/web\/wp-json\/wp\/v2\/categories?post=78390"},{"taxonomy":"post_tag","embeddable":true,"href":"https:\/\/www.arquimaster.com.ar\/web\/wp-json\/wp\/v2\/tags?post=78390"}],"curies":[{"name":"wp","href":"https:\/\/api.w.org\/{rel}","templated":true}]}}