{"id":78600,"date":"2024-05-15T23:00:25","date_gmt":"2024-05-16T02:00:25","guid":{"rendered":"https:\/\/www.arquimaster.com.ar\/web\/?p=78600"},"modified":"2024-08-15T18:50:21","modified_gmt":"2024-08-15T21:50:21","slug":"casa-villafranca-ooiio-arquitectura","status":"publish","type":"post","link":"https:\/\/www.arquimaster.com.ar\/web\/casa-villafranca-ooiio-arquitectura\/","title":{"rendered":"Casa Villafranca \/ OOIIO Arquitectura"},"content":{"rendered":"<div style=\"margin-top: 0px; margin-bottom: 0px;\" class=\"sharethis-inline-share-buttons\" ><\/div><div class=\"b812932af2e751442846f039925109de\" data-index=\"1\" style=\"float: none; margin:25px 0 25px 0; text-align:center;\">\n<script async src=\"https:\/\/pagead2.googlesyndication.com\/pagead\/js\/adsbygoogle.js\"><\/script>\r\n<!-- Arquimaster (superior) -->\r\n<ins class=\"adsbygoogle\"\r\n     style=\"display:block\"\r\n     data-ad-client=\"ca-pub-6351072698456832\"\r\n     data-ad-slot=\"6455489680\"\r\n     data-ad-format=\"auto\"\r\n     data-full-width-responsive=\"true\"><\/ins>\r\n<script>\r\n     (adsbygoogle = window.adsbygoogle || []).push({});\r\n<\/script>\n<\/div>\n<p><strong>Casa Villafranca<\/strong> (Villanueva De La Ca\u00f1ada, Madrid, Espa\u00f1a) por <strong>OOIIO Arquitectura<\/strong>. Un proyecto integral donde los arquitectos han cuidado hasta el \u00faltimo detalle dentro y fuera de esta rotunda pieza de arquitectura dom\u00e9stica. Una vivienda con vocaci\u00f3n urbana, que mira m\u00e1s all\u00e1 de su vallado perimetral, mostr\u00e1ndose como un gran objeto de dise\u00f1o que domina su entorno residencial tranquilo y agradable.<\/p>\n<div id='gallery-1' class='gallery galleryid-78600 gallery-columns-3 gallery-size-thumbnail'><figure class='gallery-item'>\n\t\t\t<div class='gallery-icon landscape'>\n\t\t\t\t<a href='https:\/\/www.arquimaster.com.ar\/web\/wp-content\/uploads\/2024\/05\/casa_villafranca1.jpg' title=\"Casa Villafranca \/ OOIIO Arquitectura (\u00a9 Javier de Paz)\" data-rl_title=\"Casa Villafranca \/ OOIIO Arquitectura (\u00a9 Javier de Paz)\" class=\"rl-gallery-link\" data-rl_caption=\"Casa Villafranca \/ OOIIO Arquitectura (\u00a9 Javier de Paz)\" data-rel=\"lightbox-gallery-1\"><img loading=\"lazy\" decoding=\"async\" width=\"150\" height=\"150\" src=\"https:\/\/www.arquimaster.com.ar\/web\/wp-content\/uploads\/2024\/05\/casa_villafranca1-150x150.jpg\" class=\"attachment-thumbnail size-thumbnail\" alt=\"Casa Villafranca \/ OOIIO Arquitectura\" aria-describedby=\"gallery-1-78602\" \/><\/a>\n\t\t\t<\/div>\n\t\t\t\t<figcaption class='wp-caption-text gallery-caption' id='gallery-1-78602'>\n\t\t\t\tCasa Villafranca \/ OOIIO Arquitectura (\u00a9 Javier de Paz)\n\t\t\t\t<\/figcaption><\/figure><figure class='gallery-item'>\n\t\t\t<div class='gallery-icon landscape'>\n\t\t\t\t<a href='https:\/\/www.arquimaster.com.ar\/web\/wp-content\/uploads\/2024\/05\/casa_villafranca2.jpg' title=\"Casa Villafranca \/ OOIIO Arquitectura (\u00a9 Javier de Paz)\" data-rl_title=\"Casa Villafranca \/ OOIIO Arquitectura (\u00a9 Javier de Paz)\" class=\"rl-gallery-link\" data-rl_caption=\"Casa Villafranca \/ OOIIO Arquitectura (\u00a9 Javier de Paz)\" data-rel=\"lightbox-gallery-1\"><img loading=\"lazy\" decoding=\"async\" width=\"150\" height=\"150\" src=\"https:\/\/www.arquimaster.com.ar\/web\/wp-content\/uploads\/2024\/05\/casa_villafranca2-150x150.jpg\" class=\"attachment-thumbnail size-thumbnail\" alt=\"Casa Villafranca \/ OOIIO Arquitectura\" aria-describedby=\"gallery-1-78603\" \/><\/a>\n\t\t\t<\/div>\n\t\t\t\t<figcaption class='wp-caption-text gallery-caption' id='gallery-1-78603'>\n\t\t\t\tCasa Villafranca \/ OOIIO Arquitectura (\u00a9 Javier de Paz)\n\t\t\t\t<\/figcaption><\/figure><figure class='gallery-item'>\n\t\t\t<div class='gallery-icon landscape'>\n\t\t\t\t<a href='https:\/\/www.arquimaster.com.ar\/web\/wp-content\/uploads\/2024\/05\/casa_villafranca3.jpg' title=\"Casa Villafranca \/ OOIIO Arquitectura (\u00a9 Javier de Paz)\" data-rl_title=\"Casa Villafranca \/ OOIIO Arquitectura (\u00a9 Javier de Paz)\" class=\"rl-gallery-link\" data-rl_caption=\"Casa Villafranca \/ OOIIO Arquitectura (\u00a9 Javier de Paz)\" data-rel=\"lightbox-gallery-1\"><img loading=\"lazy\" decoding=\"async\" width=\"150\" height=\"150\" src=\"https:\/\/www.arquimaster.com.ar\/web\/wp-content\/uploads\/2024\/05\/casa_villafranca3-150x150.jpg\" class=\"attachment-thumbnail size-thumbnail\" alt=\"Casa Villafranca \/ OOIIO Arquitectura\" aria-describedby=\"gallery-1-78604\" \/><\/a>\n\t\t\t<\/div>\n\t\t\t\t<figcaption class='wp-caption-text gallery-caption' id='gallery-1-78604'>\n\t\t\t\tCasa Villafranca \/ OOIIO Arquitectura (\u00a9 Javier de Paz)\n\t\t\t\t<\/figcaption><\/figure><figure class='gallery-item'>\n\t\t\t<div class='gallery-icon portrait'>\n\t\t\t\t<a href='https:\/\/www.arquimaster.com.ar\/web\/wp-content\/uploads\/2024\/05\/casa_villafranca4.jpg' title=\"Casa Villafranca \/ OOIIO Arquitectura (\u00a9 Javier de Paz)\" data-rl_title=\"Casa Villafranca \/ OOIIO Arquitectura (\u00a9 Javier de Paz)\" class=\"rl-gallery-link\" data-rl_caption=\"Casa Villafranca \/ OOIIO Arquitectura (\u00a9 Javier de Paz)\" data-rel=\"lightbox-gallery-1\"><img loading=\"lazy\" decoding=\"async\" width=\"150\" height=\"150\" src=\"https:\/\/www.arquimaster.com.ar\/web\/wp-content\/uploads\/2024\/05\/casa_villafranca4-150x150.jpg\" class=\"attachment-thumbnail size-thumbnail\" alt=\"Casa Villafranca \/ OOIIO Arquitectura\" aria-describedby=\"gallery-1-78605\" \/><\/a>\n\t\t\t<\/div>\n\t\t\t\t<figcaption class='wp-caption-text gallery-caption' id='gallery-1-78605'>\n\t\t\t\tCasa Villafranca \/ OOIIO Arquitectura (\u00a9 Javier de Paz)\n\t\t\t\t<\/figcaption><\/figure><figure class='gallery-item'>\n\t\t\t<div class='gallery-icon portrait'>\n\t\t\t\t<a href='https:\/\/www.arquimaster.com.ar\/web\/wp-content\/uploads\/2024\/05\/casa_villafranca5.jpg' title=\"Casa Villafranca \/ OOIIO Arquitectura (\u00a9 Javier de Paz)\" data-rl_title=\"Casa Villafranca \/ OOIIO Arquitectura (\u00a9 Javier de Paz)\" class=\"rl-gallery-link\" data-rl_caption=\"Casa Villafranca \/ OOIIO Arquitectura (\u00a9 Javier de Paz)\" data-rel=\"lightbox-gallery-1\"><img loading=\"lazy\" decoding=\"async\" width=\"150\" height=\"150\" src=\"https:\/\/www.arquimaster.com.ar\/web\/wp-content\/uploads\/2024\/05\/casa_villafranca5-150x150.jpg\" class=\"attachment-thumbnail size-thumbnail\" alt=\"Casa Villafranca \/ OOIIO Arquitectura\" aria-describedby=\"gallery-1-78606\" \/><\/a>\n\t\t\t<\/div>\n\t\t\t\t<figcaption class='wp-caption-text gallery-caption' id='gallery-1-78606'>\n\t\t\t\tCasa Villafranca \/ OOIIO Arquitectura (\u00a9 Javier de Paz)\n\t\t\t\t<\/figcaption><\/figure><figure class='gallery-item'>\n\t\t\t<div class='gallery-icon landscape'>\n\t\t\t\t<a href='https:\/\/www.arquimaster.com.ar\/web\/wp-content\/uploads\/2024\/05\/casa_villafranca6.jpg' title=\"Casa Villafranca \/ OOIIO Arquitectura (\u00a9 Imagen Subliminal)\" data-rl_title=\"Casa Villafranca \/ OOIIO Arquitectura (\u00a9 Imagen Subliminal)\" class=\"rl-gallery-link\" data-rl_caption=\"Casa Villafranca \/ OOIIO Arquitectura (\u00a9 Imagen Subliminal)\" data-rel=\"lightbox-gallery-1\"><img loading=\"lazy\" decoding=\"async\" width=\"150\" height=\"150\" src=\"https:\/\/www.arquimaster.com.ar\/web\/wp-content\/uploads\/2024\/05\/casa_villafranca6-150x150.jpg\" class=\"attachment-thumbnail size-thumbnail\" alt=\"Casa Villafranca \/ OOIIO Arquitectura\" aria-describedby=\"gallery-1-78607\" srcset=\"https:\/\/www.arquimaster.com.ar\/web\/wp-content\/uploads\/2024\/05\/casa_villafranca6-150x150.jpg 150w, https:\/\/www.arquimaster.com.ar\/web\/wp-content\/uploads\/2024\/05\/casa_villafranca6-768x768.jpg 768w, https:\/\/www.arquimaster.com.ar\/web\/wp-content\/uploads\/2024\/05\/casa_villafranca6.jpg 1500w\" sizes=\"auto, (max-width: 150px) 100vw, 150px\" \/><\/a>\n\t\t\t<\/div>\n\t\t\t\t<figcaption class='wp-caption-text gallery-caption' id='gallery-1-78607'>\n\t\t\t\tCasa Villafranca \/ OOIIO Arquitectura (\u00a9 Imagen Subliminal)\n\t\t\t\t<\/figcaption><\/figure><figure class='gallery-item'>\n\t\t\t<div class='gallery-icon portrait'>\n\t\t\t\t<a href='https:\/\/www.arquimaster.com.ar\/web\/wp-content\/uploads\/2024\/05\/casa_villafranca7.jpg' title=\"Casa Villafranca \/ OOIIO Arquitectura (\u00a9 Imagen Subliminal)\" data-rl_title=\"Casa Villafranca \/ OOIIO Arquitectura (\u00a9 Imagen Subliminal)\" class=\"rl-gallery-link\" data-rl_caption=\"Casa Villafranca \/ OOIIO Arquitectura (\u00a9 Imagen Subliminal)\" data-rel=\"lightbox-gallery-1\"><img loading=\"lazy\" decoding=\"async\" width=\"150\" height=\"150\" src=\"https:\/\/www.arquimaster.com.ar\/web\/wp-content\/uploads\/2024\/05\/casa_villafranca7-150x150.jpg\" class=\"attachment-thumbnail size-thumbnail\" alt=\"Casa Villafranca \/ OOIIO Arquitectura\" aria-describedby=\"gallery-1-78608\" \/><\/a>\n\t\t\t<\/div>\n\t\t\t\t<figcaption class='wp-caption-text gallery-caption' id='gallery-1-78608'>\n\t\t\t\tCasa Villafranca \/ OOIIO Arquitectura (\u00a9 Imagen Subliminal)\n\t\t\t\t<\/figcaption><\/figure><figure class='gallery-item'>\n\t\t\t<div class='gallery-icon landscape'>\n\t\t\t\t<a href='https:\/\/www.arquimaster.com.ar\/web\/wp-content\/uploads\/2024\/05\/casa_villafranca8.jpg' title=\"Casa Villafranca \/ OOIIO Arquitectura (\u00a9 Imagen Subliminal)\" data-rl_title=\"Casa Villafranca \/ OOIIO Arquitectura (\u00a9 Imagen Subliminal)\" class=\"rl-gallery-link\" data-rl_caption=\"Casa Villafranca \/ OOIIO Arquitectura (\u00a9 Imagen Subliminal)\" data-rel=\"lightbox-gallery-1\"><img loading=\"lazy\" decoding=\"async\" width=\"150\" height=\"150\" src=\"https:\/\/www.arquimaster.com.ar\/web\/wp-content\/uploads\/2024\/05\/casa_villafranca8-150x150.jpg\" class=\"attachment-thumbnail size-thumbnail\" alt=\"Casa Villafranca \/ OOIIO Arquitectura\" aria-describedby=\"gallery-1-78609\" \/><\/a>\n\t\t\t<\/div>\n\t\t\t\t<figcaption class='wp-caption-text gallery-caption' id='gallery-1-78609'>\n\t\t\t\tCasa Villafranca \/ OOIIO Arquitectura (\u00a9 Imagen Subliminal)\n\t\t\t\t<\/figcaption><\/figure><figure class='gallery-item'>\n\t\t\t<div class='gallery-icon landscape'>\n\t\t\t\t<a href='https:\/\/www.arquimaster.com.ar\/web\/wp-content\/uploads\/2024\/05\/casa_villafranca9.jpg' title=\"Casa Villafranca \/ OOIIO Arquitectura (\u00a9 Javier de Paz)\" data-rl_title=\"Casa Villafranca \/ OOIIO Arquitectura (\u00a9 Javier de Paz)\" class=\"rl-gallery-link\" data-rl_caption=\"Casa Villafranca \/ OOIIO Arquitectura (\u00a9 Javier de Paz)\" data-rel=\"lightbox-gallery-1\"><img loading=\"lazy\" decoding=\"async\" width=\"150\" height=\"150\" src=\"https:\/\/www.arquimaster.com.ar\/web\/wp-content\/uploads\/2024\/05\/casa_villafranca9-150x150.jpg\" class=\"attachment-thumbnail size-thumbnail\" alt=\"Casa Villafranca \/ OOIIO Arquitectura\" aria-describedby=\"gallery-1-78610\" \/><\/a>\n\t\t\t<\/div>\n\t\t\t\t<figcaption class='wp-caption-text gallery-caption' id='gallery-1-78610'>\n\t\t\t\tCasa Villafranca \/ OOIIO Arquitectura (\u00a9 Javier de Paz)\n\t\t\t\t<\/figcaption><\/figure><figure class='gallery-item'>\n\t\t\t<div class='gallery-icon landscape'>\n\t\t\t\t<a href='https:\/\/www.arquimaster.com.ar\/web\/wp-content\/uploads\/2024\/05\/casa_villafranca10.jpg' title=\"Casa Villafranca \/ OOIIO Arquitectura (\u00a9 Javier de Paz)\" data-rl_title=\"Casa Villafranca \/ OOIIO Arquitectura (\u00a9 Javier de Paz)\" class=\"rl-gallery-link\" data-rl_caption=\"Casa Villafranca \/ OOIIO Arquitectura (\u00a9 Javier de Paz)\" data-rel=\"lightbox-gallery-1\"><img loading=\"lazy\" decoding=\"async\" width=\"150\" height=\"150\" src=\"https:\/\/www.arquimaster.com.ar\/web\/wp-content\/uploads\/2024\/05\/casa_villafranca10-150x150.jpg\" class=\"attachment-thumbnail size-thumbnail\" alt=\"Casa Villafranca \/ OOIIO Arquitectura\" aria-describedby=\"gallery-1-78611\" \/><\/a>\n\t\t\t<\/div>\n\t\t\t\t<figcaption class='wp-caption-text gallery-caption' id='gallery-1-78611'>\n\t\t\t\tCasa Villafranca \/ OOIIO Arquitectura (\u00a9 Javier de Paz)\n\t\t\t\t<\/figcaption><\/figure><figure class='gallery-item'>\n\t\t\t<div class='gallery-icon landscape'>\n\t\t\t\t<a href='https:\/\/www.arquimaster.com.ar\/web\/wp-content\/uploads\/2024\/05\/casa_villafranca11.jpg' title=\"Casa Villafranca \/ OOIIO Arquitectura (\u00a9 Imagen Subliminal)\" data-rl_title=\"Casa Villafranca \/ OOIIO Arquitectura (\u00a9 Imagen Subliminal)\" class=\"rl-gallery-link\" data-rl_caption=\"Casa Villafranca \/ OOIIO Arquitectura (\u00a9 Imagen Subliminal)\" data-rel=\"lightbox-gallery-1\"><img loading=\"lazy\" decoding=\"async\" width=\"150\" height=\"150\" src=\"https:\/\/www.arquimaster.com.ar\/web\/wp-content\/uploads\/2024\/05\/casa_villafranca11-150x150.jpg\" class=\"attachment-thumbnail size-thumbnail\" alt=\"Casa Villafranca \/ OOIIO Arquitectura\" aria-describedby=\"gallery-1-78612\" \/><\/a>\n\t\t\t<\/div>\n\t\t\t\t<figcaption class='wp-caption-text gallery-caption' id='gallery-1-78612'>\n\t\t\t\tCasa Villafranca \/ OOIIO Arquitectura (\u00a9 Imagen Subliminal)\n\t\t\t\t<\/figcaption><\/figure><figure class='gallery-item'>\n\t\t\t<div class='gallery-icon landscape'>\n\t\t\t\t<a href='https:\/\/www.arquimaster.com.ar\/web\/wp-content\/uploads\/2024\/05\/casa_villafranca12.jpg' title=\"Casa Villafranca \/ OOIIO Arquitectura (\u00a9 Javier de Paz)\" data-rl_title=\"Casa Villafranca \/ OOIIO Arquitectura (\u00a9 Javier de Paz)\" class=\"rl-gallery-link\" data-rl_caption=\"Casa Villafranca \/ OOIIO Arquitectura (\u00a9 Javier de Paz)\" data-rel=\"lightbox-gallery-1\"><img loading=\"lazy\" decoding=\"async\" width=\"150\" height=\"150\" src=\"https:\/\/www.arquimaster.com.ar\/web\/wp-content\/uploads\/2024\/05\/casa_villafranca12-150x150.jpg\" class=\"attachment-thumbnail size-thumbnail\" alt=\"Casa Villafranca \/ OOIIO Arquitectura\" aria-describedby=\"gallery-1-78613\" \/><\/a>\n\t\t\t<\/div>\n\t\t\t\t<figcaption class='wp-caption-text gallery-caption' id='gallery-1-78613'>\n\t\t\t\tCasa Villafranca \/ OOIIO Arquitectura (\u00a9 Javier de Paz)\n\t\t\t\t<\/figcaption><\/figure><figure class='gallery-item'>\n\t\t\t<div class='gallery-icon landscape'>\n\t\t\t\t<a href='https:\/\/www.arquimaster.com.ar\/web\/wp-content\/uploads\/2024\/05\/casa_villafranca13.jpg' title=\"Casa Villafranca \/ OOIIO Arquitectura (\u00a9 Javier de Paz)\" data-rl_title=\"Casa Villafranca \/ OOIIO Arquitectura (\u00a9 Javier de Paz)\" class=\"rl-gallery-link\" data-rl_caption=\"Casa Villafranca \/ OOIIO Arquitectura (\u00a9 Javier de Paz)\" data-rel=\"lightbox-gallery-1\"><img loading=\"lazy\" decoding=\"async\" width=\"150\" height=\"150\" src=\"https:\/\/www.arquimaster.com.ar\/web\/wp-content\/uploads\/2024\/05\/casa_villafranca13-150x150.jpg\" class=\"attachment-thumbnail size-thumbnail\" alt=\"Casa Villafranca \/ OOIIO Arquitectura\" aria-describedby=\"gallery-1-78614\" \/><\/a>\n\t\t\t<\/div>\n\t\t\t\t<figcaption class='wp-caption-text gallery-caption' id='gallery-1-78614'>\n\t\t\t\tCasa Villafranca \/ OOIIO Arquitectura (\u00a9 Javier de Paz)\n\t\t\t\t<\/figcaption><\/figure><figure class='gallery-item'>\n\t\t\t<div class='gallery-icon portrait'>\n\t\t\t\t<a href='https:\/\/www.arquimaster.com.ar\/web\/wp-content\/uploads\/2024\/05\/casa_villafranca14.jpg' title=\"Casa Villafranca \/ OOIIO Arquitectura (\u00a9 Imagen Subliminal)\" data-rl_title=\"Casa Villafranca \/ OOIIO Arquitectura (\u00a9 Imagen Subliminal)\" class=\"rl-gallery-link\" data-rl_caption=\"Casa Villafranca \/ OOIIO Arquitectura (\u00a9 Imagen Subliminal)\" data-rel=\"lightbox-gallery-1\"><img loading=\"lazy\" decoding=\"async\" width=\"150\" height=\"150\" src=\"https:\/\/www.arquimaster.com.ar\/web\/wp-content\/uploads\/2024\/05\/casa_villafranca14-150x150.jpg\" class=\"attachment-thumbnail size-thumbnail\" alt=\"Casa Villafranca \/ OOIIO Arquitectura\" aria-describedby=\"gallery-1-78615\" \/><\/a>\n\t\t\t<\/div>\n\t\t\t\t<figcaption class='wp-caption-text gallery-caption' id='gallery-1-78615'>\n\t\t\t\tCasa Villafranca \/ OOIIO Arquitectura (\u00a9 Imagen Subliminal)\n\t\t\t\t<\/figcaption><\/figure><figure class='gallery-item'>\n\t\t\t<div class='gallery-icon landscape'>\n\t\t\t\t<a href='https:\/\/www.arquimaster.com.ar\/web\/wp-content\/uploads\/2024\/05\/casa_villafranca15.jpg' title=\"Casa Villafranca \/ OOIIO Arquitectura (\u00a9 Imagen Subliminal)\" data-rl_title=\"Casa Villafranca \/ OOIIO Arquitectura (\u00a9 Imagen Subliminal)\" class=\"rl-gallery-link\" data-rl_caption=\"Casa Villafranca \/ OOIIO Arquitectura (\u00a9 Imagen Subliminal)\" data-rel=\"lightbox-gallery-1\"><img loading=\"lazy\" decoding=\"async\" width=\"150\" height=\"150\" src=\"https:\/\/www.arquimaster.com.ar\/web\/wp-content\/uploads\/2024\/05\/casa_villafranca15-150x150.jpg\" class=\"attachment-thumbnail size-thumbnail\" alt=\"Casa Villafranca \/ OOIIO Arquitectura\" aria-describedby=\"gallery-1-78616\" srcset=\"https:\/\/www.arquimaster.com.ar\/web\/wp-content\/uploads\/2024\/05\/casa_villafranca15-150x150.jpg 150w, https:\/\/www.arquimaster.com.ar\/web\/wp-content\/uploads\/2024\/05\/casa_villafranca15-768x768.jpg 768w, https:\/\/www.arquimaster.com.ar\/web\/wp-content\/uploads\/2024\/05\/casa_villafranca15.jpg 1500w\" sizes=\"auto, (max-width: 150px) 100vw, 150px\" \/><\/a>\n\t\t\t<\/div>\n\t\t\t\t<figcaption class='wp-caption-text gallery-caption' id='gallery-1-78616'>\n\t\t\t\tCasa Villafranca \/ OOIIO Arquitectura (\u00a9 Imagen Subliminal)\n\t\t\t\t<\/figcaption><\/figure><figure class='gallery-item'>\n\t\t\t<div class='gallery-icon landscape'>\n\t\t\t\t<a href='https:\/\/www.arquimaster.com.ar\/web\/wp-content\/uploads\/2024\/05\/casa_villafranca16.jpg' title=\"Casa Villafranca \/ OOIIO Arquitectura (\u00a9 Imagen Subliminal)\" data-rl_title=\"Casa Villafranca \/ OOIIO Arquitectura (\u00a9 Imagen Subliminal)\" class=\"rl-gallery-link\" data-rl_caption=\"Casa Villafranca \/ OOIIO Arquitectura (\u00a9 Imagen Subliminal)\" data-rel=\"lightbox-gallery-1\"><img loading=\"lazy\" decoding=\"async\" width=\"150\" height=\"150\" src=\"https:\/\/www.arquimaster.com.ar\/web\/wp-content\/uploads\/2024\/05\/casa_villafranca16-150x150.jpg\" class=\"attachment-thumbnail size-thumbnail\" alt=\"Casa Villafranca \/ OOIIO Arquitectura\" aria-describedby=\"gallery-1-78617\" \/><\/a>\n\t\t\t<\/div>\n\t\t\t\t<figcaption class='wp-caption-text gallery-caption' id='gallery-1-78617'>\n\t\t\t\tCasa Villafranca \/ OOIIO Arquitectura (\u00a9 Imagen Subliminal)\n\t\t\t\t<\/figcaption><\/figure><figure class='gallery-item'>\n\t\t\t<div class='gallery-icon landscape'>\n\t\t\t\t<a href='https:\/\/www.arquimaster.com.ar\/web\/wp-content\/uploads\/2024\/05\/casa_villafranca17.jpg' title=\"Casa Villafranca \/ OOIIO Arquitectura (\u00a9 Imagen Subliminal)\" data-rl_title=\"Casa Villafranca \/ OOIIO Arquitectura (\u00a9 Imagen Subliminal)\" class=\"rl-gallery-link\" data-rl_caption=\"Casa Villafranca \/ OOIIO Arquitectura (\u00a9 Imagen Subliminal)\" data-rel=\"lightbox-gallery-1\"><img loading=\"lazy\" decoding=\"async\" width=\"150\" height=\"150\" src=\"https:\/\/www.arquimaster.com.ar\/web\/wp-content\/uploads\/2024\/05\/casa_villafranca17-150x150.jpg\" class=\"attachment-thumbnail size-thumbnail\" alt=\"Casa Villafranca \/ OOIIO Arquitectura\" aria-describedby=\"gallery-1-78618\" \/><\/a>\n\t\t\t<\/div>\n\t\t\t\t<figcaption class='wp-caption-text gallery-caption' id='gallery-1-78618'>\n\t\t\t\tCasa Villafranca \/ OOIIO Arquitectura (\u00a9 Imagen Subliminal)\n\t\t\t\t<\/figcaption><\/figure><figure class='gallery-item'>\n\t\t\t<div class='gallery-icon portrait'>\n\t\t\t\t<a href='https:\/\/www.arquimaster.com.ar\/web\/wp-content\/uploads\/2024\/05\/casa_villafranca18.jpg' title=\"Casa Villafranca \/ OOIIO Arquitectura (\u00a9 Javier de Paz)\" data-rl_title=\"Casa Villafranca \/ OOIIO Arquitectura (\u00a9 Javier de Paz)\" class=\"rl-gallery-link\" data-rl_caption=\"Casa Villafranca \/ OOIIO Arquitectura (\u00a9 Javier de Paz)\" data-rel=\"lightbox-gallery-1\"><img loading=\"lazy\" decoding=\"async\" width=\"150\" height=\"150\" src=\"https:\/\/www.arquimaster.com.ar\/web\/wp-content\/uploads\/2024\/05\/casa_villafranca18-150x150.jpg\" class=\"attachment-thumbnail size-thumbnail\" alt=\"Casa Villafranca \/ OOIIO Arquitectura\" aria-describedby=\"gallery-1-78619\" \/><\/a>\n\t\t\t<\/div>\n\t\t\t\t<figcaption class='wp-caption-text gallery-caption' id='gallery-1-78619'>\n\t\t\t\tCasa Villafranca \/ OOIIO Arquitectura (\u00a9 Javier de Paz)\n\t\t\t\t<\/figcaption><\/figure><figure class='gallery-item'>\n\t\t\t<div class='gallery-icon portrait'>\n\t\t\t\t<a href='https:\/\/www.arquimaster.com.ar\/web\/wp-content\/uploads\/2024\/05\/casa_villafranca19.jpg' title=\"Casa Villafranca \/ OOIIO Arquitectura (\u00a9 Javier de Paz)\" data-rl_title=\"Casa Villafranca \/ OOIIO Arquitectura (\u00a9 Javier de Paz)\" class=\"rl-gallery-link\" data-rl_caption=\"Casa Villafranca \/ OOIIO Arquitectura (\u00a9 Javier de Paz)\" data-rel=\"lightbox-gallery-1\"><img loading=\"lazy\" decoding=\"async\" width=\"150\" height=\"150\" src=\"https:\/\/www.arquimaster.com.ar\/web\/wp-content\/uploads\/2024\/05\/casa_villafranca19-150x150.jpg\" class=\"attachment-thumbnail size-thumbnail\" alt=\"Casa Villafranca \/ OOIIO Arquitectura\" aria-describedby=\"gallery-1-78620\" \/><\/a>\n\t\t\t<\/div>\n\t\t\t\t<figcaption class='wp-caption-text gallery-caption' id='gallery-1-78620'>\n\t\t\t\tCasa Villafranca \/ OOIIO Arquitectura (\u00a9 Javier de Paz)\n\t\t\t\t<\/figcaption><\/figure><figure class='gallery-item'>\n\t\t\t<div class='gallery-icon portrait'>\n\t\t\t\t<a href='https:\/\/www.arquimaster.com.ar\/web\/wp-content\/uploads\/2024\/05\/casa_villafranca20.jpg' title=\"Casa Villafranca \/ OOIIO Arquitectura (\u00a9 Javier de Paz)\" data-rl_title=\"Casa Villafranca \/ OOIIO Arquitectura (\u00a9 Javier de Paz)\" class=\"rl-gallery-link\" data-rl_caption=\"Casa Villafranca \/ OOIIO Arquitectura (\u00a9 Javier de Paz)\" data-rel=\"lightbox-gallery-1\"><img loading=\"lazy\" decoding=\"async\" width=\"150\" height=\"150\" src=\"https:\/\/www.arquimaster.com.ar\/web\/wp-content\/uploads\/2024\/05\/casa_villafranca20-150x150.jpg\" class=\"attachment-thumbnail size-thumbnail\" alt=\"Casa Villafranca \/ OOIIO Arquitectura\" aria-describedby=\"gallery-1-78621\" \/><\/a>\n\t\t\t<\/div>\n\t\t\t\t<figcaption class='wp-caption-text gallery-caption' id='gallery-1-78621'>\n\t\t\t\tCasa Villafranca \/ OOIIO Arquitectura (\u00a9 Javier de Paz)\n\t\t\t\t<\/figcaption><\/figure><figure class='gallery-item'>\n\t\t\t<div class='gallery-icon landscape'>\n\t\t\t\t<a href='https:\/\/www.arquimaster.com.ar\/web\/wp-content\/uploads\/2024\/05\/casa_villafranca21.jpg' title=\"Casa Villafranca \/ OOIIO Arquitectura (\u00a9 Imagen Subliminal)\" data-rl_title=\"Casa Villafranca \/ OOIIO Arquitectura (\u00a9 Imagen Subliminal)\" class=\"rl-gallery-link\" data-rl_caption=\"Casa Villafranca \/ OOIIO Arquitectura (\u00a9 Imagen Subliminal)\" data-rel=\"lightbox-gallery-1\"><img loading=\"lazy\" decoding=\"async\" width=\"150\" height=\"150\" src=\"https:\/\/www.arquimaster.com.ar\/web\/wp-content\/uploads\/2024\/05\/casa_villafranca21-150x150.jpg\" class=\"attachment-thumbnail size-thumbnail\" alt=\"Casa Villafranca \/ OOIIO Arquitectura\" aria-describedby=\"gallery-1-78622\" \/><\/a>\n\t\t\t<\/div>\n\t\t\t\t<figcaption class='wp-caption-text gallery-caption' id='gallery-1-78622'>\n\t\t\t\tCasa Villafranca \/ OOIIO Arquitectura (\u00a9 Imagen Subliminal)\n\t\t\t\t<\/figcaption><\/figure><figure class='gallery-item'>\n\t\t\t<div class='gallery-icon landscape'>\n\t\t\t\t<a href='https:\/\/www.arquimaster.com.ar\/web\/wp-content\/uploads\/2024\/05\/casa_villafranca22.jpg' title=\"Casa Villafranca \/ OOIIO Arquitectura (\u00a9 Imagen Subliminal)\" data-rl_title=\"Casa Villafranca \/ OOIIO Arquitectura (\u00a9 Imagen Subliminal)\" class=\"rl-gallery-link\" data-rl_caption=\"Casa Villafranca \/ OOIIO Arquitectura (\u00a9 Imagen Subliminal)\" data-rel=\"lightbox-gallery-1\"><img loading=\"lazy\" decoding=\"async\" width=\"150\" height=\"150\" src=\"https:\/\/www.arquimaster.com.ar\/web\/wp-content\/uploads\/2024\/05\/casa_villafranca22-150x150.jpg\" class=\"attachment-thumbnail size-thumbnail\" alt=\"Casa Villafranca \/ OOIIO Arquitectura\" aria-describedby=\"gallery-1-78623\" \/><\/a>\n\t\t\t<\/div>\n\t\t\t\t<figcaption class='wp-caption-text gallery-caption' id='gallery-1-78623'>\n\t\t\t\tCasa Villafranca \/ OOIIO Arquitectura (\u00a9 Imagen Subliminal)\n\t\t\t\t<\/figcaption><\/figure><figure class='gallery-item'>\n\t\t\t<div class='gallery-icon landscape'>\n\t\t\t\t<a href='https:\/\/www.arquimaster.com.ar\/web\/wp-content\/uploads\/2024\/05\/casa_villafranca23.jpg' title=\"Casa Villafranca \/ OOIIO Arquitectura (\u00a9 Javier de Paz)\" data-rl_title=\"Casa Villafranca \/ OOIIO Arquitectura (\u00a9 Javier de Paz)\" class=\"rl-gallery-link\" data-rl_caption=\"Casa Villafranca \/ OOIIO Arquitectura (\u00a9 Javier de Paz)\" data-rel=\"lightbox-gallery-1\"><img loading=\"lazy\" decoding=\"async\" width=\"150\" height=\"150\" src=\"https:\/\/www.arquimaster.com.ar\/web\/wp-content\/uploads\/2024\/05\/casa_villafranca23-150x150.jpg\" class=\"attachment-thumbnail size-thumbnail\" alt=\"Casa Villafranca \/ OOIIO Arquitectura\" aria-describedby=\"gallery-1-78624\" \/><\/a>\n\t\t\t<\/div>\n\t\t\t\t<figcaption class='wp-caption-text gallery-caption' id='gallery-1-78624'>\n\t\t\t\tCasa Villafranca \/ OOIIO Arquitectura (\u00a9 Javier de Paz)\n\t\t\t\t<\/figcaption><\/figure><figure class='gallery-item'>\n\t\t\t<div class='gallery-icon portrait'>\n\t\t\t\t<a href='https:\/\/www.arquimaster.com.ar\/web\/wp-content\/uploads\/2024\/05\/casa_villafranca24.jpg' title=\"Casa Villafranca \/ OOIIO Arquitectura (\u00a9 Javier de Paz)\" data-rl_title=\"Casa Villafranca \/ OOIIO Arquitectura (\u00a9 Javier de Paz)\" class=\"rl-gallery-link\" data-rl_caption=\"Casa Villafranca \/ OOIIO Arquitectura (\u00a9 Javier de Paz)\" data-rel=\"lightbox-gallery-1\"><img loading=\"lazy\" decoding=\"async\" width=\"150\" height=\"150\" src=\"https:\/\/www.arquimaster.com.ar\/web\/wp-content\/uploads\/2024\/05\/casa_villafranca24-150x150.jpg\" class=\"attachment-thumbnail size-thumbnail\" alt=\"Casa Villafranca \/ OOIIO Arquitectura\" aria-describedby=\"gallery-1-78625\" \/><\/a>\n\t\t\t<\/div>\n\t\t\t\t<figcaption class='wp-caption-text gallery-caption' id='gallery-1-78625'>\n\t\t\t\tCasa Villafranca \/ OOIIO Arquitectura (\u00a9 Javier de Paz)\n\t\t\t\t<\/figcaption><\/figure><figure class='gallery-item'>\n\t\t\t<div class='gallery-icon landscape'>\n\t\t\t\t<a href='https:\/\/www.arquimaster.com.ar\/web\/wp-content\/uploads\/2024\/05\/casa_villafranca25.jpg' title=\"Casa Villafranca \/ OOIIO Arquitectura (\u00a9 Imagen Subliminal)\" data-rl_title=\"Casa Villafranca \/ OOIIO Arquitectura (\u00a9 Imagen Subliminal)\" class=\"rl-gallery-link\" data-rl_caption=\"Casa Villafranca \/ OOIIO Arquitectura (\u00a9 Imagen Subliminal)\" data-rel=\"lightbox-gallery-1\"><img loading=\"lazy\" decoding=\"async\" width=\"150\" height=\"150\" src=\"https:\/\/www.arquimaster.com.ar\/web\/wp-content\/uploads\/2024\/05\/casa_villafranca25-150x150.jpg\" class=\"attachment-thumbnail size-thumbnail\" alt=\"Casa Villafranca \/ OOIIO Arquitectura\" aria-describedby=\"gallery-1-78626\" \/><\/a>\n\t\t\t<\/div>\n\t\t\t\t<figcaption class='wp-caption-text gallery-caption' id='gallery-1-78626'>\n\t\t\t\tCasa Villafranca \/ OOIIO Arquitectura (\u00a9 Imagen Subliminal)\n\t\t\t\t<\/figcaption><\/figure><figure class='gallery-item'>\n\t\t\t<div class='gallery-icon portrait'>\n\t\t\t\t<a href='https:\/\/www.arquimaster.com.ar\/web\/wp-content\/uploads\/2024\/05\/casa_villafranca26.jpg' title=\"Casa Villafranca \/ OOIIO Arquitectura (\u00a9 Javier de Paz)\" data-rl_title=\"Casa Villafranca \/ OOIIO Arquitectura (\u00a9 Javier de Paz)\" class=\"rl-gallery-link\" data-rl_caption=\"Casa Villafranca \/ OOIIO Arquitectura (\u00a9 Javier de Paz)\" data-rel=\"lightbox-gallery-1\"><img loading=\"lazy\" decoding=\"async\" width=\"150\" height=\"150\" src=\"https:\/\/www.arquimaster.com.ar\/web\/wp-content\/uploads\/2024\/05\/casa_villafranca26-150x150.jpg\" class=\"attachment-thumbnail size-thumbnail\" alt=\"Casa Villafranca \/ OOIIO Arquitectura\" aria-describedby=\"gallery-1-78627\" \/><\/a>\n\t\t\t<\/div>\n\t\t\t\t<figcaption class='wp-caption-text gallery-caption' id='gallery-1-78627'>\n\t\t\t\tCasa Villafranca \/ OOIIO Arquitectura (\u00a9 Javier de Paz)\n\t\t\t\t<\/figcaption><\/figure><figure class='gallery-item'>\n\t\t\t<div class='gallery-icon landscape'>\n\t\t\t\t<a href='https:\/\/www.arquimaster.com.ar\/web\/wp-content\/uploads\/2024\/05\/casa_villafranca27.jpg' title=\"Casa Villafranca \/ OOIIO Arquitectura (\u00a9 Javier de Paz)\" data-rl_title=\"Casa Villafranca \/ OOIIO Arquitectura (\u00a9 Javier de Paz)\" class=\"rl-gallery-link\" data-rl_caption=\"Casa Villafranca \/ OOIIO Arquitectura (\u00a9 Javier de Paz)\" data-rel=\"lightbox-gallery-1\"><img loading=\"lazy\" decoding=\"async\" width=\"150\" height=\"150\" src=\"https:\/\/www.arquimaster.com.ar\/web\/wp-content\/uploads\/2024\/05\/casa_villafranca27-150x150.jpg\" class=\"attachment-thumbnail size-thumbnail\" alt=\"Casa Villafranca \/ OOIIO Arquitectura\" aria-describedby=\"gallery-1-78628\" \/><\/a>\n\t\t\t<\/div>\n\t\t\t\t<figcaption class='wp-caption-text gallery-caption' id='gallery-1-78628'>\n\t\t\t\tCasa Villafranca \/ OOIIO Arquitectura (\u00a9 Javier de Paz)\n\t\t\t\t<\/figcaption><\/figure><figure class='gallery-item'>\n\t\t\t<div class='gallery-icon landscape'>\n\t\t\t\t<a href='https:\/\/www.arquimaster.com.ar\/web\/wp-content\/uploads\/2024\/05\/casa_villafranca28.jpg' title=\"Casa Villafranca \/ OOIIO Arquitectura (\u00a9 Javier de Paz)\" data-rl_title=\"Casa Villafranca \/ OOIIO Arquitectura (\u00a9 Javier de Paz)\" class=\"rl-gallery-link\" data-rl_caption=\"Casa Villafranca \/ OOIIO Arquitectura (\u00a9 Javier de Paz)\" data-rel=\"lightbox-gallery-1\"><img loading=\"lazy\" decoding=\"async\" width=\"150\" height=\"150\" src=\"https:\/\/www.arquimaster.com.ar\/web\/wp-content\/uploads\/2024\/05\/casa_villafranca28-150x150.jpg\" class=\"attachment-thumbnail size-thumbnail\" alt=\"Casa Villafranca \/ OOIIO Arquitectura\" aria-describedby=\"gallery-1-78629\" \/><\/a>\n\t\t\t<\/div>\n\t\t\t\t<figcaption class='wp-caption-text gallery-caption' id='gallery-1-78629'>\n\t\t\t\tCasa Villafranca \/ OOIIO Arquitectura (\u00a9 Javier de Paz)\n\t\t\t\t<\/figcaption><\/figure><figure class='gallery-item'>\n\t\t\t<div class='gallery-icon landscape'>\n\t\t\t\t<a href='https:\/\/www.arquimaster.com.ar\/web\/wp-content\/uploads\/2024\/05\/casa_villafranca29.jpg' title=\"Casa Villafranca \/ OOIIO Arquitectura (\u00a9 Imagen Subliminal)\" data-rl_title=\"Casa Villafranca \/ OOIIO Arquitectura (\u00a9 Imagen Subliminal)\" class=\"rl-gallery-link\" data-rl_caption=\"Casa Villafranca \/ OOIIO Arquitectura (\u00a9 Imagen Subliminal)\" data-rel=\"lightbox-gallery-1\"><img loading=\"lazy\" decoding=\"async\" width=\"150\" height=\"150\" src=\"https:\/\/www.arquimaster.com.ar\/web\/wp-content\/uploads\/2024\/05\/casa_villafranca29-150x150.jpg\" class=\"attachment-thumbnail size-thumbnail\" alt=\"Casa Villafranca \/ OOIIO Arquitectura\" aria-describedby=\"gallery-1-78630\" \/><\/a>\n\t\t\t<\/div>\n\t\t\t\t<figcaption class='wp-caption-text gallery-caption' id='gallery-1-78630'>\n\t\t\t\tCasa Villafranca \/ OOIIO Arquitectura (\u00a9 Imagen Subliminal)\n\t\t\t\t<\/figcaption><\/figure><figure class='gallery-item'>\n\t\t\t<div class='gallery-icon portrait'>\n\t\t\t\t<a href='https:\/\/www.arquimaster.com.ar\/web\/wp-content\/uploads\/2024\/05\/casa_villafranca30.jpg' title=\"Casa Villafranca \/ OOIIO Arquitectura (\u00a9 Javier de Paz)\" data-rl_title=\"Casa Villafranca \/ OOIIO Arquitectura (\u00a9 Javier de Paz)\" class=\"rl-gallery-link\" data-rl_caption=\"Casa Villafranca \/ OOIIO Arquitectura (\u00a9 Javier de Paz)\" data-rel=\"lightbox-gallery-1\"><img loading=\"lazy\" decoding=\"async\" width=\"150\" height=\"150\" src=\"https:\/\/www.arquimaster.com.ar\/web\/wp-content\/uploads\/2024\/05\/casa_villafranca30-150x150.jpg\" class=\"attachment-thumbnail size-thumbnail\" alt=\"Casa Villafranca \/ OOIIO Arquitectura\" aria-describedby=\"gallery-1-78631\" \/><\/a>\n\t\t\t<\/div>\n\t\t\t\t<figcaption class='wp-caption-text gallery-caption' id='gallery-1-78631'>\n\t\t\t\tCasa Villafranca \/ OOIIO Arquitectura (\u00a9 Javier de Paz)\n\t\t\t\t<\/figcaption><\/figure><figure class='gallery-item'>\n\t\t\t<div class='gallery-icon landscape'>\n\t\t\t\t<a href='https:\/\/www.arquimaster.com.ar\/web\/wp-content\/uploads\/2024\/05\/casa_villafranca31.jpg' title=\"Casa Villafranca \/ OOIIO Arquitectura (\u00a9 Imagen Subliminal)\" data-rl_title=\"Casa Villafranca \/ OOIIO Arquitectura (\u00a9 Imagen Subliminal)\" class=\"rl-gallery-link\" data-rl_caption=\"Casa Villafranca \/ OOIIO Arquitectura (\u00a9 Imagen Subliminal)\" data-rel=\"lightbox-gallery-1\"><img loading=\"lazy\" decoding=\"async\" width=\"150\" height=\"150\" src=\"https:\/\/www.arquimaster.com.ar\/web\/wp-content\/uploads\/2024\/05\/casa_villafranca31-150x150.jpg\" class=\"attachment-thumbnail size-thumbnail\" alt=\"Casa Villafranca \/ OOIIO Arquitectura\" aria-describedby=\"gallery-1-78632\" \/><\/a>\n\t\t\t<\/div>\n\t\t\t\t<figcaption class='wp-caption-text gallery-caption' id='gallery-1-78632'>\n\t\t\t\tCasa Villafranca \/ OOIIO Arquitectura (\u00a9 Imagen Subliminal)\n\t\t\t\t<\/figcaption><\/figure><figure class='gallery-item'>\n\t\t\t<div class='gallery-icon landscape'>\n\t\t\t\t<a href='https:\/\/www.arquimaster.com.ar\/web\/wp-content\/uploads\/2024\/05\/casa_villafranca32.jpg' title=\"Casa Villafranca \/ OOIIO Arquitectura (\u00a9 Javier de Paz)\" data-rl_title=\"Casa Villafranca \/ OOIIO Arquitectura (\u00a9 Javier de Paz)\" class=\"rl-gallery-link\" data-rl_caption=\"Casa Villafranca \/ OOIIO Arquitectura (\u00a9 Javier de Paz)\" data-rel=\"lightbox-gallery-1\"><img loading=\"lazy\" decoding=\"async\" width=\"150\" height=\"150\" src=\"https:\/\/www.arquimaster.com.ar\/web\/wp-content\/uploads\/2024\/05\/casa_villafranca32-150x150.jpg\" class=\"attachment-thumbnail size-thumbnail\" alt=\"Casa Villafranca \/ OOIIO Arquitectura\" aria-describedby=\"gallery-1-78633\" \/><\/a>\n\t\t\t<\/div>\n\t\t\t\t<figcaption class='wp-caption-text gallery-caption' id='gallery-1-78633'>\n\t\t\t\tCasa Villafranca \/ OOIIO Arquitectura (\u00a9 Javier de Paz)\n\t\t\t\t<\/figcaption><\/figure><figure class='gallery-item'>\n\t\t\t<div class='gallery-icon portrait'>\n\t\t\t\t<a href='https:\/\/www.arquimaster.com.ar\/web\/wp-content\/uploads\/2024\/05\/casa_villafranca33.jpg' title=\"Casa Villafranca \/ OOIIO Arquitectura (\u00a9 Imagen Subliminal)\" data-rl_title=\"Casa Villafranca \/ OOIIO Arquitectura (\u00a9 Imagen Subliminal)\" class=\"rl-gallery-link\" data-rl_caption=\"Casa Villafranca \/ OOIIO Arquitectura (\u00a9 Imagen Subliminal)\" data-rel=\"lightbox-gallery-1\"><img loading=\"lazy\" decoding=\"async\" width=\"150\" height=\"150\" src=\"https:\/\/www.arquimaster.com.ar\/web\/wp-content\/uploads\/2024\/05\/casa_villafranca33-150x150.jpg\" class=\"attachment-thumbnail size-thumbnail\" alt=\"Casa Villafranca \/ OOIIO Arquitectura\" aria-describedby=\"gallery-1-78634\" \/><\/a>\n\t\t\t<\/div>\n\t\t\t\t<figcaption class='wp-caption-text gallery-caption' id='gallery-1-78634'>\n\t\t\t\tCasa Villafranca \/ OOIIO Arquitectura (\u00a9 Imagen Subliminal)\n\t\t\t\t<\/figcaption><\/figure><figure class='gallery-item'>\n\t\t\t<div class='gallery-icon portrait'>\n\t\t\t\t<a href='https:\/\/www.arquimaster.com.ar\/web\/wp-content\/uploads\/2024\/05\/casa_villafranca34.jpg' title=\"Casa Villafranca \/ OOIIO Arquitectura (\u00a9 Javier de Paz)\" data-rl_title=\"Casa Villafranca \/ OOIIO Arquitectura (\u00a9 Javier de Paz)\" class=\"rl-gallery-link\" data-rl_caption=\"Casa Villafranca \/ OOIIO Arquitectura (\u00a9 Javier de Paz)\" data-rel=\"lightbox-gallery-1\"><img loading=\"lazy\" decoding=\"async\" width=\"150\" height=\"150\" src=\"https:\/\/www.arquimaster.com.ar\/web\/wp-content\/uploads\/2024\/05\/casa_villafranca34-150x150.jpg\" class=\"attachment-thumbnail size-thumbnail\" alt=\"Casa Villafranca \/ OOIIO Arquitectura\" aria-describedby=\"gallery-1-78635\" \/><\/a>\n\t\t\t<\/div>\n\t\t\t\t<figcaption class='wp-caption-text gallery-caption' id='gallery-1-78635'>\n\t\t\t\tCasa Villafranca \/ OOIIO Arquitectura (\u00a9 Javier de Paz)\n\t\t\t\t<\/figcaption><\/figure><figure class='gallery-item'>\n\t\t\t<div class='gallery-icon portrait'>\n\t\t\t\t<a href='https:\/\/www.arquimaster.com.ar\/web\/wp-content\/uploads\/2024\/05\/casa_villafranca35.jpg' title=\"Casa Villafranca \/ OOIIO Arquitectura (\u00a9 Javier de Paz)\" data-rl_title=\"Casa Villafranca \/ OOIIO Arquitectura (\u00a9 Javier de Paz)\" class=\"rl-gallery-link\" data-rl_caption=\"Casa Villafranca \/ OOIIO Arquitectura (\u00a9 Javier de Paz)\" data-rel=\"lightbox-gallery-1\"><img loading=\"lazy\" decoding=\"async\" width=\"150\" height=\"150\" src=\"https:\/\/www.arquimaster.com.ar\/web\/wp-content\/uploads\/2024\/05\/casa_villafranca35-150x150.jpg\" class=\"attachment-thumbnail size-thumbnail\" alt=\"Casa Villafranca \/ OOIIO Arquitectura\" aria-describedby=\"gallery-1-78636\" \/><\/a>\n\t\t\t<\/div>\n\t\t\t\t<figcaption class='wp-caption-text gallery-caption' id='gallery-1-78636'>\n\t\t\t\tCasa Villafranca \/ OOIIO Arquitectura (\u00a9 Javier de Paz)\n\t\t\t\t<\/figcaption><\/figure><figure class='gallery-item'>\n\t\t\t<div class='gallery-icon portrait'>\n\t\t\t\t<a href='https:\/\/www.arquimaster.com.ar\/web\/wp-content\/uploads\/2024\/05\/casa_villafranca36.jpg' title=\"Casa Villafranca \/ OOIIO Arquitectura (\u00a9 Javier de Paz)\" data-rl_title=\"Casa Villafranca \/ OOIIO Arquitectura (\u00a9 Javier de Paz)\" class=\"rl-gallery-link\" data-rl_caption=\"Casa Villafranca \/ OOIIO Arquitectura (\u00a9 Javier de Paz)\" data-rel=\"lightbox-gallery-1\"><img loading=\"lazy\" decoding=\"async\" width=\"150\" height=\"150\" src=\"https:\/\/www.arquimaster.com.ar\/web\/wp-content\/uploads\/2024\/05\/casa_villafranca36-150x150.jpg\" class=\"attachment-thumbnail size-thumbnail\" alt=\"\" aria-describedby=\"gallery-1-78637\" \/><\/a>\n\t\t\t<\/div>\n\t\t\t\t<figcaption class='wp-caption-text gallery-caption' id='gallery-1-78637'>\n\t\t\t\tCasa Villafranca \/ OOIIO Arquitectura (\u00a9 Javier de Paz)\n\t\t\t\t<\/figcaption><\/figure>\n\t\t<\/div>\n\n<p>Casa Villafranca se encuentra muy pr\u00f3xima a Madrid en una amplia parcela rectangular, plana y rodeada de otras viviendas unifamiliares todas con su jard\u00edn y espacio suficiente alrededor.<\/p>\n<p>Un contexto muy mon\u00f3tono y tranquilo, ideal para la vida familiar, donde la mayor\u00eda de las edificaciones son bastante endog\u00e1micas en cuanto a la relaci\u00f3n con su entorno inmediato. Dialogan \u00fanicamente con su propio jard\u00edn y no miran m\u00e1s all\u00e1 de los l\u00edmites de su parcela.<\/p>\n<p>Uno entra en su casa atravesando un muro lo suficientemente alto y denso para que no le vea nadie una vez que cruce esa frontera dom\u00e9stica. Desde tu vivienda no buscas ver la calle, como si cada parcela fuese un oasis al que llegar y disfrutar de tu burbuja, protegi\u00e9ndote del mundo exterior.<\/p>\n<div id='gallery-2' class='gallery galleryid-78600 gallery-columns-3 gallery-size-thumbnail'><figure class='gallery-item'>\n\t\t\t<div class='gallery-icon landscape'>\n\t\t\t\t<a href='https:\/\/www.arquimaster.com.ar\/web\/wp-content\/uploads\/2024\/05\/casa_villafranca37.jpg' title=\"Casa Villafranca \/ OOIIO Arquitectura (\u00a9 Javier de Paz)\" data-rl_title=\"Casa Villafranca \/ OOIIO Arquitectura (\u00a9 Javier de Paz)\" class=\"rl-gallery-link\" data-rl_caption=\"Casa Villafranca \/ OOIIO Arquitectura (\u00a9 Javier de Paz)\" data-rel=\"lightbox-gallery-2\"><img loading=\"lazy\" decoding=\"async\" width=\"150\" height=\"150\" src=\"https:\/\/www.arquimaster.com.ar\/web\/wp-content\/uploads\/2024\/05\/casa_villafranca37-150x150.jpg\" class=\"attachment-thumbnail size-thumbnail\" alt=\"Casa Villafranca \/ OOIIO Arquitectura\" aria-describedby=\"gallery-2-78638\" \/><\/a>\n\t\t\t<\/div>\n\t\t\t\t<figcaption class='wp-caption-text gallery-caption' id='gallery-2-78638'>\n\t\t\t\tCasa Villafranca \/ OOIIO Arquitectura (\u00a9 Javier de Paz)\n\t\t\t\t<\/figcaption><\/figure><figure class='gallery-item'>\n\t\t\t<div class='gallery-icon landscape'>\n\t\t\t\t<a href='https:\/\/www.arquimaster.com.ar\/web\/wp-content\/uploads\/2024\/05\/casa_villafranca38.jpg' title=\"Casa Villafranca \/ OOIIO Arquitectura (\u00a9 Javier de Paz)\" data-rl_title=\"Casa Villafranca \/ OOIIO Arquitectura (\u00a9 Javier de Paz)\" class=\"rl-gallery-link\" data-rl_caption=\"Casa Villafranca \/ OOIIO Arquitectura (\u00a9 Javier de Paz)\" data-rel=\"lightbox-gallery-2\"><img loading=\"lazy\" decoding=\"async\" width=\"150\" height=\"150\" src=\"https:\/\/www.arquimaster.com.ar\/web\/wp-content\/uploads\/2024\/05\/casa_villafranca38-150x150.jpg\" class=\"attachment-thumbnail size-thumbnail\" alt=\"Casa Villafranca \/ OOIIO Arquitectura\" aria-describedby=\"gallery-2-78639\" \/><\/a>\n\t\t\t<\/div>\n\t\t\t\t<figcaption class='wp-caption-text gallery-caption' id='gallery-2-78639'>\n\t\t\t\tCasa Villafranca \/ OOIIO Arquitectura (\u00a9 Javier de Paz)\n\t\t\t\t<\/figcaption><\/figure><figure class='gallery-item'>\n\t\t\t<div class='gallery-icon landscape'>\n\t\t\t\t<a href='https:\/\/www.arquimaster.com.ar\/web\/wp-content\/uploads\/2024\/05\/casa_villafranca39.jpg' title=\"Casa Villafranca \/ OOIIO Arquitectura (\u00a9 Javier de Paz)\" data-rl_title=\"Casa Villafranca \/ OOIIO Arquitectura (\u00a9 Javier de Paz)\" class=\"rl-gallery-link\" data-rl_caption=\"Casa Villafranca \/ OOIIO Arquitectura (\u00a9 Javier de Paz)\" data-rel=\"lightbox-gallery-2\"><img loading=\"lazy\" decoding=\"async\" width=\"150\" height=\"150\" src=\"https:\/\/www.arquimaster.com.ar\/web\/wp-content\/uploads\/2024\/05\/casa_villafranca39-150x150.jpg\" class=\"attachment-thumbnail size-thumbnail\" alt=\"Casa Villafranca \/ OOIIO Arquitectura\" aria-describedby=\"gallery-2-78640\" \/><\/a>\n\t\t\t<\/div>\n\t\t\t\t<figcaption class='wp-caption-text gallery-caption' id='gallery-2-78640'>\n\t\t\t\tCasa Villafranca \/ OOIIO Arquitectura (\u00a9 Javier de Paz)\n\t\t\t\t<\/figcaption><\/figure><figure class='gallery-item'>\n\t\t\t<div class='gallery-icon landscape'>\n\t\t\t\t<a href='https:\/\/www.arquimaster.com.ar\/web\/wp-content\/uploads\/2024\/05\/casa_villafranca40.jpg' title=\"Casa Villafranca \/ OOIIO Arquitectura (\u00a9 Imagen Subliminal)\" data-rl_title=\"Casa Villafranca \/ OOIIO Arquitectura (\u00a9 Imagen Subliminal)\" class=\"rl-gallery-link\" data-rl_caption=\"Casa Villafranca \/ OOIIO Arquitectura (\u00a9 Imagen Subliminal)\" data-rel=\"lightbox-gallery-2\"><img loading=\"lazy\" decoding=\"async\" width=\"150\" height=\"150\" src=\"https:\/\/www.arquimaster.com.ar\/web\/wp-content\/uploads\/2024\/05\/casa_villafranca40-150x150.jpg\" class=\"attachment-thumbnail size-thumbnail\" alt=\"Casa Villafranca \/ OOIIO Arquitectura\" aria-describedby=\"gallery-2-78641\" \/><\/a>\n\t\t\t<\/div>\n\t\t\t\t<figcaption class='wp-caption-text gallery-caption' id='gallery-2-78641'>\n\t\t\t\tCasa Villafranca \/ OOIIO Arquitectura (\u00a9 Imagen Subliminal)\n\t\t\t\t<\/figcaption><\/figure><figure class='gallery-item'>\n\t\t\t<div class='gallery-icon landscape'>\n\t\t\t\t<a href='https:\/\/www.arquimaster.com.ar\/web\/wp-content\/uploads\/2024\/05\/casa_villafranca41.jpg' title=\"Casa Villafranca \/ OOIIO Arquitectura (\u00a9 Imagen Subliminal)\" data-rl_title=\"Casa Villafranca \/ OOIIO Arquitectura (\u00a9 Imagen Subliminal)\" class=\"rl-gallery-link\" data-rl_caption=\"Casa Villafranca \/ OOIIO Arquitectura (\u00a9 Imagen Subliminal)\" data-rel=\"lightbox-gallery-2\"><img loading=\"lazy\" decoding=\"async\" width=\"150\" height=\"150\" src=\"https:\/\/www.arquimaster.com.ar\/web\/wp-content\/uploads\/2024\/05\/casa_villafranca41-150x150.jpg\" class=\"attachment-thumbnail size-thumbnail\" alt=\"Casa Villafranca \/ OOIIO Arquitectura\" aria-describedby=\"gallery-2-78642\" \/><\/a>\n\t\t\t<\/div>\n\t\t\t\t<figcaption class='wp-caption-text gallery-caption' id='gallery-2-78642'>\n\t\t\t\tCasa Villafranca \/ OOIIO Arquitectura (\u00a9 Imagen Subliminal)\n\t\t\t\t<\/figcaption><\/figure><figure class='gallery-item'>\n\t\t\t<div class='gallery-icon landscape'>\n\t\t\t\t<a href='https:\/\/www.arquimaster.com.ar\/web\/wp-content\/uploads\/2024\/05\/casa_villafranca42.jpg' title=\"Casa Villafranca \/ OOIIO Arquitectura (\u00a9 Javier de Paz)\" data-rl_title=\"Casa Villafranca \/ OOIIO Arquitectura (\u00a9 Javier de Paz)\" class=\"rl-gallery-link\" data-rl_caption=\"Casa Villafranca \/ OOIIO Arquitectura (\u00a9 Javier de Paz)\" data-rel=\"lightbox-gallery-2\"><img loading=\"lazy\" decoding=\"async\" width=\"150\" height=\"150\" src=\"https:\/\/www.arquimaster.com.ar\/web\/wp-content\/uploads\/2024\/05\/casa_villafranca42-150x150.jpg\" class=\"attachment-thumbnail size-thumbnail\" alt=\"Casa Villafranca \/ OOIIO Arquitectura\" aria-describedby=\"gallery-2-78643\" \/><\/a>\n\t\t\t<\/div>\n\t\t\t\t<figcaption class='wp-caption-text gallery-caption' id='gallery-2-78643'>\n\t\t\t\tCasa Villafranca \/ OOIIO Arquitectura (\u00a9 Javier de Paz)\n\t\t\t\t<\/figcaption><\/figure><figure class='gallery-item'>\n\t\t\t<div class='gallery-icon landscape'>\n\t\t\t\t<a href='https:\/\/www.arquimaster.com.ar\/web\/wp-content\/uploads\/2024\/05\/casa_villafranca43.jpg' title=\"Casa Villafranca \/ OOIIO Arquitectura (\u00a9 Javier de Paz)\" data-rl_title=\"Casa Villafranca \/ OOIIO Arquitectura (\u00a9 Javier de Paz)\" class=\"rl-gallery-link\" data-rl_caption=\"Casa Villafranca \/ OOIIO Arquitectura (\u00a9 Javier de Paz)\" data-rel=\"lightbox-gallery-2\"><img loading=\"lazy\" decoding=\"async\" width=\"150\" height=\"150\" src=\"https:\/\/www.arquimaster.com.ar\/web\/wp-content\/uploads\/2024\/05\/casa_villafranca43-150x150.jpg\" class=\"attachment-thumbnail size-thumbnail\" alt=\"Casa Villafranca \/ OOIIO Arquitectura\" aria-describedby=\"gallery-2-78644\" \/><\/a>\n\t\t\t<\/div>\n\t\t\t\t<figcaption class='wp-caption-text gallery-caption' id='gallery-2-78644'>\n\t\t\t\tCasa Villafranca \/ OOIIO Arquitectura (\u00a9 Javier de Paz)\n\t\t\t\t<\/figcaption><\/figure><figure class='gallery-item'>\n\t\t\t<div class='gallery-icon portrait'>\n\t\t\t\t<a href='https:\/\/www.arquimaster.com.ar\/web\/wp-content\/uploads\/2024\/05\/casa_villafranca44.jpg' title=\"Casa Villafranca \/ OOIIO Arquitectura (\u00a9 Javier de Paz)\" data-rl_title=\"Casa Villafranca \/ OOIIO Arquitectura (\u00a9 Javier de Paz)\" class=\"rl-gallery-link\" data-rl_caption=\"Casa Villafranca \/ OOIIO Arquitectura (\u00a9 Javier de Paz)\" data-rel=\"lightbox-gallery-2\"><img loading=\"lazy\" decoding=\"async\" width=\"150\" height=\"150\" src=\"https:\/\/www.arquimaster.com.ar\/web\/wp-content\/uploads\/2024\/05\/casa_villafranca44-150x150.jpg\" class=\"attachment-thumbnail size-thumbnail\" alt=\"Casa Villafranca \/ OOIIO Arquitectura\" aria-describedby=\"gallery-2-78645\" \/><\/a>\n\t\t\t<\/div>\n\t\t\t\t<figcaption class='wp-caption-text gallery-caption' id='gallery-2-78645'>\n\t\t\t\tCasa Villafranca \/ OOIIO Arquitectura (\u00a9 Javier de Paz)\n\t\t\t\t<\/figcaption><\/figure><figure class='gallery-item'>\n\t\t\t<div class='gallery-icon landscape'>\n\t\t\t\t<a href='https:\/\/www.arquimaster.com.ar\/web\/wp-content\/uploads\/2024\/05\/casa_villafranca45.jpg' title=\"Casa Villafranca \/ OOIIO Arquitectura (\u00a9 Javier de Paz)\" data-rl_title=\"Casa Villafranca \/ OOIIO Arquitectura (\u00a9 Javier de Paz)\" class=\"rl-gallery-link\" data-rl_caption=\"Casa Villafranca \/ OOIIO Arquitectura (\u00a9 Javier de Paz)\" data-rel=\"lightbox-gallery-2\"><img loading=\"lazy\" decoding=\"async\" width=\"150\" height=\"150\" src=\"https:\/\/www.arquimaster.com.ar\/web\/wp-content\/uploads\/2024\/05\/casa_villafranca45-150x150.jpg\" class=\"attachment-thumbnail size-thumbnail\" alt=\"Casa Villafranca \/ OOIIO Arquitectura\" aria-describedby=\"gallery-2-78646\" \/><\/a>\n\t\t\t<\/div>\n\t\t\t\t<figcaption class='wp-caption-text gallery-caption' id='gallery-2-78646'>\n\t\t\t\tCasa Villafranca \/ OOIIO Arquitectura (\u00a9 Javier de Paz)\n\t\t\t\t<\/figcaption><\/figure><figure class='gallery-item'>\n\t\t\t<div class='gallery-icon landscape'>\n\t\t\t\t<a href='https:\/\/www.arquimaster.com.ar\/web\/wp-content\/uploads\/2024\/05\/casa_villafranca46.jpg' title=\"Casa Villafranca \/ OOIIO Arquitectura (\u00a9 Javier de Paz)\" data-rl_title=\"Casa Villafranca \/ OOIIO Arquitectura (\u00a9 Javier de Paz)\" class=\"rl-gallery-link\" data-rl_caption=\"Casa Villafranca \/ OOIIO Arquitectura (\u00a9 Javier de Paz)\" data-rel=\"lightbox-gallery-2\"><img loading=\"lazy\" decoding=\"async\" width=\"150\" height=\"150\" src=\"https:\/\/www.arquimaster.com.ar\/web\/wp-content\/uploads\/2024\/05\/casa_villafranca46-150x150.jpg\" class=\"attachment-thumbnail size-thumbnail\" alt=\"Casa Villafranca \/ OOIIO Arquitectura\" aria-describedby=\"gallery-2-78647\" \/><\/a>\n\t\t\t<\/div>\n\t\t\t\t<figcaption class='wp-caption-text gallery-caption' id='gallery-2-78647'>\n\t\t\t\tCasa Villafranca \/ OOIIO Arquitectura (\u00a9 Javier de Paz)\n\t\t\t\t<\/figcaption><\/figure><figure class='gallery-item'>\n\t\t\t<div class='gallery-icon landscape'>\n\t\t\t\t<a href='https:\/\/www.arquimaster.com.ar\/web\/wp-content\/uploads\/2024\/05\/casa_villafranca47.jpg' title=\"Casa Villafranca \/ OOIIO Arquitectura (\u00a9 Javier de Paz)\" data-rl_title=\"Casa Villafranca \/ OOIIO Arquitectura (\u00a9 Javier de Paz)\" class=\"rl-gallery-link\" data-rl_caption=\"Casa Villafranca \/ OOIIO Arquitectura (\u00a9 Javier de Paz)\" data-rel=\"lightbox-gallery-2\"><img loading=\"lazy\" decoding=\"async\" width=\"150\" height=\"150\" src=\"https:\/\/www.arquimaster.com.ar\/web\/wp-content\/uploads\/2024\/05\/casa_villafranca47-150x150.jpg\" class=\"attachment-thumbnail size-thumbnail\" alt=\"Casa Villafranca \/ OOIIO Arquitectura\" aria-describedby=\"gallery-2-78648\" \/><\/a>\n\t\t\t<\/div>\n\t\t\t\t<figcaption class='wp-caption-text gallery-caption' id='gallery-2-78648'>\n\t\t\t\tCasa Villafranca \/ OOIIO Arquitectura (\u00a9 Javier de Paz)\n\t\t\t\t<\/figcaption><\/figure><figure class='gallery-item'>\n\t\t\t<div class='gallery-icon landscape'>\n\t\t\t\t<a href='https:\/\/www.arquimaster.com.ar\/web\/wp-content\/uploads\/2024\/05\/casa_villafranca48.jpg' title=\"Casa Villafranca \/ OOIIO Arquitectura (\u00a9 Imagen Subliminal)\" data-rl_title=\"Casa Villafranca \/ OOIIO Arquitectura (\u00a9 Imagen Subliminal)\" class=\"rl-gallery-link\" data-rl_caption=\"Casa Villafranca \/ OOIIO Arquitectura (\u00a9 Imagen Subliminal)\" data-rel=\"lightbox-gallery-2\"><img loading=\"lazy\" decoding=\"async\" width=\"150\" height=\"150\" src=\"https:\/\/www.arquimaster.com.ar\/web\/wp-content\/uploads\/2024\/05\/casa_villafranca48-150x150.jpg\" class=\"attachment-thumbnail size-thumbnail\" alt=\"Casa Villafranca \/ OOIIO Arquitectura\" aria-describedby=\"gallery-2-78649\" \/><\/a>\n\t\t\t<\/div>\n\t\t\t\t<figcaption class='wp-caption-text gallery-caption' id='gallery-2-78649'>\n\t\t\t\tCasa Villafranca \/ OOIIO Arquitectura (\u00a9 Imagen Subliminal)\n\t\t\t\t<\/figcaption><\/figure><figure class='gallery-item'>\n\t\t\t<div class='gallery-icon landscape'>\n\t\t\t\t<a href='https:\/\/www.arquimaster.com.ar\/web\/wp-content\/uploads\/2024\/05\/casa_villafranca49.jpg' title=\"Casa Villafranca \/ OOIIO Arquitectura (\u00a9 Imagen Subliminal)\" data-rl_title=\"Casa Villafranca \/ OOIIO Arquitectura (\u00a9 Imagen Subliminal)\" class=\"rl-gallery-link\" data-rl_caption=\"Casa Villafranca \/ OOIIO Arquitectura (\u00a9 Imagen Subliminal)\" data-rel=\"lightbox-gallery-2\"><img loading=\"lazy\" decoding=\"async\" width=\"150\" height=\"150\" src=\"https:\/\/www.arquimaster.com.ar\/web\/wp-content\/uploads\/2024\/05\/casa_villafranca49-150x150.jpg\" class=\"attachment-thumbnail size-thumbnail\" alt=\"Casa Villafranca \/ OOIIO Arquitectura\" aria-describedby=\"gallery-2-78650\" \/><\/a>\n\t\t\t<\/div>\n\t\t\t\t<figcaption class='wp-caption-text gallery-caption' id='gallery-2-78650'>\n\t\t\t\tCasa Villafranca \/ OOIIO Arquitectura (\u00a9 Imagen Subliminal)\n\t\t\t\t<\/figcaption><\/figure><figure class='gallery-item'>\n\t\t\t<div class='gallery-icon portrait'>\n\t\t\t\t<a href='https:\/\/www.arquimaster.com.ar\/web\/wp-content\/uploads\/2024\/05\/casa_villafranca50.jpg' title=\"Casa Villafranca \/ OOIIO Arquitectura (\u00a9 Javier de Paz)\" data-rl_title=\"Casa Villafranca \/ OOIIO Arquitectura (\u00a9 Javier de Paz)\" class=\"rl-gallery-link\" data-rl_caption=\"Casa Villafranca \/ OOIIO Arquitectura (\u00a9 Javier de Paz)\" data-rel=\"lightbox-gallery-2\"><img loading=\"lazy\" decoding=\"async\" width=\"150\" height=\"150\" src=\"https:\/\/www.arquimaster.com.ar\/web\/wp-content\/uploads\/2024\/05\/casa_villafranca50-150x150.jpg\" class=\"attachment-thumbnail size-thumbnail\" alt=\"Casa Villafranca \/ OOIIO Arquitectura\" aria-describedby=\"gallery-2-78651\" \/><\/a>\n\t\t\t<\/div>\n\t\t\t\t<figcaption class='wp-caption-text gallery-caption' id='gallery-2-78651'>\n\t\t\t\tCasa Villafranca \/ OOIIO Arquitectura (\u00a9 Javier de Paz)\n\t\t\t\t<\/figcaption><\/figure><figure class='gallery-item'>\n\t\t\t<div class='gallery-icon portrait'>\n\t\t\t\t<a href='https:\/\/www.arquimaster.com.ar\/web\/wp-content\/uploads\/2024\/05\/casa_villafranca51.jpg' title=\"Casa Villafranca \/ OOIIO Arquitectura (\u00a9 Imagen Subliminal)\" data-rl_title=\"Casa Villafranca \/ OOIIO Arquitectura (\u00a9 Imagen Subliminal)\" class=\"rl-gallery-link\" data-rl_caption=\"Casa Villafranca \/ OOIIO Arquitectura (\u00a9 Imagen Subliminal)\" data-rel=\"lightbox-gallery-2\"><img loading=\"lazy\" decoding=\"async\" width=\"150\" height=\"150\" src=\"https:\/\/www.arquimaster.com.ar\/web\/wp-content\/uploads\/2024\/05\/casa_villafranca51-150x150.jpg\" class=\"attachment-thumbnail size-thumbnail\" alt=\"Casa Villafranca \/ OOIIO Arquitectura\" aria-describedby=\"gallery-2-78652\" \/><\/a>\n\t\t\t<\/div>\n\t\t\t\t<figcaption class='wp-caption-text gallery-caption' id='gallery-2-78652'>\n\t\t\t\tCasa Villafranca \/ OOIIO Arquitectura (\u00a9 Imagen Subliminal)\n\t\t\t\t<\/figcaption><\/figure><figure class='gallery-item'>\n\t\t\t<div class='gallery-icon portrait'>\n\t\t\t\t<a href='https:\/\/www.arquimaster.com.ar\/web\/wp-content\/uploads\/2024\/05\/casa_villafranca52.jpg' title=\"Casa Villafranca \/ OOIIO Arquitectura (\u00a9 Javier de Paz)\" data-rl_title=\"Casa Villafranca \/ OOIIO Arquitectura (\u00a9 Javier de Paz)\" class=\"rl-gallery-link\" data-rl_caption=\"Casa Villafranca \/ OOIIO Arquitectura (\u00a9 Javier de Paz)\" data-rel=\"lightbox-gallery-2\"><img loading=\"lazy\" decoding=\"async\" width=\"150\" height=\"150\" src=\"https:\/\/www.arquimaster.com.ar\/web\/wp-content\/uploads\/2024\/05\/casa_villafranca52-150x150.jpg\" class=\"attachment-thumbnail size-thumbnail\" alt=\"Casa Villafranca \/ OOIIO Arquitectura\" aria-describedby=\"gallery-2-78653\" \/><\/a>\n\t\t\t<\/div>\n\t\t\t\t<figcaption class='wp-caption-text gallery-caption' id='gallery-2-78653'>\n\t\t\t\tCasa Villafranca \/ OOIIO Arquitectura (\u00a9 Javier de Paz)\n\t\t\t\t<\/figcaption><\/figure><figure class='gallery-item'>\n\t\t\t<div class='gallery-icon portrait'>\n\t\t\t\t<a href='https:\/\/www.arquimaster.com.ar\/web\/wp-content\/uploads\/2024\/05\/casa_villafranca53.jpg' title=\"Casa Villafranca \/ OOIIO Arquitectura (\u00a9 Javier de Paz)\" data-rl_title=\"Casa Villafranca \/ OOIIO Arquitectura (\u00a9 Javier de Paz)\" class=\"rl-gallery-link\" data-rl_caption=\"Casa Villafranca \/ OOIIO Arquitectura (\u00a9 Javier de Paz)\" data-rel=\"lightbox-gallery-2\"><img loading=\"lazy\" decoding=\"async\" width=\"150\" height=\"150\" src=\"https:\/\/www.arquimaster.com.ar\/web\/wp-content\/uploads\/2024\/05\/casa_villafranca53-150x150.jpg\" class=\"attachment-thumbnail size-thumbnail\" alt=\"Casa Villafranca \/ OOIIO Arquitectura\" aria-describedby=\"gallery-2-78654\" \/><\/a>\n\t\t\t<\/div>\n\t\t\t\t<figcaption class='wp-caption-text gallery-caption' id='gallery-2-78654'>\n\t\t\t\tCasa Villafranca \/ OOIIO Arquitectura (\u00a9 Javier de Paz)\n\t\t\t\t<\/figcaption><\/figure><figure class='gallery-item'>\n\t\t\t<div class='gallery-icon portrait'>\n\t\t\t\t<a href='https:\/\/www.arquimaster.com.ar\/web\/wp-content\/uploads\/2024\/05\/casa_villafranca54.jpg' title=\"Casa Villafranca \/ OOIIO Arquitectura (\u00a9 Javier de Paz)\" data-rl_title=\"Casa Villafranca \/ OOIIO Arquitectura (\u00a9 Javier de Paz)\" class=\"rl-gallery-link\" data-rl_caption=\"Casa Villafranca \/ OOIIO Arquitectura (\u00a9 Javier de Paz)\" data-rel=\"lightbox-gallery-2\"><img loading=\"lazy\" decoding=\"async\" width=\"150\" height=\"150\" src=\"https:\/\/www.arquimaster.com.ar\/web\/wp-content\/uploads\/2024\/05\/casa_villafranca54-150x150.jpg\" class=\"attachment-thumbnail size-thumbnail\" alt=\"Casa Villafranca \/ OOIIO Arquitectura\" aria-describedby=\"gallery-2-78655\" \/><\/a>\n\t\t\t<\/div>\n\t\t\t\t<figcaption class='wp-caption-text gallery-caption' id='gallery-2-78655'>\n\t\t\t\tCasa Villafranca \/ OOIIO Arquitectura (\u00a9 Javier de Paz)\n\t\t\t\t<\/figcaption><\/figure><figure class='gallery-item'>\n\t\t\t<div class='gallery-icon portrait'>\n\t\t\t\t<a href='https:\/\/www.arquimaster.com.ar\/web\/wp-content\/uploads\/2024\/05\/casa_villafranca55.jpg' title=\"Casa Villafranca \/ OOIIO Arquitectura (\u00a9 Javier de Paz)\" data-rl_title=\"Casa Villafranca \/ OOIIO Arquitectura (\u00a9 Javier de Paz)\" class=\"rl-gallery-link\" data-rl_caption=\"Casa Villafranca \/ OOIIO Arquitectura (\u00a9 Javier de Paz)\" data-rel=\"lightbox-gallery-2\"><img loading=\"lazy\" decoding=\"async\" width=\"150\" height=\"150\" src=\"https:\/\/www.arquimaster.com.ar\/web\/wp-content\/uploads\/2024\/05\/casa_villafranca55-150x150.jpg\" class=\"attachment-thumbnail size-thumbnail\" alt=\"Casa Villafranca \/ OOIIO Arquitectura\" aria-describedby=\"gallery-2-78656\" \/><\/a>\n\t\t\t<\/div>\n\t\t\t\t<figcaption class='wp-caption-text gallery-caption' id='gallery-2-78656'>\n\t\t\t\tCasa Villafranca \/ OOIIO Arquitectura (\u00a9 Javier de Paz)\n\t\t\t\t<\/figcaption><\/figure><figure class='gallery-item'>\n\t\t\t<div class='gallery-icon portrait'>\n\t\t\t\t<a href='https:\/\/www.arquimaster.com.ar\/web\/wp-content\/uploads\/2024\/05\/casa_villafranca56.jpg' title=\"Casa Villafranca \/ OOIIO Arquitectura (\u00a9 Javier de Paz)\" data-rl_title=\"Casa Villafranca \/ OOIIO Arquitectura (\u00a9 Javier de Paz)\" class=\"rl-gallery-link\" data-rl_caption=\"Casa Villafranca \/ OOIIO Arquitectura (\u00a9 Javier de Paz)\" data-rel=\"lightbox-gallery-2\"><img loading=\"lazy\" decoding=\"async\" width=\"150\" height=\"150\" src=\"https:\/\/www.arquimaster.com.ar\/web\/wp-content\/uploads\/2024\/05\/casa_villafranca56-150x150.jpg\" class=\"attachment-thumbnail size-thumbnail\" alt=\"Casa Villafranca \/ OOIIO Arquitectura\" aria-describedby=\"gallery-2-78657\" \/><\/a>\n\t\t\t<\/div>\n\t\t\t\t<figcaption class='wp-caption-text gallery-caption' id='gallery-2-78657'>\n\t\t\t\tCasa Villafranca \/ OOIIO Arquitectura (\u00a9 Javier de Paz)\n\t\t\t\t<\/figcaption><\/figure><figure class='gallery-item'>\n\t\t\t<div class='gallery-icon landscape'>\n\t\t\t\t<a href='https:\/\/www.arquimaster.com.ar\/web\/wp-content\/uploads\/2024\/05\/casa_villafranca57.jpg' title=\"Casa Villafranca \/ OOIIO Arquitectura (\u00a9 Javier de Paz)\" data-rl_title=\"Casa Villafranca \/ OOIIO Arquitectura (\u00a9 Javier de Paz)\" class=\"rl-gallery-link\" data-rl_caption=\"Casa Villafranca \/ OOIIO Arquitectura (\u00a9 Javier de Paz)\" data-rel=\"lightbox-gallery-2\"><img loading=\"lazy\" decoding=\"async\" width=\"150\" height=\"150\" src=\"https:\/\/www.arquimaster.com.ar\/web\/wp-content\/uploads\/2024\/05\/casa_villafranca57-150x150.jpg\" class=\"attachment-thumbnail size-thumbnail\" alt=\"Casa Villafranca \/ OOIIO Arquitectura\" aria-describedby=\"gallery-2-78658\" \/><\/a>\n\t\t\t<\/div>\n\t\t\t\t<figcaption class='wp-caption-text gallery-caption' id='gallery-2-78658'>\n\t\t\t\tCasa Villafranca \/ OOIIO Arquitectura (\u00a9 Javier de Paz)\n\t\t\t\t<\/figcaption><\/figure><figure class='gallery-item'>\n\t\t\t<div class='gallery-icon portrait'>\n\t\t\t\t<a href='https:\/\/www.arquimaster.com.ar\/web\/wp-content\/uploads\/2024\/05\/casa_villafranca58.jpg' title=\"Casa Villafranca \/ OOIIO Arquitectura (\u00a9 Javier de Paz)\" data-rl_title=\"Casa Villafranca \/ OOIIO Arquitectura (\u00a9 Javier de Paz)\" class=\"rl-gallery-link\" data-rl_caption=\"Casa Villafranca \/ OOIIO Arquitectura (\u00a9 Javier de Paz)\" data-rel=\"lightbox-gallery-2\"><img loading=\"lazy\" decoding=\"async\" width=\"150\" height=\"150\" src=\"https:\/\/www.arquimaster.com.ar\/web\/wp-content\/uploads\/2024\/05\/casa_villafranca58-150x150.jpg\" class=\"attachment-thumbnail size-thumbnail\" alt=\"Casa Villafranca \/ OOIIO Arquitectura\" aria-describedby=\"gallery-2-78659\" \/><\/a>\n\t\t\t<\/div>\n\t\t\t\t<figcaption class='wp-caption-text gallery-caption' id='gallery-2-78659'>\n\t\t\t\tCasa Villafranca \/ OOIIO Arquitectura (\u00a9 Javier de Paz)\n\t\t\t\t<\/figcaption><\/figure><figure class='gallery-item'>\n\t\t\t<div class='gallery-icon landscape'>\n\t\t\t\t<a href='https:\/\/www.arquimaster.com.ar\/web\/wp-content\/uploads\/2024\/05\/casa_villafranca59.jpg' title=\"Casa Villafranca \/ OOIIO Arquitectura (\u00a9 Javier de Paz)\" data-rl_title=\"Casa Villafranca \/ OOIIO Arquitectura (\u00a9 Javier de Paz)\" class=\"rl-gallery-link\" data-rl_caption=\"Casa Villafranca \/ OOIIO Arquitectura (\u00a9 Javier de Paz)\" data-rel=\"lightbox-gallery-2\"><img loading=\"lazy\" decoding=\"async\" width=\"150\" height=\"150\" src=\"https:\/\/www.arquimaster.com.ar\/web\/wp-content\/uploads\/2024\/05\/casa_villafranca59-150x150.jpg\" class=\"attachment-thumbnail size-thumbnail\" alt=\"Casa Villafranca \/ OOIIO Arquitectura\" aria-describedby=\"gallery-2-78660\" \/><\/a>\n\t\t\t<\/div>\n\t\t\t\t<figcaption class='wp-caption-text gallery-caption' id='gallery-2-78660'>\n\t\t\t\tCasa Villafranca \/ OOIIO Arquitectura (\u00a9 Javier de Paz)\n\t\t\t\t<\/figcaption><\/figure><figure class='gallery-item'>\n\t\t\t<div class='gallery-icon portrait'>\n\t\t\t\t<a href='https:\/\/www.arquimaster.com.ar\/web\/wp-content\/uploads\/2024\/05\/casa_villafranca60.jpg' title=\"Casa Villafranca \/ OOIIO Arquitectura (\u00a9 Javier de Paz)\" data-rl_title=\"Casa Villafranca \/ OOIIO Arquitectura (\u00a9 Javier de Paz)\" class=\"rl-gallery-link\" data-rl_caption=\"Casa Villafranca \/ OOIIO Arquitectura (\u00a9 Javier de Paz)\" data-rel=\"lightbox-gallery-2\"><img loading=\"lazy\" decoding=\"async\" width=\"150\" height=\"150\" src=\"https:\/\/www.arquimaster.com.ar\/web\/wp-content\/uploads\/2024\/05\/casa_villafranca60-150x150.jpg\" class=\"attachment-thumbnail size-thumbnail\" alt=\"Casa Villafranca \/ OOIIO Arquitectura\" aria-describedby=\"gallery-2-78661\" \/><\/a>\n\t\t\t<\/div>\n\t\t\t\t<figcaption class='wp-caption-text gallery-caption' id='gallery-2-78661'>\n\t\t\t\tCasa Villafranca \/ OOIIO Arquitectura (\u00a9 Javier de Paz)\n\t\t\t\t<\/figcaption><\/figure><figure class='gallery-item'>\n\t\t\t<div class='gallery-icon landscape'>\n\t\t\t\t<a href='https:\/\/www.arquimaster.com.ar\/web\/wp-content\/uploads\/2024\/05\/casa_villafranca61.jpg' title=\"Casa Villafranca \/ OOIIO Arquitectura (\u00a9 Javier de Paz)\" data-rl_title=\"Casa Villafranca \/ OOIIO Arquitectura (\u00a9 Javier de Paz)\" class=\"rl-gallery-link\" data-rl_caption=\"Casa Villafranca \/ OOIIO Arquitectura (\u00a9 Javier de Paz)\" data-rel=\"lightbox-gallery-2\"><img loading=\"lazy\" decoding=\"async\" width=\"150\" height=\"150\" src=\"https:\/\/www.arquimaster.com.ar\/web\/wp-content\/uploads\/2024\/05\/casa_villafranca61-150x150.jpg\" class=\"attachment-thumbnail size-thumbnail\" alt=\"Casa Villafranca \/ OOIIO Arquitectura\" aria-describedby=\"gallery-2-78662\" \/><\/a>\n\t\t\t<\/div>\n\t\t\t\t<figcaption class='wp-caption-text gallery-caption' id='gallery-2-78662'>\n\t\t\t\tCasa Villafranca \/ OOIIO Arquitectura (\u00a9 Javier de Paz)\n\t\t\t\t<\/figcaption><\/figure><figure class='gallery-item'>\n\t\t\t<div class='gallery-icon portrait'>\n\t\t\t\t<a href='https:\/\/www.arquimaster.com.ar\/web\/wp-content\/uploads\/2024\/05\/casa_villafranca62.jpg' title=\"Casa Villafranca \/ OOIIO Arquitectura (\u00a9 Javier de Paz)\" data-rl_title=\"Casa Villafranca \/ OOIIO Arquitectura (\u00a9 Javier de Paz)\" class=\"rl-gallery-link\" data-rl_caption=\"Casa Villafranca \/ OOIIO Arquitectura (\u00a9 Javier de Paz)\" data-rel=\"lightbox-gallery-2\"><img loading=\"lazy\" decoding=\"async\" width=\"150\" height=\"150\" src=\"https:\/\/www.arquimaster.com.ar\/web\/wp-content\/uploads\/2024\/05\/casa_villafranca62-150x150.jpg\" class=\"attachment-thumbnail size-thumbnail\" alt=\"Casa Villafranca \/ OOIIO Arquitectura\" aria-describedby=\"gallery-2-78663\" \/><\/a>\n\t\t\t<\/div>\n\t\t\t\t<figcaption class='wp-caption-text gallery-caption' id='gallery-2-78663'>\n\t\t\t\tCasa Villafranca \/ OOIIO Arquitectura (\u00a9 Javier de Paz)\n\t\t\t\t<\/figcaption><\/figure><figure class='gallery-item'>\n\t\t\t<div class='gallery-icon portrait'>\n\t\t\t\t<a href='https:\/\/www.arquimaster.com.ar\/web\/wp-content\/uploads\/2024\/05\/casa_villafranca63.jpg' title=\"Casa Villafranca \/ OOIIO Arquitectura (\u00a9 Javier de Paz)\" data-rl_title=\"Casa Villafranca \/ OOIIO Arquitectura (\u00a9 Javier de Paz)\" class=\"rl-gallery-link\" data-rl_caption=\"Casa Villafranca \/ OOIIO Arquitectura (\u00a9 Javier de Paz)\" data-rel=\"lightbox-gallery-2\"><img loading=\"lazy\" decoding=\"async\" width=\"150\" height=\"150\" src=\"https:\/\/www.arquimaster.com.ar\/web\/wp-content\/uploads\/2024\/05\/casa_villafranca63-150x150.jpg\" class=\"attachment-thumbnail size-thumbnail\" alt=\"Casa Villafranca \/ OOIIO Arquitectura\" aria-describedby=\"gallery-2-78664\" \/><\/a>\n\t\t\t<\/div>\n\t\t\t\t<figcaption class='wp-caption-text gallery-caption' id='gallery-2-78664'>\n\t\t\t\tCasa Villafranca \/ OOIIO Arquitectura (\u00a9 Javier de Paz)\n\t\t\t\t<\/figcaption><\/figure><figure class='gallery-item'>\n\t\t\t<div class='gallery-icon portrait'>\n\t\t\t\t<a href='https:\/\/www.arquimaster.com.ar\/web\/wp-content\/uploads\/2024\/05\/casa_villafranca64.jpg' title=\"Casa Villafranca \/ OOIIO Arquitectura (\u00a9 Javier de Paz)\" data-rl_title=\"Casa Villafranca \/ OOIIO Arquitectura (\u00a9 Javier de Paz)\" class=\"rl-gallery-link\" data-rl_caption=\"Casa Villafranca \/ OOIIO Arquitectura (\u00a9 Javier de Paz)\" data-rel=\"lightbox-gallery-2\"><img loading=\"lazy\" decoding=\"async\" width=\"150\" height=\"150\" src=\"https:\/\/www.arquimaster.com.ar\/web\/wp-content\/uploads\/2024\/05\/casa_villafranca64-150x150.jpg\" class=\"attachment-thumbnail size-thumbnail\" alt=\"Casa Villafranca \/ OOIIO Arquitectura\" aria-describedby=\"gallery-2-78665\" \/><\/a>\n\t\t\t<\/div>\n\t\t\t\t<figcaption class='wp-caption-text gallery-caption' id='gallery-2-78665'>\n\t\t\t\tCasa Villafranca \/ OOIIO Arquitectura (\u00a9 Javier de Paz)\n\t\t\t\t<\/figcaption><\/figure><figure class='gallery-item'>\n\t\t\t<div class='gallery-icon portrait'>\n\t\t\t\t<a href='https:\/\/www.arquimaster.com.ar\/web\/wp-content\/uploads\/2024\/05\/casa_villafranca65.jpg' title=\"Casa Villafranca \/ OOIIO Arquitectura (\u00a9 Javier de Paz)\" data-rl_title=\"Casa Villafranca \/ OOIIO Arquitectura (\u00a9 Javier de Paz)\" class=\"rl-gallery-link\" data-rl_caption=\"Casa Villafranca \/ OOIIO Arquitectura (\u00a9 Javier de Paz)\" data-rel=\"lightbox-gallery-2\"><img loading=\"lazy\" decoding=\"async\" width=\"150\" height=\"150\" src=\"https:\/\/www.arquimaster.com.ar\/web\/wp-content\/uploads\/2024\/05\/casa_villafranca65-150x150.jpg\" class=\"attachment-thumbnail size-thumbnail\" alt=\"Casa Villafranca \/ OOIIO Arquitectura\" aria-describedby=\"gallery-2-78666\" \/><\/a>\n\t\t\t<\/div>\n\t\t\t\t<figcaption class='wp-caption-text gallery-caption' id='gallery-2-78666'>\n\t\t\t\tCasa Villafranca \/ OOIIO Arquitectura (\u00a9 Javier de Paz)\n\t\t\t\t<\/figcaption><\/figure><figure class='gallery-item'>\n\t\t\t<div class='gallery-icon portrait'>\n\t\t\t\t<a href='https:\/\/www.arquimaster.com.ar\/web\/wp-content\/uploads\/2024\/05\/casa_villafranca66.jpg' title=\"Casa Villafranca \/ OOIIO Arquitectura (\u00a9 Javier de Paz)\" data-rl_title=\"Casa Villafranca \/ OOIIO Arquitectura (\u00a9 Javier de Paz)\" class=\"rl-gallery-link\" data-rl_caption=\"Casa Villafranca \/ OOIIO Arquitectura (\u00a9 Javier de Paz)\" data-rel=\"lightbox-gallery-2\"><img loading=\"lazy\" decoding=\"async\" width=\"150\" height=\"150\" src=\"https:\/\/www.arquimaster.com.ar\/web\/wp-content\/uploads\/2024\/05\/casa_villafranca66-150x150.jpg\" class=\"attachment-thumbnail size-thumbnail\" alt=\"Casa Villafranca \/ OOIIO Arquitectura\" aria-describedby=\"gallery-2-78667\" \/><\/a>\n\t\t\t<\/div>\n\t\t\t\t<figcaption class='wp-caption-text gallery-caption' id='gallery-2-78667'>\n\t\t\t\tCasa Villafranca \/ OOIIO Arquitectura (\u00a9 Javier de Paz)\n\t\t\t\t<\/figcaption><\/figure><figure class='gallery-item'>\n\t\t\t<div class='gallery-icon portrait'>\n\t\t\t\t<a href='https:\/\/www.arquimaster.com.ar\/web\/wp-content\/uploads\/2024\/05\/casa_villafranca67.jpg' title=\"Casa Villafranca \/ OOIIO Arquitectura (\u00a9 Javier de Paz)\" data-rl_title=\"Casa Villafranca \/ OOIIO Arquitectura (\u00a9 Javier de Paz)\" class=\"rl-gallery-link\" data-rl_caption=\"Casa Villafranca \/ OOIIO Arquitectura (\u00a9 Javier de Paz)\" data-rel=\"lightbox-gallery-2\"><img loading=\"lazy\" decoding=\"async\" width=\"150\" height=\"150\" src=\"https:\/\/www.arquimaster.com.ar\/web\/wp-content\/uploads\/2024\/05\/casa_villafranca67-150x150.jpg\" class=\"attachment-thumbnail size-thumbnail\" alt=\"Casa Villafranca \/ OOIIO Arquitectura\" aria-describedby=\"gallery-2-78668\" \/><\/a>\n\t\t\t<\/div>\n\t\t\t\t<figcaption class='wp-caption-text gallery-caption' id='gallery-2-78668'>\n\t\t\t\tCasa Villafranca \/ OOIIO Arquitectura (\u00a9 Javier de Paz)\n\t\t\t\t<\/figcaption><\/figure><figure class='gallery-item'>\n\t\t\t<div class='gallery-icon portrait'>\n\t\t\t\t<a href='https:\/\/www.arquimaster.com.ar\/web\/wp-content\/uploads\/2024\/05\/casa_villafranca68.jpg' title=\"Casa Villafranca \/ OOIIO Arquitectura (\u00a9 Javier de Paz)\" data-rl_title=\"Casa Villafranca \/ OOIIO Arquitectura (\u00a9 Javier de Paz)\" class=\"rl-gallery-link\" data-rl_caption=\"Casa Villafranca \/ OOIIO Arquitectura (\u00a9 Javier de Paz)\" data-rel=\"lightbox-gallery-2\"><img loading=\"lazy\" decoding=\"async\" width=\"150\" height=\"150\" src=\"https:\/\/www.arquimaster.com.ar\/web\/wp-content\/uploads\/2024\/05\/casa_villafranca68-150x150.jpg\" class=\"attachment-thumbnail size-thumbnail\" alt=\"Casa Villafranca \/ OOIIO Arquitectura\" aria-describedby=\"gallery-2-78669\" \/><\/a>\n\t\t\t<\/div>\n\t\t\t\t<figcaption class='wp-caption-text gallery-caption' id='gallery-2-78669'>\n\t\t\t\tCasa Villafranca \/ OOIIO Arquitectura (\u00a9 Javier de Paz)\n\t\t\t\t<\/figcaption><\/figure><figure class='gallery-item'>\n\t\t\t<div class='gallery-icon portrait'>\n\t\t\t\t<a href='https:\/\/www.arquimaster.com.ar\/web\/wp-content\/uploads\/2024\/05\/casa_villafranca69.jpg' title=\"Casa Villafranca \/ OOIIO Arquitectura (\u00a9 Javier de Paz)\" data-rl_title=\"Casa Villafranca \/ OOIIO Arquitectura (\u00a9 Javier de Paz)\" class=\"rl-gallery-link\" data-rl_caption=\"Casa Villafranca \/ OOIIO Arquitectura (\u00a9 Javier de Paz)\" data-rel=\"lightbox-gallery-2\"><img loading=\"lazy\" decoding=\"async\" width=\"150\" height=\"150\" src=\"https:\/\/www.arquimaster.com.ar\/web\/wp-content\/uploads\/2024\/05\/casa_villafranca69-150x150.jpg\" class=\"attachment-thumbnail size-thumbnail\" alt=\"Casa Villafranca \/ OOIIO Arquitectura\" aria-describedby=\"gallery-2-78670\" \/><\/a>\n\t\t\t<\/div>\n\t\t\t\t<figcaption class='wp-caption-text gallery-caption' id='gallery-2-78670'>\n\t\t\t\tCasa Villafranca \/ OOIIO Arquitectura (\u00a9 Javier de Paz)\n\t\t\t\t<\/figcaption><\/figure><figure class='gallery-item'>\n\t\t\t<div class='gallery-icon portrait'>\n\t\t\t\t<a href='https:\/\/www.arquimaster.com.ar\/web\/wp-content\/uploads\/2024\/05\/casa_villafranca70.jpg' title=\"Casa Villafranca \/ OOIIO Arquitectura (\u00a9 Javier de Paz)\" data-rl_title=\"Casa Villafranca \/ OOIIO Arquitectura (\u00a9 Javier de Paz)\" class=\"rl-gallery-link\" data-rl_caption=\"Casa Villafranca \/ OOIIO Arquitectura (\u00a9 Javier de Paz)\" data-rel=\"lightbox-gallery-2\"><img loading=\"lazy\" decoding=\"async\" width=\"150\" height=\"150\" src=\"https:\/\/www.arquimaster.com.ar\/web\/wp-content\/uploads\/2024\/05\/casa_villafranca70-150x150.jpg\" class=\"attachment-thumbnail size-thumbnail\" alt=\"Casa Villafranca \/ OOIIO Arquitectura\" aria-describedby=\"gallery-2-78671\" \/><\/a>\n\t\t\t<\/div>\n\t\t\t\t<figcaption class='wp-caption-text gallery-caption' id='gallery-2-78671'>\n\t\t\t\tCasa Villafranca \/ OOIIO Arquitectura (\u00a9 Javier de Paz)\n\t\t\t\t<\/figcaption><\/figure><figure class='gallery-item'>\n\t\t\t<div class='gallery-icon portrait'>\n\t\t\t\t<a href='https:\/\/www.arquimaster.com.ar\/web\/wp-content\/uploads\/2024\/05\/casa_villafranca71.jpg' title=\"Casa Villafranca \/ OOIIO Arquitectura (\u00a9 Javier de Paz)\" data-rl_title=\"Casa Villafranca \/ OOIIO Arquitectura (\u00a9 Javier de Paz)\" class=\"rl-gallery-link\" data-rl_caption=\"Casa Villafranca \/ OOIIO Arquitectura (\u00a9 Javier de Paz)\" data-rel=\"lightbox-gallery-2\"><img loading=\"lazy\" decoding=\"async\" width=\"150\" height=\"150\" src=\"https:\/\/www.arquimaster.com.ar\/web\/wp-content\/uploads\/2024\/05\/casa_villafranca71-150x150.jpg\" class=\"attachment-thumbnail size-thumbnail\" alt=\"Casa Villafranca \/ OOIIO Arquitectura\" aria-describedby=\"gallery-2-78672\" \/><\/a>\n\t\t\t<\/div>\n\t\t\t\t<figcaption class='wp-caption-text gallery-caption' id='gallery-2-78672'>\n\t\t\t\tCasa Villafranca \/ OOIIO Arquitectura (\u00a9 Javier de Paz)\n\t\t\t\t<\/figcaption><\/figure><figure class='gallery-item'>\n\t\t\t<div class='gallery-icon landscape'>\n\t\t\t\t<a href='https:\/\/www.arquimaster.com.ar\/web\/wp-content\/uploads\/2024\/05\/casa_villafranca72.jpg' title=\"Casa Villafranca \/ OOIIO Arquitectura (\u00a9 Javier de Paz)\" data-rl_title=\"Casa Villafranca \/ OOIIO Arquitectura (\u00a9 Javier de Paz)\" class=\"rl-gallery-link\" data-rl_caption=\"Casa Villafranca \/ OOIIO Arquitectura (\u00a9 Javier de Paz)\" data-rel=\"lightbox-gallery-2\"><img loading=\"lazy\" decoding=\"async\" width=\"150\" height=\"150\" src=\"https:\/\/www.arquimaster.com.ar\/web\/wp-content\/uploads\/2024\/05\/casa_villafranca72-150x150.jpg\" class=\"attachment-thumbnail size-thumbnail\" alt=\"Casa Villafranca \/ OOIIO Arquitectura\" aria-describedby=\"gallery-2-78673\" \/><\/a>\n\t\t\t<\/div>\n\t\t\t\t<figcaption class='wp-caption-text gallery-caption' id='gallery-2-78673'>\n\t\t\t\tCasa Villafranca \/ OOIIO Arquitectura (\u00a9 Javier de Paz)\n\t\t\t\t<\/figcaption><\/figure>\n\t\t<\/div>\n\n<p>Quiz\u00e1 por eso se da la circunstancia que en esta urbanizaci\u00f3n no hay aceras por las que pasear, se han convertido en extensiones de los jardines. Aqu\u00ed llegas siempre en coche.<\/p>\n<p>Casa Villafranca no quiere eso, se dise\u00f1\u00f3 partiendo de una estrategia diferente, se trata de un edificio al que s\u00ed le interesa su entorno.<\/p>\n<p>Justo enfrente de la vivienda hay un bonito y amplio boulevard donde crecen imponentes \u00e1lamos, encinas y algunas con\u00edferas sobre una pradera verde. Sin duda hab\u00eda que incorporar ese espect\u00e1culo natural al interior de la casa \u00a1estaba ah\u00ed delante!<\/p>\n<p>Tras estudiar el soleamiento de la parcela los arquitectos decidieron plantear una vivienda muy racional y compacta desarrollada en planta como un gran rect\u00e1ngulo ocupando toda la extensi\u00f3n longitudinal del terreno, para as\u00ed liberar espacio como jard\u00edn que acompa\u00f1a a toda la casa en su parte trasera.<\/p>\n<div id='gallery-3' class='gallery galleryid-78600 gallery-columns-3 gallery-size-thumbnail'><figure class='gallery-item'>\n\t\t\t<div class='gallery-icon portrait'>\n\t\t\t\t<a href='https:\/\/www.arquimaster.com.ar\/web\/wp-content\/uploads\/2024\/05\/casa_villafranca73.jpg' title=\"Casa Villafranca \/ OOIIO Arquitectura (\u00a9 Javier de Paz)\" data-rl_title=\"Casa Villafranca \/ OOIIO Arquitectura (\u00a9 Javier de Paz)\" class=\"rl-gallery-link\" data-rl_caption=\"Casa Villafranca \/ OOIIO Arquitectura (\u00a9 Javier de Paz)\" data-rel=\"lightbox-gallery-3\"><img loading=\"lazy\" decoding=\"async\" width=\"150\" height=\"150\" src=\"https:\/\/www.arquimaster.com.ar\/web\/wp-content\/uploads\/2024\/05\/casa_villafranca73-150x150.jpg\" class=\"attachment-thumbnail size-thumbnail\" alt=\"Casa Villafranca \/ OOIIO Arquitectura\" aria-describedby=\"gallery-3-78674\" \/><\/a>\n\t\t\t<\/div>\n\t\t\t\t<figcaption class='wp-caption-text gallery-caption' id='gallery-3-78674'>\n\t\t\t\tCasa Villafranca \/ OOIIO Arquitectura (\u00a9 Javier de Paz)\n\t\t\t\t<\/figcaption><\/figure><figure class='gallery-item'>\n\t\t\t<div class='gallery-icon portrait'>\n\t\t\t\t<a href='https:\/\/www.arquimaster.com.ar\/web\/wp-content\/uploads\/2024\/05\/casa_villafranca74.jpg' title=\"Casa Villafranca \/ OOIIO Arquitectura (\u00a9 Javier de Paz)\" data-rl_title=\"Casa Villafranca \/ OOIIO Arquitectura (\u00a9 Javier de Paz)\" class=\"rl-gallery-link\" data-rl_caption=\"Casa Villafranca \/ OOIIO Arquitectura (\u00a9 Javier de Paz)\" data-rel=\"lightbox-gallery-3\"><img loading=\"lazy\" decoding=\"async\" width=\"150\" height=\"150\" src=\"https:\/\/www.arquimaster.com.ar\/web\/wp-content\/uploads\/2024\/05\/casa_villafranca74-150x150.jpg\" class=\"attachment-thumbnail size-thumbnail\" alt=\"Casa Villafranca \/ OOIIO Arquitectura\" aria-describedby=\"gallery-3-78675\" \/><\/a>\n\t\t\t<\/div>\n\t\t\t\t<figcaption class='wp-caption-text gallery-caption' id='gallery-3-78675'>\n\t\t\t\tCasa Villafranca \/ OOIIO Arquitectura (\u00a9 Javier de Paz)\n\t\t\t\t<\/figcaption><\/figure><figure class='gallery-item'>\n\t\t\t<div class='gallery-icon landscape'>\n\t\t\t\t<a href='https:\/\/www.arquimaster.com.ar\/web\/wp-content\/uploads\/2024\/05\/casa_villafranca75.jpg' title=\"Casa Villafranca \/ OOIIO Arquitectura (\u00a9 Javier de Paz)\" data-rl_title=\"Casa Villafranca \/ OOIIO Arquitectura (\u00a9 Javier de Paz)\" class=\"rl-gallery-link\" data-rl_caption=\"Casa Villafranca \/ OOIIO Arquitectura (\u00a9 Javier de Paz)\" data-rel=\"lightbox-gallery-3\"><img loading=\"lazy\" decoding=\"async\" width=\"150\" height=\"150\" src=\"https:\/\/www.arquimaster.com.ar\/web\/wp-content\/uploads\/2024\/05\/casa_villafranca75-150x150.jpg\" class=\"attachment-thumbnail size-thumbnail\" alt=\"Casa Villafranca \/ OOIIO Arquitectura\" aria-describedby=\"gallery-3-78676\" \/><\/a>\n\t\t\t<\/div>\n\t\t\t\t<figcaption class='wp-caption-text gallery-caption' id='gallery-3-78676'>\n\t\t\t\tCasa Villafranca \/ OOIIO Arquitectura (\u00a9 Javier de Paz)\n\t\t\t\t<\/figcaption><\/figure><figure class='gallery-item'>\n\t\t\t<div class='gallery-icon landscape'>\n\t\t\t\t<a href='https:\/\/www.arquimaster.com.ar\/web\/wp-content\/uploads\/2024\/05\/casa_villafranca76.jpg' title=\"Casa Villafranca \/ OOIIO Arquitectura (\u00a9 Javier de Paz)\" data-rl_title=\"Casa Villafranca \/ OOIIO Arquitectura (\u00a9 Javier de Paz)\" class=\"rl-gallery-link\" data-rl_caption=\"Casa Villafranca \/ OOIIO Arquitectura (\u00a9 Javier de Paz)\" data-rel=\"lightbox-gallery-3\"><img loading=\"lazy\" decoding=\"async\" width=\"150\" height=\"150\" src=\"https:\/\/www.arquimaster.com.ar\/web\/wp-content\/uploads\/2024\/05\/casa_villafranca76-150x150.jpg\" class=\"attachment-thumbnail size-thumbnail\" alt=\"Casa Villafranca \/ OOIIO Arquitectura\" aria-describedby=\"gallery-3-78677\" \/><\/a>\n\t\t\t<\/div>\n\t\t\t\t<figcaption class='wp-caption-text gallery-caption' id='gallery-3-78677'>\n\t\t\t\tCasa Villafranca \/ OOIIO Arquitectura (\u00a9 Javier de Paz)\n\t\t\t\t<\/figcaption><\/figure><figure class='gallery-item'>\n\t\t\t<div class='gallery-icon landscape'>\n\t\t\t\t<a href='https:\/\/www.arquimaster.com.ar\/web\/wp-content\/uploads\/2024\/05\/casa_villafranca77.jpg' title=\"Casa Villafranca \/ OOIIO Arquitectura (planta subsuelo)\" data-rl_title=\"Casa Villafranca \/ OOIIO Arquitectura (planta subsuelo)\" class=\"rl-gallery-link\" data-rl_caption=\"Casa Villafranca \/ OOIIO Arquitectura (planta subsuelo)\" data-rel=\"lightbox-gallery-3\"><img loading=\"lazy\" decoding=\"async\" width=\"150\" height=\"150\" src=\"https:\/\/www.arquimaster.com.ar\/web\/wp-content\/uploads\/2024\/05\/casa_villafranca77-150x150.jpg\" class=\"attachment-thumbnail size-thumbnail\" alt=\"Casa Villafranca \/ OOIIO Arquitectura\" aria-describedby=\"gallery-3-78678\" \/><\/a>\n\t\t\t<\/div>\n\t\t\t\t<figcaption class='wp-caption-text gallery-caption' id='gallery-3-78678'>\n\t\t\t\tCasa Villafranca \/ OOIIO Arquitectura (planta subsuelo)\n\t\t\t\t<\/figcaption><\/figure><figure class='gallery-item'>\n\t\t\t<div class='gallery-icon landscape'>\n\t\t\t\t<a href='https:\/\/www.arquimaster.com.ar\/web\/wp-content\/uploads\/2024\/05\/casa_villafranca78.jpg' title=\"Casa Villafranca \/ OOIIO Arquitectura (planta baja)\" data-rl_title=\"Casa Villafranca \/ OOIIO Arquitectura (planta baja)\" class=\"rl-gallery-link\" data-rl_caption=\"Casa Villafranca \/ OOIIO Arquitectura (planta baja)\" data-rel=\"lightbox-gallery-3\"><img loading=\"lazy\" decoding=\"async\" width=\"150\" height=\"150\" src=\"https:\/\/www.arquimaster.com.ar\/web\/wp-content\/uploads\/2024\/05\/casa_villafranca78-150x150.jpg\" class=\"attachment-thumbnail size-thumbnail\" alt=\"Casa Villafranca \/ OOIIO Arquitectura\" aria-describedby=\"gallery-3-78679\" \/><\/a>\n\t\t\t<\/div>\n\t\t\t\t<figcaption class='wp-caption-text gallery-caption' id='gallery-3-78679'>\n\t\t\t\tCasa Villafranca \/ OOIIO Arquitectura (planta baja)\n\t\t\t\t<\/figcaption><\/figure><figure class='gallery-item'>\n\t\t\t<div class='gallery-icon landscape'>\n\t\t\t\t<a href='https:\/\/www.arquimaster.com.ar\/web\/wp-content\/uploads\/2024\/05\/casa_villafranca79.jpg' title=\"Casa Villafranca \/ OOIIO Arquitectura (planta alta)\" data-rl_title=\"Casa Villafranca \/ OOIIO Arquitectura (planta alta)\" class=\"rl-gallery-link\" data-rl_caption=\"Casa Villafranca \/ OOIIO Arquitectura (planta alta)\" data-rel=\"lightbox-gallery-3\"><img loading=\"lazy\" decoding=\"async\" width=\"150\" height=\"150\" src=\"https:\/\/www.arquimaster.com.ar\/web\/wp-content\/uploads\/2024\/05\/casa_villafranca79-150x150.jpg\" class=\"attachment-thumbnail size-thumbnail\" alt=\"Casa Villafranca \/ OOIIO Arquitectura\" aria-describedby=\"gallery-3-78680\" \/><\/a>\n\t\t\t<\/div>\n\t\t\t\t<figcaption class='wp-caption-text gallery-caption' id='gallery-3-78680'>\n\t\t\t\tCasa Villafranca \/ OOIIO Arquitectura (planta alta)\n\t\t\t\t<\/figcaption><\/figure><figure class='gallery-item'>\n\t\t\t<div class='gallery-icon landscape'>\n\t\t\t\t<a href='https:\/\/www.arquimaster.com.ar\/web\/wp-content\/uploads\/2024\/05\/casa_villafranca80.jpg' title=\"Casa Villafranca \/ OOIIO Arquitectura (planta de techos)\" data-rl_title=\"Casa Villafranca \/ OOIIO Arquitectura (planta de techos)\" class=\"rl-gallery-link\" data-rl_caption=\"Casa Villafranca \/ OOIIO Arquitectura (planta de techos)\" data-rel=\"lightbox-gallery-3\"><img loading=\"lazy\" decoding=\"async\" width=\"150\" height=\"150\" src=\"https:\/\/www.arquimaster.com.ar\/web\/wp-content\/uploads\/2024\/05\/casa_villafranca80-150x150.jpg\" class=\"attachment-thumbnail size-thumbnail\" alt=\"Casa Villafranca \/ OOIIO Arquitectura\" aria-describedby=\"gallery-3-78681\" \/><\/a>\n\t\t\t<\/div>\n\t\t\t\t<figcaption class='wp-caption-text gallery-caption' id='gallery-3-78681'>\n\t\t\t\tCasa Villafranca \/ OOIIO Arquitectura (planta de techos)\n\t\t\t\t<\/figcaption><\/figure><figure class='gallery-item'>\n\t\t\t<div class='gallery-icon landscape'>\n\t\t\t\t<a href='https:\/\/www.arquimaster.com.ar\/web\/wp-content\/uploads\/2024\/05\/casa_villafranca81.jpg' title=\"Casa Villafranca \/ OOIIO Arquitectura (corte)\" data-rl_title=\"Casa Villafranca \/ OOIIO Arquitectura (corte)\" class=\"rl-gallery-link\" data-rl_caption=\"Casa Villafranca \/ OOIIO Arquitectura (corte)\" data-rel=\"lightbox-gallery-3\"><img loading=\"lazy\" decoding=\"async\" width=\"150\" height=\"150\" src=\"https:\/\/www.arquimaster.com.ar\/web\/wp-content\/uploads\/2024\/05\/casa_villafranca81-150x150.jpg\" class=\"attachment-thumbnail size-thumbnail\" alt=\"Casa Villafranca \/ OOIIO Arquitectura\" aria-describedby=\"gallery-3-78682\" \/><\/a>\n\t\t\t<\/div>\n\t\t\t\t<figcaption class='wp-caption-text gallery-caption' id='gallery-3-78682'>\n\t\t\t\tCasa Villafranca \/ OOIIO Arquitectura (corte)\n\t\t\t\t<\/figcaption><\/figure><figure class='gallery-item'>\n\t\t\t<div class='gallery-icon landscape'>\n\t\t\t\t<a href='https:\/\/www.arquimaster.com.ar\/web\/wp-content\/uploads\/2024\/05\/casa_villafranca82.jpg' title=\"Casa Villafranca \/ OOIIO Arquitectura (corte)\" data-rl_title=\"Casa Villafranca \/ OOIIO Arquitectura (corte)\" class=\"rl-gallery-link\" data-rl_caption=\"Casa Villafranca \/ OOIIO Arquitectura (corte)\" data-rel=\"lightbox-gallery-3\"><img loading=\"lazy\" decoding=\"async\" width=\"150\" height=\"150\" src=\"https:\/\/www.arquimaster.com.ar\/web\/wp-content\/uploads\/2024\/05\/casa_villafranca82-150x150.jpg\" class=\"attachment-thumbnail size-thumbnail\" alt=\"Casa Villafranca \/ OOIIO Arquitectura\" aria-describedby=\"gallery-3-78683\" \/><\/a>\n\t\t\t<\/div>\n\t\t\t\t<figcaption class='wp-caption-text gallery-caption' id='gallery-3-78683'>\n\t\t\t\tCasa Villafranca \/ OOIIO Arquitectura (corte)\n\t\t\t\t<\/figcaption><\/figure><figure class='gallery-item'>\n\t\t\t<div class='gallery-icon landscape'>\n\t\t\t\t<a href='https:\/\/www.arquimaster.com.ar\/web\/wp-content\/uploads\/2024\/05\/casa_villafranca83.jpg' title=\"Casa Villafranca \/ OOIIO Arquitectura (vista)\" data-rl_title=\"Casa Villafranca \/ OOIIO Arquitectura (vista)\" class=\"rl-gallery-link\" data-rl_caption=\"Casa Villafranca \/ OOIIO Arquitectura (vista)\" data-rel=\"lightbox-gallery-3\"><img loading=\"lazy\" decoding=\"async\" width=\"150\" height=\"150\" src=\"https:\/\/www.arquimaster.com.ar\/web\/wp-content\/uploads\/2024\/05\/casa_villafranca83-150x150.jpg\" class=\"attachment-thumbnail size-thumbnail\" alt=\"Casa Villafranca \/ OOIIO Arquitectura\" aria-describedby=\"gallery-3-78684\" \/><\/a>\n\t\t\t<\/div>\n\t\t\t\t<figcaption class='wp-caption-text gallery-caption' id='gallery-3-78684'>\n\t\t\t\tCasa Villafranca \/ OOIIO Arquitectura (vista)\n\t\t\t\t<\/figcaption><\/figure><figure class='gallery-item'>\n\t\t\t<div class='gallery-icon landscape'>\n\t\t\t\t<a href='https:\/\/www.arquimaster.com.ar\/web\/wp-content\/uploads\/2024\/05\/casa_villafranca84.jpg' title=\"Casa Villafranca \/ OOIIO Arquitectura (vista)\" data-rl_title=\"Casa Villafranca \/ OOIIO Arquitectura (vista)\" class=\"rl-gallery-link\" data-rl_caption=\"Casa Villafranca \/ OOIIO Arquitectura (vista)\" data-rel=\"lightbox-gallery-3\"><img loading=\"lazy\" decoding=\"async\" width=\"150\" height=\"150\" src=\"https:\/\/www.arquimaster.com.ar\/web\/wp-content\/uploads\/2024\/05\/casa_villafranca84-150x150.jpg\" class=\"attachment-thumbnail size-thumbnail\" alt=\"Casa Villafranca \/ OOIIO Arquitectura\" aria-describedby=\"gallery-3-78685\" \/><\/a>\n\t\t\t<\/div>\n\t\t\t\t<figcaption class='wp-caption-text gallery-caption' id='gallery-3-78685'>\n\t\t\t\tCasa Villafranca \/ OOIIO Arquitectura (vista)\n\t\t\t\t<\/figcaption><\/figure><figure class='gallery-item'>\n\t\t\t<div class='gallery-icon landscape'>\n\t\t\t\t<a href='https:\/\/www.arquimaster.com.ar\/web\/wp-content\/uploads\/2024\/05\/casa_villafranca85.jpg' title=\"Casa Villafranca \/ OOIIO Arquitectura (vista)\" data-rl_title=\"Casa Villafranca \/ OOIIO Arquitectura (vista)\" class=\"rl-gallery-link\" data-rl_caption=\"Casa Villafranca \/ OOIIO Arquitectura (vista)\" data-rel=\"lightbox-gallery-3\"><img loading=\"lazy\" decoding=\"async\" width=\"150\" height=\"150\" src=\"https:\/\/www.arquimaster.com.ar\/web\/wp-content\/uploads\/2024\/05\/casa_villafranca85-150x150.jpg\" class=\"attachment-thumbnail size-thumbnail\" alt=\"Casa Villafranca \/ OOIIO Arquitectura\" aria-describedby=\"gallery-3-78686\" \/><\/a>\n\t\t\t<\/div>\n\t\t\t\t<figcaption class='wp-caption-text gallery-caption' id='gallery-3-78686'>\n\t\t\t\tCasa Villafranca \/ OOIIO Arquitectura (vista)\n\t\t\t\t<\/figcaption><\/figure><figure class='gallery-item'>\n\t\t\t<div class='gallery-icon landscape'>\n\t\t\t\t<a href='https:\/\/www.arquimaster.com.ar\/web\/wp-content\/uploads\/2024\/05\/casa_villafranca86.jpg' title=\"Casa Villafranca \/ OOIIO Arquitectura (vista)\" data-rl_title=\"Casa Villafranca \/ OOIIO Arquitectura (vista)\" class=\"rl-gallery-link\" data-rl_caption=\"Casa Villafranca \/ OOIIO Arquitectura (vista)\" data-rel=\"lightbox-gallery-3\"><img loading=\"lazy\" decoding=\"async\" width=\"150\" height=\"150\" src=\"https:\/\/www.arquimaster.com.ar\/web\/wp-content\/uploads\/2024\/05\/casa_villafranca86-150x150.jpg\" class=\"attachment-thumbnail size-thumbnail\" alt=\"Casa Villafranca \/ OOIIO Arquitectura\" aria-describedby=\"gallery-3-78687\" \/><\/a>\n\t\t\t<\/div>\n\t\t\t\t<figcaption class='wp-caption-text gallery-caption' id='gallery-3-78687'>\n\t\t\t\tCasa Villafranca \/ OOIIO Arquitectura (vista)\n\t\t\t\t<\/figcaption><\/figure><figure class='gallery-item'>\n\t\t\t<div class='gallery-icon landscape'>\n\t\t\t\t<a href='https:\/\/www.arquimaster.com.ar\/web\/wp-content\/uploads\/2024\/05\/casa_villafranca87.jpg' title=\"Casa Villafranca \/ OOIIO Arquitectura (axonometria)\" data-rl_title=\"Casa Villafranca \/ OOIIO Arquitectura (axonometria)\" class=\"rl-gallery-link\" data-rl_caption=\"Casa Villafranca \/ OOIIO Arquitectura (axonometria)\" data-rel=\"lightbox-gallery-3\"><img loading=\"lazy\" decoding=\"async\" width=\"150\" height=\"150\" src=\"https:\/\/www.arquimaster.com.ar\/web\/wp-content\/uploads\/2024\/05\/casa_villafranca87-150x150.jpg\" class=\"attachment-thumbnail size-thumbnail\" alt=\"Casa Villafranca \/ OOIIO Arquitectura\" aria-describedby=\"gallery-3-78688\" \/><\/a>\n\t\t\t<\/div>\n\t\t\t\t<figcaption class='wp-caption-text gallery-caption' id='gallery-3-78688'>\n\t\t\t\tCasa Villafranca \/ OOIIO Arquitectura (axonometria)\n\t\t\t\t<\/figcaption><\/figure><figure class='gallery-item'>\n\t\t\t<div class='gallery-icon landscape'>\n\t\t\t\t<a href='https:\/\/www.arquimaster.com.ar\/web\/wp-content\/uploads\/2024\/05\/casa_villafranca88.jpg' title=\"Casa Villafranca \/ OOIIO Arquitectura (axonometria)\" data-rl_title=\"Casa Villafranca \/ OOIIO Arquitectura (axonometria)\" class=\"rl-gallery-link\" data-rl_caption=\"Casa Villafranca \/ OOIIO Arquitectura (axonometria)\" data-rel=\"lightbox-gallery-3\"><img loading=\"lazy\" decoding=\"async\" width=\"150\" height=\"150\" src=\"https:\/\/www.arquimaster.com.ar\/web\/wp-content\/uploads\/2024\/05\/casa_villafranca88-150x150.jpg\" class=\"attachment-thumbnail size-thumbnail\" alt=\"Casa Villafranca \/ OOIIO Arquitectura\" aria-describedby=\"gallery-3-78689\" \/><\/a>\n\t\t\t<\/div>\n\t\t\t\t<figcaption class='wp-caption-text gallery-caption' id='gallery-3-78689'>\n\t\t\t\tCasa Villafranca \/ OOIIO Arquitectura (axonometria)\n\t\t\t\t<\/figcaption><\/figure><figure class='gallery-item'>\n\t\t\t<div class='gallery-icon landscape'>\n\t\t\t\t<a href='https:\/\/www.arquimaster.com.ar\/web\/wp-content\/uploads\/2024\/05\/casa_villafranca89.jpg' title=\"Casa Villafranca \/ OOIIO Arquitectura (esquema)\" data-rl_title=\"Casa Villafranca \/ OOIIO Arquitectura (esquema)\" class=\"rl-gallery-link\" data-rl_caption=\"Casa Villafranca \/ OOIIO Arquitectura (esquema)\" data-rel=\"lightbox-gallery-3\"><img loading=\"lazy\" decoding=\"async\" width=\"150\" height=\"150\" src=\"https:\/\/www.arquimaster.com.ar\/web\/wp-content\/uploads\/2024\/05\/casa_villafranca89-150x150.jpg\" class=\"attachment-thumbnail size-thumbnail\" alt=\"Casa Villafranca \/ OOIIO Arquitectura\" aria-describedby=\"gallery-3-78690\" srcset=\"https:\/\/www.arquimaster.com.ar\/web\/wp-content\/uploads\/2024\/05\/casa_villafranca89-150x150.jpg 150w, https:\/\/www.arquimaster.com.ar\/web\/wp-content\/uploads\/2024\/05\/casa_villafranca89-768x768.jpg 768w, https:\/\/www.arquimaster.com.ar\/web\/wp-content\/uploads\/2024\/05\/casa_villafranca89.jpg 1500w\" sizes=\"auto, (max-width: 150px) 100vw, 150px\" \/><\/a>\n\t\t\t<\/div>\n\t\t\t\t<figcaption class='wp-caption-text gallery-caption' id='gallery-3-78690'>\n\t\t\t\tCasa Villafranca \/ OOIIO Arquitectura (esquema)\n\t\t\t\t<\/figcaption><\/figure><figure class='gallery-item'>\n\t\t\t<div class='gallery-icon landscape'>\n\t\t\t\t<a href='https:\/\/www.arquimaster.com.ar\/web\/wp-content\/uploads\/2024\/05\/casa_villafranca90.jpg' title=\"Casa Villafranca \/ OOIIO Arquitectura (esquema)\" data-rl_title=\"Casa Villafranca \/ OOIIO Arquitectura (esquema)\" class=\"rl-gallery-link\" data-rl_caption=\"Casa Villafranca \/ OOIIO Arquitectura (esquema)\" data-rel=\"lightbox-gallery-3\"><img loading=\"lazy\" decoding=\"async\" width=\"150\" height=\"150\" src=\"https:\/\/www.arquimaster.com.ar\/web\/wp-content\/uploads\/2024\/05\/casa_villafranca90-150x150.jpg\" class=\"attachment-thumbnail size-thumbnail\" alt=\"Casa Villafranca \/ OOIIO Arquitectura\" aria-describedby=\"gallery-3-78691\" srcset=\"https:\/\/www.arquimaster.com.ar\/web\/wp-content\/uploads\/2024\/05\/casa_villafranca90-150x150.jpg 150w, https:\/\/www.arquimaster.com.ar\/web\/wp-content\/uploads\/2024\/05\/casa_villafranca90-768x768.jpg 768w, https:\/\/www.arquimaster.com.ar\/web\/wp-content\/uploads\/2024\/05\/casa_villafranca90.jpg 1500w\" sizes=\"auto, (max-width: 150px) 100vw, 150px\" \/><\/a>\n\t\t\t<\/div>\n\t\t\t\t<figcaption class='wp-caption-text gallery-caption' id='gallery-3-78691'>\n\t\t\t\tCasa Villafranca \/ OOIIO Arquitectura (esquema)\n\t\t\t\t<\/figcaption><\/figure><figure class='gallery-item'>\n\t\t\t<div class='gallery-icon landscape'>\n\t\t\t\t<a href='https:\/\/www.arquimaster.com.ar\/web\/wp-content\/uploads\/2024\/05\/casa_villafranca91.jpg' title=\"Casa Villafranca \/ OOIIO Arquitectura (esquema)\" data-rl_title=\"Casa Villafranca \/ OOIIO Arquitectura (esquema)\" class=\"rl-gallery-link\" data-rl_caption=\"Casa Villafranca \/ OOIIO Arquitectura (esquema)\" data-rel=\"lightbox-gallery-3\"><img loading=\"lazy\" decoding=\"async\" width=\"150\" height=\"150\" src=\"https:\/\/www.arquimaster.com.ar\/web\/wp-content\/uploads\/2024\/05\/casa_villafranca91-150x150.jpg\" class=\"attachment-thumbnail size-thumbnail\" alt=\"Casa Villafranca \/ OOIIO Arquitectura\" aria-describedby=\"gallery-3-78692\" srcset=\"https:\/\/www.arquimaster.com.ar\/web\/wp-content\/uploads\/2024\/05\/casa_villafranca91-150x150.jpg 150w, https:\/\/www.arquimaster.com.ar\/web\/wp-content\/uploads\/2024\/05\/casa_villafranca91-768x768.jpg 768w, https:\/\/www.arquimaster.com.ar\/web\/wp-content\/uploads\/2024\/05\/casa_villafranca91.jpg 1500w\" sizes=\"auto, (max-width: 150px) 100vw, 150px\" \/><\/a>\n\t\t\t<\/div>\n\t\t\t\t<figcaption class='wp-caption-text gallery-caption' id='gallery-3-78692'>\n\t\t\t\tCasa Villafranca \/ OOIIO Arquitectura (esquema)\n\t\t\t\t<\/figcaption><\/figure><figure class='gallery-item'>\n\t\t\t<div class='gallery-icon landscape'>\n\t\t\t\t<a href='https:\/\/www.arquimaster.com.ar\/web\/wp-content\/uploads\/2024\/05\/casa_villafranca92.jpg' title=\"Casa Villafranca \/ OOIIO Arquitectura (esquema)\" data-rl_title=\"Casa Villafranca \/ OOIIO Arquitectura (esquema)\" class=\"rl-gallery-link\" data-rl_caption=\"Casa Villafranca \/ OOIIO Arquitectura (esquema)\" data-rel=\"lightbox-gallery-3\"><img loading=\"lazy\" decoding=\"async\" width=\"150\" height=\"150\" src=\"https:\/\/www.arquimaster.com.ar\/web\/wp-content\/uploads\/2024\/05\/casa_villafranca92-150x150.jpg\" class=\"attachment-thumbnail size-thumbnail\" alt=\"Casa Villafranca \/ OOIIO Arquitectura\" aria-describedby=\"gallery-3-78693\" srcset=\"https:\/\/www.arquimaster.com.ar\/web\/wp-content\/uploads\/2024\/05\/casa_villafranca92-150x150.jpg 150w, https:\/\/www.arquimaster.com.ar\/web\/wp-content\/uploads\/2024\/05\/casa_villafranca92-768x768.jpg 768w, https:\/\/www.arquimaster.com.ar\/web\/wp-content\/uploads\/2024\/05\/casa_villafranca92.jpg 1500w\" sizes=\"auto, (max-width: 150px) 100vw, 150px\" \/><\/a>\n\t\t\t<\/div>\n\t\t\t\t<figcaption class='wp-caption-text gallery-caption' id='gallery-3-78693'>\n\t\t\t\tCasa Villafranca \/ OOIIO Arquitectura (esquema)\n\t\t\t\t<\/figcaption><\/figure><figure class='gallery-item'>\n\t\t\t<div class='gallery-icon landscape'>\n\t\t\t\t<a href='https:\/\/www.arquimaster.com.ar\/web\/wp-content\/uploads\/2024\/05\/casa_villafranca93.jpg' title=\"Casa Villafranca \/ OOIIO Arquitectura (esquema)\" data-rl_title=\"Casa Villafranca \/ OOIIO Arquitectura (esquema)\" class=\"rl-gallery-link\" data-rl_caption=\"Casa Villafranca \/ OOIIO Arquitectura (esquema)\" data-rel=\"lightbox-gallery-3\"><img loading=\"lazy\" decoding=\"async\" width=\"150\" height=\"150\" src=\"https:\/\/www.arquimaster.com.ar\/web\/wp-content\/uploads\/2024\/05\/casa_villafranca93-150x150.jpg\" class=\"attachment-thumbnail size-thumbnail\" alt=\"Casa Villafranca \/ OOIIO Arquitectura\" aria-describedby=\"gallery-3-78694\" srcset=\"https:\/\/www.arquimaster.com.ar\/web\/wp-content\/uploads\/2024\/05\/casa_villafranca93-150x150.jpg 150w, https:\/\/www.arquimaster.com.ar\/web\/wp-content\/uploads\/2024\/05\/casa_villafranca93-768x768.jpg 768w, https:\/\/www.arquimaster.com.ar\/web\/wp-content\/uploads\/2024\/05\/casa_villafranca93.jpg 1500w\" sizes=\"auto, (max-width: 150px) 100vw, 150px\" \/><\/a>\n\t\t\t<\/div>\n\t\t\t\t<figcaption class='wp-caption-text gallery-caption' id='gallery-3-78694'>\n\t\t\t\tCasa Villafranca \/ OOIIO Arquitectura (esquema)\n\t\t\t\t<\/figcaption><\/figure><figure class='gallery-item'>\n\t\t\t<div class='gallery-icon landscape'>\n\t\t\t\t<a href='https:\/\/www.arquimaster.com.ar\/web\/wp-content\/uploads\/2024\/05\/casa_villafranca94.jpg' title=\"Casa Villafranca \/ OOIIO Arquitectura (esquema)\" data-rl_title=\"Casa Villafranca \/ OOIIO Arquitectura (esquema)\" class=\"rl-gallery-link\" data-rl_caption=\"Casa Villafranca \/ OOIIO Arquitectura (esquema)\" data-rel=\"lightbox-gallery-3\"><img loading=\"lazy\" decoding=\"async\" width=\"150\" height=\"150\" src=\"https:\/\/www.arquimaster.com.ar\/web\/wp-content\/uploads\/2024\/05\/casa_villafranca94-150x150.jpg\" class=\"attachment-thumbnail size-thumbnail\" alt=\"Casa Villafranca \/ OOIIO Arquitectura\" aria-describedby=\"gallery-3-78695\" srcset=\"https:\/\/www.arquimaster.com.ar\/web\/wp-content\/uploads\/2024\/05\/casa_villafranca94-150x150.jpg 150w, https:\/\/www.arquimaster.com.ar\/web\/wp-content\/uploads\/2024\/05\/casa_villafranca94-768x768.jpg 768w, https:\/\/www.arquimaster.com.ar\/web\/wp-content\/uploads\/2024\/05\/casa_villafranca94.jpg 1500w\" sizes=\"auto, (max-width: 150px) 100vw, 150px\" \/><\/a>\n\t\t\t<\/div>\n\t\t\t\t<figcaption class='wp-caption-text gallery-caption' id='gallery-3-78695'>\n\t\t\t\tCasa Villafranca \/ OOIIO Arquitectura (esquema)\n\t\t\t\t<\/figcaption><\/figure><figure class='gallery-item'>\n\t\t\t<div class='gallery-icon landscape'>\n\t\t\t\t<a href='https:\/\/www.arquimaster.com.ar\/web\/wp-content\/uploads\/2024\/05\/casa_villafranca95.jpg' title=\"Casa Villafranca \/ OOIIO Arquitectura (esquema)\" data-rl_title=\"Casa Villafranca \/ OOIIO Arquitectura (esquema)\" class=\"rl-gallery-link\" data-rl_caption=\"Casa Villafranca \/ OOIIO Arquitectura (esquema)\" data-rel=\"lightbox-gallery-3\"><img loading=\"lazy\" decoding=\"async\" width=\"150\" height=\"150\" src=\"https:\/\/www.arquimaster.com.ar\/web\/wp-content\/uploads\/2024\/05\/casa_villafranca95-150x150.jpg\" class=\"attachment-thumbnail size-thumbnail\" alt=\"Casa Villafranca \/ OOIIO Arquitectura\" aria-describedby=\"gallery-3-78696\" srcset=\"https:\/\/www.arquimaster.com.ar\/web\/wp-content\/uploads\/2024\/05\/casa_villafranca95-150x150.jpg 150w, https:\/\/www.arquimaster.com.ar\/web\/wp-content\/uploads\/2024\/05\/casa_villafranca95-768x767.jpg 768w, https:\/\/www.arquimaster.com.ar\/web\/wp-content\/uploads\/2024\/05\/casa_villafranca95.jpg 1500w\" sizes=\"auto, (max-width: 150px) 100vw, 150px\" \/><\/a>\n\t\t\t<\/div>\n\t\t\t\t<figcaption class='wp-caption-text gallery-caption' id='gallery-3-78696'>\n\t\t\t\tCasa Villafranca \/ OOIIO Arquitectura (esquema)\n\t\t\t\t<\/figcaption><\/figure><figure class='gallery-item'>\n\t\t\t<div class='gallery-icon landscape'>\n\t\t\t\t<a href='https:\/\/www.arquimaster.com.ar\/web\/wp-content\/uploads\/2024\/05\/casa_villafranca96.jpg' title=\"Casa Villafranca \/ OOIIO Arquitectura (esquema)\" data-rl_title=\"Casa Villafranca \/ OOIIO Arquitectura (esquema)\" class=\"rl-gallery-link\" data-rl_caption=\"Casa Villafranca \/ OOIIO Arquitectura (esquema)\" data-rel=\"lightbox-gallery-3\"><img loading=\"lazy\" decoding=\"async\" width=\"150\" height=\"150\" src=\"https:\/\/www.arquimaster.com.ar\/web\/wp-content\/uploads\/2024\/05\/casa_villafranca96-150x150.jpg\" class=\"attachment-thumbnail size-thumbnail\" alt=\"Casa Villafranca \/ OOIIO Arquitectura\" aria-describedby=\"gallery-3-78697\" srcset=\"https:\/\/www.arquimaster.com.ar\/web\/wp-content\/uploads\/2024\/05\/casa_villafranca96-150x150.jpg 150w, https:\/\/www.arquimaster.com.ar\/web\/wp-content\/uploads\/2024\/05\/casa_villafranca96-768x767.jpg 768w, https:\/\/www.arquimaster.com.ar\/web\/wp-content\/uploads\/2024\/05\/casa_villafranca96.jpg 1500w\" sizes=\"auto, (max-width: 150px) 100vw, 150px\" \/><\/a>\n\t\t\t<\/div>\n\t\t\t\t<figcaption class='wp-caption-text gallery-caption' id='gallery-3-78697'>\n\t\t\t\tCasa Villafranca \/ OOIIO Arquitectura (esquema)\n\t\t\t\t<\/figcaption><\/figure><figure class='gallery-item'>\n\t\t\t<div class='gallery-icon landscape'>\n\t\t\t\t<a href='https:\/\/www.arquimaster.com.ar\/web\/wp-content\/uploads\/2024\/05\/casa_villafranca97.jpg' title=\"Casa Villafranca \/ OOIIO Arquitectura (esquema)\" data-rl_title=\"Casa Villafranca \/ OOIIO Arquitectura (esquema)\" class=\"rl-gallery-link\" data-rl_caption=\"Casa Villafranca \/ OOIIO Arquitectura (esquema)\" data-rel=\"lightbox-gallery-3\"><img loading=\"lazy\" decoding=\"async\" width=\"150\" height=\"150\" src=\"https:\/\/www.arquimaster.com.ar\/web\/wp-content\/uploads\/2024\/05\/casa_villafranca97-150x150.jpg\" class=\"attachment-thumbnail size-thumbnail\" alt=\"Casa Villafranca \/ OOIIO Arquitectura\" aria-describedby=\"gallery-3-78698\" srcset=\"https:\/\/www.arquimaster.com.ar\/web\/wp-content\/uploads\/2024\/05\/casa_villafranca97-150x150.jpg 150w, https:\/\/www.arquimaster.com.ar\/web\/wp-content\/uploads\/2024\/05\/casa_villafranca97-768x767.jpg 768w, https:\/\/www.arquimaster.com.ar\/web\/wp-content\/uploads\/2024\/05\/casa_villafranca97.jpg 1500w\" sizes=\"auto, (max-width: 150px) 100vw, 150px\" \/><\/a>\n\t\t\t<\/div>\n\t\t\t\t<figcaption class='wp-caption-text gallery-caption' id='gallery-3-78698'>\n\t\t\t\tCasa Villafranca \/ OOIIO Arquitectura (esquema)\n\t\t\t\t<\/figcaption><\/figure><figure class='gallery-item'>\n\t\t\t<div class='gallery-icon landscape'>\n\t\t\t\t<a href='https:\/\/www.arquimaster.com.ar\/web\/wp-content\/uploads\/2024\/05\/casa_villafranca98.jpg' title=\"Casa Villafranca \/ OOIIO Arquitectura (esquema)\" data-rl_title=\"Casa Villafranca \/ OOIIO Arquitectura (esquema)\" class=\"rl-gallery-link\" data-rl_caption=\"Casa Villafranca \/ OOIIO Arquitectura (esquema)\" data-rel=\"lightbox-gallery-3\"><img loading=\"lazy\" decoding=\"async\" width=\"150\" height=\"150\" src=\"https:\/\/www.arquimaster.com.ar\/web\/wp-content\/uploads\/2024\/05\/casa_villafranca98-150x150.jpg\" class=\"attachment-thumbnail size-thumbnail\" alt=\"Casa Villafranca \/ OOIIO Arquitectura\" aria-describedby=\"gallery-3-78699\" srcset=\"https:\/\/www.arquimaster.com.ar\/web\/wp-content\/uploads\/2024\/05\/casa_villafranca98-150x150.jpg 150w, https:\/\/www.arquimaster.com.ar\/web\/wp-content\/uploads\/2024\/05\/casa_villafranca98-768x768.jpg 768w, https:\/\/www.arquimaster.com.ar\/web\/wp-content\/uploads\/2024\/05\/casa_villafranca98.jpg 1500w\" sizes=\"auto, (max-width: 150px) 100vw, 150px\" \/><\/a>\n\t\t\t<\/div>\n\t\t\t\t<figcaption class='wp-caption-text gallery-caption' id='gallery-3-78699'>\n\t\t\t\tCasa Villafranca \/ OOIIO Arquitectura (esquema)\n\t\t\t\t<\/figcaption><\/figure><figure class='gallery-item'>\n\t\t\t<div class='gallery-icon landscape'>\n\t\t\t\t<a href='https:\/\/www.arquimaster.com.ar\/web\/wp-content\/uploads\/2024\/05\/casa_villafranca99.jpg' title=\"Casa Villafranca \/ OOIIO Arquitectura (esquema)\" data-rl_title=\"Casa Villafranca \/ OOIIO Arquitectura (esquema)\" class=\"rl-gallery-link\" data-rl_caption=\"Casa Villafranca \/ OOIIO Arquitectura (esquema)\" data-rel=\"lightbox-gallery-3\"><img loading=\"lazy\" decoding=\"async\" width=\"150\" height=\"150\" src=\"https:\/\/www.arquimaster.com.ar\/web\/wp-content\/uploads\/2024\/05\/casa_villafranca99-150x150.jpg\" class=\"attachment-thumbnail size-thumbnail\" alt=\"Casa Villafranca \/ OOIIO Arquitectura\" aria-describedby=\"gallery-3-78700\" srcset=\"https:\/\/www.arquimaster.com.ar\/web\/wp-content\/uploads\/2024\/05\/casa_villafranca99-150x150.jpg 150w, https:\/\/www.arquimaster.com.ar\/web\/wp-content\/uploads\/2024\/05\/casa_villafranca99-768x768.jpg 768w, https:\/\/www.arquimaster.com.ar\/web\/wp-content\/uploads\/2024\/05\/casa_villafranca99.jpg 1500w\" sizes=\"auto, (max-width: 150px) 100vw, 150px\" \/><\/a>\n\t\t\t<\/div>\n\t\t\t\t<figcaption class='wp-caption-text gallery-caption' id='gallery-3-78700'>\n\t\t\t\tCasa Villafranca \/ OOIIO Arquitectura (esquema)\n\t\t\t\t<\/figcaption><\/figure><figure class='gallery-item'>\n\t\t\t<div class='gallery-icon landscape'>\n\t\t\t\t<a href='https:\/\/www.arquimaster.com.ar\/web\/wp-content\/uploads\/2024\/05\/casa_villafranca100.jpg' title=\"Casa Villafranca \/ OOIIO Arquitectura (esquema)\" data-rl_title=\"Casa Villafranca \/ OOIIO Arquitectura (esquema)\" class=\"rl-gallery-link\" data-rl_caption=\"Casa Villafranca \/ OOIIO Arquitectura (esquema)\" data-rel=\"lightbox-gallery-3\"><img loading=\"lazy\" decoding=\"async\" width=\"150\" height=\"150\" src=\"https:\/\/www.arquimaster.com.ar\/web\/wp-content\/uploads\/2024\/05\/casa_villafranca100-150x150.jpg\" class=\"attachment-thumbnail size-thumbnail\" alt=\"Casa Villafranca \/ OOIIO Arquitectura\" aria-describedby=\"gallery-3-78701\" srcset=\"https:\/\/www.arquimaster.com.ar\/web\/wp-content\/uploads\/2024\/05\/casa_villafranca100-150x150.jpg 150w, https:\/\/www.arquimaster.com.ar\/web\/wp-content\/uploads\/2024\/05\/casa_villafranca100-768x768.jpg 768w, https:\/\/www.arquimaster.com.ar\/web\/wp-content\/uploads\/2024\/05\/casa_villafranca100.jpg 1500w\" sizes=\"auto, (max-width: 150px) 100vw, 150px\" \/><\/a>\n\t\t\t<\/div>\n\t\t\t\t<figcaption class='wp-caption-text gallery-caption' id='gallery-3-78701'>\n\t\t\t\tCasa Villafranca \/ OOIIO Arquitectura (esquema)\n\t\t\t\t<\/figcaption><\/figure><figure class='gallery-item'>\n\t\t\t<div class='gallery-icon landscape'>\n\t\t\t\t<a href='https:\/\/www.arquimaster.com.ar\/web\/wp-content\/uploads\/2024\/05\/casa_villafranca101.jpg' title=\"Casa Villafranca \/ OOIIO Arquitectura (esquema)\" data-rl_title=\"Casa Villafranca \/ OOIIO Arquitectura (esquema)\" class=\"rl-gallery-link\" data-rl_caption=\"Casa Villafranca \/ OOIIO Arquitectura (esquema)\" data-rel=\"lightbox-gallery-3\"><img loading=\"lazy\" decoding=\"async\" width=\"150\" height=\"150\" src=\"https:\/\/www.arquimaster.com.ar\/web\/wp-content\/uploads\/2024\/05\/casa_villafranca101-150x150.jpg\" class=\"attachment-thumbnail size-thumbnail\" alt=\"Casa Villafranca \/ OOIIO Arquitectura\" aria-describedby=\"gallery-3-78702\" srcset=\"https:\/\/www.arquimaster.com.ar\/web\/wp-content\/uploads\/2024\/05\/casa_villafranca101-150x150.jpg 150w, https:\/\/www.arquimaster.com.ar\/web\/wp-content\/uploads\/2024\/05\/casa_villafranca101-768x768.jpg 768w, https:\/\/www.arquimaster.com.ar\/web\/wp-content\/uploads\/2024\/05\/casa_villafranca101.jpg 1500w\" sizes=\"auto, (max-width: 150px) 100vw, 150px\" \/><\/a>\n\t\t\t<\/div>\n\t\t\t\t<figcaption class='wp-caption-text gallery-caption' id='gallery-3-78702'>\n\t\t\t\tCasa Villafranca \/ OOIIO Arquitectura (esquema)\n\t\t\t\t<\/figcaption><\/figure><figure class='gallery-item'>\n\t\t\t<div class='gallery-icon landscape'>\n\t\t\t\t<a href='https:\/\/www.arquimaster.com.ar\/web\/wp-content\/uploads\/2024\/05\/casa_villafranca102.jpg' title=\"Casa Villafranca \/ OOIIO Arquitectura (esquema)\" data-rl_title=\"Casa Villafranca \/ OOIIO Arquitectura (esquema)\" class=\"rl-gallery-link\" data-rl_caption=\"Casa Villafranca \/ OOIIO Arquitectura (esquema)\" data-rel=\"lightbox-gallery-3\"><img loading=\"lazy\" decoding=\"async\" width=\"150\" height=\"150\" src=\"https:\/\/www.arquimaster.com.ar\/web\/wp-content\/uploads\/2024\/05\/casa_villafranca102-150x150.jpg\" class=\"attachment-thumbnail size-thumbnail\" alt=\"Casa Villafranca \/ OOIIO Arquitectura\" aria-describedby=\"gallery-3-78703\" srcset=\"https:\/\/www.arquimaster.com.ar\/web\/wp-content\/uploads\/2024\/05\/casa_villafranca102-150x150.jpg 150w, https:\/\/www.arquimaster.com.ar\/web\/wp-content\/uploads\/2024\/05\/casa_villafranca102-768x768.jpg 768w, https:\/\/www.arquimaster.com.ar\/web\/wp-content\/uploads\/2024\/05\/casa_villafranca102.jpg 1500w\" sizes=\"auto, (max-width: 150px) 100vw, 150px\" \/><\/a>\n\t\t\t<\/div>\n\t\t\t\t<figcaption class='wp-caption-text gallery-caption' id='gallery-3-78703'>\n\t\t\t\tCasa Villafranca \/ OOIIO Arquitectura (esquema)\n\t\t\t\t<\/figcaption><\/figure><figure class='gallery-item'>\n\t\t\t<div class='gallery-icon landscape'>\n\t\t\t\t<a href='https:\/\/www.arquimaster.com.ar\/web\/wp-content\/uploads\/2024\/05\/casa_villafranca103.jpg' title=\"Casa Villafranca \/ OOIIO Arquitectura (axonometria detalle)\" data-rl_title=\"Casa Villafranca \/ OOIIO Arquitectura (axonometria detalle)\" class=\"rl-gallery-link\" data-rl_caption=\"Casa Villafranca \/ OOIIO Arquitectura (axonometria detalle)\" data-rel=\"lightbox-gallery-3\"><img loading=\"lazy\" decoding=\"async\" width=\"150\" height=\"150\" src=\"https:\/\/www.arquimaster.com.ar\/web\/wp-content\/uploads\/2024\/05\/casa_villafranca103-150x150.jpg\" class=\"attachment-thumbnail size-thumbnail\" alt=\"Casa Villafranca \/ OOIIO Arquitectura\" aria-describedby=\"gallery-3-78704\" \/><\/a>\n\t\t\t<\/div>\n\t\t\t\t<figcaption class='wp-caption-text gallery-caption' id='gallery-3-78704'>\n\t\t\t\tCasa Villafranca \/ OOIIO Arquitectura (axonometria detalle)\n\t\t\t\t<\/figcaption><\/figure><figure class='gallery-item'>\n\t\t\t<div class='gallery-icon landscape'>\n\t\t\t\t<a href='https:\/\/www.arquimaster.com.ar\/web\/wp-content\/uploads\/2024\/05\/casa_villafranca104.jpg' title=\"Casa Villafranca \/ OOIIO Arquitectura (axonometria detalle)\" data-rl_title=\"Casa Villafranca \/ OOIIO Arquitectura (axonometria detalle)\" class=\"rl-gallery-link\" data-rl_caption=\"Casa Villafranca \/ OOIIO Arquitectura (axonometria detalle)\" data-rel=\"lightbox-gallery-3\"><img loading=\"lazy\" decoding=\"async\" width=\"150\" height=\"150\" src=\"https:\/\/www.arquimaster.com.ar\/web\/wp-content\/uploads\/2024\/05\/casa_villafranca104-150x150.jpg\" class=\"attachment-thumbnail size-thumbnail\" alt=\"Casa Villafranca \/ OOIIO Arquitectura\" aria-describedby=\"gallery-3-78705\" \/><\/a>\n\t\t\t<\/div>\n\t\t\t\t<figcaption class='wp-caption-text gallery-caption' id='gallery-3-78705'>\n\t\t\t\tCasa Villafranca \/ OOIIO Arquitectura (axonometria detalle)\n\t\t\t\t<\/figcaption><\/figure><figure class='gallery-item'>\n\t\t\t<div class='gallery-icon landscape'>\n\t\t\t\t<a href='https:\/\/www.arquimaster.com.ar\/web\/wp-content\/uploads\/2024\/05\/casa_villafranca105.jpg' title=\"Casa Villafranca \/ OOIIO Arquitectura (axonometria detalle)\" data-rl_title=\"Casa Villafranca \/ OOIIO Arquitectura (axonometria detalle)\" class=\"rl-gallery-link\" data-rl_caption=\"Casa Villafranca \/ OOIIO Arquitectura (axonometria detalle)\" data-rel=\"lightbox-gallery-3\"><img loading=\"lazy\" decoding=\"async\" width=\"150\" height=\"150\" src=\"https:\/\/www.arquimaster.com.ar\/web\/wp-content\/uploads\/2024\/05\/casa_villafranca105-150x150.jpg\" class=\"attachment-thumbnail size-thumbnail\" alt=\"Casa Villafranca \/ OOIIO Arquitectura\" aria-describedby=\"gallery-3-78706\" \/><\/a>\n\t\t\t<\/div>\n\t\t\t\t<figcaption class='wp-caption-text gallery-caption' id='gallery-3-78706'>\n\t\t\t\tCasa Villafranca \/ OOIIO Arquitectura (axonometria detalle)\n\t\t\t\t<\/figcaption><\/figure><figure class='gallery-item'>\n\t\t\t<div class='gallery-icon landscape'>\n\t\t\t\t<a href='https:\/\/www.arquimaster.com.ar\/web\/wp-content\/uploads\/2024\/05\/casa_villafranca106.jpg' title=\"Casa Villafranca \/ OOIIO Arquitectura (axonometria detalle)\" data-rl_title=\"Casa Villafranca \/ OOIIO Arquitectura (axonometria detalle)\" class=\"rl-gallery-link\" data-rl_caption=\"Casa Villafranca \/ OOIIO Arquitectura (axonometria detalle)\" data-rel=\"lightbox-gallery-3\"><img loading=\"lazy\" decoding=\"async\" width=\"150\" height=\"150\" src=\"https:\/\/www.arquimaster.com.ar\/web\/wp-content\/uploads\/2024\/05\/casa_villafranca106-150x150.jpg\" class=\"attachment-thumbnail size-thumbnail\" alt=\"Casa Villafranca \/ OOIIO Arquitectura\" aria-describedby=\"gallery-3-78707\" \/><\/a>\n\t\t\t<\/div>\n\t\t\t\t<figcaption class='wp-caption-text gallery-caption' id='gallery-3-78707'>\n\t\t\t\tCasa Villafranca \/ OOIIO Arquitectura (axonometria detalle)\n\t\t\t\t<\/figcaption><\/figure><figure class='gallery-item'>\n\t\t\t<div class='gallery-icon landscape'>\n\t\t\t\t<a href='https:\/\/www.arquimaster.com.ar\/web\/wp-content\/uploads\/2024\/05\/casa_villafranca107.jpg' title=\"Casa Villafranca \/ OOIIO Arquitectura (axonometria detalle)\" data-rl_title=\"Casa Villafranca \/ OOIIO Arquitectura (axonometria detalle)\" class=\"rl-gallery-link\" data-rl_caption=\"Casa Villafranca \/ OOIIO Arquitectura (axonometria detalle)\" data-rel=\"lightbox-gallery-3\"><img loading=\"lazy\" decoding=\"async\" width=\"150\" height=\"150\" src=\"https:\/\/www.arquimaster.com.ar\/web\/wp-content\/uploads\/2024\/05\/casa_villafranca107-150x150.jpg\" class=\"attachment-thumbnail size-thumbnail\" alt=\"Casa Villafranca \/ OOIIO Arquitectura\" aria-describedby=\"gallery-3-78708\" \/><\/a>\n\t\t\t<\/div>\n\t\t\t\t<figcaption class='wp-caption-text gallery-caption' id='gallery-3-78708'>\n\t\t\t\tCasa Villafranca \/ OOIIO Arquitectura (axonometria detalle)\n\t\t\t\t<\/figcaption><\/figure><figure class='gallery-item'>\n\t\t\t<div class='gallery-icon landscape'>\n\t\t\t\t<a href='https:\/\/www.arquimaster.com.ar\/web\/wp-content\/uploads\/2024\/05\/casa_villafranca108.jpg' title=\"Casa Villafranca \/ OOIIO Arquitectura (axonometria detalle)\" data-rl_title=\"Casa Villafranca \/ OOIIO Arquitectura (axonometria detalle)\" class=\"rl-gallery-link\" data-rl_caption=\"Casa Villafranca \/ OOIIO Arquitectura (axonometria detalle)\" data-rel=\"lightbox-gallery-3\"><img loading=\"lazy\" decoding=\"async\" width=\"150\" height=\"150\" src=\"https:\/\/www.arquimaster.com.ar\/web\/wp-content\/uploads\/2024\/05\/casa_villafranca108-150x150.jpg\" class=\"attachment-thumbnail size-thumbnail\" alt=\"\" aria-describedby=\"gallery-3-78709\" \/><\/a>\n\t\t\t<\/div>\n\t\t\t\t<figcaption class='wp-caption-text gallery-caption' id='gallery-3-78709'>\n\t\t\t\tCasa Villafranca \/ OOIIO Arquitectura (axonometria detalle)\n\t\t\t\t<\/figcaption><\/figure>\n\t\t<\/div>\n\n<p>La vivienda tiene 3 niveles: s\u00f3tano, planta baja y primera. Se aprovecharon las tierras excavadas para ejecutar ese s\u00f3tano reparti\u00e9ndolas por el propio lugar, evitando as\u00ed emisiones de C02 con su transporte y retirada y subiendo la cota del jard\u00edn y la casa en planta baja, de forma que la vivienda se asoma por encima de su vallado perimetral a esa estupenda alameda de enfrente.<\/p>\n<p>Es precisamente en secci\u00f3n donde se entiende la intencionalidad del dise\u00f1o de esta casa. La planta baja, donde se desarrolla la vida diaria familiar, est\u00e1 completamente abierta e integrada con el jard\u00edn trasero, y a la vez extiende su vista hacia los \u00e1rboles del entorno, aumentando as\u00ed enormemente la sensaci\u00f3n de amplitud y espacio, incorporando la naturaleza del entorno en el d\u00eda a d\u00eda del interior.<\/p>\n<p>Una gran \u00abC\u00bb p\u00e9trea y rotunda da personalidad y car\u00e1cter urbano a la vivienda. Se trata en realidad de una estrategia arquitect\u00f3nica que busca potenciar al m\u00e1ximo la expresividad geom\u00e9trica de las extensiones de los forjados de planta baja y primera para crear porches y terrazas.<\/p>\n<p>Espacios intermedios que sirven de tr\u00e1nsito entre el interior y exterior, cuyo objetivo no es otro m\u00e1s que proteger mediante m\u00e9todos pasivos la casa del fuerte sol madrile\u00f1o, creando un agradable pre\u00e1mbulo alrededor de toda la casa para poder disfrutar al m\u00e1ximo del exterior en los d\u00edas de buen clima en familia, ayudando a su vez al ahorro energ\u00e9tico.<\/p>\n<p>Cuando uno se sit\u00faa frente a la casa le sorprende el peso de su arquitectura, el car\u00e1cter tect\u00f3nico de sus potentes formas cuidadosamente compuestas y estudiadas para transmitir sensaci\u00f3n de contundencia y elegancia.<\/p>\n<p>Algo a lo que sin duda contribuye la gran columnata que marca todo el desarrollo de la fachada oeste. Los arquitectos aqu\u00ed nuevamente decidieron hacer de la necesidad virtud y precisamente en ese punto donde los vuelos de los porches no podr\u00e1n proteger el interior de la incidencia del caluroso sol bajo en las tardes de verano, una sucesi\u00f3n de piezas verticales que cuelgan del forjado superior proyectan sombras sobre la fachada, como un gran velo, una celos\u00eda. Se genera as\u00ed un espacio protector a la vez que marcan ritmo y dan ese car\u00e1cter a\u00fan m\u00e1s se\u00f1orial si cabe a esta fachada, precisamente la que se abre a la v\u00eda principal de toda la urbanizaci\u00f3n.<\/p>\n<p>Al entrar a la casa, tras cruzar el recibidor poni\u00e9ndote en el eje de ese espacio porticado que dejan las pilastras, se descubre un gran espacio: sal\u00f3n, comedor, biblioteca, cocina abierta, sin un solo pilar en medio totalmente abierto al jard\u00edn. Un espect\u00e1culo de amplitud, luz y dise\u00f1o, donde los arquitectos han trabajado hasta el \u00faltimo detalle de su interiorismo, que se convierte en un lugar extraordinario y agradable cuando por la tarde la luz tamizada de las copas de los \u00e1rboles atraviesa las pilastras y parece que todo vibra, como cuando uno pasea entre \u00e1rboles por un bosque.<\/p>\n<p>En el dise\u00f1o de interiores de la vivienda se ha querido dar continuidad al car\u00e1cter escult\u00f3rico monumental de su arquitectura, dise\u00f1ando piezas tambi\u00e9n de geometr\u00eda clara y contundente como la propia casa, para destacar aquellos rincones m\u00e1s importantes para la vida diaria de la familia, como la mesa del comedor, el frente del sal\u00f3n donde est\u00e1 la chimenea y la televisi\u00f3n, los ba\u00f1os o los cabeceros de las camas.<\/p>\n<p>Se han utilizado materiales de primera calidad, elegidos por sus cualidades pl\u00e1sticas y las sensaciones que transmiten, todos combinados en tonos crema, grises, madera, azules y verdes. El color, las texturas, y las combinaciones de materiales y mobiliario, as\u00ed como la iluminaci\u00f3n artificial est\u00e1n estudiadas al detalle para crear una sensaci\u00f3n de confort total y alegr\u00eda.<\/p>\n<p>Vivir aqu\u00ed es disfrutar el placer del dise\u00f1o a diario.<\/p>\n\n\n<div style=\"height:20px\" aria-hidden=\"true\" class=\"wp-block-spacer\"><\/div>\n\n\n\n<p class=\"has-background\" style=\"background-color:#eaeaea\"><strong>Ficha t\u00e9cnica<\/strong><br>Nombre: Casa Villafranca<br>Ubicaci\u00f3n: Villanueva de la Ca\u00f1ada, Madrid, Espa\u00f1a<br>Dise\u00f1o: OOIIO Arquitectura<br>Dise\u00f1o de Interiores: OOIIO Arquitectura<br>Equipo: Joaqu\u00edn Mill\u00e1n Villamuelas, Federica Aridon Mamolar, Alba Pe\u00f1a Fern\u00e1ndez, Jes\u00fas Reyes Garc\u00eda, Ximena Zenteno Ladr\u00f3n de Guevara<br>Arquitecto T\u00e9cnico: Emilio Matas Rivero<br>Constructora: ZEB Construcciones s.l.<br>\u00c1rea: 710 m2<br>A\u00f1o de Proyecto: 2020-2024<br>Fotograf\u00eda: Javier de Paz, Imagen Subliminal<br><br><strong>Contacto<\/strong><br><a href=\"https:\/\/www.ooiio.com\" target=\"_blank\" rel=\"noreferrer noopener\">https:\/\/www.ooiio.com<\/a><br>Instagram: @ooiio_architecture<br>Facebook: ooiio.architecture<br>Twitter: @ooiioarchitects<\/p>\n\n\n\n<div style=\"height:40px\" aria-hidden=\"true\" class=\"wp-block-spacer\"><\/div>\n\n\n<p><strong><em>English version<\/em><\/strong><\/p>\n<p><em>At Villafranca House nothing is coincidence, it is design.<\/em><\/p>\n<p><em>A custom design project where the architects have taken care of every last detail inside and outside this resounding piece of domestic architecture. A home with an urban vocation, which looks beyond its perimeter fence, showing itself as a great design object that dominates its quiet and pleasant residential environment.<\/em><\/p>\n<p><em>Villafranca House is located very close to Madrid on a large flat rectangular plot surrounded by other single-family homes, all with their garden and enough space around them.<\/em><\/p>\n<p><em>A very monotonous and quiet context, ideal for family life, where most of the buildings are introvert in terms of their relationship with their immediate surroundings. They dialogue only with their own garden and do not look beyond the limits of their plot. You enter your house by crossing a wall high and dense enough so no one can see you once you cross that domestic border. From your home you do not want to see the street, as if each plot were an oasis to which you can arrive and enjoy your bubble, protecting yourself from the outside world.<\/em><\/p>\n<p><em>Perhaps that is why in this urbanization there are no sidewalks to walk on, they have become extensions of the gardens. You always arrive here by car.<\/em><\/p>\n<p><em>Villafranca House does not want that, it was designed based on a different strategy, it is a building that is interested in its environment.<\/em><\/p>\n<p><em>Right in front of the house there is a beautiful and wide boulevard where are imposing poplars, oaks and some conifers growing on a green meadow. Without a doubt, this natural spectacle had to be incorporated into the interior of the house, it was right there in front of it!<\/em><\/p>\n<p><em>After studying the sunlight of the plot, the architects decided to propose a very rational and compact house developed in plan as a large rectangle occupying the entire longitudinal extension of the land, in order to free up space as a garden that accompanies the entire house in its rear part.<\/em><\/p>\n<p><em>The house has 3 levels: basement, ground floor and first floor. The excavated land was used to build this basement, distributing it throughout the place itself, thus avoiding C02 emissions with its transportation and removal, raising the level of the garden and the house on the ground floor. Thanks to that the house looks over its fence perimeter to that wonderful avenue in front.<\/em><\/p>\n<p><em>It is precisely in section where you can understand better the intention of this house design. The ground floor, where daily family life takes place, is completely open and integrated with the rear garden, and at the same time extends its view towards the surrounding trees, thus greatly increasing the feeling of spaciousness, incorporating the nature of the environment in the interior day-to-day life.<\/em><\/p>\n<p><em>A large, round stone \u00abC\u00bb gives personality and urban character to the home shape. It is actually an architectural strategy that seeks to maximize the geometric expressiveness of the extensions of the ground and first floor slabs to create porches and terraces. Intermediate spaces that serve as a transit between the interior and exterior, whose objective is none other than to protect the house from the strong Madrid sun through passive methods, creating a pleasant preamble around the entire house to be able to enjoy in family the exterior to the fullest on summer days, helping at the same time to save energy.<\/em><\/p>\n<p><em>When you stand in front of the house, one is surprised by the weight of its architecture, the tectonic character of its powerful forms carefully composed and studied to convey a sensation of forcefulness and elegance.<\/em><\/p>\n<p><em>Something on that undoubtedly contributes the large colonnade that marks the entire development of the west fa\u00e7ade. The architects here again decided to make a virtue of necessity, and precisely at that point where the flights of the porches will not be able to protect the interior from the incidence of the hot low sun on summer afternoons, a succession of vertical pieces that hang from the upper slab, project shadows on the fa\u00e7ade, like a great veil, a lattice. A protective space generated while setting the pace and giving that even more stately character if possible to this fa\u00e7ade, precisely the one that opens onto the main road of the entire urbanization.<\/em><\/p>\n<p><em>Upon entering the house, after crossing the hall, placing yourself in the axis of that porticoes space left by the pilasters, you discover a large space: living room, dining room, library, open kitchen, without a single pillar in the middle completely open to the garden. A spectacle of spaciousness, light and design, where the architects have worked down to the last detail of its interior design, which becomes an extraordinary and pleasant place when in the afternoon the filtered light from the treetops passes through the pilasters and it seems that everything vibrates, like when you walk among the trees in a forest.<\/em><\/p>\n<p><em>For the home Interior Design, the architects wanted to give continuity to the monumental sculptural character of its exterior architecture, also designing pieces with clear and forceful geometry like the house itself, to highlight those corners that are most important for the family&#8217;s daily life, such as the dining room table, the front of the living room where the fireplace and television are, the bathrooms or the bed\u00b4s headboards.<\/em><\/p>\n<p><em>Top quality materials have been used, chosen for their plastic qualities and the sensations they transmit, all combined in cream, gray, wood, blue and green tones. Everything is studied to the detail to create a feeling of total comfort and joy: the colors, textures, mixes of materials and furniture, as well as artificial lighting&#8230; Living here is daily enjoy of the pleasure of design!<\/em><\/p>\n<div style=\"font-size: 0px; height: 0px; line-height: 0px; margin: 0; padding: 0; clear: both;\"><\/div><div style=\"margin-top: 0px; margin-bottom: 0px;\" class=\"sharethis-inline-share-buttons\" ><\/div>","protected":false},"excerpt":{"rendered":"<p>Una vivienda con vocaci\u00f3n urbana que se muestra como un gran objeto de dise\u00f1o&#8230;<\/p>\n","protected":false},"author":1,"featured_media":78601,"comment_status":"closed","ping_status":"closed","sticky":false,"template":"","format":"standard","meta":{"_uag_custom_page_level_css":"","footnotes":""},"categories":[1,83],"tags":[7775,4282,104,7804,7776,5679,441,5677,254,7805],"class_list":["post-78600","post","type-post","status-publish","format-standard","has-post-thumbnail","hentry","category-proyecto","category-vivienda-unifamiliar","tag-alba-pena-fernandez","tag-arquitectura-residencial","tag-espana","tag-federica-aridon-mamolar","tag-jesus-reyes-garcia","tag-joaquin-millan-villamuelas","tag-madrid","tag-ooiio-arquitectura","tag-vivienda-unifamiliar-2","tag-ximena-zenteno-ladron-de-guevara","generate-columns","tablet-grid-50","mobile-grid-100","grid-parent","grid-50"],"yoast_head":"<!-- This site is optimized with the Yoast SEO plugin v27.3 - https:\/\/yoast.com\/product\/yoast-seo-wordpress\/ -->\n<title>Casa Villafranca \/ OOIIO Arquitectura - Arquimaster<\/title>\n<meta name=\"description\" content=\"Una vivienda con vocaci\u00f3n urbana que se muestra como un gran objeto de dise\u00f1o que domina su entorno residencial tranquilo y agradable.\" \/>\n<meta name=\"robots\" content=\"index, follow, max-snippet:-1, max-image-preview:large, max-video-preview:-1\" \/>\n<link rel=\"canonical\" href=\"https:\/\/www.arquimaster.com.ar\/web\/casa-villafranca-ooiio-arquitectura\/\" \/>\n<meta property=\"og:locale\" content=\"es_ES\" \/>\n<meta property=\"og:type\" content=\"article\" \/>\n<meta property=\"og:title\" content=\"Casa Villafranca \/ OOIIO Arquitectura\" \/>\n<meta property=\"og:description\" content=\"Una vivienda con vocaci\u00f3n urbana que se muestra como un gran objeto de dise\u00f1o que domina su entorno residencial tranquilo y agradable.\" \/>\n<meta property=\"og:url\" content=\"https:\/\/www.arquimaster.com.ar\/web\/casa-villafranca-ooiio-arquitectura\/\" \/>\n<meta property=\"og:site_name\" content=\"Arquimaster\" \/>\n<meta property=\"article:publisher\" content=\"http:\/\/www.facebook.com\/ARQUIMASTER.com.ar\" \/>\n<meta property=\"article:published_time\" content=\"2024-05-16T02:00:25+00:00\" \/>\n<meta property=\"article:modified_time\" content=\"2024-08-15T21:50:21+00:00\" \/>\n<meta property=\"og:image\" content=\"https:\/\/www.arquimaster.com.ar\/web\/wp-content\/uploads\/2024\/05\/casa_villafranca_slide.jpg\" \/>\n\t<meta property=\"og:image:width\" content=\"698\" \/>\n\t<meta property=\"og:image:height\" content=\"364\" \/>\n\t<meta property=\"og:image:type\" content=\"image\/jpeg\" \/>\n<meta name=\"author\" content=\"Arquimaster\" \/>\n<meta name=\"twitter:card\" content=\"summary_large_image\" \/>\n<meta name=\"twitter:title\" content=\"Casa Villafranca \/ OOIIO Arquitectura\" \/>\n<meta name=\"twitter:description\" content=\"Una vivienda con vocaci\u00f3n urbana que se muestra como un gran objeto de dise\u00f1o que domina su entorno residencial tranquilo y agradable.\" \/>\n<meta name=\"twitter:image\" content=\"https:\/\/www.arquimaster.com.ar\/web\/wp-content\/uploads\/2024\/05\/casa_villafranca_slide.jpg\" \/>\n<meta name=\"twitter:creator\" content=\"@arquimaster\" \/>\n<meta name=\"twitter:site\" content=\"@arquimaster\" \/>\n<meta name=\"twitter:label1\" content=\"Escrito por\" \/>\n\t<meta name=\"twitter:data1\" content=\"Arquimaster\" \/>\n\t<meta name=\"twitter:label2\" content=\"Tiempo de lectura\" \/>\n\t<meta name=\"twitter:data2\" content=\"10 minutos\" \/>\n<script type=\"application\/ld+json\" class=\"yoast-schema-graph\">{\"@context\":\"https:\\\/\\\/schema.org\",\"@graph\":[{\"@type\":\"Article\",\"@id\":\"https:\\\/\\\/www.arquimaster.com.ar\\\/web\\\/casa-villafranca-ooiio-arquitectura\\\/#article\",\"isPartOf\":{\"@id\":\"https:\\\/\\\/www.arquimaster.com.ar\\\/web\\\/casa-villafranca-ooiio-arquitectura\\\/\"},\"author\":{\"name\":\"Arquimaster\",\"@id\":\"https:\\\/\\\/www.arquimaster.com.ar\\\/web\\\/#\\\/schema\\\/person\\\/359e9f7c00193fcde068e0dd2ceb0028\"},\"headline\":\"Casa Villafranca \\\/ OOIIO Arquitectura\",\"datePublished\":\"2024-05-16T02:00:25+00:00\",\"dateModified\":\"2024-08-15T21:50:21+00:00\",\"mainEntityOfPage\":{\"@id\":\"https:\\\/\\\/www.arquimaster.com.ar\\\/web\\\/casa-villafranca-ooiio-arquitectura\\\/\"},\"wordCount\":2087,\"publisher\":{\"@id\":\"https:\\\/\\\/www.arquimaster.com.ar\\\/web\\\/#organization\"},\"image\":{\"@id\":\"https:\\\/\\\/www.arquimaster.com.ar\\\/web\\\/casa-villafranca-ooiio-arquitectura\\\/#primaryimage\"},\"thumbnailUrl\":\"https:\\\/\\\/www.arquimaster.com.ar\\\/web\\\/wp-content\\\/uploads\\\/2024\\\/05\\\/casa_villafranca_slide.jpg\",\"keywords\":[\"Alba Pe\u00f1a Fern\u00e1ndez\",\"arquitectura residencial\",\"Espa\u00f1a\",\"Federica Aridon Mamolar\",\"Jes\u00fas Reyes Garc\u00eda\",\"Joaqu\u00edn Mill\u00e1n Villamuelas\",\"Madrid\",\"OOIIO Arquitectura\",\"vivienda unifamiliar\",\"Ximena Zenteno Ladr\u00f3n de Guevara\"],\"articleSection\":[\"Proyecto\",\"Vivienda unifamiliar y PH\"],\"inLanguage\":\"es\"},{\"@type\":\"WebPage\",\"@id\":\"https:\\\/\\\/www.arquimaster.com.ar\\\/web\\\/casa-villafranca-ooiio-arquitectura\\\/\",\"url\":\"https:\\\/\\\/www.arquimaster.com.ar\\\/web\\\/casa-villafranca-ooiio-arquitectura\\\/\",\"name\":\"Casa Villafranca \\\/ OOIIO Arquitectura - Arquimaster\",\"isPartOf\":{\"@id\":\"https:\\\/\\\/www.arquimaster.com.ar\\\/web\\\/#website\"},\"primaryImageOfPage\":{\"@id\":\"https:\\\/\\\/www.arquimaster.com.ar\\\/web\\\/casa-villafranca-ooiio-arquitectura\\\/#primaryimage\"},\"image\":{\"@id\":\"https:\\\/\\\/www.arquimaster.com.ar\\\/web\\\/casa-villafranca-ooiio-arquitectura\\\/#primaryimage\"},\"thumbnailUrl\":\"https:\\\/\\\/www.arquimaster.com.ar\\\/web\\\/wp-content\\\/uploads\\\/2024\\\/05\\\/casa_villafranca_slide.jpg\",\"datePublished\":\"2024-05-16T02:00:25+00:00\",\"dateModified\":\"2024-08-15T21:50:21+00:00\",\"description\":\"Una vivienda con vocaci\u00f3n urbana que se muestra como un gran objeto de dise\u00f1o que domina su entorno residencial tranquilo y agradable.\",\"breadcrumb\":{\"@id\":\"https:\\\/\\\/www.arquimaster.com.ar\\\/web\\\/casa-villafranca-ooiio-arquitectura\\\/#breadcrumb\"},\"inLanguage\":\"es\",\"potentialAction\":[{\"@type\":\"ReadAction\",\"target\":[\"https:\\\/\\\/www.arquimaster.com.ar\\\/web\\\/casa-villafranca-ooiio-arquitectura\\\/\"]}]},{\"@type\":\"ImageObject\",\"inLanguage\":\"es\",\"@id\":\"https:\\\/\\\/www.arquimaster.com.ar\\\/web\\\/casa-villafranca-ooiio-arquitectura\\\/#primaryimage\",\"url\":\"https:\\\/\\\/www.arquimaster.com.ar\\\/web\\\/wp-content\\\/uploads\\\/2024\\\/05\\\/casa_villafranca_slide.jpg\",\"contentUrl\":\"https:\\\/\\\/www.arquimaster.com.ar\\\/web\\\/wp-content\\\/uploads\\\/2024\\\/05\\\/casa_villafranca_slide.jpg\",\"width\":698,\"height\":364,\"caption\":\"Casa Villafranca \\\/ OOIIO Arquitectura\"},{\"@type\":\"BreadcrumbList\",\"@id\":\"https:\\\/\\\/www.arquimaster.com.ar\\\/web\\\/casa-villafranca-ooiio-arquitectura\\\/#breadcrumb\",\"itemListElement\":[{\"@type\":\"ListItem\",\"position\":1,\"name\":\"Portada\",\"item\":\"https:\\\/\\\/www.arquimaster.com.ar\\\/web\\\/\"},{\"@type\":\"ListItem\",\"position\":2,\"name\":\"Casa Villafranca \\\/ OOIIO Arquitectura\"}]},{\"@type\":\"WebSite\",\"@id\":\"https:\\\/\\\/www.arquimaster.com.ar\\\/web\\\/#website\",\"url\":\"https:\\\/\\\/www.arquimaster.com.ar\\\/web\\\/\",\"name\":\"Arquimaster\",\"description\":\"Web de arquitectura, dise\u00f1o y construccion\",\"publisher\":{\"@id\":\"https:\\\/\\\/www.arquimaster.com.ar\\\/web\\\/#organization\"},\"potentialAction\":[{\"@type\":\"SearchAction\",\"target\":{\"@type\":\"EntryPoint\",\"urlTemplate\":\"https:\\\/\\\/www.arquimaster.com.ar\\\/web\\\/?s={search_term_string}\"},\"query-input\":{\"@type\":\"PropertyValueSpecification\",\"valueRequired\":true,\"valueName\":\"search_term_string\"}}],\"inLanguage\":\"es\"},{\"@type\":\"Organization\",\"@id\":\"https:\\\/\\\/www.arquimaster.com.ar\\\/web\\\/#organization\",\"name\":\"Arquimaster\",\"url\":\"https:\\\/\\\/www.arquimaster.com.ar\\\/web\\\/\",\"logo\":{\"@type\":\"ImageObject\",\"inLanguage\":\"es\",\"@id\":\"https:\\\/\\\/www.arquimaster.com.ar\\\/web\\\/#\\\/schema\\\/logo\\\/image\\\/\",\"url\":\"https:\\\/\\\/www.arquimaster.com.ar\\\/web\\\/wp-content\\\/uploads\\\/2022\\\/06\\\/arquimaster.png\",\"contentUrl\":\"https:\\\/\\\/www.arquimaster.com.ar\\\/web\\\/wp-content\\\/uploads\\\/2022\\\/06\\\/arquimaster.png\",\"width\":594,\"height\":78,\"caption\":\"Arquimaster\"},\"image\":{\"@id\":\"https:\\\/\\\/www.arquimaster.com.ar\\\/web\\\/#\\\/schema\\\/logo\\\/image\\\/\"},\"sameAs\":[\"http:\\\/\\\/www.facebook.com\\\/ARQUIMASTER.com.ar\",\"https:\\\/\\\/x.com\\\/arquimaster\",\"https:\\\/\\\/www.instagram.com\\\/arquimasterblog\\\/\",\"https:\\\/\\\/www.linkedin.com\\\/company\\\/arquimaster\",\"https:\\\/\\\/www.pinterest.com\\\/arquimaster\",\"https:\\\/\\\/t.me\\\/arquimaster\"]},{\"@type\":\"Person\",\"@id\":\"https:\\\/\\\/www.arquimaster.com.ar\\\/web\\\/#\\\/schema\\\/person\\\/359e9f7c00193fcde068e0dd2ceb0028\",\"name\":\"Arquimaster\"}]}<\/script>\n<!-- \/ Yoast SEO plugin. -->","yoast_head_json":{"title":"Casa Villafranca \/ OOIIO Arquitectura - Arquimaster","description":"Una vivienda con vocaci\u00f3n urbana que se muestra como un gran objeto de dise\u00f1o que domina su entorno residencial tranquilo y agradable.","robots":{"index":"index","follow":"follow","max-snippet":"max-snippet:-1","max-image-preview":"max-image-preview:large","max-video-preview":"max-video-preview:-1"},"canonical":"https:\/\/www.arquimaster.com.ar\/web\/casa-villafranca-ooiio-arquitectura\/","og_locale":"es_ES","og_type":"article","og_title":"Casa Villafranca \/ OOIIO Arquitectura","og_description":"Una vivienda con vocaci\u00f3n urbana que se muestra como un gran objeto de dise\u00f1o que domina su entorno residencial tranquilo y agradable.","og_url":"https:\/\/www.arquimaster.com.ar\/web\/casa-villafranca-ooiio-arquitectura\/","og_site_name":"Arquimaster","article_publisher":"http:\/\/www.facebook.com\/ARQUIMASTER.com.ar","article_published_time":"2024-05-16T02:00:25+00:00","article_modified_time":"2024-08-15T21:50:21+00:00","og_image":[{"width":698,"height":364,"url":"https:\/\/www.arquimaster.com.ar\/web\/wp-content\/uploads\/2024\/05\/casa_villafranca_slide.jpg","type":"image\/jpeg"}],"author":"Arquimaster","twitter_card":"summary_large_image","twitter_title":"Casa Villafranca \/ OOIIO Arquitectura","twitter_description":"Una vivienda con vocaci\u00f3n urbana que se muestra como un gran objeto de dise\u00f1o que domina su entorno residencial tranquilo y agradable.","twitter_image":"https:\/\/www.arquimaster.com.ar\/web\/wp-content\/uploads\/2024\/05\/casa_villafranca_slide.jpg","twitter_creator":"@arquimaster","twitter_site":"@arquimaster","twitter_misc":{"Escrito por":"Arquimaster","Tiempo de lectura":"10 minutos"},"schema":{"@context":"https:\/\/schema.org","@graph":[{"@type":"Article","@id":"https:\/\/www.arquimaster.com.ar\/web\/casa-villafranca-ooiio-arquitectura\/#article","isPartOf":{"@id":"https:\/\/www.arquimaster.com.ar\/web\/casa-villafranca-ooiio-arquitectura\/"},"author":{"name":"Arquimaster","@id":"https:\/\/www.arquimaster.com.ar\/web\/#\/schema\/person\/359e9f7c00193fcde068e0dd2ceb0028"},"headline":"Casa Villafranca \/ OOIIO Arquitectura","datePublished":"2024-05-16T02:00:25+00:00","dateModified":"2024-08-15T21:50:21+00:00","mainEntityOfPage":{"@id":"https:\/\/www.arquimaster.com.ar\/web\/casa-villafranca-ooiio-arquitectura\/"},"wordCount":2087,"publisher":{"@id":"https:\/\/www.arquimaster.com.ar\/web\/#organization"},"image":{"@id":"https:\/\/www.arquimaster.com.ar\/web\/casa-villafranca-ooiio-arquitectura\/#primaryimage"},"thumbnailUrl":"https:\/\/www.arquimaster.com.ar\/web\/wp-content\/uploads\/2024\/05\/casa_villafranca_slide.jpg","keywords":["Alba Pe\u00f1a Fern\u00e1ndez","arquitectura residencial","Espa\u00f1a","Federica Aridon Mamolar","Jes\u00fas Reyes Garc\u00eda","Joaqu\u00edn Mill\u00e1n Villamuelas","Madrid","OOIIO Arquitectura","vivienda unifamiliar","Ximena Zenteno Ladr\u00f3n de Guevara"],"articleSection":["Proyecto","Vivienda unifamiliar y PH"],"inLanguage":"es"},{"@type":"WebPage","@id":"https:\/\/www.arquimaster.com.ar\/web\/casa-villafranca-ooiio-arquitectura\/","url":"https:\/\/www.arquimaster.com.ar\/web\/casa-villafranca-ooiio-arquitectura\/","name":"Casa Villafranca \/ OOIIO Arquitectura - Arquimaster","isPartOf":{"@id":"https:\/\/www.arquimaster.com.ar\/web\/#website"},"primaryImageOfPage":{"@id":"https:\/\/www.arquimaster.com.ar\/web\/casa-villafranca-ooiio-arquitectura\/#primaryimage"},"image":{"@id":"https:\/\/www.arquimaster.com.ar\/web\/casa-villafranca-ooiio-arquitectura\/#primaryimage"},"thumbnailUrl":"https:\/\/www.arquimaster.com.ar\/web\/wp-content\/uploads\/2024\/05\/casa_villafranca_slide.jpg","datePublished":"2024-05-16T02:00:25+00:00","dateModified":"2024-08-15T21:50:21+00:00","description":"Una vivienda con vocaci\u00f3n urbana que se muestra como un gran objeto de dise\u00f1o que domina su entorno residencial tranquilo y agradable.","breadcrumb":{"@id":"https:\/\/www.arquimaster.com.ar\/web\/casa-villafranca-ooiio-arquitectura\/#breadcrumb"},"inLanguage":"es","potentialAction":[{"@type":"ReadAction","target":["https:\/\/www.arquimaster.com.ar\/web\/casa-villafranca-ooiio-arquitectura\/"]}]},{"@type":"ImageObject","inLanguage":"es","@id":"https:\/\/www.arquimaster.com.ar\/web\/casa-villafranca-ooiio-arquitectura\/#primaryimage","url":"https:\/\/www.arquimaster.com.ar\/web\/wp-content\/uploads\/2024\/05\/casa_villafranca_slide.jpg","contentUrl":"https:\/\/www.arquimaster.com.ar\/web\/wp-content\/uploads\/2024\/05\/casa_villafranca_slide.jpg","width":698,"height":364,"caption":"Casa Villafranca \/ OOIIO Arquitectura"},{"@type":"BreadcrumbList","@id":"https:\/\/www.arquimaster.com.ar\/web\/casa-villafranca-ooiio-arquitectura\/#breadcrumb","itemListElement":[{"@type":"ListItem","position":1,"name":"Portada","item":"https:\/\/www.arquimaster.com.ar\/web\/"},{"@type":"ListItem","position":2,"name":"Casa Villafranca \/ OOIIO Arquitectura"}]},{"@type":"WebSite","@id":"https:\/\/www.arquimaster.com.ar\/web\/#website","url":"https:\/\/www.arquimaster.com.ar\/web\/","name":"Arquimaster","description":"Web de arquitectura, dise\u00f1o y construccion","publisher":{"@id":"https:\/\/www.arquimaster.com.ar\/web\/#organization"},"potentialAction":[{"@type":"SearchAction","target":{"@type":"EntryPoint","urlTemplate":"https:\/\/www.arquimaster.com.ar\/web\/?s={search_term_string}"},"query-input":{"@type":"PropertyValueSpecification","valueRequired":true,"valueName":"search_term_string"}}],"inLanguage":"es"},{"@type":"Organization","@id":"https:\/\/www.arquimaster.com.ar\/web\/#organization","name":"Arquimaster","url":"https:\/\/www.arquimaster.com.ar\/web\/","logo":{"@type":"ImageObject","inLanguage":"es","@id":"https:\/\/www.arquimaster.com.ar\/web\/#\/schema\/logo\/image\/","url":"https:\/\/www.arquimaster.com.ar\/web\/wp-content\/uploads\/2022\/06\/arquimaster.png","contentUrl":"https:\/\/www.arquimaster.com.ar\/web\/wp-content\/uploads\/2022\/06\/arquimaster.png","width":594,"height":78,"caption":"Arquimaster"},"image":{"@id":"https:\/\/www.arquimaster.com.ar\/web\/#\/schema\/logo\/image\/"},"sameAs":["http:\/\/www.facebook.com\/ARQUIMASTER.com.ar","https:\/\/x.com\/arquimaster","https:\/\/www.instagram.com\/arquimasterblog\/","https:\/\/www.linkedin.com\/company\/arquimaster","https:\/\/www.pinterest.com\/arquimaster","https:\/\/t.me\/arquimaster"]},{"@type":"Person","@id":"https:\/\/www.arquimaster.com.ar\/web\/#\/schema\/person\/359e9f7c00193fcde068e0dd2ceb0028","name":"Arquimaster"}]}},"uagb_featured_image_src":{"full":["https:\/\/www.arquimaster.com.ar\/web\/wp-content\/uploads\/2024\/05\/casa_villafranca_slide.jpg",698,364,false],"thumbnail":["https:\/\/www.arquimaster.com.ar\/web\/wp-content\/uploads\/2024\/05\/casa_villafranca_slide-150x150.jpg",150,150,true],"medium":["https:\/\/www.arquimaster.com.ar\/web\/wp-content\/uploads\/2024\/05\/casa_villafranca_slide.jpg",698,364,false],"medium_large":["https:\/\/www.arquimaster.com.ar\/web\/wp-content\/uploads\/2024\/05\/casa_villafranca_slide.jpg",698,364,false],"large":["https:\/\/www.arquimaster.com.ar\/web\/wp-content\/uploads\/2024\/05\/casa_villafranca_slide.jpg",698,364,false],"1536x1536":["https:\/\/www.arquimaster.com.ar\/web\/wp-content\/uploads\/2024\/05\/casa_villafranca_slide.jpg",698,364,false],"2048x2048":["https:\/\/www.arquimaster.com.ar\/web\/wp-content\/uploads\/2024\/05\/casa_villafranca_slide.jpg",698,364,false]},"uagb_author_info":{"display_name":"Arquimaster","author_link":"https:\/\/www.arquimaster.com.ar\/web\/author\/arquimaster\/"},"uagb_comment_info":0,"uagb_excerpt":"Una vivienda con vocaci\u00f3n urbana que se muestra como un gran objeto de dise\u00f1o...","_links":{"self":[{"href":"https:\/\/www.arquimaster.com.ar\/web\/wp-json\/wp\/v2\/posts\/78600","targetHints":{"allow":["GET"]}}],"collection":[{"href":"https:\/\/www.arquimaster.com.ar\/web\/wp-json\/wp\/v2\/posts"}],"about":[{"href":"https:\/\/www.arquimaster.com.ar\/web\/wp-json\/wp\/v2\/types\/post"}],"author":[{"embeddable":true,"href":"https:\/\/www.arquimaster.com.ar\/web\/wp-json\/wp\/v2\/users\/1"}],"replies":[{"embeddable":true,"href":"https:\/\/www.arquimaster.com.ar\/web\/wp-json\/wp\/v2\/comments?post=78600"}],"version-history":[{"count":1,"href":"https:\/\/www.arquimaster.com.ar\/web\/wp-json\/wp\/v2\/posts\/78600\/revisions"}],"predecessor-version":[{"id":78710,"href":"https:\/\/www.arquimaster.com.ar\/web\/wp-json\/wp\/v2\/posts\/78600\/revisions\/78710"}],"wp:featuredmedia":[{"embeddable":true,"href":"https:\/\/www.arquimaster.com.ar\/web\/wp-json\/wp\/v2\/media\/78601"}],"wp:attachment":[{"href":"https:\/\/www.arquimaster.com.ar\/web\/wp-json\/wp\/v2\/media?parent=78600"}],"wp:term":[{"taxonomy":"category","embeddable":true,"href":"https:\/\/www.arquimaster.com.ar\/web\/wp-json\/wp\/v2\/categories?post=78600"},{"taxonomy":"post_tag","embeddable":true,"href":"https:\/\/www.arquimaster.com.ar\/web\/wp-json\/wp\/v2\/tags?post=78600"}],"curies":[{"name":"wp","href":"https:\/\/api.w.org\/{rel}","templated":true}]}}