{"id":79085,"date":"2024-08-28T02:02:46","date_gmt":"2024-08-28T05:02:46","guid":{"rendered":"https:\/\/www.arquimaster.com.ar\/web\/?p=79085"},"modified":"2024-09-06T17:28:27","modified_gmt":"2024-09-06T20:28:27","slug":"guacaras-food-drinks-park-odb-arquitectos","status":"publish","type":"post","link":"https:\/\/www.arquimaster.com.ar\/web\/guacaras-food-drinks-park-odb-arquitectos\/","title":{"rendered":"Gu\u00e1caras Food &amp; Drinks Park \/ ODB Arquitectos"},"content":{"rendered":"<div style=\"margin-top: 0px; margin-bottom: 0px;\" class=\"sharethis-inline-share-buttons\" ><\/div><div class=\"b812932af2e751442846f039925109de\" data-index=\"1\" style=\"float: none; margin:25px 0 25px 0; text-align:center;\">\n<script async src=\"https:\/\/pagead2.googlesyndication.com\/pagead\/js\/adsbygoogle.js\"><\/script>\r\n<!-- Arquimaster (superior) -->\r\n<ins class=\"adsbygoogle\"\r\n     style=\"display:block\"\r\n     data-ad-client=\"ca-pub-6351072698456832\"\r\n     data-ad-slot=\"6455489680\"\r\n     data-ad-format=\"auto\"\r\n     data-full-width-responsive=\"true\"><\/ins>\r\n<script>\r\n     (adsbygoogle = window.adsbygoogle || []).push({});\r\n<\/script>\n<\/div>\n<p><strong>Gu\u00e1caras Food &amp; Drinks Park<\/strong> (Santa Ana de los Gu\u00e1caras, Corrientes, Argentina) por <strong>ODB Arquitectos<\/strong>. El proyecto se ubica en Santa Ana de los Gu\u00e1caras, una peque\u00f1a localidad cercana a la ciudad de Corrientes, capital de la provincia hom\u00f3nima. Tradicionalmente, la principal actividad productiva de la zona ha sido la agropecuaria minifundista y familiar. Sin embargo, en las \u00faltimas tres d\u00e9cadas, se han producido cambios en los usos del suelo, especialmente a lo largo de la RPN\u00ba 43 que conecta Santa Ana con la capital. Esto ha generado un proceso de subdivisi\u00f3n de parcelas rurales, donde han surgido barrios residenciales cerrados de baja densidad. Estas transformaciones urbano-rurales han provocado una creciente fragmentaci\u00f3n espacial, interrumpiendo caminos rurales que antes permit\u00edan el acceso libre a espejos de agua y \u00e1reas de valor paisaj\u00edstico. Como consecuencia, ha aumentado el espacio privatizado en detrimento de las \u00e1reas p\u00fablicas.<\/p>\n<div id='gallery-1' class='gallery galleryid-79085 gallery-columns-3 gallery-size-thumbnail'><figure class='gallery-item'>\n\t\t\t<div class='gallery-icon landscape'>\n\t\t\t\t<a href='https:\/\/www.arquimaster.com.ar\/web\/wp-content\/uploads\/2024\/08\/guacaras_food_drinks_park_1.jpg' title=\"Gu\u00e1caras Food &amp; Drinks Park \/ ODB Arquitectos (\u00a9 Ramiro Sosa)\" data-rl_title=\"Gu\u00e1caras Food &amp; Drinks Park \/ ODB Arquitectos (\u00a9 Ramiro Sosa)\" class=\"rl-gallery-link\" data-rl_caption=\"Gu\u00e1caras Food &amp; Drinks Park \/ ODB Arquitectos (\u00a9 Ramiro Sosa)\" data-rel=\"lightbox-gallery-1\"><img loading=\"lazy\" decoding=\"async\" width=\"150\" height=\"150\" src=\"https:\/\/www.arquimaster.com.ar\/web\/wp-content\/uploads\/2024\/08\/guacaras_food_drinks_park_1-150x150.jpg\" class=\"attachment-thumbnail size-thumbnail\" alt=\"Gu\u00e1caras Food &amp; Drinks Park \/ ODB Arquitectos\" aria-describedby=\"gallery-1-79087\" \/><\/a>\n\t\t\t<\/div>\n\t\t\t\t<figcaption class='wp-caption-text gallery-caption' id='gallery-1-79087'>\n\t\t\t\tGu\u00e1caras Food &#038; Drinks Park \/ ODB Arquitectos (\u00a9 Ramiro Sosa)\n\t\t\t\t<\/figcaption><\/figure><figure class='gallery-item'>\n\t\t\t<div class='gallery-icon landscape'>\n\t\t\t\t<a href='https:\/\/www.arquimaster.com.ar\/web\/wp-content\/uploads\/2024\/08\/guacaras_food_drinks_park_2.jpg' title=\"Gu\u00e1caras Food &amp; Drinks Park \/ ODB Arquitectos (\u00a9 Ramiro Sosa)\" data-rl_title=\"Gu\u00e1caras Food &amp; Drinks Park \/ ODB Arquitectos (\u00a9 Ramiro Sosa)\" class=\"rl-gallery-link\" data-rl_caption=\"Gu\u00e1caras Food &amp; Drinks Park \/ ODB Arquitectos (\u00a9 Ramiro Sosa)\" data-rel=\"lightbox-gallery-1\"><img loading=\"lazy\" decoding=\"async\" width=\"150\" height=\"150\" src=\"https:\/\/www.arquimaster.com.ar\/web\/wp-content\/uploads\/2024\/08\/guacaras_food_drinks_park_2-150x150.jpg\" class=\"attachment-thumbnail size-thumbnail\" alt=\"Gu\u00e1caras Food &amp; Drinks Park \/ ODB Arquitectos\" aria-describedby=\"gallery-1-79088\" \/><\/a>\n\t\t\t<\/div>\n\t\t\t\t<figcaption class='wp-caption-text gallery-caption' id='gallery-1-79088'>\n\t\t\t\tGu\u00e1caras Food &#038; Drinks Park \/ ODB Arquitectos (\u00a9 Ramiro Sosa)\n\t\t\t\t<\/figcaption><\/figure><figure class='gallery-item'>\n\t\t\t<div class='gallery-icon landscape'>\n\t\t\t\t<a href='https:\/\/www.arquimaster.com.ar\/web\/wp-content\/uploads\/2024\/08\/guacaras_food_drinks_park_3.jpg' title=\"Gu\u00e1caras Food &amp; Drinks Park \/ ODB Arquitectos (\u00a9 Ramiro Sosa)\" data-rl_title=\"Gu\u00e1caras Food &amp; Drinks Park \/ ODB Arquitectos (\u00a9 Ramiro Sosa)\" class=\"rl-gallery-link\" data-rl_caption=\"Gu\u00e1caras Food &amp; Drinks Park \/ ODB Arquitectos (\u00a9 Ramiro Sosa)\" data-rel=\"lightbox-gallery-1\"><img loading=\"lazy\" decoding=\"async\" width=\"150\" height=\"150\" src=\"https:\/\/www.arquimaster.com.ar\/web\/wp-content\/uploads\/2024\/08\/guacaras_food_drinks_park_3-150x150.jpg\" class=\"attachment-thumbnail size-thumbnail\" alt=\"Gu\u00e1caras Food &amp; Drinks Park \/ ODB Arquitectos\" aria-describedby=\"gallery-1-79089\" \/><\/a>\n\t\t\t<\/div>\n\t\t\t\t<figcaption class='wp-caption-text gallery-caption' id='gallery-1-79089'>\n\t\t\t\tGu\u00e1caras Food &#038; Drinks Park \/ ODB Arquitectos (\u00a9 Ramiro Sosa)\n\t\t\t\t<\/figcaption><\/figure><figure class='gallery-item'>\n\t\t\t<div class='gallery-icon landscape'>\n\t\t\t\t<a href='https:\/\/www.arquimaster.com.ar\/web\/wp-content\/uploads\/2024\/08\/guacaras_food_drinks_park_4.jpg' title=\"Gu\u00e1caras Food &amp; Drinks Park \/ ODB Arquitectos (\u00a9 Ramiro Sosa)\" data-rl_title=\"Gu\u00e1caras Food &amp; Drinks Park \/ ODB Arquitectos (\u00a9 Ramiro Sosa)\" class=\"rl-gallery-link\" data-rl_caption=\"Gu\u00e1caras Food &amp; Drinks Park \/ ODB Arquitectos (\u00a9 Ramiro Sosa)\" data-rel=\"lightbox-gallery-1\"><img loading=\"lazy\" decoding=\"async\" width=\"150\" height=\"150\" src=\"https:\/\/www.arquimaster.com.ar\/web\/wp-content\/uploads\/2024\/08\/guacaras_food_drinks_park_4-150x150.jpg\" class=\"attachment-thumbnail size-thumbnail\" alt=\"Gu\u00e1caras Food &amp; Drinks Park \/ ODB Arquitectos\" aria-describedby=\"gallery-1-79090\" \/><\/a>\n\t\t\t<\/div>\n\t\t\t\t<figcaption class='wp-caption-text gallery-caption' id='gallery-1-79090'>\n\t\t\t\tGu\u00e1caras Food &#038; Drinks Park \/ ODB Arquitectos (\u00a9 Ramiro Sosa)\n\t\t\t\t<\/figcaption><\/figure><figure class='gallery-item'>\n\t\t\t<div class='gallery-icon landscape'>\n\t\t\t\t<a href='https:\/\/www.arquimaster.com.ar\/web\/wp-content\/uploads\/2024\/08\/guacaras_food_drinks_park_5.jpg' title=\"Gu\u00e1caras Food &amp; Drinks Park \/ ODB Arquitectos (\u00a9 Ramiro Sosa)\" data-rl_title=\"Gu\u00e1caras Food &amp; Drinks Park \/ ODB Arquitectos (\u00a9 Ramiro Sosa)\" class=\"rl-gallery-link\" data-rl_caption=\"Gu\u00e1caras Food &amp; Drinks Park \/ ODB Arquitectos (\u00a9 Ramiro Sosa)\" data-rel=\"lightbox-gallery-1\"><img loading=\"lazy\" decoding=\"async\" width=\"150\" height=\"150\" src=\"https:\/\/www.arquimaster.com.ar\/web\/wp-content\/uploads\/2024\/08\/guacaras_food_drinks_park_5-150x150.jpg\" class=\"attachment-thumbnail size-thumbnail\" alt=\"Gu\u00e1caras Food &amp; Drinks Park \/ ODB Arquitectos\" aria-describedby=\"gallery-1-79091\" \/><\/a>\n\t\t\t<\/div>\n\t\t\t\t<figcaption class='wp-caption-text gallery-caption' id='gallery-1-79091'>\n\t\t\t\tGu\u00e1caras Food &#038; Drinks Park \/ ODB Arquitectos (\u00a9 Ramiro Sosa)\n\t\t\t\t<\/figcaption><\/figure><figure class='gallery-item'>\n\t\t\t<div class='gallery-icon portrait'>\n\t\t\t\t<a href='https:\/\/www.arquimaster.com.ar\/web\/wp-content\/uploads\/2024\/08\/guacaras_food_drinks_park_6.jpg' title=\"Gu\u00e1caras Food &amp; Drinks Park \/ ODB Arquitectos (\u00a9 Ramiro Sosa)\" data-rl_title=\"Gu\u00e1caras Food &amp; Drinks Park \/ ODB Arquitectos (\u00a9 Ramiro Sosa)\" class=\"rl-gallery-link\" data-rl_caption=\"Gu\u00e1caras Food &amp; Drinks Park \/ ODB Arquitectos (\u00a9 Ramiro Sosa)\" data-rel=\"lightbox-gallery-1\"><img loading=\"lazy\" decoding=\"async\" width=\"150\" height=\"150\" src=\"https:\/\/www.arquimaster.com.ar\/web\/wp-content\/uploads\/2024\/08\/guacaras_food_drinks_park_6-150x150.jpg\" class=\"attachment-thumbnail size-thumbnail\" alt=\"Gu\u00e1caras Food &amp; Drinks Park \/ ODB Arquitectos\" aria-describedby=\"gallery-1-79092\" \/><\/a>\n\t\t\t<\/div>\n\t\t\t\t<figcaption class='wp-caption-text gallery-caption' id='gallery-1-79092'>\n\t\t\t\tGu\u00e1caras Food &#038; Drinks Park \/ ODB Arquitectos (\u00a9 Ramiro Sosa)\n\t\t\t\t<\/figcaption><\/figure><figure class='gallery-item'>\n\t\t\t<div class='gallery-icon portrait'>\n\t\t\t\t<a href='https:\/\/www.arquimaster.com.ar\/web\/wp-content\/uploads\/2024\/08\/guacaras_food_drinks_park_7.jpg' title=\"Gu\u00e1caras Food &amp; Drinks Park \/ ODB Arquitectos (\u00a9 Ramiro Sosa)\" data-rl_title=\"Gu\u00e1caras Food &amp; Drinks Park \/ ODB Arquitectos (\u00a9 Ramiro Sosa)\" class=\"rl-gallery-link\" data-rl_caption=\"Gu\u00e1caras Food &amp; Drinks Park \/ ODB Arquitectos (\u00a9 Ramiro Sosa)\" data-rel=\"lightbox-gallery-1\"><img loading=\"lazy\" decoding=\"async\" width=\"150\" height=\"150\" src=\"https:\/\/www.arquimaster.com.ar\/web\/wp-content\/uploads\/2024\/08\/guacaras_food_drinks_park_7-150x150.jpg\" class=\"attachment-thumbnail size-thumbnail\" alt=\"Gu\u00e1caras Food &amp; Drinks Park \/ ODB Arquitectos\" aria-describedby=\"gallery-1-79093\" \/><\/a>\n\t\t\t<\/div>\n\t\t\t\t<figcaption class='wp-caption-text gallery-caption' id='gallery-1-79093'>\n\t\t\t\tGu\u00e1caras Food &#038; Drinks Park \/ ODB Arquitectos (\u00a9 Ramiro Sosa)\n\t\t\t\t<\/figcaption><\/figure><figure class='gallery-item'>\n\t\t\t<div class='gallery-icon portrait'>\n\t\t\t\t<a href='https:\/\/www.arquimaster.com.ar\/web\/wp-content\/uploads\/2024\/08\/guacaras_food_drinks_park_8.jpg' title=\"Gu\u00e1caras Food &amp; Drinks Park \/ ODB Arquitectos (\u00a9 Ramiro Sosa)\" data-rl_title=\"Gu\u00e1caras Food &amp; Drinks Park \/ ODB Arquitectos (\u00a9 Ramiro Sosa)\" class=\"rl-gallery-link\" data-rl_caption=\"Gu\u00e1caras Food &amp; Drinks Park \/ ODB Arquitectos (\u00a9 Ramiro Sosa)\" data-rel=\"lightbox-gallery-1\"><img loading=\"lazy\" decoding=\"async\" width=\"150\" height=\"150\" src=\"https:\/\/www.arquimaster.com.ar\/web\/wp-content\/uploads\/2024\/08\/guacaras_food_drinks_park_8-150x150.jpg\" class=\"attachment-thumbnail size-thumbnail\" alt=\"Gu\u00e1caras Food &amp; Drinks Park \/ ODB Arquitectos\" aria-describedby=\"gallery-1-79094\" \/><\/a>\n\t\t\t<\/div>\n\t\t\t\t<figcaption class='wp-caption-text gallery-caption' id='gallery-1-79094'>\n\t\t\t\tGu\u00e1caras Food &#038; Drinks Park \/ ODB Arquitectos (\u00a9 Ramiro Sosa)\n\t\t\t\t<\/figcaption><\/figure><figure class='gallery-item'>\n\t\t\t<div class='gallery-icon landscape'>\n\t\t\t\t<a href='https:\/\/www.arquimaster.com.ar\/web\/wp-content\/uploads\/2024\/08\/guacaras_food_drinks_park_9.jpg' title=\"Gu\u00e1caras Food &amp; Drinks Park \/ ODB Arquitectos (\u00a9 Ramiro Sosa)\" data-rl_title=\"Gu\u00e1caras Food &amp; Drinks Park \/ ODB Arquitectos (\u00a9 Ramiro Sosa)\" class=\"rl-gallery-link\" data-rl_caption=\"Gu\u00e1caras Food &amp; Drinks Park \/ ODB Arquitectos (\u00a9 Ramiro Sosa)\" data-rel=\"lightbox-gallery-1\"><img loading=\"lazy\" decoding=\"async\" width=\"150\" height=\"150\" src=\"https:\/\/www.arquimaster.com.ar\/web\/wp-content\/uploads\/2024\/08\/guacaras_food_drinks_park_9-150x150.jpg\" class=\"attachment-thumbnail size-thumbnail\" alt=\"Gu\u00e1caras Food &amp; Drinks Park \/ ODB Arquitectos\" aria-describedby=\"gallery-1-79095\" \/><\/a>\n\t\t\t<\/div>\n\t\t\t\t<figcaption class='wp-caption-text gallery-caption' id='gallery-1-79095'>\n\t\t\t\tGu\u00e1caras Food &#038; Drinks Park \/ ODB Arquitectos (\u00a9 Ramiro Sosa)\n\t\t\t\t<\/figcaption><\/figure><figure class='gallery-item'>\n\t\t\t<div class='gallery-icon landscape'>\n\t\t\t\t<a href='https:\/\/www.arquimaster.com.ar\/web\/wp-content\/uploads\/2024\/08\/guacaras_food_drinks_park_10.jpg' title=\"Gu\u00e1caras Food &amp; Drinks Park \/ ODB Arquitectos (\u00a9 Ramiro Sosa)\" data-rl_title=\"Gu\u00e1caras Food &amp; Drinks Park \/ ODB Arquitectos (\u00a9 Ramiro Sosa)\" class=\"rl-gallery-link\" data-rl_caption=\"Gu\u00e1caras Food &amp; Drinks Park \/ ODB Arquitectos (\u00a9 Ramiro Sosa)\" data-rel=\"lightbox-gallery-1\"><img loading=\"lazy\" decoding=\"async\" width=\"150\" height=\"150\" src=\"https:\/\/www.arquimaster.com.ar\/web\/wp-content\/uploads\/2024\/08\/guacaras_food_drinks_park_10-150x150.jpg\" class=\"attachment-thumbnail size-thumbnail\" alt=\"Gu\u00e1caras Food &amp; Drinks Park \/ ODB Arquitectos\" aria-describedby=\"gallery-1-79096\" \/><\/a>\n\t\t\t<\/div>\n\t\t\t\t<figcaption class='wp-caption-text gallery-caption' id='gallery-1-79096'>\n\t\t\t\tGu\u00e1caras Food &#038; Drinks Park \/ ODB Arquitectos (\u00a9 Ramiro Sosa)\n\t\t\t\t<\/figcaption><\/figure><figure class='gallery-item'>\n\t\t\t<div class='gallery-icon landscape'>\n\t\t\t\t<a href='https:\/\/www.arquimaster.com.ar\/web\/wp-content\/uploads\/2024\/08\/guacaras_food_drinks_park_11.jpg' title=\"Gu\u00e1caras Food &amp; Drinks Park \/ ODB Arquitectos (\u00a9 Ramiro Sosa)\" data-rl_title=\"Gu\u00e1caras Food &amp; Drinks Park \/ ODB Arquitectos (\u00a9 Ramiro Sosa)\" class=\"rl-gallery-link\" data-rl_caption=\"Gu\u00e1caras Food &amp; Drinks Park \/ ODB Arquitectos (\u00a9 Ramiro Sosa)\" data-rel=\"lightbox-gallery-1\"><img loading=\"lazy\" decoding=\"async\" width=\"150\" height=\"150\" src=\"https:\/\/www.arquimaster.com.ar\/web\/wp-content\/uploads\/2024\/08\/guacaras_food_drinks_park_11-150x150.jpg\" class=\"attachment-thumbnail size-thumbnail\" alt=\"Gu\u00e1caras Food &amp; Drinks Park \/ ODB Arquitectos\" aria-describedby=\"gallery-1-79097\" \/><\/a>\n\t\t\t<\/div>\n\t\t\t\t<figcaption class='wp-caption-text gallery-caption' id='gallery-1-79097'>\n\t\t\t\tGu\u00e1caras Food &#038; Drinks Park \/ ODB Arquitectos (\u00a9 Ramiro Sosa)\n\t\t\t\t<\/figcaption><\/figure><figure class='gallery-item'>\n\t\t\t<div class='gallery-icon portrait'>\n\t\t\t\t<a href='https:\/\/www.arquimaster.com.ar\/web\/wp-content\/uploads\/2024\/08\/guacaras_food_drinks_park_12.jpg' title=\"Gu\u00e1caras Food &amp; Drinks Park \/ ODB Arquitectos (\u00a9 Ramiro Sosa)\" data-rl_title=\"Gu\u00e1caras Food &amp; Drinks Park \/ ODB Arquitectos (\u00a9 Ramiro Sosa)\" class=\"rl-gallery-link\" data-rl_caption=\"Gu\u00e1caras Food &amp; Drinks Park \/ ODB Arquitectos (\u00a9 Ramiro Sosa)\" data-rel=\"lightbox-gallery-1\"><img loading=\"lazy\" decoding=\"async\" width=\"150\" height=\"150\" src=\"https:\/\/www.arquimaster.com.ar\/web\/wp-content\/uploads\/2024\/08\/guacaras_food_drinks_park_12-150x150.jpg\" class=\"attachment-thumbnail size-thumbnail\" alt=\"Gu\u00e1caras Food &amp; Drinks Park \/ ODB Arquitectos\" aria-describedby=\"gallery-1-79098\" \/><\/a>\n\t\t\t<\/div>\n\t\t\t\t<figcaption class='wp-caption-text gallery-caption' id='gallery-1-79098'>\n\t\t\t\tGu\u00e1caras Food &#038; Drinks Park \/ ODB Arquitectos (\u00a9 Ramiro Sosa)\n\t\t\t\t<\/figcaption><\/figure><figure class='gallery-item'>\n\t\t\t<div class='gallery-icon portrait'>\n\t\t\t\t<a href='https:\/\/www.arquimaster.com.ar\/web\/wp-content\/uploads\/2024\/08\/guacaras_food_drinks_park_13.jpg' title=\"Gu\u00e1caras Food &amp; Drinks Park \/ ODB Arquitectos (\u00a9 Ramiro Sosa)\" data-rl_title=\"Gu\u00e1caras Food &amp; Drinks Park \/ ODB Arquitectos (\u00a9 Ramiro Sosa)\" class=\"rl-gallery-link\" data-rl_caption=\"Gu\u00e1caras Food &amp; Drinks Park \/ ODB Arquitectos (\u00a9 Ramiro Sosa)\" data-rel=\"lightbox-gallery-1\"><img loading=\"lazy\" decoding=\"async\" width=\"150\" height=\"150\" src=\"https:\/\/www.arquimaster.com.ar\/web\/wp-content\/uploads\/2024\/08\/guacaras_food_drinks_park_13-150x150.jpg\" class=\"attachment-thumbnail size-thumbnail\" alt=\"Gu\u00e1caras Food &amp; Drinks Park \/ ODB Arquitectos\" aria-describedby=\"gallery-1-79099\" \/><\/a>\n\t\t\t<\/div>\n\t\t\t\t<figcaption class='wp-caption-text gallery-caption' id='gallery-1-79099'>\n\t\t\t\tGu\u00e1caras Food &#038; Drinks Park \/ ODB Arquitectos (\u00a9 Ramiro Sosa)\n\t\t\t\t<\/figcaption><\/figure><figure class='gallery-item'>\n\t\t\t<div class='gallery-icon portrait'>\n\t\t\t\t<a href='https:\/\/www.arquimaster.com.ar\/web\/wp-content\/uploads\/2024\/08\/guacaras_food_drinks_park_15.jpg' title=\"Gu\u00e1caras Food &amp; Drinks Park \/ ODB Arquitectos (\u00a9 Ramiro Sosa)\" data-rl_title=\"Gu\u00e1caras Food &amp; Drinks Park \/ ODB Arquitectos (\u00a9 Ramiro Sosa)\" class=\"rl-gallery-link\" data-rl_caption=\"Gu\u00e1caras Food &amp; Drinks Park \/ ODB Arquitectos (\u00a9 Ramiro Sosa)\" data-rel=\"lightbox-gallery-1\"><img loading=\"lazy\" decoding=\"async\" width=\"150\" height=\"150\" src=\"https:\/\/www.arquimaster.com.ar\/web\/wp-content\/uploads\/2024\/08\/guacaras_food_drinks_park_15-150x150.jpg\" class=\"attachment-thumbnail size-thumbnail\" alt=\"Gu\u00e1caras Food &amp; Drinks Park \/ ODB Arquitectos\" aria-describedby=\"gallery-1-79101\" \/><\/a>\n\t\t\t<\/div>\n\t\t\t\t<figcaption class='wp-caption-text gallery-caption' id='gallery-1-79101'>\n\t\t\t\tGu\u00e1caras Food &#038; Drinks Park \/ ODB Arquitectos (\u00a9 Ramiro Sosa)\n\t\t\t\t<\/figcaption><\/figure><figure class='gallery-item'>\n\t\t\t<div class='gallery-icon portrait'>\n\t\t\t\t<a href='https:\/\/www.arquimaster.com.ar\/web\/wp-content\/uploads\/2024\/08\/guacaras_food_drinks_park_14.jpg' title=\"Gu\u00e1caras Food &amp; Drinks Park \/ ODB Arquitectos (\u00a9 Ramiro Sosa)\" data-rl_title=\"Gu\u00e1caras Food &amp; Drinks Park \/ ODB Arquitectos (\u00a9 Ramiro Sosa)\" class=\"rl-gallery-link\" data-rl_caption=\"Gu\u00e1caras Food &amp; Drinks Park \/ ODB Arquitectos (\u00a9 Ramiro Sosa)\" data-rel=\"lightbox-gallery-1\"><img loading=\"lazy\" decoding=\"async\" width=\"150\" height=\"150\" src=\"https:\/\/www.arquimaster.com.ar\/web\/wp-content\/uploads\/2024\/08\/guacaras_food_drinks_park_14-150x150.jpg\" class=\"attachment-thumbnail size-thumbnail\" alt=\"Gu\u00e1caras Food &amp; Drinks Park \/ ODB Arquitectos\" aria-describedby=\"gallery-1-79100\" \/><\/a>\n\t\t\t<\/div>\n\t\t\t\t<figcaption class='wp-caption-text gallery-caption' id='gallery-1-79100'>\n\t\t\t\tGu\u00e1caras Food &#038; Drinks Park \/ ODB Arquitectos (\u00a9 Ramiro Sosa)\n\t\t\t\t<\/figcaption><\/figure><figure class='gallery-item'>\n\t\t\t<div class='gallery-icon portrait'>\n\t\t\t\t<a href='https:\/\/www.arquimaster.com.ar\/web\/wp-content\/uploads\/2024\/08\/guacaras_food_drinks_park_16.jpg' title=\"Gu\u00e1caras Food &amp; Drinks Park \/ ODB Arquitectos (\u00a9 Ramiro Sosa)\" data-rl_title=\"Gu\u00e1caras Food &amp; Drinks Park \/ ODB Arquitectos (\u00a9 Ramiro Sosa)\" class=\"rl-gallery-link\" data-rl_caption=\"Gu\u00e1caras Food &amp; Drinks Park \/ ODB Arquitectos (\u00a9 Ramiro Sosa)\" data-rel=\"lightbox-gallery-1\"><img loading=\"lazy\" decoding=\"async\" width=\"150\" height=\"150\" src=\"https:\/\/www.arquimaster.com.ar\/web\/wp-content\/uploads\/2024\/08\/guacaras_food_drinks_park_16-150x150.jpg\" class=\"attachment-thumbnail size-thumbnail\" alt=\"Gu\u00e1caras Food &amp; Drinks Park \/ ODB Arquitectos\" aria-describedby=\"gallery-1-79102\" \/><\/a>\n\t\t\t<\/div>\n\t\t\t\t<figcaption class='wp-caption-text gallery-caption' id='gallery-1-79102'>\n\t\t\t\tGu\u00e1caras Food &#038; Drinks Park \/ ODB Arquitectos (\u00a9 Ramiro Sosa)\n\t\t\t\t<\/figcaption><\/figure><figure class='gallery-item'>\n\t\t\t<div class='gallery-icon portrait'>\n\t\t\t\t<a href='https:\/\/www.arquimaster.com.ar\/web\/wp-content\/uploads\/2024\/08\/guacaras_food_drinks_park_17.jpg' title=\"Gu\u00e1caras Food &amp; Drinks Park \/ ODB Arquitectos (\u00a9 Ramiro Sosa)\" data-rl_title=\"Gu\u00e1caras Food &amp; Drinks Park \/ ODB Arquitectos (\u00a9 Ramiro Sosa)\" class=\"rl-gallery-link\" data-rl_caption=\"Gu\u00e1caras Food &amp; Drinks Park \/ ODB Arquitectos (\u00a9 Ramiro Sosa)\" data-rel=\"lightbox-gallery-1\"><img loading=\"lazy\" decoding=\"async\" width=\"150\" height=\"150\" src=\"https:\/\/www.arquimaster.com.ar\/web\/wp-content\/uploads\/2024\/08\/guacaras_food_drinks_park_17-150x150.jpg\" class=\"attachment-thumbnail size-thumbnail\" alt=\"Gu\u00e1caras Food &amp; Drinks Park \/ ODB Arquitectos\" aria-describedby=\"gallery-1-79103\" \/><\/a>\n\t\t\t<\/div>\n\t\t\t\t<figcaption class='wp-caption-text gallery-caption' id='gallery-1-79103'>\n\t\t\t\tGu\u00e1caras Food &#038; Drinks Park \/ ODB Arquitectos (\u00a9 Ramiro Sosa)\n\t\t\t\t<\/figcaption><\/figure><figure class='gallery-item'>\n\t\t\t<div class='gallery-icon portrait'>\n\t\t\t\t<a href='https:\/\/www.arquimaster.com.ar\/web\/wp-content\/uploads\/2024\/08\/guacaras_food_drinks_park_18.jpg' title=\"Gu\u00e1caras Food &amp; Drinks Park \/ ODB Arquitectos (\u00a9 Ramiro Sosa)\" data-rl_title=\"Gu\u00e1caras Food &amp; Drinks Park \/ ODB Arquitectos (\u00a9 Ramiro Sosa)\" class=\"rl-gallery-link\" data-rl_caption=\"Gu\u00e1caras Food &amp; Drinks Park \/ ODB Arquitectos (\u00a9 Ramiro Sosa)\" data-rel=\"lightbox-gallery-1\"><img loading=\"lazy\" decoding=\"async\" width=\"150\" height=\"150\" src=\"https:\/\/www.arquimaster.com.ar\/web\/wp-content\/uploads\/2024\/08\/guacaras_food_drinks_park_18-150x150.jpg\" class=\"attachment-thumbnail size-thumbnail\" alt=\"Gu\u00e1caras Food &amp; Drinks Park \/ ODB Arquitectos\" aria-describedby=\"gallery-1-79104\" \/><\/a>\n\t\t\t<\/div>\n\t\t\t\t<figcaption class='wp-caption-text gallery-caption' id='gallery-1-79104'>\n\t\t\t\tGu\u00e1caras Food &#038; Drinks Park \/ ODB Arquitectos (\u00a9 Ramiro Sosa)\n\t\t\t\t<\/figcaption><\/figure><figure class='gallery-item'>\n\t\t\t<div class='gallery-icon portrait'>\n\t\t\t\t<a href='https:\/\/www.arquimaster.com.ar\/web\/wp-content\/uploads\/2024\/08\/guacaras_food_drinks_park_19.jpg' title=\"Gu\u00e1caras Food &amp; Drinks Park \/ ODB Arquitectos (\u00a9 Ramiro Sosa)\" data-rl_title=\"Gu\u00e1caras Food &amp; Drinks Park \/ ODB Arquitectos (\u00a9 Ramiro Sosa)\" class=\"rl-gallery-link\" data-rl_caption=\"Gu\u00e1caras Food &amp; Drinks Park \/ ODB Arquitectos (\u00a9 Ramiro Sosa)\" data-rel=\"lightbox-gallery-1\"><img loading=\"lazy\" decoding=\"async\" width=\"150\" height=\"150\" src=\"https:\/\/www.arquimaster.com.ar\/web\/wp-content\/uploads\/2024\/08\/guacaras_food_drinks_park_19-150x150.jpg\" class=\"attachment-thumbnail size-thumbnail\" alt=\"Gu\u00e1caras Food &amp; Drinks Park \/ ODB Arquitectos\" aria-describedby=\"gallery-1-79105\" \/><\/a>\n\t\t\t<\/div>\n\t\t\t\t<figcaption class='wp-caption-text gallery-caption' id='gallery-1-79105'>\n\t\t\t\tGu\u00e1caras Food &#038; Drinks Park \/ ODB Arquitectos (\u00a9 Ramiro Sosa)\n\t\t\t\t<\/figcaption><\/figure><figure class='gallery-item'>\n\t\t\t<div class='gallery-icon landscape'>\n\t\t\t\t<a href='https:\/\/www.arquimaster.com.ar\/web\/wp-content\/uploads\/2024\/08\/guacaras_food_drinks_park_20.jpg' title=\"Gu\u00e1caras Food &amp; Drinks Park \/ ODB Arquitectos (\u00a9 Ramiro Sosa)\" data-rl_title=\"Gu\u00e1caras Food &amp; Drinks Park \/ ODB Arquitectos (\u00a9 Ramiro Sosa)\" class=\"rl-gallery-link\" data-rl_caption=\"Gu\u00e1caras Food &amp; Drinks Park \/ ODB Arquitectos (\u00a9 Ramiro Sosa)\" data-rel=\"lightbox-gallery-1\"><img loading=\"lazy\" decoding=\"async\" width=\"150\" height=\"150\" src=\"https:\/\/www.arquimaster.com.ar\/web\/wp-content\/uploads\/2024\/08\/guacaras_food_drinks_park_20-150x150.jpg\" class=\"attachment-thumbnail size-thumbnail\" alt=\"Gu\u00e1caras Food &amp; Drinks Park \/ ODB Arquitectos\" aria-describedby=\"gallery-1-79106\" srcset=\"https:\/\/www.arquimaster.com.ar\/web\/wp-content\/uploads\/2024\/08\/guacaras_food_drinks_park_20-150x150.jpg 150w, https:\/\/www.arquimaster.com.ar\/web\/wp-content\/uploads\/2024\/08\/guacaras_food_drinks_park_20-768x768.jpg 768w, https:\/\/www.arquimaster.com.ar\/web\/wp-content\/uploads\/2024\/08\/guacaras_food_drinks_park_20.jpg 1500w\" sizes=\"auto, (max-width: 150px) 100vw, 150px\" \/><\/a>\n\t\t\t<\/div>\n\t\t\t\t<figcaption class='wp-caption-text gallery-caption' id='gallery-1-79106'>\n\t\t\t\tGu\u00e1caras Food &#038; Drinks Park \/ ODB Arquitectos (\u00a9 Ramiro Sosa)\n\t\t\t\t<\/figcaption><\/figure><figure class='gallery-item'>\n\t\t\t<div class='gallery-icon portrait'>\n\t\t\t\t<a href='https:\/\/www.arquimaster.com.ar\/web\/wp-content\/uploads\/2024\/08\/guacaras_food_drinks_park_22.jpg' title=\"Gu\u00e1caras Food &amp; Drinks Park \/ ODB Arquitectos (\u00a9 Ramiro Sosa)\" data-rl_title=\"Gu\u00e1caras Food &amp; Drinks Park \/ ODB Arquitectos (\u00a9 Ramiro Sosa)\" class=\"rl-gallery-link\" data-rl_caption=\"Gu\u00e1caras Food &amp; Drinks Park \/ ODB Arquitectos (\u00a9 Ramiro Sosa)\" data-rel=\"lightbox-gallery-1\"><img loading=\"lazy\" decoding=\"async\" width=\"150\" height=\"150\" src=\"https:\/\/www.arquimaster.com.ar\/web\/wp-content\/uploads\/2024\/08\/guacaras_food_drinks_park_22-150x150.jpg\" class=\"attachment-thumbnail size-thumbnail\" alt=\"Gu\u00e1caras Food &amp; Drinks Park \/ ODB Arquitectos\" aria-describedby=\"gallery-1-79108\" \/><\/a>\n\t\t\t<\/div>\n\t\t\t\t<figcaption class='wp-caption-text gallery-caption' id='gallery-1-79108'>\n\t\t\t\tGu\u00e1caras Food &#038; Drinks Park \/ ODB Arquitectos (\u00a9 Ramiro Sosa)\n\t\t\t\t<\/figcaption><\/figure><figure class='gallery-item'>\n\t\t\t<div class='gallery-icon portrait'>\n\t\t\t\t<a href='https:\/\/www.arquimaster.com.ar\/web\/wp-content\/uploads\/2024\/08\/guacaras_food_drinks_park_21.jpg' title=\"Gu\u00e1caras Food &amp; Drinks Park \/ ODB Arquitectos (\u00a9 Ramiro Sosa)\" data-rl_title=\"Gu\u00e1caras Food &amp; Drinks Park \/ ODB Arquitectos (\u00a9 Ramiro Sosa)\" class=\"rl-gallery-link\" data-rl_caption=\"Gu\u00e1caras Food &amp; Drinks Park \/ ODB Arquitectos (\u00a9 Ramiro Sosa)\" data-rel=\"lightbox-gallery-1\"><img loading=\"lazy\" decoding=\"async\" width=\"150\" height=\"150\" src=\"https:\/\/www.arquimaster.com.ar\/web\/wp-content\/uploads\/2024\/08\/guacaras_food_drinks_park_21-150x150.jpg\" class=\"attachment-thumbnail size-thumbnail\" alt=\"Gu\u00e1caras Food &amp; Drinks Park \/ ODB Arquitectos\" aria-describedby=\"gallery-1-79107\" \/><\/a>\n\t\t\t<\/div>\n\t\t\t\t<figcaption class='wp-caption-text gallery-caption' id='gallery-1-79107'>\n\t\t\t\tGu\u00e1caras Food &#038; Drinks Park \/ ODB Arquitectos (\u00a9 Ramiro Sosa)\n\t\t\t\t<\/figcaption><\/figure><figure class='gallery-item'>\n\t\t\t<div class='gallery-icon portrait'>\n\t\t\t\t<a href='https:\/\/www.arquimaster.com.ar\/web\/wp-content\/uploads\/2024\/08\/guacaras_food_drinks_park_23.jpg' title=\"Gu\u00e1caras Food &amp; Drinks Park \/ ODB Arquitectos (\u00a9 Ramiro Sosa)\" data-rl_title=\"Gu\u00e1caras Food &amp; Drinks Park \/ ODB Arquitectos (\u00a9 Ramiro Sosa)\" class=\"rl-gallery-link\" data-rl_caption=\"Gu\u00e1caras Food &amp; Drinks Park \/ ODB Arquitectos (\u00a9 Ramiro Sosa)\" data-rel=\"lightbox-gallery-1\"><img loading=\"lazy\" decoding=\"async\" width=\"150\" height=\"150\" src=\"https:\/\/www.arquimaster.com.ar\/web\/wp-content\/uploads\/2024\/08\/guacaras_food_drinks_park_23-150x150.jpg\" class=\"attachment-thumbnail size-thumbnail\" alt=\"Gu\u00e1caras Food &amp; Drinks Park \/ ODB Arquitectos\" aria-describedby=\"gallery-1-79109\" \/><\/a>\n\t\t\t<\/div>\n\t\t\t\t<figcaption class='wp-caption-text gallery-caption' id='gallery-1-79109'>\n\t\t\t\tGu\u00e1caras Food &#038; Drinks Park \/ ODB Arquitectos (\u00a9 Ramiro Sosa)\n\t\t\t\t<\/figcaption><\/figure><figure class='gallery-item'>\n\t\t\t<div class='gallery-icon portrait'>\n\t\t\t\t<a href='https:\/\/www.arquimaster.com.ar\/web\/wp-content\/uploads\/2024\/08\/guacaras_food_drinks_park_24.jpg' title=\"Gu\u00e1caras Food &amp; Drinks Park \/ ODB Arquitectos (\u00a9 Ramiro Sosa)\" data-rl_title=\"Gu\u00e1caras Food &amp; Drinks Park \/ ODB Arquitectos (\u00a9 Ramiro Sosa)\" class=\"rl-gallery-link\" data-rl_caption=\"Gu\u00e1caras Food &amp; Drinks Park \/ ODB Arquitectos (\u00a9 Ramiro Sosa)\" data-rel=\"lightbox-gallery-1\"><img loading=\"lazy\" decoding=\"async\" width=\"150\" height=\"150\" src=\"https:\/\/www.arquimaster.com.ar\/web\/wp-content\/uploads\/2024\/08\/guacaras_food_drinks_park_24-150x150.jpg\" class=\"attachment-thumbnail size-thumbnail\" alt=\"Gu\u00e1caras Food &amp; Drinks Park \/ ODB Arquitectos\" aria-describedby=\"gallery-1-79110\" \/><\/a>\n\t\t\t<\/div>\n\t\t\t\t<figcaption class='wp-caption-text gallery-caption' id='gallery-1-79110'>\n\t\t\t\tGu\u00e1caras Food &#038; Drinks Park \/ ODB Arquitectos (\u00a9 Ramiro Sosa)\n\t\t\t\t<\/figcaption><\/figure><figure class='gallery-item'>\n\t\t\t<div class='gallery-icon portrait'>\n\t\t\t\t<a href='https:\/\/www.arquimaster.com.ar\/web\/wp-content\/uploads\/2024\/08\/guacaras_food_drinks_park_25.jpg' title=\"Gu\u00e1caras Food &amp; Drinks Park \/ ODB Arquitectos (\u00a9 Ramiro Sosa)\" data-rl_title=\"Gu\u00e1caras Food &amp; Drinks Park \/ ODB Arquitectos (\u00a9 Ramiro Sosa)\" class=\"rl-gallery-link\" data-rl_caption=\"Gu\u00e1caras Food &amp; Drinks Park \/ ODB Arquitectos (\u00a9 Ramiro Sosa)\" data-rel=\"lightbox-gallery-1\"><img loading=\"lazy\" decoding=\"async\" width=\"150\" height=\"150\" src=\"https:\/\/www.arquimaster.com.ar\/web\/wp-content\/uploads\/2024\/08\/guacaras_food_drinks_park_25-150x150.jpg\" class=\"attachment-thumbnail size-thumbnail\" alt=\"Gu\u00e1caras Food &amp; Drinks Park \/ ODB Arquitectos\" aria-describedby=\"gallery-1-79111\" \/><\/a>\n\t\t\t<\/div>\n\t\t\t\t<figcaption class='wp-caption-text gallery-caption' id='gallery-1-79111'>\n\t\t\t\tGu\u00e1caras Food &#038; Drinks Park \/ ODB Arquitectos (\u00a9 Ramiro Sosa)\n\t\t\t\t<\/figcaption><\/figure><figure class='gallery-item'>\n\t\t\t<div class='gallery-icon portrait'>\n\t\t\t\t<a href='https:\/\/www.arquimaster.com.ar\/web\/wp-content\/uploads\/2024\/08\/guacaras_food_drinks_park_27.jpg' title=\"Gu\u00e1caras Food &amp; Drinks Park \/ ODB Arquitectos (\u00a9 Ramiro Sosa)\" data-rl_title=\"Gu\u00e1caras Food &amp; Drinks Park \/ ODB Arquitectos (\u00a9 Ramiro Sosa)\" class=\"rl-gallery-link\" data-rl_caption=\"Gu\u00e1caras Food &amp; Drinks Park \/ ODB Arquitectos (\u00a9 Ramiro Sosa)\" data-rel=\"lightbox-gallery-1\"><img loading=\"lazy\" decoding=\"async\" width=\"150\" height=\"150\" src=\"https:\/\/www.arquimaster.com.ar\/web\/wp-content\/uploads\/2024\/08\/guacaras_food_drinks_park_27-150x150.jpg\" class=\"attachment-thumbnail size-thumbnail\" alt=\"Gu\u00e1caras Food &amp; Drinks Park \/ ODB Arquitectos\" aria-describedby=\"gallery-1-79113\" \/><\/a>\n\t\t\t<\/div>\n\t\t\t\t<figcaption class='wp-caption-text gallery-caption' id='gallery-1-79113'>\n\t\t\t\tGu\u00e1caras Food &#038; Drinks Park \/ ODB Arquitectos (\u00a9 Ramiro Sosa)\n\t\t\t\t<\/figcaption><\/figure><figure class='gallery-item'>\n\t\t\t<div class='gallery-icon portrait'>\n\t\t\t\t<a href='https:\/\/www.arquimaster.com.ar\/web\/wp-content\/uploads\/2024\/08\/guacaras_food_drinks_park_26.jpg' title=\"Gu\u00e1caras Food &amp; Drinks Park \/ ODB Arquitectos (\u00a9 Ramiro Sosa)\" data-rl_title=\"Gu\u00e1caras Food &amp; Drinks Park \/ ODB Arquitectos (\u00a9 Ramiro Sosa)\" class=\"rl-gallery-link\" data-rl_caption=\"Gu\u00e1caras Food &amp; Drinks Park \/ ODB Arquitectos (\u00a9 Ramiro Sosa)\" data-rel=\"lightbox-gallery-1\"><img loading=\"lazy\" decoding=\"async\" width=\"150\" height=\"150\" src=\"https:\/\/www.arquimaster.com.ar\/web\/wp-content\/uploads\/2024\/08\/guacaras_food_drinks_park_26-150x150.jpg\" class=\"attachment-thumbnail size-thumbnail\" alt=\"Gu\u00e1caras Food &amp; Drinks Park \/ ODB Arquitectos\" aria-describedby=\"gallery-1-79112\" \/><\/a>\n\t\t\t<\/div>\n\t\t\t\t<figcaption class='wp-caption-text gallery-caption' id='gallery-1-79112'>\n\t\t\t\tGu\u00e1caras Food &#038; Drinks Park \/ ODB Arquitectos (\u00a9 Ramiro Sosa)\n\t\t\t\t<\/figcaption><\/figure><figure class='gallery-item'>\n\t\t\t<div class='gallery-icon portrait'>\n\t\t\t\t<a href='https:\/\/www.arquimaster.com.ar\/web\/wp-content\/uploads\/2024\/08\/guacaras_food_drinks_park_28.jpg' title=\"Gu\u00e1caras Food &amp; Drinks Park \/ ODB Arquitectos (\u00a9 Ramiro Sosa)\" data-rl_title=\"Gu\u00e1caras Food &amp; Drinks Park \/ ODB Arquitectos (\u00a9 Ramiro Sosa)\" class=\"rl-gallery-link\" data-rl_caption=\"Gu\u00e1caras Food &amp; Drinks Park \/ ODB Arquitectos (\u00a9 Ramiro Sosa)\" data-rel=\"lightbox-gallery-1\"><img loading=\"lazy\" decoding=\"async\" width=\"150\" height=\"150\" src=\"https:\/\/www.arquimaster.com.ar\/web\/wp-content\/uploads\/2024\/08\/guacaras_food_drinks_park_28-150x150.jpg\" class=\"attachment-thumbnail size-thumbnail\" alt=\"Gu\u00e1caras Food &amp; Drinks Park \/ ODB Arquitectos\" aria-describedby=\"gallery-1-79114\" \/><\/a>\n\t\t\t<\/div>\n\t\t\t\t<figcaption class='wp-caption-text gallery-caption' id='gallery-1-79114'>\n\t\t\t\tGu\u00e1caras Food &#038; Drinks Park \/ ODB Arquitectos (\u00a9 Ramiro Sosa)\n\t\t\t\t<\/figcaption><\/figure><figure class='gallery-item'>\n\t\t\t<div class='gallery-icon portrait'>\n\t\t\t\t<a href='https:\/\/www.arquimaster.com.ar\/web\/wp-content\/uploads\/2024\/08\/guacaras_food_drinks_park_29.jpg' title=\"Gu\u00e1caras Food &amp; Drinks Park \/ ODB Arquitectos (\u00a9 Ramiro Sosa)\" data-rl_title=\"Gu\u00e1caras Food &amp; Drinks Park \/ ODB Arquitectos (\u00a9 Ramiro Sosa)\" class=\"rl-gallery-link\" data-rl_caption=\"Gu\u00e1caras Food &amp; Drinks Park \/ ODB Arquitectos (\u00a9 Ramiro Sosa)\" data-rel=\"lightbox-gallery-1\"><img loading=\"lazy\" decoding=\"async\" width=\"150\" height=\"150\" src=\"https:\/\/www.arquimaster.com.ar\/web\/wp-content\/uploads\/2024\/08\/guacaras_food_drinks_park_29-150x150.jpg\" class=\"attachment-thumbnail size-thumbnail\" alt=\"Gu\u00e1caras Food &amp; Drinks Park \/ ODB Arquitectos\" aria-describedby=\"gallery-1-79115\" \/><\/a>\n\t\t\t<\/div>\n\t\t\t\t<figcaption class='wp-caption-text gallery-caption' id='gallery-1-79115'>\n\t\t\t\tGu\u00e1caras Food &#038; Drinks Park \/ ODB Arquitectos (\u00a9 Ramiro Sosa)\n\t\t\t\t<\/figcaption><\/figure><figure class='gallery-item'>\n\t\t\t<div class='gallery-icon portrait'>\n\t\t\t\t<a href='https:\/\/www.arquimaster.com.ar\/web\/wp-content\/uploads\/2024\/08\/guacaras_food_drinks_park_31.jpg' title=\"Gu\u00e1caras Food &amp; Drinks Park \/ ODB Arquitectos (\u00a9 Ramiro Sosa)\" data-rl_title=\"Gu\u00e1caras Food &amp; Drinks Park \/ ODB Arquitectos (\u00a9 Ramiro Sosa)\" class=\"rl-gallery-link\" data-rl_caption=\"Gu\u00e1caras Food &amp; Drinks Park \/ ODB Arquitectos (\u00a9 Ramiro Sosa)\" data-rel=\"lightbox-gallery-1\"><img loading=\"lazy\" decoding=\"async\" width=\"150\" height=\"150\" src=\"https:\/\/www.arquimaster.com.ar\/web\/wp-content\/uploads\/2024\/08\/guacaras_food_drinks_park_31-150x150.jpg\" class=\"attachment-thumbnail size-thumbnail\" alt=\"Gu\u00e1caras Food &amp; Drinks Park \/ ODB Arquitectos\" aria-describedby=\"gallery-1-79117\" \/><\/a>\n\t\t\t<\/div>\n\t\t\t\t<figcaption class='wp-caption-text gallery-caption' id='gallery-1-79117'>\n\t\t\t\tGu\u00e1caras Food &#038; Drinks Park \/ ODB Arquitectos (\u00a9 Ramiro Sosa)\n\t\t\t\t<\/figcaption><\/figure><figure class='gallery-item'>\n\t\t\t<div class='gallery-icon portrait'>\n\t\t\t\t<a href='https:\/\/www.arquimaster.com.ar\/web\/wp-content\/uploads\/2024\/08\/guacaras_food_drinks_park_30.jpg' title=\"Gu\u00e1caras Food &amp; Drinks Park \/ ODB Arquitectos (\u00a9 Ramiro Sosa)\" data-rl_title=\"Gu\u00e1caras Food &amp; Drinks Park \/ ODB Arquitectos (\u00a9 Ramiro Sosa)\" class=\"rl-gallery-link\" data-rl_caption=\"Gu\u00e1caras Food &amp; Drinks Park \/ ODB Arquitectos (\u00a9 Ramiro Sosa)\" data-rel=\"lightbox-gallery-1\"><img loading=\"lazy\" decoding=\"async\" width=\"150\" height=\"150\" src=\"https:\/\/www.arquimaster.com.ar\/web\/wp-content\/uploads\/2024\/08\/guacaras_food_drinks_park_30-150x150.jpg\" class=\"attachment-thumbnail size-thumbnail\" alt=\"Gu\u00e1caras Food &amp; Drinks Park \/ ODB Arquitectos\" aria-describedby=\"gallery-1-79116\" \/><\/a>\n\t\t\t<\/div>\n\t\t\t\t<figcaption class='wp-caption-text gallery-caption' id='gallery-1-79116'>\n\t\t\t\tGu\u00e1caras Food &#038; Drinks Park \/ ODB Arquitectos (\u00a9 Ramiro Sosa)\n\t\t\t\t<\/figcaption><\/figure><figure class='gallery-item'>\n\t\t\t<div class='gallery-icon portrait'>\n\t\t\t\t<a href='https:\/\/www.arquimaster.com.ar\/web\/wp-content\/uploads\/2024\/08\/guacaras_food_drinks_park_32.jpg' title=\"Gu\u00e1caras Food &amp; Drinks Park \/ ODB Arquitectos (\u00a9 Ramiro Sosa)\" data-rl_title=\"Gu\u00e1caras Food &amp; Drinks Park \/ ODB Arquitectos (\u00a9 Ramiro Sosa)\" class=\"rl-gallery-link\" data-rl_caption=\"Gu\u00e1caras Food &amp; Drinks Park \/ ODB Arquitectos (\u00a9 Ramiro Sosa)\" data-rel=\"lightbox-gallery-1\"><img loading=\"lazy\" decoding=\"async\" width=\"150\" height=\"150\" src=\"https:\/\/www.arquimaster.com.ar\/web\/wp-content\/uploads\/2024\/08\/guacaras_food_drinks_park_32-150x150.jpg\" class=\"attachment-thumbnail size-thumbnail\" alt=\"Gu\u00e1caras Food &amp; Drinks Park \/ ODB Arquitectos\" aria-describedby=\"gallery-1-79118\" \/><\/a>\n\t\t\t<\/div>\n\t\t\t\t<figcaption class='wp-caption-text gallery-caption' id='gallery-1-79118'>\n\t\t\t\tGu\u00e1caras Food &#038; Drinks Park \/ ODB Arquitectos (\u00a9 Ramiro Sosa)\n\t\t\t\t<\/figcaption><\/figure><figure class='gallery-item'>\n\t\t\t<div class='gallery-icon portrait'>\n\t\t\t\t<a href='https:\/\/www.arquimaster.com.ar\/web\/wp-content\/uploads\/2024\/08\/guacaras_food_drinks_park_34.jpg' title=\"Gu\u00e1caras Food &amp; Drinks Park \/ ODB Arquitectos (\u00a9 Ramiro Sosa)\" data-rl_title=\"Gu\u00e1caras Food &amp; Drinks Park \/ ODB Arquitectos (\u00a9 Ramiro Sosa)\" class=\"rl-gallery-link\" data-rl_caption=\"Gu\u00e1caras Food &amp; Drinks Park \/ ODB Arquitectos (\u00a9 Ramiro Sosa)\" data-rel=\"lightbox-gallery-1\"><img loading=\"lazy\" decoding=\"async\" width=\"150\" height=\"150\" src=\"https:\/\/www.arquimaster.com.ar\/web\/wp-content\/uploads\/2024\/08\/guacaras_food_drinks_park_34-150x150.jpg\" class=\"attachment-thumbnail size-thumbnail\" alt=\"Gu\u00e1caras Food &amp; Drinks Park \/ ODB Arquitectos\" aria-describedby=\"gallery-1-79120\" \/><\/a>\n\t\t\t<\/div>\n\t\t\t\t<figcaption class='wp-caption-text gallery-caption' id='gallery-1-79120'>\n\t\t\t\tGu\u00e1caras Food &#038; Drinks Park \/ ODB Arquitectos (\u00a9 Ramiro Sosa)\n\t\t\t\t<\/figcaption><\/figure><figure class='gallery-item'>\n\t\t\t<div class='gallery-icon portrait'>\n\t\t\t\t<a href='https:\/\/www.arquimaster.com.ar\/web\/wp-content\/uploads\/2024\/08\/guacaras_food_drinks_park_33.jpg' title=\"Gu\u00e1caras Food &amp; Drinks Park \/ ODB Arquitectos (\u00a9 Ramiro Sosa)\" data-rl_title=\"Gu\u00e1caras Food &amp; Drinks Park \/ ODB Arquitectos (\u00a9 Ramiro Sosa)\" class=\"rl-gallery-link\" data-rl_caption=\"Gu\u00e1caras Food &amp; Drinks Park \/ ODB Arquitectos (\u00a9 Ramiro Sosa)\" data-rel=\"lightbox-gallery-1\"><img loading=\"lazy\" decoding=\"async\" width=\"150\" height=\"150\" src=\"https:\/\/www.arquimaster.com.ar\/web\/wp-content\/uploads\/2024\/08\/guacaras_food_drinks_park_33-150x150.jpg\" class=\"attachment-thumbnail size-thumbnail\" alt=\"Gu\u00e1caras Food &amp; Drinks Park \/ ODB Arquitectos\" aria-describedby=\"gallery-1-79119\" \/><\/a>\n\t\t\t<\/div>\n\t\t\t\t<figcaption class='wp-caption-text gallery-caption' id='gallery-1-79119'>\n\t\t\t\tGu\u00e1caras Food &#038; Drinks Park \/ ODB Arquitectos (\u00a9 Ramiro Sosa)\n\t\t\t\t<\/figcaption><\/figure><figure class='gallery-item'>\n\t\t\t<div class='gallery-icon portrait'>\n\t\t\t\t<a href='https:\/\/www.arquimaster.com.ar\/web\/wp-content\/uploads\/2024\/08\/guacaras_food_drinks_park_36.jpg' title=\"Gu\u00e1caras Food &amp; Drinks Park \/ ODB Arquitectos (\u00a9 Ramiro Sosa)\" data-rl_title=\"Gu\u00e1caras Food &amp; Drinks Park \/ ODB Arquitectos (\u00a9 Ramiro Sosa)\" class=\"rl-gallery-link\" data-rl_caption=\"Gu\u00e1caras Food &amp; Drinks Park \/ ODB Arquitectos (\u00a9 Ramiro Sosa)\" data-rel=\"lightbox-gallery-1\"><img loading=\"lazy\" decoding=\"async\" width=\"150\" height=\"150\" src=\"https:\/\/www.arquimaster.com.ar\/web\/wp-content\/uploads\/2024\/08\/guacaras_food_drinks_park_36-150x150.jpg\" class=\"attachment-thumbnail size-thumbnail\" alt=\"Gu\u00e1caras Food &amp; Drinks Park \/ ODB Arquitectos\" aria-describedby=\"gallery-1-79122\" \/><\/a>\n\t\t\t<\/div>\n\t\t\t\t<figcaption class='wp-caption-text gallery-caption' id='gallery-1-79122'>\n\t\t\t\tGu\u00e1caras Food &#038; Drinks Park \/ ODB Arquitectos (\u00a9 Ramiro Sosa)\n\t\t\t\t<\/figcaption><\/figure><figure class='gallery-item'>\n\t\t\t<div class='gallery-icon portrait'>\n\t\t\t\t<a href='https:\/\/www.arquimaster.com.ar\/web\/wp-content\/uploads\/2024\/08\/guacaras_food_drinks_park_35.jpg' title=\"Gu\u00e1caras Food &amp; Drinks Park \/ ODB Arquitectos (\u00a9 Ramiro Sosa)\" data-rl_title=\"Gu\u00e1caras Food &amp; Drinks Park \/ ODB Arquitectos (\u00a9 Ramiro Sosa)\" class=\"rl-gallery-link\" data-rl_caption=\"Gu\u00e1caras Food &amp; Drinks Park \/ ODB Arquitectos (\u00a9 Ramiro Sosa)\" data-rel=\"lightbox-gallery-1\"><img loading=\"lazy\" decoding=\"async\" width=\"150\" height=\"150\" src=\"https:\/\/www.arquimaster.com.ar\/web\/wp-content\/uploads\/2024\/08\/guacaras_food_drinks_park_35-150x150.jpg\" class=\"attachment-thumbnail size-thumbnail\" alt=\"Gu\u00e1caras Food &amp; Drinks Park \/ ODB Arquitectos\" aria-describedby=\"gallery-1-79121\" \/><\/a>\n\t\t\t<\/div>\n\t\t\t\t<figcaption class='wp-caption-text gallery-caption' id='gallery-1-79121'>\n\t\t\t\tGu\u00e1caras Food &#038; Drinks Park \/ ODB Arquitectos (\u00a9 Ramiro Sosa)\n\t\t\t\t<\/figcaption><\/figure><figure class='gallery-item'>\n\t\t\t<div class='gallery-icon landscape'>\n\t\t\t\t<a href='https:\/\/www.arquimaster.com.ar\/web\/wp-content\/uploads\/2024\/08\/guacaras_food_drinks_park_37.jpg' title=\"Gu\u00e1caras Food &amp; Drinks Park \/ ODB Arquitectos (\u00a9 Ramiro Sosa)\" data-rl_title=\"Gu\u00e1caras Food &amp; Drinks Park \/ ODB Arquitectos (\u00a9 Ramiro Sosa)\" class=\"rl-gallery-link\" data-rl_caption=\"Gu\u00e1caras Food &amp; Drinks Park \/ ODB Arquitectos (\u00a9 Ramiro Sosa)\" data-rel=\"lightbox-gallery-1\"><img loading=\"lazy\" decoding=\"async\" width=\"150\" height=\"150\" src=\"https:\/\/www.arquimaster.com.ar\/web\/wp-content\/uploads\/2024\/08\/guacaras_food_drinks_park_37-150x150.jpg\" class=\"attachment-thumbnail size-thumbnail\" alt=\"Gu\u00e1caras Food &amp; Drinks Park \/ ODB Arquitectos\" aria-describedby=\"gallery-1-79123\" \/><\/a>\n\t\t\t<\/div>\n\t\t\t\t<figcaption class='wp-caption-text gallery-caption' id='gallery-1-79123'>\n\t\t\t\tGu\u00e1caras Food &#038; Drinks Park \/ ODB Arquitectos (\u00a9 Ramiro Sosa)\n\t\t\t\t<\/figcaption><\/figure><figure class='gallery-item'>\n\t\t\t<div class='gallery-icon portrait'>\n\t\t\t\t<a href='https:\/\/www.arquimaster.com.ar\/web\/wp-content\/uploads\/2024\/08\/guacaras_food_drinks_park_38.jpg' title=\"Gu\u00e1caras Food &amp; Drinks Park \/ ODB Arquitectos (\u00a9 Ramiro Sosa)\" data-rl_title=\"Gu\u00e1caras Food &amp; Drinks Park \/ ODB Arquitectos (\u00a9 Ramiro Sosa)\" class=\"rl-gallery-link\" data-rl_caption=\"Gu\u00e1caras Food &amp; Drinks Park \/ ODB Arquitectos (\u00a9 Ramiro Sosa)\" data-rel=\"lightbox-gallery-1\"><img loading=\"lazy\" decoding=\"async\" width=\"150\" height=\"150\" src=\"https:\/\/www.arquimaster.com.ar\/web\/wp-content\/uploads\/2024\/08\/guacaras_food_drinks_park_38-150x150.jpg\" class=\"attachment-thumbnail size-thumbnail\" alt=\"Gu\u00e1caras Food &amp; Drinks Park \/ ODB Arquitectos\" aria-describedby=\"gallery-1-79124\" \/><\/a>\n\t\t\t<\/div>\n\t\t\t\t<figcaption class='wp-caption-text gallery-caption' id='gallery-1-79124'>\n\t\t\t\tGu\u00e1caras Food &#038; Drinks Park \/ ODB Arquitectos (\u00a9 Ramiro Sosa)\n\t\t\t\t<\/figcaption><\/figure><figure class='gallery-item'>\n\t\t\t<div class='gallery-icon portrait'>\n\t\t\t\t<a href='https:\/\/www.arquimaster.com.ar\/web\/wp-content\/uploads\/2024\/08\/guacaras_food_drinks_park_39.jpg' title=\"Gu\u00e1caras Food &amp; Drinks Park \/ ODB Arquitectos (\u00a9 Ramiro Sosa)\" data-rl_title=\"Gu\u00e1caras Food &amp; Drinks Park \/ ODB Arquitectos (\u00a9 Ramiro Sosa)\" class=\"rl-gallery-link\" data-rl_caption=\"Gu\u00e1caras Food &amp; Drinks Park \/ ODB Arquitectos (\u00a9 Ramiro Sosa)\" data-rel=\"lightbox-gallery-1\"><img loading=\"lazy\" decoding=\"async\" width=\"150\" height=\"150\" src=\"https:\/\/www.arquimaster.com.ar\/web\/wp-content\/uploads\/2024\/08\/guacaras_food_drinks_park_39-150x150.jpg\" class=\"attachment-thumbnail size-thumbnail\" alt=\"Gu\u00e1caras Food &amp; Drinks Park \/ ODB Arquitectos\" aria-describedby=\"gallery-1-79125\" \/><\/a>\n\t\t\t<\/div>\n\t\t\t\t<figcaption class='wp-caption-text gallery-caption' id='gallery-1-79125'>\n\t\t\t\tGu\u00e1caras Food &#038; Drinks Park \/ ODB Arquitectos (\u00a9 Ramiro Sosa)\n\t\t\t\t<\/figcaption><\/figure><figure class='gallery-item'>\n\t\t\t<div class='gallery-icon portrait'>\n\t\t\t\t<a href='https:\/\/www.arquimaster.com.ar\/web\/wp-content\/uploads\/2024\/08\/guacaras_food_drinks_park_40.jpg' title=\"Gu\u00e1caras Food &amp; Drinks Park \/ ODB Arquitectos (\u00a9 Ramiro Sosa)\" data-rl_title=\"Gu\u00e1caras Food &amp; Drinks Park \/ ODB Arquitectos (\u00a9 Ramiro Sosa)\" class=\"rl-gallery-link\" data-rl_caption=\"Gu\u00e1caras Food &amp; Drinks Park \/ ODB Arquitectos (\u00a9 Ramiro Sosa)\" data-rel=\"lightbox-gallery-1\"><img loading=\"lazy\" decoding=\"async\" width=\"150\" height=\"150\" src=\"https:\/\/www.arquimaster.com.ar\/web\/wp-content\/uploads\/2024\/08\/guacaras_food_drinks_park_40-150x150.jpg\" class=\"attachment-thumbnail size-thumbnail\" alt=\"Gu\u00e1caras Food &amp; Drinks Park \/ ODB Arquitectos\" aria-describedby=\"gallery-1-79126\" \/><\/a>\n\t\t\t<\/div>\n\t\t\t\t<figcaption class='wp-caption-text gallery-caption' id='gallery-1-79126'>\n\t\t\t\tGu\u00e1caras Food &#038; Drinks Park \/ ODB Arquitectos (\u00a9 Ramiro Sosa)\n\t\t\t\t<\/figcaption><\/figure><figure class='gallery-item'>\n\t\t\t<div class='gallery-icon portrait'>\n\t\t\t\t<a href='https:\/\/www.arquimaster.com.ar\/web\/wp-content\/uploads\/2024\/08\/guacaras_food_drinks_park_42.jpg' title=\"Gu\u00e1caras Food &amp; Drinks Park \/ ODB Arquitectos (\u00a9 Ramiro Sosa)\" data-rl_title=\"Gu\u00e1caras Food &amp; Drinks Park \/ ODB Arquitectos (\u00a9 Ramiro Sosa)\" class=\"rl-gallery-link\" data-rl_caption=\"Gu\u00e1caras Food &amp; Drinks Park \/ ODB Arquitectos (\u00a9 Ramiro Sosa)\" data-rel=\"lightbox-gallery-1\"><img loading=\"lazy\" decoding=\"async\" width=\"150\" height=\"150\" src=\"https:\/\/www.arquimaster.com.ar\/web\/wp-content\/uploads\/2024\/08\/guacaras_food_drinks_park_42-150x150.jpg\" class=\"attachment-thumbnail size-thumbnail\" alt=\"Gu\u00e1caras Food &amp; Drinks Park \/ ODB Arquitectos\" aria-describedby=\"gallery-1-79128\" \/><\/a>\n\t\t\t<\/div>\n\t\t\t\t<figcaption class='wp-caption-text gallery-caption' id='gallery-1-79128'>\n\t\t\t\tGu\u00e1caras Food &#038; Drinks Park \/ ODB Arquitectos (\u00a9 Ramiro Sosa)\n\t\t\t\t<\/figcaption><\/figure><figure class='gallery-item'>\n\t\t\t<div class='gallery-icon portrait'>\n\t\t\t\t<a href='https:\/\/www.arquimaster.com.ar\/web\/wp-content\/uploads\/2024\/08\/guacaras_food_drinks_park_41.jpg' title=\"Gu\u00e1caras Food &amp; Drinks Park \/ ODB Arquitectos (\u00a9 Ramiro Sosa)\" data-rl_title=\"Gu\u00e1caras Food &amp; Drinks Park \/ ODB Arquitectos (\u00a9 Ramiro Sosa)\" class=\"rl-gallery-link\" data-rl_caption=\"Gu\u00e1caras Food &amp; Drinks Park \/ ODB Arquitectos (\u00a9 Ramiro Sosa)\" data-rel=\"lightbox-gallery-1\"><img loading=\"lazy\" decoding=\"async\" width=\"150\" height=\"150\" src=\"https:\/\/www.arquimaster.com.ar\/web\/wp-content\/uploads\/2024\/08\/guacaras_food_drinks_park_41-150x150.jpg\" class=\"attachment-thumbnail size-thumbnail\" alt=\"Gu\u00e1caras Food &amp; Drinks Park \/ ODB Arquitectos\" aria-describedby=\"gallery-1-79127\" \/><\/a>\n\t\t\t<\/div>\n\t\t\t\t<figcaption class='wp-caption-text gallery-caption' id='gallery-1-79127'>\n\t\t\t\tGu\u00e1caras Food &#038; Drinks Park \/ ODB Arquitectos (\u00a9 Ramiro Sosa)\n\t\t\t\t<\/figcaption><\/figure><figure class='gallery-item'>\n\t\t\t<div class='gallery-icon landscape'>\n\t\t\t\t<a href='https:\/\/www.arquimaster.com.ar\/web\/wp-content\/uploads\/2024\/08\/guacaras_food_drinks_park_43.jpg' title=\"Gu\u00e1caras Food &amp; Drinks Park \/ ODB Arquitectos (\u00a9 Ramiro Sosa)\" data-rl_title=\"Gu\u00e1caras Food &amp; Drinks Park \/ ODB Arquitectos (\u00a9 Ramiro Sosa)\" class=\"rl-gallery-link\" data-rl_caption=\"Gu\u00e1caras Food &amp; Drinks Park \/ ODB Arquitectos (\u00a9 Ramiro Sosa)\" data-rel=\"lightbox-gallery-1\"><img loading=\"lazy\" decoding=\"async\" width=\"150\" height=\"150\" src=\"https:\/\/www.arquimaster.com.ar\/web\/wp-content\/uploads\/2024\/08\/guacaras_food_drinks_park_43-150x150.jpg\" class=\"attachment-thumbnail size-thumbnail\" alt=\"Gu\u00e1caras Food &amp; Drinks Park \/ ODB Arquitectos\" aria-describedby=\"gallery-1-79129\" \/><\/a>\n\t\t\t<\/div>\n\t\t\t\t<figcaption class='wp-caption-text gallery-caption' id='gallery-1-79129'>\n\t\t\t\tGu\u00e1caras Food &#038; Drinks Park \/ ODB Arquitectos (\u00a9 Ramiro Sosa)\n\t\t\t\t<\/figcaption><\/figure><figure class='gallery-item'>\n\t\t\t<div class='gallery-icon landscape'>\n\t\t\t\t<a href='https:\/\/www.arquimaster.com.ar\/web\/wp-content\/uploads\/2024\/08\/guacaras_food_drinks_park_44.jpg' title=\"Gu\u00e1caras Food &amp; Drinks Park \/ ODB Arquitectos (\u00a9 Ramiro Sosa)\" data-rl_title=\"Gu\u00e1caras Food &amp; Drinks Park \/ ODB Arquitectos (\u00a9 Ramiro Sosa)\" class=\"rl-gallery-link\" data-rl_caption=\"Gu\u00e1caras Food &amp; Drinks Park \/ ODB Arquitectos (\u00a9 Ramiro Sosa)\" data-rel=\"lightbox-gallery-1\"><img loading=\"lazy\" decoding=\"async\" width=\"150\" height=\"150\" src=\"https:\/\/www.arquimaster.com.ar\/web\/wp-content\/uploads\/2024\/08\/guacaras_food_drinks_park_44-150x150.jpg\" class=\"attachment-thumbnail size-thumbnail\" alt=\"Gu\u00e1caras Food &amp; Drinks Park \/ ODB Arquitectos\" aria-describedby=\"gallery-1-79130\" srcset=\"https:\/\/www.arquimaster.com.ar\/web\/wp-content\/uploads\/2024\/08\/guacaras_food_drinks_park_44-150x150.jpg 150w, https:\/\/www.arquimaster.com.ar\/web\/wp-content\/uploads\/2024\/08\/guacaras_food_drinks_park_44-768x768.jpg 768w, https:\/\/www.arquimaster.com.ar\/web\/wp-content\/uploads\/2024\/08\/guacaras_food_drinks_park_44.jpg 1500w\" sizes=\"auto, (max-width: 150px) 100vw, 150px\" \/><\/a>\n\t\t\t<\/div>\n\t\t\t\t<figcaption class='wp-caption-text gallery-caption' id='gallery-1-79130'>\n\t\t\t\tGu\u00e1caras Food &#038; Drinks Park \/ ODB Arquitectos (\u00a9 Ramiro Sosa)\n\t\t\t\t<\/figcaption><\/figure><figure class='gallery-item'>\n\t\t\t<div class='gallery-icon portrait'>\n\t\t\t\t<a href='https:\/\/www.arquimaster.com.ar\/web\/wp-content\/uploads\/2024\/08\/guacaras_food_drinks_park_45.jpg' title=\"Gu\u00e1caras Food &amp; Drinks Park \/ ODB Arquitectos (\u00a9 Ramiro Sosa)\" data-rl_title=\"Gu\u00e1caras Food &amp; Drinks Park \/ ODB Arquitectos (\u00a9 Ramiro Sosa)\" class=\"rl-gallery-link\" data-rl_caption=\"Gu\u00e1caras Food &amp; Drinks Park \/ ODB Arquitectos (\u00a9 Ramiro Sosa)\" data-rel=\"lightbox-gallery-1\"><img loading=\"lazy\" decoding=\"async\" width=\"150\" height=\"150\" src=\"https:\/\/www.arquimaster.com.ar\/web\/wp-content\/uploads\/2024\/08\/guacaras_food_drinks_park_45-150x150.jpg\" class=\"attachment-thumbnail size-thumbnail\" alt=\"Gu\u00e1caras Food &amp; Drinks Park \/ ODB Arquitectos\" aria-describedby=\"gallery-1-79131\" \/><\/a>\n\t\t\t<\/div>\n\t\t\t\t<figcaption class='wp-caption-text gallery-caption' id='gallery-1-79131'>\n\t\t\t\tGu\u00e1caras Food &#038; Drinks Park \/ ODB Arquitectos (\u00a9 Ramiro Sosa)\n\t\t\t\t<\/figcaption><\/figure><figure class='gallery-item'>\n\t\t\t<div class='gallery-icon landscape'>\n\t\t\t\t<a href='https:\/\/www.arquimaster.com.ar\/web\/wp-content\/uploads\/2024\/08\/guacaras_food_drinks_park_46.jpg' title=\"Gu\u00e1caras Food &amp; Drinks Park \/ ODB Arquitectos (\u00a9 ODB Arquitectos)\" data-rl_title=\"Gu\u00e1caras Food &amp; Drinks Park \/ ODB Arquitectos (\u00a9 ODB Arquitectos)\" class=\"rl-gallery-link\" data-rl_caption=\"Gu\u00e1caras Food &amp; Drinks Park \/ ODB Arquitectos (\u00a9 ODB Arquitectos)\" data-rel=\"lightbox-gallery-1\"><img loading=\"lazy\" decoding=\"async\" width=\"150\" height=\"150\" src=\"https:\/\/www.arquimaster.com.ar\/web\/wp-content\/uploads\/2024\/08\/guacaras_food_drinks_park_46-150x150.jpg\" class=\"attachment-thumbnail size-thumbnail\" alt=\"Gu\u00e1caras Food &amp; Drinks Park \/ ODB Arquitectos\" aria-describedby=\"gallery-1-79132\" \/><\/a>\n\t\t\t<\/div>\n\t\t\t\t<figcaption class='wp-caption-text gallery-caption' id='gallery-1-79132'>\n\t\t\t\tGu\u00e1caras Food &#038; Drinks Park \/ ODB Arquitectos (\u00a9 ODB Arquitectos)\n\t\t\t\t<\/figcaption><\/figure><figure class='gallery-item'>\n\t\t\t<div class='gallery-icon landscape'>\n\t\t\t\t<a href='https:\/\/www.arquimaster.com.ar\/web\/wp-content\/uploads\/2024\/08\/guacaras_food_drinks_park_47.jpg' title=\"Gu\u00e1caras Food &amp; Drinks Park \/ ODB Arquitectos (implantaci\u00f3n)\" data-rl_title=\"Gu\u00e1caras Food &amp; Drinks Park \/ ODB Arquitectos (implantaci\u00f3n)\" class=\"rl-gallery-link\" data-rl_caption=\"Gu\u00e1caras Food &amp; Drinks Park \/ ODB Arquitectos (implantaci\u00f3n)\" data-rel=\"lightbox-gallery-1\"><img loading=\"lazy\" decoding=\"async\" width=\"150\" height=\"150\" src=\"https:\/\/www.arquimaster.com.ar\/web\/wp-content\/uploads\/2024\/08\/guacaras_food_drinks_park_47-150x150.jpg\" class=\"attachment-thumbnail size-thumbnail\" alt=\"Gu\u00e1caras Food &amp; Drinks Park \/ ODB Arquitectos\" aria-describedby=\"gallery-1-79133\" \/><\/a>\n\t\t\t<\/div>\n\t\t\t\t<figcaption class='wp-caption-text gallery-caption' id='gallery-1-79133'>\n\t\t\t\tGu\u00e1caras Food &#038; Drinks Park \/ ODB Arquitectos (implantaci\u00f3n)\n\t\t\t\t<\/figcaption><\/figure><figure class='gallery-item'>\n\t\t\t<div class='gallery-icon landscape'>\n\t\t\t\t<a href='https:\/\/www.arquimaster.com.ar\/web\/wp-content\/uploads\/2024\/08\/guacaras_food_drinks_park_48.jpg' title=\"Gu\u00e1caras Food &amp; Drinks Park \/ ODB Arquitectos (esquema preexistencias)\" data-rl_title=\"Gu\u00e1caras Food &amp; Drinks Park \/ ODB Arquitectos (esquema preexistencias)\" class=\"rl-gallery-link\" data-rl_caption=\"Gu\u00e1caras Food &amp; Drinks Park \/ ODB Arquitectos (esquema preexistencias)\" data-rel=\"lightbox-gallery-1\"><img loading=\"lazy\" decoding=\"async\" width=\"150\" height=\"150\" src=\"https:\/\/www.arquimaster.com.ar\/web\/wp-content\/uploads\/2024\/08\/guacaras_food_drinks_park_48-150x150.jpg\" class=\"attachment-thumbnail size-thumbnail\" alt=\"Gu\u00e1caras Food &amp; Drinks Park \/ ODB Arquitectos\" aria-describedby=\"gallery-1-79134\" \/><\/a>\n\t\t\t<\/div>\n\t\t\t\t<figcaption class='wp-caption-text gallery-caption' id='gallery-1-79134'>\n\t\t\t\tGu\u00e1caras Food &#038; Drinks Park \/ ODB Arquitectos (esquema preexistencias)\n\t\t\t\t<\/figcaption><\/figure><figure class='gallery-item'>\n\t\t\t<div class='gallery-icon landscape'>\n\t\t\t\t<a href='https:\/\/www.arquimaster.com.ar\/web\/wp-content\/uploads\/2024\/08\/guacaras_food_drinks_park_49.jpg' title=\"Gu\u00e1caras Food &amp; Drinks Park \/ ODB Arquitectos (esquema idea\/concepto)\" data-rl_title=\"Gu\u00e1caras Food &amp; Drinks Park \/ ODB Arquitectos (esquema idea\/concepto)\" class=\"rl-gallery-link\" data-rl_caption=\"Gu\u00e1caras Food &amp; Drinks Park \/ ODB Arquitectos (esquema idea\/concepto)\" data-rel=\"lightbox-gallery-1\"><img loading=\"lazy\" decoding=\"async\" width=\"150\" height=\"150\" src=\"https:\/\/www.arquimaster.com.ar\/web\/wp-content\/uploads\/2024\/08\/guacaras_food_drinks_park_49-150x150.jpg\" class=\"attachment-thumbnail size-thumbnail\" alt=\"Gu\u00e1caras Food &amp; Drinks Park \/ ODB Arquitectos\" aria-describedby=\"gallery-1-79135\" \/><\/a>\n\t\t\t<\/div>\n\t\t\t\t<figcaption class='wp-caption-text gallery-caption' id='gallery-1-79135'>\n\t\t\t\tGu\u00e1caras Food &#038; Drinks Park \/ ODB Arquitectos (esquema idea\/concepto)\n\t\t\t\t<\/figcaption><\/figure><figure class='gallery-item'>\n\t\t\t<div class='gallery-icon landscape'>\n\t\t\t\t<a href='https:\/\/www.arquimaster.com.ar\/web\/wp-content\/uploads\/2024\/08\/guacaras_food_drinks_park_50.jpg' title=\"Gu\u00e1caras Food &amp; Drinks Park \/ ODB Arquitectos (esquema propuesta)\" data-rl_title=\"Gu\u00e1caras Food &amp; Drinks Park \/ ODB Arquitectos (esquema propuesta)\" class=\"rl-gallery-link\" data-rl_caption=\"Gu\u00e1caras Food &amp; Drinks Park \/ ODB Arquitectos (esquema propuesta)\" data-rel=\"lightbox-gallery-1\"><img loading=\"lazy\" decoding=\"async\" width=\"150\" height=\"150\" src=\"https:\/\/www.arquimaster.com.ar\/web\/wp-content\/uploads\/2024\/08\/guacaras_food_drinks_park_50-150x150.jpg\" class=\"attachment-thumbnail size-thumbnail\" alt=\"Gu\u00e1caras Food &amp; Drinks Park \/ ODB Arquitectos\" aria-describedby=\"gallery-1-79136\" \/><\/a>\n\t\t\t<\/div>\n\t\t\t\t<figcaption class='wp-caption-text gallery-caption' id='gallery-1-79136'>\n\t\t\t\tGu\u00e1caras Food &#038; Drinks Park \/ ODB Arquitectos (esquema propuesta)\n\t\t\t\t<\/figcaption><\/figure><figure class='gallery-item'>\n\t\t\t<div class='gallery-icon landscape'>\n\t\t\t\t<a href='https:\/\/www.arquimaster.com.ar\/web\/wp-content\/uploads\/2024\/08\/guacaras_food_drinks_park_51.jpg' title=\"Gu\u00e1caras Food &amp; Drinks Park \/ ODB Arquitectos (esquemas)\" data-rl_title=\"Gu\u00e1caras Food &amp; Drinks Park \/ ODB Arquitectos (esquemas)\" class=\"rl-gallery-link\" data-rl_caption=\"Gu\u00e1caras Food &amp; Drinks Park \/ ODB Arquitectos (esquemas)\" data-rel=\"lightbox-gallery-1\"><img loading=\"lazy\" decoding=\"async\" width=\"150\" height=\"150\" src=\"https:\/\/www.arquimaster.com.ar\/web\/wp-content\/uploads\/2024\/08\/guacaras_food_drinks_park_51-150x150.jpg\" class=\"attachment-thumbnail size-thumbnail\" alt=\"Gu\u00e1caras Food &amp; Drinks Park \/ ODB Arquitectos\" aria-describedby=\"gallery-1-79137\" \/><\/a>\n\t\t\t<\/div>\n\t\t\t\t<figcaption class='wp-caption-text gallery-caption' id='gallery-1-79137'>\n\t\t\t\tGu\u00e1caras Food &#038; Drinks Park \/ ODB Arquitectos (esquemas)\n\t\t\t\t<\/figcaption><\/figure><figure class='gallery-item'>\n\t\t\t<div class='gallery-icon landscape'>\n\t\t\t\t<a href='https:\/\/www.arquimaster.com.ar\/web\/wp-content\/uploads\/2024\/08\/guacaras_food_drinks_park_52.jpg' title=\"Gu\u00e1caras Food &amp; Drinks Park \/ ODB Arquitectos (implantaci\u00f3n)\" data-rl_title=\"Gu\u00e1caras Food &amp; Drinks Park \/ ODB Arquitectos (implantaci\u00f3n)\" class=\"rl-gallery-link\" data-rl_caption=\"Gu\u00e1caras Food &amp; Drinks Park \/ ODB Arquitectos (implantaci\u00f3n)\" data-rel=\"lightbox-gallery-1\"><img loading=\"lazy\" decoding=\"async\" width=\"150\" height=\"150\" src=\"https:\/\/www.arquimaster.com.ar\/web\/wp-content\/uploads\/2024\/08\/guacaras_food_drinks_park_52-150x150.jpg\" class=\"attachment-thumbnail size-thumbnail\" alt=\"Gu\u00e1caras Food &amp; Drinks Park \/ ODB Arquitectos\" aria-describedby=\"gallery-1-79138\" \/><\/a>\n\t\t\t<\/div>\n\t\t\t\t<figcaption class='wp-caption-text gallery-caption' id='gallery-1-79138'>\n\t\t\t\tGu\u00e1caras Food &#038; Drinks Park \/ ODB Arquitectos (implantaci\u00f3n)\n\t\t\t\t<\/figcaption><\/figure><figure class='gallery-item'>\n\t\t\t<div class='gallery-icon landscape'>\n\t\t\t\t<a href='https:\/\/www.arquimaster.com.ar\/web\/wp-content\/uploads\/2024\/08\/guacaras_food_drinks_park_53.jpg' title=\"Gu\u00e1caras Food &amp; Drinks Park \/ ODB Arquitectos (planta arquitect\u00f3nica)\" data-rl_title=\"Gu\u00e1caras Food &amp; Drinks Park \/ ODB Arquitectos (planta arquitect\u00f3nica)\" class=\"rl-gallery-link\" data-rl_caption=\"Gu\u00e1caras Food &amp; Drinks Park \/ ODB Arquitectos (planta arquitect\u00f3nica)\" data-rel=\"lightbox-gallery-1\"><img loading=\"lazy\" decoding=\"async\" width=\"150\" height=\"150\" src=\"https:\/\/www.arquimaster.com.ar\/web\/wp-content\/uploads\/2024\/08\/guacaras_food_drinks_park_53-150x150.jpg\" class=\"attachment-thumbnail size-thumbnail\" alt=\"Gu\u00e1caras Food &amp; Drinks Park \/ ODB Arquitectos\" aria-describedby=\"gallery-1-79139\" \/><\/a>\n\t\t\t<\/div>\n\t\t\t\t<figcaption class='wp-caption-text gallery-caption' id='gallery-1-79139'>\n\t\t\t\tGu\u00e1caras Food &#038; Drinks Park \/ ODB Arquitectos (planta arquitect\u00f3nica)\n\t\t\t\t<\/figcaption><\/figure><figure class='gallery-item'>\n\t\t\t<div class='gallery-icon landscape'>\n\t\t\t\t<a href='https:\/\/www.arquimaster.com.ar\/web\/wp-content\/uploads\/2024\/08\/guacaras_food_drinks_park_54.jpg' title=\"Gu\u00e1caras Food &amp; Drinks Park \/ ODB Arquitectos (planta de techos)\" data-rl_title=\"Gu\u00e1caras Food &amp; Drinks Park \/ ODB Arquitectos (planta de techos)\" class=\"rl-gallery-link\" data-rl_caption=\"Gu\u00e1caras Food &amp; Drinks Park \/ ODB Arquitectos (planta de techos)\" data-rel=\"lightbox-gallery-1\"><img loading=\"lazy\" decoding=\"async\" width=\"150\" height=\"150\" src=\"https:\/\/www.arquimaster.com.ar\/web\/wp-content\/uploads\/2024\/08\/guacaras_food_drinks_park_54-150x150.jpg\" class=\"attachment-thumbnail size-thumbnail\" alt=\"Gu\u00e1caras Food &amp; Drinks Park \/ ODB Arquitectos\" aria-describedby=\"gallery-1-79140\" \/><\/a>\n\t\t\t<\/div>\n\t\t\t\t<figcaption class='wp-caption-text gallery-caption' id='gallery-1-79140'>\n\t\t\t\tGu\u00e1caras Food &#038; Drinks Park \/ ODB Arquitectos (planta de techos)\n\t\t\t\t<\/figcaption><\/figure><figure class='gallery-item'>\n\t\t\t<div class='gallery-icon landscape'>\n\t\t\t\t<a href='https:\/\/www.arquimaster.com.ar\/web\/wp-content\/uploads\/2024\/08\/guacaras_food_drinks_park_56.jpg' title=\"Gu\u00e1caras Food &amp; Drinks Park \/ ODB Arquitectos (vista)\" data-rl_title=\"Gu\u00e1caras Food &amp; Drinks Park \/ ODB Arquitectos (vista)\" class=\"rl-gallery-link\" data-rl_caption=\"Gu\u00e1caras Food &amp; Drinks Park \/ ODB Arquitectos (vista)\" data-rel=\"lightbox-gallery-1\"><img loading=\"lazy\" decoding=\"async\" width=\"150\" height=\"150\" src=\"https:\/\/www.arquimaster.com.ar\/web\/wp-content\/uploads\/2024\/08\/guacaras_food_drinks_park_56-150x150.jpg\" class=\"attachment-thumbnail size-thumbnail\" alt=\"Gu\u00e1caras Food &amp; Drinks Park \/ ODB Arquitectos\" aria-describedby=\"gallery-1-79142\" \/><\/a>\n\t\t\t<\/div>\n\t\t\t\t<figcaption class='wp-caption-text gallery-caption' id='gallery-1-79142'>\n\t\t\t\tGu\u00e1caras Food &#038; Drinks Park \/ ODB Arquitectos (vista)\n\t\t\t\t<\/figcaption><\/figure><figure class='gallery-item'>\n\t\t\t<div class='gallery-icon landscape'>\n\t\t\t\t<a href='https:\/\/www.arquimaster.com.ar\/web\/wp-content\/uploads\/2024\/08\/guacaras_food_drinks_park_55.jpg' title=\"Gu\u00e1caras Food &amp; Drinks Park \/ ODB Arquitectos (axonometria)\" data-rl_title=\"Gu\u00e1caras Food &amp; Drinks Park \/ ODB Arquitectos (axonometria)\" class=\"rl-gallery-link\" data-rl_caption=\"Gu\u00e1caras Food &amp; Drinks Park \/ ODB Arquitectos (axonometria)\" data-rel=\"lightbox-gallery-1\"><img loading=\"lazy\" decoding=\"async\" width=\"150\" height=\"150\" src=\"https:\/\/www.arquimaster.com.ar\/web\/wp-content\/uploads\/2024\/08\/guacaras_food_drinks_park_55-150x150.jpg\" class=\"attachment-thumbnail size-thumbnail\" alt=\"Gu\u00e1caras Food &amp; Drinks Park \/ ODB Arquitectos\" aria-describedby=\"gallery-1-79141\" \/><\/a>\n\t\t\t<\/div>\n\t\t\t\t<figcaption class='wp-caption-text gallery-caption' id='gallery-1-79141'>\n\t\t\t\tGu\u00e1caras Food &#038; Drinks Park \/ ODB Arquitectos (axonometria)\n\t\t\t\t<\/figcaption><\/figure><figure class='gallery-item'>\n\t\t\t<div class='gallery-icon landscape'>\n\t\t\t\t<a href='https:\/\/www.arquimaster.com.ar\/web\/wp-content\/uploads\/2024\/08\/guacaras_food_drinks_park_57.jpg' title=\"Gu\u00e1caras Food &amp; Drinks Park \/ ODB Arquitectos (corte)\" data-rl_title=\"Gu\u00e1caras Food &amp; Drinks Park \/ ODB Arquitectos (corte)\" class=\"rl-gallery-link\" data-rl_caption=\"Gu\u00e1caras Food &amp; Drinks Park \/ ODB Arquitectos (corte)\" data-rel=\"lightbox-gallery-1\"><img loading=\"lazy\" decoding=\"async\" width=\"150\" height=\"150\" src=\"https:\/\/www.arquimaster.com.ar\/web\/wp-content\/uploads\/2024\/08\/guacaras_food_drinks_park_57-150x150.jpg\" class=\"attachment-thumbnail size-thumbnail\" alt=\"Gu\u00e1caras Food &amp; Drinks Park \/ ODB Arquitectos\" aria-describedby=\"gallery-1-79143\" \/><\/a>\n\t\t\t<\/div>\n\t\t\t\t<figcaption class='wp-caption-text gallery-caption' id='gallery-1-79143'>\n\t\t\t\tGu\u00e1caras Food &#038; Drinks Park \/ ODB Arquitectos (corte)\n\t\t\t\t<\/figcaption><\/figure><figure class='gallery-item'>\n\t\t\t<div class='gallery-icon landscape'>\n\t\t\t\t<a href='https:\/\/www.arquimaster.com.ar\/web\/wp-content\/uploads\/2024\/08\/guacaras_food_drinks_park_58.jpg' title=\"Gu\u00e1caras Food &amp; Drinks Park \/ ODB Arquitectos (corte)\" data-rl_title=\"Gu\u00e1caras Food &amp; Drinks Park \/ ODB Arquitectos (corte)\" class=\"rl-gallery-link\" data-rl_caption=\"Gu\u00e1caras Food &amp; Drinks Park \/ ODB Arquitectos (corte)\" data-rel=\"lightbox-gallery-1\"><img loading=\"lazy\" decoding=\"async\" width=\"150\" height=\"150\" src=\"https:\/\/www.arquimaster.com.ar\/web\/wp-content\/uploads\/2024\/08\/guacaras_food_drinks_park_58-150x150.jpg\" class=\"attachment-thumbnail size-thumbnail\" alt=\"Gu\u00e1caras Food &amp; Drinks Park \/ ODB Arquitectos\" aria-describedby=\"gallery-1-79144\" \/><\/a>\n\t\t\t<\/div>\n\t\t\t\t<figcaption class='wp-caption-text gallery-caption' id='gallery-1-79144'>\n\t\t\t\tGu\u00e1caras Food &#038; Drinks Park \/ ODB Arquitectos (corte)\n\t\t\t\t<\/figcaption><\/figure><figure class='gallery-item'>\n\t\t\t<div class='gallery-icon landscape'>\n\t\t\t\t<a href='https:\/\/www.arquimaster.com.ar\/web\/wp-content\/uploads\/2024\/08\/guacaras_food_drinks_park_59.jpg' title=\"Gu\u00e1caras Food &amp; Drinks Park \/ ODB Arquitectos (detalle constructivo)\" data-rl_title=\"Gu\u00e1caras Food &amp; Drinks Park \/ ODB Arquitectos (detalle constructivo)\" class=\"rl-gallery-link\" data-rl_caption=\"Gu\u00e1caras Food &amp; Drinks Park \/ ODB Arquitectos (detalle constructivo)\" data-rel=\"lightbox-gallery-1\"><img loading=\"lazy\" decoding=\"async\" width=\"150\" height=\"150\" src=\"https:\/\/www.arquimaster.com.ar\/web\/wp-content\/uploads\/2024\/08\/guacaras_food_drinks_park_59-150x150.jpg\" class=\"attachment-thumbnail size-thumbnail\" alt=\"Gu\u00e1caras Food &amp; Drinks Park \/ ODB Arquitectos\" aria-describedby=\"gallery-1-79145\" \/><\/a>\n\t\t\t<\/div>\n\t\t\t\t<figcaption class='wp-caption-text gallery-caption' id='gallery-1-79145'>\n\t\t\t\tGu\u00e1caras Food &#038; Drinks Park \/ ODB Arquitectos (detalle constructivo)\n\t\t\t\t<\/figcaption><\/figure>\n\t\t<\/div>\n\n<p>En este contexto, el encargo privado buscaba \u00aburbanizar lo privado\u00bb, aprovechando el potencial de ciertos emprendimientos arquitect\u00f3nicos para contribuir al espacio urbano y p\u00fablico. Inspirado en la visi\u00f3n del arquitecto Manuel de Sol\u00e0-Morales, el proyecto se enfoc\u00f3 en crear espacios de encuentro, ocio y recreaci\u00f3n en \u00e1reas privadas, con la meta de integrarlos al tejido urbano y hacerlos parte activa de la vida p\u00fablica. La estrategia arquitect\u00f3nica desdibuja las fronteras entre lo p\u00fablico y lo privado, promoviendo la conectividad f\u00edsica y sensorial para facilitar el flujo peatonal y la integraci\u00f3n con la ciudad.<\/p>\n<p>El terreno del proyecto, ubicado en la entrada al casco urbano de Santa Ana, en la intersecci\u00f3n de la RPN\u00ba 43 y la Avenida del Timb\u00f3, es un lote triangular sin vegetaci\u00f3n, en un barrio mayormente residencial. El encargo consist\u00eda en desarrollar un parque de Food Trucks, con diferentes propuestas gastron\u00f3micas, adem\u00e1s de los servicios y comodidades necesarias para los visitantes.<\/p>\n<p>El proyecto tambi\u00e9n deb\u00eda resolver ciertas condicionantes preexistentes, como los pasajes f\u00edsicos y visuales que cruzaban el terreno. El solar serv\u00eda como paso peatonal para los vecinos y como una \u00abgran ochava\u00bb para el tr\u00e1nsito vehicular en un cruce anguloso y peligroso.<\/p>\n<p>El proyecto se configura como una plaza abierta que alberga puestos gastron\u00f3micos y servicios comerciales, facilitando el paso peatonal y la continuidad visual vehicular, al tiempo que promueve la estancia y el encuentro. Una gran p\u00e9rgola tensada de madera, sostenida por rieles recuperados del hist\u00f3rico ferrocarril, define el espacio de encuentro y proporciona sombra, protegiendo de la intensa radiaci\u00f3n solar en un terreno sin sombra natural.<\/p>\n\n\n<div style=\"height:20px\" aria-hidden=\"true\" class=\"wp-block-spacer\"><\/div>\n\n\n\n<p class=\"has-background\" style=\"background-color:#eaeaea\"><strong>Ficha t\u00e9cnica<\/strong><br>Nombre: Gu\u00e1caras Food &amp; Drinks Park<br>Ubicaci\u00f3n: Santa Ana de los Gu\u00e1caras, Corrientes, Argentina<br>Arquitectos: ODB Arquitectos<br>Ingenier\u00eda: Ing. Jos\u00e9 Luis Mancuso<br>Paisajismo: ODB Arquitectos<br>Iluminaci\u00f3n: La Lucer\u00eda<br>Colaboradores: Arq. Alvaro Di Bernardo, Arq. Mauricio Ortiz, Arq. Sof\u00eda Ronchi, Arq. Mar\u00eda Emilia Cadenas<br>Superficie: 80 m2 (cubierta), 370 m2 (semicubierta)<br>A\u00f1o: 2022<br>Fotograf\u00edas: Ramiro Sosa<br><br><strong>Contacto<\/strong><br>https:\/\/www.odbarquitectos.com<br>Instagram: @odbarquitectos<\/p>\n\n\n\n<div style=\"height:40px\" aria-hidden=\"true\" class=\"wp-block-spacer\"><\/div>\n\n\n<p><strong><em>English version<\/em><\/strong><\/p>\n<p><em>The project is located in Santa Ana de los Gu\u00e1caras, a small town near the city of Corrientes, capital of the province of the same name. Traditionally, the main productive activity in the area has been small-scale and family farming. However, in the last three decades, there have been changes in land use, especially along RPN\u00ba 43 that connects Santa Ana with the capital. This has generated a process of subdivision of rural plots, where low-density gated residential neighborhoods have emerged. These urban-rural transformations have caused increasing spatial fragmentation, interrupting rural roads that previously allowed free access to bodies of water and areas of scenic value. As a consequence, privatized space has increased to the detriment of public areas.<\/em><\/p>\n<p><em>In this context, the private commission sought to \u00aburbanize the private,\u00bb taking advantage of the potential of certain architectural ventures to contribute to urban and public space. Inspired by the vision of architect Manuel de Sol\u00e0-Morales, the project focused on creating spaces for meeting, leisure and recreation in private areas, with the goal of integrating them into the urban fabric and making them an active part of public life. The architectural strategy blurs the boundaries between the public and the private, promoting physical and sensorial connectivity to facilitate pedestrian flow and integration with the city.<\/em><\/p>\n<p><em>The project&#8217;s land, located at the entrance to the urban center of Santa Ana, at the intersection of RPN\u00b043 and Avenida del Timb\u00f3, is a triangular lot without vegetation, in a mostly residential neighborhood. The assignment was to develop a Food Truck park, with different gastronomic proposals, in addition to the services and amenities necessary for visitors.<\/em><\/p>\n<p><em>The project also had to resolve certain pre-existing conditions, such as the physical and visual passages that crossed the land. The lot served as a pedestrian crossing for neighbors and as a \u00ablarge chamfer\u00bb for vehicular traffic at an angled and dangerous intersection.<\/em><\/p>\n<p><em>The project is configured as an open plaza that houses food stalls and commercial services, facilitating pedestrian passage and visual continuity for vehicles, while promoting stay and meeting. A large wooden tensioned pergola, supported by rails recovered from the historic railway, defines the meeting space and provides shade, protecting from intense solar radiation in a terrain without natural shade.<\/em><\/p>\n<div style=\"font-size: 0px; height: 0px; line-height: 0px; margin: 0; padding: 0; clear: both;\"><\/div><div style=\"margin-top: 0px; margin-bottom: 0px;\" class=\"sharethis-inline-share-buttons\" ><\/div>","protected":false},"excerpt":{"rendered":"<p>Espacios de encuentro y ocio integrados al tejido urbano y parte activa de la vida p\u00fablica&#8230;<\/p>\n","protected":false},"author":1,"featured_media":79086,"comment_status":"closed","ping_status":"closed","sticky":false,"template":"","format":"standard","meta":{"_uag_custom_page_level_css":"","footnotes":""},"categories":[75,1],"tags":[14,1233,5794,1405,7860,1460,6526,1513,7861,7859,7862],"class_list":["post-79085","post","type-post","status-publish","format-standard","has-post-thumbnail","hentry","category-arquitectura-comercial","category-proyecto","tag-argentina","tag-arquitectura-comercial-2","tag-arquitectura-gastronomica","tag-corrientes","tag-food-and-drinks-park","tag-gastronomia","tag-local-de-comidas","tag-local-comercial","tag-odb-arquitectos","tag-patio-de-comidas","tag-santa-ana-de-los-guacaras","generate-columns","tablet-grid-50","mobile-grid-100","grid-parent","grid-50"],"yoast_head":"<!-- This site is optimized with the Yoast SEO plugin v27.3 - https:\/\/yoast.com\/product\/yoast-seo-wordpress\/ -->\n<title>Gu\u00e1caras Food &amp; Drinks Park \/ ODB Arquitectos - Arquimaster<\/title>\n<meta name=\"description\" content=\"El proyecto se enfoc\u00f3 en crear espacios de encuentro, ocio y recreaci\u00f3n en \u00e1reas privadas, con la meta de integrarlos al tejido urbano y hacerlos parte activa de la vida p\u00fablica.\" \/>\n<meta name=\"robots\" content=\"index, follow, max-snippet:-1, max-image-preview:large, max-video-preview:-1\" \/>\n<link rel=\"canonical\" href=\"https:\/\/www.arquimaster.com.ar\/web\/guacaras-food-drinks-park-odb-arquitectos\/\" \/>\n<meta property=\"og:locale\" content=\"es_ES\" \/>\n<meta property=\"og:type\" content=\"article\" \/>\n<meta property=\"og:title\" content=\"Gu\u00e1caras Food &amp; Drinks Park \/ ODB Arquitectos\" \/>\n<meta property=\"og:description\" content=\"El proyecto se enfoc\u00f3 en crear espacios de encuentro, ocio y recreaci\u00f3n en \u00e1reas privadas, con la meta de integrarlos al tejido urbano y hacerlos parte activa de la vida p\u00fablica.\" \/>\n<meta property=\"og:url\" content=\"https:\/\/www.arquimaster.com.ar\/web\/guacaras-food-drinks-park-odb-arquitectos\/\" \/>\n<meta property=\"og:site_name\" content=\"Arquimaster\" \/>\n<meta property=\"article:publisher\" content=\"http:\/\/www.facebook.com\/ARQUIMASTER.com.ar\" \/>\n<meta property=\"article:published_time\" content=\"2024-08-28T05:02:46+00:00\" \/>\n<meta property=\"article:modified_time\" content=\"2024-09-06T20:28:27+00:00\" \/>\n<meta property=\"og:image\" content=\"https:\/\/www.arquimaster.com.ar\/web\/wp-content\/uploads\/2024\/08\/guacaras_food_drinks_park_slide.jpg\" \/>\n\t<meta property=\"og:image:width\" content=\"698\" \/>\n\t<meta property=\"og:image:height\" content=\"364\" \/>\n\t<meta property=\"og:image:type\" content=\"image\/jpeg\" \/>\n<meta name=\"author\" content=\"Arquimaster\" \/>\n<meta name=\"twitter:card\" content=\"summary_large_image\" \/>\n<meta name=\"twitter:title\" content=\"Gu\u00e1caras Food &amp; Drinks Park \/ ODB Arquitectos\" \/>\n<meta name=\"twitter:description\" content=\"El proyecto se enfoc\u00f3 en crear espacios de encuentro, ocio y recreaci\u00f3n en \u00e1reas privadas, con la meta de integrarlos al tejido urbano y hacerlos parte activa de la vida p\u00fablica.\" \/>\n<meta name=\"twitter:image\" content=\"https:\/\/www.arquimaster.com.ar\/web\/wp-content\/uploads\/2024\/08\/guacaras_food_drinks_park_slide.jpg\" \/>\n<meta name=\"twitter:creator\" content=\"@arquimaster\" \/>\n<meta name=\"twitter:site\" content=\"@arquimaster\" \/>\n<meta name=\"twitter:label1\" content=\"Escrito por\" \/>\n\t<meta name=\"twitter:data1\" content=\"Arquimaster\" \/>\n\t<meta name=\"twitter:label2\" content=\"Tiempo de lectura\" \/>\n\t<meta name=\"twitter:data2\" content=\"5 minutos\" \/>\n<script type=\"application\/ld+json\" class=\"yoast-schema-graph\">{\"@context\":\"https:\\\/\\\/schema.org\",\"@graph\":[{\"@type\":\"Article\",\"@id\":\"https:\\\/\\\/www.arquimaster.com.ar\\\/web\\\/guacaras-food-drinks-park-odb-arquitectos\\\/#article\",\"isPartOf\":{\"@id\":\"https:\\\/\\\/www.arquimaster.com.ar\\\/web\\\/guacaras-food-drinks-park-odb-arquitectos\\\/\"},\"author\":{\"name\":\"Arquimaster\",\"@id\":\"https:\\\/\\\/www.arquimaster.com.ar\\\/web\\\/#\\\/schema\\\/person\\\/359e9f7c00193fcde068e0dd2ceb0028\"},\"headline\":\"Gu\u00e1caras Food &amp; Drinks Park \\\/ ODB Arquitectos\",\"datePublished\":\"2024-08-28T05:02:46+00:00\",\"dateModified\":\"2024-09-06T20:28:27+00:00\",\"mainEntityOfPage\":{\"@id\":\"https:\\\/\\\/www.arquimaster.com.ar\\\/web\\\/guacaras-food-drinks-park-odb-arquitectos\\\/\"},\"wordCount\":892,\"publisher\":{\"@id\":\"https:\\\/\\\/www.arquimaster.com.ar\\\/web\\\/#organization\"},\"image\":{\"@id\":\"https:\\\/\\\/www.arquimaster.com.ar\\\/web\\\/guacaras-food-drinks-park-odb-arquitectos\\\/#primaryimage\"},\"thumbnailUrl\":\"https:\\\/\\\/www.arquimaster.com.ar\\\/web\\\/wp-content\\\/uploads\\\/2024\\\/08\\\/guacaras_food_drinks_park_slide.jpg\",\"keywords\":[\"Argentina\",\"arquitectura comercial\",\"arquitectura gastronomica\",\"Corrientes\",\"food and drinks park\",\"gastronomia\",\"local de comidas\",\"locales comerciales\",\"ODB Arquitectos\",\"patio de comidas\",\"Santa Ana de los Gu\u00e1caras\"],\"articleSection\":[\"Arquitectura comercial\",\"Proyecto\"],\"inLanguage\":\"es\"},{\"@type\":\"WebPage\",\"@id\":\"https:\\\/\\\/www.arquimaster.com.ar\\\/web\\\/guacaras-food-drinks-park-odb-arquitectos\\\/\",\"url\":\"https:\\\/\\\/www.arquimaster.com.ar\\\/web\\\/guacaras-food-drinks-park-odb-arquitectos\\\/\",\"name\":\"Gu\u00e1caras Food &amp; Drinks Park \\\/ ODB Arquitectos - Arquimaster\",\"isPartOf\":{\"@id\":\"https:\\\/\\\/www.arquimaster.com.ar\\\/web\\\/#website\"},\"primaryImageOfPage\":{\"@id\":\"https:\\\/\\\/www.arquimaster.com.ar\\\/web\\\/guacaras-food-drinks-park-odb-arquitectos\\\/#primaryimage\"},\"image\":{\"@id\":\"https:\\\/\\\/www.arquimaster.com.ar\\\/web\\\/guacaras-food-drinks-park-odb-arquitectos\\\/#primaryimage\"},\"thumbnailUrl\":\"https:\\\/\\\/www.arquimaster.com.ar\\\/web\\\/wp-content\\\/uploads\\\/2024\\\/08\\\/guacaras_food_drinks_park_slide.jpg\",\"datePublished\":\"2024-08-28T05:02:46+00:00\",\"dateModified\":\"2024-09-06T20:28:27+00:00\",\"description\":\"El proyecto se enfoc\u00f3 en crear espacios de encuentro, ocio y recreaci\u00f3n en \u00e1reas privadas, con la meta de integrarlos al tejido urbano y hacerlos parte activa de la vida p\u00fablica.\",\"breadcrumb\":{\"@id\":\"https:\\\/\\\/www.arquimaster.com.ar\\\/web\\\/guacaras-food-drinks-park-odb-arquitectos\\\/#breadcrumb\"},\"inLanguage\":\"es\",\"potentialAction\":[{\"@type\":\"ReadAction\",\"target\":[\"https:\\\/\\\/www.arquimaster.com.ar\\\/web\\\/guacaras-food-drinks-park-odb-arquitectos\\\/\"]}]},{\"@type\":\"ImageObject\",\"inLanguage\":\"es\",\"@id\":\"https:\\\/\\\/www.arquimaster.com.ar\\\/web\\\/guacaras-food-drinks-park-odb-arquitectos\\\/#primaryimage\",\"url\":\"https:\\\/\\\/www.arquimaster.com.ar\\\/web\\\/wp-content\\\/uploads\\\/2024\\\/08\\\/guacaras_food_drinks_park_slide.jpg\",\"contentUrl\":\"https:\\\/\\\/www.arquimaster.com.ar\\\/web\\\/wp-content\\\/uploads\\\/2024\\\/08\\\/guacaras_food_drinks_park_slide.jpg\",\"width\":698,\"height\":364,\"caption\":\"Gu\u00e1caras Food & Drinks Park \\\/ ODB Arquitectos\"},{\"@type\":\"BreadcrumbList\",\"@id\":\"https:\\\/\\\/www.arquimaster.com.ar\\\/web\\\/guacaras-food-drinks-park-odb-arquitectos\\\/#breadcrumb\",\"itemListElement\":[{\"@type\":\"ListItem\",\"position\":1,\"name\":\"Portada\",\"item\":\"https:\\\/\\\/www.arquimaster.com.ar\\\/web\\\/\"},{\"@type\":\"ListItem\",\"position\":2,\"name\":\"Gu\u00e1caras Food &amp; Drinks Park \\\/ ODB Arquitectos\"}]},{\"@type\":\"WebSite\",\"@id\":\"https:\\\/\\\/www.arquimaster.com.ar\\\/web\\\/#website\",\"url\":\"https:\\\/\\\/www.arquimaster.com.ar\\\/web\\\/\",\"name\":\"Arquimaster\",\"description\":\"Web de arquitectura, dise\u00f1o y construccion\",\"publisher\":{\"@id\":\"https:\\\/\\\/www.arquimaster.com.ar\\\/web\\\/#organization\"},\"potentialAction\":[{\"@type\":\"SearchAction\",\"target\":{\"@type\":\"EntryPoint\",\"urlTemplate\":\"https:\\\/\\\/www.arquimaster.com.ar\\\/web\\\/?s={search_term_string}\"},\"query-input\":{\"@type\":\"PropertyValueSpecification\",\"valueRequired\":true,\"valueName\":\"search_term_string\"}}],\"inLanguage\":\"es\"},{\"@type\":\"Organization\",\"@id\":\"https:\\\/\\\/www.arquimaster.com.ar\\\/web\\\/#organization\",\"name\":\"Arquimaster\",\"url\":\"https:\\\/\\\/www.arquimaster.com.ar\\\/web\\\/\",\"logo\":{\"@type\":\"ImageObject\",\"inLanguage\":\"es\",\"@id\":\"https:\\\/\\\/www.arquimaster.com.ar\\\/web\\\/#\\\/schema\\\/logo\\\/image\\\/\",\"url\":\"https:\\\/\\\/www.arquimaster.com.ar\\\/web\\\/wp-content\\\/uploads\\\/2022\\\/06\\\/arquimaster.png\",\"contentUrl\":\"https:\\\/\\\/www.arquimaster.com.ar\\\/web\\\/wp-content\\\/uploads\\\/2022\\\/06\\\/arquimaster.png\",\"width\":594,\"height\":78,\"caption\":\"Arquimaster\"},\"image\":{\"@id\":\"https:\\\/\\\/www.arquimaster.com.ar\\\/web\\\/#\\\/schema\\\/logo\\\/image\\\/\"},\"sameAs\":[\"http:\\\/\\\/www.facebook.com\\\/ARQUIMASTER.com.ar\",\"https:\\\/\\\/x.com\\\/arquimaster\",\"https:\\\/\\\/www.instagram.com\\\/arquimasterblog\\\/\",\"https:\\\/\\\/www.linkedin.com\\\/company\\\/arquimaster\",\"https:\\\/\\\/www.pinterest.com\\\/arquimaster\",\"https:\\\/\\\/t.me\\\/arquimaster\"]},{\"@type\":\"Person\",\"@id\":\"https:\\\/\\\/www.arquimaster.com.ar\\\/web\\\/#\\\/schema\\\/person\\\/359e9f7c00193fcde068e0dd2ceb0028\",\"name\":\"Arquimaster\"}]}<\/script>\n<!-- \/ Yoast SEO plugin. -->","yoast_head_json":{"title":"Gu\u00e1caras Food &amp; Drinks Park \/ ODB Arquitectos - Arquimaster","description":"El proyecto se enfoc\u00f3 en crear espacios de encuentro, ocio y recreaci\u00f3n en \u00e1reas privadas, con la meta de integrarlos al tejido urbano y hacerlos parte activa de la vida p\u00fablica.","robots":{"index":"index","follow":"follow","max-snippet":"max-snippet:-1","max-image-preview":"max-image-preview:large","max-video-preview":"max-video-preview:-1"},"canonical":"https:\/\/www.arquimaster.com.ar\/web\/guacaras-food-drinks-park-odb-arquitectos\/","og_locale":"es_ES","og_type":"article","og_title":"Gu\u00e1caras Food & Drinks Park \/ ODB Arquitectos","og_description":"El proyecto se enfoc\u00f3 en crear espacios de encuentro, ocio y recreaci\u00f3n en \u00e1reas privadas, con la meta de integrarlos al tejido urbano y hacerlos parte activa de la vida p\u00fablica.","og_url":"https:\/\/www.arquimaster.com.ar\/web\/guacaras-food-drinks-park-odb-arquitectos\/","og_site_name":"Arquimaster","article_publisher":"http:\/\/www.facebook.com\/ARQUIMASTER.com.ar","article_published_time":"2024-08-28T05:02:46+00:00","article_modified_time":"2024-09-06T20:28:27+00:00","og_image":[{"width":698,"height":364,"url":"https:\/\/www.arquimaster.com.ar\/web\/wp-content\/uploads\/2024\/08\/guacaras_food_drinks_park_slide.jpg","type":"image\/jpeg"}],"author":"Arquimaster","twitter_card":"summary_large_image","twitter_title":"Gu\u00e1caras Food & Drinks Park \/ ODB Arquitectos","twitter_description":"El proyecto se enfoc\u00f3 en crear espacios de encuentro, ocio y recreaci\u00f3n en \u00e1reas privadas, con la meta de integrarlos al tejido urbano y hacerlos parte activa de la vida p\u00fablica.","twitter_image":"https:\/\/www.arquimaster.com.ar\/web\/wp-content\/uploads\/2024\/08\/guacaras_food_drinks_park_slide.jpg","twitter_creator":"@arquimaster","twitter_site":"@arquimaster","twitter_misc":{"Escrito por":"Arquimaster","Tiempo de lectura":"5 minutos"},"schema":{"@context":"https:\/\/schema.org","@graph":[{"@type":"Article","@id":"https:\/\/www.arquimaster.com.ar\/web\/guacaras-food-drinks-park-odb-arquitectos\/#article","isPartOf":{"@id":"https:\/\/www.arquimaster.com.ar\/web\/guacaras-food-drinks-park-odb-arquitectos\/"},"author":{"name":"Arquimaster","@id":"https:\/\/www.arquimaster.com.ar\/web\/#\/schema\/person\/359e9f7c00193fcde068e0dd2ceb0028"},"headline":"Gu\u00e1caras Food &amp; Drinks Park \/ ODB Arquitectos","datePublished":"2024-08-28T05:02:46+00:00","dateModified":"2024-09-06T20:28:27+00:00","mainEntityOfPage":{"@id":"https:\/\/www.arquimaster.com.ar\/web\/guacaras-food-drinks-park-odb-arquitectos\/"},"wordCount":892,"publisher":{"@id":"https:\/\/www.arquimaster.com.ar\/web\/#organization"},"image":{"@id":"https:\/\/www.arquimaster.com.ar\/web\/guacaras-food-drinks-park-odb-arquitectos\/#primaryimage"},"thumbnailUrl":"https:\/\/www.arquimaster.com.ar\/web\/wp-content\/uploads\/2024\/08\/guacaras_food_drinks_park_slide.jpg","keywords":["Argentina","arquitectura comercial","arquitectura gastronomica","Corrientes","food and drinks park","gastronomia","local de comidas","locales comerciales","ODB Arquitectos","patio de comidas","Santa Ana de los Gu\u00e1caras"],"articleSection":["Arquitectura comercial","Proyecto"],"inLanguage":"es"},{"@type":"WebPage","@id":"https:\/\/www.arquimaster.com.ar\/web\/guacaras-food-drinks-park-odb-arquitectos\/","url":"https:\/\/www.arquimaster.com.ar\/web\/guacaras-food-drinks-park-odb-arquitectos\/","name":"Gu\u00e1caras Food &amp; Drinks Park \/ ODB Arquitectos - Arquimaster","isPartOf":{"@id":"https:\/\/www.arquimaster.com.ar\/web\/#website"},"primaryImageOfPage":{"@id":"https:\/\/www.arquimaster.com.ar\/web\/guacaras-food-drinks-park-odb-arquitectos\/#primaryimage"},"image":{"@id":"https:\/\/www.arquimaster.com.ar\/web\/guacaras-food-drinks-park-odb-arquitectos\/#primaryimage"},"thumbnailUrl":"https:\/\/www.arquimaster.com.ar\/web\/wp-content\/uploads\/2024\/08\/guacaras_food_drinks_park_slide.jpg","datePublished":"2024-08-28T05:02:46+00:00","dateModified":"2024-09-06T20:28:27+00:00","description":"El proyecto se enfoc\u00f3 en crear espacios de encuentro, ocio y recreaci\u00f3n en \u00e1reas privadas, con la meta de integrarlos al tejido urbano y hacerlos parte activa de la vida p\u00fablica.","breadcrumb":{"@id":"https:\/\/www.arquimaster.com.ar\/web\/guacaras-food-drinks-park-odb-arquitectos\/#breadcrumb"},"inLanguage":"es","potentialAction":[{"@type":"ReadAction","target":["https:\/\/www.arquimaster.com.ar\/web\/guacaras-food-drinks-park-odb-arquitectos\/"]}]},{"@type":"ImageObject","inLanguage":"es","@id":"https:\/\/www.arquimaster.com.ar\/web\/guacaras-food-drinks-park-odb-arquitectos\/#primaryimage","url":"https:\/\/www.arquimaster.com.ar\/web\/wp-content\/uploads\/2024\/08\/guacaras_food_drinks_park_slide.jpg","contentUrl":"https:\/\/www.arquimaster.com.ar\/web\/wp-content\/uploads\/2024\/08\/guacaras_food_drinks_park_slide.jpg","width":698,"height":364,"caption":"Gu\u00e1caras Food & Drinks Park \/ ODB Arquitectos"},{"@type":"BreadcrumbList","@id":"https:\/\/www.arquimaster.com.ar\/web\/guacaras-food-drinks-park-odb-arquitectos\/#breadcrumb","itemListElement":[{"@type":"ListItem","position":1,"name":"Portada","item":"https:\/\/www.arquimaster.com.ar\/web\/"},{"@type":"ListItem","position":2,"name":"Gu\u00e1caras Food &amp; Drinks Park \/ ODB Arquitectos"}]},{"@type":"WebSite","@id":"https:\/\/www.arquimaster.com.ar\/web\/#website","url":"https:\/\/www.arquimaster.com.ar\/web\/","name":"Arquimaster","description":"Web de arquitectura, dise\u00f1o y construccion","publisher":{"@id":"https:\/\/www.arquimaster.com.ar\/web\/#organization"},"potentialAction":[{"@type":"SearchAction","target":{"@type":"EntryPoint","urlTemplate":"https:\/\/www.arquimaster.com.ar\/web\/?s={search_term_string}"},"query-input":{"@type":"PropertyValueSpecification","valueRequired":true,"valueName":"search_term_string"}}],"inLanguage":"es"},{"@type":"Organization","@id":"https:\/\/www.arquimaster.com.ar\/web\/#organization","name":"Arquimaster","url":"https:\/\/www.arquimaster.com.ar\/web\/","logo":{"@type":"ImageObject","inLanguage":"es","@id":"https:\/\/www.arquimaster.com.ar\/web\/#\/schema\/logo\/image\/","url":"https:\/\/www.arquimaster.com.ar\/web\/wp-content\/uploads\/2022\/06\/arquimaster.png","contentUrl":"https:\/\/www.arquimaster.com.ar\/web\/wp-content\/uploads\/2022\/06\/arquimaster.png","width":594,"height":78,"caption":"Arquimaster"},"image":{"@id":"https:\/\/www.arquimaster.com.ar\/web\/#\/schema\/logo\/image\/"},"sameAs":["http:\/\/www.facebook.com\/ARQUIMASTER.com.ar","https:\/\/x.com\/arquimaster","https:\/\/www.instagram.com\/arquimasterblog\/","https:\/\/www.linkedin.com\/company\/arquimaster","https:\/\/www.pinterest.com\/arquimaster","https:\/\/t.me\/arquimaster"]},{"@type":"Person","@id":"https:\/\/www.arquimaster.com.ar\/web\/#\/schema\/person\/359e9f7c00193fcde068e0dd2ceb0028","name":"Arquimaster"}]}},"uagb_featured_image_src":{"full":["https:\/\/www.arquimaster.com.ar\/web\/wp-content\/uploads\/2024\/08\/guacaras_food_drinks_park_slide.jpg",698,364,false],"thumbnail":["https:\/\/www.arquimaster.com.ar\/web\/wp-content\/uploads\/2024\/08\/guacaras_food_drinks_park_slide-150x150.jpg",150,150,true],"medium":["https:\/\/www.arquimaster.com.ar\/web\/wp-content\/uploads\/2024\/08\/guacaras_food_drinks_park_slide.jpg",698,364,false],"medium_large":["https:\/\/www.arquimaster.com.ar\/web\/wp-content\/uploads\/2024\/08\/guacaras_food_drinks_park_slide.jpg",698,364,false],"large":["https:\/\/www.arquimaster.com.ar\/web\/wp-content\/uploads\/2024\/08\/guacaras_food_drinks_park_slide.jpg",698,364,false],"1536x1536":["https:\/\/www.arquimaster.com.ar\/web\/wp-content\/uploads\/2024\/08\/guacaras_food_drinks_park_slide.jpg",698,364,false],"2048x2048":["https:\/\/www.arquimaster.com.ar\/web\/wp-content\/uploads\/2024\/08\/guacaras_food_drinks_park_slide.jpg",698,364,false]},"uagb_author_info":{"display_name":"Arquimaster","author_link":"https:\/\/www.arquimaster.com.ar\/web\/author\/arquimaster\/"},"uagb_comment_info":0,"uagb_excerpt":"Espacios de encuentro y ocio integrados al tejido urbano y parte activa de la vida p\u00fablica...","_links":{"self":[{"href":"https:\/\/www.arquimaster.com.ar\/web\/wp-json\/wp\/v2\/posts\/79085","targetHints":{"allow":["GET"]}}],"collection":[{"href":"https:\/\/www.arquimaster.com.ar\/web\/wp-json\/wp\/v2\/posts"}],"about":[{"href":"https:\/\/www.arquimaster.com.ar\/web\/wp-json\/wp\/v2\/types\/post"}],"author":[{"embeddable":true,"href":"https:\/\/www.arquimaster.com.ar\/web\/wp-json\/wp\/v2\/users\/1"}],"replies":[{"embeddable":true,"href":"https:\/\/www.arquimaster.com.ar\/web\/wp-json\/wp\/v2\/comments?post=79085"}],"version-history":[{"count":7,"href":"https:\/\/www.arquimaster.com.ar\/web\/wp-json\/wp\/v2\/posts\/79085\/revisions"}],"predecessor-version":[{"id":79154,"href":"https:\/\/www.arquimaster.com.ar\/web\/wp-json\/wp\/v2\/posts\/79085\/revisions\/79154"}],"wp:featuredmedia":[{"embeddable":true,"href":"https:\/\/www.arquimaster.com.ar\/web\/wp-json\/wp\/v2\/media\/79086"}],"wp:attachment":[{"href":"https:\/\/www.arquimaster.com.ar\/web\/wp-json\/wp\/v2\/media?parent=79085"}],"wp:term":[{"taxonomy":"category","embeddable":true,"href":"https:\/\/www.arquimaster.com.ar\/web\/wp-json\/wp\/v2\/categories?post=79085"},{"taxonomy":"post_tag","embeddable":true,"href":"https:\/\/www.arquimaster.com.ar\/web\/wp-json\/wp\/v2\/tags?post=79085"}],"curies":[{"name":"wp","href":"https:\/\/api.w.org\/{rel}","templated":true}]}}