{"id":79449,"date":"2024-09-07T13:31:08","date_gmt":"2024-09-07T16:31:08","guid":{"rendered":"https:\/\/www.arquimaster.com.ar\/web\/?p=79449"},"modified":"2025-07-24T22:56:35","modified_gmt":"2025-07-25T01:56:35","slug":"departamento-rj-lopez-duplan-arquitectos","status":"publish","type":"post","link":"https:\/\/www.arquimaster.com.ar\/web\/departamento-rj-lopez-duplan-arquitectos\/","title":{"rendered":"Departamento R&amp;J \/ L\u00f3pez Duplan Arquitectos"},"content":{"rendered":"<div style=\"margin-top: 0px; margin-bottom: 0px;\" class=\"sharethis-inline-share-buttons\" ><\/div><div class=\"b812932af2e751442846f039925109de\" data-index=\"1\" style=\"float: none; margin:25px 0 25px 0; text-align:center;\">\n<script async src=\"https:\/\/pagead2.googlesyndication.com\/pagead\/js\/adsbygoogle.js\"><\/script>\r\n<!-- Arquimaster (superior) -->\r\n<ins class=\"adsbygoogle\"\r\n     style=\"display:block\"\r\n     data-ad-client=\"ca-pub-6351072698456832\"\r\n     data-ad-slot=\"6455489680\"\r\n     data-ad-format=\"auto\"\r\n     data-full-width-responsive=\"true\"><\/ins>\r\n<script>\r\n     (adsbygoogle = window.adsbygoogle || []).push({});\r\n<\/script>\n<\/div>\n<p><strong>Departamento R&amp;J<\/strong> (Monterrey, Nuevo Le\u00f3n, M\u00e9xico) por <strong>L\u00f3pez Duplan Arquitectos<\/strong>. Funcionalidad y bienestar son los adjetivos que califican el dise\u00f1o del Departamento R&amp;J realizado por L\u00f3pez Duplan Arquitectos. El proyecto parti\u00f3 de una planta circular de aproximadamente 700 m2 en la que se distribuyeron los espacios utilizando el m\u00f3dulo de elevadores como eje central y aprovechar al m\u00e1ximo su ubicaci\u00f3n al centro del espacio.<\/p>\n<div id='gallery-1' class='gallery galleryid-79449 gallery-columns-3 gallery-size-thumbnail'><figure class='gallery-item'>\n\t\t\t<div class='gallery-icon landscape'>\n\t\t\t\t<a href='https:\/\/www.arquimaster.com.ar\/web\/wp-content\/uploads\/2024\/09\/departamento_rj_1.jpg' title=\"Departamento R&amp;J \/ L\u00f3pez Duplan Arquitectos (\u00a9 Hector Armando Herrera)\" data-rl_title=\"Departamento R&amp;J \/ L\u00f3pez Duplan Arquitectos (\u00a9 Hector Armando Herrera)\" class=\"rl-gallery-link\" data-rl_caption=\"Departamento R&amp;J \/ L\u00f3pez Duplan Arquitectos (\u00a9 Hector Armando Herrera)\" data-rel=\"lightbox-gallery-1\"><img loading=\"lazy\" decoding=\"async\" width=\"150\" height=\"150\" src=\"https:\/\/www.arquimaster.com.ar\/web\/wp-content\/uploads\/2024\/09\/departamento_rj_1-150x150.jpg\" class=\"attachment-thumbnail size-thumbnail\" alt=\"Departamento R&amp;J \/ L\u00f3pez Duplan Arquitectos\" aria-describedby=\"gallery-1-79451\" \/><\/a>\n\t\t\t<\/div>\n\t\t\t\t<figcaption class='wp-caption-text gallery-caption' id='gallery-1-79451'>\n\t\t\t\tDepartamento R&#038;J \/ L\u00f3pez Duplan Arquitectos (\u00a9 Hector Armando Herrera)\n\t\t\t\t<\/figcaption><\/figure><figure class='gallery-item'>\n\t\t\t<div class='gallery-icon landscape'>\n\t\t\t\t<a href='https:\/\/www.arquimaster.com.ar\/web\/wp-content\/uploads\/2024\/09\/departamento_rj_2.jpg' title=\"Departamento R&amp;J \/ L\u00f3pez Duplan Arquitectos (\u00a9 Hector Armando Herrera)\" data-rl_title=\"Departamento R&amp;J \/ L\u00f3pez Duplan Arquitectos (\u00a9 Hector Armando Herrera)\" class=\"rl-gallery-link\" data-rl_caption=\"Departamento R&amp;J \/ L\u00f3pez Duplan Arquitectos (\u00a9 Hector Armando Herrera)\" data-rel=\"lightbox-gallery-1\"><img loading=\"lazy\" decoding=\"async\" width=\"150\" height=\"150\" src=\"https:\/\/www.arquimaster.com.ar\/web\/wp-content\/uploads\/2024\/09\/departamento_rj_2-150x150.jpg\" class=\"attachment-thumbnail size-thumbnail\" alt=\"Departamento R&amp;J \/ L\u00f3pez Duplan Arquitectos\" aria-describedby=\"gallery-1-79452\" \/><\/a>\n\t\t\t<\/div>\n\t\t\t\t<figcaption class='wp-caption-text gallery-caption' id='gallery-1-79452'>\n\t\t\t\tDepartamento R&#038;J \/ L\u00f3pez Duplan Arquitectos (\u00a9 Hector Armando Herrera)\n\t\t\t\t<\/figcaption><\/figure><figure class='gallery-item'>\n\t\t\t<div class='gallery-icon landscape'>\n\t\t\t\t<a href='https:\/\/www.arquimaster.com.ar\/web\/wp-content\/uploads\/2024\/09\/departamento_rj_3.jpg' title=\"Departamento R&amp;J \/ L\u00f3pez Duplan Arquitectos (\u00a9 Hector Armando Herrera)\" data-rl_title=\"Departamento R&amp;J \/ L\u00f3pez Duplan Arquitectos (\u00a9 Hector Armando Herrera)\" class=\"rl-gallery-link\" data-rl_caption=\"Departamento R&amp;J \/ L\u00f3pez Duplan Arquitectos (\u00a9 Hector Armando Herrera)\" data-rel=\"lightbox-gallery-1\"><img loading=\"lazy\" decoding=\"async\" width=\"150\" height=\"150\" src=\"https:\/\/www.arquimaster.com.ar\/web\/wp-content\/uploads\/2024\/09\/departamento_rj_3-150x150.jpg\" class=\"attachment-thumbnail size-thumbnail\" alt=\"Departamento R&amp;J \/ L\u00f3pez Duplan Arquitectos\" aria-describedby=\"gallery-1-79453\" \/><\/a>\n\t\t\t<\/div>\n\t\t\t\t<figcaption class='wp-caption-text gallery-caption' id='gallery-1-79453'>\n\t\t\t\tDepartamento R&#038;J \/ L\u00f3pez Duplan Arquitectos (\u00a9 Hector Armando Herrera)\n\t\t\t\t<\/figcaption><\/figure><figure class='gallery-item'>\n\t\t\t<div class='gallery-icon landscape'>\n\t\t\t\t<a href='https:\/\/www.arquimaster.com.ar\/web\/wp-content\/uploads\/2024\/09\/departamento_rj_4.jpg' title=\"Departamento R&amp;J \/ L\u00f3pez Duplan Arquitectos (\u00a9 Hector Armando Herrera)\" data-rl_title=\"Departamento R&amp;J \/ L\u00f3pez Duplan Arquitectos (\u00a9 Hector Armando Herrera)\" class=\"rl-gallery-link\" data-rl_caption=\"Departamento R&amp;J \/ L\u00f3pez Duplan Arquitectos (\u00a9 Hector Armando Herrera)\" data-rel=\"lightbox-gallery-1\"><img loading=\"lazy\" decoding=\"async\" width=\"150\" height=\"150\" src=\"https:\/\/www.arquimaster.com.ar\/web\/wp-content\/uploads\/2024\/09\/departamento_rj_4-150x150.jpg\" class=\"attachment-thumbnail size-thumbnail\" alt=\"Departamento R&amp;J \/ L\u00f3pez Duplan Arquitectos\" aria-describedby=\"gallery-1-79454\" \/><\/a>\n\t\t\t<\/div>\n\t\t\t\t<figcaption class='wp-caption-text gallery-caption' id='gallery-1-79454'>\n\t\t\t\tDepartamento R&#038;J \/ L\u00f3pez Duplan Arquitectos (\u00a9 Hector Armando Herrera)\n\t\t\t\t<\/figcaption><\/figure><figure class='gallery-item'>\n\t\t\t<div class='gallery-icon landscape'>\n\t\t\t\t<a href='https:\/\/www.arquimaster.com.ar\/web\/wp-content\/uploads\/2024\/09\/departamento_rj_5.jpg' title=\"Departamento R&amp;J \/ L\u00f3pez Duplan Arquitectos (\u00a9 Hector Armando Herrera)\" data-rl_title=\"Departamento R&amp;J \/ L\u00f3pez Duplan Arquitectos (\u00a9 Hector Armando Herrera)\" class=\"rl-gallery-link\" data-rl_caption=\"Departamento R&amp;J \/ L\u00f3pez Duplan Arquitectos (\u00a9 Hector Armando Herrera)\" data-rel=\"lightbox-gallery-1\"><img loading=\"lazy\" decoding=\"async\" width=\"150\" height=\"150\" src=\"https:\/\/www.arquimaster.com.ar\/web\/wp-content\/uploads\/2024\/09\/departamento_rj_5-150x150.jpg\" class=\"attachment-thumbnail size-thumbnail\" alt=\"Departamento R&amp;J \/ L\u00f3pez Duplan Arquitectos\" aria-describedby=\"gallery-1-79455\" \/><\/a>\n\t\t\t<\/div>\n\t\t\t\t<figcaption class='wp-caption-text gallery-caption' id='gallery-1-79455'>\n\t\t\t\tDepartamento R&#038;J \/ L\u00f3pez Duplan Arquitectos (\u00a9 Hector Armando Herrera)\n\t\t\t\t<\/figcaption><\/figure><figure class='gallery-item'>\n\t\t\t<div class='gallery-icon landscape'>\n\t\t\t\t<a href='https:\/\/www.arquimaster.com.ar\/web\/wp-content\/uploads\/2024\/09\/departamento_rj_6.jpg' title=\"Departamento R&amp;J \/ L\u00f3pez Duplan Arquitectos (\u00a9 Hector Armando Herrera)\" data-rl_title=\"Departamento R&amp;J \/ L\u00f3pez Duplan Arquitectos (\u00a9 Hector Armando Herrera)\" class=\"rl-gallery-link\" data-rl_caption=\"Departamento R&amp;J \/ L\u00f3pez Duplan Arquitectos (\u00a9 Hector Armando Herrera)\" data-rel=\"lightbox-gallery-1\"><img loading=\"lazy\" decoding=\"async\" width=\"150\" height=\"150\" src=\"https:\/\/www.arquimaster.com.ar\/web\/wp-content\/uploads\/2024\/09\/departamento_rj_6-150x150.jpg\" class=\"attachment-thumbnail size-thumbnail\" alt=\"Departamento R&amp;J \/ L\u00f3pez Duplan Arquitectos\" aria-describedby=\"gallery-1-79456\" \/><\/a>\n\t\t\t<\/div>\n\t\t\t\t<figcaption class='wp-caption-text gallery-caption' id='gallery-1-79456'>\n\t\t\t\tDepartamento R&#038;J \/ L\u00f3pez Duplan Arquitectos (\u00a9 Hector Armando Herrera)\n\t\t\t\t<\/figcaption><\/figure><figure class='gallery-item'>\n\t\t\t<div class='gallery-icon landscape'>\n\t\t\t\t<a href='https:\/\/www.arquimaster.com.ar\/web\/wp-content\/uploads\/2024\/09\/departamento_rj_7.jpg' title=\"Departamento R&amp;J \/ L\u00f3pez Duplan Arquitectos (\u00a9 Hector Armando Herrera)\" data-rl_title=\"Departamento R&amp;J \/ L\u00f3pez Duplan Arquitectos (\u00a9 Hector Armando Herrera)\" class=\"rl-gallery-link\" data-rl_caption=\"Departamento R&amp;J \/ L\u00f3pez Duplan Arquitectos (\u00a9 Hector Armando Herrera)\" data-rel=\"lightbox-gallery-1\"><img loading=\"lazy\" decoding=\"async\" width=\"150\" height=\"150\" src=\"https:\/\/www.arquimaster.com.ar\/web\/wp-content\/uploads\/2024\/09\/departamento_rj_7-150x150.jpg\" class=\"attachment-thumbnail size-thumbnail\" alt=\"Departamento R&amp;J \/ L\u00f3pez Duplan Arquitectos\" aria-describedby=\"gallery-1-79457\" \/><\/a>\n\t\t\t<\/div>\n\t\t\t\t<figcaption class='wp-caption-text gallery-caption' id='gallery-1-79457'>\n\t\t\t\tDepartamento R&#038;J \/ L\u00f3pez Duplan Arquitectos (\u00a9 Hector Armando Herrera)\n\t\t\t\t<\/figcaption><\/figure><figure class='gallery-item'>\n\t\t\t<div class='gallery-icon landscape'>\n\t\t\t\t<a href='https:\/\/www.arquimaster.com.ar\/web\/wp-content\/uploads\/2024\/09\/departamento_rj_8.jpg' title=\"Departamento R&amp;J \/ L\u00f3pez Duplan Arquitectos (\u00a9 Hector Armando Herrera)\" data-rl_title=\"Departamento R&amp;J \/ L\u00f3pez Duplan Arquitectos (\u00a9 Hector Armando Herrera)\" class=\"rl-gallery-link\" data-rl_caption=\"Departamento R&amp;J \/ L\u00f3pez Duplan Arquitectos (\u00a9 Hector Armando Herrera)\" data-rel=\"lightbox-gallery-1\"><img loading=\"lazy\" decoding=\"async\" width=\"150\" height=\"150\" src=\"https:\/\/www.arquimaster.com.ar\/web\/wp-content\/uploads\/2024\/09\/departamento_rj_8-150x150.jpg\" class=\"attachment-thumbnail size-thumbnail\" alt=\"Departamento R&amp;J \/ L\u00f3pez Duplan Arquitectos\" aria-describedby=\"gallery-1-79458\" \/><\/a>\n\t\t\t<\/div>\n\t\t\t\t<figcaption class='wp-caption-text gallery-caption' id='gallery-1-79458'>\n\t\t\t\tDepartamento R&#038;J \/ L\u00f3pez Duplan Arquitectos (\u00a9 Hector Armando Herrera)\n\t\t\t\t<\/figcaption><\/figure><figure class='gallery-item'>\n\t\t\t<div class='gallery-icon landscape'>\n\t\t\t\t<a href='https:\/\/www.arquimaster.com.ar\/web\/wp-content\/uploads\/2024\/09\/departamento_rj_9.jpg' title=\"Departamento R&amp;J \/ L\u00f3pez Duplan Arquitectos (\u00a9 Hector Armando Herrera)\" data-rl_title=\"Departamento R&amp;J \/ L\u00f3pez Duplan Arquitectos (\u00a9 Hector Armando Herrera)\" class=\"rl-gallery-link\" data-rl_caption=\"Departamento R&amp;J \/ L\u00f3pez Duplan Arquitectos (\u00a9 Hector Armando Herrera)\" data-rel=\"lightbox-gallery-1\"><img loading=\"lazy\" decoding=\"async\" width=\"150\" height=\"150\" src=\"https:\/\/www.arquimaster.com.ar\/web\/wp-content\/uploads\/2024\/09\/departamento_rj_9-150x150.jpg\" class=\"attachment-thumbnail size-thumbnail\" alt=\"Departamento R&amp;J \/ L\u00f3pez Duplan Arquitectos\" aria-describedby=\"gallery-1-79459\" \/><\/a>\n\t\t\t<\/div>\n\t\t\t\t<figcaption class='wp-caption-text gallery-caption' id='gallery-1-79459'>\n\t\t\t\tDepartamento R&#038;J \/ L\u00f3pez Duplan Arquitectos (\u00a9 Hector Armando Herrera)\n\t\t\t\t<\/figcaption><\/figure><figure class='gallery-item'>\n\t\t\t<div class='gallery-icon landscape'>\n\t\t\t\t<a href='https:\/\/www.arquimaster.com.ar\/web\/wp-content\/uploads\/2024\/09\/departamento_rj_10.jpg' title=\"Departamento R&amp;J \/ L\u00f3pez Duplan Arquitectos (\u00a9 Hector Armando Herrera)\" data-rl_title=\"Departamento R&amp;J \/ L\u00f3pez Duplan Arquitectos (\u00a9 Hector Armando Herrera)\" class=\"rl-gallery-link\" data-rl_caption=\"Departamento R&amp;J \/ L\u00f3pez Duplan Arquitectos (\u00a9 Hector Armando Herrera)\" data-rel=\"lightbox-gallery-1\"><img loading=\"lazy\" decoding=\"async\" width=\"150\" height=\"150\" src=\"https:\/\/www.arquimaster.com.ar\/web\/wp-content\/uploads\/2024\/09\/departamento_rj_10-150x150.jpg\" class=\"attachment-thumbnail size-thumbnail\" alt=\"Departamento R&amp;J \/ L\u00f3pez Duplan Arquitectos\" aria-describedby=\"gallery-1-79460\" \/><\/a>\n\t\t\t<\/div>\n\t\t\t\t<figcaption class='wp-caption-text gallery-caption' id='gallery-1-79460'>\n\t\t\t\tDepartamento R&#038;J \/ L\u00f3pez Duplan Arquitectos (\u00a9 Hector Armando Herrera)\n\t\t\t\t<\/figcaption><\/figure><figure class='gallery-item'>\n\t\t\t<div class='gallery-icon portrait'>\n\t\t\t\t<a href='https:\/\/www.arquimaster.com.ar\/web\/wp-content\/uploads\/2024\/09\/departamento_rj_11.jpg' title=\"Departamento R&amp;J \/ L\u00f3pez Duplan Arquitectos (\u00a9 Hector Armando Herrera)\" data-rl_title=\"Departamento R&amp;J \/ L\u00f3pez Duplan Arquitectos (\u00a9 Hector Armando Herrera)\" class=\"rl-gallery-link\" data-rl_caption=\"Departamento R&amp;J \/ L\u00f3pez Duplan Arquitectos (\u00a9 Hector Armando Herrera)\" data-rel=\"lightbox-gallery-1\"><img loading=\"lazy\" decoding=\"async\" width=\"150\" height=\"150\" src=\"https:\/\/www.arquimaster.com.ar\/web\/wp-content\/uploads\/2024\/09\/departamento_rj_11-150x150.jpg\" class=\"attachment-thumbnail size-thumbnail\" alt=\"Departamento R&amp;J \/ L\u00f3pez Duplan Arquitectos\" aria-describedby=\"gallery-1-79461\" \/><\/a>\n\t\t\t<\/div>\n\t\t\t\t<figcaption class='wp-caption-text gallery-caption' id='gallery-1-79461'>\n\t\t\t\tDepartamento R&#038;J \/ L\u00f3pez Duplan Arquitectos (\u00a9 Hector Armando Herrera)\n\t\t\t\t<\/figcaption><\/figure><figure class='gallery-item'>\n\t\t\t<div class='gallery-icon landscape'>\n\t\t\t\t<a href='https:\/\/www.arquimaster.com.ar\/web\/wp-content\/uploads\/2024\/09\/departamento_rj_12.jpg' title=\"Departamento R&amp;J \/ L\u00f3pez Duplan Arquitectos (\u00a9 Hector Armando Herrera)\" data-rl_title=\"Departamento R&amp;J \/ L\u00f3pez Duplan Arquitectos (\u00a9 Hector Armando Herrera)\" class=\"rl-gallery-link\" data-rl_caption=\"Departamento R&amp;J \/ L\u00f3pez Duplan Arquitectos (\u00a9 Hector Armando Herrera)\" data-rel=\"lightbox-gallery-1\"><img loading=\"lazy\" decoding=\"async\" width=\"150\" height=\"150\" src=\"https:\/\/www.arquimaster.com.ar\/web\/wp-content\/uploads\/2024\/09\/departamento_rj_12-150x150.jpg\" class=\"attachment-thumbnail size-thumbnail\" alt=\"Departamento R&amp;J \/ L\u00f3pez Duplan Arquitectos\" aria-describedby=\"gallery-1-79462\" \/><\/a>\n\t\t\t<\/div>\n\t\t\t\t<figcaption class='wp-caption-text gallery-caption' id='gallery-1-79462'>\n\t\t\t\tDepartamento R&#038;J \/ L\u00f3pez Duplan Arquitectos (\u00a9 Hector Armando Herrera)\n\t\t\t\t<\/figcaption><\/figure><figure class='gallery-item'>\n\t\t\t<div class='gallery-icon landscape'>\n\t\t\t\t<a href='https:\/\/www.arquimaster.com.ar\/web\/wp-content\/uploads\/2024\/09\/departamento_rj_13.jpg' title=\"Departamento R&amp;J \/ L\u00f3pez Duplan Arquitectos (\u00a9 Hector Armando Herrera)\" data-rl_title=\"Departamento R&amp;J \/ L\u00f3pez Duplan Arquitectos (\u00a9 Hector Armando Herrera)\" class=\"rl-gallery-link\" data-rl_caption=\"Departamento R&amp;J \/ L\u00f3pez Duplan Arquitectos (\u00a9 Hector Armando Herrera)\" data-rel=\"lightbox-gallery-1\"><img loading=\"lazy\" decoding=\"async\" width=\"150\" height=\"150\" src=\"https:\/\/www.arquimaster.com.ar\/web\/wp-content\/uploads\/2024\/09\/departamento_rj_13-150x150.jpg\" class=\"attachment-thumbnail size-thumbnail\" alt=\"Departamento R&amp;J \/ L\u00f3pez Duplan Arquitectos\" aria-describedby=\"gallery-1-79463\" \/><\/a>\n\t\t\t<\/div>\n\t\t\t\t<figcaption class='wp-caption-text gallery-caption' id='gallery-1-79463'>\n\t\t\t\tDepartamento R&#038;J \/ L\u00f3pez Duplan Arquitectos (\u00a9 Hector Armando Herrera)\n\t\t\t\t<\/figcaption><\/figure><figure class='gallery-item'>\n\t\t\t<div class='gallery-icon landscape'>\n\t\t\t\t<a href='https:\/\/www.arquimaster.com.ar\/web\/wp-content\/uploads\/2024\/09\/departamento_rj_14.jpg' title=\"Departamento R&amp;J \/ L\u00f3pez Duplan Arquitectos (\u00a9 Hector Armando Herrera)\" data-rl_title=\"Departamento R&amp;J \/ L\u00f3pez Duplan Arquitectos (\u00a9 Hector Armando Herrera)\" class=\"rl-gallery-link\" data-rl_caption=\"Departamento R&amp;J \/ L\u00f3pez Duplan Arquitectos (\u00a9 Hector Armando Herrera)\" data-rel=\"lightbox-gallery-1\"><img loading=\"lazy\" decoding=\"async\" width=\"150\" height=\"150\" src=\"https:\/\/www.arquimaster.com.ar\/web\/wp-content\/uploads\/2024\/09\/departamento_rj_14-150x150.jpg\" class=\"attachment-thumbnail size-thumbnail\" alt=\"Departamento R&amp;J \/ L\u00f3pez Duplan Arquitectos\" aria-describedby=\"gallery-1-79464\" \/><\/a>\n\t\t\t<\/div>\n\t\t\t\t<figcaption class='wp-caption-text gallery-caption' id='gallery-1-79464'>\n\t\t\t\tDepartamento R&#038;J \/ L\u00f3pez Duplan Arquitectos (\u00a9 Hector Armando Herrera)\n\t\t\t\t<\/figcaption><\/figure><figure class='gallery-item'>\n\t\t\t<div class='gallery-icon landscape'>\n\t\t\t\t<a href='https:\/\/www.arquimaster.com.ar\/web\/wp-content\/uploads\/2024\/09\/departamento_rj_15.jpg' title=\"Departamento R&amp;J \/ L\u00f3pez Duplan Arquitectos (\u00a9 Hector Armando Herrera)\" data-rl_title=\"Departamento R&amp;J \/ L\u00f3pez Duplan Arquitectos (\u00a9 Hector Armando Herrera)\" class=\"rl-gallery-link\" data-rl_caption=\"Departamento R&amp;J \/ L\u00f3pez Duplan Arquitectos (\u00a9 Hector Armando Herrera)\" data-rel=\"lightbox-gallery-1\"><img loading=\"lazy\" decoding=\"async\" width=\"150\" height=\"150\" src=\"https:\/\/www.arquimaster.com.ar\/web\/wp-content\/uploads\/2024\/09\/departamento_rj_15-150x150.jpg\" class=\"attachment-thumbnail size-thumbnail\" alt=\"Departamento R&amp;J \/ L\u00f3pez Duplan Arquitectos\" aria-describedby=\"gallery-1-79465\" \/><\/a>\n\t\t\t<\/div>\n\t\t\t\t<figcaption class='wp-caption-text gallery-caption' id='gallery-1-79465'>\n\t\t\t\tDepartamento R&#038;J \/ L\u00f3pez Duplan Arquitectos (\u00a9 Hector Armando Herrera)\n\t\t\t\t<\/figcaption><\/figure><figure class='gallery-item'>\n\t\t\t<div class='gallery-icon portrait'>\n\t\t\t\t<a href='https:\/\/www.arquimaster.com.ar\/web\/wp-content\/uploads\/2024\/09\/departamento_rj_16.jpg' title=\"Departamento R&amp;J \/ L\u00f3pez Duplan Arquitectos (\u00a9 Hector Armando Herrera)\" data-rl_title=\"Departamento R&amp;J \/ L\u00f3pez Duplan Arquitectos (\u00a9 Hector Armando Herrera)\" class=\"rl-gallery-link\" data-rl_caption=\"Departamento R&amp;J \/ L\u00f3pez Duplan Arquitectos (\u00a9 Hector Armando Herrera)\" data-rel=\"lightbox-gallery-1\"><img loading=\"lazy\" decoding=\"async\" width=\"150\" height=\"150\" src=\"https:\/\/www.arquimaster.com.ar\/web\/wp-content\/uploads\/2024\/09\/departamento_rj_16-150x150.jpg\" class=\"attachment-thumbnail size-thumbnail\" alt=\"Departamento R&amp;J \/ L\u00f3pez Duplan Arquitectos\" aria-describedby=\"gallery-1-79466\" \/><\/a>\n\t\t\t<\/div>\n\t\t\t\t<figcaption class='wp-caption-text gallery-caption' id='gallery-1-79466'>\n\t\t\t\tDepartamento R&#038;J \/ L\u00f3pez Duplan Arquitectos (\u00a9 Hector Armando Herrera)\n\t\t\t\t<\/figcaption><\/figure><figure class='gallery-item'>\n\t\t\t<div class='gallery-icon landscape'>\n\t\t\t\t<a href='https:\/\/www.arquimaster.com.ar\/web\/wp-content\/uploads\/2024\/09\/departamento_rj_17.jpg' title=\"Departamento R&amp;J \/ L\u00f3pez Duplan Arquitectos (\u00a9 Hector Armando Herrera)\" data-rl_title=\"Departamento R&amp;J \/ L\u00f3pez Duplan Arquitectos (\u00a9 Hector Armando Herrera)\" class=\"rl-gallery-link\" data-rl_caption=\"Departamento R&amp;J \/ L\u00f3pez Duplan Arquitectos (\u00a9 Hector Armando Herrera)\" data-rel=\"lightbox-gallery-1\"><img loading=\"lazy\" decoding=\"async\" width=\"150\" height=\"150\" src=\"https:\/\/www.arquimaster.com.ar\/web\/wp-content\/uploads\/2024\/09\/departamento_rj_17-150x150.jpg\" class=\"attachment-thumbnail size-thumbnail\" alt=\"Departamento R&amp;J \/ L\u00f3pez Duplan Arquitectos\" aria-describedby=\"gallery-1-79467\" \/><\/a>\n\t\t\t<\/div>\n\t\t\t\t<figcaption class='wp-caption-text gallery-caption' id='gallery-1-79467'>\n\t\t\t\tDepartamento R&#038;J \/ L\u00f3pez Duplan Arquitectos (\u00a9 Hector Armando Herrera)\n\t\t\t\t<\/figcaption><\/figure><figure class='gallery-item'>\n\t\t\t<div class='gallery-icon landscape'>\n\t\t\t\t<a href='https:\/\/www.arquimaster.com.ar\/web\/wp-content\/uploads\/2024\/09\/departamento_rj_18.jpg' title=\"Departamento R&amp;J \/ L\u00f3pez Duplan Arquitectos (\u00a9 Hector Armando Herrera)\" data-rl_title=\"Departamento R&amp;J \/ L\u00f3pez Duplan Arquitectos (\u00a9 Hector Armando Herrera)\" class=\"rl-gallery-link\" data-rl_caption=\"Departamento R&amp;J \/ L\u00f3pez Duplan Arquitectos (\u00a9 Hector Armando Herrera)\" data-rel=\"lightbox-gallery-1\"><img loading=\"lazy\" decoding=\"async\" width=\"150\" height=\"150\" src=\"https:\/\/www.arquimaster.com.ar\/web\/wp-content\/uploads\/2024\/09\/departamento_rj_18-150x150.jpg\" class=\"attachment-thumbnail size-thumbnail\" alt=\"Departamento R&amp;J \/ L\u00f3pez Duplan Arquitectos\" aria-describedby=\"gallery-1-79468\" \/><\/a>\n\t\t\t<\/div>\n\t\t\t\t<figcaption class='wp-caption-text gallery-caption' id='gallery-1-79468'>\n\t\t\t\tDepartamento R&#038;J \/ L\u00f3pez Duplan Arquitectos (\u00a9 Hector Armando Herrera)\n\t\t\t\t<\/figcaption><\/figure><figure class='gallery-item'>\n\t\t\t<div class='gallery-icon landscape'>\n\t\t\t\t<a href='https:\/\/www.arquimaster.com.ar\/web\/wp-content\/uploads\/2024\/09\/departamento_rj_19.jpg' title=\"Departamento R&amp;J \/ L\u00f3pez Duplan Arquitectos (planta)\" data-rl_title=\"Departamento R&amp;J \/ L\u00f3pez Duplan Arquitectos (planta)\" class=\"rl-gallery-link\" data-rl_caption=\"Departamento R&amp;J \/ L\u00f3pez Duplan Arquitectos (planta)\" data-rel=\"lightbox-gallery-1\"><img loading=\"lazy\" decoding=\"async\" width=\"150\" height=\"150\" src=\"https:\/\/www.arquimaster.com.ar\/web\/wp-content\/uploads\/2024\/09\/departamento_rj_19-150x150.jpg\" class=\"attachment-thumbnail size-thumbnail\" alt=\"Departamento R&amp;J \/ L\u00f3pez Duplan Arquitectos\" aria-describedby=\"gallery-1-79469\" \/><\/a>\n\t\t\t<\/div>\n\t\t\t\t<figcaption class='wp-caption-text gallery-caption' id='gallery-1-79469'>\n\t\t\t\tDepartamento R&#038;J \/ L\u00f3pez Duplan Arquitectos (planta)\n\t\t\t\t<\/figcaption><\/figure><figure class='gallery-item'>\n\t\t\t<div class='gallery-icon landscape'>\n\t\t\t\t<a href='https:\/\/www.arquimaster.com.ar\/web\/wp-content\/uploads\/2024\/09\/departamento_rj_20.jpg' title=\"Departamento R&amp;J \/ L\u00f3pez Duplan Arquitectos (detalle cava)\" data-rl_title=\"Departamento R&amp;J \/ L\u00f3pez Duplan Arquitectos (detalle cava)\" class=\"rl-gallery-link\" data-rl_caption=\"Departamento R&amp;J \/ L\u00f3pez Duplan Arquitectos (detalle cava)\" data-rel=\"lightbox-gallery-1\"><img loading=\"lazy\" decoding=\"async\" width=\"150\" height=\"150\" src=\"https:\/\/www.arquimaster.com.ar\/web\/wp-content\/uploads\/2024\/09\/departamento_rj_20-150x150.jpg\" class=\"attachment-thumbnail size-thumbnail\" alt=\"Departamento R&amp;J \/ L\u00f3pez Duplan Arquitectos\" aria-describedby=\"gallery-1-79470\" \/><\/a>\n\t\t\t<\/div>\n\t\t\t\t<figcaption class='wp-caption-text gallery-caption' id='gallery-1-79470'>\n\t\t\t\tDepartamento R&#038;J \/ L\u00f3pez Duplan Arquitectos (detalle cava)\n\t\t\t\t<\/figcaption><\/figure>\n\t\t<\/div>\n\n<p>En las \u00e1reas p\u00fablicas el objetivo fue la flexibilidad y para cumplirlo se instalaron una serie de muros corredizos para aislar o unificar los espacios de acuerdo con las actividades y darles versatilidad a todas las \u00e1reas formadas por sala, comedor, biblioteca, estar familiar y tres recamaras.<\/p>\n<p>El vest\u00edbulo de elevadores tiene dos muros forrados con madera los cuales esconden las puertas de acceso a las diferentes \u00e1reas del departamento y un muro en granito gris a juego con el piso.<\/p>\n<p>En la sala principal nos recibe un bar con un mueble a media altura que da privacidad al \u00e1rea del comedor; en \u00e9ste el muro principal tiene una cava y una ventana que se integran con un acabado de fierro.<\/p>\n<p>La cocina cuenta con dos \u00e1reas, una para la operaci\u00f3n diaria y otra que se puede incorporar al comedor en ciertos eventos por medio de un muro corredizo.<\/p>\n<p>La biblioteca tiene una mesa de trabajo con una privilegiada vista a las monta\u00f1as que enmarcan a Monterrey. Dependiendo del ambiente que se necesite generar esta \u00e1rea tambi\u00e9n se puede integrar a la sala principal utilizando otra de las particiones m\u00f3viles que son el arma secreta del dise\u00f1o de este vers\u00e1til departamento.<\/p>\n<p>Las \u00e1reas privadas cuentan con un acceso compartido que es un amplio estar familiar el cual est\u00e1 equipado con todo lo necesario para funcionar como \u00e1rea de trabajo o tareas. Todas las habitaciones cuentan con vestidor y ba\u00f1o privado.<\/p>\n\n\n<div style=\"height:20px\" aria-hidden=\"true\" class=\"wp-block-spacer\"><\/div>\n\n\n\n<p class=\"has-background\" style=\"background-color:#eaeaea\"><strong>Ficha t\u00e9cnica<\/strong><br>Nombre: Departamento R&amp;J<br>Ubicaci\u00f3n: Monterrey, Nuevo Le\u00f3n, M\u00e9xico<br>Proyecto: L\u00f3pez Duplan Arquitectos<br>Arquitecto a cargo: Claudia L\u00f3pez Duplan<br>Superficie: 700 m2<br>A\u00f1o: 2018<br>Fotos: Hector Armando Herrera<br>Sitio web: https:\/\/www.duplan.com.mx<br>Twitter: @lopezduplanarqs<br>Instagram: @lopezduplan_arquitectos<br>Facebook: L\u00f3pez Duplan Arquitectos<\/p>\n\n\n\n<div style=\"height:40px\" aria-hidden=\"true\" class=\"wp-block-spacer\"><\/div>\n\n<div style=\"font-size: 0px; height: 0px; line-height: 0px; margin: 0; padding: 0; clear: both;\"><\/div><div style=\"margin-top: 0px; margin-bottom: 0px;\" class=\"sharethis-inline-share-buttons\" ><\/div>","protected":false},"excerpt":{"rendered":"<p>Funcionalidad y bienestar, partiendo de una planta circular con \u00e1reas p\u00fablicas flexibles&#8230;<\/p>\n","protected":false},"author":1,"featured_media":79450,"comment_status":"closed","ping_status":"closed","sticky":false,"template":"","format":"standard","meta":{"_uag_custom_page_level_css":"","footnotes":""},"categories":[79,1],"tags":[5581,2155,249,2154,24,3968,1476],"class_list":["post-79449","post","type-post","status-publish","format-standard","has-post-thumbnail","hentry","category-departamentos","category-proyecto","tag-apartamento","tag-claudia-lopez-duplan","tag-departamento","tag-lopez-duplan-arquitectos","tag-mexico","tag-monterrey","tag-nuevo-leon","generate-columns","tablet-grid-50","mobile-grid-100","grid-parent","grid-50"],"yoast_head":"<!-- This site is optimized with the Yoast SEO plugin v27.3 - https:\/\/yoast.com\/product\/yoast-seo-wordpress\/ -->\n<title>Departamento R&amp;J \/ L\u00f3pez Duplan Arquitectos - Arquimaster<\/title>\n<meta name=\"description\" content=\"Funcionalidad y bienestar, partiendo de una planta circular donde el objetivo de las \u00e1reas p\u00fablicas fue la flexibilidad.\" \/>\n<meta name=\"robots\" content=\"index, follow, max-snippet:-1, max-image-preview:large, max-video-preview:-1\" \/>\n<link rel=\"canonical\" href=\"https:\/\/www.arquimaster.com.ar\/web\/departamento-rj-lopez-duplan-arquitectos\/\" \/>\n<meta property=\"og:locale\" content=\"es_ES\" \/>\n<meta property=\"og:type\" content=\"article\" \/>\n<meta property=\"og:title\" content=\"Departamento R&amp;J \/ L\u00f3pez Duplan Arquitectos\" \/>\n<meta property=\"og:description\" content=\"Funcionalidad y bienestar, partiendo de una planta circular donde el objetivo de las \u00e1reas p\u00fablicas fue la flexibilidad.\" \/>\n<meta property=\"og:url\" content=\"https:\/\/www.arquimaster.com.ar\/web\/departamento-rj-lopez-duplan-arquitectos\/\" \/>\n<meta property=\"og:site_name\" content=\"Arquimaster\" \/>\n<meta property=\"article:publisher\" content=\"http:\/\/www.facebook.com\/ARQUIMASTER.com.ar\" \/>\n<meta property=\"article:published_time\" content=\"2024-09-07T16:31:08+00:00\" \/>\n<meta property=\"article:modified_time\" content=\"2025-07-25T01:56:35+00:00\" \/>\n<meta property=\"og:image\" content=\"https:\/\/www.arquimaster.com.ar\/web\/wp-content\/uploads\/2024\/09\/departamento_rj_slide.jpg\" \/>\n\t<meta property=\"og:image:width\" content=\"698\" \/>\n\t<meta property=\"og:image:height\" content=\"364\" \/>\n\t<meta property=\"og:image:type\" content=\"image\/jpeg\" \/>\n<meta name=\"author\" content=\"Arquimaster\" \/>\n<meta name=\"twitter:card\" content=\"summary_large_image\" \/>\n<meta name=\"twitter:title\" content=\"Departamento R&amp;J \/ L\u00f3pez Duplan Arquitectos\" \/>\n<meta name=\"twitter:description\" content=\"Funcionalidad y bienestar, partiendo de una planta circular donde el objetivo de las \u00e1reas p\u00fablicas fue la flexibilidad.\" \/>\n<meta name=\"twitter:image\" content=\"https:\/\/www.arquimaster.com.ar\/web\/wp-content\/uploads\/2024\/09\/departamento_rj_slide.jpg\" \/>\n<meta name=\"twitter:creator\" content=\"@arquimaster\" \/>\n<meta name=\"twitter:site\" content=\"@arquimaster\" \/>\n<meta name=\"twitter:label1\" content=\"Escrito por\" \/>\n\t<meta name=\"twitter:data1\" content=\"Arquimaster\" \/>\n\t<meta name=\"twitter:label2\" content=\"Tiempo de lectura\" \/>\n\t<meta name=\"twitter:data2\" content=\"2 minutos\" \/>\n<script type=\"application\/ld+json\" class=\"yoast-schema-graph\">{\"@context\":\"https:\\\/\\\/schema.org\",\"@graph\":[{\"@type\":\"Article\",\"@id\":\"https:\\\/\\\/www.arquimaster.com.ar\\\/web\\\/departamento-rj-lopez-duplan-arquitectos\\\/#article\",\"isPartOf\":{\"@id\":\"https:\\\/\\\/www.arquimaster.com.ar\\\/web\\\/departamento-rj-lopez-duplan-arquitectos\\\/\"},\"author\":{\"name\":\"Arquimaster\",\"@id\":\"https:\\\/\\\/www.arquimaster.com.ar\\\/web\\\/#\\\/schema\\\/person\\\/359e9f7c00193fcde068e0dd2ceb0028\"},\"headline\":\"Departamento R&amp;J \\\/ L\u00f3pez Duplan Arquitectos\",\"datePublished\":\"2024-09-07T16:31:08+00:00\",\"dateModified\":\"2025-07-25T01:56:35+00:00\",\"mainEntityOfPage\":{\"@id\":\"https:\\\/\\\/www.arquimaster.com.ar\\\/web\\\/departamento-rj-lopez-duplan-arquitectos\\\/\"},\"wordCount\":381,\"publisher\":{\"@id\":\"https:\\\/\\\/www.arquimaster.com.ar\\\/web\\\/#organization\"},\"image\":{\"@id\":\"https:\\\/\\\/www.arquimaster.com.ar\\\/web\\\/departamento-rj-lopez-duplan-arquitectos\\\/#primaryimage\"},\"thumbnailUrl\":\"https:\\\/\\\/www.arquimaster.com.ar\\\/web\\\/wp-content\\\/uploads\\\/2024\\\/09\\\/departamento_rj_slide.jpg\",\"keywords\":[\"apartamento\",\"Claudia Lopez Duplan\",\"departamento\",\"Lopez Duplan Arquitectos\",\"Mexico\",\"Monterrey\",\"Nuevo Leon\"],\"articleSection\":[\"Departamentos y Lofts\",\"Proyecto\"],\"inLanguage\":\"es\"},{\"@type\":\"WebPage\",\"@id\":\"https:\\\/\\\/www.arquimaster.com.ar\\\/web\\\/departamento-rj-lopez-duplan-arquitectos\\\/\",\"url\":\"https:\\\/\\\/www.arquimaster.com.ar\\\/web\\\/departamento-rj-lopez-duplan-arquitectos\\\/\",\"name\":\"Departamento R&amp;J \\\/ L\u00f3pez Duplan Arquitectos - Arquimaster\",\"isPartOf\":{\"@id\":\"https:\\\/\\\/www.arquimaster.com.ar\\\/web\\\/#website\"},\"primaryImageOfPage\":{\"@id\":\"https:\\\/\\\/www.arquimaster.com.ar\\\/web\\\/departamento-rj-lopez-duplan-arquitectos\\\/#primaryimage\"},\"image\":{\"@id\":\"https:\\\/\\\/www.arquimaster.com.ar\\\/web\\\/departamento-rj-lopez-duplan-arquitectos\\\/#primaryimage\"},\"thumbnailUrl\":\"https:\\\/\\\/www.arquimaster.com.ar\\\/web\\\/wp-content\\\/uploads\\\/2024\\\/09\\\/departamento_rj_slide.jpg\",\"datePublished\":\"2024-09-07T16:31:08+00:00\",\"dateModified\":\"2025-07-25T01:56:35+00:00\",\"description\":\"Funcionalidad y bienestar, partiendo de una planta circular donde el objetivo de las \u00e1reas p\u00fablicas fue la flexibilidad.\",\"breadcrumb\":{\"@id\":\"https:\\\/\\\/www.arquimaster.com.ar\\\/web\\\/departamento-rj-lopez-duplan-arquitectos\\\/#breadcrumb\"},\"inLanguage\":\"es\",\"potentialAction\":[{\"@type\":\"ReadAction\",\"target\":[\"https:\\\/\\\/www.arquimaster.com.ar\\\/web\\\/departamento-rj-lopez-duplan-arquitectos\\\/\"]}]},{\"@type\":\"ImageObject\",\"inLanguage\":\"es\",\"@id\":\"https:\\\/\\\/www.arquimaster.com.ar\\\/web\\\/departamento-rj-lopez-duplan-arquitectos\\\/#primaryimage\",\"url\":\"https:\\\/\\\/www.arquimaster.com.ar\\\/web\\\/wp-content\\\/uploads\\\/2024\\\/09\\\/departamento_rj_slide.jpg\",\"contentUrl\":\"https:\\\/\\\/www.arquimaster.com.ar\\\/web\\\/wp-content\\\/uploads\\\/2024\\\/09\\\/departamento_rj_slide.jpg\",\"width\":698,\"height\":364,\"caption\":\"Departamento R&J \\\/ L\u00f3pez Duplan Arquitectos\"},{\"@type\":\"BreadcrumbList\",\"@id\":\"https:\\\/\\\/www.arquimaster.com.ar\\\/web\\\/departamento-rj-lopez-duplan-arquitectos\\\/#breadcrumb\",\"itemListElement\":[{\"@type\":\"ListItem\",\"position\":1,\"name\":\"Portada\",\"item\":\"https:\\\/\\\/www.arquimaster.com.ar\\\/web\\\/\"},{\"@type\":\"ListItem\",\"position\":2,\"name\":\"Departamento R&amp;J \\\/ L\u00f3pez Duplan Arquitectos\"}]},{\"@type\":\"WebSite\",\"@id\":\"https:\\\/\\\/www.arquimaster.com.ar\\\/web\\\/#website\",\"url\":\"https:\\\/\\\/www.arquimaster.com.ar\\\/web\\\/\",\"name\":\"Arquimaster\",\"description\":\"Web de arquitectura, dise\u00f1o y construccion\",\"publisher\":{\"@id\":\"https:\\\/\\\/www.arquimaster.com.ar\\\/web\\\/#organization\"},\"potentialAction\":[{\"@type\":\"SearchAction\",\"target\":{\"@type\":\"EntryPoint\",\"urlTemplate\":\"https:\\\/\\\/www.arquimaster.com.ar\\\/web\\\/?s={search_term_string}\"},\"query-input\":{\"@type\":\"PropertyValueSpecification\",\"valueRequired\":true,\"valueName\":\"search_term_string\"}}],\"inLanguage\":\"es\"},{\"@type\":\"Organization\",\"@id\":\"https:\\\/\\\/www.arquimaster.com.ar\\\/web\\\/#organization\",\"name\":\"Arquimaster\",\"url\":\"https:\\\/\\\/www.arquimaster.com.ar\\\/web\\\/\",\"logo\":{\"@type\":\"ImageObject\",\"inLanguage\":\"es\",\"@id\":\"https:\\\/\\\/www.arquimaster.com.ar\\\/web\\\/#\\\/schema\\\/logo\\\/image\\\/\",\"url\":\"https:\\\/\\\/www.arquimaster.com.ar\\\/web\\\/wp-content\\\/uploads\\\/2022\\\/06\\\/arquimaster.png\",\"contentUrl\":\"https:\\\/\\\/www.arquimaster.com.ar\\\/web\\\/wp-content\\\/uploads\\\/2022\\\/06\\\/arquimaster.png\",\"width\":594,\"height\":78,\"caption\":\"Arquimaster\"},\"image\":{\"@id\":\"https:\\\/\\\/www.arquimaster.com.ar\\\/web\\\/#\\\/schema\\\/logo\\\/image\\\/\"},\"sameAs\":[\"http:\\\/\\\/www.facebook.com\\\/ARQUIMASTER.com.ar\",\"https:\\\/\\\/x.com\\\/arquimaster\",\"https:\\\/\\\/www.instagram.com\\\/arquimasterblog\\\/\",\"https:\\\/\\\/www.linkedin.com\\\/company\\\/arquimaster\",\"https:\\\/\\\/www.pinterest.com\\\/arquimaster\",\"https:\\\/\\\/t.me\\\/arquimaster\"]},{\"@type\":\"Person\",\"@id\":\"https:\\\/\\\/www.arquimaster.com.ar\\\/web\\\/#\\\/schema\\\/person\\\/359e9f7c00193fcde068e0dd2ceb0028\",\"name\":\"Arquimaster\"}]}<\/script>\n<!-- \/ Yoast SEO plugin. -->","yoast_head_json":{"title":"Departamento R&amp;J \/ L\u00f3pez Duplan Arquitectos - Arquimaster","description":"Funcionalidad y bienestar, partiendo de una planta circular donde el objetivo de las \u00e1reas p\u00fablicas fue la flexibilidad.","robots":{"index":"index","follow":"follow","max-snippet":"max-snippet:-1","max-image-preview":"max-image-preview:large","max-video-preview":"max-video-preview:-1"},"canonical":"https:\/\/www.arquimaster.com.ar\/web\/departamento-rj-lopez-duplan-arquitectos\/","og_locale":"es_ES","og_type":"article","og_title":"Departamento R&J \/ L\u00f3pez Duplan Arquitectos","og_description":"Funcionalidad y bienestar, partiendo de una planta circular donde el objetivo de las \u00e1reas p\u00fablicas fue la flexibilidad.","og_url":"https:\/\/www.arquimaster.com.ar\/web\/departamento-rj-lopez-duplan-arquitectos\/","og_site_name":"Arquimaster","article_publisher":"http:\/\/www.facebook.com\/ARQUIMASTER.com.ar","article_published_time":"2024-09-07T16:31:08+00:00","article_modified_time":"2025-07-25T01:56:35+00:00","og_image":[{"width":698,"height":364,"url":"https:\/\/www.arquimaster.com.ar\/web\/wp-content\/uploads\/2024\/09\/departamento_rj_slide.jpg","type":"image\/jpeg"}],"author":"Arquimaster","twitter_card":"summary_large_image","twitter_title":"Departamento R&J \/ L\u00f3pez Duplan Arquitectos","twitter_description":"Funcionalidad y bienestar, partiendo de una planta circular donde el objetivo de las \u00e1reas p\u00fablicas fue la flexibilidad.","twitter_image":"https:\/\/www.arquimaster.com.ar\/web\/wp-content\/uploads\/2024\/09\/departamento_rj_slide.jpg","twitter_creator":"@arquimaster","twitter_site":"@arquimaster","twitter_misc":{"Escrito por":"Arquimaster","Tiempo de lectura":"2 minutos"},"schema":{"@context":"https:\/\/schema.org","@graph":[{"@type":"Article","@id":"https:\/\/www.arquimaster.com.ar\/web\/departamento-rj-lopez-duplan-arquitectos\/#article","isPartOf":{"@id":"https:\/\/www.arquimaster.com.ar\/web\/departamento-rj-lopez-duplan-arquitectos\/"},"author":{"name":"Arquimaster","@id":"https:\/\/www.arquimaster.com.ar\/web\/#\/schema\/person\/359e9f7c00193fcde068e0dd2ceb0028"},"headline":"Departamento R&amp;J \/ L\u00f3pez Duplan Arquitectos","datePublished":"2024-09-07T16:31:08+00:00","dateModified":"2025-07-25T01:56:35+00:00","mainEntityOfPage":{"@id":"https:\/\/www.arquimaster.com.ar\/web\/departamento-rj-lopez-duplan-arquitectos\/"},"wordCount":381,"publisher":{"@id":"https:\/\/www.arquimaster.com.ar\/web\/#organization"},"image":{"@id":"https:\/\/www.arquimaster.com.ar\/web\/departamento-rj-lopez-duplan-arquitectos\/#primaryimage"},"thumbnailUrl":"https:\/\/www.arquimaster.com.ar\/web\/wp-content\/uploads\/2024\/09\/departamento_rj_slide.jpg","keywords":["apartamento","Claudia Lopez Duplan","departamento","Lopez Duplan Arquitectos","Mexico","Monterrey","Nuevo Leon"],"articleSection":["Departamentos y Lofts","Proyecto"],"inLanguage":"es"},{"@type":"WebPage","@id":"https:\/\/www.arquimaster.com.ar\/web\/departamento-rj-lopez-duplan-arquitectos\/","url":"https:\/\/www.arquimaster.com.ar\/web\/departamento-rj-lopez-duplan-arquitectos\/","name":"Departamento R&amp;J \/ L\u00f3pez Duplan Arquitectos - Arquimaster","isPartOf":{"@id":"https:\/\/www.arquimaster.com.ar\/web\/#website"},"primaryImageOfPage":{"@id":"https:\/\/www.arquimaster.com.ar\/web\/departamento-rj-lopez-duplan-arquitectos\/#primaryimage"},"image":{"@id":"https:\/\/www.arquimaster.com.ar\/web\/departamento-rj-lopez-duplan-arquitectos\/#primaryimage"},"thumbnailUrl":"https:\/\/www.arquimaster.com.ar\/web\/wp-content\/uploads\/2024\/09\/departamento_rj_slide.jpg","datePublished":"2024-09-07T16:31:08+00:00","dateModified":"2025-07-25T01:56:35+00:00","description":"Funcionalidad y bienestar, partiendo de una planta circular donde el objetivo de las \u00e1reas p\u00fablicas fue la flexibilidad.","breadcrumb":{"@id":"https:\/\/www.arquimaster.com.ar\/web\/departamento-rj-lopez-duplan-arquitectos\/#breadcrumb"},"inLanguage":"es","potentialAction":[{"@type":"ReadAction","target":["https:\/\/www.arquimaster.com.ar\/web\/departamento-rj-lopez-duplan-arquitectos\/"]}]},{"@type":"ImageObject","inLanguage":"es","@id":"https:\/\/www.arquimaster.com.ar\/web\/departamento-rj-lopez-duplan-arquitectos\/#primaryimage","url":"https:\/\/www.arquimaster.com.ar\/web\/wp-content\/uploads\/2024\/09\/departamento_rj_slide.jpg","contentUrl":"https:\/\/www.arquimaster.com.ar\/web\/wp-content\/uploads\/2024\/09\/departamento_rj_slide.jpg","width":698,"height":364,"caption":"Departamento R&J \/ L\u00f3pez Duplan Arquitectos"},{"@type":"BreadcrumbList","@id":"https:\/\/www.arquimaster.com.ar\/web\/departamento-rj-lopez-duplan-arquitectos\/#breadcrumb","itemListElement":[{"@type":"ListItem","position":1,"name":"Portada","item":"https:\/\/www.arquimaster.com.ar\/web\/"},{"@type":"ListItem","position":2,"name":"Departamento R&amp;J \/ L\u00f3pez Duplan Arquitectos"}]},{"@type":"WebSite","@id":"https:\/\/www.arquimaster.com.ar\/web\/#website","url":"https:\/\/www.arquimaster.com.ar\/web\/","name":"Arquimaster","description":"Web de arquitectura, dise\u00f1o y construccion","publisher":{"@id":"https:\/\/www.arquimaster.com.ar\/web\/#organization"},"potentialAction":[{"@type":"SearchAction","target":{"@type":"EntryPoint","urlTemplate":"https:\/\/www.arquimaster.com.ar\/web\/?s={search_term_string}"},"query-input":{"@type":"PropertyValueSpecification","valueRequired":true,"valueName":"search_term_string"}}],"inLanguage":"es"},{"@type":"Organization","@id":"https:\/\/www.arquimaster.com.ar\/web\/#organization","name":"Arquimaster","url":"https:\/\/www.arquimaster.com.ar\/web\/","logo":{"@type":"ImageObject","inLanguage":"es","@id":"https:\/\/www.arquimaster.com.ar\/web\/#\/schema\/logo\/image\/","url":"https:\/\/www.arquimaster.com.ar\/web\/wp-content\/uploads\/2022\/06\/arquimaster.png","contentUrl":"https:\/\/www.arquimaster.com.ar\/web\/wp-content\/uploads\/2022\/06\/arquimaster.png","width":594,"height":78,"caption":"Arquimaster"},"image":{"@id":"https:\/\/www.arquimaster.com.ar\/web\/#\/schema\/logo\/image\/"},"sameAs":["http:\/\/www.facebook.com\/ARQUIMASTER.com.ar","https:\/\/x.com\/arquimaster","https:\/\/www.instagram.com\/arquimasterblog\/","https:\/\/www.linkedin.com\/company\/arquimaster","https:\/\/www.pinterest.com\/arquimaster","https:\/\/t.me\/arquimaster"]},{"@type":"Person","@id":"https:\/\/www.arquimaster.com.ar\/web\/#\/schema\/person\/359e9f7c00193fcde068e0dd2ceb0028","name":"Arquimaster"}]}},"uagb_featured_image_src":{"full":["https:\/\/www.arquimaster.com.ar\/web\/wp-content\/uploads\/2024\/09\/departamento_rj_slide.jpg",698,364,false],"thumbnail":["https:\/\/www.arquimaster.com.ar\/web\/wp-content\/uploads\/2024\/09\/departamento_rj_slide-150x150.jpg",150,150,true],"medium":["https:\/\/www.arquimaster.com.ar\/web\/wp-content\/uploads\/2024\/09\/departamento_rj_slide.jpg",698,364,false],"medium_large":["https:\/\/www.arquimaster.com.ar\/web\/wp-content\/uploads\/2024\/09\/departamento_rj_slide.jpg",698,364,false],"large":["https:\/\/www.arquimaster.com.ar\/web\/wp-content\/uploads\/2024\/09\/departamento_rj_slide.jpg",698,364,false],"1536x1536":["https:\/\/www.arquimaster.com.ar\/web\/wp-content\/uploads\/2024\/09\/departamento_rj_slide.jpg",698,364,false],"2048x2048":["https:\/\/www.arquimaster.com.ar\/web\/wp-content\/uploads\/2024\/09\/departamento_rj_slide.jpg",698,364,false]},"uagb_author_info":{"display_name":"Arquimaster","author_link":"https:\/\/www.arquimaster.com.ar\/web\/author\/arquimaster\/"},"uagb_comment_info":0,"uagb_excerpt":"Funcionalidad y bienestar, partiendo de una planta circular con \u00e1reas p\u00fablicas flexibles...","_links":{"self":[{"href":"https:\/\/www.arquimaster.com.ar\/web\/wp-json\/wp\/v2\/posts\/79449","targetHints":{"allow":["GET"]}}],"collection":[{"href":"https:\/\/www.arquimaster.com.ar\/web\/wp-json\/wp\/v2\/posts"}],"about":[{"href":"https:\/\/www.arquimaster.com.ar\/web\/wp-json\/wp\/v2\/types\/post"}],"author":[{"embeddable":true,"href":"https:\/\/www.arquimaster.com.ar\/web\/wp-json\/wp\/v2\/users\/1"}],"replies":[{"embeddable":true,"href":"https:\/\/www.arquimaster.com.ar\/web\/wp-json\/wp\/v2\/comments?post=79449"}],"version-history":[{"count":3,"href":"https:\/\/www.arquimaster.com.ar\/web\/wp-json\/wp\/v2\/posts\/79449\/revisions"}],"predecessor-version":[{"id":85169,"href":"https:\/\/www.arquimaster.com.ar\/web\/wp-json\/wp\/v2\/posts\/79449\/revisions\/85169"}],"wp:featuredmedia":[{"embeddable":true,"href":"https:\/\/www.arquimaster.com.ar\/web\/wp-json\/wp\/v2\/media\/79450"}],"wp:attachment":[{"href":"https:\/\/www.arquimaster.com.ar\/web\/wp-json\/wp\/v2\/media?parent=79449"}],"wp:term":[{"taxonomy":"category","embeddable":true,"href":"https:\/\/www.arquimaster.com.ar\/web\/wp-json\/wp\/v2\/categories?post=79449"},{"taxonomy":"post_tag","embeddable":true,"href":"https:\/\/www.arquimaster.com.ar\/web\/wp-json\/wp\/v2\/tags?post=79449"}],"curies":[{"name":"wp","href":"https:\/\/api.w.org\/{rel}","templated":true}]}}