{"id":79473,"date":"2024-09-07T13:45:38","date_gmt":"2024-09-07T16:45:38","guid":{"rendered":"https:\/\/www.arquimaster.com.ar\/web\/?p=79473"},"modified":"2025-07-24T22:56:23","modified_gmt":"2025-07-25T01:56:23","slug":"corporativo-nissan-mexico-work","status":"publish","type":"post","link":"https:\/\/www.arquimaster.com.ar\/web\/corporativo-nissan-mexico-work\/","title":{"rendered":"Corporativo Nissan M\u00e9xico \/ Work+"},"content":{"rendered":"<div style=\"margin-top: 0px; margin-bottom: 0px;\" class=\"sharethis-inline-share-buttons\" ><\/div><div class=\"b812932af2e751442846f039925109de\" data-index=\"1\" style=\"float: none; margin:25px 0 25px 0; text-align:center;\">\n<script async src=\"https:\/\/pagead2.googlesyndication.com\/pagead\/js\/adsbygoogle.js\"><\/script>\r\n<!-- Arquimaster (superior) -->\r\n<ins class=\"adsbygoogle\"\r\n     style=\"display:block\"\r\n     data-ad-client=\"ca-pub-6351072698456832\"\r\n     data-ad-slot=\"6455489680\"\r\n     data-ad-format=\"auto\"\r\n     data-full-width-responsive=\"true\"><\/ins>\r\n<script>\r\n     (adsbygoogle = window.adsbygoogle || []).push({});\r\n<\/script>\n<\/div>\n<p><strong>Corporativo Nissan M\u00e9xico<\/strong> (Ciudad de M\u00e9xico, M\u00e9xico) por <strong>Work+<\/strong>. La nueva sede corporativa de Nissan M\u00e9xico consta de 16000 m2 en 11 niveles de espacio de oficinas. Bajo su lema \u00abInnovation that Excites\u00bb, el dise\u00f1o de las nuevas oficinas\u00a0est\u00e1 inspirado en los conceptos de velocidad, movimiento e innovaci\u00f3n.<\/p>\n<div id='gallery-1' class='gallery galleryid-79473 gallery-columns-3 gallery-size-thumbnail'><figure class='gallery-item'>\n\t\t\t<div class='gallery-icon landscape'>\n\t\t\t\t<a href='https:\/\/www.arquimaster.com.ar\/web\/wp-content\/uploads\/2024\/09\/nissan_mexico_1.jpg' title=\"Corporativo Nissan M\u00e9xico \/ Work+ (\u00a9 Jaime Navarro)\" data-rl_title=\"Corporativo Nissan M\u00e9xico \/ Work+ (\u00a9 Jaime Navarro)\" class=\"rl-gallery-link\" data-rl_caption=\"Corporativo Nissan M\u00e9xico \/ Work+ (\u00a9 Jaime Navarro)\" data-rel=\"lightbox-gallery-1\"><img loading=\"lazy\" decoding=\"async\" width=\"150\" height=\"150\" src=\"https:\/\/www.arquimaster.com.ar\/web\/wp-content\/uploads\/2024\/09\/nissan_mexico_1-150x150.jpg\" class=\"attachment-thumbnail size-thumbnail\" alt=\"Corporativo Nissan M\u00e9xico \/ Work+\" aria-describedby=\"gallery-1-79475\" \/><\/a>\n\t\t\t<\/div>\n\t\t\t\t<figcaption class='wp-caption-text gallery-caption' id='gallery-1-79475'>\n\t\t\t\tCorporativo Nissan M\u00e9xico \/ Work+ (\u00a9 Jaime Navarro)\n\t\t\t\t<\/figcaption><\/figure><figure class='gallery-item'>\n\t\t\t<div class='gallery-icon landscape'>\n\t\t\t\t<a href='https:\/\/www.arquimaster.com.ar\/web\/wp-content\/uploads\/2024\/09\/nissan_mexico_2.jpg' title=\"Corporativo Nissan M\u00e9xico \/ Work+ (\u00a9 Jaime Navarro)\" data-rl_title=\"Corporativo Nissan M\u00e9xico \/ Work+ (\u00a9 Jaime Navarro)\" class=\"rl-gallery-link\" data-rl_caption=\"Corporativo Nissan M\u00e9xico \/ Work+ (\u00a9 Jaime Navarro)\" data-rel=\"lightbox-gallery-1\"><img loading=\"lazy\" decoding=\"async\" width=\"150\" height=\"150\" src=\"https:\/\/www.arquimaster.com.ar\/web\/wp-content\/uploads\/2024\/09\/nissan_mexico_2-150x150.jpg\" class=\"attachment-thumbnail size-thumbnail\" alt=\"Corporativo Nissan M\u00e9xico \/ Work+\" aria-describedby=\"gallery-1-79476\" \/><\/a>\n\t\t\t<\/div>\n\t\t\t\t<figcaption class='wp-caption-text gallery-caption' id='gallery-1-79476'>\n\t\t\t\tCorporativo Nissan M\u00e9xico \/ Work+ (\u00a9 Jaime Navarro)\n\t\t\t\t<\/figcaption><\/figure><figure class='gallery-item'>\n\t\t\t<div class='gallery-icon landscape'>\n\t\t\t\t<a href='https:\/\/www.arquimaster.com.ar\/web\/wp-content\/uploads\/2024\/09\/nissan_mexico_3.jpg' title=\"Corporativo Nissan M\u00e9xico \/ Work+ (\u00a9 Jaime Navarro)\" data-rl_title=\"Corporativo Nissan M\u00e9xico \/ Work+ (\u00a9 Jaime Navarro)\" class=\"rl-gallery-link\" data-rl_caption=\"Corporativo Nissan M\u00e9xico \/ Work+ (\u00a9 Jaime Navarro)\" data-rel=\"lightbox-gallery-1\"><img loading=\"lazy\" decoding=\"async\" width=\"150\" height=\"150\" src=\"https:\/\/www.arquimaster.com.ar\/web\/wp-content\/uploads\/2024\/09\/nissan_mexico_3-150x150.jpg\" class=\"attachment-thumbnail size-thumbnail\" alt=\"Corporativo Nissan M\u00e9xico \/ Work+\" aria-describedby=\"gallery-1-79477\" \/><\/a>\n\t\t\t<\/div>\n\t\t\t\t<figcaption class='wp-caption-text gallery-caption' id='gallery-1-79477'>\n\t\t\t\tCorporativo Nissan M\u00e9xico \/ Work+ (\u00a9 Jaime Navarro)\n\t\t\t\t<\/figcaption><\/figure><figure class='gallery-item'>\n\t\t\t<div class='gallery-icon landscape'>\n\t\t\t\t<a href='https:\/\/www.arquimaster.com.ar\/web\/wp-content\/uploads\/2024\/09\/nissan_mexico_4.jpg' title=\"Corporativo Nissan M\u00e9xico \/ Work+ (\u00a9 Jaime Navarro)\" data-rl_title=\"Corporativo Nissan M\u00e9xico \/ Work+ (\u00a9 Jaime Navarro)\" class=\"rl-gallery-link\" data-rl_caption=\"Corporativo Nissan M\u00e9xico \/ Work+ (\u00a9 Jaime Navarro)\" data-rel=\"lightbox-gallery-1\"><img loading=\"lazy\" decoding=\"async\" width=\"150\" height=\"150\" src=\"https:\/\/www.arquimaster.com.ar\/web\/wp-content\/uploads\/2024\/09\/nissan_mexico_4-150x150.jpg\" class=\"attachment-thumbnail size-thumbnail\" alt=\"Corporativo Nissan M\u00e9xico \/ Work+\" aria-describedby=\"gallery-1-79478\" \/><\/a>\n\t\t\t<\/div>\n\t\t\t\t<figcaption class='wp-caption-text gallery-caption' id='gallery-1-79478'>\n\t\t\t\tCorporativo Nissan M\u00e9xico \/ Work+ (\u00a9 Jaime Navarro)\n\t\t\t\t<\/figcaption><\/figure><figure class='gallery-item'>\n\t\t\t<div class='gallery-icon landscape'>\n\t\t\t\t<a href='https:\/\/www.arquimaster.com.ar\/web\/wp-content\/uploads\/2024\/09\/nissan_mexico_5.jpg' title=\"Corporativo Nissan M\u00e9xico \/ Work+ (\u00a9 Jaime Navarro)\" data-rl_title=\"Corporativo Nissan M\u00e9xico \/ Work+ (\u00a9 Jaime Navarro)\" class=\"rl-gallery-link\" data-rl_caption=\"Corporativo Nissan M\u00e9xico \/ Work+ (\u00a9 Jaime Navarro)\" data-rel=\"lightbox-gallery-1\"><img loading=\"lazy\" decoding=\"async\" width=\"150\" height=\"150\" src=\"https:\/\/www.arquimaster.com.ar\/web\/wp-content\/uploads\/2024\/09\/nissan_mexico_5-150x150.jpg\" class=\"attachment-thumbnail size-thumbnail\" alt=\"Corporativo Nissan M\u00e9xico \/ Work+\" aria-describedby=\"gallery-1-79479\" \/><\/a>\n\t\t\t<\/div>\n\t\t\t\t<figcaption class='wp-caption-text gallery-caption' id='gallery-1-79479'>\n\t\t\t\tCorporativo Nissan M\u00e9xico \/ Work+ (\u00a9 Jaime Navarro)\n\t\t\t\t<\/figcaption><\/figure><figure class='gallery-item'>\n\t\t\t<div class='gallery-icon landscape'>\n\t\t\t\t<a href='https:\/\/www.arquimaster.com.ar\/web\/wp-content\/uploads\/2024\/09\/nissan_mexico_6.jpg' title=\"Corporativo Nissan M\u00e9xico \/ Work+ (\u00a9 Jaime Navarro)\" data-rl_title=\"Corporativo Nissan M\u00e9xico \/ Work+ (\u00a9 Jaime Navarro)\" class=\"rl-gallery-link\" data-rl_caption=\"Corporativo Nissan M\u00e9xico \/ Work+ (\u00a9 Jaime Navarro)\" data-rel=\"lightbox-gallery-1\"><img loading=\"lazy\" decoding=\"async\" width=\"150\" height=\"150\" src=\"https:\/\/www.arquimaster.com.ar\/web\/wp-content\/uploads\/2024\/09\/nissan_mexico_6-150x150.jpg\" class=\"attachment-thumbnail size-thumbnail\" alt=\"Corporativo Nissan M\u00e9xico \/ Work+\" aria-describedby=\"gallery-1-79480\" \/><\/a>\n\t\t\t<\/div>\n\t\t\t\t<figcaption class='wp-caption-text gallery-caption' id='gallery-1-79480'>\n\t\t\t\tCorporativo Nissan M\u00e9xico \/ Work+ (\u00a9 Jaime Navarro)\n\t\t\t\t<\/figcaption><\/figure><figure class='gallery-item'>\n\t\t\t<div class='gallery-icon landscape'>\n\t\t\t\t<a href='https:\/\/www.arquimaster.com.ar\/web\/wp-content\/uploads\/2024\/09\/nissan_mexico_7.jpg' title=\"Corporativo Nissan M\u00e9xico \/ Work+ (\u00a9 Jaime Navarro)\" data-rl_title=\"Corporativo Nissan M\u00e9xico \/ Work+ (\u00a9 Jaime Navarro)\" class=\"rl-gallery-link\" data-rl_caption=\"Corporativo Nissan M\u00e9xico \/ Work+ (\u00a9 Jaime Navarro)\" data-rel=\"lightbox-gallery-1\"><img loading=\"lazy\" decoding=\"async\" width=\"150\" height=\"150\" src=\"https:\/\/www.arquimaster.com.ar\/web\/wp-content\/uploads\/2024\/09\/nissan_mexico_7-150x150.jpg\" class=\"attachment-thumbnail size-thumbnail\" alt=\"Corporativo Nissan M\u00e9xico \/ Work+\" aria-describedby=\"gallery-1-79481\" \/><\/a>\n\t\t\t<\/div>\n\t\t\t\t<figcaption class='wp-caption-text gallery-caption' id='gallery-1-79481'>\n\t\t\t\tCorporativo Nissan M\u00e9xico \/ Work+ (\u00a9 Jaime Navarro)\n\t\t\t\t<\/figcaption><\/figure><figure class='gallery-item'>\n\t\t\t<div class='gallery-icon landscape'>\n\t\t\t\t<a href='https:\/\/www.arquimaster.com.ar\/web\/wp-content\/uploads\/2024\/09\/nissan_mexico_8.jpg' title=\"Corporativo Nissan M\u00e9xico \/ Work+ (\u00a9 Jaime Navarro)\" data-rl_title=\"Corporativo Nissan M\u00e9xico \/ Work+ (\u00a9 Jaime Navarro)\" class=\"rl-gallery-link\" data-rl_caption=\"Corporativo Nissan M\u00e9xico \/ Work+ (\u00a9 Jaime Navarro)\" data-rel=\"lightbox-gallery-1\"><img loading=\"lazy\" decoding=\"async\" width=\"150\" height=\"150\" src=\"https:\/\/www.arquimaster.com.ar\/web\/wp-content\/uploads\/2024\/09\/nissan_mexico_8-150x150.jpg\" class=\"attachment-thumbnail size-thumbnail\" alt=\"Corporativo Nissan M\u00e9xico \/ Work+\" aria-describedby=\"gallery-1-79482\" \/><\/a>\n\t\t\t<\/div>\n\t\t\t\t<figcaption class='wp-caption-text gallery-caption' id='gallery-1-79482'>\n\t\t\t\tCorporativo Nissan M\u00e9xico \/ Work+ (\u00a9 Jaime Navarro)\n\t\t\t\t<\/figcaption><\/figure><figure class='gallery-item'>\n\t\t\t<div class='gallery-icon landscape'>\n\t\t\t\t<a href='https:\/\/www.arquimaster.com.ar\/web\/wp-content\/uploads\/2024\/09\/nissan_mexico_9.jpg' title=\"Corporativo Nissan M\u00e9xico \/ Work+ (\u00a9 Jaime Navarro)\" data-rl_title=\"Corporativo Nissan M\u00e9xico \/ Work+ (\u00a9 Jaime Navarro)\" class=\"rl-gallery-link\" data-rl_caption=\"Corporativo Nissan M\u00e9xico \/ Work+ (\u00a9 Jaime Navarro)\" data-rel=\"lightbox-gallery-1\"><img loading=\"lazy\" decoding=\"async\" width=\"150\" height=\"150\" src=\"https:\/\/www.arquimaster.com.ar\/web\/wp-content\/uploads\/2024\/09\/nissan_mexico_9-150x150.jpg\" class=\"attachment-thumbnail size-thumbnail\" alt=\"Corporativo Nissan M\u00e9xico \/ Work+\" aria-describedby=\"gallery-1-79483\" \/><\/a>\n\t\t\t<\/div>\n\t\t\t\t<figcaption class='wp-caption-text gallery-caption' id='gallery-1-79483'>\n\t\t\t\tCorporativo Nissan M\u00e9xico \/ Work+ (\u00a9 Jaime Navarro)\n\t\t\t\t<\/figcaption><\/figure><figure class='gallery-item'>\n\t\t\t<div class='gallery-icon landscape'>\n\t\t\t\t<a href='https:\/\/www.arquimaster.com.ar\/web\/wp-content\/uploads\/2024\/09\/nissan_mexico_10.jpg' title=\"Corporativo Nissan M\u00e9xico \/ Work+ (\u00a9 Jaime Navarro)\" data-rl_title=\"Corporativo Nissan M\u00e9xico \/ Work+ (\u00a9 Jaime Navarro)\" class=\"rl-gallery-link\" data-rl_caption=\"Corporativo Nissan M\u00e9xico \/ Work+ (\u00a9 Jaime Navarro)\" data-rel=\"lightbox-gallery-1\"><img loading=\"lazy\" decoding=\"async\" width=\"150\" height=\"150\" src=\"https:\/\/www.arquimaster.com.ar\/web\/wp-content\/uploads\/2024\/09\/nissan_mexico_10-150x150.jpg\" class=\"attachment-thumbnail size-thumbnail\" alt=\"Corporativo Nissan M\u00e9xico \/ Work+\" aria-describedby=\"gallery-1-79484\" \/><\/a>\n\t\t\t<\/div>\n\t\t\t\t<figcaption class='wp-caption-text gallery-caption' id='gallery-1-79484'>\n\t\t\t\tCorporativo Nissan M\u00e9xico \/ Work+ (\u00a9 Jaime Navarro)\n\t\t\t\t<\/figcaption><\/figure><figure class='gallery-item'>\n\t\t\t<div class='gallery-icon landscape'>\n\t\t\t\t<a href='https:\/\/www.arquimaster.com.ar\/web\/wp-content\/uploads\/2024\/09\/nissan_mexico_11.jpg' title=\"Corporativo Nissan M\u00e9xico \/ Work+ (\u00a9 Jaime Navarro)\" data-rl_title=\"Corporativo Nissan M\u00e9xico \/ Work+ (\u00a9 Jaime Navarro)\" class=\"rl-gallery-link\" data-rl_caption=\"Corporativo Nissan M\u00e9xico \/ Work+ (\u00a9 Jaime Navarro)\" data-rel=\"lightbox-gallery-1\"><img loading=\"lazy\" decoding=\"async\" width=\"150\" height=\"150\" src=\"https:\/\/www.arquimaster.com.ar\/web\/wp-content\/uploads\/2024\/09\/nissan_mexico_11-150x150.jpg\" class=\"attachment-thumbnail size-thumbnail\" alt=\"Corporativo Nissan M\u00e9xico \/ Work+\" aria-describedby=\"gallery-1-79485\" \/><\/a>\n\t\t\t<\/div>\n\t\t\t\t<figcaption class='wp-caption-text gallery-caption' id='gallery-1-79485'>\n\t\t\t\tCorporativo Nissan M\u00e9xico \/ Work+ (\u00a9 Jaime Navarro)\n\t\t\t\t<\/figcaption><\/figure><figure class='gallery-item'>\n\t\t\t<div class='gallery-icon landscape'>\n\t\t\t\t<a href='https:\/\/www.arquimaster.com.ar\/web\/wp-content\/uploads\/2024\/09\/nissan_mexico_12.jpg' title=\"Corporativo Nissan M\u00e9xico \/ Work+ (\u00a9 Jaime Navarro)\" data-rl_title=\"Corporativo Nissan M\u00e9xico \/ Work+ (\u00a9 Jaime Navarro)\" class=\"rl-gallery-link\" data-rl_caption=\"Corporativo Nissan M\u00e9xico \/ Work+ (\u00a9 Jaime Navarro)\" data-rel=\"lightbox-gallery-1\"><img loading=\"lazy\" decoding=\"async\" width=\"150\" height=\"150\" src=\"https:\/\/www.arquimaster.com.ar\/web\/wp-content\/uploads\/2024\/09\/nissan_mexico_12-150x150.jpg\" class=\"attachment-thumbnail size-thumbnail\" alt=\"Corporativo Nissan M\u00e9xico \/ Work+\" aria-describedby=\"gallery-1-79486\" \/><\/a>\n\t\t\t<\/div>\n\t\t\t\t<figcaption class='wp-caption-text gallery-caption' id='gallery-1-79486'>\n\t\t\t\tCorporativo Nissan M\u00e9xico \/ Work+ (\u00a9 Jaime Navarro)\n\t\t\t\t<\/figcaption><\/figure><figure class='gallery-item'>\n\t\t\t<div class='gallery-icon landscape'>\n\t\t\t\t<a href='https:\/\/www.arquimaster.com.ar\/web\/wp-content\/uploads\/2024\/09\/nissan_mexico_13.jpg' title=\"Corporativo Nissan M\u00e9xico \/ Work+ (\u00a9 Jaime Navarro)\" data-rl_title=\"Corporativo Nissan M\u00e9xico \/ Work+ (\u00a9 Jaime Navarro)\" class=\"rl-gallery-link\" data-rl_caption=\"Corporativo Nissan M\u00e9xico \/ Work+ (\u00a9 Jaime Navarro)\" data-rel=\"lightbox-gallery-1\"><img loading=\"lazy\" decoding=\"async\" width=\"150\" height=\"150\" src=\"https:\/\/www.arquimaster.com.ar\/web\/wp-content\/uploads\/2024\/09\/nissan_mexico_13-150x150.jpg\" class=\"attachment-thumbnail size-thumbnail\" alt=\"Corporativo Nissan M\u00e9xico \/ Work+\" aria-describedby=\"gallery-1-79487\" \/><\/a>\n\t\t\t<\/div>\n\t\t\t\t<figcaption class='wp-caption-text gallery-caption' id='gallery-1-79487'>\n\t\t\t\tCorporativo Nissan M\u00e9xico \/ Work+ (\u00a9 Jaime Navarro)\n\t\t\t\t<\/figcaption><\/figure><figure class='gallery-item'>\n\t\t\t<div class='gallery-icon landscape'>\n\t\t\t\t<a href='https:\/\/www.arquimaster.com.ar\/web\/wp-content\/uploads\/2024\/09\/nissan_mexico_14.jpg' title=\"Corporativo Nissan M\u00e9xico \/ Work+ (\u00a9 Jaime Navarro)\" data-rl_title=\"Corporativo Nissan M\u00e9xico \/ Work+ (\u00a9 Jaime Navarro)\" class=\"rl-gallery-link\" data-rl_caption=\"Corporativo Nissan M\u00e9xico \/ Work+ (\u00a9 Jaime Navarro)\" data-rel=\"lightbox-gallery-1\"><img loading=\"lazy\" decoding=\"async\" width=\"150\" height=\"150\" src=\"https:\/\/www.arquimaster.com.ar\/web\/wp-content\/uploads\/2024\/09\/nissan_mexico_14-150x150.jpg\" class=\"attachment-thumbnail size-thumbnail\" alt=\"Corporativo Nissan M\u00e9xico \/ Work+\" aria-describedby=\"gallery-1-79488\" \/><\/a>\n\t\t\t<\/div>\n\t\t\t\t<figcaption class='wp-caption-text gallery-caption' id='gallery-1-79488'>\n\t\t\t\tCorporativo Nissan M\u00e9xico \/ Work+ (\u00a9 Jaime Navarro)\n\t\t\t\t<\/figcaption><\/figure><figure class='gallery-item'>\n\t\t\t<div class='gallery-icon landscape'>\n\t\t\t\t<a href='https:\/\/www.arquimaster.com.ar\/web\/wp-content\/uploads\/2024\/09\/nissan_mexico_15.jpg' title=\"Corporativo Nissan M\u00e9xico \/ Work+ (\u00a9 Jaime Navarro)\" data-rl_title=\"Corporativo Nissan M\u00e9xico \/ Work+ (\u00a9 Jaime Navarro)\" class=\"rl-gallery-link\" data-rl_caption=\"Corporativo Nissan M\u00e9xico \/ Work+ (\u00a9 Jaime Navarro)\" data-rel=\"lightbox-gallery-1\"><img loading=\"lazy\" decoding=\"async\" width=\"150\" height=\"150\" src=\"https:\/\/www.arquimaster.com.ar\/web\/wp-content\/uploads\/2024\/09\/nissan_mexico_15-150x150.jpg\" class=\"attachment-thumbnail size-thumbnail\" alt=\"Corporativo Nissan M\u00e9xico \/ Work+\" aria-describedby=\"gallery-1-79489\" \/><\/a>\n\t\t\t<\/div>\n\t\t\t\t<figcaption class='wp-caption-text gallery-caption' id='gallery-1-79489'>\n\t\t\t\tCorporativo Nissan M\u00e9xico \/ Work+ (\u00a9 Jaime Navarro)\n\t\t\t\t<\/figcaption><\/figure><figure class='gallery-item'>\n\t\t\t<div class='gallery-icon landscape'>\n\t\t\t\t<a href='https:\/\/www.arquimaster.com.ar\/web\/wp-content\/uploads\/2024\/09\/nissan_mexico_16.jpg' title=\"Corporativo Nissan M\u00e9xico \/ Work+ (\u00a9 Jaime Navarro)\" data-rl_title=\"Corporativo Nissan M\u00e9xico \/ Work+ (\u00a9 Jaime Navarro)\" class=\"rl-gallery-link\" data-rl_caption=\"Corporativo Nissan M\u00e9xico \/ Work+ (\u00a9 Jaime Navarro)\" data-rel=\"lightbox-gallery-1\"><img loading=\"lazy\" decoding=\"async\" width=\"150\" height=\"150\" src=\"https:\/\/www.arquimaster.com.ar\/web\/wp-content\/uploads\/2024\/09\/nissan_mexico_16-150x150.jpg\" class=\"attachment-thumbnail size-thumbnail\" alt=\"Corporativo Nissan M\u00e9xico \/ Work+\" aria-describedby=\"gallery-1-79490\" \/><\/a>\n\t\t\t<\/div>\n\t\t\t\t<figcaption class='wp-caption-text gallery-caption' id='gallery-1-79490'>\n\t\t\t\tCorporativo Nissan M\u00e9xico \/ Work+ (\u00a9 Jaime Navarro)\n\t\t\t\t<\/figcaption><\/figure><figure class='gallery-item'>\n\t\t\t<div class='gallery-icon landscape'>\n\t\t\t\t<a href='https:\/\/www.arquimaster.com.ar\/web\/wp-content\/uploads\/2024\/09\/nissan_mexico_17.jpg' title=\"Corporativo Nissan M\u00e9xico \/ Work+ (\u00a9 Jaime Navarro)\" data-rl_title=\"Corporativo Nissan M\u00e9xico \/ Work+ (\u00a9 Jaime Navarro)\" class=\"rl-gallery-link\" data-rl_caption=\"Corporativo Nissan M\u00e9xico \/ Work+ (\u00a9 Jaime Navarro)\" data-rel=\"lightbox-gallery-1\"><img loading=\"lazy\" decoding=\"async\" width=\"150\" height=\"150\" src=\"https:\/\/www.arquimaster.com.ar\/web\/wp-content\/uploads\/2024\/09\/nissan_mexico_17-150x150.jpg\" class=\"attachment-thumbnail size-thumbnail\" alt=\"Corporativo Nissan M\u00e9xico \/ Work+\" aria-describedby=\"gallery-1-79491\" \/><\/a>\n\t\t\t<\/div>\n\t\t\t\t<figcaption class='wp-caption-text gallery-caption' id='gallery-1-79491'>\n\t\t\t\tCorporativo Nissan M\u00e9xico \/ Work+ (\u00a9 Jaime Navarro)\n\t\t\t\t<\/figcaption><\/figure><figure class='gallery-item'>\n\t\t\t<div class='gallery-icon landscape'>\n\t\t\t\t<a href='https:\/\/www.arquimaster.com.ar\/web\/wp-content\/uploads\/2024\/09\/nissan_mexico_18.jpg' title=\"Corporativo Nissan M\u00e9xico \/ Work+ (\u00a9 Jaime Navarro)\" data-rl_title=\"Corporativo Nissan M\u00e9xico \/ Work+ (\u00a9 Jaime Navarro)\" class=\"rl-gallery-link\" data-rl_caption=\"Corporativo Nissan M\u00e9xico \/ Work+ (\u00a9 Jaime Navarro)\" data-rel=\"lightbox-gallery-1\"><img loading=\"lazy\" decoding=\"async\" width=\"150\" height=\"150\" src=\"https:\/\/www.arquimaster.com.ar\/web\/wp-content\/uploads\/2024\/09\/nissan_mexico_18-150x150.jpg\" class=\"attachment-thumbnail size-thumbnail\" alt=\"Corporativo Nissan M\u00e9xico \/ Work+\" aria-describedby=\"gallery-1-79492\" \/><\/a>\n\t\t\t<\/div>\n\t\t\t\t<figcaption class='wp-caption-text gallery-caption' id='gallery-1-79492'>\n\t\t\t\tCorporativo Nissan M\u00e9xico \/ Work+ (\u00a9 Jaime Navarro)\n\t\t\t\t<\/figcaption><\/figure><figure class='gallery-item'>\n\t\t\t<div class='gallery-icon landscape'>\n\t\t\t\t<a href='https:\/\/www.arquimaster.com.ar\/web\/wp-content\/uploads\/2024\/09\/nissan_mexico_19.jpg' title=\"Corporativo Nissan M\u00e9xico \/ Work+ (planta nivel 17)\" data-rl_title=\"Corporativo Nissan M\u00e9xico \/ Work+ (planta nivel 17)\" class=\"rl-gallery-link\" data-rl_caption=\"Corporativo Nissan M\u00e9xico \/ Work+ (planta nivel 17)\" data-rel=\"lightbox-gallery-1\"><img loading=\"lazy\" decoding=\"async\" width=\"150\" height=\"150\" src=\"https:\/\/www.arquimaster.com.ar\/web\/wp-content\/uploads\/2024\/09\/nissan_mexico_19-150x150.jpg\" class=\"attachment-thumbnail size-thumbnail\" alt=\"Corporativo Nissan M\u00e9xico \/ Work+\" aria-describedby=\"gallery-1-79493\" \/><\/a>\n\t\t\t<\/div>\n\t\t\t\t<figcaption class='wp-caption-text gallery-caption' id='gallery-1-79493'>\n\t\t\t\tCorporativo Nissan M\u00e9xico \/ Work+ (planta nivel 17)\n\t\t\t\t<\/figcaption><\/figure><figure class='gallery-item'>\n\t\t\t<div class='gallery-icon landscape'>\n\t\t\t\t<a href='https:\/\/www.arquimaster.com.ar\/web\/wp-content\/uploads\/2024\/09\/nissan_mexico_20.jpg' title=\"Corporativo Nissan M\u00e9xico \/ Work+ (planta nivel 19)\" data-rl_title=\"Corporativo Nissan M\u00e9xico \/ Work+ (planta nivel 19)\" class=\"rl-gallery-link\" data-rl_caption=\"Corporativo Nissan M\u00e9xico \/ Work+ (planta nivel 19)\" data-rel=\"lightbox-gallery-1\"><img loading=\"lazy\" decoding=\"async\" width=\"150\" height=\"150\" src=\"https:\/\/www.arquimaster.com.ar\/web\/wp-content\/uploads\/2024\/09\/nissan_mexico_20-150x150.jpg\" class=\"attachment-thumbnail size-thumbnail\" alt=\"Corporativo Nissan M\u00e9xico \/ Work+\" aria-describedby=\"gallery-1-79494\" \/><\/a>\n\t\t\t<\/div>\n\t\t\t\t<figcaption class='wp-caption-text gallery-caption' id='gallery-1-79494'>\n\t\t\t\tCorporativo Nissan M\u00e9xico \/ Work+ (planta nivel 19)\n\t\t\t\t<\/figcaption><\/figure><figure class='gallery-item'>\n\t\t\t<div class='gallery-icon landscape'>\n\t\t\t\t<a href='https:\/\/www.arquimaster.com.ar\/web\/wp-content\/uploads\/2024\/09\/nissan_mexico_21.jpg' title=\"Corporativo Nissan M\u00e9xico \/ Work+ (planta nivel 20)\" data-rl_title=\"Corporativo Nissan M\u00e9xico \/ Work+ (planta nivel 20)\" class=\"rl-gallery-link\" data-rl_caption=\"Corporativo Nissan M\u00e9xico \/ Work+ (planta nivel 20)\" data-rel=\"lightbox-gallery-1\"><img loading=\"lazy\" decoding=\"async\" width=\"150\" height=\"150\" src=\"https:\/\/www.arquimaster.com.ar\/web\/wp-content\/uploads\/2024\/09\/nissan_mexico_21-150x150.jpg\" class=\"attachment-thumbnail size-thumbnail\" alt=\"Corporativo Nissan M\u00e9xico \/ Work+\" aria-describedby=\"gallery-1-79495\" \/><\/a>\n\t\t\t<\/div>\n\t\t\t\t<figcaption class='wp-caption-text gallery-caption' id='gallery-1-79495'>\n\t\t\t\tCorporativo Nissan M\u00e9xico \/ Work+ (planta nivel 20)\n\t\t\t\t<\/figcaption><\/figure><figure class='gallery-item'>\n\t\t\t<div class='gallery-icon landscape'>\n\t\t\t\t<a href='https:\/\/www.arquimaster.com.ar\/web\/wp-content\/uploads\/2024\/09\/nissan_mexico_22.jpg' title=\"Corporativo Nissan M\u00e9xico \/ Work+ (planta nivel 21)\" data-rl_title=\"Corporativo Nissan M\u00e9xico \/ Work+ (planta nivel 21)\" class=\"rl-gallery-link\" data-rl_caption=\"Corporativo Nissan M\u00e9xico \/ Work+ (planta nivel 21)\" data-rel=\"lightbox-gallery-1\"><img loading=\"lazy\" decoding=\"async\" width=\"150\" height=\"150\" src=\"https:\/\/www.arquimaster.com.ar\/web\/wp-content\/uploads\/2024\/09\/nissan_mexico_22-150x150.jpg\" class=\"attachment-thumbnail size-thumbnail\" alt=\"Corporativo Nissan M\u00e9xico \/ Work+\" aria-describedby=\"gallery-1-79496\" \/><\/a>\n\t\t\t<\/div>\n\t\t\t\t<figcaption class='wp-caption-text gallery-caption' id='gallery-1-79496'>\n\t\t\t\tCorporativo Nissan M\u00e9xico \/ Work+ (planta nivel 21)\n\t\t\t\t<\/figcaption><\/figure><figure class='gallery-item'>\n\t\t\t<div class='gallery-icon landscape'>\n\t\t\t\t<a href='https:\/\/www.arquimaster.com.ar\/web\/wp-content\/uploads\/2024\/09\/nissan_mexico_23.jpg' title=\"Corporativo Nissan M\u00e9xico \/ Work+ (planta nivel 22)\" data-rl_title=\"Corporativo Nissan M\u00e9xico \/ Work+ (planta nivel 22)\" class=\"rl-gallery-link\" data-rl_caption=\"Corporativo Nissan M\u00e9xico \/ Work+ (planta nivel 22)\" data-rel=\"lightbox-gallery-1\"><img loading=\"lazy\" decoding=\"async\" width=\"150\" height=\"150\" src=\"https:\/\/www.arquimaster.com.ar\/web\/wp-content\/uploads\/2024\/09\/nissan_mexico_23-150x150.jpg\" class=\"attachment-thumbnail size-thumbnail\" alt=\"Corporativo Nissan M\u00e9xico \/ Work+\" aria-describedby=\"gallery-1-79497\" \/><\/a>\n\t\t\t<\/div>\n\t\t\t\t<figcaption class='wp-caption-text gallery-caption' id='gallery-1-79497'>\n\t\t\t\tCorporativo Nissan M\u00e9xico \/ Work+ (planta nivel 22)\n\t\t\t\t<\/figcaption><\/figure><figure class='gallery-item'>\n\t\t\t<div class='gallery-icon landscape'>\n\t\t\t\t<a href='https:\/\/www.arquimaster.com.ar\/web\/wp-content\/uploads\/2024\/09\/nissan_mexico_24.jpg' title=\"Corporativo Nissan M\u00e9xico \/ Work+ (planta nivel 23)\" data-rl_title=\"Corporativo Nissan M\u00e9xico \/ Work+ (planta nivel 23)\" class=\"rl-gallery-link\" data-rl_caption=\"Corporativo Nissan M\u00e9xico \/ Work+ (planta nivel 23)\" data-rel=\"lightbox-gallery-1\"><img loading=\"lazy\" decoding=\"async\" width=\"150\" height=\"150\" src=\"https:\/\/www.arquimaster.com.ar\/web\/wp-content\/uploads\/2024\/09\/nissan_mexico_24-150x150.jpg\" class=\"attachment-thumbnail size-thumbnail\" alt=\"Corporativo Nissan M\u00e9xico \/ Work+\" aria-describedby=\"gallery-1-79498\" \/><\/a>\n\t\t\t<\/div>\n\t\t\t\t<figcaption class='wp-caption-text gallery-caption' id='gallery-1-79498'>\n\t\t\t\tCorporativo Nissan M\u00e9xico \/ Work+ (planta nivel 23)\n\t\t\t\t<\/figcaption><\/figure><figure class='gallery-item'>\n\t\t\t<div class='gallery-icon landscape'>\n\t\t\t\t<a href='https:\/\/www.arquimaster.com.ar\/web\/wp-content\/uploads\/2024\/09\/nissan_mexico_25.jpg' title=\"Corporativo Nissan M\u00e9xico \/ Work+ (planta nivel 24)\" data-rl_title=\"Corporativo Nissan M\u00e9xico \/ Work+ (planta nivel 24)\" class=\"rl-gallery-link\" data-rl_caption=\"Corporativo Nissan M\u00e9xico \/ Work+ (planta nivel 24)\" data-rel=\"lightbox-gallery-1\"><img loading=\"lazy\" decoding=\"async\" width=\"150\" height=\"150\" src=\"https:\/\/www.arquimaster.com.ar\/web\/wp-content\/uploads\/2024\/09\/nissan_mexico_25-150x150.jpg\" class=\"attachment-thumbnail size-thumbnail\" alt=\"Corporativo Nissan M\u00e9xico \/ Work+\" aria-describedby=\"gallery-1-79499\" \/><\/a>\n\t\t\t<\/div>\n\t\t\t\t<figcaption class='wp-caption-text gallery-caption' id='gallery-1-79499'>\n\t\t\t\tCorporativo Nissan M\u00e9xico \/ Work+ (planta nivel 24)\n\t\t\t\t<\/figcaption><\/figure><figure class='gallery-item'>\n\t\t\t<div class='gallery-icon landscape'>\n\t\t\t\t<a href='https:\/\/www.arquimaster.com.ar\/web\/wp-content\/uploads\/2024\/09\/nissan_mexico_26.jpg' title=\"Corporativo Nissan M\u00e9xico \/ Work+ (planta nivel 25)\" data-rl_title=\"Corporativo Nissan M\u00e9xico \/ Work+ (planta nivel 25)\" class=\"rl-gallery-link\" data-rl_caption=\"Corporativo Nissan M\u00e9xico \/ Work+ (planta nivel 25)\" data-rel=\"lightbox-gallery-1\"><img loading=\"lazy\" decoding=\"async\" width=\"150\" height=\"150\" src=\"https:\/\/www.arquimaster.com.ar\/web\/wp-content\/uploads\/2024\/09\/nissan_mexico_26-150x150.jpg\" class=\"attachment-thumbnail size-thumbnail\" alt=\"Corporativo Nissan M\u00e9xico \/ Work+\" aria-describedby=\"gallery-1-79500\" \/><\/a>\n\t\t\t<\/div>\n\t\t\t\t<figcaption class='wp-caption-text gallery-caption' id='gallery-1-79500'>\n\t\t\t\tCorporativo Nissan M\u00e9xico \/ Work+ (planta nivel 25)\n\t\t\t\t<\/figcaption><\/figure><figure class='gallery-item'>\n\t\t\t<div class='gallery-icon landscape'>\n\t\t\t\t<a href='https:\/\/www.arquimaster.com.ar\/web\/wp-content\/uploads\/2024\/09\/nissan_mexico_27.jpg' title=\"Corporativo Nissan M\u00e9xico \/ Work+ (planta nivel 26)\" data-rl_title=\"Corporativo Nissan M\u00e9xico \/ Work+ (planta nivel 26)\" class=\"rl-gallery-link\" data-rl_caption=\"Corporativo Nissan M\u00e9xico \/ Work+ (planta nivel 26)\" data-rel=\"lightbox-gallery-1\"><img loading=\"lazy\" decoding=\"async\" width=\"150\" height=\"150\" src=\"https:\/\/www.arquimaster.com.ar\/web\/wp-content\/uploads\/2024\/09\/nissan_mexico_27-150x150.jpg\" class=\"attachment-thumbnail size-thumbnail\" alt=\"Corporativo Nissan M\u00e9xico \/ Work+\" aria-describedby=\"gallery-1-79501\" \/><\/a>\n\t\t\t<\/div>\n\t\t\t\t<figcaption class='wp-caption-text gallery-caption' id='gallery-1-79501'>\n\t\t\t\tCorporativo Nissan M\u00e9xico \/ Work+ (planta nivel 26)\n\t\t\t\t<\/figcaption><\/figure><figure class='gallery-item'>\n\t\t\t<div class='gallery-icon landscape'>\n\t\t\t\t<a href='https:\/\/www.arquimaster.com.ar\/web\/wp-content\/uploads\/2024\/09\/nissan_mexico_28.jpg' title=\"Corporativo Nissan M\u00e9xico \/ Work+ (planta nivel 27)\" data-rl_title=\"Corporativo Nissan M\u00e9xico \/ Work+ (planta nivel 27)\" class=\"rl-gallery-link\" data-rl_caption=\"Corporativo Nissan M\u00e9xico \/ Work+ (planta nivel 27)\" data-rel=\"lightbox-gallery-1\"><img loading=\"lazy\" decoding=\"async\" width=\"150\" height=\"150\" src=\"https:\/\/www.arquimaster.com.ar\/web\/wp-content\/uploads\/2024\/09\/nissan_mexico_28-150x150.jpg\" class=\"attachment-thumbnail size-thumbnail\" alt=\"Corporativo Nissan M\u00e9xico \/ Work+\" aria-describedby=\"gallery-1-79502\" \/><\/a>\n\t\t\t<\/div>\n\t\t\t\t<figcaption class='wp-caption-text gallery-caption' id='gallery-1-79502'>\n\t\t\t\tCorporativo Nissan M\u00e9xico \/ Work+ (planta nivel 27)\n\t\t\t\t<\/figcaption><\/figure>\n\t\t<\/div>\n\n<p>El equipo de dise\u00f1o de Work+ implemento soluciones din\u00e1micas que incorporan espacios de trabajo flexibles \u00abshare space\u00bb en donde los ambientes compartidos, la movilidad y el mobiliario din\u00e1mico son ejes centrales en la composici\u00f3n del espacio.<\/p>\n<p>Tambi\u00e9n hay una variedad de espacios abiertos para trabajar de manera colaborativa incluyendo terrazas exteriores y un \u00abSky Garden\u00bb donde se genera una zona informal para caminar, tener reuniones y eventos corporativos.<\/p>\n<p>El proyecto contempla adem\u00e1s un comedor para 250 personas, cafeter\u00edas, wellness room, salones de cuido para ni\u00f1os, consultorios m\u00e9dicos, salas de entrevista, zona de recarga para coches el\u00e9ctricos y showroom.<\/p>\n<p>La propuesta nace los principios fundamentales de innovaci\u00f3n de los autos Nissan \u00abenvironment, life on board\u00bb e Intelligent Mobility; traducido en el dise\u00f1o, mediante la experiencia del usuario, la eficiencia, el sentido colaborativo y la integraci\u00f3n, esto convierte el entorno en algo m\u00e1s que un espacio de trabajo.<\/p>\n<p>Las oficinas est\u00e1n dise\u00f1adas respondiendo adem\u00e1s a factores como selecci\u00f3n de los materiales, iluminaci\u00f3n, eficiencia energ\u00e9tica, calidad del aire y aislaci\u00f3n ac\u00fastica. Se seleccionaron a los mejores fabricantes del mercado para lograr el \u00f3ptimo funcionamiento con el objetivo de alcanzar los m\u00e1s altos est\u00e1ndares de dise\u00f1o, ergonom\u00eda y confort.<\/p>\n<p>La distribuci\u00f3n de los espacios genera zonas abiertas colectivas, con mucha luz natural, se usan burbujas de cristal para la separaci\u00f3n en zonas m\u00e1s privadas de manera que la divisi\u00f3n no genere barreras visuales, pero logren dividir el \u00e1rea abierta.<\/p>\n<p>Pensado para fomentar un estilo de trabajo m\u00e1s integrado, en un ambiente agradable y din\u00e1mico, enfatizado en generar espacios colaborativos, abiertos y multifuncionales sumados con espacios de trabajo semiprivados y \u00e1reas sociales multiprop\u00f3sito todo esto en busca de que el espacio provoca a generar ideas innovadoras con el enfoque de Nissan.<\/p>\n\n\n<div style=\"height:20px\" aria-hidden=\"true\" class=\"wp-block-spacer\"><\/div>\n\n\n\n<p class=\"has-background\" style=\"background-color:#eaeaea\"><strong>Ficha t\u00e9cnica<\/strong><br>Nombre: Corporativo Nissan M\u00e9xico<br>Ubicaci\u00f3n: Ciudad de M\u00e9xico, M\u00e9xico<br>Dise\u00f1o de proyecto: Work+<br>Arquitecto a cargo: Arq. Juan Pablo Serrano Orozco<br>Coordinador: Arq. Gerardo C\u00e1zares de la Parra<br>Colaboradores: Arq. Mitzi Ram\u00edrez, Arq. Emily Mosqueda, Arq. Juan Contreras, Arq. Ricardo Mart\u00ednez, Arq. Erich Rodr\u00edguez, Arq. Zulkerine C\u00e1ceres, Arq. Hugo Avenda\u00f1o<br>L\u00edder Coordinador Ingenier\u00edas: Arq. Gerardo C\u00e1zares de la Parra<br>L\u00edder Equipo de Gerencia del Proyecto: CBRE (Ricardo Nieves)<br>\u00c1rea: 16745 m2<br>A\u00f1o: 2019<br>Fotograf\u00eda: Jaime Navarro<br>Sitio web: https:\/\/www.workplus.mx<br>Facebook: Work+<br>Twitter: @workplus_MX<br>Instagram: @workplusmx<\/p>\n\n\n\n<div style=\"height:40px\" aria-hidden=\"true\" class=\"wp-block-spacer\"><\/div>\n\n<div style=\"font-size: 0px; height: 0px; line-height: 0px; margin: 0; padding: 0; clear: both;\"><\/div><div style=\"margin-top: 0px; margin-bottom: 0px;\" class=\"sharethis-inline-share-buttons\" ><\/div>","protected":false},"excerpt":{"rendered":"<p>El dise\u00f1o est\u00e1 inspirado en los conceptos de velocidad, movimiento e innovaci\u00f3n&#8230;<\/p>\n","protected":false},"author":1,"featured_media":79474,"comment_status":"closed","ping_status":"closed","sticky":false,"template":"","format":"standard","meta":{"_uag_custom_page_level_css":"","footnotes":""},"categories":[76,1],"tags":[1362,250,1507,24,7882,255,4318],"class_list":["post-79473","post","type-post","status-publish","format-standard","has-post-thumbnail","hentry","category-arquitectura-corporativa","category-proyecto","tag-arquitectura-corporativa-2","tag-ciudad-de-mexico","tag-juan-pablo-serrano-orozco","tag-mexico","tag-nissan","tag-oficinas","tag-work","generate-columns","tablet-grid-50","mobile-grid-100","grid-parent","grid-50"],"yoast_head":"<!-- This site is optimized with the Yoast SEO plugin v27.3 - https:\/\/yoast.com\/product\/yoast-seo-wordpress\/ -->\n<title>Corporativo Nissan M\u00e9xico \/ Work+ - Arquimaster<\/title>\n<meta name=\"description\" content=\"El dise\u00f1o de las nuevas oficinas\u00a0est\u00e1 inspirado en los conceptos de velocidad, movimiento e innovaci\u00f3n.\" \/>\n<meta name=\"robots\" content=\"index, follow, max-snippet:-1, max-image-preview:large, max-video-preview:-1\" \/>\n<link rel=\"canonical\" href=\"https:\/\/www.arquimaster.com.ar\/web\/corporativo-nissan-mexico-work\/\" \/>\n<meta property=\"og:locale\" content=\"es_ES\" \/>\n<meta property=\"og:type\" content=\"article\" \/>\n<meta property=\"og:title\" content=\"Corporativo Nissan M\u00e9xico \/ Work+\" \/>\n<meta property=\"og:description\" content=\"El dise\u00f1o de las nuevas oficinas\u00a0est\u00e1 inspirado en los conceptos de velocidad, movimiento e innovaci\u00f3n.\" \/>\n<meta property=\"og:url\" content=\"https:\/\/www.arquimaster.com.ar\/web\/corporativo-nissan-mexico-work\/\" \/>\n<meta property=\"og:site_name\" content=\"Arquimaster\" \/>\n<meta property=\"article:publisher\" content=\"http:\/\/www.facebook.com\/ARQUIMASTER.com.ar\" \/>\n<meta property=\"article:published_time\" content=\"2024-09-07T16:45:38+00:00\" \/>\n<meta property=\"article:modified_time\" content=\"2025-07-25T01:56:23+00:00\" \/>\n<meta property=\"og:image\" content=\"https:\/\/www.arquimaster.com.ar\/web\/wp-content\/uploads\/2024\/09\/nissan_mexico_slide.jpg\" \/>\n\t<meta property=\"og:image:width\" content=\"698\" \/>\n\t<meta property=\"og:image:height\" content=\"364\" \/>\n\t<meta property=\"og:image:type\" content=\"image\/jpeg\" \/>\n<meta name=\"author\" content=\"Arquimaster\" \/>\n<meta name=\"twitter:card\" content=\"summary_large_image\" \/>\n<meta name=\"twitter:title\" content=\"Corporativo Nissan M\u00e9xico \/ Work+\" \/>\n<meta name=\"twitter:description\" content=\"El dise\u00f1o de las nuevas oficinas\u00a0est\u00e1 inspirado en los conceptos de velocidad, movimiento e innovaci\u00f3n.\" \/>\n<meta name=\"twitter:image\" content=\"https:\/\/www.arquimaster.com.ar\/web\/wp-content\/uploads\/2024\/09\/nissan_mexico_slide.jpg\" \/>\n<meta name=\"twitter:creator\" content=\"@arquimaster\" \/>\n<meta name=\"twitter:site\" content=\"@arquimaster\" \/>\n<meta name=\"twitter:label1\" content=\"Escrito por\" \/>\n\t<meta name=\"twitter:data1\" content=\"Arquimaster\" \/>\n\t<meta name=\"twitter:label2\" content=\"Tiempo de lectura\" \/>\n\t<meta name=\"twitter:data2\" content=\"3 minutos\" \/>\n<script type=\"application\/ld+json\" class=\"yoast-schema-graph\">{\"@context\":\"https:\\\/\\\/schema.org\",\"@graph\":[{\"@type\":\"Article\",\"@id\":\"https:\\\/\\\/www.arquimaster.com.ar\\\/web\\\/corporativo-nissan-mexico-work\\\/#article\",\"isPartOf\":{\"@id\":\"https:\\\/\\\/www.arquimaster.com.ar\\\/web\\\/corporativo-nissan-mexico-work\\\/\"},\"author\":{\"name\":\"Arquimaster\",\"@id\":\"https:\\\/\\\/www.arquimaster.com.ar\\\/web\\\/#\\\/schema\\\/person\\\/359e9f7c00193fcde068e0dd2ceb0028\"},\"headline\":\"Corporativo Nissan M\u00e9xico \\\/ Work+\",\"datePublished\":\"2024-09-07T16:45:38+00:00\",\"dateModified\":\"2025-07-25T01:56:23+00:00\",\"mainEntityOfPage\":{\"@id\":\"https:\\\/\\\/www.arquimaster.com.ar\\\/web\\\/corporativo-nissan-mexico-work\\\/\"},\"wordCount\":478,\"publisher\":{\"@id\":\"https:\\\/\\\/www.arquimaster.com.ar\\\/web\\\/#organization\"},\"image\":{\"@id\":\"https:\\\/\\\/www.arquimaster.com.ar\\\/web\\\/corporativo-nissan-mexico-work\\\/#primaryimage\"},\"thumbnailUrl\":\"https:\\\/\\\/www.arquimaster.com.ar\\\/web\\\/wp-content\\\/uploads\\\/2024\\\/09\\\/nissan_mexico_slide.jpg\",\"keywords\":[\"arquitectura corporativa\",\"Ciudad de Mexico\",\"Juan Pablo Serrano Orozco\",\"Mexico\",\"Nissan\",\"oficinas\",\"Work+\"],\"articleSection\":[\"Arquitectura corporativa\",\"Proyecto\"],\"inLanguage\":\"es\"},{\"@type\":\"WebPage\",\"@id\":\"https:\\\/\\\/www.arquimaster.com.ar\\\/web\\\/corporativo-nissan-mexico-work\\\/\",\"url\":\"https:\\\/\\\/www.arquimaster.com.ar\\\/web\\\/corporativo-nissan-mexico-work\\\/\",\"name\":\"Corporativo Nissan M\u00e9xico \\\/ Work+ - Arquimaster\",\"isPartOf\":{\"@id\":\"https:\\\/\\\/www.arquimaster.com.ar\\\/web\\\/#website\"},\"primaryImageOfPage\":{\"@id\":\"https:\\\/\\\/www.arquimaster.com.ar\\\/web\\\/corporativo-nissan-mexico-work\\\/#primaryimage\"},\"image\":{\"@id\":\"https:\\\/\\\/www.arquimaster.com.ar\\\/web\\\/corporativo-nissan-mexico-work\\\/#primaryimage\"},\"thumbnailUrl\":\"https:\\\/\\\/www.arquimaster.com.ar\\\/web\\\/wp-content\\\/uploads\\\/2024\\\/09\\\/nissan_mexico_slide.jpg\",\"datePublished\":\"2024-09-07T16:45:38+00:00\",\"dateModified\":\"2025-07-25T01:56:23+00:00\",\"description\":\"El dise\u00f1o de las nuevas oficinas\u00a0est\u00e1 inspirado en los conceptos de velocidad, movimiento e innovaci\u00f3n.\",\"breadcrumb\":{\"@id\":\"https:\\\/\\\/www.arquimaster.com.ar\\\/web\\\/corporativo-nissan-mexico-work\\\/#breadcrumb\"},\"inLanguage\":\"es\",\"potentialAction\":[{\"@type\":\"ReadAction\",\"target\":[\"https:\\\/\\\/www.arquimaster.com.ar\\\/web\\\/corporativo-nissan-mexico-work\\\/\"]}]},{\"@type\":\"ImageObject\",\"inLanguage\":\"es\",\"@id\":\"https:\\\/\\\/www.arquimaster.com.ar\\\/web\\\/corporativo-nissan-mexico-work\\\/#primaryimage\",\"url\":\"https:\\\/\\\/www.arquimaster.com.ar\\\/web\\\/wp-content\\\/uploads\\\/2024\\\/09\\\/nissan_mexico_slide.jpg\",\"contentUrl\":\"https:\\\/\\\/www.arquimaster.com.ar\\\/web\\\/wp-content\\\/uploads\\\/2024\\\/09\\\/nissan_mexico_slide.jpg\",\"width\":698,\"height\":364,\"caption\":\"Corporativo Nissan M\u00e9xico \\\/ Work+\"},{\"@type\":\"BreadcrumbList\",\"@id\":\"https:\\\/\\\/www.arquimaster.com.ar\\\/web\\\/corporativo-nissan-mexico-work\\\/#breadcrumb\",\"itemListElement\":[{\"@type\":\"ListItem\",\"position\":1,\"name\":\"Portada\",\"item\":\"https:\\\/\\\/www.arquimaster.com.ar\\\/web\\\/\"},{\"@type\":\"ListItem\",\"position\":2,\"name\":\"Corporativo Nissan M\u00e9xico \\\/ Work+\"}]},{\"@type\":\"WebSite\",\"@id\":\"https:\\\/\\\/www.arquimaster.com.ar\\\/web\\\/#website\",\"url\":\"https:\\\/\\\/www.arquimaster.com.ar\\\/web\\\/\",\"name\":\"Arquimaster\",\"description\":\"Web de arquitectura, dise\u00f1o y construccion\",\"publisher\":{\"@id\":\"https:\\\/\\\/www.arquimaster.com.ar\\\/web\\\/#organization\"},\"potentialAction\":[{\"@type\":\"SearchAction\",\"target\":{\"@type\":\"EntryPoint\",\"urlTemplate\":\"https:\\\/\\\/www.arquimaster.com.ar\\\/web\\\/?s={search_term_string}\"},\"query-input\":{\"@type\":\"PropertyValueSpecification\",\"valueRequired\":true,\"valueName\":\"search_term_string\"}}],\"inLanguage\":\"es\"},{\"@type\":\"Organization\",\"@id\":\"https:\\\/\\\/www.arquimaster.com.ar\\\/web\\\/#organization\",\"name\":\"Arquimaster\",\"url\":\"https:\\\/\\\/www.arquimaster.com.ar\\\/web\\\/\",\"logo\":{\"@type\":\"ImageObject\",\"inLanguage\":\"es\",\"@id\":\"https:\\\/\\\/www.arquimaster.com.ar\\\/web\\\/#\\\/schema\\\/logo\\\/image\\\/\",\"url\":\"https:\\\/\\\/www.arquimaster.com.ar\\\/web\\\/wp-content\\\/uploads\\\/2022\\\/06\\\/arquimaster.png\",\"contentUrl\":\"https:\\\/\\\/www.arquimaster.com.ar\\\/web\\\/wp-content\\\/uploads\\\/2022\\\/06\\\/arquimaster.png\",\"width\":594,\"height\":78,\"caption\":\"Arquimaster\"},\"image\":{\"@id\":\"https:\\\/\\\/www.arquimaster.com.ar\\\/web\\\/#\\\/schema\\\/logo\\\/image\\\/\"},\"sameAs\":[\"http:\\\/\\\/www.facebook.com\\\/ARQUIMASTER.com.ar\",\"https:\\\/\\\/x.com\\\/arquimaster\",\"https:\\\/\\\/www.instagram.com\\\/arquimasterblog\\\/\",\"https:\\\/\\\/www.linkedin.com\\\/company\\\/arquimaster\",\"https:\\\/\\\/www.pinterest.com\\\/arquimaster\",\"https:\\\/\\\/t.me\\\/arquimaster\"]},{\"@type\":\"Person\",\"@id\":\"https:\\\/\\\/www.arquimaster.com.ar\\\/web\\\/#\\\/schema\\\/person\\\/359e9f7c00193fcde068e0dd2ceb0028\",\"name\":\"Arquimaster\"}]}<\/script>\n<!-- \/ Yoast SEO plugin. -->","yoast_head_json":{"title":"Corporativo Nissan M\u00e9xico \/ Work+ - Arquimaster","description":"El dise\u00f1o de las nuevas oficinas\u00a0est\u00e1 inspirado en los conceptos de velocidad, movimiento e innovaci\u00f3n.","robots":{"index":"index","follow":"follow","max-snippet":"max-snippet:-1","max-image-preview":"max-image-preview:large","max-video-preview":"max-video-preview:-1"},"canonical":"https:\/\/www.arquimaster.com.ar\/web\/corporativo-nissan-mexico-work\/","og_locale":"es_ES","og_type":"article","og_title":"Corporativo Nissan M\u00e9xico \/ Work+","og_description":"El dise\u00f1o de las nuevas oficinas\u00a0est\u00e1 inspirado en los conceptos de velocidad, movimiento e innovaci\u00f3n.","og_url":"https:\/\/www.arquimaster.com.ar\/web\/corporativo-nissan-mexico-work\/","og_site_name":"Arquimaster","article_publisher":"http:\/\/www.facebook.com\/ARQUIMASTER.com.ar","article_published_time":"2024-09-07T16:45:38+00:00","article_modified_time":"2025-07-25T01:56:23+00:00","og_image":[{"width":698,"height":364,"url":"https:\/\/www.arquimaster.com.ar\/web\/wp-content\/uploads\/2024\/09\/nissan_mexico_slide.jpg","type":"image\/jpeg"}],"author":"Arquimaster","twitter_card":"summary_large_image","twitter_title":"Corporativo Nissan M\u00e9xico \/ Work+","twitter_description":"El dise\u00f1o de las nuevas oficinas\u00a0est\u00e1 inspirado en los conceptos de velocidad, movimiento e innovaci\u00f3n.","twitter_image":"https:\/\/www.arquimaster.com.ar\/web\/wp-content\/uploads\/2024\/09\/nissan_mexico_slide.jpg","twitter_creator":"@arquimaster","twitter_site":"@arquimaster","twitter_misc":{"Escrito por":"Arquimaster","Tiempo de lectura":"3 minutos"},"schema":{"@context":"https:\/\/schema.org","@graph":[{"@type":"Article","@id":"https:\/\/www.arquimaster.com.ar\/web\/corporativo-nissan-mexico-work\/#article","isPartOf":{"@id":"https:\/\/www.arquimaster.com.ar\/web\/corporativo-nissan-mexico-work\/"},"author":{"name":"Arquimaster","@id":"https:\/\/www.arquimaster.com.ar\/web\/#\/schema\/person\/359e9f7c00193fcde068e0dd2ceb0028"},"headline":"Corporativo Nissan M\u00e9xico \/ Work+","datePublished":"2024-09-07T16:45:38+00:00","dateModified":"2025-07-25T01:56:23+00:00","mainEntityOfPage":{"@id":"https:\/\/www.arquimaster.com.ar\/web\/corporativo-nissan-mexico-work\/"},"wordCount":478,"publisher":{"@id":"https:\/\/www.arquimaster.com.ar\/web\/#organization"},"image":{"@id":"https:\/\/www.arquimaster.com.ar\/web\/corporativo-nissan-mexico-work\/#primaryimage"},"thumbnailUrl":"https:\/\/www.arquimaster.com.ar\/web\/wp-content\/uploads\/2024\/09\/nissan_mexico_slide.jpg","keywords":["arquitectura corporativa","Ciudad de Mexico","Juan Pablo Serrano Orozco","Mexico","Nissan","oficinas","Work+"],"articleSection":["Arquitectura corporativa","Proyecto"],"inLanguage":"es"},{"@type":"WebPage","@id":"https:\/\/www.arquimaster.com.ar\/web\/corporativo-nissan-mexico-work\/","url":"https:\/\/www.arquimaster.com.ar\/web\/corporativo-nissan-mexico-work\/","name":"Corporativo Nissan M\u00e9xico \/ Work+ - Arquimaster","isPartOf":{"@id":"https:\/\/www.arquimaster.com.ar\/web\/#website"},"primaryImageOfPage":{"@id":"https:\/\/www.arquimaster.com.ar\/web\/corporativo-nissan-mexico-work\/#primaryimage"},"image":{"@id":"https:\/\/www.arquimaster.com.ar\/web\/corporativo-nissan-mexico-work\/#primaryimage"},"thumbnailUrl":"https:\/\/www.arquimaster.com.ar\/web\/wp-content\/uploads\/2024\/09\/nissan_mexico_slide.jpg","datePublished":"2024-09-07T16:45:38+00:00","dateModified":"2025-07-25T01:56:23+00:00","description":"El dise\u00f1o de las nuevas oficinas\u00a0est\u00e1 inspirado en los conceptos de velocidad, movimiento e innovaci\u00f3n.","breadcrumb":{"@id":"https:\/\/www.arquimaster.com.ar\/web\/corporativo-nissan-mexico-work\/#breadcrumb"},"inLanguage":"es","potentialAction":[{"@type":"ReadAction","target":["https:\/\/www.arquimaster.com.ar\/web\/corporativo-nissan-mexico-work\/"]}]},{"@type":"ImageObject","inLanguage":"es","@id":"https:\/\/www.arquimaster.com.ar\/web\/corporativo-nissan-mexico-work\/#primaryimage","url":"https:\/\/www.arquimaster.com.ar\/web\/wp-content\/uploads\/2024\/09\/nissan_mexico_slide.jpg","contentUrl":"https:\/\/www.arquimaster.com.ar\/web\/wp-content\/uploads\/2024\/09\/nissan_mexico_slide.jpg","width":698,"height":364,"caption":"Corporativo Nissan M\u00e9xico \/ Work+"},{"@type":"BreadcrumbList","@id":"https:\/\/www.arquimaster.com.ar\/web\/corporativo-nissan-mexico-work\/#breadcrumb","itemListElement":[{"@type":"ListItem","position":1,"name":"Portada","item":"https:\/\/www.arquimaster.com.ar\/web\/"},{"@type":"ListItem","position":2,"name":"Corporativo Nissan M\u00e9xico \/ Work+"}]},{"@type":"WebSite","@id":"https:\/\/www.arquimaster.com.ar\/web\/#website","url":"https:\/\/www.arquimaster.com.ar\/web\/","name":"Arquimaster","description":"Web de arquitectura, dise\u00f1o y construccion","publisher":{"@id":"https:\/\/www.arquimaster.com.ar\/web\/#organization"},"potentialAction":[{"@type":"SearchAction","target":{"@type":"EntryPoint","urlTemplate":"https:\/\/www.arquimaster.com.ar\/web\/?s={search_term_string}"},"query-input":{"@type":"PropertyValueSpecification","valueRequired":true,"valueName":"search_term_string"}}],"inLanguage":"es"},{"@type":"Organization","@id":"https:\/\/www.arquimaster.com.ar\/web\/#organization","name":"Arquimaster","url":"https:\/\/www.arquimaster.com.ar\/web\/","logo":{"@type":"ImageObject","inLanguage":"es","@id":"https:\/\/www.arquimaster.com.ar\/web\/#\/schema\/logo\/image\/","url":"https:\/\/www.arquimaster.com.ar\/web\/wp-content\/uploads\/2022\/06\/arquimaster.png","contentUrl":"https:\/\/www.arquimaster.com.ar\/web\/wp-content\/uploads\/2022\/06\/arquimaster.png","width":594,"height":78,"caption":"Arquimaster"},"image":{"@id":"https:\/\/www.arquimaster.com.ar\/web\/#\/schema\/logo\/image\/"},"sameAs":["http:\/\/www.facebook.com\/ARQUIMASTER.com.ar","https:\/\/x.com\/arquimaster","https:\/\/www.instagram.com\/arquimasterblog\/","https:\/\/www.linkedin.com\/company\/arquimaster","https:\/\/www.pinterest.com\/arquimaster","https:\/\/t.me\/arquimaster"]},{"@type":"Person","@id":"https:\/\/www.arquimaster.com.ar\/web\/#\/schema\/person\/359e9f7c00193fcde068e0dd2ceb0028","name":"Arquimaster"}]}},"uagb_featured_image_src":{"full":["https:\/\/www.arquimaster.com.ar\/web\/wp-content\/uploads\/2024\/09\/nissan_mexico_slide.jpg",698,364,false],"thumbnail":["https:\/\/www.arquimaster.com.ar\/web\/wp-content\/uploads\/2024\/09\/nissan_mexico_slide-150x150.jpg",150,150,true],"medium":["https:\/\/www.arquimaster.com.ar\/web\/wp-content\/uploads\/2024\/09\/nissan_mexico_slide.jpg",698,364,false],"medium_large":["https:\/\/www.arquimaster.com.ar\/web\/wp-content\/uploads\/2024\/09\/nissan_mexico_slide.jpg",698,364,false],"large":["https:\/\/www.arquimaster.com.ar\/web\/wp-content\/uploads\/2024\/09\/nissan_mexico_slide.jpg",698,364,false],"1536x1536":["https:\/\/www.arquimaster.com.ar\/web\/wp-content\/uploads\/2024\/09\/nissan_mexico_slide.jpg",698,364,false],"2048x2048":["https:\/\/www.arquimaster.com.ar\/web\/wp-content\/uploads\/2024\/09\/nissan_mexico_slide.jpg",698,364,false]},"uagb_author_info":{"display_name":"Arquimaster","author_link":"https:\/\/www.arquimaster.com.ar\/web\/author\/arquimaster\/"},"uagb_comment_info":0,"uagb_excerpt":"El dise\u00f1o est\u00e1 inspirado en los conceptos de velocidad, movimiento e innovaci\u00f3n...","_links":{"self":[{"href":"https:\/\/www.arquimaster.com.ar\/web\/wp-json\/wp\/v2\/posts\/79473","targetHints":{"allow":["GET"]}}],"collection":[{"href":"https:\/\/www.arquimaster.com.ar\/web\/wp-json\/wp\/v2\/posts"}],"about":[{"href":"https:\/\/www.arquimaster.com.ar\/web\/wp-json\/wp\/v2\/types\/post"}],"author":[{"embeddable":true,"href":"https:\/\/www.arquimaster.com.ar\/web\/wp-json\/wp\/v2\/users\/1"}],"replies":[{"embeddable":true,"href":"https:\/\/www.arquimaster.com.ar\/web\/wp-json\/wp\/v2\/comments?post=79473"}],"version-history":[{"count":3,"href":"https:\/\/www.arquimaster.com.ar\/web\/wp-json\/wp\/v2\/posts\/79473\/revisions"}],"predecessor-version":[{"id":85168,"href":"https:\/\/www.arquimaster.com.ar\/web\/wp-json\/wp\/v2\/posts\/79473\/revisions\/85168"}],"wp:featuredmedia":[{"embeddable":true,"href":"https:\/\/www.arquimaster.com.ar\/web\/wp-json\/wp\/v2\/media\/79474"}],"wp:attachment":[{"href":"https:\/\/www.arquimaster.com.ar\/web\/wp-json\/wp\/v2\/media?parent=79473"}],"wp:term":[{"taxonomy":"category","embeddable":true,"href":"https:\/\/www.arquimaster.com.ar\/web\/wp-json\/wp\/v2\/categories?post=79473"},{"taxonomy":"post_tag","embeddable":true,"href":"https:\/\/www.arquimaster.com.ar\/web\/wp-json\/wp\/v2\/tags?post=79473"}],"curies":[{"name":"wp","href":"https:\/\/api.w.org\/{rel}","templated":true}]}}