{"id":79547,"date":"2024-09-02T13:56:00","date_gmt":"2024-09-02T16:56:00","guid":{"rendered":"https:\/\/www.arquimaster.com.ar\/web\/?p=79547"},"modified":"2025-07-24T23:01:58","modified_gmt":"2025-07-25T02:01:58","slug":"deco-circular-nueva-vida-a-los-muebles-de-madera","status":"publish","type":"post","link":"https:\/\/www.arquimaster.com.ar\/web\/deco-circular-nueva-vida-a-los-muebles-de-madera\/","title":{"rendered":"Deco circular, nueva vida a los muebles de madera"},"content":{"rendered":"<div style=\"margin-top: 0px; margin-bottom: 0px;\" class=\"sharethis-inline-share-buttons\" ><\/div><div class=\"b812932af2e751442846f039925109de\" data-index=\"1\" style=\"float: none; margin:25px 0 25px 0; text-align:center;\">\n<script async src=\"https:\/\/pagead2.googlesyndication.com\/pagead\/js\/adsbygoogle.js\"><\/script>\r\n<!-- Arquimaster (superior) -->\r\n<ins class=\"adsbygoogle\"\r\n     style=\"display:block\"\r\n     data-ad-client=\"ca-pub-6351072698456832\"\r\n     data-ad-slot=\"6455489680\"\r\n     data-ad-format=\"auto\"\r\n     data-full-width-responsive=\"true\"><\/ins>\r\n<script>\r\n     (adsbygoogle = window.adsbygoogle || []).push({});\r\n<\/script>\n<\/div>\n<h3><strong>La nueva tendencia de recuperar-reciclar-reversionar que permite transformar ambientes poniendo a punto mobiliario de valor.<\/strong><\/h3>\n<p>Mucho se habla de econom\u00eda y de moda circular, y la decoraci\u00f3n no es ajena a esta propuesta. Invita a repensar desde todo punto de vista, social, ecol\u00f3gico y econ\u00f3mico.<\/p>\n<p>Los muebles de madera nos ofrecen una gran oportunidad. Por un lado, porque lo que para uno ya es \u00abdemod\u00e9\u00bb para otro puede ser un objeto ic\u00f3nico, porque lo mira con otros ojos y, porque adem\u00e1s tiene posibilidades infinitas de presentarse de modos completamente diferentes.<\/p>\n<p>La versatilidad y naturaleza del material, hace que siempre pueda ser recuperado a diferencia de un pl\u00e1stico, por ejemplo, que en determinadas condiciones es material de desecho.<\/p>\n<div id='gallery-1' class='gallery galleryid-79547 gallery-columns-3 gallery-size-thumbnail'><figure class='gallery-item'>\n\t\t\t<div class='gallery-icon portrait'>\n\t\t\t\t<a href='https:\/\/www.arquimaster.com.ar\/web\/wp-content\/uploads\/2024\/09\/deco_circular_10.jpg' title=\"Deco circular, nueva vida a los muebles de madera (Gaetana Deco)\" data-rl_title=\"Deco circular, nueva vida a los muebles de madera (Gaetana Deco)\" class=\"rl-gallery-link\" data-rl_caption=\"Deco circular, nueva vida a los muebles de madera (Gaetana Deco)\" data-rel=\"lightbox-gallery-1\"><img loading=\"lazy\" decoding=\"async\" width=\"150\" height=\"150\" src=\"https:\/\/www.arquimaster.com.ar\/web\/wp-content\/uploads\/2024\/09\/deco_circular_10-150x150.jpg\" class=\"attachment-thumbnail size-thumbnail\" alt=\"Deco circular, nueva vida a los muebles de madera\" aria-describedby=\"gallery-1-79558\" \/><\/a>\n\t\t\t<\/div>\n\t\t\t\t<figcaption class='wp-caption-text gallery-caption' id='gallery-1-79558'>\n\t\t\t\tDeco circular, nueva vida a los muebles de madera (Gaetana Deco)\n\t\t\t\t<\/figcaption><\/figure><figure class='gallery-item'>\n\t\t\t<div class='gallery-icon portrait'>\n\t\t\t\t<a href='https:\/\/www.arquimaster.com.ar\/web\/wp-content\/uploads\/2024\/09\/deco_circular_14.jpg' title=\"Deco circular, nueva vida a los muebles de madera (Gaetana Deco)\" data-rl_title=\"Deco circular, nueva vida a los muebles de madera (Gaetana Deco)\" class=\"rl-gallery-link\" data-rl_caption=\"Deco circular, nueva vida a los muebles de madera (Gaetana Deco)\" data-rel=\"lightbox-gallery-1\"><img loading=\"lazy\" decoding=\"async\" width=\"150\" height=\"150\" src=\"https:\/\/www.arquimaster.com.ar\/web\/wp-content\/uploads\/2024\/09\/deco_circular_14-150x150.jpg\" class=\"attachment-thumbnail size-thumbnail\" alt=\"Deco circular, nueva vida a los muebles de madera\" aria-describedby=\"gallery-1-79562\" \/><\/a>\n\t\t\t<\/div>\n\t\t\t\t<figcaption class='wp-caption-text gallery-caption' id='gallery-1-79562'>\n\t\t\t\tDeco circular, nueva vida a los muebles de madera (Gaetana Deco)\n\t\t\t\t<\/figcaption><\/figure><figure class='gallery-item'>\n\t\t\t<div class='gallery-icon portrait'>\n\t\t\t\t<a href='https:\/\/www.arquimaster.com.ar\/web\/wp-content\/uploads\/2024\/09\/deco_circular_16.jpg' title=\"Deco circular, nueva vida a los muebles de madera (Gaetana Deco)\" data-rl_title=\"Deco circular, nueva vida a los muebles de madera (Gaetana Deco)\" class=\"rl-gallery-link\" data-rl_caption=\"Deco circular, nueva vida a los muebles de madera (Gaetana Deco)\" data-rel=\"lightbox-gallery-1\"><img loading=\"lazy\" decoding=\"async\" width=\"150\" height=\"150\" src=\"https:\/\/www.arquimaster.com.ar\/web\/wp-content\/uploads\/2024\/09\/deco_circular_16-150x150.jpg\" class=\"attachment-thumbnail size-thumbnail\" alt=\"Deco circular, nueva vida a los muebles de madera\" aria-describedby=\"gallery-1-79563\" \/><\/a>\n\t\t\t<\/div>\n\t\t\t\t<figcaption class='wp-caption-text gallery-caption' id='gallery-1-79563'>\n\t\t\t\tDeco circular, nueva vida a los muebles de madera (Gaetana Deco)\n\t\t\t\t<\/figcaption><\/figure><figure class='gallery-item'>\n\t\t\t<div class='gallery-icon portrait'>\n\t\t\t\t<a href='https:\/\/www.arquimaster.com.ar\/web\/wp-content\/uploads\/2024\/09\/deco_circular_13.jpg' title=\"Deco circular, nueva vida a los muebles de madera (Gaetana Deco)\" data-rl_title=\"Deco circular, nueva vida a los muebles de madera (Gaetana Deco)\" class=\"rl-gallery-link\" data-rl_caption=\"Deco circular, nueva vida a los muebles de madera (Gaetana Deco)\" data-rel=\"lightbox-gallery-1\"><img loading=\"lazy\" decoding=\"async\" width=\"150\" height=\"150\" src=\"https:\/\/www.arquimaster.com.ar\/web\/wp-content\/uploads\/2024\/09\/deco_circular_13-150x150.jpg\" class=\"attachment-thumbnail size-thumbnail\" alt=\"Deco circular, nueva vida a los muebles de madera\" aria-describedby=\"gallery-1-79561\" \/><\/a>\n\t\t\t<\/div>\n\t\t\t\t<figcaption class='wp-caption-text gallery-caption' id='gallery-1-79561'>\n\t\t\t\tDeco circular, nueva vida a los muebles de madera (Gaetana Deco)\n\t\t\t\t<\/figcaption><\/figure><figure class='gallery-item'>\n\t\t\t<div class='gallery-icon portrait'>\n\t\t\t\t<a href='https:\/\/www.arquimaster.com.ar\/web\/wp-content\/uploads\/2024\/09\/deco_circular_12.jpg' title=\"Deco circular, nueva vida a los muebles de madera (Gaetana Deco)\" data-rl_title=\"Deco circular, nueva vida a los muebles de madera (Gaetana Deco)\" class=\"rl-gallery-link\" data-rl_caption=\"Deco circular, nueva vida a los muebles de madera (Gaetana Deco)\" data-rel=\"lightbox-gallery-1\"><img loading=\"lazy\" decoding=\"async\" width=\"150\" height=\"150\" src=\"https:\/\/www.arquimaster.com.ar\/web\/wp-content\/uploads\/2024\/09\/deco_circular_12-150x150.jpg\" class=\"attachment-thumbnail size-thumbnail\" alt=\"Deco circular, nueva vida a los muebles de madera\" aria-describedby=\"gallery-1-79560\" \/><\/a>\n\t\t\t<\/div>\n\t\t\t\t<figcaption class='wp-caption-text gallery-caption' id='gallery-1-79560'>\n\t\t\t\tDeco circular, nueva vida a los muebles de madera (Gaetana Deco)\n\t\t\t\t<\/figcaption><\/figure><figure class='gallery-item'>\n\t\t\t<div class='gallery-icon portrait'>\n\t\t\t\t<a href='https:\/\/www.arquimaster.com.ar\/web\/wp-content\/uploads\/2024\/09\/deco_circular_11.jpg' title=\"Deco circular, nueva vida a los muebles de madera (Gaetana Deco)\" data-rl_title=\"Deco circular, nueva vida a los muebles de madera (Gaetana Deco)\" class=\"rl-gallery-link\" data-rl_caption=\"Deco circular, nueva vida a los muebles de madera (Gaetana Deco)\" data-rel=\"lightbox-gallery-1\"><img loading=\"lazy\" decoding=\"async\" width=\"150\" height=\"150\" src=\"https:\/\/www.arquimaster.com.ar\/web\/wp-content\/uploads\/2024\/09\/deco_circular_11-150x150.jpg\" class=\"attachment-thumbnail size-thumbnail\" alt=\"Deco circular, nueva vida a los muebles de madera\" aria-describedby=\"gallery-1-79559\" \/><\/a>\n\t\t\t<\/div>\n\t\t\t\t<figcaption class='wp-caption-text gallery-caption' id='gallery-1-79559'>\n\t\t\t\tDeco circular, nueva vida a los muebles de madera (Gaetana Deco)\n\t\t\t\t<\/figcaption><\/figure><figure class='gallery-item'>\n\t\t\t<div class='gallery-icon portrait'>\n\t\t\t\t<a href='https:\/\/www.arquimaster.com.ar\/web\/wp-content\/uploads\/2024\/09\/deco_circular_9.jpg' title=\"Deco circular, nueva vida a los muebles de madera (Gaetana Deco)\" data-rl_title=\"Deco circular, nueva vida a los muebles de madera (Gaetana Deco)\" class=\"rl-gallery-link\" data-rl_caption=\"Deco circular, nueva vida a los muebles de madera (Gaetana Deco)\" data-rel=\"lightbox-gallery-1\"><img loading=\"lazy\" decoding=\"async\" width=\"150\" height=\"150\" src=\"https:\/\/www.arquimaster.com.ar\/web\/wp-content\/uploads\/2024\/09\/deco_circular_9-150x150.jpg\" class=\"attachment-thumbnail size-thumbnail\" alt=\"Deco circular, nueva vida a los muebles de madera\" aria-describedby=\"gallery-1-79557\" \/><\/a>\n\t\t\t<\/div>\n\t\t\t\t<figcaption class='wp-caption-text gallery-caption' id='gallery-1-79557'>\n\t\t\t\tDeco circular, nueva vida a los muebles de madera (Gaetana Deco)\n\t\t\t\t<\/figcaption><\/figure><figure class='gallery-item'>\n\t\t\t<div class='gallery-icon landscape'>\n\t\t\t\t<a href='https:\/\/www.arquimaster.com.ar\/web\/wp-content\/uploads\/2024\/09\/deco_circular_17.jpg' title=\"Deco circular, nueva vida a los muebles de madera (Vade Retro)\" data-rl_title=\"Deco circular, nueva vida a los muebles de madera (Vade Retro)\" class=\"rl-gallery-link\" data-rl_caption=\"Deco circular, nueva vida a los muebles de madera (Vade Retro)\" data-rel=\"lightbox-gallery-1\"><img loading=\"lazy\" decoding=\"async\" width=\"150\" height=\"150\" src=\"https:\/\/www.arquimaster.com.ar\/web\/wp-content\/uploads\/2024\/09\/deco_circular_17-150x150.jpg\" class=\"attachment-thumbnail size-thumbnail\" alt=\"Deco circular, nueva vida a los muebles de madera\" aria-describedby=\"gallery-1-79564\" \/><\/a>\n\t\t\t<\/div>\n\t\t\t\t<figcaption class='wp-caption-text gallery-caption' id='gallery-1-79564'>\n\t\t\t\tDeco circular, nueva vida a los muebles de madera (Vade Retro)\n\t\t\t\t<\/figcaption><\/figure><figure class='gallery-item'>\n\t\t\t<div class='gallery-icon landscape'>\n\t\t\t\t<a href='https:\/\/www.arquimaster.com.ar\/web\/wp-content\/uploads\/2024\/09\/deco_circular_18.jpg' title=\"Deco circular, nueva vida a los muebles de madera (Vade Retro)\" data-rl_title=\"Deco circular, nueva vida a los muebles de madera (Vade Retro)\" class=\"rl-gallery-link\" data-rl_caption=\"Deco circular, nueva vida a los muebles de madera (Vade Retro)\" data-rel=\"lightbox-gallery-1\"><img loading=\"lazy\" decoding=\"async\" width=\"150\" height=\"150\" src=\"https:\/\/www.arquimaster.com.ar\/web\/wp-content\/uploads\/2024\/09\/deco_circular_18-150x150.jpg\" class=\"attachment-thumbnail size-thumbnail\" alt=\"Deco circular, nueva vida a los muebles de madera\" aria-describedby=\"gallery-1-79565\" \/><\/a>\n\t\t\t<\/div>\n\t\t\t\t<figcaption class='wp-caption-text gallery-caption' id='gallery-1-79565'>\n\t\t\t\tDeco circular, nueva vida a los muebles de madera (Vade Retro)\n\t\t\t\t<\/figcaption><\/figure><figure class='gallery-item'>\n\t\t\t<div class='gallery-icon portrait'>\n\t\t\t\t<a href='https:\/\/www.arquimaster.com.ar\/web\/wp-content\/uploads\/2024\/09\/deco_circular_19.jpg' title=\"Deco circular, nueva vida a los muebles de madera (Vade Retro)\" data-rl_title=\"Deco circular, nueva vida a los muebles de madera (Vade Retro)\" class=\"rl-gallery-link\" data-rl_caption=\"Deco circular, nueva vida a los muebles de madera (Vade Retro)\" data-rel=\"lightbox-gallery-1\"><img loading=\"lazy\" decoding=\"async\" width=\"150\" height=\"150\" src=\"https:\/\/www.arquimaster.com.ar\/web\/wp-content\/uploads\/2024\/09\/deco_circular_19-150x150.jpg\" class=\"attachment-thumbnail size-thumbnail\" alt=\"Deco circular, nueva vida a los muebles de madera\" aria-describedby=\"gallery-1-79566\" \/><\/a>\n\t\t\t<\/div>\n\t\t\t\t<figcaption class='wp-caption-text gallery-caption' id='gallery-1-79566'>\n\t\t\t\tDeco circular, nueva vida a los muebles de madera (Vade Retro)\n\t\t\t\t<\/figcaption><\/figure><figure class='gallery-item'>\n\t\t\t<div class='gallery-icon portrait'>\n\t\t\t\t<a href='https:\/\/www.arquimaster.com.ar\/web\/wp-content\/uploads\/2024\/09\/deco_circular_1.jpg' title=\"Deco circular, nueva vida a los muebles de madera (Flo Taller de Muebles)\" data-rl_title=\"Deco circular, nueva vida a los muebles de madera (Flo Taller de Muebles)\" class=\"rl-gallery-link\" data-rl_caption=\"Deco circular, nueva vida a los muebles de madera (Flo Taller de Muebles)\" data-rel=\"lightbox-gallery-1\"><img loading=\"lazy\" decoding=\"async\" width=\"150\" height=\"150\" src=\"https:\/\/www.arquimaster.com.ar\/web\/wp-content\/uploads\/2024\/09\/deco_circular_1-150x150.jpg\" class=\"attachment-thumbnail size-thumbnail\" alt=\"Deco circular, nueva vida a los muebles de madera\" aria-describedby=\"gallery-1-79549\" \/><\/a>\n\t\t\t<\/div>\n\t\t\t\t<figcaption class='wp-caption-text gallery-caption' id='gallery-1-79549'>\n\t\t\t\tDeco circular, nueva vida a los muebles de madera (Flo Taller de Muebles)\n\t\t\t\t<\/figcaption><\/figure><figure class='gallery-item'>\n\t\t\t<div class='gallery-icon portrait'>\n\t\t\t\t<a href='https:\/\/www.arquimaster.com.ar\/web\/wp-content\/uploads\/2024\/09\/deco_circular_2.jpg' title=\"Deco circular, nueva vida a los muebles de madera (Flo Taller de Muebles)\" data-rl_title=\"Deco circular, nueva vida a los muebles de madera (Flo Taller de Muebles)\" class=\"rl-gallery-link\" data-rl_caption=\"Deco circular, nueva vida a los muebles de madera (Flo Taller de Muebles)\" data-rel=\"lightbox-gallery-1\"><img loading=\"lazy\" decoding=\"async\" width=\"150\" height=\"150\" src=\"https:\/\/www.arquimaster.com.ar\/web\/wp-content\/uploads\/2024\/09\/deco_circular_2-150x150.jpg\" class=\"attachment-thumbnail size-thumbnail\" alt=\"Deco circular, nueva vida a los muebles de madera\" aria-describedby=\"gallery-1-79550\" \/><\/a>\n\t\t\t<\/div>\n\t\t\t\t<figcaption class='wp-caption-text gallery-caption' id='gallery-1-79550'>\n\t\t\t\tDeco circular, nueva vida a los muebles de madera (Flo Taller de Muebles)\n\t\t\t\t<\/figcaption><\/figure><figure class='gallery-item'>\n\t\t\t<div class='gallery-icon portrait'>\n\t\t\t\t<a href='https:\/\/www.arquimaster.com.ar\/web\/wp-content\/uploads\/2024\/09\/deco_circular_4.jpg' title=\"Deco circular, nueva vida a los muebles de madera (Flo Taller de Muebles)\" data-rl_title=\"Deco circular, nueva vida a los muebles de madera (Flo Taller de Muebles)\" class=\"rl-gallery-link\" data-rl_caption=\"Deco circular, nueva vida a los muebles de madera (Flo Taller de Muebles)\" data-rel=\"lightbox-gallery-1\"><img loading=\"lazy\" decoding=\"async\" width=\"150\" height=\"150\" src=\"https:\/\/www.arquimaster.com.ar\/web\/wp-content\/uploads\/2024\/09\/deco_circular_4-150x150.jpg\" class=\"attachment-thumbnail size-thumbnail\" alt=\"Deco circular, nueva vida a los muebles de madera\" aria-describedby=\"gallery-1-79552\" \/><\/a>\n\t\t\t<\/div>\n\t\t\t\t<figcaption class='wp-caption-text gallery-caption' id='gallery-1-79552'>\n\t\t\t\tDeco circular, nueva vida a los muebles de madera (Flo Taller de Muebles)\n\t\t\t\t<\/figcaption><\/figure><figure class='gallery-item'>\n\t\t\t<div class='gallery-icon portrait'>\n\t\t\t\t<a href='https:\/\/www.arquimaster.com.ar\/web\/wp-content\/uploads\/2024\/09\/deco_circular_3.jpg' title=\"Deco circular, nueva vida a los muebles de madera (Flo Taller de Muebles)\" data-rl_title=\"Deco circular, nueva vida a los muebles de madera (Flo Taller de Muebles)\" class=\"rl-gallery-link\" data-rl_caption=\"Deco circular, nueva vida a los muebles de madera (Flo Taller de Muebles)\" data-rel=\"lightbox-gallery-1\"><img loading=\"lazy\" decoding=\"async\" width=\"150\" height=\"150\" src=\"https:\/\/www.arquimaster.com.ar\/web\/wp-content\/uploads\/2024\/09\/deco_circular_3-150x150.jpg\" class=\"attachment-thumbnail size-thumbnail\" alt=\"Deco circular, nueva vida a los muebles de madera\" aria-describedby=\"gallery-1-79551\" \/><\/a>\n\t\t\t<\/div>\n\t\t\t\t<figcaption class='wp-caption-text gallery-caption' id='gallery-1-79551'>\n\t\t\t\tDeco circular, nueva vida a los muebles de madera (Flo Taller de Muebles)\n\t\t\t\t<\/figcaption><\/figure><figure class='gallery-item'>\n\t\t\t<div class='gallery-icon portrait'>\n\t\t\t\t<a href='https:\/\/www.arquimaster.com.ar\/web\/wp-content\/uploads\/2024\/09\/deco_circular_8.jpg' title=\"Deco circular, nueva vida a los muebles de madera (Gaetana Deco) (antes)\" data-rl_title=\"Deco circular, nueva vida a los muebles de madera (Gaetana Deco) (antes)\" class=\"rl-gallery-link\" data-rl_caption=\"Deco circular, nueva vida a los muebles de madera (Gaetana Deco) (antes)\" data-rel=\"lightbox-gallery-1\"><img loading=\"lazy\" decoding=\"async\" width=\"150\" height=\"150\" src=\"https:\/\/www.arquimaster.com.ar\/web\/wp-content\/uploads\/2024\/09\/deco_circular_8-150x150.jpg\" class=\"attachment-thumbnail size-thumbnail\" alt=\"Deco circular, nueva vida a los muebles de madera\" aria-describedby=\"gallery-1-79556\" \/><\/a>\n\t\t\t<\/div>\n\t\t\t\t<figcaption class='wp-caption-text gallery-caption' id='gallery-1-79556'>\n\t\t\t\tDeco circular, nueva vida a los muebles de madera (Gaetana Deco) (antes)\n\t\t\t\t<\/figcaption><\/figure><figure class='gallery-item'>\n\t\t\t<div class='gallery-icon portrait'>\n\t\t\t\t<a href='https:\/\/www.arquimaster.com.ar\/web\/wp-content\/uploads\/2024\/09\/deco_circular_7.jpg' title=\"Deco circular, nueva vida a los muebles de madera (Gaetana Deco) (antes)\" data-rl_title=\"Deco circular, nueva vida a los muebles de madera (Gaetana Deco) (antes)\" class=\"rl-gallery-link\" data-rl_caption=\"Deco circular, nueva vida a los muebles de madera (Gaetana Deco) (antes)\" data-rel=\"lightbox-gallery-1\"><img loading=\"lazy\" decoding=\"async\" width=\"150\" height=\"150\" src=\"https:\/\/www.arquimaster.com.ar\/web\/wp-content\/uploads\/2024\/09\/deco_circular_7-150x150.jpg\" class=\"attachment-thumbnail size-thumbnail\" alt=\"Deco circular, nueva vida a los muebles de madera\" aria-describedby=\"gallery-1-79555\" \/><\/a>\n\t\t\t<\/div>\n\t\t\t\t<figcaption class='wp-caption-text gallery-caption' id='gallery-1-79555'>\n\t\t\t\tDeco circular, nueva vida a los muebles de madera (Gaetana Deco) (antes)\n\t\t\t\t<\/figcaption><\/figure><figure class='gallery-item'>\n\t\t\t<div class='gallery-icon landscape'>\n\t\t\t\t<a href='https:\/\/www.arquimaster.com.ar\/web\/wp-content\/uploads\/2024\/09\/deco_circular_6.jpg' title=\"Deco circular, nueva vida a los muebles de madera (Gaetana Deco) (antes)\" data-rl_title=\"Deco circular, nueva vida a los muebles de madera (Gaetana Deco) (antes)\" class=\"rl-gallery-link\" data-rl_caption=\"Deco circular, nueva vida a los muebles de madera (Gaetana Deco) (antes)\" data-rel=\"lightbox-gallery-1\"><img loading=\"lazy\" decoding=\"async\" width=\"150\" height=\"150\" src=\"https:\/\/www.arquimaster.com.ar\/web\/wp-content\/uploads\/2024\/09\/deco_circular_6-150x150.jpg\" class=\"attachment-thumbnail size-thumbnail\" alt=\"Deco circular, nueva vida a los muebles de madera\" aria-describedby=\"gallery-1-79554\" \/><\/a>\n\t\t\t<\/div>\n\t\t\t\t<figcaption class='wp-caption-text gallery-caption' id='gallery-1-79554'>\n\t\t\t\tDeco circular, nueva vida a los muebles de madera (Gaetana Deco) (antes)\n\t\t\t\t<\/figcaption><\/figure><figure class='gallery-item'>\n\t\t\t<div class='gallery-icon portrait'>\n\t\t\t\t<a href='https:\/\/www.arquimaster.com.ar\/web\/wp-content\/uploads\/2024\/09\/deco_circular_5.jpg' title=\"Deco circular, nueva vida a los muebles de madera (Gaetana Deco) (antes)\" data-rl_title=\"Deco circular, nueva vida a los muebles de madera (Gaetana Deco) (antes)\" class=\"rl-gallery-link\" data-rl_caption=\"Deco circular, nueva vida a los muebles de madera (Gaetana Deco) (antes)\" data-rel=\"lightbox-gallery-1\"><img loading=\"lazy\" decoding=\"async\" width=\"150\" height=\"150\" src=\"https:\/\/www.arquimaster.com.ar\/web\/wp-content\/uploads\/2024\/09\/deco_circular_5-150x150.jpg\" class=\"attachment-thumbnail size-thumbnail\" alt=\"Deco circular, nueva vida a los muebles de madera\" aria-describedby=\"gallery-1-79553\" \/><\/a>\n\t\t\t<\/div>\n\t\t\t\t<figcaption class='wp-caption-text gallery-caption' id='gallery-1-79553'>\n\t\t\t\tDeco circular, nueva vida a los muebles de madera (Gaetana Deco) (antes)\n\t\t\t\t<\/figcaption><\/figure>\n\t\t<\/div>\n\n<p>No es casual que los resultados del reciente bar\u00f3metro de <strong>Maison&amp;Objects #6<\/strong> (estudio desarrollado por la exposici\u00f3n de dise\u00f1o internacional y que eval\u00faa la evoluci\u00f3n del sector de la decoraci\u00f3n de interiores, el dise\u00f1o y el estilo de vida), destaque que para el 2025 el mercado mundial de muebles usados podr\u00eda alcanzar los 47.500 millones de d\u00f3lares.<\/p>\n<p>El mismo resalta un movimiento inevitable hacia el mercado de \u00absegunda mano\u00bb, dado por el <strong>reciclaje<\/strong> o por el <strong>upcyclin<\/strong> (reutilizar partes de un art\u00edculo para otro prop\u00f3sito u objeto).<\/p>\n<p>Asimismo, las redes sociales tambi\u00e9n evidencian esta propuesta de <strong>\u00abDeco Circular\u00bb<\/strong>, ya sea, mostrando los \u00abviejos-nuevos\u00bb objetos en escena como poniendo en relieve el trabajo de talentosas restauradoras extremas a lo largo y ancho del pa\u00eds.<\/p>\n<p><strong>Florencia Tolosa<\/strong>, desde Rosario y conocida en redes como @FloTallerDeMuebles, recicla y restaura muebles desde hace m\u00e1s de 10 a\u00f1os. Flo define su trabajo como una forma de vida, un concepto. <em>\u00abLos muebles nos acompa\u00f1an, son c\u00f3mplices de nuestra historia, tanto los heredados, como los que compramos usados para reciclar. Es una manera de percibir nuestro entorno y de crear nuestro hogar. Para m\u00ed siempre, siempre vale la pena darles una segunda, tercera, cuarta oportunidad, incluso m\u00e1s si es de madera maciza. Al momento de iniciar una restauraci\u00f3n, lo primero que pienso es el dise\u00f1o de ese mueble. C\u00f3mo me lo imagino, c\u00f3mo lo quiero, en qu\u00e9 lugar de mi casa. No todos los muebles tienen que ser estrictamente para lo que fueron construidos. Una mesita de luz, puede estar en un ba\u00f1o como mesa de apoyo o en un living como mesa de arrime, en una cocina para guardar cosas. Descontextualizar el mueble para que forme parte de nuestra casa. Luego pongo manos a la obra, lo desarmo, lo lijo, lo decapo, lo protejo para que la madera salga a la luz, reviva y nos acompa\u00f1e muchos a\u00f1os m\u00e1s\u00bb<\/em>, agrega.<\/p>\n<p><strong>Florencia Vazzano<\/strong>, en RRSS @GaetanaDeco, desde Olavarr\u00eda destaca: <em>\u00abLa restauraci\u00f3n de muebles sin duda ha ganado popularidad. La gente busca reducir residuos y agregar un toque \u00fanico a sus hogares. Para iniciar el trabajo lo principal es la inspecci\u00f3n, examinarlo para planificar y pensar qu\u00e9 queremos lograr y qu\u00e9 materiales vamos a necesitar. Evaluar si el mueble necesita alg\u00fan tipo de reparaci\u00f3n en su estructura, grietas, etc. Luego proceder con la preparaci\u00f3n de la superficie para luego s\u00ed, pintarlo o protegerlo. Fundamental, \u00a1la paciencia!\u00bb<\/em>.<\/p>\n<p>La mayor\u00eda de muebles que recibe en su taller (en el que trabaja ya hace 8 a\u00f1os) son antiguos y en muchas ocasiones ingresan de un modo, con un \u00abuso\u00bb (roperos, c\u00f3modas, etc.) y salen transformados, con nuevas vidas y nombres, como vajilleros por ejemplo. Sostiene que en general recibe muebles de clientes particulares, pero que tambi\u00e9n ha notado una tendencia cada vez m\u00e1s fuerte de personas que compran para vender o para reciclar, no solo porque los tienen en casa. La familia de Florencia por ejemplo tiene un anticuario (@anticuariovazzano), que da cuenta de esto que ella afirma y del que, adem\u00e1s, muchas veces recibe clientes.<\/p>\n<p>@VadeRetro, la dupla de <strong>Pilar y Carolina<\/strong> resaltan que <em>\u00aben la era del consumismo, reciclar un mueble, es un acto de rebeld\u00eda. Ver c\u00f3mo en otros pa\u00edses est\u00e1 instalada la cultura del descarte, nos angustia un poco. En nuestro pa\u00eds, por suerte, esto no sucede. El argentino, por diferentes causas, le da significado a lo antiguo y decide darle otra oportunidad. Valoramos el trabajo artesanal de ebanistas del pasado, trabajos que perduraron en el tiempo. Muchos de nuestros clientes deciden reciclar sus muebles para conservar recuerdos de familiares muy queridos. Algunos ejemplos cl\u00e1sicos son la m\u00e1quina de coser de la abuela, el vajillero de la t\u00eda donde guardaba la colecci\u00f3n de tazas de t\u00e9, o simples objetos, como cajitas, que traen consigo muchos recuerdos y la madera, material noble si los hay, nos permite recuperar estos muebles y objetos\u00bb<\/em>.<\/p>\n<p>La dupla agrega que, cuando tienen alg\u00fan tiempo entre los trabajos a pedido, compran en remates muebles que reciclan y venden. Dicen tener el ojo entrenado para saber si un mueble tiene #altopotencial, como le dicen ambas y adem\u00e1s resaltan que estos objetos son sus permitidos para ser libres y expresar su arte y pasi\u00f3n por la recuperaci\u00f3n de muebles. Para ellas reciclar un mueble no VALE LA PENA, sino que VALE LA ALEGR\u00cdA.<\/p>\n<p><a href=\"https:\/\/www.arquimaster.com.ar\/web\/tag\/cetol\">Cetol<\/a>, marca l\u00edder en el cuidado y protecci\u00f3n de la madera del Grupo AkzoNobel, ofrece una serie de soluciones tanto para proteger como para dar un nuevo look, para que un mueble vuelva a nacer. Desde soluciones incoloras y mates, que prolongan las oportunidades de circular del objeto (<strong>Cetol Belleza Natural<\/strong>), hasta productos listos para usar con color y protecci\u00f3n como <strong>Cetol Classic Balance<\/strong> (viene en 6 tonos y 2 terminaciones satinado e incoloro) o, por qu\u00e9 no, aquellos que suman una p\u00e1tina blanca trasl\u00facida, para los amantes de lo vintage.<\/p>\n<p>La arquitecta <strong>Viviana Insaurralde<\/strong> de Cetol, destaca: <em>\u00abLa cultura de usar y tirar no va m\u00e1s. Cuidar es lo primero y reinventarse tantas veces como sea posible es lo que nos hace \u00fanicos. Porque incluso en la nueva oportunidad, se puede encontrar m\u00e1s valor. La madera nos ofrece esa posibilidad, dejarla pasar, ser\u00eda no comprender su elecci\u00f3n\u00bb<\/em>.<\/p>\n<p>Estamos ante la presencia de un consumo m\u00e1s slow, alejado de la producci\u00f3n masiva y acelerada, centrado en la importancia del valor artesanal de las cosas, del aporte humano.<\/p>\n<p>Marcas reconocidas a nivel mundial est\u00e1n desarrollando plataformas de venta de equipamientos \u00aboutlet\u00bb dado que identifican adem\u00e1s esta forma de concebir los objetos. A nivel local, cada vez son m\u00e1s los mercados y negocios que ofrecen muebles que en ojos de otros, dejan de ser descartables para convertirse en deseables.<\/p>\n<p><strong>Acerca de Cetol<\/strong><br \/>\nCetol es la marca l\u00edder en el cuidado y protecci\u00f3n de la madera del grupo AkzoNobel. Desde hace 40 a\u00f1os provee soluciones a consumidores ubicados en todo el pa\u00eds. Con un amplio portfolio de productos, es la \u00fanica marca que cuenta con una l\u00ednea amigable con el medio ambiente, una tecnolog\u00eda revolucionaria que combina los beneficios de los productos solventes con la practicidad de los productos al agua: Cetol Tecnolog\u00eda Balance.<\/p>\n<p><strong>Acerca de AkzoNobel<\/strong><br \/>\nDesde 1792, suministramos pinturas y recubrimientos innovadores que ayudan a darle color a la vida de las personas y a proteger lo que m\u00e1s importa. Nuestro portafolio de marcas de clase global, incluidas Alba, Cetol, International, Wanda y Sikkens, cuenta con la confianza de clientes de todo el mundo. Estamos presentes en m\u00e1s de 150 pa\u00edses, donde utilizamos nuestra experiencia para mantener y mejorar la vida cotidiana. Porque creemos que cada superficie nos trae una oportunidad. Es lo que se espera de una empresa de pinturas y recubrimientos pionera y de larga trayectoria, que se dedica a proporcionar soluciones sostenibles y a preservar lo mejor de lo que tenemos hoy, mientras crea un ma\u00f1ana a\u00fan mejor. Pintemos el futuro juntos.<\/p>\n\n<div style=\"font-size: 0px; height: 0px; line-height: 0px; margin: 0; padding: 0; clear: both;\"><\/div><div style=\"margin-top: 0px; margin-bottom: 0px;\" class=\"sharethis-inline-share-buttons\" ><\/div>","protected":false},"excerpt":{"rendered":"<p>La nueva tendencia de recuperar, reciclar y reversionar que permite transformar ambientes&#8230;<\/p>\n","protected":false},"author":1,"featured_media":79548,"comment_status":"closed","ping_status":"closed","sticky":false,"template":"","format":"standard","meta":{"_uag_custom_page_level_css":"","footnotes":""},"categories":[55,56],"tags":[1111,1107,2731,7885,7884,7886,6508,6507,701],"class_list":["post-79547","post","type-post","status-publish","format-standard","has-post-thumbnail","hentry","category-diseno","category-diseno-interior-decoracion","tag-akzonobel","tag-cetol","tag-cetol-balance","tag-cetol-belleza-natural","tag-cetol-classic-balance","tag-deco-circular","tag-diseno-circular","tag-economia-circular","tag-madera","generate-columns","tablet-grid-50","mobile-grid-100","grid-parent","grid-50"],"yoast_head":"<!-- This site is optimized with the Yoast SEO plugin v27.3 - https:\/\/yoast.com\/product\/yoast-seo-wordpress\/ -->\n<title>Deco circular, nueva vida a los muebles de madera - Arquimaster<\/title>\n<meta name=\"description\" content=\"La nueva tendencia de recuperar-reciclar-reversionar que permite transformar ambientes poniendo a punto mobiliario de valor.\" \/>\n<meta name=\"robots\" content=\"index, follow, max-snippet:-1, max-image-preview:large, max-video-preview:-1\" \/>\n<link rel=\"canonical\" href=\"https:\/\/www.arquimaster.com.ar\/web\/deco-circular-nueva-vida-a-los-muebles-de-madera\/\" \/>\n<meta property=\"og:locale\" content=\"es_ES\" \/>\n<meta property=\"og:type\" content=\"article\" \/>\n<meta property=\"og:title\" content=\"Deco circular, nueva vida a los muebles de madera\" \/>\n<meta property=\"og:description\" content=\"La nueva tendencia de recuperar-reciclar-reversionar que permite transformar ambientes poniendo a punto mobiliario de valor.\" \/>\n<meta property=\"og:url\" content=\"https:\/\/www.arquimaster.com.ar\/web\/deco-circular-nueva-vida-a-los-muebles-de-madera\/\" \/>\n<meta property=\"og:site_name\" content=\"Arquimaster\" \/>\n<meta property=\"article:publisher\" content=\"http:\/\/www.facebook.com\/ARQUIMASTER.com.ar\" \/>\n<meta property=\"article:published_time\" content=\"2024-09-02T16:56:00+00:00\" \/>\n<meta property=\"article:modified_time\" content=\"2025-07-25T02:01:58+00:00\" \/>\n<meta property=\"og:image\" content=\"https:\/\/www.arquimaster.com.ar\/web\/wp-content\/uploads\/2024\/09\/deco_circular_slide.jpg\" \/>\n\t<meta property=\"og:image:width\" content=\"698\" \/>\n\t<meta property=\"og:image:height\" content=\"364\" \/>\n\t<meta property=\"og:image:type\" content=\"image\/jpeg\" \/>\n<meta name=\"author\" content=\"Arquimaster\" \/>\n<meta name=\"twitter:card\" content=\"summary_large_image\" \/>\n<meta name=\"twitter:title\" content=\"Deco circular, nueva vida a los muebles de madera\" \/>\n<meta name=\"twitter:description\" content=\"La nueva tendencia de recuperar-reciclar-reversionar que permite transformar ambientes poniendo a punto mobiliario de valor.\" \/>\n<meta name=\"twitter:image\" content=\"https:\/\/www.arquimaster.com.ar\/web\/wp-content\/uploads\/2024\/09\/deco_circular_slide.jpg\" \/>\n<meta name=\"twitter:creator\" content=\"@arquimaster\" \/>\n<meta name=\"twitter:site\" content=\"@arquimaster\" \/>\n<meta name=\"twitter:label1\" content=\"Escrito por\" \/>\n\t<meta name=\"twitter:data1\" content=\"Arquimaster\" \/>\n\t<meta name=\"twitter:label2\" content=\"Tiempo de lectura\" \/>\n\t<meta name=\"twitter:data2\" content=\"6 minutos\" \/>\n<script type=\"application\/ld+json\" class=\"yoast-schema-graph\">{\"@context\":\"https:\\\/\\\/schema.org\",\"@graph\":[{\"@type\":\"Article\",\"@id\":\"https:\\\/\\\/www.arquimaster.com.ar\\\/web\\\/deco-circular-nueva-vida-a-los-muebles-de-madera\\\/#article\",\"isPartOf\":{\"@id\":\"https:\\\/\\\/www.arquimaster.com.ar\\\/web\\\/deco-circular-nueva-vida-a-los-muebles-de-madera\\\/\"},\"author\":{\"name\":\"Arquimaster\",\"@id\":\"https:\\\/\\\/www.arquimaster.com.ar\\\/web\\\/#\\\/schema\\\/person\\\/359e9f7c00193fcde068e0dd2ceb0028\"},\"headline\":\"Deco circular, nueva vida a los muebles de madera\",\"datePublished\":\"2024-09-02T16:56:00+00:00\",\"dateModified\":\"2025-07-25T02:01:58+00:00\",\"mainEntityOfPage\":{\"@id\":\"https:\\\/\\\/www.arquimaster.com.ar\\\/web\\\/deco-circular-nueva-vida-a-los-muebles-de-madera\\\/\"},\"wordCount\":1348,\"publisher\":{\"@id\":\"https:\\\/\\\/www.arquimaster.com.ar\\\/web\\\/#organization\"},\"image\":{\"@id\":\"https:\\\/\\\/www.arquimaster.com.ar\\\/web\\\/deco-circular-nueva-vida-a-los-muebles-de-madera\\\/#primaryimage\"},\"thumbnailUrl\":\"https:\\\/\\\/www.arquimaster.com.ar\\\/web\\\/wp-content\\\/uploads\\\/2024\\\/09\\\/deco_circular_slide.jpg\",\"keywords\":[\"AkzoNobel\",\"Cetol\",\"Cetol Balance\",\"Cetol Belleza Natural\",\"Cetol Classic Balance\",\"deco circular\",\"dise\u00f1o circular\",\"economia circular\",\"madera\"],\"articleSection\":[\"Dise\u00f1o\",\"Dise\u00f1o interior y decoracion\"],\"inLanguage\":\"es\"},{\"@type\":\"WebPage\",\"@id\":\"https:\\\/\\\/www.arquimaster.com.ar\\\/web\\\/deco-circular-nueva-vida-a-los-muebles-de-madera\\\/\",\"url\":\"https:\\\/\\\/www.arquimaster.com.ar\\\/web\\\/deco-circular-nueva-vida-a-los-muebles-de-madera\\\/\",\"name\":\"Deco circular, nueva vida a los muebles de madera - Arquimaster\",\"isPartOf\":{\"@id\":\"https:\\\/\\\/www.arquimaster.com.ar\\\/web\\\/#website\"},\"primaryImageOfPage\":{\"@id\":\"https:\\\/\\\/www.arquimaster.com.ar\\\/web\\\/deco-circular-nueva-vida-a-los-muebles-de-madera\\\/#primaryimage\"},\"image\":{\"@id\":\"https:\\\/\\\/www.arquimaster.com.ar\\\/web\\\/deco-circular-nueva-vida-a-los-muebles-de-madera\\\/#primaryimage\"},\"thumbnailUrl\":\"https:\\\/\\\/www.arquimaster.com.ar\\\/web\\\/wp-content\\\/uploads\\\/2024\\\/09\\\/deco_circular_slide.jpg\",\"datePublished\":\"2024-09-02T16:56:00+00:00\",\"dateModified\":\"2025-07-25T02:01:58+00:00\",\"description\":\"La nueva tendencia de recuperar-reciclar-reversionar que permite transformar ambientes poniendo a punto mobiliario de valor.\",\"breadcrumb\":{\"@id\":\"https:\\\/\\\/www.arquimaster.com.ar\\\/web\\\/deco-circular-nueva-vida-a-los-muebles-de-madera\\\/#breadcrumb\"},\"inLanguage\":\"es\",\"potentialAction\":[{\"@type\":\"ReadAction\",\"target\":[\"https:\\\/\\\/www.arquimaster.com.ar\\\/web\\\/deco-circular-nueva-vida-a-los-muebles-de-madera\\\/\"]}]},{\"@type\":\"ImageObject\",\"inLanguage\":\"es\",\"@id\":\"https:\\\/\\\/www.arquimaster.com.ar\\\/web\\\/deco-circular-nueva-vida-a-los-muebles-de-madera\\\/#primaryimage\",\"url\":\"https:\\\/\\\/www.arquimaster.com.ar\\\/web\\\/wp-content\\\/uploads\\\/2024\\\/09\\\/deco_circular_slide.jpg\",\"contentUrl\":\"https:\\\/\\\/www.arquimaster.com.ar\\\/web\\\/wp-content\\\/uploads\\\/2024\\\/09\\\/deco_circular_slide.jpg\",\"width\":698,\"height\":364,\"caption\":\"Deco circular, nueva vida a los muebles de madera\"},{\"@type\":\"BreadcrumbList\",\"@id\":\"https:\\\/\\\/www.arquimaster.com.ar\\\/web\\\/deco-circular-nueva-vida-a-los-muebles-de-madera\\\/#breadcrumb\",\"itemListElement\":[{\"@type\":\"ListItem\",\"position\":1,\"name\":\"Portada\",\"item\":\"https:\\\/\\\/www.arquimaster.com.ar\\\/web\\\/\"},{\"@type\":\"ListItem\",\"position\":2,\"name\":\"Deco circular, nueva vida a los muebles de madera\"}]},{\"@type\":\"WebSite\",\"@id\":\"https:\\\/\\\/www.arquimaster.com.ar\\\/web\\\/#website\",\"url\":\"https:\\\/\\\/www.arquimaster.com.ar\\\/web\\\/\",\"name\":\"Arquimaster\",\"description\":\"Web de arquitectura, dise\u00f1o y construccion\",\"publisher\":{\"@id\":\"https:\\\/\\\/www.arquimaster.com.ar\\\/web\\\/#organization\"},\"potentialAction\":[{\"@type\":\"SearchAction\",\"target\":{\"@type\":\"EntryPoint\",\"urlTemplate\":\"https:\\\/\\\/www.arquimaster.com.ar\\\/web\\\/?s={search_term_string}\"},\"query-input\":{\"@type\":\"PropertyValueSpecification\",\"valueRequired\":true,\"valueName\":\"search_term_string\"}}],\"inLanguage\":\"es\"},{\"@type\":\"Organization\",\"@id\":\"https:\\\/\\\/www.arquimaster.com.ar\\\/web\\\/#organization\",\"name\":\"Arquimaster\",\"url\":\"https:\\\/\\\/www.arquimaster.com.ar\\\/web\\\/\",\"logo\":{\"@type\":\"ImageObject\",\"inLanguage\":\"es\",\"@id\":\"https:\\\/\\\/www.arquimaster.com.ar\\\/web\\\/#\\\/schema\\\/logo\\\/image\\\/\",\"url\":\"https:\\\/\\\/www.arquimaster.com.ar\\\/web\\\/wp-content\\\/uploads\\\/2022\\\/06\\\/arquimaster.png\",\"contentUrl\":\"https:\\\/\\\/www.arquimaster.com.ar\\\/web\\\/wp-content\\\/uploads\\\/2022\\\/06\\\/arquimaster.png\",\"width\":594,\"height\":78,\"caption\":\"Arquimaster\"},\"image\":{\"@id\":\"https:\\\/\\\/www.arquimaster.com.ar\\\/web\\\/#\\\/schema\\\/logo\\\/image\\\/\"},\"sameAs\":[\"http:\\\/\\\/www.facebook.com\\\/ARQUIMASTER.com.ar\",\"https:\\\/\\\/x.com\\\/arquimaster\",\"https:\\\/\\\/www.instagram.com\\\/arquimasterblog\\\/\",\"https:\\\/\\\/www.linkedin.com\\\/company\\\/arquimaster\",\"https:\\\/\\\/www.pinterest.com\\\/arquimaster\",\"https:\\\/\\\/t.me\\\/arquimaster\"]},{\"@type\":\"Person\",\"@id\":\"https:\\\/\\\/www.arquimaster.com.ar\\\/web\\\/#\\\/schema\\\/person\\\/359e9f7c00193fcde068e0dd2ceb0028\",\"name\":\"Arquimaster\"}]}<\/script>\n<!-- \/ Yoast SEO plugin. -->","yoast_head_json":{"title":"Deco circular, nueva vida a los muebles de madera - Arquimaster","description":"La nueva tendencia de recuperar-reciclar-reversionar que permite transformar ambientes poniendo a punto mobiliario de valor.","robots":{"index":"index","follow":"follow","max-snippet":"max-snippet:-1","max-image-preview":"max-image-preview:large","max-video-preview":"max-video-preview:-1"},"canonical":"https:\/\/www.arquimaster.com.ar\/web\/deco-circular-nueva-vida-a-los-muebles-de-madera\/","og_locale":"es_ES","og_type":"article","og_title":"Deco circular, nueva vida a los muebles de madera","og_description":"La nueva tendencia de recuperar-reciclar-reversionar que permite transformar ambientes poniendo a punto mobiliario de valor.","og_url":"https:\/\/www.arquimaster.com.ar\/web\/deco-circular-nueva-vida-a-los-muebles-de-madera\/","og_site_name":"Arquimaster","article_publisher":"http:\/\/www.facebook.com\/ARQUIMASTER.com.ar","article_published_time":"2024-09-02T16:56:00+00:00","article_modified_time":"2025-07-25T02:01:58+00:00","og_image":[{"width":698,"height":364,"url":"https:\/\/www.arquimaster.com.ar\/web\/wp-content\/uploads\/2024\/09\/deco_circular_slide.jpg","type":"image\/jpeg"}],"author":"Arquimaster","twitter_card":"summary_large_image","twitter_title":"Deco circular, nueva vida a los muebles de madera","twitter_description":"La nueva tendencia de recuperar-reciclar-reversionar que permite transformar ambientes poniendo a punto mobiliario de valor.","twitter_image":"https:\/\/www.arquimaster.com.ar\/web\/wp-content\/uploads\/2024\/09\/deco_circular_slide.jpg","twitter_creator":"@arquimaster","twitter_site":"@arquimaster","twitter_misc":{"Escrito por":"Arquimaster","Tiempo de lectura":"6 minutos"},"schema":{"@context":"https:\/\/schema.org","@graph":[{"@type":"Article","@id":"https:\/\/www.arquimaster.com.ar\/web\/deco-circular-nueva-vida-a-los-muebles-de-madera\/#article","isPartOf":{"@id":"https:\/\/www.arquimaster.com.ar\/web\/deco-circular-nueva-vida-a-los-muebles-de-madera\/"},"author":{"name":"Arquimaster","@id":"https:\/\/www.arquimaster.com.ar\/web\/#\/schema\/person\/359e9f7c00193fcde068e0dd2ceb0028"},"headline":"Deco circular, nueva vida a los muebles de madera","datePublished":"2024-09-02T16:56:00+00:00","dateModified":"2025-07-25T02:01:58+00:00","mainEntityOfPage":{"@id":"https:\/\/www.arquimaster.com.ar\/web\/deco-circular-nueva-vida-a-los-muebles-de-madera\/"},"wordCount":1348,"publisher":{"@id":"https:\/\/www.arquimaster.com.ar\/web\/#organization"},"image":{"@id":"https:\/\/www.arquimaster.com.ar\/web\/deco-circular-nueva-vida-a-los-muebles-de-madera\/#primaryimage"},"thumbnailUrl":"https:\/\/www.arquimaster.com.ar\/web\/wp-content\/uploads\/2024\/09\/deco_circular_slide.jpg","keywords":["AkzoNobel","Cetol","Cetol Balance","Cetol Belleza Natural","Cetol Classic Balance","deco circular","dise\u00f1o circular","economia circular","madera"],"articleSection":["Dise\u00f1o","Dise\u00f1o interior y decoracion"],"inLanguage":"es"},{"@type":"WebPage","@id":"https:\/\/www.arquimaster.com.ar\/web\/deco-circular-nueva-vida-a-los-muebles-de-madera\/","url":"https:\/\/www.arquimaster.com.ar\/web\/deco-circular-nueva-vida-a-los-muebles-de-madera\/","name":"Deco circular, nueva vida a los muebles de madera - Arquimaster","isPartOf":{"@id":"https:\/\/www.arquimaster.com.ar\/web\/#website"},"primaryImageOfPage":{"@id":"https:\/\/www.arquimaster.com.ar\/web\/deco-circular-nueva-vida-a-los-muebles-de-madera\/#primaryimage"},"image":{"@id":"https:\/\/www.arquimaster.com.ar\/web\/deco-circular-nueva-vida-a-los-muebles-de-madera\/#primaryimage"},"thumbnailUrl":"https:\/\/www.arquimaster.com.ar\/web\/wp-content\/uploads\/2024\/09\/deco_circular_slide.jpg","datePublished":"2024-09-02T16:56:00+00:00","dateModified":"2025-07-25T02:01:58+00:00","description":"La nueva tendencia de recuperar-reciclar-reversionar que permite transformar ambientes poniendo a punto mobiliario de valor.","breadcrumb":{"@id":"https:\/\/www.arquimaster.com.ar\/web\/deco-circular-nueva-vida-a-los-muebles-de-madera\/#breadcrumb"},"inLanguage":"es","potentialAction":[{"@type":"ReadAction","target":["https:\/\/www.arquimaster.com.ar\/web\/deco-circular-nueva-vida-a-los-muebles-de-madera\/"]}]},{"@type":"ImageObject","inLanguage":"es","@id":"https:\/\/www.arquimaster.com.ar\/web\/deco-circular-nueva-vida-a-los-muebles-de-madera\/#primaryimage","url":"https:\/\/www.arquimaster.com.ar\/web\/wp-content\/uploads\/2024\/09\/deco_circular_slide.jpg","contentUrl":"https:\/\/www.arquimaster.com.ar\/web\/wp-content\/uploads\/2024\/09\/deco_circular_slide.jpg","width":698,"height":364,"caption":"Deco circular, nueva vida a los muebles de madera"},{"@type":"BreadcrumbList","@id":"https:\/\/www.arquimaster.com.ar\/web\/deco-circular-nueva-vida-a-los-muebles-de-madera\/#breadcrumb","itemListElement":[{"@type":"ListItem","position":1,"name":"Portada","item":"https:\/\/www.arquimaster.com.ar\/web\/"},{"@type":"ListItem","position":2,"name":"Deco circular, nueva vida a los muebles de madera"}]},{"@type":"WebSite","@id":"https:\/\/www.arquimaster.com.ar\/web\/#website","url":"https:\/\/www.arquimaster.com.ar\/web\/","name":"Arquimaster","description":"Web de arquitectura, dise\u00f1o y construccion","publisher":{"@id":"https:\/\/www.arquimaster.com.ar\/web\/#organization"},"potentialAction":[{"@type":"SearchAction","target":{"@type":"EntryPoint","urlTemplate":"https:\/\/www.arquimaster.com.ar\/web\/?s={search_term_string}"},"query-input":{"@type":"PropertyValueSpecification","valueRequired":true,"valueName":"search_term_string"}}],"inLanguage":"es"},{"@type":"Organization","@id":"https:\/\/www.arquimaster.com.ar\/web\/#organization","name":"Arquimaster","url":"https:\/\/www.arquimaster.com.ar\/web\/","logo":{"@type":"ImageObject","inLanguage":"es","@id":"https:\/\/www.arquimaster.com.ar\/web\/#\/schema\/logo\/image\/","url":"https:\/\/www.arquimaster.com.ar\/web\/wp-content\/uploads\/2022\/06\/arquimaster.png","contentUrl":"https:\/\/www.arquimaster.com.ar\/web\/wp-content\/uploads\/2022\/06\/arquimaster.png","width":594,"height":78,"caption":"Arquimaster"},"image":{"@id":"https:\/\/www.arquimaster.com.ar\/web\/#\/schema\/logo\/image\/"},"sameAs":["http:\/\/www.facebook.com\/ARQUIMASTER.com.ar","https:\/\/x.com\/arquimaster","https:\/\/www.instagram.com\/arquimasterblog\/","https:\/\/www.linkedin.com\/company\/arquimaster","https:\/\/www.pinterest.com\/arquimaster","https:\/\/t.me\/arquimaster"]},{"@type":"Person","@id":"https:\/\/www.arquimaster.com.ar\/web\/#\/schema\/person\/359e9f7c00193fcde068e0dd2ceb0028","name":"Arquimaster"}]}},"uagb_featured_image_src":{"full":["https:\/\/www.arquimaster.com.ar\/web\/wp-content\/uploads\/2024\/09\/deco_circular_slide.jpg",698,364,false],"thumbnail":["https:\/\/www.arquimaster.com.ar\/web\/wp-content\/uploads\/2024\/09\/deco_circular_slide-150x150.jpg",150,150,true],"medium":["https:\/\/www.arquimaster.com.ar\/web\/wp-content\/uploads\/2024\/09\/deco_circular_slide.jpg",698,364,false],"medium_large":["https:\/\/www.arquimaster.com.ar\/web\/wp-content\/uploads\/2024\/09\/deco_circular_slide.jpg",698,364,false],"large":["https:\/\/www.arquimaster.com.ar\/web\/wp-content\/uploads\/2024\/09\/deco_circular_slide.jpg",698,364,false],"1536x1536":["https:\/\/www.arquimaster.com.ar\/web\/wp-content\/uploads\/2024\/09\/deco_circular_slide.jpg",698,364,false],"2048x2048":["https:\/\/www.arquimaster.com.ar\/web\/wp-content\/uploads\/2024\/09\/deco_circular_slide.jpg",698,364,false]},"uagb_author_info":{"display_name":"Arquimaster","author_link":"https:\/\/www.arquimaster.com.ar\/web\/author\/arquimaster\/"},"uagb_comment_info":0,"uagb_excerpt":"La nueva tendencia de recuperar, reciclar y reversionar que permite transformar ambientes...","_links":{"self":[{"href":"https:\/\/www.arquimaster.com.ar\/web\/wp-json\/wp\/v2\/posts\/79547","targetHints":{"allow":["GET"]}}],"collection":[{"href":"https:\/\/www.arquimaster.com.ar\/web\/wp-json\/wp\/v2\/posts"}],"about":[{"href":"https:\/\/www.arquimaster.com.ar\/web\/wp-json\/wp\/v2\/types\/post"}],"author":[{"embeddable":true,"href":"https:\/\/www.arquimaster.com.ar\/web\/wp-json\/wp\/v2\/users\/1"}],"replies":[{"embeddable":true,"href":"https:\/\/www.arquimaster.com.ar\/web\/wp-json\/wp\/v2\/comments?post=79547"}],"version-history":[{"count":3,"href":"https:\/\/www.arquimaster.com.ar\/web\/wp-json\/wp\/v2\/posts\/79547\/revisions"}],"predecessor-version":[{"id":85174,"href":"https:\/\/www.arquimaster.com.ar\/web\/wp-json\/wp\/v2\/posts\/79547\/revisions\/85174"}],"wp:featuredmedia":[{"embeddable":true,"href":"https:\/\/www.arquimaster.com.ar\/web\/wp-json\/wp\/v2\/media\/79548"}],"wp:attachment":[{"href":"https:\/\/www.arquimaster.com.ar\/web\/wp-json\/wp\/v2\/media?parent=79547"}],"wp:term":[{"taxonomy":"category","embeddable":true,"href":"https:\/\/www.arquimaster.com.ar\/web\/wp-json\/wp\/v2\/categories?post=79547"},{"taxonomy":"post_tag","embeddable":true,"href":"https:\/\/www.arquimaster.com.ar\/web\/wp-json\/wp\/v2\/tags?post=79547"}],"curies":[{"name":"wp","href":"https:\/\/api.w.org\/{rel}","templated":true}]}}