{"id":79568,"date":"2024-08-12T14:25:00","date_gmt":"2024-08-12T17:25:00","guid":{"rendered":"https:\/\/www.arquimaster.com.ar\/web\/?p=79568"},"modified":"2025-07-24T23:07:05","modified_gmt":"2025-07-25T02:07:05","slug":"puertas-de-madera-que-dan-la-bienvenida-al-hogar-por-que-son-tendencia","status":"publish","type":"post","link":"https:\/\/www.arquimaster.com.ar\/web\/puertas-de-madera-que-dan-la-bienvenida-al-hogar-por-que-son-tendencia\/","title":{"rendered":"Puertas de madera que dan la bienvenida al hogar: \u00bfPor qu\u00e9 son tendencia?"},"content":{"rendered":"<div style=\"margin-top: 0px; margin-bottom: 0px;\" class=\"sharethis-inline-share-buttons\" ><\/div><div class=\"b812932af2e751442846f039925109de\" data-index=\"1\" style=\"float: none; margin:25px 0 25px 0; text-align:center;\">\n<script async src=\"https:\/\/pagead2.googlesyndication.com\/pagead\/js\/adsbygoogle.js\"><\/script>\r\n<!-- Arquimaster (superior) -->\r\n<ins class=\"adsbygoogle\"\r\n     style=\"display:block\"\r\n     data-ad-client=\"ca-pub-6351072698456832\"\r\n     data-ad-slot=\"6455489680\"\r\n     data-ad-format=\"auto\"\r\n     data-full-width-responsive=\"true\"><\/ins>\r\n<script>\r\n     (adsbygoogle = window.adsbygoogle || []).push({});\r\n<\/script>\n<\/div>\n<h3><strong>Versatilidad de colores y vetas, car\u00e1cter y calidez, algunas de las razones de la elecci\u00f3n del material. Cetol acerca adem\u00e1s una gu\u00eda pr\u00e1ctica para garantizar su belleza y durabilidad.<\/strong><\/h3>\n<p>Las puertas son la carta de presentaci\u00f3n de la casa y en gran medida pueden dotarla de personalidad. La madera es uno de los materiales m\u00e1s elegidos por su calidez y versatilidad en relaci\u00f3n a tonos, texturas y posibilidad de manipulaci\u00f3n. De simple o doble hoja, completamente lisas o talladas, con curvas protagonistas, r\u00fasticas o elegantes. Sea cual sean las preferencias o prop\u00f3sito, lo innegable es que significan la fachada de una casa.<\/p>\n<p>Hay una premisa que s\u00ed es crucial tener en cuenta y que muchas veces se olvida, el dise\u00f1o para ser efectivo debe pensarse tanto en relaci\u00f3n a la fachada como al interior de la casa. La puerta debe ser \u00abpuente\u00bb entre interior y exterior, debe representarnos, dar cuenta de lo que sentimos al llegar al hogar y lo que encontraremos adentro.<\/p>\n<div id='gallery-1' class='gallery galleryid-79568 gallery-columns-3 gallery-size-thumbnail'><figure class='gallery-item'>\n\t\t\t<div class='gallery-icon landscape'>\n\t\t\t\t<a href='https:\/\/www.arquimaster.com.ar\/web\/wp-content\/uploads\/2024\/08\/puertas_madera_1.jpg' title=\"Puertas de madera que dan la bienvenida al hogar: \u00bfPor qu\u00e9 son tendencia?\" data-rl_title=\"Puertas de madera que dan la bienvenida al hogar: \u00bfPor qu\u00e9 son tendencia?\" class=\"rl-gallery-link\" data-rl_caption=\"Puertas de madera que dan la bienvenida al hogar: \u00bfPor qu\u00e9 son tendencia?\" data-rel=\"lightbox-gallery-1\"><img loading=\"lazy\" decoding=\"async\" width=\"150\" height=\"150\" src=\"https:\/\/www.arquimaster.com.ar\/web\/wp-content\/uploads\/2024\/08\/puertas_madera_1-150x150.jpg\" class=\"attachment-thumbnail size-thumbnail\" alt=\"Puertas de madera que dan la bienvenida al hogar: \u00bfPor qu\u00e9 son tendencia?\" aria-describedby=\"gallery-1-79571\" \/><\/a>\n\t\t\t<\/div>\n\t\t\t\t<figcaption class='wp-caption-text gallery-caption' id='gallery-1-79571'>\n\t\t\t\tPuertas de madera que dan la bienvenida al hogar: \u00bfPor qu\u00e9 son tendencia?\n\t\t\t\t<\/figcaption><\/figure><figure class='gallery-item'>\n\t\t\t<div class='gallery-icon portrait'>\n\t\t\t\t<a href='https:\/\/www.arquimaster.com.ar\/web\/wp-content\/uploads\/2024\/08\/puertas_madera_2.jpg' title=\"Puertas de madera que dan la bienvenida al hogar: \u00bfPor qu\u00e9 son tendencia?\" data-rl_title=\"Puertas de madera que dan la bienvenida al hogar: \u00bfPor qu\u00e9 son tendencia?\" class=\"rl-gallery-link\" data-rl_caption=\"Puertas de madera que dan la bienvenida al hogar: \u00bfPor qu\u00e9 son tendencia?\" data-rel=\"lightbox-gallery-1\"><img loading=\"lazy\" decoding=\"async\" width=\"150\" height=\"150\" src=\"https:\/\/www.arquimaster.com.ar\/web\/wp-content\/uploads\/2024\/08\/puertas_madera_2-150x150.jpg\" class=\"attachment-thumbnail size-thumbnail\" alt=\"Puertas de madera que dan la bienvenida al hogar: \u00bfPor qu\u00e9 son tendencia?\" aria-describedby=\"gallery-1-79572\" \/><\/a>\n\t\t\t<\/div>\n\t\t\t\t<figcaption class='wp-caption-text gallery-caption' id='gallery-1-79572'>\n\t\t\t\tPuertas de madera que dan la bienvenida al hogar: \u00bfPor qu\u00e9 son tendencia?\n\t\t\t\t<\/figcaption><\/figure><figure class='gallery-item'>\n\t\t\t<div class='gallery-icon portrait'>\n\t\t\t\t<a href='https:\/\/www.arquimaster.com.ar\/web\/wp-content\/uploads\/2024\/08\/puertas_madera_3.jpg' title=\"Puertas de madera que dan la bienvenida al hogar: \u00bfPor qu\u00e9 son tendencia?\" data-rl_title=\"Puertas de madera que dan la bienvenida al hogar: \u00bfPor qu\u00e9 son tendencia?\" class=\"rl-gallery-link\" data-rl_caption=\"Puertas de madera que dan la bienvenida al hogar: \u00bfPor qu\u00e9 son tendencia?\" data-rel=\"lightbox-gallery-1\"><img loading=\"lazy\" decoding=\"async\" width=\"150\" height=\"150\" src=\"https:\/\/www.arquimaster.com.ar\/web\/wp-content\/uploads\/2024\/08\/puertas_madera_3-150x150.jpg\" class=\"attachment-thumbnail size-thumbnail\" alt=\"Puertas de madera que dan la bienvenida al hogar: \u00bfPor qu\u00e9 son tendencia?\" aria-describedby=\"gallery-1-79573\" \/><\/a>\n\t\t\t<\/div>\n\t\t\t\t<figcaption class='wp-caption-text gallery-caption' id='gallery-1-79573'>\n\t\t\t\tPuertas de madera que dan la bienvenida al hogar: \u00bfPor qu\u00e9 son tendencia?\n\t\t\t\t<\/figcaption><\/figure><figure class='gallery-item'>\n\t\t\t<div class='gallery-icon portrait'>\n\t\t\t\t<a href='https:\/\/www.arquimaster.com.ar\/web\/wp-content\/uploads\/2024\/08\/puertas_madera_4.jpg' title=\"Puertas de madera que dan la bienvenida al hogar: \u00bfPor qu\u00e9 son tendencia?\" data-rl_title=\"Puertas de madera que dan la bienvenida al hogar: \u00bfPor qu\u00e9 son tendencia?\" class=\"rl-gallery-link\" data-rl_caption=\"Puertas de madera que dan la bienvenida al hogar: \u00bfPor qu\u00e9 son tendencia?\" data-rel=\"lightbox-gallery-1\"><img loading=\"lazy\" decoding=\"async\" width=\"150\" height=\"150\" src=\"https:\/\/www.arquimaster.com.ar\/web\/wp-content\/uploads\/2024\/08\/puertas_madera_4-150x150.jpg\" class=\"attachment-thumbnail size-thumbnail\" alt=\"Puertas de madera que dan la bienvenida al hogar: \u00bfPor qu\u00e9 son tendencia?\" aria-describedby=\"gallery-1-79574\" \/><\/a>\n\t\t\t<\/div>\n\t\t\t\t<figcaption class='wp-caption-text gallery-caption' id='gallery-1-79574'>\n\t\t\t\tPuertas de madera que dan la bienvenida al hogar: \u00bfPor qu\u00e9 son tendencia?\n\t\t\t\t<\/figcaption><\/figure><figure class='gallery-item'>\n\t\t\t<div class='gallery-icon landscape'>\n\t\t\t\t<a href='https:\/\/www.arquimaster.com.ar\/web\/wp-content\/uploads\/2024\/08\/puertas_madera_5.jpg' title=\"Puertas de madera que dan la bienvenida al hogar: \u00bfPor qu\u00e9 son tendencia?\" data-rl_title=\"Puertas de madera que dan la bienvenida al hogar: \u00bfPor qu\u00e9 son tendencia?\" class=\"rl-gallery-link\" data-rl_caption=\"Puertas de madera que dan la bienvenida al hogar: \u00bfPor qu\u00e9 son tendencia?\" data-rel=\"lightbox-gallery-1\"><img loading=\"lazy\" decoding=\"async\" width=\"150\" height=\"150\" src=\"https:\/\/www.arquimaster.com.ar\/web\/wp-content\/uploads\/2024\/08\/puertas_madera_5-150x150.jpg\" class=\"attachment-thumbnail size-thumbnail\" alt=\"Puertas de madera que dan la bienvenida al hogar: \u00bfPor qu\u00e9 son tendencia?\" aria-describedby=\"gallery-1-79575\" \/><\/a>\n\t\t\t<\/div>\n\t\t\t\t<figcaption class='wp-caption-text gallery-caption' id='gallery-1-79575'>\n\t\t\t\tPuertas de madera que dan la bienvenida al hogar: \u00bfPor qu\u00e9 son tendencia?\n\t\t\t\t<\/figcaption><\/figure><figure class='gallery-item'>\n\t\t\t<div class='gallery-icon portrait'>\n\t\t\t\t<a href='https:\/\/www.arquimaster.com.ar\/web\/wp-content\/uploads\/2024\/08\/puertas_madera_6.jpg' title=\"Puertas de madera que dan la bienvenida al hogar: \u00bfPor qu\u00e9 son tendencia?\" data-rl_title=\"Puertas de madera que dan la bienvenida al hogar: \u00bfPor qu\u00e9 son tendencia?\" class=\"rl-gallery-link\" data-rl_caption=\"Puertas de madera que dan la bienvenida al hogar: \u00bfPor qu\u00e9 son tendencia?\" data-rel=\"lightbox-gallery-1\"><img loading=\"lazy\" decoding=\"async\" width=\"150\" height=\"150\" src=\"https:\/\/www.arquimaster.com.ar\/web\/wp-content\/uploads\/2024\/08\/puertas_madera_6-150x150.jpg\" class=\"attachment-thumbnail size-thumbnail\" alt=\"Puertas de madera que dan la bienvenida al hogar: \u00bfPor qu\u00e9 son tendencia?\" aria-describedby=\"gallery-1-79576\" \/><\/a>\n\t\t\t<\/div>\n\t\t\t\t<figcaption class='wp-caption-text gallery-caption' id='gallery-1-79576'>\n\t\t\t\tPuertas de madera que dan la bienvenida al hogar: \u00bfPor qu\u00e9 son tendencia?\n\t\t\t\t<\/figcaption><\/figure><figure class='gallery-item'>\n\t\t\t<div class='gallery-icon landscape'>\n\t\t\t\t<a href='https:\/\/www.arquimaster.com.ar\/web\/wp-content\/uploads\/2024\/08\/puertas_madera_7.jpg' title=\"Puertas de madera que dan la bienvenida al hogar: \u00bfPor qu\u00e9 son tendencia?\" data-rl_title=\"Puertas de madera que dan la bienvenida al hogar: \u00bfPor qu\u00e9 son tendencia?\" class=\"rl-gallery-link\" data-rl_caption=\"Puertas de madera que dan la bienvenida al hogar: \u00bfPor qu\u00e9 son tendencia?\" data-rel=\"lightbox-gallery-1\"><img loading=\"lazy\" decoding=\"async\" width=\"150\" height=\"150\" src=\"https:\/\/www.arquimaster.com.ar\/web\/wp-content\/uploads\/2024\/08\/puertas_madera_7-150x150.jpg\" class=\"attachment-thumbnail size-thumbnail\" alt=\"Puertas de madera que dan la bienvenida al hogar: \u00bfPor qu\u00e9 son tendencia?\" aria-describedby=\"gallery-1-79577\" \/><\/a>\n\t\t\t<\/div>\n\t\t\t\t<figcaption class='wp-caption-text gallery-caption' id='gallery-1-79577'>\n\t\t\t\tPuertas de madera que dan la bienvenida al hogar: \u00bfPor qu\u00e9 son tendencia?\n\t\t\t\t<\/figcaption><\/figure><figure class='gallery-item'>\n\t\t\t<div class='gallery-icon portrait'>\n\t\t\t\t<a href='https:\/\/www.arquimaster.com.ar\/web\/wp-content\/uploads\/2024\/08\/puertas_madera_8.jpg' title=\"Puertas de madera que dan la bienvenida al hogar: \u00bfPor qu\u00e9 son tendencia?\" data-rl_title=\"Puertas de madera que dan la bienvenida al hogar: \u00bfPor qu\u00e9 son tendencia?\" class=\"rl-gallery-link\" data-rl_caption=\"Puertas de madera que dan la bienvenida al hogar: \u00bfPor qu\u00e9 son tendencia?\" data-rel=\"lightbox-gallery-1\"><img loading=\"lazy\" decoding=\"async\" width=\"150\" height=\"150\" src=\"https:\/\/www.arquimaster.com.ar\/web\/wp-content\/uploads\/2024\/08\/puertas_madera_8-150x150.jpg\" class=\"attachment-thumbnail size-thumbnail\" alt=\"Puertas de madera que dan la bienvenida al hogar: \u00bfPor qu\u00e9 son tendencia?\" aria-describedby=\"gallery-1-79578\" \/><\/a>\n\t\t\t<\/div>\n\t\t\t\t<figcaption class='wp-caption-text gallery-caption' id='gallery-1-79578'>\n\t\t\t\tPuertas de madera que dan la bienvenida al hogar: \u00bfPor qu\u00e9 son tendencia?\n\t\t\t\t<\/figcaption><\/figure>\n\t\t<\/div>\n\n<p>Habiendo abordado este punto, es preciso adentrarse en opciones de maderas y de dise\u00f1os.<\/p>\n<p>1. <strong>Picaportes y barras<\/strong><br \/>\nLos picaportes y barras tambi\u00e9n juegan un rol fundamental, dado que pueden definir el estilo de esa puerta de madera. Para quienes buscan un look m\u00e1s \u00abmoderno\u00bb la dupla barra protagonista contrasta y puede crear una armon\u00eda entre la calidez de la madera y la frialdad y rigidez del metal. Ahora bien si la intenci\u00f3n es tener una fachada m\u00e1s cozy, aparecen cada vez m\u00e1s barras y picaportes de madera, haciendo \u00abjuego\u00bb con la puerta.<\/p>\n<p>2. <strong>Combinaci\u00f3n de materiales<\/strong><br \/>\nVidrio y madera. Vidrio trasparente que permita ingresar luz al hogar o espejado que equilibre evitando la sensaci\u00f3n de pesadez que puede provocar una puerta muy robusta. En ambos casos la incorporaci\u00f3n al dise\u00f1o puede \u00absuavizar\u00bb la fachada.<\/p>\n<p>3. <strong>Dimensiones y formas<\/strong><br \/>\nLos grandes formatos y las l\u00edneas inesperadas, siempre logran un juego visual llamativo que resulta en un acierto si de entradas se trata. Puertas curvas que nos adentran en una casa de cuentos, o dobles hojas que nos pueden adelantar el ingreso a un hogar espacioso en metros cuadrados como en sensaciones de amplitud. Si buscamos un estilo dram\u00e1tico un gran recurso es aprovechar la altura disponible y crear una puerta tan alta como la altura lo permita.<\/p>\n<p>Por su parte el <strong>Arq. Diego Garc\u00eda Pezzano<\/strong>, del <strong>Departamento de arquitectura de CADAMDA<\/strong>, acerca una serie de recomendaciones sobre los tipos de madera y tecnolog\u00edas recomendadas para este tipo de usos y superficies:<\/p>\n<p><em>\u00abEn la actualidad, las variables del cuidado de medio ambiente, ahorro de energ\u00eda y cambio clim\u00e1tico, que han tomado un fuerte protagonismo, nos plantean un cambio de enfoque. El uso de maderas de crecimiento r\u00e1pido es la tendencia mundial desde hace muchos a\u00f1os. Nuestros bosques implantados (estos proveen el 90% de la madera empleada por la foresto industria en Argentina), principalmente de pinos resinosos y eucaliptus, nos aportan los materiales necesarios para este tipo de usos.<\/em><\/p>\n<p><em>En el caso de la estructura de marcos y hojas para puertas el empleo de estas maderas en formato laminado, es decir, secciones realizadas a partir del encolado de peque\u00f1as piezas, nos aportan un material de gran estabilidad. En ambos casos, los pinos elliottis y\/o taeda y el eucalitus grandis, en formato clear (sin nudos) constituyen una excelente alternativa de terminaci\u00f3n y calidad dentro de un contexto de cuidado de la biodiversidad de los bosques implantados.<\/em><\/p>\n<p><em>De esta forma, podemos reservar las maderas nativas, para aquellos que prefieran algo cl\u00e1sico o de mayor valor, emple\u00e1ndolas en espesores muy delgados, dando as\u00ed un aprovechamiento m\u00e1s eficiente de este valioso recurso natural. As\u00ed, la base estructural se materializa con maderas de bosques implantados y las terminaciones finales con maderas nativas\u00bb<\/em>.<\/p>\n<p><a href=\"https:\/\/www.arquimaster.com.ar\/web\/tag\/cetol\">Cetol<\/a>, marca l\u00edder del Grupo AkzoNobel en el cuidado del noble material, acerca una serie de tips para proteger las aberturas y garantizar que luzcan siempre tal cual lo deseamos. La primera recomendaci\u00f3n es asegurarse la protecci\u00f3n de absolutamente todas las caras, incluso y por, sobre todo, aquella que est\u00e1 en contacto directo con el suelo, por ello es preciso aplicar el protector antes de instalarla.<\/p>\n<p>Por otra parte, elegir la soluci\u00f3n adecuada, seg\u00fan el efecto deseado, as\u00ed como la resistencia pertinente para que la belleza de la madera dure m\u00e1s. Las opciones sugeridas son <strong>Belleza Natural<\/strong>, si la prioridad es conservar el color y aspecto original de la madera (es mate e incoloro) y <strong>Duraci\u00f3n Extrema<\/strong>, si la puerta est\u00e1 muy expuesta a condiciones adversas (sol, nieve, salitre, lluvia). Este \u00faltimo viene en 6 colores y dos terminaciones, satinado y brillante. En ambos casos por tratarse de tecnolog\u00eda Balance, se deben aplicar 3 manos, dejando pasar 3 horas entre cada una, los pinceles se lavan con agua y los productos vienen listos para usar.<\/p>\n<p>Para conocer el paso a paso al momento de proteger una puerta de madera, la marca desarroll\u00f3 un cap\u00edtulo especial dentro de su <strong>Cetolteca<\/strong> (biblioteca virtual de la marca en la que se responden dudas sobre madera y protecci\u00f3n) disponible en el canal de Youtube \u00abCetol Tendencias &amp; Dise\u00f1o\u00bb.<\/p>\n<p><strong>Acerca de Cetol<\/strong><br \/>\nCetol es la marca l\u00edder en el cuidado y protecci\u00f3n de la madera del grupo AkzoNobel. Desde hace 40 a\u00f1os provee soluciones a consumidores ubicados en todo el pa\u00eds. Con un amplio portfolio de productos, es la \u00fanica marca que cuenta con una l\u00ednea amigable con el medio ambiente, una tecnolog\u00eda revolucionaria que combina los beneficios de los productos solventes con la practicidad de los productos al agua: Cetol Tecnolog\u00eda Balance.<\/p>\n<p><strong>Acerca de AkzoNobel<\/strong><br \/>\nDesde 1792, suministramos pinturas y recubrimientos innovadores que ayudan a darle color a la vida de las personas y a proteger lo que m\u00e1s importa. Nuestro portafolio de marcas de clase global, incluidas Alba, Cetol, International, Wanda y Sikkens, cuenta con la confianza de clientes de todo el mundo. Estamos presentes en m\u00e1s de 150 pa\u00edses, donde utilizamos nuestra experiencia para mantener y mejorar la vida cotidiana. Porque creemos que cada superficie nos trae una oportunidad. Es lo que se espera de una empresa de pinturas y recubrimientos pionera y de larga trayectoria, que se dedica a proporcionar soluciones sostenibles y a preservar lo mejor de lo que tenemos hoy, mientras crea un ma\u00f1ana a\u00fan mejor. Pintemos el futuro juntos.<\/p>\n\n<div style=\"font-size: 0px; height: 0px; line-height: 0px; margin: 0; padding: 0; clear: both;\"><\/div><div style=\"margin-top: 0px; margin-bottom: 0px;\" class=\"sharethis-inline-share-buttons\" ><\/div>","protected":false},"excerpt":{"rendered":"<p>Un material que ofrece versatilidad de colores y vetas, car\u00e1cter y calidez&#8230;<\/p>\n","protected":false},"author":1,"featured_media":79570,"comment_status":"closed","ping_status":"closed","sticky":false,"template":"","format":"standard","meta":{"_uag_custom_page_level_css":"","footnotes":""},"categories":[55,56],"tags":[1111,1107,2731,7885,5181,7118,701,637,7887],"class_list":["post-79568","post","type-post","status-publish","format-standard","has-post-thumbnail","hentry","category-diseno","category-diseno-interior-decoracion","tag-akzonobel","tag-cetol","tag-cetol-balance","tag-cetol-belleza-natural","tag-cetol-duracion-extrema","tag-cetolteca","tag-madera","tag-puertas","tag-puertas-de-madera","generate-columns","tablet-grid-50","mobile-grid-100","grid-parent","grid-50"],"yoast_head":"<!-- This site is optimized with the Yoast SEO plugin v27.3 - https:\/\/yoast.com\/product\/yoast-seo-wordpress\/ -->\n<title>Puertas de madera que dan la bienvenida al hogar: \u00bfPor qu\u00e9 son tendencia? - Arquimaster<\/title>\n<meta name=\"description\" content=\"Versatilidad de colores y vetas, car\u00e1cter y calidez, algunas de las razones de la elecci\u00f3n del material.\" \/>\n<meta name=\"robots\" content=\"index, follow, max-snippet:-1, max-image-preview:large, max-video-preview:-1\" \/>\n<link rel=\"canonical\" href=\"https:\/\/www.arquimaster.com.ar\/web\/puertas-de-madera-que-dan-la-bienvenida-al-hogar-por-que-son-tendencia\/\" \/>\n<meta property=\"og:locale\" content=\"es_ES\" \/>\n<meta property=\"og:type\" content=\"article\" \/>\n<meta property=\"og:title\" content=\"Puertas de madera que dan la bienvenida al hogar: \u00bfPor qu\u00e9 son tendencia?\" \/>\n<meta property=\"og:description\" content=\"Versatilidad de colores y vetas, car\u00e1cter y calidez, algunas de las razones de la elecci\u00f3n del material.\" \/>\n<meta property=\"og:url\" content=\"https:\/\/www.arquimaster.com.ar\/web\/puertas-de-madera-que-dan-la-bienvenida-al-hogar-por-que-son-tendencia\/\" \/>\n<meta property=\"og:site_name\" content=\"Arquimaster\" \/>\n<meta property=\"article:publisher\" content=\"http:\/\/www.facebook.com\/ARQUIMASTER.com.ar\" \/>\n<meta property=\"article:published_time\" content=\"2024-08-12T17:25:00+00:00\" \/>\n<meta property=\"article:modified_time\" content=\"2025-07-25T02:07:05+00:00\" \/>\n<meta property=\"og:image\" content=\"https:\/\/www.arquimaster.com.ar\/web\/wp-content\/uploads\/2024\/08\/puertas_madera_slide.jpg\" \/>\n\t<meta property=\"og:image:width\" content=\"698\" \/>\n\t<meta property=\"og:image:height\" content=\"364\" \/>\n\t<meta property=\"og:image:type\" content=\"image\/jpeg\" \/>\n<meta name=\"author\" content=\"Arquimaster\" \/>\n<meta name=\"twitter:card\" content=\"summary_large_image\" \/>\n<meta name=\"twitter:title\" content=\"Puertas de madera que dan la bienvenida al hogar: \u00bfPor qu\u00e9 son tendencia?\" \/>\n<meta name=\"twitter:description\" content=\"Versatilidad de colores y vetas, car\u00e1cter y calidez, algunas de las razones de la elecci\u00f3n del material.\" \/>\n<meta name=\"twitter:image\" content=\"https:\/\/www.arquimaster.com.ar\/web\/wp-content\/uploads\/2024\/08\/puertas_madera_slide.jpg\" \/>\n<meta name=\"twitter:creator\" content=\"@arquimaster\" \/>\n<meta name=\"twitter:site\" content=\"@arquimaster\" \/>\n<meta name=\"twitter:label1\" content=\"Escrito por\" \/>\n\t<meta name=\"twitter:data1\" content=\"Arquimaster\" \/>\n\t<meta name=\"twitter:label2\" content=\"Tiempo de lectura\" \/>\n\t<meta name=\"twitter:data2\" content=\"5 minutos\" \/>\n<script type=\"application\/ld+json\" class=\"yoast-schema-graph\">{\"@context\":\"https:\\\/\\\/schema.org\",\"@graph\":[{\"@type\":\"Article\",\"@id\":\"https:\\\/\\\/www.arquimaster.com.ar\\\/web\\\/puertas-de-madera-que-dan-la-bienvenida-al-hogar-por-que-son-tendencia\\\/#article\",\"isPartOf\":{\"@id\":\"https:\\\/\\\/www.arquimaster.com.ar\\\/web\\\/puertas-de-madera-que-dan-la-bienvenida-al-hogar-por-que-son-tendencia\\\/\"},\"author\":{\"name\":\"Arquimaster\",\"@id\":\"https:\\\/\\\/www.arquimaster.com.ar\\\/web\\\/#\\\/schema\\\/person\\\/359e9f7c00193fcde068e0dd2ceb0028\"},\"headline\":\"Puertas de madera que dan la bienvenida al hogar: \u00bfPor qu\u00e9 son tendencia?\",\"datePublished\":\"2024-08-12T17:25:00+00:00\",\"dateModified\":\"2025-07-25T02:07:05+00:00\",\"mainEntityOfPage\":{\"@id\":\"https:\\\/\\\/www.arquimaster.com.ar\\\/web\\\/puertas-de-madera-que-dan-la-bienvenida-al-hogar-por-que-son-tendencia\\\/\"},\"wordCount\":1107,\"publisher\":{\"@id\":\"https:\\\/\\\/www.arquimaster.com.ar\\\/web\\\/#organization\"},\"image\":{\"@id\":\"https:\\\/\\\/www.arquimaster.com.ar\\\/web\\\/puertas-de-madera-que-dan-la-bienvenida-al-hogar-por-que-son-tendencia\\\/#primaryimage\"},\"thumbnailUrl\":\"https:\\\/\\\/www.arquimaster.com.ar\\\/web\\\/wp-content\\\/uploads\\\/2024\\\/08\\\/puertas_madera_slide.jpg\",\"keywords\":[\"AkzoNobel\",\"Cetol\",\"Cetol Balance\",\"Cetol Belleza Natural\",\"Cetol Duraci\u00f3n Extrema\",\"Cetolteca\",\"madera\",\"puertas\",\"puertas de madera\"],\"articleSection\":[\"Dise\u00f1o\",\"Dise\u00f1o interior y decoracion\"],\"inLanguage\":\"es\"},{\"@type\":\"WebPage\",\"@id\":\"https:\\\/\\\/www.arquimaster.com.ar\\\/web\\\/puertas-de-madera-que-dan-la-bienvenida-al-hogar-por-que-son-tendencia\\\/\",\"url\":\"https:\\\/\\\/www.arquimaster.com.ar\\\/web\\\/puertas-de-madera-que-dan-la-bienvenida-al-hogar-por-que-son-tendencia\\\/\",\"name\":\"Puertas de madera que dan la bienvenida al hogar: \u00bfPor qu\u00e9 son tendencia? - Arquimaster\",\"isPartOf\":{\"@id\":\"https:\\\/\\\/www.arquimaster.com.ar\\\/web\\\/#website\"},\"primaryImageOfPage\":{\"@id\":\"https:\\\/\\\/www.arquimaster.com.ar\\\/web\\\/puertas-de-madera-que-dan-la-bienvenida-al-hogar-por-que-son-tendencia\\\/#primaryimage\"},\"image\":{\"@id\":\"https:\\\/\\\/www.arquimaster.com.ar\\\/web\\\/puertas-de-madera-que-dan-la-bienvenida-al-hogar-por-que-son-tendencia\\\/#primaryimage\"},\"thumbnailUrl\":\"https:\\\/\\\/www.arquimaster.com.ar\\\/web\\\/wp-content\\\/uploads\\\/2024\\\/08\\\/puertas_madera_slide.jpg\",\"datePublished\":\"2024-08-12T17:25:00+00:00\",\"dateModified\":\"2025-07-25T02:07:05+00:00\",\"description\":\"Versatilidad de colores y vetas, car\u00e1cter y calidez, algunas de las razones de la elecci\u00f3n del material.\",\"breadcrumb\":{\"@id\":\"https:\\\/\\\/www.arquimaster.com.ar\\\/web\\\/puertas-de-madera-que-dan-la-bienvenida-al-hogar-por-que-son-tendencia\\\/#breadcrumb\"},\"inLanguage\":\"es\",\"potentialAction\":[{\"@type\":\"ReadAction\",\"target\":[\"https:\\\/\\\/www.arquimaster.com.ar\\\/web\\\/puertas-de-madera-que-dan-la-bienvenida-al-hogar-por-que-son-tendencia\\\/\"]}]},{\"@type\":\"ImageObject\",\"inLanguage\":\"es\",\"@id\":\"https:\\\/\\\/www.arquimaster.com.ar\\\/web\\\/puertas-de-madera-que-dan-la-bienvenida-al-hogar-por-que-son-tendencia\\\/#primaryimage\",\"url\":\"https:\\\/\\\/www.arquimaster.com.ar\\\/web\\\/wp-content\\\/uploads\\\/2024\\\/08\\\/puertas_madera_slide.jpg\",\"contentUrl\":\"https:\\\/\\\/www.arquimaster.com.ar\\\/web\\\/wp-content\\\/uploads\\\/2024\\\/08\\\/puertas_madera_slide.jpg\",\"width\":698,\"height\":364,\"caption\":\"Puertas de madera que dan la bienvenida al hogar: \u00bfPor qu\u00e9 son tendencia?\"},{\"@type\":\"BreadcrumbList\",\"@id\":\"https:\\\/\\\/www.arquimaster.com.ar\\\/web\\\/puertas-de-madera-que-dan-la-bienvenida-al-hogar-por-que-son-tendencia\\\/#breadcrumb\",\"itemListElement\":[{\"@type\":\"ListItem\",\"position\":1,\"name\":\"Portada\",\"item\":\"https:\\\/\\\/www.arquimaster.com.ar\\\/web\\\/\"},{\"@type\":\"ListItem\",\"position\":2,\"name\":\"Puertas de madera que dan la bienvenida al hogar: \u00bfPor qu\u00e9 son tendencia?\"}]},{\"@type\":\"WebSite\",\"@id\":\"https:\\\/\\\/www.arquimaster.com.ar\\\/web\\\/#website\",\"url\":\"https:\\\/\\\/www.arquimaster.com.ar\\\/web\\\/\",\"name\":\"Arquimaster\",\"description\":\"Web de arquitectura, dise\u00f1o y construccion\",\"publisher\":{\"@id\":\"https:\\\/\\\/www.arquimaster.com.ar\\\/web\\\/#organization\"},\"potentialAction\":[{\"@type\":\"SearchAction\",\"target\":{\"@type\":\"EntryPoint\",\"urlTemplate\":\"https:\\\/\\\/www.arquimaster.com.ar\\\/web\\\/?s={search_term_string}\"},\"query-input\":{\"@type\":\"PropertyValueSpecification\",\"valueRequired\":true,\"valueName\":\"search_term_string\"}}],\"inLanguage\":\"es\"},{\"@type\":\"Organization\",\"@id\":\"https:\\\/\\\/www.arquimaster.com.ar\\\/web\\\/#organization\",\"name\":\"Arquimaster\",\"url\":\"https:\\\/\\\/www.arquimaster.com.ar\\\/web\\\/\",\"logo\":{\"@type\":\"ImageObject\",\"inLanguage\":\"es\",\"@id\":\"https:\\\/\\\/www.arquimaster.com.ar\\\/web\\\/#\\\/schema\\\/logo\\\/image\\\/\",\"url\":\"https:\\\/\\\/www.arquimaster.com.ar\\\/web\\\/wp-content\\\/uploads\\\/2022\\\/06\\\/arquimaster.png\",\"contentUrl\":\"https:\\\/\\\/www.arquimaster.com.ar\\\/web\\\/wp-content\\\/uploads\\\/2022\\\/06\\\/arquimaster.png\",\"width\":594,\"height\":78,\"caption\":\"Arquimaster\"},\"image\":{\"@id\":\"https:\\\/\\\/www.arquimaster.com.ar\\\/web\\\/#\\\/schema\\\/logo\\\/image\\\/\"},\"sameAs\":[\"http:\\\/\\\/www.facebook.com\\\/ARQUIMASTER.com.ar\",\"https:\\\/\\\/x.com\\\/arquimaster\",\"https:\\\/\\\/www.instagram.com\\\/arquimasterblog\\\/\",\"https:\\\/\\\/www.linkedin.com\\\/company\\\/arquimaster\",\"https:\\\/\\\/www.pinterest.com\\\/arquimaster\",\"https:\\\/\\\/t.me\\\/arquimaster\"]},{\"@type\":\"Person\",\"@id\":\"https:\\\/\\\/www.arquimaster.com.ar\\\/web\\\/#\\\/schema\\\/person\\\/359e9f7c00193fcde068e0dd2ceb0028\",\"name\":\"Arquimaster\"}]}<\/script>\n<!-- \/ Yoast SEO plugin. -->","yoast_head_json":{"title":"Puertas de madera que dan la bienvenida al hogar: \u00bfPor qu\u00e9 son tendencia? - Arquimaster","description":"Versatilidad de colores y vetas, car\u00e1cter y calidez, algunas de las razones de la elecci\u00f3n del material.","robots":{"index":"index","follow":"follow","max-snippet":"max-snippet:-1","max-image-preview":"max-image-preview:large","max-video-preview":"max-video-preview:-1"},"canonical":"https:\/\/www.arquimaster.com.ar\/web\/puertas-de-madera-que-dan-la-bienvenida-al-hogar-por-que-son-tendencia\/","og_locale":"es_ES","og_type":"article","og_title":"Puertas de madera que dan la bienvenida al hogar: \u00bfPor qu\u00e9 son tendencia?","og_description":"Versatilidad de colores y vetas, car\u00e1cter y calidez, algunas de las razones de la elecci\u00f3n del material.","og_url":"https:\/\/www.arquimaster.com.ar\/web\/puertas-de-madera-que-dan-la-bienvenida-al-hogar-por-que-son-tendencia\/","og_site_name":"Arquimaster","article_publisher":"http:\/\/www.facebook.com\/ARQUIMASTER.com.ar","article_published_time":"2024-08-12T17:25:00+00:00","article_modified_time":"2025-07-25T02:07:05+00:00","og_image":[{"width":698,"height":364,"url":"https:\/\/www.arquimaster.com.ar\/web\/wp-content\/uploads\/2024\/08\/puertas_madera_slide.jpg","type":"image\/jpeg"}],"author":"Arquimaster","twitter_card":"summary_large_image","twitter_title":"Puertas de madera que dan la bienvenida al hogar: \u00bfPor qu\u00e9 son tendencia?","twitter_description":"Versatilidad de colores y vetas, car\u00e1cter y calidez, algunas de las razones de la elecci\u00f3n del material.","twitter_image":"https:\/\/www.arquimaster.com.ar\/web\/wp-content\/uploads\/2024\/08\/puertas_madera_slide.jpg","twitter_creator":"@arquimaster","twitter_site":"@arquimaster","twitter_misc":{"Escrito por":"Arquimaster","Tiempo de lectura":"5 minutos"},"schema":{"@context":"https:\/\/schema.org","@graph":[{"@type":"Article","@id":"https:\/\/www.arquimaster.com.ar\/web\/puertas-de-madera-que-dan-la-bienvenida-al-hogar-por-que-son-tendencia\/#article","isPartOf":{"@id":"https:\/\/www.arquimaster.com.ar\/web\/puertas-de-madera-que-dan-la-bienvenida-al-hogar-por-que-son-tendencia\/"},"author":{"name":"Arquimaster","@id":"https:\/\/www.arquimaster.com.ar\/web\/#\/schema\/person\/359e9f7c00193fcde068e0dd2ceb0028"},"headline":"Puertas de madera que dan la bienvenida al hogar: \u00bfPor qu\u00e9 son tendencia?","datePublished":"2024-08-12T17:25:00+00:00","dateModified":"2025-07-25T02:07:05+00:00","mainEntityOfPage":{"@id":"https:\/\/www.arquimaster.com.ar\/web\/puertas-de-madera-que-dan-la-bienvenida-al-hogar-por-que-son-tendencia\/"},"wordCount":1107,"publisher":{"@id":"https:\/\/www.arquimaster.com.ar\/web\/#organization"},"image":{"@id":"https:\/\/www.arquimaster.com.ar\/web\/puertas-de-madera-que-dan-la-bienvenida-al-hogar-por-que-son-tendencia\/#primaryimage"},"thumbnailUrl":"https:\/\/www.arquimaster.com.ar\/web\/wp-content\/uploads\/2024\/08\/puertas_madera_slide.jpg","keywords":["AkzoNobel","Cetol","Cetol Balance","Cetol Belleza Natural","Cetol Duraci\u00f3n Extrema","Cetolteca","madera","puertas","puertas de madera"],"articleSection":["Dise\u00f1o","Dise\u00f1o interior y decoracion"],"inLanguage":"es"},{"@type":"WebPage","@id":"https:\/\/www.arquimaster.com.ar\/web\/puertas-de-madera-que-dan-la-bienvenida-al-hogar-por-que-son-tendencia\/","url":"https:\/\/www.arquimaster.com.ar\/web\/puertas-de-madera-que-dan-la-bienvenida-al-hogar-por-que-son-tendencia\/","name":"Puertas de madera que dan la bienvenida al hogar: \u00bfPor qu\u00e9 son tendencia? - Arquimaster","isPartOf":{"@id":"https:\/\/www.arquimaster.com.ar\/web\/#website"},"primaryImageOfPage":{"@id":"https:\/\/www.arquimaster.com.ar\/web\/puertas-de-madera-que-dan-la-bienvenida-al-hogar-por-que-son-tendencia\/#primaryimage"},"image":{"@id":"https:\/\/www.arquimaster.com.ar\/web\/puertas-de-madera-que-dan-la-bienvenida-al-hogar-por-que-son-tendencia\/#primaryimage"},"thumbnailUrl":"https:\/\/www.arquimaster.com.ar\/web\/wp-content\/uploads\/2024\/08\/puertas_madera_slide.jpg","datePublished":"2024-08-12T17:25:00+00:00","dateModified":"2025-07-25T02:07:05+00:00","description":"Versatilidad de colores y vetas, car\u00e1cter y calidez, algunas de las razones de la elecci\u00f3n del material.","breadcrumb":{"@id":"https:\/\/www.arquimaster.com.ar\/web\/puertas-de-madera-que-dan-la-bienvenida-al-hogar-por-que-son-tendencia\/#breadcrumb"},"inLanguage":"es","potentialAction":[{"@type":"ReadAction","target":["https:\/\/www.arquimaster.com.ar\/web\/puertas-de-madera-que-dan-la-bienvenida-al-hogar-por-que-son-tendencia\/"]}]},{"@type":"ImageObject","inLanguage":"es","@id":"https:\/\/www.arquimaster.com.ar\/web\/puertas-de-madera-que-dan-la-bienvenida-al-hogar-por-que-son-tendencia\/#primaryimage","url":"https:\/\/www.arquimaster.com.ar\/web\/wp-content\/uploads\/2024\/08\/puertas_madera_slide.jpg","contentUrl":"https:\/\/www.arquimaster.com.ar\/web\/wp-content\/uploads\/2024\/08\/puertas_madera_slide.jpg","width":698,"height":364,"caption":"Puertas de madera que dan la bienvenida al hogar: \u00bfPor qu\u00e9 son tendencia?"},{"@type":"BreadcrumbList","@id":"https:\/\/www.arquimaster.com.ar\/web\/puertas-de-madera-que-dan-la-bienvenida-al-hogar-por-que-son-tendencia\/#breadcrumb","itemListElement":[{"@type":"ListItem","position":1,"name":"Portada","item":"https:\/\/www.arquimaster.com.ar\/web\/"},{"@type":"ListItem","position":2,"name":"Puertas de madera que dan la bienvenida al hogar: \u00bfPor qu\u00e9 son tendencia?"}]},{"@type":"WebSite","@id":"https:\/\/www.arquimaster.com.ar\/web\/#website","url":"https:\/\/www.arquimaster.com.ar\/web\/","name":"Arquimaster","description":"Web de arquitectura, dise\u00f1o y construccion","publisher":{"@id":"https:\/\/www.arquimaster.com.ar\/web\/#organization"},"potentialAction":[{"@type":"SearchAction","target":{"@type":"EntryPoint","urlTemplate":"https:\/\/www.arquimaster.com.ar\/web\/?s={search_term_string}"},"query-input":{"@type":"PropertyValueSpecification","valueRequired":true,"valueName":"search_term_string"}}],"inLanguage":"es"},{"@type":"Organization","@id":"https:\/\/www.arquimaster.com.ar\/web\/#organization","name":"Arquimaster","url":"https:\/\/www.arquimaster.com.ar\/web\/","logo":{"@type":"ImageObject","inLanguage":"es","@id":"https:\/\/www.arquimaster.com.ar\/web\/#\/schema\/logo\/image\/","url":"https:\/\/www.arquimaster.com.ar\/web\/wp-content\/uploads\/2022\/06\/arquimaster.png","contentUrl":"https:\/\/www.arquimaster.com.ar\/web\/wp-content\/uploads\/2022\/06\/arquimaster.png","width":594,"height":78,"caption":"Arquimaster"},"image":{"@id":"https:\/\/www.arquimaster.com.ar\/web\/#\/schema\/logo\/image\/"},"sameAs":["http:\/\/www.facebook.com\/ARQUIMASTER.com.ar","https:\/\/x.com\/arquimaster","https:\/\/www.instagram.com\/arquimasterblog\/","https:\/\/www.linkedin.com\/company\/arquimaster","https:\/\/www.pinterest.com\/arquimaster","https:\/\/t.me\/arquimaster"]},{"@type":"Person","@id":"https:\/\/www.arquimaster.com.ar\/web\/#\/schema\/person\/359e9f7c00193fcde068e0dd2ceb0028","name":"Arquimaster"}]}},"uagb_featured_image_src":{"full":["https:\/\/www.arquimaster.com.ar\/web\/wp-content\/uploads\/2024\/08\/puertas_madera_slide.jpg",698,364,false],"thumbnail":["https:\/\/www.arquimaster.com.ar\/web\/wp-content\/uploads\/2024\/08\/puertas_madera_slide-150x150.jpg",150,150,true],"medium":["https:\/\/www.arquimaster.com.ar\/web\/wp-content\/uploads\/2024\/08\/puertas_madera_slide.jpg",698,364,false],"medium_large":["https:\/\/www.arquimaster.com.ar\/web\/wp-content\/uploads\/2024\/08\/puertas_madera_slide.jpg",698,364,false],"large":["https:\/\/www.arquimaster.com.ar\/web\/wp-content\/uploads\/2024\/08\/puertas_madera_slide.jpg",698,364,false],"1536x1536":["https:\/\/www.arquimaster.com.ar\/web\/wp-content\/uploads\/2024\/08\/puertas_madera_slide.jpg",698,364,false],"2048x2048":["https:\/\/www.arquimaster.com.ar\/web\/wp-content\/uploads\/2024\/08\/puertas_madera_slide.jpg",698,364,false]},"uagb_author_info":{"display_name":"Arquimaster","author_link":"https:\/\/www.arquimaster.com.ar\/web\/author\/arquimaster\/"},"uagb_comment_info":0,"uagb_excerpt":"Un material que ofrece versatilidad de colores y vetas, car\u00e1cter y calidez...","_links":{"self":[{"href":"https:\/\/www.arquimaster.com.ar\/web\/wp-json\/wp\/v2\/posts\/79568","targetHints":{"allow":["GET"]}}],"collection":[{"href":"https:\/\/www.arquimaster.com.ar\/web\/wp-json\/wp\/v2\/posts"}],"about":[{"href":"https:\/\/www.arquimaster.com.ar\/web\/wp-json\/wp\/v2\/types\/post"}],"author":[{"embeddable":true,"href":"https:\/\/www.arquimaster.com.ar\/web\/wp-json\/wp\/v2\/users\/1"}],"replies":[{"embeddable":true,"href":"https:\/\/www.arquimaster.com.ar\/web\/wp-json\/wp\/v2\/comments?post=79568"}],"version-history":[{"count":4,"href":"https:\/\/www.arquimaster.com.ar\/web\/wp-json\/wp\/v2\/posts\/79568\/revisions"}],"predecessor-version":[{"id":85177,"href":"https:\/\/www.arquimaster.com.ar\/web\/wp-json\/wp\/v2\/posts\/79568\/revisions\/85177"}],"wp:featuredmedia":[{"embeddable":true,"href":"https:\/\/www.arquimaster.com.ar\/web\/wp-json\/wp\/v2\/media\/79570"}],"wp:attachment":[{"href":"https:\/\/www.arquimaster.com.ar\/web\/wp-json\/wp\/v2\/media?parent=79568"}],"wp:term":[{"taxonomy":"category","embeddable":true,"href":"https:\/\/www.arquimaster.com.ar\/web\/wp-json\/wp\/v2\/categories?post=79568"},{"taxonomy":"post_tag","embeddable":true,"href":"https:\/\/www.arquimaster.com.ar\/web\/wp-json\/wp\/v2\/tags?post=79568"}],"curies":[{"name":"wp","href":"https:\/\/api.w.org\/{rel}","templated":true}]}}