{"id":79693,"date":"2024-09-09T09:51:02","date_gmt":"2024-09-09T12:51:02","guid":{"rendered":"https:\/\/www.arquimaster.com.ar\/web\/?p=79693"},"modified":"2025-07-24T22:55:10","modified_gmt":"2025-07-25T01:55:10","slug":"departamento-paraguay-32-vamo","status":"publish","type":"post","link":"https:\/\/www.arquimaster.com.ar\/web\/departamento-paraguay-32-vamo\/","title":{"rendered":"Departamento Paraguay 32 \/ VAMO"},"content":{"rendered":"<div style=\"margin-top: 0px; margin-bottom: 0px;\" class=\"sharethis-inline-share-buttons\" ><\/div><div class=\"b812932af2e751442846f039925109de\" data-index=\"1\" style=\"float: none; margin:25px 0 25px 0; text-align:center;\">\n<script async src=\"https:\/\/pagead2.googlesyndication.com\/pagead\/js\/adsbygoogle.js\"><\/script>\r\n<!-- Arquimaster (superior) -->\r\n<ins class=\"adsbygoogle\"\r\n     style=\"display:block\"\r\n     data-ad-client=\"ca-pub-6351072698456832\"\r\n     data-ad-slot=\"6455489680\"\r\n     data-ad-format=\"auto\"\r\n     data-full-width-responsive=\"true\"><\/ins>\r\n<script>\r\n     (adsbygoogle = window.adsbygoogle || []).push({});\r\n<\/script>\n<\/div>\n<p><strong>Departamento Paraguay 32<\/strong> (Recoleta, Ciudad de Buenos Aires, Argentina) por <strong>VAMO<\/strong>. Esta reforma plantea el reto de reorganizar un t\u00edpico departamento de mediados del siglo XX en Buenos Aires, de m\u00ednimas dimensiones, para adaptarlo a los tiempos que corren.<\/p>\n<div id='gallery-1' class='gallery galleryid-79693 gallery-columns-3 gallery-size-thumbnail'><figure class='gallery-item'>\n\t\t\t<div class='gallery-icon landscape'>\n\t\t\t\t<a href='https:\/\/www.arquimaster.com.ar\/web\/wp-content\/uploads\/2024\/09\/departamento_paraguay_52_1.jpg' title=\"Departamento Paraguay 32 \/ VAMO (\u00a9 Bruto Studio)\" data-rl_title=\"Departamento Paraguay 32 \/ VAMO (\u00a9 Bruto Studio)\" class=\"rl-gallery-link\" data-rl_caption=\"Departamento Paraguay 32 \/ VAMO (\u00a9 Bruto Studio)\" data-rel=\"lightbox-gallery-1\"><img loading=\"lazy\" decoding=\"async\" width=\"150\" height=\"150\" src=\"https:\/\/www.arquimaster.com.ar\/web\/wp-content\/uploads\/2024\/09\/departamento_paraguay_52_1-150x150.jpg\" class=\"attachment-thumbnail size-thumbnail\" alt=\"Departamento Paraguay 32 \/ VAMO\" aria-describedby=\"gallery-1-79695\" \/><\/a>\n\t\t\t<\/div>\n\t\t\t\t<figcaption class='wp-caption-text gallery-caption' id='gallery-1-79695'>\n\t\t\t\tDepartamento Paraguay 32 \/ VAMO (\u00a9 Bruto Studio)\n\t\t\t\t<\/figcaption><\/figure><figure class='gallery-item'>\n\t\t\t<div class='gallery-icon landscape'>\n\t\t\t\t<a href='https:\/\/www.arquimaster.com.ar\/web\/wp-content\/uploads\/2024\/09\/departamento_paraguay_52_2.jpg' title=\"Departamento Paraguay 32 \/ VAMO (\u00a9 Bruto Studio)\" data-rl_title=\"Departamento Paraguay 32 \/ VAMO (\u00a9 Bruto Studio)\" class=\"rl-gallery-link\" data-rl_caption=\"Departamento Paraguay 32 \/ VAMO (\u00a9 Bruto Studio)\" data-rel=\"lightbox-gallery-1\"><img loading=\"lazy\" decoding=\"async\" width=\"150\" height=\"150\" src=\"https:\/\/www.arquimaster.com.ar\/web\/wp-content\/uploads\/2024\/09\/departamento_paraguay_52_2-150x150.jpg\" class=\"attachment-thumbnail size-thumbnail\" alt=\"Departamento Paraguay 32 \/ VAMO\" aria-describedby=\"gallery-1-79696\" \/><\/a>\n\t\t\t<\/div>\n\t\t\t\t<figcaption class='wp-caption-text gallery-caption' id='gallery-1-79696'>\n\t\t\t\tDepartamento Paraguay 32 \/ VAMO (\u00a9 Bruto Studio)\n\t\t\t\t<\/figcaption><\/figure><figure class='gallery-item'>\n\t\t\t<div class='gallery-icon landscape'>\n\t\t\t\t<a href='https:\/\/www.arquimaster.com.ar\/web\/wp-content\/uploads\/2024\/09\/departamento_paraguay_52_3.jpg' title=\"Departamento Paraguay 32 \/ VAMO (\u00a9 Bruto Studio)\" data-rl_title=\"Departamento Paraguay 32 \/ VAMO (\u00a9 Bruto Studio)\" class=\"rl-gallery-link\" data-rl_caption=\"Departamento Paraguay 32 \/ VAMO (\u00a9 Bruto Studio)\" data-rel=\"lightbox-gallery-1\"><img loading=\"lazy\" decoding=\"async\" width=\"150\" height=\"150\" src=\"https:\/\/www.arquimaster.com.ar\/web\/wp-content\/uploads\/2024\/09\/departamento_paraguay_52_3-150x150.jpg\" class=\"attachment-thumbnail size-thumbnail\" alt=\"Departamento Paraguay 32 \/ VAMO\" aria-describedby=\"gallery-1-79697\" \/><\/a>\n\t\t\t<\/div>\n\t\t\t\t<figcaption class='wp-caption-text gallery-caption' id='gallery-1-79697'>\n\t\t\t\tDepartamento Paraguay 32 \/ VAMO (\u00a9 Bruto Studio)\n\t\t\t\t<\/figcaption><\/figure><figure class='gallery-item'>\n\t\t\t<div class='gallery-icon landscape'>\n\t\t\t\t<a href='https:\/\/www.arquimaster.com.ar\/web\/wp-content\/uploads\/2024\/09\/departamento_paraguay_52_4.jpg' title=\"Departamento Paraguay 32 \/ VAMO (\u00a9 Bruto Studio)\" data-rl_title=\"Departamento Paraguay 32 \/ VAMO (\u00a9 Bruto Studio)\" class=\"rl-gallery-link\" data-rl_caption=\"Departamento Paraguay 32 \/ VAMO (\u00a9 Bruto Studio)\" data-rel=\"lightbox-gallery-1\"><img loading=\"lazy\" decoding=\"async\" width=\"150\" height=\"150\" src=\"https:\/\/www.arquimaster.com.ar\/web\/wp-content\/uploads\/2024\/09\/departamento_paraguay_52_4-150x150.jpg\" class=\"attachment-thumbnail size-thumbnail\" alt=\"Departamento Paraguay 32 \/ VAMO\" aria-describedby=\"gallery-1-79698\" \/><\/a>\n\t\t\t<\/div>\n\t\t\t\t<figcaption class='wp-caption-text gallery-caption' id='gallery-1-79698'>\n\t\t\t\tDepartamento Paraguay 32 \/ VAMO (\u00a9 Bruto Studio)\n\t\t\t\t<\/figcaption><\/figure><figure class='gallery-item'>\n\t\t\t<div class='gallery-icon portrait'>\n\t\t\t\t<a href='https:\/\/www.arquimaster.com.ar\/web\/wp-content\/uploads\/2024\/09\/departamento_paraguay_52_5.jpg' title=\"Departamento Paraguay 32 \/ VAMO (\u00a9 Bruto Studio)\" data-rl_title=\"Departamento Paraguay 32 \/ VAMO (\u00a9 Bruto Studio)\" class=\"rl-gallery-link\" data-rl_caption=\"Departamento Paraguay 32 \/ VAMO (\u00a9 Bruto Studio)\" data-rel=\"lightbox-gallery-1\"><img loading=\"lazy\" decoding=\"async\" width=\"150\" height=\"150\" src=\"https:\/\/www.arquimaster.com.ar\/web\/wp-content\/uploads\/2024\/09\/departamento_paraguay_52_5-150x150.jpg\" class=\"attachment-thumbnail size-thumbnail\" alt=\"Departamento Paraguay 32 \/ VAMO\" aria-describedby=\"gallery-1-79699\" \/><\/a>\n\t\t\t<\/div>\n\t\t\t\t<figcaption class='wp-caption-text gallery-caption' id='gallery-1-79699'>\n\t\t\t\tDepartamento Paraguay 32 \/ VAMO (\u00a9 Bruto Studio)\n\t\t\t\t<\/figcaption><\/figure><figure class='gallery-item'>\n\t\t\t<div class='gallery-icon portrait'>\n\t\t\t\t<a href='https:\/\/www.arquimaster.com.ar\/web\/wp-content\/uploads\/2024\/09\/departamento_paraguay_52_6.jpg' title=\"Departamento Paraguay 32 \/ VAMO (\u00a9 Bruto Studio)\" data-rl_title=\"Departamento Paraguay 32 \/ VAMO (\u00a9 Bruto Studio)\" class=\"rl-gallery-link\" data-rl_caption=\"Departamento Paraguay 32 \/ VAMO (\u00a9 Bruto Studio)\" data-rel=\"lightbox-gallery-1\"><img loading=\"lazy\" decoding=\"async\" width=\"150\" height=\"150\" src=\"https:\/\/www.arquimaster.com.ar\/web\/wp-content\/uploads\/2024\/09\/departamento_paraguay_52_6-150x150.jpg\" class=\"attachment-thumbnail size-thumbnail\" alt=\"Departamento Paraguay 32 \/ VAMO\" aria-describedby=\"gallery-1-79700\" \/><\/a>\n\t\t\t<\/div>\n\t\t\t\t<figcaption class='wp-caption-text gallery-caption' id='gallery-1-79700'>\n\t\t\t\tDepartamento Paraguay 32 \/ VAMO (\u00a9 Bruto Studio)\n\t\t\t\t<\/figcaption><\/figure><figure class='gallery-item'>\n\t\t\t<div class='gallery-icon portrait'>\n\t\t\t\t<a href='https:\/\/www.arquimaster.com.ar\/web\/wp-content\/uploads\/2024\/09\/departamento_paraguay_52_7.jpg' title=\"Departamento Paraguay 32 \/ VAMO (\u00a9 Bruto Studio)\" data-rl_title=\"Departamento Paraguay 32 \/ VAMO (\u00a9 Bruto Studio)\" class=\"rl-gallery-link\" data-rl_caption=\"Departamento Paraguay 32 \/ VAMO (\u00a9 Bruto Studio)\" data-rel=\"lightbox-gallery-1\"><img loading=\"lazy\" decoding=\"async\" width=\"150\" height=\"150\" src=\"https:\/\/www.arquimaster.com.ar\/web\/wp-content\/uploads\/2024\/09\/departamento_paraguay_52_7-150x150.jpg\" class=\"attachment-thumbnail size-thumbnail\" alt=\"Departamento Paraguay 32 \/ VAMO\" aria-describedby=\"gallery-1-79701\" \/><\/a>\n\t\t\t<\/div>\n\t\t\t\t<figcaption class='wp-caption-text gallery-caption' id='gallery-1-79701'>\n\t\t\t\tDepartamento Paraguay 32 \/ VAMO (\u00a9 Bruto Studio)\n\t\t\t\t<\/figcaption><\/figure><figure class='gallery-item'>\n\t\t\t<div class='gallery-icon portrait'>\n\t\t\t\t<a href='https:\/\/www.arquimaster.com.ar\/web\/wp-content\/uploads\/2024\/09\/departamento_paraguay_52_8.jpg' title=\"Departamento Paraguay 32 \/ VAMO (\u00a9 Bruto Studio)\" data-rl_title=\"Departamento Paraguay 32 \/ VAMO (\u00a9 Bruto Studio)\" class=\"rl-gallery-link\" data-rl_caption=\"Departamento Paraguay 32 \/ VAMO (\u00a9 Bruto Studio)\" data-rel=\"lightbox-gallery-1\"><img loading=\"lazy\" decoding=\"async\" width=\"150\" height=\"150\" src=\"https:\/\/www.arquimaster.com.ar\/web\/wp-content\/uploads\/2024\/09\/departamento_paraguay_52_8-150x150.jpg\" class=\"attachment-thumbnail size-thumbnail\" alt=\"Departamento Paraguay 32 \/ VAMO\" aria-describedby=\"gallery-1-79702\" \/><\/a>\n\t\t\t<\/div>\n\t\t\t\t<figcaption class='wp-caption-text gallery-caption' id='gallery-1-79702'>\n\t\t\t\tDepartamento Paraguay 32 \/ VAMO (\u00a9 Bruto Studio)\n\t\t\t\t<\/figcaption><\/figure><figure class='gallery-item'>\n\t\t\t<div class='gallery-icon portrait'>\n\t\t\t\t<a href='https:\/\/www.arquimaster.com.ar\/web\/wp-content\/uploads\/2024\/09\/departamento_paraguay_52_9.jpg' title=\"Departamento Paraguay 32 \/ VAMO (\u00a9 Bruto Studio)\" data-rl_title=\"Departamento Paraguay 32 \/ VAMO (\u00a9 Bruto Studio)\" class=\"rl-gallery-link\" data-rl_caption=\"Departamento Paraguay 32 \/ VAMO (\u00a9 Bruto Studio)\" data-rel=\"lightbox-gallery-1\"><img loading=\"lazy\" decoding=\"async\" width=\"150\" height=\"150\" src=\"https:\/\/www.arquimaster.com.ar\/web\/wp-content\/uploads\/2024\/09\/departamento_paraguay_52_9-150x150.jpg\" class=\"attachment-thumbnail size-thumbnail\" alt=\"Departamento Paraguay 32 \/ VAMO\" aria-describedby=\"gallery-1-79703\" \/><\/a>\n\t\t\t<\/div>\n\t\t\t\t<figcaption class='wp-caption-text gallery-caption' id='gallery-1-79703'>\n\t\t\t\tDepartamento Paraguay 32 \/ VAMO (\u00a9 Bruto Studio)\n\t\t\t\t<\/figcaption><\/figure><figure class='gallery-item'>\n\t\t\t<div class='gallery-icon portrait'>\n\t\t\t\t<a href='https:\/\/www.arquimaster.com.ar\/web\/wp-content\/uploads\/2024\/09\/departamento_paraguay_52_10.jpg' title=\"Departamento Paraguay 32 \/ VAMO (\u00a9 Bruto Studio)\" data-rl_title=\"Departamento Paraguay 32 \/ VAMO (\u00a9 Bruto Studio)\" class=\"rl-gallery-link\" data-rl_caption=\"Departamento Paraguay 32 \/ VAMO (\u00a9 Bruto Studio)\" data-rel=\"lightbox-gallery-1\"><img loading=\"lazy\" decoding=\"async\" width=\"150\" height=\"150\" src=\"https:\/\/www.arquimaster.com.ar\/web\/wp-content\/uploads\/2024\/09\/departamento_paraguay_52_10-150x150.jpg\" class=\"attachment-thumbnail size-thumbnail\" alt=\"Departamento Paraguay 32 \/ VAMO\" aria-describedby=\"gallery-1-79704\" \/><\/a>\n\t\t\t<\/div>\n\t\t\t\t<figcaption class='wp-caption-text gallery-caption' id='gallery-1-79704'>\n\t\t\t\tDepartamento Paraguay 32 \/ VAMO (\u00a9 Bruto Studio)\n\t\t\t\t<\/figcaption><\/figure><figure class='gallery-item'>\n\t\t\t<div class='gallery-icon portrait'>\n\t\t\t\t<a href='https:\/\/www.arquimaster.com.ar\/web\/wp-content\/uploads\/2024\/09\/departamento_paraguay_52_11.jpg' title=\"Departamento Paraguay 32 \/ VAMO (\u00a9 Bruto Studio)\" data-rl_title=\"Departamento Paraguay 32 \/ VAMO (\u00a9 Bruto Studio)\" class=\"rl-gallery-link\" data-rl_caption=\"Departamento Paraguay 32 \/ VAMO (\u00a9 Bruto Studio)\" data-rel=\"lightbox-gallery-1\"><img loading=\"lazy\" decoding=\"async\" width=\"150\" height=\"150\" src=\"https:\/\/www.arquimaster.com.ar\/web\/wp-content\/uploads\/2024\/09\/departamento_paraguay_52_11-150x150.jpg\" class=\"attachment-thumbnail size-thumbnail\" alt=\"Departamento Paraguay 32 \/ VAMO\" aria-describedby=\"gallery-1-79705\" \/><\/a>\n\t\t\t<\/div>\n\t\t\t\t<figcaption class='wp-caption-text gallery-caption' id='gallery-1-79705'>\n\t\t\t\tDepartamento Paraguay 32 \/ VAMO (\u00a9 Bruto Studio)\n\t\t\t\t<\/figcaption><\/figure><figure class='gallery-item'>\n\t\t\t<div class='gallery-icon portrait'>\n\t\t\t\t<a href='https:\/\/www.arquimaster.com.ar\/web\/wp-content\/uploads\/2024\/09\/departamento_paraguay_52_12.jpg' title=\"Departamento Paraguay 32 \/ VAMO (\u00a9 Bruto Studio)\" data-rl_title=\"Departamento Paraguay 32 \/ VAMO (\u00a9 Bruto Studio)\" class=\"rl-gallery-link\" data-rl_caption=\"Departamento Paraguay 32 \/ VAMO (\u00a9 Bruto Studio)\" data-rel=\"lightbox-gallery-1\"><img loading=\"lazy\" decoding=\"async\" width=\"150\" height=\"150\" src=\"https:\/\/www.arquimaster.com.ar\/web\/wp-content\/uploads\/2024\/09\/departamento_paraguay_52_12-150x150.jpg\" class=\"attachment-thumbnail size-thumbnail\" alt=\"Departamento Paraguay 32 \/ VAMO\" aria-describedby=\"gallery-1-79706\" \/><\/a>\n\t\t\t<\/div>\n\t\t\t\t<figcaption class='wp-caption-text gallery-caption' id='gallery-1-79706'>\n\t\t\t\tDepartamento Paraguay 32 \/ VAMO (\u00a9 Bruto Studio)\n\t\t\t\t<\/figcaption><\/figure><figure class='gallery-item'>\n\t\t\t<div class='gallery-icon landscape'>\n\t\t\t\t<a href='https:\/\/www.arquimaster.com.ar\/web\/wp-content\/uploads\/2024\/09\/departamento_paraguay_52_13.jpg' title=\"Departamento Paraguay 32 \/ VAMO (\u00a9 Bruto Studio)\" data-rl_title=\"Departamento Paraguay 32 \/ VAMO (\u00a9 Bruto Studio)\" class=\"rl-gallery-link\" data-rl_caption=\"Departamento Paraguay 32 \/ VAMO (\u00a9 Bruto Studio)\" data-rel=\"lightbox-gallery-1\"><img loading=\"lazy\" decoding=\"async\" width=\"150\" height=\"150\" src=\"https:\/\/www.arquimaster.com.ar\/web\/wp-content\/uploads\/2024\/09\/departamento_paraguay_52_13-150x150.jpg\" class=\"attachment-thumbnail size-thumbnail\" alt=\"Departamento Paraguay 32 \/ VAMO\" aria-describedby=\"gallery-1-79707\" \/><\/a>\n\t\t\t<\/div>\n\t\t\t\t<figcaption class='wp-caption-text gallery-caption' id='gallery-1-79707'>\n\t\t\t\tDepartamento Paraguay 32 \/ VAMO (\u00a9 Bruto Studio)\n\t\t\t\t<\/figcaption><\/figure><figure class='gallery-item'>\n\t\t\t<div class='gallery-icon landscape'>\n\t\t\t\t<a href='https:\/\/www.arquimaster.com.ar\/web\/wp-content\/uploads\/2024\/09\/departamento_paraguay_52_14.jpg' title=\"Departamento Paraguay 32 \/ VAMO (\u00a9 Bruto Studio)\" data-rl_title=\"Departamento Paraguay 32 \/ VAMO (\u00a9 Bruto Studio)\" class=\"rl-gallery-link\" data-rl_caption=\"Departamento Paraguay 32 \/ VAMO (\u00a9 Bruto Studio)\" data-rel=\"lightbox-gallery-1\"><img loading=\"lazy\" decoding=\"async\" width=\"150\" height=\"150\" src=\"https:\/\/www.arquimaster.com.ar\/web\/wp-content\/uploads\/2024\/09\/departamento_paraguay_52_14-150x150.jpg\" class=\"attachment-thumbnail size-thumbnail\" alt=\"Departamento Paraguay 32 \/ VAMO\" aria-describedby=\"gallery-1-79708\" \/><\/a>\n\t\t\t<\/div>\n\t\t\t\t<figcaption class='wp-caption-text gallery-caption' id='gallery-1-79708'>\n\t\t\t\tDepartamento Paraguay 32 \/ VAMO (\u00a9 Bruto Studio)\n\t\t\t\t<\/figcaption><\/figure><figure class='gallery-item'>\n\t\t\t<div class='gallery-icon landscape'>\n\t\t\t\t<a href='https:\/\/www.arquimaster.com.ar\/web\/wp-content\/uploads\/2024\/09\/departamento_paraguay_52_15.jpg' title=\"Departamento Paraguay 32 \/ VAMO (\u00a9 Bruto Studio)\" data-rl_title=\"Departamento Paraguay 32 \/ VAMO (\u00a9 Bruto Studio)\" class=\"rl-gallery-link\" data-rl_caption=\"Departamento Paraguay 32 \/ VAMO (\u00a9 Bruto Studio)\" data-rel=\"lightbox-gallery-1\"><img loading=\"lazy\" decoding=\"async\" width=\"150\" height=\"150\" src=\"https:\/\/www.arquimaster.com.ar\/web\/wp-content\/uploads\/2024\/09\/departamento_paraguay_52_15-150x150.jpg\" class=\"attachment-thumbnail size-thumbnail\" alt=\"Departamento Paraguay 32 \/ VAMO\" aria-describedby=\"gallery-1-79709\" \/><\/a>\n\t\t\t<\/div>\n\t\t\t\t<figcaption class='wp-caption-text gallery-caption' id='gallery-1-79709'>\n\t\t\t\tDepartamento Paraguay 32 \/ VAMO (\u00a9 Bruto Studio)\n\t\t\t\t<\/figcaption><\/figure><figure class='gallery-item'>\n\t\t\t<div class='gallery-icon portrait'>\n\t\t\t\t<a href='https:\/\/www.arquimaster.com.ar\/web\/wp-content\/uploads\/2024\/09\/departamento_paraguay_52_16.jpg' title=\"Departamento Paraguay 32 \/ VAMO (\u00a9 Bruto Studio)\" data-rl_title=\"Departamento Paraguay 32 \/ VAMO (\u00a9 Bruto Studio)\" class=\"rl-gallery-link\" data-rl_caption=\"Departamento Paraguay 32 \/ VAMO (\u00a9 Bruto Studio)\" data-rel=\"lightbox-gallery-1\"><img loading=\"lazy\" decoding=\"async\" width=\"150\" height=\"150\" src=\"https:\/\/www.arquimaster.com.ar\/web\/wp-content\/uploads\/2024\/09\/departamento_paraguay_52_16-150x150.jpg\" class=\"attachment-thumbnail size-thumbnail\" alt=\"Departamento Paraguay 32 \/ VAMO\" aria-describedby=\"gallery-1-79710\" \/><\/a>\n\t\t\t<\/div>\n\t\t\t\t<figcaption class='wp-caption-text gallery-caption' id='gallery-1-79710'>\n\t\t\t\tDepartamento Paraguay 32 \/ VAMO (\u00a9 Bruto Studio)\n\t\t\t\t<\/figcaption><\/figure><figure class='gallery-item'>\n\t\t\t<div class='gallery-icon landscape'>\n\t\t\t\t<a href='https:\/\/www.arquimaster.com.ar\/web\/wp-content\/uploads\/2024\/09\/departamento_paraguay_52_17.jpg' title=\"Departamento Paraguay 32 \/ VAMO (\u00a9 Bruto Studio)\" data-rl_title=\"Departamento Paraguay 32 \/ VAMO (\u00a9 Bruto Studio)\" class=\"rl-gallery-link\" data-rl_caption=\"Departamento Paraguay 32 \/ VAMO (\u00a9 Bruto Studio)\" data-rel=\"lightbox-gallery-1\"><img loading=\"lazy\" decoding=\"async\" width=\"150\" height=\"150\" src=\"https:\/\/www.arquimaster.com.ar\/web\/wp-content\/uploads\/2024\/09\/departamento_paraguay_52_17-150x150.jpg\" class=\"attachment-thumbnail size-thumbnail\" alt=\"Departamento Paraguay 32 \/ VAMO\" aria-describedby=\"gallery-1-79711\" \/><\/a>\n\t\t\t<\/div>\n\t\t\t\t<figcaption class='wp-caption-text gallery-caption' id='gallery-1-79711'>\n\t\t\t\tDepartamento Paraguay 32 \/ VAMO (\u00a9 Bruto Studio)\n\t\t\t\t<\/figcaption><\/figure><figure class='gallery-item'>\n\t\t\t<div class='gallery-icon landscape'>\n\t\t\t\t<a href='https:\/\/www.arquimaster.com.ar\/web\/wp-content\/uploads\/2024\/09\/departamento_paraguay_52_18.jpg' title=\"Departamento Paraguay 32 \/ VAMO (\u00a9 Bruto Studio)\" data-rl_title=\"Departamento Paraguay 32 \/ VAMO (\u00a9 Bruto Studio)\" class=\"rl-gallery-link\" data-rl_caption=\"Departamento Paraguay 32 \/ VAMO (\u00a9 Bruto Studio)\" data-rel=\"lightbox-gallery-1\"><img loading=\"lazy\" decoding=\"async\" width=\"150\" height=\"150\" src=\"https:\/\/www.arquimaster.com.ar\/web\/wp-content\/uploads\/2024\/09\/departamento_paraguay_52_18-150x150.jpg\" class=\"attachment-thumbnail size-thumbnail\" alt=\"Departamento Paraguay 32 \/ VAMO\" aria-describedby=\"gallery-1-79712\" \/><\/a>\n\t\t\t<\/div>\n\t\t\t\t<figcaption class='wp-caption-text gallery-caption' id='gallery-1-79712'>\n\t\t\t\tDepartamento Paraguay 32 \/ VAMO (\u00a9 Bruto Studio)\n\t\t\t\t<\/figcaption><\/figure><figure class='gallery-item'>\n\t\t\t<div class='gallery-icon portrait'>\n\t\t\t\t<a href='https:\/\/www.arquimaster.com.ar\/web\/wp-content\/uploads\/2024\/09\/departamento_paraguay_52_19.jpg' title=\"Departamento Paraguay 32 \/ VAMO (\u00a9 Bruto Studio)\" data-rl_title=\"Departamento Paraguay 32 \/ VAMO (\u00a9 Bruto Studio)\" class=\"rl-gallery-link\" data-rl_caption=\"Departamento Paraguay 32 \/ VAMO (\u00a9 Bruto Studio)\" data-rel=\"lightbox-gallery-1\"><img loading=\"lazy\" decoding=\"async\" width=\"150\" height=\"150\" src=\"https:\/\/www.arquimaster.com.ar\/web\/wp-content\/uploads\/2024\/09\/departamento_paraguay_52_19-150x150.jpg\" class=\"attachment-thumbnail size-thumbnail\" alt=\"Departamento Paraguay 32 \/ VAMO\" aria-describedby=\"gallery-1-79713\" \/><\/a>\n\t\t\t<\/div>\n\t\t\t\t<figcaption class='wp-caption-text gallery-caption' id='gallery-1-79713'>\n\t\t\t\tDepartamento Paraguay 32 \/ VAMO (\u00a9 Bruto Studio)\n\t\t\t\t<\/figcaption><\/figure><figure class='gallery-item'>\n\t\t\t<div class='gallery-icon landscape'>\n\t\t\t\t<a href='https:\/\/www.arquimaster.com.ar\/web\/wp-content\/uploads\/2024\/09\/departamento_paraguay_52_20.jpg' title=\"Departamento Paraguay 32 \/ VAMO (\u00a9 Bruto Studio)\" data-rl_title=\"Departamento Paraguay 32 \/ VAMO (\u00a9 Bruto Studio)\" class=\"rl-gallery-link\" data-rl_caption=\"Departamento Paraguay 32 \/ VAMO (\u00a9 Bruto Studio)\" data-rel=\"lightbox-gallery-1\"><img loading=\"lazy\" decoding=\"async\" width=\"150\" height=\"150\" src=\"https:\/\/www.arquimaster.com.ar\/web\/wp-content\/uploads\/2024\/09\/departamento_paraguay_52_20-150x150.jpg\" class=\"attachment-thumbnail size-thumbnail\" alt=\"Departamento Paraguay 32 \/ VAMO\" aria-describedby=\"gallery-1-79714\" \/><\/a>\n\t\t\t<\/div>\n\t\t\t\t<figcaption class='wp-caption-text gallery-caption' id='gallery-1-79714'>\n\t\t\t\tDepartamento Paraguay 32 \/ VAMO (\u00a9 Bruto Studio)\n\t\t\t\t<\/figcaption><\/figure><figure class='gallery-item'>\n\t\t\t<div class='gallery-icon portrait'>\n\t\t\t\t<a href='https:\/\/www.arquimaster.com.ar\/web\/wp-content\/uploads\/2024\/09\/departamento_paraguay_52_21.jpg' title=\"Departamento Paraguay 32 \/ VAMO (\u00a9 Bruto Studio)\" data-rl_title=\"Departamento Paraguay 32 \/ VAMO (\u00a9 Bruto Studio)\" class=\"rl-gallery-link\" data-rl_caption=\"Departamento Paraguay 32 \/ VAMO (\u00a9 Bruto Studio)\" data-rel=\"lightbox-gallery-1\"><img loading=\"lazy\" decoding=\"async\" width=\"150\" height=\"150\" src=\"https:\/\/www.arquimaster.com.ar\/web\/wp-content\/uploads\/2024\/09\/departamento_paraguay_52_21-150x150.jpg\" class=\"attachment-thumbnail size-thumbnail\" alt=\"Departamento Paraguay 32 \/ VAMO\" aria-describedby=\"gallery-1-79715\" \/><\/a>\n\t\t\t<\/div>\n\t\t\t\t<figcaption class='wp-caption-text gallery-caption' id='gallery-1-79715'>\n\t\t\t\tDepartamento Paraguay 32 \/ VAMO (\u00a9 Bruto Studio)\n\t\t\t\t<\/figcaption><\/figure><figure class='gallery-item'>\n\t\t\t<div class='gallery-icon portrait'>\n\t\t\t\t<a href='https:\/\/www.arquimaster.com.ar\/web\/wp-content\/uploads\/2024\/09\/departamento_paraguay_52_22.jpg' title=\"Departamento Paraguay 32 \/ VAMO (\u00a9 Bruto Studio)\" data-rl_title=\"Departamento Paraguay 32 \/ VAMO (\u00a9 Bruto Studio)\" class=\"rl-gallery-link\" data-rl_caption=\"Departamento Paraguay 32 \/ VAMO (\u00a9 Bruto Studio)\" data-rel=\"lightbox-gallery-1\"><img loading=\"lazy\" decoding=\"async\" width=\"150\" height=\"150\" src=\"https:\/\/www.arquimaster.com.ar\/web\/wp-content\/uploads\/2024\/09\/departamento_paraguay_52_22-150x150.jpg\" class=\"attachment-thumbnail size-thumbnail\" alt=\"Departamento Paraguay 32 \/ VAMO\" aria-describedby=\"gallery-1-79716\" \/><\/a>\n\t\t\t<\/div>\n\t\t\t\t<figcaption class='wp-caption-text gallery-caption' id='gallery-1-79716'>\n\t\t\t\tDepartamento Paraguay 32 \/ VAMO (\u00a9 Bruto Studio)\n\t\t\t\t<\/figcaption><\/figure><figure class='gallery-item'>\n\t\t\t<div class='gallery-icon portrait'>\n\t\t\t\t<a href='https:\/\/www.arquimaster.com.ar\/web\/wp-content\/uploads\/2024\/09\/departamento_paraguay_52_23.jpg' title=\"Departamento Paraguay 32 \/ VAMO (\u00a9 Bruto Studio)\" data-rl_title=\"Departamento Paraguay 32 \/ VAMO (\u00a9 Bruto Studio)\" class=\"rl-gallery-link\" data-rl_caption=\"Departamento Paraguay 32 \/ VAMO (\u00a9 Bruto Studio)\" data-rel=\"lightbox-gallery-1\"><img loading=\"lazy\" decoding=\"async\" width=\"150\" height=\"150\" src=\"https:\/\/www.arquimaster.com.ar\/web\/wp-content\/uploads\/2024\/09\/departamento_paraguay_52_23-150x150.jpg\" class=\"attachment-thumbnail size-thumbnail\" alt=\"Departamento Paraguay 32 \/ VAMO\" aria-describedby=\"gallery-1-79717\" \/><\/a>\n\t\t\t<\/div>\n\t\t\t\t<figcaption class='wp-caption-text gallery-caption' id='gallery-1-79717'>\n\t\t\t\tDepartamento Paraguay 32 \/ VAMO (\u00a9 Bruto Studio)\n\t\t\t\t<\/figcaption><\/figure><figure class='gallery-item'>\n\t\t\t<div class='gallery-icon portrait'>\n\t\t\t\t<a href='https:\/\/www.arquimaster.com.ar\/web\/wp-content\/uploads\/2024\/09\/departamento_paraguay_52_24.jpg' title=\"Departamento Paraguay 32 \/ VAMO (\u00a9 Bruto Studio)\" data-rl_title=\"Departamento Paraguay 32 \/ VAMO (\u00a9 Bruto Studio)\" class=\"rl-gallery-link\" data-rl_caption=\"Departamento Paraguay 32 \/ VAMO (\u00a9 Bruto Studio)\" data-rel=\"lightbox-gallery-1\"><img loading=\"lazy\" decoding=\"async\" width=\"150\" height=\"150\" src=\"https:\/\/www.arquimaster.com.ar\/web\/wp-content\/uploads\/2024\/09\/departamento_paraguay_52_24-150x150.jpg\" class=\"attachment-thumbnail size-thumbnail\" alt=\"Departamento Paraguay 32 \/ VAMO\" aria-describedby=\"gallery-1-79718\" \/><\/a>\n\t\t\t<\/div>\n\t\t\t\t<figcaption class='wp-caption-text gallery-caption' id='gallery-1-79718'>\n\t\t\t\tDepartamento Paraguay 32 \/ VAMO (\u00a9 Bruto Studio)\n\t\t\t\t<\/figcaption><\/figure><figure class='gallery-item'>\n\t\t\t<div class='gallery-icon landscape'>\n\t\t\t\t<a href='https:\/\/www.arquimaster.com.ar\/web\/wp-content\/uploads\/2024\/09\/departamento_paraguay_52_25.jpg' title=\"Departamento Paraguay 32 \/ VAMO (\u00a9 Bruto Studio)\" data-rl_title=\"Departamento Paraguay 32 \/ VAMO (\u00a9 Bruto Studio)\" class=\"rl-gallery-link\" data-rl_caption=\"Departamento Paraguay 32 \/ VAMO (\u00a9 Bruto Studio)\" data-rel=\"lightbox-gallery-1\"><img loading=\"lazy\" decoding=\"async\" width=\"150\" height=\"150\" src=\"https:\/\/www.arquimaster.com.ar\/web\/wp-content\/uploads\/2024\/09\/departamento_paraguay_52_25-150x150.jpg\" class=\"attachment-thumbnail size-thumbnail\" alt=\"Departamento Paraguay 32 \/ VAMO\" aria-describedby=\"gallery-1-79719\" \/><\/a>\n\t\t\t<\/div>\n\t\t\t\t<figcaption class='wp-caption-text gallery-caption' id='gallery-1-79719'>\n\t\t\t\tDepartamento Paraguay 32 \/ VAMO (\u00a9 Bruto Studio)\n\t\t\t\t<\/figcaption><\/figure><figure class='gallery-item'>\n\t\t\t<div class='gallery-icon portrait'>\n\t\t\t\t<a href='https:\/\/www.arquimaster.com.ar\/web\/wp-content\/uploads\/2024\/09\/departamento_paraguay_52_26.jpg' title=\"Departamento Paraguay 32 \/ VAMO (\u00a9 Bruto Studio)\" data-rl_title=\"Departamento Paraguay 32 \/ VAMO (\u00a9 Bruto Studio)\" class=\"rl-gallery-link\" data-rl_caption=\"Departamento Paraguay 32 \/ VAMO (\u00a9 Bruto Studio)\" data-rel=\"lightbox-gallery-1\"><img loading=\"lazy\" decoding=\"async\" width=\"150\" height=\"150\" src=\"https:\/\/www.arquimaster.com.ar\/web\/wp-content\/uploads\/2024\/09\/departamento_paraguay_52_26-150x150.jpg\" class=\"attachment-thumbnail size-thumbnail\" alt=\"Departamento Paraguay 32 \/ VAMO\" aria-describedby=\"gallery-1-79720\" \/><\/a>\n\t\t\t<\/div>\n\t\t\t\t<figcaption class='wp-caption-text gallery-caption' id='gallery-1-79720'>\n\t\t\t\tDepartamento Paraguay 32 \/ VAMO (\u00a9 Bruto Studio)\n\t\t\t\t<\/figcaption><\/figure><figure class='gallery-item'>\n\t\t\t<div class='gallery-icon portrait'>\n\t\t\t\t<a href='https:\/\/www.arquimaster.com.ar\/web\/wp-content\/uploads\/2024\/09\/departamento_paraguay_52_27.jpg' title=\"Departamento Paraguay 32 \/ VAMO (\u00a9 Bruto Studio)\" data-rl_title=\"Departamento Paraguay 32 \/ VAMO (\u00a9 Bruto Studio)\" class=\"rl-gallery-link\" data-rl_caption=\"Departamento Paraguay 32 \/ VAMO (\u00a9 Bruto Studio)\" data-rel=\"lightbox-gallery-1\"><img loading=\"lazy\" decoding=\"async\" width=\"150\" height=\"150\" src=\"https:\/\/www.arquimaster.com.ar\/web\/wp-content\/uploads\/2024\/09\/departamento_paraguay_52_27-150x150.jpg\" class=\"attachment-thumbnail size-thumbnail\" alt=\"Departamento Paraguay 32 \/ VAMO\" aria-describedby=\"gallery-1-79721\" \/><\/a>\n\t\t\t<\/div>\n\t\t\t\t<figcaption class='wp-caption-text gallery-caption' id='gallery-1-79721'>\n\t\t\t\tDepartamento Paraguay 32 \/ VAMO (\u00a9 Bruto Studio)\n\t\t\t\t<\/figcaption><\/figure><figure class='gallery-item'>\n\t\t\t<div class='gallery-icon portrait'>\n\t\t\t\t<a href='https:\/\/www.arquimaster.com.ar\/web\/wp-content\/uploads\/2024\/09\/departamento_paraguay_52_28.jpg' title=\"Departamento Paraguay 32 \/ VAMO (\u00a9 Bruto Studio)\" data-rl_title=\"Departamento Paraguay 32 \/ VAMO (\u00a9 Bruto Studio)\" class=\"rl-gallery-link\" data-rl_caption=\"Departamento Paraguay 32 \/ VAMO (\u00a9 Bruto Studio)\" data-rel=\"lightbox-gallery-1\"><img loading=\"lazy\" decoding=\"async\" width=\"150\" height=\"150\" src=\"https:\/\/www.arquimaster.com.ar\/web\/wp-content\/uploads\/2024\/09\/departamento_paraguay_52_28-150x150.jpg\" class=\"attachment-thumbnail size-thumbnail\" alt=\"Departamento Paraguay 32 \/ VAMO\" aria-describedby=\"gallery-1-79722\" \/><\/a>\n\t\t\t<\/div>\n\t\t\t\t<figcaption class='wp-caption-text gallery-caption' id='gallery-1-79722'>\n\t\t\t\tDepartamento Paraguay 32 \/ VAMO (\u00a9 Bruto Studio)\n\t\t\t\t<\/figcaption><\/figure><figure class='gallery-item'>\n\t\t\t<div class='gallery-icon portrait'>\n\t\t\t\t<a href='https:\/\/www.arquimaster.com.ar\/web\/wp-content\/uploads\/2024\/09\/departamento_paraguay_52_29.jpg' title=\"Departamento Paraguay 32 \/ VAMO (\u00a9 Bruto Studio)\" data-rl_title=\"Departamento Paraguay 32 \/ VAMO (\u00a9 Bruto Studio)\" class=\"rl-gallery-link\" data-rl_caption=\"Departamento Paraguay 32 \/ VAMO (\u00a9 Bruto Studio)\" data-rel=\"lightbox-gallery-1\"><img loading=\"lazy\" decoding=\"async\" width=\"150\" height=\"150\" src=\"https:\/\/www.arquimaster.com.ar\/web\/wp-content\/uploads\/2024\/09\/departamento_paraguay_52_29-150x150.jpg\" class=\"attachment-thumbnail size-thumbnail\" alt=\"Departamento Paraguay 32 \/ VAMO\" aria-describedby=\"gallery-1-79723\" \/><\/a>\n\t\t\t<\/div>\n\t\t\t\t<figcaption class='wp-caption-text gallery-caption' id='gallery-1-79723'>\n\t\t\t\tDepartamento Paraguay 32 \/ VAMO (\u00a9 Bruto Studio)\n\t\t\t\t<\/figcaption><\/figure><figure class='gallery-item'>\n\t\t\t<div class='gallery-icon landscape'>\n\t\t\t\t<a href='https:\/\/www.arquimaster.com.ar\/web\/wp-content\/uploads\/2024\/09\/departamento_paraguay_52_37.jpg' title=\"Departamento Paraguay 32 \/ VAMO (\u00a9 Bruto Studio)\" data-rl_title=\"Departamento Paraguay 32 \/ VAMO (\u00a9 Bruto Studio)\" class=\"rl-gallery-link\" data-rl_caption=\"Departamento Paraguay 32 \/ VAMO (\u00a9 Bruto Studio)\" data-rel=\"lightbox-gallery-1\"><img loading=\"lazy\" decoding=\"async\" width=\"150\" height=\"150\" src=\"https:\/\/www.arquimaster.com.ar\/web\/wp-content\/uploads\/2024\/09\/departamento_paraguay_52_37-150x150.jpg\" class=\"attachment-thumbnail size-thumbnail\" alt=\"Departamento Paraguay 32 \/ VAMO\" aria-describedby=\"gallery-1-79732\" \/><\/a>\n\t\t\t<\/div>\n\t\t\t\t<figcaption class='wp-caption-text gallery-caption' id='gallery-1-79732'>\n\t\t\t\tDepartamento Paraguay 32 \/ VAMO (\u00a9 Bruto Studio)\n\t\t\t\t<\/figcaption><\/figure><figure class='gallery-item'>\n\t\t\t<div class='gallery-icon landscape'>\n\t\t\t\t<a href='https:\/\/www.arquimaster.com.ar\/web\/wp-content\/uploads\/2024\/09\/departamento_paraguay_52_38.jpg' title=\"Departamento Paraguay 32 \/ VAMO (\u00a9 Bruto Studio)\" data-rl_title=\"Departamento Paraguay 32 \/ VAMO (\u00a9 Bruto Studio)\" class=\"rl-gallery-link\" data-rl_caption=\"Departamento Paraguay 32 \/ VAMO (\u00a9 Bruto Studio)\" data-rel=\"lightbox-gallery-1\"><img loading=\"lazy\" decoding=\"async\" width=\"150\" height=\"150\" src=\"https:\/\/www.arquimaster.com.ar\/web\/wp-content\/uploads\/2024\/09\/departamento_paraguay_52_38-150x150.jpg\" class=\"attachment-thumbnail size-thumbnail\" alt=\"Departamento Paraguay 32 \/ VAMO\" aria-describedby=\"gallery-1-79733\" \/><\/a>\n\t\t\t<\/div>\n\t\t\t\t<figcaption class='wp-caption-text gallery-caption' id='gallery-1-79733'>\n\t\t\t\tDepartamento Paraguay 32 \/ VAMO (\u00a9 Bruto Studio)\n\t\t\t\t<\/figcaption><\/figure><figure class='gallery-item'>\n\t\t\t<div class='gallery-icon landscape'>\n\t\t\t\t<a href='https:\/\/www.arquimaster.com.ar\/web\/wp-content\/uploads\/2024\/09\/departamento_paraguay_52_39.jpg' title=\"Departamento Paraguay 32 \/ VAMO (\u00a9 Bruto Studio)\" data-rl_title=\"Departamento Paraguay 32 \/ VAMO (\u00a9 Bruto Studio)\" class=\"rl-gallery-link\" data-rl_caption=\"Departamento Paraguay 32 \/ VAMO (\u00a9 Bruto Studio)\" data-rel=\"lightbox-gallery-1\"><img loading=\"lazy\" decoding=\"async\" width=\"150\" height=\"150\" src=\"https:\/\/www.arquimaster.com.ar\/web\/wp-content\/uploads\/2024\/09\/departamento_paraguay_52_39-150x150.jpg\" class=\"attachment-thumbnail size-thumbnail\" alt=\"Departamento Paraguay 32 \/ VAMO\" aria-describedby=\"gallery-1-79734\" \/><\/a>\n\t\t\t<\/div>\n\t\t\t\t<figcaption class='wp-caption-text gallery-caption' id='gallery-1-79734'>\n\t\t\t\tDepartamento Paraguay 32 \/ VAMO (\u00a9 Bruto Studio)\n\t\t\t\t<\/figcaption><\/figure><figure class='gallery-item'>\n\t\t\t<div class='gallery-icon landscape'>\n\t\t\t\t<a href='https:\/\/www.arquimaster.com.ar\/web\/wp-content\/uploads\/2024\/09\/departamento_paraguay_52_30.jpg' title=\"Departamento Paraguay 32 \/ VAMO (implantaci\u00f3n)\" data-rl_title=\"Departamento Paraguay 32 \/ VAMO (implantaci\u00f3n)\" class=\"rl-gallery-link\" data-rl_caption=\"Departamento Paraguay 32 \/ VAMO (implantaci\u00f3n)\" data-rel=\"lightbox-gallery-1\"><img loading=\"lazy\" decoding=\"async\" width=\"150\" height=\"150\" src=\"https:\/\/www.arquimaster.com.ar\/web\/wp-content\/uploads\/2024\/09\/departamento_paraguay_52_30-150x150.jpg\" class=\"attachment-thumbnail size-thumbnail\" alt=\"Departamento Paraguay 32 \/ VAMO\" aria-describedby=\"gallery-1-79724\" \/><\/a>\n\t\t\t<\/div>\n\t\t\t\t<figcaption class='wp-caption-text gallery-caption' id='gallery-1-79724'>\n\t\t\t\tDepartamento Paraguay 32 \/ VAMO (implantaci\u00f3n)\n\t\t\t\t<\/figcaption><\/figure><figure class='gallery-item'>\n\t\t\t<div class='gallery-icon landscape'>\n\t\t\t\t<a href='https:\/\/www.arquimaster.com.ar\/web\/wp-content\/uploads\/2024\/09\/departamento_paraguay_52_31.jpg' title=\"Departamento Paraguay 32 \/ VAMO (planta intervenci\u00f3n)\" data-rl_title=\"Departamento Paraguay 32 \/ VAMO (planta intervenci\u00f3n)\" class=\"rl-gallery-link\" data-rl_caption=\"Departamento Paraguay 32 \/ VAMO (planta intervenci\u00f3n)\" data-rel=\"lightbox-gallery-1\"><img loading=\"lazy\" decoding=\"async\" width=\"150\" height=\"150\" src=\"https:\/\/www.arquimaster.com.ar\/web\/wp-content\/uploads\/2024\/09\/departamento_paraguay_52_31-150x150.jpg\" class=\"attachment-thumbnail size-thumbnail\" alt=\"Departamento Paraguay 32 \/ VAMO\" aria-describedby=\"gallery-1-79726\" \/><\/a>\n\t\t\t<\/div>\n\t\t\t\t<figcaption class='wp-caption-text gallery-caption' id='gallery-1-79726'>\n\t\t\t\tDepartamento Paraguay 32 \/ VAMO (planta intervenci\u00f3n)\n\t\t\t\t<\/figcaption><\/figure><figure class='gallery-item'>\n\t\t\t<div class='gallery-icon landscape'>\n\t\t\t\t<a href='https:\/\/www.arquimaster.com.ar\/web\/wp-content\/uploads\/2024\/09\/departamento_paraguay_52_32.jpg' title=\"Departamento Paraguay 32 \/ VAMO (planta estado anterior)\" data-rl_title=\"Departamento Paraguay 32 \/ VAMO (planta estado anterior)\" class=\"rl-gallery-link\" data-rl_caption=\"Departamento Paraguay 32 \/ VAMO (planta estado anterior)\" data-rel=\"lightbox-gallery-1\"><img loading=\"lazy\" decoding=\"async\" width=\"150\" height=\"150\" src=\"https:\/\/www.arquimaster.com.ar\/web\/wp-content\/uploads\/2024\/09\/departamento_paraguay_52_32-150x150.jpg\" class=\"attachment-thumbnail size-thumbnail\" alt=\"Departamento Paraguay 32 \/ VAMO\" aria-describedby=\"gallery-1-79727\" \/><\/a>\n\t\t\t<\/div>\n\t\t\t\t<figcaption class='wp-caption-text gallery-caption' id='gallery-1-79727'>\n\t\t\t\tDepartamento Paraguay 32 \/ VAMO (planta estado anterior)\n\t\t\t\t<\/figcaption><\/figure><figure class='gallery-item'>\n\t\t\t<div class='gallery-icon landscape'>\n\t\t\t\t<a href='https:\/\/www.arquimaster.com.ar\/web\/wp-content\/uploads\/2024\/09\/departamento_paraguay_52_33.jpg' title=\"Departamento Paraguay 32 \/ VAMO (cortes)\" data-rl_title=\"Departamento Paraguay 32 \/ VAMO (cortes)\" class=\"rl-gallery-link\" data-rl_caption=\"Departamento Paraguay 32 \/ VAMO (cortes)\" data-rel=\"lightbox-gallery-1\"><img loading=\"lazy\" decoding=\"async\" width=\"150\" height=\"150\" src=\"https:\/\/www.arquimaster.com.ar\/web\/wp-content\/uploads\/2024\/09\/departamento_paraguay_52_33-150x150.jpg\" class=\"attachment-thumbnail size-thumbnail\" alt=\"Departamento Paraguay 32 \/ VAMO\" aria-describedby=\"gallery-1-79728\" \/><\/a>\n\t\t\t<\/div>\n\t\t\t\t<figcaption class='wp-caption-text gallery-caption' id='gallery-1-79728'>\n\t\t\t\tDepartamento Paraguay 32 \/ VAMO (cortes)\n\t\t\t\t<\/figcaption><\/figure><figure class='gallery-item'>\n\t\t\t<div class='gallery-icon landscape'>\n\t\t\t\t<a href='https:\/\/www.arquimaster.com.ar\/web\/wp-content\/uploads\/2024\/09\/departamento_paraguay_52_34.jpg' title=\"Departamento Paraguay 32 \/ VAMO (vista)\" data-rl_title=\"Departamento Paraguay 32 \/ VAMO (vista)\" class=\"rl-gallery-link\" data-rl_caption=\"Departamento Paraguay 32 \/ VAMO (vista)\" data-rel=\"lightbox-gallery-1\"><img loading=\"lazy\" decoding=\"async\" width=\"150\" height=\"150\" src=\"https:\/\/www.arquimaster.com.ar\/web\/wp-content\/uploads\/2024\/09\/departamento_paraguay_52_34-150x150.jpg\" class=\"attachment-thumbnail size-thumbnail\" alt=\"Departamento Paraguay 32 \/ VAMO\" aria-describedby=\"gallery-1-79729\" \/><\/a>\n\t\t\t<\/div>\n\t\t\t\t<figcaption class='wp-caption-text gallery-caption' id='gallery-1-79729'>\n\t\t\t\tDepartamento Paraguay 32 \/ VAMO (vista)\n\t\t\t\t<\/figcaption><\/figure><figure class='gallery-item'>\n\t\t\t<div class='gallery-icon landscape'>\n\t\t\t\t<a href='https:\/\/www.arquimaster.com.ar\/web\/wp-content\/uploads\/2024\/09\/departamento_paraguay_52_35.jpg' title=\"Departamento Paraguay 32 \/ VAMO (axonometria intervenci\u00f3n)\" data-rl_title=\"Departamento Paraguay 32 \/ VAMO (axonometria intervenci\u00f3n)\" class=\"rl-gallery-link\" data-rl_caption=\"Departamento Paraguay 32 \/ VAMO (axonometria intervenci\u00f3n)\" data-rel=\"lightbox-gallery-1\"><img loading=\"lazy\" decoding=\"async\" width=\"150\" height=\"150\" src=\"https:\/\/www.arquimaster.com.ar\/web\/wp-content\/uploads\/2024\/09\/departamento_paraguay_52_35-150x150.jpg\" class=\"attachment-thumbnail size-thumbnail\" alt=\"Departamento Paraguay 32 \/ VAMO\" aria-describedby=\"gallery-1-79730\" \/><\/a>\n\t\t\t<\/div>\n\t\t\t\t<figcaption class='wp-caption-text gallery-caption' id='gallery-1-79730'>\n\t\t\t\tDepartamento Paraguay 32 \/ VAMO (axonometria intervenci\u00f3n)\n\t\t\t\t<\/figcaption><\/figure><figure class='gallery-item'>\n\t\t\t<div class='gallery-icon landscape'>\n\t\t\t\t<a href='https:\/\/www.arquimaster.com.ar\/web\/wp-content\/uploads\/2024\/09\/departamento_paraguay_52_36.jpg' title=\"Departamento Paraguay 32 \/ VAMO (axonometria estado anterior)\" data-rl_title=\"Departamento Paraguay 32 \/ VAMO (axonometria estado anterior)\" class=\"rl-gallery-link\" data-rl_caption=\"Departamento Paraguay 32 \/ VAMO (axonometria estado anterior)\" data-rel=\"lightbox-gallery-1\"><img loading=\"lazy\" decoding=\"async\" width=\"150\" height=\"150\" src=\"https:\/\/www.arquimaster.com.ar\/web\/wp-content\/uploads\/2024\/09\/departamento_paraguay_52_36-150x150.jpg\" class=\"attachment-thumbnail size-thumbnail\" alt=\"Departamento Paraguay 32 \/ VAMO\" aria-describedby=\"gallery-1-79731\" \/><\/a>\n\t\t\t<\/div>\n\t\t\t\t<figcaption class='wp-caption-text gallery-caption' id='gallery-1-79731'>\n\t\t\t\tDepartamento Paraguay 32 \/ VAMO (axonometria estado anterior)\n\t\t\t\t<\/figcaption><\/figure>\n\t\t<\/div>\n\n<p>Con esta premisa, se integran las habitaciones separadas para dar lugar a un nuevo modo de habitar. De la sala de estar -para la vida social-, del dormitorio -para el descanso- y de la cocina -como servicio-, pasamos a un espacio \u00fanico donde el mobiliario organiza la vida interior.<\/p>\n<p>La intervenci\u00f3n reimagina y actualiza el modo de habitar en este peque\u00f1o espacio, optimizando la distribuci\u00f3n de las \u00e1reas de guardado. Estas quedan detr\u00e1s de un panelado de madera que permite adaptarse a la necesidad del momento: funciona como placard, baulera, archivo, biblioteca o despensa. De esta forma, se libera por completo toda la superficie restante para ubicar solo lo netamente necesario.<\/p>\n\n\n<div style=\"height:20px\" aria-hidden=\"true\" class=\"wp-block-spacer\"><\/div>\n\n\n\n<p class=\"has-background\" style=\"background-color:#eaeaea\"><strong>Ficha t\u00e9cnica<\/strong><br>Nombre: Paraguay 32<br>Ubicaci\u00f3n: Recoleta, Ciudad de Buenos Aires, Argentina<br>Oficina de arquitectura: VAMO<br>Arquitectos a cargo: Federico Valverdi, Nicole Mosquera<br>Superficie construida: 32 m2<br>A\u00f1o finalizaci\u00f3n construcci\u00f3n: 2023<br>Fotograf\u00edas: Bruto Studio<br>Instagram: @estudio.vamo<\/p>\n\n\n\n<div style=\"height:40px\" aria-hidden=\"true\" class=\"wp-block-spacer\"><\/div>\n\n\n<p><em><strong>English version<\/strong><\/em><\/p>\n<p><em>This reform poses the challenge of reorganizing a typical apartment from the mid-20th century in Buenos Aires, of minimal dimensions, to adapt it to current times.<\/em><\/p>\n<p><em>With this premise, the separate rooms are integrated according to their function (previously determined), to give rise to a new way of living. Of the living room -for social life-, of the bedroom -for rest- and of the kitchen-as a service-, we move on to an open space where the furniture organizes the interior life.<\/em><\/p>\n<p><em>The intervention reimagines and updates the way of living in this small space, optimizing the distribution of storage areas. These are left behind a wooden panel that allows it to be adapted to the needs of the moment: it works as a closet, storage room, file, library or pantry. In this way, the entire remaining surface is completely freed to locate only what is clearly necessary.<\/em><\/p>\n<div style=\"font-size: 0px; height: 0px; line-height: 0px; margin: 0; padding: 0; clear: both;\"><\/div><div style=\"margin-top: 0px; margin-bottom: 0px;\" class=\"sharethis-inline-share-buttons\" ><\/div>","protected":false},"excerpt":{"rendered":"<p>Reforma que plantea la reorganizaci\u00f3n de un departamento de m\u00ednimas dimensiones&#8230;<\/p>\n","protected":false},"author":1,"featured_media":79694,"comment_status":"closed","ping_status":"closed","sticky":false,"template":"","format":"standard","meta":{"_uag_custom_page_level_css":"","footnotes":""},"categories":[79,1],"tags":[5581,14,16,249,2866,1511,7898,3141,6485,7897,569],"class_list":["post-79693","post","type-post","status-publish","format-standard","has-post-thumbnail","hentry","category-departamentos","category-proyecto","tag-apartamento","tag-argentina","tag-buenos-aires","tag-departamento","tag-federico-valverdi","tag-monoambiente","tag-nicole-mosquera","tag-recoleta","tag-reforma-de-apartamento","tag-vamo","tag-vivienda-minima","generate-columns","tablet-grid-50","mobile-grid-100","grid-parent","grid-50"],"yoast_head":"<!-- This site is optimized with the Yoast SEO plugin v27.3 - https:\/\/yoast.com\/product\/yoast-seo-wordpress\/ -->\n<title>Departamento Paraguay 32 \/ VAMO - Arquimaster<\/title>\n<meta name=\"description\" content=\"Reforma que plantea el reto de reorganizar un t\u00edpico departamento de mediados del siglo XX en Buenos Aires, de m\u00ednimas dimensiones.\" \/>\n<meta name=\"robots\" content=\"index, follow, max-snippet:-1, max-image-preview:large, max-video-preview:-1\" \/>\n<link rel=\"canonical\" href=\"https:\/\/www.arquimaster.com.ar\/web\/departamento-paraguay-32-vamo\/\" \/>\n<meta property=\"og:locale\" content=\"es_ES\" \/>\n<meta property=\"og:type\" content=\"article\" \/>\n<meta property=\"og:title\" content=\"Departamento Paraguay 32 \/ VAMO\" \/>\n<meta property=\"og:description\" content=\"Reforma que plantea el reto de reorganizar un t\u00edpico departamento de mediados del siglo XX en Buenos Aires, de m\u00ednimas dimensiones.\" \/>\n<meta property=\"og:url\" content=\"https:\/\/www.arquimaster.com.ar\/web\/departamento-paraguay-32-vamo\/\" \/>\n<meta property=\"og:site_name\" content=\"Arquimaster\" \/>\n<meta property=\"article:publisher\" content=\"http:\/\/www.facebook.com\/ARQUIMASTER.com.ar\" \/>\n<meta property=\"article:published_time\" content=\"2024-09-09T12:51:02+00:00\" \/>\n<meta property=\"article:modified_time\" content=\"2025-07-25T01:55:10+00:00\" \/>\n<meta property=\"og:image\" content=\"https:\/\/www.arquimaster.com.ar\/web\/wp-content\/uploads\/2024\/09\/departamento_paraguay_52_slide.jpg\" \/>\n\t<meta property=\"og:image:width\" content=\"698\" \/>\n\t<meta property=\"og:image:height\" content=\"364\" \/>\n\t<meta property=\"og:image:type\" content=\"image\/jpeg\" \/>\n<meta name=\"author\" content=\"Arquimaster\" \/>\n<meta name=\"twitter:card\" content=\"summary_large_image\" \/>\n<meta name=\"twitter:title\" content=\"Departamento Paraguay 32 \/ VAMO\" \/>\n<meta name=\"twitter:description\" content=\"Reforma que plantea el reto de reorganizar un t\u00edpico departamento de mediados del siglo XX en Buenos Aires, de m\u00ednimas dimensiones.\" \/>\n<meta name=\"twitter:image\" content=\"https:\/\/www.arquimaster.com.ar\/web\/wp-content\/uploads\/2024\/09\/departamento_paraguay_52_slide.jpg\" \/>\n<meta name=\"twitter:creator\" content=\"@arquimaster\" \/>\n<meta name=\"twitter:site\" content=\"@arquimaster\" \/>\n<meta name=\"twitter:label1\" content=\"Escrito por\" \/>\n\t<meta name=\"twitter:data1\" content=\"Arquimaster\" \/>\n\t<meta name=\"twitter:label2\" content=\"Tiempo de lectura\" \/>\n\t<meta name=\"twitter:data2\" content=\"2 minutos\" \/>\n<script type=\"application\/ld+json\" class=\"yoast-schema-graph\">{\"@context\":\"https:\\\/\\\/schema.org\",\"@graph\":[{\"@type\":\"Article\",\"@id\":\"https:\\\/\\\/www.arquimaster.com.ar\\\/web\\\/departamento-paraguay-32-vamo\\\/#article\",\"isPartOf\":{\"@id\":\"https:\\\/\\\/www.arquimaster.com.ar\\\/web\\\/departamento-paraguay-32-vamo\\\/\"},\"author\":{\"name\":\"Arquimaster\",\"@id\":\"https:\\\/\\\/www.arquimaster.com.ar\\\/web\\\/#\\\/schema\\\/person\\\/359e9f7c00193fcde068e0dd2ceb0028\"},\"headline\":\"Departamento Paraguay 32 \\\/ VAMO\",\"datePublished\":\"2024-09-09T12:51:02+00:00\",\"dateModified\":\"2025-07-25T01:55:10+00:00\",\"mainEntityOfPage\":{\"@id\":\"https:\\\/\\\/www.arquimaster.com.ar\\\/web\\\/departamento-paraguay-32-vamo\\\/\"},\"wordCount\":348,\"publisher\":{\"@id\":\"https:\\\/\\\/www.arquimaster.com.ar\\\/web\\\/#organization\"},\"image\":{\"@id\":\"https:\\\/\\\/www.arquimaster.com.ar\\\/web\\\/departamento-paraguay-32-vamo\\\/#primaryimage\"},\"thumbnailUrl\":\"https:\\\/\\\/www.arquimaster.com.ar\\\/web\\\/wp-content\\\/uploads\\\/2024\\\/09\\\/departamento_paraguay_52_slide.jpg\",\"keywords\":[\"apartamento\",\"Argentina\",\"Buenos Aires\",\"departamento\",\"Federico Valverdi\",\"monoambiente\",\"Nicole Mosquera\",\"Recoleta\",\"reforma de apartamento\",\"VAMO\",\"vivienda minima\"],\"articleSection\":[\"Departamentos y Lofts\",\"Proyecto\"],\"inLanguage\":\"es\"},{\"@type\":\"WebPage\",\"@id\":\"https:\\\/\\\/www.arquimaster.com.ar\\\/web\\\/departamento-paraguay-32-vamo\\\/\",\"url\":\"https:\\\/\\\/www.arquimaster.com.ar\\\/web\\\/departamento-paraguay-32-vamo\\\/\",\"name\":\"Departamento Paraguay 32 \\\/ VAMO - Arquimaster\",\"isPartOf\":{\"@id\":\"https:\\\/\\\/www.arquimaster.com.ar\\\/web\\\/#website\"},\"primaryImageOfPage\":{\"@id\":\"https:\\\/\\\/www.arquimaster.com.ar\\\/web\\\/departamento-paraguay-32-vamo\\\/#primaryimage\"},\"image\":{\"@id\":\"https:\\\/\\\/www.arquimaster.com.ar\\\/web\\\/departamento-paraguay-32-vamo\\\/#primaryimage\"},\"thumbnailUrl\":\"https:\\\/\\\/www.arquimaster.com.ar\\\/web\\\/wp-content\\\/uploads\\\/2024\\\/09\\\/departamento_paraguay_52_slide.jpg\",\"datePublished\":\"2024-09-09T12:51:02+00:00\",\"dateModified\":\"2025-07-25T01:55:10+00:00\",\"description\":\"Reforma que plantea el reto de reorganizar un t\u00edpico departamento de mediados del siglo XX en Buenos Aires, de m\u00ednimas dimensiones.\",\"breadcrumb\":{\"@id\":\"https:\\\/\\\/www.arquimaster.com.ar\\\/web\\\/departamento-paraguay-32-vamo\\\/#breadcrumb\"},\"inLanguage\":\"es\",\"potentialAction\":[{\"@type\":\"ReadAction\",\"target\":[\"https:\\\/\\\/www.arquimaster.com.ar\\\/web\\\/departamento-paraguay-32-vamo\\\/\"]}]},{\"@type\":\"ImageObject\",\"inLanguage\":\"es\",\"@id\":\"https:\\\/\\\/www.arquimaster.com.ar\\\/web\\\/departamento-paraguay-32-vamo\\\/#primaryimage\",\"url\":\"https:\\\/\\\/www.arquimaster.com.ar\\\/web\\\/wp-content\\\/uploads\\\/2024\\\/09\\\/departamento_paraguay_52_slide.jpg\",\"contentUrl\":\"https:\\\/\\\/www.arquimaster.com.ar\\\/web\\\/wp-content\\\/uploads\\\/2024\\\/09\\\/departamento_paraguay_52_slide.jpg\",\"width\":698,\"height\":364,\"caption\":\"Departamento Paraguay 32 \\\/ VAMO\"},{\"@type\":\"BreadcrumbList\",\"@id\":\"https:\\\/\\\/www.arquimaster.com.ar\\\/web\\\/departamento-paraguay-32-vamo\\\/#breadcrumb\",\"itemListElement\":[{\"@type\":\"ListItem\",\"position\":1,\"name\":\"Portada\",\"item\":\"https:\\\/\\\/www.arquimaster.com.ar\\\/web\\\/\"},{\"@type\":\"ListItem\",\"position\":2,\"name\":\"Departamento Paraguay 32 \\\/ VAMO\"}]},{\"@type\":\"WebSite\",\"@id\":\"https:\\\/\\\/www.arquimaster.com.ar\\\/web\\\/#website\",\"url\":\"https:\\\/\\\/www.arquimaster.com.ar\\\/web\\\/\",\"name\":\"Arquimaster\",\"description\":\"Web de arquitectura, dise\u00f1o y construccion\",\"publisher\":{\"@id\":\"https:\\\/\\\/www.arquimaster.com.ar\\\/web\\\/#organization\"},\"potentialAction\":[{\"@type\":\"SearchAction\",\"target\":{\"@type\":\"EntryPoint\",\"urlTemplate\":\"https:\\\/\\\/www.arquimaster.com.ar\\\/web\\\/?s={search_term_string}\"},\"query-input\":{\"@type\":\"PropertyValueSpecification\",\"valueRequired\":true,\"valueName\":\"search_term_string\"}}],\"inLanguage\":\"es\"},{\"@type\":\"Organization\",\"@id\":\"https:\\\/\\\/www.arquimaster.com.ar\\\/web\\\/#organization\",\"name\":\"Arquimaster\",\"url\":\"https:\\\/\\\/www.arquimaster.com.ar\\\/web\\\/\",\"logo\":{\"@type\":\"ImageObject\",\"inLanguage\":\"es\",\"@id\":\"https:\\\/\\\/www.arquimaster.com.ar\\\/web\\\/#\\\/schema\\\/logo\\\/image\\\/\",\"url\":\"https:\\\/\\\/www.arquimaster.com.ar\\\/web\\\/wp-content\\\/uploads\\\/2022\\\/06\\\/arquimaster.png\",\"contentUrl\":\"https:\\\/\\\/www.arquimaster.com.ar\\\/web\\\/wp-content\\\/uploads\\\/2022\\\/06\\\/arquimaster.png\",\"width\":594,\"height\":78,\"caption\":\"Arquimaster\"},\"image\":{\"@id\":\"https:\\\/\\\/www.arquimaster.com.ar\\\/web\\\/#\\\/schema\\\/logo\\\/image\\\/\"},\"sameAs\":[\"http:\\\/\\\/www.facebook.com\\\/ARQUIMASTER.com.ar\",\"https:\\\/\\\/x.com\\\/arquimaster\",\"https:\\\/\\\/www.instagram.com\\\/arquimasterblog\\\/\",\"https:\\\/\\\/www.linkedin.com\\\/company\\\/arquimaster\",\"https:\\\/\\\/www.pinterest.com\\\/arquimaster\",\"https:\\\/\\\/t.me\\\/arquimaster\"]},{\"@type\":\"Person\",\"@id\":\"https:\\\/\\\/www.arquimaster.com.ar\\\/web\\\/#\\\/schema\\\/person\\\/359e9f7c00193fcde068e0dd2ceb0028\",\"name\":\"Arquimaster\"}]}<\/script>\n<!-- \/ Yoast SEO plugin. -->","yoast_head_json":{"title":"Departamento Paraguay 32 \/ VAMO - Arquimaster","description":"Reforma que plantea el reto de reorganizar un t\u00edpico departamento de mediados del siglo XX en Buenos Aires, de m\u00ednimas dimensiones.","robots":{"index":"index","follow":"follow","max-snippet":"max-snippet:-1","max-image-preview":"max-image-preview:large","max-video-preview":"max-video-preview:-1"},"canonical":"https:\/\/www.arquimaster.com.ar\/web\/departamento-paraguay-32-vamo\/","og_locale":"es_ES","og_type":"article","og_title":"Departamento Paraguay 32 \/ VAMO","og_description":"Reforma que plantea el reto de reorganizar un t\u00edpico departamento de mediados del siglo XX en Buenos Aires, de m\u00ednimas dimensiones.","og_url":"https:\/\/www.arquimaster.com.ar\/web\/departamento-paraguay-32-vamo\/","og_site_name":"Arquimaster","article_publisher":"http:\/\/www.facebook.com\/ARQUIMASTER.com.ar","article_published_time":"2024-09-09T12:51:02+00:00","article_modified_time":"2025-07-25T01:55:10+00:00","og_image":[{"width":698,"height":364,"url":"https:\/\/www.arquimaster.com.ar\/web\/wp-content\/uploads\/2024\/09\/departamento_paraguay_52_slide.jpg","type":"image\/jpeg"}],"author":"Arquimaster","twitter_card":"summary_large_image","twitter_title":"Departamento Paraguay 32 \/ VAMO","twitter_description":"Reforma que plantea el reto de reorganizar un t\u00edpico departamento de mediados del siglo XX en Buenos Aires, de m\u00ednimas dimensiones.","twitter_image":"https:\/\/www.arquimaster.com.ar\/web\/wp-content\/uploads\/2024\/09\/departamento_paraguay_52_slide.jpg","twitter_creator":"@arquimaster","twitter_site":"@arquimaster","twitter_misc":{"Escrito por":"Arquimaster","Tiempo de lectura":"2 minutos"},"schema":{"@context":"https:\/\/schema.org","@graph":[{"@type":"Article","@id":"https:\/\/www.arquimaster.com.ar\/web\/departamento-paraguay-32-vamo\/#article","isPartOf":{"@id":"https:\/\/www.arquimaster.com.ar\/web\/departamento-paraguay-32-vamo\/"},"author":{"name":"Arquimaster","@id":"https:\/\/www.arquimaster.com.ar\/web\/#\/schema\/person\/359e9f7c00193fcde068e0dd2ceb0028"},"headline":"Departamento Paraguay 32 \/ VAMO","datePublished":"2024-09-09T12:51:02+00:00","dateModified":"2025-07-25T01:55:10+00:00","mainEntityOfPage":{"@id":"https:\/\/www.arquimaster.com.ar\/web\/departamento-paraguay-32-vamo\/"},"wordCount":348,"publisher":{"@id":"https:\/\/www.arquimaster.com.ar\/web\/#organization"},"image":{"@id":"https:\/\/www.arquimaster.com.ar\/web\/departamento-paraguay-32-vamo\/#primaryimage"},"thumbnailUrl":"https:\/\/www.arquimaster.com.ar\/web\/wp-content\/uploads\/2024\/09\/departamento_paraguay_52_slide.jpg","keywords":["apartamento","Argentina","Buenos Aires","departamento","Federico Valverdi","monoambiente","Nicole Mosquera","Recoleta","reforma de apartamento","VAMO","vivienda minima"],"articleSection":["Departamentos y Lofts","Proyecto"],"inLanguage":"es"},{"@type":"WebPage","@id":"https:\/\/www.arquimaster.com.ar\/web\/departamento-paraguay-32-vamo\/","url":"https:\/\/www.arquimaster.com.ar\/web\/departamento-paraguay-32-vamo\/","name":"Departamento Paraguay 32 \/ VAMO - Arquimaster","isPartOf":{"@id":"https:\/\/www.arquimaster.com.ar\/web\/#website"},"primaryImageOfPage":{"@id":"https:\/\/www.arquimaster.com.ar\/web\/departamento-paraguay-32-vamo\/#primaryimage"},"image":{"@id":"https:\/\/www.arquimaster.com.ar\/web\/departamento-paraguay-32-vamo\/#primaryimage"},"thumbnailUrl":"https:\/\/www.arquimaster.com.ar\/web\/wp-content\/uploads\/2024\/09\/departamento_paraguay_52_slide.jpg","datePublished":"2024-09-09T12:51:02+00:00","dateModified":"2025-07-25T01:55:10+00:00","description":"Reforma que plantea el reto de reorganizar un t\u00edpico departamento de mediados del siglo XX en Buenos Aires, de m\u00ednimas dimensiones.","breadcrumb":{"@id":"https:\/\/www.arquimaster.com.ar\/web\/departamento-paraguay-32-vamo\/#breadcrumb"},"inLanguage":"es","potentialAction":[{"@type":"ReadAction","target":["https:\/\/www.arquimaster.com.ar\/web\/departamento-paraguay-32-vamo\/"]}]},{"@type":"ImageObject","inLanguage":"es","@id":"https:\/\/www.arquimaster.com.ar\/web\/departamento-paraguay-32-vamo\/#primaryimage","url":"https:\/\/www.arquimaster.com.ar\/web\/wp-content\/uploads\/2024\/09\/departamento_paraguay_52_slide.jpg","contentUrl":"https:\/\/www.arquimaster.com.ar\/web\/wp-content\/uploads\/2024\/09\/departamento_paraguay_52_slide.jpg","width":698,"height":364,"caption":"Departamento Paraguay 32 \/ VAMO"},{"@type":"BreadcrumbList","@id":"https:\/\/www.arquimaster.com.ar\/web\/departamento-paraguay-32-vamo\/#breadcrumb","itemListElement":[{"@type":"ListItem","position":1,"name":"Portada","item":"https:\/\/www.arquimaster.com.ar\/web\/"},{"@type":"ListItem","position":2,"name":"Departamento Paraguay 32 \/ VAMO"}]},{"@type":"WebSite","@id":"https:\/\/www.arquimaster.com.ar\/web\/#website","url":"https:\/\/www.arquimaster.com.ar\/web\/","name":"Arquimaster","description":"Web de arquitectura, dise\u00f1o y construccion","publisher":{"@id":"https:\/\/www.arquimaster.com.ar\/web\/#organization"},"potentialAction":[{"@type":"SearchAction","target":{"@type":"EntryPoint","urlTemplate":"https:\/\/www.arquimaster.com.ar\/web\/?s={search_term_string}"},"query-input":{"@type":"PropertyValueSpecification","valueRequired":true,"valueName":"search_term_string"}}],"inLanguage":"es"},{"@type":"Organization","@id":"https:\/\/www.arquimaster.com.ar\/web\/#organization","name":"Arquimaster","url":"https:\/\/www.arquimaster.com.ar\/web\/","logo":{"@type":"ImageObject","inLanguage":"es","@id":"https:\/\/www.arquimaster.com.ar\/web\/#\/schema\/logo\/image\/","url":"https:\/\/www.arquimaster.com.ar\/web\/wp-content\/uploads\/2022\/06\/arquimaster.png","contentUrl":"https:\/\/www.arquimaster.com.ar\/web\/wp-content\/uploads\/2022\/06\/arquimaster.png","width":594,"height":78,"caption":"Arquimaster"},"image":{"@id":"https:\/\/www.arquimaster.com.ar\/web\/#\/schema\/logo\/image\/"},"sameAs":["http:\/\/www.facebook.com\/ARQUIMASTER.com.ar","https:\/\/x.com\/arquimaster","https:\/\/www.instagram.com\/arquimasterblog\/","https:\/\/www.linkedin.com\/company\/arquimaster","https:\/\/www.pinterest.com\/arquimaster","https:\/\/t.me\/arquimaster"]},{"@type":"Person","@id":"https:\/\/www.arquimaster.com.ar\/web\/#\/schema\/person\/359e9f7c00193fcde068e0dd2ceb0028","name":"Arquimaster"}]}},"uagb_featured_image_src":{"full":["https:\/\/www.arquimaster.com.ar\/web\/wp-content\/uploads\/2024\/09\/departamento_paraguay_52_slide.jpg",698,364,false],"thumbnail":["https:\/\/www.arquimaster.com.ar\/web\/wp-content\/uploads\/2024\/09\/departamento_paraguay_52_slide-150x150.jpg",150,150,true],"medium":["https:\/\/www.arquimaster.com.ar\/web\/wp-content\/uploads\/2024\/09\/departamento_paraguay_52_slide.jpg",698,364,false],"medium_large":["https:\/\/www.arquimaster.com.ar\/web\/wp-content\/uploads\/2024\/09\/departamento_paraguay_52_slide.jpg",698,364,false],"large":["https:\/\/www.arquimaster.com.ar\/web\/wp-content\/uploads\/2024\/09\/departamento_paraguay_52_slide.jpg",698,364,false],"1536x1536":["https:\/\/www.arquimaster.com.ar\/web\/wp-content\/uploads\/2024\/09\/departamento_paraguay_52_slide.jpg",698,364,false],"2048x2048":["https:\/\/www.arquimaster.com.ar\/web\/wp-content\/uploads\/2024\/09\/departamento_paraguay_52_slide.jpg",698,364,false]},"uagb_author_info":{"display_name":"Arquimaster","author_link":"https:\/\/www.arquimaster.com.ar\/web\/author\/arquimaster\/"},"uagb_comment_info":0,"uagb_excerpt":"Reforma que plantea la reorganizaci\u00f3n de un departamento de m\u00ednimas dimensiones...","_links":{"self":[{"href":"https:\/\/www.arquimaster.com.ar\/web\/wp-json\/wp\/v2\/posts\/79693","targetHints":{"allow":["GET"]}}],"collection":[{"href":"https:\/\/www.arquimaster.com.ar\/web\/wp-json\/wp\/v2\/posts"}],"about":[{"href":"https:\/\/www.arquimaster.com.ar\/web\/wp-json\/wp\/v2\/types\/post"}],"author":[{"embeddable":true,"href":"https:\/\/www.arquimaster.com.ar\/web\/wp-json\/wp\/v2\/users\/1"}],"replies":[{"embeddable":true,"href":"https:\/\/www.arquimaster.com.ar\/web\/wp-json\/wp\/v2\/comments?post=79693"}],"version-history":[{"count":3,"href":"https:\/\/www.arquimaster.com.ar\/web\/wp-json\/wp\/v2\/posts\/79693\/revisions"}],"predecessor-version":[{"id":85163,"href":"https:\/\/www.arquimaster.com.ar\/web\/wp-json\/wp\/v2\/posts\/79693\/revisions\/85163"}],"wp:featuredmedia":[{"embeddable":true,"href":"https:\/\/www.arquimaster.com.ar\/web\/wp-json\/wp\/v2\/media\/79694"}],"wp:attachment":[{"href":"https:\/\/www.arquimaster.com.ar\/web\/wp-json\/wp\/v2\/media?parent=79693"}],"wp:term":[{"taxonomy":"category","embeddable":true,"href":"https:\/\/www.arquimaster.com.ar\/web\/wp-json\/wp\/v2\/categories?post=79693"},{"taxonomy":"post_tag","embeddable":true,"href":"https:\/\/www.arquimaster.com.ar\/web\/wp-json\/wp\/v2\/tags?post=79693"}],"curies":[{"name":"wp","href":"https:\/\/api.w.org\/{rel}","templated":true}]}}