{"id":80278,"date":"2024-09-13T13:53:05","date_gmt":"2024-09-13T16:53:05","guid":{"rendered":"https:\/\/www.arquimaster.com.ar\/web\/?p=80278"},"modified":"2025-07-24T22:36:39","modified_gmt":"2025-07-25T01:36:39","slug":"adama-lab-arco-arquitectura-contemporanea","status":"publish","type":"post","link":"https:\/\/www.arquimaster.com.ar\/web\/adama-lab-arco-arquitectura-contemporanea\/","title":{"rendered":"Adam\u00e1 Lab \/ ARCO Arquitectura Contempor\u00e1nea"},"content":{"rendered":"<div style=\"margin-top: 0px; margin-bottom: 0px;\" class=\"sharethis-inline-share-buttons\" ><\/div><div class=\"b812932af2e751442846f039925109de\" data-index=\"1\" style=\"float: none; margin:25px 0 25px 0; text-align:center;\">\n<script async src=\"https:\/\/pagead2.googlesyndication.com\/pagead\/js\/adsbygoogle.js\"><\/script>\r\n<!-- Arquimaster (superior) -->\r\n<ins class=\"adsbygoogle\"\r\n     style=\"display:block\"\r\n     data-ad-client=\"ca-pub-6351072698456832\"\r\n     data-ad-slot=\"6455489680\"\r\n     data-ad-format=\"auto\"\r\n     data-full-width-responsive=\"true\"><\/ins>\r\n<script>\r\n     (adsbygoogle = window.adsbygoogle || []).push({});\r\n<\/script>\n<\/div>\n<p><strong>Adam\u00e1 Lab<\/strong> (Ciudad de M\u00e9xico, M\u00e9xico) por <strong>ARCO Arquitectura Contempor\u00e1nea<\/strong>. La plaza Adam\u00e1 LAB fue creada como parte de i.d.e.a. Lab, un exitoso proyecto l\u00fadico que ARCO Arquitectura Contempor\u00e1nea realiz\u00f3 para el Colegio Israelita de M\u00e9xico. El proyecto cuenta con un \u00e1rea de camas de cultivo, huertos medicinales, un peque\u00f1o invernadero para hidropon\u00eda, \u00e1reas de compostaje y un green corner que es un \u00e1rea dedicada al proceso de los alimentos que se cultivan.<\/p>\n<div id='gallery-1' class='gallery galleryid-80278 gallery-columns-3 gallery-size-thumbnail'><figure class='gallery-item'>\n\t\t\t<div class='gallery-icon landscape'>\n\t\t\t\t<a href='https:\/\/www.arquimaster.com.ar\/web\/wp-content\/uploads\/2024\/09\/adama_lab_1.jpg' title=\"Adam\u00e1 Lab \/ ARCO Arquitectura Contempor\u00e1nea (\u00a9 Jaime Navarro)\" data-rl_title=\"Adam\u00e1 Lab \/ ARCO Arquitectura Contempor\u00e1nea (\u00a9 Jaime Navarro)\" class=\"rl-gallery-link\" data-rl_caption=\"Adam\u00e1 Lab \/ ARCO Arquitectura Contempor\u00e1nea (\u00a9 Jaime Navarro)\" data-rel=\"lightbox-gallery-1\"><img loading=\"lazy\" decoding=\"async\" width=\"150\" height=\"150\" src=\"https:\/\/www.arquimaster.com.ar\/web\/wp-content\/uploads\/2024\/09\/adama_lab_1-150x150.jpg\" class=\"attachment-thumbnail size-thumbnail\" alt=\"Adam\u00e1 Lab \/ ARCO Arquitectura Contempor\u00e1nea\" aria-describedby=\"gallery-1-80280\" \/><\/a>\n\t\t\t<\/div>\n\t\t\t\t<figcaption class='wp-caption-text gallery-caption' id='gallery-1-80280'>\n\t\t\t\tAdam\u00e1 Lab \/ ARCO Arquitectura Contempor\u00e1nea (\u00a9 Jaime Navarro)\n\t\t\t\t<\/figcaption><\/figure><figure class='gallery-item'>\n\t\t\t<div class='gallery-icon landscape'>\n\t\t\t\t<a href='https:\/\/www.arquimaster.com.ar\/web\/wp-content\/uploads\/2024\/09\/adama_lab_2.jpg' title=\"Adam\u00e1 Lab \/ ARCO Arquitectura Contempor\u00e1nea (\u00a9 Jaime Navarro)\" data-rl_title=\"Adam\u00e1 Lab \/ ARCO Arquitectura Contempor\u00e1nea (\u00a9 Jaime Navarro)\" class=\"rl-gallery-link\" data-rl_caption=\"Adam\u00e1 Lab \/ ARCO Arquitectura Contempor\u00e1nea (\u00a9 Jaime Navarro)\" data-rel=\"lightbox-gallery-1\"><img loading=\"lazy\" decoding=\"async\" width=\"150\" height=\"150\" src=\"https:\/\/www.arquimaster.com.ar\/web\/wp-content\/uploads\/2024\/09\/adama_lab_2-150x150.jpg\" class=\"attachment-thumbnail size-thumbnail\" alt=\"Adam\u00e1 Lab \/ ARCO Arquitectura Contempor\u00e1nea\" aria-describedby=\"gallery-1-80281\" \/><\/a>\n\t\t\t<\/div>\n\t\t\t\t<figcaption class='wp-caption-text gallery-caption' id='gallery-1-80281'>\n\t\t\t\tAdam\u00e1 Lab \/ ARCO Arquitectura Contempor\u00e1nea (\u00a9 Jaime Navarro)\n\t\t\t\t<\/figcaption><\/figure><figure class='gallery-item'>\n\t\t\t<div class='gallery-icon landscape'>\n\t\t\t\t<a href='https:\/\/www.arquimaster.com.ar\/web\/wp-content\/uploads\/2024\/09\/adama_lab_3.jpg' title=\"Adam\u00e1 Lab \/ ARCO Arquitectura Contempor\u00e1nea (\u00a9 Jaime Navarro)\" data-rl_title=\"Adam\u00e1 Lab \/ ARCO Arquitectura Contempor\u00e1nea (\u00a9 Jaime Navarro)\" class=\"rl-gallery-link\" data-rl_caption=\"Adam\u00e1 Lab \/ ARCO Arquitectura Contempor\u00e1nea (\u00a9 Jaime Navarro)\" data-rel=\"lightbox-gallery-1\"><img loading=\"lazy\" decoding=\"async\" width=\"150\" height=\"150\" src=\"https:\/\/www.arquimaster.com.ar\/web\/wp-content\/uploads\/2024\/09\/adama_lab_3-150x150.jpg\" class=\"attachment-thumbnail size-thumbnail\" alt=\"Adam\u00e1 Lab \/ ARCO Arquitectura Contempor\u00e1nea\" aria-describedby=\"gallery-1-80282\" \/><\/a>\n\t\t\t<\/div>\n\t\t\t\t<figcaption class='wp-caption-text gallery-caption' id='gallery-1-80282'>\n\t\t\t\tAdam\u00e1 Lab \/ ARCO Arquitectura Contempor\u00e1nea (\u00a9 Jaime Navarro)\n\t\t\t\t<\/figcaption><\/figure><figure class='gallery-item'>\n\t\t\t<div class='gallery-icon landscape'>\n\t\t\t\t<a href='https:\/\/www.arquimaster.com.ar\/web\/wp-content\/uploads\/2024\/09\/adama_lab_4.jpg' title=\"Adam\u00e1 Lab \/ ARCO Arquitectura Contempor\u00e1nea (\u00a9 Jaime Navarro)\" data-rl_title=\"Adam\u00e1 Lab \/ ARCO Arquitectura Contempor\u00e1nea (\u00a9 Jaime Navarro)\" class=\"rl-gallery-link\" data-rl_caption=\"Adam\u00e1 Lab \/ ARCO Arquitectura Contempor\u00e1nea (\u00a9 Jaime Navarro)\" data-rel=\"lightbox-gallery-1\"><img loading=\"lazy\" decoding=\"async\" width=\"150\" height=\"150\" src=\"https:\/\/www.arquimaster.com.ar\/web\/wp-content\/uploads\/2024\/09\/adama_lab_4-150x150.jpg\" class=\"attachment-thumbnail size-thumbnail\" alt=\"Adam\u00e1 Lab \/ ARCO Arquitectura Contempor\u00e1nea\" aria-describedby=\"gallery-1-80283\" \/><\/a>\n\t\t\t<\/div>\n\t\t\t\t<figcaption class='wp-caption-text gallery-caption' id='gallery-1-80283'>\n\t\t\t\tAdam\u00e1 Lab \/ ARCO Arquitectura Contempor\u00e1nea (\u00a9 Jaime Navarro)\n\t\t\t\t<\/figcaption><\/figure><figure class='gallery-item'>\n\t\t\t<div class='gallery-icon landscape'>\n\t\t\t\t<a href='https:\/\/www.arquimaster.com.ar\/web\/wp-content\/uploads\/2024\/09\/adama_lab_5.jpg' title=\"Adam\u00e1 Lab \/ ARCO Arquitectura Contempor\u00e1nea (\u00a9 Jaime Navarro)\" data-rl_title=\"Adam\u00e1 Lab \/ ARCO Arquitectura Contempor\u00e1nea (\u00a9 Jaime Navarro)\" class=\"rl-gallery-link\" data-rl_caption=\"Adam\u00e1 Lab \/ ARCO Arquitectura Contempor\u00e1nea (\u00a9 Jaime Navarro)\" data-rel=\"lightbox-gallery-1\"><img loading=\"lazy\" decoding=\"async\" width=\"150\" height=\"150\" src=\"https:\/\/www.arquimaster.com.ar\/web\/wp-content\/uploads\/2024\/09\/adama_lab_5-150x150.jpg\" class=\"attachment-thumbnail size-thumbnail\" alt=\"Adam\u00e1 Lab \/ ARCO Arquitectura Contempor\u00e1nea\" aria-describedby=\"gallery-1-80284\" \/><\/a>\n\t\t\t<\/div>\n\t\t\t\t<figcaption class='wp-caption-text gallery-caption' id='gallery-1-80284'>\n\t\t\t\tAdam\u00e1 Lab \/ ARCO Arquitectura Contempor\u00e1nea (\u00a9 Jaime Navarro)\n\t\t\t\t<\/figcaption><\/figure><figure class='gallery-item'>\n\t\t\t<div class='gallery-icon landscape'>\n\t\t\t\t<a href='https:\/\/www.arquimaster.com.ar\/web\/wp-content\/uploads\/2024\/09\/adama_lab_6.jpg' title=\"Adam\u00e1 Lab \/ ARCO Arquitectura Contempor\u00e1nea (\u00a9 Jaime Navarro)\" data-rl_title=\"Adam\u00e1 Lab \/ ARCO Arquitectura Contempor\u00e1nea (\u00a9 Jaime Navarro)\" class=\"rl-gallery-link\" data-rl_caption=\"Adam\u00e1 Lab \/ ARCO Arquitectura Contempor\u00e1nea (\u00a9 Jaime Navarro)\" data-rel=\"lightbox-gallery-1\"><img loading=\"lazy\" decoding=\"async\" width=\"150\" height=\"150\" src=\"https:\/\/www.arquimaster.com.ar\/web\/wp-content\/uploads\/2024\/09\/adama_lab_6-150x150.jpg\" class=\"attachment-thumbnail size-thumbnail\" alt=\"Adam\u00e1 Lab \/ ARCO Arquitectura Contempor\u00e1nea\" aria-describedby=\"gallery-1-80285\" \/><\/a>\n\t\t\t<\/div>\n\t\t\t\t<figcaption class='wp-caption-text gallery-caption' id='gallery-1-80285'>\n\t\t\t\tAdam\u00e1 Lab \/ ARCO Arquitectura Contempor\u00e1nea (\u00a9 Jaime Navarro)\n\t\t\t\t<\/figcaption><\/figure><figure class='gallery-item'>\n\t\t\t<div class='gallery-icon landscape'>\n\t\t\t\t<a href='https:\/\/www.arquimaster.com.ar\/web\/wp-content\/uploads\/2024\/09\/adama_lab_7.jpg' title=\"Adam\u00e1 Lab \/ ARCO Arquitectura Contempor\u00e1nea (\u00a9 Jaime Navarro)\" data-rl_title=\"Adam\u00e1 Lab \/ ARCO Arquitectura Contempor\u00e1nea (\u00a9 Jaime Navarro)\" class=\"rl-gallery-link\" data-rl_caption=\"Adam\u00e1 Lab \/ ARCO Arquitectura Contempor\u00e1nea (\u00a9 Jaime Navarro)\" data-rel=\"lightbox-gallery-1\"><img loading=\"lazy\" decoding=\"async\" width=\"150\" height=\"150\" src=\"https:\/\/www.arquimaster.com.ar\/web\/wp-content\/uploads\/2024\/09\/adama_lab_7-150x150.jpg\" class=\"attachment-thumbnail size-thumbnail\" alt=\"Adam\u00e1 Lab \/ ARCO Arquitectura Contempor\u00e1nea\" aria-describedby=\"gallery-1-80286\" \/><\/a>\n\t\t\t<\/div>\n\t\t\t\t<figcaption class='wp-caption-text gallery-caption' id='gallery-1-80286'>\n\t\t\t\tAdam\u00e1 Lab \/ ARCO Arquitectura Contempor\u00e1nea (\u00a9 Jaime Navarro)\n\t\t\t\t<\/figcaption><\/figure><figure class='gallery-item'>\n\t\t\t<div class='gallery-icon landscape'>\n\t\t\t\t<a href='https:\/\/www.arquimaster.com.ar\/web\/wp-content\/uploads\/2024\/09\/adama_lab_8.jpg' title=\"Adam\u00e1 Lab \/ ARCO Arquitectura Contempor\u00e1nea (\u00a9 Jaime Navarro)\" data-rl_title=\"Adam\u00e1 Lab \/ ARCO Arquitectura Contempor\u00e1nea (\u00a9 Jaime Navarro)\" class=\"rl-gallery-link\" data-rl_caption=\"Adam\u00e1 Lab \/ ARCO Arquitectura Contempor\u00e1nea (\u00a9 Jaime Navarro)\" data-rel=\"lightbox-gallery-1\"><img loading=\"lazy\" decoding=\"async\" width=\"150\" height=\"150\" src=\"https:\/\/www.arquimaster.com.ar\/web\/wp-content\/uploads\/2024\/09\/adama_lab_8-150x150.jpg\" class=\"attachment-thumbnail size-thumbnail\" alt=\"Adam\u00e1 Lab \/ ARCO Arquitectura Contempor\u00e1nea\" aria-describedby=\"gallery-1-80287\" \/><\/a>\n\t\t\t<\/div>\n\t\t\t\t<figcaption class='wp-caption-text gallery-caption' id='gallery-1-80287'>\n\t\t\t\tAdam\u00e1 Lab \/ ARCO Arquitectura Contempor\u00e1nea (\u00a9 Jaime Navarro)\n\t\t\t\t<\/figcaption><\/figure><figure class='gallery-item'>\n\t\t\t<div class='gallery-icon landscape'>\n\t\t\t\t<a href='https:\/\/www.arquimaster.com.ar\/web\/wp-content\/uploads\/2024\/09\/adama_lab_9.jpg' title=\"Adam\u00e1 Lab \/ ARCO Arquitectura Contempor\u00e1nea (\u00a9 Jaime Navarro)\" data-rl_title=\"Adam\u00e1 Lab \/ ARCO Arquitectura Contempor\u00e1nea (\u00a9 Jaime Navarro)\" class=\"rl-gallery-link\" data-rl_caption=\"Adam\u00e1 Lab \/ ARCO Arquitectura Contempor\u00e1nea (\u00a9 Jaime Navarro)\" data-rel=\"lightbox-gallery-1\"><img loading=\"lazy\" decoding=\"async\" width=\"150\" height=\"150\" src=\"https:\/\/www.arquimaster.com.ar\/web\/wp-content\/uploads\/2024\/09\/adama_lab_9-150x150.jpg\" class=\"attachment-thumbnail size-thumbnail\" alt=\"Adam\u00e1 Lab \/ ARCO Arquitectura Contempor\u00e1nea\" aria-describedby=\"gallery-1-80288\" \/><\/a>\n\t\t\t<\/div>\n\t\t\t\t<figcaption class='wp-caption-text gallery-caption' id='gallery-1-80288'>\n\t\t\t\tAdam\u00e1 Lab \/ ARCO Arquitectura Contempor\u00e1nea (\u00a9 Jaime Navarro)\n\t\t\t\t<\/figcaption><\/figure><figure class='gallery-item'>\n\t\t\t<div class='gallery-icon landscape'>\n\t\t\t\t<a href='https:\/\/www.arquimaster.com.ar\/web\/wp-content\/uploads\/2024\/09\/adama_lab_10.jpg' title=\"Adam\u00e1 Lab \/ ARCO Arquitectura Contempor\u00e1nea (\u00a9 Jaime Navarro)\" data-rl_title=\"Adam\u00e1 Lab \/ ARCO Arquitectura Contempor\u00e1nea (\u00a9 Jaime Navarro)\" class=\"rl-gallery-link\" data-rl_caption=\"Adam\u00e1 Lab \/ ARCO Arquitectura Contempor\u00e1nea (\u00a9 Jaime Navarro)\" data-rel=\"lightbox-gallery-1\"><img loading=\"lazy\" decoding=\"async\" width=\"150\" height=\"150\" src=\"https:\/\/www.arquimaster.com.ar\/web\/wp-content\/uploads\/2024\/09\/adama_lab_10-150x150.jpg\" class=\"attachment-thumbnail size-thumbnail\" alt=\"Adam\u00e1 Lab \/ ARCO Arquitectura Contempor\u00e1nea\" aria-describedby=\"gallery-1-80289\" \/><\/a>\n\t\t\t<\/div>\n\t\t\t\t<figcaption class='wp-caption-text gallery-caption' id='gallery-1-80289'>\n\t\t\t\tAdam\u00e1 Lab \/ ARCO Arquitectura Contempor\u00e1nea (\u00a9 Jaime Navarro)\n\t\t\t\t<\/figcaption><\/figure><figure class='gallery-item'>\n\t\t\t<div class='gallery-icon landscape'>\n\t\t\t\t<a href='https:\/\/www.arquimaster.com.ar\/web\/wp-content\/uploads\/2024\/09\/adama_lab_11.jpg' title=\"Adam\u00e1 Lab \/ ARCO Arquitectura Contempor\u00e1nea (\u00a9 Jaime Navarro)\" data-rl_title=\"Adam\u00e1 Lab \/ ARCO Arquitectura Contempor\u00e1nea (\u00a9 Jaime Navarro)\" class=\"rl-gallery-link\" data-rl_caption=\"Adam\u00e1 Lab \/ ARCO Arquitectura Contempor\u00e1nea (\u00a9 Jaime Navarro)\" data-rel=\"lightbox-gallery-1\"><img loading=\"lazy\" decoding=\"async\" width=\"150\" height=\"150\" src=\"https:\/\/www.arquimaster.com.ar\/web\/wp-content\/uploads\/2024\/09\/adama_lab_11-150x150.jpg\" class=\"attachment-thumbnail size-thumbnail\" alt=\"Adam\u00e1 Lab \/ ARCO Arquitectura Contempor\u00e1nea\" aria-describedby=\"gallery-1-80290\" \/><\/a>\n\t\t\t<\/div>\n\t\t\t\t<figcaption class='wp-caption-text gallery-caption' id='gallery-1-80290'>\n\t\t\t\tAdam\u00e1 Lab \/ ARCO Arquitectura Contempor\u00e1nea (\u00a9 Jaime Navarro)\n\t\t\t\t<\/figcaption><\/figure><figure class='gallery-item'>\n\t\t\t<div class='gallery-icon landscape'>\n\t\t\t\t<a href='https:\/\/www.arquimaster.com.ar\/web\/wp-content\/uploads\/2024\/09\/adama_lab_12.jpg' title=\"Adam\u00e1 Lab \/ ARCO Arquitectura Contempor\u00e1nea (\u00a9 Jaime Navarro)\" data-rl_title=\"Adam\u00e1 Lab \/ ARCO Arquitectura Contempor\u00e1nea (\u00a9 Jaime Navarro)\" class=\"rl-gallery-link\" data-rl_caption=\"Adam\u00e1 Lab \/ ARCO Arquitectura Contempor\u00e1nea (\u00a9 Jaime Navarro)\" data-rel=\"lightbox-gallery-1\"><img loading=\"lazy\" decoding=\"async\" width=\"150\" height=\"150\" src=\"https:\/\/www.arquimaster.com.ar\/web\/wp-content\/uploads\/2024\/09\/adama_lab_12-150x150.jpg\" class=\"attachment-thumbnail size-thumbnail\" alt=\"Adam\u00e1 Lab \/ ARCO Arquitectura Contempor\u00e1nea\" aria-describedby=\"gallery-1-80291\" \/><\/a>\n\t\t\t<\/div>\n\t\t\t\t<figcaption class='wp-caption-text gallery-caption' id='gallery-1-80291'>\n\t\t\t\tAdam\u00e1 Lab \/ ARCO Arquitectura Contempor\u00e1nea (\u00a9 Jaime Navarro)\n\t\t\t\t<\/figcaption><\/figure><figure class='gallery-item'>\n\t\t\t<div class='gallery-icon landscape'>\n\t\t\t\t<a href='https:\/\/www.arquimaster.com.ar\/web\/wp-content\/uploads\/2024\/09\/adama_lab_13.jpg' title=\"Adam\u00e1 Lab \/ ARCO Arquitectura Contempor\u00e1nea (\u00a9 Jaime Navarro)\" data-rl_title=\"Adam\u00e1 Lab \/ ARCO Arquitectura Contempor\u00e1nea (\u00a9 Jaime Navarro)\" class=\"rl-gallery-link\" data-rl_caption=\"Adam\u00e1 Lab \/ ARCO Arquitectura Contempor\u00e1nea (\u00a9 Jaime Navarro)\" data-rel=\"lightbox-gallery-1\"><img loading=\"lazy\" decoding=\"async\" width=\"150\" height=\"150\" src=\"https:\/\/www.arquimaster.com.ar\/web\/wp-content\/uploads\/2024\/09\/adama_lab_13-150x150.jpg\" class=\"attachment-thumbnail size-thumbnail\" alt=\"Adam\u00e1 Lab \/ ARCO Arquitectura Contempor\u00e1nea\" aria-describedby=\"gallery-1-80292\" \/><\/a>\n\t\t\t<\/div>\n\t\t\t\t<figcaption class='wp-caption-text gallery-caption' id='gallery-1-80292'>\n\t\t\t\tAdam\u00e1 Lab \/ ARCO Arquitectura Contempor\u00e1nea (\u00a9 Jaime Navarro)\n\t\t\t\t<\/figcaption><\/figure><figure class='gallery-item'>\n\t\t\t<div class='gallery-icon landscape'>\n\t\t\t\t<a href='https:\/\/www.arquimaster.com.ar\/web\/wp-content\/uploads\/2024\/09\/adama_lab_14.jpg' title=\"Adam\u00e1 Lab \/ ARCO Arquitectura Contempor\u00e1nea (\u00a9 Jaime Navarro)\" data-rl_title=\"Adam\u00e1 Lab \/ ARCO Arquitectura Contempor\u00e1nea (\u00a9 Jaime Navarro)\" class=\"rl-gallery-link\" data-rl_caption=\"Adam\u00e1 Lab \/ ARCO Arquitectura Contempor\u00e1nea (\u00a9 Jaime Navarro)\" data-rel=\"lightbox-gallery-1\"><img loading=\"lazy\" decoding=\"async\" width=\"150\" height=\"150\" src=\"https:\/\/www.arquimaster.com.ar\/web\/wp-content\/uploads\/2024\/09\/adama_lab_14-150x150.jpg\" class=\"attachment-thumbnail size-thumbnail\" alt=\"Adam\u00e1 Lab \/ ARCO Arquitectura Contempor\u00e1nea\" aria-describedby=\"gallery-1-80293\" \/><\/a>\n\t\t\t<\/div>\n\t\t\t\t<figcaption class='wp-caption-text gallery-caption' id='gallery-1-80293'>\n\t\t\t\tAdam\u00e1 Lab \/ ARCO Arquitectura Contempor\u00e1nea (\u00a9 Jaime Navarro)\n\t\t\t\t<\/figcaption><\/figure><figure class='gallery-item'>\n\t\t\t<div class='gallery-icon portrait'>\n\t\t\t\t<a href='https:\/\/www.arquimaster.com.ar\/web\/wp-content\/uploads\/2024\/09\/adama_lab_15.jpg' title=\"Adam\u00e1 Lab \/ ARCO Arquitectura Contempor\u00e1nea (\u00a9 Jaime Navarro)\" data-rl_title=\"Adam\u00e1 Lab \/ ARCO Arquitectura Contempor\u00e1nea (\u00a9 Jaime Navarro)\" class=\"rl-gallery-link\" data-rl_caption=\"Adam\u00e1 Lab \/ ARCO Arquitectura Contempor\u00e1nea (\u00a9 Jaime Navarro)\" data-rel=\"lightbox-gallery-1\"><img loading=\"lazy\" decoding=\"async\" width=\"150\" height=\"150\" src=\"https:\/\/www.arquimaster.com.ar\/web\/wp-content\/uploads\/2024\/09\/adama_lab_15-150x150.jpg\" class=\"attachment-thumbnail size-thumbnail\" alt=\"Adam\u00e1 Lab \/ ARCO Arquitectura Contempor\u00e1nea\" aria-describedby=\"gallery-1-80294\" \/><\/a>\n\t\t\t<\/div>\n\t\t\t\t<figcaption class='wp-caption-text gallery-caption' id='gallery-1-80294'>\n\t\t\t\tAdam\u00e1 Lab \/ ARCO Arquitectura Contempor\u00e1nea (\u00a9 Jaime Navarro)\n\t\t\t\t<\/figcaption><\/figure><figure class='gallery-item'>\n\t\t\t<div class='gallery-icon landscape'>\n\t\t\t\t<a href='https:\/\/www.arquimaster.com.ar\/web\/wp-content\/uploads\/2024\/09\/adama_lab_16.jpg' title=\"Adam\u00e1 Lab \/ ARCO Arquitectura Contempor\u00e1nea (\u00a9 Jaime Navarro)\" data-rl_title=\"Adam\u00e1 Lab \/ ARCO Arquitectura Contempor\u00e1nea (\u00a9 Jaime Navarro)\" class=\"rl-gallery-link\" data-rl_caption=\"Adam\u00e1 Lab \/ ARCO Arquitectura Contempor\u00e1nea (\u00a9 Jaime Navarro)\" data-rel=\"lightbox-gallery-1\"><img loading=\"lazy\" decoding=\"async\" width=\"150\" height=\"150\" src=\"https:\/\/www.arquimaster.com.ar\/web\/wp-content\/uploads\/2024\/09\/adama_lab_16-150x150.jpg\" class=\"attachment-thumbnail size-thumbnail\" alt=\"Adam\u00e1 Lab \/ ARCO Arquitectura Contempor\u00e1nea\" aria-describedby=\"gallery-1-80295\" \/><\/a>\n\t\t\t<\/div>\n\t\t\t\t<figcaption class='wp-caption-text gallery-caption' id='gallery-1-80295'>\n\t\t\t\tAdam\u00e1 Lab \/ ARCO Arquitectura Contempor\u00e1nea (\u00a9 Jaime Navarro)\n\t\t\t\t<\/figcaption><\/figure><figure class='gallery-item'>\n\t\t\t<div class='gallery-icon landscape'>\n\t\t\t\t<a href='https:\/\/www.arquimaster.com.ar\/web\/wp-content\/uploads\/2024\/09\/adama_lab_17.jpg' title=\"Adam\u00e1 Lab \/ ARCO Arquitectura Contempor\u00e1nea (\u00a9 Jaime Navarro)\" data-rl_title=\"Adam\u00e1 Lab \/ ARCO Arquitectura Contempor\u00e1nea (\u00a9 Jaime Navarro)\" class=\"rl-gallery-link\" data-rl_caption=\"Adam\u00e1 Lab \/ ARCO Arquitectura Contempor\u00e1nea (\u00a9 Jaime Navarro)\" data-rel=\"lightbox-gallery-1\"><img loading=\"lazy\" decoding=\"async\" width=\"150\" height=\"150\" src=\"https:\/\/www.arquimaster.com.ar\/web\/wp-content\/uploads\/2024\/09\/adama_lab_17-150x150.jpg\" class=\"attachment-thumbnail size-thumbnail\" alt=\"Adam\u00e1 Lab \/ ARCO Arquitectura Contempor\u00e1nea\" aria-describedby=\"gallery-1-80296\" \/><\/a>\n\t\t\t<\/div>\n\t\t\t\t<figcaption class='wp-caption-text gallery-caption' id='gallery-1-80296'>\n\t\t\t\tAdam\u00e1 Lab \/ ARCO Arquitectura Contempor\u00e1nea (\u00a9 Jaime Navarro)\n\t\t\t\t<\/figcaption><\/figure><figure class='gallery-item'>\n\t\t\t<div class='gallery-icon landscape'>\n\t\t\t\t<a href='https:\/\/www.arquimaster.com.ar\/web\/wp-content\/uploads\/2024\/09\/adama_lab_18.jpg' title=\"Adam\u00e1 Lab \/ ARCO Arquitectura Contempor\u00e1nea (\u00a9 Jaime Navarro)\" data-rl_title=\"Adam\u00e1 Lab \/ ARCO Arquitectura Contempor\u00e1nea (\u00a9 Jaime Navarro)\" class=\"rl-gallery-link\" data-rl_caption=\"Adam\u00e1 Lab \/ ARCO Arquitectura Contempor\u00e1nea (\u00a9 Jaime Navarro)\" data-rel=\"lightbox-gallery-1\"><img loading=\"lazy\" decoding=\"async\" width=\"150\" height=\"150\" src=\"https:\/\/www.arquimaster.com.ar\/web\/wp-content\/uploads\/2024\/09\/adama_lab_18-150x150.jpg\" class=\"attachment-thumbnail size-thumbnail\" alt=\"Adam\u00e1 Lab \/ ARCO Arquitectura Contempor\u00e1nea\" aria-describedby=\"gallery-1-80297\" \/><\/a>\n\t\t\t<\/div>\n\t\t\t\t<figcaption class='wp-caption-text gallery-caption' id='gallery-1-80297'>\n\t\t\t\tAdam\u00e1 Lab \/ ARCO Arquitectura Contempor\u00e1nea (\u00a9 Jaime Navarro)\n\t\t\t\t<\/figcaption><\/figure><figure class='gallery-item'>\n\t\t\t<div class='gallery-icon landscape'>\n\t\t\t\t<a href='https:\/\/www.arquimaster.com.ar\/web\/wp-content\/uploads\/2024\/09\/adama_lab_19.jpg' title=\"Adam\u00e1 Lab \/ ARCO Arquitectura Contempor\u00e1nea (\u00a9 Jaime Navarro)\" data-rl_title=\"Adam\u00e1 Lab \/ ARCO Arquitectura Contempor\u00e1nea (\u00a9 Jaime Navarro)\" class=\"rl-gallery-link\" data-rl_caption=\"Adam\u00e1 Lab \/ ARCO Arquitectura Contempor\u00e1nea (\u00a9 Jaime Navarro)\" data-rel=\"lightbox-gallery-1\"><img loading=\"lazy\" decoding=\"async\" width=\"150\" height=\"150\" src=\"https:\/\/www.arquimaster.com.ar\/web\/wp-content\/uploads\/2024\/09\/adama_lab_19-150x150.jpg\" class=\"attachment-thumbnail size-thumbnail\" alt=\"Adam\u00e1 Lab \/ ARCO Arquitectura Contempor\u00e1nea\" aria-describedby=\"gallery-1-80298\" \/><\/a>\n\t\t\t<\/div>\n\t\t\t\t<figcaption class='wp-caption-text gallery-caption' id='gallery-1-80298'>\n\t\t\t\tAdam\u00e1 Lab \/ ARCO Arquitectura Contempor\u00e1nea (\u00a9 Jaime Navarro)\n\t\t\t\t<\/figcaption><\/figure><figure class='gallery-item'>\n\t\t\t<div class='gallery-icon portrait'>\n\t\t\t\t<a href='https:\/\/www.arquimaster.com.ar\/web\/wp-content\/uploads\/2024\/09\/adama_lab_20.jpg' title=\"Adam\u00e1 Lab \/ ARCO Arquitectura Contempor\u00e1nea (\u00a9 Jaime Navarro)\" data-rl_title=\"Adam\u00e1 Lab \/ ARCO Arquitectura Contempor\u00e1nea (\u00a9 Jaime Navarro)\" class=\"rl-gallery-link\" data-rl_caption=\"Adam\u00e1 Lab \/ ARCO Arquitectura Contempor\u00e1nea (\u00a9 Jaime Navarro)\" data-rel=\"lightbox-gallery-1\"><img loading=\"lazy\" decoding=\"async\" width=\"150\" height=\"150\" src=\"https:\/\/www.arquimaster.com.ar\/web\/wp-content\/uploads\/2024\/09\/adama_lab_20-150x150.jpg\" class=\"attachment-thumbnail size-thumbnail\" alt=\"Adam\u00e1 Lab \/ ARCO Arquitectura Contempor\u00e1nea\" aria-describedby=\"gallery-1-80299\" \/><\/a>\n\t\t\t<\/div>\n\t\t\t\t<figcaption class='wp-caption-text gallery-caption' id='gallery-1-80299'>\n\t\t\t\tAdam\u00e1 Lab \/ ARCO Arquitectura Contempor\u00e1nea (\u00a9 Jaime Navarro)\n\t\t\t\t<\/figcaption><\/figure><figure class='gallery-item'>\n\t\t\t<div class='gallery-icon landscape'>\n\t\t\t\t<a href='https:\/\/www.arquimaster.com.ar\/web\/wp-content\/uploads\/2024\/09\/adama_lab_21.jpg' title=\"Adam\u00e1 Lab \/ ARCO Arquitectura Contempor\u00e1nea (planta)\" data-rl_title=\"Adam\u00e1 Lab \/ ARCO Arquitectura Contempor\u00e1nea (planta)\" class=\"rl-gallery-link\" data-rl_caption=\"Adam\u00e1 Lab \/ ARCO Arquitectura Contempor\u00e1nea (planta)\" data-rel=\"lightbox-gallery-1\"><img loading=\"lazy\" decoding=\"async\" width=\"150\" height=\"150\" src=\"https:\/\/www.arquimaster.com.ar\/web\/wp-content\/uploads\/2024\/09\/adama_lab_21-150x150.jpg\" class=\"attachment-thumbnail size-thumbnail\" alt=\"Adam\u00e1 Lab \/ ARCO Arquitectura Contempor\u00e1nea\" aria-describedby=\"gallery-1-80300\" \/><\/a>\n\t\t\t<\/div>\n\t\t\t\t<figcaption class='wp-caption-text gallery-caption' id='gallery-1-80300'>\n\t\t\t\tAdam\u00e1 Lab \/ ARCO Arquitectura Contempor\u00e1nea (planta)\n\t\t\t\t<\/figcaption><\/figure><figure class='gallery-item'>\n\t\t\t<div class='gallery-icon landscape'>\n\t\t\t\t<a href='https:\/\/www.arquimaster.com.ar\/web\/wp-content\/uploads\/2024\/09\/adama_lab_22.jpg' title=\"Adam\u00e1 Lab \/ ARCO Arquitectura Contempor\u00e1nea (corte)\" data-rl_title=\"Adam\u00e1 Lab \/ ARCO Arquitectura Contempor\u00e1nea (corte)\" class=\"rl-gallery-link\" data-rl_caption=\"Adam\u00e1 Lab \/ ARCO Arquitectura Contempor\u00e1nea (corte)\" data-rel=\"lightbox-gallery-1\"><img loading=\"lazy\" decoding=\"async\" width=\"150\" height=\"150\" src=\"https:\/\/www.arquimaster.com.ar\/web\/wp-content\/uploads\/2024\/09\/adama_lab_22-150x150.jpg\" class=\"attachment-thumbnail size-thumbnail\" alt=\"Adam\u00e1 Lab \/ ARCO Arquitectura Contempor\u00e1nea\" aria-describedby=\"gallery-1-80301\" \/><\/a>\n\t\t\t<\/div>\n\t\t\t\t<figcaption class='wp-caption-text gallery-caption' id='gallery-1-80301'>\n\t\t\t\tAdam\u00e1 Lab \/ ARCO Arquitectura Contempor\u00e1nea (corte)\n\t\t\t\t<\/figcaption><\/figure><figure class='gallery-item'>\n\t\t\t<div class='gallery-icon landscape'>\n\t\t\t\t<a href='https:\/\/www.arquimaster.com.ar\/web\/wp-content\/uploads\/2024\/09\/adama_lab_23.jpg' title=\"Adam\u00e1 Lab \/ ARCO Arquitectura Contempor\u00e1nea (corte)\" data-rl_title=\"Adam\u00e1 Lab \/ ARCO Arquitectura Contempor\u00e1nea (corte)\" class=\"rl-gallery-link\" data-rl_caption=\"Adam\u00e1 Lab \/ ARCO Arquitectura Contempor\u00e1nea (corte)\" data-rel=\"lightbox-gallery-1\"><img loading=\"lazy\" decoding=\"async\" width=\"150\" height=\"150\" src=\"https:\/\/www.arquimaster.com.ar\/web\/wp-content\/uploads\/2024\/09\/adama_lab_23-150x150.jpg\" class=\"attachment-thumbnail size-thumbnail\" alt=\"Adam\u00e1 Lab \/ ARCO Arquitectura Contempor\u00e1nea\" aria-describedby=\"gallery-1-80302\" \/><\/a>\n\t\t\t<\/div>\n\t\t\t\t<figcaption class='wp-caption-text gallery-caption' id='gallery-1-80302'>\n\t\t\t\tAdam\u00e1 Lab \/ ARCO Arquitectura Contempor\u00e1nea (corte)\n\t\t\t\t<\/figcaption><\/figure><figure class='gallery-item'>\n\t\t\t<div class='gallery-icon landscape'>\n\t\t\t\t<a href='https:\/\/www.arquimaster.com.ar\/web\/wp-content\/uploads\/2024\/09\/adama_lab_24.jpg' title=\"Adam\u00e1 Lab \/ ARCO Arquitectura Contempor\u00e1nea (corte)\" data-rl_title=\"Adam\u00e1 Lab \/ ARCO Arquitectura Contempor\u00e1nea (corte)\" class=\"rl-gallery-link\" data-rl_caption=\"Adam\u00e1 Lab \/ ARCO Arquitectura Contempor\u00e1nea (corte)\" data-rel=\"lightbox-gallery-1\"><img loading=\"lazy\" decoding=\"async\" width=\"150\" height=\"150\" src=\"https:\/\/www.arquimaster.com.ar\/web\/wp-content\/uploads\/2024\/09\/adama_lab_24-150x150.jpg\" class=\"attachment-thumbnail size-thumbnail\" alt=\"Adam\u00e1 Lab \/ ARCO Arquitectura Contempor\u00e1nea\" aria-describedby=\"gallery-1-80303\" \/><\/a>\n\t\t\t<\/div>\n\t\t\t\t<figcaption class='wp-caption-text gallery-caption' id='gallery-1-80303'>\n\t\t\t\tAdam\u00e1 Lab \/ ARCO Arquitectura Contempor\u00e1nea (corte)\n\t\t\t\t<\/figcaption><\/figure><figure class='gallery-item'>\n\t\t\t<div class='gallery-icon landscape'>\n\t\t\t\t<a href='https:\/\/www.arquimaster.com.ar\/web\/wp-content\/uploads\/2024\/09\/adama_lab_35.jpg' title=\"Adam\u00e1 Lab \/ ARCO Arquitectura Contempor\u00e1nea (corte)\" data-rl_title=\"Adam\u00e1 Lab \/ ARCO Arquitectura Contempor\u00e1nea (corte)\" class=\"rl-gallery-link\" data-rl_caption=\"Adam\u00e1 Lab \/ ARCO Arquitectura Contempor\u00e1nea (corte)\" data-rel=\"lightbox-gallery-1\"><img loading=\"lazy\" decoding=\"async\" width=\"150\" height=\"150\" src=\"https:\/\/www.arquimaster.com.ar\/web\/wp-content\/uploads\/2024\/09\/adama_lab_35-150x150.jpg\" class=\"attachment-thumbnail size-thumbnail\" alt=\"Adam\u00e1 Lab \/ ARCO Arquitectura Contempor\u00e1nea\" aria-describedby=\"gallery-1-80304\" \/><\/a>\n\t\t\t<\/div>\n\t\t\t\t<figcaption class='wp-caption-text gallery-caption' id='gallery-1-80304'>\n\t\t\t\tAdam\u00e1 Lab \/ ARCO Arquitectura Contempor\u00e1nea (corte)\n\t\t\t\t<\/figcaption><\/figure>\n\t\t<\/div>\n\n<p>El concepto de este espacio es que los estudiantes de cualquier edad se involucren en el cultivo org\u00e1nico, desde la siembra hasta tener un producto real que fue procesado y despu\u00e9s poderlo comer.<\/p>\n<p>Para el dise\u00f1o se utilizaron acabados ecol\u00f3gicos, como el piso de concreto permeable, en gradas y bancas se utiliz\u00f3 un revestimiento v\u00edtreo (ekol) que est\u00e1 compuesto por materiales reutilizados y que tiene la cualidad de no permitir que suba la temperatura de la superficie. Para los huertos se utiliz\u00f3 deck sint\u00e9tico, pinturas e impermeabilizantes ecol\u00f3gicos para evitar la alteraci\u00f3n del pH de los cultivos.<\/p>\n<p>El green corner est\u00e1 formado por una estructura de acero, canceler\u00eda y una techumbre ligera que alberga una cocina y bodega. En los interiores los materiales e instalaciones quedan expuestos: concreto y acero.<\/p>\n<p>Seg\u00fan las necesidades de la escuela, se coloca un elevador de cabina panor\u00e1mica que conecta el auditorio de la plaza para personas con discapacidad.<\/p>\n<p>Aunque el principal uso de este espacio sea el cultivo, los arquitectos propusieron un espacio configurable, vers\u00e1til a todo tipo de actividades al aire libre, ya que esta \u00e1rea puede albergar eventos culturales, exposiciones de pintura, escultura y talleres diversos, convirti\u00e9ndose en un punto de reuni\u00f3n para estudiantes, maestros y padres de familia.<\/p>\n\n\n<div style=\"height:20px\" aria-hidden=\"true\" class=\"wp-block-spacer\"><\/div>\n\n\n\n<p class=\"has-background\" style=\"background-color:#eaeaea\"><strong>Ficha t\u00e9cnica<\/strong><br>Nombre: Adam\u00e1 Lab<br>Ubicaci\u00f3n: Ciudad de M\u00e9xico, M\u00e9xico<br>Dise\u00f1o del proyecto: ARCO Arquitectura Contempor\u00e1nea<br>Arquitectos a cargo: Arq. Bernardo Lew, Arq. Jos\u00e9 Lew, Arq. Jos\u00e9 Memun<br>Productos y servicios: Cafel Ingenier\u00eda (Ingenier\u00eda Estructural), Opus terra (Cultivo), Concreto Ecol\u00f3gico de M\u00e9xico, Tecnorampa, \u00c1rea interiorismo<br>\u00c1rea: 340 m2<br>A\u00f1o: 2019<br>Fotograf\u00eda: Jaime Navarro<br>Sitio web: https:\/\/www.ar-co.com.mx<br>Instagram: @arcomexico<br>Twitter: @arcomexico<br>Facebook: ARCOarquitecturacontemporanea<\/p>\n\n\n\n<div style=\"height:40px\" aria-hidden=\"true\" class=\"wp-block-spacer\"><\/div>\n\n<div style=\"font-size: 0px; height: 0px; line-height: 0px; margin: 0; padding: 0; clear: both;\"><\/div><div style=\"margin-top: 0px; margin-bottom: 0px;\" class=\"sharethis-inline-share-buttons\" ><\/div>","protected":false},"excerpt":{"rendered":"<p>Cuenta con \u00e1rea de camas de cultivo, huertos medicinales, invernadero para hidroponia, compostaje&#8230;<\/p>\n","protected":false},"author":1,"featured_media":80279,"comment_status":"closed","ping_status":"closed","sticky":false,"template":"","format":"standard","meta":{"_uag_custom_page_level_css":"","footnotes":""},"categories":[1465,1],"tags":[248,489,3309,1515,250,740,1472,2701,6298,6295,6299,1514,5148,24,709,95],"class_list":["post-80278","post","type-post","status-publish","format-standard","has-post-thumbnail","hentry","category-edificios-para-la-educacion","category-proyecto","tag-arco-arquitectura-contemporanea","tag-arquitectura-del-paisaje","tag-arquitectura-para-la-educacion","tag-bernardo-lew-kirsch","tag-ciudad-de-mexico","tag-diseno-del-paisaje","tag-edificio-educativo","tag-huerta","tag-huerta-urbana","tag-huerto","tag-huerto-urbano","tag-jose-lew-kirsch","tag-jose-memun","tag-mexico","tag-paisajismo","tag-plaza","generate-columns","tablet-grid-50","mobile-grid-100","grid-parent","grid-50"],"yoast_head":"<!-- This site is optimized with the Yoast SEO plugin v27.3 - https:\/\/yoast.com\/product\/yoast-seo-wordpress\/ -->\n<title>Adam\u00e1 Lab \/ ARCO Arquitectura Contempor\u00e1nea - Arquimaster<\/title>\n<meta name=\"description\" content=\"El proyecto cuenta con un \u00e1rea de camas de cultivo, huertos medicinales, un peque\u00f1o invernadero para hidropon\u00eda, \u00e1reas de compostaje y un green corner.\" \/>\n<meta name=\"robots\" content=\"index, follow, max-snippet:-1, max-image-preview:large, max-video-preview:-1\" \/>\n<link rel=\"canonical\" href=\"https:\/\/www.arquimaster.com.ar\/web\/adama-lab-arco-arquitectura-contemporanea\/\" \/>\n<meta property=\"og:locale\" content=\"es_ES\" \/>\n<meta property=\"og:type\" content=\"article\" \/>\n<meta property=\"og:title\" content=\"Adam\u00e1 Lab \/ ARCO Arquitectura Contempor\u00e1nea\" \/>\n<meta property=\"og:description\" content=\"El proyecto cuenta con un \u00e1rea de camas de cultivo, huertos medicinales, un peque\u00f1o invernadero para hidropon\u00eda, \u00e1reas de compostaje y un green corner.\" \/>\n<meta property=\"og:url\" content=\"https:\/\/www.arquimaster.com.ar\/web\/adama-lab-arco-arquitectura-contemporanea\/\" \/>\n<meta property=\"og:site_name\" content=\"Arquimaster\" \/>\n<meta property=\"article:publisher\" content=\"http:\/\/www.facebook.com\/ARQUIMASTER.com.ar\" \/>\n<meta property=\"article:published_time\" content=\"2024-09-13T16:53:05+00:00\" \/>\n<meta property=\"article:modified_time\" content=\"2025-07-25T01:36:39+00:00\" \/>\n<meta property=\"og:image\" content=\"https:\/\/www.arquimaster.com.ar\/web\/wp-content\/uploads\/2024\/09\/adama_lab_slide.jpg\" \/>\n\t<meta property=\"og:image:width\" content=\"698\" \/>\n\t<meta property=\"og:image:height\" content=\"364\" \/>\n\t<meta property=\"og:image:type\" content=\"image\/jpeg\" \/>\n<meta name=\"author\" content=\"Arquimaster\" \/>\n<meta name=\"twitter:card\" content=\"summary_large_image\" \/>\n<meta name=\"twitter:title\" content=\"Adam\u00e1 Lab \/ ARCO Arquitectura Contempor\u00e1nea\" \/>\n<meta name=\"twitter:description\" content=\"El proyecto cuenta con un \u00e1rea de camas de cultivo, huertos medicinales, un peque\u00f1o invernadero para hidropon\u00eda, \u00e1reas de compostaje y un green corner.\" \/>\n<meta name=\"twitter:image\" content=\"https:\/\/www.arquimaster.com.ar\/web\/wp-content\/uploads\/2024\/09\/adama_lab_slide.jpg\" \/>\n<meta name=\"twitter:creator\" content=\"@arquimaster\" \/>\n<meta name=\"twitter:site\" content=\"@arquimaster\" \/>\n<meta name=\"twitter:label1\" content=\"Escrito por\" \/>\n\t<meta name=\"twitter:data1\" content=\"Arquimaster\" \/>\n\t<meta name=\"twitter:label2\" content=\"Tiempo de lectura\" \/>\n\t<meta name=\"twitter:data2\" content=\"2 minutos\" \/>\n<script type=\"application\/ld+json\" class=\"yoast-schema-graph\">{\"@context\":\"https:\\\/\\\/schema.org\",\"@graph\":[{\"@type\":\"Article\",\"@id\":\"https:\\\/\\\/www.arquimaster.com.ar\\\/web\\\/adama-lab-arco-arquitectura-contemporanea\\\/#article\",\"isPartOf\":{\"@id\":\"https:\\\/\\\/www.arquimaster.com.ar\\\/web\\\/adama-lab-arco-arquitectura-contemporanea\\\/\"},\"author\":{\"name\":\"Arquimaster\",\"@id\":\"https:\\\/\\\/www.arquimaster.com.ar\\\/web\\\/#\\\/schema\\\/person\\\/359e9f7c00193fcde068e0dd2ceb0028\"},\"headline\":\"Adam\u00e1 Lab \\\/ ARCO Arquitectura Contempor\u00e1nea\",\"datePublished\":\"2024-09-13T16:53:05+00:00\",\"dateModified\":\"2025-07-25T01:36:39+00:00\",\"mainEntityOfPage\":{\"@id\":\"https:\\\/\\\/www.arquimaster.com.ar\\\/web\\\/adama-lab-arco-arquitectura-contemporanea\\\/\"},\"wordCount\":383,\"publisher\":{\"@id\":\"https:\\\/\\\/www.arquimaster.com.ar\\\/web\\\/#organization\"},\"image\":{\"@id\":\"https:\\\/\\\/www.arquimaster.com.ar\\\/web\\\/adama-lab-arco-arquitectura-contemporanea\\\/#primaryimage\"},\"thumbnailUrl\":\"https:\\\/\\\/www.arquimaster.com.ar\\\/web\\\/wp-content\\\/uploads\\\/2024\\\/09\\\/adama_lab_slide.jpg\",\"keywords\":[\"ARCO Arquitectura Contempor\u00e1nea\",\"arquitectura del paisaje\",\"arquitectura para la educacion\",\"Bernardo Lew Kirsch\",\"Ciudad de Mexico\",\"dise\u00f1o del paisaje\",\"edificio educativo\",\"huerta\",\"huerta urbana\",\"huerto\",\"huerto urbano\",\"Jos\u00e9 Lew Kirsch\",\"Jos\u00e9 Memun\",\"Mexico\",\"paisajismo\",\"plaza\"],\"articleSection\":[\"Edificios para la educacion\",\"Proyecto\"],\"inLanguage\":\"es\"},{\"@type\":\"WebPage\",\"@id\":\"https:\\\/\\\/www.arquimaster.com.ar\\\/web\\\/adama-lab-arco-arquitectura-contemporanea\\\/\",\"url\":\"https:\\\/\\\/www.arquimaster.com.ar\\\/web\\\/adama-lab-arco-arquitectura-contemporanea\\\/\",\"name\":\"Adam\u00e1 Lab \\\/ ARCO Arquitectura Contempor\u00e1nea - Arquimaster\",\"isPartOf\":{\"@id\":\"https:\\\/\\\/www.arquimaster.com.ar\\\/web\\\/#website\"},\"primaryImageOfPage\":{\"@id\":\"https:\\\/\\\/www.arquimaster.com.ar\\\/web\\\/adama-lab-arco-arquitectura-contemporanea\\\/#primaryimage\"},\"image\":{\"@id\":\"https:\\\/\\\/www.arquimaster.com.ar\\\/web\\\/adama-lab-arco-arquitectura-contemporanea\\\/#primaryimage\"},\"thumbnailUrl\":\"https:\\\/\\\/www.arquimaster.com.ar\\\/web\\\/wp-content\\\/uploads\\\/2024\\\/09\\\/adama_lab_slide.jpg\",\"datePublished\":\"2024-09-13T16:53:05+00:00\",\"dateModified\":\"2025-07-25T01:36:39+00:00\",\"description\":\"El proyecto cuenta con un \u00e1rea de camas de cultivo, huertos medicinales, un peque\u00f1o invernadero para hidropon\u00eda, \u00e1reas de compostaje y un green corner.\",\"breadcrumb\":{\"@id\":\"https:\\\/\\\/www.arquimaster.com.ar\\\/web\\\/adama-lab-arco-arquitectura-contemporanea\\\/#breadcrumb\"},\"inLanguage\":\"es\",\"potentialAction\":[{\"@type\":\"ReadAction\",\"target\":[\"https:\\\/\\\/www.arquimaster.com.ar\\\/web\\\/adama-lab-arco-arquitectura-contemporanea\\\/\"]}]},{\"@type\":\"ImageObject\",\"inLanguage\":\"es\",\"@id\":\"https:\\\/\\\/www.arquimaster.com.ar\\\/web\\\/adama-lab-arco-arquitectura-contemporanea\\\/#primaryimage\",\"url\":\"https:\\\/\\\/www.arquimaster.com.ar\\\/web\\\/wp-content\\\/uploads\\\/2024\\\/09\\\/adama_lab_slide.jpg\",\"contentUrl\":\"https:\\\/\\\/www.arquimaster.com.ar\\\/web\\\/wp-content\\\/uploads\\\/2024\\\/09\\\/adama_lab_slide.jpg\",\"width\":698,\"height\":364,\"caption\":\"Adam\u00e1 Lab \\\/ ARCO Arquitectura Contempor\u00e1nea\"},{\"@type\":\"BreadcrumbList\",\"@id\":\"https:\\\/\\\/www.arquimaster.com.ar\\\/web\\\/adama-lab-arco-arquitectura-contemporanea\\\/#breadcrumb\",\"itemListElement\":[{\"@type\":\"ListItem\",\"position\":1,\"name\":\"Portada\",\"item\":\"https:\\\/\\\/www.arquimaster.com.ar\\\/web\\\/\"},{\"@type\":\"ListItem\",\"position\":2,\"name\":\"Adam\u00e1 Lab \\\/ ARCO Arquitectura Contempor\u00e1nea\"}]},{\"@type\":\"WebSite\",\"@id\":\"https:\\\/\\\/www.arquimaster.com.ar\\\/web\\\/#website\",\"url\":\"https:\\\/\\\/www.arquimaster.com.ar\\\/web\\\/\",\"name\":\"Arquimaster\",\"description\":\"Web de arquitectura, dise\u00f1o y construccion\",\"publisher\":{\"@id\":\"https:\\\/\\\/www.arquimaster.com.ar\\\/web\\\/#organization\"},\"potentialAction\":[{\"@type\":\"SearchAction\",\"target\":{\"@type\":\"EntryPoint\",\"urlTemplate\":\"https:\\\/\\\/www.arquimaster.com.ar\\\/web\\\/?s={search_term_string}\"},\"query-input\":{\"@type\":\"PropertyValueSpecification\",\"valueRequired\":true,\"valueName\":\"search_term_string\"}}],\"inLanguage\":\"es\"},{\"@type\":\"Organization\",\"@id\":\"https:\\\/\\\/www.arquimaster.com.ar\\\/web\\\/#organization\",\"name\":\"Arquimaster\",\"url\":\"https:\\\/\\\/www.arquimaster.com.ar\\\/web\\\/\",\"logo\":{\"@type\":\"ImageObject\",\"inLanguage\":\"es\",\"@id\":\"https:\\\/\\\/www.arquimaster.com.ar\\\/web\\\/#\\\/schema\\\/logo\\\/image\\\/\",\"url\":\"https:\\\/\\\/www.arquimaster.com.ar\\\/web\\\/wp-content\\\/uploads\\\/2022\\\/06\\\/arquimaster.png\",\"contentUrl\":\"https:\\\/\\\/www.arquimaster.com.ar\\\/web\\\/wp-content\\\/uploads\\\/2022\\\/06\\\/arquimaster.png\",\"width\":594,\"height\":78,\"caption\":\"Arquimaster\"},\"image\":{\"@id\":\"https:\\\/\\\/www.arquimaster.com.ar\\\/web\\\/#\\\/schema\\\/logo\\\/image\\\/\"},\"sameAs\":[\"http:\\\/\\\/www.facebook.com\\\/ARQUIMASTER.com.ar\",\"https:\\\/\\\/x.com\\\/arquimaster\",\"https:\\\/\\\/www.instagram.com\\\/arquimasterblog\\\/\",\"https:\\\/\\\/www.linkedin.com\\\/company\\\/arquimaster\",\"https:\\\/\\\/www.pinterest.com\\\/arquimaster\",\"https:\\\/\\\/t.me\\\/arquimaster\"]},{\"@type\":\"Person\",\"@id\":\"https:\\\/\\\/www.arquimaster.com.ar\\\/web\\\/#\\\/schema\\\/person\\\/359e9f7c00193fcde068e0dd2ceb0028\",\"name\":\"Arquimaster\"}]}<\/script>\n<!-- \/ Yoast SEO plugin. -->","yoast_head_json":{"title":"Adam\u00e1 Lab \/ ARCO Arquitectura Contempor\u00e1nea - Arquimaster","description":"El proyecto cuenta con un \u00e1rea de camas de cultivo, huertos medicinales, un peque\u00f1o invernadero para hidropon\u00eda, \u00e1reas de compostaje y un green corner.","robots":{"index":"index","follow":"follow","max-snippet":"max-snippet:-1","max-image-preview":"max-image-preview:large","max-video-preview":"max-video-preview:-1"},"canonical":"https:\/\/www.arquimaster.com.ar\/web\/adama-lab-arco-arquitectura-contemporanea\/","og_locale":"es_ES","og_type":"article","og_title":"Adam\u00e1 Lab \/ ARCO Arquitectura Contempor\u00e1nea","og_description":"El proyecto cuenta con un \u00e1rea de camas de cultivo, huertos medicinales, un peque\u00f1o invernadero para hidropon\u00eda, \u00e1reas de compostaje y un green corner.","og_url":"https:\/\/www.arquimaster.com.ar\/web\/adama-lab-arco-arquitectura-contemporanea\/","og_site_name":"Arquimaster","article_publisher":"http:\/\/www.facebook.com\/ARQUIMASTER.com.ar","article_published_time":"2024-09-13T16:53:05+00:00","article_modified_time":"2025-07-25T01:36:39+00:00","og_image":[{"width":698,"height":364,"url":"https:\/\/www.arquimaster.com.ar\/web\/wp-content\/uploads\/2024\/09\/adama_lab_slide.jpg","type":"image\/jpeg"}],"author":"Arquimaster","twitter_card":"summary_large_image","twitter_title":"Adam\u00e1 Lab \/ ARCO Arquitectura Contempor\u00e1nea","twitter_description":"El proyecto cuenta con un \u00e1rea de camas de cultivo, huertos medicinales, un peque\u00f1o invernadero para hidropon\u00eda, \u00e1reas de compostaje y un green corner.","twitter_image":"https:\/\/www.arquimaster.com.ar\/web\/wp-content\/uploads\/2024\/09\/adama_lab_slide.jpg","twitter_creator":"@arquimaster","twitter_site":"@arquimaster","twitter_misc":{"Escrito por":"Arquimaster","Tiempo de lectura":"2 minutos"},"schema":{"@context":"https:\/\/schema.org","@graph":[{"@type":"Article","@id":"https:\/\/www.arquimaster.com.ar\/web\/adama-lab-arco-arquitectura-contemporanea\/#article","isPartOf":{"@id":"https:\/\/www.arquimaster.com.ar\/web\/adama-lab-arco-arquitectura-contemporanea\/"},"author":{"name":"Arquimaster","@id":"https:\/\/www.arquimaster.com.ar\/web\/#\/schema\/person\/359e9f7c00193fcde068e0dd2ceb0028"},"headline":"Adam\u00e1 Lab \/ ARCO Arquitectura Contempor\u00e1nea","datePublished":"2024-09-13T16:53:05+00:00","dateModified":"2025-07-25T01:36:39+00:00","mainEntityOfPage":{"@id":"https:\/\/www.arquimaster.com.ar\/web\/adama-lab-arco-arquitectura-contemporanea\/"},"wordCount":383,"publisher":{"@id":"https:\/\/www.arquimaster.com.ar\/web\/#organization"},"image":{"@id":"https:\/\/www.arquimaster.com.ar\/web\/adama-lab-arco-arquitectura-contemporanea\/#primaryimage"},"thumbnailUrl":"https:\/\/www.arquimaster.com.ar\/web\/wp-content\/uploads\/2024\/09\/adama_lab_slide.jpg","keywords":["ARCO Arquitectura Contempor\u00e1nea","arquitectura del paisaje","arquitectura para la educacion","Bernardo Lew Kirsch","Ciudad de Mexico","dise\u00f1o del paisaje","edificio educativo","huerta","huerta urbana","huerto","huerto urbano","Jos\u00e9 Lew Kirsch","Jos\u00e9 Memun","Mexico","paisajismo","plaza"],"articleSection":["Edificios para la educacion","Proyecto"],"inLanguage":"es"},{"@type":"WebPage","@id":"https:\/\/www.arquimaster.com.ar\/web\/adama-lab-arco-arquitectura-contemporanea\/","url":"https:\/\/www.arquimaster.com.ar\/web\/adama-lab-arco-arquitectura-contemporanea\/","name":"Adam\u00e1 Lab \/ ARCO Arquitectura Contempor\u00e1nea - Arquimaster","isPartOf":{"@id":"https:\/\/www.arquimaster.com.ar\/web\/#website"},"primaryImageOfPage":{"@id":"https:\/\/www.arquimaster.com.ar\/web\/adama-lab-arco-arquitectura-contemporanea\/#primaryimage"},"image":{"@id":"https:\/\/www.arquimaster.com.ar\/web\/adama-lab-arco-arquitectura-contemporanea\/#primaryimage"},"thumbnailUrl":"https:\/\/www.arquimaster.com.ar\/web\/wp-content\/uploads\/2024\/09\/adama_lab_slide.jpg","datePublished":"2024-09-13T16:53:05+00:00","dateModified":"2025-07-25T01:36:39+00:00","description":"El proyecto cuenta con un \u00e1rea de camas de cultivo, huertos medicinales, un peque\u00f1o invernadero para hidropon\u00eda, \u00e1reas de compostaje y un green corner.","breadcrumb":{"@id":"https:\/\/www.arquimaster.com.ar\/web\/adama-lab-arco-arquitectura-contemporanea\/#breadcrumb"},"inLanguage":"es","potentialAction":[{"@type":"ReadAction","target":["https:\/\/www.arquimaster.com.ar\/web\/adama-lab-arco-arquitectura-contemporanea\/"]}]},{"@type":"ImageObject","inLanguage":"es","@id":"https:\/\/www.arquimaster.com.ar\/web\/adama-lab-arco-arquitectura-contemporanea\/#primaryimage","url":"https:\/\/www.arquimaster.com.ar\/web\/wp-content\/uploads\/2024\/09\/adama_lab_slide.jpg","contentUrl":"https:\/\/www.arquimaster.com.ar\/web\/wp-content\/uploads\/2024\/09\/adama_lab_slide.jpg","width":698,"height":364,"caption":"Adam\u00e1 Lab \/ ARCO Arquitectura Contempor\u00e1nea"},{"@type":"BreadcrumbList","@id":"https:\/\/www.arquimaster.com.ar\/web\/adama-lab-arco-arquitectura-contemporanea\/#breadcrumb","itemListElement":[{"@type":"ListItem","position":1,"name":"Portada","item":"https:\/\/www.arquimaster.com.ar\/web\/"},{"@type":"ListItem","position":2,"name":"Adam\u00e1 Lab \/ ARCO Arquitectura Contempor\u00e1nea"}]},{"@type":"WebSite","@id":"https:\/\/www.arquimaster.com.ar\/web\/#website","url":"https:\/\/www.arquimaster.com.ar\/web\/","name":"Arquimaster","description":"Web de arquitectura, dise\u00f1o y construccion","publisher":{"@id":"https:\/\/www.arquimaster.com.ar\/web\/#organization"},"potentialAction":[{"@type":"SearchAction","target":{"@type":"EntryPoint","urlTemplate":"https:\/\/www.arquimaster.com.ar\/web\/?s={search_term_string}"},"query-input":{"@type":"PropertyValueSpecification","valueRequired":true,"valueName":"search_term_string"}}],"inLanguage":"es"},{"@type":"Organization","@id":"https:\/\/www.arquimaster.com.ar\/web\/#organization","name":"Arquimaster","url":"https:\/\/www.arquimaster.com.ar\/web\/","logo":{"@type":"ImageObject","inLanguage":"es","@id":"https:\/\/www.arquimaster.com.ar\/web\/#\/schema\/logo\/image\/","url":"https:\/\/www.arquimaster.com.ar\/web\/wp-content\/uploads\/2022\/06\/arquimaster.png","contentUrl":"https:\/\/www.arquimaster.com.ar\/web\/wp-content\/uploads\/2022\/06\/arquimaster.png","width":594,"height":78,"caption":"Arquimaster"},"image":{"@id":"https:\/\/www.arquimaster.com.ar\/web\/#\/schema\/logo\/image\/"},"sameAs":["http:\/\/www.facebook.com\/ARQUIMASTER.com.ar","https:\/\/x.com\/arquimaster","https:\/\/www.instagram.com\/arquimasterblog\/","https:\/\/www.linkedin.com\/company\/arquimaster","https:\/\/www.pinterest.com\/arquimaster","https:\/\/t.me\/arquimaster"]},{"@type":"Person","@id":"https:\/\/www.arquimaster.com.ar\/web\/#\/schema\/person\/359e9f7c00193fcde068e0dd2ceb0028","name":"Arquimaster"}]}},"uagb_featured_image_src":{"full":["https:\/\/www.arquimaster.com.ar\/web\/wp-content\/uploads\/2024\/09\/adama_lab_slide.jpg",698,364,false],"thumbnail":["https:\/\/www.arquimaster.com.ar\/web\/wp-content\/uploads\/2024\/09\/adama_lab_slide-150x150.jpg",150,150,true],"medium":["https:\/\/www.arquimaster.com.ar\/web\/wp-content\/uploads\/2024\/09\/adama_lab_slide.jpg",698,364,false],"medium_large":["https:\/\/www.arquimaster.com.ar\/web\/wp-content\/uploads\/2024\/09\/adama_lab_slide.jpg",698,364,false],"large":["https:\/\/www.arquimaster.com.ar\/web\/wp-content\/uploads\/2024\/09\/adama_lab_slide.jpg",698,364,false],"1536x1536":["https:\/\/www.arquimaster.com.ar\/web\/wp-content\/uploads\/2024\/09\/adama_lab_slide.jpg",698,364,false],"2048x2048":["https:\/\/www.arquimaster.com.ar\/web\/wp-content\/uploads\/2024\/09\/adama_lab_slide.jpg",698,364,false]},"uagb_author_info":{"display_name":"Arquimaster","author_link":"https:\/\/www.arquimaster.com.ar\/web\/author\/arquimaster\/"},"uagb_comment_info":0,"uagb_excerpt":"Cuenta con \u00e1rea de camas de cultivo, huertos medicinales, invernadero para hidroponia, compostaje...","_links":{"self":[{"href":"https:\/\/www.arquimaster.com.ar\/web\/wp-json\/wp\/v2\/posts\/80278","targetHints":{"allow":["GET"]}}],"collection":[{"href":"https:\/\/www.arquimaster.com.ar\/web\/wp-json\/wp\/v2\/posts"}],"about":[{"href":"https:\/\/www.arquimaster.com.ar\/web\/wp-json\/wp\/v2\/types\/post"}],"author":[{"embeddable":true,"href":"https:\/\/www.arquimaster.com.ar\/web\/wp-json\/wp\/v2\/users\/1"}],"replies":[{"embeddable":true,"href":"https:\/\/www.arquimaster.com.ar\/web\/wp-json\/wp\/v2\/comments?post=80278"}],"version-history":[{"count":3,"href":"https:\/\/www.arquimaster.com.ar\/web\/wp-json\/wp\/v2\/posts\/80278\/revisions"}],"predecessor-version":[{"id":85149,"href":"https:\/\/www.arquimaster.com.ar\/web\/wp-json\/wp\/v2\/posts\/80278\/revisions\/85149"}],"wp:featuredmedia":[{"embeddable":true,"href":"https:\/\/www.arquimaster.com.ar\/web\/wp-json\/wp\/v2\/media\/80279"}],"wp:attachment":[{"href":"https:\/\/www.arquimaster.com.ar\/web\/wp-json\/wp\/v2\/media?parent=80278"}],"wp:term":[{"taxonomy":"category","embeddable":true,"href":"https:\/\/www.arquimaster.com.ar\/web\/wp-json\/wp\/v2\/categories?post=80278"},{"taxonomy":"post_tag","embeddable":true,"href":"https:\/\/www.arquimaster.com.ar\/web\/wp-json\/wp\/v2\/tags?post=80278"}],"curies":[{"name":"wp","href":"https:\/\/api.w.org\/{rel}","templated":true}]}}