{"id":80330,"date":"2024-09-13T13:56:54","date_gmt":"2024-09-13T16:56:54","guid":{"rendered":"https:\/\/www.arquimaster.com.ar\/web\/?p=80330"},"modified":"2025-07-24T22:35:55","modified_gmt":"2025-07-25T01:35:55","slug":"escuela-yeshiva-keter-tora-arco-arquitectura-contemporanea","status":"publish","type":"post","link":"https:\/\/www.arquimaster.com.ar\/web\/escuela-yeshiva-keter-tora-arco-arquitectura-contemporanea\/","title":{"rendered":"Escuela Yeshiv\u00e1 K\u00e9ter Tor\u00e1 \/ ARCO Arquitectura Contempor\u00e1nea"},"content":{"rendered":"<div style=\"margin-top: 0px; margin-bottom: 0px;\" class=\"sharethis-inline-share-buttons\" ><\/div><div class=\"b812932af2e751442846f039925109de\" data-index=\"1\" style=\"float: none; margin:25px 0 25px 0; text-align:center;\">\n<script async src=\"https:\/\/pagead2.googlesyndication.com\/pagead\/js\/adsbygoogle.js\"><\/script>\r\n<!-- Arquimaster (superior) -->\r\n<ins class=\"adsbygoogle\"\r\n     style=\"display:block\"\r\n     data-ad-client=\"ca-pub-6351072698456832\"\r\n     data-ad-slot=\"6455489680\"\r\n     data-ad-format=\"auto\"\r\n     data-full-width-responsive=\"true\"><\/ins>\r\n<script>\r\n     (adsbygoogle = window.adsbygoogle || []).push({});\r\n<\/script>\n<\/div>\n<p><strong>Escuela Yeshiv\u00e1 K\u00e9ter Tor\u00e1<\/strong> (Ciudad de M\u00e9xico, M\u00e9xico) por <strong>ARCO Arquitectura Contempor\u00e1nea<\/strong>. El reto de este proyecto fue concebir nuevos espacios para la comunidad estudiantil y adaptarlos al edificio existente para estar en armon\u00eda con los m\u00e9todos de ense\u00f1anza actuales. Yeshiv\u00e1 K\u00e9ter Tor\u00e1 es la escuela religiosa ortodoxa m\u00e1s grande de la comunidad jud\u00eda en Latinoam\u00e9rica, con 1700 alumnos en 4 planteles con un ambicioso plan de renovaci\u00f3n de sus instalaciones que comenz\u00f3 en el 2021.<\/p>\n<div id='gallery-1' class='gallery galleryid-80330 gallery-columns-3 gallery-size-thumbnail'><figure class='gallery-item'>\n\t\t\t<div class='gallery-icon landscape'>\n\t\t\t\t<a href='https:\/\/www.arquimaster.com.ar\/web\/wp-content\/uploads\/2024\/09\/escuela_yeshiva_1.jpg' title=\"Escuela Yeshiv\u00e1 K\u00e9ter Tor\u00e1 \/ ARCO Arquitectura Contempor\u00e1nea (\u00a9 Jaime Navarro)\" data-rl_title=\"Escuela Yeshiv\u00e1 K\u00e9ter Tor\u00e1 \/ ARCO Arquitectura Contempor\u00e1nea (\u00a9 Jaime Navarro)\" class=\"rl-gallery-link\" data-rl_caption=\"Escuela Yeshiv\u00e1 K\u00e9ter Tor\u00e1 \/ ARCO Arquitectura Contempor\u00e1nea (\u00a9 Jaime Navarro)\" data-rel=\"lightbox-gallery-1\"><img loading=\"lazy\" decoding=\"async\" width=\"150\" height=\"150\" src=\"https:\/\/www.arquimaster.com.ar\/web\/wp-content\/uploads\/2024\/09\/escuela_yeshiva_1-150x150.jpg\" class=\"attachment-thumbnail size-thumbnail\" alt=\"Escuela Yeshiv\u00e1 K\u00e9ter Tor\u00e1 \/ ARCO Arquitectura Contempor\u00e1nea\" aria-describedby=\"gallery-1-80332\" \/><\/a>\n\t\t\t<\/div>\n\t\t\t\t<figcaption class='wp-caption-text gallery-caption' id='gallery-1-80332'>\n\t\t\t\tEscuela Yeshiv\u00e1 K\u00e9ter Tor\u00e1 \/ ARCO Arquitectura Contempor\u00e1nea (\u00a9 Jaime Navarro)\n\t\t\t\t<\/figcaption><\/figure><figure class='gallery-item'>\n\t\t\t<div class='gallery-icon landscape'>\n\t\t\t\t<a href='https:\/\/www.arquimaster.com.ar\/web\/wp-content\/uploads\/2024\/09\/escuela_yeshiva_2.jpg' title=\"Escuela Yeshiv\u00e1 K\u00e9ter Tor\u00e1 \/ ARCO Arquitectura Contempor\u00e1nea (\u00a9 Jaime Navarro)\" data-rl_title=\"Escuela Yeshiv\u00e1 K\u00e9ter Tor\u00e1 \/ ARCO Arquitectura Contempor\u00e1nea (\u00a9 Jaime Navarro)\" class=\"rl-gallery-link\" data-rl_caption=\"Escuela Yeshiv\u00e1 K\u00e9ter Tor\u00e1 \/ ARCO Arquitectura Contempor\u00e1nea (\u00a9 Jaime Navarro)\" data-rel=\"lightbox-gallery-1\"><img loading=\"lazy\" decoding=\"async\" width=\"150\" height=\"150\" src=\"https:\/\/www.arquimaster.com.ar\/web\/wp-content\/uploads\/2024\/09\/escuela_yeshiva_2-150x150.jpg\" class=\"attachment-thumbnail size-thumbnail\" alt=\"Escuela Yeshiv\u00e1 K\u00e9ter Tor\u00e1 \/ ARCO Arquitectura Contempor\u00e1nea\" aria-describedby=\"gallery-1-80333\" \/><\/a>\n\t\t\t<\/div>\n\t\t\t\t<figcaption class='wp-caption-text gallery-caption' id='gallery-1-80333'>\n\t\t\t\tEscuela Yeshiv\u00e1 K\u00e9ter Tor\u00e1 \/ ARCO Arquitectura Contempor\u00e1nea (\u00a9 Jaime Navarro)\n\t\t\t\t<\/figcaption><\/figure><figure class='gallery-item'>\n\t\t\t<div class='gallery-icon landscape'>\n\t\t\t\t<a href='https:\/\/www.arquimaster.com.ar\/web\/wp-content\/uploads\/2024\/09\/escuela_yeshiva_3.jpg' title=\"Escuela Yeshiv\u00e1 K\u00e9ter Tor\u00e1 \/ ARCO Arquitectura Contempor\u00e1nea (\u00a9 Jaime Navarro)\" data-rl_title=\"Escuela Yeshiv\u00e1 K\u00e9ter Tor\u00e1 \/ ARCO Arquitectura Contempor\u00e1nea (\u00a9 Jaime Navarro)\" class=\"rl-gallery-link\" data-rl_caption=\"Escuela Yeshiv\u00e1 K\u00e9ter Tor\u00e1 \/ ARCO Arquitectura Contempor\u00e1nea (\u00a9 Jaime Navarro)\" data-rel=\"lightbox-gallery-1\"><img loading=\"lazy\" decoding=\"async\" width=\"150\" height=\"150\" src=\"https:\/\/www.arquimaster.com.ar\/web\/wp-content\/uploads\/2024\/09\/escuela_yeshiva_3-150x150.jpg\" class=\"attachment-thumbnail size-thumbnail\" alt=\"Escuela Yeshiv\u00e1 K\u00e9ter Tor\u00e1 \/ ARCO Arquitectura Contempor\u00e1nea\" aria-describedby=\"gallery-1-80334\" \/><\/a>\n\t\t\t<\/div>\n\t\t\t\t<figcaption class='wp-caption-text gallery-caption' id='gallery-1-80334'>\n\t\t\t\tEscuela Yeshiv\u00e1 K\u00e9ter Tor\u00e1 \/ ARCO Arquitectura Contempor\u00e1nea (\u00a9 Jaime Navarro)\n\t\t\t\t<\/figcaption><\/figure><figure class='gallery-item'>\n\t\t\t<div class='gallery-icon landscape'>\n\t\t\t\t<a href='https:\/\/www.arquimaster.com.ar\/web\/wp-content\/uploads\/2024\/09\/escuela_yeshiva_4.jpg' title=\"Escuela Yeshiv\u00e1 K\u00e9ter Tor\u00e1 \/ ARCO Arquitectura Contempor\u00e1nea (\u00a9 Jaime Navarro)\" data-rl_title=\"Escuela Yeshiv\u00e1 K\u00e9ter Tor\u00e1 \/ ARCO Arquitectura Contempor\u00e1nea (\u00a9 Jaime Navarro)\" class=\"rl-gallery-link\" data-rl_caption=\"Escuela Yeshiv\u00e1 K\u00e9ter Tor\u00e1 \/ ARCO Arquitectura Contempor\u00e1nea (\u00a9 Jaime Navarro)\" data-rel=\"lightbox-gallery-1\"><img loading=\"lazy\" decoding=\"async\" width=\"150\" height=\"150\" src=\"https:\/\/www.arquimaster.com.ar\/web\/wp-content\/uploads\/2024\/09\/escuela_yeshiva_4-150x150.jpg\" class=\"attachment-thumbnail size-thumbnail\" alt=\"Escuela Yeshiv\u00e1 K\u00e9ter Tor\u00e1 \/ ARCO Arquitectura Contempor\u00e1nea\" aria-describedby=\"gallery-1-80335\" \/><\/a>\n\t\t\t<\/div>\n\t\t\t\t<figcaption class='wp-caption-text gallery-caption' id='gallery-1-80335'>\n\t\t\t\tEscuela Yeshiv\u00e1 K\u00e9ter Tor\u00e1 \/ ARCO Arquitectura Contempor\u00e1nea (\u00a9 Jaime Navarro)\n\t\t\t\t<\/figcaption><\/figure><figure class='gallery-item'>\n\t\t\t<div class='gallery-icon landscape'>\n\t\t\t\t<a href='https:\/\/www.arquimaster.com.ar\/web\/wp-content\/uploads\/2024\/09\/escuela_yeshiva_5.jpg' title=\"Escuela Yeshiv\u00e1 K\u00e9ter Tor\u00e1 \/ ARCO Arquitectura Contempor\u00e1nea (\u00a9 Jaime Navarro)\" data-rl_title=\"Escuela Yeshiv\u00e1 K\u00e9ter Tor\u00e1 \/ ARCO Arquitectura Contempor\u00e1nea (\u00a9 Jaime Navarro)\" class=\"rl-gallery-link\" data-rl_caption=\"Escuela Yeshiv\u00e1 K\u00e9ter Tor\u00e1 \/ ARCO Arquitectura Contempor\u00e1nea (\u00a9 Jaime Navarro)\" data-rel=\"lightbox-gallery-1\"><img loading=\"lazy\" decoding=\"async\" width=\"150\" height=\"150\" src=\"https:\/\/www.arquimaster.com.ar\/web\/wp-content\/uploads\/2024\/09\/escuela_yeshiva_5-150x150.jpg\" class=\"attachment-thumbnail size-thumbnail\" alt=\"Escuela Yeshiv\u00e1 K\u00e9ter Tor\u00e1 \/ ARCO Arquitectura Contempor\u00e1nea\" aria-describedby=\"gallery-1-80336\" \/><\/a>\n\t\t\t<\/div>\n\t\t\t\t<figcaption class='wp-caption-text gallery-caption' id='gallery-1-80336'>\n\t\t\t\tEscuela Yeshiv\u00e1 K\u00e9ter Tor\u00e1 \/ ARCO Arquitectura Contempor\u00e1nea (\u00a9 Jaime Navarro)\n\t\t\t\t<\/figcaption><\/figure><figure class='gallery-item'>\n\t\t\t<div class='gallery-icon portrait'>\n\t\t\t\t<a href='https:\/\/www.arquimaster.com.ar\/web\/wp-content\/uploads\/2024\/09\/escuela_yeshiva_6.jpg' title=\"Escuela Yeshiv\u00e1 K\u00e9ter Tor\u00e1 \/ ARCO Arquitectura Contempor\u00e1nea (\u00a9 Jaime Navarro)\" data-rl_title=\"Escuela Yeshiv\u00e1 K\u00e9ter Tor\u00e1 \/ ARCO Arquitectura Contempor\u00e1nea (\u00a9 Jaime Navarro)\" class=\"rl-gallery-link\" data-rl_caption=\"Escuela Yeshiv\u00e1 K\u00e9ter Tor\u00e1 \/ ARCO Arquitectura Contempor\u00e1nea (\u00a9 Jaime Navarro)\" data-rel=\"lightbox-gallery-1\"><img loading=\"lazy\" decoding=\"async\" width=\"150\" height=\"150\" src=\"https:\/\/www.arquimaster.com.ar\/web\/wp-content\/uploads\/2024\/09\/escuela_yeshiva_6-150x150.jpg\" class=\"attachment-thumbnail size-thumbnail\" alt=\"Escuela Yeshiv\u00e1 K\u00e9ter Tor\u00e1 \/ ARCO Arquitectura Contempor\u00e1nea\" aria-describedby=\"gallery-1-80337\" \/><\/a>\n\t\t\t<\/div>\n\t\t\t\t<figcaption class='wp-caption-text gallery-caption' id='gallery-1-80337'>\n\t\t\t\tEscuela Yeshiv\u00e1 K\u00e9ter Tor\u00e1 \/ ARCO Arquitectura Contempor\u00e1nea (\u00a9 Jaime Navarro)\n\t\t\t\t<\/figcaption><\/figure><figure class='gallery-item'>\n\t\t\t<div class='gallery-icon portrait'>\n\t\t\t\t<a href='https:\/\/www.arquimaster.com.ar\/web\/wp-content\/uploads\/2024\/09\/escuela_yeshiva_7.jpg' title=\"Escuela Yeshiv\u00e1 K\u00e9ter Tor\u00e1 \/ ARCO Arquitectura Contempor\u00e1nea (\u00a9 Jaime Navarro)\" data-rl_title=\"Escuela Yeshiv\u00e1 K\u00e9ter Tor\u00e1 \/ ARCO Arquitectura Contempor\u00e1nea (\u00a9 Jaime Navarro)\" class=\"rl-gallery-link\" data-rl_caption=\"Escuela Yeshiv\u00e1 K\u00e9ter Tor\u00e1 \/ ARCO Arquitectura Contempor\u00e1nea (\u00a9 Jaime Navarro)\" data-rel=\"lightbox-gallery-1\"><img loading=\"lazy\" decoding=\"async\" width=\"150\" height=\"150\" src=\"https:\/\/www.arquimaster.com.ar\/web\/wp-content\/uploads\/2024\/09\/escuela_yeshiva_7-150x150.jpg\" class=\"attachment-thumbnail size-thumbnail\" alt=\"Escuela Yeshiv\u00e1 K\u00e9ter Tor\u00e1 \/ ARCO Arquitectura Contempor\u00e1nea\" aria-describedby=\"gallery-1-80338\" \/><\/a>\n\t\t\t<\/div>\n\t\t\t\t<figcaption class='wp-caption-text gallery-caption' id='gallery-1-80338'>\n\t\t\t\tEscuela Yeshiv\u00e1 K\u00e9ter Tor\u00e1 \/ ARCO Arquitectura Contempor\u00e1nea (\u00a9 Jaime Navarro)\n\t\t\t\t<\/figcaption><\/figure><figure class='gallery-item'>\n\t\t\t<div class='gallery-icon landscape'>\n\t\t\t\t<a href='https:\/\/www.arquimaster.com.ar\/web\/wp-content\/uploads\/2024\/09\/escuela_yeshiva_8.jpg' title=\"Escuela Yeshiv\u00e1 K\u00e9ter Tor\u00e1 \/ ARCO Arquitectura Contempor\u00e1nea (\u00a9 Jaime Navarro)\" data-rl_title=\"Escuela Yeshiv\u00e1 K\u00e9ter Tor\u00e1 \/ ARCO Arquitectura Contempor\u00e1nea (\u00a9 Jaime Navarro)\" class=\"rl-gallery-link\" data-rl_caption=\"Escuela Yeshiv\u00e1 K\u00e9ter Tor\u00e1 \/ ARCO Arquitectura Contempor\u00e1nea (\u00a9 Jaime Navarro)\" data-rel=\"lightbox-gallery-1\"><img loading=\"lazy\" decoding=\"async\" width=\"150\" height=\"150\" src=\"https:\/\/www.arquimaster.com.ar\/web\/wp-content\/uploads\/2024\/09\/escuela_yeshiva_8-150x150.jpg\" class=\"attachment-thumbnail size-thumbnail\" alt=\"Escuela Yeshiv\u00e1 K\u00e9ter Tor\u00e1 \/ ARCO Arquitectura Contempor\u00e1nea\" aria-describedby=\"gallery-1-80339\" \/><\/a>\n\t\t\t<\/div>\n\t\t\t\t<figcaption class='wp-caption-text gallery-caption' id='gallery-1-80339'>\n\t\t\t\tEscuela Yeshiv\u00e1 K\u00e9ter Tor\u00e1 \/ ARCO Arquitectura Contempor\u00e1nea (\u00a9 Jaime Navarro)\n\t\t\t\t<\/figcaption><\/figure><figure class='gallery-item'>\n\t\t\t<div class='gallery-icon landscape'>\n\t\t\t\t<a href='https:\/\/www.arquimaster.com.ar\/web\/wp-content\/uploads\/2024\/09\/escuela_yeshiva_9.jpg' title=\"Escuela Yeshiv\u00e1 K\u00e9ter Tor\u00e1 \/ ARCO Arquitectura Contempor\u00e1nea (\u00a9 Jaime Navarro)\" data-rl_title=\"Escuela Yeshiv\u00e1 K\u00e9ter Tor\u00e1 \/ ARCO Arquitectura Contempor\u00e1nea (\u00a9 Jaime Navarro)\" class=\"rl-gallery-link\" data-rl_caption=\"Escuela Yeshiv\u00e1 K\u00e9ter Tor\u00e1 \/ ARCO Arquitectura Contempor\u00e1nea (\u00a9 Jaime Navarro)\" data-rel=\"lightbox-gallery-1\"><img loading=\"lazy\" decoding=\"async\" width=\"150\" height=\"150\" src=\"https:\/\/www.arquimaster.com.ar\/web\/wp-content\/uploads\/2024\/09\/escuela_yeshiva_9-150x150.jpg\" class=\"attachment-thumbnail size-thumbnail\" alt=\"Escuela Yeshiv\u00e1 K\u00e9ter Tor\u00e1 \/ ARCO Arquitectura Contempor\u00e1nea\" aria-describedby=\"gallery-1-80340\" \/><\/a>\n\t\t\t<\/div>\n\t\t\t\t<figcaption class='wp-caption-text gallery-caption' id='gallery-1-80340'>\n\t\t\t\tEscuela Yeshiv\u00e1 K\u00e9ter Tor\u00e1 \/ ARCO Arquitectura Contempor\u00e1nea (\u00a9 Jaime Navarro)\n\t\t\t\t<\/figcaption><\/figure><figure class='gallery-item'>\n\t\t\t<div class='gallery-icon landscape'>\n\t\t\t\t<a href='https:\/\/www.arquimaster.com.ar\/web\/wp-content\/uploads\/2024\/09\/escuela_yeshiva_10.jpg' title=\"Escuela Yeshiv\u00e1 K\u00e9ter Tor\u00e1 \/ ARCO Arquitectura Contempor\u00e1nea (\u00a9 Jaime Navarro)\" data-rl_title=\"Escuela Yeshiv\u00e1 K\u00e9ter Tor\u00e1 \/ ARCO Arquitectura Contempor\u00e1nea (\u00a9 Jaime Navarro)\" class=\"rl-gallery-link\" data-rl_caption=\"Escuela Yeshiv\u00e1 K\u00e9ter Tor\u00e1 \/ ARCO Arquitectura Contempor\u00e1nea (\u00a9 Jaime Navarro)\" data-rel=\"lightbox-gallery-1\"><img loading=\"lazy\" decoding=\"async\" width=\"150\" height=\"150\" src=\"https:\/\/www.arquimaster.com.ar\/web\/wp-content\/uploads\/2024\/09\/escuela_yeshiva_10-150x150.jpg\" class=\"attachment-thumbnail size-thumbnail\" alt=\"Escuela Yeshiv\u00e1 K\u00e9ter Tor\u00e1 \/ ARCO Arquitectura Contempor\u00e1nea\" aria-describedby=\"gallery-1-80341\" \/><\/a>\n\t\t\t<\/div>\n\t\t\t\t<figcaption class='wp-caption-text gallery-caption' id='gallery-1-80341'>\n\t\t\t\tEscuela Yeshiv\u00e1 K\u00e9ter Tor\u00e1 \/ ARCO Arquitectura Contempor\u00e1nea (\u00a9 Jaime Navarro)\n\t\t\t\t<\/figcaption><\/figure><figure class='gallery-item'>\n\t\t\t<div class='gallery-icon landscape'>\n\t\t\t\t<a href='https:\/\/www.arquimaster.com.ar\/web\/wp-content\/uploads\/2024\/09\/escuela_yeshiva_11.jpg' title=\"Escuela Yeshiv\u00e1 K\u00e9ter Tor\u00e1 \/ ARCO Arquitectura Contempor\u00e1nea (\u00a9 Jaime Navarro)\" data-rl_title=\"Escuela Yeshiv\u00e1 K\u00e9ter Tor\u00e1 \/ ARCO Arquitectura Contempor\u00e1nea (\u00a9 Jaime Navarro)\" class=\"rl-gallery-link\" data-rl_caption=\"Escuela Yeshiv\u00e1 K\u00e9ter Tor\u00e1 \/ ARCO Arquitectura Contempor\u00e1nea (\u00a9 Jaime Navarro)\" data-rel=\"lightbox-gallery-1\"><img loading=\"lazy\" decoding=\"async\" width=\"150\" height=\"150\" src=\"https:\/\/www.arquimaster.com.ar\/web\/wp-content\/uploads\/2024\/09\/escuela_yeshiva_11-150x150.jpg\" class=\"attachment-thumbnail size-thumbnail\" alt=\"Escuela Yeshiv\u00e1 K\u00e9ter Tor\u00e1 \/ ARCO Arquitectura Contempor\u00e1nea\" aria-describedby=\"gallery-1-80342\" \/><\/a>\n\t\t\t<\/div>\n\t\t\t\t<figcaption class='wp-caption-text gallery-caption' id='gallery-1-80342'>\n\t\t\t\tEscuela Yeshiv\u00e1 K\u00e9ter Tor\u00e1 \/ ARCO Arquitectura Contempor\u00e1nea (\u00a9 Jaime Navarro)\n\t\t\t\t<\/figcaption><\/figure><figure class='gallery-item'>\n\t\t\t<div class='gallery-icon portrait'>\n\t\t\t\t<a href='https:\/\/www.arquimaster.com.ar\/web\/wp-content\/uploads\/2024\/09\/escuela_yeshiva_12.jpg' title=\"Escuela Yeshiv\u00e1 K\u00e9ter Tor\u00e1 \/ ARCO Arquitectura Contempor\u00e1nea (\u00a9 Jaime Navarro)\" data-rl_title=\"Escuela Yeshiv\u00e1 K\u00e9ter Tor\u00e1 \/ ARCO Arquitectura Contempor\u00e1nea (\u00a9 Jaime Navarro)\" class=\"rl-gallery-link\" data-rl_caption=\"Escuela Yeshiv\u00e1 K\u00e9ter Tor\u00e1 \/ ARCO Arquitectura Contempor\u00e1nea (\u00a9 Jaime Navarro)\" data-rel=\"lightbox-gallery-1\"><img loading=\"lazy\" decoding=\"async\" width=\"150\" height=\"150\" src=\"https:\/\/www.arquimaster.com.ar\/web\/wp-content\/uploads\/2024\/09\/escuela_yeshiva_12-150x150.jpg\" class=\"attachment-thumbnail size-thumbnail\" alt=\"Escuela Yeshiv\u00e1 K\u00e9ter Tor\u00e1 \/ ARCO Arquitectura Contempor\u00e1nea\" aria-describedby=\"gallery-1-80343\" \/><\/a>\n\t\t\t<\/div>\n\t\t\t\t<figcaption class='wp-caption-text gallery-caption' id='gallery-1-80343'>\n\t\t\t\tEscuela Yeshiv\u00e1 K\u00e9ter Tor\u00e1 \/ ARCO Arquitectura Contempor\u00e1nea (\u00a9 Jaime Navarro)\n\t\t\t\t<\/figcaption><\/figure><figure class='gallery-item'>\n\t\t\t<div class='gallery-icon portrait'>\n\t\t\t\t<a href='https:\/\/www.arquimaster.com.ar\/web\/wp-content\/uploads\/2024\/09\/escuela_yeshiva_13.jpg' title=\"Escuela Yeshiv\u00e1 K\u00e9ter Tor\u00e1 \/ ARCO Arquitectura Contempor\u00e1nea (\u00a9 Jaime Navarro)\" data-rl_title=\"Escuela Yeshiv\u00e1 K\u00e9ter Tor\u00e1 \/ ARCO Arquitectura Contempor\u00e1nea (\u00a9 Jaime Navarro)\" class=\"rl-gallery-link\" data-rl_caption=\"Escuela Yeshiv\u00e1 K\u00e9ter Tor\u00e1 \/ ARCO Arquitectura Contempor\u00e1nea (\u00a9 Jaime Navarro)\" data-rel=\"lightbox-gallery-1\"><img loading=\"lazy\" decoding=\"async\" width=\"150\" height=\"150\" src=\"https:\/\/www.arquimaster.com.ar\/web\/wp-content\/uploads\/2024\/09\/escuela_yeshiva_13-150x150.jpg\" class=\"attachment-thumbnail size-thumbnail\" alt=\"Escuela Yeshiv\u00e1 K\u00e9ter Tor\u00e1 \/ ARCO Arquitectura Contempor\u00e1nea\" aria-describedby=\"gallery-1-80344\" \/><\/a>\n\t\t\t<\/div>\n\t\t\t\t<figcaption class='wp-caption-text gallery-caption' id='gallery-1-80344'>\n\t\t\t\tEscuela Yeshiv\u00e1 K\u00e9ter Tor\u00e1 \/ ARCO Arquitectura Contempor\u00e1nea (\u00a9 Jaime Navarro)\n\t\t\t\t<\/figcaption><\/figure><figure class='gallery-item'>\n\t\t\t<div class='gallery-icon portrait'>\n\t\t\t\t<a href='https:\/\/www.arquimaster.com.ar\/web\/wp-content\/uploads\/2024\/09\/escuela_yeshiva_14.jpg' title=\"Escuela Yeshiv\u00e1 K\u00e9ter Tor\u00e1 \/ ARCO Arquitectura Contempor\u00e1nea (\u00a9 Jaime Navarro)\" data-rl_title=\"Escuela Yeshiv\u00e1 K\u00e9ter Tor\u00e1 \/ ARCO Arquitectura Contempor\u00e1nea (\u00a9 Jaime Navarro)\" class=\"rl-gallery-link\" data-rl_caption=\"Escuela Yeshiv\u00e1 K\u00e9ter Tor\u00e1 \/ ARCO Arquitectura Contempor\u00e1nea (\u00a9 Jaime Navarro)\" data-rel=\"lightbox-gallery-1\"><img loading=\"lazy\" decoding=\"async\" width=\"150\" height=\"150\" src=\"https:\/\/www.arquimaster.com.ar\/web\/wp-content\/uploads\/2024\/09\/escuela_yeshiva_14-150x150.jpg\" class=\"attachment-thumbnail size-thumbnail\" alt=\"Escuela Yeshiv\u00e1 K\u00e9ter Tor\u00e1 \/ ARCO Arquitectura Contempor\u00e1nea\" aria-describedby=\"gallery-1-80345\" \/><\/a>\n\t\t\t<\/div>\n\t\t\t\t<figcaption class='wp-caption-text gallery-caption' id='gallery-1-80345'>\n\t\t\t\tEscuela Yeshiv\u00e1 K\u00e9ter Tor\u00e1 \/ ARCO Arquitectura Contempor\u00e1nea (\u00a9 Jaime Navarro)\n\t\t\t\t<\/figcaption><\/figure><figure class='gallery-item'>\n\t\t\t<div class='gallery-icon portrait'>\n\t\t\t\t<a href='https:\/\/www.arquimaster.com.ar\/web\/wp-content\/uploads\/2024\/09\/escuela_yeshiva_15.jpg' title=\"Escuela Yeshiv\u00e1 K\u00e9ter Tor\u00e1 \/ ARCO Arquitectura Contempor\u00e1nea (\u00a9 Jaime Navarro)\" data-rl_title=\"Escuela Yeshiv\u00e1 K\u00e9ter Tor\u00e1 \/ ARCO Arquitectura Contempor\u00e1nea (\u00a9 Jaime Navarro)\" class=\"rl-gallery-link\" data-rl_caption=\"Escuela Yeshiv\u00e1 K\u00e9ter Tor\u00e1 \/ ARCO Arquitectura Contempor\u00e1nea (\u00a9 Jaime Navarro)\" data-rel=\"lightbox-gallery-1\"><img loading=\"lazy\" decoding=\"async\" width=\"150\" height=\"150\" src=\"https:\/\/www.arquimaster.com.ar\/web\/wp-content\/uploads\/2024\/09\/escuela_yeshiva_15-150x150.jpg\" class=\"attachment-thumbnail size-thumbnail\" alt=\"Escuela Yeshiv\u00e1 K\u00e9ter Tor\u00e1 \/ ARCO Arquitectura Contempor\u00e1nea\" aria-describedby=\"gallery-1-80346\" \/><\/a>\n\t\t\t<\/div>\n\t\t\t\t<figcaption class='wp-caption-text gallery-caption' id='gallery-1-80346'>\n\t\t\t\tEscuela Yeshiv\u00e1 K\u00e9ter Tor\u00e1 \/ ARCO Arquitectura Contempor\u00e1nea (\u00a9 Jaime Navarro)\n\t\t\t\t<\/figcaption><\/figure><figure class='gallery-item'>\n\t\t\t<div class='gallery-icon landscape'>\n\t\t\t\t<a href='https:\/\/www.arquimaster.com.ar\/web\/wp-content\/uploads\/2024\/09\/escuela_yeshiva_16.jpg' title=\"Escuela Yeshiv\u00e1 K\u00e9ter Tor\u00e1 \/ ARCO Arquitectura Contempor\u00e1nea (\u00a9 Jaime Navarro)\" data-rl_title=\"Escuela Yeshiv\u00e1 K\u00e9ter Tor\u00e1 \/ ARCO Arquitectura Contempor\u00e1nea (\u00a9 Jaime Navarro)\" class=\"rl-gallery-link\" data-rl_caption=\"Escuela Yeshiv\u00e1 K\u00e9ter Tor\u00e1 \/ ARCO Arquitectura Contempor\u00e1nea (\u00a9 Jaime Navarro)\" data-rel=\"lightbox-gallery-1\"><img loading=\"lazy\" decoding=\"async\" width=\"150\" height=\"150\" src=\"https:\/\/www.arquimaster.com.ar\/web\/wp-content\/uploads\/2024\/09\/escuela_yeshiva_16-150x150.jpg\" class=\"attachment-thumbnail size-thumbnail\" alt=\"Escuela Yeshiv\u00e1 K\u00e9ter Tor\u00e1 \/ ARCO Arquitectura Contempor\u00e1nea\" aria-describedby=\"gallery-1-80347\" \/><\/a>\n\t\t\t<\/div>\n\t\t\t\t<figcaption class='wp-caption-text gallery-caption' id='gallery-1-80347'>\n\t\t\t\tEscuela Yeshiv\u00e1 K\u00e9ter Tor\u00e1 \/ ARCO Arquitectura Contempor\u00e1nea (\u00a9 Jaime Navarro)\n\t\t\t\t<\/figcaption><\/figure><figure class='gallery-item'>\n\t\t\t<div class='gallery-icon landscape'>\n\t\t\t\t<a href='https:\/\/www.arquimaster.com.ar\/web\/wp-content\/uploads\/2024\/09\/escuela_yeshiva_17.jpg' title=\"Escuela Yeshiv\u00e1 K\u00e9ter Tor\u00e1 \/ ARCO Arquitectura Contempor\u00e1nea (\u00a9 Jaime Navarro)\" data-rl_title=\"Escuela Yeshiv\u00e1 K\u00e9ter Tor\u00e1 \/ ARCO Arquitectura Contempor\u00e1nea (\u00a9 Jaime Navarro)\" class=\"rl-gallery-link\" data-rl_caption=\"Escuela Yeshiv\u00e1 K\u00e9ter Tor\u00e1 \/ ARCO Arquitectura Contempor\u00e1nea (\u00a9 Jaime Navarro)\" data-rel=\"lightbox-gallery-1\"><img loading=\"lazy\" decoding=\"async\" width=\"150\" height=\"150\" src=\"https:\/\/www.arquimaster.com.ar\/web\/wp-content\/uploads\/2024\/09\/escuela_yeshiva_17-150x150.jpg\" class=\"attachment-thumbnail size-thumbnail\" alt=\"Escuela Yeshiv\u00e1 K\u00e9ter Tor\u00e1 \/ ARCO Arquitectura Contempor\u00e1nea\" aria-describedby=\"gallery-1-80348\" \/><\/a>\n\t\t\t<\/div>\n\t\t\t\t<figcaption class='wp-caption-text gallery-caption' id='gallery-1-80348'>\n\t\t\t\tEscuela Yeshiv\u00e1 K\u00e9ter Tor\u00e1 \/ ARCO Arquitectura Contempor\u00e1nea (\u00a9 Jaime Navarro)\n\t\t\t\t<\/figcaption><\/figure><figure class='gallery-item'>\n\t\t\t<div class='gallery-icon landscape'>\n\t\t\t\t<a href='https:\/\/www.arquimaster.com.ar\/web\/wp-content\/uploads\/2024\/09\/escuela_yeshiva_18.jpg' title=\"Escuela Yeshiv\u00e1 K\u00e9ter Tor\u00e1 \/ ARCO Arquitectura Contempor\u00e1nea (\u00a9 Jaime Navarro)\" data-rl_title=\"Escuela Yeshiv\u00e1 K\u00e9ter Tor\u00e1 \/ ARCO Arquitectura Contempor\u00e1nea (\u00a9 Jaime Navarro)\" class=\"rl-gallery-link\" data-rl_caption=\"Escuela Yeshiv\u00e1 K\u00e9ter Tor\u00e1 \/ ARCO Arquitectura Contempor\u00e1nea (\u00a9 Jaime Navarro)\" data-rel=\"lightbox-gallery-1\"><img loading=\"lazy\" decoding=\"async\" width=\"150\" height=\"150\" src=\"https:\/\/www.arquimaster.com.ar\/web\/wp-content\/uploads\/2024\/09\/escuela_yeshiva_18-150x150.jpg\" class=\"attachment-thumbnail size-thumbnail\" alt=\"Escuela Yeshiv\u00e1 K\u00e9ter Tor\u00e1 \/ ARCO Arquitectura Contempor\u00e1nea\" aria-describedby=\"gallery-1-80349\" \/><\/a>\n\t\t\t<\/div>\n\t\t\t\t<figcaption class='wp-caption-text gallery-caption' id='gallery-1-80349'>\n\t\t\t\tEscuela Yeshiv\u00e1 K\u00e9ter Tor\u00e1 \/ ARCO Arquitectura Contempor\u00e1nea (\u00a9 Jaime Navarro)\n\t\t\t\t<\/figcaption><\/figure><figure class='gallery-item'>\n\t\t\t<div class='gallery-icon landscape'>\n\t\t\t\t<a href='https:\/\/www.arquimaster.com.ar\/web\/wp-content\/uploads\/2024\/09\/escuela_yeshiva_19.jpg' title=\"Escuela Yeshiv\u00e1 K\u00e9ter Tor\u00e1 \/ ARCO Arquitectura Contempor\u00e1nea (\u00a9 Jaime Navarro)\" data-rl_title=\"Escuela Yeshiv\u00e1 K\u00e9ter Tor\u00e1 \/ ARCO Arquitectura Contempor\u00e1nea (\u00a9 Jaime Navarro)\" class=\"rl-gallery-link\" data-rl_caption=\"Escuela Yeshiv\u00e1 K\u00e9ter Tor\u00e1 \/ ARCO Arquitectura Contempor\u00e1nea (\u00a9 Jaime Navarro)\" data-rel=\"lightbox-gallery-1\"><img loading=\"lazy\" decoding=\"async\" width=\"150\" height=\"150\" src=\"https:\/\/www.arquimaster.com.ar\/web\/wp-content\/uploads\/2024\/09\/escuela_yeshiva_19-150x150.jpg\" class=\"attachment-thumbnail size-thumbnail\" alt=\"Escuela Yeshiv\u00e1 K\u00e9ter Tor\u00e1 \/ ARCO Arquitectura Contempor\u00e1nea\" aria-describedby=\"gallery-1-80350\" \/><\/a>\n\t\t\t<\/div>\n\t\t\t\t<figcaption class='wp-caption-text gallery-caption' id='gallery-1-80350'>\n\t\t\t\tEscuela Yeshiv\u00e1 K\u00e9ter Tor\u00e1 \/ ARCO Arquitectura Contempor\u00e1nea (\u00a9 Jaime Navarro)\n\t\t\t\t<\/figcaption><\/figure><figure class='gallery-item'>\n\t\t\t<div class='gallery-icon landscape'>\n\t\t\t\t<a href='https:\/\/www.arquimaster.com.ar\/web\/wp-content\/uploads\/2024\/09\/escuela_yeshiva_20.jpg' title=\"Escuela Yeshiv\u00e1 K\u00e9ter Tor\u00e1 \/ ARCO Arquitectura Contempor\u00e1nea (\u00a9 Jaime Navarro)\" data-rl_title=\"Escuela Yeshiv\u00e1 K\u00e9ter Tor\u00e1 \/ ARCO Arquitectura Contempor\u00e1nea (\u00a9 Jaime Navarro)\" class=\"rl-gallery-link\" data-rl_caption=\"Escuela Yeshiv\u00e1 K\u00e9ter Tor\u00e1 \/ ARCO Arquitectura Contempor\u00e1nea (\u00a9 Jaime Navarro)\" data-rel=\"lightbox-gallery-1\"><img loading=\"lazy\" decoding=\"async\" width=\"150\" height=\"150\" src=\"https:\/\/www.arquimaster.com.ar\/web\/wp-content\/uploads\/2024\/09\/escuela_yeshiva_20-150x150.jpg\" class=\"attachment-thumbnail size-thumbnail\" alt=\"Escuela Yeshiv\u00e1 K\u00e9ter Tor\u00e1 \/ ARCO Arquitectura Contempor\u00e1nea\" aria-describedby=\"gallery-1-80351\" \/><\/a>\n\t\t\t<\/div>\n\t\t\t\t<figcaption class='wp-caption-text gallery-caption' id='gallery-1-80351'>\n\t\t\t\tEscuela Yeshiv\u00e1 K\u00e9ter Tor\u00e1 \/ ARCO Arquitectura Contempor\u00e1nea (\u00a9 Jaime Navarro)\n\t\t\t\t<\/figcaption><\/figure><figure class='gallery-item'>\n\t\t\t<div class='gallery-icon portrait'>\n\t\t\t\t<a href='https:\/\/www.arquimaster.com.ar\/web\/wp-content\/uploads\/2024\/09\/escuela_yeshiva_21.jpg' title=\"Escuela Yeshiv\u00e1 K\u00e9ter Tor\u00e1 \/ ARCO Arquitectura Contempor\u00e1nea (planta baja edificio hombres)\" data-rl_title=\"Escuela Yeshiv\u00e1 K\u00e9ter Tor\u00e1 \/ ARCO Arquitectura Contempor\u00e1nea (planta baja edificio hombres)\" class=\"rl-gallery-link\" data-rl_caption=\"Escuela Yeshiv\u00e1 K\u00e9ter Tor\u00e1 \/ ARCO Arquitectura Contempor\u00e1nea (planta baja edificio hombres)\" data-rel=\"lightbox-gallery-1\"><img loading=\"lazy\" decoding=\"async\" width=\"150\" height=\"150\" src=\"https:\/\/www.arquimaster.com.ar\/web\/wp-content\/uploads\/2024\/09\/escuela_yeshiva_21-150x150.jpg\" class=\"attachment-thumbnail size-thumbnail\" alt=\"Escuela Yeshiv\u00e1 K\u00e9ter Tor\u00e1 \/ ARCO Arquitectura Contempor\u00e1nea\" aria-describedby=\"gallery-1-80352\" \/><\/a>\n\t\t\t<\/div>\n\t\t\t\t<figcaption class='wp-caption-text gallery-caption' id='gallery-1-80352'>\n\t\t\t\tEscuela Yeshiv\u00e1 K\u00e9ter Tor\u00e1 \/ ARCO Arquitectura Contempor\u00e1nea (planta baja edificio hombres)\n\t\t\t\t<\/figcaption><\/figure><figure class='gallery-item'>\n\t\t\t<div class='gallery-icon portrait'>\n\t\t\t\t<a href='https:\/\/www.arquimaster.com.ar\/web\/wp-content\/uploads\/2024\/09\/escuela_yeshiva_22.jpg' title=\"Escuela Yeshiv\u00e1 K\u00e9ter Tor\u00e1 \/ ARCO Arquitectura Contempor\u00e1nea (planta 1\u00ba nivel edificio hombres)\" data-rl_title=\"Escuela Yeshiv\u00e1 K\u00e9ter Tor\u00e1 \/ ARCO Arquitectura Contempor\u00e1nea (planta 1\u00ba nivel edificio hombres)\" class=\"rl-gallery-link\" data-rl_caption=\"Escuela Yeshiv\u00e1 K\u00e9ter Tor\u00e1 \/ ARCO Arquitectura Contempor\u00e1nea (planta 1\u00ba nivel edificio hombres)\" data-rel=\"lightbox-gallery-1\"><img loading=\"lazy\" decoding=\"async\" width=\"150\" height=\"150\" src=\"https:\/\/www.arquimaster.com.ar\/web\/wp-content\/uploads\/2024\/09\/escuela_yeshiva_22-150x150.jpg\" class=\"attachment-thumbnail size-thumbnail\" alt=\"Escuela Yeshiv\u00e1 K\u00e9ter Tor\u00e1 \/ ARCO Arquitectura Contempor\u00e1nea\" aria-describedby=\"gallery-1-80353\" \/><\/a>\n\t\t\t<\/div>\n\t\t\t\t<figcaption class='wp-caption-text gallery-caption' id='gallery-1-80353'>\n\t\t\t\tEscuela Yeshiv\u00e1 K\u00e9ter Tor\u00e1 \/ ARCO Arquitectura Contempor\u00e1nea (planta 1\u00ba nivel edificio hombres)\n\t\t\t\t<\/figcaption><\/figure><figure class='gallery-item'>\n\t\t\t<div class='gallery-icon portrait'>\n\t\t\t\t<a href='https:\/\/www.arquimaster.com.ar\/web\/wp-content\/uploads\/2024\/09\/escuela_yeshiva_23.jpg' title=\"Escuela Yeshiv\u00e1 K\u00e9ter Tor\u00e1 \/ ARCO Arquitectura Contempor\u00e1nea (planta 2\u00ba nivel edificio hombres)\" data-rl_title=\"Escuela Yeshiv\u00e1 K\u00e9ter Tor\u00e1 \/ ARCO Arquitectura Contempor\u00e1nea (planta 2\u00ba nivel edificio hombres)\" class=\"rl-gallery-link\" data-rl_caption=\"Escuela Yeshiv\u00e1 K\u00e9ter Tor\u00e1 \/ ARCO Arquitectura Contempor\u00e1nea (planta 2\u00ba nivel edificio hombres)\" data-rel=\"lightbox-gallery-1\"><img loading=\"lazy\" decoding=\"async\" width=\"150\" height=\"150\" src=\"https:\/\/www.arquimaster.com.ar\/web\/wp-content\/uploads\/2024\/09\/escuela_yeshiva_23-150x150.jpg\" class=\"attachment-thumbnail size-thumbnail\" alt=\"Escuela Yeshiv\u00e1 K\u00e9ter Tor\u00e1 \/ ARCO Arquitectura Contempor\u00e1nea\" aria-describedby=\"gallery-1-80354\" \/><\/a>\n\t\t\t<\/div>\n\t\t\t\t<figcaption class='wp-caption-text gallery-caption' id='gallery-1-80354'>\n\t\t\t\tEscuela Yeshiv\u00e1 K\u00e9ter Tor\u00e1 \/ ARCO Arquitectura Contempor\u00e1nea (planta 2\u00ba nivel edificio hombres)\n\t\t\t\t<\/figcaption><\/figure><figure class='gallery-item'>\n\t\t\t<div class='gallery-icon portrait'>\n\t\t\t\t<a href='https:\/\/www.arquimaster.com.ar\/web\/wp-content\/uploads\/2024\/09\/escuela_yeshiva_24.jpg' title=\"Escuela Yeshiv\u00e1 K\u00e9ter Tor\u00e1 \/ ARCO Arquitectura Contempor\u00e1nea (planta 3\u00ba nivel edificio hombres)\" data-rl_title=\"Escuela Yeshiv\u00e1 K\u00e9ter Tor\u00e1 \/ ARCO Arquitectura Contempor\u00e1nea (planta 3\u00ba nivel edificio hombres)\" class=\"rl-gallery-link\" data-rl_caption=\"Escuela Yeshiv\u00e1 K\u00e9ter Tor\u00e1 \/ ARCO Arquitectura Contempor\u00e1nea (planta 3\u00ba nivel edificio hombres)\" data-rel=\"lightbox-gallery-1\"><img loading=\"lazy\" decoding=\"async\" width=\"150\" height=\"150\" src=\"https:\/\/www.arquimaster.com.ar\/web\/wp-content\/uploads\/2024\/09\/escuela_yeshiva_24-150x150.jpg\" class=\"attachment-thumbnail size-thumbnail\" alt=\"Escuela Yeshiv\u00e1 K\u00e9ter Tor\u00e1 \/ ARCO Arquitectura Contempor\u00e1nea\" aria-describedby=\"gallery-1-80355\" \/><\/a>\n\t\t\t<\/div>\n\t\t\t\t<figcaption class='wp-caption-text gallery-caption' id='gallery-1-80355'>\n\t\t\t\tEscuela Yeshiv\u00e1 K\u00e9ter Tor\u00e1 \/ ARCO Arquitectura Contempor\u00e1nea (planta 3\u00ba nivel edificio hombres)\n\t\t\t\t<\/figcaption><\/figure><figure class='gallery-item'>\n\t\t\t<div class='gallery-icon landscape'>\n\t\t\t\t<a href='https:\/\/www.arquimaster.com.ar\/web\/wp-content\/uploads\/2024\/09\/escuela_yeshiva_25.jpg' title=\"Escuela Yeshiv\u00e1 K\u00e9ter Tor\u00e1 \/ ARCO Arquitectura Contempor\u00e1nea (corte edificio hombres)\" data-rl_title=\"Escuela Yeshiv\u00e1 K\u00e9ter Tor\u00e1 \/ ARCO Arquitectura Contempor\u00e1nea (corte edificio hombres)\" class=\"rl-gallery-link\" data-rl_caption=\"Escuela Yeshiv\u00e1 K\u00e9ter Tor\u00e1 \/ ARCO Arquitectura Contempor\u00e1nea (corte edificio hombres)\" data-rel=\"lightbox-gallery-1\"><img loading=\"lazy\" decoding=\"async\" width=\"150\" height=\"150\" src=\"https:\/\/www.arquimaster.com.ar\/web\/wp-content\/uploads\/2024\/09\/escuela_yeshiva_25-150x150.jpg\" class=\"attachment-thumbnail size-thumbnail\" alt=\"Escuela Yeshiv\u00e1 K\u00e9ter Tor\u00e1 \/ ARCO Arquitectura Contempor\u00e1nea\" aria-describedby=\"gallery-1-80356\" \/><\/a>\n\t\t\t<\/div>\n\t\t\t\t<figcaption class='wp-caption-text gallery-caption' id='gallery-1-80356'>\n\t\t\t\tEscuela Yeshiv\u00e1 K\u00e9ter Tor\u00e1 \/ ARCO Arquitectura Contempor\u00e1nea (corte edificio hombres)\n\t\t\t\t<\/figcaption><\/figure><figure class='gallery-item'>\n\t\t\t<div class='gallery-icon portrait'>\n\t\t\t\t<a href='https:\/\/www.arquimaster.com.ar\/web\/wp-content\/uploads\/2024\/09\/escuela_yeshiva_26.jpg' title=\"Escuela Yeshiv\u00e1 K\u00e9ter Tor\u00e1 \/ ARCO Arquitectura Contempor\u00e1nea (corte edificio hombres)\" data-rl_title=\"Escuela Yeshiv\u00e1 K\u00e9ter Tor\u00e1 \/ ARCO Arquitectura Contempor\u00e1nea (corte edificio hombres)\" class=\"rl-gallery-link\" data-rl_caption=\"Escuela Yeshiv\u00e1 K\u00e9ter Tor\u00e1 \/ ARCO Arquitectura Contempor\u00e1nea (corte edificio hombres)\" data-rel=\"lightbox-gallery-1\"><img loading=\"lazy\" decoding=\"async\" width=\"150\" height=\"150\" src=\"https:\/\/www.arquimaster.com.ar\/web\/wp-content\/uploads\/2024\/09\/escuela_yeshiva_26-150x150.jpg\" class=\"attachment-thumbnail size-thumbnail\" alt=\"Escuela Yeshiv\u00e1 K\u00e9ter Tor\u00e1 \/ ARCO Arquitectura Contempor\u00e1nea\" aria-describedby=\"gallery-1-80357\" \/><\/a>\n\t\t\t<\/div>\n\t\t\t\t<figcaption class='wp-caption-text gallery-caption' id='gallery-1-80357'>\n\t\t\t\tEscuela Yeshiv\u00e1 K\u00e9ter Tor\u00e1 \/ ARCO Arquitectura Contempor\u00e1nea (corte edificio hombres)\n\t\t\t\t<\/figcaption><\/figure><figure class='gallery-item'>\n\t\t\t<div class='gallery-icon portrait'>\n\t\t\t\t<a href='https:\/\/www.arquimaster.com.ar\/web\/wp-content\/uploads\/2024\/09\/escuela_yeshiva_27.jpg' title=\"Escuela Yeshiv\u00e1 K\u00e9ter Tor\u00e1 \/ ARCO Arquitectura Contempor\u00e1nea (planta baja edificio mujeres)\" data-rl_title=\"Escuela Yeshiv\u00e1 K\u00e9ter Tor\u00e1 \/ ARCO Arquitectura Contempor\u00e1nea (planta baja edificio mujeres)\" class=\"rl-gallery-link\" data-rl_caption=\"Escuela Yeshiv\u00e1 K\u00e9ter Tor\u00e1 \/ ARCO Arquitectura Contempor\u00e1nea (planta baja edificio mujeres)\" data-rel=\"lightbox-gallery-1\"><img loading=\"lazy\" decoding=\"async\" width=\"150\" height=\"150\" src=\"https:\/\/www.arquimaster.com.ar\/web\/wp-content\/uploads\/2024\/09\/escuela_yeshiva_27-150x150.jpg\" class=\"attachment-thumbnail size-thumbnail\" alt=\"Escuela Yeshiv\u00e1 K\u00e9ter Tor\u00e1 \/ ARCO Arquitectura Contempor\u00e1nea\" aria-describedby=\"gallery-1-80358\" \/><\/a>\n\t\t\t<\/div>\n\t\t\t\t<figcaption class='wp-caption-text gallery-caption' id='gallery-1-80358'>\n\t\t\t\tEscuela Yeshiv\u00e1 K\u00e9ter Tor\u00e1 \/ ARCO Arquitectura Contempor\u00e1nea (planta baja edificio mujeres)\n\t\t\t\t<\/figcaption><\/figure><figure class='gallery-item'>\n\t\t\t<div class='gallery-icon portrait'>\n\t\t\t\t<a href='https:\/\/www.arquimaster.com.ar\/web\/wp-content\/uploads\/2024\/09\/escuela_yeshiva_28.jpg' title=\"Escuela Yeshiv\u00e1 K\u00e9ter Tor\u00e1 \/ ARCO Arquitectura Contempor\u00e1nea (planta 1\u00ba nivel edificio mujeres)\" data-rl_title=\"Escuela Yeshiv\u00e1 K\u00e9ter Tor\u00e1 \/ ARCO Arquitectura Contempor\u00e1nea (planta 1\u00ba nivel edificio mujeres)\" class=\"rl-gallery-link\" data-rl_caption=\"Escuela Yeshiv\u00e1 K\u00e9ter Tor\u00e1 \/ ARCO Arquitectura Contempor\u00e1nea (planta 1\u00ba nivel edificio mujeres)\" data-rel=\"lightbox-gallery-1\"><img loading=\"lazy\" decoding=\"async\" width=\"150\" height=\"150\" src=\"https:\/\/www.arquimaster.com.ar\/web\/wp-content\/uploads\/2024\/09\/escuela_yeshiva_28-150x150.jpg\" class=\"attachment-thumbnail size-thumbnail\" alt=\"Escuela Yeshiv\u00e1 K\u00e9ter Tor\u00e1 \/ ARCO Arquitectura Contempor\u00e1nea\" aria-describedby=\"gallery-1-80359\" \/><\/a>\n\t\t\t<\/div>\n\t\t\t\t<figcaption class='wp-caption-text gallery-caption' id='gallery-1-80359'>\n\t\t\t\tEscuela Yeshiv\u00e1 K\u00e9ter Tor\u00e1 \/ ARCO Arquitectura Contempor\u00e1nea (planta 1\u00ba nivel edificio mujeres)\n\t\t\t\t<\/figcaption><\/figure><figure class='gallery-item'>\n\t\t\t<div class='gallery-icon portrait'>\n\t\t\t\t<a href='https:\/\/www.arquimaster.com.ar\/web\/wp-content\/uploads\/2024\/09\/escuela_yeshiva_29.jpg' title=\"Escuela Yeshiv\u00e1 K\u00e9ter Tor\u00e1 \/ ARCO Arquitectura Contempor\u00e1nea (planta 2\u00ba nivel edificio mujeres)\" data-rl_title=\"Escuela Yeshiv\u00e1 K\u00e9ter Tor\u00e1 \/ ARCO Arquitectura Contempor\u00e1nea (planta 2\u00ba nivel edificio mujeres)\" class=\"rl-gallery-link\" data-rl_caption=\"Escuela Yeshiv\u00e1 K\u00e9ter Tor\u00e1 \/ ARCO Arquitectura Contempor\u00e1nea (planta 2\u00ba nivel edificio mujeres)\" data-rel=\"lightbox-gallery-1\"><img loading=\"lazy\" decoding=\"async\" width=\"150\" height=\"150\" src=\"https:\/\/www.arquimaster.com.ar\/web\/wp-content\/uploads\/2024\/09\/escuela_yeshiva_29-150x150.jpg\" class=\"attachment-thumbnail size-thumbnail\" alt=\"Escuela Yeshiv\u00e1 K\u00e9ter Tor\u00e1 \/ ARCO Arquitectura Contempor\u00e1nea\" aria-describedby=\"gallery-1-80360\" \/><\/a>\n\t\t\t<\/div>\n\t\t\t\t<figcaption class='wp-caption-text gallery-caption' id='gallery-1-80360'>\n\t\t\t\tEscuela Yeshiv\u00e1 K\u00e9ter Tor\u00e1 \/ ARCO Arquitectura Contempor\u00e1nea (planta 2\u00ba nivel edificio mujeres)\n\t\t\t\t<\/figcaption><\/figure><figure class='gallery-item'>\n\t\t\t<div class='gallery-icon landscape'>\n\t\t\t\t<a href='https:\/\/www.arquimaster.com.ar\/web\/wp-content\/uploads\/2024\/09\/escuela_yeshiva_30.jpg' title=\"Escuela Yeshiv\u00e1 K\u00e9ter Tor\u00e1 \/ ARCO Arquitectura Contempor\u00e1nea (corte edificio mujeres)\" data-rl_title=\"Escuela Yeshiv\u00e1 K\u00e9ter Tor\u00e1 \/ ARCO Arquitectura Contempor\u00e1nea (corte edificio mujeres)\" class=\"rl-gallery-link\" data-rl_caption=\"Escuela Yeshiv\u00e1 K\u00e9ter Tor\u00e1 \/ ARCO Arquitectura Contempor\u00e1nea (corte edificio mujeres)\" data-rel=\"lightbox-gallery-1\"><img loading=\"lazy\" decoding=\"async\" width=\"150\" height=\"150\" src=\"https:\/\/www.arquimaster.com.ar\/web\/wp-content\/uploads\/2024\/09\/escuela_yeshiva_30-150x150.jpg\" class=\"attachment-thumbnail size-thumbnail\" alt=\"Escuela Yeshiv\u00e1 K\u00e9ter Tor\u00e1 \/ ARCO Arquitectura Contempor\u00e1nea\" aria-describedby=\"gallery-1-80361\" \/><\/a>\n\t\t\t<\/div>\n\t\t\t\t<figcaption class='wp-caption-text gallery-caption' id='gallery-1-80361'>\n\t\t\t\tEscuela Yeshiv\u00e1 K\u00e9ter Tor\u00e1 \/ ARCO Arquitectura Contempor\u00e1nea (corte edificio mujeres)\n\t\t\t\t<\/figcaption><\/figure><figure class='gallery-item'>\n\t\t\t<div class='gallery-icon landscape'>\n\t\t\t\t<a href='https:\/\/www.arquimaster.com.ar\/web\/wp-content\/uploads\/2024\/09\/escuela_yeshiva_31.jpg' title=\"Escuela Yeshiv\u00e1 K\u00e9ter Tor\u00e1 \/ ARCO Arquitectura Contempor\u00e1nea (corte edificio mujeres)\" data-rl_title=\"Escuela Yeshiv\u00e1 K\u00e9ter Tor\u00e1 \/ ARCO Arquitectura Contempor\u00e1nea (corte edificio mujeres)\" class=\"rl-gallery-link\" data-rl_caption=\"Escuela Yeshiv\u00e1 K\u00e9ter Tor\u00e1 \/ ARCO Arquitectura Contempor\u00e1nea (corte edificio mujeres)\" data-rel=\"lightbox-gallery-1\"><img loading=\"lazy\" decoding=\"async\" width=\"150\" height=\"150\" src=\"https:\/\/www.arquimaster.com.ar\/web\/wp-content\/uploads\/2024\/09\/escuela_yeshiva_31-150x150.jpg\" class=\"attachment-thumbnail size-thumbnail\" alt=\"Escuela Yeshiv\u00e1 K\u00e9ter Tor\u00e1 \/ ARCO Arquitectura Contempor\u00e1nea\" aria-describedby=\"gallery-1-80362\" \/><\/a>\n\t\t\t<\/div>\n\t\t\t\t<figcaption class='wp-caption-text gallery-caption' id='gallery-1-80362'>\n\t\t\t\tEscuela Yeshiv\u00e1 K\u00e9ter Tor\u00e1 \/ ARCO Arquitectura Contempor\u00e1nea (corte edificio mujeres)\n\t\t\t\t<\/figcaption><\/figure>\n\t\t<\/div>\n\n<p>La remodelaci\u00f3n abarc\u00f3 dos edificios completos, pasillos, circulaciones verticales, oficinas de direcci\u00f3n, salas de maestros, aulas de clases, bibliotecas, artes visuales, laboratorios y controles de acceso.<\/p>\n<p>El objetivo de la renovaci\u00f3n fue lograr espacios funcionales y muy flexibles de acuerdo con las nuevas formas de ense\u00f1ar y aprender en las que la conectividad es un elemento vital que fue resuelto respetando en todo momento los estrictos c\u00e1nones religiosos.<\/p>\n<p>En el edificio de mujeres, que recibe alumnas desde primaria hasta preparatoria, el cambio m\u00e1s radical fue el de las circulaciones, dejando de ser \u00e1reas \u00fanicamente de tr\u00e1nsito que se convirtieron en espacios recreativos para promover la convivencia, la exposici\u00f3n de trabajos escolares y facilitar las actividades art\u00edsticas.<\/p>\n<p>Los principales materiales utilizados en este edificio fueron elementos de carpinter\u00eda de dise\u00f1o especial en tonos de madera claros, predominando los laminados y melaminas para garantizar un eficiente mantenimiento.<\/p>\n<p>Las pinturas en colores verdes y grises son de esmalte base agua para que la limpieza sea \u00e1gil y efectiva. En los pisos, se instalaron porcelanatos grises y pisos vin\u00edlicos de f\u00e1cil mantenimiento.<\/p>\n<p>En la biblioteca se dise\u00f1\u00f3 un \u00e1rea vers\u00e1til para fomentar que las actividades educativas sean de forma pr\u00e1ctica y no solamente te\u00f3rica. Alberga \u00e1reas de consulta f\u00edsica, \u00e1reas de c\u00f3mputo, trabajo en equipo y espacios lounge para fomentar la convivencia, la colaboraci\u00f3n, la relajaci\u00f3n y convertirse en uno de los principales puntos de encuentro.<\/p>\n<p>En las aulas se promueve que la ense\u00f1anza no sea frontal, sino en 360\u00ba utilizando elementos de apoyo como pintarrones m\u00f3viles y corchos, as\u00ed como muebles de guardado que tambi\u00e9n tienen movilidad.<\/p>\n<p>En los pisos se instalaron pisos vin\u00edlicos tipo madera para lograr una mayor calidez del espacio y absorci\u00f3n de ruido. La paleta de color cambia dependiendo del tipo del aula y tambi\u00e9n se consider\u00f3 un mobiliario m\u00e1s vers\u00e1til que incentivar\u00e1 el trabajo en equipo.<\/p>\n<p>Para el edificio de primaria de hombres se buscaron soluciones constructivas sencillas, es un espacio semiabierto en el que los pasillos tienen vista hacia la cancha de futbol. Los espacios que alberga este edificio son: pasillos, circulaciones verticales, ba\u00f1os, aulas de clases, biblioteca, sala de maestros y aula de c\u00f3mputo.<\/p>\n<p>Los corredores que dan hacia las aulas, son espacios semiabiertos que, al ser algo estrechos para realizar actividades, se aprovecharon para crear espacios de exhibici\u00f3n de trabajos.<\/p>\n<p>La biblioteca se dise\u00f1\u00f3 como un ambiente mucho m\u00e1s l\u00fadico que va m\u00e1s all\u00e1 de resguardar el acervo, es un punto donde los alumnos pueden disfrutar de su tiempo libre, que les permite realizar actividades cotidianas, desde jugar un juego de mesa o realizar su tarea.<\/p>\n<p>Se concibe como un \u00e1rea configurable, policultural, interactiva y adaptable que con el tiempo puede llegar a ser modificado si sus necesidades cambian.<\/p>\n<p>En las aulas de clases se consider\u00f3 un espacio flexible con muebles m\u00f3viles que permite que pueda adecuarse a cualquier tema y opere en un formato 360\u00ba para fomentar las actividades grupales, dejando atr\u00e1s la educaci\u00f3n convencional donde el maestro siempre est\u00e1 al frente y la interacci\u00f3n entre los alumnos no era una opci\u00f3n.<\/p>\n\n\n<div style=\"height:20px\" aria-hidden=\"true\" class=\"wp-block-spacer\"><\/div>\n\n\n\n<p class=\"has-background\" style=\"background-color:#eaeaea\"><strong>Ficha t\u00e9cnica<\/strong><br>Nombre: Yeshiv\u00e1 K\u00e9ter Tor\u00e1<br>Ubicaci\u00f3n: Ciudad de M\u00e9xico, M\u00e9xico<br>Dise\u00f1o del proyecto: ARCO Arquitectura Contempor\u00e1nea<br>Arquitectos a cargo: Arq. Bernardo Lew, Arq. Jos\u00e9 Lew, Arq. Jos\u00e9 Memun<br>Colaboradores: Fernanda Villarreal, Jonathan Herrej\u00f3n, Adalid Mendoza, Nahela Hinojosa, Guillermo Martinez, Federico Teista, Cynthia Luna, Beatriz Canuto<br>Superficie: 4510 m2<br>Fecha de inicio: Junio 2020<br>Fecha de finalizaci\u00f3n: Octubre 2021<br>Fotograf\u00eda: Jaime Navarro<br>Sitio web: https:\/\/www.ar-co.com.mx<br>Instagram: @arcomexico<br>Twitter: @arcomexico<br>Facebook: ARCOarquitecturacontemporanea<\/p>\n\n\n\n<div style=\"height:40px\" aria-hidden=\"true\" class=\"wp-block-spacer\"><\/div>\n\n<div style=\"font-size: 0px; height: 0px; line-height: 0px; margin: 0; padding: 0; clear: both;\"><\/div><div style=\"margin-top: 0px; margin-bottom: 0px;\" class=\"sharethis-inline-share-buttons\" ><\/div>","protected":false},"excerpt":{"rendered":"<p>Nuevos espacios para la comunidad estudiantil adaptados a los m\u00e9todos de ense\u00f1anza actuales&#8230;<\/p>\n","protected":false},"author":1,"featured_media":80331,"comment_status":"closed","ping_status":"closed","sticky":false,"template":"","format":"standard","meta":{"_uag_custom_page_level_css":"","footnotes":""},"categories":[1465,1],"tags":[248,3309,1515,250,1472,1504,1514,5148,24],"class_list":["post-80330","post","type-post","status-publish","format-standard","has-post-thumbnail","hentry","category-edificios-para-la-educacion","category-proyecto","tag-arco-arquitectura-contemporanea","tag-arquitectura-para-la-educacion","tag-bernardo-lew-kirsch","tag-ciudad-de-mexico","tag-edificio-educativo","tag-escuela","tag-jose-lew-kirsch","tag-jose-memun","tag-mexico","generate-columns","tablet-grid-50","mobile-grid-100","grid-parent","grid-50"],"yoast_head":"<!-- This site is optimized with the Yoast SEO plugin v27.3 - https:\/\/yoast.com\/product\/yoast-seo-wordpress\/ -->\n<title>Escuela Yeshiv\u00e1 K\u00e9ter Tor\u00e1 \/ ARCO Arquitectura Contempor\u00e1nea - Arquimaster<\/title>\n<meta name=\"description\" content=\"Nuevos espacios para la comunidad estudiantil adaptados al edificio existente para estar en armon\u00eda con los m\u00e9todos de ense\u00f1anza actuales.\" \/>\n<meta name=\"robots\" content=\"index, follow, max-snippet:-1, max-image-preview:large, max-video-preview:-1\" \/>\n<link rel=\"canonical\" href=\"https:\/\/www.arquimaster.com.ar\/web\/escuela-yeshiva-keter-tora-arco-arquitectura-contemporanea\/\" \/>\n<meta property=\"og:locale\" content=\"es_ES\" \/>\n<meta property=\"og:type\" content=\"article\" \/>\n<meta property=\"og:title\" content=\"Escuela Yeshiv\u00e1 K\u00e9ter Tor\u00e1 \/ ARCO Arquitectura Contempor\u00e1nea\" \/>\n<meta property=\"og:description\" content=\"Nuevos espacios para la comunidad estudiantil adaptados al edificio existente para estar en armon\u00eda con los m\u00e9todos de ense\u00f1anza actuales.\" \/>\n<meta property=\"og:url\" content=\"https:\/\/www.arquimaster.com.ar\/web\/escuela-yeshiva-keter-tora-arco-arquitectura-contemporanea\/\" \/>\n<meta property=\"og:site_name\" content=\"Arquimaster\" \/>\n<meta property=\"article:publisher\" content=\"http:\/\/www.facebook.com\/ARQUIMASTER.com.ar\" \/>\n<meta property=\"article:published_time\" content=\"2024-09-13T16:56:54+00:00\" \/>\n<meta property=\"article:modified_time\" content=\"2025-07-25T01:35:55+00:00\" \/>\n<meta property=\"og:image\" content=\"https:\/\/www.arquimaster.com.ar\/web\/wp-content\/uploads\/2024\/09\/escuela_yeshiva_slide.jpg\" \/>\n\t<meta property=\"og:image:width\" content=\"698\" \/>\n\t<meta property=\"og:image:height\" content=\"364\" \/>\n\t<meta property=\"og:image:type\" content=\"image\/jpeg\" \/>\n<meta name=\"author\" content=\"Arquimaster\" \/>\n<meta name=\"twitter:card\" content=\"summary_large_image\" \/>\n<meta name=\"twitter:title\" content=\"Escuela Yeshiv\u00e1 K\u00e9ter Tor\u00e1 \/ ARCO Arquitectura Contempor\u00e1nea\" \/>\n<meta name=\"twitter:description\" content=\"Nuevos espacios para la comunidad estudiantil adaptados al edificio existente para estar en armon\u00eda con los m\u00e9todos de ense\u00f1anza actuales.\" \/>\n<meta name=\"twitter:image\" content=\"https:\/\/www.arquimaster.com.ar\/web\/wp-content\/uploads\/2024\/09\/escuela_yeshiva_slide.jpg\" \/>\n<meta name=\"twitter:creator\" content=\"@arquimaster\" \/>\n<meta name=\"twitter:site\" content=\"@arquimaster\" \/>\n<meta name=\"twitter:label1\" content=\"Escrito por\" \/>\n\t<meta name=\"twitter:data1\" content=\"Arquimaster\" \/>\n\t<meta name=\"twitter:label2\" content=\"Tiempo de lectura\" \/>\n\t<meta name=\"twitter:data2\" content=\"4 minutos\" \/>\n<script type=\"application\/ld+json\" class=\"yoast-schema-graph\">{\"@context\":\"https:\\\/\\\/schema.org\",\"@graph\":[{\"@type\":\"Article\",\"@id\":\"https:\\\/\\\/www.arquimaster.com.ar\\\/web\\\/escuela-yeshiva-keter-tora-arco-arquitectura-contemporanea\\\/#article\",\"isPartOf\":{\"@id\":\"https:\\\/\\\/www.arquimaster.com.ar\\\/web\\\/escuela-yeshiva-keter-tora-arco-arquitectura-contemporanea\\\/\"},\"author\":{\"name\":\"Arquimaster\",\"@id\":\"https:\\\/\\\/www.arquimaster.com.ar\\\/web\\\/#\\\/schema\\\/person\\\/359e9f7c00193fcde068e0dd2ceb0028\"},\"headline\":\"Escuela Yeshiv\u00e1 K\u00e9ter Tor\u00e1 \\\/ ARCO Arquitectura Contempor\u00e1nea\",\"datePublished\":\"2024-09-13T16:56:54+00:00\",\"dateModified\":\"2025-07-25T01:35:55+00:00\",\"mainEntityOfPage\":{\"@id\":\"https:\\\/\\\/www.arquimaster.com.ar\\\/web\\\/escuela-yeshiva-keter-tora-arco-arquitectura-contemporanea\\\/\"},\"wordCount\":717,\"publisher\":{\"@id\":\"https:\\\/\\\/www.arquimaster.com.ar\\\/web\\\/#organization\"},\"image\":{\"@id\":\"https:\\\/\\\/www.arquimaster.com.ar\\\/web\\\/escuela-yeshiva-keter-tora-arco-arquitectura-contemporanea\\\/#primaryimage\"},\"thumbnailUrl\":\"https:\\\/\\\/www.arquimaster.com.ar\\\/web\\\/wp-content\\\/uploads\\\/2024\\\/09\\\/escuela_yeshiva_slide.jpg\",\"keywords\":[\"ARCO Arquitectura Contempor\u00e1nea\",\"arquitectura para la educacion\",\"Bernardo Lew Kirsch\",\"Ciudad de Mexico\",\"edificio educativo\",\"escuela\",\"Jos\u00e9 Lew Kirsch\",\"Jos\u00e9 Memun\",\"Mexico\"],\"articleSection\":[\"Edificios para la educacion\",\"Proyecto\"],\"inLanguage\":\"es\"},{\"@type\":\"WebPage\",\"@id\":\"https:\\\/\\\/www.arquimaster.com.ar\\\/web\\\/escuela-yeshiva-keter-tora-arco-arquitectura-contemporanea\\\/\",\"url\":\"https:\\\/\\\/www.arquimaster.com.ar\\\/web\\\/escuela-yeshiva-keter-tora-arco-arquitectura-contemporanea\\\/\",\"name\":\"Escuela Yeshiv\u00e1 K\u00e9ter Tor\u00e1 \\\/ ARCO Arquitectura Contempor\u00e1nea - Arquimaster\",\"isPartOf\":{\"@id\":\"https:\\\/\\\/www.arquimaster.com.ar\\\/web\\\/#website\"},\"primaryImageOfPage\":{\"@id\":\"https:\\\/\\\/www.arquimaster.com.ar\\\/web\\\/escuela-yeshiva-keter-tora-arco-arquitectura-contemporanea\\\/#primaryimage\"},\"image\":{\"@id\":\"https:\\\/\\\/www.arquimaster.com.ar\\\/web\\\/escuela-yeshiva-keter-tora-arco-arquitectura-contemporanea\\\/#primaryimage\"},\"thumbnailUrl\":\"https:\\\/\\\/www.arquimaster.com.ar\\\/web\\\/wp-content\\\/uploads\\\/2024\\\/09\\\/escuela_yeshiva_slide.jpg\",\"datePublished\":\"2024-09-13T16:56:54+00:00\",\"dateModified\":\"2025-07-25T01:35:55+00:00\",\"description\":\"Nuevos espacios para la comunidad estudiantil adaptados al edificio existente para estar en armon\u00eda con los m\u00e9todos de ense\u00f1anza actuales.\",\"breadcrumb\":{\"@id\":\"https:\\\/\\\/www.arquimaster.com.ar\\\/web\\\/escuela-yeshiva-keter-tora-arco-arquitectura-contemporanea\\\/#breadcrumb\"},\"inLanguage\":\"es\",\"potentialAction\":[{\"@type\":\"ReadAction\",\"target\":[\"https:\\\/\\\/www.arquimaster.com.ar\\\/web\\\/escuela-yeshiva-keter-tora-arco-arquitectura-contemporanea\\\/\"]}]},{\"@type\":\"ImageObject\",\"inLanguage\":\"es\",\"@id\":\"https:\\\/\\\/www.arquimaster.com.ar\\\/web\\\/escuela-yeshiva-keter-tora-arco-arquitectura-contemporanea\\\/#primaryimage\",\"url\":\"https:\\\/\\\/www.arquimaster.com.ar\\\/web\\\/wp-content\\\/uploads\\\/2024\\\/09\\\/escuela_yeshiva_slide.jpg\",\"contentUrl\":\"https:\\\/\\\/www.arquimaster.com.ar\\\/web\\\/wp-content\\\/uploads\\\/2024\\\/09\\\/escuela_yeshiva_slide.jpg\",\"width\":698,\"height\":364,\"caption\":\"Escuela Yeshiv\u00e1 K\u00e9ter Tor\u00e1 \\\/ ARCO Arquitectura Contempor\u00e1nea\"},{\"@type\":\"BreadcrumbList\",\"@id\":\"https:\\\/\\\/www.arquimaster.com.ar\\\/web\\\/escuela-yeshiva-keter-tora-arco-arquitectura-contemporanea\\\/#breadcrumb\",\"itemListElement\":[{\"@type\":\"ListItem\",\"position\":1,\"name\":\"Portada\",\"item\":\"https:\\\/\\\/www.arquimaster.com.ar\\\/web\\\/\"},{\"@type\":\"ListItem\",\"position\":2,\"name\":\"Escuela Yeshiv\u00e1 K\u00e9ter Tor\u00e1 \\\/ ARCO Arquitectura Contempor\u00e1nea\"}]},{\"@type\":\"WebSite\",\"@id\":\"https:\\\/\\\/www.arquimaster.com.ar\\\/web\\\/#website\",\"url\":\"https:\\\/\\\/www.arquimaster.com.ar\\\/web\\\/\",\"name\":\"Arquimaster\",\"description\":\"Web de arquitectura, dise\u00f1o y construccion\",\"publisher\":{\"@id\":\"https:\\\/\\\/www.arquimaster.com.ar\\\/web\\\/#organization\"},\"potentialAction\":[{\"@type\":\"SearchAction\",\"target\":{\"@type\":\"EntryPoint\",\"urlTemplate\":\"https:\\\/\\\/www.arquimaster.com.ar\\\/web\\\/?s={search_term_string}\"},\"query-input\":{\"@type\":\"PropertyValueSpecification\",\"valueRequired\":true,\"valueName\":\"search_term_string\"}}],\"inLanguage\":\"es\"},{\"@type\":\"Organization\",\"@id\":\"https:\\\/\\\/www.arquimaster.com.ar\\\/web\\\/#organization\",\"name\":\"Arquimaster\",\"url\":\"https:\\\/\\\/www.arquimaster.com.ar\\\/web\\\/\",\"logo\":{\"@type\":\"ImageObject\",\"inLanguage\":\"es\",\"@id\":\"https:\\\/\\\/www.arquimaster.com.ar\\\/web\\\/#\\\/schema\\\/logo\\\/image\\\/\",\"url\":\"https:\\\/\\\/www.arquimaster.com.ar\\\/web\\\/wp-content\\\/uploads\\\/2022\\\/06\\\/arquimaster.png\",\"contentUrl\":\"https:\\\/\\\/www.arquimaster.com.ar\\\/web\\\/wp-content\\\/uploads\\\/2022\\\/06\\\/arquimaster.png\",\"width\":594,\"height\":78,\"caption\":\"Arquimaster\"},\"image\":{\"@id\":\"https:\\\/\\\/www.arquimaster.com.ar\\\/web\\\/#\\\/schema\\\/logo\\\/image\\\/\"},\"sameAs\":[\"http:\\\/\\\/www.facebook.com\\\/ARQUIMASTER.com.ar\",\"https:\\\/\\\/x.com\\\/arquimaster\",\"https:\\\/\\\/www.instagram.com\\\/arquimasterblog\\\/\",\"https:\\\/\\\/www.linkedin.com\\\/company\\\/arquimaster\",\"https:\\\/\\\/www.pinterest.com\\\/arquimaster\",\"https:\\\/\\\/t.me\\\/arquimaster\"]},{\"@type\":\"Person\",\"@id\":\"https:\\\/\\\/www.arquimaster.com.ar\\\/web\\\/#\\\/schema\\\/person\\\/359e9f7c00193fcde068e0dd2ceb0028\",\"name\":\"Arquimaster\"}]}<\/script>\n<!-- \/ Yoast SEO plugin. -->","yoast_head_json":{"title":"Escuela Yeshiv\u00e1 K\u00e9ter Tor\u00e1 \/ ARCO Arquitectura Contempor\u00e1nea - Arquimaster","description":"Nuevos espacios para la comunidad estudiantil adaptados al edificio existente para estar en armon\u00eda con los m\u00e9todos de ense\u00f1anza actuales.","robots":{"index":"index","follow":"follow","max-snippet":"max-snippet:-1","max-image-preview":"max-image-preview:large","max-video-preview":"max-video-preview:-1"},"canonical":"https:\/\/www.arquimaster.com.ar\/web\/escuela-yeshiva-keter-tora-arco-arquitectura-contemporanea\/","og_locale":"es_ES","og_type":"article","og_title":"Escuela Yeshiv\u00e1 K\u00e9ter Tor\u00e1 \/ ARCO Arquitectura Contempor\u00e1nea","og_description":"Nuevos espacios para la comunidad estudiantil adaptados al edificio existente para estar en armon\u00eda con los m\u00e9todos de ense\u00f1anza actuales.","og_url":"https:\/\/www.arquimaster.com.ar\/web\/escuela-yeshiva-keter-tora-arco-arquitectura-contemporanea\/","og_site_name":"Arquimaster","article_publisher":"http:\/\/www.facebook.com\/ARQUIMASTER.com.ar","article_published_time":"2024-09-13T16:56:54+00:00","article_modified_time":"2025-07-25T01:35:55+00:00","og_image":[{"width":698,"height":364,"url":"https:\/\/www.arquimaster.com.ar\/web\/wp-content\/uploads\/2024\/09\/escuela_yeshiva_slide.jpg","type":"image\/jpeg"}],"author":"Arquimaster","twitter_card":"summary_large_image","twitter_title":"Escuela Yeshiv\u00e1 K\u00e9ter Tor\u00e1 \/ ARCO Arquitectura Contempor\u00e1nea","twitter_description":"Nuevos espacios para la comunidad estudiantil adaptados al edificio existente para estar en armon\u00eda con los m\u00e9todos de ense\u00f1anza actuales.","twitter_image":"https:\/\/www.arquimaster.com.ar\/web\/wp-content\/uploads\/2024\/09\/escuela_yeshiva_slide.jpg","twitter_creator":"@arquimaster","twitter_site":"@arquimaster","twitter_misc":{"Escrito por":"Arquimaster","Tiempo de lectura":"4 minutos"},"schema":{"@context":"https:\/\/schema.org","@graph":[{"@type":"Article","@id":"https:\/\/www.arquimaster.com.ar\/web\/escuela-yeshiva-keter-tora-arco-arquitectura-contemporanea\/#article","isPartOf":{"@id":"https:\/\/www.arquimaster.com.ar\/web\/escuela-yeshiva-keter-tora-arco-arquitectura-contemporanea\/"},"author":{"name":"Arquimaster","@id":"https:\/\/www.arquimaster.com.ar\/web\/#\/schema\/person\/359e9f7c00193fcde068e0dd2ceb0028"},"headline":"Escuela Yeshiv\u00e1 K\u00e9ter Tor\u00e1 \/ ARCO Arquitectura Contempor\u00e1nea","datePublished":"2024-09-13T16:56:54+00:00","dateModified":"2025-07-25T01:35:55+00:00","mainEntityOfPage":{"@id":"https:\/\/www.arquimaster.com.ar\/web\/escuela-yeshiva-keter-tora-arco-arquitectura-contemporanea\/"},"wordCount":717,"publisher":{"@id":"https:\/\/www.arquimaster.com.ar\/web\/#organization"},"image":{"@id":"https:\/\/www.arquimaster.com.ar\/web\/escuela-yeshiva-keter-tora-arco-arquitectura-contemporanea\/#primaryimage"},"thumbnailUrl":"https:\/\/www.arquimaster.com.ar\/web\/wp-content\/uploads\/2024\/09\/escuela_yeshiva_slide.jpg","keywords":["ARCO Arquitectura Contempor\u00e1nea","arquitectura para la educacion","Bernardo Lew Kirsch","Ciudad de Mexico","edificio educativo","escuela","Jos\u00e9 Lew Kirsch","Jos\u00e9 Memun","Mexico"],"articleSection":["Edificios para la educacion","Proyecto"],"inLanguage":"es"},{"@type":"WebPage","@id":"https:\/\/www.arquimaster.com.ar\/web\/escuela-yeshiva-keter-tora-arco-arquitectura-contemporanea\/","url":"https:\/\/www.arquimaster.com.ar\/web\/escuela-yeshiva-keter-tora-arco-arquitectura-contemporanea\/","name":"Escuela Yeshiv\u00e1 K\u00e9ter Tor\u00e1 \/ ARCO Arquitectura Contempor\u00e1nea - Arquimaster","isPartOf":{"@id":"https:\/\/www.arquimaster.com.ar\/web\/#website"},"primaryImageOfPage":{"@id":"https:\/\/www.arquimaster.com.ar\/web\/escuela-yeshiva-keter-tora-arco-arquitectura-contemporanea\/#primaryimage"},"image":{"@id":"https:\/\/www.arquimaster.com.ar\/web\/escuela-yeshiva-keter-tora-arco-arquitectura-contemporanea\/#primaryimage"},"thumbnailUrl":"https:\/\/www.arquimaster.com.ar\/web\/wp-content\/uploads\/2024\/09\/escuela_yeshiva_slide.jpg","datePublished":"2024-09-13T16:56:54+00:00","dateModified":"2025-07-25T01:35:55+00:00","description":"Nuevos espacios para la comunidad estudiantil adaptados al edificio existente para estar en armon\u00eda con los m\u00e9todos de ense\u00f1anza actuales.","breadcrumb":{"@id":"https:\/\/www.arquimaster.com.ar\/web\/escuela-yeshiva-keter-tora-arco-arquitectura-contemporanea\/#breadcrumb"},"inLanguage":"es","potentialAction":[{"@type":"ReadAction","target":["https:\/\/www.arquimaster.com.ar\/web\/escuela-yeshiva-keter-tora-arco-arquitectura-contemporanea\/"]}]},{"@type":"ImageObject","inLanguage":"es","@id":"https:\/\/www.arquimaster.com.ar\/web\/escuela-yeshiva-keter-tora-arco-arquitectura-contemporanea\/#primaryimage","url":"https:\/\/www.arquimaster.com.ar\/web\/wp-content\/uploads\/2024\/09\/escuela_yeshiva_slide.jpg","contentUrl":"https:\/\/www.arquimaster.com.ar\/web\/wp-content\/uploads\/2024\/09\/escuela_yeshiva_slide.jpg","width":698,"height":364,"caption":"Escuela Yeshiv\u00e1 K\u00e9ter Tor\u00e1 \/ ARCO Arquitectura Contempor\u00e1nea"},{"@type":"BreadcrumbList","@id":"https:\/\/www.arquimaster.com.ar\/web\/escuela-yeshiva-keter-tora-arco-arquitectura-contemporanea\/#breadcrumb","itemListElement":[{"@type":"ListItem","position":1,"name":"Portada","item":"https:\/\/www.arquimaster.com.ar\/web\/"},{"@type":"ListItem","position":2,"name":"Escuela Yeshiv\u00e1 K\u00e9ter Tor\u00e1 \/ ARCO Arquitectura Contempor\u00e1nea"}]},{"@type":"WebSite","@id":"https:\/\/www.arquimaster.com.ar\/web\/#website","url":"https:\/\/www.arquimaster.com.ar\/web\/","name":"Arquimaster","description":"Web de arquitectura, dise\u00f1o y construccion","publisher":{"@id":"https:\/\/www.arquimaster.com.ar\/web\/#organization"},"potentialAction":[{"@type":"SearchAction","target":{"@type":"EntryPoint","urlTemplate":"https:\/\/www.arquimaster.com.ar\/web\/?s={search_term_string}"},"query-input":{"@type":"PropertyValueSpecification","valueRequired":true,"valueName":"search_term_string"}}],"inLanguage":"es"},{"@type":"Organization","@id":"https:\/\/www.arquimaster.com.ar\/web\/#organization","name":"Arquimaster","url":"https:\/\/www.arquimaster.com.ar\/web\/","logo":{"@type":"ImageObject","inLanguage":"es","@id":"https:\/\/www.arquimaster.com.ar\/web\/#\/schema\/logo\/image\/","url":"https:\/\/www.arquimaster.com.ar\/web\/wp-content\/uploads\/2022\/06\/arquimaster.png","contentUrl":"https:\/\/www.arquimaster.com.ar\/web\/wp-content\/uploads\/2022\/06\/arquimaster.png","width":594,"height":78,"caption":"Arquimaster"},"image":{"@id":"https:\/\/www.arquimaster.com.ar\/web\/#\/schema\/logo\/image\/"},"sameAs":["http:\/\/www.facebook.com\/ARQUIMASTER.com.ar","https:\/\/x.com\/arquimaster","https:\/\/www.instagram.com\/arquimasterblog\/","https:\/\/www.linkedin.com\/company\/arquimaster","https:\/\/www.pinterest.com\/arquimaster","https:\/\/t.me\/arquimaster"]},{"@type":"Person","@id":"https:\/\/www.arquimaster.com.ar\/web\/#\/schema\/person\/359e9f7c00193fcde068e0dd2ceb0028","name":"Arquimaster"}]}},"uagb_featured_image_src":{"full":["https:\/\/www.arquimaster.com.ar\/web\/wp-content\/uploads\/2024\/09\/escuela_yeshiva_slide.jpg",698,364,false],"thumbnail":["https:\/\/www.arquimaster.com.ar\/web\/wp-content\/uploads\/2024\/09\/escuela_yeshiva_slide-150x150.jpg",150,150,true],"medium":["https:\/\/www.arquimaster.com.ar\/web\/wp-content\/uploads\/2024\/09\/escuela_yeshiva_slide.jpg",698,364,false],"medium_large":["https:\/\/www.arquimaster.com.ar\/web\/wp-content\/uploads\/2024\/09\/escuela_yeshiva_slide.jpg",698,364,false],"large":["https:\/\/www.arquimaster.com.ar\/web\/wp-content\/uploads\/2024\/09\/escuela_yeshiva_slide.jpg",698,364,false],"1536x1536":["https:\/\/www.arquimaster.com.ar\/web\/wp-content\/uploads\/2024\/09\/escuela_yeshiva_slide.jpg",698,364,false],"2048x2048":["https:\/\/www.arquimaster.com.ar\/web\/wp-content\/uploads\/2024\/09\/escuela_yeshiva_slide.jpg",698,364,false]},"uagb_author_info":{"display_name":"Arquimaster","author_link":"https:\/\/www.arquimaster.com.ar\/web\/author\/arquimaster\/"},"uagb_comment_info":0,"uagb_excerpt":"Nuevos espacios para la comunidad estudiantil adaptados a los m\u00e9todos de ense\u00f1anza actuales...","_links":{"self":[{"href":"https:\/\/www.arquimaster.com.ar\/web\/wp-json\/wp\/v2\/posts\/80330","targetHints":{"allow":["GET"]}}],"collection":[{"href":"https:\/\/www.arquimaster.com.ar\/web\/wp-json\/wp\/v2\/posts"}],"about":[{"href":"https:\/\/www.arquimaster.com.ar\/web\/wp-json\/wp\/v2\/types\/post"}],"author":[{"embeddable":true,"href":"https:\/\/www.arquimaster.com.ar\/web\/wp-json\/wp\/v2\/users\/1"}],"replies":[{"embeddable":true,"href":"https:\/\/www.arquimaster.com.ar\/web\/wp-json\/wp\/v2\/comments?post=80330"}],"version-history":[{"count":3,"href":"https:\/\/www.arquimaster.com.ar\/web\/wp-json\/wp\/v2\/posts\/80330\/revisions"}],"predecessor-version":[{"id":85147,"href":"https:\/\/www.arquimaster.com.ar\/web\/wp-json\/wp\/v2\/posts\/80330\/revisions\/85147"}],"wp:featuredmedia":[{"embeddable":true,"href":"https:\/\/www.arquimaster.com.ar\/web\/wp-json\/wp\/v2\/media\/80331"}],"wp:attachment":[{"href":"https:\/\/www.arquimaster.com.ar\/web\/wp-json\/wp\/v2\/media?parent=80330"}],"wp:term":[{"taxonomy":"category","embeddable":true,"href":"https:\/\/www.arquimaster.com.ar\/web\/wp-json\/wp\/v2\/categories?post=80330"},{"taxonomy":"post_tag","embeddable":true,"href":"https:\/\/www.arquimaster.com.ar\/web\/wp-json\/wp\/v2\/tags?post=80330"}],"curies":[{"name":"wp","href":"https:\/\/api.w.org\/{rel}","templated":true}]}}