{"id":80410,"date":"2024-09-17T13:13:28","date_gmt":"2024-09-17T16:13:28","guid":{"rendered":"https:\/\/www.arquimaster.com.ar\/web\/?p=80410"},"modified":"2025-07-24T22:27:30","modified_gmt":"2025-07-25T01:27:30","slug":"casa-orbita-estudio-pk","status":"publish","type":"post","link":"https:\/\/www.arquimaster.com.ar\/web\/casa-orbita-estudio-pk\/","title":{"rendered":"Casa \u00d3rbita \/ Estudio PK"},"content":{"rendered":"<div style=\"margin-top: 0px; margin-bottom: 0px;\" class=\"sharethis-inline-share-buttons\" ><\/div><div class=\"b812932af2e751442846f039925109de\" data-index=\"1\" style=\"float: none; margin:25px 0 25px 0; text-align:center;\">\n<script async src=\"https:\/\/pagead2.googlesyndication.com\/pagead\/js\/adsbygoogle.js\"><\/script>\r\n<!-- Arquimaster (superior) -->\r\n<ins class=\"adsbygoogle\"\r\n     style=\"display:block\"\r\n     data-ad-client=\"ca-pub-6351072698456832\"\r\n     data-ad-slot=\"6455489680\"\r\n     data-ad-format=\"auto\"\r\n     data-full-width-responsive=\"true\"><\/ins>\r\n<script>\r\n     (adsbygoogle = window.adsbygoogle || []).push({});\r\n<\/script>\n<\/div>\n<p><strong>Casa \u00d3rbita<\/strong> (Nordelta, Pcia. de Buenos Aires, Argentina) por <strong>Estudio PK<\/strong>. Casa \u00d3rbita se sit\u00faa en un terreno de esquina. El mismo cuenta con dos bordes costeros, un remate hacia un espacio verde p\u00fablico y vistas a la Laguna. La vivienda se adue\u00f1a de todas sus visuales, potenciando la iluminaci\u00f3n natural en el sentido m\u00e1s favorable.<\/p>\n<div id='gallery-1' class='gallery galleryid-80410 gallery-columns-3 gallery-size-thumbnail'><figure class='gallery-item'>\n\t\t\t<div class='gallery-icon landscape'>\n\t\t\t\t<a href='https:\/\/www.arquimaster.com.ar\/web\/wp-content\/uploads\/2024\/09\/casa_orbita_1.jpg' title=\"Casa \u00d3rbita \/ Estudio PK (\u00a9 Alejandro Peral)\" data-rl_title=\"Casa \u00d3rbita \/ Estudio PK (\u00a9 Alejandro Peral)\" class=\"rl-gallery-link\" data-rl_caption=\"Casa \u00d3rbita \/ Estudio PK (\u00a9 Alejandro Peral)\" data-rel=\"lightbox-gallery-1\"><img loading=\"lazy\" decoding=\"async\" width=\"150\" height=\"150\" src=\"https:\/\/www.arquimaster.com.ar\/web\/wp-content\/uploads\/2024\/09\/casa_orbita_1-150x150.jpg\" class=\"attachment-thumbnail size-thumbnail\" alt=\"Casa \u00d3rbita \/ Estudio PK\" aria-describedby=\"gallery-1-80412\" \/><\/a>\n\t\t\t<\/div>\n\t\t\t\t<figcaption class='wp-caption-text gallery-caption' id='gallery-1-80412'>\n\t\t\t\tCasa \u00d3rbita \/ Estudio PK (\u00a9 Alejandro Peral)\n\t\t\t\t<\/figcaption><\/figure><figure class='gallery-item'>\n\t\t\t<div class='gallery-icon portrait'>\n\t\t\t\t<a href='https:\/\/www.arquimaster.com.ar\/web\/wp-content\/uploads\/2024\/09\/casa_orbita_2.jpg' title=\"Casa \u00d3rbita \/ Estudio PK (\u00a9 Alejandro Peral)\" data-rl_title=\"Casa \u00d3rbita \/ Estudio PK (\u00a9 Alejandro Peral)\" class=\"rl-gallery-link\" data-rl_caption=\"Casa \u00d3rbita \/ Estudio PK (\u00a9 Alejandro Peral)\" data-rel=\"lightbox-gallery-1\"><img loading=\"lazy\" decoding=\"async\" width=\"150\" height=\"150\" src=\"https:\/\/www.arquimaster.com.ar\/web\/wp-content\/uploads\/2024\/09\/casa_orbita_2-150x150.jpg\" class=\"attachment-thumbnail size-thumbnail\" alt=\"Casa \u00d3rbita \/ Estudio PK\" aria-describedby=\"gallery-1-80413\" \/><\/a>\n\t\t\t<\/div>\n\t\t\t\t<figcaption class='wp-caption-text gallery-caption' id='gallery-1-80413'>\n\t\t\t\tCasa \u00d3rbita \/ Estudio PK (\u00a9 Alejandro Peral)\n\t\t\t\t<\/figcaption><\/figure><figure class='gallery-item'>\n\t\t\t<div class='gallery-icon landscape'>\n\t\t\t\t<a href='https:\/\/www.arquimaster.com.ar\/web\/wp-content\/uploads\/2024\/09\/casa_orbita_3.jpg' title=\"Casa \u00d3rbita \/ Estudio PK (\u00a9 Alejandro Peral)\" data-rl_title=\"Casa \u00d3rbita \/ Estudio PK (\u00a9 Alejandro Peral)\" class=\"rl-gallery-link\" data-rl_caption=\"Casa \u00d3rbita \/ Estudio PK (\u00a9 Alejandro Peral)\" data-rel=\"lightbox-gallery-1\"><img loading=\"lazy\" decoding=\"async\" width=\"150\" height=\"150\" src=\"https:\/\/www.arquimaster.com.ar\/web\/wp-content\/uploads\/2024\/09\/casa_orbita_3-150x150.jpg\" class=\"attachment-thumbnail size-thumbnail\" alt=\"Casa \u00d3rbita \/ Estudio PK\" aria-describedby=\"gallery-1-80414\" \/><\/a>\n\t\t\t<\/div>\n\t\t\t\t<figcaption class='wp-caption-text gallery-caption' id='gallery-1-80414'>\n\t\t\t\tCasa \u00d3rbita \/ Estudio PK (\u00a9 Alejandro Peral)\n\t\t\t\t<\/figcaption><\/figure><figure class='gallery-item'>\n\t\t\t<div class='gallery-icon portrait'>\n\t\t\t\t<a href='https:\/\/www.arquimaster.com.ar\/web\/wp-content\/uploads\/2024\/09\/casa_orbita_4.jpg' title=\"Casa \u00d3rbita \/ Estudio PK (\u00a9 Alejandro Peral)\" data-rl_title=\"Casa \u00d3rbita \/ Estudio PK (\u00a9 Alejandro Peral)\" class=\"rl-gallery-link\" data-rl_caption=\"Casa \u00d3rbita \/ Estudio PK (\u00a9 Alejandro Peral)\" data-rel=\"lightbox-gallery-1\"><img loading=\"lazy\" decoding=\"async\" width=\"150\" height=\"150\" src=\"https:\/\/www.arquimaster.com.ar\/web\/wp-content\/uploads\/2024\/09\/casa_orbita_4-150x150.jpg\" class=\"attachment-thumbnail size-thumbnail\" alt=\"Casa \u00d3rbita \/ Estudio PK\" aria-describedby=\"gallery-1-80415\" \/><\/a>\n\t\t\t<\/div>\n\t\t\t\t<figcaption class='wp-caption-text gallery-caption' id='gallery-1-80415'>\n\t\t\t\tCasa \u00d3rbita \/ Estudio PK (\u00a9 Alejandro Peral)\n\t\t\t\t<\/figcaption><\/figure><figure class='gallery-item'>\n\t\t\t<div class='gallery-icon portrait'>\n\t\t\t\t<a href='https:\/\/www.arquimaster.com.ar\/web\/wp-content\/uploads\/2024\/09\/casa_orbita_5.jpg' title=\"Casa \u00d3rbita \/ Estudio PK (\u00a9 Alejandro Peral)\" data-rl_title=\"Casa \u00d3rbita \/ Estudio PK (\u00a9 Alejandro Peral)\" class=\"rl-gallery-link\" data-rl_caption=\"Casa \u00d3rbita \/ Estudio PK (\u00a9 Alejandro Peral)\" data-rel=\"lightbox-gallery-1\"><img loading=\"lazy\" decoding=\"async\" width=\"150\" height=\"150\" src=\"https:\/\/www.arquimaster.com.ar\/web\/wp-content\/uploads\/2024\/09\/casa_orbita_5-150x150.jpg\" class=\"attachment-thumbnail size-thumbnail\" alt=\"Casa \u00d3rbita \/ Estudio PK\" aria-describedby=\"gallery-1-80416\" \/><\/a>\n\t\t\t<\/div>\n\t\t\t\t<figcaption class='wp-caption-text gallery-caption' id='gallery-1-80416'>\n\t\t\t\tCasa \u00d3rbita \/ Estudio PK (\u00a9 Alejandro Peral)\n\t\t\t\t<\/figcaption><\/figure><figure class='gallery-item'>\n\t\t\t<div class='gallery-icon portrait'>\n\t\t\t\t<a href='https:\/\/www.arquimaster.com.ar\/web\/wp-content\/uploads\/2024\/09\/casa_orbita_6.jpg' title=\"Casa \u00d3rbita \/ Estudio PK (\u00a9 Alejandro Peral)\" data-rl_title=\"Casa \u00d3rbita \/ Estudio PK (\u00a9 Alejandro Peral)\" class=\"rl-gallery-link\" data-rl_caption=\"Casa \u00d3rbita \/ Estudio PK (\u00a9 Alejandro Peral)\" data-rel=\"lightbox-gallery-1\"><img loading=\"lazy\" decoding=\"async\" width=\"150\" height=\"150\" src=\"https:\/\/www.arquimaster.com.ar\/web\/wp-content\/uploads\/2024\/09\/casa_orbita_6-150x150.jpg\" class=\"attachment-thumbnail size-thumbnail\" alt=\"Casa \u00d3rbita \/ Estudio PK\" aria-describedby=\"gallery-1-80417\" \/><\/a>\n\t\t\t<\/div>\n\t\t\t\t<figcaption class='wp-caption-text gallery-caption' id='gallery-1-80417'>\n\t\t\t\tCasa \u00d3rbita \/ Estudio PK (\u00a9 Alejandro Peral)\n\t\t\t\t<\/figcaption><\/figure><figure class='gallery-item'>\n\t\t\t<div class='gallery-icon portrait'>\n\t\t\t\t<a href='https:\/\/www.arquimaster.com.ar\/web\/wp-content\/uploads\/2024\/09\/casa_orbita_7.jpg' title=\"Casa \u00d3rbita \/ Estudio PK (\u00a9 Alejandro Peral)\" data-rl_title=\"Casa \u00d3rbita \/ Estudio PK (\u00a9 Alejandro Peral)\" class=\"rl-gallery-link\" data-rl_caption=\"Casa \u00d3rbita \/ Estudio PK (\u00a9 Alejandro Peral)\" data-rel=\"lightbox-gallery-1\"><img loading=\"lazy\" decoding=\"async\" width=\"150\" height=\"150\" src=\"https:\/\/www.arquimaster.com.ar\/web\/wp-content\/uploads\/2024\/09\/casa_orbita_7-150x150.jpg\" class=\"attachment-thumbnail size-thumbnail\" alt=\"Casa \u00d3rbita \/ Estudio PK\" aria-describedby=\"gallery-1-80418\" \/><\/a>\n\t\t\t<\/div>\n\t\t\t\t<figcaption class='wp-caption-text gallery-caption' id='gallery-1-80418'>\n\t\t\t\tCasa \u00d3rbita \/ Estudio PK (\u00a9 Alejandro Peral)\n\t\t\t\t<\/figcaption><\/figure><figure class='gallery-item'>\n\t\t\t<div class='gallery-icon portrait'>\n\t\t\t\t<a href='https:\/\/www.arquimaster.com.ar\/web\/wp-content\/uploads\/2024\/09\/casa_orbita_8.jpg' title=\"Casa \u00d3rbita \/ Estudio PK (\u00a9 Alejandro Peral)\" data-rl_title=\"Casa \u00d3rbita \/ Estudio PK (\u00a9 Alejandro Peral)\" class=\"rl-gallery-link\" data-rl_caption=\"Casa \u00d3rbita \/ Estudio PK (\u00a9 Alejandro Peral)\" data-rel=\"lightbox-gallery-1\"><img loading=\"lazy\" decoding=\"async\" width=\"150\" height=\"150\" src=\"https:\/\/www.arquimaster.com.ar\/web\/wp-content\/uploads\/2024\/09\/casa_orbita_8-150x150.jpg\" class=\"attachment-thumbnail size-thumbnail\" alt=\"Casa \u00d3rbita \/ Estudio PK\" aria-describedby=\"gallery-1-80419\" \/><\/a>\n\t\t\t<\/div>\n\t\t\t\t<figcaption class='wp-caption-text gallery-caption' id='gallery-1-80419'>\n\t\t\t\tCasa \u00d3rbita \/ Estudio PK (\u00a9 Alejandro Peral)\n\t\t\t\t<\/figcaption><\/figure><figure class='gallery-item'>\n\t\t\t<div class='gallery-icon landscape'>\n\t\t\t\t<a href='https:\/\/www.arquimaster.com.ar\/web\/wp-content\/uploads\/2024\/09\/casa_orbita_9.jpg' title=\"Casa \u00d3rbita \/ Estudio PK (\u00a9 Alejandro Peral)\" data-rl_title=\"Casa \u00d3rbita \/ Estudio PK (\u00a9 Alejandro Peral)\" class=\"rl-gallery-link\" data-rl_caption=\"Casa \u00d3rbita \/ Estudio PK (\u00a9 Alejandro Peral)\" data-rel=\"lightbox-gallery-1\"><img loading=\"lazy\" decoding=\"async\" width=\"150\" height=\"150\" src=\"https:\/\/www.arquimaster.com.ar\/web\/wp-content\/uploads\/2024\/09\/casa_orbita_9-150x150.jpg\" class=\"attachment-thumbnail size-thumbnail\" alt=\"Casa \u00d3rbita \/ Estudio PK\" aria-describedby=\"gallery-1-80420\" \/><\/a>\n\t\t\t<\/div>\n\t\t\t\t<figcaption class='wp-caption-text gallery-caption' id='gallery-1-80420'>\n\t\t\t\tCasa \u00d3rbita \/ Estudio PK (\u00a9 Alejandro Peral)\n\t\t\t\t<\/figcaption><\/figure><figure class='gallery-item'>\n\t\t\t<div class='gallery-icon landscape'>\n\t\t\t\t<a href='https:\/\/www.arquimaster.com.ar\/web\/wp-content\/uploads\/2024\/09\/casa_orbita_10.jpg' title=\"Casa \u00d3rbita \/ Estudio PK (\u00a9 Alejandro Peral)\" data-rl_title=\"Casa \u00d3rbita \/ Estudio PK (\u00a9 Alejandro Peral)\" class=\"rl-gallery-link\" data-rl_caption=\"Casa \u00d3rbita \/ Estudio PK (\u00a9 Alejandro Peral)\" data-rel=\"lightbox-gallery-1\"><img loading=\"lazy\" decoding=\"async\" width=\"150\" height=\"150\" src=\"https:\/\/www.arquimaster.com.ar\/web\/wp-content\/uploads\/2024\/09\/casa_orbita_10-150x150.jpg\" class=\"attachment-thumbnail size-thumbnail\" alt=\"Casa \u00d3rbita \/ Estudio PK\" aria-describedby=\"gallery-1-80421\" \/><\/a>\n\t\t\t<\/div>\n\t\t\t\t<figcaption class='wp-caption-text gallery-caption' id='gallery-1-80421'>\n\t\t\t\tCasa \u00d3rbita \/ Estudio PK (\u00a9 Alejandro Peral)\n\t\t\t\t<\/figcaption><\/figure><figure class='gallery-item'>\n\t\t\t<div class='gallery-icon portrait'>\n\t\t\t\t<a href='https:\/\/www.arquimaster.com.ar\/web\/wp-content\/uploads\/2024\/09\/casa_orbita_11.jpg' title=\"Casa \u00d3rbita \/ Estudio PK (\u00a9 Alejandro Peral)\" data-rl_title=\"Casa \u00d3rbita \/ Estudio PK (\u00a9 Alejandro Peral)\" class=\"rl-gallery-link\" data-rl_caption=\"Casa \u00d3rbita \/ Estudio PK (\u00a9 Alejandro Peral)\" data-rel=\"lightbox-gallery-1\"><img loading=\"lazy\" decoding=\"async\" width=\"150\" height=\"150\" src=\"https:\/\/www.arquimaster.com.ar\/web\/wp-content\/uploads\/2024\/09\/casa_orbita_11-150x150.jpg\" class=\"attachment-thumbnail size-thumbnail\" alt=\"Casa \u00d3rbita \/ Estudio PK\" aria-describedby=\"gallery-1-80422\" \/><\/a>\n\t\t\t<\/div>\n\t\t\t\t<figcaption class='wp-caption-text gallery-caption' id='gallery-1-80422'>\n\t\t\t\tCasa \u00d3rbita \/ Estudio PK (\u00a9 Alejandro Peral)\n\t\t\t\t<\/figcaption><\/figure><figure class='gallery-item'>\n\t\t\t<div class='gallery-icon portrait'>\n\t\t\t\t<a href='https:\/\/www.arquimaster.com.ar\/web\/wp-content\/uploads\/2024\/09\/casa_orbita_12.jpg' title=\"Casa \u00d3rbita \/ Estudio PK (\u00a9 Alejandro Peral)\" data-rl_title=\"Casa \u00d3rbita \/ Estudio PK (\u00a9 Alejandro Peral)\" class=\"rl-gallery-link\" data-rl_caption=\"Casa \u00d3rbita \/ Estudio PK (\u00a9 Alejandro Peral)\" data-rel=\"lightbox-gallery-1\"><img loading=\"lazy\" decoding=\"async\" width=\"150\" height=\"150\" src=\"https:\/\/www.arquimaster.com.ar\/web\/wp-content\/uploads\/2024\/09\/casa_orbita_12-150x150.jpg\" class=\"attachment-thumbnail size-thumbnail\" alt=\"Casa \u00d3rbita \/ Estudio PK\" aria-describedby=\"gallery-1-80423\" \/><\/a>\n\t\t\t<\/div>\n\t\t\t\t<figcaption class='wp-caption-text gallery-caption' id='gallery-1-80423'>\n\t\t\t\tCasa \u00d3rbita \/ Estudio PK (\u00a9 Alejandro Peral)\n\t\t\t\t<\/figcaption><\/figure><figure class='gallery-item'>\n\t\t\t<div class='gallery-icon portrait'>\n\t\t\t\t<a href='https:\/\/www.arquimaster.com.ar\/web\/wp-content\/uploads\/2024\/09\/casa_orbita_13.jpg' title=\"Casa \u00d3rbita \/ Estudio PK (\u00a9 Alejandro Peral)\" data-rl_title=\"Casa \u00d3rbita \/ Estudio PK (\u00a9 Alejandro Peral)\" class=\"rl-gallery-link\" data-rl_caption=\"Casa \u00d3rbita \/ Estudio PK (\u00a9 Alejandro Peral)\" data-rel=\"lightbox-gallery-1\"><img loading=\"lazy\" decoding=\"async\" width=\"150\" height=\"150\" src=\"https:\/\/www.arquimaster.com.ar\/web\/wp-content\/uploads\/2024\/09\/casa_orbita_13-150x150.jpg\" class=\"attachment-thumbnail size-thumbnail\" alt=\"Casa \u00d3rbita \/ Estudio PK\" aria-describedby=\"gallery-1-80424\" \/><\/a>\n\t\t\t<\/div>\n\t\t\t\t<figcaption class='wp-caption-text gallery-caption' id='gallery-1-80424'>\n\t\t\t\tCasa \u00d3rbita \/ Estudio PK (\u00a9 Alejandro Peral)\n\t\t\t\t<\/figcaption><\/figure><figure class='gallery-item'>\n\t\t\t<div class='gallery-icon portrait'>\n\t\t\t\t<a href='https:\/\/www.arquimaster.com.ar\/web\/wp-content\/uploads\/2024\/09\/casa_orbita_14.jpg' title=\"Casa \u00d3rbita \/ Estudio PK (\u00a9 Alejandro Peral)\" data-rl_title=\"Casa \u00d3rbita \/ Estudio PK (\u00a9 Alejandro Peral)\" class=\"rl-gallery-link\" data-rl_caption=\"Casa \u00d3rbita \/ Estudio PK (\u00a9 Alejandro Peral)\" data-rel=\"lightbox-gallery-1\"><img loading=\"lazy\" decoding=\"async\" width=\"150\" height=\"150\" src=\"https:\/\/www.arquimaster.com.ar\/web\/wp-content\/uploads\/2024\/09\/casa_orbita_14-150x150.jpg\" class=\"attachment-thumbnail size-thumbnail\" alt=\"Casa \u00d3rbita \/ Estudio PK\" aria-describedby=\"gallery-1-80425\" \/><\/a>\n\t\t\t<\/div>\n\t\t\t\t<figcaption class='wp-caption-text gallery-caption' id='gallery-1-80425'>\n\t\t\t\tCasa \u00d3rbita \/ Estudio PK (\u00a9 Alejandro Peral)\n\t\t\t\t<\/figcaption><\/figure><figure class='gallery-item'>\n\t\t\t<div class='gallery-icon portrait'>\n\t\t\t\t<a href='https:\/\/www.arquimaster.com.ar\/web\/wp-content\/uploads\/2024\/09\/casa_orbita_15.jpg' title=\"Casa \u00d3rbita \/ Estudio PK (\u00a9 Alejandro Peral)\" data-rl_title=\"Casa \u00d3rbita \/ Estudio PK (\u00a9 Alejandro Peral)\" class=\"rl-gallery-link\" data-rl_caption=\"Casa \u00d3rbita \/ Estudio PK (\u00a9 Alejandro Peral)\" data-rel=\"lightbox-gallery-1\"><img loading=\"lazy\" decoding=\"async\" width=\"150\" height=\"150\" src=\"https:\/\/www.arquimaster.com.ar\/web\/wp-content\/uploads\/2024\/09\/casa_orbita_15-150x150.jpg\" class=\"attachment-thumbnail size-thumbnail\" alt=\"Casa \u00d3rbita \/ Estudio PK\" aria-describedby=\"gallery-1-80426\" \/><\/a>\n\t\t\t<\/div>\n\t\t\t\t<figcaption class='wp-caption-text gallery-caption' id='gallery-1-80426'>\n\t\t\t\tCasa \u00d3rbita \/ Estudio PK (\u00a9 Alejandro Peral)\n\t\t\t\t<\/figcaption><\/figure><figure class='gallery-item'>\n\t\t\t<div class='gallery-icon portrait'>\n\t\t\t\t<a href='https:\/\/www.arquimaster.com.ar\/web\/wp-content\/uploads\/2024\/09\/casa_orbita_16.jpg' title=\"Casa \u00d3rbita \/ Estudio PK (\u00a9 Alejandro Peral)\" data-rl_title=\"Casa \u00d3rbita \/ Estudio PK (\u00a9 Alejandro Peral)\" class=\"rl-gallery-link\" data-rl_caption=\"Casa \u00d3rbita \/ Estudio PK (\u00a9 Alejandro Peral)\" data-rel=\"lightbox-gallery-1\"><img loading=\"lazy\" decoding=\"async\" width=\"150\" height=\"150\" src=\"https:\/\/www.arquimaster.com.ar\/web\/wp-content\/uploads\/2024\/09\/casa_orbita_16-150x150.jpg\" class=\"attachment-thumbnail size-thumbnail\" alt=\"Casa \u00d3rbita \/ Estudio PK\" aria-describedby=\"gallery-1-80427\" \/><\/a>\n\t\t\t<\/div>\n\t\t\t\t<figcaption class='wp-caption-text gallery-caption' id='gallery-1-80427'>\n\t\t\t\tCasa \u00d3rbita \/ Estudio PK (\u00a9 Alejandro Peral)\n\t\t\t\t<\/figcaption><\/figure><figure class='gallery-item'>\n\t\t\t<div class='gallery-icon landscape'>\n\t\t\t\t<a href='https:\/\/www.arquimaster.com.ar\/web\/wp-content\/uploads\/2024\/09\/casa_orbita_17.jpg' title=\"Casa \u00d3rbita \/ Estudio PK (\u00a9 Alejandro Peral)\" data-rl_title=\"Casa \u00d3rbita \/ Estudio PK (\u00a9 Alejandro Peral)\" class=\"rl-gallery-link\" data-rl_caption=\"Casa \u00d3rbita \/ Estudio PK (\u00a9 Alejandro Peral)\" data-rel=\"lightbox-gallery-1\"><img loading=\"lazy\" decoding=\"async\" width=\"150\" height=\"150\" src=\"https:\/\/www.arquimaster.com.ar\/web\/wp-content\/uploads\/2024\/09\/casa_orbita_17-150x150.jpg\" class=\"attachment-thumbnail size-thumbnail\" alt=\"Casa \u00d3rbita \/ Estudio PK\" aria-describedby=\"gallery-1-80428\" \/><\/a>\n\t\t\t<\/div>\n\t\t\t\t<figcaption class='wp-caption-text gallery-caption' id='gallery-1-80428'>\n\t\t\t\tCasa \u00d3rbita \/ Estudio PK (\u00a9 Alejandro Peral)\n\t\t\t\t<\/figcaption><\/figure><figure class='gallery-item'>\n\t\t\t<div class='gallery-icon portrait'>\n\t\t\t\t<a href='https:\/\/www.arquimaster.com.ar\/web\/wp-content\/uploads\/2024\/09\/casa_orbita_18.jpg' title=\"Casa \u00d3rbita \/ Estudio PK (\u00a9 Alejandro Peral)\" data-rl_title=\"Casa \u00d3rbita \/ Estudio PK (\u00a9 Alejandro Peral)\" class=\"rl-gallery-link\" data-rl_caption=\"Casa \u00d3rbita \/ Estudio PK (\u00a9 Alejandro Peral)\" data-rel=\"lightbox-gallery-1\"><img loading=\"lazy\" decoding=\"async\" width=\"150\" height=\"150\" src=\"https:\/\/www.arquimaster.com.ar\/web\/wp-content\/uploads\/2024\/09\/casa_orbita_18-150x150.jpg\" class=\"attachment-thumbnail size-thumbnail\" alt=\"Casa \u00d3rbita \/ Estudio PK\" aria-describedby=\"gallery-1-80429\" \/><\/a>\n\t\t\t<\/div>\n\t\t\t\t<figcaption class='wp-caption-text gallery-caption' id='gallery-1-80429'>\n\t\t\t\tCasa \u00d3rbita \/ Estudio PK (\u00a9 Alejandro Peral)\n\t\t\t\t<\/figcaption><\/figure><figure class='gallery-item'>\n\t\t\t<div class='gallery-icon portrait'>\n\t\t\t\t<a href='https:\/\/www.arquimaster.com.ar\/web\/wp-content\/uploads\/2024\/09\/casa_orbita_19.jpg' title=\"Casa \u00d3rbita \/ Estudio PK (\u00a9 Alejandro Peral)\" data-rl_title=\"Casa \u00d3rbita \/ Estudio PK (\u00a9 Alejandro Peral)\" class=\"rl-gallery-link\" data-rl_caption=\"Casa \u00d3rbita \/ Estudio PK (\u00a9 Alejandro Peral)\" data-rel=\"lightbox-gallery-1\"><img loading=\"lazy\" decoding=\"async\" width=\"150\" height=\"150\" src=\"https:\/\/www.arquimaster.com.ar\/web\/wp-content\/uploads\/2024\/09\/casa_orbita_19-150x150.jpg\" class=\"attachment-thumbnail size-thumbnail\" alt=\"Casa \u00d3rbita \/ Estudio PK\" aria-describedby=\"gallery-1-80430\" \/><\/a>\n\t\t\t<\/div>\n\t\t\t\t<figcaption class='wp-caption-text gallery-caption' id='gallery-1-80430'>\n\t\t\t\tCasa \u00d3rbita \/ Estudio PK (\u00a9 Alejandro Peral)\n\t\t\t\t<\/figcaption><\/figure><figure class='gallery-item'>\n\t\t\t<div class='gallery-icon portrait'>\n\t\t\t\t<a href='https:\/\/www.arquimaster.com.ar\/web\/wp-content\/uploads\/2024\/09\/casa_orbita_20.jpg' title=\"Casa \u00d3rbita \/ Estudio PK (planta baja)\" data-rl_title=\"Casa \u00d3rbita \/ Estudio PK (planta baja)\" class=\"rl-gallery-link\" data-rl_caption=\"Casa \u00d3rbita \/ Estudio PK (planta baja)\" data-rel=\"lightbox-gallery-1\"><img loading=\"lazy\" decoding=\"async\" width=\"150\" height=\"150\" src=\"https:\/\/www.arquimaster.com.ar\/web\/wp-content\/uploads\/2024\/09\/casa_orbita_20-150x150.jpg\" class=\"attachment-thumbnail size-thumbnail\" alt=\"Casa \u00d3rbita \/ Estudio PK\" aria-describedby=\"gallery-1-80431\" \/><\/a>\n\t\t\t<\/div>\n\t\t\t\t<figcaption class='wp-caption-text gallery-caption' id='gallery-1-80431'>\n\t\t\t\tCasa \u00d3rbita \/ Estudio PK (planta baja)\n\t\t\t\t<\/figcaption><\/figure><figure class='gallery-item'>\n\t\t\t<div class='gallery-icon portrait'>\n\t\t\t\t<a href='https:\/\/www.arquimaster.com.ar\/web\/wp-content\/uploads\/2024\/09\/casa_orbita_21.jpg' title=\"Casa \u00d3rbita \/ Estudio PK (planta alta)\" data-rl_title=\"Casa \u00d3rbita \/ Estudio PK (planta alta)\" class=\"rl-gallery-link\" data-rl_caption=\"Casa \u00d3rbita \/ Estudio PK (planta alta)\" data-rel=\"lightbox-gallery-1\"><img loading=\"lazy\" decoding=\"async\" width=\"150\" height=\"150\" src=\"https:\/\/www.arquimaster.com.ar\/web\/wp-content\/uploads\/2024\/09\/casa_orbita_21-150x150.jpg\" class=\"attachment-thumbnail size-thumbnail\" alt=\"Casa \u00d3rbita \/ Estudio PK\" aria-describedby=\"gallery-1-80432\" \/><\/a>\n\t\t\t<\/div>\n\t\t\t\t<figcaption class='wp-caption-text gallery-caption' id='gallery-1-80432'>\n\t\t\t\tCasa \u00d3rbita \/ Estudio PK (planta alta)\n\t\t\t\t<\/figcaption><\/figure><figure class='gallery-item'>\n\t\t\t<div class='gallery-icon portrait'>\n\t\t\t\t<a href='https:\/\/www.arquimaster.com.ar\/web\/wp-content\/uploads\/2024\/09\/casa_orbita_22.jpg' title=\"Casa \u00d3rbita \/ Estudio PK (planta de techos)\" data-rl_title=\"Casa \u00d3rbita \/ Estudio PK (planta de techos)\" class=\"rl-gallery-link\" data-rl_caption=\"Casa \u00d3rbita \/ Estudio PK (planta de techos)\" data-rel=\"lightbox-gallery-1\"><img loading=\"lazy\" decoding=\"async\" width=\"150\" height=\"150\" src=\"https:\/\/www.arquimaster.com.ar\/web\/wp-content\/uploads\/2024\/09\/casa_orbita_22-150x150.jpg\" class=\"attachment-thumbnail size-thumbnail\" alt=\"Casa \u00d3rbita \/ Estudio PK\" aria-describedby=\"gallery-1-80433\" \/><\/a>\n\t\t\t<\/div>\n\t\t\t\t<figcaption class='wp-caption-text gallery-caption' id='gallery-1-80433'>\n\t\t\t\tCasa \u00d3rbita \/ Estudio PK (planta de techos)\n\t\t\t\t<\/figcaption><\/figure><figure class='gallery-item'>\n\t\t\t<div class='gallery-icon landscape'>\n\t\t\t\t<a href='https:\/\/www.arquimaster.com.ar\/web\/wp-content\/uploads\/2024\/09\/casa_orbita_23.jpg' title=\"Casa \u00d3rbita \/ Estudio PK (corte)\" data-rl_title=\"Casa \u00d3rbita \/ Estudio PK (corte)\" class=\"rl-gallery-link\" data-rl_caption=\"Casa \u00d3rbita \/ Estudio PK (corte)\" data-rel=\"lightbox-gallery-1\"><img loading=\"lazy\" decoding=\"async\" width=\"150\" height=\"150\" src=\"https:\/\/www.arquimaster.com.ar\/web\/wp-content\/uploads\/2024\/09\/casa_orbita_23-150x150.jpg\" class=\"attachment-thumbnail size-thumbnail\" alt=\"Casa \u00d3rbita \/ Estudio PK\" aria-describedby=\"gallery-1-80434\" \/><\/a>\n\t\t\t<\/div>\n\t\t\t\t<figcaption class='wp-caption-text gallery-caption' id='gallery-1-80434'>\n\t\t\t\tCasa \u00d3rbita \/ Estudio PK (corte)\n\t\t\t\t<\/figcaption><\/figure><figure class='gallery-item'>\n\t\t\t<div class='gallery-icon landscape'>\n\t\t\t\t<a href='https:\/\/www.arquimaster.com.ar\/web\/wp-content\/uploads\/2024\/09\/casa_orbita_24.jpg' title=\"Casa \u00d3rbita \/ Estudio PK (corte)\" data-rl_title=\"Casa \u00d3rbita \/ Estudio PK (corte)\" class=\"rl-gallery-link\" data-rl_caption=\"Casa \u00d3rbita \/ Estudio PK (corte)\" data-rel=\"lightbox-gallery-1\"><img loading=\"lazy\" decoding=\"async\" width=\"150\" height=\"150\" src=\"https:\/\/www.arquimaster.com.ar\/web\/wp-content\/uploads\/2024\/09\/casa_orbita_24-150x150.jpg\" class=\"attachment-thumbnail size-thumbnail\" alt=\"Casa \u00d3rbita \/ Estudio PK\" aria-describedby=\"gallery-1-80435\" \/><\/a>\n\t\t\t<\/div>\n\t\t\t\t<figcaption class='wp-caption-text gallery-caption' id='gallery-1-80435'>\n\t\t\t\tCasa \u00d3rbita \/ Estudio PK (corte)\n\t\t\t\t<\/figcaption><\/figure><figure class='gallery-item'>\n\t\t\t<div class='gallery-icon landscape'>\n\t\t\t\t<a href='https:\/\/www.arquimaster.com.ar\/web\/wp-content\/uploads\/2024\/09\/casa_orbita_25.jpg' title=\"Casa \u00d3rbita \/ Estudio PK (vista)\" data-rl_title=\"Casa \u00d3rbita \/ Estudio PK (vista)\" class=\"rl-gallery-link\" data-rl_caption=\"Casa \u00d3rbita \/ Estudio PK (vista)\" data-rel=\"lightbox-gallery-1\"><img loading=\"lazy\" decoding=\"async\" width=\"150\" height=\"150\" src=\"https:\/\/www.arquimaster.com.ar\/web\/wp-content\/uploads\/2024\/09\/casa_orbita_25-150x150.jpg\" class=\"attachment-thumbnail size-thumbnail\" alt=\"Casa \u00d3rbita \/ Estudio PK\" aria-describedby=\"gallery-1-80436\" \/><\/a>\n\t\t\t<\/div>\n\t\t\t\t<figcaption class='wp-caption-text gallery-caption' id='gallery-1-80436'>\n\t\t\t\tCasa \u00d3rbita \/ Estudio PK (vista)\n\t\t\t\t<\/figcaption><\/figure><figure class='gallery-item'>\n\t\t\t<div class='gallery-icon landscape'>\n\t\t\t\t<a href='https:\/\/www.arquimaster.com.ar\/web\/wp-content\/uploads\/2024\/09\/casa_orbita_26.jpg' title=\"Casa \u00d3rbita \/ Estudio PK (vista)\" data-rl_title=\"Casa \u00d3rbita \/ Estudio PK (vista)\" class=\"rl-gallery-link\" data-rl_caption=\"Casa \u00d3rbita \/ Estudio PK (vista)\" data-rel=\"lightbox-gallery-1\"><img loading=\"lazy\" decoding=\"async\" width=\"150\" height=\"150\" src=\"https:\/\/www.arquimaster.com.ar\/web\/wp-content\/uploads\/2024\/09\/casa_orbita_26-150x150.jpg\" class=\"attachment-thumbnail size-thumbnail\" alt=\"Casa \u00d3rbita \/ Estudio PK\" aria-describedby=\"gallery-1-80437\" \/><\/a>\n\t\t\t<\/div>\n\t\t\t\t<figcaption class='wp-caption-text gallery-caption' id='gallery-1-80437'>\n\t\t\t\tCasa \u00d3rbita \/ Estudio PK (vista)\n\t\t\t\t<\/figcaption><\/figure><figure class='gallery-item'>\n\t\t\t<div class='gallery-icon landscape'>\n\t\t\t\t<a href='https:\/\/www.arquimaster.com.ar\/web\/wp-content\/uploads\/2024\/09\/casa_orbita_27.jpg' title=\"Casa \u00d3rbita \/ Estudio PK (vista)\" data-rl_title=\"Casa \u00d3rbita \/ Estudio PK (vista)\" class=\"rl-gallery-link\" data-rl_caption=\"Casa \u00d3rbita \/ Estudio PK (vista)\" data-rel=\"lightbox-gallery-1\"><img loading=\"lazy\" decoding=\"async\" width=\"150\" height=\"150\" src=\"https:\/\/www.arquimaster.com.ar\/web\/wp-content\/uploads\/2024\/09\/casa_orbita_27-150x150.jpg\" class=\"attachment-thumbnail size-thumbnail\" alt=\"Casa \u00d3rbita \/ Estudio PK\" aria-describedby=\"gallery-1-80438\" \/><\/a>\n\t\t\t<\/div>\n\t\t\t\t<figcaption class='wp-caption-text gallery-caption' id='gallery-1-80438'>\n\t\t\t\tCasa \u00d3rbita \/ Estudio PK (vista)\n\t\t\t\t<\/figcaption><\/figure><figure class='gallery-item'>\n\t\t\t<div class='gallery-icon landscape'>\n\t\t\t\t<a href='https:\/\/www.arquimaster.com.ar\/web\/wp-content\/uploads\/2024\/09\/casa_orbita_28.jpg' title=\"Casa \u00d3rbita \/ Estudio PK (vista)\" data-rl_title=\"Casa \u00d3rbita \/ Estudio PK (vista)\" class=\"rl-gallery-link\" data-rl_caption=\"Casa \u00d3rbita \/ Estudio PK (vista)\" data-rel=\"lightbox-gallery-1\"><img loading=\"lazy\" decoding=\"async\" width=\"150\" height=\"150\" src=\"https:\/\/www.arquimaster.com.ar\/web\/wp-content\/uploads\/2024\/09\/casa_orbita_28-150x150.jpg\" class=\"attachment-thumbnail size-thumbnail\" alt=\"Casa \u00d3rbita \/ Estudio PK\" aria-describedby=\"gallery-1-80439\" \/><\/a>\n\t\t\t<\/div>\n\t\t\t\t<figcaption class='wp-caption-text gallery-caption' id='gallery-1-80439'>\n\t\t\t\tCasa \u00d3rbita \/ Estudio PK (vista)\n\t\t\t\t<\/figcaption><\/figure>\n\t\t<\/div>\n\n<p>Se prioriz\u00f3 la orientaci\u00f3n norte, utilizando un patio central que articula visual y funcionalmente las dos alas del basamento: Una contiene el espacio flexible junto al hall de acceso y la transici\u00f3n desde la calle hacia el interior de la vivienda.<\/p>\n<p>La otra se direcciona hacia el contra frente en relaci\u00f3n con el \u00e1rea p\u00fablica de la casa, expandi\u00e9ndose hacia la pileta y la laguna del fondo enmarcando el paisaje. Sobre el lateral sudoeste, se ubican todos los sectores de servicio.<\/p>\n<p>El hall en doble altura cose las dos plantas, permitiendo que el sector privado en el segundo nivel posea un di\u00e1logo constante con el patio central. El mismo no s\u00f3lo les brinda una entrada de luz con la mejor orientaci\u00f3n, sino que junto con el cerramiento de paneles perforados de acero corten en el frente, aportan privacidad a los dormitorios y al playroom que con sus paneles plegadizos logra un espacio de reuni\u00f3n \u00edntimo para los usuarios.<\/p>\n<p>Este segundo volumen se despega del basamento con un lenguaje m\u00e1s libre, obtenido por medio de curvas que direccionan el programa hacia las mejores visuales.<\/p>\n<p>El proyecto cuenta con una segunda galer\u00eda social en el frente, abierta a la calle. La misma permite la transparencia visual desde el estar comedor, hacia la laguna central del barrio, con orientaci\u00f3n norte.<\/p>\n<p>La constituci\u00f3n material de la vivienda se basa en materiales nobles de poco mantenimiento: una estructura de Hormig\u00f3n, con revestimientos de piedra volc\u00e1nica en el acceso, pisos de tundra grey, mesadas de m\u00e1rmol, mobiliario de roble y carpinter\u00edas de aluminio con DVH.<\/p>\n<p>Casa \u00d3rbita propone una vivienda con un dise\u00f1o capaz de apreciar el paisaje verde que la envuelve y de brindarle a los usuarios un hogar \u00fanico para compartir en familia.<\/p>\n\n\n<div style=\"height:20px\" aria-hidden=\"true\" class=\"wp-block-spacer\"><\/div>\n\n\n\n<p class=\"has-background\" style=\"background-color:#eaeaea\"><strong>Ficha t\u00e9cnica<\/strong><br>Nombre: Casa \u00d3rbita<br>Ubicaci\u00f3n: Barrio Viraz\u00f3n, Nordelta, Tigre, Pcia. de Buenos Aires, Argentina<br>Oficina de Arquitectura: Estudio PK<br>Arquitectos a cargo: Arq. Ignacio Pessagno, Arq. Lilian Kandus<br>Equipo: Arq. Ignacio Pessagno, Arq. Lilian Kandus, Arq. Lucila L\u00f3pez, Arq. Denise Andreoli, Arq. Bel\u00e9n Luna Crook, Arq. Bel\u00e9n L\u00f3pez Astrada, Arq. Vanesa Rol\u00f3n, Delfina Iglesias, Denise Bardelli, Melany D&#8217;angelo, Sof\u00eda Vier Abinet, Renata Stechina, M. Emilia Belardinelli<br>C\u00e1lculo estructural: Ing. Jos\u00e9 Luis Pisani<br>Superficie construida: 523 m2<br>Interiorismo: SUMA interiorismo<br>Paisajismo: Gr\u00fcn paisajismo<br>A\u00f1o finalizaci\u00f3n construcci\u00f3n: 2022\/2023<br>Fotograf\u00edas: Alejandro Peral<br>Sitio web: https:\/\/www.estudiopka.com.ar<br>Instagram: @estudiopka<\/p>\n\n\n\n<div style=\"height:40px\" aria-hidden=\"true\" class=\"wp-block-spacer\"><\/div>\n\n<div style=\"font-size: 0px; height: 0px; line-height: 0px; margin: 0; padding: 0; clear: both;\"><\/div><div style=\"margin-top: 0px; margin-bottom: 0px;\" class=\"sharethis-inline-share-buttons\" ><\/div>","protected":false},"excerpt":{"rendered":"<p>Situada en un terreno de esquina con dos bordes costeros y vistas a la laguna&#8230;<\/p>\n","protected":false},"author":1,"featured_media":80411,"comment_status":"closed","ping_status":"closed","sticky":false,"template":"","format":"standard","meta":{"_uag_custom_page_level_css":"","footnotes":""},"categories":[1,83],"tags":[14,4282,16,847,7752,3321,3322,3323,984,945,254],"class_list":["post-80410","post","type-post","status-publish","format-standard","has-post-thumbnail","hentry","category-proyecto","category-vivienda-unifamiliar","tag-argentina","tag-arquitectura-residencial","tag-buenos-aires","tag-casa-en-barrio-cerrado","tag-estudio-pk","tag-estudio-pka","tag-ignacio-pessagno","tag-lilian-kandus","tag-nordelta","tag-tigre","tag-vivienda-unifamiliar-2","generate-columns","tablet-grid-50","mobile-grid-100","grid-parent","grid-50"],"yoast_head":"<!-- This site is optimized with the Yoast SEO plugin v27.3 - https:\/\/yoast.com\/product\/yoast-seo-wordpress\/ -->\n<title>Casa \u00d3rbita \/ Estudio PK - Arquimaster<\/title>\n<meta name=\"description\" content=\"Situada en un terreno de esquina con dos bordes costeros, un remate hacia un espacio verde p\u00fablico y vistas a la laguna.\" \/>\n<meta name=\"robots\" content=\"index, follow, max-snippet:-1, max-image-preview:large, max-video-preview:-1\" \/>\n<link rel=\"canonical\" href=\"https:\/\/www.arquimaster.com.ar\/web\/casa-orbita-estudio-pk\/\" \/>\n<meta property=\"og:locale\" content=\"es_ES\" \/>\n<meta property=\"og:type\" content=\"article\" \/>\n<meta property=\"og:title\" content=\"Casa \u00d3rbita \/ Estudio PK\" \/>\n<meta property=\"og:description\" content=\"Situada en un terreno de esquina con dos bordes costeros, un remate hacia un espacio verde p\u00fablico y vistas a la laguna.\" \/>\n<meta property=\"og:url\" content=\"https:\/\/www.arquimaster.com.ar\/web\/casa-orbita-estudio-pk\/\" \/>\n<meta property=\"og:site_name\" content=\"Arquimaster\" \/>\n<meta property=\"article:publisher\" content=\"http:\/\/www.facebook.com\/ARQUIMASTER.com.ar\" \/>\n<meta property=\"article:published_time\" content=\"2024-09-17T16:13:28+00:00\" \/>\n<meta property=\"article:modified_time\" content=\"2025-07-25T01:27:30+00:00\" \/>\n<meta property=\"og:image\" content=\"https:\/\/www.arquimaster.com.ar\/web\/wp-content\/uploads\/2024\/09\/casa_orbita_slide.jpg\" \/>\n\t<meta property=\"og:image:width\" content=\"698\" \/>\n\t<meta property=\"og:image:height\" content=\"364\" \/>\n\t<meta property=\"og:image:type\" content=\"image\/jpeg\" \/>\n<meta name=\"author\" content=\"Arquimaster\" \/>\n<meta name=\"twitter:card\" content=\"summary_large_image\" \/>\n<meta name=\"twitter:title\" content=\"Casa \u00d3rbita \/ Estudio PK\" \/>\n<meta name=\"twitter:description\" content=\"Situada en un terreno de esquina con dos bordes costeros, un remate hacia un espacio verde p\u00fablico y vistas a la laguna.\" \/>\n<meta name=\"twitter:image\" content=\"https:\/\/www.arquimaster.com.ar\/web\/wp-content\/uploads\/2024\/09\/casa_orbita_slide.jpg\" \/>\n<meta name=\"twitter:creator\" content=\"@arquimaster\" \/>\n<meta name=\"twitter:site\" content=\"@arquimaster\" \/>\n<meta name=\"twitter:label1\" content=\"Escrito por\" \/>\n\t<meta name=\"twitter:data1\" content=\"Arquimaster\" \/>\n\t<meta name=\"twitter:label2\" content=\"Tiempo de lectura\" \/>\n\t<meta name=\"twitter:data2\" content=\"3 minutos\" \/>\n<script type=\"application\/ld+json\" class=\"yoast-schema-graph\">{\"@context\":\"https:\\\/\\\/schema.org\",\"@graph\":[{\"@type\":\"Article\",\"@id\":\"https:\\\/\\\/www.arquimaster.com.ar\\\/web\\\/casa-orbita-estudio-pk\\\/#article\",\"isPartOf\":{\"@id\":\"https:\\\/\\\/www.arquimaster.com.ar\\\/web\\\/casa-orbita-estudio-pk\\\/\"},\"author\":{\"name\":\"Arquimaster\",\"@id\":\"https:\\\/\\\/www.arquimaster.com.ar\\\/web\\\/#\\\/schema\\\/person\\\/359e9f7c00193fcde068e0dd2ceb0028\"},\"headline\":\"Casa \u00d3rbita \\\/ Estudio PK\",\"datePublished\":\"2024-09-17T16:13:28+00:00\",\"dateModified\":\"2025-07-25T01:27:30+00:00\",\"mainEntityOfPage\":{\"@id\":\"https:\\\/\\\/www.arquimaster.com.ar\\\/web\\\/casa-orbita-estudio-pk\\\/\"},\"wordCount\":479,\"publisher\":{\"@id\":\"https:\\\/\\\/www.arquimaster.com.ar\\\/web\\\/#organization\"},\"image\":{\"@id\":\"https:\\\/\\\/www.arquimaster.com.ar\\\/web\\\/casa-orbita-estudio-pk\\\/#primaryimage\"},\"thumbnailUrl\":\"https:\\\/\\\/www.arquimaster.com.ar\\\/web\\\/wp-content\\\/uploads\\\/2024\\\/09\\\/casa_orbita_slide.jpg\",\"keywords\":[\"Argentina\",\"arquitectura residencial\",\"Buenos Aires\",\"casa en barrio cerrado\",\"Estudio PK\",\"Estudio Pka\",\"Ignacio Pessagno\",\"Lilian Kandus\",\"Nordelta\",\"Tigre\",\"vivienda unifamiliar\"],\"articleSection\":[\"Proyecto\",\"Vivienda unifamiliar y PH\"],\"inLanguage\":\"es\"},{\"@type\":\"WebPage\",\"@id\":\"https:\\\/\\\/www.arquimaster.com.ar\\\/web\\\/casa-orbita-estudio-pk\\\/\",\"url\":\"https:\\\/\\\/www.arquimaster.com.ar\\\/web\\\/casa-orbita-estudio-pk\\\/\",\"name\":\"Casa \u00d3rbita \\\/ Estudio PK - Arquimaster\",\"isPartOf\":{\"@id\":\"https:\\\/\\\/www.arquimaster.com.ar\\\/web\\\/#website\"},\"primaryImageOfPage\":{\"@id\":\"https:\\\/\\\/www.arquimaster.com.ar\\\/web\\\/casa-orbita-estudio-pk\\\/#primaryimage\"},\"image\":{\"@id\":\"https:\\\/\\\/www.arquimaster.com.ar\\\/web\\\/casa-orbita-estudio-pk\\\/#primaryimage\"},\"thumbnailUrl\":\"https:\\\/\\\/www.arquimaster.com.ar\\\/web\\\/wp-content\\\/uploads\\\/2024\\\/09\\\/casa_orbita_slide.jpg\",\"datePublished\":\"2024-09-17T16:13:28+00:00\",\"dateModified\":\"2025-07-25T01:27:30+00:00\",\"description\":\"Situada en un terreno de esquina con dos bordes costeros, un remate hacia un espacio verde p\u00fablico y vistas a la laguna.\",\"breadcrumb\":{\"@id\":\"https:\\\/\\\/www.arquimaster.com.ar\\\/web\\\/casa-orbita-estudio-pk\\\/#breadcrumb\"},\"inLanguage\":\"es\",\"potentialAction\":[{\"@type\":\"ReadAction\",\"target\":[\"https:\\\/\\\/www.arquimaster.com.ar\\\/web\\\/casa-orbita-estudio-pk\\\/\"]}]},{\"@type\":\"ImageObject\",\"inLanguage\":\"es\",\"@id\":\"https:\\\/\\\/www.arquimaster.com.ar\\\/web\\\/casa-orbita-estudio-pk\\\/#primaryimage\",\"url\":\"https:\\\/\\\/www.arquimaster.com.ar\\\/web\\\/wp-content\\\/uploads\\\/2024\\\/09\\\/casa_orbita_slide.jpg\",\"contentUrl\":\"https:\\\/\\\/www.arquimaster.com.ar\\\/web\\\/wp-content\\\/uploads\\\/2024\\\/09\\\/casa_orbita_slide.jpg\",\"width\":698,\"height\":364,\"caption\":\"Casa \u00d3rbita \\\/ Estudio PK\"},{\"@type\":\"BreadcrumbList\",\"@id\":\"https:\\\/\\\/www.arquimaster.com.ar\\\/web\\\/casa-orbita-estudio-pk\\\/#breadcrumb\",\"itemListElement\":[{\"@type\":\"ListItem\",\"position\":1,\"name\":\"Portada\",\"item\":\"https:\\\/\\\/www.arquimaster.com.ar\\\/web\\\/\"},{\"@type\":\"ListItem\",\"position\":2,\"name\":\"Casa \u00d3rbita \\\/ Estudio PK\"}]},{\"@type\":\"WebSite\",\"@id\":\"https:\\\/\\\/www.arquimaster.com.ar\\\/web\\\/#website\",\"url\":\"https:\\\/\\\/www.arquimaster.com.ar\\\/web\\\/\",\"name\":\"Arquimaster\",\"description\":\"Web de arquitectura, dise\u00f1o y construccion\",\"publisher\":{\"@id\":\"https:\\\/\\\/www.arquimaster.com.ar\\\/web\\\/#organization\"},\"potentialAction\":[{\"@type\":\"SearchAction\",\"target\":{\"@type\":\"EntryPoint\",\"urlTemplate\":\"https:\\\/\\\/www.arquimaster.com.ar\\\/web\\\/?s={search_term_string}\"},\"query-input\":{\"@type\":\"PropertyValueSpecification\",\"valueRequired\":true,\"valueName\":\"search_term_string\"}}],\"inLanguage\":\"es\"},{\"@type\":\"Organization\",\"@id\":\"https:\\\/\\\/www.arquimaster.com.ar\\\/web\\\/#organization\",\"name\":\"Arquimaster\",\"url\":\"https:\\\/\\\/www.arquimaster.com.ar\\\/web\\\/\",\"logo\":{\"@type\":\"ImageObject\",\"inLanguage\":\"es\",\"@id\":\"https:\\\/\\\/www.arquimaster.com.ar\\\/web\\\/#\\\/schema\\\/logo\\\/image\\\/\",\"url\":\"https:\\\/\\\/www.arquimaster.com.ar\\\/web\\\/wp-content\\\/uploads\\\/2022\\\/06\\\/arquimaster.png\",\"contentUrl\":\"https:\\\/\\\/www.arquimaster.com.ar\\\/web\\\/wp-content\\\/uploads\\\/2022\\\/06\\\/arquimaster.png\",\"width\":594,\"height\":78,\"caption\":\"Arquimaster\"},\"image\":{\"@id\":\"https:\\\/\\\/www.arquimaster.com.ar\\\/web\\\/#\\\/schema\\\/logo\\\/image\\\/\"},\"sameAs\":[\"http:\\\/\\\/www.facebook.com\\\/ARQUIMASTER.com.ar\",\"https:\\\/\\\/x.com\\\/arquimaster\",\"https:\\\/\\\/www.instagram.com\\\/arquimasterblog\\\/\",\"https:\\\/\\\/www.linkedin.com\\\/company\\\/arquimaster\",\"https:\\\/\\\/www.pinterest.com\\\/arquimaster\",\"https:\\\/\\\/t.me\\\/arquimaster\"]},{\"@type\":\"Person\",\"@id\":\"https:\\\/\\\/www.arquimaster.com.ar\\\/web\\\/#\\\/schema\\\/person\\\/359e9f7c00193fcde068e0dd2ceb0028\",\"name\":\"Arquimaster\"}]}<\/script>\n<!-- \/ Yoast SEO plugin. -->","yoast_head_json":{"title":"Casa \u00d3rbita \/ Estudio PK - Arquimaster","description":"Situada en un terreno de esquina con dos bordes costeros, un remate hacia un espacio verde p\u00fablico y vistas a la laguna.","robots":{"index":"index","follow":"follow","max-snippet":"max-snippet:-1","max-image-preview":"max-image-preview:large","max-video-preview":"max-video-preview:-1"},"canonical":"https:\/\/www.arquimaster.com.ar\/web\/casa-orbita-estudio-pk\/","og_locale":"es_ES","og_type":"article","og_title":"Casa \u00d3rbita \/ Estudio PK","og_description":"Situada en un terreno de esquina con dos bordes costeros, un remate hacia un espacio verde p\u00fablico y vistas a la laguna.","og_url":"https:\/\/www.arquimaster.com.ar\/web\/casa-orbita-estudio-pk\/","og_site_name":"Arquimaster","article_publisher":"http:\/\/www.facebook.com\/ARQUIMASTER.com.ar","article_published_time":"2024-09-17T16:13:28+00:00","article_modified_time":"2025-07-25T01:27:30+00:00","og_image":[{"width":698,"height":364,"url":"https:\/\/www.arquimaster.com.ar\/web\/wp-content\/uploads\/2024\/09\/casa_orbita_slide.jpg","type":"image\/jpeg"}],"author":"Arquimaster","twitter_card":"summary_large_image","twitter_title":"Casa \u00d3rbita \/ Estudio PK","twitter_description":"Situada en un terreno de esquina con dos bordes costeros, un remate hacia un espacio verde p\u00fablico y vistas a la laguna.","twitter_image":"https:\/\/www.arquimaster.com.ar\/web\/wp-content\/uploads\/2024\/09\/casa_orbita_slide.jpg","twitter_creator":"@arquimaster","twitter_site":"@arquimaster","twitter_misc":{"Escrito por":"Arquimaster","Tiempo de lectura":"3 minutos"},"schema":{"@context":"https:\/\/schema.org","@graph":[{"@type":"Article","@id":"https:\/\/www.arquimaster.com.ar\/web\/casa-orbita-estudio-pk\/#article","isPartOf":{"@id":"https:\/\/www.arquimaster.com.ar\/web\/casa-orbita-estudio-pk\/"},"author":{"name":"Arquimaster","@id":"https:\/\/www.arquimaster.com.ar\/web\/#\/schema\/person\/359e9f7c00193fcde068e0dd2ceb0028"},"headline":"Casa \u00d3rbita \/ Estudio PK","datePublished":"2024-09-17T16:13:28+00:00","dateModified":"2025-07-25T01:27:30+00:00","mainEntityOfPage":{"@id":"https:\/\/www.arquimaster.com.ar\/web\/casa-orbita-estudio-pk\/"},"wordCount":479,"publisher":{"@id":"https:\/\/www.arquimaster.com.ar\/web\/#organization"},"image":{"@id":"https:\/\/www.arquimaster.com.ar\/web\/casa-orbita-estudio-pk\/#primaryimage"},"thumbnailUrl":"https:\/\/www.arquimaster.com.ar\/web\/wp-content\/uploads\/2024\/09\/casa_orbita_slide.jpg","keywords":["Argentina","arquitectura residencial","Buenos Aires","casa en barrio cerrado","Estudio PK","Estudio Pka","Ignacio Pessagno","Lilian Kandus","Nordelta","Tigre","vivienda unifamiliar"],"articleSection":["Proyecto","Vivienda unifamiliar y PH"],"inLanguage":"es"},{"@type":"WebPage","@id":"https:\/\/www.arquimaster.com.ar\/web\/casa-orbita-estudio-pk\/","url":"https:\/\/www.arquimaster.com.ar\/web\/casa-orbita-estudio-pk\/","name":"Casa \u00d3rbita \/ Estudio PK - Arquimaster","isPartOf":{"@id":"https:\/\/www.arquimaster.com.ar\/web\/#website"},"primaryImageOfPage":{"@id":"https:\/\/www.arquimaster.com.ar\/web\/casa-orbita-estudio-pk\/#primaryimage"},"image":{"@id":"https:\/\/www.arquimaster.com.ar\/web\/casa-orbita-estudio-pk\/#primaryimage"},"thumbnailUrl":"https:\/\/www.arquimaster.com.ar\/web\/wp-content\/uploads\/2024\/09\/casa_orbita_slide.jpg","datePublished":"2024-09-17T16:13:28+00:00","dateModified":"2025-07-25T01:27:30+00:00","description":"Situada en un terreno de esquina con dos bordes costeros, un remate hacia un espacio verde p\u00fablico y vistas a la laguna.","breadcrumb":{"@id":"https:\/\/www.arquimaster.com.ar\/web\/casa-orbita-estudio-pk\/#breadcrumb"},"inLanguage":"es","potentialAction":[{"@type":"ReadAction","target":["https:\/\/www.arquimaster.com.ar\/web\/casa-orbita-estudio-pk\/"]}]},{"@type":"ImageObject","inLanguage":"es","@id":"https:\/\/www.arquimaster.com.ar\/web\/casa-orbita-estudio-pk\/#primaryimage","url":"https:\/\/www.arquimaster.com.ar\/web\/wp-content\/uploads\/2024\/09\/casa_orbita_slide.jpg","contentUrl":"https:\/\/www.arquimaster.com.ar\/web\/wp-content\/uploads\/2024\/09\/casa_orbita_slide.jpg","width":698,"height":364,"caption":"Casa \u00d3rbita \/ Estudio PK"},{"@type":"BreadcrumbList","@id":"https:\/\/www.arquimaster.com.ar\/web\/casa-orbita-estudio-pk\/#breadcrumb","itemListElement":[{"@type":"ListItem","position":1,"name":"Portada","item":"https:\/\/www.arquimaster.com.ar\/web\/"},{"@type":"ListItem","position":2,"name":"Casa \u00d3rbita \/ Estudio PK"}]},{"@type":"WebSite","@id":"https:\/\/www.arquimaster.com.ar\/web\/#website","url":"https:\/\/www.arquimaster.com.ar\/web\/","name":"Arquimaster","description":"Web de arquitectura, dise\u00f1o y construccion","publisher":{"@id":"https:\/\/www.arquimaster.com.ar\/web\/#organization"},"potentialAction":[{"@type":"SearchAction","target":{"@type":"EntryPoint","urlTemplate":"https:\/\/www.arquimaster.com.ar\/web\/?s={search_term_string}"},"query-input":{"@type":"PropertyValueSpecification","valueRequired":true,"valueName":"search_term_string"}}],"inLanguage":"es"},{"@type":"Organization","@id":"https:\/\/www.arquimaster.com.ar\/web\/#organization","name":"Arquimaster","url":"https:\/\/www.arquimaster.com.ar\/web\/","logo":{"@type":"ImageObject","inLanguage":"es","@id":"https:\/\/www.arquimaster.com.ar\/web\/#\/schema\/logo\/image\/","url":"https:\/\/www.arquimaster.com.ar\/web\/wp-content\/uploads\/2022\/06\/arquimaster.png","contentUrl":"https:\/\/www.arquimaster.com.ar\/web\/wp-content\/uploads\/2022\/06\/arquimaster.png","width":594,"height":78,"caption":"Arquimaster"},"image":{"@id":"https:\/\/www.arquimaster.com.ar\/web\/#\/schema\/logo\/image\/"},"sameAs":["http:\/\/www.facebook.com\/ARQUIMASTER.com.ar","https:\/\/x.com\/arquimaster","https:\/\/www.instagram.com\/arquimasterblog\/","https:\/\/www.linkedin.com\/company\/arquimaster","https:\/\/www.pinterest.com\/arquimaster","https:\/\/t.me\/arquimaster"]},{"@type":"Person","@id":"https:\/\/www.arquimaster.com.ar\/web\/#\/schema\/person\/359e9f7c00193fcde068e0dd2ceb0028","name":"Arquimaster"}]}},"uagb_featured_image_src":{"full":["https:\/\/www.arquimaster.com.ar\/web\/wp-content\/uploads\/2024\/09\/casa_orbita_slide.jpg",698,364,false],"thumbnail":["https:\/\/www.arquimaster.com.ar\/web\/wp-content\/uploads\/2024\/09\/casa_orbita_slide-150x150.jpg",150,150,true],"medium":["https:\/\/www.arquimaster.com.ar\/web\/wp-content\/uploads\/2024\/09\/casa_orbita_slide.jpg",698,364,false],"medium_large":["https:\/\/www.arquimaster.com.ar\/web\/wp-content\/uploads\/2024\/09\/casa_orbita_slide.jpg",698,364,false],"large":["https:\/\/www.arquimaster.com.ar\/web\/wp-content\/uploads\/2024\/09\/casa_orbita_slide.jpg",698,364,false],"1536x1536":["https:\/\/www.arquimaster.com.ar\/web\/wp-content\/uploads\/2024\/09\/casa_orbita_slide.jpg",698,364,false],"2048x2048":["https:\/\/www.arquimaster.com.ar\/web\/wp-content\/uploads\/2024\/09\/casa_orbita_slide.jpg",698,364,false]},"uagb_author_info":{"display_name":"Arquimaster","author_link":"https:\/\/www.arquimaster.com.ar\/web\/author\/arquimaster\/"},"uagb_comment_info":0,"uagb_excerpt":"Situada en un terreno de esquina con dos bordes costeros y vistas a la laguna...","_links":{"self":[{"href":"https:\/\/www.arquimaster.com.ar\/web\/wp-json\/wp\/v2\/posts\/80410","targetHints":{"allow":["GET"]}}],"collection":[{"href":"https:\/\/www.arquimaster.com.ar\/web\/wp-json\/wp\/v2\/posts"}],"about":[{"href":"https:\/\/www.arquimaster.com.ar\/web\/wp-json\/wp\/v2\/types\/post"}],"author":[{"embeddable":true,"href":"https:\/\/www.arquimaster.com.ar\/web\/wp-json\/wp\/v2\/users\/1"}],"replies":[{"embeddable":true,"href":"https:\/\/www.arquimaster.com.ar\/web\/wp-json\/wp\/v2\/comments?post=80410"}],"version-history":[{"count":4,"href":"https:\/\/www.arquimaster.com.ar\/web\/wp-json\/wp\/v2\/posts\/80410\/revisions"}],"predecessor-version":[{"id":85142,"href":"https:\/\/www.arquimaster.com.ar\/web\/wp-json\/wp\/v2\/posts\/80410\/revisions\/85142"}],"wp:featuredmedia":[{"embeddable":true,"href":"https:\/\/www.arquimaster.com.ar\/web\/wp-json\/wp\/v2\/media\/80411"}],"wp:attachment":[{"href":"https:\/\/www.arquimaster.com.ar\/web\/wp-json\/wp\/v2\/media?parent=80410"}],"wp:term":[{"taxonomy":"category","embeddable":true,"href":"https:\/\/www.arquimaster.com.ar\/web\/wp-json\/wp\/v2\/categories?post=80410"},{"taxonomy":"post_tag","embeddable":true,"href":"https:\/\/www.arquimaster.com.ar\/web\/wp-json\/wp\/v2\/tags?post=80410"}],"curies":[{"name":"wp","href":"https:\/\/api.w.org\/{rel}","templated":true}]}}