{"id":80442,"date":"2024-09-17T13:15:19","date_gmt":"2024-09-17T16:15:19","guid":{"rendered":"https:\/\/www.arquimaster.com.ar\/web\/?p=80442"},"modified":"2025-07-24T22:27:16","modified_gmt":"2025-07-25T01:27:16","slug":"uide-quito-universidad-internacional-de-ecuador-contract-workplaces","status":"publish","type":"post","link":"https:\/\/www.arquimaster.com.ar\/web\/uide-quito-universidad-internacional-de-ecuador-contract-workplaces\/","title":{"rendered":"UIDE Quito (Universidad Internacional de Ecuador) \/ Contract Workplaces"},"content":{"rendered":"<div style=\"margin-top: 0px; margin-bottom: 0px;\" class=\"sharethis-inline-share-buttons\" ><\/div><div class=\"b812932af2e751442846f039925109de\" data-index=\"1\" style=\"float: none; margin:25px 0 25px 0; text-align:center;\">\n<script async src=\"https:\/\/pagead2.googlesyndication.com\/pagead\/js\/adsbygoogle.js\"><\/script>\r\n<!-- Arquimaster (superior) -->\r\n<ins class=\"adsbygoogle\"\r\n     style=\"display:block\"\r\n     data-ad-client=\"ca-pub-6351072698456832\"\r\n     data-ad-slot=\"6455489680\"\r\n     data-ad-format=\"auto\"\r\n     data-full-width-responsive=\"true\"><\/ins>\r\n<script>\r\n     (adsbygoogle = window.adsbygoogle || []).push({});\r\n<\/script>\n<\/div>\n<p><strong>UIDE Quito<\/strong> (Quito, Ecuador) por <strong>Contract Workplaces<\/strong>. La Universidad Internacional de Ecuador (UIDE) es una importante instituci\u00f3n acad\u00e9mica que, a ra\u00edz de su alianza en 2021 con la Arizona State University -n\u00famero 1 en innovaci\u00f3n en los Estados Unidos- se encontraba en un proceso de transici\u00f3n y renovaci\u00f3n integral. El objetivo era alinear sus espacios f\u00edsicos con los nuevos programas de estudios y la propuesta pedag\u00f3gica, ambos enfocados en generar un \u00e1mbito de aprendizaje capaz de promover el desarrollo integral de los estudiantes, la calidad acad\u00e9mica, la innovaci\u00f3n y la internacionalizaci\u00f3n, con la tecnolog\u00eda como eje transversal de sus pr\u00e1cticas.<\/p>\n<div id='gallery-1' class='gallery galleryid-80442 gallery-columns-3 gallery-size-thumbnail'><figure class='gallery-item'>\n\t\t\t<div class='gallery-icon landscape'>\n\t\t\t\t<a href='https:\/\/www.arquimaster.com.ar\/web\/wp-content\/uploads\/2024\/09\/uide_quito_1.jpg' title=\"UIDE Quito (Universidad Internacional de Ecuador) \/ Contract Workplaces (\u00a9 Bicubik)\" data-rl_title=\"UIDE Quito (Universidad Internacional de Ecuador) \/ Contract Workplaces (\u00a9 Bicubik)\" class=\"rl-gallery-link\" data-rl_caption=\"UIDE Quito (Universidad Internacional de Ecuador) \/ Contract Workplaces (\u00a9 Bicubik)\" data-rel=\"lightbox-gallery-1\"><img loading=\"lazy\" decoding=\"async\" width=\"150\" height=\"150\" src=\"https:\/\/www.arquimaster.com.ar\/web\/wp-content\/uploads\/2024\/09\/uide_quito_1-150x150.jpg\" class=\"attachment-thumbnail size-thumbnail\" alt=\"UIDE Quito (Universidad Internacional de Ecuador) \/ Contract Workplaces\" aria-describedby=\"gallery-1-80444\" \/><\/a>\n\t\t\t<\/div>\n\t\t\t\t<figcaption class='wp-caption-text gallery-caption' id='gallery-1-80444'>\n\t\t\t\tUIDE Quito (Universidad Internacional de Ecuador) \/ Contract Workplaces (\u00a9 Bicubik)\n\t\t\t\t<\/figcaption><\/figure><figure class='gallery-item'>\n\t\t\t<div class='gallery-icon landscape'>\n\t\t\t\t<a href='https:\/\/www.arquimaster.com.ar\/web\/wp-content\/uploads\/2024\/09\/uide_quito_2.jpg' title=\"UIDE Quito (Universidad Internacional de Ecuador) \/ Contract Workplaces (\u00a9 Bicubik)\" data-rl_title=\"UIDE Quito (Universidad Internacional de Ecuador) \/ Contract Workplaces (\u00a9 Bicubik)\" class=\"rl-gallery-link\" data-rl_caption=\"UIDE Quito (Universidad Internacional de Ecuador) \/ Contract Workplaces (\u00a9 Bicubik)\" data-rel=\"lightbox-gallery-1\"><img loading=\"lazy\" decoding=\"async\" width=\"150\" height=\"150\" src=\"https:\/\/www.arquimaster.com.ar\/web\/wp-content\/uploads\/2024\/09\/uide_quito_2-150x150.jpg\" class=\"attachment-thumbnail size-thumbnail\" alt=\"UIDE Quito (Universidad Internacional de Ecuador) \/ Contract Workplaces\" aria-describedby=\"gallery-1-80445\" \/><\/a>\n\t\t\t<\/div>\n\t\t\t\t<figcaption class='wp-caption-text gallery-caption' id='gallery-1-80445'>\n\t\t\t\tUIDE Quito (Universidad Internacional de Ecuador) \/ Contract Workplaces (\u00a9 Bicubik)\n\t\t\t\t<\/figcaption><\/figure><figure class='gallery-item'>\n\t\t\t<div class='gallery-icon landscape'>\n\t\t\t\t<a href='https:\/\/www.arquimaster.com.ar\/web\/wp-content\/uploads\/2024\/09\/uide_quito_3.jpg' title=\"UIDE Quito (Universidad Internacional de Ecuador) \/ Contract Workplaces (\u00a9 Bicubik)\" data-rl_title=\"UIDE Quito (Universidad Internacional de Ecuador) \/ Contract Workplaces (\u00a9 Bicubik)\" class=\"rl-gallery-link\" data-rl_caption=\"UIDE Quito (Universidad Internacional de Ecuador) \/ Contract Workplaces (\u00a9 Bicubik)\" data-rel=\"lightbox-gallery-1\"><img loading=\"lazy\" decoding=\"async\" width=\"150\" height=\"150\" src=\"https:\/\/www.arquimaster.com.ar\/web\/wp-content\/uploads\/2024\/09\/uide_quito_3-150x150.jpg\" class=\"attachment-thumbnail size-thumbnail\" alt=\"UIDE Quito (Universidad Internacional de Ecuador) \/ Contract Workplaces\" aria-describedby=\"gallery-1-80446\" \/><\/a>\n\t\t\t<\/div>\n\t\t\t\t<figcaption class='wp-caption-text gallery-caption' id='gallery-1-80446'>\n\t\t\t\tUIDE Quito (Universidad Internacional de Ecuador) \/ Contract Workplaces (\u00a9 Bicubik)\n\t\t\t\t<\/figcaption><\/figure><figure class='gallery-item'>\n\t\t\t<div class='gallery-icon landscape'>\n\t\t\t\t<a href='https:\/\/www.arquimaster.com.ar\/web\/wp-content\/uploads\/2024\/09\/uide_quito_4.jpg' title=\"UIDE Quito (Universidad Internacional de Ecuador) \/ Contract Workplaces (\u00a9 Bicubik)\" data-rl_title=\"UIDE Quito (Universidad Internacional de Ecuador) \/ Contract Workplaces (\u00a9 Bicubik)\" class=\"rl-gallery-link\" data-rl_caption=\"UIDE Quito (Universidad Internacional de Ecuador) \/ Contract Workplaces (\u00a9 Bicubik)\" data-rel=\"lightbox-gallery-1\"><img loading=\"lazy\" decoding=\"async\" width=\"150\" height=\"150\" src=\"https:\/\/www.arquimaster.com.ar\/web\/wp-content\/uploads\/2024\/09\/uide_quito_4-150x150.jpg\" class=\"attachment-thumbnail size-thumbnail\" alt=\"UIDE Quito (Universidad Internacional de Ecuador) \/ Contract Workplaces\" aria-describedby=\"gallery-1-80447\" \/><\/a>\n\t\t\t<\/div>\n\t\t\t\t<figcaption class='wp-caption-text gallery-caption' id='gallery-1-80447'>\n\t\t\t\tUIDE Quito (Universidad Internacional de Ecuador) \/ Contract Workplaces (\u00a9 Bicubik)\n\t\t\t\t<\/figcaption><\/figure><figure class='gallery-item'>\n\t\t\t<div class='gallery-icon landscape'>\n\t\t\t\t<a href='https:\/\/www.arquimaster.com.ar\/web\/wp-content\/uploads\/2024\/09\/uide_quito_5.jpg' title=\"UIDE Quito (Universidad Internacional de Ecuador) \/ Contract Workplaces (\u00a9 Bicubik)\" data-rl_title=\"UIDE Quito (Universidad Internacional de Ecuador) \/ Contract Workplaces (\u00a9 Bicubik)\" class=\"rl-gallery-link\" data-rl_caption=\"UIDE Quito (Universidad Internacional de Ecuador) \/ Contract Workplaces (\u00a9 Bicubik)\" data-rel=\"lightbox-gallery-1\"><img loading=\"lazy\" decoding=\"async\" width=\"150\" height=\"150\" src=\"https:\/\/www.arquimaster.com.ar\/web\/wp-content\/uploads\/2024\/09\/uide_quito_5-150x150.jpg\" class=\"attachment-thumbnail size-thumbnail\" alt=\"UIDE Quito (Universidad Internacional de Ecuador) \/ Contract Workplaces\" aria-describedby=\"gallery-1-80448\" \/><\/a>\n\t\t\t<\/div>\n\t\t\t\t<figcaption class='wp-caption-text gallery-caption' id='gallery-1-80448'>\n\t\t\t\tUIDE Quito (Universidad Internacional de Ecuador) \/ Contract Workplaces (\u00a9 Bicubik)\n\t\t\t\t<\/figcaption><\/figure><figure class='gallery-item'>\n\t\t\t<div class='gallery-icon landscape'>\n\t\t\t\t<a href='https:\/\/www.arquimaster.com.ar\/web\/wp-content\/uploads\/2024\/09\/uide_quito_6.jpg' title=\"UIDE Quito (Universidad Internacional de Ecuador) \/ Contract Workplaces (\u00a9 Bicubik)\" data-rl_title=\"UIDE Quito (Universidad Internacional de Ecuador) \/ Contract Workplaces (\u00a9 Bicubik)\" class=\"rl-gallery-link\" data-rl_caption=\"UIDE Quito (Universidad Internacional de Ecuador) \/ Contract Workplaces (\u00a9 Bicubik)\" data-rel=\"lightbox-gallery-1\"><img loading=\"lazy\" decoding=\"async\" width=\"150\" height=\"150\" src=\"https:\/\/www.arquimaster.com.ar\/web\/wp-content\/uploads\/2024\/09\/uide_quito_6-150x150.jpg\" class=\"attachment-thumbnail size-thumbnail\" alt=\"UIDE Quito (Universidad Internacional de Ecuador) \/ Contract Workplaces\" aria-describedby=\"gallery-1-80449\" \/><\/a>\n\t\t\t<\/div>\n\t\t\t\t<figcaption class='wp-caption-text gallery-caption' id='gallery-1-80449'>\n\t\t\t\tUIDE Quito (Universidad Internacional de Ecuador) \/ Contract Workplaces (\u00a9 Bicubik)\n\t\t\t\t<\/figcaption><\/figure><figure class='gallery-item'>\n\t\t\t<div class='gallery-icon landscape'>\n\t\t\t\t<a href='https:\/\/www.arquimaster.com.ar\/web\/wp-content\/uploads\/2024\/09\/uide_quito_7.jpg' title=\"UIDE Quito (Universidad Internacional de Ecuador) \/ Contract Workplaces (\u00a9 Bicubik)\" data-rl_title=\"UIDE Quito (Universidad Internacional de Ecuador) \/ Contract Workplaces (\u00a9 Bicubik)\" class=\"rl-gallery-link\" data-rl_caption=\"UIDE Quito (Universidad Internacional de Ecuador) \/ Contract Workplaces (\u00a9 Bicubik)\" data-rel=\"lightbox-gallery-1\"><img loading=\"lazy\" decoding=\"async\" width=\"150\" height=\"150\" src=\"https:\/\/www.arquimaster.com.ar\/web\/wp-content\/uploads\/2024\/09\/uide_quito_7-150x150.jpg\" class=\"attachment-thumbnail size-thumbnail\" alt=\"UIDE Quito (Universidad Internacional de Ecuador) \/ Contract Workplaces\" aria-describedby=\"gallery-1-80450\" \/><\/a>\n\t\t\t<\/div>\n\t\t\t\t<figcaption class='wp-caption-text gallery-caption' id='gallery-1-80450'>\n\t\t\t\tUIDE Quito (Universidad Internacional de Ecuador) \/ Contract Workplaces (\u00a9 Bicubik)\n\t\t\t\t<\/figcaption><\/figure><figure class='gallery-item'>\n\t\t\t<div class='gallery-icon landscape'>\n\t\t\t\t<a href='https:\/\/www.arquimaster.com.ar\/web\/wp-content\/uploads\/2024\/09\/uide_quito_8.jpg' title=\"UIDE Quito (Universidad Internacional de Ecuador) \/ Contract Workplaces (\u00a9 Bicubik)\" data-rl_title=\"UIDE Quito (Universidad Internacional de Ecuador) \/ Contract Workplaces (\u00a9 Bicubik)\" class=\"rl-gallery-link\" data-rl_caption=\"UIDE Quito (Universidad Internacional de Ecuador) \/ Contract Workplaces (\u00a9 Bicubik)\" data-rel=\"lightbox-gallery-1\"><img loading=\"lazy\" decoding=\"async\" width=\"150\" height=\"150\" src=\"https:\/\/www.arquimaster.com.ar\/web\/wp-content\/uploads\/2024\/09\/uide_quito_8-150x150.jpg\" class=\"attachment-thumbnail size-thumbnail\" alt=\"UIDE Quito (Universidad Internacional de Ecuador) \/ Contract Workplaces\" aria-describedby=\"gallery-1-80451\" \/><\/a>\n\t\t\t<\/div>\n\t\t\t\t<figcaption class='wp-caption-text gallery-caption' id='gallery-1-80451'>\n\t\t\t\tUIDE Quito (Universidad Internacional de Ecuador) \/ Contract Workplaces (\u00a9 Bicubik)\n\t\t\t\t<\/figcaption><\/figure><figure class='gallery-item'>\n\t\t\t<div class='gallery-icon landscape'>\n\t\t\t\t<a href='https:\/\/www.arquimaster.com.ar\/web\/wp-content\/uploads\/2024\/09\/uide_quito_9.jpg' title=\"UIDE Quito (Universidad Internacional de Ecuador) \/ Contract Workplaces (\u00a9 Bicubik)\" data-rl_title=\"UIDE Quito (Universidad Internacional de Ecuador) \/ Contract Workplaces (\u00a9 Bicubik)\" class=\"rl-gallery-link\" data-rl_caption=\"UIDE Quito (Universidad Internacional de Ecuador) \/ Contract Workplaces (\u00a9 Bicubik)\" data-rel=\"lightbox-gallery-1\"><img loading=\"lazy\" decoding=\"async\" width=\"150\" height=\"150\" src=\"https:\/\/www.arquimaster.com.ar\/web\/wp-content\/uploads\/2024\/09\/uide_quito_9-150x150.jpg\" class=\"attachment-thumbnail size-thumbnail\" alt=\"UIDE Quito (Universidad Internacional de Ecuador) \/ Contract Workplaces\" aria-describedby=\"gallery-1-80452\" \/><\/a>\n\t\t\t<\/div>\n\t\t\t\t<figcaption class='wp-caption-text gallery-caption' id='gallery-1-80452'>\n\t\t\t\tUIDE Quito (Universidad Internacional de Ecuador) \/ Contract Workplaces (\u00a9 Bicubik)\n\t\t\t\t<\/figcaption><\/figure><figure class='gallery-item'>\n\t\t\t<div class='gallery-icon landscape'>\n\t\t\t\t<a href='https:\/\/www.arquimaster.com.ar\/web\/wp-content\/uploads\/2024\/09\/uide_quito_10.jpg' title=\"UIDE Quito (Universidad Internacional de Ecuador) \/ Contract Workplaces (\u00a9 Bicubik)\" data-rl_title=\"UIDE Quito (Universidad Internacional de Ecuador) \/ Contract Workplaces (\u00a9 Bicubik)\" class=\"rl-gallery-link\" data-rl_caption=\"UIDE Quito (Universidad Internacional de Ecuador) \/ Contract Workplaces (\u00a9 Bicubik)\" data-rel=\"lightbox-gallery-1\"><img loading=\"lazy\" decoding=\"async\" width=\"150\" height=\"150\" src=\"https:\/\/www.arquimaster.com.ar\/web\/wp-content\/uploads\/2024\/09\/uide_quito_10-150x150.jpg\" class=\"attachment-thumbnail size-thumbnail\" alt=\"UIDE Quito (Universidad Internacional de Ecuador) \/ Contract Workplaces\" aria-describedby=\"gallery-1-80453\" \/><\/a>\n\t\t\t<\/div>\n\t\t\t\t<figcaption class='wp-caption-text gallery-caption' id='gallery-1-80453'>\n\t\t\t\tUIDE Quito (Universidad Internacional de Ecuador) \/ Contract Workplaces (\u00a9 Bicubik)\n\t\t\t\t<\/figcaption><\/figure><figure class='gallery-item'>\n\t\t\t<div class='gallery-icon landscape'>\n\t\t\t\t<a href='https:\/\/www.arquimaster.com.ar\/web\/wp-content\/uploads\/2024\/09\/uide_quito_11.jpg' title=\"UIDE Quito (Universidad Internacional de Ecuador) \/ Contract Workplaces (\u00a9 Bicubik)\" data-rl_title=\"UIDE Quito (Universidad Internacional de Ecuador) \/ Contract Workplaces (\u00a9 Bicubik)\" class=\"rl-gallery-link\" data-rl_caption=\"UIDE Quito (Universidad Internacional de Ecuador) \/ Contract Workplaces (\u00a9 Bicubik)\" data-rel=\"lightbox-gallery-1\"><img loading=\"lazy\" decoding=\"async\" width=\"150\" height=\"150\" src=\"https:\/\/www.arquimaster.com.ar\/web\/wp-content\/uploads\/2024\/09\/uide_quito_11-150x150.jpg\" class=\"attachment-thumbnail size-thumbnail\" alt=\"UIDE Quito (Universidad Internacional de Ecuador) \/ Contract Workplaces\" aria-describedby=\"gallery-1-80454\" \/><\/a>\n\t\t\t<\/div>\n\t\t\t\t<figcaption class='wp-caption-text gallery-caption' id='gallery-1-80454'>\n\t\t\t\tUIDE Quito (Universidad Internacional de Ecuador) \/ Contract Workplaces (\u00a9 Bicubik)\n\t\t\t\t<\/figcaption><\/figure><figure class='gallery-item'>\n\t\t\t<div class='gallery-icon landscape'>\n\t\t\t\t<a href='https:\/\/www.arquimaster.com.ar\/web\/wp-content\/uploads\/2024\/09\/uide_quito_12.jpg' title=\"UIDE Quito (Universidad Internacional de Ecuador) \/ Contract Workplaces (\u00a9 Bicubik)\" data-rl_title=\"UIDE Quito (Universidad Internacional de Ecuador) \/ Contract Workplaces (\u00a9 Bicubik)\" class=\"rl-gallery-link\" data-rl_caption=\"UIDE Quito (Universidad Internacional de Ecuador) \/ Contract Workplaces (\u00a9 Bicubik)\" data-rel=\"lightbox-gallery-1\"><img loading=\"lazy\" decoding=\"async\" width=\"150\" height=\"150\" src=\"https:\/\/www.arquimaster.com.ar\/web\/wp-content\/uploads\/2024\/09\/uide_quito_12-150x150.jpg\" class=\"attachment-thumbnail size-thumbnail\" alt=\"UIDE Quito (Universidad Internacional de Ecuador) \/ Contract Workplaces\" aria-describedby=\"gallery-1-80455\" \/><\/a>\n\t\t\t<\/div>\n\t\t\t\t<figcaption class='wp-caption-text gallery-caption' id='gallery-1-80455'>\n\t\t\t\tUIDE Quito (Universidad Internacional de Ecuador) \/ Contract Workplaces (\u00a9 Bicubik)\n\t\t\t\t<\/figcaption><\/figure><figure class='gallery-item'>\n\t\t\t<div class='gallery-icon landscape'>\n\t\t\t\t<a href='https:\/\/www.arquimaster.com.ar\/web\/wp-content\/uploads\/2024\/09\/uide_quito_13.jpg' title=\"UIDE Quito (Universidad Internacional de Ecuador) \/ Contract Workplaces (\u00a9 Bicubik)\" data-rl_title=\"UIDE Quito (Universidad Internacional de Ecuador) \/ Contract Workplaces (\u00a9 Bicubik)\" class=\"rl-gallery-link\" data-rl_caption=\"UIDE Quito (Universidad Internacional de Ecuador) \/ Contract Workplaces (\u00a9 Bicubik)\" data-rel=\"lightbox-gallery-1\"><img loading=\"lazy\" decoding=\"async\" width=\"150\" height=\"150\" src=\"https:\/\/www.arquimaster.com.ar\/web\/wp-content\/uploads\/2024\/09\/uide_quito_13-150x150.jpg\" class=\"attachment-thumbnail size-thumbnail\" alt=\"UIDE Quito (Universidad Internacional de Ecuador) \/ Contract Workplaces\" aria-describedby=\"gallery-1-80456\" \/><\/a>\n\t\t\t<\/div>\n\t\t\t\t<figcaption class='wp-caption-text gallery-caption' id='gallery-1-80456'>\n\t\t\t\tUIDE Quito (Universidad Internacional de Ecuador) \/ Contract Workplaces (\u00a9 Bicubik)\n\t\t\t\t<\/figcaption><\/figure><figure class='gallery-item'>\n\t\t\t<div class='gallery-icon landscape'>\n\t\t\t\t<a href='https:\/\/www.arquimaster.com.ar\/web\/wp-content\/uploads\/2024\/09\/uide_quito_14.jpg' title=\"UIDE Quito (Universidad Internacional de Ecuador) \/ Contract Workplaces (\u00a9 Bicubik)\" data-rl_title=\"UIDE Quito (Universidad Internacional de Ecuador) \/ Contract Workplaces (\u00a9 Bicubik)\" class=\"rl-gallery-link\" data-rl_caption=\"UIDE Quito (Universidad Internacional de Ecuador) \/ Contract Workplaces (\u00a9 Bicubik)\" data-rel=\"lightbox-gallery-1\"><img loading=\"lazy\" decoding=\"async\" width=\"150\" height=\"150\" src=\"https:\/\/www.arquimaster.com.ar\/web\/wp-content\/uploads\/2024\/09\/uide_quito_14-150x150.jpg\" class=\"attachment-thumbnail size-thumbnail\" alt=\"UIDE Quito (Universidad Internacional de Ecuador) \/ Contract Workplaces\" aria-describedby=\"gallery-1-80457\" \/><\/a>\n\t\t\t<\/div>\n\t\t\t\t<figcaption class='wp-caption-text gallery-caption' id='gallery-1-80457'>\n\t\t\t\tUIDE Quito (Universidad Internacional de Ecuador) \/ Contract Workplaces (\u00a9 Bicubik)\n\t\t\t\t<\/figcaption><\/figure><figure class='gallery-item'>\n\t\t\t<div class='gallery-icon landscape'>\n\t\t\t\t<a href='https:\/\/www.arquimaster.com.ar\/web\/wp-content\/uploads\/2024\/09\/uide_quito_15.jpg' title=\"UIDE Quito (Universidad Internacional de Ecuador) \/ Contract Workplaces (\u00a9 Bicubik)\" data-rl_title=\"UIDE Quito (Universidad Internacional de Ecuador) \/ Contract Workplaces (\u00a9 Bicubik)\" class=\"rl-gallery-link\" data-rl_caption=\"UIDE Quito (Universidad Internacional de Ecuador) \/ Contract Workplaces (\u00a9 Bicubik)\" data-rel=\"lightbox-gallery-1\"><img loading=\"lazy\" decoding=\"async\" width=\"150\" height=\"150\" src=\"https:\/\/www.arquimaster.com.ar\/web\/wp-content\/uploads\/2024\/09\/uide_quito_15-150x150.jpg\" class=\"attachment-thumbnail size-thumbnail\" alt=\"UIDE Quito (Universidad Internacional de Ecuador) \/ Contract Workplaces\" aria-describedby=\"gallery-1-80458\" \/><\/a>\n\t\t\t<\/div>\n\t\t\t\t<figcaption class='wp-caption-text gallery-caption' id='gallery-1-80458'>\n\t\t\t\tUIDE Quito (Universidad Internacional de Ecuador) \/ Contract Workplaces (\u00a9 Bicubik)\n\t\t\t\t<\/figcaption><\/figure><figure class='gallery-item'>\n\t\t\t<div class='gallery-icon landscape'>\n\t\t\t\t<a href='https:\/\/www.arquimaster.com.ar\/web\/wp-content\/uploads\/2024\/09\/uide_quito_16.jpg' title=\"UIDE Quito (Universidad Internacional de Ecuador) \/ Contract Workplaces (\u00a9 Bicubik)\" data-rl_title=\"UIDE Quito (Universidad Internacional de Ecuador) \/ Contract Workplaces (\u00a9 Bicubik)\" class=\"rl-gallery-link\" data-rl_caption=\"UIDE Quito (Universidad Internacional de Ecuador) \/ Contract Workplaces (\u00a9 Bicubik)\" data-rel=\"lightbox-gallery-1\"><img loading=\"lazy\" decoding=\"async\" width=\"150\" height=\"150\" src=\"https:\/\/www.arquimaster.com.ar\/web\/wp-content\/uploads\/2024\/09\/uide_quito_16-150x150.jpg\" class=\"attachment-thumbnail size-thumbnail\" alt=\"UIDE Quito (Universidad Internacional de Ecuador) \/ Contract Workplaces\" aria-describedby=\"gallery-1-80459\" \/><\/a>\n\t\t\t<\/div>\n\t\t\t\t<figcaption class='wp-caption-text gallery-caption' id='gallery-1-80459'>\n\t\t\t\tUIDE Quito (Universidad Internacional de Ecuador) \/ Contract Workplaces (\u00a9 Bicubik)\n\t\t\t\t<\/figcaption><\/figure><figure class='gallery-item'>\n\t\t\t<div class='gallery-icon landscape'>\n\t\t\t\t<a href='https:\/\/www.arquimaster.com.ar\/web\/wp-content\/uploads\/2024\/09\/uide_quito_17.jpg' title=\"UIDE Quito (Universidad Internacional de Ecuador) \/ Contract Workplaces (\u00a9 Bicubik)\" data-rl_title=\"UIDE Quito (Universidad Internacional de Ecuador) \/ Contract Workplaces (\u00a9 Bicubik)\" class=\"rl-gallery-link\" data-rl_caption=\"UIDE Quito (Universidad Internacional de Ecuador) \/ Contract Workplaces (\u00a9 Bicubik)\" data-rel=\"lightbox-gallery-1\"><img loading=\"lazy\" decoding=\"async\" width=\"150\" height=\"150\" src=\"https:\/\/www.arquimaster.com.ar\/web\/wp-content\/uploads\/2024\/09\/uide_quito_17-150x150.jpg\" class=\"attachment-thumbnail size-thumbnail\" alt=\"UIDE Quito (Universidad Internacional de Ecuador) \/ Contract Workplaces\" aria-describedby=\"gallery-1-80460\" \/><\/a>\n\t\t\t<\/div>\n\t\t\t\t<figcaption class='wp-caption-text gallery-caption' id='gallery-1-80460'>\n\t\t\t\tUIDE Quito (Universidad Internacional de Ecuador) \/ Contract Workplaces (\u00a9 Bicubik)\n\t\t\t\t<\/figcaption><\/figure><figure class='gallery-item'>\n\t\t\t<div class='gallery-icon landscape'>\n\t\t\t\t<a href='https:\/\/www.arquimaster.com.ar\/web\/wp-content\/uploads\/2024\/09\/uide_quito_18.jpg' title=\"UIDE Quito (Universidad Internacional de Ecuador) \/ Contract Workplaces (\u00a9 Bicubik)\" data-rl_title=\"UIDE Quito (Universidad Internacional de Ecuador) \/ Contract Workplaces (\u00a9 Bicubik)\" class=\"rl-gallery-link\" data-rl_caption=\"UIDE Quito (Universidad Internacional de Ecuador) \/ Contract Workplaces (\u00a9 Bicubik)\" data-rel=\"lightbox-gallery-1\"><img loading=\"lazy\" decoding=\"async\" width=\"150\" height=\"150\" src=\"https:\/\/www.arquimaster.com.ar\/web\/wp-content\/uploads\/2024\/09\/uide_quito_18-150x150.jpg\" class=\"attachment-thumbnail size-thumbnail\" alt=\"UIDE Quito (Universidad Internacional de Ecuador) \/ Contract Workplaces\" aria-describedby=\"gallery-1-80461\" \/><\/a>\n\t\t\t<\/div>\n\t\t\t\t<figcaption class='wp-caption-text gallery-caption' id='gallery-1-80461'>\n\t\t\t\tUIDE Quito (Universidad Internacional de Ecuador) \/ Contract Workplaces (\u00a9 Bicubik)\n\t\t\t\t<\/figcaption><\/figure><figure class='gallery-item'>\n\t\t\t<div class='gallery-icon landscape'>\n\t\t\t\t<a href='https:\/\/www.arquimaster.com.ar\/web\/wp-content\/uploads\/2024\/09\/uide_quito_19.jpg' title=\"UIDE Quito (Universidad Internacional de Ecuador) \/ Contract Workplaces (\u00a9 Bicubik)\" data-rl_title=\"UIDE Quito (Universidad Internacional de Ecuador) \/ Contract Workplaces (\u00a9 Bicubik)\" class=\"rl-gallery-link\" data-rl_caption=\"UIDE Quito (Universidad Internacional de Ecuador) \/ Contract Workplaces (\u00a9 Bicubik)\" data-rel=\"lightbox-gallery-1\"><img loading=\"lazy\" decoding=\"async\" width=\"150\" height=\"150\" src=\"https:\/\/www.arquimaster.com.ar\/web\/wp-content\/uploads\/2024\/09\/uide_quito_19-150x150.jpg\" class=\"attachment-thumbnail size-thumbnail\" alt=\"UIDE Quito (Universidad Internacional de Ecuador) \/ Contract Workplaces\" aria-describedby=\"gallery-1-80462\" \/><\/a>\n\t\t\t<\/div>\n\t\t\t\t<figcaption class='wp-caption-text gallery-caption' id='gallery-1-80462'>\n\t\t\t\tUIDE Quito (Universidad Internacional de Ecuador) \/ Contract Workplaces (\u00a9 Bicubik)\n\t\t\t\t<\/figcaption><\/figure><figure class='gallery-item'>\n\t\t\t<div class='gallery-icon landscape'>\n\t\t\t\t<a href='https:\/\/www.arquimaster.com.ar\/web\/wp-content\/uploads\/2024\/09\/uide_quito_20.jpg' title=\"UIDE Quito (Universidad Internacional de Ecuador) \/ Contract Workplaces (planta sector admisiones)\" data-rl_title=\"UIDE Quito (Universidad Internacional de Ecuador) \/ Contract Workplaces (planta sector admisiones)\" class=\"rl-gallery-link\" data-rl_caption=\"UIDE Quito (Universidad Internacional de Ecuador) \/ Contract Workplaces (planta sector admisiones)\" data-rel=\"lightbox-gallery-1\"><img loading=\"lazy\" decoding=\"async\" width=\"150\" height=\"150\" src=\"https:\/\/www.arquimaster.com.ar\/web\/wp-content\/uploads\/2024\/09\/uide_quito_20-150x150.jpg\" class=\"attachment-thumbnail size-thumbnail\" alt=\"UIDE Quito (Universidad Internacional de Ecuador) \/ Contract Workplaces\" aria-describedby=\"gallery-1-80463\" \/><\/a>\n\t\t\t<\/div>\n\t\t\t\t<figcaption class='wp-caption-text gallery-caption' id='gallery-1-80463'>\n\t\t\t\tUIDE Quito (Universidad Internacional de Ecuador) \/ Contract Workplaces (planta sector admisiones)\n\t\t\t\t<\/figcaption><\/figure><figure class='gallery-item'>\n\t\t\t<div class='gallery-icon landscape'>\n\t\t\t\t<a href='https:\/\/www.arquimaster.com.ar\/web\/wp-content\/uploads\/2024\/09\/uide_quito_21.jpg' title=\"UIDE Quito (Universidad Internacional de Ecuador) \/ Contract Workplaces (planta edificio aulas)\" data-rl_title=\"UIDE Quito (Universidad Internacional de Ecuador) \/ Contract Workplaces (planta edificio aulas)\" class=\"rl-gallery-link\" data-rl_caption=\"UIDE Quito (Universidad Internacional de Ecuador) \/ Contract Workplaces (planta edificio aulas)\" data-rel=\"lightbox-gallery-1\"><img loading=\"lazy\" decoding=\"async\" width=\"150\" height=\"150\" src=\"https:\/\/www.arquimaster.com.ar\/web\/wp-content\/uploads\/2024\/09\/uide_quito_21-150x150.jpg\" class=\"attachment-thumbnail size-thumbnail\" alt=\"UIDE Quito (Universidad Internacional de Ecuador) \/ Contract Workplaces\" aria-describedby=\"gallery-1-80464\" \/><\/a>\n\t\t\t<\/div>\n\t\t\t\t<figcaption class='wp-caption-text gallery-caption' id='gallery-1-80464'>\n\t\t\t\tUIDE Quito (Universidad Internacional de Ecuador) \/ Contract Workplaces (planta edificio aulas)\n\t\t\t\t<\/figcaption><\/figure>\n\t\t<\/div>\n\n<p>Para acompa\u00f1arlos en este proceso de cambio y ayudarlos a cumplir con sus objetivos dentro de un ecosistema que integre a todos los miembros de la comunidad educativa, UIDE convoc\u00f3 a la divisi\u00f3n de educaci\u00f3n Recreo de Contract Workplaces.<\/p>\n<p>Con este nuevo proyecto se busc\u00f3 desarrollar en el alumnado habilidades tales como la colaboraci\u00f3n, la investigaci\u00f3n, el pensamiento cr\u00edtico, la resoluci\u00f3n de problemas y el cuidado del medioambiente, todo a trav\u00e9s de m\u00e9todos de ense\u00f1anza rigurosos y disruptivos y con el espacio f\u00edsico como aliado inseparable del proceso. Tambi\u00e9n se procur\u00f3 brindar un \u00e1mbito renovado y m\u00e1s amigable con los estudiantes, los docentes y los empleados administrativos.<\/p>\n<p>Para ello se trabaj\u00f3 en los 2010 m2 de la planta baja del Edificio de Aulas ubicado en un sector de las 36 hect\u00e1reas de terreno que posee el campus matriz en la ciudad de Quito. All\u00ed se incorporaron distintas tipolog\u00edas de aulas, algunas de las cuales son componibles, flexibles y reconfigurables, con capacidad para desarrollar una variedad de din\u00e1micas y actividades, ya sean individuales o colaborativas. El proyecto tambi\u00e9n cuenta con un laboratorio de odontolog\u00eda, espacios para encuentros informales, un Coffee Point, \u00e1reas de apoyo y lockers.<\/p>\n<p>En el \u00e1rea central de la planta, y en contacto directo con las aulas, se cre\u00f3 un Collaboration Hub. Este espacio cuenta con una variedad de tipolog\u00edas que permiten distintas tareas de colaboraci\u00f3n y aprendizaje orientadas tanto al trabajo individual como en grupo. No obstante, tambi\u00e9n se adapta a otras modalidades tales como las charlas informales o las tutor\u00edas. Para ello se dise\u00f1\u00f3 una grader\u00eda en relaci\u00f3n directa con el acceso y la recepci\u00f3n, y se crearon salas de reuniones para 4 personas, phone booths, meeting boxes y un \u00e1rea de hot desks.<\/p>\n<p>Adem\u00e1s, el proyecto incluye la posibilidad de utilizar la terraza existente que estaba pr\u00e1cticamente en desuso y que ahora permite disfrutar del imponente paisaje natural que rodea el edificio. Para ello se agreg\u00f3 mobiliario exterior y distintos dispositivos de protecci\u00f3n solar junto con espacios de estancia a los que se denomin\u00f3 \u00abrefugios\u00bb. All\u00ed los estudiantes pueden socializar, compartir conocimiento y trabajar juntos en contacto directo con la naturaleza.<\/p>\n<p>Crear un ambiente moderno, c\u00e1lido y colorido, donde la comunidad UIDE se sienta c\u00f3moda y due\u00f1a del espacio fue parte de la propuesta est\u00e9tica del proyecto. Si bien se utilizaron los colores institucionales presentes en el manual de marca (rojo vino, amarillo mostaza y azul), tambi\u00e9n se trabaj\u00f3 en el desarrollo de una paleta secundaria para ampliar las posibilidades crom\u00e1ticas de acuerdo con el uso de los diferentes espacios.<\/p>\n<p>Asimismo, cabe destacar que la UIDE pertenece a la Red Internacional de Campus Sostenibles (ISCN) y que ha estado siempre interesada en promover la sostenibilidad en todos sus procesos. Entre las variadas iniciativas con las que est\u00e1 comprometida la instituci\u00f3n se cuenta la instalaci\u00f3n de bebederos con un contador que indica cu\u00e1ntos vasos no se est\u00e1n consumiendo y cu\u00e1l es el impacto ambiental que esto genera, lo que ayuda a visibilizar la problem\u00e1tica y a aumentar la conciencia ambiental de los usuarios. Tambi\u00e9n es una universidad pet friendly; en el UIDE Store hay todo tipo de vestimenta para mascotas.<\/p>\n\n\n<div style=\"height:20px\" aria-hidden=\"true\" class=\"wp-block-spacer\"><\/div>\n\n\n\n<p class=\"has-background\" style=\"background-color:#eaeaea\"><strong>Ficha t\u00e9cnica<\/strong><br>Nombre: UIDE (Universidad Internacional de Ecuador)<br>Ubicaci\u00f3n: Quito, Ecuador<br>Dise\u00f1o y Construcci\u00f3n llave en mano: Contract Workplaces<br>Superficie: 2450 m2<br>Plazo de la obra: 150 d\u00edas<br>A\u00f1o: 2022<br>Fotograf\u00edas: Bicubik para Contract Workplaces<br>Sitio web: https:\/\/www.contractworkplaces.com<\/p>\n\n\n\n<div style=\"height:40px\" aria-hidden=\"true\" class=\"wp-block-spacer\"><\/div>\n\n\n<p><strong><em>English version<\/em><\/strong><\/p>\n<p><strong><em>UIDE Quito: One step closer to the world of the future<\/em><\/strong><\/p>\n<p><em>The International University of Ecuador (UIDE) is a leading higher education institution which embarked on a process of comprehensive transition and renewal as a result of its partnership with Arizona State University, the #1 innovator in the United States.<\/em><\/p>\n<p><em>The goal was to align the university&#8217;s physical spaces with its new curricula and pedagogical approach, both of which aimed to create a learning environment capable of promoting students&#8217; complete development, academic quality, innovation and internationalization, with technology as the central lynchpin of all practices. Contract Workplaces&#8217; education department, Recreo, was hired to support UIDE through this process of change, and to help the university to achieve its goals within an ecosystem that integrates all members of the academic community.<\/em><\/p>\n<p><em>This new project aimed to foster skills such as collaboration, research, critical thinking, problem solving and environmental awareness in the student body through rigorous and disruptive teaching methods firmly allied with the physical space. Another goal was to provide a renovated, friendlier environment for students, teachers and the administrative staff.<\/em><\/p>\n<p><em>With that in mind, we worked across the 21,650\u00a0sq ft of the first floor of the Classrooms building, which has its own sector within the 89-acre lot of the university&#8217;s main campus in the city of Quito. Various classroom types were incorporated there, some of which are adaptive, flexible and reconfigurable, capable of hosting a range of dynamics and activities, both individual and collaborative. The project also includes a dentistry lab, spaces for informal gatherings, a Coffee Point, support areas and lockers.<\/em><\/p>\n<p><em>In the center of the floorplan, in direct contact with the classrooms, we created a Collaboration Hub. This space comes with a variety of typologies to enable different collaboration and learning tasks, suitable for individuals and groups alike. Moreover, it also adapts to other ways of working such as informal meetups or tutorials. To that end, we designed stands which relate directly to the entrance and the reception area, and we created meeting rooms for four people, phone booths, meeting boxes and a hot desk area.<\/em><\/p>\n<p><em>In addition, the project enables the tenants to make use of the rooftop, which was practically abandoned, and enjoy the building&#8217;s amazing natural surroundings. For this purpose, the rooftop was equipped with outdoor furniture and various shading systems, along with resting points, called \u00abshelters\u00bb. Students can now socialize there, share knowledge and work together in direct contact with nature.<\/em><\/p>\n<p><em>Creating a modern, warm and colorful environment where the UIDE community could feel comfort and a sense of ownership was part of the project&#8217;s aesthetic proposal. Although we followed the institutional colors indicated in the brand manual (wine red, mustard yellow, and blue), we also developed a secondary palette to expand the chromatic possibilities according to the use given to different spaces.<\/em><\/p>\n<p><em>Furthermore, it is worth noting that UIDE belongs to the International Sustainable Campus Network (ISCN) and has always shown interest in promoting sustainability in all of its processes. The university is committed to various initiatives, such as the installation of water fountains equipped with a counter that shows how many cups are saved by its use, and the resulting environmental impact, which helps to increase visibility for this issue and expand users&#8217; environmental awareness. It is also a pet friendly university: the UIDE Store sells all kinds of pet clothes.<\/em><\/p>\n<div style=\"font-size: 0px; height: 0px; line-height: 0px; margin: 0; padding: 0; clear: both;\"><\/div><div style=\"margin-top: 0px; margin-bottom: 0px;\" class=\"sharethis-inline-share-buttons\" ><\/div>","protected":false},"excerpt":{"rendered":"<p>Crear un ambiente moderno, c\u00e1lido y colorido donde la comunidad educativa se sienta c\u00f3moda&#8230;<\/p>\n","protected":false},"author":1,"featured_media":80443,"comment_status":"closed","ping_status":"closed","sticky":false,"template":"","format":"standard","meta":{"_uag_custom_page_level_css":"","footnotes":""},"categories":[1465,1],"tags":[3309,2673,2447,1472,4133,7967,1471,7966],"class_list":["post-80442","post","type-post","status-publish","format-standard","has-post-thumbnail","hentry","category-edificios-para-la-educacion","category-proyecto","tag-arquitectura-para-la-educacion","tag-contract-workplaces","tag-ecuador","tag-edificio-educativo","tag-quito","tag-uide","tag-universidad","tag-universidad-internacional-de-ecuador","generate-columns","tablet-grid-50","mobile-grid-100","grid-parent","grid-50"],"yoast_head":"<!-- This site is optimized with the Yoast SEO plugin v27.3 - https:\/\/yoast.com\/product\/yoast-seo-wordpress\/ -->\n<title>UIDE Quito (Universidad Internacional de Ecuador) \/ Contract Workplaces - Arquimaster<\/title>\n<meta name=\"description\" content=\"Crear un ambiente moderno, c\u00e1lido y colorido, donde la comunidad UIDE se sienta c\u00f3moda y due\u00f1a del espacio fue parte de la propuesta est\u00e9tica del proyecto.\" \/>\n<meta name=\"robots\" content=\"index, follow, max-snippet:-1, max-image-preview:large, max-video-preview:-1\" \/>\n<link rel=\"canonical\" href=\"https:\/\/www.arquimaster.com.ar\/web\/uide-quito-universidad-internacional-de-ecuador-contract-workplaces\/\" \/>\n<meta property=\"og:locale\" content=\"es_ES\" \/>\n<meta property=\"og:type\" content=\"article\" \/>\n<meta property=\"og:title\" content=\"UIDE Quito (Universidad Internacional de Ecuador) \/ Contract Workplaces\" \/>\n<meta property=\"og:description\" content=\"Crear un ambiente moderno, c\u00e1lido y colorido, donde la comunidad UIDE se sienta c\u00f3moda y due\u00f1a del espacio fue parte de la propuesta est\u00e9tica del proyecto.\" \/>\n<meta property=\"og:url\" content=\"https:\/\/www.arquimaster.com.ar\/web\/uide-quito-universidad-internacional-de-ecuador-contract-workplaces\/\" \/>\n<meta property=\"og:site_name\" content=\"Arquimaster\" \/>\n<meta property=\"article:publisher\" content=\"http:\/\/www.facebook.com\/ARQUIMASTER.com.ar\" \/>\n<meta property=\"article:published_time\" content=\"2024-09-17T16:15:19+00:00\" \/>\n<meta property=\"article:modified_time\" content=\"2025-07-25T01:27:16+00:00\" \/>\n<meta property=\"og:image\" content=\"https:\/\/www.arquimaster.com.ar\/web\/wp-content\/uploads\/2024\/09\/uide_quito_slide.jpg\" \/>\n\t<meta property=\"og:image:width\" content=\"698\" \/>\n\t<meta property=\"og:image:height\" content=\"364\" \/>\n\t<meta property=\"og:image:type\" content=\"image\/jpeg\" \/>\n<meta name=\"author\" content=\"Arquimaster\" \/>\n<meta name=\"twitter:card\" content=\"summary_large_image\" \/>\n<meta name=\"twitter:title\" content=\"UIDE Quito (Universidad Internacional de Ecuador) \/ Contract Workplaces\" \/>\n<meta name=\"twitter:description\" content=\"Crear un ambiente moderno, c\u00e1lido y colorido, donde la comunidad UIDE se sienta c\u00f3moda y due\u00f1a del espacio fue parte de la propuesta est\u00e9tica del proyecto.\" \/>\n<meta name=\"twitter:image\" content=\"https:\/\/www.arquimaster.com.ar\/web\/wp-content\/uploads\/2024\/09\/uide_quito_slide.jpg\" \/>\n<meta name=\"twitter:creator\" content=\"@arquimaster\" \/>\n<meta name=\"twitter:site\" content=\"@arquimaster\" \/>\n<meta name=\"twitter:label1\" content=\"Escrito por\" \/>\n\t<meta name=\"twitter:data1\" content=\"Arquimaster\" \/>\n\t<meta name=\"twitter:label2\" content=\"Tiempo de lectura\" \/>\n\t<meta name=\"twitter:data2\" content=\"6 minutos\" \/>\n<script type=\"application\/ld+json\" class=\"yoast-schema-graph\">{\"@context\":\"https:\\\/\\\/schema.org\",\"@graph\":[{\"@type\":\"Article\",\"@id\":\"https:\\\/\\\/www.arquimaster.com.ar\\\/web\\\/uide-quito-universidad-internacional-de-ecuador-contract-workplaces\\\/#article\",\"isPartOf\":{\"@id\":\"https:\\\/\\\/www.arquimaster.com.ar\\\/web\\\/uide-quito-universidad-internacional-de-ecuador-contract-workplaces\\\/\"},\"author\":{\"name\":\"Arquimaster\",\"@id\":\"https:\\\/\\\/www.arquimaster.com.ar\\\/web\\\/#\\\/schema\\\/person\\\/359e9f7c00193fcde068e0dd2ceb0028\"},\"headline\":\"UIDE Quito (Universidad Internacional de Ecuador) \\\/ Contract Workplaces\",\"datePublished\":\"2024-09-17T16:15:19+00:00\",\"dateModified\":\"2025-07-25T01:27:16+00:00\",\"mainEntityOfPage\":{\"@id\":\"https:\\\/\\\/www.arquimaster.com.ar\\\/web\\\/uide-quito-universidad-internacional-de-ecuador-contract-workplaces\\\/\"},\"wordCount\":1291,\"publisher\":{\"@id\":\"https:\\\/\\\/www.arquimaster.com.ar\\\/web\\\/#organization\"},\"image\":{\"@id\":\"https:\\\/\\\/www.arquimaster.com.ar\\\/web\\\/uide-quito-universidad-internacional-de-ecuador-contract-workplaces\\\/#primaryimage\"},\"thumbnailUrl\":\"https:\\\/\\\/www.arquimaster.com.ar\\\/web\\\/wp-content\\\/uploads\\\/2024\\\/09\\\/uide_quito_slide.jpg\",\"keywords\":[\"arquitectura para la educacion\",\"Contract Workplaces\",\"Ecuador\",\"edificio educativo\",\"Quito\",\"UIDE\",\"universidad\",\"Universidad Internacional de Ecuador\"],\"articleSection\":[\"Edificios para la educacion\",\"Proyecto\"],\"inLanguage\":\"es\"},{\"@type\":\"WebPage\",\"@id\":\"https:\\\/\\\/www.arquimaster.com.ar\\\/web\\\/uide-quito-universidad-internacional-de-ecuador-contract-workplaces\\\/\",\"url\":\"https:\\\/\\\/www.arquimaster.com.ar\\\/web\\\/uide-quito-universidad-internacional-de-ecuador-contract-workplaces\\\/\",\"name\":\"UIDE Quito (Universidad Internacional de Ecuador) \\\/ Contract Workplaces - Arquimaster\",\"isPartOf\":{\"@id\":\"https:\\\/\\\/www.arquimaster.com.ar\\\/web\\\/#website\"},\"primaryImageOfPage\":{\"@id\":\"https:\\\/\\\/www.arquimaster.com.ar\\\/web\\\/uide-quito-universidad-internacional-de-ecuador-contract-workplaces\\\/#primaryimage\"},\"image\":{\"@id\":\"https:\\\/\\\/www.arquimaster.com.ar\\\/web\\\/uide-quito-universidad-internacional-de-ecuador-contract-workplaces\\\/#primaryimage\"},\"thumbnailUrl\":\"https:\\\/\\\/www.arquimaster.com.ar\\\/web\\\/wp-content\\\/uploads\\\/2024\\\/09\\\/uide_quito_slide.jpg\",\"datePublished\":\"2024-09-17T16:15:19+00:00\",\"dateModified\":\"2025-07-25T01:27:16+00:00\",\"description\":\"Crear un ambiente moderno, c\u00e1lido y colorido, donde la comunidad UIDE se sienta c\u00f3moda y due\u00f1a del espacio fue parte de la propuesta est\u00e9tica del proyecto.\",\"breadcrumb\":{\"@id\":\"https:\\\/\\\/www.arquimaster.com.ar\\\/web\\\/uide-quito-universidad-internacional-de-ecuador-contract-workplaces\\\/#breadcrumb\"},\"inLanguage\":\"es\",\"potentialAction\":[{\"@type\":\"ReadAction\",\"target\":[\"https:\\\/\\\/www.arquimaster.com.ar\\\/web\\\/uide-quito-universidad-internacional-de-ecuador-contract-workplaces\\\/\"]}]},{\"@type\":\"ImageObject\",\"inLanguage\":\"es\",\"@id\":\"https:\\\/\\\/www.arquimaster.com.ar\\\/web\\\/uide-quito-universidad-internacional-de-ecuador-contract-workplaces\\\/#primaryimage\",\"url\":\"https:\\\/\\\/www.arquimaster.com.ar\\\/web\\\/wp-content\\\/uploads\\\/2024\\\/09\\\/uide_quito_slide.jpg\",\"contentUrl\":\"https:\\\/\\\/www.arquimaster.com.ar\\\/web\\\/wp-content\\\/uploads\\\/2024\\\/09\\\/uide_quito_slide.jpg\",\"width\":698,\"height\":364,\"caption\":\"UIDE Quito (Universidad Internacional de Ecuador) \\\/ Contract Workplaces\"},{\"@type\":\"BreadcrumbList\",\"@id\":\"https:\\\/\\\/www.arquimaster.com.ar\\\/web\\\/uide-quito-universidad-internacional-de-ecuador-contract-workplaces\\\/#breadcrumb\",\"itemListElement\":[{\"@type\":\"ListItem\",\"position\":1,\"name\":\"Portada\",\"item\":\"https:\\\/\\\/www.arquimaster.com.ar\\\/web\\\/\"},{\"@type\":\"ListItem\",\"position\":2,\"name\":\"UIDE Quito (Universidad Internacional de Ecuador) \\\/ Contract Workplaces\"}]},{\"@type\":\"WebSite\",\"@id\":\"https:\\\/\\\/www.arquimaster.com.ar\\\/web\\\/#website\",\"url\":\"https:\\\/\\\/www.arquimaster.com.ar\\\/web\\\/\",\"name\":\"Arquimaster\",\"description\":\"Web de arquitectura, dise\u00f1o y construccion\",\"publisher\":{\"@id\":\"https:\\\/\\\/www.arquimaster.com.ar\\\/web\\\/#organization\"},\"potentialAction\":[{\"@type\":\"SearchAction\",\"target\":{\"@type\":\"EntryPoint\",\"urlTemplate\":\"https:\\\/\\\/www.arquimaster.com.ar\\\/web\\\/?s={search_term_string}\"},\"query-input\":{\"@type\":\"PropertyValueSpecification\",\"valueRequired\":true,\"valueName\":\"search_term_string\"}}],\"inLanguage\":\"es\"},{\"@type\":\"Organization\",\"@id\":\"https:\\\/\\\/www.arquimaster.com.ar\\\/web\\\/#organization\",\"name\":\"Arquimaster\",\"url\":\"https:\\\/\\\/www.arquimaster.com.ar\\\/web\\\/\",\"logo\":{\"@type\":\"ImageObject\",\"inLanguage\":\"es\",\"@id\":\"https:\\\/\\\/www.arquimaster.com.ar\\\/web\\\/#\\\/schema\\\/logo\\\/image\\\/\",\"url\":\"https:\\\/\\\/www.arquimaster.com.ar\\\/web\\\/wp-content\\\/uploads\\\/2022\\\/06\\\/arquimaster.png\",\"contentUrl\":\"https:\\\/\\\/www.arquimaster.com.ar\\\/web\\\/wp-content\\\/uploads\\\/2022\\\/06\\\/arquimaster.png\",\"width\":594,\"height\":78,\"caption\":\"Arquimaster\"},\"image\":{\"@id\":\"https:\\\/\\\/www.arquimaster.com.ar\\\/web\\\/#\\\/schema\\\/logo\\\/image\\\/\"},\"sameAs\":[\"http:\\\/\\\/www.facebook.com\\\/ARQUIMASTER.com.ar\",\"https:\\\/\\\/x.com\\\/arquimaster\",\"https:\\\/\\\/www.instagram.com\\\/arquimasterblog\\\/\",\"https:\\\/\\\/www.linkedin.com\\\/company\\\/arquimaster\",\"https:\\\/\\\/www.pinterest.com\\\/arquimaster\",\"https:\\\/\\\/t.me\\\/arquimaster\"]},{\"@type\":\"Person\",\"@id\":\"https:\\\/\\\/www.arquimaster.com.ar\\\/web\\\/#\\\/schema\\\/person\\\/359e9f7c00193fcde068e0dd2ceb0028\",\"name\":\"Arquimaster\"}]}<\/script>\n<!-- \/ Yoast SEO plugin. -->","yoast_head_json":{"title":"UIDE Quito (Universidad Internacional de Ecuador) \/ Contract Workplaces - Arquimaster","description":"Crear un ambiente moderno, c\u00e1lido y colorido, donde la comunidad UIDE se sienta c\u00f3moda y due\u00f1a del espacio fue parte de la propuesta est\u00e9tica del proyecto.","robots":{"index":"index","follow":"follow","max-snippet":"max-snippet:-1","max-image-preview":"max-image-preview:large","max-video-preview":"max-video-preview:-1"},"canonical":"https:\/\/www.arquimaster.com.ar\/web\/uide-quito-universidad-internacional-de-ecuador-contract-workplaces\/","og_locale":"es_ES","og_type":"article","og_title":"UIDE Quito (Universidad Internacional de Ecuador) \/ Contract Workplaces","og_description":"Crear un ambiente moderno, c\u00e1lido y colorido, donde la comunidad UIDE se sienta c\u00f3moda y due\u00f1a del espacio fue parte de la propuesta est\u00e9tica del proyecto.","og_url":"https:\/\/www.arquimaster.com.ar\/web\/uide-quito-universidad-internacional-de-ecuador-contract-workplaces\/","og_site_name":"Arquimaster","article_publisher":"http:\/\/www.facebook.com\/ARQUIMASTER.com.ar","article_published_time":"2024-09-17T16:15:19+00:00","article_modified_time":"2025-07-25T01:27:16+00:00","og_image":[{"width":698,"height":364,"url":"https:\/\/www.arquimaster.com.ar\/web\/wp-content\/uploads\/2024\/09\/uide_quito_slide.jpg","type":"image\/jpeg"}],"author":"Arquimaster","twitter_card":"summary_large_image","twitter_title":"UIDE Quito (Universidad Internacional de Ecuador) \/ Contract Workplaces","twitter_description":"Crear un ambiente moderno, c\u00e1lido y colorido, donde la comunidad UIDE se sienta c\u00f3moda y due\u00f1a del espacio fue parte de la propuesta est\u00e9tica del proyecto.","twitter_image":"https:\/\/www.arquimaster.com.ar\/web\/wp-content\/uploads\/2024\/09\/uide_quito_slide.jpg","twitter_creator":"@arquimaster","twitter_site":"@arquimaster","twitter_misc":{"Escrito por":"Arquimaster","Tiempo de lectura":"6 minutos"},"schema":{"@context":"https:\/\/schema.org","@graph":[{"@type":"Article","@id":"https:\/\/www.arquimaster.com.ar\/web\/uide-quito-universidad-internacional-de-ecuador-contract-workplaces\/#article","isPartOf":{"@id":"https:\/\/www.arquimaster.com.ar\/web\/uide-quito-universidad-internacional-de-ecuador-contract-workplaces\/"},"author":{"name":"Arquimaster","@id":"https:\/\/www.arquimaster.com.ar\/web\/#\/schema\/person\/359e9f7c00193fcde068e0dd2ceb0028"},"headline":"UIDE Quito (Universidad Internacional de Ecuador) \/ Contract Workplaces","datePublished":"2024-09-17T16:15:19+00:00","dateModified":"2025-07-25T01:27:16+00:00","mainEntityOfPage":{"@id":"https:\/\/www.arquimaster.com.ar\/web\/uide-quito-universidad-internacional-de-ecuador-contract-workplaces\/"},"wordCount":1291,"publisher":{"@id":"https:\/\/www.arquimaster.com.ar\/web\/#organization"},"image":{"@id":"https:\/\/www.arquimaster.com.ar\/web\/uide-quito-universidad-internacional-de-ecuador-contract-workplaces\/#primaryimage"},"thumbnailUrl":"https:\/\/www.arquimaster.com.ar\/web\/wp-content\/uploads\/2024\/09\/uide_quito_slide.jpg","keywords":["arquitectura para la educacion","Contract Workplaces","Ecuador","edificio educativo","Quito","UIDE","universidad","Universidad Internacional de Ecuador"],"articleSection":["Edificios para la educacion","Proyecto"],"inLanguage":"es"},{"@type":"WebPage","@id":"https:\/\/www.arquimaster.com.ar\/web\/uide-quito-universidad-internacional-de-ecuador-contract-workplaces\/","url":"https:\/\/www.arquimaster.com.ar\/web\/uide-quito-universidad-internacional-de-ecuador-contract-workplaces\/","name":"UIDE Quito (Universidad Internacional de Ecuador) \/ Contract Workplaces - Arquimaster","isPartOf":{"@id":"https:\/\/www.arquimaster.com.ar\/web\/#website"},"primaryImageOfPage":{"@id":"https:\/\/www.arquimaster.com.ar\/web\/uide-quito-universidad-internacional-de-ecuador-contract-workplaces\/#primaryimage"},"image":{"@id":"https:\/\/www.arquimaster.com.ar\/web\/uide-quito-universidad-internacional-de-ecuador-contract-workplaces\/#primaryimage"},"thumbnailUrl":"https:\/\/www.arquimaster.com.ar\/web\/wp-content\/uploads\/2024\/09\/uide_quito_slide.jpg","datePublished":"2024-09-17T16:15:19+00:00","dateModified":"2025-07-25T01:27:16+00:00","description":"Crear un ambiente moderno, c\u00e1lido y colorido, donde la comunidad UIDE se sienta c\u00f3moda y due\u00f1a del espacio fue parte de la propuesta est\u00e9tica del proyecto.","breadcrumb":{"@id":"https:\/\/www.arquimaster.com.ar\/web\/uide-quito-universidad-internacional-de-ecuador-contract-workplaces\/#breadcrumb"},"inLanguage":"es","potentialAction":[{"@type":"ReadAction","target":["https:\/\/www.arquimaster.com.ar\/web\/uide-quito-universidad-internacional-de-ecuador-contract-workplaces\/"]}]},{"@type":"ImageObject","inLanguage":"es","@id":"https:\/\/www.arquimaster.com.ar\/web\/uide-quito-universidad-internacional-de-ecuador-contract-workplaces\/#primaryimage","url":"https:\/\/www.arquimaster.com.ar\/web\/wp-content\/uploads\/2024\/09\/uide_quito_slide.jpg","contentUrl":"https:\/\/www.arquimaster.com.ar\/web\/wp-content\/uploads\/2024\/09\/uide_quito_slide.jpg","width":698,"height":364,"caption":"UIDE Quito (Universidad Internacional de Ecuador) \/ Contract Workplaces"},{"@type":"BreadcrumbList","@id":"https:\/\/www.arquimaster.com.ar\/web\/uide-quito-universidad-internacional-de-ecuador-contract-workplaces\/#breadcrumb","itemListElement":[{"@type":"ListItem","position":1,"name":"Portada","item":"https:\/\/www.arquimaster.com.ar\/web\/"},{"@type":"ListItem","position":2,"name":"UIDE Quito (Universidad Internacional de Ecuador) \/ Contract Workplaces"}]},{"@type":"WebSite","@id":"https:\/\/www.arquimaster.com.ar\/web\/#website","url":"https:\/\/www.arquimaster.com.ar\/web\/","name":"Arquimaster","description":"Web de arquitectura, dise\u00f1o y construccion","publisher":{"@id":"https:\/\/www.arquimaster.com.ar\/web\/#organization"},"potentialAction":[{"@type":"SearchAction","target":{"@type":"EntryPoint","urlTemplate":"https:\/\/www.arquimaster.com.ar\/web\/?s={search_term_string}"},"query-input":{"@type":"PropertyValueSpecification","valueRequired":true,"valueName":"search_term_string"}}],"inLanguage":"es"},{"@type":"Organization","@id":"https:\/\/www.arquimaster.com.ar\/web\/#organization","name":"Arquimaster","url":"https:\/\/www.arquimaster.com.ar\/web\/","logo":{"@type":"ImageObject","inLanguage":"es","@id":"https:\/\/www.arquimaster.com.ar\/web\/#\/schema\/logo\/image\/","url":"https:\/\/www.arquimaster.com.ar\/web\/wp-content\/uploads\/2022\/06\/arquimaster.png","contentUrl":"https:\/\/www.arquimaster.com.ar\/web\/wp-content\/uploads\/2022\/06\/arquimaster.png","width":594,"height":78,"caption":"Arquimaster"},"image":{"@id":"https:\/\/www.arquimaster.com.ar\/web\/#\/schema\/logo\/image\/"},"sameAs":["http:\/\/www.facebook.com\/ARQUIMASTER.com.ar","https:\/\/x.com\/arquimaster","https:\/\/www.instagram.com\/arquimasterblog\/","https:\/\/www.linkedin.com\/company\/arquimaster","https:\/\/www.pinterest.com\/arquimaster","https:\/\/t.me\/arquimaster"]},{"@type":"Person","@id":"https:\/\/www.arquimaster.com.ar\/web\/#\/schema\/person\/359e9f7c00193fcde068e0dd2ceb0028","name":"Arquimaster"}]}},"uagb_featured_image_src":{"full":["https:\/\/www.arquimaster.com.ar\/web\/wp-content\/uploads\/2024\/09\/uide_quito_slide.jpg",698,364,false],"thumbnail":["https:\/\/www.arquimaster.com.ar\/web\/wp-content\/uploads\/2024\/09\/uide_quito_slide-150x150.jpg",150,150,true],"medium":["https:\/\/www.arquimaster.com.ar\/web\/wp-content\/uploads\/2024\/09\/uide_quito_slide.jpg",698,364,false],"medium_large":["https:\/\/www.arquimaster.com.ar\/web\/wp-content\/uploads\/2024\/09\/uide_quito_slide.jpg",698,364,false],"large":["https:\/\/www.arquimaster.com.ar\/web\/wp-content\/uploads\/2024\/09\/uide_quito_slide.jpg",698,364,false],"1536x1536":["https:\/\/www.arquimaster.com.ar\/web\/wp-content\/uploads\/2024\/09\/uide_quito_slide.jpg",698,364,false],"2048x2048":["https:\/\/www.arquimaster.com.ar\/web\/wp-content\/uploads\/2024\/09\/uide_quito_slide.jpg",698,364,false]},"uagb_author_info":{"display_name":"Arquimaster","author_link":"https:\/\/www.arquimaster.com.ar\/web\/author\/arquimaster\/"},"uagb_comment_info":0,"uagb_excerpt":"Crear un ambiente moderno, c\u00e1lido y colorido donde la comunidad educativa se sienta c\u00f3moda...","_links":{"self":[{"href":"https:\/\/www.arquimaster.com.ar\/web\/wp-json\/wp\/v2\/posts\/80442","targetHints":{"allow":["GET"]}}],"collection":[{"href":"https:\/\/www.arquimaster.com.ar\/web\/wp-json\/wp\/v2\/posts"}],"about":[{"href":"https:\/\/www.arquimaster.com.ar\/web\/wp-json\/wp\/v2\/types\/post"}],"author":[{"embeddable":true,"href":"https:\/\/www.arquimaster.com.ar\/web\/wp-json\/wp\/v2\/users\/1"}],"replies":[{"embeddable":true,"href":"https:\/\/www.arquimaster.com.ar\/web\/wp-json\/wp\/v2\/comments?post=80442"}],"version-history":[{"count":3,"href":"https:\/\/www.arquimaster.com.ar\/web\/wp-json\/wp\/v2\/posts\/80442\/revisions"}],"predecessor-version":[{"id":85141,"href":"https:\/\/www.arquimaster.com.ar\/web\/wp-json\/wp\/v2\/posts\/80442\/revisions\/85141"}],"wp:featuredmedia":[{"embeddable":true,"href":"https:\/\/www.arquimaster.com.ar\/web\/wp-json\/wp\/v2\/media\/80443"}],"wp:attachment":[{"href":"https:\/\/www.arquimaster.com.ar\/web\/wp-json\/wp\/v2\/media?parent=80442"}],"wp:term":[{"taxonomy":"category","embeddable":true,"href":"https:\/\/www.arquimaster.com.ar\/web\/wp-json\/wp\/v2\/categories?post=80442"},{"taxonomy":"post_tag","embeddable":true,"href":"https:\/\/www.arquimaster.com.ar\/web\/wp-json\/wp\/v2\/tags?post=80442"}],"curies":[{"name":"wp","href":"https:\/\/api.w.org\/{rel}","templated":true}]}}