{"id":80466,"date":"2024-09-17T13:17:17","date_gmt":"2024-09-17T16:17:17","guid":{"rendered":"https:\/\/www.arquimaster.com.ar\/web\/?p=80466"},"modified":"2024-10-16T11:41:53","modified_gmt":"2024-10-16T14:41:53","slug":"vivienda-m341-otro-estudio-oficina-de-arquitectos","status":"publish","type":"post","link":"https:\/\/www.arquimaster.com.ar\/web\/vivienda-m341-otro-estudio-oficina-de-arquitectos\/","title":{"rendered":"Vivienda M341 \/ otro estudio [oficina de arquitectos]"},"content":{"rendered":"<div style=\"margin-top: 0px; margin-bottom: 0px;\" class=\"sharethis-inline-share-buttons\" ><\/div><div class=\"b812932af2e751442846f039925109de\" data-index=\"1\" style=\"float: none; margin:25px 0 25px 0; text-align:center;\">\n<script async src=\"https:\/\/pagead2.googlesyndication.com\/pagead\/js\/adsbygoogle.js\"><\/script>\r\n<!-- Arquimaster (superior) -->\r\n<ins class=\"adsbygoogle\"\r\n     style=\"display:block\"\r\n     data-ad-client=\"ca-pub-6351072698456832\"\r\n     data-ad-slot=\"6455489680\"\r\n     data-ad-format=\"auto\"\r\n     data-full-width-responsive=\"true\"><\/ins>\r\n<script>\r\n     (adsbygoogle = window.adsbygoogle || []).push({});\r\n<\/script>\n<\/div>\n<p><strong>Vivienda M341<\/strong> (Rafaela, Pcia. de Santa Fe, Argentina) por <strong>otro estudio [oficina de arquitectos]<\/strong>. La vivienda surge a partir del encargo de un joven matrimonio con dos hijos adolescentes que encaran por primera vez la empresa de contar con casa propia. Concebida como un refugio familiar en un entorno urbano, se destaca por el uso del ladrillo visto y su \u00e9nfasis en la iluminaci\u00f3n natural, los filtros visuales y lum\u00ednicos, creando un ambiente c\u00e1lido, acogedor y funcional.<\/p>\n<div id='gallery-1' class='gallery galleryid-80466 gallery-columns-3 gallery-size-thumbnail'><figure class='gallery-item'>\n\t\t\t<div class='gallery-icon landscape'>\n\t\t\t\t<a href='https:\/\/www.arquimaster.com.ar\/web\/wp-content\/uploads\/2024\/09\/m341_1.jpg' title=\"Vivienda M341 \/ otro estudio [oficina de arquitectos] (\u00a9 Ramiro Sosa)\" data-rl_title=\"Vivienda M341 \/ otro estudio [oficina de arquitectos] (\u00a9 Ramiro Sosa)\" class=\"rl-gallery-link\" data-rl_caption=\"Vivienda M341 \/ otro estudio [oficina de arquitectos] (\u00a9 Ramiro Sosa)\" data-rel=\"lightbox-gallery-1\"><img loading=\"lazy\" decoding=\"async\" width=\"150\" height=\"150\" src=\"https:\/\/www.arquimaster.com.ar\/web\/wp-content\/uploads\/2024\/09\/m341_1-150x150.jpg\" class=\"attachment-thumbnail size-thumbnail\" alt=\"Vivienda M341 \/ otro estudio [oficina de arquitectos]\" aria-describedby=\"gallery-1-80468\" \/><\/a>\n\t\t\t<\/div>\n\t\t\t\t<figcaption class='wp-caption-text gallery-caption' id='gallery-1-80468'>\n\t\t\t\tVivienda M341 \/ otro estudio [oficina de arquitectos] (\u00a9 Ramiro Sosa)\n\t\t\t\t<\/figcaption><\/figure><figure class='gallery-item'>\n\t\t\t<div class='gallery-icon portrait'>\n\t\t\t\t<a href='https:\/\/www.arquimaster.com.ar\/web\/wp-content\/uploads\/2024\/09\/m341_2.jpg' title=\"Vivienda M341 \/ otro estudio [oficina de arquitectos] (\u00a9 Ramiro Sosa)\" data-rl_title=\"Vivienda M341 \/ otro estudio [oficina de arquitectos] (\u00a9 Ramiro Sosa)\" class=\"rl-gallery-link\" data-rl_caption=\"Vivienda M341 \/ otro estudio [oficina de arquitectos] (\u00a9 Ramiro Sosa)\" data-rel=\"lightbox-gallery-1\"><img loading=\"lazy\" decoding=\"async\" width=\"150\" height=\"150\" src=\"https:\/\/www.arquimaster.com.ar\/web\/wp-content\/uploads\/2024\/09\/m341_2-150x150.jpg\" class=\"attachment-thumbnail size-thumbnail\" alt=\"Vivienda M341 \/ otro estudio [oficina de arquitectos]\" aria-describedby=\"gallery-1-80469\" \/><\/a>\n\t\t\t<\/div>\n\t\t\t\t<figcaption class='wp-caption-text gallery-caption' id='gallery-1-80469'>\n\t\t\t\tVivienda M341 \/ otro estudio [oficina de arquitectos] (\u00a9 Ramiro Sosa)\n\t\t\t\t<\/figcaption><\/figure><figure class='gallery-item'>\n\t\t\t<div class='gallery-icon portrait'>\n\t\t\t\t<a href='https:\/\/www.arquimaster.com.ar\/web\/wp-content\/uploads\/2024\/09\/m341_3.jpg' title=\"Vivienda M341 \/ otro estudio [oficina de arquitectos] (\u00a9 Ramiro Sosa)\" data-rl_title=\"Vivienda M341 \/ otro estudio [oficina de arquitectos] (\u00a9 Ramiro Sosa)\" class=\"rl-gallery-link\" data-rl_caption=\"Vivienda M341 \/ otro estudio [oficina de arquitectos] (\u00a9 Ramiro Sosa)\" data-rel=\"lightbox-gallery-1\"><img loading=\"lazy\" decoding=\"async\" width=\"150\" height=\"150\" src=\"https:\/\/www.arquimaster.com.ar\/web\/wp-content\/uploads\/2024\/09\/m341_3-150x150.jpg\" class=\"attachment-thumbnail size-thumbnail\" alt=\"Vivienda M341 \/ otro estudio [oficina de arquitectos]\" aria-describedby=\"gallery-1-80470\" \/><\/a>\n\t\t\t<\/div>\n\t\t\t\t<figcaption class='wp-caption-text gallery-caption' id='gallery-1-80470'>\n\t\t\t\tVivienda M341 \/ otro estudio [oficina de arquitectos] (\u00a9 Ramiro Sosa)\n\t\t\t\t<\/figcaption><\/figure><figure class='gallery-item'>\n\t\t\t<div class='gallery-icon portrait'>\n\t\t\t\t<a href='https:\/\/www.arquimaster.com.ar\/web\/wp-content\/uploads\/2024\/09\/m341_4.jpg' title=\"Vivienda M341 \/ otro estudio [oficina de arquitectos] (\u00a9 Ramiro Sosa)\" data-rl_title=\"Vivienda M341 \/ otro estudio [oficina de arquitectos] (\u00a9 Ramiro Sosa)\" class=\"rl-gallery-link\" data-rl_caption=\"Vivienda M341 \/ otro estudio [oficina de arquitectos] (\u00a9 Ramiro Sosa)\" data-rel=\"lightbox-gallery-1\"><img loading=\"lazy\" decoding=\"async\" width=\"150\" height=\"150\" src=\"https:\/\/www.arquimaster.com.ar\/web\/wp-content\/uploads\/2024\/09\/m341_4-150x150.jpg\" class=\"attachment-thumbnail size-thumbnail\" alt=\"Vivienda M341 \/ otro estudio [oficina de arquitectos]\" aria-describedby=\"gallery-1-80471\" \/><\/a>\n\t\t\t<\/div>\n\t\t\t\t<figcaption class='wp-caption-text gallery-caption' id='gallery-1-80471'>\n\t\t\t\tVivienda M341 \/ otro estudio [oficina de arquitectos] (\u00a9 Ramiro Sosa)\n\t\t\t\t<\/figcaption><\/figure><figure class='gallery-item'>\n\t\t\t<div class='gallery-icon portrait'>\n\t\t\t\t<a href='https:\/\/www.arquimaster.com.ar\/web\/wp-content\/uploads\/2024\/09\/m341_5.jpg' title=\"Vivienda M341 \/ otro estudio [oficina de arquitectos] (\u00a9 Ramiro Sosa)\" data-rl_title=\"Vivienda M341 \/ otro estudio [oficina de arquitectos] (\u00a9 Ramiro Sosa)\" class=\"rl-gallery-link\" data-rl_caption=\"Vivienda M341 \/ otro estudio [oficina de arquitectos] (\u00a9 Ramiro Sosa)\" data-rel=\"lightbox-gallery-1\"><img loading=\"lazy\" decoding=\"async\" width=\"150\" height=\"150\" src=\"https:\/\/www.arquimaster.com.ar\/web\/wp-content\/uploads\/2024\/09\/m341_5-150x150.jpg\" class=\"attachment-thumbnail size-thumbnail\" alt=\"Vivienda M341 \/ otro estudio [oficina de arquitectos]\" aria-describedby=\"gallery-1-80472\" \/><\/a>\n\t\t\t<\/div>\n\t\t\t\t<figcaption class='wp-caption-text gallery-caption' id='gallery-1-80472'>\n\t\t\t\tVivienda M341 \/ otro estudio [oficina de arquitectos] (\u00a9 Ramiro Sosa)\n\t\t\t\t<\/figcaption><\/figure><figure class='gallery-item'>\n\t\t\t<div class='gallery-icon portrait'>\n\t\t\t\t<a href='https:\/\/www.arquimaster.com.ar\/web\/wp-content\/uploads\/2024\/09\/m341_6.jpg' title=\"Vivienda M341 \/ otro estudio [oficina de arquitectos] (\u00a9 Ramiro Sosa)\" data-rl_title=\"Vivienda M341 \/ otro estudio [oficina de arquitectos] (\u00a9 Ramiro Sosa)\" class=\"rl-gallery-link\" data-rl_caption=\"Vivienda M341 \/ otro estudio [oficina de arquitectos] (\u00a9 Ramiro Sosa)\" data-rel=\"lightbox-gallery-1\"><img loading=\"lazy\" decoding=\"async\" width=\"150\" height=\"150\" src=\"https:\/\/www.arquimaster.com.ar\/web\/wp-content\/uploads\/2024\/09\/m341_6-150x150.jpg\" class=\"attachment-thumbnail size-thumbnail\" alt=\"Vivienda M341 \/ otro estudio [oficina de arquitectos]\" aria-describedby=\"gallery-1-80473\" \/><\/a>\n\t\t\t<\/div>\n\t\t\t\t<figcaption class='wp-caption-text gallery-caption' id='gallery-1-80473'>\n\t\t\t\tVivienda M341 \/ otro estudio [oficina de arquitectos] (\u00a9 Ramiro Sosa)\n\t\t\t\t<\/figcaption><\/figure><figure class='gallery-item'>\n\t\t\t<div class='gallery-icon landscape'>\n\t\t\t\t<a href='https:\/\/www.arquimaster.com.ar\/web\/wp-content\/uploads\/2024\/09\/m341_7.jpg' title=\"Vivienda M341 \/ otro estudio [oficina de arquitectos] (\u00a9 Ramiro Sosa)\" data-rl_title=\"Vivienda M341 \/ otro estudio [oficina de arquitectos] (\u00a9 Ramiro Sosa)\" class=\"rl-gallery-link\" data-rl_caption=\"Vivienda M341 \/ otro estudio [oficina de arquitectos] (\u00a9 Ramiro Sosa)\" data-rel=\"lightbox-gallery-1\"><img loading=\"lazy\" decoding=\"async\" width=\"150\" height=\"150\" src=\"https:\/\/www.arquimaster.com.ar\/web\/wp-content\/uploads\/2024\/09\/m341_7-150x150.jpg\" class=\"attachment-thumbnail size-thumbnail\" alt=\"Vivienda M341 \/ otro estudio [oficina de arquitectos]\" aria-describedby=\"gallery-1-80474\" srcset=\"https:\/\/www.arquimaster.com.ar\/web\/wp-content\/uploads\/2024\/09\/m341_7-150x150.jpg 150w, https:\/\/www.arquimaster.com.ar\/web\/wp-content\/uploads\/2024\/09\/m341_7-768x768.jpg 768w, https:\/\/www.arquimaster.com.ar\/web\/wp-content\/uploads\/2024\/09\/m341_7.jpg 1500w\" sizes=\"auto, (max-width: 150px) 100vw, 150px\" \/><\/a>\n\t\t\t<\/div>\n\t\t\t\t<figcaption class='wp-caption-text gallery-caption' id='gallery-1-80474'>\n\t\t\t\tVivienda M341 \/ otro estudio [oficina de arquitectos] (\u00a9 Ramiro Sosa)\n\t\t\t\t<\/figcaption><\/figure><figure class='gallery-item'>\n\t\t\t<div class='gallery-icon portrait'>\n\t\t\t\t<a href='https:\/\/www.arquimaster.com.ar\/web\/wp-content\/uploads\/2024\/09\/m341_8.jpg' title=\"Vivienda M341 \/ otro estudio [oficina de arquitectos] (\u00a9 Ramiro Sosa)\" data-rl_title=\"Vivienda M341 \/ otro estudio [oficina de arquitectos] (\u00a9 Ramiro Sosa)\" class=\"rl-gallery-link\" data-rl_caption=\"Vivienda M341 \/ otro estudio [oficina de arquitectos] (\u00a9 Ramiro Sosa)\" data-rel=\"lightbox-gallery-1\"><img loading=\"lazy\" decoding=\"async\" width=\"150\" height=\"150\" src=\"https:\/\/www.arquimaster.com.ar\/web\/wp-content\/uploads\/2024\/09\/m341_8-150x150.jpg\" class=\"attachment-thumbnail size-thumbnail\" alt=\"Vivienda M341 \/ otro estudio [oficina de arquitectos]\" aria-describedby=\"gallery-1-80475\" \/><\/a>\n\t\t\t<\/div>\n\t\t\t\t<figcaption class='wp-caption-text gallery-caption' id='gallery-1-80475'>\n\t\t\t\tVivienda M341 \/ otro estudio [oficina de arquitectos] (\u00a9 Ramiro Sosa)\n\t\t\t\t<\/figcaption><\/figure><figure class='gallery-item'>\n\t\t\t<div class='gallery-icon landscape'>\n\t\t\t\t<a href='https:\/\/www.arquimaster.com.ar\/web\/wp-content\/uploads\/2024\/09\/m341_9.jpg' title=\"Vivienda M341 \/ otro estudio [oficina de arquitectos] (\u00a9 Ramiro Sosa)\" data-rl_title=\"Vivienda M341 \/ otro estudio [oficina de arquitectos] (\u00a9 Ramiro Sosa)\" class=\"rl-gallery-link\" data-rl_caption=\"Vivienda M341 \/ otro estudio [oficina de arquitectos] (\u00a9 Ramiro Sosa)\" data-rel=\"lightbox-gallery-1\"><img loading=\"lazy\" decoding=\"async\" width=\"150\" height=\"150\" src=\"https:\/\/www.arquimaster.com.ar\/web\/wp-content\/uploads\/2024\/09\/m341_9-150x150.jpg\" class=\"attachment-thumbnail size-thumbnail\" alt=\"Vivienda M341 \/ otro estudio [oficina de arquitectos]\" aria-describedby=\"gallery-1-80476\" \/><\/a>\n\t\t\t<\/div>\n\t\t\t\t<figcaption class='wp-caption-text gallery-caption' id='gallery-1-80476'>\n\t\t\t\tVivienda M341 \/ otro estudio [oficina de arquitectos] (\u00a9 Ramiro Sosa)\n\t\t\t\t<\/figcaption><\/figure><figure class='gallery-item'>\n\t\t\t<div class='gallery-icon landscape'>\n\t\t\t\t<a href='https:\/\/www.arquimaster.com.ar\/web\/wp-content\/uploads\/2024\/09\/m341_10.jpg' title=\"Vivienda M341 \/ otro estudio [oficina de arquitectos] (\u00a9 Ramiro Sosa)\" data-rl_title=\"Vivienda M341 \/ otro estudio [oficina de arquitectos] (\u00a9 Ramiro Sosa)\" class=\"rl-gallery-link\" data-rl_caption=\"Vivienda M341 \/ otro estudio [oficina de arquitectos] (\u00a9 Ramiro Sosa)\" data-rel=\"lightbox-gallery-1\"><img loading=\"lazy\" decoding=\"async\" width=\"150\" height=\"150\" src=\"https:\/\/www.arquimaster.com.ar\/web\/wp-content\/uploads\/2024\/09\/m341_10-150x150.jpg\" class=\"attachment-thumbnail size-thumbnail\" alt=\"Vivienda M341 \/ otro estudio [oficina de arquitectos]\" aria-describedby=\"gallery-1-80477\" \/><\/a>\n\t\t\t<\/div>\n\t\t\t\t<figcaption class='wp-caption-text gallery-caption' id='gallery-1-80477'>\n\t\t\t\tVivienda M341 \/ otro estudio [oficina de arquitectos] (\u00a9 Ramiro Sosa)\n\t\t\t\t<\/figcaption><\/figure><figure class='gallery-item'>\n\t\t\t<div class='gallery-icon portrait'>\n\t\t\t\t<a href='https:\/\/www.arquimaster.com.ar\/web\/wp-content\/uploads\/2024\/09\/m341_11.jpg' title=\"Vivienda M341 \/ otro estudio [oficina de arquitectos] (\u00a9 Ramiro Sosa)\" data-rl_title=\"Vivienda M341 \/ otro estudio [oficina de arquitectos] (\u00a9 Ramiro Sosa)\" class=\"rl-gallery-link\" data-rl_caption=\"Vivienda M341 \/ otro estudio [oficina de arquitectos] (\u00a9 Ramiro Sosa)\" data-rel=\"lightbox-gallery-1\"><img loading=\"lazy\" decoding=\"async\" width=\"150\" height=\"150\" src=\"https:\/\/www.arquimaster.com.ar\/web\/wp-content\/uploads\/2024\/09\/m341_11-150x150.jpg\" class=\"attachment-thumbnail size-thumbnail\" alt=\"Vivienda M341 \/ otro estudio [oficina de arquitectos]\" aria-describedby=\"gallery-1-80478\" \/><\/a>\n\t\t\t<\/div>\n\t\t\t\t<figcaption class='wp-caption-text gallery-caption' id='gallery-1-80478'>\n\t\t\t\tVivienda M341 \/ otro estudio [oficina de arquitectos] (\u00a9 Ramiro Sosa)\n\t\t\t\t<\/figcaption><\/figure><figure class='gallery-item'>\n\t\t\t<div class='gallery-icon portrait'>\n\t\t\t\t<a href='https:\/\/www.arquimaster.com.ar\/web\/wp-content\/uploads\/2024\/09\/m341_12.jpg' title=\"Vivienda M341 \/ otro estudio [oficina de arquitectos] (\u00a9 Ramiro Sosa)\" data-rl_title=\"Vivienda M341 \/ otro estudio [oficina de arquitectos] (\u00a9 Ramiro Sosa)\" class=\"rl-gallery-link\" data-rl_caption=\"Vivienda M341 \/ otro estudio [oficina de arquitectos] (\u00a9 Ramiro Sosa)\" data-rel=\"lightbox-gallery-1\"><img loading=\"lazy\" decoding=\"async\" width=\"150\" height=\"150\" src=\"https:\/\/www.arquimaster.com.ar\/web\/wp-content\/uploads\/2024\/09\/m341_12-150x150.jpg\" class=\"attachment-thumbnail size-thumbnail\" alt=\"Vivienda M341 \/ otro estudio [oficina de arquitectos]\" aria-describedby=\"gallery-1-80479\" \/><\/a>\n\t\t\t<\/div>\n\t\t\t\t<figcaption class='wp-caption-text gallery-caption' id='gallery-1-80479'>\n\t\t\t\tVivienda M341 \/ otro estudio [oficina de arquitectos] (\u00a9 Ramiro Sosa)\n\t\t\t\t<\/figcaption><\/figure><figure class='gallery-item'>\n\t\t\t<div class='gallery-icon portrait'>\n\t\t\t\t<a href='https:\/\/www.arquimaster.com.ar\/web\/wp-content\/uploads\/2024\/09\/m341_13.jpg' title=\"Vivienda M341 \/ otro estudio [oficina de arquitectos] (\u00a9 Ramiro Sosa)\" data-rl_title=\"Vivienda M341 \/ otro estudio [oficina de arquitectos] (\u00a9 Ramiro Sosa)\" class=\"rl-gallery-link\" data-rl_caption=\"Vivienda M341 \/ otro estudio [oficina de arquitectos] (\u00a9 Ramiro Sosa)\" data-rel=\"lightbox-gallery-1\"><img loading=\"lazy\" decoding=\"async\" width=\"150\" height=\"150\" src=\"https:\/\/www.arquimaster.com.ar\/web\/wp-content\/uploads\/2024\/09\/m341_13-150x150.jpg\" class=\"attachment-thumbnail size-thumbnail\" alt=\"Vivienda M341 \/ otro estudio [oficina de arquitectos]\" aria-describedby=\"gallery-1-80480\" \/><\/a>\n\t\t\t<\/div>\n\t\t\t\t<figcaption class='wp-caption-text gallery-caption' id='gallery-1-80480'>\n\t\t\t\tVivienda M341 \/ otro estudio [oficina de arquitectos] (\u00a9 Ramiro Sosa)\n\t\t\t\t<\/figcaption><\/figure><figure class='gallery-item'>\n\t\t\t<div class='gallery-icon landscape'>\n\t\t\t\t<a href='https:\/\/www.arquimaster.com.ar\/web\/wp-content\/uploads\/2024\/09\/m341_14.jpg' title=\"Vivienda M341 \/ otro estudio [oficina de arquitectos] (\u00a9 Ramiro Sosa)\" data-rl_title=\"Vivienda M341 \/ otro estudio [oficina de arquitectos] (\u00a9 Ramiro Sosa)\" class=\"rl-gallery-link\" data-rl_caption=\"Vivienda M341 \/ otro estudio [oficina de arquitectos] (\u00a9 Ramiro Sosa)\" data-rel=\"lightbox-gallery-1\"><img loading=\"lazy\" decoding=\"async\" width=\"150\" height=\"150\" src=\"https:\/\/www.arquimaster.com.ar\/web\/wp-content\/uploads\/2024\/09\/m341_14-150x150.jpg\" class=\"attachment-thumbnail size-thumbnail\" alt=\"Vivienda M341 \/ otro estudio [oficina de arquitectos]\" aria-describedby=\"gallery-1-80481\" \/><\/a>\n\t\t\t<\/div>\n\t\t\t\t<figcaption class='wp-caption-text gallery-caption' id='gallery-1-80481'>\n\t\t\t\tVivienda M341 \/ otro estudio [oficina de arquitectos] (\u00a9 Ramiro Sosa)\n\t\t\t\t<\/figcaption><\/figure><figure class='gallery-item'>\n\t\t\t<div class='gallery-icon portrait'>\n\t\t\t\t<a href='https:\/\/www.arquimaster.com.ar\/web\/wp-content\/uploads\/2024\/09\/m341_15.jpg' title=\"Vivienda M341 \/ otro estudio [oficina de arquitectos] (\u00a9 Ramiro Sosa)\" data-rl_title=\"Vivienda M341 \/ otro estudio [oficina de arquitectos] (\u00a9 Ramiro Sosa)\" class=\"rl-gallery-link\" data-rl_caption=\"Vivienda M341 \/ otro estudio [oficina de arquitectos] (\u00a9 Ramiro Sosa)\" data-rel=\"lightbox-gallery-1\"><img loading=\"lazy\" decoding=\"async\" width=\"150\" height=\"150\" src=\"https:\/\/www.arquimaster.com.ar\/web\/wp-content\/uploads\/2024\/09\/m341_15-150x150.jpg\" class=\"attachment-thumbnail size-thumbnail\" alt=\"Vivienda M341 \/ otro estudio [oficina de arquitectos]\" aria-describedby=\"gallery-1-80482\" \/><\/a>\n\t\t\t<\/div>\n\t\t\t\t<figcaption class='wp-caption-text gallery-caption' id='gallery-1-80482'>\n\t\t\t\tVivienda M341 \/ otro estudio [oficina de arquitectos] (\u00a9 Ramiro Sosa)\n\t\t\t\t<\/figcaption><\/figure><figure class='gallery-item'>\n\t\t\t<div class='gallery-icon portrait'>\n\t\t\t\t<a href='https:\/\/www.arquimaster.com.ar\/web\/wp-content\/uploads\/2024\/09\/m341_17.jpg' title=\"Vivienda M341 \/ otro estudio [oficina de arquitectos] (\u00a9 Ramiro Sosa)\" data-rl_title=\"Vivienda M341 \/ otro estudio [oficina de arquitectos] (\u00a9 Ramiro Sosa)\" class=\"rl-gallery-link\" data-rl_caption=\"Vivienda M341 \/ otro estudio [oficina de arquitectos] (\u00a9 Ramiro Sosa)\" data-rel=\"lightbox-gallery-1\"><img loading=\"lazy\" decoding=\"async\" width=\"150\" height=\"150\" src=\"https:\/\/www.arquimaster.com.ar\/web\/wp-content\/uploads\/2024\/09\/m341_17-150x150.jpg\" class=\"attachment-thumbnail size-thumbnail\" alt=\"Vivienda M341 \/ otro estudio [oficina de arquitectos]\" aria-describedby=\"gallery-1-80484\" \/><\/a>\n\t\t\t<\/div>\n\t\t\t\t<figcaption class='wp-caption-text gallery-caption' id='gallery-1-80484'>\n\t\t\t\tVivienda M341 \/ otro estudio [oficina de arquitectos] (\u00a9 Ramiro Sosa)\n\t\t\t\t<\/figcaption><\/figure><figure class='gallery-item'>\n\t\t\t<div class='gallery-icon portrait'>\n\t\t\t\t<a href='https:\/\/www.arquimaster.com.ar\/web\/wp-content\/uploads\/2024\/09\/m341_16.jpg' title=\"Vivienda M341 \/ otro estudio [oficina de arquitectos] (\u00a9 Ramiro Sosa)\" data-rl_title=\"Vivienda M341 \/ otro estudio [oficina de arquitectos] (\u00a9 Ramiro Sosa)\" class=\"rl-gallery-link\" data-rl_caption=\"Vivienda M341 \/ otro estudio [oficina de arquitectos] (\u00a9 Ramiro Sosa)\" data-rel=\"lightbox-gallery-1\"><img loading=\"lazy\" decoding=\"async\" width=\"150\" height=\"150\" src=\"https:\/\/www.arquimaster.com.ar\/web\/wp-content\/uploads\/2024\/09\/m341_16-150x150.jpg\" class=\"attachment-thumbnail size-thumbnail\" alt=\"Vivienda M341 \/ otro estudio [oficina de arquitectos]\" aria-describedby=\"gallery-1-80483\" \/><\/a>\n\t\t\t<\/div>\n\t\t\t\t<figcaption class='wp-caption-text gallery-caption' id='gallery-1-80483'>\n\t\t\t\tVivienda M341 \/ otro estudio [oficina de arquitectos] (\u00a9 Ramiro Sosa)\n\t\t\t\t<\/figcaption><\/figure><figure class='gallery-item'>\n\t\t\t<div class='gallery-icon landscape'>\n\t\t\t\t<a href='https:\/\/www.arquimaster.com.ar\/web\/wp-content\/uploads\/2024\/09\/m341_18.jpg' title=\"Vivienda M341 \/ otro estudio [oficina de arquitectos] (\u00a9 Ramiro Sosa)\" data-rl_title=\"Vivienda M341 \/ otro estudio [oficina de arquitectos] (\u00a9 Ramiro Sosa)\" class=\"rl-gallery-link\" data-rl_caption=\"Vivienda M341 \/ otro estudio [oficina de arquitectos] (\u00a9 Ramiro Sosa)\" data-rel=\"lightbox-gallery-1\"><img loading=\"lazy\" decoding=\"async\" width=\"150\" height=\"150\" src=\"https:\/\/www.arquimaster.com.ar\/web\/wp-content\/uploads\/2024\/09\/m341_18-150x150.jpg\" class=\"attachment-thumbnail size-thumbnail\" alt=\"Vivienda M341 \/ otro estudio [oficina de arquitectos]\" aria-describedby=\"gallery-1-80485\" \/><\/a>\n\t\t\t<\/div>\n\t\t\t\t<figcaption class='wp-caption-text gallery-caption' id='gallery-1-80485'>\n\t\t\t\tVivienda M341 \/ otro estudio [oficina de arquitectos] (\u00a9 Ramiro Sosa)\n\t\t\t\t<\/figcaption><\/figure><figure class='gallery-item'>\n\t\t\t<div class='gallery-icon landscape'>\n\t\t\t\t<a href='https:\/\/www.arquimaster.com.ar\/web\/wp-content\/uploads\/2024\/09\/m341_19.jpg' title=\"Vivienda M341 \/ otro estudio [oficina de arquitectos] (\u00a9 Ramiro Sosa)\" data-rl_title=\"Vivienda M341 \/ otro estudio [oficina de arquitectos] (\u00a9 Ramiro Sosa)\" class=\"rl-gallery-link\" data-rl_caption=\"Vivienda M341 \/ otro estudio [oficina de arquitectos] (\u00a9 Ramiro Sosa)\" data-rel=\"lightbox-gallery-1\"><img loading=\"lazy\" decoding=\"async\" width=\"150\" height=\"150\" src=\"https:\/\/www.arquimaster.com.ar\/web\/wp-content\/uploads\/2024\/09\/m341_19-150x150.jpg\" class=\"attachment-thumbnail size-thumbnail\" alt=\"Vivienda M341 \/ otro estudio [oficina de arquitectos]\" aria-describedby=\"gallery-1-80486\" \/><\/a>\n\t\t\t<\/div>\n\t\t\t\t<figcaption class='wp-caption-text gallery-caption' id='gallery-1-80486'>\n\t\t\t\tVivienda M341 \/ otro estudio [oficina de arquitectos] (\u00a9 Ramiro Sosa)\n\t\t\t\t<\/figcaption><\/figure><figure class='gallery-item'>\n\t\t\t<div class='gallery-icon portrait'>\n\t\t\t\t<a href='https:\/\/www.arquimaster.com.ar\/web\/wp-content\/uploads\/2024\/09\/m341_20.jpg' title=\"Vivienda M341 \/ otro estudio [oficina de arquitectos] (\u00a9 Ramiro Sosa)\" data-rl_title=\"Vivienda M341 \/ otro estudio [oficina de arquitectos] (\u00a9 Ramiro Sosa)\" class=\"rl-gallery-link\" data-rl_caption=\"Vivienda M341 \/ otro estudio [oficina de arquitectos] (\u00a9 Ramiro Sosa)\" data-rel=\"lightbox-gallery-1\"><img loading=\"lazy\" decoding=\"async\" width=\"150\" height=\"150\" src=\"https:\/\/www.arquimaster.com.ar\/web\/wp-content\/uploads\/2024\/09\/m341_20-150x150.jpg\" class=\"attachment-thumbnail size-thumbnail\" alt=\"Vivienda M341 \/ otro estudio [oficina de arquitectos]\" aria-describedby=\"gallery-1-80487\" \/><\/a>\n\t\t\t<\/div>\n\t\t\t\t<figcaption class='wp-caption-text gallery-caption' id='gallery-1-80487'>\n\t\t\t\tVivienda M341 \/ otro estudio [oficina de arquitectos] (\u00a9 Ramiro Sosa)\n\t\t\t\t<\/figcaption><\/figure><figure class='gallery-item'>\n\t\t\t<div class='gallery-icon portrait'>\n\t\t\t\t<a href='https:\/\/www.arquimaster.com.ar\/web\/wp-content\/uploads\/2024\/09\/m341_21.jpg' title=\"Vivienda M341 \/ otro estudio [oficina de arquitectos] (\u00a9 Ramiro Sosa)\" data-rl_title=\"Vivienda M341 \/ otro estudio [oficina de arquitectos] (\u00a9 Ramiro Sosa)\" class=\"rl-gallery-link\" data-rl_caption=\"Vivienda M341 \/ otro estudio [oficina de arquitectos] (\u00a9 Ramiro Sosa)\" data-rel=\"lightbox-gallery-1\"><img loading=\"lazy\" decoding=\"async\" width=\"150\" height=\"150\" src=\"https:\/\/www.arquimaster.com.ar\/web\/wp-content\/uploads\/2024\/09\/m341_21-150x150.jpg\" class=\"attachment-thumbnail size-thumbnail\" alt=\"Vivienda M341 \/ otro estudio [oficina de arquitectos]\" aria-describedby=\"gallery-1-80488\" \/><\/a>\n\t\t\t<\/div>\n\t\t\t\t<figcaption class='wp-caption-text gallery-caption' id='gallery-1-80488'>\n\t\t\t\tVivienda M341 \/ otro estudio [oficina de arquitectos] (\u00a9 Ramiro Sosa)\n\t\t\t\t<\/figcaption><\/figure><figure class='gallery-item'>\n\t\t\t<div class='gallery-icon landscape'>\n\t\t\t\t<a href='https:\/\/www.arquimaster.com.ar\/web\/wp-content\/uploads\/2024\/09\/m341_22.jpg' title=\"Vivienda M341 \/ otro estudio [oficina de arquitectos] (\u00a9 Ramiro Sosa)\" data-rl_title=\"Vivienda M341 \/ otro estudio [oficina de arquitectos] (\u00a9 Ramiro Sosa)\" class=\"rl-gallery-link\" data-rl_caption=\"Vivienda M341 \/ otro estudio [oficina de arquitectos] (\u00a9 Ramiro Sosa)\" data-rel=\"lightbox-gallery-1\"><img loading=\"lazy\" decoding=\"async\" width=\"150\" height=\"150\" src=\"https:\/\/www.arquimaster.com.ar\/web\/wp-content\/uploads\/2024\/09\/m341_22-150x150.jpg\" class=\"attachment-thumbnail size-thumbnail\" alt=\"Vivienda M341 \/ otro estudio [oficina de arquitectos]\" aria-describedby=\"gallery-1-80489\" \/><\/a>\n\t\t\t<\/div>\n\t\t\t\t<figcaption class='wp-caption-text gallery-caption' id='gallery-1-80489'>\n\t\t\t\tVivienda M341 \/ otro estudio [oficina de arquitectos] (\u00a9 Ramiro Sosa)\n\t\t\t\t<\/figcaption><\/figure><figure class='gallery-item'>\n\t\t\t<div class='gallery-icon portrait'>\n\t\t\t\t<a href='https:\/\/www.arquimaster.com.ar\/web\/wp-content\/uploads\/2024\/09\/m341_23.jpg' title=\"Vivienda M341 \/ otro estudio [oficina de arquitectos] (\u00a9 Ramiro Sosa)\" data-rl_title=\"Vivienda M341 \/ otro estudio [oficina de arquitectos] (\u00a9 Ramiro Sosa)\" class=\"rl-gallery-link\" data-rl_caption=\"Vivienda M341 \/ otro estudio [oficina de arquitectos] (\u00a9 Ramiro Sosa)\" data-rel=\"lightbox-gallery-1\"><img loading=\"lazy\" decoding=\"async\" width=\"150\" height=\"150\" src=\"https:\/\/www.arquimaster.com.ar\/web\/wp-content\/uploads\/2024\/09\/m341_23-150x150.jpg\" class=\"attachment-thumbnail size-thumbnail\" alt=\"Vivienda M341 \/ otro estudio [oficina de arquitectos]\" aria-describedby=\"gallery-1-80490\" \/><\/a>\n\t\t\t<\/div>\n\t\t\t\t<figcaption class='wp-caption-text gallery-caption' id='gallery-1-80490'>\n\t\t\t\tVivienda M341 \/ otro estudio [oficina de arquitectos] (\u00a9 Ramiro Sosa)\n\t\t\t\t<\/figcaption><\/figure><figure class='gallery-item'>\n\t\t\t<div class='gallery-icon portrait'>\n\t\t\t\t<a href='https:\/\/www.arquimaster.com.ar\/web\/wp-content\/uploads\/2024\/09\/m341_24.jpg' title=\"Vivienda M341 \/ otro estudio [oficina de arquitectos] (\u00a9 Ramiro Sosa)\" data-rl_title=\"Vivienda M341 \/ otro estudio [oficina de arquitectos] (\u00a9 Ramiro Sosa)\" class=\"rl-gallery-link\" data-rl_caption=\"Vivienda M341 \/ otro estudio [oficina de arquitectos] (\u00a9 Ramiro Sosa)\" data-rel=\"lightbox-gallery-1\"><img loading=\"lazy\" decoding=\"async\" width=\"150\" height=\"150\" src=\"https:\/\/www.arquimaster.com.ar\/web\/wp-content\/uploads\/2024\/09\/m341_24-150x150.jpg\" class=\"attachment-thumbnail size-thumbnail\" alt=\"Vivienda M341 \/ otro estudio [oficina de arquitectos]\" aria-describedby=\"gallery-1-80491\" \/><\/a>\n\t\t\t<\/div>\n\t\t\t\t<figcaption class='wp-caption-text gallery-caption' id='gallery-1-80491'>\n\t\t\t\tVivienda M341 \/ otro estudio [oficina de arquitectos] (\u00a9 Ramiro Sosa)\n\t\t\t\t<\/figcaption><\/figure><figure class='gallery-item'>\n\t\t\t<div class='gallery-icon portrait'>\n\t\t\t\t<a href='https:\/\/www.arquimaster.com.ar\/web\/wp-content\/uploads\/2024\/09\/m341_25.jpg' title=\"Vivienda M341 \/ otro estudio [oficina de arquitectos] (planta baja)\" data-rl_title=\"Vivienda M341 \/ otro estudio [oficina de arquitectos] (planta baja)\" class=\"rl-gallery-link\" data-rl_caption=\"Vivienda M341 \/ otro estudio [oficina de arquitectos] (planta baja)\" data-rel=\"lightbox-gallery-1\"><img loading=\"lazy\" decoding=\"async\" width=\"150\" height=\"150\" src=\"https:\/\/www.arquimaster.com.ar\/web\/wp-content\/uploads\/2024\/09\/m341_25-150x150.jpg\" class=\"attachment-thumbnail size-thumbnail\" alt=\"Vivienda M341 \/ otro estudio [oficina de arquitectos]\" aria-describedby=\"gallery-1-80492\" \/><\/a>\n\t\t\t<\/div>\n\t\t\t\t<figcaption class='wp-caption-text gallery-caption' id='gallery-1-80492'>\n\t\t\t\tVivienda M341 \/ otro estudio [oficina de arquitectos] (planta baja)\n\t\t\t\t<\/figcaption><\/figure><figure class='gallery-item'>\n\t\t\t<div class='gallery-icon portrait'>\n\t\t\t\t<a href='https:\/\/www.arquimaster.com.ar\/web\/wp-content\/uploads\/2024\/09\/m341_26.jpg' title=\"Vivienda M341 \/ otro estudio [oficina de arquitectos] (planta alta)\" data-rl_title=\"Vivienda M341 \/ otro estudio [oficina de arquitectos] (planta alta)\" class=\"rl-gallery-link\" data-rl_caption=\"Vivienda M341 \/ otro estudio [oficina de arquitectos] (planta alta)\" data-rel=\"lightbox-gallery-1\"><img loading=\"lazy\" decoding=\"async\" width=\"150\" height=\"150\" src=\"https:\/\/www.arquimaster.com.ar\/web\/wp-content\/uploads\/2024\/09\/m341_26-150x150.jpg\" class=\"attachment-thumbnail size-thumbnail\" alt=\"Vivienda M341 \/ otro estudio [oficina de arquitectos]\" aria-describedby=\"gallery-1-80493\" \/><\/a>\n\t\t\t<\/div>\n\t\t\t\t<figcaption class='wp-caption-text gallery-caption' id='gallery-1-80493'>\n\t\t\t\tVivienda M341 \/ otro estudio [oficina de arquitectos] (planta alta)\n\t\t\t\t<\/figcaption><\/figure><figure class='gallery-item'>\n\t\t\t<div class='gallery-icon portrait'>\n\t\t\t\t<a href='https:\/\/www.arquimaster.com.ar\/web\/wp-content\/uploads\/2024\/09\/m341_27.jpg' title=\"Vivienda M341 \/ otro estudio [oficina de arquitectos] (planta de techos)\" data-rl_title=\"Vivienda M341 \/ otro estudio [oficina de arquitectos] (planta de techos)\" class=\"rl-gallery-link\" data-rl_caption=\"Vivienda M341 \/ otro estudio [oficina de arquitectos] (planta de techos)\" data-rel=\"lightbox-gallery-1\"><img loading=\"lazy\" decoding=\"async\" width=\"150\" height=\"150\" src=\"https:\/\/www.arquimaster.com.ar\/web\/wp-content\/uploads\/2024\/09\/m341_27-150x150.jpg\" class=\"attachment-thumbnail size-thumbnail\" alt=\"Vivienda M341 \/ otro estudio [oficina de arquitectos]\" aria-describedby=\"gallery-1-80494\" \/><\/a>\n\t\t\t<\/div>\n\t\t\t\t<figcaption class='wp-caption-text gallery-caption' id='gallery-1-80494'>\n\t\t\t\tVivienda M341 \/ otro estudio [oficina de arquitectos] (planta de techos)\n\t\t\t\t<\/figcaption><\/figure><figure class='gallery-item'>\n\t\t\t<div class='gallery-icon landscape'>\n\t\t\t\t<a href='https:\/\/www.arquimaster.com.ar\/web\/wp-content\/uploads\/2024\/09\/m341_28.jpg' title=\"Vivienda M341 \/ otro estudio [oficina de arquitectos] (corte)\" data-rl_title=\"Vivienda M341 \/ otro estudio [oficina de arquitectos] (corte)\" class=\"rl-gallery-link\" data-rl_caption=\"Vivienda M341 \/ otro estudio [oficina de arquitectos] (corte)\" data-rel=\"lightbox-gallery-1\"><img loading=\"lazy\" decoding=\"async\" width=\"150\" height=\"150\" src=\"https:\/\/www.arquimaster.com.ar\/web\/wp-content\/uploads\/2024\/09\/m341_28-150x150.jpg\" class=\"attachment-thumbnail size-thumbnail\" alt=\"Vivienda M341 \/ otro estudio [oficina de arquitectos]\" aria-describedby=\"gallery-1-80495\" \/><\/a>\n\t\t\t<\/div>\n\t\t\t\t<figcaption class='wp-caption-text gallery-caption' id='gallery-1-80495'>\n\t\t\t\tVivienda M341 \/ otro estudio [oficina de arquitectos] (corte)\n\t\t\t\t<\/figcaption><\/figure><figure class='gallery-item'>\n\t\t\t<div class='gallery-icon landscape'>\n\t\t\t\t<a href='https:\/\/www.arquimaster.com.ar\/web\/wp-content\/uploads\/2024\/09\/m341_29.jpg' title=\"Vivienda M341 \/ otro estudio [oficina de arquitectos] (corte)\" data-rl_title=\"Vivienda M341 \/ otro estudio [oficina de arquitectos] (corte)\" class=\"rl-gallery-link\" data-rl_caption=\"Vivienda M341 \/ otro estudio [oficina de arquitectos] (corte)\" data-rel=\"lightbox-gallery-1\"><img loading=\"lazy\" decoding=\"async\" width=\"150\" height=\"150\" src=\"https:\/\/www.arquimaster.com.ar\/web\/wp-content\/uploads\/2024\/09\/m341_29-150x150.jpg\" class=\"attachment-thumbnail size-thumbnail\" alt=\"Vivienda M341 \/ otro estudio [oficina de arquitectos]\" aria-describedby=\"gallery-1-80496\" \/><\/a>\n\t\t\t<\/div>\n\t\t\t\t<figcaption class='wp-caption-text gallery-caption' id='gallery-1-80496'>\n\t\t\t\tVivienda M341 \/ otro estudio [oficina de arquitectos] (corte)\n\t\t\t\t<\/figcaption><\/figure><figure class='gallery-item'>\n\t\t\t<div class='gallery-icon landscape'>\n\t\t\t\t<a href='https:\/\/www.arquimaster.com.ar\/web\/wp-content\/uploads\/2024\/09\/m341_30.jpg' title=\"Vivienda M341 \/ otro estudio [oficina de arquitectos] (corte)\" data-rl_title=\"Vivienda M341 \/ otro estudio [oficina de arquitectos] (corte)\" class=\"rl-gallery-link\" data-rl_caption=\"Vivienda M341 \/ otro estudio [oficina de arquitectos] (corte)\" data-rel=\"lightbox-gallery-1\"><img loading=\"lazy\" decoding=\"async\" width=\"150\" height=\"150\" src=\"https:\/\/www.arquimaster.com.ar\/web\/wp-content\/uploads\/2024\/09\/m341_30-150x150.jpg\" class=\"attachment-thumbnail size-thumbnail\" alt=\"Vivienda M341 \/ otro estudio [oficina de arquitectos]\" aria-describedby=\"gallery-1-80497\" \/><\/a>\n\t\t\t<\/div>\n\t\t\t\t<figcaption class='wp-caption-text gallery-caption' id='gallery-1-80497'>\n\t\t\t\tVivienda M341 \/ otro estudio [oficina de arquitectos] (corte)\n\t\t\t\t<\/figcaption><\/figure><figure class='gallery-item'>\n\t\t\t<div class='gallery-icon landscape'>\n\t\t\t\t<a href='https:\/\/www.arquimaster.com.ar\/web\/wp-content\/uploads\/2024\/09\/m341_31.jpg' title=\"Vivienda M341 \/ otro estudio [oficina de arquitectos] (vista)\" data-rl_title=\"Vivienda M341 \/ otro estudio [oficina de arquitectos] (vista)\" class=\"rl-gallery-link\" data-rl_caption=\"Vivienda M341 \/ otro estudio [oficina de arquitectos] (vista)\" data-rel=\"lightbox-gallery-1\"><img loading=\"lazy\" decoding=\"async\" width=\"150\" height=\"150\" src=\"https:\/\/www.arquimaster.com.ar\/web\/wp-content\/uploads\/2024\/09\/m341_31-150x150.jpg\" class=\"attachment-thumbnail size-thumbnail\" alt=\"Vivienda M341 \/ otro estudio [oficina de arquitectos]\" aria-describedby=\"gallery-1-80498\" \/><\/a>\n\t\t\t<\/div>\n\t\t\t\t<figcaption class='wp-caption-text gallery-caption' id='gallery-1-80498'>\n\t\t\t\tVivienda M341 \/ otro estudio [oficina de arquitectos] (vista)\n\t\t\t\t<\/figcaption><\/figure><figure class='gallery-item'>\n\t\t\t<div class='gallery-icon landscape'>\n\t\t\t\t<a href='https:\/\/www.arquimaster.com.ar\/web\/wp-content\/uploads\/2024\/09\/m341_32.jpg' title=\"Vivienda M341 \/ otro estudio [oficina de arquitectos] (vista)\" data-rl_title=\"Vivienda M341 \/ otro estudio [oficina de arquitectos] (vista)\" class=\"rl-gallery-link\" data-rl_caption=\"Vivienda M341 \/ otro estudio [oficina de arquitectos] (vista)\" data-rel=\"lightbox-gallery-1\"><img loading=\"lazy\" decoding=\"async\" width=\"150\" height=\"150\" src=\"https:\/\/www.arquimaster.com.ar\/web\/wp-content\/uploads\/2024\/09\/m341_32-150x150.jpg\" class=\"attachment-thumbnail size-thumbnail\" alt=\"Vivienda M341 \/ otro estudio [oficina de arquitectos]\" aria-describedby=\"gallery-1-80499\" \/><\/a>\n\t\t\t<\/div>\n\t\t\t\t<figcaption class='wp-caption-text gallery-caption' id='gallery-1-80499'>\n\t\t\t\tVivienda M341 \/ otro estudio [oficina de arquitectos] (vista)\n\t\t\t\t<\/figcaption><\/figure><figure class='gallery-item'>\n\t\t\t<div class='gallery-icon landscape'>\n\t\t\t\t<a href='https:\/\/www.arquimaster.com.ar\/web\/wp-content\/uploads\/2024\/09\/m341_33.jpg' title=\"Vivienda M341 \/ otro estudio [oficina de arquitectos] (axonometria)\" data-rl_title=\"Vivienda M341 \/ otro estudio [oficina de arquitectos] (axonometria)\" class=\"rl-gallery-link\" data-rl_caption=\"Vivienda M341 \/ otro estudio [oficina de arquitectos] (axonometria)\" data-rel=\"lightbox-gallery-1\"><img loading=\"lazy\" decoding=\"async\" width=\"150\" height=\"150\" src=\"https:\/\/www.arquimaster.com.ar\/web\/wp-content\/uploads\/2024\/09\/m341_33-150x150.jpg\" class=\"attachment-thumbnail size-thumbnail\" alt=\"Vivienda M341 \/ otro estudio [oficina de arquitectos]\" aria-describedby=\"gallery-1-80500\" \/><\/a>\n\t\t\t<\/div>\n\t\t\t\t<figcaption class='wp-caption-text gallery-caption' id='gallery-1-80500'>\n\t\t\t\tVivienda M341 \/ otro estudio [oficina de arquitectos] (axonometria)\n\t\t\t\t<\/figcaption><\/figure>\n\t\t<\/div>\n\n<p>Partiendo de un lote tradicional de 345 m2 entre medianeras, un programa deseado y la idea de una superficie a no exceder con la construcci\u00f3n a realizar, se estructura un proyecto en dos plantas. En este sentido se afecta la planta baja enteramente al \u00e1rea social, conformada por un estudio para el desarrollo eventual de home working, un estar-comedor integrado al sector de cocina, galer\u00eda y asador y los servicios. La planta alta aloja las estancias privadas, los servicios y la expansi\u00f3n de las mismas.<\/p>\n<p>Estos elementos program\u00e1ticos se estructuran en relaci\u00f3n a dos planos. Uno horizontal, que divide planta alta de planta baja y consecuentemente \u00e1reas sociales y privadas como se ha descripto. Y un plano vertical que lo constituye el espacio de escalera, que adem\u00e1s de vincular ambas plantas organiza en el piso inferior, hacia un lado, el \u00e1rea social y los servicios asociados al ingreso y el funcionamiento general de la casa y hacia el otro aquellos espacios que se abren al patio a trav\u00e9s de la galer\u00eda.<\/p>\n<p>Mientras en el primer piso ordena hacia la fachada los dormitorios de los hijos, vinculados visualmente al parque frente a ellos (planteo original del estudio de paisajismo Carlos Thays) y hacia la contrafachada el dormitorio principal y la terraza de expansi\u00f3n de esta \u00e1rea.<\/p>\n<p>La organizaci\u00f3n espacial descripta tiene su expresi\u00f3n morfol\u00f3gica en un volumen compacto sobre el que se opera un sutil desfasaje de la planta alta hacia el frente generando la protecci\u00f3n del ingreso y otro desplazamiento hacia el este, configurando el n\u00facleo de servicios lavadero-cocina-asador.<\/p>\n<p>Materialmente se recurre a un elenco reducido de materiales que responden a criterios de durabilidad, expresividad y calidez. En este sentido, la elecci\u00f3n del ladrillo visto como material predominante, se inspira en la rica tradici\u00f3n constructiva de la regi\u00f3n, sus valores est\u00e9ticos, su bajo mantenimiento y la modulaci\u00f3n que permite la exploraci\u00f3n combinatoria de sus piezas.<\/p>\n<p>Esta \u00faltima cualidad ha permitido operar de manera expresiva generando filtros, de gradiente variable, en la piel exterior colindante a ambientes privados; as\u00ed como texturas que producen vibraciones en la fachada.<\/p>\n<p>Consecuentemente con las manipulaciones morfol\u00f3gicas que definen a la vivienda y sus espacialidades, la piel de ladrillos envuelve un volumen que gravita sobre un basamento neutro y oscuro, sobre el que aparece suspendido con algunas transgresiones hacia el soporte del terreno.<\/p>\n<p>Las aperturas de la caja muraria no solo vienen a ofrecer un recorte del paisaje pr\u00f3ximo sino que atienden a criterios lum\u00ednicos. En tal sentido, la b\u00fasqueda del aprovechamiento y la incorporaci\u00f3n de la luz natural en todos los ambientes ha sido importante en la consecuci\u00f3n de espacios confortables y acogedores a trav\u00e9s del paso de las estaciones.<\/p>\n<p>Para ello, se recurre a filtros que devuelven luz tamizada sobre muros y espacios, un lucernario operable que conduce rayos al interior del estar produciendo efectos lum\u00ednicos din\u00e1micos y evocadores, a la vez que completa estrategias pasivas de acondicionamiento t\u00e9rmico.<\/p>\n\n\n<div style=\"height:20px\" aria-hidden=\"true\" class=\"wp-block-spacer\"><\/div>\n\n\n\n<p class=\"has-background\" style=\"background-color:#eaeaea\"><strong>Ficha t\u00e9cnica<\/strong><br>Nombre: Vivienda M341<br>Ubicaci\u00f3n: A. Fleming 341, Rafaela, Pcia. de Santa Fe, Argentina<br>Arquitectos: otro estudio [oficina de arquitectos] (Arq. Pedro Frund, Arq. Cristian Perret, Arq. Mauro Williner)<br>C\u00e1lculo estructural: Ing. Hern\u00e1n Paravano<br>Superficie terreno: 345,04 m2<br>Superficie cubierta: 128,45 m2<br>Superficie semicubierta: 42,25 m2<br>A\u00f1o de proyecto: 2018<br>A\u00f1o de construcci\u00f3n: 2019-2022<br>Colaboraci\u00f3n piezas gr\u00e1ficas: Tom\u00e1s Sola<br>Fotograf\u00edas: Ramiro Sosa<\/p>\n\n\n\n<div style=\"height:40px\" aria-hidden=\"true\" class=\"wp-block-spacer\"><\/div>\n\n<div style=\"font-size: 0px; height: 0px; line-height: 0px; margin: 0; padding: 0; clear: both;\"><\/div><div style=\"margin-top: 0px; margin-bottom: 0px;\" class=\"sharethis-inline-share-buttons\" ><\/div>","protected":false},"excerpt":{"rendered":"<p>La elecci\u00f3n del ladrillo visto como material predominante se inspira en la rica tradici\u00f3n constructiva&#8230;<\/p>\n","protected":false},"author":1,"featured_media":80467,"comment_status":"closed","ping_status":"closed","sticky":false,"template":"","format":"standard","meta":{"_uag_custom_page_level_css":"","footnotes":""},"categories":[1,83],"tags":[14,6814,6815,7204,6813,3281,29,254],"class_list":["post-80466","post","type-post","status-publish","format-standard","has-post-thumbnail","hentry","category-proyecto","category-vivienda-unifamiliar","tag-argentina","tag-cristian-perret","tag-mauro-williner","tag-otro-estudio-oficina-de-arquitectos","tag-pedro-frund","tag-rafaela","tag-santa-fe","tag-vivienda-unifamiliar-2","generate-columns","tablet-grid-50","mobile-grid-100","grid-parent","grid-50"],"yoast_head":"<!-- This site is optimized with the Yoast SEO plugin v27.3 - https:\/\/yoast.com\/product\/yoast-seo-wordpress\/ -->\n<title>Vivienda M341 \/ otro estudio [oficina de arquitectos] - Arquimaster<\/title>\n<meta name=\"description\" content=\"La elecci\u00f3n del ladrillo visto como material predominante se inspira en la rica tradici\u00f3n constructiva de la regi\u00f3n, sus valores est\u00e9ticos, su bajo mantenimiento y la modulaci\u00f3n que permite la exploraci\u00f3n combinatoria de sus piezas.\" \/>\n<meta name=\"robots\" content=\"index, follow, max-snippet:-1, max-image-preview:large, max-video-preview:-1\" \/>\n<link rel=\"canonical\" href=\"https:\/\/www.arquimaster.com.ar\/web\/vivienda-m341-otro-estudio-oficina-de-arquitectos\/\" \/>\n<meta property=\"og:locale\" content=\"es_ES\" \/>\n<meta property=\"og:type\" content=\"article\" \/>\n<meta property=\"og:title\" content=\"Vivienda M341 \/ otro estudio [oficina de arquitectos]\" \/>\n<meta property=\"og:description\" content=\"La elecci\u00f3n del ladrillo visto como material predominante se inspira en la rica tradici\u00f3n constructiva de la regi\u00f3n, sus valores est\u00e9ticos, su bajo mantenimiento y la modulaci\u00f3n que permite la exploraci\u00f3n combinatoria de sus piezas.\" \/>\n<meta property=\"og:url\" content=\"https:\/\/www.arquimaster.com.ar\/web\/vivienda-m341-otro-estudio-oficina-de-arquitectos\/\" \/>\n<meta property=\"og:site_name\" content=\"Arquimaster\" \/>\n<meta property=\"article:publisher\" content=\"http:\/\/www.facebook.com\/ARQUIMASTER.com.ar\" \/>\n<meta property=\"article:published_time\" content=\"2024-09-17T16:17:17+00:00\" \/>\n<meta property=\"article:modified_time\" content=\"2024-10-16T14:41:53+00:00\" \/>\n<meta property=\"og:image\" content=\"https:\/\/www.arquimaster.com.ar\/web\/wp-content\/uploads\/2024\/09\/m341_slide.jpg\" \/>\n\t<meta property=\"og:image:width\" content=\"698\" \/>\n\t<meta property=\"og:image:height\" content=\"364\" \/>\n\t<meta property=\"og:image:type\" content=\"image\/jpeg\" \/>\n<meta name=\"author\" content=\"Arquimaster\" \/>\n<meta name=\"twitter:card\" content=\"summary_large_image\" \/>\n<meta name=\"twitter:title\" content=\"Vivienda M341 \/ otro estudio [oficina de arquitectos]\" \/>\n<meta name=\"twitter:description\" content=\"La elecci\u00f3n del ladrillo visto como material predominante se inspira en la rica tradici\u00f3n constructiva de la regi\u00f3n, sus valores est\u00e9ticos, su bajo mantenimiento y la modulaci\u00f3n que permite la exploraci\u00f3n combinatoria de sus piezas.\" \/>\n<meta name=\"twitter:image\" content=\"https:\/\/www.arquimaster.com.ar\/web\/wp-content\/uploads\/2024\/09\/m341_slide.jpg\" \/>\n<meta name=\"twitter:creator\" content=\"@arquimaster\" \/>\n<meta name=\"twitter:site\" content=\"@arquimaster\" \/>\n<meta name=\"twitter:label1\" content=\"Escrito por\" \/>\n\t<meta name=\"twitter:data1\" content=\"Arquimaster\" \/>\n\t<meta name=\"twitter:label2\" content=\"Tiempo de lectura\" \/>\n\t<meta name=\"twitter:data2\" content=\"4 minutos\" \/>\n<script type=\"application\/ld+json\" class=\"yoast-schema-graph\">{\"@context\":\"https:\\\/\\\/schema.org\",\"@graph\":[{\"@type\":\"Article\",\"@id\":\"https:\\\/\\\/www.arquimaster.com.ar\\\/web\\\/vivienda-m341-otro-estudio-oficina-de-arquitectos\\\/#article\",\"isPartOf\":{\"@id\":\"https:\\\/\\\/www.arquimaster.com.ar\\\/web\\\/vivienda-m341-otro-estudio-oficina-de-arquitectos\\\/\"},\"author\":{\"name\":\"Arquimaster\",\"@id\":\"https:\\\/\\\/www.arquimaster.com.ar\\\/web\\\/#\\\/schema\\\/person\\\/359e9f7c00193fcde068e0dd2ceb0028\"},\"headline\":\"Vivienda M341 \\\/ otro estudio [oficina de arquitectos]\",\"datePublished\":\"2024-09-17T16:17:17+00:00\",\"dateModified\":\"2024-10-16T14:41:53+00:00\",\"mainEntityOfPage\":{\"@id\":\"https:\\\/\\\/www.arquimaster.com.ar\\\/web\\\/vivienda-m341-otro-estudio-oficina-de-arquitectos\\\/\"},\"wordCount\":671,\"publisher\":{\"@id\":\"https:\\\/\\\/www.arquimaster.com.ar\\\/web\\\/#organization\"},\"image\":{\"@id\":\"https:\\\/\\\/www.arquimaster.com.ar\\\/web\\\/vivienda-m341-otro-estudio-oficina-de-arquitectos\\\/#primaryimage\"},\"thumbnailUrl\":\"https:\\\/\\\/www.arquimaster.com.ar\\\/web\\\/wp-content\\\/uploads\\\/2024\\\/09\\\/m341_slide.jpg\",\"keywords\":[\"Argentina\",\"Cristian Perret\",\"Mauro Williner\",\"otro estudio [oficina de arquitectos]\",\"Pedro Frund\",\"Rafaela\",\"Santa Fe\",\"vivienda unifamiliar\"],\"articleSection\":[\"Proyecto\",\"Vivienda unifamiliar y PH\"],\"inLanguage\":\"es\"},{\"@type\":\"WebPage\",\"@id\":\"https:\\\/\\\/www.arquimaster.com.ar\\\/web\\\/vivienda-m341-otro-estudio-oficina-de-arquitectos\\\/\",\"url\":\"https:\\\/\\\/www.arquimaster.com.ar\\\/web\\\/vivienda-m341-otro-estudio-oficina-de-arquitectos\\\/\",\"name\":\"Vivienda M341 \\\/ otro estudio [oficina de arquitectos] - Arquimaster\",\"isPartOf\":{\"@id\":\"https:\\\/\\\/www.arquimaster.com.ar\\\/web\\\/#website\"},\"primaryImageOfPage\":{\"@id\":\"https:\\\/\\\/www.arquimaster.com.ar\\\/web\\\/vivienda-m341-otro-estudio-oficina-de-arquitectos\\\/#primaryimage\"},\"image\":{\"@id\":\"https:\\\/\\\/www.arquimaster.com.ar\\\/web\\\/vivienda-m341-otro-estudio-oficina-de-arquitectos\\\/#primaryimage\"},\"thumbnailUrl\":\"https:\\\/\\\/www.arquimaster.com.ar\\\/web\\\/wp-content\\\/uploads\\\/2024\\\/09\\\/m341_slide.jpg\",\"datePublished\":\"2024-09-17T16:17:17+00:00\",\"dateModified\":\"2024-10-16T14:41:53+00:00\",\"description\":\"La elecci\u00f3n del ladrillo visto como material predominante se inspira en la rica tradici\u00f3n constructiva de la regi\u00f3n, sus valores est\u00e9ticos, su bajo mantenimiento y la modulaci\u00f3n que permite la exploraci\u00f3n combinatoria de sus piezas.\",\"breadcrumb\":{\"@id\":\"https:\\\/\\\/www.arquimaster.com.ar\\\/web\\\/vivienda-m341-otro-estudio-oficina-de-arquitectos\\\/#breadcrumb\"},\"inLanguage\":\"es\",\"potentialAction\":[{\"@type\":\"ReadAction\",\"target\":[\"https:\\\/\\\/www.arquimaster.com.ar\\\/web\\\/vivienda-m341-otro-estudio-oficina-de-arquitectos\\\/\"]}]},{\"@type\":\"ImageObject\",\"inLanguage\":\"es\",\"@id\":\"https:\\\/\\\/www.arquimaster.com.ar\\\/web\\\/vivienda-m341-otro-estudio-oficina-de-arquitectos\\\/#primaryimage\",\"url\":\"https:\\\/\\\/www.arquimaster.com.ar\\\/web\\\/wp-content\\\/uploads\\\/2024\\\/09\\\/m341_slide.jpg\",\"contentUrl\":\"https:\\\/\\\/www.arquimaster.com.ar\\\/web\\\/wp-content\\\/uploads\\\/2024\\\/09\\\/m341_slide.jpg\",\"width\":698,\"height\":364,\"caption\":\"Vivienda M341 \\\/ otro estudio [oficina de arquitectos]\"},{\"@type\":\"BreadcrumbList\",\"@id\":\"https:\\\/\\\/www.arquimaster.com.ar\\\/web\\\/vivienda-m341-otro-estudio-oficina-de-arquitectos\\\/#breadcrumb\",\"itemListElement\":[{\"@type\":\"ListItem\",\"position\":1,\"name\":\"Portada\",\"item\":\"https:\\\/\\\/www.arquimaster.com.ar\\\/web\\\/\"},{\"@type\":\"ListItem\",\"position\":2,\"name\":\"Vivienda M341 \\\/ otro estudio [oficina de arquitectos]\"}]},{\"@type\":\"WebSite\",\"@id\":\"https:\\\/\\\/www.arquimaster.com.ar\\\/web\\\/#website\",\"url\":\"https:\\\/\\\/www.arquimaster.com.ar\\\/web\\\/\",\"name\":\"Arquimaster\",\"description\":\"Web de arquitectura, dise\u00f1o y construccion\",\"publisher\":{\"@id\":\"https:\\\/\\\/www.arquimaster.com.ar\\\/web\\\/#organization\"},\"potentialAction\":[{\"@type\":\"SearchAction\",\"target\":{\"@type\":\"EntryPoint\",\"urlTemplate\":\"https:\\\/\\\/www.arquimaster.com.ar\\\/web\\\/?s={search_term_string}\"},\"query-input\":{\"@type\":\"PropertyValueSpecification\",\"valueRequired\":true,\"valueName\":\"search_term_string\"}}],\"inLanguage\":\"es\"},{\"@type\":\"Organization\",\"@id\":\"https:\\\/\\\/www.arquimaster.com.ar\\\/web\\\/#organization\",\"name\":\"Arquimaster\",\"url\":\"https:\\\/\\\/www.arquimaster.com.ar\\\/web\\\/\",\"logo\":{\"@type\":\"ImageObject\",\"inLanguage\":\"es\",\"@id\":\"https:\\\/\\\/www.arquimaster.com.ar\\\/web\\\/#\\\/schema\\\/logo\\\/image\\\/\",\"url\":\"https:\\\/\\\/www.arquimaster.com.ar\\\/web\\\/wp-content\\\/uploads\\\/2022\\\/06\\\/arquimaster.png\",\"contentUrl\":\"https:\\\/\\\/www.arquimaster.com.ar\\\/web\\\/wp-content\\\/uploads\\\/2022\\\/06\\\/arquimaster.png\",\"width\":594,\"height\":78,\"caption\":\"Arquimaster\"},\"image\":{\"@id\":\"https:\\\/\\\/www.arquimaster.com.ar\\\/web\\\/#\\\/schema\\\/logo\\\/image\\\/\"},\"sameAs\":[\"http:\\\/\\\/www.facebook.com\\\/ARQUIMASTER.com.ar\",\"https:\\\/\\\/x.com\\\/arquimaster\",\"https:\\\/\\\/www.instagram.com\\\/arquimasterblog\\\/\",\"https:\\\/\\\/www.linkedin.com\\\/company\\\/arquimaster\",\"https:\\\/\\\/www.pinterest.com\\\/arquimaster\",\"https:\\\/\\\/t.me\\\/arquimaster\"]},{\"@type\":\"Person\",\"@id\":\"https:\\\/\\\/www.arquimaster.com.ar\\\/web\\\/#\\\/schema\\\/person\\\/359e9f7c00193fcde068e0dd2ceb0028\",\"name\":\"Arquimaster\"}]}<\/script>\n<!-- \/ Yoast SEO plugin. -->","yoast_head_json":{"title":"Vivienda M341 \/ otro estudio [oficina de arquitectos] - Arquimaster","description":"La elecci\u00f3n del ladrillo visto como material predominante se inspira en la rica tradici\u00f3n constructiva de la regi\u00f3n, sus valores est\u00e9ticos, su bajo mantenimiento y la modulaci\u00f3n que permite la exploraci\u00f3n combinatoria de sus piezas.","robots":{"index":"index","follow":"follow","max-snippet":"max-snippet:-1","max-image-preview":"max-image-preview:large","max-video-preview":"max-video-preview:-1"},"canonical":"https:\/\/www.arquimaster.com.ar\/web\/vivienda-m341-otro-estudio-oficina-de-arquitectos\/","og_locale":"es_ES","og_type":"article","og_title":"Vivienda M341 \/ otro estudio [oficina de arquitectos]","og_description":"La elecci\u00f3n del ladrillo visto como material predominante se inspira en la rica tradici\u00f3n constructiva de la regi\u00f3n, sus valores est\u00e9ticos, su bajo mantenimiento y la modulaci\u00f3n que permite la exploraci\u00f3n combinatoria de sus piezas.","og_url":"https:\/\/www.arquimaster.com.ar\/web\/vivienda-m341-otro-estudio-oficina-de-arquitectos\/","og_site_name":"Arquimaster","article_publisher":"http:\/\/www.facebook.com\/ARQUIMASTER.com.ar","article_published_time":"2024-09-17T16:17:17+00:00","article_modified_time":"2024-10-16T14:41:53+00:00","og_image":[{"width":698,"height":364,"url":"https:\/\/www.arquimaster.com.ar\/web\/wp-content\/uploads\/2024\/09\/m341_slide.jpg","type":"image\/jpeg"}],"author":"Arquimaster","twitter_card":"summary_large_image","twitter_title":"Vivienda M341 \/ otro estudio [oficina de arquitectos]","twitter_description":"La elecci\u00f3n del ladrillo visto como material predominante se inspira en la rica tradici\u00f3n constructiva de la regi\u00f3n, sus valores est\u00e9ticos, su bajo mantenimiento y la modulaci\u00f3n que permite la exploraci\u00f3n combinatoria de sus piezas.","twitter_image":"https:\/\/www.arquimaster.com.ar\/web\/wp-content\/uploads\/2024\/09\/m341_slide.jpg","twitter_creator":"@arquimaster","twitter_site":"@arquimaster","twitter_misc":{"Escrito por":"Arquimaster","Tiempo de lectura":"4 minutos"},"schema":{"@context":"https:\/\/schema.org","@graph":[{"@type":"Article","@id":"https:\/\/www.arquimaster.com.ar\/web\/vivienda-m341-otro-estudio-oficina-de-arquitectos\/#article","isPartOf":{"@id":"https:\/\/www.arquimaster.com.ar\/web\/vivienda-m341-otro-estudio-oficina-de-arquitectos\/"},"author":{"name":"Arquimaster","@id":"https:\/\/www.arquimaster.com.ar\/web\/#\/schema\/person\/359e9f7c00193fcde068e0dd2ceb0028"},"headline":"Vivienda M341 \/ otro estudio [oficina de arquitectos]","datePublished":"2024-09-17T16:17:17+00:00","dateModified":"2024-10-16T14:41:53+00:00","mainEntityOfPage":{"@id":"https:\/\/www.arquimaster.com.ar\/web\/vivienda-m341-otro-estudio-oficina-de-arquitectos\/"},"wordCount":671,"publisher":{"@id":"https:\/\/www.arquimaster.com.ar\/web\/#organization"},"image":{"@id":"https:\/\/www.arquimaster.com.ar\/web\/vivienda-m341-otro-estudio-oficina-de-arquitectos\/#primaryimage"},"thumbnailUrl":"https:\/\/www.arquimaster.com.ar\/web\/wp-content\/uploads\/2024\/09\/m341_slide.jpg","keywords":["Argentina","Cristian Perret","Mauro Williner","otro estudio [oficina de arquitectos]","Pedro Frund","Rafaela","Santa Fe","vivienda unifamiliar"],"articleSection":["Proyecto","Vivienda unifamiliar y PH"],"inLanguage":"es"},{"@type":"WebPage","@id":"https:\/\/www.arquimaster.com.ar\/web\/vivienda-m341-otro-estudio-oficina-de-arquitectos\/","url":"https:\/\/www.arquimaster.com.ar\/web\/vivienda-m341-otro-estudio-oficina-de-arquitectos\/","name":"Vivienda M341 \/ otro estudio [oficina de arquitectos] - Arquimaster","isPartOf":{"@id":"https:\/\/www.arquimaster.com.ar\/web\/#website"},"primaryImageOfPage":{"@id":"https:\/\/www.arquimaster.com.ar\/web\/vivienda-m341-otro-estudio-oficina-de-arquitectos\/#primaryimage"},"image":{"@id":"https:\/\/www.arquimaster.com.ar\/web\/vivienda-m341-otro-estudio-oficina-de-arquitectos\/#primaryimage"},"thumbnailUrl":"https:\/\/www.arquimaster.com.ar\/web\/wp-content\/uploads\/2024\/09\/m341_slide.jpg","datePublished":"2024-09-17T16:17:17+00:00","dateModified":"2024-10-16T14:41:53+00:00","description":"La elecci\u00f3n del ladrillo visto como material predominante se inspira en la rica tradici\u00f3n constructiva de la regi\u00f3n, sus valores est\u00e9ticos, su bajo mantenimiento y la modulaci\u00f3n que permite la exploraci\u00f3n combinatoria de sus piezas.","breadcrumb":{"@id":"https:\/\/www.arquimaster.com.ar\/web\/vivienda-m341-otro-estudio-oficina-de-arquitectos\/#breadcrumb"},"inLanguage":"es","potentialAction":[{"@type":"ReadAction","target":["https:\/\/www.arquimaster.com.ar\/web\/vivienda-m341-otro-estudio-oficina-de-arquitectos\/"]}]},{"@type":"ImageObject","inLanguage":"es","@id":"https:\/\/www.arquimaster.com.ar\/web\/vivienda-m341-otro-estudio-oficina-de-arquitectos\/#primaryimage","url":"https:\/\/www.arquimaster.com.ar\/web\/wp-content\/uploads\/2024\/09\/m341_slide.jpg","contentUrl":"https:\/\/www.arquimaster.com.ar\/web\/wp-content\/uploads\/2024\/09\/m341_slide.jpg","width":698,"height":364,"caption":"Vivienda M341 \/ otro estudio [oficina de arquitectos]"},{"@type":"BreadcrumbList","@id":"https:\/\/www.arquimaster.com.ar\/web\/vivienda-m341-otro-estudio-oficina-de-arquitectos\/#breadcrumb","itemListElement":[{"@type":"ListItem","position":1,"name":"Portada","item":"https:\/\/www.arquimaster.com.ar\/web\/"},{"@type":"ListItem","position":2,"name":"Vivienda M341 \/ otro estudio [oficina de arquitectos]"}]},{"@type":"WebSite","@id":"https:\/\/www.arquimaster.com.ar\/web\/#website","url":"https:\/\/www.arquimaster.com.ar\/web\/","name":"Arquimaster","description":"Web de arquitectura, dise\u00f1o y construccion","publisher":{"@id":"https:\/\/www.arquimaster.com.ar\/web\/#organization"},"potentialAction":[{"@type":"SearchAction","target":{"@type":"EntryPoint","urlTemplate":"https:\/\/www.arquimaster.com.ar\/web\/?s={search_term_string}"},"query-input":{"@type":"PropertyValueSpecification","valueRequired":true,"valueName":"search_term_string"}}],"inLanguage":"es"},{"@type":"Organization","@id":"https:\/\/www.arquimaster.com.ar\/web\/#organization","name":"Arquimaster","url":"https:\/\/www.arquimaster.com.ar\/web\/","logo":{"@type":"ImageObject","inLanguage":"es","@id":"https:\/\/www.arquimaster.com.ar\/web\/#\/schema\/logo\/image\/","url":"https:\/\/www.arquimaster.com.ar\/web\/wp-content\/uploads\/2022\/06\/arquimaster.png","contentUrl":"https:\/\/www.arquimaster.com.ar\/web\/wp-content\/uploads\/2022\/06\/arquimaster.png","width":594,"height":78,"caption":"Arquimaster"},"image":{"@id":"https:\/\/www.arquimaster.com.ar\/web\/#\/schema\/logo\/image\/"},"sameAs":["http:\/\/www.facebook.com\/ARQUIMASTER.com.ar","https:\/\/x.com\/arquimaster","https:\/\/www.instagram.com\/arquimasterblog\/","https:\/\/www.linkedin.com\/company\/arquimaster","https:\/\/www.pinterest.com\/arquimaster","https:\/\/t.me\/arquimaster"]},{"@type":"Person","@id":"https:\/\/www.arquimaster.com.ar\/web\/#\/schema\/person\/359e9f7c00193fcde068e0dd2ceb0028","name":"Arquimaster"}]}},"uagb_featured_image_src":{"full":["https:\/\/www.arquimaster.com.ar\/web\/wp-content\/uploads\/2024\/09\/m341_slide.jpg",698,364,false],"thumbnail":["https:\/\/www.arquimaster.com.ar\/web\/wp-content\/uploads\/2024\/09\/m341_slide-150x150.jpg",150,150,true],"medium":["https:\/\/www.arquimaster.com.ar\/web\/wp-content\/uploads\/2024\/09\/m341_slide.jpg",698,364,false],"medium_large":["https:\/\/www.arquimaster.com.ar\/web\/wp-content\/uploads\/2024\/09\/m341_slide.jpg",698,364,false],"large":["https:\/\/www.arquimaster.com.ar\/web\/wp-content\/uploads\/2024\/09\/m341_slide.jpg",698,364,false],"1536x1536":["https:\/\/www.arquimaster.com.ar\/web\/wp-content\/uploads\/2024\/09\/m341_slide.jpg",698,364,false],"2048x2048":["https:\/\/www.arquimaster.com.ar\/web\/wp-content\/uploads\/2024\/09\/m341_slide.jpg",698,364,false]},"uagb_author_info":{"display_name":"Arquimaster","author_link":"https:\/\/www.arquimaster.com.ar\/web\/author\/arquimaster\/"},"uagb_comment_info":0,"uagb_excerpt":"La elecci\u00f3n del ladrillo visto como material predominante se inspira en la rica tradici\u00f3n constructiva...","_links":{"self":[{"href":"https:\/\/www.arquimaster.com.ar\/web\/wp-json\/wp\/v2\/posts\/80466","targetHints":{"allow":["GET"]}}],"collection":[{"href":"https:\/\/www.arquimaster.com.ar\/web\/wp-json\/wp\/v2\/posts"}],"about":[{"href":"https:\/\/www.arquimaster.com.ar\/web\/wp-json\/wp\/v2\/types\/post"}],"author":[{"embeddable":true,"href":"https:\/\/www.arquimaster.com.ar\/web\/wp-json\/wp\/v2\/users\/1"}],"replies":[{"embeddable":true,"href":"https:\/\/www.arquimaster.com.ar\/web\/wp-json\/wp\/v2\/comments?post=80466"}],"version-history":[{"count":3,"href":"https:\/\/www.arquimaster.com.ar\/web\/wp-json\/wp\/v2\/posts\/80466\/revisions"}],"predecessor-version":[{"id":80506,"href":"https:\/\/www.arquimaster.com.ar\/web\/wp-json\/wp\/v2\/posts\/80466\/revisions\/80506"}],"wp:featuredmedia":[{"embeddable":true,"href":"https:\/\/www.arquimaster.com.ar\/web\/wp-json\/wp\/v2\/media\/80467"}],"wp:attachment":[{"href":"https:\/\/www.arquimaster.com.ar\/web\/wp-json\/wp\/v2\/media?parent=80466"}],"wp:term":[{"taxonomy":"category","embeddable":true,"href":"https:\/\/www.arquimaster.com.ar\/web\/wp-json\/wp\/v2\/categories?post=80466"},{"taxonomy":"post_tag","embeddable":true,"href":"https:\/\/www.arquimaster.com.ar\/web\/wp-json\/wp\/v2\/tags?post=80466"}],"curies":[{"name":"wp","href":"https:\/\/api.w.org\/{rel}","templated":true}]}}