{"id":8064,"date":"2014-06-26T03:05:45","date_gmt":"2014-06-26T03:05:45","guid":{"rendered":"http:\/\/www.arquimaster.com.ar\/web\/?p=8064"},"modified":"2014-06-26T03:45:48","modified_gmt":"2014-06-26T03:45:48","slug":"casa-las-moras-lopez-duplan-arquitectos","status":"publish","type":"post","link":"https:\/\/www.arquimaster.com.ar\/web\/casa-las-moras-lopez-duplan-arquitectos\/","title":{"rendered":"Casa Las Moras \/ L\u00f3pez Duplan Arquitectos"},"content":{"rendered":"<div style=\"margin-top: 0px; margin-bottom: 0px;\" class=\"sharethis-inline-share-buttons\" ><\/div><div class=\"b812932af2e751442846f039925109de\" data-index=\"1\" style=\"float: none; margin:25px 0 25px 0; text-align:center;\">\n<script async src=\"https:\/\/pagead2.googlesyndication.com\/pagead\/js\/adsbygoogle.js\"><\/script>\r\n<!-- Arquimaster (superior) -->\r\n<ins class=\"adsbygoogle\"\r\n     style=\"display:block\"\r\n     data-ad-client=\"ca-pub-6351072698456832\"\r\n     data-ad-slot=\"6455489680\"\r\n     data-ad-format=\"auto\"\r\n     data-full-width-responsive=\"true\"><\/ins>\r\n<script>\r\n     (adsbygoogle = window.adsbygoogle || []).push({});\r\n<\/script>\n<\/div>\n<p><strong>Casa Las Moras<\/strong> (Mexico) por <strong>L\u00f3pez Duplan Arquitectos<\/strong>. Proyecto de renovacion de una casa de fin de semana que aprovecha las magnificas vistas hacia los jardines y el lago central.<\/p>\n<div id='gallery-1' class='gallery galleryid-8064 gallery-columns-3 gallery-size-thumbnail'><figure class='gallery-item'>\n\t\t\t<div class='gallery-icon landscape'>\n\t\t\t\t<a href='https:\/\/www.arquimaster.com.ar\/web\/wp-content\/uploads\/2014\/06\/casa_las_moras1.jpg' title=\"Casa Las Moras \/ L\u00f3pez Duplan Arquitectos (\u00a9 H\u00e9ctor Armando Herrera)\" data-rl_title=\"Casa Las Moras \/ L\u00f3pez Duplan Arquitectos (\u00a9 H\u00e9ctor Armando Herrera)\" class=\"rl-gallery-link\" data-rl_caption=\"Casa Las Moras \/ L\u00f3pez Duplan Arquitectos (\u00a9 H\u00e9ctor Armando Herrera)\" data-rel=\"lightbox-gallery-1\"><img loading=\"lazy\" decoding=\"async\" width=\"150\" height=\"150\" src=\"https:\/\/www.arquimaster.com.ar\/web\/wp-content\/uploads\/2014\/06\/casa_las_moras1-150x150.jpg\" class=\"attachment-thumbnail size-thumbnail\" alt=\"\" aria-describedby=\"gallery-1-8066\" srcset=\"https:\/\/www.arquimaster.com.ar\/web\/wp-content\/uploads\/2014\/06\/casa_las_moras1-150x150.jpg 150w, https:\/\/www.arquimaster.com.ar\/web\/wp-content\/uploads\/2014\/06\/casa_las_moras1-50x50.jpg 50w, https:\/\/www.arquimaster.com.ar\/web\/wp-content\/uploads\/2014\/06\/casa_las_moras1-125x125.jpg 125w\" sizes=\"auto, (max-width: 150px) 100vw, 150px\" \/><\/a>\n\t\t\t<\/div>\n\t\t\t\t<figcaption class='wp-caption-text gallery-caption' id='gallery-1-8066'>\n\t\t\t\tCasa Las Moras \/ L\u00f3pez Duplan Arquitectos (\u00a9 H\u00e9ctor Armando Herrera)\n\t\t\t\t<\/figcaption><\/figure><figure class='gallery-item'>\n\t\t\t<div class='gallery-icon landscape'>\n\t\t\t\t<a href='https:\/\/www.arquimaster.com.ar\/web\/wp-content\/uploads\/2014\/06\/casa_las_moras2.jpg' title=\"Casa Las Moras \/ L\u00f3pez Duplan Arquitectos (\u00a9 H\u00e9ctor Armando Herrera)\" data-rl_title=\"Casa Las Moras \/ L\u00f3pez Duplan Arquitectos (\u00a9 H\u00e9ctor Armando Herrera)\" class=\"rl-gallery-link\" data-rl_caption=\"Casa Las Moras \/ L\u00f3pez Duplan Arquitectos (\u00a9 H\u00e9ctor Armando Herrera)\" data-rel=\"lightbox-gallery-1\"><img loading=\"lazy\" decoding=\"async\" width=\"150\" height=\"150\" src=\"https:\/\/www.arquimaster.com.ar\/web\/wp-content\/uploads\/2014\/06\/casa_las_moras2-150x150.jpg\" class=\"attachment-thumbnail size-thumbnail\" alt=\"\" aria-describedby=\"gallery-1-8067\" srcset=\"https:\/\/www.arquimaster.com.ar\/web\/wp-content\/uploads\/2014\/06\/casa_las_moras2-150x150.jpg 150w, https:\/\/www.arquimaster.com.ar\/web\/wp-content\/uploads\/2014\/06\/casa_las_moras2-50x50.jpg 50w, https:\/\/www.arquimaster.com.ar\/web\/wp-content\/uploads\/2014\/06\/casa_las_moras2-125x125.jpg 125w\" sizes=\"auto, (max-width: 150px) 100vw, 150px\" \/><\/a>\n\t\t\t<\/div>\n\t\t\t\t<figcaption class='wp-caption-text gallery-caption' id='gallery-1-8067'>\n\t\t\t\tCasa Las Moras \/ L\u00f3pez Duplan Arquitectos (\u00a9 H\u00e9ctor Armando Herrera)\n\t\t\t\t<\/figcaption><\/figure><figure class='gallery-item'>\n\t\t\t<div class='gallery-icon landscape'>\n\t\t\t\t<a href='https:\/\/www.arquimaster.com.ar\/web\/wp-content\/uploads\/2014\/06\/casa_las_moras3.jpg' title=\"Casa Las Moras \/ L\u00f3pez Duplan Arquitectos (\u00a9 H\u00e9ctor Armando Herrera)\" data-rl_title=\"Casa Las Moras \/ L\u00f3pez Duplan Arquitectos (\u00a9 H\u00e9ctor Armando Herrera)\" class=\"rl-gallery-link\" data-rl_caption=\"Casa Las Moras \/ L\u00f3pez Duplan Arquitectos (\u00a9 H\u00e9ctor Armando Herrera)\" data-rel=\"lightbox-gallery-1\"><img loading=\"lazy\" decoding=\"async\" width=\"150\" height=\"150\" src=\"https:\/\/www.arquimaster.com.ar\/web\/wp-content\/uploads\/2014\/06\/casa_las_moras3-150x150.jpg\" class=\"attachment-thumbnail size-thumbnail\" alt=\"\" aria-describedby=\"gallery-1-8068\" srcset=\"https:\/\/www.arquimaster.com.ar\/web\/wp-content\/uploads\/2014\/06\/casa_las_moras3-150x150.jpg 150w, https:\/\/www.arquimaster.com.ar\/web\/wp-content\/uploads\/2014\/06\/casa_las_moras3-50x50.jpg 50w, https:\/\/www.arquimaster.com.ar\/web\/wp-content\/uploads\/2014\/06\/casa_las_moras3-125x125.jpg 125w\" sizes=\"auto, (max-width: 150px) 100vw, 150px\" \/><\/a>\n\t\t\t<\/div>\n\t\t\t\t<figcaption class='wp-caption-text gallery-caption' id='gallery-1-8068'>\n\t\t\t\tCasa Las Moras \/ L\u00f3pez Duplan Arquitectos (\u00a9 H\u00e9ctor Armando Herrera)\n\t\t\t\t<\/figcaption><\/figure><figure class='gallery-item'>\n\t\t\t<div class='gallery-icon landscape'>\n\t\t\t\t<a href='https:\/\/www.arquimaster.com.ar\/web\/wp-content\/uploads\/2014\/06\/casa_las_moras4.jpg' title=\"Casa Las Moras \/ L\u00f3pez Duplan Arquitectos (\u00a9 H\u00e9ctor Armando Herrera)\" data-rl_title=\"Casa Las Moras \/ L\u00f3pez Duplan Arquitectos (\u00a9 H\u00e9ctor Armando Herrera)\" class=\"rl-gallery-link\" data-rl_caption=\"Casa Las Moras \/ L\u00f3pez Duplan Arquitectos (\u00a9 H\u00e9ctor Armando Herrera)\" data-rel=\"lightbox-gallery-1\"><img loading=\"lazy\" decoding=\"async\" width=\"150\" height=\"150\" src=\"https:\/\/www.arquimaster.com.ar\/web\/wp-content\/uploads\/2014\/06\/casa_las_moras4-150x150.jpg\" class=\"attachment-thumbnail size-thumbnail\" alt=\"\" aria-describedby=\"gallery-1-8069\" srcset=\"https:\/\/www.arquimaster.com.ar\/web\/wp-content\/uploads\/2014\/06\/casa_las_moras4-150x150.jpg 150w, https:\/\/www.arquimaster.com.ar\/web\/wp-content\/uploads\/2014\/06\/casa_las_moras4-50x50.jpg 50w, https:\/\/www.arquimaster.com.ar\/web\/wp-content\/uploads\/2014\/06\/casa_las_moras4-125x125.jpg 125w\" sizes=\"auto, (max-width: 150px) 100vw, 150px\" \/><\/a>\n\t\t\t<\/div>\n\t\t\t\t<figcaption class='wp-caption-text gallery-caption' id='gallery-1-8069'>\n\t\t\t\tCasa Las Moras \/ L\u00f3pez Duplan Arquitectos (\u00a9 H\u00e9ctor Armando Herrera)\n\t\t\t\t<\/figcaption><\/figure><figure class='gallery-item'>\n\t\t\t<div class='gallery-icon landscape'>\n\t\t\t\t<a href='https:\/\/www.arquimaster.com.ar\/web\/wp-content\/uploads\/2014\/06\/casa_las_moras5.jpg' title=\"Casa Las Moras \/ L\u00f3pez Duplan Arquitectos (\u00a9 H\u00e9ctor Armando Herrera)\" data-rl_title=\"Casa Las Moras \/ L\u00f3pez Duplan Arquitectos (\u00a9 H\u00e9ctor Armando Herrera)\" class=\"rl-gallery-link\" data-rl_caption=\"Casa Las Moras \/ L\u00f3pez Duplan Arquitectos (\u00a9 H\u00e9ctor Armando Herrera)\" data-rel=\"lightbox-gallery-1\"><img loading=\"lazy\" decoding=\"async\" width=\"150\" height=\"150\" src=\"https:\/\/www.arquimaster.com.ar\/web\/wp-content\/uploads\/2014\/06\/casa_las_moras5-150x150.jpg\" class=\"attachment-thumbnail size-thumbnail\" alt=\"\" aria-describedby=\"gallery-1-8070\" srcset=\"https:\/\/www.arquimaster.com.ar\/web\/wp-content\/uploads\/2014\/06\/casa_las_moras5-150x150.jpg 150w, https:\/\/www.arquimaster.com.ar\/web\/wp-content\/uploads\/2014\/06\/casa_las_moras5-50x50.jpg 50w, https:\/\/www.arquimaster.com.ar\/web\/wp-content\/uploads\/2014\/06\/casa_las_moras5-125x125.jpg 125w\" sizes=\"auto, (max-width: 150px) 100vw, 150px\" \/><\/a>\n\t\t\t<\/div>\n\t\t\t\t<figcaption class='wp-caption-text gallery-caption' id='gallery-1-8070'>\n\t\t\t\tCasa Las Moras \/ L\u00f3pez Duplan Arquitectos (\u00a9 H\u00e9ctor Armando Herrera)\n\t\t\t\t<\/figcaption><\/figure><figure class='gallery-item'>\n\t\t\t<div class='gallery-icon landscape'>\n\t\t\t\t<a href='https:\/\/www.arquimaster.com.ar\/web\/wp-content\/uploads\/2014\/06\/casa_las_moras6.jpg' title=\"Casa Las Moras \/ L\u00f3pez Duplan Arquitectos (\u00a9 H\u00e9ctor Armando Herrera)\" data-rl_title=\"Casa Las Moras \/ L\u00f3pez Duplan Arquitectos (\u00a9 H\u00e9ctor Armando Herrera)\" class=\"rl-gallery-link\" data-rl_caption=\"Casa Las Moras \/ L\u00f3pez Duplan Arquitectos (\u00a9 H\u00e9ctor Armando Herrera)\" data-rel=\"lightbox-gallery-1\"><img loading=\"lazy\" decoding=\"async\" width=\"150\" height=\"150\" src=\"https:\/\/www.arquimaster.com.ar\/web\/wp-content\/uploads\/2014\/06\/casa_las_moras6-150x150.jpg\" class=\"attachment-thumbnail size-thumbnail\" alt=\"\" aria-describedby=\"gallery-1-8071\" srcset=\"https:\/\/www.arquimaster.com.ar\/web\/wp-content\/uploads\/2014\/06\/casa_las_moras6-150x150.jpg 150w, https:\/\/www.arquimaster.com.ar\/web\/wp-content\/uploads\/2014\/06\/casa_las_moras6-50x50.jpg 50w, https:\/\/www.arquimaster.com.ar\/web\/wp-content\/uploads\/2014\/06\/casa_las_moras6-125x125.jpg 125w\" sizes=\"auto, (max-width: 150px) 100vw, 150px\" \/><\/a>\n\t\t\t<\/div>\n\t\t\t\t<figcaption class='wp-caption-text gallery-caption' id='gallery-1-8071'>\n\t\t\t\tCasa Las Moras \/ L\u00f3pez Duplan Arquitectos (\u00a9 H\u00e9ctor Armando Herrera)\n\t\t\t\t<\/figcaption><\/figure><figure class='gallery-item'>\n\t\t\t<div class='gallery-icon landscape'>\n\t\t\t\t<a href='https:\/\/www.arquimaster.com.ar\/web\/wp-content\/uploads\/2014\/06\/casa_las_moras7.jpg' title=\"Casa Las Moras \/ L\u00f3pez Duplan Arquitectos (\u00a9 H\u00e9ctor Armando Herrera)\" data-rl_title=\"Casa Las Moras \/ L\u00f3pez Duplan Arquitectos (\u00a9 H\u00e9ctor Armando Herrera)\" class=\"rl-gallery-link\" data-rl_caption=\"Casa Las Moras \/ L\u00f3pez Duplan Arquitectos (\u00a9 H\u00e9ctor Armando Herrera)\" data-rel=\"lightbox-gallery-1\"><img loading=\"lazy\" decoding=\"async\" width=\"150\" height=\"150\" src=\"https:\/\/www.arquimaster.com.ar\/web\/wp-content\/uploads\/2014\/06\/casa_las_moras7-150x150.jpg\" class=\"attachment-thumbnail size-thumbnail\" alt=\"\" aria-describedby=\"gallery-1-8072\" srcset=\"https:\/\/www.arquimaster.com.ar\/web\/wp-content\/uploads\/2014\/06\/casa_las_moras7-150x150.jpg 150w, https:\/\/www.arquimaster.com.ar\/web\/wp-content\/uploads\/2014\/06\/casa_las_moras7-50x50.jpg 50w, https:\/\/www.arquimaster.com.ar\/web\/wp-content\/uploads\/2014\/06\/casa_las_moras7-125x125.jpg 125w\" sizes=\"auto, (max-width: 150px) 100vw, 150px\" \/><\/a>\n\t\t\t<\/div>\n\t\t\t\t<figcaption class='wp-caption-text gallery-caption' id='gallery-1-8072'>\n\t\t\t\tCasa Las Moras \/ L\u00f3pez Duplan Arquitectos (\u00a9 H\u00e9ctor Armando Herrera)\n\t\t\t\t<\/figcaption><\/figure><figure class='gallery-item'>\n\t\t\t<div class='gallery-icon landscape'>\n\t\t\t\t<a href='https:\/\/www.arquimaster.com.ar\/web\/wp-content\/uploads\/2014\/06\/casa_las_moras8.jpg' title=\"Casa Las Moras \/ L\u00f3pez Duplan Arquitectos (\u00a9 H\u00e9ctor Armando Herrera)\" data-rl_title=\"Casa Las Moras \/ L\u00f3pez Duplan Arquitectos (\u00a9 H\u00e9ctor Armando Herrera)\" class=\"rl-gallery-link\" data-rl_caption=\"Casa Las Moras \/ L\u00f3pez Duplan Arquitectos (\u00a9 H\u00e9ctor Armando Herrera)\" data-rel=\"lightbox-gallery-1\"><img loading=\"lazy\" decoding=\"async\" width=\"150\" height=\"150\" src=\"https:\/\/www.arquimaster.com.ar\/web\/wp-content\/uploads\/2014\/06\/casa_las_moras8-150x150.jpg\" class=\"attachment-thumbnail size-thumbnail\" alt=\"\" aria-describedby=\"gallery-1-8073\" srcset=\"https:\/\/www.arquimaster.com.ar\/web\/wp-content\/uploads\/2014\/06\/casa_las_moras8-150x150.jpg 150w, https:\/\/www.arquimaster.com.ar\/web\/wp-content\/uploads\/2014\/06\/casa_las_moras8-50x50.jpg 50w, https:\/\/www.arquimaster.com.ar\/web\/wp-content\/uploads\/2014\/06\/casa_las_moras8-125x125.jpg 125w\" sizes=\"auto, (max-width: 150px) 100vw, 150px\" \/><\/a>\n\t\t\t<\/div>\n\t\t\t\t<figcaption class='wp-caption-text gallery-caption' id='gallery-1-8073'>\n\t\t\t\tCasa Las Moras \/ L\u00f3pez Duplan Arquitectos (\u00a9 H\u00e9ctor Armando Herrera)\n\t\t\t\t<\/figcaption><\/figure><figure class='gallery-item'>\n\t\t\t<div class='gallery-icon landscape'>\n\t\t\t\t<a href='https:\/\/www.arquimaster.com.ar\/web\/wp-content\/uploads\/2014\/06\/casa_las_moras9.jpg' title=\"Casa Las Moras \/ L\u00f3pez Duplan Arquitectos (\u00a9 H\u00e9ctor Armando Herrera)\" data-rl_title=\"Casa Las Moras \/ L\u00f3pez Duplan Arquitectos (\u00a9 H\u00e9ctor Armando Herrera)\" class=\"rl-gallery-link\" data-rl_caption=\"Casa Las Moras \/ L\u00f3pez Duplan Arquitectos (\u00a9 H\u00e9ctor Armando Herrera)\" data-rel=\"lightbox-gallery-1\"><img loading=\"lazy\" decoding=\"async\" width=\"150\" height=\"150\" src=\"https:\/\/www.arquimaster.com.ar\/web\/wp-content\/uploads\/2014\/06\/casa_las_moras9-150x150.jpg\" class=\"attachment-thumbnail size-thumbnail\" alt=\"\" aria-describedby=\"gallery-1-8074\" srcset=\"https:\/\/www.arquimaster.com.ar\/web\/wp-content\/uploads\/2014\/06\/casa_las_moras9-150x150.jpg 150w, https:\/\/www.arquimaster.com.ar\/web\/wp-content\/uploads\/2014\/06\/casa_las_moras9-50x50.jpg 50w, https:\/\/www.arquimaster.com.ar\/web\/wp-content\/uploads\/2014\/06\/casa_las_moras9-125x125.jpg 125w\" sizes=\"auto, (max-width: 150px) 100vw, 150px\" \/><\/a>\n\t\t\t<\/div>\n\t\t\t\t<figcaption class='wp-caption-text gallery-caption' id='gallery-1-8074'>\n\t\t\t\tCasa Las Moras \/ L\u00f3pez Duplan Arquitectos (\u00a9 H\u00e9ctor Armando Herrera)\n\t\t\t\t<\/figcaption><\/figure><figure class='gallery-item'>\n\t\t\t<div class='gallery-icon landscape'>\n\t\t\t\t<a href='https:\/\/www.arquimaster.com.ar\/web\/wp-content\/uploads\/2014\/06\/casa_las_moras10.jpg' title=\"Casa Las Moras \/ L\u00f3pez Duplan Arquitectos (\u00a9 H\u00e9ctor Armando Herrera)\" data-rl_title=\"Casa Las Moras \/ L\u00f3pez Duplan Arquitectos (\u00a9 H\u00e9ctor Armando Herrera)\" class=\"rl-gallery-link\" data-rl_caption=\"Casa Las Moras \/ L\u00f3pez Duplan Arquitectos (\u00a9 H\u00e9ctor Armando Herrera)\" data-rel=\"lightbox-gallery-1\"><img loading=\"lazy\" decoding=\"async\" width=\"150\" height=\"150\" src=\"https:\/\/www.arquimaster.com.ar\/web\/wp-content\/uploads\/2014\/06\/casa_las_moras10-150x150.jpg\" class=\"attachment-thumbnail size-thumbnail\" alt=\"\" aria-describedby=\"gallery-1-8075\" srcset=\"https:\/\/www.arquimaster.com.ar\/web\/wp-content\/uploads\/2014\/06\/casa_las_moras10-150x150.jpg 150w, https:\/\/www.arquimaster.com.ar\/web\/wp-content\/uploads\/2014\/06\/casa_las_moras10-50x50.jpg 50w, https:\/\/www.arquimaster.com.ar\/web\/wp-content\/uploads\/2014\/06\/casa_las_moras10-125x125.jpg 125w\" sizes=\"auto, (max-width: 150px) 100vw, 150px\" \/><\/a>\n\t\t\t<\/div>\n\t\t\t\t<figcaption class='wp-caption-text gallery-caption' id='gallery-1-8075'>\n\t\t\t\tCasa Las Moras \/ L\u00f3pez Duplan Arquitectos (\u00a9 H\u00e9ctor Armando Herrera)\n\t\t\t\t<\/figcaption><\/figure><figure class='gallery-item'>\n\t\t\t<div class='gallery-icon landscape'>\n\t\t\t\t<a href='https:\/\/www.arquimaster.com.ar\/web\/wp-content\/uploads\/2014\/06\/casa_las_moras11.jpg' title=\"Casa Las Moras \/ L\u00f3pez Duplan Arquitectos (\u00a9 H\u00e9ctor Armando Herrera)\" data-rl_title=\"Casa Las Moras \/ L\u00f3pez Duplan Arquitectos (\u00a9 H\u00e9ctor Armando Herrera)\" class=\"rl-gallery-link\" data-rl_caption=\"Casa Las Moras \/ L\u00f3pez Duplan Arquitectos (\u00a9 H\u00e9ctor Armando Herrera)\" data-rel=\"lightbox-gallery-1\"><img loading=\"lazy\" decoding=\"async\" width=\"150\" height=\"150\" src=\"https:\/\/www.arquimaster.com.ar\/web\/wp-content\/uploads\/2014\/06\/casa_las_moras11-150x150.jpg\" class=\"attachment-thumbnail size-thumbnail\" alt=\"\" aria-describedby=\"gallery-1-8076\" srcset=\"https:\/\/www.arquimaster.com.ar\/web\/wp-content\/uploads\/2014\/06\/casa_las_moras11-150x150.jpg 150w, https:\/\/www.arquimaster.com.ar\/web\/wp-content\/uploads\/2014\/06\/casa_las_moras11-50x50.jpg 50w, https:\/\/www.arquimaster.com.ar\/web\/wp-content\/uploads\/2014\/06\/casa_las_moras11-125x125.jpg 125w\" sizes=\"auto, (max-width: 150px) 100vw, 150px\" \/><\/a>\n\t\t\t<\/div>\n\t\t\t\t<figcaption class='wp-caption-text gallery-caption' id='gallery-1-8076'>\n\t\t\t\tCasa Las Moras \/ L\u00f3pez Duplan Arquitectos (\u00a9 H\u00e9ctor Armando Herrera)\n\t\t\t\t<\/figcaption><\/figure><figure class='gallery-item'>\n\t\t\t<div class='gallery-icon landscape'>\n\t\t\t\t<a href='https:\/\/www.arquimaster.com.ar\/web\/wp-content\/uploads\/2014\/06\/casa_las_moras12.jpg' title=\"Casa Las Moras \/ L\u00f3pez Duplan Arquitectos (\u00a9 H\u00e9ctor Armando Herrera)\" data-rl_title=\"Casa Las Moras \/ L\u00f3pez Duplan Arquitectos (\u00a9 H\u00e9ctor Armando Herrera)\" class=\"rl-gallery-link\" data-rl_caption=\"Casa Las Moras \/ L\u00f3pez Duplan Arquitectos (\u00a9 H\u00e9ctor Armando Herrera)\" data-rel=\"lightbox-gallery-1\"><img loading=\"lazy\" decoding=\"async\" width=\"150\" height=\"150\" src=\"https:\/\/www.arquimaster.com.ar\/web\/wp-content\/uploads\/2014\/06\/casa_las_moras12-150x150.jpg\" class=\"attachment-thumbnail size-thumbnail\" alt=\"\" aria-describedby=\"gallery-1-8077\" srcset=\"https:\/\/www.arquimaster.com.ar\/web\/wp-content\/uploads\/2014\/06\/casa_las_moras12-150x150.jpg 150w, https:\/\/www.arquimaster.com.ar\/web\/wp-content\/uploads\/2014\/06\/casa_las_moras12-50x50.jpg 50w, https:\/\/www.arquimaster.com.ar\/web\/wp-content\/uploads\/2014\/06\/casa_las_moras12-125x125.jpg 125w\" sizes=\"auto, (max-width: 150px) 100vw, 150px\" \/><\/a>\n\t\t\t<\/div>\n\t\t\t\t<figcaption class='wp-caption-text gallery-caption' id='gallery-1-8077'>\n\t\t\t\tCasa Las Moras \/ L\u00f3pez Duplan Arquitectos (\u00a9 H\u00e9ctor Armando Herrera)\n\t\t\t\t<\/figcaption><\/figure><figure class='gallery-item'>\n\t\t\t<div class='gallery-icon landscape'>\n\t\t\t\t<a href='https:\/\/www.arquimaster.com.ar\/web\/wp-content\/uploads\/2014\/06\/casa_las_moras13.jpg' title=\"Casa Las Moras \/ L\u00f3pez Duplan Arquitectos (\u00a9 H\u00e9ctor Armando Herrera)\" data-rl_title=\"Casa Las Moras \/ L\u00f3pez Duplan Arquitectos (\u00a9 H\u00e9ctor Armando Herrera)\" class=\"rl-gallery-link\" data-rl_caption=\"Casa Las Moras \/ L\u00f3pez Duplan Arquitectos (\u00a9 H\u00e9ctor Armando Herrera)\" data-rel=\"lightbox-gallery-1\"><img loading=\"lazy\" decoding=\"async\" width=\"150\" height=\"150\" src=\"https:\/\/www.arquimaster.com.ar\/web\/wp-content\/uploads\/2014\/06\/casa_las_moras13-150x150.jpg\" class=\"attachment-thumbnail size-thumbnail\" alt=\"\" aria-describedby=\"gallery-1-8078\" srcset=\"https:\/\/www.arquimaster.com.ar\/web\/wp-content\/uploads\/2014\/06\/casa_las_moras13-150x150.jpg 150w, https:\/\/www.arquimaster.com.ar\/web\/wp-content\/uploads\/2014\/06\/casa_las_moras13-50x50.jpg 50w, https:\/\/www.arquimaster.com.ar\/web\/wp-content\/uploads\/2014\/06\/casa_las_moras13-125x125.jpg 125w\" sizes=\"auto, (max-width: 150px) 100vw, 150px\" \/><\/a>\n\t\t\t<\/div>\n\t\t\t\t<figcaption class='wp-caption-text gallery-caption' id='gallery-1-8078'>\n\t\t\t\tCasa Las Moras \/ L\u00f3pez Duplan Arquitectos (\u00a9 H\u00e9ctor Armando Herrera)\n\t\t\t\t<\/figcaption><\/figure><figure class='gallery-item'>\n\t\t\t<div class='gallery-icon landscape'>\n\t\t\t\t<a href='https:\/\/www.arquimaster.com.ar\/web\/wp-content\/uploads\/2014\/06\/casa_las_moras14.jpg' title=\"Casa Las Moras \/ L\u00f3pez Duplan Arquitectos (\u00a9 H\u00e9ctor Armando Herrera)\" data-rl_title=\"Casa Las Moras \/ L\u00f3pez Duplan Arquitectos (\u00a9 H\u00e9ctor Armando Herrera)\" class=\"rl-gallery-link\" data-rl_caption=\"Casa Las Moras \/ L\u00f3pez Duplan Arquitectos (\u00a9 H\u00e9ctor Armando Herrera)\" data-rel=\"lightbox-gallery-1\"><img loading=\"lazy\" decoding=\"async\" width=\"150\" height=\"150\" src=\"https:\/\/www.arquimaster.com.ar\/web\/wp-content\/uploads\/2014\/06\/casa_las_moras14-150x150.jpg\" class=\"attachment-thumbnail size-thumbnail\" alt=\"\" aria-describedby=\"gallery-1-8079\" srcset=\"https:\/\/www.arquimaster.com.ar\/web\/wp-content\/uploads\/2014\/06\/casa_las_moras14-150x150.jpg 150w, https:\/\/www.arquimaster.com.ar\/web\/wp-content\/uploads\/2014\/06\/casa_las_moras14-50x50.jpg 50w, https:\/\/www.arquimaster.com.ar\/web\/wp-content\/uploads\/2014\/06\/casa_las_moras14-125x125.jpg 125w\" sizes=\"auto, (max-width: 150px) 100vw, 150px\" \/><\/a>\n\t\t\t<\/div>\n\t\t\t\t<figcaption class='wp-caption-text gallery-caption' id='gallery-1-8079'>\n\t\t\t\tCasa Las Moras \/ L\u00f3pez Duplan Arquitectos (\u00a9 H\u00e9ctor Armando Herrera)\n\t\t\t\t<\/figcaption><\/figure><figure class='gallery-item'>\n\t\t\t<div class='gallery-icon landscape'>\n\t\t\t\t<a href='https:\/\/www.arquimaster.com.ar\/web\/wp-content\/uploads\/2014\/06\/casa_las_moras15.jpg' title=\"Casa Las Moras \/ L\u00f3pez Duplan Arquitectos (\u00a9 H\u00e9ctor Armando Herrera)\" data-rl_title=\"Casa Las Moras \/ L\u00f3pez Duplan Arquitectos (\u00a9 H\u00e9ctor Armando Herrera)\" class=\"rl-gallery-link\" data-rl_caption=\"Casa Las Moras \/ L\u00f3pez Duplan Arquitectos (\u00a9 H\u00e9ctor Armando Herrera)\" data-rel=\"lightbox-gallery-1\"><img loading=\"lazy\" decoding=\"async\" width=\"150\" height=\"150\" src=\"https:\/\/www.arquimaster.com.ar\/web\/wp-content\/uploads\/2014\/06\/casa_las_moras15-150x150.jpg\" class=\"attachment-thumbnail size-thumbnail\" alt=\"\" aria-describedby=\"gallery-1-8080\" srcset=\"https:\/\/www.arquimaster.com.ar\/web\/wp-content\/uploads\/2014\/06\/casa_las_moras15-150x150.jpg 150w, https:\/\/www.arquimaster.com.ar\/web\/wp-content\/uploads\/2014\/06\/casa_las_moras15-50x50.jpg 50w, https:\/\/www.arquimaster.com.ar\/web\/wp-content\/uploads\/2014\/06\/casa_las_moras15-125x125.jpg 125w\" sizes=\"auto, (max-width: 150px) 100vw, 150px\" \/><\/a>\n\t\t\t<\/div>\n\t\t\t\t<figcaption class='wp-caption-text gallery-caption' id='gallery-1-8080'>\n\t\t\t\tCasa Las Moras \/ L\u00f3pez Duplan Arquitectos (\u00a9 H\u00e9ctor Armando Herrera)\n\t\t\t\t<\/figcaption><\/figure><figure class='gallery-item'>\n\t\t\t<div class='gallery-icon landscape'>\n\t\t\t\t<a href='https:\/\/www.arquimaster.com.ar\/web\/wp-content\/uploads\/2014\/06\/casa_las_moras16.jpg' title=\"Casa Las Moras \/ L\u00f3pez Duplan Arquitectos (\u00a9 H\u00e9ctor Armando Herrera)\" data-rl_title=\"Casa Las Moras \/ L\u00f3pez Duplan Arquitectos (\u00a9 H\u00e9ctor Armando Herrera)\" class=\"rl-gallery-link\" data-rl_caption=\"Casa Las Moras \/ L\u00f3pez Duplan Arquitectos (\u00a9 H\u00e9ctor Armando Herrera)\" data-rel=\"lightbox-gallery-1\"><img loading=\"lazy\" decoding=\"async\" width=\"150\" height=\"150\" src=\"https:\/\/www.arquimaster.com.ar\/web\/wp-content\/uploads\/2014\/06\/casa_las_moras16-150x150.jpg\" class=\"attachment-thumbnail size-thumbnail\" alt=\"\" aria-describedby=\"gallery-1-8081\" srcset=\"https:\/\/www.arquimaster.com.ar\/web\/wp-content\/uploads\/2014\/06\/casa_las_moras16-150x150.jpg 150w, https:\/\/www.arquimaster.com.ar\/web\/wp-content\/uploads\/2014\/06\/casa_las_moras16-50x50.jpg 50w, https:\/\/www.arquimaster.com.ar\/web\/wp-content\/uploads\/2014\/06\/casa_las_moras16-125x125.jpg 125w\" sizes=\"auto, (max-width: 150px) 100vw, 150px\" \/><\/a>\n\t\t\t<\/div>\n\t\t\t\t<figcaption class='wp-caption-text gallery-caption' id='gallery-1-8081'>\n\t\t\t\tCasa Las Moras \/ L\u00f3pez Duplan Arquitectos (\u00a9 H\u00e9ctor Armando Herrera)\n\t\t\t\t<\/figcaption><\/figure><figure class='gallery-item'>\n\t\t\t<div class='gallery-icon landscape'>\n\t\t\t\t<a href='https:\/\/www.arquimaster.com.ar\/web\/wp-content\/uploads\/2014\/06\/casa_las_moras17.jpg' title=\"Casa Las Moras \/ L\u00f3pez Duplan Arquitectos (\u00a9 H\u00e9ctor Armando Herrera)\" data-rl_title=\"Casa Las Moras \/ L\u00f3pez Duplan Arquitectos (\u00a9 H\u00e9ctor Armando Herrera)\" class=\"rl-gallery-link\" data-rl_caption=\"Casa Las Moras \/ L\u00f3pez Duplan Arquitectos (\u00a9 H\u00e9ctor Armando Herrera)\" data-rel=\"lightbox-gallery-1\"><img loading=\"lazy\" decoding=\"async\" width=\"150\" height=\"150\" src=\"https:\/\/www.arquimaster.com.ar\/web\/wp-content\/uploads\/2014\/06\/casa_las_moras17-150x150.jpg\" class=\"attachment-thumbnail size-thumbnail\" alt=\"\" aria-describedby=\"gallery-1-8082\" srcset=\"https:\/\/www.arquimaster.com.ar\/web\/wp-content\/uploads\/2014\/06\/casa_las_moras17-150x150.jpg 150w, https:\/\/www.arquimaster.com.ar\/web\/wp-content\/uploads\/2014\/06\/casa_las_moras17-50x50.jpg 50w, https:\/\/www.arquimaster.com.ar\/web\/wp-content\/uploads\/2014\/06\/casa_las_moras17-125x125.jpg 125w\" sizes=\"auto, (max-width: 150px) 100vw, 150px\" \/><\/a>\n\t\t\t<\/div>\n\t\t\t\t<figcaption class='wp-caption-text gallery-caption' id='gallery-1-8082'>\n\t\t\t\tCasa Las Moras \/ L\u00f3pez Duplan Arquitectos (\u00a9 H\u00e9ctor Armando Herrera)\n\t\t\t\t<\/figcaption><\/figure>\n\t\t<\/div>\n\n<p>Esta casa ubicada en el Estado de M\u00e9xico fue intervenida por completo con la terminaci\u00f3n del proyecto original para adaptarla a las necesidades y gustos de sus nuevos propietarios. Los cambios fueron muy completos ya que el programa arquitect\u00f3nico original no era adecuado para los objetivos que ten\u00eda la familia para su casa de descanso.<\/p>\n<p>Uno de los primeros cambios fue hacer la reorganizaci\u00f3n de las zonas p\u00fablicas, dejando las primeras cercanas al ingreso y aprovechando al m\u00e1ximo las vistas hacia los jardines de la propiedad. Las \u00e1reas p\u00fablicas y de servicios est\u00e1n completamente conectadas con el exterior y las diferentes terrazas y jardines que rodean a la casa.<\/p>\n<p>Se hizo un dise\u00f1o completamente nuevo del jard\u00edn integrando una terraza cubierta a un costado con vista al lago central. El lago est\u00e1 comunicado a un r\u00edo que pasa por el terreno para aprovechar el correr del agua, un elemento muy importante en todo el proyecto. Las terrazas y los espejos de agua conectan el interior con el exterior y permiten disfrutar de la agradable temperatura ambiental que se disfruta durante todo el a\u00f1o.<\/p>\n<p>Los niveles interiores se unificaron y las fachadas se modificaron en forma y altura ademas de que se cambiaron los colores. En los interiores la paleta est\u00e1 dada por las maderas, piedras y pieles que dan personalidad a cada uno de los ambientes.<\/p>\n<p>A la sala y comedor se integraron una cava y una sala de televisi\u00f3n ya que recibir a los amigos es una de las actividades m\u00e1s importantes de este hogar. Todos los interiores de la casa tienen vistas hacia los fant\u00e1sticos jardines que la rodean y las circulaciones rematan en los patios interiores y espejos de agua.<\/p>\n<p>Sobre la sala de televisi\u00f3n se hizo una terraza con jacuzzi para disfrutar desde lo alto del espect\u00e1culo que da la naturaleza del entorno. El ba\u00f1o de la rec\u00e1mara principal est\u00e1 rodeado por un patio interior para disfrutar de la vista, la luz natural y los cambios del clima durante el a\u00f1o, un peque\u00f1o para\u00edso privado.<\/p>\n<p><strong>Ficha tecnica<\/strong><br \/>\nNombre: Casa Las Moras<br \/>\nUbicacion: Estado de M\u00e9xico<br \/>\nProyecto de interiores: Claudia L\u00f3pez Duplan<br \/>\nA\u00f1o: 2014<br \/>\nFotograf\u00eda: H\u00e9ctor Armando Herrera<\/p>\n<p><strong>Contacto:<\/strong> <a title=\"L\u00f3pez Duplan Arquitectos\" href=\"http:\/\/www.duplan.com.mx\" target=\"_blank\">http:\/\/www.duplan.com.mx<\/a><\/p>\n\n<div style=\"font-size: 0px; height: 0px; line-height: 0px; margin: 0; padding: 0; clear: both;\"><\/div><div style=\"margin-top: 0px; margin-bottom: 0px;\" class=\"sharethis-inline-share-buttons\" ><\/div>","protected":false},"excerpt":{"rendered":"<p>Casa de fin de semana que aprovecha las magnificas vistas hacia los jardines y el lago&#8230;<\/p>\n","protected":false},"author":1,"featured_media":8065,"comment_status":"closed","ping_status":"closed","sticky":false,"template":"","format":"standard","meta":{"_uag_custom_page_level_css":"","footnotes":""},"categories":[1,82,83],"tags":[2157,2156,2155,740,38,456,2154,24,709],"class_list":["post-8064","post","type-post","status-publish","format-standard","has-post-thumbnail","hentry","category-proyecto","category-rehabilitaciones","category-vivienda-unifamiliar","tag-casa-de-descanso","tag-casa-de-fin-de-semana","tag-claudia-lopez-duplan","tag-diseno-del-paisaje","tag-diseno-interior","tag-interiorismo","tag-lopez-duplan-arquitectos","tag-mexico","tag-paisajismo","generate-columns","tablet-grid-50","mobile-grid-100","grid-parent","grid-50"],"yoast_head":"<!-- This site is optimized with the Yoast SEO plugin v27.3 - https:\/\/yoast.com\/product\/yoast-seo-wordpress\/ -->\n<title>Casa Las Moras \/ L\u00f3pez Duplan Arquitectos - Arquimaster<\/title>\n<meta name=\"robots\" content=\"index, follow, max-snippet:-1, max-image-preview:large, max-video-preview:-1\" \/>\n<link rel=\"canonical\" href=\"https:\/\/www.arquimaster.com.ar\/web\/casa-las-moras-lopez-duplan-arquitectos\/\" \/>\n<meta property=\"og:locale\" content=\"es_ES\" \/>\n<meta property=\"og:type\" content=\"article\" \/>\n<meta property=\"og:title\" content=\"Casa Las Moras \/ L\u00f3pez Duplan Arquitectos - Arquimaster\" \/>\n<meta property=\"og:description\" content=\"Casa de fin de semana que aprovecha las magnificas vistas hacia los jardines y el lago...\" \/>\n<meta property=\"og:url\" content=\"https:\/\/www.arquimaster.com.ar\/web\/casa-las-moras-lopez-duplan-arquitectos\/\" \/>\n<meta property=\"og:site_name\" content=\"Arquimaster\" \/>\n<meta property=\"article:publisher\" content=\"http:\/\/www.facebook.com\/ARQUIMASTER.com.ar\" \/>\n<meta property=\"article:published_time\" content=\"2014-06-26T03:05:45+00:00\" \/>\n<meta property=\"article:modified_time\" content=\"2014-06-26T03:45:48+00:00\" \/>\n<meta property=\"og:image\" content=\"https:\/\/www.arquimaster.com.ar\/web\/wp-content\/uploads\/2014\/06\/casa_las_moras_slide.jpg\" \/>\n\t<meta property=\"og:image:width\" content=\"642\" \/>\n\t<meta property=\"og:image:height\" content=\"336\" \/>\n\t<meta property=\"og:image:type\" content=\"image\/jpeg\" \/>\n<meta name=\"author\" content=\"Arquimaster\" \/>\n<meta name=\"twitter:card\" content=\"summary_large_image\" \/>\n<meta name=\"twitter:creator\" content=\"@arquimaster\" \/>\n<meta name=\"twitter:site\" content=\"@arquimaster\" \/>\n<meta name=\"twitter:label1\" content=\"Escrito por\" \/>\n\t<meta name=\"twitter:data1\" content=\"Arquimaster\" \/>\n\t<meta name=\"twitter:label2\" content=\"Tiempo de lectura\" \/>\n\t<meta name=\"twitter:data2\" content=\"2 minutos\" \/>\n<script type=\"application\/ld+json\" class=\"yoast-schema-graph\">{\"@context\":\"https:\\\/\\\/schema.org\",\"@graph\":[{\"@type\":\"Article\",\"@id\":\"https:\\\/\\\/www.arquimaster.com.ar\\\/web\\\/casa-las-moras-lopez-duplan-arquitectos\\\/#article\",\"isPartOf\":{\"@id\":\"https:\\\/\\\/www.arquimaster.com.ar\\\/web\\\/casa-las-moras-lopez-duplan-arquitectos\\\/\"},\"author\":{\"name\":\"Arquimaster\",\"@id\":\"https:\\\/\\\/www.arquimaster.com.ar\\\/web\\\/#\\\/schema\\\/person\\\/359e9f7c00193fcde068e0dd2ceb0028\"},\"headline\":\"Casa Las Moras \\\/ L\u00f3pez Duplan Arquitectos\",\"datePublished\":\"2014-06-26T03:05:45+00:00\",\"dateModified\":\"2014-06-26T03:45:48+00:00\",\"mainEntityOfPage\":{\"@id\":\"https:\\\/\\\/www.arquimaster.com.ar\\\/web\\\/casa-las-moras-lopez-duplan-arquitectos\\\/\"},\"wordCount\":436,\"publisher\":{\"@id\":\"https:\\\/\\\/www.arquimaster.com.ar\\\/web\\\/#organization\"},\"image\":{\"@id\":\"https:\\\/\\\/www.arquimaster.com.ar\\\/web\\\/casa-las-moras-lopez-duplan-arquitectos\\\/#primaryimage\"},\"thumbnailUrl\":\"https:\\\/\\\/www.arquimaster.com.ar\\\/web\\\/wp-content\\\/uploads\\\/2014\\\/06\\\/casa_las_moras_slide.jpg\",\"keywords\":[\"casa de descanso\",\"casa de fin de semana\",\"Claudia Lopez Duplan\",\"dise\u00f1o del paisaje\",\"dise\u00f1o interior\",\"interiorismo\",\"Lopez Duplan Arquitectos\",\"Mexico\",\"paisajismo\"],\"articleSection\":[\"Proyecto\",\"Rehabilitaciones y ampliaciones\",\"Vivienda unifamiliar y PH\"],\"inLanguage\":\"es\"},{\"@type\":\"WebPage\",\"@id\":\"https:\\\/\\\/www.arquimaster.com.ar\\\/web\\\/casa-las-moras-lopez-duplan-arquitectos\\\/\",\"url\":\"https:\\\/\\\/www.arquimaster.com.ar\\\/web\\\/casa-las-moras-lopez-duplan-arquitectos\\\/\",\"name\":\"Casa Las Moras \\\/ L\u00f3pez Duplan Arquitectos - Arquimaster\",\"isPartOf\":{\"@id\":\"https:\\\/\\\/www.arquimaster.com.ar\\\/web\\\/#website\"},\"primaryImageOfPage\":{\"@id\":\"https:\\\/\\\/www.arquimaster.com.ar\\\/web\\\/casa-las-moras-lopez-duplan-arquitectos\\\/#primaryimage\"},\"image\":{\"@id\":\"https:\\\/\\\/www.arquimaster.com.ar\\\/web\\\/casa-las-moras-lopez-duplan-arquitectos\\\/#primaryimage\"},\"thumbnailUrl\":\"https:\\\/\\\/www.arquimaster.com.ar\\\/web\\\/wp-content\\\/uploads\\\/2014\\\/06\\\/casa_las_moras_slide.jpg\",\"datePublished\":\"2014-06-26T03:05:45+00:00\",\"dateModified\":\"2014-06-26T03:45:48+00:00\",\"breadcrumb\":{\"@id\":\"https:\\\/\\\/www.arquimaster.com.ar\\\/web\\\/casa-las-moras-lopez-duplan-arquitectos\\\/#breadcrumb\"},\"inLanguage\":\"es\",\"potentialAction\":[{\"@type\":\"ReadAction\",\"target\":[\"https:\\\/\\\/www.arquimaster.com.ar\\\/web\\\/casa-las-moras-lopez-duplan-arquitectos\\\/\"]}]},{\"@type\":\"ImageObject\",\"inLanguage\":\"es\",\"@id\":\"https:\\\/\\\/www.arquimaster.com.ar\\\/web\\\/casa-las-moras-lopez-duplan-arquitectos\\\/#primaryimage\",\"url\":\"https:\\\/\\\/www.arquimaster.com.ar\\\/web\\\/wp-content\\\/uploads\\\/2014\\\/06\\\/casa_las_moras_slide.jpg\",\"contentUrl\":\"https:\\\/\\\/www.arquimaster.com.ar\\\/web\\\/wp-content\\\/uploads\\\/2014\\\/06\\\/casa_las_moras_slide.jpg\",\"width\":642,\"height\":336},{\"@type\":\"BreadcrumbList\",\"@id\":\"https:\\\/\\\/www.arquimaster.com.ar\\\/web\\\/casa-las-moras-lopez-duplan-arquitectos\\\/#breadcrumb\",\"itemListElement\":[{\"@type\":\"ListItem\",\"position\":1,\"name\":\"Portada\",\"item\":\"https:\\\/\\\/www.arquimaster.com.ar\\\/web\\\/\"},{\"@type\":\"ListItem\",\"position\":2,\"name\":\"Casa Las Moras \\\/ L\u00f3pez Duplan Arquitectos\"}]},{\"@type\":\"WebSite\",\"@id\":\"https:\\\/\\\/www.arquimaster.com.ar\\\/web\\\/#website\",\"url\":\"https:\\\/\\\/www.arquimaster.com.ar\\\/web\\\/\",\"name\":\"Arquimaster\",\"description\":\"Web de arquitectura, dise\u00f1o y construccion\",\"publisher\":{\"@id\":\"https:\\\/\\\/www.arquimaster.com.ar\\\/web\\\/#organization\"},\"potentialAction\":[{\"@type\":\"SearchAction\",\"target\":{\"@type\":\"EntryPoint\",\"urlTemplate\":\"https:\\\/\\\/www.arquimaster.com.ar\\\/web\\\/?s={search_term_string}\"},\"query-input\":{\"@type\":\"PropertyValueSpecification\",\"valueRequired\":true,\"valueName\":\"search_term_string\"}}],\"inLanguage\":\"es\"},{\"@type\":\"Organization\",\"@id\":\"https:\\\/\\\/www.arquimaster.com.ar\\\/web\\\/#organization\",\"name\":\"Arquimaster\",\"url\":\"https:\\\/\\\/www.arquimaster.com.ar\\\/web\\\/\",\"logo\":{\"@type\":\"ImageObject\",\"inLanguage\":\"es\",\"@id\":\"https:\\\/\\\/www.arquimaster.com.ar\\\/web\\\/#\\\/schema\\\/logo\\\/image\\\/\",\"url\":\"https:\\\/\\\/www.arquimaster.com.ar\\\/web\\\/wp-content\\\/uploads\\\/2022\\\/06\\\/arquimaster.png\",\"contentUrl\":\"https:\\\/\\\/www.arquimaster.com.ar\\\/web\\\/wp-content\\\/uploads\\\/2022\\\/06\\\/arquimaster.png\",\"width\":594,\"height\":78,\"caption\":\"Arquimaster\"},\"image\":{\"@id\":\"https:\\\/\\\/www.arquimaster.com.ar\\\/web\\\/#\\\/schema\\\/logo\\\/image\\\/\"},\"sameAs\":[\"http:\\\/\\\/www.facebook.com\\\/ARQUIMASTER.com.ar\",\"https:\\\/\\\/x.com\\\/arquimaster\",\"https:\\\/\\\/www.instagram.com\\\/arquimasterblog\\\/\",\"https:\\\/\\\/www.linkedin.com\\\/company\\\/arquimaster\",\"https:\\\/\\\/www.pinterest.com\\\/arquimaster\",\"https:\\\/\\\/t.me\\\/arquimaster\"]},{\"@type\":\"Person\",\"@id\":\"https:\\\/\\\/www.arquimaster.com.ar\\\/web\\\/#\\\/schema\\\/person\\\/359e9f7c00193fcde068e0dd2ceb0028\",\"name\":\"Arquimaster\"}]}<\/script>\n<!-- \/ Yoast SEO plugin. -->","yoast_head_json":{"title":"Casa Las Moras \/ L\u00f3pez Duplan Arquitectos - Arquimaster","robots":{"index":"index","follow":"follow","max-snippet":"max-snippet:-1","max-image-preview":"max-image-preview:large","max-video-preview":"max-video-preview:-1"},"canonical":"https:\/\/www.arquimaster.com.ar\/web\/casa-las-moras-lopez-duplan-arquitectos\/","og_locale":"es_ES","og_type":"article","og_title":"Casa Las Moras \/ L\u00f3pez Duplan Arquitectos - Arquimaster","og_description":"Casa de fin de semana que aprovecha las magnificas vistas hacia los jardines y el lago...","og_url":"https:\/\/www.arquimaster.com.ar\/web\/casa-las-moras-lopez-duplan-arquitectos\/","og_site_name":"Arquimaster","article_publisher":"http:\/\/www.facebook.com\/ARQUIMASTER.com.ar","article_published_time":"2014-06-26T03:05:45+00:00","article_modified_time":"2014-06-26T03:45:48+00:00","og_image":[{"width":642,"height":336,"url":"https:\/\/www.arquimaster.com.ar\/web\/wp-content\/uploads\/2014\/06\/casa_las_moras_slide.jpg","type":"image\/jpeg"}],"author":"Arquimaster","twitter_card":"summary_large_image","twitter_creator":"@arquimaster","twitter_site":"@arquimaster","twitter_misc":{"Escrito por":"Arquimaster","Tiempo de lectura":"2 minutos"},"schema":{"@context":"https:\/\/schema.org","@graph":[{"@type":"Article","@id":"https:\/\/www.arquimaster.com.ar\/web\/casa-las-moras-lopez-duplan-arquitectos\/#article","isPartOf":{"@id":"https:\/\/www.arquimaster.com.ar\/web\/casa-las-moras-lopez-duplan-arquitectos\/"},"author":{"name":"Arquimaster","@id":"https:\/\/www.arquimaster.com.ar\/web\/#\/schema\/person\/359e9f7c00193fcde068e0dd2ceb0028"},"headline":"Casa Las Moras \/ L\u00f3pez Duplan Arquitectos","datePublished":"2014-06-26T03:05:45+00:00","dateModified":"2014-06-26T03:45:48+00:00","mainEntityOfPage":{"@id":"https:\/\/www.arquimaster.com.ar\/web\/casa-las-moras-lopez-duplan-arquitectos\/"},"wordCount":436,"publisher":{"@id":"https:\/\/www.arquimaster.com.ar\/web\/#organization"},"image":{"@id":"https:\/\/www.arquimaster.com.ar\/web\/casa-las-moras-lopez-duplan-arquitectos\/#primaryimage"},"thumbnailUrl":"https:\/\/www.arquimaster.com.ar\/web\/wp-content\/uploads\/2014\/06\/casa_las_moras_slide.jpg","keywords":["casa de descanso","casa de fin de semana","Claudia Lopez Duplan","dise\u00f1o del paisaje","dise\u00f1o interior","interiorismo","Lopez Duplan Arquitectos","Mexico","paisajismo"],"articleSection":["Proyecto","Rehabilitaciones y ampliaciones","Vivienda unifamiliar y PH"],"inLanguage":"es"},{"@type":"WebPage","@id":"https:\/\/www.arquimaster.com.ar\/web\/casa-las-moras-lopez-duplan-arquitectos\/","url":"https:\/\/www.arquimaster.com.ar\/web\/casa-las-moras-lopez-duplan-arquitectos\/","name":"Casa Las Moras \/ L\u00f3pez Duplan Arquitectos - Arquimaster","isPartOf":{"@id":"https:\/\/www.arquimaster.com.ar\/web\/#website"},"primaryImageOfPage":{"@id":"https:\/\/www.arquimaster.com.ar\/web\/casa-las-moras-lopez-duplan-arquitectos\/#primaryimage"},"image":{"@id":"https:\/\/www.arquimaster.com.ar\/web\/casa-las-moras-lopez-duplan-arquitectos\/#primaryimage"},"thumbnailUrl":"https:\/\/www.arquimaster.com.ar\/web\/wp-content\/uploads\/2014\/06\/casa_las_moras_slide.jpg","datePublished":"2014-06-26T03:05:45+00:00","dateModified":"2014-06-26T03:45:48+00:00","breadcrumb":{"@id":"https:\/\/www.arquimaster.com.ar\/web\/casa-las-moras-lopez-duplan-arquitectos\/#breadcrumb"},"inLanguage":"es","potentialAction":[{"@type":"ReadAction","target":["https:\/\/www.arquimaster.com.ar\/web\/casa-las-moras-lopez-duplan-arquitectos\/"]}]},{"@type":"ImageObject","inLanguage":"es","@id":"https:\/\/www.arquimaster.com.ar\/web\/casa-las-moras-lopez-duplan-arquitectos\/#primaryimage","url":"https:\/\/www.arquimaster.com.ar\/web\/wp-content\/uploads\/2014\/06\/casa_las_moras_slide.jpg","contentUrl":"https:\/\/www.arquimaster.com.ar\/web\/wp-content\/uploads\/2014\/06\/casa_las_moras_slide.jpg","width":642,"height":336},{"@type":"BreadcrumbList","@id":"https:\/\/www.arquimaster.com.ar\/web\/casa-las-moras-lopez-duplan-arquitectos\/#breadcrumb","itemListElement":[{"@type":"ListItem","position":1,"name":"Portada","item":"https:\/\/www.arquimaster.com.ar\/web\/"},{"@type":"ListItem","position":2,"name":"Casa Las Moras \/ L\u00f3pez Duplan Arquitectos"}]},{"@type":"WebSite","@id":"https:\/\/www.arquimaster.com.ar\/web\/#website","url":"https:\/\/www.arquimaster.com.ar\/web\/","name":"Arquimaster","description":"Web de arquitectura, dise\u00f1o y construccion","publisher":{"@id":"https:\/\/www.arquimaster.com.ar\/web\/#organization"},"potentialAction":[{"@type":"SearchAction","target":{"@type":"EntryPoint","urlTemplate":"https:\/\/www.arquimaster.com.ar\/web\/?s={search_term_string}"},"query-input":{"@type":"PropertyValueSpecification","valueRequired":true,"valueName":"search_term_string"}}],"inLanguage":"es"},{"@type":"Organization","@id":"https:\/\/www.arquimaster.com.ar\/web\/#organization","name":"Arquimaster","url":"https:\/\/www.arquimaster.com.ar\/web\/","logo":{"@type":"ImageObject","inLanguage":"es","@id":"https:\/\/www.arquimaster.com.ar\/web\/#\/schema\/logo\/image\/","url":"https:\/\/www.arquimaster.com.ar\/web\/wp-content\/uploads\/2022\/06\/arquimaster.png","contentUrl":"https:\/\/www.arquimaster.com.ar\/web\/wp-content\/uploads\/2022\/06\/arquimaster.png","width":594,"height":78,"caption":"Arquimaster"},"image":{"@id":"https:\/\/www.arquimaster.com.ar\/web\/#\/schema\/logo\/image\/"},"sameAs":["http:\/\/www.facebook.com\/ARQUIMASTER.com.ar","https:\/\/x.com\/arquimaster","https:\/\/www.instagram.com\/arquimasterblog\/","https:\/\/www.linkedin.com\/company\/arquimaster","https:\/\/www.pinterest.com\/arquimaster","https:\/\/t.me\/arquimaster"]},{"@type":"Person","@id":"https:\/\/www.arquimaster.com.ar\/web\/#\/schema\/person\/359e9f7c00193fcde068e0dd2ceb0028","name":"Arquimaster"}]}},"uagb_featured_image_src":{"full":["https:\/\/www.arquimaster.com.ar\/web\/wp-content\/uploads\/2014\/06\/casa_las_moras_slide.jpg",642,336,false],"thumbnail":["https:\/\/www.arquimaster.com.ar\/web\/wp-content\/uploads\/2014\/06\/casa_las_moras_slide-150x150.jpg",150,150,true],"medium":["https:\/\/www.arquimaster.com.ar\/web\/wp-content\/uploads\/2014\/06\/casa_las_moras_slide-300x157.jpg",300,157,true],"medium_large":["https:\/\/www.arquimaster.com.ar\/web\/wp-content\/uploads\/2014\/06\/casa_las_moras_slide.jpg",642,336,false],"large":["https:\/\/www.arquimaster.com.ar\/web\/wp-content\/uploads\/2014\/06\/casa_las_moras_slide.jpg",642,336,false],"1536x1536":["https:\/\/www.arquimaster.com.ar\/web\/wp-content\/uploads\/2014\/06\/casa_las_moras_slide.jpg",642,336,false],"2048x2048":["https:\/\/www.arquimaster.com.ar\/web\/wp-content\/uploads\/2014\/06\/casa_las_moras_slide.jpg",642,336,false]},"uagb_author_info":{"display_name":"Arquimaster","author_link":"https:\/\/www.arquimaster.com.ar\/web\/author\/arquimaster\/"},"uagb_comment_info":0,"uagb_excerpt":"Casa de fin de semana que aprovecha las magnificas vistas hacia los jardines y el lago...","_links":{"self":[{"href":"https:\/\/www.arquimaster.com.ar\/web\/wp-json\/wp\/v2\/posts\/8064","targetHints":{"allow":["GET"]}}],"collection":[{"href":"https:\/\/www.arquimaster.com.ar\/web\/wp-json\/wp\/v2\/posts"}],"about":[{"href":"https:\/\/www.arquimaster.com.ar\/web\/wp-json\/wp\/v2\/types\/post"}],"author":[{"embeddable":true,"href":"https:\/\/www.arquimaster.com.ar\/web\/wp-json\/wp\/v2\/users\/1"}],"replies":[{"embeddable":true,"href":"https:\/\/www.arquimaster.com.ar\/web\/wp-json\/wp\/v2\/comments?post=8064"}],"version-history":[{"count":0,"href":"https:\/\/www.arquimaster.com.ar\/web\/wp-json\/wp\/v2\/posts\/8064\/revisions"}],"wp:featuredmedia":[{"embeddable":true,"href":"https:\/\/www.arquimaster.com.ar\/web\/wp-json\/wp\/v2\/media\/8065"}],"wp:attachment":[{"href":"https:\/\/www.arquimaster.com.ar\/web\/wp-json\/wp\/v2\/media?parent=8064"}],"wp:term":[{"taxonomy":"category","embeddable":true,"href":"https:\/\/www.arquimaster.com.ar\/web\/wp-json\/wp\/v2\/categories?post=8064"},{"taxonomy":"post_tag","embeddable":true,"href":"https:\/\/www.arquimaster.com.ar\/web\/wp-json\/wp\/v2\/tags?post=8064"}],"curies":[{"name":"wp","href":"https:\/\/api.w.org\/{rel}","templated":true}]}}