{"id":8084,"date":"2014-06-26T02:55:25","date_gmt":"2014-06-26T02:55:25","guid":{"rendered":"http:\/\/www.arquimaster.com.ar\/web\/?p=8084"},"modified":"2014-06-26T01:32:11","modified_gmt":"2014-06-26T01:32:11","slug":"casa-uliva-din-interiorismo-aurelio-vazquez","status":"publish","type":"post","link":"https:\/\/www.arquimaster.com.ar\/web\/casa-uliva-din-interiorismo-aurelio-vazquez\/","title":{"rendered":"Casa Uliva \/ DIN interiorismo + Aurelio V\u00e1zquez"},"content":{"rendered":"<div style=\"margin-top: 0px; margin-bottom: 0px;\" class=\"sharethis-inline-share-buttons\" ><\/div><div class=\"b812932af2e751442846f039925109de\" data-index=\"1\" style=\"float: none; margin:25px 0 25px 0; text-align:center;\">\n<script async src=\"https:\/\/pagead2.googlesyndication.com\/pagead\/js\/adsbygoogle.js\"><\/script>\r\n<!-- Arquimaster (superior) -->\r\n<ins class=\"adsbygoogle\"\r\n     style=\"display:block\"\r\n     data-ad-client=\"ca-pub-6351072698456832\"\r\n     data-ad-slot=\"6455489680\"\r\n     data-ad-format=\"auto\"\r\n     data-full-width-responsive=\"true\"><\/ins>\r\n<script>\r\n     (adsbygoogle = window.adsbygoogle || []).push({});\r\n<\/script>\n<\/div>\n<p><strong>Casa Uliva<\/strong> (Mexico) por <strong>DIN interiorismo + Aurelio V\u00e1zquez<\/strong>. Proyecto de interiorismo, mobiliario, paisajismo e iluminacion en una vivienda que incorpora la exhibici\u00f3n de una colecci\u00f3n de arte.<\/p>\n<div id='gallery-1' class='gallery galleryid-8084 gallery-columns-3 gallery-size-thumbnail'><figure class='gallery-item'>\n\t\t\t<div class='gallery-icon landscape'>\n\t\t\t\t<a href='https:\/\/www.arquimaster.com.ar\/web\/wp-content\/uploads\/2014\/06\/casa_uliva1.jpg' title=\"Casa Uliva \/ DIN interiorismo + Aurelio V\u00e1zquez (\u00a9 Arturo Chavez)\" data-rl_title=\"Casa Uliva \/ DIN interiorismo + Aurelio V\u00e1zquez (\u00a9 Arturo Chavez)\" class=\"rl-gallery-link\" data-rl_caption=\"Casa Uliva \/ DIN interiorismo + Aurelio V\u00e1zquez (\u00a9 Arturo Chavez)\" data-rel=\"lightbox-gallery-1\"><img loading=\"lazy\" decoding=\"async\" width=\"150\" height=\"150\" src=\"https:\/\/www.arquimaster.com.ar\/web\/wp-content\/uploads\/2014\/06\/casa_uliva1-150x150.jpg\" class=\"attachment-thumbnail size-thumbnail\" alt=\"\" aria-describedby=\"gallery-1-8086\" srcset=\"https:\/\/www.arquimaster.com.ar\/web\/wp-content\/uploads\/2014\/06\/casa_uliva1-150x150.jpg 150w, https:\/\/www.arquimaster.com.ar\/web\/wp-content\/uploads\/2014\/06\/casa_uliva1-50x50.jpg 50w, https:\/\/www.arquimaster.com.ar\/web\/wp-content\/uploads\/2014\/06\/casa_uliva1-125x125.jpg 125w\" sizes=\"auto, (max-width: 150px) 100vw, 150px\" \/><\/a>\n\t\t\t<\/div>\n\t\t\t\t<figcaption class='wp-caption-text gallery-caption' id='gallery-1-8086'>\n\t\t\t\tCasa Uliva \/ DIN interiorismo + Aurelio V\u00e1zquez (\u00a9 Arturo Chavez)\n\t\t\t\t<\/figcaption><\/figure><figure class='gallery-item'>\n\t\t\t<div class='gallery-icon landscape'>\n\t\t\t\t<a href='https:\/\/www.arquimaster.com.ar\/web\/wp-content\/uploads\/2014\/06\/casa_uliva3.jpg' title=\"Casa Uliva \/ DIN interiorismo + Aurelio V\u00e1zquez (\u00a9 Arturo Chavez)\" data-rl_title=\"Casa Uliva \/ DIN interiorismo + Aurelio V\u00e1zquez (\u00a9 Arturo Chavez)\" class=\"rl-gallery-link\" data-rl_caption=\"Casa Uliva \/ DIN interiorismo + Aurelio V\u00e1zquez (\u00a9 Arturo Chavez)\" data-rel=\"lightbox-gallery-1\"><img loading=\"lazy\" decoding=\"async\" width=\"150\" height=\"150\" src=\"https:\/\/www.arquimaster.com.ar\/web\/wp-content\/uploads\/2014\/06\/casa_uliva3-150x150.jpg\" class=\"attachment-thumbnail size-thumbnail\" alt=\"\" aria-describedby=\"gallery-1-8088\" srcset=\"https:\/\/www.arquimaster.com.ar\/web\/wp-content\/uploads\/2014\/06\/casa_uliva3-150x150.jpg 150w, https:\/\/www.arquimaster.com.ar\/web\/wp-content\/uploads\/2014\/06\/casa_uliva3-50x50.jpg 50w, https:\/\/www.arquimaster.com.ar\/web\/wp-content\/uploads\/2014\/06\/casa_uliva3-125x125.jpg 125w\" sizes=\"auto, (max-width: 150px) 100vw, 150px\" \/><\/a>\n\t\t\t<\/div>\n\t\t\t\t<figcaption class='wp-caption-text gallery-caption' id='gallery-1-8088'>\n\t\t\t\tCasa Uliva \/ DIN interiorismo + Aurelio V\u00e1zquez (\u00a9 Arturo Chavez)\n\t\t\t\t<\/figcaption><\/figure><figure class='gallery-item'>\n\t\t\t<div class='gallery-icon portrait'>\n\t\t\t\t<a href='https:\/\/www.arquimaster.com.ar\/web\/wp-content\/uploads\/2014\/06\/casa_uliva5.jpg' title=\"Casa Uliva \/ DIN interiorismo + Aurelio V\u00e1zquez (\u00a9 Arturo Chavez)\" data-rl_title=\"Casa Uliva \/ DIN interiorismo + Aurelio V\u00e1zquez (\u00a9 Arturo Chavez)\" class=\"rl-gallery-link\" data-rl_caption=\"Casa Uliva \/ DIN interiorismo + Aurelio V\u00e1zquez (\u00a9 Arturo Chavez)\" data-rel=\"lightbox-gallery-1\"><img loading=\"lazy\" decoding=\"async\" width=\"150\" height=\"150\" src=\"https:\/\/www.arquimaster.com.ar\/web\/wp-content\/uploads\/2014\/06\/casa_uliva5-150x150.jpg\" class=\"attachment-thumbnail size-thumbnail\" alt=\"\" aria-describedby=\"gallery-1-8090\" srcset=\"https:\/\/www.arquimaster.com.ar\/web\/wp-content\/uploads\/2014\/06\/casa_uliva5-150x150.jpg 150w, https:\/\/www.arquimaster.com.ar\/web\/wp-content\/uploads\/2014\/06\/casa_uliva5-50x50.jpg 50w, https:\/\/www.arquimaster.com.ar\/web\/wp-content\/uploads\/2014\/06\/casa_uliva5-125x125.jpg 125w\" sizes=\"auto, (max-width: 150px) 100vw, 150px\" \/><\/a>\n\t\t\t<\/div>\n\t\t\t\t<figcaption class='wp-caption-text gallery-caption' id='gallery-1-8090'>\n\t\t\t\tCasa Uliva \/ DIN interiorismo + Aurelio V\u00e1zquez (\u00a9 Arturo Chavez)\n\t\t\t\t<\/figcaption><\/figure><figure class='gallery-item'>\n\t\t\t<div class='gallery-icon portrait'>\n\t\t\t\t<a href='https:\/\/www.arquimaster.com.ar\/web\/wp-content\/uploads\/2014\/06\/casa_uliva6.jpg' title=\"Casa Uliva \/ DIN interiorismo + Aurelio V\u00e1zquez (\u00a9 Arturo Chavez)\" data-rl_title=\"Casa Uliva \/ DIN interiorismo + Aurelio V\u00e1zquez (\u00a9 Arturo Chavez)\" class=\"rl-gallery-link\" data-rl_caption=\"Casa Uliva \/ DIN interiorismo + Aurelio V\u00e1zquez (\u00a9 Arturo Chavez)\" data-rel=\"lightbox-gallery-1\"><img loading=\"lazy\" decoding=\"async\" width=\"150\" height=\"150\" src=\"https:\/\/www.arquimaster.com.ar\/web\/wp-content\/uploads\/2014\/06\/casa_uliva6-150x150.jpg\" class=\"attachment-thumbnail size-thumbnail\" alt=\"\" aria-describedby=\"gallery-1-8091\" srcset=\"https:\/\/www.arquimaster.com.ar\/web\/wp-content\/uploads\/2014\/06\/casa_uliva6-150x150.jpg 150w, https:\/\/www.arquimaster.com.ar\/web\/wp-content\/uploads\/2014\/06\/casa_uliva6-50x50.jpg 50w, https:\/\/www.arquimaster.com.ar\/web\/wp-content\/uploads\/2014\/06\/casa_uliva6-125x125.jpg 125w\" sizes=\"auto, (max-width: 150px) 100vw, 150px\" \/><\/a>\n\t\t\t<\/div>\n\t\t\t\t<figcaption class='wp-caption-text gallery-caption' id='gallery-1-8091'>\n\t\t\t\tCasa Uliva \/ DIN interiorismo + Aurelio V\u00e1zquez (\u00a9 Arturo Chavez)\n\t\t\t\t<\/figcaption><\/figure><figure class='gallery-item'>\n\t\t\t<div class='gallery-icon landscape'>\n\t\t\t\t<a href='https:\/\/www.arquimaster.com.ar\/web\/wp-content\/uploads\/2014\/06\/casa_uliva4.jpg' title=\"Casa Uliva \/ DIN interiorismo + Aurelio V\u00e1zquez (\u00a9 Arturo Chavez)\" data-rl_title=\"Casa Uliva \/ DIN interiorismo + Aurelio V\u00e1zquez (\u00a9 Arturo Chavez)\" class=\"rl-gallery-link\" data-rl_caption=\"Casa Uliva \/ DIN interiorismo + Aurelio V\u00e1zquez (\u00a9 Arturo Chavez)\" data-rel=\"lightbox-gallery-1\"><img loading=\"lazy\" decoding=\"async\" width=\"150\" height=\"150\" src=\"https:\/\/www.arquimaster.com.ar\/web\/wp-content\/uploads\/2014\/06\/casa_uliva4-150x150.jpg\" class=\"attachment-thumbnail size-thumbnail\" alt=\"\" aria-describedby=\"gallery-1-8089\" srcset=\"https:\/\/www.arquimaster.com.ar\/web\/wp-content\/uploads\/2014\/06\/casa_uliva4-150x150.jpg 150w, https:\/\/www.arquimaster.com.ar\/web\/wp-content\/uploads\/2014\/06\/casa_uliva4-50x50.jpg 50w, https:\/\/www.arquimaster.com.ar\/web\/wp-content\/uploads\/2014\/06\/casa_uliva4-125x125.jpg 125w\" sizes=\"auto, (max-width: 150px) 100vw, 150px\" \/><\/a>\n\t\t\t<\/div>\n\t\t\t\t<figcaption class='wp-caption-text gallery-caption' id='gallery-1-8089'>\n\t\t\t\tCasa Uliva \/ DIN interiorismo + Aurelio V\u00e1zquez (\u00a9 Arturo Chavez)\n\t\t\t\t<\/figcaption><\/figure><figure class='gallery-item'>\n\t\t\t<div class='gallery-icon portrait'>\n\t\t\t\t<a href='https:\/\/www.arquimaster.com.ar\/web\/wp-content\/uploads\/2014\/06\/casa_uliva7.jpg' title=\"Casa Uliva \/ DIN interiorismo + Aurelio V\u00e1zquez (\u00a9 Arturo Chavez)\" data-rl_title=\"Casa Uliva \/ DIN interiorismo + Aurelio V\u00e1zquez (\u00a9 Arturo Chavez)\" class=\"rl-gallery-link\" data-rl_caption=\"Casa Uliva \/ DIN interiorismo + Aurelio V\u00e1zquez (\u00a9 Arturo Chavez)\" data-rel=\"lightbox-gallery-1\"><img loading=\"lazy\" decoding=\"async\" width=\"150\" height=\"150\" src=\"https:\/\/www.arquimaster.com.ar\/web\/wp-content\/uploads\/2014\/06\/casa_uliva7-150x150.jpg\" class=\"attachment-thumbnail size-thumbnail\" alt=\"\" aria-describedby=\"gallery-1-8092\" srcset=\"https:\/\/www.arquimaster.com.ar\/web\/wp-content\/uploads\/2014\/06\/casa_uliva7-150x150.jpg 150w, https:\/\/www.arquimaster.com.ar\/web\/wp-content\/uploads\/2014\/06\/casa_uliva7-50x50.jpg 50w, https:\/\/www.arquimaster.com.ar\/web\/wp-content\/uploads\/2014\/06\/casa_uliva7-125x125.jpg 125w\" sizes=\"auto, (max-width: 150px) 100vw, 150px\" \/><\/a>\n\t\t\t<\/div>\n\t\t\t\t<figcaption class='wp-caption-text gallery-caption' id='gallery-1-8092'>\n\t\t\t\tCasa Uliva \/ DIN interiorismo + Aurelio V\u00e1zquez (\u00a9 Arturo Chavez)\n\t\t\t\t<\/figcaption><\/figure><figure class='gallery-item'>\n\t\t\t<div class='gallery-icon portrait'>\n\t\t\t\t<a href='https:\/\/www.arquimaster.com.ar\/web\/wp-content\/uploads\/2014\/06\/casa_uliva8.jpg' title=\"Casa Uliva \/ DIN interiorismo + Aurelio V\u00e1zquez (\u00a9 Arturo Chavez)\" data-rl_title=\"Casa Uliva \/ DIN interiorismo + Aurelio V\u00e1zquez (\u00a9 Arturo Chavez)\" class=\"rl-gallery-link\" data-rl_caption=\"Casa Uliva \/ DIN interiorismo + Aurelio V\u00e1zquez (\u00a9 Arturo Chavez)\" data-rel=\"lightbox-gallery-1\"><img loading=\"lazy\" decoding=\"async\" width=\"150\" height=\"150\" src=\"https:\/\/www.arquimaster.com.ar\/web\/wp-content\/uploads\/2014\/06\/casa_uliva8-150x150.jpg\" class=\"attachment-thumbnail size-thumbnail\" alt=\"\" aria-describedby=\"gallery-1-8093\" srcset=\"https:\/\/www.arquimaster.com.ar\/web\/wp-content\/uploads\/2014\/06\/casa_uliva8-150x150.jpg 150w, https:\/\/www.arquimaster.com.ar\/web\/wp-content\/uploads\/2014\/06\/casa_uliva8-50x50.jpg 50w, https:\/\/www.arquimaster.com.ar\/web\/wp-content\/uploads\/2014\/06\/casa_uliva8-125x125.jpg 125w\" sizes=\"auto, (max-width: 150px) 100vw, 150px\" \/><\/a>\n\t\t\t<\/div>\n\t\t\t\t<figcaption class='wp-caption-text gallery-caption' id='gallery-1-8093'>\n\t\t\t\tCasa Uliva \/ DIN interiorismo + Aurelio V\u00e1zquez (\u00a9 Arturo Chavez)\n\t\t\t\t<\/figcaption><\/figure><figure class='gallery-item'>\n\t\t\t<div class='gallery-icon landscape'>\n\t\t\t\t<a href='https:\/\/www.arquimaster.com.ar\/web\/wp-content\/uploads\/2014\/06\/casa_uliva9.jpg' title=\"Casa Uliva \/ DIN interiorismo + Aurelio V\u00e1zquez (\u00a9 Arturo Chavez)\" data-rl_title=\"Casa Uliva \/ DIN interiorismo + Aurelio V\u00e1zquez (\u00a9 Arturo Chavez)\" class=\"rl-gallery-link\" data-rl_caption=\"Casa Uliva \/ DIN interiorismo + Aurelio V\u00e1zquez (\u00a9 Arturo Chavez)\" data-rel=\"lightbox-gallery-1\"><img loading=\"lazy\" decoding=\"async\" width=\"150\" height=\"150\" src=\"https:\/\/www.arquimaster.com.ar\/web\/wp-content\/uploads\/2014\/06\/casa_uliva9-150x150.jpg\" class=\"attachment-thumbnail size-thumbnail\" alt=\"\" aria-describedby=\"gallery-1-8094\" srcset=\"https:\/\/www.arquimaster.com.ar\/web\/wp-content\/uploads\/2014\/06\/casa_uliva9-150x150.jpg 150w, https:\/\/www.arquimaster.com.ar\/web\/wp-content\/uploads\/2014\/06\/casa_uliva9-50x50.jpg 50w, https:\/\/www.arquimaster.com.ar\/web\/wp-content\/uploads\/2014\/06\/casa_uliva9-125x125.jpg 125w\" sizes=\"auto, (max-width: 150px) 100vw, 150px\" \/><\/a>\n\t\t\t<\/div>\n\t\t\t\t<figcaption class='wp-caption-text gallery-caption' id='gallery-1-8094'>\n\t\t\t\tCasa Uliva \/ DIN interiorismo + Aurelio V\u00e1zquez (\u00a9 Arturo Chavez)\n\t\t\t\t<\/figcaption><\/figure><figure class='gallery-item'>\n\t\t\t<div class='gallery-icon landscape'>\n\t\t\t\t<a href='https:\/\/www.arquimaster.com.ar\/web\/wp-content\/uploads\/2014\/06\/casa_uliva21.jpg' title=\"Casa Uliva \/ DIN interiorismo + Aurelio V\u00e1zquez (\u00a9 Arturo Chavez)\" data-rl_title=\"Casa Uliva \/ DIN interiorismo + Aurelio V\u00e1zquez (\u00a9 Arturo Chavez)\" class=\"rl-gallery-link\" data-rl_caption=\"Casa Uliva \/ DIN interiorismo + Aurelio V\u00e1zquez (\u00a9 Arturo Chavez)\" data-rel=\"lightbox-gallery-1\"><img loading=\"lazy\" decoding=\"async\" width=\"150\" height=\"150\" src=\"https:\/\/www.arquimaster.com.ar\/web\/wp-content\/uploads\/2014\/06\/casa_uliva21-150x150.jpg\" class=\"attachment-thumbnail size-thumbnail\" alt=\"\" aria-describedby=\"gallery-1-8103\" srcset=\"https:\/\/www.arquimaster.com.ar\/web\/wp-content\/uploads\/2014\/06\/casa_uliva21-150x150.jpg 150w, https:\/\/www.arquimaster.com.ar\/web\/wp-content\/uploads\/2014\/06\/casa_uliva21-50x50.jpg 50w, https:\/\/www.arquimaster.com.ar\/web\/wp-content\/uploads\/2014\/06\/casa_uliva21-125x125.jpg 125w\" sizes=\"auto, (max-width: 150px) 100vw, 150px\" \/><\/a>\n\t\t\t<\/div>\n\t\t\t\t<figcaption class='wp-caption-text gallery-caption' id='gallery-1-8103'>\n\t\t\t\tCasa Uliva \/ DIN interiorismo + Aurelio V\u00e1zquez (\u00a9 Arturo Chavez)\n\t\t\t\t<\/figcaption><\/figure><figure class='gallery-item'>\n\t\t\t<div class='gallery-icon landscape'>\n\t\t\t\t<a href='https:\/\/www.arquimaster.com.ar\/web\/wp-content\/uploads\/2014\/06\/casa_uliva10.jpg' title=\"Casa Uliva \/ DIN interiorismo + Aurelio V\u00e1zquez (\u00a9 Arturo Chavez)\" data-rl_title=\"Casa Uliva \/ DIN interiorismo + Aurelio V\u00e1zquez (\u00a9 Arturo Chavez)\" class=\"rl-gallery-link\" data-rl_caption=\"Casa Uliva \/ DIN interiorismo + Aurelio V\u00e1zquez (\u00a9 Arturo Chavez)\" data-rel=\"lightbox-gallery-1\"><img loading=\"lazy\" decoding=\"async\" width=\"150\" height=\"150\" src=\"https:\/\/www.arquimaster.com.ar\/web\/wp-content\/uploads\/2014\/06\/casa_uliva10-150x150.jpg\" class=\"attachment-thumbnail size-thumbnail\" alt=\"\" aria-describedby=\"gallery-1-8095\" srcset=\"https:\/\/www.arquimaster.com.ar\/web\/wp-content\/uploads\/2014\/06\/casa_uliva10-150x150.jpg 150w, https:\/\/www.arquimaster.com.ar\/web\/wp-content\/uploads\/2014\/06\/casa_uliva10-50x50.jpg 50w, https:\/\/www.arquimaster.com.ar\/web\/wp-content\/uploads\/2014\/06\/casa_uliva10-125x125.jpg 125w\" sizes=\"auto, (max-width: 150px) 100vw, 150px\" \/><\/a>\n\t\t\t<\/div>\n\t\t\t\t<figcaption class='wp-caption-text gallery-caption' id='gallery-1-8095'>\n\t\t\t\tCasa Uliva \/ DIN interiorismo + Aurelio V\u00e1zquez (\u00a9 Arturo Chavez)\n\t\t\t\t<\/figcaption><\/figure><figure class='gallery-item'>\n\t\t\t<div class='gallery-icon portrait'>\n\t\t\t\t<a href='https:\/\/www.arquimaster.com.ar\/web\/wp-content\/uploads\/2014\/06\/casa_uliva11.jpg' title=\"Casa Uliva \/ DIN interiorismo + Aurelio V\u00e1zquez (\u00a9 Arturo Chavez)\" data-rl_title=\"Casa Uliva \/ DIN interiorismo + Aurelio V\u00e1zquez (\u00a9 Arturo Chavez)\" class=\"rl-gallery-link\" data-rl_caption=\"Casa Uliva \/ DIN interiorismo + Aurelio V\u00e1zquez (\u00a9 Arturo Chavez)\" data-rel=\"lightbox-gallery-1\"><img loading=\"lazy\" decoding=\"async\" width=\"150\" height=\"150\" src=\"https:\/\/www.arquimaster.com.ar\/web\/wp-content\/uploads\/2014\/06\/casa_uliva11-150x150.jpg\" class=\"attachment-thumbnail size-thumbnail\" alt=\"\" aria-describedby=\"gallery-1-8096\" srcset=\"https:\/\/www.arquimaster.com.ar\/web\/wp-content\/uploads\/2014\/06\/casa_uliva11-150x150.jpg 150w, https:\/\/www.arquimaster.com.ar\/web\/wp-content\/uploads\/2014\/06\/casa_uliva11-50x50.jpg 50w, https:\/\/www.arquimaster.com.ar\/web\/wp-content\/uploads\/2014\/06\/casa_uliva11-125x125.jpg 125w\" sizes=\"auto, (max-width: 150px) 100vw, 150px\" \/><\/a>\n\t\t\t<\/div>\n\t\t\t\t<figcaption class='wp-caption-text gallery-caption' id='gallery-1-8096'>\n\t\t\t\tCasa Uliva \/ DIN interiorismo + Aurelio V\u00e1zquez (\u00a9 Arturo Chavez)\n\t\t\t\t<\/figcaption><\/figure><figure class='gallery-item'>\n\t\t\t<div class='gallery-icon landscape'>\n\t\t\t\t<a href='https:\/\/www.arquimaster.com.ar\/web\/wp-content\/uploads\/2014\/06\/casa_uliva12.jpg' title=\"Casa Uliva \/ DIN interiorismo + Aurelio V\u00e1zquez (\u00a9 Arturo Chavez)\" data-rl_title=\"Casa Uliva \/ DIN interiorismo + Aurelio V\u00e1zquez (\u00a9 Arturo Chavez)\" class=\"rl-gallery-link\" data-rl_caption=\"Casa Uliva \/ DIN interiorismo + Aurelio V\u00e1zquez (\u00a9 Arturo Chavez)\" data-rel=\"lightbox-gallery-1\"><img loading=\"lazy\" decoding=\"async\" width=\"150\" height=\"150\" src=\"https:\/\/www.arquimaster.com.ar\/web\/wp-content\/uploads\/2014\/06\/casa_uliva12-150x150.jpg\" class=\"attachment-thumbnail size-thumbnail\" alt=\"\" aria-describedby=\"gallery-1-8097\" srcset=\"https:\/\/www.arquimaster.com.ar\/web\/wp-content\/uploads\/2014\/06\/casa_uliva12-150x150.jpg 150w, https:\/\/www.arquimaster.com.ar\/web\/wp-content\/uploads\/2014\/06\/casa_uliva12-50x50.jpg 50w, https:\/\/www.arquimaster.com.ar\/web\/wp-content\/uploads\/2014\/06\/casa_uliva12-125x125.jpg 125w\" sizes=\"auto, (max-width: 150px) 100vw, 150px\" \/><\/a>\n\t\t\t<\/div>\n\t\t\t\t<figcaption class='wp-caption-text gallery-caption' id='gallery-1-8097'>\n\t\t\t\tCasa Uliva \/ DIN interiorismo + Aurelio V\u00e1zquez (\u00a9 Arturo Chavez)\n\t\t\t\t<\/figcaption><\/figure><figure class='gallery-item'>\n\t\t\t<div class='gallery-icon landscape'>\n\t\t\t\t<a href='https:\/\/www.arquimaster.com.ar\/web\/wp-content\/uploads\/2014\/06\/casa_uliva13.jpg' title=\"Casa Uliva \/ DIN interiorismo + Aurelio V\u00e1zquez (\u00a9 Arturo Chavez)\" data-rl_title=\"Casa Uliva \/ DIN interiorismo + Aurelio V\u00e1zquez (\u00a9 Arturo Chavez)\" class=\"rl-gallery-link\" data-rl_caption=\"Casa Uliva \/ DIN interiorismo + Aurelio V\u00e1zquez (\u00a9 Arturo Chavez)\" data-rel=\"lightbox-gallery-1\"><img loading=\"lazy\" decoding=\"async\" width=\"150\" height=\"150\" src=\"https:\/\/www.arquimaster.com.ar\/web\/wp-content\/uploads\/2014\/06\/casa_uliva13-150x150.jpg\" class=\"attachment-thumbnail size-thumbnail\" alt=\"\" aria-describedby=\"gallery-1-8098\" srcset=\"https:\/\/www.arquimaster.com.ar\/web\/wp-content\/uploads\/2014\/06\/casa_uliva13-150x150.jpg 150w, https:\/\/www.arquimaster.com.ar\/web\/wp-content\/uploads\/2014\/06\/casa_uliva13-50x50.jpg 50w, https:\/\/www.arquimaster.com.ar\/web\/wp-content\/uploads\/2014\/06\/casa_uliva13-125x125.jpg 125w\" sizes=\"auto, (max-width: 150px) 100vw, 150px\" \/><\/a>\n\t\t\t<\/div>\n\t\t\t\t<figcaption class='wp-caption-text gallery-caption' id='gallery-1-8098'>\n\t\t\t\tCasa Uliva \/ DIN interiorismo + Aurelio V\u00e1zquez (\u00a9 Arturo Chavez)\n\t\t\t\t<\/figcaption><\/figure><figure class='gallery-item'>\n\t\t\t<div class='gallery-icon landscape'>\n\t\t\t\t<a href='https:\/\/www.arquimaster.com.ar\/web\/wp-content\/uploads\/2014\/06\/casa_uliva14.jpg' title=\"Casa Uliva \/ DIN interiorismo + Aurelio V\u00e1zquez (\u00a9 Arturo Chavez)\" data-rl_title=\"Casa Uliva \/ DIN interiorismo + Aurelio V\u00e1zquez (\u00a9 Arturo Chavez)\" class=\"rl-gallery-link\" data-rl_caption=\"Casa Uliva \/ DIN interiorismo + Aurelio V\u00e1zquez (\u00a9 Arturo Chavez)\" data-rel=\"lightbox-gallery-1\"><img loading=\"lazy\" decoding=\"async\" width=\"150\" height=\"150\" src=\"https:\/\/www.arquimaster.com.ar\/web\/wp-content\/uploads\/2014\/06\/casa_uliva14-150x150.jpg\" class=\"attachment-thumbnail size-thumbnail\" alt=\"\" aria-describedby=\"gallery-1-8099\" srcset=\"https:\/\/www.arquimaster.com.ar\/web\/wp-content\/uploads\/2014\/06\/casa_uliva14-150x150.jpg 150w, https:\/\/www.arquimaster.com.ar\/web\/wp-content\/uploads\/2014\/06\/casa_uliva14-50x50.jpg 50w, https:\/\/www.arquimaster.com.ar\/web\/wp-content\/uploads\/2014\/06\/casa_uliva14-125x125.jpg 125w\" sizes=\"auto, (max-width: 150px) 100vw, 150px\" \/><\/a>\n\t\t\t<\/div>\n\t\t\t\t<figcaption class='wp-caption-text gallery-caption' id='gallery-1-8099'>\n\t\t\t\tCasa Uliva \/ DIN interiorismo + Aurelio V\u00e1zquez (\u00a9 Arturo Chavez)\n\t\t\t\t<\/figcaption><\/figure><figure class='gallery-item'>\n\t\t\t<div class='gallery-icon landscape'>\n\t\t\t\t<a href='https:\/\/www.arquimaster.com.ar\/web\/wp-content\/uploads\/2014\/06\/casa_uliva151.jpg' title=\"Casa Uliva \/ DIN interiorismo + Aurelio V\u00e1zquez (\u00a9 Arturo Chavez)\" data-rl_title=\"Casa Uliva \/ DIN interiorismo + Aurelio V\u00e1zquez (\u00a9 Arturo Chavez)\" class=\"rl-gallery-link\" data-rl_caption=\"Casa Uliva \/ DIN interiorismo + Aurelio V\u00e1zquez (\u00a9 Arturo Chavez)\" data-rel=\"lightbox-gallery-1\"><img loading=\"lazy\" decoding=\"async\" width=\"150\" height=\"150\" src=\"https:\/\/www.arquimaster.com.ar\/web\/wp-content\/uploads\/2014\/06\/casa_uliva151-150x150.jpg\" class=\"attachment-thumbnail size-thumbnail\" alt=\"\" aria-describedby=\"gallery-1-8104\" srcset=\"https:\/\/www.arquimaster.com.ar\/web\/wp-content\/uploads\/2014\/06\/casa_uliva151-150x150.jpg 150w, https:\/\/www.arquimaster.com.ar\/web\/wp-content\/uploads\/2014\/06\/casa_uliva151-50x50.jpg 50w, https:\/\/www.arquimaster.com.ar\/web\/wp-content\/uploads\/2014\/06\/casa_uliva151-125x125.jpg 125w\" sizes=\"auto, (max-width: 150px) 100vw, 150px\" \/><\/a>\n\t\t\t<\/div>\n\t\t\t\t<figcaption class='wp-caption-text gallery-caption' id='gallery-1-8104'>\n\t\t\t\tCasa Uliva \/ DIN interiorismo + Aurelio V\u00e1zquez (\u00a9 Arturo Chavez)\n\t\t\t\t<\/figcaption><\/figure><figure class='gallery-item'>\n\t\t\t<div class='gallery-icon landscape'>\n\t\t\t\t<a href='https:\/\/www.arquimaster.com.ar\/web\/wp-content\/uploads\/2014\/06\/casa_uliva16.jpg' title=\"Casa Uliva \/ DIN interiorismo + Aurelio V\u00e1zquez (planta baja)\" data-rl_title=\"Casa Uliva \/ DIN interiorismo + Aurelio V\u00e1zquez (planta baja)\" class=\"rl-gallery-link\" data-rl_caption=\"Casa Uliva \/ DIN interiorismo + Aurelio V\u00e1zquez (planta baja)\" data-rel=\"lightbox-gallery-1\"><img loading=\"lazy\" decoding=\"async\" width=\"150\" height=\"150\" src=\"https:\/\/www.arquimaster.com.ar\/web\/wp-content\/uploads\/2014\/06\/casa_uliva16-150x150.jpg\" class=\"attachment-thumbnail size-thumbnail\" alt=\"\" aria-describedby=\"gallery-1-8101\" srcset=\"https:\/\/www.arquimaster.com.ar\/web\/wp-content\/uploads\/2014\/06\/casa_uliva16-150x150.jpg 150w, https:\/\/www.arquimaster.com.ar\/web\/wp-content\/uploads\/2014\/06\/casa_uliva16-50x50.jpg 50w, https:\/\/www.arquimaster.com.ar\/web\/wp-content\/uploads\/2014\/06\/casa_uliva16-125x125.jpg 125w\" sizes=\"auto, (max-width: 150px) 100vw, 150px\" \/><\/a>\n\t\t\t<\/div>\n\t\t\t\t<figcaption class='wp-caption-text gallery-caption' id='gallery-1-8101'>\n\t\t\t\tCasa Uliva \/ DIN interiorismo + Aurelio V\u00e1zquez (planta baja)\n\t\t\t\t<\/figcaption><\/figure><figure class='gallery-item'>\n\t\t\t<div class='gallery-icon landscape'>\n\t\t\t\t<a href='https:\/\/www.arquimaster.com.ar\/web\/wp-content\/uploads\/2014\/06\/casa_uliva17.jpg' title=\"Casa Uliva \/ DIN interiorismo + Aurelio V\u00e1zquez (planta alta)\" data-rl_title=\"Casa Uliva \/ DIN interiorismo + Aurelio V\u00e1zquez (planta alta)\" class=\"rl-gallery-link\" data-rl_caption=\"Casa Uliva \/ DIN interiorismo + Aurelio V\u00e1zquez (planta alta)\" data-rel=\"lightbox-gallery-1\"><img loading=\"lazy\" decoding=\"async\" width=\"150\" height=\"150\" src=\"https:\/\/www.arquimaster.com.ar\/web\/wp-content\/uploads\/2014\/06\/casa_uliva17-150x150.jpg\" class=\"attachment-thumbnail size-thumbnail\" alt=\"\" aria-describedby=\"gallery-1-8102\" srcset=\"https:\/\/www.arquimaster.com.ar\/web\/wp-content\/uploads\/2014\/06\/casa_uliva17-150x150.jpg 150w, https:\/\/www.arquimaster.com.ar\/web\/wp-content\/uploads\/2014\/06\/casa_uliva17-50x50.jpg 50w, https:\/\/www.arquimaster.com.ar\/web\/wp-content\/uploads\/2014\/06\/casa_uliva17-125x125.jpg 125w\" sizes=\"auto, (max-width: 150px) 100vw, 150px\" \/><\/a>\n\t\t\t<\/div>\n\t\t\t\t<figcaption class='wp-caption-text gallery-caption' id='gallery-1-8102'>\n\t\t\t\tCasa Uliva \/ DIN interiorismo + Aurelio V\u00e1zquez (planta alta)\n\t\t\t\t<\/figcaption><\/figure>\n\t\t<\/div>\n\n<p>La renovaci\u00f3n de los espacios es una importante actividad del interiorismo y permite que la arquitectura prolongue su vida \u00fatil de forma digna y funcional. En el proyecto para esta casa uno de los objetivos m\u00e1s importantes fue incorporar la exhibici\u00f3n de la colecci\u00f3n de arte de la familia en un espacio con una atm\u00f3sfera contempor\u00e1nea.<\/p>\n<p>Algunas de las \u00e1reas se ampliaron como la cocina y la rec\u00e1mara principal. Para el jard\u00edn se hizo todo un nuevo proyecto que incluy\u00f3 alberca, iluminaci\u00f3n y zonas de descanso.<\/p>\n<p>En el interior los cambios m\u00e1s importantes fueron el nuevo mobiliario y el proyecto de iluminaci\u00f3n, que junto con los acabados y las carpinter\u00edas lograron una paleta neutra con importantes acentos y remates de color para intensificar la luz y amplitud en los espacios.<\/p>\n<p>Para el dise\u00f1o de las habitaciones se tomaron en cuenta todas las necesidades y preferencias de los miembros de la familia que la iban a utilizar.<\/p>\n<p>Adem\u00e1s de las funciones propias del espacio, se incluyeron todos los elementos necesarios para que pudieran disfrutar de sus gustos, pasatiempos y actividades cotidianas.<\/p>\n<p>Cada rec\u00e1mara tiene un estilo personal y distinto tanto en la distribuci\u00f3n como en la selecci\u00f3n de la paleta de color y mobiliario, sin perder la intenci\u00f3n del concepto de dise\u00f1o de toda la casa.<\/p>\n<p><strong>Ficha tecnica<\/strong><br \/>\nNombre: Casa Uliva<br \/>\nUbicaci\u00f3n: Estado de M\u00e9xico<br \/>\nDise\u00f1o de interiores: DIN interiorismo, Aurelio V\u00e1zquez<br \/>\nColaboradores: Liliana Naranjo, Arely Mart\u00ednez, Montserrat Pueblita<br \/>\n\u00c1rea: 1921 m2<br \/>\nA\u00f1o: 2013<br \/>\nFotograf\u00eda: Arturo Chavez<\/p>\n<p><strong>Contacto:<\/strong> <a title=\"DIN interiorismo\" href=\"http:\/\/www.din.com.mx\" target=\"_blank\">http:\/\/www.din.com.mx<\/a><\/p>\n\n<div style=\"font-size: 0px; height: 0px; line-height: 0px; margin: 0; padding: 0; clear: both;\"><\/div><div style=\"margin-top: 0px; margin-bottom: 0px;\" class=\"sharethis-inline-share-buttons\" ><\/div>","protected":false},"excerpt":{"rendered":"<p>El proyecto incorpora una colecci\u00f3n de arte en un espacio de atm\u00f3sfera contempor\u00e1nea&#8230;<\/p>\n","protected":false},"author":1,"featured_media":8085,"comment_status":"closed","ping_status":"closed","sticky":false,"template":"","format":"standard","meta":{"_uag_custom_page_level_css":"","footnotes":""},"categories":[1,82,83],"tags":[2161,187,2159,2158,38,456,2160,24,2162],"class_list":["post-8084","post","type-post","status-publish","format-standard","has-post-thumbnail","hentry","category-proyecto","category-rehabilitaciones","category-vivienda-unifamiliar","tag-arely-martinez","tag-arte","tag-aurelio-vazquez","tag-din-interiorismo","tag-diseno-interior","tag-interiorismo","tag-liliana-naranjo","tag-mexico","tag-montserrat-pueblita","generate-columns","tablet-grid-50","mobile-grid-100","grid-parent","grid-50"],"yoast_head":"<!-- This site is optimized with the Yoast SEO plugin v27.3 - https:\/\/yoast.com\/product\/yoast-seo-wordpress\/ -->\n<title>Casa Uliva \/ DIN interiorismo + Aurelio V\u00e1zquez - Arquimaster<\/title>\n<meta name=\"robots\" content=\"index, follow, max-snippet:-1, max-image-preview:large, max-video-preview:-1\" \/>\n<link rel=\"canonical\" href=\"https:\/\/www.arquimaster.com.ar\/web\/casa-uliva-din-interiorismo-aurelio-vazquez\/\" \/>\n<meta property=\"og:locale\" content=\"es_ES\" \/>\n<meta property=\"og:type\" content=\"article\" \/>\n<meta property=\"og:title\" content=\"Casa Uliva \/ DIN interiorismo + Aurelio V\u00e1zquez - Arquimaster\" \/>\n<meta property=\"og:description\" content=\"El proyecto incorpora una colecci\u00f3n de arte en un espacio de atm\u00f3sfera contempor\u00e1nea...\" \/>\n<meta property=\"og:url\" content=\"https:\/\/www.arquimaster.com.ar\/web\/casa-uliva-din-interiorismo-aurelio-vazquez\/\" \/>\n<meta property=\"og:site_name\" content=\"Arquimaster\" \/>\n<meta property=\"article:publisher\" content=\"http:\/\/www.facebook.com\/ARQUIMASTER.com.ar\" \/>\n<meta property=\"article:published_time\" content=\"2014-06-26T02:55:25+00:00\" \/>\n<meta property=\"og:image\" content=\"https:\/\/www.arquimaster.com.ar\/web\/wp-content\/uploads\/2014\/06\/casa_uliva_slide.jpg\" \/>\n\t<meta property=\"og:image:width\" content=\"642\" \/>\n\t<meta property=\"og:image:height\" content=\"350\" \/>\n\t<meta property=\"og:image:type\" content=\"image\/jpeg\" \/>\n<meta name=\"author\" content=\"Arquimaster\" \/>\n<meta name=\"twitter:card\" content=\"summary_large_image\" \/>\n<meta name=\"twitter:creator\" content=\"@arquimaster\" \/>\n<meta name=\"twitter:site\" content=\"@arquimaster\" \/>\n<meta name=\"twitter:label1\" content=\"Escrito por\" \/>\n\t<meta name=\"twitter:data1\" content=\"Arquimaster\" \/>\n\t<meta name=\"twitter:label2\" content=\"Tiempo de lectura\" \/>\n\t<meta name=\"twitter:data2\" content=\"2 minutos\" \/>\n<script type=\"application\/ld+json\" class=\"yoast-schema-graph\">{\"@context\":\"https:\\\/\\\/schema.org\",\"@graph\":[{\"@type\":\"Article\",\"@id\":\"https:\\\/\\\/www.arquimaster.com.ar\\\/web\\\/casa-uliva-din-interiorismo-aurelio-vazquez\\\/#article\",\"isPartOf\":{\"@id\":\"https:\\\/\\\/www.arquimaster.com.ar\\\/web\\\/casa-uliva-din-interiorismo-aurelio-vazquez\\\/\"},\"author\":{\"name\":\"Arquimaster\",\"@id\":\"https:\\\/\\\/www.arquimaster.com.ar\\\/web\\\/#\\\/schema\\\/person\\\/359e9f7c00193fcde068e0dd2ceb0028\"},\"headline\":\"Casa Uliva \\\/ DIN interiorismo + Aurelio V\u00e1zquez\",\"datePublished\":\"2014-06-26T02:55:25+00:00\",\"mainEntityOfPage\":{\"@id\":\"https:\\\/\\\/www.arquimaster.com.ar\\\/web\\\/casa-uliva-din-interiorismo-aurelio-vazquez\\\/\"},\"wordCount\":317,\"publisher\":{\"@id\":\"https:\\\/\\\/www.arquimaster.com.ar\\\/web\\\/#organization\"},\"image\":{\"@id\":\"https:\\\/\\\/www.arquimaster.com.ar\\\/web\\\/casa-uliva-din-interiorismo-aurelio-vazquez\\\/#primaryimage\"},\"thumbnailUrl\":\"https:\\\/\\\/www.arquimaster.com.ar\\\/web\\\/wp-content\\\/uploads\\\/2014\\\/06\\\/casa_uliva_slide.jpg\",\"keywords\":[\"Arely Mart\u00ednez\",\"arte\",\"Aurelio V\u00e1zquez\",\"DIN interiorismo\",\"dise\u00f1o interior\",\"interiorismo\",\"Liliana Naranjo\",\"Mexico\",\"Montserrat Pueblita\"],\"articleSection\":[\"Proyecto\",\"Rehabilitaciones y ampliaciones\",\"Vivienda unifamiliar y PH\"],\"inLanguage\":\"es\"},{\"@type\":\"WebPage\",\"@id\":\"https:\\\/\\\/www.arquimaster.com.ar\\\/web\\\/casa-uliva-din-interiorismo-aurelio-vazquez\\\/\",\"url\":\"https:\\\/\\\/www.arquimaster.com.ar\\\/web\\\/casa-uliva-din-interiorismo-aurelio-vazquez\\\/\",\"name\":\"Casa Uliva \\\/ DIN interiorismo + Aurelio V\u00e1zquez - Arquimaster\",\"isPartOf\":{\"@id\":\"https:\\\/\\\/www.arquimaster.com.ar\\\/web\\\/#website\"},\"primaryImageOfPage\":{\"@id\":\"https:\\\/\\\/www.arquimaster.com.ar\\\/web\\\/casa-uliva-din-interiorismo-aurelio-vazquez\\\/#primaryimage\"},\"image\":{\"@id\":\"https:\\\/\\\/www.arquimaster.com.ar\\\/web\\\/casa-uliva-din-interiorismo-aurelio-vazquez\\\/#primaryimage\"},\"thumbnailUrl\":\"https:\\\/\\\/www.arquimaster.com.ar\\\/web\\\/wp-content\\\/uploads\\\/2014\\\/06\\\/casa_uliva_slide.jpg\",\"datePublished\":\"2014-06-26T02:55:25+00:00\",\"breadcrumb\":{\"@id\":\"https:\\\/\\\/www.arquimaster.com.ar\\\/web\\\/casa-uliva-din-interiorismo-aurelio-vazquez\\\/#breadcrumb\"},\"inLanguage\":\"es\",\"potentialAction\":[{\"@type\":\"ReadAction\",\"target\":[\"https:\\\/\\\/www.arquimaster.com.ar\\\/web\\\/casa-uliva-din-interiorismo-aurelio-vazquez\\\/\"]}]},{\"@type\":\"ImageObject\",\"inLanguage\":\"es\",\"@id\":\"https:\\\/\\\/www.arquimaster.com.ar\\\/web\\\/casa-uliva-din-interiorismo-aurelio-vazquez\\\/#primaryimage\",\"url\":\"https:\\\/\\\/www.arquimaster.com.ar\\\/web\\\/wp-content\\\/uploads\\\/2014\\\/06\\\/casa_uliva_slide.jpg\",\"contentUrl\":\"https:\\\/\\\/www.arquimaster.com.ar\\\/web\\\/wp-content\\\/uploads\\\/2014\\\/06\\\/casa_uliva_slide.jpg\",\"width\":642,\"height\":350},{\"@type\":\"BreadcrumbList\",\"@id\":\"https:\\\/\\\/www.arquimaster.com.ar\\\/web\\\/casa-uliva-din-interiorismo-aurelio-vazquez\\\/#breadcrumb\",\"itemListElement\":[{\"@type\":\"ListItem\",\"position\":1,\"name\":\"Portada\",\"item\":\"https:\\\/\\\/www.arquimaster.com.ar\\\/web\\\/\"},{\"@type\":\"ListItem\",\"position\":2,\"name\":\"Casa Uliva \\\/ DIN interiorismo + Aurelio V\u00e1zquez\"}]},{\"@type\":\"WebSite\",\"@id\":\"https:\\\/\\\/www.arquimaster.com.ar\\\/web\\\/#website\",\"url\":\"https:\\\/\\\/www.arquimaster.com.ar\\\/web\\\/\",\"name\":\"Arquimaster\",\"description\":\"Web de arquitectura, dise\u00f1o y construccion\",\"publisher\":{\"@id\":\"https:\\\/\\\/www.arquimaster.com.ar\\\/web\\\/#organization\"},\"potentialAction\":[{\"@type\":\"SearchAction\",\"target\":{\"@type\":\"EntryPoint\",\"urlTemplate\":\"https:\\\/\\\/www.arquimaster.com.ar\\\/web\\\/?s={search_term_string}\"},\"query-input\":{\"@type\":\"PropertyValueSpecification\",\"valueRequired\":true,\"valueName\":\"search_term_string\"}}],\"inLanguage\":\"es\"},{\"@type\":\"Organization\",\"@id\":\"https:\\\/\\\/www.arquimaster.com.ar\\\/web\\\/#organization\",\"name\":\"Arquimaster\",\"url\":\"https:\\\/\\\/www.arquimaster.com.ar\\\/web\\\/\",\"logo\":{\"@type\":\"ImageObject\",\"inLanguage\":\"es\",\"@id\":\"https:\\\/\\\/www.arquimaster.com.ar\\\/web\\\/#\\\/schema\\\/logo\\\/image\\\/\",\"url\":\"https:\\\/\\\/www.arquimaster.com.ar\\\/web\\\/wp-content\\\/uploads\\\/2022\\\/06\\\/arquimaster.png\",\"contentUrl\":\"https:\\\/\\\/www.arquimaster.com.ar\\\/web\\\/wp-content\\\/uploads\\\/2022\\\/06\\\/arquimaster.png\",\"width\":594,\"height\":78,\"caption\":\"Arquimaster\"},\"image\":{\"@id\":\"https:\\\/\\\/www.arquimaster.com.ar\\\/web\\\/#\\\/schema\\\/logo\\\/image\\\/\"},\"sameAs\":[\"http:\\\/\\\/www.facebook.com\\\/ARQUIMASTER.com.ar\",\"https:\\\/\\\/x.com\\\/arquimaster\",\"https:\\\/\\\/www.instagram.com\\\/arquimasterblog\\\/\",\"https:\\\/\\\/www.linkedin.com\\\/company\\\/arquimaster\",\"https:\\\/\\\/www.pinterest.com\\\/arquimaster\",\"https:\\\/\\\/t.me\\\/arquimaster\"]},{\"@type\":\"Person\",\"@id\":\"https:\\\/\\\/www.arquimaster.com.ar\\\/web\\\/#\\\/schema\\\/person\\\/359e9f7c00193fcde068e0dd2ceb0028\",\"name\":\"Arquimaster\"}]}<\/script>\n<!-- \/ Yoast SEO plugin. -->","yoast_head_json":{"title":"Casa Uliva \/ DIN interiorismo + Aurelio V\u00e1zquez - Arquimaster","robots":{"index":"index","follow":"follow","max-snippet":"max-snippet:-1","max-image-preview":"max-image-preview:large","max-video-preview":"max-video-preview:-1"},"canonical":"https:\/\/www.arquimaster.com.ar\/web\/casa-uliva-din-interiorismo-aurelio-vazquez\/","og_locale":"es_ES","og_type":"article","og_title":"Casa Uliva \/ DIN interiorismo + Aurelio V\u00e1zquez - Arquimaster","og_description":"El proyecto incorpora una colecci\u00f3n de arte en un espacio de atm\u00f3sfera contempor\u00e1nea...","og_url":"https:\/\/www.arquimaster.com.ar\/web\/casa-uliva-din-interiorismo-aurelio-vazquez\/","og_site_name":"Arquimaster","article_publisher":"http:\/\/www.facebook.com\/ARQUIMASTER.com.ar","article_published_time":"2014-06-26T02:55:25+00:00","og_image":[{"width":642,"height":350,"url":"https:\/\/www.arquimaster.com.ar\/web\/wp-content\/uploads\/2014\/06\/casa_uliva_slide.jpg","type":"image\/jpeg"}],"author":"Arquimaster","twitter_card":"summary_large_image","twitter_creator":"@arquimaster","twitter_site":"@arquimaster","twitter_misc":{"Escrito por":"Arquimaster","Tiempo de lectura":"2 minutos"},"schema":{"@context":"https:\/\/schema.org","@graph":[{"@type":"Article","@id":"https:\/\/www.arquimaster.com.ar\/web\/casa-uliva-din-interiorismo-aurelio-vazquez\/#article","isPartOf":{"@id":"https:\/\/www.arquimaster.com.ar\/web\/casa-uliva-din-interiorismo-aurelio-vazquez\/"},"author":{"name":"Arquimaster","@id":"https:\/\/www.arquimaster.com.ar\/web\/#\/schema\/person\/359e9f7c00193fcde068e0dd2ceb0028"},"headline":"Casa Uliva \/ DIN interiorismo + Aurelio V\u00e1zquez","datePublished":"2014-06-26T02:55:25+00:00","mainEntityOfPage":{"@id":"https:\/\/www.arquimaster.com.ar\/web\/casa-uliva-din-interiorismo-aurelio-vazquez\/"},"wordCount":317,"publisher":{"@id":"https:\/\/www.arquimaster.com.ar\/web\/#organization"},"image":{"@id":"https:\/\/www.arquimaster.com.ar\/web\/casa-uliva-din-interiorismo-aurelio-vazquez\/#primaryimage"},"thumbnailUrl":"https:\/\/www.arquimaster.com.ar\/web\/wp-content\/uploads\/2014\/06\/casa_uliva_slide.jpg","keywords":["Arely Mart\u00ednez","arte","Aurelio V\u00e1zquez","DIN interiorismo","dise\u00f1o interior","interiorismo","Liliana Naranjo","Mexico","Montserrat Pueblita"],"articleSection":["Proyecto","Rehabilitaciones y ampliaciones","Vivienda unifamiliar y PH"],"inLanguage":"es"},{"@type":"WebPage","@id":"https:\/\/www.arquimaster.com.ar\/web\/casa-uliva-din-interiorismo-aurelio-vazquez\/","url":"https:\/\/www.arquimaster.com.ar\/web\/casa-uliva-din-interiorismo-aurelio-vazquez\/","name":"Casa Uliva \/ DIN interiorismo + Aurelio V\u00e1zquez - Arquimaster","isPartOf":{"@id":"https:\/\/www.arquimaster.com.ar\/web\/#website"},"primaryImageOfPage":{"@id":"https:\/\/www.arquimaster.com.ar\/web\/casa-uliva-din-interiorismo-aurelio-vazquez\/#primaryimage"},"image":{"@id":"https:\/\/www.arquimaster.com.ar\/web\/casa-uliva-din-interiorismo-aurelio-vazquez\/#primaryimage"},"thumbnailUrl":"https:\/\/www.arquimaster.com.ar\/web\/wp-content\/uploads\/2014\/06\/casa_uliva_slide.jpg","datePublished":"2014-06-26T02:55:25+00:00","breadcrumb":{"@id":"https:\/\/www.arquimaster.com.ar\/web\/casa-uliva-din-interiorismo-aurelio-vazquez\/#breadcrumb"},"inLanguage":"es","potentialAction":[{"@type":"ReadAction","target":["https:\/\/www.arquimaster.com.ar\/web\/casa-uliva-din-interiorismo-aurelio-vazquez\/"]}]},{"@type":"ImageObject","inLanguage":"es","@id":"https:\/\/www.arquimaster.com.ar\/web\/casa-uliva-din-interiorismo-aurelio-vazquez\/#primaryimage","url":"https:\/\/www.arquimaster.com.ar\/web\/wp-content\/uploads\/2014\/06\/casa_uliva_slide.jpg","contentUrl":"https:\/\/www.arquimaster.com.ar\/web\/wp-content\/uploads\/2014\/06\/casa_uliva_slide.jpg","width":642,"height":350},{"@type":"BreadcrumbList","@id":"https:\/\/www.arquimaster.com.ar\/web\/casa-uliva-din-interiorismo-aurelio-vazquez\/#breadcrumb","itemListElement":[{"@type":"ListItem","position":1,"name":"Portada","item":"https:\/\/www.arquimaster.com.ar\/web\/"},{"@type":"ListItem","position":2,"name":"Casa Uliva \/ DIN interiorismo + Aurelio V\u00e1zquez"}]},{"@type":"WebSite","@id":"https:\/\/www.arquimaster.com.ar\/web\/#website","url":"https:\/\/www.arquimaster.com.ar\/web\/","name":"Arquimaster","description":"Web de arquitectura, dise\u00f1o y construccion","publisher":{"@id":"https:\/\/www.arquimaster.com.ar\/web\/#organization"},"potentialAction":[{"@type":"SearchAction","target":{"@type":"EntryPoint","urlTemplate":"https:\/\/www.arquimaster.com.ar\/web\/?s={search_term_string}"},"query-input":{"@type":"PropertyValueSpecification","valueRequired":true,"valueName":"search_term_string"}}],"inLanguage":"es"},{"@type":"Organization","@id":"https:\/\/www.arquimaster.com.ar\/web\/#organization","name":"Arquimaster","url":"https:\/\/www.arquimaster.com.ar\/web\/","logo":{"@type":"ImageObject","inLanguage":"es","@id":"https:\/\/www.arquimaster.com.ar\/web\/#\/schema\/logo\/image\/","url":"https:\/\/www.arquimaster.com.ar\/web\/wp-content\/uploads\/2022\/06\/arquimaster.png","contentUrl":"https:\/\/www.arquimaster.com.ar\/web\/wp-content\/uploads\/2022\/06\/arquimaster.png","width":594,"height":78,"caption":"Arquimaster"},"image":{"@id":"https:\/\/www.arquimaster.com.ar\/web\/#\/schema\/logo\/image\/"},"sameAs":["http:\/\/www.facebook.com\/ARQUIMASTER.com.ar","https:\/\/x.com\/arquimaster","https:\/\/www.instagram.com\/arquimasterblog\/","https:\/\/www.linkedin.com\/company\/arquimaster","https:\/\/www.pinterest.com\/arquimaster","https:\/\/t.me\/arquimaster"]},{"@type":"Person","@id":"https:\/\/www.arquimaster.com.ar\/web\/#\/schema\/person\/359e9f7c00193fcde068e0dd2ceb0028","name":"Arquimaster"}]}},"uagb_featured_image_src":{"full":["https:\/\/www.arquimaster.com.ar\/web\/wp-content\/uploads\/2014\/06\/casa_uliva_slide.jpg",642,350,false],"thumbnail":["https:\/\/www.arquimaster.com.ar\/web\/wp-content\/uploads\/2014\/06\/casa_uliva_slide-150x150.jpg",150,150,true],"medium":["https:\/\/www.arquimaster.com.ar\/web\/wp-content\/uploads\/2014\/06\/casa_uliva_slide-300x163.jpg",300,163,true],"medium_large":["https:\/\/www.arquimaster.com.ar\/web\/wp-content\/uploads\/2014\/06\/casa_uliva_slide.jpg",642,350,false],"large":["https:\/\/www.arquimaster.com.ar\/web\/wp-content\/uploads\/2014\/06\/casa_uliva_slide.jpg",642,350,false],"1536x1536":["https:\/\/www.arquimaster.com.ar\/web\/wp-content\/uploads\/2014\/06\/casa_uliva_slide.jpg",642,350,false],"2048x2048":["https:\/\/www.arquimaster.com.ar\/web\/wp-content\/uploads\/2014\/06\/casa_uliva_slide.jpg",642,350,false]},"uagb_author_info":{"display_name":"Arquimaster","author_link":"https:\/\/www.arquimaster.com.ar\/web\/author\/arquimaster\/"},"uagb_comment_info":0,"uagb_excerpt":"El proyecto incorpora una colecci\u00f3n de arte en un espacio de atm\u00f3sfera contempor\u00e1nea...","_links":{"self":[{"href":"https:\/\/www.arquimaster.com.ar\/web\/wp-json\/wp\/v2\/posts\/8084","targetHints":{"allow":["GET"]}}],"collection":[{"href":"https:\/\/www.arquimaster.com.ar\/web\/wp-json\/wp\/v2\/posts"}],"about":[{"href":"https:\/\/www.arquimaster.com.ar\/web\/wp-json\/wp\/v2\/types\/post"}],"author":[{"embeddable":true,"href":"https:\/\/www.arquimaster.com.ar\/web\/wp-json\/wp\/v2\/users\/1"}],"replies":[{"embeddable":true,"href":"https:\/\/www.arquimaster.com.ar\/web\/wp-json\/wp\/v2\/comments?post=8084"}],"version-history":[{"count":0,"href":"https:\/\/www.arquimaster.com.ar\/web\/wp-json\/wp\/v2\/posts\/8084\/revisions"}],"wp:featuredmedia":[{"embeddable":true,"href":"https:\/\/www.arquimaster.com.ar\/web\/wp-json\/wp\/v2\/media\/8085"}],"wp:attachment":[{"href":"https:\/\/www.arquimaster.com.ar\/web\/wp-json\/wp\/v2\/media?parent=8084"}],"wp:term":[{"taxonomy":"category","embeddable":true,"href":"https:\/\/www.arquimaster.com.ar\/web\/wp-json\/wp\/v2\/categories?post=8084"},{"taxonomy":"post_tag","embeddable":true,"href":"https:\/\/www.arquimaster.com.ar\/web\/wp-json\/wp\/v2\/tags?post=8084"}],"curies":[{"name":"wp","href":"https:\/\/api.w.org\/{rel}","templated":true}]}}