{"id":80884,"date":"2024-10-03T14:18:41","date_gmt":"2024-10-03T17:18:41","guid":{"rendered":"https:\/\/www.arquimaster.com.ar\/web\/?p=80884"},"modified":"2025-07-24T20:16:36","modified_gmt":"2025-07-24T23:16:36","slug":"santa-ola-moire-arquitectos","status":"publish","type":"post","link":"https:\/\/www.arquimaster.com.ar\/web\/santa-ola-moire-arquitectos\/","title":{"rendered":"Santa Ola \/ Moir\u00eb Arquitectos"},"content":{"rendered":"<div style=\"margin-top: 0px; margin-bottom: 0px;\" class=\"sharethis-inline-share-buttons\" ><\/div><div class=\"b812932af2e751442846f039925109de\" data-index=\"1\" style=\"float: none; margin:25px 0 25px 0; text-align:center;\">\n<script async src=\"https:\/\/pagead2.googlesyndication.com\/pagead\/js\/adsbygoogle.js\"><\/script>\r\n<!-- Arquimaster (superior) -->\r\n<ins class=\"adsbygoogle\"\r\n     style=\"display:block\"\r\n     data-ad-client=\"ca-pub-6351072698456832\"\r\n     data-ad-slot=\"6455489680\"\r\n     data-ad-format=\"auto\"\r\n     data-full-width-responsive=\"true\"><\/ins>\r\n<script>\r\n     (adsbygoogle = window.adsbygoogle || []).push({});\r\n<\/script>\n<\/div>\n<p><strong>Santa Ola<\/strong> (Mar del Plata, Pcia. de Buenos Aires, Argentina) por <strong>Moir\u00eb Arquitectos<\/strong>. La obra consiste en la puesta en valor y ampliaci\u00f3n de un Chalet Marplatense que desde hace ocho a\u00f1os funciona como un local comercial. Se encuentra ubicado en el paseo comercial G\u00fcemes, \u00e1rea comercial en expansi\u00f3n y transformaci\u00f3n de gran densidad peatonal y vehicular.<\/p>\n<div id='gallery-1' class='gallery galleryid-80884 gallery-columns-3 gallery-size-thumbnail'><figure class='gallery-item'>\n\t\t\t<div class='gallery-icon landscape'>\n\t\t\t\t<a href='https:\/\/www.arquimaster.com.ar\/web\/wp-content\/uploads\/2024\/10\/santa_ola_001.jpg' title=\"Santa Ola \/ Moir\u00eb Arquitectos (\u00a9 Ramiro Sosa)\" data-rl_title=\"Santa Ola \/ Moir\u00eb Arquitectos (\u00a9 Ramiro Sosa)\" class=\"rl-gallery-link\" data-rl_caption=\"Santa Ola \/ Moir\u00eb Arquitectos (\u00a9 Ramiro Sosa)\" data-rel=\"lightbox-gallery-1\"><img loading=\"lazy\" decoding=\"async\" width=\"150\" height=\"150\" src=\"https:\/\/www.arquimaster.com.ar\/web\/wp-content\/uploads\/2024\/10\/santa_ola_001-150x150.jpg\" class=\"attachment-thumbnail size-thumbnail\" alt=\"Santa Ola \/ Moir\u00eb Arquitectos\" aria-describedby=\"gallery-1-80886\" \/><\/a>\n\t\t\t<\/div>\n\t\t\t\t<figcaption class='wp-caption-text gallery-caption' id='gallery-1-80886'>\n\t\t\t\tSanta Ola \/ Moir\u00eb Arquitectos (\u00a9 Ramiro Sosa)\n\t\t\t\t<\/figcaption><\/figure><figure class='gallery-item'>\n\t\t\t<div class='gallery-icon landscape'>\n\t\t\t\t<a href='https:\/\/www.arquimaster.com.ar\/web\/wp-content\/uploads\/2024\/10\/santa_ola_002.jpg' title=\"Santa Ola \/ Moir\u00eb Arquitectos (\u00a9 Ramiro Sosa)\" data-rl_title=\"Santa Ola \/ Moir\u00eb Arquitectos (\u00a9 Ramiro Sosa)\" class=\"rl-gallery-link\" data-rl_caption=\"Santa Ola \/ Moir\u00eb Arquitectos (\u00a9 Ramiro Sosa)\" data-rel=\"lightbox-gallery-1\"><img loading=\"lazy\" decoding=\"async\" width=\"150\" height=\"150\" src=\"https:\/\/www.arquimaster.com.ar\/web\/wp-content\/uploads\/2024\/10\/santa_ola_002-150x150.jpg\" class=\"attachment-thumbnail size-thumbnail\" alt=\"Santa Ola \/ Moir\u00eb Arquitectos\" aria-describedby=\"gallery-1-80887\" \/><\/a>\n\t\t\t<\/div>\n\t\t\t\t<figcaption class='wp-caption-text gallery-caption' id='gallery-1-80887'>\n\t\t\t\tSanta Ola \/ Moir\u00eb Arquitectos (\u00a9 Ramiro Sosa)\n\t\t\t\t<\/figcaption><\/figure><figure class='gallery-item'>\n\t\t\t<div class='gallery-icon portrait'>\n\t\t\t\t<a href='https:\/\/www.arquimaster.com.ar\/web\/wp-content\/uploads\/2024\/10\/santa_ola_003.jpg' title=\"Santa Ola \/ Moir\u00eb Arquitectos (\u00a9 Ramiro Sosa)\" data-rl_title=\"Santa Ola \/ Moir\u00eb Arquitectos (\u00a9 Ramiro Sosa)\" class=\"rl-gallery-link\" data-rl_caption=\"Santa Ola \/ Moir\u00eb Arquitectos (\u00a9 Ramiro Sosa)\" data-rel=\"lightbox-gallery-1\"><img loading=\"lazy\" decoding=\"async\" width=\"150\" height=\"150\" src=\"https:\/\/www.arquimaster.com.ar\/web\/wp-content\/uploads\/2024\/10\/santa_ola_003-150x150.jpg\" class=\"attachment-thumbnail size-thumbnail\" alt=\"Santa Ola \/ Moir\u00eb Arquitectos\" aria-describedby=\"gallery-1-80888\" \/><\/a>\n\t\t\t<\/div>\n\t\t\t\t<figcaption class='wp-caption-text gallery-caption' id='gallery-1-80888'>\n\t\t\t\tSanta Ola \/ Moir\u00eb Arquitectos (\u00a9 Ramiro Sosa)\n\t\t\t\t<\/figcaption><\/figure><figure class='gallery-item'>\n\t\t\t<div class='gallery-icon portrait'>\n\t\t\t\t<a href='https:\/\/www.arquimaster.com.ar\/web\/wp-content\/uploads\/2024\/10\/santa_ola_004.jpg' title=\"Santa Ola \/ Moir\u00eb Arquitectos (\u00a9 Ramiro Sosa)\" data-rl_title=\"Santa Ola \/ Moir\u00eb Arquitectos (\u00a9 Ramiro Sosa)\" class=\"rl-gallery-link\" data-rl_caption=\"Santa Ola \/ Moir\u00eb Arquitectos (\u00a9 Ramiro Sosa)\" data-rel=\"lightbox-gallery-1\"><img loading=\"lazy\" decoding=\"async\" width=\"150\" height=\"150\" src=\"https:\/\/www.arquimaster.com.ar\/web\/wp-content\/uploads\/2024\/10\/santa_ola_004-150x150.jpg\" class=\"attachment-thumbnail size-thumbnail\" alt=\"Santa Ola \/ Moir\u00eb Arquitectos\" aria-describedby=\"gallery-1-80889\" \/><\/a>\n\t\t\t<\/div>\n\t\t\t\t<figcaption class='wp-caption-text gallery-caption' id='gallery-1-80889'>\n\t\t\t\tSanta Ola \/ Moir\u00eb Arquitectos (\u00a9 Ramiro Sosa)\n\t\t\t\t<\/figcaption><\/figure><figure class='gallery-item'>\n\t\t\t<div class='gallery-icon portrait'>\n\t\t\t\t<a href='https:\/\/www.arquimaster.com.ar\/web\/wp-content\/uploads\/2024\/10\/santa_ola_005.jpg' title=\"Santa Ola \/ Moir\u00eb Arquitectos (\u00a9 Ramiro Sosa)\" data-rl_title=\"Santa Ola \/ Moir\u00eb Arquitectos (\u00a9 Ramiro Sosa)\" class=\"rl-gallery-link\" data-rl_caption=\"Santa Ola \/ Moir\u00eb Arquitectos (\u00a9 Ramiro Sosa)\" data-rel=\"lightbox-gallery-1\"><img loading=\"lazy\" decoding=\"async\" width=\"150\" height=\"150\" src=\"https:\/\/www.arquimaster.com.ar\/web\/wp-content\/uploads\/2024\/10\/santa_ola_005-150x150.jpg\" class=\"attachment-thumbnail size-thumbnail\" alt=\"Santa Ola \/ Moir\u00eb Arquitectos\" aria-describedby=\"gallery-1-80890\" \/><\/a>\n\t\t\t<\/div>\n\t\t\t\t<figcaption class='wp-caption-text gallery-caption' id='gallery-1-80890'>\n\t\t\t\tSanta Ola \/ Moir\u00eb Arquitectos (\u00a9 Ramiro Sosa)\n\t\t\t\t<\/figcaption><\/figure><figure class='gallery-item'>\n\t\t\t<div class='gallery-icon portrait'>\n\t\t\t\t<a href='https:\/\/www.arquimaster.com.ar\/web\/wp-content\/uploads\/2024\/10\/santa_ola_006.jpg' title=\"Santa Ola \/ Moir\u00eb Arquitectos (\u00a9 Ramiro Sosa)\" data-rl_title=\"Santa Ola \/ Moir\u00eb Arquitectos (\u00a9 Ramiro Sosa)\" class=\"rl-gallery-link\" data-rl_caption=\"Santa Ola \/ Moir\u00eb Arquitectos (\u00a9 Ramiro Sosa)\" data-rel=\"lightbox-gallery-1\"><img loading=\"lazy\" decoding=\"async\" width=\"150\" height=\"150\" src=\"https:\/\/www.arquimaster.com.ar\/web\/wp-content\/uploads\/2024\/10\/santa_ola_006-150x150.jpg\" class=\"attachment-thumbnail size-thumbnail\" alt=\"Santa Ola \/ Moir\u00eb Arquitectos\" aria-describedby=\"gallery-1-80891\" \/><\/a>\n\t\t\t<\/div>\n\t\t\t\t<figcaption class='wp-caption-text gallery-caption' id='gallery-1-80891'>\n\t\t\t\tSanta Ola \/ Moir\u00eb Arquitectos (\u00a9 Ramiro Sosa)\n\t\t\t\t<\/figcaption><\/figure><figure class='gallery-item'>\n\t\t\t<div class='gallery-icon portrait'>\n\t\t\t\t<a href='https:\/\/www.arquimaster.com.ar\/web\/wp-content\/uploads\/2024\/10\/santa_ola_007.jpg' title=\"Santa Ola \/ Moir\u00eb Arquitectos (\u00a9 Ramiro Sosa)\" data-rl_title=\"Santa Ola \/ Moir\u00eb Arquitectos (\u00a9 Ramiro Sosa)\" class=\"rl-gallery-link\" data-rl_caption=\"Santa Ola \/ Moir\u00eb Arquitectos (\u00a9 Ramiro Sosa)\" data-rel=\"lightbox-gallery-1\"><img loading=\"lazy\" decoding=\"async\" width=\"150\" height=\"150\" src=\"https:\/\/www.arquimaster.com.ar\/web\/wp-content\/uploads\/2024\/10\/santa_ola_007-150x150.jpg\" class=\"attachment-thumbnail size-thumbnail\" alt=\"Santa Ola \/ Moir\u00eb Arquitectos\" aria-describedby=\"gallery-1-80892\" \/><\/a>\n\t\t\t<\/div>\n\t\t\t\t<figcaption class='wp-caption-text gallery-caption' id='gallery-1-80892'>\n\t\t\t\tSanta Ola \/ Moir\u00eb Arquitectos (\u00a9 Ramiro Sosa)\n\t\t\t\t<\/figcaption><\/figure><figure class='gallery-item'>\n\t\t\t<div class='gallery-icon portrait'>\n\t\t\t\t<a href='https:\/\/www.arquimaster.com.ar\/web\/wp-content\/uploads\/2024\/10\/santa_ola_008.jpg' title=\"Santa Ola \/ Moir\u00eb Arquitectos (\u00a9 Ramiro Sosa)\" data-rl_title=\"Santa Ola \/ Moir\u00eb Arquitectos (\u00a9 Ramiro Sosa)\" class=\"rl-gallery-link\" data-rl_caption=\"Santa Ola \/ Moir\u00eb Arquitectos (\u00a9 Ramiro Sosa)\" data-rel=\"lightbox-gallery-1\"><img loading=\"lazy\" decoding=\"async\" width=\"150\" height=\"150\" src=\"https:\/\/www.arquimaster.com.ar\/web\/wp-content\/uploads\/2024\/10\/santa_ola_008-150x150.jpg\" class=\"attachment-thumbnail size-thumbnail\" alt=\"Santa Ola \/ Moir\u00eb Arquitectos\" aria-describedby=\"gallery-1-80893\" \/><\/a>\n\t\t\t<\/div>\n\t\t\t\t<figcaption class='wp-caption-text gallery-caption' id='gallery-1-80893'>\n\t\t\t\tSanta Ola \/ Moir\u00eb Arquitectos (\u00a9 Ramiro Sosa)\n\t\t\t\t<\/figcaption><\/figure><figure class='gallery-item'>\n\t\t\t<div class='gallery-icon portrait'>\n\t\t\t\t<a href='https:\/\/www.arquimaster.com.ar\/web\/wp-content\/uploads\/2024\/10\/santa_ola_009.jpg' title=\"Santa Ola \/ Moir\u00eb Arquitectos (\u00a9 Ramiro Sosa)\" data-rl_title=\"Santa Ola \/ Moir\u00eb Arquitectos (\u00a9 Ramiro Sosa)\" class=\"rl-gallery-link\" data-rl_caption=\"Santa Ola \/ Moir\u00eb Arquitectos (\u00a9 Ramiro Sosa)\" data-rel=\"lightbox-gallery-1\"><img loading=\"lazy\" decoding=\"async\" width=\"150\" height=\"150\" src=\"https:\/\/www.arquimaster.com.ar\/web\/wp-content\/uploads\/2024\/10\/santa_ola_009-150x150.jpg\" class=\"attachment-thumbnail size-thumbnail\" alt=\"Santa Ola \/ Moir\u00eb Arquitectos\" aria-describedby=\"gallery-1-80894\" \/><\/a>\n\t\t\t<\/div>\n\t\t\t\t<figcaption class='wp-caption-text gallery-caption' id='gallery-1-80894'>\n\t\t\t\tSanta Ola \/ Moir\u00eb Arquitectos (\u00a9 Ramiro Sosa)\n\t\t\t\t<\/figcaption><\/figure><figure class='gallery-item'>\n\t\t\t<div class='gallery-icon portrait'>\n\t\t\t\t<a href='https:\/\/www.arquimaster.com.ar\/web\/wp-content\/uploads\/2024\/10\/santa_ola_010.jpg' title=\"Santa Ola \/ Moir\u00eb Arquitectos (\u00a9 Ramiro Sosa)\" data-rl_title=\"Santa Ola \/ Moir\u00eb Arquitectos (\u00a9 Ramiro Sosa)\" class=\"rl-gallery-link\" data-rl_caption=\"Santa Ola \/ Moir\u00eb Arquitectos (\u00a9 Ramiro Sosa)\" data-rel=\"lightbox-gallery-1\"><img loading=\"lazy\" decoding=\"async\" width=\"150\" height=\"150\" src=\"https:\/\/www.arquimaster.com.ar\/web\/wp-content\/uploads\/2024\/10\/santa_ola_010-150x150.jpg\" class=\"attachment-thumbnail size-thumbnail\" alt=\"Santa Ola \/ Moir\u00eb Arquitectos\" aria-describedby=\"gallery-1-80895\" \/><\/a>\n\t\t\t<\/div>\n\t\t\t\t<figcaption class='wp-caption-text gallery-caption' id='gallery-1-80895'>\n\t\t\t\tSanta Ola \/ Moir\u00eb Arquitectos (\u00a9 Ramiro Sosa)\n\t\t\t\t<\/figcaption><\/figure><figure class='gallery-item'>\n\t\t\t<div class='gallery-icon landscape'>\n\t\t\t\t<a href='https:\/\/www.arquimaster.com.ar\/web\/wp-content\/uploads\/2024\/10\/santa_ola_011.jpg' title=\"Santa Ola \/ Moir\u00eb Arquitectos (\u00a9 Ramiro Sosa)\" data-rl_title=\"Santa Ola \/ Moir\u00eb Arquitectos (\u00a9 Ramiro Sosa)\" class=\"rl-gallery-link\" data-rl_caption=\"Santa Ola \/ Moir\u00eb Arquitectos (\u00a9 Ramiro Sosa)\" data-rel=\"lightbox-gallery-1\"><img loading=\"lazy\" decoding=\"async\" width=\"150\" height=\"150\" src=\"https:\/\/www.arquimaster.com.ar\/web\/wp-content\/uploads\/2024\/10\/santa_ola_011-150x150.jpg\" class=\"attachment-thumbnail size-thumbnail\" alt=\"Santa Ola \/ Moir\u00eb Arquitectos\" aria-describedby=\"gallery-1-80896\" \/><\/a>\n\t\t\t<\/div>\n\t\t\t\t<figcaption class='wp-caption-text gallery-caption' id='gallery-1-80896'>\n\t\t\t\tSanta Ola \/ Moir\u00eb Arquitectos (\u00a9 Ramiro Sosa)\n\t\t\t\t<\/figcaption><\/figure><figure class='gallery-item'>\n\t\t\t<div class='gallery-icon landscape'>\n\t\t\t\t<a href='https:\/\/www.arquimaster.com.ar\/web\/wp-content\/uploads\/2024\/10\/santa_ola_012.jpg' title=\"Santa Ola \/ Moir\u00eb Arquitectos (\u00a9 Ramiro Sosa)\" data-rl_title=\"Santa Ola \/ Moir\u00eb Arquitectos (\u00a9 Ramiro Sosa)\" class=\"rl-gallery-link\" data-rl_caption=\"Santa Ola \/ Moir\u00eb Arquitectos (\u00a9 Ramiro Sosa)\" data-rel=\"lightbox-gallery-1\"><img loading=\"lazy\" decoding=\"async\" width=\"150\" height=\"150\" src=\"https:\/\/www.arquimaster.com.ar\/web\/wp-content\/uploads\/2024\/10\/santa_ola_012-150x150.jpg\" class=\"attachment-thumbnail size-thumbnail\" alt=\"Santa Ola \/ Moir\u00eb Arquitectos\" aria-describedby=\"gallery-1-80897\" \/><\/a>\n\t\t\t<\/div>\n\t\t\t\t<figcaption class='wp-caption-text gallery-caption' id='gallery-1-80897'>\n\t\t\t\tSanta Ola \/ Moir\u00eb Arquitectos (\u00a9 Ramiro Sosa)\n\t\t\t\t<\/figcaption><\/figure><figure class='gallery-item'>\n\t\t\t<div class='gallery-icon landscape'>\n\t\t\t\t<a href='https:\/\/www.arquimaster.com.ar\/web\/wp-content\/uploads\/2024\/10\/santa_ola_013.jpg' title=\"Santa Ola \/ Moir\u00eb Arquitectos (\u00a9 Ramiro Sosa)\" data-rl_title=\"Santa Ola \/ Moir\u00eb Arquitectos (\u00a9 Ramiro Sosa)\" class=\"rl-gallery-link\" data-rl_caption=\"Santa Ola \/ Moir\u00eb Arquitectos (\u00a9 Ramiro Sosa)\" data-rel=\"lightbox-gallery-1\"><img loading=\"lazy\" decoding=\"async\" width=\"150\" height=\"150\" src=\"https:\/\/www.arquimaster.com.ar\/web\/wp-content\/uploads\/2024\/10\/santa_ola_013-150x150.jpg\" class=\"attachment-thumbnail size-thumbnail\" alt=\"Santa Ola \/ Moir\u00eb Arquitectos\" aria-describedby=\"gallery-1-80898\" \/><\/a>\n\t\t\t<\/div>\n\t\t\t\t<figcaption class='wp-caption-text gallery-caption' id='gallery-1-80898'>\n\t\t\t\tSanta Ola \/ Moir\u00eb Arquitectos (\u00a9 Ramiro Sosa)\n\t\t\t\t<\/figcaption><\/figure><figure class='gallery-item'>\n\t\t\t<div class='gallery-icon portrait'>\n\t\t\t\t<a href='https:\/\/www.arquimaster.com.ar\/web\/wp-content\/uploads\/2024\/10\/santa_ola_014.jpg' title=\"Santa Ola \/ Moir\u00eb Arquitectos (\u00a9 Ramiro Sosa)\" data-rl_title=\"Santa Ola \/ Moir\u00eb Arquitectos (\u00a9 Ramiro Sosa)\" class=\"rl-gallery-link\" data-rl_caption=\"Santa Ola \/ Moir\u00eb Arquitectos (\u00a9 Ramiro Sosa)\" data-rel=\"lightbox-gallery-1\"><img loading=\"lazy\" decoding=\"async\" width=\"150\" height=\"150\" src=\"https:\/\/www.arquimaster.com.ar\/web\/wp-content\/uploads\/2024\/10\/santa_ola_014-150x150.jpg\" class=\"attachment-thumbnail size-thumbnail\" alt=\"Santa Ola \/ Moir\u00eb Arquitectos\" aria-describedby=\"gallery-1-80899\" \/><\/a>\n\t\t\t<\/div>\n\t\t\t\t<figcaption class='wp-caption-text gallery-caption' id='gallery-1-80899'>\n\t\t\t\tSanta Ola \/ Moir\u00eb Arquitectos (\u00a9 Ramiro Sosa)\n\t\t\t\t<\/figcaption><\/figure><figure class='gallery-item'>\n\t\t\t<div class='gallery-icon portrait'>\n\t\t\t\t<a href='https:\/\/www.arquimaster.com.ar\/web\/wp-content\/uploads\/2024\/10\/santa_ola_015.jpg' title=\"Santa Ola \/ Moir\u00eb Arquitectos (\u00a9 Ramiro Sosa)\" data-rl_title=\"Santa Ola \/ Moir\u00eb Arquitectos (\u00a9 Ramiro Sosa)\" class=\"rl-gallery-link\" data-rl_caption=\"Santa Ola \/ Moir\u00eb Arquitectos (\u00a9 Ramiro Sosa)\" data-rel=\"lightbox-gallery-1\"><img loading=\"lazy\" decoding=\"async\" width=\"150\" height=\"150\" src=\"https:\/\/www.arquimaster.com.ar\/web\/wp-content\/uploads\/2024\/10\/santa_ola_015-150x150.jpg\" class=\"attachment-thumbnail size-thumbnail\" alt=\"Santa Ola \/ Moir\u00eb Arquitectos\" aria-describedby=\"gallery-1-80900\" \/><\/a>\n\t\t\t<\/div>\n\t\t\t\t<figcaption class='wp-caption-text gallery-caption' id='gallery-1-80900'>\n\t\t\t\tSanta Ola \/ Moir\u00eb Arquitectos (\u00a9 Ramiro Sosa)\n\t\t\t\t<\/figcaption><\/figure><figure class='gallery-item'>\n\t\t\t<div class='gallery-icon portrait'>\n\t\t\t\t<a href='https:\/\/www.arquimaster.com.ar\/web\/wp-content\/uploads\/2024\/10\/santa_ola_016.jpg' title=\"Santa Ola \/ Moir\u00eb Arquitectos (\u00a9 Ramiro Sosa)\" data-rl_title=\"Santa Ola \/ Moir\u00eb Arquitectos (\u00a9 Ramiro Sosa)\" class=\"rl-gallery-link\" data-rl_caption=\"Santa Ola \/ Moir\u00eb Arquitectos (\u00a9 Ramiro Sosa)\" data-rel=\"lightbox-gallery-1\"><img loading=\"lazy\" decoding=\"async\" width=\"150\" height=\"150\" src=\"https:\/\/www.arquimaster.com.ar\/web\/wp-content\/uploads\/2024\/10\/santa_ola_016-150x150.jpg\" class=\"attachment-thumbnail size-thumbnail\" alt=\"Santa Ola \/ Moir\u00eb Arquitectos\" aria-describedby=\"gallery-1-80901\" \/><\/a>\n\t\t\t<\/div>\n\t\t\t\t<figcaption class='wp-caption-text gallery-caption' id='gallery-1-80901'>\n\t\t\t\tSanta Ola \/ Moir\u00eb Arquitectos (\u00a9 Ramiro Sosa)\n\t\t\t\t<\/figcaption><\/figure><figure class='gallery-item'>\n\t\t\t<div class='gallery-icon portrait'>\n\t\t\t\t<a href='https:\/\/www.arquimaster.com.ar\/web\/wp-content\/uploads\/2024\/10\/santa_ola_017.jpg' title=\"Santa Ola \/ Moir\u00eb Arquitectos (\u00a9 Ramiro Sosa)\" data-rl_title=\"Santa Ola \/ Moir\u00eb Arquitectos (\u00a9 Ramiro Sosa)\" class=\"rl-gallery-link\" data-rl_caption=\"Santa Ola \/ Moir\u00eb Arquitectos (\u00a9 Ramiro Sosa)\" data-rel=\"lightbox-gallery-1\"><img loading=\"lazy\" decoding=\"async\" width=\"150\" height=\"150\" src=\"https:\/\/www.arquimaster.com.ar\/web\/wp-content\/uploads\/2024\/10\/santa_ola_017-150x150.jpg\" class=\"attachment-thumbnail size-thumbnail\" alt=\"Santa Ola \/ Moir\u00eb Arquitectos\" aria-describedby=\"gallery-1-80902\" \/><\/a>\n\t\t\t<\/div>\n\t\t\t\t<figcaption class='wp-caption-text gallery-caption' id='gallery-1-80902'>\n\t\t\t\tSanta Ola \/ Moir\u00eb Arquitectos (\u00a9 Ramiro Sosa)\n\t\t\t\t<\/figcaption><\/figure><figure class='gallery-item'>\n\t\t\t<div class='gallery-icon portrait'>\n\t\t\t\t<a href='https:\/\/www.arquimaster.com.ar\/web\/wp-content\/uploads\/2024\/10\/santa_ola_018.jpg' title=\"Santa Ola \/ Moir\u00eb Arquitectos (\u00a9 Ramiro Sosa)\" data-rl_title=\"Santa Ola \/ Moir\u00eb Arquitectos (\u00a9 Ramiro Sosa)\" class=\"rl-gallery-link\" data-rl_caption=\"Santa Ola \/ Moir\u00eb Arquitectos (\u00a9 Ramiro Sosa)\" data-rel=\"lightbox-gallery-1\"><img loading=\"lazy\" decoding=\"async\" width=\"150\" height=\"150\" src=\"https:\/\/www.arquimaster.com.ar\/web\/wp-content\/uploads\/2024\/10\/santa_ola_018-150x150.jpg\" class=\"attachment-thumbnail size-thumbnail\" alt=\"Santa Ola \/ Moir\u00eb Arquitectos\" aria-describedby=\"gallery-1-80903\" \/><\/a>\n\t\t\t<\/div>\n\t\t\t\t<figcaption class='wp-caption-text gallery-caption' id='gallery-1-80903'>\n\t\t\t\tSanta Ola \/ Moir\u00eb Arquitectos (\u00a9 Ramiro Sosa)\n\t\t\t\t<\/figcaption><\/figure><figure class='gallery-item'>\n\t\t\t<div class='gallery-icon portrait'>\n\t\t\t\t<a href='https:\/\/www.arquimaster.com.ar\/web\/wp-content\/uploads\/2024\/10\/santa_ola_019.jpg' title=\"Santa Ola \/ Moir\u00eb Arquitectos (\u00a9 Ramiro Sosa)\" data-rl_title=\"Santa Ola \/ Moir\u00eb Arquitectos (\u00a9 Ramiro Sosa)\" class=\"rl-gallery-link\" data-rl_caption=\"Santa Ola \/ Moir\u00eb Arquitectos (\u00a9 Ramiro Sosa)\" data-rel=\"lightbox-gallery-1\"><img loading=\"lazy\" decoding=\"async\" width=\"150\" height=\"150\" src=\"https:\/\/www.arquimaster.com.ar\/web\/wp-content\/uploads\/2024\/10\/santa_ola_019-150x150.jpg\" class=\"attachment-thumbnail size-thumbnail\" alt=\"Santa Ola \/ Moir\u00eb Arquitectos\" aria-describedby=\"gallery-1-80904\" \/><\/a>\n\t\t\t<\/div>\n\t\t\t\t<figcaption class='wp-caption-text gallery-caption' id='gallery-1-80904'>\n\t\t\t\tSanta Ola \/ Moir\u00eb Arquitectos (\u00a9 Ramiro Sosa)\n\t\t\t\t<\/figcaption><\/figure><figure class='gallery-item'>\n\t\t\t<div class='gallery-icon landscape'>\n\t\t\t\t<a href='https:\/\/www.arquimaster.com.ar\/web\/wp-content\/uploads\/2024\/10\/santa_ola_020.jpg' title=\"Santa Ola \/ Moir\u00eb Arquitectos (\u00a9 Ramiro Sosa)\" data-rl_title=\"Santa Ola \/ Moir\u00eb Arquitectos (\u00a9 Ramiro Sosa)\" class=\"rl-gallery-link\" data-rl_caption=\"Santa Ola \/ Moir\u00eb Arquitectos (\u00a9 Ramiro Sosa)\" data-rel=\"lightbox-gallery-1\"><img loading=\"lazy\" decoding=\"async\" width=\"150\" height=\"150\" src=\"https:\/\/www.arquimaster.com.ar\/web\/wp-content\/uploads\/2024\/10\/santa_ola_020-150x150.jpg\" class=\"attachment-thumbnail size-thumbnail\" alt=\"Santa Ola \/ Moir\u00eb Arquitectos\" aria-describedby=\"gallery-1-80905\" srcset=\"https:\/\/www.arquimaster.com.ar\/web\/wp-content\/uploads\/2024\/10\/santa_ola_020-150x150.jpg 150w, https:\/\/www.arquimaster.com.ar\/web\/wp-content\/uploads\/2024\/10\/santa_ola_020-768x768.jpg 768w, https:\/\/www.arquimaster.com.ar\/web\/wp-content\/uploads\/2024\/10\/santa_ola_020-1536x1536.jpg 1536w, https:\/\/www.arquimaster.com.ar\/web\/wp-content\/uploads\/2024\/10\/santa_ola_020.jpg 2000w\" sizes=\"auto, (max-width: 150px) 100vw, 150px\" \/><\/a>\n\t\t\t<\/div>\n\t\t\t\t<figcaption class='wp-caption-text gallery-caption' id='gallery-1-80905'>\n\t\t\t\tSanta Ola \/ Moir\u00eb Arquitectos (\u00a9 Ramiro Sosa)\n\t\t\t\t<\/figcaption><\/figure><figure class='gallery-item'>\n\t\t\t<div class='gallery-icon landscape'>\n\t\t\t\t<a href='https:\/\/www.arquimaster.com.ar\/web\/wp-content\/uploads\/2024\/10\/santa_ola_021.jpg' title=\"Santa Ola \/ Moir\u00eb Arquitectos (\u00a9 Ramiro Sosa)\" data-rl_title=\"Santa Ola \/ Moir\u00eb Arquitectos (\u00a9 Ramiro Sosa)\" class=\"rl-gallery-link\" data-rl_caption=\"Santa Ola \/ Moir\u00eb Arquitectos (\u00a9 Ramiro Sosa)\" data-rel=\"lightbox-gallery-1\"><img loading=\"lazy\" decoding=\"async\" width=\"150\" height=\"150\" src=\"https:\/\/www.arquimaster.com.ar\/web\/wp-content\/uploads\/2024\/10\/santa_ola_021-150x150.jpg\" class=\"attachment-thumbnail size-thumbnail\" alt=\"Santa Ola \/ Moir\u00eb Arquitectos\" aria-describedby=\"gallery-1-80906\" srcset=\"https:\/\/www.arquimaster.com.ar\/web\/wp-content\/uploads\/2024\/10\/santa_ola_021-150x150.jpg 150w, https:\/\/www.arquimaster.com.ar\/web\/wp-content\/uploads\/2024\/10\/santa_ola_021-768x768.jpg 768w, https:\/\/www.arquimaster.com.ar\/web\/wp-content\/uploads\/2024\/10\/santa_ola_021-1536x1536.jpg 1536w, https:\/\/www.arquimaster.com.ar\/web\/wp-content\/uploads\/2024\/10\/santa_ola_021.jpg 2000w\" sizes=\"auto, (max-width: 150px) 100vw, 150px\" \/><\/a>\n\t\t\t<\/div>\n\t\t\t\t<figcaption class='wp-caption-text gallery-caption' id='gallery-1-80906'>\n\t\t\t\tSanta Ola \/ Moir\u00eb Arquitectos (\u00a9 Ramiro Sosa)\n\t\t\t\t<\/figcaption><\/figure><figure class='gallery-item'>\n\t\t\t<div class='gallery-icon portrait'>\n\t\t\t\t<a href='https:\/\/www.arquimaster.com.ar\/web\/wp-content\/uploads\/2024\/10\/santa_ola_022.jpg' title=\"Santa Ola \/ Moir\u00eb Arquitectos (\u00a9 Ramiro Sosa)\" data-rl_title=\"Santa Ola \/ Moir\u00eb Arquitectos (\u00a9 Ramiro Sosa)\" class=\"rl-gallery-link\" data-rl_caption=\"Santa Ola \/ Moir\u00eb Arquitectos (\u00a9 Ramiro Sosa)\" data-rel=\"lightbox-gallery-1\"><img loading=\"lazy\" decoding=\"async\" width=\"150\" height=\"150\" src=\"https:\/\/www.arquimaster.com.ar\/web\/wp-content\/uploads\/2024\/10\/santa_ola_022-150x150.jpg\" class=\"attachment-thumbnail size-thumbnail\" alt=\"Santa Ola \/ Moir\u00eb Arquitectos\" aria-describedby=\"gallery-1-80907\" \/><\/a>\n\t\t\t<\/div>\n\t\t\t\t<figcaption class='wp-caption-text gallery-caption' id='gallery-1-80907'>\n\t\t\t\tSanta Ola \/ Moir\u00eb Arquitectos (\u00a9 Ramiro Sosa)\n\t\t\t\t<\/figcaption><\/figure><figure class='gallery-item'>\n\t\t\t<div class='gallery-icon portrait'>\n\t\t\t\t<a href='https:\/\/www.arquimaster.com.ar\/web\/wp-content\/uploads\/2024\/10\/santa_ola_023.jpg' title=\"Santa Ola \/ Moir\u00eb Arquitectos (\u00a9 Ramiro Sosa)\" data-rl_title=\"Santa Ola \/ Moir\u00eb Arquitectos (\u00a9 Ramiro Sosa)\" class=\"rl-gallery-link\" data-rl_caption=\"Santa Ola \/ Moir\u00eb Arquitectos (\u00a9 Ramiro Sosa)\" data-rel=\"lightbox-gallery-1\"><img loading=\"lazy\" decoding=\"async\" width=\"150\" height=\"150\" src=\"https:\/\/www.arquimaster.com.ar\/web\/wp-content\/uploads\/2024\/10\/santa_ola_023-150x150.jpg\" class=\"attachment-thumbnail size-thumbnail\" alt=\"Santa Ola \/ Moir\u00eb Arquitectos\" aria-describedby=\"gallery-1-80908\" \/><\/a>\n\t\t\t<\/div>\n\t\t\t\t<figcaption class='wp-caption-text gallery-caption' id='gallery-1-80908'>\n\t\t\t\tSanta Ola \/ Moir\u00eb Arquitectos (\u00a9 Ramiro Sosa)\n\t\t\t\t<\/figcaption><\/figure><figure class='gallery-item'>\n\t\t\t<div class='gallery-icon portrait'>\n\t\t\t\t<a href='https:\/\/www.arquimaster.com.ar\/web\/wp-content\/uploads\/2024\/10\/santa_ola_024.jpg' title=\"Santa Ola \/ Moir\u00eb Arquitectos (\u00a9 Ramiro Sosa)\" data-rl_title=\"Santa Ola \/ Moir\u00eb Arquitectos (\u00a9 Ramiro Sosa)\" class=\"rl-gallery-link\" data-rl_caption=\"Santa Ola \/ Moir\u00eb Arquitectos (\u00a9 Ramiro Sosa)\" data-rel=\"lightbox-gallery-1\"><img loading=\"lazy\" decoding=\"async\" width=\"150\" height=\"150\" src=\"https:\/\/www.arquimaster.com.ar\/web\/wp-content\/uploads\/2024\/10\/santa_ola_024-150x150.jpg\" class=\"attachment-thumbnail size-thumbnail\" alt=\"Santa Ola \/ Moir\u00eb Arquitectos\" aria-describedby=\"gallery-1-80909\" \/><\/a>\n\t\t\t<\/div>\n\t\t\t\t<figcaption class='wp-caption-text gallery-caption' id='gallery-1-80909'>\n\t\t\t\tSanta Ola \/ Moir\u00eb Arquitectos (\u00a9 Ramiro Sosa)\n\t\t\t\t<\/figcaption><\/figure><figure class='gallery-item'>\n\t\t\t<div class='gallery-icon portrait'>\n\t\t\t\t<a href='https:\/\/www.arquimaster.com.ar\/web\/wp-content\/uploads\/2024\/10\/santa_ola_025.jpg' title=\"Santa Ola \/ Moir\u00eb Arquitectos (\u00a9 Ramiro Sosa)\" data-rl_title=\"Santa Ola \/ Moir\u00eb Arquitectos (\u00a9 Ramiro Sosa)\" class=\"rl-gallery-link\" data-rl_caption=\"Santa Ola \/ Moir\u00eb Arquitectos (\u00a9 Ramiro Sosa)\" data-rel=\"lightbox-gallery-1\"><img loading=\"lazy\" decoding=\"async\" width=\"150\" height=\"150\" src=\"https:\/\/www.arquimaster.com.ar\/web\/wp-content\/uploads\/2024\/10\/santa_ola_025-150x150.jpg\" class=\"attachment-thumbnail size-thumbnail\" alt=\"Santa Ola \/ Moir\u00eb Arquitectos\" aria-describedby=\"gallery-1-80910\" \/><\/a>\n\t\t\t<\/div>\n\t\t\t\t<figcaption class='wp-caption-text gallery-caption' id='gallery-1-80910'>\n\t\t\t\tSanta Ola \/ Moir\u00eb Arquitectos (\u00a9 Ramiro Sosa)\n\t\t\t\t<\/figcaption><\/figure><figure class='gallery-item'>\n\t\t\t<div class='gallery-icon landscape'>\n\t\t\t\t<a href='https:\/\/www.arquimaster.com.ar\/web\/wp-content\/uploads\/2024\/10\/santa_ola_026.jpg' title=\"Santa Ola \/ Moir\u00eb Arquitectos (\u00a9 Ramiro Sosa)\" data-rl_title=\"Santa Ola \/ Moir\u00eb Arquitectos (\u00a9 Ramiro Sosa)\" class=\"rl-gallery-link\" data-rl_caption=\"Santa Ola \/ Moir\u00eb Arquitectos (\u00a9 Ramiro Sosa)\" data-rel=\"lightbox-gallery-1\"><img loading=\"lazy\" decoding=\"async\" width=\"150\" height=\"150\" src=\"https:\/\/www.arquimaster.com.ar\/web\/wp-content\/uploads\/2024\/10\/santa_ola_026-150x150.jpg\" class=\"attachment-thumbnail size-thumbnail\" alt=\"Santa Ola \/ Moir\u00eb Arquitectos\" aria-describedby=\"gallery-1-80911\" \/><\/a>\n\t\t\t<\/div>\n\t\t\t\t<figcaption class='wp-caption-text gallery-caption' id='gallery-1-80911'>\n\t\t\t\tSanta Ola \/ Moir\u00eb Arquitectos (\u00a9 Ramiro Sosa)\n\t\t\t\t<\/figcaption><\/figure><figure class='gallery-item'>\n\t\t\t<div class='gallery-icon landscape'>\n\t\t\t\t<a href='https:\/\/www.arquimaster.com.ar\/web\/wp-content\/uploads\/2024\/10\/santa_ola_027.jpg' title=\"Santa Ola \/ Moir\u00eb Arquitectos (\u00a9 Ramiro Sosa)\" data-rl_title=\"Santa Ola \/ Moir\u00eb Arquitectos (\u00a9 Ramiro Sosa)\" class=\"rl-gallery-link\" data-rl_caption=\"Santa Ola \/ Moir\u00eb Arquitectos (\u00a9 Ramiro Sosa)\" data-rel=\"lightbox-gallery-1\"><img loading=\"lazy\" decoding=\"async\" width=\"150\" height=\"150\" src=\"https:\/\/www.arquimaster.com.ar\/web\/wp-content\/uploads\/2024\/10\/santa_ola_027-150x150.jpg\" class=\"attachment-thumbnail size-thumbnail\" alt=\"Santa Ola \/ Moir\u00eb Arquitectos\" aria-describedby=\"gallery-1-80912\" \/><\/a>\n\t\t\t<\/div>\n\t\t\t\t<figcaption class='wp-caption-text gallery-caption' id='gallery-1-80912'>\n\t\t\t\tSanta Ola \/ Moir\u00eb Arquitectos (\u00a9 Ramiro Sosa)\n\t\t\t\t<\/figcaption><\/figure><figure class='gallery-item'>\n\t\t\t<div class='gallery-icon portrait'>\n\t\t\t\t<a href='https:\/\/www.arquimaster.com.ar\/web\/wp-content\/uploads\/2024\/10\/santa_ola_028.jpg' title=\"Santa Ola \/ Moir\u00eb Arquitectos (\u00a9 Ramiro Sosa)\" data-rl_title=\"Santa Ola \/ Moir\u00eb Arquitectos (\u00a9 Ramiro Sosa)\" class=\"rl-gallery-link\" data-rl_caption=\"Santa Ola \/ Moir\u00eb Arquitectos (\u00a9 Ramiro Sosa)\" data-rel=\"lightbox-gallery-1\"><img loading=\"lazy\" decoding=\"async\" width=\"150\" height=\"150\" src=\"https:\/\/www.arquimaster.com.ar\/web\/wp-content\/uploads\/2024\/10\/santa_ola_028-150x150.jpg\" class=\"attachment-thumbnail size-thumbnail\" alt=\"Santa Ola \/ Moir\u00eb Arquitectos\" aria-describedby=\"gallery-1-80913\" \/><\/a>\n\t\t\t<\/div>\n\t\t\t\t<figcaption class='wp-caption-text gallery-caption' id='gallery-1-80913'>\n\t\t\t\tSanta Ola \/ Moir\u00eb Arquitectos (\u00a9 Ramiro Sosa)\n\t\t\t\t<\/figcaption><\/figure><figure class='gallery-item'>\n\t\t\t<div class='gallery-icon portrait'>\n\t\t\t\t<a href='https:\/\/www.arquimaster.com.ar\/web\/wp-content\/uploads\/2024\/10\/santa_ola_029.jpg' title=\"Santa Ola \/ Moir\u00eb Arquitectos (\u00a9 Ramiro Sosa)\" data-rl_title=\"Santa Ola \/ Moir\u00eb Arquitectos (\u00a9 Ramiro Sosa)\" class=\"rl-gallery-link\" data-rl_caption=\"Santa Ola \/ Moir\u00eb Arquitectos (\u00a9 Ramiro Sosa)\" data-rel=\"lightbox-gallery-1\"><img loading=\"lazy\" decoding=\"async\" width=\"150\" height=\"150\" src=\"https:\/\/www.arquimaster.com.ar\/web\/wp-content\/uploads\/2024\/10\/santa_ola_029-150x150.jpg\" class=\"attachment-thumbnail size-thumbnail\" alt=\"Santa Ola \/ Moir\u00eb Arquitectos\" aria-describedby=\"gallery-1-80914\" \/><\/a>\n\t\t\t<\/div>\n\t\t\t\t<figcaption class='wp-caption-text gallery-caption' id='gallery-1-80914'>\n\t\t\t\tSanta Ola \/ Moir\u00eb Arquitectos (\u00a9 Ramiro Sosa)\n\t\t\t\t<\/figcaption><\/figure><figure class='gallery-item'>\n\t\t\t<div class='gallery-icon portrait'>\n\t\t\t\t<a href='https:\/\/www.arquimaster.com.ar\/web\/wp-content\/uploads\/2024\/10\/santa_ola_030.jpg' title=\"Santa Ola \/ Moir\u00eb Arquitectos (\u00a9 Ramiro Sosa)\" data-rl_title=\"Santa Ola \/ Moir\u00eb Arquitectos (\u00a9 Ramiro Sosa)\" class=\"rl-gallery-link\" data-rl_caption=\"Santa Ola \/ Moir\u00eb Arquitectos (\u00a9 Ramiro Sosa)\" data-rel=\"lightbox-gallery-1\"><img loading=\"lazy\" decoding=\"async\" width=\"150\" height=\"150\" src=\"https:\/\/www.arquimaster.com.ar\/web\/wp-content\/uploads\/2024\/10\/santa_ola_030-150x150.jpg\" class=\"attachment-thumbnail size-thumbnail\" alt=\"Santa Ola \/ Moir\u00eb Arquitectos\" aria-describedby=\"gallery-1-80915\" \/><\/a>\n\t\t\t<\/div>\n\t\t\t\t<figcaption class='wp-caption-text gallery-caption' id='gallery-1-80915'>\n\t\t\t\tSanta Ola \/ Moir\u00eb Arquitectos (\u00a9 Ramiro Sosa)\n\t\t\t\t<\/figcaption><\/figure><figure class='gallery-item'>\n\t\t\t<div class='gallery-icon landscape'>\n\t\t\t\t<a href='https:\/\/www.arquimaster.com.ar\/web\/wp-content\/uploads\/2024\/10\/santa_ola_031.jpg' title=\"Santa Ola \/ Moir\u00eb Arquitectos (\u00a9 Ramiro Sosa)\" data-rl_title=\"Santa Ola \/ Moir\u00eb Arquitectos (\u00a9 Ramiro Sosa)\" class=\"rl-gallery-link\" data-rl_caption=\"Santa Ola \/ Moir\u00eb Arquitectos (\u00a9 Ramiro Sosa)\" data-rel=\"lightbox-gallery-1\"><img loading=\"lazy\" decoding=\"async\" width=\"150\" height=\"150\" src=\"https:\/\/www.arquimaster.com.ar\/web\/wp-content\/uploads\/2024\/10\/santa_ola_031-150x150.jpg\" class=\"attachment-thumbnail size-thumbnail\" alt=\"Santa Ola \/ Moir\u00eb Arquitectos\" aria-describedby=\"gallery-1-80916\" \/><\/a>\n\t\t\t<\/div>\n\t\t\t\t<figcaption class='wp-caption-text gallery-caption' id='gallery-1-80916'>\n\t\t\t\tSanta Ola \/ Moir\u00eb Arquitectos (\u00a9 Ramiro Sosa)\n\t\t\t\t<\/figcaption><\/figure><figure class='gallery-item'>\n\t\t\t<div class='gallery-icon landscape'>\n\t\t\t\t<a href='https:\/\/www.arquimaster.com.ar\/web\/wp-content\/uploads\/2024\/10\/santa_ola_032.jpg' title=\"Santa Ola \/ Moir\u00eb Arquitectos (\u00a9 Ramiro Sosa)\" data-rl_title=\"Santa Ola \/ Moir\u00eb Arquitectos (\u00a9 Ramiro Sosa)\" class=\"rl-gallery-link\" data-rl_caption=\"Santa Ola \/ Moir\u00eb Arquitectos (\u00a9 Ramiro Sosa)\" data-rel=\"lightbox-gallery-1\"><img loading=\"lazy\" decoding=\"async\" width=\"150\" height=\"150\" src=\"https:\/\/www.arquimaster.com.ar\/web\/wp-content\/uploads\/2024\/10\/santa_ola_032-150x150.jpg\" class=\"attachment-thumbnail size-thumbnail\" alt=\"Santa Ola \/ Moir\u00eb Arquitectos\" aria-describedby=\"gallery-1-80917\" \/><\/a>\n\t\t\t<\/div>\n\t\t\t\t<figcaption class='wp-caption-text gallery-caption' id='gallery-1-80917'>\n\t\t\t\tSanta Ola \/ Moir\u00eb Arquitectos (\u00a9 Ramiro Sosa)\n\t\t\t\t<\/figcaption><\/figure><figure class='gallery-item'>\n\t\t\t<div class='gallery-icon landscape'>\n\t\t\t\t<a href='https:\/\/www.arquimaster.com.ar\/web\/wp-content\/uploads\/2024\/10\/santa_ola_033.jpg' title=\"Santa Ola \/ Moir\u00eb Arquitectos (\u00a9 Ramiro Sosa)\" data-rl_title=\"Santa Ola \/ Moir\u00eb Arquitectos (\u00a9 Ramiro Sosa)\" class=\"rl-gallery-link\" data-rl_caption=\"Santa Ola \/ Moir\u00eb Arquitectos (\u00a9 Ramiro Sosa)\" data-rel=\"lightbox-gallery-1\"><img loading=\"lazy\" decoding=\"async\" width=\"150\" height=\"150\" src=\"https:\/\/www.arquimaster.com.ar\/web\/wp-content\/uploads\/2024\/10\/santa_ola_033-150x150.jpg\" class=\"attachment-thumbnail size-thumbnail\" alt=\"Santa Ola \/ Moir\u00eb Arquitectos\" aria-describedby=\"gallery-1-80918\" \/><\/a>\n\t\t\t<\/div>\n\t\t\t\t<figcaption class='wp-caption-text gallery-caption' id='gallery-1-80918'>\n\t\t\t\tSanta Ola \/ Moir\u00eb Arquitectos (\u00a9 Ramiro Sosa)\n\t\t\t\t<\/figcaption><\/figure><figure class='gallery-item'>\n\t\t\t<div class='gallery-icon landscape'>\n\t\t\t\t<a href='https:\/\/www.arquimaster.com.ar\/web\/wp-content\/uploads\/2024\/10\/santa_ola_034.jpg' title=\"Santa Ola \/ Moir\u00eb Arquitectos (\u00a9 Ramiro Sosa)\" data-rl_title=\"Santa Ola \/ Moir\u00eb Arquitectos (\u00a9 Ramiro Sosa)\" class=\"rl-gallery-link\" data-rl_caption=\"Santa Ola \/ Moir\u00eb Arquitectos (\u00a9 Ramiro Sosa)\" data-rel=\"lightbox-gallery-1\"><img loading=\"lazy\" decoding=\"async\" width=\"150\" height=\"150\" src=\"https:\/\/www.arquimaster.com.ar\/web\/wp-content\/uploads\/2024\/10\/santa_ola_034-150x150.jpg\" class=\"attachment-thumbnail size-thumbnail\" alt=\"Santa Ola \/ Moir\u00eb Arquitectos\" aria-describedby=\"gallery-1-80919\" \/><\/a>\n\t\t\t<\/div>\n\t\t\t\t<figcaption class='wp-caption-text gallery-caption' id='gallery-1-80919'>\n\t\t\t\tSanta Ola \/ Moir\u00eb Arquitectos (\u00a9 Ramiro Sosa)\n\t\t\t\t<\/figcaption><\/figure><figure class='gallery-item'>\n\t\t\t<div class='gallery-icon landscape'>\n\t\t\t\t<a href='https:\/\/www.arquimaster.com.ar\/web\/wp-content\/uploads\/2024\/10\/santa_ola_035.jpg' title=\"Santa Ola \/ Moir\u00eb Arquitectos (\u00a9 Ramiro Sosa)\" data-rl_title=\"Santa Ola \/ Moir\u00eb Arquitectos (\u00a9 Ramiro Sosa)\" class=\"rl-gallery-link\" data-rl_caption=\"Santa Ola \/ Moir\u00eb Arquitectos (\u00a9 Ramiro Sosa)\" data-rel=\"lightbox-gallery-1\"><img loading=\"lazy\" decoding=\"async\" width=\"150\" height=\"150\" src=\"https:\/\/www.arquimaster.com.ar\/web\/wp-content\/uploads\/2024\/10\/santa_ola_035-150x150.jpg\" class=\"attachment-thumbnail size-thumbnail\" alt=\"Santa Ola \/ Moir\u00eb Arquitectos\" aria-describedby=\"gallery-1-80920\" \/><\/a>\n\t\t\t<\/div>\n\t\t\t\t<figcaption class='wp-caption-text gallery-caption' id='gallery-1-80920'>\n\t\t\t\tSanta Ola \/ Moir\u00eb Arquitectos (\u00a9 Ramiro Sosa)\n\t\t\t\t<\/figcaption><\/figure><figure class='gallery-item'>\n\t\t\t<div class='gallery-icon portrait'>\n\t\t\t\t<a href='https:\/\/www.arquimaster.com.ar\/web\/wp-content\/uploads\/2024\/10\/santa_ola_036.jpg' title=\"Santa Ola \/ Moir\u00eb Arquitectos (\u00a9 Ramiro Sosa)\" data-rl_title=\"Santa Ola \/ Moir\u00eb Arquitectos (\u00a9 Ramiro Sosa)\" class=\"rl-gallery-link\" data-rl_caption=\"Santa Ola \/ Moir\u00eb Arquitectos (\u00a9 Ramiro Sosa)\" data-rel=\"lightbox-gallery-1\"><img loading=\"lazy\" decoding=\"async\" width=\"150\" height=\"150\" src=\"https:\/\/www.arquimaster.com.ar\/web\/wp-content\/uploads\/2024\/10\/santa_ola_036-150x150.jpg\" class=\"attachment-thumbnail size-thumbnail\" alt=\"Santa Ola \/ Moir\u00eb Arquitectos\" aria-describedby=\"gallery-1-80921\" \/><\/a>\n\t\t\t<\/div>\n\t\t\t\t<figcaption class='wp-caption-text gallery-caption' id='gallery-1-80921'>\n\t\t\t\tSanta Ola \/ Moir\u00eb Arquitectos (\u00a9 Ramiro Sosa)\n\t\t\t\t<\/figcaption><\/figure><figure class='gallery-item'>\n\t\t\t<div class='gallery-icon portrait'>\n\t\t\t\t<a href='https:\/\/www.arquimaster.com.ar\/web\/wp-content\/uploads\/2024\/10\/santa_ola_037.jpg' title=\"Santa Ola \/ Moir\u00eb Arquitectos (\u00a9 Ramiro Sosa)\" data-rl_title=\"Santa Ola \/ Moir\u00eb Arquitectos (\u00a9 Ramiro Sosa)\" class=\"rl-gallery-link\" data-rl_caption=\"Santa Ola \/ Moir\u00eb Arquitectos (\u00a9 Ramiro Sosa)\" data-rel=\"lightbox-gallery-1\"><img loading=\"lazy\" decoding=\"async\" width=\"150\" height=\"150\" src=\"https:\/\/www.arquimaster.com.ar\/web\/wp-content\/uploads\/2024\/10\/santa_ola_037-150x150.jpg\" class=\"attachment-thumbnail size-thumbnail\" alt=\"Santa Ola \/ Moir\u00eb Arquitectos\" aria-describedby=\"gallery-1-80922\" \/><\/a>\n\t\t\t<\/div>\n\t\t\t\t<figcaption class='wp-caption-text gallery-caption' id='gallery-1-80922'>\n\t\t\t\tSanta Ola \/ Moir\u00eb Arquitectos (\u00a9 Ramiro Sosa)\n\t\t\t\t<\/figcaption><\/figure><figure class='gallery-item'>\n\t\t\t<div class='gallery-icon portrait'>\n\t\t\t\t<a href='https:\/\/www.arquimaster.com.ar\/web\/wp-content\/uploads\/2024\/10\/santa_ola_038.jpg' title=\"Santa Ola \/ Moir\u00eb Arquitectos (\u00a9 Ramiro Sosa)\" data-rl_title=\"Santa Ola \/ Moir\u00eb Arquitectos (\u00a9 Ramiro Sosa)\" class=\"rl-gallery-link\" data-rl_caption=\"Santa Ola \/ Moir\u00eb Arquitectos (\u00a9 Ramiro Sosa)\" data-rel=\"lightbox-gallery-1\"><img loading=\"lazy\" decoding=\"async\" width=\"150\" height=\"150\" src=\"https:\/\/www.arquimaster.com.ar\/web\/wp-content\/uploads\/2024\/10\/santa_ola_038-150x150.jpg\" class=\"attachment-thumbnail size-thumbnail\" alt=\"Santa Ola \/ Moir\u00eb Arquitectos\" aria-describedby=\"gallery-1-80923\" \/><\/a>\n\t\t\t<\/div>\n\t\t\t\t<figcaption class='wp-caption-text gallery-caption' id='gallery-1-80923'>\n\t\t\t\tSanta Ola \/ Moir\u00eb Arquitectos (\u00a9 Ramiro Sosa)\n\t\t\t\t<\/figcaption><\/figure><figure class='gallery-item'>\n\t\t\t<div class='gallery-icon portrait'>\n\t\t\t\t<a href='https:\/\/www.arquimaster.com.ar\/web\/wp-content\/uploads\/2024\/10\/santa_ola_039.jpg' title=\"Santa Ola \/ Moir\u00eb Arquitectos (\u00a9 Ramiro Sosa)\" data-rl_title=\"Santa Ola \/ Moir\u00eb Arquitectos (\u00a9 Ramiro Sosa)\" class=\"rl-gallery-link\" data-rl_caption=\"Santa Ola \/ Moir\u00eb Arquitectos (\u00a9 Ramiro Sosa)\" data-rel=\"lightbox-gallery-1\"><img loading=\"lazy\" decoding=\"async\" width=\"150\" height=\"150\" src=\"https:\/\/www.arquimaster.com.ar\/web\/wp-content\/uploads\/2024\/10\/santa_ola_039-150x150.jpg\" class=\"attachment-thumbnail size-thumbnail\" alt=\"Santa Ola \/ Moir\u00eb Arquitectos\" aria-describedby=\"gallery-1-80924\" \/><\/a>\n\t\t\t<\/div>\n\t\t\t\t<figcaption class='wp-caption-text gallery-caption' id='gallery-1-80924'>\n\t\t\t\tSanta Ola \/ Moir\u00eb Arquitectos (\u00a9 Ramiro Sosa)\n\t\t\t\t<\/figcaption><\/figure><figure class='gallery-item'>\n\t\t\t<div class='gallery-icon portrait'>\n\t\t\t\t<a href='https:\/\/www.arquimaster.com.ar\/web\/wp-content\/uploads\/2024\/10\/santa_ola_040.jpg' title=\"Santa Ola \/ Moir\u00eb Arquitectos (\u00a9 Ramiro Sosa)\" data-rl_title=\"Santa Ola \/ Moir\u00eb Arquitectos (\u00a9 Ramiro Sosa)\" class=\"rl-gallery-link\" data-rl_caption=\"Santa Ola \/ Moir\u00eb Arquitectos (\u00a9 Ramiro Sosa)\" data-rel=\"lightbox-gallery-1\"><img loading=\"lazy\" decoding=\"async\" width=\"150\" height=\"150\" src=\"https:\/\/www.arquimaster.com.ar\/web\/wp-content\/uploads\/2024\/10\/santa_ola_040-150x150.jpg\" class=\"attachment-thumbnail size-thumbnail\" alt=\"Santa Ola \/ Moir\u00eb Arquitectos\" aria-describedby=\"gallery-1-80925\" \/><\/a>\n\t\t\t<\/div>\n\t\t\t\t<figcaption class='wp-caption-text gallery-caption' id='gallery-1-80925'>\n\t\t\t\tSanta Ola \/ Moir\u00eb Arquitectos (\u00a9 Ramiro Sosa)\n\t\t\t\t<\/figcaption><\/figure><figure class='gallery-item'>\n\t\t\t<div class='gallery-icon landscape'>\n\t\t\t\t<a href='https:\/\/www.arquimaster.com.ar\/web\/wp-content\/uploads\/2024\/10\/santa_ola_041.jpg' title=\"Santa Ola \/ Moir\u00eb Arquitectos (\u00a9 Ramiro Sosa)\" data-rl_title=\"Santa Ola \/ Moir\u00eb Arquitectos (\u00a9 Ramiro Sosa)\" class=\"rl-gallery-link\" data-rl_caption=\"Santa Ola \/ Moir\u00eb Arquitectos (\u00a9 Ramiro Sosa)\" data-rel=\"lightbox-gallery-1\"><img loading=\"lazy\" decoding=\"async\" width=\"150\" height=\"150\" src=\"https:\/\/www.arquimaster.com.ar\/web\/wp-content\/uploads\/2024\/10\/santa_ola_041-150x150.jpg\" class=\"attachment-thumbnail size-thumbnail\" alt=\"Santa Ola \/ Moir\u00eb Arquitectos\" aria-describedby=\"gallery-1-80926\" \/><\/a>\n\t\t\t<\/div>\n\t\t\t\t<figcaption class='wp-caption-text gallery-caption' id='gallery-1-80926'>\n\t\t\t\tSanta Ola \/ Moir\u00eb Arquitectos (\u00a9 Ramiro Sosa)\n\t\t\t\t<\/figcaption><\/figure><figure class='gallery-item'>\n\t\t\t<div class='gallery-icon portrait'>\n\t\t\t\t<a href='https:\/\/www.arquimaster.com.ar\/web\/wp-content\/uploads\/2024\/10\/santa_ola_042.jpg' title=\"Santa Ola \/ Moir\u00eb Arquitectos (\u00a9 Ramiro Sosa)\" data-rl_title=\"Santa Ola \/ Moir\u00eb Arquitectos (\u00a9 Ramiro Sosa)\" class=\"rl-gallery-link\" data-rl_caption=\"Santa Ola \/ Moir\u00eb Arquitectos (\u00a9 Ramiro Sosa)\" data-rel=\"lightbox-gallery-1\"><img loading=\"lazy\" decoding=\"async\" width=\"150\" height=\"150\" src=\"https:\/\/www.arquimaster.com.ar\/web\/wp-content\/uploads\/2024\/10\/santa_ola_042-150x150.jpg\" class=\"attachment-thumbnail size-thumbnail\" alt=\"Santa Ola \/ Moir\u00eb Arquitectos\" aria-describedby=\"gallery-1-80927\" \/><\/a>\n\t\t\t<\/div>\n\t\t\t\t<figcaption class='wp-caption-text gallery-caption' id='gallery-1-80927'>\n\t\t\t\tSanta Ola \/ Moir\u00eb Arquitectos (\u00a9 Ramiro Sosa)\n\t\t\t\t<\/figcaption><\/figure><figure class='gallery-item'>\n\t\t\t<div class='gallery-icon portrait'>\n\t\t\t\t<a href='https:\/\/www.arquimaster.com.ar\/web\/wp-content\/uploads\/2024\/10\/santa_ola_043.jpg' title=\"Santa Ola \/ Moir\u00eb Arquitectos (\u00a9 Ramiro Sosa)\" data-rl_title=\"Santa Ola \/ Moir\u00eb Arquitectos (\u00a9 Ramiro Sosa)\" class=\"rl-gallery-link\" data-rl_caption=\"Santa Ola \/ Moir\u00eb Arquitectos (\u00a9 Ramiro Sosa)\" data-rel=\"lightbox-gallery-1\"><img loading=\"lazy\" decoding=\"async\" width=\"150\" height=\"150\" src=\"https:\/\/www.arquimaster.com.ar\/web\/wp-content\/uploads\/2024\/10\/santa_ola_043-150x150.jpg\" class=\"attachment-thumbnail size-thumbnail\" alt=\"Santa Ola \/ Moir\u00eb Arquitectos\" aria-describedby=\"gallery-1-80928\" \/><\/a>\n\t\t\t<\/div>\n\t\t\t\t<figcaption class='wp-caption-text gallery-caption' id='gallery-1-80928'>\n\t\t\t\tSanta Ola \/ Moir\u00eb Arquitectos (\u00a9 Ramiro Sosa)\n\t\t\t\t<\/figcaption><\/figure><figure class='gallery-item'>\n\t\t\t<div class='gallery-icon landscape'>\n\t\t\t\t<a href='https:\/\/www.arquimaster.com.ar\/web\/wp-content\/uploads\/2024\/10\/santa_ola_044.jpg' title=\"Santa Ola \/ Moir\u00eb Arquitectos (\u00a9 Ramiro Sosa)\" data-rl_title=\"Santa Ola \/ Moir\u00eb Arquitectos (\u00a9 Ramiro Sosa)\" class=\"rl-gallery-link\" data-rl_caption=\"Santa Ola \/ Moir\u00eb Arquitectos (\u00a9 Ramiro Sosa)\" data-rel=\"lightbox-gallery-1\"><img loading=\"lazy\" decoding=\"async\" width=\"150\" height=\"150\" src=\"https:\/\/www.arquimaster.com.ar\/web\/wp-content\/uploads\/2024\/10\/santa_ola_044-150x150.jpg\" class=\"attachment-thumbnail size-thumbnail\" alt=\"Santa Ola \/ Moir\u00eb Arquitectos\" aria-describedby=\"gallery-1-80929\" \/><\/a>\n\t\t\t<\/div>\n\t\t\t\t<figcaption class='wp-caption-text gallery-caption' id='gallery-1-80929'>\n\t\t\t\tSanta Ola \/ Moir\u00eb Arquitectos (\u00a9 Ramiro Sosa)\n\t\t\t\t<\/figcaption><\/figure><figure class='gallery-item'>\n\t\t\t<div class='gallery-icon landscape'>\n\t\t\t\t<a href='https:\/\/www.arquimaster.com.ar\/web\/wp-content\/uploads\/2024\/10\/santa_ola_045.jpg' title=\"Santa Ola \/ Moir\u00eb Arquitectos (\u00a9 Ramiro Sosa)\" data-rl_title=\"Santa Ola \/ Moir\u00eb Arquitectos (\u00a9 Ramiro Sosa)\" class=\"rl-gallery-link\" data-rl_caption=\"Santa Ola \/ Moir\u00eb Arquitectos (\u00a9 Ramiro Sosa)\" data-rel=\"lightbox-gallery-1\"><img loading=\"lazy\" decoding=\"async\" width=\"150\" height=\"150\" src=\"https:\/\/www.arquimaster.com.ar\/web\/wp-content\/uploads\/2024\/10\/santa_ola_045-150x150.jpg\" class=\"attachment-thumbnail size-thumbnail\" alt=\"Santa Ola \/ Moir\u00eb Arquitectos\" aria-describedby=\"gallery-1-80930\" \/><\/a>\n\t\t\t<\/div>\n\t\t\t\t<figcaption class='wp-caption-text gallery-caption' id='gallery-1-80930'>\n\t\t\t\tSanta Ola \/ Moir\u00eb Arquitectos (\u00a9 Ramiro Sosa)\n\t\t\t\t<\/figcaption><\/figure><figure class='gallery-item'>\n\t\t\t<div class='gallery-icon landscape'>\n\t\t\t\t<a href='https:\/\/www.arquimaster.com.ar\/web\/wp-content\/uploads\/2024\/10\/santa_ola_046.jpg' title=\"Santa Ola \/ Moir\u00eb Arquitectos (\u00a9 Ramiro Sosa)\" data-rl_title=\"Santa Ola \/ Moir\u00eb Arquitectos (\u00a9 Ramiro Sosa)\" class=\"rl-gallery-link\" data-rl_caption=\"Santa Ola \/ Moir\u00eb Arquitectos (\u00a9 Ramiro Sosa)\" data-rel=\"lightbox-gallery-1\"><img loading=\"lazy\" decoding=\"async\" width=\"150\" height=\"150\" src=\"https:\/\/www.arquimaster.com.ar\/web\/wp-content\/uploads\/2024\/10\/santa_ola_046-150x150.jpg\" class=\"attachment-thumbnail size-thumbnail\" alt=\"Santa Ola \/ Moir\u00eb Arquitectos\" aria-describedby=\"gallery-1-80931\" srcset=\"https:\/\/www.arquimaster.com.ar\/web\/wp-content\/uploads\/2024\/10\/santa_ola_046-150x150.jpg 150w, https:\/\/www.arquimaster.com.ar\/web\/wp-content\/uploads\/2024\/10\/santa_ola_046-768x768.jpg 768w, https:\/\/www.arquimaster.com.ar\/web\/wp-content\/uploads\/2024\/10\/santa_ola_046-1536x1536.jpg 1536w, https:\/\/www.arquimaster.com.ar\/web\/wp-content\/uploads\/2024\/10\/santa_ola_046.jpg 2000w\" sizes=\"auto, (max-width: 150px) 100vw, 150px\" \/><\/a>\n\t\t\t<\/div>\n\t\t\t\t<figcaption class='wp-caption-text gallery-caption' id='gallery-1-80931'>\n\t\t\t\tSanta Ola \/ Moir\u00eb Arquitectos (\u00a9 Ramiro Sosa)\n\t\t\t\t<\/figcaption><\/figure><figure class='gallery-item'>\n\t\t\t<div class='gallery-icon portrait'>\n\t\t\t\t<a href='https:\/\/www.arquimaster.com.ar\/web\/wp-content\/uploads\/2024\/10\/santa_ola_047.jpg' title=\"Santa Ola \/ Moir\u00eb Arquitectos (\u00a9 Ramiro Sosa)\" data-rl_title=\"Santa Ola \/ Moir\u00eb Arquitectos (\u00a9 Ramiro Sosa)\" class=\"rl-gallery-link\" data-rl_caption=\"Santa Ola \/ Moir\u00eb Arquitectos (\u00a9 Ramiro Sosa)\" data-rel=\"lightbox-gallery-1\"><img loading=\"lazy\" decoding=\"async\" width=\"150\" height=\"150\" src=\"https:\/\/www.arquimaster.com.ar\/web\/wp-content\/uploads\/2024\/10\/santa_ola_047-150x150.jpg\" class=\"attachment-thumbnail size-thumbnail\" alt=\"Santa Ola \/ Moir\u00eb Arquitectos\" aria-describedby=\"gallery-1-80932\" \/><\/a>\n\t\t\t<\/div>\n\t\t\t\t<figcaption class='wp-caption-text gallery-caption' id='gallery-1-80932'>\n\t\t\t\tSanta Ola \/ Moir\u00eb Arquitectos (\u00a9 Ramiro Sosa)\n\t\t\t\t<\/figcaption><\/figure><figure class='gallery-item'>\n\t\t\t<div class='gallery-icon landscape'>\n\t\t\t\t<a href='https:\/\/www.arquimaster.com.ar\/web\/wp-content\/uploads\/2024\/10\/santa_ola_048.jpg' title=\"Santa Ola \/ Moir\u00eb Arquitectos (\u00a9 Ramiro Sosa)\" data-rl_title=\"Santa Ola \/ Moir\u00eb Arquitectos (\u00a9 Ramiro Sosa)\" class=\"rl-gallery-link\" data-rl_caption=\"Santa Ola \/ Moir\u00eb Arquitectos (\u00a9 Ramiro Sosa)\" data-rel=\"lightbox-gallery-1\"><img loading=\"lazy\" decoding=\"async\" width=\"150\" height=\"150\" src=\"https:\/\/www.arquimaster.com.ar\/web\/wp-content\/uploads\/2024\/10\/santa_ola_048-150x150.jpg\" class=\"attachment-thumbnail size-thumbnail\" alt=\"Santa Ola \/ Moir\u00eb Arquitectos\" aria-describedby=\"gallery-1-80933\" srcset=\"https:\/\/www.arquimaster.com.ar\/web\/wp-content\/uploads\/2024\/10\/santa_ola_048-150x150.jpg 150w, https:\/\/www.arquimaster.com.ar\/web\/wp-content\/uploads\/2024\/10\/santa_ola_048-768x768.jpg 768w, https:\/\/www.arquimaster.com.ar\/web\/wp-content\/uploads\/2024\/10\/santa_ola_048-1536x1536.jpg 1536w, https:\/\/www.arquimaster.com.ar\/web\/wp-content\/uploads\/2024\/10\/santa_ola_048.jpg 2000w\" sizes=\"auto, (max-width: 150px) 100vw, 150px\" \/><\/a>\n\t\t\t<\/div>\n\t\t\t\t<figcaption class='wp-caption-text gallery-caption' id='gallery-1-80933'>\n\t\t\t\tSanta Ola \/ Moir\u00eb Arquitectos (\u00a9 Ramiro Sosa)\n\t\t\t\t<\/figcaption><\/figure><figure class='gallery-item'>\n\t\t\t<div class='gallery-icon landscape'>\n\t\t\t\t<a href='https:\/\/www.arquimaster.com.ar\/web\/wp-content\/uploads\/2024\/10\/santa_ola_049.jpg' title=\"Santa Ola \/ Moir\u00eb Arquitectos (\u00a9 Ramiro Sosa)\" data-rl_title=\"Santa Ola \/ Moir\u00eb Arquitectos (\u00a9 Ramiro Sosa)\" class=\"rl-gallery-link\" data-rl_caption=\"Santa Ola \/ Moir\u00eb Arquitectos (\u00a9 Ramiro Sosa)\" data-rel=\"lightbox-gallery-1\"><img loading=\"lazy\" decoding=\"async\" width=\"150\" height=\"150\" src=\"https:\/\/www.arquimaster.com.ar\/web\/wp-content\/uploads\/2024\/10\/santa_ola_049-150x150.jpg\" class=\"attachment-thumbnail size-thumbnail\" alt=\"Santa Ola \/ Moir\u00eb Arquitectos\" aria-describedby=\"gallery-1-80934\" srcset=\"https:\/\/www.arquimaster.com.ar\/web\/wp-content\/uploads\/2024\/10\/santa_ola_049-150x150.jpg 150w, https:\/\/www.arquimaster.com.ar\/web\/wp-content\/uploads\/2024\/10\/santa_ola_049-768x768.jpg 768w, https:\/\/www.arquimaster.com.ar\/web\/wp-content\/uploads\/2024\/10\/santa_ola_049-1536x1536.jpg 1536w, https:\/\/www.arquimaster.com.ar\/web\/wp-content\/uploads\/2024\/10\/santa_ola_049.jpg 2000w\" sizes=\"auto, (max-width: 150px) 100vw, 150px\" \/><\/a>\n\t\t\t<\/div>\n\t\t\t\t<figcaption class='wp-caption-text gallery-caption' id='gallery-1-80934'>\n\t\t\t\tSanta Ola \/ Moir\u00eb Arquitectos (\u00a9 Ramiro Sosa)\n\t\t\t\t<\/figcaption><\/figure><figure class='gallery-item'>\n\t\t\t<div class='gallery-icon landscape'>\n\t\t\t\t<a href='https:\/\/www.arquimaster.com.ar\/web\/wp-content\/uploads\/2024\/10\/santa_ola_050.jpg' title=\"Santa Ola \/ Moir\u00eb Arquitectos (\u00a9 Ramiro Sosa)\" data-rl_title=\"Santa Ola \/ Moir\u00eb Arquitectos (\u00a9 Ramiro Sosa)\" class=\"rl-gallery-link\" data-rl_caption=\"Santa Ola \/ Moir\u00eb Arquitectos (\u00a9 Ramiro Sosa)\" data-rel=\"lightbox-gallery-1\"><img loading=\"lazy\" decoding=\"async\" width=\"150\" height=\"150\" src=\"https:\/\/www.arquimaster.com.ar\/web\/wp-content\/uploads\/2024\/10\/santa_ola_050-150x150.jpg\" class=\"attachment-thumbnail size-thumbnail\" alt=\"Santa Ola \/ Moir\u00eb Arquitectos\" aria-describedby=\"gallery-1-80935\" \/><\/a>\n\t\t\t<\/div>\n\t\t\t\t<figcaption class='wp-caption-text gallery-caption' id='gallery-1-80935'>\n\t\t\t\tSanta Ola \/ Moir\u00eb Arquitectos (\u00a9 Ramiro Sosa)\n\t\t\t\t<\/figcaption><\/figure><figure class='gallery-item'>\n\t\t\t<div class='gallery-icon portrait'>\n\t\t\t\t<a href='https:\/\/www.arquimaster.com.ar\/web\/wp-content\/uploads\/2024\/10\/santa_ola_051.jpg' title=\"Santa Ola \/ Moir\u00eb Arquitectos (\u00a9 Ramiro Sosa)\" data-rl_title=\"Santa Ola \/ Moir\u00eb Arquitectos (\u00a9 Ramiro Sosa)\" class=\"rl-gallery-link\" data-rl_caption=\"Santa Ola \/ Moir\u00eb Arquitectos (\u00a9 Ramiro Sosa)\" data-rel=\"lightbox-gallery-1\"><img loading=\"lazy\" decoding=\"async\" width=\"150\" height=\"150\" src=\"https:\/\/www.arquimaster.com.ar\/web\/wp-content\/uploads\/2024\/10\/santa_ola_051-150x150.jpg\" class=\"attachment-thumbnail size-thumbnail\" alt=\"Santa Ola \/ Moir\u00eb Arquitectos\" aria-describedby=\"gallery-1-80936\" \/><\/a>\n\t\t\t<\/div>\n\t\t\t\t<figcaption class='wp-caption-text gallery-caption' id='gallery-1-80936'>\n\t\t\t\tSanta Ola \/ Moir\u00eb Arquitectos (\u00a9 Ramiro Sosa)\n\t\t\t\t<\/figcaption><\/figure><figure class='gallery-item'>\n\t\t\t<div class='gallery-icon portrait'>\n\t\t\t\t<a href='https:\/\/www.arquimaster.com.ar\/web\/wp-content\/uploads\/2024\/10\/santa_ola_052.jpg' title=\"Santa Ola \/ Moir\u00eb Arquitectos (\u00a9 Ramiro Sosa)\" data-rl_title=\"Santa Ola \/ Moir\u00eb Arquitectos (\u00a9 Ramiro Sosa)\" class=\"rl-gallery-link\" data-rl_caption=\"Santa Ola \/ Moir\u00eb Arquitectos (\u00a9 Ramiro Sosa)\" data-rel=\"lightbox-gallery-1\"><img loading=\"lazy\" decoding=\"async\" width=\"150\" height=\"150\" src=\"https:\/\/www.arquimaster.com.ar\/web\/wp-content\/uploads\/2024\/10\/santa_ola_052-150x150.jpg\" class=\"attachment-thumbnail size-thumbnail\" alt=\"Santa Ola \/ Moir\u00eb Arquitectos\" aria-describedby=\"gallery-1-80937\" \/><\/a>\n\t\t\t<\/div>\n\t\t\t\t<figcaption class='wp-caption-text gallery-caption' id='gallery-1-80937'>\n\t\t\t\tSanta Ola \/ Moir\u00eb Arquitectos (\u00a9 Ramiro Sosa)\n\t\t\t\t<\/figcaption><\/figure><figure class='gallery-item'>\n\t\t\t<div class='gallery-icon portrait'>\n\t\t\t\t<a href='https:\/\/www.arquimaster.com.ar\/web\/wp-content\/uploads\/2024\/10\/santa_ola_053.jpg' title=\"Santa Ola \/ Moir\u00eb Arquitectos (\u00a9 Ramiro Sosa)\" data-rl_title=\"Santa Ola \/ Moir\u00eb Arquitectos (\u00a9 Ramiro Sosa)\" class=\"rl-gallery-link\" data-rl_caption=\"Santa Ola \/ Moir\u00eb Arquitectos (\u00a9 Ramiro Sosa)\" data-rel=\"lightbox-gallery-1\"><img loading=\"lazy\" decoding=\"async\" width=\"150\" height=\"150\" src=\"https:\/\/www.arquimaster.com.ar\/web\/wp-content\/uploads\/2024\/10\/santa_ola_053-150x150.jpg\" class=\"attachment-thumbnail size-thumbnail\" alt=\"Santa Ola \/ Moir\u00eb Arquitectos\" aria-describedby=\"gallery-1-80938\" \/><\/a>\n\t\t\t<\/div>\n\t\t\t\t<figcaption class='wp-caption-text gallery-caption' id='gallery-1-80938'>\n\t\t\t\tSanta Ola \/ Moir\u00eb Arquitectos (\u00a9 Ramiro Sosa)\n\t\t\t\t<\/figcaption><\/figure><figure class='gallery-item'>\n\t\t\t<div class='gallery-icon portrait'>\n\t\t\t\t<a href='https:\/\/www.arquimaster.com.ar\/web\/wp-content\/uploads\/2024\/10\/santa_ola_054.jpg' title=\"Santa Ola \/ Moir\u00eb Arquitectos (\u00a9 Ramiro Sosa)\" data-rl_title=\"Santa Ola \/ Moir\u00eb Arquitectos (\u00a9 Ramiro Sosa)\" class=\"rl-gallery-link\" data-rl_caption=\"Santa Ola \/ Moir\u00eb Arquitectos (\u00a9 Ramiro Sosa)\" data-rel=\"lightbox-gallery-1\"><img loading=\"lazy\" decoding=\"async\" width=\"150\" height=\"150\" src=\"https:\/\/www.arquimaster.com.ar\/web\/wp-content\/uploads\/2024\/10\/santa_ola_054-150x150.jpg\" class=\"attachment-thumbnail size-thumbnail\" alt=\"Santa Ola \/ Moir\u00eb Arquitectos\" aria-describedby=\"gallery-1-80939\" \/><\/a>\n\t\t\t<\/div>\n\t\t\t\t<figcaption class='wp-caption-text gallery-caption' id='gallery-1-80939'>\n\t\t\t\tSanta Ola \/ Moir\u00eb Arquitectos (\u00a9 Ramiro Sosa)\n\t\t\t\t<\/figcaption><\/figure><figure class='gallery-item'>\n\t\t\t<div class='gallery-icon portrait'>\n\t\t\t\t<a href='https:\/\/www.arquimaster.com.ar\/web\/wp-content\/uploads\/2024\/10\/santa_ola_055.jpg' title=\"Santa Ola \/ Moir\u00eb Arquitectos (\u00a9 Ramiro Sosa)\" data-rl_title=\"Santa Ola \/ Moir\u00eb Arquitectos (\u00a9 Ramiro Sosa)\" class=\"rl-gallery-link\" data-rl_caption=\"Santa Ola \/ Moir\u00eb Arquitectos (\u00a9 Ramiro Sosa)\" data-rel=\"lightbox-gallery-1\"><img loading=\"lazy\" decoding=\"async\" width=\"150\" height=\"150\" src=\"https:\/\/www.arquimaster.com.ar\/web\/wp-content\/uploads\/2024\/10\/santa_ola_055-150x150.jpg\" class=\"attachment-thumbnail size-thumbnail\" alt=\"Santa Ola \/ Moir\u00eb Arquitectos\" aria-describedby=\"gallery-1-80940\" \/><\/a>\n\t\t\t<\/div>\n\t\t\t\t<figcaption class='wp-caption-text gallery-caption' id='gallery-1-80940'>\n\t\t\t\tSanta Ola \/ Moir\u00eb Arquitectos (\u00a9 Ramiro Sosa)\n\t\t\t\t<\/figcaption><\/figure><figure class='gallery-item'>\n\t\t\t<div class='gallery-icon portrait'>\n\t\t\t\t<a href='https:\/\/www.arquimaster.com.ar\/web\/wp-content\/uploads\/2024\/10\/santa_ola_056.jpg' title=\"Santa Ola \/ Moir\u00eb Arquitectos (\u00a9 Ramiro Sosa)\" data-rl_title=\"Santa Ola \/ Moir\u00eb Arquitectos (\u00a9 Ramiro Sosa)\" class=\"rl-gallery-link\" data-rl_caption=\"Santa Ola \/ Moir\u00eb Arquitectos (\u00a9 Ramiro Sosa)\" data-rel=\"lightbox-gallery-1\"><img loading=\"lazy\" decoding=\"async\" width=\"150\" height=\"150\" src=\"https:\/\/www.arquimaster.com.ar\/web\/wp-content\/uploads\/2024\/10\/santa_ola_056-150x150.jpg\" class=\"attachment-thumbnail size-thumbnail\" alt=\"Santa Ola \/ Moir\u00eb Arquitectos\" aria-describedby=\"gallery-1-80941\" \/><\/a>\n\t\t\t<\/div>\n\t\t\t\t<figcaption class='wp-caption-text gallery-caption' id='gallery-1-80941'>\n\t\t\t\tSanta Ola \/ Moir\u00eb Arquitectos (\u00a9 Ramiro Sosa)\n\t\t\t\t<\/figcaption><\/figure><figure class='gallery-item'>\n\t\t\t<div class='gallery-icon landscape'>\n\t\t\t\t<a href='https:\/\/www.arquimaster.com.ar\/web\/wp-content\/uploads\/2024\/10\/santa_ola_057.jpg' title=\"Santa Ola \/ Moir\u00eb Arquitectos (\u00a9 Ramiro Sosa)\" data-rl_title=\"Santa Ola \/ Moir\u00eb Arquitectos (\u00a9 Ramiro Sosa)\" class=\"rl-gallery-link\" data-rl_caption=\"Santa Ola \/ Moir\u00eb Arquitectos (\u00a9 Ramiro Sosa)\" data-rel=\"lightbox-gallery-1\"><img loading=\"lazy\" decoding=\"async\" width=\"150\" height=\"150\" src=\"https:\/\/www.arquimaster.com.ar\/web\/wp-content\/uploads\/2024\/10\/santa_ola_057-150x150.jpg\" class=\"attachment-thumbnail size-thumbnail\" alt=\"Santa Ola \/ Moir\u00eb Arquitectos\" aria-describedby=\"gallery-1-80942\" \/><\/a>\n\t\t\t<\/div>\n\t\t\t\t<figcaption class='wp-caption-text gallery-caption' id='gallery-1-80942'>\n\t\t\t\tSanta Ola \/ Moir\u00eb Arquitectos (\u00a9 Ramiro Sosa)\n\t\t\t\t<\/figcaption><\/figure><figure class='gallery-item'>\n\t\t\t<div class='gallery-icon landscape'>\n\t\t\t\t<a href='https:\/\/www.arquimaster.com.ar\/web\/wp-content\/uploads\/2024\/10\/santa_ola_058.jpg' title=\"Santa Ola \/ Moir\u00eb Arquitectos (emplazamiento)\" data-rl_title=\"Santa Ola \/ Moir\u00eb Arquitectos (emplazamiento)\" class=\"rl-gallery-link\" data-rl_caption=\"Santa Ola \/ Moir\u00eb Arquitectos (emplazamiento)\" data-rel=\"lightbox-gallery-1\"><img loading=\"lazy\" decoding=\"async\" width=\"150\" height=\"150\" src=\"https:\/\/www.arquimaster.com.ar\/web\/wp-content\/uploads\/2024\/10\/santa_ola_058-150x150.jpg\" class=\"attachment-thumbnail size-thumbnail\" alt=\"Santa Ola \/ Moir\u00eb Arquitectos\" aria-describedby=\"gallery-1-80943\" \/><\/a>\n\t\t\t<\/div>\n\t\t\t\t<figcaption class='wp-caption-text gallery-caption' id='gallery-1-80943'>\n\t\t\t\tSanta Ola \/ Moir\u00eb Arquitectos (emplazamiento)\n\t\t\t\t<\/figcaption><\/figure><figure class='gallery-item'>\n\t\t\t<div class='gallery-icon landscape'>\n\t\t\t\t<a href='https:\/\/www.arquimaster.com.ar\/web\/wp-content\/uploads\/2024\/10\/santa_ola_059.jpg' title=\"Santa Ola \/ Moir\u00eb Arquitectos (planta baja)\" data-rl_title=\"Santa Ola \/ Moir\u00eb Arquitectos (planta baja)\" class=\"rl-gallery-link\" data-rl_caption=\"Santa Ola \/ Moir\u00eb Arquitectos (planta baja)\" data-rel=\"lightbox-gallery-1\"><img loading=\"lazy\" decoding=\"async\" width=\"150\" height=\"150\" src=\"https:\/\/www.arquimaster.com.ar\/web\/wp-content\/uploads\/2024\/10\/santa_ola_059-150x150.jpg\" class=\"attachment-thumbnail size-thumbnail\" alt=\"Santa Ola \/ Moir\u00eb Arquitectos\" aria-describedby=\"gallery-1-80944\" \/><\/a>\n\t\t\t<\/div>\n\t\t\t\t<figcaption class='wp-caption-text gallery-caption' id='gallery-1-80944'>\n\t\t\t\tSanta Ola \/ Moir\u00eb Arquitectos (planta baja)\n\t\t\t\t<\/figcaption><\/figure><figure class='gallery-item'>\n\t\t\t<div class='gallery-icon landscape'>\n\t\t\t\t<a href='https:\/\/www.arquimaster.com.ar\/web\/wp-content\/uploads\/2024\/10\/santa_ola_060.jpg' title=\"Santa Ola \/ Moir\u00eb Arquitectos (planta alta)\" data-rl_title=\"Santa Ola \/ Moir\u00eb Arquitectos (planta alta)\" class=\"rl-gallery-link\" data-rl_caption=\"Santa Ola \/ Moir\u00eb Arquitectos (planta alta)\" data-rel=\"lightbox-gallery-1\"><img loading=\"lazy\" decoding=\"async\" width=\"150\" height=\"150\" src=\"https:\/\/www.arquimaster.com.ar\/web\/wp-content\/uploads\/2024\/10\/santa_ola_060-150x150.jpg\" class=\"attachment-thumbnail size-thumbnail\" alt=\"Santa Ola \/ Moir\u00eb Arquitectos\" aria-describedby=\"gallery-1-80945\" \/><\/a>\n\t\t\t<\/div>\n\t\t\t\t<figcaption class='wp-caption-text gallery-caption' id='gallery-1-80945'>\n\t\t\t\tSanta Ola \/ Moir\u00eb Arquitectos (planta alta)\n\t\t\t\t<\/figcaption><\/figure><figure class='gallery-item'>\n\t\t\t<div class='gallery-icon landscape'>\n\t\t\t\t<a href='https:\/\/www.arquimaster.com.ar\/web\/wp-content\/uploads\/2024\/10\/santa_ola_061.jpg' title=\"Santa Ola \/ Moir\u00eb Arquitectos (corte longitudinal)\" data-rl_title=\"Santa Ola \/ Moir\u00eb Arquitectos (corte longitudinal)\" class=\"rl-gallery-link\" data-rl_caption=\"Santa Ola \/ Moir\u00eb Arquitectos (corte longitudinal)\" data-rel=\"lightbox-gallery-1\"><img loading=\"lazy\" decoding=\"async\" width=\"150\" height=\"150\" src=\"https:\/\/www.arquimaster.com.ar\/web\/wp-content\/uploads\/2024\/10\/santa_ola_061-150x150.jpg\" class=\"attachment-thumbnail size-thumbnail\" alt=\"Santa Ola \/ Moir\u00eb Arquitectos\" aria-describedby=\"gallery-1-80946\" \/><\/a>\n\t\t\t<\/div>\n\t\t\t\t<figcaption class='wp-caption-text gallery-caption' id='gallery-1-80946'>\n\t\t\t\tSanta Ola \/ Moir\u00eb Arquitectos (corte longitudinal)\n\t\t\t\t<\/figcaption><\/figure><figure class='gallery-item'>\n\t\t\t<div class='gallery-icon landscape'>\n\t\t\t\t<a href='https:\/\/www.arquimaster.com.ar\/web\/wp-content\/uploads\/2024\/10\/santa_ola_062.jpg' title=\"Santa Ola \/ Moir\u00eb Arquitectos (trama urbana)\" data-rl_title=\"Santa Ola \/ Moir\u00eb Arquitectos (trama urbana)\" class=\"rl-gallery-link\" data-rl_caption=\"Santa Ola \/ Moir\u00eb Arquitectos (trama urbana)\" data-rel=\"lightbox-gallery-1\"><img loading=\"lazy\" decoding=\"async\" width=\"150\" height=\"150\" src=\"https:\/\/www.arquimaster.com.ar\/web\/wp-content\/uploads\/2024\/10\/santa_ola_062-150x150.jpg\" class=\"attachment-thumbnail size-thumbnail\" alt=\"Santa Ola \/ Moir\u00eb Arquitectos\" aria-describedby=\"gallery-1-80947\" \/><\/a>\n\t\t\t<\/div>\n\t\t\t\t<figcaption class='wp-caption-text gallery-caption' id='gallery-1-80947'>\n\t\t\t\tSanta Ola \/ Moir\u00eb Arquitectos (trama urbana)\n\t\t\t\t<\/figcaption><\/figure><figure class='gallery-item'>\n\t\t\t<div class='gallery-icon portrait'>\n\t\t\t\t<a href='https:\/\/www.arquimaster.com.ar\/web\/wp-content\/uploads\/2024\/10\/santa_ola_063.jpg' title=\"Santa Ola \/ Moir\u00eb Arquitectos (proceso)\" data-rl_title=\"Santa Ola \/ Moir\u00eb Arquitectos (proceso)\" class=\"rl-gallery-link\" data-rl_caption=\"Santa Ola \/ Moir\u00eb Arquitectos (proceso)\" data-rel=\"lightbox-gallery-1\"><img loading=\"lazy\" decoding=\"async\" width=\"150\" height=\"150\" src=\"https:\/\/www.arquimaster.com.ar\/web\/wp-content\/uploads\/2024\/10\/santa_ola_063-150x150.jpg\" class=\"attachment-thumbnail size-thumbnail\" alt=\"Santa Ola \/ Moir\u00eb Arquitectos\" aria-describedby=\"gallery-1-80948\" \/><\/a>\n\t\t\t<\/div>\n\t\t\t\t<figcaption class='wp-caption-text gallery-caption' id='gallery-1-80948'>\n\t\t\t\tSanta Ola \/ Moir\u00eb Arquitectos (proceso)\n\t\t\t\t<\/figcaption><\/figure><figure class='gallery-item'>\n\t\t\t<div class='gallery-icon portrait'>\n\t\t\t\t<a href='https:\/\/www.arquimaster.com.ar\/web\/wp-content\/uploads\/2024\/10\/santa_ola_064.jpg' title=\"Santa Ola \/ Moir\u00eb Arquitectos (detalle constructivo)\" data-rl_title=\"Santa Ola \/ Moir\u00eb Arquitectos (detalle constructivo)\" class=\"rl-gallery-link\" data-rl_caption=\"Santa Ola \/ Moir\u00eb Arquitectos (detalle constructivo)\" data-rel=\"lightbox-gallery-1\"><img loading=\"lazy\" decoding=\"async\" width=\"150\" height=\"150\" src=\"https:\/\/www.arquimaster.com.ar\/web\/wp-content\/uploads\/2024\/10\/santa_ola_064-150x150.jpg\" class=\"attachment-thumbnail size-thumbnail\" alt=\"Santa Ola \/ Moir\u00eb Arquitectos\" aria-describedby=\"gallery-1-80949\" \/><\/a>\n\t\t\t<\/div>\n\t\t\t\t<figcaption class='wp-caption-text gallery-caption' id='gallery-1-80949'>\n\t\t\t\tSanta Ola \/ Moir\u00eb Arquitectos (detalle constructivo)\n\t\t\t\t<\/figcaption><\/figure>\n\t\t<\/div>\n\n<p><strong>Chalet &#8211; Patrimonio<\/strong> <br \/>Emplazado en una esquina entre el barrio Stella Maris y los Troncos, barrios que deben sus or\u00edgenes a las residencias balnearias, principalmente Villas, Cottage y Chalets, hoy barrios tradicionales de la ciudad cuya memoria e identidad colectiva remite a un tejido de chalets del que no quedan casi rastros.<\/p>\n<p>El designado popularmente como, Chalet Marplatense, surge como efecto de la popularizaci\u00f3n de la ciudad balnearia y de la crisis del 30 a partir de una simplificaci\u00f3n de los programas y de la implantaci\u00f3n de \u00e9stos en lotes m\u00e1s reducidos.<\/p>\n<p>Estas construcciones buscaron mantener caracter\u00edsticas del pintoresquismo, la est\u00e9tica de sus materiales nobles, las t\u00e9cnicas artesanales, la morfolog\u00eda a partir de la composici\u00f3n aditiva de diferentes vol\u00famenes y cubiertas facetadas que se evidencian a partir del dueto figura fondo.<\/p>\n<p><strong>Dial\u00e9ctica<\/strong> <br \/>Partiendo de la premisa que hacer arquitectura es hacer ciudad y que una obra de ampliaci\u00f3n puede transformar no s\u00f3lo un edificio sino un espacio urbano. La decisi\u00f3n proyectual no s\u00f3lo fue conservar el chalet por lo que significa para la memoria e identidad colectiva de la ciudad sino ponerlo en valor, haciendo del edificio nuevo un tel\u00f3n y otorg\u00e1ndole mayor espacio p\u00fablico a la calle.<\/p>\n<p>A trav\u00e9s de una intervenci\u00f3n dial\u00e9ctica el conjunto edificio obtiene una nueva imagen en la que lo contempor\u00e1neo y lo tradicional se ponen en valor, potenciando y resignificando el sitio, la esquina como espacio urbano singular, la calle vereda como espacio apropiable, el edificio como identidad de la marca y de Mar del Plata.<\/p>\n<p><strong>Ideas urbanas<\/strong><br \/>El sector nuevo del edificio toma la altura del entorno, enchapando la medianera y a su vez quebrando el eje ortogonal de la cuadricula propia de la manzana para otorgarle singularidad al chalet. \u00c9ste elemento a su vez, logra enfatizar la condici\u00f3n de esquina y aumentar su visibilidad.<\/p>\n<p>Para generar mayor espacio p\u00fablico y dar una respuesta desde la arquitectura a la densificaci\u00f3n que vive este sector urbano, el edificio se retranquea provocando un ensanche de la vereda, generando un punto de encuentro que enriquece la relaci\u00f3n del edificio con la ciudad.<\/p>\n<p><strong>L\u00edmite y materialidad<\/strong><br \/>El conjunto edilicio procura poseer materiales nobles, de expresi\u00f3n est\u00e9tica y representatividad hist\u00f3rica buscando un di\u00e1logo entre pasado, presente y futuro.\u00a0Por un lado se busca poner en valor la materialidad del chalet, restaurando la madera y recuperando el estado de la piedra y la cubierta de tejas.<\/p>\n<p>El \u00e1rea nueva del edificio no busca la m\u00edmesis con el patrimonio sino diferenciarse a partir de una imagen contempor\u00e1nea conformada a partir de formas puras y de materiales y colores que difieren del chalet, hormig\u00f3n visto, aluminio negro y el vidrio son los elegidos. \u00c9stos conservan la expresividad propia del material al igual que ocurre con la piedra, la madera y la teja en el chalet.<\/p>\n<p>El dise\u00f1o del l\u00edmite del edificio busca pautar, modelar o guionar la interacci\u00f3n de \u00e9ste con las personas que transitan por la esquina tanto a nivel peatonal como vehicular, otorgando la trasparencia indicada para invitar a ingresar al interior del local.<\/p>\n<p>Una secuencia de planos opacos y transl\u00facidos que toman como referencia el l\u00edmite existente en el chalet se repiten en el sector nuevo del edificio para permitir \u00abespiar\u00bb el interior del local.<\/p>\n<p><strong>Sistema constructivo, etapabilidad y obra<\/strong><br \/>Se dise\u00f1\u00f3 la estructura y materializaci\u00f3n de la obra para potenciar la idea arquitect\u00f3nica y para dar respuesta a la premisa de que la misma deb\u00eda desarrollarse con el local funcionando en simult\u00e1neo.<\/p>\n\n\n<div style=\"height:20px\" aria-hidden=\"true\" class=\"wp-block-spacer\"><\/div>\n\n\n\n<p class=\"has-background\" style=\"background-color:#eaeaea\"><strong>Ficha t\u00e9cnica<\/strong><br>Nombre: Santa Ola<br>Ubicaci\u00f3n: Mar del Plata, Pcia. de Buenos Aires, Argentina<br>Arquitectos: Moir\u00eb Arquitectos<br>Reconocimientos: Primer Premio Categor\u00eda intervenciones en obras de valor patrimonial, Premio CAPBA a la obra construida 2023<br>Superficie: 485 m2<br>A\u00f1o: 2023<br>Fotograf\u00edas: Ramiro Sosa<br>Sitio web: https:\/\/www.moirearqs.com.ar<br>Instagram: @moirearqs<\/p>\n\n\n\n<div style=\"height:40px\" aria-hidden=\"true\" class=\"wp-block-spacer\"><\/div>\n\n\n<p><strong><em>English version<\/em><\/strong><br \/><em>Enhancement and expansion<\/em><\/p>\n<p><strong><em>Site<\/em><\/strong><br \/><em>The project consists of the valorization and expansion of a \u00abChalet Marplatense\u00bb that has been operating as a commercial space for the past eight years. It is located on the G\u00fcemes commercial district, an area undergoing expansion and transformation with a high pedestrian and vehicular density.<\/em><\/p>\n<p><strong><em>Chalet &#8211; Cultural Heritage <\/em><\/strong><br \/><em>Located on a corner between the Stella Maris and Los Troncos neighborhoods, both owe their origins to beach residences, mainly Villas, Cottages and Chalets. Today, they are traditional neighborhoods whose memory and collective identity refer to a fabric of chalets, of which there are almost no traces left.<\/em><\/p>\n<p><em>Popularly designated as the \u00abChalet Marplatense\u00bb, it emerged as a result of the popularization of the seaside city and the 1930s crisis, simplifying programs and placing them on smaller lots. These constructions aimed to maintain picturesque characteristics, the aesthetics of noble materials, artisanal techniques, morphology based on additive composition of different volumes, and faceted roofs evident from the figure-background duet.<\/em><\/p>\n<p><strong><em>Dialectic Approach<\/em><\/strong><br \/><em>Starting from the premise that doing architecture is making a city and that an extension project can transform not only a building but also an urban space. The design decision was not only to preserve the chalet for its significance to the city&#8217;s collective memory but to enhance it, turning the new building into a backdrop and giving more public space to the street.<\/em><\/p>\n<p><em>Through a dialectical intervention, the entire project gains a new image where the contemporary and the traditional are valued, enhancing and redefining the site, the corner as a unique urban space, the sidewalk as an appropriable space, and the building as the identity of the brand and Mar del Plata city.<\/em><\/p>\n<p><strong><em>Urban Concepts<\/em><\/strong><br \/><em>The new section of the building takes on the surrounding height, covering the party wall and at the same times it breaks the orthogonal axis of the block grid to give uniqueness to the chalet. This element also manages to emphasize the corner condition and increases its visibility.<\/em><\/p>\n<p><em>To create more public space and provide an architectural response to the densification of this urban sector, the building steps back, widening the sidewalk and creating a meeting point that enriches the building&#8217;s relationship with the city.<\/em><\/p>\n<p><strong><em>Boundary and Materiality<\/em><\/strong><br \/><em>The building seeks to incorporate noble materials with aesthetic expression and historical representativity, aiming for a dialogue between the past, present, and future. The goal is to enhance the materiality of the chalet, restoring the wood and recovering the state of the stone and the tile roof.<\/em><\/p>\n<p><em>The new area of\u00a0 the building does not seek to mimic the patrimony but differentiates itself with a contemporary image formed by pure forms, materials, and colors that differ from the chalet: exposed concrete, black aluminum, and glass are the ones chosen. These maintain the expressiveness of the material, similar to what happens with stone, wood, and the roof tile in the chalet.<\/em><\/p>\n<p><em>The design of the building&#8217;s boundary aims to guide the interaction with the people who pass by the corner, both on foot and in vehicles, providing the necessary transparency to invite people to enter the commercial space.<\/em><\/p>\n<p><em>A sequence of opaque and translucent planes, referencing the existing boundary of the chalet, is repeated in the new section of the building to allow \u00abpeeking\u00bb into the interior of the commercial space.<\/em><\/p>\n<p><strong><em>Construction system and Stageability <\/em><\/strong><br \/><em>The structure and materialization of the project were designed to enhance the architectural idea and to respond to the premise that it should be developed with the commercial space operating simultaneously.<\/em><\/p>\n<div style=\"font-size: 0px; height: 0px; line-height: 0px; margin: 0; padding: 0; clear: both;\"><\/div><div style=\"margin-top: 0px; margin-bottom: 0px;\" class=\"sharethis-inline-share-buttons\" ><\/div>","protected":false},"excerpt":{"rendered":"<p>Puesta en valor y ampliaci\u00f3n de un chalet marplatense que funciona como local comercial&#8230;<\/p>\n","protected":false},"author":1,"featured_media":80885,"comment_status":"closed","ping_status":"closed","sticky":false,"template":"","format":"standard","meta":{"_uag_custom_page_level_css":"","footnotes":""},"categories":[75,1],"tags":[14,1233,16,1513,458,871],"class_list":["post-80884","post","type-post","status-publish","format-standard","has-post-thumbnail","hentry","category-arquitectura-comercial","category-proyecto","tag-argentina","tag-arquitectura-comercial-2","tag-buenos-aires","tag-local-comercial","tag-mar-del-plata","tag-moire-arquitectos","generate-columns","tablet-grid-50","mobile-grid-100","grid-parent","grid-50"],"yoast_head":"<!-- This site is optimized with the Yoast SEO plugin v27.3 - https:\/\/yoast.com\/product\/yoast-seo-wordpress\/ -->\n<title>Santa Ola \/ Moir\u00eb Arquitectos - Arquimaster<\/title>\n<meta name=\"description\" content=\"Puesta en valor y ampliaci\u00f3n de un Chalet Marplatense que desde hace ocho a\u00f1os funciona como un local comercial.\" \/>\n<meta name=\"robots\" content=\"index, follow, max-snippet:-1, max-image-preview:large, max-video-preview:-1\" \/>\n<link rel=\"canonical\" href=\"https:\/\/www.arquimaster.com.ar\/web\/santa-ola-moire-arquitectos\/\" \/>\n<meta property=\"og:locale\" content=\"es_ES\" \/>\n<meta property=\"og:type\" content=\"article\" \/>\n<meta property=\"og:title\" content=\"Santa Ola \/ Moir\u00eb Arquitectos\" \/>\n<meta property=\"og:description\" content=\"Puesta en valor y ampliaci\u00f3n de un Chalet Marplatense que desde hace ocho a\u00f1os funciona como un local comercial.\" \/>\n<meta property=\"og:url\" content=\"https:\/\/www.arquimaster.com.ar\/web\/santa-ola-moire-arquitectos\/\" \/>\n<meta property=\"og:site_name\" content=\"Arquimaster\" \/>\n<meta property=\"article:publisher\" content=\"http:\/\/www.facebook.com\/ARQUIMASTER.com.ar\" \/>\n<meta property=\"article:published_time\" content=\"2024-10-03T17:18:41+00:00\" \/>\n<meta property=\"article:modified_time\" content=\"2025-07-24T23:16:36+00:00\" \/>\n<meta property=\"og:image\" content=\"https:\/\/www.arquimaster.com.ar\/web\/wp-content\/uploads\/2024\/10\/santa_ola_slide.jpg\" \/>\n\t<meta property=\"og:image:width\" content=\"698\" \/>\n\t<meta property=\"og:image:height\" content=\"365\" \/>\n\t<meta property=\"og:image:type\" content=\"image\/jpeg\" \/>\n<meta name=\"author\" content=\"Arquimaster\" \/>\n<meta name=\"twitter:card\" content=\"summary_large_image\" \/>\n<meta name=\"twitter:title\" content=\"Santa Ola \/ Moir\u00eb Arquitectos\" \/>\n<meta name=\"twitter:description\" content=\"Puesta en valor y ampliaci\u00f3n de un Chalet Marplatense que desde hace ocho a\u00f1os funciona como un local comercial.\" \/>\n<meta name=\"twitter:image\" content=\"https:\/\/www.arquimaster.com.ar\/web\/wp-content\/uploads\/2024\/10\/santa_ola_slide.jpg\" \/>\n<meta name=\"twitter:creator\" content=\"@arquimaster\" \/>\n<meta name=\"twitter:site\" content=\"@arquimaster\" \/>\n<meta name=\"twitter:label1\" content=\"Escrito por\" \/>\n\t<meta name=\"twitter:data1\" content=\"Arquimaster\" \/>\n\t<meta name=\"twitter:label2\" content=\"Tiempo de lectura\" \/>\n\t<meta name=\"twitter:data2\" content=\"7 minutos\" \/>\n<script type=\"application\/ld+json\" class=\"yoast-schema-graph\">{\"@context\":\"https:\\\/\\\/schema.org\",\"@graph\":[{\"@type\":\"Article\",\"@id\":\"https:\\\/\\\/www.arquimaster.com.ar\\\/web\\\/santa-ola-moire-arquitectos\\\/#article\",\"isPartOf\":{\"@id\":\"https:\\\/\\\/www.arquimaster.com.ar\\\/web\\\/santa-ola-moire-arquitectos\\\/\"},\"author\":{\"name\":\"Arquimaster\",\"@id\":\"https:\\\/\\\/www.arquimaster.com.ar\\\/web\\\/#\\\/schema\\\/person\\\/359e9f7c00193fcde068e0dd2ceb0028\"},\"headline\":\"Santa Ola \\\/ Moir\u00eb Arquitectos\",\"datePublished\":\"2024-10-03T17:18:41+00:00\",\"dateModified\":\"2025-07-24T23:16:36+00:00\",\"mainEntityOfPage\":{\"@id\":\"https:\\\/\\\/www.arquimaster.com.ar\\\/web\\\/santa-ola-moire-arquitectos\\\/\"},\"wordCount\":1326,\"publisher\":{\"@id\":\"https:\\\/\\\/www.arquimaster.com.ar\\\/web\\\/#organization\"},\"image\":{\"@id\":\"https:\\\/\\\/www.arquimaster.com.ar\\\/web\\\/santa-ola-moire-arquitectos\\\/#primaryimage\"},\"thumbnailUrl\":\"https:\\\/\\\/www.arquimaster.com.ar\\\/web\\\/wp-content\\\/uploads\\\/2024\\\/10\\\/santa_ola_slide.jpg\",\"keywords\":[\"Argentina\",\"arquitectura comercial\",\"Buenos Aires\",\"locales comerciales\",\"Mar del Plata\",\"Moir\u00eb Arquitectos\"],\"articleSection\":[\"Arquitectura comercial\",\"Proyecto\"],\"inLanguage\":\"es\"},{\"@type\":\"WebPage\",\"@id\":\"https:\\\/\\\/www.arquimaster.com.ar\\\/web\\\/santa-ola-moire-arquitectos\\\/\",\"url\":\"https:\\\/\\\/www.arquimaster.com.ar\\\/web\\\/santa-ola-moire-arquitectos\\\/\",\"name\":\"Santa Ola \\\/ Moir\u00eb Arquitectos - Arquimaster\",\"isPartOf\":{\"@id\":\"https:\\\/\\\/www.arquimaster.com.ar\\\/web\\\/#website\"},\"primaryImageOfPage\":{\"@id\":\"https:\\\/\\\/www.arquimaster.com.ar\\\/web\\\/santa-ola-moire-arquitectos\\\/#primaryimage\"},\"image\":{\"@id\":\"https:\\\/\\\/www.arquimaster.com.ar\\\/web\\\/santa-ola-moire-arquitectos\\\/#primaryimage\"},\"thumbnailUrl\":\"https:\\\/\\\/www.arquimaster.com.ar\\\/web\\\/wp-content\\\/uploads\\\/2024\\\/10\\\/santa_ola_slide.jpg\",\"datePublished\":\"2024-10-03T17:18:41+00:00\",\"dateModified\":\"2025-07-24T23:16:36+00:00\",\"description\":\"Puesta en valor y ampliaci\u00f3n de un Chalet Marplatense que desde hace ocho a\u00f1os funciona como un local comercial.\",\"breadcrumb\":{\"@id\":\"https:\\\/\\\/www.arquimaster.com.ar\\\/web\\\/santa-ola-moire-arquitectos\\\/#breadcrumb\"},\"inLanguage\":\"es\",\"potentialAction\":[{\"@type\":\"ReadAction\",\"target\":[\"https:\\\/\\\/www.arquimaster.com.ar\\\/web\\\/santa-ola-moire-arquitectos\\\/\"]}]},{\"@type\":\"ImageObject\",\"inLanguage\":\"es\",\"@id\":\"https:\\\/\\\/www.arquimaster.com.ar\\\/web\\\/santa-ola-moire-arquitectos\\\/#primaryimage\",\"url\":\"https:\\\/\\\/www.arquimaster.com.ar\\\/web\\\/wp-content\\\/uploads\\\/2024\\\/10\\\/santa_ola_slide.jpg\",\"contentUrl\":\"https:\\\/\\\/www.arquimaster.com.ar\\\/web\\\/wp-content\\\/uploads\\\/2024\\\/10\\\/santa_ola_slide.jpg\",\"width\":698,\"height\":365,\"caption\":\"Santa Ola \\\/ Moir\u00eb Arquitectos\"},{\"@type\":\"BreadcrumbList\",\"@id\":\"https:\\\/\\\/www.arquimaster.com.ar\\\/web\\\/santa-ola-moire-arquitectos\\\/#breadcrumb\",\"itemListElement\":[{\"@type\":\"ListItem\",\"position\":1,\"name\":\"Portada\",\"item\":\"https:\\\/\\\/www.arquimaster.com.ar\\\/web\\\/\"},{\"@type\":\"ListItem\",\"position\":2,\"name\":\"Santa Ola \\\/ Moir\u00eb Arquitectos\"}]},{\"@type\":\"WebSite\",\"@id\":\"https:\\\/\\\/www.arquimaster.com.ar\\\/web\\\/#website\",\"url\":\"https:\\\/\\\/www.arquimaster.com.ar\\\/web\\\/\",\"name\":\"Arquimaster\",\"description\":\"Web de arquitectura, dise\u00f1o y construccion\",\"publisher\":{\"@id\":\"https:\\\/\\\/www.arquimaster.com.ar\\\/web\\\/#organization\"},\"potentialAction\":[{\"@type\":\"SearchAction\",\"target\":{\"@type\":\"EntryPoint\",\"urlTemplate\":\"https:\\\/\\\/www.arquimaster.com.ar\\\/web\\\/?s={search_term_string}\"},\"query-input\":{\"@type\":\"PropertyValueSpecification\",\"valueRequired\":true,\"valueName\":\"search_term_string\"}}],\"inLanguage\":\"es\"},{\"@type\":\"Organization\",\"@id\":\"https:\\\/\\\/www.arquimaster.com.ar\\\/web\\\/#organization\",\"name\":\"Arquimaster\",\"url\":\"https:\\\/\\\/www.arquimaster.com.ar\\\/web\\\/\",\"logo\":{\"@type\":\"ImageObject\",\"inLanguage\":\"es\",\"@id\":\"https:\\\/\\\/www.arquimaster.com.ar\\\/web\\\/#\\\/schema\\\/logo\\\/image\\\/\",\"url\":\"https:\\\/\\\/www.arquimaster.com.ar\\\/web\\\/wp-content\\\/uploads\\\/2022\\\/06\\\/arquimaster.png\",\"contentUrl\":\"https:\\\/\\\/www.arquimaster.com.ar\\\/web\\\/wp-content\\\/uploads\\\/2022\\\/06\\\/arquimaster.png\",\"width\":594,\"height\":78,\"caption\":\"Arquimaster\"},\"image\":{\"@id\":\"https:\\\/\\\/www.arquimaster.com.ar\\\/web\\\/#\\\/schema\\\/logo\\\/image\\\/\"},\"sameAs\":[\"http:\\\/\\\/www.facebook.com\\\/ARQUIMASTER.com.ar\",\"https:\\\/\\\/x.com\\\/arquimaster\",\"https:\\\/\\\/www.instagram.com\\\/arquimasterblog\\\/\",\"https:\\\/\\\/www.linkedin.com\\\/company\\\/arquimaster\",\"https:\\\/\\\/www.pinterest.com\\\/arquimaster\",\"https:\\\/\\\/t.me\\\/arquimaster\"]},{\"@type\":\"Person\",\"@id\":\"https:\\\/\\\/www.arquimaster.com.ar\\\/web\\\/#\\\/schema\\\/person\\\/359e9f7c00193fcde068e0dd2ceb0028\",\"name\":\"Arquimaster\"}]}<\/script>\n<!-- \/ Yoast SEO plugin. -->","yoast_head_json":{"title":"Santa Ola \/ Moir\u00eb Arquitectos - Arquimaster","description":"Puesta en valor y ampliaci\u00f3n de un Chalet Marplatense que desde hace ocho a\u00f1os funciona como un local comercial.","robots":{"index":"index","follow":"follow","max-snippet":"max-snippet:-1","max-image-preview":"max-image-preview:large","max-video-preview":"max-video-preview:-1"},"canonical":"https:\/\/www.arquimaster.com.ar\/web\/santa-ola-moire-arquitectos\/","og_locale":"es_ES","og_type":"article","og_title":"Santa Ola \/ Moir\u00eb Arquitectos","og_description":"Puesta en valor y ampliaci\u00f3n de un Chalet Marplatense que desde hace ocho a\u00f1os funciona como un local comercial.","og_url":"https:\/\/www.arquimaster.com.ar\/web\/santa-ola-moire-arquitectos\/","og_site_name":"Arquimaster","article_publisher":"http:\/\/www.facebook.com\/ARQUIMASTER.com.ar","article_published_time":"2024-10-03T17:18:41+00:00","article_modified_time":"2025-07-24T23:16:36+00:00","og_image":[{"width":698,"height":365,"url":"https:\/\/www.arquimaster.com.ar\/web\/wp-content\/uploads\/2024\/10\/santa_ola_slide.jpg","type":"image\/jpeg"}],"author":"Arquimaster","twitter_card":"summary_large_image","twitter_title":"Santa Ola \/ Moir\u00eb Arquitectos","twitter_description":"Puesta en valor y ampliaci\u00f3n de un Chalet Marplatense que desde hace ocho a\u00f1os funciona como un local comercial.","twitter_image":"https:\/\/www.arquimaster.com.ar\/web\/wp-content\/uploads\/2024\/10\/santa_ola_slide.jpg","twitter_creator":"@arquimaster","twitter_site":"@arquimaster","twitter_misc":{"Escrito por":"Arquimaster","Tiempo de lectura":"7 minutos"},"schema":{"@context":"https:\/\/schema.org","@graph":[{"@type":"Article","@id":"https:\/\/www.arquimaster.com.ar\/web\/santa-ola-moire-arquitectos\/#article","isPartOf":{"@id":"https:\/\/www.arquimaster.com.ar\/web\/santa-ola-moire-arquitectos\/"},"author":{"name":"Arquimaster","@id":"https:\/\/www.arquimaster.com.ar\/web\/#\/schema\/person\/359e9f7c00193fcde068e0dd2ceb0028"},"headline":"Santa Ola \/ Moir\u00eb Arquitectos","datePublished":"2024-10-03T17:18:41+00:00","dateModified":"2025-07-24T23:16:36+00:00","mainEntityOfPage":{"@id":"https:\/\/www.arquimaster.com.ar\/web\/santa-ola-moire-arquitectos\/"},"wordCount":1326,"publisher":{"@id":"https:\/\/www.arquimaster.com.ar\/web\/#organization"},"image":{"@id":"https:\/\/www.arquimaster.com.ar\/web\/santa-ola-moire-arquitectos\/#primaryimage"},"thumbnailUrl":"https:\/\/www.arquimaster.com.ar\/web\/wp-content\/uploads\/2024\/10\/santa_ola_slide.jpg","keywords":["Argentina","arquitectura comercial","Buenos Aires","locales comerciales","Mar del Plata","Moir\u00eb Arquitectos"],"articleSection":["Arquitectura comercial","Proyecto"],"inLanguage":"es"},{"@type":"WebPage","@id":"https:\/\/www.arquimaster.com.ar\/web\/santa-ola-moire-arquitectos\/","url":"https:\/\/www.arquimaster.com.ar\/web\/santa-ola-moire-arquitectos\/","name":"Santa Ola \/ Moir\u00eb Arquitectos - Arquimaster","isPartOf":{"@id":"https:\/\/www.arquimaster.com.ar\/web\/#website"},"primaryImageOfPage":{"@id":"https:\/\/www.arquimaster.com.ar\/web\/santa-ola-moire-arquitectos\/#primaryimage"},"image":{"@id":"https:\/\/www.arquimaster.com.ar\/web\/santa-ola-moire-arquitectos\/#primaryimage"},"thumbnailUrl":"https:\/\/www.arquimaster.com.ar\/web\/wp-content\/uploads\/2024\/10\/santa_ola_slide.jpg","datePublished":"2024-10-03T17:18:41+00:00","dateModified":"2025-07-24T23:16:36+00:00","description":"Puesta en valor y ampliaci\u00f3n de un Chalet Marplatense que desde hace ocho a\u00f1os funciona como un local comercial.","breadcrumb":{"@id":"https:\/\/www.arquimaster.com.ar\/web\/santa-ola-moire-arquitectos\/#breadcrumb"},"inLanguage":"es","potentialAction":[{"@type":"ReadAction","target":["https:\/\/www.arquimaster.com.ar\/web\/santa-ola-moire-arquitectos\/"]}]},{"@type":"ImageObject","inLanguage":"es","@id":"https:\/\/www.arquimaster.com.ar\/web\/santa-ola-moire-arquitectos\/#primaryimage","url":"https:\/\/www.arquimaster.com.ar\/web\/wp-content\/uploads\/2024\/10\/santa_ola_slide.jpg","contentUrl":"https:\/\/www.arquimaster.com.ar\/web\/wp-content\/uploads\/2024\/10\/santa_ola_slide.jpg","width":698,"height":365,"caption":"Santa Ola \/ Moir\u00eb Arquitectos"},{"@type":"BreadcrumbList","@id":"https:\/\/www.arquimaster.com.ar\/web\/santa-ola-moire-arquitectos\/#breadcrumb","itemListElement":[{"@type":"ListItem","position":1,"name":"Portada","item":"https:\/\/www.arquimaster.com.ar\/web\/"},{"@type":"ListItem","position":2,"name":"Santa Ola \/ Moir\u00eb Arquitectos"}]},{"@type":"WebSite","@id":"https:\/\/www.arquimaster.com.ar\/web\/#website","url":"https:\/\/www.arquimaster.com.ar\/web\/","name":"Arquimaster","description":"Web de arquitectura, dise\u00f1o y construccion","publisher":{"@id":"https:\/\/www.arquimaster.com.ar\/web\/#organization"},"potentialAction":[{"@type":"SearchAction","target":{"@type":"EntryPoint","urlTemplate":"https:\/\/www.arquimaster.com.ar\/web\/?s={search_term_string}"},"query-input":{"@type":"PropertyValueSpecification","valueRequired":true,"valueName":"search_term_string"}}],"inLanguage":"es"},{"@type":"Organization","@id":"https:\/\/www.arquimaster.com.ar\/web\/#organization","name":"Arquimaster","url":"https:\/\/www.arquimaster.com.ar\/web\/","logo":{"@type":"ImageObject","inLanguage":"es","@id":"https:\/\/www.arquimaster.com.ar\/web\/#\/schema\/logo\/image\/","url":"https:\/\/www.arquimaster.com.ar\/web\/wp-content\/uploads\/2022\/06\/arquimaster.png","contentUrl":"https:\/\/www.arquimaster.com.ar\/web\/wp-content\/uploads\/2022\/06\/arquimaster.png","width":594,"height":78,"caption":"Arquimaster"},"image":{"@id":"https:\/\/www.arquimaster.com.ar\/web\/#\/schema\/logo\/image\/"},"sameAs":["http:\/\/www.facebook.com\/ARQUIMASTER.com.ar","https:\/\/x.com\/arquimaster","https:\/\/www.instagram.com\/arquimasterblog\/","https:\/\/www.linkedin.com\/company\/arquimaster","https:\/\/www.pinterest.com\/arquimaster","https:\/\/t.me\/arquimaster"]},{"@type":"Person","@id":"https:\/\/www.arquimaster.com.ar\/web\/#\/schema\/person\/359e9f7c00193fcde068e0dd2ceb0028","name":"Arquimaster"}]}},"uagb_featured_image_src":{"full":["https:\/\/www.arquimaster.com.ar\/web\/wp-content\/uploads\/2024\/10\/santa_ola_slide.jpg",698,365,false],"thumbnail":["https:\/\/www.arquimaster.com.ar\/web\/wp-content\/uploads\/2024\/10\/santa_ola_slide-150x150.jpg",150,150,true],"medium":["https:\/\/www.arquimaster.com.ar\/web\/wp-content\/uploads\/2024\/10\/santa_ola_slide.jpg",698,365,false],"medium_large":["https:\/\/www.arquimaster.com.ar\/web\/wp-content\/uploads\/2024\/10\/santa_ola_slide.jpg",698,365,false],"large":["https:\/\/www.arquimaster.com.ar\/web\/wp-content\/uploads\/2024\/10\/santa_ola_slide.jpg",698,365,false],"1536x1536":["https:\/\/www.arquimaster.com.ar\/web\/wp-content\/uploads\/2024\/10\/santa_ola_slide.jpg",698,365,false],"2048x2048":["https:\/\/www.arquimaster.com.ar\/web\/wp-content\/uploads\/2024\/10\/santa_ola_slide.jpg",698,365,false]},"uagb_author_info":{"display_name":"Arquimaster","author_link":"https:\/\/www.arquimaster.com.ar\/web\/author\/arquimaster\/"},"uagb_comment_info":0,"uagb_excerpt":"Puesta en valor y ampliaci\u00f3n de un chalet marplatense que funciona como local comercial...","_links":{"self":[{"href":"https:\/\/www.arquimaster.com.ar\/web\/wp-json\/wp\/v2\/posts\/80884","targetHints":{"allow":["GET"]}}],"collection":[{"href":"https:\/\/www.arquimaster.com.ar\/web\/wp-json\/wp\/v2\/posts"}],"about":[{"href":"https:\/\/www.arquimaster.com.ar\/web\/wp-json\/wp\/v2\/types\/post"}],"author":[{"embeddable":true,"href":"https:\/\/www.arquimaster.com.ar\/web\/wp-json\/wp\/v2\/users\/1"}],"replies":[{"embeddable":true,"href":"https:\/\/www.arquimaster.com.ar\/web\/wp-json\/wp\/v2\/comments?post=80884"}],"version-history":[{"count":3,"href":"https:\/\/www.arquimaster.com.ar\/web\/wp-json\/wp\/v2\/posts\/80884\/revisions"}],"predecessor-version":[{"id":85125,"href":"https:\/\/www.arquimaster.com.ar\/web\/wp-json\/wp\/v2\/posts\/80884\/revisions\/85125"}],"wp:featuredmedia":[{"embeddable":true,"href":"https:\/\/www.arquimaster.com.ar\/web\/wp-json\/wp\/v2\/media\/80885"}],"wp:attachment":[{"href":"https:\/\/www.arquimaster.com.ar\/web\/wp-json\/wp\/v2\/media?parent=80884"}],"wp:term":[{"taxonomy":"category","embeddable":true,"href":"https:\/\/www.arquimaster.com.ar\/web\/wp-json\/wp\/v2\/categories?post=80884"},{"taxonomy":"post_tag","embeddable":true,"href":"https:\/\/www.arquimaster.com.ar\/web\/wp-json\/wp\/v2\/tags?post=80884"}],"curies":[{"name":"wp","href":"https:\/\/api.w.org\/{rel}","templated":true}]}}