{"id":80951,"date":"2024-10-03T14:16:22","date_gmt":"2024-10-03T17:16:22","guid":{"rendered":"https:\/\/www.arquimaster.com.ar\/web\/?p=80951"},"modified":"2025-07-24T20:16:26","modified_gmt":"2025-07-24T23:16:26","slug":"cafeteria-senorita-caruso-abaka-interiores","status":"publish","type":"post","link":"https:\/\/www.arquimaster.com.ar\/web\/cafeteria-senorita-caruso-abaka-interiores\/","title":{"rendered":"Cafeter\u00eda Se\u00f1orita Caruso \/ \u00c1baka Interiores"},"content":{"rendered":"<div style=\"margin-top: 0px; margin-bottom: 0px;\" class=\"sharethis-inline-share-buttons\" ><\/div><div class=\"b812932af2e751442846f039925109de\" data-index=\"1\" style=\"float: none; margin:25px 0 25px 0; text-align:center;\">\n<script async src=\"https:\/\/pagead2.googlesyndication.com\/pagead\/js\/adsbygoogle.js\"><\/script>\r\n<!-- Arquimaster (superior) -->\r\n<ins class=\"adsbygoogle\"\r\n     style=\"display:block\"\r\n     data-ad-client=\"ca-pub-6351072698456832\"\r\n     data-ad-slot=\"6455489680\"\r\n     data-ad-format=\"auto\"\r\n     data-full-width-responsive=\"true\"><\/ins>\r\n<script>\r\n     (adsbygoogle = window.adsbygoogle || []).push({});\r\n<\/script>\n<\/div>\n<p><strong>Cafeter\u00eda Se\u00f1orita Caruso<\/strong> (Puebla, M\u00e9xico) por <strong>\u00c1baka Interiores<\/strong>. Un elemento importante en la filosof\u00eda de trabajo de Pen\u00e9lope de la Madrid, de \u00c1baka Interiores, es el respeto por los espacios a intervenir. La intuici\u00f3n es la f\u00f3rmula para fluir entre escalas y estilos, profundizando en las emociones y los sentidos de quienes viven los espacios, creando experiencias memorables.<\/p>\n<div id='gallery-1' class='gallery galleryid-80951 gallery-columns-3 gallery-size-thumbnail'><figure class='gallery-item'>\n\t\t\t<div class='gallery-icon landscape'>\n\t\t\t\t<a href='https:\/\/www.arquimaster.com.ar\/web\/wp-content\/uploads\/2024\/10\/senorita_caruso1.jpg' title=\"Cafeter\u00eda Se\u00f1orita Caruso \/ \u00c1baka Interiores (\u00a9 RWhite Taller de Fotograf\u00eda)\" data-rl_title=\"Cafeter\u00eda Se\u00f1orita Caruso \/ \u00c1baka Interiores (\u00a9 RWhite Taller de Fotograf\u00eda)\" class=\"rl-gallery-link\" data-rl_caption=\"Cafeter\u00eda Se\u00f1orita Caruso \/ \u00c1baka Interiores (\u00a9 RWhite Taller de Fotograf\u00eda)\" data-rel=\"lightbox-gallery-1\"><img loading=\"lazy\" decoding=\"async\" width=\"150\" height=\"150\" src=\"https:\/\/www.arquimaster.com.ar\/web\/wp-content\/uploads\/2024\/10\/senorita_caruso1-150x150.jpg\" class=\"attachment-thumbnail size-thumbnail\" alt=\"Cafeter\u00eda Se\u00f1orita Caruso \/ \u00c1baka Interiores\" aria-describedby=\"gallery-1-80953\" \/><\/a>\n\t\t\t<\/div>\n\t\t\t\t<figcaption class='wp-caption-text gallery-caption' id='gallery-1-80953'>\n\t\t\t\tCafeter\u00eda Se\u00f1orita Caruso \/ \u00c1baka Interiores (\u00a9 RWhite Taller de Fotograf\u00eda)\n\t\t\t\t<\/figcaption><\/figure><figure class='gallery-item'>\n\t\t\t<div class='gallery-icon landscape'>\n\t\t\t\t<a href='https:\/\/www.arquimaster.com.ar\/web\/wp-content\/uploads\/2024\/10\/senorita_caruso2.jpg' title=\"Cafeter\u00eda Se\u00f1orita Caruso \/ \u00c1baka Interiores (\u00a9 RWhite Taller de Fotograf\u00eda)\" data-rl_title=\"Cafeter\u00eda Se\u00f1orita Caruso \/ \u00c1baka Interiores (\u00a9 RWhite Taller de Fotograf\u00eda)\" class=\"rl-gallery-link\" data-rl_caption=\"Cafeter\u00eda Se\u00f1orita Caruso \/ \u00c1baka Interiores (\u00a9 RWhite Taller de Fotograf\u00eda)\" data-rel=\"lightbox-gallery-1\"><img loading=\"lazy\" decoding=\"async\" width=\"150\" height=\"150\" src=\"https:\/\/www.arquimaster.com.ar\/web\/wp-content\/uploads\/2024\/10\/senorita_caruso2-150x150.jpg\" class=\"attachment-thumbnail size-thumbnail\" alt=\"Cafeter\u00eda Se\u00f1orita Caruso \/ \u00c1baka Interiores\" aria-describedby=\"gallery-1-80954\" \/><\/a>\n\t\t\t<\/div>\n\t\t\t\t<figcaption class='wp-caption-text gallery-caption' id='gallery-1-80954'>\n\t\t\t\tCafeter\u00eda Se\u00f1orita Caruso \/ \u00c1baka Interiores (\u00a9 RWhite Taller de Fotograf\u00eda)\n\t\t\t\t<\/figcaption><\/figure><figure class='gallery-item'>\n\t\t\t<div class='gallery-icon landscape'>\n\t\t\t\t<a href='https:\/\/www.arquimaster.com.ar\/web\/wp-content\/uploads\/2024\/10\/senorita_caruso3.jpg' title=\"Cafeter\u00eda Se\u00f1orita Caruso \/ \u00c1baka Interiores (\u00a9 RWhite Taller de Fotograf\u00eda)\" data-rl_title=\"Cafeter\u00eda Se\u00f1orita Caruso \/ \u00c1baka Interiores (\u00a9 RWhite Taller de Fotograf\u00eda)\" class=\"rl-gallery-link\" data-rl_caption=\"Cafeter\u00eda Se\u00f1orita Caruso \/ \u00c1baka Interiores (\u00a9 RWhite Taller de Fotograf\u00eda)\" data-rel=\"lightbox-gallery-1\"><img loading=\"lazy\" decoding=\"async\" width=\"150\" height=\"150\" src=\"https:\/\/www.arquimaster.com.ar\/web\/wp-content\/uploads\/2024\/10\/senorita_caruso3-150x150.jpg\" class=\"attachment-thumbnail size-thumbnail\" alt=\"Cafeter\u00eda Se\u00f1orita Caruso \/ \u00c1baka Interiores\" aria-describedby=\"gallery-1-80955\" \/><\/a>\n\t\t\t<\/div>\n\t\t\t\t<figcaption class='wp-caption-text gallery-caption' id='gallery-1-80955'>\n\t\t\t\tCafeter\u00eda Se\u00f1orita Caruso \/ \u00c1baka Interiores (\u00a9 RWhite Taller de Fotograf\u00eda)\n\t\t\t\t<\/figcaption><\/figure><figure class='gallery-item'>\n\t\t\t<div class='gallery-icon landscape'>\n\t\t\t\t<a href='https:\/\/www.arquimaster.com.ar\/web\/wp-content\/uploads\/2024\/10\/senorita_caruso4.jpg' title=\"Cafeter\u00eda Se\u00f1orita Caruso \/ \u00c1baka Interiores (\u00a9 RWhite Taller de Fotograf\u00eda)\" data-rl_title=\"Cafeter\u00eda Se\u00f1orita Caruso \/ \u00c1baka Interiores (\u00a9 RWhite Taller de Fotograf\u00eda)\" class=\"rl-gallery-link\" data-rl_caption=\"Cafeter\u00eda Se\u00f1orita Caruso \/ \u00c1baka Interiores (\u00a9 RWhite Taller de Fotograf\u00eda)\" data-rel=\"lightbox-gallery-1\"><img loading=\"lazy\" decoding=\"async\" width=\"150\" height=\"150\" src=\"https:\/\/www.arquimaster.com.ar\/web\/wp-content\/uploads\/2024\/10\/senorita_caruso4-150x150.jpg\" class=\"attachment-thumbnail size-thumbnail\" alt=\"Cafeter\u00eda Se\u00f1orita Caruso \/ \u00c1baka Interiores\" aria-describedby=\"gallery-1-80956\" \/><\/a>\n\t\t\t<\/div>\n\t\t\t\t<figcaption class='wp-caption-text gallery-caption' id='gallery-1-80956'>\n\t\t\t\tCafeter\u00eda Se\u00f1orita Caruso \/ \u00c1baka Interiores (\u00a9 RWhite Taller de Fotograf\u00eda)\n\t\t\t\t<\/figcaption><\/figure><figure class='gallery-item'>\n\t\t\t<div class='gallery-icon landscape'>\n\t\t\t\t<a href='https:\/\/www.arquimaster.com.ar\/web\/wp-content\/uploads\/2024\/10\/senorita_caruso5.jpg' title=\"Cafeter\u00eda Se\u00f1orita Caruso \/ \u00c1baka Interiores (\u00a9 RWhite Taller de Fotograf\u00eda)\" data-rl_title=\"Cafeter\u00eda Se\u00f1orita Caruso \/ \u00c1baka Interiores (\u00a9 RWhite Taller de Fotograf\u00eda)\" class=\"rl-gallery-link\" data-rl_caption=\"Cafeter\u00eda Se\u00f1orita Caruso \/ \u00c1baka Interiores (\u00a9 RWhite Taller de Fotograf\u00eda)\" data-rel=\"lightbox-gallery-1\"><img loading=\"lazy\" decoding=\"async\" width=\"150\" height=\"150\" src=\"https:\/\/www.arquimaster.com.ar\/web\/wp-content\/uploads\/2024\/10\/senorita_caruso5-150x150.jpg\" class=\"attachment-thumbnail size-thumbnail\" alt=\"Cafeter\u00eda Se\u00f1orita Caruso \/ \u00c1baka Interiores\" aria-describedby=\"gallery-1-80957\" \/><\/a>\n\t\t\t<\/div>\n\t\t\t\t<figcaption class='wp-caption-text gallery-caption' id='gallery-1-80957'>\n\t\t\t\tCafeter\u00eda Se\u00f1orita Caruso \/ \u00c1baka Interiores (\u00a9 RWhite Taller de Fotograf\u00eda)\n\t\t\t\t<\/figcaption><\/figure><figure class='gallery-item'>\n\t\t\t<div class='gallery-icon landscape'>\n\t\t\t\t<a href='https:\/\/www.arquimaster.com.ar\/web\/wp-content\/uploads\/2024\/10\/senorita_caruso6.jpg' title=\"Cafeter\u00eda Se\u00f1orita Caruso \/ \u00c1baka Interiores (\u00a9 RWhite Taller de Fotograf\u00eda)\" data-rl_title=\"Cafeter\u00eda Se\u00f1orita Caruso \/ \u00c1baka Interiores (\u00a9 RWhite Taller de Fotograf\u00eda)\" class=\"rl-gallery-link\" data-rl_caption=\"Cafeter\u00eda Se\u00f1orita Caruso \/ \u00c1baka Interiores (\u00a9 RWhite Taller de Fotograf\u00eda)\" data-rel=\"lightbox-gallery-1\"><img loading=\"lazy\" decoding=\"async\" width=\"150\" height=\"150\" src=\"https:\/\/www.arquimaster.com.ar\/web\/wp-content\/uploads\/2024\/10\/senorita_caruso6-150x150.jpg\" class=\"attachment-thumbnail size-thumbnail\" alt=\"Cafeter\u00eda Se\u00f1orita Caruso \/ \u00c1baka Interiores\" aria-describedby=\"gallery-1-80958\" \/><\/a>\n\t\t\t<\/div>\n\t\t\t\t<figcaption class='wp-caption-text gallery-caption' id='gallery-1-80958'>\n\t\t\t\tCafeter\u00eda Se\u00f1orita Caruso \/ \u00c1baka Interiores (\u00a9 RWhite Taller de Fotograf\u00eda)\n\t\t\t\t<\/figcaption><\/figure><figure class='gallery-item'>\n\t\t\t<div class='gallery-icon landscape'>\n\t\t\t\t<a href='https:\/\/www.arquimaster.com.ar\/web\/wp-content\/uploads\/2024\/10\/senorita_caruso7.jpg' title=\"Cafeter\u00eda Se\u00f1orita Caruso \/ \u00c1baka Interiores (\u00a9 RWhite Taller de Fotograf\u00eda)\" data-rl_title=\"Cafeter\u00eda Se\u00f1orita Caruso \/ \u00c1baka Interiores (\u00a9 RWhite Taller de Fotograf\u00eda)\" class=\"rl-gallery-link\" data-rl_caption=\"Cafeter\u00eda Se\u00f1orita Caruso \/ \u00c1baka Interiores (\u00a9 RWhite Taller de Fotograf\u00eda)\" data-rel=\"lightbox-gallery-1\"><img loading=\"lazy\" decoding=\"async\" width=\"150\" height=\"150\" src=\"https:\/\/www.arquimaster.com.ar\/web\/wp-content\/uploads\/2024\/10\/senorita_caruso7-150x150.jpg\" class=\"attachment-thumbnail size-thumbnail\" alt=\"Cafeter\u00eda Se\u00f1orita Caruso \/ \u00c1baka Interiores\" aria-describedby=\"gallery-1-80959\" \/><\/a>\n\t\t\t<\/div>\n\t\t\t\t<figcaption class='wp-caption-text gallery-caption' id='gallery-1-80959'>\n\t\t\t\tCafeter\u00eda Se\u00f1orita Caruso \/ \u00c1baka Interiores (\u00a9 RWhite Taller de Fotograf\u00eda)\n\t\t\t\t<\/figcaption><\/figure><figure class='gallery-item'>\n\t\t\t<div class='gallery-icon landscape'>\n\t\t\t\t<a href='https:\/\/www.arquimaster.com.ar\/web\/wp-content\/uploads\/2024\/10\/senorita_caruso8.jpg' title=\"Cafeter\u00eda Se\u00f1orita Caruso \/ \u00c1baka Interiores (\u00a9 RWhite Taller de Fotograf\u00eda)\" data-rl_title=\"Cafeter\u00eda Se\u00f1orita Caruso \/ \u00c1baka Interiores (\u00a9 RWhite Taller de Fotograf\u00eda)\" class=\"rl-gallery-link\" data-rl_caption=\"Cafeter\u00eda Se\u00f1orita Caruso \/ \u00c1baka Interiores (\u00a9 RWhite Taller de Fotograf\u00eda)\" data-rel=\"lightbox-gallery-1\"><img loading=\"lazy\" decoding=\"async\" width=\"150\" height=\"150\" src=\"https:\/\/www.arquimaster.com.ar\/web\/wp-content\/uploads\/2024\/10\/senorita_caruso8-150x150.jpg\" class=\"attachment-thumbnail size-thumbnail\" alt=\"Cafeter\u00eda Se\u00f1orita Caruso \/ \u00c1baka Interiores\" aria-describedby=\"gallery-1-80960\" \/><\/a>\n\t\t\t<\/div>\n\t\t\t\t<figcaption class='wp-caption-text gallery-caption' id='gallery-1-80960'>\n\t\t\t\tCafeter\u00eda Se\u00f1orita Caruso \/ \u00c1baka Interiores (\u00a9 RWhite Taller de Fotograf\u00eda)\n\t\t\t\t<\/figcaption><\/figure><figure class='gallery-item'>\n\t\t\t<div class='gallery-icon landscape'>\n\t\t\t\t<a href='https:\/\/www.arquimaster.com.ar\/web\/wp-content\/uploads\/2024\/10\/senorita_caruso9.jpg' title=\"Cafeter\u00eda Se\u00f1orita Caruso \/ \u00c1baka Interiores (\u00a9 Merab Carrera) (estado anterior)\" data-rl_title=\"Cafeter\u00eda Se\u00f1orita Caruso \/ \u00c1baka Interiores (\u00a9 Merab Carrera) (estado anterior)\" class=\"rl-gallery-link\" data-rl_caption=\"Cafeter\u00eda Se\u00f1orita Caruso \/ \u00c1baka Interiores (\u00a9 Merab Carrera) (estado anterior)\" data-rel=\"lightbox-gallery-1\"><img loading=\"lazy\" decoding=\"async\" width=\"150\" height=\"150\" src=\"https:\/\/www.arquimaster.com.ar\/web\/wp-content\/uploads\/2024\/10\/senorita_caruso9-150x150.jpg\" class=\"attachment-thumbnail size-thumbnail\" alt=\"Cafeter\u00eda Se\u00f1orita Caruso \/ \u00c1baka Interiores\" aria-describedby=\"gallery-1-80961\" \/><\/a>\n\t\t\t<\/div>\n\t\t\t\t<figcaption class='wp-caption-text gallery-caption' id='gallery-1-80961'>\n\t\t\t\tCafeter\u00eda Se\u00f1orita Caruso \/ \u00c1baka Interiores (\u00a9 Merab Carrera) (estado anterior)\n\t\t\t\t<\/figcaption><\/figure><figure class='gallery-item'>\n\t\t\t<div class='gallery-icon landscape'>\n\t\t\t\t<a href='https:\/\/www.arquimaster.com.ar\/web\/wp-content\/uploads\/2024\/10\/senorita_caruso10.jpg' title=\"Cafeter\u00eda Se\u00f1orita Caruso \/ \u00c1baka Interiores (\u00a9 Merab Carrera) (estado anterior)\" data-rl_title=\"Cafeter\u00eda Se\u00f1orita Caruso \/ \u00c1baka Interiores (\u00a9 Merab Carrera) (estado anterior)\" class=\"rl-gallery-link\" data-rl_caption=\"Cafeter\u00eda Se\u00f1orita Caruso \/ \u00c1baka Interiores (\u00a9 Merab Carrera) (estado anterior)\" data-rel=\"lightbox-gallery-1\"><img loading=\"lazy\" decoding=\"async\" width=\"150\" height=\"150\" src=\"https:\/\/www.arquimaster.com.ar\/web\/wp-content\/uploads\/2024\/10\/senorita_caruso10-150x150.jpg\" class=\"attachment-thumbnail size-thumbnail\" alt=\"Cafeter\u00eda Se\u00f1orita Caruso \/ \u00c1baka Interiores\" aria-describedby=\"gallery-1-80962\" \/><\/a>\n\t\t\t<\/div>\n\t\t\t\t<figcaption class='wp-caption-text gallery-caption' id='gallery-1-80962'>\n\t\t\t\tCafeter\u00eda Se\u00f1orita Caruso \/ \u00c1baka Interiores (\u00a9 Merab Carrera) (estado anterior)\n\t\t\t\t<\/figcaption><\/figure><figure class='gallery-item'>\n\t\t\t<div class='gallery-icon landscape'>\n\t\t\t\t<a href='https:\/\/www.arquimaster.com.ar\/web\/wp-content\/uploads\/2024\/10\/senorita_caruso11.jpg' title=\"Cafeter\u00eda Se\u00f1orita Caruso \/ \u00c1baka Interiores (planta)\" data-rl_title=\"Cafeter\u00eda Se\u00f1orita Caruso \/ \u00c1baka Interiores (planta)\" class=\"rl-gallery-link\" data-rl_caption=\"Cafeter\u00eda Se\u00f1orita Caruso \/ \u00c1baka Interiores (planta)\" data-rel=\"lightbox-gallery-1\"><img loading=\"lazy\" decoding=\"async\" width=\"150\" height=\"150\" src=\"https:\/\/www.arquimaster.com.ar\/web\/wp-content\/uploads\/2024\/10\/senorita_caruso11-150x150.jpg\" class=\"attachment-thumbnail size-thumbnail\" alt=\"Cafeter\u00eda Se\u00f1orita Caruso \/ \u00c1baka Interiores\" aria-describedby=\"gallery-1-80963\" \/><\/a>\n\t\t\t<\/div>\n\t\t\t\t<figcaption class='wp-caption-text gallery-caption' id='gallery-1-80963'>\n\t\t\t\tCafeter\u00eda Se\u00f1orita Caruso \/ \u00c1baka Interiores (planta)\n\t\t\t\t<\/figcaption><\/figure><figure class='gallery-item'>\n\t\t\t<div class='gallery-icon landscape'>\n\t\t\t\t<a href='https:\/\/www.arquimaster.com.ar\/web\/wp-content\/uploads\/2024\/10\/senorita_caruso12.jpg' title=\"Cafeter\u00eda Se\u00f1orita Caruso \/ \u00c1baka Interiores (corte)\" data-rl_title=\"Cafeter\u00eda Se\u00f1orita Caruso \/ \u00c1baka Interiores (corte)\" class=\"rl-gallery-link\" data-rl_caption=\"Cafeter\u00eda Se\u00f1orita Caruso \/ \u00c1baka Interiores (corte)\" data-rel=\"lightbox-gallery-1\"><img loading=\"lazy\" decoding=\"async\" width=\"150\" height=\"150\" src=\"https:\/\/www.arquimaster.com.ar\/web\/wp-content\/uploads\/2024\/10\/senorita_caruso12-150x150.jpg\" class=\"attachment-thumbnail size-thumbnail\" alt=\"Cafeter\u00eda Se\u00f1orita Caruso \/ \u00c1baka Interiores\" aria-describedby=\"gallery-1-80964\" \/><\/a>\n\t\t\t<\/div>\n\t\t\t\t<figcaption class='wp-caption-text gallery-caption' id='gallery-1-80964'>\n\t\t\t\tCafeter\u00eda Se\u00f1orita Caruso \/ \u00c1baka Interiores (corte)\n\t\t\t\t<\/figcaption><\/figure><figure class='gallery-item'>\n\t\t\t<div class='gallery-icon landscape'>\n\t\t\t\t<a href='https:\/\/www.arquimaster.com.ar\/web\/wp-content\/uploads\/2024\/10\/senorita_caruso13.jpg' title=\"Cafeter\u00eda Se\u00f1orita Caruso \/ \u00c1baka Interiores (vista)\" data-rl_title=\"Cafeter\u00eda Se\u00f1orita Caruso \/ \u00c1baka Interiores (vista)\" class=\"rl-gallery-link\" data-rl_caption=\"Cafeter\u00eda Se\u00f1orita Caruso \/ \u00c1baka Interiores (vista)\" data-rel=\"lightbox-gallery-1\"><img loading=\"lazy\" decoding=\"async\" width=\"150\" height=\"150\" src=\"https:\/\/www.arquimaster.com.ar\/web\/wp-content\/uploads\/2024\/10\/senorita_caruso13-150x150.jpg\" class=\"attachment-thumbnail size-thumbnail\" alt=\"Cafeter\u00eda Se\u00f1orita Caruso \/ \u00c1baka Interiores\" aria-describedby=\"gallery-1-80965\" \/><\/a>\n\t\t\t<\/div>\n\t\t\t\t<figcaption class='wp-caption-text gallery-caption' id='gallery-1-80965'>\n\t\t\t\tCafeter\u00eda Se\u00f1orita Caruso \/ \u00c1baka Interiores (vista)\n\t\t\t\t<\/figcaption><\/figure>\n\t\t<\/div>\n\n<p>Es una apasionada por contar historias y que sean los espacios que interviene, los que comuniquen esos mensajes, es por ello que se ha convertido en una impulsora del interiorismo de ambientes sensoriales en M\u00e9xico.<\/p>\n<p>Lidereando un equipo de trabajo multidisciplinario conformado por mujeres, desarrolla las intervenciones con una amplitud de enfoques y perspectivas desde su estudio, \u00c1baka Interiores, \u00abun laboratorio creativo\u00bb en donde se da realidad a las ideas, que este a\u00f1o 2024 cumple 20 a\u00f1os de trayectoria.<\/p>\n<p><strong>Se\u00f1orita Caruso\u00a0<\/strong><br \/>Nuestro proyecto Se\u00f1orita Caruso se ubica en el centro hist\u00f3rico de Puebla, albergado en un vestigio del siglo XVII con un peque\u00f1o patio interno, y una terraza que acompa\u00f1a un huerto.<\/p>\n<p>Integramos las viejas paredes de la cruj\u00eda y elementos como las vigas y los muros de limosna, a un concepto atemporal que mezcla la poes\u00eda, la cer\u00e1mica y el caf\u00e9.\u00a0 Los materiales que elegimos para intervenir, dan vida al concepto, respetan y realzan la historia del espacio.<\/p>\n<p>Utilizamos acabados base cal recubriendo los muros viejos imitando el caf\u00e9 latte, m\u00e1rmol Santo Tom\u00e1s proveniente de una cantera end\u00e9mica, madera de roble para los pisos que alude al caf\u00e9 negro, quemada con la t\u00e9cnica japonesa yakisugi (t\u00e9cnica para preservaci\u00f3n de la madera), e intervenimos las sillas simulando la espuma del capuchino.<\/p>\n<p>Las frases que dise\u00f1amos para los muros, son los elementos que forman parte de una historia de amor entre Cayetana Caruso y Pedro Juan, contada en las frases regaladas en los muros.<\/p>\n<p>Un ambiente con ligero toque vintage franc\u00e9s de los 1920s que se representa en la herrer\u00eda y la elecci\u00f3n de mobiliario, complementan esta fusi\u00f3n de estilos, logrando lo que m\u00e1s nos gusta hacer, que es darle nueva vida a viejos espacios, integrando el pasado con el presente.<\/p>\n<p>El dise\u00f1o de este espacio nos ha llevado a ganar reconocimientos con la Medalla de Oro en la XII Bienal Iberoamericana CIDI de Interiorismo, Dise\u00f1o y Paisajismo 2023-2024; un segundo lugar en el 13vo. Premio de la Asociaci\u00f3n de Arquitectos e Interioristas M\u00e9xico, en la categor\u00eda de Interiorismo de Restaurantes; el primer lugar en el Par\u00eds Design Award 2024 en la categor\u00eda Interior Design &#8211; Renovation; adem\u00e1s de haber sido seleccionado para la Novena Bienal Iberoamericana de Dise\u00f1o en la categor\u00eda de Dise\u00f1o de Espacios e Interiorismo, a llevarse a cabo en octubre de 2024 en la ciudad de Madrid, Espa\u00f1a.<\/p>\n<p>La calidez, el arte y la poes\u00eda envuelven el caf\u00e9, resaltando en las piezas de cer\u00e1mica llamadas \u00abMacucas\u00bb, que cobran vida en los textos de los muros, as\u00ed como los arrebatos de la primavera, hasta los inquietantes fines de invierno, Cayetana Caruso y Pedro Juan, personajes de este proyecto, nos muestran cincuenta y dos semanas de facetas del amor rom\u00e1ntico, en poemas que se convierten en regalos visuales en la vajilla y en distintos rincones del espacio.<\/p>\n\n\n<div style=\"height:20px\" aria-hidden=\"true\" class=\"wp-block-spacer\"><\/div>\n\n\n\n<p class=\"has-background\" style=\"background-color:#eaeaea\"><strong>Ficha t\u00e9cnica<\/strong><br>Nombre: Cafeter\u00eda Se\u00f1orita Caruso<br>Ubicaci\u00f3n: 3 Sur 1108 Centro, Puebla, Puebla, M\u00e9xico<br>Despacho: \u00c1baka Interiores, Pen\u00e9lope de la Madrid<br>Colaboradores: Mariana Ort\u00edz de Montellanos Macuca<br>Proyecto de dise\u00f1o interior y ejecuci\u00f3n de obra: Pen\u00e9lope de la Madrid, \u00c1baka Interiores<br>Fecha de inicio de proyecto: 15 de septiembre de 2022<br>Fecha de conclusi\u00f3n de obra: 16 de mayo de 2023<br>Fotograf\u00edas: Merab Carrera, RWhite Taller de Fotograf\u00eda<br>Sitio web: https:\/\/www.abaka.com.mx<\/p>\n\n\n\n<div style=\"height:40px\" aria-hidden=\"true\" class=\"wp-block-spacer\"><\/div>\n\n<div style=\"font-size: 0px; height: 0px; line-height: 0px; margin: 0; padding: 0; clear: both;\"><\/div><div style=\"margin-top: 0px; margin-bottom: 0px;\" class=\"sharethis-inline-share-buttons\" ><\/div>","protected":false},"excerpt":{"rendered":"<p>Emplazada en el centro hist\u00f3rico, cuenta con un peque\u00f1o patio interno y una terraza&#8230;<\/p>\n","protected":false},"author":1,"featured_media":80952,"comment_status":"closed","ping_status":"closed","sticky":false,"template":"","format":"standard","meta":{"_uag_custom_page_level_css":"","footnotes":""},"categories":[75,1],"tags":[6218,1233,5794,3059,1771,1460,6526,24,6227,970],"class_list":["post-80951","post","type-post","status-publish","format-standard","has-post-thumbnail","hentry","category-arquitectura-comercial","category-proyecto","tag-abaka-interiores","tag-arquitectura-comercial-2","tag-arquitectura-gastronomica","tag-cafe","tag-cafeteria","tag-gastronomia","tag-local-de-comidas","tag-mexico","tag-penelope-de-la-madrid","tag-puebla","generate-columns","tablet-grid-50","mobile-grid-100","grid-parent","grid-50"],"yoast_head":"<!-- This site is optimized with the Yoast SEO plugin v27.3 - https:\/\/yoast.com\/product\/yoast-seo-wordpress\/ -->\n<title>Cafeter\u00eda Se\u00f1orita Caruso \/ \u00c1baka Interiores - Arquimaster<\/title>\n<meta name=\"robots\" content=\"index, follow, max-snippet:-1, max-image-preview:large, max-video-preview:-1\" \/>\n<link rel=\"canonical\" href=\"https:\/\/www.arquimaster.com.ar\/web\/cafeteria-senorita-caruso-abaka-interiores\/\" \/>\n<meta property=\"og:locale\" content=\"es_ES\" \/>\n<meta property=\"og:type\" content=\"article\" \/>\n<meta property=\"og:title\" content=\"Cafeter\u00eda Se\u00f1orita Caruso \/ \u00c1baka Interiores - Arquimaster\" \/>\n<meta property=\"og:description\" content=\"Emplazada en el centro hist\u00f3rico, cuenta con un peque\u00f1o patio interno y una terraza...\" \/>\n<meta property=\"og:url\" content=\"https:\/\/www.arquimaster.com.ar\/web\/cafeteria-senorita-caruso-abaka-interiores\/\" \/>\n<meta property=\"og:site_name\" content=\"Arquimaster\" \/>\n<meta property=\"article:publisher\" content=\"http:\/\/www.facebook.com\/ARQUIMASTER.com.ar\" \/>\n<meta property=\"article:published_time\" content=\"2024-10-03T17:16:22+00:00\" \/>\n<meta property=\"article:modified_time\" content=\"2025-07-24T23:16:26+00:00\" \/>\n<meta property=\"og:image\" content=\"https:\/\/www.arquimaster.com.ar\/web\/wp-content\/uploads\/2024\/10\/senorita_caruso_slide.jpg\" \/>\n\t<meta property=\"og:image:width\" content=\"698\" \/>\n\t<meta property=\"og:image:height\" content=\"364\" \/>\n\t<meta property=\"og:image:type\" content=\"image\/jpeg\" \/>\n<meta name=\"author\" content=\"Arquimaster\" \/>\n<meta name=\"twitter:card\" content=\"summary_large_image\" \/>\n<meta name=\"twitter:creator\" content=\"@arquimaster\" \/>\n<meta name=\"twitter:site\" content=\"@arquimaster\" \/>\n<meta name=\"twitter:label1\" content=\"Escrito por\" \/>\n\t<meta name=\"twitter:data1\" content=\"Arquimaster\" \/>\n\t<meta name=\"twitter:label2\" content=\"Tiempo de lectura\" \/>\n\t<meta name=\"twitter:data2\" content=\"3 minutos\" \/>\n<script type=\"application\/ld+json\" class=\"yoast-schema-graph\">{\"@context\":\"https:\\\/\\\/schema.org\",\"@graph\":[{\"@type\":\"Article\",\"@id\":\"https:\\\/\\\/www.arquimaster.com.ar\\\/web\\\/cafeteria-senorita-caruso-abaka-interiores\\\/#article\",\"isPartOf\":{\"@id\":\"https:\\\/\\\/www.arquimaster.com.ar\\\/web\\\/cafeteria-senorita-caruso-abaka-interiores\\\/\"},\"author\":{\"name\":\"Arquimaster\",\"@id\":\"https:\\\/\\\/www.arquimaster.com.ar\\\/web\\\/#\\\/schema\\\/person\\\/359e9f7c00193fcde068e0dd2ceb0028\"},\"headline\":\"Cafeter\u00eda Se\u00f1orita Caruso \\\/ \u00c1baka Interiores\",\"datePublished\":\"2024-10-03T17:16:22+00:00\",\"dateModified\":\"2025-07-24T23:16:26+00:00\",\"mainEntityOfPage\":{\"@id\":\"https:\\\/\\\/www.arquimaster.com.ar\\\/web\\\/cafeteria-senorita-caruso-abaka-interiores\\\/\"},\"wordCount\":654,\"publisher\":{\"@id\":\"https:\\\/\\\/www.arquimaster.com.ar\\\/web\\\/#organization\"},\"image\":{\"@id\":\"https:\\\/\\\/www.arquimaster.com.ar\\\/web\\\/cafeteria-senorita-caruso-abaka-interiores\\\/#primaryimage\"},\"thumbnailUrl\":\"https:\\\/\\\/www.arquimaster.com.ar\\\/web\\\/wp-content\\\/uploads\\\/2024\\\/10\\\/senorita_caruso_slide.jpg\",\"keywords\":[\"\u00c1baka Interiores\",\"arquitectura comercial\",\"arquitectura gastronomica\",\"cafe\",\"cafeteria\",\"gastronomia\",\"local de comidas\",\"Mexico\",\"Pen\u00e9lope de la Madrid\",\"Puebla\"],\"articleSection\":[\"Arquitectura comercial\",\"Proyecto\"],\"inLanguage\":\"es\"},{\"@type\":\"WebPage\",\"@id\":\"https:\\\/\\\/www.arquimaster.com.ar\\\/web\\\/cafeteria-senorita-caruso-abaka-interiores\\\/\",\"url\":\"https:\\\/\\\/www.arquimaster.com.ar\\\/web\\\/cafeteria-senorita-caruso-abaka-interiores\\\/\",\"name\":\"Cafeter\u00eda Se\u00f1orita Caruso \\\/ \u00c1baka Interiores - Arquimaster\",\"isPartOf\":{\"@id\":\"https:\\\/\\\/www.arquimaster.com.ar\\\/web\\\/#website\"},\"primaryImageOfPage\":{\"@id\":\"https:\\\/\\\/www.arquimaster.com.ar\\\/web\\\/cafeteria-senorita-caruso-abaka-interiores\\\/#primaryimage\"},\"image\":{\"@id\":\"https:\\\/\\\/www.arquimaster.com.ar\\\/web\\\/cafeteria-senorita-caruso-abaka-interiores\\\/#primaryimage\"},\"thumbnailUrl\":\"https:\\\/\\\/www.arquimaster.com.ar\\\/web\\\/wp-content\\\/uploads\\\/2024\\\/10\\\/senorita_caruso_slide.jpg\",\"datePublished\":\"2024-10-03T17:16:22+00:00\",\"dateModified\":\"2025-07-24T23:16:26+00:00\",\"breadcrumb\":{\"@id\":\"https:\\\/\\\/www.arquimaster.com.ar\\\/web\\\/cafeteria-senorita-caruso-abaka-interiores\\\/#breadcrumb\"},\"inLanguage\":\"es\",\"potentialAction\":[{\"@type\":\"ReadAction\",\"target\":[\"https:\\\/\\\/www.arquimaster.com.ar\\\/web\\\/cafeteria-senorita-caruso-abaka-interiores\\\/\"]}]},{\"@type\":\"ImageObject\",\"inLanguage\":\"es\",\"@id\":\"https:\\\/\\\/www.arquimaster.com.ar\\\/web\\\/cafeteria-senorita-caruso-abaka-interiores\\\/#primaryimage\",\"url\":\"https:\\\/\\\/www.arquimaster.com.ar\\\/web\\\/wp-content\\\/uploads\\\/2024\\\/10\\\/senorita_caruso_slide.jpg\",\"contentUrl\":\"https:\\\/\\\/www.arquimaster.com.ar\\\/web\\\/wp-content\\\/uploads\\\/2024\\\/10\\\/senorita_caruso_slide.jpg\",\"width\":698,\"height\":364,\"caption\":\"Cafeter\u00eda Se\u00f1orita Caruso \\\/ \u00c1baka Interiores\"},{\"@type\":\"BreadcrumbList\",\"@id\":\"https:\\\/\\\/www.arquimaster.com.ar\\\/web\\\/cafeteria-senorita-caruso-abaka-interiores\\\/#breadcrumb\",\"itemListElement\":[{\"@type\":\"ListItem\",\"position\":1,\"name\":\"Portada\",\"item\":\"https:\\\/\\\/www.arquimaster.com.ar\\\/web\\\/\"},{\"@type\":\"ListItem\",\"position\":2,\"name\":\"Cafeter\u00eda Se\u00f1orita Caruso \\\/ \u00c1baka Interiores\"}]},{\"@type\":\"WebSite\",\"@id\":\"https:\\\/\\\/www.arquimaster.com.ar\\\/web\\\/#website\",\"url\":\"https:\\\/\\\/www.arquimaster.com.ar\\\/web\\\/\",\"name\":\"Arquimaster\",\"description\":\"Web de arquitectura, dise\u00f1o y construccion\",\"publisher\":{\"@id\":\"https:\\\/\\\/www.arquimaster.com.ar\\\/web\\\/#organization\"},\"potentialAction\":[{\"@type\":\"SearchAction\",\"target\":{\"@type\":\"EntryPoint\",\"urlTemplate\":\"https:\\\/\\\/www.arquimaster.com.ar\\\/web\\\/?s={search_term_string}\"},\"query-input\":{\"@type\":\"PropertyValueSpecification\",\"valueRequired\":true,\"valueName\":\"search_term_string\"}}],\"inLanguage\":\"es\"},{\"@type\":\"Organization\",\"@id\":\"https:\\\/\\\/www.arquimaster.com.ar\\\/web\\\/#organization\",\"name\":\"Arquimaster\",\"url\":\"https:\\\/\\\/www.arquimaster.com.ar\\\/web\\\/\",\"logo\":{\"@type\":\"ImageObject\",\"inLanguage\":\"es\",\"@id\":\"https:\\\/\\\/www.arquimaster.com.ar\\\/web\\\/#\\\/schema\\\/logo\\\/image\\\/\",\"url\":\"https:\\\/\\\/www.arquimaster.com.ar\\\/web\\\/wp-content\\\/uploads\\\/2022\\\/06\\\/arquimaster.png\",\"contentUrl\":\"https:\\\/\\\/www.arquimaster.com.ar\\\/web\\\/wp-content\\\/uploads\\\/2022\\\/06\\\/arquimaster.png\",\"width\":594,\"height\":78,\"caption\":\"Arquimaster\"},\"image\":{\"@id\":\"https:\\\/\\\/www.arquimaster.com.ar\\\/web\\\/#\\\/schema\\\/logo\\\/image\\\/\"},\"sameAs\":[\"http:\\\/\\\/www.facebook.com\\\/ARQUIMASTER.com.ar\",\"https:\\\/\\\/x.com\\\/arquimaster\",\"https:\\\/\\\/www.instagram.com\\\/arquimasterblog\\\/\",\"https:\\\/\\\/www.linkedin.com\\\/company\\\/arquimaster\",\"https:\\\/\\\/www.pinterest.com\\\/arquimaster\",\"https:\\\/\\\/t.me\\\/arquimaster\"]},{\"@type\":\"Person\",\"@id\":\"https:\\\/\\\/www.arquimaster.com.ar\\\/web\\\/#\\\/schema\\\/person\\\/359e9f7c00193fcde068e0dd2ceb0028\",\"name\":\"Arquimaster\"}]}<\/script>\n<!-- \/ Yoast SEO plugin. -->","yoast_head_json":{"title":"Cafeter\u00eda Se\u00f1orita Caruso \/ \u00c1baka Interiores - Arquimaster","robots":{"index":"index","follow":"follow","max-snippet":"max-snippet:-1","max-image-preview":"max-image-preview:large","max-video-preview":"max-video-preview:-1"},"canonical":"https:\/\/www.arquimaster.com.ar\/web\/cafeteria-senorita-caruso-abaka-interiores\/","og_locale":"es_ES","og_type":"article","og_title":"Cafeter\u00eda Se\u00f1orita Caruso \/ \u00c1baka Interiores - Arquimaster","og_description":"Emplazada en el centro hist\u00f3rico, cuenta con un peque\u00f1o patio interno y una terraza...","og_url":"https:\/\/www.arquimaster.com.ar\/web\/cafeteria-senorita-caruso-abaka-interiores\/","og_site_name":"Arquimaster","article_publisher":"http:\/\/www.facebook.com\/ARQUIMASTER.com.ar","article_published_time":"2024-10-03T17:16:22+00:00","article_modified_time":"2025-07-24T23:16:26+00:00","og_image":[{"width":698,"height":364,"url":"https:\/\/www.arquimaster.com.ar\/web\/wp-content\/uploads\/2024\/10\/senorita_caruso_slide.jpg","type":"image\/jpeg"}],"author":"Arquimaster","twitter_card":"summary_large_image","twitter_creator":"@arquimaster","twitter_site":"@arquimaster","twitter_misc":{"Escrito por":"Arquimaster","Tiempo de lectura":"3 minutos"},"schema":{"@context":"https:\/\/schema.org","@graph":[{"@type":"Article","@id":"https:\/\/www.arquimaster.com.ar\/web\/cafeteria-senorita-caruso-abaka-interiores\/#article","isPartOf":{"@id":"https:\/\/www.arquimaster.com.ar\/web\/cafeteria-senorita-caruso-abaka-interiores\/"},"author":{"name":"Arquimaster","@id":"https:\/\/www.arquimaster.com.ar\/web\/#\/schema\/person\/359e9f7c00193fcde068e0dd2ceb0028"},"headline":"Cafeter\u00eda Se\u00f1orita Caruso \/ \u00c1baka Interiores","datePublished":"2024-10-03T17:16:22+00:00","dateModified":"2025-07-24T23:16:26+00:00","mainEntityOfPage":{"@id":"https:\/\/www.arquimaster.com.ar\/web\/cafeteria-senorita-caruso-abaka-interiores\/"},"wordCount":654,"publisher":{"@id":"https:\/\/www.arquimaster.com.ar\/web\/#organization"},"image":{"@id":"https:\/\/www.arquimaster.com.ar\/web\/cafeteria-senorita-caruso-abaka-interiores\/#primaryimage"},"thumbnailUrl":"https:\/\/www.arquimaster.com.ar\/web\/wp-content\/uploads\/2024\/10\/senorita_caruso_slide.jpg","keywords":["\u00c1baka Interiores","arquitectura comercial","arquitectura gastronomica","cafe","cafeteria","gastronomia","local de comidas","Mexico","Pen\u00e9lope de la Madrid","Puebla"],"articleSection":["Arquitectura comercial","Proyecto"],"inLanguage":"es"},{"@type":"WebPage","@id":"https:\/\/www.arquimaster.com.ar\/web\/cafeteria-senorita-caruso-abaka-interiores\/","url":"https:\/\/www.arquimaster.com.ar\/web\/cafeteria-senorita-caruso-abaka-interiores\/","name":"Cafeter\u00eda Se\u00f1orita Caruso \/ \u00c1baka Interiores - Arquimaster","isPartOf":{"@id":"https:\/\/www.arquimaster.com.ar\/web\/#website"},"primaryImageOfPage":{"@id":"https:\/\/www.arquimaster.com.ar\/web\/cafeteria-senorita-caruso-abaka-interiores\/#primaryimage"},"image":{"@id":"https:\/\/www.arquimaster.com.ar\/web\/cafeteria-senorita-caruso-abaka-interiores\/#primaryimage"},"thumbnailUrl":"https:\/\/www.arquimaster.com.ar\/web\/wp-content\/uploads\/2024\/10\/senorita_caruso_slide.jpg","datePublished":"2024-10-03T17:16:22+00:00","dateModified":"2025-07-24T23:16:26+00:00","breadcrumb":{"@id":"https:\/\/www.arquimaster.com.ar\/web\/cafeteria-senorita-caruso-abaka-interiores\/#breadcrumb"},"inLanguage":"es","potentialAction":[{"@type":"ReadAction","target":["https:\/\/www.arquimaster.com.ar\/web\/cafeteria-senorita-caruso-abaka-interiores\/"]}]},{"@type":"ImageObject","inLanguage":"es","@id":"https:\/\/www.arquimaster.com.ar\/web\/cafeteria-senorita-caruso-abaka-interiores\/#primaryimage","url":"https:\/\/www.arquimaster.com.ar\/web\/wp-content\/uploads\/2024\/10\/senorita_caruso_slide.jpg","contentUrl":"https:\/\/www.arquimaster.com.ar\/web\/wp-content\/uploads\/2024\/10\/senorita_caruso_slide.jpg","width":698,"height":364,"caption":"Cafeter\u00eda Se\u00f1orita Caruso \/ \u00c1baka Interiores"},{"@type":"BreadcrumbList","@id":"https:\/\/www.arquimaster.com.ar\/web\/cafeteria-senorita-caruso-abaka-interiores\/#breadcrumb","itemListElement":[{"@type":"ListItem","position":1,"name":"Portada","item":"https:\/\/www.arquimaster.com.ar\/web\/"},{"@type":"ListItem","position":2,"name":"Cafeter\u00eda Se\u00f1orita Caruso \/ \u00c1baka Interiores"}]},{"@type":"WebSite","@id":"https:\/\/www.arquimaster.com.ar\/web\/#website","url":"https:\/\/www.arquimaster.com.ar\/web\/","name":"Arquimaster","description":"Web de arquitectura, dise\u00f1o y construccion","publisher":{"@id":"https:\/\/www.arquimaster.com.ar\/web\/#organization"},"potentialAction":[{"@type":"SearchAction","target":{"@type":"EntryPoint","urlTemplate":"https:\/\/www.arquimaster.com.ar\/web\/?s={search_term_string}"},"query-input":{"@type":"PropertyValueSpecification","valueRequired":true,"valueName":"search_term_string"}}],"inLanguage":"es"},{"@type":"Organization","@id":"https:\/\/www.arquimaster.com.ar\/web\/#organization","name":"Arquimaster","url":"https:\/\/www.arquimaster.com.ar\/web\/","logo":{"@type":"ImageObject","inLanguage":"es","@id":"https:\/\/www.arquimaster.com.ar\/web\/#\/schema\/logo\/image\/","url":"https:\/\/www.arquimaster.com.ar\/web\/wp-content\/uploads\/2022\/06\/arquimaster.png","contentUrl":"https:\/\/www.arquimaster.com.ar\/web\/wp-content\/uploads\/2022\/06\/arquimaster.png","width":594,"height":78,"caption":"Arquimaster"},"image":{"@id":"https:\/\/www.arquimaster.com.ar\/web\/#\/schema\/logo\/image\/"},"sameAs":["http:\/\/www.facebook.com\/ARQUIMASTER.com.ar","https:\/\/x.com\/arquimaster","https:\/\/www.instagram.com\/arquimasterblog\/","https:\/\/www.linkedin.com\/company\/arquimaster","https:\/\/www.pinterest.com\/arquimaster","https:\/\/t.me\/arquimaster"]},{"@type":"Person","@id":"https:\/\/www.arquimaster.com.ar\/web\/#\/schema\/person\/359e9f7c00193fcde068e0dd2ceb0028","name":"Arquimaster"}]}},"uagb_featured_image_src":{"full":["https:\/\/www.arquimaster.com.ar\/web\/wp-content\/uploads\/2024\/10\/senorita_caruso_slide.jpg",698,364,false],"thumbnail":["https:\/\/www.arquimaster.com.ar\/web\/wp-content\/uploads\/2024\/10\/senorita_caruso_slide-150x150.jpg",150,150,true],"medium":["https:\/\/www.arquimaster.com.ar\/web\/wp-content\/uploads\/2024\/10\/senorita_caruso_slide.jpg",698,364,false],"medium_large":["https:\/\/www.arquimaster.com.ar\/web\/wp-content\/uploads\/2024\/10\/senorita_caruso_slide.jpg",698,364,false],"large":["https:\/\/www.arquimaster.com.ar\/web\/wp-content\/uploads\/2024\/10\/senorita_caruso_slide.jpg",698,364,false],"1536x1536":["https:\/\/www.arquimaster.com.ar\/web\/wp-content\/uploads\/2024\/10\/senorita_caruso_slide.jpg",698,364,false],"2048x2048":["https:\/\/www.arquimaster.com.ar\/web\/wp-content\/uploads\/2024\/10\/senorita_caruso_slide.jpg",698,364,false]},"uagb_author_info":{"display_name":"Arquimaster","author_link":"https:\/\/www.arquimaster.com.ar\/web\/author\/arquimaster\/"},"uagb_comment_info":0,"uagb_excerpt":"Emplazada en el centro hist\u00f3rico, cuenta con un peque\u00f1o patio interno y una terraza...","_links":{"self":[{"href":"https:\/\/www.arquimaster.com.ar\/web\/wp-json\/wp\/v2\/posts\/80951","targetHints":{"allow":["GET"]}}],"collection":[{"href":"https:\/\/www.arquimaster.com.ar\/web\/wp-json\/wp\/v2\/posts"}],"about":[{"href":"https:\/\/www.arquimaster.com.ar\/web\/wp-json\/wp\/v2\/types\/post"}],"author":[{"embeddable":true,"href":"https:\/\/www.arquimaster.com.ar\/web\/wp-json\/wp\/v2\/users\/1"}],"replies":[{"embeddable":true,"href":"https:\/\/www.arquimaster.com.ar\/web\/wp-json\/wp\/v2\/comments?post=80951"}],"version-history":[{"count":4,"href":"https:\/\/www.arquimaster.com.ar\/web\/wp-json\/wp\/v2\/posts\/80951\/revisions"}],"predecessor-version":[{"id":85124,"href":"https:\/\/www.arquimaster.com.ar\/web\/wp-json\/wp\/v2\/posts\/80951\/revisions\/85124"}],"wp:featuredmedia":[{"embeddable":true,"href":"https:\/\/www.arquimaster.com.ar\/web\/wp-json\/wp\/v2\/media\/80952"}],"wp:attachment":[{"href":"https:\/\/www.arquimaster.com.ar\/web\/wp-json\/wp\/v2\/media?parent=80951"}],"wp:term":[{"taxonomy":"category","embeddable":true,"href":"https:\/\/www.arquimaster.com.ar\/web\/wp-json\/wp\/v2\/categories?post=80951"},{"taxonomy":"post_tag","embeddable":true,"href":"https:\/\/www.arquimaster.com.ar\/web\/wp-json\/wp\/v2\/tags?post=80951"}],"curies":[{"name":"wp","href":"https:\/\/api.w.org\/{rel}","templated":true}]}}