{"id":80968,"date":"2024-10-03T14:25:06","date_gmt":"2024-10-03T17:25:06","guid":{"rendered":"https:\/\/www.arquimaster.com.ar\/web\/?p=80968"},"modified":"2025-07-24T20:15:38","modified_gmt":"2025-07-24T23:15:38","slug":"departamento-en-moscu-lesya-pechenkina","status":"publish","type":"post","link":"https:\/\/www.arquimaster.com.ar\/web\/departamento-en-moscu-lesya-pechenkina\/","title":{"rendered":"Departamento en Mosc\u00fa \/ Lesya Pechenkina"},"content":{"rendered":"<div style=\"margin-top: 0px; margin-bottom: 0px;\" class=\"sharethis-inline-share-buttons\" ><\/div><div class=\"b812932af2e751442846f039925109de\" data-index=\"1\" style=\"float: none; margin:25px 0 25px 0; text-align:center;\">\n<script async src=\"https:\/\/pagead2.googlesyndication.com\/pagead\/js\/adsbygoogle.js\"><\/script>\r\n<!-- Arquimaster (superior) -->\r\n<ins class=\"adsbygoogle\"\r\n     style=\"display:block\"\r\n     data-ad-client=\"ca-pub-6351072698456832\"\r\n     data-ad-slot=\"6455489680\"\r\n     data-ad-format=\"auto\"\r\n     data-full-width-responsive=\"true\"><\/ins>\r\n<script>\r\n     (adsbygoogle = window.adsbygoogle || []).push({});\r\n<\/script>\n<\/div>\n<p><strong>Departamento en Mosc\u00fa<\/strong> (Rusia) por <strong>Dise\u00f1adora de interiores Lesya Pechenkina<\/strong>. Los propietarios de este departamento en Mosc\u00fa, una familia con dos hijas, comparten una profunda pasi\u00f3n por los viajes, y especialmente por Francia y Estados Unidos, que ocupan un lugar especial en sus corazones. Cuando acudieron a m\u00ed y a mi estudio, Simple Interiors, su visi\u00f3n era clara: quer\u00edan un hogar que no solo encarnara la elegancia de estos destinos tan queridos, sino que tambi\u00e9n reflejara las pasiones creativas de sus hijas, que est\u00e1n profundamente inmersas en el mundo de la actuaci\u00f3n y la direcci\u00f3n.<\/p>\n<div id='gallery-1' class='gallery galleryid-80968 gallery-columns-3 gallery-size-thumbnail'><figure class='gallery-item'>\n\t\t\t<div class='gallery-icon portrait'>\n\t\t\t\t<a href='https:\/\/www.arquimaster.com.ar\/web\/wp-content\/uploads\/2024\/10\/departamento_moscu_1.jpg' title=\"Departamento en Mosc\u00fa \/ Lesya Pechenkina (\u00a9 Damir Otegen)\" data-rl_title=\"Departamento en Mosc\u00fa \/ Lesya Pechenkina (\u00a9 Damir Otegen)\" class=\"rl-gallery-link\" data-rl_caption=\"Departamento en Mosc\u00fa \/ Lesya Pechenkina (\u00a9 Damir Otegen)\" data-rel=\"lightbox-gallery-1\"><img loading=\"lazy\" decoding=\"async\" width=\"150\" height=\"150\" src=\"https:\/\/www.arquimaster.com.ar\/web\/wp-content\/uploads\/2024\/10\/departamento_moscu_1-150x150.jpg\" class=\"attachment-thumbnail size-thumbnail\" alt=\"Departamento en Mosc\u00fa \/ Lesya Pechenkina\" aria-describedby=\"gallery-1-80970\" \/><\/a>\n\t\t\t<\/div>\n\t\t\t\t<figcaption class='wp-caption-text gallery-caption' id='gallery-1-80970'>\n\t\t\t\tDepartamento en Mosc\u00fa \/ Lesya Pechenkina (\u00a9 Damir Otegen)\n\t\t\t\t<\/figcaption><\/figure><figure class='gallery-item'>\n\t\t\t<div class='gallery-icon portrait'>\n\t\t\t\t<a href='https:\/\/www.arquimaster.com.ar\/web\/wp-content\/uploads\/2024\/10\/departamento_moscu_2.jpg' title=\"Departamento en Mosc\u00fa \/ Lesya Pechenkina (\u00a9 Damir Otegen)\" data-rl_title=\"Departamento en Mosc\u00fa \/ Lesya Pechenkina (\u00a9 Damir Otegen)\" class=\"rl-gallery-link\" data-rl_caption=\"Departamento en Mosc\u00fa \/ Lesya Pechenkina (\u00a9 Damir Otegen)\" data-rel=\"lightbox-gallery-1\"><img loading=\"lazy\" decoding=\"async\" width=\"150\" height=\"150\" src=\"https:\/\/www.arquimaster.com.ar\/web\/wp-content\/uploads\/2024\/10\/departamento_moscu_2-150x150.jpg\" class=\"attachment-thumbnail size-thumbnail\" alt=\"Departamento en Mosc\u00fa \/ Lesya Pechenkina\" aria-describedby=\"gallery-1-80971\" \/><\/a>\n\t\t\t<\/div>\n\t\t\t\t<figcaption class='wp-caption-text gallery-caption' id='gallery-1-80971'>\n\t\t\t\tDepartamento en Mosc\u00fa \/ Lesya Pechenkina (\u00a9 Damir Otegen)\n\t\t\t\t<\/figcaption><\/figure><figure class='gallery-item'>\n\t\t\t<div class='gallery-icon portrait'>\n\t\t\t\t<a href='https:\/\/www.arquimaster.com.ar\/web\/wp-content\/uploads\/2024\/10\/departamento_moscu_3.jpg' title=\"Departamento en Mosc\u00fa \/ Lesya Pechenkina (\u00a9 Damir Otegen)\" data-rl_title=\"Departamento en Mosc\u00fa \/ Lesya Pechenkina (\u00a9 Damir Otegen)\" class=\"rl-gallery-link\" data-rl_caption=\"Departamento en Mosc\u00fa \/ Lesya Pechenkina (\u00a9 Damir Otegen)\" data-rel=\"lightbox-gallery-1\"><img loading=\"lazy\" decoding=\"async\" width=\"150\" height=\"150\" src=\"https:\/\/www.arquimaster.com.ar\/web\/wp-content\/uploads\/2024\/10\/departamento_moscu_3-150x150.jpg\" class=\"attachment-thumbnail size-thumbnail\" alt=\"Departamento en Mosc\u00fa \/ Lesya Pechenkina\" aria-describedby=\"gallery-1-80972\" \/><\/a>\n\t\t\t<\/div>\n\t\t\t\t<figcaption class='wp-caption-text gallery-caption' id='gallery-1-80972'>\n\t\t\t\tDepartamento en Mosc\u00fa \/ Lesya Pechenkina (\u00a9 Damir Otegen)\n\t\t\t\t<\/figcaption><\/figure><figure class='gallery-item'>\n\t\t\t<div class='gallery-icon portrait'>\n\t\t\t\t<a href='https:\/\/www.arquimaster.com.ar\/web\/wp-content\/uploads\/2024\/10\/departamento_moscu_4.jpg' title=\"Departamento en Mosc\u00fa \/ Lesya Pechenkina (\u00a9 Damir Otegen)\" data-rl_title=\"Departamento en Mosc\u00fa \/ Lesya Pechenkina (\u00a9 Damir Otegen)\" class=\"rl-gallery-link\" data-rl_caption=\"Departamento en Mosc\u00fa \/ Lesya Pechenkina (\u00a9 Damir Otegen)\" data-rel=\"lightbox-gallery-1\"><img loading=\"lazy\" decoding=\"async\" width=\"150\" height=\"150\" src=\"https:\/\/www.arquimaster.com.ar\/web\/wp-content\/uploads\/2024\/10\/departamento_moscu_4-150x150.jpg\" class=\"attachment-thumbnail size-thumbnail\" alt=\"Departamento en Mosc\u00fa \/ Lesya Pechenkina\" aria-describedby=\"gallery-1-80973\" \/><\/a>\n\t\t\t<\/div>\n\t\t\t\t<figcaption class='wp-caption-text gallery-caption' id='gallery-1-80973'>\n\t\t\t\tDepartamento en Mosc\u00fa \/ Lesya Pechenkina (\u00a9 Damir Otegen)\n\t\t\t\t<\/figcaption><\/figure><figure class='gallery-item'>\n\t\t\t<div class='gallery-icon portrait'>\n\t\t\t\t<a href='https:\/\/www.arquimaster.com.ar\/web\/wp-content\/uploads\/2024\/10\/departamento_moscu_5.jpg' title=\"Departamento en Mosc\u00fa \/ Lesya Pechenkina (\u00a9 Damir Otegen)\" data-rl_title=\"Departamento en Mosc\u00fa \/ Lesya Pechenkina (\u00a9 Damir Otegen)\" class=\"rl-gallery-link\" data-rl_caption=\"Departamento en Mosc\u00fa \/ Lesya Pechenkina (\u00a9 Damir Otegen)\" data-rel=\"lightbox-gallery-1\"><img loading=\"lazy\" decoding=\"async\" width=\"150\" height=\"150\" src=\"https:\/\/www.arquimaster.com.ar\/web\/wp-content\/uploads\/2024\/10\/departamento_moscu_5-150x150.jpg\" class=\"attachment-thumbnail size-thumbnail\" alt=\"Departamento en Mosc\u00fa \/ Lesya Pechenkina\" aria-describedby=\"gallery-1-80974\" \/><\/a>\n\t\t\t<\/div>\n\t\t\t\t<figcaption class='wp-caption-text gallery-caption' id='gallery-1-80974'>\n\t\t\t\tDepartamento en Mosc\u00fa \/ Lesya Pechenkina (\u00a9 Damir Otegen)\n\t\t\t\t<\/figcaption><\/figure><figure class='gallery-item'>\n\t\t\t<div class='gallery-icon portrait'>\n\t\t\t\t<a href='https:\/\/www.arquimaster.com.ar\/web\/wp-content\/uploads\/2024\/10\/departamento_moscu_6.jpg' title=\"Departamento en Mosc\u00fa \/ Lesya Pechenkina (\u00a9 Damir Otegen)\" data-rl_title=\"Departamento en Mosc\u00fa \/ Lesya Pechenkina (\u00a9 Damir Otegen)\" class=\"rl-gallery-link\" data-rl_caption=\"Departamento en Mosc\u00fa \/ Lesya Pechenkina (\u00a9 Damir Otegen)\" data-rel=\"lightbox-gallery-1\"><img loading=\"lazy\" decoding=\"async\" width=\"150\" height=\"150\" src=\"https:\/\/www.arquimaster.com.ar\/web\/wp-content\/uploads\/2024\/10\/departamento_moscu_6-150x150.jpg\" class=\"attachment-thumbnail size-thumbnail\" alt=\"Departamento en Mosc\u00fa \/ Lesya Pechenkina\" aria-describedby=\"gallery-1-80975\" \/><\/a>\n\t\t\t<\/div>\n\t\t\t\t<figcaption class='wp-caption-text gallery-caption' id='gallery-1-80975'>\n\t\t\t\tDepartamento en Mosc\u00fa \/ Lesya Pechenkina (\u00a9 Damir Otegen)\n\t\t\t\t<\/figcaption><\/figure><figure class='gallery-item'>\n\t\t\t<div class='gallery-icon portrait'>\n\t\t\t\t<a href='https:\/\/www.arquimaster.com.ar\/web\/wp-content\/uploads\/2024\/10\/departamento_moscu_7.jpg' title=\"Departamento en Mosc\u00fa \/ Lesya Pechenkina (\u00a9 Damir Otegen)\" data-rl_title=\"Departamento en Mosc\u00fa \/ Lesya Pechenkina (\u00a9 Damir Otegen)\" class=\"rl-gallery-link\" data-rl_caption=\"Departamento en Mosc\u00fa \/ Lesya Pechenkina (\u00a9 Damir Otegen)\" data-rel=\"lightbox-gallery-1\"><img loading=\"lazy\" decoding=\"async\" width=\"150\" height=\"150\" src=\"https:\/\/www.arquimaster.com.ar\/web\/wp-content\/uploads\/2024\/10\/departamento_moscu_7-150x150.jpg\" class=\"attachment-thumbnail size-thumbnail\" alt=\"Departamento en Mosc\u00fa \/ Lesya Pechenkina\" aria-describedby=\"gallery-1-80976\" \/><\/a>\n\t\t\t<\/div>\n\t\t\t\t<figcaption class='wp-caption-text gallery-caption' id='gallery-1-80976'>\n\t\t\t\tDepartamento en Mosc\u00fa \/ Lesya Pechenkina (\u00a9 Damir Otegen)\n\t\t\t\t<\/figcaption><\/figure><figure class='gallery-item'>\n\t\t\t<div class='gallery-icon portrait'>\n\t\t\t\t<a href='https:\/\/www.arquimaster.com.ar\/web\/wp-content\/uploads\/2024\/10\/departamento_moscu_8.jpg' title=\"Departamento en Mosc\u00fa \/ Lesya Pechenkina (\u00a9 Damir Otegen)\" data-rl_title=\"Departamento en Mosc\u00fa \/ Lesya Pechenkina (\u00a9 Damir Otegen)\" class=\"rl-gallery-link\" data-rl_caption=\"Departamento en Mosc\u00fa \/ Lesya Pechenkina (\u00a9 Damir Otegen)\" data-rel=\"lightbox-gallery-1\"><img loading=\"lazy\" decoding=\"async\" width=\"150\" height=\"150\" src=\"https:\/\/www.arquimaster.com.ar\/web\/wp-content\/uploads\/2024\/10\/departamento_moscu_8-150x150.jpg\" class=\"attachment-thumbnail size-thumbnail\" alt=\"Departamento en Mosc\u00fa \/ Lesya Pechenkina\" aria-describedby=\"gallery-1-80977\" \/><\/a>\n\t\t\t<\/div>\n\t\t\t\t<figcaption class='wp-caption-text gallery-caption' id='gallery-1-80977'>\n\t\t\t\tDepartamento en Mosc\u00fa \/ Lesya Pechenkina (\u00a9 Damir Otegen)\n\t\t\t\t<\/figcaption><\/figure><figure class='gallery-item'>\n\t\t\t<div class='gallery-icon portrait'>\n\t\t\t\t<a href='https:\/\/www.arquimaster.com.ar\/web\/wp-content\/uploads\/2024\/10\/departamento_moscu_9.jpg' title=\"Departamento en Mosc\u00fa \/ Lesya Pechenkina (\u00a9 Damir Otegen)\" data-rl_title=\"Departamento en Mosc\u00fa \/ Lesya Pechenkina (\u00a9 Damir Otegen)\" class=\"rl-gallery-link\" data-rl_caption=\"Departamento en Mosc\u00fa \/ Lesya Pechenkina (\u00a9 Damir Otegen)\" data-rel=\"lightbox-gallery-1\"><img loading=\"lazy\" decoding=\"async\" width=\"150\" height=\"150\" src=\"https:\/\/www.arquimaster.com.ar\/web\/wp-content\/uploads\/2024\/10\/departamento_moscu_9-150x150.jpg\" class=\"attachment-thumbnail size-thumbnail\" alt=\"Departamento en Mosc\u00fa \/ Lesya Pechenkina\" aria-describedby=\"gallery-1-80978\" \/><\/a>\n\t\t\t<\/div>\n\t\t\t\t<figcaption class='wp-caption-text gallery-caption' id='gallery-1-80978'>\n\t\t\t\tDepartamento en Mosc\u00fa \/ Lesya Pechenkina (\u00a9 Damir Otegen)\n\t\t\t\t<\/figcaption><\/figure><figure class='gallery-item'>\n\t\t\t<div class='gallery-icon portrait'>\n\t\t\t\t<a href='https:\/\/www.arquimaster.com.ar\/web\/wp-content\/uploads\/2024\/10\/departamento_moscu_10.jpg' title=\"Departamento en Mosc\u00fa \/ Lesya Pechenkina (\u00a9 Damir Otegen)\" data-rl_title=\"Departamento en Mosc\u00fa \/ Lesya Pechenkina (\u00a9 Damir Otegen)\" class=\"rl-gallery-link\" data-rl_caption=\"Departamento en Mosc\u00fa \/ Lesya Pechenkina (\u00a9 Damir Otegen)\" data-rel=\"lightbox-gallery-1\"><img loading=\"lazy\" decoding=\"async\" width=\"150\" height=\"150\" src=\"https:\/\/www.arquimaster.com.ar\/web\/wp-content\/uploads\/2024\/10\/departamento_moscu_10-150x150.jpg\" class=\"attachment-thumbnail size-thumbnail\" alt=\"Departamento en Mosc\u00fa \/ Lesya Pechenkina\" aria-describedby=\"gallery-1-80979\" \/><\/a>\n\t\t\t<\/div>\n\t\t\t\t<figcaption class='wp-caption-text gallery-caption' id='gallery-1-80979'>\n\t\t\t\tDepartamento en Mosc\u00fa \/ Lesya Pechenkina (\u00a9 Damir Otegen)\n\t\t\t\t<\/figcaption><\/figure><figure class='gallery-item'>\n\t\t\t<div class='gallery-icon portrait'>\n\t\t\t\t<a href='https:\/\/www.arquimaster.com.ar\/web\/wp-content\/uploads\/2024\/10\/departamento_moscu_11.jpg' title=\"Departamento en Mosc\u00fa \/ Lesya Pechenkina (\u00a9 Damir Otegen)\" data-rl_title=\"Departamento en Mosc\u00fa \/ Lesya Pechenkina (\u00a9 Damir Otegen)\" class=\"rl-gallery-link\" data-rl_caption=\"Departamento en Mosc\u00fa \/ Lesya Pechenkina (\u00a9 Damir Otegen)\" data-rel=\"lightbox-gallery-1\"><img loading=\"lazy\" decoding=\"async\" width=\"150\" height=\"150\" src=\"https:\/\/www.arquimaster.com.ar\/web\/wp-content\/uploads\/2024\/10\/departamento_moscu_11-150x150.jpg\" class=\"attachment-thumbnail size-thumbnail\" alt=\"Departamento en Mosc\u00fa \/ Lesya Pechenkina\" aria-describedby=\"gallery-1-80980\" \/><\/a>\n\t\t\t<\/div>\n\t\t\t\t<figcaption class='wp-caption-text gallery-caption' id='gallery-1-80980'>\n\t\t\t\tDepartamento en Mosc\u00fa \/ Lesya Pechenkina (\u00a9 Damir Otegen)\n\t\t\t\t<\/figcaption><\/figure><figure class='gallery-item'>\n\t\t\t<div class='gallery-icon portrait'>\n\t\t\t\t<a href='https:\/\/www.arquimaster.com.ar\/web\/wp-content\/uploads\/2024\/10\/departamento_moscu_12.jpg' title=\"Departamento en Mosc\u00fa \/ Lesya Pechenkina (\u00a9 Damir Otegen)\" data-rl_title=\"Departamento en Mosc\u00fa \/ Lesya Pechenkina (\u00a9 Damir Otegen)\" class=\"rl-gallery-link\" data-rl_caption=\"Departamento en Mosc\u00fa \/ Lesya Pechenkina (\u00a9 Damir Otegen)\" data-rel=\"lightbox-gallery-1\"><img loading=\"lazy\" decoding=\"async\" width=\"150\" height=\"150\" src=\"https:\/\/www.arquimaster.com.ar\/web\/wp-content\/uploads\/2024\/10\/departamento_moscu_12-150x150.jpg\" class=\"attachment-thumbnail size-thumbnail\" alt=\"Departamento en Mosc\u00fa \/ Lesya Pechenkina\" aria-describedby=\"gallery-1-80981\" \/><\/a>\n\t\t\t<\/div>\n\t\t\t\t<figcaption class='wp-caption-text gallery-caption' id='gallery-1-80981'>\n\t\t\t\tDepartamento en Mosc\u00fa \/ Lesya Pechenkina (\u00a9 Damir Otegen)\n\t\t\t\t<\/figcaption><\/figure><figure class='gallery-item'>\n\t\t\t<div class='gallery-icon portrait'>\n\t\t\t\t<a href='https:\/\/www.arquimaster.com.ar\/web\/wp-content\/uploads\/2024\/10\/departamento_moscu_13.jpg' title=\"Departamento en Mosc\u00fa \/ Lesya Pechenkina (\u00a9 Damir Otegen)\" data-rl_title=\"Departamento en Mosc\u00fa \/ Lesya Pechenkina (\u00a9 Damir Otegen)\" class=\"rl-gallery-link\" data-rl_caption=\"Departamento en Mosc\u00fa \/ Lesya Pechenkina (\u00a9 Damir Otegen)\" data-rel=\"lightbox-gallery-1\"><img loading=\"lazy\" decoding=\"async\" width=\"150\" height=\"150\" src=\"https:\/\/www.arquimaster.com.ar\/web\/wp-content\/uploads\/2024\/10\/departamento_moscu_13-150x150.jpg\" class=\"attachment-thumbnail size-thumbnail\" alt=\"Departamento en Mosc\u00fa \/ Lesya Pechenkina\" aria-describedby=\"gallery-1-80982\" \/><\/a>\n\t\t\t<\/div>\n\t\t\t\t<figcaption class='wp-caption-text gallery-caption' id='gallery-1-80982'>\n\t\t\t\tDepartamento en Mosc\u00fa \/ Lesya Pechenkina (\u00a9 Damir Otegen)\n\t\t\t\t<\/figcaption><\/figure><figure class='gallery-item'>\n\t\t\t<div class='gallery-icon portrait'>\n\t\t\t\t<a href='https:\/\/www.arquimaster.com.ar\/web\/wp-content\/uploads\/2024\/10\/departamento_moscu_14.jpg' title=\"Departamento en Mosc\u00fa \/ Lesya Pechenkina (\u00a9 Damir Otegen)\" data-rl_title=\"Departamento en Mosc\u00fa \/ Lesya Pechenkina (\u00a9 Damir Otegen)\" class=\"rl-gallery-link\" data-rl_caption=\"Departamento en Mosc\u00fa \/ Lesya Pechenkina (\u00a9 Damir Otegen)\" data-rel=\"lightbox-gallery-1\"><img loading=\"lazy\" decoding=\"async\" width=\"150\" height=\"150\" src=\"https:\/\/www.arquimaster.com.ar\/web\/wp-content\/uploads\/2024\/10\/departamento_moscu_14-150x150.jpg\" class=\"attachment-thumbnail size-thumbnail\" alt=\"Departamento en Mosc\u00fa \/ Lesya Pechenkina\" aria-describedby=\"gallery-1-80983\" \/><\/a>\n\t\t\t<\/div>\n\t\t\t\t<figcaption class='wp-caption-text gallery-caption' id='gallery-1-80983'>\n\t\t\t\tDepartamento en Mosc\u00fa \/ Lesya Pechenkina (\u00a9 Damir Otegen)\n\t\t\t\t<\/figcaption><\/figure><figure class='gallery-item'>\n\t\t\t<div class='gallery-icon portrait'>\n\t\t\t\t<a href='https:\/\/www.arquimaster.com.ar\/web\/wp-content\/uploads\/2024\/10\/departamento_moscu_15.jpg' title=\"Departamento en Mosc\u00fa \/ Lesya Pechenkina (\u00a9 Damir Otegen)\" data-rl_title=\"Departamento en Mosc\u00fa \/ Lesya Pechenkina (\u00a9 Damir Otegen)\" class=\"rl-gallery-link\" data-rl_caption=\"Departamento en Mosc\u00fa \/ Lesya Pechenkina (\u00a9 Damir Otegen)\" data-rel=\"lightbox-gallery-1\"><img loading=\"lazy\" decoding=\"async\" width=\"150\" height=\"150\" src=\"https:\/\/www.arquimaster.com.ar\/web\/wp-content\/uploads\/2024\/10\/departamento_moscu_15-150x150.jpg\" class=\"attachment-thumbnail size-thumbnail\" alt=\"Departamento en Mosc\u00fa \/ Lesya Pechenkina\" aria-describedby=\"gallery-1-80984\" \/><\/a>\n\t\t\t<\/div>\n\t\t\t\t<figcaption class='wp-caption-text gallery-caption' id='gallery-1-80984'>\n\t\t\t\tDepartamento en Mosc\u00fa \/ Lesya Pechenkina (\u00a9 Damir Otegen)\n\t\t\t\t<\/figcaption><\/figure><figure class='gallery-item'>\n\t\t\t<div class='gallery-icon portrait'>\n\t\t\t\t<a href='https:\/\/www.arquimaster.com.ar\/web\/wp-content\/uploads\/2024\/10\/departamento_moscu_16.jpg' title=\"Departamento en Mosc\u00fa \/ Lesya Pechenkina (\u00a9 Damir Otegen)\" data-rl_title=\"Departamento en Mosc\u00fa \/ Lesya Pechenkina (\u00a9 Damir Otegen)\" class=\"rl-gallery-link\" data-rl_caption=\"Departamento en Mosc\u00fa \/ Lesya Pechenkina (\u00a9 Damir Otegen)\" data-rel=\"lightbox-gallery-1\"><img loading=\"lazy\" decoding=\"async\" width=\"150\" height=\"150\" src=\"https:\/\/www.arquimaster.com.ar\/web\/wp-content\/uploads\/2024\/10\/departamento_moscu_16-150x150.jpg\" class=\"attachment-thumbnail size-thumbnail\" alt=\"Departamento en Mosc\u00fa \/ Lesya Pechenkina\" aria-describedby=\"gallery-1-80985\" \/><\/a>\n\t\t\t<\/div>\n\t\t\t\t<figcaption class='wp-caption-text gallery-caption' id='gallery-1-80985'>\n\t\t\t\tDepartamento en Mosc\u00fa \/ Lesya Pechenkina (\u00a9 Damir Otegen)\n\t\t\t\t<\/figcaption><\/figure><figure class='gallery-item'>\n\t\t\t<div class='gallery-icon portrait'>\n\t\t\t\t<a href='https:\/\/www.arquimaster.com.ar\/web\/wp-content\/uploads\/2024\/10\/departamento_moscu_17.jpg' title=\"Departamento en Mosc\u00fa \/ Lesya Pechenkina (\u00a9 Damir Otegen)\" data-rl_title=\"Departamento en Mosc\u00fa \/ Lesya Pechenkina (\u00a9 Damir Otegen)\" class=\"rl-gallery-link\" data-rl_caption=\"Departamento en Mosc\u00fa \/ Lesya Pechenkina (\u00a9 Damir Otegen)\" data-rel=\"lightbox-gallery-1\"><img loading=\"lazy\" decoding=\"async\" width=\"150\" height=\"150\" src=\"https:\/\/www.arquimaster.com.ar\/web\/wp-content\/uploads\/2024\/10\/departamento_moscu_17-150x150.jpg\" class=\"attachment-thumbnail size-thumbnail\" alt=\"Departamento en Mosc\u00fa \/ Lesya Pechenkina\" aria-describedby=\"gallery-1-80986\" \/><\/a>\n\t\t\t<\/div>\n\t\t\t\t<figcaption class='wp-caption-text gallery-caption' id='gallery-1-80986'>\n\t\t\t\tDepartamento en Mosc\u00fa \/ Lesya Pechenkina (\u00a9 Damir Otegen)\n\t\t\t\t<\/figcaption><\/figure><figure class='gallery-item'>\n\t\t\t<div class='gallery-icon portrait'>\n\t\t\t\t<a href='https:\/\/www.arquimaster.com.ar\/web\/wp-content\/uploads\/2024\/10\/departamento_moscu_18.jpg' title=\"Departamento en Mosc\u00fa \/ Lesya Pechenkina (\u00a9 Damir Otegen)\" data-rl_title=\"Departamento en Mosc\u00fa \/ Lesya Pechenkina (\u00a9 Damir Otegen)\" class=\"rl-gallery-link\" data-rl_caption=\"Departamento en Mosc\u00fa \/ Lesya Pechenkina (\u00a9 Damir Otegen)\" data-rel=\"lightbox-gallery-1\"><img loading=\"lazy\" decoding=\"async\" width=\"150\" height=\"150\" src=\"https:\/\/www.arquimaster.com.ar\/web\/wp-content\/uploads\/2024\/10\/departamento_moscu_18-150x150.jpg\" class=\"attachment-thumbnail size-thumbnail\" alt=\"Departamento en Mosc\u00fa \/ Lesya Pechenkina\" aria-describedby=\"gallery-1-80987\" \/><\/a>\n\t\t\t<\/div>\n\t\t\t\t<figcaption class='wp-caption-text gallery-caption' id='gallery-1-80987'>\n\t\t\t\tDepartamento en Mosc\u00fa \/ Lesya Pechenkina (\u00a9 Damir Otegen)\n\t\t\t\t<\/figcaption><\/figure><figure class='gallery-item'>\n\t\t\t<div class='gallery-icon portrait'>\n\t\t\t\t<a href='https:\/\/www.arquimaster.com.ar\/web\/wp-content\/uploads\/2024\/10\/departamento_moscu_19.jpg' title=\"Departamento en Mosc\u00fa \/ Lesya Pechenkina (\u00a9 Damir Otegen)\" data-rl_title=\"Departamento en Mosc\u00fa \/ Lesya Pechenkina (\u00a9 Damir Otegen)\" class=\"rl-gallery-link\" data-rl_caption=\"Departamento en Mosc\u00fa \/ Lesya Pechenkina (\u00a9 Damir Otegen)\" data-rel=\"lightbox-gallery-1\"><img loading=\"lazy\" decoding=\"async\" width=\"150\" height=\"150\" src=\"https:\/\/www.arquimaster.com.ar\/web\/wp-content\/uploads\/2024\/10\/departamento_moscu_19-150x150.jpg\" class=\"attachment-thumbnail size-thumbnail\" alt=\"Departamento en Mosc\u00fa \/ Lesya Pechenkina\" aria-describedby=\"gallery-1-80988\" \/><\/a>\n\t\t\t<\/div>\n\t\t\t\t<figcaption class='wp-caption-text gallery-caption' id='gallery-1-80988'>\n\t\t\t\tDepartamento en Mosc\u00fa \/ Lesya Pechenkina (\u00a9 Damir Otegen)\n\t\t\t\t<\/figcaption><\/figure><figure class='gallery-item'>\n\t\t\t<div class='gallery-icon portrait'>\n\t\t\t\t<a href='https:\/\/www.arquimaster.com.ar\/web\/wp-content\/uploads\/2024\/10\/departamento_moscu_20.jpg' title=\"Departamento en Mosc\u00fa \/ Lesya Pechenkina (\u00a9 Damir Otegen)\" data-rl_title=\"Departamento en Mosc\u00fa \/ Lesya Pechenkina (\u00a9 Damir Otegen)\" class=\"rl-gallery-link\" data-rl_caption=\"Departamento en Mosc\u00fa \/ Lesya Pechenkina (\u00a9 Damir Otegen)\" data-rel=\"lightbox-gallery-1\"><img loading=\"lazy\" decoding=\"async\" width=\"150\" height=\"150\" src=\"https:\/\/www.arquimaster.com.ar\/web\/wp-content\/uploads\/2024\/10\/departamento_moscu_20-150x150.jpg\" class=\"attachment-thumbnail size-thumbnail\" alt=\"Departamento en Mosc\u00fa \/ Lesya Pechenkina\" aria-describedby=\"gallery-1-80989\" \/><\/a>\n\t\t\t<\/div>\n\t\t\t\t<figcaption class='wp-caption-text gallery-caption' id='gallery-1-80989'>\n\t\t\t\tDepartamento en Mosc\u00fa \/ Lesya Pechenkina (\u00a9 Damir Otegen)\n\t\t\t\t<\/figcaption><\/figure><figure class='gallery-item'>\n\t\t\t<div class='gallery-icon portrait'>\n\t\t\t\t<a href='https:\/\/www.arquimaster.com.ar\/web\/wp-content\/uploads\/2024\/10\/departamento_moscu_21.jpg' title=\"Departamento en Mosc\u00fa \/ Lesya Pechenkina (\u00a9 Damir Otegen)\" data-rl_title=\"Departamento en Mosc\u00fa \/ Lesya Pechenkina (\u00a9 Damir Otegen)\" class=\"rl-gallery-link\" data-rl_caption=\"Departamento en Mosc\u00fa \/ Lesya Pechenkina (\u00a9 Damir Otegen)\" data-rel=\"lightbox-gallery-1\"><img loading=\"lazy\" decoding=\"async\" width=\"150\" height=\"150\" src=\"https:\/\/www.arquimaster.com.ar\/web\/wp-content\/uploads\/2024\/10\/departamento_moscu_21-150x150.jpg\" class=\"attachment-thumbnail size-thumbnail\" alt=\"Departamento en Mosc\u00fa \/ Lesya Pechenkina\" aria-describedby=\"gallery-1-80990\" \/><\/a>\n\t\t\t<\/div>\n\t\t\t\t<figcaption class='wp-caption-text gallery-caption' id='gallery-1-80990'>\n\t\t\t\tDepartamento en Mosc\u00fa \/ Lesya Pechenkina (\u00a9 Damir Otegen)\n\t\t\t\t<\/figcaption><\/figure><figure class='gallery-item'>\n\t\t\t<div class='gallery-icon portrait'>\n\t\t\t\t<a href='https:\/\/www.arquimaster.com.ar\/web\/wp-content\/uploads\/2024\/10\/departamento_moscu_22.jpg' title=\"Departamento en Mosc\u00fa \/ Lesya Pechenkina (\u00a9 Damir Otegen)\" data-rl_title=\"Departamento en Mosc\u00fa \/ Lesya Pechenkina (\u00a9 Damir Otegen)\" class=\"rl-gallery-link\" data-rl_caption=\"Departamento en Mosc\u00fa \/ Lesya Pechenkina (\u00a9 Damir Otegen)\" data-rel=\"lightbox-gallery-1\"><img loading=\"lazy\" decoding=\"async\" width=\"150\" height=\"150\" src=\"https:\/\/www.arquimaster.com.ar\/web\/wp-content\/uploads\/2024\/10\/departamento_moscu_22-150x150.jpg\" class=\"attachment-thumbnail size-thumbnail\" alt=\"Departamento en Mosc\u00fa \/ Lesya Pechenkina\" aria-describedby=\"gallery-1-80991\" \/><\/a>\n\t\t\t<\/div>\n\t\t\t\t<figcaption class='wp-caption-text gallery-caption' id='gallery-1-80991'>\n\t\t\t\tDepartamento en Mosc\u00fa \/ Lesya Pechenkina (\u00a9 Damir Otegen)\n\t\t\t\t<\/figcaption><\/figure><figure class='gallery-item'>\n\t\t\t<div class='gallery-icon portrait'>\n\t\t\t\t<a href='https:\/\/www.arquimaster.com.ar\/web\/wp-content\/uploads\/2024\/10\/departamento_moscu_23.jpg' title=\"Departamento en Mosc\u00fa \/ Lesya Pechenkina (\u00a9 Damir Otegen)\" data-rl_title=\"Departamento en Mosc\u00fa \/ Lesya Pechenkina (\u00a9 Damir Otegen)\" class=\"rl-gallery-link\" data-rl_caption=\"Departamento en Mosc\u00fa \/ Lesya Pechenkina (\u00a9 Damir Otegen)\" data-rel=\"lightbox-gallery-1\"><img loading=\"lazy\" decoding=\"async\" width=\"150\" height=\"150\" src=\"https:\/\/www.arquimaster.com.ar\/web\/wp-content\/uploads\/2024\/10\/departamento_moscu_23-150x150.jpg\" class=\"attachment-thumbnail size-thumbnail\" alt=\"Departamento en Mosc\u00fa \/ Lesya Pechenkina\" aria-describedby=\"gallery-1-80992\" \/><\/a>\n\t\t\t<\/div>\n\t\t\t\t<figcaption class='wp-caption-text gallery-caption' id='gallery-1-80992'>\n\t\t\t\tDepartamento en Mosc\u00fa \/ Lesya Pechenkina (\u00a9 Damir Otegen)\n\t\t\t\t<\/figcaption><\/figure><figure class='gallery-item'>\n\t\t\t<div class='gallery-icon portrait'>\n\t\t\t\t<a href='https:\/\/www.arquimaster.com.ar\/web\/wp-content\/uploads\/2024\/10\/departamento_moscu_24.jpg' title=\"Departamento en Mosc\u00fa \/ Lesya Pechenkina (\u00a9 Damir Otegen)\" data-rl_title=\"Departamento en Mosc\u00fa \/ Lesya Pechenkina (\u00a9 Damir Otegen)\" class=\"rl-gallery-link\" data-rl_caption=\"Departamento en Mosc\u00fa \/ Lesya Pechenkina (\u00a9 Damir Otegen)\" data-rel=\"lightbox-gallery-1\"><img loading=\"lazy\" decoding=\"async\" width=\"150\" height=\"150\" src=\"https:\/\/www.arquimaster.com.ar\/web\/wp-content\/uploads\/2024\/10\/departamento_moscu_24-150x150.jpg\" class=\"attachment-thumbnail size-thumbnail\" alt=\"Departamento en Mosc\u00fa \/ Lesya Pechenkina\" aria-describedby=\"gallery-1-80993\" \/><\/a>\n\t\t\t<\/div>\n\t\t\t\t<figcaption class='wp-caption-text gallery-caption' id='gallery-1-80993'>\n\t\t\t\tDepartamento en Mosc\u00fa \/ Lesya Pechenkina (\u00a9 Damir Otegen)\n\t\t\t\t<\/figcaption><\/figure><figure class='gallery-item'>\n\t\t\t<div class='gallery-icon portrait'>\n\t\t\t\t<a href='https:\/\/www.arquimaster.com.ar\/web\/wp-content\/uploads\/2024\/10\/departamento_moscu_25.jpg' title=\"Departamento en Mosc\u00fa \/ Lesya Pechenkina (\u00a9 Damir Otegen)\" data-rl_title=\"Departamento en Mosc\u00fa \/ Lesya Pechenkina (\u00a9 Damir Otegen)\" class=\"rl-gallery-link\" data-rl_caption=\"Departamento en Mosc\u00fa \/ Lesya Pechenkina (\u00a9 Damir Otegen)\" data-rel=\"lightbox-gallery-1\"><img loading=\"lazy\" decoding=\"async\" width=\"150\" height=\"150\" src=\"https:\/\/www.arquimaster.com.ar\/web\/wp-content\/uploads\/2024\/10\/departamento_moscu_25-150x150.jpg\" class=\"attachment-thumbnail size-thumbnail\" alt=\"Departamento en Mosc\u00fa \/ Lesya Pechenkina\" aria-describedby=\"gallery-1-80994\" \/><\/a>\n\t\t\t<\/div>\n\t\t\t\t<figcaption class='wp-caption-text gallery-caption' id='gallery-1-80994'>\n\t\t\t\tDepartamento en Mosc\u00fa \/ Lesya Pechenkina (\u00a9 Damir Otegen)\n\t\t\t\t<\/figcaption><\/figure><figure class='gallery-item'>\n\t\t\t<div class='gallery-icon portrait'>\n\t\t\t\t<a href='https:\/\/www.arquimaster.com.ar\/web\/wp-content\/uploads\/2024\/10\/departamento_moscu_26.jpg' title=\"Departamento en Mosc\u00fa \/ Lesya Pechenkina (\u00a9 Damir Otegen)\" data-rl_title=\"Departamento en Mosc\u00fa \/ Lesya Pechenkina (\u00a9 Damir Otegen)\" class=\"rl-gallery-link\" data-rl_caption=\"Departamento en Mosc\u00fa \/ Lesya Pechenkina (\u00a9 Damir Otegen)\" data-rel=\"lightbox-gallery-1\"><img loading=\"lazy\" decoding=\"async\" width=\"150\" height=\"150\" src=\"https:\/\/www.arquimaster.com.ar\/web\/wp-content\/uploads\/2024\/10\/departamento_moscu_26-150x150.jpg\" class=\"attachment-thumbnail size-thumbnail\" alt=\"Departamento en Mosc\u00fa \/ Lesya Pechenkina\" aria-describedby=\"gallery-1-80995\" \/><\/a>\n\t\t\t<\/div>\n\t\t\t\t<figcaption class='wp-caption-text gallery-caption' id='gallery-1-80995'>\n\t\t\t\tDepartamento en Mosc\u00fa \/ Lesya Pechenkina (\u00a9 Damir Otegen)\n\t\t\t\t<\/figcaption><\/figure><figure class='gallery-item'>\n\t\t\t<div class='gallery-icon portrait'>\n\t\t\t\t<a href='https:\/\/www.arquimaster.com.ar\/web\/wp-content\/uploads\/2024\/10\/departamento_moscu_27.jpg' title=\"Departamento en Mosc\u00fa \/ Lesya Pechenkina (\u00a9 Damir Otegen)\" data-rl_title=\"Departamento en Mosc\u00fa \/ Lesya Pechenkina (\u00a9 Damir Otegen)\" class=\"rl-gallery-link\" data-rl_caption=\"Departamento en Mosc\u00fa \/ Lesya Pechenkina (\u00a9 Damir Otegen)\" data-rel=\"lightbox-gallery-1\"><img loading=\"lazy\" decoding=\"async\" width=\"150\" height=\"150\" src=\"https:\/\/www.arquimaster.com.ar\/web\/wp-content\/uploads\/2024\/10\/departamento_moscu_27-150x150.jpg\" class=\"attachment-thumbnail size-thumbnail\" alt=\"Departamento en Mosc\u00fa \/ Lesya Pechenkina\" aria-describedby=\"gallery-1-80996\" \/><\/a>\n\t\t\t<\/div>\n\t\t\t\t<figcaption class='wp-caption-text gallery-caption' id='gallery-1-80996'>\n\t\t\t\tDepartamento en Mosc\u00fa \/ Lesya Pechenkina (\u00a9 Damir Otegen)\n\t\t\t\t<\/figcaption><\/figure><figure class='gallery-item'>\n\t\t\t<div class='gallery-icon portrait'>\n\t\t\t\t<a href='https:\/\/www.arquimaster.com.ar\/web\/wp-content\/uploads\/2024\/10\/departamento_moscu_28.jpg' title=\"Departamento en Mosc\u00fa \/ Lesya Pechenkina (\u00a9 Damir Otegen)\" data-rl_title=\"Departamento en Mosc\u00fa \/ Lesya Pechenkina (\u00a9 Damir Otegen)\" class=\"rl-gallery-link\" data-rl_caption=\"Departamento en Mosc\u00fa \/ Lesya Pechenkina (\u00a9 Damir Otegen)\" data-rel=\"lightbox-gallery-1\"><img loading=\"lazy\" decoding=\"async\" width=\"150\" height=\"150\" src=\"https:\/\/www.arquimaster.com.ar\/web\/wp-content\/uploads\/2024\/10\/departamento_moscu_28-150x150.jpg\" class=\"attachment-thumbnail size-thumbnail\" alt=\"Departamento en Mosc\u00fa \/ Lesya Pechenkina\" aria-describedby=\"gallery-1-80997\" \/><\/a>\n\t\t\t<\/div>\n\t\t\t\t<figcaption class='wp-caption-text gallery-caption' id='gallery-1-80997'>\n\t\t\t\tDepartamento en Mosc\u00fa \/ Lesya Pechenkina (\u00a9 Damir Otegen)\n\t\t\t\t<\/figcaption><\/figure><figure class='gallery-item'>\n\t\t\t<div class='gallery-icon portrait'>\n\t\t\t\t<a href='https:\/\/www.arquimaster.com.ar\/web\/wp-content\/uploads\/2024\/10\/departamento_moscu_29.jpg' title=\"Departamento en Mosc\u00fa \/ Lesya Pechenkina (\u00a9 Damir Otegen)\" data-rl_title=\"Departamento en Mosc\u00fa \/ Lesya Pechenkina (\u00a9 Damir Otegen)\" class=\"rl-gallery-link\" data-rl_caption=\"Departamento en Mosc\u00fa \/ Lesya Pechenkina (\u00a9 Damir Otegen)\" data-rel=\"lightbox-gallery-1\"><img loading=\"lazy\" decoding=\"async\" width=\"150\" height=\"150\" src=\"https:\/\/www.arquimaster.com.ar\/web\/wp-content\/uploads\/2024\/10\/departamento_moscu_29-150x150.jpg\" class=\"attachment-thumbnail size-thumbnail\" alt=\"Departamento en Mosc\u00fa \/ Lesya Pechenkina\" aria-describedby=\"gallery-1-80998\" \/><\/a>\n\t\t\t<\/div>\n\t\t\t\t<figcaption class='wp-caption-text gallery-caption' id='gallery-1-80998'>\n\t\t\t\tDepartamento en Mosc\u00fa \/ Lesya Pechenkina (\u00a9 Damir Otegen)\n\t\t\t\t<\/figcaption><\/figure><figure class='gallery-item'>\n\t\t\t<div class='gallery-icon portrait'>\n\t\t\t\t<a href='https:\/\/www.arquimaster.com.ar\/web\/wp-content\/uploads\/2024\/10\/departamento_moscu_30jpg.jpg' title=\"Departamento en Mosc\u00fa \/ Lesya Pechenkina (\u00a9 Damir Otegen)\" data-rl_title=\"Departamento en Mosc\u00fa \/ Lesya Pechenkina (\u00a9 Damir Otegen)\" class=\"rl-gallery-link\" data-rl_caption=\"Departamento en Mosc\u00fa \/ Lesya Pechenkina (\u00a9 Damir Otegen)\" data-rel=\"lightbox-gallery-1\"><img loading=\"lazy\" decoding=\"async\" width=\"150\" height=\"150\" src=\"https:\/\/www.arquimaster.com.ar\/web\/wp-content\/uploads\/2024\/10\/departamento_moscu_30jpg-150x150.jpg\" class=\"attachment-thumbnail size-thumbnail\" alt=\"Departamento en Mosc\u00fa \/ Lesya Pechenkina\" aria-describedby=\"gallery-1-80999\" \/><\/a>\n\t\t\t<\/div>\n\t\t\t\t<figcaption class='wp-caption-text gallery-caption' id='gallery-1-80999'>\n\t\t\t\tDepartamento en Mosc\u00fa \/ Lesya Pechenkina (\u00a9 Damir Otegen)\n\t\t\t\t<\/figcaption><\/figure><figure class='gallery-item'>\n\t\t\t<div class='gallery-icon portrait'>\n\t\t\t\t<a href='https:\/\/www.arquimaster.com.ar\/web\/wp-content\/uploads\/2024\/10\/departamento_moscu_31.jpg' title=\"Departamento en Mosc\u00fa \/ Lesya Pechenkina (\u00a9 Damir Otegen)\" data-rl_title=\"Departamento en Mosc\u00fa \/ Lesya Pechenkina (\u00a9 Damir Otegen)\" class=\"rl-gallery-link\" data-rl_caption=\"Departamento en Mosc\u00fa \/ Lesya Pechenkina (\u00a9 Damir Otegen)\" data-rel=\"lightbox-gallery-1\"><img loading=\"lazy\" decoding=\"async\" width=\"150\" height=\"150\" src=\"https:\/\/www.arquimaster.com.ar\/web\/wp-content\/uploads\/2024\/10\/departamento_moscu_31-150x150.jpg\" class=\"attachment-thumbnail size-thumbnail\" alt=\"Departamento en Mosc\u00fa \/ Lesya Pechenkina\" aria-describedby=\"gallery-1-81000\" \/><\/a>\n\t\t\t<\/div>\n\t\t\t\t<figcaption class='wp-caption-text gallery-caption' id='gallery-1-81000'>\n\t\t\t\tDepartamento en Mosc\u00fa \/ Lesya Pechenkina (\u00a9 Damir Otegen)\n\t\t\t\t<\/figcaption><\/figure><figure class='gallery-item'>\n\t\t\t<div class='gallery-icon portrait'>\n\t\t\t\t<a href='https:\/\/www.arquimaster.com.ar\/web\/wp-content\/uploads\/2024\/10\/departamento_moscu_32.jpg' title=\"Departamento en Mosc\u00fa \/ Lesya Pechenkina (\u00a9 Damir Otegen)\" data-rl_title=\"Departamento en Mosc\u00fa \/ Lesya Pechenkina (\u00a9 Damir Otegen)\" class=\"rl-gallery-link\" data-rl_caption=\"Departamento en Mosc\u00fa \/ Lesya Pechenkina (\u00a9 Damir Otegen)\" data-rel=\"lightbox-gallery-1\"><img loading=\"lazy\" decoding=\"async\" width=\"150\" height=\"150\" src=\"https:\/\/www.arquimaster.com.ar\/web\/wp-content\/uploads\/2024\/10\/departamento_moscu_32-150x150.jpg\" class=\"attachment-thumbnail size-thumbnail\" alt=\"Departamento en Mosc\u00fa \/ Lesya Pechenkina\" aria-describedby=\"gallery-1-81001\" \/><\/a>\n\t\t\t<\/div>\n\t\t\t\t<figcaption class='wp-caption-text gallery-caption' id='gallery-1-81001'>\n\t\t\t\tDepartamento en Mosc\u00fa \/ Lesya Pechenkina (\u00a9 Damir Otegen)\n\t\t\t\t<\/figcaption><\/figure><figure class='gallery-item'>\n\t\t\t<div class='gallery-icon portrait'>\n\t\t\t\t<a href='https:\/\/www.arquimaster.com.ar\/web\/wp-content\/uploads\/2024\/10\/departamento_moscu_33.jpg' title=\"Departamento en Mosc\u00fa \/ Lesya Pechenkina (\u00a9 Damir Otegen)\" data-rl_title=\"Departamento en Mosc\u00fa \/ Lesya Pechenkina (\u00a9 Damir Otegen)\" class=\"rl-gallery-link\" data-rl_caption=\"Departamento en Mosc\u00fa \/ Lesya Pechenkina (\u00a9 Damir Otegen)\" data-rel=\"lightbox-gallery-1\"><img loading=\"lazy\" decoding=\"async\" width=\"150\" height=\"150\" src=\"https:\/\/www.arquimaster.com.ar\/web\/wp-content\/uploads\/2024\/10\/departamento_moscu_33-150x150.jpg\" class=\"attachment-thumbnail size-thumbnail\" alt=\"Departamento en Mosc\u00fa \/ Lesya Pechenkina\" aria-describedby=\"gallery-1-81002\" \/><\/a>\n\t\t\t<\/div>\n\t\t\t\t<figcaption class='wp-caption-text gallery-caption' id='gallery-1-81002'>\n\t\t\t\tDepartamento en Mosc\u00fa \/ Lesya Pechenkina (\u00a9 Damir Otegen)\n\t\t\t\t<\/figcaption><\/figure><figure class='gallery-item'>\n\t\t\t<div class='gallery-icon portrait'>\n\t\t\t\t<a href='https:\/\/www.arquimaster.com.ar\/web\/wp-content\/uploads\/2024\/10\/departamento_moscu_34.jpg' title=\"Departamento en Mosc\u00fa \/ Lesya Pechenkina (\u00a9 Damir Otegen)\" data-rl_title=\"Departamento en Mosc\u00fa \/ Lesya Pechenkina (\u00a9 Damir Otegen)\" class=\"rl-gallery-link\" data-rl_caption=\"Departamento en Mosc\u00fa \/ Lesya Pechenkina (\u00a9 Damir Otegen)\" data-rel=\"lightbox-gallery-1\"><img loading=\"lazy\" decoding=\"async\" width=\"150\" height=\"150\" src=\"https:\/\/www.arquimaster.com.ar\/web\/wp-content\/uploads\/2024\/10\/departamento_moscu_34-150x150.jpg\" class=\"attachment-thumbnail size-thumbnail\" alt=\"Departamento en Mosc\u00fa \/ Lesya Pechenkina\" aria-describedby=\"gallery-1-81003\" \/><\/a>\n\t\t\t<\/div>\n\t\t\t\t<figcaption class='wp-caption-text gallery-caption' id='gallery-1-81003'>\n\t\t\t\tDepartamento en Mosc\u00fa \/ Lesya Pechenkina (\u00a9 Damir Otegen)\n\t\t\t\t<\/figcaption><\/figure><figure class='gallery-item'>\n\t\t\t<div class='gallery-icon portrait'>\n\t\t\t\t<a href='https:\/\/www.arquimaster.com.ar\/web\/wp-content\/uploads\/2024\/10\/departamento_moscu_35.jpg' title=\"Departamento en Mosc\u00fa \/ Lesya Pechenkina (\u00a9 Damir Otegen)\" data-rl_title=\"Departamento en Mosc\u00fa \/ Lesya Pechenkina (\u00a9 Damir Otegen)\" class=\"rl-gallery-link\" data-rl_caption=\"Departamento en Mosc\u00fa \/ Lesya Pechenkina (\u00a9 Damir Otegen)\" data-rel=\"lightbox-gallery-1\"><img loading=\"lazy\" decoding=\"async\" width=\"150\" height=\"150\" src=\"https:\/\/www.arquimaster.com.ar\/web\/wp-content\/uploads\/2024\/10\/departamento_moscu_35-150x150.jpg\" class=\"attachment-thumbnail size-thumbnail\" alt=\"Departamento en Mosc\u00fa \/ Lesya Pechenkina\" aria-describedby=\"gallery-1-81004\" \/><\/a>\n\t\t\t<\/div>\n\t\t\t\t<figcaption class='wp-caption-text gallery-caption' id='gallery-1-81004'>\n\t\t\t\tDepartamento en Mosc\u00fa \/ Lesya Pechenkina (\u00a9 Damir Otegen)\n\t\t\t\t<\/figcaption><\/figure><figure class='gallery-item'>\n\t\t\t<div class='gallery-icon portrait'>\n\t\t\t\t<a href='https:\/\/www.arquimaster.com.ar\/web\/wp-content\/uploads\/2024\/10\/departamento_moscu_36.jpg' title=\"Departamento en Mosc\u00fa \/ Lesya Pechenkina (\u00a9 Damir Otegen)\" data-rl_title=\"Departamento en Mosc\u00fa \/ Lesya Pechenkina (\u00a9 Damir Otegen)\" class=\"rl-gallery-link\" data-rl_caption=\"Departamento en Mosc\u00fa \/ Lesya Pechenkina (\u00a9 Damir Otegen)\" data-rel=\"lightbox-gallery-1\"><img loading=\"lazy\" decoding=\"async\" width=\"150\" height=\"150\" src=\"https:\/\/www.arquimaster.com.ar\/web\/wp-content\/uploads\/2024\/10\/departamento_moscu_36-150x150.jpg\" class=\"attachment-thumbnail size-thumbnail\" alt=\"Departamento en Mosc\u00fa \/ Lesya Pechenkina\" aria-describedby=\"gallery-1-81005\" \/><\/a>\n\t\t\t<\/div>\n\t\t\t\t<figcaption class='wp-caption-text gallery-caption' id='gallery-1-81005'>\n\t\t\t\tDepartamento en Mosc\u00fa \/ Lesya Pechenkina (\u00a9 Damir Otegen)\n\t\t\t\t<\/figcaption><\/figure><figure class='gallery-item'>\n\t\t\t<div class='gallery-icon portrait'>\n\t\t\t\t<a href='https:\/\/www.arquimaster.com.ar\/web\/wp-content\/uploads\/2024\/10\/departamento_moscu_37.jpg' title=\"Departamento en Mosc\u00fa \/ Lesya Pechenkina (\u00a9 Damir Otegen)\" data-rl_title=\"Departamento en Mosc\u00fa \/ Lesya Pechenkina (\u00a9 Damir Otegen)\" class=\"rl-gallery-link\" data-rl_caption=\"Departamento en Mosc\u00fa \/ Lesya Pechenkina (\u00a9 Damir Otegen)\" data-rel=\"lightbox-gallery-1\"><img loading=\"lazy\" decoding=\"async\" width=\"150\" height=\"150\" src=\"https:\/\/www.arquimaster.com.ar\/web\/wp-content\/uploads\/2024\/10\/departamento_moscu_37-150x150.jpg\" class=\"attachment-thumbnail size-thumbnail\" alt=\"Departamento en Mosc\u00fa \/ Lesya Pechenkina\" aria-describedby=\"gallery-1-81006\" \/><\/a>\n\t\t\t<\/div>\n\t\t\t\t<figcaption class='wp-caption-text gallery-caption' id='gallery-1-81006'>\n\t\t\t\tDepartamento en Mosc\u00fa \/ Lesya Pechenkina (\u00a9 Damir Otegen)\n\t\t\t\t<\/figcaption><\/figure><figure class='gallery-item'>\n\t\t\t<div class='gallery-icon landscape'>\n\t\t\t\t<a href='https:\/\/www.arquimaster.com.ar\/web\/wp-content\/uploads\/2024\/10\/departamento_moscu_38.jpg' title=\"Departamento en Mosc\u00fa \/ Lesya Pechenkina (planta)\" data-rl_title=\"Departamento en Mosc\u00fa \/ Lesya Pechenkina (planta)\" class=\"rl-gallery-link\" data-rl_caption=\"Departamento en Mosc\u00fa \/ Lesya Pechenkina (planta)\" data-rel=\"lightbox-gallery-1\"><img loading=\"lazy\" decoding=\"async\" width=\"150\" height=\"150\" src=\"https:\/\/www.arquimaster.com.ar\/web\/wp-content\/uploads\/2024\/10\/departamento_moscu_38-150x150.jpg\" class=\"attachment-thumbnail size-thumbnail\" alt=\"Departamento en Mosc\u00fa \/ Lesya Pechenkina\" aria-describedby=\"gallery-1-81007\" \/><\/a>\n\t\t\t<\/div>\n\t\t\t\t<figcaption class='wp-caption-text gallery-caption' id='gallery-1-81007'>\n\t\t\t\tDepartamento en Mosc\u00fa \/ Lesya Pechenkina (planta)\n\t\t\t\t<\/figcaption><\/figure><figure class='gallery-item'>\n\t\t\t<div class='gallery-icon portrait'>\n\t\t\t\t<a href='https:\/\/www.arquimaster.com.ar\/web\/wp-content\/uploads\/2024\/10\/departamento_moscu_39.jpg' title=\"Departamento en Mosc\u00fa \/ Lesya Pechenkina (\u00a9 Natalia Gorbun) (proyectista)\" data-rl_title=\"Departamento en Mosc\u00fa \/ Lesya Pechenkina (\u00a9 Natalia Gorbun) (proyectista)\" class=\"rl-gallery-link\" data-rl_caption=\"Departamento en Mosc\u00fa \/ Lesya Pechenkina (\u00a9 Natalia Gorbun) (proyectista)\" data-rel=\"lightbox-gallery-1\"><img loading=\"lazy\" decoding=\"async\" width=\"150\" height=\"150\" src=\"https:\/\/www.arquimaster.com.ar\/web\/wp-content\/uploads\/2024\/10\/departamento_moscu_39-150x150.jpg\" class=\"attachment-thumbnail size-thumbnail\" alt=\"Departamento en Mosc\u00fa \/ Lesya Pechenkina\" aria-describedby=\"gallery-1-81008\" \/><\/a>\n\t\t\t<\/div>\n\t\t\t\t<figcaption class='wp-caption-text gallery-caption' id='gallery-1-81008'>\n\t\t\t\tDepartamento en Mosc\u00fa \/ Lesya Pechenkina (\u00a9 Natalia Gorbun) (proyectista)\n\t\t\t\t<\/figcaption><\/figure>\n\t\t<\/div>\n\n<p>La solicitud principal era crear un dise\u00f1o funcional con tres dormitorios, ba\u00f1os, una oficina y un \u00e1rea com\u00fan espaciosa. Tambi\u00e9n era esencial acomodar varios escenarios de ocio: para tiempo en familia, reuniones con amigos y trabajo.<\/p>\n<p><strong>Distribuci\u00f3n<br \/><\/strong>El espacio original de 188 m2 no ten\u00eda divisiones, por lo que creamos zonas desde cero, dise\u00f1ando un plano que maximizara la luz natural en todas las \u00e1reas. El gran pasillo conduce a una sala de estar unificada, cocina con isla y comedor. Un piano, que es de especial inter\u00e9s para el cliente, se coloc\u00f3 en el camino hacia la sala de estar, y una chimenea de m\u00e1rmol antigua del siglo XIX se convirti\u00f3 en el punto focal del comedor. Uno de los elementos clave del dise\u00f1o es una pared curva que destaca.<\/p>\n<p>El pasillo principal tambi\u00e9n da acceso a las habitaciones auxiliares: un ba\u00f1o de visitas, lavander\u00eda y vestidor general, mientras que la cocina conecta con la oficina. El bloque de dormitorios est\u00e1 aislado, accesible a trav\u00e9s de unas elegantes puertas dobles. Incluye una suite principal con vestidor y ba\u00f1o, y m\u00e1s adelante en el pasillo est\u00e1 el \u00e1rea de las hijas con dormitorios, un vestidor y un ba\u00f1o.<\/p>\n<p><strong>Interior mood<\/strong><br \/>El dise\u00f1o combina estilos franceses y americanos. La influencia francesa se refleja en la decoraci\u00f3n de los techos de yeso, el parquet en espiga, la paleta de colores sobria, las puertas altas con paneles y los muebles vintage, con simetr\u00eda y composici\u00f3n axial definiendo los espacios.<\/p>\n<p>El estilo americano se manifiesta en el dise\u00f1o abierto, elementos grandes como el sof\u00e1 y el comedor de gran tama\u00f1o, y materiales pr\u00e1cticos de alta calidad.<\/p>\n<p><strong>Paleta de colores<\/strong><br \/>Para mantener una sensaci\u00f3n de ligereza, elegimos una base de tonos cremosos y pasteles complementada con molduras en contraste y vibrantes acentos de terracota, azul y grafito, con acabados de lat\u00f3n en accesorios y luminarias.<\/p>\n<p><strong>Trucos decorativos<\/strong><br \/>El dise\u00f1o y la historia del departamento se crearon desde cero, lo que permiti\u00f3 una completa libertad creativa. Entre los elementos clave en el pasillo destacan las altas puertas dobles que conducen al vestidor y al bloque de dormitorios, y una impresionante consola de Phillips Collection.<\/p>\n<p>En la sala de estar, la pared curva y las l\u00edneas redondeadas del techo hacen eco con la disposici\u00f3n del sof\u00e1 y la alfombra circular, completando visualmente el espacio. La pieza destacada aqu\u00ed es una chimenea antigua de Francia, que data de 1840-1860. La cocina cuenta con un impresionante backsplash de m\u00e1rmol Blue Roma, sin armarios superiores para mantener el enfoque en la piedra.<\/p>\n<p>La habitaci\u00f3n de la hija mayor se inspir\u00f3 en su amor por el cine y la actuaci\u00f3n, con un panel de pared que representa el Teatro Paramount de Nueva York y una estanter\u00eda dise\u00f1ada como un carrete de pel\u00edcula. Una l\u00e1mpara de proyector y una l\u00e1mpara de pie de tr\u00edpode a\u00f1aden al ambiente cinematogr\u00e1fico, con un fondo para filmaciones tambi\u00e9n incluido. Su inter\u00e9s por \u00abStranger Things\u00bb se refleja en un p\u00f3ster sobre la cama con escenas de la serie.<\/p>\n<p>La habitaci\u00f3n de la hija menor introduce tonos c\u00e1lidos de caramelo y grafito a la base neutra, con un panel inspirado en una barra de chocolate detr\u00e1s de la cama y un p\u00f3ster del mapa de Florida, que marca su lugar de nacimiento.<\/p>\n<p><strong>Materiales y muebles<\/strong><br \/>Casi todos los muebles fueron hechos a medida seg\u00fan los dise\u00f1os de nuestro estudio, y tambi\u00e9n dise\u00f1amos internamente la iluminaci\u00f3n decorativa. Utilizamos t\u00e9cnicas de superposici\u00f3n para enfatizar forma y color, con rica madera, elementos de piedra, molduras gr\u00e1ficas negras y tonos de azul que crean profundidad. Aunque de estilo cl\u00e1sico, el departamento cuenta con un avanzado sistema de \u00abCasa Inteligente\u00bb.<\/p>\n<p>Estoy convencida de que los interiores de estilo cl\u00e1sico son atemporales; preservan la historia y las tradiciones que se vuelven m\u00e1s valiosas con los a\u00f1os. Sin embargo, lo m\u00e1s importante son las emociones positivas que las personas experimentan en estos espacios, tal como lo han confirmado los propietarios del departamento.<\/p>\n<p><strong>Las marcas<\/strong><br \/>Pasillo: Consola de Phillips Collection. Ottomane Moustache de Collection Pierre.<\/p>\n<p>Sala de estar, comedor: Mesa de Cattelan Italia. Sillas de Gubi. Taburetes de bar de Zanotta. Sof\u00e1 de B&amp;B Italia. Mesa de centro de Arteriors. Mesas auxiliares de Cassina. Sill\u00f3n de Cassina. L\u00e1mparas de pie de Visual Comfort. Candelabro, cocina y zona de TV hechos a medida seg\u00fan los dise\u00f1os del estudio. Chimenea antigua, Francia 1840-1860 (m\u00e1rmol Arabescato, hierro fundido). Corredor hacia los dormitorios. Una vibrante pintura de la artista rusa Alisa Spots est\u00e1 en la pared.<\/p>\n<p>Dormitorio principal: Cama de Poliform. Mesita de noche de Galimberti Nino. Mesita de noche de Vibieffe. Candelabro de Julie Neill VCGallery. P\u00f3ster con peces comprado en una galer\u00eda de Am\u00e9rica.<\/p>\n<p>Habitaci\u00f3n de los ni\u00f1os 1: Cama de Ditre Italia. Silla de Modenature. Candelabro de Bontempi. Sill\u00f3n de Felis.<\/p>\n<p>Habitaci\u00f3n de los ni\u00f1os 2: Silla de Cattelan Italia. Candelabro de Hudson Valley.<\/p>\n<p>Oficina\/habitaci\u00f3n de invitados: Silla de Meridiani. Escritorio de Molteni. Candelabro de Crystorama. El p\u00f3ster fue comprado en una galer\u00eda de Am\u00e9rica.<\/p>\n\n\n<div style=\"height:20px\" aria-hidden=\"true\" class=\"wp-block-spacer\"><\/div>\n\n\n\n<p class=\"has-background\" style=\"background-color:#eaeaea\"><strong>Ficha t\u00e9cnica<\/strong><br>Nombre: Departamento ecl\u00e9ctico<br>Ubicaci\u00f3n: Mosc\u00fa, Rusia<br>Despacho: Simple Interiors<br>Interiorista: Lesya Pechenkina<br>Fotograf\u00edas: Damir Otegen @damir_otegen<br>Estilismo: Nelly Muratova @nemuratova_<br>Sitio web: https:\/\/simple-interiors.com<br>Instagram: @lesya.pechenkina + @simple.interiors.bureau<\/p>\n\n\n\n<div style=\"height:40px\" aria-hidden=\"true\" class=\"wp-block-spacer\"><\/div>\n\n<div style=\"font-size: 0px; height: 0px; line-height: 0px; margin: 0; padding: 0; clear: both;\"><\/div><div style=\"margin-top: 0px; margin-bottom: 0px;\" class=\"sharethis-inline-share-buttons\" ><\/div>","protected":false},"excerpt":{"rendered":"<p>Departamento ecl\u00e9ctico de 188 m2 para una familia con una profunda pasi\u00f3n por los viajes&#8230;<\/p>\n","protected":false},"author":1,"featured_media":80969,"comment_status":"closed","ping_status":"closed","sticky":false,"template":"","format":"standard","meta":{"_uag_custom_page_level_css":"","footnotes":""},"categories":[79,1],"tags":[5581,249,8006,8004,6485,8008,8007],"class_list":["post-80968","post","type-post","status-publish","format-standard","has-post-thumbnail","hentry","category-departamentos","category-proyecto","tag-apartamento","tag-departamento","tag-lesya-pechenkina","tag-moscu","tag-reforma-de-apartamento","tag-rusia","tag-simple-interiors","generate-columns","tablet-grid-50","mobile-grid-100","grid-parent","grid-50"],"yoast_head":"<!-- This site is optimized with the Yoast SEO plugin v27.3 - https:\/\/yoast.com\/product\/yoast-seo-wordpress\/ -->\n<title>Departamento en Mosc\u00fa \/ Lesya Pechenkina - Arquimaster<\/title>\n<meta name=\"description\" content=\"Departamento ecl\u00e9ctico de 188 m2 en Mosc\u00fa para una familia con dos hijos que comparten una profunda pasi\u00f3n por los viajes.\" \/>\n<meta name=\"robots\" content=\"index, follow, max-snippet:-1, max-image-preview:large, max-video-preview:-1\" \/>\n<link rel=\"canonical\" href=\"https:\/\/www.arquimaster.com.ar\/web\/departamento-en-moscu-lesya-pechenkina\/\" \/>\n<meta property=\"og:locale\" content=\"es_ES\" \/>\n<meta property=\"og:type\" content=\"article\" \/>\n<meta property=\"og:title\" content=\"Departamento en Mosc\u00fa \/ Lesya Pechenkina\" \/>\n<meta property=\"og:description\" content=\"Departamento ecl\u00e9ctico de 188 m2 en Mosc\u00fa para una familia con dos hijos que comparten una profunda pasi\u00f3n por los viajes.\" \/>\n<meta property=\"og:url\" content=\"https:\/\/www.arquimaster.com.ar\/web\/departamento-en-moscu-lesya-pechenkina\/\" \/>\n<meta property=\"og:site_name\" content=\"Arquimaster\" \/>\n<meta property=\"article:publisher\" content=\"http:\/\/www.facebook.com\/ARQUIMASTER.com.ar\" \/>\n<meta property=\"article:published_time\" content=\"2024-10-03T17:25:06+00:00\" \/>\n<meta property=\"article:modified_time\" content=\"2025-07-24T23:15:38+00:00\" \/>\n<meta property=\"og:image\" content=\"https:\/\/www.arquimaster.com.ar\/web\/wp-content\/uploads\/2024\/10\/departamento_moscu_slide.jpg\" \/>\n\t<meta property=\"og:image:width\" content=\"698\" \/>\n\t<meta property=\"og:image:height\" content=\"364\" \/>\n\t<meta property=\"og:image:type\" content=\"image\/jpeg\" \/>\n<meta name=\"author\" content=\"Arquimaster\" \/>\n<meta name=\"twitter:card\" content=\"summary_large_image\" \/>\n<meta name=\"twitter:title\" content=\"Departamento en Mosc\u00fa \/ Lesya Pechenkina\" \/>\n<meta name=\"twitter:description\" content=\"Departamento ecl\u00e9ctico de 188 m2 en Mosc\u00fa para una familia con dos hijos que comparten una profunda pasi\u00f3n por los viajes.\" \/>\n<meta name=\"twitter:image\" content=\"https:\/\/www.arquimaster.com.ar\/web\/wp-content\/uploads\/2024\/10\/departamento_moscu_slide.jpg\" \/>\n<meta name=\"twitter:creator\" content=\"@arquimaster\" \/>\n<meta name=\"twitter:site\" content=\"@arquimaster\" \/>\n<meta name=\"twitter:label1\" content=\"Escrito por\" \/>\n\t<meta name=\"twitter:data1\" content=\"Arquimaster\" \/>\n\t<meta name=\"twitter:label2\" content=\"Tiempo de lectura\" \/>\n\t<meta name=\"twitter:data2\" content=\"5 minutos\" \/>\n<script type=\"application\/ld+json\" class=\"yoast-schema-graph\">{\"@context\":\"https:\\\/\\\/schema.org\",\"@graph\":[{\"@type\":\"Article\",\"@id\":\"https:\\\/\\\/www.arquimaster.com.ar\\\/web\\\/departamento-en-moscu-lesya-pechenkina\\\/#article\",\"isPartOf\":{\"@id\":\"https:\\\/\\\/www.arquimaster.com.ar\\\/web\\\/departamento-en-moscu-lesya-pechenkina\\\/\"},\"author\":{\"name\":\"Arquimaster\",\"@id\":\"https:\\\/\\\/www.arquimaster.com.ar\\\/web\\\/#\\\/schema\\\/person\\\/359e9f7c00193fcde068e0dd2ceb0028\"},\"headline\":\"Departamento en Mosc\u00fa \\\/ Lesya Pechenkina\",\"datePublished\":\"2024-10-03T17:25:06+00:00\",\"dateModified\":\"2025-07-24T23:15:38+00:00\",\"mainEntityOfPage\":{\"@id\":\"https:\\\/\\\/www.arquimaster.com.ar\\\/web\\\/departamento-en-moscu-lesya-pechenkina\\\/\"},\"wordCount\":1048,\"publisher\":{\"@id\":\"https:\\\/\\\/www.arquimaster.com.ar\\\/web\\\/#organization\"},\"image\":{\"@id\":\"https:\\\/\\\/www.arquimaster.com.ar\\\/web\\\/departamento-en-moscu-lesya-pechenkina\\\/#primaryimage\"},\"thumbnailUrl\":\"https:\\\/\\\/www.arquimaster.com.ar\\\/web\\\/wp-content\\\/uploads\\\/2024\\\/10\\\/departamento_moscu_slide.jpg\",\"keywords\":[\"apartamento\",\"departamento\",\"Lesya Pechenkina\",\"Mosc\u00fa\",\"reforma de apartamento\",\"Rusia\",\"Simple Interiors\"],\"articleSection\":[\"Departamentos y Lofts\",\"Proyecto\"],\"inLanguage\":\"es\"},{\"@type\":\"WebPage\",\"@id\":\"https:\\\/\\\/www.arquimaster.com.ar\\\/web\\\/departamento-en-moscu-lesya-pechenkina\\\/\",\"url\":\"https:\\\/\\\/www.arquimaster.com.ar\\\/web\\\/departamento-en-moscu-lesya-pechenkina\\\/\",\"name\":\"Departamento en Mosc\u00fa \\\/ Lesya Pechenkina - Arquimaster\",\"isPartOf\":{\"@id\":\"https:\\\/\\\/www.arquimaster.com.ar\\\/web\\\/#website\"},\"primaryImageOfPage\":{\"@id\":\"https:\\\/\\\/www.arquimaster.com.ar\\\/web\\\/departamento-en-moscu-lesya-pechenkina\\\/#primaryimage\"},\"image\":{\"@id\":\"https:\\\/\\\/www.arquimaster.com.ar\\\/web\\\/departamento-en-moscu-lesya-pechenkina\\\/#primaryimage\"},\"thumbnailUrl\":\"https:\\\/\\\/www.arquimaster.com.ar\\\/web\\\/wp-content\\\/uploads\\\/2024\\\/10\\\/departamento_moscu_slide.jpg\",\"datePublished\":\"2024-10-03T17:25:06+00:00\",\"dateModified\":\"2025-07-24T23:15:38+00:00\",\"description\":\"Departamento ecl\u00e9ctico de 188 m2 en Mosc\u00fa para una familia con dos hijos que comparten una profunda pasi\u00f3n por los viajes.\",\"breadcrumb\":{\"@id\":\"https:\\\/\\\/www.arquimaster.com.ar\\\/web\\\/departamento-en-moscu-lesya-pechenkina\\\/#breadcrumb\"},\"inLanguage\":\"es\",\"potentialAction\":[{\"@type\":\"ReadAction\",\"target\":[\"https:\\\/\\\/www.arquimaster.com.ar\\\/web\\\/departamento-en-moscu-lesya-pechenkina\\\/\"]}]},{\"@type\":\"ImageObject\",\"inLanguage\":\"es\",\"@id\":\"https:\\\/\\\/www.arquimaster.com.ar\\\/web\\\/departamento-en-moscu-lesya-pechenkina\\\/#primaryimage\",\"url\":\"https:\\\/\\\/www.arquimaster.com.ar\\\/web\\\/wp-content\\\/uploads\\\/2024\\\/10\\\/departamento_moscu_slide.jpg\",\"contentUrl\":\"https:\\\/\\\/www.arquimaster.com.ar\\\/web\\\/wp-content\\\/uploads\\\/2024\\\/10\\\/departamento_moscu_slide.jpg\",\"width\":698,\"height\":364,\"caption\":\"Departamento en Mosc\u00fa \\\/ Lesya Pechenkina\"},{\"@type\":\"BreadcrumbList\",\"@id\":\"https:\\\/\\\/www.arquimaster.com.ar\\\/web\\\/departamento-en-moscu-lesya-pechenkina\\\/#breadcrumb\",\"itemListElement\":[{\"@type\":\"ListItem\",\"position\":1,\"name\":\"Portada\",\"item\":\"https:\\\/\\\/www.arquimaster.com.ar\\\/web\\\/\"},{\"@type\":\"ListItem\",\"position\":2,\"name\":\"Departamento en Mosc\u00fa \\\/ Lesya Pechenkina\"}]},{\"@type\":\"WebSite\",\"@id\":\"https:\\\/\\\/www.arquimaster.com.ar\\\/web\\\/#website\",\"url\":\"https:\\\/\\\/www.arquimaster.com.ar\\\/web\\\/\",\"name\":\"Arquimaster\",\"description\":\"Web de arquitectura, dise\u00f1o y construccion\",\"publisher\":{\"@id\":\"https:\\\/\\\/www.arquimaster.com.ar\\\/web\\\/#organization\"},\"potentialAction\":[{\"@type\":\"SearchAction\",\"target\":{\"@type\":\"EntryPoint\",\"urlTemplate\":\"https:\\\/\\\/www.arquimaster.com.ar\\\/web\\\/?s={search_term_string}\"},\"query-input\":{\"@type\":\"PropertyValueSpecification\",\"valueRequired\":true,\"valueName\":\"search_term_string\"}}],\"inLanguage\":\"es\"},{\"@type\":\"Organization\",\"@id\":\"https:\\\/\\\/www.arquimaster.com.ar\\\/web\\\/#organization\",\"name\":\"Arquimaster\",\"url\":\"https:\\\/\\\/www.arquimaster.com.ar\\\/web\\\/\",\"logo\":{\"@type\":\"ImageObject\",\"inLanguage\":\"es\",\"@id\":\"https:\\\/\\\/www.arquimaster.com.ar\\\/web\\\/#\\\/schema\\\/logo\\\/image\\\/\",\"url\":\"https:\\\/\\\/www.arquimaster.com.ar\\\/web\\\/wp-content\\\/uploads\\\/2022\\\/06\\\/arquimaster.png\",\"contentUrl\":\"https:\\\/\\\/www.arquimaster.com.ar\\\/web\\\/wp-content\\\/uploads\\\/2022\\\/06\\\/arquimaster.png\",\"width\":594,\"height\":78,\"caption\":\"Arquimaster\"},\"image\":{\"@id\":\"https:\\\/\\\/www.arquimaster.com.ar\\\/web\\\/#\\\/schema\\\/logo\\\/image\\\/\"},\"sameAs\":[\"http:\\\/\\\/www.facebook.com\\\/ARQUIMASTER.com.ar\",\"https:\\\/\\\/x.com\\\/arquimaster\",\"https:\\\/\\\/www.instagram.com\\\/arquimasterblog\\\/\",\"https:\\\/\\\/www.linkedin.com\\\/company\\\/arquimaster\",\"https:\\\/\\\/www.pinterest.com\\\/arquimaster\",\"https:\\\/\\\/t.me\\\/arquimaster\"]},{\"@type\":\"Person\",\"@id\":\"https:\\\/\\\/www.arquimaster.com.ar\\\/web\\\/#\\\/schema\\\/person\\\/359e9f7c00193fcde068e0dd2ceb0028\",\"name\":\"Arquimaster\"}]}<\/script>\n<!-- \/ Yoast SEO plugin. -->","yoast_head_json":{"title":"Departamento en Mosc\u00fa \/ Lesya Pechenkina - Arquimaster","description":"Departamento ecl\u00e9ctico de 188 m2 en Mosc\u00fa para una familia con dos hijos que comparten una profunda pasi\u00f3n por los viajes.","robots":{"index":"index","follow":"follow","max-snippet":"max-snippet:-1","max-image-preview":"max-image-preview:large","max-video-preview":"max-video-preview:-1"},"canonical":"https:\/\/www.arquimaster.com.ar\/web\/departamento-en-moscu-lesya-pechenkina\/","og_locale":"es_ES","og_type":"article","og_title":"Departamento en Mosc\u00fa \/ Lesya Pechenkina","og_description":"Departamento ecl\u00e9ctico de 188 m2 en Mosc\u00fa para una familia con dos hijos que comparten una profunda pasi\u00f3n por los viajes.","og_url":"https:\/\/www.arquimaster.com.ar\/web\/departamento-en-moscu-lesya-pechenkina\/","og_site_name":"Arquimaster","article_publisher":"http:\/\/www.facebook.com\/ARQUIMASTER.com.ar","article_published_time":"2024-10-03T17:25:06+00:00","article_modified_time":"2025-07-24T23:15:38+00:00","og_image":[{"width":698,"height":364,"url":"https:\/\/www.arquimaster.com.ar\/web\/wp-content\/uploads\/2024\/10\/departamento_moscu_slide.jpg","type":"image\/jpeg"}],"author":"Arquimaster","twitter_card":"summary_large_image","twitter_title":"Departamento en Mosc\u00fa \/ Lesya Pechenkina","twitter_description":"Departamento ecl\u00e9ctico de 188 m2 en Mosc\u00fa para una familia con dos hijos que comparten una profunda pasi\u00f3n por los viajes.","twitter_image":"https:\/\/www.arquimaster.com.ar\/web\/wp-content\/uploads\/2024\/10\/departamento_moscu_slide.jpg","twitter_creator":"@arquimaster","twitter_site":"@arquimaster","twitter_misc":{"Escrito por":"Arquimaster","Tiempo de lectura":"5 minutos"},"schema":{"@context":"https:\/\/schema.org","@graph":[{"@type":"Article","@id":"https:\/\/www.arquimaster.com.ar\/web\/departamento-en-moscu-lesya-pechenkina\/#article","isPartOf":{"@id":"https:\/\/www.arquimaster.com.ar\/web\/departamento-en-moscu-lesya-pechenkina\/"},"author":{"name":"Arquimaster","@id":"https:\/\/www.arquimaster.com.ar\/web\/#\/schema\/person\/359e9f7c00193fcde068e0dd2ceb0028"},"headline":"Departamento en Mosc\u00fa \/ Lesya Pechenkina","datePublished":"2024-10-03T17:25:06+00:00","dateModified":"2025-07-24T23:15:38+00:00","mainEntityOfPage":{"@id":"https:\/\/www.arquimaster.com.ar\/web\/departamento-en-moscu-lesya-pechenkina\/"},"wordCount":1048,"publisher":{"@id":"https:\/\/www.arquimaster.com.ar\/web\/#organization"},"image":{"@id":"https:\/\/www.arquimaster.com.ar\/web\/departamento-en-moscu-lesya-pechenkina\/#primaryimage"},"thumbnailUrl":"https:\/\/www.arquimaster.com.ar\/web\/wp-content\/uploads\/2024\/10\/departamento_moscu_slide.jpg","keywords":["apartamento","departamento","Lesya Pechenkina","Mosc\u00fa","reforma de apartamento","Rusia","Simple Interiors"],"articleSection":["Departamentos y Lofts","Proyecto"],"inLanguage":"es"},{"@type":"WebPage","@id":"https:\/\/www.arquimaster.com.ar\/web\/departamento-en-moscu-lesya-pechenkina\/","url":"https:\/\/www.arquimaster.com.ar\/web\/departamento-en-moscu-lesya-pechenkina\/","name":"Departamento en Mosc\u00fa \/ Lesya Pechenkina - Arquimaster","isPartOf":{"@id":"https:\/\/www.arquimaster.com.ar\/web\/#website"},"primaryImageOfPage":{"@id":"https:\/\/www.arquimaster.com.ar\/web\/departamento-en-moscu-lesya-pechenkina\/#primaryimage"},"image":{"@id":"https:\/\/www.arquimaster.com.ar\/web\/departamento-en-moscu-lesya-pechenkina\/#primaryimage"},"thumbnailUrl":"https:\/\/www.arquimaster.com.ar\/web\/wp-content\/uploads\/2024\/10\/departamento_moscu_slide.jpg","datePublished":"2024-10-03T17:25:06+00:00","dateModified":"2025-07-24T23:15:38+00:00","description":"Departamento ecl\u00e9ctico de 188 m2 en Mosc\u00fa para una familia con dos hijos que comparten una profunda pasi\u00f3n por los viajes.","breadcrumb":{"@id":"https:\/\/www.arquimaster.com.ar\/web\/departamento-en-moscu-lesya-pechenkina\/#breadcrumb"},"inLanguage":"es","potentialAction":[{"@type":"ReadAction","target":["https:\/\/www.arquimaster.com.ar\/web\/departamento-en-moscu-lesya-pechenkina\/"]}]},{"@type":"ImageObject","inLanguage":"es","@id":"https:\/\/www.arquimaster.com.ar\/web\/departamento-en-moscu-lesya-pechenkina\/#primaryimage","url":"https:\/\/www.arquimaster.com.ar\/web\/wp-content\/uploads\/2024\/10\/departamento_moscu_slide.jpg","contentUrl":"https:\/\/www.arquimaster.com.ar\/web\/wp-content\/uploads\/2024\/10\/departamento_moscu_slide.jpg","width":698,"height":364,"caption":"Departamento en Mosc\u00fa \/ Lesya Pechenkina"},{"@type":"BreadcrumbList","@id":"https:\/\/www.arquimaster.com.ar\/web\/departamento-en-moscu-lesya-pechenkina\/#breadcrumb","itemListElement":[{"@type":"ListItem","position":1,"name":"Portada","item":"https:\/\/www.arquimaster.com.ar\/web\/"},{"@type":"ListItem","position":2,"name":"Departamento en Mosc\u00fa \/ Lesya Pechenkina"}]},{"@type":"WebSite","@id":"https:\/\/www.arquimaster.com.ar\/web\/#website","url":"https:\/\/www.arquimaster.com.ar\/web\/","name":"Arquimaster","description":"Web de arquitectura, dise\u00f1o y construccion","publisher":{"@id":"https:\/\/www.arquimaster.com.ar\/web\/#organization"},"potentialAction":[{"@type":"SearchAction","target":{"@type":"EntryPoint","urlTemplate":"https:\/\/www.arquimaster.com.ar\/web\/?s={search_term_string}"},"query-input":{"@type":"PropertyValueSpecification","valueRequired":true,"valueName":"search_term_string"}}],"inLanguage":"es"},{"@type":"Organization","@id":"https:\/\/www.arquimaster.com.ar\/web\/#organization","name":"Arquimaster","url":"https:\/\/www.arquimaster.com.ar\/web\/","logo":{"@type":"ImageObject","inLanguage":"es","@id":"https:\/\/www.arquimaster.com.ar\/web\/#\/schema\/logo\/image\/","url":"https:\/\/www.arquimaster.com.ar\/web\/wp-content\/uploads\/2022\/06\/arquimaster.png","contentUrl":"https:\/\/www.arquimaster.com.ar\/web\/wp-content\/uploads\/2022\/06\/arquimaster.png","width":594,"height":78,"caption":"Arquimaster"},"image":{"@id":"https:\/\/www.arquimaster.com.ar\/web\/#\/schema\/logo\/image\/"},"sameAs":["http:\/\/www.facebook.com\/ARQUIMASTER.com.ar","https:\/\/x.com\/arquimaster","https:\/\/www.instagram.com\/arquimasterblog\/","https:\/\/www.linkedin.com\/company\/arquimaster","https:\/\/www.pinterest.com\/arquimaster","https:\/\/t.me\/arquimaster"]},{"@type":"Person","@id":"https:\/\/www.arquimaster.com.ar\/web\/#\/schema\/person\/359e9f7c00193fcde068e0dd2ceb0028","name":"Arquimaster"}]}},"uagb_featured_image_src":{"full":["https:\/\/www.arquimaster.com.ar\/web\/wp-content\/uploads\/2024\/10\/departamento_moscu_slide.jpg",698,364,false],"thumbnail":["https:\/\/www.arquimaster.com.ar\/web\/wp-content\/uploads\/2024\/10\/departamento_moscu_slide-150x150.jpg",150,150,true],"medium":["https:\/\/www.arquimaster.com.ar\/web\/wp-content\/uploads\/2024\/10\/departamento_moscu_slide.jpg",698,364,false],"medium_large":["https:\/\/www.arquimaster.com.ar\/web\/wp-content\/uploads\/2024\/10\/departamento_moscu_slide.jpg",698,364,false],"large":["https:\/\/www.arquimaster.com.ar\/web\/wp-content\/uploads\/2024\/10\/departamento_moscu_slide.jpg",698,364,false],"1536x1536":["https:\/\/www.arquimaster.com.ar\/web\/wp-content\/uploads\/2024\/10\/departamento_moscu_slide.jpg",698,364,false],"2048x2048":["https:\/\/www.arquimaster.com.ar\/web\/wp-content\/uploads\/2024\/10\/departamento_moscu_slide.jpg",698,364,false]},"uagb_author_info":{"display_name":"Arquimaster","author_link":"https:\/\/www.arquimaster.com.ar\/web\/author\/arquimaster\/"},"uagb_comment_info":0,"uagb_excerpt":"Departamento ecl\u00e9ctico de 188 m2 para una familia con una profunda pasi\u00f3n por los viajes...","_links":{"self":[{"href":"https:\/\/www.arquimaster.com.ar\/web\/wp-json\/wp\/v2\/posts\/80968","targetHints":{"allow":["GET"]}}],"collection":[{"href":"https:\/\/www.arquimaster.com.ar\/web\/wp-json\/wp\/v2\/posts"}],"about":[{"href":"https:\/\/www.arquimaster.com.ar\/web\/wp-json\/wp\/v2\/types\/post"}],"author":[{"embeddable":true,"href":"https:\/\/www.arquimaster.com.ar\/web\/wp-json\/wp\/v2\/users\/1"}],"replies":[{"embeddable":true,"href":"https:\/\/www.arquimaster.com.ar\/web\/wp-json\/wp\/v2\/comments?post=80968"}],"version-history":[{"count":4,"href":"https:\/\/www.arquimaster.com.ar\/web\/wp-json\/wp\/v2\/posts\/80968\/revisions"}],"predecessor-version":[{"id":85122,"href":"https:\/\/www.arquimaster.com.ar\/web\/wp-json\/wp\/v2\/posts\/80968\/revisions\/85122"}],"wp:featuredmedia":[{"embeddable":true,"href":"https:\/\/www.arquimaster.com.ar\/web\/wp-json\/wp\/v2\/media\/80969"}],"wp:attachment":[{"href":"https:\/\/www.arquimaster.com.ar\/web\/wp-json\/wp\/v2\/media?parent=80968"}],"wp:term":[{"taxonomy":"category","embeddable":true,"href":"https:\/\/www.arquimaster.com.ar\/web\/wp-json\/wp\/v2\/categories?post=80968"},{"taxonomy":"post_tag","embeddable":true,"href":"https:\/\/www.arquimaster.com.ar\/web\/wp-json\/wp\/v2\/tags?post=80968"}],"curies":[{"name":"wp","href":"https:\/\/api.w.org\/{rel}","templated":true}]}}