{"id":81098,"date":"2024-10-03T14:21:56","date_gmt":"2024-10-03T17:21:56","guid":{"rendered":"https:\/\/www.arquimaster.com.ar\/web\/?p=81098"},"modified":"2025-07-24T20:15:56","modified_gmt":"2025-07-24T23:15:56","slug":"edificio-rz1248-cms-arquitectas","status":"publish","type":"post","link":"https:\/\/www.arquimaster.com.ar\/web\/edificio-rz1248-cms-arquitectas\/","title":{"rendered":"Edificio RZ1248 \/ CMS arquitectas"},"content":{"rendered":"<div style=\"margin-top: 0px; margin-bottom: 0px;\" class=\"sharethis-inline-share-buttons\" ><\/div><div class=\"b812932af2e751442846f039925109de\" data-index=\"1\" style=\"float: none; margin:25px 0 25px 0; text-align:center;\">\n<script async src=\"https:\/\/pagead2.googlesyndication.com\/pagead\/js\/adsbygoogle.js\"><\/script>\r\n<!-- Arquimaster (superior) -->\r\n<ins class=\"adsbygoogle\"\r\n     style=\"display:block\"\r\n     data-ad-client=\"ca-pub-6351072698456832\"\r\n     data-ad-slot=\"6455489680\"\r\n     data-ad-format=\"auto\"\r\n     data-full-width-responsive=\"true\"><\/ins>\r\n<script>\r\n     (adsbygoogle = window.adsbygoogle || []).push({});\r\n<\/script>\n<\/div>\n<p><strong>Edificio RZ1248<\/strong> (Rosario, Pcia. de Santa Fe, Argentina) por <strong>CMS arquitectas<\/strong>. El Edificio RZ1248 est\u00e1 ubicado en una zona residencial de Rosario con calles arboladas, a pocas cuadras del Parque Independencia y de Bv. Oro\u00f1o. El proyecto consiste en dos vol\u00famenes de departamentos, con patios, terrazas verdes y dobles balcones intercalados entre ellos. Al fondo del terreno, tres niveles de cocheras, que multiplican en su terraza verde lo que ocupan de superficie.<\/p>\n<div id='gallery-1' class='gallery galleryid-81098 gallery-columns-3 gallery-size-thumbnail'><figure class='gallery-item'>\n\t\t\t<div class='gallery-icon portrait'>\n\t\t\t\t<a href='https:\/\/www.arquimaster.com.ar\/web\/wp-content\/uploads\/2024\/10\/rz_1248_001.jpg' title=\"Edificio RZ1248 \/ CMS arquitectas (\u00a9 Ramiro Sosa)\" data-rl_title=\"Edificio RZ1248 \/ CMS arquitectas (\u00a9 Ramiro Sosa)\" class=\"rl-gallery-link\" data-rl_caption=\"Edificio RZ1248 \/ CMS arquitectas (\u00a9 Ramiro Sosa)\" data-rel=\"lightbox-gallery-1\"><img loading=\"lazy\" decoding=\"async\" width=\"150\" height=\"150\" src=\"https:\/\/www.arquimaster.com.ar\/web\/wp-content\/uploads\/2024\/10\/rz_1248_001-150x150.jpg\" class=\"attachment-thumbnail size-thumbnail\" alt=\"Edificio RZ1248 \/ CMS arquitectas\" aria-describedby=\"gallery-1-81100\" \/><\/a>\n\t\t\t<\/div>\n\t\t\t\t<figcaption class='wp-caption-text gallery-caption' id='gallery-1-81100'>\n\t\t\t\tEdificio RZ1248 \/ CMS arquitectas (\u00a9 Ramiro Sosa)\n\t\t\t\t<\/figcaption><\/figure><figure class='gallery-item'>\n\t\t\t<div class='gallery-icon portrait'>\n\t\t\t\t<a href='https:\/\/www.arquimaster.com.ar\/web\/wp-content\/uploads\/2024\/10\/rz_1248_002.jpg' title=\"Edificio RZ1248 \/ CMS arquitectas (\u00a9 Ramiro Sosa)\" data-rl_title=\"Edificio RZ1248 \/ CMS arquitectas (\u00a9 Ramiro Sosa)\" class=\"rl-gallery-link\" data-rl_caption=\"Edificio RZ1248 \/ CMS arquitectas (\u00a9 Ramiro Sosa)\" data-rel=\"lightbox-gallery-1\"><img loading=\"lazy\" decoding=\"async\" width=\"150\" height=\"150\" src=\"https:\/\/www.arquimaster.com.ar\/web\/wp-content\/uploads\/2024\/10\/rz_1248_002-150x150.jpg\" class=\"attachment-thumbnail size-thumbnail\" alt=\"Edificio RZ1248 \/ CMS arquitectas\" aria-describedby=\"gallery-1-81101\" \/><\/a>\n\t\t\t<\/div>\n\t\t\t\t<figcaption class='wp-caption-text gallery-caption' id='gallery-1-81101'>\n\t\t\t\tEdificio RZ1248 \/ CMS arquitectas (\u00a9 Ramiro Sosa)\n\t\t\t\t<\/figcaption><\/figure><figure class='gallery-item'>\n\t\t\t<div class='gallery-icon portrait'>\n\t\t\t\t<a href='https:\/\/www.arquimaster.com.ar\/web\/wp-content\/uploads\/2024\/10\/rz_1248_003.jpg' title=\"Edificio RZ1248 \/ CMS arquitectas (\u00a9 Ramiro Sosa)\" data-rl_title=\"Edificio RZ1248 \/ CMS arquitectas (\u00a9 Ramiro Sosa)\" class=\"rl-gallery-link\" data-rl_caption=\"Edificio RZ1248 \/ CMS arquitectas (\u00a9 Ramiro Sosa)\" data-rel=\"lightbox-gallery-1\"><img loading=\"lazy\" decoding=\"async\" width=\"150\" height=\"150\" src=\"https:\/\/www.arquimaster.com.ar\/web\/wp-content\/uploads\/2024\/10\/rz_1248_003-150x150.jpg\" class=\"attachment-thumbnail size-thumbnail\" alt=\"Edificio RZ1248 \/ CMS arquitectas\" aria-describedby=\"gallery-1-81102\" \/><\/a>\n\t\t\t<\/div>\n\t\t\t\t<figcaption class='wp-caption-text gallery-caption' id='gallery-1-81102'>\n\t\t\t\tEdificio RZ1248 \/ CMS arquitectas (\u00a9 Ramiro Sosa)\n\t\t\t\t<\/figcaption><\/figure><figure class='gallery-item'>\n\t\t\t<div class='gallery-icon portrait'>\n\t\t\t\t<a href='https:\/\/www.arquimaster.com.ar\/web\/wp-content\/uploads\/2024\/10\/rz_1248_004.jpg' title=\"Edificio RZ1248 \/ CMS arquitectas (\u00a9 Ramiro Sosa)\" data-rl_title=\"Edificio RZ1248 \/ CMS arquitectas (\u00a9 Ramiro Sosa)\" class=\"rl-gallery-link\" data-rl_caption=\"Edificio RZ1248 \/ CMS arquitectas (\u00a9 Ramiro Sosa)\" data-rel=\"lightbox-gallery-1\"><img loading=\"lazy\" decoding=\"async\" width=\"150\" height=\"150\" src=\"https:\/\/www.arquimaster.com.ar\/web\/wp-content\/uploads\/2024\/10\/rz_1248_004-150x150.jpg\" class=\"attachment-thumbnail size-thumbnail\" alt=\"Edificio RZ1248 \/ CMS arquitectas\" aria-describedby=\"gallery-1-81103\" \/><\/a>\n\t\t\t<\/div>\n\t\t\t\t<figcaption class='wp-caption-text gallery-caption' id='gallery-1-81103'>\n\t\t\t\tEdificio RZ1248 \/ CMS arquitectas (\u00a9 Ramiro Sosa)\n\t\t\t\t<\/figcaption><\/figure><figure class='gallery-item'>\n\t\t\t<div class='gallery-icon landscape'>\n\t\t\t\t<a href='https:\/\/www.arquimaster.com.ar\/web\/wp-content\/uploads\/2024\/10\/rz_1248_005.jpg' title=\"Edificio RZ1248 \/ CMS arquitectas (\u00a9 Ramiro Sosa)\" data-rl_title=\"Edificio RZ1248 \/ CMS arquitectas (\u00a9 Ramiro Sosa)\" class=\"rl-gallery-link\" data-rl_caption=\"Edificio RZ1248 \/ CMS arquitectas (\u00a9 Ramiro Sosa)\" data-rel=\"lightbox-gallery-1\"><img loading=\"lazy\" decoding=\"async\" width=\"150\" height=\"150\" src=\"https:\/\/www.arquimaster.com.ar\/web\/wp-content\/uploads\/2024\/10\/rz_1248_005-150x150.jpg\" class=\"attachment-thumbnail size-thumbnail\" alt=\"Edificio RZ1248 \/ CMS arquitectas\" aria-describedby=\"gallery-1-81104\" \/><\/a>\n\t\t\t<\/div>\n\t\t\t\t<figcaption class='wp-caption-text gallery-caption' id='gallery-1-81104'>\n\t\t\t\tEdificio RZ1248 \/ CMS arquitectas (\u00a9 Ramiro Sosa)\n\t\t\t\t<\/figcaption><\/figure><figure class='gallery-item'>\n\t\t\t<div class='gallery-icon landscape'>\n\t\t\t\t<a href='https:\/\/www.arquimaster.com.ar\/web\/wp-content\/uploads\/2024\/10\/rz_1248_006.jpg' title=\"Edificio RZ1248 \/ CMS arquitectas (\u00a9 Ramiro Sosa)\" data-rl_title=\"Edificio RZ1248 \/ CMS arquitectas (\u00a9 Ramiro Sosa)\" class=\"rl-gallery-link\" data-rl_caption=\"Edificio RZ1248 \/ CMS arquitectas (\u00a9 Ramiro Sosa)\" data-rel=\"lightbox-gallery-1\"><img loading=\"lazy\" decoding=\"async\" width=\"150\" height=\"150\" src=\"https:\/\/www.arquimaster.com.ar\/web\/wp-content\/uploads\/2024\/10\/rz_1248_006-150x150.jpg\" class=\"attachment-thumbnail size-thumbnail\" alt=\"Edificio RZ1248 \/ CMS arquitectas\" aria-describedby=\"gallery-1-81105\" \/><\/a>\n\t\t\t<\/div>\n\t\t\t\t<figcaption class='wp-caption-text gallery-caption' id='gallery-1-81105'>\n\t\t\t\tEdificio RZ1248 \/ CMS arquitectas (\u00a9 Ramiro Sosa)\n\t\t\t\t<\/figcaption><\/figure><figure class='gallery-item'>\n\t\t\t<div class='gallery-icon landscape'>\n\t\t\t\t<a href='https:\/\/www.arquimaster.com.ar\/web\/wp-content\/uploads\/2024\/10\/rz_1248_007.jpg' title=\"Edificio RZ1248 \/ CMS arquitectas (\u00a9 Ramiro Sosa)\" data-rl_title=\"Edificio RZ1248 \/ CMS arquitectas (\u00a9 Ramiro Sosa)\" class=\"rl-gallery-link\" data-rl_caption=\"Edificio RZ1248 \/ CMS arquitectas (\u00a9 Ramiro Sosa)\" data-rel=\"lightbox-gallery-1\"><img loading=\"lazy\" decoding=\"async\" width=\"150\" height=\"150\" src=\"https:\/\/www.arquimaster.com.ar\/web\/wp-content\/uploads\/2024\/10\/rz_1248_007-150x150.jpg\" class=\"attachment-thumbnail size-thumbnail\" alt=\"Edificio RZ1248 \/ CMS arquitectas\" aria-describedby=\"gallery-1-81106\" \/><\/a>\n\t\t\t<\/div>\n\t\t\t\t<figcaption class='wp-caption-text gallery-caption' id='gallery-1-81106'>\n\t\t\t\tEdificio RZ1248 \/ CMS arquitectas (\u00a9 Ramiro Sosa)\n\t\t\t\t<\/figcaption><\/figure><figure class='gallery-item'>\n\t\t\t<div class='gallery-icon portrait'>\n\t\t\t\t<a href='https:\/\/www.arquimaster.com.ar\/web\/wp-content\/uploads\/2024\/10\/rz_1248_008.jpg' title=\"Edificio RZ1248 \/ CMS arquitectas (\u00a9 Ramiro Sosa)\" data-rl_title=\"Edificio RZ1248 \/ CMS arquitectas (\u00a9 Ramiro Sosa)\" class=\"rl-gallery-link\" data-rl_caption=\"Edificio RZ1248 \/ CMS arquitectas (\u00a9 Ramiro Sosa)\" data-rel=\"lightbox-gallery-1\"><img loading=\"lazy\" decoding=\"async\" width=\"150\" height=\"150\" src=\"https:\/\/www.arquimaster.com.ar\/web\/wp-content\/uploads\/2024\/10\/rz_1248_008-150x150.jpg\" class=\"attachment-thumbnail size-thumbnail\" alt=\"Edificio RZ1248 \/ CMS arquitectas\" aria-describedby=\"gallery-1-81107\" \/><\/a>\n\t\t\t<\/div>\n\t\t\t\t<figcaption class='wp-caption-text gallery-caption' id='gallery-1-81107'>\n\t\t\t\tEdificio RZ1248 \/ CMS arquitectas (\u00a9 Ramiro Sosa)\n\t\t\t\t<\/figcaption><\/figure><figure class='gallery-item'>\n\t\t\t<div class='gallery-icon landscape'>\n\t\t\t\t<a href='https:\/\/www.arquimaster.com.ar\/web\/wp-content\/uploads\/2024\/10\/rz_1248_009.jpg' title=\"Edificio RZ1248 \/ CMS arquitectas (\u00a9 Ramiro Sosa)\" data-rl_title=\"Edificio RZ1248 \/ CMS arquitectas (\u00a9 Ramiro Sosa)\" class=\"rl-gallery-link\" data-rl_caption=\"Edificio RZ1248 \/ CMS arquitectas (\u00a9 Ramiro Sosa)\" data-rel=\"lightbox-gallery-1\"><img loading=\"lazy\" decoding=\"async\" width=\"150\" height=\"150\" src=\"https:\/\/www.arquimaster.com.ar\/web\/wp-content\/uploads\/2024\/10\/rz_1248_009-150x150.jpg\" class=\"attachment-thumbnail size-thumbnail\" alt=\"Edificio RZ1248 \/ CMS arquitectas\" aria-describedby=\"gallery-1-81108\" srcset=\"https:\/\/www.arquimaster.com.ar\/web\/wp-content\/uploads\/2024\/10\/rz_1248_009-150x150.jpg 150w, https:\/\/www.arquimaster.com.ar\/web\/wp-content\/uploads\/2024\/10\/rz_1248_009-768x768.jpg 768w, https:\/\/www.arquimaster.com.ar\/web\/wp-content\/uploads\/2024\/10\/rz_1248_009.jpg 1500w\" sizes=\"auto, (max-width: 150px) 100vw, 150px\" \/><\/a>\n\t\t\t<\/div>\n\t\t\t\t<figcaption class='wp-caption-text gallery-caption' id='gallery-1-81108'>\n\t\t\t\tEdificio RZ1248 \/ CMS arquitectas (\u00a9 Ramiro Sosa)\n\t\t\t\t<\/figcaption><\/figure><figure class='gallery-item'>\n\t\t\t<div class='gallery-icon portrait'>\n\t\t\t\t<a href='https:\/\/www.arquimaster.com.ar\/web\/wp-content\/uploads\/2024\/10\/rz_1248_010.jpg' title=\"Edificio RZ1248 \/ CMS arquitectas (\u00a9 Ramiro Sosa)\" data-rl_title=\"Edificio RZ1248 \/ CMS arquitectas (\u00a9 Ramiro Sosa)\" class=\"rl-gallery-link\" data-rl_caption=\"Edificio RZ1248 \/ CMS arquitectas (\u00a9 Ramiro Sosa)\" data-rel=\"lightbox-gallery-1\"><img loading=\"lazy\" decoding=\"async\" width=\"150\" height=\"150\" src=\"https:\/\/www.arquimaster.com.ar\/web\/wp-content\/uploads\/2024\/10\/rz_1248_010-150x150.jpg\" class=\"attachment-thumbnail size-thumbnail\" alt=\"Edificio RZ1248 \/ CMS arquitectas\" aria-describedby=\"gallery-1-81109\" \/><\/a>\n\t\t\t<\/div>\n\t\t\t\t<figcaption class='wp-caption-text gallery-caption' id='gallery-1-81109'>\n\t\t\t\tEdificio RZ1248 \/ CMS arquitectas (\u00a9 Ramiro Sosa)\n\t\t\t\t<\/figcaption><\/figure><figure class='gallery-item'>\n\t\t\t<div class='gallery-icon portrait'>\n\t\t\t\t<a href='https:\/\/www.arquimaster.com.ar\/web\/wp-content\/uploads\/2024\/10\/rz_1248_011.jpg' title=\"Edificio RZ1248 \/ CMS arquitectas (\u00a9 Ramiro Sosa)\" data-rl_title=\"Edificio RZ1248 \/ CMS arquitectas (\u00a9 Ramiro Sosa)\" class=\"rl-gallery-link\" data-rl_caption=\"Edificio RZ1248 \/ CMS arquitectas (\u00a9 Ramiro Sosa)\" data-rel=\"lightbox-gallery-1\"><img loading=\"lazy\" decoding=\"async\" width=\"150\" height=\"150\" src=\"https:\/\/www.arquimaster.com.ar\/web\/wp-content\/uploads\/2024\/10\/rz_1248_011-150x150.jpg\" class=\"attachment-thumbnail size-thumbnail\" alt=\"Edificio RZ1248 \/ CMS arquitectas\" aria-describedby=\"gallery-1-81110\" \/><\/a>\n\t\t\t<\/div>\n\t\t\t\t<figcaption class='wp-caption-text gallery-caption' id='gallery-1-81110'>\n\t\t\t\tEdificio RZ1248 \/ CMS arquitectas (\u00a9 Ramiro Sosa)\n\t\t\t\t<\/figcaption><\/figure><figure class='gallery-item'>\n\t\t\t<div class='gallery-icon portrait'>\n\t\t\t\t<a href='https:\/\/www.arquimaster.com.ar\/web\/wp-content\/uploads\/2024\/10\/rz_1248_012.jpg' title=\"Edificio RZ1248 \/ CMS arquitectas (\u00a9 Ramiro Sosa)\" data-rl_title=\"Edificio RZ1248 \/ CMS arquitectas (\u00a9 Ramiro Sosa)\" class=\"rl-gallery-link\" data-rl_caption=\"Edificio RZ1248 \/ CMS arquitectas (\u00a9 Ramiro Sosa)\" data-rel=\"lightbox-gallery-1\"><img loading=\"lazy\" decoding=\"async\" width=\"150\" height=\"150\" src=\"https:\/\/www.arquimaster.com.ar\/web\/wp-content\/uploads\/2024\/10\/rz_1248_012-150x150.jpg\" class=\"attachment-thumbnail size-thumbnail\" alt=\"Edificio RZ1248 \/ CMS arquitectas\" aria-describedby=\"gallery-1-81111\" \/><\/a>\n\t\t\t<\/div>\n\t\t\t\t<figcaption class='wp-caption-text gallery-caption' id='gallery-1-81111'>\n\t\t\t\tEdificio RZ1248 \/ CMS arquitectas (\u00a9 Ramiro Sosa)\n\t\t\t\t<\/figcaption><\/figure><figure class='gallery-item'>\n\t\t\t<div class='gallery-icon portrait'>\n\t\t\t\t<a href='https:\/\/www.arquimaster.com.ar\/web\/wp-content\/uploads\/2024\/10\/rz_1248_013.jpg' title=\"Edificio RZ1248 \/ CMS arquitectas (\u00a9 Ramiro Sosa)\" data-rl_title=\"Edificio RZ1248 \/ CMS arquitectas (\u00a9 Ramiro Sosa)\" class=\"rl-gallery-link\" data-rl_caption=\"Edificio RZ1248 \/ CMS arquitectas (\u00a9 Ramiro Sosa)\" data-rel=\"lightbox-gallery-1\"><img loading=\"lazy\" decoding=\"async\" width=\"150\" height=\"150\" src=\"https:\/\/www.arquimaster.com.ar\/web\/wp-content\/uploads\/2024\/10\/rz_1248_013-150x150.jpg\" class=\"attachment-thumbnail size-thumbnail\" alt=\"Edificio RZ1248 \/ CMS arquitectas\" aria-describedby=\"gallery-1-81112\" \/><\/a>\n\t\t\t<\/div>\n\t\t\t\t<figcaption class='wp-caption-text gallery-caption' id='gallery-1-81112'>\n\t\t\t\tEdificio RZ1248 \/ CMS arquitectas (\u00a9 Ramiro Sosa)\n\t\t\t\t<\/figcaption><\/figure><figure class='gallery-item'>\n\t\t\t<div class='gallery-icon portrait'>\n\t\t\t\t<a href='https:\/\/www.arquimaster.com.ar\/web\/wp-content\/uploads\/2024\/10\/rz_1248_014.jpg' title=\"Edificio RZ1248 \/ CMS arquitectas (\u00a9 Ramiro Sosa)\" data-rl_title=\"Edificio RZ1248 \/ CMS arquitectas (\u00a9 Ramiro Sosa)\" class=\"rl-gallery-link\" data-rl_caption=\"Edificio RZ1248 \/ CMS arquitectas (\u00a9 Ramiro Sosa)\" data-rel=\"lightbox-gallery-1\"><img loading=\"lazy\" decoding=\"async\" width=\"150\" height=\"150\" src=\"https:\/\/www.arquimaster.com.ar\/web\/wp-content\/uploads\/2024\/10\/rz_1248_014-150x150.jpg\" class=\"attachment-thumbnail size-thumbnail\" alt=\"Edificio RZ1248 \/ CMS arquitectas\" aria-describedby=\"gallery-1-81113\" \/><\/a>\n\t\t\t<\/div>\n\t\t\t\t<figcaption class='wp-caption-text gallery-caption' id='gallery-1-81113'>\n\t\t\t\tEdificio RZ1248 \/ CMS arquitectas (\u00a9 Ramiro Sosa)\n\t\t\t\t<\/figcaption><\/figure><figure class='gallery-item'>\n\t\t\t<div class='gallery-icon portrait'>\n\t\t\t\t<a href='https:\/\/www.arquimaster.com.ar\/web\/wp-content\/uploads\/2024\/10\/rz_1248_015.jpg' title=\"Edificio RZ1248 \/ CMS arquitectas (\u00a9 Ramiro Sosa)\" data-rl_title=\"Edificio RZ1248 \/ CMS arquitectas (\u00a9 Ramiro Sosa)\" class=\"rl-gallery-link\" data-rl_caption=\"Edificio RZ1248 \/ CMS arquitectas (\u00a9 Ramiro Sosa)\" data-rel=\"lightbox-gallery-1\"><img loading=\"lazy\" decoding=\"async\" width=\"150\" height=\"150\" src=\"https:\/\/www.arquimaster.com.ar\/web\/wp-content\/uploads\/2024\/10\/rz_1248_015-150x150.jpg\" class=\"attachment-thumbnail size-thumbnail\" alt=\"Edificio RZ1248 \/ CMS arquitectas\" aria-describedby=\"gallery-1-81114\" \/><\/a>\n\t\t\t<\/div>\n\t\t\t\t<figcaption class='wp-caption-text gallery-caption' id='gallery-1-81114'>\n\t\t\t\tEdificio RZ1248 \/ CMS arquitectas (\u00a9 Ramiro Sosa)\n\t\t\t\t<\/figcaption><\/figure><figure class='gallery-item'>\n\t\t\t<div class='gallery-icon portrait'>\n\t\t\t\t<a href='https:\/\/www.arquimaster.com.ar\/web\/wp-content\/uploads\/2024\/10\/rz_1248_016.jpg' title=\"Edificio RZ1248 \/ CMS arquitectas (\u00a9 Ramiro Sosa)\" data-rl_title=\"Edificio RZ1248 \/ CMS arquitectas (\u00a9 Ramiro Sosa)\" class=\"rl-gallery-link\" data-rl_caption=\"Edificio RZ1248 \/ CMS arquitectas (\u00a9 Ramiro Sosa)\" data-rel=\"lightbox-gallery-1\"><img loading=\"lazy\" decoding=\"async\" width=\"150\" height=\"150\" src=\"https:\/\/www.arquimaster.com.ar\/web\/wp-content\/uploads\/2024\/10\/rz_1248_016-150x150.jpg\" class=\"attachment-thumbnail size-thumbnail\" alt=\"Edificio RZ1248 \/ CMS arquitectas\" aria-describedby=\"gallery-1-81115\" \/><\/a>\n\t\t\t<\/div>\n\t\t\t\t<figcaption class='wp-caption-text gallery-caption' id='gallery-1-81115'>\n\t\t\t\tEdificio RZ1248 \/ CMS arquitectas (\u00a9 Ramiro Sosa)\n\t\t\t\t<\/figcaption><\/figure><figure class='gallery-item'>\n\t\t\t<div class='gallery-icon portrait'>\n\t\t\t\t<a href='https:\/\/www.arquimaster.com.ar\/web\/wp-content\/uploads\/2024\/10\/rz_1248_017.jpg' title=\"Edificio RZ1248 \/ CMS arquitectas (\u00a9 Ramiro Sosa)\" data-rl_title=\"Edificio RZ1248 \/ CMS arquitectas (\u00a9 Ramiro Sosa)\" class=\"rl-gallery-link\" data-rl_caption=\"Edificio RZ1248 \/ CMS arquitectas (\u00a9 Ramiro Sosa)\" data-rel=\"lightbox-gallery-1\"><img loading=\"lazy\" decoding=\"async\" width=\"150\" height=\"150\" src=\"https:\/\/www.arquimaster.com.ar\/web\/wp-content\/uploads\/2024\/10\/rz_1248_017-150x150.jpg\" class=\"attachment-thumbnail size-thumbnail\" alt=\"Edificio RZ1248 \/ CMS arquitectas\" aria-describedby=\"gallery-1-81116\" \/><\/a>\n\t\t\t<\/div>\n\t\t\t\t<figcaption class='wp-caption-text gallery-caption' id='gallery-1-81116'>\n\t\t\t\tEdificio RZ1248 \/ CMS arquitectas (\u00a9 Ramiro Sosa)\n\t\t\t\t<\/figcaption><\/figure><figure class='gallery-item'>\n\t\t\t<div class='gallery-icon portrait'>\n\t\t\t\t<a href='https:\/\/www.arquimaster.com.ar\/web\/wp-content\/uploads\/2024\/10\/rz_1248_018.jpg' title=\"Edificio RZ1248 \/ CMS arquitectas (\u00a9 Ramiro Sosa)\" data-rl_title=\"Edificio RZ1248 \/ CMS arquitectas (\u00a9 Ramiro Sosa)\" class=\"rl-gallery-link\" data-rl_caption=\"Edificio RZ1248 \/ CMS arquitectas (\u00a9 Ramiro Sosa)\" data-rel=\"lightbox-gallery-1\"><img loading=\"lazy\" decoding=\"async\" width=\"150\" height=\"150\" src=\"https:\/\/www.arquimaster.com.ar\/web\/wp-content\/uploads\/2024\/10\/rz_1248_018-150x150.jpg\" class=\"attachment-thumbnail size-thumbnail\" alt=\"Edificio RZ1248 \/ CMS arquitectas\" aria-describedby=\"gallery-1-81117\" \/><\/a>\n\t\t\t<\/div>\n\t\t\t\t<figcaption class='wp-caption-text gallery-caption' id='gallery-1-81117'>\n\t\t\t\tEdificio RZ1248 \/ CMS arquitectas (\u00a9 Ramiro Sosa)\n\t\t\t\t<\/figcaption><\/figure><figure class='gallery-item'>\n\t\t\t<div class='gallery-icon landscape'>\n\t\t\t\t<a href='https:\/\/www.arquimaster.com.ar\/web\/wp-content\/uploads\/2024\/10\/rz_1248_019.jpg' title=\"Edificio RZ1248 \/ CMS arquitectas (\u00a9 Ramiro Sosa)\" data-rl_title=\"Edificio RZ1248 \/ CMS arquitectas (\u00a9 Ramiro Sosa)\" class=\"rl-gallery-link\" data-rl_caption=\"Edificio RZ1248 \/ CMS arquitectas (\u00a9 Ramiro Sosa)\" data-rel=\"lightbox-gallery-1\"><img loading=\"lazy\" decoding=\"async\" width=\"150\" height=\"150\" src=\"https:\/\/www.arquimaster.com.ar\/web\/wp-content\/uploads\/2024\/10\/rz_1248_019-150x150.jpg\" class=\"attachment-thumbnail size-thumbnail\" alt=\"Edificio RZ1248 \/ CMS arquitectas\" aria-describedby=\"gallery-1-81118\" \/><\/a>\n\t\t\t<\/div>\n\t\t\t\t<figcaption class='wp-caption-text gallery-caption' id='gallery-1-81118'>\n\t\t\t\tEdificio RZ1248 \/ CMS arquitectas (\u00a9 Ramiro Sosa)\n\t\t\t\t<\/figcaption><\/figure><figure class='gallery-item'>\n\t\t\t<div class='gallery-icon portrait'>\n\t\t\t\t<a href='https:\/\/www.arquimaster.com.ar\/web\/wp-content\/uploads\/2024\/10\/rz_1248_020.jpg' title=\"Edificio RZ1248 \/ CMS arquitectas (\u00a9 Ramiro Sosa)\" data-rl_title=\"Edificio RZ1248 \/ CMS arquitectas (\u00a9 Ramiro Sosa)\" class=\"rl-gallery-link\" data-rl_caption=\"Edificio RZ1248 \/ CMS arquitectas (\u00a9 Ramiro Sosa)\" data-rel=\"lightbox-gallery-1\"><img loading=\"lazy\" decoding=\"async\" width=\"150\" height=\"150\" src=\"https:\/\/www.arquimaster.com.ar\/web\/wp-content\/uploads\/2024\/10\/rz_1248_020-150x150.jpg\" class=\"attachment-thumbnail size-thumbnail\" alt=\"Edificio RZ1248 \/ CMS arquitectas\" aria-describedby=\"gallery-1-81119\" \/><\/a>\n\t\t\t<\/div>\n\t\t\t\t<figcaption class='wp-caption-text gallery-caption' id='gallery-1-81119'>\n\t\t\t\tEdificio RZ1248 \/ CMS arquitectas (\u00a9 Ramiro Sosa)\n\t\t\t\t<\/figcaption><\/figure><figure class='gallery-item'>\n\t\t\t<div class='gallery-icon portrait'>\n\t\t\t\t<a href='https:\/\/www.arquimaster.com.ar\/web\/wp-content\/uploads\/2024\/10\/rz_1248_021.jpg' title=\"Edificio RZ1248 \/ CMS arquitectas (\u00a9 Ramiro Sosa)\" data-rl_title=\"Edificio RZ1248 \/ CMS arquitectas (\u00a9 Ramiro Sosa)\" class=\"rl-gallery-link\" data-rl_caption=\"Edificio RZ1248 \/ CMS arquitectas (\u00a9 Ramiro Sosa)\" data-rel=\"lightbox-gallery-1\"><img loading=\"lazy\" decoding=\"async\" width=\"150\" height=\"150\" src=\"https:\/\/www.arquimaster.com.ar\/web\/wp-content\/uploads\/2024\/10\/rz_1248_021-150x150.jpg\" class=\"attachment-thumbnail size-thumbnail\" alt=\"Edificio RZ1248 \/ CMS arquitectas\" aria-describedby=\"gallery-1-81120\" \/><\/a>\n\t\t\t<\/div>\n\t\t\t\t<figcaption class='wp-caption-text gallery-caption' id='gallery-1-81120'>\n\t\t\t\tEdificio RZ1248 \/ CMS arquitectas (\u00a9 Ramiro Sosa)\n\t\t\t\t<\/figcaption><\/figure><figure class='gallery-item'>\n\t\t\t<div class='gallery-icon portrait'>\n\t\t\t\t<a href='https:\/\/www.arquimaster.com.ar\/web\/wp-content\/uploads\/2024\/10\/rz_1248_022.jpg' title=\"Edificio RZ1248 \/ CMS arquitectas (\u00a9 Ramiro Sosa)\" data-rl_title=\"Edificio RZ1248 \/ CMS arquitectas (\u00a9 Ramiro Sosa)\" class=\"rl-gallery-link\" data-rl_caption=\"Edificio RZ1248 \/ CMS arquitectas (\u00a9 Ramiro Sosa)\" data-rel=\"lightbox-gallery-1\"><img loading=\"lazy\" decoding=\"async\" width=\"150\" height=\"150\" src=\"https:\/\/www.arquimaster.com.ar\/web\/wp-content\/uploads\/2024\/10\/rz_1248_022-150x150.jpg\" class=\"attachment-thumbnail size-thumbnail\" alt=\"Edificio RZ1248 \/ CMS arquitectas\" aria-describedby=\"gallery-1-81121\" \/><\/a>\n\t\t\t<\/div>\n\t\t\t\t<figcaption class='wp-caption-text gallery-caption' id='gallery-1-81121'>\n\t\t\t\tEdificio RZ1248 \/ CMS arquitectas (\u00a9 Ramiro Sosa)\n\t\t\t\t<\/figcaption><\/figure><figure class='gallery-item'>\n\t\t\t<div class='gallery-icon portrait'>\n\t\t\t\t<a href='https:\/\/www.arquimaster.com.ar\/web\/wp-content\/uploads\/2024\/10\/rz_1248_023.jpg' title=\"Edificio RZ1248 \/ CMS arquitectas (\u00a9 Ramiro Sosa)\" data-rl_title=\"Edificio RZ1248 \/ CMS arquitectas (\u00a9 Ramiro Sosa)\" class=\"rl-gallery-link\" data-rl_caption=\"Edificio RZ1248 \/ CMS arquitectas (\u00a9 Ramiro Sosa)\" data-rel=\"lightbox-gallery-1\"><img loading=\"lazy\" decoding=\"async\" width=\"150\" height=\"150\" src=\"https:\/\/www.arquimaster.com.ar\/web\/wp-content\/uploads\/2024\/10\/rz_1248_023-150x150.jpg\" class=\"attachment-thumbnail size-thumbnail\" alt=\"Edificio RZ1248 \/ CMS arquitectas\" aria-describedby=\"gallery-1-81122\" \/><\/a>\n\t\t\t<\/div>\n\t\t\t\t<figcaption class='wp-caption-text gallery-caption' id='gallery-1-81122'>\n\t\t\t\tEdificio RZ1248 \/ CMS arquitectas (\u00a9 Ramiro Sosa)\n\t\t\t\t<\/figcaption><\/figure><figure class='gallery-item'>\n\t\t\t<div class='gallery-icon portrait'>\n\t\t\t\t<a href='https:\/\/www.arquimaster.com.ar\/web\/wp-content\/uploads\/2024\/10\/rz_1248_024.jpg' title=\"Edificio RZ1248 \/ CMS arquitectas (\u00a9 Ramiro Sosa)\" data-rl_title=\"Edificio RZ1248 \/ CMS arquitectas (\u00a9 Ramiro Sosa)\" class=\"rl-gallery-link\" data-rl_caption=\"Edificio RZ1248 \/ CMS arquitectas (\u00a9 Ramiro Sosa)\" data-rel=\"lightbox-gallery-1\"><img loading=\"lazy\" decoding=\"async\" width=\"150\" height=\"150\" src=\"https:\/\/www.arquimaster.com.ar\/web\/wp-content\/uploads\/2024\/10\/rz_1248_024-150x150.jpg\" class=\"attachment-thumbnail size-thumbnail\" alt=\"Edificio RZ1248 \/ CMS arquitectas\" aria-describedby=\"gallery-1-81123\" \/><\/a>\n\t\t\t<\/div>\n\t\t\t\t<figcaption class='wp-caption-text gallery-caption' id='gallery-1-81123'>\n\t\t\t\tEdificio RZ1248 \/ CMS arquitectas (\u00a9 Ramiro Sosa)\n\t\t\t\t<\/figcaption><\/figure><figure class='gallery-item'>\n\t\t\t<div class='gallery-icon portrait'>\n\t\t\t\t<a href='https:\/\/www.arquimaster.com.ar\/web\/wp-content\/uploads\/2024\/10\/rz_1248_025.jpg' title=\"Edificio RZ1248 \/ CMS arquitectas (\u00a9 Ramiro Sosa)\" data-rl_title=\"Edificio RZ1248 \/ CMS arquitectas (\u00a9 Ramiro Sosa)\" class=\"rl-gallery-link\" data-rl_caption=\"Edificio RZ1248 \/ CMS arquitectas (\u00a9 Ramiro Sosa)\" data-rel=\"lightbox-gallery-1\"><img loading=\"lazy\" decoding=\"async\" width=\"150\" height=\"150\" src=\"https:\/\/www.arquimaster.com.ar\/web\/wp-content\/uploads\/2024\/10\/rz_1248_025-150x150.jpg\" class=\"attachment-thumbnail size-thumbnail\" alt=\"Edificio RZ1248 \/ CMS arquitectas\" aria-describedby=\"gallery-1-81124\" \/><\/a>\n\t\t\t<\/div>\n\t\t\t\t<figcaption class='wp-caption-text gallery-caption' id='gallery-1-81124'>\n\t\t\t\tEdificio RZ1248 \/ CMS arquitectas (\u00a9 Ramiro Sosa)\n\t\t\t\t<\/figcaption><\/figure><figure class='gallery-item'>\n\t\t\t<div class='gallery-icon portrait'>\n\t\t\t\t<a href='https:\/\/www.arquimaster.com.ar\/web\/wp-content\/uploads\/2024\/10\/rz_1248_026.jpg' title=\"Edificio RZ1248 \/ CMS arquitectas (\u00a9 Ramiro Sosa)\" data-rl_title=\"Edificio RZ1248 \/ CMS arquitectas (\u00a9 Ramiro Sosa)\" class=\"rl-gallery-link\" data-rl_caption=\"Edificio RZ1248 \/ CMS arquitectas (\u00a9 Ramiro Sosa)\" data-rel=\"lightbox-gallery-1\"><img loading=\"lazy\" decoding=\"async\" width=\"150\" height=\"150\" src=\"https:\/\/www.arquimaster.com.ar\/web\/wp-content\/uploads\/2024\/10\/rz_1248_026-150x150.jpg\" class=\"attachment-thumbnail size-thumbnail\" alt=\"Edificio RZ1248 \/ CMS arquitectas\" aria-describedby=\"gallery-1-81125\" \/><\/a>\n\t\t\t<\/div>\n\t\t\t\t<figcaption class='wp-caption-text gallery-caption' id='gallery-1-81125'>\n\t\t\t\tEdificio RZ1248 \/ CMS arquitectas (\u00a9 Ramiro Sosa)\n\t\t\t\t<\/figcaption><\/figure><figure class='gallery-item'>\n\t\t\t<div class='gallery-icon portrait'>\n\t\t\t\t<a href='https:\/\/www.arquimaster.com.ar\/web\/wp-content\/uploads\/2024\/10\/rz_1248_027.jpg' title=\"Edificio RZ1248 \/ CMS arquitectas (\u00a9 Ramiro Sosa)\" data-rl_title=\"Edificio RZ1248 \/ CMS arquitectas (\u00a9 Ramiro Sosa)\" class=\"rl-gallery-link\" data-rl_caption=\"Edificio RZ1248 \/ CMS arquitectas (\u00a9 Ramiro Sosa)\" data-rel=\"lightbox-gallery-1\"><img loading=\"lazy\" decoding=\"async\" width=\"150\" height=\"150\" src=\"https:\/\/www.arquimaster.com.ar\/web\/wp-content\/uploads\/2024\/10\/rz_1248_027-150x150.jpg\" class=\"attachment-thumbnail size-thumbnail\" alt=\"Edificio RZ1248 \/ CMS arquitectas\" aria-describedby=\"gallery-1-81126\" \/><\/a>\n\t\t\t<\/div>\n\t\t\t\t<figcaption class='wp-caption-text gallery-caption' id='gallery-1-81126'>\n\t\t\t\tEdificio RZ1248 \/ CMS arquitectas (\u00a9 Ramiro Sosa)\n\t\t\t\t<\/figcaption><\/figure><figure class='gallery-item'>\n\t\t\t<div class='gallery-icon portrait'>\n\t\t\t\t<a href='https:\/\/www.arquimaster.com.ar\/web\/wp-content\/uploads\/2024\/10\/rz_1248_028.jpg' title=\"Edificio RZ1248 \/ CMS arquitectas (\u00a9 Ramiro Sosa)\" data-rl_title=\"Edificio RZ1248 \/ CMS arquitectas (\u00a9 Ramiro Sosa)\" class=\"rl-gallery-link\" data-rl_caption=\"Edificio RZ1248 \/ CMS arquitectas (\u00a9 Ramiro Sosa)\" data-rel=\"lightbox-gallery-1\"><img loading=\"lazy\" decoding=\"async\" width=\"150\" height=\"150\" src=\"https:\/\/www.arquimaster.com.ar\/web\/wp-content\/uploads\/2024\/10\/rz_1248_028-150x150.jpg\" class=\"attachment-thumbnail size-thumbnail\" alt=\"Edificio RZ1248 \/ CMS arquitectas\" aria-describedby=\"gallery-1-81127\" \/><\/a>\n\t\t\t<\/div>\n\t\t\t\t<figcaption class='wp-caption-text gallery-caption' id='gallery-1-81127'>\n\t\t\t\tEdificio RZ1248 \/ CMS arquitectas (\u00a9 Ramiro Sosa)\n\t\t\t\t<\/figcaption><\/figure><figure class='gallery-item'>\n\t\t\t<div class='gallery-icon portrait'>\n\t\t\t\t<a href='https:\/\/www.arquimaster.com.ar\/web\/wp-content\/uploads\/2024\/10\/rz_1248_029.jpg' title=\"Edificio RZ1248 \/ CMS arquitectas (\u00a9 Ramiro Sosa)\" data-rl_title=\"Edificio RZ1248 \/ CMS arquitectas (\u00a9 Ramiro Sosa)\" class=\"rl-gallery-link\" data-rl_caption=\"Edificio RZ1248 \/ CMS arquitectas (\u00a9 Ramiro Sosa)\" data-rel=\"lightbox-gallery-1\"><img loading=\"lazy\" decoding=\"async\" width=\"150\" height=\"150\" src=\"https:\/\/www.arquimaster.com.ar\/web\/wp-content\/uploads\/2024\/10\/rz_1248_029-150x150.jpg\" class=\"attachment-thumbnail size-thumbnail\" alt=\"Edificio RZ1248 \/ CMS arquitectas\" aria-describedby=\"gallery-1-81128\" \/><\/a>\n\t\t\t<\/div>\n\t\t\t\t<figcaption class='wp-caption-text gallery-caption' id='gallery-1-81128'>\n\t\t\t\tEdificio RZ1248 \/ CMS arquitectas (\u00a9 Ramiro Sosa)\n\t\t\t\t<\/figcaption><\/figure><figure class='gallery-item'>\n\t\t\t<div class='gallery-icon portrait'>\n\t\t\t\t<a href='https:\/\/www.arquimaster.com.ar\/web\/wp-content\/uploads\/2024\/10\/rz_1248_030.jpg' title=\"Edificio RZ1248 \/ CMS arquitectas (\u00a9 Ramiro Sosa)\" data-rl_title=\"Edificio RZ1248 \/ CMS arquitectas (\u00a9 Ramiro Sosa)\" class=\"rl-gallery-link\" data-rl_caption=\"Edificio RZ1248 \/ CMS arquitectas (\u00a9 Ramiro Sosa)\" data-rel=\"lightbox-gallery-1\"><img loading=\"lazy\" decoding=\"async\" width=\"150\" height=\"150\" src=\"https:\/\/www.arquimaster.com.ar\/web\/wp-content\/uploads\/2024\/10\/rz_1248_030-150x150.jpg\" class=\"attachment-thumbnail size-thumbnail\" alt=\"Edificio RZ1248 \/ CMS arquitectas\" aria-describedby=\"gallery-1-81129\" \/><\/a>\n\t\t\t<\/div>\n\t\t\t\t<figcaption class='wp-caption-text gallery-caption' id='gallery-1-81129'>\n\t\t\t\tEdificio RZ1248 \/ CMS arquitectas (\u00a9 Ramiro Sosa)\n\t\t\t\t<\/figcaption><\/figure><figure class='gallery-item'>\n\t\t\t<div class='gallery-icon portrait'>\n\t\t\t\t<a href='https:\/\/www.arquimaster.com.ar\/web\/wp-content\/uploads\/2024\/10\/rz_1248_031.jpg' title=\"Edificio RZ1248 \/ CMS arquitectas (\u00a9 Ramiro Sosa)\" data-rl_title=\"Edificio RZ1248 \/ CMS arquitectas (\u00a9 Ramiro Sosa)\" class=\"rl-gallery-link\" data-rl_caption=\"Edificio RZ1248 \/ CMS arquitectas (\u00a9 Ramiro Sosa)\" data-rel=\"lightbox-gallery-1\"><img loading=\"lazy\" decoding=\"async\" width=\"150\" height=\"150\" src=\"https:\/\/www.arquimaster.com.ar\/web\/wp-content\/uploads\/2024\/10\/rz_1248_031-150x150.jpg\" class=\"attachment-thumbnail size-thumbnail\" alt=\"Edificio RZ1248 \/ CMS arquitectas\" aria-describedby=\"gallery-1-81130\" \/><\/a>\n\t\t\t<\/div>\n\t\t\t\t<figcaption class='wp-caption-text gallery-caption' id='gallery-1-81130'>\n\t\t\t\tEdificio RZ1248 \/ CMS arquitectas (\u00a9 Ramiro Sosa)\n\t\t\t\t<\/figcaption><\/figure><figure class='gallery-item'>\n\t\t\t<div class='gallery-icon portrait'>\n\t\t\t\t<a href='https:\/\/www.arquimaster.com.ar\/web\/wp-content\/uploads\/2024\/10\/rz_1248_032.jpg' title=\"Edificio RZ1248 \/ CMS arquitectas (\u00a9 Ramiro Sosa)\" data-rl_title=\"Edificio RZ1248 \/ CMS arquitectas (\u00a9 Ramiro Sosa)\" class=\"rl-gallery-link\" data-rl_caption=\"Edificio RZ1248 \/ CMS arquitectas (\u00a9 Ramiro Sosa)\" data-rel=\"lightbox-gallery-1\"><img loading=\"lazy\" decoding=\"async\" width=\"150\" height=\"150\" src=\"https:\/\/www.arquimaster.com.ar\/web\/wp-content\/uploads\/2024\/10\/rz_1248_032-150x150.jpg\" class=\"attachment-thumbnail size-thumbnail\" alt=\"Edificio RZ1248 \/ CMS arquitectas\" aria-describedby=\"gallery-1-81131\" \/><\/a>\n\t\t\t<\/div>\n\t\t\t\t<figcaption class='wp-caption-text gallery-caption' id='gallery-1-81131'>\n\t\t\t\tEdificio RZ1248 \/ CMS arquitectas (\u00a9 Ramiro Sosa)\n\t\t\t\t<\/figcaption><\/figure><figure class='gallery-item'>\n\t\t\t<div class='gallery-icon landscape'>\n\t\t\t\t<a href='https:\/\/www.arquimaster.com.ar\/web\/wp-content\/uploads\/2024\/10\/rz_1248_033.jpg' title=\"Edificio RZ1248 \/ CMS arquitectas (\u00a9 Ramiro Sosa)\" data-rl_title=\"Edificio RZ1248 \/ CMS arquitectas (\u00a9 Ramiro Sosa)\" class=\"rl-gallery-link\" data-rl_caption=\"Edificio RZ1248 \/ CMS arquitectas (\u00a9 Ramiro Sosa)\" data-rel=\"lightbox-gallery-1\"><img loading=\"lazy\" decoding=\"async\" width=\"150\" height=\"150\" src=\"https:\/\/www.arquimaster.com.ar\/web\/wp-content\/uploads\/2024\/10\/rz_1248_033-150x150.jpg\" class=\"attachment-thumbnail size-thumbnail\" alt=\"Edificio RZ1248 \/ CMS arquitectas\" aria-describedby=\"gallery-1-81132\" \/><\/a>\n\t\t\t<\/div>\n\t\t\t\t<figcaption class='wp-caption-text gallery-caption' id='gallery-1-81132'>\n\t\t\t\tEdificio RZ1248 \/ CMS arquitectas (\u00a9 Ramiro Sosa)\n\t\t\t\t<\/figcaption><\/figure><figure class='gallery-item'>\n\t\t\t<div class='gallery-icon landscape'>\n\t\t\t\t<a href='https:\/\/www.arquimaster.com.ar\/web\/wp-content\/uploads\/2024\/10\/rz_1248_034.jpg' title=\"Edificio RZ1248 \/ CMS arquitectas (\u00a9 Ramiro Sosa)\" data-rl_title=\"Edificio RZ1248 \/ CMS arquitectas (\u00a9 Ramiro Sosa)\" class=\"rl-gallery-link\" data-rl_caption=\"Edificio RZ1248 \/ CMS arquitectas (\u00a9 Ramiro Sosa)\" data-rel=\"lightbox-gallery-1\"><img loading=\"lazy\" decoding=\"async\" width=\"150\" height=\"150\" src=\"https:\/\/www.arquimaster.com.ar\/web\/wp-content\/uploads\/2024\/10\/rz_1248_034-150x150.jpg\" class=\"attachment-thumbnail size-thumbnail\" alt=\"Edificio RZ1248 \/ CMS arquitectas\" aria-describedby=\"gallery-1-81133\" \/><\/a>\n\t\t\t<\/div>\n\t\t\t\t<figcaption class='wp-caption-text gallery-caption' id='gallery-1-81133'>\n\t\t\t\tEdificio RZ1248 \/ CMS arquitectas (\u00a9 Ramiro Sosa)\n\t\t\t\t<\/figcaption><\/figure><figure class='gallery-item'>\n\t\t\t<div class='gallery-icon landscape'>\n\t\t\t\t<a href='https:\/\/www.arquimaster.com.ar\/web\/wp-content\/uploads\/2024\/10\/rz_1248_035.jpg' title=\"Edificio RZ1248 \/ CMS arquitectas (\u00a9 Ramiro Sosa)\" data-rl_title=\"Edificio RZ1248 \/ CMS arquitectas (\u00a9 Ramiro Sosa)\" class=\"rl-gallery-link\" data-rl_caption=\"Edificio RZ1248 \/ CMS arquitectas (\u00a9 Ramiro Sosa)\" data-rel=\"lightbox-gallery-1\"><img loading=\"lazy\" decoding=\"async\" width=\"150\" height=\"150\" src=\"https:\/\/www.arquimaster.com.ar\/web\/wp-content\/uploads\/2024\/10\/rz_1248_035-150x150.jpg\" class=\"attachment-thumbnail size-thumbnail\" alt=\"Edificio RZ1248 \/ CMS arquitectas\" aria-describedby=\"gallery-1-81134\" \/><\/a>\n\t\t\t<\/div>\n\t\t\t\t<figcaption class='wp-caption-text gallery-caption' id='gallery-1-81134'>\n\t\t\t\tEdificio RZ1248 \/ CMS arquitectas (\u00a9 Ramiro Sosa)\n\t\t\t\t<\/figcaption><\/figure><figure class='gallery-item'>\n\t\t\t<div class='gallery-icon landscape'>\n\t\t\t\t<a href='https:\/\/www.arquimaster.com.ar\/web\/wp-content\/uploads\/2024\/10\/rz_1248_036.jpg' title=\"Edificio RZ1248 \/ CMS arquitectas (\u00a9 Ramiro Sosa)\" data-rl_title=\"Edificio RZ1248 \/ CMS arquitectas (\u00a9 Ramiro Sosa)\" class=\"rl-gallery-link\" data-rl_caption=\"Edificio RZ1248 \/ CMS arquitectas (\u00a9 Ramiro Sosa)\" data-rel=\"lightbox-gallery-1\"><img loading=\"lazy\" decoding=\"async\" width=\"150\" height=\"150\" src=\"https:\/\/www.arquimaster.com.ar\/web\/wp-content\/uploads\/2024\/10\/rz_1248_036-150x150.jpg\" class=\"attachment-thumbnail size-thumbnail\" alt=\"Edificio RZ1248 \/ CMS arquitectas\" aria-describedby=\"gallery-1-81135\" \/><\/a>\n\t\t\t<\/div>\n\t\t\t\t<figcaption class='wp-caption-text gallery-caption' id='gallery-1-81135'>\n\t\t\t\tEdificio RZ1248 \/ CMS arquitectas (\u00a9 Ramiro Sosa)\n\t\t\t\t<\/figcaption><\/figure><figure class='gallery-item'>\n\t\t\t<div class='gallery-icon portrait'>\n\t\t\t\t<a href='https:\/\/www.arquimaster.com.ar\/web\/wp-content\/uploads\/2024\/10\/rz_1248_037.jpg' title=\"Edificio RZ1248 \/ CMS arquitectas (\u00a9 Ramiro Sosa)\" data-rl_title=\"Edificio RZ1248 \/ CMS arquitectas (\u00a9 Ramiro Sosa)\" class=\"rl-gallery-link\" data-rl_caption=\"Edificio RZ1248 \/ CMS arquitectas (\u00a9 Ramiro Sosa)\" data-rel=\"lightbox-gallery-1\"><img loading=\"lazy\" decoding=\"async\" width=\"150\" height=\"150\" src=\"https:\/\/www.arquimaster.com.ar\/web\/wp-content\/uploads\/2024\/10\/rz_1248_037-150x150.jpg\" class=\"attachment-thumbnail size-thumbnail\" alt=\"Edificio RZ1248 \/ CMS arquitectas\" aria-describedby=\"gallery-1-81136\" \/><\/a>\n\t\t\t<\/div>\n\t\t\t\t<figcaption class='wp-caption-text gallery-caption' id='gallery-1-81136'>\n\t\t\t\tEdificio RZ1248 \/ CMS arquitectas (\u00a9 Ramiro Sosa)\n\t\t\t\t<\/figcaption><\/figure><figure class='gallery-item'>\n\t\t\t<div class='gallery-icon landscape'>\n\t\t\t\t<a href='https:\/\/www.arquimaster.com.ar\/web\/wp-content\/uploads\/2024\/10\/rz_1248_038.jpg' title=\"Edificio RZ1248 \/ CMS arquitectas (\u00a9 Ramiro Sosa)\" data-rl_title=\"Edificio RZ1248 \/ CMS arquitectas (\u00a9 Ramiro Sosa)\" class=\"rl-gallery-link\" data-rl_caption=\"Edificio RZ1248 \/ CMS arquitectas (\u00a9 Ramiro Sosa)\" data-rel=\"lightbox-gallery-1\"><img loading=\"lazy\" decoding=\"async\" width=\"150\" height=\"150\" src=\"https:\/\/www.arquimaster.com.ar\/web\/wp-content\/uploads\/2024\/10\/rz_1248_038-150x150.jpg\" class=\"attachment-thumbnail size-thumbnail\" alt=\"Edificio RZ1248 \/ CMS arquitectas\" aria-describedby=\"gallery-1-81137\" \/><\/a>\n\t\t\t<\/div>\n\t\t\t\t<figcaption class='wp-caption-text gallery-caption' id='gallery-1-81137'>\n\t\t\t\tEdificio RZ1248 \/ CMS arquitectas (\u00a9 Ramiro Sosa)\n\t\t\t\t<\/figcaption><\/figure><figure class='gallery-item'>\n\t\t\t<div class='gallery-icon landscape'>\n\t\t\t\t<a href='https:\/\/www.arquimaster.com.ar\/web\/wp-content\/uploads\/2024\/10\/rz_1248_039.jpg' title=\"Edificio RZ1248 \/ CMS arquitectas (\u00a9 Ramiro Sosa)\" data-rl_title=\"Edificio RZ1248 \/ CMS arquitectas (\u00a9 Ramiro Sosa)\" class=\"rl-gallery-link\" data-rl_caption=\"Edificio RZ1248 \/ CMS arquitectas (\u00a9 Ramiro Sosa)\" data-rel=\"lightbox-gallery-1\"><img loading=\"lazy\" decoding=\"async\" width=\"150\" height=\"150\" src=\"https:\/\/www.arquimaster.com.ar\/web\/wp-content\/uploads\/2024\/10\/rz_1248_039-150x150.jpg\" class=\"attachment-thumbnail size-thumbnail\" alt=\"Edificio RZ1248 \/ CMS arquitectas\" aria-describedby=\"gallery-1-81138\" \/><\/a>\n\t\t\t<\/div>\n\t\t\t\t<figcaption class='wp-caption-text gallery-caption' id='gallery-1-81138'>\n\t\t\t\tEdificio RZ1248 \/ CMS arquitectas (\u00a9 Ramiro Sosa)\n\t\t\t\t<\/figcaption><\/figure><figure class='gallery-item'>\n\t\t\t<div class='gallery-icon landscape'>\n\t\t\t\t<a href='https:\/\/www.arquimaster.com.ar\/web\/wp-content\/uploads\/2024\/10\/rz_1248_040.jpg' title=\"Edificio RZ1248 \/ CMS arquitectas (\u00a9 Ramiro Sosa)\" data-rl_title=\"Edificio RZ1248 \/ CMS arquitectas (\u00a9 Ramiro Sosa)\" class=\"rl-gallery-link\" data-rl_caption=\"Edificio RZ1248 \/ CMS arquitectas (\u00a9 Ramiro Sosa)\" data-rel=\"lightbox-gallery-1\"><img loading=\"lazy\" decoding=\"async\" width=\"150\" height=\"150\" src=\"https:\/\/www.arquimaster.com.ar\/web\/wp-content\/uploads\/2024\/10\/rz_1248_040-150x150.jpg\" class=\"attachment-thumbnail size-thumbnail\" alt=\"Edificio RZ1248 \/ CMS arquitectas\" aria-describedby=\"gallery-1-81139\" \/><\/a>\n\t\t\t<\/div>\n\t\t\t\t<figcaption class='wp-caption-text gallery-caption' id='gallery-1-81139'>\n\t\t\t\tEdificio RZ1248 \/ CMS arquitectas (\u00a9 Ramiro Sosa)\n\t\t\t\t<\/figcaption><\/figure><figure class='gallery-item'>\n\t\t\t<div class='gallery-icon landscape'>\n\t\t\t\t<a href='https:\/\/www.arquimaster.com.ar\/web\/wp-content\/uploads\/2024\/10\/rz_1248_041.jpg' title=\"Edificio RZ1248 \/ CMS arquitectas (\u00a9 Ramiro Sosa)\" data-rl_title=\"Edificio RZ1248 \/ CMS arquitectas (\u00a9 Ramiro Sosa)\" class=\"rl-gallery-link\" data-rl_caption=\"Edificio RZ1248 \/ CMS arquitectas (\u00a9 Ramiro Sosa)\" data-rel=\"lightbox-gallery-1\"><img loading=\"lazy\" decoding=\"async\" width=\"150\" height=\"150\" src=\"https:\/\/www.arquimaster.com.ar\/web\/wp-content\/uploads\/2024\/10\/rz_1248_041-150x150.jpg\" class=\"attachment-thumbnail size-thumbnail\" alt=\"Edificio RZ1248 \/ CMS arquitectas\" aria-describedby=\"gallery-1-81140\" \/><\/a>\n\t\t\t<\/div>\n\t\t\t\t<figcaption class='wp-caption-text gallery-caption' id='gallery-1-81140'>\n\t\t\t\tEdificio RZ1248 \/ CMS arquitectas (\u00a9 Ramiro Sosa)\n\t\t\t\t<\/figcaption><\/figure><figure class='gallery-item'>\n\t\t\t<div class='gallery-icon landscape'>\n\t\t\t\t<a href='https:\/\/www.arquimaster.com.ar\/web\/wp-content\/uploads\/2024\/10\/rz_1248_042.jpg' title=\"Edificio RZ1248 \/ CMS arquitectas (\u00a9 Ramiro Sosa)\" data-rl_title=\"Edificio RZ1248 \/ CMS arquitectas (\u00a9 Ramiro Sosa)\" class=\"rl-gallery-link\" data-rl_caption=\"Edificio RZ1248 \/ CMS arquitectas (\u00a9 Ramiro Sosa)\" data-rel=\"lightbox-gallery-1\"><img loading=\"lazy\" decoding=\"async\" width=\"150\" height=\"150\" src=\"https:\/\/www.arquimaster.com.ar\/web\/wp-content\/uploads\/2024\/10\/rz_1248_042-150x150.jpg\" class=\"attachment-thumbnail size-thumbnail\" alt=\"Edificio RZ1248 \/ CMS arquitectas\" aria-describedby=\"gallery-1-81141\" \/><\/a>\n\t\t\t<\/div>\n\t\t\t\t<figcaption class='wp-caption-text gallery-caption' id='gallery-1-81141'>\n\t\t\t\tEdificio RZ1248 \/ CMS arquitectas (\u00a9 Ramiro Sosa)\n\t\t\t\t<\/figcaption><\/figure><figure class='gallery-item'>\n\t\t\t<div class='gallery-icon landscape'>\n\t\t\t\t<a href='https:\/\/www.arquimaster.com.ar\/web\/wp-content\/uploads\/2024\/10\/rz_1248_043.jpg' title=\"Edificio RZ1248 \/ CMS arquitectas (\u00a9 Ramiro Sosa)\" data-rl_title=\"Edificio RZ1248 \/ CMS arquitectas (\u00a9 Ramiro Sosa)\" class=\"rl-gallery-link\" data-rl_caption=\"Edificio RZ1248 \/ CMS arquitectas (\u00a9 Ramiro Sosa)\" data-rel=\"lightbox-gallery-1\"><img loading=\"lazy\" decoding=\"async\" width=\"150\" height=\"150\" src=\"https:\/\/www.arquimaster.com.ar\/web\/wp-content\/uploads\/2024\/10\/rz_1248_043-150x150.jpg\" class=\"attachment-thumbnail size-thumbnail\" alt=\"Edificio RZ1248 \/ CMS arquitectas\" aria-describedby=\"gallery-1-81142\" srcset=\"https:\/\/www.arquimaster.com.ar\/web\/wp-content\/uploads\/2024\/10\/rz_1248_043-150x150.jpg 150w, https:\/\/www.arquimaster.com.ar\/web\/wp-content\/uploads\/2024\/10\/rz_1248_043-768x768.jpg 768w, https:\/\/www.arquimaster.com.ar\/web\/wp-content\/uploads\/2024\/10\/rz_1248_043.jpg 1500w\" sizes=\"auto, (max-width: 150px) 100vw, 150px\" \/><\/a>\n\t\t\t<\/div>\n\t\t\t\t<figcaption class='wp-caption-text gallery-caption' id='gallery-1-81142'>\n\t\t\t\tEdificio RZ1248 \/ CMS arquitectas (\u00a9 Ramiro Sosa)\n\t\t\t\t<\/figcaption><\/figure><figure class='gallery-item'>\n\t\t\t<div class='gallery-icon portrait'>\n\t\t\t\t<a href='https:\/\/www.arquimaster.com.ar\/web\/wp-content\/uploads\/2024\/10\/rz_1248_044.jpg' title=\"Edificio RZ1248 \/ CMS arquitectas (implantaci\u00f3n)\" data-rl_title=\"Edificio RZ1248 \/ CMS arquitectas (implantaci\u00f3n)\" class=\"rl-gallery-link\" data-rl_caption=\"Edificio RZ1248 \/ CMS arquitectas (implantaci\u00f3n)\" data-rel=\"lightbox-gallery-1\"><img loading=\"lazy\" decoding=\"async\" width=\"150\" height=\"150\" src=\"https:\/\/www.arquimaster.com.ar\/web\/wp-content\/uploads\/2024\/10\/rz_1248_044-150x150.jpg\" class=\"attachment-thumbnail size-thumbnail\" alt=\"Edificio RZ1248 \/ CMS arquitectas\" aria-describedby=\"gallery-1-81143\" \/><\/a>\n\t\t\t<\/div>\n\t\t\t\t<figcaption class='wp-caption-text gallery-caption' id='gallery-1-81143'>\n\t\t\t\tEdificio RZ1248 \/ CMS arquitectas (implantaci\u00f3n)\n\t\t\t\t<\/figcaption><\/figure><figure class='gallery-item'>\n\t\t\t<div class='gallery-icon landscape'>\n\t\t\t\t<a href='https:\/\/www.arquimaster.com.ar\/web\/wp-content\/uploads\/2024\/10\/rz_1248_045.jpg' title=\"Edificio RZ1248 \/ CMS arquitectas (planta baja)\" data-rl_title=\"Edificio RZ1248 \/ CMS arquitectas (planta baja)\" class=\"rl-gallery-link\" data-rl_caption=\"Edificio RZ1248 \/ CMS arquitectas (planta baja)\" data-rel=\"lightbox-gallery-1\"><img loading=\"lazy\" decoding=\"async\" width=\"150\" height=\"150\" src=\"https:\/\/www.arquimaster.com.ar\/web\/wp-content\/uploads\/2024\/10\/rz_1248_045-150x150.jpg\" class=\"attachment-thumbnail size-thumbnail\" alt=\"Edificio RZ1248 \/ CMS arquitectas\" aria-describedby=\"gallery-1-81144\" \/><\/a>\n\t\t\t<\/div>\n\t\t\t\t<figcaption class='wp-caption-text gallery-caption' id='gallery-1-81144'>\n\t\t\t\tEdificio RZ1248 \/ CMS arquitectas (planta baja)\n\t\t\t\t<\/figcaption><\/figure><figure class='gallery-item'>\n\t\t\t<div class='gallery-icon landscape'>\n\t\t\t\t<a href='https:\/\/www.arquimaster.com.ar\/web\/wp-content\/uploads\/2024\/10\/rz_1248_046.jpg' title=\"Edificio RZ1248 \/ CMS arquitectas (planta 1\u00ba piso)\" data-rl_title=\"Edificio RZ1248 \/ CMS arquitectas (planta 1\u00ba piso)\" class=\"rl-gallery-link\" data-rl_caption=\"Edificio RZ1248 \/ CMS arquitectas (planta 1\u00ba piso)\" data-rel=\"lightbox-gallery-1\"><img loading=\"lazy\" decoding=\"async\" width=\"150\" height=\"150\" src=\"https:\/\/www.arquimaster.com.ar\/web\/wp-content\/uploads\/2024\/10\/rz_1248_046-150x150.jpg\" class=\"attachment-thumbnail size-thumbnail\" alt=\"Edificio RZ1248 \/ CMS arquitectas\" aria-describedby=\"gallery-1-81145\" \/><\/a>\n\t\t\t<\/div>\n\t\t\t\t<figcaption class='wp-caption-text gallery-caption' id='gallery-1-81145'>\n\t\t\t\tEdificio RZ1248 \/ CMS arquitectas (planta 1\u00ba piso)\n\t\t\t\t<\/figcaption><\/figure><figure class='gallery-item'>\n\t\t\t<div class='gallery-icon landscape'>\n\t\t\t\t<a href='https:\/\/www.arquimaster.com.ar\/web\/wp-content\/uploads\/2024\/10\/rz_1248_047.jpg' title=\"Edificio RZ1248 \/ CMS arquitectas (planta 2\u00ba, 3\u00ba, 4\u00ba y 5\u00ba piso)\" data-rl_title=\"Edificio RZ1248 \/ CMS arquitectas (planta 2\u00ba, 3\u00ba, 4\u00ba y 5\u00ba piso)\" class=\"rl-gallery-link\" data-rl_caption=\"Edificio RZ1248 \/ CMS arquitectas (planta 2\u00ba, 3\u00ba, 4\u00ba y 5\u00ba piso)\" data-rel=\"lightbox-gallery-1\"><img loading=\"lazy\" decoding=\"async\" width=\"150\" height=\"150\" src=\"https:\/\/www.arquimaster.com.ar\/web\/wp-content\/uploads\/2024\/10\/rz_1248_047-150x150.jpg\" class=\"attachment-thumbnail size-thumbnail\" alt=\"Edificio RZ1248 \/ CMS arquitectas\" aria-describedby=\"gallery-1-81146\" \/><\/a>\n\t\t\t<\/div>\n\t\t\t\t<figcaption class='wp-caption-text gallery-caption' id='gallery-1-81146'>\n\t\t\t\tEdificio RZ1248 \/ CMS arquitectas (planta 2\u00ba, 3\u00ba, 4\u00ba y 5\u00ba piso)\n\t\t\t\t<\/figcaption><\/figure><figure class='gallery-item'>\n\t\t\t<div class='gallery-icon landscape'>\n\t\t\t\t<a href='https:\/\/www.arquimaster.com.ar\/web\/wp-content\/uploads\/2024\/10\/rz_1248_048.jpg' title=\"Edificio RZ1248 \/ CMS arquitectas (planta 6\u00ba piso)\" data-rl_title=\"Edificio RZ1248 \/ CMS arquitectas (planta 6\u00ba piso)\" class=\"rl-gallery-link\" data-rl_caption=\"Edificio RZ1248 \/ CMS arquitectas (planta 6\u00ba piso)\" data-rel=\"lightbox-gallery-1\"><img loading=\"lazy\" decoding=\"async\" width=\"150\" height=\"150\" src=\"https:\/\/www.arquimaster.com.ar\/web\/wp-content\/uploads\/2024\/10\/rz_1248_048-150x150.jpg\" class=\"attachment-thumbnail size-thumbnail\" alt=\"Edificio RZ1248 \/ CMS arquitectas\" aria-describedby=\"gallery-1-81147\" \/><\/a>\n\t\t\t<\/div>\n\t\t\t\t<figcaption class='wp-caption-text gallery-caption' id='gallery-1-81147'>\n\t\t\t\tEdificio RZ1248 \/ CMS arquitectas (planta 6\u00ba piso)\n\t\t\t\t<\/figcaption><\/figure><figure class='gallery-item'>\n\t\t\t<div class='gallery-icon landscape'>\n\t\t\t\t<a href='https:\/\/www.arquimaster.com.ar\/web\/wp-content\/uploads\/2024\/10\/rz_1248_049.jpg' title=\"Edificio RZ1248 \/ CMS arquitectas (corte longitudinal)\" data-rl_title=\"Edificio RZ1248 \/ CMS arquitectas (corte longitudinal)\" class=\"rl-gallery-link\" data-rl_caption=\"Edificio RZ1248 \/ CMS arquitectas (corte longitudinal)\" data-rel=\"lightbox-gallery-1\"><img loading=\"lazy\" decoding=\"async\" width=\"150\" height=\"150\" src=\"https:\/\/www.arquimaster.com.ar\/web\/wp-content\/uploads\/2024\/10\/rz_1248_049-150x150.jpg\" class=\"attachment-thumbnail size-thumbnail\" alt=\"Edificio RZ1248 \/ CMS arquitectas\" aria-describedby=\"gallery-1-81148\" \/><\/a>\n\t\t\t<\/div>\n\t\t\t\t<figcaption class='wp-caption-text gallery-caption' id='gallery-1-81148'>\n\t\t\t\tEdificio RZ1248 \/ CMS arquitectas (corte longitudinal)\n\t\t\t\t<\/figcaption><\/figure><figure class='gallery-item'>\n\t\t\t<div class='gallery-icon landscape'>\n\t\t\t\t<a href='https:\/\/www.arquimaster.com.ar\/web\/wp-content\/uploads\/2024\/10\/rz_1248_050.jpg' title=\"Edificio RZ1248 \/ CMS arquitectas (cortes transversales y vista)\" data-rl_title=\"Edificio RZ1248 \/ CMS arquitectas (cortes transversales y vista)\" class=\"rl-gallery-link\" data-rl_caption=\"Edificio RZ1248 \/ CMS arquitectas (cortes transversales y vista)\" data-rel=\"lightbox-gallery-1\"><img loading=\"lazy\" decoding=\"async\" width=\"150\" height=\"150\" src=\"https:\/\/www.arquimaster.com.ar\/web\/wp-content\/uploads\/2024\/10\/rz_1248_050-150x150.jpg\" class=\"attachment-thumbnail size-thumbnail\" alt=\"Edificio RZ1248 \/ CMS arquitectas\" aria-describedby=\"gallery-1-81149\" \/><\/a>\n\t\t\t<\/div>\n\t\t\t\t<figcaption class='wp-caption-text gallery-caption' id='gallery-1-81149'>\n\t\t\t\tEdificio RZ1248 \/ CMS arquitectas (cortes transversales y vista)\n\t\t\t\t<\/figcaption><\/figure><figure class='gallery-item'>\n\t\t\t<div class='gallery-icon landscape'>\n\t\t\t\t<a href='https:\/\/www.arquimaster.com.ar\/web\/wp-content\/uploads\/2024\/10\/rz_1248_051.jpg' title=\"Edificio RZ1248 \/ CMS arquitectas (axonometria)\" data-rl_title=\"Edificio RZ1248 \/ CMS arquitectas (axonometria)\" class=\"rl-gallery-link\" data-rl_caption=\"Edificio RZ1248 \/ CMS arquitectas (axonometria)\" data-rel=\"lightbox-gallery-1\"><img loading=\"lazy\" decoding=\"async\" width=\"150\" height=\"150\" src=\"https:\/\/www.arquimaster.com.ar\/web\/wp-content\/uploads\/2024\/10\/rz_1248_051-150x150.jpg\" class=\"attachment-thumbnail size-thumbnail\" alt=\"Edificio RZ1248 \/ CMS arquitectas\" aria-describedby=\"gallery-1-81150\" \/><\/a>\n\t\t\t<\/div>\n\t\t\t\t<figcaption class='wp-caption-text gallery-caption' id='gallery-1-81150'>\n\t\t\t\tEdificio RZ1248 \/ CMS arquitectas (axonometria)\n\t\t\t\t<\/figcaption><\/figure>\n\t\t<\/div>\n\n<p>En este proyecto se incorpora un nuevo concepto de barandas, que le da identidad a las fachadas. Se materializan con un espesor para contener macetas con vegetaci\u00f3n que cuelgue, que trepe o que invada. La inclusi\u00f3n de vegetaci\u00f3n -tanto en balcones, como en patios y azoteas- le aporta al edificio un valor agregado, al integrar el concepto de \u00abservicios ecosist\u00e9micos\u00bb en las interrelaciones sustentables edificio-ciudad.<\/p>\n<p>Las unidades de departamentos son amplias, luminosas y cuentan con ventilaci\u00f3n cruzada. En la intenci\u00f3n de aportarle superficie semi-cubierta generosa a cada departamento y ante la limitante de la normativa municipal vigente en cuanto a la profundidad de los balcones; la estrategia fue dividir la superficie en dos balcones, pero sin resignarla: uno principal como continuaci\u00f3n de las salas de estar-comedor; y otro de servicio, como continuidad del \u00e1rea de cocinar para alojar lavadero y tender.<\/p>\n<p>Los departamentos de este proyecto presentan el 20% de su superficie exclusiva destinada a espacio semi-cubierto. La planta baja es libre y abierta, con ingreso peatonal y vehicular, circulaciones, guardado de bicicletas, lockers y espacios verdes intercalados entre s\u00ed. En azotea, se ubican las amenidades de uso com\u00fan del edificio como quincho con parrillero y sol\u00e1rium con pileta.<\/p>\n<p>En definitiva, el proyecto arquitect\u00f3nico de este edificio fue conceptualmente pensado como \u00abespacios para el disfrute\u00bb: generosos, abiertos y luminosos; que invitan a quedarse y aportan al bienestar de sus habitantes.<\/p>\n\n\n<div style=\"height:20px\" aria-hidden=\"true\" class=\"wp-block-spacer\"><\/div>\n\n\n\n<p class=\"has-background\" style=\"background-color:#eaeaea\"><strong>Ficha t\u00e9cnica<\/strong><br>Nombre: Edificio RZ1248<br>Ubicaci\u00f3n: Rodr\u00edguez 1248, Rosario, Pcia. de Santa Fe, Argentina<br>Proyecto y direcci\u00f3n de obra: CMS arquitectas (Chiatello Diana, Matiasevich Paula y Melina Spinetta arquitectas)<br>Jefa de obra: Arq. Mariela Echecury<br>Equipo: Arq. Valeria Mecchia, Arq. Victoria Figueroa, Arq. Lucrecia Rossi, Arq. Camila Barrera, David Pippa, Camila Cividini<br>Desarrollo: CMS arquitectas y Pelle &amp; Asociados<br>Administraci\u00f3n Fideicomiso: Pelle &amp; Asociados<br>C\u00e1lculo y conducci\u00f3n de obra de estructura: Graphstudio Argentina &#8211; Divisi\u00f3n Ingenier\u00eda<br>Tipo: Edificio de viviendas en propiedad horizontal<br>Superficie a construir: 2795 m2<br>A\u00f1os de construcci\u00f3n: 2019-2023<br>Fotograf\u00edas: Ramiro Sosa<br>Sitio web: https:\/\/cmsarquitectas.com<br>Instagram: @cms.arquitectas<\/p>\n\n\n\n<div style=\"height:40px\" aria-hidden=\"true\" class=\"wp-block-spacer\"><\/div>\n\n\n<p><strong><em>English version<\/em><\/strong><\/p>\n<p><em>Building RZ1248 is located in a residential area of Rosario with tree-lined streets, a few blocks from Parque Independencia and Bv. Oro\u00f1o. The project consists of two volumes of apartments, with patios, green terraces and double balconies interspersed between them. At the back of the land, three levels of garages, which multiply on their green terrace what they occupy in surface area.<\/em><\/p>\n<p><em>This project incorporates a new concept of railings, which gives identity to the facades. They are materialized with a thickness to contain pots with hanging, climbing or encroaching vegetation. The inclusion of vegetation -both on balconies, patios and rooftops- provides the building with added value, by integrating the concept of \u00abecosystem services\u00bb in the sustainable building-city interrelations.<\/em><\/p>\n<p><em>The apartment units are spacious, bright and have cross ventilation. In the intention of providing generous semi-covered surface area to each apartment and given the limitation of current town regulations regarding the depth of the balconies, the strategy was to divide the surface into two balconies, but without lose them: a main one as a continuation of the living-dining rooms; and another for service, as continuity of the cooking area to house the laundry and clothes.<\/em><\/p>\n<p><em>The apartments in this project have 20% of their exclusive surface area destined for semi-covered space. The ground floor is free and open, with pedestrian and vehicular entrance, circulation, bicycle storage, lockers and green spaces interspersed with each other. On the roof, the building&#8217;s common use amenities are located, such as a barbecue area with a barbecue and a solarium with a pool.<\/em><\/p>\n<p><em>In short, the architectural project of this building was conceptually conceived as \u00abspaces for enjoyment\u00bb: generous, open and bright; that invite you to stay and contribute to the well-being of its inhabitants.<\/em><\/p>\n<div style=\"font-size: 0px; height: 0px; line-height: 0px; margin: 0; padding: 0; clear: both;\"><\/div><div style=\"margin-top: 0px; margin-bottom: 0px;\" class=\"sharethis-inline-share-buttons\" ><\/div>","protected":false},"excerpt":{"rendered":"<p>Dos vol\u00famenes de departamentos, con patios, terrazas verdes y dobles balcones intercalados&#8230;<\/p>\n","protected":false},"author":1,"featured_media":81099,"comment_status":"closed","ping_status":"closed","sticky":false,"template":"","format":"standard","meta":{"_uag_custom_page_level_css":"","footnotes":""},"categories":[80,1],"tags":[14,4282,8011,8013,87,8014,8012,5453,468,29,91],"class_list":["post-81098","post","type-post","status-publish","format-standard","has-post-thumbnail","hentry","category-edificio-viviendas","category-proyecto","tag-argentina","tag-arquitectura-residencial","tag-cms-arquitectas","tag-diana-chiatello","tag-edificio-de-viviendas","tag-melina-spinetta","tag-paula-matiasevich","tag-propiedad-horizontal","tag-rosario","tag-santa-fe","tag-vivienda-multifamiliar","generate-columns","tablet-grid-50","mobile-grid-100","grid-parent","grid-50"],"yoast_head":"<!-- This site is optimized with the Yoast SEO plugin v27.3 - https:\/\/yoast.com\/product\/yoast-seo-wordpress\/ -->\n<title>Edificio RZ1248 \/ CMS arquitectas - Arquimaster<\/title>\n<meta name=\"description\" content=\"El proyecto consiste en dos vol\u00famenes de departamentos, con patios, terrazas verdes y dobles balcones intercalados entre ellos.\" \/>\n<meta name=\"robots\" content=\"index, follow, max-snippet:-1, max-image-preview:large, max-video-preview:-1\" \/>\n<link rel=\"canonical\" href=\"https:\/\/www.arquimaster.com.ar\/web\/edificio-rz1248-cms-arquitectas\/\" \/>\n<meta property=\"og:locale\" content=\"es_ES\" \/>\n<meta property=\"og:type\" content=\"article\" \/>\n<meta property=\"og:title\" content=\"Edificio RZ1248 \/ CMS arquitectas\" \/>\n<meta property=\"og:description\" content=\"El proyecto consiste en dos vol\u00famenes de departamentos, con patios, terrazas verdes y dobles balcones intercalados entre ellos.\" \/>\n<meta property=\"og:url\" content=\"https:\/\/www.arquimaster.com.ar\/web\/edificio-rz1248-cms-arquitectas\/\" \/>\n<meta property=\"og:site_name\" content=\"Arquimaster\" \/>\n<meta property=\"article:publisher\" content=\"http:\/\/www.facebook.com\/ARQUIMASTER.com.ar\" \/>\n<meta property=\"article:published_time\" content=\"2024-10-03T17:21:56+00:00\" \/>\n<meta property=\"article:modified_time\" content=\"2025-07-24T23:15:56+00:00\" \/>\n<meta property=\"og:image\" content=\"https:\/\/www.arquimaster.com.ar\/web\/wp-content\/uploads\/2024\/10\/rz_1248_slide.jpg\" \/>\n\t<meta property=\"og:image:width\" content=\"698\" \/>\n\t<meta property=\"og:image:height\" content=\"364\" \/>\n\t<meta property=\"og:image:type\" content=\"image\/jpeg\" \/>\n<meta name=\"author\" content=\"Arquimaster\" \/>\n<meta name=\"twitter:card\" content=\"summary_large_image\" \/>\n<meta name=\"twitter:title\" content=\"Edificio RZ1248 \/ CMS arquitectas\" \/>\n<meta name=\"twitter:description\" content=\"El proyecto consiste en dos vol\u00famenes de departamentos, con patios, terrazas verdes y dobles balcones intercalados entre ellos.\" \/>\n<meta name=\"twitter:image\" content=\"https:\/\/www.arquimaster.com.ar\/web\/wp-content\/uploads\/2024\/10\/rz_1248_slide.jpg\" \/>\n<meta name=\"twitter:creator\" content=\"@arquimaster\" \/>\n<meta name=\"twitter:site\" content=\"@arquimaster\" \/>\n<meta name=\"twitter:label1\" content=\"Escrito por\" \/>\n\t<meta name=\"twitter:data1\" content=\"Arquimaster\" \/>\n\t<meta name=\"twitter:label2\" content=\"Tiempo de lectura\" \/>\n\t<meta name=\"twitter:data2\" content=\"4 minutos\" \/>\n<script type=\"application\/ld+json\" class=\"yoast-schema-graph\">{\"@context\":\"https:\\\/\\\/schema.org\",\"@graph\":[{\"@type\":\"Article\",\"@id\":\"https:\\\/\\\/www.arquimaster.com.ar\\\/web\\\/edificio-rz1248-cms-arquitectas\\\/#article\",\"isPartOf\":{\"@id\":\"https:\\\/\\\/www.arquimaster.com.ar\\\/web\\\/edificio-rz1248-cms-arquitectas\\\/\"},\"author\":{\"name\":\"Arquimaster\",\"@id\":\"https:\\\/\\\/www.arquimaster.com.ar\\\/web\\\/#\\\/schema\\\/person\\\/359e9f7c00193fcde068e0dd2ceb0028\"},\"headline\":\"Edificio RZ1248 \\\/ CMS arquitectas\",\"datePublished\":\"2024-10-03T17:21:56+00:00\",\"dateModified\":\"2025-07-24T23:15:56+00:00\",\"mainEntityOfPage\":{\"@id\":\"https:\\\/\\\/www.arquimaster.com.ar\\\/web\\\/edificio-rz1248-cms-arquitectas\\\/\"},\"wordCount\":718,\"publisher\":{\"@id\":\"https:\\\/\\\/www.arquimaster.com.ar\\\/web\\\/#organization\"},\"image\":{\"@id\":\"https:\\\/\\\/www.arquimaster.com.ar\\\/web\\\/edificio-rz1248-cms-arquitectas\\\/#primaryimage\"},\"thumbnailUrl\":\"https:\\\/\\\/www.arquimaster.com.ar\\\/web\\\/wp-content\\\/uploads\\\/2024\\\/10\\\/rz_1248_slide.jpg\",\"keywords\":[\"Argentina\",\"arquitectura residencial\",\"CMS arquitectas\",\"Diana Chiatello\",\"edificio de viviendas\",\"Melina Spinetta\",\"Paula Matiasevich\",\"propiedad horizontal\",\"Rosario\",\"Santa Fe\",\"vivienda multifamiliar\"],\"articleSection\":[\"Edificios de viviendas\",\"Proyecto\"],\"inLanguage\":\"es\"},{\"@type\":\"WebPage\",\"@id\":\"https:\\\/\\\/www.arquimaster.com.ar\\\/web\\\/edificio-rz1248-cms-arquitectas\\\/\",\"url\":\"https:\\\/\\\/www.arquimaster.com.ar\\\/web\\\/edificio-rz1248-cms-arquitectas\\\/\",\"name\":\"Edificio RZ1248 \\\/ CMS arquitectas - Arquimaster\",\"isPartOf\":{\"@id\":\"https:\\\/\\\/www.arquimaster.com.ar\\\/web\\\/#website\"},\"primaryImageOfPage\":{\"@id\":\"https:\\\/\\\/www.arquimaster.com.ar\\\/web\\\/edificio-rz1248-cms-arquitectas\\\/#primaryimage\"},\"image\":{\"@id\":\"https:\\\/\\\/www.arquimaster.com.ar\\\/web\\\/edificio-rz1248-cms-arquitectas\\\/#primaryimage\"},\"thumbnailUrl\":\"https:\\\/\\\/www.arquimaster.com.ar\\\/web\\\/wp-content\\\/uploads\\\/2024\\\/10\\\/rz_1248_slide.jpg\",\"datePublished\":\"2024-10-03T17:21:56+00:00\",\"dateModified\":\"2025-07-24T23:15:56+00:00\",\"description\":\"El proyecto consiste en dos vol\u00famenes de departamentos, con patios, terrazas verdes y dobles balcones intercalados entre ellos.\",\"breadcrumb\":{\"@id\":\"https:\\\/\\\/www.arquimaster.com.ar\\\/web\\\/edificio-rz1248-cms-arquitectas\\\/#breadcrumb\"},\"inLanguage\":\"es\",\"potentialAction\":[{\"@type\":\"ReadAction\",\"target\":[\"https:\\\/\\\/www.arquimaster.com.ar\\\/web\\\/edificio-rz1248-cms-arquitectas\\\/\"]}]},{\"@type\":\"ImageObject\",\"inLanguage\":\"es\",\"@id\":\"https:\\\/\\\/www.arquimaster.com.ar\\\/web\\\/edificio-rz1248-cms-arquitectas\\\/#primaryimage\",\"url\":\"https:\\\/\\\/www.arquimaster.com.ar\\\/web\\\/wp-content\\\/uploads\\\/2024\\\/10\\\/rz_1248_slide.jpg\",\"contentUrl\":\"https:\\\/\\\/www.arquimaster.com.ar\\\/web\\\/wp-content\\\/uploads\\\/2024\\\/10\\\/rz_1248_slide.jpg\",\"width\":698,\"height\":364,\"caption\":\"Edificio RZ1248 \\\/ CMS arquitectas\"},{\"@type\":\"BreadcrumbList\",\"@id\":\"https:\\\/\\\/www.arquimaster.com.ar\\\/web\\\/edificio-rz1248-cms-arquitectas\\\/#breadcrumb\",\"itemListElement\":[{\"@type\":\"ListItem\",\"position\":1,\"name\":\"Portada\",\"item\":\"https:\\\/\\\/www.arquimaster.com.ar\\\/web\\\/\"},{\"@type\":\"ListItem\",\"position\":2,\"name\":\"Edificio RZ1248 \\\/ CMS arquitectas\"}]},{\"@type\":\"WebSite\",\"@id\":\"https:\\\/\\\/www.arquimaster.com.ar\\\/web\\\/#website\",\"url\":\"https:\\\/\\\/www.arquimaster.com.ar\\\/web\\\/\",\"name\":\"Arquimaster\",\"description\":\"Web de arquitectura, dise\u00f1o y construccion\",\"publisher\":{\"@id\":\"https:\\\/\\\/www.arquimaster.com.ar\\\/web\\\/#organization\"},\"potentialAction\":[{\"@type\":\"SearchAction\",\"target\":{\"@type\":\"EntryPoint\",\"urlTemplate\":\"https:\\\/\\\/www.arquimaster.com.ar\\\/web\\\/?s={search_term_string}\"},\"query-input\":{\"@type\":\"PropertyValueSpecification\",\"valueRequired\":true,\"valueName\":\"search_term_string\"}}],\"inLanguage\":\"es\"},{\"@type\":\"Organization\",\"@id\":\"https:\\\/\\\/www.arquimaster.com.ar\\\/web\\\/#organization\",\"name\":\"Arquimaster\",\"url\":\"https:\\\/\\\/www.arquimaster.com.ar\\\/web\\\/\",\"logo\":{\"@type\":\"ImageObject\",\"inLanguage\":\"es\",\"@id\":\"https:\\\/\\\/www.arquimaster.com.ar\\\/web\\\/#\\\/schema\\\/logo\\\/image\\\/\",\"url\":\"https:\\\/\\\/www.arquimaster.com.ar\\\/web\\\/wp-content\\\/uploads\\\/2022\\\/06\\\/arquimaster.png\",\"contentUrl\":\"https:\\\/\\\/www.arquimaster.com.ar\\\/web\\\/wp-content\\\/uploads\\\/2022\\\/06\\\/arquimaster.png\",\"width\":594,\"height\":78,\"caption\":\"Arquimaster\"},\"image\":{\"@id\":\"https:\\\/\\\/www.arquimaster.com.ar\\\/web\\\/#\\\/schema\\\/logo\\\/image\\\/\"},\"sameAs\":[\"http:\\\/\\\/www.facebook.com\\\/ARQUIMASTER.com.ar\",\"https:\\\/\\\/x.com\\\/arquimaster\",\"https:\\\/\\\/www.instagram.com\\\/arquimasterblog\\\/\",\"https:\\\/\\\/www.linkedin.com\\\/company\\\/arquimaster\",\"https:\\\/\\\/www.pinterest.com\\\/arquimaster\",\"https:\\\/\\\/t.me\\\/arquimaster\"]},{\"@type\":\"Person\",\"@id\":\"https:\\\/\\\/www.arquimaster.com.ar\\\/web\\\/#\\\/schema\\\/person\\\/359e9f7c00193fcde068e0dd2ceb0028\",\"name\":\"Arquimaster\"}]}<\/script>\n<!-- \/ Yoast SEO plugin. -->","yoast_head_json":{"title":"Edificio RZ1248 \/ CMS arquitectas - Arquimaster","description":"El proyecto consiste en dos vol\u00famenes de departamentos, con patios, terrazas verdes y dobles balcones intercalados entre ellos.","robots":{"index":"index","follow":"follow","max-snippet":"max-snippet:-1","max-image-preview":"max-image-preview:large","max-video-preview":"max-video-preview:-1"},"canonical":"https:\/\/www.arquimaster.com.ar\/web\/edificio-rz1248-cms-arquitectas\/","og_locale":"es_ES","og_type":"article","og_title":"Edificio RZ1248 \/ CMS arquitectas","og_description":"El proyecto consiste en dos vol\u00famenes de departamentos, con patios, terrazas verdes y dobles balcones intercalados entre ellos.","og_url":"https:\/\/www.arquimaster.com.ar\/web\/edificio-rz1248-cms-arquitectas\/","og_site_name":"Arquimaster","article_publisher":"http:\/\/www.facebook.com\/ARQUIMASTER.com.ar","article_published_time":"2024-10-03T17:21:56+00:00","article_modified_time":"2025-07-24T23:15:56+00:00","og_image":[{"width":698,"height":364,"url":"https:\/\/www.arquimaster.com.ar\/web\/wp-content\/uploads\/2024\/10\/rz_1248_slide.jpg","type":"image\/jpeg"}],"author":"Arquimaster","twitter_card":"summary_large_image","twitter_title":"Edificio RZ1248 \/ CMS arquitectas","twitter_description":"El proyecto consiste en dos vol\u00famenes de departamentos, con patios, terrazas verdes y dobles balcones intercalados entre ellos.","twitter_image":"https:\/\/www.arquimaster.com.ar\/web\/wp-content\/uploads\/2024\/10\/rz_1248_slide.jpg","twitter_creator":"@arquimaster","twitter_site":"@arquimaster","twitter_misc":{"Escrito por":"Arquimaster","Tiempo de lectura":"4 minutos"},"schema":{"@context":"https:\/\/schema.org","@graph":[{"@type":"Article","@id":"https:\/\/www.arquimaster.com.ar\/web\/edificio-rz1248-cms-arquitectas\/#article","isPartOf":{"@id":"https:\/\/www.arquimaster.com.ar\/web\/edificio-rz1248-cms-arquitectas\/"},"author":{"name":"Arquimaster","@id":"https:\/\/www.arquimaster.com.ar\/web\/#\/schema\/person\/359e9f7c00193fcde068e0dd2ceb0028"},"headline":"Edificio RZ1248 \/ CMS arquitectas","datePublished":"2024-10-03T17:21:56+00:00","dateModified":"2025-07-24T23:15:56+00:00","mainEntityOfPage":{"@id":"https:\/\/www.arquimaster.com.ar\/web\/edificio-rz1248-cms-arquitectas\/"},"wordCount":718,"publisher":{"@id":"https:\/\/www.arquimaster.com.ar\/web\/#organization"},"image":{"@id":"https:\/\/www.arquimaster.com.ar\/web\/edificio-rz1248-cms-arquitectas\/#primaryimage"},"thumbnailUrl":"https:\/\/www.arquimaster.com.ar\/web\/wp-content\/uploads\/2024\/10\/rz_1248_slide.jpg","keywords":["Argentina","arquitectura residencial","CMS arquitectas","Diana Chiatello","edificio de viviendas","Melina Spinetta","Paula Matiasevich","propiedad horizontal","Rosario","Santa Fe","vivienda multifamiliar"],"articleSection":["Edificios de viviendas","Proyecto"],"inLanguage":"es"},{"@type":"WebPage","@id":"https:\/\/www.arquimaster.com.ar\/web\/edificio-rz1248-cms-arquitectas\/","url":"https:\/\/www.arquimaster.com.ar\/web\/edificio-rz1248-cms-arquitectas\/","name":"Edificio RZ1248 \/ CMS arquitectas - Arquimaster","isPartOf":{"@id":"https:\/\/www.arquimaster.com.ar\/web\/#website"},"primaryImageOfPage":{"@id":"https:\/\/www.arquimaster.com.ar\/web\/edificio-rz1248-cms-arquitectas\/#primaryimage"},"image":{"@id":"https:\/\/www.arquimaster.com.ar\/web\/edificio-rz1248-cms-arquitectas\/#primaryimage"},"thumbnailUrl":"https:\/\/www.arquimaster.com.ar\/web\/wp-content\/uploads\/2024\/10\/rz_1248_slide.jpg","datePublished":"2024-10-03T17:21:56+00:00","dateModified":"2025-07-24T23:15:56+00:00","description":"El proyecto consiste en dos vol\u00famenes de departamentos, con patios, terrazas verdes y dobles balcones intercalados entre ellos.","breadcrumb":{"@id":"https:\/\/www.arquimaster.com.ar\/web\/edificio-rz1248-cms-arquitectas\/#breadcrumb"},"inLanguage":"es","potentialAction":[{"@type":"ReadAction","target":["https:\/\/www.arquimaster.com.ar\/web\/edificio-rz1248-cms-arquitectas\/"]}]},{"@type":"ImageObject","inLanguage":"es","@id":"https:\/\/www.arquimaster.com.ar\/web\/edificio-rz1248-cms-arquitectas\/#primaryimage","url":"https:\/\/www.arquimaster.com.ar\/web\/wp-content\/uploads\/2024\/10\/rz_1248_slide.jpg","contentUrl":"https:\/\/www.arquimaster.com.ar\/web\/wp-content\/uploads\/2024\/10\/rz_1248_slide.jpg","width":698,"height":364,"caption":"Edificio RZ1248 \/ CMS arquitectas"},{"@type":"BreadcrumbList","@id":"https:\/\/www.arquimaster.com.ar\/web\/edificio-rz1248-cms-arquitectas\/#breadcrumb","itemListElement":[{"@type":"ListItem","position":1,"name":"Portada","item":"https:\/\/www.arquimaster.com.ar\/web\/"},{"@type":"ListItem","position":2,"name":"Edificio RZ1248 \/ CMS arquitectas"}]},{"@type":"WebSite","@id":"https:\/\/www.arquimaster.com.ar\/web\/#website","url":"https:\/\/www.arquimaster.com.ar\/web\/","name":"Arquimaster","description":"Web de arquitectura, dise\u00f1o y construccion","publisher":{"@id":"https:\/\/www.arquimaster.com.ar\/web\/#organization"},"potentialAction":[{"@type":"SearchAction","target":{"@type":"EntryPoint","urlTemplate":"https:\/\/www.arquimaster.com.ar\/web\/?s={search_term_string}"},"query-input":{"@type":"PropertyValueSpecification","valueRequired":true,"valueName":"search_term_string"}}],"inLanguage":"es"},{"@type":"Organization","@id":"https:\/\/www.arquimaster.com.ar\/web\/#organization","name":"Arquimaster","url":"https:\/\/www.arquimaster.com.ar\/web\/","logo":{"@type":"ImageObject","inLanguage":"es","@id":"https:\/\/www.arquimaster.com.ar\/web\/#\/schema\/logo\/image\/","url":"https:\/\/www.arquimaster.com.ar\/web\/wp-content\/uploads\/2022\/06\/arquimaster.png","contentUrl":"https:\/\/www.arquimaster.com.ar\/web\/wp-content\/uploads\/2022\/06\/arquimaster.png","width":594,"height":78,"caption":"Arquimaster"},"image":{"@id":"https:\/\/www.arquimaster.com.ar\/web\/#\/schema\/logo\/image\/"},"sameAs":["http:\/\/www.facebook.com\/ARQUIMASTER.com.ar","https:\/\/x.com\/arquimaster","https:\/\/www.instagram.com\/arquimasterblog\/","https:\/\/www.linkedin.com\/company\/arquimaster","https:\/\/www.pinterest.com\/arquimaster","https:\/\/t.me\/arquimaster"]},{"@type":"Person","@id":"https:\/\/www.arquimaster.com.ar\/web\/#\/schema\/person\/359e9f7c00193fcde068e0dd2ceb0028","name":"Arquimaster"}]}},"uagb_featured_image_src":{"full":["https:\/\/www.arquimaster.com.ar\/web\/wp-content\/uploads\/2024\/10\/rz_1248_slide.jpg",698,364,false],"thumbnail":["https:\/\/www.arquimaster.com.ar\/web\/wp-content\/uploads\/2024\/10\/rz_1248_slide-150x150.jpg",150,150,true],"medium":["https:\/\/www.arquimaster.com.ar\/web\/wp-content\/uploads\/2024\/10\/rz_1248_slide.jpg",698,364,false],"medium_large":["https:\/\/www.arquimaster.com.ar\/web\/wp-content\/uploads\/2024\/10\/rz_1248_slide.jpg",698,364,false],"large":["https:\/\/www.arquimaster.com.ar\/web\/wp-content\/uploads\/2024\/10\/rz_1248_slide.jpg",698,364,false],"1536x1536":["https:\/\/www.arquimaster.com.ar\/web\/wp-content\/uploads\/2024\/10\/rz_1248_slide.jpg",698,364,false],"2048x2048":["https:\/\/www.arquimaster.com.ar\/web\/wp-content\/uploads\/2024\/10\/rz_1248_slide.jpg",698,364,false]},"uagb_author_info":{"display_name":"Arquimaster","author_link":"https:\/\/www.arquimaster.com.ar\/web\/author\/arquimaster\/"},"uagb_comment_info":0,"uagb_excerpt":"Dos vol\u00famenes de departamentos, con patios, terrazas verdes y dobles balcones intercalados...","_links":{"self":[{"href":"https:\/\/www.arquimaster.com.ar\/web\/wp-json\/wp\/v2\/posts\/81098","targetHints":{"allow":["GET"]}}],"collection":[{"href":"https:\/\/www.arquimaster.com.ar\/web\/wp-json\/wp\/v2\/posts"}],"about":[{"href":"https:\/\/www.arquimaster.com.ar\/web\/wp-json\/wp\/v2\/types\/post"}],"author":[{"embeddable":true,"href":"https:\/\/www.arquimaster.com.ar\/web\/wp-json\/wp\/v2\/users\/1"}],"replies":[{"embeddable":true,"href":"https:\/\/www.arquimaster.com.ar\/web\/wp-json\/wp\/v2\/comments?post=81098"}],"version-history":[{"count":3,"href":"https:\/\/www.arquimaster.com.ar\/web\/wp-json\/wp\/v2\/posts\/81098\/revisions"}],"predecessor-version":[{"id":85123,"href":"https:\/\/www.arquimaster.com.ar\/web\/wp-json\/wp\/v2\/posts\/81098\/revisions\/85123"}],"wp:featuredmedia":[{"embeddable":true,"href":"https:\/\/www.arquimaster.com.ar\/web\/wp-json\/wp\/v2\/media\/81099"}],"wp:attachment":[{"href":"https:\/\/www.arquimaster.com.ar\/web\/wp-json\/wp\/v2\/media?parent=81098"}],"wp:term":[{"taxonomy":"category","embeddable":true,"href":"https:\/\/www.arquimaster.com.ar\/web\/wp-json\/wp\/v2\/categories?post=81098"},{"taxonomy":"post_tag","embeddable":true,"href":"https:\/\/www.arquimaster.com.ar\/web\/wp-json\/wp\/v2\/tags?post=81098"}],"curies":[{"name":"wp","href":"https:\/\/api.w.org\/{rel}","templated":true}]}}