{"id":81152,"date":"2024-10-03T14:26:53","date_gmt":"2024-10-03T17:26:53","guid":{"rendered":"https:\/\/www.arquimaster.com.ar\/web\/?p=81152"},"modified":"2025-07-24T20:14:32","modified_gmt":"2025-07-24T23:14:32","slug":"casa-coral-alta-arquitectura","status":"publish","type":"post","link":"https:\/\/www.arquimaster.com.ar\/web\/casa-coral-alta-arquitectura\/","title":{"rendered":"Casa Coral \/ Alta Arquitectura"},"content":{"rendered":"<div style=\"margin-top: 0px; margin-bottom: 0px;\" class=\"sharethis-inline-share-buttons\" ><\/div><div class=\"b812932af2e751442846f039925109de\" data-index=\"1\" style=\"float: none; margin:25px 0 25px 0; text-align:center;\">\n<script async src=\"https:\/\/pagead2.googlesyndication.com\/pagead\/js\/adsbygoogle.js\"><\/script>\r\n<!-- Arquimaster (superior) -->\r\n<ins class=\"adsbygoogle\"\r\n     style=\"display:block\"\r\n     data-ad-client=\"ca-pub-6351072698456832\"\r\n     data-ad-slot=\"6455489680\"\r\n     data-ad-format=\"auto\"\r\n     data-full-width-responsive=\"true\"><\/ins>\r\n<script>\r\n     (adsbygoogle = window.adsbygoogle || []).push({});\r\n<\/script>\n<\/div>\n<p><strong>Casa Coral<\/strong> (Alvarado, Veracruz, M\u00e9xico) por <strong>Alta Arquitectura<\/strong>. Casa Coral habla de un juego de sensaciones a trav\u00e9s de sus elementos, el exterior otorga una forma solida que evoca protecci\u00f3n y privacidad, con la calidez de sus materiales: chukum, m\u00e1rmol, piedra, concreto y madera, invitando a descubrir su interior.<\/p>\n<div id='gallery-1' class='gallery galleryid-81152 gallery-columns-3 gallery-size-thumbnail'><figure class='gallery-item'>\n\t\t\t<div class='gallery-icon landscape'>\n\t\t\t\t<a href='https:\/\/www.arquimaster.com.ar\/web\/wp-content\/uploads\/2024\/10\/casa_coral_1.jpg' title=\"Casa Coral \/ Alta Arquitectura (\u00a9 Luis Gordoa)\" data-rl_title=\"Casa Coral \/ Alta Arquitectura (\u00a9 Luis Gordoa)\" class=\"rl-gallery-link\" data-rl_caption=\"Casa Coral \/ Alta Arquitectura (\u00a9 Luis Gordoa)\" data-rel=\"lightbox-gallery-1\"><img loading=\"lazy\" decoding=\"async\" width=\"150\" height=\"150\" src=\"https:\/\/www.arquimaster.com.ar\/web\/wp-content\/uploads\/2024\/10\/casa_coral_1-150x150.jpg\" class=\"attachment-thumbnail size-thumbnail\" alt=\"Casa Coral \/ Alta Arquitectura\" aria-describedby=\"gallery-1-81154\" \/><\/a>\n\t\t\t<\/div>\n\t\t\t\t<figcaption class='wp-caption-text gallery-caption' id='gallery-1-81154'>\n\t\t\t\tCasa Coral \/ Alta Arquitectura (\u00a9 Luis Gordoa)\n\t\t\t\t<\/figcaption><\/figure><figure class='gallery-item'>\n\t\t\t<div class='gallery-icon landscape'>\n\t\t\t\t<a href='https:\/\/www.arquimaster.com.ar\/web\/wp-content\/uploads\/2024\/10\/casa_coral_2.jpg' title=\"Casa Coral \/ Alta Arquitectura (\u00a9 Luis Gordoa)\" data-rl_title=\"Casa Coral \/ Alta Arquitectura (\u00a9 Luis Gordoa)\" class=\"rl-gallery-link\" data-rl_caption=\"Casa Coral \/ Alta Arquitectura (\u00a9 Luis Gordoa)\" data-rel=\"lightbox-gallery-1\"><img loading=\"lazy\" decoding=\"async\" width=\"150\" height=\"150\" src=\"https:\/\/www.arquimaster.com.ar\/web\/wp-content\/uploads\/2024\/10\/casa_coral_2-150x150.jpg\" class=\"attachment-thumbnail size-thumbnail\" alt=\"Casa Coral \/ Alta Arquitectura\" aria-describedby=\"gallery-1-81155\" \/><\/a>\n\t\t\t<\/div>\n\t\t\t\t<figcaption class='wp-caption-text gallery-caption' id='gallery-1-81155'>\n\t\t\t\tCasa Coral \/ Alta Arquitectura (\u00a9 Luis Gordoa)\n\t\t\t\t<\/figcaption><\/figure><figure class='gallery-item'>\n\t\t\t<div class='gallery-icon landscape'>\n\t\t\t\t<a href='https:\/\/www.arquimaster.com.ar\/web\/wp-content\/uploads\/2024\/10\/casa_coral_3.jpg' title=\"Casa Coral \/ Alta Arquitectura (\u00a9 Luis Gordoa)\" data-rl_title=\"Casa Coral \/ Alta Arquitectura (\u00a9 Luis Gordoa)\" class=\"rl-gallery-link\" data-rl_caption=\"Casa Coral \/ Alta Arquitectura (\u00a9 Luis Gordoa)\" data-rel=\"lightbox-gallery-1\"><img loading=\"lazy\" decoding=\"async\" width=\"150\" height=\"150\" src=\"https:\/\/www.arquimaster.com.ar\/web\/wp-content\/uploads\/2024\/10\/casa_coral_3-150x150.jpg\" class=\"attachment-thumbnail size-thumbnail\" alt=\"Casa Coral \/ Alta Arquitectura\" aria-describedby=\"gallery-1-81156\" \/><\/a>\n\t\t\t<\/div>\n\t\t\t\t<figcaption class='wp-caption-text gallery-caption' id='gallery-1-81156'>\n\t\t\t\tCasa Coral \/ Alta Arquitectura (\u00a9 Luis Gordoa)\n\t\t\t\t<\/figcaption><\/figure><figure class='gallery-item'>\n\t\t\t<div class='gallery-icon portrait'>\n\t\t\t\t<a href='https:\/\/www.arquimaster.com.ar\/web\/wp-content\/uploads\/2024\/10\/casa_coral_4.jpg' title=\"Casa Coral \/ Alta Arquitectura (\u00a9 Luis Gordoa)\" data-rl_title=\"Casa Coral \/ Alta Arquitectura (\u00a9 Luis Gordoa)\" class=\"rl-gallery-link\" data-rl_caption=\"Casa Coral \/ Alta Arquitectura (\u00a9 Luis Gordoa)\" data-rel=\"lightbox-gallery-1\"><img loading=\"lazy\" decoding=\"async\" width=\"150\" height=\"150\" src=\"https:\/\/www.arquimaster.com.ar\/web\/wp-content\/uploads\/2024\/10\/casa_coral_4-150x150.jpg\" class=\"attachment-thumbnail size-thumbnail\" alt=\"Casa Coral \/ Alta Arquitectura\" aria-describedby=\"gallery-1-81157\" \/><\/a>\n\t\t\t<\/div>\n\t\t\t\t<figcaption class='wp-caption-text gallery-caption' id='gallery-1-81157'>\n\t\t\t\tCasa Coral \/ Alta Arquitectura (\u00a9 Luis Gordoa)\n\t\t\t\t<\/figcaption><\/figure><figure class='gallery-item'>\n\t\t\t<div class='gallery-icon landscape'>\n\t\t\t\t<a href='https:\/\/www.arquimaster.com.ar\/web\/wp-content\/uploads\/2024\/10\/casa_coral_5.jpg' title=\"Casa Coral \/ Alta Arquitectura (\u00a9 Luis Gordoa)\" data-rl_title=\"Casa Coral \/ Alta Arquitectura (\u00a9 Luis Gordoa)\" class=\"rl-gallery-link\" data-rl_caption=\"Casa Coral \/ Alta Arquitectura (\u00a9 Luis Gordoa)\" data-rel=\"lightbox-gallery-1\"><img loading=\"lazy\" decoding=\"async\" width=\"150\" height=\"150\" src=\"https:\/\/www.arquimaster.com.ar\/web\/wp-content\/uploads\/2024\/10\/casa_coral_5-150x150.jpg\" class=\"attachment-thumbnail size-thumbnail\" alt=\"Casa Coral \/ Alta Arquitectura\" aria-describedby=\"gallery-1-81158\" \/><\/a>\n\t\t\t<\/div>\n\t\t\t\t<figcaption class='wp-caption-text gallery-caption' id='gallery-1-81158'>\n\t\t\t\tCasa Coral \/ Alta Arquitectura (\u00a9 Luis Gordoa)\n\t\t\t\t<\/figcaption><\/figure><figure class='gallery-item'>\n\t\t\t<div class='gallery-icon landscape'>\n\t\t\t\t<a href='https:\/\/www.arquimaster.com.ar\/web\/wp-content\/uploads\/2024\/10\/casa_coral_6.jpg' title=\"Casa Coral \/ Alta Arquitectura (\u00a9 Luis Gordoa)\" data-rl_title=\"Casa Coral \/ Alta Arquitectura (\u00a9 Luis Gordoa)\" class=\"rl-gallery-link\" data-rl_caption=\"Casa Coral \/ Alta Arquitectura (\u00a9 Luis Gordoa)\" data-rel=\"lightbox-gallery-1\"><img loading=\"lazy\" decoding=\"async\" width=\"150\" height=\"150\" src=\"https:\/\/www.arquimaster.com.ar\/web\/wp-content\/uploads\/2024\/10\/casa_coral_6-150x150.jpg\" class=\"attachment-thumbnail size-thumbnail\" alt=\"Casa Coral \/ Alta Arquitectura\" aria-describedby=\"gallery-1-81159\" \/><\/a>\n\t\t\t<\/div>\n\t\t\t\t<figcaption class='wp-caption-text gallery-caption' id='gallery-1-81159'>\n\t\t\t\tCasa Coral \/ Alta Arquitectura (\u00a9 Luis Gordoa)\n\t\t\t\t<\/figcaption><\/figure><figure class='gallery-item'>\n\t\t\t<div class='gallery-icon portrait'>\n\t\t\t\t<a href='https:\/\/www.arquimaster.com.ar\/web\/wp-content\/uploads\/2024\/10\/casa_coral_7.jpg' title=\"Casa Coral \/ Alta Arquitectura (\u00a9 Luis Gordoa)\" data-rl_title=\"Casa Coral \/ Alta Arquitectura (\u00a9 Luis Gordoa)\" class=\"rl-gallery-link\" data-rl_caption=\"Casa Coral \/ Alta Arquitectura (\u00a9 Luis Gordoa)\" data-rel=\"lightbox-gallery-1\"><img loading=\"lazy\" decoding=\"async\" width=\"150\" height=\"150\" src=\"https:\/\/www.arquimaster.com.ar\/web\/wp-content\/uploads\/2024\/10\/casa_coral_7-150x150.jpg\" class=\"attachment-thumbnail size-thumbnail\" alt=\"Casa Coral \/ Alta Arquitectura\" aria-describedby=\"gallery-1-81160\" \/><\/a>\n\t\t\t<\/div>\n\t\t\t\t<figcaption class='wp-caption-text gallery-caption' id='gallery-1-81160'>\n\t\t\t\tCasa Coral \/ Alta Arquitectura (\u00a9 Luis Gordoa)\n\t\t\t\t<\/figcaption><\/figure><figure class='gallery-item'>\n\t\t\t<div class='gallery-icon landscape'>\n\t\t\t\t<a href='https:\/\/www.arquimaster.com.ar\/web\/wp-content\/uploads\/2024\/10\/casa_coral_8.jpg' title=\"Casa Coral \/ Alta Arquitectura (\u00a9 Luis Gordoa)\" data-rl_title=\"Casa Coral \/ Alta Arquitectura (\u00a9 Luis Gordoa)\" class=\"rl-gallery-link\" data-rl_caption=\"Casa Coral \/ Alta Arquitectura (\u00a9 Luis Gordoa)\" data-rel=\"lightbox-gallery-1\"><img loading=\"lazy\" decoding=\"async\" width=\"150\" height=\"150\" src=\"https:\/\/www.arquimaster.com.ar\/web\/wp-content\/uploads\/2024\/10\/casa_coral_8-150x150.jpg\" class=\"attachment-thumbnail size-thumbnail\" alt=\"Casa Coral \/ Alta Arquitectura\" aria-describedby=\"gallery-1-81161\" \/><\/a>\n\t\t\t<\/div>\n\t\t\t\t<figcaption class='wp-caption-text gallery-caption' id='gallery-1-81161'>\n\t\t\t\tCasa Coral \/ Alta Arquitectura (\u00a9 Luis Gordoa)\n\t\t\t\t<\/figcaption><\/figure><figure class='gallery-item'>\n\t\t\t<div class='gallery-icon portrait'>\n\t\t\t\t<a href='https:\/\/www.arquimaster.com.ar\/web\/wp-content\/uploads\/2024\/10\/casa_coral_9.jpg' title=\"Casa Coral \/ Alta Arquitectura (\u00a9 Luis Gordoa)\" data-rl_title=\"Casa Coral \/ Alta Arquitectura (\u00a9 Luis Gordoa)\" class=\"rl-gallery-link\" data-rl_caption=\"Casa Coral \/ Alta Arquitectura (\u00a9 Luis Gordoa)\" data-rel=\"lightbox-gallery-1\"><img loading=\"lazy\" decoding=\"async\" width=\"150\" height=\"150\" src=\"https:\/\/www.arquimaster.com.ar\/web\/wp-content\/uploads\/2024\/10\/casa_coral_9-150x150.jpg\" class=\"attachment-thumbnail size-thumbnail\" alt=\"Casa Coral \/ Alta Arquitectura\" aria-describedby=\"gallery-1-81162\" \/><\/a>\n\t\t\t<\/div>\n\t\t\t\t<figcaption class='wp-caption-text gallery-caption' id='gallery-1-81162'>\n\t\t\t\tCasa Coral \/ Alta Arquitectura (\u00a9 Luis Gordoa)\n\t\t\t\t<\/figcaption><\/figure><figure class='gallery-item'>\n\t\t\t<div class='gallery-icon landscape'>\n\t\t\t\t<a href='https:\/\/www.arquimaster.com.ar\/web\/wp-content\/uploads\/2024\/10\/casa_coral_10.jpg' title=\"Casa Coral \/ Alta Arquitectura (\u00a9 Luis Gordoa)\" data-rl_title=\"Casa Coral \/ Alta Arquitectura (\u00a9 Luis Gordoa)\" class=\"rl-gallery-link\" data-rl_caption=\"Casa Coral \/ Alta Arquitectura (\u00a9 Luis Gordoa)\" data-rel=\"lightbox-gallery-1\"><img loading=\"lazy\" decoding=\"async\" width=\"150\" height=\"150\" src=\"https:\/\/www.arquimaster.com.ar\/web\/wp-content\/uploads\/2024\/10\/casa_coral_10-150x150.jpg\" class=\"attachment-thumbnail size-thumbnail\" alt=\"Casa Coral \/ Alta Arquitectura\" aria-describedby=\"gallery-1-81163\" \/><\/a>\n\t\t\t<\/div>\n\t\t\t\t<figcaption class='wp-caption-text gallery-caption' id='gallery-1-81163'>\n\t\t\t\tCasa Coral \/ Alta Arquitectura (\u00a9 Luis Gordoa)\n\t\t\t\t<\/figcaption><\/figure><figure class='gallery-item'>\n\t\t\t<div class='gallery-icon landscape'>\n\t\t\t\t<a href='https:\/\/www.arquimaster.com.ar\/web\/wp-content\/uploads\/2024\/10\/casa_coral_11.jpg' title=\"Casa Coral \/ Alta Arquitectura (\u00a9 Luis Gordoa)\" data-rl_title=\"Casa Coral \/ Alta Arquitectura (\u00a9 Luis Gordoa)\" class=\"rl-gallery-link\" data-rl_caption=\"Casa Coral \/ Alta Arquitectura (\u00a9 Luis Gordoa)\" data-rel=\"lightbox-gallery-1\"><img loading=\"lazy\" decoding=\"async\" width=\"150\" height=\"150\" src=\"https:\/\/www.arquimaster.com.ar\/web\/wp-content\/uploads\/2024\/10\/casa_coral_11-150x150.jpg\" class=\"attachment-thumbnail size-thumbnail\" alt=\"Casa Coral \/ Alta Arquitectura\" aria-describedby=\"gallery-1-81164\" \/><\/a>\n\t\t\t<\/div>\n\t\t\t\t<figcaption class='wp-caption-text gallery-caption' id='gallery-1-81164'>\n\t\t\t\tCasa Coral \/ Alta Arquitectura (\u00a9 Luis Gordoa)\n\t\t\t\t<\/figcaption><\/figure><figure class='gallery-item'>\n\t\t\t<div class='gallery-icon portrait'>\n\t\t\t\t<a href='https:\/\/www.arquimaster.com.ar\/web\/wp-content\/uploads\/2024\/10\/casa_coral_12.jpg' title=\"Casa Coral \/ Alta Arquitectura (\u00a9 Luis Gordoa)\" data-rl_title=\"Casa Coral \/ Alta Arquitectura (\u00a9 Luis Gordoa)\" class=\"rl-gallery-link\" data-rl_caption=\"Casa Coral \/ Alta Arquitectura (\u00a9 Luis Gordoa)\" data-rel=\"lightbox-gallery-1\"><img loading=\"lazy\" decoding=\"async\" width=\"150\" height=\"150\" src=\"https:\/\/www.arquimaster.com.ar\/web\/wp-content\/uploads\/2024\/10\/casa_coral_12-150x150.jpg\" class=\"attachment-thumbnail size-thumbnail\" alt=\"Casa Coral \/ Alta Arquitectura\" aria-describedby=\"gallery-1-81165\" \/><\/a>\n\t\t\t<\/div>\n\t\t\t\t<figcaption class='wp-caption-text gallery-caption' id='gallery-1-81165'>\n\t\t\t\tCasa Coral \/ Alta Arquitectura (\u00a9 Luis Gordoa)\n\t\t\t\t<\/figcaption><\/figure><figure class='gallery-item'>\n\t\t\t<div class='gallery-icon portrait'>\n\t\t\t\t<a href='https:\/\/www.arquimaster.com.ar\/web\/wp-content\/uploads\/2024\/10\/casa_coral_13.jpg' title=\"Casa Coral \/ Alta Arquitectura (\u00a9 Luis Gordoa)\" data-rl_title=\"Casa Coral \/ Alta Arquitectura (\u00a9 Luis Gordoa)\" class=\"rl-gallery-link\" data-rl_caption=\"Casa Coral \/ Alta Arquitectura (\u00a9 Luis Gordoa)\" data-rel=\"lightbox-gallery-1\"><img loading=\"lazy\" decoding=\"async\" width=\"150\" height=\"150\" src=\"https:\/\/www.arquimaster.com.ar\/web\/wp-content\/uploads\/2024\/10\/casa_coral_13-150x150.jpg\" class=\"attachment-thumbnail size-thumbnail\" alt=\"Casa Coral \/ Alta Arquitectura\" aria-describedby=\"gallery-1-81166\" \/><\/a>\n\t\t\t<\/div>\n\t\t\t\t<figcaption class='wp-caption-text gallery-caption' id='gallery-1-81166'>\n\t\t\t\tCasa Coral \/ Alta Arquitectura (\u00a9 Luis Gordoa)\n\t\t\t\t<\/figcaption><\/figure><figure class='gallery-item'>\n\t\t\t<div class='gallery-icon portrait'>\n\t\t\t\t<a href='https:\/\/www.arquimaster.com.ar\/web\/wp-content\/uploads\/2024\/10\/casa_coral_14.jpg' title=\"Casa Coral \/ Alta Arquitectura (\u00a9 Luis Gordoa)\" data-rl_title=\"Casa Coral \/ Alta Arquitectura (\u00a9 Luis Gordoa)\" class=\"rl-gallery-link\" data-rl_caption=\"Casa Coral \/ Alta Arquitectura (\u00a9 Luis Gordoa)\" data-rel=\"lightbox-gallery-1\"><img loading=\"lazy\" decoding=\"async\" width=\"150\" height=\"150\" src=\"https:\/\/www.arquimaster.com.ar\/web\/wp-content\/uploads\/2024\/10\/casa_coral_14-150x150.jpg\" class=\"attachment-thumbnail size-thumbnail\" alt=\"Casa Coral \/ Alta Arquitectura\" aria-describedby=\"gallery-1-81167\" \/><\/a>\n\t\t\t<\/div>\n\t\t\t\t<figcaption class='wp-caption-text gallery-caption' id='gallery-1-81167'>\n\t\t\t\tCasa Coral \/ Alta Arquitectura (\u00a9 Luis Gordoa)\n\t\t\t\t<\/figcaption><\/figure><figure class='gallery-item'>\n\t\t\t<div class='gallery-icon portrait'>\n\t\t\t\t<a href='https:\/\/www.arquimaster.com.ar\/web\/wp-content\/uploads\/2024\/10\/casa_coral_15.jpg' title=\"Casa Coral \/ Alta Arquitectura (\u00a9 Luis Gordoa)\" data-rl_title=\"Casa Coral \/ Alta Arquitectura (\u00a9 Luis Gordoa)\" class=\"rl-gallery-link\" data-rl_caption=\"Casa Coral \/ Alta Arquitectura (\u00a9 Luis Gordoa)\" data-rel=\"lightbox-gallery-1\"><img loading=\"lazy\" decoding=\"async\" width=\"150\" height=\"150\" src=\"https:\/\/www.arquimaster.com.ar\/web\/wp-content\/uploads\/2024\/10\/casa_coral_15-150x150.jpg\" class=\"attachment-thumbnail size-thumbnail\" alt=\"Casa Coral \/ Alta Arquitectura\" aria-describedby=\"gallery-1-81168\" \/><\/a>\n\t\t\t<\/div>\n\t\t\t\t<figcaption class='wp-caption-text gallery-caption' id='gallery-1-81168'>\n\t\t\t\tCasa Coral \/ Alta Arquitectura (\u00a9 Luis Gordoa)\n\t\t\t\t<\/figcaption><\/figure><figure class='gallery-item'>\n\t\t\t<div class='gallery-icon landscape'>\n\t\t\t\t<a href='https:\/\/www.arquimaster.com.ar\/web\/wp-content\/uploads\/2024\/10\/casa_coral_16.jpg' title=\"Casa Coral \/ Alta Arquitectura (\u00a9 Luis Gordoa)\" data-rl_title=\"Casa Coral \/ Alta Arquitectura (\u00a9 Luis Gordoa)\" class=\"rl-gallery-link\" data-rl_caption=\"Casa Coral \/ Alta Arquitectura (\u00a9 Luis Gordoa)\" data-rel=\"lightbox-gallery-1\"><img loading=\"lazy\" decoding=\"async\" width=\"150\" height=\"150\" src=\"https:\/\/www.arquimaster.com.ar\/web\/wp-content\/uploads\/2024\/10\/casa_coral_16-150x150.jpg\" class=\"attachment-thumbnail size-thumbnail\" alt=\"Casa Coral \/ Alta Arquitectura\" aria-describedby=\"gallery-1-81169\" \/><\/a>\n\t\t\t<\/div>\n\t\t\t\t<figcaption class='wp-caption-text gallery-caption' id='gallery-1-81169'>\n\t\t\t\tCasa Coral \/ Alta Arquitectura (\u00a9 Luis Gordoa)\n\t\t\t\t<\/figcaption><\/figure><figure class='gallery-item'>\n\t\t\t<div class='gallery-icon portrait'>\n\t\t\t\t<a href='https:\/\/www.arquimaster.com.ar\/web\/wp-content\/uploads\/2024\/10\/casa_coral_17.jpg' title=\"Casa Coral \/ Alta Arquitectura (\u00a9 Luis Gordoa)\" data-rl_title=\"Casa Coral \/ Alta Arquitectura (\u00a9 Luis Gordoa)\" class=\"rl-gallery-link\" data-rl_caption=\"Casa Coral \/ Alta Arquitectura (\u00a9 Luis Gordoa)\" data-rel=\"lightbox-gallery-1\"><img loading=\"lazy\" decoding=\"async\" width=\"150\" height=\"150\" src=\"https:\/\/www.arquimaster.com.ar\/web\/wp-content\/uploads\/2024\/10\/casa_coral_17-150x150.jpg\" class=\"attachment-thumbnail size-thumbnail\" alt=\"Casa Coral \/ Alta Arquitectura\" aria-describedby=\"gallery-1-81170\" \/><\/a>\n\t\t\t<\/div>\n\t\t\t\t<figcaption class='wp-caption-text gallery-caption' id='gallery-1-81170'>\n\t\t\t\tCasa Coral \/ Alta Arquitectura (\u00a9 Luis Gordoa)\n\t\t\t\t<\/figcaption><\/figure><figure class='gallery-item'>\n\t\t\t<div class='gallery-icon portrait'>\n\t\t\t\t<a href='https:\/\/www.arquimaster.com.ar\/web\/wp-content\/uploads\/2024\/10\/casa_coral_18.jpg' title=\"Casa Coral \/ Alta Arquitectura (\u00a9 Luis Gordoa)\" data-rl_title=\"Casa Coral \/ Alta Arquitectura (\u00a9 Luis Gordoa)\" class=\"rl-gallery-link\" data-rl_caption=\"Casa Coral \/ Alta Arquitectura (\u00a9 Luis Gordoa)\" data-rel=\"lightbox-gallery-1\"><img loading=\"lazy\" decoding=\"async\" width=\"150\" height=\"150\" src=\"https:\/\/www.arquimaster.com.ar\/web\/wp-content\/uploads\/2024\/10\/casa_coral_18-150x150.jpg\" class=\"attachment-thumbnail size-thumbnail\" alt=\"Casa Coral \/ Alta Arquitectura\" aria-describedby=\"gallery-1-81171\" \/><\/a>\n\t\t\t<\/div>\n\t\t\t\t<figcaption class='wp-caption-text gallery-caption' id='gallery-1-81171'>\n\t\t\t\tCasa Coral \/ Alta Arquitectura (\u00a9 Luis Gordoa)\n\t\t\t\t<\/figcaption><\/figure><figure class='gallery-item'>\n\t\t\t<div class='gallery-icon portrait'>\n\t\t\t\t<a href='https:\/\/www.arquimaster.com.ar\/web\/wp-content\/uploads\/2024\/10\/casa_coral_19.jpg' title=\"Casa Coral \/ Alta Arquitectura (\u00a9 Luis Gordoa)\" data-rl_title=\"Casa Coral \/ Alta Arquitectura (\u00a9 Luis Gordoa)\" class=\"rl-gallery-link\" data-rl_caption=\"Casa Coral \/ Alta Arquitectura (\u00a9 Luis Gordoa)\" data-rel=\"lightbox-gallery-1\"><img loading=\"lazy\" decoding=\"async\" width=\"150\" height=\"150\" src=\"https:\/\/www.arquimaster.com.ar\/web\/wp-content\/uploads\/2024\/10\/casa_coral_19-150x150.jpg\" class=\"attachment-thumbnail size-thumbnail\" alt=\"Casa Coral \/ Alta Arquitectura\" aria-describedby=\"gallery-1-81172\" \/><\/a>\n\t\t\t<\/div>\n\t\t\t\t<figcaption class='wp-caption-text gallery-caption' id='gallery-1-81172'>\n\t\t\t\tCasa Coral \/ Alta Arquitectura (\u00a9 Luis Gordoa)\n\t\t\t\t<\/figcaption><\/figure><figure class='gallery-item'>\n\t\t\t<div class='gallery-icon portrait'>\n\t\t\t\t<a href='https:\/\/www.arquimaster.com.ar\/web\/wp-content\/uploads\/2024\/10\/casa_coral_20.jpg' title=\"Casa Coral \/ Alta Arquitectura (\u00a9 Luis Gordoa)\" data-rl_title=\"Casa Coral \/ Alta Arquitectura (\u00a9 Luis Gordoa)\" class=\"rl-gallery-link\" data-rl_caption=\"Casa Coral \/ Alta Arquitectura (\u00a9 Luis Gordoa)\" data-rel=\"lightbox-gallery-1\"><img loading=\"lazy\" decoding=\"async\" width=\"150\" height=\"150\" src=\"https:\/\/www.arquimaster.com.ar\/web\/wp-content\/uploads\/2024\/10\/casa_coral_20-150x150.jpg\" class=\"attachment-thumbnail size-thumbnail\" alt=\"Casa Coral \/ Alta Arquitectura\" aria-describedby=\"gallery-1-81173\" \/><\/a>\n\t\t\t<\/div>\n\t\t\t\t<figcaption class='wp-caption-text gallery-caption' id='gallery-1-81173'>\n\t\t\t\tCasa Coral \/ Alta Arquitectura (\u00a9 Luis Gordoa)\n\t\t\t\t<\/figcaption><\/figure><figure class='gallery-item'>\n\t\t\t<div class='gallery-icon landscape'>\n\t\t\t\t<a href='https:\/\/www.arquimaster.com.ar\/web\/wp-content\/uploads\/2024\/10\/casa_coral_21.jpg' title=\"Casa Coral \/ Alta Arquitectura (\u00a9 Luis Gordoa)\" data-rl_title=\"Casa Coral \/ Alta Arquitectura (\u00a9 Luis Gordoa)\" class=\"rl-gallery-link\" data-rl_caption=\"Casa Coral \/ Alta Arquitectura (\u00a9 Luis Gordoa)\" data-rel=\"lightbox-gallery-1\"><img loading=\"lazy\" decoding=\"async\" width=\"150\" height=\"150\" src=\"https:\/\/www.arquimaster.com.ar\/web\/wp-content\/uploads\/2024\/10\/casa_coral_21-150x150.jpg\" class=\"attachment-thumbnail size-thumbnail\" alt=\"Casa Coral \/ Alta Arquitectura\" aria-describedby=\"gallery-1-81174\" \/><\/a>\n\t\t\t<\/div>\n\t\t\t\t<figcaption class='wp-caption-text gallery-caption' id='gallery-1-81174'>\n\t\t\t\tCasa Coral \/ Alta Arquitectura (\u00a9 Luis Gordoa)\n\t\t\t\t<\/figcaption><\/figure><figure class='gallery-item'>\n\t\t\t<div class='gallery-icon landscape'>\n\t\t\t\t<a href='https:\/\/www.arquimaster.com.ar\/web\/wp-content\/uploads\/2024\/10\/casa_coral_22.jpg' title=\"Casa Coral \/ Alta Arquitectura (planta baja)\" data-rl_title=\"Casa Coral \/ Alta Arquitectura (planta baja)\" class=\"rl-gallery-link\" data-rl_caption=\"Casa Coral \/ Alta Arquitectura (planta baja)\" data-rel=\"lightbox-gallery-1\"><img loading=\"lazy\" decoding=\"async\" width=\"150\" height=\"150\" src=\"https:\/\/www.arquimaster.com.ar\/web\/wp-content\/uploads\/2024\/10\/casa_coral_22-150x150.jpg\" class=\"attachment-thumbnail size-thumbnail\" alt=\"Casa Coral \/ Alta Arquitectura\" aria-describedby=\"gallery-1-81175\" srcset=\"https:\/\/www.arquimaster.com.ar\/web\/wp-content\/uploads\/2024\/10\/casa_coral_22-150x150.jpg 150w, https:\/\/www.arquimaster.com.ar\/web\/wp-content\/uploads\/2024\/10\/casa_coral_22-768x768.jpg 768w, https:\/\/www.arquimaster.com.ar\/web\/wp-content\/uploads\/2024\/10\/casa_coral_22-1536x1536.jpg 1536w, https:\/\/www.arquimaster.com.ar\/web\/wp-content\/uploads\/2024\/10\/casa_coral_22.jpg 2000w\" sizes=\"auto, (max-width: 150px) 100vw, 150px\" \/><\/a>\n\t\t\t<\/div>\n\t\t\t\t<figcaption class='wp-caption-text gallery-caption' id='gallery-1-81175'>\n\t\t\t\tCasa Coral \/ Alta Arquitectura (planta baja)\n\t\t\t\t<\/figcaption><\/figure><figure class='gallery-item'>\n\t\t\t<div class='gallery-icon landscape'>\n\t\t\t\t<a href='https:\/\/www.arquimaster.com.ar\/web\/wp-content\/uploads\/2024\/10\/casa_coral_23.jpg' title=\"Casa Coral \/ Alta Arquitectura (planta alta)\" data-rl_title=\"Casa Coral \/ Alta Arquitectura (planta alta)\" class=\"rl-gallery-link\" data-rl_caption=\"Casa Coral \/ Alta Arquitectura (planta alta)\" data-rel=\"lightbox-gallery-1\"><img loading=\"lazy\" decoding=\"async\" width=\"150\" height=\"150\" src=\"https:\/\/www.arquimaster.com.ar\/web\/wp-content\/uploads\/2024\/10\/casa_coral_23-150x150.jpg\" class=\"attachment-thumbnail size-thumbnail\" alt=\"Casa Coral \/ Alta Arquitectura\" aria-describedby=\"gallery-1-81176\" srcset=\"https:\/\/www.arquimaster.com.ar\/web\/wp-content\/uploads\/2024\/10\/casa_coral_23-150x150.jpg 150w, https:\/\/www.arquimaster.com.ar\/web\/wp-content\/uploads\/2024\/10\/casa_coral_23-768x768.jpg 768w, https:\/\/www.arquimaster.com.ar\/web\/wp-content\/uploads\/2024\/10\/casa_coral_23-1536x1536.jpg 1536w, https:\/\/www.arquimaster.com.ar\/web\/wp-content\/uploads\/2024\/10\/casa_coral_23.jpg 2000w\" sizes=\"auto, (max-width: 150px) 100vw, 150px\" \/><\/a>\n\t\t\t<\/div>\n\t\t\t\t<figcaption class='wp-caption-text gallery-caption' id='gallery-1-81176'>\n\t\t\t\tCasa Coral \/ Alta Arquitectura (planta alta)\n\t\t\t\t<\/figcaption><\/figure><figure class='gallery-item'>\n\t\t\t<div class='gallery-icon landscape'>\n\t\t\t\t<a href='https:\/\/www.arquimaster.com.ar\/web\/wp-content\/uploads\/2024\/10\/casa_coral_24.jpg' title=\"Casa Coral \/ Alta Arquitectura (planta de techos)\" data-rl_title=\"Casa Coral \/ Alta Arquitectura (planta de techos)\" class=\"rl-gallery-link\" data-rl_caption=\"Casa Coral \/ Alta Arquitectura (planta de techos)\" data-rel=\"lightbox-gallery-1\"><img loading=\"lazy\" decoding=\"async\" width=\"150\" height=\"150\" src=\"https:\/\/www.arquimaster.com.ar\/web\/wp-content\/uploads\/2024\/10\/casa_coral_24-150x150.jpg\" class=\"attachment-thumbnail size-thumbnail\" alt=\"Casa Coral \/ Alta Arquitectura\" aria-describedby=\"gallery-1-81177\" srcset=\"https:\/\/www.arquimaster.com.ar\/web\/wp-content\/uploads\/2024\/10\/casa_coral_24-150x150.jpg 150w, https:\/\/www.arquimaster.com.ar\/web\/wp-content\/uploads\/2024\/10\/casa_coral_24-768x768.jpg 768w, https:\/\/www.arquimaster.com.ar\/web\/wp-content\/uploads\/2024\/10\/casa_coral_24-1536x1536.jpg 1536w, https:\/\/www.arquimaster.com.ar\/web\/wp-content\/uploads\/2024\/10\/casa_coral_24.jpg 2000w\" sizes=\"auto, (max-width: 150px) 100vw, 150px\" \/><\/a>\n\t\t\t<\/div>\n\t\t\t\t<figcaption class='wp-caption-text gallery-caption' id='gallery-1-81177'>\n\t\t\t\tCasa Coral \/ Alta Arquitectura (planta de techos)\n\t\t\t\t<\/figcaption><\/figure><figure class='gallery-item'>\n\t\t\t<div class='gallery-icon landscape'>\n\t\t\t\t<a href='https:\/\/www.arquimaster.com.ar\/web\/wp-content\/uploads\/2024\/10\/casa_coral_25.jpg' title=\"Casa Coral \/ Alta Arquitectura (corte)\" data-rl_title=\"Casa Coral \/ Alta Arquitectura (corte)\" class=\"rl-gallery-link\" data-rl_caption=\"Casa Coral \/ Alta Arquitectura (corte)\" data-rel=\"lightbox-gallery-1\"><img loading=\"lazy\" decoding=\"async\" width=\"150\" height=\"150\" src=\"https:\/\/www.arquimaster.com.ar\/web\/wp-content\/uploads\/2024\/10\/casa_coral_25-150x150.jpg\" class=\"attachment-thumbnail size-thumbnail\" alt=\"Casa Coral \/ Alta Arquitectura\" aria-describedby=\"gallery-1-81178\" \/><\/a>\n\t\t\t<\/div>\n\t\t\t\t<figcaption class='wp-caption-text gallery-caption' id='gallery-1-81178'>\n\t\t\t\tCasa Coral \/ Alta Arquitectura (corte)\n\t\t\t\t<\/figcaption><\/figure><figure class='gallery-item'>\n\t\t\t<div class='gallery-icon landscape'>\n\t\t\t\t<a href='https:\/\/www.arquimaster.com.ar\/web\/wp-content\/uploads\/2024\/10\/casa_coral_26.jpg' title=\"Casa Coral \/ Alta Arquitectura (corte)\" data-rl_title=\"Casa Coral \/ Alta Arquitectura (corte)\" class=\"rl-gallery-link\" data-rl_caption=\"Casa Coral \/ Alta Arquitectura (corte)\" data-rel=\"lightbox-gallery-1\"><img loading=\"lazy\" decoding=\"async\" width=\"150\" height=\"150\" src=\"https:\/\/www.arquimaster.com.ar\/web\/wp-content\/uploads\/2024\/10\/casa_coral_26-150x150.jpg\" class=\"attachment-thumbnail size-thumbnail\" alt=\"Casa Coral \/ Alta Arquitectura\" aria-describedby=\"gallery-1-81179\" \/><\/a>\n\t\t\t<\/div>\n\t\t\t\t<figcaption class='wp-caption-text gallery-caption' id='gallery-1-81179'>\n\t\t\t\tCasa Coral \/ Alta Arquitectura (corte)\n\t\t\t\t<\/figcaption><\/figure><figure class='gallery-item'>\n\t\t\t<div class='gallery-icon landscape'>\n\t\t\t\t<a href='https:\/\/www.arquimaster.com.ar\/web\/wp-content\/uploads\/2024\/10\/casa_coral_27.jpg' title=\"Casa Coral \/ Alta Arquitectura (vista)\" data-rl_title=\"Casa Coral \/ Alta Arquitectura (vista)\" class=\"rl-gallery-link\" data-rl_caption=\"Casa Coral \/ Alta Arquitectura (vista)\" data-rel=\"lightbox-gallery-1\"><img loading=\"lazy\" decoding=\"async\" width=\"150\" height=\"150\" src=\"https:\/\/www.arquimaster.com.ar\/web\/wp-content\/uploads\/2024\/10\/casa_coral_27-150x150.jpg\" class=\"attachment-thumbnail size-thumbnail\" alt=\"Casa Coral \/ Alta Arquitectura\" aria-describedby=\"gallery-1-81180\" \/><\/a>\n\t\t\t<\/div>\n\t\t\t\t<figcaption class='wp-caption-text gallery-caption' id='gallery-1-81180'>\n\t\t\t\tCasa Coral \/ Alta Arquitectura (vista)\n\t\t\t\t<\/figcaption><\/figure><figure class='gallery-item'>\n\t\t\t<div class='gallery-icon landscape'>\n\t\t\t\t<a href='https:\/\/www.arquimaster.com.ar\/web\/wp-content\/uploads\/2024\/10\/casa_coral_28.jpg' title=\"Casa Coral \/ Alta Arquitectura (vista)\" data-rl_title=\"Casa Coral \/ Alta Arquitectura (vista)\" class=\"rl-gallery-link\" data-rl_caption=\"Casa Coral \/ Alta Arquitectura (vista)\" data-rel=\"lightbox-gallery-1\"><img loading=\"lazy\" decoding=\"async\" width=\"150\" height=\"150\" src=\"https:\/\/www.arquimaster.com.ar\/web\/wp-content\/uploads\/2024\/10\/casa_coral_28-150x150.jpg\" class=\"attachment-thumbnail size-thumbnail\" alt=\"Casa Coral \/ Alta Arquitectura\" aria-describedby=\"gallery-1-81181\" \/><\/a>\n\t\t\t<\/div>\n\t\t\t\t<figcaption class='wp-caption-text gallery-caption' id='gallery-1-81181'>\n\t\t\t\tCasa Coral \/ Alta Arquitectura (vista)\n\t\t\t\t<\/figcaption><\/figure><figure class='gallery-item'>\n\t\t\t<div class='gallery-icon landscape'>\n\t\t\t\t<a href='https:\/\/www.arquimaster.com.ar\/web\/wp-content\/uploads\/2024\/10\/casa_coral_29.jpg' title=\"Casa Coral \/ Alta Arquitectura (vista)\" data-rl_title=\"Casa Coral \/ Alta Arquitectura (vista)\" class=\"rl-gallery-link\" data-rl_caption=\"Casa Coral \/ Alta Arquitectura (vista)\" data-rel=\"lightbox-gallery-1\"><img loading=\"lazy\" decoding=\"async\" width=\"150\" height=\"150\" src=\"https:\/\/www.arquimaster.com.ar\/web\/wp-content\/uploads\/2024\/10\/casa_coral_29-150x150.jpg\" class=\"attachment-thumbnail size-thumbnail\" alt=\"Casa Coral \/ Alta Arquitectura\" aria-describedby=\"gallery-1-81182\" \/><\/a>\n\t\t\t<\/div>\n\t\t\t\t<figcaption class='wp-caption-text gallery-caption' id='gallery-1-81182'>\n\t\t\t\tCasa Coral \/ Alta Arquitectura (vista)\n\t\t\t\t<\/figcaption><\/figure><figure class='gallery-item'>\n\t\t\t<div class='gallery-icon landscape'>\n\t\t\t\t<a href='https:\/\/www.arquimaster.com.ar\/web\/wp-content\/uploads\/2024\/10\/casa_coral_30.jpg' title=\"Casa Coral \/ Alta Arquitectura (vista)\" data-rl_title=\"Casa Coral \/ Alta Arquitectura (vista)\" class=\"rl-gallery-link\" data-rl_caption=\"Casa Coral \/ Alta Arquitectura (vista)\" data-rel=\"lightbox-gallery-1\"><img loading=\"lazy\" decoding=\"async\" width=\"150\" height=\"150\" src=\"https:\/\/www.arquimaster.com.ar\/web\/wp-content\/uploads\/2024\/10\/casa_coral_30-150x150.jpg\" class=\"attachment-thumbnail size-thumbnail\" alt=\"Casa Coral \/ Alta Arquitectura\" aria-describedby=\"gallery-1-81183\" \/><\/a>\n\t\t\t<\/div>\n\t\t\t\t<figcaption class='wp-caption-text gallery-caption' id='gallery-1-81183'>\n\t\t\t\tCasa Coral \/ Alta Arquitectura (vista)\n\t\t\t\t<\/figcaption><\/figure>\n\t\t<\/div>\n\n<p>El acceso, un gran p\u00f3rtico, crea una sensaci\u00f3n de amplitud con su doble altura, escalera flotante y un espejo de agua. La planta baja alberga las \u00e1reas sociales distribuidas en forma lineal, siendo \u00e9ste el punto de convivencia familiar con una conexi\u00f3n directa al jard\u00edn, adem\u00e1s de una rec\u00e1mara de visitas.<\/p>\n<p>En la planta alta se encuentran una sala de TV, estudio y 3 rec\u00e1maras con ba\u00f1o y vestidor, dos con vista al jard\u00edn. La fachada interior juega con la transparencia, permitiendo ventilaci\u00f3n e iluminaci\u00f3n natural. La presencia de vegetaci\u00f3n completa la atm\u00f3sfera, rodeando y abrazando los espacios perimetrales de la casa.<\/p>\n\n\n<div style=\"height:20px\" aria-hidden=\"true\" class=\"wp-block-spacer\"><\/div>\n\n\n\n<p class=\"has-background\" style=\"background-color:#eaeaea\"><strong>Ficha t\u00e9cnica<\/strong><br>Nombre: Casa Coral<br>Ubicaci\u00f3n: Alvarado, Veracruz, M\u00e9xico<br>Oficina de Arquitectura: Alta Arquitectura<br>Arquitectos a cargo: Enrique Carlin<br>Equipo de dise\u00f1o: Carlos Perches<br>Equipo de construcci\u00f3n: Manuel Mata<br>Inicio de construcci\u00f3n: Enero 2021<br>Finalizaci\u00f3n de construcci\u00f3n: Febrero 2022<br>Fotograf\u00edas: Luis Gordoa @gordoafotografia<br>Instagram: @alta.arqcon<br>Facebook: ALTAarquitecturayconstruccion<\/p>\n\n\n\n<div style=\"height:40px\" aria-hidden=\"true\" class=\"wp-block-spacer\"><\/div>\n\n<div style=\"font-size: 0px; height: 0px; line-height: 0px; margin: 0; padding: 0; clear: both;\"><\/div><div style=\"margin-top: 0px; margin-bottom: 0px;\" class=\"sharethis-inline-share-buttons\" ><\/div>","protected":false},"excerpt":{"rendered":"<p>La casa habla de un juego de sensaciones a trav\u00e9s de sus elementos y materiales&#8230;<\/p>\n","protected":false},"author":1,"featured_media":81153,"comment_status":"closed","ping_status":"closed","sticky":false,"template":"","format":"standard","meta":{"_uag_custom_page_level_css":"","footnotes":""},"categories":[1,83],"tags":[8015,3278,4282,8016,24,2356,254],"class_list":["post-81152","post","type-post","status-publish","format-standard","has-post-thumbnail","hentry","category-proyecto","category-vivienda-unifamiliar","tag-alta-arquitectura","tag-alvarado","tag-arquitectura-residencial","tag-enrique-carlin","tag-mexico","tag-veracruz","tag-vivienda-unifamiliar-2","generate-columns","tablet-grid-50","mobile-grid-100","grid-parent","grid-50"],"yoast_head":"<!-- This site is optimized with the Yoast SEO plugin v27.3 - https:\/\/yoast.com\/product\/yoast-seo-wordpress\/ -->\n<title>Casa Coral \/ Alta Arquitectura - Arquimaster<\/title>\n<meta name=\"description\" content=\"La casa habla de un juego de sensaciones a trav\u00e9s de sus elementos, el exterior otorga una forma solida que evoca protecci\u00f3n y privacidad, con la calidez de sus materiales.\" \/>\n<meta name=\"robots\" content=\"index, follow, max-snippet:-1, max-image-preview:large, max-video-preview:-1\" \/>\n<link rel=\"canonical\" href=\"https:\/\/www.arquimaster.com.ar\/web\/casa-coral-alta-arquitectura\/\" \/>\n<meta property=\"og:locale\" content=\"es_ES\" \/>\n<meta property=\"og:type\" content=\"article\" \/>\n<meta property=\"og:title\" content=\"Casa Coral \/ Alta Arquitectura\" \/>\n<meta property=\"og:description\" content=\"La casa habla de un juego de sensaciones a trav\u00e9s de sus elementos, el exterior otorga una forma solida que evoca protecci\u00f3n y privacidad, con la calidez de sus materiales.\" \/>\n<meta property=\"og:url\" content=\"https:\/\/www.arquimaster.com.ar\/web\/casa-coral-alta-arquitectura\/\" \/>\n<meta property=\"og:site_name\" content=\"Arquimaster\" \/>\n<meta property=\"article:publisher\" content=\"http:\/\/www.facebook.com\/ARQUIMASTER.com.ar\" \/>\n<meta property=\"article:published_time\" content=\"2024-10-03T17:26:53+00:00\" \/>\n<meta property=\"article:modified_time\" content=\"2025-07-24T23:14:32+00:00\" \/>\n<meta property=\"og:image\" content=\"https:\/\/www.arquimaster.com.ar\/web\/wp-content\/uploads\/2024\/10\/casa_coral_slide.jpg\" \/>\n\t<meta property=\"og:image:width\" content=\"698\" \/>\n\t<meta property=\"og:image:height\" content=\"364\" \/>\n\t<meta property=\"og:image:type\" content=\"image\/jpeg\" \/>\n<meta name=\"author\" content=\"Arquimaster\" \/>\n<meta name=\"twitter:card\" content=\"summary_large_image\" \/>\n<meta name=\"twitter:title\" content=\"Casa Coral \/ Alta Arquitectura\" \/>\n<meta name=\"twitter:description\" content=\"La casa habla de un juego de sensaciones a trav\u00e9s de sus elementos, el exterior otorga una forma solida que evoca protecci\u00f3n y privacidad, con la calidez de sus materiales.\" \/>\n<meta name=\"twitter:image\" content=\"https:\/\/www.arquimaster.com.ar\/web\/wp-content\/uploads\/2024\/10\/casa_coral_slide.jpg\" \/>\n<meta name=\"twitter:creator\" content=\"@arquimaster\" \/>\n<meta name=\"twitter:site\" content=\"@arquimaster\" \/>\n<meta name=\"twitter:label1\" content=\"Escrito por\" \/>\n\t<meta name=\"twitter:data1\" content=\"Arquimaster\" \/>\n\t<meta name=\"twitter:label2\" content=\"Tiempo de lectura\" \/>\n\t<meta name=\"twitter:data2\" content=\"2 minutos\" \/>\n<script type=\"application\/ld+json\" class=\"yoast-schema-graph\">{\"@context\":\"https:\\\/\\\/schema.org\",\"@graph\":[{\"@type\":\"Article\",\"@id\":\"https:\\\/\\\/www.arquimaster.com.ar\\\/web\\\/casa-coral-alta-arquitectura\\\/#article\",\"isPartOf\":{\"@id\":\"https:\\\/\\\/www.arquimaster.com.ar\\\/web\\\/casa-coral-alta-arquitectura\\\/\"},\"author\":{\"name\":\"Arquimaster\",\"@id\":\"https:\\\/\\\/www.arquimaster.com.ar\\\/web\\\/#\\\/schema\\\/person\\\/359e9f7c00193fcde068e0dd2ceb0028\"},\"headline\":\"Casa Coral \\\/ Alta Arquitectura\",\"datePublished\":\"2024-10-03T17:26:53+00:00\",\"dateModified\":\"2025-07-24T23:14:32+00:00\",\"mainEntityOfPage\":{\"@id\":\"https:\\\/\\\/www.arquimaster.com.ar\\\/web\\\/casa-coral-alta-arquitectura\\\/\"},\"wordCount\":222,\"publisher\":{\"@id\":\"https:\\\/\\\/www.arquimaster.com.ar\\\/web\\\/#organization\"},\"image\":{\"@id\":\"https:\\\/\\\/www.arquimaster.com.ar\\\/web\\\/casa-coral-alta-arquitectura\\\/#primaryimage\"},\"thumbnailUrl\":\"https:\\\/\\\/www.arquimaster.com.ar\\\/web\\\/wp-content\\\/uploads\\\/2024\\\/10\\\/casa_coral_slide.jpg\",\"keywords\":[\"Alta Arquitectura\",\"Alvarado\",\"arquitectura residencial\",\"Enrique Carlin\",\"Mexico\",\"Veracruz\",\"vivienda unifamiliar\"],\"articleSection\":[\"Proyecto\",\"Vivienda unifamiliar y PH\"],\"inLanguage\":\"es\"},{\"@type\":\"WebPage\",\"@id\":\"https:\\\/\\\/www.arquimaster.com.ar\\\/web\\\/casa-coral-alta-arquitectura\\\/\",\"url\":\"https:\\\/\\\/www.arquimaster.com.ar\\\/web\\\/casa-coral-alta-arquitectura\\\/\",\"name\":\"Casa Coral \\\/ Alta Arquitectura - Arquimaster\",\"isPartOf\":{\"@id\":\"https:\\\/\\\/www.arquimaster.com.ar\\\/web\\\/#website\"},\"primaryImageOfPage\":{\"@id\":\"https:\\\/\\\/www.arquimaster.com.ar\\\/web\\\/casa-coral-alta-arquitectura\\\/#primaryimage\"},\"image\":{\"@id\":\"https:\\\/\\\/www.arquimaster.com.ar\\\/web\\\/casa-coral-alta-arquitectura\\\/#primaryimage\"},\"thumbnailUrl\":\"https:\\\/\\\/www.arquimaster.com.ar\\\/web\\\/wp-content\\\/uploads\\\/2024\\\/10\\\/casa_coral_slide.jpg\",\"datePublished\":\"2024-10-03T17:26:53+00:00\",\"dateModified\":\"2025-07-24T23:14:32+00:00\",\"description\":\"La casa habla de un juego de sensaciones a trav\u00e9s de sus elementos, el exterior otorga una forma solida que evoca protecci\u00f3n y privacidad, con la calidez de sus materiales.\",\"breadcrumb\":{\"@id\":\"https:\\\/\\\/www.arquimaster.com.ar\\\/web\\\/casa-coral-alta-arquitectura\\\/#breadcrumb\"},\"inLanguage\":\"es\",\"potentialAction\":[{\"@type\":\"ReadAction\",\"target\":[\"https:\\\/\\\/www.arquimaster.com.ar\\\/web\\\/casa-coral-alta-arquitectura\\\/\"]}]},{\"@type\":\"ImageObject\",\"inLanguage\":\"es\",\"@id\":\"https:\\\/\\\/www.arquimaster.com.ar\\\/web\\\/casa-coral-alta-arquitectura\\\/#primaryimage\",\"url\":\"https:\\\/\\\/www.arquimaster.com.ar\\\/web\\\/wp-content\\\/uploads\\\/2024\\\/10\\\/casa_coral_slide.jpg\",\"contentUrl\":\"https:\\\/\\\/www.arquimaster.com.ar\\\/web\\\/wp-content\\\/uploads\\\/2024\\\/10\\\/casa_coral_slide.jpg\",\"width\":698,\"height\":364,\"caption\":\"Casa Coral \\\/ Alta Arquitectura\"},{\"@type\":\"BreadcrumbList\",\"@id\":\"https:\\\/\\\/www.arquimaster.com.ar\\\/web\\\/casa-coral-alta-arquitectura\\\/#breadcrumb\",\"itemListElement\":[{\"@type\":\"ListItem\",\"position\":1,\"name\":\"Portada\",\"item\":\"https:\\\/\\\/www.arquimaster.com.ar\\\/web\\\/\"},{\"@type\":\"ListItem\",\"position\":2,\"name\":\"Casa Coral \\\/ Alta Arquitectura\"}]},{\"@type\":\"WebSite\",\"@id\":\"https:\\\/\\\/www.arquimaster.com.ar\\\/web\\\/#website\",\"url\":\"https:\\\/\\\/www.arquimaster.com.ar\\\/web\\\/\",\"name\":\"Arquimaster\",\"description\":\"Web de arquitectura, dise\u00f1o y construccion\",\"publisher\":{\"@id\":\"https:\\\/\\\/www.arquimaster.com.ar\\\/web\\\/#organization\"},\"potentialAction\":[{\"@type\":\"SearchAction\",\"target\":{\"@type\":\"EntryPoint\",\"urlTemplate\":\"https:\\\/\\\/www.arquimaster.com.ar\\\/web\\\/?s={search_term_string}\"},\"query-input\":{\"@type\":\"PropertyValueSpecification\",\"valueRequired\":true,\"valueName\":\"search_term_string\"}}],\"inLanguage\":\"es\"},{\"@type\":\"Organization\",\"@id\":\"https:\\\/\\\/www.arquimaster.com.ar\\\/web\\\/#organization\",\"name\":\"Arquimaster\",\"url\":\"https:\\\/\\\/www.arquimaster.com.ar\\\/web\\\/\",\"logo\":{\"@type\":\"ImageObject\",\"inLanguage\":\"es\",\"@id\":\"https:\\\/\\\/www.arquimaster.com.ar\\\/web\\\/#\\\/schema\\\/logo\\\/image\\\/\",\"url\":\"https:\\\/\\\/www.arquimaster.com.ar\\\/web\\\/wp-content\\\/uploads\\\/2022\\\/06\\\/arquimaster.png\",\"contentUrl\":\"https:\\\/\\\/www.arquimaster.com.ar\\\/web\\\/wp-content\\\/uploads\\\/2022\\\/06\\\/arquimaster.png\",\"width\":594,\"height\":78,\"caption\":\"Arquimaster\"},\"image\":{\"@id\":\"https:\\\/\\\/www.arquimaster.com.ar\\\/web\\\/#\\\/schema\\\/logo\\\/image\\\/\"},\"sameAs\":[\"http:\\\/\\\/www.facebook.com\\\/ARQUIMASTER.com.ar\",\"https:\\\/\\\/x.com\\\/arquimaster\",\"https:\\\/\\\/www.instagram.com\\\/arquimasterblog\\\/\",\"https:\\\/\\\/www.linkedin.com\\\/company\\\/arquimaster\",\"https:\\\/\\\/www.pinterest.com\\\/arquimaster\",\"https:\\\/\\\/t.me\\\/arquimaster\"]},{\"@type\":\"Person\",\"@id\":\"https:\\\/\\\/www.arquimaster.com.ar\\\/web\\\/#\\\/schema\\\/person\\\/359e9f7c00193fcde068e0dd2ceb0028\",\"name\":\"Arquimaster\"}]}<\/script>\n<!-- \/ Yoast SEO plugin. -->","yoast_head_json":{"title":"Casa Coral \/ Alta Arquitectura - Arquimaster","description":"La casa habla de un juego de sensaciones a trav\u00e9s de sus elementos, el exterior otorga una forma solida que evoca protecci\u00f3n y privacidad, con la calidez de sus materiales.","robots":{"index":"index","follow":"follow","max-snippet":"max-snippet:-1","max-image-preview":"max-image-preview:large","max-video-preview":"max-video-preview:-1"},"canonical":"https:\/\/www.arquimaster.com.ar\/web\/casa-coral-alta-arquitectura\/","og_locale":"es_ES","og_type":"article","og_title":"Casa Coral \/ Alta Arquitectura","og_description":"La casa habla de un juego de sensaciones a trav\u00e9s de sus elementos, el exterior otorga una forma solida que evoca protecci\u00f3n y privacidad, con la calidez de sus materiales.","og_url":"https:\/\/www.arquimaster.com.ar\/web\/casa-coral-alta-arquitectura\/","og_site_name":"Arquimaster","article_publisher":"http:\/\/www.facebook.com\/ARQUIMASTER.com.ar","article_published_time":"2024-10-03T17:26:53+00:00","article_modified_time":"2025-07-24T23:14:32+00:00","og_image":[{"width":698,"height":364,"url":"https:\/\/www.arquimaster.com.ar\/web\/wp-content\/uploads\/2024\/10\/casa_coral_slide.jpg","type":"image\/jpeg"}],"author":"Arquimaster","twitter_card":"summary_large_image","twitter_title":"Casa Coral \/ Alta Arquitectura","twitter_description":"La casa habla de un juego de sensaciones a trav\u00e9s de sus elementos, el exterior otorga una forma solida que evoca protecci\u00f3n y privacidad, con la calidez de sus materiales.","twitter_image":"https:\/\/www.arquimaster.com.ar\/web\/wp-content\/uploads\/2024\/10\/casa_coral_slide.jpg","twitter_creator":"@arquimaster","twitter_site":"@arquimaster","twitter_misc":{"Escrito por":"Arquimaster","Tiempo de lectura":"2 minutos"},"schema":{"@context":"https:\/\/schema.org","@graph":[{"@type":"Article","@id":"https:\/\/www.arquimaster.com.ar\/web\/casa-coral-alta-arquitectura\/#article","isPartOf":{"@id":"https:\/\/www.arquimaster.com.ar\/web\/casa-coral-alta-arquitectura\/"},"author":{"name":"Arquimaster","@id":"https:\/\/www.arquimaster.com.ar\/web\/#\/schema\/person\/359e9f7c00193fcde068e0dd2ceb0028"},"headline":"Casa Coral \/ Alta Arquitectura","datePublished":"2024-10-03T17:26:53+00:00","dateModified":"2025-07-24T23:14:32+00:00","mainEntityOfPage":{"@id":"https:\/\/www.arquimaster.com.ar\/web\/casa-coral-alta-arquitectura\/"},"wordCount":222,"publisher":{"@id":"https:\/\/www.arquimaster.com.ar\/web\/#organization"},"image":{"@id":"https:\/\/www.arquimaster.com.ar\/web\/casa-coral-alta-arquitectura\/#primaryimage"},"thumbnailUrl":"https:\/\/www.arquimaster.com.ar\/web\/wp-content\/uploads\/2024\/10\/casa_coral_slide.jpg","keywords":["Alta Arquitectura","Alvarado","arquitectura residencial","Enrique Carlin","Mexico","Veracruz","vivienda unifamiliar"],"articleSection":["Proyecto","Vivienda unifamiliar y PH"],"inLanguage":"es"},{"@type":"WebPage","@id":"https:\/\/www.arquimaster.com.ar\/web\/casa-coral-alta-arquitectura\/","url":"https:\/\/www.arquimaster.com.ar\/web\/casa-coral-alta-arquitectura\/","name":"Casa Coral \/ Alta Arquitectura - Arquimaster","isPartOf":{"@id":"https:\/\/www.arquimaster.com.ar\/web\/#website"},"primaryImageOfPage":{"@id":"https:\/\/www.arquimaster.com.ar\/web\/casa-coral-alta-arquitectura\/#primaryimage"},"image":{"@id":"https:\/\/www.arquimaster.com.ar\/web\/casa-coral-alta-arquitectura\/#primaryimage"},"thumbnailUrl":"https:\/\/www.arquimaster.com.ar\/web\/wp-content\/uploads\/2024\/10\/casa_coral_slide.jpg","datePublished":"2024-10-03T17:26:53+00:00","dateModified":"2025-07-24T23:14:32+00:00","description":"La casa habla de un juego de sensaciones a trav\u00e9s de sus elementos, el exterior otorga una forma solida que evoca protecci\u00f3n y privacidad, con la calidez de sus materiales.","breadcrumb":{"@id":"https:\/\/www.arquimaster.com.ar\/web\/casa-coral-alta-arquitectura\/#breadcrumb"},"inLanguage":"es","potentialAction":[{"@type":"ReadAction","target":["https:\/\/www.arquimaster.com.ar\/web\/casa-coral-alta-arquitectura\/"]}]},{"@type":"ImageObject","inLanguage":"es","@id":"https:\/\/www.arquimaster.com.ar\/web\/casa-coral-alta-arquitectura\/#primaryimage","url":"https:\/\/www.arquimaster.com.ar\/web\/wp-content\/uploads\/2024\/10\/casa_coral_slide.jpg","contentUrl":"https:\/\/www.arquimaster.com.ar\/web\/wp-content\/uploads\/2024\/10\/casa_coral_slide.jpg","width":698,"height":364,"caption":"Casa Coral \/ Alta Arquitectura"},{"@type":"BreadcrumbList","@id":"https:\/\/www.arquimaster.com.ar\/web\/casa-coral-alta-arquitectura\/#breadcrumb","itemListElement":[{"@type":"ListItem","position":1,"name":"Portada","item":"https:\/\/www.arquimaster.com.ar\/web\/"},{"@type":"ListItem","position":2,"name":"Casa Coral \/ Alta Arquitectura"}]},{"@type":"WebSite","@id":"https:\/\/www.arquimaster.com.ar\/web\/#website","url":"https:\/\/www.arquimaster.com.ar\/web\/","name":"Arquimaster","description":"Web de arquitectura, dise\u00f1o y construccion","publisher":{"@id":"https:\/\/www.arquimaster.com.ar\/web\/#organization"},"potentialAction":[{"@type":"SearchAction","target":{"@type":"EntryPoint","urlTemplate":"https:\/\/www.arquimaster.com.ar\/web\/?s={search_term_string}"},"query-input":{"@type":"PropertyValueSpecification","valueRequired":true,"valueName":"search_term_string"}}],"inLanguage":"es"},{"@type":"Organization","@id":"https:\/\/www.arquimaster.com.ar\/web\/#organization","name":"Arquimaster","url":"https:\/\/www.arquimaster.com.ar\/web\/","logo":{"@type":"ImageObject","inLanguage":"es","@id":"https:\/\/www.arquimaster.com.ar\/web\/#\/schema\/logo\/image\/","url":"https:\/\/www.arquimaster.com.ar\/web\/wp-content\/uploads\/2022\/06\/arquimaster.png","contentUrl":"https:\/\/www.arquimaster.com.ar\/web\/wp-content\/uploads\/2022\/06\/arquimaster.png","width":594,"height":78,"caption":"Arquimaster"},"image":{"@id":"https:\/\/www.arquimaster.com.ar\/web\/#\/schema\/logo\/image\/"},"sameAs":["http:\/\/www.facebook.com\/ARQUIMASTER.com.ar","https:\/\/x.com\/arquimaster","https:\/\/www.instagram.com\/arquimasterblog\/","https:\/\/www.linkedin.com\/company\/arquimaster","https:\/\/www.pinterest.com\/arquimaster","https:\/\/t.me\/arquimaster"]},{"@type":"Person","@id":"https:\/\/www.arquimaster.com.ar\/web\/#\/schema\/person\/359e9f7c00193fcde068e0dd2ceb0028","name":"Arquimaster"}]}},"uagb_featured_image_src":{"full":["https:\/\/www.arquimaster.com.ar\/web\/wp-content\/uploads\/2024\/10\/casa_coral_slide.jpg",698,364,false],"thumbnail":["https:\/\/www.arquimaster.com.ar\/web\/wp-content\/uploads\/2024\/10\/casa_coral_slide-150x150.jpg",150,150,true],"medium":["https:\/\/www.arquimaster.com.ar\/web\/wp-content\/uploads\/2024\/10\/casa_coral_slide.jpg",698,364,false],"medium_large":["https:\/\/www.arquimaster.com.ar\/web\/wp-content\/uploads\/2024\/10\/casa_coral_slide.jpg",698,364,false],"large":["https:\/\/www.arquimaster.com.ar\/web\/wp-content\/uploads\/2024\/10\/casa_coral_slide.jpg",698,364,false],"1536x1536":["https:\/\/www.arquimaster.com.ar\/web\/wp-content\/uploads\/2024\/10\/casa_coral_slide.jpg",698,364,false],"2048x2048":["https:\/\/www.arquimaster.com.ar\/web\/wp-content\/uploads\/2024\/10\/casa_coral_slide.jpg",698,364,false]},"uagb_author_info":{"display_name":"Arquimaster","author_link":"https:\/\/www.arquimaster.com.ar\/web\/author\/arquimaster\/"},"uagb_comment_info":0,"uagb_excerpt":"La casa habla de un juego de sensaciones a trav\u00e9s de sus elementos y materiales...","_links":{"self":[{"href":"https:\/\/www.arquimaster.com.ar\/web\/wp-json\/wp\/v2\/posts\/81152","targetHints":{"allow":["GET"]}}],"collection":[{"href":"https:\/\/www.arquimaster.com.ar\/web\/wp-json\/wp\/v2\/posts"}],"about":[{"href":"https:\/\/www.arquimaster.com.ar\/web\/wp-json\/wp\/v2\/types\/post"}],"author":[{"embeddable":true,"href":"https:\/\/www.arquimaster.com.ar\/web\/wp-json\/wp\/v2\/users\/1"}],"replies":[{"embeddable":true,"href":"https:\/\/www.arquimaster.com.ar\/web\/wp-json\/wp\/v2\/comments?post=81152"}],"version-history":[{"count":3,"href":"https:\/\/www.arquimaster.com.ar\/web\/wp-json\/wp\/v2\/posts\/81152\/revisions"}],"predecessor-version":[{"id":85120,"href":"https:\/\/www.arquimaster.com.ar\/web\/wp-json\/wp\/v2\/posts\/81152\/revisions\/85120"}],"wp:featuredmedia":[{"embeddable":true,"href":"https:\/\/www.arquimaster.com.ar\/web\/wp-json\/wp\/v2\/media\/81153"}],"wp:attachment":[{"href":"https:\/\/www.arquimaster.com.ar\/web\/wp-json\/wp\/v2\/media?parent=81152"}],"wp:term":[{"taxonomy":"category","embeddable":true,"href":"https:\/\/www.arquimaster.com.ar\/web\/wp-json\/wp\/v2\/categories?post=81152"},{"taxonomy":"post_tag","embeddable":true,"href":"https:\/\/www.arquimaster.com.ar\/web\/wp-json\/wp\/v2\/tags?post=81152"}],"curies":[{"name":"wp","href":"https:\/\/api.w.org\/{rel}","templated":true}]}}