{"id":81266,"date":"2024-10-09T13:17:24","date_gmt":"2024-10-09T16:17:24","guid":{"rendered":"https:\/\/www.arquimaster.com.ar\/web\/?p=81266"},"modified":"2025-07-24T20:11:53","modified_gmt":"2025-07-24T23:11:53","slug":"casa-y-paula-vidal","status":"publish","type":"post","link":"https:\/\/www.arquimaster.com.ar\/web\/casa-y-paula-vidal\/","title":{"rendered":"Casa Y \/ Paula Vidal"},"content":{"rendered":"<div style=\"margin-top: 0px; margin-bottom: 0px;\" class=\"sharethis-inline-share-buttons\" ><\/div><div class=\"b812932af2e751442846f039925109de\" data-index=\"1\" style=\"float: none; margin:25px 0 25px 0; text-align:center;\">\n<script async src=\"https:\/\/pagead2.googlesyndication.com\/pagead\/js\/adsbygoogle.js\"><\/script>\r\n<!-- Arquimaster (superior) -->\r\n<ins class=\"adsbygoogle\"\r\n     style=\"display:block\"\r\n     data-ad-client=\"ca-pub-6351072698456832\"\r\n     data-ad-slot=\"6455489680\"\r\n     data-ad-format=\"auto\"\r\n     data-full-width-responsive=\"true\"><\/ins>\r\n<script>\r\n     (adsbygoogle = window.adsbygoogle || []).push({});\r\n<\/script>\n<\/div>\n<p><strong>Casa Y<\/strong> (Madrid, Espa\u00f1a) por <strong>Paula Vidal<\/strong>. Este luminoso y particular apartamento madrile\u00f1o situado en la \u00faltima planta de un edificio del s.XIX, fue anteriormente un espacio sin luz, con siete estancias y perteneci\u00f3 a tres generaciones de prestidigitadores y pianistas de variedades.<\/p>\n<div id='gallery-1' class='gallery galleryid-81266 gallery-columns-3 gallery-size-thumbnail'><figure class='gallery-item'>\n\t\t\t<div class='gallery-icon portrait'>\n\t\t\t\t<a href='https:\/\/www.arquimaster.com.ar\/web\/wp-content\/uploads\/2024\/10\/casa_y_1.jpg' title=\"Casa Y \/ Paula Vidal (\u00a9 Amores Pictures)\" data-rl_title=\"Casa Y \/ Paula Vidal (\u00a9 Amores Pictures)\" class=\"rl-gallery-link\" data-rl_caption=\"Casa Y \/ Paula Vidal (\u00a9 Amores Pictures)\" data-rel=\"lightbox-gallery-1\"><img loading=\"lazy\" decoding=\"async\" width=\"150\" height=\"150\" src=\"https:\/\/www.arquimaster.com.ar\/web\/wp-content\/uploads\/2024\/10\/casa_y_1-150x150.jpg\" class=\"attachment-thumbnail size-thumbnail\" alt=\"Casa Y \/ Paula Vidal\" aria-describedby=\"gallery-1-81268\" \/><\/a>\n\t\t\t<\/div>\n\t\t\t\t<figcaption class='wp-caption-text gallery-caption' id='gallery-1-81268'>\n\t\t\t\tCasa Y \/ Paula Vidal (\u00a9 Amores Pictures)\n\t\t\t\t<\/figcaption><\/figure><figure class='gallery-item'>\n\t\t\t<div class='gallery-icon landscape'>\n\t\t\t\t<a href='https:\/\/www.arquimaster.com.ar\/web\/wp-content\/uploads\/2024\/10\/casa_y_2.jpg' title=\"Casa Y \/ Paula Vidal (\u00a9 Amores Pictures)\" data-rl_title=\"Casa Y \/ Paula Vidal (\u00a9 Amores Pictures)\" class=\"rl-gallery-link\" data-rl_caption=\"Casa Y \/ Paula Vidal (\u00a9 Amores Pictures)\" data-rel=\"lightbox-gallery-1\"><img loading=\"lazy\" decoding=\"async\" width=\"150\" height=\"150\" src=\"https:\/\/www.arquimaster.com.ar\/web\/wp-content\/uploads\/2024\/10\/casa_y_2-150x150.jpg\" class=\"attachment-thumbnail size-thumbnail\" alt=\"Casa Y \/ Paula Vidal\" aria-describedby=\"gallery-1-81269\" \/><\/a>\n\t\t\t<\/div>\n\t\t\t\t<figcaption class='wp-caption-text gallery-caption' id='gallery-1-81269'>\n\t\t\t\tCasa Y \/ Paula Vidal (\u00a9 Amores Pictures)\n\t\t\t\t<\/figcaption><\/figure><figure class='gallery-item'>\n\t\t\t<div class='gallery-icon portrait'>\n\t\t\t\t<a href='https:\/\/www.arquimaster.com.ar\/web\/wp-content\/uploads\/2024\/10\/casa_y_3.jpg' title=\"Casa Y \/ Paula Vidal (\u00a9 Amores Pictures)\" data-rl_title=\"Casa Y \/ Paula Vidal (\u00a9 Amores Pictures)\" class=\"rl-gallery-link\" data-rl_caption=\"Casa Y \/ Paula Vidal (\u00a9 Amores Pictures)\" data-rel=\"lightbox-gallery-1\"><img loading=\"lazy\" decoding=\"async\" width=\"150\" height=\"150\" src=\"https:\/\/www.arquimaster.com.ar\/web\/wp-content\/uploads\/2024\/10\/casa_y_3-150x150.jpg\" class=\"attachment-thumbnail size-thumbnail\" alt=\"Casa Y \/ Paula Vidal\" aria-describedby=\"gallery-1-81270\" \/><\/a>\n\t\t\t<\/div>\n\t\t\t\t<figcaption class='wp-caption-text gallery-caption' id='gallery-1-81270'>\n\t\t\t\tCasa Y \/ Paula Vidal (\u00a9 Amores Pictures)\n\t\t\t\t<\/figcaption><\/figure><figure class='gallery-item'>\n\t\t\t<div class='gallery-icon landscape'>\n\t\t\t\t<a href='https:\/\/www.arquimaster.com.ar\/web\/wp-content\/uploads\/2024\/10\/casa_y_4.jpg' title=\"Casa Y \/ Paula Vidal (\u00a9 Amores Pictures)\" data-rl_title=\"Casa Y \/ Paula Vidal (\u00a9 Amores Pictures)\" class=\"rl-gallery-link\" data-rl_caption=\"Casa Y \/ Paula Vidal (\u00a9 Amores Pictures)\" data-rel=\"lightbox-gallery-1\"><img loading=\"lazy\" decoding=\"async\" width=\"150\" height=\"150\" src=\"https:\/\/www.arquimaster.com.ar\/web\/wp-content\/uploads\/2024\/10\/casa_y_4-150x150.jpg\" class=\"attachment-thumbnail size-thumbnail\" alt=\"Casa Y \/ Paula Vidal\" aria-describedby=\"gallery-1-81271\" \/><\/a>\n\t\t\t<\/div>\n\t\t\t\t<figcaption class='wp-caption-text gallery-caption' id='gallery-1-81271'>\n\t\t\t\tCasa Y \/ Paula Vidal (\u00a9 Amores Pictures)\n\t\t\t\t<\/figcaption><\/figure><figure class='gallery-item'>\n\t\t\t<div class='gallery-icon portrait'>\n\t\t\t\t<a href='https:\/\/www.arquimaster.com.ar\/web\/wp-content\/uploads\/2024\/10\/casa_y_5.jpg' title=\"Casa Y \/ Paula Vidal (\u00a9 Amores Pictures)\" data-rl_title=\"Casa Y \/ Paula Vidal (\u00a9 Amores Pictures)\" class=\"rl-gallery-link\" data-rl_caption=\"Casa Y \/ Paula Vidal (\u00a9 Amores Pictures)\" data-rel=\"lightbox-gallery-1\"><img loading=\"lazy\" decoding=\"async\" width=\"150\" height=\"150\" src=\"https:\/\/www.arquimaster.com.ar\/web\/wp-content\/uploads\/2024\/10\/casa_y_5-150x150.jpg\" class=\"attachment-thumbnail size-thumbnail\" alt=\"Casa Y \/ Paula Vidal\" aria-describedby=\"gallery-1-81272\" \/><\/a>\n\t\t\t<\/div>\n\t\t\t\t<figcaption class='wp-caption-text gallery-caption' id='gallery-1-81272'>\n\t\t\t\tCasa Y \/ Paula Vidal (\u00a9 Amores Pictures)\n\t\t\t\t<\/figcaption><\/figure><figure class='gallery-item'>\n\t\t\t<div class='gallery-icon portrait'>\n\t\t\t\t<a href='https:\/\/www.arquimaster.com.ar\/web\/wp-content\/uploads\/2024\/10\/casa_y_6.jpg' title=\"Casa Y \/ Paula Vidal (\u00a9 Amores Pictures)\" data-rl_title=\"Casa Y \/ Paula Vidal (\u00a9 Amores Pictures)\" class=\"rl-gallery-link\" data-rl_caption=\"Casa Y \/ Paula Vidal (\u00a9 Amores Pictures)\" data-rel=\"lightbox-gallery-1\"><img loading=\"lazy\" decoding=\"async\" width=\"150\" height=\"150\" src=\"https:\/\/www.arquimaster.com.ar\/web\/wp-content\/uploads\/2024\/10\/casa_y_6-150x150.jpg\" class=\"attachment-thumbnail size-thumbnail\" alt=\"Casa Y \/ Paula Vidal\" aria-describedby=\"gallery-1-81273\" \/><\/a>\n\t\t\t<\/div>\n\t\t\t\t<figcaption class='wp-caption-text gallery-caption' id='gallery-1-81273'>\n\t\t\t\tCasa Y \/ Paula Vidal (\u00a9 Amores Pictures)\n\t\t\t\t<\/figcaption><\/figure><figure class='gallery-item'>\n\t\t\t<div class='gallery-icon landscape'>\n\t\t\t\t<a href='https:\/\/www.arquimaster.com.ar\/web\/wp-content\/uploads\/2024\/10\/casa_y_7.jpg' title=\"Casa Y \/ Paula Vidal (\u00a9 Amores Pictures)\" data-rl_title=\"Casa Y \/ Paula Vidal (\u00a9 Amores Pictures)\" class=\"rl-gallery-link\" data-rl_caption=\"Casa Y \/ Paula Vidal (\u00a9 Amores Pictures)\" data-rel=\"lightbox-gallery-1\"><img loading=\"lazy\" decoding=\"async\" width=\"150\" height=\"150\" src=\"https:\/\/www.arquimaster.com.ar\/web\/wp-content\/uploads\/2024\/10\/casa_y_7-150x150.jpg\" class=\"attachment-thumbnail size-thumbnail\" alt=\"Casa Y \/ Paula Vidal\" aria-describedby=\"gallery-1-81274\" srcset=\"https:\/\/www.arquimaster.com.ar\/web\/wp-content\/uploads\/2024\/10\/casa_y_7-150x150.jpg 150w, https:\/\/www.arquimaster.com.ar\/web\/wp-content\/uploads\/2024\/10\/casa_y_7-768x768.jpg 768w, https:\/\/www.arquimaster.com.ar\/web\/wp-content\/uploads\/2024\/10\/casa_y_7.jpg 1500w\" sizes=\"auto, (max-width: 150px) 100vw, 150px\" \/><\/a>\n\t\t\t<\/div>\n\t\t\t\t<figcaption class='wp-caption-text gallery-caption' id='gallery-1-81274'>\n\t\t\t\tCasa Y \/ Paula Vidal (\u00a9 Amores Pictures)\n\t\t\t\t<\/figcaption><\/figure><figure class='gallery-item'>\n\t\t\t<div class='gallery-icon landscape'>\n\t\t\t\t<a href='https:\/\/www.arquimaster.com.ar\/web\/wp-content\/uploads\/2024\/10\/casa_y_8.jpg' title=\"Casa Y \/ Paula Vidal (\u00a9 Amores Pictures)\" data-rl_title=\"Casa Y \/ Paula Vidal (\u00a9 Amores Pictures)\" class=\"rl-gallery-link\" data-rl_caption=\"Casa Y \/ Paula Vidal (\u00a9 Amores Pictures)\" data-rel=\"lightbox-gallery-1\"><img loading=\"lazy\" decoding=\"async\" width=\"150\" height=\"150\" src=\"https:\/\/www.arquimaster.com.ar\/web\/wp-content\/uploads\/2024\/10\/casa_y_8-150x150.jpg\" class=\"attachment-thumbnail size-thumbnail\" alt=\"Casa Y \/ Paula Vidal\" aria-describedby=\"gallery-1-81275\" \/><\/a>\n\t\t\t<\/div>\n\t\t\t\t<figcaption class='wp-caption-text gallery-caption' id='gallery-1-81275'>\n\t\t\t\tCasa Y \/ Paula Vidal (\u00a9 Amores Pictures)\n\t\t\t\t<\/figcaption><\/figure><figure class='gallery-item'>\n\t\t\t<div class='gallery-icon portrait'>\n\t\t\t\t<a href='https:\/\/www.arquimaster.com.ar\/web\/wp-content\/uploads\/2024\/10\/casa_y_9.jpg' title=\"Casa Y \/ Paula Vidal (\u00a9 Amores Pictures)\" data-rl_title=\"Casa Y \/ Paula Vidal (\u00a9 Amores Pictures)\" class=\"rl-gallery-link\" data-rl_caption=\"Casa Y \/ Paula Vidal (\u00a9 Amores Pictures)\" data-rel=\"lightbox-gallery-1\"><img loading=\"lazy\" decoding=\"async\" width=\"150\" height=\"150\" src=\"https:\/\/www.arquimaster.com.ar\/web\/wp-content\/uploads\/2024\/10\/casa_y_9-150x150.jpg\" class=\"attachment-thumbnail size-thumbnail\" alt=\"Casa Y \/ Paula Vidal\" aria-describedby=\"gallery-1-81276\" \/><\/a>\n\t\t\t<\/div>\n\t\t\t\t<figcaption class='wp-caption-text gallery-caption' id='gallery-1-81276'>\n\t\t\t\tCasa Y \/ Paula Vidal (\u00a9 Amores Pictures)\n\t\t\t\t<\/figcaption><\/figure><figure class='gallery-item'>\n\t\t\t<div class='gallery-icon landscape'>\n\t\t\t\t<a href='https:\/\/www.arquimaster.com.ar\/web\/wp-content\/uploads\/2024\/10\/casa_y_10.jpg' title=\"Casa Y \/ Paula Vidal (\u00a9 Amores Pictures)\" data-rl_title=\"Casa Y \/ Paula Vidal (\u00a9 Amores Pictures)\" class=\"rl-gallery-link\" data-rl_caption=\"Casa Y \/ Paula Vidal (\u00a9 Amores Pictures)\" data-rel=\"lightbox-gallery-1\"><img loading=\"lazy\" decoding=\"async\" width=\"150\" height=\"150\" src=\"https:\/\/www.arquimaster.com.ar\/web\/wp-content\/uploads\/2024\/10\/casa_y_10-150x150.jpg\" class=\"attachment-thumbnail size-thumbnail\" alt=\"Casa Y \/ Paula Vidal\" aria-describedby=\"gallery-1-81277\" \/><\/a>\n\t\t\t<\/div>\n\t\t\t\t<figcaption class='wp-caption-text gallery-caption' id='gallery-1-81277'>\n\t\t\t\tCasa Y \/ Paula Vidal (\u00a9 Amores Pictures)\n\t\t\t\t<\/figcaption><\/figure><figure class='gallery-item'>\n\t\t\t<div class='gallery-icon portrait'>\n\t\t\t\t<a href='https:\/\/www.arquimaster.com.ar\/web\/wp-content\/uploads\/2024\/10\/casa_y_11.jpg' title=\"Casa Y \/ Paula Vidal (\u00a9 Amores Pictures)\" data-rl_title=\"Casa Y \/ Paula Vidal (\u00a9 Amores Pictures)\" class=\"rl-gallery-link\" data-rl_caption=\"Casa Y \/ Paula Vidal (\u00a9 Amores Pictures)\" data-rel=\"lightbox-gallery-1\"><img loading=\"lazy\" decoding=\"async\" width=\"150\" height=\"150\" src=\"https:\/\/www.arquimaster.com.ar\/web\/wp-content\/uploads\/2024\/10\/casa_y_11-150x150.jpg\" class=\"attachment-thumbnail size-thumbnail\" alt=\"Casa Y \/ Paula Vidal\" aria-describedby=\"gallery-1-81278\" \/><\/a>\n\t\t\t<\/div>\n\t\t\t\t<figcaption class='wp-caption-text gallery-caption' id='gallery-1-81278'>\n\t\t\t\tCasa Y \/ Paula Vidal (\u00a9 Amores Pictures)\n\t\t\t\t<\/figcaption><\/figure><figure class='gallery-item'>\n\t\t\t<div class='gallery-icon portrait'>\n\t\t\t\t<a href='https:\/\/www.arquimaster.com.ar\/web\/wp-content\/uploads\/2024\/10\/casa_y_12.jpg' title=\"Casa Y \/ Paula Vidal (\u00a9 Amores Pictures)\" data-rl_title=\"Casa Y \/ Paula Vidal (\u00a9 Amores Pictures)\" class=\"rl-gallery-link\" data-rl_caption=\"Casa Y \/ Paula Vidal (\u00a9 Amores Pictures)\" data-rel=\"lightbox-gallery-1\"><img loading=\"lazy\" decoding=\"async\" width=\"150\" height=\"150\" src=\"https:\/\/www.arquimaster.com.ar\/web\/wp-content\/uploads\/2024\/10\/casa_y_12-150x150.jpg\" class=\"attachment-thumbnail size-thumbnail\" alt=\"Casa Y \/ Paula Vidal\" aria-describedby=\"gallery-1-81279\" \/><\/a>\n\t\t\t<\/div>\n\t\t\t\t<figcaption class='wp-caption-text gallery-caption' id='gallery-1-81279'>\n\t\t\t\tCasa Y \/ Paula Vidal (\u00a9 Amores Pictures)\n\t\t\t\t<\/figcaption><\/figure><figure class='gallery-item'>\n\t\t\t<div class='gallery-icon portrait'>\n\t\t\t\t<a href='https:\/\/www.arquimaster.com.ar\/web\/wp-content\/uploads\/2024\/10\/casa_y_13.jpg' title=\"Casa Y \/ Paula Vidal (\u00a9 Amores Pictures)\" data-rl_title=\"Casa Y \/ Paula Vidal (\u00a9 Amores Pictures)\" class=\"rl-gallery-link\" data-rl_caption=\"Casa Y \/ Paula Vidal (\u00a9 Amores Pictures)\" data-rel=\"lightbox-gallery-1\"><img loading=\"lazy\" decoding=\"async\" width=\"150\" height=\"150\" src=\"https:\/\/www.arquimaster.com.ar\/web\/wp-content\/uploads\/2024\/10\/casa_y_13-150x150.jpg\" class=\"attachment-thumbnail size-thumbnail\" alt=\"Casa Y \/ Paula Vidal\" aria-describedby=\"gallery-1-81280\" \/><\/a>\n\t\t\t<\/div>\n\t\t\t\t<figcaption class='wp-caption-text gallery-caption' id='gallery-1-81280'>\n\t\t\t\tCasa Y \/ Paula Vidal (\u00a9 Amores Pictures)\n\t\t\t\t<\/figcaption><\/figure><figure class='gallery-item'>\n\t\t\t<div class='gallery-icon portrait'>\n\t\t\t\t<a href='https:\/\/www.arquimaster.com.ar\/web\/wp-content\/uploads\/2024\/10\/casa_y_14.jpg' title=\"Casa Y \/ Paula Vidal (\u00a9 Amores Pictures)\" data-rl_title=\"Casa Y \/ Paula Vidal (\u00a9 Amores Pictures)\" class=\"rl-gallery-link\" data-rl_caption=\"Casa Y \/ Paula Vidal (\u00a9 Amores Pictures)\" data-rel=\"lightbox-gallery-1\"><img loading=\"lazy\" decoding=\"async\" width=\"150\" height=\"150\" src=\"https:\/\/www.arquimaster.com.ar\/web\/wp-content\/uploads\/2024\/10\/casa_y_14-150x150.jpg\" class=\"attachment-thumbnail size-thumbnail\" alt=\"Casa Y \/ Paula Vidal\" aria-describedby=\"gallery-1-81281\" \/><\/a>\n\t\t\t<\/div>\n\t\t\t\t<figcaption class='wp-caption-text gallery-caption' id='gallery-1-81281'>\n\t\t\t\tCasa Y \/ Paula Vidal (\u00a9 Amores Pictures)\n\t\t\t\t<\/figcaption><\/figure><figure class='gallery-item'>\n\t\t\t<div class='gallery-icon landscape'>\n\t\t\t\t<a href='https:\/\/www.arquimaster.com.ar\/web\/wp-content\/uploads\/2024\/10\/casa_y_15.jpg' title=\"Casa Y \/ Paula Vidal (\u00a9 Amores Pictures)\" data-rl_title=\"Casa Y \/ Paula Vidal (\u00a9 Amores Pictures)\" class=\"rl-gallery-link\" data-rl_caption=\"Casa Y \/ Paula Vidal (\u00a9 Amores Pictures)\" data-rel=\"lightbox-gallery-1\"><img loading=\"lazy\" decoding=\"async\" width=\"150\" height=\"150\" src=\"https:\/\/www.arquimaster.com.ar\/web\/wp-content\/uploads\/2024\/10\/casa_y_15-150x150.jpg\" class=\"attachment-thumbnail size-thumbnail\" alt=\"Casa Y \/ Paula Vidal\" aria-describedby=\"gallery-1-81282\" srcset=\"https:\/\/www.arquimaster.com.ar\/web\/wp-content\/uploads\/2024\/10\/casa_y_15-150x150.jpg 150w, https:\/\/www.arquimaster.com.ar\/web\/wp-content\/uploads\/2024\/10\/casa_y_15-768x768.jpg 768w, https:\/\/www.arquimaster.com.ar\/web\/wp-content\/uploads\/2024\/10\/casa_y_15.jpg 1500w\" sizes=\"auto, (max-width: 150px) 100vw, 150px\" \/><\/a>\n\t\t\t<\/div>\n\t\t\t\t<figcaption class='wp-caption-text gallery-caption' id='gallery-1-81282'>\n\t\t\t\tCasa Y \/ Paula Vidal (\u00a9 Amores Pictures)\n\t\t\t\t<\/figcaption><\/figure><figure class='gallery-item'>\n\t\t\t<div class='gallery-icon portrait'>\n\t\t\t\t<a href='https:\/\/www.arquimaster.com.ar\/web\/wp-content\/uploads\/2024\/10\/casa_y_16.jpg' title=\"Casa Y \/ Paula Vidal (\u00a9 Amores Pictures)\" data-rl_title=\"Casa Y \/ Paula Vidal (\u00a9 Amores Pictures)\" class=\"rl-gallery-link\" data-rl_caption=\"Casa Y \/ Paula Vidal (\u00a9 Amores Pictures)\" data-rel=\"lightbox-gallery-1\"><img loading=\"lazy\" decoding=\"async\" width=\"150\" height=\"150\" src=\"https:\/\/www.arquimaster.com.ar\/web\/wp-content\/uploads\/2024\/10\/casa_y_16-150x150.jpg\" class=\"attachment-thumbnail size-thumbnail\" alt=\"Casa Y \/ Paula Vidal\" aria-describedby=\"gallery-1-81283\" \/><\/a>\n\t\t\t<\/div>\n\t\t\t\t<figcaption class='wp-caption-text gallery-caption' id='gallery-1-81283'>\n\t\t\t\tCasa Y \/ Paula Vidal (\u00a9 Amores Pictures)\n\t\t\t\t<\/figcaption><\/figure><figure class='gallery-item'>\n\t\t\t<div class='gallery-icon landscape'>\n\t\t\t\t<a href='https:\/\/www.arquimaster.com.ar\/web\/wp-content\/uploads\/2024\/10\/casa_y_17.jpg' title=\"Casa Y \/ Paula Vidal (\u00a9 Amores Pictures)\" data-rl_title=\"Casa Y \/ Paula Vidal (\u00a9 Amores Pictures)\" class=\"rl-gallery-link\" data-rl_caption=\"Casa Y \/ Paula Vidal (\u00a9 Amores Pictures)\" data-rel=\"lightbox-gallery-1\"><img loading=\"lazy\" decoding=\"async\" width=\"150\" height=\"150\" src=\"https:\/\/www.arquimaster.com.ar\/web\/wp-content\/uploads\/2024\/10\/casa_y_17-150x150.jpg\" class=\"attachment-thumbnail size-thumbnail\" alt=\"Casa Y \/ Paula Vidal\" aria-describedby=\"gallery-1-81284\" srcset=\"https:\/\/www.arquimaster.com.ar\/web\/wp-content\/uploads\/2024\/10\/casa_y_17-150x150.jpg 150w, https:\/\/www.arquimaster.com.ar\/web\/wp-content\/uploads\/2024\/10\/casa_y_17-768x768.jpg 768w, https:\/\/www.arquimaster.com.ar\/web\/wp-content\/uploads\/2024\/10\/casa_y_17.jpg 1500w\" sizes=\"auto, (max-width: 150px) 100vw, 150px\" \/><\/a>\n\t\t\t<\/div>\n\t\t\t\t<figcaption class='wp-caption-text gallery-caption' id='gallery-1-81284'>\n\t\t\t\tCasa Y \/ Paula Vidal (\u00a9 Amores Pictures)\n\t\t\t\t<\/figcaption><\/figure><figure class='gallery-item'>\n\t\t\t<div class='gallery-icon portrait'>\n\t\t\t\t<a href='https:\/\/www.arquimaster.com.ar\/web\/wp-content\/uploads\/2024\/10\/casa_y_18.jpg' title=\"Casa Y \/ Paula Vidal (\u00a9 Amores Pictures)\" data-rl_title=\"Casa Y \/ Paula Vidal (\u00a9 Amores Pictures)\" class=\"rl-gallery-link\" data-rl_caption=\"Casa Y \/ Paula Vidal (\u00a9 Amores Pictures)\" data-rel=\"lightbox-gallery-1\"><img loading=\"lazy\" decoding=\"async\" width=\"150\" height=\"150\" src=\"https:\/\/www.arquimaster.com.ar\/web\/wp-content\/uploads\/2024\/10\/casa_y_18-150x150.jpg\" class=\"attachment-thumbnail size-thumbnail\" alt=\"Casa Y \/ Paula Vidal\" aria-describedby=\"gallery-1-81285\" \/><\/a>\n\t\t\t<\/div>\n\t\t\t\t<figcaption class='wp-caption-text gallery-caption' id='gallery-1-81285'>\n\t\t\t\tCasa Y \/ Paula Vidal (\u00a9 Amores Pictures)\n\t\t\t\t<\/figcaption><\/figure><figure class='gallery-item'>\n\t\t\t<div class='gallery-icon portrait'>\n\t\t\t\t<a href='https:\/\/www.arquimaster.com.ar\/web\/wp-content\/uploads\/2024\/10\/casa_y_19.jpg' title=\"Casa Y \/ Paula Vidal (\u00a9 Amores Pictures)\" data-rl_title=\"Casa Y \/ Paula Vidal (\u00a9 Amores Pictures)\" class=\"rl-gallery-link\" data-rl_caption=\"Casa Y \/ Paula Vidal (\u00a9 Amores Pictures)\" data-rel=\"lightbox-gallery-1\"><img loading=\"lazy\" decoding=\"async\" width=\"150\" height=\"150\" src=\"https:\/\/www.arquimaster.com.ar\/web\/wp-content\/uploads\/2024\/10\/casa_y_19-150x150.jpg\" class=\"attachment-thumbnail size-thumbnail\" alt=\"Casa Y \/ Paula Vidal\" aria-describedby=\"gallery-1-81286\" \/><\/a>\n\t\t\t<\/div>\n\t\t\t\t<figcaption class='wp-caption-text gallery-caption' id='gallery-1-81286'>\n\t\t\t\tCasa Y \/ Paula Vidal (\u00a9 Amores Pictures)\n\t\t\t\t<\/figcaption><\/figure><figure class='gallery-item'>\n\t\t\t<div class='gallery-icon portrait'>\n\t\t\t\t<a href='https:\/\/www.arquimaster.com.ar\/web\/wp-content\/uploads\/2024\/10\/casa_y_20.jpg' title=\"Casa Y \/ Paula Vidal (\u00a9 Amores Pictures)\" data-rl_title=\"Casa Y \/ Paula Vidal (\u00a9 Amores Pictures)\" class=\"rl-gallery-link\" data-rl_caption=\"Casa Y \/ Paula Vidal (\u00a9 Amores Pictures)\" data-rel=\"lightbox-gallery-1\"><img loading=\"lazy\" decoding=\"async\" width=\"150\" height=\"150\" src=\"https:\/\/www.arquimaster.com.ar\/web\/wp-content\/uploads\/2024\/10\/casa_y_20-150x150.jpg\" class=\"attachment-thumbnail size-thumbnail\" alt=\"Casa Y \/ Paula Vidal\" aria-describedby=\"gallery-1-81287\" \/><\/a>\n\t\t\t<\/div>\n\t\t\t\t<figcaption class='wp-caption-text gallery-caption' id='gallery-1-81287'>\n\t\t\t\tCasa Y \/ Paula Vidal (\u00a9 Amores Pictures)\n\t\t\t\t<\/figcaption><\/figure><figure class='gallery-item'>\n\t\t\t<div class='gallery-icon landscape'>\n\t\t\t\t<a href='https:\/\/www.arquimaster.com.ar\/web\/wp-content\/uploads\/2024\/10\/casa_y_21.jpg' title=\"Casa Y \/ Paula Vidal (\u00a9 Amores Pictures)\" data-rl_title=\"Casa Y \/ Paula Vidal (\u00a9 Amores Pictures)\" class=\"rl-gallery-link\" data-rl_caption=\"Casa Y \/ Paula Vidal (\u00a9 Amores Pictures)\" data-rel=\"lightbox-gallery-1\"><img loading=\"lazy\" decoding=\"async\" width=\"150\" height=\"150\" src=\"https:\/\/www.arquimaster.com.ar\/web\/wp-content\/uploads\/2024\/10\/casa_y_21-150x150.jpg\" class=\"attachment-thumbnail size-thumbnail\" alt=\"Casa Y \/ Paula Vidal\" aria-describedby=\"gallery-1-81288\" srcset=\"https:\/\/www.arquimaster.com.ar\/web\/wp-content\/uploads\/2024\/10\/casa_y_21-150x150.jpg 150w, https:\/\/www.arquimaster.com.ar\/web\/wp-content\/uploads\/2024\/10\/casa_y_21-768x768.jpg 768w, https:\/\/www.arquimaster.com.ar\/web\/wp-content\/uploads\/2024\/10\/casa_y_21.jpg 1500w\" sizes=\"auto, (max-width: 150px) 100vw, 150px\" \/><\/a>\n\t\t\t<\/div>\n\t\t\t\t<figcaption class='wp-caption-text gallery-caption' id='gallery-1-81288'>\n\t\t\t\tCasa Y \/ Paula Vidal (\u00a9 Amores Pictures)\n\t\t\t\t<\/figcaption><\/figure><figure class='gallery-item'>\n\t\t\t<div class='gallery-icon portrait'>\n\t\t\t\t<a href='https:\/\/www.arquimaster.com.ar\/web\/wp-content\/uploads\/2024\/10\/casa_y_22.jpg' title=\"Casa Y \/ Paula Vidal (\u00a9 Amores Pictures)\" data-rl_title=\"Casa Y \/ Paula Vidal (\u00a9 Amores Pictures)\" class=\"rl-gallery-link\" data-rl_caption=\"Casa Y \/ Paula Vidal (\u00a9 Amores Pictures)\" data-rel=\"lightbox-gallery-1\"><img loading=\"lazy\" decoding=\"async\" width=\"150\" height=\"150\" src=\"https:\/\/www.arquimaster.com.ar\/web\/wp-content\/uploads\/2024\/10\/casa_y_22-150x150.jpg\" class=\"attachment-thumbnail size-thumbnail\" alt=\"Casa Y \/ Paula Vidal\" aria-describedby=\"gallery-1-81289\" \/><\/a>\n\t\t\t<\/div>\n\t\t\t\t<figcaption class='wp-caption-text gallery-caption' id='gallery-1-81289'>\n\t\t\t\tCasa Y \/ Paula Vidal (\u00a9 Amores Pictures)\n\t\t\t\t<\/figcaption><\/figure><figure class='gallery-item'>\n\t\t\t<div class='gallery-icon portrait'>\n\t\t\t\t<a href='https:\/\/www.arquimaster.com.ar\/web\/wp-content\/uploads\/2024\/10\/casa_y_23.jpg' title=\"Casa Y \/ Paula Vidal (\u00a9 Amores Pictures)\" data-rl_title=\"Casa Y \/ Paula Vidal (\u00a9 Amores Pictures)\" class=\"rl-gallery-link\" data-rl_caption=\"Casa Y \/ Paula Vidal (\u00a9 Amores Pictures)\" data-rel=\"lightbox-gallery-1\"><img loading=\"lazy\" decoding=\"async\" width=\"150\" height=\"150\" src=\"https:\/\/www.arquimaster.com.ar\/web\/wp-content\/uploads\/2024\/10\/casa_y_23-150x150.jpg\" class=\"attachment-thumbnail size-thumbnail\" alt=\"Casa Y \/ Paula Vidal\" aria-describedby=\"gallery-1-81290\" \/><\/a>\n\t\t\t<\/div>\n\t\t\t\t<figcaption class='wp-caption-text gallery-caption' id='gallery-1-81290'>\n\t\t\t\tCasa Y \/ Paula Vidal (\u00a9 Amores Pictures)\n\t\t\t\t<\/figcaption><\/figure><figure class='gallery-item'>\n\t\t\t<div class='gallery-icon landscape'>\n\t\t\t\t<a href='https:\/\/www.arquimaster.com.ar\/web\/wp-content\/uploads\/2024\/10\/casa_y_24.jpg' title=\"Casa Y \/ Paula Vidal (\u00a9 Amores Pictures)\" data-rl_title=\"Casa Y \/ Paula Vidal (\u00a9 Amores Pictures)\" class=\"rl-gallery-link\" data-rl_caption=\"Casa Y \/ Paula Vidal (\u00a9 Amores Pictures)\" data-rel=\"lightbox-gallery-1\"><img loading=\"lazy\" decoding=\"async\" width=\"150\" height=\"150\" src=\"https:\/\/www.arquimaster.com.ar\/web\/wp-content\/uploads\/2024\/10\/casa_y_24-150x150.jpg\" class=\"attachment-thumbnail size-thumbnail\" alt=\"Casa Y \/ Paula Vidal\" aria-describedby=\"gallery-1-81291\" \/><\/a>\n\t\t\t<\/div>\n\t\t\t\t<figcaption class='wp-caption-text gallery-caption' id='gallery-1-81291'>\n\t\t\t\tCasa Y \/ Paula Vidal (\u00a9 Amores Pictures)\n\t\t\t\t<\/figcaption><\/figure><figure class='gallery-item'>\n\t\t\t<div class='gallery-icon portrait'>\n\t\t\t\t<a href='https:\/\/www.arquimaster.com.ar\/web\/wp-content\/uploads\/2024\/10\/casa_y_25.jpg' title=\"Casa Y \/ Paula Vidal (\u00a9 Amores Pictures)\" data-rl_title=\"Casa Y \/ Paula Vidal (\u00a9 Amores Pictures)\" class=\"rl-gallery-link\" data-rl_caption=\"Casa Y \/ Paula Vidal (\u00a9 Amores Pictures)\" data-rel=\"lightbox-gallery-1\"><img loading=\"lazy\" decoding=\"async\" width=\"150\" height=\"150\" src=\"https:\/\/www.arquimaster.com.ar\/web\/wp-content\/uploads\/2024\/10\/casa_y_25-150x150.jpg\" class=\"attachment-thumbnail size-thumbnail\" alt=\"Casa Y \/ Paula Vidal\" aria-describedby=\"gallery-1-81292\" \/><\/a>\n\t\t\t<\/div>\n\t\t\t\t<figcaption class='wp-caption-text gallery-caption' id='gallery-1-81292'>\n\t\t\t\tCasa Y \/ Paula Vidal (\u00a9 Amores Pictures)\n\t\t\t\t<\/figcaption><\/figure><figure class='gallery-item'>\n\t\t\t<div class='gallery-icon landscape'>\n\t\t\t\t<a href='https:\/\/www.arquimaster.com.ar\/web\/wp-content\/uploads\/2024\/10\/casa_y_26.jpg' title=\"Casa Y \/ Paula Vidal (\u00a9 Amores Pictures)\" data-rl_title=\"Casa Y \/ Paula Vidal (\u00a9 Amores Pictures)\" class=\"rl-gallery-link\" data-rl_caption=\"Casa Y \/ Paula Vidal (\u00a9 Amores Pictures)\" data-rel=\"lightbox-gallery-1\"><img loading=\"lazy\" decoding=\"async\" width=\"150\" height=\"150\" src=\"https:\/\/www.arquimaster.com.ar\/web\/wp-content\/uploads\/2024\/10\/casa_y_26-150x150.jpg\" class=\"attachment-thumbnail size-thumbnail\" alt=\"Casa Y \/ Paula Vidal\" aria-describedby=\"gallery-1-81293\" \/><\/a>\n\t\t\t<\/div>\n\t\t\t\t<figcaption class='wp-caption-text gallery-caption' id='gallery-1-81293'>\n\t\t\t\tCasa Y \/ Paula Vidal (\u00a9 Amores Pictures)\n\t\t\t\t<\/figcaption><\/figure><figure class='gallery-item'>\n\t\t\t<div class='gallery-icon portrait'>\n\t\t\t\t<a href='https:\/\/www.arquimaster.com.ar\/web\/wp-content\/uploads\/2024\/10\/casa_y_27.jpg' title=\"Casa Y \/ Paula Vidal (\u00a9 Amores Pictures)\" data-rl_title=\"Casa Y \/ Paula Vidal (\u00a9 Amores Pictures)\" class=\"rl-gallery-link\" data-rl_caption=\"Casa Y \/ Paula Vidal (\u00a9 Amores Pictures)\" data-rel=\"lightbox-gallery-1\"><img loading=\"lazy\" decoding=\"async\" width=\"150\" height=\"150\" src=\"https:\/\/www.arquimaster.com.ar\/web\/wp-content\/uploads\/2024\/10\/casa_y_27-150x150.jpg\" class=\"attachment-thumbnail size-thumbnail\" alt=\"Casa Y \/ Paula Vidal\" aria-describedby=\"gallery-1-81294\" \/><\/a>\n\t\t\t<\/div>\n\t\t\t\t<figcaption class='wp-caption-text gallery-caption' id='gallery-1-81294'>\n\t\t\t\tCasa Y \/ Paula Vidal (\u00a9 Amores Pictures)\n\t\t\t\t<\/figcaption><\/figure><figure class='gallery-item'>\n\t\t\t<div class='gallery-icon portrait'>\n\t\t\t\t<a href='https:\/\/www.arquimaster.com.ar\/web\/wp-content\/uploads\/2024\/10\/casa_y_28.jpg' title=\"Casa Y \/ Paula Vidal (\u00a9 Amores Pictures)\" data-rl_title=\"Casa Y \/ Paula Vidal (\u00a9 Amores Pictures)\" class=\"rl-gallery-link\" data-rl_caption=\"Casa Y \/ Paula Vidal (\u00a9 Amores Pictures)\" data-rel=\"lightbox-gallery-1\"><img loading=\"lazy\" decoding=\"async\" width=\"150\" height=\"150\" src=\"https:\/\/www.arquimaster.com.ar\/web\/wp-content\/uploads\/2024\/10\/casa_y_28-150x150.jpg\" class=\"attachment-thumbnail size-thumbnail\" alt=\"Casa Y \/ Paula Vidal\" aria-describedby=\"gallery-1-81295\" \/><\/a>\n\t\t\t<\/div>\n\t\t\t\t<figcaption class='wp-caption-text gallery-caption' id='gallery-1-81295'>\n\t\t\t\tCasa Y \/ Paula Vidal (\u00a9 Amores Pictures)\n\t\t\t\t<\/figcaption><\/figure><figure class='gallery-item'>\n\t\t\t<div class='gallery-icon portrait'>\n\t\t\t\t<a href='https:\/\/www.arquimaster.com.ar\/web\/wp-content\/uploads\/2024\/10\/casa_y_29.jpg' title=\"Casa Y \/ Paula Vidal (\u00a9 Amores Pictures)\" data-rl_title=\"Casa Y \/ Paula Vidal (\u00a9 Amores Pictures)\" class=\"rl-gallery-link\" data-rl_caption=\"Casa Y \/ Paula Vidal (\u00a9 Amores Pictures)\" data-rel=\"lightbox-gallery-1\"><img loading=\"lazy\" decoding=\"async\" width=\"150\" height=\"150\" src=\"https:\/\/www.arquimaster.com.ar\/web\/wp-content\/uploads\/2024\/10\/casa_y_29-150x150.jpg\" class=\"attachment-thumbnail size-thumbnail\" alt=\"Casa Y \/ Paula Vidal\" aria-describedby=\"gallery-1-81296\" \/><\/a>\n\t\t\t<\/div>\n\t\t\t\t<figcaption class='wp-caption-text gallery-caption' id='gallery-1-81296'>\n\t\t\t\tCasa Y \/ Paula Vidal (\u00a9 Amores Pictures)\n\t\t\t\t<\/figcaption><\/figure><figure class='gallery-item'>\n\t\t\t<div class='gallery-icon portrait'>\n\t\t\t\t<a href='https:\/\/www.arquimaster.com.ar\/web\/wp-content\/uploads\/2024\/10\/casa_y_30.jpg' title=\"Casa Y \/ Paula Vidal (\u00a9 Amores Pictures)\" data-rl_title=\"Casa Y \/ Paula Vidal (\u00a9 Amores Pictures)\" class=\"rl-gallery-link\" data-rl_caption=\"Casa Y \/ Paula Vidal (\u00a9 Amores Pictures)\" data-rel=\"lightbox-gallery-1\"><img loading=\"lazy\" decoding=\"async\" width=\"150\" height=\"150\" src=\"https:\/\/www.arquimaster.com.ar\/web\/wp-content\/uploads\/2024\/10\/casa_y_30-150x150.jpg\" class=\"attachment-thumbnail size-thumbnail\" alt=\"Casa Y \/ Paula Vidal\" aria-describedby=\"gallery-1-81297\" \/><\/a>\n\t\t\t<\/div>\n\t\t\t\t<figcaption class='wp-caption-text gallery-caption' id='gallery-1-81297'>\n\t\t\t\tCasa Y \/ Paula Vidal (\u00a9 Amores Pictures)\n\t\t\t\t<\/figcaption><\/figure><figure class='gallery-item'>\n\t\t\t<div class='gallery-icon landscape'>\n\t\t\t\t<a href='https:\/\/www.arquimaster.com.ar\/web\/wp-content\/uploads\/2024\/10\/casa_y_31.jpg' title=\"Casa Y \/ Paula Vidal (\u00a9 Amores Pictures)\" data-rl_title=\"Casa Y \/ Paula Vidal (\u00a9 Amores Pictures)\" class=\"rl-gallery-link\" data-rl_caption=\"Casa Y \/ Paula Vidal (\u00a9 Amores Pictures)\" data-rel=\"lightbox-gallery-1\"><img loading=\"lazy\" decoding=\"async\" width=\"150\" height=\"150\" src=\"https:\/\/www.arquimaster.com.ar\/web\/wp-content\/uploads\/2024\/10\/casa_y_31-150x150.jpg\" class=\"attachment-thumbnail size-thumbnail\" alt=\"Casa Y \/ Paula Vidal\" aria-describedby=\"gallery-1-81298\" \/><\/a>\n\t\t\t<\/div>\n\t\t\t\t<figcaption class='wp-caption-text gallery-caption' id='gallery-1-81298'>\n\t\t\t\tCasa Y \/ Paula Vidal (\u00a9 Amores Pictures)\n\t\t\t\t<\/figcaption><\/figure><figure class='gallery-item'>\n\t\t\t<div class='gallery-icon landscape'>\n\t\t\t\t<a href='https:\/\/www.arquimaster.com.ar\/web\/wp-content\/uploads\/2024\/10\/casa_y_32.jpg' title=\"Casa Y \/ Paula Vidal (\u00a9 Mario Andrei)\" data-rl_title=\"Casa Y \/ Paula Vidal (\u00a9 Mario Andrei)\" class=\"rl-gallery-link\" data-rl_caption=\"Casa Y \/ Paula Vidal (\u00a9 Mario Andrei)\" data-rel=\"lightbox-gallery-1\"><img loading=\"lazy\" decoding=\"async\" width=\"150\" height=\"150\" src=\"https:\/\/www.arquimaster.com.ar\/web\/wp-content\/uploads\/2024\/10\/casa_y_32-150x150.jpg\" class=\"attachment-thumbnail size-thumbnail\" alt=\"Casa Y \/ Paula Vidal\" aria-describedby=\"gallery-1-81299\" \/><\/a>\n\t\t\t<\/div>\n\t\t\t\t<figcaption class='wp-caption-text gallery-caption' id='gallery-1-81299'>\n\t\t\t\tCasa Y \/ Paula Vidal (\u00a9 Mario Andrei)\n\t\t\t\t<\/figcaption><\/figure><figure class='gallery-item'>\n\t\t\t<div class='gallery-icon portrait'>\n\t\t\t\t<a href='https:\/\/www.arquimaster.com.ar\/web\/wp-content\/uploads\/2024\/10\/casa_y_33.jpg' title=\"Casa Y \/ Paula Vidal (\u00a9 Mario Andrei)\" data-rl_title=\"Casa Y \/ Paula Vidal (\u00a9 Mario Andrei)\" class=\"rl-gallery-link\" data-rl_caption=\"Casa Y \/ Paula Vidal (\u00a9 Mario Andrei)\" data-rel=\"lightbox-gallery-1\"><img loading=\"lazy\" decoding=\"async\" width=\"150\" height=\"150\" src=\"https:\/\/www.arquimaster.com.ar\/web\/wp-content\/uploads\/2024\/10\/casa_y_33-150x150.jpg\" class=\"attachment-thumbnail size-thumbnail\" alt=\"Casa Y \/ Paula Vidal\" aria-describedby=\"gallery-1-81300\" \/><\/a>\n\t\t\t<\/div>\n\t\t\t\t<figcaption class='wp-caption-text gallery-caption' id='gallery-1-81300'>\n\t\t\t\tCasa Y \/ Paula Vidal (\u00a9 Mario Andrei)\n\t\t\t\t<\/figcaption><\/figure><figure class='gallery-item'>\n\t\t\t<div class='gallery-icon landscape'>\n\t\t\t\t<a href='https:\/\/www.arquimaster.com.ar\/web\/wp-content\/uploads\/2024\/10\/casa_y_34.jpg' title=\"Casa Y \/ Paula Vidal (\u00a9 Mario Andrei)\" data-rl_title=\"Casa Y \/ Paula Vidal (\u00a9 Mario Andrei)\" class=\"rl-gallery-link\" data-rl_caption=\"Casa Y \/ Paula Vidal (\u00a9 Mario Andrei)\" data-rel=\"lightbox-gallery-1\"><img loading=\"lazy\" decoding=\"async\" width=\"150\" height=\"150\" src=\"https:\/\/www.arquimaster.com.ar\/web\/wp-content\/uploads\/2024\/10\/casa_y_34-150x150.jpg\" class=\"attachment-thumbnail size-thumbnail\" alt=\"Casa Y \/ Paula Vidal\" aria-describedby=\"gallery-1-81301\" \/><\/a>\n\t\t\t<\/div>\n\t\t\t\t<figcaption class='wp-caption-text gallery-caption' id='gallery-1-81301'>\n\t\t\t\tCasa Y \/ Paula Vidal (\u00a9 Mario Andrei)\n\t\t\t\t<\/figcaption><\/figure><figure class='gallery-item'>\n\t\t\t<div class='gallery-icon portrait'>\n\t\t\t\t<a href='https:\/\/www.arquimaster.com.ar\/web\/wp-content\/uploads\/2024\/10\/casa_y_35.jpg' title=\"Casa Y \/ Paula Vidal (\u00a9 Mario Andrei)\" data-rl_title=\"Casa Y \/ Paula Vidal (\u00a9 Mario Andrei)\" class=\"rl-gallery-link\" data-rl_caption=\"Casa Y \/ Paula Vidal (\u00a9 Mario Andrei)\" data-rel=\"lightbox-gallery-1\"><img loading=\"lazy\" decoding=\"async\" width=\"150\" height=\"150\" src=\"https:\/\/www.arquimaster.com.ar\/web\/wp-content\/uploads\/2024\/10\/casa_y_35-150x150.jpg\" class=\"attachment-thumbnail size-thumbnail\" alt=\"Casa Y \/ Paula Vidal\" aria-describedby=\"gallery-1-81302\" \/><\/a>\n\t\t\t<\/div>\n\t\t\t\t<figcaption class='wp-caption-text gallery-caption' id='gallery-1-81302'>\n\t\t\t\tCasa Y \/ Paula Vidal (\u00a9 Mario Andrei)\n\t\t\t\t<\/figcaption><\/figure><figure class='gallery-item'>\n\t\t\t<div class='gallery-icon landscape'>\n\t\t\t\t<a href='https:\/\/www.arquimaster.com.ar\/web\/wp-content\/uploads\/2024\/10\/casa_y_36.jpg' title=\"Casa Y \/ Paula Vidal (\u00a9 Mario Andrei)\" data-rl_title=\"Casa Y \/ Paula Vidal (\u00a9 Mario Andrei)\" class=\"rl-gallery-link\" data-rl_caption=\"Casa Y \/ Paula Vidal (\u00a9 Mario Andrei)\" data-rel=\"lightbox-gallery-1\"><img loading=\"lazy\" decoding=\"async\" width=\"150\" height=\"150\" src=\"https:\/\/www.arquimaster.com.ar\/web\/wp-content\/uploads\/2024\/10\/casa_y_36-150x150.jpg\" class=\"attachment-thumbnail size-thumbnail\" alt=\"Casa Y \/ Paula Vidal\" aria-describedby=\"gallery-1-81303\" \/><\/a>\n\t\t\t<\/div>\n\t\t\t\t<figcaption class='wp-caption-text gallery-caption' id='gallery-1-81303'>\n\t\t\t\tCasa Y \/ Paula Vidal (\u00a9 Mario Andrei)\n\t\t\t\t<\/figcaption><\/figure><figure class='gallery-item'>\n\t\t\t<div class='gallery-icon landscape'>\n\t\t\t\t<a href='https:\/\/www.arquimaster.com.ar\/web\/wp-content\/uploads\/2024\/10\/casa_y_37.jpg' title=\"Casa Y \/ Paula Vidal (\u00a9 Mario Andrei)\" data-rl_title=\"Casa Y \/ Paula Vidal (\u00a9 Mario Andrei)\" class=\"rl-gallery-link\" data-rl_caption=\"Casa Y \/ Paula Vidal (\u00a9 Mario Andrei)\" data-rel=\"lightbox-gallery-1\"><img loading=\"lazy\" decoding=\"async\" width=\"150\" height=\"150\" src=\"https:\/\/www.arquimaster.com.ar\/web\/wp-content\/uploads\/2024\/10\/casa_y_37-150x150.jpg\" class=\"attachment-thumbnail size-thumbnail\" alt=\"Casa Y \/ Paula Vidal\" aria-describedby=\"gallery-1-81304\" \/><\/a>\n\t\t\t<\/div>\n\t\t\t\t<figcaption class='wp-caption-text gallery-caption' id='gallery-1-81304'>\n\t\t\t\tCasa Y \/ Paula Vidal (\u00a9 Mario Andrei)\n\t\t\t\t<\/figcaption><\/figure><figure class='gallery-item'>\n\t\t\t<div class='gallery-icon landscape'>\n\t\t\t\t<a href='https:\/\/www.arquimaster.com.ar\/web\/wp-content\/uploads\/2024\/10\/casa_y_38.jpg' title=\"Casa Y \/ Paula Vidal (\u00a9 Paula Vidal)\" data-rl_title=\"Casa Y \/ Paula Vidal (\u00a9 Paula Vidal)\" class=\"rl-gallery-link\" data-rl_caption=\"Casa Y \/ Paula Vidal (\u00a9 Paula Vidal)\" data-rel=\"lightbox-gallery-1\"><img loading=\"lazy\" decoding=\"async\" width=\"150\" height=\"150\" src=\"https:\/\/www.arquimaster.com.ar\/web\/wp-content\/uploads\/2024\/10\/casa_y_38-150x150.jpg\" class=\"attachment-thumbnail size-thumbnail\" alt=\"Casa Y \/ Paula Vidal\" aria-describedby=\"gallery-1-81305\" \/><\/a>\n\t\t\t<\/div>\n\t\t\t\t<figcaption class='wp-caption-text gallery-caption' id='gallery-1-81305'>\n\t\t\t\tCasa Y \/ Paula Vidal (\u00a9 Paula Vidal)\n\t\t\t\t<\/figcaption><\/figure><figure class='gallery-item'>\n\t\t\t<div class='gallery-icon landscape'>\n\t\t\t\t<a href='https:\/\/www.arquimaster.com.ar\/web\/wp-content\/uploads\/2024\/10\/casa_y_39.jpg' title=\"Casa Y \/ Paula Vidal (planta)\" data-rl_title=\"Casa Y \/ Paula Vidal (planta)\" class=\"rl-gallery-link\" data-rl_caption=\"Casa Y \/ Paula Vidal (planta)\" data-rel=\"lightbox-gallery-1\"><img loading=\"lazy\" decoding=\"async\" width=\"150\" height=\"150\" src=\"https:\/\/www.arquimaster.com.ar\/web\/wp-content\/uploads\/2024\/10\/casa_y_39-150x150.jpg\" class=\"attachment-thumbnail size-thumbnail\" alt=\"Casa Y \/ Paula Vidal\" aria-describedby=\"gallery-1-81306\" srcset=\"https:\/\/www.arquimaster.com.ar\/web\/wp-content\/uploads\/2024\/10\/casa_y_39-150x150.jpg 150w, https:\/\/www.arquimaster.com.ar\/web\/wp-content\/uploads\/2024\/10\/casa_y_39-768x768.jpg 768w, https:\/\/www.arquimaster.com.ar\/web\/wp-content\/uploads\/2024\/10\/casa_y_39-1536x1536.jpg 1536w, https:\/\/www.arquimaster.com.ar\/web\/wp-content\/uploads\/2024\/10\/casa_y_39.jpg 2000w\" sizes=\"auto, (max-width: 150px) 100vw, 150px\" \/><\/a>\n\t\t\t<\/div>\n\t\t\t\t<figcaption class='wp-caption-text gallery-caption' id='gallery-1-81306'>\n\t\t\t\tCasa Y \/ Paula Vidal (planta)\n\t\t\t\t<\/figcaption><\/figure><figure class='gallery-item'>\n\t\t\t<div class='gallery-icon landscape'>\n\t\t\t\t<a href='https:\/\/www.arquimaster.com.ar\/web\/wp-content\/uploads\/2024\/10\/casa_y_40.jpg' title=\"Casa Y \/ Paula Vidal (planta antes y despu\u00e9s)\" data-rl_title=\"Casa Y \/ Paula Vidal (planta antes y despu\u00e9s)\" class=\"rl-gallery-link\" data-rl_caption=\"Casa Y \/ Paula Vidal (planta antes y despu\u00e9s)\" data-rel=\"lightbox-gallery-1\"><img loading=\"lazy\" decoding=\"async\" width=\"150\" height=\"150\" src=\"https:\/\/www.arquimaster.com.ar\/web\/wp-content\/uploads\/2024\/10\/casa_y_40-150x150.jpg\" class=\"attachment-thumbnail size-thumbnail\" alt=\"Casa Y \/ Paula Vidal\" aria-describedby=\"gallery-1-81307\" \/><\/a>\n\t\t\t<\/div>\n\t\t\t\t<figcaption class='wp-caption-text gallery-caption' id='gallery-1-81307'>\n\t\t\t\tCasa Y \/ Paula Vidal (planta antes y despu\u00e9s)\n\t\t\t\t<\/figcaption><\/figure><figure class='gallery-item'>\n\t\t\t<div class='gallery-icon landscape'>\n\t\t\t\t<a href='https:\/\/www.arquimaster.com.ar\/web\/wp-content\/uploads\/2024\/10\/casa_y_41.jpg' title=\"Casa Y \/ Paula Vidal (corte)\" data-rl_title=\"Casa Y \/ Paula Vidal (corte)\" class=\"rl-gallery-link\" data-rl_caption=\"Casa Y \/ Paula Vidal (corte)\" data-rel=\"lightbox-gallery-1\"><img loading=\"lazy\" decoding=\"async\" width=\"150\" height=\"150\" src=\"https:\/\/www.arquimaster.com.ar\/web\/wp-content\/uploads\/2024\/10\/casa_y_41-150x150.jpg\" class=\"attachment-thumbnail size-thumbnail\" alt=\"Casa Y \/ Paula Vidal\" aria-describedby=\"gallery-1-81308\" \/><\/a>\n\t\t\t<\/div>\n\t\t\t\t<figcaption class='wp-caption-text gallery-caption' id='gallery-1-81308'>\n\t\t\t\tCasa Y \/ Paula Vidal (corte)\n\t\t\t\t<\/figcaption><\/figure><figure class='gallery-item'>\n\t\t\t<div class='gallery-icon landscape'>\n\t\t\t\t<a href='https:\/\/www.arquimaster.com.ar\/web\/wp-content\/uploads\/2024\/10\/casa_y_42.jpg' title=\"Casa Y \/ Paula Vidal (corte antes y despu\u00e9s)\" data-rl_title=\"Casa Y \/ Paula Vidal (corte antes y despu\u00e9s)\" class=\"rl-gallery-link\" data-rl_caption=\"Casa Y \/ Paula Vidal (corte antes y despu\u00e9s)\" data-rel=\"lightbox-gallery-1\"><img loading=\"lazy\" decoding=\"async\" width=\"150\" height=\"150\" src=\"https:\/\/www.arquimaster.com.ar\/web\/wp-content\/uploads\/2024\/10\/casa_y_42-150x150.jpg\" class=\"attachment-thumbnail size-thumbnail\" alt=\"Casa Y \/ Paula Vidal\" aria-describedby=\"gallery-1-81309\" \/><\/a>\n\t\t\t<\/div>\n\t\t\t\t<figcaption class='wp-caption-text gallery-caption' id='gallery-1-81309'>\n\t\t\t\tCasa Y \/ Paula Vidal (corte antes y despu\u00e9s)\n\t\t\t\t<\/figcaption><\/figure><figure class='gallery-item'>\n\t\t\t<div class='gallery-icon landscape'>\n\t\t\t\t<a href='https:\/\/www.arquimaster.com.ar\/web\/wp-content\/uploads\/2024\/10\/casa_y_43.jpg' title=\"Casa Y \/ Paula Vidal (axonometria)\" data-rl_title=\"Casa Y \/ Paula Vidal (axonometria)\" class=\"rl-gallery-link\" data-rl_caption=\"Casa Y \/ Paula Vidal (axonometria)\" data-rel=\"lightbox-gallery-1\"><img loading=\"lazy\" decoding=\"async\" width=\"150\" height=\"150\" src=\"https:\/\/www.arquimaster.com.ar\/web\/wp-content\/uploads\/2024\/10\/casa_y_43-150x150.jpg\" class=\"attachment-thumbnail size-thumbnail\" alt=\"Casa Y \/ Paula Vidal\" aria-describedby=\"gallery-1-81310\" \/><\/a>\n\t\t\t<\/div>\n\t\t\t\t<figcaption class='wp-caption-text gallery-caption' id='gallery-1-81310'>\n\t\t\t\tCasa Y \/ Paula Vidal (axonometria)\n\t\t\t\t<\/figcaption><\/figure><figure class='gallery-item'>\n\t\t\t<div class='gallery-icon landscape'>\n\t\t\t\t<a href='https:\/\/www.arquimaster.com.ar\/web\/wp-content\/uploads\/2024\/10\/casa_y_44.jpg' title=\"Casa Y \/ Paula Vidal (axonometria)\" data-rl_title=\"Casa Y \/ Paula Vidal (axonometria)\" class=\"rl-gallery-link\" data-rl_caption=\"Casa Y \/ Paula Vidal (axonometria)\" data-rel=\"lightbox-gallery-1\"><img loading=\"lazy\" decoding=\"async\" width=\"150\" height=\"150\" src=\"https:\/\/www.arquimaster.com.ar\/web\/wp-content\/uploads\/2024\/10\/casa_y_44-150x150.jpg\" class=\"attachment-thumbnail size-thumbnail\" alt=\"Casa Y \/ Paula Vidal\" aria-describedby=\"gallery-1-81311\" \/><\/a>\n\t\t\t<\/div>\n\t\t\t\t<figcaption class='wp-caption-text gallery-caption' id='gallery-1-81311'>\n\t\t\t\tCasa Y \/ Paula Vidal (axonometria)\n\t\t\t\t<\/figcaption><\/figure><figure class='gallery-item'>\n\t\t\t<div class='gallery-icon landscape'>\n\t\t\t\t<a href='https:\/\/www.arquimaster.com.ar\/web\/wp-content\/uploads\/2024\/10\/casa_y_45.jpg' title=\"Casa Y \/ Paula Vidal (axonometria evoluci\u00f3n)\" data-rl_title=\"Casa Y \/ Paula Vidal (axonometria evoluci\u00f3n)\" class=\"rl-gallery-link\" data-rl_caption=\"Casa Y \/ Paula Vidal (axonometria evoluci\u00f3n)\" data-rel=\"lightbox-gallery-1\"><img loading=\"lazy\" decoding=\"async\" width=\"150\" height=\"150\" src=\"https:\/\/www.arquimaster.com.ar\/web\/wp-content\/uploads\/2024\/10\/casa_y_45-150x150.jpg\" class=\"attachment-thumbnail size-thumbnail\" alt=\"Casa Y \/ Paula Vidal\" aria-describedby=\"gallery-1-81312\" \/><\/a>\n\t\t\t<\/div>\n\t\t\t\t<figcaption class='wp-caption-text gallery-caption' id='gallery-1-81312'>\n\t\t\t\tCasa Y \/ Paula Vidal (axonometria evoluci\u00f3n)\n\t\t\t\t<\/figcaption><\/figure><figure class='gallery-item'>\n\t\t\t<div class='gallery-icon landscape'>\n\t\t\t\t<a href='https:\/\/www.arquimaster.com.ar\/web\/wp-content\/uploads\/2024\/10\/casa_y_46.jpg' title=\"Casa Y \/ Paula Vidal (diagramas)\" data-rl_title=\"Casa Y \/ Paula Vidal (diagramas)\" class=\"rl-gallery-link\" data-rl_caption=\"Casa Y \/ Paula Vidal (diagramas)\" data-rel=\"lightbox-gallery-1\"><img loading=\"lazy\" decoding=\"async\" width=\"150\" height=\"150\" src=\"https:\/\/www.arquimaster.com.ar\/web\/wp-content\/uploads\/2024\/10\/casa_y_46-150x150.jpg\" class=\"attachment-thumbnail size-thumbnail\" alt=\"Casa Y \/ Paula Vidal\" aria-describedby=\"gallery-1-81313\" \/><\/a>\n\t\t\t<\/div>\n\t\t\t\t<figcaption class='wp-caption-text gallery-caption' id='gallery-1-81313'>\n\t\t\t\tCasa Y \/ Paula Vidal (diagramas)\n\t\t\t\t<\/figcaption><\/figure>\n\t\t<\/div>\n\n<p>El dise\u00f1o concebido por la arquitecta y artista Paula Vidal, para una escritora, busc\u00f3 crear un juego de espacios, recorridos y luz natural que multiplicaran las formas de habitar y recogiera el esp\u00edritu de los primeros habitantes. Dos estrategias marcaron la reforma: dinamismo y sostenibilidad.<\/p>\n<p>En el epicentro del apartamento se ubic\u00f3 una c\u00e1psula que conten\u00eda un cuarto de ba\u00f1o de paredes curvas que imped\u00eda la visi\u00f3n total del apartamento y propon\u00eda, adem\u00e1s, un recorrido circular: bien hacia la intimidad (vestidor y dormitorio); bien hacia la zona com\u00fan (sal\u00f3n y cocina), a la que se orienta por la atracci\u00f3n de la luz.<\/p>\n<p>Para acentuar el dinamismo, los espacios se concibieron con distintas dimensiones. Se transita desde espacios peque\u00f1os, techos bajos, en semipenumbra, al espacio social, amplio, alto y luminoso.<\/p>\n<p>La segunda estrategia para generar dinamismo fue la luz y la visi\u00f3n. Se dise\u00f1aron m\u00faltiples ventanas circulares y rectangulares y se ubicaron a distintas alturas, lo que permite visiones fragmentadas del exterior. Las ventanas se abocinaron hacia diferentes direcciones. Durante el verano, el sol recorre la estancia generando un movimiento visual y lum\u00ednico.<\/p>\n<p>La luz natural tambi\u00e9n se llev\u00f3 al cuarto de ba\u00f1o-c\u00e1psula, a pesar de no tener ventana. Una c\u00fapula de metacrilato amarillo ejerce de techo de ducha y permite que la luz, procedente de una ventana de la cubierta, penetre al ba\u00f1o, ti\u00f1\u00e9ndolo de amarillo.<\/p>\n<p>Al derribar el falso techo aparecieron dos metros hasta la cumbrera y un tejado a dos aguas. Este regalo salido de la chistera de los magos permiti\u00f3 ampliar veinte metros el apartamento y convertirlo en un d\u00faplex. La mitad del espacio est\u00e1 concebido en dos niveles y, la otra mitad, con una altura de 4,5 metros representa el volumen real del espacio.<\/p>\n<p>En la planta superior, a modo de caba\u00f1a, se cre\u00f3 el espacio privado de la clienta. M\u00ednimo y protector, incluye zona de trabajo, dormitorio, ba\u00f1o y saloncito.<\/p>\n<p>La segunda estrategia del proyecto fue la sostenibilidad. Se focaliz\u00f3 en la reutilizaci\u00f3n y reciclado de materiales existentes con una finalidad ecol\u00f3gica y econ\u00f3mica.<\/p>\n<p>Se reutilizaron los tabiques de ladrillo macizo, de m\u00e1s de un siglo, que separaban las siete estancias. Cortados en paneles y trasladados a los laterales, el resultado es un muro de 50 cm de grosor que protege t\u00e9rmicamente y aporta una percepci\u00f3n de arquitectura vern\u00e1cula.<\/p>\n<p>Las vigas de madera que sosten\u00edan el falso techo permitieron construir el forjado sobre el que se apoya el piso superior.<\/p>\n<p>Dado que los elementos originales de la casa eran la madera y el ladrillo, se busc\u00f3 perpetuar esa materialidad en suelo, techo y paredes, creando un puente entre el pasado y el presente, entre la vida urbana y la naturaleza. <\/p>\n\n\n<div style=\"height:20px\" aria-hidden=\"true\" class=\"wp-block-spacer\"><\/div>\n\n\n\n<p class=\"has-background\" style=\"background-color:#eaeaea\"><strong>Ficha t\u00e9cnica<\/strong><br>Nombre: Casa Y<br>Ubicaci\u00f3n: Madrid, Espa\u00f1a<br>Oficina de arquitectura: Paula Vidal<br>Arquitectos principales: Paula Vidal<br>Superficie construida: 94 m2<br>A\u00f1o de finalizaci\u00f3n: 2020<br>Fotograf\u00edas: Amores Pictures, Mario Andrei<br>Sitio web: https:\/\/paula-vidal.com\/work\/<br>Instagram: @paavidal<\/p>\n\n\n\n<div style=\"height:40px\" aria-hidden=\"true\" class=\"wp-block-spacer\"><\/div>\n\n<div style=\"font-size: 0px; height: 0px; line-height: 0px; margin: 0; padding: 0; clear: both;\"><\/div><div style=\"margin-top: 0px; margin-bottom: 0px;\" class=\"sharethis-inline-share-buttons\" ><\/div>","protected":false},"excerpt":{"rendered":"<p>Un juego de espacios, recorridos y luz natural que multiplican las formas de habitar&#8230;<\/p>\n","protected":false},"author":1,"featured_media":81267,"comment_status":"closed","ping_status":"closed","sticky":false,"template":"","format":"standard","meta":{"_uag_custom_page_level_css":"","footnotes":""},"categories":[1,83],"tags":[838,5064,104,441,8022,1043,680,555,556,6970,254],"class_list":["post-81266","post","type-post","status-publish","format-standard","has-post-thumbnail","hentry","category-proyecto","category-vivienda-unifamiliar","tag-arquitectura-sostenible","tag-casa-sostenible","tag-espana","tag-madrid","tag-paula-vidal","tag-reforma-de-vivienda","tag-rehabilitacion","tag-sostenibilidad","tag-sostenible","tag-vivienda-sostenible","tag-vivienda-unifamiliar-2","generate-columns","tablet-grid-50","mobile-grid-100","grid-parent","grid-50"],"yoast_head":"<!-- This site is optimized with the Yoast SEO plugin v27.3 - https:\/\/yoast.com\/product\/yoast-seo-wordpress\/ -->\n<title>Casa Y \/ Paula Vidal - Arquimaster<\/title>\n<meta name=\"description\" content=\"Un juego de espacios, recorridos y luz natural que multiplican las formas de habitar a trav\u00e9s de estrategias de dinamismo y sostenibilidad.\" \/>\n<meta name=\"robots\" content=\"index, follow, max-snippet:-1, max-image-preview:large, max-video-preview:-1\" \/>\n<link rel=\"canonical\" href=\"https:\/\/www.arquimaster.com.ar\/web\/casa-y-paula-vidal\/\" \/>\n<meta property=\"og:locale\" content=\"es_ES\" \/>\n<meta property=\"og:type\" content=\"article\" \/>\n<meta property=\"og:title\" content=\"Casa Y \/ Paula Vidal\" \/>\n<meta property=\"og:description\" content=\"Un juego de espacios, recorridos y luz natural que multiplican las formas de habitar a trav\u00e9s de estrategias de dinamismo y sostenibilidad.\" \/>\n<meta property=\"og:url\" content=\"https:\/\/www.arquimaster.com.ar\/web\/casa-y-paula-vidal\/\" \/>\n<meta property=\"og:site_name\" content=\"Arquimaster\" \/>\n<meta property=\"article:publisher\" content=\"http:\/\/www.facebook.com\/ARQUIMASTER.com.ar\" \/>\n<meta property=\"article:published_time\" content=\"2024-10-09T16:17:24+00:00\" \/>\n<meta property=\"article:modified_time\" content=\"2025-07-24T23:11:53+00:00\" \/>\n<meta property=\"og:image\" content=\"https:\/\/www.arquimaster.com.ar\/web\/wp-content\/uploads\/2024\/10\/casa_y_slide.jpg\" \/>\n\t<meta property=\"og:image:width\" content=\"698\" \/>\n\t<meta property=\"og:image:height\" content=\"364\" \/>\n\t<meta property=\"og:image:type\" content=\"image\/jpeg\" \/>\n<meta name=\"author\" content=\"Arquimaster\" \/>\n<meta name=\"twitter:card\" content=\"summary_large_image\" \/>\n<meta name=\"twitter:title\" content=\"Casa Y \/ Paula Vidal\" \/>\n<meta name=\"twitter:description\" content=\"Un juego de espacios, recorridos y luz natural que multiplican las formas de habitar a trav\u00e9s de estrategias de dinamismo y sostenibilidad.\" \/>\n<meta name=\"twitter:image\" content=\"https:\/\/www.arquimaster.com.ar\/web\/wp-content\/uploads\/2024\/10\/casa_y_slide.jpg\" \/>\n<meta name=\"twitter:creator\" content=\"@arquimaster\" \/>\n<meta name=\"twitter:site\" content=\"@arquimaster\" \/>\n<meta name=\"twitter:label1\" content=\"Escrito por\" \/>\n\t<meta name=\"twitter:data1\" content=\"Arquimaster\" \/>\n\t<meta name=\"twitter:label2\" content=\"Tiempo de lectura\" \/>\n\t<meta name=\"twitter:data2\" content=\"3 minutos\" \/>\n<script type=\"application\/ld+json\" class=\"yoast-schema-graph\">{\"@context\":\"https:\\\/\\\/schema.org\",\"@graph\":[{\"@type\":\"Article\",\"@id\":\"https:\\\/\\\/www.arquimaster.com.ar\\\/web\\\/casa-y-paula-vidal\\\/#article\",\"isPartOf\":{\"@id\":\"https:\\\/\\\/www.arquimaster.com.ar\\\/web\\\/casa-y-paula-vidal\\\/\"},\"author\":{\"name\":\"Arquimaster\",\"@id\":\"https:\\\/\\\/www.arquimaster.com.ar\\\/web\\\/#\\\/schema\\\/person\\\/359e9f7c00193fcde068e0dd2ceb0028\"},\"headline\":\"Casa Y \\\/ Paula Vidal\",\"datePublished\":\"2024-10-09T16:17:24+00:00\",\"dateModified\":\"2025-07-24T23:11:53+00:00\",\"mainEntityOfPage\":{\"@id\":\"https:\\\/\\\/www.arquimaster.com.ar\\\/web\\\/casa-y-paula-vidal\\\/\"},\"wordCount\":569,\"publisher\":{\"@id\":\"https:\\\/\\\/www.arquimaster.com.ar\\\/web\\\/#organization\"},\"image\":{\"@id\":\"https:\\\/\\\/www.arquimaster.com.ar\\\/web\\\/casa-y-paula-vidal\\\/#primaryimage\"},\"thumbnailUrl\":\"https:\\\/\\\/www.arquimaster.com.ar\\\/web\\\/wp-content\\\/uploads\\\/2024\\\/10\\\/casa_y_slide.jpg\",\"keywords\":[\"arquitectura sostenible\",\"casa sostenible\",\"Espa\u00f1a\",\"Madrid\",\"Paula Vidal\",\"reforma de vivienda\",\"rehabilitaci\u00f3n\",\"sostenibilidad\",\"sostenible\",\"vivienda sostenible\",\"vivienda unifamiliar\"],\"articleSection\":[\"Proyecto\",\"Vivienda unifamiliar y PH\"],\"inLanguage\":\"es\"},{\"@type\":\"WebPage\",\"@id\":\"https:\\\/\\\/www.arquimaster.com.ar\\\/web\\\/casa-y-paula-vidal\\\/\",\"url\":\"https:\\\/\\\/www.arquimaster.com.ar\\\/web\\\/casa-y-paula-vidal\\\/\",\"name\":\"Casa Y \\\/ Paula Vidal - Arquimaster\",\"isPartOf\":{\"@id\":\"https:\\\/\\\/www.arquimaster.com.ar\\\/web\\\/#website\"},\"primaryImageOfPage\":{\"@id\":\"https:\\\/\\\/www.arquimaster.com.ar\\\/web\\\/casa-y-paula-vidal\\\/#primaryimage\"},\"image\":{\"@id\":\"https:\\\/\\\/www.arquimaster.com.ar\\\/web\\\/casa-y-paula-vidal\\\/#primaryimage\"},\"thumbnailUrl\":\"https:\\\/\\\/www.arquimaster.com.ar\\\/web\\\/wp-content\\\/uploads\\\/2024\\\/10\\\/casa_y_slide.jpg\",\"datePublished\":\"2024-10-09T16:17:24+00:00\",\"dateModified\":\"2025-07-24T23:11:53+00:00\",\"description\":\"Un juego de espacios, recorridos y luz natural que multiplican las formas de habitar a trav\u00e9s de estrategias de dinamismo y sostenibilidad.\",\"breadcrumb\":{\"@id\":\"https:\\\/\\\/www.arquimaster.com.ar\\\/web\\\/casa-y-paula-vidal\\\/#breadcrumb\"},\"inLanguage\":\"es\",\"potentialAction\":[{\"@type\":\"ReadAction\",\"target\":[\"https:\\\/\\\/www.arquimaster.com.ar\\\/web\\\/casa-y-paula-vidal\\\/\"]}]},{\"@type\":\"ImageObject\",\"inLanguage\":\"es\",\"@id\":\"https:\\\/\\\/www.arquimaster.com.ar\\\/web\\\/casa-y-paula-vidal\\\/#primaryimage\",\"url\":\"https:\\\/\\\/www.arquimaster.com.ar\\\/web\\\/wp-content\\\/uploads\\\/2024\\\/10\\\/casa_y_slide.jpg\",\"contentUrl\":\"https:\\\/\\\/www.arquimaster.com.ar\\\/web\\\/wp-content\\\/uploads\\\/2024\\\/10\\\/casa_y_slide.jpg\",\"width\":698,\"height\":364,\"caption\":\"Casa Y \\\/ Paula Vidal\"},{\"@type\":\"BreadcrumbList\",\"@id\":\"https:\\\/\\\/www.arquimaster.com.ar\\\/web\\\/casa-y-paula-vidal\\\/#breadcrumb\",\"itemListElement\":[{\"@type\":\"ListItem\",\"position\":1,\"name\":\"Portada\",\"item\":\"https:\\\/\\\/www.arquimaster.com.ar\\\/web\\\/\"},{\"@type\":\"ListItem\",\"position\":2,\"name\":\"Casa Y \\\/ Paula Vidal\"}]},{\"@type\":\"WebSite\",\"@id\":\"https:\\\/\\\/www.arquimaster.com.ar\\\/web\\\/#website\",\"url\":\"https:\\\/\\\/www.arquimaster.com.ar\\\/web\\\/\",\"name\":\"Arquimaster\",\"description\":\"Web de arquitectura, dise\u00f1o y construccion\",\"publisher\":{\"@id\":\"https:\\\/\\\/www.arquimaster.com.ar\\\/web\\\/#organization\"},\"potentialAction\":[{\"@type\":\"SearchAction\",\"target\":{\"@type\":\"EntryPoint\",\"urlTemplate\":\"https:\\\/\\\/www.arquimaster.com.ar\\\/web\\\/?s={search_term_string}\"},\"query-input\":{\"@type\":\"PropertyValueSpecification\",\"valueRequired\":true,\"valueName\":\"search_term_string\"}}],\"inLanguage\":\"es\"},{\"@type\":\"Organization\",\"@id\":\"https:\\\/\\\/www.arquimaster.com.ar\\\/web\\\/#organization\",\"name\":\"Arquimaster\",\"url\":\"https:\\\/\\\/www.arquimaster.com.ar\\\/web\\\/\",\"logo\":{\"@type\":\"ImageObject\",\"inLanguage\":\"es\",\"@id\":\"https:\\\/\\\/www.arquimaster.com.ar\\\/web\\\/#\\\/schema\\\/logo\\\/image\\\/\",\"url\":\"https:\\\/\\\/www.arquimaster.com.ar\\\/web\\\/wp-content\\\/uploads\\\/2022\\\/06\\\/arquimaster.png\",\"contentUrl\":\"https:\\\/\\\/www.arquimaster.com.ar\\\/web\\\/wp-content\\\/uploads\\\/2022\\\/06\\\/arquimaster.png\",\"width\":594,\"height\":78,\"caption\":\"Arquimaster\"},\"image\":{\"@id\":\"https:\\\/\\\/www.arquimaster.com.ar\\\/web\\\/#\\\/schema\\\/logo\\\/image\\\/\"},\"sameAs\":[\"http:\\\/\\\/www.facebook.com\\\/ARQUIMASTER.com.ar\",\"https:\\\/\\\/x.com\\\/arquimaster\",\"https:\\\/\\\/www.instagram.com\\\/arquimasterblog\\\/\",\"https:\\\/\\\/www.linkedin.com\\\/company\\\/arquimaster\",\"https:\\\/\\\/www.pinterest.com\\\/arquimaster\",\"https:\\\/\\\/t.me\\\/arquimaster\"]},{\"@type\":\"Person\",\"@id\":\"https:\\\/\\\/www.arquimaster.com.ar\\\/web\\\/#\\\/schema\\\/person\\\/359e9f7c00193fcde068e0dd2ceb0028\",\"name\":\"Arquimaster\"}]}<\/script>\n<!-- \/ Yoast SEO plugin. -->","yoast_head_json":{"title":"Casa Y \/ Paula Vidal - Arquimaster","description":"Un juego de espacios, recorridos y luz natural que multiplican las formas de habitar a trav\u00e9s de estrategias de dinamismo y sostenibilidad.","robots":{"index":"index","follow":"follow","max-snippet":"max-snippet:-1","max-image-preview":"max-image-preview:large","max-video-preview":"max-video-preview:-1"},"canonical":"https:\/\/www.arquimaster.com.ar\/web\/casa-y-paula-vidal\/","og_locale":"es_ES","og_type":"article","og_title":"Casa Y \/ Paula Vidal","og_description":"Un juego de espacios, recorridos y luz natural que multiplican las formas de habitar a trav\u00e9s de estrategias de dinamismo y sostenibilidad.","og_url":"https:\/\/www.arquimaster.com.ar\/web\/casa-y-paula-vidal\/","og_site_name":"Arquimaster","article_publisher":"http:\/\/www.facebook.com\/ARQUIMASTER.com.ar","article_published_time":"2024-10-09T16:17:24+00:00","article_modified_time":"2025-07-24T23:11:53+00:00","og_image":[{"width":698,"height":364,"url":"https:\/\/www.arquimaster.com.ar\/web\/wp-content\/uploads\/2024\/10\/casa_y_slide.jpg","type":"image\/jpeg"}],"author":"Arquimaster","twitter_card":"summary_large_image","twitter_title":"Casa Y \/ Paula Vidal","twitter_description":"Un juego de espacios, recorridos y luz natural que multiplican las formas de habitar a trav\u00e9s de estrategias de dinamismo y sostenibilidad.","twitter_image":"https:\/\/www.arquimaster.com.ar\/web\/wp-content\/uploads\/2024\/10\/casa_y_slide.jpg","twitter_creator":"@arquimaster","twitter_site":"@arquimaster","twitter_misc":{"Escrito por":"Arquimaster","Tiempo de lectura":"3 minutos"},"schema":{"@context":"https:\/\/schema.org","@graph":[{"@type":"Article","@id":"https:\/\/www.arquimaster.com.ar\/web\/casa-y-paula-vidal\/#article","isPartOf":{"@id":"https:\/\/www.arquimaster.com.ar\/web\/casa-y-paula-vidal\/"},"author":{"name":"Arquimaster","@id":"https:\/\/www.arquimaster.com.ar\/web\/#\/schema\/person\/359e9f7c00193fcde068e0dd2ceb0028"},"headline":"Casa Y \/ Paula Vidal","datePublished":"2024-10-09T16:17:24+00:00","dateModified":"2025-07-24T23:11:53+00:00","mainEntityOfPage":{"@id":"https:\/\/www.arquimaster.com.ar\/web\/casa-y-paula-vidal\/"},"wordCount":569,"publisher":{"@id":"https:\/\/www.arquimaster.com.ar\/web\/#organization"},"image":{"@id":"https:\/\/www.arquimaster.com.ar\/web\/casa-y-paula-vidal\/#primaryimage"},"thumbnailUrl":"https:\/\/www.arquimaster.com.ar\/web\/wp-content\/uploads\/2024\/10\/casa_y_slide.jpg","keywords":["arquitectura sostenible","casa sostenible","Espa\u00f1a","Madrid","Paula Vidal","reforma de vivienda","rehabilitaci\u00f3n","sostenibilidad","sostenible","vivienda sostenible","vivienda unifamiliar"],"articleSection":["Proyecto","Vivienda unifamiliar y PH"],"inLanguage":"es"},{"@type":"WebPage","@id":"https:\/\/www.arquimaster.com.ar\/web\/casa-y-paula-vidal\/","url":"https:\/\/www.arquimaster.com.ar\/web\/casa-y-paula-vidal\/","name":"Casa Y \/ Paula Vidal - Arquimaster","isPartOf":{"@id":"https:\/\/www.arquimaster.com.ar\/web\/#website"},"primaryImageOfPage":{"@id":"https:\/\/www.arquimaster.com.ar\/web\/casa-y-paula-vidal\/#primaryimage"},"image":{"@id":"https:\/\/www.arquimaster.com.ar\/web\/casa-y-paula-vidal\/#primaryimage"},"thumbnailUrl":"https:\/\/www.arquimaster.com.ar\/web\/wp-content\/uploads\/2024\/10\/casa_y_slide.jpg","datePublished":"2024-10-09T16:17:24+00:00","dateModified":"2025-07-24T23:11:53+00:00","description":"Un juego de espacios, recorridos y luz natural que multiplican las formas de habitar a trav\u00e9s de estrategias de dinamismo y sostenibilidad.","breadcrumb":{"@id":"https:\/\/www.arquimaster.com.ar\/web\/casa-y-paula-vidal\/#breadcrumb"},"inLanguage":"es","potentialAction":[{"@type":"ReadAction","target":["https:\/\/www.arquimaster.com.ar\/web\/casa-y-paula-vidal\/"]}]},{"@type":"ImageObject","inLanguage":"es","@id":"https:\/\/www.arquimaster.com.ar\/web\/casa-y-paula-vidal\/#primaryimage","url":"https:\/\/www.arquimaster.com.ar\/web\/wp-content\/uploads\/2024\/10\/casa_y_slide.jpg","contentUrl":"https:\/\/www.arquimaster.com.ar\/web\/wp-content\/uploads\/2024\/10\/casa_y_slide.jpg","width":698,"height":364,"caption":"Casa Y \/ Paula Vidal"},{"@type":"BreadcrumbList","@id":"https:\/\/www.arquimaster.com.ar\/web\/casa-y-paula-vidal\/#breadcrumb","itemListElement":[{"@type":"ListItem","position":1,"name":"Portada","item":"https:\/\/www.arquimaster.com.ar\/web\/"},{"@type":"ListItem","position":2,"name":"Casa Y \/ Paula Vidal"}]},{"@type":"WebSite","@id":"https:\/\/www.arquimaster.com.ar\/web\/#website","url":"https:\/\/www.arquimaster.com.ar\/web\/","name":"Arquimaster","description":"Web de arquitectura, dise\u00f1o y construccion","publisher":{"@id":"https:\/\/www.arquimaster.com.ar\/web\/#organization"},"potentialAction":[{"@type":"SearchAction","target":{"@type":"EntryPoint","urlTemplate":"https:\/\/www.arquimaster.com.ar\/web\/?s={search_term_string}"},"query-input":{"@type":"PropertyValueSpecification","valueRequired":true,"valueName":"search_term_string"}}],"inLanguage":"es"},{"@type":"Organization","@id":"https:\/\/www.arquimaster.com.ar\/web\/#organization","name":"Arquimaster","url":"https:\/\/www.arquimaster.com.ar\/web\/","logo":{"@type":"ImageObject","inLanguage":"es","@id":"https:\/\/www.arquimaster.com.ar\/web\/#\/schema\/logo\/image\/","url":"https:\/\/www.arquimaster.com.ar\/web\/wp-content\/uploads\/2022\/06\/arquimaster.png","contentUrl":"https:\/\/www.arquimaster.com.ar\/web\/wp-content\/uploads\/2022\/06\/arquimaster.png","width":594,"height":78,"caption":"Arquimaster"},"image":{"@id":"https:\/\/www.arquimaster.com.ar\/web\/#\/schema\/logo\/image\/"},"sameAs":["http:\/\/www.facebook.com\/ARQUIMASTER.com.ar","https:\/\/x.com\/arquimaster","https:\/\/www.instagram.com\/arquimasterblog\/","https:\/\/www.linkedin.com\/company\/arquimaster","https:\/\/www.pinterest.com\/arquimaster","https:\/\/t.me\/arquimaster"]},{"@type":"Person","@id":"https:\/\/www.arquimaster.com.ar\/web\/#\/schema\/person\/359e9f7c00193fcde068e0dd2ceb0028","name":"Arquimaster"}]}},"uagb_featured_image_src":{"full":["https:\/\/www.arquimaster.com.ar\/web\/wp-content\/uploads\/2024\/10\/casa_y_slide.jpg",698,364,false],"thumbnail":["https:\/\/www.arquimaster.com.ar\/web\/wp-content\/uploads\/2024\/10\/casa_y_slide-150x150.jpg",150,150,true],"medium":["https:\/\/www.arquimaster.com.ar\/web\/wp-content\/uploads\/2024\/10\/casa_y_slide.jpg",698,364,false],"medium_large":["https:\/\/www.arquimaster.com.ar\/web\/wp-content\/uploads\/2024\/10\/casa_y_slide.jpg",698,364,false],"large":["https:\/\/www.arquimaster.com.ar\/web\/wp-content\/uploads\/2024\/10\/casa_y_slide.jpg",698,364,false],"1536x1536":["https:\/\/www.arquimaster.com.ar\/web\/wp-content\/uploads\/2024\/10\/casa_y_slide.jpg",698,364,false],"2048x2048":["https:\/\/www.arquimaster.com.ar\/web\/wp-content\/uploads\/2024\/10\/casa_y_slide.jpg",698,364,false]},"uagb_author_info":{"display_name":"Arquimaster","author_link":"https:\/\/www.arquimaster.com.ar\/web\/author\/arquimaster\/"},"uagb_comment_info":0,"uagb_excerpt":"Un juego de espacios, recorridos y luz natural que multiplican las formas de habitar...","_links":{"self":[{"href":"https:\/\/www.arquimaster.com.ar\/web\/wp-json\/wp\/v2\/posts\/81266","targetHints":{"allow":["GET"]}}],"collection":[{"href":"https:\/\/www.arquimaster.com.ar\/web\/wp-json\/wp\/v2\/posts"}],"about":[{"href":"https:\/\/www.arquimaster.com.ar\/web\/wp-json\/wp\/v2\/types\/post"}],"author":[{"embeddable":true,"href":"https:\/\/www.arquimaster.com.ar\/web\/wp-json\/wp\/v2\/users\/1"}],"replies":[{"embeddable":true,"href":"https:\/\/www.arquimaster.com.ar\/web\/wp-json\/wp\/v2\/comments?post=81266"}],"version-history":[{"count":3,"href":"https:\/\/www.arquimaster.com.ar\/web\/wp-json\/wp\/v2\/posts\/81266\/revisions"}],"predecessor-version":[{"id":85118,"href":"https:\/\/www.arquimaster.com.ar\/web\/wp-json\/wp\/v2\/posts\/81266\/revisions\/85118"}],"wp:featuredmedia":[{"embeddable":true,"href":"https:\/\/www.arquimaster.com.ar\/web\/wp-json\/wp\/v2\/media\/81267"}],"wp:attachment":[{"href":"https:\/\/www.arquimaster.com.ar\/web\/wp-json\/wp\/v2\/media?parent=81266"}],"wp:term":[{"taxonomy":"category","embeddable":true,"href":"https:\/\/www.arquimaster.com.ar\/web\/wp-json\/wp\/v2\/categories?post=81266"},{"taxonomy":"post_tag","embeddable":true,"href":"https:\/\/www.arquimaster.com.ar\/web\/wp-json\/wp\/v2\/tags?post=81266"}],"curies":[{"name":"wp","href":"https:\/\/api.w.org\/{rel}","templated":true}]}}