{"id":81315,"date":"2024-10-09T13:19:27","date_gmt":"2024-10-09T16:19:27","guid":{"rendered":"https:\/\/www.arquimaster.com.ar\/web\/?p=81315"},"modified":"2025-07-24T20:11:35","modified_gmt":"2025-07-24T23:11:35","slug":"casa-tamiz-gonzalo-bardach-arquitectura","status":"publish","type":"post","link":"https:\/\/www.arquimaster.com.ar\/web\/casa-tamiz-gonzalo-bardach-arquitectura\/","title":{"rendered":"Casa Tamiz \/ Gonzalo Bardach Arquitectura"},"content":{"rendered":"<div style=\"margin-top: 0px; margin-bottom: 0px;\" class=\"sharethis-inline-share-buttons\" ><\/div><div class=\"b812932af2e751442846f039925109de\" data-index=\"1\" style=\"float: none; margin:25px 0 25px 0; text-align:center;\">\n<script async src=\"https:\/\/pagead2.googlesyndication.com\/pagead\/js\/adsbygoogle.js\"><\/script>\r\n<!-- Arquimaster (superior) -->\r\n<ins class=\"adsbygoogle\"\r\n     style=\"display:block\"\r\n     data-ad-client=\"ca-pub-6351072698456832\"\r\n     data-ad-slot=\"6455489680\"\r\n     data-ad-format=\"auto\"\r\n     data-full-width-responsive=\"true\"><\/ins>\r\n<script>\r\n     (adsbygoogle = window.adsbygoogle || []).push({});\r\n<\/script>\n<\/div>\n<p><strong>Casa Tamiz<\/strong> (Pilar, Pcia. de Buenos Aires, Argentina) por <strong>Gonzalo Bardach Arquitectura<\/strong>. La casa Tamiz tiene como premisa la luz como material, explorando las distintas emociones que producen sus distintos filtros y tamices a trav\u00e9s de una arquitectura de l\u00edneas simples, en la cual la naturaleza act\u00faa como elemento generador de espacios, y la sustentabilidad opera como motor de la casa, para as\u00ed dar vida a espacios y atm\u00f3sferas que ofrezcan una experiencia para los sentidos.<\/p>\n<div id='gallery-1' class='gallery galleryid-81315 gallery-columns-3 gallery-size-thumbnail'><figure class='gallery-item'>\n\t\t\t<div class='gallery-icon portrait'>\n\t\t\t\t<a href='https:\/\/www.arquimaster.com.ar\/web\/wp-content\/uploads\/2024\/10\/casa_tamiz_1.jpg' title=\"Casa Tamiz \/ Gonzalo Bardach Arquitectura (\u00a9 Pablo Casals)\" data-rl_title=\"Casa Tamiz \/ Gonzalo Bardach Arquitectura (\u00a9 Pablo Casals)\" class=\"rl-gallery-link\" data-rl_caption=\"Casa Tamiz \/ Gonzalo Bardach Arquitectura (\u00a9 Pablo Casals)\" data-rel=\"lightbox-gallery-1\"><img loading=\"lazy\" decoding=\"async\" width=\"150\" height=\"150\" src=\"https:\/\/www.arquimaster.com.ar\/web\/wp-content\/uploads\/2024\/10\/casa_tamiz_1-150x150.jpg\" class=\"attachment-thumbnail size-thumbnail\" alt=\"Casa Tamiz \/ Gonzalo Bardach Arquitectura\" aria-describedby=\"gallery-1-81317\" \/><\/a>\n\t\t\t<\/div>\n\t\t\t\t<figcaption class='wp-caption-text gallery-caption' id='gallery-1-81317'>\n\t\t\t\tCasa Tamiz \/ Gonzalo Bardach Arquitectura (\u00a9 Pablo Casals)\n\t\t\t\t<\/figcaption><\/figure><figure class='gallery-item'>\n\t\t\t<div class='gallery-icon landscape'>\n\t\t\t\t<a href='https:\/\/www.arquimaster.com.ar\/web\/wp-content\/uploads\/2024\/10\/casa_tamiz_2.jpg' title=\"Casa Tamiz \/ Gonzalo Bardach Arquitectura (\u00a9 Pablo Casals)\" data-rl_title=\"Casa Tamiz \/ Gonzalo Bardach Arquitectura (\u00a9 Pablo Casals)\" class=\"rl-gallery-link\" data-rl_caption=\"Casa Tamiz \/ Gonzalo Bardach Arquitectura (\u00a9 Pablo Casals)\" data-rel=\"lightbox-gallery-1\"><img loading=\"lazy\" decoding=\"async\" width=\"150\" height=\"150\" src=\"https:\/\/www.arquimaster.com.ar\/web\/wp-content\/uploads\/2024\/10\/casa_tamiz_2-150x150.jpg\" class=\"attachment-thumbnail size-thumbnail\" alt=\"Casa Tamiz \/ Gonzalo Bardach Arquitectura\" aria-describedby=\"gallery-1-81318\" \/><\/a>\n\t\t\t<\/div>\n\t\t\t\t<figcaption class='wp-caption-text gallery-caption' id='gallery-1-81318'>\n\t\t\t\tCasa Tamiz \/ Gonzalo Bardach Arquitectura (\u00a9 Pablo Casals)\n\t\t\t\t<\/figcaption><\/figure><figure class='gallery-item'>\n\t\t\t<div class='gallery-icon portrait'>\n\t\t\t\t<a href='https:\/\/www.arquimaster.com.ar\/web\/wp-content\/uploads\/2024\/10\/casa_tamiz_3.jpg' title=\"Casa Tamiz \/ Gonzalo Bardach Arquitectura (\u00a9 Pablo Casals)\" data-rl_title=\"Casa Tamiz \/ Gonzalo Bardach Arquitectura (\u00a9 Pablo Casals)\" class=\"rl-gallery-link\" data-rl_caption=\"Casa Tamiz \/ Gonzalo Bardach Arquitectura (\u00a9 Pablo Casals)\" data-rel=\"lightbox-gallery-1\"><img loading=\"lazy\" decoding=\"async\" width=\"150\" height=\"150\" src=\"https:\/\/www.arquimaster.com.ar\/web\/wp-content\/uploads\/2024\/10\/casa_tamiz_3-150x150.jpg\" class=\"attachment-thumbnail size-thumbnail\" alt=\"Casa Tamiz \/ Gonzalo Bardach Arquitectura\" aria-describedby=\"gallery-1-81319\" \/><\/a>\n\t\t\t<\/div>\n\t\t\t\t<figcaption class='wp-caption-text gallery-caption' id='gallery-1-81319'>\n\t\t\t\tCasa Tamiz \/ Gonzalo Bardach Arquitectura (\u00a9 Pablo Casals)\n\t\t\t\t<\/figcaption><\/figure><figure class='gallery-item'>\n\t\t\t<div class='gallery-icon portrait'>\n\t\t\t\t<a href='https:\/\/www.arquimaster.com.ar\/web\/wp-content\/uploads\/2024\/10\/casa_tamiz_4.jpg' title=\"Casa Tamiz \/ Gonzalo Bardach Arquitectura (\u00a9 Pablo Casals)\" data-rl_title=\"Casa Tamiz \/ Gonzalo Bardach Arquitectura (\u00a9 Pablo Casals)\" class=\"rl-gallery-link\" data-rl_caption=\"Casa Tamiz \/ Gonzalo Bardach Arquitectura (\u00a9 Pablo Casals)\" data-rel=\"lightbox-gallery-1\"><img loading=\"lazy\" decoding=\"async\" width=\"150\" height=\"150\" src=\"https:\/\/www.arquimaster.com.ar\/web\/wp-content\/uploads\/2024\/10\/casa_tamiz_4-150x150.jpg\" class=\"attachment-thumbnail size-thumbnail\" alt=\"Casa Tamiz \/ Gonzalo Bardach Arquitectura\" aria-describedby=\"gallery-1-81320\" \/><\/a>\n\t\t\t<\/div>\n\t\t\t\t<figcaption class='wp-caption-text gallery-caption' id='gallery-1-81320'>\n\t\t\t\tCasa Tamiz \/ Gonzalo Bardach Arquitectura (\u00a9 Pablo Casals)\n\t\t\t\t<\/figcaption><\/figure><figure class='gallery-item'>\n\t\t\t<div class='gallery-icon portrait'>\n\t\t\t\t<a href='https:\/\/www.arquimaster.com.ar\/web\/wp-content\/uploads\/2024\/10\/casa_tamiz_5.jpg' title=\"Casa Tamiz \/ Gonzalo Bardach Arquitectura (\u00a9 Pablo Casals)\" data-rl_title=\"Casa Tamiz \/ Gonzalo Bardach Arquitectura (\u00a9 Pablo Casals)\" class=\"rl-gallery-link\" data-rl_caption=\"Casa Tamiz \/ Gonzalo Bardach Arquitectura (\u00a9 Pablo Casals)\" data-rel=\"lightbox-gallery-1\"><img loading=\"lazy\" decoding=\"async\" width=\"150\" height=\"150\" src=\"https:\/\/www.arquimaster.com.ar\/web\/wp-content\/uploads\/2024\/10\/casa_tamiz_5-150x150.jpg\" class=\"attachment-thumbnail size-thumbnail\" alt=\"Casa Tamiz \/ Gonzalo Bardach Arquitectura\" aria-describedby=\"gallery-1-81321\" \/><\/a>\n\t\t\t<\/div>\n\t\t\t\t<figcaption class='wp-caption-text gallery-caption' id='gallery-1-81321'>\n\t\t\t\tCasa Tamiz \/ Gonzalo Bardach Arquitectura (\u00a9 Pablo Casals)\n\t\t\t\t<\/figcaption><\/figure><figure class='gallery-item'>\n\t\t\t<div class='gallery-icon portrait'>\n\t\t\t\t<a href='https:\/\/www.arquimaster.com.ar\/web\/wp-content\/uploads\/2024\/10\/casa_tamiz_6.jpg' title=\"Casa Tamiz \/ Gonzalo Bardach Arquitectura (\u00a9 Pablo Casals)\" data-rl_title=\"Casa Tamiz \/ Gonzalo Bardach Arquitectura (\u00a9 Pablo Casals)\" class=\"rl-gallery-link\" data-rl_caption=\"Casa Tamiz \/ Gonzalo Bardach Arquitectura (\u00a9 Pablo Casals)\" data-rel=\"lightbox-gallery-1\"><img loading=\"lazy\" decoding=\"async\" width=\"150\" height=\"150\" src=\"https:\/\/www.arquimaster.com.ar\/web\/wp-content\/uploads\/2024\/10\/casa_tamiz_6-150x150.jpg\" class=\"attachment-thumbnail size-thumbnail\" alt=\"Casa Tamiz \/ Gonzalo Bardach Arquitectura\" aria-describedby=\"gallery-1-81322\" \/><\/a>\n\t\t\t<\/div>\n\t\t\t\t<figcaption class='wp-caption-text gallery-caption' id='gallery-1-81322'>\n\t\t\t\tCasa Tamiz \/ Gonzalo Bardach Arquitectura (\u00a9 Pablo Casals)\n\t\t\t\t<\/figcaption><\/figure><figure class='gallery-item'>\n\t\t\t<div class='gallery-icon portrait'>\n\t\t\t\t<a href='https:\/\/www.arquimaster.com.ar\/web\/wp-content\/uploads\/2024\/10\/casa_tamiz_7.jpg' title=\"Casa Tamiz \/ Gonzalo Bardach Arquitectura (\u00a9 Pablo Casals)\" data-rl_title=\"Casa Tamiz \/ Gonzalo Bardach Arquitectura (\u00a9 Pablo Casals)\" class=\"rl-gallery-link\" data-rl_caption=\"Casa Tamiz \/ Gonzalo Bardach Arquitectura (\u00a9 Pablo Casals)\" data-rel=\"lightbox-gallery-1\"><img loading=\"lazy\" decoding=\"async\" width=\"150\" height=\"150\" src=\"https:\/\/www.arquimaster.com.ar\/web\/wp-content\/uploads\/2024\/10\/casa_tamiz_7-150x150.jpg\" class=\"attachment-thumbnail size-thumbnail\" alt=\"Casa Tamiz \/ Gonzalo Bardach Arquitectura\" aria-describedby=\"gallery-1-81323\" \/><\/a>\n\t\t\t<\/div>\n\t\t\t\t<figcaption class='wp-caption-text gallery-caption' id='gallery-1-81323'>\n\t\t\t\tCasa Tamiz \/ Gonzalo Bardach Arquitectura (\u00a9 Pablo Casals)\n\t\t\t\t<\/figcaption><\/figure><figure class='gallery-item'>\n\t\t\t<div class='gallery-icon landscape'>\n\t\t\t\t<a href='https:\/\/www.arquimaster.com.ar\/web\/wp-content\/uploads\/2024\/10\/casa_tamiz_8.jpg' title=\"Casa Tamiz \/ Gonzalo Bardach Arquitectura (\u00a9 Pablo Casals)\" data-rl_title=\"Casa Tamiz \/ Gonzalo Bardach Arquitectura (\u00a9 Pablo Casals)\" class=\"rl-gallery-link\" data-rl_caption=\"Casa Tamiz \/ Gonzalo Bardach Arquitectura (\u00a9 Pablo Casals)\" data-rel=\"lightbox-gallery-1\"><img loading=\"lazy\" decoding=\"async\" width=\"150\" height=\"150\" src=\"https:\/\/www.arquimaster.com.ar\/web\/wp-content\/uploads\/2024\/10\/casa_tamiz_8-150x150.jpg\" class=\"attachment-thumbnail size-thumbnail\" alt=\"Casa Tamiz \/ Gonzalo Bardach Arquitectura\" aria-describedby=\"gallery-1-81324\" \/><\/a>\n\t\t\t<\/div>\n\t\t\t\t<figcaption class='wp-caption-text gallery-caption' id='gallery-1-81324'>\n\t\t\t\tCasa Tamiz \/ Gonzalo Bardach Arquitectura (\u00a9 Pablo Casals)\n\t\t\t\t<\/figcaption><\/figure><figure class='gallery-item'>\n\t\t\t<div class='gallery-icon landscape'>\n\t\t\t\t<a href='https:\/\/www.arquimaster.com.ar\/web\/wp-content\/uploads\/2024\/10\/casa_tamiz_9.jpg' title=\"Casa Tamiz \/ Gonzalo Bardach Arquitectura (\u00a9 Pablo Casals)\" data-rl_title=\"Casa Tamiz \/ Gonzalo Bardach Arquitectura (\u00a9 Pablo Casals)\" class=\"rl-gallery-link\" data-rl_caption=\"Casa Tamiz \/ Gonzalo Bardach Arquitectura (\u00a9 Pablo Casals)\" data-rel=\"lightbox-gallery-1\"><img loading=\"lazy\" decoding=\"async\" width=\"150\" height=\"150\" src=\"https:\/\/www.arquimaster.com.ar\/web\/wp-content\/uploads\/2024\/10\/casa_tamiz_9-150x150.jpg\" class=\"attachment-thumbnail size-thumbnail\" alt=\"Casa Tamiz \/ Gonzalo Bardach Arquitectura\" aria-describedby=\"gallery-1-81325\" \/><\/a>\n\t\t\t<\/div>\n\t\t\t\t<figcaption class='wp-caption-text gallery-caption' id='gallery-1-81325'>\n\t\t\t\tCasa Tamiz \/ Gonzalo Bardach Arquitectura (\u00a9 Pablo Casals)\n\t\t\t\t<\/figcaption><\/figure><figure class='gallery-item'>\n\t\t\t<div class='gallery-icon portrait'>\n\t\t\t\t<a href='https:\/\/www.arquimaster.com.ar\/web\/wp-content\/uploads\/2024\/10\/casa_tamiz_10.jpg' title=\"Casa Tamiz \/ Gonzalo Bardach Arquitectura (\u00a9 Pablo Casals)\" data-rl_title=\"Casa Tamiz \/ Gonzalo Bardach Arquitectura (\u00a9 Pablo Casals)\" class=\"rl-gallery-link\" data-rl_caption=\"Casa Tamiz \/ Gonzalo Bardach Arquitectura (\u00a9 Pablo Casals)\" data-rel=\"lightbox-gallery-1\"><img loading=\"lazy\" decoding=\"async\" width=\"150\" height=\"150\" src=\"https:\/\/www.arquimaster.com.ar\/web\/wp-content\/uploads\/2024\/10\/casa_tamiz_10-150x150.jpg\" class=\"attachment-thumbnail size-thumbnail\" alt=\"Casa Tamiz \/ Gonzalo Bardach Arquitectura\" aria-describedby=\"gallery-1-81326\" \/><\/a>\n\t\t\t<\/div>\n\t\t\t\t<figcaption class='wp-caption-text gallery-caption' id='gallery-1-81326'>\n\t\t\t\tCasa Tamiz \/ Gonzalo Bardach Arquitectura (\u00a9 Pablo Casals)\n\t\t\t\t<\/figcaption><\/figure><figure class='gallery-item'>\n\t\t\t<div class='gallery-icon portrait'>\n\t\t\t\t<a href='https:\/\/www.arquimaster.com.ar\/web\/wp-content\/uploads\/2024\/10\/casa_tamiz_11.jpg' title=\"Casa Tamiz \/ Gonzalo Bardach Arquitectura (\u00a9 Pablo Casals)\" data-rl_title=\"Casa Tamiz \/ Gonzalo Bardach Arquitectura (\u00a9 Pablo Casals)\" class=\"rl-gallery-link\" data-rl_caption=\"Casa Tamiz \/ Gonzalo Bardach Arquitectura (\u00a9 Pablo Casals)\" data-rel=\"lightbox-gallery-1\"><img loading=\"lazy\" decoding=\"async\" width=\"150\" height=\"150\" src=\"https:\/\/www.arquimaster.com.ar\/web\/wp-content\/uploads\/2024\/10\/casa_tamiz_11-150x150.jpg\" class=\"attachment-thumbnail size-thumbnail\" alt=\"Casa Tamiz \/ Gonzalo Bardach Arquitectura\" aria-describedby=\"gallery-1-81327\" \/><\/a>\n\t\t\t<\/div>\n\t\t\t\t<figcaption class='wp-caption-text gallery-caption' id='gallery-1-81327'>\n\t\t\t\tCasa Tamiz \/ Gonzalo Bardach Arquitectura (\u00a9 Pablo Casals)\n\t\t\t\t<\/figcaption><\/figure><figure class='gallery-item'>\n\t\t\t<div class='gallery-icon portrait'>\n\t\t\t\t<a href='https:\/\/www.arquimaster.com.ar\/web\/wp-content\/uploads\/2024\/10\/casa_tamiz_12.jpg' title=\"Casa Tamiz \/ Gonzalo Bardach Arquitectura (\u00a9 Pablo Casals)\" data-rl_title=\"Casa Tamiz \/ Gonzalo Bardach Arquitectura (\u00a9 Pablo Casals)\" class=\"rl-gallery-link\" data-rl_caption=\"Casa Tamiz \/ Gonzalo Bardach Arquitectura (\u00a9 Pablo Casals)\" data-rel=\"lightbox-gallery-1\"><img loading=\"lazy\" decoding=\"async\" width=\"150\" height=\"150\" src=\"https:\/\/www.arquimaster.com.ar\/web\/wp-content\/uploads\/2024\/10\/casa_tamiz_12-150x150.jpg\" class=\"attachment-thumbnail size-thumbnail\" alt=\"Casa Tamiz \/ Gonzalo Bardach Arquitectura\" aria-describedby=\"gallery-1-81328\" \/><\/a>\n\t\t\t<\/div>\n\t\t\t\t<figcaption class='wp-caption-text gallery-caption' id='gallery-1-81328'>\n\t\t\t\tCasa Tamiz \/ Gonzalo Bardach Arquitectura (\u00a9 Pablo Casals)\n\t\t\t\t<\/figcaption><\/figure><figure class='gallery-item'>\n\t\t\t<div class='gallery-icon portrait'>\n\t\t\t\t<a href='https:\/\/www.arquimaster.com.ar\/web\/wp-content\/uploads\/2024\/10\/casa_tamiz_13.jpg' title=\"Casa Tamiz \/ Gonzalo Bardach Arquitectura (\u00a9 Pablo Casals)\" data-rl_title=\"Casa Tamiz \/ Gonzalo Bardach Arquitectura (\u00a9 Pablo Casals)\" class=\"rl-gallery-link\" data-rl_caption=\"Casa Tamiz \/ Gonzalo Bardach Arquitectura (\u00a9 Pablo Casals)\" data-rel=\"lightbox-gallery-1\"><img loading=\"lazy\" decoding=\"async\" width=\"150\" height=\"150\" src=\"https:\/\/www.arquimaster.com.ar\/web\/wp-content\/uploads\/2024\/10\/casa_tamiz_13-150x150.jpg\" class=\"attachment-thumbnail size-thumbnail\" alt=\"Casa Tamiz \/ Gonzalo Bardach Arquitectura\" aria-describedby=\"gallery-1-81329\" \/><\/a>\n\t\t\t<\/div>\n\t\t\t\t<figcaption class='wp-caption-text gallery-caption' id='gallery-1-81329'>\n\t\t\t\tCasa Tamiz \/ Gonzalo Bardach Arquitectura (\u00a9 Pablo Casals)\n\t\t\t\t<\/figcaption><\/figure><figure class='gallery-item'>\n\t\t\t<div class='gallery-icon portrait'>\n\t\t\t\t<a href='https:\/\/www.arquimaster.com.ar\/web\/wp-content\/uploads\/2024\/10\/casa_tamiz_14.jpg' title=\"Casa Tamiz \/ Gonzalo Bardach Arquitectura (\u00a9 Pablo Casals)\" data-rl_title=\"Casa Tamiz \/ Gonzalo Bardach Arquitectura (\u00a9 Pablo Casals)\" class=\"rl-gallery-link\" data-rl_caption=\"Casa Tamiz \/ Gonzalo Bardach Arquitectura (\u00a9 Pablo Casals)\" data-rel=\"lightbox-gallery-1\"><img loading=\"lazy\" decoding=\"async\" width=\"150\" height=\"150\" src=\"https:\/\/www.arquimaster.com.ar\/web\/wp-content\/uploads\/2024\/10\/casa_tamiz_14-150x150.jpg\" class=\"attachment-thumbnail size-thumbnail\" alt=\"Casa Tamiz \/ Gonzalo Bardach Arquitectura\" aria-describedby=\"gallery-1-81330\" \/><\/a>\n\t\t\t<\/div>\n\t\t\t\t<figcaption class='wp-caption-text gallery-caption' id='gallery-1-81330'>\n\t\t\t\tCasa Tamiz \/ Gonzalo Bardach Arquitectura (\u00a9 Pablo Casals)\n\t\t\t\t<\/figcaption><\/figure><figure class='gallery-item'>\n\t\t\t<div class='gallery-icon portrait'>\n\t\t\t\t<a href='https:\/\/www.arquimaster.com.ar\/web\/wp-content\/uploads\/2024\/10\/casa_tamiz_15.jpg' title=\"Casa Tamiz \/ Gonzalo Bardach Arquitectura (\u00a9 Pablo Casals)\" data-rl_title=\"Casa Tamiz \/ Gonzalo Bardach Arquitectura (\u00a9 Pablo Casals)\" class=\"rl-gallery-link\" data-rl_caption=\"Casa Tamiz \/ Gonzalo Bardach Arquitectura (\u00a9 Pablo Casals)\" data-rel=\"lightbox-gallery-1\"><img loading=\"lazy\" decoding=\"async\" width=\"150\" height=\"150\" src=\"https:\/\/www.arquimaster.com.ar\/web\/wp-content\/uploads\/2024\/10\/casa_tamiz_15-150x150.jpg\" class=\"attachment-thumbnail size-thumbnail\" alt=\"Casa Tamiz \/ Gonzalo Bardach Arquitectura\" aria-describedby=\"gallery-1-81331\" \/><\/a>\n\t\t\t<\/div>\n\t\t\t\t<figcaption class='wp-caption-text gallery-caption' id='gallery-1-81331'>\n\t\t\t\tCasa Tamiz \/ Gonzalo Bardach Arquitectura (\u00a9 Pablo Casals)\n\t\t\t\t<\/figcaption><\/figure><figure class='gallery-item'>\n\t\t\t<div class='gallery-icon portrait'>\n\t\t\t\t<a href='https:\/\/www.arquimaster.com.ar\/web\/wp-content\/uploads\/2024\/10\/casa_tamiz_16.jpg' title=\"Casa Tamiz \/ Gonzalo Bardach Arquitectura (\u00a9 Pablo Casals)\" data-rl_title=\"Casa Tamiz \/ Gonzalo Bardach Arquitectura (\u00a9 Pablo Casals)\" class=\"rl-gallery-link\" data-rl_caption=\"Casa Tamiz \/ Gonzalo Bardach Arquitectura (\u00a9 Pablo Casals)\" data-rel=\"lightbox-gallery-1\"><img loading=\"lazy\" decoding=\"async\" width=\"150\" height=\"150\" src=\"https:\/\/www.arquimaster.com.ar\/web\/wp-content\/uploads\/2024\/10\/casa_tamiz_16-150x150.jpg\" class=\"attachment-thumbnail size-thumbnail\" alt=\"Casa Tamiz \/ Gonzalo Bardach Arquitectura\" aria-describedby=\"gallery-1-81332\" \/><\/a>\n\t\t\t<\/div>\n\t\t\t\t<figcaption class='wp-caption-text gallery-caption' id='gallery-1-81332'>\n\t\t\t\tCasa Tamiz \/ Gonzalo Bardach Arquitectura (\u00a9 Pablo Casals)\n\t\t\t\t<\/figcaption><\/figure><figure class='gallery-item'>\n\t\t\t<div class='gallery-icon landscape'>\n\t\t\t\t<a href='https:\/\/www.arquimaster.com.ar\/web\/wp-content\/uploads\/2024\/10\/casa_tamiz_17.jpg' title=\"Casa Tamiz \/ Gonzalo Bardach Arquitectura (\u00a9 Roc\u00edo Carillo)\" data-rl_title=\"Casa Tamiz \/ Gonzalo Bardach Arquitectura (\u00a9 Roc\u00edo Carillo)\" class=\"rl-gallery-link\" data-rl_caption=\"Casa Tamiz \/ Gonzalo Bardach Arquitectura (\u00a9 Roc\u00edo Carillo)\" data-rel=\"lightbox-gallery-1\"><img loading=\"lazy\" decoding=\"async\" width=\"150\" height=\"150\" src=\"https:\/\/www.arquimaster.com.ar\/web\/wp-content\/uploads\/2024\/10\/casa_tamiz_17-150x150.jpg\" class=\"attachment-thumbnail size-thumbnail\" alt=\"Casa Tamiz \/ Gonzalo Bardach Arquitectura\" aria-describedby=\"gallery-1-81333\" \/><\/a>\n\t\t\t<\/div>\n\t\t\t\t<figcaption class='wp-caption-text gallery-caption' id='gallery-1-81333'>\n\t\t\t\tCasa Tamiz \/ Gonzalo Bardach Arquitectura (\u00a9 Roc\u00edo Carillo)\n\t\t\t\t<\/figcaption><\/figure><figure class='gallery-item'>\n\t\t\t<div class='gallery-icon landscape'>\n\t\t\t\t<a href='https:\/\/www.arquimaster.com.ar\/web\/wp-content\/uploads\/2024\/10\/casa_tamiz_18.jpg' title=\"Casa Tamiz \/ Gonzalo Bardach Arquitectura (\u00a9 Roc\u00edo Carillo)\" data-rl_title=\"Casa Tamiz \/ Gonzalo Bardach Arquitectura (\u00a9 Roc\u00edo Carillo)\" class=\"rl-gallery-link\" data-rl_caption=\"Casa Tamiz \/ Gonzalo Bardach Arquitectura (\u00a9 Roc\u00edo Carillo)\" data-rel=\"lightbox-gallery-1\"><img loading=\"lazy\" decoding=\"async\" width=\"150\" height=\"150\" src=\"https:\/\/www.arquimaster.com.ar\/web\/wp-content\/uploads\/2024\/10\/casa_tamiz_18-150x150.jpg\" class=\"attachment-thumbnail size-thumbnail\" alt=\"Casa Tamiz \/ Gonzalo Bardach Arquitectura\" aria-describedby=\"gallery-1-81334\" \/><\/a>\n\t\t\t<\/div>\n\t\t\t\t<figcaption class='wp-caption-text gallery-caption' id='gallery-1-81334'>\n\t\t\t\tCasa Tamiz \/ Gonzalo Bardach Arquitectura (\u00a9 Roc\u00edo Carillo)\n\t\t\t\t<\/figcaption><\/figure><figure class='gallery-item'>\n\t\t\t<div class='gallery-icon landscape'>\n\t\t\t\t<a href='https:\/\/www.arquimaster.com.ar\/web\/wp-content\/uploads\/2024\/10\/casa_tamiz_19.jpg' title=\"Casa Tamiz \/ Gonzalo Bardach Arquitectura (\u00a9 Roc\u00edo Carillo)\" data-rl_title=\"Casa Tamiz \/ Gonzalo Bardach Arquitectura (\u00a9 Roc\u00edo Carillo)\" class=\"rl-gallery-link\" data-rl_caption=\"Casa Tamiz \/ Gonzalo Bardach Arquitectura (\u00a9 Roc\u00edo Carillo)\" data-rel=\"lightbox-gallery-1\"><img loading=\"lazy\" decoding=\"async\" width=\"150\" height=\"150\" src=\"https:\/\/www.arquimaster.com.ar\/web\/wp-content\/uploads\/2024\/10\/casa_tamiz_19-150x150.jpg\" class=\"attachment-thumbnail size-thumbnail\" alt=\"Casa Tamiz \/ Gonzalo Bardach Arquitectura\" aria-describedby=\"gallery-1-81335\" \/><\/a>\n\t\t\t<\/div>\n\t\t\t\t<figcaption class='wp-caption-text gallery-caption' id='gallery-1-81335'>\n\t\t\t\tCasa Tamiz \/ Gonzalo Bardach Arquitectura (\u00a9 Roc\u00edo Carillo)\n\t\t\t\t<\/figcaption><\/figure><figure class='gallery-item'>\n\t\t\t<div class='gallery-icon landscape'>\n\t\t\t\t<a href='https:\/\/www.arquimaster.com.ar\/web\/wp-content\/uploads\/2024\/10\/casa_tamiz_20.jpg' title=\"Casa Tamiz \/ Gonzalo Bardach Arquitectura (\u00a9 Roc\u00edo Carillo)\" data-rl_title=\"Casa Tamiz \/ Gonzalo Bardach Arquitectura (\u00a9 Roc\u00edo Carillo)\" class=\"rl-gallery-link\" data-rl_caption=\"Casa Tamiz \/ Gonzalo Bardach Arquitectura (\u00a9 Roc\u00edo Carillo)\" data-rel=\"lightbox-gallery-1\"><img loading=\"lazy\" decoding=\"async\" width=\"150\" height=\"150\" src=\"https:\/\/www.arquimaster.com.ar\/web\/wp-content\/uploads\/2024\/10\/casa_tamiz_20-150x150.jpg\" class=\"attachment-thumbnail size-thumbnail\" alt=\"Casa Tamiz \/ Gonzalo Bardach Arquitectura\" aria-describedby=\"gallery-1-81336\" \/><\/a>\n\t\t\t<\/div>\n\t\t\t\t<figcaption class='wp-caption-text gallery-caption' id='gallery-1-81336'>\n\t\t\t\tCasa Tamiz \/ Gonzalo Bardach Arquitectura (\u00a9 Roc\u00edo Carillo)\n\t\t\t\t<\/figcaption><\/figure><figure class='gallery-item'>\n\t\t\t<div class='gallery-icon landscape'>\n\t\t\t\t<a href='https:\/\/www.arquimaster.com.ar\/web\/wp-content\/uploads\/2024\/10\/casa_tamiz_21.jpg' title=\"Casa Tamiz \/ Gonzalo Bardach Arquitectura (\u00a9 Roc\u00edo Carillo)\" data-rl_title=\"Casa Tamiz \/ Gonzalo Bardach Arquitectura (\u00a9 Roc\u00edo Carillo)\" class=\"rl-gallery-link\" data-rl_caption=\"Casa Tamiz \/ Gonzalo Bardach Arquitectura (\u00a9 Roc\u00edo Carillo)\" data-rel=\"lightbox-gallery-1\"><img loading=\"lazy\" decoding=\"async\" width=\"150\" height=\"150\" src=\"https:\/\/www.arquimaster.com.ar\/web\/wp-content\/uploads\/2024\/10\/casa_tamiz_21-150x150.jpg\" class=\"attachment-thumbnail size-thumbnail\" alt=\"Casa Tamiz \/ Gonzalo Bardach Arquitectura\" aria-describedby=\"gallery-1-81337\" \/><\/a>\n\t\t\t<\/div>\n\t\t\t\t<figcaption class='wp-caption-text gallery-caption' id='gallery-1-81337'>\n\t\t\t\tCasa Tamiz \/ Gonzalo Bardach Arquitectura (\u00a9 Roc\u00edo Carillo)\n\t\t\t\t<\/figcaption><\/figure><figure class='gallery-item'>\n\t\t\t<div class='gallery-icon portrait'>\n\t\t\t\t<a href='https:\/\/www.arquimaster.com.ar\/web\/wp-content\/uploads\/2024\/10\/casa_tamiz_22.jpg' title=\"Casa Tamiz \/ Gonzalo Bardach Arquitectura (\u00a9 Roc\u00edo Carillo)\" data-rl_title=\"Casa Tamiz \/ Gonzalo Bardach Arquitectura (\u00a9 Roc\u00edo Carillo)\" class=\"rl-gallery-link\" data-rl_caption=\"Casa Tamiz \/ Gonzalo Bardach Arquitectura (\u00a9 Roc\u00edo Carillo)\" data-rel=\"lightbox-gallery-1\"><img loading=\"lazy\" decoding=\"async\" width=\"150\" height=\"150\" src=\"https:\/\/www.arquimaster.com.ar\/web\/wp-content\/uploads\/2024\/10\/casa_tamiz_22-150x150.jpg\" class=\"attachment-thumbnail size-thumbnail\" alt=\"Casa Tamiz \/ Gonzalo Bardach Arquitectura\" aria-describedby=\"gallery-1-81338\" \/><\/a>\n\t\t\t<\/div>\n\t\t\t\t<figcaption class='wp-caption-text gallery-caption' id='gallery-1-81338'>\n\t\t\t\tCasa Tamiz \/ Gonzalo Bardach Arquitectura (\u00a9 Roc\u00edo Carillo)\n\t\t\t\t<\/figcaption><\/figure><figure class='gallery-item'>\n\t\t\t<div class='gallery-icon portrait'>\n\t\t\t\t<a href='https:\/\/www.arquimaster.com.ar\/web\/wp-content\/uploads\/2024\/10\/casa_tamiz_23.jpg' title=\"Casa Tamiz \/ Gonzalo Bardach Arquitectura (planta baja)\" data-rl_title=\"Casa Tamiz \/ Gonzalo Bardach Arquitectura (planta baja)\" class=\"rl-gallery-link\" data-rl_caption=\"Casa Tamiz \/ Gonzalo Bardach Arquitectura (planta baja)\" data-rel=\"lightbox-gallery-1\"><img loading=\"lazy\" decoding=\"async\" width=\"150\" height=\"150\" src=\"https:\/\/www.arquimaster.com.ar\/web\/wp-content\/uploads\/2024\/10\/casa_tamiz_23-150x150.jpg\" class=\"attachment-thumbnail size-thumbnail\" alt=\"Casa Tamiz \/ Gonzalo Bardach Arquitectura\" aria-describedby=\"gallery-1-81339\" \/><\/a>\n\t\t\t<\/div>\n\t\t\t\t<figcaption class='wp-caption-text gallery-caption' id='gallery-1-81339'>\n\t\t\t\tCasa Tamiz \/ Gonzalo Bardach Arquitectura (planta baja)\n\t\t\t\t<\/figcaption><\/figure><figure class='gallery-item'>\n\t\t\t<div class='gallery-icon portrait'>\n\t\t\t\t<a href='https:\/\/www.arquimaster.com.ar\/web\/wp-content\/uploads\/2024\/10\/casa_tamiz_24.jpg' title=\"Casa Tamiz \/ Gonzalo Bardach Arquitectura (planta alta)\" data-rl_title=\"Casa Tamiz \/ Gonzalo Bardach Arquitectura (planta alta)\" class=\"rl-gallery-link\" data-rl_caption=\"Casa Tamiz \/ Gonzalo Bardach Arquitectura (planta alta)\" data-rel=\"lightbox-gallery-1\"><img loading=\"lazy\" decoding=\"async\" width=\"150\" height=\"150\" src=\"https:\/\/www.arquimaster.com.ar\/web\/wp-content\/uploads\/2024\/10\/casa_tamiz_24-150x150.jpg\" class=\"attachment-thumbnail size-thumbnail\" alt=\"Casa Tamiz \/ Gonzalo Bardach Arquitectura\" aria-describedby=\"gallery-1-81340\" \/><\/a>\n\t\t\t<\/div>\n\t\t\t\t<figcaption class='wp-caption-text gallery-caption' id='gallery-1-81340'>\n\t\t\t\tCasa Tamiz \/ Gonzalo Bardach Arquitectura (planta alta)\n\t\t\t\t<\/figcaption><\/figure><figure class='gallery-item'>\n\t\t\t<div class='gallery-icon portrait'>\n\t\t\t\t<a href='https:\/\/www.arquimaster.com.ar\/web\/wp-content\/uploads\/2024\/10\/casa_tamiz_25.jpg' title=\"Casa Tamiz \/ Gonzalo Bardach Arquitectura (planta de techos)\" data-rl_title=\"Casa Tamiz \/ Gonzalo Bardach Arquitectura (planta de techos)\" class=\"rl-gallery-link\" data-rl_caption=\"Casa Tamiz \/ Gonzalo Bardach Arquitectura (planta de techos)\" data-rel=\"lightbox-gallery-1\"><img loading=\"lazy\" decoding=\"async\" width=\"150\" height=\"150\" src=\"https:\/\/www.arquimaster.com.ar\/web\/wp-content\/uploads\/2024\/10\/casa_tamiz_25-150x150.jpg\" class=\"attachment-thumbnail size-thumbnail\" alt=\"Casa Tamiz \/ Gonzalo Bardach Arquitectura\" aria-describedby=\"gallery-1-81341\" \/><\/a>\n\t\t\t<\/div>\n\t\t\t\t<figcaption class='wp-caption-text gallery-caption' id='gallery-1-81341'>\n\t\t\t\tCasa Tamiz \/ Gonzalo Bardach Arquitectura (planta de techos)\n\t\t\t\t<\/figcaption><\/figure><figure class='gallery-item'>\n\t\t\t<div class='gallery-icon landscape'>\n\t\t\t\t<a href='https:\/\/www.arquimaster.com.ar\/web\/wp-content\/uploads\/2024\/10\/casa_tamiz_26.jpg' title=\"Casa Tamiz \/ Gonzalo Bardach Arquitectura (corte)\" data-rl_title=\"Casa Tamiz \/ Gonzalo Bardach Arquitectura (corte)\" class=\"rl-gallery-link\" data-rl_caption=\"Casa Tamiz \/ Gonzalo Bardach Arquitectura (corte)\" data-rel=\"lightbox-gallery-1\"><img loading=\"lazy\" decoding=\"async\" width=\"150\" height=\"150\" src=\"https:\/\/www.arquimaster.com.ar\/web\/wp-content\/uploads\/2024\/10\/casa_tamiz_26-150x150.jpg\" class=\"attachment-thumbnail size-thumbnail\" alt=\"Casa Tamiz \/ Gonzalo Bardach Arquitectura\" aria-describedby=\"gallery-1-81342\" \/><\/a>\n\t\t\t<\/div>\n\t\t\t\t<figcaption class='wp-caption-text gallery-caption' id='gallery-1-81342'>\n\t\t\t\tCasa Tamiz \/ Gonzalo Bardach Arquitectura (corte)\n\t\t\t\t<\/figcaption><\/figure><figure class='gallery-item'>\n\t\t\t<div class='gallery-icon landscape'>\n\t\t\t\t<a href='https:\/\/www.arquimaster.com.ar\/web\/wp-content\/uploads\/2024\/10\/casa_tamiz_27.jpg' title=\"Casa Tamiz \/ Gonzalo Bardach Arquitectura (axonometria en corte)\" data-rl_title=\"Casa Tamiz \/ Gonzalo Bardach Arquitectura (axonometria en corte)\" class=\"rl-gallery-link\" data-rl_caption=\"Casa Tamiz \/ Gonzalo Bardach Arquitectura (axonometria en corte)\" data-rel=\"lightbox-gallery-1\"><img loading=\"lazy\" decoding=\"async\" width=\"150\" height=\"150\" src=\"https:\/\/www.arquimaster.com.ar\/web\/wp-content\/uploads\/2024\/10\/casa_tamiz_27-150x150.jpg\" class=\"attachment-thumbnail size-thumbnail\" alt=\"Casa Tamiz \/ Gonzalo Bardach Arquitectura\" aria-describedby=\"gallery-1-81343\" \/><\/a>\n\t\t\t<\/div>\n\t\t\t\t<figcaption class='wp-caption-text gallery-caption' id='gallery-1-81343'>\n\t\t\t\tCasa Tamiz \/ Gonzalo Bardach Arquitectura (axonometria en corte)\n\t\t\t\t<\/figcaption><\/figure><figure class='gallery-item'>\n\t\t\t<div class='gallery-icon portrait'>\n\t\t\t\t<a href='https:\/\/www.arquimaster.com.ar\/web\/wp-content\/uploads\/2024\/10\/casa_tamiz_28.jpg' title=\"Casa Tamiz \/ Gonzalo Bardach Arquitectura (axonometria)\" data-rl_title=\"Casa Tamiz \/ Gonzalo Bardach Arquitectura (axonometria)\" class=\"rl-gallery-link\" data-rl_caption=\"Casa Tamiz \/ Gonzalo Bardach Arquitectura (axonometria)\" data-rel=\"lightbox-gallery-1\"><img loading=\"lazy\" decoding=\"async\" width=\"150\" height=\"150\" src=\"https:\/\/www.arquimaster.com.ar\/web\/wp-content\/uploads\/2024\/10\/casa_tamiz_28-150x150.jpg\" class=\"attachment-thumbnail size-thumbnail\" alt=\"Casa Tamiz \/ Gonzalo Bardach Arquitectura\" aria-describedby=\"gallery-1-81344\" \/><\/a>\n\t\t\t<\/div>\n\t\t\t\t<figcaption class='wp-caption-text gallery-caption' id='gallery-1-81344'>\n\t\t\t\tCasa Tamiz \/ Gonzalo Bardach Arquitectura (axonometria)\n\t\t\t\t<\/figcaption><\/figure><figure class='gallery-item'>\n\t\t\t<div class='gallery-icon landscape'>\n\t\t\t\t<a href='https:\/\/www.arquimaster.com.ar\/web\/wp-content\/uploads\/2024\/10\/casa_tamiz_29.jpg' title=\"Casa Tamiz \/ Gonzalo Bardach Arquitectura (ideograma)\" data-rl_title=\"Casa Tamiz \/ Gonzalo Bardach Arquitectura (ideograma)\" class=\"rl-gallery-link\" data-rl_caption=\"Casa Tamiz \/ Gonzalo Bardach Arquitectura (ideograma)\" data-rel=\"lightbox-gallery-1\"><img loading=\"lazy\" decoding=\"async\" width=\"150\" height=\"150\" src=\"https:\/\/www.arquimaster.com.ar\/web\/wp-content\/uploads\/2024\/10\/casa_tamiz_29-150x150.jpg\" class=\"attachment-thumbnail size-thumbnail\" alt=\"Casa Tamiz \/ Gonzalo Bardach Arquitectura\" aria-describedby=\"gallery-1-81345\" \/><\/a>\n\t\t\t<\/div>\n\t\t\t\t<figcaption class='wp-caption-text gallery-caption' id='gallery-1-81345'>\n\t\t\t\tCasa Tamiz \/ Gonzalo Bardach Arquitectura (ideograma)\n\t\t\t\t<\/figcaption><\/figure><figure class='gallery-item'>\n\t\t\t<div class='gallery-icon landscape'>\n\t\t\t\t<a href='https:\/\/www.arquimaster.com.ar\/web\/wp-content\/uploads\/2024\/10\/casa_tamiz_30.jpg' title=\"Casa Tamiz \/ Gonzalo Bardach Arquitectura (ideograma)\" data-rl_title=\"Casa Tamiz \/ Gonzalo Bardach Arquitectura (ideograma)\" class=\"rl-gallery-link\" data-rl_caption=\"Casa Tamiz \/ Gonzalo Bardach Arquitectura (ideograma)\" data-rel=\"lightbox-gallery-1\"><img loading=\"lazy\" decoding=\"async\" width=\"150\" height=\"150\" src=\"https:\/\/www.arquimaster.com.ar\/web\/wp-content\/uploads\/2024\/10\/casa_tamiz_30-150x150.jpg\" class=\"attachment-thumbnail size-thumbnail\" alt=\"Casa Tamiz \/ Gonzalo Bardach Arquitectura\" aria-describedby=\"gallery-1-81346\" \/><\/a>\n\t\t\t<\/div>\n\t\t\t\t<figcaption class='wp-caption-text gallery-caption' id='gallery-1-81346'>\n\t\t\t\tCasa Tamiz \/ Gonzalo Bardach Arquitectura (ideograma)\n\t\t\t\t<\/figcaption><\/figure><figure class='gallery-item'>\n\t\t\t<div class='gallery-icon landscape'>\n\t\t\t\t<a href='https:\/\/www.arquimaster.com.ar\/web\/wp-content\/uploads\/2024\/10\/casa_tamiz_31.jpg' title=\"Casa Tamiz \/ Gonzalo Bardach Arquitectura (ideograma)\" data-rl_title=\"Casa Tamiz \/ Gonzalo Bardach Arquitectura (ideograma)\" class=\"rl-gallery-link\" data-rl_caption=\"Casa Tamiz \/ Gonzalo Bardach Arquitectura (ideograma)\" data-rel=\"lightbox-gallery-1\"><img loading=\"lazy\" decoding=\"async\" width=\"150\" height=\"150\" src=\"https:\/\/www.arquimaster.com.ar\/web\/wp-content\/uploads\/2024\/10\/casa_tamiz_31-150x150.jpg\" class=\"attachment-thumbnail size-thumbnail\" alt=\"Casa Tamiz \/ Gonzalo Bardach Arquitectura\" aria-describedby=\"gallery-1-81347\" \/><\/a>\n\t\t\t<\/div>\n\t\t\t\t<figcaption class='wp-caption-text gallery-caption' id='gallery-1-81347'>\n\t\t\t\tCasa Tamiz \/ Gonzalo Bardach Arquitectura (ideograma)\n\t\t\t\t<\/figcaption><\/figure><figure class='gallery-item'>\n\t\t\t<div class='gallery-icon landscape'>\n\t\t\t\t<a href='https:\/\/www.arquimaster.com.ar\/web\/wp-content\/uploads\/2024\/10\/casa_tamiz_32.jpg' title=\"Casa Tamiz \/ Gonzalo Bardach Arquitectura (ideograma)\" data-rl_title=\"Casa Tamiz \/ Gonzalo Bardach Arquitectura (ideograma)\" class=\"rl-gallery-link\" data-rl_caption=\"Casa Tamiz \/ Gonzalo Bardach Arquitectura (ideograma)\" data-rel=\"lightbox-gallery-1\"><img loading=\"lazy\" decoding=\"async\" width=\"150\" height=\"150\" src=\"https:\/\/www.arquimaster.com.ar\/web\/wp-content\/uploads\/2024\/10\/casa_tamiz_32-150x150.jpg\" class=\"attachment-thumbnail size-thumbnail\" alt=\"Casa Tamiz \/ Gonzalo Bardach Arquitectura\" aria-describedby=\"gallery-1-81348\" \/><\/a>\n\t\t\t<\/div>\n\t\t\t\t<figcaption class='wp-caption-text gallery-caption' id='gallery-1-81348'>\n\t\t\t\tCasa Tamiz \/ Gonzalo Bardach Arquitectura (ideograma)\n\t\t\t\t<\/figcaption><\/figure><figure class='gallery-item'>\n\t\t\t<div class='gallery-icon landscape'>\n\t\t\t\t<a href='https:\/\/www.arquimaster.com.ar\/web\/wp-content\/uploads\/2024\/10\/casa_tamiz_33.jpg' title=\"Casa Tamiz \/ Gonzalo Bardach Arquitectura (ideograma)\" data-rl_title=\"Casa Tamiz \/ Gonzalo Bardach Arquitectura (ideograma)\" class=\"rl-gallery-link\" data-rl_caption=\"Casa Tamiz \/ Gonzalo Bardach Arquitectura (ideograma)\" data-rel=\"lightbox-gallery-1\"><img loading=\"lazy\" decoding=\"async\" width=\"150\" height=\"150\" src=\"https:\/\/www.arquimaster.com.ar\/web\/wp-content\/uploads\/2024\/10\/casa_tamiz_33-150x150.jpg\" class=\"attachment-thumbnail size-thumbnail\" alt=\"Casa Tamiz \/ Gonzalo Bardach Arquitectura\" aria-describedby=\"gallery-1-81349\" \/><\/a>\n\t\t\t<\/div>\n\t\t\t\t<figcaption class='wp-caption-text gallery-caption' id='gallery-1-81349'>\n\t\t\t\tCasa Tamiz \/ Gonzalo Bardach Arquitectura (ideograma)\n\t\t\t\t<\/figcaption><\/figure><figure class='gallery-item'>\n\t\t\t<div class='gallery-icon landscape'>\n\t\t\t\t<a href='https:\/\/www.arquimaster.com.ar\/web\/wp-content\/uploads\/2024\/10\/casa_tamiz_34.jpg' title=\"Casa Tamiz \/ Gonzalo Bardach Arquitectura (esquema acuarela)\" data-rl_title=\"Casa Tamiz \/ Gonzalo Bardach Arquitectura (esquema acuarela)\" class=\"rl-gallery-link\" data-rl_caption=\"Casa Tamiz \/ Gonzalo Bardach Arquitectura (esquema acuarela)\" data-rel=\"lightbox-gallery-1\"><img loading=\"lazy\" decoding=\"async\" width=\"150\" height=\"150\" src=\"https:\/\/www.arquimaster.com.ar\/web\/wp-content\/uploads\/2024\/10\/casa_tamiz_34-150x150.jpg\" class=\"attachment-thumbnail size-thumbnail\" alt=\"Casa Tamiz \/ Gonzalo Bardach Arquitectura\" aria-describedby=\"gallery-1-81350\" \/><\/a>\n\t\t\t<\/div>\n\t\t\t\t<figcaption class='wp-caption-text gallery-caption' id='gallery-1-81350'>\n\t\t\t\tCasa Tamiz \/ Gonzalo Bardach Arquitectura (esquema acuarela)\n\t\t\t\t<\/figcaption><\/figure>\n\t\t<\/div>\n\n<p>La morfolog\u00eda se concibe como dos piezas de piedra liquida horadada tanto en el frente, como en el contrafrente, cerr\u00e1ndose en sus laterales. En el frente la apertura se trabaja mediante filtros para lograr un tamiz de luz y generar intimidad, y el contrafrente se abre generosamente hacia el jard\u00edn principal, generando encuadres que enfatizan la mirada del usuario. La planta baja y alta se conecta a trav\u00e9s dos patios ajardinados cuya vegetaci\u00f3n diluye el l\u00edmite entre interior y exterior logrando el protagonismo del vac\u00edo central donde se ubica la escalera.<\/p>\n<p>La luz considerada como uno de los principales materiales de la arquitectura, es la b\u00fasqueda central en este proyecto como elemento generador de atmosferas, dibujando distintos claro oscuros a lo largo del d\u00eda seg\u00fan el movimiento del sol, logrando la transformaci\u00f3n de los espacios.<\/p>\n<p>Partiendo por luz filtrada en el frente, luego una iluminaci\u00f3n sutil gracias a patios ubicados en el centro de la casa, hasta culminar en una iluminaci\u00f3n m\u00e1s intensa generada por las ventanas que se ubican en el contrafrente.<\/p>\n<p>Se opt\u00f3 por la utilizaci\u00f3n de materiales en su estado puro, hormig\u00f3n, madera, hierro y vidrio, permiten tanto la creaci\u00f3n de espacios \u00fanicos gracias a su calidez, como un muy bajo mantenimiento a lo largo del ciclo de vida de la casa.<\/p>\n<p>La naturaleza es uno de los principales conceptos de la arquitectura de nuestra oficina. En la casa Tamiz, el dise\u00f1o paisaj\u00edstico se tuvo en cuenta desde el origen del proyecto tanto en nivel de planta baja mediante sus patios y el jard\u00edn perimetral, as\u00ed como en las terrazas superiores que traen la naturaleza a la planta alta y la cubierta. Las plantas fueron cuidadosamente seleccionadas para generar un ecosistema que fomente la biodiversidad.<\/p>\n<p>El programa se distribuye en dos plantas. La planta baja es un lugar de uni\u00f3n familiar, con ambientes amplios integrados que incorporan el jard\u00edn para una intensa vida social. La planta alta alberga el programa privado, donde se encuentran los dormitorios y sus correspondientes ba\u00f1os. El ba\u00f1o principal se abre hacia un jard\u00edn interior que incorpora la naturaleza y provee de intimidad.<\/p>\n<p>Se pens\u00f3 cuidadosamente la creaci\u00f3n y distribuci\u00f3n de cada espacio. Cada secuencia e imagen son parte de un recorrido arquitect\u00f3nico, que comienza en el acceso, que te recibe y te invita a ingresar, pero tambi\u00e9n a una pausa, un primer tamiz que produce la transici\u00f3n que dirige a los distintos ambientes, que culminan en el estar principal en el cual la casa abre sus visuales y encuadres.<\/p>\n<p>La sustentabilidad se trabaj\u00f3 esencialmente desde el dise\u00f1o bio-ambiental por medio de una implantaci\u00f3n que tiene en cuenta las orientaciones y el dinamismo del sol y los vientos, la iluminaci\u00f3n natural en todos los espacios y una ventilaci\u00f3n cruzada que permite mantener el confort t\u00e9rmico de forma natural.<\/p>\n<p>Asimismo, una cubierta verde con vegetaci\u00f3n nativa con todos los beneficios que conlleva nos permite la reducci\u00f3n de superficies pavimentadas, la producci\u00f3n de ox\u00edgeno y absorci\u00f3n de CO2, evitar el recalentamiento de los techos, reducir las variaciones de temperatura del ciclo d\u00eda, como as\u00ed tambi\u00e9n act\u00faa como un gran aislante t\u00e9rmico.<\/p>\n<p>Respecto a la eficiencia energ\u00e9tica, dispusimos de paneles solares para el suministro de energ\u00eda el\u00e9ctrica, como as\u00ed tambien para la alimentaci\u00f3n de la climatizaci\u00f3n.<\/p>\n<p>Como resultado el proyecto evoca una escultura formada por dos piezas de piedra liquida posada para contemplar la naturaleza como lo hace el escultor Eduardo Chillida en sus obras el cual se tuvo como referencia de inspiraci\u00f3n. La simpleza prima en todas las decisiones de dise\u00f1o.<\/p>\n\n\n<div style=\"height:20px\" aria-hidden=\"true\" class=\"wp-block-spacer\"><\/div>\n\n\n\n<p class=\"has-background\" style=\"background-color:#eaeaea\"><strong>Ficha t\u00e9cnica<\/strong><br>Nombre: Casa Tamiz<br>Ubicaci\u00f3n: Pilar, Pcia. de Buenos Aires, Argentina<br>Oficina de arquitectura: Gonzalo Bardach Arquitectura<br>Arquitecto: Gonzalo Bardach<br>Equipo de Proyecto: Gonzalo Bardach, Roc\u00edo Carrillo, Leila Rocamora, Isabel Quinton<br>Paisajismo: Cecilia Grant<br>Dise\u00f1o estructural: Pedro Gea<br>Superficie cubierta: 280 m2<br>Superficie semicubierta: 92 m2<br>Superficie verde cubierta: 180 m2<br>A\u00f1o: 2022<br>Fotograf\u00eda: Pablo Casals, Roc\u00edo Carillo<br>Sitio web: https:\/\/www.gonzalobardach.com<br>Instagram: @gonzalobardach_arq<\/p>\n\n\n\n<div style=\"height:40px\" aria-hidden=\"true\" class=\"wp-block-spacer\"><\/div>\n\n<div style=\"font-size: 0px; height: 0px; line-height: 0px; margin: 0; padding: 0; clear: both;\"><\/div><div style=\"margin-top: 0px; margin-bottom: 0px;\" class=\"sharethis-inline-share-buttons\" ><\/div>","protected":false},"excerpt":{"rendered":"<p>Con la premisa de la luz como material, explora las emociones que producen sus filtros y tamices&#8230;<\/p>\n","protected":false},"author":1,"featured_media":81316,"comment_status":"closed","ping_status":"closed","sticky":false,"template":"","format":"standard","meta":{"_uag_custom_page_level_css":"","footnotes":""},"categories":[1,83],"tags":[14,16,4267,8023,254],"class_list":["post-81315","post","type-post","status-publish","format-standard","has-post-thumbnail","hentry","category-proyecto","category-vivienda-unifamiliar","tag-argentina","tag-buenos-aires","tag-gonzalo-bardach","tag-gonzalo-bardach-arquitectura","tag-vivienda-unifamiliar-2","generate-columns","tablet-grid-50","mobile-grid-100","grid-parent","grid-50"],"yoast_head":"<!-- This site is optimized with the Yoast SEO plugin v27.3 - https:\/\/yoast.com\/product\/yoast-seo-wordpress\/ -->\n<title>Casa Tamiz \/ Gonzalo Bardach Arquitectura - Arquimaster<\/title>\n<meta name=\"description\" content=\"La casa tiene como premisa la luz como material, explorando las distintas emociones que producen sus filtros y tamices a trav\u00e9s de una arquitectura de l\u00edneas simples.\" \/>\n<meta name=\"robots\" content=\"index, follow, max-snippet:-1, max-image-preview:large, max-video-preview:-1\" \/>\n<link rel=\"canonical\" href=\"https:\/\/www.arquimaster.com.ar\/web\/casa-tamiz-gonzalo-bardach-arquitectura\/\" \/>\n<meta property=\"og:locale\" content=\"es_ES\" \/>\n<meta property=\"og:type\" content=\"article\" \/>\n<meta property=\"og:title\" content=\"Casa Tamiz \/ Gonzalo Bardach Arquitectura\" \/>\n<meta property=\"og:description\" content=\"La casa tiene como premisa la luz como material, explorando las distintas emociones que producen sus filtros y tamices a trav\u00e9s de una arquitectura de l\u00edneas simples.\" \/>\n<meta property=\"og:url\" content=\"https:\/\/www.arquimaster.com.ar\/web\/casa-tamiz-gonzalo-bardach-arquitectura\/\" \/>\n<meta property=\"og:site_name\" content=\"Arquimaster\" \/>\n<meta property=\"article:publisher\" content=\"http:\/\/www.facebook.com\/ARQUIMASTER.com.ar\" \/>\n<meta property=\"article:published_time\" content=\"2024-10-09T16:19:27+00:00\" \/>\n<meta property=\"article:modified_time\" content=\"2025-07-24T23:11:35+00:00\" \/>\n<meta property=\"og:image\" content=\"https:\/\/www.arquimaster.com.ar\/web\/wp-content\/uploads\/2024\/10\/casa_tamiz_slide.jpg\" \/>\n\t<meta property=\"og:image:width\" content=\"698\" \/>\n\t<meta property=\"og:image:height\" content=\"364\" \/>\n\t<meta property=\"og:image:type\" content=\"image\/jpeg\" \/>\n<meta name=\"author\" content=\"Arquimaster\" \/>\n<meta name=\"twitter:card\" content=\"summary_large_image\" \/>\n<meta name=\"twitter:title\" content=\"Casa Tamiz \/ Gonzalo Bardach Arquitectura\" \/>\n<meta name=\"twitter:description\" content=\"La casa tiene como premisa la luz como material, explorando las distintas emociones que producen sus filtros y tamices a trav\u00e9s de una arquitectura de l\u00edneas simples.\" \/>\n<meta name=\"twitter:image\" content=\"https:\/\/www.arquimaster.com.ar\/web\/wp-content\/uploads\/2024\/10\/casa_tamiz_slide.jpg\" \/>\n<meta name=\"twitter:creator\" content=\"@arquimaster\" \/>\n<meta name=\"twitter:site\" content=\"@arquimaster\" \/>\n<meta name=\"twitter:label1\" content=\"Escrito por\" \/>\n\t<meta name=\"twitter:data1\" content=\"Arquimaster\" \/>\n\t<meta name=\"twitter:label2\" content=\"Tiempo de lectura\" \/>\n\t<meta name=\"twitter:data2\" content=\"4 minutos\" \/>\n<script type=\"application\/ld+json\" class=\"yoast-schema-graph\">{\"@context\":\"https:\\\/\\\/schema.org\",\"@graph\":[{\"@type\":\"Article\",\"@id\":\"https:\\\/\\\/www.arquimaster.com.ar\\\/web\\\/casa-tamiz-gonzalo-bardach-arquitectura\\\/#article\",\"isPartOf\":{\"@id\":\"https:\\\/\\\/www.arquimaster.com.ar\\\/web\\\/casa-tamiz-gonzalo-bardach-arquitectura\\\/\"},\"author\":{\"name\":\"Arquimaster\",\"@id\":\"https:\\\/\\\/www.arquimaster.com.ar\\\/web\\\/#\\\/schema\\\/person\\\/359e9f7c00193fcde068e0dd2ceb0028\"},\"headline\":\"Casa Tamiz \\\/ Gonzalo Bardach Arquitectura\",\"datePublished\":\"2024-10-09T16:19:27+00:00\",\"dateModified\":\"2025-07-24T23:11:35+00:00\",\"mainEntityOfPage\":{\"@id\":\"https:\\\/\\\/www.arquimaster.com.ar\\\/web\\\/casa-tamiz-gonzalo-bardach-arquitectura\\\/\"},\"wordCount\":788,\"publisher\":{\"@id\":\"https:\\\/\\\/www.arquimaster.com.ar\\\/web\\\/#organization\"},\"image\":{\"@id\":\"https:\\\/\\\/www.arquimaster.com.ar\\\/web\\\/casa-tamiz-gonzalo-bardach-arquitectura\\\/#primaryimage\"},\"thumbnailUrl\":\"https:\\\/\\\/www.arquimaster.com.ar\\\/web\\\/wp-content\\\/uploads\\\/2024\\\/10\\\/casa_tamiz_slide.jpg\",\"keywords\":[\"Argentina\",\"Buenos Aires\",\"Gonzalo Bardach\",\"Gonzalo Bardach Arquitectura\",\"vivienda unifamiliar\"],\"articleSection\":[\"Proyecto\",\"Vivienda unifamiliar y PH\"],\"inLanguage\":\"es\"},{\"@type\":\"WebPage\",\"@id\":\"https:\\\/\\\/www.arquimaster.com.ar\\\/web\\\/casa-tamiz-gonzalo-bardach-arquitectura\\\/\",\"url\":\"https:\\\/\\\/www.arquimaster.com.ar\\\/web\\\/casa-tamiz-gonzalo-bardach-arquitectura\\\/\",\"name\":\"Casa Tamiz \\\/ Gonzalo Bardach Arquitectura - Arquimaster\",\"isPartOf\":{\"@id\":\"https:\\\/\\\/www.arquimaster.com.ar\\\/web\\\/#website\"},\"primaryImageOfPage\":{\"@id\":\"https:\\\/\\\/www.arquimaster.com.ar\\\/web\\\/casa-tamiz-gonzalo-bardach-arquitectura\\\/#primaryimage\"},\"image\":{\"@id\":\"https:\\\/\\\/www.arquimaster.com.ar\\\/web\\\/casa-tamiz-gonzalo-bardach-arquitectura\\\/#primaryimage\"},\"thumbnailUrl\":\"https:\\\/\\\/www.arquimaster.com.ar\\\/web\\\/wp-content\\\/uploads\\\/2024\\\/10\\\/casa_tamiz_slide.jpg\",\"datePublished\":\"2024-10-09T16:19:27+00:00\",\"dateModified\":\"2025-07-24T23:11:35+00:00\",\"description\":\"La casa tiene como premisa la luz como material, explorando las distintas emociones que producen sus filtros y tamices a trav\u00e9s de una arquitectura de l\u00edneas simples.\",\"breadcrumb\":{\"@id\":\"https:\\\/\\\/www.arquimaster.com.ar\\\/web\\\/casa-tamiz-gonzalo-bardach-arquitectura\\\/#breadcrumb\"},\"inLanguage\":\"es\",\"potentialAction\":[{\"@type\":\"ReadAction\",\"target\":[\"https:\\\/\\\/www.arquimaster.com.ar\\\/web\\\/casa-tamiz-gonzalo-bardach-arquitectura\\\/\"]}]},{\"@type\":\"ImageObject\",\"inLanguage\":\"es\",\"@id\":\"https:\\\/\\\/www.arquimaster.com.ar\\\/web\\\/casa-tamiz-gonzalo-bardach-arquitectura\\\/#primaryimage\",\"url\":\"https:\\\/\\\/www.arquimaster.com.ar\\\/web\\\/wp-content\\\/uploads\\\/2024\\\/10\\\/casa_tamiz_slide.jpg\",\"contentUrl\":\"https:\\\/\\\/www.arquimaster.com.ar\\\/web\\\/wp-content\\\/uploads\\\/2024\\\/10\\\/casa_tamiz_slide.jpg\",\"width\":698,\"height\":364,\"caption\":\"Casa Tamiz \\\/ Gonzalo Bardach Arquitectura\"},{\"@type\":\"BreadcrumbList\",\"@id\":\"https:\\\/\\\/www.arquimaster.com.ar\\\/web\\\/casa-tamiz-gonzalo-bardach-arquitectura\\\/#breadcrumb\",\"itemListElement\":[{\"@type\":\"ListItem\",\"position\":1,\"name\":\"Portada\",\"item\":\"https:\\\/\\\/www.arquimaster.com.ar\\\/web\\\/\"},{\"@type\":\"ListItem\",\"position\":2,\"name\":\"Casa Tamiz \\\/ Gonzalo Bardach Arquitectura\"}]},{\"@type\":\"WebSite\",\"@id\":\"https:\\\/\\\/www.arquimaster.com.ar\\\/web\\\/#website\",\"url\":\"https:\\\/\\\/www.arquimaster.com.ar\\\/web\\\/\",\"name\":\"Arquimaster\",\"description\":\"Web de arquitectura, dise\u00f1o y construccion\",\"publisher\":{\"@id\":\"https:\\\/\\\/www.arquimaster.com.ar\\\/web\\\/#organization\"},\"potentialAction\":[{\"@type\":\"SearchAction\",\"target\":{\"@type\":\"EntryPoint\",\"urlTemplate\":\"https:\\\/\\\/www.arquimaster.com.ar\\\/web\\\/?s={search_term_string}\"},\"query-input\":{\"@type\":\"PropertyValueSpecification\",\"valueRequired\":true,\"valueName\":\"search_term_string\"}}],\"inLanguage\":\"es\"},{\"@type\":\"Organization\",\"@id\":\"https:\\\/\\\/www.arquimaster.com.ar\\\/web\\\/#organization\",\"name\":\"Arquimaster\",\"url\":\"https:\\\/\\\/www.arquimaster.com.ar\\\/web\\\/\",\"logo\":{\"@type\":\"ImageObject\",\"inLanguage\":\"es\",\"@id\":\"https:\\\/\\\/www.arquimaster.com.ar\\\/web\\\/#\\\/schema\\\/logo\\\/image\\\/\",\"url\":\"https:\\\/\\\/www.arquimaster.com.ar\\\/web\\\/wp-content\\\/uploads\\\/2022\\\/06\\\/arquimaster.png\",\"contentUrl\":\"https:\\\/\\\/www.arquimaster.com.ar\\\/web\\\/wp-content\\\/uploads\\\/2022\\\/06\\\/arquimaster.png\",\"width\":594,\"height\":78,\"caption\":\"Arquimaster\"},\"image\":{\"@id\":\"https:\\\/\\\/www.arquimaster.com.ar\\\/web\\\/#\\\/schema\\\/logo\\\/image\\\/\"},\"sameAs\":[\"http:\\\/\\\/www.facebook.com\\\/ARQUIMASTER.com.ar\",\"https:\\\/\\\/x.com\\\/arquimaster\",\"https:\\\/\\\/www.instagram.com\\\/arquimasterblog\\\/\",\"https:\\\/\\\/www.linkedin.com\\\/company\\\/arquimaster\",\"https:\\\/\\\/www.pinterest.com\\\/arquimaster\",\"https:\\\/\\\/t.me\\\/arquimaster\"]},{\"@type\":\"Person\",\"@id\":\"https:\\\/\\\/www.arquimaster.com.ar\\\/web\\\/#\\\/schema\\\/person\\\/359e9f7c00193fcde068e0dd2ceb0028\",\"name\":\"Arquimaster\"}]}<\/script>\n<!-- \/ Yoast SEO plugin. -->","yoast_head_json":{"title":"Casa Tamiz \/ Gonzalo Bardach Arquitectura - Arquimaster","description":"La casa tiene como premisa la luz como material, explorando las distintas emociones que producen sus filtros y tamices a trav\u00e9s de una arquitectura de l\u00edneas simples.","robots":{"index":"index","follow":"follow","max-snippet":"max-snippet:-1","max-image-preview":"max-image-preview:large","max-video-preview":"max-video-preview:-1"},"canonical":"https:\/\/www.arquimaster.com.ar\/web\/casa-tamiz-gonzalo-bardach-arquitectura\/","og_locale":"es_ES","og_type":"article","og_title":"Casa Tamiz \/ Gonzalo Bardach Arquitectura","og_description":"La casa tiene como premisa la luz como material, explorando las distintas emociones que producen sus filtros y tamices a trav\u00e9s de una arquitectura de l\u00edneas simples.","og_url":"https:\/\/www.arquimaster.com.ar\/web\/casa-tamiz-gonzalo-bardach-arquitectura\/","og_site_name":"Arquimaster","article_publisher":"http:\/\/www.facebook.com\/ARQUIMASTER.com.ar","article_published_time":"2024-10-09T16:19:27+00:00","article_modified_time":"2025-07-24T23:11:35+00:00","og_image":[{"width":698,"height":364,"url":"https:\/\/www.arquimaster.com.ar\/web\/wp-content\/uploads\/2024\/10\/casa_tamiz_slide.jpg","type":"image\/jpeg"}],"author":"Arquimaster","twitter_card":"summary_large_image","twitter_title":"Casa Tamiz \/ Gonzalo Bardach Arquitectura","twitter_description":"La casa tiene como premisa la luz como material, explorando las distintas emociones que producen sus filtros y tamices a trav\u00e9s de una arquitectura de l\u00edneas simples.","twitter_image":"https:\/\/www.arquimaster.com.ar\/web\/wp-content\/uploads\/2024\/10\/casa_tamiz_slide.jpg","twitter_creator":"@arquimaster","twitter_site":"@arquimaster","twitter_misc":{"Escrito por":"Arquimaster","Tiempo de lectura":"4 minutos"},"schema":{"@context":"https:\/\/schema.org","@graph":[{"@type":"Article","@id":"https:\/\/www.arquimaster.com.ar\/web\/casa-tamiz-gonzalo-bardach-arquitectura\/#article","isPartOf":{"@id":"https:\/\/www.arquimaster.com.ar\/web\/casa-tamiz-gonzalo-bardach-arquitectura\/"},"author":{"name":"Arquimaster","@id":"https:\/\/www.arquimaster.com.ar\/web\/#\/schema\/person\/359e9f7c00193fcde068e0dd2ceb0028"},"headline":"Casa Tamiz \/ Gonzalo Bardach Arquitectura","datePublished":"2024-10-09T16:19:27+00:00","dateModified":"2025-07-24T23:11:35+00:00","mainEntityOfPage":{"@id":"https:\/\/www.arquimaster.com.ar\/web\/casa-tamiz-gonzalo-bardach-arquitectura\/"},"wordCount":788,"publisher":{"@id":"https:\/\/www.arquimaster.com.ar\/web\/#organization"},"image":{"@id":"https:\/\/www.arquimaster.com.ar\/web\/casa-tamiz-gonzalo-bardach-arquitectura\/#primaryimage"},"thumbnailUrl":"https:\/\/www.arquimaster.com.ar\/web\/wp-content\/uploads\/2024\/10\/casa_tamiz_slide.jpg","keywords":["Argentina","Buenos Aires","Gonzalo Bardach","Gonzalo Bardach Arquitectura","vivienda unifamiliar"],"articleSection":["Proyecto","Vivienda unifamiliar y PH"],"inLanguage":"es"},{"@type":"WebPage","@id":"https:\/\/www.arquimaster.com.ar\/web\/casa-tamiz-gonzalo-bardach-arquitectura\/","url":"https:\/\/www.arquimaster.com.ar\/web\/casa-tamiz-gonzalo-bardach-arquitectura\/","name":"Casa Tamiz \/ Gonzalo Bardach Arquitectura - Arquimaster","isPartOf":{"@id":"https:\/\/www.arquimaster.com.ar\/web\/#website"},"primaryImageOfPage":{"@id":"https:\/\/www.arquimaster.com.ar\/web\/casa-tamiz-gonzalo-bardach-arquitectura\/#primaryimage"},"image":{"@id":"https:\/\/www.arquimaster.com.ar\/web\/casa-tamiz-gonzalo-bardach-arquitectura\/#primaryimage"},"thumbnailUrl":"https:\/\/www.arquimaster.com.ar\/web\/wp-content\/uploads\/2024\/10\/casa_tamiz_slide.jpg","datePublished":"2024-10-09T16:19:27+00:00","dateModified":"2025-07-24T23:11:35+00:00","description":"La casa tiene como premisa la luz como material, explorando las distintas emociones que producen sus filtros y tamices a trav\u00e9s de una arquitectura de l\u00edneas simples.","breadcrumb":{"@id":"https:\/\/www.arquimaster.com.ar\/web\/casa-tamiz-gonzalo-bardach-arquitectura\/#breadcrumb"},"inLanguage":"es","potentialAction":[{"@type":"ReadAction","target":["https:\/\/www.arquimaster.com.ar\/web\/casa-tamiz-gonzalo-bardach-arquitectura\/"]}]},{"@type":"ImageObject","inLanguage":"es","@id":"https:\/\/www.arquimaster.com.ar\/web\/casa-tamiz-gonzalo-bardach-arquitectura\/#primaryimage","url":"https:\/\/www.arquimaster.com.ar\/web\/wp-content\/uploads\/2024\/10\/casa_tamiz_slide.jpg","contentUrl":"https:\/\/www.arquimaster.com.ar\/web\/wp-content\/uploads\/2024\/10\/casa_tamiz_slide.jpg","width":698,"height":364,"caption":"Casa Tamiz \/ Gonzalo Bardach Arquitectura"},{"@type":"BreadcrumbList","@id":"https:\/\/www.arquimaster.com.ar\/web\/casa-tamiz-gonzalo-bardach-arquitectura\/#breadcrumb","itemListElement":[{"@type":"ListItem","position":1,"name":"Portada","item":"https:\/\/www.arquimaster.com.ar\/web\/"},{"@type":"ListItem","position":2,"name":"Casa Tamiz \/ Gonzalo Bardach Arquitectura"}]},{"@type":"WebSite","@id":"https:\/\/www.arquimaster.com.ar\/web\/#website","url":"https:\/\/www.arquimaster.com.ar\/web\/","name":"Arquimaster","description":"Web de arquitectura, dise\u00f1o y construccion","publisher":{"@id":"https:\/\/www.arquimaster.com.ar\/web\/#organization"},"potentialAction":[{"@type":"SearchAction","target":{"@type":"EntryPoint","urlTemplate":"https:\/\/www.arquimaster.com.ar\/web\/?s={search_term_string}"},"query-input":{"@type":"PropertyValueSpecification","valueRequired":true,"valueName":"search_term_string"}}],"inLanguage":"es"},{"@type":"Organization","@id":"https:\/\/www.arquimaster.com.ar\/web\/#organization","name":"Arquimaster","url":"https:\/\/www.arquimaster.com.ar\/web\/","logo":{"@type":"ImageObject","inLanguage":"es","@id":"https:\/\/www.arquimaster.com.ar\/web\/#\/schema\/logo\/image\/","url":"https:\/\/www.arquimaster.com.ar\/web\/wp-content\/uploads\/2022\/06\/arquimaster.png","contentUrl":"https:\/\/www.arquimaster.com.ar\/web\/wp-content\/uploads\/2022\/06\/arquimaster.png","width":594,"height":78,"caption":"Arquimaster"},"image":{"@id":"https:\/\/www.arquimaster.com.ar\/web\/#\/schema\/logo\/image\/"},"sameAs":["http:\/\/www.facebook.com\/ARQUIMASTER.com.ar","https:\/\/x.com\/arquimaster","https:\/\/www.instagram.com\/arquimasterblog\/","https:\/\/www.linkedin.com\/company\/arquimaster","https:\/\/www.pinterest.com\/arquimaster","https:\/\/t.me\/arquimaster"]},{"@type":"Person","@id":"https:\/\/www.arquimaster.com.ar\/web\/#\/schema\/person\/359e9f7c00193fcde068e0dd2ceb0028","name":"Arquimaster"}]}},"uagb_featured_image_src":{"full":["https:\/\/www.arquimaster.com.ar\/web\/wp-content\/uploads\/2024\/10\/casa_tamiz_slide.jpg",698,364,false],"thumbnail":["https:\/\/www.arquimaster.com.ar\/web\/wp-content\/uploads\/2024\/10\/casa_tamiz_slide-150x150.jpg",150,150,true],"medium":["https:\/\/www.arquimaster.com.ar\/web\/wp-content\/uploads\/2024\/10\/casa_tamiz_slide.jpg",698,364,false],"medium_large":["https:\/\/www.arquimaster.com.ar\/web\/wp-content\/uploads\/2024\/10\/casa_tamiz_slide.jpg",698,364,false],"large":["https:\/\/www.arquimaster.com.ar\/web\/wp-content\/uploads\/2024\/10\/casa_tamiz_slide.jpg",698,364,false],"1536x1536":["https:\/\/www.arquimaster.com.ar\/web\/wp-content\/uploads\/2024\/10\/casa_tamiz_slide.jpg",698,364,false],"2048x2048":["https:\/\/www.arquimaster.com.ar\/web\/wp-content\/uploads\/2024\/10\/casa_tamiz_slide.jpg",698,364,false]},"uagb_author_info":{"display_name":"Arquimaster","author_link":"https:\/\/www.arquimaster.com.ar\/web\/author\/arquimaster\/"},"uagb_comment_info":0,"uagb_excerpt":"Con la premisa de la luz como material, explora las emociones que producen sus filtros y tamices...","_links":{"self":[{"href":"https:\/\/www.arquimaster.com.ar\/web\/wp-json\/wp\/v2\/posts\/81315","targetHints":{"allow":["GET"]}}],"collection":[{"href":"https:\/\/www.arquimaster.com.ar\/web\/wp-json\/wp\/v2\/posts"}],"about":[{"href":"https:\/\/www.arquimaster.com.ar\/web\/wp-json\/wp\/v2\/types\/post"}],"author":[{"embeddable":true,"href":"https:\/\/www.arquimaster.com.ar\/web\/wp-json\/wp\/v2\/users\/1"}],"replies":[{"embeddable":true,"href":"https:\/\/www.arquimaster.com.ar\/web\/wp-json\/wp\/v2\/comments?post=81315"}],"version-history":[{"count":3,"href":"https:\/\/www.arquimaster.com.ar\/web\/wp-json\/wp\/v2\/posts\/81315\/revisions"}],"predecessor-version":[{"id":85116,"href":"https:\/\/www.arquimaster.com.ar\/web\/wp-json\/wp\/v2\/posts\/81315\/revisions\/85116"}],"wp:featuredmedia":[{"embeddable":true,"href":"https:\/\/www.arquimaster.com.ar\/web\/wp-json\/wp\/v2\/media\/81316"}],"wp:attachment":[{"href":"https:\/\/www.arquimaster.com.ar\/web\/wp-json\/wp\/v2\/media?parent=81315"}],"wp:term":[{"taxonomy":"category","embeddable":true,"href":"https:\/\/www.arquimaster.com.ar\/web\/wp-json\/wp\/v2\/categories?post=81315"},{"taxonomy":"post_tag","embeddable":true,"href":"https:\/\/www.arquimaster.com.ar\/web\/wp-json\/wp\/v2\/tags?post=81315"}],"curies":[{"name":"wp","href":"https:\/\/api.w.org\/{rel}","templated":true}]}}