{"id":81610,"date":"2024-10-23T18:37:19","date_gmt":"2024-10-23T21:37:19","guid":{"rendered":"https:\/\/www.arquimaster.com.ar\/web\/?p=81610"},"modified":"2025-07-24T20:05:50","modified_gmt":"2025-07-24T23:05:50","slug":"casa-madeira-boide-interiorismo","status":"publish","type":"post","link":"https:\/\/www.arquimaster.com.ar\/web\/casa-madeira-boide-interiorismo\/","title":{"rendered":"Casa Madeira \/ Boide Interiorismo"},"content":{"rendered":"<div style=\"margin-top: 0px; margin-bottom: 0px;\" class=\"sharethis-inline-share-buttons\" ><\/div><div class=\"b812932af2e751442846f039925109de\" data-index=\"1\" style=\"float: none; margin:25px 0 25px 0; text-align:center;\">\n<script async src=\"https:\/\/pagead2.googlesyndication.com\/pagead\/js\/adsbygoogle.js\"><\/script>\r\n<!-- Arquimaster (superior) -->\r\n<ins class=\"adsbygoogle\"\r\n     style=\"display:block\"\r\n     data-ad-client=\"ca-pub-6351072698456832\"\r\n     data-ad-slot=\"6455489680\"\r\n     data-ad-format=\"auto\"\r\n     data-full-width-responsive=\"true\"><\/ins>\r\n<script>\r\n     (adsbygoogle = window.adsbygoogle || []).push({});\r\n<\/script>\n<\/div>\n<p><strong>Casa Madeira<\/strong> (M\u00e9rida, M\u00e9xico) por <strong>Boide Interiorismo<\/strong>. Proyecto de arquitectura por <strong>Arq. Mauricio Gallegos<\/strong>. Casa Madeira est\u00e1 ubicada en un condominio privado en M\u00e9rida, Yucat\u00e1n. El usuario final de este proyecto es una persona que a lo largo de su vida ha coleccionado arte en su mayor\u00eda mexicano, lo cual fue un punto importante para el dise\u00f1o de todos los espacios de la casa, as\u00ed mismo, es un usuario que buscaba espacios amplios, limpios e iluminados para poder recibir a su familia.<\/p>\n<div id='gallery-1' class='gallery galleryid-81610 gallery-columns-3 gallery-size-thumbnail'><figure class='gallery-item'>\n\t\t\t<div class='gallery-icon landscape'>\n\t\t\t\t<a href='https:\/\/www.arquimaster.com.ar\/web\/wp-content\/uploads\/2024\/10\/casa_madeira_1.jpg' title=\"Casa Madeira \/ Boide Interiorismo (\u00a9 Pamela Valenzuela Mar\u00edn)\" data-rl_title=\"Casa Madeira \/ Boide Interiorismo (\u00a9 Pamela Valenzuela Mar\u00edn)\" class=\"rl-gallery-link\" data-rl_caption=\"Casa Madeira \/ Boide Interiorismo (\u00a9 Pamela Valenzuela Mar\u00edn)\" data-rel=\"lightbox-gallery-1\"><img loading=\"lazy\" decoding=\"async\" width=\"150\" height=\"150\" src=\"https:\/\/www.arquimaster.com.ar\/web\/wp-content\/uploads\/2024\/10\/casa_madeira_1-150x150.jpg\" class=\"attachment-thumbnail size-thumbnail\" alt=\"Casa Madeira \/ Boide Interiorismo\" aria-describedby=\"gallery-1-81612\" \/><\/a>\n\t\t\t<\/div>\n\t\t\t\t<figcaption class='wp-caption-text gallery-caption' id='gallery-1-81612'>\n\t\t\t\tCasa Madeira \/ Boide Interiorismo (\u00a9 Pamela Valenzuela Mar\u00edn)\n\t\t\t\t<\/figcaption><\/figure><figure class='gallery-item'>\n\t\t\t<div class='gallery-icon landscape'>\n\t\t\t\t<a href='https:\/\/www.arquimaster.com.ar\/web\/wp-content\/uploads\/2024\/10\/casa_madeira_2.jpg' title=\"Casa Madeira \/ Boide Interiorismo (\u00a9 Pamela Valenzuela Mar\u00edn)\" data-rl_title=\"Casa Madeira \/ Boide Interiorismo (\u00a9 Pamela Valenzuela Mar\u00edn)\" class=\"rl-gallery-link\" data-rl_caption=\"Casa Madeira \/ Boide Interiorismo (\u00a9 Pamela Valenzuela Mar\u00edn)\" data-rel=\"lightbox-gallery-1\"><img loading=\"lazy\" decoding=\"async\" width=\"150\" height=\"150\" src=\"https:\/\/www.arquimaster.com.ar\/web\/wp-content\/uploads\/2024\/10\/casa_madeira_2-150x150.jpg\" class=\"attachment-thumbnail size-thumbnail\" alt=\"Casa Madeira \/ Boide Interiorismo\" aria-describedby=\"gallery-1-81613\" \/><\/a>\n\t\t\t<\/div>\n\t\t\t\t<figcaption class='wp-caption-text gallery-caption' id='gallery-1-81613'>\n\t\t\t\tCasa Madeira \/ Boide Interiorismo (\u00a9 Pamela Valenzuela Mar\u00edn)\n\t\t\t\t<\/figcaption><\/figure><figure class='gallery-item'>\n\t\t\t<div class='gallery-icon landscape'>\n\t\t\t\t<a href='https:\/\/www.arquimaster.com.ar\/web\/wp-content\/uploads\/2024\/10\/casa_madeira_3.jpg' title=\"Casa Madeira \/ Boide Interiorismo (\u00a9 Pamela Valenzuela Mar\u00edn)\" data-rl_title=\"Casa Madeira \/ Boide Interiorismo (\u00a9 Pamela Valenzuela Mar\u00edn)\" class=\"rl-gallery-link\" data-rl_caption=\"Casa Madeira \/ Boide Interiorismo (\u00a9 Pamela Valenzuela Mar\u00edn)\" data-rel=\"lightbox-gallery-1\"><img loading=\"lazy\" decoding=\"async\" width=\"150\" height=\"150\" src=\"https:\/\/www.arquimaster.com.ar\/web\/wp-content\/uploads\/2024\/10\/casa_madeira_3-150x150.jpg\" class=\"attachment-thumbnail size-thumbnail\" alt=\"Casa Madeira \/ Boide Interiorismo\" aria-describedby=\"gallery-1-81614\" \/><\/a>\n\t\t\t<\/div>\n\t\t\t\t<figcaption class='wp-caption-text gallery-caption' id='gallery-1-81614'>\n\t\t\t\tCasa Madeira \/ Boide Interiorismo (\u00a9 Pamela Valenzuela Mar\u00edn)\n\t\t\t\t<\/figcaption><\/figure><figure class='gallery-item'>\n\t\t\t<div class='gallery-icon landscape'>\n\t\t\t\t<a href='https:\/\/www.arquimaster.com.ar\/web\/wp-content\/uploads\/2024\/10\/casa_madeira_4.jpg' title=\"Casa Madeira \/ Boide Interiorismo (\u00a9 Pamela Valenzuela Mar\u00edn)\" data-rl_title=\"Casa Madeira \/ Boide Interiorismo (\u00a9 Pamela Valenzuela Mar\u00edn)\" class=\"rl-gallery-link\" data-rl_caption=\"Casa Madeira \/ Boide Interiorismo (\u00a9 Pamela Valenzuela Mar\u00edn)\" data-rel=\"lightbox-gallery-1\"><img loading=\"lazy\" decoding=\"async\" width=\"150\" height=\"150\" src=\"https:\/\/www.arquimaster.com.ar\/web\/wp-content\/uploads\/2024\/10\/casa_madeira_4-150x150.jpg\" class=\"attachment-thumbnail size-thumbnail\" alt=\"Casa Madeira \/ Boide Interiorismo\" aria-describedby=\"gallery-1-81615\" \/><\/a>\n\t\t\t<\/div>\n\t\t\t\t<figcaption class='wp-caption-text gallery-caption' id='gallery-1-81615'>\n\t\t\t\tCasa Madeira \/ Boide Interiorismo (\u00a9 Pamela Valenzuela Mar\u00edn)\n\t\t\t\t<\/figcaption><\/figure><figure class='gallery-item'>\n\t\t\t<div class='gallery-icon landscape'>\n\t\t\t\t<a href='https:\/\/www.arquimaster.com.ar\/web\/wp-content\/uploads\/2024\/10\/casa_madeira_5.jpg' title=\"Casa Madeira \/ Boide Interiorismo (\u00a9 Pamela Valenzuela Mar\u00edn)\" data-rl_title=\"Casa Madeira \/ Boide Interiorismo (\u00a9 Pamela Valenzuela Mar\u00edn)\" class=\"rl-gallery-link\" data-rl_caption=\"Casa Madeira \/ Boide Interiorismo (\u00a9 Pamela Valenzuela Mar\u00edn)\" data-rel=\"lightbox-gallery-1\"><img loading=\"lazy\" decoding=\"async\" width=\"150\" height=\"150\" src=\"https:\/\/www.arquimaster.com.ar\/web\/wp-content\/uploads\/2024\/10\/casa_madeira_5-150x150.jpg\" class=\"attachment-thumbnail size-thumbnail\" alt=\"Casa Madeira \/ Boide Interiorismo\" aria-describedby=\"gallery-1-81616\" \/><\/a>\n\t\t\t<\/div>\n\t\t\t\t<figcaption class='wp-caption-text gallery-caption' id='gallery-1-81616'>\n\t\t\t\tCasa Madeira \/ Boide Interiorismo (\u00a9 Pamela Valenzuela Mar\u00edn)\n\t\t\t\t<\/figcaption><\/figure><figure class='gallery-item'>\n\t\t\t<div class='gallery-icon landscape'>\n\t\t\t\t<a href='https:\/\/www.arquimaster.com.ar\/web\/wp-content\/uploads\/2024\/10\/casa_madeira_6.jpg' title=\"Casa Madeira \/ Boide Interiorismo (\u00a9 Pamela Valenzuela Mar\u00edn)\" data-rl_title=\"Casa Madeira \/ Boide Interiorismo (\u00a9 Pamela Valenzuela Mar\u00edn)\" class=\"rl-gallery-link\" data-rl_caption=\"Casa Madeira \/ Boide Interiorismo (\u00a9 Pamela Valenzuela Mar\u00edn)\" data-rel=\"lightbox-gallery-1\"><img loading=\"lazy\" decoding=\"async\" width=\"150\" height=\"150\" src=\"https:\/\/www.arquimaster.com.ar\/web\/wp-content\/uploads\/2024\/10\/casa_madeira_6-150x150.jpg\" class=\"attachment-thumbnail size-thumbnail\" alt=\"Casa Madeira \/ Boide Interiorismo\" aria-describedby=\"gallery-1-81617\" \/><\/a>\n\t\t\t<\/div>\n\t\t\t\t<figcaption class='wp-caption-text gallery-caption' id='gallery-1-81617'>\n\t\t\t\tCasa Madeira \/ Boide Interiorismo (\u00a9 Pamela Valenzuela Mar\u00edn)\n\t\t\t\t<\/figcaption><\/figure><figure class='gallery-item'>\n\t\t\t<div class='gallery-icon portrait'>\n\t\t\t\t<a href='https:\/\/www.arquimaster.com.ar\/web\/wp-content\/uploads\/2024\/10\/casa_madeira_7.jpg' title=\"Casa Madeira \/ Boide Interiorismo (\u00a9 Pamela Valenzuela Mar\u00edn)\" data-rl_title=\"Casa Madeira \/ Boide Interiorismo (\u00a9 Pamela Valenzuela Mar\u00edn)\" class=\"rl-gallery-link\" data-rl_caption=\"Casa Madeira \/ Boide Interiorismo (\u00a9 Pamela Valenzuela Mar\u00edn)\" data-rel=\"lightbox-gallery-1\"><img loading=\"lazy\" decoding=\"async\" width=\"150\" height=\"150\" src=\"https:\/\/www.arquimaster.com.ar\/web\/wp-content\/uploads\/2024\/10\/casa_madeira_7-150x150.jpg\" class=\"attachment-thumbnail size-thumbnail\" alt=\"Casa Madeira \/ Boide Interiorismo\" aria-describedby=\"gallery-1-81618\" \/><\/a>\n\t\t\t<\/div>\n\t\t\t\t<figcaption class='wp-caption-text gallery-caption' id='gallery-1-81618'>\n\t\t\t\tCasa Madeira \/ Boide Interiorismo (\u00a9 Pamela Valenzuela Mar\u00edn)\n\t\t\t\t<\/figcaption><\/figure><figure class='gallery-item'>\n\t\t\t<div class='gallery-icon landscape'>\n\t\t\t\t<a href='https:\/\/www.arquimaster.com.ar\/web\/wp-content\/uploads\/2024\/10\/casa_madeira_8.jpg' title=\"Casa Madeira \/ Boide Interiorismo (\u00a9 Pamela Valenzuela Mar\u00edn)\" data-rl_title=\"Casa Madeira \/ Boide Interiorismo (\u00a9 Pamela Valenzuela Mar\u00edn)\" class=\"rl-gallery-link\" data-rl_caption=\"Casa Madeira \/ Boide Interiorismo (\u00a9 Pamela Valenzuela Mar\u00edn)\" data-rel=\"lightbox-gallery-1\"><img loading=\"lazy\" decoding=\"async\" width=\"150\" height=\"150\" src=\"https:\/\/www.arquimaster.com.ar\/web\/wp-content\/uploads\/2024\/10\/casa_madeira_8-150x150.jpg\" class=\"attachment-thumbnail size-thumbnail\" alt=\"Casa Madeira \/ Boide Interiorismo\" aria-describedby=\"gallery-1-81619\" \/><\/a>\n\t\t\t<\/div>\n\t\t\t\t<figcaption class='wp-caption-text gallery-caption' id='gallery-1-81619'>\n\t\t\t\tCasa Madeira \/ Boide Interiorismo (\u00a9 Pamela Valenzuela Mar\u00edn)\n\t\t\t\t<\/figcaption><\/figure><figure class='gallery-item'>\n\t\t\t<div class='gallery-icon landscape'>\n\t\t\t\t<a href='https:\/\/www.arquimaster.com.ar\/web\/wp-content\/uploads\/2024\/10\/casa_madeira_9.jpg' title=\"Casa Madeira \/ Boide Interiorismo (\u00a9 Pamela Valenzuela Mar\u00edn)\" data-rl_title=\"Casa Madeira \/ Boide Interiorismo (\u00a9 Pamela Valenzuela Mar\u00edn)\" class=\"rl-gallery-link\" data-rl_caption=\"Casa Madeira \/ Boide Interiorismo (\u00a9 Pamela Valenzuela Mar\u00edn)\" data-rel=\"lightbox-gallery-1\"><img loading=\"lazy\" decoding=\"async\" width=\"150\" height=\"150\" src=\"https:\/\/www.arquimaster.com.ar\/web\/wp-content\/uploads\/2024\/10\/casa_madeira_9-150x150.jpg\" class=\"attachment-thumbnail size-thumbnail\" alt=\"Casa Madeira \/ Boide Interiorismo\" aria-describedby=\"gallery-1-81620\" \/><\/a>\n\t\t\t<\/div>\n\t\t\t\t<figcaption class='wp-caption-text gallery-caption' id='gallery-1-81620'>\n\t\t\t\tCasa Madeira \/ Boide Interiorismo (\u00a9 Pamela Valenzuela Mar\u00edn)\n\t\t\t\t<\/figcaption><\/figure><figure class='gallery-item'>\n\t\t\t<div class='gallery-icon portrait'>\n\t\t\t\t<a href='https:\/\/www.arquimaster.com.ar\/web\/wp-content\/uploads\/2024\/10\/casa_madeira_10.jpg' title=\"Casa Madeira \/ Boide Interiorismo (\u00a9 Pamela Valenzuela Mar\u00edn)\" data-rl_title=\"Casa Madeira \/ Boide Interiorismo (\u00a9 Pamela Valenzuela Mar\u00edn)\" class=\"rl-gallery-link\" data-rl_caption=\"Casa Madeira \/ Boide Interiorismo (\u00a9 Pamela Valenzuela Mar\u00edn)\" data-rel=\"lightbox-gallery-1\"><img loading=\"lazy\" decoding=\"async\" width=\"150\" height=\"150\" src=\"https:\/\/www.arquimaster.com.ar\/web\/wp-content\/uploads\/2024\/10\/casa_madeira_10-150x150.jpg\" class=\"attachment-thumbnail size-thumbnail\" alt=\"Casa Madeira \/ Boide Interiorismo\" aria-describedby=\"gallery-1-81621\" \/><\/a>\n\t\t\t<\/div>\n\t\t\t\t<figcaption class='wp-caption-text gallery-caption' id='gallery-1-81621'>\n\t\t\t\tCasa Madeira \/ Boide Interiorismo (\u00a9 Pamela Valenzuela Mar\u00edn)\n\t\t\t\t<\/figcaption><\/figure><figure class='gallery-item'>\n\t\t\t<div class='gallery-icon landscape'>\n\t\t\t\t<a href='https:\/\/www.arquimaster.com.ar\/web\/wp-content\/uploads\/2024\/10\/casa_madeira_11.jpg' title=\"Casa Madeira \/ Boide Interiorismo (\u00a9 Pamela Valenzuela Mar\u00edn)\" data-rl_title=\"Casa Madeira \/ Boide Interiorismo (\u00a9 Pamela Valenzuela Mar\u00edn)\" class=\"rl-gallery-link\" data-rl_caption=\"Casa Madeira \/ Boide Interiorismo (\u00a9 Pamela Valenzuela Mar\u00edn)\" data-rel=\"lightbox-gallery-1\"><img loading=\"lazy\" decoding=\"async\" width=\"150\" height=\"150\" src=\"https:\/\/www.arquimaster.com.ar\/web\/wp-content\/uploads\/2024\/10\/casa_madeira_11-150x150.jpg\" class=\"attachment-thumbnail size-thumbnail\" alt=\"Casa Madeira \/ Boide Interiorismo\" aria-describedby=\"gallery-1-81622\" \/><\/a>\n\t\t\t<\/div>\n\t\t\t\t<figcaption class='wp-caption-text gallery-caption' id='gallery-1-81622'>\n\t\t\t\tCasa Madeira \/ Boide Interiorismo (\u00a9 Pamela Valenzuela Mar\u00edn)\n\t\t\t\t<\/figcaption><\/figure><figure class='gallery-item'>\n\t\t\t<div class='gallery-icon portrait'>\n\t\t\t\t<a href='https:\/\/www.arquimaster.com.ar\/web\/wp-content\/uploads\/2024\/10\/casa_madeira_12.jpg' title=\"Casa Madeira \/ Boide Interiorismo (\u00a9 Pamela Valenzuela Mar\u00edn)\" data-rl_title=\"Casa Madeira \/ Boide Interiorismo (\u00a9 Pamela Valenzuela Mar\u00edn)\" class=\"rl-gallery-link\" data-rl_caption=\"Casa Madeira \/ Boide Interiorismo (\u00a9 Pamela Valenzuela Mar\u00edn)\" data-rel=\"lightbox-gallery-1\"><img loading=\"lazy\" decoding=\"async\" width=\"150\" height=\"150\" src=\"https:\/\/www.arquimaster.com.ar\/web\/wp-content\/uploads\/2024\/10\/casa_madeira_12-150x150.jpg\" class=\"attachment-thumbnail size-thumbnail\" alt=\"Casa Madeira \/ Boide Interiorismo\" aria-describedby=\"gallery-1-81623\" \/><\/a>\n\t\t\t<\/div>\n\t\t\t\t<figcaption class='wp-caption-text gallery-caption' id='gallery-1-81623'>\n\t\t\t\tCasa Madeira \/ Boide Interiorismo (\u00a9 Pamela Valenzuela Mar\u00edn)\n\t\t\t\t<\/figcaption><\/figure><figure class='gallery-item'>\n\t\t\t<div class='gallery-icon portrait'>\n\t\t\t\t<a href='https:\/\/www.arquimaster.com.ar\/web\/wp-content\/uploads\/2024\/10\/casa_madeira_13.jpg' title=\"Casa Madeira \/ Boide Interiorismo (\u00a9 Pamela Valenzuela Mar\u00edn)\" data-rl_title=\"Casa Madeira \/ Boide Interiorismo (\u00a9 Pamela Valenzuela Mar\u00edn)\" class=\"rl-gallery-link\" data-rl_caption=\"Casa Madeira \/ Boide Interiorismo (\u00a9 Pamela Valenzuela Mar\u00edn)\" data-rel=\"lightbox-gallery-1\"><img loading=\"lazy\" decoding=\"async\" width=\"150\" height=\"150\" src=\"https:\/\/www.arquimaster.com.ar\/web\/wp-content\/uploads\/2024\/10\/casa_madeira_13-150x150.jpg\" class=\"attachment-thumbnail size-thumbnail\" alt=\"Casa Madeira \/ Boide Interiorismo\" aria-describedby=\"gallery-1-81624\" \/><\/a>\n\t\t\t<\/div>\n\t\t\t\t<figcaption class='wp-caption-text gallery-caption' id='gallery-1-81624'>\n\t\t\t\tCasa Madeira \/ Boide Interiorismo (\u00a9 Pamela Valenzuela Mar\u00edn)\n\t\t\t\t<\/figcaption><\/figure><figure class='gallery-item'>\n\t\t\t<div class='gallery-icon landscape'>\n\t\t\t\t<a href='https:\/\/www.arquimaster.com.ar\/web\/wp-content\/uploads\/2024\/10\/casa_madeira_14.jpg' title=\"Casa Madeira \/ Boide Interiorismo (\u00a9 Pamela Valenzuela Mar\u00edn)\" data-rl_title=\"Casa Madeira \/ Boide Interiorismo (\u00a9 Pamela Valenzuela Mar\u00edn)\" class=\"rl-gallery-link\" data-rl_caption=\"Casa Madeira \/ Boide Interiorismo (\u00a9 Pamela Valenzuela Mar\u00edn)\" data-rel=\"lightbox-gallery-1\"><img loading=\"lazy\" decoding=\"async\" width=\"150\" height=\"150\" src=\"https:\/\/www.arquimaster.com.ar\/web\/wp-content\/uploads\/2024\/10\/casa_madeira_14-150x150.jpg\" class=\"attachment-thumbnail size-thumbnail\" alt=\"Casa Madeira \/ Boide Interiorismo\" aria-describedby=\"gallery-1-81625\" \/><\/a>\n\t\t\t<\/div>\n\t\t\t\t<figcaption class='wp-caption-text gallery-caption' id='gallery-1-81625'>\n\t\t\t\tCasa Madeira \/ Boide Interiorismo (\u00a9 Pamela Valenzuela Mar\u00edn)\n\t\t\t\t<\/figcaption><\/figure><figure class='gallery-item'>\n\t\t\t<div class='gallery-icon landscape'>\n\t\t\t\t<a href='https:\/\/www.arquimaster.com.ar\/web\/wp-content\/uploads\/2024\/10\/casa_madeira_15.jpg' title=\"Casa Madeira \/ Boide Interiorismo (\u00a9 Pamela Valenzuela Mar\u00edn)\" data-rl_title=\"Casa Madeira \/ Boide Interiorismo (\u00a9 Pamela Valenzuela Mar\u00edn)\" class=\"rl-gallery-link\" data-rl_caption=\"Casa Madeira \/ Boide Interiorismo (\u00a9 Pamela Valenzuela Mar\u00edn)\" data-rel=\"lightbox-gallery-1\"><img loading=\"lazy\" decoding=\"async\" width=\"150\" height=\"150\" src=\"https:\/\/www.arquimaster.com.ar\/web\/wp-content\/uploads\/2024\/10\/casa_madeira_15-150x150.jpg\" class=\"attachment-thumbnail size-thumbnail\" alt=\"Casa Madeira \/ Boide Interiorismo\" aria-describedby=\"gallery-1-81626\" \/><\/a>\n\t\t\t<\/div>\n\t\t\t\t<figcaption class='wp-caption-text gallery-caption' id='gallery-1-81626'>\n\t\t\t\tCasa Madeira \/ Boide Interiorismo (\u00a9 Pamela Valenzuela Mar\u00edn)\n\t\t\t\t<\/figcaption><\/figure><figure class='gallery-item'>\n\t\t\t<div class='gallery-icon landscape'>\n\t\t\t\t<a href='https:\/\/www.arquimaster.com.ar\/web\/wp-content\/uploads\/2024\/10\/casa_madeira_16.jpg' title=\"Casa Madeira \/ Boide Interiorismo (\u00a9 Pamela Valenzuela Mar\u00edn)\" data-rl_title=\"Casa Madeira \/ Boide Interiorismo (\u00a9 Pamela Valenzuela Mar\u00edn)\" class=\"rl-gallery-link\" data-rl_caption=\"Casa Madeira \/ Boide Interiorismo (\u00a9 Pamela Valenzuela Mar\u00edn)\" data-rel=\"lightbox-gallery-1\"><img loading=\"lazy\" decoding=\"async\" width=\"150\" height=\"150\" src=\"https:\/\/www.arquimaster.com.ar\/web\/wp-content\/uploads\/2024\/10\/casa_madeira_16-150x150.jpg\" class=\"attachment-thumbnail size-thumbnail\" alt=\"Casa Madeira \/ Boide Interiorismo\" aria-describedby=\"gallery-1-81627\" \/><\/a>\n\t\t\t<\/div>\n\t\t\t\t<figcaption class='wp-caption-text gallery-caption' id='gallery-1-81627'>\n\t\t\t\tCasa Madeira \/ Boide Interiorismo (\u00a9 Pamela Valenzuela Mar\u00edn)\n\t\t\t\t<\/figcaption><\/figure><figure class='gallery-item'>\n\t\t\t<div class='gallery-icon portrait'>\n\t\t\t\t<a href='https:\/\/www.arquimaster.com.ar\/web\/wp-content\/uploads\/2024\/10\/casa_madeira_17.jpg' title=\"Casa Madeira \/ Boide Interiorismo (\u00a9 Pamela Valenzuela Mar\u00edn)\" data-rl_title=\"Casa Madeira \/ Boide Interiorismo (\u00a9 Pamela Valenzuela Mar\u00edn)\" class=\"rl-gallery-link\" data-rl_caption=\"Casa Madeira \/ Boide Interiorismo (\u00a9 Pamela Valenzuela Mar\u00edn)\" data-rel=\"lightbox-gallery-1\"><img loading=\"lazy\" decoding=\"async\" width=\"150\" height=\"150\" src=\"https:\/\/www.arquimaster.com.ar\/web\/wp-content\/uploads\/2024\/10\/casa_madeira_17-150x150.jpg\" class=\"attachment-thumbnail size-thumbnail\" alt=\"Casa Madeira \/ Boide Interiorismo\" aria-describedby=\"gallery-1-81628\" \/><\/a>\n\t\t\t<\/div>\n\t\t\t\t<figcaption class='wp-caption-text gallery-caption' id='gallery-1-81628'>\n\t\t\t\tCasa Madeira \/ Boide Interiorismo (\u00a9 Pamela Valenzuela Mar\u00edn)\n\t\t\t\t<\/figcaption><\/figure><figure class='gallery-item'>\n\t\t\t<div class='gallery-icon landscape'>\n\t\t\t\t<a href='https:\/\/www.arquimaster.com.ar\/web\/wp-content\/uploads\/2024\/10\/casa_madeira_18.jpg' title=\"Casa Madeira \/ Boide Interiorismo (\u00a9 Pamela Valenzuela Mar\u00edn)\" data-rl_title=\"Casa Madeira \/ Boide Interiorismo (\u00a9 Pamela Valenzuela Mar\u00edn)\" class=\"rl-gallery-link\" data-rl_caption=\"Casa Madeira \/ Boide Interiorismo (\u00a9 Pamela Valenzuela Mar\u00edn)\" data-rel=\"lightbox-gallery-1\"><img loading=\"lazy\" decoding=\"async\" width=\"150\" height=\"150\" src=\"https:\/\/www.arquimaster.com.ar\/web\/wp-content\/uploads\/2024\/10\/casa_madeira_18-150x150.jpg\" class=\"attachment-thumbnail size-thumbnail\" alt=\"Casa Madeira \/ Boide Interiorismo\" aria-describedby=\"gallery-1-81629\" \/><\/a>\n\t\t\t<\/div>\n\t\t\t\t<figcaption class='wp-caption-text gallery-caption' id='gallery-1-81629'>\n\t\t\t\tCasa Madeira \/ Boide Interiorismo (\u00a9 Pamela Valenzuela Mar\u00edn)\n\t\t\t\t<\/figcaption><\/figure><figure class='gallery-item'>\n\t\t\t<div class='gallery-icon landscape'>\n\t\t\t\t<a href='https:\/\/www.arquimaster.com.ar\/web\/wp-content\/uploads\/2024\/10\/casa_madeira_19.jpg' title=\"Casa Madeira \/ Boide Interiorismo (\u00a9 Pamela Valenzuela Mar\u00edn)\" data-rl_title=\"Casa Madeira \/ Boide Interiorismo (\u00a9 Pamela Valenzuela Mar\u00edn)\" class=\"rl-gallery-link\" data-rl_caption=\"Casa Madeira \/ Boide Interiorismo (\u00a9 Pamela Valenzuela Mar\u00edn)\" data-rel=\"lightbox-gallery-1\"><img loading=\"lazy\" decoding=\"async\" width=\"150\" height=\"150\" src=\"https:\/\/www.arquimaster.com.ar\/web\/wp-content\/uploads\/2024\/10\/casa_madeira_19-150x150.jpg\" class=\"attachment-thumbnail size-thumbnail\" alt=\"Casa Madeira \/ Boide Interiorismo\" aria-describedby=\"gallery-1-81630\" \/><\/a>\n\t\t\t<\/div>\n\t\t\t\t<figcaption class='wp-caption-text gallery-caption' id='gallery-1-81630'>\n\t\t\t\tCasa Madeira \/ Boide Interiorismo (\u00a9 Pamela Valenzuela Mar\u00edn)\n\t\t\t\t<\/figcaption><\/figure><figure class='gallery-item'>\n\t\t\t<div class='gallery-icon portrait'>\n\t\t\t\t<a href='https:\/\/www.arquimaster.com.ar\/web\/wp-content\/uploads\/2024\/10\/casa_madeira_20.jpg' title=\"Casa Madeira \/ Boide Interiorismo (\u00a9 Pamela Valenzuela Mar\u00edn)\" data-rl_title=\"Casa Madeira \/ Boide Interiorismo (\u00a9 Pamela Valenzuela Mar\u00edn)\" class=\"rl-gallery-link\" data-rl_caption=\"Casa Madeira \/ Boide Interiorismo (\u00a9 Pamela Valenzuela Mar\u00edn)\" data-rel=\"lightbox-gallery-1\"><img loading=\"lazy\" decoding=\"async\" width=\"150\" height=\"150\" src=\"https:\/\/www.arquimaster.com.ar\/web\/wp-content\/uploads\/2024\/10\/casa_madeira_20-150x150.jpg\" class=\"attachment-thumbnail size-thumbnail\" alt=\"Casa Madeira \/ Boide Interiorismo\" aria-describedby=\"gallery-1-81631\" \/><\/a>\n\t\t\t<\/div>\n\t\t\t\t<figcaption class='wp-caption-text gallery-caption' id='gallery-1-81631'>\n\t\t\t\tCasa Madeira \/ Boide Interiorismo (\u00a9 Pamela Valenzuela Mar\u00edn)\n\t\t\t\t<\/figcaption><\/figure><figure class='gallery-item'>\n\t\t\t<div class='gallery-icon portrait'>\n\t\t\t\t<a href='https:\/\/www.arquimaster.com.ar\/web\/wp-content\/uploads\/2024\/10\/casa_madeira_21.jpg' title=\"Casa Madeira \/ Boide Interiorismo (\u00a9 Pamela Valenzuela Mar\u00edn)\" data-rl_title=\"Casa Madeira \/ Boide Interiorismo (\u00a9 Pamela Valenzuela Mar\u00edn)\" class=\"rl-gallery-link\" data-rl_caption=\"Casa Madeira \/ Boide Interiorismo (\u00a9 Pamela Valenzuela Mar\u00edn)\" data-rel=\"lightbox-gallery-1\"><img loading=\"lazy\" decoding=\"async\" width=\"150\" height=\"150\" src=\"https:\/\/www.arquimaster.com.ar\/web\/wp-content\/uploads\/2024\/10\/casa_madeira_21-150x150.jpg\" class=\"attachment-thumbnail size-thumbnail\" alt=\"Casa Madeira \/ Boide Interiorismo\" aria-describedby=\"gallery-1-81632\" \/><\/a>\n\t\t\t<\/div>\n\t\t\t\t<figcaption class='wp-caption-text gallery-caption' id='gallery-1-81632'>\n\t\t\t\tCasa Madeira \/ Boide Interiorismo (\u00a9 Pamela Valenzuela Mar\u00edn)\n\t\t\t\t<\/figcaption><\/figure><figure class='gallery-item'>\n\t\t\t<div class='gallery-icon portrait'>\n\t\t\t\t<a href='https:\/\/www.arquimaster.com.ar\/web\/wp-content\/uploads\/2024\/10\/casa_madeira_22.jpg' title=\"Casa Madeira \/ Boide Interiorismo (\u00a9 Pamela Valenzuela Mar\u00edn)\" data-rl_title=\"Casa Madeira \/ Boide Interiorismo (\u00a9 Pamela Valenzuela Mar\u00edn)\" class=\"rl-gallery-link\" data-rl_caption=\"Casa Madeira \/ Boide Interiorismo (\u00a9 Pamela Valenzuela Mar\u00edn)\" data-rel=\"lightbox-gallery-1\"><img loading=\"lazy\" decoding=\"async\" width=\"150\" height=\"150\" src=\"https:\/\/www.arquimaster.com.ar\/web\/wp-content\/uploads\/2024\/10\/casa_madeira_22-150x150.jpg\" class=\"attachment-thumbnail size-thumbnail\" alt=\"Casa Madeira \/ Boide Interiorismo\" aria-describedby=\"gallery-1-81633\" \/><\/a>\n\t\t\t<\/div>\n\t\t\t\t<figcaption class='wp-caption-text gallery-caption' id='gallery-1-81633'>\n\t\t\t\tCasa Madeira \/ Boide Interiorismo (\u00a9 Pamela Valenzuela Mar\u00edn)\n\t\t\t\t<\/figcaption><\/figure><figure class='gallery-item'>\n\t\t\t<div class='gallery-icon portrait'>\n\t\t\t\t<a href='https:\/\/www.arquimaster.com.ar\/web\/wp-content\/uploads\/2024\/10\/casa_madeira_23.jpg' title=\"Casa Madeira \/ Boide Interiorismo (\u00a9 Pamela Valenzuela Mar\u00edn)\" data-rl_title=\"Casa Madeira \/ Boide Interiorismo (\u00a9 Pamela Valenzuela Mar\u00edn)\" class=\"rl-gallery-link\" data-rl_caption=\"Casa Madeira \/ Boide Interiorismo (\u00a9 Pamela Valenzuela Mar\u00edn)\" data-rel=\"lightbox-gallery-1\"><img loading=\"lazy\" decoding=\"async\" width=\"150\" height=\"150\" src=\"https:\/\/www.arquimaster.com.ar\/web\/wp-content\/uploads\/2024\/10\/casa_madeira_23-150x150.jpg\" class=\"attachment-thumbnail size-thumbnail\" alt=\"Casa Madeira \/ Boide Interiorismo\" aria-describedby=\"gallery-1-81634\" \/><\/a>\n\t\t\t<\/div>\n\t\t\t\t<figcaption class='wp-caption-text gallery-caption' id='gallery-1-81634'>\n\t\t\t\tCasa Madeira \/ Boide Interiorismo (\u00a9 Pamela Valenzuela Mar\u00edn)\n\t\t\t\t<\/figcaption><\/figure><figure class='gallery-item'>\n\t\t\t<div class='gallery-icon landscape'>\n\t\t\t\t<a href='https:\/\/www.arquimaster.com.ar\/web\/wp-content\/uploads\/2024\/10\/casa_madeira_24.jpg' title=\"Casa Madeira \/ Boide Interiorismo (\u00a9 Pamela Valenzuela Mar\u00edn)\" data-rl_title=\"Casa Madeira \/ Boide Interiorismo (\u00a9 Pamela Valenzuela Mar\u00edn)\" class=\"rl-gallery-link\" data-rl_caption=\"Casa Madeira \/ Boide Interiorismo (\u00a9 Pamela Valenzuela Mar\u00edn)\" data-rel=\"lightbox-gallery-1\"><img loading=\"lazy\" decoding=\"async\" width=\"150\" height=\"150\" src=\"https:\/\/www.arquimaster.com.ar\/web\/wp-content\/uploads\/2024\/10\/casa_madeira_24-150x150.jpg\" class=\"attachment-thumbnail size-thumbnail\" alt=\"Casa Madeira \/ Boide Interiorismo\" aria-describedby=\"gallery-1-81635\" \/><\/a>\n\t\t\t<\/div>\n\t\t\t\t<figcaption class='wp-caption-text gallery-caption' id='gallery-1-81635'>\n\t\t\t\tCasa Madeira \/ Boide Interiorismo (\u00a9 Pamela Valenzuela Mar\u00edn)\n\t\t\t\t<\/figcaption><\/figure><figure class='gallery-item'>\n\t\t\t<div class='gallery-icon portrait'>\n\t\t\t\t<a href='https:\/\/www.arquimaster.com.ar\/web\/wp-content\/uploads\/2024\/10\/casa_madeira_25.jpg' title=\"Casa Madeira \/ Boide Interiorismo (\u00a9 Pamela Valenzuela Mar\u00edn)\" data-rl_title=\"Casa Madeira \/ Boide Interiorismo (\u00a9 Pamela Valenzuela Mar\u00edn)\" class=\"rl-gallery-link\" data-rl_caption=\"Casa Madeira \/ Boide Interiorismo (\u00a9 Pamela Valenzuela Mar\u00edn)\" data-rel=\"lightbox-gallery-1\"><img loading=\"lazy\" decoding=\"async\" width=\"150\" height=\"150\" src=\"https:\/\/www.arquimaster.com.ar\/web\/wp-content\/uploads\/2024\/10\/casa_madeira_25-150x150.jpg\" class=\"attachment-thumbnail size-thumbnail\" alt=\"Casa Madeira \/ Boide Interiorismo\" aria-describedby=\"gallery-1-81636\" \/><\/a>\n\t\t\t<\/div>\n\t\t\t\t<figcaption class='wp-caption-text gallery-caption' id='gallery-1-81636'>\n\t\t\t\tCasa Madeira \/ Boide Interiorismo (\u00a9 Pamela Valenzuela Mar\u00edn)\n\t\t\t\t<\/figcaption><\/figure><figure class='gallery-item'>\n\t\t\t<div class='gallery-icon portrait'>\n\t\t\t\t<a href='https:\/\/www.arquimaster.com.ar\/web\/wp-content\/uploads\/2024\/10\/casa_madeira_26.jpg' title=\"Casa Madeira \/ Boide Interiorismo (\u00a9 Pamela Valenzuela Mar\u00edn)\" data-rl_title=\"Casa Madeira \/ Boide Interiorismo (\u00a9 Pamela Valenzuela Mar\u00edn)\" class=\"rl-gallery-link\" data-rl_caption=\"Casa Madeira \/ Boide Interiorismo (\u00a9 Pamela Valenzuela Mar\u00edn)\" data-rel=\"lightbox-gallery-1\"><img loading=\"lazy\" decoding=\"async\" width=\"150\" height=\"150\" src=\"https:\/\/www.arquimaster.com.ar\/web\/wp-content\/uploads\/2024\/10\/casa_madeira_26-150x150.jpg\" class=\"attachment-thumbnail size-thumbnail\" alt=\"Casa Madeira \/ Boide Interiorismo\" aria-describedby=\"gallery-1-81637\" \/><\/a>\n\t\t\t<\/div>\n\t\t\t\t<figcaption class='wp-caption-text gallery-caption' id='gallery-1-81637'>\n\t\t\t\tCasa Madeira \/ Boide Interiorismo (\u00a9 Pamela Valenzuela Mar\u00edn)\n\t\t\t\t<\/figcaption><\/figure><figure class='gallery-item'>\n\t\t\t<div class='gallery-icon landscape'>\n\t\t\t\t<a href='https:\/\/www.arquimaster.com.ar\/web\/wp-content\/uploads\/2024\/10\/casa_madeira_27.jpg' title=\"Casa Madeira \/ Boide Interiorismo (\u00a9 Pamela Valenzuela Mar\u00edn)\" data-rl_title=\"Casa Madeira \/ Boide Interiorismo (\u00a9 Pamela Valenzuela Mar\u00edn)\" class=\"rl-gallery-link\" data-rl_caption=\"Casa Madeira \/ Boide Interiorismo (\u00a9 Pamela Valenzuela Mar\u00edn)\" data-rel=\"lightbox-gallery-1\"><img loading=\"lazy\" decoding=\"async\" width=\"150\" height=\"150\" src=\"https:\/\/www.arquimaster.com.ar\/web\/wp-content\/uploads\/2024\/10\/casa_madeira_27-150x150.jpg\" class=\"attachment-thumbnail size-thumbnail\" alt=\"Casa Madeira \/ Boide Interiorismo\" aria-describedby=\"gallery-1-81638\" \/><\/a>\n\t\t\t<\/div>\n\t\t\t\t<figcaption class='wp-caption-text gallery-caption' id='gallery-1-81638'>\n\t\t\t\tCasa Madeira \/ Boide Interiorismo (\u00a9 Pamela Valenzuela Mar\u00edn)\n\t\t\t\t<\/figcaption><\/figure><figure class='gallery-item'>\n\t\t\t<div class='gallery-icon landscape'>\n\t\t\t\t<a href='https:\/\/www.arquimaster.com.ar\/web\/wp-content\/uploads\/2024\/10\/casa_madeira_28.jpg' title=\"Casa Madeira \/ Boide Interiorismo (\u00a9 Pamela Valenzuela Mar\u00edn)\" data-rl_title=\"Casa Madeira \/ Boide Interiorismo (\u00a9 Pamela Valenzuela Mar\u00edn)\" class=\"rl-gallery-link\" data-rl_caption=\"Casa Madeira \/ Boide Interiorismo (\u00a9 Pamela Valenzuela Mar\u00edn)\" data-rel=\"lightbox-gallery-1\"><img loading=\"lazy\" decoding=\"async\" width=\"150\" height=\"150\" src=\"https:\/\/www.arquimaster.com.ar\/web\/wp-content\/uploads\/2024\/10\/casa_madeira_28-150x150.jpg\" class=\"attachment-thumbnail size-thumbnail\" alt=\"Casa Madeira \/ Boide Interiorismo\" aria-describedby=\"gallery-1-81639\" \/><\/a>\n\t\t\t<\/div>\n\t\t\t\t<figcaption class='wp-caption-text gallery-caption' id='gallery-1-81639'>\n\t\t\t\tCasa Madeira \/ Boide Interiorismo (\u00a9 Pamela Valenzuela Mar\u00edn)\n\t\t\t\t<\/figcaption><\/figure><figure class='gallery-item'>\n\t\t\t<div class='gallery-icon portrait'>\n\t\t\t\t<a href='https:\/\/www.arquimaster.com.ar\/web\/wp-content\/uploads\/2024\/10\/casa_madeira_29.jpg' title=\"Casa Madeira \/ Boide Interiorismo (\u00a9 Pamela Valenzuela Mar\u00edn)\" data-rl_title=\"Casa Madeira \/ Boide Interiorismo (\u00a9 Pamela Valenzuela Mar\u00edn)\" class=\"rl-gallery-link\" data-rl_caption=\"Casa Madeira \/ Boide Interiorismo (\u00a9 Pamela Valenzuela Mar\u00edn)\" data-rel=\"lightbox-gallery-1\"><img loading=\"lazy\" decoding=\"async\" width=\"150\" height=\"150\" src=\"https:\/\/www.arquimaster.com.ar\/web\/wp-content\/uploads\/2024\/10\/casa_madeira_29-150x150.jpg\" class=\"attachment-thumbnail size-thumbnail\" alt=\"Casa Madeira \/ Boide Interiorismo\" aria-describedby=\"gallery-1-81640\" \/><\/a>\n\t\t\t<\/div>\n\t\t\t\t<figcaption class='wp-caption-text gallery-caption' id='gallery-1-81640'>\n\t\t\t\tCasa Madeira \/ Boide Interiorismo (\u00a9 Pamela Valenzuela Mar\u00edn)\n\t\t\t\t<\/figcaption><\/figure><figure class='gallery-item'>\n\t\t\t<div class='gallery-icon landscape'>\n\t\t\t\t<a href='https:\/\/www.arquimaster.com.ar\/web\/wp-content\/uploads\/2024\/10\/casa_madeira_30.jpg' title=\"Casa Madeira \/ Boide Interiorismo (\u00a9 Pamela Valenzuela Mar\u00edn)\" data-rl_title=\"Casa Madeira \/ Boide Interiorismo (\u00a9 Pamela Valenzuela Mar\u00edn)\" class=\"rl-gallery-link\" data-rl_caption=\"Casa Madeira \/ Boide Interiorismo (\u00a9 Pamela Valenzuela Mar\u00edn)\" data-rel=\"lightbox-gallery-1\"><img loading=\"lazy\" decoding=\"async\" width=\"150\" height=\"150\" src=\"https:\/\/www.arquimaster.com.ar\/web\/wp-content\/uploads\/2024\/10\/casa_madeira_30-150x150.jpg\" class=\"attachment-thumbnail size-thumbnail\" alt=\"Casa Madeira \/ Boide Interiorismo\" aria-describedby=\"gallery-1-81641\" \/><\/a>\n\t\t\t<\/div>\n\t\t\t\t<figcaption class='wp-caption-text gallery-caption' id='gallery-1-81641'>\n\t\t\t\tCasa Madeira \/ Boide Interiorismo (\u00a9 Pamela Valenzuela Mar\u00edn)\n\t\t\t\t<\/figcaption><\/figure><figure class='gallery-item'>\n\t\t\t<div class='gallery-icon portrait'>\n\t\t\t\t<a href='https:\/\/www.arquimaster.com.ar\/web\/wp-content\/uploads\/2024\/10\/casa_madeira_31.jpg' title=\"Casa Madeira \/ Boide Interiorismo (\u00a9 Pamela Valenzuela Mar\u00edn)\" data-rl_title=\"Casa Madeira \/ Boide Interiorismo (\u00a9 Pamela Valenzuela Mar\u00edn)\" class=\"rl-gallery-link\" data-rl_caption=\"Casa Madeira \/ Boide Interiorismo (\u00a9 Pamela Valenzuela Mar\u00edn)\" data-rel=\"lightbox-gallery-1\"><img loading=\"lazy\" decoding=\"async\" width=\"150\" height=\"150\" src=\"https:\/\/www.arquimaster.com.ar\/web\/wp-content\/uploads\/2024\/10\/casa_madeira_31-150x150.jpg\" class=\"attachment-thumbnail size-thumbnail\" alt=\"Casa Madeira \/ Boide Interiorismo\" aria-describedby=\"gallery-1-81642\" \/><\/a>\n\t\t\t<\/div>\n\t\t\t\t<figcaption class='wp-caption-text gallery-caption' id='gallery-1-81642'>\n\t\t\t\tCasa Madeira \/ Boide Interiorismo (\u00a9 Pamela Valenzuela Mar\u00edn)\n\t\t\t\t<\/figcaption><\/figure><figure class='gallery-item'>\n\t\t\t<div class='gallery-icon landscape'>\n\t\t\t\t<a href='https:\/\/www.arquimaster.com.ar\/web\/wp-content\/uploads\/2024\/10\/casa_madeira_32.jpg' title=\"Casa Madeira \/ Boide Interiorismo (\u00a9 Pamela Valenzuela Mar\u00edn)\" data-rl_title=\"Casa Madeira \/ Boide Interiorismo (\u00a9 Pamela Valenzuela Mar\u00edn)\" class=\"rl-gallery-link\" data-rl_caption=\"Casa Madeira \/ Boide Interiorismo (\u00a9 Pamela Valenzuela Mar\u00edn)\" data-rel=\"lightbox-gallery-1\"><img loading=\"lazy\" decoding=\"async\" width=\"150\" height=\"150\" src=\"https:\/\/www.arquimaster.com.ar\/web\/wp-content\/uploads\/2024\/10\/casa_madeira_32-150x150.jpg\" class=\"attachment-thumbnail size-thumbnail\" alt=\"Casa Madeira \/ Boide Interiorismo\" aria-describedby=\"gallery-1-81643\" \/><\/a>\n\t\t\t<\/div>\n\t\t\t\t<figcaption class='wp-caption-text gallery-caption' id='gallery-1-81643'>\n\t\t\t\tCasa Madeira \/ Boide Interiorismo (\u00a9 Pamela Valenzuela Mar\u00edn)\n\t\t\t\t<\/figcaption><\/figure><figure class='gallery-item'>\n\t\t\t<div class='gallery-icon landscape'>\n\t\t\t\t<a href='https:\/\/www.arquimaster.com.ar\/web\/wp-content\/uploads\/2024\/10\/casa_madeira_33.jpg' title=\"Casa Madeira \/ Boide Interiorismo (\u00a9 Pamela Valenzuela Mar\u00edn)\" data-rl_title=\"Casa Madeira \/ Boide Interiorismo (\u00a9 Pamela Valenzuela Mar\u00edn)\" class=\"rl-gallery-link\" data-rl_caption=\"Casa Madeira \/ Boide Interiorismo (\u00a9 Pamela Valenzuela Mar\u00edn)\" data-rel=\"lightbox-gallery-1\"><img loading=\"lazy\" decoding=\"async\" width=\"150\" height=\"150\" src=\"https:\/\/www.arquimaster.com.ar\/web\/wp-content\/uploads\/2024\/10\/casa_madeira_33-150x150.jpg\" class=\"attachment-thumbnail size-thumbnail\" alt=\"Casa Madeira \/ Boide Interiorismo\" aria-describedby=\"gallery-1-81644\" \/><\/a>\n\t\t\t<\/div>\n\t\t\t\t<figcaption class='wp-caption-text gallery-caption' id='gallery-1-81644'>\n\t\t\t\tCasa Madeira \/ Boide Interiorismo (\u00a9 Pamela Valenzuela Mar\u00edn)\n\t\t\t\t<\/figcaption><\/figure><figure class='gallery-item'>\n\t\t\t<div class='gallery-icon landscape'>\n\t\t\t\t<a href='https:\/\/www.arquimaster.com.ar\/web\/wp-content\/uploads\/2024\/10\/casa_madeira_34.jpg' title=\"Casa Madeira \/ Boide Interiorismo (\u00a9 Pamela Valenzuela Mar\u00edn)\" data-rl_title=\"Casa Madeira \/ Boide Interiorismo (\u00a9 Pamela Valenzuela Mar\u00edn)\" class=\"rl-gallery-link\" data-rl_caption=\"Casa Madeira \/ Boide Interiorismo (\u00a9 Pamela Valenzuela Mar\u00edn)\" data-rel=\"lightbox-gallery-1\"><img loading=\"lazy\" decoding=\"async\" width=\"150\" height=\"150\" src=\"https:\/\/www.arquimaster.com.ar\/web\/wp-content\/uploads\/2024\/10\/casa_madeira_34-150x150.jpg\" class=\"attachment-thumbnail size-thumbnail\" alt=\"Casa Madeira \/ Boide Interiorismo\" aria-describedby=\"gallery-1-81645\" \/><\/a>\n\t\t\t<\/div>\n\t\t\t\t<figcaption class='wp-caption-text gallery-caption' id='gallery-1-81645'>\n\t\t\t\tCasa Madeira \/ Boide Interiorismo (\u00a9 Pamela Valenzuela Mar\u00edn)\n\t\t\t\t<\/figcaption><\/figure><figure class='gallery-item'>\n\t\t\t<div class='gallery-icon landscape'>\n\t\t\t\t<a href='https:\/\/www.arquimaster.com.ar\/web\/wp-content\/uploads\/2024\/10\/casa_madeira_35.jpg' title=\"Casa Madeira \/ Boide Interiorismo (\u00a9 Pamela Valenzuela Mar\u00edn)\" data-rl_title=\"Casa Madeira \/ Boide Interiorismo (\u00a9 Pamela Valenzuela Mar\u00edn)\" class=\"rl-gallery-link\" data-rl_caption=\"Casa Madeira \/ Boide Interiorismo (\u00a9 Pamela Valenzuela Mar\u00edn)\" data-rel=\"lightbox-gallery-1\"><img loading=\"lazy\" decoding=\"async\" width=\"150\" height=\"150\" src=\"https:\/\/www.arquimaster.com.ar\/web\/wp-content\/uploads\/2024\/10\/casa_madeira_35-150x150.jpg\" class=\"attachment-thumbnail size-thumbnail\" alt=\"Casa Madeira \/ Boide Interiorismo\" aria-describedby=\"gallery-1-81646\" \/><\/a>\n\t\t\t<\/div>\n\t\t\t\t<figcaption class='wp-caption-text gallery-caption' id='gallery-1-81646'>\n\t\t\t\tCasa Madeira \/ Boide Interiorismo (\u00a9 Pamela Valenzuela Mar\u00edn)\n\t\t\t\t<\/figcaption><\/figure><figure class='gallery-item'>\n\t\t\t<div class='gallery-icon landscape'>\n\t\t\t\t<a href='https:\/\/www.arquimaster.com.ar\/web\/wp-content\/uploads\/2024\/10\/casa_madeira_36.jpg' title=\"Casa Madeira \/ Boide Interiorismo (\u00a9 Pamela Valenzuela Mar\u00edn)\" data-rl_title=\"Casa Madeira \/ Boide Interiorismo (\u00a9 Pamela Valenzuela Mar\u00edn)\" class=\"rl-gallery-link\" data-rl_caption=\"Casa Madeira \/ Boide Interiorismo (\u00a9 Pamela Valenzuela Mar\u00edn)\" data-rel=\"lightbox-gallery-1\"><img loading=\"lazy\" decoding=\"async\" width=\"150\" height=\"150\" src=\"https:\/\/www.arquimaster.com.ar\/web\/wp-content\/uploads\/2024\/10\/casa_madeira_36-150x150.jpg\" class=\"attachment-thumbnail size-thumbnail\" alt=\"Casa Madeira \/ Boide Interiorismo\" aria-describedby=\"gallery-1-81647\" \/><\/a>\n\t\t\t<\/div>\n\t\t\t\t<figcaption class='wp-caption-text gallery-caption' id='gallery-1-81647'>\n\t\t\t\tCasa Madeira \/ Boide Interiorismo (\u00a9 Pamela Valenzuela Mar\u00edn)\n\t\t\t\t<\/figcaption><\/figure><figure class='gallery-item'>\n\t\t\t<div class='gallery-icon landscape'>\n\t\t\t\t<a href='https:\/\/www.arquimaster.com.ar\/web\/wp-content\/uploads\/2024\/10\/casa_madeira_37.jpg' title=\"Casa Madeira \/ Boide Interiorismo (\u00a9 Pamela Valenzuela Mar\u00edn)\" data-rl_title=\"Casa Madeira \/ Boide Interiorismo (\u00a9 Pamela Valenzuela Mar\u00edn)\" class=\"rl-gallery-link\" data-rl_caption=\"Casa Madeira \/ Boide Interiorismo (\u00a9 Pamela Valenzuela Mar\u00edn)\" data-rel=\"lightbox-gallery-1\"><img loading=\"lazy\" decoding=\"async\" width=\"150\" height=\"150\" src=\"https:\/\/www.arquimaster.com.ar\/web\/wp-content\/uploads\/2024\/10\/casa_madeira_37-150x150.jpg\" class=\"attachment-thumbnail size-thumbnail\" alt=\"Casa Madeira \/ Boide Interiorismo\" aria-describedby=\"gallery-1-81648\" \/><\/a>\n\t\t\t<\/div>\n\t\t\t\t<figcaption class='wp-caption-text gallery-caption' id='gallery-1-81648'>\n\t\t\t\tCasa Madeira \/ Boide Interiorismo (\u00a9 Pamela Valenzuela Mar\u00edn)\n\t\t\t\t<\/figcaption><\/figure><figure class='gallery-item'>\n\t\t\t<div class='gallery-icon landscape'>\n\t\t\t\t<a href='https:\/\/www.arquimaster.com.ar\/web\/wp-content\/uploads\/2024\/10\/casa_madeira_38.jpg' title=\"Casa Madeira \/ Boide Interiorismo (\u00a9 Pamela Valenzuela Mar\u00edn)\" data-rl_title=\"Casa Madeira \/ Boide Interiorismo (\u00a9 Pamela Valenzuela Mar\u00edn)\" class=\"rl-gallery-link\" data-rl_caption=\"Casa Madeira \/ Boide Interiorismo (\u00a9 Pamela Valenzuela Mar\u00edn)\" data-rel=\"lightbox-gallery-1\"><img loading=\"lazy\" decoding=\"async\" width=\"150\" height=\"150\" src=\"https:\/\/www.arquimaster.com.ar\/web\/wp-content\/uploads\/2024\/10\/casa_madeira_38-150x150.jpg\" class=\"attachment-thumbnail size-thumbnail\" alt=\"Casa Madeira \/ Boide Interiorismo\" aria-describedby=\"gallery-1-81649\" \/><\/a>\n\t\t\t<\/div>\n\t\t\t\t<figcaption class='wp-caption-text gallery-caption' id='gallery-1-81649'>\n\t\t\t\tCasa Madeira \/ Boide Interiorismo (\u00a9 Pamela Valenzuela Mar\u00edn)\n\t\t\t\t<\/figcaption><\/figure><figure class='gallery-item'>\n\t\t\t<div class='gallery-icon portrait'>\n\t\t\t\t<a href='https:\/\/www.arquimaster.com.ar\/web\/wp-content\/uploads\/2024\/10\/casa_madeira_39.jpg' title=\"Casa Madeira \/ Boide Interiorismo (\u00a9 Pamela Valenzuela Mar\u00edn)\" data-rl_title=\"Casa Madeira \/ Boide Interiorismo (\u00a9 Pamela Valenzuela Mar\u00edn)\" class=\"rl-gallery-link\" data-rl_caption=\"Casa Madeira \/ Boide Interiorismo (\u00a9 Pamela Valenzuela Mar\u00edn)\" data-rel=\"lightbox-gallery-1\"><img loading=\"lazy\" decoding=\"async\" width=\"150\" height=\"150\" src=\"https:\/\/www.arquimaster.com.ar\/web\/wp-content\/uploads\/2024\/10\/casa_madeira_39-150x150.jpg\" class=\"attachment-thumbnail size-thumbnail\" alt=\"Casa Madeira \/ Boide Interiorismo\" aria-describedby=\"gallery-1-81650\" \/><\/a>\n\t\t\t<\/div>\n\t\t\t\t<figcaption class='wp-caption-text gallery-caption' id='gallery-1-81650'>\n\t\t\t\tCasa Madeira \/ Boide Interiorismo (\u00a9 Pamela Valenzuela Mar\u00edn)\n\t\t\t\t<\/figcaption><\/figure><figure class='gallery-item'>\n\t\t\t<div class='gallery-icon landscape'>\n\t\t\t\t<a href='https:\/\/www.arquimaster.com.ar\/web\/wp-content\/uploads\/2024\/10\/casa_madeira_40.jpg' title=\"Casa Madeira \/ Boide Interiorismo (\u00a9 Pamela Valenzuela Mar\u00edn)\" data-rl_title=\"Casa Madeira \/ Boide Interiorismo (\u00a9 Pamela Valenzuela Mar\u00edn)\" class=\"rl-gallery-link\" data-rl_caption=\"Casa Madeira \/ Boide Interiorismo (\u00a9 Pamela Valenzuela Mar\u00edn)\" data-rel=\"lightbox-gallery-1\"><img loading=\"lazy\" decoding=\"async\" width=\"150\" height=\"150\" src=\"https:\/\/www.arquimaster.com.ar\/web\/wp-content\/uploads\/2024\/10\/casa_madeira_40-150x150.jpg\" class=\"attachment-thumbnail size-thumbnail\" alt=\"Casa Madeira \/ Boide Interiorismo\" aria-describedby=\"gallery-1-81651\" \/><\/a>\n\t\t\t<\/div>\n\t\t\t\t<figcaption class='wp-caption-text gallery-caption' id='gallery-1-81651'>\n\t\t\t\tCasa Madeira \/ Boide Interiorismo (\u00a9 Pamela Valenzuela Mar\u00edn)\n\t\t\t\t<\/figcaption><\/figure><figure class='gallery-item'>\n\t\t\t<div class='gallery-icon landscape'>\n\t\t\t\t<a href='https:\/\/www.arquimaster.com.ar\/web\/wp-content\/uploads\/2024\/10\/casa_madeira_41.jpg' title=\"Casa Madeira \/ Boide Interiorismo (planta baja)\" data-rl_title=\"Casa Madeira \/ Boide Interiorismo (planta baja)\" class=\"rl-gallery-link\" data-rl_caption=\"Casa Madeira \/ Boide Interiorismo (planta baja)\" data-rel=\"lightbox-gallery-1\"><img loading=\"lazy\" decoding=\"async\" width=\"150\" height=\"150\" src=\"https:\/\/www.arquimaster.com.ar\/web\/wp-content\/uploads\/2024\/10\/casa_madeira_41-150x150.jpg\" class=\"attachment-thumbnail size-thumbnail\" alt=\"Casa Madeira \/ Boide Interiorismo\" aria-describedby=\"gallery-1-81652\" \/><\/a>\n\t\t\t<\/div>\n\t\t\t\t<figcaption class='wp-caption-text gallery-caption' id='gallery-1-81652'>\n\t\t\t\tCasa Madeira \/ Boide Interiorismo (planta baja)\n\t\t\t\t<\/figcaption><\/figure><figure class='gallery-item'>\n\t\t\t<div class='gallery-icon landscape'>\n\t\t\t\t<a href='https:\/\/www.arquimaster.com.ar\/web\/wp-content\/uploads\/2024\/10\/casa_madeira_42.jpg' title=\"Casa Madeira \/ Boide Interiorismo (planta alta)\" data-rl_title=\"Casa Madeira \/ Boide Interiorismo (planta alta)\" class=\"rl-gallery-link\" data-rl_caption=\"Casa Madeira \/ Boide Interiorismo (planta alta)\" data-rel=\"lightbox-gallery-1\"><img loading=\"lazy\" decoding=\"async\" width=\"150\" height=\"150\" src=\"https:\/\/www.arquimaster.com.ar\/web\/wp-content\/uploads\/2024\/10\/casa_madeira_42-150x150.jpg\" class=\"attachment-thumbnail size-thumbnail\" alt=\"Casa Madeira \/ Boide Interiorismo\" aria-describedby=\"gallery-1-81653\" \/><\/a>\n\t\t\t<\/div>\n\t\t\t\t<figcaption class='wp-caption-text gallery-caption' id='gallery-1-81653'>\n\t\t\t\tCasa Madeira \/ Boide Interiorismo (planta alta)\n\t\t\t\t<\/figcaption><\/figure>\n\t\t<\/div>\n\n<p>El \u00e1rea del vest\u00edbulo est\u00e1 enmarcada con una doble altura, donde el foco de atenci\u00f3n son unas incre\u00edbles lamparas colgantes de Tom Dixon, las cuales brindan dos aspectos muy interesantes cuando las prendes y cuando est\u00e1n apagadas. Para completar el espacio se coloc\u00f3 un cuadro de la colecci\u00f3n que ya exist\u00eda y se acompa\u00f1\u00f3 con una credenza de madera de la zona, acompa\u00f1ada de objetos que fueran acorde al espacio y flores naturales para darle frescura al espacio. El dise\u00f1o de la escalera se realiz\u00f3 con m\u00e1rmol y madera.<\/p>\n<p>Del lado derecho del vest\u00edbulo, se hizo una biblioteca personalizada con estantes de madera a la medida que abarca todo el espacio para dar lugar a la colecci\u00f3n de libros que se ten\u00eda. Se complet\u00f3 el espacio con un c\u00f3modo sill\u00f3n de piel en color caoba que acompa\u00f1a perfecto al mueble que se dise\u00f1\u00f3. Para enmarcar el espacio a\u00fan m\u00e1s, se coloc\u00f3 un plaf\u00f3n para darle luz indirecta a todo el espacio, se puso un escritorio en el cual se instal\u00f3 un luz directa que funciona perfectamente como \u00e1rea de trabajo.<\/p>\n<p>Siguiendo con el dise\u00f1o y la importancia que el arte tiene en este, se coloc\u00f3 un caballete con una que enmarca una obra de Cucho Reyes. Las persianas de madera dan una luz diferente a lo largo del d\u00eda, los acabados de las paredes son de piedra de diferentes texturas que se pueden observar a trav\u00e9s del mueble empotrado.<\/p>\n<p>En el \u00e1rea de la cocina, se hizo un dise\u00f1o ligero en tonos blancos de granito natural, que aportaran m\u00e1s luz al espacio, se complement\u00f3 con una mesa de madera acompa\u00f1ada de unas sillas en color negro para dar contraste, y se complement\u00f3 el espacio con un par de obras de arte.<\/p>\n<p>Para la sala principal, se hizo un dise\u00f1o abierto, iluminado y con mucha vegetaci\u00f3n natural, enmarcado con paneles de madera e iluminaci\u00f3n indirecta para todo el espacio, complementado con las obras de arte del cliente. Se coloco un sill\u00f3n en L con unas mesas de madera y un par de sillas haciendo un espacio muy amplio y al mismo tiempo c\u00f3modo, tambi\u00e9n se coloc\u00f3 una mesas de granito Roma Imperial, la cual fue dise\u00f1ada especialmente para este espacio. Est\u00e1 hecha de granito natural y se acompa\u00f1a por sillas en un tono de gris y una lampara colgante en tono dorado que combinan perfectamente con el espacio.<\/p>\n<p>Aprovechando el espacio lineal que se hizo, se dej\u00f3 un espacio abierto hasta la terraza, se coloc\u00f3 una mesa con cristal apoyada en una pieza de granito negro, con unas sillas blancas y una lampara de varillas de madera la cual fue dise\u00f1ada por nosotros. En la parte trasera se instal\u00f3 el asador.<\/p>\n<p>Tambi\u00e9n se acompa\u00f1\u00f3 el espacio con una sala en tonos claros y una mesa del mismo m\u00e1rmol negro que se us\u00f3 en la mesa, se le dio el toque esta escultura de Marcela Diaz una artista yucateca, el espacio tambi\u00e9n cuenta con un \u00e1rea de alberca y jard\u00edn.<\/p>\n<p>La planta alta est\u00e1 conformada por una habitaci\u00f3n de invitados, la cual se encuentra del lado derecho, la habitaci\u00f3n principal, un family room, un spa y un gimnasio.<\/p>\n<p>La recamara principal fue uno de los aspectos m\u00e1s importantes del proyecto. Se dividi\u00f3 en dos \u00e1reas, la primera es un \u00e1rea de lectura o sala de descanso, la segunda es donde se encuentra la cama.<\/p>\n<p>Un aspecto muy interesante de esta es la cabecera, en la cual se hicieron capas de distintos materiales, la madera sube hasta el plaf\u00f3n creando unas l\u00edneas que enmarcan el espacio. Para la segunda capa se puso una pieza de madera en la cual est\u00e1n los buros, para complementar el dise\u00f1o e enmarcar el espacio de la cama, finalizando con una tela en color claro. Para terminar el espacio se coloco un mueble para la televisi\u00f3n en donde se guardan los dispositivos para el uso de esta. <\/p>\n\n\n<div style=\"height:20px\" aria-hidden=\"true\" class=\"wp-block-spacer\"><\/div>\n\n\n\n<p class=\"has-background\" style=\"background-color:#eaeaea\"><strong>Ficha t\u00e9cnica<\/strong><br>Nombre: Casa<br>Madeira<br>Ubicaci\u00f3n: M\u00e9rida, Yucat\u00e1n, M\u00e9xico<br>Proyecto de interiorismo: Boide Interiorismo<br>Equipo de Dise\u00f1o: LDI Claudina Diaz D., LDI Maria Santos<br>Proyecto de arquitectura: Arq. Mauricio Gallegos<br>Tipo de proyecto: Dise\u00f1o interior residencial<br>A\u00f1o de finalizaci\u00f3n: 2022<br>Fotograf\u00edas: Pamela Valenzuela Mar\u00edn @ameshtfoto<br>Instagram: @boidemx<br>Facebook: boidemx<\/p>\n\n\n\n<div style=\"height:40px\" aria-hidden=\"true\" class=\"wp-block-spacer\"><\/div>\n\n\n<p><em><strong>English version<\/strong><\/em><\/p>\n<p><em>Casa Madeira is located in a private condominiumin Merida Yucatan, the end user of this project is a person who throughout his life has collected mostly Mexican art, which was an important point for the design of all the spaces of the house, likewise, he is a user looking forlarge spaces, clean and illuminated to be able to receive your family.<\/em><\/p>\n<p><em>The lobby area is framed with a double height, where the focus of attention are incredible hanging lamps by Tom Dixon, which provides two very interesting aspects whenyou turn them on and when they are off, to complete the space a painting of the collection that already existed was placed and accompanied by a wooden credenza of the area, accompanied by objects that were according to the space and natural flowers to give freshness to the space. The design of the staircase was with marble and wood.<\/em><\/p>\n<p><em>On the right side of the lobby, a personalized library was made with wooden shelves to the measure that covers the entire space to give rise to the collection of books that was had, the space was completed with a comfortable mahogany leather armchair that perfectly accompanies the furniture that was designed, to frame the space even more a ceiling was placed to give indirect light to the entire space, A desk was placed on which a direct light was installed that works perfectly as a work area. Continuing with the design and the importance that art has in this, an easel was placed with one that frames a work by Cucho Reyes.<\/em><\/p>\n<p><em>The wooden blinds give a different light throughout the day, the finishes of the walls are made of stone of different textures that can be observed through the built-in furniture. In the area of the kitchen, a light design was made in white tones of natural granite, which brought more light to the space, it was complemented by a wooden table accompanied by black chairs to give contrast, and the space was complemented with a couple of works of art.<\/em><\/p>\n<p><em>For the main room, an open, illuminated design with lots of natural vegetation was made, enmarcado with wood panels and indirect lighting for the entire space, complemented by the client&#8217;s works of art. An L-shaped armchair was placed with wooden tables and a couple of chairs making a very spacious and at the same time comfortable space, a Roma Imperial granite tables were also placed which was designed especially for this space which is made of natural granite and is accompanied by chairs in a tone of gray and a pendant lamp in golden tone that combine perfectly with the space.<\/em><\/p>\n<p><em>Taking advantage of the linear space that was made, an open space was left to the terrace, a table was placed with glass supported on a piece of black granite, with white chairs and a wooden rod lamp which was designed by us. In the back the grill was installed. The space was also accompanied with a room in light tones and a table of the same black marble that was used on the table, this sculpture by Marcela Diaz a Yucatecan artist was given the touch, the space also has a pool and garden area.<\/em><\/p>\n<p><em>The upper floor consists of a guest room, which is on the right side, the main room, a familyroom,a spa and a gym.<\/em><\/p>\n<p><em>The master bedroom was one of the most important aspects of the project, it was divided into two areas, the first is a reading area or rest room, the second is where the bed is located, a very interesting aspect of this is the headboard, in which layers of different materials were made.<\/em><\/p>\n<p><em>The wood rises to the ceiling creating lines that frame the space, for the second layer a piece of wood was put in which the buros are, to complement the design and frame the space of the bed, ending with a fabric in color claro. To finish the space, a cabinet for the television was placed where the devices are stored for its use.<\/em><\/p>\n<div style=\"font-size: 0px; height: 0px; line-height: 0px; margin: 0; padding: 0; clear: both;\"><\/div><div style=\"margin-top: 0px; margin-bottom: 0px;\" class=\"sharethis-inline-share-buttons\" ><\/div>","protected":false},"excerpt":{"rendered":"<p>Espacios amplios, limpios e iluminados para albergar una colecci\u00f3n de arte&#8230;<\/p>\n","protected":false},"author":1,"featured_media":81611,"comment_status":"closed","ping_status":"closed","sticky":false,"template":"","format":"standard","meta":{"_uag_custom_page_level_css":"","footnotes":""},"categories":[1,83],"tags":[4282,8050,3256,24,254,3257],"class_list":["post-81610","post","type-post","status-publish","format-standard","has-post-thumbnail","hentry","category-proyecto","category-vivienda-unifamiliar","tag-arquitectura-residencial","tag-boide-interiorismo","tag-merida","tag-mexico","tag-vivienda-unifamiliar-2","tag-yucatan","generate-columns","tablet-grid-50","mobile-grid-100","grid-parent","grid-50"],"yoast_head":"<!-- This site is optimized with the Yoast SEO plugin v27.3 - https:\/\/yoast.com\/product\/yoast-seo-wordpress\/ -->\n<title>Casa Madeira \/ Boide Interiorismo - Arquimaster<\/title>\n<meta name=\"description\" content=\"Una casa de espacios amplios, limpios e iluminados para poder recibir a la familia y albergar una colecci\u00f3n de arte.\" \/>\n<meta name=\"robots\" content=\"index, follow, max-snippet:-1, max-image-preview:large, max-video-preview:-1\" \/>\n<link rel=\"canonical\" href=\"https:\/\/www.arquimaster.com.ar\/web\/casa-madeira-boide-interiorismo\/\" \/>\n<meta property=\"og:locale\" content=\"es_ES\" \/>\n<meta property=\"og:type\" content=\"article\" \/>\n<meta property=\"og:title\" content=\"Casa Madeira \/ Boide Interiorismo\" \/>\n<meta property=\"og:description\" content=\"Una casa de espacios amplios, limpios e iluminados para poder recibir a la familia y albergar una colecci\u00f3n de arte.\" \/>\n<meta property=\"og:url\" content=\"https:\/\/www.arquimaster.com.ar\/web\/casa-madeira-boide-interiorismo\/\" \/>\n<meta property=\"og:site_name\" content=\"Arquimaster\" \/>\n<meta property=\"article:publisher\" content=\"http:\/\/www.facebook.com\/ARQUIMASTER.com.ar\" \/>\n<meta property=\"article:published_time\" content=\"2024-10-23T21:37:19+00:00\" \/>\n<meta property=\"article:modified_time\" content=\"2025-07-24T23:05:50+00:00\" \/>\n<meta property=\"og:image\" content=\"https:\/\/www.arquimaster.com.ar\/web\/wp-content\/uploads\/2024\/10\/casa_madeira_slide.jpg\" \/>\n\t<meta property=\"og:image:width\" content=\"698\" \/>\n\t<meta property=\"og:image:height\" content=\"364\" \/>\n\t<meta property=\"og:image:type\" content=\"image\/jpeg\" \/>\n<meta name=\"author\" content=\"Arquimaster\" \/>\n<meta name=\"twitter:card\" content=\"summary_large_image\" \/>\n<meta name=\"twitter:title\" content=\"Casa Madeira \/ Boide Interiorismo\" \/>\n<meta name=\"twitter:description\" content=\"Una casa de espacios amplios, limpios e iluminados para poder recibir a la familia y albergar una colecci\u00f3n de arte.\" \/>\n<meta name=\"twitter:image\" content=\"https:\/\/www.arquimaster.com.ar\/web\/wp-content\/uploads\/2024\/10\/casa_madeira_slide.jpg\" \/>\n<meta name=\"twitter:creator\" content=\"@arquimaster\" \/>\n<meta name=\"twitter:site\" content=\"@arquimaster\" \/>\n<meta name=\"twitter:label1\" content=\"Escrito por\" \/>\n\t<meta name=\"twitter:data1\" content=\"Arquimaster\" \/>\n\t<meta name=\"twitter:label2\" content=\"Tiempo de lectura\" \/>\n\t<meta name=\"twitter:data2\" content=\"7 minutos\" \/>\n<script type=\"application\/ld+json\" class=\"yoast-schema-graph\">{\"@context\":\"https:\\\/\\\/schema.org\",\"@graph\":[{\"@type\":\"Article\",\"@id\":\"https:\\\/\\\/www.arquimaster.com.ar\\\/web\\\/casa-madeira-boide-interiorismo\\\/#article\",\"isPartOf\":{\"@id\":\"https:\\\/\\\/www.arquimaster.com.ar\\\/web\\\/casa-madeira-boide-interiorismo\\\/\"},\"author\":{\"name\":\"Arquimaster\",\"@id\":\"https:\\\/\\\/www.arquimaster.com.ar\\\/web\\\/#\\\/schema\\\/person\\\/359e9f7c00193fcde068e0dd2ceb0028\"},\"headline\":\"Casa Madeira \\\/ Boide Interiorismo\",\"datePublished\":\"2024-10-23T21:37:19+00:00\",\"dateModified\":\"2025-07-24T23:05:50+00:00\",\"mainEntityOfPage\":{\"@id\":\"https:\\\/\\\/www.arquimaster.com.ar\\\/web\\\/casa-madeira-boide-interiorismo\\\/\"},\"wordCount\":1522,\"publisher\":{\"@id\":\"https:\\\/\\\/www.arquimaster.com.ar\\\/web\\\/#organization\"},\"image\":{\"@id\":\"https:\\\/\\\/www.arquimaster.com.ar\\\/web\\\/casa-madeira-boide-interiorismo\\\/#primaryimage\"},\"thumbnailUrl\":\"https:\\\/\\\/www.arquimaster.com.ar\\\/web\\\/wp-content\\\/uploads\\\/2024\\\/10\\\/casa_madeira_slide.jpg\",\"keywords\":[\"arquitectura residencial\",\"Boide Interiorismo\",\"Merida\",\"Mexico\",\"vivienda unifamiliar\",\"Yucatan\"],\"articleSection\":[\"Proyecto\",\"Vivienda unifamiliar y PH\"],\"inLanguage\":\"es\"},{\"@type\":\"WebPage\",\"@id\":\"https:\\\/\\\/www.arquimaster.com.ar\\\/web\\\/casa-madeira-boide-interiorismo\\\/\",\"url\":\"https:\\\/\\\/www.arquimaster.com.ar\\\/web\\\/casa-madeira-boide-interiorismo\\\/\",\"name\":\"Casa Madeira \\\/ Boide Interiorismo - Arquimaster\",\"isPartOf\":{\"@id\":\"https:\\\/\\\/www.arquimaster.com.ar\\\/web\\\/#website\"},\"primaryImageOfPage\":{\"@id\":\"https:\\\/\\\/www.arquimaster.com.ar\\\/web\\\/casa-madeira-boide-interiorismo\\\/#primaryimage\"},\"image\":{\"@id\":\"https:\\\/\\\/www.arquimaster.com.ar\\\/web\\\/casa-madeira-boide-interiorismo\\\/#primaryimage\"},\"thumbnailUrl\":\"https:\\\/\\\/www.arquimaster.com.ar\\\/web\\\/wp-content\\\/uploads\\\/2024\\\/10\\\/casa_madeira_slide.jpg\",\"datePublished\":\"2024-10-23T21:37:19+00:00\",\"dateModified\":\"2025-07-24T23:05:50+00:00\",\"description\":\"Una casa de espacios amplios, limpios e iluminados para poder recibir a la familia y albergar una colecci\u00f3n de arte.\",\"breadcrumb\":{\"@id\":\"https:\\\/\\\/www.arquimaster.com.ar\\\/web\\\/casa-madeira-boide-interiorismo\\\/#breadcrumb\"},\"inLanguage\":\"es\",\"potentialAction\":[{\"@type\":\"ReadAction\",\"target\":[\"https:\\\/\\\/www.arquimaster.com.ar\\\/web\\\/casa-madeira-boide-interiorismo\\\/\"]}]},{\"@type\":\"ImageObject\",\"inLanguage\":\"es\",\"@id\":\"https:\\\/\\\/www.arquimaster.com.ar\\\/web\\\/casa-madeira-boide-interiorismo\\\/#primaryimage\",\"url\":\"https:\\\/\\\/www.arquimaster.com.ar\\\/web\\\/wp-content\\\/uploads\\\/2024\\\/10\\\/casa_madeira_slide.jpg\",\"contentUrl\":\"https:\\\/\\\/www.arquimaster.com.ar\\\/web\\\/wp-content\\\/uploads\\\/2024\\\/10\\\/casa_madeira_slide.jpg\",\"width\":698,\"height\":364,\"caption\":\"Casa Madeira \\\/ Boide Interiorismo\"},{\"@type\":\"BreadcrumbList\",\"@id\":\"https:\\\/\\\/www.arquimaster.com.ar\\\/web\\\/casa-madeira-boide-interiorismo\\\/#breadcrumb\",\"itemListElement\":[{\"@type\":\"ListItem\",\"position\":1,\"name\":\"Portada\",\"item\":\"https:\\\/\\\/www.arquimaster.com.ar\\\/web\\\/\"},{\"@type\":\"ListItem\",\"position\":2,\"name\":\"Casa Madeira \\\/ Boide Interiorismo\"}]},{\"@type\":\"WebSite\",\"@id\":\"https:\\\/\\\/www.arquimaster.com.ar\\\/web\\\/#website\",\"url\":\"https:\\\/\\\/www.arquimaster.com.ar\\\/web\\\/\",\"name\":\"Arquimaster\",\"description\":\"Web de arquitectura, dise\u00f1o y construccion\",\"publisher\":{\"@id\":\"https:\\\/\\\/www.arquimaster.com.ar\\\/web\\\/#organization\"},\"potentialAction\":[{\"@type\":\"SearchAction\",\"target\":{\"@type\":\"EntryPoint\",\"urlTemplate\":\"https:\\\/\\\/www.arquimaster.com.ar\\\/web\\\/?s={search_term_string}\"},\"query-input\":{\"@type\":\"PropertyValueSpecification\",\"valueRequired\":true,\"valueName\":\"search_term_string\"}}],\"inLanguage\":\"es\"},{\"@type\":\"Organization\",\"@id\":\"https:\\\/\\\/www.arquimaster.com.ar\\\/web\\\/#organization\",\"name\":\"Arquimaster\",\"url\":\"https:\\\/\\\/www.arquimaster.com.ar\\\/web\\\/\",\"logo\":{\"@type\":\"ImageObject\",\"inLanguage\":\"es\",\"@id\":\"https:\\\/\\\/www.arquimaster.com.ar\\\/web\\\/#\\\/schema\\\/logo\\\/image\\\/\",\"url\":\"https:\\\/\\\/www.arquimaster.com.ar\\\/web\\\/wp-content\\\/uploads\\\/2022\\\/06\\\/arquimaster.png\",\"contentUrl\":\"https:\\\/\\\/www.arquimaster.com.ar\\\/web\\\/wp-content\\\/uploads\\\/2022\\\/06\\\/arquimaster.png\",\"width\":594,\"height\":78,\"caption\":\"Arquimaster\"},\"image\":{\"@id\":\"https:\\\/\\\/www.arquimaster.com.ar\\\/web\\\/#\\\/schema\\\/logo\\\/image\\\/\"},\"sameAs\":[\"http:\\\/\\\/www.facebook.com\\\/ARQUIMASTER.com.ar\",\"https:\\\/\\\/x.com\\\/arquimaster\",\"https:\\\/\\\/www.instagram.com\\\/arquimasterblog\\\/\",\"https:\\\/\\\/www.linkedin.com\\\/company\\\/arquimaster\",\"https:\\\/\\\/www.pinterest.com\\\/arquimaster\",\"https:\\\/\\\/t.me\\\/arquimaster\"]},{\"@type\":\"Person\",\"@id\":\"https:\\\/\\\/www.arquimaster.com.ar\\\/web\\\/#\\\/schema\\\/person\\\/359e9f7c00193fcde068e0dd2ceb0028\",\"name\":\"Arquimaster\"}]}<\/script>\n<!-- \/ Yoast SEO plugin. -->","yoast_head_json":{"title":"Casa Madeira \/ Boide Interiorismo - Arquimaster","description":"Una casa de espacios amplios, limpios e iluminados para poder recibir a la familia y albergar una colecci\u00f3n de arte.","robots":{"index":"index","follow":"follow","max-snippet":"max-snippet:-1","max-image-preview":"max-image-preview:large","max-video-preview":"max-video-preview:-1"},"canonical":"https:\/\/www.arquimaster.com.ar\/web\/casa-madeira-boide-interiorismo\/","og_locale":"es_ES","og_type":"article","og_title":"Casa Madeira \/ Boide Interiorismo","og_description":"Una casa de espacios amplios, limpios e iluminados para poder recibir a la familia y albergar una colecci\u00f3n de arte.","og_url":"https:\/\/www.arquimaster.com.ar\/web\/casa-madeira-boide-interiorismo\/","og_site_name":"Arquimaster","article_publisher":"http:\/\/www.facebook.com\/ARQUIMASTER.com.ar","article_published_time":"2024-10-23T21:37:19+00:00","article_modified_time":"2025-07-24T23:05:50+00:00","og_image":[{"width":698,"height":364,"url":"https:\/\/www.arquimaster.com.ar\/web\/wp-content\/uploads\/2024\/10\/casa_madeira_slide.jpg","type":"image\/jpeg"}],"author":"Arquimaster","twitter_card":"summary_large_image","twitter_title":"Casa Madeira \/ Boide Interiorismo","twitter_description":"Una casa de espacios amplios, limpios e iluminados para poder recibir a la familia y albergar una colecci\u00f3n de arte.","twitter_image":"https:\/\/www.arquimaster.com.ar\/web\/wp-content\/uploads\/2024\/10\/casa_madeira_slide.jpg","twitter_creator":"@arquimaster","twitter_site":"@arquimaster","twitter_misc":{"Escrito por":"Arquimaster","Tiempo de lectura":"7 minutos"},"schema":{"@context":"https:\/\/schema.org","@graph":[{"@type":"Article","@id":"https:\/\/www.arquimaster.com.ar\/web\/casa-madeira-boide-interiorismo\/#article","isPartOf":{"@id":"https:\/\/www.arquimaster.com.ar\/web\/casa-madeira-boide-interiorismo\/"},"author":{"name":"Arquimaster","@id":"https:\/\/www.arquimaster.com.ar\/web\/#\/schema\/person\/359e9f7c00193fcde068e0dd2ceb0028"},"headline":"Casa Madeira \/ Boide Interiorismo","datePublished":"2024-10-23T21:37:19+00:00","dateModified":"2025-07-24T23:05:50+00:00","mainEntityOfPage":{"@id":"https:\/\/www.arquimaster.com.ar\/web\/casa-madeira-boide-interiorismo\/"},"wordCount":1522,"publisher":{"@id":"https:\/\/www.arquimaster.com.ar\/web\/#organization"},"image":{"@id":"https:\/\/www.arquimaster.com.ar\/web\/casa-madeira-boide-interiorismo\/#primaryimage"},"thumbnailUrl":"https:\/\/www.arquimaster.com.ar\/web\/wp-content\/uploads\/2024\/10\/casa_madeira_slide.jpg","keywords":["arquitectura residencial","Boide Interiorismo","Merida","Mexico","vivienda unifamiliar","Yucatan"],"articleSection":["Proyecto","Vivienda unifamiliar y PH"],"inLanguage":"es"},{"@type":"WebPage","@id":"https:\/\/www.arquimaster.com.ar\/web\/casa-madeira-boide-interiorismo\/","url":"https:\/\/www.arquimaster.com.ar\/web\/casa-madeira-boide-interiorismo\/","name":"Casa Madeira \/ Boide Interiorismo - Arquimaster","isPartOf":{"@id":"https:\/\/www.arquimaster.com.ar\/web\/#website"},"primaryImageOfPage":{"@id":"https:\/\/www.arquimaster.com.ar\/web\/casa-madeira-boide-interiorismo\/#primaryimage"},"image":{"@id":"https:\/\/www.arquimaster.com.ar\/web\/casa-madeira-boide-interiorismo\/#primaryimage"},"thumbnailUrl":"https:\/\/www.arquimaster.com.ar\/web\/wp-content\/uploads\/2024\/10\/casa_madeira_slide.jpg","datePublished":"2024-10-23T21:37:19+00:00","dateModified":"2025-07-24T23:05:50+00:00","description":"Una casa de espacios amplios, limpios e iluminados para poder recibir a la familia y albergar una colecci\u00f3n de arte.","breadcrumb":{"@id":"https:\/\/www.arquimaster.com.ar\/web\/casa-madeira-boide-interiorismo\/#breadcrumb"},"inLanguage":"es","potentialAction":[{"@type":"ReadAction","target":["https:\/\/www.arquimaster.com.ar\/web\/casa-madeira-boide-interiorismo\/"]}]},{"@type":"ImageObject","inLanguage":"es","@id":"https:\/\/www.arquimaster.com.ar\/web\/casa-madeira-boide-interiorismo\/#primaryimage","url":"https:\/\/www.arquimaster.com.ar\/web\/wp-content\/uploads\/2024\/10\/casa_madeira_slide.jpg","contentUrl":"https:\/\/www.arquimaster.com.ar\/web\/wp-content\/uploads\/2024\/10\/casa_madeira_slide.jpg","width":698,"height":364,"caption":"Casa Madeira \/ Boide Interiorismo"},{"@type":"BreadcrumbList","@id":"https:\/\/www.arquimaster.com.ar\/web\/casa-madeira-boide-interiorismo\/#breadcrumb","itemListElement":[{"@type":"ListItem","position":1,"name":"Portada","item":"https:\/\/www.arquimaster.com.ar\/web\/"},{"@type":"ListItem","position":2,"name":"Casa Madeira \/ Boide Interiorismo"}]},{"@type":"WebSite","@id":"https:\/\/www.arquimaster.com.ar\/web\/#website","url":"https:\/\/www.arquimaster.com.ar\/web\/","name":"Arquimaster","description":"Web de arquitectura, dise\u00f1o y construccion","publisher":{"@id":"https:\/\/www.arquimaster.com.ar\/web\/#organization"},"potentialAction":[{"@type":"SearchAction","target":{"@type":"EntryPoint","urlTemplate":"https:\/\/www.arquimaster.com.ar\/web\/?s={search_term_string}"},"query-input":{"@type":"PropertyValueSpecification","valueRequired":true,"valueName":"search_term_string"}}],"inLanguage":"es"},{"@type":"Organization","@id":"https:\/\/www.arquimaster.com.ar\/web\/#organization","name":"Arquimaster","url":"https:\/\/www.arquimaster.com.ar\/web\/","logo":{"@type":"ImageObject","inLanguage":"es","@id":"https:\/\/www.arquimaster.com.ar\/web\/#\/schema\/logo\/image\/","url":"https:\/\/www.arquimaster.com.ar\/web\/wp-content\/uploads\/2022\/06\/arquimaster.png","contentUrl":"https:\/\/www.arquimaster.com.ar\/web\/wp-content\/uploads\/2022\/06\/arquimaster.png","width":594,"height":78,"caption":"Arquimaster"},"image":{"@id":"https:\/\/www.arquimaster.com.ar\/web\/#\/schema\/logo\/image\/"},"sameAs":["http:\/\/www.facebook.com\/ARQUIMASTER.com.ar","https:\/\/x.com\/arquimaster","https:\/\/www.instagram.com\/arquimasterblog\/","https:\/\/www.linkedin.com\/company\/arquimaster","https:\/\/www.pinterest.com\/arquimaster","https:\/\/t.me\/arquimaster"]},{"@type":"Person","@id":"https:\/\/www.arquimaster.com.ar\/web\/#\/schema\/person\/359e9f7c00193fcde068e0dd2ceb0028","name":"Arquimaster"}]}},"uagb_featured_image_src":{"full":["https:\/\/www.arquimaster.com.ar\/web\/wp-content\/uploads\/2024\/10\/casa_madeira_slide.jpg",698,364,false],"thumbnail":["https:\/\/www.arquimaster.com.ar\/web\/wp-content\/uploads\/2024\/10\/casa_madeira_slide-150x150.jpg",150,150,true],"medium":["https:\/\/www.arquimaster.com.ar\/web\/wp-content\/uploads\/2024\/10\/casa_madeira_slide.jpg",698,364,false],"medium_large":["https:\/\/www.arquimaster.com.ar\/web\/wp-content\/uploads\/2024\/10\/casa_madeira_slide.jpg",698,364,false],"large":["https:\/\/www.arquimaster.com.ar\/web\/wp-content\/uploads\/2024\/10\/casa_madeira_slide.jpg",698,364,false],"1536x1536":["https:\/\/www.arquimaster.com.ar\/web\/wp-content\/uploads\/2024\/10\/casa_madeira_slide.jpg",698,364,false],"2048x2048":["https:\/\/www.arquimaster.com.ar\/web\/wp-content\/uploads\/2024\/10\/casa_madeira_slide.jpg",698,364,false]},"uagb_author_info":{"display_name":"Arquimaster","author_link":"https:\/\/www.arquimaster.com.ar\/web\/author\/arquimaster\/"},"uagb_comment_info":0,"uagb_excerpt":"Espacios amplios, limpios e iluminados para albergar una colecci\u00f3n de arte...","_links":{"self":[{"href":"https:\/\/www.arquimaster.com.ar\/web\/wp-json\/wp\/v2\/posts\/81610","targetHints":{"allow":["GET"]}}],"collection":[{"href":"https:\/\/www.arquimaster.com.ar\/web\/wp-json\/wp\/v2\/posts"}],"about":[{"href":"https:\/\/www.arquimaster.com.ar\/web\/wp-json\/wp\/v2\/types\/post"}],"author":[{"embeddable":true,"href":"https:\/\/www.arquimaster.com.ar\/web\/wp-json\/wp\/v2\/users\/1"}],"replies":[{"embeddable":true,"href":"https:\/\/www.arquimaster.com.ar\/web\/wp-json\/wp\/v2\/comments?post=81610"}],"version-history":[{"count":3,"href":"https:\/\/www.arquimaster.com.ar\/web\/wp-json\/wp\/v2\/posts\/81610\/revisions"}],"predecessor-version":[{"id":85108,"href":"https:\/\/www.arquimaster.com.ar\/web\/wp-json\/wp\/v2\/posts\/81610\/revisions\/85108"}],"wp:featuredmedia":[{"embeddable":true,"href":"https:\/\/www.arquimaster.com.ar\/web\/wp-json\/wp\/v2\/media\/81611"}],"wp:attachment":[{"href":"https:\/\/www.arquimaster.com.ar\/web\/wp-json\/wp\/v2\/media?parent=81610"}],"wp:term":[{"taxonomy":"category","embeddable":true,"href":"https:\/\/www.arquimaster.com.ar\/web\/wp-json\/wp\/v2\/categories?post=81610"},{"taxonomy":"post_tag","embeddable":true,"href":"https:\/\/www.arquimaster.com.ar\/web\/wp-json\/wp\/v2\/tags?post=81610"}],"curies":[{"name":"wp","href":"https:\/\/api.w.org\/{rel}","templated":true}]}}