{"id":8167,"date":"2014-06-29T10:35:01","date_gmt":"2014-06-29T10:35:01","guid":{"rendered":"http:\/\/www.arquimaster.com.ar\/web\/?p=8167"},"modified":"2026-03-28T18:25:31","modified_gmt":"2026-03-28T21:25:31","slug":"antenna-workspaces-nuevas-tendencias-para-oficinas-presentadas-por-interieur-forma","status":"publish","type":"post","link":"https:\/\/www.arquimaster.com.ar\/web\/antenna-workspaces-nuevas-tendencias-para-oficinas-presentadas-por-interieur-forma\/","title":{"rendered":"Antenna Workspaces\u00ae: nuevas tendencias para oficinas presentadas por Interieur Forma"},"content":{"rendered":"<div style=\"margin-top: 0px; margin-bottom: 0px;\" class=\"sharethis-inline-share-buttons\" ><\/div><div class=\"b812932af2e751442846f039925109de\" data-index=\"1\" style=\"float: none; margin:25px 0 25px 0; text-align:center;\">\n<script async src=\"https:\/\/pagead2.googlesyndication.com\/pagead\/js\/adsbygoogle.js\"><\/script>\r\n<!-- Arquimaster (superior) -->\r\n<ins class=\"adsbygoogle\"\r\n     style=\"display:block\"\r\n     data-ad-client=\"ca-pub-6351072698456832\"\r\n     data-ad-slot=\"6455489680\"\r\n     data-ad-format=\"auto\"\r\n     data-full-width-responsive=\"true\"><\/ins>\r\n<script>\r\n     (adsbygoogle = window.adsbygoogle || []).push({});\r\n<\/script>\n<\/div>\n<p><em><strong>Interieur Forma present\u00f3 para Argentina y toda la regi\u00f3n el sistema de equipamiento corporativo Antenna Workspaces\u00ae, que se alinea con las nuevas tendencias para espacios de trabajo, desarrollado por la innovadora firma mundial Knoll. El lanzamiento de Antenna Workspaces\u00ae se realiz\u00f3 con la presencia de sus dise\u00f1adores, Masamichi Udagawa y Sigi Moeslinger, de Antenna Design de Nueva York, as\u00ed como el dise\u00f1ador del showroom de Knoll, Kenji Ito.<\/strong><\/em><\/p>\n<div id='gallery-1' class='gallery galleryid-8167 gallery-columns-3 gallery-size-thumbnail'><figure class='gallery-item'>\n\t\t\t<div class='gallery-icon landscape'>\n\t\t\t\t<a href='https:\/\/www.arquimaster.com.ar\/web\/wp-content\/uploads\/2014\/06\/antenna_workspaces11.jpg' title=\"Antenna Workspaces\u00ae: nuevas tendencias para oficinas presentadas por Interieur Forma\" data-rl_title=\"Antenna Workspaces\u00ae: nuevas tendencias para oficinas presentadas por Interieur Forma\" class=\"rl-gallery-link\" data-rl_caption=\"Antenna Workspaces\u00ae: nuevas tendencias para oficinas presentadas por Interieur Forma\" data-rel=\"lightbox-gallery-1\"><img loading=\"lazy\" decoding=\"async\" width=\"150\" height=\"150\" src=\"https:\/\/www.arquimaster.com.ar\/web\/wp-content\/uploads\/2014\/06\/antenna_workspaces11-150x150.jpg\" class=\"attachment-thumbnail size-thumbnail\" alt=\"\" aria-describedby=\"gallery-1-8169\" srcset=\"https:\/\/www.arquimaster.com.ar\/web\/wp-content\/uploads\/2014\/06\/antenna_workspaces11-150x150.jpg 150w, https:\/\/www.arquimaster.com.ar\/web\/wp-content\/uploads\/2014\/06\/antenna_workspaces11-50x50.jpg 50w, https:\/\/www.arquimaster.com.ar\/web\/wp-content\/uploads\/2014\/06\/antenna_workspaces11-125x125.jpg 125w\" sizes=\"auto, (max-width: 150px) 100vw, 150px\" \/><\/a>\n\t\t\t<\/div>\n\t\t\t\t<figcaption class='wp-caption-text gallery-caption' id='gallery-1-8169'>\n\t\t\t\tAntenna Workspaces\u00ae: nuevas tendencias para oficinas presentadas por Interieur Forma\n\t\t\t\t<\/figcaption><\/figure><figure class='gallery-item'>\n\t\t\t<div class='gallery-icon landscape'>\n\t\t\t\t<a href='https:\/\/www.arquimaster.com.ar\/web\/wp-content\/uploads\/2014\/06\/antenna_workspaces21.jpg' title=\"Antenna Workspaces\u00ae: nuevas tendencias para oficinas presentadas por Interieur Forma\" data-rl_title=\"Antenna Workspaces\u00ae: nuevas tendencias para oficinas presentadas por Interieur Forma\" class=\"rl-gallery-link\" data-rl_caption=\"Antenna Workspaces\u00ae: nuevas tendencias para oficinas presentadas por Interieur Forma\" data-rel=\"lightbox-gallery-1\"><img loading=\"lazy\" decoding=\"async\" width=\"150\" height=\"150\" src=\"https:\/\/www.arquimaster.com.ar\/web\/wp-content\/uploads\/2014\/06\/antenna_workspaces21-150x150.jpg\" class=\"attachment-thumbnail size-thumbnail\" alt=\"\" aria-describedby=\"gallery-1-8170\" srcset=\"https:\/\/www.arquimaster.com.ar\/web\/wp-content\/uploads\/2014\/06\/antenna_workspaces21-150x150.jpg 150w, https:\/\/www.arquimaster.com.ar\/web\/wp-content\/uploads\/2014\/06\/antenna_workspaces21-50x50.jpg 50w, https:\/\/www.arquimaster.com.ar\/web\/wp-content\/uploads\/2014\/06\/antenna_workspaces21-125x125.jpg 125w\" sizes=\"auto, (max-width: 150px) 100vw, 150px\" \/><\/a>\n\t\t\t<\/div>\n\t\t\t\t<figcaption class='wp-caption-text gallery-caption' id='gallery-1-8170'>\n\t\t\t\tAntenna Workspaces\u00ae: nuevas tendencias para oficinas presentadas por Interieur Forma\n\t\t\t\t<\/figcaption><\/figure><figure class='gallery-item'>\n\t\t\t<div class='gallery-icon landscape'>\n\t\t\t\t<a href='https:\/\/www.arquimaster.com.ar\/web\/wp-content\/uploads\/2014\/06\/antenna_workspaces31.jpg' title=\"Antenna Workspaces\u00ae: nuevas tendencias para oficinas presentadas por Interieur Forma\" data-rl_title=\"Antenna Workspaces\u00ae: nuevas tendencias para oficinas presentadas por Interieur Forma\" class=\"rl-gallery-link\" data-rl_caption=\"Antenna Workspaces\u00ae: nuevas tendencias para oficinas presentadas por Interieur Forma\" data-rel=\"lightbox-gallery-1\"><img loading=\"lazy\" decoding=\"async\" width=\"150\" height=\"150\" src=\"https:\/\/www.arquimaster.com.ar\/web\/wp-content\/uploads\/2014\/06\/antenna_workspaces31-150x150.jpg\" class=\"attachment-thumbnail size-thumbnail\" alt=\"\" aria-describedby=\"gallery-1-8171\" srcset=\"https:\/\/www.arquimaster.com.ar\/web\/wp-content\/uploads\/2014\/06\/antenna_workspaces31-150x150.jpg 150w, https:\/\/www.arquimaster.com.ar\/web\/wp-content\/uploads\/2014\/06\/antenna_workspaces31-50x50.jpg 50w, https:\/\/www.arquimaster.com.ar\/web\/wp-content\/uploads\/2014\/06\/antenna_workspaces31-125x125.jpg 125w\" sizes=\"auto, (max-width: 150px) 100vw, 150px\" \/><\/a>\n\t\t\t<\/div>\n\t\t\t\t<figcaption class='wp-caption-text gallery-caption' id='gallery-1-8171'>\n\t\t\t\tAntenna Workspaces\u00ae: nuevas tendencias para oficinas presentadas por Interieur Forma\n\t\t\t\t<\/figcaption><\/figure><figure class='gallery-item'>\n\t\t\t<div class='gallery-icon landscape'>\n\t\t\t\t<a href='https:\/\/www.arquimaster.com.ar\/web\/wp-content\/uploads\/2014\/06\/antenna_workspaces41.jpg' title=\"Antenna Workspaces\u00ae: nuevas tendencias para oficinas presentadas por Interieur Forma\" data-rl_title=\"Antenna Workspaces\u00ae: nuevas tendencias para oficinas presentadas por Interieur Forma\" class=\"rl-gallery-link\" data-rl_caption=\"Antenna Workspaces\u00ae: nuevas tendencias para oficinas presentadas por Interieur Forma\" data-rel=\"lightbox-gallery-1\"><img loading=\"lazy\" decoding=\"async\" width=\"150\" height=\"150\" src=\"https:\/\/www.arquimaster.com.ar\/web\/wp-content\/uploads\/2014\/06\/antenna_workspaces41-150x150.jpg\" class=\"attachment-thumbnail size-thumbnail\" alt=\"\" aria-describedby=\"gallery-1-8172\" srcset=\"https:\/\/www.arquimaster.com.ar\/web\/wp-content\/uploads\/2014\/06\/antenna_workspaces41-150x150.jpg 150w, https:\/\/www.arquimaster.com.ar\/web\/wp-content\/uploads\/2014\/06\/antenna_workspaces41-50x50.jpg 50w, https:\/\/www.arquimaster.com.ar\/web\/wp-content\/uploads\/2014\/06\/antenna_workspaces41-125x125.jpg 125w\" sizes=\"auto, (max-width: 150px) 100vw, 150px\" \/><\/a>\n\t\t\t<\/div>\n\t\t\t\t<figcaption class='wp-caption-text gallery-caption' id='gallery-1-8172'>\n\t\t\t\tAntenna Workspaces\u00ae: nuevas tendencias para oficinas presentadas por Interieur Forma\n\t\t\t\t<\/figcaption><\/figure><figure class='gallery-item'>\n\t\t\t<div class='gallery-icon landscape'>\n\t\t\t\t<a href='https:\/\/www.arquimaster.com.ar\/web\/wp-content\/uploads\/2014\/06\/antenna_workspaces5.jpg' title=\"Antenna Workspaces\u00ae: nuevas tendencias para oficinas presentadas por Interieur Forma\" data-rl_title=\"Antenna Workspaces\u00ae: nuevas tendencias para oficinas presentadas por Interieur Forma\" class=\"rl-gallery-link\" data-rl_caption=\"Antenna Workspaces\u00ae: nuevas tendencias para oficinas presentadas por Interieur Forma\" data-rel=\"lightbox-gallery-1\"><img loading=\"lazy\" decoding=\"async\" width=\"150\" height=\"150\" src=\"https:\/\/www.arquimaster.com.ar\/web\/wp-content\/uploads\/2014\/06\/antenna_workspaces5-150x150.jpg\" class=\"attachment-thumbnail size-thumbnail\" alt=\"\" aria-describedby=\"gallery-1-8173\" srcset=\"https:\/\/www.arquimaster.com.ar\/web\/wp-content\/uploads\/2014\/06\/antenna_workspaces5-150x150.jpg 150w, https:\/\/www.arquimaster.com.ar\/web\/wp-content\/uploads\/2014\/06\/antenna_workspaces5-50x50.jpg 50w, https:\/\/www.arquimaster.com.ar\/web\/wp-content\/uploads\/2014\/06\/antenna_workspaces5-125x125.jpg 125w\" sizes=\"auto, (max-width: 150px) 100vw, 150px\" \/><\/a>\n\t\t\t<\/div>\n\t\t\t\t<figcaption class='wp-caption-text gallery-caption' id='gallery-1-8173'>\n\t\t\t\tAntenna Workspaces\u00ae: nuevas tendencias para oficinas presentadas por Interieur Forma\n\t\t\t\t<\/figcaption><\/figure><figure class='gallery-item'>\n\t\t\t<div class='gallery-icon landscape'>\n\t\t\t\t<a href='https:\/\/www.arquimaster.com.ar\/web\/wp-content\/uploads\/2014\/06\/antenna_workspaces6.jpg' title=\"Antenna Workspaces\u00ae: nuevas tendencias para oficinas presentadas por Interieur Forma\" data-rl_title=\"Antenna Workspaces\u00ae: nuevas tendencias para oficinas presentadas por Interieur Forma\" class=\"rl-gallery-link\" data-rl_caption=\"Antenna Workspaces\u00ae: nuevas tendencias para oficinas presentadas por Interieur Forma\" data-rel=\"lightbox-gallery-1\"><img loading=\"lazy\" decoding=\"async\" width=\"150\" height=\"150\" src=\"https:\/\/www.arquimaster.com.ar\/web\/wp-content\/uploads\/2014\/06\/antenna_workspaces6-150x150.jpg\" class=\"attachment-thumbnail size-thumbnail\" alt=\"\" aria-describedby=\"gallery-1-8174\" srcset=\"https:\/\/www.arquimaster.com.ar\/web\/wp-content\/uploads\/2014\/06\/antenna_workspaces6-150x150.jpg 150w, https:\/\/www.arquimaster.com.ar\/web\/wp-content\/uploads\/2014\/06\/antenna_workspaces6-50x50.jpg 50w, https:\/\/www.arquimaster.com.ar\/web\/wp-content\/uploads\/2014\/06\/antenna_workspaces6-125x125.jpg 125w\" sizes=\"auto, (max-width: 150px) 100vw, 150px\" \/><\/a>\n\t\t\t<\/div>\n\t\t\t\t<figcaption class='wp-caption-text gallery-caption' id='gallery-1-8174'>\n\t\t\t\tAntenna Workspaces\u00ae: nuevas tendencias para oficinas presentadas por Interieur Forma\n\t\t\t\t<\/figcaption><\/figure><figure class='gallery-item'>\n\t\t\t<div class='gallery-icon portrait'>\n\t\t\t\t<a href='https:\/\/www.arquimaster.com.ar\/web\/wp-content\/uploads\/2014\/06\/antenna_workspaces7.jpg' title=\"Antenna Workspaces\u00ae: nuevas tendencias para oficinas presentadas por Interieur Forma\" data-rl_title=\"Antenna Workspaces\u00ae: nuevas tendencias para oficinas presentadas por Interieur Forma\" class=\"rl-gallery-link\" data-rl_caption=\"Antenna Workspaces\u00ae: nuevas tendencias para oficinas presentadas por Interieur Forma\" data-rel=\"lightbox-gallery-1\"><img loading=\"lazy\" decoding=\"async\" width=\"150\" height=\"150\" src=\"https:\/\/www.arquimaster.com.ar\/web\/wp-content\/uploads\/2014\/06\/antenna_workspaces7-150x150.jpg\" class=\"attachment-thumbnail size-thumbnail\" alt=\"\" aria-describedby=\"gallery-1-8175\" srcset=\"https:\/\/www.arquimaster.com.ar\/web\/wp-content\/uploads\/2014\/06\/antenna_workspaces7-150x150.jpg 150w, https:\/\/www.arquimaster.com.ar\/web\/wp-content\/uploads\/2014\/06\/antenna_workspaces7-50x50.jpg 50w, https:\/\/www.arquimaster.com.ar\/web\/wp-content\/uploads\/2014\/06\/antenna_workspaces7-125x125.jpg 125w\" sizes=\"auto, (max-width: 150px) 100vw, 150px\" \/><\/a>\n\t\t\t<\/div>\n\t\t\t\t<figcaption class='wp-caption-text gallery-caption' id='gallery-1-8175'>\n\t\t\t\tAntenna Workspaces\u00ae: nuevas tendencias para oficinas presentadas por Interieur Forma\n\t\t\t\t<\/figcaption><\/figure><figure class='gallery-item'>\n\t\t\t<div class='gallery-icon portrait'>\n\t\t\t\t<a href='https:\/\/www.arquimaster.com.ar\/web\/wp-content\/uploads\/2014\/06\/antenna_workspaces8.jpg' title=\"Antenna Workspaces\u00ae: nuevas tendencias para oficinas presentadas por Interieur Forma\" data-rl_title=\"Antenna Workspaces\u00ae: nuevas tendencias para oficinas presentadas por Interieur Forma\" class=\"rl-gallery-link\" data-rl_caption=\"Antenna Workspaces\u00ae: nuevas tendencias para oficinas presentadas por Interieur Forma\" data-rel=\"lightbox-gallery-1\"><img loading=\"lazy\" decoding=\"async\" width=\"150\" height=\"150\" src=\"https:\/\/www.arquimaster.com.ar\/web\/wp-content\/uploads\/2014\/06\/antenna_workspaces8-150x150.jpg\" class=\"attachment-thumbnail size-thumbnail\" alt=\"\" aria-describedby=\"gallery-1-8176\" srcset=\"https:\/\/www.arquimaster.com.ar\/web\/wp-content\/uploads\/2014\/06\/antenna_workspaces8-150x150.jpg 150w, https:\/\/www.arquimaster.com.ar\/web\/wp-content\/uploads\/2014\/06\/antenna_workspaces8-50x50.jpg 50w, https:\/\/www.arquimaster.com.ar\/web\/wp-content\/uploads\/2014\/06\/antenna_workspaces8-125x125.jpg 125w\" sizes=\"auto, (max-width: 150px) 100vw, 150px\" \/><\/a>\n\t\t\t<\/div>\n\t\t\t\t<figcaption class='wp-caption-text gallery-caption' id='gallery-1-8176'>\n\t\t\t\tAntenna Workspaces\u00ae: nuevas tendencias para oficinas presentadas por Interieur Forma\n\t\t\t\t<\/figcaption><\/figure>\n\t\t<\/div>\n\n<p>La tendencia mundial en oficinas son los espacios de trabajo con din\u00e1mica colaborativa, donde el dise\u00f1o de equipamiento se alinea con conceptos de movilidad, planificaci\u00f3n, flexibilidad, diversidad, conexiones tecnol\u00f3gicas y enfoques alternativos a los l\u00edmites entre \u00e1reas y la privacidad. Una de las empresas que lidera la tendencia mundial y las innovaciones para el equipamiento de espacios de trabajo es Knoll, cuyo representante para Argentina y Sudam\u00e9rica es Interieur Forma, que acaba de presentar el sistema <strong>Antenna Workspaces\u00ae<\/strong>.<\/p>\n<p>Este sistema de muebles corporativos propone nuevas respuestas a los desaf\u00edos del espacio de trabajo ya que est\u00e1 dise\u00f1ado para aumentar las interacciones sociales, espaciales y de informaci\u00f3n entre las personas. El lanzamiento de Antenna Workspaces\u00ae se realiz\u00f3 en <strong>Interieur Form<\/strong>a con la presencia de sus autores,<strong> Masamichi Udagawa<\/strong> -Jap\u00f3n- y <strong>Sigi Moeslinger<\/strong> -Austria- del estudio neoyorquino Antenna Design, as\u00ed como el dise\u00f1ador del showroom de Knoll, <strong>Kenji Ito<\/strong>. El dise\u00f1ador Masamichi Udagawa explic\u00f3: <em>\u00abEl entorno de trabajo est\u00e1 cambiando muy r\u00e1pidamente hacia la generaci\u00f3n de espacios para la mejor calidad de vida en el ambiente laboral, y que propicien la interacci\u00f3n social en ambientes m\u00e1s c\u00f3modos y confortables. El sistema de puestos de trabajo Antenna Workspaces\u00ae buscar captar este esp\u00edritu de cambio, donde nuestra misi\u00f3n como dise\u00f1adores es causar un mejor efecto en la vida de los trabajadores. Est\u00e1 construido en torno a una base de mesa con l\u00edneas puras, que va creciendo para apoyar una variedad de configuraciones de trabajo, como escritorios y mesas combinadas con archivos y pantallas, creando soluciones intuitivas para la interacci\u00f3n social o el trabajo individual\u00bb<\/em>.<\/p>\n<p>Sigi Moeslinger agrega: <em>\u00abHoy en d\u00eda es tan importante la mayor productividad como ponderar el bienestar f\u00edsico, social y cognitivo de las personas. Los espacios de trabajo colaborativo apuntan a la calidad de vida y van m\u00e1s all\u00e1 al instalar los conceptos de creatividad, relax y placer. Otro concepto vinculado a esta tendencia es el uso de los espacios in between -entre los espacios de trabajo-, utilizado mayormente para reuniones informales o zonas de relax, que cada vez son m\u00e1s requeridos por las empresas a nivel mundial\u00bb<\/em>. Continua:<em> \u00abLa raz\u00f3n por la cual los empleados trabajan desde una oficina, habiendo tecnolog\u00edas que impulsan el trabajo remoto, es aprovechar al m\u00e1ximo la interacci\u00f3n social, la motivaci\u00f3n y el aprendizaje que se puede propiciar desde la configuraci\u00f3n de los puestos de trabajo. Es por ello que desde el lanzamiento en Estados Unidos de Antenna Workspaces\u00ae en 2010 siempre estuvimos innovando con nuevos elementos para hacer m\u00e1s \u00e9nfasis en estos conceptos. Hemos desarrollado tambi\u00e9n escritorios el\u00e9ctricos regulables, para que las personas puedan cambiar su posici\u00f3n en las ocho horas diarias de trabajo, incluyendo como por ejemplo, la posibilidad de sentarse espont\u00e1neamente en el escritorio. Adem\u00e1s, dise\u00f1amos para este sistema, accesorios como la l\u00e1mpara de led Sparrow con soporte flexible, y la silla Toboggan, de aspecto sencillo, similar a un pupitre, que puede servir tanto para oficinas o espacios p\u00fablicos\u00bb<\/em>.<\/p>\n<p>Respecto a la sustentabilidad, Masamichi Udagawa concluye: <em>\u00abTrabajamos con las \u00faltimas tendencias en conceptos y normas de ergonometr\u00eda y sustentabilidad, incluyendo la utilizaci\u00f3n de componentes reciclables como el aluminio. Nuestro objetivo es utilizar la menor cantidad de material posible, tanto como criterio ecol\u00f3gico, como para otorgar mayor elegancia y una sensaci\u00f3n de liviandad en el espacio de trabajo\u00bb<\/em>.<\/p>\n<p>Los directivos de Interieur Forma <strong>Susi Aczel<\/strong>, <strong>Alejandra Aczel<\/strong>, <strong>Alberto Eisler<\/strong> y<strong> Gabriel Hakel<\/strong> se refirieron a la importancia de la presentaci\u00f3n de Antenna Workspaces\u00ae en nuestro pa\u00eds: <em>\u00abEs un orgullo para Interieur Forma presentar este sistema de equipamiento que aporta las \u00faltimas tendencias en espacios corporativos a nivel mundial. Nuestros clientes que tienen sedes en distintas partes del mundo pueden lograr una misma imagen corporativa. Antenna Workspaces\u00ae fue lanzado desde Estados Unidos a Europa, Asia, y hoy llega a nuestro pa\u00eds con las \u00faltimas mejoras y actualizaciones, para ser fabricado con la m\u00e1xima calidad en nuestra planta de San Fernando y exportado a pa\u00edses de la regi\u00f3n\u00bb<\/em>.<\/p>\n<p><strong>Acerca de Interieur Forma<\/strong><br \/>\nInterieur Forma es una empresa fundada en 1959, especializada en equipamiento de oficinas, bancos, hoteles, call centers y auditorios. Cuenta con un showroom de 900 m2 en Puerto Madero y una f\u00e1brica en San Fernando de 7.000 m2 y con un total de 160 empleados. Es representante para Argentina y Sudam\u00e9rica de la firma Knoll, internacionalmente considerada una de las m\u00e1s importantes empresas en equipamiento, tanto por sus productos de dise\u00f1o cl\u00e1sico moderno, como por sus innovadores y sofisticados modelos contempor\u00e1neos.<\/p>\n<p><strong>Acerca de los dise\u00f1adores de Antenna\u00ae<\/strong><\/p>\n<p><strong>Masamichi Udagadawa<\/strong><br \/>\nNacido en Tokio, se recibi\u00f3 en la Chiba University en Jap\u00f3n y se uni\u00f3 a Yamaha Product Design Laboratory en 1987. All\u00ed dise\u00f1\u00f3 instrumentos musicales electr\u00f3nicos, incluyendo un sintetizador premiado, el YS200. Luego de recibir su MFA del Cranbrook Accademy of Art en 1991, trabaj\u00f3 con Emilio Ambasz Design Group en Nueva York, donde dise\u00f1\u00f3 la premiada Hankerchief TV. Desde 1992 hasta 1995 Masammichi fue dise\u00f1ador Senior en Apple Computer Industrial Design Group en Cupertino, CA, donde dise\u00f1\u00f3 una cantidad de productos, como la serie Power Book 5300\/3400. Tambi\u00e9n trabaj\u00f3 junto con el laboratorio de investigaci\u00f3n de Apple, Advanced Technology Group, en projectos de investigaci\u00f3n sobre experiencias novedosas de usuarios. Entre 1995 y 1997 trabaj\u00f3 en un estudio sat\u00e9lite en New York, de Ideo Product Development. Masamichi Udagadawa ha recibido numerosos premios al dise\u00f1o, incluyendo IDEA Gold Awards, ID Magazine\u00b4s Best-of-Category and First Prize of Japan&#8217;s Good Design Award. Tambi\u00e9n est\u00e1 involucrado en la ense\u00f1aza, desde 1992. Actualmente es profesor visitante y cr\u00edtico en la Yale University School of Art.<\/p>\n<p><strong>Sigi Moeslinger<\/strong><br \/>\nNacida en Viena, Austria. Luego de estudiar dise\u00f1o industrial en Austria, Suiza y Estados Unidos, Sigi se recibi\u00f3 en Art Center College of Design, Pasadena, luego se uni\u00f3 a Ideo Product Development en San Francisco, en 1991. All\u00ed trabaj\u00f3 en proyectos para clientes como NEC, Marsushitay GM\/Hughes. Luego de obtener un Master de la New York University Interactive Telecommunications Program en 1996, Sigi trabaj\u00f3 como investigadora interna en NYU y en Interval en Palo Alto. Su trabajo de investigaci\u00f3n se centraba en la creaci\u00f3n de objetos \u00abhibridos\u00bb, abarcando tanto el campo f\u00edsico como virtual. Sigi ha recibido muchos premios, incluyendo IDEA Gold &amp; Silver, ID Magazine Awards and a German IF Award. Sigi tambi\u00e9n ha estado involucrada en la ense\u00f1anza de dise\u00f1o desde 1997. Actualmente es profesora visitante y cr\u00edtica en la Yale University School of Art.<\/p>\n\n<div style=\"font-size: 0px; height: 0px; line-height: 0px; margin: 0; padding: 0; clear: both;\"><\/div><div style=\"margin-top: 0px; margin-bottom: 0px;\" class=\"sharethis-inline-share-buttons\" ><\/div>","protected":false},"excerpt":{"rendered":"<p>El equipamiento corporativo se alinea con las nuevas tendencias para espacios de trabajo&#8230;<\/p>\n","protected":false},"author":1,"featured_media":8168,"comment_status":"closed","ping_status":"closed","sticky":false,"template":"","format":"standard","meta":{"_uag_custom_page_level_css":"","footnotes":""},"categories":[55,56],"tags":[2058,2054,1294,1293,2053,2059,2055,2183,255,2057,1292],"class_list":["post-8167","post","type-post","status-publish","format-standard","has-post-thumbnail","hentry","category-diseno","category-diseno-interior-decoracion","tag-antenna-design","tag-antenna-workspaces","tag-diseno-de-oficinas","tag-espacios-de-trabajo","tag-interieur-forma","tag-kenji-ito","tag-knoll","tag-masamichi-udagadawa","tag-oficinas","tag-sigi-moeslinger","tag-workplaces","generate-columns","tablet-grid-50","mobile-grid-100","grid-parent","grid-50"],"yoast_head":"<!-- This site is optimized with the Yoast SEO plugin v27.3 - https:\/\/yoast.com\/product\/yoast-seo-wordpress\/ -->\n<title>Antenna Workspaces\u00ae: nuevas tendencias para oficinas presentadas por Interieur Forma - Arquimaster<\/title>\n<meta name=\"robots\" content=\"index, follow, max-snippet:-1, max-image-preview:large, max-video-preview:-1\" \/>\n<link rel=\"canonical\" href=\"https:\/\/www.arquimaster.com.ar\/web\/antenna-workspaces-nuevas-tendencias-para-oficinas-presentadas-por-interieur-forma\/\" \/>\n<meta property=\"og:locale\" content=\"es_ES\" \/>\n<meta property=\"og:type\" content=\"article\" \/>\n<meta property=\"og:title\" content=\"Antenna Workspaces\u00ae: nuevas tendencias para oficinas presentadas por Interieur Forma - Arquimaster\" \/>\n<meta property=\"og:description\" content=\"El equipamiento corporativo se alinea con las nuevas tendencias para espacios de trabajo...\" \/>\n<meta property=\"og:url\" content=\"https:\/\/www.arquimaster.com.ar\/web\/antenna-workspaces-nuevas-tendencias-para-oficinas-presentadas-por-interieur-forma\/\" \/>\n<meta property=\"og:site_name\" content=\"Arquimaster\" \/>\n<meta property=\"article:publisher\" content=\"http:\/\/www.facebook.com\/ARQUIMASTER.com.ar\" \/>\n<meta property=\"article:published_time\" content=\"2014-06-29T10:35:01+00:00\" \/>\n<meta property=\"article:modified_time\" content=\"2026-03-28T21:25:31+00:00\" \/>\n<meta property=\"og:image\" content=\"https:\/\/www.arquimaster.com.ar\/web\/wp-content\/uploads\/2014\/06\/antenna_workspaces_slide1.jpg\" \/>\n\t<meta property=\"og:image:width\" content=\"642\" \/>\n\t<meta property=\"og:image:height\" content=\"350\" \/>\n\t<meta property=\"og:image:type\" content=\"image\/jpeg\" \/>\n<meta name=\"author\" content=\"Arquimaster\" \/>\n<meta name=\"twitter:card\" content=\"summary_large_image\" \/>\n<meta name=\"twitter:creator\" content=\"@arquimaster\" \/>\n<meta name=\"twitter:site\" content=\"@arquimaster\" \/>\n<meta name=\"twitter:label1\" content=\"Escrito por\" \/>\n\t<meta name=\"twitter:data1\" content=\"Arquimaster\" \/>\n\t<meta name=\"twitter:label2\" content=\"Tiempo de lectura\" \/>\n\t<meta name=\"twitter:data2\" content=\"6 minutos\" \/>\n<script type=\"application\/ld+json\" class=\"yoast-schema-graph\">{\"@context\":\"https:\\\/\\\/schema.org\",\"@graph\":[{\"@type\":\"Article\",\"@id\":\"https:\\\/\\\/www.arquimaster.com.ar\\\/web\\\/antenna-workspaces-nuevas-tendencias-para-oficinas-presentadas-por-interieur-forma\\\/#article\",\"isPartOf\":{\"@id\":\"https:\\\/\\\/www.arquimaster.com.ar\\\/web\\\/antenna-workspaces-nuevas-tendencias-para-oficinas-presentadas-por-interieur-forma\\\/\"},\"author\":{\"name\":\"Arquimaster\",\"@id\":\"https:\\\/\\\/www.arquimaster.com.ar\\\/web\\\/#\\\/schema\\\/person\\\/359e9f7c00193fcde068e0dd2ceb0028\"},\"headline\":\"Antenna Workspaces\u00ae: nuevas tendencias para oficinas presentadas por Interieur Forma\",\"datePublished\":\"2014-06-29T10:35:01+00:00\",\"dateModified\":\"2026-03-28T21:25:31+00:00\",\"mainEntityOfPage\":{\"@id\":\"https:\\\/\\\/www.arquimaster.com.ar\\\/web\\\/antenna-workspaces-nuevas-tendencias-para-oficinas-presentadas-por-interieur-forma\\\/\"},\"wordCount\":1203,\"publisher\":{\"@id\":\"https:\\\/\\\/www.arquimaster.com.ar\\\/web\\\/#organization\"},\"image\":{\"@id\":\"https:\\\/\\\/www.arquimaster.com.ar\\\/web\\\/antenna-workspaces-nuevas-tendencias-para-oficinas-presentadas-por-interieur-forma\\\/#primaryimage\"},\"thumbnailUrl\":\"https:\\\/\\\/www.arquimaster.com.ar\\\/web\\\/wp-content\\\/uploads\\\/2014\\\/06\\\/antenna_workspaces_slide1.jpg\",\"keywords\":[\"Antenna Design\",\"Antenna Workspaces\",\"dise\u00f1o de oficinas\",\"espacios de trabajo\",\"Interieur Forma\",\"Kenji Ito\",\"Knoll\",\"Masamichi Udagadawa\",\"oficinas\",\"Sigi Moeslinger\",\"workplaces\"],\"articleSection\":[\"Dise\u00f1o\",\"Dise\u00f1o interior y decoracion\"],\"inLanguage\":\"es\"},{\"@type\":\"WebPage\",\"@id\":\"https:\\\/\\\/www.arquimaster.com.ar\\\/web\\\/antenna-workspaces-nuevas-tendencias-para-oficinas-presentadas-por-interieur-forma\\\/\",\"url\":\"https:\\\/\\\/www.arquimaster.com.ar\\\/web\\\/antenna-workspaces-nuevas-tendencias-para-oficinas-presentadas-por-interieur-forma\\\/\",\"name\":\"Antenna Workspaces\u00ae: nuevas tendencias para oficinas presentadas por Interieur Forma - Arquimaster\",\"isPartOf\":{\"@id\":\"https:\\\/\\\/www.arquimaster.com.ar\\\/web\\\/#website\"},\"primaryImageOfPage\":{\"@id\":\"https:\\\/\\\/www.arquimaster.com.ar\\\/web\\\/antenna-workspaces-nuevas-tendencias-para-oficinas-presentadas-por-interieur-forma\\\/#primaryimage\"},\"image\":{\"@id\":\"https:\\\/\\\/www.arquimaster.com.ar\\\/web\\\/antenna-workspaces-nuevas-tendencias-para-oficinas-presentadas-por-interieur-forma\\\/#primaryimage\"},\"thumbnailUrl\":\"https:\\\/\\\/www.arquimaster.com.ar\\\/web\\\/wp-content\\\/uploads\\\/2014\\\/06\\\/antenna_workspaces_slide1.jpg\",\"datePublished\":\"2014-06-29T10:35:01+00:00\",\"dateModified\":\"2026-03-28T21:25:31+00:00\",\"breadcrumb\":{\"@id\":\"https:\\\/\\\/www.arquimaster.com.ar\\\/web\\\/antenna-workspaces-nuevas-tendencias-para-oficinas-presentadas-por-interieur-forma\\\/#breadcrumb\"},\"inLanguage\":\"es\",\"potentialAction\":[{\"@type\":\"ReadAction\",\"target\":[\"https:\\\/\\\/www.arquimaster.com.ar\\\/web\\\/antenna-workspaces-nuevas-tendencias-para-oficinas-presentadas-por-interieur-forma\\\/\"]}]},{\"@type\":\"ImageObject\",\"inLanguage\":\"es\",\"@id\":\"https:\\\/\\\/www.arquimaster.com.ar\\\/web\\\/antenna-workspaces-nuevas-tendencias-para-oficinas-presentadas-por-interieur-forma\\\/#primaryimage\",\"url\":\"https:\\\/\\\/www.arquimaster.com.ar\\\/web\\\/wp-content\\\/uploads\\\/2014\\\/06\\\/antenna_workspaces_slide1.jpg\",\"contentUrl\":\"https:\\\/\\\/www.arquimaster.com.ar\\\/web\\\/wp-content\\\/uploads\\\/2014\\\/06\\\/antenna_workspaces_slide1.jpg\",\"width\":642,\"height\":350},{\"@type\":\"BreadcrumbList\",\"@id\":\"https:\\\/\\\/www.arquimaster.com.ar\\\/web\\\/antenna-workspaces-nuevas-tendencias-para-oficinas-presentadas-por-interieur-forma\\\/#breadcrumb\",\"itemListElement\":[{\"@type\":\"ListItem\",\"position\":1,\"name\":\"Portada\",\"item\":\"https:\\\/\\\/www.arquimaster.com.ar\\\/web\\\/\"},{\"@type\":\"ListItem\",\"position\":2,\"name\":\"Antenna Workspaces\u00ae: nuevas tendencias para oficinas presentadas por Interieur Forma\"}]},{\"@type\":\"WebSite\",\"@id\":\"https:\\\/\\\/www.arquimaster.com.ar\\\/web\\\/#website\",\"url\":\"https:\\\/\\\/www.arquimaster.com.ar\\\/web\\\/\",\"name\":\"Arquimaster\",\"description\":\"Web de arquitectura, dise\u00f1o y construccion\",\"publisher\":{\"@id\":\"https:\\\/\\\/www.arquimaster.com.ar\\\/web\\\/#organization\"},\"potentialAction\":[{\"@type\":\"SearchAction\",\"target\":{\"@type\":\"EntryPoint\",\"urlTemplate\":\"https:\\\/\\\/www.arquimaster.com.ar\\\/web\\\/?s={search_term_string}\"},\"query-input\":{\"@type\":\"PropertyValueSpecification\",\"valueRequired\":true,\"valueName\":\"search_term_string\"}}],\"inLanguage\":\"es\"},{\"@type\":\"Organization\",\"@id\":\"https:\\\/\\\/www.arquimaster.com.ar\\\/web\\\/#organization\",\"name\":\"Arquimaster\",\"url\":\"https:\\\/\\\/www.arquimaster.com.ar\\\/web\\\/\",\"logo\":{\"@type\":\"ImageObject\",\"inLanguage\":\"es\",\"@id\":\"https:\\\/\\\/www.arquimaster.com.ar\\\/web\\\/#\\\/schema\\\/logo\\\/image\\\/\",\"url\":\"https:\\\/\\\/www.arquimaster.com.ar\\\/web\\\/wp-content\\\/uploads\\\/2022\\\/06\\\/arquimaster.png\",\"contentUrl\":\"https:\\\/\\\/www.arquimaster.com.ar\\\/web\\\/wp-content\\\/uploads\\\/2022\\\/06\\\/arquimaster.png\",\"width\":594,\"height\":78,\"caption\":\"Arquimaster\"},\"image\":{\"@id\":\"https:\\\/\\\/www.arquimaster.com.ar\\\/web\\\/#\\\/schema\\\/logo\\\/image\\\/\"},\"sameAs\":[\"http:\\\/\\\/www.facebook.com\\\/ARQUIMASTER.com.ar\",\"https:\\\/\\\/x.com\\\/arquimaster\",\"https:\\\/\\\/www.instagram.com\\\/arquimasterblog\\\/\",\"https:\\\/\\\/www.linkedin.com\\\/company\\\/arquimaster\",\"https:\\\/\\\/www.pinterest.com\\\/arquimaster\",\"https:\\\/\\\/t.me\\\/arquimaster\"]},{\"@type\":\"Person\",\"@id\":\"https:\\\/\\\/www.arquimaster.com.ar\\\/web\\\/#\\\/schema\\\/person\\\/359e9f7c00193fcde068e0dd2ceb0028\",\"name\":\"Arquimaster\"}]}<\/script>\n<!-- \/ Yoast SEO plugin. -->","yoast_head_json":{"title":"Antenna Workspaces\u00ae: nuevas tendencias para oficinas presentadas por Interieur Forma - Arquimaster","robots":{"index":"index","follow":"follow","max-snippet":"max-snippet:-1","max-image-preview":"max-image-preview:large","max-video-preview":"max-video-preview:-1"},"canonical":"https:\/\/www.arquimaster.com.ar\/web\/antenna-workspaces-nuevas-tendencias-para-oficinas-presentadas-por-interieur-forma\/","og_locale":"es_ES","og_type":"article","og_title":"Antenna Workspaces\u00ae: nuevas tendencias para oficinas presentadas por Interieur Forma - Arquimaster","og_description":"El equipamiento corporativo se alinea con las nuevas tendencias para espacios de trabajo...","og_url":"https:\/\/www.arquimaster.com.ar\/web\/antenna-workspaces-nuevas-tendencias-para-oficinas-presentadas-por-interieur-forma\/","og_site_name":"Arquimaster","article_publisher":"http:\/\/www.facebook.com\/ARQUIMASTER.com.ar","article_published_time":"2014-06-29T10:35:01+00:00","article_modified_time":"2026-03-28T21:25:31+00:00","og_image":[{"width":642,"height":350,"url":"https:\/\/www.arquimaster.com.ar\/web\/wp-content\/uploads\/2014\/06\/antenna_workspaces_slide1.jpg","type":"image\/jpeg"}],"author":"Arquimaster","twitter_card":"summary_large_image","twitter_creator":"@arquimaster","twitter_site":"@arquimaster","twitter_misc":{"Escrito por":"Arquimaster","Tiempo de lectura":"6 minutos"},"schema":{"@context":"https:\/\/schema.org","@graph":[{"@type":"Article","@id":"https:\/\/www.arquimaster.com.ar\/web\/antenna-workspaces-nuevas-tendencias-para-oficinas-presentadas-por-interieur-forma\/#article","isPartOf":{"@id":"https:\/\/www.arquimaster.com.ar\/web\/antenna-workspaces-nuevas-tendencias-para-oficinas-presentadas-por-interieur-forma\/"},"author":{"name":"Arquimaster","@id":"https:\/\/www.arquimaster.com.ar\/web\/#\/schema\/person\/359e9f7c00193fcde068e0dd2ceb0028"},"headline":"Antenna Workspaces\u00ae: nuevas tendencias para oficinas presentadas por Interieur Forma","datePublished":"2014-06-29T10:35:01+00:00","dateModified":"2026-03-28T21:25:31+00:00","mainEntityOfPage":{"@id":"https:\/\/www.arquimaster.com.ar\/web\/antenna-workspaces-nuevas-tendencias-para-oficinas-presentadas-por-interieur-forma\/"},"wordCount":1203,"publisher":{"@id":"https:\/\/www.arquimaster.com.ar\/web\/#organization"},"image":{"@id":"https:\/\/www.arquimaster.com.ar\/web\/antenna-workspaces-nuevas-tendencias-para-oficinas-presentadas-por-interieur-forma\/#primaryimage"},"thumbnailUrl":"https:\/\/www.arquimaster.com.ar\/web\/wp-content\/uploads\/2014\/06\/antenna_workspaces_slide1.jpg","keywords":["Antenna Design","Antenna Workspaces","dise\u00f1o de oficinas","espacios de trabajo","Interieur Forma","Kenji Ito","Knoll","Masamichi Udagadawa","oficinas","Sigi Moeslinger","workplaces"],"articleSection":["Dise\u00f1o","Dise\u00f1o interior y decoracion"],"inLanguage":"es"},{"@type":"WebPage","@id":"https:\/\/www.arquimaster.com.ar\/web\/antenna-workspaces-nuevas-tendencias-para-oficinas-presentadas-por-interieur-forma\/","url":"https:\/\/www.arquimaster.com.ar\/web\/antenna-workspaces-nuevas-tendencias-para-oficinas-presentadas-por-interieur-forma\/","name":"Antenna Workspaces\u00ae: nuevas tendencias para oficinas presentadas por Interieur Forma - Arquimaster","isPartOf":{"@id":"https:\/\/www.arquimaster.com.ar\/web\/#website"},"primaryImageOfPage":{"@id":"https:\/\/www.arquimaster.com.ar\/web\/antenna-workspaces-nuevas-tendencias-para-oficinas-presentadas-por-interieur-forma\/#primaryimage"},"image":{"@id":"https:\/\/www.arquimaster.com.ar\/web\/antenna-workspaces-nuevas-tendencias-para-oficinas-presentadas-por-interieur-forma\/#primaryimage"},"thumbnailUrl":"https:\/\/www.arquimaster.com.ar\/web\/wp-content\/uploads\/2014\/06\/antenna_workspaces_slide1.jpg","datePublished":"2014-06-29T10:35:01+00:00","dateModified":"2026-03-28T21:25:31+00:00","breadcrumb":{"@id":"https:\/\/www.arquimaster.com.ar\/web\/antenna-workspaces-nuevas-tendencias-para-oficinas-presentadas-por-interieur-forma\/#breadcrumb"},"inLanguage":"es","potentialAction":[{"@type":"ReadAction","target":["https:\/\/www.arquimaster.com.ar\/web\/antenna-workspaces-nuevas-tendencias-para-oficinas-presentadas-por-interieur-forma\/"]}]},{"@type":"ImageObject","inLanguage":"es","@id":"https:\/\/www.arquimaster.com.ar\/web\/antenna-workspaces-nuevas-tendencias-para-oficinas-presentadas-por-interieur-forma\/#primaryimage","url":"https:\/\/www.arquimaster.com.ar\/web\/wp-content\/uploads\/2014\/06\/antenna_workspaces_slide1.jpg","contentUrl":"https:\/\/www.arquimaster.com.ar\/web\/wp-content\/uploads\/2014\/06\/antenna_workspaces_slide1.jpg","width":642,"height":350},{"@type":"BreadcrumbList","@id":"https:\/\/www.arquimaster.com.ar\/web\/antenna-workspaces-nuevas-tendencias-para-oficinas-presentadas-por-interieur-forma\/#breadcrumb","itemListElement":[{"@type":"ListItem","position":1,"name":"Portada","item":"https:\/\/www.arquimaster.com.ar\/web\/"},{"@type":"ListItem","position":2,"name":"Antenna Workspaces\u00ae: nuevas tendencias para oficinas presentadas por Interieur Forma"}]},{"@type":"WebSite","@id":"https:\/\/www.arquimaster.com.ar\/web\/#website","url":"https:\/\/www.arquimaster.com.ar\/web\/","name":"Arquimaster","description":"Web de arquitectura, dise\u00f1o y construccion","publisher":{"@id":"https:\/\/www.arquimaster.com.ar\/web\/#organization"},"potentialAction":[{"@type":"SearchAction","target":{"@type":"EntryPoint","urlTemplate":"https:\/\/www.arquimaster.com.ar\/web\/?s={search_term_string}"},"query-input":{"@type":"PropertyValueSpecification","valueRequired":true,"valueName":"search_term_string"}}],"inLanguage":"es"},{"@type":"Organization","@id":"https:\/\/www.arquimaster.com.ar\/web\/#organization","name":"Arquimaster","url":"https:\/\/www.arquimaster.com.ar\/web\/","logo":{"@type":"ImageObject","inLanguage":"es","@id":"https:\/\/www.arquimaster.com.ar\/web\/#\/schema\/logo\/image\/","url":"https:\/\/www.arquimaster.com.ar\/web\/wp-content\/uploads\/2022\/06\/arquimaster.png","contentUrl":"https:\/\/www.arquimaster.com.ar\/web\/wp-content\/uploads\/2022\/06\/arquimaster.png","width":594,"height":78,"caption":"Arquimaster"},"image":{"@id":"https:\/\/www.arquimaster.com.ar\/web\/#\/schema\/logo\/image\/"},"sameAs":["http:\/\/www.facebook.com\/ARQUIMASTER.com.ar","https:\/\/x.com\/arquimaster","https:\/\/www.instagram.com\/arquimasterblog\/","https:\/\/www.linkedin.com\/company\/arquimaster","https:\/\/www.pinterest.com\/arquimaster","https:\/\/t.me\/arquimaster"]},{"@type":"Person","@id":"https:\/\/www.arquimaster.com.ar\/web\/#\/schema\/person\/359e9f7c00193fcde068e0dd2ceb0028","name":"Arquimaster"}]}},"uagb_featured_image_src":{"full":["https:\/\/www.arquimaster.com.ar\/web\/wp-content\/uploads\/2014\/06\/antenna_workspaces_slide1.jpg",642,350,false],"thumbnail":["https:\/\/www.arquimaster.com.ar\/web\/wp-content\/uploads\/2014\/06\/antenna_workspaces_slide1-150x150.jpg",150,150,true],"medium":["https:\/\/www.arquimaster.com.ar\/web\/wp-content\/uploads\/2014\/06\/antenna_workspaces_slide1-300x163.jpg",300,163,true],"medium_large":["https:\/\/www.arquimaster.com.ar\/web\/wp-content\/uploads\/2014\/06\/antenna_workspaces_slide1.jpg",642,350,false],"large":["https:\/\/www.arquimaster.com.ar\/web\/wp-content\/uploads\/2014\/06\/antenna_workspaces_slide1.jpg",642,350,false],"1536x1536":["https:\/\/www.arquimaster.com.ar\/web\/wp-content\/uploads\/2014\/06\/antenna_workspaces_slide1.jpg",642,350,false],"2048x2048":["https:\/\/www.arquimaster.com.ar\/web\/wp-content\/uploads\/2014\/06\/antenna_workspaces_slide1.jpg",642,350,false]},"uagb_author_info":{"display_name":"Arquimaster","author_link":"https:\/\/www.arquimaster.com.ar\/web\/author\/arquimaster\/"},"uagb_comment_info":0,"uagb_excerpt":"El equipamiento corporativo se alinea con las nuevas tendencias para espacios de trabajo...","_links":{"self":[{"href":"https:\/\/www.arquimaster.com.ar\/web\/wp-json\/wp\/v2\/posts\/8167","targetHints":{"allow":["GET"]}}],"collection":[{"href":"https:\/\/www.arquimaster.com.ar\/web\/wp-json\/wp\/v2\/posts"}],"about":[{"href":"https:\/\/www.arquimaster.com.ar\/web\/wp-json\/wp\/v2\/types\/post"}],"author":[{"embeddable":true,"href":"https:\/\/www.arquimaster.com.ar\/web\/wp-json\/wp\/v2\/users\/1"}],"replies":[{"embeddable":true,"href":"https:\/\/www.arquimaster.com.ar\/web\/wp-json\/wp\/v2\/comments?post=8167"}],"version-history":[{"count":1,"href":"https:\/\/www.arquimaster.com.ar\/web\/wp-json\/wp\/v2\/posts\/8167\/revisions"}],"predecessor-version":[{"id":87936,"href":"https:\/\/www.arquimaster.com.ar\/web\/wp-json\/wp\/v2\/posts\/8167\/revisions\/87936"}],"wp:featuredmedia":[{"embeddable":true,"href":"https:\/\/www.arquimaster.com.ar\/web\/wp-json\/wp\/v2\/media\/8168"}],"wp:attachment":[{"href":"https:\/\/www.arquimaster.com.ar\/web\/wp-json\/wp\/v2\/media?parent=8167"}],"wp:term":[{"taxonomy":"category","embeddable":true,"href":"https:\/\/www.arquimaster.com.ar\/web\/wp-json\/wp\/v2\/categories?post=8167"},{"taxonomy":"post_tag","embeddable":true,"href":"https:\/\/www.arquimaster.com.ar\/web\/wp-json\/wp\/v2\/tags?post=8167"}],"curies":[{"name":"wp","href":"https:\/\/api.w.org\/{rel}","templated":true}]}}