{"id":81696,"date":"2024-10-23T18:32:12","date_gmt":"2024-10-23T21:32:12","guid":{"rendered":"https:\/\/www.arquimaster.com.ar\/web\/?p=81696"},"modified":"2025-07-24T20:08:46","modified_gmt":"2025-07-24T23:08:46","slug":"vivienda-en-plaza-redonda-vimarvi","status":"publish","type":"post","link":"https:\/\/www.arquimaster.com.ar\/web\/vivienda-en-plaza-redonda-vimarvi\/","title":{"rendered":"Vivienda en Plaza Redonda \/ VIMARVI"},"content":{"rendered":"<div style=\"margin-top: 0px; margin-bottom: 0px;\" class=\"sharethis-inline-share-buttons\" ><\/div><div class=\"b812932af2e751442846f039925109de\" data-index=\"1\" style=\"float: none; margin:25px 0 25px 0; text-align:center;\">\n<script async src=\"https:\/\/pagead2.googlesyndication.com\/pagead\/js\/adsbygoogle.js\"><\/script>\r\n<!-- Arquimaster (superior) -->\r\n<ins class=\"adsbygoogle\"\r\n     style=\"display:block\"\r\n     data-ad-client=\"ca-pub-6351072698456832\"\r\n     data-ad-slot=\"6455489680\"\r\n     data-ad-format=\"auto\"\r\n     data-full-width-responsive=\"true\"><\/ins>\r\n<script>\r\n     (adsbygoogle = window.adsbygoogle || []).push({});\r\n<\/script>\n<\/div>\n<p><strong>Vivienda en Plaza Redonda<\/strong> (Valencia, Espa\u00f1a) por <strong>VIMARVI<\/strong>. El estudio de arquitectura VIMARVI fue el elegido para transformar por completo una de las viviendas situadas en la emblem\u00e1tica Plaza redonda de la ciudad de Valencia, construida en 1840. Una de las condiciones principales a tomar como punto de partida para la realizaci\u00f3n de la reforma era el preservar la identidad y el car\u00e1cter \u00fanico que posee la vivienda, al situarse en un edificio con gran valor arquitect\u00f3nico y urban\u00edstico, siendo declarado Bien de Relevancia Local en 2007 y formando parte del conjunto hist\u00f3rico del barrio de el Mercat.<\/p>\n<div id='gallery-1' class='gallery galleryid-81696 gallery-columns-3 gallery-size-thumbnail'><figure class='gallery-item'>\n\t\t\t<div class='gallery-icon landscape'>\n\t\t\t\t<a href='https:\/\/www.arquimaster.com.ar\/web\/wp-content\/uploads\/2024\/10\/vivienda_plaza_redonda_1.jpg' title=\"Vivienda en Plaza Redonda \/ VIMARVI (\u00a9 Germ\u00e1n Cabo)\" data-rl_title=\"Vivienda en Plaza Redonda \/ VIMARVI (\u00a9 Germ\u00e1n Cabo)\" class=\"rl-gallery-link\" data-rl_caption=\"Vivienda en Plaza Redonda \/ VIMARVI (\u00a9 Germ\u00e1n Cabo)\" data-rel=\"lightbox-gallery-1\"><img loading=\"lazy\" decoding=\"async\" width=\"150\" height=\"150\" src=\"https:\/\/www.arquimaster.com.ar\/web\/wp-content\/uploads\/2024\/10\/vivienda_plaza_redonda_1-150x150.jpg\" class=\"attachment-thumbnail size-thumbnail\" alt=\"Vivienda en Plaza Redonda \/ VIMARVI\" aria-describedby=\"gallery-1-81698\" \/><\/a>\n\t\t\t<\/div>\n\t\t\t\t<figcaption class='wp-caption-text gallery-caption' id='gallery-1-81698'>\n\t\t\t\tVivienda en Plaza Redonda \/ VIMARVI (\u00a9 Germ\u00e1n Cabo)\n\t\t\t\t<\/figcaption><\/figure><figure class='gallery-item'>\n\t\t\t<div class='gallery-icon landscape'>\n\t\t\t\t<a href='https:\/\/www.arquimaster.com.ar\/web\/wp-content\/uploads\/2024\/10\/vivienda_plaza_redonda_2.jpg' title=\"Vivienda en Plaza Redonda \/ VIMARVI (\u00a9 Germ\u00e1n Cabo)\" data-rl_title=\"Vivienda en Plaza Redonda \/ VIMARVI (\u00a9 Germ\u00e1n Cabo)\" class=\"rl-gallery-link\" data-rl_caption=\"Vivienda en Plaza Redonda \/ VIMARVI (\u00a9 Germ\u00e1n Cabo)\" data-rel=\"lightbox-gallery-1\"><img loading=\"lazy\" decoding=\"async\" width=\"150\" height=\"150\" src=\"https:\/\/www.arquimaster.com.ar\/web\/wp-content\/uploads\/2024\/10\/vivienda_plaza_redonda_2-150x150.jpg\" class=\"attachment-thumbnail size-thumbnail\" alt=\"Vivienda en Plaza Redonda \/ VIMARVI\" aria-describedby=\"gallery-1-81699\" srcset=\"https:\/\/www.arquimaster.com.ar\/web\/wp-content\/uploads\/2024\/10\/vivienda_plaza_redonda_2-150x150.jpg 150w, https:\/\/www.arquimaster.com.ar\/web\/wp-content\/uploads\/2024\/10\/vivienda_plaza_redonda_2-768x768.jpg 768w, https:\/\/www.arquimaster.com.ar\/web\/wp-content\/uploads\/2024\/10\/vivienda_plaza_redonda_2.jpg 1500w\" sizes=\"auto, (max-width: 150px) 100vw, 150px\" \/><\/a>\n\t\t\t<\/div>\n\t\t\t\t<figcaption class='wp-caption-text gallery-caption' id='gallery-1-81699'>\n\t\t\t\tVivienda en Plaza Redonda \/ VIMARVI (\u00a9 Germ\u00e1n Cabo)\n\t\t\t\t<\/figcaption><\/figure><figure class='gallery-item'>\n\t\t\t<div class='gallery-icon landscape'>\n\t\t\t\t<a href='https:\/\/www.arquimaster.com.ar\/web\/wp-content\/uploads\/2024\/10\/vivienda_plaza_redonda_3.jpg' title=\"Vivienda en Plaza Redonda \/ VIMARVI (\u00a9 Germ\u00e1n Cabo)\" data-rl_title=\"Vivienda en Plaza Redonda \/ VIMARVI (\u00a9 Germ\u00e1n Cabo)\" class=\"rl-gallery-link\" data-rl_caption=\"Vivienda en Plaza Redonda \/ VIMARVI (\u00a9 Germ\u00e1n Cabo)\" data-rel=\"lightbox-gallery-1\"><img loading=\"lazy\" decoding=\"async\" width=\"150\" height=\"150\" src=\"https:\/\/www.arquimaster.com.ar\/web\/wp-content\/uploads\/2024\/10\/vivienda_plaza_redonda_3-150x150.jpg\" class=\"attachment-thumbnail size-thumbnail\" alt=\"Vivienda en Plaza Redonda \/ VIMARVI\" aria-describedby=\"gallery-1-81700\" \/><\/a>\n\t\t\t<\/div>\n\t\t\t\t<figcaption class='wp-caption-text gallery-caption' id='gallery-1-81700'>\n\t\t\t\tVivienda en Plaza Redonda \/ VIMARVI (\u00a9 Germ\u00e1n Cabo)\n\t\t\t\t<\/figcaption><\/figure><figure class='gallery-item'>\n\t\t\t<div class='gallery-icon landscape'>\n\t\t\t\t<a href='https:\/\/www.arquimaster.com.ar\/web\/wp-content\/uploads\/2024\/10\/vivienda_plaza_redonda_4.jpg' title=\"Vivienda en Plaza Redonda \/ VIMARVI (\u00a9 Germ\u00e1n Cabo)\" data-rl_title=\"Vivienda en Plaza Redonda \/ VIMARVI (\u00a9 Germ\u00e1n Cabo)\" class=\"rl-gallery-link\" data-rl_caption=\"Vivienda en Plaza Redonda \/ VIMARVI (\u00a9 Germ\u00e1n Cabo)\" data-rel=\"lightbox-gallery-1\"><img loading=\"lazy\" decoding=\"async\" width=\"150\" height=\"150\" src=\"https:\/\/www.arquimaster.com.ar\/web\/wp-content\/uploads\/2024\/10\/vivienda_plaza_redonda_4-150x150.jpg\" class=\"attachment-thumbnail size-thumbnail\" alt=\"Vivienda en Plaza Redonda \/ VIMARVI\" aria-describedby=\"gallery-1-81701\" \/><\/a>\n\t\t\t<\/div>\n\t\t\t\t<figcaption class='wp-caption-text gallery-caption' id='gallery-1-81701'>\n\t\t\t\tVivienda en Plaza Redonda \/ VIMARVI (\u00a9 Germ\u00e1n Cabo)\n\t\t\t\t<\/figcaption><\/figure><figure class='gallery-item'>\n\t\t\t<div class='gallery-icon landscape'>\n\t\t\t\t<a href='https:\/\/www.arquimaster.com.ar\/web\/wp-content\/uploads\/2024\/10\/vivienda_plaza_redonda_5.jpg' title=\"Vivienda en Plaza Redonda \/ VIMARVI (\u00a9 Germ\u00e1n Cabo)\" data-rl_title=\"Vivienda en Plaza Redonda \/ VIMARVI (\u00a9 Germ\u00e1n Cabo)\" class=\"rl-gallery-link\" data-rl_caption=\"Vivienda en Plaza Redonda \/ VIMARVI (\u00a9 Germ\u00e1n Cabo)\" data-rel=\"lightbox-gallery-1\"><img loading=\"lazy\" decoding=\"async\" width=\"150\" height=\"150\" src=\"https:\/\/www.arquimaster.com.ar\/web\/wp-content\/uploads\/2024\/10\/vivienda_plaza_redonda_5-150x150.jpg\" class=\"attachment-thumbnail size-thumbnail\" alt=\"Vivienda en Plaza Redonda \/ VIMARVI\" aria-describedby=\"gallery-1-81702\" srcset=\"https:\/\/www.arquimaster.com.ar\/web\/wp-content\/uploads\/2024\/10\/vivienda_plaza_redonda_5-150x150.jpg 150w, https:\/\/www.arquimaster.com.ar\/web\/wp-content\/uploads\/2024\/10\/vivienda_plaza_redonda_5-768x768.jpg 768w, https:\/\/www.arquimaster.com.ar\/web\/wp-content\/uploads\/2024\/10\/vivienda_plaza_redonda_5.jpg 1500w\" sizes=\"auto, (max-width: 150px) 100vw, 150px\" \/><\/a>\n\t\t\t<\/div>\n\t\t\t\t<figcaption class='wp-caption-text gallery-caption' id='gallery-1-81702'>\n\t\t\t\tVivienda en Plaza Redonda \/ VIMARVI (\u00a9 Germ\u00e1n Cabo)\n\t\t\t\t<\/figcaption><\/figure><figure class='gallery-item'>\n\t\t\t<div class='gallery-icon landscape'>\n\t\t\t\t<a href='https:\/\/www.arquimaster.com.ar\/web\/wp-content\/uploads\/2024\/10\/vivienda_plaza_redonda_6.jpg' title=\"Vivienda en Plaza Redonda \/ VIMARVI (\u00a9 Germ\u00e1n Cabo)\" data-rl_title=\"Vivienda en Plaza Redonda \/ VIMARVI (\u00a9 Germ\u00e1n Cabo)\" class=\"rl-gallery-link\" data-rl_caption=\"Vivienda en Plaza Redonda \/ VIMARVI (\u00a9 Germ\u00e1n Cabo)\" data-rel=\"lightbox-gallery-1\"><img loading=\"lazy\" decoding=\"async\" width=\"150\" height=\"150\" src=\"https:\/\/www.arquimaster.com.ar\/web\/wp-content\/uploads\/2024\/10\/vivienda_plaza_redonda_6-150x150.jpg\" class=\"attachment-thumbnail size-thumbnail\" alt=\"Vivienda en Plaza Redonda \/ VIMARVI\" aria-describedby=\"gallery-1-81703\" \/><\/a>\n\t\t\t<\/div>\n\t\t\t\t<figcaption class='wp-caption-text gallery-caption' id='gallery-1-81703'>\n\t\t\t\tVivienda en Plaza Redonda \/ VIMARVI (\u00a9 Germ\u00e1n Cabo)\n\t\t\t\t<\/figcaption><\/figure><figure class='gallery-item'>\n\t\t\t<div class='gallery-icon landscape'>\n\t\t\t\t<a href='https:\/\/www.arquimaster.com.ar\/web\/wp-content\/uploads\/2024\/10\/vivienda_plaza_redonda_7.jpg' title=\"Vivienda en Plaza Redonda \/ VIMARVI (\u00a9 Germ\u00e1n Cabo)\" data-rl_title=\"Vivienda en Plaza Redonda \/ VIMARVI (\u00a9 Germ\u00e1n Cabo)\" class=\"rl-gallery-link\" data-rl_caption=\"Vivienda en Plaza Redonda \/ VIMARVI (\u00a9 Germ\u00e1n Cabo)\" data-rel=\"lightbox-gallery-1\"><img loading=\"lazy\" decoding=\"async\" width=\"150\" height=\"150\" src=\"https:\/\/www.arquimaster.com.ar\/web\/wp-content\/uploads\/2024\/10\/vivienda_plaza_redonda_7-150x150.jpg\" class=\"attachment-thumbnail size-thumbnail\" alt=\"Vivienda en Plaza Redonda \/ VIMARVI\" aria-describedby=\"gallery-1-81704\" \/><\/a>\n\t\t\t<\/div>\n\t\t\t\t<figcaption class='wp-caption-text gallery-caption' id='gallery-1-81704'>\n\t\t\t\tVivienda en Plaza Redonda \/ VIMARVI (\u00a9 Germ\u00e1n Cabo)\n\t\t\t\t<\/figcaption><\/figure><figure class='gallery-item'>\n\t\t\t<div class='gallery-icon landscape'>\n\t\t\t\t<a href='https:\/\/www.arquimaster.com.ar\/web\/wp-content\/uploads\/2024\/10\/vivienda_plaza_redonda_8.jpg' title=\"Vivienda en Plaza Redonda \/ VIMARVI (\u00a9 Germ\u00e1n Cabo)\" data-rl_title=\"Vivienda en Plaza Redonda \/ VIMARVI (\u00a9 Germ\u00e1n Cabo)\" class=\"rl-gallery-link\" data-rl_caption=\"Vivienda en Plaza Redonda \/ VIMARVI (\u00a9 Germ\u00e1n Cabo)\" data-rel=\"lightbox-gallery-1\"><img loading=\"lazy\" decoding=\"async\" width=\"150\" height=\"150\" src=\"https:\/\/www.arquimaster.com.ar\/web\/wp-content\/uploads\/2024\/10\/vivienda_plaza_redonda_8-150x150.jpg\" class=\"attachment-thumbnail size-thumbnail\" alt=\"Vivienda en Plaza Redonda \/ VIMARVI\" aria-describedby=\"gallery-1-81705\" \/><\/a>\n\t\t\t<\/div>\n\t\t\t\t<figcaption class='wp-caption-text gallery-caption' id='gallery-1-81705'>\n\t\t\t\tVivienda en Plaza Redonda \/ VIMARVI (\u00a9 Germ\u00e1n Cabo)\n\t\t\t\t<\/figcaption><\/figure><figure class='gallery-item'>\n\t\t\t<div class='gallery-icon landscape'>\n\t\t\t\t<a href='https:\/\/www.arquimaster.com.ar\/web\/wp-content\/uploads\/2024\/10\/vivienda_plaza_redonda_9.jpg' title=\"Vivienda en Plaza Redonda \/ VIMARVI (\u00a9 Germ\u00e1n Cabo)\" data-rl_title=\"Vivienda en Plaza Redonda \/ VIMARVI (\u00a9 Germ\u00e1n Cabo)\" class=\"rl-gallery-link\" data-rl_caption=\"Vivienda en Plaza Redonda \/ VIMARVI (\u00a9 Germ\u00e1n Cabo)\" data-rel=\"lightbox-gallery-1\"><img loading=\"lazy\" decoding=\"async\" width=\"150\" height=\"150\" src=\"https:\/\/www.arquimaster.com.ar\/web\/wp-content\/uploads\/2024\/10\/vivienda_plaza_redonda_9-150x150.jpg\" class=\"attachment-thumbnail size-thumbnail\" alt=\"Vivienda en Plaza Redonda \/ VIMARVI\" aria-describedby=\"gallery-1-81706\" srcset=\"https:\/\/www.arquimaster.com.ar\/web\/wp-content\/uploads\/2024\/10\/vivienda_plaza_redonda_9-150x150.jpg 150w, https:\/\/www.arquimaster.com.ar\/web\/wp-content\/uploads\/2024\/10\/vivienda_plaza_redonda_9-768x768.jpg 768w, https:\/\/www.arquimaster.com.ar\/web\/wp-content\/uploads\/2024\/10\/vivienda_plaza_redonda_9.jpg 1500w\" sizes=\"auto, (max-width: 150px) 100vw, 150px\" \/><\/a>\n\t\t\t<\/div>\n\t\t\t\t<figcaption class='wp-caption-text gallery-caption' id='gallery-1-81706'>\n\t\t\t\tVivienda en Plaza Redonda \/ VIMARVI (\u00a9 Germ\u00e1n Cabo)\n\t\t\t\t<\/figcaption><\/figure><figure class='gallery-item'>\n\t\t\t<div class='gallery-icon portrait'>\n\t\t\t\t<a href='https:\/\/www.arquimaster.com.ar\/web\/wp-content\/uploads\/2024\/10\/vivienda_plaza_redonda_10.jpg' title=\"Vivienda en Plaza Redonda \/ VIMARVI (\u00a9 Germ\u00e1n Cabo)\" data-rl_title=\"Vivienda en Plaza Redonda \/ VIMARVI (\u00a9 Germ\u00e1n Cabo)\" class=\"rl-gallery-link\" data-rl_caption=\"Vivienda en Plaza Redonda \/ VIMARVI (\u00a9 Germ\u00e1n Cabo)\" data-rel=\"lightbox-gallery-1\"><img loading=\"lazy\" decoding=\"async\" width=\"150\" height=\"150\" src=\"https:\/\/www.arquimaster.com.ar\/web\/wp-content\/uploads\/2024\/10\/vivienda_plaza_redonda_10-150x150.jpg\" class=\"attachment-thumbnail size-thumbnail\" alt=\"Vivienda en Plaza Redonda \/ VIMARVI\" aria-describedby=\"gallery-1-81707\" \/><\/a>\n\t\t\t<\/div>\n\t\t\t\t<figcaption class='wp-caption-text gallery-caption' id='gallery-1-81707'>\n\t\t\t\tVivienda en Plaza Redonda \/ VIMARVI (\u00a9 Germ\u00e1n Cabo)\n\t\t\t\t<\/figcaption><\/figure><figure class='gallery-item'>\n\t\t\t<div class='gallery-icon landscape'>\n\t\t\t\t<a href='https:\/\/www.arquimaster.com.ar\/web\/wp-content\/uploads\/2024\/10\/vivienda_plaza_redonda_11.jpg' title=\"Vivienda en Plaza Redonda \/ VIMARVI (\u00a9 Arriada Real Estate Solutions) Estado anterior de la vivienda\" data-rl_title=\"Vivienda en Plaza Redonda \/ VIMARVI (\u00a9 Arriada Real Estate Solutions) Estado anterior de la vivienda\" class=\"rl-gallery-link\" data-rl_caption=\"Vivienda en Plaza Redonda \/ VIMARVI (\u00a9 Arriada Real Estate Solutions) Estado anterior de la vivienda\" data-rel=\"lightbox-gallery-1\"><img loading=\"lazy\" decoding=\"async\" width=\"150\" height=\"150\" src=\"https:\/\/www.arquimaster.com.ar\/web\/wp-content\/uploads\/2024\/10\/vivienda_plaza_redonda_11-150x150.jpg\" class=\"attachment-thumbnail size-thumbnail\" alt=\"Vivienda en Plaza Redonda \/ VIMARVI\" aria-describedby=\"gallery-1-81708\" \/><\/a>\n\t\t\t<\/div>\n\t\t\t\t<figcaption class='wp-caption-text gallery-caption' id='gallery-1-81708'>\n\t\t\t\tVivienda en Plaza Redonda \/ VIMARVI (\u00a9 Arriada Real Estate Solutions) Estado anterior de la vivienda\n\t\t\t\t<\/figcaption><\/figure><figure class='gallery-item'>\n\t\t\t<div class='gallery-icon landscape'>\n\t\t\t\t<a href='https:\/\/www.arquimaster.com.ar\/web\/wp-content\/uploads\/2024\/10\/vivienda_plaza_redonda_12.jpg' title=\"Vivienda en Plaza Redonda \/ VIMARVI (\u00a9 Arriada Real Estate Solutions) Estado anterior de la vivienda\" data-rl_title=\"Vivienda en Plaza Redonda \/ VIMARVI (\u00a9 Arriada Real Estate Solutions) Estado anterior de la vivienda\" class=\"rl-gallery-link\" data-rl_caption=\"Vivienda en Plaza Redonda \/ VIMARVI (\u00a9 Arriada Real Estate Solutions) Estado anterior de la vivienda\" data-rel=\"lightbox-gallery-1\"><img loading=\"lazy\" decoding=\"async\" width=\"150\" height=\"150\" src=\"https:\/\/www.arquimaster.com.ar\/web\/wp-content\/uploads\/2024\/10\/vivienda_plaza_redonda_12-150x150.jpg\" class=\"attachment-thumbnail size-thumbnail\" alt=\"Vivienda en Plaza Redonda \/ VIMARVI\" aria-describedby=\"gallery-1-81709\" \/><\/a>\n\t\t\t<\/div>\n\t\t\t\t<figcaption class='wp-caption-text gallery-caption' id='gallery-1-81709'>\n\t\t\t\tVivienda en Plaza Redonda \/ VIMARVI (\u00a9 Arriada Real Estate Solutions) Estado anterior de la vivienda\n\t\t\t\t<\/figcaption><\/figure><figure class='gallery-item'>\n\t\t\t<div class='gallery-icon portrait'>\n\t\t\t\t<a href='https:\/\/www.arquimaster.com.ar\/web\/wp-content\/uploads\/2024\/10\/vivienda_plaza_redonda_13.jpg' title=\"Vivienda en Plaza Redonda \/ VIMARVI (\u00a9 Arriada Real Estate Solutions) Estado anterior de la vivienda\" data-rl_title=\"Vivienda en Plaza Redonda \/ VIMARVI (\u00a9 Arriada Real Estate Solutions) Estado anterior de la vivienda\" class=\"rl-gallery-link\" data-rl_caption=\"Vivienda en Plaza Redonda \/ VIMARVI (\u00a9 Arriada Real Estate Solutions) Estado anterior de la vivienda\" data-rel=\"lightbox-gallery-1\"><img loading=\"lazy\" decoding=\"async\" width=\"150\" height=\"150\" src=\"https:\/\/www.arquimaster.com.ar\/web\/wp-content\/uploads\/2024\/10\/vivienda_plaza_redonda_13-150x150.jpg\" class=\"attachment-thumbnail size-thumbnail\" alt=\"Vivienda en Plaza Redonda \/ VIMARVI\" aria-describedby=\"gallery-1-81710\" \/><\/a>\n\t\t\t<\/div>\n\t\t\t\t<figcaption class='wp-caption-text gallery-caption' id='gallery-1-81710'>\n\t\t\t\tVivienda en Plaza Redonda \/ VIMARVI (\u00a9 Arriada Real Estate Solutions) Estado anterior de la vivienda\n\t\t\t\t<\/figcaption><\/figure><figure class='gallery-item'>\n\t\t\t<div class='gallery-icon landscape'>\n\t\t\t\t<a href='https:\/\/www.arquimaster.com.ar\/web\/wp-content\/uploads\/2024\/10\/vivienda_plaza_redonda_14.jpg' title=\"Vivienda en Plaza Redonda \/ VIMARVI (\u00a9 Arriada Real Estate Solutions) Estado anterior de la vivienda\" data-rl_title=\"Vivienda en Plaza Redonda \/ VIMARVI (\u00a9 Arriada Real Estate Solutions) Estado anterior de la vivienda\" class=\"rl-gallery-link\" data-rl_caption=\"Vivienda en Plaza Redonda \/ VIMARVI (\u00a9 Arriada Real Estate Solutions) Estado anterior de la vivienda\" data-rel=\"lightbox-gallery-1\"><img loading=\"lazy\" decoding=\"async\" width=\"150\" height=\"150\" src=\"https:\/\/www.arquimaster.com.ar\/web\/wp-content\/uploads\/2024\/10\/vivienda_plaza_redonda_14-150x150.jpg\" class=\"attachment-thumbnail size-thumbnail\" alt=\"Vivienda en Plaza Redonda \/ VIMARVI\" aria-describedby=\"gallery-1-81711\" \/><\/a>\n\t\t\t<\/div>\n\t\t\t\t<figcaption class='wp-caption-text gallery-caption' id='gallery-1-81711'>\n\t\t\t\tVivienda en Plaza Redonda \/ VIMARVI (\u00a9 Arriada Real Estate Solutions) Estado anterior de la vivienda\n\t\t\t\t<\/figcaption><\/figure><figure class='gallery-item'>\n\t\t\t<div class='gallery-icon landscape'>\n\t\t\t\t<a href='https:\/\/www.arquimaster.com.ar\/web\/wp-content\/uploads\/2024\/10\/vivienda_plaza_redonda_15.jpg' title=\"Vivienda en Plaza Redonda \/ VIMARVI (\u00a9 Arriada Real Estate Solutions) Estado anterior de la vivienda\" data-rl_title=\"Vivienda en Plaza Redonda \/ VIMARVI (\u00a9 Arriada Real Estate Solutions) Estado anterior de la vivienda\" class=\"rl-gallery-link\" data-rl_caption=\"Vivienda en Plaza Redonda \/ VIMARVI (\u00a9 Arriada Real Estate Solutions) Estado anterior de la vivienda\" data-rel=\"lightbox-gallery-1\"><img loading=\"lazy\" decoding=\"async\" width=\"150\" height=\"150\" src=\"https:\/\/www.arquimaster.com.ar\/web\/wp-content\/uploads\/2024\/10\/vivienda_plaza_redonda_15-150x150.jpg\" class=\"attachment-thumbnail size-thumbnail\" alt=\"Vivienda en Plaza Redonda \/ VIMARVI\" aria-describedby=\"gallery-1-81712\" \/><\/a>\n\t\t\t<\/div>\n\t\t\t\t<figcaption class='wp-caption-text gallery-caption' id='gallery-1-81712'>\n\t\t\t\tVivienda en Plaza Redonda \/ VIMARVI (\u00a9 Arriada Real Estate Solutions) Estado anterior de la vivienda\n\t\t\t\t<\/figcaption><\/figure><figure class='gallery-item'>\n\t\t\t<div class='gallery-icon landscape'>\n\t\t\t\t<a href='https:\/\/www.arquimaster.com.ar\/web\/wp-content\/uploads\/2024\/10\/vivienda_plaza_redonda_16.jpg' title=\"Vivienda en Plaza Redonda \/ VIMARVI (\u00a9 Arriada Real Estate Solutions) Estado anterior de la vivienda\" data-rl_title=\"Vivienda en Plaza Redonda \/ VIMARVI (\u00a9 Arriada Real Estate Solutions) Estado anterior de la vivienda\" class=\"rl-gallery-link\" data-rl_caption=\"Vivienda en Plaza Redonda \/ VIMARVI (\u00a9 Arriada Real Estate Solutions) Estado anterior de la vivienda\" data-rel=\"lightbox-gallery-1\"><img loading=\"lazy\" decoding=\"async\" width=\"150\" height=\"150\" src=\"https:\/\/www.arquimaster.com.ar\/web\/wp-content\/uploads\/2024\/10\/vivienda_plaza_redonda_16-150x150.jpg\" class=\"attachment-thumbnail size-thumbnail\" alt=\"\" aria-describedby=\"gallery-1-81713\" \/><\/a>\n\t\t\t<\/div>\n\t\t\t\t<figcaption class='wp-caption-text gallery-caption' id='gallery-1-81713'>\n\t\t\t\tVivienda en Plaza Redonda \/ VIMARVI (\u00a9 Arriada Real Estate Solutions) Estado anterior de la vivienda\n\t\t\t\t<\/figcaption><\/figure>\n\t\t<\/div>\n\n<p>La reforma pretende respetar el encanto y estilo arquitect\u00f3nico original, actualizando y mejorando sus caracter\u00edsticas para adaptarse a las necesidades actuales de los clientes y a los est\u00e1ndares contempor\u00e1neos.<\/p>\n<p>El estado original de la vivienda era viejo y anticuado. Se hab\u00eda realizado una reforma de cocina y ba\u00f1o, pero el estilo oriental elegido por el anterior propietario, as\u00ed como la distribuci\u00f3n, carec\u00edan de inter\u00e9s y funcionalidad, por lo que se opt\u00f3 por la demolici\u00f3n de todas las paredes interiores para poder modernizar y optimizar los espacios y hacerlos m\u00e1s eficientes y atractivos.<\/p>\n<p>Para conservar el car\u00e1cter de la vivienda original, satisfaciendo las necesidades actuales, se deb\u00edan integrar los nuevos materiales de una forma discreta y respetuosa con el estilo original de la vivienda, que ya pose\u00eda las vigas y los revoltones originales vistos.<\/p>\n<p>Se han integrado y seleccionado materiales, colores y detalles que dotan a la vivienda de coherencia est\u00e9tica y que se integran a la perfecci\u00f3n en el dise\u00f1o. Estos materiales nuevos se entremezclan con los originales, como en el caso de la habitaci\u00f3n secundaria, donde se ha creado una \u00abalfombra\u00bb con las piezas de baldosas hidr\u00e1ulicas que se consiguieron salvar y restaurar encontradas en una de las estancias. En esta misma estancia se contin\u00faa el di\u00e1logo entre lo nuevo y lo viejo manteniendo la puerta de doble hoja original que se situaba en ese mismo lugar.<\/p>\n<p>Los juegos de luces con las paredes y pilares de ladrillo visto aportan calidez a las estancias y resaltan los elementos originales estructurales de la vivienda.<\/p>\n<p>Para crear una ruptura con lo tradicional, se integran elementos de dise\u00f1o contempor\u00e1neo con colores y texturas que destacan de los tonos neutros que pretend\u00edan la armon\u00eda de los espacios. Este es el caso de la cocina a medida, que destaca por su tono antracita y su encimera de material porcel\u00e1nico Liem Black de la serie Xtone de Porcelanosa.<\/p>\n<p>Del mismo modo, todas las luminarias de la vivienda son de tonos negros, algunas con toques tambi\u00e9n en dorado, para darle protagonismo a estos elementos nuevos que conviven entre las vigas de madera originales y tratadas para conseguir destacar su color natural. Entre estas luminarias destacan las l\u00e1mparas colgantes DANKA sobre la isla y el proyector STAN sujeto por el carril TRIF en la cocina, ambas de la marca Faro Barcelona.<\/p>\n<p>Junto con las luminarias se ha utilizado mobiliario de dise\u00f1o y l\u00edneas modernas, como la silla Barcelona dise\u00f1ada por Ludwig Mies van der Rohe.<\/p>\n<p>En resumen, en esta vivienda reformada en un entorno distintivo de la ciudad de Valencia ofrece una combinaci\u00f3n \u00fanica de encanto hist\u00f3rico y modernidad, convirti\u00e9ndose en un lugar ideal para disfrutar de la vida urbana mediterr\u00e1nea en su m\u00e1xima expresi\u00f3n.<\/p>\n\n\n<div style=\"height:20px\" aria-hidden=\"true\" class=\"wp-block-spacer\"><\/div>\n\n\n\n<p class=\"has-background\" style=\"background-color:#eaeaea\"><strong>Ficha t\u00e9cnica<\/strong><br>Proyecto: Vivienda en Plaza Redonda<br>Ubicaci\u00f3n: Valencia, Espa\u00f1a<br>Arquitecto: VIMARVI<br>Tipolog\u00eda: Vivienda<br>Superficie: 135 m2<br>A\u00f1o: 2023<br>Fotograf\u00eda: Germ\u00e1n Cabo<br>Sitio web: https:\/\/www.vimarvi.com<\/p>\n\n\n\n<div style=\"height:40px\" aria-hidden=\"true\" class=\"wp-block-spacer\"><\/div>\n\n\n<p><em><strong>English version<\/strong><\/em><\/p>\n<p><em>Vimarvi transforms an old house located in one of the most emblematic places in Valencia: the Plaza Redonda.<\/em><\/p>\n<p><em>The Vimarvi architecture studio has taken the lead in this project, which was based on a style of oriental origin, to transform it into a modern, mediterranean home adapted to new demands.<\/em><\/p>\n<p><em><strong>Contemporary style in circular format<\/strong><\/em><br \/><em>It is no coincidence that this project talks about the circularity of the house, as it is located in one of the most emblematic squares in the city of Valencia. A place that has evolved over the years, becoming a meeting and leisure point, should also be reflected in one of its houses.<\/em><\/p>\n<p><em>The Vimarvi studio has opted for a Mediterranean style, preserving the exposed brickwork that highlights the connection between history and modernity. In addition, it has shown off the Valencian tradition, preserving the wooden beams and beams of this building. A unique element, increasingly difficult to find in homes in the city.<\/em><\/p>\n<p><em>As a counterpoint to this more rustic style, minimalist furniture in black and white tones has been chosen.<\/em><\/p>\n<p><em><strong>Converging open spaces<\/strong><\/em><br \/><em>Adjacent to the living room is the open-plan kitchen area in dark tones, which is enveloped in a cozy atmosphere. The choice of this palette seeks to establish a visual and stylistic connection with the living room, ensuring a fluid transition between these spaces.<\/em><\/p>\n<p><em>The main piece in this room is the Xtone porcelain centre island by Porcelanosa. The sintered Liem Black stone, with the crossing of luminous veins branching out along the surface, creates a subtle play of contrasts that constitutes an unrepeatable design. These veins, like rivers of light in the dark, give the stone a unique dimension, giving each piece a distinctive character.<\/em><\/p>\n<p><em>The space is illuminated by the Danka pendant lamps together with the Stan spotlight supported by the Trif track from Faro Barcelona. Both project a soft and enveloping light that contributes to forge a versatile and elegant atmosphere.<\/em><\/p>\n<p><em><strong>Vimarvi&#8217;s essence<\/strong><\/em><br \/><em>As is already usual in this studio&#8217;s projects, the combination of natural and artificial light points makes it possible to create atmospheres such as the one in the main bedroom. A room bathed in natural light that filters through the windows of the room and which, in a complementary way, adds indirect lighting that accentuates the semi-oval shape of the beams.<\/em><\/p>\n<div style=\"font-size: 0px; height: 0px; line-height: 0px; margin: 0; padding: 0; clear: both;\"><\/div><div style=\"margin-top: 0px; margin-bottom: 0px;\" class=\"sharethis-inline-share-buttons\" ><\/div>","protected":false},"excerpt":{"rendered":"<p>Transformaci\u00f3n de una antigua vivienda ubicada frente a la Plaza Redonda de Valencia&#8230;<\/p>\n","protected":false},"author":1,"featured_media":81697,"comment_status":"closed","ping_status":"closed","sticky":false,"template":"","format":"standard","meta":{"_uag_custom_page_level_css":"","footnotes":""},"categories":[79,1],"tags":[5581,249,104,8058,6485,1043,260,8057],"class_list":["post-81696","post","type-post","status-publish","format-standard","has-post-thumbnail","hentry","category-departamentos","category-proyecto","tag-apartamento","tag-departamento","tag-espana","tag-plaza-redonda","tag-reforma-de-apartamento","tag-reforma-de-vivienda","tag-valencia","tag-vimarvi","generate-columns","tablet-grid-50","mobile-grid-100","grid-parent","grid-50"],"yoast_head":"<!-- This site is optimized with the Yoast SEO plugin v27.3 - https:\/\/yoast.com\/product\/yoast-seo-wordpress\/ -->\n<title>Vivienda en Plaza Redonda \/ VIMARVI - Arquimaster<\/title>\n<meta name=\"description\" content=\"Transformaci\u00f3n de una antigua vivienda situada en uno de los lugares m\u00e1s emblem\u00e1ticos de Val\u00e8ncia: la Plaza Redonda.\" \/>\n<meta name=\"robots\" content=\"index, follow, max-snippet:-1, max-image-preview:large, max-video-preview:-1\" \/>\n<link rel=\"canonical\" href=\"https:\/\/www.arquimaster.com.ar\/web\/vivienda-en-plaza-redonda-vimarvi\/\" \/>\n<meta property=\"og:locale\" content=\"es_ES\" \/>\n<meta property=\"og:type\" content=\"article\" \/>\n<meta property=\"og:title\" content=\"Vivienda en Plaza Redonda \/ VIMARVI\" \/>\n<meta property=\"og:description\" content=\"Transformaci\u00f3n de una antigua vivienda situada en uno de los lugares m\u00e1s emblem\u00e1ticos de Val\u00e8ncia: la Plaza Redonda.\" \/>\n<meta property=\"og:url\" content=\"https:\/\/www.arquimaster.com.ar\/web\/vivienda-en-plaza-redonda-vimarvi\/\" \/>\n<meta property=\"og:site_name\" content=\"Arquimaster\" \/>\n<meta property=\"article:publisher\" content=\"http:\/\/www.facebook.com\/ARQUIMASTER.com.ar\" \/>\n<meta property=\"article:published_time\" content=\"2024-10-23T21:32:12+00:00\" \/>\n<meta property=\"article:modified_time\" content=\"2025-07-24T23:08:46+00:00\" \/>\n<meta property=\"og:image\" content=\"https:\/\/www.arquimaster.com.ar\/web\/wp-content\/uploads\/2024\/10\/vivienda_plaza_redonda_slide.jpg\" \/>\n\t<meta property=\"og:image:width\" content=\"698\" \/>\n\t<meta property=\"og:image:height\" content=\"364\" \/>\n\t<meta property=\"og:image:type\" content=\"image\/jpeg\" \/>\n<meta name=\"author\" content=\"Arquimaster\" \/>\n<meta name=\"twitter:card\" content=\"summary_large_image\" \/>\n<meta name=\"twitter:title\" content=\"Vivienda en Plaza Redonda \/ VIMARVI\" \/>\n<meta name=\"twitter:description\" content=\"Transformaci\u00f3n de una antigua vivienda situada en uno de los lugares m\u00e1s emblem\u00e1ticos de Val\u00e8ncia: la Plaza Redonda.\" \/>\n<meta name=\"twitter:image\" content=\"https:\/\/www.arquimaster.com.ar\/web\/wp-content\/uploads\/2024\/10\/vivienda_plaza_redonda_slide.jpg\" \/>\n<meta name=\"twitter:creator\" content=\"@arquimaster\" \/>\n<meta name=\"twitter:site\" content=\"@arquimaster\" \/>\n<meta name=\"twitter:label1\" content=\"Escrito por\" \/>\n\t<meta name=\"twitter:data1\" content=\"Arquimaster\" \/>\n\t<meta name=\"twitter:label2\" content=\"Tiempo de lectura\" \/>\n\t<meta name=\"twitter:data2\" content=\"5 minutos\" \/>\n<script type=\"application\/ld+json\" class=\"yoast-schema-graph\">{\"@context\":\"https:\\\/\\\/schema.org\",\"@graph\":[{\"@type\":\"Article\",\"@id\":\"https:\\\/\\\/www.arquimaster.com.ar\\\/web\\\/vivienda-en-plaza-redonda-vimarvi\\\/#article\",\"isPartOf\":{\"@id\":\"https:\\\/\\\/www.arquimaster.com.ar\\\/web\\\/vivienda-en-plaza-redonda-vimarvi\\\/\"},\"author\":{\"name\":\"Arquimaster\",\"@id\":\"https:\\\/\\\/www.arquimaster.com.ar\\\/web\\\/#\\\/schema\\\/person\\\/359e9f7c00193fcde068e0dd2ceb0028\"},\"headline\":\"Vivienda en Plaza Redonda \\\/ VIMARVI\",\"datePublished\":\"2024-10-23T21:32:12+00:00\",\"dateModified\":\"2025-07-24T23:08:46+00:00\",\"mainEntityOfPage\":{\"@id\":\"https:\\\/\\\/www.arquimaster.com.ar\\\/web\\\/vivienda-en-plaza-redonda-vimarvi\\\/\"},\"wordCount\":1016,\"publisher\":{\"@id\":\"https:\\\/\\\/www.arquimaster.com.ar\\\/web\\\/#organization\"},\"image\":{\"@id\":\"https:\\\/\\\/www.arquimaster.com.ar\\\/web\\\/vivienda-en-plaza-redonda-vimarvi\\\/#primaryimage\"},\"thumbnailUrl\":\"https:\\\/\\\/www.arquimaster.com.ar\\\/web\\\/wp-content\\\/uploads\\\/2024\\\/10\\\/vivienda_plaza_redonda_slide.jpg\",\"keywords\":[\"apartamento\",\"departamento\",\"Espa\u00f1a\",\"Plaza Redonda\",\"reforma de apartamento\",\"reforma de vivienda\",\"Valencia\",\"VIMARVI\"],\"articleSection\":[\"Departamentos y Lofts\",\"Proyecto\"],\"inLanguage\":\"es\"},{\"@type\":\"WebPage\",\"@id\":\"https:\\\/\\\/www.arquimaster.com.ar\\\/web\\\/vivienda-en-plaza-redonda-vimarvi\\\/\",\"url\":\"https:\\\/\\\/www.arquimaster.com.ar\\\/web\\\/vivienda-en-plaza-redonda-vimarvi\\\/\",\"name\":\"Vivienda en Plaza Redonda \\\/ VIMARVI - Arquimaster\",\"isPartOf\":{\"@id\":\"https:\\\/\\\/www.arquimaster.com.ar\\\/web\\\/#website\"},\"primaryImageOfPage\":{\"@id\":\"https:\\\/\\\/www.arquimaster.com.ar\\\/web\\\/vivienda-en-plaza-redonda-vimarvi\\\/#primaryimage\"},\"image\":{\"@id\":\"https:\\\/\\\/www.arquimaster.com.ar\\\/web\\\/vivienda-en-plaza-redonda-vimarvi\\\/#primaryimage\"},\"thumbnailUrl\":\"https:\\\/\\\/www.arquimaster.com.ar\\\/web\\\/wp-content\\\/uploads\\\/2024\\\/10\\\/vivienda_plaza_redonda_slide.jpg\",\"datePublished\":\"2024-10-23T21:32:12+00:00\",\"dateModified\":\"2025-07-24T23:08:46+00:00\",\"description\":\"Transformaci\u00f3n de una antigua vivienda situada en uno de los lugares m\u00e1s emblem\u00e1ticos de Val\u00e8ncia: la Plaza Redonda.\",\"breadcrumb\":{\"@id\":\"https:\\\/\\\/www.arquimaster.com.ar\\\/web\\\/vivienda-en-plaza-redonda-vimarvi\\\/#breadcrumb\"},\"inLanguage\":\"es\",\"potentialAction\":[{\"@type\":\"ReadAction\",\"target\":[\"https:\\\/\\\/www.arquimaster.com.ar\\\/web\\\/vivienda-en-plaza-redonda-vimarvi\\\/\"]}]},{\"@type\":\"ImageObject\",\"inLanguage\":\"es\",\"@id\":\"https:\\\/\\\/www.arquimaster.com.ar\\\/web\\\/vivienda-en-plaza-redonda-vimarvi\\\/#primaryimage\",\"url\":\"https:\\\/\\\/www.arquimaster.com.ar\\\/web\\\/wp-content\\\/uploads\\\/2024\\\/10\\\/vivienda_plaza_redonda_slide.jpg\",\"contentUrl\":\"https:\\\/\\\/www.arquimaster.com.ar\\\/web\\\/wp-content\\\/uploads\\\/2024\\\/10\\\/vivienda_plaza_redonda_slide.jpg\",\"width\":698,\"height\":364,\"caption\":\"Vivienda en Plaza Redonda \\\/ VIMARVI\"},{\"@type\":\"BreadcrumbList\",\"@id\":\"https:\\\/\\\/www.arquimaster.com.ar\\\/web\\\/vivienda-en-plaza-redonda-vimarvi\\\/#breadcrumb\",\"itemListElement\":[{\"@type\":\"ListItem\",\"position\":1,\"name\":\"Portada\",\"item\":\"https:\\\/\\\/www.arquimaster.com.ar\\\/web\\\/\"},{\"@type\":\"ListItem\",\"position\":2,\"name\":\"Vivienda en Plaza Redonda \\\/ VIMARVI\"}]},{\"@type\":\"WebSite\",\"@id\":\"https:\\\/\\\/www.arquimaster.com.ar\\\/web\\\/#website\",\"url\":\"https:\\\/\\\/www.arquimaster.com.ar\\\/web\\\/\",\"name\":\"Arquimaster\",\"description\":\"Web de arquitectura, dise\u00f1o y construccion\",\"publisher\":{\"@id\":\"https:\\\/\\\/www.arquimaster.com.ar\\\/web\\\/#organization\"},\"potentialAction\":[{\"@type\":\"SearchAction\",\"target\":{\"@type\":\"EntryPoint\",\"urlTemplate\":\"https:\\\/\\\/www.arquimaster.com.ar\\\/web\\\/?s={search_term_string}\"},\"query-input\":{\"@type\":\"PropertyValueSpecification\",\"valueRequired\":true,\"valueName\":\"search_term_string\"}}],\"inLanguage\":\"es\"},{\"@type\":\"Organization\",\"@id\":\"https:\\\/\\\/www.arquimaster.com.ar\\\/web\\\/#organization\",\"name\":\"Arquimaster\",\"url\":\"https:\\\/\\\/www.arquimaster.com.ar\\\/web\\\/\",\"logo\":{\"@type\":\"ImageObject\",\"inLanguage\":\"es\",\"@id\":\"https:\\\/\\\/www.arquimaster.com.ar\\\/web\\\/#\\\/schema\\\/logo\\\/image\\\/\",\"url\":\"https:\\\/\\\/www.arquimaster.com.ar\\\/web\\\/wp-content\\\/uploads\\\/2022\\\/06\\\/arquimaster.png\",\"contentUrl\":\"https:\\\/\\\/www.arquimaster.com.ar\\\/web\\\/wp-content\\\/uploads\\\/2022\\\/06\\\/arquimaster.png\",\"width\":594,\"height\":78,\"caption\":\"Arquimaster\"},\"image\":{\"@id\":\"https:\\\/\\\/www.arquimaster.com.ar\\\/web\\\/#\\\/schema\\\/logo\\\/image\\\/\"},\"sameAs\":[\"http:\\\/\\\/www.facebook.com\\\/ARQUIMASTER.com.ar\",\"https:\\\/\\\/x.com\\\/arquimaster\",\"https:\\\/\\\/www.instagram.com\\\/arquimasterblog\\\/\",\"https:\\\/\\\/www.linkedin.com\\\/company\\\/arquimaster\",\"https:\\\/\\\/www.pinterest.com\\\/arquimaster\",\"https:\\\/\\\/t.me\\\/arquimaster\"]},{\"@type\":\"Person\",\"@id\":\"https:\\\/\\\/www.arquimaster.com.ar\\\/web\\\/#\\\/schema\\\/person\\\/359e9f7c00193fcde068e0dd2ceb0028\",\"name\":\"Arquimaster\"}]}<\/script>\n<!-- \/ Yoast SEO plugin. -->","yoast_head_json":{"title":"Vivienda en Plaza Redonda \/ VIMARVI - Arquimaster","description":"Transformaci\u00f3n de una antigua vivienda situada en uno de los lugares m\u00e1s emblem\u00e1ticos de Val\u00e8ncia: la Plaza Redonda.","robots":{"index":"index","follow":"follow","max-snippet":"max-snippet:-1","max-image-preview":"max-image-preview:large","max-video-preview":"max-video-preview:-1"},"canonical":"https:\/\/www.arquimaster.com.ar\/web\/vivienda-en-plaza-redonda-vimarvi\/","og_locale":"es_ES","og_type":"article","og_title":"Vivienda en Plaza Redonda \/ VIMARVI","og_description":"Transformaci\u00f3n de una antigua vivienda situada en uno de los lugares m\u00e1s emblem\u00e1ticos de Val\u00e8ncia: la Plaza Redonda.","og_url":"https:\/\/www.arquimaster.com.ar\/web\/vivienda-en-plaza-redonda-vimarvi\/","og_site_name":"Arquimaster","article_publisher":"http:\/\/www.facebook.com\/ARQUIMASTER.com.ar","article_published_time":"2024-10-23T21:32:12+00:00","article_modified_time":"2025-07-24T23:08:46+00:00","og_image":[{"width":698,"height":364,"url":"https:\/\/www.arquimaster.com.ar\/web\/wp-content\/uploads\/2024\/10\/vivienda_plaza_redonda_slide.jpg","type":"image\/jpeg"}],"author":"Arquimaster","twitter_card":"summary_large_image","twitter_title":"Vivienda en Plaza Redonda \/ VIMARVI","twitter_description":"Transformaci\u00f3n de una antigua vivienda situada en uno de los lugares m\u00e1s emblem\u00e1ticos de Val\u00e8ncia: la Plaza Redonda.","twitter_image":"https:\/\/www.arquimaster.com.ar\/web\/wp-content\/uploads\/2024\/10\/vivienda_plaza_redonda_slide.jpg","twitter_creator":"@arquimaster","twitter_site":"@arquimaster","twitter_misc":{"Escrito por":"Arquimaster","Tiempo de lectura":"5 minutos"},"schema":{"@context":"https:\/\/schema.org","@graph":[{"@type":"Article","@id":"https:\/\/www.arquimaster.com.ar\/web\/vivienda-en-plaza-redonda-vimarvi\/#article","isPartOf":{"@id":"https:\/\/www.arquimaster.com.ar\/web\/vivienda-en-plaza-redonda-vimarvi\/"},"author":{"name":"Arquimaster","@id":"https:\/\/www.arquimaster.com.ar\/web\/#\/schema\/person\/359e9f7c00193fcde068e0dd2ceb0028"},"headline":"Vivienda en Plaza Redonda \/ VIMARVI","datePublished":"2024-10-23T21:32:12+00:00","dateModified":"2025-07-24T23:08:46+00:00","mainEntityOfPage":{"@id":"https:\/\/www.arquimaster.com.ar\/web\/vivienda-en-plaza-redonda-vimarvi\/"},"wordCount":1016,"publisher":{"@id":"https:\/\/www.arquimaster.com.ar\/web\/#organization"},"image":{"@id":"https:\/\/www.arquimaster.com.ar\/web\/vivienda-en-plaza-redonda-vimarvi\/#primaryimage"},"thumbnailUrl":"https:\/\/www.arquimaster.com.ar\/web\/wp-content\/uploads\/2024\/10\/vivienda_plaza_redonda_slide.jpg","keywords":["apartamento","departamento","Espa\u00f1a","Plaza Redonda","reforma de apartamento","reforma de vivienda","Valencia","VIMARVI"],"articleSection":["Departamentos y Lofts","Proyecto"],"inLanguage":"es"},{"@type":"WebPage","@id":"https:\/\/www.arquimaster.com.ar\/web\/vivienda-en-plaza-redonda-vimarvi\/","url":"https:\/\/www.arquimaster.com.ar\/web\/vivienda-en-plaza-redonda-vimarvi\/","name":"Vivienda en Plaza Redonda \/ VIMARVI - Arquimaster","isPartOf":{"@id":"https:\/\/www.arquimaster.com.ar\/web\/#website"},"primaryImageOfPage":{"@id":"https:\/\/www.arquimaster.com.ar\/web\/vivienda-en-plaza-redonda-vimarvi\/#primaryimage"},"image":{"@id":"https:\/\/www.arquimaster.com.ar\/web\/vivienda-en-plaza-redonda-vimarvi\/#primaryimage"},"thumbnailUrl":"https:\/\/www.arquimaster.com.ar\/web\/wp-content\/uploads\/2024\/10\/vivienda_plaza_redonda_slide.jpg","datePublished":"2024-10-23T21:32:12+00:00","dateModified":"2025-07-24T23:08:46+00:00","description":"Transformaci\u00f3n de una antigua vivienda situada en uno de los lugares m\u00e1s emblem\u00e1ticos de Val\u00e8ncia: la Plaza Redonda.","breadcrumb":{"@id":"https:\/\/www.arquimaster.com.ar\/web\/vivienda-en-plaza-redonda-vimarvi\/#breadcrumb"},"inLanguage":"es","potentialAction":[{"@type":"ReadAction","target":["https:\/\/www.arquimaster.com.ar\/web\/vivienda-en-plaza-redonda-vimarvi\/"]}]},{"@type":"ImageObject","inLanguage":"es","@id":"https:\/\/www.arquimaster.com.ar\/web\/vivienda-en-plaza-redonda-vimarvi\/#primaryimage","url":"https:\/\/www.arquimaster.com.ar\/web\/wp-content\/uploads\/2024\/10\/vivienda_plaza_redonda_slide.jpg","contentUrl":"https:\/\/www.arquimaster.com.ar\/web\/wp-content\/uploads\/2024\/10\/vivienda_plaza_redonda_slide.jpg","width":698,"height":364,"caption":"Vivienda en Plaza Redonda \/ VIMARVI"},{"@type":"BreadcrumbList","@id":"https:\/\/www.arquimaster.com.ar\/web\/vivienda-en-plaza-redonda-vimarvi\/#breadcrumb","itemListElement":[{"@type":"ListItem","position":1,"name":"Portada","item":"https:\/\/www.arquimaster.com.ar\/web\/"},{"@type":"ListItem","position":2,"name":"Vivienda en Plaza Redonda \/ VIMARVI"}]},{"@type":"WebSite","@id":"https:\/\/www.arquimaster.com.ar\/web\/#website","url":"https:\/\/www.arquimaster.com.ar\/web\/","name":"Arquimaster","description":"Web de arquitectura, dise\u00f1o y construccion","publisher":{"@id":"https:\/\/www.arquimaster.com.ar\/web\/#organization"},"potentialAction":[{"@type":"SearchAction","target":{"@type":"EntryPoint","urlTemplate":"https:\/\/www.arquimaster.com.ar\/web\/?s={search_term_string}"},"query-input":{"@type":"PropertyValueSpecification","valueRequired":true,"valueName":"search_term_string"}}],"inLanguage":"es"},{"@type":"Organization","@id":"https:\/\/www.arquimaster.com.ar\/web\/#organization","name":"Arquimaster","url":"https:\/\/www.arquimaster.com.ar\/web\/","logo":{"@type":"ImageObject","inLanguage":"es","@id":"https:\/\/www.arquimaster.com.ar\/web\/#\/schema\/logo\/image\/","url":"https:\/\/www.arquimaster.com.ar\/web\/wp-content\/uploads\/2022\/06\/arquimaster.png","contentUrl":"https:\/\/www.arquimaster.com.ar\/web\/wp-content\/uploads\/2022\/06\/arquimaster.png","width":594,"height":78,"caption":"Arquimaster"},"image":{"@id":"https:\/\/www.arquimaster.com.ar\/web\/#\/schema\/logo\/image\/"},"sameAs":["http:\/\/www.facebook.com\/ARQUIMASTER.com.ar","https:\/\/x.com\/arquimaster","https:\/\/www.instagram.com\/arquimasterblog\/","https:\/\/www.linkedin.com\/company\/arquimaster","https:\/\/www.pinterest.com\/arquimaster","https:\/\/t.me\/arquimaster"]},{"@type":"Person","@id":"https:\/\/www.arquimaster.com.ar\/web\/#\/schema\/person\/359e9f7c00193fcde068e0dd2ceb0028","name":"Arquimaster"}]}},"uagb_featured_image_src":{"full":["https:\/\/www.arquimaster.com.ar\/web\/wp-content\/uploads\/2024\/10\/vivienda_plaza_redonda_slide.jpg",698,364,false],"thumbnail":["https:\/\/www.arquimaster.com.ar\/web\/wp-content\/uploads\/2024\/10\/vivienda_plaza_redonda_slide-150x150.jpg",150,150,true],"medium":["https:\/\/www.arquimaster.com.ar\/web\/wp-content\/uploads\/2024\/10\/vivienda_plaza_redonda_slide.jpg",698,364,false],"medium_large":["https:\/\/www.arquimaster.com.ar\/web\/wp-content\/uploads\/2024\/10\/vivienda_plaza_redonda_slide.jpg",698,364,false],"large":["https:\/\/www.arquimaster.com.ar\/web\/wp-content\/uploads\/2024\/10\/vivienda_plaza_redonda_slide.jpg",698,364,false],"1536x1536":["https:\/\/www.arquimaster.com.ar\/web\/wp-content\/uploads\/2024\/10\/vivienda_plaza_redonda_slide.jpg",698,364,false],"2048x2048":["https:\/\/www.arquimaster.com.ar\/web\/wp-content\/uploads\/2024\/10\/vivienda_plaza_redonda_slide.jpg",698,364,false]},"uagb_author_info":{"display_name":"Arquimaster","author_link":"https:\/\/www.arquimaster.com.ar\/web\/author\/arquimaster\/"},"uagb_comment_info":0,"uagb_excerpt":"Transformaci\u00f3n de una antigua vivienda ubicada frente a la Plaza Redonda de Valencia...","_links":{"self":[{"href":"https:\/\/www.arquimaster.com.ar\/web\/wp-json\/wp\/v2\/posts\/81696","targetHints":{"allow":["GET"]}}],"collection":[{"href":"https:\/\/www.arquimaster.com.ar\/web\/wp-json\/wp\/v2\/posts"}],"about":[{"href":"https:\/\/www.arquimaster.com.ar\/web\/wp-json\/wp\/v2\/types\/post"}],"author":[{"embeddable":true,"href":"https:\/\/www.arquimaster.com.ar\/web\/wp-json\/wp\/v2\/users\/1"}],"replies":[{"embeddable":true,"href":"https:\/\/www.arquimaster.com.ar\/web\/wp-json\/wp\/v2\/comments?post=81696"}],"version-history":[{"count":3,"href":"https:\/\/www.arquimaster.com.ar\/web\/wp-json\/wp\/v2\/posts\/81696\/revisions"}],"predecessor-version":[{"id":85111,"href":"https:\/\/www.arquimaster.com.ar\/web\/wp-json\/wp\/v2\/posts\/81696\/revisions\/85111"}],"wp:featuredmedia":[{"embeddable":true,"href":"https:\/\/www.arquimaster.com.ar\/web\/wp-json\/wp\/v2\/media\/81697"}],"wp:attachment":[{"href":"https:\/\/www.arquimaster.com.ar\/web\/wp-json\/wp\/v2\/media?parent=81696"}],"wp:term":[{"taxonomy":"category","embeddable":true,"href":"https:\/\/www.arquimaster.com.ar\/web\/wp-json\/wp\/v2\/categories?post=81696"},{"taxonomy":"post_tag","embeddable":true,"href":"https:\/\/www.arquimaster.com.ar\/web\/wp-json\/wp\/v2\/tags?post=81696"}],"curies":[{"name":"wp","href":"https:\/\/api.w.org\/{rel}","templated":true}]}}