{"id":81968,"date":"2024-10-30T18:32:42","date_gmt":"2024-10-30T21:32:42","guid":{"rendered":"https:\/\/www.arquimaster.com.ar\/web\/?p=81968"},"modified":"2025-07-24T19:20:07","modified_gmt":"2025-07-24T22:20:07","slug":"casa-los-molles-jarq","status":"publish","type":"post","link":"https:\/\/www.arquimaster.com.ar\/web\/casa-los-molles-jarq\/","title":{"rendered":"Casa Los Molles \/ JARQ"},"content":{"rendered":"<div style=\"margin-top: 0px; margin-bottom: 0px;\" class=\"sharethis-inline-share-buttons\" ><\/div><div class=\"b812932af2e751442846f039925109de\" data-index=\"1\" style=\"float: none; margin:25px 0 25px 0; text-align:center;\">\n<script async src=\"https:\/\/pagead2.googlesyndication.com\/pagead\/js\/adsbygoogle.js\"><\/script>\r\n<!-- Arquimaster (superior) -->\r\n<ins class=\"adsbygoogle\"\r\n     style=\"display:block\"\r\n     data-ad-client=\"ca-pub-6351072698456832\"\r\n     data-ad-slot=\"6455489680\"\r\n     data-ad-format=\"auto\"\r\n     data-full-width-responsive=\"true\"><\/ins>\r\n<script>\r\n     (adsbygoogle = window.adsbygoogle || []).push({});\r\n<\/script>\n<\/div>\n<p><strong>Casa Los Molles<\/strong> (Villa General Belgrano, Pcia. de C\u00f3rdoba, Argentina) por <strong>JARQ<\/strong> (Javier L\u00f3pez Revol y Rocio Ibarra). Este proyecto est\u00e1 marcado por el desaf\u00edo de llevar al l\u00edmite, sin la necesidad de cruzarlo, la normativa del lugar que busca mantener la imagen y el paisaje de un pueblo centroeuropeo en las sierras de C\u00f3rdoba, Argentina.<\/p>\n<div id='gallery-1' class='gallery galleryid-81968 gallery-columns-3 gallery-size-thumbnail'><figure class='gallery-item'>\n\t\t\t<div class='gallery-icon portrait'>\n\t\t\t\t<a href='https:\/\/www.arquimaster.com.ar\/web\/wp-content\/uploads\/2024\/10\/casa_los_molles_1.jpg' title=\"Casa Los Molles \/ JARQ (\u00a9 Ramiro Sosa)\" data-rl_title=\"Casa Los Molles \/ JARQ (\u00a9 Ramiro Sosa)\" class=\"rl-gallery-link\" data-rl_caption=\"Casa Los Molles \/ JARQ (\u00a9 Ramiro Sosa)\" data-rel=\"lightbox-gallery-1\"><img loading=\"lazy\" decoding=\"async\" width=\"150\" height=\"150\" src=\"https:\/\/www.arquimaster.com.ar\/web\/wp-content\/uploads\/2024\/10\/casa_los_molles_1-150x150.jpg\" class=\"attachment-thumbnail size-thumbnail\" alt=\"Casa Los Molles \/ JARQ\" aria-describedby=\"gallery-1-81970\" \/><\/a>\n\t\t\t<\/div>\n\t\t\t\t<figcaption class='wp-caption-text gallery-caption' id='gallery-1-81970'>\n\t\t\t\tCasa Los Molles \/ JARQ (\u00a9 Ramiro Sosa)\n\t\t\t\t<\/figcaption><\/figure><figure class='gallery-item'>\n\t\t\t<div class='gallery-icon landscape'>\n\t\t\t\t<a href='https:\/\/www.arquimaster.com.ar\/web\/wp-content\/uploads\/2024\/10\/casa_los_molles_2.jpg' title=\"Casa Los Molles \/ JARQ (\u00a9 Ramiro Sosa)\" data-rl_title=\"Casa Los Molles \/ JARQ (\u00a9 Ramiro Sosa)\" class=\"rl-gallery-link\" data-rl_caption=\"Casa Los Molles \/ JARQ (\u00a9 Ramiro Sosa)\" data-rel=\"lightbox-gallery-1\"><img loading=\"lazy\" decoding=\"async\" width=\"150\" height=\"150\" src=\"https:\/\/www.arquimaster.com.ar\/web\/wp-content\/uploads\/2024\/10\/casa_los_molles_2-150x150.jpg\" class=\"attachment-thumbnail size-thumbnail\" alt=\"Casa Los Molles \/ JARQ\" aria-describedby=\"gallery-1-81971\" \/><\/a>\n\t\t\t<\/div>\n\t\t\t\t<figcaption class='wp-caption-text gallery-caption' id='gallery-1-81971'>\n\t\t\t\tCasa Los Molles \/ JARQ (\u00a9 Ramiro Sosa)\n\t\t\t\t<\/figcaption><\/figure><figure class='gallery-item'>\n\t\t\t<div class='gallery-icon portrait'>\n\t\t\t\t<a href='https:\/\/www.arquimaster.com.ar\/web\/wp-content\/uploads\/2024\/10\/casa_los_molles_3.jpg' title=\"Casa Los Molles \/ JARQ (\u00a9 Ramiro Sosa)\" data-rl_title=\"Casa Los Molles \/ JARQ (\u00a9 Ramiro Sosa)\" class=\"rl-gallery-link\" data-rl_caption=\"Casa Los Molles \/ JARQ (\u00a9 Ramiro Sosa)\" data-rel=\"lightbox-gallery-1\"><img loading=\"lazy\" decoding=\"async\" width=\"150\" height=\"150\" src=\"https:\/\/www.arquimaster.com.ar\/web\/wp-content\/uploads\/2024\/10\/casa_los_molles_3-150x150.jpg\" class=\"attachment-thumbnail size-thumbnail\" alt=\"Casa Los Molles \/ JARQ\" aria-describedby=\"gallery-1-81972\" \/><\/a>\n\t\t\t<\/div>\n\t\t\t\t<figcaption class='wp-caption-text gallery-caption' id='gallery-1-81972'>\n\t\t\t\tCasa Los Molles \/ JARQ (\u00a9 Ramiro Sosa)\n\t\t\t\t<\/figcaption><\/figure><figure class='gallery-item'>\n\t\t\t<div class='gallery-icon portrait'>\n\t\t\t\t<a href='https:\/\/www.arquimaster.com.ar\/web\/wp-content\/uploads\/2024\/10\/casa_los_molles_4.jpg' title=\"Casa Los Molles \/ JARQ (\u00a9 Ramiro Sosa)\" data-rl_title=\"Casa Los Molles \/ JARQ (\u00a9 Ramiro Sosa)\" class=\"rl-gallery-link\" data-rl_caption=\"Casa Los Molles \/ JARQ (\u00a9 Ramiro Sosa)\" data-rel=\"lightbox-gallery-1\"><img loading=\"lazy\" decoding=\"async\" width=\"150\" height=\"150\" src=\"https:\/\/www.arquimaster.com.ar\/web\/wp-content\/uploads\/2024\/10\/casa_los_molles_4-150x150.jpg\" class=\"attachment-thumbnail size-thumbnail\" alt=\"Casa Los Molles \/ JARQ\" aria-describedby=\"gallery-1-81973\" \/><\/a>\n\t\t\t<\/div>\n\t\t\t\t<figcaption class='wp-caption-text gallery-caption' id='gallery-1-81973'>\n\t\t\t\tCasa Los Molles \/ JARQ (\u00a9 Ramiro Sosa)\n\t\t\t\t<\/figcaption><\/figure><figure class='gallery-item'>\n\t\t\t<div class='gallery-icon portrait'>\n\t\t\t\t<a href='https:\/\/www.arquimaster.com.ar\/web\/wp-content\/uploads\/2024\/10\/casa_los_molles_5.jpg' title=\"Casa Los Molles \/ JARQ (\u00a9 Ramiro Sosa)\" data-rl_title=\"Casa Los Molles \/ JARQ (\u00a9 Ramiro Sosa)\" class=\"rl-gallery-link\" data-rl_caption=\"Casa Los Molles \/ JARQ (\u00a9 Ramiro Sosa)\" data-rel=\"lightbox-gallery-1\"><img loading=\"lazy\" decoding=\"async\" width=\"150\" height=\"150\" src=\"https:\/\/www.arquimaster.com.ar\/web\/wp-content\/uploads\/2024\/10\/casa_los_molles_5-150x150.jpg\" class=\"attachment-thumbnail size-thumbnail\" alt=\"Casa Los Molles \/ JARQ\" aria-describedby=\"gallery-1-81974\" \/><\/a>\n\t\t\t<\/div>\n\t\t\t\t<figcaption class='wp-caption-text gallery-caption' id='gallery-1-81974'>\n\t\t\t\tCasa Los Molles \/ JARQ (\u00a9 Ramiro Sosa)\n\t\t\t\t<\/figcaption><\/figure><figure class='gallery-item'>\n\t\t\t<div class='gallery-icon portrait'>\n\t\t\t\t<a href='https:\/\/www.arquimaster.com.ar\/web\/wp-content\/uploads\/2024\/10\/casa_los_molles_6.jpg' title=\"Casa Los Molles \/ JARQ (\u00a9 Ramiro Sosa)\" data-rl_title=\"Casa Los Molles \/ JARQ (\u00a9 Ramiro Sosa)\" class=\"rl-gallery-link\" data-rl_caption=\"Casa Los Molles \/ JARQ (\u00a9 Ramiro Sosa)\" data-rel=\"lightbox-gallery-1\"><img loading=\"lazy\" decoding=\"async\" width=\"150\" height=\"150\" src=\"https:\/\/www.arquimaster.com.ar\/web\/wp-content\/uploads\/2024\/10\/casa_los_molles_6-150x150.jpg\" class=\"attachment-thumbnail size-thumbnail\" alt=\"Casa Los Molles \/ JARQ\" aria-describedby=\"gallery-1-81975\" \/><\/a>\n\t\t\t<\/div>\n\t\t\t\t<figcaption class='wp-caption-text gallery-caption' id='gallery-1-81975'>\n\t\t\t\tCasa Los Molles \/ JARQ (\u00a9 Ramiro Sosa)\n\t\t\t\t<\/figcaption><\/figure><figure class='gallery-item'>\n\t\t\t<div class='gallery-icon portrait'>\n\t\t\t\t<a href='https:\/\/www.arquimaster.com.ar\/web\/wp-content\/uploads\/2024\/10\/casa_los_molles_7.jpg' title=\"Casa Los Molles \/ JARQ (\u00a9 Ramiro Sosa)\" data-rl_title=\"Casa Los Molles \/ JARQ (\u00a9 Ramiro Sosa)\" class=\"rl-gallery-link\" data-rl_caption=\"Casa Los Molles \/ JARQ (\u00a9 Ramiro Sosa)\" data-rel=\"lightbox-gallery-1\"><img loading=\"lazy\" decoding=\"async\" width=\"150\" height=\"150\" src=\"https:\/\/www.arquimaster.com.ar\/web\/wp-content\/uploads\/2024\/10\/casa_los_molles_7-150x150.jpg\" class=\"attachment-thumbnail size-thumbnail\" alt=\"Casa Los Molles \/ JARQ\" aria-describedby=\"gallery-1-81976\" \/><\/a>\n\t\t\t<\/div>\n\t\t\t\t<figcaption class='wp-caption-text gallery-caption' id='gallery-1-81976'>\n\t\t\t\tCasa Los Molles \/ JARQ (\u00a9 Ramiro Sosa)\n\t\t\t\t<\/figcaption><\/figure><figure class='gallery-item'>\n\t\t\t<div class='gallery-icon landscape'>\n\t\t\t\t<a href='https:\/\/www.arquimaster.com.ar\/web\/wp-content\/uploads\/2024\/10\/casa_los_molles_8.jpg' title=\"Casa Los Molles \/ JARQ (\u00a9 Ramiro Sosa)\" data-rl_title=\"Casa Los Molles \/ JARQ (\u00a9 Ramiro Sosa)\" class=\"rl-gallery-link\" data-rl_caption=\"Casa Los Molles \/ JARQ (\u00a9 Ramiro Sosa)\" data-rel=\"lightbox-gallery-1\"><img loading=\"lazy\" decoding=\"async\" width=\"150\" height=\"150\" src=\"https:\/\/www.arquimaster.com.ar\/web\/wp-content\/uploads\/2024\/10\/casa_los_molles_8-150x150.jpg\" class=\"attachment-thumbnail size-thumbnail\" alt=\"Casa Los Molles \/ JARQ\" aria-describedby=\"gallery-1-81977\" \/><\/a>\n\t\t\t<\/div>\n\t\t\t\t<figcaption class='wp-caption-text gallery-caption' id='gallery-1-81977'>\n\t\t\t\tCasa Los Molles \/ JARQ (\u00a9 Ramiro Sosa)\n\t\t\t\t<\/figcaption><\/figure><figure class='gallery-item'>\n\t\t\t<div class='gallery-icon landscape'>\n\t\t\t\t<a href='https:\/\/www.arquimaster.com.ar\/web\/wp-content\/uploads\/2024\/10\/casa_los_molles_9.jpg' title=\"Casa Los Molles \/ JARQ (\u00a9 Ramiro Sosa)\" data-rl_title=\"Casa Los Molles \/ JARQ (\u00a9 Ramiro Sosa)\" class=\"rl-gallery-link\" data-rl_caption=\"Casa Los Molles \/ JARQ (\u00a9 Ramiro Sosa)\" data-rel=\"lightbox-gallery-1\"><img loading=\"lazy\" decoding=\"async\" width=\"150\" height=\"150\" src=\"https:\/\/www.arquimaster.com.ar\/web\/wp-content\/uploads\/2024\/10\/casa_los_molles_9-150x150.jpg\" class=\"attachment-thumbnail size-thumbnail\" alt=\"Casa Los Molles \/ JARQ\" aria-describedby=\"gallery-1-81978\" \/><\/a>\n\t\t\t<\/div>\n\t\t\t\t<figcaption class='wp-caption-text gallery-caption' id='gallery-1-81978'>\n\t\t\t\tCasa Los Molles \/ JARQ (\u00a9 Ramiro Sosa)\n\t\t\t\t<\/figcaption><\/figure><figure class='gallery-item'>\n\t\t\t<div class='gallery-icon landscape'>\n\t\t\t\t<a href='https:\/\/www.arquimaster.com.ar\/web\/wp-content\/uploads\/2024\/10\/casa_los_molles_10.jpg' title=\"Casa Los Molles \/ JARQ (\u00a9 Ramiro Sosa)\" data-rl_title=\"Casa Los Molles \/ JARQ (\u00a9 Ramiro Sosa)\" class=\"rl-gallery-link\" data-rl_caption=\"Casa Los Molles \/ JARQ (\u00a9 Ramiro Sosa)\" data-rel=\"lightbox-gallery-1\"><img loading=\"lazy\" decoding=\"async\" width=\"150\" height=\"150\" src=\"https:\/\/www.arquimaster.com.ar\/web\/wp-content\/uploads\/2024\/10\/casa_los_molles_10-150x150.jpg\" class=\"attachment-thumbnail size-thumbnail\" alt=\"Casa Los Molles \/ JARQ\" aria-describedby=\"gallery-1-81979\" \/><\/a>\n\t\t\t<\/div>\n\t\t\t\t<figcaption class='wp-caption-text gallery-caption' id='gallery-1-81979'>\n\t\t\t\tCasa Los Molles \/ JARQ (\u00a9 Ramiro Sosa)\n\t\t\t\t<\/figcaption><\/figure><figure class='gallery-item'>\n\t\t\t<div class='gallery-icon landscape'>\n\t\t\t\t<a href='https:\/\/www.arquimaster.com.ar\/web\/wp-content\/uploads\/2024\/10\/casa_los_molles_11.jpg' title=\"Casa Los Molles \/ JARQ (\u00a9 Ramiro Sosa)\" data-rl_title=\"Casa Los Molles \/ JARQ (\u00a9 Ramiro Sosa)\" class=\"rl-gallery-link\" data-rl_caption=\"Casa Los Molles \/ JARQ (\u00a9 Ramiro Sosa)\" data-rel=\"lightbox-gallery-1\"><img loading=\"lazy\" decoding=\"async\" width=\"150\" height=\"150\" src=\"https:\/\/www.arquimaster.com.ar\/web\/wp-content\/uploads\/2024\/10\/casa_los_molles_11-150x150.jpg\" class=\"attachment-thumbnail size-thumbnail\" alt=\"Casa Los Molles \/ JARQ\" aria-describedby=\"gallery-1-81980\" \/><\/a>\n\t\t\t<\/div>\n\t\t\t\t<figcaption class='wp-caption-text gallery-caption' id='gallery-1-81980'>\n\t\t\t\tCasa Los Molles \/ JARQ (\u00a9 Ramiro Sosa)\n\t\t\t\t<\/figcaption><\/figure><figure class='gallery-item'>\n\t\t\t<div class='gallery-icon landscape'>\n\t\t\t\t<a href='https:\/\/www.arquimaster.com.ar\/web\/wp-content\/uploads\/2024\/10\/casa_los_molles_12.jpg' title=\"Casa Los Molles \/ JARQ (\u00a9 Ramiro Sosa)\" data-rl_title=\"Casa Los Molles \/ JARQ (\u00a9 Ramiro Sosa)\" class=\"rl-gallery-link\" data-rl_caption=\"Casa Los Molles \/ JARQ (\u00a9 Ramiro Sosa)\" data-rel=\"lightbox-gallery-1\"><img loading=\"lazy\" decoding=\"async\" width=\"150\" height=\"150\" src=\"https:\/\/www.arquimaster.com.ar\/web\/wp-content\/uploads\/2024\/10\/casa_los_molles_12-150x150.jpg\" class=\"attachment-thumbnail size-thumbnail\" alt=\"Casa Los Molles \/ JARQ\" aria-describedby=\"gallery-1-81981\" \/><\/a>\n\t\t\t<\/div>\n\t\t\t\t<figcaption class='wp-caption-text gallery-caption' id='gallery-1-81981'>\n\t\t\t\tCasa Los Molles \/ JARQ (\u00a9 Ramiro Sosa)\n\t\t\t\t<\/figcaption><\/figure><figure class='gallery-item'>\n\t\t\t<div class='gallery-icon portrait'>\n\t\t\t\t<a href='https:\/\/www.arquimaster.com.ar\/web\/wp-content\/uploads\/2024\/10\/casa_los_molles_13.jpg' title=\"Casa Los Molles \/ JARQ (\u00a9 Ramiro Sosa)\" data-rl_title=\"Casa Los Molles \/ JARQ (\u00a9 Ramiro Sosa)\" class=\"rl-gallery-link\" data-rl_caption=\"Casa Los Molles \/ JARQ (\u00a9 Ramiro Sosa)\" data-rel=\"lightbox-gallery-1\"><img loading=\"lazy\" decoding=\"async\" width=\"150\" height=\"150\" src=\"https:\/\/www.arquimaster.com.ar\/web\/wp-content\/uploads\/2024\/10\/casa_los_molles_13-150x150.jpg\" class=\"attachment-thumbnail size-thumbnail\" alt=\"Casa Los Molles \/ JARQ\" aria-describedby=\"gallery-1-81982\" \/><\/a>\n\t\t\t<\/div>\n\t\t\t\t<figcaption class='wp-caption-text gallery-caption' id='gallery-1-81982'>\n\t\t\t\tCasa Los Molles \/ JARQ (\u00a9 Ramiro Sosa)\n\t\t\t\t<\/figcaption><\/figure><figure class='gallery-item'>\n\t\t\t<div class='gallery-icon portrait'>\n\t\t\t\t<a href='https:\/\/www.arquimaster.com.ar\/web\/wp-content\/uploads\/2024\/10\/casa_los_molles_14.jpg' title=\"Casa Los Molles \/ JARQ (\u00a9 Ramiro Sosa)\" data-rl_title=\"Casa Los Molles \/ JARQ (\u00a9 Ramiro Sosa)\" class=\"rl-gallery-link\" data-rl_caption=\"Casa Los Molles \/ JARQ (\u00a9 Ramiro Sosa)\" data-rel=\"lightbox-gallery-1\"><img loading=\"lazy\" decoding=\"async\" width=\"150\" height=\"150\" src=\"https:\/\/www.arquimaster.com.ar\/web\/wp-content\/uploads\/2024\/10\/casa_los_molles_14-150x150.jpg\" class=\"attachment-thumbnail size-thumbnail\" alt=\"Casa Los Molles \/ JARQ\" aria-describedby=\"gallery-1-81983\" \/><\/a>\n\t\t\t<\/div>\n\t\t\t\t<figcaption class='wp-caption-text gallery-caption' id='gallery-1-81983'>\n\t\t\t\tCasa Los Molles \/ JARQ (\u00a9 Ramiro Sosa)\n\t\t\t\t<\/figcaption><\/figure><figure class='gallery-item'>\n\t\t\t<div class='gallery-icon portrait'>\n\t\t\t\t<a href='https:\/\/www.arquimaster.com.ar\/web\/wp-content\/uploads\/2024\/10\/casa_los_molles_15.jpg' title=\"Casa Los Molles \/ JARQ (\u00a9 Ramiro Sosa)\" data-rl_title=\"Casa Los Molles \/ JARQ (\u00a9 Ramiro Sosa)\" class=\"rl-gallery-link\" data-rl_caption=\"Casa Los Molles \/ JARQ (\u00a9 Ramiro Sosa)\" data-rel=\"lightbox-gallery-1\"><img loading=\"lazy\" decoding=\"async\" width=\"150\" height=\"150\" src=\"https:\/\/www.arquimaster.com.ar\/web\/wp-content\/uploads\/2024\/10\/casa_los_molles_15-150x150.jpg\" class=\"attachment-thumbnail size-thumbnail\" alt=\"Casa Los Molles \/ JARQ\" aria-describedby=\"gallery-1-81984\" \/><\/a>\n\t\t\t<\/div>\n\t\t\t\t<figcaption class='wp-caption-text gallery-caption' id='gallery-1-81984'>\n\t\t\t\tCasa Los Molles \/ JARQ (\u00a9 Ramiro Sosa)\n\t\t\t\t<\/figcaption><\/figure><figure class='gallery-item'>\n\t\t\t<div class='gallery-icon portrait'>\n\t\t\t\t<a href='https:\/\/www.arquimaster.com.ar\/web\/wp-content\/uploads\/2024\/10\/casa_los_molles_16.jpg' title=\"Casa Los Molles \/ JARQ (\u00a9 Ramiro Sosa)\" data-rl_title=\"Casa Los Molles \/ JARQ (\u00a9 Ramiro Sosa)\" class=\"rl-gallery-link\" data-rl_caption=\"Casa Los Molles \/ JARQ (\u00a9 Ramiro Sosa)\" data-rel=\"lightbox-gallery-1\"><img loading=\"lazy\" decoding=\"async\" width=\"150\" height=\"150\" src=\"https:\/\/www.arquimaster.com.ar\/web\/wp-content\/uploads\/2024\/10\/casa_los_molles_16-150x150.jpg\" class=\"attachment-thumbnail size-thumbnail\" alt=\"Casa Los Molles \/ JARQ\" aria-describedby=\"gallery-1-81985\" \/><\/a>\n\t\t\t<\/div>\n\t\t\t\t<figcaption class='wp-caption-text gallery-caption' id='gallery-1-81985'>\n\t\t\t\tCasa Los Molles \/ JARQ (\u00a9 Ramiro Sosa)\n\t\t\t\t<\/figcaption><\/figure><figure class='gallery-item'>\n\t\t\t<div class='gallery-icon landscape'>\n\t\t\t\t<a href='https:\/\/www.arquimaster.com.ar\/web\/wp-content\/uploads\/2024\/10\/casa_los_molles_17.jpg' title=\"Casa Los Molles \/ JARQ (\u00a9 Ramiro Sosa)\" data-rl_title=\"Casa Los Molles \/ JARQ (\u00a9 Ramiro Sosa)\" class=\"rl-gallery-link\" data-rl_caption=\"Casa Los Molles \/ JARQ (\u00a9 Ramiro Sosa)\" data-rel=\"lightbox-gallery-1\"><img loading=\"lazy\" decoding=\"async\" width=\"150\" height=\"150\" src=\"https:\/\/www.arquimaster.com.ar\/web\/wp-content\/uploads\/2024\/10\/casa_los_molles_17-150x150.jpg\" class=\"attachment-thumbnail size-thumbnail\" alt=\"Casa Los Molles \/ JARQ\" aria-describedby=\"gallery-1-81986\" \/><\/a>\n\t\t\t<\/div>\n\t\t\t\t<figcaption class='wp-caption-text gallery-caption' id='gallery-1-81986'>\n\t\t\t\tCasa Los Molles \/ JARQ (\u00a9 Ramiro Sosa)\n\t\t\t\t<\/figcaption><\/figure><figure class='gallery-item'>\n\t\t\t<div class='gallery-icon landscape'>\n\t\t\t\t<a href='https:\/\/www.arquimaster.com.ar\/web\/wp-content\/uploads\/2024\/10\/casa_los_molles_18.jpg' title=\"Casa Los Molles \/ JARQ (\u00a9 Ramiro Sosa)\" data-rl_title=\"Casa Los Molles \/ JARQ (\u00a9 Ramiro Sosa)\" class=\"rl-gallery-link\" data-rl_caption=\"Casa Los Molles \/ JARQ (\u00a9 Ramiro Sosa)\" data-rel=\"lightbox-gallery-1\"><img loading=\"lazy\" decoding=\"async\" width=\"150\" height=\"150\" src=\"https:\/\/www.arquimaster.com.ar\/web\/wp-content\/uploads\/2024\/10\/casa_los_molles_18-150x150.jpg\" class=\"attachment-thumbnail size-thumbnail\" alt=\"Casa Los Molles \/ JARQ\" aria-describedby=\"gallery-1-81987\" \/><\/a>\n\t\t\t<\/div>\n\t\t\t\t<figcaption class='wp-caption-text gallery-caption' id='gallery-1-81987'>\n\t\t\t\tCasa Los Molles \/ JARQ (\u00a9 Ramiro Sosa)\n\t\t\t\t<\/figcaption><\/figure><figure class='gallery-item'>\n\t\t\t<div class='gallery-icon landscape'>\n\t\t\t\t<a href='https:\/\/www.arquimaster.com.ar\/web\/wp-content\/uploads\/2024\/10\/casa_los_molles_19.jpg' title=\"Casa Los Molles \/ JARQ (\u00a9 Ramiro Sosa)\" data-rl_title=\"Casa Los Molles \/ JARQ (\u00a9 Ramiro Sosa)\" class=\"rl-gallery-link\" data-rl_caption=\"Casa Los Molles \/ JARQ (\u00a9 Ramiro Sosa)\" data-rel=\"lightbox-gallery-1\"><img loading=\"lazy\" decoding=\"async\" width=\"150\" height=\"150\" src=\"https:\/\/www.arquimaster.com.ar\/web\/wp-content\/uploads\/2024\/10\/casa_los_molles_19-150x150.jpg\" class=\"attachment-thumbnail size-thumbnail\" alt=\"Casa Los Molles \/ JARQ\" aria-describedby=\"gallery-1-81988\" \/><\/a>\n\t\t\t<\/div>\n\t\t\t\t<figcaption class='wp-caption-text gallery-caption' id='gallery-1-81988'>\n\t\t\t\tCasa Los Molles \/ JARQ (\u00a9 Ramiro Sosa)\n\t\t\t\t<\/figcaption><\/figure><figure class='gallery-item'>\n\t\t\t<div class='gallery-icon portrait'>\n\t\t\t\t<a href='https:\/\/www.arquimaster.com.ar\/web\/wp-content\/uploads\/2024\/10\/casa_los_molles_20.jpg' title=\"Casa Los Molles \/ JARQ (\u00a9 Ramiro Sosa)\" data-rl_title=\"Casa Los Molles \/ JARQ (\u00a9 Ramiro Sosa)\" class=\"rl-gallery-link\" data-rl_caption=\"Casa Los Molles \/ JARQ (\u00a9 Ramiro Sosa)\" data-rel=\"lightbox-gallery-1\"><img loading=\"lazy\" decoding=\"async\" width=\"150\" height=\"150\" src=\"https:\/\/www.arquimaster.com.ar\/web\/wp-content\/uploads\/2024\/10\/casa_los_molles_20-150x150.jpg\" class=\"attachment-thumbnail size-thumbnail\" alt=\"Casa Los Molles \/ JARQ\" aria-describedby=\"gallery-1-81989\" \/><\/a>\n\t\t\t<\/div>\n\t\t\t\t<figcaption class='wp-caption-text gallery-caption' id='gallery-1-81989'>\n\t\t\t\tCasa Los Molles \/ JARQ (\u00a9 Ramiro Sosa)\n\t\t\t\t<\/figcaption><\/figure><figure class='gallery-item'>\n\t\t\t<div class='gallery-icon landscape'>\n\t\t\t\t<a href='https:\/\/www.arquimaster.com.ar\/web\/wp-content\/uploads\/2024\/10\/casa_los_molles_21.jpg' title=\"Casa Los Molles \/ JARQ ()planta\" data-rl_title=\"Casa Los Molles \/ JARQ ()planta\" class=\"rl-gallery-link\" data-rl_caption=\"Casa Los Molles \/ JARQ ()planta\" data-rel=\"lightbox-gallery-1\"><img loading=\"lazy\" decoding=\"async\" width=\"150\" height=\"150\" src=\"https:\/\/www.arquimaster.com.ar\/web\/wp-content\/uploads\/2024\/10\/casa_los_molles_21-150x150.jpg\" class=\"attachment-thumbnail size-thumbnail\" alt=\"Casa Los Molles \/ JARQ\" aria-describedby=\"gallery-1-81990\" \/><\/a>\n\t\t\t<\/div>\n\t\t\t\t<figcaption class='wp-caption-text gallery-caption' id='gallery-1-81990'>\n\t\t\t\tCasa Los Molles \/ JARQ ()planta\n\t\t\t\t<\/figcaption><\/figure><figure class='gallery-item'>\n\t\t\t<div class='gallery-icon landscape'>\n\t\t\t\t<a href='https:\/\/www.arquimaster.com.ar\/web\/wp-content\/uploads\/2024\/10\/casa_los_molles_22.jpg' title=\"Casa Los Molles \/ JARQ (vista)\" data-rl_title=\"Casa Los Molles \/ JARQ (vista)\" class=\"rl-gallery-link\" data-rl_caption=\"Casa Los Molles \/ JARQ (vista)\" data-rel=\"lightbox-gallery-1\"><img loading=\"lazy\" decoding=\"async\" width=\"150\" height=\"150\" src=\"https:\/\/www.arquimaster.com.ar\/web\/wp-content\/uploads\/2024\/10\/casa_los_molles_22-150x150.jpg\" class=\"attachment-thumbnail size-thumbnail\" alt=\"Casa Los Molles \/ JARQ\" aria-describedby=\"gallery-1-81991\" \/><\/a>\n\t\t\t<\/div>\n\t\t\t\t<figcaption class='wp-caption-text gallery-caption' id='gallery-1-81991'>\n\t\t\t\tCasa Los Molles \/ JARQ (vista)\n\t\t\t\t<\/figcaption><\/figure><figure class='gallery-item'>\n\t\t\t<div class='gallery-icon landscape'>\n\t\t\t\t<a href='https:\/\/www.arquimaster.com.ar\/web\/wp-content\/uploads\/2024\/10\/casa_los_molles_23.jpg' title=\"Casa Los Molles \/ JARQ (vista)\" data-rl_title=\"Casa Los Molles \/ JARQ (vista)\" class=\"rl-gallery-link\" data-rl_caption=\"Casa Los Molles \/ JARQ (vista)\" data-rel=\"lightbox-gallery-1\"><img loading=\"lazy\" decoding=\"async\" width=\"150\" height=\"150\" src=\"https:\/\/www.arquimaster.com.ar\/web\/wp-content\/uploads\/2024\/10\/casa_los_molles_23-150x150.jpg\" class=\"attachment-thumbnail size-thumbnail\" alt=\"Casa Los Molles \/ JARQ\" aria-describedby=\"gallery-1-81992\" \/><\/a>\n\t\t\t<\/div>\n\t\t\t\t<figcaption class='wp-caption-text gallery-caption' id='gallery-1-81992'>\n\t\t\t\tCasa Los Molles \/ JARQ (vista)\n\t\t\t\t<\/figcaption><\/figure><figure class='gallery-item'>\n\t\t\t<div class='gallery-icon landscape'>\n\t\t\t\t<a href='https:\/\/www.arquimaster.com.ar\/web\/wp-content\/uploads\/2024\/10\/casa_los_molles_24.jpg' title=\"Casa Los Molles \/ JARQ (vista)\" data-rl_title=\"Casa Los Molles \/ JARQ (vista)\" class=\"rl-gallery-link\" data-rl_caption=\"Casa Los Molles \/ JARQ (vista)\" data-rel=\"lightbox-gallery-1\"><img loading=\"lazy\" decoding=\"async\" width=\"150\" height=\"150\" src=\"https:\/\/www.arquimaster.com.ar\/web\/wp-content\/uploads\/2024\/10\/casa_los_molles_24-150x150.jpg\" class=\"attachment-thumbnail size-thumbnail\" alt=\"Casa Los Molles \/ JARQ\" aria-describedby=\"gallery-1-81993\" \/><\/a>\n\t\t\t<\/div>\n\t\t\t\t<figcaption class='wp-caption-text gallery-caption' id='gallery-1-81993'>\n\t\t\t\tCasa Los Molles \/ JARQ (vista)\n\t\t\t\t<\/figcaption><\/figure><figure class='gallery-item'>\n\t\t\t<div class='gallery-icon landscape'>\n\t\t\t\t<a href='https:\/\/www.arquimaster.com.ar\/web\/wp-content\/uploads\/2024\/10\/casa_los_molles_25.jpg' title=\"Casa Los Molles \/ JARQ (axonometria)\" data-rl_title=\"Casa Los Molles \/ JARQ (axonometria)\" class=\"rl-gallery-link\" data-rl_caption=\"Casa Los Molles \/ JARQ (axonometria)\" data-rel=\"lightbox-gallery-1\"><img loading=\"lazy\" decoding=\"async\" width=\"150\" height=\"150\" src=\"https:\/\/www.arquimaster.com.ar\/web\/wp-content\/uploads\/2024\/10\/casa_los_molles_25-150x150.jpg\" class=\"attachment-thumbnail size-thumbnail\" alt=\"Casa Los Molles \/ JARQ\" aria-describedby=\"gallery-1-81994\" \/><\/a>\n\t\t\t<\/div>\n\t\t\t\t<figcaption class='wp-caption-text gallery-caption' id='gallery-1-81994'>\n\t\t\t\tCasa Los Molles \/ JARQ (axonometria)\n\t\t\t\t<\/figcaption><\/figure><figure class='gallery-item'>\n\t\t\t<div class='gallery-icon landscape'>\n\t\t\t\t<a href='https:\/\/www.arquimaster.com.ar\/web\/wp-content\/uploads\/2024\/10\/casa_los_molles_26.jpg' title=\"Casa Los Molles \/ JARQ (detalles)\" data-rl_title=\"Casa Los Molles \/ JARQ (detalles)\" class=\"rl-gallery-link\" data-rl_caption=\"Casa Los Molles \/ JARQ (detalles)\" data-rel=\"lightbox-gallery-1\"><img loading=\"lazy\" decoding=\"async\" width=\"150\" height=\"150\" src=\"https:\/\/www.arquimaster.com.ar\/web\/wp-content\/uploads\/2024\/10\/casa_los_molles_26-150x150.jpg\" class=\"attachment-thumbnail size-thumbnail\" alt=\"Casa Los Molles \/ JARQ\" aria-describedby=\"gallery-1-81995\" \/><\/a>\n\t\t\t<\/div>\n\t\t\t\t<figcaption class='wp-caption-text gallery-caption' id='gallery-1-81995'>\n\t\t\t\tCasa Los Molles \/ JARQ (detalles)\n\t\t\t\t<\/figcaption><\/figure><figure class='gallery-item'>\n\t\t\t<div class='gallery-icon landscape'>\n\t\t\t\t<a href='https:\/\/www.arquimaster.com.ar\/web\/wp-content\/uploads\/2024\/10\/casa_los_molles_27.jpg' title=\"Casa Los Molles \/ JARQ (detalles)\" data-rl_title=\"Casa Los Molles \/ JARQ (detalles)\" class=\"rl-gallery-link\" data-rl_caption=\"Casa Los Molles \/ JARQ (detalles)\" data-rel=\"lightbox-gallery-1\"><img loading=\"lazy\" decoding=\"async\" width=\"150\" height=\"150\" src=\"https:\/\/www.arquimaster.com.ar\/web\/wp-content\/uploads\/2024\/10\/casa_los_molles_27-150x150.jpg\" class=\"attachment-thumbnail size-thumbnail\" alt=\"Casa Los Molles \/ JARQ\" aria-describedby=\"gallery-1-81996\" \/><\/a>\n\t\t\t<\/div>\n\t\t\t\t<figcaption class='wp-caption-text gallery-caption' id='gallery-1-81996'>\n\t\t\t\tCasa Los Molles \/ JARQ (detalles)\n\t\t\t\t<\/figcaption><\/figure><figure class='gallery-item'>\n\t\t\t<div class='gallery-icon landscape'>\n\t\t\t\t<a href='https:\/\/www.arquimaster.com.ar\/web\/wp-content\/uploads\/2024\/10\/casa_los_molles_28.jpg' title=\"Casa Los Molles \/ JARQ\" data-rl_title=\"Casa Los Molles \/ JARQ\" class=\"rl-gallery-link\" data-rl_caption=\"Casa Los Molles \/ JARQ\" data-rel=\"lightbox-gallery-1\"><img loading=\"lazy\" decoding=\"async\" width=\"150\" height=\"150\" src=\"https:\/\/www.arquimaster.com.ar\/web\/wp-content\/uploads\/2024\/10\/casa_los_molles_28-150x150.jpg\" class=\"attachment-thumbnail size-thumbnail\" alt=\"Casa Los Molles \/ JARQ\" aria-describedby=\"gallery-1-81997\" \/><\/a>\n\t\t\t<\/div>\n\t\t\t\t<figcaption class='wp-caption-text gallery-caption' id='gallery-1-81997'>\n\t\t\t\tCasa Los Molles \/ JARQ\n\t\t\t\t<\/figcaption><\/figure><figure class='gallery-item'>\n\t\t\t<div class='gallery-icon landscape'>\n\t\t\t\t<a href='https:\/\/www.arquimaster.com.ar\/web\/wp-content\/uploads\/2024\/10\/casa_los_molles_29.jpg' title=\"Casa Los Molles \/ JARQ\" data-rl_title=\"Casa Los Molles \/ JARQ\" class=\"rl-gallery-link\" data-rl_caption=\"Casa Los Molles \/ JARQ\" data-rel=\"lightbox-gallery-1\"><img loading=\"lazy\" decoding=\"async\" width=\"150\" height=\"150\" src=\"https:\/\/www.arquimaster.com.ar\/web\/wp-content\/uploads\/2024\/10\/casa_los_molles_29-150x150.jpg\" class=\"attachment-thumbnail size-thumbnail\" alt=\"Casa Los Molles \/ JARQ\" aria-describedby=\"gallery-1-81998\" \/><\/a>\n\t\t\t<\/div>\n\t\t\t\t<figcaption class='wp-caption-text gallery-caption' id='gallery-1-81998'>\n\t\t\t\tCasa Los Molles \/ JARQ\n\t\t\t\t<\/figcaption><\/figure><figure class='gallery-item'>\n\t\t\t<div class='gallery-icon landscape'>\n\t\t\t\t<a href='https:\/\/www.arquimaster.com.ar\/web\/wp-content\/uploads\/2024\/10\/casa_los_molles_30.jpg' title=\"Casa Los Molles \/ JARQ\" data-rl_title=\"Casa Los Molles \/ JARQ\" class=\"rl-gallery-link\" data-rl_caption=\"Casa Los Molles \/ JARQ\" data-rel=\"lightbox-gallery-1\"><img loading=\"lazy\" decoding=\"async\" width=\"150\" height=\"150\" src=\"https:\/\/www.arquimaster.com.ar\/web\/wp-content\/uploads\/2024\/10\/casa_los_molles_30-150x150.jpg\" class=\"attachment-thumbnail size-thumbnail\" alt=\"Casa Los Molles \/ JARQ\" aria-describedby=\"gallery-1-81999\" \/><\/a>\n\t\t\t<\/div>\n\t\t\t\t<figcaption class='wp-caption-text gallery-caption' id='gallery-1-81999'>\n\t\t\t\tCasa Los Molles \/ JARQ\n\t\t\t\t<\/figcaption><\/figure><figure class='gallery-item'>\n\t\t\t<div class='gallery-icon landscape'>\n\t\t\t\t<a href='https:\/\/www.arquimaster.com.ar\/web\/wp-content\/uploads\/2024\/10\/casa_los_molles_31.jpg' title=\"Casa Los Molles \/ JARQ\" data-rl_title=\"Casa Los Molles \/ JARQ\" class=\"rl-gallery-link\" data-rl_caption=\"Casa Los Molles \/ JARQ\" data-rel=\"lightbox-gallery-1\"><img loading=\"lazy\" decoding=\"async\" width=\"150\" height=\"150\" src=\"https:\/\/www.arquimaster.com.ar\/web\/wp-content\/uploads\/2024\/10\/casa_los_molles_31-150x150.jpg\" class=\"attachment-thumbnail size-thumbnail\" alt=\"Casa Los Molles \/ JARQ\" aria-describedby=\"gallery-1-82000\" \/><\/a>\n\t\t\t<\/div>\n\t\t\t\t<figcaption class='wp-caption-text gallery-caption' id='gallery-1-82000'>\n\t\t\t\tCasa Los Molles \/ JARQ\n\t\t\t\t<\/figcaption><\/figure><figure class='gallery-item'>\n\t\t\t<div class='gallery-icon landscape'>\n\t\t\t\t<a href='https:\/\/www.arquimaster.com.ar\/web\/wp-content\/uploads\/2024\/10\/casa_los_molles_32.jpg' title=\"Casa Los Molles \/ JARQ (\u00a9 @drones.arq)\" data-rl_title=\"Casa Los Molles \/ JARQ (\u00a9 @drones.arq)\" class=\"rl-gallery-link\" data-rl_caption=\"Casa Los Molles \/ JARQ (\u00a9 @drones.arq)\" data-rel=\"lightbox-gallery-1\"><img loading=\"lazy\" decoding=\"async\" width=\"150\" height=\"150\" src=\"https:\/\/www.arquimaster.com.ar\/web\/wp-content\/uploads\/2024\/10\/casa_los_molles_32-150x150.jpg\" class=\"attachment-thumbnail size-thumbnail\" alt=\"Casa Los Molles \/ JARQ\" aria-describedby=\"gallery-1-82001\" \/><\/a>\n\t\t\t<\/div>\n\t\t\t\t<figcaption class='wp-caption-text gallery-caption' id='gallery-1-82001'>\n\t\t\t\tCasa Los Molles \/ JARQ (\u00a9 @drones.arq)\n\t\t\t\t<\/figcaption><\/figure><figure class='gallery-item'>\n\t\t\t<div class='gallery-icon landscape'>\n\t\t\t\t<a href='https:\/\/www.arquimaster.com.ar\/web\/wp-content\/uploads\/2024\/10\/casa_los_molles_33.jpg' title=\"Casa Los Molles \/ JARQ (\u00a9 @drones.arq)\" data-rl_title=\"Casa Los Molles \/ JARQ (\u00a9 @drones.arq)\" class=\"rl-gallery-link\" data-rl_caption=\"Casa Los Molles \/ JARQ (\u00a9 @drones.arq)\" data-rel=\"lightbox-gallery-1\"><img loading=\"lazy\" decoding=\"async\" width=\"150\" height=\"150\" src=\"https:\/\/www.arquimaster.com.ar\/web\/wp-content\/uploads\/2024\/10\/casa_los_molles_33-150x150.jpg\" class=\"attachment-thumbnail size-thumbnail\" alt=\"Casa Los Molles \/ JARQ\" aria-describedby=\"gallery-1-82002\" \/><\/a>\n\t\t\t<\/div>\n\t\t\t\t<figcaption class='wp-caption-text gallery-caption' id='gallery-1-82002'>\n\t\t\t\tCasa Los Molles \/ JARQ (\u00a9 @drones.arq)\n\t\t\t\t<\/figcaption><\/figure><figure class='gallery-item'>\n\t\t\t<div class='gallery-icon landscape'>\n\t\t\t\t<a href='https:\/\/www.arquimaster.com.ar\/web\/wp-content\/uploads\/2024\/10\/casa_los_molles_34.jpg' title=\"Casa Los Molles \/ JARQ\" data-rl_title=\"Casa Los Molles \/ JARQ\" class=\"rl-gallery-link\" data-rl_caption=\"Casa Los Molles \/ JARQ\" data-rel=\"lightbox-gallery-1\"><img loading=\"lazy\" decoding=\"async\" width=\"150\" height=\"150\" src=\"https:\/\/www.arquimaster.com.ar\/web\/wp-content\/uploads\/2024\/10\/casa_los_molles_34-150x150.jpg\" class=\"attachment-thumbnail size-thumbnail\" alt=\"Casa Los Molles \/ JARQ\" aria-describedby=\"gallery-1-82003\" \/><\/a>\n\t\t\t<\/div>\n\t\t\t\t<figcaption class='wp-caption-text gallery-caption' id='gallery-1-82003'>\n\t\t\t\tCasa Los Molles \/ JARQ\n\t\t\t\t<\/figcaption><\/figure><figure class='gallery-item'>\n\t\t\t<div class='gallery-icon landscape'>\n\t\t\t\t<a href='https:\/\/www.arquimaster.com.ar\/web\/wp-content\/uploads\/2024\/10\/casa_los_molles_35.jpg' title=\"Casa Los Molles \/ JARQ\" data-rl_title=\"Casa Los Molles \/ JARQ\" class=\"rl-gallery-link\" data-rl_caption=\"Casa Los Molles \/ JARQ\" data-rel=\"lightbox-gallery-1\"><img loading=\"lazy\" decoding=\"async\" width=\"150\" height=\"150\" src=\"https:\/\/www.arquimaster.com.ar\/web\/wp-content\/uploads\/2024\/10\/casa_los_molles_35-150x150.jpg\" class=\"attachment-thumbnail size-thumbnail\" alt=\"Casa Los Molles \/ JARQ\" aria-describedby=\"gallery-1-82004\" \/><\/a>\n\t\t\t<\/div>\n\t\t\t\t<figcaption class='wp-caption-text gallery-caption' id='gallery-1-82004'>\n\t\t\t\tCasa Los Molles \/ JARQ\n\t\t\t\t<\/figcaption><\/figure><figure class='gallery-item'>\n\t\t\t<div class='gallery-icon portrait'>\n\t\t\t\t<a href='https:\/\/www.arquimaster.com.ar\/web\/wp-content\/uploads\/2024\/10\/casa_los_molles_36.jpg' title=\"Casa Los Molles \/ JARQ\" data-rl_title=\"Casa Los Molles \/ JARQ\" class=\"rl-gallery-link\" data-rl_caption=\"Casa Los Molles \/ JARQ\" data-rel=\"lightbox-gallery-1\"><img loading=\"lazy\" decoding=\"async\" width=\"150\" height=\"150\" src=\"https:\/\/www.arquimaster.com.ar\/web\/wp-content\/uploads\/2024\/10\/casa_los_molles_36-150x150.jpg\" class=\"attachment-thumbnail size-thumbnail\" alt=\"Casa Los Molles \/ JARQ\" aria-describedby=\"gallery-1-82005\" \/><\/a>\n\t\t\t<\/div>\n\t\t\t\t<figcaption class='wp-caption-text gallery-caption' id='gallery-1-82005'>\n\t\t\t\tCasa Los Molles \/ JARQ\n\t\t\t\t<\/figcaption><\/figure><figure class='gallery-item'>\n\t\t\t<div class='gallery-icon landscape'>\n\t\t\t\t<a href='https:\/\/www.arquimaster.com.ar\/web\/wp-content\/uploads\/2024\/10\/casa_los_molles_37.jpg' title=\"Casa Los Molles \/ JARQ\" data-rl_title=\"Casa Los Molles \/ JARQ\" class=\"rl-gallery-link\" data-rl_caption=\"Casa Los Molles \/ JARQ\" data-rel=\"lightbox-gallery-1\"><img loading=\"lazy\" decoding=\"async\" width=\"150\" height=\"150\" src=\"https:\/\/www.arquimaster.com.ar\/web\/wp-content\/uploads\/2024\/10\/casa_los_molles_37-150x150.jpg\" class=\"attachment-thumbnail size-thumbnail\" alt=\"Casa Los Molles \/ JARQ\" aria-describedby=\"gallery-1-82006\" \/><\/a>\n\t\t\t<\/div>\n\t\t\t\t<figcaption class='wp-caption-text gallery-caption' id='gallery-1-82006'>\n\t\t\t\tCasa Los Molles \/ JARQ\n\t\t\t\t<\/figcaption><\/figure><figure class='gallery-item'>\n\t\t\t<div class='gallery-icon landscape'>\n\t\t\t\t<a href='https:\/\/www.arquimaster.com.ar\/web\/wp-content\/uploads\/2024\/10\/casa_los_molles_38.jpg' title=\"Casa Los Molles \/ JARQ\" data-rl_title=\"Casa Los Molles \/ JARQ\" class=\"rl-gallery-link\" data-rl_caption=\"Casa Los Molles \/ JARQ\" data-rel=\"lightbox-gallery-1\"><img loading=\"lazy\" decoding=\"async\" width=\"150\" height=\"150\" src=\"https:\/\/www.arquimaster.com.ar\/web\/wp-content\/uploads\/2024\/10\/casa_los_molles_38-150x150.jpg\" class=\"attachment-thumbnail size-thumbnail\" alt=\"Casa Los Molles \/ JARQ\" aria-describedby=\"gallery-1-82007\" \/><\/a>\n\t\t\t<\/div>\n\t\t\t\t<figcaption class='wp-caption-text gallery-caption' id='gallery-1-82007'>\n\t\t\t\tCasa Los Molles \/ JARQ\n\t\t\t\t<\/figcaption><\/figure><figure class='gallery-item'>\n\t\t\t<div class='gallery-icon portrait'>\n\t\t\t\t<a href='https:\/\/www.arquimaster.com.ar\/web\/wp-content\/uploads\/2024\/10\/casa_los_molles_39.jpg' title=\"Casa Los Molles \/ JARQ\" data-rl_title=\"Casa Los Molles \/ JARQ\" class=\"rl-gallery-link\" data-rl_caption=\"Casa Los Molles \/ JARQ\" data-rel=\"lightbox-gallery-1\"><img loading=\"lazy\" decoding=\"async\" width=\"150\" height=\"150\" src=\"https:\/\/www.arquimaster.com.ar\/web\/wp-content\/uploads\/2024\/10\/casa_los_molles_39-150x150.jpg\" class=\"attachment-thumbnail size-thumbnail\" alt=\"Casa Los Molles \/ JARQ\" aria-describedby=\"gallery-1-82008\" \/><\/a>\n\t\t\t<\/div>\n\t\t\t\t<figcaption class='wp-caption-text gallery-caption' id='gallery-1-82008'>\n\t\t\t\tCasa Los Molles \/ JARQ\n\t\t\t\t<\/figcaption><\/figure><figure class='gallery-item'>\n\t\t\t<div class='gallery-icon portrait'>\n\t\t\t\t<a href='https:\/\/www.arquimaster.com.ar\/web\/wp-content\/uploads\/2024\/10\/casa_los_molles_40.jpg' title=\"Casa Los Molles \/ JARQ\" data-rl_title=\"Casa Los Molles \/ JARQ\" class=\"rl-gallery-link\" data-rl_caption=\"Casa Los Molles \/ JARQ\" data-rel=\"lightbox-gallery-1\"><img loading=\"lazy\" decoding=\"async\" width=\"150\" height=\"150\" src=\"https:\/\/www.arquimaster.com.ar\/web\/wp-content\/uploads\/2024\/10\/casa_los_molles_40-150x150.jpg\" class=\"attachment-thumbnail size-thumbnail\" alt=\"Casa Los Molles \/ JARQ\" aria-describedby=\"gallery-1-82009\" \/><\/a>\n\t\t\t<\/div>\n\t\t\t\t<figcaption class='wp-caption-text gallery-caption' id='gallery-1-82009'>\n\t\t\t\tCasa Los Molles \/ JARQ\n\t\t\t\t<\/figcaption><\/figure><figure class='gallery-item'>\n\t\t\t<div class='gallery-icon portrait'>\n\t\t\t\t<a href='https:\/\/www.arquimaster.com.ar\/web\/wp-content\/uploads\/2024\/10\/casa_los_molles_41.jpg' title=\"Casa Los Molles \/ JARQ\" data-rl_title=\"Casa Los Molles \/ JARQ\" class=\"rl-gallery-link\" data-rl_caption=\"Casa Los Molles \/ JARQ\" data-rel=\"lightbox-gallery-1\"><img loading=\"lazy\" decoding=\"async\" width=\"150\" height=\"150\" src=\"https:\/\/www.arquimaster.com.ar\/web\/wp-content\/uploads\/2024\/10\/casa_los_molles_41-150x150.jpg\" class=\"attachment-thumbnail size-thumbnail\" alt=\"Casa Los Molles \/ JARQ\" aria-describedby=\"gallery-1-82010\" \/><\/a>\n\t\t\t<\/div>\n\t\t\t\t<figcaption class='wp-caption-text gallery-caption' id='gallery-1-82010'>\n\t\t\t\tCasa Los Molles \/ JARQ\n\t\t\t\t<\/figcaption><\/figure>\n\t\t<\/div>\n\n<p>Todos los techos deb\u00edan ser a dos aguas, sus pendientes del 30%, aleros materializados, etc. El comitente lo dijo el primer dia: \u00abQuiero una casa singular, que sin salir de la normativa logremos que esta vivienda no tenga el mismo molde que las del lado\u00bb.<\/p>\n<p>La casa se implanta en forma de \u00abT\u00bb donde cada ala corresponde a una funci\u00f3n program\u00e1tica con su respectivo techo a dos aguas, cuyas limatesas confluyen o surgen a modo de estrella de un punto neur\u00e1lgico en el centro de la vivienda, una columna que parece sostener en s\u00ed misma, todo el techo de la construcci\u00f3n.<\/p>\n<p>El techo de la vivienda toma protagonismo e individualidad en el proyecto. Busca exacerbar la uni\u00f3n entre las partes, el quiebre y nacimiento. Busca ser m\u00e1s que un mero elemento de cierre, para permitir diferenciar espacialmente la vivienda, jugar con las escalas, los espacios exteriores, marcar expansiones, ingresos, vanos, enfocar visuales y crear privacidad.<\/p>\n<p>Cada elemento que compone esta cubierta es una pieza singular, tuvo que confeccionarse a medida, lo que da como resultado un trabajo casi artesanal.<\/p>\n<p>La construcci\u00f3n se despega del suelo para generar un espacio de guardado al cual se accede por una rampa lateral. Gran parte de la sala queda suspendida sobre el jard\u00edn frontal generando que desde todo el sector social, pueda observarse al imponente Cerro Champaqui.<\/p>\n<p>El interior es un armonioso juego de texturas y colores donde se entrelaza la calidez de la madera natural de la cubierta, la rusticidad del ladrillo pigmentado negro y los muros de mamposter\u00eda.<\/p>\n<p>Grandes aberturas enmarcan distintos fragmentos del paisaje natural buscando enfatizar la sensaci\u00f3n de cercan\u00eda al pac\u00edfico entorno serrano cordob\u00e9s.<\/p>\n\n\n<div style=\"height:20px\" aria-hidden=\"true\" class=\"wp-block-spacer\"><\/div>\n\n\n\n<p class=\"has-background\" style=\"background-color:#eaeaea\"><strong>Ficha t\u00e9cnica<\/strong><br>Nombre: Los Molles<br>Ubicaci\u00f3n: Villa General Belgrano, Pcia. de C\u00f3rdoba, Argentina<br>Oficina de arquitectura: JARQ<br>Autores: Javier L\u00f3pez Revol, Rocio Ibarra<br>A\u00f1o: 2020-2023<br>Fotograf\u00edas: @drones.arq, Shirley Ferrero, Ana Luz Tavella, Ramiro Sosa<br>Instagram: @_j.arq<br>Facebook: jlopezrevol<\/p>\n\n\n\n<div style=\"height:40px\" aria-hidden=\"true\" class=\"wp-block-spacer\"><\/div>\n\n\n<p><strong><em>English version<\/em><\/strong><\/p>\n<p><em>This project is marked by the challenge of pushing the limits of the local regulations, without the need to cross them, that aim to maintain the image and landscape of a Central European village in the mountains of C\u00f3rdoba, Argentina.<\/em><\/p>\n<p><em>All roofs had to be gabled, with a 30% slope, materialized eaves, etc. \u00abI want a unique house, one that, while staying within the regulations, ensures that this residence does not have the same mold as those next doors\u00bb, the client said on the first day.<\/em><\/p>\n<p><em>The house is arranged in a \u00abT\u00bb shape, where each wing corresponds to a programmatic function with its respective gabled roof. The ridge beams of these roofs converge or emerge like the spokes of a star from a central point in the middle of the dwelling -a column that appears to independently support the entire roof of the structure.<\/em><\/p>\n<p><em>The roof of the dwelling takes center stage and individuality in this project that seeks to accentuate the connection between the parts, the break, and the birth. It aspires to be more than a mere closing element, allowing for spatial differentiation in the residence, playing with scales, and outdoor spaces, marking expansions, entrances, openings, focusing views, and creating privacy.<\/em><\/p>\n<p><em>Each element composing this roof is a unique piece, crafted to measure, resulting in an almost artisanal work.<\/em><\/p>\n<p><em>The construction lifts off the ground to create a storage space accessed by a side ramp. A significant portion of the living area is suspended over the front garden, providing an impressive view of Cerro Champaqui from the entire social sector.<\/em><\/p>\n<p><em>The interior is a harmonious play of textures and colors, where the warmth of the natural wood ceiling intertwines with the rusticity of black pigmented brick and masonry walls.<\/em><\/p>\n<p><em>Large openings frame various segments of the natural landscape, seeking to emphasize the feeling of proximity to the peaceful Cordobese mountain environment.<\/em><\/p>\n<div style=\"font-size: 0px; height: 0px; line-height: 0px; margin: 0; padding: 0; clear: both;\"><\/div><div style=\"margin-top: 0px; margin-bottom: 0px;\" class=\"sharethis-inline-share-buttons\" ><\/div>","protected":false},"excerpt":{"rendered":"<p>Proyecto marcado por la necesidad de llevar al l\u00edmite, sin la necesidad de cruzarlo, la normativa del lugar&#8230;<\/p>\n","protected":false},"author":1,"featured_media":81969,"comment_status":"closed","ping_status":"closed","sticky":false,"template":"","format":"standard","meta":{"_uag_custom_page_level_css":"","footnotes":""},"categories":[1,83],"tags":[14,228,8075,8077,8074,254],"class_list":["post-81968","post","type-post","status-publish","format-standard","has-post-thumbnail","hentry","category-proyecto","category-vivienda-unifamiliar","tag-argentina","tag-cordoba","tag-jarq","tag-rocio-ibarra","tag-villa-general-belgrano","tag-vivienda-unifamiliar-2","generate-columns","tablet-grid-50","mobile-grid-100","grid-parent","grid-50"],"yoast_head":"<!-- This site is optimized with the Yoast SEO plugin v27.3 - https:\/\/yoast.com\/product\/yoast-seo-wordpress\/ -->\n<title>Casa Los Molles \/ JARQ - Arquimaster<\/title>\n<meta name=\"description\" content=\"Este proyecto est\u00e1 marcado por el desaf\u00edo de llevar al l\u00edmite, sin la necesidad de cruzarlo, la normativa del lugar.\" \/>\n<meta name=\"robots\" content=\"index, follow, max-snippet:-1, max-image-preview:large, max-video-preview:-1\" \/>\n<link rel=\"canonical\" href=\"https:\/\/www.arquimaster.com.ar\/web\/casa-los-molles-jarq\/\" \/>\n<meta property=\"og:locale\" content=\"es_ES\" \/>\n<meta property=\"og:type\" content=\"article\" \/>\n<meta property=\"og:title\" content=\"Casa Los Molles \/ JARQ\" \/>\n<meta property=\"og:description\" content=\"Este proyecto est\u00e1 marcado por el desaf\u00edo de llevar al l\u00edmite, sin la necesidad de cruzarlo, la normativa del lugar.\" \/>\n<meta property=\"og:url\" content=\"https:\/\/www.arquimaster.com.ar\/web\/casa-los-molles-jarq\/\" \/>\n<meta property=\"og:site_name\" content=\"Arquimaster\" \/>\n<meta property=\"article:publisher\" content=\"http:\/\/www.facebook.com\/ARQUIMASTER.com.ar\" \/>\n<meta property=\"article:published_time\" content=\"2024-10-30T21:32:42+00:00\" \/>\n<meta property=\"article:modified_time\" content=\"2025-07-24T22:20:07+00:00\" \/>\n<meta property=\"og:image\" content=\"https:\/\/www.arquimaster.com.ar\/web\/wp-content\/uploads\/2024\/10\/casa_los_molles_slide.jpg\" \/>\n\t<meta property=\"og:image:width\" content=\"698\" \/>\n\t<meta property=\"og:image:height\" content=\"364\" \/>\n\t<meta property=\"og:image:type\" content=\"image\/jpeg\" \/>\n<meta name=\"author\" content=\"Arquimaster\" \/>\n<meta name=\"twitter:card\" content=\"summary_large_image\" \/>\n<meta name=\"twitter:title\" content=\"Casa Los Molles \/ JARQ\" \/>\n<meta name=\"twitter:description\" content=\"Este proyecto est\u00e1 marcado por el desaf\u00edo de llevar al l\u00edmite, sin la necesidad de cruzarlo, la normativa del lugar.\" \/>\n<meta name=\"twitter:image\" content=\"https:\/\/www.arquimaster.com.ar\/web\/wp-content\/uploads\/2024\/10\/casa_los_molles_slide.jpg\" \/>\n<meta name=\"twitter:creator\" content=\"@arquimaster\" \/>\n<meta name=\"twitter:site\" content=\"@arquimaster\" \/>\n<meta name=\"twitter:label1\" content=\"Escrito por\" \/>\n\t<meta name=\"twitter:data1\" content=\"Arquimaster\" \/>\n\t<meta name=\"twitter:label2\" content=\"Tiempo de lectura\" \/>\n\t<meta name=\"twitter:data2\" content=\"4 minutos\" \/>\n<script type=\"application\/ld+json\" class=\"yoast-schema-graph\">{\"@context\":\"https:\\\/\\\/schema.org\",\"@graph\":[{\"@type\":\"Article\",\"@id\":\"https:\\\/\\\/www.arquimaster.com.ar\\\/web\\\/casa-los-molles-jarq\\\/#article\",\"isPartOf\":{\"@id\":\"https:\\\/\\\/www.arquimaster.com.ar\\\/web\\\/casa-los-molles-jarq\\\/\"},\"author\":{\"name\":\"Arquimaster\",\"@id\":\"https:\\\/\\\/www.arquimaster.com.ar\\\/web\\\/#\\\/schema\\\/person\\\/359e9f7c00193fcde068e0dd2ceb0028\"},\"headline\":\"Casa Los Molles \\\/ JARQ\",\"datePublished\":\"2024-10-30T21:32:42+00:00\",\"dateModified\":\"2025-07-24T22:20:07+00:00\",\"mainEntityOfPage\":{\"@id\":\"https:\\\/\\\/www.arquimaster.com.ar\\\/web\\\/casa-los-molles-jarq\\\/\"},\"wordCount\":713,\"publisher\":{\"@id\":\"https:\\\/\\\/www.arquimaster.com.ar\\\/web\\\/#organization\"},\"image\":{\"@id\":\"https:\\\/\\\/www.arquimaster.com.ar\\\/web\\\/casa-los-molles-jarq\\\/#primaryimage\"},\"thumbnailUrl\":\"https:\\\/\\\/www.arquimaster.com.ar\\\/web\\\/wp-content\\\/uploads\\\/2024\\\/10\\\/casa_los_molles_slide.jpg\",\"keywords\":[\"Argentina\",\"C\u00f3rdoba\",\"JARQ\",\"Rocio Ibarra\",\"Villa General Belgrano\",\"vivienda unifamiliar\"],\"articleSection\":[\"Proyecto\",\"Vivienda unifamiliar y PH\"],\"inLanguage\":\"es\"},{\"@type\":\"WebPage\",\"@id\":\"https:\\\/\\\/www.arquimaster.com.ar\\\/web\\\/casa-los-molles-jarq\\\/\",\"url\":\"https:\\\/\\\/www.arquimaster.com.ar\\\/web\\\/casa-los-molles-jarq\\\/\",\"name\":\"Casa Los Molles \\\/ JARQ - Arquimaster\",\"isPartOf\":{\"@id\":\"https:\\\/\\\/www.arquimaster.com.ar\\\/web\\\/#website\"},\"primaryImageOfPage\":{\"@id\":\"https:\\\/\\\/www.arquimaster.com.ar\\\/web\\\/casa-los-molles-jarq\\\/#primaryimage\"},\"image\":{\"@id\":\"https:\\\/\\\/www.arquimaster.com.ar\\\/web\\\/casa-los-molles-jarq\\\/#primaryimage\"},\"thumbnailUrl\":\"https:\\\/\\\/www.arquimaster.com.ar\\\/web\\\/wp-content\\\/uploads\\\/2024\\\/10\\\/casa_los_molles_slide.jpg\",\"datePublished\":\"2024-10-30T21:32:42+00:00\",\"dateModified\":\"2025-07-24T22:20:07+00:00\",\"description\":\"Este proyecto est\u00e1 marcado por el desaf\u00edo de llevar al l\u00edmite, sin la necesidad de cruzarlo, la normativa del lugar.\",\"breadcrumb\":{\"@id\":\"https:\\\/\\\/www.arquimaster.com.ar\\\/web\\\/casa-los-molles-jarq\\\/#breadcrumb\"},\"inLanguage\":\"es\",\"potentialAction\":[{\"@type\":\"ReadAction\",\"target\":[\"https:\\\/\\\/www.arquimaster.com.ar\\\/web\\\/casa-los-molles-jarq\\\/\"]}]},{\"@type\":\"ImageObject\",\"inLanguage\":\"es\",\"@id\":\"https:\\\/\\\/www.arquimaster.com.ar\\\/web\\\/casa-los-molles-jarq\\\/#primaryimage\",\"url\":\"https:\\\/\\\/www.arquimaster.com.ar\\\/web\\\/wp-content\\\/uploads\\\/2024\\\/10\\\/casa_los_molles_slide.jpg\",\"contentUrl\":\"https:\\\/\\\/www.arquimaster.com.ar\\\/web\\\/wp-content\\\/uploads\\\/2024\\\/10\\\/casa_los_molles_slide.jpg\",\"width\":698,\"height\":364,\"caption\":\"Casa Los Molles \\\/ JARQ\"},{\"@type\":\"BreadcrumbList\",\"@id\":\"https:\\\/\\\/www.arquimaster.com.ar\\\/web\\\/casa-los-molles-jarq\\\/#breadcrumb\",\"itemListElement\":[{\"@type\":\"ListItem\",\"position\":1,\"name\":\"Portada\",\"item\":\"https:\\\/\\\/www.arquimaster.com.ar\\\/web\\\/\"},{\"@type\":\"ListItem\",\"position\":2,\"name\":\"Casa Los Molles \\\/ JARQ\"}]},{\"@type\":\"WebSite\",\"@id\":\"https:\\\/\\\/www.arquimaster.com.ar\\\/web\\\/#website\",\"url\":\"https:\\\/\\\/www.arquimaster.com.ar\\\/web\\\/\",\"name\":\"Arquimaster\",\"description\":\"Web de arquitectura, dise\u00f1o y construccion\",\"publisher\":{\"@id\":\"https:\\\/\\\/www.arquimaster.com.ar\\\/web\\\/#organization\"},\"potentialAction\":[{\"@type\":\"SearchAction\",\"target\":{\"@type\":\"EntryPoint\",\"urlTemplate\":\"https:\\\/\\\/www.arquimaster.com.ar\\\/web\\\/?s={search_term_string}\"},\"query-input\":{\"@type\":\"PropertyValueSpecification\",\"valueRequired\":true,\"valueName\":\"search_term_string\"}}],\"inLanguage\":\"es\"},{\"@type\":\"Organization\",\"@id\":\"https:\\\/\\\/www.arquimaster.com.ar\\\/web\\\/#organization\",\"name\":\"Arquimaster\",\"url\":\"https:\\\/\\\/www.arquimaster.com.ar\\\/web\\\/\",\"logo\":{\"@type\":\"ImageObject\",\"inLanguage\":\"es\",\"@id\":\"https:\\\/\\\/www.arquimaster.com.ar\\\/web\\\/#\\\/schema\\\/logo\\\/image\\\/\",\"url\":\"https:\\\/\\\/www.arquimaster.com.ar\\\/web\\\/wp-content\\\/uploads\\\/2022\\\/06\\\/arquimaster.png\",\"contentUrl\":\"https:\\\/\\\/www.arquimaster.com.ar\\\/web\\\/wp-content\\\/uploads\\\/2022\\\/06\\\/arquimaster.png\",\"width\":594,\"height\":78,\"caption\":\"Arquimaster\"},\"image\":{\"@id\":\"https:\\\/\\\/www.arquimaster.com.ar\\\/web\\\/#\\\/schema\\\/logo\\\/image\\\/\"},\"sameAs\":[\"http:\\\/\\\/www.facebook.com\\\/ARQUIMASTER.com.ar\",\"https:\\\/\\\/x.com\\\/arquimaster\",\"https:\\\/\\\/www.instagram.com\\\/arquimasterblog\\\/\",\"https:\\\/\\\/www.linkedin.com\\\/company\\\/arquimaster\",\"https:\\\/\\\/www.pinterest.com\\\/arquimaster\",\"https:\\\/\\\/t.me\\\/arquimaster\"]},{\"@type\":\"Person\",\"@id\":\"https:\\\/\\\/www.arquimaster.com.ar\\\/web\\\/#\\\/schema\\\/person\\\/359e9f7c00193fcde068e0dd2ceb0028\",\"name\":\"Arquimaster\"}]}<\/script>\n<!-- \/ Yoast SEO plugin. -->","yoast_head_json":{"title":"Casa Los Molles \/ JARQ - Arquimaster","description":"Este proyecto est\u00e1 marcado por el desaf\u00edo de llevar al l\u00edmite, sin la necesidad de cruzarlo, la normativa del lugar.","robots":{"index":"index","follow":"follow","max-snippet":"max-snippet:-1","max-image-preview":"max-image-preview:large","max-video-preview":"max-video-preview:-1"},"canonical":"https:\/\/www.arquimaster.com.ar\/web\/casa-los-molles-jarq\/","og_locale":"es_ES","og_type":"article","og_title":"Casa Los Molles \/ JARQ","og_description":"Este proyecto est\u00e1 marcado por el desaf\u00edo de llevar al l\u00edmite, sin la necesidad de cruzarlo, la normativa del lugar.","og_url":"https:\/\/www.arquimaster.com.ar\/web\/casa-los-molles-jarq\/","og_site_name":"Arquimaster","article_publisher":"http:\/\/www.facebook.com\/ARQUIMASTER.com.ar","article_published_time":"2024-10-30T21:32:42+00:00","article_modified_time":"2025-07-24T22:20:07+00:00","og_image":[{"width":698,"height":364,"url":"https:\/\/www.arquimaster.com.ar\/web\/wp-content\/uploads\/2024\/10\/casa_los_molles_slide.jpg","type":"image\/jpeg"}],"author":"Arquimaster","twitter_card":"summary_large_image","twitter_title":"Casa Los Molles \/ JARQ","twitter_description":"Este proyecto est\u00e1 marcado por el desaf\u00edo de llevar al l\u00edmite, sin la necesidad de cruzarlo, la normativa del lugar.","twitter_image":"https:\/\/www.arquimaster.com.ar\/web\/wp-content\/uploads\/2024\/10\/casa_los_molles_slide.jpg","twitter_creator":"@arquimaster","twitter_site":"@arquimaster","twitter_misc":{"Escrito por":"Arquimaster","Tiempo de lectura":"4 minutos"},"schema":{"@context":"https:\/\/schema.org","@graph":[{"@type":"Article","@id":"https:\/\/www.arquimaster.com.ar\/web\/casa-los-molles-jarq\/#article","isPartOf":{"@id":"https:\/\/www.arquimaster.com.ar\/web\/casa-los-molles-jarq\/"},"author":{"name":"Arquimaster","@id":"https:\/\/www.arquimaster.com.ar\/web\/#\/schema\/person\/359e9f7c00193fcde068e0dd2ceb0028"},"headline":"Casa Los Molles \/ JARQ","datePublished":"2024-10-30T21:32:42+00:00","dateModified":"2025-07-24T22:20:07+00:00","mainEntityOfPage":{"@id":"https:\/\/www.arquimaster.com.ar\/web\/casa-los-molles-jarq\/"},"wordCount":713,"publisher":{"@id":"https:\/\/www.arquimaster.com.ar\/web\/#organization"},"image":{"@id":"https:\/\/www.arquimaster.com.ar\/web\/casa-los-molles-jarq\/#primaryimage"},"thumbnailUrl":"https:\/\/www.arquimaster.com.ar\/web\/wp-content\/uploads\/2024\/10\/casa_los_molles_slide.jpg","keywords":["Argentina","C\u00f3rdoba","JARQ","Rocio Ibarra","Villa General Belgrano","vivienda unifamiliar"],"articleSection":["Proyecto","Vivienda unifamiliar y PH"],"inLanguage":"es"},{"@type":"WebPage","@id":"https:\/\/www.arquimaster.com.ar\/web\/casa-los-molles-jarq\/","url":"https:\/\/www.arquimaster.com.ar\/web\/casa-los-molles-jarq\/","name":"Casa Los Molles \/ JARQ - Arquimaster","isPartOf":{"@id":"https:\/\/www.arquimaster.com.ar\/web\/#website"},"primaryImageOfPage":{"@id":"https:\/\/www.arquimaster.com.ar\/web\/casa-los-molles-jarq\/#primaryimage"},"image":{"@id":"https:\/\/www.arquimaster.com.ar\/web\/casa-los-molles-jarq\/#primaryimage"},"thumbnailUrl":"https:\/\/www.arquimaster.com.ar\/web\/wp-content\/uploads\/2024\/10\/casa_los_molles_slide.jpg","datePublished":"2024-10-30T21:32:42+00:00","dateModified":"2025-07-24T22:20:07+00:00","description":"Este proyecto est\u00e1 marcado por el desaf\u00edo de llevar al l\u00edmite, sin la necesidad de cruzarlo, la normativa del lugar.","breadcrumb":{"@id":"https:\/\/www.arquimaster.com.ar\/web\/casa-los-molles-jarq\/#breadcrumb"},"inLanguage":"es","potentialAction":[{"@type":"ReadAction","target":["https:\/\/www.arquimaster.com.ar\/web\/casa-los-molles-jarq\/"]}]},{"@type":"ImageObject","inLanguage":"es","@id":"https:\/\/www.arquimaster.com.ar\/web\/casa-los-molles-jarq\/#primaryimage","url":"https:\/\/www.arquimaster.com.ar\/web\/wp-content\/uploads\/2024\/10\/casa_los_molles_slide.jpg","contentUrl":"https:\/\/www.arquimaster.com.ar\/web\/wp-content\/uploads\/2024\/10\/casa_los_molles_slide.jpg","width":698,"height":364,"caption":"Casa Los Molles \/ JARQ"},{"@type":"BreadcrumbList","@id":"https:\/\/www.arquimaster.com.ar\/web\/casa-los-molles-jarq\/#breadcrumb","itemListElement":[{"@type":"ListItem","position":1,"name":"Portada","item":"https:\/\/www.arquimaster.com.ar\/web\/"},{"@type":"ListItem","position":2,"name":"Casa Los Molles \/ JARQ"}]},{"@type":"WebSite","@id":"https:\/\/www.arquimaster.com.ar\/web\/#website","url":"https:\/\/www.arquimaster.com.ar\/web\/","name":"Arquimaster","description":"Web de arquitectura, dise\u00f1o y construccion","publisher":{"@id":"https:\/\/www.arquimaster.com.ar\/web\/#organization"},"potentialAction":[{"@type":"SearchAction","target":{"@type":"EntryPoint","urlTemplate":"https:\/\/www.arquimaster.com.ar\/web\/?s={search_term_string}"},"query-input":{"@type":"PropertyValueSpecification","valueRequired":true,"valueName":"search_term_string"}}],"inLanguage":"es"},{"@type":"Organization","@id":"https:\/\/www.arquimaster.com.ar\/web\/#organization","name":"Arquimaster","url":"https:\/\/www.arquimaster.com.ar\/web\/","logo":{"@type":"ImageObject","inLanguage":"es","@id":"https:\/\/www.arquimaster.com.ar\/web\/#\/schema\/logo\/image\/","url":"https:\/\/www.arquimaster.com.ar\/web\/wp-content\/uploads\/2022\/06\/arquimaster.png","contentUrl":"https:\/\/www.arquimaster.com.ar\/web\/wp-content\/uploads\/2022\/06\/arquimaster.png","width":594,"height":78,"caption":"Arquimaster"},"image":{"@id":"https:\/\/www.arquimaster.com.ar\/web\/#\/schema\/logo\/image\/"},"sameAs":["http:\/\/www.facebook.com\/ARQUIMASTER.com.ar","https:\/\/x.com\/arquimaster","https:\/\/www.instagram.com\/arquimasterblog\/","https:\/\/www.linkedin.com\/company\/arquimaster","https:\/\/www.pinterest.com\/arquimaster","https:\/\/t.me\/arquimaster"]},{"@type":"Person","@id":"https:\/\/www.arquimaster.com.ar\/web\/#\/schema\/person\/359e9f7c00193fcde068e0dd2ceb0028","name":"Arquimaster"}]}},"uagb_featured_image_src":{"full":["https:\/\/www.arquimaster.com.ar\/web\/wp-content\/uploads\/2024\/10\/casa_los_molles_slide.jpg",698,364,false],"thumbnail":["https:\/\/www.arquimaster.com.ar\/web\/wp-content\/uploads\/2024\/10\/casa_los_molles_slide-150x150.jpg",150,150,true],"medium":["https:\/\/www.arquimaster.com.ar\/web\/wp-content\/uploads\/2024\/10\/casa_los_molles_slide.jpg",698,364,false],"medium_large":["https:\/\/www.arquimaster.com.ar\/web\/wp-content\/uploads\/2024\/10\/casa_los_molles_slide.jpg",698,364,false],"large":["https:\/\/www.arquimaster.com.ar\/web\/wp-content\/uploads\/2024\/10\/casa_los_molles_slide.jpg",698,364,false],"1536x1536":["https:\/\/www.arquimaster.com.ar\/web\/wp-content\/uploads\/2024\/10\/casa_los_molles_slide.jpg",698,364,false],"2048x2048":["https:\/\/www.arquimaster.com.ar\/web\/wp-content\/uploads\/2024\/10\/casa_los_molles_slide.jpg",698,364,false]},"uagb_author_info":{"display_name":"Arquimaster","author_link":"https:\/\/www.arquimaster.com.ar\/web\/author\/arquimaster\/"},"uagb_comment_info":0,"uagb_excerpt":"Proyecto marcado por la necesidad de llevar al l\u00edmite, sin la necesidad de cruzarlo, la normativa del lugar...","_links":{"self":[{"href":"https:\/\/www.arquimaster.com.ar\/web\/wp-json\/wp\/v2\/posts\/81968","targetHints":{"allow":["GET"]}}],"collection":[{"href":"https:\/\/www.arquimaster.com.ar\/web\/wp-json\/wp\/v2\/posts"}],"about":[{"href":"https:\/\/www.arquimaster.com.ar\/web\/wp-json\/wp\/v2\/types\/post"}],"author":[{"embeddable":true,"href":"https:\/\/www.arquimaster.com.ar\/web\/wp-json\/wp\/v2\/users\/1"}],"replies":[{"embeddable":true,"href":"https:\/\/www.arquimaster.com.ar\/web\/wp-json\/wp\/v2\/comments?post=81968"}],"version-history":[{"count":3,"href":"https:\/\/www.arquimaster.com.ar\/web\/wp-json\/wp\/v2\/posts\/81968\/revisions"}],"predecessor-version":[{"id":85094,"href":"https:\/\/www.arquimaster.com.ar\/web\/wp-json\/wp\/v2\/posts\/81968\/revisions\/85094"}],"wp:featuredmedia":[{"embeddable":true,"href":"https:\/\/www.arquimaster.com.ar\/web\/wp-json\/wp\/v2\/media\/81969"}],"wp:attachment":[{"href":"https:\/\/www.arquimaster.com.ar\/web\/wp-json\/wp\/v2\/media?parent=81968"}],"wp:term":[{"taxonomy":"category","embeddable":true,"href":"https:\/\/www.arquimaster.com.ar\/web\/wp-json\/wp\/v2\/categories?post=81968"},{"taxonomy":"post_tag","embeddable":true,"href":"https:\/\/www.arquimaster.com.ar\/web\/wp-json\/wp\/v2\/tags?post=81968"}],"curies":[{"name":"wp","href":"https:\/\/api.w.org\/{rel}","templated":true}]}}