{"id":82166,"date":"2024-10-30T18:22:47","date_gmt":"2024-10-30T21:22:47","guid":{"rendered":"https:\/\/www.arquimaster.com.ar\/web\/?p=82166"},"modified":"2025-07-24T20:02:04","modified_gmt":"2025-07-24T23:02:04","slug":"casa-hd-boide-interiorismo","status":"publish","type":"post","link":"https:\/\/www.arquimaster.com.ar\/web\/casa-hd-boide-interiorismo\/","title":{"rendered":"Casa HD \/ Boide Interiorismo"},"content":{"rendered":"<div style=\"margin-top: 0px; margin-bottom: 0px;\" class=\"sharethis-inline-share-buttons\" ><\/div><div class=\"b812932af2e751442846f039925109de\" data-index=\"1\" style=\"float: none; margin:25px 0 25px 0; text-align:center;\">\n<script async src=\"https:\/\/pagead2.googlesyndication.com\/pagead\/js\/adsbygoogle.js\"><\/script>\r\n<!-- Arquimaster (superior) -->\r\n<ins class=\"adsbygoogle\"\r\n     style=\"display:block\"\r\n     data-ad-client=\"ca-pub-6351072698456832\"\r\n     data-ad-slot=\"6455489680\"\r\n     data-ad-format=\"auto\"\r\n     data-full-width-responsive=\"true\"><\/ins>\r\n<script>\r\n     (adsbygoogle = window.adsbygoogle || []).push({});\r\n<\/script>\n<\/div>\n<p><strong>Casa HD<\/strong> (M\u00e9rida, M\u00e9xico) por <strong>Boide Interiorismo<\/strong>. Casa HD nace de la necesidad de renovar un espacio tradicional y volverlo atemporal, esto hizo que los propietarios del lugar quisieran hacer una renovaci\u00f3n de la habitaci\u00f3n principal, misma remodelaci\u00f3n que se extendi\u00f3 a lo largo de los otros espacios de la casa.<\/p>\n<div id='gallery-1' class='gallery galleryid-82166 gallery-columns-3 gallery-size-thumbnail'><figure class='gallery-item'>\n\t\t\t<div class='gallery-icon landscape'>\n\t\t\t\t<a href='https:\/\/www.arquimaster.com.ar\/web\/wp-content\/uploads\/2024\/10\/casa_hd_1.jpg' title=\"Casa HD \/ Boide Interiorismo (\u00a9 Santiago Heyser)\" data-rl_title=\"Casa HD \/ Boide Interiorismo (\u00a9 Santiago Heyser)\" class=\"rl-gallery-link\" data-rl_caption=\"Casa HD \/ Boide Interiorismo (\u00a9 Santiago Heyser)\" data-rel=\"lightbox-gallery-1\"><img loading=\"lazy\" decoding=\"async\" width=\"150\" height=\"150\" src=\"https:\/\/www.arquimaster.com.ar\/web\/wp-content\/uploads\/2024\/10\/casa_hd_1-150x150.jpg\" class=\"attachment-thumbnail size-thumbnail\" alt=\"Casa HD \/ Boide Interiorismo\" aria-describedby=\"gallery-1-82169\" \/><\/a>\n\t\t\t<\/div>\n\t\t\t\t<figcaption class='wp-caption-text gallery-caption' id='gallery-1-82169'>\n\t\t\t\tCasa HD \/ Boide Interiorismo (\u00a9 Santiago Heyser)\n\t\t\t\t<\/figcaption><\/figure><figure class='gallery-item'>\n\t\t\t<div class='gallery-icon landscape'>\n\t\t\t\t<a href='https:\/\/www.arquimaster.com.ar\/web\/wp-content\/uploads\/2024\/10\/casa_hd_2.jpg' title=\"Casa HD \/ Boide Interiorismo (\u00a9 Santiago Heyser)\" data-rl_title=\"Casa HD \/ Boide Interiorismo (\u00a9 Santiago Heyser)\" class=\"rl-gallery-link\" data-rl_caption=\"Casa HD \/ Boide Interiorismo (\u00a9 Santiago Heyser)\" data-rel=\"lightbox-gallery-1\"><img loading=\"lazy\" decoding=\"async\" width=\"150\" height=\"150\" src=\"https:\/\/www.arquimaster.com.ar\/web\/wp-content\/uploads\/2024\/10\/casa_hd_2-150x150.jpg\" class=\"attachment-thumbnail size-thumbnail\" alt=\"Casa HD \/ Boide Interiorismo\" aria-describedby=\"gallery-1-82170\" \/><\/a>\n\t\t\t<\/div>\n\t\t\t\t<figcaption class='wp-caption-text gallery-caption' id='gallery-1-82170'>\n\t\t\t\tCasa HD \/ Boide Interiorismo (\u00a9 Santiago Heyser)\n\t\t\t\t<\/figcaption><\/figure><figure class='gallery-item'>\n\t\t\t<div class='gallery-icon landscape'>\n\t\t\t\t<a href='https:\/\/www.arquimaster.com.ar\/web\/wp-content\/uploads\/2024\/10\/casa_hd_3.jpg' title=\"Casa HD \/ Boide Interiorismo (\u00a9 Santiago Heyser)\" data-rl_title=\"Casa HD \/ Boide Interiorismo (\u00a9 Santiago Heyser)\" class=\"rl-gallery-link\" data-rl_caption=\"Casa HD \/ Boide Interiorismo (\u00a9 Santiago Heyser)\" data-rel=\"lightbox-gallery-1\"><img loading=\"lazy\" decoding=\"async\" width=\"150\" height=\"150\" src=\"https:\/\/www.arquimaster.com.ar\/web\/wp-content\/uploads\/2024\/10\/casa_hd_3-150x150.jpg\" class=\"attachment-thumbnail size-thumbnail\" alt=\"Casa HD \/ Boide Interiorismo\" aria-describedby=\"gallery-1-82171\" \/><\/a>\n\t\t\t<\/div>\n\t\t\t\t<figcaption class='wp-caption-text gallery-caption' id='gallery-1-82171'>\n\t\t\t\tCasa HD \/ Boide Interiorismo (\u00a9 Santiago Heyser)\n\t\t\t\t<\/figcaption><\/figure><figure class='gallery-item'>\n\t\t\t<div class='gallery-icon landscape'>\n\t\t\t\t<a href='https:\/\/www.arquimaster.com.ar\/web\/wp-content\/uploads\/2024\/10\/casa_hd_4.jpg' title=\"Casa HD \/ Boide Interiorismo (\u00a9 Santiago Heyser)\" data-rl_title=\"Casa HD \/ Boide Interiorismo (\u00a9 Santiago Heyser)\" class=\"rl-gallery-link\" data-rl_caption=\"Casa HD \/ Boide Interiorismo (\u00a9 Santiago Heyser)\" data-rel=\"lightbox-gallery-1\"><img loading=\"lazy\" decoding=\"async\" width=\"150\" height=\"150\" src=\"https:\/\/www.arquimaster.com.ar\/web\/wp-content\/uploads\/2024\/10\/casa_hd_4-150x150.jpg\" class=\"attachment-thumbnail size-thumbnail\" alt=\"Casa HD \/ Boide Interiorismo\" aria-describedby=\"gallery-1-82172\" \/><\/a>\n\t\t\t<\/div>\n\t\t\t\t<figcaption class='wp-caption-text gallery-caption' id='gallery-1-82172'>\n\t\t\t\tCasa HD \/ Boide Interiorismo (\u00a9 Santiago Heyser)\n\t\t\t\t<\/figcaption><\/figure><figure class='gallery-item'>\n\t\t\t<div class='gallery-icon landscape'>\n\t\t\t\t<a href='https:\/\/www.arquimaster.com.ar\/web\/wp-content\/uploads\/2024\/10\/casa_hd_5.jpg' title=\"Casa HD \/ Boide Interiorismo (\u00a9 Santiago Heyser)\" data-rl_title=\"Casa HD \/ Boide Interiorismo (\u00a9 Santiago Heyser)\" class=\"rl-gallery-link\" data-rl_caption=\"Casa HD \/ Boide Interiorismo (\u00a9 Santiago Heyser)\" data-rel=\"lightbox-gallery-1\"><img loading=\"lazy\" decoding=\"async\" width=\"150\" height=\"150\" src=\"https:\/\/www.arquimaster.com.ar\/web\/wp-content\/uploads\/2024\/10\/casa_hd_5-150x150.jpg\" class=\"attachment-thumbnail size-thumbnail\" alt=\"Casa HD \/ Boide Interiorismo\" aria-describedby=\"gallery-1-82173\" \/><\/a>\n\t\t\t<\/div>\n\t\t\t\t<figcaption class='wp-caption-text gallery-caption' id='gallery-1-82173'>\n\t\t\t\tCasa HD \/ Boide Interiorismo (\u00a9 Santiago Heyser)\n\t\t\t\t<\/figcaption><\/figure><figure class='gallery-item'>\n\t\t\t<div class='gallery-icon landscape'>\n\t\t\t\t<a href='https:\/\/www.arquimaster.com.ar\/web\/wp-content\/uploads\/2024\/10\/casa_hd_6.jpg' title=\"Casa HD \/ Boide Interiorismo (\u00a9 Santiago Heyser)\" data-rl_title=\"Casa HD \/ Boide Interiorismo (\u00a9 Santiago Heyser)\" class=\"rl-gallery-link\" data-rl_caption=\"Casa HD \/ Boide Interiorismo (\u00a9 Santiago Heyser)\" data-rel=\"lightbox-gallery-1\"><img loading=\"lazy\" decoding=\"async\" width=\"150\" height=\"150\" src=\"https:\/\/www.arquimaster.com.ar\/web\/wp-content\/uploads\/2024\/10\/casa_hd_6-150x150.jpg\" class=\"attachment-thumbnail size-thumbnail\" alt=\"Casa HD \/ Boide Interiorismo\" aria-describedby=\"gallery-1-82174\" \/><\/a>\n\t\t\t<\/div>\n\t\t\t\t<figcaption class='wp-caption-text gallery-caption' id='gallery-1-82174'>\n\t\t\t\tCasa HD \/ Boide Interiorismo (\u00a9 Santiago Heyser)\n\t\t\t\t<\/figcaption><\/figure><figure class='gallery-item'>\n\t\t\t<div class='gallery-icon landscape'>\n\t\t\t\t<a href='https:\/\/www.arquimaster.com.ar\/web\/wp-content\/uploads\/2024\/10\/casa_hd_7.jpg' title=\"Casa HD \/ Boide Interiorismo (\u00a9 Santiago Heyser)\" data-rl_title=\"Casa HD \/ Boide Interiorismo (\u00a9 Santiago Heyser)\" class=\"rl-gallery-link\" data-rl_caption=\"Casa HD \/ Boide Interiorismo (\u00a9 Santiago Heyser)\" data-rel=\"lightbox-gallery-1\"><img loading=\"lazy\" decoding=\"async\" width=\"150\" height=\"150\" src=\"https:\/\/www.arquimaster.com.ar\/web\/wp-content\/uploads\/2024\/10\/casa_hd_7-150x150.jpg\" class=\"attachment-thumbnail size-thumbnail\" alt=\"Casa HD \/ Boide Interiorismo\" aria-describedby=\"gallery-1-82175\" \/><\/a>\n\t\t\t<\/div>\n\t\t\t\t<figcaption class='wp-caption-text gallery-caption' id='gallery-1-82175'>\n\t\t\t\tCasa HD \/ Boide Interiorismo (\u00a9 Santiago Heyser)\n\t\t\t\t<\/figcaption><\/figure><figure class='gallery-item'>\n\t\t\t<div class='gallery-icon landscape'>\n\t\t\t\t<a href='https:\/\/www.arquimaster.com.ar\/web\/wp-content\/uploads\/2024\/10\/casa_hd_8.jpg' title=\"Casa HD \/ Boide Interiorismo (\u00a9 Santiago Heyser)\" data-rl_title=\"Casa HD \/ Boide Interiorismo (\u00a9 Santiago Heyser)\" class=\"rl-gallery-link\" data-rl_caption=\"Casa HD \/ Boide Interiorismo (\u00a9 Santiago Heyser)\" data-rel=\"lightbox-gallery-1\"><img loading=\"lazy\" decoding=\"async\" width=\"150\" height=\"150\" src=\"https:\/\/www.arquimaster.com.ar\/web\/wp-content\/uploads\/2024\/10\/casa_hd_8-150x150.jpg\" class=\"attachment-thumbnail size-thumbnail\" alt=\"Casa HD \/ Boide Interiorismo\" aria-describedby=\"gallery-1-82176\" \/><\/a>\n\t\t\t<\/div>\n\t\t\t\t<figcaption class='wp-caption-text gallery-caption' id='gallery-1-82176'>\n\t\t\t\tCasa HD \/ Boide Interiorismo (\u00a9 Santiago Heyser)\n\t\t\t\t<\/figcaption><\/figure><figure class='gallery-item'>\n\t\t\t<div class='gallery-icon landscape'>\n\t\t\t\t<a href='https:\/\/www.arquimaster.com.ar\/web\/wp-content\/uploads\/2024\/10\/casa_hd_9.jpg' title=\"Casa HD \/ Boide Interiorismo (\u00a9 Santiago Heyser)\" data-rl_title=\"Casa HD \/ Boide Interiorismo (\u00a9 Santiago Heyser)\" class=\"rl-gallery-link\" data-rl_caption=\"Casa HD \/ Boide Interiorismo (\u00a9 Santiago Heyser)\" data-rel=\"lightbox-gallery-1\"><img loading=\"lazy\" decoding=\"async\" width=\"150\" height=\"150\" src=\"https:\/\/www.arquimaster.com.ar\/web\/wp-content\/uploads\/2024\/10\/casa_hd_9-150x150.jpg\" class=\"attachment-thumbnail size-thumbnail\" alt=\"Casa HD \/ Boide Interiorismo\" aria-describedby=\"gallery-1-82177\" \/><\/a>\n\t\t\t<\/div>\n\t\t\t\t<figcaption class='wp-caption-text gallery-caption' id='gallery-1-82177'>\n\t\t\t\tCasa HD \/ Boide Interiorismo (\u00a9 Santiago Heyser)\n\t\t\t\t<\/figcaption><\/figure><figure class='gallery-item'>\n\t\t\t<div class='gallery-icon landscape'>\n\t\t\t\t<a href='https:\/\/www.arquimaster.com.ar\/web\/wp-content\/uploads\/2024\/10\/casa_hd_10.jpg' title=\"Casa HD \/ Boide Interiorismo (\u00a9 Santiago Heyser)\" data-rl_title=\"Casa HD \/ Boide Interiorismo (\u00a9 Santiago Heyser)\" class=\"rl-gallery-link\" data-rl_caption=\"Casa HD \/ Boide Interiorismo (\u00a9 Santiago Heyser)\" data-rel=\"lightbox-gallery-1\"><img loading=\"lazy\" decoding=\"async\" width=\"150\" height=\"150\" src=\"https:\/\/www.arquimaster.com.ar\/web\/wp-content\/uploads\/2024\/10\/casa_hd_10-150x150.jpg\" class=\"attachment-thumbnail size-thumbnail\" alt=\"Casa HD \/ Boide Interiorismo\" aria-describedby=\"gallery-1-82178\" \/><\/a>\n\t\t\t<\/div>\n\t\t\t\t<figcaption class='wp-caption-text gallery-caption' id='gallery-1-82178'>\n\t\t\t\tCasa HD \/ Boide Interiorismo (\u00a9 Santiago Heyser)\n\t\t\t\t<\/figcaption><\/figure><figure class='gallery-item'>\n\t\t\t<div class='gallery-icon landscape'>\n\t\t\t\t<a href='https:\/\/www.arquimaster.com.ar\/web\/wp-content\/uploads\/2024\/10\/casa_hd_11.jpg' title=\"Casa HD \/ Boide Interiorismo (\u00a9 Santiago Heyser)\" data-rl_title=\"Casa HD \/ Boide Interiorismo (\u00a9 Santiago Heyser)\" class=\"rl-gallery-link\" data-rl_caption=\"Casa HD \/ Boide Interiorismo (\u00a9 Santiago Heyser)\" data-rel=\"lightbox-gallery-1\"><img loading=\"lazy\" decoding=\"async\" width=\"150\" height=\"150\" src=\"https:\/\/www.arquimaster.com.ar\/web\/wp-content\/uploads\/2024\/10\/casa_hd_11-150x150.jpg\" class=\"attachment-thumbnail size-thumbnail\" alt=\"Casa HD \/ Boide Interiorismo\" aria-describedby=\"gallery-1-82179\" \/><\/a>\n\t\t\t<\/div>\n\t\t\t\t<figcaption class='wp-caption-text gallery-caption' id='gallery-1-82179'>\n\t\t\t\tCasa HD \/ Boide Interiorismo (\u00a9 Santiago Heyser)\n\t\t\t\t<\/figcaption><\/figure><figure class='gallery-item'>\n\t\t\t<div class='gallery-icon portrait'>\n\t\t\t\t<a href='https:\/\/www.arquimaster.com.ar\/web\/wp-content\/uploads\/2024\/10\/casa_hd_12.jpg' title=\"Casa HD \/ Boide Interiorismo (\u00a9 Santiago Heyser)\" data-rl_title=\"Casa HD \/ Boide Interiorismo (\u00a9 Santiago Heyser)\" class=\"rl-gallery-link\" data-rl_caption=\"Casa HD \/ Boide Interiorismo (\u00a9 Santiago Heyser)\" data-rel=\"lightbox-gallery-1\"><img loading=\"lazy\" decoding=\"async\" width=\"150\" height=\"150\" src=\"https:\/\/www.arquimaster.com.ar\/web\/wp-content\/uploads\/2024\/10\/casa_hd_12-150x150.jpg\" class=\"attachment-thumbnail size-thumbnail\" alt=\"Casa HD \/ Boide Interiorismo\" aria-describedby=\"gallery-1-82180\" \/><\/a>\n\t\t\t<\/div>\n\t\t\t\t<figcaption class='wp-caption-text gallery-caption' id='gallery-1-82180'>\n\t\t\t\tCasa HD \/ Boide Interiorismo (\u00a9 Santiago Heyser)\n\t\t\t\t<\/figcaption><\/figure><figure class='gallery-item'>\n\t\t\t<div class='gallery-icon landscape'>\n\t\t\t\t<a href='https:\/\/www.arquimaster.com.ar\/web\/wp-content\/uploads\/2024\/10\/casa_hd_13.jpg' title=\"Casa HD \/ Boide Interiorismo (\u00a9 Santiago Heyser)\" data-rl_title=\"Casa HD \/ Boide Interiorismo (\u00a9 Santiago Heyser)\" class=\"rl-gallery-link\" data-rl_caption=\"Casa HD \/ Boide Interiorismo (\u00a9 Santiago Heyser)\" data-rel=\"lightbox-gallery-1\"><img loading=\"lazy\" decoding=\"async\" width=\"150\" height=\"150\" src=\"https:\/\/www.arquimaster.com.ar\/web\/wp-content\/uploads\/2024\/10\/casa_hd_13-150x150.jpg\" class=\"attachment-thumbnail size-thumbnail\" alt=\"Casa HD \/ Boide Interiorismo\" aria-describedby=\"gallery-1-82181\" \/><\/a>\n\t\t\t<\/div>\n\t\t\t\t<figcaption class='wp-caption-text gallery-caption' id='gallery-1-82181'>\n\t\t\t\tCasa HD \/ Boide Interiorismo (\u00a9 Santiago Heyser)\n\t\t\t\t<\/figcaption><\/figure>\n\t\t<\/div>\n\n<p>Partiendo de la premisa que el lugar a remodelar era la habitaci\u00f3n principal se hicieron grandes cambios en ella, creando espacios m\u00e1s amplios, iluminados y sobre todo acogedores para los usuarios finales.<\/p>\n<p>Se utilizaron celos\u00edas de madera para unificar y al mismo tiempo marcar cada \u00e1rea de la rec\u00e1mara, el mueble de televisi\u00f3n se dej\u00f3 como un espacio limpio e iluminado. Se ampli\u00f3 una peque\u00f1a ventana que hab\u00eda la cual colindaba con un patio que ten\u00edan el cual no se utilizaba, creando una puerta que da acceso a este espacio para hacerlo parte de la rec\u00e1mara.<\/p>\n<p>Para el \u00e1rea de descanso se coloc\u00f3 un granito sequoia, en los laterales de la cabecera, y se complement\u00f3 con un panel forrado en tela en un tono neutral que combina perfecto con el granito de la pared posterior. Cerrando con dos buros de madera y un tapete que brinda calidez al espacio y nos remarca el \u00e1rea.<\/p>\n<p>El ba\u00f1o principal tuvo una considerable ampliaci\u00f3n siendo el cristal y el granito cepillado los elementos utilizados en todos los espacios, se colocaron lavabos dobles creando un espacio totalmente funcional e iluminado, lo cual era un aspecto muy importante para considerar en los requerimientos.<\/p>\n<p>El espacio de la sala era un espacio cerrado y con poca iluminaci\u00f3n, en el cual se contaba con un techo a dos aguas muy interesante. A este se le colocaron paneles de madera para hacer crear un punto de impacto. Este espacio se decor\u00f3 con objetos y muebles los cuales juntos crean un espacio c\u00e1lido y con mucha personalidad.<\/p>\n<p>En el \u00e1rea del bar se rescat\u00f3 la carpinter\u00eda es la original de la casa se pintaron de blanco y se complement\u00f3 con un papel tapiz en tonos grises y blancos que hacen que el espacio se vea m\u00e1s iluminado.<\/p>\n<p>La cocina, ten\u00eda problemas de espacio y de iluminaci\u00f3n los cuales se solucionaron creando una cocina en tonos de blanco con una barra en cascada.\u00a0Se instal\u00f3 un plaf\u00f3n con luz indirecta y una l\u00e1mpara vertical arriba de la barra.<\/p>\n<p>Todo se complement\u00f3 con un piso de madera en tonos claros y los marcos de las ventanas ambos elementos hacen que el espacio se unifique haci\u00e9ndolo c\u00e1lido y luminoso.<\/p>\n\n\n<div style=\"height:20px\" aria-hidden=\"true\" class=\"wp-block-spacer\"><\/div>\n\n\n\n<p class=\"has-background\" style=\"background-color:#eaeaea\"><strong>Ficha t\u00e9cnica<\/strong><br>Nombre: Casa HD<br>Ubicaci\u00f3n: M\u00e9rida, M\u00e9xico<br>Proyecto de interiorismo: Boide Interiorismo<br>Autoras: LDI Claudina Diaz D., LDI Maria Santos<br>Equipo de Dise\u00f1o: Arq. Miroslava Ram\u00edrez Chavelas<br>Tipo de proyecto: Dise\u00f1o interior residencial<br>A\u00f1o de finalizaci\u00f3n: 2022<br>Fotograf\u00edas: Santiago Heyser @santiagoheyser<br>Instagram: @boidemx<br>Facebook: boidemx<\/p>\n\n\n\n<div style=\"height:40px\" aria-hidden=\"true\" class=\"wp-block-spacer\"><\/div>\n\n\n<p><strong><em>English version<\/em><\/strong><\/p>\n<p><em>Casa HD was born from the need to renovate a traditional space and make it timeless, this made the owners of the place want to make a renovation of the main room, the same remodeling that extended throughout the other spaces of the house.<\/em><\/p>\n<p><em>Starting from the principle that the place to be remodeled was the main room, great changes were made in it, creating more spacious, illuminated and above all welcoming spaces for end users.<\/em><\/p>\n<p><em>If wooden lattices were used to unify and at the same time mark each area of the bedroom, the television cabinet was left as a clean and illuminated space. A small window was enlarged which adjoined a patio that they had which was not used, creating a door that gives access to this space to make it part of the rec\u00e1mara.<\/em><\/p>\n<p><em>For the rest area, a sequoia granite was placed on the sides of the headboard, and complemented by a panel lined in fabric in a neutral tone that combines perfectly with the granite of the back wall. Closing with two wooden buros and a rug that provides warmth to the space and highlights the area.<\/em><\/p>\n<p><em>The main bathroom had a considerable expansion being the glass and brushed granite the elements used in all spaces, double sinks were placed creating a fully functional and illuminated space, which was a very important aspect to consider in the requirements.<\/em><\/p>\n<p><em>The space of the room was an enclosed space with little lighting, in which there was a very interesting gabled roof; This wood panels were placed to create a point of impact, this space was decorated with objects and furniture which together create a warm space with a lot of personality.<\/em><\/p>\n<p><em>In the bar area the carpentry was rescued is the original of the house were painted white and complemented with a wallpaper in gray and white tones that make the space look brighter.<\/em><\/p>\n<p><em>The kitchen, had problems of space and lighting which were solved by creating a kitchen in shades of white with a cascading bar, a ceiling with indirect light and a vertical lamp above the bar was installed, everything was complemented with a wooden floor in light tones and the window frames both elements make the space unify making it warm and bright.<\/em><\/p>\n<div style=\"font-size: 0px; height: 0px; line-height: 0px; margin: 0; padding: 0; clear: both;\"><\/div><div style=\"margin-top: 0px; margin-bottom: 0px;\" class=\"sharethis-inline-share-buttons\" ><\/div>","protected":false},"excerpt":{"rendered":"<p>El proyecto nace de la necesidad de renovar un espacio tradicional y volverlo atemporal&#8230;<\/p>\n","protected":false},"author":1,"featured_media":82167,"comment_status":"closed","ping_status":"closed","sticky":false,"template":"","format":"standard","meta":{"_uag_custom_page_level_css":"","footnotes":""},"categories":[1,83],"tags":[4282,8050,3256,24,254],"class_list":["post-82166","post","type-post","status-publish","format-standard","has-post-thumbnail","hentry","category-proyecto","category-vivienda-unifamiliar","tag-arquitectura-residencial","tag-boide-interiorismo","tag-merida","tag-mexico","tag-vivienda-unifamiliar-2","generate-columns","tablet-grid-50","mobile-grid-100","grid-parent","grid-50"],"yoast_head":"<!-- This site is optimized with the Yoast SEO plugin v27.3 - https:\/\/yoast.com\/product\/yoast-seo-wordpress\/ -->\n<title>Casa HD \/ Boide Interiorismo - Arquimaster<\/title>\n<meta name=\"description\" content=\"El proyecto nace de la necesidad de renovar un espacio tradicional y volverlo atemporal.\" \/>\n<meta name=\"robots\" content=\"index, follow, max-snippet:-1, max-image-preview:large, max-video-preview:-1\" \/>\n<link rel=\"canonical\" href=\"https:\/\/www.arquimaster.com.ar\/web\/casa-hd-boide-interiorismo\/\" \/>\n<meta property=\"og:locale\" content=\"es_ES\" \/>\n<meta property=\"og:type\" content=\"article\" \/>\n<meta property=\"og:title\" content=\"Casa HD \/ Boide Interiorismo\" \/>\n<meta property=\"og:description\" content=\"El proyecto nace de la necesidad de renovar un espacio tradicional y volverlo atemporal.\" \/>\n<meta property=\"og:url\" content=\"https:\/\/www.arquimaster.com.ar\/web\/casa-hd-boide-interiorismo\/\" \/>\n<meta property=\"og:site_name\" content=\"Arquimaster\" \/>\n<meta property=\"article:publisher\" content=\"http:\/\/www.facebook.com\/ARQUIMASTER.com.ar\" \/>\n<meta property=\"article:published_time\" content=\"2024-10-30T21:22:47+00:00\" \/>\n<meta property=\"article:modified_time\" content=\"2025-07-24T23:02:04+00:00\" \/>\n<meta property=\"og:image\" content=\"https:\/\/www.arquimaster.com.ar\/web\/wp-content\/uploads\/2024\/10\/casa_hd_slide.jpg\" \/>\n\t<meta property=\"og:image:width\" content=\"698\" \/>\n\t<meta property=\"og:image:height\" content=\"364\" \/>\n\t<meta property=\"og:image:type\" content=\"image\/jpeg\" \/>\n<meta name=\"author\" content=\"Arquimaster\" \/>\n<meta name=\"twitter:card\" content=\"summary_large_image\" \/>\n<meta name=\"twitter:title\" content=\"Casa HD \/ Boide Interiorismo\" \/>\n<meta name=\"twitter:description\" content=\"El proyecto nace de la necesidad de renovar un espacio tradicional y volverlo atemporal.\" \/>\n<meta name=\"twitter:image\" content=\"https:\/\/www.arquimaster.com.ar\/web\/wp-content\/uploads\/2024\/10\/casa_hd_slide.jpg\" \/>\n<meta name=\"twitter:creator\" content=\"@arquimaster\" \/>\n<meta name=\"twitter:site\" content=\"@arquimaster\" \/>\n<meta name=\"twitter:label1\" content=\"Escrito por\" \/>\n\t<meta name=\"twitter:data1\" content=\"Arquimaster\" \/>\n\t<meta name=\"twitter:label2\" content=\"Tiempo de lectura\" \/>\n\t<meta name=\"twitter:data2\" content=\"5 minutos\" \/>\n<script type=\"application\/ld+json\" class=\"yoast-schema-graph\">{\"@context\":\"https:\\\/\\\/schema.org\",\"@graph\":[{\"@type\":\"Article\",\"@id\":\"https:\\\/\\\/www.arquimaster.com.ar\\\/web\\\/casa-hd-boide-interiorismo\\\/#article\",\"isPartOf\":{\"@id\":\"https:\\\/\\\/www.arquimaster.com.ar\\\/web\\\/casa-hd-boide-interiorismo\\\/\"},\"author\":{\"name\":\"Arquimaster\",\"@id\":\"https:\\\/\\\/www.arquimaster.com.ar\\\/web\\\/#\\\/schema\\\/person\\\/359e9f7c00193fcde068e0dd2ceb0028\"},\"headline\":\"Casa HD \\\/ Boide Interiorismo\",\"datePublished\":\"2024-10-30T21:22:47+00:00\",\"dateModified\":\"2025-07-24T23:02:04+00:00\",\"mainEntityOfPage\":{\"@id\":\"https:\\\/\\\/www.arquimaster.com.ar\\\/web\\\/casa-hd-boide-interiorismo\\\/\"},\"wordCount\":881,\"publisher\":{\"@id\":\"https:\\\/\\\/www.arquimaster.com.ar\\\/web\\\/#organization\"},\"image\":{\"@id\":\"https:\\\/\\\/www.arquimaster.com.ar\\\/web\\\/casa-hd-boide-interiorismo\\\/#primaryimage\"},\"thumbnailUrl\":\"https:\\\/\\\/www.arquimaster.com.ar\\\/web\\\/wp-content\\\/uploads\\\/2024\\\/10\\\/casa_hd_slide.jpg\",\"keywords\":[\"arquitectura residencial\",\"Boide Interiorismo\",\"Merida\",\"Mexico\",\"vivienda unifamiliar\"],\"articleSection\":[\"Proyecto\",\"Vivienda unifamiliar y PH\"],\"inLanguage\":\"es\"},{\"@type\":\"WebPage\",\"@id\":\"https:\\\/\\\/www.arquimaster.com.ar\\\/web\\\/casa-hd-boide-interiorismo\\\/\",\"url\":\"https:\\\/\\\/www.arquimaster.com.ar\\\/web\\\/casa-hd-boide-interiorismo\\\/\",\"name\":\"Casa HD \\\/ Boide Interiorismo - Arquimaster\",\"isPartOf\":{\"@id\":\"https:\\\/\\\/www.arquimaster.com.ar\\\/web\\\/#website\"},\"primaryImageOfPage\":{\"@id\":\"https:\\\/\\\/www.arquimaster.com.ar\\\/web\\\/casa-hd-boide-interiorismo\\\/#primaryimage\"},\"image\":{\"@id\":\"https:\\\/\\\/www.arquimaster.com.ar\\\/web\\\/casa-hd-boide-interiorismo\\\/#primaryimage\"},\"thumbnailUrl\":\"https:\\\/\\\/www.arquimaster.com.ar\\\/web\\\/wp-content\\\/uploads\\\/2024\\\/10\\\/casa_hd_slide.jpg\",\"datePublished\":\"2024-10-30T21:22:47+00:00\",\"dateModified\":\"2025-07-24T23:02:04+00:00\",\"description\":\"El proyecto nace de la necesidad de renovar un espacio tradicional y volverlo atemporal.\",\"breadcrumb\":{\"@id\":\"https:\\\/\\\/www.arquimaster.com.ar\\\/web\\\/casa-hd-boide-interiorismo\\\/#breadcrumb\"},\"inLanguage\":\"es\",\"potentialAction\":[{\"@type\":\"ReadAction\",\"target\":[\"https:\\\/\\\/www.arquimaster.com.ar\\\/web\\\/casa-hd-boide-interiorismo\\\/\"]}]},{\"@type\":\"ImageObject\",\"inLanguage\":\"es\",\"@id\":\"https:\\\/\\\/www.arquimaster.com.ar\\\/web\\\/casa-hd-boide-interiorismo\\\/#primaryimage\",\"url\":\"https:\\\/\\\/www.arquimaster.com.ar\\\/web\\\/wp-content\\\/uploads\\\/2024\\\/10\\\/casa_hd_slide.jpg\",\"contentUrl\":\"https:\\\/\\\/www.arquimaster.com.ar\\\/web\\\/wp-content\\\/uploads\\\/2024\\\/10\\\/casa_hd_slide.jpg\",\"width\":698,\"height\":364,\"caption\":\"Casa HD \\\/ Boide Interiorismo\"},{\"@type\":\"BreadcrumbList\",\"@id\":\"https:\\\/\\\/www.arquimaster.com.ar\\\/web\\\/casa-hd-boide-interiorismo\\\/#breadcrumb\",\"itemListElement\":[{\"@type\":\"ListItem\",\"position\":1,\"name\":\"Portada\",\"item\":\"https:\\\/\\\/www.arquimaster.com.ar\\\/web\\\/\"},{\"@type\":\"ListItem\",\"position\":2,\"name\":\"Casa HD \\\/ Boide Interiorismo\"}]},{\"@type\":\"WebSite\",\"@id\":\"https:\\\/\\\/www.arquimaster.com.ar\\\/web\\\/#website\",\"url\":\"https:\\\/\\\/www.arquimaster.com.ar\\\/web\\\/\",\"name\":\"Arquimaster\",\"description\":\"Web de arquitectura, dise\u00f1o y construccion\",\"publisher\":{\"@id\":\"https:\\\/\\\/www.arquimaster.com.ar\\\/web\\\/#organization\"},\"potentialAction\":[{\"@type\":\"SearchAction\",\"target\":{\"@type\":\"EntryPoint\",\"urlTemplate\":\"https:\\\/\\\/www.arquimaster.com.ar\\\/web\\\/?s={search_term_string}\"},\"query-input\":{\"@type\":\"PropertyValueSpecification\",\"valueRequired\":true,\"valueName\":\"search_term_string\"}}],\"inLanguage\":\"es\"},{\"@type\":\"Organization\",\"@id\":\"https:\\\/\\\/www.arquimaster.com.ar\\\/web\\\/#organization\",\"name\":\"Arquimaster\",\"url\":\"https:\\\/\\\/www.arquimaster.com.ar\\\/web\\\/\",\"logo\":{\"@type\":\"ImageObject\",\"inLanguage\":\"es\",\"@id\":\"https:\\\/\\\/www.arquimaster.com.ar\\\/web\\\/#\\\/schema\\\/logo\\\/image\\\/\",\"url\":\"https:\\\/\\\/www.arquimaster.com.ar\\\/web\\\/wp-content\\\/uploads\\\/2022\\\/06\\\/arquimaster.png\",\"contentUrl\":\"https:\\\/\\\/www.arquimaster.com.ar\\\/web\\\/wp-content\\\/uploads\\\/2022\\\/06\\\/arquimaster.png\",\"width\":594,\"height\":78,\"caption\":\"Arquimaster\"},\"image\":{\"@id\":\"https:\\\/\\\/www.arquimaster.com.ar\\\/web\\\/#\\\/schema\\\/logo\\\/image\\\/\"},\"sameAs\":[\"http:\\\/\\\/www.facebook.com\\\/ARQUIMASTER.com.ar\",\"https:\\\/\\\/x.com\\\/arquimaster\",\"https:\\\/\\\/www.instagram.com\\\/arquimasterblog\\\/\",\"https:\\\/\\\/www.linkedin.com\\\/company\\\/arquimaster\",\"https:\\\/\\\/www.pinterest.com\\\/arquimaster\",\"https:\\\/\\\/t.me\\\/arquimaster\"]},{\"@type\":\"Person\",\"@id\":\"https:\\\/\\\/www.arquimaster.com.ar\\\/web\\\/#\\\/schema\\\/person\\\/359e9f7c00193fcde068e0dd2ceb0028\",\"name\":\"Arquimaster\"}]}<\/script>\n<!-- \/ Yoast SEO plugin. -->","yoast_head_json":{"title":"Casa HD \/ Boide Interiorismo - Arquimaster","description":"El proyecto nace de la necesidad de renovar un espacio tradicional y volverlo atemporal.","robots":{"index":"index","follow":"follow","max-snippet":"max-snippet:-1","max-image-preview":"max-image-preview:large","max-video-preview":"max-video-preview:-1"},"canonical":"https:\/\/www.arquimaster.com.ar\/web\/casa-hd-boide-interiorismo\/","og_locale":"es_ES","og_type":"article","og_title":"Casa HD \/ Boide Interiorismo","og_description":"El proyecto nace de la necesidad de renovar un espacio tradicional y volverlo atemporal.","og_url":"https:\/\/www.arquimaster.com.ar\/web\/casa-hd-boide-interiorismo\/","og_site_name":"Arquimaster","article_publisher":"http:\/\/www.facebook.com\/ARQUIMASTER.com.ar","article_published_time":"2024-10-30T21:22:47+00:00","article_modified_time":"2025-07-24T23:02:04+00:00","og_image":[{"width":698,"height":364,"url":"https:\/\/www.arquimaster.com.ar\/web\/wp-content\/uploads\/2024\/10\/casa_hd_slide.jpg","type":"image\/jpeg"}],"author":"Arquimaster","twitter_card":"summary_large_image","twitter_title":"Casa HD \/ Boide Interiorismo","twitter_description":"El proyecto nace de la necesidad de renovar un espacio tradicional y volverlo atemporal.","twitter_image":"https:\/\/www.arquimaster.com.ar\/web\/wp-content\/uploads\/2024\/10\/casa_hd_slide.jpg","twitter_creator":"@arquimaster","twitter_site":"@arquimaster","twitter_misc":{"Escrito por":"Arquimaster","Tiempo de lectura":"5 minutos"},"schema":{"@context":"https:\/\/schema.org","@graph":[{"@type":"Article","@id":"https:\/\/www.arquimaster.com.ar\/web\/casa-hd-boide-interiorismo\/#article","isPartOf":{"@id":"https:\/\/www.arquimaster.com.ar\/web\/casa-hd-boide-interiorismo\/"},"author":{"name":"Arquimaster","@id":"https:\/\/www.arquimaster.com.ar\/web\/#\/schema\/person\/359e9f7c00193fcde068e0dd2ceb0028"},"headline":"Casa HD \/ Boide Interiorismo","datePublished":"2024-10-30T21:22:47+00:00","dateModified":"2025-07-24T23:02:04+00:00","mainEntityOfPage":{"@id":"https:\/\/www.arquimaster.com.ar\/web\/casa-hd-boide-interiorismo\/"},"wordCount":881,"publisher":{"@id":"https:\/\/www.arquimaster.com.ar\/web\/#organization"},"image":{"@id":"https:\/\/www.arquimaster.com.ar\/web\/casa-hd-boide-interiorismo\/#primaryimage"},"thumbnailUrl":"https:\/\/www.arquimaster.com.ar\/web\/wp-content\/uploads\/2024\/10\/casa_hd_slide.jpg","keywords":["arquitectura residencial","Boide Interiorismo","Merida","Mexico","vivienda unifamiliar"],"articleSection":["Proyecto","Vivienda unifamiliar y PH"],"inLanguage":"es"},{"@type":"WebPage","@id":"https:\/\/www.arquimaster.com.ar\/web\/casa-hd-boide-interiorismo\/","url":"https:\/\/www.arquimaster.com.ar\/web\/casa-hd-boide-interiorismo\/","name":"Casa HD \/ Boide Interiorismo - Arquimaster","isPartOf":{"@id":"https:\/\/www.arquimaster.com.ar\/web\/#website"},"primaryImageOfPage":{"@id":"https:\/\/www.arquimaster.com.ar\/web\/casa-hd-boide-interiorismo\/#primaryimage"},"image":{"@id":"https:\/\/www.arquimaster.com.ar\/web\/casa-hd-boide-interiorismo\/#primaryimage"},"thumbnailUrl":"https:\/\/www.arquimaster.com.ar\/web\/wp-content\/uploads\/2024\/10\/casa_hd_slide.jpg","datePublished":"2024-10-30T21:22:47+00:00","dateModified":"2025-07-24T23:02:04+00:00","description":"El proyecto nace de la necesidad de renovar un espacio tradicional y volverlo atemporal.","breadcrumb":{"@id":"https:\/\/www.arquimaster.com.ar\/web\/casa-hd-boide-interiorismo\/#breadcrumb"},"inLanguage":"es","potentialAction":[{"@type":"ReadAction","target":["https:\/\/www.arquimaster.com.ar\/web\/casa-hd-boide-interiorismo\/"]}]},{"@type":"ImageObject","inLanguage":"es","@id":"https:\/\/www.arquimaster.com.ar\/web\/casa-hd-boide-interiorismo\/#primaryimage","url":"https:\/\/www.arquimaster.com.ar\/web\/wp-content\/uploads\/2024\/10\/casa_hd_slide.jpg","contentUrl":"https:\/\/www.arquimaster.com.ar\/web\/wp-content\/uploads\/2024\/10\/casa_hd_slide.jpg","width":698,"height":364,"caption":"Casa HD \/ Boide Interiorismo"},{"@type":"BreadcrumbList","@id":"https:\/\/www.arquimaster.com.ar\/web\/casa-hd-boide-interiorismo\/#breadcrumb","itemListElement":[{"@type":"ListItem","position":1,"name":"Portada","item":"https:\/\/www.arquimaster.com.ar\/web\/"},{"@type":"ListItem","position":2,"name":"Casa HD \/ Boide Interiorismo"}]},{"@type":"WebSite","@id":"https:\/\/www.arquimaster.com.ar\/web\/#website","url":"https:\/\/www.arquimaster.com.ar\/web\/","name":"Arquimaster","description":"Web de arquitectura, dise\u00f1o y construccion","publisher":{"@id":"https:\/\/www.arquimaster.com.ar\/web\/#organization"},"potentialAction":[{"@type":"SearchAction","target":{"@type":"EntryPoint","urlTemplate":"https:\/\/www.arquimaster.com.ar\/web\/?s={search_term_string}"},"query-input":{"@type":"PropertyValueSpecification","valueRequired":true,"valueName":"search_term_string"}}],"inLanguage":"es"},{"@type":"Organization","@id":"https:\/\/www.arquimaster.com.ar\/web\/#organization","name":"Arquimaster","url":"https:\/\/www.arquimaster.com.ar\/web\/","logo":{"@type":"ImageObject","inLanguage":"es","@id":"https:\/\/www.arquimaster.com.ar\/web\/#\/schema\/logo\/image\/","url":"https:\/\/www.arquimaster.com.ar\/web\/wp-content\/uploads\/2022\/06\/arquimaster.png","contentUrl":"https:\/\/www.arquimaster.com.ar\/web\/wp-content\/uploads\/2022\/06\/arquimaster.png","width":594,"height":78,"caption":"Arquimaster"},"image":{"@id":"https:\/\/www.arquimaster.com.ar\/web\/#\/schema\/logo\/image\/"},"sameAs":["http:\/\/www.facebook.com\/ARQUIMASTER.com.ar","https:\/\/x.com\/arquimaster","https:\/\/www.instagram.com\/arquimasterblog\/","https:\/\/www.linkedin.com\/company\/arquimaster","https:\/\/www.pinterest.com\/arquimaster","https:\/\/t.me\/arquimaster"]},{"@type":"Person","@id":"https:\/\/www.arquimaster.com.ar\/web\/#\/schema\/person\/359e9f7c00193fcde068e0dd2ceb0028","name":"Arquimaster"}]}},"uagb_featured_image_src":{"full":["https:\/\/www.arquimaster.com.ar\/web\/wp-content\/uploads\/2024\/10\/casa_hd_slide.jpg",698,364,false],"thumbnail":["https:\/\/www.arquimaster.com.ar\/web\/wp-content\/uploads\/2024\/10\/casa_hd_slide-150x150.jpg",150,150,true],"medium":["https:\/\/www.arquimaster.com.ar\/web\/wp-content\/uploads\/2024\/10\/casa_hd_slide.jpg",698,364,false],"medium_large":["https:\/\/www.arquimaster.com.ar\/web\/wp-content\/uploads\/2024\/10\/casa_hd_slide.jpg",698,364,false],"large":["https:\/\/www.arquimaster.com.ar\/web\/wp-content\/uploads\/2024\/10\/casa_hd_slide.jpg",698,364,false],"1536x1536":["https:\/\/www.arquimaster.com.ar\/web\/wp-content\/uploads\/2024\/10\/casa_hd_slide.jpg",698,364,false],"2048x2048":["https:\/\/www.arquimaster.com.ar\/web\/wp-content\/uploads\/2024\/10\/casa_hd_slide.jpg",698,364,false]},"uagb_author_info":{"display_name":"Arquimaster","author_link":"https:\/\/www.arquimaster.com.ar\/web\/author\/arquimaster\/"},"uagb_comment_info":0,"uagb_excerpt":"El proyecto nace de la necesidad de renovar un espacio tradicional y volverlo atemporal...","_links":{"self":[{"href":"https:\/\/www.arquimaster.com.ar\/web\/wp-json\/wp\/v2\/posts\/82166","targetHints":{"allow":["GET"]}}],"collection":[{"href":"https:\/\/www.arquimaster.com.ar\/web\/wp-json\/wp\/v2\/posts"}],"about":[{"href":"https:\/\/www.arquimaster.com.ar\/web\/wp-json\/wp\/v2\/types\/post"}],"author":[{"embeddable":true,"href":"https:\/\/www.arquimaster.com.ar\/web\/wp-json\/wp\/v2\/users\/1"}],"replies":[{"embeddable":true,"href":"https:\/\/www.arquimaster.com.ar\/web\/wp-json\/wp\/v2\/comments?post=82166"}],"version-history":[{"count":3,"href":"https:\/\/www.arquimaster.com.ar\/web\/wp-json\/wp\/v2\/posts\/82166\/revisions"}],"predecessor-version":[{"id":85101,"href":"https:\/\/www.arquimaster.com.ar\/web\/wp-json\/wp\/v2\/posts\/82166\/revisions\/85101"}],"wp:featuredmedia":[{"embeddable":true,"href":"https:\/\/www.arquimaster.com.ar\/web\/wp-json\/wp\/v2\/media\/82167"}],"wp:attachment":[{"href":"https:\/\/www.arquimaster.com.ar\/web\/wp-json\/wp\/v2\/media?parent=82166"}],"wp:term":[{"taxonomy":"category","embeddable":true,"href":"https:\/\/www.arquimaster.com.ar\/web\/wp-json\/wp\/v2\/categories?post=82166"},{"taxonomy":"post_tag","embeddable":true,"href":"https:\/\/www.arquimaster.com.ar\/web\/wp-json\/wp\/v2\/tags?post=82166"}],"curies":[{"name":"wp","href":"https:\/\/api.w.org\/{rel}","templated":true}]}}