{"id":82183,"date":"2024-10-30T18:34:30","date_gmt":"2024-10-30T21:34:30","guid":{"rendered":"https:\/\/www.arquimaster.com.ar\/web\/?p=82183"},"modified":"2025-07-24T19:20:12","modified_gmt":"2025-07-24T22:20:12","slug":"casa-rancho-avandaro-chain-siman","status":"publish","type":"post","link":"https:\/\/www.arquimaster.com.ar\/web\/casa-rancho-avandaro-chain-siman\/","title":{"rendered":"Casa Rancho Av\u00e1ndaro \/ Chain + Siman"},"content":{"rendered":"<div style=\"margin-top: 0px; margin-bottom: 0px;\" class=\"sharethis-inline-share-buttons\" ><\/div><div class=\"b812932af2e751442846f039925109de\" data-index=\"1\" style=\"float: none; margin:25px 0 25px 0; text-align:center;\">\n<script async src=\"https:\/\/pagead2.googlesyndication.com\/pagead\/js\/adsbygoogle.js\"><\/script>\r\n<!-- Arquimaster (superior) -->\r\n<ins class=\"adsbygoogle\"\r\n     style=\"display:block\"\r\n     data-ad-client=\"ca-pub-6351072698456832\"\r\n     data-ad-slot=\"6455489680\"\r\n     data-ad-format=\"auto\"\r\n     data-full-width-responsive=\"true\"><\/ins>\r\n<script>\r\n     (adsbygoogle = window.adsbygoogle || []).push({});\r\n<\/script>\n<\/div>\n<p><strong>Casa Rancho Av\u00e1ndaro<\/strong> (Valle de Bravo, Estado de M\u00e9xico, M\u00e9xico) por <strong>Chain + Siman<\/strong>. A las afueras de Valle de Bravo se encuentra Casa Rancho Av\u00e1ndaro, una villa de descanso para disfrutar de su vasto entorno natural. El uso de materiales de la regi\u00f3n permite integrarla por completo a la naturaleza.<\/p>\n<div id='gallery-1' class='gallery galleryid-82183 gallery-columns-3 gallery-size-thumbnail'><figure class='gallery-item'>\n\t\t\t<div class='gallery-icon landscape'>\n\t\t\t\t<a href='https:\/\/www.arquimaster.com.ar\/web\/wp-content\/uploads\/2024\/10\/rancho_avandaro_1.jpg' title=\"Casa Rancho Av\u00e1ndaro \/ Chain + Siman (\u00a9 Jaime Navarro)\" data-rl_title=\"Casa Rancho Av\u00e1ndaro \/ Chain + Siman (\u00a9 Jaime Navarro)\" class=\"rl-gallery-link\" data-rl_caption=\"Casa Rancho Av\u00e1ndaro \/ Chain + Siman (\u00a9 Jaime Navarro)\" data-rel=\"lightbox-gallery-1\"><img loading=\"lazy\" decoding=\"async\" width=\"150\" height=\"150\" src=\"https:\/\/www.arquimaster.com.ar\/web\/wp-content\/uploads\/2024\/10\/rancho_avandaro_1-150x150.jpg\" class=\"attachment-thumbnail size-thumbnail\" alt=\"Casa Rancho Av\u00e1ndaro \/ Chain + Siman\" aria-describedby=\"gallery-1-82185\" \/><\/a>\n\t\t\t<\/div>\n\t\t\t\t<figcaption class='wp-caption-text gallery-caption' id='gallery-1-82185'>\n\t\t\t\tCasa Rancho Av\u00e1ndaro \/ Chain + Siman (\u00a9 Jaime Navarro)\n\t\t\t\t<\/figcaption><\/figure><figure class='gallery-item'>\n\t\t\t<div class='gallery-icon landscape'>\n\t\t\t\t<a href='https:\/\/www.arquimaster.com.ar\/web\/wp-content\/uploads\/2024\/10\/rancho_avandaro_2.jpg' title=\"Casa Rancho Av\u00e1ndaro \/ Chain + Siman (\u00a9 Jaime Navarro)\" data-rl_title=\"Casa Rancho Av\u00e1ndaro \/ Chain + Siman (\u00a9 Jaime Navarro)\" class=\"rl-gallery-link\" data-rl_caption=\"Casa Rancho Av\u00e1ndaro \/ Chain + Siman (\u00a9 Jaime Navarro)\" data-rel=\"lightbox-gallery-1\"><img loading=\"lazy\" decoding=\"async\" width=\"150\" height=\"150\" src=\"https:\/\/www.arquimaster.com.ar\/web\/wp-content\/uploads\/2024\/10\/rancho_avandaro_2-150x150.jpg\" class=\"attachment-thumbnail size-thumbnail\" alt=\"Casa Rancho Av\u00e1ndaro \/ Chain + Siman\" aria-describedby=\"gallery-1-82186\" \/><\/a>\n\t\t\t<\/div>\n\t\t\t\t<figcaption class='wp-caption-text gallery-caption' id='gallery-1-82186'>\n\t\t\t\tCasa Rancho Av\u00e1ndaro \/ Chain + Siman (\u00a9 Jaime Navarro)\n\t\t\t\t<\/figcaption><\/figure><figure class='gallery-item'>\n\t\t\t<div class='gallery-icon portrait'>\n\t\t\t\t<a href='https:\/\/www.arquimaster.com.ar\/web\/wp-content\/uploads\/2024\/10\/rancho_avandaro_3.jpg' title=\"Casa Rancho Av\u00e1ndaro \/ Chain + Siman (\u00a9 Jaime Navarro)\" data-rl_title=\"Casa Rancho Av\u00e1ndaro \/ Chain + Siman (\u00a9 Jaime Navarro)\" class=\"rl-gallery-link\" data-rl_caption=\"Casa Rancho Av\u00e1ndaro \/ Chain + Siman (\u00a9 Jaime Navarro)\" data-rel=\"lightbox-gallery-1\"><img loading=\"lazy\" decoding=\"async\" width=\"150\" height=\"150\" src=\"https:\/\/www.arquimaster.com.ar\/web\/wp-content\/uploads\/2024\/10\/rancho_avandaro_3-150x150.jpg\" class=\"attachment-thumbnail size-thumbnail\" alt=\"Casa Rancho Av\u00e1ndaro \/ Chain + Siman\" aria-describedby=\"gallery-1-82187\" \/><\/a>\n\t\t\t<\/div>\n\t\t\t\t<figcaption class='wp-caption-text gallery-caption' id='gallery-1-82187'>\n\t\t\t\tCasa Rancho Av\u00e1ndaro \/ Chain + Siman (\u00a9 Jaime Navarro)\n\t\t\t\t<\/figcaption><\/figure><figure class='gallery-item'>\n\t\t\t<div class='gallery-icon portrait'>\n\t\t\t\t<a href='https:\/\/www.arquimaster.com.ar\/web\/wp-content\/uploads\/2024\/10\/rancho_avandaro_4.jpg' title=\"Casa Rancho Av\u00e1ndaro \/ Chain + Siman (\u00a9 Jaime Navarro)\" data-rl_title=\"Casa Rancho Av\u00e1ndaro \/ Chain + Siman (\u00a9 Jaime Navarro)\" class=\"rl-gallery-link\" data-rl_caption=\"Casa Rancho Av\u00e1ndaro \/ Chain + Siman (\u00a9 Jaime Navarro)\" data-rel=\"lightbox-gallery-1\"><img loading=\"lazy\" decoding=\"async\" width=\"150\" height=\"150\" src=\"https:\/\/www.arquimaster.com.ar\/web\/wp-content\/uploads\/2024\/10\/rancho_avandaro_4-150x150.jpg\" class=\"attachment-thumbnail size-thumbnail\" alt=\"Casa Rancho Av\u00e1ndaro \/ Chain + Siman\" aria-describedby=\"gallery-1-82188\" \/><\/a>\n\t\t\t<\/div>\n\t\t\t\t<figcaption class='wp-caption-text gallery-caption' id='gallery-1-82188'>\n\t\t\t\tCasa Rancho Av\u00e1ndaro \/ Chain + Siman (\u00a9 Jaime Navarro)\n\t\t\t\t<\/figcaption><\/figure><figure class='gallery-item'>\n\t\t\t<div class='gallery-icon landscape'>\n\t\t\t\t<a href='https:\/\/www.arquimaster.com.ar\/web\/wp-content\/uploads\/2024\/10\/rancho_avandaro_5.jpg' title=\"Casa Rancho Av\u00e1ndaro \/ Chain + Siman (\u00a9 Jaime Navarro)\" data-rl_title=\"Casa Rancho Av\u00e1ndaro \/ Chain + Siman (\u00a9 Jaime Navarro)\" class=\"rl-gallery-link\" data-rl_caption=\"Casa Rancho Av\u00e1ndaro \/ Chain + Siman (\u00a9 Jaime Navarro)\" data-rel=\"lightbox-gallery-1\"><img loading=\"lazy\" decoding=\"async\" width=\"150\" height=\"150\" src=\"https:\/\/www.arquimaster.com.ar\/web\/wp-content\/uploads\/2024\/10\/rancho_avandaro_5-150x150.jpg\" class=\"attachment-thumbnail size-thumbnail\" alt=\"Casa Rancho Av\u00e1ndaro \/ Chain + Siman\" aria-describedby=\"gallery-1-82189\" \/><\/a>\n\t\t\t<\/div>\n\t\t\t\t<figcaption class='wp-caption-text gallery-caption' id='gallery-1-82189'>\n\t\t\t\tCasa Rancho Av\u00e1ndaro \/ Chain + Siman (\u00a9 Jaime Navarro)\n\t\t\t\t<\/figcaption><\/figure><figure class='gallery-item'>\n\t\t\t<div class='gallery-icon portrait'>\n\t\t\t\t<a href='https:\/\/www.arquimaster.com.ar\/web\/wp-content\/uploads\/2024\/10\/rancho_avandaro_6.jpg' title=\"Casa Rancho Av\u00e1ndaro \/ Chain + Siman (\u00a9 Jaime Navarro)\" data-rl_title=\"Casa Rancho Av\u00e1ndaro \/ Chain + Siman (\u00a9 Jaime Navarro)\" class=\"rl-gallery-link\" data-rl_caption=\"Casa Rancho Av\u00e1ndaro \/ Chain + Siman (\u00a9 Jaime Navarro)\" data-rel=\"lightbox-gallery-1\"><img loading=\"lazy\" decoding=\"async\" width=\"150\" height=\"150\" src=\"https:\/\/www.arquimaster.com.ar\/web\/wp-content\/uploads\/2024\/10\/rancho_avandaro_6-150x150.jpg\" class=\"attachment-thumbnail size-thumbnail\" alt=\"Casa Rancho Av\u00e1ndaro \/ Chain + Siman\" aria-describedby=\"gallery-1-82190\" \/><\/a>\n\t\t\t<\/div>\n\t\t\t\t<figcaption class='wp-caption-text gallery-caption' id='gallery-1-82190'>\n\t\t\t\tCasa Rancho Av\u00e1ndaro \/ Chain + Siman (\u00a9 Jaime Navarro)\n\t\t\t\t<\/figcaption><\/figure><figure class='gallery-item'>\n\t\t\t<div class='gallery-icon landscape'>\n\t\t\t\t<a href='https:\/\/www.arquimaster.com.ar\/web\/wp-content\/uploads\/2024\/10\/rancho_avandaro_7.jpg' title=\"Casa Rancho Av\u00e1ndaro \/ Chain + Siman (\u00a9 Jaime Navarro)\" data-rl_title=\"Casa Rancho Av\u00e1ndaro \/ Chain + Siman (\u00a9 Jaime Navarro)\" class=\"rl-gallery-link\" data-rl_caption=\"Casa Rancho Av\u00e1ndaro \/ Chain + Siman (\u00a9 Jaime Navarro)\" data-rel=\"lightbox-gallery-1\"><img loading=\"lazy\" decoding=\"async\" width=\"150\" height=\"150\" src=\"https:\/\/www.arquimaster.com.ar\/web\/wp-content\/uploads\/2024\/10\/rancho_avandaro_7-150x150.jpg\" class=\"attachment-thumbnail size-thumbnail\" alt=\"Casa Rancho Av\u00e1ndaro \/ Chain + Siman\" aria-describedby=\"gallery-1-82191\" \/><\/a>\n\t\t\t<\/div>\n\t\t\t\t<figcaption class='wp-caption-text gallery-caption' id='gallery-1-82191'>\n\t\t\t\tCasa Rancho Av\u00e1ndaro \/ Chain + Siman (\u00a9 Jaime Navarro)\n\t\t\t\t<\/figcaption><\/figure><figure class='gallery-item'>\n\t\t\t<div class='gallery-icon portrait'>\n\t\t\t\t<a href='https:\/\/www.arquimaster.com.ar\/web\/wp-content\/uploads\/2024\/10\/rancho_avandaro_8.jpg' title=\"Casa Rancho Av\u00e1ndaro \/ Chain + Siman (\u00a9 Jaime Navarro)\" data-rl_title=\"Casa Rancho Av\u00e1ndaro \/ Chain + Siman (\u00a9 Jaime Navarro)\" class=\"rl-gallery-link\" data-rl_caption=\"Casa Rancho Av\u00e1ndaro \/ Chain + Siman (\u00a9 Jaime Navarro)\" data-rel=\"lightbox-gallery-1\"><img loading=\"lazy\" decoding=\"async\" width=\"150\" height=\"150\" src=\"https:\/\/www.arquimaster.com.ar\/web\/wp-content\/uploads\/2024\/10\/rancho_avandaro_8-150x150.jpg\" class=\"attachment-thumbnail size-thumbnail\" alt=\"Casa Rancho Av\u00e1ndaro \/ Chain + Siman\" aria-describedby=\"gallery-1-82192\" \/><\/a>\n\t\t\t<\/div>\n\t\t\t\t<figcaption class='wp-caption-text gallery-caption' id='gallery-1-82192'>\n\t\t\t\tCasa Rancho Av\u00e1ndaro \/ Chain + Siman (\u00a9 Jaime Navarro)\n\t\t\t\t<\/figcaption><\/figure><figure class='gallery-item'>\n\t\t\t<div class='gallery-icon landscape'>\n\t\t\t\t<a href='https:\/\/www.arquimaster.com.ar\/web\/wp-content\/uploads\/2024\/10\/rancho_avandaro_9.jpg' title=\"Casa Rancho Av\u00e1ndaro \/ Chain + Siman (\u00a9 Jaime Navarro)\" data-rl_title=\"Casa Rancho Av\u00e1ndaro \/ Chain + Siman (\u00a9 Jaime Navarro)\" class=\"rl-gallery-link\" data-rl_caption=\"Casa Rancho Av\u00e1ndaro \/ Chain + Siman (\u00a9 Jaime Navarro)\" data-rel=\"lightbox-gallery-1\"><img loading=\"lazy\" decoding=\"async\" width=\"150\" height=\"150\" src=\"https:\/\/www.arquimaster.com.ar\/web\/wp-content\/uploads\/2024\/10\/rancho_avandaro_9-150x150.jpg\" class=\"attachment-thumbnail size-thumbnail\" alt=\"Casa Rancho Av\u00e1ndaro \/ Chain + Siman\" aria-describedby=\"gallery-1-82193\" \/><\/a>\n\t\t\t<\/div>\n\t\t\t\t<figcaption class='wp-caption-text gallery-caption' id='gallery-1-82193'>\n\t\t\t\tCasa Rancho Av\u00e1ndaro \/ Chain + Siman (\u00a9 Jaime Navarro)\n\t\t\t\t<\/figcaption><\/figure><figure class='gallery-item'>\n\t\t\t<div class='gallery-icon landscape'>\n\t\t\t\t<a href='https:\/\/www.arquimaster.com.ar\/web\/wp-content\/uploads\/2024\/10\/rancho_avandaro_10.jpg' title=\"Casa Rancho Av\u00e1ndaro \/ Chain + Siman (\u00a9 Rafael Gamo)\" data-rl_title=\"Casa Rancho Av\u00e1ndaro \/ Chain + Siman (\u00a9 Rafael Gamo)\" class=\"rl-gallery-link\" data-rl_caption=\"Casa Rancho Av\u00e1ndaro \/ Chain + Siman (\u00a9 Rafael Gamo)\" data-rel=\"lightbox-gallery-1\"><img loading=\"lazy\" decoding=\"async\" width=\"150\" height=\"150\" src=\"https:\/\/www.arquimaster.com.ar\/web\/wp-content\/uploads\/2024\/10\/rancho_avandaro_10-150x150.jpg\" class=\"attachment-thumbnail size-thumbnail\" alt=\"Casa Rancho Av\u00e1ndaro \/ Chain + Siman\" aria-describedby=\"gallery-1-82194\" srcset=\"https:\/\/www.arquimaster.com.ar\/web\/wp-content\/uploads\/2024\/10\/rancho_avandaro_10-150x150.jpg 150w, https:\/\/www.arquimaster.com.ar\/web\/wp-content\/uploads\/2024\/10\/rancho_avandaro_10-768x768.jpg 768w, https:\/\/www.arquimaster.com.ar\/web\/wp-content\/uploads\/2024\/10\/rancho_avandaro_10.jpg 1500w\" sizes=\"auto, (max-width: 150px) 100vw, 150px\" \/><\/a>\n\t\t\t<\/div>\n\t\t\t\t<figcaption class='wp-caption-text gallery-caption' id='gallery-1-82194'>\n\t\t\t\tCasa Rancho Av\u00e1ndaro \/ Chain + Siman (\u00a9 Rafael Gamo)\n\t\t\t\t<\/figcaption><\/figure><figure class='gallery-item'>\n\t\t\t<div class='gallery-icon landscape'>\n\t\t\t\t<a href='https:\/\/www.arquimaster.com.ar\/web\/wp-content\/uploads\/2024\/10\/rancho_avandaro_11.jpg' title=\"Casa Rancho Av\u00e1ndaro \/ Chain + Siman (\u00a9 Rafael Gamo)\" data-rl_title=\"Casa Rancho Av\u00e1ndaro \/ Chain + Siman (\u00a9 Rafael Gamo)\" class=\"rl-gallery-link\" data-rl_caption=\"Casa Rancho Av\u00e1ndaro \/ Chain + Siman (\u00a9 Rafael Gamo)\" data-rel=\"lightbox-gallery-1\"><img loading=\"lazy\" decoding=\"async\" width=\"150\" height=\"150\" src=\"https:\/\/www.arquimaster.com.ar\/web\/wp-content\/uploads\/2024\/10\/rancho_avandaro_11-150x150.jpg\" class=\"attachment-thumbnail size-thumbnail\" alt=\"Casa Rancho Av\u00e1ndaro \/ Chain + Siman\" aria-describedby=\"gallery-1-82195\" \/><\/a>\n\t\t\t<\/div>\n\t\t\t\t<figcaption class='wp-caption-text gallery-caption' id='gallery-1-82195'>\n\t\t\t\tCasa Rancho Av\u00e1ndaro \/ Chain + Siman (\u00a9 Rafael Gamo)\n\t\t\t\t<\/figcaption><\/figure><figure class='gallery-item'>\n\t\t\t<div class='gallery-icon landscape'>\n\t\t\t\t<a href='https:\/\/www.arquimaster.com.ar\/web\/wp-content\/uploads\/2024\/10\/rancho_avandaro_12.jpg' title=\"Casa Rancho Av\u00e1ndaro \/ Chain + Siman (\u00a9 Rafael Gamo)\" data-rl_title=\"Casa Rancho Av\u00e1ndaro \/ Chain + Siman (\u00a9 Rafael Gamo)\" class=\"rl-gallery-link\" data-rl_caption=\"Casa Rancho Av\u00e1ndaro \/ Chain + Siman (\u00a9 Rafael Gamo)\" data-rel=\"lightbox-gallery-1\"><img loading=\"lazy\" decoding=\"async\" width=\"150\" height=\"150\" src=\"https:\/\/www.arquimaster.com.ar\/web\/wp-content\/uploads\/2024\/10\/rancho_avandaro_12-150x150.jpg\" class=\"attachment-thumbnail size-thumbnail\" alt=\"Casa Rancho Av\u00e1ndaro \/ Chain + Siman\" aria-describedby=\"gallery-1-82196\" srcset=\"https:\/\/www.arquimaster.com.ar\/web\/wp-content\/uploads\/2024\/10\/rancho_avandaro_12-150x150.jpg 150w, https:\/\/www.arquimaster.com.ar\/web\/wp-content\/uploads\/2024\/10\/rancho_avandaro_12-768x768.jpg 768w, https:\/\/www.arquimaster.com.ar\/web\/wp-content\/uploads\/2024\/10\/rancho_avandaro_12.jpg 1500w\" sizes=\"auto, (max-width: 150px) 100vw, 150px\" \/><\/a>\n\t\t\t<\/div>\n\t\t\t\t<figcaption class='wp-caption-text gallery-caption' id='gallery-1-82196'>\n\t\t\t\tCasa Rancho Av\u00e1ndaro \/ Chain + Siman (\u00a9 Rafael Gamo)\n\t\t\t\t<\/figcaption><\/figure><figure class='gallery-item'>\n\t\t\t<div class='gallery-icon landscape'>\n\t\t\t\t<a href='https:\/\/www.arquimaster.com.ar\/web\/wp-content\/uploads\/2024\/10\/rancho_avandaro_13.jpg' title=\"Casa Rancho Av\u00e1ndaro \/ Chain + Siman (\u00a9 Rafael Gamo)\" data-rl_title=\"Casa Rancho Av\u00e1ndaro \/ Chain + Siman (\u00a9 Rafael Gamo)\" class=\"rl-gallery-link\" data-rl_caption=\"Casa Rancho Av\u00e1ndaro \/ Chain + Siman (\u00a9 Rafael Gamo)\" data-rel=\"lightbox-gallery-1\"><img loading=\"lazy\" decoding=\"async\" width=\"150\" height=\"150\" src=\"https:\/\/www.arquimaster.com.ar\/web\/wp-content\/uploads\/2024\/10\/rancho_avandaro_13-150x150.jpg\" class=\"attachment-thumbnail size-thumbnail\" alt=\"Casa Rancho Av\u00e1ndaro \/ Chain + Siman\" aria-describedby=\"gallery-1-82197\" \/><\/a>\n\t\t\t<\/div>\n\t\t\t\t<figcaption class='wp-caption-text gallery-caption' id='gallery-1-82197'>\n\t\t\t\tCasa Rancho Av\u00e1ndaro \/ Chain + Siman (\u00a9 Rafael Gamo)\n\t\t\t\t<\/figcaption><\/figure><figure class='gallery-item'>\n\t\t\t<div class='gallery-icon portrait'>\n\t\t\t\t<a href='https:\/\/www.arquimaster.com.ar\/web\/wp-content\/uploads\/2024\/10\/rancho_avandaro_14.jpg' title=\"Casa Rancho Av\u00e1ndaro \/ Chain + Siman (\u00a9 Rafael Gamo)\" data-rl_title=\"Casa Rancho Av\u00e1ndaro \/ Chain + Siman (\u00a9 Rafael Gamo)\" class=\"rl-gallery-link\" data-rl_caption=\"Casa Rancho Av\u00e1ndaro \/ Chain + Siman (\u00a9 Rafael Gamo)\" data-rel=\"lightbox-gallery-1\"><img loading=\"lazy\" decoding=\"async\" width=\"150\" height=\"150\" src=\"https:\/\/www.arquimaster.com.ar\/web\/wp-content\/uploads\/2024\/10\/rancho_avandaro_14-150x150.jpg\" class=\"attachment-thumbnail size-thumbnail\" alt=\"Casa Rancho Av\u00e1ndaro \/ Chain + Siman\" aria-describedby=\"gallery-1-82198\" \/><\/a>\n\t\t\t<\/div>\n\t\t\t\t<figcaption class='wp-caption-text gallery-caption' id='gallery-1-82198'>\n\t\t\t\tCasa Rancho Av\u00e1ndaro \/ Chain + Siman (\u00a9 Rafael Gamo)\n\t\t\t\t<\/figcaption><\/figure><figure class='gallery-item'>\n\t\t\t<div class='gallery-icon landscape'>\n\t\t\t\t<a href='https:\/\/www.arquimaster.com.ar\/web\/wp-content\/uploads\/2024\/10\/rancho_avandaro_15.jpg' title=\"Casa Rancho Av\u00e1ndaro \/ Chain + Siman (\u00a9 Rafael Gamo)\" data-rl_title=\"Casa Rancho Av\u00e1ndaro \/ Chain + Siman (\u00a9 Rafael Gamo)\" class=\"rl-gallery-link\" data-rl_caption=\"Casa Rancho Av\u00e1ndaro \/ Chain + Siman (\u00a9 Rafael Gamo)\" data-rel=\"lightbox-gallery-1\"><img loading=\"lazy\" decoding=\"async\" width=\"150\" height=\"150\" src=\"https:\/\/www.arquimaster.com.ar\/web\/wp-content\/uploads\/2024\/10\/rancho_avandaro_15-150x150.jpg\" class=\"attachment-thumbnail size-thumbnail\" alt=\"Casa Rancho Av\u00e1ndaro \/ Chain + Siman\" aria-describedby=\"gallery-1-82199\" \/><\/a>\n\t\t\t<\/div>\n\t\t\t\t<figcaption class='wp-caption-text gallery-caption' id='gallery-1-82199'>\n\t\t\t\tCasa Rancho Av\u00e1ndaro \/ Chain + Siman (\u00a9 Rafael Gamo)\n\t\t\t\t<\/figcaption><\/figure><figure class='gallery-item'>\n\t\t\t<div class='gallery-icon portrait'>\n\t\t\t\t<a href='https:\/\/www.arquimaster.com.ar\/web\/wp-content\/uploads\/2024\/10\/rancho_avandaro_16.jpg' title=\"Casa Rancho Av\u00e1ndaro \/ Chain + Siman (\u00a9 Rafael Gamo)\" data-rl_title=\"Casa Rancho Av\u00e1ndaro \/ Chain + Siman (\u00a9 Rafael Gamo)\" class=\"rl-gallery-link\" data-rl_caption=\"Casa Rancho Av\u00e1ndaro \/ Chain + Siman (\u00a9 Rafael Gamo)\" data-rel=\"lightbox-gallery-1\"><img loading=\"lazy\" decoding=\"async\" width=\"150\" height=\"150\" src=\"https:\/\/www.arquimaster.com.ar\/web\/wp-content\/uploads\/2024\/10\/rancho_avandaro_16-150x150.jpg\" class=\"attachment-thumbnail size-thumbnail\" alt=\"Casa Rancho Av\u00e1ndaro \/ Chain + Siman\" aria-describedby=\"gallery-1-82200\" \/><\/a>\n\t\t\t<\/div>\n\t\t\t\t<figcaption class='wp-caption-text gallery-caption' id='gallery-1-82200'>\n\t\t\t\tCasa Rancho Av\u00e1ndaro \/ Chain + Siman (\u00a9 Rafael Gamo)\n\t\t\t\t<\/figcaption><\/figure><figure class='gallery-item'>\n\t\t\t<div class='gallery-icon portrait'>\n\t\t\t\t<a href='https:\/\/www.arquimaster.com.ar\/web\/wp-content\/uploads\/2024\/10\/rancho_avandaro_17.jpg' title=\"Casa Rancho Av\u00e1ndaro \/ Chain + Siman (\u00a9 Rafael Gamo)\" data-rl_title=\"Casa Rancho Av\u00e1ndaro \/ Chain + Siman (\u00a9 Rafael Gamo)\" class=\"rl-gallery-link\" data-rl_caption=\"Casa Rancho Av\u00e1ndaro \/ Chain + Siman (\u00a9 Rafael Gamo)\" data-rel=\"lightbox-gallery-1\"><img loading=\"lazy\" decoding=\"async\" width=\"150\" height=\"150\" src=\"https:\/\/www.arquimaster.com.ar\/web\/wp-content\/uploads\/2024\/10\/rancho_avandaro_17-150x150.jpg\" class=\"attachment-thumbnail size-thumbnail\" alt=\"Casa Rancho Av\u00e1ndaro \/ Chain + Siman\" aria-describedby=\"gallery-1-82201\" \/><\/a>\n\t\t\t<\/div>\n\t\t\t\t<figcaption class='wp-caption-text gallery-caption' id='gallery-1-82201'>\n\t\t\t\tCasa Rancho Av\u00e1ndaro \/ Chain + Siman (\u00a9 Rafael Gamo)\n\t\t\t\t<\/figcaption><\/figure><figure class='gallery-item'>\n\t\t\t<div class='gallery-icon landscape'>\n\t\t\t\t<a href='https:\/\/www.arquimaster.com.ar\/web\/wp-content\/uploads\/2024\/10\/rancho_avandaro_18.jpg' title=\"Casa Rancho Av\u00e1ndaro \/ Chain + Siman (\u00a9 Rafael Gamo)\" data-rl_title=\"Casa Rancho Av\u00e1ndaro \/ Chain + Siman (\u00a9 Rafael Gamo)\" class=\"rl-gallery-link\" data-rl_caption=\"Casa Rancho Av\u00e1ndaro \/ Chain + Siman (\u00a9 Rafael Gamo)\" data-rel=\"lightbox-gallery-1\"><img loading=\"lazy\" decoding=\"async\" width=\"150\" height=\"150\" src=\"https:\/\/www.arquimaster.com.ar\/web\/wp-content\/uploads\/2024\/10\/rancho_avandaro_18-150x150.jpg\" class=\"attachment-thumbnail size-thumbnail\" alt=\"Casa Rancho Av\u00e1ndaro \/ Chain + Siman\" aria-describedby=\"gallery-1-82202\" \/><\/a>\n\t\t\t<\/div>\n\t\t\t\t<figcaption class='wp-caption-text gallery-caption' id='gallery-1-82202'>\n\t\t\t\tCasa Rancho Av\u00e1ndaro \/ Chain + Siman (\u00a9 Rafael Gamo)\n\t\t\t\t<\/figcaption><\/figure><figure class='gallery-item'>\n\t\t\t<div class='gallery-icon landscape'>\n\t\t\t\t<a href='https:\/\/www.arquimaster.com.ar\/web\/wp-content\/uploads\/2024\/10\/rancho_avandaro_19.jpg' title=\"Casa Rancho Av\u00e1ndaro \/ Chain + Siman (\u00a9 Rafael Gamo)\" data-rl_title=\"Casa Rancho Av\u00e1ndaro \/ Chain + Siman (\u00a9 Rafael Gamo)\" class=\"rl-gallery-link\" data-rl_caption=\"Casa Rancho Av\u00e1ndaro \/ Chain + Siman (\u00a9 Rafael Gamo)\" data-rel=\"lightbox-gallery-1\"><img loading=\"lazy\" decoding=\"async\" width=\"150\" height=\"150\" src=\"https:\/\/www.arquimaster.com.ar\/web\/wp-content\/uploads\/2024\/10\/rancho_avandaro_19-150x150.jpg\" class=\"attachment-thumbnail size-thumbnail\" alt=\"Casa Rancho Av\u00e1ndaro \/ Chain + Siman\" aria-describedby=\"gallery-1-82203\" \/><\/a>\n\t\t\t<\/div>\n\t\t\t\t<figcaption class='wp-caption-text gallery-caption' id='gallery-1-82203'>\n\t\t\t\tCasa Rancho Av\u00e1ndaro \/ Chain + Siman (\u00a9 Rafael Gamo)\n\t\t\t\t<\/figcaption><\/figure><figure class='gallery-item'>\n\t\t\t<div class='gallery-icon landscape'>\n\t\t\t\t<a href='https:\/\/www.arquimaster.com.ar\/web\/wp-content\/uploads\/2024\/10\/rancho_avandaro_20.jpg' title=\"Casa Rancho Av\u00e1ndaro \/ Chain + Siman (\u00a9 Rafael Gamo)\" data-rl_title=\"Casa Rancho Av\u00e1ndaro \/ Chain + Siman (\u00a9 Rafael Gamo)\" class=\"rl-gallery-link\" data-rl_caption=\"Casa Rancho Av\u00e1ndaro \/ Chain + Siman (\u00a9 Rafael Gamo)\" data-rel=\"lightbox-gallery-1\"><img loading=\"lazy\" decoding=\"async\" width=\"150\" height=\"150\" src=\"https:\/\/www.arquimaster.com.ar\/web\/wp-content\/uploads\/2024\/10\/rancho_avandaro_20-150x150.jpg\" class=\"attachment-thumbnail size-thumbnail\" alt=\"Casa Rancho Av\u00e1ndaro \/ Chain + Siman\" aria-describedby=\"gallery-1-82204\" srcset=\"https:\/\/www.arquimaster.com.ar\/web\/wp-content\/uploads\/2024\/10\/rancho_avandaro_20-150x150.jpg 150w, https:\/\/www.arquimaster.com.ar\/web\/wp-content\/uploads\/2024\/10\/rancho_avandaro_20-768x768.jpg 768w, https:\/\/www.arquimaster.com.ar\/web\/wp-content\/uploads\/2024\/10\/rancho_avandaro_20.jpg 1500w\" sizes=\"auto, (max-width: 150px) 100vw, 150px\" \/><\/a>\n\t\t\t<\/div>\n\t\t\t\t<figcaption class='wp-caption-text gallery-caption' id='gallery-1-82204'>\n\t\t\t\tCasa Rancho Av\u00e1ndaro \/ Chain + Siman (\u00a9 Rafael Gamo)\n\t\t\t\t<\/figcaption><\/figure><figure class='gallery-item'>\n\t\t\t<div class='gallery-icon portrait'>\n\t\t\t\t<a href='https:\/\/www.arquimaster.com.ar\/web\/wp-content\/uploads\/2024\/10\/rancho_avandaro_21.jpg' title=\"Casa Rancho Av\u00e1ndaro \/ Chain + Siman (\u00a9 Rafael Gamo)\" data-rl_title=\"Casa Rancho Av\u00e1ndaro \/ Chain + Siman (\u00a9 Rafael Gamo)\" class=\"rl-gallery-link\" data-rl_caption=\"Casa Rancho Av\u00e1ndaro \/ Chain + Siman (\u00a9 Rafael Gamo)\" data-rel=\"lightbox-gallery-1\"><img loading=\"lazy\" decoding=\"async\" width=\"150\" height=\"150\" src=\"https:\/\/www.arquimaster.com.ar\/web\/wp-content\/uploads\/2024\/10\/rancho_avandaro_21-150x150.jpg\" class=\"attachment-thumbnail size-thumbnail\" alt=\"Casa Rancho Av\u00e1ndaro \/ Chain + Siman\" aria-describedby=\"gallery-1-82205\" \/><\/a>\n\t\t\t<\/div>\n\t\t\t\t<figcaption class='wp-caption-text gallery-caption' id='gallery-1-82205'>\n\t\t\t\tCasa Rancho Av\u00e1ndaro \/ Chain + Siman (\u00a9 Rafael Gamo)\n\t\t\t\t<\/figcaption><\/figure><figure class='gallery-item'>\n\t\t\t<div class='gallery-icon landscape'>\n\t\t\t\t<a href='https:\/\/www.arquimaster.com.ar\/web\/wp-content\/uploads\/2024\/10\/rancho_avandaro_22.jpg' title=\"Casa Rancho Av\u00e1ndaro \/ Chain + Siman (\u00a9 Rafael Gamo)\" data-rl_title=\"Casa Rancho Av\u00e1ndaro \/ Chain + Siman (\u00a9 Rafael Gamo)\" class=\"rl-gallery-link\" data-rl_caption=\"Casa Rancho Av\u00e1ndaro \/ Chain + Siman (\u00a9 Rafael Gamo)\" data-rel=\"lightbox-gallery-1\"><img loading=\"lazy\" decoding=\"async\" width=\"150\" height=\"150\" src=\"https:\/\/www.arquimaster.com.ar\/web\/wp-content\/uploads\/2024\/10\/rancho_avandaro_22-150x150.jpg\" class=\"attachment-thumbnail size-thumbnail\" alt=\"Casa Rancho Av\u00e1ndaro \/ Chain + Siman\" aria-describedby=\"gallery-1-82206\" \/><\/a>\n\t\t\t<\/div>\n\t\t\t\t<figcaption class='wp-caption-text gallery-caption' id='gallery-1-82206'>\n\t\t\t\tCasa Rancho Av\u00e1ndaro \/ Chain + Siman (\u00a9 Rafael Gamo)\n\t\t\t\t<\/figcaption><\/figure><figure class='gallery-item'>\n\t\t\t<div class='gallery-icon portrait'>\n\t\t\t\t<a href='https:\/\/www.arquimaster.com.ar\/web\/wp-content\/uploads\/2024\/10\/rancho_avandaro_23.jpg' title=\"Casa Rancho Av\u00e1ndaro \/ Chain + Siman (\u00a9 Rafael Gamo)\" data-rl_title=\"Casa Rancho Av\u00e1ndaro \/ Chain + Siman (\u00a9 Rafael Gamo)\" class=\"rl-gallery-link\" data-rl_caption=\"Casa Rancho Av\u00e1ndaro \/ Chain + Siman (\u00a9 Rafael Gamo)\" data-rel=\"lightbox-gallery-1\"><img loading=\"lazy\" decoding=\"async\" width=\"150\" height=\"150\" src=\"https:\/\/www.arquimaster.com.ar\/web\/wp-content\/uploads\/2024\/10\/rancho_avandaro_23-150x150.jpg\" class=\"attachment-thumbnail size-thumbnail\" alt=\"Casa Rancho Av\u00e1ndaro \/ Chain + Siman\" aria-describedby=\"gallery-1-82207\" \/><\/a>\n\t\t\t<\/div>\n\t\t\t\t<figcaption class='wp-caption-text gallery-caption' id='gallery-1-82207'>\n\t\t\t\tCasa Rancho Av\u00e1ndaro \/ Chain + Siman (\u00a9 Rafael Gamo)\n\t\t\t\t<\/figcaption><\/figure><figure class='gallery-item'>\n\t\t\t<div class='gallery-icon landscape'>\n\t\t\t\t<a href='https:\/\/www.arquimaster.com.ar\/web\/wp-content\/uploads\/2024\/10\/rancho_avandaro_24.jpg' title=\"Casa Rancho Av\u00e1ndaro \/ Chain + Siman (\u00a9 Rafael Gamo)\" data-rl_title=\"Casa Rancho Av\u00e1ndaro \/ Chain + Siman (\u00a9 Rafael Gamo)\" class=\"rl-gallery-link\" data-rl_caption=\"Casa Rancho Av\u00e1ndaro \/ Chain + Siman (\u00a9 Rafael Gamo)\" data-rel=\"lightbox-gallery-1\"><img loading=\"lazy\" decoding=\"async\" width=\"150\" height=\"150\" src=\"https:\/\/www.arquimaster.com.ar\/web\/wp-content\/uploads\/2024\/10\/rancho_avandaro_24-150x150.jpg\" class=\"attachment-thumbnail size-thumbnail\" alt=\"Casa Rancho Av\u00e1ndaro \/ Chain + Siman\" aria-describedby=\"gallery-1-82208\" srcset=\"https:\/\/www.arquimaster.com.ar\/web\/wp-content\/uploads\/2024\/10\/rancho_avandaro_24-150x150.jpg 150w, https:\/\/www.arquimaster.com.ar\/web\/wp-content\/uploads\/2024\/10\/rancho_avandaro_24-768x768.jpg 768w, https:\/\/www.arquimaster.com.ar\/web\/wp-content\/uploads\/2024\/10\/rancho_avandaro_24.jpg 1500w\" sizes=\"auto, (max-width: 150px) 100vw, 150px\" \/><\/a>\n\t\t\t<\/div>\n\t\t\t\t<figcaption class='wp-caption-text gallery-caption' id='gallery-1-82208'>\n\t\t\t\tCasa Rancho Av\u00e1ndaro \/ Chain + Siman (\u00a9 Rafael Gamo)\n\t\t\t\t<\/figcaption><\/figure><figure class='gallery-item'>\n\t\t\t<div class='gallery-icon landscape'>\n\t\t\t\t<a href='https:\/\/www.arquimaster.com.ar\/web\/wp-content\/uploads\/2024\/10\/rancho_avandaro_25.jpg' title=\"Casa Rancho Av\u00e1ndaro \/ Chain + Siman (\u00a9 Rafael Gamo)\" data-rl_title=\"Casa Rancho Av\u00e1ndaro \/ Chain + Siman (\u00a9 Rafael Gamo)\" class=\"rl-gallery-link\" data-rl_caption=\"Casa Rancho Av\u00e1ndaro \/ Chain + Siman (\u00a9 Rafael Gamo)\" data-rel=\"lightbox-gallery-1\"><img loading=\"lazy\" decoding=\"async\" width=\"150\" height=\"150\" src=\"https:\/\/www.arquimaster.com.ar\/web\/wp-content\/uploads\/2024\/10\/rancho_avandaro_25-150x150.jpg\" class=\"attachment-thumbnail size-thumbnail\" alt=\"Casa Rancho Av\u00e1ndaro \/ Chain + Siman\" aria-describedby=\"gallery-1-82209\" \/><\/a>\n\t\t\t<\/div>\n\t\t\t\t<figcaption class='wp-caption-text gallery-caption' id='gallery-1-82209'>\n\t\t\t\tCasa Rancho Av\u00e1ndaro \/ Chain + Siman (\u00a9 Rafael Gamo)\n\t\t\t\t<\/figcaption><\/figure><figure class='gallery-item'>\n\t\t\t<div class='gallery-icon landscape'>\n\t\t\t\t<a href='https:\/\/www.arquimaster.com.ar\/web\/wp-content\/uploads\/2024\/10\/rancho_avandaro_26.jpg' title=\"Casa Rancho Av\u00e1ndaro \/ Chain + Siman (\u00a9 Rafael Gamo)\" data-rl_title=\"Casa Rancho Av\u00e1ndaro \/ Chain + Siman (\u00a9 Rafael Gamo)\" class=\"rl-gallery-link\" data-rl_caption=\"Casa Rancho Av\u00e1ndaro \/ Chain + Siman (\u00a9 Rafael Gamo)\" data-rel=\"lightbox-gallery-1\"><img loading=\"lazy\" decoding=\"async\" width=\"150\" height=\"150\" src=\"https:\/\/www.arquimaster.com.ar\/web\/wp-content\/uploads\/2024\/10\/rancho_avandaro_26-150x150.jpg\" class=\"attachment-thumbnail size-thumbnail\" alt=\"Casa Rancho Av\u00e1ndaro \/ Chain + Siman\" aria-describedby=\"gallery-1-82210\" srcset=\"https:\/\/www.arquimaster.com.ar\/web\/wp-content\/uploads\/2024\/10\/rancho_avandaro_26-150x150.jpg 150w, https:\/\/www.arquimaster.com.ar\/web\/wp-content\/uploads\/2024\/10\/rancho_avandaro_26-768x768.jpg 768w, https:\/\/www.arquimaster.com.ar\/web\/wp-content\/uploads\/2024\/10\/rancho_avandaro_26.jpg 1500w\" sizes=\"auto, (max-width: 150px) 100vw, 150px\" \/><\/a>\n\t\t\t<\/div>\n\t\t\t\t<figcaption class='wp-caption-text gallery-caption' id='gallery-1-82210'>\n\t\t\t\tCasa Rancho Av\u00e1ndaro \/ Chain + Siman (\u00a9 Rafael Gamo)\n\t\t\t\t<\/figcaption><\/figure><figure class='gallery-item'>\n\t\t\t<div class='gallery-icon landscape'>\n\t\t\t\t<a href='https:\/\/www.arquimaster.com.ar\/web\/wp-content\/uploads\/2024\/10\/rancho_avandaro_27.jpg' title=\"Casa Rancho Av\u00e1ndaro \/ Chain + Siman (\u00a9 Rafael Gamo)\" data-rl_title=\"Casa Rancho Av\u00e1ndaro \/ Chain + Siman (\u00a9 Rafael Gamo)\" class=\"rl-gallery-link\" data-rl_caption=\"Casa Rancho Av\u00e1ndaro \/ Chain + Siman (\u00a9 Rafael Gamo)\" data-rel=\"lightbox-gallery-1\"><img loading=\"lazy\" decoding=\"async\" width=\"150\" height=\"150\" src=\"https:\/\/www.arquimaster.com.ar\/web\/wp-content\/uploads\/2024\/10\/rancho_avandaro_27-150x150.jpg\" class=\"attachment-thumbnail size-thumbnail\" alt=\"Casa Rancho Av\u00e1ndaro \/ Chain + Siman\" aria-describedby=\"gallery-1-82211\" srcset=\"https:\/\/www.arquimaster.com.ar\/web\/wp-content\/uploads\/2024\/10\/rancho_avandaro_27-150x150.jpg 150w, https:\/\/www.arquimaster.com.ar\/web\/wp-content\/uploads\/2024\/10\/rancho_avandaro_27-768x768.jpg 768w, https:\/\/www.arquimaster.com.ar\/web\/wp-content\/uploads\/2024\/10\/rancho_avandaro_27.jpg 1500w\" sizes=\"auto, (max-width: 150px) 100vw, 150px\" \/><\/a>\n\t\t\t<\/div>\n\t\t\t\t<figcaption class='wp-caption-text gallery-caption' id='gallery-1-82211'>\n\t\t\t\tCasa Rancho Av\u00e1ndaro \/ Chain + Siman (\u00a9 Rafael Gamo)\n\t\t\t\t<\/figcaption><\/figure><figure class='gallery-item'>\n\t\t\t<div class='gallery-icon portrait'>\n\t\t\t\t<a href='https:\/\/www.arquimaster.com.ar\/web\/wp-content\/uploads\/2024\/10\/rancho_avandaro_28.jpg' title=\"Casa Rancho Av\u00e1ndaro \/ Chain + Siman (\u00a9 Rafael Gamo)\" data-rl_title=\"Casa Rancho Av\u00e1ndaro \/ Chain + Siman (\u00a9 Rafael Gamo)\" class=\"rl-gallery-link\" data-rl_caption=\"Casa Rancho Av\u00e1ndaro \/ Chain + Siman (\u00a9 Rafael Gamo)\" data-rel=\"lightbox-gallery-1\"><img loading=\"lazy\" decoding=\"async\" width=\"150\" height=\"150\" src=\"https:\/\/www.arquimaster.com.ar\/web\/wp-content\/uploads\/2024\/10\/rancho_avandaro_28-150x150.jpg\" class=\"attachment-thumbnail size-thumbnail\" alt=\"Casa Rancho Av\u00e1ndaro \/ Chain + Siman\" aria-describedby=\"gallery-1-82212\" \/><\/a>\n\t\t\t<\/div>\n\t\t\t\t<figcaption class='wp-caption-text gallery-caption' id='gallery-1-82212'>\n\t\t\t\tCasa Rancho Av\u00e1ndaro \/ Chain + Siman (\u00a9 Rafael Gamo)\n\t\t\t\t<\/figcaption><\/figure><figure class='gallery-item'>\n\t\t\t<div class='gallery-icon landscape'>\n\t\t\t\t<a href='https:\/\/www.arquimaster.com.ar\/web\/wp-content\/uploads\/2024\/10\/rancho_avandaro_29.jpg' title=\"Casa Rancho Av\u00e1ndaro \/ Chain + Siman (\u00a9 Rafael Gamo)\" data-rl_title=\"Casa Rancho Av\u00e1ndaro \/ Chain + Siman (\u00a9 Rafael Gamo)\" class=\"rl-gallery-link\" data-rl_caption=\"Casa Rancho Av\u00e1ndaro \/ Chain + Siman (\u00a9 Rafael Gamo)\" data-rel=\"lightbox-gallery-1\"><img loading=\"lazy\" decoding=\"async\" width=\"150\" height=\"150\" src=\"https:\/\/www.arquimaster.com.ar\/web\/wp-content\/uploads\/2024\/10\/rancho_avandaro_29-150x150.jpg\" class=\"attachment-thumbnail size-thumbnail\" alt=\"Casa Rancho Av\u00e1ndaro \/ Chain + Siman\" aria-describedby=\"gallery-1-82213\" \/><\/a>\n\t\t\t<\/div>\n\t\t\t\t<figcaption class='wp-caption-text gallery-caption' id='gallery-1-82213'>\n\t\t\t\tCasa Rancho Av\u00e1ndaro \/ Chain + Siman (\u00a9 Rafael Gamo)\n\t\t\t\t<\/figcaption><\/figure><figure class='gallery-item'>\n\t\t\t<div class='gallery-icon portrait'>\n\t\t\t\t<a href='https:\/\/www.arquimaster.com.ar\/web\/wp-content\/uploads\/2024\/10\/rancho_avandaro_30.jpg' title=\"Casa Rancho Av\u00e1ndaro \/ Chain + Siman (\u00a9 Rafael Gamo)\" data-rl_title=\"Casa Rancho Av\u00e1ndaro \/ Chain + Siman (\u00a9 Rafael Gamo)\" class=\"rl-gallery-link\" data-rl_caption=\"Casa Rancho Av\u00e1ndaro \/ Chain + Siman (\u00a9 Rafael Gamo)\" data-rel=\"lightbox-gallery-1\"><img loading=\"lazy\" decoding=\"async\" width=\"150\" height=\"150\" src=\"https:\/\/www.arquimaster.com.ar\/web\/wp-content\/uploads\/2024\/10\/rancho_avandaro_30-150x150.jpg\" class=\"attachment-thumbnail size-thumbnail\" alt=\"Casa Rancho Av\u00e1ndaro \/ Chain + Siman\" aria-describedby=\"gallery-1-82214\" \/><\/a>\n\t\t\t<\/div>\n\t\t\t\t<figcaption class='wp-caption-text gallery-caption' id='gallery-1-82214'>\n\t\t\t\tCasa Rancho Av\u00e1ndaro \/ Chain + Siman (\u00a9 Rafael Gamo)\n\t\t\t\t<\/figcaption><\/figure><figure class='gallery-item'>\n\t\t\t<div class='gallery-icon landscape'>\n\t\t\t\t<a href='https:\/\/www.arquimaster.com.ar\/web\/wp-content\/uploads\/2024\/10\/rancho_avandaro_31.jpg' title=\"Casa Rancho Av\u00e1ndaro \/ Chain + Siman (\u00a9 Rafael Gamo)\" data-rl_title=\"Casa Rancho Av\u00e1ndaro \/ Chain + Siman (\u00a9 Rafael Gamo)\" class=\"rl-gallery-link\" data-rl_caption=\"Casa Rancho Av\u00e1ndaro \/ Chain + Siman (\u00a9 Rafael Gamo)\" data-rel=\"lightbox-gallery-1\"><img loading=\"lazy\" decoding=\"async\" width=\"150\" height=\"150\" src=\"https:\/\/www.arquimaster.com.ar\/web\/wp-content\/uploads\/2024\/10\/rancho_avandaro_31-150x150.jpg\" class=\"attachment-thumbnail size-thumbnail\" alt=\"Casa Rancho Av\u00e1ndaro \/ Chain + Siman\" aria-describedby=\"gallery-1-82215\" srcset=\"https:\/\/www.arquimaster.com.ar\/web\/wp-content\/uploads\/2024\/10\/rancho_avandaro_31-150x150.jpg 150w, https:\/\/www.arquimaster.com.ar\/web\/wp-content\/uploads\/2024\/10\/rancho_avandaro_31-768x768.jpg 768w, https:\/\/www.arquimaster.com.ar\/web\/wp-content\/uploads\/2024\/10\/rancho_avandaro_31.jpg 1500w\" sizes=\"auto, (max-width: 150px) 100vw, 150px\" \/><\/a>\n\t\t\t<\/div>\n\t\t\t\t<figcaption class='wp-caption-text gallery-caption' id='gallery-1-82215'>\n\t\t\t\tCasa Rancho Av\u00e1ndaro \/ Chain + Siman (\u00a9 Rafael Gamo)\n\t\t\t\t<\/figcaption><\/figure><figure class='gallery-item'>\n\t\t\t<div class='gallery-icon portrait'>\n\t\t\t\t<a href='https:\/\/www.arquimaster.com.ar\/web\/wp-content\/uploads\/2024\/10\/rancho_avandaro_32.jpg' title=\"Casa Rancho Av\u00e1ndaro \/ Chain + Siman (\u00a9 Rafael Gamo)\" data-rl_title=\"Casa Rancho Av\u00e1ndaro \/ Chain + Siman (\u00a9 Rafael Gamo)\" class=\"rl-gallery-link\" data-rl_caption=\"Casa Rancho Av\u00e1ndaro \/ Chain + Siman (\u00a9 Rafael Gamo)\" data-rel=\"lightbox-gallery-1\"><img loading=\"lazy\" decoding=\"async\" width=\"150\" height=\"150\" src=\"https:\/\/www.arquimaster.com.ar\/web\/wp-content\/uploads\/2024\/10\/rancho_avandaro_32-150x150.jpg\" class=\"attachment-thumbnail size-thumbnail\" alt=\"Casa Rancho Av\u00e1ndaro \/ Chain + Siman\" aria-describedby=\"gallery-1-82216\" \/><\/a>\n\t\t\t<\/div>\n\t\t\t\t<figcaption class='wp-caption-text gallery-caption' id='gallery-1-82216'>\n\t\t\t\tCasa Rancho Av\u00e1ndaro \/ Chain + Siman (\u00a9 Rafael Gamo)\n\t\t\t\t<\/figcaption><\/figure><figure class='gallery-item'>\n\t\t\t<div class='gallery-icon portrait'>\n\t\t\t\t<a href='https:\/\/www.arquimaster.com.ar\/web\/wp-content\/uploads\/2024\/10\/rancho_avandaro_33.jpg' title=\"Casa Rancho Av\u00e1ndaro \/ Chain + Siman (\u00a9 Rafael Gamo)\" data-rl_title=\"Casa Rancho Av\u00e1ndaro \/ Chain + Siman (\u00a9 Rafael Gamo)\" class=\"rl-gallery-link\" data-rl_caption=\"Casa Rancho Av\u00e1ndaro \/ Chain + Siman (\u00a9 Rafael Gamo)\" data-rel=\"lightbox-gallery-1\"><img loading=\"lazy\" decoding=\"async\" width=\"150\" height=\"150\" src=\"https:\/\/www.arquimaster.com.ar\/web\/wp-content\/uploads\/2024\/10\/rancho_avandaro_33-150x150.jpg\" class=\"attachment-thumbnail size-thumbnail\" alt=\"Casa Rancho Av\u00e1ndaro \/ Chain + Siman\" aria-describedby=\"gallery-1-82217\" \/><\/a>\n\t\t\t<\/div>\n\t\t\t\t<figcaption class='wp-caption-text gallery-caption' id='gallery-1-82217'>\n\t\t\t\tCasa Rancho Av\u00e1ndaro \/ Chain + Siman (\u00a9 Rafael Gamo)\n\t\t\t\t<\/figcaption><\/figure><figure class='gallery-item'>\n\t\t\t<div class='gallery-icon landscape'>\n\t\t\t\t<a href='https:\/\/www.arquimaster.com.ar\/web\/wp-content\/uploads\/2024\/10\/rancho_avandaro_34.jpg' title=\"Casa Rancho Av\u00e1ndaro \/ Chain + Siman (\u00a9 Rafael Gamo)\" data-rl_title=\"Casa Rancho Av\u00e1ndaro \/ Chain + Siman (\u00a9 Rafael Gamo)\" class=\"rl-gallery-link\" data-rl_caption=\"Casa Rancho Av\u00e1ndaro \/ Chain + Siman (\u00a9 Rafael Gamo)\" data-rel=\"lightbox-gallery-1\"><img loading=\"lazy\" decoding=\"async\" width=\"150\" height=\"150\" src=\"https:\/\/www.arquimaster.com.ar\/web\/wp-content\/uploads\/2024\/10\/rancho_avandaro_34-150x150.jpg\" class=\"attachment-thumbnail size-thumbnail\" alt=\"Casa Rancho Av\u00e1ndaro \/ Chain + Siman\" aria-describedby=\"gallery-1-82218\" srcset=\"https:\/\/www.arquimaster.com.ar\/web\/wp-content\/uploads\/2024\/10\/rancho_avandaro_34-150x150.jpg 150w, https:\/\/www.arquimaster.com.ar\/web\/wp-content\/uploads\/2024\/10\/rancho_avandaro_34-768x768.jpg 768w, https:\/\/www.arquimaster.com.ar\/web\/wp-content\/uploads\/2024\/10\/rancho_avandaro_34.jpg 1500w\" sizes=\"auto, (max-width: 150px) 100vw, 150px\" \/><\/a>\n\t\t\t<\/div>\n\t\t\t\t<figcaption class='wp-caption-text gallery-caption' id='gallery-1-82218'>\n\t\t\t\tCasa Rancho Av\u00e1ndaro \/ Chain + Siman (\u00a9 Rafael Gamo)\n\t\t\t\t<\/figcaption><\/figure><figure class='gallery-item'>\n\t\t\t<div class='gallery-icon portrait'>\n\t\t\t\t<a href='https:\/\/www.arquimaster.com.ar\/web\/wp-content\/uploads\/2024\/10\/rancho_avandaro_35.jpg' title=\"Casa Rancho Av\u00e1ndaro \/ Chain + Siman (\u00a9 Rafael Gamo)\" data-rl_title=\"Casa Rancho Av\u00e1ndaro \/ Chain + Siman (\u00a9 Rafael Gamo)\" class=\"rl-gallery-link\" data-rl_caption=\"Casa Rancho Av\u00e1ndaro \/ Chain + Siman (\u00a9 Rafael Gamo)\" data-rel=\"lightbox-gallery-1\"><img loading=\"lazy\" decoding=\"async\" width=\"150\" height=\"150\" src=\"https:\/\/www.arquimaster.com.ar\/web\/wp-content\/uploads\/2024\/10\/rancho_avandaro_35-150x150.jpg\" class=\"attachment-thumbnail size-thumbnail\" alt=\"Casa Rancho Av\u00e1ndaro \/ Chain + Siman\" aria-describedby=\"gallery-1-82219\" \/><\/a>\n\t\t\t<\/div>\n\t\t\t\t<figcaption class='wp-caption-text gallery-caption' id='gallery-1-82219'>\n\t\t\t\tCasa Rancho Av\u00e1ndaro \/ Chain + Siman (\u00a9 Rafael Gamo)\n\t\t\t\t<\/figcaption><\/figure><figure class='gallery-item'>\n\t\t\t<div class='gallery-icon landscape'>\n\t\t\t\t<a href='https:\/\/www.arquimaster.com.ar\/web\/wp-content\/uploads\/2024\/10\/rancho_avandaro_36.jpg' title=\"Casa Rancho Av\u00e1ndaro \/ Chain + Siman (\u00a9 Rafael Gamo)\" data-rl_title=\"Casa Rancho Av\u00e1ndaro \/ Chain + Siman (\u00a9 Rafael Gamo)\" class=\"rl-gallery-link\" data-rl_caption=\"Casa Rancho Av\u00e1ndaro \/ Chain + Siman (\u00a9 Rafael Gamo)\" data-rel=\"lightbox-gallery-1\"><img loading=\"lazy\" decoding=\"async\" width=\"150\" height=\"150\" src=\"https:\/\/www.arquimaster.com.ar\/web\/wp-content\/uploads\/2024\/10\/rancho_avandaro_36-150x150.jpg\" class=\"attachment-thumbnail size-thumbnail\" alt=\"Casa Rancho Av\u00e1ndaro \/ Chain + Siman\" aria-describedby=\"gallery-1-82220\" \/><\/a>\n\t\t\t<\/div>\n\t\t\t\t<figcaption class='wp-caption-text gallery-caption' id='gallery-1-82220'>\n\t\t\t\tCasa Rancho Av\u00e1ndaro \/ Chain + Siman (\u00a9 Rafael Gamo)\n\t\t\t\t<\/figcaption><\/figure><figure class='gallery-item'>\n\t\t\t<div class='gallery-icon landscape'>\n\t\t\t\t<a href='https:\/\/www.arquimaster.com.ar\/web\/wp-content\/uploads\/2024\/10\/rancho_avandaro_37.jpg' title=\"Casa Rancho Av\u00e1ndaro \/ Chain + Siman (\u00a9 Rafael Gamo)\" data-rl_title=\"Casa Rancho Av\u00e1ndaro \/ Chain + Siman (\u00a9 Rafael Gamo)\" class=\"rl-gallery-link\" data-rl_caption=\"Casa Rancho Av\u00e1ndaro \/ Chain + Siman (\u00a9 Rafael Gamo)\" data-rel=\"lightbox-gallery-1\"><img loading=\"lazy\" decoding=\"async\" width=\"150\" height=\"150\" src=\"https:\/\/www.arquimaster.com.ar\/web\/wp-content\/uploads\/2024\/10\/rancho_avandaro_37-150x150.jpg\" class=\"attachment-thumbnail size-thumbnail\" alt=\"Casa Rancho Av\u00e1ndaro \/ Chain + Siman\" aria-describedby=\"gallery-1-82221\" \/><\/a>\n\t\t\t<\/div>\n\t\t\t\t<figcaption class='wp-caption-text gallery-caption' id='gallery-1-82221'>\n\t\t\t\tCasa Rancho Av\u00e1ndaro \/ Chain + Siman (\u00a9 Rafael Gamo)\n\t\t\t\t<\/figcaption><\/figure><figure class='gallery-item'>\n\t\t\t<div class='gallery-icon landscape'>\n\t\t\t\t<a href='https:\/\/www.arquimaster.com.ar\/web\/wp-content\/uploads\/2024\/10\/rancho_avandaro_38.jpg' title=\"Casa Rancho Av\u00e1ndaro \/ Chain + Siman (\u00a9 Rafael Gamo)\" data-rl_title=\"Casa Rancho Av\u00e1ndaro \/ Chain + Siman (\u00a9 Rafael Gamo)\" class=\"rl-gallery-link\" data-rl_caption=\"Casa Rancho Av\u00e1ndaro \/ Chain + Siman (\u00a9 Rafael Gamo)\" data-rel=\"lightbox-gallery-1\"><img loading=\"lazy\" decoding=\"async\" width=\"150\" height=\"150\" src=\"https:\/\/www.arquimaster.com.ar\/web\/wp-content\/uploads\/2024\/10\/rancho_avandaro_38-150x150.jpg\" class=\"attachment-thumbnail size-thumbnail\" alt=\"Casa Rancho Av\u00e1ndaro \/ Chain + Siman\" aria-describedby=\"gallery-1-82222\" \/><\/a>\n\t\t\t<\/div>\n\t\t\t\t<figcaption class='wp-caption-text gallery-caption' id='gallery-1-82222'>\n\t\t\t\tCasa Rancho Av\u00e1ndaro \/ Chain + Siman (\u00a9 Rafael Gamo)\n\t\t\t\t<\/figcaption><\/figure><figure class='gallery-item'>\n\t\t\t<div class='gallery-icon landscape'>\n\t\t\t\t<a href='https:\/\/www.arquimaster.com.ar\/web\/wp-content\/uploads\/2024\/10\/rancho_avandaro_39.jpg' title=\"Casa Rancho Av\u00e1ndaro \/ Chain + Siman (\u00a9 Rafael Gamo)\" data-rl_title=\"Casa Rancho Av\u00e1ndaro \/ Chain + Siman (\u00a9 Rafael Gamo)\" class=\"rl-gallery-link\" data-rl_caption=\"Casa Rancho Av\u00e1ndaro \/ Chain + Siman (\u00a9 Rafael Gamo)\" data-rel=\"lightbox-gallery-1\"><img loading=\"lazy\" decoding=\"async\" width=\"150\" height=\"150\" src=\"https:\/\/www.arquimaster.com.ar\/web\/wp-content\/uploads\/2024\/10\/rancho_avandaro_39-150x150.jpg\" class=\"attachment-thumbnail size-thumbnail\" alt=\"Casa Rancho Av\u00e1ndaro \/ Chain + Siman\" aria-describedby=\"gallery-1-82223\" \/><\/a>\n\t\t\t<\/div>\n\t\t\t\t<figcaption class='wp-caption-text gallery-caption' id='gallery-1-82223'>\n\t\t\t\tCasa Rancho Av\u00e1ndaro \/ Chain + Siman (\u00a9 Rafael Gamo)\n\t\t\t\t<\/figcaption><\/figure><figure class='gallery-item'>\n\t\t\t<div class='gallery-icon landscape'>\n\t\t\t\t<a href='https:\/\/www.arquimaster.com.ar\/web\/wp-content\/uploads\/2024\/10\/rancho_avandaro_40.jpg' title=\"Casa Rancho Av\u00e1ndaro \/ Chain + Siman (\u00a9 Rafael Gamo)\" data-rl_title=\"Casa Rancho Av\u00e1ndaro \/ Chain + Siman (\u00a9 Rafael Gamo)\" class=\"rl-gallery-link\" data-rl_caption=\"Casa Rancho Av\u00e1ndaro \/ Chain + Siman (\u00a9 Rafael Gamo)\" data-rel=\"lightbox-gallery-1\"><img loading=\"lazy\" decoding=\"async\" width=\"150\" height=\"150\" src=\"https:\/\/www.arquimaster.com.ar\/web\/wp-content\/uploads\/2024\/10\/rancho_avandaro_40-150x150.jpg\" class=\"attachment-thumbnail size-thumbnail\" alt=\"Casa Rancho Av\u00e1ndaro \/ Chain + Siman\" aria-describedby=\"gallery-1-82224\" \/><\/a>\n\t\t\t<\/div>\n\t\t\t\t<figcaption class='wp-caption-text gallery-caption' id='gallery-1-82224'>\n\t\t\t\tCasa Rancho Av\u00e1ndaro \/ Chain + Siman (\u00a9 Rafael Gamo)\n\t\t\t\t<\/figcaption><\/figure><figure class='gallery-item'>\n\t\t\t<div class='gallery-icon landscape'>\n\t\t\t\t<a href='https:\/\/www.arquimaster.com.ar\/web\/wp-content\/uploads\/2024\/10\/rancho_avandaro_41.jpg' title=\"Casa Rancho Av\u00e1ndaro \/ Chain + Siman (\u00a9 Rafael Gamo)\" data-rl_title=\"Casa Rancho Av\u00e1ndaro \/ Chain + Siman (\u00a9 Rafael Gamo)\" class=\"rl-gallery-link\" data-rl_caption=\"Casa Rancho Av\u00e1ndaro \/ Chain + Siman (\u00a9 Rafael Gamo)\" data-rel=\"lightbox-gallery-1\"><img loading=\"lazy\" decoding=\"async\" width=\"150\" height=\"150\" src=\"https:\/\/www.arquimaster.com.ar\/web\/wp-content\/uploads\/2024\/10\/rancho_avandaro_41-150x150.jpg\" class=\"attachment-thumbnail size-thumbnail\" alt=\"Casa Rancho Av\u00e1ndaro \/ Chain + Siman\" aria-describedby=\"gallery-1-82225\" \/><\/a>\n\t\t\t<\/div>\n\t\t\t\t<figcaption class='wp-caption-text gallery-caption' id='gallery-1-82225'>\n\t\t\t\tCasa Rancho Av\u00e1ndaro \/ Chain + Siman (\u00a9 Rafael Gamo)\n\t\t\t\t<\/figcaption><\/figure><figure class='gallery-item'>\n\t\t\t<div class='gallery-icon landscape'>\n\t\t\t\t<a href='https:\/\/www.arquimaster.com.ar\/web\/wp-content\/uploads\/2024\/10\/rancho_avandaro_42.jpg' title=\"Casa Rancho Av\u00e1ndaro \/ Chain + Siman (\u00a9 Rafael Gamo)\" data-rl_title=\"Casa Rancho Av\u00e1ndaro \/ Chain + Siman (\u00a9 Rafael Gamo)\" class=\"rl-gallery-link\" data-rl_caption=\"Casa Rancho Av\u00e1ndaro \/ Chain + Siman (\u00a9 Rafael Gamo)\" data-rel=\"lightbox-gallery-1\"><img loading=\"lazy\" decoding=\"async\" width=\"150\" height=\"150\" src=\"https:\/\/www.arquimaster.com.ar\/web\/wp-content\/uploads\/2024\/10\/rancho_avandaro_42-150x150.jpg\" class=\"attachment-thumbnail size-thumbnail\" alt=\"Casa Rancho Av\u00e1ndaro \/ Chain + Siman\" aria-describedby=\"gallery-1-82226\" srcset=\"https:\/\/www.arquimaster.com.ar\/web\/wp-content\/uploads\/2024\/10\/rancho_avandaro_42-150x150.jpg 150w, https:\/\/www.arquimaster.com.ar\/web\/wp-content\/uploads\/2024\/10\/rancho_avandaro_42-768x768.jpg 768w, https:\/\/www.arquimaster.com.ar\/web\/wp-content\/uploads\/2024\/10\/rancho_avandaro_42.jpg 1500w\" sizes=\"auto, (max-width: 150px) 100vw, 150px\" \/><\/a>\n\t\t\t<\/div>\n\t\t\t\t<figcaption class='wp-caption-text gallery-caption' id='gallery-1-82226'>\n\t\t\t\tCasa Rancho Av\u00e1ndaro \/ Chain + Siman (\u00a9 Rafael Gamo)\n\t\t\t\t<\/figcaption><\/figure><figure class='gallery-item'>\n\t\t\t<div class='gallery-icon landscape'>\n\t\t\t\t<a href='https:\/\/www.arquimaster.com.ar\/web\/wp-content\/uploads\/2024\/10\/rancho_avandaro_43.jpg' title=\"Casa Rancho Av\u00e1ndaro \/ Chain + Siman (\u00a9 Rafael Gamo)\" data-rl_title=\"Casa Rancho Av\u00e1ndaro \/ Chain + Siman (\u00a9 Rafael Gamo)\" class=\"rl-gallery-link\" data-rl_caption=\"Casa Rancho Av\u00e1ndaro \/ Chain + Siman (\u00a9 Rafael Gamo)\" data-rel=\"lightbox-gallery-1\"><img loading=\"lazy\" decoding=\"async\" width=\"150\" height=\"150\" src=\"https:\/\/www.arquimaster.com.ar\/web\/wp-content\/uploads\/2024\/10\/rancho_avandaro_43-150x150.jpg\" class=\"attachment-thumbnail size-thumbnail\" alt=\"Casa Rancho Av\u00e1ndaro \/ Chain + Siman\" aria-describedby=\"gallery-1-82227\" \/><\/a>\n\t\t\t<\/div>\n\t\t\t\t<figcaption class='wp-caption-text gallery-caption' id='gallery-1-82227'>\n\t\t\t\tCasa Rancho Av\u00e1ndaro \/ Chain + Siman (\u00a9 Rafael Gamo)\n\t\t\t\t<\/figcaption><\/figure><figure class='gallery-item'>\n\t\t\t<div class='gallery-icon landscape'>\n\t\t\t\t<a href='https:\/\/www.arquimaster.com.ar\/web\/wp-content\/uploads\/2024\/10\/rancho_avandaro_44.jpg' title=\"Casa Rancho Av\u00e1ndaro \/ Chain + Siman (planta)\" data-rl_title=\"Casa Rancho Av\u00e1ndaro \/ Chain + Siman (planta)\" class=\"rl-gallery-link\" data-rl_caption=\"Casa Rancho Av\u00e1ndaro \/ Chain + Siman (planta)\" data-rel=\"lightbox-gallery-1\"><img loading=\"lazy\" decoding=\"async\" width=\"150\" height=\"150\" src=\"https:\/\/www.arquimaster.com.ar\/web\/wp-content\/uploads\/2024\/10\/rancho_avandaro_44-150x150.jpg\" class=\"attachment-thumbnail size-thumbnail\" alt=\"Casa Rancho Av\u00e1ndaro \/ Chain + Siman\" aria-describedby=\"gallery-1-82228\" \/><\/a>\n\t\t\t<\/div>\n\t\t\t\t<figcaption class='wp-caption-text gallery-caption' id='gallery-1-82228'>\n\t\t\t\tCasa Rancho Av\u00e1ndaro \/ Chain + Siman (planta)\n\t\t\t\t<\/figcaption><\/figure><figure class='gallery-item'>\n\t\t\t<div class='gallery-icon landscape'>\n\t\t\t\t<a href='https:\/\/www.arquimaster.com.ar\/web\/wp-content\/uploads\/2024\/10\/rancho_avandaro_45.jpg' title=\"Casa Rancho Av\u00e1ndaro \/ Chain + Siman (corte)\" data-rl_title=\"Casa Rancho Av\u00e1ndaro \/ Chain + Siman (corte)\" class=\"rl-gallery-link\" data-rl_caption=\"Casa Rancho Av\u00e1ndaro \/ Chain + Siman (corte)\" data-rel=\"lightbox-gallery-1\"><img loading=\"lazy\" decoding=\"async\" width=\"150\" height=\"150\" src=\"https:\/\/www.arquimaster.com.ar\/web\/wp-content\/uploads\/2024\/10\/rancho_avandaro_45-150x150.jpg\" class=\"attachment-thumbnail size-thumbnail\" alt=\"Casa Rancho Av\u00e1ndaro \/ Chain + Siman\" aria-describedby=\"gallery-1-82229\" \/><\/a>\n\t\t\t<\/div>\n\t\t\t\t<figcaption class='wp-caption-text gallery-caption' id='gallery-1-82229'>\n\t\t\t\tCasa Rancho Av\u00e1ndaro \/ Chain + Siman (corte)\n\t\t\t\t<\/figcaption><\/figure><figure class='gallery-item'>\n\t\t\t<div class='gallery-icon landscape'>\n\t\t\t\t<a href='https:\/\/www.arquimaster.com.ar\/web\/wp-content\/uploads\/2024\/10\/rancho_avandaro_46.jpg' title=\"Casa Rancho Av\u00e1ndaro \/ Chain + Siman (corte)\" data-rl_title=\"Casa Rancho Av\u00e1ndaro \/ Chain + Siman (corte)\" class=\"rl-gallery-link\" data-rl_caption=\"Casa Rancho Av\u00e1ndaro \/ Chain + Siman (corte)\" data-rel=\"lightbox-gallery-1\"><img loading=\"lazy\" decoding=\"async\" width=\"150\" height=\"150\" src=\"https:\/\/www.arquimaster.com.ar\/web\/wp-content\/uploads\/2024\/10\/rancho_avandaro_46-150x150.jpg\" class=\"attachment-thumbnail size-thumbnail\" alt=\"Casa Rancho Av\u00e1ndaro \/ Chain + Siman\" aria-describedby=\"gallery-1-82230\" \/><\/a>\n\t\t\t<\/div>\n\t\t\t\t<figcaption class='wp-caption-text gallery-caption' id='gallery-1-82230'>\n\t\t\t\tCasa Rancho Av\u00e1ndaro \/ Chain + Siman (corte)\n\t\t\t\t<\/figcaption><\/figure><figure class='gallery-item'>\n\t\t\t<div class='gallery-icon landscape'>\n\t\t\t\t<a href='https:\/\/www.arquimaster.com.ar\/web\/wp-content\/uploads\/2024\/10\/rancho_avandaro_47.jpg' title=\"Casa Rancho Av\u00e1ndaro \/ Chain + Siman (corte)\" data-rl_title=\"Casa Rancho Av\u00e1ndaro \/ Chain + Siman (corte)\" class=\"rl-gallery-link\" data-rl_caption=\"Casa Rancho Av\u00e1ndaro \/ Chain + Siman (corte)\" data-rel=\"lightbox-gallery-1\"><img loading=\"lazy\" decoding=\"async\" width=\"150\" height=\"150\" src=\"https:\/\/www.arquimaster.com.ar\/web\/wp-content\/uploads\/2024\/10\/rancho_avandaro_47-150x150.jpg\" class=\"attachment-thumbnail size-thumbnail\" alt=\"Casa Rancho Av\u00e1ndaro \/ Chain + Siman\" aria-describedby=\"gallery-1-82231\" \/><\/a>\n\t\t\t<\/div>\n\t\t\t\t<figcaption class='wp-caption-text gallery-caption' id='gallery-1-82231'>\n\t\t\t\tCasa Rancho Av\u00e1ndaro \/ Chain + Siman (corte)\n\t\t\t\t<\/figcaption><\/figure><figure class='gallery-item'>\n\t\t\t<div class='gallery-icon landscape'>\n\t\t\t\t<a href='https:\/\/www.arquimaster.com.ar\/web\/wp-content\/uploads\/2024\/10\/rancho_avandaro_48.jpg' title=\"Casa Rancho Av\u00e1ndaro \/ Chain + Siman (corte)\" data-rl_title=\"Casa Rancho Av\u00e1ndaro \/ Chain + Siman (corte)\" class=\"rl-gallery-link\" data-rl_caption=\"Casa Rancho Av\u00e1ndaro \/ Chain + Siman (corte)\" data-rel=\"lightbox-gallery-1\"><img loading=\"lazy\" decoding=\"async\" width=\"150\" height=\"150\" src=\"https:\/\/www.arquimaster.com.ar\/web\/wp-content\/uploads\/2024\/10\/rancho_avandaro_48-150x150.jpg\" class=\"attachment-thumbnail size-thumbnail\" alt=\"Casa Rancho Av\u00e1ndaro \/ Chain + Siman\" aria-describedby=\"gallery-1-82232\" \/><\/a>\n\t\t\t<\/div>\n\t\t\t\t<figcaption class='wp-caption-text gallery-caption' id='gallery-1-82232'>\n\t\t\t\tCasa Rancho Av\u00e1ndaro \/ Chain + Siman (corte)\n\t\t\t\t<\/figcaption><\/figure><figure class='gallery-item'>\n\t\t\t<div class='gallery-icon landscape'>\n\t\t\t\t<a href='https:\/\/www.arquimaster.com.ar\/web\/wp-content\/uploads\/2024\/10\/rancho_avandaro_49.jpg' title=\"Casa Rancho Av\u00e1ndaro \/ Chain + Siman (vista)\" data-rl_title=\"Casa Rancho Av\u00e1ndaro \/ Chain + Siman (vista)\" class=\"rl-gallery-link\" data-rl_caption=\"Casa Rancho Av\u00e1ndaro \/ Chain + Siman (vista)\" data-rel=\"lightbox-gallery-1\"><img loading=\"lazy\" decoding=\"async\" width=\"150\" height=\"150\" src=\"https:\/\/www.arquimaster.com.ar\/web\/wp-content\/uploads\/2024\/10\/rancho_avandaro_49-150x150.jpg\" class=\"attachment-thumbnail size-thumbnail\" alt=\"Casa Rancho Av\u00e1ndaro \/ Chain + Siman\" aria-describedby=\"gallery-1-82233\" \/><\/a>\n\t\t\t<\/div>\n\t\t\t\t<figcaption class='wp-caption-text gallery-caption' id='gallery-1-82233'>\n\t\t\t\tCasa Rancho Av\u00e1ndaro \/ Chain + Siman (vista)\n\t\t\t\t<\/figcaption><\/figure><figure class='gallery-item'>\n\t\t\t<div class='gallery-icon landscape'>\n\t\t\t\t<a href='https:\/\/www.arquimaster.com.ar\/web\/wp-content\/uploads\/2024\/10\/rancho_avandaro_50.jpg' title=\"Casa Rancho Av\u00e1ndaro \/ Chain + Siman (vista)\" data-rl_title=\"Casa Rancho Av\u00e1ndaro \/ Chain + Siman (vista)\" class=\"rl-gallery-link\" data-rl_caption=\"Casa Rancho Av\u00e1ndaro \/ Chain + Siman (vista)\" data-rel=\"lightbox-gallery-1\"><img loading=\"lazy\" decoding=\"async\" width=\"150\" height=\"150\" src=\"https:\/\/www.arquimaster.com.ar\/web\/wp-content\/uploads\/2024\/10\/rancho_avandaro_50-150x150.jpg\" class=\"attachment-thumbnail size-thumbnail\" alt=\"Casa Rancho Av\u00e1ndaro \/ Chain + Siman\" aria-describedby=\"gallery-1-82234\" \/><\/a>\n\t\t\t<\/div>\n\t\t\t\t<figcaption class='wp-caption-text gallery-caption' id='gallery-1-82234'>\n\t\t\t\tCasa Rancho Av\u00e1ndaro \/ Chain + Siman (vista)\n\t\t\t\t<\/figcaption><\/figure><figure class='gallery-item'>\n\t\t\t<div class='gallery-icon portrait'>\n\t\t\t\t<a href='https:\/\/www.arquimaster.com.ar\/web\/wp-content\/uploads\/2024\/10\/rancho_avandaro_51.jpg' title=\"Casa Rancho Av\u00e1ndaro \/ Chain + Siman (detalle)\" data-rl_title=\"Casa Rancho Av\u00e1ndaro \/ Chain + Siman (detalle)\" class=\"rl-gallery-link\" data-rl_caption=\"Casa Rancho Av\u00e1ndaro \/ Chain + Siman (detalle)\" data-rel=\"lightbox-gallery-1\"><img loading=\"lazy\" decoding=\"async\" width=\"150\" height=\"150\" src=\"https:\/\/www.arquimaster.com.ar\/web\/wp-content\/uploads\/2024\/10\/rancho_avandaro_51-150x150.jpg\" class=\"attachment-thumbnail size-thumbnail\" alt=\"Casa Rancho Av\u00e1ndaro \/ Chain + Siman\" aria-describedby=\"gallery-1-82235\" \/><\/a>\n\t\t\t<\/div>\n\t\t\t\t<figcaption class='wp-caption-text gallery-caption' id='gallery-1-82235'>\n\t\t\t\tCasa Rancho Av\u00e1ndaro \/ Chain + Siman (detalle)\n\t\t\t\t<\/figcaption><\/figure>\n\t\t<\/div>\n\n<p>El proyecto retoma el concepto de las haciendas mexicanas: vol\u00famenes s\u00f3lidos, patios interiores, jardines y, en vez de una fuente, un jacuzzi. El programa arquitect\u00f3nico se distribuye en tres vol\u00famenes y un anexo, todos construidos de piedra amarilla, proveniente de una mina cercana. Con ella se cubri\u00f3 la estructura exterior y la parte interna se uni\u00f3 con juntas grises para aislar los muros lo m\u00e1s posible.<\/p>\n<p>Cada volumen est\u00e1 contenido por muros de piedra en su lado m\u00e1s largo, el lado m\u00e1s corto son ventanales que crean la conexi\u00f3n con el paisaje. Las cubiertas son a dos aguas y cuentan con una estructura de acero y viguer\u00edas de madera, que soportan las tejas. Los vol\u00famenes tienen una altura distinta puesto que responden a necesidades espec\u00edficas.<\/p>\n<p>El volumen central alberga la estancia y el comedor, un espacio que, al frente, se conecta con la terraza y el jacuzzi, y, en la parte trasera, con el patio central. Uno de los vol\u00famenes laterales aloja la rec\u00e1mara con su estudio en el tapanco; y el otro, la cocina y el resto de los servicios.<\/p>\n<p>El anexo est\u00e1 destinado para alojar a las visitas. Se conecta a la casa principal por medio de un puente de vidrio que atraviesa el patio central. Funciona de manera aut\u00f3noma, sin dejar de vincularse al programa arquitect\u00f3nico.<\/p>\n<p>El dise\u00f1o de interiores se apoya en la iluminaci\u00f3n, los acabados y la vegetaci\u00f3n del lugar. Al interior, la piedra conserva su esencia natural y se complementa con elementos de herrer\u00eda negra; madera en distintas tonalidades en los tapancos, muebles y muros divisorios; y concreto colado en pisos, cocina y ba\u00f1os.<\/p>\n<p>La casa es un espacio acogedor, c\u00f3modo y c\u00e1lido que crea un di\u00e1logo entre elementos cl\u00e1sicos de las haciendas y soluciones contempor\u00e1neas. Existe un equilibrio entre lujo, est\u00e9tica y funcionalidad.<\/p>\n\n\n<div style=\"height:20px\" aria-hidden=\"true\" class=\"wp-block-spacer\"><\/div>\n\n\n\n<p class=\"has-background\" style=\"background-color:#eaeaea\"><strong>Ficha t\u00e9cnica<\/strong><br>Nombre: Casa Rancho Av\u00e1ndaro<br>Ubicaci\u00f3n: Valle de Bravo, Estado de M\u00e9xico, M\u00e9xico<br>Arquitectura: Chain + Siman<br>Dise\u00f1o de interior: Chain + Siman<br>\u00c1rea construida: 520 m2 (casa), 256 m2 (terraza)<br>A\u00f1o: 2020<br>Fotograf\u00eda: Rafael Gamo, Jaime Navarro<br>Sitio web: https:\/\/www.chainsiman.com<br>Instagram: @chainsiman<\/p>\n\n\n\n<div style=\"height:40px\" aria-hidden=\"true\" class=\"wp-block-spacer\"><\/div>\n\n<div style=\"font-size: 0px; height: 0px; line-height: 0px; margin: 0; padding: 0; clear: both;\"><\/div><div style=\"margin-top: 0px; margin-bottom: 0px;\" class=\"sharethis-inline-share-buttons\" ><\/div>","protected":false},"excerpt":{"rendered":"<p>Una villa de descanso para disfrutar de su vasto entorno natural que hace uso de materiales de la regi\u00f3n&#8230;<\/p>\n","protected":false},"author":1,"featured_media":82184,"comment_status":"closed","ping_status":"closed","sticky":false,"template":"","format":"standard","meta":{"_uag_custom_page_level_css":"","footnotes":""},"categories":[1,251],"tags":[4282,2157,2156,7592,3622,24,3967,6471],"class_list":["post-82183","post","type-post","status-publish","format-standard","has-post-thumbnail","hentry","category-proyecto","category-casas-de-playa","tag-arquitectura-residencial","tag-casa-de-descanso","tag-casa-de-fin-de-semana","tag-chain-siman","tag-estado-de-mexico","tag-mexico","tag-valle-de-bravo","tag-vivienda-no-permanente","generate-columns","tablet-grid-50","mobile-grid-100","grid-parent","grid-50"],"yoast_head":"<!-- This site is optimized with the Yoast SEO plugin v27.3 - https:\/\/yoast.com\/product\/yoast-seo-wordpress\/ -->\n<title>Casa Rancho Av\u00e1ndaro \/ Chain + Siman - Arquimaster<\/title>\n<meta name=\"robots\" content=\"index, follow, max-snippet:-1, max-image-preview:large, max-video-preview:-1\" \/>\n<link rel=\"canonical\" href=\"https:\/\/www.arquimaster.com.ar\/web\/casa-rancho-avandaro-chain-siman\/\" \/>\n<meta property=\"og:locale\" content=\"es_ES\" \/>\n<meta property=\"og:type\" content=\"article\" \/>\n<meta property=\"og:title\" content=\"Casa Rancho Av\u00e1ndaro \/ Chain + Siman - Arquimaster\" \/>\n<meta property=\"og:description\" content=\"Una villa de descanso para disfrutar de su vasto entorno natural que hace uso de materiales de la regi\u00f3n...\" \/>\n<meta property=\"og:url\" content=\"https:\/\/www.arquimaster.com.ar\/web\/casa-rancho-avandaro-chain-siman\/\" \/>\n<meta property=\"og:site_name\" content=\"Arquimaster\" \/>\n<meta property=\"article:publisher\" content=\"http:\/\/www.facebook.com\/ARQUIMASTER.com.ar\" \/>\n<meta property=\"article:published_time\" content=\"2024-10-30T21:34:30+00:00\" \/>\n<meta property=\"article:modified_time\" content=\"2025-07-24T22:20:12+00:00\" \/>\n<meta property=\"og:image\" content=\"https:\/\/www.arquimaster.com.ar\/web\/wp-content\/uploads\/2024\/10\/rancho_avandaro_slide.jpg\" \/>\n\t<meta property=\"og:image:width\" content=\"698\" \/>\n\t<meta property=\"og:image:height\" content=\"364\" \/>\n\t<meta property=\"og:image:type\" content=\"image\/jpeg\" \/>\n<meta name=\"author\" content=\"Arquimaster\" \/>\n<meta name=\"twitter:card\" content=\"summary_large_image\" \/>\n<meta name=\"twitter:creator\" content=\"@arquimaster\" \/>\n<meta name=\"twitter:site\" content=\"@arquimaster\" \/>\n<meta name=\"twitter:label1\" content=\"Escrito por\" \/>\n\t<meta name=\"twitter:data1\" content=\"Arquimaster\" \/>\n\t<meta name=\"twitter:label2\" content=\"Tiempo de lectura\" \/>\n\t<meta name=\"twitter:data2\" content=\"3 minutos\" \/>\n<script type=\"application\/ld+json\" class=\"yoast-schema-graph\">{\"@context\":\"https:\\\/\\\/schema.org\",\"@graph\":[{\"@type\":\"Article\",\"@id\":\"https:\\\/\\\/www.arquimaster.com.ar\\\/web\\\/casa-rancho-avandaro-chain-siman\\\/#article\",\"isPartOf\":{\"@id\":\"https:\\\/\\\/www.arquimaster.com.ar\\\/web\\\/casa-rancho-avandaro-chain-siman\\\/\"},\"author\":{\"name\":\"Arquimaster\",\"@id\":\"https:\\\/\\\/www.arquimaster.com.ar\\\/web\\\/#\\\/schema\\\/person\\\/359e9f7c00193fcde068e0dd2ceb0028\"},\"headline\":\"Casa Rancho Av\u00e1ndaro \\\/ Chain + Siman\",\"datePublished\":\"2024-10-30T21:34:30+00:00\",\"dateModified\":\"2025-07-24T22:20:12+00:00\",\"mainEntityOfPage\":{\"@id\":\"https:\\\/\\\/www.arquimaster.com.ar\\\/web\\\/casa-rancho-avandaro-chain-siman\\\/\"},\"wordCount\":436,\"publisher\":{\"@id\":\"https:\\\/\\\/www.arquimaster.com.ar\\\/web\\\/#organization\"},\"image\":{\"@id\":\"https:\\\/\\\/www.arquimaster.com.ar\\\/web\\\/casa-rancho-avandaro-chain-siman\\\/#primaryimage\"},\"thumbnailUrl\":\"https:\\\/\\\/www.arquimaster.com.ar\\\/web\\\/wp-content\\\/uploads\\\/2024\\\/10\\\/rancho_avandaro_slide.jpg\",\"keywords\":[\"arquitectura residencial\",\"casa de descanso\",\"casa de fin de semana\",\"Chain + Siman\",\"Estado de Mexico\",\"Mexico\",\"Valle de Bravo\",\"vivienda no permanente\"],\"articleSection\":[\"Proyecto\",\"Vivienda no permanente\"],\"inLanguage\":\"es\"},{\"@type\":\"WebPage\",\"@id\":\"https:\\\/\\\/www.arquimaster.com.ar\\\/web\\\/casa-rancho-avandaro-chain-siman\\\/\",\"url\":\"https:\\\/\\\/www.arquimaster.com.ar\\\/web\\\/casa-rancho-avandaro-chain-siman\\\/\",\"name\":\"Casa Rancho Av\u00e1ndaro \\\/ Chain + Siman - Arquimaster\",\"isPartOf\":{\"@id\":\"https:\\\/\\\/www.arquimaster.com.ar\\\/web\\\/#website\"},\"primaryImageOfPage\":{\"@id\":\"https:\\\/\\\/www.arquimaster.com.ar\\\/web\\\/casa-rancho-avandaro-chain-siman\\\/#primaryimage\"},\"image\":{\"@id\":\"https:\\\/\\\/www.arquimaster.com.ar\\\/web\\\/casa-rancho-avandaro-chain-siman\\\/#primaryimage\"},\"thumbnailUrl\":\"https:\\\/\\\/www.arquimaster.com.ar\\\/web\\\/wp-content\\\/uploads\\\/2024\\\/10\\\/rancho_avandaro_slide.jpg\",\"datePublished\":\"2024-10-30T21:34:30+00:00\",\"dateModified\":\"2025-07-24T22:20:12+00:00\",\"breadcrumb\":{\"@id\":\"https:\\\/\\\/www.arquimaster.com.ar\\\/web\\\/casa-rancho-avandaro-chain-siman\\\/#breadcrumb\"},\"inLanguage\":\"es\",\"potentialAction\":[{\"@type\":\"ReadAction\",\"target\":[\"https:\\\/\\\/www.arquimaster.com.ar\\\/web\\\/casa-rancho-avandaro-chain-siman\\\/\"]}]},{\"@type\":\"ImageObject\",\"inLanguage\":\"es\",\"@id\":\"https:\\\/\\\/www.arquimaster.com.ar\\\/web\\\/casa-rancho-avandaro-chain-siman\\\/#primaryimage\",\"url\":\"https:\\\/\\\/www.arquimaster.com.ar\\\/web\\\/wp-content\\\/uploads\\\/2024\\\/10\\\/rancho_avandaro_slide.jpg\",\"contentUrl\":\"https:\\\/\\\/www.arquimaster.com.ar\\\/web\\\/wp-content\\\/uploads\\\/2024\\\/10\\\/rancho_avandaro_slide.jpg\",\"width\":698,\"height\":364,\"caption\":\"Casa Rancho Av\u00e1ndaro \\\/ Chain + Siman\"},{\"@type\":\"BreadcrumbList\",\"@id\":\"https:\\\/\\\/www.arquimaster.com.ar\\\/web\\\/casa-rancho-avandaro-chain-siman\\\/#breadcrumb\",\"itemListElement\":[{\"@type\":\"ListItem\",\"position\":1,\"name\":\"Portada\",\"item\":\"https:\\\/\\\/www.arquimaster.com.ar\\\/web\\\/\"},{\"@type\":\"ListItem\",\"position\":2,\"name\":\"Casa Rancho Av\u00e1ndaro \\\/ Chain + Siman\"}]},{\"@type\":\"WebSite\",\"@id\":\"https:\\\/\\\/www.arquimaster.com.ar\\\/web\\\/#website\",\"url\":\"https:\\\/\\\/www.arquimaster.com.ar\\\/web\\\/\",\"name\":\"Arquimaster\",\"description\":\"Web de arquitectura, dise\u00f1o y construccion\",\"publisher\":{\"@id\":\"https:\\\/\\\/www.arquimaster.com.ar\\\/web\\\/#organization\"},\"potentialAction\":[{\"@type\":\"SearchAction\",\"target\":{\"@type\":\"EntryPoint\",\"urlTemplate\":\"https:\\\/\\\/www.arquimaster.com.ar\\\/web\\\/?s={search_term_string}\"},\"query-input\":{\"@type\":\"PropertyValueSpecification\",\"valueRequired\":true,\"valueName\":\"search_term_string\"}}],\"inLanguage\":\"es\"},{\"@type\":\"Organization\",\"@id\":\"https:\\\/\\\/www.arquimaster.com.ar\\\/web\\\/#organization\",\"name\":\"Arquimaster\",\"url\":\"https:\\\/\\\/www.arquimaster.com.ar\\\/web\\\/\",\"logo\":{\"@type\":\"ImageObject\",\"inLanguage\":\"es\",\"@id\":\"https:\\\/\\\/www.arquimaster.com.ar\\\/web\\\/#\\\/schema\\\/logo\\\/image\\\/\",\"url\":\"https:\\\/\\\/www.arquimaster.com.ar\\\/web\\\/wp-content\\\/uploads\\\/2022\\\/06\\\/arquimaster.png\",\"contentUrl\":\"https:\\\/\\\/www.arquimaster.com.ar\\\/web\\\/wp-content\\\/uploads\\\/2022\\\/06\\\/arquimaster.png\",\"width\":594,\"height\":78,\"caption\":\"Arquimaster\"},\"image\":{\"@id\":\"https:\\\/\\\/www.arquimaster.com.ar\\\/web\\\/#\\\/schema\\\/logo\\\/image\\\/\"},\"sameAs\":[\"http:\\\/\\\/www.facebook.com\\\/ARQUIMASTER.com.ar\",\"https:\\\/\\\/x.com\\\/arquimaster\",\"https:\\\/\\\/www.instagram.com\\\/arquimasterblog\\\/\",\"https:\\\/\\\/www.linkedin.com\\\/company\\\/arquimaster\",\"https:\\\/\\\/www.pinterest.com\\\/arquimaster\",\"https:\\\/\\\/t.me\\\/arquimaster\"]},{\"@type\":\"Person\",\"@id\":\"https:\\\/\\\/www.arquimaster.com.ar\\\/web\\\/#\\\/schema\\\/person\\\/359e9f7c00193fcde068e0dd2ceb0028\",\"name\":\"Arquimaster\"}]}<\/script>\n<!-- \/ Yoast SEO plugin. -->","yoast_head_json":{"title":"Casa Rancho Av\u00e1ndaro \/ Chain + Siman - Arquimaster","robots":{"index":"index","follow":"follow","max-snippet":"max-snippet:-1","max-image-preview":"max-image-preview:large","max-video-preview":"max-video-preview:-1"},"canonical":"https:\/\/www.arquimaster.com.ar\/web\/casa-rancho-avandaro-chain-siman\/","og_locale":"es_ES","og_type":"article","og_title":"Casa Rancho Av\u00e1ndaro \/ Chain + Siman - Arquimaster","og_description":"Una villa de descanso para disfrutar de su vasto entorno natural que hace uso de materiales de la regi\u00f3n...","og_url":"https:\/\/www.arquimaster.com.ar\/web\/casa-rancho-avandaro-chain-siman\/","og_site_name":"Arquimaster","article_publisher":"http:\/\/www.facebook.com\/ARQUIMASTER.com.ar","article_published_time":"2024-10-30T21:34:30+00:00","article_modified_time":"2025-07-24T22:20:12+00:00","og_image":[{"width":698,"height":364,"url":"https:\/\/www.arquimaster.com.ar\/web\/wp-content\/uploads\/2024\/10\/rancho_avandaro_slide.jpg","type":"image\/jpeg"}],"author":"Arquimaster","twitter_card":"summary_large_image","twitter_creator":"@arquimaster","twitter_site":"@arquimaster","twitter_misc":{"Escrito por":"Arquimaster","Tiempo de lectura":"3 minutos"},"schema":{"@context":"https:\/\/schema.org","@graph":[{"@type":"Article","@id":"https:\/\/www.arquimaster.com.ar\/web\/casa-rancho-avandaro-chain-siman\/#article","isPartOf":{"@id":"https:\/\/www.arquimaster.com.ar\/web\/casa-rancho-avandaro-chain-siman\/"},"author":{"name":"Arquimaster","@id":"https:\/\/www.arquimaster.com.ar\/web\/#\/schema\/person\/359e9f7c00193fcde068e0dd2ceb0028"},"headline":"Casa Rancho Av\u00e1ndaro \/ Chain + Siman","datePublished":"2024-10-30T21:34:30+00:00","dateModified":"2025-07-24T22:20:12+00:00","mainEntityOfPage":{"@id":"https:\/\/www.arquimaster.com.ar\/web\/casa-rancho-avandaro-chain-siman\/"},"wordCount":436,"publisher":{"@id":"https:\/\/www.arquimaster.com.ar\/web\/#organization"},"image":{"@id":"https:\/\/www.arquimaster.com.ar\/web\/casa-rancho-avandaro-chain-siman\/#primaryimage"},"thumbnailUrl":"https:\/\/www.arquimaster.com.ar\/web\/wp-content\/uploads\/2024\/10\/rancho_avandaro_slide.jpg","keywords":["arquitectura residencial","casa de descanso","casa de fin de semana","Chain + Siman","Estado de Mexico","Mexico","Valle de Bravo","vivienda no permanente"],"articleSection":["Proyecto","Vivienda no permanente"],"inLanguage":"es"},{"@type":"WebPage","@id":"https:\/\/www.arquimaster.com.ar\/web\/casa-rancho-avandaro-chain-siman\/","url":"https:\/\/www.arquimaster.com.ar\/web\/casa-rancho-avandaro-chain-siman\/","name":"Casa Rancho Av\u00e1ndaro \/ Chain + Siman - Arquimaster","isPartOf":{"@id":"https:\/\/www.arquimaster.com.ar\/web\/#website"},"primaryImageOfPage":{"@id":"https:\/\/www.arquimaster.com.ar\/web\/casa-rancho-avandaro-chain-siman\/#primaryimage"},"image":{"@id":"https:\/\/www.arquimaster.com.ar\/web\/casa-rancho-avandaro-chain-siman\/#primaryimage"},"thumbnailUrl":"https:\/\/www.arquimaster.com.ar\/web\/wp-content\/uploads\/2024\/10\/rancho_avandaro_slide.jpg","datePublished":"2024-10-30T21:34:30+00:00","dateModified":"2025-07-24T22:20:12+00:00","breadcrumb":{"@id":"https:\/\/www.arquimaster.com.ar\/web\/casa-rancho-avandaro-chain-siman\/#breadcrumb"},"inLanguage":"es","potentialAction":[{"@type":"ReadAction","target":["https:\/\/www.arquimaster.com.ar\/web\/casa-rancho-avandaro-chain-siman\/"]}]},{"@type":"ImageObject","inLanguage":"es","@id":"https:\/\/www.arquimaster.com.ar\/web\/casa-rancho-avandaro-chain-siman\/#primaryimage","url":"https:\/\/www.arquimaster.com.ar\/web\/wp-content\/uploads\/2024\/10\/rancho_avandaro_slide.jpg","contentUrl":"https:\/\/www.arquimaster.com.ar\/web\/wp-content\/uploads\/2024\/10\/rancho_avandaro_slide.jpg","width":698,"height":364,"caption":"Casa Rancho Av\u00e1ndaro \/ Chain + Siman"},{"@type":"BreadcrumbList","@id":"https:\/\/www.arquimaster.com.ar\/web\/casa-rancho-avandaro-chain-siman\/#breadcrumb","itemListElement":[{"@type":"ListItem","position":1,"name":"Portada","item":"https:\/\/www.arquimaster.com.ar\/web\/"},{"@type":"ListItem","position":2,"name":"Casa Rancho Av\u00e1ndaro \/ Chain + Siman"}]},{"@type":"WebSite","@id":"https:\/\/www.arquimaster.com.ar\/web\/#website","url":"https:\/\/www.arquimaster.com.ar\/web\/","name":"Arquimaster","description":"Web de arquitectura, dise\u00f1o y construccion","publisher":{"@id":"https:\/\/www.arquimaster.com.ar\/web\/#organization"},"potentialAction":[{"@type":"SearchAction","target":{"@type":"EntryPoint","urlTemplate":"https:\/\/www.arquimaster.com.ar\/web\/?s={search_term_string}"},"query-input":{"@type":"PropertyValueSpecification","valueRequired":true,"valueName":"search_term_string"}}],"inLanguage":"es"},{"@type":"Organization","@id":"https:\/\/www.arquimaster.com.ar\/web\/#organization","name":"Arquimaster","url":"https:\/\/www.arquimaster.com.ar\/web\/","logo":{"@type":"ImageObject","inLanguage":"es","@id":"https:\/\/www.arquimaster.com.ar\/web\/#\/schema\/logo\/image\/","url":"https:\/\/www.arquimaster.com.ar\/web\/wp-content\/uploads\/2022\/06\/arquimaster.png","contentUrl":"https:\/\/www.arquimaster.com.ar\/web\/wp-content\/uploads\/2022\/06\/arquimaster.png","width":594,"height":78,"caption":"Arquimaster"},"image":{"@id":"https:\/\/www.arquimaster.com.ar\/web\/#\/schema\/logo\/image\/"},"sameAs":["http:\/\/www.facebook.com\/ARQUIMASTER.com.ar","https:\/\/x.com\/arquimaster","https:\/\/www.instagram.com\/arquimasterblog\/","https:\/\/www.linkedin.com\/company\/arquimaster","https:\/\/www.pinterest.com\/arquimaster","https:\/\/t.me\/arquimaster"]},{"@type":"Person","@id":"https:\/\/www.arquimaster.com.ar\/web\/#\/schema\/person\/359e9f7c00193fcde068e0dd2ceb0028","name":"Arquimaster"}]}},"uagb_featured_image_src":{"full":["https:\/\/www.arquimaster.com.ar\/web\/wp-content\/uploads\/2024\/10\/rancho_avandaro_slide.jpg",698,364,false],"thumbnail":["https:\/\/www.arquimaster.com.ar\/web\/wp-content\/uploads\/2024\/10\/rancho_avandaro_slide-150x150.jpg",150,150,true],"medium":["https:\/\/www.arquimaster.com.ar\/web\/wp-content\/uploads\/2024\/10\/rancho_avandaro_slide.jpg",698,364,false],"medium_large":["https:\/\/www.arquimaster.com.ar\/web\/wp-content\/uploads\/2024\/10\/rancho_avandaro_slide.jpg",698,364,false],"large":["https:\/\/www.arquimaster.com.ar\/web\/wp-content\/uploads\/2024\/10\/rancho_avandaro_slide.jpg",698,364,false],"1536x1536":["https:\/\/www.arquimaster.com.ar\/web\/wp-content\/uploads\/2024\/10\/rancho_avandaro_slide.jpg",698,364,false],"2048x2048":["https:\/\/www.arquimaster.com.ar\/web\/wp-content\/uploads\/2024\/10\/rancho_avandaro_slide.jpg",698,364,false]},"uagb_author_info":{"display_name":"Arquimaster","author_link":"https:\/\/www.arquimaster.com.ar\/web\/author\/arquimaster\/"},"uagb_comment_info":0,"uagb_excerpt":"Una villa de descanso para disfrutar de su vasto entorno natural que hace uso de materiales de la regi\u00f3n...","_links":{"self":[{"href":"https:\/\/www.arquimaster.com.ar\/web\/wp-json\/wp\/v2\/posts\/82183","targetHints":{"allow":["GET"]}}],"collection":[{"href":"https:\/\/www.arquimaster.com.ar\/web\/wp-json\/wp\/v2\/posts"}],"about":[{"href":"https:\/\/www.arquimaster.com.ar\/web\/wp-json\/wp\/v2\/types\/post"}],"author":[{"embeddable":true,"href":"https:\/\/www.arquimaster.com.ar\/web\/wp-json\/wp\/v2\/users\/1"}],"replies":[{"embeddable":true,"href":"https:\/\/www.arquimaster.com.ar\/web\/wp-json\/wp\/v2\/comments?post=82183"}],"version-history":[{"count":3,"href":"https:\/\/www.arquimaster.com.ar\/web\/wp-json\/wp\/v2\/posts\/82183\/revisions"}],"predecessor-version":[{"id":85095,"href":"https:\/\/www.arquimaster.com.ar\/web\/wp-json\/wp\/v2\/posts\/82183\/revisions\/85095"}],"wp:featuredmedia":[{"embeddable":true,"href":"https:\/\/www.arquimaster.com.ar\/web\/wp-json\/wp\/v2\/media\/82184"}],"wp:attachment":[{"href":"https:\/\/www.arquimaster.com.ar\/web\/wp-json\/wp\/v2\/media?parent=82183"}],"wp:term":[{"taxonomy":"category","embeddable":true,"href":"https:\/\/www.arquimaster.com.ar\/web\/wp-json\/wp\/v2\/categories?post=82183"},{"taxonomy":"post_tag","embeddable":true,"href":"https:\/\/www.arquimaster.com.ar\/web\/wp-json\/wp\/v2\/tags?post=82183"}],"curies":[{"name":"wp","href":"https:\/\/api.w.org\/{rel}","templated":true}]}}