{"id":82347,"date":"2024-11-06T18:08:26","date_gmt":"2024-11-06T21:08:26","guid":{"rendered":"https:\/\/www.arquimaster.com.ar\/web\/?p=82347"},"modified":"2025-07-23T19:51:57","modified_gmt":"2025-07-23T22:51:57","slug":"dos-casas-prisma-arquitectura","status":"publish","type":"post","link":"https:\/\/www.arquimaster.com.ar\/web\/dos-casas-prisma-arquitectura\/","title":{"rendered":"Dos Casas \/ PRISMA Arquitectura"},"content":{"rendered":"<div style=\"margin-top: 0px; margin-bottom: 0px;\" class=\"sharethis-inline-share-buttons\" ><\/div><div class=\"b812932af2e751442846f039925109de\" data-index=\"1\" style=\"float: none; margin:25px 0 25px 0; text-align:center;\">\n<script async src=\"https:\/\/pagead2.googlesyndication.com\/pagead\/js\/adsbygoogle.js\"><\/script>\r\n<!-- Arquimaster (superior) -->\r\n<ins class=\"adsbygoogle\"\r\n     style=\"display:block\"\r\n     data-ad-client=\"ca-pub-6351072698456832\"\r\n     data-ad-slot=\"6455489680\"\r\n     data-ad-format=\"auto\"\r\n     data-full-width-responsive=\"true\"><\/ins>\r\n<script>\r\n     (adsbygoogle = window.adsbygoogle || []).push({});\r\n<\/script>\n<\/div>\n<p><strong>Dos Casas<\/strong> (Vicente Lopez, Pcia. de Buenos Aires, Argentina) por <strong>PRISMA Arquitectura<\/strong>. El proyecto ubicado en una esquina de Vicente L\u00f3pez, Argentina, present\u00f3 el desaf\u00edo de unificar dos viviendas en un terreno de 16&#215;8 metros bajo un lenguaje arquitect\u00f3nico coherente, manteniendo la identidad de cada espacio.<\/p>\n<div id='gallery-1' class='gallery galleryid-82347 gallery-columns-3 gallery-size-thumbnail'><figure class='gallery-item'>\n\t\t\t<div class='gallery-icon portrait'>\n\t\t\t\t<a href='https:\/\/www.arquimaster.com.ar\/web\/wp-content\/uploads\/2024\/11\/dos_casas_1.jpg' title=\"Dos Casas \/ PRISMA Arquitectura (\u00a9 Fabi\u00e1n Dejtiar)\" data-rl_title=\"Dos Casas \/ PRISMA Arquitectura (\u00a9 Fabi\u00e1n Dejtiar)\" class=\"rl-gallery-link\" data-rl_caption=\"Dos Casas \/ PRISMA Arquitectura (\u00a9 Fabi\u00e1n Dejtiar)\" data-rel=\"lightbox-gallery-1\"><img loading=\"lazy\" decoding=\"async\" width=\"150\" height=\"150\" src=\"https:\/\/www.arquimaster.com.ar\/web\/wp-content\/uploads\/2024\/11\/dos_casas_1-150x150.jpg\" class=\"attachment-thumbnail size-thumbnail\" alt=\"Dos Casas \/ PRISMA Arquitectura\" aria-describedby=\"gallery-1-82349\" \/><\/a>\n\t\t\t<\/div>\n\t\t\t\t<figcaption class='wp-caption-text gallery-caption' id='gallery-1-82349'>\n\t\t\t\tDos Casas \/ PRISMA Arquitectura (\u00a9 Fabi\u00e1n Dejtiar)\n\t\t\t\t<\/figcaption><\/figure><figure class='gallery-item'>\n\t\t\t<div class='gallery-icon portrait'>\n\t\t\t\t<a href='https:\/\/www.arquimaster.com.ar\/web\/wp-content\/uploads\/2024\/11\/dos_casas_2.jpg' title=\"Dos Casas \/ PRISMA Arquitectura (\u00a9 Fabi\u00e1n Dejtiar)\" data-rl_title=\"Dos Casas \/ PRISMA Arquitectura (\u00a9 Fabi\u00e1n Dejtiar)\" class=\"rl-gallery-link\" data-rl_caption=\"Dos Casas \/ PRISMA Arquitectura (\u00a9 Fabi\u00e1n Dejtiar)\" data-rel=\"lightbox-gallery-1\"><img loading=\"lazy\" decoding=\"async\" width=\"150\" height=\"150\" src=\"https:\/\/www.arquimaster.com.ar\/web\/wp-content\/uploads\/2024\/11\/dos_casas_2-150x150.jpg\" class=\"attachment-thumbnail size-thumbnail\" alt=\"Dos Casas \/ PRISMA Arquitectura\" aria-describedby=\"gallery-1-82350\" \/><\/a>\n\t\t\t<\/div>\n\t\t\t\t<figcaption class='wp-caption-text gallery-caption' id='gallery-1-82350'>\n\t\t\t\tDos Casas \/ PRISMA Arquitectura (\u00a9 Fabi\u00e1n Dejtiar)\n\t\t\t\t<\/figcaption><\/figure><figure class='gallery-item'>\n\t\t\t<div class='gallery-icon portrait'>\n\t\t\t\t<a href='https:\/\/www.arquimaster.com.ar\/web\/wp-content\/uploads\/2024\/11\/dos_casas_3.jpg' title=\"Dos Casas \/ PRISMA Arquitectura (\u00a9 Fabi\u00e1n Dejtiar)\" data-rl_title=\"Dos Casas \/ PRISMA Arquitectura (\u00a9 Fabi\u00e1n Dejtiar)\" class=\"rl-gallery-link\" data-rl_caption=\"Dos Casas \/ PRISMA Arquitectura (\u00a9 Fabi\u00e1n Dejtiar)\" data-rel=\"lightbox-gallery-1\"><img loading=\"lazy\" decoding=\"async\" width=\"150\" height=\"150\" src=\"https:\/\/www.arquimaster.com.ar\/web\/wp-content\/uploads\/2024\/11\/dos_casas_3-150x150.jpg\" class=\"attachment-thumbnail size-thumbnail\" alt=\"Dos Casas \/ PRISMA Arquitectura\" aria-describedby=\"gallery-1-82351\" \/><\/a>\n\t\t\t<\/div>\n\t\t\t\t<figcaption class='wp-caption-text gallery-caption' id='gallery-1-82351'>\n\t\t\t\tDos Casas \/ PRISMA Arquitectura (\u00a9 Fabi\u00e1n Dejtiar)\n\t\t\t\t<\/figcaption><\/figure><figure class='gallery-item'>\n\t\t\t<div class='gallery-icon portrait'>\n\t\t\t\t<a href='https:\/\/www.arquimaster.com.ar\/web\/wp-content\/uploads\/2024\/11\/dos_casas_4.jpg' title=\"Dos Casas \/ PRISMA Arquitectura (\u00a9 Fabi\u00e1n Dejtiar)\" data-rl_title=\"Dos Casas \/ PRISMA Arquitectura (\u00a9 Fabi\u00e1n Dejtiar)\" class=\"rl-gallery-link\" data-rl_caption=\"Dos Casas \/ PRISMA Arquitectura (\u00a9 Fabi\u00e1n Dejtiar)\" data-rel=\"lightbox-gallery-1\"><img loading=\"lazy\" decoding=\"async\" width=\"150\" height=\"150\" src=\"https:\/\/www.arquimaster.com.ar\/web\/wp-content\/uploads\/2024\/11\/dos_casas_4-150x150.jpg\" class=\"attachment-thumbnail size-thumbnail\" alt=\"Dos Casas \/ PRISMA Arquitectura\" aria-describedby=\"gallery-1-82352\" \/><\/a>\n\t\t\t<\/div>\n\t\t\t\t<figcaption class='wp-caption-text gallery-caption' id='gallery-1-82352'>\n\t\t\t\tDos Casas \/ PRISMA Arquitectura (\u00a9 Fabi\u00e1n Dejtiar)\n\t\t\t\t<\/figcaption><\/figure><figure class='gallery-item'>\n\t\t\t<div class='gallery-icon portrait'>\n\t\t\t\t<a href='https:\/\/www.arquimaster.com.ar\/web\/wp-content\/uploads\/2024\/11\/dos_casas_5.jpg' title=\"Dos Casas \/ PRISMA Arquitectura (\u00a9 Fabi\u00e1n Dejtiar)\" data-rl_title=\"Dos Casas \/ PRISMA Arquitectura (\u00a9 Fabi\u00e1n Dejtiar)\" class=\"rl-gallery-link\" data-rl_caption=\"Dos Casas \/ PRISMA Arquitectura (\u00a9 Fabi\u00e1n Dejtiar)\" data-rel=\"lightbox-gallery-1\"><img loading=\"lazy\" decoding=\"async\" width=\"150\" height=\"150\" src=\"https:\/\/www.arquimaster.com.ar\/web\/wp-content\/uploads\/2024\/11\/dos_casas_5-150x150.jpg\" class=\"attachment-thumbnail size-thumbnail\" alt=\"Dos Casas \/ PRISMA Arquitectura\" aria-describedby=\"gallery-1-82353\" \/><\/a>\n\t\t\t<\/div>\n\t\t\t\t<figcaption class='wp-caption-text gallery-caption' id='gallery-1-82353'>\n\t\t\t\tDos Casas \/ PRISMA Arquitectura (\u00a9 Fabi\u00e1n Dejtiar)\n\t\t\t\t<\/figcaption><\/figure><figure class='gallery-item'>\n\t\t\t<div class='gallery-icon landscape'>\n\t\t\t\t<a href='https:\/\/www.arquimaster.com.ar\/web\/wp-content\/uploads\/2024\/11\/dos_casas_6.jpg' title=\"Dos Casas \/ PRISMA Arquitectura (\u00a9 Fabi\u00e1n Dejtiar)\" data-rl_title=\"Dos Casas \/ PRISMA Arquitectura (\u00a9 Fabi\u00e1n Dejtiar)\" class=\"rl-gallery-link\" data-rl_caption=\"Dos Casas \/ PRISMA Arquitectura (\u00a9 Fabi\u00e1n Dejtiar)\" data-rel=\"lightbox-gallery-1\"><img loading=\"lazy\" decoding=\"async\" width=\"150\" height=\"150\" src=\"https:\/\/www.arquimaster.com.ar\/web\/wp-content\/uploads\/2024\/11\/dos_casas_6-150x150.jpg\" class=\"attachment-thumbnail size-thumbnail\" alt=\"Dos Casas \/ PRISMA Arquitectura\" aria-describedby=\"gallery-1-82354\" \/><\/a>\n\t\t\t<\/div>\n\t\t\t\t<figcaption class='wp-caption-text gallery-caption' id='gallery-1-82354'>\n\t\t\t\tDos Casas \/ PRISMA Arquitectura (\u00a9 Fabi\u00e1n Dejtiar)\n\t\t\t\t<\/figcaption><\/figure><figure class='gallery-item'>\n\t\t\t<div class='gallery-icon portrait'>\n\t\t\t\t<a href='https:\/\/www.arquimaster.com.ar\/web\/wp-content\/uploads\/2024\/11\/dos_casas_7.jpg' title=\"Dos Casas \/ PRISMA Arquitectura (\u00a9 Fabi\u00e1n Dejtiar)\" data-rl_title=\"Dos Casas \/ PRISMA Arquitectura (\u00a9 Fabi\u00e1n Dejtiar)\" class=\"rl-gallery-link\" data-rl_caption=\"Dos Casas \/ PRISMA Arquitectura (\u00a9 Fabi\u00e1n Dejtiar)\" data-rel=\"lightbox-gallery-1\"><img loading=\"lazy\" decoding=\"async\" width=\"150\" height=\"150\" src=\"https:\/\/www.arquimaster.com.ar\/web\/wp-content\/uploads\/2024\/11\/dos_casas_7-150x150.jpg\" class=\"attachment-thumbnail size-thumbnail\" alt=\"Dos Casas \/ PRISMA Arquitectura\" aria-describedby=\"gallery-1-82355\" \/><\/a>\n\t\t\t<\/div>\n\t\t\t\t<figcaption class='wp-caption-text gallery-caption' id='gallery-1-82355'>\n\t\t\t\tDos Casas \/ PRISMA Arquitectura (\u00a9 Fabi\u00e1n Dejtiar)\n\t\t\t\t<\/figcaption><\/figure><figure class='gallery-item'>\n\t\t\t<div class='gallery-icon portrait'>\n\t\t\t\t<a href='https:\/\/www.arquimaster.com.ar\/web\/wp-content\/uploads\/2024\/11\/dos_casas_8.jpg' title=\"Dos Casas \/ PRISMA Arquitectura (\u00a9 Fabi\u00e1n Dejtiar)\" data-rl_title=\"Dos Casas \/ PRISMA Arquitectura (\u00a9 Fabi\u00e1n Dejtiar)\" class=\"rl-gallery-link\" data-rl_caption=\"Dos Casas \/ PRISMA Arquitectura (\u00a9 Fabi\u00e1n Dejtiar)\" data-rel=\"lightbox-gallery-1\"><img loading=\"lazy\" decoding=\"async\" width=\"150\" height=\"150\" src=\"https:\/\/www.arquimaster.com.ar\/web\/wp-content\/uploads\/2024\/11\/dos_casas_8-150x150.jpg\" class=\"attachment-thumbnail size-thumbnail\" alt=\"Dos Casas \/ PRISMA Arquitectura\" aria-describedby=\"gallery-1-82356\" \/><\/a>\n\t\t\t<\/div>\n\t\t\t\t<figcaption class='wp-caption-text gallery-caption' id='gallery-1-82356'>\n\t\t\t\tDos Casas \/ PRISMA Arquitectura (\u00a9 Fabi\u00e1n Dejtiar)\n\t\t\t\t<\/figcaption><\/figure><figure class='gallery-item'>\n\t\t\t<div class='gallery-icon portrait'>\n\t\t\t\t<a href='https:\/\/www.arquimaster.com.ar\/web\/wp-content\/uploads\/2024\/11\/dos_casas_9.jpg' title=\"Dos Casas \/ PRISMA Arquitectura (\u00a9 Fabi\u00e1n Dejtiar)\" data-rl_title=\"Dos Casas \/ PRISMA Arquitectura (\u00a9 Fabi\u00e1n Dejtiar)\" class=\"rl-gallery-link\" data-rl_caption=\"Dos Casas \/ PRISMA Arquitectura (\u00a9 Fabi\u00e1n Dejtiar)\" data-rel=\"lightbox-gallery-1\"><img loading=\"lazy\" decoding=\"async\" width=\"150\" height=\"150\" src=\"https:\/\/www.arquimaster.com.ar\/web\/wp-content\/uploads\/2024\/11\/dos_casas_9-150x150.jpg\" class=\"attachment-thumbnail size-thumbnail\" alt=\"Dos Casas \/ PRISMA Arquitectura\" aria-describedby=\"gallery-1-82357\" \/><\/a>\n\t\t\t<\/div>\n\t\t\t\t<figcaption class='wp-caption-text gallery-caption' id='gallery-1-82357'>\n\t\t\t\tDos Casas \/ PRISMA Arquitectura (\u00a9 Fabi\u00e1n Dejtiar)\n\t\t\t\t<\/figcaption><\/figure><figure class='gallery-item'>\n\t\t\t<div class='gallery-icon portrait'>\n\t\t\t\t<a href='https:\/\/www.arquimaster.com.ar\/web\/wp-content\/uploads\/2024\/11\/dos_casas_10.jpg' title=\"Dos Casas \/ PRISMA Arquitectura (\u00a9 Fabi\u00e1n Dejtiar)\" data-rl_title=\"Dos Casas \/ PRISMA Arquitectura (\u00a9 Fabi\u00e1n Dejtiar)\" class=\"rl-gallery-link\" data-rl_caption=\"Dos Casas \/ PRISMA Arquitectura (\u00a9 Fabi\u00e1n Dejtiar)\" data-rel=\"lightbox-gallery-1\"><img loading=\"lazy\" decoding=\"async\" width=\"150\" height=\"150\" src=\"https:\/\/www.arquimaster.com.ar\/web\/wp-content\/uploads\/2024\/11\/dos_casas_10-150x150.jpg\" class=\"attachment-thumbnail size-thumbnail\" alt=\"Dos Casas \/ PRISMA Arquitectura\" aria-describedby=\"gallery-1-82358\" \/><\/a>\n\t\t\t<\/div>\n\t\t\t\t<figcaption class='wp-caption-text gallery-caption' id='gallery-1-82358'>\n\t\t\t\tDos Casas \/ PRISMA Arquitectura (\u00a9 Fabi\u00e1n Dejtiar)\n\t\t\t\t<\/figcaption><\/figure><figure class='gallery-item'>\n\t\t\t<div class='gallery-icon portrait'>\n\t\t\t\t<a href='https:\/\/www.arquimaster.com.ar\/web\/wp-content\/uploads\/2024\/11\/dos_casas_11.jpg' title=\"Dos Casas \/ PRISMA Arquitectura (\u00a9 Fabi\u00e1n Dejtiar)\" data-rl_title=\"Dos Casas \/ PRISMA Arquitectura (\u00a9 Fabi\u00e1n Dejtiar)\" class=\"rl-gallery-link\" data-rl_caption=\"Dos Casas \/ PRISMA Arquitectura (\u00a9 Fabi\u00e1n Dejtiar)\" data-rel=\"lightbox-gallery-1\"><img loading=\"lazy\" decoding=\"async\" width=\"150\" height=\"150\" src=\"https:\/\/www.arquimaster.com.ar\/web\/wp-content\/uploads\/2024\/11\/dos_casas_11-150x150.jpg\" class=\"attachment-thumbnail size-thumbnail\" alt=\"Dos Casas \/ PRISMA Arquitectura\" aria-describedby=\"gallery-1-82359\" \/><\/a>\n\t\t\t<\/div>\n\t\t\t\t<figcaption class='wp-caption-text gallery-caption' id='gallery-1-82359'>\n\t\t\t\tDos Casas \/ PRISMA Arquitectura (\u00a9 Fabi\u00e1n Dejtiar)\n\t\t\t\t<\/figcaption><\/figure><figure class='gallery-item'>\n\t\t\t<div class='gallery-icon portrait'>\n\t\t\t\t<a href='https:\/\/www.arquimaster.com.ar\/web\/wp-content\/uploads\/2024\/11\/dos_casas_12.jpg' title=\"Dos Casas \/ PRISMA Arquitectura (\u00a9 Fabi\u00e1n Dejtiar)\" data-rl_title=\"Dos Casas \/ PRISMA Arquitectura (\u00a9 Fabi\u00e1n Dejtiar)\" class=\"rl-gallery-link\" data-rl_caption=\"Dos Casas \/ PRISMA Arquitectura (\u00a9 Fabi\u00e1n Dejtiar)\" data-rel=\"lightbox-gallery-1\"><img loading=\"lazy\" decoding=\"async\" width=\"150\" height=\"150\" src=\"https:\/\/www.arquimaster.com.ar\/web\/wp-content\/uploads\/2024\/11\/dos_casas_12-150x150.jpg\" class=\"attachment-thumbnail size-thumbnail\" alt=\"Dos Casas \/ PRISMA Arquitectura\" aria-describedby=\"gallery-1-82360\" \/><\/a>\n\t\t\t<\/div>\n\t\t\t\t<figcaption class='wp-caption-text gallery-caption' id='gallery-1-82360'>\n\t\t\t\tDos Casas \/ PRISMA Arquitectura (\u00a9 Fabi\u00e1n Dejtiar)\n\t\t\t\t<\/figcaption><\/figure><figure class='gallery-item'>\n\t\t\t<div class='gallery-icon landscape'>\n\t\t\t\t<a href='https:\/\/www.arquimaster.com.ar\/web\/wp-content\/uploads\/2024\/11\/dos_casas_13.jpg' title=\"Dos Casas \/ PRISMA Arquitectura (\u00a9 Fabi\u00e1n Dejtiar)\" data-rl_title=\"Dos Casas \/ PRISMA Arquitectura (\u00a9 Fabi\u00e1n Dejtiar)\" class=\"rl-gallery-link\" data-rl_caption=\"Dos Casas \/ PRISMA Arquitectura (\u00a9 Fabi\u00e1n Dejtiar)\" data-rel=\"lightbox-gallery-1\"><img loading=\"lazy\" decoding=\"async\" width=\"150\" height=\"150\" src=\"https:\/\/www.arquimaster.com.ar\/web\/wp-content\/uploads\/2024\/11\/dos_casas_13-150x150.jpg\" class=\"attachment-thumbnail size-thumbnail\" alt=\"Dos Casas \/ PRISMA Arquitectura\" aria-describedby=\"gallery-1-82361\" \/><\/a>\n\t\t\t<\/div>\n\t\t\t\t<figcaption class='wp-caption-text gallery-caption' id='gallery-1-82361'>\n\t\t\t\tDos Casas \/ PRISMA Arquitectura (\u00a9 Fabi\u00e1n Dejtiar)\n\t\t\t\t<\/figcaption><\/figure><figure class='gallery-item'>\n\t\t\t<div class='gallery-icon portrait'>\n\t\t\t\t<a href='https:\/\/www.arquimaster.com.ar\/web\/wp-content\/uploads\/2024\/11\/dos_casas_14.jpg' title=\"Dos Casas \/ PRISMA Arquitectura (\u00a9 Fabi\u00e1n Dejtiar)\" data-rl_title=\"Dos Casas \/ PRISMA Arquitectura (\u00a9 Fabi\u00e1n Dejtiar)\" class=\"rl-gallery-link\" data-rl_caption=\"Dos Casas \/ PRISMA Arquitectura (\u00a9 Fabi\u00e1n Dejtiar)\" data-rel=\"lightbox-gallery-1\"><img loading=\"lazy\" decoding=\"async\" width=\"150\" height=\"150\" src=\"https:\/\/www.arquimaster.com.ar\/web\/wp-content\/uploads\/2024\/11\/dos_casas_14-150x150.jpg\" class=\"attachment-thumbnail size-thumbnail\" alt=\"Dos Casas \/ PRISMA Arquitectura\" aria-describedby=\"gallery-1-82362\" \/><\/a>\n\t\t\t<\/div>\n\t\t\t\t<figcaption class='wp-caption-text gallery-caption' id='gallery-1-82362'>\n\t\t\t\tDos Casas \/ PRISMA Arquitectura (\u00a9 Fabi\u00e1n Dejtiar)\n\t\t\t\t<\/figcaption><\/figure><figure class='gallery-item'>\n\t\t\t<div class='gallery-icon portrait'>\n\t\t\t\t<a href='https:\/\/www.arquimaster.com.ar\/web\/wp-content\/uploads\/2024\/11\/dos_casas_15.jpg' title=\"Dos Casas \/ PRISMA Arquitectura (\u00a9 Fabi\u00e1n Dejtiar)\" data-rl_title=\"Dos Casas \/ PRISMA Arquitectura (\u00a9 Fabi\u00e1n Dejtiar)\" class=\"rl-gallery-link\" data-rl_caption=\"Dos Casas \/ PRISMA Arquitectura (\u00a9 Fabi\u00e1n Dejtiar)\" data-rel=\"lightbox-gallery-1\"><img loading=\"lazy\" decoding=\"async\" width=\"150\" height=\"150\" src=\"https:\/\/www.arquimaster.com.ar\/web\/wp-content\/uploads\/2024\/11\/dos_casas_15-150x150.jpg\" class=\"attachment-thumbnail size-thumbnail\" alt=\"Dos Casas \/ PRISMA Arquitectura\" aria-describedby=\"gallery-1-82363\" \/><\/a>\n\t\t\t<\/div>\n\t\t\t\t<figcaption class='wp-caption-text gallery-caption' id='gallery-1-82363'>\n\t\t\t\tDos Casas \/ PRISMA Arquitectura (\u00a9 Fabi\u00e1n Dejtiar)\n\t\t\t\t<\/figcaption><\/figure><figure class='gallery-item'>\n\t\t\t<div class='gallery-icon landscape'>\n\t\t\t\t<a href='https:\/\/www.arquimaster.com.ar\/web\/wp-content\/uploads\/2024\/11\/dos_casas_16.jpg' title=\"Dos Casas \/ PRISMA Arquitectura (planta baja)\" data-rl_title=\"Dos Casas \/ PRISMA Arquitectura (planta baja)\" class=\"rl-gallery-link\" data-rl_caption=\"Dos Casas \/ PRISMA Arquitectura (planta baja)\" data-rel=\"lightbox-gallery-1\"><img loading=\"lazy\" decoding=\"async\" width=\"150\" height=\"150\" src=\"https:\/\/www.arquimaster.com.ar\/web\/wp-content\/uploads\/2024\/11\/dos_casas_16-150x150.jpg\" class=\"attachment-thumbnail size-thumbnail\" alt=\"Dos Casas \/ PRISMA Arquitectura\" aria-describedby=\"gallery-1-82364\" \/><\/a>\n\t\t\t<\/div>\n\t\t\t\t<figcaption class='wp-caption-text gallery-caption' id='gallery-1-82364'>\n\t\t\t\tDos Casas \/ PRISMA Arquitectura (planta baja)\n\t\t\t\t<\/figcaption><\/figure><figure class='gallery-item'>\n\t\t\t<div class='gallery-icon landscape'>\n\t\t\t\t<a href='https:\/\/www.arquimaster.com.ar\/web\/wp-content\/uploads\/2024\/11\/dos_casas_17.jpg' title=\"Dos Casas \/ PRISMA Arquitectura (planta 1\u00ba piso)\" data-rl_title=\"Dos Casas \/ PRISMA Arquitectura (planta 1\u00ba piso)\" class=\"rl-gallery-link\" data-rl_caption=\"Dos Casas \/ PRISMA Arquitectura (planta 1\u00ba piso)\" data-rel=\"lightbox-gallery-1\"><img loading=\"lazy\" decoding=\"async\" width=\"150\" height=\"150\" src=\"https:\/\/www.arquimaster.com.ar\/web\/wp-content\/uploads\/2024\/11\/dos_casas_17-150x150.jpg\" class=\"attachment-thumbnail size-thumbnail\" alt=\"Dos Casas \/ PRISMA Arquitectura\" aria-describedby=\"gallery-1-82365\" \/><\/a>\n\t\t\t<\/div>\n\t\t\t\t<figcaption class='wp-caption-text gallery-caption' id='gallery-1-82365'>\n\t\t\t\tDos Casas \/ PRISMA Arquitectura (planta 1\u00ba piso)\n\t\t\t\t<\/figcaption><\/figure><figure class='gallery-item'>\n\t\t\t<div class='gallery-icon landscape'>\n\t\t\t\t<a href='https:\/\/www.arquimaster.com.ar\/web\/wp-content\/uploads\/2024\/11\/dos_casas_18.jpg' title=\"Dos Casas \/ PRISMA Arquitectura (planta 2\u00ba piso)\" data-rl_title=\"Dos Casas \/ PRISMA Arquitectura (planta 2\u00ba piso)\" class=\"rl-gallery-link\" data-rl_caption=\"Dos Casas \/ PRISMA Arquitectura (planta 2\u00ba piso)\" data-rel=\"lightbox-gallery-1\"><img loading=\"lazy\" decoding=\"async\" width=\"150\" height=\"150\" src=\"https:\/\/www.arquimaster.com.ar\/web\/wp-content\/uploads\/2024\/11\/dos_casas_18-150x150.jpg\" class=\"attachment-thumbnail size-thumbnail\" alt=\"Dos Casas \/ PRISMA Arquitectura\" aria-describedby=\"gallery-1-82366\" \/><\/a>\n\t\t\t<\/div>\n\t\t\t\t<figcaption class='wp-caption-text gallery-caption' id='gallery-1-82366'>\n\t\t\t\tDos Casas \/ PRISMA Arquitectura (planta 2\u00ba piso)\n\t\t\t\t<\/figcaption><\/figure><figure class='gallery-item'>\n\t\t\t<div class='gallery-icon landscape'>\n\t\t\t\t<a href='https:\/\/www.arquimaster.com.ar\/web\/wp-content\/uploads\/2024\/11\/dos_casas_19.jpg' title=\"Dos Casas \/ PRISMA Arquitectura (axonometria)\" data-rl_title=\"Dos Casas \/ PRISMA Arquitectura (axonometria)\" class=\"rl-gallery-link\" data-rl_caption=\"Dos Casas \/ PRISMA Arquitectura (axonometria)\" data-rel=\"lightbox-gallery-1\"><img loading=\"lazy\" decoding=\"async\" width=\"150\" height=\"150\" src=\"https:\/\/www.arquimaster.com.ar\/web\/wp-content\/uploads\/2024\/11\/dos_casas_19-150x150.jpg\" class=\"attachment-thumbnail size-thumbnail\" alt=\"Dos Casas \/ PRISMA Arquitectura\" aria-describedby=\"gallery-1-82367\" \/><\/a>\n\t\t\t<\/div>\n\t\t\t\t<figcaption class='wp-caption-text gallery-caption' id='gallery-1-82367'>\n\t\t\t\tDos Casas \/ PRISMA Arquitectura (axonometria)\n\t\t\t\t<\/figcaption><\/figure><figure class='gallery-item'>\n\t\t\t<div class='gallery-icon landscape'>\n\t\t\t\t<a href='https:\/\/www.arquimaster.com.ar\/web\/wp-content\/uploads\/2024\/11\/dos_casas_20.jpg' title=\"Dos Casas \/ PRISMA Arquitectura (\u00a9 Fabi\u00e1n Dejtiar) (proyectistas)\" data-rl_title=\"Dos Casas \/ PRISMA Arquitectura (\u00a9 Fabi\u00e1n Dejtiar) (proyectistas)\" class=\"rl-gallery-link\" data-rl_caption=\"Dos Casas \/ PRISMA Arquitectura (\u00a9 Fabi\u00e1n Dejtiar) (proyectistas)\" data-rel=\"lightbox-gallery-1\"><img loading=\"lazy\" decoding=\"async\" width=\"150\" height=\"150\" src=\"https:\/\/www.arquimaster.com.ar\/web\/wp-content\/uploads\/2024\/11\/dos_casas_20-150x150.jpg\" class=\"attachment-thumbnail size-thumbnail\" alt=\"Dos Casas \/ PRISMA Arquitectura\" aria-describedby=\"gallery-1-82368\" \/><\/a>\n\t\t\t<\/div>\n\t\t\t\t<figcaption class='wp-caption-text gallery-caption' id='gallery-1-82368'>\n\t\t\t\tDos Casas \/ PRISMA Arquitectura (\u00a9 Fabi\u00e1n Dejtiar) (proyectistas)\n\t\t\t\t<\/figcaption><\/figure>\n\t\t<\/div>\n\n<p>La propuesta agota la capacidad m\u00e1xima de ocupaci\u00f3n en t\u00e9rminos de superficie y volumetr\u00eda, lo que demand\u00f3 una estrategia que optimizara al m\u00e1ximo el \u00e1rea habitable. Esta racionalidad operativa no s\u00f3lo resolvi\u00f3 las limitaciones del lote, sino que tambi\u00e9n permiti\u00f3 transformar radicalmente la forma de habitar el espacio, logrando que cada vivienda fuera funcional, accesible y relevante en su contexto.<\/p>\n<p>Los vol\u00famenes rotados generan patios y terrazas que brindan privacidad y optimizan la relaci\u00f3n entre interior y exterior. Los espacios p\u00fablicos de ambas viviendas se sit\u00faan en el per\u00edmetro, mientras los privados se organizan hacia el interior, benefici\u00e1ndose del retiro obligatorio de 4&#215;4 metros que funciona como patio central.<\/p>\n<p>Aunque el conjunto arquitect\u00f3nico se concibe como una masa perforada, la elecci\u00f3n de materiales introduce una divisi\u00f3n visual delicada entre las dos viviendas.<\/p>\n<p>La planta baja se resuelve con ladrillo cementicio, aportando peso y textura, mientras que la planta alta se reviste con un acabado blanco, enfatizando ligereza y claridad. Este contraste material genera una lectura homog\u00e9nea, pero diferenciada, que equilibra tanto lo visual como lo espacial.<\/p>\n<p>El proyecto refleja la convicci\u00f3n de que una operaci\u00f3n eficiente en el dise\u00f1o puede transformar espacios complejos en formas de habitar m\u00e1s accesibles y significativas.<\/p>\n<p>A trav\u00e9s de una intervenci\u00f3n precisa, se logr\u00f3 maximizar el potencial del lote, haciendo que las dos viviendas no solo cumplan con su funci\u00f3n, sino que reinterpreten la convivencia contempor\u00e1nea en una obra que es, al mismo tiempo, individual y colectiva.<\/p>\n\n\n<div style=\"height:20px\" aria-hidden=\"true\" class=\"wp-block-spacer\"><\/div>\n\n\n\n<p class=\"has-background\" style=\"background-color:#eaeaea\"><strong>Ficha t\u00e9cnica<\/strong><br>Nombre: Dos Casas<br>Ubicaci\u00f3n: Vicente Lopez, Pcia. de Buenos Aires, Argentina<br>Oficina de Arquitectura: PRISMA Arquitectura<br>Constructora: LyP<br>Ingenier\u00eda: MTM Estructuras<br>Superficie construida: 250 m2<br>A\u00f1o finalizaci\u00f3n construcci\u00f3n: 2024<br>Fotograf\u00edas: Fabi\u00e1n Dejtiar<br>Sitio web: https:\/\/www.prismaarq.com<\/p>\n\n\n\n<div style=\"height:40px\" aria-hidden=\"true\" class=\"wp-block-spacer\"><\/div>\n\n\n<p><strong><em>English version<\/em><\/strong><\/p>\n<p><em>The project, located on a corner in Vicente L\u00f3pez, Argentina, presented the challenge of unifying two homes on a 16&#215;8 meter plot under a coherent architectural language while maintaining the identity of each space.<\/em><\/p>\n<p><em>The proposal maximizes the occupancy capacity in terms of surface area and volume, requiring a strategy that optimizes the usable area to the fullest. This operational rationality not only addressed the limitations of the plot but also radically transformed the way the space is inhabited, ensuring that each home is functional, accessible, and relevant to its context.<\/em><\/p>\n<p><em>The rotated volumes create patios and terraces that provide privacy and enhance the relationship between the interior and exterior. The public spaces of both homes are located on the perimeter, while the private areas are organized toward the interior, benefiting from the mandatory setback of 4&#215;4 meters that functions as a central patio.<\/em><\/p>\n<p><em>Although the architectural ensemble is conceived as a perforated mass, the choice of materials introduces a delicate visual division between the two homes. The ground floor is finished with cement bricks, providing weight and texture, while the upper floor is clad in a white finish, emphasizing lightness and clarity. This material contrast creates a homogeneous yet differentiated reading that balances both visual and spatial elements.<\/em><\/p>\n<p><em>The project reflects the conviction that an efficient design operation can transform complex spaces into more accessible and meaningful ways of living. Through a precise intervention, the potential of the lot was maximized, ensuring that the two homes not only fulfill their function but also reinterpret contemporary coexistence in a work that is, at once, individual and collective.<\/em><\/p>\n<div style=\"font-size: 0px; height: 0px; line-height: 0px; margin: 0; padding: 0; clear: both;\"><\/div><div style=\"margin-top: 0px; margin-bottom: 0px;\" class=\"sharethis-inline-share-buttons\" ><\/div>","protected":false},"excerpt":{"rendered":"<p>El proyecto unifica dos viviendas bajo un lenguaje arquitect\u00f3nico coherente manteniendo la identidad&#8230;<\/p>\n","protected":false},"author":1,"featured_media":82348,"comment_status":"closed","ping_status":"closed","sticky":false,"template":"","format":"standard","meta":{"_uag_custom_page_level_css":"","footnotes":""},"categories":[1,83],"tags":[14,4282,16,979,1488,8083,270,91,978],"class_list":["post-82347","post","type-post","status-publish","format-standard","has-post-thumbnail","hentry","category-proyecto","category-vivienda-unifamiliar","tag-argentina","tag-arquitectura-residencial","tag-buenos-aires","tag-duplex","tag-ph","tag-prisma-arquitectura","tag-vicente-lopez","tag-vivienda-multifamiliar","tag-viviendas-pareadas","generate-columns","tablet-grid-50","mobile-grid-100","grid-parent","grid-50"],"yoast_head":"<!-- This site is optimized with the Yoast SEO plugin v27.3 - https:\/\/yoast.com\/product\/yoast-seo-wordpress\/ -->\n<title>Dos Casas \/ PRISMA Arquitectura - Arquimaster<\/title>\n<meta name=\"description\" content=\"El proyecto unifica dos viviendas bajo un lenguaje arquitect\u00f3nico coherente, manteniendo la identidad de cada espacio.\" \/>\n<meta name=\"robots\" content=\"index, follow, max-snippet:-1, max-image-preview:large, max-video-preview:-1\" \/>\n<link rel=\"canonical\" href=\"https:\/\/www.arquimaster.com.ar\/web\/dos-casas-prisma-arquitectura\/\" \/>\n<meta property=\"og:locale\" content=\"es_ES\" \/>\n<meta property=\"og:type\" content=\"article\" \/>\n<meta property=\"og:title\" content=\"Dos Casas \/ PRISMA Arquitectura\" \/>\n<meta property=\"og:description\" content=\"El proyecto unifica dos viviendas bajo un lenguaje arquitect\u00f3nico coherente, manteniendo la identidad de cada espacio.\" \/>\n<meta property=\"og:url\" content=\"https:\/\/www.arquimaster.com.ar\/web\/dos-casas-prisma-arquitectura\/\" \/>\n<meta property=\"og:site_name\" content=\"Arquimaster\" \/>\n<meta property=\"article:publisher\" content=\"http:\/\/www.facebook.com\/ARQUIMASTER.com.ar\" \/>\n<meta property=\"article:published_time\" content=\"2024-11-06T21:08:26+00:00\" \/>\n<meta property=\"article:modified_time\" content=\"2025-07-23T22:51:57+00:00\" \/>\n<meta property=\"og:image\" content=\"https:\/\/www.arquimaster.com.ar\/web\/wp-content\/uploads\/2024\/11\/dos_casas_slide.jpg\" \/>\n\t<meta property=\"og:image:width\" content=\"698\" \/>\n\t<meta property=\"og:image:height\" content=\"364\" \/>\n\t<meta property=\"og:image:type\" content=\"image\/jpeg\" \/>\n<meta name=\"author\" content=\"Arquimaster\" \/>\n<meta name=\"twitter:card\" content=\"summary_large_image\" \/>\n<meta name=\"twitter:title\" content=\"Dos Casas \/ PRISMA Arquitectura\" \/>\n<meta name=\"twitter:description\" content=\"El proyecto unifica dos viviendas bajo un lenguaje arquitect\u00f3nico coherente, manteniendo la identidad de cada espacio.\" \/>\n<meta name=\"twitter:image\" content=\"https:\/\/www.arquimaster.com.ar\/web\/wp-content\/uploads\/2024\/11\/dos_casas_slide.jpg\" \/>\n<meta name=\"twitter:creator\" content=\"@arquimaster\" \/>\n<meta name=\"twitter:site\" content=\"@arquimaster\" \/>\n<meta name=\"twitter:label1\" content=\"Escrito por\" \/>\n\t<meta name=\"twitter:data1\" content=\"Arquimaster\" \/>\n\t<meta name=\"twitter:label2\" content=\"Tiempo de lectura\" \/>\n\t<meta name=\"twitter:data2\" content=\"3 minutos\" \/>\n<script type=\"application\/ld+json\" class=\"yoast-schema-graph\">{\"@context\":\"https:\\\/\\\/schema.org\",\"@graph\":[{\"@type\":\"Article\",\"@id\":\"https:\\\/\\\/www.arquimaster.com.ar\\\/web\\\/dos-casas-prisma-arquitectura\\\/#article\",\"isPartOf\":{\"@id\":\"https:\\\/\\\/www.arquimaster.com.ar\\\/web\\\/dos-casas-prisma-arquitectura\\\/\"},\"author\":{\"name\":\"Arquimaster\",\"@id\":\"https:\\\/\\\/www.arquimaster.com.ar\\\/web\\\/#\\\/schema\\\/person\\\/359e9f7c00193fcde068e0dd2ceb0028\"},\"headline\":\"Dos Casas \\\/ PRISMA Arquitectura\",\"datePublished\":\"2024-11-06T21:08:26+00:00\",\"dateModified\":\"2025-07-23T22:51:57+00:00\",\"mainEntityOfPage\":{\"@id\":\"https:\\\/\\\/www.arquimaster.com.ar\\\/web\\\/dos-casas-prisma-arquitectura\\\/\"},\"wordCount\":634,\"publisher\":{\"@id\":\"https:\\\/\\\/www.arquimaster.com.ar\\\/web\\\/#organization\"},\"image\":{\"@id\":\"https:\\\/\\\/www.arquimaster.com.ar\\\/web\\\/dos-casas-prisma-arquitectura\\\/#primaryimage\"},\"thumbnailUrl\":\"https:\\\/\\\/www.arquimaster.com.ar\\\/web\\\/wp-content\\\/uploads\\\/2024\\\/11\\\/dos_casas_slide.jpg\",\"keywords\":[\"Argentina\",\"arquitectura residencial\",\"Buenos Aires\",\"duplex\",\"PH\",\"PRISMA Arquitectura\",\"Vicente Lopez\",\"vivienda multifamiliar\",\"viviendas pareadas\"],\"articleSection\":[\"Proyecto\",\"Vivienda unifamiliar y PH\"],\"inLanguage\":\"es\"},{\"@type\":\"WebPage\",\"@id\":\"https:\\\/\\\/www.arquimaster.com.ar\\\/web\\\/dos-casas-prisma-arquitectura\\\/\",\"url\":\"https:\\\/\\\/www.arquimaster.com.ar\\\/web\\\/dos-casas-prisma-arquitectura\\\/\",\"name\":\"Dos Casas \\\/ PRISMA Arquitectura - Arquimaster\",\"isPartOf\":{\"@id\":\"https:\\\/\\\/www.arquimaster.com.ar\\\/web\\\/#website\"},\"primaryImageOfPage\":{\"@id\":\"https:\\\/\\\/www.arquimaster.com.ar\\\/web\\\/dos-casas-prisma-arquitectura\\\/#primaryimage\"},\"image\":{\"@id\":\"https:\\\/\\\/www.arquimaster.com.ar\\\/web\\\/dos-casas-prisma-arquitectura\\\/#primaryimage\"},\"thumbnailUrl\":\"https:\\\/\\\/www.arquimaster.com.ar\\\/web\\\/wp-content\\\/uploads\\\/2024\\\/11\\\/dos_casas_slide.jpg\",\"datePublished\":\"2024-11-06T21:08:26+00:00\",\"dateModified\":\"2025-07-23T22:51:57+00:00\",\"description\":\"El proyecto unifica dos viviendas bajo un lenguaje arquitect\u00f3nico coherente, manteniendo la identidad de cada espacio.\",\"breadcrumb\":{\"@id\":\"https:\\\/\\\/www.arquimaster.com.ar\\\/web\\\/dos-casas-prisma-arquitectura\\\/#breadcrumb\"},\"inLanguage\":\"es\",\"potentialAction\":[{\"@type\":\"ReadAction\",\"target\":[\"https:\\\/\\\/www.arquimaster.com.ar\\\/web\\\/dos-casas-prisma-arquitectura\\\/\"]}]},{\"@type\":\"ImageObject\",\"inLanguage\":\"es\",\"@id\":\"https:\\\/\\\/www.arquimaster.com.ar\\\/web\\\/dos-casas-prisma-arquitectura\\\/#primaryimage\",\"url\":\"https:\\\/\\\/www.arquimaster.com.ar\\\/web\\\/wp-content\\\/uploads\\\/2024\\\/11\\\/dos_casas_slide.jpg\",\"contentUrl\":\"https:\\\/\\\/www.arquimaster.com.ar\\\/web\\\/wp-content\\\/uploads\\\/2024\\\/11\\\/dos_casas_slide.jpg\",\"width\":698,\"height\":364,\"caption\":\"Dos Casas \\\/ PRISMA Arquitectura\"},{\"@type\":\"BreadcrumbList\",\"@id\":\"https:\\\/\\\/www.arquimaster.com.ar\\\/web\\\/dos-casas-prisma-arquitectura\\\/#breadcrumb\",\"itemListElement\":[{\"@type\":\"ListItem\",\"position\":1,\"name\":\"Portada\",\"item\":\"https:\\\/\\\/www.arquimaster.com.ar\\\/web\\\/\"},{\"@type\":\"ListItem\",\"position\":2,\"name\":\"Dos Casas \\\/ PRISMA Arquitectura\"}]},{\"@type\":\"WebSite\",\"@id\":\"https:\\\/\\\/www.arquimaster.com.ar\\\/web\\\/#website\",\"url\":\"https:\\\/\\\/www.arquimaster.com.ar\\\/web\\\/\",\"name\":\"Arquimaster\",\"description\":\"Web de arquitectura, dise\u00f1o y construccion\",\"publisher\":{\"@id\":\"https:\\\/\\\/www.arquimaster.com.ar\\\/web\\\/#organization\"},\"potentialAction\":[{\"@type\":\"SearchAction\",\"target\":{\"@type\":\"EntryPoint\",\"urlTemplate\":\"https:\\\/\\\/www.arquimaster.com.ar\\\/web\\\/?s={search_term_string}\"},\"query-input\":{\"@type\":\"PropertyValueSpecification\",\"valueRequired\":true,\"valueName\":\"search_term_string\"}}],\"inLanguage\":\"es\"},{\"@type\":\"Organization\",\"@id\":\"https:\\\/\\\/www.arquimaster.com.ar\\\/web\\\/#organization\",\"name\":\"Arquimaster\",\"url\":\"https:\\\/\\\/www.arquimaster.com.ar\\\/web\\\/\",\"logo\":{\"@type\":\"ImageObject\",\"inLanguage\":\"es\",\"@id\":\"https:\\\/\\\/www.arquimaster.com.ar\\\/web\\\/#\\\/schema\\\/logo\\\/image\\\/\",\"url\":\"https:\\\/\\\/www.arquimaster.com.ar\\\/web\\\/wp-content\\\/uploads\\\/2022\\\/06\\\/arquimaster.png\",\"contentUrl\":\"https:\\\/\\\/www.arquimaster.com.ar\\\/web\\\/wp-content\\\/uploads\\\/2022\\\/06\\\/arquimaster.png\",\"width\":594,\"height\":78,\"caption\":\"Arquimaster\"},\"image\":{\"@id\":\"https:\\\/\\\/www.arquimaster.com.ar\\\/web\\\/#\\\/schema\\\/logo\\\/image\\\/\"},\"sameAs\":[\"http:\\\/\\\/www.facebook.com\\\/ARQUIMASTER.com.ar\",\"https:\\\/\\\/x.com\\\/arquimaster\",\"https:\\\/\\\/www.instagram.com\\\/arquimasterblog\\\/\",\"https:\\\/\\\/www.linkedin.com\\\/company\\\/arquimaster\",\"https:\\\/\\\/www.pinterest.com\\\/arquimaster\",\"https:\\\/\\\/t.me\\\/arquimaster\"]},{\"@type\":\"Person\",\"@id\":\"https:\\\/\\\/www.arquimaster.com.ar\\\/web\\\/#\\\/schema\\\/person\\\/359e9f7c00193fcde068e0dd2ceb0028\",\"name\":\"Arquimaster\"}]}<\/script>\n<!-- \/ Yoast SEO plugin. -->","yoast_head_json":{"title":"Dos Casas \/ PRISMA Arquitectura - Arquimaster","description":"El proyecto unifica dos viviendas bajo un lenguaje arquitect\u00f3nico coherente, manteniendo la identidad de cada espacio.","robots":{"index":"index","follow":"follow","max-snippet":"max-snippet:-1","max-image-preview":"max-image-preview:large","max-video-preview":"max-video-preview:-1"},"canonical":"https:\/\/www.arquimaster.com.ar\/web\/dos-casas-prisma-arquitectura\/","og_locale":"es_ES","og_type":"article","og_title":"Dos Casas \/ PRISMA Arquitectura","og_description":"El proyecto unifica dos viviendas bajo un lenguaje arquitect\u00f3nico coherente, manteniendo la identidad de cada espacio.","og_url":"https:\/\/www.arquimaster.com.ar\/web\/dos-casas-prisma-arquitectura\/","og_site_name":"Arquimaster","article_publisher":"http:\/\/www.facebook.com\/ARQUIMASTER.com.ar","article_published_time":"2024-11-06T21:08:26+00:00","article_modified_time":"2025-07-23T22:51:57+00:00","og_image":[{"width":698,"height":364,"url":"https:\/\/www.arquimaster.com.ar\/web\/wp-content\/uploads\/2024\/11\/dos_casas_slide.jpg","type":"image\/jpeg"}],"author":"Arquimaster","twitter_card":"summary_large_image","twitter_title":"Dos Casas \/ PRISMA Arquitectura","twitter_description":"El proyecto unifica dos viviendas bajo un lenguaje arquitect\u00f3nico coherente, manteniendo la identidad de cada espacio.","twitter_image":"https:\/\/www.arquimaster.com.ar\/web\/wp-content\/uploads\/2024\/11\/dos_casas_slide.jpg","twitter_creator":"@arquimaster","twitter_site":"@arquimaster","twitter_misc":{"Escrito por":"Arquimaster","Tiempo de lectura":"3 minutos"},"schema":{"@context":"https:\/\/schema.org","@graph":[{"@type":"Article","@id":"https:\/\/www.arquimaster.com.ar\/web\/dos-casas-prisma-arquitectura\/#article","isPartOf":{"@id":"https:\/\/www.arquimaster.com.ar\/web\/dos-casas-prisma-arquitectura\/"},"author":{"name":"Arquimaster","@id":"https:\/\/www.arquimaster.com.ar\/web\/#\/schema\/person\/359e9f7c00193fcde068e0dd2ceb0028"},"headline":"Dos Casas \/ PRISMA Arquitectura","datePublished":"2024-11-06T21:08:26+00:00","dateModified":"2025-07-23T22:51:57+00:00","mainEntityOfPage":{"@id":"https:\/\/www.arquimaster.com.ar\/web\/dos-casas-prisma-arquitectura\/"},"wordCount":634,"publisher":{"@id":"https:\/\/www.arquimaster.com.ar\/web\/#organization"},"image":{"@id":"https:\/\/www.arquimaster.com.ar\/web\/dos-casas-prisma-arquitectura\/#primaryimage"},"thumbnailUrl":"https:\/\/www.arquimaster.com.ar\/web\/wp-content\/uploads\/2024\/11\/dos_casas_slide.jpg","keywords":["Argentina","arquitectura residencial","Buenos Aires","duplex","PH","PRISMA Arquitectura","Vicente Lopez","vivienda multifamiliar","viviendas pareadas"],"articleSection":["Proyecto","Vivienda unifamiliar y PH"],"inLanguage":"es"},{"@type":"WebPage","@id":"https:\/\/www.arquimaster.com.ar\/web\/dos-casas-prisma-arquitectura\/","url":"https:\/\/www.arquimaster.com.ar\/web\/dos-casas-prisma-arquitectura\/","name":"Dos Casas \/ PRISMA Arquitectura - Arquimaster","isPartOf":{"@id":"https:\/\/www.arquimaster.com.ar\/web\/#website"},"primaryImageOfPage":{"@id":"https:\/\/www.arquimaster.com.ar\/web\/dos-casas-prisma-arquitectura\/#primaryimage"},"image":{"@id":"https:\/\/www.arquimaster.com.ar\/web\/dos-casas-prisma-arquitectura\/#primaryimage"},"thumbnailUrl":"https:\/\/www.arquimaster.com.ar\/web\/wp-content\/uploads\/2024\/11\/dos_casas_slide.jpg","datePublished":"2024-11-06T21:08:26+00:00","dateModified":"2025-07-23T22:51:57+00:00","description":"El proyecto unifica dos viviendas bajo un lenguaje arquitect\u00f3nico coherente, manteniendo la identidad de cada espacio.","breadcrumb":{"@id":"https:\/\/www.arquimaster.com.ar\/web\/dos-casas-prisma-arquitectura\/#breadcrumb"},"inLanguage":"es","potentialAction":[{"@type":"ReadAction","target":["https:\/\/www.arquimaster.com.ar\/web\/dos-casas-prisma-arquitectura\/"]}]},{"@type":"ImageObject","inLanguage":"es","@id":"https:\/\/www.arquimaster.com.ar\/web\/dos-casas-prisma-arquitectura\/#primaryimage","url":"https:\/\/www.arquimaster.com.ar\/web\/wp-content\/uploads\/2024\/11\/dos_casas_slide.jpg","contentUrl":"https:\/\/www.arquimaster.com.ar\/web\/wp-content\/uploads\/2024\/11\/dos_casas_slide.jpg","width":698,"height":364,"caption":"Dos Casas \/ PRISMA Arquitectura"},{"@type":"BreadcrumbList","@id":"https:\/\/www.arquimaster.com.ar\/web\/dos-casas-prisma-arquitectura\/#breadcrumb","itemListElement":[{"@type":"ListItem","position":1,"name":"Portada","item":"https:\/\/www.arquimaster.com.ar\/web\/"},{"@type":"ListItem","position":2,"name":"Dos Casas \/ PRISMA Arquitectura"}]},{"@type":"WebSite","@id":"https:\/\/www.arquimaster.com.ar\/web\/#website","url":"https:\/\/www.arquimaster.com.ar\/web\/","name":"Arquimaster","description":"Web de arquitectura, dise\u00f1o y construccion","publisher":{"@id":"https:\/\/www.arquimaster.com.ar\/web\/#organization"},"potentialAction":[{"@type":"SearchAction","target":{"@type":"EntryPoint","urlTemplate":"https:\/\/www.arquimaster.com.ar\/web\/?s={search_term_string}"},"query-input":{"@type":"PropertyValueSpecification","valueRequired":true,"valueName":"search_term_string"}}],"inLanguage":"es"},{"@type":"Organization","@id":"https:\/\/www.arquimaster.com.ar\/web\/#organization","name":"Arquimaster","url":"https:\/\/www.arquimaster.com.ar\/web\/","logo":{"@type":"ImageObject","inLanguage":"es","@id":"https:\/\/www.arquimaster.com.ar\/web\/#\/schema\/logo\/image\/","url":"https:\/\/www.arquimaster.com.ar\/web\/wp-content\/uploads\/2022\/06\/arquimaster.png","contentUrl":"https:\/\/www.arquimaster.com.ar\/web\/wp-content\/uploads\/2022\/06\/arquimaster.png","width":594,"height":78,"caption":"Arquimaster"},"image":{"@id":"https:\/\/www.arquimaster.com.ar\/web\/#\/schema\/logo\/image\/"},"sameAs":["http:\/\/www.facebook.com\/ARQUIMASTER.com.ar","https:\/\/x.com\/arquimaster","https:\/\/www.instagram.com\/arquimasterblog\/","https:\/\/www.linkedin.com\/company\/arquimaster","https:\/\/www.pinterest.com\/arquimaster","https:\/\/t.me\/arquimaster"]},{"@type":"Person","@id":"https:\/\/www.arquimaster.com.ar\/web\/#\/schema\/person\/359e9f7c00193fcde068e0dd2ceb0028","name":"Arquimaster"}]}},"uagb_featured_image_src":{"full":["https:\/\/www.arquimaster.com.ar\/web\/wp-content\/uploads\/2024\/11\/dos_casas_slide.jpg",698,364,false],"thumbnail":["https:\/\/www.arquimaster.com.ar\/web\/wp-content\/uploads\/2024\/11\/dos_casas_slide-150x150.jpg",150,150,true],"medium":["https:\/\/www.arquimaster.com.ar\/web\/wp-content\/uploads\/2024\/11\/dos_casas_slide.jpg",698,364,false],"medium_large":["https:\/\/www.arquimaster.com.ar\/web\/wp-content\/uploads\/2024\/11\/dos_casas_slide.jpg",698,364,false],"large":["https:\/\/www.arquimaster.com.ar\/web\/wp-content\/uploads\/2024\/11\/dos_casas_slide.jpg",698,364,false],"1536x1536":["https:\/\/www.arquimaster.com.ar\/web\/wp-content\/uploads\/2024\/11\/dos_casas_slide.jpg",698,364,false],"2048x2048":["https:\/\/www.arquimaster.com.ar\/web\/wp-content\/uploads\/2024\/11\/dos_casas_slide.jpg",698,364,false]},"uagb_author_info":{"display_name":"Arquimaster","author_link":"https:\/\/www.arquimaster.com.ar\/web\/author\/arquimaster\/"},"uagb_comment_info":0,"uagb_excerpt":"El proyecto unifica dos viviendas bajo un lenguaje arquitect\u00f3nico coherente manteniendo la identidad...","_links":{"self":[{"href":"https:\/\/www.arquimaster.com.ar\/web\/wp-json\/wp\/v2\/posts\/82347","targetHints":{"allow":["GET"]}}],"collection":[{"href":"https:\/\/www.arquimaster.com.ar\/web\/wp-json\/wp\/v2\/posts"}],"about":[{"href":"https:\/\/www.arquimaster.com.ar\/web\/wp-json\/wp\/v2\/types\/post"}],"author":[{"embeddable":true,"href":"https:\/\/www.arquimaster.com.ar\/web\/wp-json\/wp\/v2\/users\/1"}],"replies":[{"embeddable":true,"href":"https:\/\/www.arquimaster.com.ar\/web\/wp-json\/wp\/v2\/comments?post=82347"}],"version-history":[{"count":4,"href":"https:\/\/www.arquimaster.com.ar\/web\/wp-json\/wp\/v2\/posts\/82347\/revisions"}],"predecessor-version":[{"id":85085,"href":"https:\/\/www.arquimaster.com.ar\/web\/wp-json\/wp\/v2\/posts\/82347\/revisions\/85085"}],"wp:featuredmedia":[{"embeddable":true,"href":"https:\/\/www.arquimaster.com.ar\/web\/wp-json\/wp\/v2\/media\/82348"}],"wp:attachment":[{"href":"https:\/\/www.arquimaster.com.ar\/web\/wp-json\/wp\/v2\/media?parent=82347"}],"wp:term":[{"taxonomy":"category","embeddable":true,"href":"https:\/\/www.arquimaster.com.ar\/web\/wp-json\/wp\/v2\/categories?post=82347"},{"taxonomy":"post_tag","embeddable":true,"href":"https:\/\/www.arquimaster.com.ar\/web\/wp-json\/wp\/v2\/tags?post=82347"}],"curies":[{"name":"wp","href":"https:\/\/api.w.org\/{rel}","templated":true}]}}