{"id":82515,"date":"2024-11-13T22:52:25","date_gmt":"2024-11-14T01:52:25","guid":{"rendered":"https:\/\/www.arquimaster.com.ar\/web\/?p=82515"},"modified":"2025-07-23T19:48:08","modified_gmt":"2025-07-23T22:48:08","slug":"condominio-la-malteria-navarro-constructora-german-campagnolo","status":"publish","type":"post","link":"https:\/\/www.arquimaster.com.ar\/web\/condominio-la-malteria-navarro-constructora-german-campagnolo\/","title":{"rendered":"Condominio La Malter\u00eda \/ Navarro Constructora + German Campagnolo"},"content":{"rendered":"<div style=\"margin-top: 0px; margin-bottom: 0px;\" class=\"sharethis-inline-share-buttons\" ><\/div><div class=\"b812932af2e751442846f039925109de\" data-index=\"1\" style=\"float: none; margin:25px 0 25px 0; text-align:center;\">\n<script async src=\"https:\/\/pagead2.googlesyndication.com\/pagead\/js\/adsbygoogle.js\"><\/script>\r\n<!-- Arquimaster (superior) -->\r\n<ins class=\"adsbygoogle\"\r\n     style=\"display:block\"\r\n     data-ad-client=\"ca-pub-6351072698456832\"\r\n     data-ad-slot=\"6455489680\"\r\n     data-ad-format=\"auto\"\r\n     data-full-width-responsive=\"true\"><\/ins>\r\n<script>\r\n     (adsbygoogle = window.adsbygoogle || []).push({});\r\n<\/script>\n<\/div>\n<p><strong>Condominio La Malter\u00eda<\/strong> (Bragado, Prov. de Buenos Aires, Argentina) por <strong>Navarro Constructora SRL<\/strong> y <strong>Arquitecto German Campagnolo<\/strong>. El proyecto Condominio La Malteria nace como respuesta a una propuesta privada de conformar un complejo de viviendas en un lugar ic\u00f3nico de la ciudad. En este punto funciono durante muchos a\u00f1os la Malter\u00eda Quilmes, un gran complejo que ocupaba un predio de 12.000 m2 donde la empresa fabricaba y envasaba sus productos, luego del cierre total, el predio quedo en el olvido durante d\u00e9cadas, hasta que es adquirido por Juan Jose Natero quien decide darle nueva vida ocup\u00e1ndolo con viviendas y comercios.<\/p>\n<div id='gallery-1' class='gallery galleryid-82515 gallery-columns-3 gallery-size-thumbnail'><figure class='gallery-item'>\n\t\t\t<div class='gallery-icon landscape'>\n\t\t\t\t<a href='https:\/\/www.arquimaster.com.ar\/web\/wp-content\/uploads\/2024\/11\/condominio_la_malteria_1.jpg' title=\"Condominio La Malter\u00eda \/ Navarro Constructora + German Campagnolo\" data-rl_title=\"Condominio La Malter\u00eda \/ Navarro Constructora + German Campagnolo\" class=\"rl-gallery-link\" data-rl_caption=\"Condominio La Malter\u00eda \/ Navarro Constructora + German Campagnolo\" data-rel=\"lightbox-gallery-1\"><img loading=\"lazy\" decoding=\"async\" width=\"150\" height=\"150\" src=\"https:\/\/www.arquimaster.com.ar\/web\/wp-content\/uploads\/2024\/11\/condominio_la_malteria_1-150x150.jpg\" class=\"attachment-thumbnail size-thumbnail\" alt=\"Condominio La Malter\u00eda \/ Navarro Constructora + German Campagnolo\" aria-describedby=\"gallery-1-82517\" \/><\/a>\n\t\t\t<\/div>\n\t\t\t\t<figcaption class='wp-caption-text gallery-caption' id='gallery-1-82517'>\n\t\t\t\tCondominio La Malter\u00eda \/ Navarro Constructora + German Campagnolo\n\t\t\t\t<\/figcaption><\/figure><figure class='gallery-item'>\n\t\t\t<div class='gallery-icon landscape'>\n\t\t\t\t<a href='https:\/\/www.arquimaster.com.ar\/web\/wp-content\/uploads\/2024\/11\/condominio_la_malteria_2.jpg' title=\"Condominio La Malter\u00eda \/ Navarro Constructora + German Campagnolo\" data-rl_title=\"Condominio La Malter\u00eda \/ Navarro Constructora + German Campagnolo\" class=\"rl-gallery-link\" data-rl_caption=\"Condominio La Malter\u00eda \/ Navarro Constructora + German Campagnolo\" data-rel=\"lightbox-gallery-1\"><img loading=\"lazy\" decoding=\"async\" width=\"150\" height=\"150\" src=\"https:\/\/www.arquimaster.com.ar\/web\/wp-content\/uploads\/2024\/11\/condominio_la_malteria_2-150x150.jpg\" class=\"attachment-thumbnail size-thumbnail\" alt=\"Condominio La Malter\u00eda \/ Navarro Constructora + German Campagnolo\" aria-describedby=\"gallery-1-82518\" \/><\/a>\n\t\t\t<\/div>\n\t\t\t\t<figcaption class='wp-caption-text gallery-caption' id='gallery-1-82518'>\n\t\t\t\tCondominio La Malter\u00eda \/ Navarro Constructora + German Campagnolo\n\t\t\t\t<\/figcaption><\/figure><figure class='gallery-item'>\n\t\t\t<div class='gallery-icon landscape'>\n\t\t\t\t<a href='https:\/\/www.arquimaster.com.ar\/web\/wp-content\/uploads\/2024\/11\/condominio_la_malteria_3.jpg' title=\"Condominio La Malter\u00eda \/ Navarro Constructora + German Campagnolo\" data-rl_title=\"Condominio La Malter\u00eda \/ Navarro Constructora + German Campagnolo\" class=\"rl-gallery-link\" data-rl_caption=\"Condominio La Malter\u00eda \/ Navarro Constructora + German Campagnolo\" data-rel=\"lightbox-gallery-1\"><img loading=\"lazy\" decoding=\"async\" width=\"150\" height=\"150\" src=\"https:\/\/www.arquimaster.com.ar\/web\/wp-content\/uploads\/2024\/11\/condominio_la_malteria_3-150x150.jpg\" class=\"attachment-thumbnail size-thumbnail\" alt=\"Condominio La Malter\u00eda \/ Navarro Constructora + German Campagnolo\" aria-describedby=\"gallery-1-82519\" \/><\/a>\n\t\t\t<\/div>\n\t\t\t\t<figcaption class='wp-caption-text gallery-caption' id='gallery-1-82519'>\n\t\t\t\tCondominio La Malter\u00eda \/ Navarro Constructora + German Campagnolo\n\t\t\t\t<\/figcaption><\/figure><figure class='gallery-item'>\n\t\t\t<div class='gallery-icon landscape'>\n\t\t\t\t<a href='https:\/\/www.arquimaster.com.ar\/web\/wp-content\/uploads\/2024\/11\/condominio_la_malteria_4.jpg' title=\"Condominio La Malter\u00eda \/ Navarro Constructora + German Campagnolo\" data-rl_title=\"Condominio La Malter\u00eda \/ Navarro Constructora + German Campagnolo\" class=\"rl-gallery-link\" data-rl_caption=\"Condominio La Malter\u00eda \/ Navarro Constructora + German Campagnolo\" data-rel=\"lightbox-gallery-1\"><img loading=\"lazy\" decoding=\"async\" width=\"150\" height=\"150\" src=\"https:\/\/www.arquimaster.com.ar\/web\/wp-content\/uploads\/2024\/11\/condominio_la_malteria_4-150x150.jpg\" class=\"attachment-thumbnail size-thumbnail\" alt=\"Condominio La Malter\u00eda \/ Navarro Constructora + German Campagnolo\" aria-describedby=\"gallery-1-82520\" \/><\/a>\n\t\t\t<\/div>\n\t\t\t\t<figcaption class='wp-caption-text gallery-caption' id='gallery-1-82520'>\n\t\t\t\tCondominio La Malter\u00eda \/ Navarro Constructora + German Campagnolo\n\t\t\t\t<\/figcaption><\/figure><figure class='gallery-item'>\n\t\t\t<div class='gallery-icon landscape'>\n\t\t\t\t<a href='https:\/\/www.arquimaster.com.ar\/web\/wp-content\/uploads\/2024\/11\/condominio_la_malteria_5.jpg' title=\"Condominio La Malter\u00eda \/ Navarro Constructora + German Campagnolo\" data-rl_title=\"Condominio La Malter\u00eda \/ Navarro Constructora + German Campagnolo\" class=\"rl-gallery-link\" data-rl_caption=\"Condominio La Malter\u00eda \/ Navarro Constructora + German Campagnolo\" data-rel=\"lightbox-gallery-1\"><img loading=\"lazy\" decoding=\"async\" width=\"150\" height=\"150\" src=\"https:\/\/www.arquimaster.com.ar\/web\/wp-content\/uploads\/2024\/11\/condominio_la_malteria_5-150x150.jpg\" class=\"attachment-thumbnail size-thumbnail\" alt=\"Condominio La Malter\u00eda \/ Navarro Constructora + German Campagnolo\" aria-describedby=\"gallery-1-82521\" \/><\/a>\n\t\t\t<\/div>\n\t\t\t\t<figcaption class='wp-caption-text gallery-caption' id='gallery-1-82521'>\n\t\t\t\tCondominio La Malter\u00eda \/ Navarro Constructora + German Campagnolo\n\t\t\t\t<\/figcaption><\/figure><figure class='gallery-item'>\n\t\t\t<div class='gallery-icon landscape'>\n\t\t\t\t<a href='https:\/\/www.arquimaster.com.ar\/web\/wp-content\/uploads\/2024\/11\/condominio_la_malteria_6.jpg' title=\"Condominio La Malter\u00eda \/ Navarro Constructora + German Campagnolo\" data-rl_title=\"Condominio La Malter\u00eda \/ Navarro Constructora + German Campagnolo\" class=\"rl-gallery-link\" data-rl_caption=\"Condominio La Malter\u00eda \/ Navarro Constructora + German Campagnolo\" data-rel=\"lightbox-gallery-1\"><img loading=\"lazy\" decoding=\"async\" width=\"150\" height=\"150\" src=\"https:\/\/www.arquimaster.com.ar\/web\/wp-content\/uploads\/2024\/11\/condominio_la_malteria_6-150x150.jpg\" class=\"attachment-thumbnail size-thumbnail\" alt=\"Condominio La Malter\u00eda \/ Navarro Constructora + German Campagnolo\" aria-describedby=\"gallery-1-82522\" \/><\/a>\n\t\t\t<\/div>\n\t\t\t\t<figcaption class='wp-caption-text gallery-caption' id='gallery-1-82522'>\n\t\t\t\tCondominio La Malter\u00eda \/ Navarro Constructora + German Campagnolo\n\t\t\t\t<\/figcaption><\/figure><figure class='gallery-item'>\n\t\t\t<div class='gallery-icon landscape'>\n\t\t\t\t<a href='https:\/\/www.arquimaster.com.ar\/web\/wp-content\/uploads\/2024\/11\/condominio_la_malteria_7.jpg' title=\"Condominio La Malter\u00eda \/ Navarro Constructora + German Campagnolo\" data-rl_title=\"Condominio La Malter\u00eda \/ Navarro Constructora + German Campagnolo\" class=\"rl-gallery-link\" data-rl_caption=\"Condominio La Malter\u00eda \/ Navarro Constructora + German Campagnolo\" data-rel=\"lightbox-gallery-1\"><img loading=\"lazy\" decoding=\"async\" width=\"150\" height=\"150\" src=\"https:\/\/www.arquimaster.com.ar\/web\/wp-content\/uploads\/2024\/11\/condominio_la_malteria_7-150x150.jpg\" class=\"attachment-thumbnail size-thumbnail\" alt=\"Condominio La Malter\u00eda \/ Navarro Constructora + German Campagnolo\" aria-describedby=\"gallery-1-82523\" \/><\/a>\n\t\t\t<\/div>\n\t\t\t\t<figcaption class='wp-caption-text gallery-caption' id='gallery-1-82523'>\n\t\t\t\tCondominio La Malter\u00eda \/ Navarro Constructora + German Campagnolo\n\t\t\t\t<\/figcaption><\/figure><figure class='gallery-item'>\n\t\t\t<div class='gallery-icon landscape'>\n\t\t\t\t<a href='https:\/\/www.arquimaster.com.ar\/web\/wp-content\/uploads\/2024\/11\/condominio_la_malteria_8.jpg' title=\"Condominio La Malter\u00eda \/ Navarro Constructora + German Campagnolo\" data-rl_title=\"Condominio La Malter\u00eda \/ Navarro Constructora + German Campagnolo\" class=\"rl-gallery-link\" data-rl_caption=\"Condominio La Malter\u00eda \/ Navarro Constructora + German Campagnolo\" data-rel=\"lightbox-gallery-1\"><img loading=\"lazy\" decoding=\"async\" width=\"150\" height=\"150\" src=\"https:\/\/www.arquimaster.com.ar\/web\/wp-content\/uploads\/2024\/11\/condominio_la_malteria_8-150x150.jpg\" class=\"attachment-thumbnail size-thumbnail\" alt=\"Condominio La Malter\u00eda \/ Navarro Constructora + German Campagnolo\" aria-describedby=\"gallery-1-82524\" \/><\/a>\n\t\t\t<\/div>\n\t\t\t\t<figcaption class='wp-caption-text gallery-caption' id='gallery-1-82524'>\n\t\t\t\tCondominio La Malter\u00eda \/ Navarro Constructora + German Campagnolo\n\t\t\t\t<\/figcaption><\/figure><figure class='gallery-item'>\n\t\t\t<div class='gallery-icon landscape'>\n\t\t\t\t<a href='https:\/\/www.arquimaster.com.ar\/web\/wp-content\/uploads\/2024\/11\/condominio_la_malteria_9.jpg' title=\"Condominio La Malter\u00eda \/ Navarro Constructora + German Campagnolo\" data-rl_title=\"Condominio La Malter\u00eda \/ Navarro Constructora + German Campagnolo\" class=\"rl-gallery-link\" data-rl_caption=\"Condominio La Malter\u00eda \/ Navarro Constructora + German Campagnolo\" data-rel=\"lightbox-gallery-1\"><img loading=\"lazy\" decoding=\"async\" width=\"150\" height=\"150\" src=\"https:\/\/www.arquimaster.com.ar\/web\/wp-content\/uploads\/2024\/11\/condominio_la_malteria_9-150x150.jpg\" class=\"attachment-thumbnail size-thumbnail\" alt=\"Condominio La Malter\u00eda \/ Navarro Constructora + German Campagnolo\" aria-describedby=\"gallery-1-82525\" \/><\/a>\n\t\t\t<\/div>\n\t\t\t\t<figcaption class='wp-caption-text gallery-caption' id='gallery-1-82525'>\n\t\t\t\tCondominio La Malter\u00eda \/ Navarro Constructora + German Campagnolo\n\t\t\t\t<\/figcaption><\/figure><figure class='gallery-item'>\n\t\t\t<div class='gallery-icon portrait'>\n\t\t\t\t<a href='https:\/\/www.arquimaster.com.ar\/web\/wp-content\/uploads\/2024\/11\/condominio_la_malteria_10.jpg' title=\"Condominio La Malter\u00eda \/ Navarro Constructora + German Campagnolo\" data-rl_title=\"Condominio La Malter\u00eda \/ Navarro Constructora + German Campagnolo\" class=\"rl-gallery-link\" data-rl_caption=\"Condominio La Malter\u00eda \/ Navarro Constructora + German Campagnolo\" data-rel=\"lightbox-gallery-1\"><img loading=\"lazy\" decoding=\"async\" width=\"150\" height=\"150\" src=\"https:\/\/www.arquimaster.com.ar\/web\/wp-content\/uploads\/2024\/11\/condominio_la_malteria_10-150x150.jpg\" class=\"attachment-thumbnail size-thumbnail\" alt=\"Condominio La Malter\u00eda \/ Navarro Constructora + German Campagnolo\" aria-describedby=\"gallery-1-82526\" \/><\/a>\n\t\t\t<\/div>\n\t\t\t\t<figcaption class='wp-caption-text gallery-caption' id='gallery-1-82526'>\n\t\t\t\tCondominio La Malter\u00eda \/ Navarro Constructora + German Campagnolo\n\t\t\t\t<\/figcaption><\/figure><figure class='gallery-item'>\n\t\t\t<div class='gallery-icon landscape'>\n\t\t\t\t<a href='https:\/\/www.arquimaster.com.ar\/web\/wp-content\/uploads\/2024\/11\/condominio_la_malteria_11.jpg' title=\"Condominio La Malter\u00eda \/ Navarro Constructora + German Campagnolo\" data-rl_title=\"Condominio La Malter\u00eda \/ Navarro Constructora + German Campagnolo\" class=\"rl-gallery-link\" data-rl_caption=\"Condominio La Malter\u00eda \/ Navarro Constructora + German Campagnolo\" data-rel=\"lightbox-gallery-1\"><img loading=\"lazy\" decoding=\"async\" width=\"150\" height=\"150\" src=\"https:\/\/www.arquimaster.com.ar\/web\/wp-content\/uploads\/2024\/11\/condominio_la_malteria_11-150x150.jpg\" class=\"attachment-thumbnail size-thumbnail\" alt=\"Condominio La Malter\u00eda \/ Navarro Constructora + German Campagnolo\" aria-describedby=\"gallery-1-82527\" \/><\/a>\n\t\t\t<\/div>\n\t\t\t\t<figcaption class='wp-caption-text gallery-caption' id='gallery-1-82527'>\n\t\t\t\tCondominio La Malter\u00eda \/ Navarro Constructora + German Campagnolo\n\t\t\t\t<\/figcaption><\/figure><figure class='gallery-item'>\n\t\t\t<div class='gallery-icon portrait'>\n\t\t\t\t<a href='https:\/\/www.arquimaster.com.ar\/web\/wp-content\/uploads\/2024\/11\/condominio_la_malteria_12.jpg' title=\"Condominio La Malter\u00eda \/ Navarro Constructora + German Campagnolo\" data-rl_title=\"Condominio La Malter\u00eda \/ Navarro Constructora + German Campagnolo\" class=\"rl-gallery-link\" data-rl_caption=\"Condominio La Malter\u00eda \/ Navarro Constructora + German Campagnolo\" data-rel=\"lightbox-gallery-1\"><img loading=\"lazy\" decoding=\"async\" width=\"150\" height=\"150\" src=\"https:\/\/www.arquimaster.com.ar\/web\/wp-content\/uploads\/2024\/11\/condominio_la_malteria_12-150x150.jpg\" class=\"attachment-thumbnail size-thumbnail\" alt=\"Condominio La Malter\u00eda \/ Navarro Constructora + German Campagnolo\" aria-describedby=\"gallery-1-82528\" \/><\/a>\n\t\t\t<\/div>\n\t\t\t\t<figcaption class='wp-caption-text gallery-caption' id='gallery-1-82528'>\n\t\t\t\tCondominio La Malter\u00eda \/ Navarro Constructora + German Campagnolo\n\t\t\t\t<\/figcaption><\/figure><figure class='gallery-item'>\n\t\t\t<div class='gallery-icon portrait'>\n\t\t\t\t<a href='https:\/\/www.arquimaster.com.ar\/web\/wp-content\/uploads\/2024\/11\/condominio_la_malteria_13.jpg' title=\"Condominio La Malter\u00eda \/ Navarro Constructora + German Campagnolo\" data-rl_title=\"Condominio La Malter\u00eda \/ Navarro Constructora + German Campagnolo\" class=\"rl-gallery-link\" data-rl_caption=\"Condominio La Malter\u00eda \/ Navarro Constructora + German Campagnolo\" data-rel=\"lightbox-gallery-1\"><img loading=\"lazy\" decoding=\"async\" width=\"150\" height=\"150\" src=\"https:\/\/www.arquimaster.com.ar\/web\/wp-content\/uploads\/2024\/11\/condominio_la_malteria_13-150x150.jpg\" class=\"attachment-thumbnail size-thumbnail\" alt=\"Condominio La Malter\u00eda \/ Navarro Constructora + German Campagnolo\" aria-describedby=\"gallery-1-82529\" \/><\/a>\n\t\t\t<\/div>\n\t\t\t\t<figcaption class='wp-caption-text gallery-caption' id='gallery-1-82529'>\n\t\t\t\tCondominio La Malter\u00eda \/ Navarro Constructora + German Campagnolo\n\t\t\t\t<\/figcaption><\/figure><figure class='gallery-item'>\n\t\t\t<div class='gallery-icon landscape'>\n\t\t\t\t<a href='https:\/\/www.arquimaster.com.ar\/web\/wp-content\/uploads\/2024\/11\/condominio_la_malteria_14.jpg' title=\"Condominio La Malter\u00eda \/ Navarro Constructora + German Campagnolo\" data-rl_title=\"Condominio La Malter\u00eda \/ Navarro Constructora + German Campagnolo\" class=\"rl-gallery-link\" data-rl_caption=\"Condominio La Malter\u00eda \/ Navarro Constructora + German Campagnolo\" data-rel=\"lightbox-gallery-1\"><img loading=\"lazy\" decoding=\"async\" width=\"150\" height=\"150\" src=\"https:\/\/www.arquimaster.com.ar\/web\/wp-content\/uploads\/2024\/11\/condominio_la_malteria_14-150x150.jpg\" class=\"attachment-thumbnail size-thumbnail\" alt=\"Condominio La Malter\u00eda \/ Navarro Constructora + German Campagnolo\" aria-describedby=\"gallery-1-82530\" srcset=\"https:\/\/www.arquimaster.com.ar\/web\/wp-content\/uploads\/2024\/11\/condominio_la_malteria_14-150x150.jpg 150w, https:\/\/www.arquimaster.com.ar\/web\/wp-content\/uploads\/2024\/11\/condominio_la_malteria_14-768x768.jpg 768w, https:\/\/www.arquimaster.com.ar\/web\/wp-content\/uploads\/2024\/11\/condominio_la_malteria_14-1536x1536.jpg 1536w, https:\/\/www.arquimaster.com.ar\/web\/wp-content\/uploads\/2024\/11\/condominio_la_malteria_14.jpg 2000w\" sizes=\"auto, (max-width: 150px) 100vw, 150px\" \/><\/a>\n\t\t\t<\/div>\n\t\t\t\t<figcaption class='wp-caption-text gallery-caption' id='gallery-1-82530'>\n\t\t\t\tCondominio La Malter\u00eda \/ Navarro Constructora + German Campagnolo\n\t\t\t\t<\/figcaption><\/figure><figure class='gallery-item'>\n\t\t\t<div class='gallery-icon landscape'>\n\t\t\t\t<a href='https:\/\/www.arquimaster.com.ar\/web\/wp-content\/uploads\/2024\/11\/condominio_la_malteria_15.jpg' title=\"Condominio La Malter\u00eda \/ Navarro Constructora + German Campagnolo\" data-rl_title=\"Condominio La Malter\u00eda \/ Navarro Constructora + German Campagnolo\" class=\"rl-gallery-link\" data-rl_caption=\"Condominio La Malter\u00eda \/ Navarro Constructora + German Campagnolo\" data-rel=\"lightbox-gallery-1\"><img loading=\"lazy\" decoding=\"async\" width=\"150\" height=\"150\" src=\"https:\/\/www.arquimaster.com.ar\/web\/wp-content\/uploads\/2024\/11\/condominio_la_malteria_15-150x150.jpg\" class=\"attachment-thumbnail size-thumbnail\" alt=\"Condominio La Malter\u00eda \/ Navarro Constructora + German Campagnolo\" aria-describedby=\"gallery-1-82531\" \/><\/a>\n\t\t\t<\/div>\n\t\t\t\t<figcaption class='wp-caption-text gallery-caption' id='gallery-1-82531'>\n\t\t\t\tCondominio La Malter\u00eda \/ Navarro Constructora + German Campagnolo\n\t\t\t\t<\/figcaption><\/figure><figure class='gallery-item'>\n\t\t\t<div class='gallery-icon landscape'>\n\t\t\t\t<a href='https:\/\/www.arquimaster.com.ar\/web\/wp-content\/uploads\/2024\/11\/condominio_la_malteria_16.jpg' title=\"Condominio La Malter\u00eda \/ Navarro Constructora + German Campagnolo\" data-rl_title=\"Condominio La Malter\u00eda \/ Navarro Constructora + German Campagnolo\" class=\"rl-gallery-link\" data-rl_caption=\"Condominio La Malter\u00eda \/ Navarro Constructora + German Campagnolo\" data-rel=\"lightbox-gallery-1\"><img loading=\"lazy\" decoding=\"async\" width=\"150\" height=\"150\" src=\"https:\/\/www.arquimaster.com.ar\/web\/wp-content\/uploads\/2024\/11\/condominio_la_malteria_16-150x150.jpg\" class=\"attachment-thumbnail size-thumbnail\" alt=\"Condominio La Malter\u00eda \/ Navarro Constructora + German Campagnolo\" aria-describedby=\"gallery-1-82532\" \/><\/a>\n\t\t\t<\/div>\n\t\t\t\t<figcaption class='wp-caption-text gallery-caption' id='gallery-1-82532'>\n\t\t\t\tCondominio La Malter\u00eda \/ Navarro Constructora + German Campagnolo\n\t\t\t\t<\/figcaption><\/figure><figure class='gallery-item'>\n\t\t\t<div class='gallery-icon landscape'>\n\t\t\t\t<a href='https:\/\/www.arquimaster.com.ar\/web\/wp-content\/uploads\/2024\/11\/condominio_la_malteria_17.jpg' title=\"Condominio La Malter\u00eda \/ Navarro Constructora + German Campagnolo\" data-rl_title=\"Condominio La Malter\u00eda \/ Navarro Constructora + German Campagnolo\" class=\"rl-gallery-link\" data-rl_caption=\"Condominio La Malter\u00eda \/ Navarro Constructora + German Campagnolo\" data-rel=\"lightbox-gallery-1\"><img loading=\"lazy\" decoding=\"async\" width=\"150\" height=\"150\" src=\"https:\/\/www.arquimaster.com.ar\/web\/wp-content\/uploads\/2024\/11\/condominio_la_malteria_17-150x150.jpg\" class=\"attachment-thumbnail size-thumbnail\" alt=\"Condominio La Malter\u00eda \/ Navarro Constructora + German Campagnolo\" aria-describedby=\"gallery-1-82533\" \/><\/a>\n\t\t\t<\/div>\n\t\t\t\t<figcaption class='wp-caption-text gallery-caption' id='gallery-1-82533'>\n\t\t\t\tCondominio La Malter\u00eda \/ Navarro Constructora + German Campagnolo\n\t\t\t\t<\/figcaption><\/figure><figure class='gallery-item'>\n\t\t\t<div class='gallery-icon landscape'>\n\t\t\t\t<a href='https:\/\/www.arquimaster.com.ar\/web\/wp-content\/uploads\/2024\/11\/condominio_la_malteria_18.jpg' title=\"Condominio La Malter\u00eda \/ Navarro Constructora + German Campagnolo\" data-rl_title=\"Condominio La Malter\u00eda \/ Navarro Constructora + German Campagnolo\" class=\"rl-gallery-link\" data-rl_caption=\"Condominio La Malter\u00eda \/ Navarro Constructora + German Campagnolo\" data-rel=\"lightbox-gallery-1\"><img loading=\"lazy\" decoding=\"async\" width=\"150\" height=\"150\" src=\"https:\/\/www.arquimaster.com.ar\/web\/wp-content\/uploads\/2024\/11\/condominio_la_malteria_18-150x150.jpg\" class=\"attachment-thumbnail size-thumbnail\" alt=\"Condominio La Malter\u00eda \/ Navarro Constructora + German Campagnolo\" aria-describedby=\"gallery-1-82534\" \/><\/a>\n\t\t\t<\/div>\n\t\t\t\t<figcaption class='wp-caption-text gallery-caption' id='gallery-1-82534'>\n\t\t\t\tCondominio La Malter\u00eda \/ Navarro Constructora + German Campagnolo\n\t\t\t\t<\/figcaption><\/figure><figure class='gallery-item'>\n\t\t\t<div class='gallery-icon landscape'>\n\t\t\t\t<a href='https:\/\/www.arquimaster.com.ar\/web\/wp-content\/uploads\/2024\/11\/condominio_la_malteria_19.jpg' title=\"Condominio La Malter\u00eda \/ Navarro Constructora + German Campagnolo\" data-rl_title=\"Condominio La Malter\u00eda \/ Navarro Constructora + German Campagnolo\" class=\"rl-gallery-link\" data-rl_caption=\"Condominio La Malter\u00eda \/ Navarro Constructora + German Campagnolo\" data-rel=\"lightbox-gallery-1\"><img loading=\"lazy\" decoding=\"async\" width=\"150\" height=\"150\" src=\"https:\/\/www.arquimaster.com.ar\/web\/wp-content\/uploads\/2024\/11\/condominio_la_malteria_19-150x150.jpg\" class=\"attachment-thumbnail size-thumbnail\" alt=\"Condominio La Malter\u00eda \/ Navarro Constructora + German Campagnolo\" aria-describedby=\"gallery-1-82535\" \/><\/a>\n\t\t\t<\/div>\n\t\t\t\t<figcaption class='wp-caption-text gallery-caption' id='gallery-1-82535'>\n\t\t\t\tCondominio La Malter\u00eda \/ Navarro Constructora + German Campagnolo\n\t\t\t\t<\/figcaption><\/figure><figure class='gallery-item'>\n\t\t\t<div class='gallery-icon landscape'>\n\t\t\t\t<a href='https:\/\/www.arquimaster.com.ar\/web\/wp-content\/uploads\/2024\/11\/condominio_la_malteria_20.jpg' title=\"Condominio La Malter\u00eda \/ Navarro Constructora + German Campagnolo\" data-rl_title=\"Condominio La Malter\u00eda \/ Navarro Constructora + German Campagnolo\" class=\"rl-gallery-link\" data-rl_caption=\"Condominio La Malter\u00eda \/ Navarro Constructora + German Campagnolo\" data-rel=\"lightbox-gallery-1\"><img loading=\"lazy\" decoding=\"async\" width=\"150\" height=\"150\" src=\"https:\/\/www.arquimaster.com.ar\/web\/wp-content\/uploads\/2024\/11\/condominio_la_malteria_20-150x150.jpg\" class=\"attachment-thumbnail size-thumbnail\" alt=\"Condominio La Malter\u00eda \/ Navarro Constructora + German Campagnolo\" aria-describedby=\"gallery-1-82536\" \/><\/a>\n\t\t\t<\/div>\n\t\t\t\t<figcaption class='wp-caption-text gallery-caption' id='gallery-1-82536'>\n\t\t\t\tCondominio La Malter\u00eda \/ Navarro Constructora + German Campagnolo\n\t\t\t\t<\/figcaption><\/figure><figure class='gallery-item'>\n\t\t\t<div class='gallery-icon portrait'>\n\t\t\t\t<a href='https:\/\/www.arquimaster.com.ar\/web\/wp-content\/uploads\/2024\/11\/condominio_la_malteria_21.jpg' title=\"Condominio La Malter\u00eda \/ Navarro Constructora + German Campagnolo (avance de obra)\" data-rl_title=\"Condominio La Malter\u00eda \/ Navarro Constructora + German Campagnolo (avance de obra)\" class=\"rl-gallery-link\" data-rl_caption=\"Condominio La Malter\u00eda \/ Navarro Constructora + German Campagnolo (avance de obra)\" data-rel=\"lightbox-gallery-1\"><img loading=\"lazy\" decoding=\"async\" width=\"150\" height=\"150\" src=\"https:\/\/www.arquimaster.com.ar\/web\/wp-content\/uploads\/2024\/11\/condominio_la_malteria_21-150x150.jpg\" class=\"attachment-thumbnail size-thumbnail\" alt=\"Condominio La Malter\u00eda \/ Navarro Constructora + German Campagnolo\" aria-describedby=\"gallery-1-82537\" \/><\/a>\n\t\t\t<\/div>\n\t\t\t\t<figcaption class='wp-caption-text gallery-caption' id='gallery-1-82537'>\n\t\t\t\tCondominio La Malter\u00eda \/ Navarro Constructora + German Campagnolo (avance de obra)\n\t\t\t\t<\/figcaption><\/figure><figure class='gallery-item'>\n\t\t\t<div class='gallery-icon landscape'>\n\t\t\t\t<a href='https:\/\/www.arquimaster.com.ar\/web\/wp-content\/uploads\/2024\/11\/condominio_la_malteria_22.jpg' title=\"Condominio La Malter\u00eda \/ Navarro Constructora + German Campagnolo (avance de obra)\" data-rl_title=\"Condominio La Malter\u00eda \/ Navarro Constructora + German Campagnolo (avance de obra)\" class=\"rl-gallery-link\" data-rl_caption=\"Condominio La Malter\u00eda \/ Navarro Constructora + German Campagnolo (avance de obra)\" data-rel=\"lightbox-gallery-1\"><img loading=\"lazy\" decoding=\"async\" width=\"150\" height=\"150\" src=\"https:\/\/www.arquimaster.com.ar\/web\/wp-content\/uploads\/2024\/11\/condominio_la_malteria_22-150x150.jpg\" class=\"attachment-thumbnail size-thumbnail\" alt=\"Condominio La Malter\u00eda \/ Navarro Constructora + German Campagnolo\" aria-describedby=\"gallery-1-82538\" \/><\/a>\n\t\t\t<\/div>\n\t\t\t\t<figcaption class='wp-caption-text gallery-caption' id='gallery-1-82538'>\n\t\t\t\tCondominio La Malter\u00eda \/ Navarro Constructora + German Campagnolo (avance de obra)\n\t\t\t\t<\/figcaption><\/figure><figure class='gallery-item'>\n\t\t\t<div class='gallery-icon portrait'>\n\t\t\t\t<a href='https:\/\/www.arquimaster.com.ar\/web\/wp-content\/uploads\/2024\/11\/condominio_la_malteria_23.jpg' title=\"Condominio La Malter\u00eda \/ Navarro Constructora + German Campagnolo (avance de obra)\" data-rl_title=\"Condominio La Malter\u00eda \/ Navarro Constructora + German Campagnolo (avance de obra)\" class=\"rl-gallery-link\" data-rl_caption=\"Condominio La Malter\u00eda \/ Navarro Constructora + German Campagnolo (avance de obra)\" data-rel=\"lightbox-gallery-1\"><img loading=\"lazy\" decoding=\"async\" width=\"150\" height=\"150\" src=\"https:\/\/www.arquimaster.com.ar\/web\/wp-content\/uploads\/2024\/11\/condominio_la_malteria_23-150x150.jpg\" class=\"attachment-thumbnail size-thumbnail\" alt=\"Condominio La Malter\u00eda \/ Navarro Constructora + German Campagnolo\" aria-describedby=\"gallery-1-82539\" \/><\/a>\n\t\t\t<\/div>\n\t\t\t\t<figcaption class='wp-caption-text gallery-caption' id='gallery-1-82539'>\n\t\t\t\tCondominio La Malter\u00eda \/ Navarro Constructora + German Campagnolo (avance de obra)\n\t\t\t\t<\/figcaption><\/figure><figure class='gallery-item'>\n\t\t\t<div class='gallery-icon portrait'>\n\t\t\t\t<a href='https:\/\/www.arquimaster.com.ar\/web\/wp-content\/uploads\/2024\/11\/condominio_la_malteria_24.jpg' title=\"Condominio La Malter\u00eda \/ Navarro Constructora + German Campagnolo (avance de obra)\" data-rl_title=\"Condominio La Malter\u00eda \/ Navarro Constructora + German Campagnolo (avance de obra)\" class=\"rl-gallery-link\" data-rl_caption=\"Condominio La Malter\u00eda \/ Navarro Constructora + German Campagnolo (avance de obra)\" data-rel=\"lightbox-gallery-1\"><img loading=\"lazy\" decoding=\"async\" width=\"150\" height=\"150\" src=\"https:\/\/www.arquimaster.com.ar\/web\/wp-content\/uploads\/2024\/11\/condominio_la_malteria_24-150x150.jpg\" class=\"attachment-thumbnail size-thumbnail\" alt=\"Condominio La Malter\u00eda \/ Navarro Constructora + German Campagnolo\" aria-describedby=\"gallery-1-82540\" \/><\/a>\n\t\t\t<\/div>\n\t\t\t\t<figcaption class='wp-caption-text gallery-caption' id='gallery-1-82540'>\n\t\t\t\tCondominio La Malter\u00eda \/ Navarro Constructora + German Campagnolo (avance de obra)\n\t\t\t\t<\/figcaption><\/figure><figure class='gallery-item'>\n\t\t\t<div class='gallery-icon portrait'>\n\t\t\t\t<a href='https:\/\/www.arquimaster.com.ar\/web\/wp-content\/uploads\/2024\/11\/condominio_la_malteria_25.jpg' title=\"Condominio La Malter\u00eda \/ Navarro Constructora + German Campagnolo (avance de obra)\" data-rl_title=\"Condominio La Malter\u00eda \/ Navarro Constructora + German Campagnolo (avance de obra)\" class=\"rl-gallery-link\" data-rl_caption=\"Condominio La Malter\u00eda \/ Navarro Constructora + German Campagnolo (avance de obra)\" data-rel=\"lightbox-gallery-1\"><img loading=\"lazy\" decoding=\"async\" width=\"150\" height=\"150\" src=\"https:\/\/www.arquimaster.com.ar\/web\/wp-content\/uploads\/2024\/11\/condominio_la_malteria_25-150x150.jpg\" class=\"attachment-thumbnail size-thumbnail\" alt=\"Condominio La Malter\u00eda \/ Navarro Constructora + German Campagnolo\" aria-describedby=\"gallery-1-82541\" \/><\/a>\n\t\t\t<\/div>\n\t\t\t\t<figcaption class='wp-caption-text gallery-caption' id='gallery-1-82541'>\n\t\t\t\tCondominio La Malter\u00eda \/ Navarro Constructora + German Campagnolo (avance de obra)\n\t\t\t\t<\/figcaption><\/figure><figure class='gallery-item'>\n\t\t\t<div class='gallery-icon portrait'>\n\t\t\t\t<a href='https:\/\/www.arquimaster.com.ar\/web\/wp-content\/uploads\/2024\/11\/condominio_la_malteria_26.jpg' title=\"Condominio La Malter\u00eda \/ Navarro Constructora + German Campagnolo (avance de obra)\" data-rl_title=\"Condominio La Malter\u00eda \/ Navarro Constructora + German Campagnolo (avance de obra)\" class=\"rl-gallery-link\" data-rl_caption=\"Condominio La Malter\u00eda \/ Navarro Constructora + German Campagnolo (avance de obra)\" data-rel=\"lightbox-gallery-1\"><img loading=\"lazy\" decoding=\"async\" width=\"150\" height=\"150\" src=\"https:\/\/www.arquimaster.com.ar\/web\/wp-content\/uploads\/2024\/11\/condominio_la_malteria_26-150x150.jpg\" class=\"attachment-thumbnail size-thumbnail\" alt=\"Condominio La Malter\u00eda \/ Navarro Constructora + German Campagnolo\" aria-describedby=\"gallery-1-82542\" \/><\/a>\n\t\t\t<\/div>\n\t\t\t\t<figcaption class='wp-caption-text gallery-caption' id='gallery-1-82542'>\n\t\t\t\tCondominio La Malter\u00eda \/ Navarro Constructora + German Campagnolo (avance de obra)\n\t\t\t\t<\/figcaption><\/figure><figure class='gallery-item'>\n\t\t\t<div class='gallery-icon landscape'>\n\t\t\t\t<a href='https:\/\/www.arquimaster.com.ar\/web\/wp-content\/uploads\/2024\/11\/condominio_la_malteria_27.jpg' title=\"Condominio La Malter\u00eda \/ Navarro Constructora + German Campagnolo (avance de obra)\" data-rl_title=\"Condominio La Malter\u00eda \/ Navarro Constructora + German Campagnolo (avance de obra)\" class=\"rl-gallery-link\" data-rl_caption=\"Condominio La Malter\u00eda \/ Navarro Constructora + German Campagnolo (avance de obra)\" data-rel=\"lightbox-gallery-1\"><img loading=\"lazy\" decoding=\"async\" width=\"150\" height=\"150\" src=\"https:\/\/www.arquimaster.com.ar\/web\/wp-content\/uploads\/2024\/11\/condominio_la_malteria_27-150x150.jpg\" class=\"attachment-thumbnail size-thumbnail\" alt=\"Condominio La Malter\u00eda \/ Navarro Constructora + German Campagnolo\" aria-describedby=\"gallery-1-82543\" \/><\/a>\n\t\t\t<\/div>\n\t\t\t\t<figcaption class='wp-caption-text gallery-caption' id='gallery-1-82543'>\n\t\t\t\tCondominio La Malter\u00eda \/ Navarro Constructora + German Campagnolo (avance de obra)\n\t\t\t\t<\/figcaption><\/figure><figure class='gallery-item'>\n\t\t\t<div class='gallery-icon landscape'>\n\t\t\t\t<a href='https:\/\/www.arquimaster.com.ar\/web\/wp-content\/uploads\/2024\/11\/condominio_la_malteria_28.jpg' title=\"Condominio La Malter\u00eda \/ Navarro Constructora + German Campagnolo (avance de obra)\" data-rl_title=\"Condominio La Malter\u00eda \/ Navarro Constructora + German Campagnolo (avance de obra)\" class=\"rl-gallery-link\" data-rl_caption=\"Condominio La Malter\u00eda \/ Navarro Constructora + German Campagnolo (avance de obra)\" data-rel=\"lightbox-gallery-1\"><img loading=\"lazy\" decoding=\"async\" width=\"150\" height=\"150\" src=\"https:\/\/www.arquimaster.com.ar\/web\/wp-content\/uploads\/2024\/11\/condominio_la_malteria_28-150x150.jpg\" class=\"attachment-thumbnail size-thumbnail\" alt=\"Condominio La Malter\u00eda \/ Navarro Constructora + German Campagnolo\" aria-describedby=\"gallery-1-82544\" \/><\/a>\n\t\t\t<\/div>\n\t\t\t\t<figcaption class='wp-caption-text gallery-caption' id='gallery-1-82544'>\n\t\t\t\tCondominio La Malter\u00eda \/ Navarro Constructora + German Campagnolo (avance de obra)\n\t\t\t\t<\/figcaption><\/figure><figure class='gallery-item'>\n\t\t\t<div class='gallery-icon portrait'>\n\t\t\t\t<a href='https:\/\/www.arquimaster.com.ar\/web\/wp-content\/uploads\/2024\/11\/condominio_la_malteria_29.jpg' title=\"Condominio La Malter\u00eda \/ Navarro Constructora + German Campagnolo (avance de obra)\" data-rl_title=\"Condominio La Malter\u00eda \/ Navarro Constructora + German Campagnolo (avance de obra)\" class=\"rl-gallery-link\" data-rl_caption=\"Condominio La Malter\u00eda \/ Navarro Constructora + German Campagnolo (avance de obra)\" data-rel=\"lightbox-gallery-1\"><img loading=\"lazy\" decoding=\"async\" width=\"150\" height=\"150\" src=\"https:\/\/www.arquimaster.com.ar\/web\/wp-content\/uploads\/2024\/11\/condominio_la_malteria_29-150x150.jpg\" class=\"attachment-thumbnail size-thumbnail\" alt=\"Condominio La Malter\u00eda \/ Navarro Constructora + German Campagnolo\" aria-describedby=\"gallery-1-82545\" \/><\/a>\n\t\t\t<\/div>\n\t\t\t\t<figcaption class='wp-caption-text gallery-caption' id='gallery-1-82545'>\n\t\t\t\tCondominio La Malter\u00eda \/ Navarro Constructora + German Campagnolo (avance de obra)\n\t\t\t\t<\/figcaption><\/figure><figure class='gallery-item'>\n\t\t\t<div class='gallery-icon portrait'>\n\t\t\t\t<a href='https:\/\/www.arquimaster.com.ar\/web\/wp-content\/uploads\/2024\/11\/condominio_la_malteria_30.jpg' title=\"Condominio La Malter\u00eda \/ Navarro Constructora + German Campagnolo (avance de obra)\" data-rl_title=\"Condominio La Malter\u00eda \/ Navarro Constructora + German Campagnolo (avance de obra)\" class=\"rl-gallery-link\" data-rl_caption=\"Condominio La Malter\u00eda \/ Navarro Constructora + German Campagnolo (avance de obra)\" data-rel=\"lightbox-gallery-1\"><img loading=\"lazy\" decoding=\"async\" width=\"150\" height=\"150\" src=\"https:\/\/www.arquimaster.com.ar\/web\/wp-content\/uploads\/2024\/11\/condominio_la_malteria_30-150x150.jpg\" class=\"attachment-thumbnail size-thumbnail\" alt=\"Condominio La Malter\u00eda \/ Navarro Constructora + German Campagnolo\" aria-describedby=\"gallery-1-82546\" \/><\/a>\n\t\t\t<\/div>\n\t\t\t\t<figcaption class='wp-caption-text gallery-caption' id='gallery-1-82546'>\n\t\t\t\tCondominio La Malter\u00eda \/ Navarro Constructora + German Campagnolo (avance de obra)\n\t\t\t\t<\/figcaption><\/figure>\n\t\t<\/div>\n\n<p>El predio contaba como \u00fanica construcci\u00f3n con 3 galpones apareados sobre una calle lateral, dejando libre una porci\u00f3n de unos 8.000 m2 los cuales tienen frente a dos calles. Por un lado deb\u00edamos dar respuesta a la Avenida Elizondo muy transitada con presencia de comercios y con poca circulaci\u00f3n peatonal y por otro a la calle Alem, la cual tiene poca circulaci\u00f3n y prevalencia de viviendas unifamiliares.<\/p>\n<p>Para responder a estos 3 frentes se genero un edificio del tipo placa que serpentea por el lote comenzando en calle Alem con viviendas y terminando en Avenida Elizondo con un frente comercial, en su recorrido por el predio el edificio se va quebrando, dando lugar en planta baja a patios internos y cocheras y en altura brinda visuales largas a todas las unidades.<\/p>\n<p>Respecto a la posici\u00f3n en el predio, la placa recorre por un lateral quedando lindera al galp\u00f3n existente, esto da la posibilidad de generar un acceso vehicular de doble circulaci\u00f3n con un boulevard central, dejando libre una gran \u00e1rea del predio pensando a futuro en una posible segunda etapa donde aparezca una placa de similares caracter\u00edsticas de lado opuesto.<\/p>\n<p>Respecto al programa, se solicitaron 62 departamentos, los cuales se distribuyen en unidades de 1 y 2 dormitorios con 45 y 60 m2. As\u00ed mismo cuenta con 35 cocheras, gimnasio, circuito aer\u00f3bico y parrillas en azoteas. La segunda etapa sumar\u00e1 60 departamentos, pileta de nataci\u00f3n, oficinas, sala de primeros auxilios y SUM.<\/p>\n\n\n<div style=\"height:20px\" aria-hidden=\"true\" class=\"wp-block-spacer\"><\/div>\n\n\n\n<p class=\"has-background\" style=\"background-color:#eaeaea\"><strong>Ficha t\u00e9cnica<\/strong><br>Nombre: Condominio La Malter\u00eda<br>Ubicaci\u00f3n: Bragado, Prov. de Buenos Aires, Argentina<br>Oficina de arquitectura: Navarro Constructora SRL<br>Arquitecto a cargo: German Rafael Campagnolo<br>Programa: Edificio de vivienda multifamiliar, 62 unidades funcionales + gimnasio, cocheras y locales comerciales<br>Superficie construida: 5500 m2<br>A\u00f1o finalizaci\u00f3n construcci\u00f3n: 2026<br>Fotograf\u00eda: Eduardo Navarro, Celeste Silva @droneargentina.ph<br>Instagram: @navarroconstructora<br>Sitio web: https:\/\/www.lamalteria.com.ar<\/p>\n\n\n\n<div style=\"height:40px\" aria-hidden=\"true\" class=\"wp-block-spacer\"><\/div>\n\n\n<p><strong><em>English version<\/em><\/strong><\/p>\n<p><em>The Condominio La Malteria project was born in response to a private proposal to develop a residential complex in an iconic location of the city. For many years, this site housed the Malter\u00eda Quilmes, a large complex occupying a 12,000 m2 plot where the company manufactured and packaged its products. After its complete closure, the site was forgotten for decades until it was acquired by Juan Jose Natero, who decided to breathe new life into it by incorporating housing and commercial spaces.<\/em><\/p>\n<p><em>Initially, the site consisted of three adjacent warehouses along a side street, leaving a portion of about 8,000 m2 facing two streets. One side needed to address the bustling Elizondo Avenue, with its commercial presence but limited pedestrian traffic, while the other side faced Alem Street, which had less traffic but predominantly single-family homes.<\/em><\/p>\n<p><em>To address these aspects, a slab-type building was designed to meander across the site, starting on Alem Street with residential units and ending on Elizondo Avenue with a commercial frontage. Along its path, the building breaks, creating internal courtyards and parking spaces on the ground floor, while offering expansive views from all units on higher levels.<\/em><\/p>\n<p><em>In terms of positioning on the site, the slab runs alongside the existing warehouse, allowing for a double circulation vehicular access with a central boulevard, while leaving a significant portion of the site free for a potential second phase, where a similar slab could be built on the opposite side.<\/em><\/p>\n<p><em>As for the program, 62 apartments were planned, ranging from 1 to 2 bedrooms with sizes of 45 and 60 m2 respectively. Additionally, there are 35 parking spaces, a gym, an aerobic circuit, and rooftop grills. The second phase will add 60 more apartments, a swimming pool, offices, a first aid room, and a multipurpose hall (SUM).<\/em><\/p>\n<div style=\"font-size: 0px; height: 0px; line-height: 0px; margin: 0; padding: 0; clear: both;\"><\/div><div style=\"margin-top: 0px; margin-bottom: 0px;\" class=\"sharethis-inline-share-buttons\" ><\/div>","protected":false},"excerpt":{"rendered":"<p>Complejo de viviendas en un predio donde funcionaba una antigua malter\u00eda&#8230;<\/p>\n","protected":false},"author":1,"featured_media":82516,"comment_status":"closed","ping_status":"closed","sticky":false,"template":"","format":"standard","meta":{"_uag_custom_page_level_css":"","footnotes":""},"categories":[80,1],"tags":[4282,8089,16,87,5838,8088,91],"class_list":["post-82515","post","type-post","status-publish","format-standard","has-post-thumbnail","hentry","category-edificio-viviendas","category-proyecto","tag-arquitectura-residencial","tag-bragado","tag-buenos-aires","tag-edificio-de-viviendas","tag-german-campagnolo","tag-navarro-constructora","tag-vivienda-multifamiliar","generate-columns","tablet-grid-50","mobile-grid-100","grid-parent","grid-50"],"yoast_head":"<!-- This site is optimized with the Yoast SEO plugin v27.3 - https:\/\/yoast.com\/product\/yoast-seo-wordpress\/ -->\n<title>Condominio La Malter\u00eda \/ Navarro Constructora + German Campagnolo - Arquimaster<\/title>\n<meta name=\"description\" content=\"Propuesta privada de conformar un complejo de viviendas en un lugar ic\u00f3nico de la ciudad, en el cual antiguamente funcionaba una malter\u00eda.\" \/>\n<meta name=\"robots\" content=\"index, follow, max-snippet:-1, max-image-preview:large, max-video-preview:-1\" \/>\n<link rel=\"canonical\" href=\"https:\/\/www.arquimaster.com.ar\/web\/condominio-la-malteria-navarro-constructora-german-campagnolo\/\" \/>\n<meta property=\"og:locale\" content=\"es_ES\" \/>\n<meta property=\"og:type\" content=\"article\" \/>\n<meta property=\"og:title\" content=\"Condominio La Malter\u00eda \/ Navarro Constructora + German Campagnolo\" \/>\n<meta property=\"og:description\" content=\"Propuesta privada de conformar un complejo de viviendas en un lugar ic\u00f3nico de la ciudad, en el cual antiguamente funcionaba una malter\u00eda.\" \/>\n<meta property=\"og:url\" content=\"https:\/\/www.arquimaster.com.ar\/web\/condominio-la-malteria-navarro-constructora-german-campagnolo\/\" \/>\n<meta property=\"og:site_name\" content=\"Arquimaster\" \/>\n<meta property=\"article:publisher\" content=\"http:\/\/www.facebook.com\/ARQUIMASTER.com.ar\" \/>\n<meta property=\"article:published_time\" content=\"2024-11-14T01:52:25+00:00\" \/>\n<meta property=\"article:modified_time\" content=\"2025-07-23T22:48:08+00:00\" \/>\n<meta property=\"og:image\" content=\"https:\/\/www.arquimaster.com.ar\/web\/wp-content\/uploads\/2024\/11\/condominio_la_malteria_slide.jpg\" \/>\n\t<meta property=\"og:image:width\" content=\"698\" \/>\n\t<meta property=\"og:image:height\" content=\"364\" \/>\n\t<meta property=\"og:image:type\" content=\"image\/jpeg\" \/>\n<meta name=\"author\" content=\"Arquimaster\" \/>\n<meta name=\"twitter:card\" content=\"summary_large_image\" \/>\n<meta name=\"twitter:title\" content=\"Condominio La Malter\u00eda \/ Navarro Constructora + German Campagnolo\" \/>\n<meta name=\"twitter:description\" content=\"Propuesta privada de conformar un complejo de viviendas en un lugar ic\u00f3nico de la ciudad, en el cual antiguamente funcionaba una malter\u00eda.\" \/>\n<meta name=\"twitter:image\" content=\"https:\/\/www.arquimaster.com.ar\/web\/wp-content\/uploads\/2024\/11\/condominio_la_malteria_slide.jpg\" \/>\n<meta name=\"twitter:creator\" content=\"@arquimaster\" \/>\n<meta name=\"twitter:site\" content=\"@arquimaster\" \/>\n<meta name=\"twitter:label1\" content=\"Escrito por\" \/>\n\t<meta name=\"twitter:data1\" content=\"Arquimaster\" \/>\n\t<meta name=\"twitter:label2\" content=\"Tiempo de lectura\" \/>\n\t<meta name=\"twitter:data2\" content=\"4 minutos\" \/>\n<script type=\"application\/ld+json\" class=\"yoast-schema-graph\">{\"@context\":\"https:\\\/\\\/schema.org\",\"@graph\":[{\"@type\":\"Article\",\"@id\":\"https:\\\/\\\/www.arquimaster.com.ar\\\/web\\\/condominio-la-malteria-navarro-constructora-german-campagnolo\\\/#article\",\"isPartOf\":{\"@id\":\"https:\\\/\\\/www.arquimaster.com.ar\\\/web\\\/condominio-la-malteria-navarro-constructora-german-campagnolo\\\/\"},\"author\":{\"name\":\"Arquimaster\",\"@id\":\"https:\\\/\\\/www.arquimaster.com.ar\\\/web\\\/#\\\/schema\\\/person\\\/359e9f7c00193fcde068e0dd2ceb0028\"},\"headline\":\"Condominio La Malter\u00eda \\\/ Navarro Constructora + German Campagnolo\",\"datePublished\":\"2024-11-14T01:52:25+00:00\",\"dateModified\":\"2025-07-23T22:48:08+00:00\",\"mainEntityOfPage\":{\"@id\":\"https:\\\/\\\/www.arquimaster.com.ar\\\/web\\\/condominio-la-malteria-navarro-constructora-german-campagnolo\\\/\"},\"wordCount\":712,\"publisher\":{\"@id\":\"https:\\\/\\\/www.arquimaster.com.ar\\\/web\\\/#organization\"},\"image\":{\"@id\":\"https:\\\/\\\/www.arquimaster.com.ar\\\/web\\\/condominio-la-malteria-navarro-constructora-german-campagnolo\\\/#primaryimage\"},\"thumbnailUrl\":\"https:\\\/\\\/www.arquimaster.com.ar\\\/web\\\/wp-content\\\/uploads\\\/2024\\\/11\\\/condominio_la_malteria_slide.jpg\",\"keywords\":[\"arquitectura residencial\",\"Bragado\",\"Buenos Aires\",\"edificio de viviendas\",\"German Campagnolo\",\"Navarro Constructora\",\"vivienda multifamiliar\"],\"articleSection\":[\"Edificios de viviendas\",\"Proyecto\"],\"inLanguage\":\"es\"},{\"@type\":\"WebPage\",\"@id\":\"https:\\\/\\\/www.arquimaster.com.ar\\\/web\\\/condominio-la-malteria-navarro-constructora-german-campagnolo\\\/\",\"url\":\"https:\\\/\\\/www.arquimaster.com.ar\\\/web\\\/condominio-la-malteria-navarro-constructora-german-campagnolo\\\/\",\"name\":\"Condominio La Malter\u00eda \\\/ Navarro Constructora + German Campagnolo - Arquimaster\",\"isPartOf\":{\"@id\":\"https:\\\/\\\/www.arquimaster.com.ar\\\/web\\\/#website\"},\"primaryImageOfPage\":{\"@id\":\"https:\\\/\\\/www.arquimaster.com.ar\\\/web\\\/condominio-la-malteria-navarro-constructora-german-campagnolo\\\/#primaryimage\"},\"image\":{\"@id\":\"https:\\\/\\\/www.arquimaster.com.ar\\\/web\\\/condominio-la-malteria-navarro-constructora-german-campagnolo\\\/#primaryimage\"},\"thumbnailUrl\":\"https:\\\/\\\/www.arquimaster.com.ar\\\/web\\\/wp-content\\\/uploads\\\/2024\\\/11\\\/condominio_la_malteria_slide.jpg\",\"datePublished\":\"2024-11-14T01:52:25+00:00\",\"dateModified\":\"2025-07-23T22:48:08+00:00\",\"description\":\"Propuesta privada de conformar un complejo de viviendas en un lugar ic\u00f3nico de la ciudad, en el cual antiguamente funcionaba una malter\u00eda.\",\"breadcrumb\":{\"@id\":\"https:\\\/\\\/www.arquimaster.com.ar\\\/web\\\/condominio-la-malteria-navarro-constructora-german-campagnolo\\\/#breadcrumb\"},\"inLanguage\":\"es\",\"potentialAction\":[{\"@type\":\"ReadAction\",\"target\":[\"https:\\\/\\\/www.arquimaster.com.ar\\\/web\\\/condominio-la-malteria-navarro-constructora-german-campagnolo\\\/\"]}]},{\"@type\":\"ImageObject\",\"inLanguage\":\"es\",\"@id\":\"https:\\\/\\\/www.arquimaster.com.ar\\\/web\\\/condominio-la-malteria-navarro-constructora-german-campagnolo\\\/#primaryimage\",\"url\":\"https:\\\/\\\/www.arquimaster.com.ar\\\/web\\\/wp-content\\\/uploads\\\/2024\\\/11\\\/condominio_la_malteria_slide.jpg\",\"contentUrl\":\"https:\\\/\\\/www.arquimaster.com.ar\\\/web\\\/wp-content\\\/uploads\\\/2024\\\/11\\\/condominio_la_malteria_slide.jpg\",\"width\":698,\"height\":364,\"caption\":\"Condominio La Malter\u00eda \\\/ Navarro Constructora + German Campagnolo\"},{\"@type\":\"BreadcrumbList\",\"@id\":\"https:\\\/\\\/www.arquimaster.com.ar\\\/web\\\/condominio-la-malteria-navarro-constructora-german-campagnolo\\\/#breadcrumb\",\"itemListElement\":[{\"@type\":\"ListItem\",\"position\":1,\"name\":\"Portada\",\"item\":\"https:\\\/\\\/www.arquimaster.com.ar\\\/web\\\/\"},{\"@type\":\"ListItem\",\"position\":2,\"name\":\"Condominio La Malter\u00eda \\\/ Navarro Constructora + German Campagnolo\"}]},{\"@type\":\"WebSite\",\"@id\":\"https:\\\/\\\/www.arquimaster.com.ar\\\/web\\\/#website\",\"url\":\"https:\\\/\\\/www.arquimaster.com.ar\\\/web\\\/\",\"name\":\"Arquimaster\",\"description\":\"Web de arquitectura, dise\u00f1o y construccion\",\"publisher\":{\"@id\":\"https:\\\/\\\/www.arquimaster.com.ar\\\/web\\\/#organization\"},\"potentialAction\":[{\"@type\":\"SearchAction\",\"target\":{\"@type\":\"EntryPoint\",\"urlTemplate\":\"https:\\\/\\\/www.arquimaster.com.ar\\\/web\\\/?s={search_term_string}\"},\"query-input\":{\"@type\":\"PropertyValueSpecification\",\"valueRequired\":true,\"valueName\":\"search_term_string\"}}],\"inLanguage\":\"es\"},{\"@type\":\"Organization\",\"@id\":\"https:\\\/\\\/www.arquimaster.com.ar\\\/web\\\/#organization\",\"name\":\"Arquimaster\",\"url\":\"https:\\\/\\\/www.arquimaster.com.ar\\\/web\\\/\",\"logo\":{\"@type\":\"ImageObject\",\"inLanguage\":\"es\",\"@id\":\"https:\\\/\\\/www.arquimaster.com.ar\\\/web\\\/#\\\/schema\\\/logo\\\/image\\\/\",\"url\":\"https:\\\/\\\/www.arquimaster.com.ar\\\/web\\\/wp-content\\\/uploads\\\/2022\\\/06\\\/arquimaster.png\",\"contentUrl\":\"https:\\\/\\\/www.arquimaster.com.ar\\\/web\\\/wp-content\\\/uploads\\\/2022\\\/06\\\/arquimaster.png\",\"width\":594,\"height\":78,\"caption\":\"Arquimaster\"},\"image\":{\"@id\":\"https:\\\/\\\/www.arquimaster.com.ar\\\/web\\\/#\\\/schema\\\/logo\\\/image\\\/\"},\"sameAs\":[\"http:\\\/\\\/www.facebook.com\\\/ARQUIMASTER.com.ar\",\"https:\\\/\\\/x.com\\\/arquimaster\",\"https:\\\/\\\/www.instagram.com\\\/arquimasterblog\\\/\",\"https:\\\/\\\/www.linkedin.com\\\/company\\\/arquimaster\",\"https:\\\/\\\/www.pinterest.com\\\/arquimaster\",\"https:\\\/\\\/t.me\\\/arquimaster\"]},{\"@type\":\"Person\",\"@id\":\"https:\\\/\\\/www.arquimaster.com.ar\\\/web\\\/#\\\/schema\\\/person\\\/359e9f7c00193fcde068e0dd2ceb0028\",\"name\":\"Arquimaster\"}]}<\/script>\n<!-- \/ Yoast SEO plugin. -->","yoast_head_json":{"title":"Condominio La Malter\u00eda \/ Navarro Constructora + German Campagnolo - Arquimaster","description":"Propuesta privada de conformar un complejo de viviendas en un lugar ic\u00f3nico de la ciudad, en el cual antiguamente funcionaba una malter\u00eda.","robots":{"index":"index","follow":"follow","max-snippet":"max-snippet:-1","max-image-preview":"max-image-preview:large","max-video-preview":"max-video-preview:-1"},"canonical":"https:\/\/www.arquimaster.com.ar\/web\/condominio-la-malteria-navarro-constructora-german-campagnolo\/","og_locale":"es_ES","og_type":"article","og_title":"Condominio La Malter\u00eda \/ Navarro Constructora + German Campagnolo","og_description":"Propuesta privada de conformar un complejo de viviendas en un lugar ic\u00f3nico de la ciudad, en el cual antiguamente funcionaba una malter\u00eda.","og_url":"https:\/\/www.arquimaster.com.ar\/web\/condominio-la-malteria-navarro-constructora-german-campagnolo\/","og_site_name":"Arquimaster","article_publisher":"http:\/\/www.facebook.com\/ARQUIMASTER.com.ar","article_published_time":"2024-11-14T01:52:25+00:00","article_modified_time":"2025-07-23T22:48:08+00:00","og_image":[{"width":698,"height":364,"url":"https:\/\/www.arquimaster.com.ar\/web\/wp-content\/uploads\/2024\/11\/condominio_la_malteria_slide.jpg","type":"image\/jpeg"}],"author":"Arquimaster","twitter_card":"summary_large_image","twitter_title":"Condominio La Malter\u00eda \/ Navarro Constructora + German Campagnolo","twitter_description":"Propuesta privada de conformar un complejo de viviendas en un lugar ic\u00f3nico de la ciudad, en el cual antiguamente funcionaba una malter\u00eda.","twitter_image":"https:\/\/www.arquimaster.com.ar\/web\/wp-content\/uploads\/2024\/11\/condominio_la_malteria_slide.jpg","twitter_creator":"@arquimaster","twitter_site":"@arquimaster","twitter_misc":{"Escrito por":"Arquimaster","Tiempo de lectura":"4 minutos"},"schema":{"@context":"https:\/\/schema.org","@graph":[{"@type":"Article","@id":"https:\/\/www.arquimaster.com.ar\/web\/condominio-la-malteria-navarro-constructora-german-campagnolo\/#article","isPartOf":{"@id":"https:\/\/www.arquimaster.com.ar\/web\/condominio-la-malteria-navarro-constructora-german-campagnolo\/"},"author":{"name":"Arquimaster","@id":"https:\/\/www.arquimaster.com.ar\/web\/#\/schema\/person\/359e9f7c00193fcde068e0dd2ceb0028"},"headline":"Condominio La Malter\u00eda \/ Navarro Constructora + German Campagnolo","datePublished":"2024-11-14T01:52:25+00:00","dateModified":"2025-07-23T22:48:08+00:00","mainEntityOfPage":{"@id":"https:\/\/www.arquimaster.com.ar\/web\/condominio-la-malteria-navarro-constructora-german-campagnolo\/"},"wordCount":712,"publisher":{"@id":"https:\/\/www.arquimaster.com.ar\/web\/#organization"},"image":{"@id":"https:\/\/www.arquimaster.com.ar\/web\/condominio-la-malteria-navarro-constructora-german-campagnolo\/#primaryimage"},"thumbnailUrl":"https:\/\/www.arquimaster.com.ar\/web\/wp-content\/uploads\/2024\/11\/condominio_la_malteria_slide.jpg","keywords":["arquitectura residencial","Bragado","Buenos Aires","edificio de viviendas","German Campagnolo","Navarro Constructora","vivienda multifamiliar"],"articleSection":["Edificios de viviendas","Proyecto"],"inLanguage":"es"},{"@type":"WebPage","@id":"https:\/\/www.arquimaster.com.ar\/web\/condominio-la-malteria-navarro-constructora-german-campagnolo\/","url":"https:\/\/www.arquimaster.com.ar\/web\/condominio-la-malteria-navarro-constructora-german-campagnolo\/","name":"Condominio La Malter\u00eda \/ Navarro Constructora + German Campagnolo - Arquimaster","isPartOf":{"@id":"https:\/\/www.arquimaster.com.ar\/web\/#website"},"primaryImageOfPage":{"@id":"https:\/\/www.arquimaster.com.ar\/web\/condominio-la-malteria-navarro-constructora-german-campagnolo\/#primaryimage"},"image":{"@id":"https:\/\/www.arquimaster.com.ar\/web\/condominio-la-malteria-navarro-constructora-german-campagnolo\/#primaryimage"},"thumbnailUrl":"https:\/\/www.arquimaster.com.ar\/web\/wp-content\/uploads\/2024\/11\/condominio_la_malteria_slide.jpg","datePublished":"2024-11-14T01:52:25+00:00","dateModified":"2025-07-23T22:48:08+00:00","description":"Propuesta privada de conformar un complejo de viviendas en un lugar ic\u00f3nico de la ciudad, en el cual antiguamente funcionaba una malter\u00eda.","breadcrumb":{"@id":"https:\/\/www.arquimaster.com.ar\/web\/condominio-la-malteria-navarro-constructora-german-campagnolo\/#breadcrumb"},"inLanguage":"es","potentialAction":[{"@type":"ReadAction","target":["https:\/\/www.arquimaster.com.ar\/web\/condominio-la-malteria-navarro-constructora-german-campagnolo\/"]}]},{"@type":"ImageObject","inLanguage":"es","@id":"https:\/\/www.arquimaster.com.ar\/web\/condominio-la-malteria-navarro-constructora-german-campagnolo\/#primaryimage","url":"https:\/\/www.arquimaster.com.ar\/web\/wp-content\/uploads\/2024\/11\/condominio_la_malteria_slide.jpg","contentUrl":"https:\/\/www.arquimaster.com.ar\/web\/wp-content\/uploads\/2024\/11\/condominio_la_malteria_slide.jpg","width":698,"height":364,"caption":"Condominio La Malter\u00eda \/ Navarro Constructora + German Campagnolo"},{"@type":"BreadcrumbList","@id":"https:\/\/www.arquimaster.com.ar\/web\/condominio-la-malteria-navarro-constructora-german-campagnolo\/#breadcrumb","itemListElement":[{"@type":"ListItem","position":1,"name":"Portada","item":"https:\/\/www.arquimaster.com.ar\/web\/"},{"@type":"ListItem","position":2,"name":"Condominio La Malter\u00eda \/ Navarro Constructora + German Campagnolo"}]},{"@type":"WebSite","@id":"https:\/\/www.arquimaster.com.ar\/web\/#website","url":"https:\/\/www.arquimaster.com.ar\/web\/","name":"Arquimaster","description":"Web de arquitectura, dise\u00f1o y construccion","publisher":{"@id":"https:\/\/www.arquimaster.com.ar\/web\/#organization"},"potentialAction":[{"@type":"SearchAction","target":{"@type":"EntryPoint","urlTemplate":"https:\/\/www.arquimaster.com.ar\/web\/?s={search_term_string}"},"query-input":{"@type":"PropertyValueSpecification","valueRequired":true,"valueName":"search_term_string"}}],"inLanguage":"es"},{"@type":"Organization","@id":"https:\/\/www.arquimaster.com.ar\/web\/#organization","name":"Arquimaster","url":"https:\/\/www.arquimaster.com.ar\/web\/","logo":{"@type":"ImageObject","inLanguage":"es","@id":"https:\/\/www.arquimaster.com.ar\/web\/#\/schema\/logo\/image\/","url":"https:\/\/www.arquimaster.com.ar\/web\/wp-content\/uploads\/2022\/06\/arquimaster.png","contentUrl":"https:\/\/www.arquimaster.com.ar\/web\/wp-content\/uploads\/2022\/06\/arquimaster.png","width":594,"height":78,"caption":"Arquimaster"},"image":{"@id":"https:\/\/www.arquimaster.com.ar\/web\/#\/schema\/logo\/image\/"},"sameAs":["http:\/\/www.facebook.com\/ARQUIMASTER.com.ar","https:\/\/x.com\/arquimaster","https:\/\/www.instagram.com\/arquimasterblog\/","https:\/\/www.linkedin.com\/company\/arquimaster","https:\/\/www.pinterest.com\/arquimaster","https:\/\/t.me\/arquimaster"]},{"@type":"Person","@id":"https:\/\/www.arquimaster.com.ar\/web\/#\/schema\/person\/359e9f7c00193fcde068e0dd2ceb0028","name":"Arquimaster"}]}},"uagb_featured_image_src":{"full":["https:\/\/www.arquimaster.com.ar\/web\/wp-content\/uploads\/2024\/11\/condominio_la_malteria_slide.jpg",698,364,false],"thumbnail":["https:\/\/www.arquimaster.com.ar\/web\/wp-content\/uploads\/2024\/11\/condominio_la_malteria_slide-150x150.jpg",150,150,true],"medium":["https:\/\/www.arquimaster.com.ar\/web\/wp-content\/uploads\/2024\/11\/condominio_la_malteria_slide.jpg",698,364,false],"medium_large":["https:\/\/www.arquimaster.com.ar\/web\/wp-content\/uploads\/2024\/11\/condominio_la_malteria_slide.jpg",698,364,false],"large":["https:\/\/www.arquimaster.com.ar\/web\/wp-content\/uploads\/2024\/11\/condominio_la_malteria_slide.jpg",698,364,false],"1536x1536":["https:\/\/www.arquimaster.com.ar\/web\/wp-content\/uploads\/2024\/11\/condominio_la_malteria_slide.jpg",698,364,false],"2048x2048":["https:\/\/www.arquimaster.com.ar\/web\/wp-content\/uploads\/2024\/11\/condominio_la_malteria_slide.jpg",698,364,false]},"uagb_author_info":{"display_name":"Arquimaster","author_link":"https:\/\/www.arquimaster.com.ar\/web\/author\/arquimaster\/"},"uagb_comment_info":0,"uagb_excerpt":"Complejo de viviendas en un predio donde funcionaba una antigua malter\u00eda...","_links":{"self":[{"href":"https:\/\/www.arquimaster.com.ar\/web\/wp-json\/wp\/v2\/posts\/82515","targetHints":{"allow":["GET"]}}],"collection":[{"href":"https:\/\/www.arquimaster.com.ar\/web\/wp-json\/wp\/v2\/posts"}],"about":[{"href":"https:\/\/www.arquimaster.com.ar\/web\/wp-json\/wp\/v2\/types\/post"}],"author":[{"embeddable":true,"href":"https:\/\/www.arquimaster.com.ar\/web\/wp-json\/wp\/v2\/users\/1"}],"replies":[{"embeddable":true,"href":"https:\/\/www.arquimaster.com.ar\/web\/wp-json\/wp\/v2\/comments?post=82515"}],"version-history":[{"count":3,"href":"https:\/\/www.arquimaster.com.ar\/web\/wp-json\/wp\/v2\/posts\/82515\/revisions"}],"predecessor-version":[{"id":85079,"href":"https:\/\/www.arquimaster.com.ar\/web\/wp-json\/wp\/v2\/posts\/82515\/revisions\/85079"}],"wp:featuredmedia":[{"embeddable":true,"href":"https:\/\/www.arquimaster.com.ar\/web\/wp-json\/wp\/v2\/media\/82516"}],"wp:attachment":[{"href":"https:\/\/www.arquimaster.com.ar\/web\/wp-json\/wp\/v2\/media?parent=82515"}],"wp:term":[{"taxonomy":"category","embeddable":true,"href":"https:\/\/www.arquimaster.com.ar\/web\/wp-json\/wp\/v2\/categories?post=82515"},{"taxonomy":"post_tag","embeddable":true,"href":"https:\/\/www.arquimaster.com.ar\/web\/wp-json\/wp\/v2\/tags?post=82515"}],"curies":[{"name":"wp","href":"https:\/\/api.w.org\/{rel}","templated":true}]}}