{"id":82548,"date":"2024-11-13T22:53:56","date_gmt":"2024-11-14T01:53:56","guid":{"rendered":"https:\/\/www.arquimaster.com.ar\/web\/?p=82548"},"modified":"2025-07-23T19:47:42","modified_gmt":"2025-07-23T22:47:42","slug":"oficinas-intugo-tamen-arquitectura","status":"publish","type":"post","link":"https:\/\/www.arquimaster.com.ar\/web\/oficinas-intugo-tamen-arquitectura\/","title":{"rendered":"Oficinas Intugo \/ Tamen Arquitectura"},"content":{"rendered":"<div style=\"margin-top: 0px; margin-bottom: 0px;\" class=\"sharethis-inline-share-buttons\" ><\/div><div class=\"b812932af2e751442846f039925109de\" data-index=\"1\" style=\"float: none; margin:25px 0 25px 0; text-align:center;\">\n<script async src=\"https:\/\/pagead2.googlesyndication.com\/pagead\/js\/adsbygoogle.js\"><\/script>\r\n<!-- Arquimaster (superior) -->\r\n<ins class=\"adsbygoogle\"\r\n     style=\"display:block\"\r\n     data-ad-client=\"ca-pub-6351072698456832\"\r\n     data-ad-slot=\"6455489680\"\r\n     data-ad-format=\"auto\"\r\n     data-full-width-responsive=\"true\"><\/ins>\r\n<script>\r\n     (adsbygoogle = window.adsbygoogle || []).push({});\r\n<\/script>\n<\/div>\n<p><strong>Oficinas Intugo<\/strong> (Hermosillo, M\u00e9xico) por <strong>Tamen Arquitectura<\/strong>. El proyecto Intugo es un esfuerzo transformador que reimagina un antiguo centro de llamadas para convertirlo en un espacio vibrante de co-working y gesti\u00f3n para los propietarios del edificio. El desaf\u00edo consist\u00eda en dotar a cada \u00e1rea de una personalidad distintiva, mientras se manten\u00eda un lenguaje de dise\u00f1o cohesivo en todo el espacio.<\/p>\n<div id='gallery-1' class='gallery galleryid-82548 gallery-columns-3 gallery-size-thumbnail'><figure class='gallery-item'>\n\t\t\t<div class='gallery-icon landscape'>\n\t\t\t\t<a href='https:\/\/www.arquimaster.com.ar\/web\/wp-content\/uploads\/2024\/11\/oficinas_intugo_1.jpg' title=\"Oficinas Intugo \/ Tamen Arquitectura (\u00a9 Alexander Potiomkin)\" data-rl_title=\"Oficinas Intugo \/ Tamen Arquitectura (\u00a9 Alexander Potiomkin)\" class=\"rl-gallery-link\" data-rl_caption=\"Oficinas Intugo \/ Tamen Arquitectura (\u00a9 Alexander Potiomkin)\" data-rel=\"lightbox-gallery-1\"><img loading=\"lazy\" decoding=\"async\" width=\"150\" height=\"150\" src=\"https:\/\/www.arquimaster.com.ar\/web\/wp-content\/uploads\/2024\/11\/oficinas_intugo_1-150x150.jpg\" class=\"attachment-thumbnail size-thumbnail\" alt=\"Oficinas Intugo \/ Tamen Arquitectura\" aria-describedby=\"gallery-1-82550\" \/><\/a>\n\t\t\t<\/div>\n\t\t\t\t<figcaption class='wp-caption-text gallery-caption' id='gallery-1-82550'>\n\t\t\t\tOficinas Intugo \/ Tamen Arquitectura (\u00a9 Alexander Potiomkin)\n\t\t\t\t<\/figcaption><\/figure><figure class='gallery-item'>\n\t\t\t<div class='gallery-icon landscape'>\n\t\t\t\t<a href='https:\/\/www.arquimaster.com.ar\/web\/wp-content\/uploads\/2024\/11\/oficinas_intugo_2.jpg' title=\"Oficinas Intugo \/ Tamen Arquitectura (\u00a9 Alexander Potiomkin)\" data-rl_title=\"Oficinas Intugo \/ Tamen Arquitectura (\u00a9 Alexander Potiomkin)\" class=\"rl-gallery-link\" data-rl_caption=\"Oficinas Intugo \/ Tamen Arquitectura (\u00a9 Alexander Potiomkin)\" data-rel=\"lightbox-gallery-1\"><img loading=\"lazy\" decoding=\"async\" width=\"150\" height=\"150\" src=\"https:\/\/www.arquimaster.com.ar\/web\/wp-content\/uploads\/2024\/11\/oficinas_intugo_2-150x150.jpg\" class=\"attachment-thumbnail size-thumbnail\" alt=\"Oficinas Intugo \/ Tamen Arquitectura\" aria-describedby=\"gallery-1-82551\" \/><\/a>\n\t\t\t<\/div>\n\t\t\t\t<figcaption class='wp-caption-text gallery-caption' id='gallery-1-82551'>\n\t\t\t\tOficinas Intugo \/ Tamen Arquitectura (\u00a9 Alexander Potiomkin)\n\t\t\t\t<\/figcaption><\/figure><figure class='gallery-item'>\n\t\t\t<div class='gallery-icon landscape'>\n\t\t\t\t<a href='https:\/\/www.arquimaster.com.ar\/web\/wp-content\/uploads\/2024\/11\/oficinas_intugo_3.jpg' title=\"Oficinas Intugo \/ Tamen Arquitectura (\u00a9 Alexander Potiomkin)\" data-rl_title=\"Oficinas Intugo \/ Tamen Arquitectura (\u00a9 Alexander Potiomkin)\" class=\"rl-gallery-link\" data-rl_caption=\"Oficinas Intugo \/ Tamen Arquitectura (\u00a9 Alexander Potiomkin)\" data-rel=\"lightbox-gallery-1\"><img loading=\"lazy\" decoding=\"async\" width=\"150\" height=\"150\" src=\"https:\/\/www.arquimaster.com.ar\/web\/wp-content\/uploads\/2024\/11\/oficinas_intugo_3-150x150.jpg\" class=\"attachment-thumbnail size-thumbnail\" alt=\"Oficinas Intugo \/ Tamen Arquitectura\" aria-describedby=\"gallery-1-82552\" \/><\/a>\n\t\t\t<\/div>\n\t\t\t\t<figcaption class='wp-caption-text gallery-caption' id='gallery-1-82552'>\n\t\t\t\tOficinas Intugo \/ Tamen Arquitectura (\u00a9 Alexander Potiomkin)\n\t\t\t\t<\/figcaption><\/figure><figure class='gallery-item'>\n\t\t\t<div class='gallery-icon landscape'>\n\t\t\t\t<a href='https:\/\/www.arquimaster.com.ar\/web\/wp-content\/uploads\/2024\/11\/oficinas_intugo_4.jpg' title=\"Oficinas Intugo \/ Tamen Arquitectura (\u00a9 Alexander Potiomkin)\" data-rl_title=\"Oficinas Intugo \/ Tamen Arquitectura (\u00a9 Alexander Potiomkin)\" class=\"rl-gallery-link\" data-rl_caption=\"Oficinas Intugo \/ Tamen Arquitectura (\u00a9 Alexander Potiomkin)\" data-rel=\"lightbox-gallery-1\"><img loading=\"lazy\" decoding=\"async\" width=\"150\" height=\"150\" src=\"https:\/\/www.arquimaster.com.ar\/web\/wp-content\/uploads\/2024\/11\/oficinas_intugo_4-150x150.jpg\" class=\"attachment-thumbnail size-thumbnail\" alt=\"Oficinas Intugo \/ Tamen Arquitectura\" aria-describedby=\"gallery-1-82553\" \/><\/a>\n\t\t\t<\/div>\n\t\t\t\t<figcaption class='wp-caption-text gallery-caption' id='gallery-1-82553'>\n\t\t\t\tOficinas Intugo \/ Tamen Arquitectura (\u00a9 Alexander Potiomkin)\n\t\t\t\t<\/figcaption><\/figure><figure class='gallery-item'>\n\t\t\t<div class='gallery-icon landscape'>\n\t\t\t\t<a href='https:\/\/www.arquimaster.com.ar\/web\/wp-content\/uploads\/2024\/11\/oficinas_intugo_5.jpg' title=\"Oficinas Intugo \/ Tamen Arquitectura (\u00a9 Alexander Potiomkin)\" data-rl_title=\"Oficinas Intugo \/ Tamen Arquitectura (\u00a9 Alexander Potiomkin)\" class=\"rl-gallery-link\" data-rl_caption=\"Oficinas Intugo \/ Tamen Arquitectura (\u00a9 Alexander Potiomkin)\" data-rel=\"lightbox-gallery-1\"><img loading=\"lazy\" decoding=\"async\" width=\"150\" height=\"150\" src=\"https:\/\/www.arquimaster.com.ar\/web\/wp-content\/uploads\/2024\/11\/oficinas_intugo_5-150x150.jpg\" class=\"attachment-thumbnail size-thumbnail\" alt=\"Oficinas Intugo \/ Tamen Arquitectura\" aria-describedby=\"gallery-1-82554\" \/><\/a>\n\t\t\t<\/div>\n\t\t\t\t<figcaption class='wp-caption-text gallery-caption' id='gallery-1-82554'>\n\t\t\t\tOficinas Intugo \/ Tamen Arquitectura (\u00a9 Alexander Potiomkin)\n\t\t\t\t<\/figcaption><\/figure><figure class='gallery-item'>\n\t\t\t<div class='gallery-icon landscape'>\n\t\t\t\t<a href='https:\/\/www.arquimaster.com.ar\/web\/wp-content\/uploads\/2024\/11\/oficinas_intugo_6.jpg' title=\"Oficinas Intugo \/ Tamen Arquitectura (\u00a9 Alexander Potiomkin)\" data-rl_title=\"Oficinas Intugo \/ Tamen Arquitectura (\u00a9 Alexander Potiomkin)\" class=\"rl-gallery-link\" data-rl_caption=\"Oficinas Intugo \/ Tamen Arquitectura (\u00a9 Alexander Potiomkin)\" data-rel=\"lightbox-gallery-1\"><img loading=\"lazy\" decoding=\"async\" width=\"150\" height=\"150\" src=\"https:\/\/www.arquimaster.com.ar\/web\/wp-content\/uploads\/2024\/11\/oficinas_intugo_6-150x150.jpg\" class=\"attachment-thumbnail size-thumbnail\" alt=\"Oficinas Intugo \/ Tamen Arquitectura\" aria-describedby=\"gallery-1-82555\" \/><\/a>\n\t\t\t<\/div>\n\t\t\t\t<figcaption class='wp-caption-text gallery-caption' id='gallery-1-82555'>\n\t\t\t\tOficinas Intugo \/ Tamen Arquitectura (\u00a9 Alexander Potiomkin)\n\t\t\t\t<\/figcaption><\/figure><figure class='gallery-item'>\n\t\t\t<div class='gallery-icon portrait'>\n\t\t\t\t<a href='https:\/\/www.arquimaster.com.ar\/web\/wp-content\/uploads\/2024\/11\/oficinas_intugo_7.jpg' title=\"Oficinas Intugo \/ Tamen Arquitectura (\u00a9 Alexander Potiomkin)\" data-rl_title=\"Oficinas Intugo \/ Tamen Arquitectura (\u00a9 Alexander Potiomkin)\" class=\"rl-gallery-link\" data-rl_caption=\"Oficinas Intugo \/ Tamen Arquitectura (\u00a9 Alexander Potiomkin)\" data-rel=\"lightbox-gallery-1\"><img loading=\"lazy\" decoding=\"async\" width=\"150\" height=\"150\" src=\"https:\/\/www.arquimaster.com.ar\/web\/wp-content\/uploads\/2024\/11\/oficinas_intugo_7-150x150.jpg\" class=\"attachment-thumbnail size-thumbnail\" alt=\"Oficinas Intugo \/ Tamen Arquitectura\" aria-describedby=\"gallery-1-82556\" \/><\/a>\n\t\t\t<\/div>\n\t\t\t\t<figcaption class='wp-caption-text gallery-caption' id='gallery-1-82556'>\n\t\t\t\tOficinas Intugo \/ Tamen Arquitectura (\u00a9 Alexander Potiomkin)\n\t\t\t\t<\/figcaption><\/figure><figure class='gallery-item'>\n\t\t\t<div class='gallery-icon landscape'>\n\t\t\t\t<a href='https:\/\/www.arquimaster.com.ar\/web\/wp-content\/uploads\/2024\/11\/oficinas_intugo_8.jpg' title=\"Oficinas Intugo \/ Tamen Arquitectura (\u00a9 Alexander Potiomkin)\" data-rl_title=\"Oficinas Intugo \/ Tamen Arquitectura (\u00a9 Alexander Potiomkin)\" class=\"rl-gallery-link\" data-rl_caption=\"Oficinas Intugo \/ Tamen Arquitectura (\u00a9 Alexander Potiomkin)\" data-rel=\"lightbox-gallery-1\"><img loading=\"lazy\" decoding=\"async\" width=\"150\" height=\"150\" src=\"https:\/\/www.arquimaster.com.ar\/web\/wp-content\/uploads\/2024\/11\/oficinas_intugo_8-150x150.jpg\" class=\"attachment-thumbnail size-thumbnail\" alt=\"Oficinas Intugo \/ Tamen Arquitectura\" aria-describedby=\"gallery-1-82557\" \/><\/a>\n\t\t\t<\/div>\n\t\t\t\t<figcaption class='wp-caption-text gallery-caption' id='gallery-1-82557'>\n\t\t\t\tOficinas Intugo \/ Tamen Arquitectura (\u00a9 Alexander Potiomkin)\n\t\t\t\t<\/figcaption><\/figure><figure class='gallery-item'>\n\t\t\t<div class='gallery-icon landscape'>\n\t\t\t\t<a href='https:\/\/www.arquimaster.com.ar\/web\/wp-content\/uploads\/2024\/11\/oficinas_intugo_9.jpg' title=\"Oficinas Intugo \/ Tamen Arquitectura (\u00a9 Alexander Potiomkin)\" data-rl_title=\"Oficinas Intugo \/ Tamen Arquitectura (\u00a9 Alexander Potiomkin)\" class=\"rl-gallery-link\" data-rl_caption=\"Oficinas Intugo \/ Tamen Arquitectura (\u00a9 Alexander Potiomkin)\" data-rel=\"lightbox-gallery-1\"><img loading=\"lazy\" decoding=\"async\" width=\"150\" height=\"150\" src=\"https:\/\/www.arquimaster.com.ar\/web\/wp-content\/uploads\/2024\/11\/oficinas_intugo_9-150x150.jpg\" class=\"attachment-thumbnail size-thumbnail\" alt=\"Oficinas Intugo \/ Tamen Arquitectura\" aria-describedby=\"gallery-1-82558\" \/><\/a>\n\t\t\t<\/div>\n\t\t\t\t<figcaption class='wp-caption-text gallery-caption' id='gallery-1-82558'>\n\t\t\t\tOficinas Intugo \/ Tamen Arquitectura (\u00a9 Alexander Potiomkin)\n\t\t\t\t<\/figcaption><\/figure><figure class='gallery-item'>\n\t\t\t<div class='gallery-icon portrait'>\n\t\t\t\t<a href='https:\/\/www.arquimaster.com.ar\/web\/wp-content\/uploads\/2024\/11\/oficinas_intugo_10.jpg' title=\"Oficinas Intugo \/ Tamen Arquitectura (\u00a9 Alexander Potiomkin)\" data-rl_title=\"Oficinas Intugo \/ Tamen Arquitectura (\u00a9 Alexander Potiomkin)\" class=\"rl-gallery-link\" data-rl_caption=\"Oficinas Intugo \/ Tamen Arquitectura (\u00a9 Alexander Potiomkin)\" data-rel=\"lightbox-gallery-1\"><img loading=\"lazy\" decoding=\"async\" width=\"150\" height=\"150\" src=\"https:\/\/www.arquimaster.com.ar\/web\/wp-content\/uploads\/2024\/11\/oficinas_intugo_10-150x150.jpg\" class=\"attachment-thumbnail size-thumbnail\" alt=\"Oficinas Intugo \/ Tamen Arquitectura\" aria-describedby=\"gallery-1-82559\" \/><\/a>\n\t\t\t<\/div>\n\t\t\t\t<figcaption class='wp-caption-text gallery-caption' id='gallery-1-82559'>\n\t\t\t\tOficinas Intugo \/ Tamen Arquitectura (\u00a9 Alexander Potiomkin)\n\t\t\t\t<\/figcaption><\/figure><figure class='gallery-item'>\n\t\t\t<div class='gallery-icon landscape'>\n\t\t\t\t<a href='https:\/\/www.arquimaster.com.ar\/web\/wp-content\/uploads\/2024\/11\/oficinas_intugo_11.jpg' title=\"Oficinas Intugo \/ Tamen Arquitectura (\u00a9 Alexander Potiomkin)\" data-rl_title=\"Oficinas Intugo \/ Tamen Arquitectura (\u00a9 Alexander Potiomkin)\" class=\"rl-gallery-link\" data-rl_caption=\"Oficinas Intugo \/ Tamen Arquitectura (\u00a9 Alexander Potiomkin)\" data-rel=\"lightbox-gallery-1\"><img loading=\"lazy\" decoding=\"async\" width=\"150\" height=\"150\" src=\"https:\/\/www.arquimaster.com.ar\/web\/wp-content\/uploads\/2024\/11\/oficinas_intugo_11-150x150.jpg\" class=\"attachment-thumbnail size-thumbnail\" alt=\"Oficinas Intugo \/ Tamen Arquitectura\" aria-describedby=\"gallery-1-82560\" \/><\/a>\n\t\t\t<\/div>\n\t\t\t\t<figcaption class='wp-caption-text gallery-caption' id='gallery-1-82560'>\n\t\t\t\tOficinas Intugo \/ Tamen Arquitectura (\u00a9 Alexander Potiomkin)\n\t\t\t\t<\/figcaption><\/figure><figure class='gallery-item'>\n\t\t\t<div class='gallery-icon portrait'>\n\t\t\t\t<a href='https:\/\/www.arquimaster.com.ar\/web\/wp-content\/uploads\/2024\/11\/oficinas_intugo_12.jpg' title=\"Oficinas Intugo \/ Tamen Arquitectura (\u00a9 Alexander Potiomkin)\" data-rl_title=\"Oficinas Intugo \/ Tamen Arquitectura (\u00a9 Alexander Potiomkin)\" class=\"rl-gallery-link\" data-rl_caption=\"Oficinas Intugo \/ Tamen Arquitectura (\u00a9 Alexander Potiomkin)\" data-rel=\"lightbox-gallery-1\"><img loading=\"lazy\" decoding=\"async\" width=\"150\" height=\"150\" src=\"https:\/\/www.arquimaster.com.ar\/web\/wp-content\/uploads\/2024\/11\/oficinas_intugo_12-150x150.jpg\" class=\"attachment-thumbnail size-thumbnail\" alt=\"Oficinas Intugo \/ Tamen Arquitectura\" aria-describedby=\"gallery-1-82561\" \/><\/a>\n\t\t\t<\/div>\n\t\t\t\t<figcaption class='wp-caption-text gallery-caption' id='gallery-1-82561'>\n\t\t\t\tOficinas Intugo \/ Tamen Arquitectura (\u00a9 Alexander Potiomkin)\n\t\t\t\t<\/figcaption><\/figure><figure class='gallery-item'>\n\t\t\t<div class='gallery-icon landscape'>\n\t\t\t\t<a href='https:\/\/www.arquimaster.com.ar\/web\/wp-content\/uploads\/2024\/11\/oficinas_intugo_13.jpg' title=\"Oficinas Intugo \/ Tamen Arquitectura (planta)\" data-rl_title=\"Oficinas Intugo \/ Tamen Arquitectura (planta)\" class=\"rl-gallery-link\" data-rl_caption=\"Oficinas Intugo \/ Tamen Arquitectura (planta)\" data-rel=\"lightbox-gallery-1\"><img loading=\"lazy\" decoding=\"async\" width=\"150\" height=\"150\" src=\"https:\/\/www.arquimaster.com.ar\/web\/wp-content\/uploads\/2024\/11\/oficinas_intugo_13-150x150.jpg\" class=\"attachment-thumbnail size-thumbnail\" alt=\"Oficinas Intugo \/ Tamen Arquitectura\" aria-describedby=\"gallery-1-82562\" \/><\/a>\n\t\t\t<\/div>\n\t\t\t\t<figcaption class='wp-caption-text gallery-caption' id='gallery-1-82562'>\n\t\t\t\tOficinas Intugo \/ Tamen Arquitectura (planta)\n\t\t\t\t<\/figcaption><\/figure><figure class='gallery-item'>\n\t\t\t<div class='gallery-icon landscape'>\n\t\t\t\t<a href='https:\/\/www.arquimaster.com.ar\/web\/wp-content\/uploads\/2024\/11\/oficinas_intugo_14.jpg' title=\"Oficinas Intugo \/ Tamen Arquitectura (corte)\" data-rl_title=\"Oficinas Intugo \/ Tamen Arquitectura (corte)\" class=\"rl-gallery-link\" data-rl_caption=\"Oficinas Intugo \/ Tamen Arquitectura (corte)\" data-rel=\"lightbox-gallery-1\"><img loading=\"lazy\" decoding=\"async\" width=\"150\" height=\"150\" src=\"https:\/\/www.arquimaster.com.ar\/web\/wp-content\/uploads\/2024\/11\/oficinas_intugo_14-150x150.jpg\" class=\"attachment-thumbnail size-thumbnail\" alt=\"Oficinas Intugo \/ Tamen Arquitectura\" aria-describedby=\"gallery-1-82563\" \/><\/a>\n\t\t\t<\/div>\n\t\t\t\t<figcaption class='wp-caption-text gallery-caption' id='gallery-1-82563'>\n\t\t\t\tOficinas Intugo \/ Tamen Arquitectura (corte)\n\t\t\t\t<\/figcaption><\/figure><figure class='gallery-item'>\n\t\t\t<div class='gallery-icon landscape'>\n\t\t\t\t<a href='https:\/\/www.arquimaster.com.ar\/web\/wp-content\/uploads\/2024\/11\/oficinas_intugo_15.jpg' title=\"Oficinas Intugo \/ Tamen Arquitectura (corte)\" data-rl_title=\"Oficinas Intugo \/ Tamen Arquitectura (corte)\" class=\"rl-gallery-link\" data-rl_caption=\"Oficinas Intugo \/ Tamen Arquitectura (corte)\" data-rel=\"lightbox-gallery-1\"><img loading=\"lazy\" decoding=\"async\" width=\"150\" height=\"150\" src=\"https:\/\/www.arquimaster.com.ar\/web\/wp-content\/uploads\/2024\/11\/oficinas_intugo_15-150x150.jpg\" class=\"attachment-thumbnail size-thumbnail\" alt=\"Oficinas Intugo \/ Tamen Arquitectura\" aria-describedby=\"gallery-1-82564\" \/><\/a>\n\t\t\t<\/div>\n\t\t\t\t<figcaption class='wp-caption-text gallery-caption' id='gallery-1-82564'>\n\t\t\t\tOficinas Intugo \/ Tamen Arquitectura (corte)\n\t\t\t\t<\/figcaption><\/figure>\n\t\t<\/div>\n\n<p>El concepto de este proyecto surgi\u00f3 del deseo de crear un entorno donde los usuarios pudieran desconectarse del bullicio del exterior e internarse en un entorno de trabajo agradable y productivo. Para lograrlo, el dise\u00f1o se centr\u00f3 en integrar elementos que promuevan tanto la desconexi\u00f3n como la conexi\u00f3n, fomentando una atm\u00f3sfera equilibrada y propicia para la creatividad y la eficiencia.<\/p>\n<p>Las \u00e1reas clave dentro del espacio se revitalizaron con murales creados por un artista local, dise\u00f1ados para ofrecer momentos de compromiso visual y relajaci\u00f3n mental. Estas obras de arte vibrantes introducen un toque aut\u00e9ntico, con colores audaces que contrasta con el resto del interior, a\u00f1adiendo una capa de singularidad y car\u00e1cter al espacio.<\/p>\n<p>La paleta de materiales se seleccion\u00f3 cuidadosamente para asegurar una est\u00e9tica duradera y atemporal. Se eligieron materiales de estilo industrial en su estado natural para darle al dise\u00f1o una sensaci\u00f3n de durabilidad y modernidad. Esto incluye l\u00e1minas de pintro negro, paredes con aspecto de cemento, revestimientos y acentos de madera. El uso de murales y letreros de ne\u00f3n inyecta una energ\u00eda l\u00fadica y din\u00e1mica en el espacio, creando un entorno que no solo es funcional, sino tambi\u00e9n inspirador.<\/p>\n<p>Intugo se erige como un testimonio de c\u00f3mo un dise\u00f1o bien pensado puede transformar un espacio de trabajo convencional en un centro innovador que fomenta la creatividad, la conexi\u00f3n y la productividad. Al mezclar elementos industriales con toques art\u00edsticos, el proyecto crea con \u00e9xito un entorno de trabajo que es tanto estimulante como duradero, ofreciendo a los usuarios un espacio en el que pueden prosperar.<\/p>\n\n\n<div style=\"height:20px\" aria-hidden=\"true\" class=\"wp-block-spacer\"><\/div>\n\n\n\n<p class=\"has-background\" style=\"background-color:#eaeaea\"><strong>Ficha t\u00e9cnica<\/strong><br>Nombre: Intugo<br>Ubicaci\u00f3n: Hermosillo, M\u00e9xico<br>Oficina de arquitectura: Tamen Arquitectura<br>Arquitectos principales: Arq. Alejandra Vidal Salcido, Arq. Rebeca Padilla<br>Superficie bruta construida: 535 m2<br>A\u00f1o de finalizaci\u00f3n: 2022<br>Fotograf\u00eda: Alexander Potiomkin @alexpotiomkin<br>Sitio web: https:\/\/tamen.mx<br>Instagram: @tamenarq<br>Facebook: tamen.arq<br>Behance: TAMENarq<\/p>\n\n\n\n<div style=\"height:40px\" aria-hidden=\"true\" class=\"wp-block-spacer\"><\/div>\n\n\n<p><strong><em>English version<\/em><\/strong><\/p>\n<p><strong><em>Intugo: Crafting a Dynamic Work Environment<\/em><\/strong><\/p>\n<p><em>The Intugo project is a transformative endeavor that reimagines a former call center into a vibrant co-working and management space for the building&#8217;s owners. The challenge was to infuse each area with its own distinct personality while maintaining a cohesive design language throughout the entire space.<\/em><\/p>\n<p><em>The concept for this project emerged from a desire to create an environment where users could escape the hustle and bustle of the outside world and immerse themselves in a pleasant and productive work setting. To achieve this, the design focused on integrating elements that promote both disconnection and connection, fostering a balanced atmosphere conducive to creativity and efficiency.<\/em><\/p>\n<p><em>Key areas within the space were brought to life with murals crafted by a local artist, designed to offer moments of visual engagement and mental relaxation. These vibrant artworks introduce an authentic touch, with bold colors that contrast beautifully against the rest of the interior, adding a layer of uniqueness and character to the space.<\/em><\/p>\n<p><em>The material palette was carefully selected to ensure longevity and a timeless aesthetic. Industrial-style materials in their natural state were chosen to give the design a durable yet modern feel. This includes black pintro sheets, cement-like walls, wood cladding, and accents. The use of murals and neon signage injects a playful and dynamic energy into the space, creating an environment that is not only functional but also inspiring.<\/em><\/p>\n<p><em>Intugo stands as a testament to how thoughtful design can transform a conventional workspace into an innovative hub that fosters creativity, connection, and productivity. By blending industrial elements with artistic touches, the project successfully creates a work environment that is both engaging and enduring, offering users a space where they can thrive.<\/em><\/p>\n\n\n<p><\/p>\n\n<div style=\"font-size: 0px; height: 0px; line-height: 0px; margin: 0; padding: 0; clear: both;\"><\/div><div style=\"margin-top: 0px; margin-bottom: 0px;\" class=\"sharethis-inline-share-buttons\" ><\/div>","protected":false},"excerpt":{"rendered":"<p>Reconversi\u00f3n de un centro de llamadas en un espacio vibrante de coworking y gesti\u00f3n&#8230;<\/p>\n","protected":false},"author":1,"featured_media":82549,"comment_status":"closed","ping_status":"closed","sticky":false,"template":"","format":"standard","meta":{"_uag_custom_page_level_css":"","footnotes":""},"categories":[76,1],"tags":[7846,1362,689,24,255,8090,7845],"class_list":["post-82548","post","type-post","status-publish","format-standard","has-post-thumbnail","hentry","category-arquitectura-corporativa","category-proyecto","tag-alejandra-vidal-salcido","tag-arquitectura-corporativa-2","tag-hermosillo","tag-mexico","tag-oficinas","tag-rebeca-padilla","tag-tamen-arquitectura","generate-columns","tablet-grid-50","mobile-grid-100","grid-parent","grid-50"],"yoast_head":"<!-- This site is optimized with the Yoast SEO plugin v27.3 - https:\/\/yoast.com\/product\/yoast-seo-wordpress\/ -->\n<title>Oficinas Intugo \/ Tamen Arquitectura - Arquimaster<\/title>\n<meta name=\"description\" content=\"El proyecto reimagina un antiguo centro de llamadas para convertirlo en un espacio vibrante de co-working y gesti\u00f3n para los propietarios del edificio.\" \/>\n<meta name=\"robots\" content=\"index, follow, max-snippet:-1, max-image-preview:large, max-video-preview:-1\" \/>\n<link rel=\"canonical\" href=\"https:\/\/www.arquimaster.com.ar\/web\/oficinas-intugo-tamen-arquitectura\/\" \/>\n<meta property=\"og:locale\" content=\"es_ES\" \/>\n<meta property=\"og:type\" content=\"article\" \/>\n<meta property=\"og:title\" content=\"Oficinas Intugo \/ Tamen Arquitectura\" \/>\n<meta property=\"og:description\" content=\"El proyecto reimagina un antiguo centro de llamadas para convertirlo en un espacio vibrante de co-working y gesti\u00f3n para los propietarios del edificio.\" \/>\n<meta property=\"og:url\" content=\"https:\/\/www.arquimaster.com.ar\/web\/oficinas-intugo-tamen-arquitectura\/\" \/>\n<meta property=\"og:site_name\" content=\"Arquimaster\" \/>\n<meta property=\"article:publisher\" content=\"http:\/\/www.facebook.com\/ARQUIMASTER.com.ar\" \/>\n<meta property=\"article:published_time\" content=\"2024-11-14T01:53:56+00:00\" \/>\n<meta property=\"article:modified_time\" content=\"2025-07-23T22:47:42+00:00\" \/>\n<meta property=\"og:image\" content=\"https:\/\/www.arquimaster.com.ar\/web\/wp-content\/uploads\/2024\/11\/oficinas_intugo_slide.jpg\" \/>\n\t<meta property=\"og:image:width\" content=\"698\" \/>\n\t<meta property=\"og:image:height\" content=\"364\" \/>\n\t<meta property=\"og:image:type\" content=\"image\/jpeg\" \/>\n<meta name=\"author\" content=\"Arquimaster\" \/>\n<meta name=\"twitter:card\" content=\"summary_large_image\" \/>\n<meta name=\"twitter:title\" content=\"Oficinas Intugo \/ Tamen Arquitectura\" \/>\n<meta name=\"twitter:description\" content=\"El proyecto reimagina un antiguo centro de llamadas para convertirlo en un espacio vibrante de co-working y gesti\u00f3n para los propietarios del edificio.\" \/>\n<meta name=\"twitter:image\" content=\"https:\/\/www.arquimaster.com.ar\/web\/wp-content\/uploads\/2024\/11\/oficinas_intugo_slide.jpg\" \/>\n<meta name=\"twitter:creator\" content=\"@arquimaster\" \/>\n<meta name=\"twitter:site\" content=\"@arquimaster\" \/>\n<meta name=\"twitter:label1\" content=\"Escrito por\" \/>\n\t<meta name=\"twitter:data1\" content=\"Arquimaster\" \/>\n\t<meta name=\"twitter:label2\" content=\"Tiempo de lectura\" \/>\n\t<meta name=\"twitter:data2\" content=\"4 minutos\" \/>\n<script type=\"application\/ld+json\" class=\"yoast-schema-graph\">{\"@context\":\"https:\\\/\\\/schema.org\",\"@graph\":[{\"@type\":\"Article\",\"@id\":\"https:\\\/\\\/www.arquimaster.com.ar\\\/web\\\/oficinas-intugo-tamen-arquitectura\\\/#article\",\"isPartOf\":{\"@id\":\"https:\\\/\\\/www.arquimaster.com.ar\\\/web\\\/oficinas-intugo-tamen-arquitectura\\\/\"},\"author\":{\"name\":\"Arquimaster\",\"@id\":\"https:\\\/\\\/www.arquimaster.com.ar\\\/web\\\/#\\\/schema\\\/person\\\/359e9f7c00193fcde068e0dd2ceb0028\"},\"headline\":\"Oficinas Intugo \\\/ Tamen Arquitectura\",\"datePublished\":\"2024-11-14T01:53:56+00:00\",\"dateModified\":\"2025-07-23T22:47:42+00:00\",\"mainEntityOfPage\":{\"@id\":\"https:\\\/\\\/www.arquimaster.com.ar\\\/web\\\/oficinas-intugo-tamen-arquitectura\\\/\"},\"wordCount\":683,\"publisher\":{\"@id\":\"https:\\\/\\\/www.arquimaster.com.ar\\\/web\\\/#organization\"},\"image\":{\"@id\":\"https:\\\/\\\/www.arquimaster.com.ar\\\/web\\\/oficinas-intugo-tamen-arquitectura\\\/#primaryimage\"},\"thumbnailUrl\":\"https:\\\/\\\/www.arquimaster.com.ar\\\/web\\\/wp-content\\\/uploads\\\/2024\\\/11\\\/oficinas_intugo_slide.jpg\",\"keywords\":[\"Alejandra Vidal Salcido\",\"arquitectura corporativa\",\"Hermosillo\",\"Mexico\",\"oficinas\",\"Rebeca Padilla\",\"Tamen Arquitectura\"],\"articleSection\":[\"Arquitectura corporativa\",\"Proyecto\"],\"inLanguage\":\"es\"},{\"@type\":\"WebPage\",\"@id\":\"https:\\\/\\\/www.arquimaster.com.ar\\\/web\\\/oficinas-intugo-tamen-arquitectura\\\/\",\"url\":\"https:\\\/\\\/www.arquimaster.com.ar\\\/web\\\/oficinas-intugo-tamen-arquitectura\\\/\",\"name\":\"Oficinas Intugo \\\/ Tamen Arquitectura - Arquimaster\",\"isPartOf\":{\"@id\":\"https:\\\/\\\/www.arquimaster.com.ar\\\/web\\\/#website\"},\"primaryImageOfPage\":{\"@id\":\"https:\\\/\\\/www.arquimaster.com.ar\\\/web\\\/oficinas-intugo-tamen-arquitectura\\\/#primaryimage\"},\"image\":{\"@id\":\"https:\\\/\\\/www.arquimaster.com.ar\\\/web\\\/oficinas-intugo-tamen-arquitectura\\\/#primaryimage\"},\"thumbnailUrl\":\"https:\\\/\\\/www.arquimaster.com.ar\\\/web\\\/wp-content\\\/uploads\\\/2024\\\/11\\\/oficinas_intugo_slide.jpg\",\"datePublished\":\"2024-11-14T01:53:56+00:00\",\"dateModified\":\"2025-07-23T22:47:42+00:00\",\"description\":\"El proyecto reimagina un antiguo centro de llamadas para convertirlo en un espacio vibrante de co-working y gesti\u00f3n para los propietarios del edificio.\",\"breadcrumb\":{\"@id\":\"https:\\\/\\\/www.arquimaster.com.ar\\\/web\\\/oficinas-intugo-tamen-arquitectura\\\/#breadcrumb\"},\"inLanguage\":\"es\",\"potentialAction\":[{\"@type\":\"ReadAction\",\"target\":[\"https:\\\/\\\/www.arquimaster.com.ar\\\/web\\\/oficinas-intugo-tamen-arquitectura\\\/\"]}]},{\"@type\":\"ImageObject\",\"inLanguage\":\"es\",\"@id\":\"https:\\\/\\\/www.arquimaster.com.ar\\\/web\\\/oficinas-intugo-tamen-arquitectura\\\/#primaryimage\",\"url\":\"https:\\\/\\\/www.arquimaster.com.ar\\\/web\\\/wp-content\\\/uploads\\\/2024\\\/11\\\/oficinas_intugo_slide.jpg\",\"contentUrl\":\"https:\\\/\\\/www.arquimaster.com.ar\\\/web\\\/wp-content\\\/uploads\\\/2024\\\/11\\\/oficinas_intugo_slide.jpg\",\"width\":698,\"height\":364,\"caption\":\"Oficinas Intugo \\\/ Tamen Arquitectura\"},{\"@type\":\"BreadcrumbList\",\"@id\":\"https:\\\/\\\/www.arquimaster.com.ar\\\/web\\\/oficinas-intugo-tamen-arquitectura\\\/#breadcrumb\",\"itemListElement\":[{\"@type\":\"ListItem\",\"position\":1,\"name\":\"Portada\",\"item\":\"https:\\\/\\\/www.arquimaster.com.ar\\\/web\\\/\"},{\"@type\":\"ListItem\",\"position\":2,\"name\":\"Oficinas Intugo \\\/ Tamen Arquitectura\"}]},{\"@type\":\"WebSite\",\"@id\":\"https:\\\/\\\/www.arquimaster.com.ar\\\/web\\\/#website\",\"url\":\"https:\\\/\\\/www.arquimaster.com.ar\\\/web\\\/\",\"name\":\"Arquimaster\",\"description\":\"Web de arquitectura, dise\u00f1o y construccion\",\"publisher\":{\"@id\":\"https:\\\/\\\/www.arquimaster.com.ar\\\/web\\\/#organization\"},\"potentialAction\":[{\"@type\":\"SearchAction\",\"target\":{\"@type\":\"EntryPoint\",\"urlTemplate\":\"https:\\\/\\\/www.arquimaster.com.ar\\\/web\\\/?s={search_term_string}\"},\"query-input\":{\"@type\":\"PropertyValueSpecification\",\"valueRequired\":true,\"valueName\":\"search_term_string\"}}],\"inLanguage\":\"es\"},{\"@type\":\"Organization\",\"@id\":\"https:\\\/\\\/www.arquimaster.com.ar\\\/web\\\/#organization\",\"name\":\"Arquimaster\",\"url\":\"https:\\\/\\\/www.arquimaster.com.ar\\\/web\\\/\",\"logo\":{\"@type\":\"ImageObject\",\"inLanguage\":\"es\",\"@id\":\"https:\\\/\\\/www.arquimaster.com.ar\\\/web\\\/#\\\/schema\\\/logo\\\/image\\\/\",\"url\":\"https:\\\/\\\/www.arquimaster.com.ar\\\/web\\\/wp-content\\\/uploads\\\/2022\\\/06\\\/arquimaster.png\",\"contentUrl\":\"https:\\\/\\\/www.arquimaster.com.ar\\\/web\\\/wp-content\\\/uploads\\\/2022\\\/06\\\/arquimaster.png\",\"width\":594,\"height\":78,\"caption\":\"Arquimaster\"},\"image\":{\"@id\":\"https:\\\/\\\/www.arquimaster.com.ar\\\/web\\\/#\\\/schema\\\/logo\\\/image\\\/\"},\"sameAs\":[\"http:\\\/\\\/www.facebook.com\\\/ARQUIMASTER.com.ar\",\"https:\\\/\\\/x.com\\\/arquimaster\",\"https:\\\/\\\/www.instagram.com\\\/arquimasterblog\\\/\",\"https:\\\/\\\/www.linkedin.com\\\/company\\\/arquimaster\",\"https:\\\/\\\/www.pinterest.com\\\/arquimaster\",\"https:\\\/\\\/t.me\\\/arquimaster\"]},{\"@type\":\"Person\",\"@id\":\"https:\\\/\\\/www.arquimaster.com.ar\\\/web\\\/#\\\/schema\\\/person\\\/359e9f7c00193fcde068e0dd2ceb0028\",\"name\":\"Arquimaster\"}]}<\/script>\n<!-- \/ Yoast SEO plugin. -->","yoast_head_json":{"title":"Oficinas Intugo \/ Tamen Arquitectura - Arquimaster","description":"El proyecto reimagina un antiguo centro de llamadas para convertirlo en un espacio vibrante de co-working y gesti\u00f3n para los propietarios del edificio.","robots":{"index":"index","follow":"follow","max-snippet":"max-snippet:-1","max-image-preview":"max-image-preview:large","max-video-preview":"max-video-preview:-1"},"canonical":"https:\/\/www.arquimaster.com.ar\/web\/oficinas-intugo-tamen-arquitectura\/","og_locale":"es_ES","og_type":"article","og_title":"Oficinas Intugo \/ Tamen Arquitectura","og_description":"El proyecto reimagina un antiguo centro de llamadas para convertirlo en un espacio vibrante de co-working y gesti\u00f3n para los propietarios del edificio.","og_url":"https:\/\/www.arquimaster.com.ar\/web\/oficinas-intugo-tamen-arquitectura\/","og_site_name":"Arquimaster","article_publisher":"http:\/\/www.facebook.com\/ARQUIMASTER.com.ar","article_published_time":"2024-11-14T01:53:56+00:00","article_modified_time":"2025-07-23T22:47:42+00:00","og_image":[{"width":698,"height":364,"url":"https:\/\/www.arquimaster.com.ar\/web\/wp-content\/uploads\/2024\/11\/oficinas_intugo_slide.jpg","type":"image\/jpeg"}],"author":"Arquimaster","twitter_card":"summary_large_image","twitter_title":"Oficinas Intugo \/ Tamen Arquitectura","twitter_description":"El proyecto reimagina un antiguo centro de llamadas para convertirlo en un espacio vibrante de co-working y gesti\u00f3n para los propietarios del edificio.","twitter_image":"https:\/\/www.arquimaster.com.ar\/web\/wp-content\/uploads\/2024\/11\/oficinas_intugo_slide.jpg","twitter_creator":"@arquimaster","twitter_site":"@arquimaster","twitter_misc":{"Escrito por":"Arquimaster","Tiempo de lectura":"4 minutos"},"schema":{"@context":"https:\/\/schema.org","@graph":[{"@type":"Article","@id":"https:\/\/www.arquimaster.com.ar\/web\/oficinas-intugo-tamen-arquitectura\/#article","isPartOf":{"@id":"https:\/\/www.arquimaster.com.ar\/web\/oficinas-intugo-tamen-arquitectura\/"},"author":{"name":"Arquimaster","@id":"https:\/\/www.arquimaster.com.ar\/web\/#\/schema\/person\/359e9f7c00193fcde068e0dd2ceb0028"},"headline":"Oficinas Intugo \/ Tamen Arquitectura","datePublished":"2024-11-14T01:53:56+00:00","dateModified":"2025-07-23T22:47:42+00:00","mainEntityOfPage":{"@id":"https:\/\/www.arquimaster.com.ar\/web\/oficinas-intugo-tamen-arquitectura\/"},"wordCount":683,"publisher":{"@id":"https:\/\/www.arquimaster.com.ar\/web\/#organization"},"image":{"@id":"https:\/\/www.arquimaster.com.ar\/web\/oficinas-intugo-tamen-arquitectura\/#primaryimage"},"thumbnailUrl":"https:\/\/www.arquimaster.com.ar\/web\/wp-content\/uploads\/2024\/11\/oficinas_intugo_slide.jpg","keywords":["Alejandra Vidal Salcido","arquitectura corporativa","Hermosillo","Mexico","oficinas","Rebeca Padilla","Tamen Arquitectura"],"articleSection":["Arquitectura corporativa","Proyecto"],"inLanguage":"es"},{"@type":"WebPage","@id":"https:\/\/www.arquimaster.com.ar\/web\/oficinas-intugo-tamen-arquitectura\/","url":"https:\/\/www.arquimaster.com.ar\/web\/oficinas-intugo-tamen-arquitectura\/","name":"Oficinas Intugo \/ Tamen Arquitectura - Arquimaster","isPartOf":{"@id":"https:\/\/www.arquimaster.com.ar\/web\/#website"},"primaryImageOfPage":{"@id":"https:\/\/www.arquimaster.com.ar\/web\/oficinas-intugo-tamen-arquitectura\/#primaryimage"},"image":{"@id":"https:\/\/www.arquimaster.com.ar\/web\/oficinas-intugo-tamen-arquitectura\/#primaryimage"},"thumbnailUrl":"https:\/\/www.arquimaster.com.ar\/web\/wp-content\/uploads\/2024\/11\/oficinas_intugo_slide.jpg","datePublished":"2024-11-14T01:53:56+00:00","dateModified":"2025-07-23T22:47:42+00:00","description":"El proyecto reimagina un antiguo centro de llamadas para convertirlo en un espacio vibrante de co-working y gesti\u00f3n para los propietarios del edificio.","breadcrumb":{"@id":"https:\/\/www.arquimaster.com.ar\/web\/oficinas-intugo-tamen-arquitectura\/#breadcrumb"},"inLanguage":"es","potentialAction":[{"@type":"ReadAction","target":["https:\/\/www.arquimaster.com.ar\/web\/oficinas-intugo-tamen-arquitectura\/"]}]},{"@type":"ImageObject","inLanguage":"es","@id":"https:\/\/www.arquimaster.com.ar\/web\/oficinas-intugo-tamen-arquitectura\/#primaryimage","url":"https:\/\/www.arquimaster.com.ar\/web\/wp-content\/uploads\/2024\/11\/oficinas_intugo_slide.jpg","contentUrl":"https:\/\/www.arquimaster.com.ar\/web\/wp-content\/uploads\/2024\/11\/oficinas_intugo_slide.jpg","width":698,"height":364,"caption":"Oficinas Intugo \/ Tamen Arquitectura"},{"@type":"BreadcrumbList","@id":"https:\/\/www.arquimaster.com.ar\/web\/oficinas-intugo-tamen-arquitectura\/#breadcrumb","itemListElement":[{"@type":"ListItem","position":1,"name":"Portada","item":"https:\/\/www.arquimaster.com.ar\/web\/"},{"@type":"ListItem","position":2,"name":"Oficinas Intugo \/ Tamen Arquitectura"}]},{"@type":"WebSite","@id":"https:\/\/www.arquimaster.com.ar\/web\/#website","url":"https:\/\/www.arquimaster.com.ar\/web\/","name":"Arquimaster","description":"Web de arquitectura, dise\u00f1o y construccion","publisher":{"@id":"https:\/\/www.arquimaster.com.ar\/web\/#organization"},"potentialAction":[{"@type":"SearchAction","target":{"@type":"EntryPoint","urlTemplate":"https:\/\/www.arquimaster.com.ar\/web\/?s={search_term_string}"},"query-input":{"@type":"PropertyValueSpecification","valueRequired":true,"valueName":"search_term_string"}}],"inLanguage":"es"},{"@type":"Organization","@id":"https:\/\/www.arquimaster.com.ar\/web\/#organization","name":"Arquimaster","url":"https:\/\/www.arquimaster.com.ar\/web\/","logo":{"@type":"ImageObject","inLanguage":"es","@id":"https:\/\/www.arquimaster.com.ar\/web\/#\/schema\/logo\/image\/","url":"https:\/\/www.arquimaster.com.ar\/web\/wp-content\/uploads\/2022\/06\/arquimaster.png","contentUrl":"https:\/\/www.arquimaster.com.ar\/web\/wp-content\/uploads\/2022\/06\/arquimaster.png","width":594,"height":78,"caption":"Arquimaster"},"image":{"@id":"https:\/\/www.arquimaster.com.ar\/web\/#\/schema\/logo\/image\/"},"sameAs":["http:\/\/www.facebook.com\/ARQUIMASTER.com.ar","https:\/\/x.com\/arquimaster","https:\/\/www.instagram.com\/arquimasterblog\/","https:\/\/www.linkedin.com\/company\/arquimaster","https:\/\/www.pinterest.com\/arquimaster","https:\/\/t.me\/arquimaster"]},{"@type":"Person","@id":"https:\/\/www.arquimaster.com.ar\/web\/#\/schema\/person\/359e9f7c00193fcde068e0dd2ceb0028","name":"Arquimaster"}]}},"uagb_featured_image_src":{"full":["https:\/\/www.arquimaster.com.ar\/web\/wp-content\/uploads\/2024\/11\/oficinas_intugo_slide.jpg",698,364,false],"thumbnail":["https:\/\/www.arquimaster.com.ar\/web\/wp-content\/uploads\/2024\/11\/oficinas_intugo_slide-150x150.jpg",150,150,true],"medium":["https:\/\/www.arquimaster.com.ar\/web\/wp-content\/uploads\/2024\/11\/oficinas_intugo_slide.jpg",698,364,false],"medium_large":["https:\/\/www.arquimaster.com.ar\/web\/wp-content\/uploads\/2024\/11\/oficinas_intugo_slide.jpg",698,364,false],"large":["https:\/\/www.arquimaster.com.ar\/web\/wp-content\/uploads\/2024\/11\/oficinas_intugo_slide.jpg",698,364,false],"1536x1536":["https:\/\/www.arquimaster.com.ar\/web\/wp-content\/uploads\/2024\/11\/oficinas_intugo_slide.jpg",698,364,false],"2048x2048":["https:\/\/www.arquimaster.com.ar\/web\/wp-content\/uploads\/2024\/11\/oficinas_intugo_slide.jpg",698,364,false]},"uagb_author_info":{"display_name":"Arquimaster","author_link":"https:\/\/www.arquimaster.com.ar\/web\/author\/arquimaster\/"},"uagb_comment_info":0,"uagb_excerpt":"Reconversi\u00f3n de un centro de llamadas en un espacio vibrante de coworking y gesti\u00f3n...","_links":{"self":[{"href":"https:\/\/www.arquimaster.com.ar\/web\/wp-json\/wp\/v2\/posts\/82548","targetHints":{"allow":["GET"]}}],"collection":[{"href":"https:\/\/www.arquimaster.com.ar\/web\/wp-json\/wp\/v2\/posts"}],"about":[{"href":"https:\/\/www.arquimaster.com.ar\/web\/wp-json\/wp\/v2\/types\/post"}],"author":[{"embeddable":true,"href":"https:\/\/www.arquimaster.com.ar\/web\/wp-json\/wp\/v2\/users\/1"}],"replies":[{"embeddable":true,"href":"https:\/\/www.arquimaster.com.ar\/web\/wp-json\/wp\/v2\/comments?post=82548"}],"version-history":[{"count":3,"href":"https:\/\/www.arquimaster.com.ar\/web\/wp-json\/wp\/v2\/posts\/82548\/revisions"}],"predecessor-version":[{"id":85078,"href":"https:\/\/www.arquimaster.com.ar\/web\/wp-json\/wp\/v2\/posts\/82548\/revisions\/85078"}],"wp:featuredmedia":[{"embeddable":true,"href":"https:\/\/www.arquimaster.com.ar\/web\/wp-json\/wp\/v2\/media\/82549"}],"wp:attachment":[{"href":"https:\/\/www.arquimaster.com.ar\/web\/wp-json\/wp\/v2\/media?parent=82548"}],"wp:term":[{"taxonomy":"category","embeddable":true,"href":"https:\/\/www.arquimaster.com.ar\/web\/wp-json\/wp\/v2\/categories?post=82548"},{"taxonomy":"post_tag","embeddable":true,"href":"https:\/\/www.arquimaster.com.ar\/web\/wp-json\/wp\/v2\/tags?post=82548"}],"curies":[{"name":"wp","href":"https:\/\/api.w.org\/{rel}","templated":true}]}}