{"id":82566,"date":"2024-11-13T22:55:39","date_gmt":"2024-11-14T01:55:39","guid":{"rendered":"https:\/\/www.arquimaster.com.ar\/web\/?p=82566"},"modified":"2025-07-23T19:47:37","modified_gmt":"2025-07-23T22:47:37","slug":"reforma-de-atico-ff92-ce-arquitectura","status":"publish","type":"post","link":"https:\/\/www.arquimaster.com.ar\/web\/reforma-de-atico-ff92-ce-arquitectura\/","title":{"rendered":"Reforma de \u00e1tico FF92 \/ C+E Arquitectura"},"content":{"rendered":"<div style=\"margin-top: 0px; margin-bottom: 0px;\" class=\"sharethis-inline-share-buttons\" ><\/div><div class=\"b812932af2e751442846f039925109de\" data-index=\"1\" style=\"float: none; margin:25px 0 25px 0; text-align:center;\">\n<script async src=\"https:\/\/pagead2.googlesyndication.com\/pagead\/js\/adsbygoogle.js\"><\/script>\r\n<!-- Arquimaster (superior) -->\r\n<ins class=\"adsbygoogle\"\r\n     style=\"display:block\"\r\n     data-ad-client=\"ca-pub-6351072698456832\"\r\n     data-ad-slot=\"6455489680\"\r\n     data-ad-format=\"auto\"\r\n     data-full-width-responsive=\"true\"><\/ins>\r\n<script>\r\n     (adsbygoogle = window.adsbygoogle || []).push({});\r\n<\/script>\n<\/div>\n<p><strong>Reforma de \u00e1tico FF92<\/strong> (Barcelona) por <strong>C+E Arquitectura<\/strong>. Raph es un joven emprendedor parisino. Le gusta compartir su tiempo con familia y amigos. Amante de los viajes, la vida al exterior&#8230; y de la ciudad de Barcelona: desde hace varios a\u00f1os reside aqu\u00ed. Habla varios idiomas. El pasado verano adquiri\u00f3 un peque\u00f1o \u00e1tico para reformar. Un piso antiguo, muy compartimentado&#8230; pero con un gran potencial: todo exterior y abierto a una gran terraza que abraza Montjuic. Le gusta cocinar, practicar deporte y yoga. Combina d\u00edas de oficina y teletrabajo en casa. Suele tener muchas visitas, por lo que en su hogar siempre hay hu\u00e9spedes o invitados.<\/p>\n<div id='gallery-1' class='gallery galleryid-82566 gallery-columns-3 gallery-size-thumbnail'><figure class='gallery-item'>\n\t\t\t<div class='gallery-icon landscape'>\n\t\t\t\t<a href='https:\/\/www.arquimaster.com.ar\/web\/wp-content\/uploads\/2024\/11\/atico_ff92_1.jpg' title=\"Reforma de \u00e1tico FF92 \/ C+E Arquitectura (\u00a9 Bypablo Studio)\" data-rl_title=\"Reforma de \u00e1tico FF92 \/ C+E Arquitectura (\u00a9 Bypablo Studio)\" class=\"rl-gallery-link\" data-rl_caption=\"Reforma de \u00e1tico FF92 \/ C+E Arquitectura (\u00a9 Bypablo Studio)\" data-rel=\"lightbox-gallery-1\"><img loading=\"lazy\" decoding=\"async\" width=\"150\" height=\"150\" src=\"https:\/\/www.arquimaster.com.ar\/web\/wp-content\/uploads\/2024\/11\/atico_ff92_1-150x150.jpg\" class=\"attachment-thumbnail size-thumbnail\" alt=\"Reforma de \u00e1tico FF92 \/ C+E Arquitectura\" aria-describedby=\"gallery-1-82568\" \/><\/a>\n\t\t\t<\/div>\n\t\t\t\t<figcaption class='wp-caption-text gallery-caption' id='gallery-1-82568'>\n\t\t\t\tReforma de \u00e1tico FF92 \/ C+E Arquitectura (\u00a9 Bypablo Studio)\n\t\t\t\t<\/figcaption><\/figure><figure class='gallery-item'>\n\t\t\t<div class='gallery-icon portrait'>\n\t\t\t\t<a href='https:\/\/www.arquimaster.com.ar\/web\/wp-content\/uploads\/2024\/11\/atico_ff92_2.jpg' title=\"Reforma de \u00e1tico FF92 \/ C+E Arquitectura (\u00a9 Bypablo Studio)\" data-rl_title=\"Reforma de \u00e1tico FF92 \/ C+E Arquitectura (\u00a9 Bypablo Studio)\" class=\"rl-gallery-link\" data-rl_caption=\"Reforma de \u00e1tico FF92 \/ C+E Arquitectura (\u00a9 Bypablo Studio)\" data-rel=\"lightbox-gallery-1\"><img loading=\"lazy\" decoding=\"async\" width=\"150\" height=\"150\" src=\"https:\/\/www.arquimaster.com.ar\/web\/wp-content\/uploads\/2024\/11\/atico_ff92_2-150x150.jpg\" class=\"attachment-thumbnail size-thumbnail\" alt=\"Reforma de \u00e1tico FF92 \/ C+E Arquitectura\" aria-describedby=\"gallery-1-82569\" \/><\/a>\n\t\t\t<\/div>\n\t\t\t\t<figcaption class='wp-caption-text gallery-caption' id='gallery-1-82569'>\n\t\t\t\tReforma de \u00e1tico FF92 \/ C+E Arquitectura (\u00a9 Bypablo Studio)\n\t\t\t\t<\/figcaption><\/figure><figure class='gallery-item'>\n\t\t\t<div class='gallery-icon portrait'>\n\t\t\t\t<a href='https:\/\/www.arquimaster.com.ar\/web\/wp-content\/uploads\/2024\/11\/atico_ff92_3.jpg' title=\"Reforma de \u00e1tico FF92 \/ C+E Arquitectura (\u00a9 Bypablo Studio)\" data-rl_title=\"Reforma de \u00e1tico FF92 \/ C+E Arquitectura (\u00a9 Bypablo Studio)\" class=\"rl-gallery-link\" data-rl_caption=\"Reforma de \u00e1tico FF92 \/ C+E Arquitectura (\u00a9 Bypablo Studio)\" data-rel=\"lightbox-gallery-1\"><img loading=\"lazy\" decoding=\"async\" width=\"150\" height=\"150\" src=\"https:\/\/www.arquimaster.com.ar\/web\/wp-content\/uploads\/2024\/11\/atico_ff92_3-150x150.jpg\" class=\"attachment-thumbnail size-thumbnail\" alt=\"Reforma de \u00e1tico FF92 \/ C+E Arquitectura\" aria-describedby=\"gallery-1-82570\" \/><\/a>\n\t\t\t<\/div>\n\t\t\t\t<figcaption class='wp-caption-text gallery-caption' id='gallery-1-82570'>\n\t\t\t\tReforma de \u00e1tico FF92 \/ C+E Arquitectura (\u00a9 Bypablo Studio)\n\t\t\t\t<\/figcaption><\/figure><figure class='gallery-item'>\n\t\t\t<div class='gallery-icon portrait'>\n\t\t\t\t<a href='https:\/\/www.arquimaster.com.ar\/web\/wp-content\/uploads\/2024\/11\/atico_ff92_4.jpg' title=\"Reforma de \u00e1tico FF92 \/ C+E Arquitectura (\u00a9 Bypablo Studio)\" data-rl_title=\"Reforma de \u00e1tico FF92 \/ C+E Arquitectura (\u00a9 Bypablo Studio)\" class=\"rl-gallery-link\" data-rl_caption=\"Reforma de \u00e1tico FF92 \/ C+E Arquitectura (\u00a9 Bypablo Studio)\" data-rel=\"lightbox-gallery-1\"><img loading=\"lazy\" decoding=\"async\" width=\"150\" height=\"150\" src=\"https:\/\/www.arquimaster.com.ar\/web\/wp-content\/uploads\/2024\/11\/atico_ff92_4-150x150.jpg\" class=\"attachment-thumbnail size-thumbnail\" alt=\"Reforma de \u00e1tico FF92 \/ C+E Arquitectura\" aria-describedby=\"gallery-1-82571\" \/><\/a>\n\t\t\t<\/div>\n\t\t\t\t<figcaption class='wp-caption-text gallery-caption' id='gallery-1-82571'>\n\t\t\t\tReforma de \u00e1tico FF92 \/ C+E Arquitectura (\u00a9 Bypablo Studio)\n\t\t\t\t<\/figcaption><\/figure><figure class='gallery-item'>\n\t\t\t<div class='gallery-icon portrait'>\n\t\t\t\t<a href='https:\/\/www.arquimaster.com.ar\/web\/wp-content\/uploads\/2024\/11\/atico_ff92_5.jpg' title=\"Reforma de \u00e1tico FF92 \/ C+E Arquitectura (\u00a9 Bypablo Studio)\" data-rl_title=\"Reforma de \u00e1tico FF92 \/ C+E Arquitectura (\u00a9 Bypablo Studio)\" class=\"rl-gallery-link\" data-rl_caption=\"Reforma de \u00e1tico FF92 \/ C+E Arquitectura (\u00a9 Bypablo Studio)\" data-rel=\"lightbox-gallery-1\"><img loading=\"lazy\" decoding=\"async\" width=\"150\" height=\"150\" src=\"https:\/\/www.arquimaster.com.ar\/web\/wp-content\/uploads\/2024\/11\/atico_ff92_5-150x150.jpg\" class=\"attachment-thumbnail size-thumbnail\" alt=\"Reforma de \u00e1tico FF92 \/ C+E Arquitectura\" aria-describedby=\"gallery-1-82572\" \/><\/a>\n\t\t\t<\/div>\n\t\t\t\t<figcaption class='wp-caption-text gallery-caption' id='gallery-1-82572'>\n\t\t\t\tReforma de \u00e1tico FF92 \/ C+E Arquitectura (\u00a9 Bypablo Studio)\n\t\t\t\t<\/figcaption><\/figure><figure class='gallery-item'>\n\t\t\t<div class='gallery-icon portrait'>\n\t\t\t\t<a href='https:\/\/www.arquimaster.com.ar\/web\/wp-content\/uploads\/2024\/11\/atico_ff92_6.jpg' title=\"Reforma de \u00e1tico FF92 \/ C+E Arquitectura (\u00a9 Bypablo Studio)\" data-rl_title=\"Reforma de \u00e1tico FF92 \/ C+E Arquitectura (\u00a9 Bypablo Studio)\" class=\"rl-gallery-link\" data-rl_caption=\"Reforma de \u00e1tico FF92 \/ C+E Arquitectura (\u00a9 Bypablo Studio)\" data-rel=\"lightbox-gallery-1\"><img loading=\"lazy\" decoding=\"async\" width=\"150\" height=\"150\" src=\"https:\/\/www.arquimaster.com.ar\/web\/wp-content\/uploads\/2024\/11\/atico_ff92_6-150x150.jpg\" class=\"attachment-thumbnail size-thumbnail\" alt=\"Reforma de \u00e1tico FF92 \/ C+E Arquitectura\" aria-describedby=\"gallery-1-82573\" \/><\/a>\n\t\t\t<\/div>\n\t\t\t\t<figcaption class='wp-caption-text gallery-caption' id='gallery-1-82573'>\n\t\t\t\tReforma de \u00e1tico FF92 \/ C+E Arquitectura (\u00a9 Bypablo Studio)\n\t\t\t\t<\/figcaption><\/figure><figure class='gallery-item'>\n\t\t\t<div class='gallery-icon portrait'>\n\t\t\t\t<a href='https:\/\/www.arquimaster.com.ar\/web\/wp-content\/uploads\/2024\/11\/atico_ff92_7.jpg' title=\"Reforma de \u00e1tico FF92 \/ C+E Arquitectura (\u00a9 Bypablo Studio)\" data-rl_title=\"Reforma de \u00e1tico FF92 \/ C+E Arquitectura (\u00a9 Bypablo Studio)\" class=\"rl-gallery-link\" data-rl_caption=\"Reforma de \u00e1tico FF92 \/ C+E Arquitectura (\u00a9 Bypablo Studio)\" data-rel=\"lightbox-gallery-1\"><img loading=\"lazy\" decoding=\"async\" width=\"150\" height=\"150\" src=\"https:\/\/www.arquimaster.com.ar\/web\/wp-content\/uploads\/2024\/11\/atico_ff92_7-150x150.jpg\" class=\"attachment-thumbnail size-thumbnail\" alt=\"Reforma de \u00e1tico FF92 \/ C+E Arquitectura\" aria-describedby=\"gallery-1-82574\" \/><\/a>\n\t\t\t<\/div>\n\t\t\t\t<figcaption class='wp-caption-text gallery-caption' id='gallery-1-82574'>\n\t\t\t\tReforma de \u00e1tico FF92 \/ C+E Arquitectura (\u00a9 Bypablo Studio)\n\t\t\t\t<\/figcaption><\/figure><figure class='gallery-item'>\n\t\t\t<div class='gallery-icon portrait'>\n\t\t\t\t<a href='https:\/\/www.arquimaster.com.ar\/web\/wp-content\/uploads\/2024\/11\/atico_ff92_8.jpg' title=\"Reforma de \u00e1tico FF92 \/ C+E Arquitectura (\u00a9 Bypablo Studio)\" data-rl_title=\"Reforma de \u00e1tico FF92 \/ C+E Arquitectura (\u00a9 Bypablo Studio)\" class=\"rl-gallery-link\" data-rl_caption=\"Reforma de \u00e1tico FF92 \/ C+E Arquitectura (\u00a9 Bypablo Studio)\" data-rel=\"lightbox-gallery-1\"><img loading=\"lazy\" decoding=\"async\" width=\"150\" height=\"150\" src=\"https:\/\/www.arquimaster.com.ar\/web\/wp-content\/uploads\/2024\/11\/atico_ff92_8-150x150.jpg\" class=\"attachment-thumbnail size-thumbnail\" alt=\"Reforma de \u00e1tico FF92 \/ C+E Arquitectura\" aria-describedby=\"gallery-1-82575\" \/><\/a>\n\t\t\t<\/div>\n\t\t\t\t<figcaption class='wp-caption-text gallery-caption' id='gallery-1-82575'>\n\t\t\t\tReforma de \u00e1tico FF92 \/ C+E Arquitectura (\u00a9 Bypablo Studio)\n\t\t\t\t<\/figcaption><\/figure><figure class='gallery-item'>\n\t\t\t<div class='gallery-icon portrait'>\n\t\t\t\t<a href='https:\/\/www.arquimaster.com.ar\/web\/wp-content\/uploads\/2024\/11\/atico_ff92_9.jpg' title=\"Reforma de \u00e1tico FF92 \/ C+E Arquitectura (\u00a9 Bypablo Studio)\" data-rl_title=\"Reforma de \u00e1tico FF92 \/ C+E Arquitectura (\u00a9 Bypablo Studio)\" class=\"rl-gallery-link\" data-rl_caption=\"Reforma de \u00e1tico FF92 \/ C+E Arquitectura (\u00a9 Bypablo Studio)\" data-rel=\"lightbox-gallery-1\"><img loading=\"lazy\" decoding=\"async\" width=\"150\" height=\"150\" src=\"https:\/\/www.arquimaster.com.ar\/web\/wp-content\/uploads\/2024\/11\/atico_ff92_9-150x150.jpg\" class=\"attachment-thumbnail size-thumbnail\" alt=\"Reforma de \u00e1tico FF92 \/ C+E Arquitectura\" aria-describedby=\"gallery-1-82576\" \/><\/a>\n\t\t\t<\/div>\n\t\t\t\t<figcaption class='wp-caption-text gallery-caption' id='gallery-1-82576'>\n\t\t\t\tReforma de \u00e1tico FF92 \/ C+E Arquitectura (\u00a9 Bypablo Studio)\n\t\t\t\t<\/figcaption><\/figure><figure class='gallery-item'>\n\t\t\t<div class='gallery-icon portrait'>\n\t\t\t\t<a href='https:\/\/www.arquimaster.com.ar\/web\/wp-content\/uploads\/2024\/11\/atico_ff92_10.jpg' title=\"Reforma de \u00e1tico FF92 \/ C+E Arquitectura (\u00a9 Bypablo Studio)\" data-rl_title=\"Reforma de \u00e1tico FF92 \/ C+E Arquitectura (\u00a9 Bypablo Studio)\" class=\"rl-gallery-link\" data-rl_caption=\"Reforma de \u00e1tico FF92 \/ C+E Arquitectura (\u00a9 Bypablo Studio)\" data-rel=\"lightbox-gallery-1\"><img loading=\"lazy\" decoding=\"async\" width=\"150\" height=\"150\" src=\"https:\/\/www.arquimaster.com.ar\/web\/wp-content\/uploads\/2024\/11\/atico_ff92_10-150x150.jpg\" class=\"attachment-thumbnail size-thumbnail\" alt=\"Reforma de \u00e1tico FF92 \/ C+E Arquitectura\" aria-describedby=\"gallery-1-82577\" \/><\/a>\n\t\t\t<\/div>\n\t\t\t\t<figcaption class='wp-caption-text gallery-caption' id='gallery-1-82577'>\n\t\t\t\tReforma de \u00e1tico FF92 \/ C+E Arquitectura (\u00a9 Bypablo Studio)\n\t\t\t\t<\/figcaption><\/figure><figure class='gallery-item'>\n\t\t\t<div class='gallery-icon landscape'>\n\t\t\t\t<a href='https:\/\/www.arquimaster.com.ar\/web\/wp-content\/uploads\/2024\/11\/atico_ff92_11.jpg' title=\"Reforma de \u00e1tico FF92 \/ C+E Arquitectura (\u00a9 Bypablo Studio)\" data-rl_title=\"Reforma de \u00e1tico FF92 \/ C+E Arquitectura (\u00a9 Bypablo Studio)\" class=\"rl-gallery-link\" data-rl_caption=\"Reforma de \u00e1tico FF92 \/ C+E Arquitectura (\u00a9 Bypablo Studio)\" data-rel=\"lightbox-gallery-1\"><img loading=\"lazy\" decoding=\"async\" width=\"150\" height=\"150\" src=\"https:\/\/www.arquimaster.com.ar\/web\/wp-content\/uploads\/2024\/11\/atico_ff92_11-150x150.jpg\" class=\"attachment-thumbnail size-thumbnail\" alt=\"Reforma de \u00e1tico FF92 \/ C+E Arquitectura\" aria-describedby=\"gallery-1-82578\" \/><\/a>\n\t\t\t<\/div>\n\t\t\t\t<figcaption class='wp-caption-text gallery-caption' id='gallery-1-82578'>\n\t\t\t\tReforma de \u00e1tico FF92 \/ C+E Arquitectura (\u00a9 Bypablo Studio)\n\t\t\t\t<\/figcaption><\/figure><figure class='gallery-item'>\n\t\t\t<div class='gallery-icon portrait'>\n\t\t\t\t<a href='https:\/\/www.arquimaster.com.ar\/web\/wp-content\/uploads\/2024\/11\/atico_ff92_12.jpg' title=\"Reforma de \u00e1tico FF92 \/ C+E Arquitectura (\u00a9 Bypablo Studio)\" data-rl_title=\"Reforma de \u00e1tico FF92 \/ C+E Arquitectura (\u00a9 Bypablo Studio)\" class=\"rl-gallery-link\" data-rl_caption=\"Reforma de \u00e1tico FF92 \/ C+E Arquitectura (\u00a9 Bypablo Studio)\" data-rel=\"lightbox-gallery-1\"><img loading=\"lazy\" decoding=\"async\" width=\"150\" height=\"150\" src=\"https:\/\/www.arquimaster.com.ar\/web\/wp-content\/uploads\/2024\/11\/atico_ff92_12-150x150.jpg\" class=\"attachment-thumbnail size-thumbnail\" alt=\"Reforma de \u00e1tico FF92 \/ C+E Arquitectura\" aria-describedby=\"gallery-1-82579\" \/><\/a>\n\t\t\t<\/div>\n\t\t\t\t<figcaption class='wp-caption-text gallery-caption' id='gallery-1-82579'>\n\t\t\t\tReforma de \u00e1tico FF92 \/ C+E Arquitectura (\u00a9 Bypablo Studio)\n\t\t\t\t<\/figcaption><\/figure><figure class='gallery-item'>\n\t\t\t<div class='gallery-icon portrait'>\n\t\t\t\t<a href='https:\/\/www.arquimaster.com.ar\/web\/wp-content\/uploads\/2024\/11\/atico_ff92_13.jpg' title=\"Reforma de \u00e1tico FF92 \/ C+E Arquitectura (\u00a9 Bypablo Studio)\" data-rl_title=\"Reforma de \u00e1tico FF92 \/ C+E Arquitectura (\u00a9 Bypablo Studio)\" class=\"rl-gallery-link\" data-rl_caption=\"Reforma de \u00e1tico FF92 \/ C+E Arquitectura (\u00a9 Bypablo Studio)\" data-rel=\"lightbox-gallery-1\"><img loading=\"lazy\" decoding=\"async\" width=\"150\" height=\"150\" src=\"https:\/\/www.arquimaster.com.ar\/web\/wp-content\/uploads\/2024\/11\/atico_ff92_13-150x150.jpg\" class=\"attachment-thumbnail size-thumbnail\" alt=\"Reforma de \u00e1tico FF92 \/ C+E Arquitectura\" aria-describedby=\"gallery-1-82580\" \/><\/a>\n\t\t\t<\/div>\n\t\t\t\t<figcaption class='wp-caption-text gallery-caption' id='gallery-1-82580'>\n\t\t\t\tReforma de \u00e1tico FF92 \/ C+E Arquitectura (\u00a9 Bypablo Studio)\n\t\t\t\t<\/figcaption><\/figure><figure class='gallery-item'>\n\t\t\t<div class='gallery-icon landscape'>\n\t\t\t\t<a href='https:\/\/www.arquimaster.com.ar\/web\/wp-content\/uploads\/2024\/11\/atico_ff92_14.jpg' title=\"Reforma de \u00e1tico FF92 \/ C+E Arquitectura (\u00a9 Bypablo Studio)\" data-rl_title=\"Reforma de \u00e1tico FF92 \/ C+E Arquitectura (\u00a9 Bypablo Studio)\" class=\"rl-gallery-link\" data-rl_caption=\"Reforma de \u00e1tico FF92 \/ C+E Arquitectura (\u00a9 Bypablo Studio)\" data-rel=\"lightbox-gallery-1\"><img loading=\"lazy\" decoding=\"async\" width=\"150\" height=\"150\" src=\"https:\/\/www.arquimaster.com.ar\/web\/wp-content\/uploads\/2024\/11\/atico_ff92_14-150x150.jpg\" class=\"attachment-thumbnail size-thumbnail\" alt=\"Reforma de \u00e1tico FF92 \/ C+E Arquitectura\" aria-describedby=\"gallery-1-82581\" \/><\/a>\n\t\t\t<\/div>\n\t\t\t\t<figcaption class='wp-caption-text gallery-caption' id='gallery-1-82581'>\n\t\t\t\tReforma de \u00e1tico FF92 \/ C+E Arquitectura (\u00a9 Bypablo Studio)\n\t\t\t\t<\/figcaption><\/figure><figure class='gallery-item'>\n\t\t\t<div class='gallery-icon landscape'>\n\t\t\t\t<a href='https:\/\/www.arquimaster.com.ar\/web\/wp-content\/uploads\/2024\/11\/atico_ff92_15.jpg' title=\"Reforma de \u00e1tico FF92 \/ C+E Arquitectura (\u00a9 Bypablo Studio)\" data-rl_title=\"Reforma de \u00e1tico FF92 \/ C+E Arquitectura (\u00a9 Bypablo Studio)\" class=\"rl-gallery-link\" data-rl_caption=\"Reforma de \u00e1tico FF92 \/ C+E Arquitectura (\u00a9 Bypablo Studio)\" data-rel=\"lightbox-gallery-1\"><img loading=\"lazy\" decoding=\"async\" width=\"150\" height=\"150\" src=\"https:\/\/www.arquimaster.com.ar\/web\/wp-content\/uploads\/2024\/11\/atico_ff92_15-150x150.jpg\" class=\"attachment-thumbnail size-thumbnail\" alt=\"Reforma de \u00e1tico FF92 \/ C+E Arquitectura\" aria-describedby=\"gallery-1-82582\" \/><\/a>\n\t\t\t<\/div>\n\t\t\t\t<figcaption class='wp-caption-text gallery-caption' id='gallery-1-82582'>\n\t\t\t\tReforma de \u00e1tico FF92 \/ C+E Arquitectura (\u00a9 Bypablo Studio)\n\t\t\t\t<\/figcaption><\/figure><figure class='gallery-item'>\n\t\t\t<div class='gallery-icon landscape'>\n\t\t\t\t<a href='https:\/\/www.arquimaster.com.ar\/web\/wp-content\/uploads\/2024\/11\/atico_ff92_16.jpg' title=\"Reforma de \u00e1tico FF92 \/ C+E Arquitectura (\u00a9 Bypablo Studio)\" data-rl_title=\"Reforma de \u00e1tico FF92 \/ C+E Arquitectura (\u00a9 Bypablo Studio)\" class=\"rl-gallery-link\" data-rl_caption=\"Reforma de \u00e1tico FF92 \/ C+E Arquitectura (\u00a9 Bypablo Studio)\" data-rel=\"lightbox-gallery-1\"><img loading=\"lazy\" decoding=\"async\" width=\"150\" height=\"150\" src=\"https:\/\/www.arquimaster.com.ar\/web\/wp-content\/uploads\/2024\/11\/atico_ff92_16-150x150.jpg\" class=\"attachment-thumbnail size-thumbnail\" alt=\"Reforma de \u00e1tico FF92 \/ C+E Arquitectura\" aria-describedby=\"gallery-1-82583\" \/><\/a>\n\t\t\t<\/div>\n\t\t\t\t<figcaption class='wp-caption-text gallery-caption' id='gallery-1-82583'>\n\t\t\t\tReforma de \u00e1tico FF92 \/ C+E Arquitectura (\u00a9 Bypablo Studio)\n\t\t\t\t<\/figcaption><\/figure><figure class='gallery-item'>\n\t\t\t<div class='gallery-icon landscape'>\n\t\t\t\t<a href='https:\/\/www.arquimaster.com.ar\/web\/wp-content\/uploads\/2024\/11\/atico_ff92_17.jpg' title=\"Reforma de \u00e1tico FF92 \/ C+E Arquitectura (\u00a9 Bypablo Studio)\" data-rl_title=\"Reforma de \u00e1tico FF92 \/ C+E Arquitectura (\u00a9 Bypablo Studio)\" class=\"rl-gallery-link\" data-rl_caption=\"Reforma de \u00e1tico FF92 \/ C+E Arquitectura (\u00a9 Bypablo Studio)\" data-rel=\"lightbox-gallery-1\"><img loading=\"lazy\" decoding=\"async\" width=\"150\" height=\"150\" src=\"https:\/\/www.arquimaster.com.ar\/web\/wp-content\/uploads\/2024\/11\/atico_ff92_17-150x150.jpg\" class=\"attachment-thumbnail size-thumbnail\" alt=\"Reforma de \u00e1tico FF92 \/ C+E Arquitectura\" aria-describedby=\"gallery-1-82584\" \/><\/a>\n\t\t\t<\/div>\n\t\t\t\t<figcaption class='wp-caption-text gallery-caption' id='gallery-1-82584'>\n\t\t\t\tReforma de \u00e1tico FF92 \/ C+E Arquitectura (\u00a9 Bypablo Studio)\n\t\t\t\t<\/figcaption><\/figure><figure class='gallery-item'>\n\t\t\t<div class='gallery-icon landscape'>\n\t\t\t\t<a href='https:\/\/www.arquimaster.com.ar\/web\/wp-content\/uploads\/2024\/11\/atico_ff92_18.jpg' title=\"Reforma de \u00e1tico FF92 \/ C+E Arquitectura (\u00a9 Bypablo Studio)\" data-rl_title=\"Reforma de \u00e1tico FF92 \/ C+E Arquitectura (\u00a9 Bypablo Studio)\" class=\"rl-gallery-link\" data-rl_caption=\"Reforma de \u00e1tico FF92 \/ C+E Arquitectura (\u00a9 Bypablo Studio)\" data-rel=\"lightbox-gallery-1\"><img loading=\"lazy\" decoding=\"async\" width=\"150\" height=\"150\" src=\"https:\/\/www.arquimaster.com.ar\/web\/wp-content\/uploads\/2024\/11\/atico_ff92_18-150x150.jpg\" class=\"attachment-thumbnail size-thumbnail\" alt=\"Reforma de \u00e1tico FF92 \/ C+E Arquitectura\" aria-describedby=\"gallery-1-82585\" \/><\/a>\n\t\t\t<\/div>\n\t\t\t\t<figcaption class='wp-caption-text gallery-caption' id='gallery-1-82585'>\n\t\t\t\tReforma de \u00e1tico FF92 \/ C+E Arquitectura (\u00a9 Bypablo Studio)\n\t\t\t\t<\/figcaption><\/figure><figure class='gallery-item'>\n\t\t\t<div class='gallery-icon portrait'>\n\t\t\t\t<a href='https:\/\/www.arquimaster.com.ar\/web\/wp-content\/uploads\/2024\/11\/atico_ff92_19.jpg' title=\"Reforma de \u00e1tico FF92 \/ C+E Arquitectura (\u00a9 Bypablo Studio)\" data-rl_title=\"Reforma de \u00e1tico FF92 \/ C+E Arquitectura (\u00a9 Bypablo Studio)\" class=\"rl-gallery-link\" data-rl_caption=\"Reforma de \u00e1tico FF92 \/ C+E Arquitectura (\u00a9 Bypablo Studio)\" data-rel=\"lightbox-gallery-1\"><img loading=\"lazy\" decoding=\"async\" width=\"150\" height=\"150\" src=\"https:\/\/www.arquimaster.com.ar\/web\/wp-content\/uploads\/2024\/11\/atico_ff92_19-150x150.jpg\" class=\"attachment-thumbnail size-thumbnail\" alt=\"Reforma de \u00e1tico FF92 \/ C+E Arquitectura\" aria-describedby=\"gallery-1-82586\" \/><\/a>\n\t\t\t<\/div>\n\t\t\t\t<figcaption class='wp-caption-text gallery-caption' id='gallery-1-82586'>\n\t\t\t\tReforma de \u00e1tico FF92 \/ C+E Arquitectura (\u00a9 Bypablo Studio)\n\t\t\t\t<\/figcaption><\/figure><figure class='gallery-item'>\n\t\t\t<div class='gallery-icon portrait'>\n\t\t\t\t<a href='https:\/\/www.arquimaster.com.ar\/web\/wp-content\/uploads\/2024\/11\/atico_ff92_20.jpg' title=\"Reforma de \u00e1tico FF92 \/ C+E Arquitectura (\u00a9 Bypablo Studio)\" data-rl_title=\"Reforma de \u00e1tico FF92 \/ C+E Arquitectura (\u00a9 Bypablo Studio)\" class=\"rl-gallery-link\" data-rl_caption=\"Reforma de \u00e1tico FF92 \/ C+E Arquitectura (\u00a9 Bypablo Studio)\" data-rel=\"lightbox-gallery-1\"><img loading=\"lazy\" decoding=\"async\" width=\"150\" height=\"150\" src=\"https:\/\/www.arquimaster.com.ar\/web\/wp-content\/uploads\/2024\/11\/atico_ff92_20-150x150.jpg\" class=\"attachment-thumbnail size-thumbnail\" alt=\"Reforma de \u00e1tico FF92 \/ C+E Arquitectura\" aria-describedby=\"gallery-1-82587\" \/><\/a>\n\t\t\t<\/div>\n\t\t\t\t<figcaption class='wp-caption-text gallery-caption' id='gallery-1-82587'>\n\t\t\t\tReforma de \u00e1tico FF92 \/ C+E Arquitectura (\u00a9 Bypablo Studio)\n\t\t\t\t<\/figcaption><\/figure><figure class='gallery-item'>\n\t\t\t<div class='gallery-icon landscape'>\n\t\t\t\t<a href='https:\/\/www.arquimaster.com.ar\/web\/wp-content\/uploads\/2024\/11\/atico_ff92_21.jpg' title=\"Reforma de \u00e1tico FF92 \/ C+E Arquitectura (planta)\" data-rl_title=\"Reforma de \u00e1tico FF92 \/ C+E Arquitectura (planta)\" class=\"rl-gallery-link\" data-rl_caption=\"Reforma de \u00e1tico FF92 \/ C+E Arquitectura (planta)\" data-rel=\"lightbox-gallery-1\"><img loading=\"lazy\" decoding=\"async\" width=\"150\" height=\"150\" src=\"https:\/\/www.arquimaster.com.ar\/web\/wp-content\/uploads\/2024\/11\/atico_ff92_21-150x150.jpg\" class=\"attachment-thumbnail size-thumbnail\" alt=\"Reforma de \u00e1tico FF92 \/ C+E Arquitectura\" aria-describedby=\"gallery-1-82588\" \/><\/a>\n\t\t\t<\/div>\n\t\t\t\t<figcaption class='wp-caption-text gallery-caption' id='gallery-1-82588'>\n\t\t\t\tReforma de \u00e1tico FF92 \/ C+E Arquitectura (planta)\n\t\t\t\t<\/figcaption><\/figure><figure class='gallery-item'>\n\t\t\t<div class='gallery-icon landscape'>\n\t\t\t\t<a href='https:\/\/www.arquimaster.com.ar\/web\/wp-content\/uploads\/2024\/11\/atico_ff92_22.jpg' title=\"Reforma de \u00e1tico FF92 \/ C+E Arquitectura (planta estado anterior)\" data-rl_title=\"Reforma de \u00e1tico FF92 \/ C+E Arquitectura (planta estado anterior)\" class=\"rl-gallery-link\" data-rl_caption=\"Reforma de \u00e1tico FF92 \/ C+E Arquitectura (planta estado anterior)\" data-rel=\"lightbox-gallery-1\"><img loading=\"lazy\" decoding=\"async\" width=\"150\" height=\"150\" src=\"https:\/\/www.arquimaster.com.ar\/web\/wp-content\/uploads\/2024\/11\/atico_ff92_22-150x150.jpg\" class=\"attachment-thumbnail size-thumbnail\" alt=\"Reforma de \u00e1tico FF92 \/ C+E Arquitectura\" aria-describedby=\"gallery-1-82589\" \/><\/a>\n\t\t\t<\/div>\n\t\t\t\t<figcaption class='wp-caption-text gallery-caption' id='gallery-1-82589'>\n\t\t\t\tReforma de \u00e1tico FF92 \/ C+E Arquitectura (planta estado anterior)\n\t\t\t\t<\/figcaption><\/figure><figure class='gallery-item'>\n\t\t\t<div class='gallery-icon portrait'>\n\t\t\t\t<a href='https:\/\/www.arquimaster.com.ar\/web\/wp-content\/uploads\/2024\/11\/atico_ff92_23.jpg' title=\"Reforma de \u00e1tico FF92 \/ C+E Arquitectura (proceso obra)\" data-rl_title=\"Reforma de \u00e1tico FF92 \/ C+E Arquitectura (proceso obra)\" class=\"rl-gallery-link\" data-rl_caption=\"Reforma de \u00e1tico FF92 \/ C+E Arquitectura (proceso obra)\" data-rel=\"lightbox-gallery-1\"><img loading=\"lazy\" decoding=\"async\" width=\"150\" height=\"150\" src=\"https:\/\/www.arquimaster.com.ar\/web\/wp-content\/uploads\/2024\/11\/atico_ff92_23-150x150.jpg\" class=\"attachment-thumbnail size-thumbnail\" alt=\"Reforma de \u00e1tico FF92 \/ C+E Arquitectura\" aria-describedby=\"gallery-1-82590\" \/><\/a>\n\t\t\t<\/div>\n\t\t\t\t<figcaption class='wp-caption-text gallery-caption' id='gallery-1-82590'>\n\t\t\t\tReforma de \u00e1tico FF92 \/ C+E Arquitectura (proceso obra)\n\t\t\t\t<\/figcaption><\/figure><figure class='gallery-item'>\n\t\t\t<div class='gallery-icon portrait'>\n\t\t\t\t<a href='https:\/\/www.arquimaster.com.ar\/web\/wp-content\/uploads\/2024\/11\/atico_ff92_24.jpg' title=\"Reforma de \u00e1tico FF92 \/ C+E Arquitectura (proceso obra)\" data-rl_title=\"Reforma de \u00e1tico FF92 \/ C+E Arquitectura (proceso obra)\" class=\"rl-gallery-link\" data-rl_caption=\"Reforma de \u00e1tico FF92 \/ C+E Arquitectura (proceso obra)\" data-rel=\"lightbox-gallery-1\"><img loading=\"lazy\" decoding=\"async\" width=\"150\" height=\"150\" src=\"https:\/\/www.arquimaster.com.ar\/web\/wp-content\/uploads\/2024\/11\/atico_ff92_24-150x150.jpg\" class=\"attachment-thumbnail size-thumbnail\" alt=\"Reforma de \u00e1tico FF92 \/ C+E Arquitectura\" aria-describedby=\"gallery-1-82591\" \/><\/a>\n\t\t\t<\/div>\n\t\t\t\t<figcaption class='wp-caption-text gallery-caption' id='gallery-1-82591'>\n\t\t\t\tReforma de \u00e1tico FF92 \/ C+E Arquitectura (proceso obra)\n\t\t\t\t<\/figcaption><\/figure><figure class='gallery-item'>\n\t\t\t<div class='gallery-icon portrait'>\n\t\t\t\t<a href='https:\/\/www.arquimaster.com.ar\/web\/wp-content\/uploads\/2024\/11\/atico_ff92_25.jpg' title=\"Reforma de \u00e1tico FF92 \/ C+E Arquitectura (proceso obra)\" data-rl_title=\"Reforma de \u00e1tico FF92 \/ C+E Arquitectura (proceso obra)\" class=\"rl-gallery-link\" data-rl_caption=\"Reforma de \u00e1tico FF92 \/ C+E Arquitectura (proceso obra)\" data-rel=\"lightbox-gallery-1\"><img loading=\"lazy\" decoding=\"async\" width=\"150\" height=\"150\" src=\"https:\/\/www.arquimaster.com.ar\/web\/wp-content\/uploads\/2024\/11\/atico_ff92_25-150x150.jpg\" class=\"attachment-thumbnail size-thumbnail\" alt=\"Reforma de \u00e1tico FF92 \/ C+E Arquitectura\" aria-describedby=\"gallery-1-82592\" \/><\/a>\n\t\t\t<\/div>\n\t\t\t\t<figcaption class='wp-caption-text gallery-caption' id='gallery-1-82592'>\n\t\t\t\tReforma de \u00e1tico FF92 \/ C+E Arquitectura (proceso obra)\n\t\t\t\t<\/figcaption><\/figure><figure class='gallery-item'>\n\t\t\t<div class='gallery-icon portrait'>\n\t\t\t\t<a href='https:\/\/www.arquimaster.com.ar\/web\/wp-content\/uploads\/2024\/11\/atico_ff92_26.jpg' title=\"Reforma de \u00e1tico FF92 \/ C+E Arquitectura (proceso obra)\" data-rl_title=\"Reforma de \u00e1tico FF92 \/ C+E Arquitectura (proceso obra)\" class=\"rl-gallery-link\" data-rl_caption=\"Reforma de \u00e1tico FF92 \/ C+E Arquitectura (proceso obra)\" data-rel=\"lightbox-gallery-1\"><img loading=\"lazy\" decoding=\"async\" width=\"150\" height=\"150\" src=\"https:\/\/www.arquimaster.com.ar\/web\/wp-content\/uploads\/2024\/11\/atico_ff92_26-150x150.jpg\" class=\"attachment-thumbnail size-thumbnail\" alt=\"Reforma de \u00e1tico FF92 \/ C+E Arquitectura\" aria-describedby=\"gallery-1-82593\" \/><\/a>\n\t\t\t<\/div>\n\t\t\t\t<figcaption class='wp-caption-text gallery-caption' id='gallery-1-82593'>\n\t\t\t\tReforma de \u00e1tico FF92 \/ C+E Arquitectura (proceso obra)\n\t\t\t\t<\/figcaption><\/figure><figure class='gallery-item'>\n\t\t\t<div class='gallery-icon portrait'>\n\t\t\t\t<a href='https:\/\/www.arquimaster.com.ar\/web\/wp-content\/uploads\/2024\/11\/atico_ff92_27.jpg' title=\"Reforma de \u00e1tico FF92 \/ C+E Arquitectura (proceso obra)\" data-rl_title=\"Reforma de \u00e1tico FF92 \/ C+E Arquitectura (proceso obra)\" class=\"rl-gallery-link\" data-rl_caption=\"Reforma de \u00e1tico FF92 \/ C+E Arquitectura (proceso obra)\" data-rel=\"lightbox-gallery-1\"><img loading=\"lazy\" decoding=\"async\" width=\"150\" height=\"150\" src=\"https:\/\/www.arquimaster.com.ar\/web\/wp-content\/uploads\/2024\/11\/atico_ff92_27-150x150.jpg\" class=\"attachment-thumbnail size-thumbnail\" alt=\"Reforma de \u00e1tico FF92 \/ C+E Arquitectura\" aria-describedby=\"gallery-1-82594\" \/><\/a>\n\t\t\t<\/div>\n\t\t\t\t<figcaption class='wp-caption-text gallery-caption' id='gallery-1-82594'>\n\t\t\t\tReforma de \u00e1tico FF92 \/ C+E Arquitectura (proceso obra)\n\t\t\t\t<\/figcaption><\/figure><figure class='gallery-item'>\n\t\t\t<div class='gallery-icon portrait'>\n\t\t\t\t<a href='https:\/\/www.arquimaster.com.ar\/web\/wp-content\/uploads\/2024\/11\/atico_ff92_28.jpg' title=\"Reforma de \u00e1tico FF92 \/ C+E Arquitectura (proceso obra)\" data-rl_title=\"Reforma de \u00e1tico FF92 \/ C+E Arquitectura (proceso obra)\" class=\"rl-gallery-link\" data-rl_caption=\"Reforma de \u00e1tico FF92 \/ C+E Arquitectura (proceso obra)\" data-rel=\"lightbox-gallery-1\"><img loading=\"lazy\" decoding=\"async\" width=\"150\" height=\"150\" src=\"https:\/\/www.arquimaster.com.ar\/web\/wp-content\/uploads\/2024\/11\/atico_ff92_28-150x150.jpg\" class=\"attachment-thumbnail size-thumbnail\" alt=\"Reforma de \u00e1tico FF92 \/ C+E Arquitectura\" aria-describedby=\"gallery-1-82595\" \/><\/a>\n\t\t\t<\/div>\n\t\t\t\t<figcaption class='wp-caption-text gallery-caption' id='gallery-1-82595'>\n\t\t\t\tReforma de \u00e1tico FF92 \/ C+E Arquitectura (proceso obra)\n\t\t\t\t<\/figcaption><\/figure><figure class='gallery-item'>\n\t\t\t<div class='gallery-icon portrait'>\n\t\t\t\t<a href='https:\/\/www.arquimaster.com.ar\/web\/wp-content\/uploads\/2024\/11\/atico_ff92_29.jpg' title=\"Reforma de \u00e1tico FF92 \/ C+E Arquitectura (proceso obra)\" data-rl_title=\"Reforma de \u00e1tico FF92 \/ C+E Arquitectura (proceso obra)\" class=\"rl-gallery-link\" data-rl_caption=\"Reforma de \u00e1tico FF92 \/ C+E Arquitectura (proceso obra)\" data-rel=\"lightbox-gallery-1\"><img loading=\"lazy\" decoding=\"async\" width=\"150\" height=\"150\" src=\"https:\/\/www.arquimaster.com.ar\/web\/wp-content\/uploads\/2024\/11\/atico_ff92_29-150x150.jpg\" class=\"attachment-thumbnail size-thumbnail\" alt=\"Reforma de \u00e1tico FF92 \/ C+E Arquitectura\" aria-describedby=\"gallery-1-82596\" \/><\/a>\n\t\t\t<\/div>\n\t\t\t\t<figcaption class='wp-caption-text gallery-caption' id='gallery-1-82596'>\n\t\t\t\tReforma de \u00e1tico FF92 \/ C+E Arquitectura (proceso obra)\n\t\t\t\t<\/figcaption><\/figure><figure class='gallery-item'>\n\t\t\t<div class='gallery-icon portrait'>\n\t\t\t\t<a href='https:\/\/www.arquimaster.com.ar\/web\/wp-content\/uploads\/2024\/11\/atico_ff92_30.jpg' title=\"Reforma de \u00e1tico FF92 \/ C+E Arquitectura (proceso obra)\" data-rl_title=\"Reforma de \u00e1tico FF92 \/ C+E Arquitectura (proceso obra)\" class=\"rl-gallery-link\" data-rl_caption=\"Reforma de \u00e1tico FF92 \/ C+E Arquitectura (proceso obra)\" data-rel=\"lightbox-gallery-1\"><img loading=\"lazy\" decoding=\"async\" width=\"150\" height=\"150\" src=\"https:\/\/www.arquimaster.com.ar\/web\/wp-content\/uploads\/2024\/11\/atico_ff92_30-150x150.jpg\" class=\"attachment-thumbnail size-thumbnail\" alt=\"Reforma de \u00e1tico FF92 \/ C+E Arquitectura\" aria-describedby=\"gallery-1-82597\" \/><\/a>\n\t\t\t<\/div>\n\t\t\t\t<figcaption class='wp-caption-text gallery-caption' id='gallery-1-82597'>\n\t\t\t\tReforma de \u00e1tico FF92 \/ C+E Arquitectura (proceso obra)\n\t\t\t\t<\/figcaption><\/figure><figure class='gallery-item'>\n\t\t\t<div class='gallery-icon portrait'>\n\t\t\t\t<a href='https:\/\/www.arquimaster.com.ar\/web\/wp-content\/uploads\/2024\/11\/atico_ff92_31.jpg' title=\"Reforma de \u00e1tico FF92 \/ C+E Arquitectura (proceso obra)\" data-rl_title=\"Reforma de \u00e1tico FF92 \/ C+E Arquitectura (proceso obra)\" class=\"rl-gallery-link\" data-rl_caption=\"Reforma de \u00e1tico FF92 \/ C+E Arquitectura (proceso obra)\" data-rel=\"lightbox-gallery-1\"><img loading=\"lazy\" decoding=\"async\" width=\"150\" height=\"150\" src=\"https:\/\/www.arquimaster.com.ar\/web\/wp-content\/uploads\/2024\/11\/atico_ff92_31-150x150.jpg\" class=\"attachment-thumbnail size-thumbnail\" alt=\"Reforma de \u00e1tico FF92 \/ C+E Arquitectura\" aria-describedby=\"gallery-1-82598\" \/><\/a>\n\t\t\t<\/div>\n\t\t\t\t<figcaption class='wp-caption-text gallery-caption' id='gallery-1-82598'>\n\t\t\t\tReforma de \u00e1tico FF92 \/ C+E Arquitectura (proceso obra)\n\t\t\t\t<\/figcaption><\/figure><figure class='gallery-item'>\n\t\t\t<div class='gallery-icon portrait'>\n\t\t\t\t<a href='https:\/\/www.arquimaster.com.ar\/web\/wp-content\/uploads\/2024\/11\/atico_ff92_32.jpg' title=\"Reforma de \u00e1tico FF92 \/ C+E Arquitectura (proceso obra)\" data-rl_title=\"Reforma de \u00e1tico FF92 \/ C+E Arquitectura (proceso obra)\" class=\"rl-gallery-link\" data-rl_caption=\"Reforma de \u00e1tico FF92 \/ C+E Arquitectura (proceso obra)\" data-rel=\"lightbox-gallery-1\"><img loading=\"lazy\" decoding=\"async\" width=\"150\" height=\"150\" src=\"https:\/\/www.arquimaster.com.ar\/web\/wp-content\/uploads\/2024\/11\/atico_ff92_32-150x150.jpg\" class=\"attachment-thumbnail size-thumbnail\" alt=\"Reforma de \u00e1tico FF92 \/ C+E Arquitectura\" aria-describedby=\"gallery-1-82599\" \/><\/a>\n\t\t\t<\/div>\n\t\t\t\t<figcaption class='wp-caption-text gallery-caption' id='gallery-1-82599'>\n\t\t\t\tReforma de \u00e1tico FF92 \/ C+E Arquitectura (proceso obra)\n\t\t\t\t<\/figcaption><\/figure><figure class='gallery-item'>\n\t\t\t<div class='gallery-icon portrait'>\n\t\t\t\t<a href='https:\/\/www.arquimaster.com.ar\/web\/wp-content\/uploads\/2024\/11\/atico_ff92_33.jpg' title=\"Reforma de \u00e1tico FF92 \/ C+E Arquitectura (proceso obra)\" data-rl_title=\"Reforma de \u00e1tico FF92 \/ C+E Arquitectura (proceso obra)\" class=\"rl-gallery-link\" data-rl_caption=\"Reforma de \u00e1tico FF92 \/ C+E Arquitectura (proceso obra)\" data-rel=\"lightbox-gallery-1\"><img loading=\"lazy\" decoding=\"async\" width=\"150\" height=\"150\" src=\"https:\/\/www.arquimaster.com.ar\/web\/wp-content\/uploads\/2024\/11\/atico_ff92_33-150x150.jpg\" class=\"attachment-thumbnail size-thumbnail\" alt=\"Reforma de \u00e1tico FF92 \/ C+E Arquitectura\" aria-describedby=\"gallery-1-82600\" \/><\/a>\n\t\t\t<\/div>\n\t\t\t\t<figcaption class='wp-caption-text gallery-caption' id='gallery-1-82600'>\n\t\t\t\tReforma de \u00e1tico FF92 \/ C+E Arquitectura (proceso obra)\n\t\t\t\t<\/figcaption><\/figure><figure class='gallery-item'>\n\t\t\t<div class='gallery-icon portrait'>\n\t\t\t\t<a href='https:\/\/www.arquimaster.com.ar\/web\/wp-content\/uploads\/2024\/11\/atico_ff92_34.jpg' title=\"Reforma de \u00e1tico FF92 \/ C+E Arquitectura (proceso obra)\" data-rl_title=\"Reforma de \u00e1tico FF92 \/ C+E Arquitectura (proceso obra)\" class=\"rl-gallery-link\" data-rl_caption=\"Reforma de \u00e1tico FF92 \/ C+E Arquitectura (proceso obra)\" data-rel=\"lightbox-gallery-1\"><img loading=\"lazy\" decoding=\"async\" width=\"150\" height=\"150\" src=\"https:\/\/www.arquimaster.com.ar\/web\/wp-content\/uploads\/2024\/11\/atico_ff92_34-150x150.jpg\" class=\"attachment-thumbnail size-thumbnail\" alt=\"Reforma de \u00e1tico FF92 \/ C+E Arquitectura\" aria-describedby=\"gallery-1-82601\" \/><\/a>\n\t\t\t<\/div>\n\t\t\t\t<figcaption class='wp-caption-text gallery-caption' id='gallery-1-82601'>\n\t\t\t\tReforma de \u00e1tico FF92 \/ C+E Arquitectura (proceso obra)\n\t\t\t\t<\/figcaption><\/figure><figure class='gallery-item'>\n\t\t\t<div class='gallery-icon portrait'>\n\t\t\t\t<a href='https:\/\/www.arquimaster.com.ar\/web\/wp-content\/uploads\/2024\/11\/atico_ff92_35.jpg' title=\"Reforma de \u00e1tico FF92 \/ C+E Arquitectura (proceso obra)\" data-rl_title=\"Reforma de \u00e1tico FF92 \/ C+E Arquitectura (proceso obra)\" class=\"rl-gallery-link\" data-rl_caption=\"Reforma de \u00e1tico FF92 \/ C+E Arquitectura (proceso obra)\" data-rel=\"lightbox-gallery-1\"><img loading=\"lazy\" decoding=\"async\" width=\"150\" height=\"150\" src=\"https:\/\/www.arquimaster.com.ar\/web\/wp-content\/uploads\/2024\/11\/atico_ff92_35-150x150.jpg\" class=\"attachment-thumbnail size-thumbnail\" alt=\"Reforma de \u00e1tico FF92 \/ C+E Arquitectura\" aria-describedby=\"gallery-1-82602\" \/><\/a>\n\t\t\t<\/div>\n\t\t\t\t<figcaption class='wp-caption-text gallery-caption' id='gallery-1-82602'>\n\t\t\t\tReforma de \u00e1tico FF92 \/ C+E Arquitectura (proceso obra)\n\t\t\t\t<\/figcaption><\/figure><figure class='gallery-item'>\n\t\t\t<div class='gallery-icon portrait'>\n\t\t\t\t<a href='https:\/\/www.arquimaster.com.ar\/web\/wp-content\/uploads\/2024\/11\/atico_ff92_36.jpg' title=\"Reforma de \u00e1tico FF92 \/ C+E Arquitectura (proceso obra)\" data-rl_title=\"Reforma de \u00e1tico FF92 \/ C+E Arquitectura (proceso obra)\" class=\"rl-gallery-link\" data-rl_caption=\"Reforma de \u00e1tico FF92 \/ C+E Arquitectura (proceso obra)\" data-rel=\"lightbox-gallery-1\"><img loading=\"lazy\" decoding=\"async\" width=\"150\" height=\"150\" src=\"https:\/\/www.arquimaster.com.ar\/web\/wp-content\/uploads\/2024\/11\/atico_ff92_36-150x150.jpg\" class=\"attachment-thumbnail size-thumbnail\" alt=\"Reforma de \u00e1tico FF92 \/ C+E Arquitectura\" aria-describedby=\"gallery-1-82603\" \/><\/a>\n\t\t\t<\/div>\n\t\t\t\t<figcaption class='wp-caption-text gallery-caption' id='gallery-1-82603'>\n\t\t\t\tReforma de \u00e1tico FF92 \/ C+E Arquitectura (proceso obra)\n\t\t\t\t<\/figcaption><\/figure><figure class='gallery-item'>\n\t\t\t<div class='gallery-icon portrait'>\n\t\t\t\t<a href='https:\/\/www.arquimaster.com.ar\/web\/wp-content\/uploads\/2024\/11\/atico_ff92_37.jpg' title=\"Reforma de \u00e1tico FF92 \/ C+E Arquitectura (proceso obra)\" data-rl_title=\"Reforma de \u00e1tico FF92 \/ C+E Arquitectura (proceso obra)\" class=\"rl-gallery-link\" data-rl_caption=\"Reforma de \u00e1tico FF92 \/ C+E Arquitectura (proceso obra)\" data-rel=\"lightbox-gallery-1\"><img loading=\"lazy\" decoding=\"async\" width=\"150\" height=\"150\" src=\"https:\/\/www.arquimaster.com.ar\/web\/wp-content\/uploads\/2024\/11\/atico_ff92_37-150x150.jpg\" class=\"attachment-thumbnail size-thumbnail\" alt=\"Reforma de \u00e1tico FF92 \/ C+E Arquitectura\" aria-describedby=\"gallery-1-82604\" \/><\/a>\n\t\t\t<\/div>\n\t\t\t\t<figcaption class='wp-caption-text gallery-caption' id='gallery-1-82604'>\n\t\t\t\tReforma de \u00e1tico FF92 \/ C+E Arquitectura (proceso obra)\n\t\t\t\t<\/figcaption><\/figure><figure class='gallery-item'>\n\t\t\t<div class='gallery-icon portrait'>\n\t\t\t\t<a href='https:\/\/www.arquimaster.com.ar\/web\/wp-content\/uploads\/2024\/11\/atico_ff92_38.jpg' title=\"Reforma de \u00e1tico FF92 \/ C+E Arquitectura (proceso obra)\" data-rl_title=\"Reforma de \u00e1tico FF92 \/ C+E Arquitectura (proceso obra)\" class=\"rl-gallery-link\" data-rl_caption=\"Reforma de \u00e1tico FF92 \/ C+E Arquitectura (proceso obra)\" data-rel=\"lightbox-gallery-1\"><img loading=\"lazy\" decoding=\"async\" width=\"150\" height=\"150\" src=\"https:\/\/www.arquimaster.com.ar\/web\/wp-content\/uploads\/2024\/11\/atico_ff92_38-150x150.jpg\" class=\"attachment-thumbnail size-thumbnail\" alt=\"Reforma de \u00e1tico FF92 \/ C+E Arquitectura\" aria-describedby=\"gallery-1-82605\" \/><\/a>\n\t\t\t<\/div>\n\t\t\t\t<figcaption class='wp-caption-text gallery-caption' id='gallery-1-82605'>\n\t\t\t\tReforma de \u00e1tico FF92 \/ C+E Arquitectura (proceso obra)\n\t\t\t\t<\/figcaption><\/figure><figure class='gallery-item'>\n\t\t\t<div class='gallery-icon portrait'>\n\t\t\t\t<a href='https:\/\/www.arquimaster.com.ar\/web\/wp-content\/uploads\/2024\/11\/atico_ff92_39.jpg' title=\"Reforma de \u00e1tico FF92 \/ C+E Arquitectura (proceso obra)\" data-rl_title=\"Reforma de \u00e1tico FF92 \/ C+E Arquitectura (proceso obra)\" class=\"rl-gallery-link\" data-rl_caption=\"Reforma de \u00e1tico FF92 \/ C+E Arquitectura (proceso obra)\" data-rel=\"lightbox-gallery-1\"><img loading=\"lazy\" decoding=\"async\" width=\"150\" height=\"150\" src=\"https:\/\/www.arquimaster.com.ar\/web\/wp-content\/uploads\/2024\/11\/atico_ff92_39-150x150.jpg\" class=\"attachment-thumbnail size-thumbnail\" alt=\"Reforma de \u00e1tico FF92 \/ C+E Arquitectura\" aria-describedby=\"gallery-1-82606\" \/><\/a>\n\t\t\t<\/div>\n\t\t\t\t<figcaption class='wp-caption-text gallery-caption' id='gallery-1-82606'>\n\t\t\t\tReforma de \u00e1tico FF92 \/ C+E Arquitectura (proceso obra)\n\t\t\t\t<\/figcaption><\/figure>\n\t\t<\/div>\n\n<p><strong>El Reto<\/strong><br \/>El piso original estaba muy compartimentado, lo que generaba un acceso de entrada muy angosto y oscuro. Ten\u00eda cuatro dormitorios (dos de ellos muy peque\u00f1os), un ba\u00f1o, cocina y sal\u00f3n. En los extremos de la gran terraza hab\u00eda consolidados 2 vol\u00famenes exteriores: uno como trastero y otro como lavadero.<\/p>\n<p>Los objetivos de R para el proyecto de reforma de su apartamento eran claros: Hacer el piso funcional. El proyecto de transformaci\u00f3n debe lograr que sea f\u00e1cil y agradable realizar tareas frecuentes (por ejemplo, cocinar, trabajar, ir al ba\u00f1o). Actualmente, la parte izquierda del apartamento necesita mayor atenci\u00f3n: demasiadas paredes, habitaciones extra\u00f1as, un ba\u00f1o peque\u00f1o, una cocina lejos del sal\u00f3n&#8230;<\/p>\n<p>Conseguir un resultado original, \u00fanico. No quiero que este piso se parezca a cualquier otro. Siento que el sal\u00f3n y la terraza tienen potencial para lograr un gran apartamento. La cocina me la imagino en colores tierra, conformando un lugar destacado dentro del proyecto&#8230; y luego, toques del mismo color en todas partes.<\/p>\n<p>Y as\u00ed hemos trabajado&#8230; persiguiendo un \u00e1rea central m\u00e1s amplia, the core of the apartment, con una entrada y bienvenida memorable. Un espacio distinto y atrevido, con amplitud, luz y color&#8230; tanto en el mobiliario como en el pavimento y\/o paredes.<\/p>\n<p><strong>La soluci\u00f3n<\/strong><br \/>Integrar el concepto de dise\u00f1o abierto en el proyecto ha sido la condici\u00f3n indispensable para ganar m\u00e1s luz, conexi\u00f3n espacial, visuales y versatilidad en el programa. Por ello hemos eliminado gran parte de la compartimentaci\u00f3n existente y hemos realizado varios apeos estructurales (nuevos dinteles o vigas para poder abrir huecos de paso) en 2 paredes de carga, que junto con la decisi\u00f3n de trasladar la cocina a la entrada para aproximarla al sal\u00f3n, integr\u00e1ndola y vincul\u00e1ndola a la zona de d\u00eda, ha sido todo un acierto. Estos cambios tambi\u00e9n han permitido ganar el segundo ba\u00f1o (en suite).<\/p>\n<p>En la propuesta hemos consignado 2 piezas dormitorios: una suite con vestidor y nuevo ba\u00f1o integrado, y otra de invitados, en la que hemos anexado el volumen exterior trastero para hacerla un poco m\u00e1s grande. Junto a los dormitorios se ha previsto un espacio abierto y flexible, que inunda de luz el final del pasillo y el vestidor de la suite, y que funciona como sala de juegos o despacho. Se han dejado previstas unas gu\u00edas en falso techo que permitir\u00e1n incorporar m\u00e1s adelante unas celos\u00edas correderas transl\u00facidas cuando la situaci\u00f3n lo requiera.<\/p>\n<p>Por \u00faltimo, para mejorar el rendimiento energ\u00e9tico y el confort t\u00e9rmico dentro de la vivienda, hemos llevado a cabo una serie de actuaciones: hemos incorporado aerotermia como sistema para la producci\u00f3n de ACS, bomba de calor para la climatizaci\u00f3n por conductos, sustituido toda la carpinter\u00eda por una con RPT y vidrios dobles y hemos aislado por el interior paredes y techos con un aislamiento t\u00e9rmico reflexivo.<\/p>\n<p>Este tipo de aislamiento es muy fino y ligero con una alta capacidad de aislamiento frente al calor, al fr\u00edo y a la humedad y tambi\u00e9n con excelente resistencia al agua, por lo que evita las condensaciones y la creaci\u00f3n y proliferaci\u00f3n de hongos y bacterias. Colocando aislamiento t\u00e9rmico reflexivo hemos conseguido perder menos superficie de la vivienda que si lo hubi\u00e9ramos hecho con aislamientos convencionales (de m\u00e1s espesor).<\/p>\n<p><strong>El resultado<\/strong><br \/>Desde la pandemia la cocina ha vivido una importante evoluci\u00f3n como \u00e1rea social, nodo de actividades. Se ha convertido definitivamente en el coraz\u00f3n de la vivienda. Por otro lado, uno de los requisitos del cliente era reconvertir la entrada, persiguiendo un \u00e1rea central con un espacio de llegada amplio y bienvenida memorable.<\/p>\n<p>As\u00ed, la cocina se ha integrado con el espacio de entrada: su dise\u00f1o se ha pensado como una \u00e1rea flexible e inclusiva y no como una zona aislada y focalizada a un \u00fanico uso, con un estilo personalizado y marcado, que causa un efecto sorpresa al entrar.<\/p>\n<p>Fusionar estas dos piezas no s\u00f3lo se ha traducido en una est\u00e9tica m\u00e1s moderna, sino que tambi\u00e9n ha conseguido optimizar la superficie del piso (65 m2), haciendo m\u00e1s funcional el programa y m\u00e1s amplia y luminosa la llegada. Ahora entrada, cocina, sal\u00f3n, comedor y terraza se hibridan en un \u00fanico espacio, con total apertura al exterior y vistas a la monta\u00f1a.<\/p>\n<p>En la zona de d\u00eda, los \u00abearthy\u00bb son protagonistas: misma materialidad y color en cocina y aseo de invitados, gener\u00e1ndose entre ellos una continuidad en el pavimento, paredes y mobiliario.<\/p>\n<p>En la zona de noche (dormitorios), R se decant\u00f3 por gamas m\u00e1s neutras, c\u00e1lidas y arenosas combinadas con toques verde sage. El revestimiento continuo y satinado que aporta el microcemento en paredes y suelos contrasta con los relieves mate que proporciona el laminado en dormitorios y las baldosas escogidas para el ba\u00f1o suite.<\/p>\n\n\n<div style=\"height:20px\" aria-hidden=\"true\" class=\"wp-block-spacer\"><\/div>\n\n\n\n<p class=\"has-background\" style=\"background-color:#eaeaea\"><strong>Ficha t\u00e9cnica<\/strong><br>Nombre: Proyecto FF92<br>Ubicaci\u00f3n: Barcelona<br>Proyecto de Reforma, Interiorismo y Direcci\u00f3n de Obra: C+E Arquitectura<br>Gesti\u00f3n de obra:\u00a0@elisabetdresbach<br>Panelado DM lacado: @FustesSantFeliu<br>Mobiliario cocina\u00a0@FustesSantFeliu<br>Frontal de HPL para el mobiliario cocina en earthy red:\u00a0@formicagroupeu<br>Encimeras de cuarzo en earthy red:\u00a0@silestonebycosentino\u00a0y\u00a0@dektonbycosentino<br>Fregadero, grifo y campana integrada en falso techo:\u00a0@frecan.es<br>Microcemento en earthy red y Trigo:\u00a0@futurcret_microcemento<br>Suelo laminado: @haroflooring<br>Mobiliario ba\u00f1os: @jodul_com<br>Baldosas de 20&#215;20 y 10&#215;30 earthy red, sage green y beige tones para paredes, ba\u00f1os y frontal pared cocina:\u00a0@jodul_com<br>Grifer\u00eda ba\u00f1os: @tres.griferia<br>A\u00f1o: 2024<br>Fotografia: Pavel Adashkevich (Bypablo Studio) @bypablo.estudio<br>Sitio web: https:\/\/www.cmasearquitectura.com<br>Instagram: @cmasearquitectura<\/p>\n\n\n\n<div style=\"height:40px\" aria-hidden=\"true\" class=\"wp-block-spacer\"><\/div>\n\n<div style=\"font-size: 0px; height: 0px; line-height: 0px; margin: 0; padding: 0; clear: both;\"><\/div><div style=\"margin-top: 0px; margin-bottom: 0px;\" class=\"sharethis-inline-share-buttons\" ><\/div>","protected":false},"excerpt":{"rendered":"<p>Integrar el concepto de dise\u00f1o abierto aporta luz, conexi\u00f3n espacial, visuales y versatilidad&#8230;<\/p>\n","protected":false},"author":1,"featured_media":82567,"comment_status":"closed","ping_status":"closed","sticky":false,"template":"","format":"standard","meta":{"_uag_custom_page_level_css":"","footnotes":""},"categories":[79,1],"tags":[5581,4282,6054,679,7800,249,104,6485,1043,254],"class_list":["post-82566","post","type-post","status-publish","format-standard","has-post-thumbnail","hentry","category-departamentos","category-proyecto","tag-apartamento","tag-arquitectura-residencial","tag-atico","tag-barcelona","tag-ce-arquitectura","tag-departamento","tag-espana","tag-reforma-de-apartamento","tag-reforma-de-vivienda","tag-vivienda-unifamiliar-2","generate-columns","tablet-grid-50","mobile-grid-100","grid-parent","grid-50"],"yoast_head":"<!-- This site is optimized with the Yoast SEO plugin v27.3 - https:\/\/yoast.com\/product\/yoast-seo-wordpress\/ -->\n<title>Reforma de \u00e1tico FF92 \/ C+E Arquitectura - Arquimaster<\/title>\n<meta name=\"robots\" content=\"index, follow, max-snippet:-1, max-image-preview:large, max-video-preview:-1\" \/>\n<link rel=\"canonical\" href=\"https:\/\/www.arquimaster.com.ar\/web\/reforma-de-atico-ff92-ce-arquitectura\/\" \/>\n<meta property=\"og:locale\" content=\"es_ES\" \/>\n<meta property=\"og:type\" content=\"article\" \/>\n<meta property=\"og:title\" content=\"Reforma de \u00e1tico FF92 \/ C+E Arquitectura - Arquimaster\" \/>\n<meta property=\"og:description\" content=\"Integrar el concepto de dise\u00f1o abierto aporta luz, conexi\u00f3n espacial, visuales y versatilidad...\" \/>\n<meta property=\"og:url\" content=\"https:\/\/www.arquimaster.com.ar\/web\/reforma-de-atico-ff92-ce-arquitectura\/\" \/>\n<meta property=\"og:site_name\" content=\"Arquimaster\" \/>\n<meta property=\"article:publisher\" content=\"http:\/\/www.facebook.com\/ARQUIMASTER.com.ar\" \/>\n<meta property=\"article:published_time\" content=\"2024-11-14T01:55:39+00:00\" \/>\n<meta property=\"article:modified_time\" content=\"2025-07-23T22:47:37+00:00\" \/>\n<meta property=\"og:image\" content=\"https:\/\/www.arquimaster.com.ar\/web\/wp-content\/uploads\/2024\/11\/atico_ff92_slide.jpg\" \/>\n\t<meta property=\"og:image:width\" content=\"698\" \/>\n\t<meta property=\"og:image:height\" content=\"364\" \/>\n\t<meta property=\"og:image:type\" content=\"image\/jpeg\" \/>\n<meta name=\"author\" content=\"Arquimaster\" \/>\n<meta name=\"twitter:card\" content=\"summary_large_image\" \/>\n<meta name=\"twitter:creator\" content=\"@arquimaster\" \/>\n<meta name=\"twitter:site\" content=\"@arquimaster\" \/>\n<meta name=\"twitter:label1\" content=\"Escrito por\" \/>\n\t<meta name=\"twitter:data1\" content=\"Arquimaster\" \/>\n\t<meta name=\"twitter:label2\" content=\"Tiempo de lectura\" \/>\n\t<meta name=\"twitter:data2\" content=\"5 minutos\" \/>\n<script type=\"application\/ld+json\" class=\"yoast-schema-graph\">{\"@context\":\"https:\\\/\\\/schema.org\",\"@graph\":[{\"@type\":\"Article\",\"@id\":\"https:\\\/\\\/www.arquimaster.com.ar\\\/web\\\/reforma-de-atico-ff92-ce-arquitectura\\\/#article\",\"isPartOf\":{\"@id\":\"https:\\\/\\\/www.arquimaster.com.ar\\\/web\\\/reforma-de-atico-ff92-ce-arquitectura\\\/\"},\"author\":{\"name\":\"Arquimaster\",\"@id\":\"https:\\\/\\\/www.arquimaster.com.ar\\\/web\\\/#\\\/schema\\\/person\\\/359e9f7c00193fcde068e0dd2ceb0028\"},\"headline\":\"Reforma de \u00e1tico FF92 \\\/ C+E Arquitectura\",\"datePublished\":\"2024-11-14T01:55:39+00:00\",\"dateModified\":\"2025-07-23T22:47:37+00:00\",\"mainEntityOfPage\":{\"@id\":\"https:\\\/\\\/www.arquimaster.com.ar\\\/web\\\/reforma-de-atico-ff92-ce-arquitectura\\\/\"},\"wordCount\":1071,\"publisher\":{\"@id\":\"https:\\\/\\\/www.arquimaster.com.ar\\\/web\\\/#organization\"},\"image\":{\"@id\":\"https:\\\/\\\/www.arquimaster.com.ar\\\/web\\\/reforma-de-atico-ff92-ce-arquitectura\\\/#primaryimage\"},\"thumbnailUrl\":\"https:\\\/\\\/www.arquimaster.com.ar\\\/web\\\/wp-content\\\/uploads\\\/2024\\\/11\\\/atico_ff92_slide.jpg\",\"keywords\":[\"apartamento\",\"arquitectura residencial\",\"atico\",\"Barcelona\",\"C+E Arquitectura\",\"departamento\",\"Espa\u00f1a\",\"reforma de apartamento\",\"reforma de vivienda\",\"vivienda unifamiliar\"],\"articleSection\":[\"Departamentos y Lofts\",\"Proyecto\"],\"inLanguage\":\"es\"},{\"@type\":\"WebPage\",\"@id\":\"https:\\\/\\\/www.arquimaster.com.ar\\\/web\\\/reforma-de-atico-ff92-ce-arquitectura\\\/\",\"url\":\"https:\\\/\\\/www.arquimaster.com.ar\\\/web\\\/reforma-de-atico-ff92-ce-arquitectura\\\/\",\"name\":\"Reforma de \u00e1tico FF92 \\\/ C+E Arquitectura - Arquimaster\",\"isPartOf\":{\"@id\":\"https:\\\/\\\/www.arquimaster.com.ar\\\/web\\\/#website\"},\"primaryImageOfPage\":{\"@id\":\"https:\\\/\\\/www.arquimaster.com.ar\\\/web\\\/reforma-de-atico-ff92-ce-arquitectura\\\/#primaryimage\"},\"image\":{\"@id\":\"https:\\\/\\\/www.arquimaster.com.ar\\\/web\\\/reforma-de-atico-ff92-ce-arquitectura\\\/#primaryimage\"},\"thumbnailUrl\":\"https:\\\/\\\/www.arquimaster.com.ar\\\/web\\\/wp-content\\\/uploads\\\/2024\\\/11\\\/atico_ff92_slide.jpg\",\"datePublished\":\"2024-11-14T01:55:39+00:00\",\"dateModified\":\"2025-07-23T22:47:37+00:00\",\"breadcrumb\":{\"@id\":\"https:\\\/\\\/www.arquimaster.com.ar\\\/web\\\/reforma-de-atico-ff92-ce-arquitectura\\\/#breadcrumb\"},\"inLanguage\":\"es\",\"potentialAction\":[{\"@type\":\"ReadAction\",\"target\":[\"https:\\\/\\\/www.arquimaster.com.ar\\\/web\\\/reforma-de-atico-ff92-ce-arquitectura\\\/\"]}]},{\"@type\":\"ImageObject\",\"inLanguage\":\"es\",\"@id\":\"https:\\\/\\\/www.arquimaster.com.ar\\\/web\\\/reforma-de-atico-ff92-ce-arquitectura\\\/#primaryimage\",\"url\":\"https:\\\/\\\/www.arquimaster.com.ar\\\/web\\\/wp-content\\\/uploads\\\/2024\\\/11\\\/atico_ff92_slide.jpg\",\"contentUrl\":\"https:\\\/\\\/www.arquimaster.com.ar\\\/web\\\/wp-content\\\/uploads\\\/2024\\\/11\\\/atico_ff92_slide.jpg\",\"width\":698,\"height\":364,\"caption\":\"Reforma de \u00e1tico FF92 \\\/ C+E Arquitectura\"},{\"@type\":\"BreadcrumbList\",\"@id\":\"https:\\\/\\\/www.arquimaster.com.ar\\\/web\\\/reforma-de-atico-ff92-ce-arquitectura\\\/#breadcrumb\",\"itemListElement\":[{\"@type\":\"ListItem\",\"position\":1,\"name\":\"Portada\",\"item\":\"https:\\\/\\\/www.arquimaster.com.ar\\\/web\\\/\"},{\"@type\":\"ListItem\",\"position\":2,\"name\":\"Reforma de \u00e1tico FF92 \\\/ C+E Arquitectura\"}]},{\"@type\":\"WebSite\",\"@id\":\"https:\\\/\\\/www.arquimaster.com.ar\\\/web\\\/#website\",\"url\":\"https:\\\/\\\/www.arquimaster.com.ar\\\/web\\\/\",\"name\":\"Arquimaster\",\"description\":\"Web de arquitectura, dise\u00f1o y construccion\",\"publisher\":{\"@id\":\"https:\\\/\\\/www.arquimaster.com.ar\\\/web\\\/#organization\"},\"potentialAction\":[{\"@type\":\"SearchAction\",\"target\":{\"@type\":\"EntryPoint\",\"urlTemplate\":\"https:\\\/\\\/www.arquimaster.com.ar\\\/web\\\/?s={search_term_string}\"},\"query-input\":{\"@type\":\"PropertyValueSpecification\",\"valueRequired\":true,\"valueName\":\"search_term_string\"}}],\"inLanguage\":\"es\"},{\"@type\":\"Organization\",\"@id\":\"https:\\\/\\\/www.arquimaster.com.ar\\\/web\\\/#organization\",\"name\":\"Arquimaster\",\"url\":\"https:\\\/\\\/www.arquimaster.com.ar\\\/web\\\/\",\"logo\":{\"@type\":\"ImageObject\",\"inLanguage\":\"es\",\"@id\":\"https:\\\/\\\/www.arquimaster.com.ar\\\/web\\\/#\\\/schema\\\/logo\\\/image\\\/\",\"url\":\"https:\\\/\\\/www.arquimaster.com.ar\\\/web\\\/wp-content\\\/uploads\\\/2022\\\/06\\\/arquimaster.png\",\"contentUrl\":\"https:\\\/\\\/www.arquimaster.com.ar\\\/web\\\/wp-content\\\/uploads\\\/2022\\\/06\\\/arquimaster.png\",\"width\":594,\"height\":78,\"caption\":\"Arquimaster\"},\"image\":{\"@id\":\"https:\\\/\\\/www.arquimaster.com.ar\\\/web\\\/#\\\/schema\\\/logo\\\/image\\\/\"},\"sameAs\":[\"http:\\\/\\\/www.facebook.com\\\/ARQUIMASTER.com.ar\",\"https:\\\/\\\/x.com\\\/arquimaster\",\"https:\\\/\\\/www.instagram.com\\\/arquimasterblog\\\/\",\"https:\\\/\\\/www.linkedin.com\\\/company\\\/arquimaster\",\"https:\\\/\\\/www.pinterest.com\\\/arquimaster\",\"https:\\\/\\\/t.me\\\/arquimaster\"]},{\"@type\":\"Person\",\"@id\":\"https:\\\/\\\/www.arquimaster.com.ar\\\/web\\\/#\\\/schema\\\/person\\\/359e9f7c00193fcde068e0dd2ceb0028\",\"name\":\"Arquimaster\"}]}<\/script>\n<!-- \/ Yoast SEO plugin. -->","yoast_head_json":{"title":"Reforma de \u00e1tico FF92 \/ C+E Arquitectura - Arquimaster","robots":{"index":"index","follow":"follow","max-snippet":"max-snippet:-1","max-image-preview":"max-image-preview:large","max-video-preview":"max-video-preview:-1"},"canonical":"https:\/\/www.arquimaster.com.ar\/web\/reforma-de-atico-ff92-ce-arquitectura\/","og_locale":"es_ES","og_type":"article","og_title":"Reforma de \u00e1tico FF92 \/ C+E Arquitectura - Arquimaster","og_description":"Integrar el concepto de dise\u00f1o abierto aporta luz, conexi\u00f3n espacial, visuales y versatilidad...","og_url":"https:\/\/www.arquimaster.com.ar\/web\/reforma-de-atico-ff92-ce-arquitectura\/","og_site_name":"Arquimaster","article_publisher":"http:\/\/www.facebook.com\/ARQUIMASTER.com.ar","article_published_time":"2024-11-14T01:55:39+00:00","article_modified_time":"2025-07-23T22:47:37+00:00","og_image":[{"width":698,"height":364,"url":"https:\/\/www.arquimaster.com.ar\/web\/wp-content\/uploads\/2024\/11\/atico_ff92_slide.jpg","type":"image\/jpeg"}],"author":"Arquimaster","twitter_card":"summary_large_image","twitter_creator":"@arquimaster","twitter_site":"@arquimaster","twitter_misc":{"Escrito por":"Arquimaster","Tiempo de lectura":"5 minutos"},"schema":{"@context":"https:\/\/schema.org","@graph":[{"@type":"Article","@id":"https:\/\/www.arquimaster.com.ar\/web\/reforma-de-atico-ff92-ce-arquitectura\/#article","isPartOf":{"@id":"https:\/\/www.arquimaster.com.ar\/web\/reforma-de-atico-ff92-ce-arquitectura\/"},"author":{"name":"Arquimaster","@id":"https:\/\/www.arquimaster.com.ar\/web\/#\/schema\/person\/359e9f7c00193fcde068e0dd2ceb0028"},"headline":"Reforma de \u00e1tico FF92 \/ C+E Arquitectura","datePublished":"2024-11-14T01:55:39+00:00","dateModified":"2025-07-23T22:47:37+00:00","mainEntityOfPage":{"@id":"https:\/\/www.arquimaster.com.ar\/web\/reforma-de-atico-ff92-ce-arquitectura\/"},"wordCount":1071,"publisher":{"@id":"https:\/\/www.arquimaster.com.ar\/web\/#organization"},"image":{"@id":"https:\/\/www.arquimaster.com.ar\/web\/reforma-de-atico-ff92-ce-arquitectura\/#primaryimage"},"thumbnailUrl":"https:\/\/www.arquimaster.com.ar\/web\/wp-content\/uploads\/2024\/11\/atico_ff92_slide.jpg","keywords":["apartamento","arquitectura residencial","atico","Barcelona","C+E Arquitectura","departamento","Espa\u00f1a","reforma de apartamento","reforma de vivienda","vivienda unifamiliar"],"articleSection":["Departamentos y Lofts","Proyecto"],"inLanguage":"es"},{"@type":"WebPage","@id":"https:\/\/www.arquimaster.com.ar\/web\/reforma-de-atico-ff92-ce-arquitectura\/","url":"https:\/\/www.arquimaster.com.ar\/web\/reforma-de-atico-ff92-ce-arquitectura\/","name":"Reforma de \u00e1tico FF92 \/ C+E Arquitectura - Arquimaster","isPartOf":{"@id":"https:\/\/www.arquimaster.com.ar\/web\/#website"},"primaryImageOfPage":{"@id":"https:\/\/www.arquimaster.com.ar\/web\/reforma-de-atico-ff92-ce-arquitectura\/#primaryimage"},"image":{"@id":"https:\/\/www.arquimaster.com.ar\/web\/reforma-de-atico-ff92-ce-arquitectura\/#primaryimage"},"thumbnailUrl":"https:\/\/www.arquimaster.com.ar\/web\/wp-content\/uploads\/2024\/11\/atico_ff92_slide.jpg","datePublished":"2024-11-14T01:55:39+00:00","dateModified":"2025-07-23T22:47:37+00:00","breadcrumb":{"@id":"https:\/\/www.arquimaster.com.ar\/web\/reforma-de-atico-ff92-ce-arquitectura\/#breadcrumb"},"inLanguage":"es","potentialAction":[{"@type":"ReadAction","target":["https:\/\/www.arquimaster.com.ar\/web\/reforma-de-atico-ff92-ce-arquitectura\/"]}]},{"@type":"ImageObject","inLanguage":"es","@id":"https:\/\/www.arquimaster.com.ar\/web\/reforma-de-atico-ff92-ce-arquitectura\/#primaryimage","url":"https:\/\/www.arquimaster.com.ar\/web\/wp-content\/uploads\/2024\/11\/atico_ff92_slide.jpg","contentUrl":"https:\/\/www.arquimaster.com.ar\/web\/wp-content\/uploads\/2024\/11\/atico_ff92_slide.jpg","width":698,"height":364,"caption":"Reforma de \u00e1tico FF92 \/ C+E Arquitectura"},{"@type":"BreadcrumbList","@id":"https:\/\/www.arquimaster.com.ar\/web\/reforma-de-atico-ff92-ce-arquitectura\/#breadcrumb","itemListElement":[{"@type":"ListItem","position":1,"name":"Portada","item":"https:\/\/www.arquimaster.com.ar\/web\/"},{"@type":"ListItem","position":2,"name":"Reforma de \u00e1tico FF92 \/ C+E Arquitectura"}]},{"@type":"WebSite","@id":"https:\/\/www.arquimaster.com.ar\/web\/#website","url":"https:\/\/www.arquimaster.com.ar\/web\/","name":"Arquimaster","description":"Web de arquitectura, dise\u00f1o y construccion","publisher":{"@id":"https:\/\/www.arquimaster.com.ar\/web\/#organization"},"potentialAction":[{"@type":"SearchAction","target":{"@type":"EntryPoint","urlTemplate":"https:\/\/www.arquimaster.com.ar\/web\/?s={search_term_string}"},"query-input":{"@type":"PropertyValueSpecification","valueRequired":true,"valueName":"search_term_string"}}],"inLanguage":"es"},{"@type":"Organization","@id":"https:\/\/www.arquimaster.com.ar\/web\/#organization","name":"Arquimaster","url":"https:\/\/www.arquimaster.com.ar\/web\/","logo":{"@type":"ImageObject","inLanguage":"es","@id":"https:\/\/www.arquimaster.com.ar\/web\/#\/schema\/logo\/image\/","url":"https:\/\/www.arquimaster.com.ar\/web\/wp-content\/uploads\/2022\/06\/arquimaster.png","contentUrl":"https:\/\/www.arquimaster.com.ar\/web\/wp-content\/uploads\/2022\/06\/arquimaster.png","width":594,"height":78,"caption":"Arquimaster"},"image":{"@id":"https:\/\/www.arquimaster.com.ar\/web\/#\/schema\/logo\/image\/"},"sameAs":["http:\/\/www.facebook.com\/ARQUIMASTER.com.ar","https:\/\/x.com\/arquimaster","https:\/\/www.instagram.com\/arquimasterblog\/","https:\/\/www.linkedin.com\/company\/arquimaster","https:\/\/www.pinterest.com\/arquimaster","https:\/\/t.me\/arquimaster"]},{"@type":"Person","@id":"https:\/\/www.arquimaster.com.ar\/web\/#\/schema\/person\/359e9f7c00193fcde068e0dd2ceb0028","name":"Arquimaster"}]}},"uagb_featured_image_src":{"full":["https:\/\/www.arquimaster.com.ar\/web\/wp-content\/uploads\/2024\/11\/atico_ff92_slide.jpg",698,364,false],"thumbnail":["https:\/\/www.arquimaster.com.ar\/web\/wp-content\/uploads\/2024\/11\/atico_ff92_slide-150x150.jpg",150,150,true],"medium":["https:\/\/www.arquimaster.com.ar\/web\/wp-content\/uploads\/2024\/11\/atico_ff92_slide.jpg",698,364,false],"medium_large":["https:\/\/www.arquimaster.com.ar\/web\/wp-content\/uploads\/2024\/11\/atico_ff92_slide.jpg",698,364,false],"large":["https:\/\/www.arquimaster.com.ar\/web\/wp-content\/uploads\/2024\/11\/atico_ff92_slide.jpg",698,364,false],"1536x1536":["https:\/\/www.arquimaster.com.ar\/web\/wp-content\/uploads\/2024\/11\/atico_ff92_slide.jpg",698,364,false],"2048x2048":["https:\/\/www.arquimaster.com.ar\/web\/wp-content\/uploads\/2024\/11\/atico_ff92_slide.jpg",698,364,false]},"uagb_author_info":{"display_name":"Arquimaster","author_link":"https:\/\/www.arquimaster.com.ar\/web\/author\/arquimaster\/"},"uagb_comment_info":0,"uagb_excerpt":"Integrar el concepto de dise\u00f1o abierto aporta luz, conexi\u00f3n espacial, visuales y versatilidad...","_links":{"self":[{"href":"https:\/\/www.arquimaster.com.ar\/web\/wp-json\/wp\/v2\/posts\/82566","targetHints":{"allow":["GET"]}}],"collection":[{"href":"https:\/\/www.arquimaster.com.ar\/web\/wp-json\/wp\/v2\/posts"}],"about":[{"href":"https:\/\/www.arquimaster.com.ar\/web\/wp-json\/wp\/v2\/types\/post"}],"author":[{"embeddable":true,"href":"https:\/\/www.arquimaster.com.ar\/web\/wp-json\/wp\/v2\/users\/1"}],"replies":[{"embeddable":true,"href":"https:\/\/www.arquimaster.com.ar\/web\/wp-json\/wp\/v2\/comments?post=82566"}],"version-history":[{"count":4,"href":"https:\/\/www.arquimaster.com.ar\/web\/wp-json\/wp\/v2\/posts\/82566\/revisions"}],"predecessor-version":[{"id":85077,"href":"https:\/\/www.arquimaster.com.ar\/web\/wp-json\/wp\/v2\/posts\/82566\/revisions\/85077"}],"wp:featuredmedia":[{"embeddable":true,"href":"https:\/\/www.arquimaster.com.ar\/web\/wp-json\/wp\/v2\/media\/82567"}],"wp:attachment":[{"href":"https:\/\/www.arquimaster.com.ar\/web\/wp-json\/wp\/v2\/media?parent=82566"}],"wp:term":[{"taxonomy":"category","embeddable":true,"href":"https:\/\/www.arquimaster.com.ar\/web\/wp-json\/wp\/v2\/categories?post=82566"},{"taxonomy":"post_tag","embeddable":true,"href":"https:\/\/www.arquimaster.com.ar\/web\/wp-json\/wp\/v2\/tags?post=82566"}],"curies":[{"name":"wp","href":"https:\/\/api.w.org\/{rel}","templated":true}]}}