{"id":82677,"date":"2024-11-20T20:14:15","date_gmt":"2024-11-20T23:14:15","guid":{"rendered":"https:\/\/www.arquimaster.com.ar\/web\/?p=82677"},"modified":"2025-07-23T19:47:03","modified_gmt":"2025-07-23T22:47:03","slug":"casa-laz-ooiio-arquitectura","status":"publish","type":"post","link":"https:\/\/www.arquimaster.com.ar\/web\/casa-laz-ooiio-arquitectura\/","title":{"rendered":"Casa Laz \/ OOIIO Arquitectura"},"content":{"rendered":"<div style=\"margin-top: 0px; margin-bottom: 0px;\" class=\"sharethis-inline-share-buttons\" ><\/div><div class=\"b812932af2e751442846f039925109de\" data-index=\"1\" style=\"float: none; margin:25px 0 25px 0; text-align:center;\">\n<script async src=\"https:\/\/pagead2.googlesyndication.com\/pagead\/js\/adsbygoogle.js\"><\/script>\r\n<!-- Arquimaster (superior) -->\r\n<ins class=\"adsbygoogle\"\r\n     style=\"display:block\"\r\n     data-ad-client=\"ca-pub-6351072698456832\"\r\n     data-ad-slot=\"6455489680\"\r\n     data-ad-format=\"auto\"\r\n     data-full-width-responsive=\"true\"><\/ins>\r\n<script>\r\n     (adsbygoogle = window.adsbygoogle || []).push({});\r\n<\/script>\n<\/div>\n<p><strong>Casa Laz<\/strong> (Castilla La-Mancha, Espa\u00f1a) por <strong>OOIIO Arquitectura<\/strong>. En las zonas rurales el problema no suele ser el espacio. Existen numerosos corrales y eras que antiguamente se utilizaban para guardar aperos o prepararlos para la labor en el campo, almacenar el producto tras recogerlo, o las semillas antes de plantarlas.<\/p>\n<div id='gallery-1' class='gallery galleryid-82677 gallery-columns-3 gallery-size-thumbnail'><figure class='gallery-item'>\n\t\t\t<div class='gallery-icon portrait'>\n\t\t\t\t<a href='https:\/\/www.arquimaster.com.ar\/web\/wp-content\/uploads\/2024\/11\/casa_laz_1.jpg' title=\"Casa Laz \/ OOIIO Arquitectura (\u00a9 Javier de Paz)\" data-rl_title=\"Casa Laz \/ OOIIO Arquitectura (\u00a9 Javier de Paz)\" class=\"rl-gallery-link\" data-rl_caption=\"Casa Laz \/ OOIIO Arquitectura (\u00a9 Javier de Paz)\" data-rel=\"lightbox-gallery-1\"><img loading=\"lazy\" decoding=\"async\" width=\"150\" height=\"150\" src=\"https:\/\/www.arquimaster.com.ar\/web\/wp-content\/uploads\/2024\/11\/casa_laz_1-150x150.jpg\" class=\"attachment-thumbnail size-thumbnail\" alt=\"Casa Laz \/ OOIIO Arquitectura\" aria-describedby=\"gallery-1-82679\" \/><\/a>\n\t\t\t<\/div>\n\t\t\t\t<figcaption class='wp-caption-text gallery-caption' id='gallery-1-82679'>\n\t\t\t\tCasa Laz \/ OOIIO Arquitectura (\u00a9 Javier de Paz)\n\t\t\t\t<\/figcaption><\/figure><figure class='gallery-item'>\n\t\t\t<div class='gallery-icon landscape'>\n\t\t\t\t<a href='https:\/\/www.arquimaster.com.ar\/web\/wp-content\/uploads\/2024\/11\/casa_laz_2.jpg' title=\"Casa Laz \/ OOIIO Arquitectura (\u00a9 Javier de Paz)\" data-rl_title=\"Casa Laz \/ OOIIO Arquitectura (\u00a9 Javier de Paz)\" class=\"rl-gallery-link\" data-rl_caption=\"Casa Laz \/ OOIIO Arquitectura (\u00a9 Javier de Paz)\" data-rel=\"lightbox-gallery-1\"><img loading=\"lazy\" decoding=\"async\" width=\"150\" height=\"150\" src=\"https:\/\/www.arquimaster.com.ar\/web\/wp-content\/uploads\/2024\/11\/casa_laz_2-150x150.jpg\" class=\"attachment-thumbnail size-thumbnail\" alt=\"Casa Laz \/ OOIIO Arquitectura\" aria-describedby=\"gallery-1-82680\" \/><\/a>\n\t\t\t<\/div>\n\t\t\t\t<figcaption class='wp-caption-text gallery-caption' id='gallery-1-82680'>\n\t\t\t\tCasa Laz \/ OOIIO Arquitectura (\u00a9 Javier de Paz)\n\t\t\t\t<\/figcaption><\/figure><figure class='gallery-item'>\n\t\t\t<div class='gallery-icon portrait'>\n\t\t\t\t<a href='https:\/\/www.arquimaster.com.ar\/web\/wp-content\/uploads\/2024\/11\/casa_laz_3.jpg' title=\"Casa Laz \/ OOIIO Arquitectura (\u00a9 Javier de Paz)\" data-rl_title=\"Casa Laz \/ OOIIO Arquitectura (\u00a9 Javier de Paz)\" class=\"rl-gallery-link\" data-rl_caption=\"Casa Laz \/ OOIIO Arquitectura (\u00a9 Javier de Paz)\" data-rel=\"lightbox-gallery-1\"><img loading=\"lazy\" decoding=\"async\" width=\"150\" height=\"150\" src=\"https:\/\/www.arquimaster.com.ar\/web\/wp-content\/uploads\/2024\/11\/casa_laz_3-150x150.jpg\" class=\"attachment-thumbnail size-thumbnail\" alt=\"Casa Laz \/ OOIIO Arquitectura\" aria-describedby=\"gallery-1-82681\" \/><\/a>\n\t\t\t<\/div>\n\t\t\t\t<figcaption class='wp-caption-text gallery-caption' id='gallery-1-82681'>\n\t\t\t\tCasa Laz \/ OOIIO Arquitectura (\u00a9 Javier de Paz)\n\t\t\t\t<\/figcaption><\/figure><figure class='gallery-item'>\n\t\t\t<div class='gallery-icon portrait'>\n\t\t\t\t<a href='https:\/\/www.arquimaster.com.ar\/web\/wp-content\/uploads\/2024\/11\/casa_laz_4.jpg' title=\"Casa Laz \/ OOIIO Arquitectura (\u00a9 Javier de Paz)\" data-rl_title=\"Casa Laz \/ OOIIO Arquitectura (\u00a9 Javier de Paz)\" class=\"rl-gallery-link\" data-rl_caption=\"Casa Laz \/ OOIIO Arquitectura (\u00a9 Javier de Paz)\" data-rel=\"lightbox-gallery-1\"><img loading=\"lazy\" decoding=\"async\" width=\"150\" height=\"150\" src=\"https:\/\/www.arquimaster.com.ar\/web\/wp-content\/uploads\/2024\/11\/casa_laz_4-150x150.jpg\" class=\"attachment-thumbnail size-thumbnail\" alt=\"Casa Laz \/ OOIIO Arquitectura\" aria-describedby=\"gallery-1-82682\" \/><\/a>\n\t\t\t<\/div>\n\t\t\t\t<figcaption class='wp-caption-text gallery-caption' id='gallery-1-82682'>\n\t\t\t\tCasa Laz \/ OOIIO Arquitectura (\u00a9 Javier de Paz)\n\t\t\t\t<\/figcaption><\/figure><figure class='gallery-item'>\n\t\t\t<div class='gallery-icon landscape'>\n\t\t\t\t<a href='https:\/\/www.arquimaster.com.ar\/web\/wp-content\/uploads\/2024\/11\/casa_laz_5.jpg' title=\"Casa Laz \/ OOIIO Arquitectura (\u00a9 Javier de Paz)\" data-rl_title=\"Casa Laz \/ OOIIO Arquitectura (\u00a9 Javier de Paz)\" class=\"rl-gallery-link\" data-rl_caption=\"Casa Laz \/ OOIIO Arquitectura (\u00a9 Javier de Paz)\" data-rel=\"lightbox-gallery-1\"><img loading=\"lazy\" decoding=\"async\" width=\"150\" height=\"150\" src=\"https:\/\/www.arquimaster.com.ar\/web\/wp-content\/uploads\/2024\/11\/casa_laz_5-150x150.jpg\" class=\"attachment-thumbnail size-thumbnail\" alt=\"Casa Laz \/ OOIIO Arquitectura\" aria-describedby=\"gallery-1-82683\" \/><\/a>\n\t\t\t<\/div>\n\t\t\t\t<figcaption class='wp-caption-text gallery-caption' id='gallery-1-82683'>\n\t\t\t\tCasa Laz \/ OOIIO Arquitectura (\u00a9 Javier de Paz)\n\t\t\t\t<\/figcaption><\/figure><figure class='gallery-item'>\n\t\t\t<div class='gallery-icon landscape'>\n\t\t\t\t<a href='https:\/\/www.arquimaster.com.ar\/web\/wp-content\/uploads\/2024\/11\/casa_laz_6.jpg' title=\"Casa Laz \/ OOIIO Arquitectura (\u00a9 Javier de Paz)\" data-rl_title=\"Casa Laz \/ OOIIO Arquitectura (\u00a9 Javier de Paz)\" class=\"rl-gallery-link\" data-rl_caption=\"Casa Laz \/ OOIIO Arquitectura (\u00a9 Javier de Paz)\" data-rel=\"lightbox-gallery-1\"><img loading=\"lazy\" decoding=\"async\" width=\"150\" height=\"150\" src=\"https:\/\/www.arquimaster.com.ar\/web\/wp-content\/uploads\/2024\/11\/casa_laz_6-150x150.jpg\" class=\"attachment-thumbnail size-thumbnail\" alt=\"Casa Laz \/ OOIIO Arquitectura\" aria-describedby=\"gallery-1-82684\" \/><\/a>\n\t\t\t<\/div>\n\t\t\t\t<figcaption class='wp-caption-text gallery-caption' id='gallery-1-82684'>\n\t\t\t\tCasa Laz \/ OOIIO Arquitectura (\u00a9 Javier de Paz)\n\t\t\t\t<\/figcaption><\/figure><figure class='gallery-item'>\n\t\t\t<div class='gallery-icon landscape'>\n\t\t\t\t<a href='https:\/\/www.arquimaster.com.ar\/web\/wp-content\/uploads\/2024\/11\/casa_laz_7.jpg' title=\"Casa Laz \/ OOIIO Arquitectura (\u00a9 Javier de Paz)\" data-rl_title=\"Casa Laz \/ OOIIO Arquitectura (\u00a9 Javier de Paz)\" class=\"rl-gallery-link\" data-rl_caption=\"Casa Laz \/ OOIIO Arquitectura (\u00a9 Javier de Paz)\" data-rel=\"lightbox-gallery-1\"><img loading=\"lazy\" decoding=\"async\" width=\"150\" height=\"150\" src=\"https:\/\/www.arquimaster.com.ar\/web\/wp-content\/uploads\/2024\/11\/casa_laz_7-150x150.jpg\" class=\"attachment-thumbnail size-thumbnail\" alt=\"Casa Laz \/ OOIIO Arquitectura\" aria-describedby=\"gallery-1-82685\" \/><\/a>\n\t\t\t<\/div>\n\t\t\t\t<figcaption class='wp-caption-text gallery-caption' id='gallery-1-82685'>\n\t\t\t\tCasa Laz \/ OOIIO Arquitectura (\u00a9 Javier de Paz)\n\t\t\t\t<\/figcaption><\/figure><figure class='gallery-item'>\n\t\t\t<div class='gallery-icon landscape'>\n\t\t\t\t<a href='https:\/\/www.arquimaster.com.ar\/web\/wp-content\/uploads\/2024\/11\/casa_laz_8.jpg' title=\"Casa Laz \/ OOIIO Arquitectura (\u00a9 Javier de Paz)\" data-rl_title=\"Casa Laz \/ OOIIO Arquitectura (\u00a9 Javier de Paz)\" class=\"rl-gallery-link\" data-rl_caption=\"Casa Laz \/ OOIIO Arquitectura (\u00a9 Javier de Paz)\" data-rel=\"lightbox-gallery-1\"><img loading=\"lazy\" decoding=\"async\" width=\"150\" height=\"150\" src=\"https:\/\/www.arquimaster.com.ar\/web\/wp-content\/uploads\/2024\/11\/casa_laz_8-150x150.jpg\" class=\"attachment-thumbnail size-thumbnail\" alt=\"Casa Laz \/ OOIIO Arquitectura\" aria-describedby=\"gallery-1-82686\" \/><\/a>\n\t\t\t<\/div>\n\t\t\t\t<figcaption class='wp-caption-text gallery-caption' id='gallery-1-82686'>\n\t\t\t\tCasa Laz \/ OOIIO Arquitectura (\u00a9 Javier de Paz)\n\t\t\t\t<\/figcaption><\/figure><figure class='gallery-item'>\n\t\t\t<div class='gallery-icon landscape'>\n\t\t\t\t<a href='https:\/\/www.arquimaster.com.ar\/web\/wp-content\/uploads\/2024\/11\/casa_laz_9.jpg' title=\"Casa Laz \/ OOIIO Arquitectura (\u00a9 Javier de Paz)\" data-rl_title=\"Casa Laz \/ OOIIO Arquitectura (\u00a9 Javier de Paz)\" class=\"rl-gallery-link\" data-rl_caption=\"Casa Laz \/ OOIIO Arquitectura (\u00a9 Javier de Paz)\" data-rel=\"lightbox-gallery-1\"><img loading=\"lazy\" decoding=\"async\" width=\"150\" height=\"150\" src=\"https:\/\/www.arquimaster.com.ar\/web\/wp-content\/uploads\/2024\/11\/casa_laz_9-150x150.jpg\" class=\"attachment-thumbnail size-thumbnail\" alt=\"Casa Laz \/ OOIIO Arquitectura\" aria-describedby=\"gallery-1-82687\" \/><\/a>\n\t\t\t<\/div>\n\t\t\t\t<figcaption class='wp-caption-text gallery-caption' id='gallery-1-82687'>\n\t\t\t\tCasa Laz \/ OOIIO Arquitectura (\u00a9 Javier de Paz)\n\t\t\t\t<\/figcaption><\/figure><figure class='gallery-item'>\n\t\t\t<div class='gallery-icon landscape'>\n\t\t\t\t<a href='https:\/\/www.arquimaster.com.ar\/web\/wp-content\/uploads\/2024\/11\/casa_laz_10.jpg' title=\"Casa Laz \/ OOIIO Arquitectura (\u00a9 Javier de Paz)\" data-rl_title=\"Casa Laz \/ OOIIO Arquitectura (\u00a9 Javier de Paz)\" class=\"rl-gallery-link\" data-rl_caption=\"Casa Laz \/ OOIIO Arquitectura (\u00a9 Javier de Paz)\" data-rel=\"lightbox-gallery-1\"><img loading=\"lazy\" decoding=\"async\" width=\"150\" height=\"150\" src=\"https:\/\/www.arquimaster.com.ar\/web\/wp-content\/uploads\/2024\/11\/casa_laz_10-150x150.jpg\" class=\"attachment-thumbnail size-thumbnail\" alt=\"Casa Laz \/ OOIIO Arquitectura\" aria-describedby=\"gallery-1-82688\" \/><\/a>\n\t\t\t<\/div>\n\t\t\t\t<figcaption class='wp-caption-text gallery-caption' id='gallery-1-82688'>\n\t\t\t\tCasa Laz \/ OOIIO Arquitectura (\u00a9 Javier de Paz)\n\t\t\t\t<\/figcaption><\/figure><figure class='gallery-item'>\n\t\t\t<div class='gallery-icon portrait'>\n\t\t\t\t<a href='https:\/\/www.arquimaster.com.ar\/web\/wp-content\/uploads\/2024\/11\/casa_laz_11.jpg' title=\"Casa Laz \/ OOIIO Arquitectura (\u00a9 Javier de Paz)\" data-rl_title=\"Casa Laz \/ OOIIO Arquitectura (\u00a9 Javier de Paz)\" class=\"rl-gallery-link\" data-rl_caption=\"Casa Laz \/ OOIIO Arquitectura (\u00a9 Javier de Paz)\" data-rel=\"lightbox-gallery-1\"><img loading=\"lazy\" decoding=\"async\" width=\"150\" height=\"150\" src=\"https:\/\/www.arquimaster.com.ar\/web\/wp-content\/uploads\/2024\/11\/casa_laz_11-150x150.jpg\" class=\"attachment-thumbnail size-thumbnail\" alt=\"Casa Laz \/ OOIIO Arquitectura\" aria-describedby=\"gallery-1-82689\" \/><\/a>\n\t\t\t<\/div>\n\t\t\t\t<figcaption class='wp-caption-text gallery-caption' id='gallery-1-82689'>\n\t\t\t\tCasa Laz \/ OOIIO Arquitectura (\u00a9 Javier de Paz)\n\t\t\t\t<\/figcaption><\/figure><figure class='gallery-item'>\n\t\t\t<div class='gallery-icon portrait'>\n\t\t\t\t<a href='https:\/\/www.arquimaster.com.ar\/web\/wp-content\/uploads\/2024\/11\/casa_laz_12.jpg' title=\"Casa Laz \/ OOIIO Arquitectura (\u00a9 Javier de Paz)\" data-rl_title=\"Casa Laz \/ OOIIO Arquitectura (\u00a9 Javier de Paz)\" class=\"rl-gallery-link\" data-rl_caption=\"Casa Laz \/ OOIIO Arquitectura (\u00a9 Javier de Paz)\" data-rel=\"lightbox-gallery-1\"><img loading=\"lazy\" decoding=\"async\" width=\"150\" height=\"150\" src=\"https:\/\/www.arquimaster.com.ar\/web\/wp-content\/uploads\/2024\/11\/casa_laz_12-150x150.jpg\" class=\"attachment-thumbnail size-thumbnail\" alt=\"Casa Laz \/ OOIIO Arquitectura\" aria-describedby=\"gallery-1-82690\" \/><\/a>\n\t\t\t<\/div>\n\t\t\t\t<figcaption class='wp-caption-text gallery-caption' id='gallery-1-82690'>\n\t\t\t\tCasa Laz \/ OOIIO Arquitectura (\u00a9 Javier de Paz)\n\t\t\t\t<\/figcaption><\/figure><figure class='gallery-item'>\n\t\t\t<div class='gallery-icon portrait'>\n\t\t\t\t<a href='https:\/\/www.arquimaster.com.ar\/web\/wp-content\/uploads\/2024\/11\/casa_laz_13.jpg' title=\"Casa Laz \/ OOIIO Arquitectura (\u00a9 Javier de Paz)\" data-rl_title=\"Casa Laz \/ OOIIO Arquitectura (\u00a9 Javier de Paz)\" class=\"rl-gallery-link\" data-rl_caption=\"Casa Laz \/ OOIIO Arquitectura (\u00a9 Javier de Paz)\" data-rel=\"lightbox-gallery-1\"><img loading=\"lazy\" decoding=\"async\" width=\"150\" height=\"150\" src=\"https:\/\/www.arquimaster.com.ar\/web\/wp-content\/uploads\/2024\/11\/casa_laz_13-150x150.jpg\" class=\"attachment-thumbnail size-thumbnail\" alt=\"Casa Laz \/ OOIIO Arquitectura\" aria-describedby=\"gallery-1-82691\" \/><\/a>\n\t\t\t<\/div>\n\t\t\t\t<figcaption class='wp-caption-text gallery-caption' id='gallery-1-82691'>\n\t\t\t\tCasa Laz \/ OOIIO Arquitectura (\u00a9 Javier de Paz)\n\t\t\t\t<\/figcaption><\/figure><figure class='gallery-item'>\n\t\t\t<div class='gallery-icon landscape'>\n\t\t\t\t<a href='https:\/\/www.arquimaster.com.ar\/web\/wp-content\/uploads\/2024\/11\/casa_laz_14.jpg' title=\"Casa Laz \/ OOIIO Arquitectura (\u00a9 Javier de Paz)\" data-rl_title=\"Casa Laz \/ OOIIO Arquitectura (\u00a9 Javier de Paz)\" class=\"rl-gallery-link\" data-rl_caption=\"Casa Laz \/ OOIIO Arquitectura (\u00a9 Javier de Paz)\" data-rel=\"lightbox-gallery-1\"><img loading=\"lazy\" decoding=\"async\" width=\"150\" height=\"150\" src=\"https:\/\/www.arquimaster.com.ar\/web\/wp-content\/uploads\/2024\/11\/casa_laz_14-150x150.jpg\" class=\"attachment-thumbnail size-thumbnail\" alt=\"Casa Laz \/ OOIIO Arquitectura\" aria-describedby=\"gallery-1-82692\" \/><\/a>\n\t\t\t<\/div>\n\t\t\t\t<figcaption class='wp-caption-text gallery-caption' id='gallery-1-82692'>\n\t\t\t\tCasa Laz \/ OOIIO Arquitectura (\u00a9 Javier de Paz)\n\t\t\t\t<\/figcaption><\/figure><figure class='gallery-item'>\n\t\t\t<div class='gallery-icon landscape'>\n\t\t\t\t<a href='https:\/\/www.arquimaster.com.ar\/web\/wp-content\/uploads\/2024\/11\/casa_laz_15.jpg' title=\"Casa Laz \/ OOIIO Arquitectura (\u00a9 Javier de Paz)\" data-rl_title=\"Casa Laz \/ OOIIO Arquitectura (\u00a9 Javier de Paz)\" class=\"rl-gallery-link\" data-rl_caption=\"Casa Laz \/ OOIIO Arquitectura (\u00a9 Javier de Paz)\" data-rel=\"lightbox-gallery-1\"><img loading=\"lazy\" decoding=\"async\" width=\"150\" height=\"150\" src=\"https:\/\/www.arquimaster.com.ar\/web\/wp-content\/uploads\/2024\/11\/casa_laz_15-150x150.jpg\" class=\"attachment-thumbnail size-thumbnail\" alt=\"Casa Laz \/ OOIIO Arquitectura\" aria-describedby=\"gallery-1-82693\" \/><\/a>\n\t\t\t<\/div>\n\t\t\t\t<figcaption class='wp-caption-text gallery-caption' id='gallery-1-82693'>\n\t\t\t\tCasa Laz \/ OOIIO Arquitectura (\u00a9 Javier de Paz)\n\t\t\t\t<\/figcaption><\/figure><figure class='gallery-item'>\n\t\t\t<div class='gallery-icon portrait'>\n\t\t\t\t<a href='https:\/\/www.arquimaster.com.ar\/web\/wp-content\/uploads\/2024\/11\/casa_laz_16.jpg' title=\"Casa Laz \/ OOIIO Arquitectura (\u00a9 Javier de Paz)\" data-rl_title=\"Casa Laz \/ OOIIO Arquitectura (\u00a9 Javier de Paz)\" class=\"rl-gallery-link\" data-rl_caption=\"Casa Laz \/ OOIIO Arquitectura (\u00a9 Javier de Paz)\" data-rel=\"lightbox-gallery-1\"><img loading=\"lazy\" decoding=\"async\" width=\"150\" height=\"150\" src=\"https:\/\/www.arquimaster.com.ar\/web\/wp-content\/uploads\/2024\/11\/casa_laz_16-150x150.jpg\" class=\"attachment-thumbnail size-thumbnail\" alt=\"Casa Laz \/ OOIIO Arquitectura\" aria-describedby=\"gallery-1-82694\" \/><\/a>\n\t\t\t<\/div>\n\t\t\t\t<figcaption class='wp-caption-text gallery-caption' id='gallery-1-82694'>\n\t\t\t\tCasa Laz \/ OOIIO Arquitectura (\u00a9 Javier de Paz)\n\t\t\t\t<\/figcaption><\/figure><figure class='gallery-item'>\n\t\t\t<div class='gallery-icon landscape'>\n\t\t\t\t<a href='https:\/\/www.arquimaster.com.ar\/web\/wp-content\/uploads\/2024\/11\/casa_laz_17.jpg' title=\"Casa Laz \/ OOIIO Arquitectura (\u00a9 Javier de Paz)\" data-rl_title=\"Casa Laz \/ OOIIO Arquitectura (\u00a9 Javier de Paz)\" class=\"rl-gallery-link\" data-rl_caption=\"Casa Laz \/ OOIIO Arquitectura (\u00a9 Javier de Paz)\" data-rel=\"lightbox-gallery-1\"><img loading=\"lazy\" decoding=\"async\" width=\"150\" height=\"150\" src=\"https:\/\/www.arquimaster.com.ar\/web\/wp-content\/uploads\/2024\/11\/casa_laz_17-150x150.jpg\" class=\"attachment-thumbnail size-thumbnail\" alt=\"Casa Laz \/ OOIIO Arquitectura\" aria-describedby=\"gallery-1-82695\" \/><\/a>\n\t\t\t<\/div>\n\t\t\t\t<figcaption class='wp-caption-text gallery-caption' id='gallery-1-82695'>\n\t\t\t\tCasa Laz \/ OOIIO Arquitectura (\u00a9 Javier de Paz)\n\t\t\t\t<\/figcaption><\/figure><figure class='gallery-item'>\n\t\t\t<div class='gallery-icon landscape'>\n\t\t\t\t<a href='https:\/\/www.arquimaster.com.ar\/web\/wp-content\/uploads\/2024\/11\/casa_laz_18.jpg' title=\"Casa Laz \/ OOIIO Arquitectura (\u00a9 Javier de Paz)\" data-rl_title=\"Casa Laz \/ OOIIO Arquitectura (\u00a9 Javier de Paz)\" class=\"rl-gallery-link\" data-rl_caption=\"Casa Laz \/ OOIIO Arquitectura (\u00a9 Javier de Paz)\" data-rel=\"lightbox-gallery-1\"><img loading=\"lazy\" decoding=\"async\" width=\"150\" height=\"150\" src=\"https:\/\/www.arquimaster.com.ar\/web\/wp-content\/uploads\/2024\/11\/casa_laz_18-150x150.jpg\" class=\"attachment-thumbnail size-thumbnail\" alt=\"Casa Laz \/ OOIIO Arquitectura\" aria-describedby=\"gallery-1-82696\" \/><\/a>\n\t\t\t<\/div>\n\t\t\t\t<figcaption class='wp-caption-text gallery-caption' id='gallery-1-82696'>\n\t\t\t\tCasa Laz \/ OOIIO Arquitectura (\u00a9 Javier de Paz)\n\t\t\t\t<\/figcaption><\/figure><figure class='gallery-item'>\n\t\t\t<div class='gallery-icon portrait'>\n\t\t\t\t<a href='https:\/\/www.arquimaster.com.ar\/web\/wp-content\/uploads\/2024\/11\/casa_laz_19.jpg' title=\"Casa Laz \/ OOIIO Arquitectura (\u00a9 Javier de Paz)\" data-rl_title=\"Casa Laz \/ OOIIO Arquitectura (\u00a9 Javier de Paz)\" class=\"rl-gallery-link\" data-rl_caption=\"Casa Laz \/ OOIIO Arquitectura (\u00a9 Javier de Paz)\" data-rel=\"lightbox-gallery-1\"><img loading=\"lazy\" decoding=\"async\" width=\"150\" height=\"150\" src=\"https:\/\/www.arquimaster.com.ar\/web\/wp-content\/uploads\/2024\/11\/casa_laz_19-150x150.jpg\" class=\"attachment-thumbnail size-thumbnail\" alt=\"Casa Laz \/ OOIIO Arquitectura\" aria-describedby=\"gallery-1-82697\" \/><\/a>\n\t\t\t<\/div>\n\t\t\t\t<figcaption class='wp-caption-text gallery-caption' id='gallery-1-82697'>\n\t\t\t\tCasa Laz \/ OOIIO Arquitectura (\u00a9 Javier de Paz)\n\t\t\t\t<\/figcaption><\/figure><figure class='gallery-item'>\n\t\t\t<div class='gallery-icon portrait'>\n\t\t\t\t<a href='https:\/\/www.arquimaster.com.ar\/web\/wp-content\/uploads\/2024\/11\/casa_laz_20.jpg' title=\"Casa Laz \/ OOIIO Arquitectura (\u00a9 Javier de Paz)\" data-rl_title=\"Casa Laz \/ OOIIO Arquitectura (\u00a9 Javier de Paz)\" class=\"rl-gallery-link\" data-rl_caption=\"Casa Laz \/ OOIIO Arquitectura (\u00a9 Javier de Paz)\" data-rel=\"lightbox-gallery-1\"><img loading=\"lazy\" decoding=\"async\" width=\"150\" height=\"150\" src=\"https:\/\/www.arquimaster.com.ar\/web\/wp-content\/uploads\/2024\/11\/casa_laz_20-150x150.jpg\" class=\"attachment-thumbnail size-thumbnail\" alt=\"Casa Laz \/ OOIIO Arquitectura\" aria-describedby=\"gallery-1-82698\" \/><\/a>\n\t\t\t<\/div>\n\t\t\t\t<figcaption class='wp-caption-text gallery-caption' id='gallery-1-82698'>\n\t\t\t\tCasa Laz \/ OOIIO Arquitectura (\u00a9 Javier de Paz)\n\t\t\t\t<\/figcaption><\/figure><figure class='gallery-item'>\n\t\t\t<div class='gallery-icon landscape'>\n\t\t\t\t<a href='https:\/\/www.arquimaster.com.ar\/web\/wp-content\/uploads\/2024\/11\/casa_laz_21.jpg' title=\"Casa Laz \/ OOIIO Arquitectura (\u00a9 Javier de Paz)\" data-rl_title=\"Casa Laz \/ OOIIO Arquitectura (\u00a9 Javier de Paz)\" class=\"rl-gallery-link\" data-rl_caption=\"Casa Laz \/ OOIIO Arquitectura (\u00a9 Javier de Paz)\" data-rel=\"lightbox-gallery-1\"><img loading=\"lazy\" decoding=\"async\" width=\"150\" height=\"150\" src=\"https:\/\/www.arquimaster.com.ar\/web\/wp-content\/uploads\/2024\/11\/casa_laz_21-150x150.jpg\" class=\"attachment-thumbnail size-thumbnail\" alt=\"Casa Laz \/ OOIIO Arquitectura\" aria-describedby=\"gallery-1-82699\" \/><\/a>\n\t\t\t<\/div>\n\t\t\t\t<figcaption class='wp-caption-text gallery-caption' id='gallery-1-82699'>\n\t\t\t\tCasa Laz \/ OOIIO Arquitectura (\u00a9 Javier de Paz)\n\t\t\t\t<\/figcaption><\/figure><figure class='gallery-item'>\n\t\t\t<div class='gallery-icon portrait'>\n\t\t\t\t<a href='https:\/\/www.arquimaster.com.ar\/web\/wp-content\/uploads\/2024\/11\/casa_laz_22.jpg' title=\"Casa Laz \/ OOIIO Arquitectura (\u00a9 Javier de Paz)\" data-rl_title=\"Casa Laz \/ OOIIO Arquitectura (\u00a9 Javier de Paz)\" class=\"rl-gallery-link\" data-rl_caption=\"Casa Laz \/ OOIIO Arquitectura (\u00a9 Javier de Paz)\" data-rel=\"lightbox-gallery-1\"><img loading=\"lazy\" decoding=\"async\" width=\"150\" height=\"150\" src=\"https:\/\/www.arquimaster.com.ar\/web\/wp-content\/uploads\/2024\/11\/casa_laz_22-150x150.jpg\" class=\"attachment-thumbnail size-thumbnail\" alt=\"Casa Laz \/ OOIIO Arquitectura\" aria-describedby=\"gallery-1-82700\" \/><\/a>\n\t\t\t<\/div>\n\t\t\t\t<figcaption class='wp-caption-text gallery-caption' id='gallery-1-82700'>\n\t\t\t\tCasa Laz \/ OOIIO Arquitectura (\u00a9 Javier de Paz)\n\t\t\t\t<\/figcaption><\/figure><figure class='gallery-item'>\n\t\t\t<div class='gallery-icon portrait'>\n\t\t\t\t<a href='https:\/\/www.arquimaster.com.ar\/web\/wp-content\/uploads\/2024\/11\/casa_laz_23.jpg' title=\"Casa Laz \/ OOIIO Arquitectura (\u00a9 Javier de Paz)\" data-rl_title=\"Casa Laz \/ OOIIO Arquitectura (\u00a9 Javier de Paz)\" class=\"rl-gallery-link\" data-rl_caption=\"Casa Laz \/ OOIIO Arquitectura (\u00a9 Javier de Paz)\" data-rel=\"lightbox-gallery-1\"><img loading=\"lazy\" decoding=\"async\" width=\"150\" height=\"150\" src=\"https:\/\/www.arquimaster.com.ar\/web\/wp-content\/uploads\/2024\/11\/casa_laz_23-150x150.jpg\" class=\"attachment-thumbnail size-thumbnail\" alt=\"Casa Laz \/ OOIIO Arquitectura\" aria-describedby=\"gallery-1-82701\" \/><\/a>\n\t\t\t<\/div>\n\t\t\t\t<figcaption class='wp-caption-text gallery-caption' id='gallery-1-82701'>\n\t\t\t\tCasa Laz \/ OOIIO Arquitectura (\u00a9 Javier de Paz)\n\t\t\t\t<\/figcaption><\/figure><figure class='gallery-item'>\n\t\t\t<div class='gallery-icon portrait'>\n\t\t\t\t<a href='https:\/\/www.arquimaster.com.ar\/web\/wp-content\/uploads\/2024\/11\/casa_laz_24.jpg' title=\"Casa Laz \/ OOIIO Arquitectura\" data-rl_title=\"Casa Laz \/ OOIIO Arquitectura\" class=\"rl-gallery-link\" data-rl_caption=\"Casa Laz \/ OOIIO Arquitectura\" data-rel=\"lightbox-gallery-1\"><img loading=\"lazy\" decoding=\"async\" width=\"150\" height=\"150\" src=\"https:\/\/www.arquimaster.com.ar\/web\/wp-content\/uploads\/2024\/11\/casa_laz_24-150x150.jpg\" class=\"attachment-thumbnail size-thumbnail\" alt=\"Casa Laz \/ OOIIO Arquitectura\" aria-describedby=\"gallery-1-82702\" \/><\/a>\n\t\t\t<\/div>\n\t\t\t\t<figcaption class='wp-caption-text gallery-caption' id='gallery-1-82702'>\n\t\t\t\tCasa Laz \/ OOIIO Arquitectura\n\t\t\t\t<\/figcaption><\/figure><figure class='gallery-item'>\n\t\t\t<div class='gallery-icon landscape'>\n\t\t\t\t<a href='https:\/\/www.arquimaster.com.ar\/web\/wp-content\/uploads\/2024\/11\/casa_laz_25.jpg' title=\"Casa Laz \/ OOIIO Arquitectura\" data-rl_title=\"Casa Laz \/ OOIIO Arquitectura\" class=\"rl-gallery-link\" data-rl_caption=\"Casa Laz \/ OOIIO Arquitectura\" data-rel=\"lightbox-gallery-1\"><img loading=\"lazy\" decoding=\"async\" width=\"150\" height=\"150\" src=\"https:\/\/www.arquimaster.com.ar\/web\/wp-content\/uploads\/2024\/11\/casa_laz_25-150x150.jpg\" class=\"attachment-thumbnail size-thumbnail\" alt=\"Casa Laz \/ OOIIO Arquitectura\" aria-describedby=\"gallery-1-82703\" \/><\/a>\n\t\t\t<\/div>\n\t\t\t\t<figcaption class='wp-caption-text gallery-caption' id='gallery-1-82703'>\n\t\t\t\tCasa Laz \/ OOIIO Arquitectura\n\t\t\t\t<\/figcaption><\/figure><figure class='gallery-item'>\n\t\t\t<div class='gallery-icon landscape'>\n\t\t\t\t<a href='https:\/\/www.arquimaster.com.ar\/web\/wp-content\/uploads\/2024\/11\/casa_laz_26.jpg' title=\"Casa Laz \/ OOIIO Arquitectura\" data-rl_title=\"Casa Laz \/ OOIIO Arquitectura\" class=\"rl-gallery-link\" data-rl_caption=\"Casa Laz \/ OOIIO Arquitectura\" data-rel=\"lightbox-gallery-1\"><img loading=\"lazy\" decoding=\"async\" width=\"150\" height=\"150\" src=\"https:\/\/www.arquimaster.com.ar\/web\/wp-content\/uploads\/2024\/11\/casa_laz_26-150x150.jpg\" class=\"attachment-thumbnail size-thumbnail\" alt=\"Casa Laz \/ OOIIO Arquitectura\" aria-describedby=\"gallery-1-82704\" \/><\/a>\n\t\t\t<\/div>\n\t\t\t\t<figcaption class='wp-caption-text gallery-caption' id='gallery-1-82704'>\n\t\t\t\tCasa Laz \/ OOIIO Arquitectura\n\t\t\t\t<\/figcaption><\/figure><figure class='gallery-item'>\n\t\t\t<div class='gallery-icon landscape'>\n\t\t\t\t<a href='https:\/\/www.arquimaster.com.ar\/web\/wp-content\/uploads\/2024\/11\/casa_laz_27.jpg' title=\"Casa Laz \/ OOIIO Arquitectura\" data-rl_title=\"Casa Laz \/ OOIIO Arquitectura\" class=\"rl-gallery-link\" data-rl_caption=\"Casa Laz \/ OOIIO Arquitectura\" data-rel=\"lightbox-gallery-1\"><img loading=\"lazy\" decoding=\"async\" width=\"150\" height=\"150\" src=\"https:\/\/www.arquimaster.com.ar\/web\/wp-content\/uploads\/2024\/11\/casa_laz_27-150x150.jpg\" class=\"attachment-thumbnail size-thumbnail\" alt=\"Casa Laz \/ OOIIO Arquitectura\" aria-describedby=\"gallery-1-82705\" \/><\/a>\n\t\t\t<\/div>\n\t\t\t\t<figcaption class='wp-caption-text gallery-caption' id='gallery-1-82705'>\n\t\t\t\tCasa Laz \/ OOIIO Arquitectura\n\t\t\t\t<\/figcaption><\/figure><figure class='gallery-item'>\n\t\t\t<div class='gallery-icon landscape'>\n\t\t\t\t<a href='https:\/\/www.arquimaster.com.ar\/web\/wp-content\/uploads\/2024\/11\/casa_laz_28.jpg' title=\"Casa Laz \/ OOIIO Arquitectura\" data-rl_title=\"Casa Laz \/ OOIIO Arquitectura\" class=\"rl-gallery-link\" data-rl_caption=\"Casa Laz \/ OOIIO Arquitectura\" data-rel=\"lightbox-gallery-1\"><img loading=\"lazy\" decoding=\"async\" width=\"150\" height=\"150\" src=\"https:\/\/www.arquimaster.com.ar\/web\/wp-content\/uploads\/2024\/11\/casa_laz_28-150x150.jpg\" class=\"attachment-thumbnail size-thumbnail\" alt=\"Casa Laz \/ OOIIO Arquitectura\" aria-describedby=\"gallery-1-82706\" \/><\/a>\n\t\t\t<\/div>\n\t\t\t\t<figcaption class='wp-caption-text gallery-caption' id='gallery-1-82706'>\n\t\t\t\tCasa Laz \/ OOIIO Arquitectura\n\t\t\t\t<\/figcaption><\/figure><figure class='gallery-item'>\n\t\t\t<div class='gallery-icon landscape'>\n\t\t\t\t<a href='https:\/\/www.arquimaster.com.ar\/web\/wp-content\/uploads\/2024\/11\/casa_laz_29.jpg' title=\"Casa Laz \/ OOIIO Arquitectura\" data-rl_title=\"Casa Laz \/ OOIIO Arquitectura\" class=\"rl-gallery-link\" data-rl_caption=\"Casa Laz \/ OOIIO Arquitectura\" data-rel=\"lightbox-gallery-1\"><img loading=\"lazy\" decoding=\"async\" width=\"150\" height=\"150\" src=\"https:\/\/www.arquimaster.com.ar\/web\/wp-content\/uploads\/2024\/11\/casa_laz_29-150x150.jpg\" class=\"attachment-thumbnail size-thumbnail\" alt=\"Casa Laz \/ OOIIO Arquitectura\" aria-describedby=\"gallery-1-82707\" \/><\/a>\n\t\t\t<\/div>\n\t\t\t\t<figcaption class='wp-caption-text gallery-caption' id='gallery-1-82707'>\n\t\t\t\tCasa Laz \/ OOIIO Arquitectura\n\t\t\t\t<\/figcaption><\/figure><figure class='gallery-item'>\n\t\t\t<div class='gallery-icon landscape'>\n\t\t\t\t<a href='https:\/\/www.arquimaster.com.ar\/web\/wp-content\/uploads\/2024\/11\/casa_laz_30.jpg' title=\"Casa Laz \/ OOIIO Arquitectura\" data-rl_title=\"Casa Laz \/ OOIIO Arquitectura\" class=\"rl-gallery-link\" data-rl_caption=\"Casa Laz \/ OOIIO Arquitectura\" data-rel=\"lightbox-gallery-1\"><img loading=\"lazy\" decoding=\"async\" width=\"150\" height=\"150\" src=\"https:\/\/www.arquimaster.com.ar\/web\/wp-content\/uploads\/2024\/11\/casa_laz_30-150x150.jpg\" class=\"attachment-thumbnail size-thumbnail\" alt=\"Casa Laz \/ OOIIO Arquitectura\" aria-describedby=\"gallery-1-82708\" \/><\/a>\n\t\t\t<\/div>\n\t\t\t\t<figcaption class='wp-caption-text gallery-caption' id='gallery-1-82708'>\n\t\t\t\tCasa Laz \/ OOIIO Arquitectura\n\t\t\t\t<\/figcaption><\/figure><figure class='gallery-item'>\n\t\t\t<div class='gallery-icon landscape'>\n\t\t\t\t<a href='https:\/\/www.arquimaster.com.ar\/web\/wp-content\/uploads\/2024\/11\/casa_laz_31.jpg' title=\"Casa Laz \/ OOIIO Arquitectura\" data-rl_title=\"Casa Laz \/ OOIIO Arquitectura\" class=\"rl-gallery-link\" data-rl_caption=\"Casa Laz \/ OOIIO Arquitectura\" data-rel=\"lightbox-gallery-1\"><img loading=\"lazy\" decoding=\"async\" width=\"150\" height=\"150\" src=\"https:\/\/www.arquimaster.com.ar\/web\/wp-content\/uploads\/2024\/11\/casa_laz_31-150x150.jpg\" class=\"attachment-thumbnail size-thumbnail\" alt=\"Casa Laz \/ OOIIO Arquitectura\" aria-describedby=\"gallery-1-82709\" \/><\/a>\n\t\t\t<\/div>\n\t\t\t\t<figcaption class='wp-caption-text gallery-caption' id='gallery-1-82709'>\n\t\t\t\tCasa Laz \/ OOIIO Arquitectura\n\t\t\t\t<\/figcaption><\/figure><figure class='gallery-item'>\n\t\t\t<div class='gallery-icon landscape'>\n\t\t\t\t<a href='https:\/\/www.arquimaster.com.ar\/web\/wp-content\/uploads\/2024\/11\/casa_laz_32.jpg' title=\"Casa Laz \/ OOIIO Arquitectura\" data-rl_title=\"Casa Laz \/ OOIIO Arquitectura\" class=\"rl-gallery-link\" data-rl_caption=\"Casa Laz \/ OOIIO Arquitectura\" data-rel=\"lightbox-gallery-1\"><img loading=\"lazy\" decoding=\"async\" width=\"150\" height=\"150\" src=\"https:\/\/www.arquimaster.com.ar\/web\/wp-content\/uploads\/2024\/11\/casa_laz_32-150x150.jpg\" class=\"attachment-thumbnail size-thumbnail\" alt=\"Casa Laz \/ OOIIO Arquitectura\" aria-describedby=\"gallery-1-82710\" \/><\/a>\n\t\t\t<\/div>\n\t\t\t\t<figcaption class='wp-caption-text gallery-caption' id='gallery-1-82710'>\n\t\t\t\tCasa Laz \/ OOIIO Arquitectura\n\t\t\t\t<\/figcaption><\/figure><figure class='gallery-item'>\n\t\t\t<div class='gallery-icon landscape'>\n\t\t\t\t<a href='https:\/\/www.arquimaster.com.ar\/web\/wp-content\/uploads\/2024\/11\/casa_laz_33.jpg' title=\"Casa Laz \/ OOIIO Arquitectura\" data-rl_title=\"Casa Laz \/ OOIIO Arquitectura\" class=\"rl-gallery-link\" data-rl_caption=\"Casa Laz \/ OOIIO Arquitectura\" data-rel=\"lightbox-gallery-1\"><img loading=\"lazy\" decoding=\"async\" width=\"150\" height=\"150\" src=\"https:\/\/www.arquimaster.com.ar\/web\/wp-content\/uploads\/2024\/11\/casa_laz_33-150x150.jpg\" class=\"attachment-thumbnail size-thumbnail\" alt=\"Casa Laz \/ OOIIO Arquitectura\" aria-describedby=\"gallery-1-82711\" srcset=\"https:\/\/www.arquimaster.com.ar\/web\/wp-content\/uploads\/2024\/11\/casa_laz_33-150x150.jpg 150w, https:\/\/www.arquimaster.com.ar\/web\/wp-content\/uploads\/2024\/11\/casa_laz_33-768x768.jpg 768w, https:\/\/www.arquimaster.com.ar\/web\/wp-content\/uploads\/2024\/11\/casa_laz_33-1536x1536.jpg 1536w, https:\/\/www.arquimaster.com.ar\/web\/wp-content\/uploads\/2024\/11\/casa_laz_33.jpg 2000w\" sizes=\"auto, (max-width: 150px) 100vw, 150px\" \/><\/a>\n\t\t\t<\/div>\n\t\t\t\t<figcaption class='wp-caption-text gallery-caption' id='gallery-1-82711'>\n\t\t\t\tCasa Laz \/ OOIIO Arquitectura\n\t\t\t\t<\/figcaption><\/figure><figure class='gallery-item'>\n\t\t\t<div class='gallery-icon landscape'>\n\t\t\t\t<a href='https:\/\/www.arquimaster.com.ar\/web\/wp-content\/uploads\/2024\/11\/casa_laz_34.jpg' title=\"Casa Laz \/ OOIIO Arquitectura\" data-rl_title=\"Casa Laz \/ OOIIO Arquitectura\" class=\"rl-gallery-link\" data-rl_caption=\"Casa Laz \/ OOIIO Arquitectura\" data-rel=\"lightbox-gallery-1\"><img loading=\"lazy\" decoding=\"async\" width=\"150\" height=\"150\" src=\"https:\/\/www.arquimaster.com.ar\/web\/wp-content\/uploads\/2024\/11\/casa_laz_34-150x150.jpg\" class=\"attachment-thumbnail size-thumbnail\" alt=\"Casa Laz \/ OOIIO Arquitectura\" aria-describedby=\"gallery-1-82712\" srcset=\"https:\/\/www.arquimaster.com.ar\/web\/wp-content\/uploads\/2024\/11\/casa_laz_34-150x150.jpg 150w, https:\/\/www.arquimaster.com.ar\/web\/wp-content\/uploads\/2024\/11\/casa_laz_34-768x768.jpg 768w, https:\/\/www.arquimaster.com.ar\/web\/wp-content\/uploads\/2024\/11\/casa_laz_34-1536x1536.jpg 1536w, https:\/\/www.arquimaster.com.ar\/web\/wp-content\/uploads\/2024\/11\/casa_laz_34.jpg 2000w\" sizes=\"auto, (max-width: 150px) 100vw, 150px\" \/><\/a>\n\t\t\t<\/div>\n\t\t\t\t<figcaption class='wp-caption-text gallery-caption' id='gallery-1-82712'>\n\t\t\t\tCasa Laz \/ OOIIO Arquitectura\n\t\t\t\t<\/figcaption><\/figure><figure class='gallery-item'>\n\t\t\t<div class='gallery-icon landscape'>\n\t\t\t\t<a href='https:\/\/www.arquimaster.com.ar\/web\/wp-content\/uploads\/2024\/11\/casa_laz_35.jpg' title=\"Casa Laz \/ OOIIO Arquitectura\" data-rl_title=\"Casa Laz \/ OOIIO Arquitectura\" class=\"rl-gallery-link\" data-rl_caption=\"Casa Laz \/ OOIIO Arquitectura\" data-rel=\"lightbox-gallery-1\"><img loading=\"lazy\" decoding=\"async\" width=\"150\" height=\"150\" src=\"https:\/\/www.arquimaster.com.ar\/web\/wp-content\/uploads\/2024\/11\/casa_laz_35-150x150.jpg\" class=\"attachment-thumbnail size-thumbnail\" alt=\"Casa Laz \/ OOIIO Arquitectura\" aria-describedby=\"gallery-1-82713\" srcset=\"https:\/\/www.arquimaster.com.ar\/web\/wp-content\/uploads\/2024\/11\/casa_laz_35-150x150.jpg 150w, https:\/\/www.arquimaster.com.ar\/web\/wp-content\/uploads\/2024\/11\/casa_laz_35-768x768.jpg 768w, https:\/\/www.arquimaster.com.ar\/web\/wp-content\/uploads\/2024\/11\/casa_laz_35-1536x1536.jpg 1536w, https:\/\/www.arquimaster.com.ar\/web\/wp-content\/uploads\/2024\/11\/casa_laz_35.jpg 2000w\" sizes=\"auto, (max-width: 150px) 100vw, 150px\" \/><\/a>\n\t\t\t<\/div>\n\t\t\t\t<figcaption class='wp-caption-text gallery-caption' id='gallery-1-82713'>\n\t\t\t\tCasa Laz \/ OOIIO Arquitectura\n\t\t\t\t<\/figcaption><\/figure><figure class='gallery-item'>\n\t\t\t<div class='gallery-icon landscape'>\n\t\t\t\t<a href='https:\/\/www.arquimaster.com.ar\/web\/wp-content\/uploads\/2024\/11\/casa_laz_36.jpg' title=\"Casa Laz \/ OOIIO Arquitectura\" data-rl_title=\"Casa Laz \/ OOIIO Arquitectura\" class=\"rl-gallery-link\" data-rl_caption=\"Casa Laz \/ OOIIO Arquitectura\" data-rel=\"lightbox-gallery-1\"><img loading=\"lazy\" decoding=\"async\" width=\"150\" height=\"150\" src=\"https:\/\/www.arquimaster.com.ar\/web\/wp-content\/uploads\/2024\/11\/casa_laz_36-150x150.jpg\" class=\"attachment-thumbnail size-thumbnail\" alt=\"Casa Laz \/ OOIIO Arquitectura\" aria-describedby=\"gallery-1-82714\" srcset=\"https:\/\/www.arquimaster.com.ar\/web\/wp-content\/uploads\/2024\/11\/casa_laz_36-150x150.jpg 150w, https:\/\/www.arquimaster.com.ar\/web\/wp-content\/uploads\/2024\/11\/casa_laz_36-768x768.jpg 768w, https:\/\/www.arquimaster.com.ar\/web\/wp-content\/uploads\/2024\/11\/casa_laz_36-1536x1536.jpg 1536w, https:\/\/www.arquimaster.com.ar\/web\/wp-content\/uploads\/2024\/11\/casa_laz_36.jpg 2000w\" sizes=\"auto, (max-width: 150px) 100vw, 150px\" \/><\/a>\n\t\t\t<\/div>\n\t\t\t\t<figcaption class='wp-caption-text gallery-caption' id='gallery-1-82714'>\n\t\t\t\tCasa Laz \/ OOIIO Arquitectura\n\t\t\t\t<\/figcaption><\/figure><figure class='gallery-item'>\n\t\t\t<div class='gallery-icon landscape'>\n\t\t\t\t<a href='https:\/\/www.arquimaster.com.ar\/web\/wp-content\/uploads\/2024\/11\/casa_laz_37.jpg' title=\"Casa Laz \/ OOIIO Arquitectura\" data-rl_title=\"Casa Laz \/ OOIIO Arquitectura\" class=\"rl-gallery-link\" data-rl_caption=\"Casa Laz \/ OOIIO Arquitectura\" data-rel=\"lightbox-gallery-1\"><img loading=\"lazy\" decoding=\"async\" width=\"150\" height=\"150\" src=\"https:\/\/www.arquimaster.com.ar\/web\/wp-content\/uploads\/2024\/11\/casa_laz_37-150x150.jpg\" class=\"attachment-thumbnail size-thumbnail\" alt=\"Casa Laz \/ OOIIO Arquitectura\" aria-describedby=\"gallery-1-82715\" \/><\/a>\n\t\t\t<\/div>\n\t\t\t\t<figcaption class='wp-caption-text gallery-caption' id='gallery-1-82715'>\n\t\t\t\tCasa Laz \/ OOIIO Arquitectura\n\t\t\t\t<\/figcaption><\/figure><figure class='gallery-item'>\n\t\t\t<div class='gallery-icon landscape'>\n\t\t\t\t<a href='https:\/\/www.arquimaster.com.ar\/web\/wp-content\/uploads\/2024\/11\/casa_laz_38.jpg' title=\"Casa Laz \/ OOIIO Arquitectura\" data-rl_title=\"Casa Laz \/ OOIIO Arquitectura\" class=\"rl-gallery-link\" data-rl_caption=\"Casa Laz \/ OOIIO Arquitectura\" data-rel=\"lightbox-gallery-1\"><img loading=\"lazy\" decoding=\"async\" width=\"150\" height=\"150\" src=\"https:\/\/www.arquimaster.com.ar\/web\/wp-content\/uploads\/2024\/11\/casa_laz_38-150x150.jpg\" class=\"attachment-thumbnail size-thumbnail\" alt=\"Casa Laz \/ OOIIO Arquitectura\" aria-describedby=\"gallery-1-82716\" \/><\/a>\n\t\t\t<\/div>\n\t\t\t\t<figcaption class='wp-caption-text gallery-caption' id='gallery-1-82716'>\n\t\t\t\tCasa Laz \/ OOIIO Arquitectura\n\t\t\t\t<\/figcaption><\/figure><figure class='gallery-item'>\n\t\t\t<div class='gallery-icon landscape'>\n\t\t\t\t<a href='https:\/\/www.arquimaster.com.ar\/web\/wp-content\/uploads\/2024\/11\/casa_laz_39.jpg' title=\"Casa Laz \/ OOIIO Arquitectura\" data-rl_title=\"Casa Laz \/ OOIIO Arquitectura\" class=\"rl-gallery-link\" data-rl_caption=\"Casa Laz \/ OOIIO Arquitectura\" data-rel=\"lightbox-gallery-1\"><img loading=\"lazy\" decoding=\"async\" width=\"150\" height=\"150\" src=\"https:\/\/www.arquimaster.com.ar\/web\/wp-content\/uploads\/2024\/11\/casa_laz_39-150x150.jpg\" class=\"attachment-thumbnail size-thumbnail\" alt=\"Casa Laz \/ OOIIO Arquitectura\" aria-describedby=\"gallery-1-82717\" \/><\/a>\n\t\t\t<\/div>\n\t\t\t\t<figcaption class='wp-caption-text gallery-caption' id='gallery-1-82717'>\n\t\t\t\tCasa Laz \/ OOIIO Arquitectura\n\t\t\t\t<\/figcaption><\/figure><figure class='gallery-item'>\n\t\t\t<div class='gallery-icon landscape'>\n\t\t\t\t<a href='https:\/\/www.arquimaster.com.ar\/web\/wp-content\/uploads\/2024\/11\/casa_laz_40.jpg' title=\"Casa Laz \/ OOIIO Arquitectura\" data-rl_title=\"Casa Laz \/ OOIIO Arquitectura\" class=\"rl-gallery-link\" data-rl_caption=\"Casa Laz \/ OOIIO Arquitectura\" data-rel=\"lightbox-gallery-1\"><img loading=\"lazy\" decoding=\"async\" width=\"150\" height=\"150\" src=\"https:\/\/www.arquimaster.com.ar\/web\/wp-content\/uploads\/2024\/11\/casa_laz_40-150x150.jpg\" class=\"attachment-thumbnail size-thumbnail\" alt=\"Casa Laz \/ OOIIO Arquitectura\" aria-describedby=\"gallery-1-82718\" \/><\/a>\n\t\t\t<\/div>\n\t\t\t\t<figcaption class='wp-caption-text gallery-caption' id='gallery-1-82718'>\n\t\t\t\tCasa Laz \/ OOIIO Arquitectura\n\t\t\t\t<\/figcaption><\/figure><figure class='gallery-item'>\n\t\t\t<div class='gallery-icon landscape'>\n\t\t\t\t<a href='https:\/\/www.arquimaster.com.ar\/web\/wp-content\/uploads\/2024\/11\/casa_laz_41.jpg' title=\"Casa Laz \/ OOIIO Arquitectura\" data-rl_title=\"Casa Laz \/ OOIIO Arquitectura\" class=\"rl-gallery-link\" data-rl_caption=\"Casa Laz \/ OOIIO Arquitectura\" data-rel=\"lightbox-gallery-1\"><img loading=\"lazy\" decoding=\"async\" width=\"150\" height=\"150\" src=\"https:\/\/www.arquimaster.com.ar\/web\/wp-content\/uploads\/2024\/11\/casa_laz_41-150x150.jpg\" class=\"attachment-thumbnail size-thumbnail\" alt=\"Casa Laz \/ OOIIO Arquitectura\" aria-describedby=\"gallery-1-82719\" \/><\/a>\n\t\t\t<\/div>\n\t\t\t\t<figcaption class='wp-caption-text gallery-caption' id='gallery-1-82719'>\n\t\t\t\tCasa Laz \/ OOIIO Arquitectura\n\t\t\t\t<\/figcaption><\/figure><figure class='gallery-item'>\n\t\t\t<div class='gallery-icon landscape'>\n\t\t\t\t<a href='https:\/\/www.arquimaster.com.ar\/web\/wp-content\/uploads\/2024\/11\/casa_laz_42.jpg' title=\"Casa Laz \/ OOIIO Arquitectura\" data-rl_title=\"Casa Laz \/ OOIIO Arquitectura\" class=\"rl-gallery-link\" data-rl_caption=\"Casa Laz \/ OOIIO Arquitectura\" data-rel=\"lightbox-gallery-1\"><img loading=\"lazy\" decoding=\"async\" width=\"150\" height=\"150\" src=\"https:\/\/www.arquimaster.com.ar\/web\/wp-content\/uploads\/2024\/11\/casa_laz_42-150x150.jpg\" class=\"attachment-thumbnail size-thumbnail\" alt=\"Casa Laz \/ OOIIO Arquitectura\" aria-describedby=\"gallery-1-82720\" \/><\/a>\n\t\t\t<\/div>\n\t\t\t\t<figcaption class='wp-caption-text gallery-caption' id='gallery-1-82720'>\n\t\t\t\tCasa Laz \/ OOIIO Arquitectura\n\t\t\t\t<\/figcaption><\/figure><figure class='gallery-item'>\n\t\t\t<div class='gallery-icon landscape'>\n\t\t\t\t<a href='https:\/\/www.arquimaster.com.ar\/web\/wp-content\/uploads\/2024\/11\/casa_laz_43.jpg' title=\"Casa Laz \/ OOIIO Arquitectura\" data-rl_title=\"Casa Laz \/ OOIIO Arquitectura\" class=\"rl-gallery-link\" data-rl_caption=\"Casa Laz \/ OOIIO Arquitectura\" data-rel=\"lightbox-gallery-1\"><img loading=\"lazy\" decoding=\"async\" width=\"150\" height=\"150\" src=\"https:\/\/www.arquimaster.com.ar\/web\/wp-content\/uploads\/2024\/11\/casa_laz_43-150x150.jpg\" class=\"attachment-thumbnail size-thumbnail\" alt=\"Casa Laz \/ OOIIO Arquitectura\" aria-describedby=\"gallery-1-82721\" \/><\/a>\n\t\t\t<\/div>\n\t\t\t\t<figcaption class='wp-caption-text gallery-caption' id='gallery-1-82721'>\n\t\t\t\tCasa Laz \/ OOIIO Arquitectura\n\t\t\t\t<\/figcaption><\/figure>\n\t\t<\/div>\n\n<p>Espacios amplios, abiertos, delimitados normalmente por una tapia dejando como \u00fanica conexi\u00f3n al viario p\u00fablico a trav\u00e9s de una portada lo suficientemente ancha para que pasen con comodidad tractores y veh\u00edculos agr\u00edcolas, antes mulas y carros.<\/p>\n<p>En el corral encontr\u00e1bamos si hab\u00eda suerte un pozo, y habitaciones de construcci\u00f3n sencilla sin m\u00e1s aspiraciones que servir de cobijo a todo ese material de trabajo mientras no se utilizaba.<\/p>\n<p>Una familia plante\u00f3 edificar en uno de estos corrales actualmente sin uso, aprovechando su amplitud, una vivienda contempor\u00e1nea, eficiente y luminosa, con todas las instalaciones propias de nuestro tiempo.<\/p>\n<p>El corral no ten\u00eda m\u00e1s que unos pocos metros de fachada, lo justo para una portada, pero dentro se abre y goza de gran extensi\u00f3n.<\/p>\n<p>Los arquitectos decidieron repartir el programa residencial de forma funcional y eficiente, en un rect\u00e1ngulo que dispusieron justo en medio del corral, cort\u00e1ndolo en 2 partes.<\/p>\n<p>As\u00ed se crearon dos patios, uno a cada lado de la casa, consiguiendo una estupenda calidad de iluminaci\u00f3n y ventilaci\u00f3n en el interior.<\/p>\n<p>Los arquitectos, fij\u00e1ndose en la arquitectura vern\u00e1cula del lugar, reinterpretando esos porches tan t\u00edpicos de los patios manchegos, llevaron la fuerza del proyecto precisamente ah\u00ed. Se dise\u00f1aron unas cubiertas que abrazan esos patios para crear sombras y la posibilidad de habitar esos espacios exteriores de la misma forma que se ha hecho siempre en estos pueblos, protegi\u00e9ndose del fuerte calor en verano y creando cobijo y confort interior en el invierno.<\/p>\n<p>Las cubiertas suben y bajan, comprimiendo y descomprimiendo el espacio para generar riqueza espacial justo en los puntos donde m\u00e1s interesa. Como en el estupendo espacio de sal\u00f3n, estar, cocina y comedor, alto y luminoso que atraviesa de un lado a otro la vivienda, que sin duda es el lugar m\u00e1s espectacular de la vivienda.<\/p>\n<p>Ba\u00f1os y dormitorios, funcionales y agradables, se reparten dentro, separados de la zona de d\u00eda com\u00fan, esperando a sus habitantes para ofrecer descanso y relax al final del d\u00eda.<\/p>\n<p>La cer\u00e1mica y la madera lacada azul son los materiales m\u00e1s expresivos del proyecto. Encargados de expresar emociones y crear ambientes hogare\u00f1os confortables, llenos de personalidad propia.<\/p>\n\n\n<div style=\"height:20px\" aria-hidden=\"true\" class=\"wp-block-spacer\"><\/div>\n\n\n\n<p class=\"has-background\" style=\"background-color:#eaeaea\"><strong>Ficha t\u00e9cnica<\/strong><br>Nombre: Casa Laz<br>Ubicaci\u00f3n: Castilla La-Mancha, Espa\u00f1a<br>Dise\u00f1ado por: OOIIO Arquitectura<br>Dise\u00f1o de Interiores: OOIIO Arquitectura<br>Equipo: Joaqu\u00edn Mill\u00e1n Villamuelas, Federica Aridon Mamolar, Ximena Zenteno Ladr\u00f3n de Guevara, Sandra Butautaite<br>Arquitecto T\u00e9cnico: Mar\u00eda Teresa S\u00e1nchez Escobar<br>Constructora: Maroto e Hijos s.l.<br>\u00c1rea: 247,60 m2<br>A\u00f1o de Proyecto: 2021-2023<br>Fotograf\u00eda: Javier de Paz<br>Sitio web: https:\/\/www.ooiio.com<br>Instagram: @ooiio.architecture<br>Facebook: ooiio.architecture<\/p>\n\n\n\n<div style=\"height:40px\" aria-hidden=\"true\" class=\"wp-block-spacer\"><\/div>\n\n\n<p><strong><em>English version<\/em><\/strong><\/p>\n<p><strong><em>Laz House<\/em><\/strong><br \/><em>The House inside a patio.<\/em><\/p>\n<p><em>A reinterpretation of La Mancha traditional corrals.<\/em><\/p>\n<p><em>In rural areas, space is not usually an issue. There are numerous corrals and threshing floors that were once used to store tools or prepare them for fieldwork, store harvested crops, or seeds before planting.<\/em><\/p>\n<p><em>These are large, open spaces, usually enclosed by a wall, with the only connection to the public road being through a wide enough gate for tractors and agricultural vehicles to pass through-before, it was for mules and carts.<\/em><\/p>\n<p><em>If you were lucky, the corral would have a well and simple rooms built with no greater ambition than to shelter all that work equipment when it wasn\u2019t in use.<\/em><\/p>\n<p><em>A family decided to build a contemporary, efficient, and bright house with all modern amenities in one of these now unused corrals, taking advantage of its spaciousness.<\/em><\/p>\n<p><em>The corral had only a few meters of fa\u00e7ade, just enough for a gate, but inside it opens up into a large area.<\/em><\/p>\n<p><em>The architects chose to distribute the residential layout in a functional and efficient way by placing a rectangle right in the center of the corral, dividing it into two parts.<\/em><\/p>\n<p><em>This created two courtyards, one on each side of the house, providing excellent interior lighting and ventilation.<\/em><\/p>\n<p><em>The architects, drawing inspiration from the local vernacular architecture and reinterpreting the typical porches of the Manchego courtyards, centered the project\u2019s focus there. They designed roofs that embrace these courtyards, creating shade and allowing the outdoor spaces to be inhabited in the same way they always have in these towns-protecting from the intense summer heat and creating shelter and comfort in the winter.<\/em><\/p>\n<p><em>The roofs rise and fall, compressing and decompressing the space to create spatial richness at key points. This is particularly evident in the stunning living area-living room, kitchen, and dining room-which is high and bright, running from one side of the house to the other, and is undoubtedly the most spectacular area of the home.<\/em><\/p>\n<p><em>Functional and pleasant bathrooms and bedrooms are distributed inside, separate from the common daytime area, waiting to offer rest and relaxation to the inhabitants at the end of the day.<\/em><\/p>\n<p><em>Ceramics and blue lacquered wood are the most expressive materials in the project. They are responsible for expressing emotions and creating comfortable home environments, full of their own personality.<\/em><\/p>\n<div style=\"font-size: 0px; height: 0px; line-height: 0px; margin: 0; padding: 0; clear: both;\"><\/div><div style=\"margin-top: 0px; margin-bottom: 0px;\" class=\"sharethis-inline-share-buttons\" ><\/div>","protected":false},"excerpt":{"rendered":"<p>El proyecto plantea la reinterpretaci\u00f3n de los corrales manchegos, aprovechando su amplitud&#8230;<\/p>\n","protected":false},"author":1,"featured_media":82678,"comment_status":"closed","ping_status":"closed","sticky":false,"template":"","format":"standard","meta":{"_uag_custom_page_level_css":"","footnotes":""},"categories":[1,83],"tags":[4282,8093,104,7804,5679,5678,5677,8094,254,7805],"class_list":["post-82677","post","type-post","status-publish","format-standard","has-post-thumbnail","hentry","category-proyecto","category-vivienda-unifamiliar","tag-arquitectura-residencial","tag-castilla-la-mancha","tag-espana","tag-federica-aridon-mamolar","tag-joaquin-millan-villamuelas","tag-ooiio","tag-ooiio-arquitectura","tag-sandra-butautaite","tag-vivienda-unifamiliar-2","tag-ximena-zenteno-ladron-de-guevara","generate-columns","tablet-grid-50","mobile-grid-100","grid-parent","grid-50"],"yoast_head":"<!-- This site is optimized with the Yoast SEO plugin v27.3 - https:\/\/yoast.com\/product\/yoast-seo-wordpress\/ -->\n<title>Casa Laz \/ OOIIO Arquitectura - Arquimaster<\/title>\n<meta name=\"description\" content=\"El proyecto plantea la reinterpretaci\u00f3n de los corrales manchegos, aprovechando su amplitud, para generar una vivienda contempor\u00e1nea, eficiente y luminosa.\" \/>\n<meta name=\"robots\" content=\"index, follow, max-snippet:-1, max-image-preview:large, max-video-preview:-1\" \/>\n<link rel=\"canonical\" href=\"https:\/\/www.arquimaster.com.ar\/web\/casa-laz-ooiio-arquitectura\/\" \/>\n<meta property=\"og:locale\" content=\"es_ES\" \/>\n<meta property=\"og:type\" content=\"article\" \/>\n<meta property=\"og:title\" content=\"Casa Laz \/ OOIIO Arquitectura\" \/>\n<meta property=\"og:description\" content=\"El proyecto plantea la reinterpretaci\u00f3n de los corrales manchegos, aprovechando su amplitud, para generar una vivienda contempor\u00e1nea, eficiente y luminosa.\" \/>\n<meta property=\"og:url\" content=\"https:\/\/www.arquimaster.com.ar\/web\/casa-laz-ooiio-arquitectura\/\" \/>\n<meta property=\"og:site_name\" content=\"Arquimaster\" \/>\n<meta property=\"article:publisher\" content=\"http:\/\/www.facebook.com\/ARQUIMASTER.com.ar\" \/>\n<meta property=\"article:published_time\" content=\"2024-11-20T23:14:15+00:00\" \/>\n<meta property=\"article:modified_time\" content=\"2025-07-23T22:47:03+00:00\" \/>\n<meta property=\"og:image\" content=\"https:\/\/www.arquimaster.com.ar\/web\/wp-content\/uploads\/2024\/11\/casa_laz_slide.jpg\" \/>\n\t<meta property=\"og:image:width\" content=\"698\" \/>\n\t<meta property=\"og:image:height\" content=\"364\" \/>\n\t<meta property=\"og:image:type\" content=\"image\/jpeg\" \/>\n<meta name=\"author\" content=\"Arquimaster\" \/>\n<meta name=\"twitter:card\" content=\"summary_large_image\" \/>\n<meta name=\"twitter:title\" content=\"Casa Laz \/ OOIIO Arquitectura\" \/>\n<meta name=\"twitter:description\" content=\"El proyecto plantea la reinterpretaci\u00f3n de los corrales manchegos, aprovechando su amplitud, para generar una vivienda contempor\u00e1nea, eficiente y luminosa.\" \/>\n<meta name=\"twitter:image\" content=\"https:\/\/www.arquimaster.com.ar\/web\/wp-content\/uploads\/2024\/11\/casa_laz_slide.jpg\" \/>\n<meta name=\"twitter:creator\" content=\"@arquimaster\" \/>\n<meta name=\"twitter:site\" content=\"@arquimaster\" \/>\n<meta name=\"twitter:label1\" content=\"Escrito por\" \/>\n\t<meta name=\"twitter:data1\" content=\"Arquimaster\" \/>\n\t<meta name=\"twitter:label2\" content=\"Tiempo de lectura\" \/>\n\t<meta name=\"twitter:data2\" content=\"5 minutos\" \/>\n<script type=\"application\/ld+json\" class=\"yoast-schema-graph\">{\"@context\":\"https:\\\/\\\/schema.org\",\"@graph\":[{\"@type\":\"Article\",\"@id\":\"https:\\\/\\\/www.arquimaster.com.ar\\\/web\\\/casa-laz-ooiio-arquitectura\\\/#article\",\"isPartOf\":{\"@id\":\"https:\\\/\\\/www.arquimaster.com.ar\\\/web\\\/casa-laz-ooiio-arquitectura\\\/\"},\"author\":{\"name\":\"Arquimaster\",\"@id\":\"https:\\\/\\\/www.arquimaster.com.ar\\\/web\\\/#\\\/schema\\\/person\\\/359e9f7c00193fcde068e0dd2ceb0028\"},\"headline\":\"Casa Laz \\\/ OOIIO Arquitectura\",\"datePublished\":\"2024-11-20T23:14:15+00:00\",\"dateModified\":\"2025-07-23T22:47:03+00:00\",\"mainEntityOfPage\":{\"@id\":\"https:\\\/\\\/www.arquimaster.com.ar\\\/web\\\/casa-laz-ooiio-arquitectura\\\/\"},\"wordCount\":908,\"publisher\":{\"@id\":\"https:\\\/\\\/www.arquimaster.com.ar\\\/web\\\/#organization\"},\"image\":{\"@id\":\"https:\\\/\\\/www.arquimaster.com.ar\\\/web\\\/casa-laz-ooiio-arquitectura\\\/#primaryimage\"},\"thumbnailUrl\":\"https:\\\/\\\/www.arquimaster.com.ar\\\/web\\\/wp-content\\\/uploads\\\/2024\\\/11\\\/casa_laz_slide.jpg\",\"keywords\":[\"arquitectura residencial\",\"Castilla La-Mancha\",\"Espa\u00f1a\",\"Federica Aridon Mamolar\",\"Joaqu\u00edn Mill\u00e1n Villamuelas\",\"OOIIO\",\"OOIIO Arquitectura\",\"Sandra Butautaite\",\"vivienda unifamiliar\",\"Ximena Zenteno Ladr\u00f3n de Guevara\"],\"articleSection\":[\"Proyecto\",\"Vivienda unifamiliar y PH\"],\"inLanguage\":\"es\"},{\"@type\":\"WebPage\",\"@id\":\"https:\\\/\\\/www.arquimaster.com.ar\\\/web\\\/casa-laz-ooiio-arquitectura\\\/\",\"url\":\"https:\\\/\\\/www.arquimaster.com.ar\\\/web\\\/casa-laz-ooiio-arquitectura\\\/\",\"name\":\"Casa Laz \\\/ OOIIO Arquitectura - Arquimaster\",\"isPartOf\":{\"@id\":\"https:\\\/\\\/www.arquimaster.com.ar\\\/web\\\/#website\"},\"primaryImageOfPage\":{\"@id\":\"https:\\\/\\\/www.arquimaster.com.ar\\\/web\\\/casa-laz-ooiio-arquitectura\\\/#primaryimage\"},\"image\":{\"@id\":\"https:\\\/\\\/www.arquimaster.com.ar\\\/web\\\/casa-laz-ooiio-arquitectura\\\/#primaryimage\"},\"thumbnailUrl\":\"https:\\\/\\\/www.arquimaster.com.ar\\\/web\\\/wp-content\\\/uploads\\\/2024\\\/11\\\/casa_laz_slide.jpg\",\"datePublished\":\"2024-11-20T23:14:15+00:00\",\"dateModified\":\"2025-07-23T22:47:03+00:00\",\"description\":\"El proyecto plantea la reinterpretaci\u00f3n de los corrales manchegos, aprovechando su amplitud, para generar una vivienda contempor\u00e1nea, eficiente y luminosa.\",\"breadcrumb\":{\"@id\":\"https:\\\/\\\/www.arquimaster.com.ar\\\/web\\\/casa-laz-ooiio-arquitectura\\\/#breadcrumb\"},\"inLanguage\":\"es\",\"potentialAction\":[{\"@type\":\"ReadAction\",\"target\":[\"https:\\\/\\\/www.arquimaster.com.ar\\\/web\\\/casa-laz-ooiio-arquitectura\\\/\"]}]},{\"@type\":\"ImageObject\",\"inLanguage\":\"es\",\"@id\":\"https:\\\/\\\/www.arquimaster.com.ar\\\/web\\\/casa-laz-ooiio-arquitectura\\\/#primaryimage\",\"url\":\"https:\\\/\\\/www.arquimaster.com.ar\\\/web\\\/wp-content\\\/uploads\\\/2024\\\/11\\\/casa_laz_slide.jpg\",\"contentUrl\":\"https:\\\/\\\/www.arquimaster.com.ar\\\/web\\\/wp-content\\\/uploads\\\/2024\\\/11\\\/casa_laz_slide.jpg\",\"width\":698,\"height\":364,\"caption\":\"Casa Laz \\\/ OOIIO Arquitectura\"},{\"@type\":\"BreadcrumbList\",\"@id\":\"https:\\\/\\\/www.arquimaster.com.ar\\\/web\\\/casa-laz-ooiio-arquitectura\\\/#breadcrumb\",\"itemListElement\":[{\"@type\":\"ListItem\",\"position\":1,\"name\":\"Portada\",\"item\":\"https:\\\/\\\/www.arquimaster.com.ar\\\/web\\\/\"},{\"@type\":\"ListItem\",\"position\":2,\"name\":\"Casa Laz \\\/ OOIIO Arquitectura\"}]},{\"@type\":\"WebSite\",\"@id\":\"https:\\\/\\\/www.arquimaster.com.ar\\\/web\\\/#website\",\"url\":\"https:\\\/\\\/www.arquimaster.com.ar\\\/web\\\/\",\"name\":\"Arquimaster\",\"description\":\"Web de arquitectura, dise\u00f1o y construccion\",\"publisher\":{\"@id\":\"https:\\\/\\\/www.arquimaster.com.ar\\\/web\\\/#organization\"},\"potentialAction\":[{\"@type\":\"SearchAction\",\"target\":{\"@type\":\"EntryPoint\",\"urlTemplate\":\"https:\\\/\\\/www.arquimaster.com.ar\\\/web\\\/?s={search_term_string}\"},\"query-input\":{\"@type\":\"PropertyValueSpecification\",\"valueRequired\":true,\"valueName\":\"search_term_string\"}}],\"inLanguage\":\"es\"},{\"@type\":\"Organization\",\"@id\":\"https:\\\/\\\/www.arquimaster.com.ar\\\/web\\\/#organization\",\"name\":\"Arquimaster\",\"url\":\"https:\\\/\\\/www.arquimaster.com.ar\\\/web\\\/\",\"logo\":{\"@type\":\"ImageObject\",\"inLanguage\":\"es\",\"@id\":\"https:\\\/\\\/www.arquimaster.com.ar\\\/web\\\/#\\\/schema\\\/logo\\\/image\\\/\",\"url\":\"https:\\\/\\\/www.arquimaster.com.ar\\\/web\\\/wp-content\\\/uploads\\\/2022\\\/06\\\/arquimaster.png\",\"contentUrl\":\"https:\\\/\\\/www.arquimaster.com.ar\\\/web\\\/wp-content\\\/uploads\\\/2022\\\/06\\\/arquimaster.png\",\"width\":594,\"height\":78,\"caption\":\"Arquimaster\"},\"image\":{\"@id\":\"https:\\\/\\\/www.arquimaster.com.ar\\\/web\\\/#\\\/schema\\\/logo\\\/image\\\/\"},\"sameAs\":[\"http:\\\/\\\/www.facebook.com\\\/ARQUIMASTER.com.ar\",\"https:\\\/\\\/x.com\\\/arquimaster\",\"https:\\\/\\\/www.instagram.com\\\/arquimasterblog\\\/\",\"https:\\\/\\\/www.linkedin.com\\\/company\\\/arquimaster\",\"https:\\\/\\\/www.pinterest.com\\\/arquimaster\",\"https:\\\/\\\/t.me\\\/arquimaster\"]},{\"@type\":\"Person\",\"@id\":\"https:\\\/\\\/www.arquimaster.com.ar\\\/web\\\/#\\\/schema\\\/person\\\/359e9f7c00193fcde068e0dd2ceb0028\",\"name\":\"Arquimaster\"}]}<\/script>\n<!-- \/ Yoast SEO plugin. -->","yoast_head_json":{"title":"Casa Laz \/ OOIIO Arquitectura - Arquimaster","description":"El proyecto plantea la reinterpretaci\u00f3n de los corrales manchegos, aprovechando su amplitud, para generar una vivienda contempor\u00e1nea, eficiente y luminosa.","robots":{"index":"index","follow":"follow","max-snippet":"max-snippet:-1","max-image-preview":"max-image-preview:large","max-video-preview":"max-video-preview:-1"},"canonical":"https:\/\/www.arquimaster.com.ar\/web\/casa-laz-ooiio-arquitectura\/","og_locale":"es_ES","og_type":"article","og_title":"Casa Laz \/ OOIIO Arquitectura","og_description":"El proyecto plantea la reinterpretaci\u00f3n de los corrales manchegos, aprovechando su amplitud, para generar una vivienda contempor\u00e1nea, eficiente y luminosa.","og_url":"https:\/\/www.arquimaster.com.ar\/web\/casa-laz-ooiio-arquitectura\/","og_site_name":"Arquimaster","article_publisher":"http:\/\/www.facebook.com\/ARQUIMASTER.com.ar","article_published_time":"2024-11-20T23:14:15+00:00","article_modified_time":"2025-07-23T22:47:03+00:00","og_image":[{"width":698,"height":364,"url":"https:\/\/www.arquimaster.com.ar\/web\/wp-content\/uploads\/2024\/11\/casa_laz_slide.jpg","type":"image\/jpeg"}],"author":"Arquimaster","twitter_card":"summary_large_image","twitter_title":"Casa Laz \/ OOIIO Arquitectura","twitter_description":"El proyecto plantea la reinterpretaci\u00f3n de los corrales manchegos, aprovechando su amplitud, para generar una vivienda contempor\u00e1nea, eficiente y luminosa.","twitter_image":"https:\/\/www.arquimaster.com.ar\/web\/wp-content\/uploads\/2024\/11\/casa_laz_slide.jpg","twitter_creator":"@arquimaster","twitter_site":"@arquimaster","twitter_misc":{"Escrito por":"Arquimaster","Tiempo de lectura":"5 minutos"},"schema":{"@context":"https:\/\/schema.org","@graph":[{"@type":"Article","@id":"https:\/\/www.arquimaster.com.ar\/web\/casa-laz-ooiio-arquitectura\/#article","isPartOf":{"@id":"https:\/\/www.arquimaster.com.ar\/web\/casa-laz-ooiio-arquitectura\/"},"author":{"name":"Arquimaster","@id":"https:\/\/www.arquimaster.com.ar\/web\/#\/schema\/person\/359e9f7c00193fcde068e0dd2ceb0028"},"headline":"Casa Laz \/ OOIIO Arquitectura","datePublished":"2024-11-20T23:14:15+00:00","dateModified":"2025-07-23T22:47:03+00:00","mainEntityOfPage":{"@id":"https:\/\/www.arquimaster.com.ar\/web\/casa-laz-ooiio-arquitectura\/"},"wordCount":908,"publisher":{"@id":"https:\/\/www.arquimaster.com.ar\/web\/#organization"},"image":{"@id":"https:\/\/www.arquimaster.com.ar\/web\/casa-laz-ooiio-arquitectura\/#primaryimage"},"thumbnailUrl":"https:\/\/www.arquimaster.com.ar\/web\/wp-content\/uploads\/2024\/11\/casa_laz_slide.jpg","keywords":["arquitectura residencial","Castilla La-Mancha","Espa\u00f1a","Federica Aridon Mamolar","Joaqu\u00edn Mill\u00e1n Villamuelas","OOIIO","OOIIO Arquitectura","Sandra Butautaite","vivienda unifamiliar","Ximena Zenteno Ladr\u00f3n de Guevara"],"articleSection":["Proyecto","Vivienda unifamiliar y PH"],"inLanguage":"es"},{"@type":"WebPage","@id":"https:\/\/www.arquimaster.com.ar\/web\/casa-laz-ooiio-arquitectura\/","url":"https:\/\/www.arquimaster.com.ar\/web\/casa-laz-ooiio-arquitectura\/","name":"Casa Laz \/ OOIIO Arquitectura - Arquimaster","isPartOf":{"@id":"https:\/\/www.arquimaster.com.ar\/web\/#website"},"primaryImageOfPage":{"@id":"https:\/\/www.arquimaster.com.ar\/web\/casa-laz-ooiio-arquitectura\/#primaryimage"},"image":{"@id":"https:\/\/www.arquimaster.com.ar\/web\/casa-laz-ooiio-arquitectura\/#primaryimage"},"thumbnailUrl":"https:\/\/www.arquimaster.com.ar\/web\/wp-content\/uploads\/2024\/11\/casa_laz_slide.jpg","datePublished":"2024-11-20T23:14:15+00:00","dateModified":"2025-07-23T22:47:03+00:00","description":"El proyecto plantea la reinterpretaci\u00f3n de los corrales manchegos, aprovechando su amplitud, para generar una vivienda contempor\u00e1nea, eficiente y luminosa.","breadcrumb":{"@id":"https:\/\/www.arquimaster.com.ar\/web\/casa-laz-ooiio-arquitectura\/#breadcrumb"},"inLanguage":"es","potentialAction":[{"@type":"ReadAction","target":["https:\/\/www.arquimaster.com.ar\/web\/casa-laz-ooiio-arquitectura\/"]}]},{"@type":"ImageObject","inLanguage":"es","@id":"https:\/\/www.arquimaster.com.ar\/web\/casa-laz-ooiio-arquitectura\/#primaryimage","url":"https:\/\/www.arquimaster.com.ar\/web\/wp-content\/uploads\/2024\/11\/casa_laz_slide.jpg","contentUrl":"https:\/\/www.arquimaster.com.ar\/web\/wp-content\/uploads\/2024\/11\/casa_laz_slide.jpg","width":698,"height":364,"caption":"Casa Laz \/ OOIIO Arquitectura"},{"@type":"BreadcrumbList","@id":"https:\/\/www.arquimaster.com.ar\/web\/casa-laz-ooiio-arquitectura\/#breadcrumb","itemListElement":[{"@type":"ListItem","position":1,"name":"Portada","item":"https:\/\/www.arquimaster.com.ar\/web\/"},{"@type":"ListItem","position":2,"name":"Casa Laz \/ OOIIO Arquitectura"}]},{"@type":"WebSite","@id":"https:\/\/www.arquimaster.com.ar\/web\/#website","url":"https:\/\/www.arquimaster.com.ar\/web\/","name":"Arquimaster","description":"Web de arquitectura, dise\u00f1o y construccion","publisher":{"@id":"https:\/\/www.arquimaster.com.ar\/web\/#organization"},"potentialAction":[{"@type":"SearchAction","target":{"@type":"EntryPoint","urlTemplate":"https:\/\/www.arquimaster.com.ar\/web\/?s={search_term_string}"},"query-input":{"@type":"PropertyValueSpecification","valueRequired":true,"valueName":"search_term_string"}}],"inLanguage":"es"},{"@type":"Organization","@id":"https:\/\/www.arquimaster.com.ar\/web\/#organization","name":"Arquimaster","url":"https:\/\/www.arquimaster.com.ar\/web\/","logo":{"@type":"ImageObject","inLanguage":"es","@id":"https:\/\/www.arquimaster.com.ar\/web\/#\/schema\/logo\/image\/","url":"https:\/\/www.arquimaster.com.ar\/web\/wp-content\/uploads\/2022\/06\/arquimaster.png","contentUrl":"https:\/\/www.arquimaster.com.ar\/web\/wp-content\/uploads\/2022\/06\/arquimaster.png","width":594,"height":78,"caption":"Arquimaster"},"image":{"@id":"https:\/\/www.arquimaster.com.ar\/web\/#\/schema\/logo\/image\/"},"sameAs":["http:\/\/www.facebook.com\/ARQUIMASTER.com.ar","https:\/\/x.com\/arquimaster","https:\/\/www.instagram.com\/arquimasterblog\/","https:\/\/www.linkedin.com\/company\/arquimaster","https:\/\/www.pinterest.com\/arquimaster","https:\/\/t.me\/arquimaster"]},{"@type":"Person","@id":"https:\/\/www.arquimaster.com.ar\/web\/#\/schema\/person\/359e9f7c00193fcde068e0dd2ceb0028","name":"Arquimaster"}]}},"uagb_featured_image_src":{"full":["https:\/\/www.arquimaster.com.ar\/web\/wp-content\/uploads\/2024\/11\/casa_laz_slide.jpg",698,364,false],"thumbnail":["https:\/\/www.arquimaster.com.ar\/web\/wp-content\/uploads\/2024\/11\/casa_laz_slide-150x150.jpg",150,150,true],"medium":["https:\/\/www.arquimaster.com.ar\/web\/wp-content\/uploads\/2024\/11\/casa_laz_slide.jpg",698,364,false],"medium_large":["https:\/\/www.arquimaster.com.ar\/web\/wp-content\/uploads\/2024\/11\/casa_laz_slide.jpg",698,364,false],"large":["https:\/\/www.arquimaster.com.ar\/web\/wp-content\/uploads\/2024\/11\/casa_laz_slide.jpg",698,364,false],"1536x1536":["https:\/\/www.arquimaster.com.ar\/web\/wp-content\/uploads\/2024\/11\/casa_laz_slide.jpg",698,364,false],"2048x2048":["https:\/\/www.arquimaster.com.ar\/web\/wp-content\/uploads\/2024\/11\/casa_laz_slide.jpg",698,364,false]},"uagb_author_info":{"display_name":"Arquimaster","author_link":"https:\/\/www.arquimaster.com.ar\/web\/author\/arquimaster\/"},"uagb_comment_info":0,"uagb_excerpt":"El proyecto plantea la reinterpretaci\u00f3n de los corrales manchegos, aprovechando su amplitud...","_links":{"self":[{"href":"https:\/\/www.arquimaster.com.ar\/web\/wp-json\/wp\/v2\/posts\/82677","targetHints":{"allow":["GET"]}}],"collection":[{"href":"https:\/\/www.arquimaster.com.ar\/web\/wp-json\/wp\/v2\/posts"}],"about":[{"href":"https:\/\/www.arquimaster.com.ar\/web\/wp-json\/wp\/v2\/types\/post"}],"author":[{"embeddable":true,"href":"https:\/\/www.arquimaster.com.ar\/web\/wp-json\/wp\/v2\/users\/1"}],"replies":[{"embeddable":true,"href":"https:\/\/www.arquimaster.com.ar\/web\/wp-json\/wp\/v2\/comments?post=82677"}],"version-history":[{"count":4,"href":"https:\/\/www.arquimaster.com.ar\/web\/wp-json\/wp\/v2\/posts\/82677\/revisions"}],"predecessor-version":[{"id":85075,"href":"https:\/\/www.arquimaster.com.ar\/web\/wp-json\/wp\/v2\/posts\/82677\/revisions\/85075"}],"wp:featuredmedia":[{"embeddable":true,"href":"https:\/\/www.arquimaster.com.ar\/web\/wp-json\/wp\/v2\/media\/82678"}],"wp:attachment":[{"href":"https:\/\/www.arquimaster.com.ar\/web\/wp-json\/wp\/v2\/media?parent=82677"}],"wp:term":[{"taxonomy":"category","embeddable":true,"href":"https:\/\/www.arquimaster.com.ar\/web\/wp-json\/wp\/v2\/categories?post=82677"},{"taxonomy":"post_tag","embeddable":true,"href":"https:\/\/www.arquimaster.com.ar\/web\/wp-json\/wp\/v2\/tags?post=82677"}],"curies":[{"name":"wp","href":"https:\/\/api.w.org\/{rel}","templated":true}]}}