{"id":82724,"date":"2024-11-20T20:16:19","date_gmt":"2024-11-20T23:16:19","guid":{"rendered":"https:\/\/www.arquimaster.com.ar\/web\/?p=82724"},"modified":"2025-07-23T19:42:39","modified_gmt":"2025-07-23T22:42:39","slug":"casa-amadar-di-frenna-arquitectos","status":"publish","type":"post","link":"https:\/\/www.arquimaster.com.ar\/web\/casa-amadar-di-frenna-arquitectos\/","title":{"rendered":"Casa Amadar \/ Di Frenna Arquitectos"},"content":{"rendered":"<div style=\"margin-top: 0px; margin-bottom: 0px;\" class=\"sharethis-inline-share-buttons\" ><\/div><div class=\"b812932af2e751442846f039925109de\" data-index=\"1\" style=\"float: none; margin:25px 0 25px 0; text-align:center;\">\n<script async src=\"https:\/\/pagead2.googlesyndication.com\/pagead\/js\/adsbygoogle.js\"><\/script>\r\n<!-- Arquimaster (superior) -->\r\n<ins class=\"adsbygoogle\"\r\n     style=\"display:block\"\r\n     data-ad-client=\"ca-pub-6351072698456832\"\r\n     data-ad-slot=\"6455489680\"\r\n     data-ad-format=\"auto\"\r\n     data-full-width-responsive=\"true\"><\/ins>\r\n<script>\r\n     (adsbygoogle = window.adsbygoogle || []).push({});\r\n<\/script>\n<\/div>\n<p><strong>Casa Amadar<\/strong> (Altozano, Cuauht\u00e9moc, Colima, M\u00e9xico) por <strong>Di Frenna Arquitectos<\/strong>. Un espacio donde la arquitectura y la vida se conectan de manera natural. Esta residencia, dise\u00f1ada para personas que buscan tranquilidad y comodidad en un solo nivel, se presenta con una calma discreta, como si siempre hubiera estado all\u00ed, esperando ser habitada.\u00a0El emplazamiento no fue una elecci\u00f3n al azar; fue una respuesta a la profunda conexi\u00f3n de los habitantes con el entorno que los rodea.<\/p>\n<div id='gallery-1' class='gallery galleryid-82724 gallery-columns-3 gallery-size-thumbnail'><figure class='gallery-item'>\n\t\t\t<div class='gallery-icon landscape'>\n\t\t\t\t<a href='https:\/\/www.arquimaster.com.ar\/web\/wp-content\/uploads\/2024\/11\/casa_amadar_1.jpg' title=\"Casa Amadar \/ Di Frenna Arquitectos (\u00a9 Lorena Darquea)\" data-rl_title=\"Casa Amadar \/ Di Frenna Arquitectos (\u00a9 Lorena Darquea)\" class=\"rl-gallery-link\" data-rl_caption=\"Casa Amadar \/ Di Frenna Arquitectos (\u00a9 Lorena Darquea)\" data-rel=\"lightbox-gallery-1\"><img loading=\"lazy\" decoding=\"async\" width=\"150\" height=\"150\" src=\"https:\/\/www.arquimaster.com.ar\/web\/wp-content\/uploads\/2024\/11\/casa_amadar_1-150x150.jpg\" class=\"attachment-thumbnail size-thumbnail\" alt=\"Casa Amadar \/ Di Frenna Arquitectos\" aria-describedby=\"gallery-1-82726\" \/><\/a>\n\t\t\t<\/div>\n\t\t\t\t<figcaption class='wp-caption-text gallery-caption' id='gallery-1-82726'>\n\t\t\t\tCasa Amadar \/ Di Frenna Arquitectos (\u00a9 Lorena Darquea)\n\t\t\t\t<\/figcaption><\/figure><figure class='gallery-item'>\n\t\t\t<div class='gallery-icon landscape'>\n\t\t\t\t<a href='https:\/\/www.arquimaster.com.ar\/web\/wp-content\/uploads\/2024\/11\/casa_amadar_2.jpg' title=\"Casa Amadar \/ Di Frenna Arquitectos (\u00a9 Lorena Darquea)\" data-rl_title=\"Casa Amadar \/ Di Frenna Arquitectos (\u00a9 Lorena Darquea)\" class=\"rl-gallery-link\" data-rl_caption=\"Casa Amadar \/ Di Frenna Arquitectos (\u00a9 Lorena Darquea)\" data-rel=\"lightbox-gallery-1\"><img loading=\"lazy\" decoding=\"async\" width=\"150\" height=\"150\" src=\"https:\/\/www.arquimaster.com.ar\/web\/wp-content\/uploads\/2024\/11\/casa_amadar_2-150x150.jpg\" class=\"attachment-thumbnail size-thumbnail\" alt=\"Casa Amadar \/ Di Frenna Arquitectos\" aria-describedby=\"gallery-1-82727\" \/><\/a>\n\t\t\t<\/div>\n\t\t\t\t<figcaption class='wp-caption-text gallery-caption' id='gallery-1-82727'>\n\t\t\t\tCasa Amadar \/ Di Frenna Arquitectos (\u00a9 Lorena Darquea)\n\t\t\t\t<\/figcaption><\/figure><figure class='gallery-item'>\n\t\t\t<div class='gallery-icon portrait'>\n\t\t\t\t<a href='https:\/\/www.arquimaster.com.ar\/web\/wp-content\/uploads\/2024\/11\/casa_amadar_3.jpg' title=\"Casa Amadar \/ Di Frenna Arquitectos (\u00a9 Lorena Darquea)\" data-rl_title=\"Casa Amadar \/ Di Frenna Arquitectos (\u00a9 Lorena Darquea)\" class=\"rl-gallery-link\" data-rl_caption=\"Casa Amadar \/ Di Frenna Arquitectos (\u00a9 Lorena Darquea)\" data-rel=\"lightbox-gallery-1\"><img loading=\"lazy\" decoding=\"async\" width=\"150\" height=\"150\" src=\"https:\/\/www.arquimaster.com.ar\/web\/wp-content\/uploads\/2024\/11\/casa_amadar_3-150x150.jpg\" class=\"attachment-thumbnail size-thumbnail\" alt=\"Casa Amadar \/ Di Frenna Arquitectos\" aria-describedby=\"gallery-1-82728\" \/><\/a>\n\t\t\t<\/div>\n\t\t\t\t<figcaption class='wp-caption-text gallery-caption' id='gallery-1-82728'>\n\t\t\t\tCasa Amadar \/ Di Frenna Arquitectos (\u00a9 Lorena Darquea)\n\t\t\t\t<\/figcaption><\/figure><figure class='gallery-item'>\n\t\t\t<div class='gallery-icon landscape'>\n\t\t\t\t<a href='https:\/\/www.arquimaster.com.ar\/web\/wp-content\/uploads\/2024\/11\/casa_amadar_4.jpg' title=\"Casa Amadar \/ Di Frenna Arquitectos (\u00a9 Lorena Darquea)\" data-rl_title=\"Casa Amadar \/ Di Frenna Arquitectos (\u00a9 Lorena Darquea)\" class=\"rl-gallery-link\" data-rl_caption=\"Casa Amadar \/ Di Frenna Arquitectos (\u00a9 Lorena Darquea)\" data-rel=\"lightbox-gallery-1\"><img loading=\"lazy\" decoding=\"async\" width=\"150\" height=\"150\" src=\"https:\/\/www.arquimaster.com.ar\/web\/wp-content\/uploads\/2024\/11\/casa_amadar_4-150x150.jpg\" class=\"attachment-thumbnail size-thumbnail\" alt=\"Casa Amadar \/ Di Frenna Arquitectos\" aria-describedby=\"gallery-1-82729\" \/><\/a>\n\t\t\t<\/div>\n\t\t\t\t<figcaption class='wp-caption-text gallery-caption' id='gallery-1-82729'>\n\t\t\t\tCasa Amadar \/ Di Frenna Arquitectos (\u00a9 Lorena Darquea)\n\t\t\t\t<\/figcaption><\/figure><figure class='gallery-item'>\n\t\t\t<div class='gallery-icon portrait'>\n\t\t\t\t<a href='https:\/\/www.arquimaster.com.ar\/web\/wp-content\/uploads\/2024\/11\/casa_amadar_5.jpg' title=\"Casa Amadar \/ Di Frenna Arquitectos (\u00a9 Lorena Darquea)\" data-rl_title=\"Casa Amadar \/ Di Frenna Arquitectos (\u00a9 Lorena Darquea)\" class=\"rl-gallery-link\" data-rl_caption=\"Casa Amadar \/ Di Frenna Arquitectos (\u00a9 Lorena Darquea)\" data-rel=\"lightbox-gallery-1\"><img loading=\"lazy\" decoding=\"async\" width=\"150\" height=\"150\" src=\"https:\/\/www.arquimaster.com.ar\/web\/wp-content\/uploads\/2024\/11\/casa_amadar_5-150x150.jpg\" class=\"attachment-thumbnail size-thumbnail\" alt=\"Casa Amadar \/ Di Frenna Arquitectos\" aria-describedby=\"gallery-1-82730\" \/><\/a>\n\t\t\t<\/div>\n\t\t\t\t<figcaption class='wp-caption-text gallery-caption' id='gallery-1-82730'>\n\t\t\t\tCasa Amadar \/ Di Frenna Arquitectos (\u00a9 Lorena Darquea)\n\t\t\t\t<\/figcaption><\/figure><figure class='gallery-item'>\n\t\t\t<div class='gallery-icon portrait'>\n\t\t\t\t<a href='https:\/\/www.arquimaster.com.ar\/web\/wp-content\/uploads\/2024\/11\/casa_amadar_6.jpg' title=\"Casa Amadar \/ Di Frenna Arquitectos (\u00a9 Lorena Darquea)\" data-rl_title=\"Casa Amadar \/ Di Frenna Arquitectos (\u00a9 Lorena Darquea)\" class=\"rl-gallery-link\" data-rl_caption=\"Casa Amadar \/ Di Frenna Arquitectos (\u00a9 Lorena Darquea)\" data-rel=\"lightbox-gallery-1\"><img loading=\"lazy\" decoding=\"async\" width=\"150\" height=\"150\" src=\"https:\/\/www.arquimaster.com.ar\/web\/wp-content\/uploads\/2024\/11\/casa_amadar_6-150x150.jpg\" class=\"attachment-thumbnail size-thumbnail\" alt=\"Casa Amadar \/ Di Frenna Arquitectos\" aria-describedby=\"gallery-1-82731\" \/><\/a>\n\t\t\t<\/div>\n\t\t\t\t<figcaption class='wp-caption-text gallery-caption' id='gallery-1-82731'>\n\t\t\t\tCasa Amadar \/ Di Frenna Arquitectos (\u00a9 Lorena Darquea)\n\t\t\t\t<\/figcaption><\/figure><figure class='gallery-item'>\n\t\t\t<div class='gallery-icon landscape'>\n\t\t\t\t<a href='https:\/\/www.arquimaster.com.ar\/web\/wp-content\/uploads\/2024\/11\/casa_amadar_7.jpg' title=\"Casa Amadar \/ Di Frenna Arquitectos (\u00a9 Lorena Darquea)\" data-rl_title=\"Casa Amadar \/ Di Frenna Arquitectos (\u00a9 Lorena Darquea)\" class=\"rl-gallery-link\" data-rl_caption=\"Casa Amadar \/ Di Frenna Arquitectos (\u00a9 Lorena Darquea)\" data-rel=\"lightbox-gallery-1\"><img loading=\"lazy\" decoding=\"async\" width=\"150\" height=\"150\" src=\"https:\/\/www.arquimaster.com.ar\/web\/wp-content\/uploads\/2024\/11\/casa_amadar_7-150x150.jpg\" class=\"attachment-thumbnail size-thumbnail\" alt=\"Casa Amadar \/ Di Frenna Arquitectos\" aria-describedby=\"gallery-1-82732\" \/><\/a>\n\t\t\t<\/div>\n\t\t\t\t<figcaption class='wp-caption-text gallery-caption' id='gallery-1-82732'>\n\t\t\t\tCasa Amadar \/ Di Frenna Arquitectos (\u00a9 Lorena Darquea)\n\t\t\t\t<\/figcaption><\/figure><figure class='gallery-item'>\n\t\t\t<div class='gallery-icon portrait'>\n\t\t\t\t<a href='https:\/\/www.arquimaster.com.ar\/web\/wp-content\/uploads\/2024\/11\/casa_amadar_8.jpg' title=\"Casa Amadar \/ Di Frenna Arquitectos (\u00a9 Lorena Darquea)\" data-rl_title=\"Casa Amadar \/ Di Frenna Arquitectos (\u00a9 Lorena Darquea)\" class=\"rl-gallery-link\" data-rl_caption=\"Casa Amadar \/ Di Frenna Arquitectos (\u00a9 Lorena Darquea)\" data-rel=\"lightbox-gallery-1\"><img loading=\"lazy\" decoding=\"async\" width=\"150\" height=\"150\" src=\"https:\/\/www.arquimaster.com.ar\/web\/wp-content\/uploads\/2024\/11\/casa_amadar_8-150x150.jpg\" class=\"attachment-thumbnail size-thumbnail\" alt=\"Casa Amadar \/ Di Frenna Arquitectos\" aria-describedby=\"gallery-1-82733\" \/><\/a>\n\t\t\t<\/div>\n\t\t\t\t<figcaption class='wp-caption-text gallery-caption' id='gallery-1-82733'>\n\t\t\t\tCasa Amadar \/ Di Frenna Arquitectos (\u00a9 Lorena Darquea)\n\t\t\t\t<\/figcaption><\/figure><figure class='gallery-item'>\n\t\t\t<div class='gallery-icon landscape'>\n\t\t\t\t<a href='https:\/\/www.arquimaster.com.ar\/web\/wp-content\/uploads\/2024\/11\/casa_amadar_9.jpg' title=\"Casa Amadar \/ Di Frenna Arquitectos (\u00a9 Lorena Darquea)\" data-rl_title=\"Casa Amadar \/ Di Frenna Arquitectos (\u00a9 Lorena Darquea)\" class=\"rl-gallery-link\" data-rl_caption=\"Casa Amadar \/ Di Frenna Arquitectos (\u00a9 Lorena Darquea)\" data-rel=\"lightbox-gallery-1\"><img loading=\"lazy\" decoding=\"async\" width=\"150\" height=\"150\" src=\"https:\/\/www.arquimaster.com.ar\/web\/wp-content\/uploads\/2024\/11\/casa_amadar_9-150x150.jpg\" class=\"attachment-thumbnail size-thumbnail\" alt=\"Casa Amadar \/ Di Frenna Arquitectos\" aria-describedby=\"gallery-1-82734\" \/><\/a>\n\t\t\t<\/div>\n\t\t\t\t<figcaption class='wp-caption-text gallery-caption' id='gallery-1-82734'>\n\t\t\t\tCasa Amadar \/ Di Frenna Arquitectos (\u00a9 Lorena Darquea)\n\t\t\t\t<\/figcaption><\/figure><figure class='gallery-item'>\n\t\t\t<div class='gallery-icon portrait'>\n\t\t\t\t<a href='https:\/\/www.arquimaster.com.ar\/web\/wp-content\/uploads\/2024\/11\/casa_amadar_10.jpg' title=\"Casa Amadar \/ Di Frenna Arquitectos (\u00a9 Lorena Darquea)\" data-rl_title=\"Casa Amadar \/ Di Frenna Arquitectos (\u00a9 Lorena Darquea)\" class=\"rl-gallery-link\" data-rl_caption=\"Casa Amadar \/ Di Frenna Arquitectos (\u00a9 Lorena Darquea)\" data-rel=\"lightbox-gallery-1\"><img loading=\"lazy\" decoding=\"async\" width=\"150\" height=\"150\" src=\"https:\/\/www.arquimaster.com.ar\/web\/wp-content\/uploads\/2024\/11\/casa_amadar_10-150x150.jpg\" class=\"attachment-thumbnail size-thumbnail\" alt=\"Casa Amadar \/ Di Frenna Arquitectos\" aria-describedby=\"gallery-1-82735\" \/><\/a>\n\t\t\t<\/div>\n\t\t\t\t<figcaption class='wp-caption-text gallery-caption' id='gallery-1-82735'>\n\t\t\t\tCasa Amadar \/ Di Frenna Arquitectos (\u00a9 Lorena Darquea)\n\t\t\t\t<\/figcaption><\/figure><figure class='gallery-item'>\n\t\t\t<div class='gallery-icon portrait'>\n\t\t\t\t<a href='https:\/\/www.arquimaster.com.ar\/web\/wp-content\/uploads\/2024\/11\/casa_amadar_11.jpg' title=\"Casa Amadar \/ Di Frenna Arquitectos (\u00a9 Lorena Darquea)\" data-rl_title=\"Casa Amadar \/ Di Frenna Arquitectos (\u00a9 Lorena Darquea)\" class=\"rl-gallery-link\" data-rl_caption=\"Casa Amadar \/ Di Frenna Arquitectos (\u00a9 Lorena Darquea)\" data-rel=\"lightbox-gallery-1\"><img loading=\"lazy\" decoding=\"async\" width=\"150\" height=\"150\" src=\"https:\/\/www.arquimaster.com.ar\/web\/wp-content\/uploads\/2024\/11\/casa_amadar_11-150x150.jpg\" class=\"attachment-thumbnail size-thumbnail\" alt=\"Casa Amadar \/ Di Frenna Arquitectos\" aria-describedby=\"gallery-1-82736\" \/><\/a>\n\t\t\t<\/div>\n\t\t\t\t<figcaption class='wp-caption-text gallery-caption' id='gallery-1-82736'>\n\t\t\t\tCasa Amadar \/ Di Frenna Arquitectos (\u00a9 Lorena Darquea)\n\t\t\t\t<\/figcaption><\/figure><figure class='gallery-item'>\n\t\t\t<div class='gallery-icon portrait'>\n\t\t\t\t<a href='https:\/\/www.arquimaster.com.ar\/web\/wp-content\/uploads\/2024\/11\/casa_amadar_12.jpg' title=\"Casa Amadar \/ Di Frenna Arquitectos (\u00a9 Lorena Darquea)\" data-rl_title=\"Casa Amadar \/ Di Frenna Arquitectos (\u00a9 Lorena Darquea)\" class=\"rl-gallery-link\" data-rl_caption=\"Casa Amadar \/ Di Frenna Arquitectos (\u00a9 Lorena Darquea)\" data-rel=\"lightbox-gallery-1\"><img loading=\"lazy\" decoding=\"async\" width=\"150\" height=\"150\" src=\"https:\/\/www.arquimaster.com.ar\/web\/wp-content\/uploads\/2024\/11\/casa_amadar_12-150x150.jpg\" class=\"attachment-thumbnail size-thumbnail\" alt=\"Casa Amadar \/ Di Frenna Arquitectos\" aria-describedby=\"gallery-1-82737\" \/><\/a>\n\t\t\t<\/div>\n\t\t\t\t<figcaption class='wp-caption-text gallery-caption' id='gallery-1-82737'>\n\t\t\t\tCasa Amadar \/ Di Frenna Arquitectos (\u00a9 Lorena Darquea)\n\t\t\t\t<\/figcaption><\/figure><figure class='gallery-item'>\n\t\t\t<div class='gallery-icon portrait'>\n\t\t\t\t<a href='https:\/\/www.arquimaster.com.ar\/web\/wp-content\/uploads\/2024\/11\/casa_amadar_13.jpg' title=\"Casa Amadar \/ Di Frenna Arquitectos (\u00a9 Lorena Darquea)\" data-rl_title=\"Casa Amadar \/ Di Frenna Arquitectos (\u00a9 Lorena Darquea)\" class=\"rl-gallery-link\" data-rl_caption=\"Casa Amadar \/ Di Frenna Arquitectos (\u00a9 Lorena Darquea)\" data-rel=\"lightbox-gallery-1\"><img loading=\"lazy\" decoding=\"async\" width=\"150\" height=\"150\" src=\"https:\/\/www.arquimaster.com.ar\/web\/wp-content\/uploads\/2024\/11\/casa_amadar_13-150x150.jpg\" class=\"attachment-thumbnail size-thumbnail\" alt=\"Casa Amadar \/ Di Frenna Arquitectos\" aria-describedby=\"gallery-1-82738\" \/><\/a>\n\t\t\t<\/div>\n\t\t\t\t<figcaption class='wp-caption-text gallery-caption' id='gallery-1-82738'>\n\t\t\t\tCasa Amadar \/ Di Frenna Arquitectos (\u00a9 Lorena Darquea)\n\t\t\t\t<\/figcaption><\/figure><figure class='gallery-item'>\n\t\t\t<div class='gallery-icon landscape'>\n\t\t\t\t<a href='https:\/\/www.arquimaster.com.ar\/web\/wp-content\/uploads\/2024\/11\/casa_amadar_14.jpg' title=\"Casa Amadar \/ Di Frenna Arquitectos (\u00a9 Lorena Darquea)\" data-rl_title=\"Casa Amadar \/ Di Frenna Arquitectos (\u00a9 Lorena Darquea)\" class=\"rl-gallery-link\" data-rl_caption=\"Casa Amadar \/ Di Frenna Arquitectos (\u00a9 Lorena Darquea)\" data-rel=\"lightbox-gallery-1\"><img loading=\"lazy\" decoding=\"async\" width=\"150\" height=\"150\" src=\"https:\/\/www.arquimaster.com.ar\/web\/wp-content\/uploads\/2024\/11\/casa_amadar_14-150x150.jpg\" class=\"attachment-thumbnail size-thumbnail\" alt=\"Casa Amadar \/ Di Frenna Arquitectos\" aria-describedby=\"gallery-1-82739\" \/><\/a>\n\t\t\t<\/div>\n\t\t\t\t<figcaption class='wp-caption-text gallery-caption' id='gallery-1-82739'>\n\t\t\t\tCasa Amadar \/ Di Frenna Arquitectos (\u00a9 Lorena Darquea)\n\t\t\t\t<\/figcaption><\/figure><figure class='gallery-item'>\n\t\t\t<div class='gallery-icon landscape'>\n\t\t\t\t<a href='https:\/\/www.arquimaster.com.ar\/web\/wp-content\/uploads\/2024\/11\/casa_amadar_15.jpg' title=\"Casa Amadar \/ Di Frenna Arquitectos (\u00a9 Lorena Darquea)\" data-rl_title=\"Casa Amadar \/ Di Frenna Arquitectos (\u00a9 Lorena Darquea)\" class=\"rl-gallery-link\" data-rl_caption=\"Casa Amadar \/ Di Frenna Arquitectos (\u00a9 Lorena Darquea)\" data-rel=\"lightbox-gallery-1\"><img loading=\"lazy\" decoding=\"async\" width=\"150\" height=\"150\" src=\"https:\/\/www.arquimaster.com.ar\/web\/wp-content\/uploads\/2024\/11\/casa_amadar_15-150x150.jpg\" class=\"attachment-thumbnail size-thumbnail\" alt=\"Casa Amadar \/ Di Frenna Arquitectos\" aria-describedby=\"gallery-1-82740\" \/><\/a>\n\t\t\t<\/div>\n\t\t\t\t<figcaption class='wp-caption-text gallery-caption' id='gallery-1-82740'>\n\t\t\t\tCasa Amadar \/ Di Frenna Arquitectos (\u00a9 Lorena Darquea)\n\t\t\t\t<\/figcaption><\/figure><figure class='gallery-item'>\n\t\t\t<div class='gallery-icon portrait'>\n\t\t\t\t<a href='https:\/\/www.arquimaster.com.ar\/web\/wp-content\/uploads\/2024\/11\/casa_amadar_16.jpg' title=\"Casa Amadar \/ Di Frenna Arquitectos (\u00a9 Lorena Darquea)\" data-rl_title=\"Casa Amadar \/ Di Frenna Arquitectos (\u00a9 Lorena Darquea)\" class=\"rl-gallery-link\" data-rl_caption=\"Casa Amadar \/ Di Frenna Arquitectos (\u00a9 Lorena Darquea)\" data-rel=\"lightbox-gallery-1\"><img loading=\"lazy\" decoding=\"async\" width=\"150\" height=\"150\" src=\"https:\/\/www.arquimaster.com.ar\/web\/wp-content\/uploads\/2024\/11\/casa_amadar_16-150x150.jpg\" class=\"attachment-thumbnail size-thumbnail\" alt=\"Casa Amadar \/ Di Frenna Arquitectos\" aria-describedby=\"gallery-1-82741\" \/><\/a>\n\t\t\t<\/div>\n\t\t\t\t<figcaption class='wp-caption-text gallery-caption' id='gallery-1-82741'>\n\t\t\t\tCasa Amadar \/ Di Frenna Arquitectos (\u00a9 Lorena Darquea)\n\t\t\t\t<\/figcaption><\/figure><figure class='gallery-item'>\n\t\t\t<div class='gallery-icon portrait'>\n\t\t\t\t<a href='https:\/\/www.arquimaster.com.ar\/web\/wp-content\/uploads\/2024\/11\/casa_amadar_17.jpg' title=\"Casa Amadar \/ Di Frenna Arquitectos (\u00a9 Lorena Darquea)\" data-rl_title=\"Casa Amadar \/ Di Frenna Arquitectos (\u00a9 Lorena Darquea)\" class=\"rl-gallery-link\" data-rl_caption=\"Casa Amadar \/ Di Frenna Arquitectos (\u00a9 Lorena Darquea)\" data-rel=\"lightbox-gallery-1\"><img loading=\"lazy\" decoding=\"async\" width=\"150\" height=\"150\" src=\"https:\/\/www.arquimaster.com.ar\/web\/wp-content\/uploads\/2024\/11\/casa_amadar_17-150x150.jpg\" class=\"attachment-thumbnail size-thumbnail\" alt=\"Casa Amadar \/ Di Frenna Arquitectos\" aria-describedby=\"gallery-1-82742\" \/><\/a>\n\t\t\t<\/div>\n\t\t\t\t<figcaption class='wp-caption-text gallery-caption' id='gallery-1-82742'>\n\t\t\t\tCasa Amadar \/ Di Frenna Arquitectos (\u00a9 Lorena Darquea)\n\t\t\t\t<\/figcaption><\/figure><figure class='gallery-item'>\n\t\t\t<div class='gallery-icon landscape'>\n\t\t\t\t<a href='https:\/\/www.arquimaster.com.ar\/web\/wp-content\/uploads\/2024\/11\/casa_amadar_18.jpg' title=\"Casa Amadar \/ Di Frenna Arquitectos (\u00a9 Lorena Darquea)\" data-rl_title=\"Casa Amadar \/ Di Frenna Arquitectos (\u00a9 Lorena Darquea)\" class=\"rl-gallery-link\" data-rl_caption=\"Casa Amadar \/ Di Frenna Arquitectos (\u00a9 Lorena Darquea)\" data-rel=\"lightbox-gallery-1\"><img loading=\"lazy\" decoding=\"async\" width=\"150\" height=\"150\" src=\"https:\/\/www.arquimaster.com.ar\/web\/wp-content\/uploads\/2024\/11\/casa_amadar_18-150x150.jpg\" class=\"attachment-thumbnail size-thumbnail\" alt=\"Casa Amadar \/ Di Frenna Arquitectos\" aria-describedby=\"gallery-1-82743\" \/><\/a>\n\t\t\t<\/div>\n\t\t\t\t<figcaption class='wp-caption-text gallery-caption' id='gallery-1-82743'>\n\t\t\t\tCasa Amadar \/ Di Frenna Arquitectos (\u00a9 Lorena Darquea)\n\t\t\t\t<\/figcaption><\/figure><figure class='gallery-item'>\n\t\t\t<div class='gallery-icon landscape'>\n\t\t\t\t<a href='https:\/\/www.arquimaster.com.ar\/web\/wp-content\/uploads\/2024\/11\/casa_amadar_19.jpg' title=\"Casa Amadar \/ Di Frenna Arquitectos (\u00a9 Lorena Darquea)\" data-rl_title=\"Casa Amadar \/ Di Frenna Arquitectos (\u00a9 Lorena Darquea)\" class=\"rl-gallery-link\" data-rl_caption=\"Casa Amadar \/ Di Frenna Arquitectos (\u00a9 Lorena Darquea)\" data-rel=\"lightbox-gallery-1\"><img loading=\"lazy\" decoding=\"async\" width=\"150\" height=\"150\" src=\"https:\/\/www.arquimaster.com.ar\/web\/wp-content\/uploads\/2024\/11\/casa_amadar_19-150x150.jpg\" class=\"attachment-thumbnail size-thumbnail\" alt=\"Casa Amadar \/ Di Frenna Arquitectos\" aria-describedby=\"gallery-1-82744\" \/><\/a>\n\t\t\t<\/div>\n\t\t\t\t<figcaption class='wp-caption-text gallery-caption' id='gallery-1-82744'>\n\t\t\t\tCasa Amadar \/ Di Frenna Arquitectos (\u00a9 Lorena Darquea)\n\t\t\t\t<\/figcaption><\/figure><figure class='gallery-item'>\n\t\t\t<div class='gallery-icon portrait'>\n\t\t\t\t<a href='https:\/\/www.arquimaster.com.ar\/web\/wp-content\/uploads\/2024\/11\/casa_amadar_20.jpg' title=\"Casa Amadar \/ Di Frenna Arquitectos (\u00a9 Lorena Darquea)\" data-rl_title=\"Casa Amadar \/ Di Frenna Arquitectos (\u00a9 Lorena Darquea)\" class=\"rl-gallery-link\" data-rl_caption=\"Casa Amadar \/ Di Frenna Arquitectos (\u00a9 Lorena Darquea)\" data-rel=\"lightbox-gallery-1\"><img loading=\"lazy\" decoding=\"async\" width=\"150\" height=\"150\" src=\"https:\/\/www.arquimaster.com.ar\/web\/wp-content\/uploads\/2024\/11\/casa_amadar_20-150x150.jpg\" class=\"attachment-thumbnail size-thumbnail\" alt=\"Casa Amadar \/ Di Frenna Arquitectos\" aria-describedby=\"gallery-1-82745\" \/><\/a>\n\t\t\t<\/div>\n\t\t\t\t<figcaption class='wp-caption-text gallery-caption' id='gallery-1-82745'>\n\t\t\t\tCasa Amadar \/ Di Frenna Arquitectos (\u00a9 Lorena Darquea)\n\t\t\t\t<\/figcaption><\/figure><figure class='gallery-item'>\n\t\t\t<div class='gallery-icon landscape'>\n\t\t\t\t<a href='https:\/\/www.arquimaster.com.ar\/web\/wp-content\/uploads\/2024\/11\/casa_amadar_21.jpg' title=\"Casa Amadar \/ Di Frenna Arquitectos (\u00a9 Lorena Darquea)\" data-rl_title=\"Casa Amadar \/ Di Frenna Arquitectos (\u00a9 Lorena Darquea)\" class=\"rl-gallery-link\" data-rl_caption=\"Casa Amadar \/ Di Frenna Arquitectos (\u00a9 Lorena Darquea)\" data-rel=\"lightbox-gallery-1\"><img loading=\"lazy\" decoding=\"async\" width=\"150\" height=\"150\" src=\"https:\/\/www.arquimaster.com.ar\/web\/wp-content\/uploads\/2024\/11\/casa_amadar_21-150x150.jpg\" class=\"attachment-thumbnail size-thumbnail\" alt=\"Casa Amadar \/ Di Frenna Arquitectos\" aria-describedby=\"gallery-1-82746\" \/><\/a>\n\t\t\t<\/div>\n\t\t\t\t<figcaption class='wp-caption-text gallery-caption' id='gallery-1-82746'>\n\t\t\t\tCasa Amadar \/ Di Frenna Arquitectos (\u00a9 Lorena Darquea)\n\t\t\t\t<\/figcaption><\/figure><figure class='gallery-item'>\n\t\t\t<div class='gallery-icon landscape'>\n\t\t\t\t<a href='https:\/\/www.arquimaster.com.ar\/web\/wp-content\/uploads\/2024\/11\/casa_amadar_22.jpg' title=\"Casa Amadar \/ Di Frenna Arquitectos (\u00a9 Lorena Darquea)\" data-rl_title=\"Casa Amadar \/ Di Frenna Arquitectos (\u00a9 Lorena Darquea)\" class=\"rl-gallery-link\" data-rl_caption=\"Casa Amadar \/ Di Frenna Arquitectos (\u00a9 Lorena Darquea)\" data-rel=\"lightbox-gallery-1\"><img loading=\"lazy\" decoding=\"async\" width=\"150\" height=\"150\" src=\"https:\/\/www.arquimaster.com.ar\/web\/wp-content\/uploads\/2024\/11\/casa_amadar_22-150x150.jpg\" class=\"attachment-thumbnail size-thumbnail\" alt=\"Casa Amadar \/ Di Frenna Arquitectos\" aria-describedby=\"gallery-1-82747\" \/><\/a>\n\t\t\t<\/div>\n\t\t\t\t<figcaption class='wp-caption-text gallery-caption' id='gallery-1-82747'>\n\t\t\t\tCasa Amadar \/ Di Frenna Arquitectos (\u00a9 Lorena Darquea)\n\t\t\t\t<\/figcaption><\/figure><figure class='gallery-item'>\n\t\t\t<div class='gallery-icon landscape'>\n\t\t\t\t<a href='https:\/\/www.arquimaster.com.ar\/web\/wp-content\/uploads\/2024\/11\/casa_amadar_23.jpg' title=\"Casa Amadar \/ Di Frenna Arquitectos (\u00a9 Lorena Darquea)\" data-rl_title=\"Casa Amadar \/ Di Frenna Arquitectos (\u00a9 Lorena Darquea)\" class=\"rl-gallery-link\" data-rl_caption=\"Casa Amadar \/ Di Frenna Arquitectos (\u00a9 Lorena Darquea)\" data-rel=\"lightbox-gallery-1\"><img loading=\"lazy\" decoding=\"async\" width=\"150\" height=\"150\" src=\"https:\/\/www.arquimaster.com.ar\/web\/wp-content\/uploads\/2024\/11\/casa_amadar_23-150x150.jpg\" class=\"attachment-thumbnail size-thumbnail\" alt=\"Casa Amadar \/ Di Frenna Arquitectos\" aria-describedby=\"gallery-1-82748\" \/><\/a>\n\t\t\t<\/div>\n\t\t\t\t<figcaption class='wp-caption-text gallery-caption' id='gallery-1-82748'>\n\t\t\t\tCasa Amadar \/ Di Frenna Arquitectos (\u00a9 Lorena Darquea)\n\t\t\t\t<\/figcaption><\/figure><figure class='gallery-item'>\n\t\t\t<div class='gallery-icon portrait'>\n\t\t\t\t<a href='https:\/\/www.arquimaster.com.ar\/web\/wp-content\/uploads\/2024\/11\/casa_amadar_24.jpg' title=\"Casa Amadar \/ Di Frenna Arquitectos (planta)\" data-rl_title=\"Casa Amadar \/ Di Frenna Arquitectos (planta)\" class=\"rl-gallery-link\" data-rl_caption=\"Casa Amadar \/ Di Frenna Arquitectos (planta)\" data-rel=\"lightbox-gallery-1\"><img loading=\"lazy\" decoding=\"async\" width=\"150\" height=\"150\" src=\"https:\/\/www.arquimaster.com.ar\/web\/wp-content\/uploads\/2024\/11\/casa_amadar_24-150x150.jpg\" class=\"attachment-thumbnail size-thumbnail\" alt=\"Casa Amadar \/ Di Frenna Arquitectos\" aria-describedby=\"gallery-1-82749\" \/><\/a>\n\t\t\t<\/div>\n\t\t\t\t<figcaption class='wp-caption-text gallery-caption' id='gallery-1-82749'>\n\t\t\t\tCasa Amadar \/ Di Frenna Arquitectos (planta)\n\t\t\t\t<\/figcaption><\/figure><figure class='gallery-item'>\n\t\t\t<div class='gallery-icon landscape'>\n\t\t\t\t<a href='https:\/\/www.arquimaster.com.ar\/web\/wp-content\/uploads\/2024\/11\/casa_amadar_25.jpg' title=\"Casa Amadar \/ Di Frenna Arquitectos (corte)\" data-rl_title=\"Casa Amadar \/ Di Frenna Arquitectos (corte)\" class=\"rl-gallery-link\" data-rl_caption=\"Casa Amadar \/ Di Frenna Arquitectos (corte)\" data-rel=\"lightbox-gallery-1\"><img loading=\"lazy\" decoding=\"async\" width=\"150\" height=\"150\" src=\"https:\/\/www.arquimaster.com.ar\/web\/wp-content\/uploads\/2024\/11\/casa_amadar_25-150x150.jpg\" class=\"attachment-thumbnail size-thumbnail\" alt=\"Casa Amadar \/ Di Frenna Arquitectos\" aria-describedby=\"gallery-1-82750\" \/><\/a>\n\t\t\t<\/div>\n\t\t\t\t<figcaption class='wp-caption-text gallery-caption' id='gallery-1-82750'>\n\t\t\t\tCasa Amadar \/ Di Frenna Arquitectos (corte)\n\t\t\t\t<\/figcaption><\/figure><figure class='gallery-item'>\n\t\t\t<div class='gallery-icon landscape'>\n\t\t\t\t<a href='https:\/\/www.arquimaster.com.ar\/web\/wp-content\/uploads\/2024\/11\/casa_amadar_26.jpg' title=\"Casa Amadar \/ Di Frenna Arquitectos (corte)\" data-rl_title=\"Casa Amadar \/ Di Frenna Arquitectos (corte)\" class=\"rl-gallery-link\" data-rl_caption=\"Casa Amadar \/ Di Frenna Arquitectos (corte)\" data-rel=\"lightbox-gallery-1\"><img loading=\"lazy\" decoding=\"async\" width=\"150\" height=\"150\" src=\"https:\/\/www.arquimaster.com.ar\/web\/wp-content\/uploads\/2024\/11\/casa_amadar_26-150x150.jpg\" class=\"attachment-thumbnail size-thumbnail\" alt=\"Casa Amadar \/ Di Frenna Arquitectos\" aria-describedby=\"gallery-1-82751\" \/><\/a>\n\t\t\t<\/div>\n\t\t\t\t<figcaption class='wp-caption-text gallery-caption' id='gallery-1-82751'>\n\t\t\t\tCasa Amadar \/ Di Frenna Arquitectos (corte)\n\t\t\t\t<\/figcaption><\/figure>\n\t\t<\/div>\n\n<p>El terreno, con su vista privilegiada hacia el \u00e1rea verde, se convierte en el coraz\u00f3n de la casa, el lugar donde las experiencias diarias se nutren de la calma y la frescura que ofrece la naturaleza. La terraza y la alberca, orientadas hacia el paisaje, no son solo espacios de esparcimiento, sino tambi\u00e9n son donde el tiempo se desvanece y el descanso predomina.<\/p>\n<p>La soluci\u00f3n arquitect\u00f3nica se ancla en un principio fundamental: la vida debe fluir con facilidad. Por ello, la planta baja alberga los espacios m\u00e1s vitales, aquellos que permiten a los habitantes vivir con comodidad, sin renunciar a la conexi\u00f3n con el exterior. La rec\u00e1mara principal, se abre a su propia terraza, un rinc\u00f3n privado donde las ma\u00f1anas se disfrutan lentamente con el primer rayo de sol. Todos los espacios en este nivel comparten una relaci\u00f3n \u00edntima con el \u00e1rea verde.<\/p>\n<p>El dise\u00f1o material de la casa refleja el deseo de durabilidad y sobriedad. Los materiales elegidos no solo ofrecen resistencia al paso del tiempo, sino que tambi\u00e9n son custodios silenciosos de la historia que los habitantes comenzar\u00e1n a escribir en este hogar. El mantenimiento reducido es una promesa de que la estructura permanecer\u00e1 inalterable, mientras todo a su alrededor evoluciona.<\/p>\n<p>El programa arquitect\u00f3nico distribuye cuidadosamente las funciones, asegurando que cada rinc\u00f3n de la casa tenga un prop\u00f3sito claro, desde el s\u00f3tano, donde se encuentra una bodega para la alberca y su ba\u00f1o, hasta la planta baja que acoge los espacios de convivencia m\u00e1s significativos.<\/p>\n<p>La cochera, el acceso principal, la cocina integrada al comedor, y la sala a doble altura, todo converge hacia la terraza, el epicentro de la vida al aire libre.<\/p>\n<p>En la planta alta, las dos rec\u00e1maras secundarias con su propio ba\u00f1o y vestidor, junto con el cine, ofrecen un espacio adicional para recibir a quienes quieran compartir la serenidad de este lugar.<\/p>\n<p>En este proyecto, la arquitectura no es s\u00f3lo construcci\u00f3n. Cada l\u00ednea, cada elecci\u00f3n de material, cada vista enmarcada, es una met\u00e1fora de la vida misma, donde lo esencial se encuentra en la sencillez, en el respeto por el entorno, y en la creaci\u00f3n de un hogar.<\/p>\n\n\n<div style=\"height:20px\" aria-hidden=\"true\" class=\"wp-block-spacer\"><\/div>\n\n\n\n<p class=\"has-background\" style=\"background-color:#eaeaea\"><strong>Ficha t\u00e9cnica<\/strong><br>Nombre: Casa Amadar<br>Ubicaci\u00f3n: Altozano, Cuauht\u00e9moc, Colima, M\u00e9xico<br>Oficina de arquitectura: Di Frenna Arquitectos<br>Equipo de trabajo: Arq. Matia Di Frenna M\u00fcller, Arq. Jos\u00e9 Omar Anguiano de la Rosa, Ing. Juan Gerardo Guardado \u00c1vila<br>\u00c1rea: 396 m2<br>Fecha de inicio: Diciembre 2021<br>Fecha de t\u00e9rmino: Junio 2023<br>Fotograf\u00eda: Lorena Darquea<br>Sitio web: https:\/\/difrennaarquitectos.com<br>Instagram: @difrenna.arquitectos<\/p>\n\n\n\n<div style=\"height:40px\" aria-hidden=\"true\" class=\"wp-block-spacer\"><\/div>\n\n<div style=\"font-size: 0px; height: 0px; line-height: 0px; margin: 0; padding: 0; clear: both;\"><\/div><div style=\"margin-top: 0px; margin-bottom: 0px;\" class=\"sharethis-inline-share-buttons\" ><\/div>","protected":false},"excerpt":{"rendered":"<p>Cada l\u00ednea, cada elecci\u00f3n de material, cada vista enmarcada, es una met\u00e1fora de la vida misma&#8230;<\/p>\n","protected":false},"author":1,"featured_media":82725,"comment_status":"closed","ping_status":"closed","sticky":false,"template":"","format":"standard","meta":{"_uag_custom_page_level_css":"","footnotes":""},"categories":[1,83],"tags":[8096,4282,7089,8095,7088,8097,8098,7090,24,254],"class_list":["post-82724","post","type-post","status-publish","format-standard","has-post-thumbnail","hentry","category-proyecto","category-vivienda-unifamiliar","tag-altozano","tag-arquitectura-residencial","tag-colima","tag-cuauhtemoc","tag-di-frenna-arquitectos","tag-jose-omar-anguiano-de-la-rosa","tag-juan-gerardo-guardado-avila","tag-matia-di-frenna-muller","tag-mexico","tag-vivienda-unifamiliar-2","generate-columns","tablet-grid-50","mobile-grid-100","grid-parent","grid-50"],"yoast_head":"<!-- This site is optimized with the Yoast SEO plugin v27.3 - https:\/\/yoast.com\/product\/yoast-seo-wordpress\/ -->\n<title>Casa Amadar \/ Di Frenna Arquitectos - Arquimaster<\/title>\n<meta name=\"description\" content=\"Cada l\u00ednea, cada elecci\u00f3n de material, cada vista enmarcada, es una met\u00e1fora de la vida misma, donde lo esencial se encuentra en la sencillez, en el respeto por el entorno, y en la creaci\u00f3n de un hogar.\" \/>\n<meta name=\"robots\" content=\"index, follow, max-snippet:-1, max-image-preview:large, max-video-preview:-1\" \/>\n<link rel=\"canonical\" href=\"https:\/\/www.arquimaster.com.ar\/web\/casa-amadar-di-frenna-arquitectos\/\" \/>\n<meta property=\"og:locale\" content=\"es_ES\" \/>\n<meta property=\"og:type\" content=\"article\" \/>\n<meta property=\"og:title\" content=\"Casa Amadar \/ Di Frenna Arquitectos\" \/>\n<meta property=\"og:description\" content=\"Cada l\u00ednea, cada elecci\u00f3n de material, cada vista enmarcada, es una met\u00e1fora de la vida misma, donde lo esencial se encuentra en la sencillez, en el respeto por el entorno, y en la creaci\u00f3n de un hogar.\" \/>\n<meta property=\"og:url\" content=\"https:\/\/www.arquimaster.com.ar\/web\/casa-amadar-di-frenna-arquitectos\/\" \/>\n<meta property=\"og:site_name\" content=\"Arquimaster\" \/>\n<meta property=\"article:publisher\" content=\"http:\/\/www.facebook.com\/ARQUIMASTER.com.ar\" \/>\n<meta property=\"article:published_time\" content=\"2024-11-20T23:16:19+00:00\" \/>\n<meta property=\"article:modified_time\" content=\"2025-07-23T22:42:39+00:00\" \/>\n<meta property=\"og:image\" content=\"https:\/\/www.arquimaster.com.ar\/web\/wp-content\/uploads\/2024\/11\/casa_amadar_slide.jpg\" \/>\n\t<meta property=\"og:image:width\" content=\"698\" \/>\n\t<meta property=\"og:image:height\" content=\"364\" \/>\n\t<meta property=\"og:image:type\" content=\"image\/jpeg\" \/>\n<meta name=\"author\" content=\"Arquimaster\" \/>\n<meta name=\"twitter:card\" content=\"summary_large_image\" \/>\n<meta name=\"twitter:title\" content=\"Casa Amadar \/ Di Frenna Arquitectos\" \/>\n<meta name=\"twitter:description\" content=\"Cada l\u00ednea, cada elecci\u00f3n de material, cada vista enmarcada, es una met\u00e1fora de la vida misma, donde lo esencial se encuentra en la sencillez, en el respeto por el entorno, y en la creaci\u00f3n de un hogar.\" \/>\n<meta name=\"twitter:image\" content=\"https:\/\/www.arquimaster.com.ar\/web\/wp-content\/uploads\/2024\/11\/casa_amadar_slide.jpg\" \/>\n<meta name=\"twitter:creator\" content=\"@arquimaster\" \/>\n<meta name=\"twitter:site\" content=\"@arquimaster\" \/>\n<meta name=\"twitter:label1\" content=\"Escrito por\" \/>\n\t<meta name=\"twitter:data1\" content=\"Arquimaster\" \/>\n\t<meta name=\"twitter:label2\" content=\"Tiempo de lectura\" \/>\n\t<meta name=\"twitter:data2\" content=\"3 minutos\" \/>\n<script type=\"application\/ld+json\" class=\"yoast-schema-graph\">{\"@context\":\"https:\\\/\\\/schema.org\",\"@graph\":[{\"@type\":\"Article\",\"@id\":\"https:\\\/\\\/www.arquimaster.com.ar\\\/web\\\/casa-amadar-di-frenna-arquitectos\\\/#article\",\"isPartOf\":{\"@id\":\"https:\\\/\\\/www.arquimaster.com.ar\\\/web\\\/casa-amadar-di-frenna-arquitectos\\\/\"},\"author\":{\"name\":\"Arquimaster\",\"@id\":\"https:\\\/\\\/www.arquimaster.com.ar\\\/web\\\/#\\\/schema\\\/person\\\/359e9f7c00193fcde068e0dd2ceb0028\"},\"headline\":\"Casa Amadar \\\/ Di Frenna Arquitectos\",\"datePublished\":\"2024-11-20T23:16:19+00:00\",\"dateModified\":\"2025-07-23T22:42:39+00:00\",\"mainEntityOfPage\":{\"@id\":\"https:\\\/\\\/www.arquimaster.com.ar\\\/web\\\/casa-amadar-di-frenna-arquitectos\\\/\"},\"wordCount\":531,\"publisher\":{\"@id\":\"https:\\\/\\\/www.arquimaster.com.ar\\\/web\\\/#organization\"},\"image\":{\"@id\":\"https:\\\/\\\/www.arquimaster.com.ar\\\/web\\\/casa-amadar-di-frenna-arquitectos\\\/#primaryimage\"},\"thumbnailUrl\":\"https:\\\/\\\/www.arquimaster.com.ar\\\/web\\\/wp-content\\\/uploads\\\/2024\\\/11\\\/casa_amadar_slide.jpg\",\"keywords\":[\"Altozano\",\"arquitectura residencial\",\"Colima\",\"Cuauhtemoc\",\"Di Frenna Arquitectos\",\"Jos\u00e9 Omar Anguiano de la Rosa\",\"Juan Gerardo Guardado \u00c1vila\",\"Matia Di Frenna M\u00fcller\",\"Mexico\",\"vivienda unifamiliar\"],\"articleSection\":[\"Proyecto\",\"Vivienda unifamiliar y PH\"],\"inLanguage\":\"es\"},{\"@type\":\"WebPage\",\"@id\":\"https:\\\/\\\/www.arquimaster.com.ar\\\/web\\\/casa-amadar-di-frenna-arquitectos\\\/\",\"url\":\"https:\\\/\\\/www.arquimaster.com.ar\\\/web\\\/casa-amadar-di-frenna-arquitectos\\\/\",\"name\":\"Casa Amadar \\\/ Di Frenna Arquitectos - Arquimaster\",\"isPartOf\":{\"@id\":\"https:\\\/\\\/www.arquimaster.com.ar\\\/web\\\/#website\"},\"primaryImageOfPage\":{\"@id\":\"https:\\\/\\\/www.arquimaster.com.ar\\\/web\\\/casa-amadar-di-frenna-arquitectos\\\/#primaryimage\"},\"image\":{\"@id\":\"https:\\\/\\\/www.arquimaster.com.ar\\\/web\\\/casa-amadar-di-frenna-arquitectos\\\/#primaryimage\"},\"thumbnailUrl\":\"https:\\\/\\\/www.arquimaster.com.ar\\\/web\\\/wp-content\\\/uploads\\\/2024\\\/11\\\/casa_amadar_slide.jpg\",\"datePublished\":\"2024-11-20T23:16:19+00:00\",\"dateModified\":\"2025-07-23T22:42:39+00:00\",\"description\":\"Cada l\u00ednea, cada elecci\u00f3n de material, cada vista enmarcada, es una met\u00e1fora de la vida misma, donde lo esencial se encuentra en la sencillez, en el respeto por el entorno, y en la creaci\u00f3n de un hogar.\",\"breadcrumb\":{\"@id\":\"https:\\\/\\\/www.arquimaster.com.ar\\\/web\\\/casa-amadar-di-frenna-arquitectos\\\/#breadcrumb\"},\"inLanguage\":\"es\",\"potentialAction\":[{\"@type\":\"ReadAction\",\"target\":[\"https:\\\/\\\/www.arquimaster.com.ar\\\/web\\\/casa-amadar-di-frenna-arquitectos\\\/\"]}]},{\"@type\":\"ImageObject\",\"inLanguage\":\"es\",\"@id\":\"https:\\\/\\\/www.arquimaster.com.ar\\\/web\\\/casa-amadar-di-frenna-arquitectos\\\/#primaryimage\",\"url\":\"https:\\\/\\\/www.arquimaster.com.ar\\\/web\\\/wp-content\\\/uploads\\\/2024\\\/11\\\/casa_amadar_slide.jpg\",\"contentUrl\":\"https:\\\/\\\/www.arquimaster.com.ar\\\/web\\\/wp-content\\\/uploads\\\/2024\\\/11\\\/casa_amadar_slide.jpg\",\"width\":698,\"height\":364,\"caption\":\"Casa Amadar \\\/ Di Frenna Arquitectos\"},{\"@type\":\"BreadcrumbList\",\"@id\":\"https:\\\/\\\/www.arquimaster.com.ar\\\/web\\\/casa-amadar-di-frenna-arquitectos\\\/#breadcrumb\",\"itemListElement\":[{\"@type\":\"ListItem\",\"position\":1,\"name\":\"Portada\",\"item\":\"https:\\\/\\\/www.arquimaster.com.ar\\\/web\\\/\"},{\"@type\":\"ListItem\",\"position\":2,\"name\":\"Casa Amadar \\\/ Di Frenna Arquitectos\"}]},{\"@type\":\"WebSite\",\"@id\":\"https:\\\/\\\/www.arquimaster.com.ar\\\/web\\\/#website\",\"url\":\"https:\\\/\\\/www.arquimaster.com.ar\\\/web\\\/\",\"name\":\"Arquimaster\",\"description\":\"Web de arquitectura, dise\u00f1o y construccion\",\"publisher\":{\"@id\":\"https:\\\/\\\/www.arquimaster.com.ar\\\/web\\\/#organization\"},\"potentialAction\":[{\"@type\":\"SearchAction\",\"target\":{\"@type\":\"EntryPoint\",\"urlTemplate\":\"https:\\\/\\\/www.arquimaster.com.ar\\\/web\\\/?s={search_term_string}\"},\"query-input\":{\"@type\":\"PropertyValueSpecification\",\"valueRequired\":true,\"valueName\":\"search_term_string\"}}],\"inLanguage\":\"es\"},{\"@type\":\"Organization\",\"@id\":\"https:\\\/\\\/www.arquimaster.com.ar\\\/web\\\/#organization\",\"name\":\"Arquimaster\",\"url\":\"https:\\\/\\\/www.arquimaster.com.ar\\\/web\\\/\",\"logo\":{\"@type\":\"ImageObject\",\"inLanguage\":\"es\",\"@id\":\"https:\\\/\\\/www.arquimaster.com.ar\\\/web\\\/#\\\/schema\\\/logo\\\/image\\\/\",\"url\":\"https:\\\/\\\/www.arquimaster.com.ar\\\/web\\\/wp-content\\\/uploads\\\/2022\\\/06\\\/arquimaster.png\",\"contentUrl\":\"https:\\\/\\\/www.arquimaster.com.ar\\\/web\\\/wp-content\\\/uploads\\\/2022\\\/06\\\/arquimaster.png\",\"width\":594,\"height\":78,\"caption\":\"Arquimaster\"},\"image\":{\"@id\":\"https:\\\/\\\/www.arquimaster.com.ar\\\/web\\\/#\\\/schema\\\/logo\\\/image\\\/\"},\"sameAs\":[\"http:\\\/\\\/www.facebook.com\\\/ARQUIMASTER.com.ar\",\"https:\\\/\\\/x.com\\\/arquimaster\",\"https:\\\/\\\/www.instagram.com\\\/arquimasterblog\\\/\",\"https:\\\/\\\/www.linkedin.com\\\/company\\\/arquimaster\",\"https:\\\/\\\/www.pinterest.com\\\/arquimaster\",\"https:\\\/\\\/t.me\\\/arquimaster\"]},{\"@type\":\"Person\",\"@id\":\"https:\\\/\\\/www.arquimaster.com.ar\\\/web\\\/#\\\/schema\\\/person\\\/359e9f7c00193fcde068e0dd2ceb0028\",\"name\":\"Arquimaster\"}]}<\/script>\n<!-- \/ Yoast SEO plugin. -->","yoast_head_json":{"title":"Casa Amadar \/ Di Frenna Arquitectos - Arquimaster","description":"Cada l\u00ednea, cada elecci\u00f3n de material, cada vista enmarcada, es una met\u00e1fora de la vida misma, donde lo esencial se encuentra en la sencillez, en el respeto por el entorno, y en la creaci\u00f3n de un hogar.","robots":{"index":"index","follow":"follow","max-snippet":"max-snippet:-1","max-image-preview":"max-image-preview:large","max-video-preview":"max-video-preview:-1"},"canonical":"https:\/\/www.arquimaster.com.ar\/web\/casa-amadar-di-frenna-arquitectos\/","og_locale":"es_ES","og_type":"article","og_title":"Casa Amadar \/ Di Frenna Arquitectos","og_description":"Cada l\u00ednea, cada elecci\u00f3n de material, cada vista enmarcada, es una met\u00e1fora de la vida misma, donde lo esencial se encuentra en la sencillez, en el respeto por el entorno, y en la creaci\u00f3n de un hogar.","og_url":"https:\/\/www.arquimaster.com.ar\/web\/casa-amadar-di-frenna-arquitectos\/","og_site_name":"Arquimaster","article_publisher":"http:\/\/www.facebook.com\/ARQUIMASTER.com.ar","article_published_time":"2024-11-20T23:16:19+00:00","article_modified_time":"2025-07-23T22:42:39+00:00","og_image":[{"width":698,"height":364,"url":"https:\/\/www.arquimaster.com.ar\/web\/wp-content\/uploads\/2024\/11\/casa_amadar_slide.jpg","type":"image\/jpeg"}],"author":"Arquimaster","twitter_card":"summary_large_image","twitter_title":"Casa Amadar \/ Di Frenna Arquitectos","twitter_description":"Cada l\u00ednea, cada elecci\u00f3n de material, cada vista enmarcada, es una met\u00e1fora de la vida misma, donde lo esencial se encuentra en la sencillez, en el respeto por el entorno, y en la creaci\u00f3n de un hogar.","twitter_image":"https:\/\/www.arquimaster.com.ar\/web\/wp-content\/uploads\/2024\/11\/casa_amadar_slide.jpg","twitter_creator":"@arquimaster","twitter_site":"@arquimaster","twitter_misc":{"Escrito por":"Arquimaster","Tiempo de lectura":"3 minutos"},"schema":{"@context":"https:\/\/schema.org","@graph":[{"@type":"Article","@id":"https:\/\/www.arquimaster.com.ar\/web\/casa-amadar-di-frenna-arquitectos\/#article","isPartOf":{"@id":"https:\/\/www.arquimaster.com.ar\/web\/casa-amadar-di-frenna-arquitectos\/"},"author":{"name":"Arquimaster","@id":"https:\/\/www.arquimaster.com.ar\/web\/#\/schema\/person\/359e9f7c00193fcde068e0dd2ceb0028"},"headline":"Casa Amadar \/ Di Frenna Arquitectos","datePublished":"2024-11-20T23:16:19+00:00","dateModified":"2025-07-23T22:42:39+00:00","mainEntityOfPage":{"@id":"https:\/\/www.arquimaster.com.ar\/web\/casa-amadar-di-frenna-arquitectos\/"},"wordCount":531,"publisher":{"@id":"https:\/\/www.arquimaster.com.ar\/web\/#organization"},"image":{"@id":"https:\/\/www.arquimaster.com.ar\/web\/casa-amadar-di-frenna-arquitectos\/#primaryimage"},"thumbnailUrl":"https:\/\/www.arquimaster.com.ar\/web\/wp-content\/uploads\/2024\/11\/casa_amadar_slide.jpg","keywords":["Altozano","arquitectura residencial","Colima","Cuauhtemoc","Di Frenna Arquitectos","Jos\u00e9 Omar Anguiano de la Rosa","Juan Gerardo Guardado \u00c1vila","Matia Di Frenna M\u00fcller","Mexico","vivienda unifamiliar"],"articleSection":["Proyecto","Vivienda unifamiliar y PH"],"inLanguage":"es"},{"@type":"WebPage","@id":"https:\/\/www.arquimaster.com.ar\/web\/casa-amadar-di-frenna-arquitectos\/","url":"https:\/\/www.arquimaster.com.ar\/web\/casa-amadar-di-frenna-arquitectos\/","name":"Casa Amadar \/ Di Frenna Arquitectos - Arquimaster","isPartOf":{"@id":"https:\/\/www.arquimaster.com.ar\/web\/#website"},"primaryImageOfPage":{"@id":"https:\/\/www.arquimaster.com.ar\/web\/casa-amadar-di-frenna-arquitectos\/#primaryimage"},"image":{"@id":"https:\/\/www.arquimaster.com.ar\/web\/casa-amadar-di-frenna-arquitectos\/#primaryimage"},"thumbnailUrl":"https:\/\/www.arquimaster.com.ar\/web\/wp-content\/uploads\/2024\/11\/casa_amadar_slide.jpg","datePublished":"2024-11-20T23:16:19+00:00","dateModified":"2025-07-23T22:42:39+00:00","description":"Cada l\u00ednea, cada elecci\u00f3n de material, cada vista enmarcada, es una met\u00e1fora de la vida misma, donde lo esencial se encuentra en la sencillez, en el respeto por el entorno, y en la creaci\u00f3n de un hogar.","breadcrumb":{"@id":"https:\/\/www.arquimaster.com.ar\/web\/casa-amadar-di-frenna-arquitectos\/#breadcrumb"},"inLanguage":"es","potentialAction":[{"@type":"ReadAction","target":["https:\/\/www.arquimaster.com.ar\/web\/casa-amadar-di-frenna-arquitectos\/"]}]},{"@type":"ImageObject","inLanguage":"es","@id":"https:\/\/www.arquimaster.com.ar\/web\/casa-amadar-di-frenna-arquitectos\/#primaryimage","url":"https:\/\/www.arquimaster.com.ar\/web\/wp-content\/uploads\/2024\/11\/casa_amadar_slide.jpg","contentUrl":"https:\/\/www.arquimaster.com.ar\/web\/wp-content\/uploads\/2024\/11\/casa_amadar_slide.jpg","width":698,"height":364,"caption":"Casa Amadar \/ Di Frenna Arquitectos"},{"@type":"BreadcrumbList","@id":"https:\/\/www.arquimaster.com.ar\/web\/casa-amadar-di-frenna-arquitectos\/#breadcrumb","itemListElement":[{"@type":"ListItem","position":1,"name":"Portada","item":"https:\/\/www.arquimaster.com.ar\/web\/"},{"@type":"ListItem","position":2,"name":"Casa Amadar \/ Di Frenna Arquitectos"}]},{"@type":"WebSite","@id":"https:\/\/www.arquimaster.com.ar\/web\/#website","url":"https:\/\/www.arquimaster.com.ar\/web\/","name":"Arquimaster","description":"Web de arquitectura, dise\u00f1o y construccion","publisher":{"@id":"https:\/\/www.arquimaster.com.ar\/web\/#organization"},"potentialAction":[{"@type":"SearchAction","target":{"@type":"EntryPoint","urlTemplate":"https:\/\/www.arquimaster.com.ar\/web\/?s={search_term_string}"},"query-input":{"@type":"PropertyValueSpecification","valueRequired":true,"valueName":"search_term_string"}}],"inLanguage":"es"},{"@type":"Organization","@id":"https:\/\/www.arquimaster.com.ar\/web\/#organization","name":"Arquimaster","url":"https:\/\/www.arquimaster.com.ar\/web\/","logo":{"@type":"ImageObject","inLanguage":"es","@id":"https:\/\/www.arquimaster.com.ar\/web\/#\/schema\/logo\/image\/","url":"https:\/\/www.arquimaster.com.ar\/web\/wp-content\/uploads\/2022\/06\/arquimaster.png","contentUrl":"https:\/\/www.arquimaster.com.ar\/web\/wp-content\/uploads\/2022\/06\/arquimaster.png","width":594,"height":78,"caption":"Arquimaster"},"image":{"@id":"https:\/\/www.arquimaster.com.ar\/web\/#\/schema\/logo\/image\/"},"sameAs":["http:\/\/www.facebook.com\/ARQUIMASTER.com.ar","https:\/\/x.com\/arquimaster","https:\/\/www.instagram.com\/arquimasterblog\/","https:\/\/www.linkedin.com\/company\/arquimaster","https:\/\/www.pinterest.com\/arquimaster","https:\/\/t.me\/arquimaster"]},{"@type":"Person","@id":"https:\/\/www.arquimaster.com.ar\/web\/#\/schema\/person\/359e9f7c00193fcde068e0dd2ceb0028","name":"Arquimaster"}]}},"uagb_featured_image_src":{"full":["https:\/\/www.arquimaster.com.ar\/web\/wp-content\/uploads\/2024\/11\/casa_amadar_slide.jpg",698,364,false],"thumbnail":["https:\/\/www.arquimaster.com.ar\/web\/wp-content\/uploads\/2024\/11\/casa_amadar_slide-150x150.jpg",150,150,true],"medium":["https:\/\/www.arquimaster.com.ar\/web\/wp-content\/uploads\/2024\/11\/casa_amadar_slide.jpg",698,364,false],"medium_large":["https:\/\/www.arquimaster.com.ar\/web\/wp-content\/uploads\/2024\/11\/casa_amadar_slide.jpg",698,364,false],"large":["https:\/\/www.arquimaster.com.ar\/web\/wp-content\/uploads\/2024\/11\/casa_amadar_slide.jpg",698,364,false],"1536x1536":["https:\/\/www.arquimaster.com.ar\/web\/wp-content\/uploads\/2024\/11\/casa_amadar_slide.jpg",698,364,false],"2048x2048":["https:\/\/www.arquimaster.com.ar\/web\/wp-content\/uploads\/2024\/11\/casa_amadar_slide.jpg",698,364,false]},"uagb_author_info":{"display_name":"Arquimaster","author_link":"https:\/\/www.arquimaster.com.ar\/web\/author\/arquimaster\/"},"uagb_comment_info":0,"uagb_excerpt":"Cada l\u00ednea, cada elecci\u00f3n de material, cada vista enmarcada, es una met\u00e1fora de la vida misma...","_links":{"self":[{"href":"https:\/\/www.arquimaster.com.ar\/web\/wp-json\/wp\/v2\/posts\/82724","targetHints":{"allow":["GET"]}}],"collection":[{"href":"https:\/\/www.arquimaster.com.ar\/web\/wp-json\/wp\/v2\/posts"}],"about":[{"href":"https:\/\/www.arquimaster.com.ar\/web\/wp-json\/wp\/v2\/types\/post"}],"author":[{"embeddable":true,"href":"https:\/\/www.arquimaster.com.ar\/web\/wp-json\/wp\/v2\/users\/1"}],"replies":[{"embeddable":true,"href":"https:\/\/www.arquimaster.com.ar\/web\/wp-json\/wp\/v2\/comments?post=82724"}],"version-history":[{"count":4,"href":"https:\/\/www.arquimaster.com.ar\/web\/wp-json\/wp\/v2\/posts\/82724\/revisions"}],"predecessor-version":[{"id":85074,"href":"https:\/\/www.arquimaster.com.ar\/web\/wp-json\/wp\/v2\/posts\/82724\/revisions\/85074"}],"wp:featuredmedia":[{"embeddable":true,"href":"https:\/\/www.arquimaster.com.ar\/web\/wp-json\/wp\/v2\/media\/82725"}],"wp:attachment":[{"href":"https:\/\/www.arquimaster.com.ar\/web\/wp-json\/wp\/v2\/media?parent=82724"}],"wp:term":[{"taxonomy":"category","embeddable":true,"href":"https:\/\/www.arquimaster.com.ar\/web\/wp-json\/wp\/v2\/categories?post=82724"},{"taxonomy":"post_tag","embeddable":true,"href":"https:\/\/www.arquimaster.com.ar\/web\/wp-json\/wp\/v2\/tags?post=82724"}],"curies":[{"name":"wp","href":"https:\/\/api.w.org\/{rel}","templated":true}]}}