{"id":82852,"date":"2024-11-27T17:23:23","date_gmt":"2024-11-27T20:23:23","guid":{"rendered":"https:\/\/www.arquimaster.com.ar\/web\/?p=82852"},"modified":"2025-07-23T19:41:32","modified_gmt":"2025-07-23T22:41:32","slug":"casa-fundamentos-holger-cuadrado","status":"publish","type":"post","link":"https:\/\/www.arquimaster.com.ar\/web\/casa-fundamentos-holger-cuadrado\/","title":{"rendered":"Casa Fundamentos \/ Holger Cuadrado"},"content":{"rendered":"<div style=\"margin-top: 0px; margin-bottom: 0px;\" class=\"sharethis-inline-share-buttons\" ><\/div><div class=\"b812932af2e751442846f039925109de\" data-index=\"1\" style=\"float: none; margin:25px 0 25px 0; text-align:center;\">\n<script async src=\"https:\/\/pagead2.googlesyndication.com\/pagead\/js\/adsbygoogle.js\"><\/script>\r\n<!-- Arquimaster (superior) -->\r\n<ins class=\"adsbygoogle\"\r\n     style=\"display:block\"\r\n     data-ad-client=\"ca-pub-6351072698456832\"\r\n     data-ad-slot=\"6455489680\"\r\n     data-ad-format=\"auto\"\r\n     data-full-width-responsive=\"true\"><\/ins>\r\n<script>\r\n     (adsbygoogle = window.adsbygoogle || []).push({});\r\n<\/script>\n<\/div>\n<p><strong>Casa Fundamentos<\/strong> (Loja, Ecuador) por <strong>Holger Cuadrado<\/strong>. La casa se inserta en un barrio residencial de la ciudad de Loja, a 2.060 msnm sobre los Andes bajos al sur de Ecuador. Emplazada sobre un peque\u00f1o solar de 7,60&#215;13,50 metros, este proyecto explora cuestiones relacionadas al principio estructural como generador de la arquitectura, y la flexibilidad espacial como recurso de proyecto.<\/p>\n<div id='gallery-1' class='gallery galleryid-82852 gallery-columns-3 gallery-size-thumbnail'><figure class='gallery-item'>\n\t\t\t<div class='gallery-icon landscape'>\n\t\t\t\t<a href='https:\/\/www.arquimaster.com.ar\/web\/wp-content\/uploads\/2024\/11\/casa_fundamentos_1.jpg' title=\"Casa Fundamentos \/ Holger Cuadrado (\u00a9 Bicubik)\" data-rl_title=\"Casa Fundamentos \/ Holger Cuadrado (\u00a9 Bicubik)\" class=\"rl-gallery-link\" data-rl_caption=\"Casa Fundamentos \/ Holger Cuadrado (\u00a9 Bicubik)\" data-rel=\"lightbox-gallery-1\"><img loading=\"lazy\" decoding=\"async\" width=\"150\" height=\"150\" src=\"https:\/\/www.arquimaster.com.ar\/web\/wp-content\/uploads\/2024\/11\/casa_fundamentos_1-150x150.jpg\" class=\"attachment-thumbnail size-thumbnail\" alt=\"Casa Fundamentos \/ Holger Cuadrado\" aria-describedby=\"gallery-1-82854\" \/><\/a>\n\t\t\t<\/div>\n\t\t\t\t<figcaption class='wp-caption-text gallery-caption' id='gallery-1-82854'>\n\t\t\t\tCasa Fundamentos \/ Holger Cuadrado (\u00a9 Bicubik)\n\t\t\t\t<\/figcaption><\/figure><figure class='gallery-item'>\n\t\t\t<div class='gallery-icon landscape'>\n\t\t\t\t<a href='https:\/\/www.arquimaster.com.ar\/web\/wp-content\/uploads\/2024\/11\/casa_fundamentos_2.jpg' title=\"Casa Fundamentos \/ Holger Cuadrado (\u00a9 Bicubik)\" data-rl_title=\"Casa Fundamentos \/ Holger Cuadrado (\u00a9 Bicubik)\" class=\"rl-gallery-link\" data-rl_caption=\"Casa Fundamentos \/ Holger Cuadrado (\u00a9 Bicubik)\" data-rel=\"lightbox-gallery-1\"><img loading=\"lazy\" decoding=\"async\" width=\"150\" height=\"150\" src=\"https:\/\/www.arquimaster.com.ar\/web\/wp-content\/uploads\/2024\/11\/casa_fundamentos_2-150x150.jpg\" class=\"attachment-thumbnail size-thumbnail\" alt=\"Casa Fundamentos \/ Holger Cuadrado\" aria-describedby=\"gallery-1-82855\" \/><\/a>\n\t\t\t<\/div>\n\t\t\t\t<figcaption class='wp-caption-text gallery-caption' id='gallery-1-82855'>\n\t\t\t\tCasa Fundamentos \/ Holger Cuadrado (\u00a9 Bicubik)\n\t\t\t\t<\/figcaption><\/figure><figure class='gallery-item'>\n\t\t\t<div class='gallery-icon portrait'>\n\t\t\t\t<a href='https:\/\/www.arquimaster.com.ar\/web\/wp-content\/uploads\/2024\/11\/casa_fundamentos_3.jpg' title=\"Casa Fundamentos \/ Holger Cuadrado (\u00a9 Bicubik)\" data-rl_title=\"Casa Fundamentos \/ Holger Cuadrado (\u00a9 Bicubik)\" class=\"rl-gallery-link\" data-rl_caption=\"Casa Fundamentos \/ Holger Cuadrado (\u00a9 Bicubik)\" data-rel=\"lightbox-gallery-1\"><img loading=\"lazy\" decoding=\"async\" width=\"150\" height=\"150\" src=\"https:\/\/www.arquimaster.com.ar\/web\/wp-content\/uploads\/2024\/11\/casa_fundamentos_3-150x150.jpg\" class=\"attachment-thumbnail size-thumbnail\" alt=\"Casa Fundamentos \/ Holger Cuadrado\" aria-describedby=\"gallery-1-82856\" \/><\/a>\n\t\t\t<\/div>\n\t\t\t\t<figcaption class='wp-caption-text gallery-caption' id='gallery-1-82856'>\n\t\t\t\tCasa Fundamentos \/ Holger Cuadrado (\u00a9 Bicubik)\n\t\t\t\t<\/figcaption><\/figure><figure class='gallery-item'>\n\t\t\t<div class='gallery-icon portrait'>\n\t\t\t\t<a href='https:\/\/www.arquimaster.com.ar\/web\/wp-content\/uploads\/2024\/11\/casa_fundamentos_4.jpg' title=\"Casa Fundamentos \/ Holger Cuadrado (\u00a9 Bicubik)\" data-rl_title=\"Casa Fundamentos \/ Holger Cuadrado (\u00a9 Bicubik)\" class=\"rl-gallery-link\" data-rl_caption=\"Casa Fundamentos \/ Holger Cuadrado (\u00a9 Bicubik)\" data-rel=\"lightbox-gallery-1\"><img loading=\"lazy\" decoding=\"async\" width=\"150\" height=\"150\" src=\"https:\/\/www.arquimaster.com.ar\/web\/wp-content\/uploads\/2024\/11\/casa_fundamentos_4-150x150.jpg\" class=\"attachment-thumbnail size-thumbnail\" alt=\"Casa Fundamentos \/ Holger Cuadrado\" aria-describedby=\"gallery-1-82857\" \/><\/a>\n\t\t\t<\/div>\n\t\t\t\t<figcaption class='wp-caption-text gallery-caption' id='gallery-1-82857'>\n\t\t\t\tCasa Fundamentos \/ Holger Cuadrado (\u00a9 Bicubik)\n\t\t\t\t<\/figcaption><\/figure><figure class='gallery-item'>\n\t\t\t<div class='gallery-icon portrait'>\n\t\t\t\t<a href='https:\/\/www.arquimaster.com.ar\/web\/wp-content\/uploads\/2024\/11\/casa_fundamentos_5.jpg' title=\"Casa Fundamentos \/ Holger Cuadrado (\u00a9 Bicubik)\" data-rl_title=\"Casa Fundamentos \/ Holger Cuadrado (\u00a9 Bicubik)\" class=\"rl-gallery-link\" data-rl_caption=\"Casa Fundamentos \/ Holger Cuadrado (\u00a9 Bicubik)\" data-rel=\"lightbox-gallery-1\"><img loading=\"lazy\" decoding=\"async\" width=\"150\" height=\"150\" src=\"https:\/\/www.arquimaster.com.ar\/web\/wp-content\/uploads\/2024\/11\/casa_fundamentos_5-150x150.jpg\" class=\"attachment-thumbnail size-thumbnail\" alt=\"Casa Fundamentos \/ Holger Cuadrado\" aria-describedby=\"gallery-1-82858\" \/><\/a>\n\t\t\t<\/div>\n\t\t\t\t<figcaption class='wp-caption-text gallery-caption' id='gallery-1-82858'>\n\t\t\t\tCasa Fundamentos \/ Holger Cuadrado (\u00a9 Bicubik)\n\t\t\t\t<\/figcaption><\/figure><figure class='gallery-item'>\n\t\t\t<div class='gallery-icon portrait'>\n\t\t\t\t<a href='https:\/\/www.arquimaster.com.ar\/web\/wp-content\/uploads\/2024\/11\/casa_fundamentos_6.jpg' title=\"Casa Fundamentos \/ Holger Cuadrado (\u00a9 Bicubik)\" data-rl_title=\"Casa Fundamentos \/ Holger Cuadrado (\u00a9 Bicubik)\" class=\"rl-gallery-link\" data-rl_caption=\"Casa Fundamentos \/ Holger Cuadrado (\u00a9 Bicubik)\" data-rel=\"lightbox-gallery-1\"><img loading=\"lazy\" decoding=\"async\" width=\"150\" height=\"150\" src=\"https:\/\/www.arquimaster.com.ar\/web\/wp-content\/uploads\/2024\/11\/casa_fundamentos_6-150x150.jpg\" class=\"attachment-thumbnail size-thumbnail\" alt=\"Casa Fundamentos \/ Holger Cuadrado\" aria-describedby=\"gallery-1-82859\" \/><\/a>\n\t\t\t<\/div>\n\t\t\t\t<figcaption class='wp-caption-text gallery-caption' id='gallery-1-82859'>\n\t\t\t\tCasa Fundamentos \/ Holger Cuadrado (\u00a9 Bicubik)\n\t\t\t\t<\/figcaption><\/figure><figure class='gallery-item'>\n\t\t\t<div class='gallery-icon landscape'>\n\t\t\t\t<a href='https:\/\/www.arquimaster.com.ar\/web\/wp-content\/uploads\/2024\/11\/casa_fundamentos_7.jpg' title=\"Casa Fundamentos \/ Holger Cuadrado (\u00a9 Bicubik)\" data-rl_title=\"Casa Fundamentos \/ Holger Cuadrado (\u00a9 Bicubik)\" class=\"rl-gallery-link\" data-rl_caption=\"Casa Fundamentos \/ Holger Cuadrado (\u00a9 Bicubik)\" data-rel=\"lightbox-gallery-1\"><img loading=\"lazy\" decoding=\"async\" width=\"150\" height=\"150\" src=\"https:\/\/www.arquimaster.com.ar\/web\/wp-content\/uploads\/2024\/11\/casa_fundamentos_7-150x150.jpg\" class=\"attachment-thumbnail size-thumbnail\" alt=\"Casa Fundamentos \/ Holger Cuadrado\" aria-describedby=\"gallery-1-82860\" \/><\/a>\n\t\t\t<\/div>\n\t\t\t\t<figcaption class='wp-caption-text gallery-caption' id='gallery-1-82860'>\n\t\t\t\tCasa Fundamentos \/ Holger Cuadrado (\u00a9 Bicubik)\n\t\t\t\t<\/figcaption><\/figure><figure class='gallery-item'>\n\t\t\t<div class='gallery-icon landscape'>\n\t\t\t\t<a href='https:\/\/www.arquimaster.com.ar\/web\/wp-content\/uploads\/2024\/11\/casa_fundamentos_8.jpg' title=\"Casa Fundamentos \/ Holger Cuadrado (\u00a9 Bicubik)\" data-rl_title=\"Casa Fundamentos \/ Holger Cuadrado (\u00a9 Bicubik)\" class=\"rl-gallery-link\" data-rl_caption=\"Casa Fundamentos \/ Holger Cuadrado (\u00a9 Bicubik)\" data-rel=\"lightbox-gallery-1\"><img loading=\"lazy\" decoding=\"async\" width=\"150\" height=\"150\" src=\"https:\/\/www.arquimaster.com.ar\/web\/wp-content\/uploads\/2024\/11\/casa_fundamentos_8-150x150.jpg\" class=\"attachment-thumbnail size-thumbnail\" alt=\"Casa Fundamentos \/ Holger Cuadrado\" aria-describedby=\"gallery-1-82861\" \/><\/a>\n\t\t\t<\/div>\n\t\t\t\t<figcaption class='wp-caption-text gallery-caption' id='gallery-1-82861'>\n\t\t\t\tCasa Fundamentos \/ Holger Cuadrado (\u00a9 Bicubik)\n\t\t\t\t<\/figcaption><\/figure><figure class='gallery-item'>\n\t\t\t<div class='gallery-icon portrait'>\n\t\t\t\t<a href='https:\/\/www.arquimaster.com.ar\/web\/wp-content\/uploads\/2024\/11\/casa_fundamentos_9.jpg' title=\"Casa Fundamentos \/ Holger Cuadrado (\u00a9 Bicubik)\" data-rl_title=\"Casa Fundamentos \/ Holger Cuadrado (\u00a9 Bicubik)\" class=\"rl-gallery-link\" data-rl_caption=\"Casa Fundamentos \/ Holger Cuadrado (\u00a9 Bicubik)\" data-rel=\"lightbox-gallery-1\"><img loading=\"lazy\" decoding=\"async\" width=\"150\" height=\"150\" src=\"https:\/\/www.arquimaster.com.ar\/web\/wp-content\/uploads\/2024\/11\/casa_fundamentos_9-150x150.jpg\" class=\"attachment-thumbnail size-thumbnail\" alt=\"Casa Fundamentos \/ Holger Cuadrado\" aria-describedby=\"gallery-1-82862\" \/><\/a>\n\t\t\t<\/div>\n\t\t\t\t<figcaption class='wp-caption-text gallery-caption' id='gallery-1-82862'>\n\t\t\t\tCasa Fundamentos \/ Holger Cuadrado (\u00a9 Bicubik)\n\t\t\t\t<\/figcaption><\/figure><figure class='gallery-item'>\n\t\t\t<div class='gallery-icon portrait'>\n\t\t\t\t<a href='https:\/\/www.arquimaster.com.ar\/web\/wp-content\/uploads\/2024\/11\/casa_fundamentos_10.jpg' title=\"Casa Fundamentos \/ Holger Cuadrado (\u00a9 Bicubik)\" data-rl_title=\"Casa Fundamentos \/ Holger Cuadrado (\u00a9 Bicubik)\" class=\"rl-gallery-link\" data-rl_caption=\"Casa Fundamentos \/ Holger Cuadrado (\u00a9 Bicubik)\" data-rel=\"lightbox-gallery-1\"><img loading=\"lazy\" decoding=\"async\" width=\"150\" height=\"150\" src=\"https:\/\/www.arquimaster.com.ar\/web\/wp-content\/uploads\/2024\/11\/casa_fundamentos_10-150x150.jpg\" class=\"attachment-thumbnail size-thumbnail\" alt=\"Casa Fundamentos \/ Holger Cuadrado\" aria-describedby=\"gallery-1-82863\" \/><\/a>\n\t\t\t<\/div>\n\t\t\t\t<figcaption class='wp-caption-text gallery-caption' id='gallery-1-82863'>\n\t\t\t\tCasa Fundamentos \/ Holger Cuadrado (\u00a9 Bicubik)\n\t\t\t\t<\/figcaption><\/figure><figure class='gallery-item'>\n\t\t\t<div class='gallery-icon portrait'>\n\t\t\t\t<a href='https:\/\/www.arquimaster.com.ar\/web\/wp-content\/uploads\/2024\/11\/casa_fundamentos_11.jpg' title=\"Casa Fundamentos \/ Holger Cuadrado (\u00a9 Bicubik)\" data-rl_title=\"Casa Fundamentos \/ Holger Cuadrado (\u00a9 Bicubik)\" class=\"rl-gallery-link\" data-rl_caption=\"Casa Fundamentos \/ Holger Cuadrado (\u00a9 Bicubik)\" data-rel=\"lightbox-gallery-1\"><img loading=\"lazy\" decoding=\"async\" width=\"150\" height=\"150\" src=\"https:\/\/www.arquimaster.com.ar\/web\/wp-content\/uploads\/2024\/11\/casa_fundamentos_11-150x150.jpg\" class=\"attachment-thumbnail size-thumbnail\" alt=\"Casa Fundamentos \/ Holger Cuadrado\" aria-describedby=\"gallery-1-82864\" \/><\/a>\n\t\t\t<\/div>\n\t\t\t\t<figcaption class='wp-caption-text gallery-caption' id='gallery-1-82864'>\n\t\t\t\tCasa Fundamentos \/ Holger Cuadrado (\u00a9 Bicubik)\n\t\t\t\t<\/figcaption><\/figure><figure class='gallery-item'>\n\t\t\t<div class='gallery-icon landscape'>\n\t\t\t\t<a href='https:\/\/www.arquimaster.com.ar\/web\/wp-content\/uploads\/2024\/11\/casa_fundamentos_12.jpg' title=\"Casa Fundamentos \/ Holger Cuadrado (\u00a9 Bicubik)\" data-rl_title=\"Casa Fundamentos \/ Holger Cuadrado (\u00a9 Bicubik)\" class=\"rl-gallery-link\" data-rl_caption=\"Casa Fundamentos \/ Holger Cuadrado (\u00a9 Bicubik)\" data-rel=\"lightbox-gallery-1\"><img loading=\"lazy\" decoding=\"async\" width=\"150\" height=\"150\" src=\"https:\/\/www.arquimaster.com.ar\/web\/wp-content\/uploads\/2024\/11\/casa_fundamentos_12-150x150.jpg\" class=\"attachment-thumbnail size-thumbnail\" alt=\"Casa Fundamentos \/ Holger Cuadrado\" aria-describedby=\"gallery-1-82865\" srcset=\"https:\/\/www.arquimaster.com.ar\/web\/wp-content\/uploads\/2024\/11\/casa_fundamentos_12-150x150.jpg 150w, https:\/\/www.arquimaster.com.ar\/web\/wp-content\/uploads\/2024\/11\/casa_fundamentos_12-768x768.jpg 768w, https:\/\/www.arquimaster.com.ar\/web\/wp-content\/uploads\/2024\/11\/casa_fundamentos_12.jpg 1500w\" sizes=\"auto, (max-width: 150px) 100vw, 150px\" \/><\/a>\n\t\t\t<\/div>\n\t\t\t\t<figcaption class='wp-caption-text gallery-caption' id='gallery-1-82865'>\n\t\t\t\tCasa Fundamentos \/ Holger Cuadrado (\u00a9 Bicubik)\n\t\t\t\t<\/figcaption><\/figure><figure class='gallery-item'>\n\t\t\t<div class='gallery-icon portrait'>\n\t\t\t\t<a href='https:\/\/www.arquimaster.com.ar\/web\/wp-content\/uploads\/2024\/11\/casa_fundamentos_13.jpg' title=\"Casa Fundamentos \/ Holger Cuadrado (\u00a9 Bicubik)\" data-rl_title=\"Casa Fundamentos \/ Holger Cuadrado (\u00a9 Bicubik)\" class=\"rl-gallery-link\" data-rl_caption=\"Casa Fundamentos \/ Holger Cuadrado (\u00a9 Bicubik)\" data-rel=\"lightbox-gallery-1\"><img loading=\"lazy\" decoding=\"async\" width=\"150\" height=\"150\" src=\"https:\/\/www.arquimaster.com.ar\/web\/wp-content\/uploads\/2024\/11\/casa_fundamentos_13-150x150.jpg\" class=\"attachment-thumbnail size-thumbnail\" alt=\"Casa Fundamentos \/ Holger Cuadrado\" aria-describedby=\"gallery-1-82866\" \/><\/a>\n\t\t\t<\/div>\n\t\t\t\t<figcaption class='wp-caption-text gallery-caption' id='gallery-1-82866'>\n\t\t\t\tCasa Fundamentos \/ Holger Cuadrado (\u00a9 Bicubik)\n\t\t\t\t<\/figcaption><\/figure><figure class='gallery-item'>\n\t\t\t<div class='gallery-icon portrait'>\n\t\t\t\t<a href='https:\/\/www.arquimaster.com.ar\/web\/wp-content\/uploads\/2024\/11\/casa_fundamentos_14.jpg' title=\"Casa Fundamentos \/ Holger Cuadrado (\u00a9 Bicubik)\" data-rl_title=\"Casa Fundamentos \/ Holger Cuadrado (\u00a9 Bicubik)\" class=\"rl-gallery-link\" data-rl_caption=\"Casa Fundamentos \/ Holger Cuadrado (\u00a9 Bicubik)\" data-rel=\"lightbox-gallery-1\"><img loading=\"lazy\" decoding=\"async\" width=\"150\" height=\"150\" src=\"https:\/\/www.arquimaster.com.ar\/web\/wp-content\/uploads\/2024\/11\/casa_fundamentos_14-150x150.jpg\" class=\"attachment-thumbnail size-thumbnail\" alt=\"Casa Fundamentos \/ Holger Cuadrado\" aria-describedby=\"gallery-1-82867\" \/><\/a>\n\t\t\t<\/div>\n\t\t\t\t<figcaption class='wp-caption-text gallery-caption' id='gallery-1-82867'>\n\t\t\t\tCasa Fundamentos \/ Holger Cuadrado (\u00a9 Bicubik)\n\t\t\t\t<\/figcaption><\/figure><figure class='gallery-item'>\n\t\t\t<div class='gallery-icon landscape'>\n\t\t\t\t<a href='https:\/\/www.arquimaster.com.ar\/web\/wp-content\/uploads\/2024\/11\/casa_fundamentos_15.jpg' title=\"Casa Fundamentos \/ Holger Cuadrado (\u00a9 Bicubik)\" data-rl_title=\"Casa Fundamentos \/ Holger Cuadrado (\u00a9 Bicubik)\" class=\"rl-gallery-link\" data-rl_caption=\"Casa Fundamentos \/ Holger Cuadrado (\u00a9 Bicubik)\" data-rel=\"lightbox-gallery-1\"><img loading=\"lazy\" decoding=\"async\" width=\"150\" height=\"150\" src=\"https:\/\/www.arquimaster.com.ar\/web\/wp-content\/uploads\/2024\/11\/casa_fundamentos_15-150x150.jpg\" class=\"attachment-thumbnail size-thumbnail\" alt=\"Casa Fundamentos \/ Holger Cuadrado\" aria-describedby=\"gallery-1-82868\" \/><\/a>\n\t\t\t<\/div>\n\t\t\t\t<figcaption class='wp-caption-text gallery-caption' id='gallery-1-82868'>\n\t\t\t\tCasa Fundamentos \/ Holger Cuadrado (\u00a9 Bicubik)\n\t\t\t\t<\/figcaption><\/figure><figure class='gallery-item'>\n\t\t\t<div class='gallery-icon portrait'>\n\t\t\t\t<a href='https:\/\/www.arquimaster.com.ar\/web\/wp-content\/uploads\/2024\/11\/casa_fundamentos_16.jpg' title=\"Casa Fundamentos \/ Holger Cuadrado (\u00a9 Bicubik)\" data-rl_title=\"Casa Fundamentos \/ Holger Cuadrado (\u00a9 Bicubik)\" class=\"rl-gallery-link\" data-rl_caption=\"Casa Fundamentos \/ Holger Cuadrado (\u00a9 Bicubik)\" data-rel=\"lightbox-gallery-1\"><img loading=\"lazy\" decoding=\"async\" width=\"150\" height=\"150\" src=\"https:\/\/www.arquimaster.com.ar\/web\/wp-content\/uploads\/2024\/11\/casa_fundamentos_16-150x150.jpg\" class=\"attachment-thumbnail size-thumbnail\" alt=\"Casa Fundamentos \/ Holger Cuadrado\" aria-describedby=\"gallery-1-82869\" \/><\/a>\n\t\t\t<\/div>\n\t\t\t\t<figcaption class='wp-caption-text gallery-caption' id='gallery-1-82869'>\n\t\t\t\tCasa Fundamentos \/ Holger Cuadrado (\u00a9 Bicubik)\n\t\t\t\t<\/figcaption><\/figure><figure class='gallery-item'>\n\t\t\t<div class='gallery-icon portrait'>\n\t\t\t\t<a href='https:\/\/www.arquimaster.com.ar\/web\/wp-content\/uploads\/2024\/11\/casa_fundamentos_17.jpg' title=\"Casa Fundamentos \/ Holger Cuadrado (\u00a9 Bicubik)\" data-rl_title=\"Casa Fundamentos \/ Holger Cuadrado (\u00a9 Bicubik)\" class=\"rl-gallery-link\" data-rl_caption=\"Casa Fundamentos \/ Holger Cuadrado (\u00a9 Bicubik)\" data-rel=\"lightbox-gallery-1\"><img loading=\"lazy\" decoding=\"async\" width=\"150\" height=\"150\" src=\"https:\/\/www.arquimaster.com.ar\/web\/wp-content\/uploads\/2024\/11\/casa_fundamentos_17-150x150.jpg\" class=\"attachment-thumbnail size-thumbnail\" alt=\"Casa Fundamentos \/ Holger Cuadrado\" aria-describedby=\"gallery-1-82870\" \/><\/a>\n\t\t\t<\/div>\n\t\t\t\t<figcaption class='wp-caption-text gallery-caption' id='gallery-1-82870'>\n\t\t\t\tCasa Fundamentos \/ Holger Cuadrado (\u00a9 Bicubik)\n\t\t\t\t<\/figcaption><\/figure><figure class='gallery-item'>\n\t\t\t<div class='gallery-icon portrait'>\n\t\t\t\t<a href='https:\/\/www.arquimaster.com.ar\/web\/wp-content\/uploads\/2024\/11\/casa_fundamentos_18.jpg' title=\"Casa Fundamentos \/ Holger Cuadrado (\u00a9 Bicubik)\" data-rl_title=\"Casa Fundamentos \/ Holger Cuadrado (\u00a9 Bicubik)\" class=\"rl-gallery-link\" data-rl_caption=\"Casa Fundamentos \/ Holger Cuadrado (\u00a9 Bicubik)\" data-rel=\"lightbox-gallery-1\"><img loading=\"lazy\" decoding=\"async\" width=\"150\" height=\"150\" src=\"https:\/\/www.arquimaster.com.ar\/web\/wp-content\/uploads\/2024\/11\/casa_fundamentos_18-150x150.jpg\" class=\"attachment-thumbnail size-thumbnail\" alt=\"Casa Fundamentos \/ Holger Cuadrado\" aria-describedby=\"gallery-1-82871\" \/><\/a>\n\t\t\t<\/div>\n\t\t\t\t<figcaption class='wp-caption-text gallery-caption' id='gallery-1-82871'>\n\t\t\t\tCasa Fundamentos \/ Holger Cuadrado (\u00a9 Bicubik)\n\t\t\t\t<\/figcaption><\/figure><figure class='gallery-item'>\n\t\t\t<div class='gallery-icon portrait'>\n\t\t\t\t<a href='https:\/\/www.arquimaster.com.ar\/web\/wp-content\/uploads\/2024\/11\/casa_fundamentos_19.jpg' title=\"Casa Fundamentos \/ Holger Cuadrado (\u00a9 Bicubik)\" data-rl_title=\"Casa Fundamentos \/ Holger Cuadrado (\u00a9 Bicubik)\" class=\"rl-gallery-link\" data-rl_caption=\"Casa Fundamentos \/ Holger Cuadrado (\u00a9 Bicubik)\" data-rel=\"lightbox-gallery-1\"><img loading=\"lazy\" decoding=\"async\" width=\"150\" height=\"150\" src=\"https:\/\/www.arquimaster.com.ar\/web\/wp-content\/uploads\/2024\/11\/casa_fundamentos_19-150x150.jpg\" class=\"attachment-thumbnail size-thumbnail\" alt=\"Casa Fundamentos \/ Holger Cuadrado\" aria-describedby=\"gallery-1-82872\" srcset=\"https:\/\/www.arquimaster.com.ar\/web\/wp-content\/uploads\/2024\/11\/casa_fundamentos_19-150x150.jpg 150w, https:\/\/www.arquimaster.com.ar\/web\/wp-content\/uploads\/2024\/11\/casa_fundamentos_19-768x775.jpg 768w, https:\/\/www.arquimaster.com.ar\/web\/wp-content\/uploads\/2024\/11\/casa_fundamentos_19.jpg 1487w\" sizes=\"auto, (max-width: 150px) 100vw, 150px\" \/><\/a>\n\t\t\t<\/div>\n\t\t\t\t<figcaption class='wp-caption-text gallery-caption' id='gallery-1-82872'>\n\t\t\t\tCasa Fundamentos \/ Holger Cuadrado (\u00a9 Bicubik)\n\t\t\t\t<\/figcaption><\/figure><figure class='gallery-item'>\n\t\t\t<div class='gallery-icon portrait'>\n\t\t\t\t<a href='https:\/\/www.arquimaster.com.ar\/web\/wp-content\/uploads\/2024\/11\/casa_fundamentos_20.jpg' title=\"Casa Fundamentos \/ Holger Cuadrado\" data-rl_title=\"Casa Fundamentos \/ Holger Cuadrado\" class=\"rl-gallery-link\" data-rl_caption=\"Casa Fundamentos \/ Holger Cuadrado\" data-rel=\"lightbox-gallery-1\"><img loading=\"lazy\" decoding=\"async\" width=\"150\" height=\"150\" src=\"https:\/\/www.arquimaster.com.ar\/web\/wp-content\/uploads\/2024\/11\/casa_fundamentos_20-150x150.jpg\" class=\"attachment-thumbnail size-thumbnail\" alt=\"Casa Fundamentos \/ Holger Cuadrado\" aria-describedby=\"gallery-1-82873\" \/><\/a>\n\t\t\t<\/div>\n\t\t\t\t<figcaption class='wp-caption-text gallery-caption' id='gallery-1-82873'>\n\t\t\t\tCasa Fundamentos \/ Holger Cuadrado\n\t\t\t\t<\/figcaption><\/figure><figure class='gallery-item'>\n\t\t\t<div class='gallery-icon landscape'>\n\t\t\t\t<a href='https:\/\/www.arquimaster.com.ar\/web\/wp-content\/uploads\/2024\/11\/casa_fundamentos_21.jpg' title=\"Casa Fundamentos \/ Holger Cuadrado\" data-rl_title=\"Casa Fundamentos \/ Holger Cuadrado\" class=\"rl-gallery-link\" data-rl_caption=\"Casa Fundamentos \/ Holger Cuadrado\" data-rel=\"lightbox-gallery-1\"><img loading=\"lazy\" decoding=\"async\" width=\"150\" height=\"150\" src=\"https:\/\/www.arquimaster.com.ar\/web\/wp-content\/uploads\/2024\/11\/casa_fundamentos_21-150x150.jpg\" class=\"attachment-thumbnail size-thumbnail\" alt=\"Casa Fundamentos \/ Holger Cuadrado\" aria-describedby=\"gallery-1-82874\" \/><\/a>\n\t\t\t<\/div>\n\t\t\t\t<figcaption class='wp-caption-text gallery-caption' id='gallery-1-82874'>\n\t\t\t\tCasa Fundamentos \/ Holger Cuadrado\n\t\t\t\t<\/figcaption><\/figure><figure class='gallery-item'>\n\t\t\t<div class='gallery-icon portrait'>\n\t\t\t\t<a href='https:\/\/www.arquimaster.com.ar\/web\/wp-content\/uploads\/2024\/11\/casa_fundamentos_22.jpg' title=\"Casa Fundamentos \/ Holger Cuadrado\" data-rl_title=\"Casa Fundamentos \/ Holger Cuadrado\" class=\"rl-gallery-link\" data-rl_caption=\"Casa Fundamentos \/ Holger Cuadrado\" data-rel=\"lightbox-gallery-1\"><img loading=\"lazy\" decoding=\"async\" width=\"150\" height=\"150\" src=\"https:\/\/www.arquimaster.com.ar\/web\/wp-content\/uploads\/2024\/11\/casa_fundamentos_22-150x150.jpg\" class=\"attachment-thumbnail size-thumbnail\" alt=\"Casa Fundamentos \/ Holger Cuadrado\" aria-describedby=\"gallery-1-82875\" \/><\/a>\n\t\t\t<\/div>\n\t\t\t\t<figcaption class='wp-caption-text gallery-caption' id='gallery-1-82875'>\n\t\t\t\tCasa Fundamentos \/ Holger Cuadrado\n\t\t\t\t<\/figcaption><\/figure><figure class='gallery-item'>\n\t\t\t<div class='gallery-icon landscape'>\n\t\t\t\t<a href='https:\/\/www.arquimaster.com.ar\/web\/wp-content\/uploads\/2024\/11\/casa_fundamentos_23.jpg' title=\"Casa Fundamentos \/ Holger Cuadrado\" data-rl_title=\"Casa Fundamentos \/ Holger Cuadrado\" class=\"rl-gallery-link\" data-rl_caption=\"Casa Fundamentos \/ Holger Cuadrado\" data-rel=\"lightbox-gallery-1\"><img loading=\"lazy\" decoding=\"async\" width=\"150\" height=\"150\" src=\"https:\/\/www.arquimaster.com.ar\/web\/wp-content\/uploads\/2024\/11\/casa_fundamentos_23-150x150.jpg\" class=\"attachment-thumbnail size-thumbnail\" alt=\"Casa Fundamentos \/ Holger Cuadrado\" aria-describedby=\"gallery-1-82876\" \/><\/a>\n\t\t\t<\/div>\n\t\t\t\t<figcaption class='wp-caption-text gallery-caption' id='gallery-1-82876'>\n\t\t\t\tCasa Fundamentos \/ Holger Cuadrado\n\t\t\t\t<\/figcaption><\/figure><figure class='gallery-item'>\n\t\t\t<div class='gallery-icon landscape'>\n\t\t\t\t<a href='https:\/\/www.arquimaster.com.ar\/web\/wp-content\/uploads\/2024\/11\/casa_fundamentos_24.jpg' title=\"Casa Fundamentos \/ Holger Cuadrado\" data-rl_title=\"Casa Fundamentos \/ Holger Cuadrado\" class=\"rl-gallery-link\" data-rl_caption=\"Casa Fundamentos \/ Holger Cuadrado\" data-rel=\"lightbox-gallery-1\"><img loading=\"lazy\" decoding=\"async\" width=\"150\" height=\"150\" src=\"https:\/\/www.arquimaster.com.ar\/web\/wp-content\/uploads\/2024\/11\/casa_fundamentos_24-150x150.jpg\" class=\"attachment-thumbnail size-thumbnail\" alt=\"Casa Fundamentos \/ Holger Cuadrado\" aria-describedby=\"gallery-1-82877\" \/><\/a>\n\t\t\t<\/div>\n\t\t\t\t<figcaption class='wp-caption-text gallery-caption' id='gallery-1-82877'>\n\t\t\t\tCasa Fundamentos \/ Holger Cuadrado\n\t\t\t\t<\/figcaption><\/figure><figure class='gallery-item'>\n\t\t\t<div class='gallery-icon portrait'>\n\t\t\t\t<a href='https:\/\/www.arquimaster.com.ar\/web\/wp-content\/uploads\/2024\/11\/casa_fundamentos_25.jpg' title=\"Casa Fundamentos \/ Holger Cuadrado\" data-rl_title=\"Casa Fundamentos \/ Holger Cuadrado\" class=\"rl-gallery-link\" data-rl_caption=\"Casa Fundamentos \/ Holger Cuadrado\" data-rel=\"lightbox-gallery-1\"><img loading=\"lazy\" decoding=\"async\" width=\"150\" height=\"150\" src=\"https:\/\/www.arquimaster.com.ar\/web\/wp-content\/uploads\/2024\/11\/casa_fundamentos_25-150x150.jpg\" class=\"attachment-thumbnail size-thumbnail\" alt=\"Casa Fundamentos \/ Holger Cuadrado\" aria-describedby=\"gallery-1-82878\" \/><\/a>\n\t\t\t<\/div>\n\t\t\t\t<figcaption class='wp-caption-text gallery-caption' id='gallery-1-82878'>\n\t\t\t\tCasa Fundamentos \/ Holger Cuadrado\n\t\t\t\t<\/figcaption><\/figure><figure class='gallery-item'>\n\t\t\t<div class='gallery-icon landscape'>\n\t\t\t\t<a href='https:\/\/www.arquimaster.com.ar\/web\/wp-content\/uploads\/2024\/11\/casa_fundamentos_26.jpg' title=\"Casa Fundamentos \/ Holger Cuadrado\" data-rl_title=\"Casa Fundamentos \/ Holger Cuadrado\" class=\"rl-gallery-link\" data-rl_caption=\"Casa Fundamentos \/ Holger Cuadrado\" data-rel=\"lightbox-gallery-1\"><img loading=\"lazy\" decoding=\"async\" width=\"150\" height=\"150\" src=\"https:\/\/www.arquimaster.com.ar\/web\/wp-content\/uploads\/2024\/11\/casa_fundamentos_26-150x150.jpg\" class=\"attachment-thumbnail size-thumbnail\" alt=\"Casa Fundamentos \/ Holger Cuadrado\" aria-describedby=\"gallery-1-82879\" \/><\/a>\n\t\t\t<\/div>\n\t\t\t\t<figcaption class='wp-caption-text gallery-caption' id='gallery-1-82879'>\n\t\t\t\tCasa Fundamentos \/ Holger Cuadrado\n\t\t\t\t<\/figcaption><\/figure><figure class='gallery-item'>\n\t\t\t<div class='gallery-icon landscape'>\n\t\t\t\t<a href='https:\/\/www.arquimaster.com.ar\/web\/wp-content\/uploads\/2024\/11\/casa_fundamentos_27.jpg' title=\"Casa Fundamentos \/ Holger Cuadrado\" data-rl_title=\"Casa Fundamentos \/ Holger Cuadrado\" class=\"rl-gallery-link\" data-rl_caption=\"Casa Fundamentos \/ Holger Cuadrado\" data-rel=\"lightbox-gallery-1\"><img loading=\"lazy\" decoding=\"async\" width=\"150\" height=\"150\" src=\"https:\/\/www.arquimaster.com.ar\/web\/wp-content\/uploads\/2024\/11\/casa_fundamentos_27-150x150.jpg\" class=\"attachment-thumbnail size-thumbnail\" alt=\"Casa Fundamentos \/ Holger Cuadrado\" aria-describedby=\"gallery-1-82880\" \/><\/a>\n\t\t\t<\/div>\n\t\t\t\t<figcaption class='wp-caption-text gallery-caption' id='gallery-1-82880'>\n\t\t\t\tCasa Fundamentos \/ Holger Cuadrado\n\t\t\t\t<\/figcaption><\/figure><figure class='gallery-item'>\n\t\t\t<div class='gallery-icon landscape'>\n\t\t\t\t<a href='https:\/\/www.arquimaster.com.ar\/web\/wp-content\/uploads\/2024\/11\/casa_fundamentos_28.jpg' title=\"Casa Fundamentos \/ Holger Cuadrado\" data-rl_title=\"Casa Fundamentos \/ Holger Cuadrado\" class=\"rl-gallery-link\" data-rl_caption=\"Casa Fundamentos \/ Holger Cuadrado\" data-rel=\"lightbox-gallery-1\"><img loading=\"lazy\" decoding=\"async\" width=\"150\" height=\"150\" src=\"https:\/\/www.arquimaster.com.ar\/web\/wp-content\/uploads\/2024\/11\/casa_fundamentos_28-150x150.jpg\" class=\"attachment-thumbnail size-thumbnail\" alt=\"Casa Fundamentos \/ Holger Cuadrado\" aria-describedby=\"gallery-1-82881\" \/><\/a>\n\t\t\t<\/div>\n\t\t\t\t<figcaption class='wp-caption-text gallery-caption' id='gallery-1-82881'>\n\t\t\t\tCasa Fundamentos \/ Holger Cuadrado\n\t\t\t\t<\/figcaption><\/figure><figure class='gallery-item'>\n\t\t\t<div class='gallery-icon landscape'>\n\t\t\t\t<a href='https:\/\/www.arquimaster.com.ar\/web\/wp-content\/uploads\/2024\/11\/casa_fundamentos_29.jpg' title=\"Casa Fundamentos \/ Holger Cuadrado\" data-rl_title=\"Casa Fundamentos \/ Holger Cuadrado\" class=\"rl-gallery-link\" data-rl_caption=\"Casa Fundamentos \/ Holger Cuadrado\" data-rel=\"lightbox-gallery-1\"><img loading=\"lazy\" decoding=\"async\" width=\"150\" height=\"150\" src=\"https:\/\/www.arquimaster.com.ar\/web\/wp-content\/uploads\/2024\/11\/casa_fundamentos_29-150x150.jpg\" class=\"attachment-thumbnail size-thumbnail\" alt=\"Casa Fundamentos \/ Holger Cuadrado\" aria-describedby=\"gallery-1-82882\" \/><\/a>\n\t\t\t<\/div>\n\t\t\t\t<figcaption class='wp-caption-text gallery-caption' id='gallery-1-82882'>\n\t\t\t\tCasa Fundamentos \/ Holger Cuadrado\n\t\t\t\t<\/figcaption><\/figure><figure class='gallery-item'>\n\t\t\t<div class='gallery-icon landscape'>\n\t\t\t\t<a href='https:\/\/www.arquimaster.com.ar\/web\/wp-content\/uploads\/2024\/11\/casa_fundamentos_30.jpg' title=\"Casa Fundamentos \/ Holger Cuadrado\" data-rl_title=\"Casa Fundamentos \/ Holger Cuadrado\" class=\"rl-gallery-link\" data-rl_caption=\"Casa Fundamentos \/ Holger Cuadrado\" data-rel=\"lightbox-gallery-1\"><img loading=\"lazy\" decoding=\"async\" width=\"150\" height=\"150\" src=\"https:\/\/www.arquimaster.com.ar\/web\/wp-content\/uploads\/2024\/11\/casa_fundamentos_30-150x150.jpg\" class=\"attachment-thumbnail size-thumbnail\" alt=\"Casa Fundamentos \/ Holger Cuadrado\" aria-describedby=\"gallery-1-82883\" \/><\/a>\n\t\t\t<\/div>\n\t\t\t\t<figcaption class='wp-caption-text gallery-caption' id='gallery-1-82883'>\n\t\t\t\tCasa Fundamentos \/ Holger Cuadrado\n\t\t\t\t<\/figcaption><\/figure><figure class='gallery-item'>\n\t\t\t<div class='gallery-icon landscape'>\n\t\t\t\t<a href='https:\/\/www.arquimaster.com.ar\/web\/wp-content\/uploads\/2024\/11\/casa_fundamentos_31.jpg' title=\"Casa Fundamentos \/ Holger Cuadrado\" data-rl_title=\"Casa Fundamentos \/ Holger Cuadrado\" class=\"rl-gallery-link\" data-rl_caption=\"Casa Fundamentos \/ Holger Cuadrado\" data-rel=\"lightbox-gallery-1\"><img loading=\"lazy\" decoding=\"async\" width=\"150\" height=\"150\" src=\"https:\/\/www.arquimaster.com.ar\/web\/wp-content\/uploads\/2024\/11\/casa_fundamentos_31-150x150.jpg\" class=\"attachment-thumbnail size-thumbnail\" alt=\"Casa Fundamentos \/ Holger Cuadrado\" aria-describedby=\"gallery-1-82884\" \/><\/a>\n\t\t\t<\/div>\n\t\t\t\t<figcaption class='wp-caption-text gallery-caption' id='gallery-1-82884'>\n\t\t\t\tCasa Fundamentos \/ Holger Cuadrado\n\t\t\t\t<\/figcaption><\/figure><figure class='gallery-item'>\n\t\t\t<div class='gallery-icon landscape'>\n\t\t\t\t<a href='https:\/\/www.arquimaster.com.ar\/web\/wp-content\/uploads\/2024\/11\/casa_fundamentos_32.jpg' title=\"Casa Fundamentos \/ Holger Cuadrado\" data-rl_title=\"Casa Fundamentos \/ Holger Cuadrado\" class=\"rl-gallery-link\" data-rl_caption=\"Casa Fundamentos \/ Holger Cuadrado\" data-rel=\"lightbox-gallery-1\"><img loading=\"lazy\" decoding=\"async\" width=\"150\" height=\"150\" src=\"https:\/\/www.arquimaster.com.ar\/web\/wp-content\/uploads\/2024\/11\/casa_fundamentos_32-150x150.jpg\" class=\"attachment-thumbnail size-thumbnail\" alt=\"Casa Fundamentos \/ Holger Cuadrado\" aria-describedby=\"gallery-1-82885\" \/><\/a>\n\t\t\t<\/div>\n\t\t\t\t<figcaption class='wp-caption-text gallery-caption' id='gallery-1-82885'>\n\t\t\t\tCasa Fundamentos \/ Holger Cuadrado\n\t\t\t\t<\/figcaption><\/figure><figure class='gallery-item'>\n\t\t\t<div class='gallery-icon landscape'>\n\t\t\t\t<a href='https:\/\/www.arquimaster.com.ar\/web\/wp-content\/uploads\/2024\/11\/casa_fundamentos_33.jpg' title=\"Casa Fundamentos \/ Holger Cuadrado\" data-rl_title=\"Casa Fundamentos \/ Holger Cuadrado\" class=\"rl-gallery-link\" data-rl_caption=\"Casa Fundamentos \/ Holger Cuadrado\" data-rel=\"lightbox-gallery-1\"><img loading=\"lazy\" decoding=\"async\" width=\"150\" height=\"150\" src=\"https:\/\/www.arquimaster.com.ar\/web\/wp-content\/uploads\/2024\/11\/casa_fundamentos_33-150x150.jpg\" class=\"attachment-thumbnail size-thumbnail\" alt=\"Casa Fundamentos \/ Holger Cuadrado\" aria-describedby=\"gallery-1-82886\" \/><\/a>\n\t\t\t<\/div>\n\t\t\t\t<figcaption class='wp-caption-text gallery-caption' id='gallery-1-82886'>\n\t\t\t\tCasa Fundamentos \/ Holger Cuadrado\n\t\t\t\t<\/figcaption><\/figure><figure class='gallery-item'>\n\t\t\t<div class='gallery-icon landscape'>\n\t\t\t\t<a href='https:\/\/www.arquimaster.com.ar\/web\/wp-content\/uploads\/2024\/11\/casa_fundamentos_34.jpg' title=\"Casa Fundamentos \/ Holger Cuadrado\" data-rl_title=\"Casa Fundamentos \/ Holger Cuadrado\" class=\"rl-gallery-link\" data-rl_caption=\"Casa Fundamentos \/ Holger Cuadrado\" data-rel=\"lightbox-gallery-1\"><img loading=\"lazy\" decoding=\"async\" width=\"150\" height=\"150\" src=\"https:\/\/www.arquimaster.com.ar\/web\/wp-content\/uploads\/2024\/11\/casa_fundamentos_34-150x150.jpg\" class=\"attachment-thumbnail size-thumbnail\" alt=\"Casa Fundamentos \/ Holger Cuadrado\" aria-describedby=\"gallery-1-82887\" \/><\/a>\n\t\t\t<\/div>\n\t\t\t\t<figcaption class='wp-caption-text gallery-caption' id='gallery-1-82887'>\n\t\t\t\tCasa Fundamentos \/ Holger Cuadrado\n\t\t\t\t<\/figcaption><\/figure>\n\t\t<\/div>\n\n<p><strong>La estructura como generadora del proyecto<\/strong><br \/>Se construye en hormig\u00f3n armado visto, resolviendo al mismo tiempo el orden espacial interno y formal de la casa. El uso de elementos constructivos se limita a lo estrictamente necesario otorgando sencillez y claridad a la soluci\u00f3n estructural, resuelta a partir de dos muros laterales de corte y dos diafragmas intermedios que permiten amplia espacialidad y fluidez al interior de cada planta.<\/p>\n<p>La estructura establece el orden espacial de la casa y sirve de soporte para varias configuraciones espaciales en su interior. Desde el exterior se percibe como sobresale la caja del volumen principal de 5 metros de frente con un voladizo de 3 metros hacia la calle, conformando en planta baja un patio flexible abierto para juego de los ni\u00f1os junto al \u00e1rea productiva de la vivienda.<\/p>\n<p><strong>El principio de flexibilidad espacial<\/strong><br \/>La casa se concibe como un contenedor espacial de cuatro niveles dise\u00f1ado para acoger variados usos y usuarios. La planta baja y el s\u00f3tano se configuran como \u00e1reas de trabajo independientes, conectadas directamente a la calle, permitiendo a los residentes desarrollar actividades productivas o de emprendimiento sin alterar el entorno dom\u00e9stico.<\/p>\n<p>Las plantas superiores, destinadas al uso residencial, est\u00e1n concebidas para ofrecer la posibilidad de reconfiguraci\u00f3n en el futuro, ya sea como espacios de trabajo adicionales o viviendas independientes. Esta flexibilidad interior asegura que la casa pueda adaptarse a las cambiantes necesidades de sus ocupantes a lo largo del tiempo.<\/p>\n<p>La casa se presenta como una soluci\u00f3n arquitect\u00f3nica que responde a las necesidades contempor\u00e1neas de sus usuarios, al tiempo que se adapta y vincula con sensibilidad a la topograf\u00eda y al paisaje.<\/p>\n<p>Desde el interior de las plantas superiores, un antepecho bajo enmarca las vistas hacia la Cordillera de los Andes, mientras que lateralmente un antepecho invertido, colgando del techo, conecta visualmente con un \u00e1rbol plantado en el patio de la planta baja.<\/p>\n<p>Estas estrategias no s\u00f3lo enriquecen la experiencia visual desde el interior, sino que tambi\u00e9n valoran la orientaci\u00f3n favorable al sol de la ma\u00f1ana, integrando la casa de manera armoniosa con su entorno.<\/p>\n\n\n<div style=\"height:20px\" aria-hidden=\"true\" class=\"wp-block-spacer\"><\/div>\n\n\n\n<p class=\"has-background\" style=\"background-color:#eaeaea\"><strong>Ficha t\u00e9cnica<\/strong><br>Nombre: Casa Fundamentos<br>Ubicaci\u00f3n: Loja, Ecuador<br>Oficina de arquitectura: Holger Cuadrado<br>Arquitecto a cargo: Holger Cuadrado<br>Colaboradores: Ronald Loj\u00e1n, Mal\u00fa del Castillo, Brenda Barrios, Mateo Cuadrado, Jos\u00e9 David Sisalima, Mateo Figueroa<br>Ingenier\u00eda estructural: Ing. Carlos Aguilar<br>Programa: Vivienda unifamiliar productiva<br>Superficie construida: 262 m2<br>A\u00f1o finalizaci\u00f3n construcci\u00f3n: 2024<br>Fotograf\u00edas: Bicubik @bicubik.photo<br>Facebook: holger.cuadrado<br>Instagram: @holger_cuadrado<\/p>\n\n\n\n<div style=\"height:40px\" aria-hidden=\"true\" class=\"wp-block-spacer\"><\/div>\n\n<div style=\"font-size: 0px; height: 0px; line-height: 0px; margin: 0; padding: 0; clear: both;\"><\/div><div style=\"margin-top: 0px; margin-bottom: 0px;\" class=\"sharethis-inline-share-buttons\" ><\/div>","protected":false},"excerpt":{"rendered":"<p>Explora el principio estructural como generador de la arquitectura y la flexibilidad espacial&#8230;<\/p>\n","protected":false},"author":1,"featured_media":82853,"comment_status":"closed","ping_status":"closed","sticky":false,"template":"","format":"standard","meta":{"_uag_custom_page_level_css":"","footnotes":""},"categories":[1,83],"tags":[4282,2447,7294,725,1176,1174,5499,254],"class_list":["post-82852","post","type-post","status-publish","format-standard","has-post-thumbnail","hentry","category-proyecto","category-vivienda-unifamiliar","tag-arquitectura-residencial","tag-ecuador","tag-holger-cuadrado","tag-hormigon","tag-hormigon-a-la-vista","tag-hormigon-armado","tag-loja","tag-vivienda-unifamiliar-2","generate-columns","tablet-grid-50","mobile-grid-100","grid-parent","grid-50"],"yoast_head":"<!-- This site is optimized with the Yoast SEO plugin v27.3 - https:\/\/yoast.com\/product\/yoast-seo-wordpress\/ -->\n<title>Casa Fundamentos \/ Holger Cuadrado - Arquimaster<\/title>\n<meta name=\"robots\" content=\"index, follow, max-snippet:-1, max-image-preview:large, max-video-preview:-1\" \/>\n<link rel=\"canonical\" href=\"https:\/\/www.arquimaster.com.ar\/web\/casa-fundamentos-holger-cuadrado\/\" \/>\n<meta property=\"og:locale\" content=\"es_ES\" \/>\n<meta property=\"og:type\" content=\"article\" \/>\n<meta property=\"og:title\" content=\"Casa Fundamentos \/ Holger Cuadrado - Arquimaster\" \/>\n<meta property=\"og:description\" content=\"Explora el principio estructural como generador de la arquitectura y la flexibilidad espacial...\" \/>\n<meta property=\"og:url\" content=\"https:\/\/www.arquimaster.com.ar\/web\/casa-fundamentos-holger-cuadrado\/\" \/>\n<meta property=\"og:site_name\" content=\"Arquimaster\" \/>\n<meta property=\"article:publisher\" content=\"http:\/\/www.facebook.com\/ARQUIMASTER.com.ar\" \/>\n<meta property=\"article:published_time\" content=\"2024-11-27T20:23:23+00:00\" \/>\n<meta property=\"article:modified_time\" content=\"2025-07-23T22:41:32+00:00\" \/>\n<meta property=\"og:image\" content=\"https:\/\/www.arquimaster.com.ar\/web\/wp-content\/uploads\/2024\/11\/casa_fundamentos_slide.jpg\" \/>\n\t<meta property=\"og:image:width\" content=\"698\" \/>\n\t<meta property=\"og:image:height\" content=\"364\" \/>\n\t<meta property=\"og:image:type\" content=\"image\/jpeg\" \/>\n<meta name=\"author\" content=\"Arquimaster\" \/>\n<meta name=\"twitter:card\" content=\"summary_large_image\" \/>\n<meta name=\"twitter:creator\" content=\"@arquimaster\" \/>\n<meta name=\"twitter:site\" content=\"@arquimaster\" \/>\n<meta name=\"twitter:label1\" content=\"Escrito por\" \/>\n\t<meta name=\"twitter:data1\" content=\"Arquimaster\" \/>\n\t<meta name=\"twitter:label2\" content=\"Tiempo de lectura\" \/>\n\t<meta name=\"twitter:data2\" content=\"3 minutos\" \/>\n<script type=\"application\/ld+json\" class=\"yoast-schema-graph\">{\"@context\":\"https:\\\/\\\/schema.org\",\"@graph\":[{\"@type\":\"Article\",\"@id\":\"https:\\\/\\\/www.arquimaster.com.ar\\\/web\\\/casa-fundamentos-holger-cuadrado\\\/#article\",\"isPartOf\":{\"@id\":\"https:\\\/\\\/www.arquimaster.com.ar\\\/web\\\/casa-fundamentos-holger-cuadrado\\\/\"},\"author\":{\"name\":\"Arquimaster\",\"@id\":\"https:\\\/\\\/www.arquimaster.com.ar\\\/web\\\/#\\\/schema\\\/person\\\/359e9f7c00193fcde068e0dd2ceb0028\"},\"headline\":\"Casa Fundamentos \\\/ Holger Cuadrado\",\"datePublished\":\"2024-11-27T20:23:23+00:00\",\"dateModified\":\"2025-07-23T22:41:32+00:00\",\"mainEntityOfPage\":{\"@id\":\"https:\\\/\\\/www.arquimaster.com.ar\\\/web\\\/casa-fundamentos-holger-cuadrado\\\/\"},\"wordCount\":483,\"publisher\":{\"@id\":\"https:\\\/\\\/www.arquimaster.com.ar\\\/web\\\/#organization\"},\"image\":{\"@id\":\"https:\\\/\\\/www.arquimaster.com.ar\\\/web\\\/casa-fundamentos-holger-cuadrado\\\/#primaryimage\"},\"thumbnailUrl\":\"https:\\\/\\\/www.arquimaster.com.ar\\\/web\\\/wp-content\\\/uploads\\\/2024\\\/11\\\/casa_fundamentos_slide.jpg\",\"keywords\":[\"arquitectura residencial\",\"Ecuador\",\"Holger Cuadrado\",\"hormig\u00f3n\",\"hormig\u00f3n a la vista\",\"hormig\u00f3n armado\",\"Loja\",\"vivienda unifamiliar\"],\"articleSection\":[\"Proyecto\",\"Vivienda unifamiliar y PH\"],\"inLanguage\":\"es\"},{\"@type\":\"WebPage\",\"@id\":\"https:\\\/\\\/www.arquimaster.com.ar\\\/web\\\/casa-fundamentos-holger-cuadrado\\\/\",\"url\":\"https:\\\/\\\/www.arquimaster.com.ar\\\/web\\\/casa-fundamentos-holger-cuadrado\\\/\",\"name\":\"Casa Fundamentos \\\/ Holger Cuadrado - Arquimaster\",\"isPartOf\":{\"@id\":\"https:\\\/\\\/www.arquimaster.com.ar\\\/web\\\/#website\"},\"primaryImageOfPage\":{\"@id\":\"https:\\\/\\\/www.arquimaster.com.ar\\\/web\\\/casa-fundamentos-holger-cuadrado\\\/#primaryimage\"},\"image\":{\"@id\":\"https:\\\/\\\/www.arquimaster.com.ar\\\/web\\\/casa-fundamentos-holger-cuadrado\\\/#primaryimage\"},\"thumbnailUrl\":\"https:\\\/\\\/www.arquimaster.com.ar\\\/web\\\/wp-content\\\/uploads\\\/2024\\\/11\\\/casa_fundamentos_slide.jpg\",\"datePublished\":\"2024-11-27T20:23:23+00:00\",\"dateModified\":\"2025-07-23T22:41:32+00:00\",\"breadcrumb\":{\"@id\":\"https:\\\/\\\/www.arquimaster.com.ar\\\/web\\\/casa-fundamentos-holger-cuadrado\\\/#breadcrumb\"},\"inLanguage\":\"es\",\"potentialAction\":[{\"@type\":\"ReadAction\",\"target\":[\"https:\\\/\\\/www.arquimaster.com.ar\\\/web\\\/casa-fundamentos-holger-cuadrado\\\/\"]}]},{\"@type\":\"ImageObject\",\"inLanguage\":\"es\",\"@id\":\"https:\\\/\\\/www.arquimaster.com.ar\\\/web\\\/casa-fundamentos-holger-cuadrado\\\/#primaryimage\",\"url\":\"https:\\\/\\\/www.arquimaster.com.ar\\\/web\\\/wp-content\\\/uploads\\\/2024\\\/11\\\/casa_fundamentos_slide.jpg\",\"contentUrl\":\"https:\\\/\\\/www.arquimaster.com.ar\\\/web\\\/wp-content\\\/uploads\\\/2024\\\/11\\\/casa_fundamentos_slide.jpg\",\"width\":698,\"height\":364,\"caption\":\"Casa Fundamentos \\\/ Holger Cuadrado\"},{\"@type\":\"BreadcrumbList\",\"@id\":\"https:\\\/\\\/www.arquimaster.com.ar\\\/web\\\/casa-fundamentos-holger-cuadrado\\\/#breadcrumb\",\"itemListElement\":[{\"@type\":\"ListItem\",\"position\":1,\"name\":\"Portada\",\"item\":\"https:\\\/\\\/www.arquimaster.com.ar\\\/web\\\/\"},{\"@type\":\"ListItem\",\"position\":2,\"name\":\"Casa Fundamentos \\\/ Holger Cuadrado\"}]},{\"@type\":\"WebSite\",\"@id\":\"https:\\\/\\\/www.arquimaster.com.ar\\\/web\\\/#website\",\"url\":\"https:\\\/\\\/www.arquimaster.com.ar\\\/web\\\/\",\"name\":\"Arquimaster\",\"description\":\"Web de arquitectura, dise\u00f1o y construccion\",\"publisher\":{\"@id\":\"https:\\\/\\\/www.arquimaster.com.ar\\\/web\\\/#organization\"},\"potentialAction\":[{\"@type\":\"SearchAction\",\"target\":{\"@type\":\"EntryPoint\",\"urlTemplate\":\"https:\\\/\\\/www.arquimaster.com.ar\\\/web\\\/?s={search_term_string}\"},\"query-input\":{\"@type\":\"PropertyValueSpecification\",\"valueRequired\":true,\"valueName\":\"search_term_string\"}}],\"inLanguage\":\"es\"},{\"@type\":\"Organization\",\"@id\":\"https:\\\/\\\/www.arquimaster.com.ar\\\/web\\\/#organization\",\"name\":\"Arquimaster\",\"url\":\"https:\\\/\\\/www.arquimaster.com.ar\\\/web\\\/\",\"logo\":{\"@type\":\"ImageObject\",\"inLanguage\":\"es\",\"@id\":\"https:\\\/\\\/www.arquimaster.com.ar\\\/web\\\/#\\\/schema\\\/logo\\\/image\\\/\",\"url\":\"https:\\\/\\\/www.arquimaster.com.ar\\\/web\\\/wp-content\\\/uploads\\\/2022\\\/06\\\/arquimaster.png\",\"contentUrl\":\"https:\\\/\\\/www.arquimaster.com.ar\\\/web\\\/wp-content\\\/uploads\\\/2022\\\/06\\\/arquimaster.png\",\"width\":594,\"height\":78,\"caption\":\"Arquimaster\"},\"image\":{\"@id\":\"https:\\\/\\\/www.arquimaster.com.ar\\\/web\\\/#\\\/schema\\\/logo\\\/image\\\/\"},\"sameAs\":[\"http:\\\/\\\/www.facebook.com\\\/ARQUIMASTER.com.ar\",\"https:\\\/\\\/x.com\\\/arquimaster\",\"https:\\\/\\\/www.instagram.com\\\/arquimasterblog\\\/\",\"https:\\\/\\\/www.linkedin.com\\\/company\\\/arquimaster\",\"https:\\\/\\\/www.pinterest.com\\\/arquimaster\",\"https:\\\/\\\/t.me\\\/arquimaster\"]},{\"@type\":\"Person\",\"@id\":\"https:\\\/\\\/www.arquimaster.com.ar\\\/web\\\/#\\\/schema\\\/person\\\/359e9f7c00193fcde068e0dd2ceb0028\",\"name\":\"Arquimaster\"}]}<\/script>\n<!-- \/ Yoast SEO plugin. -->","yoast_head_json":{"title":"Casa Fundamentos \/ Holger Cuadrado - Arquimaster","robots":{"index":"index","follow":"follow","max-snippet":"max-snippet:-1","max-image-preview":"max-image-preview:large","max-video-preview":"max-video-preview:-1"},"canonical":"https:\/\/www.arquimaster.com.ar\/web\/casa-fundamentos-holger-cuadrado\/","og_locale":"es_ES","og_type":"article","og_title":"Casa Fundamentos \/ Holger Cuadrado - Arquimaster","og_description":"Explora el principio estructural como generador de la arquitectura y la flexibilidad espacial...","og_url":"https:\/\/www.arquimaster.com.ar\/web\/casa-fundamentos-holger-cuadrado\/","og_site_name":"Arquimaster","article_publisher":"http:\/\/www.facebook.com\/ARQUIMASTER.com.ar","article_published_time":"2024-11-27T20:23:23+00:00","article_modified_time":"2025-07-23T22:41:32+00:00","og_image":[{"width":698,"height":364,"url":"https:\/\/www.arquimaster.com.ar\/web\/wp-content\/uploads\/2024\/11\/casa_fundamentos_slide.jpg","type":"image\/jpeg"}],"author":"Arquimaster","twitter_card":"summary_large_image","twitter_creator":"@arquimaster","twitter_site":"@arquimaster","twitter_misc":{"Escrito por":"Arquimaster","Tiempo de lectura":"3 minutos"},"schema":{"@context":"https:\/\/schema.org","@graph":[{"@type":"Article","@id":"https:\/\/www.arquimaster.com.ar\/web\/casa-fundamentos-holger-cuadrado\/#article","isPartOf":{"@id":"https:\/\/www.arquimaster.com.ar\/web\/casa-fundamentos-holger-cuadrado\/"},"author":{"name":"Arquimaster","@id":"https:\/\/www.arquimaster.com.ar\/web\/#\/schema\/person\/359e9f7c00193fcde068e0dd2ceb0028"},"headline":"Casa Fundamentos \/ Holger Cuadrado","datePublished":"2024-11-27T20:23:23+00:00","dateModified":"2025-07-23T22:41:32+00:00","mainEntityOfPage":{"@id":"https:\/\/www.arquimaster.com.ar\/web\/casa-fundamentos-holger-cuadrado\/"},"wordCount":483,"publisher":{"@id":"https:\/\/www.arquimaster.com.ar\/web\/#organization"},"image":{"@id":"https:\/\/www.arquimaster.com.ar\/web\/casa-fundamentos-holger-cuadrado\/#primaryimage"},"thumbnailUrl":"https:\/\/www.arquimaster.com.ar\/web\/wp-content\/uploads\/2024\/11\/casa_fundamentos_slide.jpg","keywords":["arquitectura residencial","Ecuador","Holger Cuadrado","hormig\u00f3n","hormig\u00f3n a la vista","hormig\u00f3n armado","Loja","vivienda unifamiliar"],"articleSection":["Proyecto","Vivienda unifamiliar y PH"],"inLanguage":"es"},{"@type":"WebPage","@id":"https:\/\/www.arquimaster.com.ar\/web\/casa-fundamentos-holger-cuadrado\/","url":"https:\/\/www.arquimaster.com.ar\/web\/casa-fundamentos-holger-cuadrado\/","name":"Casa Fundamentos \/ Holger Cuadrado - Arquimaster","isPartOf":{"@id":"https:\/\/www.arquimaster.com.ar\/web\/#website"},"primaryImageOfPage":{"@id":"https:\/\/www.arquimaster.com.ar\/web\/casa-fundamentos-holger-cuadrado\/#primaryimage"},"image":{"@id":"https:\/\/www.arquimaster.com.ar\/web\/casa-fundamentos-holger-cuadrado\/#primaryimage"},"thumbnailUrl":"https:\/\/www.arquimaster.com.ar\/web\/wp-content\/uploads\/2024\/11\/casa_fundamentos_slide.jpg","datePublished":"2024-11-27T20:23:23+00:00","dateModified":"2025-07-23T22:41:32+00:00","breadcrumb":{"@id":"https:\/\/www.arquimaster.com.ar\/web\/casa-fundamentos-holger-cuadrado\/#breadcrumb"},"inLanguage":"es","potentialAction":[{"@type":"ReadAction","target":["https:\/\/www.arquimaster.com.ar\/web\/casa-fundamentos-holger-cuadrado\/"]}]},{"@type":"ImageObject","inLanguage":"es","@id":"https:\/\/www.arquimaster.com.ar\/web\/casa-fundamentos-holger-cuadrado\/#primaryimage","url":"https:\/\/www.arquimaster.com.ar\/web\/wp-content\/uploads\/2024\/11\/casa_fundamentos_slide.jpg","contentUrl":"https:\/\/www.arquimaster.com.ar\/web\/wp-content\/uploads\/2024\/11\/casa_fundamentos_slide.jpg","width":698,"height":364,"caption":"Casa Fundamentos \/ Holger Cuadrado"},{"@type":"BreadcrumbList","@id":"https:\/\/www.arquimaster.com.ar\/web\/casa-fundamentos-holger-cuadrado\/#breadcrumb","itemListElement":[{"@type":"ListItem","position":1,"name":"Portada","item":"https:\/\/www.arquimaster.com.ar\/web\/"},{"@type":"ListItem","position":2,"name":"Casa Fundamentos \/ Holger Cuadrado"}]},{"@type":"WebSite","@id":"https:\/\/www.arquimaster.com.ar\/web\/#website","url":"https:\/\/www.arquimaster.com.ar\/web\/","name":"Arquimaster","description":"Web de arquitectura, dise\u00f1o y construccion","publisher":{"@id":"https:\/\/www.arquimaster.com.ar\/web\/#organization"},"potentialAction":[{"@type":"SearchAction","target":{"@type":"EntryPoint","urlTemplate":"https:\/\/www.arquimaster.com.ar\/web\/?s={search_term_string}"},"query-input":{"@type":"PropertyValueSpecification","valueRequired":true,"valueName":"search_term_string"}}],"inLanguage":"es"},{"@type":"Organization","@id":"https:\/\/www.arquimaster.com.ar\/web\/#organization","name":"Arquimaster","url":"https:\/\/www.arquimaster.com.ar\/web\/","logo":{"@type":"ImageObject","inLanguage":"es","@id":"https:\/\/www.arquimaster.com.ar\/web\/#\/schema\/logo\/image\/","url":"https:\/\/www.arquimaster.com.ar\/web\/wp-content\/uploads\/2022\/06\/arquimaster.png","contentUrl":"https:\/\/www.arquimaster.com.ar\/web\/wp-content\/uploads\/2022\/06\/arquimaster.png","width":594,"height":78,"caption":"Arquimaster"},"image":{"@id":"https:\/\/www.arquimaster.com.ar\/web\/#\/schema\/logo\/image\/"},"sameAs":["http:\/\/www.facebook.com\/ARQUIMASTER.com.ar","https:\/\/x.com\/arquimaster","https:\/\/www.instagram.com\/arquimasterblog\/","https:\/\/www.linkedin.com\/company\/arquimaster","https:\/\/www.pinterest.com\/arquimaster","https:\/\/t.me\/arquimaster"]},{"@type":"Person","@id":"https:\/\/www.arquimaster.com.ar\/web\/#\/schema\/person\/359e9f7c00193fcde068e0dd2ceb0028","name":"Arquimaster"}]}},"uagb_featured_image_src":{"full":["https:\/\/www.arquimaster.com.ar\/web\/wp-content\/uploads\/2024\/11\/casa_fundamentos_slide.jpg",698,364,false],"thumbnail":["https:\/\/www.arquimaster.com.ar\/web\/wp-content\/uploads\/2024\/11\/casa_fundamentos_slide-150x150.jpg",150,150,true],"medium":["https:\/\/www.arquimaster.com.ar\/web\/wp-content\/uploads\/2024\/11\/casa_fundamentos_slide.jpg",698,364,false],"medium_large":["https:\/\/www.arquimaster.com.ar\/web\/wp-content\/uploads\/2024\/11\/casa_fundamentos_slide.jpg",698,364,false],"large":["https:\/\/www.arquimaster.com.ar\/web\/wp-content\/uploads\/2024\/11\/casa_fundamentos_slide.jpg",698,364,false],"1536x1536":["https:\/\/www.arquimaster.com.ar\/web\/wp-content\/uploads\/2024\/11\/casa_fundamentos_slide.jpg",698,364,false],"2048x2048":["https:\/\/www.arquimaster.com.ar\/web\/wp-content\/uploads\/2024\/11\/casa_fundamentos_slide.jpg",698,364,false]},"uagb_author_info":{"display_name":"Arquimaster","author_link":"https:\/\/www.arquimaster.com.ar\/web\/author\/arquimaster\/"},"uagb_comment_info":0,"uagb_excerpt":"Explora el principio estructural como generador de la arquitectura y la flexibilidad espacial...","_links":{"self":[{"href":"https:\/\/www.arquimaster.com.ar\/web\/wp-json\/wp\/v2\/posts\/82852","targetHints":{"allow":["GET"]}}],"collection":[{"href":"https:\/\/www.arquimaster.com.ar\/web\/wp-json\/wp\/v2\/posts"}],"about":[{"href":"https:\/\/www.arquimaster.com.ar\/web\/wp-json\/wp\/v2\/types\/post"}],"author":[{"embeddable":true,"href":"https:\/\/www.arquimaster.com.ar\/web\/wp-json\/wp\/v2\/users\/1"}],"replies":[{"embeddable":true,"href":"https:\/\/www.arquimaster.com.ar\/web\/wp-json\/wp\/v2\/comments?post=82852"}],"version-history":[{"count":5,"href":"https:\/\/www.arquimaster.com.ar\/web\/wp-json\/wp\/v2\/posts\/82852\/revisions"}],"predecessor-version":[{"id":85071,"href":"https:\/\/www.arquimaster.com.ar\/web\/wp-json\/wp\/v2\/posts\/82852\/revisions\/85071"}],"wp:featuredmedia":[{"embeddable":true,"href":"https:\/\/www.arquimaster.com.ar\/web\/wp-json\/wp\/v2\/media\/82853"}],"wp:attachment":[{"href":"https:\/\/www.arquimaster.com.ar\/web\/wp-json\/wp\/v2\/media?parent=82852"}],"wp:term":[{"taxonomy":"category","embeddable":true,"href":"https:\/\/www.arquimaster.com.ar\/web\/wp-json\/wp\/v2\/categories?post=82852"},{"taxonomy":"post_tag","embeddable":true,"href":"https:\/\/www.arquimaster.com.ar\/web\/wp-json\/wp\/v2\/tags?post=82852"}],"curies":[{"name":"wp","href":"https:\/\/api.w.org\/{rel}","templated":true}]}}