{"id":82895,"date":"2024-12-04T18:35:15","date_gmt":"2024-12-04T21:35:15","guid":{"rendered":"https:\/\/www.arquimaster.com.ar\/web\/?p=82895"},"modified":"2025-07-23T19:33:12","modified_gmt":"2025-07-23T22:33:12","slug":"oficinas-doterra-internacional-in-out-arquitectura","status":"publish","type":"post","link":"https:\/\/www.arquimaster.com.ar\/web\/oficinas-doterra-internacional-in-out-arquitectura\/","title":{"rendered":"Oficinas DoTerra Internacional \/ In Out Arquitectura"},"content":{"rendered":"<div style=\"margin-top: 0px; margin-bottom: 0px;\" class=\"sharethis-inline-share-buttons\" ><\/div><div class=\"b812932af2e751442846f039925109de\" data-index=\"1\" style=\"float: none; margin:25px 0 25px 0; text-align:center;\">\n<script async src=\"https:\/\/pagead2.googlesyndication.com\/pagead\/js\/adsbygoogle.js\"><\/script>\r\n<!-- Arquimaster (superior) -->\r\n<ins class=\"adsbygoogle\"\r\n     style=\"display:block\"\r\n     data-ad-client=\"ca-pub-6351072698456832\"\r\n     data-ad-slot=\"6455489680\"\r\n     data-ad-format=\"auto\"\r\n     data-full-width-responsive=\"true\"><\/ins>\r\n<script>\r\n     (adsbygoogle = window.adsbygoogle || []).push({});\r\n<\/script>\n<\/div>\n<p><strong>Oficinas DoTerra Internacional<\/strong> (Ciudad de M\u00e9xico, M\u00e9xico) por <strong>In Out Arquitectura<\/strong>. Con la intenci\u00f3n de remodelar y ampliar las oficinas sede en Ciudad de M\u00e9xico la empresa DoTerra Internacional solicita el proyecto ejecutivo y obra de sus nuevas oficinas ubicadas en Insurgentes Sur 810 Corporativo. Las oficinas existentes se ubican en el Piso 11 con un concepto de Open Office y cuenta con un \u00e1rea de 674 m2.<\/p>\n<div id='gallery-1' class='gallery galleryid-82895 gallery-columns-3 gallery-size-thumbnail'><figure class='gallery-item'>\n\t\t\t<div class='gallery-icon landscape'>\n\t\t\t\t<a href='https:\/\/www.arquimaster.com.ar\/web\/wp-content\/uploads\/2024\/12\/oficinas_doterra_1.jpg' title=\"Oficinas DoTerra Internacional \/ In Out Arquitectura (\u00a9 Ariadna Padilla)\" data-rl_title=\"Oficinas DoTerra Internacional \/ In Out Arquitectura (\u00a9 Ariadna Padilla)\" class=\"rl-gallery-link\" data-rl_caption=\"Oficinas DoTerra Internacional \/ In Out Arquitectura (\u00a9 Ariadna Padilla)\" data-rel=\"lightbox-gallery-1\"><img loading=\"lazy\" decoding=\"async\" width=\"150\" height=\"150\" src=\"https:\/\/www.arquimaster.com.ar\/web\/wp-content\/uploads\/2024\/12\/oficinas_doterra_1-150x150.jpg\" class=\"attachment-thumbnail size-thumbnail\" alt=\"Oficinas DoTerra Internacional \/ In Out Arquitectura\" aria-describedby=\"gallery-1-82897\" \/><\/a>\n\t\t\t<\/div>\n\t\t\t\t<figcaption class='wp-caption-text gallery-caption' id='gallery-1-82897'>\n\t\t\t\tOficinas DoTerra Internacional \/ In Out Arquitectura (\u00a9 Ariadna Padilla)\n\t\t\t\t<\/figcaption><\/figure><figure class='gallery-item'>\n\t\t\t<div class='gallery-icon portrait'>\n\t\t\t\t<a href='https:\/\/www.arquimaster.com.ar\/web\/wp-content\/uploads\/2024\/12\/oficinas_doterra_2.jpg' title=\"Oficinas DoTerra Internacional \/ In Out Arquitectura (\u00a9 Ariadna Padilla)\" data-rl_title=\"Oficinas DoTerra Internacional \/ In Out Arquitectura (\u00a9 Ariadna Padilla)\" class=\"rl-gallery-link\" data-rl_caption=\"Oficinas DoTerra Internacional \/ In Out Arquitectura (\u00a9 Ariadna Padilla)\" data-rel=\"lightbox-gallery-1\"><img loading=\"lazy\" decoding=\"async\" width=\"150\" height=\"150\" src=\"https:\/\/www.arquimaster.com.ar\/web\/wp-content\/uploads\/2024\/12\/oficinas_doterra_2-150x150.jpg\" class=\"attachment-thumbnail size-thumbnail\" alt=\"Oficinas DoTerra Internacional \/ In Out Arquitectura\" aria-describedby=\"gallery-1-82898\" \/><\/a>\n\t\t\t<\/div>\n\t\t\t\t<figcaption class='wp-caption-text gallery-caption' id='gallery-1-82898'>\n\t\t\t\tOficinas DoTerra Internacional \/ In Out Arquitectura (\u00a9 Ariadna Padilla)\n\t\t\t\t<\/figcaption><\/figure><figure class='gallery-item'>\n\t\t\t<div class='gallery-icon portrait'>\n\t\t\t\t<a href='https:\/\/www.arquimaster.com.ar\/web\/wp-content\/uploads\/2024\/12\/oficinas_doterra_3.jpg' title=\"Oficinas DoTerra Internacional \/ In Out Arquitectura (\u00a9 Ariadna Padilla)\" data-rl_title=\"Oficinas DoTerra Internacional \/ In Out Arquitectura (\u00a9 Ariadna Padilla)\" class=\"rl-gallery-link\" data-rl_caption=\"Oficinas DoTerra Internacional \/ In Out Arquitectura (\u00a9 Ariadna Padilla)\" data-rel=\"lightbox-gallery-1\"><img loading=\"lazy\" decoding=\"async\" width=\"150\" height=\"150\" src=\"https:\/\/www.arquimaster.com.ar\/web\/wp-content\/uploads\/2024\/12\/oficinas_doterra_3-150x150.jpg\" class=\"attachment-thumbnail size-thumbnail\" alt=\"Oficinas DoTerra Internacional \/ In Out Arquitectura\" aria-describedby=\"gallery-1-82899\" \/><\/a>\n\t\t\t<\/div>\n\t\t\t\t<figcaption class='wp-caption-text gallery-caption' id='gallery-1-82899'>\n\t\t\t\tOficinas DoTerra Internacional \/ In Out Arquitectura (\u00a9 Ariadna Padilla)\n\t\t\t\t<\/figcaption><\/figure><figure class='gallery-item'>\n\t\t\t<div class='gallery-icon landscape'>\n\t\t\t\t<a href='https:\/\/www.arquimaster.com.ar\/web\/wp-content\/uploads\/2024\/12\/oficinas_doterra_4.jpg' title=\"Oficinas DoTerra Internacional \/ In Out Arquitectura (\u00a9 Ariadna Padilla)\" data-rl_title=\"Oficinas DoTerra Internacional \/ In Out Arquitectura (\u00a9 Ariadna Padilla)\" class=\"rl-gallery-link\" data-rl_caption=\"Oficinas DoTerra Internacional \/ In Out Arquitectura (\u00a9 Ariadna Padilla)\" data-rel=\"lightbox-gallery-1\"><img loading=\"lazy\" decoding=\"async\" width=\"150\" height=\"150\" src=\"https:\/\/www.arquimaster.com.ar\/web\/wp-content\/uploads\/2024\/12\/oficinas_doterra_4-150x150.jpg\" class=\"attachment-thumbnail size-thumbnail\" alt=\"Oficinas DoTerra Internacional \/ In Out Arquitectura\" aria-describedby=\"gallery-1-82900\" \/><\/a>\n\t\t\t<\/div>\n\t\t\t\t<figcaption class='wp-caption-text gallery-caption' id='gallery-1-82900'>\n\t\t\t\tOficinas DoTerra Internacional \/ In Out Arquitectura (\u00a9 Ariadna Padilla)\n\t\t\t\t<\/figcaption><\/figure><figure class='gallery-item'>\n\t\t\t<div class='gallery-icon landscape'>\n\t\t\t\t<a href='https:\/\/www.arquimaster.com.ar\/web\/wp-content\/uploads\/2024\/12\/oficinas_doterra_5.jpg' title=\"Oficinas DoTerra Internacional \/ In Out Arquitectura (\u00a9 Ariadna Padilla)\" data-rl_title=\"Oficinas DoTerra Internacional \/ In Out Arquitectura (\u00a9 Ariadna Padilla)\" class=\"rl-gallery-link\" data-rl_caption=\"Oficinas DoTerra Internacional \/ In Out Arquitectura (\u00a9 Ariadna Padilla)\" data-rel=\"lightbox-gallery-1\"><img loading=\"lazy\" decoding=\"async\" width=\"150\" height=\"150\" src=\"https:\/\/www.arquimaster.com.ar\/web\/wp-content\/uploads\/2024\/12\/oficinas_doterra_5-150x150.jpg\" class=\"attachment-thumbnail size-thumbnail\" alt=\"Oficinas DoTerra Internacional \/ In Out Arquitectura\" aria-describedby=\"gallery-1-82901\" \/><\/a>\n\t\t\t<\/div>\n\t\t\t\t<figcaption class='wp-caption-text gallery-caption' id='gallery-1-82901'>\n\t\t\t\tOficinas DoTerra Internacional \/ In Out Arquitectura (\u00a9 Ariadna Padilla)\n\t\t\t\t<\/figcaption><\/figure><figure class='gallery-item'>\n\t\t\t<div class='gallery-icon portrait'>\n\t\t\t\t<a href='https:\/\/www.arquimaster.com.ar\/web\/wp-content\/uploads\/2024\/12\/oficinas_doterra_6.jpg' title=\"Oficinas DoTerra Internacional \/ In Out Arquitectura (\u00a9 Ariadna Padilla)\" data-rl_title=\"Oficinas DoTerra Internacional \/ In Out Arquitectura (\u00a9 Ariadna Padilla)\" class=\"rl-gallery-link\" data-rl_caption=\"Oficinas DoTerra Internacional \/ In Out Arquitectura (\u00a9 Ariadna Padilla)\" data-rel=\"lightbox-gallery-1\"><img loading=\"lazy\" decoding=\"async\" width=\"150\" height=\"150\" src=\"https:\/\/www.arquimaster.com.ar\/web\/wp-content\/uploads\/2024\/12\/oficinas_doterra_6-150x150.jpg\" class=\"attachment-thumbnail size-thumbnail\" alt=\"Oficinas DoTerra Internacional \/ In Out Arquitectura\" aria-describedby=\"gallery-1-82902\" \/><\/a>\n\t\t\t<\/div>\n\t\t\t\t<figcaption class='wp-caption-text gallery-caption' id='gallery-1-82902'>\n\t\t\t\tOficinas DoTerra Internacional \/ In Out Arquitectura (\u00a9 Ariadna Padilla)\n\t\t\t\t<\/figcaption><\/figure><figure class='gallery-item'>\n\t\t\t<div class='gallery-icon portrait'>\n\t\t\t\t<a href='https:\/\/www.arquimaster.com.ar\/web\/wp-content\/uploads\/2024\/12\/oficinas_doterra_7.jpg' title=\"Oficinas DoTerra Internacional \/ In Out Arquitectura (\u00a9 Ariadna Padilla)\" data-rl_title=\"Oficinas DoTerra Internacional \/ In Out Arquitectura (\u00a9 Ariadna Padilla)\" class=\"rl-gallery-link\" data-rl_caption=\"Oficinas DoTerra Internacional \/ In Out Arquitectura (\u00a9 Ariadna Padilla)\" data-rel=\"lightbox-gallery-1\"><img loading=\"lazy\" decoding=\"async\" width=\"150\" height=\"150\" src=\"https:\/\/www.arquimaster.com.ar\/web\/wp-content\/uploads\/2024\/12\/oficinas_doterra_7-150x150.jpg\" class=\"attachment-thumbnail size-thumbnail\" alt=\"Oficinas DoTerra Internacional \/ In Out Arquitectura\" aria-describedby=\"gallery-1-82903\" \/><\/a>\n\t\t\t<\/div>\n\t\t\t\t<figcaption class='wp-caption-text gallery-caption' id='gallery-1-82903'>\n\t\t\t\tOficinas DoTerra Internacional \/ In Out Arquitectura (\u00a9 Ariadna Padilla)\n\t\t\t\t<\/figcaption><\/figure><figure class='gallery-item'>\n\t\t\t<div class='gallery-icon portrait'>\n\t\t\t\t<a href='https:\/\/www.arquimaster.com.ar\/web\/wp-content\/uploads\/2024\/12\/oficinas_doterra_8.jpg' title=\"Oficinas DoTerra Internacional \/ In Out Arquitectura (\u00a9 Ariadna Padilla)\" data-rl_title=\"Oficinas DoTerra Internacional \/ In Out Arquitectura (\u00a9 Ariadna Padilla)\" class=\"rl-gallery-link\" data-rl_caption=\"Oficinas DoTerra Internacional \/ In Out Arquitectura (\u00a9 Ariadna Padilla)\" data-rel=\"lightbox-gallery-1\"><img loading=\"lazy\" decoding=\"async\" width=\"150\" height=\"150\" src=\"https:\/\/www.arquimaster.com.ar\/web\/wp-content\/uploads\/2024\/12\/oficinas_doterra_8-150x150.jpg\" class=\"attachment-thumbnail size-thumbnail\" alt=\"Oficinas DoTerra Internacional \/ In Out Arquitectura\" aria-describedby=\"gallery-1-82904\" \/><\/a>\n\t\t\t<\/div>\n\t\t\t\t<figcaption class='wp-caption-text gallery-caption' id='gallery-1-82904'>\n\t\t\t\tOficinas DoTerra Internacional \/ In Out Arquitectura (\u00a9 Ariadna Padilla)\n\t\t\t\t<\/figcaption><\/figure><figure class='gallery-item'>\n\t\t\t<div class='gallery-icon portrait'>\n\t\t\t\t<a href='https:\/\/www.arquimaster.com.ar\/web\/wp-content\/uploads\/2024\/12\/oficinas_doterra_9.jpg' title=\"Oficinas DoTerra Internacional \/ In Out Arquitectura (\u00a9 Ariadna Padilla)\" data-rl_title=\"Oficinas DoTerra Internacional \/ In Out Arquitectura (\u00a9 Ariadna Padilla)\" class=\"rl-gallery-link\" data-rl_caption=\"Oficinas DoTerra Internacional \/ In Out Arquitectura (\u00a9 Ariadna Padilla)\" data-rel=\"lightbox-gallery-1\"><img loading=\"lazy\" decoding=\"async\" width=\"150\" height=\"150\" src=\"https:\/\/www.arquimaster.com.ar\/web\/wp-content\/uploads\/2024\/12\/oficinas_doterra_9-150x150.jpg\" class=\"attachment-thumbnail size-thumbnail\" alt=\"Oficinas DoTerra Internacional \/ In Out Arquitectura\" aria-describedby=\"gallery-1-82905\" \/><\/a>\n\t\t\t<\/div>\n\t\t\t\t<figcaption class='wp-caption-text gallery-caption' id='gallery-1-82905'>\n\t\t\t\tOficinas DoTerra Internacional \/ In Out Arquitectura (\u00a9 Ariadna Padilla)\n\t\t\t\t<\/figcaption><\/figure><figure class='gallery-item'>\n\t\t\t<div class='gallery-icon landscape'>\n\t\t\t\t<a href='https:\/\/www.arquimaster.com.ar\/web\/wp-content\/uploads\/2024\/12\/oficinas_doterra_10.jpg' title=\"Oficinas DoTerra Internacional \/ In Out Arquitectura (\u00a9 Ariadna Padilla)\" data-rl_title=\"Oficinas DoTerra Internacional \/ In Out Arquitectura (\u00a9 Ariadna Padilla)\" class=\"rl-gallery-link\" data-rl_caption=\"Oficinas DoTerra Internacional \/ In Out Arquitectura (\u00a9 Ariadna Padilla)\" data-rel=\"lightbox-gallery-1\"><img loading=\"lazy\" decoding=\"async\" width=\"150\" height=\"150\" src=\"https:\/\/www.arquimaster.com.ar\/web\/wp-content\/uploads\/2024\/12\/oficinas_doterra_10-150x150.jpg\" class=\"attachment-thumbnail size-thumbnail\" alt=\"Oficinas DoTerra Internacional \/ In Out Arquitectura\" aria-describedby=\"gallery-1-82906\" \/><\/a>\n\t\t\t<\/div>\n\t\t\t\t<figcaption class='wp-caption-text gallery-caption' id='gallery-1-82906'>\n\t\t\t\tOficinas DoTerra Internacional \/ In Out Arquitectura (\u00a9 Ariadna Padilla)\n\t\t\t\t<\/figcaption><\/figure><figure class='gallery-item'>\n\t\t\t<div class='gallery-icon portrait'>\n\t\t\t\t<a href='https:\/\/www.arquimaster.com.ar\/web\/wp-content\/uploads\/2024\/12\/oficinas_doterra_11.jpg' title=\"Oficinas DoTerra Internacional \/ In Out Arquitectura (\u00a9 Ariadna Padilla)\" data-rl_title=\"Oficinas DoTerra Internacional \/ In Out Arquitectura (\u00a9 Ariadna Padilla)\" class=\"rl-gallery-link\" data-rl_caption=\"Oficinas DoTerra Internacional \/ In Out Arquitectura (\u00a9 Ariadna Padilla)\" data-rel=\"lightbox-gallery-1\"><img loading=\"lazy\" decoding=\"async\" width=\"150\" height=\"150\" src=\"https:\/\/www.arquimaster.com.ar\/web\/wp-content\/uploads\/2024\/12\/oficinas_doterra_11-150x150.jpg\" class=\"attachment-thumbnail size-thumbnail\" alt=\"Oficinas DoTerra Internacional \/ In Out Arquitectura\" aria-describedby=\"gallery-1-82907\" \/><\/a>\n\t\t\t<\/div>\n\t\t\t\t<figcaption class='wp-caption-text gallery-caption' id='gallery-1-82907'>\n\t\t\t\tOficinas DoTerra Internacional \/ In Out Arquitectura (\u00a9 Ariadna Padilla)\n\t\t\t\t<\/figcaption><\/figure><figure class='gallery-item'>\n\t\t\t<div class='gallery-icon landscape'>\n\t\t\t\t<a href='https:\/\/www.arquimaster.com.ar\/web\/wp-content\/uploads\/2024\/12\/oficinas_doterra_12.jpg' title=\"Oficinas DoTerra Internacional \/ In Out Arquitectura (\u00a9 Ariadna Padilla)\" data-rl_title=\"Oficinas DoTerra Internacional \/ In Out Arquitectura (\u00a9 Ariadna Padilla)\" class=\"rl-gallery-link\" data-rl_caption=\"Oficinas DoTerra Internacional \/ In Out Arquitectura (\u00a9 Ariadna Padilla)\" data-rel=\"lightbox-gallery-1\"><img loading=\"lazy\" decoding=\"async\" width=\"150\" height=\"150\" src=\"https:\/\/www.arquimaster.com.ar\/web\/wp-content\/uploads\/2024\/12\/oficinas_doterra_12-150x150.jpg\" class=\"attachment-thumbnail size-thumbnail\" alt=\"Oficinas DoTerra Internacional \/ In Out Arquitectura\" aria-describedby=\"gallery-1-82908\" \/><\/a>\n\t\t\t<\/div>\n\t\t\t\t<figcaption class='wp-caption-text gallery-caption' id='gallery-1-82908'>\n\t\t\t\tOficinas DoTerra Internacional \/ In Out Arquitectura (\u00a9 Ariadna Padilla)\n\t\t\t\t<\/figcaption><\/figure><figure class='gallery-item'>\n\t\t\t<div class='gallery-icon portrait'>\n\t\t\t\t<a href='https:\/\/www.arquimaster.com.ar\/web\/wp-content\/uploads\/2024\/12\/oficinas_doterra_13.jpg' title=\"Oficinas DoTerra Internacional \/ In Out Arquitectura (\u00a9 Ariadna Padilla)\" data-rl_title=\"Oficinas DoTerra Internacional \/ In Out Arquitectura (\u00a9 Ariadna Padilla)\" class=\"rl-gallery-link\" data-rl_caption=\"Oficinas DoTerra Internacional \/ In Out Arquitectura (\u00a9 Ariadna Padilla)\" data-rel=\"lightbox-gallery-1\"><img loading=\"lazy\" decoding=\"async\" width=\"150\" height=\"150\" src=\"https:\/\/www.arquimaster.com.ar\/web\/wp-content\/uploads\/2024\/12\/oficinas_doterra_13-150x150.jpg\" class=\"attachment-thumbnail size-thumbnail\" alt=\"Oficinas DoTerra Internacional \/ In Out Arquitectura\" aria-describedby=\"gallery-1-82909\" \/><\/a>\n\t\t\t<\/div>\n\t\t\t\t<figcaption class='wp-caption-text gallery-caption' id='gallery-1-82909'>\n\t\t\t\tOficinas DoTerra Internacional \/ In Out Arquitectura (\u00a9 Ariadna Padilla)\n\t\t\t\t<\/figcaption><\/figure><figure class='gallery-item'>\n\t\t\t<div class='gallery-icon portrait'>\n\t\t\t\t<a href='https:\/\/www.arquimaster.com.ar\/web\/wp-content\/uploads\/2024\/12\/oficinas_doterra_14.jpg' title=\"Oficinas DoTerra Internacional \/ In Out Arquitectura (\u00a9 Ariadna Padilla)\" data-rl_title=\"Oficinas DoTerra Internacional \/ In Out Arquitectura (\u00a9 Ariadna Padilla)\" class=\"rl-gallery-link\" data-rl_caption=\"Oficinas DoTerra Internacional \/ In Out Arquitectura (\u00a9 Ariadna Padilla)\" data-rel=\"lightbox-gallery-1\"><img loading=\"lazy\" decoding=\"async\" width=\"150\" height=\"150\" src=\"https:\/\/www.arquimaster.com.ar\/web\/wp-content\/uploads\/2024\/12\/oficinas_doterra_14-150x150.jpg\" class=\"attachment-thumbnail size-thumbnail\" alt=\"Oficinas DoTerra Internacional \/ In Out Arquitectura\" aria-describedby=\"gallery-1-82910\" \/><\/a>\n\t\t\t<\/div>\n\t\t\t\t<figcaption class='wp-caption-text gallery-caption' id='gallery-1-82910'>\n\t\t\t\tOficinas DoTerra Internacional \/ In Out Arquitectura (\u00a9 Ariadna Padilla)\n\t\t\t\t<\/figcaption><\/figure><figure class='gallery-item'>\n\t\t\t<div class='gallery-icon portrait'>\n\t\t\t\t<a href='https:\/\/www.arquimaster.com.ar\/web\/wp-content\/uploads\/2024\/12\/oficinas_doterra_15.jpg' title=\"Oficinas DoTerra Internacional \/ In Out Arquitectura (\u00a9 Ariadna Padilla)\" data-rl_title=\"Oficinas DoTerra Internacional \/ In Out Arquitectura (\u00a9 Ariadna Padilla)\" class=\"rl-gallery-link\" data-rl_caption=\"Oficinas DoTerra Internacional \/ In Out Arquitectura (\u00a9 Ariadna Padilla)\" data-rel=\"lightbox-gallery-1\"><img loading=\"lazy\" decoding=\"async\" width=\"150\" height=\"150\" src=\"https:\/\/www.arquimaster.com.ar\/web\/wp-content\/uploads\/2024\/12\/oficinas_doterra_15-150x150.jpg\" class=\"attachment-thumbnail size-thumbnail\" alt=\"Oficinas DoTerra Internacional \/ In Out Arquitectura\" aria-describedby=\"gallery-1-82911\" \/><\/a>\n\t\t\t<\/div>\n\t\t\t\t<figcaption class='wp-caption-text gallery-caption' id='gallery-1-82911'>\n\t\t\t\tOficinas DoTerra Internacional \/ In Out Arquitectura (\u00a9 Ariadna Padilla)\n\t\t\t\t<\/figcaption><\/figure><figure class='gallery-item'>\n\t\t\t<div class='gallery-icon landscape'>\n\t\t\t\t<a href='https:\/\/www.arquimaster.com.ar\/web\/wp-content\/uploads\/2024\/12\/oficinas_doterra_16.jpg' title=\"Oficinas DoTerra Internacional \/ In Out Arquitectura (planta piso 1)\" data-rl_title=\"Oficinas DoTerra Internacional \/ In Out Arquitectura (planta piso 1)\" class=\"rl-gallery-link\" data-rl_caption=\"Oficinas DoTerra Internacional \/ In Out Arquitectura (planta piso 1)\" data-rel=\"lightbox-gallery-1\"><img loading=\"lazy\" decoding=\"async\" width=\"150\" height=\"150\" src=\"https:\/\/www.arquimaster.com.ar\/web\/wp-content\/uploads\/2024\/12\/oficinas_doterra_16-150x150.jpg\" class=\"attachment-thumbnail size-thumbnail\" alt=\"Oficinas DoTerra Internacional \/ In Out Arquitectura\" aria-describedby=\"gallery-1-82912\" \/><\/a>\n\t\t\t<\/div>\n\t\t\t\t<figcaption class='wp-caption-text gallery-caption' id='gallery-1-82912'>\n\t\t\t\tOficinas DoTerra Internacional \/ In Out Arquitectura (planta piso 1)\n\t\t\t\t<\/figcaption><\/figure><figure class='gallery-item'>\n\t\t\t<div class='gallery-icon landscape'>\n\t\t\t\t<a href='https:\/\/www.arquimaster.com.ar\/web\/wp-content\/uploads\/2024\/12\/oficinas_doterra_17.jpg' title=\"Oficinas DoTerra Internacional \/ In Out Arquitectura (planta piso 4)\" data-rl_title=\"Oficinas DoTerra Internacional \/ In Out Arquitectura (planta piso 4)\" class=\"rl-gallery-link\" data-rl_caption=\"Oficinas DoTerra Internacional \/ In Out Arquitectura (planta piso 4)\" data-rel=\"lightbox-gallery-1\"><img loading=\"lazy\" decoding=\"async\" width=\"150\" height=\"150\" src=\"https:\/\/www.arquimaster.com.ar\/web\/wp-content\/uploads\/2024\/12\/oficinas_doterra_17-150x150.jpg\" class=\"attachment-thumbnail size-thumbnail\" alt=\"Oficinas DoTerra Internacional \/ In Out Arquitectura\" aria-describedby=\"gallery-1-82913\" \/><\/a>\n\t\t\t<\/div>\n\t\t\t\t<figcaption class='wp-caption-text gallery-caption' id='gallery-1-82913'>\n\t\t\t\tOficinas DoTerra Internacional \/ In Out Arquitectura (planta piso 4)\n\t\t\t\t<\/figcaption><\/figure><figure class='gallery-item'>\n\t\t\t<div class='gallery-icon landscape'>\n\t\t\t\t<a href='https:\/\/www.arquimaster.com.ar\/web\/wp-content\/uploads\/2024\/12\/oficinas_doterra_18.jpg' title=\"Oficinas DoTerra Internacional \/ In Out Arquitectura (planta piso 11)\" data-rl_title=\"Oficinas DoTerra Internacional \/ In Out Arquitectura (planta piso 11)\" class=\"rl-gallery-link\" data-rl_caption=\"Oficinas DoTerra Internacional \/ In Out Arquitectura (planta piso 11)\" data-rel=\"lightbox-gallery-1\"><img loading=\"lazy\" decoding=\"async\" width=\"150\" height=\"150\" src=\"https:\/\/www.arquimaster.com.ar\/web\/wp-content\/uploads\/2024\/12\/oficinas_doterra_18-150x150.jpg\" class=\"attachment-thumbnail size-thumbnail\" alt=\"Oficinas DoTerra Internacional \/ In Out Arquitectura\" aria-describedby=\"gallery-1-82914\" \/><\/a>\n\t\t\t<\/div>\n\t\t\t\t<figcaption class='wp-caption-text gallery-caption' id='gallery-1-82914'>\n\t\t\t\tOficinas DoTerra Internacional \/ In Out Arquitectura (planta piso 11)\n\t\t\t\t<\/figcaption><\/figure>\n\t\t<\/div>\n\n<p>El r\u00e1pido crecimiento de la empresa exige de un mayor espacio de trabajo, actualmente el piso 11 alberga: administraci\u00f3n, direcci\u00f3n, ventas y atenci\u00f3n a clientes, el auge de la empresa en M\u00e9xico requiere dividir estas tres \u00e1reas en un nivel distinto para cada una siempre manteniendo el concepto original de su concepci\u00f3n en 2018, un espacio lo m\u00e1s amigable posible para los colaboradores.<\/p>\n<p>El \u00e1rea administrativa y directiva conserva su lugar en el Piso 11, un espacio privilegiado con una Terraza, se adicionan 5 gerencias y una sala de juntas, as\u00ed como 18 espacios de trabajo, una ampliaci\u00f3n de casi 300 m2 para este departamento, tambi\u00e9n se remodelan \u00e1rea de servicio.<\/p>\n<p>Atenci\u00f3n a clientes ocupar\u00e1 el piso 2, este nuevo nivel cuenta con un \u00e1rea de 902 m2 y una de las premisas del dise\u00f1o es convivir con una segunda empresa en este nivel, se utiliza la fachada principal para ubicar 6 gerencias un \u00e1rea operativa abierta para 110 personas.<\/p>\n<p>El departamento de ventas se instalar\u00e1 en el piso 1, el cual cuenta con un \u00e1rea de 1021 m2 dise\u00f1ados bajo el concepto de los niveles superiores, el nivel se divide en dos \u00e1reas, ventas al p\u00fablico y en l\u00ednea y personal administrativo, con capacidad de 7 gerencias y 51 agentes de venta.<\/p>\n<p>Todos los pisos mantienen una armon\u00eda y similitud en los sistemas constructivos y acabados, desde muros y plafones de panel de yeso, pisos de porcelanato imitaci\u00f3n madera, iluminaci\u00f3n directa por medio de l\u00e1mparas LED e iluminaci\u00f3n indirecta en cajillos con iluminaci\u00f3n LED c\u00e1lida. Juegos de materiales en plafones y canceler\u00edas de cristal templado de 9 mm con perfiles en color negro.<\/p>\n\n\n<div style=\"height:20px\" aria-hidden=\"true\" class=\"wp-block-spacer\"><\/div>\n\n\n\n<p class=\"has-background\" style=\"background-color:#eaeaea\"><strong>Ficha t\u00e9cnica<\/strong><br>Nombre: Corporativas DoTerra Internacional<br>Ubicaci\u00f3n: Ciudad de M\u00e9xico, M\u00e9xico<br>Despacho: In Out Arquitectura<br>Autores: Isaac Figueroa Romero<br>Tipo de proyecto: Interiorismo corporativo<br>Superficie: 3000 m2<br>A\u00f1o finalizaci\u00f3n: 2023<br>Fotograf\u00edas: Ariadna Padilla @ariadnapadillav<br>Sitio web: http:\/\/www.inout-arquitectura.mx<br>Instagram: @inoutarquitectura<br>Facebook: in-out arquitectura<\/p>\n\n\n\n<div style=\"height:40px\" aria-hidden=\"true\" class=\"wp-block-spacer\"><\/div>\n\n\n<p><strong><em>English version<\/em><\/strong><\/p>\n<p><strong><em>Corporate Offices DoTerra International<\/em><\/strong><\/p>\n<p><em>With the intention of remodeling and expanding the headquarters offices in Mexico City, the company DoTerra Internacional requests the executive project and work of its new offices located in Insurgentes Sur 810 Corporativo. The existing offices are located on the 11th Floor with an Open Office Concept and have an area of 674 m2.<\/em><\/p>\n<p><em>The rapid growth of the company demands a larger workspace, currently the 11th floor houses: Administration, Management, sales and customer service, the rise of the company in Mexico requires dividing these three areas on a different level for each one always maintaining the original concept of its conception in 2018, a space as friendly as possible for employees.<\/em><\/p>\n<p><em>The administrative and managerial area retains its place on the 11th floor, a privileged space with a terrace, 5 management rooms and a meeting room are added, as well as 18 work spaces, an extension of almost 300m2 for this department, and a service area is also remodeled.<\/em><\/p>\n<p><em>Customer service will occupy the 2nd floor, this new level has an area of 902 m2 and one of the premises of the design is to coexist with a second company on this level, the main fa\u00e7ade is used to locate 6 managements an operational area open for 110 people.<\/em><\/p>\n<p><em>The sales department will be installed on floor 1, which has an area of 1021m2 designed under the concept of the upper levels, the level is divided into two areas, retail and online sales and administrative staff, with capacity for 7 managers and 51 sales agents.<\/em><\/p>\n<p><em>All floors maintain harmony and similarity in the construction systems and finishes, from plasterboard walls and ceilings, imitation wood porcelain floors, direct lighting by means of LED lamps and direct lighting in drawers with warm LED lighting. Sets of materials in 9mm tempered glass ceiling lights and doors with black profiles.<\/em><\/p>\n<div style=\"font-size: 0px; height: 0px; line-height: 0px; margin: 0; padding: 0; clear: both;\"><\/div><div style=\"margin-top: 0px; margin-bottom: 0px;\" class=\"sharethis-inline-share-buttons\" ><\/div>","protected":false},"excerpt":{"rendered":"<p>El r\u00e1pido crecimiento de la empresa exigi\u00f3 de mayor espacio de trabajo bajo el concepto de open office&#8230;<\/p>\n","protected":false},"author":1,"featured_media":82896,"comment_status":"closed","ping_status":"closed","sticky":false,"template":"","format":"standard","meta":{"_uag_custom_page_level_css":"","footnotes":""},"categories":[76,1],"tags":[1362,250,7992,8106,8109,8107,8108,24,255,1292],"class_list":["post-82895","post","type-post","status-publish","format-standard","has-post-thumbnail","hentry","category-arquitectura-corporativa","category-proyecto","tag-arquitectura-corporativa-2","tag-ciudad-de-mexico","tag-corporativo","tag-doterra","tag-doterra-internacional","tag-in-out-arquitectura","tag-isaac-figueroa-romero","tag-mexico","tag-oficinas","tag-workplaces","generate-columns","tablet-grid-50","mobile-grid-100","grid-parent","grid-50"],"yoast_head":"<!-- This site is optimized with the Yoast SEO plugin v27.3 - https:\/\/yoast.com\/product\/yoast-seo-wordpress\/ -->\n<title>Oficinas DoTerra Internacional \/ In Out Arquitectura - Arquimaster<\/title>\n<meta name=\"description\" content=\"El r\u00e1pido crecimiento de la empresa exige de un mayor espacio de trabajo dise\u00f1ado bajo el concepto de open office.\" \/>\n<meta name=\"robots\" content=\"index, follow, max-snippet:-1, max-image-preview:large, max-video-preview:-1\" \/>\n<link rel=\"canonical\" href=\"https:\/\/www.arquimaster.com.ar\/web\/oficinas-doterra-internacional-in-out-arquitectura\/\" \/>\n<meta property=\"og:locale\" content=\"es_ES\" \/>\n<meta property=\"og:type\" content=\"article\" \/>\n<meta property=\"og:title\" content=\"Oficinas DoTerra Internacional \/ In Out Arquitectura\" \/>\n<meta property=\"og:description\" content=\"El r\u00e1pido crecimiento de la empresa exige de un mayor espacio de trabajo dise\u00f1ado bajo el concepto de open office.\" \/>\n<meta property=\"og:url\" content=\"https:\/\/www.arquimaster.com.ar\/web\/oficinas-doterra-internacional-in-out-arquitectura\/\" \/>\n<meta property=\"og:site_name\" content=\"Arquimaster\" \/>\n<meta property=\"article:publisher\" content=\"http:\/\/www.facebook.com\/ARQUIMASTER.com.ar\" \/>\n<meta property=\"article:published_time\" content=\"2024-12-04T21:35:15+00:00\" \/>\n<meta property=\"article:modified_time\" content=\"2025-07-23T22:33:12+00:00\" \/>\n<meta property=\"og:image\" content=\"https:\/\/www.arquimaster.com.ar\/web\/wp-content\/uploads\/2024\/12\/oficinas_doterra_slide.jpg\" \/>\n\t<meta property=\"og:image:width\" content=\"698\" \/>\n\t<meta property=\"og:image:height\" content=\"364\" \/>\n\t<meta property=\"og:image:type\" content=\"image\/jpeg\" \/>\n<meta name=\"author\" content=\"Arquimaster\" \/>\n<meta name=\"twitter:card\" content=\"summary_large_image\" \/>\n<meta name=\"twitter:title\" content=\"Oficinas DoTerra Internacional \/ In Out Arquitectura\" \/>\n<meta name=\"twitter:description\" content=\"El r\u00e1pido crecimiento de la empresa exige de un mayor espacio de trabajo dise\u00f1ado bajo el concepto de open office.\" \/>\n<meta name=\"twitter:image\" content=\"https:\/\/www.arquimaster.com.ar\/web\/wp-content\/uploads\/2024\/12\/oficinas_doterra_slide.jpg\" \/>\n<meta name=\"twitter:creator\" content=\"@arquimaster\" \/>\n<meta name=\"twitter:site\" content=\"@arquimaster\" \/>\n<meta name=\"twitter:label1\" content=\"Escrito por\" \/>\n\t<meta name=\"twitter:data1\" content=\"Arquimaster\" \/>\n\t<meta name=\"twitter:label2\" content=\"Tiempo de lectura\" \/>\n\t<meta name=\"twitter:data2\" content=\"4 minutos\" \/>\n<script type=\"application\/ld+json\" class=\"yoast-schema-graph\">{\"@context\":\"https:\\\/\\\/schema.org\",\"@graph\":[{\"@type\":\"Article\",\"@id\":\"https:\\\/\\\/www.arquimaster.com.ar\\\/web\\\/oficinas-doterra-internacional-in-out-arquitectura\\\/#article\",\"isPartOf\":{\"@id\":\"https:\\\/\\\/www.arquimaster.com.ar\\\/web\\\/oficinas-doterra-internacional-in-out-arquitectura\\\/\"},\"author\":{\"name\":\"Arquimaster\",\"@id\":\"https:\\\/\\\/www.arquimaster.com.ar\\\/web\\\/#\\\/schema\\\/person\\\/359e9f7c00193fcde068e0dd2ceb0028\"},\"headline\":\"Oficinas DoTerra Internacional \\\/ In Out Arquitectura\",\"datePublished\":\"2024-12-04T21:35:15+00:00\",\"dateModified\":\"2025-07-23T22:33:12+00:00\",\"mainEntityOfPage\":{\"@id\":\"https:\\\/\\\/www.arquimaster.com.ar\\\/web\\\/oficinas-doterra-internacional-in-out-arquitectura\\\/\"},\"wordCount\":705,\"publisher\":{\"@id\":\"https:\\\/\\\/www.arquimaster.com.ar\\\/web\\\/#organization\"},\"image\":{\"@id\":\"https:\\\/\\\/www.arquimaster.com.ar\\\/web\\\/oficinas-doterra-internacional-in-out-arquitectura\\\/#primaryimage\"},\"thumbnailUrl\":\"https:\\\/\\\/www.arquimaster.com.ar\\\/web\\\/wp-content\\\/uploads\\\/2024\\\/12\\\/oficinas_doterra_slide.jpg\",\"keywords\":[\"arquitectura corporativa\",\"Ciudad de Mexico\",\"corporativo\",\"DoTerra\",\"DoTerra Internacional\",\"In Out Arquitectura\",\"Isaac Figueroa Romero\",\"Mexico\",\"oficinas\",\"workplaces\"],\"articleSection\":[\"Arquitectura corporativa\",\"Proyecto\"],\"inLanguage\":\"es\"},{\"@type\":\"WebPage\",\"@id\":\"https:\\\/\\\/www.arquimaster.com.ar\\\/web\\\/oficinas-doterra-internacional-in-out-arquitectura\\\/\",\"url\":\"https:\\\/\\\/www.arquimaster.com.ar\\\/web\\\/oficinas-doterra-internacional-in-out-arquitectura\\\/\",\"name\":\"Oficinas DoTerra Internacional \\\/ In Out Arquitectura - Arquimaster\",\"isPartOf\":{\"@id\":\"https:\\\/\\\/www.arquimaster.com.ar\\\/web\\\/#website\"},\"primaryImageOfPage\":{\"@id\":\"https:\\\/\\\/www.arquimaster.com.ar\\\/web\\\/oficinas-doterra-internacional-in-out-arquitectura\\\/#primaryimage\"},\"image\":{\"@id\":\"https:\\\/\\\/www.arquimaster.com.ar\\\/web\\\/oficinas-doterra-internacional-in-out-arquitectura\\\/#primaryimage\"},\"thumbnailUrl\":\"https:\\\/\\\/www.arquimaster.com.ar\\\/web\\\/wp-content\\\/uploads\\\/2024\\\/12\\\/oficinas_doterra_slide.jpg\",\"datePublished\":\"2024-12-04T21:35:15+00:00\",\"dateModified\":\"2025-07-23T22:33:12+00:00\",\"description\":\"El r\u00e1pido crecimiento de la empresa exige de un mayor espacio de trabajo dise\u00f1ado bajo el concepto de open office.\",\"breadcrumb\":{\"@id\":\"https:\\\/\\\/www.arquimaster.com.ar\\\/web\\\/oficinas-doterra-internacional-in-out-arquitectura\\\/#breadcrumb\"},\"inLanguage\":\"es\",\"potentialAction\":[{\"@type\":\"ReadAction\",\"target\":[\"https:\\\/\\\/www.arquimaster.com.ar\\\/web\\\/oficinas-doterra-internacional-in-out-arquitectura\\\/\"]}]},{\"@type\":\"ImageObject\",\"inLanguage\":\"es\",\"@id\":\"https:\\\/\\\/www.arquimaster.com.ar\\\/web\\\/oficinas-doterra-internacional-in-out-arquitectura\\\/#primaryimage\",\"url\":\"https:\\\/\\\/www.arquimaster.com.ar\\\/web\\\/wp-content\\\/uploads\\\/2024\\\/12\\\/oficinas_doterra_slide.jpg\",\"contentUrl\":\"https:\\\/\\\/www.arquimaster.com.ar\\\/web\\\/wp-content\\\/uploads\\\/2024\\\/12\\\/oficinas_doterra_slide.jpg\",\"width\":698,\"height\":364,\"caption\":\"Oficinas DoTerra Internacional \\\/ In Out Arquitectura\"},{\"@type\":\"BreadcrumbList\",\"@id\":\"https:\\\/\\\/www.arquimaster.com.ar\\\/web\\\/oficinas-doterra-internacional-in-out-arquitectura\\\/#breadcrumb\",\"itemListElement\":[{\"@type\":\"ListItem\",\"position\":1,\"name\":\"Portada\",\"item\":\"https:\\\/\\\/www.arquimaster.com.ar\\\/web\\\/\"},{\"@type\":\"ListItem\",\"position\":2,\"name\":\"Oficinas DoTerra Internacional \\\/ In Out Arquitectura\"}]},{\"@type\":\"WebSite\",\"@id\":\"https:\\\/\\\/www.arquimaster.com.ar\\\/web\\\/#website\",\"url\":\"https:\\\/\\\/www.arquimaster.com.ar\\\/web\\\/\",\"name\":\"Arquimaster\",\"description\":\"Web de arquitectura, dise\u00f1o y construccion\",\"publisher\":{\"@id\":\"https:\\\/\\\/www.arquimaster.com.ar\\\/web\\\/#organization\"},\"potentialAction\":[{\"@type\":\"SearchAction\",\"target\":{\"@type\":\"EntryPoint\",\"urlTemplate\":\"https:\\\/\\\/www.arquimaster.com.ar\\\/web\\\/?s={search_term_string}\"},\"query-input\":{\"@type\":\"PropertyValueSpecification\",\"valueRequired\":true,\"valueName\":\"search_term_string\"}}],\"inLanguage\":\"es\"},{\"@type\":\"Organization\",\"@id\":\"https:\\\/\\\/www.arquimaster.com.ar\\\/web\\\/#organization\",\"name\":\"Arquimaster\",\"url\":\"https:\\\/\\\/www.arquimaster.com.ar\\\/web\\\/\",\"logo\":{\"@type\":\"ImageObject\",\"inLanguage\":\"es\",\"@id\":\"https:\\\/\\\/www.arquimaster.com.ar\\\/web\\\/#\\\/schema\\\/logo\\\/image\\\/\",\"url\":\"https:\\\/\\\/www.arquimaster.com.ar\\\/web\\\/wp-content\\\/uploads\\\/2022\\\/06\\\/arquimaster.png\",\"contentUrl\":\"https:\\\/\\\/www.arquimaster.com.ar\\\/web\\\/wp-content\\\/uploads\\\/2022\\\/06\\\/arquimaster.png\",\"width\":594,\"height\":78,\"caption\":\"Arquimaster\"},\"image\":{\"@id\":\"https:\\\/\\\/www.arquimaster.com.ar\\\/web\\\/#\\\/schema\\\/logo\\\/image\\\/\"},\"sameAs\":[\"http:\\\/\\\/www.facebook.com\\\/ARQUIMASTER.com.ar\",\"https:\\\/\\\/x.com\\\/arquimaster\",\"https:\\\/\\\/www.instagram.com\\\/arquimasterblog\\\/\",\"https:\\\/\\\/www.linkedin.com\\\/company\\\/arquimaster\",\"https:\\\/\\\/www.pinterest.com\\\/arquimaster\",\"https:\\\/\\\/t.me\\\/arquimaster\"]},{\"@type\":\"Person\",\"@id\":\"https:\\\/\\\/www.arquimaster.com.ar\\\/web\\\/#\\\/schema\\\/person\\\/359e9f7c00193fcde068e0dd2ceb0028\",\"name\":\"Arquimaster\"}]}<\/script>\n<!-- \/ Yoast SEO plugin. -->","yoast_head_json":{"title":"Oficinas DoTerra Internacional \/ In Out Arquitectura - Arquimaster","description":"El r\u00e1pido crecimiento de la empresa exige de un mayor espacio de trabajo dise\u00f1ado bajo el concepto de open office.","robots":{"index":"index","follow":"follow","max-snippet":"max-snippet:-1","max-image-preview":"max-image-preview:large","max-video-preview":"max-video-preview:-1"},"canonical":"https:\/\/www.arquimaster.com.ar\/web\/oficinas-doterra-internacional-in-out-arquitectura\/","og_locale":"es_ES","og_type":"article","og_title":"Oficinas DoTerra Internacional \/ In Out Arquitectura","og_description":"El r\u00e1pido crecimiento de la empresa exige de un mayor espacio de trabajo dise\u00f1ado bajo el concepto de open office.","og_url":"https:\/\/www.arquimaster.com.ar\/web\/oficinas-doterra-internacional-in-out-arquitectura\/","og_site_name":"Arquimaster","article_publisher":"http:\/\/www.facebook.com\/ARQUIMASTER.com.ar","article_published_time":"2024-12-04T21:35:15+00:00","article_modified_time":"2025-07-23T22:33:12+00:00","og_image":[{"width":698,"height":364,"url":"https:\/\/www.arquimaster.com.ar\/web\/wp-content\/uploads\/2024\/12\/oficinas_doterra_slide.jpg","type":"image\/jpeg"}],"author":"Arquimaster","twitter_card":"summary_large_image","twitter_title":"Oficinas DoTerra Internacional \/ In Out Arquitectura","twitter_description":"El r\u00e1pido crecimiento de la empresa exige de un mayor espacio de trabajo dise\u00f1ado bajo el concepto de open office.","twitter_image":"https:\/\/www.arquimaster.com.ar\/web\/wp-content\/uploads\/2024\/12\/oficinas_doterra_slide.jpg","twitter_creator":"@arquimaster","twitter_site":"@arquimaster","twitter_misc":{"Escrito por":"Arquimaster","Tiempo de lectura":"4 minutos"},"schema":{"@context":"https:\/\/schema.org","@graph":[{"@type":"Article","@id":"https:\/\/www.arquimaster.com.ar\/web\/oficinas-doterra-internacional-in-out-arquitectura\/#article","isPartOf":{"@id":"https:\/\/www.arquimaster.com.ar\/web\/oficinas-doterra-internacional-in-out-arquitectura\/"},"author":{"name":"Arquimaster","@id":"https:\/\/www.arquimaster.com.ar\/web\/#\/schema\/person\/359e9f7c00193fcde068e0dd2ceb0028"},"headline":"Oficinas DoTerra Internacional \/ In Out Arquitectura","datePublished":"2024-12-04T21:35:15+00:00","dateModified":"2025-07-23T22:33:12+00:00","mainEntityOfPage":{"@id":"https:\/\/www.arquimaster.com.ar\/web\/oficinas-doterra-internacional-in-out-arquitectura\/"},"wordCount":705,"publisher":{"@id":"https:\/\/www.arquimaster.com.ar\/web\/#organization"},"image":{"@id":"https:\/\/www.arquimaster.com.ar\/web\/oficinas-doterra-internacional-in-out-arquitectura\/#primaryimage"},"thumbnailUrl":"https:\/\/www.arquimaster.com.ar\/web\/wp-content\/uploads\/2024\/12\/oficinas_doterra_slide.jpg","keywords":["arquitectura corporativa","Ciudad de Mexico","corporativo","DoTerra","DoTerra Internacional","In Out Arquitectura","Isaac Figueroa Romero","Mexico","oficinas","workplaces"],"articleSection":["Arquitectura corporativa","Proyecto"],"inLanguage":"es"},{"@type":"WebPage","@id":"https:\/\/www.arquimaster.com.ar\/web\/oficinas-doterra-internacional-in-out-arquitectura\/","url":"https:\/\/www.arquimaster.com.ar\/web\/oficinas-doterra-internacional-in-out-arquitectura\/","name":"Oficinas DoTerra Internacional \/ In Out Arquitectura - Arquimaster","isPartOf":{"@id":"https:\/\/www.arquimaster.com.ar\/web\/#website"},"primaryImageOfPage":{"@id":"https:\/\/www.arquimaster.com.ar\/web\/oficinas-doterra-internacional-in-out-arquitectura\/#primaryimage"},"image":{"@id":"https:\/\/www.arquimaster.com.ar\/web\/oficinas-doterra-internacional-in-out-arquitectura\/#primaryimage"},"thumbnailUrl":"https:\/\/www.arquimaster.com.ar\/web\/wp-content\/uploads\/2024\/12\/oficinas_doterra_slide.jpg","datePublished":"2024-12-04T21:35:15+00:00","dateModified":"2025-07-23T22:33:12+00:00","description":"El r\u00e1pido crecimiento de la empresa exige de un mayor espacio de trabajo dise\u00f1ado bajo el concepto de open office.","breadcrumb":{"@id":"https:\/\/www.arquimaster.com.ar\/web\/oficinas-doterra-internacional-in-out-arquitectura\/#breadcrumb"},"inLanguage":"es","potentialAction":[{"@type":"ReadAction","target":["https:\/\/www.arquimaster.com.ar\/web\/oficinas-doterra-internacional-in-out-arquitectura\/"]}]},{"@type":"ImageObject","inLanguage":"es","@id":"https:\/\/www.arquimaster.com.ar\/web\/oficinas-doterra-internacional-in-out-arquitectura\/#primaryimage","url":"https:\/\/www.arquimaster.com.ar\/web\/wp-content\/uploads\/2024\/12\/oficinas_doterra_slide.jpg","contentUrl":"https:\/\/www.arquimaster.com.ar\/web\/wp-content\/uploads\/2024\/12\/oficinas_doterra_slide.jpg","width":698,"height":364,"caption":"Oficinas DoTerra Internacional \/ In Out Arquitectura"},{"@type":"BreadcrumbList","@id":"https:\/\/www.arquimaster.com.ar\/web\/oficinas-doterra-internacional-in-out-arquitectura\/#breadcrumb","itemListElement":[{"@type":"ListItem","position":1,"name":"Portada","item":"https:\/\/www.arquimaster.com.ar\/web\/"},{"@type":"ListItem","position":2,"name":"Oficinas DoTerra Internacional \/ In Out Arquitectura"}]},{"@type":"WebSite","@id":"https:\/\/www.arquimaster.com.ar\/web\/#website","url":"https:\/\/www.arquimaster.com.ar\/web\/","name":"Arquimaster","description":"Web de arquitectura, dise\u00f1o y construccion","publisher":{"@id":"https:\/\/www.arquimaster.com.ar\/web\/#organization"},"potentialAction":[{"@type":"SearchAction","target":{"@type":"EntryPoint","urlTemplate":"https:\/\/www.arquimaster.com.ar\/web\/?s={search_term_string}"},"query-input":{"@type":"PropertyValueSpecification","valueRequired":true,"valueName":"search_term_string"}}],"inLanguage":"es"},{"@type":"Organization","@id":"https:\/\/www.arquimaster.com.ar\/web\/#organization","name":"Arquimaster","url":"https:\/\/www.arquimaster.com.ar\/web\/","logo":{"@type":"ImageObject","inLanguage":"es","@id":"https:\/\/www.arquimaster.com.ar\/web\/#\/schema\/logo\/image\/","url":"https:\/\/www.arquimaster.com.ar\/web\/wp-content\/uploads\/2022\/06\/arquimaster.png","contentUrl":"https:\/\/www.arquimaster.com.ar\/web\/wp-content\/uploads\/2022\/06\/arquimaster.png","width":594,"height":78,"caption":"Arquimaster"},"image":{"@id":"https:\/\/www.arquimaster.com.ar\/web\/#\/schema\/logo\/image\/"},"sameAs":["http:\/\/www.facebook.com\/ARQUIMASTER.com.ar","https:\/\/x.com\/arquimaster","https:\/\/www.instagram.com\/arquimasterblog\/","https:\/\/www.linkedin.com\/company\/arquimaster","https:\/\/www.pinterest.com\/arquimaster","https:\/\/t.me\/arquimaster"]},{"@type":"Person","@id":"https:\/\/www.arquimaster.com.ar\/web\/#\/schema\/person\/359e9f7c00193fcde068e0dd2ceb0028","name":"Arquimaster"}]}},"uagb_featured_image_src":{"full":["https:\/\/www.arquimaster.com.ar\/web\/wp-content\/uploads\/2024\/12\/oficinas_doterra_slide.jpg",698,364,false],"thumbnail":["https:\/\/www.arquimaster.com.ar\/web\/wp-content\/uploads\/2024\/12\/oficinas_doterra_slide-150x150.jpg",150,150,true],"medium":["https:\/\/www.arquimaster.com.ar\/web\/wp-content\/uploads\/2024\/12\/oficinas_doterra_slide.jpg",698,364,false],"medium_large":["https:\/\/www.arquimaster.com.ar\/web\/wp-content\/uploads\/2024\/12\/oficinas_doterra_slide.jpg",698,364,false],"large":["https:\/\/www.arquimaster.com.ar\/web\/wp-content\/uploads\/2024\/12\/oficinas_doterra_slide.jpg",698,364,false],"1536x1536":["https:\/\/www.arquimaster.com.ar\/web\/wp-content\/uploads\/2024\/12\/oficinas_doterra_slide.jpg",698,364,false],"2048x2048":["https:\/\/www.arquimaster.com.ar\/web\/wp-content\/uploads\/2024\/12\/oficinas_doterra_slide.jpg",698,364,false]},"uagb_author_info":{"display_name":"Arquimaster","author_link":"https:\/\/www.arquimaster.com.ar\/web\/author\/arquimaster\/"},"uagb_comment_info":0,"uagb_excerpt":"El r\u00e1pido crecimiento de la empresa exigi\u00f3 de mayor espacio de trabajo bajo el concepto de open office...","_links":{"self":[{"href":"https:\/\/www.arquimaster.com.ar\/web\/wp-json\/wp\/v2\/posts\/82895","targetHints":{"allow":["GET"]}}],"collection":[{"href":"https:\/\/www.arquimaster.com.ar\/web\/wp-json\/wp\/v2\/posts"}],"about":[{"href":"https:\/\/www.arquimaster.com.ar\/web\/wp-json\/wp\/v2\/types\/post"}],"author":[{"embeddable":true,"href":"https:\/\/www.arquimaster.com.ar\/web\/wp-json\/wp\/v2\/users\/1"}],"replies":[{"embeddable":true,"href":"https:\/\/www.arquimaster.com.ar\/web\/wp-json\/wp\/v2\/comments?post=82895"}],"version-history":[{"count":5,"href":"https:\/\/www.arquimaster.com.ar\/web\/wp-json\/wp\/v2\/posts\/82895\/revisions"}],"predecessor-version":[{"id":85061,"href":"https:\/\/www.arquimaster.com.ar\/web\/wp-json\/wp\/v2\/posts\/82895\/revisions\/85061"}],"wp:featuredmedia":[{"embeddable":true,"href":"https:\/\/www.arquimaster.com.ar\/web\/wp-json\/wp\/v2\/media\/82896"}],"wp:attachment":[{"href":"https:\/\/www.arquimaster.com.ar\/web\/wp-json\/wp\/v2\/media?parent=82895"}],"wp:term":[{"taxonomy":"category","embeddable":true,"href":"https:\/\/www.arquimaster.com.ar\/web\/wp-json\/wp\/v2\/categories?post=82895"},{"taxonomy":"post_tag","embeddable":true,"href":"https:\/\/www.arquimaster.com.ar\/web\/wp-json\/wp\/v2\/tags?post=82895"}],"curies":[{"name":"wp","href":"https:\/\/api.w.org\/{rel}","templated":true}]}}