{"id":83017,"date":"2024-12-04T18:36:53","date_gmt":"2024-12-04T21:36:53","guid":{"rendered":"https:\/\/www.arquimaster.com.ar\/web\/?p=83017"},"modified":"2025-07-23T19:33:03","modified_gmt":"2025-07-23T22:33:03","slug":"edificio-de-viviendas-cami-55-arc-arquitectes","status":"publish","type":"post","link":"https:\/\/www.arquimaster.com.ar\/web\/edificio-de-viviendas-cami-55-arc-arquitectes\/","title":{"rendered":"Edificio de viviendas Cami 55 \/ ARC arquitectes"},"content":{"rendered":"<div style=\"margin-top: 0px; margin-bottom: 0px;\" class=\"sharethis-inline-share-buttons\" ><\/div><div class=\"b812932af2e751442846f039925109de\" data-index=\"1\" style=\"float: none; margin:25px 0 25px 0; text-align:center;\">\n<script async src=\"https:\/\/pagead2.googlesyndication.com\/pagead\/js\/adsbygoogle.js\"><\/script>\r\n<!-- Arquimaster (superior) -->\r\n<ins class=\"adsbygoogle\"\r\n     style=\"display:block\"\r\n     data-ad-client=\"ca-pub-6351072698456832\"\r\n     data-ad-slot=\"6455489680\"\r\n     data-ad-format=\"auto\"\r\n     data-full-width-responsive=\"true\"><\/ins>\r\n<script>\r\n     (adsbygoogle = window.adsbygoogle || []).push({});\r\n<\/script>\n<\/div>\n<p><strong>Edificio de viviendas Cami 55<\/strong> (Alcoy, Alicante, Espa\u00f1a) por <strong>ARC arquitectes<\/strong>. Se trata de un edificio entre medianeras dividido en cuatro alturas, la planta baja y tres superiores, que actualmente se encuentran di\u00e1fanas. Todas las alturas est\u00e1n conectadas por una escalera de comunicaci\u00f3n vertical.<\/p>\n<div id='gallery-1' class='gallery galleryid-83017 gallery-columns-3 gallery-size-thumbnail'><figure class='gallery-item'>\n\t\t\t<div class='gallery-icon landscape'>\n\t\t\t\t<a href='https:\/\/www.arquimaster.com.ar\/web\/wp-content\/uploads\/2024\/12\/edificio_cami_1.jpg' title=\"Edificio de viviendas Cami 55 \/ ARC arquitectes (\u00a9 Toni Miranda)\" data-rl_title=\"Edificio de viviendas Cami 55 \/ ARC arquitectes (\u00a9 Toni Miranda)\" class=\"rl-gallery-link\" data-rl_caption=\"Edificio de viviendas Cami 55 \/ ARC arquitectes (\u00a9 Toni Miranda)\" data-rel=\"lightbox-gallery-1\"><img loading=\"lazy\" decoding=\"async\" width=\"150\" height=\"150\" src=\"https:\/\/www.arquimaster.com.ar\/web\/wp-content\/uploads\/2024\/12\/edificio_cami_1-150x150.jpg\" class=\"attachment-thumbnail size-thumbnail\" alt=\"Edificio de viviendas Cami 55 \/ ARC arquitectes\" aria-describedby=\"gallery-1-83019\" \/><\/a>\n\t\t\t<\/div>\n\t\t\t\t<figcaption class='wp-caption-text gallery-caption' id='gallery-1-83019'>\n\t\t\t\tEdificio de viviendas Cami 55 \/ ARC arquitectes (\u00a9 Toni Miranda)\n\t\t\t\t<\/figcaption><\/figure><figure class='gallery-item'>\n\t\t\t<div class='gallery-icon portrait'>\n\t\t\t\t<a href='https:\/\/www.arquimaster.com.ar\/web\/wp-content\/uploads\/2024\/12\/edificio_cami_2.jpg' title=\"Edificio de viviendas Cami 55 \/ ARC arquitectes (\u00a9 Toni Miranda)\" data-rl_title=\"Edificio de viviendas Cami 55 \/ ARC arquitectes (\u00a9 Toni Miranda)\" class=\"rl-gallery-link\" data-rl_caption=\"Edificio de viviendas Cami 55 \/ ARC arquitectes (\u00a9 Toni Miranda)\" data-rel=\"lightbox-gallery-1\"><img loading=\"lazy\" decoding=\"async\" width=\"150\" height=\"150\" src=\"https:\/\/www.arquimaster.com.ar\/web\/wp-content\/uploads\/2024\/12\/edificio_cami_2-150x150.jpg\" class=\"attachment-thumbnail size-thumbnail\" alt=\"Edificio de viviendas Cami 55 \/ ARC arquitectes\" aria-describedby=\"gallery-1-83020\" \/><\/a>\n\t\t\t<\/div>\n\t\t\t\t<figcaption class='wp-caption-text gallery-caption' id='gallery-1-83020'>\n\t\t\t\tEdificio de viviendas Cami 55 \/ ARC arquitectes (\u00a9 Toni Miranda)\n\t\t\t\t<\/figcaption><\/figure><figure class='gallery-item'>\n\t\t\t<div class='gallery-icon landscape'>\n\t\t\t\t<a href='https:\/\/www.arquimaster.com.ar\/web\/wp-content\/uploads\/2024\/12\/edificio_cami_3.jpg' title=\"Edificio de viviendas Cami 55 \/ ARC arquitectes (\u00a9 Toni Miranda)\" data-rl_title=\"Edificio de viviendas Cami 55 \/ ARC arquitectes (\u00a9 Toni Miranda)\" class=\"rl-gallery-link\" data-rl_caption=\"Edificio de viviendas Cami 55 \/ ARC arquitectes (\u00a9 Toni Miranda)\" data-rel=\"lightbox-gallery-1\"><img loading=\"lazy\" decoding=\"async\" width=\"150\" height=\"150\" src=\"https:\/\/www.arquimaster.com.ar\/web\/wp-content\/uploads\/2024\/12\/edificio_cami_3-150x150.jpg\" class=\"attachment-thumbnail size-thumbnail\" alt=\"Edificio de viviendas Cami 55 \/ ARC arquitectes\" aria-describedby=\"gallery-1-83021\" \/><\/a>\n\t\t\t<\/div>\n\t\t\t\t<figcaption class='wp-caption-text gallery-caption' id='gallery-1-83021'>\n\t\t\t\tEdificio de viviendas Cami 55 \/ ARC arquitectes (\u00a9 Toni Miranda)\n\t\t\t\t<\/figcaption><\/figure><figure class='gallery-item'>\n\t\t\t<div class='gallery-icon landscape'>\n\t\t\t\t<a href='https:\/\/www.arquimaster.com.ar\/web\/wp-content\/uploads\/2024\/12\/edificio_cami_4.jpg' title=\"Edificio de viviendas Cami 55 \/ ARC arquitectes (\u00a9 Toni Miranda)\" data-rl_title=\"Edificio de viviendas Cami 55 \/ ARC arquitectes (\u00a9 Toni Miranda)\" class=\"rl-gallery-link\" data-rl_caption=\"Edificio de viviendas Cami 55 \/ ARC arquitectes (\u00a9 Toni Miranda)\" data-rel=\"lightbox-gallery-1\"><img loading=\"lazy\" decoding=\"async\" width=\"150\" height=\"150\" src=\"https:\/\/www.arquimaster.com.ar\/web\/wp-content\/uploads\/2024\/12\/edificio_cami_4-150x150.jpg\" class=\"attachment-thumbnail size-thumbnail\" alt=\"Edificio de viviendas Cami 55 \/ ARC arquitectes\" aria-describedby=\"gallery-1-83022\" \/><\/a>\n\t\t\t<\/div>\n\t\t\t\t<figcaption class='wp-caption-text gallery-caption' id='gallery-1-83022'>\n\t\t\t\tEdificio de viviendas Cami 55 \/ ARC arquitectes (\u00a9 Toni Miranda)\n\t\t\t\t<\/figcaption><\/figure><figure class='gallery-item'>\n\t\t\t<div class='gallery-icon landscape'>\n\t\t\t\t<a href='https:\/\/www.arquimaster.com.ar\/web\/wp-content\/uploads\/2024\/12\/edificio_cami_5.jpg' title=\"Edificio de viviendas Cami 55 \/ ARC arquitectes (\u00a9 Toni Miranda)\" data-rl_title=\"Edificio de viviendas Cami 55 \/ ARC arquitectes (\u00a9 Toni Miranda)\" class=\"rl-gallery-link\" data-rl_caption=\"Edificio de viviendas Cami 55 \/ ARC arquitectes (\u00a9 Toni Miranda)\" data-rel=\"lightbox-gallery-1\"><img loading=\"lazy\" decoding=\"async\" width=\"150\" height=\"150\" src=\"https:\/\/www.arquimaster.com.ar\/web\/wp-content\/uploads\/2024\/12\/edificio_cami_5-150x150.jpg\" class=\"attachment-thumbnail size-thumbnail\" alt=\"Edificio de viviendas Cami 55 \/ ARC arquitectes\" aria-describedby=\"gallery-1-83023\" \/><\/a>\n\t\t\t<\/div>\n\t\t\t\t<figcaption class='wp-caption-text gallery-caption' id='gallery-1-83023'>\n\t\t\t\tEdificio de viviendas Cami 55 \/ ARC arquitectes (\u00a9 Toni Miranda)\n\t\t\t\t<\/figcaption><\/figure><figure class='gallery-item'>\n\t\t\t<div class='gallery-icon landscape'>\n\t\t\t\t<a href='https:\/\/www.arquimaster.com.ar\/web\/wp-content\/uploads\/2024\/12\/edificio_cami_6.jpg' title=\"Edificio de viviendas Cami 55 \/ ARC arquitectes (\u00a9 Toni Miranda)\" data-rl_title=\"Edificio de viviendas Cami 55 \/ ARC arquitectes (\u00a9 Toni Miranda)\" class=\"rl-gallery-link\" data-rl_caption=\"Edificio de viviendas Cami 55 \/ ARC arquitectes (\u00a9 Toni Miranda)\" data-rel=\"lightbox-gallery-1\"><img loading=\"lazy\" decoding=\"async\" width=\"150\" height=\"150\" src=\"https:\/\/www.arquimaster.com.ar\/web\/wp-content\/uploads\/2024\/12\/edificio_cami_6-150x150.jpg\" class=\"attachment-thumbnail size-thumbnail\" alt=\"Edificio de viviendas Cami 55 \/ ARC arquitectes\" aria-describedby=\"gallery-1-83024\" \/><\/a>\n\t\t\t<\/div>\n\t\t\t\t<figcaption class='wp-caption-text gallery-caption' id='gallery-1-83024'>\n\t\t\t\tEdificio de viviendas Cami 55 \/ ARC arquitectes (\u00a9 Toni Miranda)\n\t\t\t\t<\/figcaption><\/figure><figure class='gallery-item'>\n\t\t\t<div class='gallery-icon landscape'>\n\t\t\t\t<a href='https:\/\/www.arquimaster.com.ar\/web\/wp-content\/uploads\/2024\/12\/edificio_cami_7.jpg' title=\"Edificio de viviendas Cami 55 \/ ARC arquitectes (\u00a9 Toni Miranda)\" data-rl_title=\"Edificio de viviendas Cami 55 \/ ARC arquitectes (\u00a9 Toni Miranda)\" class=\"rl-gallery-link\" data-rl_caption=\"Edificio de viviendas Cami 55 \/ ARC arquitectes (\u00a9 Toni Miranda)\" data-rel=\"lightbox-gallery-1\"><img loading=\"lazy\" decoding=\"async\" width=\"150\" height=\"150\" src=\"https:\/\/www.arquimaster.com.ar\/web\/wp-content\/uploads\/2024\/12\/edificio_cami_7-150x150.jpg\" class=\"attachment-thumbnail size-thumbnail\" alt=\"Edificio de viviendas Cami 55 \/ ARC arquitectes\" aria-describedby=\"gallery-1-83025\" \/><\/a>\n\t\t\t<\/div>\n\t\t\t\t<figcaption class='wp-caption-text gallery-caption' id='gallery-1-83025'>\n\t\t\t\tEdificio de viviendas Cami 55 \/ ARC arquitectes (\u00a9 Toni Miranda)\n\t\t\t\t<\/figcaption><\/figure><figure class='gallery-item'>\n\t\t\t<div class='gallery-icon landscape'>\n\t\t\t\t<a href='https:\/\/www.arquimaster.com.ar\/web\/wp-content\/uploads\/2024\/12\/edificio_cami_8.jpg' title=\"Edificio de viviendas Cami 55 \/ ARC arquitectes (\u00a9 Toni Miranda)\" data-rl_title=\"Edificio de viviendas Cami 55 \/ ARC arquitectes (\u00a9 Toni Miranda)\" class=\"rl-gallery-link\" data-rl_caption=\"Edificio de viviendas Cami 55 \/ ARC arquitectes (\u00a9 Toni Miranda)\" data-rel=\"lightbox-gallery-1\"><img loading=\"lazy\" decoding=\"async\" width=\"150\" height=\"150\" src=\"https:\/\/www.arquimaster.com.ar\/web\/wp-content\/uploads\/2024\/12\/edificio_cami_8-150x150.jpg\" class=\"attachment-thumbnail size-thumbnail\" alt=\"Edificio de viviendas Cami 55 \/ ARC arquitectes\" aria-describedby=\"gallery-1-83026\" \/><\/a>\n\t\t\t<\/div>\n\t\t\t\t<figcaption class='wp-caption-text gallery-caption' id='gallery-1-83026'>\n\t\t\t\tEdificio de viviendas Cami 55 \/ ARC arquitectes (\u00a9 Toni Miranda)\n\t\t\t\t<\/figcaption><\/figure><figure class='gallery-item'>\n\t\t\t<div class='gallery-icon landscape'>\n\t\t\t\t<a href='https:\/\/www.arquimaster.com.ar\/web\/wp-content\/uploads\/2024\/12\/edificio_cami_9.jpg' title=\"Edificio de viviendas Cami 55 \/ ARC arquitectes (\u00a9 Toni Miranda)\" data-rl_title=\"Edificio de viviendas Cami 55 \/ ARC arquitectes (\u00a9 Toni Miranda)\" class=\"rl-gallery-link\" data-rl_caption=\"Edificio de viviendas Cami 55 \/ ARC arquitectes (\u00a9 Toni Miranda)\" data-rel=\"lightbox-gallery-1\"><img loading=\"lazy\" decoding=\"async\" width=\"150\" height=\"150\" src=\"https:\/\/www.arquimaster.com.ar\/web\/wp-content\/uploads\/2024\/12\/edificio_cami_9-150x150.jpg\" class=\"attachment-thumbnail size-thumbnail\" alt=\"Edificio de viviendas Cami 55 \/ ARC arquitectes\" aria-describedby=\"gallery-1-83027\" \/><\/a>\n\t\t\t<\/div>\n\t\t\t\t<figcaption class='wp-caption-text gallery-caption' id='gallery-1-83027'>\n\t\t\t\tEdificio de viviendas Cami 55 \/ ARC arquitectes (\u00a9 Toni Miranda)\n\t\t\t\t<\/figcaption><\/figure><figure class='gallery-item'>\n\t\t\t<div class='gallery-icon landscape'>\n\t\t\t\t<a href='https:\/\/www.arquimaster.com.ar\/web\/wp-content\/uploads\/2024\/12\/edificio_cami_10.jpg' title=\"Edificio de viviendas Cami 55 \/ ARC arquitectes (\u00a9 Toni Miranda)\" data-rl_title=\"Edificio de viviendas Cami 55 \/ ARC arquitectes (\u00a9 Toni Miranda)\" class=\"rl-gallery-link\" data-rl_caption=\"Edificio de viviendas Cami 55 \/ ARC arquitectes (\u00a9 Toni Miranda)\" data-rel=\"lightbox-gallery-1\"><img loading=\"lazy\" decoding=\"async\" width=\"150\" height=\"150\" src=\"https:\/\/www.arquimaster.com.ar\/web\/wp-content\/uploads\/2024\/12\/edificio_cami_10-150x150.jpg\" class=\"attachment-thumbnail size-thumbnail\" alt=\"Edificio de viviendas Cami 55 \/ ARC arquitectes\" aria-describedby=\"gallery-1-83028\" \/><\/a>\n\t\t\t<\/div>\n\t\t\t\t<figcaption class='wp-caption-text gallery-caption' id='gallery-1-83028'>\n\t\t\t\tEdificio de viviendas Cami 55 \/ ARC arquitectes (\u00a9 Toni Miranda)\n\t\t\t\t<\/figcaption><\/figure><figure class='gallery-item'>\n\t\t\t<div class='gallery-icon landscape'>\n\t\t\t\t<a href='https:\/\/www.arquimaster.com.ar\/web\/wp-content\/uploads\/2024\/12\/edificio_cami_11.jpg' title=\"Edificio de viviendas Cami 55 \/ ARC arquitectes (\u00a9 Toni Miranda)\" data-rl_title=\"Edificio de viviendas Cami 55 \/ ARC arquitectes (\u00a9 Toni Miranda)\" class=\"rl-gallery-link\" data-rl_caption=\"Edificio de viviendas Cami 55 \/ ARC arquitectes (\u00a9 Toni Miranda)\" data-rel=\"lightbox-gallery-1\"><img loading=\"lazy\" decoding=\"async\" width=\"150\" height=\"150\" src=\"https:\/\/www.arquimaster.com.ar\/web\/wp-content\/uploads\/2024\/12\/edificio_cami_11-150x150.jpg\" class=\"attachment-thumbnail size-thumbnail\" alt=\"Edificio de viviendas Cami 55 \/ ARC arquitectes\" aria-describedby=\"gallery-1-83029\" \/><\/a>\n\t\t\t<\/div>\n\t\t\t\t<figcaption class='wp-caption-text gallery-caption' id='gallery-1-83029'>\n\t\t\t\tEdificio de viviendas Cami 55 \/ ARC arquitectes (\u00a9 Toni Miranda)\n\t\t\t\t<\/figcaption><\/figure><figure class='gallery-item'>\n\t\t\t<div class='gallery-icon landscape'>\n\t\t\t\t<a href='https:\/\/www.arquimaster.com.ar\/web\/wp-content\/uploads\/2024\/12\/edificio_cami_12.jpg' title=\"Edificio de viviendas Cami 55 \/ ARC arquitectes (\u00a9 Toni Miranda)\" data-rl_title=\"Edificio de viviendas Cami 55 \/ ARC arquitectes (\u00a9 Toni Miranda)\" class=\"rl-gallery-link\" data-rl_caption=\"Edificio de viviendas Cami 55 \/ ARC arquitectes (\u00a9 Toni Miranda)\" data-rel=\"lightbox-gallery-1\"><img loading=\"lazy\" decoding=\"async\" width=\"150\" height=\"150\" src=\"https:\/\/www.arquimaster.com.ar\/web\/wp-content\/uploads\/2024\/12\/edificio_cami_12-150x150.jpg\" class=\"attachment-thumbnail size-thumbnail\" alt=\"Edificio de viviendas Cami 55 \/ ARC arquitectes\" aria-describedby=\"gallery-1-83030\" \/><\/a>\n\t\t\t<\/div>\n\t\t\t\t<figcaption class='wp-caption-text gallery-caption' id='gallery-1-83030'>\n\t\t\t\tEdificio de viviendas Cami 55 \/ ARC arquitectes (\u00a9 Toni Miranda)\n\t\t\t\t<\/figcaption><\/figure><figure class='gallery-item'>\n\t\t\t<div class='gallery-icon landscape'>\n\t\t\t\t<a href='https:\/\/www.arquimaster.com.ar\/web\/wp-content\/uploads\/2024\/12\/edificio_cami_13.jpg' title=\"Edificio de viviendas Cami 55 \/ ARC arquitectes (\u00a9 Toni Miranda)\" data-rl_title=\"Edificio de viviendas Cami 55 \/ ARC arquitectes (\u00a9 Toni Miranda)\" class=\"rl-gallery-link\" data-rl_caption=\"Edificio de viviendas Cami 55 \/ ARC arquitectes (\u00a9 Toni Miranda)\" data-rel=\"lightbox-gallery-1\"><img loading=\"lazy\" decoding=\"async\" width=\"150\" height=\"150\" src=\"https:\/\/www.arquimaster.com.ar\/web\/wp-content\/uploads\/2024\/12\/edificio_cami_13-150x150.jpg\" class=\"attachment-thumbnail size-thumbnail\" alt=\"Edificio de viviendas Cami 55 \/ ARC arquitectes\" aria-describedby=\"gallery-1-83031\" \/><\/a>\n\t\t\t<\/div>\n\t\t\t\t<figcaption class='wp-caption-text gallery-caption' id='gallery-1-83031'>\n\t\t\t\tEdificio de viviendas Cami 55 \/ ARC arquitectes (\u00a9 Toni Miranda)\n\t\t\t\t<\/figcaption><\/figure><figure class='gallery-item'>\n\t\t\t<div class='gallery-icon landscape'>\n\t\t\t\t<a href='https:\/\/www.arquimaster.com.ar\/web\/wp-content\/uploads\/2024\/12\/edificio_cami_14.jpg' title=\"Edificio de viviendas Cami 55 \/ ARC arquitectes (\u00a9 Toni Miranda)\" data-rl_title=\"Edificio de viviendas Cami 55 \/ ARC arquitectes (\u00a9 Toni Miranda)\" class=\"rl-gallery-link\" data-rl_caption=\"Edificio de viviendas Cami 55 \/ ARC arquitectes (\u00a9 Toni Miranda)\" data-rel=\"lightbox-gallery-1\"><img loading=\"lazy\" decoding=\"async\" width=\"150\" height=\"150\" src=\"https:\/\/www.arquimaster.com.ar\/web\/wp-content\/uploads\/2024\/12\/edificio_cami_14-150x150.jpg\" class=\"attachment-thumbnail size-thumbnail\" alt=\"Edificio de viviendas Cami 55 \/ ARC arquitectes\" aria-describedby=\"gallery-1-83032\" \/><\/a>\n\t\t\t<\/div>\n\t\t\t\t<figcaption class='wp-caption-text gallery-caption' id='gallery-1-83032'>\n\t\t\t\tEdificio de viviendas Cami 55 \/ ARC arquitectes (\u00a9 Toni Miranda)\n\t\t\t\t<\/figcaption><\/figure><figure class='gallery-item'>\n\t\t\t<div class='gallery-icon landscape'>\n\t\t\t\t<a href='https:\/\/www.arquimaster.com.ar\/web\/wp-content\/uploads\/2024\/12\/edificio_cami_15.jpg' title=\"Edificio de viviendas Cami 55 \/ ARC arquitectes (\u00a9 Toni Miranda)\" data-rl_title=\"Edificio de viviendas Cami 55 \/ ARC arquitectes (\u00a9 Toni Miranda)\" class=\"rl-gallery-link\" data-rl_caption=\"Edificio de viviendas Cami 55 \/ ARC arquitectes (\u00a9 Toni Miranda)\" data-rel=\"lightbox-gallery-1\"><img loading=\"lazy\" decoding=\"async\" width=\"150\" height=\"150\" src=\"https:\/\/www.arquimaster.com.ar\/web\/wp-content\/uploads\/2024\/12\/edificio_cami_15-150x150.jpg\" class=\"attachment-thumbnail size-thumbnail\" alt=\"Edificio de viviendas Cami 55 \/ ARC arquitectes\" aria-describedby=\"gallery-1-83033\" \/><\/a>\n\t\t\t<\/div>\n\t\t\t\t<figcaption class='wp-caption-text gallery-caption' id='gallery-1-83033'>\n\t\t\t\tEdificio de viviendas Cami 55 \/ ARC arquitectes (\u00a9 Toni Miranda)\n\t\t\t\t<\/figcaption><\/figure><figure class='gallery-item'>\n\t\t\t<div class='gallery-icon landscape'>\n\t\t\t\t<a href='https:\/\/www.arquimaster.com.ar\/web\/wp-content\/uploads\/2024\/12\/edificio_cami_16.jpg' title=\"Edificio de viviendas Cami 55 \/ ARC arquitectes (\u00a9 Toni Miranda)\" data-rl_title=\"Edificio de viviendas Cami 55 \/ ARC arquitectes (\u00a9 Toni Miranda)\" class=\"rl-gallery-link\" data-rl_caption=\"Edificio de viviendas Cami 55 \/ ARC arquitectes (\u00a9 Toni Miranda)\" data-rel=\"lightbox-gallery-1\"><img loading=\"lazy\" decoding=\"async\" width=\"150\" height=\"150\" src=\"https:\/\/www.arquimaster.com.ar\/web\/wp-content\/uploads\/2024\/12\/edificio_cami_16-150x150.jpg\" class=\"attachment-thumbnail size-thumbnail\" alt=\"Edificio de viviendas Cami 55 \/ ARC arquitectes\" aria-describedby=\"gallery-1-83034\" \/><\/a>\n\t\t\t<\/div>\n\t\t\t\t<figcaption class='wp-caption-text gallery-caption' id='gallery-1-83034'>\n\t\t\t\tEdificio de viviendas Cami 55 \/ ARC arquitectes (\u00a9 Toni Miranda)\n\t\t\t\t<\/figcaption><\/figure><figure class='gallery-item'>\n\t\t\t<div class='gallery-icon landscape'>\n\t\t\t\t<a href='https:\/\/www.arquimaster.com.ar\/web\/wp-content\/uploads\/2024\/12\/edificio_cami_17.jpg' title=\"Edificio de viviendas Cami 55 \/ ARC arquitectes (\u00a9 Toni Miranda)\" data-rl_title=\"Edificio de viviendas Cami 55 \/ ARC arquitectes (\u00a9 Toni Miranda)\" class=\"rl-gallery-link\" data-rl_caption=\"Edificio de viviendas Cami 55 \/ ARC arquitectes (\u00a9 Toni Miranda)\" data-rel=\"lightbox-gallery-1\"><img loading=\"lazy\" decoding=\"async\" width=\"150\" height=\"150\" src=\"https:\/\/www.arquimaster.com.ar\/web\/wp-content\/uploads\/2024\/12\/edificio_cami_17-150x150.jpg\" class=\"attachment-thumbnail size-thumbnail\" alt=\"Edificio de viviendas Cami 55 \/ ARC arquitectes\" aria-describedby=\"gallery-1-83035\" \/><\/a>\n\t\t\t<\/div>\n\t\t\t\t<figcaption class='wp-caption-text gallery-caption' id='gallery-1-83035'>\n\t\t\t\tEdificio de viviendas Cami 55 \/ ARC arquitectes (\u00a9 Toni Miranda)\n\t\t\t\t<\/figcaption><\/figure><figure class='gallery-item'>\n\t\t\t<div class='gallery-icon landscape'>\n\t\t\t\t<a href='https:\/\/www.arquimaster.com.ar\/web\/wp-content\/uploads\/2024\/12\/edificio_cami_18.jpg' title=\"Edificio de viviendas Cami 55 \/ ARC arquitectes (\u00a9 Toni Miranda)\" data-rl_title=\"Edificio de viviendas Cami 55 \/ ARC arquitectes (\u00a9 Toni Miranda)\" class=\"rl-gallery-link\" data-rl_caption=\"Edificio de viviendas Cami 55 \/ ARC arquitectes (\u00a9 Toni Miranda)\" data-rel=\"lightbox-gallery-1\"><img loading=\"lazy\" decoding=\"async\" width=\"150\" height=\"150\" src=\"https:\/\/www.arquimaster.com.ar\/web\/wp-content\/uploads\/2024\/12\/edificio_cami_18-150x150.jpg\" class=\"attachment-thumbnail size-thumbnail\" alt=\"Edificio de viviendas Cami 55 \/ ARC arquitectes\" aria-describedby=\"gallery-1-83036\" \/><\/a>\n\t\t\t<\/div>\n\t\t\t\t<figcaption class='wp-caption-text gallery-caption' id='gallery-1-83036'>\n\t\t\t\tEdificio de viviendas Cami 55 \/ ARC arquitectes (\u00a9 Toni Miranda)\n\t\t\t\t<\/figcaption><\/figure><figure class='gallery-item'>\n\t\t\t<div class='gallery-icon landscape'>\n\t\t\t\t<a href='https:\/\/www.arquimaster.com.ar\/web\/wp-content\/uploads\/2024\/12\/edificio_cami_19.jpg' title=\"Edificio de viviendas Cami 55 \/ ARC arquitectes (\u00a9 Toni Miranda)\" data-rl_title=\"Edificio de viviendas Cami 55 \/ ARC arquitectes (\u00a9 Toni Miranda)\" class=\"rl-gallery-link\" data-rl_caption=\"Edificio de viviendas Cami 55 \/ ARC arquitectes (\u00a9 Toni Miranda)\" data-rel=\"lightbox-gallery-1\"><img loading=\"lazy\" decoding=\"async\" width=\"150\" height=\"150\" src=\"https:\/\/www.arquimaster.com.ar\/web\/wp-content\/uploads\/2024\/12\/edificio_cami_19-150x150.jpg\" class=\"attachment-thumbnail size-thumbnail\" alt=\"Edificio de viviendas Cami 55 \/ ARC arquitectes\" aria-describedby=\"gallery-1-83037\" \/><\/a>\n\t\t\t<\/div>\n\t\t\t\t<figcaption class='wp-caption-text gallery-caption' id='gallery-1-83037'>\n\t\t\t\tEdificio de viviendas Cami 55 \/ ARC arquitectes (\u00a9 Toni Miranda)\n\t\t\t\t<\/figcaption><\/figure><figure class='gallery-item'>\n\t\t\t<div class='gallery-icon portrait'>\n\t\t\t\t<a href='https:\/\/www.arquimaster.com.ar\/web\/wp-content\/uploads\/2024\/12\/edificio_cami_20.jpg' title=\"Edificio de viviendas Cami 55 \/ ARC arquitectes (\u00a9 Toni Miranda)\" data-rl_title=\"Edificio de viviendas Cami 55 \/ ARC arquitectes (\u00a9 Toni Miranda)\" class=\"rl-gallery-link\" data-rl_caption=\"Edificio de viviendas Cami 55 \/ ARC arquitectes (\u00a9 Toni Miranda)\" data-rel=\"lightbox-gallery-1\"><img loading=\"lazy\" decoding=\"async\" width=\"150\" height=\"150\" src=\"https:\/\/www.arquimaster.com.ar\/web\/wp-content\/uploads\/2024\/12\/edificio_cami_20-150x150.jpg\" class=\"attachment-thumbnail size-thumbnail\" alt=\"Edificio de viviendas Cami 55 \/ ARC arquitectes\" aria-describedby=\"gallery-1-83038\" \/><\/a>\n\t\t\t<\/div>\n\t\t\t\t<figcaption class='wp-caption-text gallery-caption' id='gallery-1-83038'>\n\t\t\t\tEdificio de viviendas Cami 55 \/ ARC arquitectes (\u00a9 Toni Miranda)\n\t\t\t\t<\/figcaption><\/figure><figure class='gallery-item'>\n\t\t\t<div class='gallery-icon landscape'>\n\t\t\t\t<a href='https:\/\/www.arquimaster.com.ar\/web\/wp-content\/uploads\/2024\/12\/edificio_cami_21.jpg' title=\"Edificio de viviendas Cami 55 \/ ARC arquitectes (\u00a9 Toni Miranda)\" data-rl_title=\"Edificio de viviendas Cami 55 \/ ARC arquitectes (\u00a9 Toni Miranda)\" class=\"rl-gallery-link\" data-rl_caption=\"Edificio de viviendas Cami 55 \/ ARC arquitectes (\u00a9 Toni Miranda)\" data-rel=\"lightbox-gallery-1\"><img loading=\"lazy\" decoding=\"async\" width=\"150\" height=\"150\" src=\"https:\/\/www.arquimaster.com.ar\/web\/wp-content\/uploads\/2024\/12\/edificio_cami_21-150x150.jpg\" class=\"attachment-thumbnail size-thumbnail\" alt=\"Edificio de viviendas Cami 55 \/ ARC arquitectes\" aria-describedby=\"gallery-1-83039\" \/><\/a>\n\t\t\t<\/div>\n\t\t\t\t<figcaption class='wp-caption-text gallery-caption' id='gallery-1-83039'>\n\t\t\t\tEdificio de viviendas Cami 55 \/ ARC arquitectes (\u00a9 Toni Miranda)\n\t\t\t\t<\/figcaption><\/figure><figure class='gallery-item'>\n\t\t\t<div class='gallery-icon portrait'>\n\t\t\t\t<a href='https:\/\/www.arquimaster.com.ar\/web\/wp-content\/uploads\/2024\/12\/edificio_cami_22.jpg' title=\"Edificio de viviendas Cami 55 \/ ARC arquitectes (\u00a9 Toni Miranda)\" data-rl_title=\"Edificio de viviendas Cami 55 \/ ARC arquitectes (\u00a9 Toni Miranda)\" class=\"rl-gallery-link\" data-rl_caption=\"Edificio de viviendas Cami 55 \/ ARC arquitectes (\u00a9 Toni Miranda)\" data-rel=\"lightbox-gallery-1\"><img loading=\"lazy\" decoding=\"async\" width=\"150\" height=\"150\" src=\"https:\/\/www.arquimaster.com.ar\/web\/wp-content\/uploads\/2024\/12\/edificio_cami_22-150x150.jpg\" class=\"attachment-thumbnail size-thumbnail\" alt=\"Edificio de viviendas Cami 55 \/ ARC arquitectes\" aria-describedby=\"gallery-1-83040\" \/><\/a>\n\t\t\t<\/div>\n\t\t\t\t<figcaption class='wp-caption-text gallery-caption' id='gallery-1-83040'>\n\t\t\t\tEdificio de viviendas Cami 55 \/ ARC arquitectes (\u00a9 Toni Miranda)\n\t\t\t\t<\/figcaption><\/figure><figure class='gallery-item'>\n\t\t\t<div class='gallery-icon landscape'>\n\t\t\t\t<a href='https:\/\/www.arquimaster.com.ar\/web\/wp-content\/uploads\/2024\/12\/edificio_cami_23.jpg' title=\"Edificio de viviendas Cami 55 \/ ARC arquitectes (\u00a9 Toni Miranda)\" data-rl_title=\"Edificio de viviendas Cami 55 \/ ARC arquitectes (\u00a9 Toni Miranda)\" class=\"rl-gallery-link\" data-rl_caption=\"Edificio de viviendas Cami 55 \/ ARC arquitectes (\u00a9 Toni Miranda)\" data-rel=\"lightbox-gallery-1\"><img loading=\"lazy\" decoding=\"async\" width=\"150\" height=\"150\" src=\"https:\/\/www.arquimaster.com.ar\/web\/wp-content\/uploads\/2024\/12\/edificio_cami_23-150x150.jpg\" class=\"attachment-thumbnail size-thumbnail\" alt=\"Edificio de viviendas Cami 55 \/ ARC arquitectes\" aria-describedby=\"gallery-1-83041\" \/><\/a>\n\t\t\t<\/div>\n\t\t\t\t<figcaption class='wp-caption-text gallery-caption' id='gallery-1-83041'>\n\t\t\t\tEdificio de viviendas Cami 55 \/ ARC arquitectes (\u00a9 Toni Miranda)\n\t\t\t\t<\/figcaption><\/figure><figure class='gallery-item'>\n\t\t\t<div class='gallery-icon landscape'>\n\t\t\t\t<a href='https:\/\/www.arquimaster.com.ar\/web\/wp-content\/uploads\/2024\/12\/edificio_cami_24.jpg' title=\"Edificio de viviendas Cami 55 \/ ARC arquitectes (\u00a9 Toni Miranda)\" data-rl_title=\"Edificio de viviendas Cami 55 \/ ARC arquitectes (\u00a9 Toni Miranda)\" class=\"rl-gallery-link\" data-rl_caption=\"Edificio de viviendas Cami 55 \/ ARC arquitectes (\u00a9 Toni Miranda)\" data-rel=\"lightbox-gallery-1\"><img loading=\"lazy\" decoding=\"async\" width=\"150\" height=\"150\" src=\"https:\/\/www.arquimaster.com.ar\/web\/wp-content\/uploads\/2024\/12\/edificio_cami_24-150x150.jpg\" class=\"attachment-thumbnail size-thumbnail\" alt=\"Edificio de viviendas Cami 55 \/ ARC arquitectes\" aria-describedby=\"gallery-1-83042\" \/><\/a>\n\t\t\t<\/div>\n\t\t\t\t<figcaption class='wp-caption-text gallery-caption' id='gallery-1-83042'>\n\t\t\t\tEdificio de viviendas Cami 55 \/ ARC arquitectes (\u00a9 Toni Miranda)\n\t\t\t\t<\/figcaption><\/figure><figure class='gallery-item'>\n\t\t\t<div class='gallery-icon landscape'>\n\t\t\t\t<a href='https:\/\/www.arquimaster.com.ar\/web\/wp-content\/uploads\/2024\/12\/edificio_cami_25.jpg' title=\"Edificio de viviendas Cami 55 \/ ARC arquitectes (\u00a9 Toni Miranda)\" data-rl_title=\"Edificio de viviendas Cami 55 \/ ARC arquitectes (\u00a9 Toni Miranda)\" class=\"rl-gallery-link\" data-rl_caption=\"Edificio de viviendas Cami 55 \/ ARC arquitectes (\u00a9 Toni Miranda)\" data-rel=\"lightbox-gallery-1\"><img loading=\"lazy\" decoding=\"async\" width=\"150\" height=\"150\" src=\"https:\/\/www.arquimaster.com.ar\/web\/wp-content\/uploads\/2024\/12\/edificio_cami_25-150x150.jpg\" class=\"attachment-thumbnail size-thumbnail\" alt=\"Edificio de viviendas Cami 55 \/ ARC arquitectes\" aria-describedby=\"gallery-1-83043\" \/><\/a>\n\t\t\t<\/div>\n\t\t\t\t<figcaption class='wp-caption-text gallery-caption' id='gallery-1-83043'>\n\t\t\t\tEdificio de viviendas Cami 55 \/ ARC arquitectes (\u00a9 Toni Miranda)\n\t\t\t\t<\/figcaption><\/figure><figure class='gallery-item'>\n\t\t\t<div class='gallery-icon landscape'>\n\t\t\t\t<a href='https:\/\/www.arquimaster.com.ar\/web\/wp-content\/uploads\/2024\/12\/edificio_cami_26.jpg' title=\"Edificio de viviendas Cami 55 \/ ARC arquitectes (planta baja y altillo)\" data-rl_title=\"Edificio de viviendas Cami 55 \/ ARC arquitectes (planta baja y altillo)\" class=\"rl-gallery-link\" data-rl_caption=\"Edificio de viviendas Cami 55 \/ ARC arquitectes (planta baja y altillo)\" data-rel=\"lightbox-gallery-1\"><img loading=\"lazy\" decoding=\"async\" width=\"150\" height=\"150\" src=\"https:\/\/www.arquimaster.com.ar\/web\/wp-content\/uploads\/2024\/12\/edificio_cami_26-150x150.jpg\" class=\"attachment-thumbnail size-thumbnail\" alt=\"Edificio de viviendas Cami 55 \/ ARC arquitectes\" aria-describedby=\"gallery-1-83044\" \/><\/a>\n\t\t\t<\/div>\n\t\t\t\t<figcaption class='wp-caption-text gallery-caption' id='gallery-1-83044'>\n\t\t\t\tEdificio de viviendas Cami 55 \/ ARC arquitectes (planta baja y altillo)\n\t\t\t\t<\/figcaption><\/figure><figure class='gallery-item'>\n\t\t\t<div class='gallery-icon landscape'>\n\t\t\t\t<a href='https:\/\/www.arquimaster.com.ar\/web\/wp-content\/uploads\/2024\/12\/edificio_cami_27.jpg' title=\"Edificio de viviendas Cami 55 \/ ARC arquitectes (plantas piso 1 y 2)\" data-rl_title=\"Edificio de viviendas Cami 55 \/ ARC arquitectes (plantas piso 1 y 2)\" class=\"rl-gallery-link\" data-rl_caption=\"Edificio de viviendas Cami 55 \/ ARC arquitectes (plantas piso 1 y 2)\" data-rel=\"lightbox-gallery-1\"><img loading=\"lazy\" decoding=\"async\" width=\"150\" height=\"150\" src=\"https:\/\/www.arquimaster.com.ar\/web\/wp-content\/uploads\/2024\/12\/edificio_cami_27-150x150.jpg\" class=\"attachment-thumbnail size-thumbnail\" alt=\"Edificio de viviendas Cami 55 \/ ARC arquitectes\" aria-describedby=\"gallery-1-83045\" \/><\/a>\n\t\t\t<\/div>\n\t\t\t\t<figcaption class='wp-caption-text gallery-caption' id='gallery-1-83045'>\n\t\t\t\tEdificio de viviendas Cami 55 \/ ARC arquitectes (plantas piso 1 y 2)\n\t\t\t\t<\/figcaption><\/figure><figure class='gallery-item'>\n\t\t\t<div class='gallery-icon landscape'>\n\t\t\t\t<a href='https:\/\/www.arquimaster.com.ar\/web\/wp-content\/uploads\/2024\/12\/edificio_cami_28.jpg' title=\"Edificio de viviendas Cami 55 \/ ARC arquitectes (planta piso 3 y altillo)\" data-rl_title=\"Edificio de viviendas Cami 55 \/ ARC arquitectes (planta piso 3 y altillo)\" class=\"rl-gallery-link\" data-rl_caption=\"Edificio de viviendas Cami 55 \/ ARC arquitectes (planta piso 3 y altillo)\" data-rel=\"lightbox-gallery-1\"><img loading=\"lazy\" decoding=\"async\" width=\"150\" height=\"150\" src=\"https:\/\/www.arquimaster.com.ar\/web\/wp-content\/uploads\/2024\/12\/edificio_cami_28-150x150.jpg\" class=\"attachment-thumbnail size-thumbnail\" alt=\"Edificio de viviendas Cami 55 \/ ARC arquitectes\" aria-describedby=\"gallery-1-83046\" \/><\/a>\n\t\t\t<\/div>\n\t\t\t\t<figcaption class='wp-caption-text gallery-caption' id='gallery-1-83046'>\n\t\t\t\tEdificio de viviendas Cami 55 \/ ARC arquitectes (planta piso 3 y altillo)\n\t\t\t\t<\/figcaption><\/figure><figure class='gallery-item'>\n\t\t\t<div class='gallery-icon landscape'>\n\t\t\t\t<a href='https:\/\/www.arquimaster.com.ar\/web\/wp-content\/uploads\/2024\/12\/edificio_cami_29.jpg' title=\"Edificio de viviendas Cami 55 \/ ARC arquitectes (planta de techos)\" data-rl_title=\"Edificio de viviendas Cami 55 \/ ARC arquitectes (planta de techos)\" class=\"rl-gallery-link\" data-rl_caption=\"Edificio de viviendas Cami 55 \/ ARC arquitectes (planta de techos)\" data-rel=\"lightbox-gallery-1\"><img loading=\"lazy\" decoding=\"async\" width=\"150\" height=\"150\" src=\"https:\/\/www.arquimaster.com.ar\/web\/wp-content\/uploads\/2024\/12\/edificio_cami_29-150x150.jpg\" class=\"attachment-thumbnail size-thumbnail\" alt=\"Edificio de viviendas Cami 55 \/ ARC arquitectes\" aria-describedby=\"gallery-1-83047\" \/><\/a>\n\t\t\t<\/div>\n\t\t\t\t<figcaption class='wp-caption-text gallery-caption' id='gallery-1-83047'>\n\t\t\t\tEdificio de viviendas Cami 55 \/ ARC arquitectes (planta de techos)\n\t\t\t\t<\/figcaption><\/figure>\n\t\t<\/div>\n\n<p>El edificio dispone de una fachada principal recayente a la calle el Cam\u00ed y se abre a un patio de luces en la parte posterior.<\/p>\n<p>La finalidad del proyecto es dotar al edifico de tres viviendas y ocho unidades de alojamiento individuales mediante la distribuci\u00f3n interior del mismo.<\/p>\n<p>Las viviendas, recayentes a la fachada principal, se ubican en la plantas primera, segunda y tercera; se componen de sal\u00f3n-comedor-cocina, un dormitorio y un ba\u00f1o completo.<\/p>\n<p>Las unidades de alojamiento, recayentes al patio de luces, se ubican en la plantas primera, segunda y tercera; las zonas comunes vinculadas a \u00e9stas se ubican en la planta baja.<\/p>\n<p>La composici\u00f3n en planta contempla la condici\u00f3n de edificio entre medianeras, la ubicaci\u00f3n de los n\u00facleos de comunicaci\u00f3n y el programa de necesidades requerido por el promotor.<\/p>\n<p>Partiendo de estas premisas, se ha proyectado una distribuci\u00f3n en planta con el m\u00ednimo de espacios residuales, actuando el n\u00facleo de comunicaci\u00f3n vertical como elemento ordenador del espacio.<\/p>\n\n\n<div style=\"height:20px\" aria-hidden=\"true\" class=\"wp-block-spacer\"><\/div>\n\n\n\n<p class=\"has-background\" style=\"background-color:#eaeaea\"><strong>Ficha t\u00e9cnica<\/strong><br>Nombre: cami, 55<br>Ubicaci\u00f3n: C. El Cami 55, Alcoy, Alicante, Espa\u00f1a<br>Arquitectos: ARC arquitectes<br>Equipo: Carlos Cardona Agull\u00f3, Angela Climent Penalva, Laura Cardona Agull\u00f3, Joe Delgado Burckhardt<br>Superficie: 441.01 m2<br>Fecha: 2024<br>Fotograf\u00edas: Toni Miranda<br>Sitio web: https:\/\/www.arcarquitectes.com<\/p>\n\n\n\n<div style=\"height:40px\" aria-hidden=\"true\" class=\"wp-block-spacer\"><\/div>\n\n<div style=\"font-size: 0px; height: 0px; line-height: 0px; margin: 0; padding: 0; clear: both;\"><\/div><div style=\"margin-top: 0px; margin-bottom: 0px;\" class=\"sharethis-inline-share-buttons\" ><\/div>","protected":false},"excerpt":{"rendered":"<p>Reforma que dota al edificio de viviendas y unidades de alojamiento individuales&#8230;<\/p>\n","protected":false},"author":1,"featured_media":83018,"comment_status":"closed","ping_status":"closed","sticky":false,"template":"","format":"standard","meta":{"_uag_custom_page_level_css":"","footnotes":""},"categories":[80,1],"tags":[8127,3356,8129,8128,4282,8130,87,104,8132,8131,5539,91],"class_list":["post-83017","post","type-post","status-publish","format-standard","has-post-thumbnail","hentry","category-edificio-viviendas","category-proyecto","tag-alcoy","tag-alicante","tag-angela-climent-penalva","tag-arc-arquitectes","tag-arquitectura-residencial","tag-carlos-cardona-agullo","tag-edificio-de-viviendas","tag-espana","tag-joe-delgado-burckhardt","tag-laura-cardona-agullo","tag-vivienda-colectiva","tag-vivienda-multifamiliar","generate-columns","tablet-grid-50","mobile-grid-100","grid-parent","grid-50"],"yoast_head":"<!-- This site is optimized with the Yoast SEO plugin v27.3 - https:\/\/yoast.com\/product\/yoast-seo-wordpress\/ -->\n<title>Edificio de viviendas Cami 55 \/ ARC arquitectes - Arquimaster<\/title>\n<meta name=\"description\" content=\"La finalidad del proyecto es dotar al edificio de tres viviendas y ocho unidades de alojamiento individuales mediante la distribuci\u00f3n interior del mismo.\" \/>\n<meta name=\"robots\" content=\"index, follow, max-snippet:-1, max-image-preview:large, max-video-preview:-1\" \/>\n<link rel=\"canonical\" href=\"https:\/\/www.arquimaster.com.ar\/web\/edificio-de-viviendas-cami-55-arc-arquitectes\/\" \/>\n<meta property=\"og:locale\" content=\"es_ES\" \/>\n<meta property=\"og:type\" content=\"article\" \/>\n<meta property=\"og:title\" content=\"Edificio de viviendas Cami 55 \/ ARC arquitectes\" \/>\n<meta property=\"og:description\" content=\"La finalidad del proyecto es dotar al edificio de tres viviendas y ocho unidades de alojamiento individuales mediante la distribuci\u00f3n interior del mismo.\" \/>\n<meta property=\"og:url\" content=\"https:\/\/www.arquimaster.com.ar\/web\/edificio-de-viviendas-cami-55-arc-arquitectes\/\" \/>\n<meta property=\"og:site_name\" content=\"Arquimaster\" \/>\n<meta property=\"article:publisher\" content=\"http:\/\/www.facebook.com\/ARQUIMASTER.com.ar\" \/>\n<meta property=\"article:published_time\" content=\"2024-12-04T21:36:53+00:00\" \/>\n<meta property=\"article:modified_time\" content=\"2025-07-23T22:33:03+00:00\" \/>\n<meta property=\"og:image\" content=\"https:\/\/www.arquimaster.com.ar\/web\/wp-content\/uploads\/2024\/12\/edificio_cami_slide.jpg\" \/>\n\t<meta property=\"og:image:width\" content=\"698\" \/>\n\t<meta property=\"og:image:height\" content=\"364\" \/>\n\t<meta property=\"og:image:type\" content=\"image\/jpeg\" \/>\n<meta name=\"author\" content=\"Arquimaster\" \/>\n<meta name=\"twitter:card\" content=\"summary_large_image\" \/>\n<meta name=\"twitter:title\" content=\"Edificio de viviendas Cami 55 \/ ARC arquitectes\" \/>\n<meta name=\"twitter:description\" content=\"La finalidad del proyecto es dotar al edificio de tres viviendas y ocho unidades de alojamiento individuales mediante la distribuci\u00f3n interior del mismo.\" \/>\n<meta name=\"twitter:image\" content=\"https:\/\/www.arquimaster.com.ar\/web\/wp-content\/uploads\/2024\/12\/edificio_cami_slide.jpg\" \/>\n<meta name=\"twitter:creator\" content=\"@arquimaster\" \/>\n<meta name=\"twitter:site\" content=\"@arquimaster\" \/>\n<meta name=\"twitter:label1\" content=\"Escrito por\" \/>\n\t<meta name=\"twitter:data1\" content=\"Arquimaster\" \/>\n\t<meta name=\"twitter:label2\" content=\"Tiempo de lectura\" \/>\n\t<meta name=\"twitter:data2\" content=\"2 minutos\" \/>\n<script type=\"application\/ld+json\" class=\"yoast-schema-graph\">{\"@context\":\"https:\\\/\\\/schema.org\",\"@graph\":[{\"@type\":\"Article\",\"@id\":\"https:\\\/\\\/www.arquimaster.com.ar\\\/web\\\/edificio-de-viviendas-cami-55-arc-arquitectes\\\/#article\",\"isPartOf\":{\"@id\":\"https:\\\/\\\/www.arquimaster.com.ar\\\/web\\\/edificio-de-viviendas-cami-55-arc-arquitectes\\\/\"},\"author\":{\"name\":\"Arquimaster\",\"@id\":\"https:\\\/\\\/www.arquimaster.com.ar\\\/web\\\/#\\\/schema\\\/person\\\/359e9f7c00193fcde068e0dd2ceb0028\"},\"headline\":\"Edificio de viviendas Cami 55 \\\/ ARC arquitectes\",\"datePublished\":\"2024-12-04T21:36:53+00:00\",\"dateModified\":\"2025-07-23T22:33:03+00:00\",\"mainEntityOfPage\":{\"@id\":\"https:\\\/\\\/www.arquimaster.com.ar\\\/web\\\/edificio-de-viviendas-cami-55-arc-arquitectes\\\/\"},\"wordCount\":267,\"publisher\":{\"@id\":\"https:\\\/\\\/www.arquimaster.com.ar\\\/web\\\/#organization\"},\"image\":{\"@id\":\"https:\\\/\\\/www.arquimaster.com.ar\\\/web\\\/edificio-de-viviendas-cami-55-arc-arquitectes\\\/#primaryimage\"},\"thumbnailUrl\":\"https:\\\/\\\/www.arquimaster.com.ar\\\/web\\\/wp-content\\\/uploads\\\/2024\\\/12\\\/edificio_cami_slide.jpg\",\"keywords\":[\"Alcoy\",\"Alicante\",\"Angela Climent Penalva\",\"ARC arquitectes\",\"arquitectura residencial\",\"Carlos Cardona Agull\u00f3\",\"edificio de viviendas\",\"Espa\u00f1a\",\"Joe Delgado Burckhardt\",\"Laura Cardona Agull\u00f3\",\"vivienda colectiva\",\"vivienda multifamiliar\"],\"articleSection\":[\"Edificios de viviendas\",\"Proyecto\"],\"inLanguage\":\"es\"},{\"@type\":\"WebPage\",\"@id\":\"https:\\\/\\\/www.arquimaster.com.ar\\\/web\\\/edificio-de-viviendas-cami-55-arc-arquitectes\\\/\",\"url\":\"https:\\\/\\\/www.arquimaster.com.ar\\\/web\\\/edificio-de-viviendas-cami-55-arc-arquitectes\\\/\",\"name\":\"Edificio de viviendas Cami 55 \\\/ ARC arquitectes - Arquimaster\",\"isPartOf\":{\"@id\":\"https:\\\/\\\/www.arquimaster.com.ar\\\/web\\\/#website\"},\"primaryImageOfPage\":{\"@id\":\"https:\\\/\\\/www.arquimaster.com.ar\\\/web\\\/edificio-de-viviendas-cami-55-arc-arquitectes\\\/#primaryimage\"},\"image\":{\"@id\":\"https:\\\/\\\/www.arquimaster.com.ar\\\/web\\\/edificio-de-viviendas-cami-55-arc-arquitectes\\\/#primaryimage\"},\"thumbnailUrl\":\"https:\\\/\\\/www.arquimaster.com.ar\\\/web\\\/wp-content\\\/uploads\\\/2024\\\/12\\\/edificio_cami_slide.jpg\",\"datePublished\":\"2024-12-04T21:36:53+00:00\",\"dateModified\":\"2025-07-23T22:33:03+00:00\",\"description\":\"La finalidad del proyecto es dotar al edificio de tres viviendas y ocho unidades de alojamiento individuales mediante la distribuci\u00f3n interior del mismo.\",\"breadcrumb\":{\"@id\":\"https:\\\/\\\/www.arquimaster.com.ar\\\/web\\\/edificio-de-viviendas-cami-55-arc-arquitectes\\\/#breadcrumb\"},\"inLanguage\":\"es\",\"potentialAction\":[{\"@type\":\"ReadAction\",\"target\":[\"https:\\\/\\\/www.arquimaster.com.ar\\\/web\\\/edificio-de-viviendas-cami-55-arc-arquitectes\\\/\"]}]},{\"@type\":\"ImageObject\",\"inLanguage\":\"es\",\"@id\":\"https:\\\/\\\/www.arquimaster.com.ar\\\/web\\\/edificio-de-viviendas-cami-55-arc-arquitectes\\\/#primaryimage\",\"url\":\"https:\\\/\\\/www.arquimaster.com.ar\\\/web\\\/wp-content\\\/uploads\\\/2024\\\/12\\\/edificio_cami_slide.jpg\",\"contentUrl\":\"https:\\\/\\\/www.arquimaster.com.ar\\\/web\\\/wp-content\\\/uploads\\\/2024\\\/12\\\/edificio_cami_slide.jpg\",\"width\":698,\"height\":364,\"caption\":\"Edificio de viviendas Cami 55 \\\/ ARC arquitectes\"},{\"@type\":\"BreadcrumbList\",\"@id\":\"https:\\\/\\\/www.arquimaster.com.ar\\\/web\\\/edificio-de-viviendas-cami-55-arc-arquitectes\\\/#breadcrumb\",\"itemListElement\":[{\"@type\":\"ListItem\",\"position\":1,\"name\":\"Portada\",\"item\":\"https:\\\/\\\/www.arquimaster.com.ar\\\/web\\\/\"},{\"@type\":\"ListItem\",\"position\":2,\"name\":\"Edificio de viviendas Cami 55 \\\/ ARC arquitectes\"}]},{\"@type\":\"WebSite\",\"@id\":\"https:\\\/\\\/www.arquimaster.com.ar\\\/web\\\/#website\",\"url\":\"https:\\\/\\\/www.arquimaster.com.ar\\\/web\\\/\",\"name\":\"Arquimaster\",\"description\":\"Web de arquitectura, dise\u00f1o y construccion\",\"publisher\":{\"@id\":\"https:\\\/\\\/www.arquimaster.com.ar\\\/web\\\/#organization\"},\"potentialAction\":[{\"@type\":\"SearchAction\",\"target\":{\"@type\":\"EntryPoint\",\"urlTemplate\":\"https:\\\/\\\/www.arquimaster.com.ar\\\/web\\\/?s={search_term_string}\"},\"query-input\":{\"@type\":\"PropertyValueSpecification\",\"valueRequired\":true,\"valueName\":\"search_term_string\"}}],\"inLanguage\":\"es\"},{\"@type\":\"Organization\",\"@id\":\"https:\\\/\\\/www.arquimaster.com.ar\\\/web\\\/#organization\",\"name\":\"Arquimaster\",\"url\":\"https:\\\/\\\/www.arquimaster.com.ar\\\/web\\\/\",\"logo\":{\"@type\":\"ImageObject\",\"inLanguage\":\"es\",\"@id\":\"https:\\\/\\\/www.arquimaster.com.ar\\\/web\\\/#\\\/schema\\\/logo\\\/image\\\/\",\"url\":\"https:\\\/\\\/www.arquimaster.com.ar\\\/web\\\/wp-content\\\/uploads\\\/2022\\\/06\\\/arquimaster.png\",\"contentUrl\":\"https:\\\/\\\/www.arquimaster.com.ar\\\/web\\\/wp-content\\\/uploads\\\/2022\\\/06\\\/arquimaster.png\",\"width\":594,\"height\":78,\"caption\":\"Arquimaster\"},\"image\":{\"@id\":\"https:\\\/\\\/www.arquimaster.com.ar\\\/web\\\/#\\\/schema\\\/logo\\\/image\\\/\"},\"sameAs\":[\"http:\\\/\\\/www.facebook.com\\\/ARQUIMASTER.com.ar\",\"https:\\\/\\\/x.com\\\/arquimaster\",\"https:\\\/\\\/www.instagram.com\\\/arquimasterblog\\\/\",\"https:\\\/\\\/www.linkedin.com\\\/company\\\/arquimaster\",\"https:\\\/\\\/www.pinterest.com\\\/arquimaster\",\"https:\\\/\\\/t.me\\\/arquimaster\"]},{\"@type\":\"Person\",\"@id\":\"https:\\\/\\\/www.arquimaster.com.ar\\\/web\\\/#\\\/schema\\\/person\\\/359e9f7c00193fcde068e0dd2ceb0028\",\"name\":\"Arquimaster\"}]}<\/script>\n<!-- \/ Yoast SEO plugin. -->","yoast_head_json":{"title":"Edificio de viviendas Cami 55 \/ ARC arquitectes - Arquimaster","description":"La finalidad del proyecto es dotar al edificio de tres viviendas y ocho unidades de alojamiento individuales mediante la distribuci\u00f3n interior del mismo.","robots":{"index":"index","follow":"follow","max-snippet":"max-snippet:-1","max-image-preview":"max-image-preview:large","max-video-preview":"max-video-preview:-1"},"canonical":"https:\/\/www.arquimaster.com.ar\/web\/edificio-de-viviendas-cami-55-arc-arquitectes\/","og_locale":"es_ES","og_type":"article","og_title":"Edificio de viviendas Cami 55 \/ ARC arquitectes","og_description":"La finalidad del proyecto es dotar al edificio de tres viviendas y ocho unidades de alojamiento individuales mediante la distribuci\u00f3n interior del mismo.","og_url":"https:\/\/www.arquimaster.com.ar\/web\/edificio-de-viviendas-cami-55-arc-arquitectes\/","og_site_name":"Arquimaster","article_publisher":"http:\/\/www.facebook.com\/ARQUIMASTER.com.ar","article_published_time":"2024-12-04T21:36:53+00:00","article_modified_time":"2025-07-23T22:33:03+00:00","og_image":[{"width":698,"height":364,"url":"https:\/\/www.arquimaster.com.ar\/web\/wp-content\/uploads\/2024\/12\/edificio_cami_slide.jpg","type":"image\/jpeg"}],"author":"Arquimaster","twitter_card":"summary_large_image","twitter_title":"Edificio de viviendas Cami 55 \/ ARC arquitectes","twitter_description":"La finalidad del proyecto es dotar al edificio de tres viviendas y ocho unidades de alojamiento individuales mediante la distribuci\u00f3n interior del mismo.","twitter_image":"https:\/\/www.arquimaster.com.ar\/web\/wp-content\/uploads\/2024\/12\/edificio_cami_slide.jpg","twitter_creator":"@arquimaster","twitter_site":"@arquimaster","twitter_misc":{"Escrito por":"Arquimaster","Tiempo de lectura":"2 minutos"},"schema":{"@context":"https:\/\/schema.org","@graph":[{"@type":"Article","@id":"https:\/\/www.arquimaster.com.ar\/web\/edificio-de-viviendas-cami-55-arc-arquitectes\/#article","isPartOf":{"@id":"https:\/\/www.arquimaster.com.ar\/web\/edificio-de-viviendas-cami-55-arc-arquitectes\/"},"author":{"name":"Arquimaster","@id":"https:\/\/www.arquimaster.com.ar\/web\/#\/schema\/person\/359e9f7c00193fcde068e0dd2ceb0028"},"headline":"Edificio de viviendas Cami 55 \/ ARC arquitectes","datePublished":"2024-12-04T21:36:53+00:00","dateModified":"2025-07-23T22:33:03+00:00","mainEntityOfPage":{"@id":"https:\/\/www.arquimaster.com.ar\/web\/edificio-de-viviendas-cami-55-arc-arquitectes\/"},"wordCount":267,"publisher":{"@id":"https:\/\/www.arquimaster.com.ar\/web\/#organization"},"image":{"@id":"https:\/\/www.arquimaster.com.ar\/web\/edificio-de-viviendas-cami-55-arc-arquitectes\/#primaryimage"},"thumbnailUrl":"https:\/\/www.arquimaster.com.ar\/web\/wp-content\/uploads\/2024\/12\/edificio_cami_slide.jpg","keywords":["Alcoy","Alicante","Angela Climent Penalva","ARC arquitectes","arquitectura residencial","Carlos Cardona Agull\u00f3","edificio de viviendas","Espa\u00f1a","Joe Delgado Burckhardt","Laura Cardona Agull\u00f3","vivienda colectiva","vivienda multifamiliar"],"articleSection":["Edificios de viviendas","Proyecto"],"inLanguage":"es"},{"@type":"WebPage","@id":"https:\/\/www.arquimaster.com.ar\/web\/edificio-de-viviendas-cami-55-arc-arquitectes\/","url":"https:\/\/www.arquimaster.com.ar\/web\/edificio-de-viviendas-cami-55-arc-arquitectes\/","name":"Edificio de viviendas Cami 55 \/ ARC arquitectes - Arquimaster","isPartOf":{"@id":"https:\/\/www.arquimaster.com.ar\/web\/#website"},"primaryImageOfPage":{"@id":"https:\/\/www.arquimaster.com.ar\/web\/edificio-de-viviendas-cami-55-arc-arquitectes\/#primaryimage"},"image":{"@id":"https:\/\/www.arquimaster.com.ar\/web\/edificio-de-viviendas-cami-55-arc-arquitectes\/#primaryimage"},"thumbnailUrl":"https:\/\/www.arquimaster.com.ar\/web\/wp-content\/uploads\/2024\/12\/edificio_cami_slide.jpg","datePublished":"2024-12-04T21:36:53+00:00","dateModified":"2025-07-23T22:33:03+00:00","description":"La finalidad del proyecto es dotar al edificio de tres viviendas y ocho unidades de alojamiento individuales mediante la distribuci\u00f3n interior del mismo.","breadcrumb":{"@id":"https:\/\/www.arquimaster.com.ar\/web\/edificio-de-viviendas-cami-55-arc-arquitectes\/#breadcrumb"},"inLanguage":"es","potentialAction":[{"@type":"ReadAction","target":["https:\/\/www.arquimaster.com.ar\/web\/edificio-de-viviendas-cami-55-arc-arquitectes\/"]}]},{"@type":"ImageObject","inLanguage":"es","@id":"https:\/\/www.arquimaster.com.ar\/web\/edificio-de-viviendas-cami-55-arc-arquitectes\/#primaryimage","url":"https:\/\/www.arquimaster.com.ar\/web\/wp-content\/uploads\/2024\/12\/edificio_cami_slide.jpg","contentUrl":"https:\/\/www.arquimaster.com.ar\/web\/wp-content\/uploads\/2024\/12\/edificio_cami_slide.jpg","width":698,"height":364,"caption":"Edificio de viviendas Cami 55 \/ ARC arquitectes"},{"@type":"BreadcrumbList","@id":"https:\/\/www.arquimaster.com.ar\/web\/edificio-de-viviendas-cami-55-arc-arquitectes\/#breadcrumb","itemListElement":[{"@type":"ListItem","position":1,"name":"Portada","item":"https:\/\/www.arquimaster.com.ar\/web\/"},{"@type":"ListItem","position":2,"name":"Edificio de viviendas Cami 55 \/ ARC arquitectes"}]},{"@type":"WebSite","@id":"https:\/\/www.arquimaster.com.ar\/web\/#website","url":"https:\/\/www.arquimaster.com.ar\/web\/","name":"Arquimaster","description":"Web de arquitectura, dise\u00f1o y construccion","publisher":{"@id":"https:\/\/www.arquimaster.com.ar\/web\/#organization"},"potentialAction":[{"@type":"SearchAction","target":{"@type":"EntryPoint","urlTemplate":"https:\/\/www.arquimaster.com.ar\/web\/?s={search_term_string}"},"query-input":{"@type":"PropertyValueSpecification","valueRequired":true,"valueName":"search_term_string"}}],"inLanguage":"es"},{"@type":"Organization","@id":"https:\/\/www.arquimaster.com.ar\/web\/#organization","name":"Arquimaster","url":"https:\/\/www.arquimaster.com.ar\/web\/","logo":{"@type":"ImageObject","inLanguage":"es","@id":"https:\/\/www.arquimaster.com.ar\/web\/#\/schema\/logo\/image\/","url":"https:\/\/www.arquimaster.com.ar\/web\/wp-content\/uploads\/2022\/06\/arquimaster.png","contentUrl":"https:\/\/www.arquimaster.com.ar\/web\/wp-content\/uploads\/2022\/06\/arquimaster.png","width":594,"height":78,"caption":"Arquimaster"},"image":{"@id":"https:\/\/www.arquimaster.com.ar\/web\/#\/schema\/logo\/image\/"},"sameAs":["http:\/\/www.facebook.com\/ARQUIMASTER.com.ar","https:\/\/x.com\/arquimaster","https:\/\/www.instagram.com\/arquimasterblog\/","https:\/\/www.linkedin.com\/company\/arquimaster","https:\/\/www.pinterest.com\/arquimaster","https:\/\/t.me\/arquimaster"]},{"@type":"Person","@id":"https:\/\/www.arquimaster.com.ar\/web\/#\/schema\/person\/359e9f7c00193fcde068e0dd2ceb0028","name":"Arquimaster"}]}},"uagb_featured_image_src":{"full":["https:\/\/www.arquimaster.com.ar\/web\/wp-content\/uploads\/2024\/12\/edificio_cami_slide.jpg",698,364,false],"thumbnail":["https:\/\/www.arquimaster.com.ar\/web\/wp-content\/uploads\/2024\/12\/edificio_cami_slide-150x150.jpg",150,150,true],"medium":["https:\/\/www.arquimaster.com.ar\/web\/wp-content\/uploads\/2024\/12\/edificio_cami_slide.jpg",698,364,false],"medium_large":["https:\/\/www.arquimaster.com.ar\/web\/wp-content\/uploads\/2024\/12\/edificio_cami_slide.jpg",698,364,false],"large":["https:\/\/www.arquimaster.com.ar\/web\/wp-content\/uploads\/2024\/12\/edificio_cami_slide.jpg",698,364,false],"1536x1536":["https:\/\/www.arquimaster.com.ar\/web\/wp-content\/uploads\/2024\/12\/edificio_cami_slide.jpg",698,364,false],"2048x2048":["https:\/\/www.arquimaster.com.ar\/web\/wp-content\/uploads\/2024\/12\/edificio_cami_slide.jpg",698,364,false]},"uagb_author_info":{"display_name":"Arquimaster","author_link":"https:\/\/www.arquimaster.com.ar\/web\/author\/arquimaster\/"},"uagb_comment_info":0,"uagb_excerpt":"Reforma que dota al edificio de viviendas y unidades de alojamiento individuales...","_links":{"self":[{"href":"https:\/\/www.arquimaster.com.ar\/web\/wp-json\/wp\/v2\/posts\/83017","targetHints":{"allow":["GET"]}}],"collection":[{"href":"https:\/\/www.arquimaster.com.ar\/web\/wp-json\/wp\/v2\/posts"}],"about":[{"href":"https:\/\/www.arquimaster.com.ar\/web\/wp-json\/wp\/v2\/types\/post"}],"author":[{"embeddable":true,"href":"https:\/\/www.arquimaster.com.ar\/web\/wp-json\/wp\/v2\/users\/1"}],"replies":[{"embeddable":true,"href":"https:\/\/www.arquimaster.com.ar\/web\/wp-json\/wp\/v2\/comments?post=83017"}],"version-history":[{"count":4,"href":"https:\/\/www.arquimaster.com.ar\/web\/wp-json\/wp\/v2\/posts\/83017\/revisions"}],"predecessor-version":[{"id":85060,"href":"https:\/\/www.arquimaster.com.ar\/web\/wp-json\/wp\/v2\/posts\/83017\/revisions\/85060"}],"wp:featuredmedia":[{"embeddable":true,"href":"https:\/\/www.arquimaster.com.ar\/web\/wp-json\/wp\/v2\/media\/83018"}],"wp:attachment":[{"href":"https:\/\/www.arquimaster.com.ar\/web\/wp-json\/wp\/v2\/media?parent=83017"}],"wp:term":[{"taxonomy":"category","embeddable":true,"href":"https:\/\/www.arquimaster.com.ar\/web\/wp-json\/wp\/v2\/categories?post=83017"},{"taxonomy":"post_tag","embeddable":true,"href":"https:\/\/www.arquimaster.com.ar\/web\/wp-json\/wp\/v2\/tags?post=83017"}],"curies":[{"name":"wp","href":"https:\/\/api.w.org\/{rel}","templated":true}]}}