{"id":8304,"date":"2014-07-11T03:10:22","date_gmt":"2014-07-11T03:10:22","guid":{"rendered":"http:\/\/www.arquimaster.com.ar\/web\/?p=8304"},"modified":"2014-07-11T00:39:07","modified_gmt":"2014-07-11T00:39:07","slug":"oficina-y-casa-luna-hm-arquitectos","status":"publish","type":"post","link":"https:\/\/www.arquimaster.com.ar\/web\/oficina-y-casa-luna-hm-arquitectos\/","title":{"rendered":"Oficina y casa Luna \/ HM Arquitectos"},"content":{"rendered":"<div style=\"margin-top: 0px; margin-bottom: 0px;\" class=\"sharethis-inline-share-buttons\" ><\/div><div class=\"b812932af2e751442846f039925109de\" data-index=\"1\" style=\"float: none; margin:25px 0 25px 0; text-align:center;\">\n<script async src=\"https:\/\/pagead2.googlesyndication.com\/pagead\/js\/adsbygoogle.js\"><\/script>\r\n<!-- Arquimaster (superior) -->\r\n<ins class=\"adsbygoogle\"\r\n     style=\"display:block\"\r\n     data-ad-client=\"ca-pub-6351072698456832\"\r\n     data-ad-slot=\"6455489680\"\r\n     data-ad-format=\"auto\"\r\n     data-full-width-responsive=\"true\"><\/ins>\r\n<script>\r\n     (adsbygoogle = window.adsbygoogle || []).push({});\r\n<\/script>\n<\/div>\n<p><strong>Oficina y casa Luna<\/strong> (Buenos Aires) por <strong>HM Arquitectos<\/strong>. La obra est\u00e1 ubicada en la zona sur de la ciudad, precisamente en el barrio Parque Patricios, barrio que est\u00e1 siendo promovido como polo tecnol\u00f3gico por el gobierno de la ciudad.<\/p>\n<div id='gallery-1' class='gallery galleryid-8304 gallery-columns-3 gallery-size-thumbnail'><figure class='gallery-item'>\n\t\t\t<div class='gallery-icon landscape'>\n\t\t\t\t<a href='https:\/\/www.arquimaster.com.ar\/web\/wp-content\/uploads\/2014\/07\/oficina_casa_luna111.jpg' title=\"Oficina y casa Luna \/ HM Arquitectos (\u00a9 Federico Kulekdjian)\" data-rl_title=\"Oficina y casa Luna \/ HM Arquitectos (\u00a9 Federico Kulekdjian)\" class=\"rl-gallery-link\" data-rl_caption=\"Oficina y casa Luna \/ HM Arquitectos (\u00a9 Federico Kulekdjian)\" data-rel=\"lightbox-gallery-1\"><img loading=\"lazy\" decoding=\"async\" width=\"150\" height=\"150\" src=\"https:\/\/www.arquimaster.com.ar\/web\/wp-content\/uploads\/2014\/07\/oficina_casa_luna111-150x150.jpg\" class=\"attachment-thumbnail size-thumbnail\" alt=\"\" aria-describedby=\"gallery-1-8346\" srcset=\"https:\/\/www.arquimaster.com.ar\/web\/wp-content\/uploads\/2014\/07\/oficina_casa_luna111-150x150.jpg 150w, https:\/\/www.arquimaster.com.ar\/web\/wp-content\/uploads\/2014\/07\/oficina_casa_luna111-50x50.jpg 50w, https:\/\/www.arquimaster.com.ar\/web\/wp-content\/uploads\/2014\/07\/oficina_casa_luna111-125x125.jpg 125w\" sizes=\"auto, (max-width: 150px) 100vw, 150px\" \/><\/a>\n\t\t\t<\/div>\n\t\t\t\t<figcaption class='wp-caption-text gallery-caption' id='gallery-1-8346'>\n\t\t\t\tOficina y casa Luna \/ HM Arquitectos (\u00a9 Federico Kulekdjian)\n\t\t\t\t<\/figcaption><\/figure><figure class='gallery-item'>\n\t\t\t<div class='gallery-icon portrait'>\n\t\t\t\t<a href='https:\/\/www.arquimaster.com.ar\/web\/wp-content\/uploads\/2014\/07\/oficina_casa_luna2.jpg' title=\"Oficina y casa Luna \/ HM Arquitectos (\u00a9 Federico Kulekdjian)\" data-rl_title=\"Oficina y casa Luna \/ HM Arquitectos (\u00a9 Federico Kulekdjian)\" class=\"rl-gallery-link\" data-rl_caption=\"Oficina y casa Luna \/ HM Arquitectos (\u00a9 Federico Kulekdjian)\" data-rel=\"lightbox-gallery-1\"><img loading=\"lazy\" decoding=\"async\" width=\"150\" height=\"150\" src=\"https:\/\/www.arquimaster.com.ar\/web\/wp-content\/uploads\/2014\/07\/oficina_casa_luna2-150x150.jpg\" class=\"attachment-thumbnail size-thumbnail\" alt=\"\" aria-describedby=\"gallery-1-8307\" srcset=\"https:\/\/www.arquimaster.com.ar\/web\/wp-content\/uploads\/2014\/07\/oficina_casa_luna2-150x150.jpg 150w, https:\/\/www.arquimaster.com.ar\/web\/wp-content\/uploads\/2014\/07\/oficina_casa_luna2-50x50.jpg 50w, https:\/\/www.arquimaster.com.ar\/web\/wp-content\/uploads\/2014\/07\/oficina_casa_luna2-125x125.jpg 125w\" sizes=\"auto, (max-width: 150px) 100vw, 150px\" \/><\/a>\n\t\t\t<\/div>\n\t\t\t\t<figcaption class='wp-caption-text gallery-caption' id='gallery-1-8307'>\n\t\t\t\tOficina y casa Luna \/ HM Arquitectos (\u00a9 Federico Kulekdjian)\n\t\t\t\t<\/figcaption><\/figure><figure class='gallery-item'>\n\t\t\t<div class='gallery-icon portrait'>\n\t\t\t\t<a href='https:\/\/www.arquimaster.com.ar\/web\/wp-content\/uploads\/2014\/07\/oficina_casa_luna3.jpg' title=\"Oficina y casa Luna \/ HM Arquitectos (\u00a9 Federico Kulekdjian)\" data-rl_title=\"Oficina y casa Luna \/ HM Arquitectos (\u00a9 Federico Kulekdjian)\" class=\"rl-gallery-link\" data-rl_caption=\"Oficina y casa Luna \/ HM Arquitectos (\u00a9 Federico Kulekdjian)\" data-rel=\"lightbox-gallery-1\"><img loading=\"lazy\" decoding=\"async\" width=\"150\" height=\"150\" src=\"https:\/\/www.arquimaster.com.ar\/web\/wp-content\/uploads\/2014\/07\/oficina_casa_luna3-150x150.jpg\" class=\"attachment-thumbnail size-thumbnail\" alt=\"\" aria-describedby=\"gallery-1-8308\" srcset=\"https:\/\/www.arquimaster.com.ar\/web\/wp-content\/uploads\/2014\/07\/oficina_casa_luna3-150x150.jpg 150w, https:\/\/www.arquimaster.com.ar\/web\/wp-content\/uploads\/2014\/07\/oficina_casa_luna3-50x50.jpg 50w, https:\/\/www.arquimaster.com.ar\/web\/wp-content\/uploads\/2014\/07\/oficina_casa_luna3-125x125.jpg 125w\" sizes=\"auto, (max-width: 150px) 100vw, 150px\" \/><\/a>\n\t\t\t<\/div>\n\t\t\t\t<figcaption class='wp-caption-text gallery-caption' id='gallery-1-8308'>\n\t\t\t\tOficina y casa Luna \/ HM Arquitectos (\u00a9 Federico Kulekdjian)\n\t\t\t\t<\/figcaption><\/figure><figure class='gallery-item'>\n\t\t\t<div class='gallery-icon landscape'>\n\t\t\t\t<a href='https:\/\/www.arquimaster.com.ar\/web\/wp-content\/uploads\/2014\/07\/oficina_casa_luna4.jpg' title=\"Oficina y casa Luna \/ HM Arquitectos (\u00a9 Federico Kulekdjian)\" data-rl_title=\"Oficina y casa Luna \/ HM Arquitectos (\u00a9 Federico Kulekdjian)\" class=\"rl-gallery-link\" data-rl_caption=\"Oficina y casa Luna \/ HM Arquitectos (\u00a9 Federico Kulekdjian)\" data-rel=\"lightbox-gallery-1\"><img loading=\"lazy\" decoding=\"async\" width=\"150\" height=\"150\" src=\"https:\/\/www.arquimaster.com.ar\/web\/wp-content\/uploads\/2014\/07\/oficina_casa_luna4-150x150.jpg\" class=\"attachment-thumbnail size-thumbnail\" alt=\"\" aria-describedby=\"gallery-1-8309\" srcset=\"https:\/\/www.arquimaster.com.ar\/web\/wp-content\/uploads\/2014\/07\/oficina_casa_luna4-150x150.jpg 150w, https:\/\/www.arquimaster.com.ar\/web\/wp-content\/uploads\/2014\/07\/oficina_casa_luna4-50x50.jpg 50w, https:\/\/www.arquimaster.com.ar\/web\/wp-content\/uploads\/2014\/07\/oficina_casa_luna4-125x125.jpg 125w\" sizes=\"auto, (max-width: 150px) 100vw, 150px\" \/><\/a>\n\t\t\t<\/div>\n\t\t\t\t<figcaption class='wp-caption-text gallery-caption' id='gallery-1-8309'>\n\t\t\t\tOficina y casa Luna \/ HM Arquitectos (\u00a9 Federico Kulekdjian)\n\t\t\t\t<\/figcaption><\/figure><figure class='gallery-item'>\n\t\t\t<div class='gallery-icon portrait'>\n\t\t\t\t<a href='https:\/\/www.arquimaster.com.ar\/web\/wp-content\/uploads\/2014\/07\/oficina_casa_luna5.jpg' title=\"Oficina y casa Luna \/ HM Arquitectos (\u00a9 Federico Kulekdjian)\" data-rl_title=\"Oficina y casa Luna \/ HM Arquitectos (\u00a9 Federico Kulekdjian)\" class=\"rl-gallery-link\" data-rl_caption=\"Oficina y casa Luna \/ HM Arquitectos (\u00a9 Federico Kulekdjian)\" data-rel=\"lightbox-gallery-1\"><img loading=\"lazy\" decoding=\"async\" width=\"150\" height=\"150\" src=\"https:\/\/www.arquimaster.com.ar\/web\/wp-content\/uploads\/2014\/07\/oficina_casa_luna5-150x150.jpg\" class=\"attachment-thumbnail size-thumbnail\" alt=\"\" aria-describedby=\"gallery-1-8310\" srcset=\"https:\/\/www.arquimaster.com.ar\/web\/wp-content\/uploads\/2014\/07\/oficina_casa_luna5-150x150.jpg 150w, https:\/\/www.arquimaster.com.ar\/web\/wp-content\/uploads\/2014\/07\/oficina_casa_luna5-50x50.jpg 50w, https:\/\/www.arquimaster.com.ar\/web\/wp-content\/uploads\/2014\/07\/oficina_casa_luna5-125x125.jpg 125w\" sizes=\"auto, (max-width: 150px) 100vw, 150px\" \/><\/a>\n\t\t\t<\/div>\n\t\t\t\t<figcaption class='wp-caption-text gallery-caption' id='gallery-1-8310'>\n\t\t\t\tOficina y casa Luna \/ HM Arquitectos (\u00a9 Federico Kulekdjian)\n\t\t\t\t<\/figcaption><\/figure><figure class='gallery-item'>\n\t\t\t<div class='gallery-icon portrait'>\n\t\t\t\t<a href='https:\/\/www.arquimaster.com.ar\/web\/wp-content\/uploads\/2014\/07\/oficina_casa_luna6.jpg' title=\"Oficina y casa Luna \/ HM Arquitectos (\u00a9 Federico Kulekdjian)\" data-rl_title=\"Oficina y casa Luna \/ HM Arquitectos (\u00a9 Federico Kulekdjian)\" class=\"rl-gallery-link\" data-rl_caption=\"Oficina y casa Luna \/ HM Arquitectos (\u00a9 Federico Kulekdjian)\" data-rel=\"lightbox-gallery-1\"><img loading=\"lazy\" decoding=\"async\" width=\"150\" height=\"150\" src=\"https:\/\/www.arquimaster.com.ar\/web\/wp-content\/uploads\/2014\/07\/oficina_casa_luna6-150x150.jpg\" class=\"attachment-thumbnail size-thumbnail\" alt=\"\" aria-describedby=\"gallery-1-8311\" srcset=\"https:\/\/www.arquimaster.com.ar\/web\/wp-content\/uploads\/2014\/07\/oficina_casa_luna6-150x150.jpg 150w, https:\/\/www.arquimaster.com.ar\/web\/wp-content\/uploads\/2014\/07\/oficina_casa_luna6-50x50.jpg 50w, https:\/\/www.arquimaster.com.ar\/web\/wp-content\/uploads\/2014\/07\/oficina_casa_luna6-125x125.jpg 125w\" sizes=\"auto, (max-width: 150px) 100vw, 150px\" \/><\/a>\n\t\t\t<\/div>\n\t\t\t\t<figcaption class='wp-caption-text gallery-caption' id='gallery-1-8311'>\n\t\t\t\tOficina y casa Luna \/ HM Arquitectos (\u00a9 Federico Kulekdjian)\n\t\t\t\t<\/figcaption><\/figure><figure class='gallery-item'>\n\t\t\t<div class='gallery-icon landscape'>\n\t\t\t\t<a href='https:\/\/www.arquimaster.com.ar\/web\/wp-content\/uploads\/2014\/07\/oficina_casa_luna7.jpg' title=\"Oficina y casa Luna \/ HM Arquitectos (\u00a9 Federico Kulekdjian)\" data-rl_title=\"Oficina y casa Luna \/ HM Arquitectos (\u00a9 Federico Kulekdjian)\" class=\"rl-gallery-link\" data-rl_caption=\"Oficina y casa Luna \/ HM Arquitectos (\u00a9 Federico Kulekdjian)\" data-rel=\"lightbox-gallery-1\"><img loading=\"lazy\" decoding=\"async\" width=\"150\" height=\"150\" src=\"https:\/\/www.arquimaster.com.ar\/web\/wp-content\/uploads\/2014\/07\/oficina_casa_luna7-150x150.jpg\" class=\"attachment-thumbnail size-thumbnail\" alt=\"\" aria-describedby=\"gallery-1-8312\" srcset=\"https:\/\/www.arquimaster.com.ar\/web\/wp-content\/uploads\/2014\/07\/oficina_casa_luna7-150x150.jpg 150w, https:\/\/www.arquimaster.com.ar\/web\/wp-content\/uploads\/2014\/07\/oficina_casa_luna7-50x50.jpg 50w, https:\/\/www.arquimaster.com.ar\/web\/wp-content\/uploads\/2014\/07\/oficina_casa_luna7-125x125.jpg 125w\" sizes=\"auto, (max-width: 150px) 100vw, 150px\" \/><\/a>\n\t\t\t<\/div>\n\t\t\t\t<figcaption class='wp-caption-text gallery-caption' id='gallery-1-8312'>\n\t\t\t\tOficina y casa Luna \/ HM Arquitectos (\u00a9 Federico Kulekdjian)\n\t\t\t\t<\/figcaption><\/figure><figure class='gallery-item'>\n\t\t\t<div class='gallery-icon landscape'>\n\t\t\t\t<a href='https:\/\/www.arquimaster.com.ar\/web\/wp-content\/uploads\/2014\/07\/oficina_casa_luna8.jpg' title=\"Oficina y casa Luna \/ HM Arquitectos (\u00a9 Federico Kulekdjian)\" data-rl_title=\"Oficina y casa Luna \/ HM Arquitectos (\u00a9 Federico Kulekdjian)\" class=\"rl-gallery-link\" data-rl_caption=\"Oficina y casa Luna \/ HM Arquitectos (\u00a9 Federico Kulekdjian)\" data-rel=\"lightbox-gallery-1\"><img loading=\"lazy\" decoding=\"async\" width=\"150\" height=\"150\" src=\"https:\/\/www.arquimaster.com.ar\/web\/wp-content\/uploads\/2014\/07\/oficina_casa_luna8-150x150.jpg\" class=\"attachment-thumbnail size-thumbnail\" alt=\"\" aria-describedby=\"gallery-1-8313\" srcset=\"https:\/\/www.arquimaster.com.ar\/web\/wp-content\/uploads\/2014\/07\/oficina_casa_luna8-150x150.jpg 150w, https:\/\/www.arquimaster.com.ar\/web\/wp-content\/uploads\/2014\/07\/oficina_casa_luna8-50x50.jpg 50w, https:\/\/www.arquimaster.com.ar\/web\/wp-content\/uploads\/2014\/07\/oficina_casa_luna8-125x125.jpg 125w\" sizes=\"auto, (max-width: 150px) 100vw, 150px\" \/><\/a>\n\t\t\t<\/div>\n\t\t\t\t<figcaption class='wp-caption-text gallery-caption' id='gallery-1-8313'>\n\t\t\t\tOficina y casa Luna \/ HM Arquitectos (\u00a9 Federico Kulekdjian)\n\t\t\t\t<\/figcaption><\/figure><figure class='gallery-item'>\n\t\t\t<div class='gallery-icon portrait'>\n\t\t\t\t<a href='https:\/\/www.arquimaster.com.ar\/web\/wp-content\/uploads\/2014\/07\/oficina_casa_luna9.jpg' title=\"Oficina y casa Luna \/ HM Arquitectos (\u00a9 Federico Kulekdjian)\" data-rl_title=\"Oficina y casa Luna \/ HM Arquitectos (\u00a9 Federico Kulekdjian)\" class=\"rl-gallery-link\" data-rl_caption=\"Oficina y casa Luna \/ HM Arquitectos (\u00a9 Federico Kulekdjian)\" data-rel=\"lightbox-gallery-1\"><img loading=\"lazy\" decoding=\"async\" width=\"150\" height=\"150\" src=\"https:\/\/www.arquimaster.com.ar\/web\/wp-content\/uploads\/2014\/07\/oficina_casa_luna9-150x150.jpg\" class=\"attachment-thumbnail size-thumbnail\" alt=\"\" aria-describedby=\"gallery-1-8314\" srcset=\"https:\/\/www.arquimaster.com.ar\/web\/wp-content\/uploads\/2014\/07\/oficina_casa_luna9-150x150.jpg 150w, https:\/\/www.arquimaster.com.ar\/web\/wp-content\/uploads\/2014\/07\/oficina_casa_luna9-50x50.jpg 50w, https:\/\/www.arquimaster.com.ar\/web\/wp-content\/uploads\/2014\/07\/oficina_casa_luna9-125x125.jpg 125w\" sizes=\"auto, (max-width: 150px) 100vw, 150px\" \/><\/a>\n\t\t\t<\/div>\n\t\t\t\t<figcaption class='wp-caption-text gallery-caption' id='gallery-1-8314'>\n\t\t\t\tOficina y casa Luna \/ HM Arquitectos (\u00a9 Federico Kulekdjian)\n\t\t\t\t<\/figcaption><\/figure><figure class='gallery-item'>\n\t\t\t<div class='gallery-icon portrait'>\n\t\t\t\t<a href='https:\/\/www.arquimaster.com.ar\/web\/wp-content\/uploads\/2014\/07\/oficina_casa_luna10.jpg' title=\"Oficina y casa Luna \/ HM Arquitectos (\u00a9 Federico Kulekdjian)\" data-rl_title=\"Oficina y casa Luna \/ HM Arquitectos (\u00a9 Federico Kulekdjian)\" class=\"rl-gallery-link\" data-rl_caption=\"Oficina y casa Luna \/ HM Arquitectos (\u00a9 Federico Kulekdjian)\" data-rel=\"lightbox-gallery-1\"><img loading=\"lazy\" decoding=\"async\" width=\"150\" height=\"150\" src=\"https:\/\/www.arquimaster.com.ar\/web\/wp-content\/uploads\/2014\/07\/oficina_casa_luna10-150x150.jpg\" class=\"attachment-thumbnail size-thumbnail\" alt=\"\" aria-describedby=\"gallery-1-8315\" srcset=\"https:\/\/www.arquimaster.com.ar\/web\/wp-content\/uploads\/2014\/07\/oficina_casa_luna10-150x150.jpg 150w, https:\/\/www.arquimaster.com.ar\/web\/wp-content\/uploads\/2014\/07\/oficina_casa_luna10-50x50.jpg 50w, https:\/\/www.arquimaster.com.ar\/web\/wp-content\/uploads\/2014\/07\/oficina_casa_luna10-125x125.jpg 125w\" sizes=\"auto, (max-width: 150px) 100vw, 150px\" \/><\/a>\n\t\t\t<\/div>\n\t\t\t\t<figcaption class='wp-caption-text gallery-caption' id='gallery-1-8315'>\n\t\t\t\tOficina y casa Luna \/ HM Arquitectos (\u00a9 Federico Kulekdjian)\n\t\t\t\t<\/figcaption><\/figure><figure class='gallery-item'>\n\t\t\t<div class='gallery-icon landscape'>\n\t\t\t\t<a href='https:\/\/www.arquimaster.com.ar\/web\/wp-content\/uploads\/2014\/07\/oficina_casa_luna11.jpg' title=\"Oficina y casa Luna \/ HM Arquitectos (\u00a9 Federico Kulekdjian)\" data-rl_title=\"Oficina y casa Luna \/ HM Arquitectos (\u00a9 Federico Kulekdjian)\" class=\"rl-gallery-link\" data-rl_caption=\"Oficina y casa Luna \/ HM Arquitectos (\u00a9 Federico Kulekdjian)\" data-rel=\"lightbox-gallery-1\"><img loading=\"lazy\" decoding=\"async\" width=\"150\" height=\"150\" src=\"https:\/\/www.arquimaster.com.ar\/web\/wp-content\/uploads\/2014\/07\/oficina_casa_luna11-150x150.jpg\" class=\"attachment-thumbnail size-thumbnail\" alt=\"\" aria-describedby=\"gallery-1-8316\" srcset=\"https:\/\/www.arquimaster.com.ar\/web\/wp-content\/uploads\/2014\/07\/oficina_casa_luna11-150x150.jpg 150w, https:\/\/www.arquimaster.com.ar\/web\/wp-content\/uploads\/2014\/07\/oficina_casa_luna11-50x50.jpg 50w, https:\/\/www.arquimaster.com.ar\/web\/wp-content\/uploads\/2014\/07\/oficina_casa_luna11-125x125.jpg 125w\" sizes=\"auto, (max-width: 150px) 100vw, 150px\" \/><\/a>\n\t\t\t<\/div>\n\t\t\t\t<figcaption class='wp-caption-text gallery-caption' id='gallery-1-8316'>\n\t\t\t\tOficina y casa Luna \/ HM Arquitectos (\u00a9 Federico Kulekdjian)\n\t\t\t\t<\/figcaption><\/figure><figure class='gallery-item'>\n\t\t\t<div class='gallery-icon landscape'>\n\t\t\t\t<a href='https:\/\/www.arquimaster.com.ar\/web\/wp-content\/uploads\/2014\/07\/oficina_casa_luna12.jpg' title=\"Oficina y casa Luna \/ HM Arquitectos (\u00a9 Federico Kulekdjian)\" data-rl_title=\"Oficina y casa Luna \/ HM Arquitectos (\u00a9 Federico Kulekdjian)\" class=\"rl-gallery-link\" data-rl_caption=\"Oficina y casa Luna \/ HM Arquitectos (\u00a9 Federico Kulekdjian)\" data-rel=\"lightbox-gallery-1\"><img loading=\"lazy\" decoding=\"async\" width=\"150\" height=\"150\" src=\"https:\/\/www.arquimaster.com.ar\/web\/wp-content\/uploads\/2014\/07\/oficina_casa_luna12-150x150.jpg\" class=\"attachment-thumbnail size-thumbnail\" alt=\"\" aria-describedby=\"gallery-1-8317\" srcset=\"https:\/\/www.arquimaster.com.ar\/web\/wp-content\/uploads\/2014\/07\/oficina_casa_luna12-150x150.jpg 150w, https:\/\/www.arquimaster.com.ar\/web\/wp-content\/uploads\/2014\/07\/oficina_casa_luna12-50x50.jpg 50w, https:\/\/www.arquimaster.com.ar\/web\/wp-content\/uploads\/2014\/07\/oficina_casa_luna12-125x125.jpg 125w\" sizes=\"auto, (max-width: 150px) 100vw, 150px\" \/><\/a>\n\t\t\t<\/div>\n\t\t\t\t<figcaption class='wp-caption-text gallery-caption' id='gallery-1-8317'>\n\t\t\t\tOficina y casa Luna \/ HM Arquitectos (\u00a9 Federico Kulekdjian)\n\t\t\t\t<\/figcaption><\/figure><figure class='gallery-item'>\n\t\t\t<div class='gallery-icon landscape'>\n\t\t\t\t<a href='https:\/\/www.arquimaster.com.ar\/web\/wp-content\/uploads\/2014\/07\/oficina_casa_luna13.jpg' title=\"Oficina y casa Luna \/ HM Arquitectos (\u00a9 Federico Kulekdjian)\" data-rl_title=\"Oficina y casa Luna \/ HM Arquitectos (\u00a9 Federico Kulekdjian)\" class=\"rl-gallery-link\" data-rl_caption=\"Oficina y casa Luna \/ HM Arquitectos (\u00a9 Federico Kulekdjian)\" data-rel=\"lightbox-gallery-1\"><img loading=\"lazy\" decoding=\"async\" width=\"150\" height=\"150\" src=\"https:\/\/www.arquimaster.com.ar\/web\/wp-content\/uploads\/2014\/07\/oficina_casa_luna13-150x150.jpg\" class=\"attachment-thumbnail size-thumbnail\" alt=\"\" aria-describedby=\"gallery-1-8318\" srcset=\"https:\/\/www.arquimaster.com.ar\/web\/wp-content\/uploads\/2014\/07\/oficina_casa_luna13-150x150.jpg 150w, https:\/\/www.arquimaster.com.ar\/web\/wp-content\/uploads\/2014\/07\/oficina_casa_luna13-50x50.jpg 50w, https:\/\/www.arquimaster.com.ar\/web\/wp-content\/uploads\/2014\/07\/oficina_casa_luna13-125x125.jpg 125w\" sizes=\"auto, (max-width: 150px) 100vw, 150px\" \/><\/a>\n\t\t\t<\/div>\n\t\t\t\t<figcaption class='wp-caption-text gallery-caption' id='gallery-1-8318'>\n\t\t\t\tOficina y casa Luna \/ HM Arquitectos (\u00a9 Federico Kulekdjian)\n\t\t\t\t<\/figcaption><\/figure><figure class='gallery-item'>\n\t\t\t<div class='gallery-icon landscape'>\n\t\t\t\t<a href='https:\/\/www.arquimaster.com.ar\/web\/wp-content\/uploads\/2014\/07\/oficina_casa_luna14.jpg' title=\"Oficina y casa Luna \/ HM Arquitectos (\u00a9 Federico Kulekdjian)\" data-rl_title=\"Oficina y casa Luna \/ HM Arquitectos (\u00a9 Federico Kulekdjian)\" class=\"rl-gallery-link\" data-rl_caption=\"Oficina y casa Luna \/ HM Arquitectos (\u00a9 Federico Kulekdjian)\" data-rel=\"lightbox-gallery-1\"><img loading=\"lazy\" decoding=\"async\" width=\"150\" height=\"150\" src=\"https:\/\/www.arquimaster.com.ar\/web\/wp-content\/uploads\/2014\/07\/oficina_casa_luna14-150x150.jpg\" class=\"attachment-thumbnail size-thumbnail\" alt=\"\" aria-describedby=\"gallery-1-8319\" srcset=\"https:\/\/www.arquimaster.com.ar\/web\/wp-content\/uploads\/2014\/07\/oficina_casa_luna14-150x150.jpg 150w, https:\/\/www.arquimaster.com.ar\/web\/wp-content\/uploads\/2014\/07\/oficina_casa_luna14-50x50.jpg 50w, https:\/\/www.arquimaster.com.ar\/web\/wp-content\/uploads\/2014\/07\/oficina_casa_luna14-125x125.jpg 125w\" sizes=\"auto, (max-width: 150px) 100vw, 150px\" \/><\/a>\n\t\t\t<\/div>\n\t\t\t\t<figcaption class='wp-caption-text gallery-caption' id='gallery-1-8319'>\n\t\t\t\tOficina y casa Luna \/ HM Arquitectos (\u00a9 Federico Kulekdjian)\n\t\t\t\t<\/figcaption><\/figure><figure class='gallery-item'>\n\t\t\t<div class='gallery-icon portrait'>\n\t\t\t\t<a href='https:\/\/www.arquimaster.com.ar\/web\/wp-content\/uploads\/2014\/07\/oficina_casa_luna15.jpg' title=\"Oficina y casa Luna \/ HM Arquitectos (\u00a9 Federico Kulekdjian)\" data-rl_title=\"Oficina y casa Luna \/ HM Arquitectos (\u00a9 Federico Kulekdjian)\" class=\"rl-gallery-link\" data-rl_caption=\"Oficina y casa Luna \/ HM Arquitectos (\u00a9 Federico Kulekdjian)\" data-rel=\"lightbox-gallery-1\"><img loading=\"lazy\" decoding=\"async\" width=\"150\" height=\"150\" src=\"https:\/\/www.arquimaster.com.ar\/web\/wp-content\/uploads\/2014\/07\/oficina_casa_luna15-150x150.jpg\" class=\"attachment-thumbnail size-thumbnail\" alt=\"\" aria-describedby=\"gallery-1-8320\" srcset=\"https:\/\/www.arquimaster.com.ar\/web\/wp-content\/uploads\/2014\/07\/oficina_casa_luna15-150x150.jpg 150w, https:\/\/www.arquimaster.com.ar\/web\/wp-content\/uploads\/2014\/07\/oficina_casa_luna15-50x50.jpg 50w, https:\/\/www.arquimaster.com.ar\/web\/wp-content\/uploads\/2014\/07\/oficina_casa_luna15-125x125.jpg 125w\" sizes=\"auto, (max-width: 150px) 100vw, 150px\" \/><\/a>\n\t\t\t<\/div>\n\t\t\t\t<figcaption class='wp-caption-text gallery-caption' id='gallery-1-8320'>\n\t\t\t\tOficina y casa Luna \/ HM Arquitectos (\u00a9 Federico Kulekdjian)\n\t\t\t\t<\/figcaption><\/figure><figure class='gallery-item'>\n\t\t\t<div class='gallery-icon landscape'>\n\t\t\t\t<a href='https:\/\/www.arquimaster.com.ar\/web\/wp-content\/uploads\/2014\/07\/oficina_casa_luna16.jpg' title=\"Oficina y casa Luna \/ HM Arquitectos (\u00a9 Federico Kulekdjian)\" data-rl_title=\"Oficina y casa Luna \/ HM Arquitectos (\u00a9 Federico Kulekdjian)\" class=\"rl-gallery-link\" data-rl_caption=\"Oficina y casa Luna \/ HM Arquitectos (\u00a9 Federico Kulekdjian)\" data-rel=\"lightbox-gallery-1\"><img loading=\"lazy\" decoding=\"async\" width=\"150\" height=\"150\" src=\"https:\/\/www.arquimaster.com.ar\/web\/wp-content\/uploads\/2014\/07\/oficina_casa_luna16-150x150.jpg\" class=\"attachment-thumbnail size-thumbnail\" alt=\"\" aria-describedby=\"gallery-1-8321\" srcset=\"https:\/\/www.arquimaster.com.ar\/web\/wp-content\/uploads\/2014\/07\/oficina_casa_luna16-150x150.jpg 150w, https:\/\/www.arquimaster.com.ar\/web\/wp-content\/uploads\/2014\/07\/oficina_casa_luna16-50x50.jpg 50w, https:\/\/www.arquimaster.com.ar\/web\/wp-content\/uploads\/2014\/07\/oficina_casa_luna16-125x125.jpg 125w\" sizes=\"auto, (max-width: 150px) 100vw, 150px\" \/><\/a>\n\t\t\t<\/div>\n\t\t\t\t<figcaption class='wp-caption-text gallery-caption' id='gallery-1-8321'>\n\t\t\t\tOficina y casa Luna \/ HM Arquitectos (\u00a9 Federico Kulekdjian)\n\t\t\t\t<\/figcaption><\/figure><figure class='gallery-item'>\n\t\t\t<div class='gallery-icon landscape'>\n\t\t\t\t<a href='https:\/\/www.arquimaster.com.ar\/web\/wp-content\/uploads\/2014\/07\/oficina_casa_luna17.jpg' title=\"Oficina y casa Luna \/ HM Arquitectos (\u00a9 Federico Kulekdjian)\" data-rl_title=\"Oficina y casa Luna \/ HM Arquitectos (\u00a9 Federico Kulekdjian)\" class=\"rl-gallery-link\" data-rl_caption=\"Oficina y casa Luna \/ HM Arquitectos (\u00a9 Federico Kulekdjian)\" data-rel=\"lightbox-gallery-1\"><img loading=\"lazy\" decoding=\"async\" width=\"150\" height=\"150\" src=\"https:\/\/www.arquimaster.com.ar\/web\/wp-content\/uploads\/2014\/07\/oficina_casa_luna17-150x150.jpg\" class=\"attachment-thumbnail size-thumbnail\" alt=\"\" aria-describedby=\"gallery-1-8322\" srcset=\"https:\/\/www.arquimaster.com.ar\/web\/wp-content\/uploads\/2014\/07\/oficina_casa_luna17-150x150.jpg 150w, https:\/\/www.arquimaster.com.ar\/web\/wp-content\/uploads\/2014\/07\/oficina_casa_luna17-50x50.jpg 50w, https:\/\/www.arquimaster.com.ar\/web\/wp-content\/uploads\/2014\/07\/oficina_casa_luna17-125x125.jpg 125w\" sizes=\"auto, (max-width: 150px) 100vw, 150px\" \/><\/a>\n\t\t\t<\/div>\n\t\t\t\t<figcaption class='wp-caption-text gallery-caption' id='gallery-1-8322'>\n\t\t\t\tOficina y casa Luna \/ HM Arquitectos (\u00a9 Federico Kulekdjian)\n\t\t\t\t<\/figcaption><\/figure><figure class='gallery-item'>\n\t\t\t<div class='gallery-icon landscape'>\n\t\t\t\t<a href='https:\/\/www.arquimaster.com.ar\/web\/wp-content\/uploads\/2014\/07\/oficina_casa_luna18.jpg' title=\"Oficina y casa Luna \/ HM Arquitectos (\u00a9 Federico Kulekdjian)\" data-rl_title=\"Oficina y casa Luna \/ HM Arquitectos (\u00a9 Federico Kulekdjian)\" class=\"rl-gallery-link\" data-rl_caption=\"Oficina y casa Luna \/ HM Arquitectos (\u00a9 Federico Kulekdjian)\" data-rel=\"lightbox-gallery-1\"><img loading=\"lazy\" decoding=\"async\" width=\"150\" height=\"150\" src=\"https:\/\/www.arquimaster.com.ar\/web\/wp-content\/uploads\/2014\/07\/oficina_casa_luna18-150x150.jpg\" class=\"attachment-thumbnail size-thumbnail\" alt=\"\" aria-describedby=\"gallery-1-8323\" srcset=\"https:\/\/www.arquimaster.com.ar\/web\/wp-content\/uploads\/2014\/07\/oficina_casa_luna18-150x150.jpg 150w, https:\/\/www.arquimaster.com.ar\/web\/wp-content\/uploads\/2014\/07\/oficina_casa_luna18-50x50.jpg 50w, https:\/\/www.arquimaster.com.ar\/web\/wp-content\/uploads\/2014\/07\/oficina_casa_luna18-125x125.jpg 125w\" sizes=\"auto, (max-width: 150px) 100vw, 150px\" \/><\/a>\n\t\t\t<\/div>\n\t\t\t\t<figcaption class='wp-caption-text gallery-caption' id='gallery-1-8323'>\n\t\t\t\tOficina y casa Luna \/ HM Arquitectos (\u00a9 Federico Kulekdjian)\n\t\t\t\t<\/figcaption><\/figure><figure class='gallery-item'>\n\t\t\t<div class='gallery-icon portrait'>\n\t\t\t\t<a href='https:\/\/www.arquimaster.com.ar\/web\/wp-content\/uploads\/2014\/07\/oficina_casa_luna19.jpg' title=\"Oficina y casa Luna \/ HM Arquitectos (\u00a9 Federico Kulekdjian)\" data-rl_title=\"Oficina y casa Luna \/ HM Arquitectos (\u00a9 Federico Kulekdjian)\" class=\"rl-gallery-link\" data-rl_caption=\"Oficina y casa Luna \/ HM Arquitectos (\u00a9 Federico Kulekdjian)\" data-rel=\"lightbox-gallery-1\"><img loading=\"lazy\" decoding=\"async\" width=\"150\" height=\"150\" src=\"https:\/\/www.arquimaster.com.ar\/web\/wp-content\/uploads\/2014\/07\/oficina_casa_luna19-150x150.jpg\" class=\"attachment-thumbnail size-thumbnail\" alt=\"\" aria-describedby=\"gallery-1-8324\" srcset=\"https:\/\/www.arquimaster.com.ar\/web\/wp-content\/uploads\/2014\/07\/oficina_casa_luna19-150x150.jpg 150w, https:\/\/www.arquimaster.com.ar\/web\/wp-content\/uploads\/2014\/07\/oficina_casa_luna19-50x50.jpg 50w, https:\/\/www.arquimaster.com.ar\/web\/wp-content\/uploads\/2014\/07\/oficina_casa_luna19-125x125.jpg 125w\" sizes=\"auto, (max-width: 150px) 100vw, 150px\" \/><\/a>\n\t\t\t<\/div>\n\t\t\t\t<figcaption class='wp-caption-text gallery-caption' id='gallery-1-8324'>\n\t\t\t\tOficina y casa Luna \/ HM Arquitectos (\u00a9 Federico Kulekdjian)\n\t\t\t\t<\/figcaption><\/figure><figure class='gallery-item'>\n\t\t\t<div class='gallery-icon portrait'>\n\t\t\t\t<a href='https:\/\/www.arquimaster.com.ar\/web\/wp-content\/uploads\/2014\/07\/oficina_casa_luna20.jpg' title=\"Oficina y casa Luna \/ HM Arquitectos (\u00a9 Federico Kulekdjian)\" data-rl_title=\"Oficina y casa Luna \/ HM Arquitectos (\u00a9 Federico Kulekdjian)\" class=\"rl-gallery-link\" data-rl_caption=\"Oficina y casa Luna \/ HM Arquitectos (\u00a9 Federico Kulekdjian)\" data-rel=\"lightbox-gallery-1\"><img loading=\"lazy\" decoding=\"async\" width=\"150\" height=\"150\" src=\"https:\/\/www.arquimaster.com.ar\/web\/wp-content\/uploads\/2014\/07\/oficina_casa_luna20-150x150.jpg\" class=\"attachment-thumbnail size-thumbnail\" alt=\"\" aria-describedby=\"gallery-1-8325\" srcset=\"https:\/\/www.arquimaster.com.ar\/web\/wp-content\/uploads\/2014\/07\/oficina_casa_luna20-150x150.jpg 150w, https:\/\/www.arquimaster.com.ar\/web\/wp-content\/uploads\/2014\/07\/oficina_casa_luna20-50x50.jpg 50w, https:\/\/www.arquimaster.com.ar\/web\/wp-content\/uploads\/2014\/07\/oficina_casa_luna20-125x125.jpg 125w\" sizes=\"auto, (max-width: 150px) 100vw, 150px\" \/><\/a>\n\t\t\t<\/div>\n\t\t\t\t<figcaption class='wp-caption-text gallery-caption' id='gallery-1-8325'>\n\t\t\t\tOficina y casa Luna \/ HM Arquitectos (\u00a9 Federico Kulekdjian)\n\t\t\t\t<\/figcaption><\/figure><figure class='gallery-item'>\n\t\t\t<div class='gallery-icon landscape'>\n\t\t\t\t<a href='https:\/\/www.arquimaster.com.ar\/web\/wp-content\/uploads\/2014\/07\/oficina_casa_luna21.jpg' title=\"Oficina y casa Luna \/ HM Arquitectos (\u00a9 Federico Kulekdjian)\" data-rl_title=\"Oficina y casa Luna \/ HM Arquitectos (\u00a9 Federico Kulekdjian)\" class=\"rl-gallery-link\" data-rl_caption=\"Oficina y casa Luna \/ HM Arquitectos (\u00a9 Federico Kulekdjian)\" data-rel=\"lightbox-gallery-1\"><img loading=\"lazy\" decoding=\"async\" width=\"150\" height=\"150\" src=\"https:\/\/www.arquimaster.com.ar\/web\/wp-content\/uploads\/2014\/07\/oficina_casa_luna21-150x150.jpg\" class=\"attachment-thumbnail size-thumbnail\" alt=\"\" aria-describedby=\"gallery-1-8326\" srcset=\"https:\/\/www.arquimaster.com.ar\/web\/wp-content\/uploads\/2014\/07\/oficina_casa_luna21-150x150.jpg 150w, https:\/\/www.arquimaster.com.ar\/web\/wp-content\/uploads\/2014\/07\/oficina_casa_luna21-50x50.jpg 50w, https:\/\/www.arquimaster.com.ar\/web\/wp-content\/uploads\/2014\/07\/oficina_casa_luna21-125x125.jpg 125w\" sizes=\"auto, (max-width: 150px) 100vw, 150px\" \/><\/a>\n\t\t\t<\/div>\n\t\t\t\t<figcaption class='wp-caption-text gallery-caption' id='gallery-1-8326'>\n\t\t\t\tOficina y casa Luna \/ HM Arquitectos (\u00a9 Federico Kulekdjian)\n\t\t\t\t<\/figcaption><\/figure><figure class='gallery-item'>\n\t\t\t<div class='gallery-icon portrait'>\n\t\t\t\t<a href='https:\/\/www.arquimaster.com.ar\/web\/wp-content\/uploads\/2014\/07\/oficina_casa_luna22.jpg' title=\"Oficina y casa Luna \/ HM Arquitectos (\u00a9 Federico Kulekdjian)\" data-rl_title=\"Oficina y casa Luna \/ HM Arquitectos (\u00a9 Federico Kulekdjian)\" class=\"rl-gallery-link\" data-rl_caption=\"Oficina y casa Luna \/ HM Arquitectos (\u00a9 Federico Kulekdjian)\" data-rel=\"lightbox-gallery-1\"><img loading=\"lazy\" decoding=\"async\" width=\"150\" height=\"150\" src=\"https:\/\/www.arquimaster.com.ar\/web\/wp-content\/uploads\/2014\/07\/oficina_casa_luna22-150x150.jpg\" class=\"attachment-thumbnail size-thumbnail\" alt=\"\" aria-describedby=\"gallery-1-8327\" srcset=\"https:\/\/www.arquimaster.com.ar\/web\/wp-content\/uploads\/2014\/07\/oficina_casa_luna22-150x150.jpg 150w, https:\/\/www.arquimaster.com.ar\/web\/wp-content\/uploads\/2014\/07\/oficina_casa_luna22-50x50.jpg 50w, https:\/\/www.arquimaster.com.ar\/web\/wp-content\/uploads\/2014\/07\/oficina_casa_luna22-125x125.jpg 125w\" sizes=\"auto, (max-width: 150px) 100vw, 150px\" \/><\/a>\n\t\t\t<\/div>\n\t\t\t\t<figcaption class='wp-caption-text gallery-caption' id='gallery-1-8327'>\n\t\t\t\tOficina y casa Luna \/ HM Arquitectos (\u00a9 Federico Kulekdjian)\n\t\t\t\t<\/figcaption><\/figure><figure class='gallery-item'>\n\t\t\t<div class='gallery-icon portrait'>\n\t\t\t\t<a href='https:\/\/www.arquimaster.com.ar\/web\/wp-content\/uploads\/2014\/07\/oficina_casa_luna23.jpg' title=\"Oficina y casa Luna \/ HM Arquitectos (\u00a9 Federico Kulekdjian)\" data-rl_title=\"Oficina y casa Luna \/ HM Arquitectos (\u00a9 Federico Kulekdjian)\" class=\"rl-gallery-link\" data-rl_caption=\"Oficina y casa Luna \/ HM Arquitectos (\u00a9 Federico Kulekdjian)\" data-rel=\"lightbox-gallery-1\"><img loading=\"lazy\" decoding=\"async\" width=\"150\" height=\"150\" src=\"https:\/\/www.arquimaster.com.ar\/web\/wp-content\/uploads\/2014\/07\/oficina_casa_luna23-150x150.jpg\" class=\"attachment-thumbnail size-thumbnail\" alt=\"\" aria-describedby=\"gallery-1-8328\" srcset=\"https:\/\/www.arquimaster.com.ar\/web\/wp-content\/uploads\/2014\/07\/oficina_casa_luna23-150x150.jpg 150w, https:\/\/www.arquimaster.com.ar\/web\/wp-content\/uploads\/2014\/07\/oficina_casa_luna23-50x50.jpg 50w, https:\/\/www.arquimaster.com.ar\/web\/wp-content\/uploads\/2014\/07\/oficina_casa_luna23-125x125.jpg 125w\" sizes=\"auto, (max-width: 150px) 100vw, 150px\" \/><\/a>\n\t\t\t<\/div>\n\t\t\t\t<figcaption class='wp-caption-text gallery-caption' id='gallery-1-8328'>\n\t\t\t\tOficina y casa Luna \/ HM Arquitectos (\u00a9 Federico Kulekdjian)\n\t\t\t\t<\/figcaption><\/figure><figure class='gallery-item'>\n\t\t\t<div class='gallery-icon portrait'>\n\t\t\t\t<a href='https:\/\/www.arquimaster.com.ar\/web\/wp-content\/uploads\/2014\/07\/oficina_casa_luna24.jpg' title=\"Oficina y casa Luna \/ HM Arquitectos (\u00a9 Federico Kulekdjian)\" data-rl_title=\"Oficina y casa Luna \/ HM Arquitectos (\u00a9 Federico Kulekdjian)\" class=\"rl-gallery-link\" data-rl_caption=\"Oficina y casa Luna \/ HM Arquitectos (\u00a9 Federico Kulekdjian)\" data-rel=\"lightbox-gallery-1\"><img loading=\"lazy\" decoding=\"async\" width=\"150\" height=\"150\" src=\"https:\/\/www.arquimaster.com.ar\/web\/wp-content\/uploads\/2014\/07\/oficina_casa_luna24-150x150.jpg\" class=\"attachment-thumbnail size-thumbnail\" alt=\"\" aria-describedby=\"gallery-1-8329\" srcset=\"https:\/\/www.arquimaster.com.ar\/web\/wp-content\/uploads\/2014\/07\/oficina_casa_luna24-150x150.jpg 150w, https:\/\/www.arquimaster.com.ar\/web\/wp-content\/uploads\/2014\/07\/oficina_casa_luna24-50x50.jpg 50w, https:\/\/www.arquimaster.com.ar\/web\/wp-content\/uploads\/2014\/07\/oficina_casa_luna24-125x125.jpg 125w\" sizes=\"auto, (max-width: 150px) 100vw, 150px\" \/><\/a>\n\t\t\t<\/div>\n\t\t\t\t<figcaption class='wp-caption-text gallery-caption' id='gallery-1-8329'>\n\t\t\t\tOficina y casa Luna \/ HM Arquitectos (\u00a9 Federico Kulekdjian)\n\t\t\t\t<\/figcaption><\/figure><figure class='gallery-item'>\n\t\t\t<div class='gallery-icon landscape'>\n\t\t\t\t<a href='https:\/\/www.arquimaster.com.ar\/web\/wp-content\/uploads\/2014\/07\/oficina_casa_luna25.jpg' title=\"Oficina y casa Luna \/ HM Arquitectos (planta baja)\" data-rl_title=\"Oficina y casa Luna \/ HM Arquitectos (planta baja)\" class=\"rl-gallery-link\" data-rl_caption=\"Oficina y casa Luna \/ HM Arquitectos (planta baja)\" data-rel=\"lightbox-gallery-1\"><img loading=\"lazy\" decoding=\"async\" width=\"150\" height=\"150\" src=\"https:\/\/www.arquimaster.com.ar\/web\/wp-content\/uploads\/2014\/07\/oficina_casa_luna25-150x150.jpg\" class=\"attachment-thumbnail size-thumbnail\" alt=\"\" aria-describedby=\"gallery-1-8330\" srcset=\"https:\/\/www.arquimaster.com.ar\/web\/wp-content\/uploads\/2014\/07\/oficina_casa_luna25-150x150.jpg 150w, https:\/\/www.arquimaster.com.ar\/web\/wp-content\/uploads\/2014\/07\/oficina_casa_luna25-50x50.jpg 50w, https:\/\/www.arquimaster.com.ar\/web\/wp-content\/uploads\/2014\/07\/oficina_casa_luna25-125x125.jpg 125w\" sizes=\"auto, (max-width: 150px) 100vw, 150px\" \/><\/a>\n\t\t\t<\/div>\n\t\t\t\t<figcaption class='wp-caption-text gallery-caption' id='gallery-1-8330'>\n\t\t\t\tOficina y casa Luna \/ HM Arquitectos (planta baja)\n\t\t\t\t<\/figcaption><\/figure><figure class='gallery-item'>\n\t\t\t<div class='gallery-icon landscape'>\n\t\t\t\t<a href='https:\/\/www.arquimaster.com.ar\/web\/wp-content\/uploads\/2014\/07\/oficina_casa_luna26.jpg' title=\"Oficina y casa Luna \/ HM Arquitectos (planta alta)\" data-rl_title=\"Oficina y casa Luna \/ HM Arquitectos (planta alta)\" class=\"rl-gallery-link\" data-rl_caption=\"Oficina y casa Luna \/ HM Arquitectos (planta alta)\" data-rel=\"lightbox-gallery-1\"><img loading=\"lazy\" decoding=\"async\" width=\"150\" height=\"150\" src=\"https:\/\/www.arquimaster.com.ar\/web\/wp-content\/uploads\/2014\/07\/oficina_casa_luna26-150x150.jpg\" class=\"attachment-thumbnail size-thumbnail\" alt=\"\" aria-describedby=\"gallery-1-8331\" srcset=\"https:\/\/www.arquimaster.com.ar\/web\/wp-content\/uploads\/2014\/07\/oficina_casa_luna26-150x150.jpg 150w, https:\/\/www.arquimaster.com.ar\/web\/wp-content\/uploads\/2014\/07\/oficina_casa_luna26-50x50.jpg 50w, https:\/\/www.arquimaster.com.ar\/web\/wp-content\/uploads\/2014\/07\/oficina_casa_luna26-125x125.jpg 125w\" sizes=\"auto, (max-width: 150px) 100vw, 150px\" \/><\/a>\n\t\t\t<\/div>\n\t\t\t\t<figcaption class='wp-caption-text gallery-caption' id='gallery-1-8331'>\n\t\t\t\tOficina y casa Luna \/ HM Arquitectos (planta alta)\n\t\t\t\t<\/figcaption><\/figure><figure class='gallery-item'>\n\t\t\t<div class='gallery-icon landscape'>\n\t\t\t\t<a href='https:\/\/www.arquimaster.com.ar\/web\/wp-content\/uploads\/2014\/07\/oficina_casa_luna27.jpg' title=\"Oficina y casa Luna \/ HM Arquitectos (planta de techos)\" data-rl_title=\"Oficina y casa Luna \/ HM Arquitectos (planta de techos)\" class=\"rl-gallery-link\" data-rl_caption=\"Oficina y casa Luna \/ HM Arquitectos (planta de techos)\" data-rel=\"lightbox-gallery-1\"><img loading=\"lazy\" decoding=\"async\" width=\"150\" height=\"150\" src=\"https:\/\/www.arquimaster.com.ar\/web\/wp-content\/uploads\/2014\/07\/oficina_casa_luna27-150x150.jpg\" class=\"attachment-thumbnail size-thumbnail\" alt=\"\" aria-describedby=\"gallery-1-8332\" srcset=\"https:\/\/www.arquimaster.com.ar\/web\/wp-content\/uploads\/2014\/07\/oficina_casa_luna27-150x150.jpg 150w, https:\/\/www.arquimaster.com.ar\/web\/wp-content\/uploads\/2014\/07\/oficina_casa_luna27-50x50.jpg 50w, https:\/\/www.arquimaster.com.ar\/web\/wp-content\/uploads\/2014\/07\/oficina_casa_luna27-125x125.jpg 125w\" sizes=\"auto, (max-width: 150px) 100vw, 150px\" \/><\/a>\n\t\t\t<\/div>\n\t\t\t\t<figcaption class='wp-caption-text gallery-caption' id='gallery-1-8332'>\n\t\t\t\tOficina y casa Luna \/ HM Arquitectos (planta de techos)\n\t\t\t\t<\/figcaption><\/figure><figure class='gallery-item'>\n\t\t\t<div class='gallery-icon landscape'>\n\t\t\t\t<a href='https:\/\/www.arquimaster.com.ar\/web\/wp-content\/uploads\/2014\/07\/oficina_casa_luna28.jpg' title=\"Oficina y casa Luna \/ HM Arquitectos (corte)\" data-rl_title=\"Oficina y casa Luna \/ HM Arquitectos (corte)\" class=\"rl-gallery-link\" data-rl_caption=\"Oficina y casa Luna \/ HM Arquitectos (corte)\" data-rel=\"lightbox-gallery-1\"><img loading=\"lazy\" decoding=\"async\" width=\"150\" height=\"150\" src=\"https:\/\/www.arquimaster.com.ar\/web\/wp-content\/uploads\/2014\/07\/oficina_casa_luna28-150x150.jpg\" class=\"attachment-thumbnail size-thumbnail\" alt=\"\" aria-describedby=\"gallery-1-8333\" srcset=\"https:\/\/www.arquimaster.com.ar\/web\/wp-content\/uploads\/2014\/07\/oficina_casa_luna28-150x150.jpg 150w, https:\/\/www.arquimaster.com.ar\/web\/wp-content\/uploads\/2014\/07\/oficina_casa_luna28-50x50.jpg 50w, https:\/\/www.arquimaster.com.ar\/web\/wp-content\/uploads\/2014\/07\/oficina_casa_luna28-125x125.jpg 125w\" sizes=\"auto, (max-width: 150px) 100vw, 150px\" \/><\/a>\n\t\t\t<\/div>\n\t\t\t\t<figcaption class='wp-caption-text gallery-caption' id='gallery-1-8333'>\n\t\t\t\tOficina y casa Luna \/ HM Arquitectos (corte)\n\t\t\t\t<\/figcaption><\/figure><figure class='gallery-item'>\n\t\t\t<div class='gallery-icon landscape'>\n\t\t\t\t<a href='https:\/\/www.arquimaster.com.ar\/web\/wp-content\/uploads\/2014\/07\/oficina_casa_luna29.jpg' title=\"Oficina y casa Luna \/ HM Arquitectos (corte)\" data-rl_title=\"Oficina y casa Luna \/ HM Arquitectos (corte)\" class=\"rl-gallery-link\" data-rl_caption=\"Oficina y casa Luna \/ HM Arquitectos (corte)\" data-rel=\"lightbox-gallery-1\"><img loading=\"lazy\" decoding=\"async\" width=\"150\" height=\"150\" src=\"https:\/\/www.arquimaster.com.ar\/web\/wp-content\/uploads\/2014\/07\/oficina_casa_luna29-150x150.jpg\" class=\"attachment-thumbnail size-thumbnail\" alt=\"\" aria-describedby=\"gallery-1-8334\" srcset=\"https:\/\/www.arquimaster.com.ar\/web\/wp-content\/uploads\/2014\/07\/oficina_casa_luna29-150x150.jpg 150w, https:\/\/www.arquimaster.com.ar\/web\/wp-content\/uploads\/2014\/07\/oficina_casa_luna29-50x50.jpg 50w, https:\/\/www.arquimaster.com.ar\/web\/wp-content\/uploads\/2014\/07\/oficina_casa_luna29-125x125.jpg 125w\" sizes=\"auto, (max-width: 150px) 100vw, 150px\" \/><\/a>\n\t\t\t<\/div>\n\t\t\t\t<figcaption class='wp-caption-text gallery-caption' id='gallery-1-8334'>\n\t\t\t\tOficina y casa Luna \/ HM Arquitectos (corte)\n\t\t\t\t<\/figcaption><\/figure><figure class='gallery-item'>\n\t\t\t<div class='gallery-icon landscape'>\n\t\t\t\t<a href='https:\/\/www.arquimaster.com.ar\/web\/wp-content\/uploads\/2014\/07\/oficina_casa_luna30.jpg' title=\"Oficina y casa Luna \/ HM Arquitectos (corte)\" data-rl_title=\"Oficina y casa Luna \/ HM Arquitectos (corte)\" class=\"rl-gallery-link\" data-rl_caption=\"Oficina y casa Luna \/ HM Arquitectos (corte)\" data-rel=\"lightbox-gallery-1\"><img loading=\"lazy\" decoding=\"async\" width=\"150\" height=\"150\" src=\"https:\/\/www.arquimaster.com.ar\/web\/wp-content\/uploads\/2014\/07\/oficina_casa_luna30-150x150.jpg\" class=\"attachment-thumbnail size-thumbnail\" alt=\"\" aria-describedby=\"gallery-1-8335\" srcset=\"https:\/\/www.arquimaster.com.ar\/web\/wp-content\/uploads\/2014\/07\/oficina_casa_luna30-150x150.jpg 150w, https:\/\/www.arquimaster.com.ar\/web\/wp-content\/uploads\/2014\/07\/oficina_casa_luna30-50x50.jpg 50w, https:\/\/www.arquimaster.com.ar\/web\/wp-content\/uploads\/2014\/07\/oficina_casa_luna30-125x125.jpg 125w\" sizes=\"auto, (max-width: 150px) 100vw, 150px\" \/><\/a>\n\t\t\t<\/div>\n\t\t\t\t<figcaption class='wp-caption-text gallery-caption' id='gallery-1-8335'>\n\t\t\t\tOficina y casa Luna \/ HM Arquitectos (corte)\n\t\t\t\t<\/figcaption><\/figure><figure class='gallery-item'>\n\t\t\t<div class='gallery-icon landscape'>\n\t\t\t\t<a href='https:\/\/www.arquimaster.com.ar\/web\/wp-content\/uploads\/2014\/07\/oficina_casa_luna32.jpg' title=\"Oficina y casa Luna \/ HM Arquitectos (corte)\" data-rl_title=\"Oficina y casa Luna \/ HM Arquitectos (corte)\" class=\"rl-gallery-link\" data-rl_caption=\"Oficina y casa Luna \/ HM Arquitectos (corte)\" data-rel=\"lightbox-gallery-1\"><img loading=\"lazy\" decoding=\"async\" width=\"150\" height=\"150\" src=\"https:\/\/www.arquimaster.com.ar\/web\/wp-content\/uploads\/2014\/07\/oficina_casa_luna32-150x150.jpg\" class=\"attachment-thumbnail size-thumbnail\" alt=\"\" aria-describedby=\"gallery-1-8337\" srcset=\"https:\/\/www.arquimaster.com.ar\/web\/wp-content\/uploads\/2014\/07\/oficina_casa_luna32-150x150.jpg 150w, https:\/\/www.arquimaster.com.ar\/web\/wp-content\/uploads\/2014\/07\/oficina_casa_luna32-50x50.jpg 50w, https:\/\/www.arquimaster.com.ar\/web\/wp-content\/uploads\/2014\/07\/oficina_casa_luna32-125x125.jpg 125w\" sizes=\"auto, (max-width: 150px) 100vw, 150px\" \/><\/a>\n\t\t\t<\/div>\n\t\t\t\t<figcaption class='wp-caption-text gallery-caption' id='gallery-1-8337'>\n\t\t\t\tOficina y casa Luna \/ HM Arquitectos (corte)\n\t\t\t\t<\/figcaption><\/figure><figure class='gallery-item'>\n\t\t\t<div class='gallery-icon landscape'>\n\t\t\t\t<a href='https:\/\/www.arquimaster.com.ar\/web\/wp-content\/uploads\/2014\/07\/oficina_casa_luna31.jpg' title=\"Oficina y casa Luna \/ HM Arquitectos (corte vista)\" data-rl_title=\"Oficina y casa Luna \/ HM Arquitectos (corte vista)\" class=\"rl-gallery-link\" data-rl_caption=\"Oficina y casa Luna \/ HM Arquitectos (corte vista)\" data-rel=\"lightbox-gallery-1\"><img loading=\"lazy\" decoding=\"async\" width=\"150\" height=\"150\" src=\"https:\/\/www.arquimaster.com.ar\/web\/wp-content\/uploads\/2014\/07\/oficina_casa_luna31-150x150.jpg\" class=\"attachment-thumbnail size-thumbnail\" alt=\"\" aria-describedby=\"gallery-1-8336\" srcset=\"https:\/\/www.arquimaster.com.ar\/web\/wp-content\/uploads\/2014\/07\/oficina_casa_luna31-150x150.jpg 150w, https:\/\/www.arquimaster.com.ar\/web\/wp-content\/uploads\/2014\/07\/oficina_casa_luna31-50x50.jpg 50w, https:\/\/www.arquimaster.com.ar\/web\/wp-content\/uploads\/2014\/07\/oficina_casa_luna31-125x125.jpg 125w\" sizes=\"auto, (max-width: 150px) 100vw, 150px\" \/><\/a>\n\t\t\t<\/div>\n\t\t\t\t<figcaption class='wp-caption-text gallery-caption' id='gallery-1-8336'>\n\t\t\t\tOficina y casa Luna \/ HM Arquitectos (corte vista)\n\t\t\t\t<\/figcaption><\/figure><figure class='gallery-item'>\n\t\t\t<div class='gallery-icon landscape'>\n\t\t\t\t<a href='https:\/\/www.arquimaster.com.ar\/web\/wp-content\/uploads\/2014\/07\/oficina_casa_luna33.jpg' title=\"Oficina y casa Luna \/ HM Arquitectos (corte vista)\" data-rl_title=\"Oficina y casa Luna \/ HM Arquitectos (corte vista)\" class=\"rl-gallery-link\" data-rl_caption=\"Oficina y casa Luna \/ HM Arquitectos (corte vista)\" data-rel=\"lightbox-gallery-1\"><img loading=\"lazy\" decoding=\"async\" width=\"150\" height=\"150\" src=\"https:\/\/www.arquimaster.com.ar\/web\/wp-content\/uploads\/2014\/07\/oficina_casa_luna33-150x150.jpg\" class=\"attachment-thumbnail size-thumbnail\" alt=\"\" aria-describedby=\"gallery-1-8338\" srcset=\"https:\/\/www.arquimaster.com.ar\/web\/wp-content\/uploads\/2014\/07\/oficina_casa_luna33-150x150.jpg 150w, https:\/\/www.arquimaster.com.ar\/web\/wp-content\/uploads\/2014\/07\/oficina_casa_luna33-50x50.jpg 50w, https:\/\/www.arquimaster.com.ar\/web\/wp-content\/uploads\/2014\/07\/oficina_casa_luna33-125x125.jpg 125w\" sizes=\"auto, (max-width: 150px) 100vw, 150px\" \/><\/a>\n\t\t\t<\/div>\n\t\t\t\t<figcaption class='wp-caption-text gallery-caption' id='gallery-1-8338'>\n\t\t\t\tOficina y casa Luna \/ HM Arquitectos (corte vista)\n\t\t\t\t<\/figcaption><\/figure><figure class='gallery-item'>\n\t\t\t<div class='gallery-icon landscape'>\n\t\t\t\t<a href='https:\/\/www.arquimaster.com.ar\/web\/wp-content\/uploads\/2014\/07\/oficina_casa_luna34.jpg' title=\"Oficina y casa Luna \/ HM Arquitectos (vista frente)\" data-rl_title=\"Oficina y casa Luna \/ HM Arquitectos (vista frente)\" class=\"rl-gallery-link\" data-rl_caption=\"Oficina y casa Luna \/ HM Arquitectos (vista frente)\" data-rel=\"lightbox-gallery-1\"><img loading=\"lazy\" decoding=\"async\" width=\"150\" height=\"150\" src=\"https:\/\/www.arquimaster.com.ar\/web\/wp-content\/uploads\/2014\/07\/oficina_casa_luna34-150x150.jpg\" class=\"attachment-thumbnail size-thumbnail\" alt=\"\" aria-describedby=\"gallery-1-8339\" srcset=\"https:\/\/www.arquimaster.com.ar\/web\/wp-content\/uploads\/2014\/07\/oficina_casa_luna34-150x150.jpg 150w, https:\/\/www.arquimaster.com.ar\/web\/wp-content\/uploads\/2014\/07\/oficina_casa_luna34-50x50.jpg 50w, https:\/\/www.arquimaster.com.ar\/web\/wp-content\/uploads\/2014\/07\/oficina_casa_luna34-125x125.jpg 125w\" sizes=\"auto, (max-width: 150px) 100vw, 150px\" \/><\/a>\n\t\t\t<\/div>\n\t\t\t\t<figcaption class='wp-caption-text gallery-caption' id='gallery-1-8339'>\n\t\t\t\tOficina y casa Luna \/ HM Arquitectos (vista frente)\n\t\t\t\t<\/figcaption><\/figure><figure class='gallery-item'>\n\t\t\t<div class='gallery-icon landscape'>\n\t\t\t\t<a href='https:\/\/www.arquimaster.com.ar\/web\/wp-content\/uploads\/2014\/07\/oficina_casa_luna35.jpg' title=\"Oficina y casa Luna \/ HM Arquitectos (esquemas)\" data-rl_title=\"Oficina y casa Luna \/ HM Arquitectos (esquemas)\" class=\"rl-gallery-link\" data-rl_caption=\"Oficina y casa Luna \/ HM Arquitectos (esquemas)\" data-rel=\"lightbox-gallery-1\"><img loading=\"lazy\" decoding=\"async\" width=\"150\" height=\"150\" src=\"https:\/\/www.arquimaster.com.ar\/web\/wp-content\/uploads\/2014\/07\/oficina_casa_luna35-150x150.jpg\" class=\"attachment-thumbnail size-thumbnail\" alt=\"\" aria-describedby=\"gallery-1-8340\" srcset=\"https:\/\/www.arquimaster.com.ar\/web\/wp-content\/uploads\/2014\/07\/oficina_casa_luna35-150x150.jpg 150w, https:\/\/www.arquimaster.com.ar\/web\/wp-content\/uploads\/2014\/07\/oficina_casa_luna35-50x50.jpg 50w, https:\/\/www.arquimaster.com.ar\/web\/wp-content\/uploads\/2014\/07\/oficina_casa_luna35-125x125.jpg 125w\" sizes=\"auto, (max-width: 150px) 100vw, 150px\" \/><\/a>\n\t\t\t<\/div>\n\t\t\t\t<figcaption class='wp-caption-text gallery-caption' id='gallery-1-8340'>\n\t\t\t\tOficina y casa Luna \/ HM Arquitectos (esquemas)\n\t\t\t\t<\/figcaption><\/figure><figure class='gallery-item'>\n\t\t\t<div class='gallery-icon landscape'>\n\t\t\t\t<a href='https:\/\/www.arquimaster.com.ar\/web\/wp-content\/uploads\/2014\/07\/oficina_casa_luna36.jpg' title=\"Oficina y casa Luna \/ HM Arquitectos (detalle constructivo)\" data-rl_title=\"Oficina y casa Luna \/ HM Arquitectos (detalle constructivo)\" class=\"rl-gallery-link\" data-rl_caption=\"Oficina y casa Luna \/ HM Arquitectos (detalle constructivo)\" data-rel=\"lightbox-gallery-1\"><img loading=\"lazy\" decoding=\"async\" width=\"150\" height=\"150\" src=\"https:\/\/www.arquimaster.com.ar\/web\/wp-content\/uploads\/2014\/07\/oficina_casa_luna36-150x150.jpg\" class=\"attachment-thumbnail size-thumbnail\" alt=\"\" aria-describedby=\"gallery-1-8341\" srcset=\"https:\/\/www.arquimaster.com.ar\/web\/wp-content\/uploads\/2014\/07\/oficina_casa_luna36-150x150.jpg 150w, https:\/\/www.arquimaster.com.ar\/web\/wp-content\/uploads\/2014\/07\/oficina_casa_luna36-50x50.jpg 50w, https:\/\/www.arquimaster.com.ar\/web\/wp-content\/uploads\/2014\/07\/oficina_casa_luna36-125x125.jpg 125w\" sizes=\"auto, (max-width: 150px) 100vw, 150px\" \/><\/a>\n\t\t\t<\/div>\n\t\t\t\t<figcaption class='wp-caption-text gallery-caption' id='gallery-1-8341'>\n\t\t\t\tOficina y casa Luna \/ HM Arquitectos (detalle constructivo)\n\t\t\t\t<\/figcaption><\/figure><figure class='gallery-item'>\n\t\t\t<div class='gallery-icon portrait'>\n\t\t\t\t<a href='https:\/\/www.arquimaster.com.ar\/web\/wp-content\/uploads\/2014\/07\/oficina_casa_luna37.jpg' title=\"Oficina y casa Luna \/ HM Arquitectos (detalle constructivo)\" data-rl_title=\"Oficina y casa Luna \/ HM Arquitectos (detalle constructivo)\" class=\"rl-gallery-link\" data-rl_caption=\"Oficina y casa Luna \/ HM Arquitectos (detalle constructivo)\" data-rel=\"lightbox-gallery-1\"><img loading=\"lazy\" decoding=\"async\" width=\"150\" height=\"150\" src=\"https:\/\/www.arquimaster.com.ar\/web\/wp-content\/uploads\/2014\/07\/oficina_casa_luna37-150x150.jpg\" class=\"attachment-thumbnail size-thumbnail\" alt=\"\" aria-describedby=\"gallery-1-8342\" srcset=\"https:\/\/www.arquimaster.com.ar\/web\/wp-content\/uploads\/2014\/07\/oficina_casa_luna37-150x150.jpg 150w, https:\/\/www.arquimaster.com.ar\/web\/wp-content\/uploads\/2014\/07\/oficina_casa_luna37-50x50.jpg 50w, https:\/\/www.arquimaster.com.ar\/web\/wp-content\/uploads\/2014\/07\/oficina_casa_luna37-125x125.jpg 125w\" sizes=\"auto, (max-width: 150px) 100vw, 150px\" \/><\/a>\n\t\t\t<\/div>\n\t\t\t\t<figcaption class='wp-caption-text gallery-caption' id='gallery-1-8342'>\n\t\t\t\tOficina y casa Luna \/ HM Arquitectos (detalle constructivo)\n\t\t\t\t<\/figcaption><\/figure><figure class='gallery-item'>\n\t\t\t<div class='gallery-icon landscape'>\n\t\t\t\t<a href='https:\/\/www.arquimaster.com.ar\/web\/wp-content\/uploads\/2014\/07\/oficina_casa_luna38.jpg' title=\"Oficina y casa Luna \/ HM Arquitectos (detalle constructivo)\" data-rl_title=\"Oficina y casa Luna \/ HM Arquitectos (detalle constructivo)\" class=\"rl-gallery-link\" data-rl_caption=\"Oficina y casa Luna \/ HM Arquitectos (detalle constructivo)\" data-rel=\"lightbox-gallery-1\"><img loading=\"lazy\" decoding=\"async\" width=\"150\" height=\"150\" src=\"https:\/\/www.arquimaster.com.ar\/web\/wp-content\/uploads\/2014\/07\/oficina_casa_luna38-150x150.jpg\" class=\"attachment-thumbnail size-thumbnail\" alt=\"\" aria-describedby=\"gallery-1-8343\" srcset=\"https:\/\/www.arquimaster.com.ar\/web\/wp-content\/uploads\/2014\/07\/oficina_casa_luna38-150x150.jpg 150w, https:\/\/www.arquimaster.com.ar\/web\/wp-content\/uploads\/2014\/07\/oficina_casa_luna38-50x50.jpg 50w, https:\/\/www.arquimaster.com.ar\/web\/wp-content\/uploads\/2014\/07\/oficina_casa_luna38-125x125.jpg 125w\" sizes=\"auto, (max-width: 150px) 100vw, 150px\" \/><\/a>\n\t\t\t<\/div>\n\t\t\t\t<figcaption class='wp-caption-text gallery-caption' id='gallery-1-8343'>\n\t\t\t\tOficina y casa Luna \/ HM Arquitectos (detalle constructivo)\n\t\t\t\t<\/figcaption><\/figure><figure class='gallery-item'>\n\t\t\t<div class='gallery-icon portrait'>\n\t\t\t\t<a href='https:\/\/www.arquimaster.com.ar\/web\/wp-content\/uploads\/2014\/07\/oficina_casa_luna39.jpg' title=\"Oficina y casa Luna \/ HM Arquitectos (detalle constructivo)\" data-rl_title=\"Oficina y casa Luna \/ HM Arquitectos (detalle constructivo)\" class=\"rl-gallery-link\" data-rl_caption=\"Oficina y casa Luna \/ HM Arquitectos (detalle constructivo)\" data-rel=\"lightbox-gallery-1\"><img loading=\"lazy\" decoding=\"async\" width=\"150\" height=\"150\" src=\"https:\/\/www.arquimaster.com.ar\/web\/wp-content\/uploads\/2014\/07\/oficina_casa_luna39-150x150.jpg\" class=\"attachment-thumbnail size-thumbnail\" alt=\"\" aria-describedby=\"gallery-1-8344\" srcset=\"https:\/\/www.arquimaster.com.ar\/web\/wp-content\/uploads\/2014\/07\/oficina_casa_luna39-150x150.jpg 150w, https:\/\/www.arquimaster.com.ar\/web\/wp-content\/uploads\/2014\/07\/oficina_casa_luna39-50x50.jpg 50w, https:\/\/www.arquimaster.com.ar\/web\/wp-content\/uploads\/2014\/07\/oficina_casa_luna39-125x125.jpg 125w\" sizes=\"auto, (max-width: 150px) 100vw, 150px\" \/><\/a>\n\t\t\t<\/div>\n\t\t\t\t<figcaption class='wp-caption-text gallery-caption' id='gallery-1-8344'>\n\t\t\t\tOficina y casa Luna \/ HM Arquitectos (detalle constructivo)\n\t\t\t\t<\/figcaption><\/figure>\n\t\t<\/div>\n\n<p>Esto motivo al cliente a aprovechar esta condici\u00f3n que el barrio ofrece para constituir un edificio que se desdobla con dos vol\u00famenes, su hogar y una oficina para su empresa.<\/p>\n<p>Ambas edificaciones tienen puntos en com\u00fan, decisiones constructivas y materiales, sin embargo tambi\u00e9n se visualizan fuertes contrastes formales.<\/p>\n<p>A su vez ambas edificaciones cumplen con condiciones sustentables: fachada ventilada, reutilizaci\u00f3n de agua de lluvia, OSB como revestimiento.<\/p>\n<p>La oficina procura ofrecer cierta din\u00e1mica en materiales y formas, su heterogeneidad de materiales subyace bajo la homogeneidad de sus tonos oscuros de su color.<\/p>\n<p>La din\u00e1mica de la fachada producto de una operaci\u00f3n formal busca generar una simpleza funcional en su acceso y a la vez lograr abrir las visuales en direcci\u00f3n lateral hacia sus vecinos de altura m\u00e1s bien baja.<\/p>\n<p>La fachada comprende una paleta de dos materiales, chapa y ladrillo, recortados ambos como si fuesen uno negativo del otro.<\/p>\n<p>En la edificaci\u00f3n de la vivienda unifamiliar, por el contrario, la operaci\u00f3n es simple y contundente. Es un volumen de hormig\u00f3n armado sin apoyos intermedios, motivando la libertad de visuales en todo el ancho del lote.<\/p>\n<p>Este esfuerzo estructural tiene por objeto lograr cierta ingravidez en sus elementos, la cual queda manifiesta en elementos como la escalera y el balc\u00f3n, ambos suspendidos.<\/p>\n<p>El muro curvo y macizo de su fachada, construido en ladrillo com\u00fan color oscuro (fachada al patio interior), se opone a la l\u00ednea frontal vidriada de su fachada (al jard\u00edn).<\/p>\n<p>El proyecto muestra en definitiva un contraste volum\u00e9trico resultado de dos usos muy diferentes. A pesar el proyecto logra un dialogo de materiales y tonos con la intenci\u00f3n de coser ambas edificaciones.<\/p>\n<p><strong>Ficha tecnica<\/strong><br \/>\nNombre: Oficina y casa Luna<br \/>\nUbicaci\u00f3n: Ciudad Aut\u00f3noma de Buenos Aires, Argentina<br \/>\nProyecto, documentaci\u00f3n, direcci\u00f3n de obra, construcci\u00f3n: HM Arquitectos (Fernando Hitzig y Leonardo G. Militello)<br \/>\nPromotor: Privado<br \/>\nColaboradores: Florencia Schvartzman, Bel\u00e9n Lepro Delelis<br \/>\nConstructor: Estudio HMA + Luis Acosta<br \/>\nAsesor estructural: Carlos Gandini<br \/>\nPrograma: Oficina y vivienda unifamiliar<br \/>\nSuperficie total cubierta: 250 m2<br \/>\nSuperficie total descubierta: 100 m2<br \/>\nA\u00f1o: 2012-2013<br \/>\nFotograf\u00eda: Federico Kulekdjian<\/p>\n<p><strong>Contacto:<\/strong> <a title=\"HM Arquitectos\" href=\"http:\/\/www.estudiohma.com\" target=\"_blank\">http:\/\/www.estudiohma.com<\/a><\/p>\n\n<div style=\"font-size: 0px; height: 0px; line-height: 0px; margin: 0; padding: 0; clear: both;\"><\/div><div style=\"margin-top: 0px; margin-bottom: 0px;\" class=\"sharethis-inline-share-buttons\" ><\/div>","protected":false},"excerpt":{"rendered":"<p>El proyecto muestra un contraste volum\u00e9trico resultado de dos usos muy diferentes&#8230;<\/p>\n","protected":false},"author":1,"featured_media":8305,"comment_status":"closed","ping_status":"closed","sticky":false,"template":"","format":"standard","meta":{"_uag_custom_page_level_css":"","footnotes":""},"categories":[1,83],"tags":[16,1490,1489,1491,2235,255,1488,254],"class_list":["post-8304","post","type-post","status-publish","format-standard","has-post-thumbnail","hentry","category-proyecto","category-vivienda-unifamiliar","tag-buenos-aires","tag-fernando-hitzig","tag-hm-arquitectos","tag-leonardo-militello","tag-oficina","tag-oficinas","tag-ph","tag-vivienda-unifamiliar-2","generate-columns","tablet-grid-50","mobile-grid-100","grid-parent","grid-50"],"yoast_head":"<!-- This site is optimized with the Yoast SEO plugin v27.3 - https:\/\/yoast.com\/product\/yoast-seo-wordpress\/ -->\n<title>Oficina y casa Luna \/ HM Arquitectos - Arquimaster<\/title>\n<meta name=\"robots\" content=\"index, follow, max-snippet:-1, max-image-preview:large, max-video-preview:-1\" \/>\n<link rel=\"canonical\" href=\"https:\/\/www.arquimaster.com.ar\/web\/oficina-y-casa-luna-hm-arquitectos\/\" \/>\n<meta property=\"og:locale\" content=\"es_ES\" \/>\n<meta property=\"og:type\" content=\"article\" \/>\n<meta property=\"og:title\" content=\"Oficina y casa Luna \/ HM Arquitectos - Arquimaster\" \/>\n<meta property=\"og:description\" content=\"El proyecto muestra un contraste volum\u00e9trico resultado de dos usos muy diferentes...\" \/>\n<meta property=\"og:url\" content=\"https:\/\/www.arquimaster.com.ar\/web\/oficina-y-casa-luna-hm-arquitectos\/\" \/>\n<meta property=\"og:site_name\" content=\"Arquimaster\" \/>\n<meta property=\"article:publisher\" content=\"http:\/\/www.facebook.com\/ARQUIMASTER.com.ar\" \/>\n<meta property=\"article:published_time\" content=\"2014-07-11T03:10:22+00:00\" \/>\n<meta property=\"og:image\" content=\"https:\/\/www.arquimaster.com.ar\/web\/wp-content\/uploads\/2014\/07\/oficina_casa_luna_slide.jpg\" \/>\n\t<meta property=\"og:image:width\" content=\"642\" \/>\n\t<meta property=\"og:image:height\" content=\"350\" \/>\n\t<meta property=\"og:image:type\" content=\"image\/jpeg\" \/>\n<meta name=\"author\" content=\"Arquimaster\" \/>\n<meta name=\"twitter:card\" content=\"summary_large_image\" \/>\n<meta name=\"twitter:creator\" content=\"@arquimaster\" \/>\n<meta name=\"twitter:site\" content=\"@arquimaster\" \/>\n<meta name=\"twitter:label1\" content=\"Escrito por\" \/>\n\t<meta name=\"twitter:data1\" content=\"Arquimaster\" \/>\n\t<meta name=\"twitter:label2\" content=\"Tiempo de lectura\" \/>\n\t<meta name=\"twitter:data2\" content=\"2 minutos\" \/>\n<script type=\"application\/ld+json\" class=\"yoast-schema-graph\">{\"@context\":\"https:\\\/\\\/schema.org\",\"@graph\":[{\"@type\":\"Article\",\"@id\":\"https:\\\/\\\/www.arquimaster.com.ar\\\/web\\\/oficina-y-casa-luna-hm-arquitectos\\\/#article\",\"isPartOf\":{\"@id\":\"https:\\\/\\\/www.arquimaster.com.ar\\\/web\\\/oficina-y-casa-luna-hm-arquitectos\\\/\"},\"author\":{\"name\":\"Arquimaster\",\"@id\":\"https:\\\/\\\/www.arquimaster.com.ar\\\/web\\\/#\\\/schema\\\/person\\\/359e9f7c00193fcde068e0dd2ceb0028\"},\"headline\":\"Oficina y casa Luna \\\/ HM Arquitectos\",\"datePublished\":\"2014-07-11T03:10:22+00:00\",\"mainEntityOfPage\":{\"@id\":\"https:\\\/\\\/www.arquimaster.com.ar\\\/web\\\/oficina-y-casa-luna-hm-arquitectos\\\/\"},\"wordCount\":419,\"publisher\":{\"@id\":\"https:\\\/\\\/www.arquimaster.com.ar\\\/web\\\/#organization\"},\"image\":{\"@id\":\"https:\\\/\\\/www.arquimaster.com.ar\\\/web\\\/oficina-y-casa-luna-hm-arquitectos\\\/#primaryimage\"},\"thumbnailUrl\":\"https:\\\/\\\/www.arquimaster.com.ar\\\/web\\\/wp-content\\\/uploads\\\/2014\\\/07\\\/oficina_casa_luna_slide.jpg\",\"keywords\":[\"Buenos Aires\",\"Fernando Hitzig\",\"HM Arquitectos\",\"Leonardo Militello\",\"oficina\",\"oficinas\",\"PH\",\"vivienda unifamiliar\"],\"articleSection\":[\"Proyecto\",\"Vivienda unifamiliar y PH\"],\"inLanguage\":\"es\"},{\"@type\":\"WebPage\",\"@id\":\"https:\\\/\\\/www.arquimaster.com.ar\\\/web\\\/oficina-y-casa-luna-hm-arquitectos\\\/\",\"url\":\"https:\\\/\\\/www.arquimaster.com.ar\\\/web\\\/oficina-y-casa-luna-hm-arquitectos\\\/\",\"name\":\"Oficina y casa Luna \\\/ HM Arquitectos - Arquimaster\",\"isPartOf\":{\"@id\":\"https:\\\/\\\/www.arquimaster.com.ar\\\/web\\\/#website\"},\"primaryImageOfPage\":{\"@id\":\"https:\\\/\\\/www.arquimaster.com.ar\\\/web\\\/oficina-y-casa-luna-hm-arquitectos\\\/#primaryimage\"},\"image\":{\"@id\":\"https:\\\/\\\/www.arquimaster.com.ar\\\/web\\\/oficina-y-casa-luna-hm-arquitectos\\\/#primaryimage\"},\"thumbnailUrl\":\"https:\\\/\\\/www.arquimaster.com.ar\\\/web\\\/wp-content\\\/uploads\\\/2014\\\/07\\\/oficina_casa_luna_slide.jpg\",\"datePublished\":\"2014-07-11T03:10:22+00:00\",\"breadcrumb\":{\"@id\":\"https:\\\/\\\/www.arquimaster.com.ar\\\/web\\\/oficina-y-casa-luna-hm-arquitectos\\\/#breadcrumb\"},\"inLanguage\":\"es\",\"potentialAction\":[{\"@type\":\"ReadAction\",\"target\":[\"https:\\\/\\\/www.arquimaster.com.ar\\\/web\\\/oficina-y-casa-luna-hm-arquitectos\\\/\"]}]},{\"@type\":\"ImageObject\",\"inLanguage\":\"es\",\"@id\":\"https:\\\/\\\/www.arquimaster.com.ar\\\/web\\\/oficina-y-casa-luna-hm-arquitectos\\\/#primaryimage\",\"url\":\"https:\\\/\\\/www.arquimaster.com.ar\\\/web\\\/wp-content\\\/uploads\\\/2014\\\/07\\\/oficina_casa_luna_slide.jpg\",\"contentUrl\":\"https:\\\/\\\/www.arquimaster.com.ar\\\/web\\\/wp-content\\\/uploads\\\/2014\\\/07\\\/oficina_casa_luna_slide.jpg\",\"width\":642,\"height\":350},{\"@type\":\"BreadcrumbList\",\"@id\":\"https:\\\/\\\/www.arquimaster.com.ar\\\/web\\\/oficina-y-casa-luna-hm-arquitectos\\\/#breadcrumb\",\"itemListElement\":[{\"@type\":\"ListItem\",\"position\":1,\"name\":\"Portada\",\"item\":\"https:\\\/\\\/www.arquimaster.com.ar\\\/web\\\/\"},{\"@type\":\"ListItem\",\"position\":2,\"name\":\"Oficina y casa Luna \\\/ HM Arquitectos\"}]},{\"@type\":\"WebSite\",\"@id\":\"https:\\\/\\\/www.arquimaster.com.ar\\\/web\\\/#website\",\"url\":\"https:\\\/\\\/www.arquimaster.com.ar\\\/web\\\/\",\"name\":\"Arquimaster\",\"description\":\"Web de arquitectura, dise\u00f1o y construccion\",\"publisher\":{\"@id\":\"https:\\\/\\\/www.arquimaster.com.ar\\\/web\\\/#organization\"},\"potentialAction\":[{\"@type\":\"SearchAction\",\"target\":{\"@type\":\"EntryPoint\",\"urlTemplate\":\"https:\\\/\\\/www.arquimaster.com.ar\\\/web\\\/?s={search_term_string}\"},\"query-input\":{\"@type\":\"PropertyValueSpecification\",\"valueRequired\":true,\"valueName\":\"search_term_string\"}}],\"inLanguage\":\"es\"},{\"@type\":\"Organization\",\"@id\":\"https:\\\/\\\/www.arquimaster.com.ar\\\/web\\\/#organization\",\"name\":\"Arquimaster\",\"url\":\"https:\\\/\\\/www.arquimaster.com.ar\\\/web\\\/\",\"logo\":{\"@type\":\"ImageObject\",\"inLanguage\":\"es\",\"@id\":\"https:\\\/\\\/www.arquimaster.com.ar\\\/web\\\/#\\\/schema\\\/logo\\\/image\\\/\",\"url\":\"https:\\\/\\\/www.arquimaster.com.ar\\\/web\\\/wp-content\\\/uploads\\\/2022\\\/06\\\/arquimaster.png\",\"contentUrl\":\"https:\\\/\\\/www.arquimaster.com.ar\\\/web\\\/wp-content\\\/uploads\\\/2022\\\/06\\\/arquimaster.png\",\"width\":594,\"height\":78,\"caption\":\"Arquimaster\"},\"image\":{\"@id\":\"https:\\\/\\\/www.arquimaster.com.ar\\\/web\\\/#\\\/schema\\\/logo\\\/image\\\/\"},\"sameAs\":[\"http:\\\/\\\/www.facebook.com\\\/ARQUIMASTER.com.ar\",\"https:\\\/\\\/x.com\\\/arquimaster\",\"https:\\\/\\\/www.instagram.com\\\/arquimasterblog\\\/\",\"https:\\\/\\\/www.linkedin.com\\\/company\\\/arquimaster\",\"https:\\\/\\\/www.pinterest.com\\\/arquimaster\",\"https:\\\/\\\/t.me\\\/arquimaster\"]},{\"@type\":\"Person\",\"@id\":\"https:\\\/\\\/www.arquimaster.com.ar\\\/web\\\/#\\\/schema\\\/person\\\/359e9f7c00193fcde068e0dd2ceb0028\",\"name\":\"Arquimaster\"}]}<\/script>\n<!-- \/ Yoast SEO plugin. -->","yoast_head_json":{"title":"Oficina y casa Luna \/ HM Arquitectos - Arquimaster","robots":{"index":"index","follow":"follow","max-snippet":"max-snippet:-1","max-image-preview":"max-image-preview:large","max-video-preview":"max-video-preview:-1"},"canonical":"https:\/\/www.arquimaster.com.ar\/web\/oficina-y-casa-luna-hm-arquitectos\/","og_locale":"es_ES","og_type":"article","og_title":"Oficina y casa Luna \/ HM Arquitectos - Arquimaster","og_description":"El proyecto muestra un contraste volum\u00e9trico resultado de dos usos muy diferentes...","og_url":"https:\/\/www.arquimaster.com.ar\/web\/oficina-y-casa-luna-hm-arquitectos\/","og_site_name":"Arquimaster","article_publisher":"http:\/\/www.facebook.com\/ARQUIMASTER.com.ar","article_published_time":"2014-07-11T03:10:22+00:00","og_image":[{"width":642,"height":350,"url":"https:\/\/www.arquimaster.com.ar\/web\/wp-content\/uploads\/2014\/07\/oficina_casa_luna_slide.jpg","type":"image\/jpeg"}],"author":"Arquimaster","twitter_card":"summary_large_image","twitter_creator":"@arquimaster","twitter_site":"@arquimaster","twitter_misc":{"Escrito por":"Arquimaster","Tiempo de lectura":"2 minutos"},"schema":{"@context":"https:\/\/schema.org","@graph":[{"@type":"Article","@id":"https:\/\/www.arquimaster.com.ar\/web\/oficina-y-casa-luna-hm-arquitectos\/#article","isPartOf":{"@id":"https:\/\/www.arquimaster.com.ar\/web\/oficina-y-casa-luna-hm-arquitectos\/"},"author":{"name":"Arquimaster","@id":"https:\/\/www.arquimaster.com.ar\/web\/#\/schema\/person\/359e9f7c00193fcde068e0dd2ceb0028"},"headline":"Oficina y casa Luna \/ HM Arquitectos","datePublished":"2014-07-11T03:10:22+00:00","mainEntityOfPage":{"@id":"https:\/\/www.arquimaster.com.ar\/web\/oficina-y-casa-luna-hm-arquitectos\/"},"wordCount":419,"publisher":{"@id":"https:\/\/www.arquimaster.com.ar\/web\/#organization"},"image":{"@id":"https:\/\/www.arquimaster.com.ar\/web\/oficina-y-casa-luna-hm-arquitectos\/#primaryimage"},"thumbnailUrl":"https:\/\/www.arquimaster.com.ar\/web\/wp-content\/uploads\/2014\/07\/oficina_casa_luna_slide.jpg","keywords":["Buenos Aires","Fernando Hitzig","HM Arquitectos","Leonardo Militello","oficina","oficinas","PH","vivienda unifamiliar"],"articleSection":["Proyecto","Vivienda unifamiliar y PH"],"inLanguage":"es"},{"@type":"WebPage","@id":"https:\/\/www.arquimaster.com.ar\/web\/oficina-y-casa-luna-hm-arquitectos\/","url":"https:\/\/www.arquimaster.com.ar\/web\/oficina-y-casa-luna-hm-arquitectos\/","name":"Oficina y casa Luna \/ HM Arquitectos - Arquimaster","isPartOf":{"@id":"https:\/\/www.arquimaster.com.ar\/web\/#website"},"primaryImageOfPage":{"@id":"https:\/\/www.arquimaster.com.ar\/web\/oficina-y-casa-luna-hm-arquitectos\/#primaryimage"},"image":{"@id":"https:\/\/www.arquimaster.com.ar\/web\/oficina-y-casa-luna-hm-arquitectos\/#primaryimage"},"thumbnailUrl":"https:\/\/www.arquimaster.com.ar\/web\/wp-content\/uploads\/2014\/07\/oficina_casa_luna_slide.jpg","datePublished":"2014-07-11T03:10:22+00:00","breadcrumb":{"@id":"https:\/\/www.arquimaster.com.ar\/web\/oficina-y-casa-luna-hm-arquitectos\/#breadcrumb"},"inLanguage":"es","potentialAction":[{"@type":"ReadAction","target":["https:\/\/www.arquimaster.com.ar\/web\/oficina-y-casa-luna-hm-arquitectos\/"]}]},{"@type":"ImageObject","inLanguage":"es","@id":"https:\/\/www.arquimaster.com.ar\/web\/oficina-y-casa-luna-hm-arquitectos\/#primaryimage","url":"https:\/\/www.arquimaster.com.ar\/web\/wp-content\/uploads\/2014\/07\/oficina_casa_luna_slide.jpg","contentUrl":"https:\/\/www.arquimaster.com.ar\/web\/wp-content\/uploads\/2014\/07\/oficina_casa_luna_slide.jpg","width":642,"height":350},{"@type":"BreadcrumbList","@id":"https:\/\/www.arquimaster.com.ar\/web\/oficina-y-casa-luna-hm-arquitectos\/#breadcrumb","itemListElement":[{"@type":"ListItem","position":1,"name":"Portada","item":"https:\/\/www.arquimaster.com.ar\/web\/"},{"@type":"ListItem","position":2,"name":"Oficina y casa Luna \/ HM Arquitectos"}]},{"@type":"WebSite","@id":"https:\/\/www.arquimaster.com.ar\/web\/#website","url":"https:\/\/www.arquimaster.com.ar\/web\/","name":"Arquimaster","description":"Web de arquitectura, dise\u00f1o y construccion","publisher":{"@id":"https:\/\/www.arquimaster.com.ar\/web\/#organization"},"potentialAction":[{"@type":"SearchAction","target":{"@type":"EntryPoint","urlTemplate":"https:\/\/www.arquimaster.com.ar\/web\/?s={search_term_string}"},"query-input":{"@type":"PropertyValueSpecification","valueRequired":true,"valueName":"search_term_string"}}],"inLanguage":"es"},{"@type":"Organization","@id":"https:\/\/www.arquimaster.com.ar\/web\/#organization","name":"Arquimaster","url":"https:\/\/www.arquimaster.com.ar\/web\/","logo":{"@type":"ImageObject","inLanguage":"es","@id":"https:\/\/www.arquimaster.com.ar\/web\/#\/schema\/logo\/image\/","url":"https:\/\/www.arquimaster.com.ar\/web\/wp-content\/uploads\/2022\/06\/arquimaster.png","contentUrl":"https:\/\/www.arquimaster.com.ar\/web\/wp-content\/uploads\/2022\/06\/arquimaster.png","width":594,"height":78,"caption":"Arquimaster"},"image":{"@id":"https:\/\/www.arquimaster.com.ar\/web\/#\/schema\/logo\/image\/"},"sameAs":["http:\/\/www.facebook.com\/ARQUIMASTER.com.ar","https:\/\/x.com\/arquimaster","https:\/\/www.instagram.com\/arquimasterblog\/","https:\/\/www.linkedin.com\/company\/arquimaster","https:\/\/www.pinterest.com\/arquimaster","https:\/\/t.me\/arquimaster"]},{"@type":"Person","@id":"https:\/\/www.arquimaster.com.ar\/web\/#\/schema\/person\/359e9f7c00193fcde068e0dd2ceb0028","name":"Arquimaster"}]}},"uagb_featured_image_src":{"full":["https:\/\/www.arquimaster.com.ar\/web\/wp-content\/uploads\/2014\/07\/oficina_casa_luna_slide.jpg",642,350,false],"thumbnail":["https:\/\/www.arquimaster.com.ar\/web\/wp-content\/uploads\/2014\/07\/oficina_casa_luna_slide-150x150.jpg",150,150,true],"medium":["https:\/\/www.arquimaster.com.ar\/web\/wp-content\/uploads\/2014\/07\/oficina_casa_luna_slide-300x163.jpg",300,163,true],"medium_large":["https:\/\/www.arquimaster.com.ar\/web\/wp-content\/uploads\/2014\/07\/oficina_casa_luna_slide.jpg",642,350,false],"large":["https:\/\/www.arquimaster.com.ar\/web\/wp-content\/uploads\/2014\/07\/oficina_casa_luna_slide.jpg",642,350,false],"1536x1536":["https:\/\/www.arquimaster.com.ar\/web\/wp-content\/uploads\/2014\/07\/oficina_casa_luna_slide.jpg",642,350,false],"2048x2048":["https:\/\/www.arquimaster.com.ar\/web\/wp-content\/uploads\/2014\/07\/oficina_casa_luna_slide.jpg",642,350,false]},"uagb_author_info":{"display_name":"Arquimaster","author_link":"https:\/\/www.arquimaster.com.ar\/web\/author\/arquimaster\/"},"uagb_comment_info":0,"uagb_excerpt":"El proyecto muestra un contraste volum\u00e9trico resultado de dos usos muy diferentes...","_links":{"self":[{"href":"https:\/\/www.arquimaster.com.ar\/web\/wp-json\/wp\/v2\/posts\/8304","targetHints":{"allow":["GET"]}}],"collection":[{"href":"https:\/\/www.arquimaster.com.ar\/web\/wp-json\/wp\/v2\/posts"}],"about":[{"href":"https:\/\/www.arquimaster.com.ar\/web\/wp-json\/wp\/v2\/types\/post"}],"author":[{"embeddable":true,"href":"https:\/\/www.arquimaster.com.ar\/web\/wp-json\/wp\/v2\/users\/1"}],"replies":[{"embeddable":true,"href":"https:\/\/www.arquimaster.com.ar\/web\/wp-json\/wp\/v2\/comments?post=8304"}],"version-history":[{"count":0,"href":"https:\/\/www.arquimaster.com.ar\/web\/wp-json\/wp\/v2\/posts\/8304\/revisions"}],"wp:featuredmedia":[{"embeddable":true,"href":"https:\/\/www.arquimaster.com.ar\/web\/wp-json\/wp\/v2\/media\/8305"}],"wp:attachment":[{"href":"https:\/\/www.arquimaster.com.ar\/web\/wp-json\/wp\/v2\/media?parent=8304"}],"wp:term":[{"taxonomy":"category","embeddable":true,"href":"https:\/\/www.arquimaster.com.ar\/web\/wp-json\/wp\/v2\/categories?post=8304"},{"taxonomy":"post_tag","embeddable":true,"href":"https:\/\/www.arquimaster.com.ar\/web\/wp-json\/wp\/v2\/tags?post=8304"}],"curies":[{"name":"wp","href":"https:\/\/api.w.org\/{rel}","templated":true}]}}