{"id":83057,"date":"2024-12-11T18:11:37","date_gmt":"2024-12-11T21:11:37","guid":{"rendered":"https:\/\/www.arquimaster.com.ar\/web\/?p=83057"},"modified":"2025-07-23T19:32:35","modified_gmt":"2025-07-23T22:32:35","slug":"remodelacion-y-ampliacion-del-museo-nacional-de-arte-contemporaneo-mnac-luis-manuel-pereira-del-medio-atelier-baile-menduina","status":"publish","type":"post","link":"https:\/\/www.arquimaster.com.ar\/web\/remodelacion-y-ampliacion-del-museo-nacional-de-arte-contemporaneo-mnac-luis-manuel-pereira-del-medio-atelier-baile-menduina\/","title":{"rendered":"Remodelaci\u00f3n y Ampliaci\u00f3n del Museo Nacional de Arte Contempor\u00e1neo MNAC \/ Luis Manuel Pereira + del medio atelier + Baile Mendui\u00f1a"},"content":{"rendered":"<div style=\"margin-top: 0px; margin-bottom: 0px;\" class=\"sharethis-inline-share-buttons\" ><\/div><div class=\"b812932af2e751442846f039925109de\" data-index=\"1\" style=\"float: none; margin:25px 0 25px 0; text-align:center;\">\n<script async src=\"https:\/\/pagead2.googlesyndication.com\/pagead\/js\/adsbygoogle.js\"><\/script>\r\n<!-- Arquimaster (superior) -->\r\n<ins class=\"adsbygoogle\"\r\n     style=\"display:block\"\r\n     data-ad-client=\"ca-pub-6351072698456832\"\r\n     data-ad-slot=\"6455489680\"\r\n     data-ad-format=\"auto\"\r\n     data-full-width-responsive=\"true\"><\/ins>\r\n<script>\r\n     (adsbygoogle = window.adsbygoogle || []).push({});\r\n<\/script>\n<\/div>\n<p><strong>Remodelaci\u00f3n y Ampliaci\u00f3n del Museo Nacional de Arte Contempor\u00e1neo MNAC<\/strong> (Lisboa, Portugal) por <strong>Luis Manuel Pereira + del medio atelier + Baile Mendui\u00f1a<\/strong>. El proyecto de remodelaci\u00f3n y ampliaci\u00f3n del Museo Nacional de Arte Contempor\u00e1neo (MNAC) en Lisboa tiene como objetivo revitalizar este espacio cultural en el hist\u00f3rico barrio del Chiado, un \u00e1rea de importancia patrimonial.<\/p>\n<div id='gallery-1' class='gallery galleryid-83057 gallery-columns-3 gallery-size-thumbnail'><figure class='gallery-item'>\n\t\t\t<div class='gallery-icon portrait'>\n\t\t\t\t<a href='https:\/\/www.arquimaster.com.ar\/web\/wp-content\/uploads\/2024\/12\/museo_mnac_1.jpg' title=\"Remodelaci\u00f3n y Ampliaci\u00f3n del Museo Nacional de Arte Contempor\u00e1neo MNAC \/ Luis Manuel Pereira + del medio atelier + Baile Mendui\u00f1a\" data-rl_title=\"Remodelaci\u00f3n y Ampliaci\u00f3n del Museo Nacional de Arte Contempor\u00e1neo MNAC \/ Luis Manuel Pereira + del medio atelier + Baile Mendui\u00f1a\" class=\"rl-gallery-link\" data-rl_caption=\"Remodelaci\u00f3n y Ampliaci\u00f3n del Museo Nacional de Arte Contempor\u00e1neo MNAC \/ Luis Manuel Pereira + del medio atelier + Baile Mendui\u00f1a\" data-rel=\"lightbox-gallery-1\"><img loading=\"lazy\" decoding=\"async\" width=\"150\" height=\"150\" src=\"https:\/\/www.arquimaster.com.ar\/web\/wp-content\/uploads\/2024\/12\/museo_mnac_1-150x150.jpg\" class=\"attachment-thumbnail size-thumbnail\" alt=\"Remodelaci\u00f3n y Ampliaci\u00f3n del Museo Nacional de Arte Contempor\u00e1neo MNAC \/ Luis Manuel Pereira + del medio atelier + Baile Mendui\u00f1a\" aria-describedby=\"gallery-1-83059\" \/><\/a>\n\t\t\t<\/div>\n\t\t\t\t<figcaption class='wp-caption-text gallery-caption' id='gallery-1-83059'>\n\t\t\t\tRemodelaci\u00f3n y Ampliaci\u00f3n del Museo Nacional de Arte Contempor\u00e1neo MNAC \/ Luis Manuel Pereira + del medio atelier + Baile Mendui\u00f1a\n\t\t\t\t<\/figcaption><\/figure><figure class='gallery-item'>\n\t\t\t<div class='gallery-icon landscape'>\n\t\t\t\t<a href='https:\/\/www.arquimaster.com.ar\/web\/wp-content\/uploads\/2024\/12\/museo_mnac_2.jpg' title=\"Remodelaci\u00f3n y Ampliaci\u00f3n del Museo Nacional de Arte Contempor\u00e1neo MNAC \/ Luis Manuel Pereira + del medio atelier + Baile Mendui\u00f1a\" data-rl_title=\"Remodelaci\u00f3n y Ampliaci\u00f3n del Museo Nacional de Arte Contempor\u00e1neo MNAC \/ Luis Manuel Pereira + del medio atelier + Baile Mendui\u00f1a\" class=\"rl-gallery-link\" data-rl_caption=\"Remodelaci\u00f3n y Ampliaci\u00f3n del Museo Nacional de Arte Contempor\u00e1neo MNAC \/ Luis Manuel Pereira + del medio atelier + Baile Mendui\u00f1a\" data-rel=\"lightbox-gallery-1\"><img loading=\"lazy\" decoding=\"async\" width=\"150\" height=\"150\" src=\"https:\/\/www.arquimaster.com.ar\/web\/wp-content\/uploads\/2024\/12\/museo_mnac_2-150x150.jpg\" class=\"attachment-thumbnail size-thumbnail\" alt=\"Remodelaci\u00f3n y Ampliaci\u00f3n del Museo Nacional de Arte Contempor\u00e1neo MNAC \/ Luis Manuel Pereira + del medio atelier + Baile Mendui\u00f1a\" aria-describedby=\"gallery-1-83060\" \/><\/a>\n\t\t\t<\/div>\n\t\t\t\t<figcaption class='wp-caption-text gallery-caption' id='gallery-1-83060'>\n\t\t\t\tRemodelaci\u00f3n y Ampliaci\u00f3n del Museo Nacional de Arte Contempor\u00e1neo MNAC \/ Luis Manuel Pereira + del medio atelier + Baile Mendui\u00f1a\n\t\t\t\t<\/figcaption><\/figure><figure class='gallery-item'>\n\t\t\t<div class='gallery-icon landscape'>\n\t\t\t\t<a href='https:\/\/www.arquimaster.com.ar\/web\/wp-content\/uploads\/2024\/12\/museo_mnac_3.jpg' title=\"Remodelaci\u00f3n y Ampliaci\u00f3n del Museo Nacional de Arte Contempor\u00e1neo MNAC \/ Luis Manuel Pereira + del medio atelier + Baile Mendui\u00f1a\" data-rl_title=\"Remodelaci\u00f3n y Ampliaci\u00f3n del Museo Nacional de Arte Contempor\u00e1neo MNAC \/ Luis Manuel Pereira + del medio atelier + Baile Mendui\u00f1a\" class=\"rl-gallery-link\" data-rl_caption=\"Remodelaci\u00f3n y Ampliaci\u00f3n del Museo Nacional de Arte Contempor\u00e1neo MNAC \/ Luis Manuel Pereira + del medio atelier + Baile Mendui\u00f1a\" data-rel=\"lightbox-gallery-1\"><img loading=\"lazy\" decoding=\"async\" width=\"150\" height=\"150\" src=\"https:\/\/www.arquimaster.com.ar\/web\/wp-content\/uploads\/2024\/12\/museo_mnac_3-150x150.jpg\" class=\"attachment-thumbnail size-thumbnail\" alt=\"Remodelaci\u00f3n y Ampliaci\u00f3n del Museo Nacional de Arte Contempor\u00e1neo MNAC \/ Luis Manuel Pereira + del medio atelier + Baile Mendui\u00f1a\" aria-describedby=\"gallery-1-83061\" srcset=\"https:\/\/www.arquimaster.com.ar\/web\/wp-content\/uploads\/2024\/12\/museo_mnac_3-150x150.jpg 150w, https:\/\/www.arquimaster.com.ar\/web\/wp-content\/uploads\/2024\/12\/museo_mnac_3-768x768.jpg 768w, https:\/\/www.arquimaster.com.ar\/web\/wp-content\/uploads\/2024\/12\/museo_mnac_3.jpg 1500w\" sizes=\"auto, (max-width: 150px) 100vw, 150px\" \/><\/a>\n\t\t\t<\/div>\n\t\t\t\t<figcaption class='wp-caption-text gallery-caption' id='gallery-1-83061'>\n\t\t\t\tRemodelaci\u00f3n y Ampliaci\u00f3n del Museo Nacional de Arte Contempor\u00e1neo MNAC \/ Luis Manuel Pereira + del medio atelier + Baile Mendui\u00f1a\n\t\t\t\t<\/figcaption><\/figure><figure class='gallery-item'>\n\t\t\t<div class='gallery-icon landscape'>\n\t\t\t\t<a href='https:\/\/www.arquimaster.com.ar\/web\/wp-content\/uploads\/2024\/12\/museo_mnac_4.jpg' title=\"Remodelaci\u00f3n y Ampliaci\u00f3n del Museo Nacional de Arte Contempor\u00e1neo MNAC \/ Luis Manuel Pereira + del medio atelier + Baile Mendui\u00f1a\" data-rl_title=\"Remodelaci\u00f3n y Ampliaci\u00f3n del Museo Nacional de Arte Contempor\u00e1neo MNAC \/ Luis Manuel Pereira + del medio atelier + Baile Mendui\u00f1a\" class=\"rl-gallery-link\" data-rl_caption=\"Remodelaci\u00f3n y Ampliaci\u00f3n del Museo Nacional de Arte Contempor\u00e1neo MNAC \/ Luis Manuel Pereira + del medio atelier + Baile Mendui\u00f1a\" data-rel=\"lightbox-gallery-1\"><img loading=\"lazy\" decoding=\"async\" width=\"150\" height=\"150\" src=\"https:\/\/www.arquimaster.com.ar\/web\/wp-content\/uploads\/2024\/12\/museo_mnac_4-150x150.jpg\" class=\"attachment-thumbnail size-thumbnail\" alt=\"Remodelaci\u00f3n y Ampliaci\u00f3n del Museo Nacional de Arte Contempor\u00e1neo MNAC \/ Luis Manuel Pereira + del medio atelier + Baile Mendui\u00f1a\" aria-describedby=\"gallery-1-83062\" \/><\/a>\n\t\t\t<\/div>\n\t\t\t\t<figcaption class='wp-caption-text gallery-caption' id='gallery-1-83062'>\n\t\t\t\tRemodelaci\u00f3n y Ampliaci\u00f3n del Museo Nacional de Arte Contempor\u00e1neo MNAC \/ Luis Manuel Pereira + del medio atelier + Baile Mendui\u00f1a\n\t\t\t\t<\/figcaption><\/figure><figure class='gallery-item'>\n\t\t\t<div class='gallery-icon portrait'>\n\t\t\t\t<a href='https:\/\/www.arquimaster.com.ar\/web\/wp-content\/uploads\/2024\/12\/museo_mnac_5.jpg' title=\"Remodelaci\u00f3n y Ampliaci\u00f3n del Museo Nacional de Arte Contempor\u00e1neo MNAC \/ Luis Manuel Pereira + del medio atelier + Baile Mendui\u00f1a\" data-rl_title=\"Remodelaci\u00f3n y Ampliaci\u00f3n del Museo Nacional de Arte Contempor\u00e1neo MNAC \/ Luis Manuel Pereira + del medio atelier + Baile Mendui\u00f1a\" class=\"rl-gallery-link\" data-rl_caption=\"Remodelaci\u00f3n y Ampliaci\u00f3n del Museo Nacional de Arte Contempor\u00e1neo MNAC \/ Luis Manuel Pereira + del medio atelier + Baile Mendui\u00f1a\" data-rel=\"lightbox-gallery-1\"><img loading=\"lazy\" decoding=\"async\" width=\"150\" height=\"150\" src=\"https:\/\/www.arquimaster.com.ar\/web\/wp-content\/uploads\/2024\/12\/museo_mnac_5-150x150.jpg\" class=\"attachment-thumbnail size-thumbnail\" alt=\"Remodelaci\u00f3n y Ampliaci\u00f3n del Museo Nacional de Arte Contempor\u00e1neo MNAC \/ Luis Manuel Pereira + del medio atelier + Baile Mendui\u00f1a\" aria-describedby=\"gallery-1-83063\" \/><\/a>\n\t\t\t<\/div>\n\t\t\t\t<figcaption class='wp-caption-text gallery-caption' id='gallery-1-83063'>\n\t\t\t\tRemodelaci\u00f3n y Ampliaci\u00f3n del Museo Nacional de Arte Contempor\u00e1neo MNAC \/ Luis Manuel Pereira + del medio atelier + Baile Mendui\u00f1a\n\t\t\t\t<\/figcaption><\/figure><figure class='gallery-item'>\n\t\t\t<div class='gallery-icon landscape'>\n\t\t\t\t<a href='https:\/\/www.arquimaster.com.ar\/web\/wp-content\/uploads\/2024\/12\/museo_mnac_6.jpg' title=\"Remodelaci\u00f3n y Ampliaci\u00f3n del Museo Nacional de Arte Contempor\u00e1neo MNAC \/ Luis Manuel Pereira + del medio atelier + Baile Mendui\u00f1a\" data-rl_title=\"Remodelaci\u00f3n y Ampliaci\u00f3n del Museo Nacional de Arte Contempor\u00e1neo MNAC \/ Luis Manuel Pereira + del medio atelier + Baile Mendui\u00f1a\" class=\"rl-gallery-link\" data-rl_caption=\"Remodelaci\u00f3n y Ampliaci\u00f3n del Museo Nacional de Arte Contempor\u00e1neo MNAC \/ Luis Manuel Pereira + del medio atelier + Baile Mendui\u00f1a\" data-rel=\"lightbox-gallery-1\"><img loading=\"lazy\" decoding=\"async\" width=\"150\" height=\"150\" src=\"https:\/\/www.arquimaster.com.ar\/web\/wp-content\/uploads\/2024\/12\/museo_mnac_6-150x150.jpg\" class=\"attachment-thumbnail size-thumbnail\" alt=\"Remodelaci\u00f3n y Ampliaci\u00f3n del Museo Nacional de Arte Contempor\u00e1neo MNAC \/ Luis Manuel Pereira + del medio atelier + Baile Mendui\u00f1a\" aria-describedby=\"gallery-1-83064\" \/><\/a>\n\t\t\t<\/div>\n\t\t\t\t<figcaption class='wp-caption-text gallery-caption' id='gallery-1-83064'>\n\t\t\t\tRemodelaci\u00f3n y Ampliaci\u00f3n del Museo Nacional de Arte Contempor\u00e1neo MNAC \/ Luis Manuel Pereira + del medio atelier + Baile Mendui\u00f1a\n\t\t\t\t<\/figcaption><\/figure><figure class='gallery-item'>\n\t\t\t<div class='gallery-icon portrait'>\n\t\t\t\t<a href='https:\/\/www.arquimaster.com.ar\/web\/wp-content\/uploads\/2024\/12\/museo_mnac_7.jpg' title=\"Remodelaci\u00f3n y Ampliaci\u00f3n del Museo Nacional de Arte Contempor\u00e1neo MNAC \/ Luis Manuel Pereira + del medio atelier + Baile Mendui\u00f1a\" data-rl_title=\"Remodelaci\u00f3n y Ampliaci\u00f3n del Museo Nacional de Arte Contempor\u00e1neo MNAC \/ Luis Manuel Pereira + del medio atelier + Baile Mendui\u00f1a\" class=\"rl-gallery-link\" data-rl_caption=\"Remodelaci\u00f3n y Ampliaci\u00f3n del Museo Nacional de Arte Contempor\u00e1neo MNAC \/ Luis Manuel Pereira + del medio atelier + Baile Mendui\u00f1a\" data-rel=\"lightbox-gallery-1\"><img loading=\"lazy\" decoding=\"async\" width=\"150\" height=\"150\" src=\"https:\/\/www.arquimaster.com.ar\/web\/wp-content\/uploads\/2024\/12\/museo_mnac_7-150x150.jpg\" class=\"attachment-thumbnail size-thumbnail\" alt=\"Remodelaci\u00f3n y Ampliaci\u00f3n del Museo Nacional de Arte Contempor\u00e1neo MNAC \/ Luis Manuel Pereira + del medio atelier + Baile Mendui\u00f1a\" aria-describedby=\"gallery-1-83065\" \/><\/a>\n\t\t\t<\/div>\n\t\t\t\t<figcaption class='wp-caption-text gallery-caption' id='gallery-1-83065'>\n\t\t\t\tRemodelaci\u00f3n y Ampliaci\u00f3n del Museo Nacional de Arte Contempor\u00e1neo MNAC \/ Luis Manuel Pereira + del medio atelier + Baile Mendui\u00f1a\n\t\t\t\t<\/figcaption><\/figure><figure class='gallery-item'>\n\t\t\t<div class='gallery-icon landscape'>\n\t\t\t\t<a href='https:\/\/www.arquimaster.com.ar\/web\/wp-content\/uploads\/2024\/12\/museo_mnac_8.jpg' title=\"Remodelaci\u00f3n y Ampliaci\u00f3n del Museo Nacional de Arte Contempor\u00e1neo MNAC \/ Luis Manuel Pereira + del medio atelier + Baile Mendui\u00f1a\" data-rl_title=\"Remodelaci\u00f3n y Ampliaci\u00f3n del Museo Nacional de Arte Contempor\u00e1neo MNAC \/ Luis Manuel Pereira + del medio atelier + Baile Mendui\u00f1a\" class=\"rl-gallery-link\" data-rl_caption=\"Remodelaci\u00f3n y Ampliaci\u00f3n del Museo Nacional de Arte Contempor\u00e1neo MNAC \/ Luis Manuel Pereira + del medio atelier + Baile Mendui\u00f1a\" data-rel=\"lightbox-gallery-1\"><img loading=\"lazy\" decoding=\"async\" width=\"150\" height=\"150\" src=\"https:\/\/www.arquimaster.com.ar\/web\/wp-content\/uploads\/2024\/12\/museo_mnac_8-150x150.jpg\" class=\"attachment-thumbnail size-thumbnail\" alt=\"Remodelaci\u00f3n y Ampliaci\u00f3n del Museo Nacional de Arte Contempor\u00e1neo MNAC \/ Luis Manuel Pereira + del medio atelier + Baile Mendui\u00f1a\" aria-describedby=\"gallery-1-83066\" \/><\/a>\n\t\t\t<\/div>\n\t\t\t\t<figcaption class='wp-caption-text gallery-caption' id='gallery-1-83066'>\n\t\t\t\tRemodelaci\u00f3n y Ampliaci\u00f3n del Museo Nacional de Arte Contempor\u00e1neo MNAC \/ Luis Manuel Pereira + del medio atelier + Baile Mendui\u00f1a\n\t\t\t\t<\/figcaption><\/figure><figure class='gallery-item'>\n\t\t\t<div class='gallery-icon landscape'>\n\t\t\t\t<a href='https:\/\/www.arquimaster.com.ar\/web\/wp-content\/uploads\/2024\/12\/museo_mnac_9.jpg' title=\"Remodelaci\u00f3n y Ampliaci\u00f3n del Museo Nacional de Arte Contempor\u00e1neo MNAC \/ Luis Manuel Pereira + del medio atelier + Baile Mendui\u00f1a\" data-rl_title=\"Remodelaci\u00f3n y Ampliaci\u00f3n del Museo Nacional de Arte Contempor\u00e1neo MNAC \/ Luis Manuel Pereira + del medio atelier + Baile Mendui\u00f1a\" class=\"rl-gallery-link\" data-rl_caption=\"Remodelaci\u00f3n y Ampliaci\u00f3n del Museo Nacional de Arte Contempor\u00e1neo MNAC \/ Luis Manuel Pereira + del medio atelier + Baile Mendui\u00f1a\" data-rel=\"lightbox-gallery-1\"><img loading=\"lazy\" decoding=\"async\" width=\"150\" height=\"150\" src=\"https:\/\/www.arquimaster.com.ar\/web\/wp-content\/uploads\/2024\/12\/museo_mnac_9-150x150.jpg\" class=\"attachment-thumbnail size-thumbnail\" alt=\"Remodelaci\u00f3n y Ampliaci\u00f3n del Museo Nacional de Arte Contempor\u00e1neo MNAC \/ Luis Manuel Pereira + del medio atelier + Baile Mendui\u00f1a\" aria-describedby=\"gallery-1-83067\" srcset=\"https:\/\/www.arquimaster.com.ar\/web\/wp-content\/uploads\/2024\/12\/museo_mnac_9-150x150.jpg 150w, https:\/\/www.arquimaster.com.ar\/web\/wp-content\/uploads\/2024\/12\/museo_mnac_9-768x768.jpg 768w, https:\/\/www.arquimaster.com.ar\/web\/wp-content\/uploads\/2024\/12\/museo_mnac_9-1536x1536.jpg 1536w, https:\/\/www.arquimaster.com.ar\/web\/wp-content\/uploads\/2024\/12\/museo_mnac_9.jpg 2000w\" sizes=\"auto, (max-width: 150px) 100vw, 150px\" \/><\/a>\n\t\t\t<\/div>\n\t\t\t\t<figcaption class='wp-caption-text gallery-caption' id='gallery-1-83067'>\n\t\t\t\tRemodelaci\u00f3n y Ampliaci\u00f3n del Museo Nacional de Arte Contempor\u00e1neo MNAC \/ Luis Manuel Pereira + del medio atelier + Baile Mendui\u00f1a\n\t\t\t\t<\/figcaption><\/figure><figure class='gallery-item'>\n\t\t\t<div class='gallery-icon landscape'>\n\t\t\t\t<a href='https:\/\/www.arquimaster.com.ar\/web\/wp-content\/uploads\/2024\/12\/museo_mnac_10.jpg' title=\"Remodelaci\u00f3n y Ampliaci\u00f3n del Museo Nacional de Arte Contempor\u00e1neo MNAC \/ Luis Manuel Pereira + del medio atelier + Baile Mendui\u00f1a\" data-rl_title=\"Remodelaci\u00f3n y Ampliaci\u00f3n del Museo Nacional de Arte Contempor\u00e1neo MNAC \/ Luis Manuel Pereira + del medio atelier + Baile Mendui\u00f1a\" class=\"rl-gallery-link\" data-rl_caption=\"Remodelaci\u00f3n y Ampliaci\u00f3n del Museo Nacional de Arte Contempor\u00e1neo MNAC \/ Luis Manuel Pereira + del medio atelier + Baile Mendui\u00f1a\" data-rel=\"lightbox-gallery-1\"><img loading=\"lazy\" decoding=\"async\" width=\"150\" height=\"150\" src=\"https:\/\/www.arquimaster.com.ar\/web\/wp-content\/uploads\/2024\/12\/museo_mnac_10-150x150.jpg\" class=\"attachment-thumbnail size-thumbnail\" alt=\"Remodelaci\u00f3n y Ampliaci\u00f3n del Museo Nacional de Arte Contempor\u00e1neo MNAC \/ Luis Manuel Pereira + del medio atelier + Baile Mendui\u00f1a\" aria-describedby=\"gallery-1-83068\" srcset=\"https:\/\/www.arquimaster.com.ar\/web\/wp-content\/uploads\/2024\/12\/museo_mnac_10-150x150.jpg 150w, https:\/\/www.arquimaster.com.ar\/web\/wp-content\/uploads\/2024\/12\/museo_mnac_10-768x768.jpg 768w, https:\/\/www.arquimaster.com.ar\/web\/wp-content\/uploads\/2024\/12\/museo_mnac_10-1536x1536.jpg 1536w, https:\/\/www.arquimaster.com.ar\/web\/wp-content\/uploads\/2024\/12\/museo_mnac_10.jpg 2000w\" sizes=\"auto, (max-width: 150px) 100vw, 150px\" \/><\/a>\n\t\t\t<\/div>\n\t\t\t\t<figcaption class='wp-caption-text gallery-caption' id='gallery-1-83068'>\n\t\t\t\tRemodelaci\u00f3n y Ampliaci\u00f3n del Museo Nacional de Arte Contempor\u00e1neo MNAC \/ Luis Manuel Pereira + del medio atelier + Baile Mendui\u00f1a\n\t\t\t\t<\/figcaption><\/figure><figure class='gallery-item'>\n\t\t\t<div class='gallery-icon landscape'>\n\t\t\t\t<a href='https:\/\/www.arquimaster.com.ar\/web\/wp-content\/uploads\/2024\/12\/museo_mnac_11.jpg' title=\"Remodelaci\u00f3n y Ampliaci\u00f3n del Museo Nacional de Arte Contempor\u00e1neo MNAC \/ Luis Manuel Pereira + del medio atelier + Baile Mendui\u00f1a\" data-rl_title=\"Remodelaci\u00f3n y Ampliaci\u00f3n del Museo Nacional de Arte Contempor\u00e1neo MNAC \/ Luis Manuel Pereira + del medio atelier + Baile Mendui\u00f1a\" class=\"rl-gallery-link\" data-rl_caption=\"Remodelaci\u00f3n y Ampliaci\u00f3n del Museo Nacional de Arte Contempor\u00e1neo MNAC \/ Luis Manuel Pereira + del medio atelier + Baile Mendui\u00f1a\" data-rel=\"lightbox-gallery-1\"><img loading=\"lazy\" decoding=\"async\" width=\"150\" height=\"150\" src=\"https:\/\/www.arquimaster.com.ar\/web\/wp-content\/uploads\/2024\/12\/museo_mnac_11-150x150.jpg\" class=\"attachment-thumbnail size-thumbnail\" alt=\"Remodelaci\u00f3n y Ampliaci\u00f3n del Museo Nacional de Arte Contempor\u00e1neo MNAC \/ Luis Manuel Pereira + del medio atelier + Baile Mendui\u00f1a\" aria-describedby=\"gallery-1-83069\" srcset=\"https:\/\/www.arquimaster.com.ar\/web\/wp-content\/uploads\/2024\/12\/museo_mnac_11-150x150.jpg 150w, https:\/\/www.arquimaster.com.ar\/web\/wp-content\/uploads\/2024\/12\/museo_mnac_11-768x768.jpg 768w, https:\/\/www.arquimaster.com.ar\/web\/wp-content\/uploads\/2024\/12\/museo_mnac_11-1536x1536.jpg 1536w, https:\/\/www.arquimaster.com.ar\/web\/wp-content\/uploads\/2024\/12\/museo_mnac_11.jpg 2000w\" sizes=\"auto, (max-width: 150px) 100vw, 150px\" \/><\/a>\n\t\t\t<\/div>\n\t\t\t\t<figcaption class='wp-caption-text gallery-caption' id='gallery-1-83069'>\n\t\t\t\tRemodelaci\u00f3n y Ampliaci\u00f3n del Museo Nacional de Arte Contempor\u00e1neo MNAC \/ Luis Manuel Pereira + del medio atelier + Baile Mendui\u00f1a\n\t\t\t\t<\/figcaption><\/figure><figure class='gallery-item'>\n\t\t\t<div class='gallery-icon landscape'>\n\t\t\t\t<a href='https:\/\/www.arquimaster.com.ar\/web\/wp-content\/uploads\/2024\/12\/museo_mnac_12.jpg' title=\"Remodelaci\u00f3n y Ampliaci\u00f3n del Museo Nacional de Arte Contempor\u00e1neo MNAC \/ Luis Manuel Pereira + del medio atelier + Baile Mendui\u00f1a\" data-rl_title=\"Remodelaci\u00f3n y Ampliaci\u00f3n del Museo Nacional de Arte Contempor\u00e1neo MNAC \/ Luis Manuel Pereira + del medio atelier + Baile Mendui\u00f1a\" class=\"rl-gallery-link\" data-rl_caption=\"Remodelaci\u00f3n y Ampliaci\u00f3n del Museo Nacional de Arte Contempor\u00e1neo MNAC \/ Luis Manuel Pereira + del medio atelier + Baile Mendui\u00f1a\" data-rel=\"lightbox-gallery-1\"><img loading=\"lazy\" decoding=\"async\" width=\"150\" height=\"150\" src=\"https:\/\/www.arquimaster.com.ar\/web\/wp-content\/uploads\/2024\/12\/museo_mnac_12-150x150.jpg\" class=\"attachment-thumbnail size-thumbnail\" alt=\"Remodelaci\u00f3n y Ampliaci\u00f3n del Museo Nacional de Arte Contempor\u00e1neo MNAC \/ Luis Manuel Pereira + del medio atelier + Baile Mendui\u00f1a\" aria-describedby=\"gallery-1-83070\" srcset=\"https:\/\/www.arquimaster.com.ar\/web\/wp-content\/uploads\/2024\/12\/museo_mnac_12-150x150.jpg 150w, https:\/\/www.arquimaster.com.ar\/web\/wp-content\/uploads\/2024\/12\/museo_mnac_12-768x768.jpg 768w, https:\/\/www.arquimaster.com.ar\/web\/wp-content\/uploads\/2024\/12\/museo_mnac_12-1536x1536.jpg 1536w, https:\/\/www.arquimaster.com.ar\/web\/wp-content\/uploads\/2024\/12\/museo_mnac_12.jpg 2000w\" sizes=\"auto, (max-width: 150px) 100vw, 150px\" \/><\/a>\n\t\t\t<\/div>\n\t\t\t\t<figcaption class='wp-caption-text gallery-caption' id='gallery-1-83070'>\n\t\t\t\tRemodelaci\u00f3n y Ampliaci\u00f3n del Museo Nacional de Arte Contempor\u00e1neo MNAC \/ Luis Manuel Pereira + del medio atelier + Baile Mendui\u00f1a\n\t\t\t\t<\/figcaption><\/figure><figure class='gallery-item'>\n\t\t\t<div class='gallery-icon landscape'>\n\t\t\t\t<a href='https:\/\/www.arquimaster.com.ar\/web\/wp-content\/uploads\/2024\/12\/museo_mnac_13.jpg' title=\"Remodelaci\u00f3n y Ampliaci\u00f3n del Museo Nacional de Arte Contempor\u00e1neo MNAC \/ Luis Manuel Pereira + del medio atelier + Baile Mendui\u00f1a\" data-rl_title=\"Remodelaci\u00f3n y Ampliaci\u00f3n del Museo Nacional de Arte Contempor\u00e1neo MNAC \/ Luis Manuel Pereira + del medio atelier + Baile Mendui\u00f1a\" class=\"rl-gallery-link\" data-rl_caption=\"Remodelaci\u00f3n y Ampliaci\u00f3n del Museo Nacional de Arte Contempor\u00e1neo MNAC \/ Luis Manuel Pereira + del medio atelier + Baile Mendui\u00f1a\" data-rel=\"lightbox-gallery-1\"><img loading=\"lazy\" decoding=\"async\" width=\"150\" height=\"150\" src=\"https:\/\/www.arquimaster.com.ar\/web\/wp-content\/uploads\/2024\/12\/museo_mnac_13-150x150.jpg\" class=\"attachment-thumbnail size-thumbnail\" alt=\"Remodelaci\u00f3n y Ampliaci\u00f3n del Museo Nacional de Arte Contempor\u00e1neo MNAC \/ Luis Manuel Pereira + del medio atelier + Baile Mendui\u00f1a\" aria-describedby=\"gallery-1-83071\" srcset=\"https:\/\/www.arquimaster.com.ar\/web\/wp-content\/uploads\/2024\/12\/museo_mnac_13-150x150.jpg 150w, https:\/\/www.arquimaster.com.ar\/web\/wp-content\/uploads\/2024\/12\/museo_mnac_13-768x768.jpg 768w, https:\/\/www.arquimaster.com.ar\/web\/wp-content\/uploads\/2024\/12\/museo_mnac_13-1536x1536.jpg 1536w, https:\/\/www.arquimaster.com.ar\/web\/wp-content\/uploads\/2024\/12\/museo_mnac_13.jpg 2000w\" sizes=\"auto, (max-width: 150px) 100vw, 150px\" \/><\/a>\n\t\t\t<\/div>\n\t\t\t\t<figcaption class='wp-caption-text gallery-caption' id='gallery-1-83071'>\n\t\t\t\tRemodelaci\u00f3n y Ampliaci\u00f3n del Museo Nacional de Arte Contempor\u00e1neo MNAC \/ Luis Manuel Pereira + del medio atelier + Baile Mendui\u00f1a\n\t\t\t\t<\/figcaption><\/figure><figure class='gallery-item'>\n\t\t\t<div class='gallery-icon landscape'>\n\t\t\t\t<a href='https:\/\/www.arquimaster.com.ar\/web\/wp-content\/uploads\/2024\/12\/museo_mnac_14.jpg' title=\"Remodelaci\u00f3n y Ampliaci\u00f3n del Museo Nacional de Arte Contempor\u00e1neo MNAC \/ Luis Manuel Pereira + del medio atelier + Baile Mendui\u00f1a\" data-rl_title=\"Remodelaci\u00f3n y Ampliaci\u00f3n del Museo Nacional de Arte Contempor\u00e1neo MNAC \/ Luis Manuel Pereira + del medio atelier + Baile Mendui\u00f1a\" class=\"rl-gallery-link\" data-rl_caption=\"Remodelaci\u00f3n y Ampliaci\u00f3n del Museo Nacional de Arte Contempor\u00e1neo MNAC \/ Luis Manuel Pereira + del medio atelier + Baile Mendui\u00f1a\" data-rel=\"lightbox-gallery-1\"><img loading=\"lazy\" decoding=\"async\" width=\"150\" height=\"150\" src=\"https:\/\/www.arquimaster.com.ar\/web\/wp-content\/uploads\/2024\/12\/museo_mnac_14-150x150.jpg\" class=\"attachment-thumbnail size-thumbnail\" alt=\"Remodelaci\u00f3n y Ampliaci\u00f3n del Museo Nacional de Arte Contempor\u00e1neo MNAC \/ Luis Manuel Pereira + del medio atelier + Baile Mendui\u00f1a\" aria-describedby=\"gallery-1-83072\" srcset=\"https:\/\/www.arquimaster.com.ar\/web\/wp-content\/uploads\/2024\/12\/museo_mnac_14-150x150.jpg 150w, https:\/\/www.arquimaster.com.ar\/web\/wp-content\/uploads\/2024\/12\/museo_mnac_14-768x768.jpg 768w, https:\/\/www.arquimaster.com.ar\/web\/wp-content\/uploads\/2024\/12\/museo_mnac_14-1536x1536.jpg 1536w, https:\/\/www.arquimaster.com.ar\/web\/wp-content\/uploads\/2024\/12\/museo_mnac_14.jpg 2000w\" sizes=\"auto, (max-width: 150px) 100vw, 150px\" \/><\/a>\n\t\t\t<\/div>\n\t\t\t\t<figcaption class='wp-caption-text gallery-caption' id='gallery-1-83072'>\n\t\t\t\tRemodelaci\u00f3n y Ampliaci\u00f3n del Museo Nacional de Arte Contempor\u00e1neo MNAC \/ Luis Manuel Pereira + del medio atelier + Baile Mendui\u00f1a\n\t\t\t\t<\/figcaption><\/figure><figure class='gallery-item'>\n\t\t\t<div class='gallery-icon landscape'>\n\t\t\t\t<a href='https:\/\/www.arquimaster.com.ar\/web\/wp-content\/uploads\/2024\/12\/museo_mnac_15.jpg' title=\"Remodelaci\u00f3n y Ampliaci\u00f3n del Museo Nacional de Arte Contempor\u00e1neo MNAC \/ Luis Manuel Pereira + del medio atelier + Baile Mendui\u00f1a\" data-rl_title=\"Remodelaci\u00f3n y Ampliaci\u00f3n del Museo Nacional de Arte Contempor\u00e1neo MNAC \/ Luis Manuel Pereira + del medio atelier + Baile Mendui\u00f1a\" class=\"rl-gallery-link\" data-rl_caption=\"Remodelaci\u00f3n y Ampliaci\u00f3n del Museo Nacional de Arte Contempor\u00e1neo MNAC \/ Luis Manuel Pereira + del medio atelier + Baile Mendui\u00f1a\" data-rel=\"lightbox-gallery-1\"><img loading=\"lazy\" decoding=\"async\" width=\"150\" height=\"150\" src=\"https:\/\/www.arquimaster.com.ar\/web\/wp-content\/uploads\/2024\/12\/museo_mnac_15-150x150.jpg\" class=\"attachment-thumbnail size-thumbnail\" alt=\"Remodelaci\u00f3n y Ampliaci\u00f3n del Museo Nacional de Arte Contempor\u00e1neo MNAC \/ Luis Manuel Pereira + del medio atelier + Baile Mendui\u00f1a\" aria-describedby=\"gallery-1-83073\" srcset=\"https:\/\/www.arquimaster.com.ar\/web\/wp-content\/uploads\/2024\/12\/museo_mnac_15-150x150.jpg 150w, https:\/\/www.arquimaster.com.ar\/web\/wp-content\/uploads\/2024\/12\/museo_mnac_15-768x768.jpg 768w, https:\/\/www.arquimaster.com.ar\/web\/wp-content\/uploads\/2024\/12\/museo_mnac_15-1536x1536.jpg 1536w, https:\/\/www.arquimaster.com.ar\/web\/wp-content\/uploads\/2024\/12\/museo_mnac_15.jpg 2000w\" sizes=\"auto, (max-width: 150px) 100vw, 150px\" \/><\/a>\n\t\t\t<\/div>\n\t\t\t\t<figcaption class='wp-caption-text gallery-caption' id='gallery-1-83073'>\n\t\t\t\tRemodelaci\u00f3n y Ampliaci\u00f3n del Museo Nacional de Arte Contempor\u00e1neo MNAC \/ Luis Manuel Pereira + del medio atelier + Baile Mendui\u00f1a\n\t\t\t\t<\/figcaption><\/figure><figure class='gallery-item'>\n\t\t\t<div class='gallery-icon landscape'>\n\t\t\t\t<a href='https:\/\/www.arquimaster.com.ar\/web\/wp-content\/uploads\/2024\/12\/museo_mnac_16.jpg' title=\"Remodelaci\u00f3n y Ampliaci\u00f3n del Museo Nacional de Arte Contempor\u00e1neo MNAC \/ Luis Manuel Pereira + del medio atelier + Baile Mendui\u00f1a\" data-rl_title=\"Remodelaci\u00f3n y Ampliaci\u00f3n del Museo Nacional de Arte Contempor\u00e1neo MNAC \/ Luis Manuel Pereira + del medio atelier + Baile Mendui\u00f1a\" class=\"rl-gallery-link\" data-rl_caption=\"Remodelaci\u00f3n y Ampliaci\u00f3n del Museo Nacional de Arte Contempor\u00e1neo MNAC \/ Luis Manuel Pereira + del medio atelier + Baile Mendui\u00f1a\" data-rel=\"lightbox-gallery-1\"><img loading=\"lazy\" decoding=\"async\" width=\"150\" height=\"150\" src=\"https:\/\/www.arquimaster.com.ar\/web\/wp-content\/uploads\/2024\/12\/museo_mnac_16-150x150.jpg\" class=\"attachment-thumbnail size-thumbnail\" alt=\"Remodelaci\u00f3n y Ampliaci\u00f3n del Museo Nacional de Arte Contempor\u00e1neo MNAC \/ Luis Manuel Pereira + del medio atelier + Baile Mendui\u00f1a\" aria-describedby=\"gallery-1-83074\" srcset=\"https:\/\/www.arquimaster.com.ar\/web\/wp-content\/uploads\/2024\/12\/museo_mnac_16-150x150.jpg 150w, https:\/\/www.arquimaster.com.ar\/web\/wp-content\/uploads\/2024\/12\/museo_mnac_16-768x768.jpg 768w, https:\/\/www.arquimaster.com.ar\/web\/wp-content\/uploads\/2024\/12\/museo_mnac_16-1536x1536.jpg 1536w, https:\/\/www.arquimaster.com.ar\/web\/wp-content\/uploads\/2024\/12\/museo_mnac_16.jpg 2000w\" sizes=\"auto, (max-width: 150px) 100vw, 150px\" \/><\/a>\n\t\t\t<\/div>\n\t\t\t\t<figcaption class='wp-caption-text gallery-caption' id='gallery-1-83074'>\n\t\t\t\tRemodelaci\u00f3n y Ampliaci\u00f3n del Museo Nacional de Arte Contempor\u00e1neo MNAC \/ Luis Manuel Pereira + del medio atelier + Baile Mendui\u00f1a\n\t\t\t\t<\/figcaption><\/figure><figure class='gallery-item'>\n\t\t\t<div class='gallery-icon landscape'>\n\t\t\t\t<a href='https:\/\/www.arquimaster.com.ar\/web\/wp-content\/uploads\/2024\/12\/museo_mnac_17.jpg' title=\"Remodelaci\u00f3n y Ampliaci\u00f3n del Museo Nacional de Arte Contempor\u00e1neo MNAC \/ Luis Manuel Pereira + del medio atelier + Baile Mendui\u00f1a\" data-rl_title=\"Remodelaci\u00f3n y Ampliaci\u00f3n del Museo Nacional de Arte Contempor\u00e1neo MNAC \/ Luis Manuel Pereira + del medio atelier + Baile Mendui\u00f1a\" class=\"rl-gallery-link\" data-rl_caption=\"Remodelaci\u00f3n y Ampliaci\u00f3n del Museo Nacional de Arte Contempor\u00e1neo MNAC \/ Luis Manuel Pereira + del medio atelier + Baile Mendui\u00f1a\" data-rel=\"lightbox-gallery-1\"><img loading=\"lazy\" decoding=\"async\" width=\"150\" height=\"150\" src=\"https:\/\/www.arquimaster.com.ar\/web\/wp-content\/uploads\/2024\/12\/museo_mnac_17-150x150.jpg\" class=\"attachment-thumbnail size-thumbnail\" alt=\"Remodelaci\u00f3n y Ampliaci\u00f3n del Museo Nacional de Arte Contempor\u00e1neo MNAC \/ Luis Manuel Pereira + del medio atelier + Baile Mendui\u00f1a\" aria-describedby=\"gallery-1-83075\" srcset=\"https:\/\/www.arquimaster.com.ar\/web\/wp-content\/uploads\/2024\/12\/museo_mnac_17-150x150.jpg 150w, https:\/\/www.arquimaster.com.ar\/web\/wp-content\/uploads\/2024\/12\/museo_mnac_17-768x768.jpg 768w, https:\/\/www.arquimaster.com.ar\/web\/wp-content\/uploads\/2024\/12\/museo_mnac_17-1536x1536.jpg 1536w, https:\/\/www.arquimaster.com.ar\/web\/wp-content\/uploads\/2024\/12\/museo_mnac_17.jpg 2000w\" sizes=\"auto, (max-width: 150px) 100vw, 150px\" \/><\/a>\n\t\t\t<\/div>\n\t\t\t\t<figcaption class='wp-caption-text gallery-caption' id='gallery-1-83075'>\n\t\t\t\tRemodelaci\u00f3n y Ampliaci\u00f3n del Museo Nacional de Arte Contempor\u00e1neo MNAC \/ Luis Manuel Pereira + del medio atelier + Baile Mendui\u00f1a\n\t\t\t\t<\/figcaption><\/figure><figure class='gallery-item'>\n\t\t\t<div class='gallery-icon landscape'>\n\t\t\t\t<a href='https:\/\/www.arquimaster.com.ar\/web\/wp-content\/uploads\/2024\/12\/museo_mnac_18.jpg' title=\"Remodelaci\u00f3n y Ampliaci\u00f3n del Museo Nacional de Arte Contempor\u00e1neo MNAC \/ Luis Manuel Pereira + del medio atelier + Baile Mendui\u00f1a\" data-rl_title=\"Remodelaci\u00f3n y Ampliaci\u00f3n del Museo Nacional de Arte Contempor\u00e1neo MNAC \/ Luis Manuel Pereira + del medio atelier + Baile Mendui\u00f1a\" class=\"rl-gallery-link\" data-rl_caption=\"Remodelaci\u00f3n y Ampliaci\u00f3n del Museo Nacional de Arte Contempor\u00e1neo MNAC \/ Luis Manuel Pereira + del medio atelier + Baile Mendui\u00f1a\" data-rel=\"lightbox-gallery-1\"><img loading=\"lazy\" decoding=\"async\" width=\"150\" height=\"150\" src=\"https:\/\/www.arquimaster.com.ar\/web\/wp-content\/uploads\/2024\/12\/museo_mnac_18-150x150.jpg\" class=\"attachment-thumbnail size-thumbnail\" alt=\"Remodelaci\u00f3n y Ampliaci\u00f3n del Museo Nacional de Arte Contempor\u00e1neo MNAC \/ Luis Manuel Pereira + del medio atelier + Baile Mendui\u00f1a\" aria-describedby=\"gallery-1-83076\" srcset=\"https:\/\/www.arquimaster.com.ar\/web\/wp-content\/uploads\/2024\/12\/museo_mnac_18-150x150.jpg 150w, https:\/\/www.arquimaster.com.ar\/web\/wp-content\/uploads\/2024\/12\/museo_mnac_18-768x768.jpg 768w, https:\/\/www.arquimaster.com.ar\/web\/wp-content\/uploads\/2024\/12\/museo_mnac_18-1536x1536.jpg 1536w, https:\/\/www.arquimaster.com.ar\/web\/wp-content\/uploads\/2024\/12\/museo_mnac_18.jpg 2000w\" sizes=\"auto, (max-width: 150px) 100vw, 150px\" \/><\/a>\n\t\t\t<\/div>\n\t\t\t\t<figcaption class='wp-caption-text gallery-caption' id='gallery-1-83076'>\n\t\t\t\tRemodelaci\u00f3n y Ampliaci\u00f3n del Museo Nacional de Arte Contempor\u00e1neo MNAC \/ Luis Manuel Pereira + del medio atelier + Baile Mendui\u00f1a\n\t\t\t\t<\/figcaption><\/figure><figure class='gallery-item'>\n\t\t\t<div class='gallery-icon landscape'>\n\t\t\t\t<a href='https:\/\/www.arquimaster.com.ar\/web\/wp-content\/uploads\/2024\/12\/museo_mnac_19.jpg' title=\"Remodelaci\u00f3n y Ampliaci\u00f3n del Museo Nacional de Arte Contempor\u00e1neo MNAC \/ Luis Manuel Pereira + del medio atelier + Baile Mendui\u00f1a\" data-rl_title=\"Remodelaci\u00f3n y Ampliaci\u00f3n del Museo Nacional de Arte Contempor\u00e1neo MNAC \/ Luis Manuel Pereira + del medio atelier + Baile Mendui\u00f1a\" class=\"rl-gallery-link\" data-rl_caption=\"Remodelaci\u00f3n y Ampliaci\u00f3n del Museo Nacional de Arte Contempor\u00e1neo MNAC \/ Luis Manuel Pereira + del medio atelier + Baile Mendui\u00f1a\" data-rel=\"lightbox-gallery-1\"><img loading=\"lazy\" decoding=\"async\" width=\"150\" height=\"150\" src=\"https:\/\/www.arquimaster.com.ar\/web\/wp-content\/uploads\/2024\/12\/museo_mnac_19-150x150.jpg\" class=\"attachment-thumbnail size-thumbnail\" alt=\"Remodelaci\u00f3n y Ampliaci\u00f3n del Museo Nacional de Arte Contempor\u00e1neo MNAC \/ Luis Manuel Pereira + del medio atelier + Baile Mendui\u00f1a\" aria-describedby=\"gallery-1-83077\" srcset=\"https:\/\/www.arquimaster.com.ar\/web\/wp-content\/uploads\/2024\/12\/museo_mnac_19-150x150.jpg 150w, https:\/\/www.arquimaster.com.ar\/web\/wp-content\/uploads\/2024\/12\/museo_mnac_19-768x768.jpg 768w, https:\/\/www.arquimaster.com.ar\/web\/wp-content\/uploads\/2024\/12\/museo_mnac_19-1536x1536.jpg 1536w, https:\/\/www.arquimaster.com.ar\/web\/wp-content\/uploads\/2024\/12\/museo_mnac_19.jpg 2000w\" sizes=\"auto, (max-width: 150px) 100vw, 150px\" \/><\/a>\n\t\t\t<\/div>\n\t\t\t\t<figcaption class='wp-caption-text gallery-caption' id='gallery-1-83077'>\n\t\t\t\tRemodelaci\u00f3n y Ampliaci\u00f3n del Museo Nacional de Arte Contempor\u00e1neo MNAC \/ Luis Manuel Pereira + del medio atelier + Baile Mendui\u00f1a\n\t\t\t\t<\/figcaption><\/figure><figure class='gallery-item'>\n\t\t\t<div class='gallery-icon landscape'>\n\t\t\t\t<a href='https:\/\/www.arquimaster.com.ar\/web\/wp-content\/uploads\/2024\/12\/museo_mnac_20.jpg' title=\"Remodelaci\u00f3n y Ampliaci\u00f3n del Museo Nacional de Arte Contempor\u00e1neo MNAC \/ Luis Manuel Pereira + del medio atelier + Baile Mendui\u00f1a\" data-rl_title=\"Remodelaci\u00f3n y Ampliaci\u00f3n del Museo Nacional de Arte Contempor\u00e1neo MNAC \/ Luis Manuel Pereira + del medio atelier + Baile Mendui\u00f1a\" class=\"rl-gallery-link\" data-rl_caption=\"Remodelaci\u00f3n y Ampliaci\u00f3n del Museo Nacional de Arte Contempor\u00e1neo MNAC \/ Luis Manuel Pereira + del medio atelier + Baile Mendui\u00f1a\" data-rel=\"lightbox-gallery-1\"><img loading=\"lazy\" decoding=\"async\" width=\"150\" height=\"150\" src=\"https:\/\/www.arquimaster.com.ar\/web\/wp-content\/uploads\/2024\/12\/museo_mnac_20-150x150.jpg\" class=\"attachment-thumbnail size-thumbnail\" alt=\"Remodelaci\u00f3n y Ampliaci\u00f3n del Museo Nacional de Arte Contempor\u00e1neo MNAC \/ Luis Manuel Pereira + del medio atelier + Baile Mendui\u00f1a\" aria-describedby=\"gallery-1-83078\" srcset=\"https:\/\/www.arquimaster.com.ar\/web\/wp-content\/uploads\/2024\/12\/museo_mnac_20-150x150.jpg 150w, https:\/\/www.arquimaster.com.ar\/web\/wp-content\/uploads\/2024\/12\/museo_mnac_20-768x768.jpg 768w, https:\/\/www.arquimaster.com.ar\/web\/wp-content\/uploads\/2024\/12\/museo_mnac_20-1536x1536.jpg 1536w, https:\/\/www.arquimaster.com.ar\/web\/wp-content\/uploads\/2024\/12\/museo_mnac_20.jpg 2000w\" sizes=\"auto, (max-width: 150px) 100vw, 150px\" \/><\/a>\n\t\t\t<\/div>\n\t\t\t\t<figcaption class='wp-caption-text gallery-caption' id='gallery-1-83078'>\n\t\t\t\tRemodelaci\u00f3n y Ampliaci\u00f3n del Museo Nacional de Arte Contempor\u00e1neo MNAC \/ Luis Manuel Pereira + del medio atelier + Baile Mendui\u00f1a\n\t\t\t\t<\/figcaption><\/figure>\n\t\t<\/div>\n\n<p>La propuesta integra los edificios hist\u00f3ricos con un nuevo volumen que busca equilibrar la memoria hist\u00f3rica y la arquitectura contempor\u00e1nea. Este volumen respeta el valor hist\u00f3rico del entorno, creando una continuidad visual y funcional con la ciudad, a la vez que incorpora elementos de dise\u00f1o contempor\u00e1neo que lo consolidan como un referente cultural y arquitect\u00f3nico.<\/p>\n<p>La estructura del nuevo volumen act\u00faa como un mediador entre los edificios hist\u00f3ricos, conectando espacios de exposici\u00f3n y \u00e1reas de circulaci\u00f3n, y mejorando la experiencia del visitante. La base del edificio se reviste de piedra lioz, material emblem\u00e1tico de Lisboa, que le otorga una presencia respetuosa y enraizada en la tradici\u00f3n.<\/p>\n<p>En los niveles superiores, el uso de mosaico cer\u00e1mico r\u00fastico aporta una textura moderna que enriquece el perfil visual del edificio. Este enfoque material refleja una armon\u00eda entre pasado y presente, permitiendo que el edificio se perciba como una extensi\u00f3n natural del barrio del Chiado.<\/p>\n<p>El dise\u00f1o organiza el recorrido museogr\u00e1fico en un sistema lineal, facilitando la circulaci\u00f3n y creando una experiencia fluida en cada \u00e1rea expositiva. En el nivel de acceso, el vest\u00edbulo principal conecta directamente con el jard\u00edn de esculturas, un espacio exterior que act\u00faa como un lugar de transici\u00f3n entre el museo y la vida urbana.<\/p>\n<p>Este jard\u00edn no s\u00f3lo funciona como un \u00e1rea p\u00fablica para la contemplaci\u00f3n de obras al aire libre, sino que tambi\u00e9n reafirma el papel del MNAC como un centro cultural accesible y abierto a la comunidad. La disposici\u00f3n de este jard\u00edn busca integrar el museo en los recorridos naturales del barrio, reforzando su conexi\u00f3n con el entorno.<\/p>\n<p>En t\u00e9rminos de funcionalidad, los espacios expositivos est\u00e1n organizados para que los visitantes experimenten una narrativa visual continua y secuencial. La exposici\u00f3n permanente se encuentra en el nivel inferior, mientras que las salas de exposiciones temporales y la biblioteca est\u00e1n ubicadas en los niveles superiores, estableciendo una jerarqu\u00eda espacial que permite una experiencia museogr\u00e1fica rica.<\/p>\n<p>En el \u00faltimo nivel, el proyecto incluye una terraza longitudinal que ofrece vistas panor\u00e1micas de Lisboa, proporcionando un final simb\u00f3lico al recorrido del museo. Esta terraza sirve tambi\u00e9n como un punto de contemplaci\u00f3n que fortalece la relaci\u00f3n entre el museo y su contexto urbano, permitiendo que los visitantes se conecten visualmente con la ciudad y el r\u00edo.<\/p>\n<p>Para mejorar la sostenibilidad, la fachada est\u00e1 dise\u00f1ada para optimizar la luz natural, reduciendo la necesidad de iluminaci\u00f3n artificial en las \u00e1reas expositivas. Adem\u00e1s, el edificio incorpora sistemas de control t\u00e9rmico pasivo, aprovechando las propiedades de los materiales para regular la temperatura, lo cual contribuye a reducir el consumo energ\u00e9tico.<\/p>\n<p>Los niveles subterr\u00e1neos albergan las \u00e1reas t\u00e9cnicas y de almacenamiento, garantizando una gesti\u00f3n eficiente de las colecciones y de los servicios operativos.<\/p>\n<p>Esta organizaci\u00f3n permite separar las funciones t\u00e9cnicas del espacio p\u00fablico, manteniendo una distribuci\u00f3n funcional que facilita el trabajo del personal sin interferir en la experiencia del visitante. En el nivel de acceso, el vest\u00edbulo cuenta con una tienda y una cafeter\u00eda con acceso directo al jard\u00edn de esculturas, integrando estos espacios en la vida cotidiana del barrio y permitiendo que funcionen de manera independiente.<\/p>\n<p>Las salas de exposiciones temporales est\u00e1n dise\u00f1adas con iluminaci\u00f3n ajustable y elementos m\u00f3viles, lo que facilita una disposici\u00f3n flexible y vers\u00e1til que se adapta a diferentes formatos de exposici\u00f3n, promoviendo una experiencia interactiva y din\u00e1mica.<\/p>\n<p>El MNAC tambi\u00e9n destaca por su compromiso con la accesibilidad. Todas las \u00e1reas est\u00e1n adaptadas para personas con movilidad reducida, con rampas, ascensores y se\u00f1alizaci\u00f3n adecuada, garantizando una experiencia inclusiva y accesible para todos los visitantes. Adem\u00e1s, el proyecto incorpora un espacio de restauraci\u00f3n visible al p\u00fablico, donde los visitantes pueden observar el proceso de conservaci\u00f3n de las obras, a\u00f1adiendo un valor educativo y de transparencia a la visita.<\/p>\n<p>El nuevo dise\u00f1o del MNAC representa un compromiso con la sostenibilidad y la integraci\u00f3n cultural en el Chiado. Este enfoque arquitect\u00f3nico permite que el museo se mantenga fiel a su legado patrimonial al tiempo que adopta una visi\u00f3n de innovaci\u00f3n y apertura hacia el futuro. Con una estructura que combina funcionalidad, accesibilidad e integraci\u00f3n urbana, el MNAC se convierte en un espacio donde el arte contempor\u00e1neo y la arquitectura dialogan con la comunidad y el contexto urbano.<\/p>\n<p>Este proyecto asegura que el MNAC contin\u00fae evolucionando en armon\u00eda con la ciudad, consolid\u00e1ndose como un centro cultural de referencia donde el arte y la arquitectura se fusionan para enriquecer la experiencia de cada visitante.<\/p>\n\n\n<div style=\"height:20px\" aria-hidden=\"true\" class=\"wp-block-spacer\"><\/div>\n\n\n\n<p class=\"has-background\" style=\"background-color:#eaeaea\"><strong>Ficha t\u00e9cnica<\/strong><br>Nombre: Museo Nacional de Arte Contempor\u00e1neo en Lisboa<br>Ubicaci\u00f3n: Lisboa, Portugal<br>Arquitectura: Luis Manuel Pereira + del medio atelier + Baile Mendui\u00f1a<br>Equipo de proyecto: Baile Mendui\u00f1a (Rodrigo Baile, Arturo Mendui\u00f1a), del medio atelier (Mafalda Peres, Michel Zeca, Claudia Silveira)<br>Colaboradores: Asesora de exposiciones del museo, Heloisa Vivanco<br>Ingeniero estructural: Edgar Cardoso<br>Texto enviado por los autores<br>Im\u00e1genes enviadas por los autores<br>Sitio web: https:\/\/www.delmedioatelier.com<br>Instagram: @delmedioatelier<br>Sitio web: https:\/\/bailemenduina.com<br>Instagram: @bailemenduina<\/p>\n\n\n\n<div style=\"height:40px\" aria-hidden=\"true\" class=\"wp-block-spacer\"><\/div>\n\n<div style=\"font-size: 0px; height: 0px; line-height: 0px; margin: 0; padding: 0; clear: both;\"><\/div><div style=\"margin-top: 0px; margin-bottom: 0px;\" class=\"sharethis-inline-share-buttons\" ><\/div>","protected":false},"excerpt":{"rendered":"<p>El objetivo es revitalizar este espacio cultural en el hist\u00f3rico barrio del Chiado, un \u00e1rea de importancia patrimonial&#8230;<\/p>\n","protected":false},"author":1,"featured_media":83058,"comment_status":"closed","ping_status":"closed","sticky":false,"template":"","format":"standard","meta":{"_uag_custom_page_level_css":"","footnotes":""},"categories":[784,1],"tags":[681,4573,8140,8138,8135,8143,8137,4571,4572,670,8136,8141,8142,8133,8134,2969,671,722,8139],"class_list":["post-83057","post","type-post","status-publish","format-standard","has-post-thumbnail","hentry","category-edificios-para-la-cultura","category-proyecto","tag-ampliacion","tag-arquitectura-cultural","tag-arturo-menduina","tag-baile-menduina","tag-chiado","tag-claudia-silveira","tag-del-medio-atelier","tag-edificios-culturales","tag-edificios-para-la-cultura","tag-lisboa","tag-luis-manuel-pereira","tag-mafalda-peres","tag-michel-zeca","tag-mnac","tag-museo-nacional-de-arte-contemporaneo","tag-museos","tag-portugal","tag-remodelacion","tag-rodrigo-baile","generate-columns","tablet-grid-50","mobile-grid-100","grid-parent","grid-50"],"yoast_head":"<!-- This site is optimized with the Yoast SEO plugin v27.3 - https:\/\/yoast.com\/product\/yoast-seo-wordpress\/ -->\n<title>Remodelaci\u00f3n y Ampliaci\u00f3n del Museo Nacional de Arte Contempor\u00e1neo MNAC \/ Luis Manuel Pereira + del medio atelier + Baile Mendui\u00f1a - Arquimaster<\/title>\n<meta name=\"description\" content=\"El proyecto tiene como objetivo revitalizar este espacio cultural en el hist\u00f3rico barrio del Chiado, un \u00e1rea de importancia patrimonial.\" \/>\n<meta name=\"robots\" content=\"index, follow, max-snippet:-1, max-image-preview:large, max-video-preview:-1\" \/>\n<link rel=\"canonical\" href=\"https:\/\/www.arquimaster.com.ar\/web\/remodelacion-y-ampliacion-del-museo-nacional-de-arte-contemporaneo-mnac-luis-manuel-pereira-del-medio-atelier-baile-menduina\/\" \/>\n<meta property=\"og:locale\" content=\"es_ES\" \/>\n<meta property=\"og:type\" content=\"article\" \/>\n<meta property=\"og:title\" content=\"Remodelaci\u00f3n y Ampliaci\u00f3n del Museo Nacional de Arte Contempor\u00e1neo MNAC \/ Luis Manuel Pereira + del medio atelier + Baile Mendui\u00f1a\" \/>\n<meta property=\"og:description\" content=\"El proyecto tiene como objetivo revitalizar este espacio cultural en el hist\u00f3rico barrio del Chiado, un \u00e1rea de importancia patrimonial.\" \/>\n<meta property=\"og:url\" content=\"https:\/\/www.arquimaster.com.ar\/web\/remodelacion-y-ampliacion-del-museo-nacional-de-arte-contemporaneo-mnac-luis-manuel-pereira-del-medio-atelier-baile-menduina\/\" \/>\n<meta property=\"og:site_name\" content=\"Arquimaster\" \/>\n<meta property=\"article:publisher\" content=\"http:\/\/www.facebook.com\/ARQUIMASTER.com.ar\" \/>\n<meta property=\"article:published_time\" content=\"2024-12-11T21:11:37+00:00\" \/>\n<meta property=\"article:modified_time\" content=\"2025-07-23T22:32:35+00:00\" \/>\n<meta property=\"og:image\" content=\"https:\/\/www.arquimaster.com.ar\/web\/wp-content\/uploads\/2024\/12\/museo_mnac_slide.jpg\" \/>\n\t<meta property=\"og:image:width\" content=\"698\" \/>\n\t<meta property=\"og:image:height\" content=\"364\" \/>\n\t<meta property=\"og:image:type\" content=\"image\/jpeg\" \/>\n<meta name=\"author\" content=\"Arquimaster\" \/>\n<meta name=\"twitter:card\" content=\"summary_large_image\" \/>\n<meta name=\"twitter:title\" content=\"Remodelaci\u00f3n y Ampliaci\u00f3n del Museo Nacional de Arte Contempor\u00e1neo MNAC \/ Luis Manuel Pereira + del medio atelier + Baile Mendui\u00f1a\" \/>\n<meta name=\"twitter:description\" content=\"El proyecto tiene como objetivo revitalizar este espacio cultural en el hist\u00f3rico barrio del Chiado, un \u00e1rea de importancia patrimonial.\" \/>\n<meta name=\"twitter:image\" content=\"https:\/\/www.arquimaster.com.ar\/web\/wp-content\/uploads\/2024\/12\/museo_mnac_slide.jpg\" \/>\n<meta name=\"twitter:creator\" content=\"@arquimaster\" \/>\n<meta name=\"twitter:site\" content=\"@arquimaster\" \/>\n<meta name=\"twitter:label1\" content=\"Escrito por\" \/>\n\t<meta name=\"twitter:data1\" content=\"Arquimaster\" \/>\n\t<meta name=\"twitter:label2\" content=\"Tiempo de lectura\" \/>\n\t<meta name=\"twitter:data2\" content=\"5 minutos\" \/>\n<script type=\"application\/ld+json\" class=\"yoast-schema-graph\">{\"@context\":\"https:\\\/\\\/schema.org\",\"@graph\":[{\"@type\":\"Article\",\"@id\":\"https:\\\/\\\/www.arquimaster.com.ar\\\/web\\\/remodelacion-y-ampliacion-del-museo-nacional-de-arte-contemporaneo-mnac-luis-manuel-pereira-del-medio-atelier-baile-menduina\\\/#article\",\"isPartOf\":{\"@id\":\"https:\\\/\\\/www.arquimaster.com.ar\\\/web\\\/remodelacion-y-ampliacion-del-museo-nacional-de-arte-contemporaneo-mnac-luis-manuel-pereira-del-medio-atelier-baile-menduina\\\/\"},\"author\":{\"name\":\"Arquimaster\",\"@id\":\"https:\\\/\\\/www.arquimaster.com.ar\\\/web\\\/#\\\/schema\\\/person\\\/359e9f7c00193fcde068e0dd2ceb0028\"},\"headline\":\"Remodelaci\u00f3n y Ampliaci\u00f3n del Museo Nacional de Arte Contempor\u00e1neo MNAC \\\/ Luis Manuel Pereira + del medio atelier + Baile Mendui\u00f1a\",\"datePublished\":\"2024-12-11T21:11:37+00:00\",\"dateModified\":\"2025-07-23T22:32:35+00:00\",\"mainEntityOfPage\":{\"@id\":\"https:\\\/\\\/www.arquimaster.com.ar\\\/web\\\/remodelacion-y-ampliacion-del-museo-nacional-de-arte-contemporaneo-mnac-luis-manuel-pereira-del-medio-atelier-baile-menduina\\\/\"},\"wordCount\":973,\"publisher\":{\"@id\":\"https:\\\/\\\/www.arquimaster.com.ar\\\/web\\\/#organization\"},\"image\":{\"@id\":\"https:\\\/\\\/www.arquimaster.com.ar\\\/web\\\/remodelacion-y-ampliacion-del-museo-nacional-de-arte-contemporaneo-mnac-luis-manuel-pereira-del-medio-atelier-baile-menduina\\\/#primaryimage\"},\"thumbnailUrl\":\"https:\\\/\\\/www.arquimaster.com.ar\\\/web\\\/wp-content\\\/uploads\\\/2024\\\/12\\\/museo_mnac_slide.jpg\",\"keywords\":[\"ampliaci\u00f3n\",\"arquitectura cultural\",\"Arturo Mendui\u00f1a\",\"Baile Mendui\u00f1a\",\"Chiado\",\"Claudia Silveira\",\"del medio atelier\",\"edificios culturales\",\"edificios para la cultura\",\"Lisboa\",\"Luis Manuel Pereira\",\"Mafalda Peres\",\"Michel Zeca\",\"MNAC\",\"Museo Nacional de Arte Contempor\u00e1neo\",\"museos\",\"Portugal\",\"remodelaci\u00f3n\",\"Rodrigo Baile\"],\"articleSection\":[\"Edificios para la cultura\",\"Proyecto\"],\"inLanguage\":\"es\"},{\"@type\":\"WebPage\",\"@id\":\"https:\\\/\\\/www.arquimaster.com.ar\\\/web\\\/remodelacion-y-ampliacion-del-museo-nacional-de-arte-contemporaneo-mnac-luis-manuel-pereira-del-medio-atelier-baile-menduina\\\/\",\"url\":\"https:\\\/\\\/www.arquimaster.com.ar\\\/web\\\/remodelacion-y-ampliacion-del-museo-nacional-de-arte-contemporaneo-mnac-luis-manuel-pereira-del-medio-atelier-baile-menduina\\\/\",\"name\":\"Remodelaci\u00f3n y Ampliaci\u00f3n del Museo Nacional de Arte Contempor\u00e1neo MNAC \\\/ Luis Manuel Pereira + del medio atelier + Baile Mendui\u00f1a - Arquimaster\",\"isPartOf\":{\"@id\":\"https:\\\/\\\/www.arquimaster.com.ar\\\/web\\\/#website\"},\"primaryImageOfPage\":{\"@id\":\"https:\\\/\\\/www.arquimaster.com.ar\\\/web\\\/remodelacion-y-ampliacion-del-museo-nacional-de-arte-contemporaneo-mnac-luis-manuel-pereira-del-medio-atelier-baile-menduina\\\/#primaryimage\"},\"image\":{\"@id\":\"https:\\\/\\\/www.arquimaster.com.ar\\\/web\\\/remodelacion-y-ampliacion-del-museo-nacional-de-arte-contemporaneo-mnac-luis-manuel-pereira-del-medio-atelier-baile-menduina\\\/#primaryimage\"},\"thumbnailUrl\":\"https:\\\/\\\/www.arquimaster.com.ar\\\/web\\\/wp-content\\\/uploads\\\/2024\\\/12\\\/museo_mnac_slide.jpg\",\"datePublished\":\"2024-12-11T21:11:37+00:00\",\"dateModified\":\"2025-07-23T22:32:35+00:00\",\"description\":\"El proyecto tiene como objetivo revitalizar este espacio cultural en el hist\u00f3rico barrio del Chiado, un \u00e1rea de importancia patrimonial.\",\"breadcrumb\":{\"@id\":\"https:\\\/\\\/www.arquimaster.com.ar\\\/web\\\/remodelacion-y-ampliacion-del-museo-nacional-de-arte-contemporaneo-mnac-luis-manuel-pereira-del-medio-atelier-baile-menduina\\\/#breadcrumb\"},\"inLanguage\":\"es\",\"potentialAction\":[{\"@type\":\"ReadAction\",\"target\":[\"https:\\\/\\\/www.arquimaster.com.ar\\\/web\\\/remodelacion-y-ampliacion-del-museo-nacional-de-arte-contemporaneo-mnac-luis-manuel-pereira-del-medio-atelier-baile-menduina\\\/\"]}]},{\"@type\":\"ImageObject\",\"inLanguage\":\"es\",\"@id\":\"https:\\\/\\\/www.arquimaster.com.ar\\\/web\\\/remodelacion-y-ampliacion-del-museo-nacional-de-arte-contemporaneo-mnac-luis-manuel-pereira-del-medio-atelier-baile-menduina\\\/#primaryimage\",\"url\":\"https:\\\/\\\/www.arquimaster.com.ar\\\/web\\\/wp-content\\\/uploads\\\/2024\\\/12\\\/museo_mnac_slide.jpg\",\"contentUrl\":\"https:\\\/\\\/www.arquimaster.com.ar\\\/web\\\/wp-content\\\/uploads\\\/2024\\\/12\\\/museo_mnac_slide.jpg\",\"width\":698,\"height\":364,\"caption\":\"Remodelaci\u00f3n y Ampliaci\u00f3n del Museo Nacional de Arte Contempor\u00e1neo MNAC \\\/ Luis Manuel Pereira + del medio atelier + Baile Mendui\u00f1a\"},{\"@type\":\"BreadcrumbList\",\"@id\":\"https:\\\/\\\/www.arquimaster.com.ar\\\/web\\\/remodelacion-y-ampliacion-del-museo-nacional-de-arte-contemporaneo-mnac-luis-manuel-pereira-del-medio-atelier-baile-menduina\\\/#breadcrumb\",\"itemListElement\":[{\"@type\":\"ListItem\",\"position\":1,\"name\":\"Portada\",\"item\":\"https:\\\/\\\/www.arquimaster.com.ar\\\/web\\\/\"},{\"@type\":\"ListItem\",\"position\":2,\"name\":\"Remodelaci\u00f3n y Ampliaci\u00f3n del Museo Nacional de Arte Contempor\u00e1neo MNAC \\\/ Luis Manuel Pereira + del medio atelier + Baile Mendui\u00f1a\"}]},{\"@type\":\"WebSite\",\"@id\":\"https:\\\/\\\/www.arquimaster.com.ar\\\/web\\\/#website\",\"url\":\"https:\\\/\\\/www.arquimaster.com.ar\\\/web\\\/\",\"name\":\"Arquimaster\",\"description\":\"Web de arquitectura, dise\u00f1o y construccion\",\"publisher\":{\"@id\":\"https:\\\/\\\/www.arquimaster.com.ar\\\/web\\\/#organization\"},\"potentialAction\":[{\"@type\":\"SearchAction\",\"target\":{\"@type\":\"EntryPoint\",\"urlTemplate\":\"https:\\\/\\\/www.arquimaster.com.ar\\\/web\\\/?s={search_term_string}\"},\"query-input\":{\"@type\":\"PropertyValueSpecification\",\"valueRequired\":true,\"valueName\":\"search_term_string\"}}],\"inLanguage\":\"es\"},{\"@type\":\"Organization\",\"@id\":\"https:\\\/\\\/www.arquimaster.com.ar\\\/web\\\/#organization\",\"name\":\"Arquimaster\",\"url\":\"https:\\\/\\\/www.arquimaster.com.ar\\\/web\\\/\",\"logo\":{\"@type\":\"ImageObject\",\"inLanguage\":\"es\",\"@id\":\"https:\\\/\\\/www.arquimaster.com.ar\\\/web\\\/#\\\/schema\\\/logo\\\/image\\\/\",\"url\":\"https:\\\/\\\/www.arquimaster.com.ar\\\/web\\\/wp-content\\\/uploads\\\/2022\\\/06\\\/arquimaster.png\",\"contentUrl\":\"https:\\\/\\\/www.arquimaster.com.ar\\\/web\\\/wp-content\\\/uploads\\\/2022\\\/06\\\/arquimaster.png\",\"width\":594,\"height\":78,\"caption\":\"Arquimaster\"},\"image\":{\"@id\":\"https:\\\/\\\/www.arquimaster.com.ar\\\/web\\\/#\\\/schema\\\/logo\\\/image\\\/\"},\"sameAs\":[\"http:\\\/\\\/www.facebook.com\\\/ARQUIMASTER.com.ar\",\"https:\\\/\\\/x.com\\\/arquimaster\",\"https:\\\/\\\/www.instagram.com\\\/arquimasterblog\\\/\",\"https:\\\/\\\/www.linkedin.com\\\/company\\\/arquimaster\",\"https:\\\/\\\/www.pinterest.com\\\/arquimaster\",\"https:\\\/\\\/t.me\\\/arquimaster\"]},{\"@type\":\"Person\",\"@id\":\"https:\\\/\\\/www.arquimaster.com.ar\\\/web\\\/#\\\/schema\\\/person\\\/359e9f7c00193fcde068e0dd2ceb0028\",\"name\":\"Arquimaster\"}]}<\/script>\n<!-- \/ Yoast SEO plugin. -->","yoast_head_json":{"title":"Remodelaci\u00f3n y Ampliaci\u00f3n del Museo Nacional de Arte Contempor\u00e1neo MNAC \/ Luis Manuel Pereira + del medio atelier + Baile Mendui\u00f1a - Arquimaster","description":"El proyecto tiene como objetivo revitalizar este espacio cultural en el hist\u00f3rico barrio del Chiado, un \u00e1rea de importancia patrimonial.","robots":{"index":"index","follow":"follow","max-snippet":"max-snippet:-1","max-image-preview":"max-image-preview:large","max-video-preview":"max-video-preview:-1"},"canonical":"https:\/\/www.arquimaster.com.ar\/web\/remodelacion-y-ampliacion-del-museo-nacional-de-arte-contemporaneo-mnac-luis-manuel-pereira-del-medio-atelier-baile-menduina\/","og_locale":"es_ES","og_type":"article","og_title":"Remodelaci\u00f3n y Ampliaci\u00f3n del Museo Nacional de Arte Contempor\u00e1neo MNAC \/ Luis Manuel Pereira + del medio atelier + Baile Mendui\u00f1a","og_description":"El proyecto tiene como objetivo revitalizar este espacio cultural en el hist\u00f3rico barrio del Chiado, un \u00e1rea de importancia patrimonial.","og_url":"https:\/\/www.arquimaster.com.ar\/web\/remodelacion-y-ampliacion-del-museo-nacional-de-arte-contemporaneo-mnac-luis-manuel-pereira-del-medio-atelier-baile-menduina\/","og_site_name":"Arquimaster","article_publisher":"http:\/\/www.facebook.com\/ARQUIMASTER.com.ar","article_published_time":"2024-12-11T21:11:37+00:00","article_modified_time":"2025-07-23T22:32:35+00:00","og_image":[{"width":698,"height":364,"url":"https:\/\/www.arquimaster.com.ar\/web\/wp-content\/uploads\/2024\/12\/museo_mnac_slide.jpg","type":"image\/jpeg"}],"author":"Arquimaster","twitter_card":"summary_large_image","twitter_title":"Remodelaci\u00f3n y Ampliaci\u00f3n del Museo Nacional de Arte Contempor\u00e1neo MNAC \/ Luis Manuel Pereira + del medio atelier + Baile Mendui\u00f1a","twitter_description":"El proyecto tiene como objetivo revitalizar este espacio cultural en el hist\u00f3rico barrio del Chiado, un \u00e1rea de importancia patrimonial.","twitter_image":"https:\/\/www.arquimaster.com.ar\/web\/wp-content\/uploads\/2024\/12\/museo_mnac_slide.jpg","twitter_creator":"@arquimaster","twitter_site":"@arquimaster","twitter_misc":{"Escrito por":"Arquimaster","Tiempo de lectura":"5 minutos"},"schema":{"@context":"https:\/\/schema.org","@graph":[{"@type":"Article","@id":"https:\/\/www.arquimaster.com.ar\/web\/remodelacion-y-ampliacion-del-museo-nacional-de-arte-contemporaneo-mnac-luis-manuel-pereira-del-medio-atelier-baile-menduina\/#article","isPartOf":{"@id":"https:\/\/www.arquimaster.com.ar\/web\/remodelacion-y-ampliacion-del-museo-nacional-de-arte-contemporaneo-mnac-luis-manuel-pereira-del-medio-atelier-baile-menduina\/"},"author":{"name":"Arquimaster","@id":"https:\/\/www.arquimaster.com.ar\/web\/#\/schema\/person\/359e9f7c00193fcde068e0dd2ceb0028"},"headline":"Remodelaci\u00f3n y Ampliaci\u00f3n del Museo Nacional de Arte Contempor\u00e1neo MNAC \/ Luis Manuel Pereira + del medio atelier + Baile Mendui\u00f1a","datePublished":"2024-12-11T21:11:37+00:00","dateModified":"2025-07-23T22:32:35+00:00","mainEntityOfPage":{"@id":"https:\/\/www.arquimaster.com.ar\/web\/remodelacion-y-ampliacion-del-museo-nacional-de-arte-contemporaneo-mnac-luis-manuel-pereira-del-medio-atelier-baile-menduina\/"},"wordCount":973,"publisher":{"@id":"https:\/\/www.arquimaster.com.ar\/web\/#organization"},"image":{"@id":"https:\/\/www.arquimaster.com.ar\/web\/remodelacion-y-ampliacion-del-museo-nacional-de-arte-contemporaneo-mnac-luis-manuel-pereira-del-medio-atelier-baile-menduina\/#primaryimage"},"thumbnailUrl":"https:\/\/www.arquimaster.com.ar\/web\/wp-content\/uploads\/2024\/12\/museo_mnac_slide.jpg","keywords":["ampliaci\u00f3n","arquitectura cultural","Arturo Mendui\u00f1a","Baile Mendui\u00f1a","Chiado","Claudia Silveira","del medio atelier","edificios culturales","edificios para la cultura","Lisboa","Luis Manuel Pereira","Mafalda Peres","Michel Zeca","MNAC","Museo Nacional de Arte Contempor\u00e1neo","museos","Portugal","remodelaci\u00f3n","Rodrigo Baile"],"articleSection":["Edificios para la cultura","Proyecto"],"inLanguage":"es"},{"@type":"WebPage","@id":"https:\/\/www.arquimaster.com.ar\/web\/remodelacion-y-ampliacion-del-museo-nacional-de-arte-contemporaneo-mnac-luis-manuel-pereira-del-medio-atelier-baile-menduina\/","url":"https:\/\/www.arquimaster.com.ar\/web\/remodelacion-y-ampliacion-del-museo-nacional-de-arte-contemporaneo-mnac-luis-manuel-pereira-del-medio-atelier-baile-menduina\/","name":"Remodelaci\u00f3n y Ampliaci\u00f3n del Museo Nacional de Arte Contempor\u00e1neo MNAC \/ Luis Manuel Pereira + del medio atelier + Baile Mendui\u00f1a - Arquimaster","isPartOf":{"@id":"https:\/\/www.arquimaster.com.ar\/web\/#website"},"primaryImageOfPage":{"@id":"https:\/\/www.arquimaster.com.ar\/web\/remodelacion-y-ampliacion-del-museo-nacional-de-arte-contemporaneo-mnac-luis-manuel-pereira-del-medio-atelier-baile-menduina\/#primaryimage"},"image":{"@id":"https:\/\/www.arquimaster.com.ar\/web\/remodelacion-y-ampliacion-del-museo-nacional-de-arte-contemporaneo-mnac-luis-manuel-pereira-del-medio-atelier-baile-menduina\/#primaryimage"},"thumbnailUrl":"https:\/\/www.arquimaster.com.ar\/web\/wp-content\/uploads\/2024\/12\/museo_mnac_slide.jpg","datePublished":"2024-12-11T21:11:37+00:00","dateModified":"2025-07-23T22:32:35+00:00","description":"El proyecto tiene como objetivo revitalizar este espacio cultural en el hist\u00f3rico barrio del Chiado, un \u00e1rea de importancia patrimonial.","breadcrumb":{"@id":"https:\/\/www.arquimaster.com.ar\/web\/remodelacion-y-ampliacion-del-museo-nacional-de-arte-contemporaneo-mnac-luis-manuel-pereira-del-medio-atelier-baile-menduina\/#breadcrumb"},"inLanguage":"es","potentialAction":[{"@type":"ReadAction","target":["https:\/\/www.arquimaster.com.ar\/web\/remodelacion-y-ampliacion-del-museo-nacional-de-arte-contemporaneo-mnac-luis-manuel-pereira-del-medio-atelier-baile-menduina\/"]}]},{"@type":"ImageObject","inLanguage":"es","@id":"https:\/\/www.arquimaster.com.ar\/web\/remodelacion-y-ampliacion-del-museo-nacional-de-arte-contemporaneo-mnac-luis-manuel-pereira-del-medio-atelier-baile-menduina\/#primaryimage","url":"https:\/\/www.arquimaster.com.ar\/web\/wp-content\/uploads\/2024\/12\/museo_mnac_slide.jpg","contentUrl":"https:\/\/www.arquimaster.com.ar\/web\/wp-content\/uploads\/2024\/12\/museo_mnac_slide.jpg","width":698,"height":364,"caption":"Remodelaci\u00f3n y Ampliaci\u00f3n del Museo Nacional de Arte Contempor\u00e1neo MNAC \/ Luis Manuel Pereira + del medio atelier + Baile Mendui\u00f1a"},{"@type":"BreadcrumbList","@id":"https:\/\/www.arquimaster.com.ar\/web\/remodelacion-y-ampliacion-del-museo-nacional-de-arte-contemporaneo-mnac-luis-manuel-pereira-del-medio-atelier-baile-menduina\/#breadcrumb","itemListElement":[{"@type":"ListItem","position":1,"name":"Portada","item":"https:\/\/www.arquimaster.com.ar\/web\/"},{"@type":"ListItem","position":2,"name":"Remodelaci\u00f3n y Ampliaci\u00f3n del Museo Nacional de Arte Contempor\u00e1neo MNAC \/ Luis Manuel Pereira + del medio atelier + Baile Mendui\u00f1a"}]},{"@type":"WebSite","@id":"https:\/\/www.arquimaster.com.ar\/web\/#website","url":"https:\/\/www.arquimaster.com.ar\/web\/","name":"Arquimaster","description":"Web de arquitectura, dise\u00f1o y construccion","publisher":{"@id":"https:\/\/www.arquimaster.com.ar\/web\/#organization"},"potentialAction":[{"@type":"SearchAction","target":{"@type":"EntryPoint","urlTemplate":"https:\/\/www.arquimaster.com.ar\/web\/?s={search_term_string}"},"query-input":{"@type":"PropertyValueSpecification","valueRequired":true,"valueName":"search_term_string"}}],"inLanguage":"es"},{"@type":"Organization","@id":"https:\/\/www.arquimaster.com.ar\/web\/#organization","name":"Arquimaster","url":"https:\/\/www.arquimaster.com.ar\/web\/","logo":{"@type":"ImageObject","inLanguage":"es","@id":"https:\/\/www.arquimaster.com.ar\/web\/#\/schema\/logo\/image\/","url":"https:\/\/www.arquimaster.com.ar\/web\/wp-content\/uploads\/2022\/06\/arquimaster.png","contentUrl":"https:\/\/www.arquimaster.com.ar\/web\/wp-content\/uploads\/2022\/06\/arquimaster.png","width":594,"height":78,"caption":"Arquimaster"},"image":{"@id":"https:\/\/www.arquimaster.com.ar\/web\/#\/schema\/logo\/image\/"},"sameAs":["http:\/\/www.facebook.com\/ARQUIMASTER.com.ar","https:\/\/x.com\/arquimaster","https:\/\/www.instagram.com\/arquimasterblog\/","https:\/\/www.linkedin.com\/company\/arquimaster","https:\/\/www.pinterest.com\/arquimaster","https:\/\/t.me\/arquimaster"]},{"@type":"Person","@id":"https:\/\/www.arquimaster.com.ar\/web\/#\/schema\/person\/359e9f7c00193fcde068e0dd2ceb0028","name":"Arquimaster"}]}},"uagb_featured_image_src":{"full":["https:\/\/www.arquimaster.com.ar\/web\/wp-content\/uploads\/2024\/12\/museo_mnac_slide.jpg",698,364,false],"thumbnail":["https:\/\/www.arquimaster.com.ar\/web\/wp-content\/uploads\/2024\/12\/museo_mnac_slide-150x150.jpg",150,150,true],"medium":["https:\/\/www.arquimaster.com.ar\/web\/wp-content\/uploads\/2024\/12\/museo_mnac_slide.jpg",698,364,false],"medium_large":["https:\/\/www.arquimaster.com.ar\/web\/wp-content\/uploads\/2024\/12\/museo_mnac_slide.jpg",698,364,false],"large":["https:\/\/www.arquimaster.com.ar\/web\/wp-content\/uploads\/2024\/12\/museo_mnac_slide.jpg",698,364,false],"1536x1536":["https:\/\/www.arquimaster.com.ar\/web\/wp-content\/uploads\/2024\/12\/museo_mnac_slide.jpg",698,364,false],"2048x2048":["https:\/\/www.arquimaster.com.ar\/web\/wp-content\/uploads\/2024\/12\/museo_mnac_slide.jpg",698,364,false]},"uagb_author_info":{"display_name":"Arquimaster","author_link":"https:\/\/www.arquimaster.com.ar\/web\/author\/arquimaster\/"},"uagb_comment_info":0,"uagb_excerpt":"El objetivo es revitalizar este espacio cultural en el hist\u00f3rico barrio del Chiado, un \u00e1rea de importancia patrimonial...","_links":{"self":[{"href":"https:\/\/www.arquimaster.com.ar\/web\/wp-json\/wp\/v2\/posts\/83057","targetHints":{"allow":["GET"]}}],"collection":[{"href":"https:\/\/www.arquimaster.com.ar\/web\/wp-json\/wp\/v2\/posts"}],"about":[{"href":"https:\/\/www.arquimaster.com.ar\/web\/wp-json\/wp\/v2\/types\/post"}],"author":[{"embeddable":true,"href":"https:\/\/www.arquimaster.com.ar\/web\/wp-json\/wp\/v2\/users\/1"}],"replies":[{"embeddable":true,"href":"https:\/\/www.arquimaster.com.ar\/web\/wp-json\/wp\/v2\/comments?post=83057"}],"version-history":[{"count":5,"href":"https:\/\/www.arquimaster.com.ar\/web\/wp-json\/wp\/v2\/posts\/83057\/revisions"}],"predecessor-version":[{"id":85058,"href":"https:\/\/www.arquimaster.com.ar\/web\/wp-json\/wp\/v2\/posts\/83057\/revisions\/85058"}],"wp:featuredmedia":[{"embeddable":true,"href":"https:\/\/www.arquimaster.com.ar\/web\/wp-json\/wp\/v2\/media\/83058"}],"wp:attachment":[{"href":"https:\/\/www.arquimaster.com.ar\/web\/wp-json\/wp\/v2\/media?parent=83057"}],"wp:term":[{"taxonomy":"category","embeddable":true,"href":"https:\/\/www.arquimaster.com.ar\/web\/wp-json\/wp\/v2\/categories?post=83057"},{"taxonomy":"post_tag","embeddable":true,"href":"https:\/\/www.arquimaster.com.ar\/web\/wp-json\/wp\/v2\/tags?post=83057"}],"curies":[{"name":"wp","href":"https:\/\/api.w.org\/{rel}","templated":true}]}}