{"id":83237,"date":"2024-12-18T17:03:31","date_gmt":"2024-12-18T20:03:31","guid":{"rendered":"https:\/\/www.arquimaster.com.ar\/web\/?p=83237"},"modified":"2025-07-23T19:27:07","modified_gmt":"2025-07-23T22:27:07","slug":"oficinas-loreal-colombia-contract-workplaces","status":"publish","type":"post","link":"https:\/\/www.arquimaster.com.ar\/web\/oficinas-loreal-colombia-contract-workplaces\/","title":{"rendered":"Oficinas L&#8217;Or\u00e9al Colombia \/ Contract Workplaces"},"content":{"rendered":"<div style=\"margin-top: 0px; margin-bottom: 0px;\" class=\"sharethis-inline-share-buttons\" ><\/div><div class=\"b812932af2e751442846f039925109de\" data-index=\"1\" style=\"float: none; margin:25px 0 25px 0; text-align:center;\">\n<script async src=\"https:\/\/pagead2.googlesyndication.com\/pagead\/js\/adsbygoogle.js\"><\/script>\r\n<!-- Arquimaster (superior) -->\r\n<ins class=\"adsbygoogle\"\r\n     style=\"display:block\"\r\n     data-ad-client=\"ca-pub-6351072698456832\"\r\n     data-ad-slot=\"6455489680\"\r\n     data-ad-format=\"auto\"\r\n     data-full-width-responsive=\"true\"><\/ins>\r\n<script>\r\n     (adsbygoogle = window.adsbygoogle || []).push({});\r\n<\/script>\n<\/div>\n<p><strong>Oficinas L&#8217;Or\u00e9al Colombia<\/strong> (Bogot\u00e1, Colombia) por <strong>Contract Workplaces<\/strong>. L&#8217;Or\u00e9al Colombia -empresa l\u00edder mundial en el sector de la industria cosm\u00e9tica, presente en el pa\u00eds desde 1993- operaba desde hace algunos a\u00f1os en unas oficinas de 2500 m2 situadas en una zona exclusiva y de alto nivel en la ciudad de Bogot\u00e1.<\/p>\n<div id='gallery-1' class='gallery galleryid-83237 gallery-columns-3 gallery-size-thumbnail'><figure class='gallery-item'>\n\t\t\t<div class='gallery-icon landscape'>\n\t\t\t\t<a href='https:\/\/www.arquimaster.com.ar\/web\/wp-content\/uploads\/2024\/12\/oficinas_loreal_colombia_1.jpg' title=\"Oficinas L&#039;Or\u00e9al Colombia \/ Contract Workplaces (\u00a9 Jairo Llano)\" data-rl_title=\"Oficinas L&#039;Or\u00e9al Colombia \/ Contract Workplaces (\u00a9 Jairo Llano)\" class=\"rl-gallery-link\" data-rl_caption=\"Oficinas L&#039;Or\u00e9al Colombia \/ Contract Workplaces (\u00a9 Jairo Llano)\" data-rel=\"lightbox-gallery-1\"><img loading=\"lazy\" decoding=\"async\" width=\"150\" height=\"150\" src=\"https:\/\/www.arquimaster.com.ar\/web\/wp-content\/uploads\/2024\/12\/oficinas_loreal_colombia_1-150x150.jpg\" class=\"attachment-thumbnail size-thumbnail\" alt=\"Oficinas L&#039;Or\u00e9al Colombia \/ Contract Workplaces\" aria-describedby=\"gallery-1-83239\" \/><\/a>\n\t\t\t<\/div>\n\t\t\t\t<figcaption class='wp-caption-text gallery-caption' id='gallery-1-83239'>\n\t\t\t\tOficinas L&#8217;Or\u00e9al Colombia \/ Contract Workplaces (\u00a9 Jairo Llano)\n\t\t\t\t<\/figcaption><\/figure><figure class='gallery-item'>\n\t\t\t<div class='gallery-icon landscape'>\n\t\t\t\t<a href='https:\/\/www.arquimaster.com.ar\/web\/wp-content\/uploads\/2024\/12\/oficinas_loreal_colombia_2.jpg' title=\"Oficinas L&#039;Or\u00e9al Colombia \/ Contract Workplaces (\u00a9 Jairo Llano)\" data-rl_title=\"Oficinas L&#039;Or\u00e9al Colombia \/ Contract Workplaces (\u00a9 Jairo Llano)\" class=\"rl-gallery-link\" data-rl_caption=\"Oficinas L&#039;Or\u00e9al Colombia \/ Contract Workplaces (\u00a9 Jairo Llano)\" data-rel=\"lightbox-gallery-1\"><img loading=\"lazy\" decoding=\"async\" width=\"150\" height=\"150\" src=\"https:\/\/www.arquimaster.com.ar\/web\/wp-content\/uploads\/2024\/12\/oficinas_loreal_colombia_2-150x150.jpg\" class=\"attachment-thumbnail size-thumbnail\" alt=\"Oficinas L&#039;Or\u00e9al Colombia \/ Contract Workplaces\" aria-describedby=\"gallery-1-83240\" \/><\/a>\n\t\t\t<\/div>\n\t\t\t\t<figcaption class='wp-caption-text gallery-caption' id='gallery-1-83240'>\n\t\t\t\tOficinas L&#8217;Or\u00e9al Colombia \/ Contract Workplaces (\u00a9 Jairo Llano)\n\t\t\t\t<\/figcaption><\/figure><figure class='gallery-item'>\n\t\t\t<div class='gallery-icon landscape'>\n\t\t\t\t<a href='https:\/\/www.arquimaster.com.ar\/web\/wp-content\/uploads\/2024\/12\/oficinas_loreal_colombia_3.jpg' title=\"Oficinas L&#039;Or\u00e9al Colombia \/ Contract Workplaces (\u00a9 Jairo Llano)\" data-rl_title=\"Oficinas L&#039;Or\u00e9al Colombia \/ Contract Workplaces (\u00a9 Jairo Llano)\" class=\"rl-gallery-link\" data-rl_caption=\"Oficinas L&#039;Or\u00e9al Colombia \/ Contract Workplaces (\u00a9 Jairo Llano)\" data-rel=\"lightbox-gallery-1\"><img loading=\"lazy\" decoding=\"async\" width=\"150\" height=\"150\" src=\"https:\/\/www.arquimaster.com.ar\/web\/wp-content\/uploads\/2024\/12\/oficinas_loreal_colombia_3-150x150.jpg\" class=\"attachment-thumbnail size-thumbnail\" alt=\"Oficinas L&#039;Or\u00e9al Colombia \/ Contract Workplaces\" aria-describedby=\"gallery-1-83241\" \/><\/a>\n\t\t\t<\/div>\n\t\t\t\t<figcaption class='wp-caption-text gallery-caption' id='gallery-1-83241'>\n\t\t\t\tOficinas L&#8217;Or\u00e9al Colombia \/ Contract Workplaces (\u00a9 Jairo Llano)\n\t\t\t\t<\/figcaption><\/figure><figure class='gallery-item'>\n\t\t\t<div class='gallery-icon landscape'>\n\t\t\t\t<a href='https:\/\/www.arquimaster.com.ar\/web\/wp-content\/uploads\/2024\/12\/oficinas_loreal_colombia_4.jpg' title=\"Oficinas L&#039;Or\u00e9al Colombia \/ Contract Workplaces (\u00a9 Jairo Llano)\" data-rl_title=\"Oficinas L&#039;Or\u00e9al Colombia \/ Contract Workplaces (\u00a9 Jairo Llano)\" class=\"rl-gallery-link\" data-rl_caption=\"Oficinas L&#039;Or\u00e9al Colombia \/ Contract Workplaces (\u00a9 Jairo Llano)\" data-rel=\"lightbox-gallery-1\"><img loading=\"lazy\" decoding=\"async\" width=\"150\" height=\"150\" src=\"https:\/\/www.arquimaster.com.ar\/web\/wp-content\/uploads\/2024\/12\/oficinas_loreal_colombia_4-150x150.jpg\" class=\"attachment-thumbnail size-thumbnail\" alt=\"Oficinas L&#039;Or\u00e9al Colombia \/ Contract Workplaces\" aria-describedby=\"gallery-1-83242\" \/><\/a>\n\t\t\t<\/div>\n\t\t\t\t<figcaption class='wp-caption-text gallery-caption' id='gallery-1-83242'>\n\t\t\t\tOficinas L&#8217;Or\u00e9al Colombia \/ Contract Workplaces (\u00a9 Jairo Llano)\n\t\t\t\t<\/figcaption><\/figure><figure class='gallery-item'>\n\t\t\t<div class='gallery-icon landscape'>\n\t\t\t\t<a href='https:\/\/www.arquimaster.com.ar\/web\/wp-content\/uploads\/2024\/12\/oficinas_loreal_colombia_5.jpg' title=\"Oficinas L&#039;Or\u00e9al Colombia \/ Contract Workplaces (\u00a9 Jairo Llano)\" data-rl_title=\"Oficinas L&#039;Or\u00e9al Colombia \/ Contract Workplaces (\u00a9 Jairo Llano)\" class=\"rl-gallery-link\" data-rl_caption=\"Oficinas L&#039;Or\u00e9al Colombia \/ Contract Workplaces (\u00a9 Jairo Llano)\" data-rel=\"lightbox-gallery-1\"><img loading=\"lazy\" decoding=\"async\" width=\"150\" height=\"150\" src=\"https:\/\/www.arquimaster.com.ar\/web\/wp-content\/uploads\/2024\/12\/oficinas_loreal_colombia_5-150x150.jpg\" class=\"attachment-thumbnail size-thumbnail\" alt=\"Oficinas L&#039;Or\u00e9al Colombia \/ Contract Workplaces\" aria-describedby=\"gallery-1-83243\" \/><\/a>\n\t\t\t<\/div>\n\t\t\t\t<figcaption class='wp-caption-text gallery-caption' id='gallery-1-83243'>\n\t\t\t\tOficinas L&#8217;Or\u00e9al Colombia \/ Contract Workplaces (\u00a9 Jairo Llano)\n\t\t\t\t<\/figcaption><\/figure><figure class='gallery-item'>\n\t\t\t<div class='gallery-icon landscape'>\n\t\t\t\t<a href='https:\/\/www.arquimaster.com.ar\/web\/wp-content\/uploads\/2024\/12\/oficinas_loreal_colombia_6.jpg' title=\"Oficinas L&#039;Or\u00e9al Colombia \/ Contract Workplaces (\u00a9 Jairo Llano)\" data-rl_title=\"Oficinas L&#039;Or\u00e9al Colombia \/ Contract Workplaces (\u00a9 Jairo Llano)\" class=\"rl-gallery-link\" data-rl_caption=\"Oficinas L&#039;Or\u00e9al Colombia \/ Contract Workplaces (\u00a9 Jairo Llano)\" data-rel=\"lightbox-gallery-1\"><img loading=\"lazy\" decoding=\"async\" width=\"150\" height=\"150\" src=\"https:\/\/www.arquimaster.com.ar\/web\/wp-content\/uploads\/2024\/12\/oficinas_loreal_colombia_6-150x150.jpg\" class=\"attachment-thumbnail size-thumbnail\" alt=\"Oficinas L&#039;Or\u00e9al Colombia \/ Contract Workplaces\" aria-describedby=\"gallery-1-83244\" \/><\/a>\n\t\t\t<\/div>\n\t\t\t\t<figcaption class='wp-caption-text gallery-caption' id='gallery-1-83244'>\n\t\t\t\tOficinas L&#8217;Or\u00e9al Colombia \/ Contract Workplaces (\u00a9 Jairo Llano)\n\t\t\t\t<\/figcaption><\/figure><figure class='gallery-item'>\n\t\t\t<div class='gallery-icon landscape'>\n\t\t\t\t<a href='https:\/\/www.arquimaster.com.ar\/web\/wp-content\/uploads\/2024\/12\/oficinas_loreal_colombia_7.jpg' title=\"Oficinas L&#039;Or\u00e9al Colombia \/ Contract Workplaces (\u00a9 Jairo Llano)\" data-rl_title=\"Oficinas L&#039;Or\u00e9al Colombia \/ Contract Workplaces (\u00a9 Jairo Llano)\" class=\"rl-gallery-link\" data-rl_caption=\"Oficinas L&#039;Or\u00e9al Colombia \/ Contract Workplaces (\u00a9 Jairo Llano)\" data-rel=\"lightbox-gallery-1\"><img loading=\"lazy\" decoding=\"async\" width=\"150\" height=\"150\" src=\"https:\/\/www.arquimaster.com.ar\/web\/wp-content\/uploads\/2024\/12\/oficinas_loreal_colombia_7-150x150.jpg\" class=\"attachment-thumbnail size-thumbnail\" alt=\"Oficinas L&#039;Or\u00e9al Colombia \/ Contract Workplaces\" aria-describedby=\"gallery-1-83245\" \/><\/a>\n\t\t\t<\/div>\n\t\t\t\t<figcaption class='wp-caption-text gallery-caption' id='gallery-1-83245'>\n\t\t\t\tOficinas L&#8217;Or\u00e9al Colombia \/ Contract Workplaces (\u00a9 Jairo Llano)\n\t\t\t\t<\/figcaption><\/figure><figure class='gallery-item'>\n\t\t\t<div class='gallery-icon landscape'>\n\t\t\t\t<a href='https:\/\/www.arquimaster.com.ar\/web\/wp-content\/uploads\/2024\/12\/oficinas_loreal_colombia_8.jpg' title=\"Oficinas L&#039;Or\u00e9al Colombia \/ Contract Workplaces (\u00a9 Jairo Llano)\" data-rl_title=\"Oficinas L&#039;Or\u00e9al Colombia \/ Contract Workplaces (\u00a9 Jairo Llano)\" class=\"rl-gallery-link\" data-rl_caption=\"Oficinas L&#039;Or\u00e9al Colombia \/ Contract Workplaces (\u00a9 Jairo Llano)\" data-rel=\"lightbox-gallery-1\"><img loading=\"lazy\" decoding=\"async\" width=\"150\" height=\"150\" src=\"https:\/\/www.arquimaster.com.ar\/web\/wp-content\/uploads\/2024\/12\/oficinas_loreal_colombia_8-150x150.jpg\" class=\"attachment-thumbnail size-thumbnail\" alt=\"Oficinas L&#039;Or\u00e9al Colombia \/ Contract Workplaces\" aria-describedby=\"gallery-1-83246\" \/><\/a>\n\t\t\t<\/div>\n\t\t\t\t<figcaption class='wp-caption-text gallery-caption' id='gallery-1-83246'>\n\t\t\t\tOficinas L&#8217;Or\u00e9al Colombia \/ Contract Workplaces (\u00a9 Jairo Llano)\n\t\t\t\t<\/figcaption><\/figure><figure class='gallery-item'>\n\t\t\t<div class='gallery-icon landscape'>\n\t\t\t\t<a href='https:\/\/www.arquimaster.com.ar\/web\/wp-content\/uploads\/2024\/12\/oficinas_loreal_colombia_9.jpg' title=\"Oficinas L&#039;Or\u00e9al Colombia \/ Contract Workplaces (\u00a9 Jairo Llano)\" data-rl_title=\"Oficinas L&#039;Or\u00e9al Colombia \/ Contract Workplaces (\u00a9 Jairo Llano)\" class=\"rl-gallery-link\" data-rl_caption=\"Oficinas L&#039;Or\u00e9al Colombia \/ Contract Workplaces (\u00a9 Jairo Llano)\" data-rel=\"lightbox-gallery-1\"><img loading=\"lazy\" decoding=\"async\" width=\"150\" height=\"150\" src=\"https:\/\/www.arquimaster.com.ar\/web\/wp-content\/uploads\/2024\/12\/oficinas_loreal_colombia_9-150x150.jpg\" class=\"attachment-thumbnail size-thumbnail\" alt=\"Oficinas L&#039;Or\u00e9al Colombia \/ Contract Workplaces\" aria-describedby=\"gallery-1-83247\" \/><\/a>\n\t\t\t<\/div>\n\t\t\t\t<figcaption class='wp-caption-text gallery-caption' id='gallery-1-83247'>\n\t\t\t\tOficinas L&#8217;Or\u00e9al Colombia \/ Contract Workplaces (\u00a9 Jairo Llano)\n\t\t\t\t<\/figcaption><\/figure><figure class='gallery-item'>\n\t\t\t<div class='gallery-icon landscape'>\n\t\t\t\t<a href='https:\/\/www.arquimaster.com.ar\/web\/wp-content\/uploads\/2024\/12\/oficinas_loreal_colombia_10.jpg' title=\"Oficinas L&#039;Or\u00e9al Colombia \/ Contract Workplaces (\u00a9 Jairo Llano)\" data-rl_title=\"Oficinas L&#039;Or\u00e9al Colombia \/ Contract Workplaces (\u00a9 Jairo Llano)\" class=\"rl-gallery-link\" data-rl_caption=\"Oficinas L&#039;Or\u00e9al Colombia \/ Contract Workplaces (\u00a9 Jairo Llano)\" data-rel=\"lightbox-gallery-1\"><img loading=\"lazy\" decoding=\"async\" width=\"150\" height=\"150\" src=\"https:\/\/www.arquimaster.com.ar\/web\/wp-content\/uploads\/2024\/12\/oficinas_loreal_colombia_10-150x150.jpg\" class=\"attachment-thumbnail size-thumbnail\" alt=\"Oficinas L&#039;Or\u00e9al Colombia \/ Contract Workplaces\" aria-describedby=\"gallery-1-83248\" \/><\/a>\n\t\t\t<\/div>\n\t\t\t\t<figcaption class='wp-caption-text gallery-caption' id='gallery-1-83248'>\n\t\t\t\tOficinas L&#8217;Or\u00e9al Colombia \/ Contract Workplaces (\u00a9 Jairo Llano)\n\t\t\t\t<\/figcaption><\/figure><figure class='gallery-item'>\n\t\t\t<div class='gallery-icon landscape'>\n\t\t\t\t<a href='https:\/\/www.arquimaster.com.ar\/web\/wp-content\/uploads\/2024\/12\/oficinas_loreal_colombia_11.jpg' title=\"Oficinas L&#039;Or\u00e9al Colombia \/ Contract Workplaces (\u00a9 Jairo Llano)\" data-rl_title=\"Oficinas L&#039;Or\u00e9al Colombia \/ Contract Workplaces (\u00a9 Jairo Llano)\" class=\"rl-gallery-link\" data-rl_caption=\"Oficinas L&#039;Or\u00e9al Colombia \/ Contract Workplaces (\u00a9 Jairo Llano)\" data-rel=\"lightbox-gallery-1\"><img loading=\"lazy\" decoding=\"async\" width=\"150\" height=\"150\" src=\"https:\/\/www.arquimaster.com.ar\/web\/wp-content\/uploads\/2024\/12\/oficinas_loreal_colombia_11-150x150.jpg\" class=\"attachment-thumbnail size-thumbnail\" alt=\"Oficinas L&#039;Or\u00e9al Colombia \/ Contract Workplaces\" aria-describedby=\"gallery-1-83249\" \/><\/a>\n\t\t\t<\/div>\n\t\t\t\t<figcaption class='wp-caption-text gallery-caption' id='gallery-1-83249'>\n\t\t\t\tOficinas L&#8217;Or\u00e9al Colombia \/ Contract Workplaces (\u00a9 Jairo Llano)\n\t\t\t\t<\/figcaption><\/figure><figure class='gallery-item'>\n\t\t\t<div class='gallery-icon landscape'>\n\t\t\t\t<a href='https:\/\/www.arquimaster.com.ar\/web\/wp-content\/uploads\/2024\/12\/oficinas_loreal_colombia_12.jpg' title=\"Oficinas L&#039;Or\u00e9al Colombia \/ Contract Workplaces (\u00a9 Jairo Llano)\" data-rl_title=\"Oficinas L&#039;Or\u00e9al Colombia \/ Contract Workplaces (\u00a9 Jairo Llano)\" class=\"rl-gallery-link\" data-rl_caption=\"Oficinas L&#039;Or\u00e9al Colombia \/ Contract Workplaces (\u00a9 Jairo Llano)\" data-rel=\"lightbox-gallery-1\"><img loading=\"lazy\" decoding=\"async\" width=\"150\" height=\"150\" src=\"https:\/\/www.arquimaster.com.ar\/web\/wp-content\/uploads\/2024\/12\/oficinas_loreal_colombia_12-150x150.jpg\" class=\"attachment-thumbnail size-thumbnail\" alt=\"Oficinas L&#039;Or\u00e9al Colombia \/ Contract Workplaces\" aria-describedby=\"gallery-1-83250\" \/><\/a>\n\t\t\t<\/div>\n\t\t\t\t<figcaption class='wp-caption-text gallery-caption' id='gallery-1-83250'>\n\t\t\t\tOficinas L&#8217;Or\u00e9al Colombia \/ Contract Workplaces (\u00a9 Jairo Llano)\n\t\t\t\t<\/figcaption><\/figure><figure class='gallery-item'>\n\t\t\t<div class='gallery-icon landscape'>\n\t\t\t\t<a href='https:\/\/www.arquimaster.com.ar\/web\/wp-content\/uploads\/2024\/12\/oficinas_loreal_colombia_13.jpg' title=\"Oficinas L&#039;Or\u00e9al Colombia \/ Contract Workplaces (planta piso 8)\" data-rl_title=\"Oficinas L&#039;Or\u00e9al Colombia \/ Contract Workplaces (planta piso 8)\" class=\"rl-gallery-link\" data-rl_caption=\"Oficinas L&#039;Or\u00e9al Colombia \/ Contract Workplaces (planta piso 8)\" data-rel=\"lightbox-gallery-1\"><img loading=\"lazy\" decoding=\"async\" width=\"150\" height=\"150\" src=\"https:\/\/www.arquimaster.com.ar\/web\/wp-content\/uploads\/2024\/12\/oficinas_loreal_colombia_13-150x150.jpg\" class=\"attachment-thumbnail size-thumbnail\" alt=\"Oficinas L&#039;Or\u00e9al Colombia \/ Contract Workplaces\" aria-describedby=\"gallery-1-83251\" \/><\/a>\n\t\t\t<\/div>\n\t\t\t\t<figcaption class='wp-caption-text gallery-caption' id='gallery-1-83251'>\n\t\t\t\tOficinas L&#8217;Or\u00e9al Colombia \/ Contract Workplaces (planta piso 8)\n\t\t\t\t<\/figcaption><\/figure><figure class='gallery-item'>\n\t\t\t<div class='gallery-icon landscape'>\n\t\t\t\t<a href='https:\/\/www.arquimaster.com.ar\/web\/wp-content\/uploads\/2024\/12\/oficinas_loreal_colombia_14.jpg' title=\"Oficinas L&#039;Or\u00e9al Colombia \/ Contract Workplaces (axonometria piso 8)\" data-rl_title=\"Oficinas L&#039;Or\u00e9al Colombia \/ Contract Workplaces (axonometria piso 8)\" class=\"rl-gallery-link\" data-rl_caption=\"Oficinas L&#039;Or\u00e9al Colombia \/ Contract Workplaces (axonometria piso 8)\" data-rel=\"lightbox-gallery-1\"><img loading=\"lazy\" decoding=\"async\" width=\"150\" height=\"150\" src=\"https:\/\/www.arquimaster.com.ar\/web\/wp-content\/uploads\/2024\/12\/oficinas_loreal_colombia_14-150x150.jpg\" class=\"attachment-thumbnail size-thumbnail\" alt=\"Oficinas L&#039;Or\u00e9al Colombia \/ Contract Workplaces\" aria-describedby=\"gallery-1-83252\" \/><\/a>\n\t\t\t<\/div>\n\t\t\t\t<figcaption class='wp-caption-text gallery-caption' id='gallery-1-83252'>\n\t\t\t\tOficinas L&#8217;Or\u00e9al Colombia \/ Contract Workplaces (axonometria piso 8)\n\t\t\t\t<\/figcaption><\/figure><figure class='gallery-item'>\n\t\t\t<div class='gallery-icon landscape'>\n\t\t\t\t<a href='https:\/\/www.arquimaster.com.ar\/web\/wp-content\/uploads\/2024\/12\/oficinas_loreal_colombia_15.jpg' title=\"Oficinas L&#039;Or\u00e9al Colombia \/ Contract Workplaces (planta piso 9)\" data-rl_title=\"Oficinas L&#039;Or\u00e9al Colombia \/ Contract Workplaces (planta piso 9)\" class=\"rl-gallery-link\" data-rl_caption=\"Oficinas L&#039;Or\u00e9al Colombia \/ Contract Workplaces (planta piso 9)\" data-rel=\"lightbox-gallery-1\"><img loading=\"lazy\" decoding=\"async\" width=\"150\" height=\"150\" src=\"https:\/\/www.arquimaster.com.ar\/web\/wp-content\/uploads\/2024\/12\/oficinas_loreal_colombia_15-150x150.jpg\" class=\"attachment-thumbnail size-thumbnail\" alt=\"Oficinas L&#039;Or\u00e9al Colombia \/ Contract Workplaces\" aria-describedby=\"gallery-1-83253\" \/><\/a>\n\t\t\t<\/div>\n\t\t\t\t<figcaption class='wp-caption-text gallery-caption' id='gallery-1-83253'>\n\t\t\t\tOficinas L&#8217;Or\u00e9al Colombia \/ Contract Workplaces (planta piso 9)\n\t\t\t\t<\/figcaption><\/figure><figure class='gallery-item'>\n\t\t\t<div class='gallery-icon landscape'>\n\t\t\t\t<a href='https:\/\/www.arquimaster.com.ar\/web\/wp-content\/uploads\/2024\/12\/oficinas_loreal_colombia_16.jpg' title=\"Oficinas L&#039;Or\u00e9al Colombia \/ Contract Workplaces (axonometria piso 9)\" data-rl_title=\"Oficinas L&#039;Or\u00e9al Colombia \/ Contract Workplaces (axonometria piso 9)\" class=\"rl-gallery-link\" data-rl_caption=\"Oficinas L&#039;Or\u00e9al Colombia \/ Contract Workplaces (axonometria piso 9)\" data-rel=\"lightbox-gallery-1\"><img loading=\"lazy\" decoding=\"async\" width=\"150\" height=\"150\" src=\"https:\/\/www.arquimaster.com.ar\/web\/wp-content\/uploads\/2024\/12\/oficinas_loreal_colombia_16-150x150.jpg\" class=\"attachment-thumbnail size-thumbnail\" alt=\"Oficinas L&#039;Or\u00e9al Colombia \/ Contract Workplaces\" aria-describedby=\"gallery-1-83254\" \/><\/a>\n\t\t\t<\/div>\n\t\t\t\t<figcaption class='wp-caption-text gallery-caption' id='gallery-1-83254'>\n\t\t\t\tOficinas L&#8217;Or\u00e9al Colombia \/ Contract Workplaces (axonometria piso 9)\n\t\t\t\t<\/figcaption><\/figure><figure class='gallery-item'>\n\t\t\t<div class='gallery-icon landscape'>\n\t\t\t\t<a href='https:\/\/www.arquimaster.com.ar\/web\/wp-content\/uploads\/2024\/12\/oficinas_loreal_colombia_17.jpg' title=\"Oficinas L&#039;Or\u00e9al Colombia \/ Contract Workplaces (planta piso 10\" data-rl_title=\"Oficinas L&#039;Or\u00e9al Colombia \/ Contract Workplaces (planta piso 10\" class=\"rl-gallery-link\" data-rl_caption=\"Oficinas L&#039;Or\u00e9al Colombia \/ Contract Workplaces (planta piso 10\" data-rel=\"lightbox-gallery-1\"><img loading=\"lazy\" decoding=\"async\" width=\"150\" height=\"150\" src=\"https:\/\/www.arquimaster.com.ar\/web\/wp-content\/uploads\/2024\/12\/oficinas_loreal_colombia_17-150x150.jpg\" class=\"attachment-thumbnail size-thumbnail\" alt=\"Oficinas L&#039;Or\u00e9al Colombia \/ Contract Workplaces\" aria-describedby=\"gallery-1-83255\" \/><\/a>\n\t\t\t<\/div>\n\t\t\t\t<figcaption class='wp-caption-text gallery-caption' id='gallery-1-83255'>\n\t\t\t\tOficinas L&#8217;Or\u00e9al Colombia \/ Contract Workplaces (planta piso 10\n\t\t\t\t<\/figcaption><\/figure><figure class='gallery-item'>\n\t\t\t<div class='gallery-icon landscape'>\n\t\t\t\t<a href='https:\/\/www.arquimaster.com.ar\/web\/wp-content\/uploads\/2024\/12\/oficinas_loreal_colombia_18.jpg' title=\"Oficinas L&#039;Or\u00e9al Colombia \/ Contract Workplaces (axonometria piso 10)\" data-rl_title=\"Oficinas L&#039;Or\u00e9al Colombia \/ Contract Workplaces (axonometria piso 10)\" class=\"rl-gallery-link\" data-rl_caption=\"Oficinas L&#039;Or\u00e9al Colombia \/ Contract Workplaces (axonometria piso 10)\" data-rel=\"lightbox-gallery-1\"><img loading=\"lazy\" decoding=\"async\" width=\"150\" height=\"150\" src=\"https:\/\/www.arquimaster.com.ar\/web\/wp-content\/uploads\/2024\/12\/oficinas_loreal_colombia_18-150x150.jpg\" class=\"attachment-thumbnail size-thumbnail\" alt=\"Oficinas L&#039;Or\u00e9al Colombia \/ Contract Workplaces\" aria-describedby=\"gallery-1-83256\" \/><\/a>\n\t\t\t<\/div>\n\t\t\t\t<figcaption class='wp-caption-text gallery-caption' id='gallery-1-83256'>\n\t\t\t\tOficinas L&#8217;Or\u00e9al Colombia \/ Contract Workplaces (axonometria piso 10)\n\t\t\t\t<\/figcaption><\/figure><figure class='gallery-item'>\n\t\t\t<div class='gallery-icon landscape'>\n\t\t\t\t<a href='https:\/\/www.arquimaster.com.ar\/web\/wp-content\/uploads\/2024\/12\/oficinas_loreal_colombia_19.jpg' title=\"Oficinas L&#039;Or\u00e9al Colombia \/ Contract Workplaces (planta terraza)\" data-rl_title=\"Oficinas L&#039;Or\u00e9al Colombia \/ Contract Workplaces (planta terraza)\" class=\"rl-gallery-link\" data-rl_caption=\"Oficinas L&#039;Or\u00e9al Colombia \/ Contract Workplaces (planta terraza)\" data-rel=\"lightbox-gallery-1\"><img loading=\"lazy\" decoding=\"async\" width=\"150\" height=\"150\" src=\"https:\/\/www.arquimaster.com.ar\/web\/wp-content\/uploads\/2024\/12\/oficinas_loreal_colombia_19-150x150.jpg\" class=\"attachment-thumbnail size-thumbnail\" alt=\"Oficinas L&#039;Or\u00e9al Colombia \/ Contract Workplaces\" aria-describedby=\"gallery-1-83257\" \/><\/a>\n\t\t\t<\/div>\n\t\t\t\t<figcaption class='wp-caption-text gallery-caption' id='gallery-1-83257'>\n\t\t\t\tOficinas L&#8217;Or\u00e9al Colombia \/ Contract Workplaces (planta terraza)\n\t\t\t\t<\/figcaption><\/figure><figure class='gallery-item'>\n\t\t\t<div class='gallery-icon landscape'>\n\t\t\t\t<a href='https:\/\/www.arquimaster.com.ar\/web\/wp-content\/uploads\/2024\/12\/oficinas_loreal_colombia_20.jpg' title=\"Oficinas L&#039;Or\u00e9al Colombia \/ Contract Workplaces (axonometria terraza)\" data-rl_title=\"Oficinas L&#039;Or\u00e9al Colombia \/ Contract Workplaces (axonometria terraza)\" class=\"rl-gallery-link\" data-rl_caption=\"Oficinas L&#039;Or\u00e9al Colombia \/ Contract Workplaces (axonometria terraza)\" data-rel=\"lightbox-gallery-1\"><img loading=\"lazy\" decoding=\"async\" width=\"150\" height=\"150\" src=\"https:\/\/www.arquimaster.com.ar\/web\/wp-content\/uploads\/2024\/12\/oficinas_loreal_colombia_20-150x150.jpg\" class=\"attachment-thumbnail size-thumbnail\" alt=\"Oficinas L&#039;Or\u00e9al Colombia \/ Contract Workplaces\" aria-describedby=\"gallery-1-83258\" \/><\/a>\n\t\t\t<\/div>\n\t\t\t\t<figcaption class='wp-caption-text gallery-caption' id='gallery-1-83258'>\n\t\t\t\tOficinas L&#8217;Or\u00e9al Colombia \/ Contract Workplaces (axonometria terraza)\n\t\t\t\t<\/figcaption><\/figure><figure class='gallery-item'>\n\t\t\t<div class='gallery-icon landscape'>\n\t\t\t\t<a href='https:\/\/www.arquimaster.com.ar\/web\/wp-content\/uploads\/2024\/12\/oficinas_loreal_colombia_21.jpg' title=\"Oficinas L&#039;Or\u00e9al Colombia \/ Contract Workplaces (planta y axonometria academia)\" data-rl_title=\"Oficinas L&#039;Or\u00e9al Colombia \/ Contract Workplaces (planta y axonometria academia)\" class=\"rl-gallery-link\" data-rl_caption=\"Oficinas L&#039;Or\u00e9al Colombia \/ Contract Workplaces (planta y axonometria academia)\" data-rel=\"lightbox-gallery-1\"><img loading=\"lazy\" decoding=\"async\" width=\"150\" height=\"150\" src=\"https:\/\/www.arquimaster.com.ar\/web\/wp-content\/uploads\/2024\/12\/oficinas_loreal_colombia_21-150x150.jpg\" class=\"attachment-thumbnail size-thumbnail\" alt=\"Oficinas L&#039;Or\u00e9al Colombia \/ Contract Workplaces\" aria-describedby=\"gallery-1-83259\" \/><\/a>\n\t\t\t<\/div>\n\t\t\t\t<figcaption class='wp-caption-text gallery-caption' id='gallery-1-83259'>\n\t\t\t\tOficinas L&#8217;Or\u00e9al Colombia \/ Contract Workplaces (planta y axonometria academia)\n\t\t\t\t<\/figcaption><\/figure>\n\t\t<\/div>\n\n<p>Pero, dada la evoluci\u00f3n del negocio y los excelentes resultados obtenidos, la compa\u00f1\u00eda decidi\u00f3 mudarse a una nueva locaci\u00f3n en la Torre Sapiencia, un moderno edificio categor\u00eda AAA de reciente construcci\u00f3n y ubicado en un \u00e1rea destacada, cercana a los sistemas de transporte masivo de la ciudad. Para hacer realidad este cambio con el objetivo de atraer a los mejores talentos y seguir consiguiendo grandes resultados, la empresa confi\u00f3 en Contract Workplaces.<\/p>\n<p>El proyecto, que se desarroll\u00f3 en cuatro plantas que totalizan 3610 m2, tuvo como objetivo concretar en el dise\u00f1o las ideas y necesidades de la empresa con una materialidad liviana, colorida y abierta que invite a su libre utilizaci\u00f3n, adem\u00e1s de concebir un espacio did\u00e1ctico y funcional para la academia.<\/p>\n<p>El concepto que se tuvo en cuenta para el desarrollo del proyecto parti\u00f3 del prop\u00f3sito organizacional expresado por la empresa: \u00abcrear la belleza que mueve el mundo\u00bb. A trav\u00e9s de este enunciado, la compa\u00f1\u00eda busca transmitir su visi\u00f3n de la belleza como fuerza generadora de impacto positivo y su compromiso con el medio ambiente, la innovaci\u00f3n y la diversidad.<\/p>\n<p>En l\u00ednea con estas metas, las nuevas oficinas se concibieron con una gran variedad de opciones para ayudar a los empleados a adaptarse a las nuevas formas de trabajo (la empresa adopt\u00f3 un modelo h\u00edbrido de tres d\u00edas en la oficina y dos en casa) y donde todos se sientan a gusto. De esta manera, se fomentan la productividad, la motivaci\u00f3n y el compromiso de forma duradera.<\/p>\n<p>El \u00e1rea operativa se desarroll\u00f3 en los pisos 8, 9 y 10 mientras que la academia ocupa un local en el primer nivel. En los tres pisos operativos el layout se configur\u00f3 en un open plan dividido en sectores de no m\u00e1s de 20 puestos por un bloque compacto de salas de reuni\u00f3n para tres y cuatro personas que ofrecen distintas prestaciones.<\/p>\n<p>El perfil quebrado de la fachada permiti\u00f3 la creaci\u00f3n de \u00e1reas de encuentro informal que aprovechan la cercan\u00eda de los escritorios para que los colaboradores puedan socializar e intercambiar ideas de manera espont\u00e1nea.<\/p>\n<p>El acceso a la terraza posibilit\u00f3 la creaci\u00f3n de una \u00e1rea de descanso que cuenta con una mesa de ping-pong, videojuegos, proyector, Coffee Point y sanitarios exclusivos para que los colaboradores puedan distenderse y socializar durante la jornada laboral.<\/p>\n<p>A fin de integrar los distintos niveles como un ecosistema de trabajo que permita la interrelaci\u00f3n de todas las \u00e1reas, se proyect\u00f3 una gran escalera que genera fluidez y conexi\u00f3n entre los distintos espacios, todo enfatizado por un gran mural pintado por una de las grandes muralistas colombianas.<\/p>\n<p>En cuanto a la est\u00e9tica del proyecto, cada planta se concibi\u00f3 con una identidad propia, lo cual se ve reflejado en los distintos colores que las enmarcan: el piso 8 amarillo, el piso 9 salm\u00f3n y el piso 10 verde.<\/p>\n<p>En la elecci\u00f3n de los materiales se tuvieron en cuenta los conceptos de la biofilia, por lo que las texturas y tonos predominantes son los de la madera. Los pisos en vinilo y concreto aportan dinamismo a las circulaciones, mientras que los cambios de tono en la alfombra brindan calidez. El proyecto de interiorismo tambi\u00e9n incluy\u00f3 los complementos (cojines, cobijas, obras de arte, esculturas, etc.) para lograr que cada rinc\u00f3n del espacio resulte acogedor.<\/p>\n<p>En cuanto a la gr\u00e1fica, se utilizaron im\u00e1genes de las principales marcas de la empresa las cuales aportan color al mismo tiempo que convierten la oficina en un gran display para sus colaboradores. La se\u00f1al\u00e9tica tambi\u00e9n incluye informaci\u00f3n en sistema Braille para asegurar la inclusi\u00f3n de los usuarios no videntes.<\/p>\n<p>Por \u00faltimo, y en l\u00ednea con la preocupaci\u00f3n de la empresa por el cuidado del medio ambiente, cabe destacar que el proyecto se encuentra en proceso para conseguir la certificaci\u00f3n LEED platino.<\/p>\n\n\n<div style=\"height:20px\" aria-hidden=\"true\" class=\"wp-block-spacer\"><\/div>\n\n\n\n<p class=\"has-background\" style=\"background-color:#eaeaea\"><strong>Ficha t\u00e9cnica<\/strong><br>Nombre: Oficinas L&#8217;Or\u00e9al Colombia<br>Ubicaci\u00f3n: Bogot\u00e1, Colombia<br>Dise\u00f1o y obra llave en mano: Contract Workplaces<br>Cliente: L&#8217;\u00d3real<br>Plazo de la obra: 180 d\u00edas<br>Actividad: Consumo Masivo<br>Superficie: 3610 m2<br>A\u00f1o: 2023<br>Fotograf\u00eda: Jairo Llano para Contract Workplaces<br>Sitio web: https:\/\/www.contractworkplaces.com<\/p>\n\n\n\n<div style=\"height:40px\" aria-hidden=\"true\" class=\"wp-block-spacer\"><\/div>\n\n\n<p><strong><em>English version<\/em><\/strong><\/p>\n<p><em>L&#8217;Or\u00e9al Colombia -a branch of the worldwide leader of the cosmetics industry, with a presence in the country since 1993- had been operating for some time in a 26,910\u00a0sf office space situated in an exclusive, high-end area of Bogot\u00e1.<\/em><\/p>\n<p><em>However, given the business&#8217; evolution and the excellent outcomes obtained, the company decided to relocate to Torre Sapiencia, a modern, recently constructed AAA building located in a prominent area, close to the city&#8217;s mass transportation systems. To make this change a reality, with a view to attracting the best talent and sustaining their successful performance, the company hired Contract Workplaces.<\/em><\/p>\n<p><em>The project, developed across four floors spanning 38,858\u00a0sf, aimed to translate the company&#8217;s ideas and needs into a design brief through a light, colorful, open materiality that encourages freedom in its use, and to create a didactic, functional space for the academy.<\/em><\/p>\n<p><em>The concept that drove the project&#8217;s development came from the company&#8217;s stated organizational purpose to: \u00abcreate the beauty that moves the world\u00bb. With this statement, the company wishes to express its vision of beauty as a force for positive impact, and its commitment to the environment, innovation and diversity.<\/em><\/p>\n<p><em>In line with these goals, the new offices were designed to offer a good range of options to help employees adapt to new ways of working (the company adopted a hybrid model, with three days working from the office and two days working from home) and make them all feel comfortable. This promotes productivity, motivation and lasting engagement.<\/em><\/p>\n<p><em>The operational area was developed across the 8th, 9th and 10th floors, while the academy took up a store space on the first level. For the three operational floors, we selected an open-plan layout split into sectors with a maximum of 20 workstations each, plus a compact block of meeting rooms suitable for three to four people, each of which offers different options.<\/em><\/p>\n<p><em>The fa\u00e7ade&#8217;s jagged profile made it possible to create informal meeting areas that make the most of the workstations&#8217; proximity, so that collaborators can socialize and exchange ideas spontaneously.<\/em><\/p>\n<p><em>Access to the terrace enabled the creation of a break room equipped with a ping-pong table, videogames, a projector, a Coffee Point and exclusive restrooms, so that collaborators can relax and socialize during the workday.<\/em><\/p>\n<p><em>To integrate all these different levels into a work ecosystem where all areas can interrelate, we projected a grand staircase which brings fluidity and connection between the different spaces, emphasized by a large mural painted by a major Colombian muralist.<\/em><\/p>\n<p><em>In terms of project aesthetics, each floor was conceived to have its own distinct identity, reflected in their color palettes: yellow for the 8th floor, salmon for the 9th and green for the 10th.<\/em><\/p>\n<p><em>The selection of materials was informed by the concept of biophilia, so the predominant textures and hues are those of wood. The vinyl and concrete floorings add a dynamic touch to transit pathways, while the hue shifts in the carpets add warmth. The interior design project also included accessories (such as cushions, blankets, artwork, sculptures, and so on) to make every single corner of the space feel cozy.<\/em><\/p>\n<p><em>As for the graphics, images of the company&#8217;s main brands were used to add color, while simultaneously turning the office into a large-scale display for the collaborators. The signage also includes Braille markings to ensure it is usable by visually impaired or blind people.<\/em><\/p>\n<p><em>Lastly, in keeping with the company&#8217;s commitment to environmental protection, the project is currently in the process of qualifying for LEED Platinum certification.<\/em><\/p>\n<div style=\"font-size: 0px; height: 0px; line-height: 0px; margin: 0; padding: 0; clear: both;\"><\/div><div style=\"margin-top: 0px; margin-bottom: 0px;\" class=\"sharethis-inline-share-buttons\" ><\/div>","protected":false},"excerpt":{"rendered":"<p>Una materialidad liviana, colorida y abierta que invita a su libre utilizaci\u00f3n y concibe un espacio did\u00e1ctico y funcional&#8230;<\/p>\n","protected":false},"author":1,"featured_media":83238,"comment_status":"closed","ping_status":"closed","sticky":false,"template":"","format":"standard","meta":{"_uag_custom_page_level_css":"","footnotes":""},"categories":[76,1],"tags":[1362,1085,889,2673,255,1292],"class_list":["post-83237","post","type-post","status-publish","format-standard","has-post-thumbnail","hentry","category-arquitectura-corporativa","category-proyecto","tag-arquitectura-corporativa-2","tag-bogota","tag-colombia","tag-contract-workplaces","tag-oficinas","tag-workplaces","generate-columns","tablet-grid-50","mobile-grid-100","grid-parent","grid-50"],"yoast_head":"<!-- This site is optimized with the Yoast SEO plugin v27.3 - https:\/\/yoast.com\/product\/yoast-seo-wordpress\/ -->\n<title>Oficinas L&#039;Or\u00e9al Colombia \/ Contract Workplaces - Arquimaster<\/title>\n<meta name=\"description\" content=\"Una materialidad liviana, colorida y abierta que invita a su libre utilizaci\u00f3n, adem\u00e1s de concebir un espacio did\u00e1ctico y funcional para la academia.\" \/>\n<meta name=\"robots\" content=\"index, follow, max-snippet:-1, max-image-preview:large, max-video-preview:-1\" \/>\n<link rel=\"canonical\" href=\"https:\/\/www.arquimaster.com.ar\/web\/oficinas-loreal-colombia-contract-workplaces\/\" \/>\n<meta property=\"og:locale\" content=\"es_ES\" \/>\n<meta property=\"og:type\" content=\"article\" \/>\n<meta property=\"og:title\" content=\"Oficinas L&#039;Or\u00e9al Colombia \/ Contract Workplaces\" \/>\n<meta property=\"og:description\" content=\"Una materialidad liviana, colorida y abierta que invita a su libre utilizaci\u00f3n, adem\u00e1s de concebir un espacio did\u00e1ctico y funcional para la academia.\" \/>\n<meta property=\"og:url\" content=\"https:\/\/www.arquimaster.com.ar\/web\/oficinas-loreal-colombia-contract-workplaces\/\" \/>\n<meta property=\"og:site_name\" content=\"Arquimaster\" \/>\n<meta property=\"article:publisher\" content=\"http:\/\/www.facebook.com\/ARQUIMASTER.com.ar\" \/>\n<meta property=\"article:published_time\" content=\"2024-12-18T20:03:31+00:00\" \/>\n<meta property=\"article:modified_time\" content=\"2025-07-23T22:27:07+00:00\" \/>\n<meta property=\"og:image\" content=\"https:\/\/www.arquimaster.com.ar\/web\/wp-content\/uploads\/2024\/12\/oficinas_loreal_colombia_slide.jpg\" \/>\n\t<meta property=\"og:image:width\" content=\"698\" \/>\n\t<meta property=\"og:image:height\" content=\"364\" \/>\n\t<meta property=\"og:image:type\" content=\"image\/jpeg\" \/>\n<meta name=\"author\" content=\"Arquimaster\" \/>\n<meta name=\"twitter:card\" content=\"summary_large_image\" \/>\n<meta name=\"twitter:title\" content=\"Oficinas L&#039;Or\u00e9al Colombia \/ Contract Workplaces\" \/>\n<meta name=\"twitter:description\" content=\"Una materialidad liviana, colorida y abierta que invita a su libre utilizaci\u00f3n, adem\u00e1s de concebir un espacio did\u00e1ctico y funcional para la academia.\" \/>\n<meta name=\"twitter:image\" content=\"https:\/\/www.arquimaster.com.ar\/web\/wp-content\/uploads\/2024\/12\/oficinas_loreal_colombia_slide.jpg\" \/>\n<meta name=\"twitter:creator\" content=\"@arquimaster\" \/>\n<meta name=\"twitter:site\" content=\"@arquimaster\" \/>\n<meta name=\"twitter:label1\" content=\"Escrito por\" \/>\n\t<meta name=\"twitter:data1\" content=\"Arquimaster\" \/>\n\t<meta name=\"twitter:label2\" content=\"Tiempo de lectura\" \/>\n\t<meta name=\"twitter:data2\" content=\"7 minutos\" \/>\n<script type=\"application\/ld+json\" class=\"yoast-schema-graph\">{\"@context\":\"https:\\\/\\\/schema.org\",\"@graph\":[{\"@type\":\"Article\",\"@id\":\"https:\\\/\\\/www.arquimaster.com.ar\\\/web\\\/oficinas-loreal-colombia-contract-workplaces\\\/#article\",\"isPartOf\":{\"@id\":\"https:\\\/\\\/www.arquimaster.com.ar\\\/web\\\/oficinas-loreal-colombia-contract-workplaces\\\/\"},\"author\":{\"name\":\"Arquimaster\",\"@id\":\"https:\\\/\\\/www.arquimaster.com.ar\\\/web\\\/#\\\/schema\\\/person\\\/359e9f7c00193fcde068e0dd2ceb0028\"},\"headline\":\"Oficinas L&#8217;Or\u00e9al Colombia \\\/ Contract Workplaces\",\"datePublished\":\"2024-12-18T20:03:31+00:00\",\"dateModified\":\"2025-07-23T22:27:07+00:00\",\"mainEntityOfPage\":{\"@id\":\"https:\\\/\\\/www.arquimaster.com.ar\\\/web\\\/oficinas-loreal-colombia-contract-workplaces\\\/\"},\"wordCount\":1367,\"publisher\":{\"@id\":\"https:\\\/\\\/www.arquimaster.com.ar\\\/web\\\/#organization\"},\"image\":{\"@id\":\"https:\\\/\\\/www.arquimaster.com.ar\\\/web\\\/oficinas-loreal-colombia-contract-workplaces\\\/#primaryimage\"},\"thumbnailUrl\":\"https:\\\/\\\/www.arquimaster.com.ar\\\/web\\\/wp-content\\\/uploads\\\/2024\\\/12\\\/oficinas_loreal_colombia_slide.jpg\",\"keywords\":[\"arquitectura corporativa\",\"Bogota\",\"Colombia\",\"Contract Workplaces\",\"oficinas\",\"workplaces\"],\"articleSection\":[\"Arquitectura corporativa\",\"Proyecto\"],\"inLanguage\":\"es\"},{\"@type\":\"WebPage\",\"@id\":\"https:\\\/\\\/www.arquimaster.com.ar\\\/web\\\/oficinas-loreal-colombia-contract-workplaces\\\/\",\"url\":\"https:\\\/\\\/www.arquimaster.com.ar\\\/web\\\/oficinas-loreal-colombia-contract-workplaces\\\/\",\"name\":\"Oficinas L'Or\u00e9al Colombia \\\/ Contract Workplaces - Arquimaster\",\"isPartOf\":{\"@id\":\"https:\\\/\\\/www.arquimaster.com.ar\\\/web\\\/#website\"},\"primaryImageOfPage\":{\"@id\":\"https:\\\/\\\/www.arquimaster.com.ar\\\/web\\\/oficinas-loreal-colombia-contract-workplaces\\\/#primaryimage\"},\"image\":{\"@id\":\"https:\\\/\\\/www.arquimaster.com.ar\\\/web\\\/oficinas-loreal-colombia-contract-workplaces\\\/#primaryimage\"},\"thumbnailUrl\":\"https:\\\/\\\/www.arquimaster.com.ar\\\/web\\\/wp-content\\\/uploads\\\/2024\\\/12\\\/oficinas_loreal_colombia_slide.jpg\",\"datePublished\":\"2024-12-18T20:03:31+00:00\",\"dateModified\":\"2025-07-23T22:27:07+00:00\",\"description\":\"Una materialidad liviana, colorida y abierta que invita a su libre utilizaci\u00f3n, adem\u00e1s de concebir un espacio did\u00e1ctico y funcional para la academia.\",\"breadcrumb\":{\"@id\":\"https:\\\/\\\/www.arquimaster.com.ar\\\/web\\\/oficinas-loreal-colombia-contract-workplaces\\\/#breadcrumb\"},\"inLanguage\":\"es\",\"potentialAction\":[{\"@type\":\"ReadAction\",\"target\":[\"https:\\\/\\\/www.arquimaster.com.ar\\\/web\\\/oficinas-loreal-colombia-contract-workplaces\\\/\"]}]},{\"@type\":\"ImageObject\",\"inLanguage\":\"es\",\"@id\":\"https:\\\/\\\/www.arquimaster.com.ar\\\/web\\\/oficinas-loreal-colombia-contract-workplaces\\\/#primaryimage\",\"url\":\"https:\\\/\\\/www.arquimaster.com.ar\\\/web\\\/wp-content\\\/uploads\\\/2024\\\/12\\\/oficinas_loreal_colombia_slide.jpg\",\"contentUrl\":\"https:\\\/\\\/www.arquimaster.com.ar\\\/web\\\/wp-content\\\/uploads\\\/2024\\\/12\\\/oficinas_loreal_colombia_slide.jpg\",\"width\":698,\"height\":364,\"caption\":\"Oficinas L'Or\u00e9al Colombia \\\/ Contract Workplaces\"},{\"@type\":\"BreadcrumbList\",\"@id\":\"https:\\\/\\\/www.arquimaster.com.ar\\\/web\\\/oficinas-loreal-colombia-contract-workplaces\\\/#breadcrumb\",\"itemListElement\":[{\"@type\":\"ListItem\",\"position\":1,\"name\":\"Portada\",\"item\":\"https:\\\/\\\/www.arquimaster.com.ar\\\/web\\\/\"},{\"@type\":\"ListItem\",\"position\":2,\"name\":\"Oficinas L&#8217;Or\u00e9al Colombia \\\/ Contract Workplaces\"}]},{\"@type\":\"WebSite\",\"@id\":\"https:\\\/\\\/www.arquimaster.com.ar\\\/web\\\/#website\",\"url\":\"https:\\\/\\\/www.arquimaster.com.ar\\\/web\\\/\",\"name\":\"Arquimaster\",\"description\":\"Web de arquitectura, dise\u00f1o y construccion\",\"publisher\":{\"@id\":\"https:\\\/\\\/www.arquimaster.com.ar\\\/web\\\/#organization\"},\"potentialAction\":[{\"@type\":\"SearchAction\",\"target\":{\"@type\":\"EntryPoint\",\"urlTemplate\":\"https:\\\/\\\/www.arquimaster.com.ar\\\/web\\\/?s={search_term_string}\"},\"query-input\":{\"@type\":\"PropertyValueSpecification\",\"valueRequired\":true,\"valueName\":\"search_term_string\"}}],\"inLanguage\":\"es\"},{\"@type\":\"Organization\",\"@id\":\"https:\\\/\\\/www.arquimaster.com.ar\\\/web\\\/#organization\",\"name\":\"Arquimaster\",\"url\":\"https:\\\/\\\/www.arquimaster.com.ar\\\/web\\\/\",\"logo\":{\"@type\":\"ImageObject\",\"inLanguage\":\"es\",\"@id\":\"https:\\\/\\\/www.arquimaster.com.ar\\\/web\\\/#\\\/schema\\\/logo\\\/image\\\/\",\"url\":\"https:\\\/\\\/www.arquimaster.com.ar\\\/web\\\/wp-content\\\/uploads\\\/2022\\\/06\\\/arquimaster.png\",\"contentUrl\":\"https:\\\/\\\/www.arquimaster.com.ar\\\/web\\\/wp-content\\\/uploads\\\/2022\\\/06\\\/arquimaster.png\",\"width\":594,\"height\":78,\"caption\":\"Arquimaster\"},\"image\":{\"@id\":\"https:\\\/\\\/www.arquimaster.com.ar\\\/web\\\/#\\\/schema\\\/logo\\\/image\\\/\"},\"sameAs\":[\"http:\\\/\\\/www.facebook.com\\\/ARQUIMASTER.com.ar\",\"https:\\\/\\\/x.com\\\/arquimaster\",\"https:\\\/\\\/www.instagram.com\\\/arquimasterblog\\\/\",\"https:\\\/\\\/www.linkedin.com\\\/company\\\/arquimaster\",\"https:\\\/\\\/www.pinterest.com\\\/arquimaster\",\"https:\\\/\\\/t.me\\\/arquimaster\"]},{\"@type\":\"Person\",\"@id\":\"https:\\\/\\\/www.arquimaster.com.ar\\\/web\\\/#\\\/schema\\\/person\\\/359e9f7c00193fcde068e0dd2ceb0028\",\"name\":\"Arquimaster\"}]}<\/script>\n<!-- \/ Yoast SEO plugin. -->","yoast_head_json":{"title":"Oficinas L'Or\u00e9al Colombia \/ Contract Workplaces - Arquimaster","description":"Una materialidad liviana, colorida y abierta que invita a su libre utilizaci\u00f3n, adem\u00e1s de concebir un espacio did\u00e1ctico y funcional para la academia.","robots":{"index":"index","follow":"follow","max-snippet":"max-snippet:-1","max-image-preview":"max-image-preview:large","max-video-preview":"max-video-preview:-1"},"canonical":"https:\/\/www.arquimaster.com.ar\/web\/oficinas-loreal-colombia-contract-workplaces\/","og_locale":"es_ES","og_type":"article","og_title":"Oficinas L'Or\u00e9al Colombia \/ Contract Workplaces","og_description":"Una materialidad liviana, colorida y abierta que invita a su libre utilizaci\u00f3n, adem\u00e1s de concebir un espacio did\u00e1ctico y funcional para la academia.","og_url":"https:\/\/www.arquimaster.com.ar\/web\/oficinas-loreal-colombia-contract-workplaces\/","og_site_name":"Arquimaster","article_publisher":"http:\/\/www.facebook.com\/ARQUIMASTER.com.ar","article_published_time":"2024-12-18T20:03:31+00:00","article_modified_time":"2025-07-23T22:27:07+00:00","og_image":[{"width":698,"height":364,"url":"https:\/\/www.arquimaster.com.ar\/web\/wp-content\/uploads\/2024\/12\/oficinas_loreal_colombia_slide.jpg","type":"image\/jpeg"}],"author":"Arquimaster","twitter_card":"summary_large_image","twitter_title":"Oficinas L'Or\u00e9al Colombia \/ Contract Workplaces","twitter_description":"Una materialidad liviana, colorida y abierta que invita a su libre utilizaci\u00f3n, adem\u00e1s de concebir un espacio did\u00e1ctico y funcional para la academia.","twitter_image":"https:\/\/www.arquimaster.com.ar\/web\/wp-content\/uploads\/2024\/12\/oficinas_loreal_colombia_slide.jpg","twitter_creator":"@arquimaster","twitter_site":"@arquimaster","twitter_misc":{"Escrito por":"Arquimaster","Tiempo de lectura":"7 minutos"},"schema":{"@context":"https:\/\/schema.org","@graph":[{"@type":"Article","@id":"https:\/\/www.arquimaster.com.ar\/web\/oficinas-loreal-colombia-contract-workplaces\/#article","isPartOf":{"@id":"https:\/\/www.arquimaster.com.ar\/web\/oficinas-loreal-colombia-contract-workplaces\/"},"author":{"name":"Arquimaster","@id":"https:\/\/www.arquimaster.com.ar\/web\/#\/schema\/person\/359e9f7c00193fcde068e0dd2ceb0028"},"headline":"Oficinas L&#8217;Or\u00e9al Colombia \/ Contract Workplaces","datePublished":"2024-12-18T20:03:31+00:00","dateModified":"2025-07-23T22:27:07+00:00","mainEntityOfPage":{"@id":"https:\/\/www.arquimaster.com.ar\/web\/oficinas-loreal-colombia-contract-workplaces\/"},"wordCount":1367,"publisher":{"@id":"https:\/\/www.arquimaster.com.ar\/web\/#organization"},"image":{"@id":"https:\/\/www.arquimaster.com.ar\/web\/oficinas-loreal-colombia-contract-workplaces\/#primaryimage"},"thumbnailUrl":"https:\/\/www.arquimaster.com.ar\/web\/wp-content\/uploads\/2024\/12\/oficinas_loreal_colombia_slide.jpg","keywords":["arquitectura corporativa","Bogota","Colombia","Contract Workplaces","oficinas","workplaces"],"articleSection":["Arquitectura corporativa","Proyecto"],"inLanguage":"es"},{"@type":"WebPage","@id":"https:\/\/www.arquimaster.com.ar\/web\/oficinas-loreal-colombia-contract-workplaces\/","url":"https:\/\/www.arquimaster.com.ar\/web\/oficinas-loreal-colombia-contract-workplaces\/","name":"Oficinas L'Or\u00e9al Colombia \/ Contract Workplaces - Arquimaster","isPartOf":{"@id":"https:\/\/www.arquimaster.com.ar\/web\/#website"},"primaryImageOfPage":{"@id":"https:\/\/www.arquimaster.com.ar\/web\/oficinas-loreal-colombia-contract-workplaces\/#primaryimage"},"image":{"@id":"https:\/\/www.arquimaster.com.ar\/web\/oficinas-loreal-colombia-contract-workplaces\/#primaryimage"},"thumbnailUrl":"https:\/\/www.arquimaster.com.ar\/web\/wp-content\/uploads\/2024\/12\/oficinas_loreal_colombia_slide.jpg","datePublished":"2024-12-18T20:03:31+00:00","dateModified":"2025-07-23T22:27:07+00:00","description":"Una materialidad liviana, colorida y abierta que invita a su libre utilizaci\u00f3n, adem\u00e1s de concebir un espacio did\u00e1ctico y funcional para la academia.","breadcrumb":{"@id":"https:\/\/www.arquimaster.com.ar\/web\/oficinas-loreal-colombia-contract-workplaces\/#breadcrumb"},"inLanguage":"es","potentialAction":[{"@type":"ReadAction","target":["https:\/\/www.arquimaster.com.ar\/web\/oficinas-loreal-colombia-contract-workplaces\/"]}]},{"@type":"ImageObject","inLanguage":"es","@id":"https:\/\/www.arquimaster.com.ar\/web\/oficinas-loreal-colombia-contract-workplaces\/#primaryimage","url":"https:\/\/www.arquimaster.com.ar\/web\/wp-content\/uploads\/2024\/12\/oficinas_loreal_colombia_slide.jpg","contentUrl":"https:\/\/www.arquimaster.com.ar\/web\/wp-content\/uploads\/2024\/12\/oficinas_loreal_colombia_slide.jpg","width":698,"height":364,"caption":"Oficinas L'Or\u00e9al Colombia \/ Contract Workplaces"},{"@type":"BreadcrumbList","@id":"https:\/\/www.arquimaster.com.ar\/web\/oficinas-loreal-colombia-contract-workplaces\/#breadcrumb","itemListElement":[{"@type":"ListItem","position":1,"name":"Portada","item":"https:\/\/www.arquimaster.com.ar\/web\/"},{"@type":"ListItem","position":2,"name":"Oficinas L&#8217;Or\u00e9al Colombia \/ Contract Workplaces"}]},{"@type":"WebSite","@id":"https:\/\/www.arquimaster.com.ar\/web\/#website","url":"https:\/\/www.arquimaster.com.ar\/web\/","name":"Arquimaster","description":"Web de arquitectura, dise\u00f1o y construccion","publisher":{"@id":"https:\/\/www.arquimaster.com.ar\/web\/#organization"},"potentialAction":[{"@type":"SearchAction","target":{"@type":"EntryPoint","urlTemplate":"https:\/\/www.arquimaster.com.ar\/web\/?s={search_term_string}"},"query-input":{"@type":"PropertyValueSpecification","valueRequired":true,"valueName":"search_term_string"}}],"inLanguage":"es"},{"@type":"Organization","@id":"https:\/\/www.arquimaster.com.ar\/web\/#organization","name":"Arquimaster","url":"https:\/\/www.arquimaster.com.ar\/web\/","logo":{"@type":"ImageObject","inLanguage":"es","@id":"https:\/\/www.arquimaster.com.ar\/web\/#\/schema\/logo\/image\/","url":"https:\/\/www.arquimaster.com.ar\/web\/wp-content\/uploads\/2022\/06\/arquimaster.png","contentUrl":"https:\/\/www.arquimaster.com.ar\/web\/wp-content\/uploads\/2022\/06\/arquimaster.png","width":594,"height":78,"caption":"Arquimaster"},"image":{"@id":"https:\/\/www.arquimaster.com.ar\/web\/#\/schema\/logo\/image\/"},"sameAs":["http:\/\/www.facebook.com\/ARQUIMASTER.com.ar","https:\/\/x.com\/arquimaster","https:\/\/www.instagram.com\/arquimasterblog\/","https:\/\/www.linkedin.com\/company\/arquimaster","https:\/\/www.pinterest.com\/arquimaster","https:\/\/t.me\/arquimaster"]},{"@type":"Person","@id":"https:\/\/www.arquimaster.com.ar\/web\/#\/schema\/person\/359e9f7c00193fcde068e0dd2ceb0028","name":"Arquimaster"}]}},"uagb_featured_image_src":{"full":["https:\/\/www.arquimaster.com.ar\/web\/wp-content\/uploads\/2024\/12\/oficinas_loreal_colombia_slide.jpg",698,364,false],"thumbnail":["https:\/\/www.arquimaster.com.ar\/web\/wp-content\/uploads\/2024\/12\/oficinas_loreal_colombia_slide-150x150.jpg",150,150,true],"medium":["https:\/\/www.arquimaster.com.ar\/web\/wp-content\/uploads\/2024\/12\/oficinas_loreal_colombia_slide.jpg",698,364,false],"medium_large":["https:\/\/www.arquimaster.com.ar\/web\/wp-content\/uploads\/2024\/12\/oficinas_loreal_colombia_slide.jpg",698,364,false],"large":["https:\/\/www.arquimaster.com.ar\/web\/wp-content\/uploads\/2024\/12\/oficinas_loreal_colombia_slide.jpg",698,364,false],"1536x1536":["https:\/\/www.arquimaster.com.ar\/web\/wp-content\/uploads\/2024\/12\/oficinas_loreal_colombia_slide.jpg",698,364,false],"2048x2048":["https:\/\/www.arquimaster.com.ar\/web\/wp-content\/uploads\/2024\/12\/oficinas_loreal_colombia_slide.jpg",698,364,false]},"uagb_author_info":{"display_name":"Arquimaster","author_link":"https:\/\/www.arquimaster.com.ar\/web\/author\/arquimaster\/"},"uagb_comment_info":0,"uagb_excerpt":"Una materialidad liviana, colorida y abierta que invita a su libre utilizaci\u00f3n y concibe un espacio did\u00e1ctico y funcional...","_links":{"self":[{"href":"https:\/\/www.arquimaster.com.ar\/web\/wp-json\/wp\/v2\/posts\/83237","targetHints":{"allow":["GET"]}}],"collection":[{"href":"https:\/\/www.arquimaster.com.ar\/web\/wp-json\/wp\/v2\/posts"}],"about":[{"href":"https:\/\/www.arquimaster.com.ar\/web\/wp-json\/wp\/v2\/types\/post"}],"author":[{"embeddable":true,"href":"https:\/\/www.arquimaster.com.ar\/web\/wp-json\/wp\/v2\/users\/1"}],"replies":[{"embeddable":true,"href":"https:\/\/www.arquimaster.com.ar\/web\/wp-json\/wp\/v2\/comments?post=83237"}],"version-history":[{"count":4,"href":"https:\/\/www.arquimaster.com.ar\/web\/wp-json\/wp\/v2\/posts\/83237\/revisions"}],"predecessor-version":[{"id":85050,"href":"https:\/\/www.arquimaster.com.ar\/web\/wp-json\/wp\/v2\/posts\/83237\/revisions\/85050"}],"wp:featuredmedia":[{"embeddable":true,"href":"https:\/\/www.arquimaster.com.ar\/web\/wp-json\/wp\/v2\/media\/83238"}],"wp:attachment":[{"href":"https:\/\/www.arquimaster.com.ar\/web\/wp-json\/wp\/v2\/media?parent=83237"}],"wp:term":[{"taxonomy":"category","embeddable":true,"href":"https:\/\/www.arquimaster.com.ar\/web\/wp-json\/wp\/v2\/categories?post=83237"},{"taxonomy":"post_tag","embeddable":true,"href":"https:\/\/www.arquimaster.com.ar\/web\/wp-json\/wp\/v2\/tags?post=83237"}],"curies":[{"name":"wp","href":"https:\/\/api.w.org\/{rel}","templated":true}]}}