{"id":83313,"date":"2025-01-15T14:32:18","date_gmt":"2025-01-15T17:32:18","guid":{"rendered":"https:\/\/www.arquimaster.com.ar\/web\/?p=83313"},"modified":"2025-07-23T19:23:55","modified_gmt":"2025-07-23T22:23:55","slug":"corporativo-execon-tresismo","status":"publish","type":"post","link":"https:\/\/www.arquimaster.com.ar\/web\/corporativo-execon-tresismo\/","title":{"rendered":"Corporativo Execon \/ Tresismo"},"content":{"rendered":"<div style=\"margin-top: 0px; margin-bottom: 0px;\" class=\"sharethis-inline-share-buttons\" ><\/div><div class=\"b812932af2e751442846f039925109de\" data-index=\"1\" style=\"float: none; margin:25px 0 25px 0; text-align:center;\">\n<script async src=\"https:\/\/pagead2.googlesyndication.com\/pagead\/js\/adsbygoogle.js\"><\/script>\r\n<!-- Arquimaster (superior) -->\r\n<ins class=\"adsbygoogle\"\r\n     style=\"display:block\"\r\n     data-ad-client=\"ca-pub-6351072698456832\"\r\n     data-ad-slot=\"6455489680\"\r\n     data-ad-format=\"auto\"\r\n     data-full-width-responsive=\"true\"><\/ins>\r\n<script>\r\n     (adsbygoogle = window.adsbygoogle || []).push({});\r\n<\/script>\n<\/div>\n<p><strong>Corporativo Execon<\/strong> (Monterrey, Nuevo Le\u00f3n, M\u00e9xico) por <strong>Tresismo<\/strong>. Corporativo Execon, ubicado en Monterrey, M\u00e9xico, es una empresa especializada en brindar soluciones de TI, servicios y soporte t\u00e9cnico para tiendas de conveniencia de todo el pa\u00eds, durante todo el a\u00f1o, las 24 horas del d\u00eda.<\/p>\n<div id='gallery-1' class='gallery galleryid-83313 gallery-columns-3 gallery-size-thumbnail'><figure class='gallery-item'>\n\t\t\t<div class='gallery-icon landscape'>\n\t\t\t\t<a href='https:\/\/www.arquimaster.com.ar\/web\/wp-content\/uploads\/2025\/01\/corporativo_execon_1.jpg' title=\"Corporativo Execon \/ Tresismo (\u00a9 Idea C\u00fabica)\" data-rl_title=\"Corporativo Execon \/ Tresismo (\u00a9 Idea C\u00fabica)\" class=\"rl-gallery-link\" data-rl_caption=\"Corporativo Execon \/ Tresismo (\u00a9 Idea C\u00fabica)\" data-rel=\"lightbox-gallery-1\"><img loading=\"lazy\" decoding=\"async\" width=\"150\" height=\"150\" src=\"https:\/\/www.arquimaster.com.ar\/web\/wp-content\/uploads\/2025\/01\/corporativo_execon_1-150x150.jpg\" class=\"attachment-thumbnail size-thumbnail\" alt=\"Corporativo Execon \/ Tresismo\" aria-describedby=\"gallery-1-83315\" \/><\/a>\n\t\t\t<\/div>\n\t\t\t\t<figcaption class='wp-caption-text gallery-caption' id='gallery-1-83315'>\n\t\t\t\tCorporativo Execon \/ Tresismo (\u00a9 Idea C\u00fabica)\n\t\t\t\t<\/figcaption><\/figure><figure class='gallery-item'>\n\t\t\t<div class='gallery-icon landscape'>\n\t\t\t\t<a href='https:\/\/www.arquimaster.com.ar\/web\/wp-content\/uploads\/2025\/01\/corporativo_execon_2.jpg' title=\"Corporativo Execon \/ Tresismo (\u00a9 Idea C\u00fabica)\" data-rl_title=\"Corporativo Execon \/ Tresismo (\u00a9 Idea C\u00fabica)\" class=\"rl-gallery-link\" data-rl_caption=\"Corporativo Execon \/ Tresismo (\u00a9 Idea C\u00fabica)\" data-rel=\"lightbox-gallery-1\"><img loading=\"lazy\" decoding=\"async\" width=\"150\" height=\"150\" src=\"https:\/\/www.arquimaster.com.ar\/web\/wp-content\/uploads\/2025\/01\/corporativo_execon_2-150x150.jpg\" class=\"attachment-thumbnail size-thumbnail\" alt=\"Corporativo Execon \/ Tresismo\" aria-describedby=\"gallery-1-83316\" \/><\/a>\n\t\t\t<\/div>\n\t\t\t\t<figcaption class='wp-caption-text gallery-caption' id='gallery-1-83316'>\n\t\t\t\tCorporativo Execon \/ Tresismo (\u00a9 Idea C\u00fabica)\n\t\t\t\t<\/figcaption><\/figure><figure class='gallery-item'>\n\t\t\t<div class='gallery-icon portrait'>\n\t\t\t\t<a href='https:\/\/www.arquimaster.com.ar\/web\/wp-content\/uploads\/2025\/01\/corporativo_execon_3.jpg' title=\"Corporativo Execon \/ Tresismo (\u00a9 Idea C\u00fabica)\" data-rl_title=\"Corporativo Execon \/ Tresismo (\u00a9 Idea C\u00fabica)\" class=\"rl-gallery-link\" data-rl_caption=\"Corporativo Execon \/ Tresismo (\u00a9 Idea C\u00fabica)\" data-rel=\"lightbox-gallery-1\"><img loading=\"lazy\" decoding=\"async\" width=\"150\" height=\"150\" src=\"https:\/\/www.arquimaster.com.ar\/web\/wp-content\/uploads\/2025\/01\/corporativo_execon_3-150x150.jpg\" class=\"attachment-thumbnail size-thumbnail\" alt=\"Corporativo Execon \/ Tresismo\" aria-describedby=\"gallery-1-83317\" \/><\/a>\n\t\t\t<\/div>\n\t\t\t\t<figcaption class='wp-caption-text gallery-caption' id='gallery-1-83317'>\n\t\t\t\tCorporativo Execon \/ Tresismo (\u00a9 Idea C\u00fabica)\n\t\t\t\t<\/figcaption><\/figure><figure class='gallery-item'>\n\t\t\t<div class='gallery-icon landscape'>\n\t\t\t\t<a href='https:\/\/www.arquimaster.com.ar\/web\/wp-content\/uploads\/2025\/01\/corporativo_execon_4.jpg' title=\"Corporativo Execon \/ Tresismo (\u00a9 Idea C\u00fabica)\" data-rl_title=\"Corporativo Execon \/ Tresismo (\u00a9 Idea C\u00fabica)\" class=\"rl-gallery-link\" data-rl_caption=\"Corporativo Execon \/ Tresismo (\u00a9 Idea C\u00fabica)\" data-rel=\"lightbox-gallery-1\"><img loading=\"lazy\" decoding=\"async\" width=\"150\" height=\"150\" src=\"https:\/\/www.arquimaster.com.ar\/web\/wp-content\/uploads\/2025\/01\/corporativo_execon_4-150x150.jpg\" class=\"attachment-thumbnail size-thumbnail\" alt=\"Corporativo Execon \/ Tresismo\" aria-describedby=\"gallery-1-83318\" \/><\/a>\n\t\t\t<\/div>\n\t\t\t\t<figcaption class='wp-caption-text gallery-caption' id='gallery-1-83318'>\n\t\t\t\tCorporativo Execon \/ Tresismo (\u00a9 Idea C\u00fabica)\n\t\t\t\t<\/figcaption><\/figure><figure class='gallery-item'>\n\t\t\t<div class='gallery-icon portrait'>\n\t\t\t\t<a href='https:\/\/www.arquimaster.com.ar\/web\/wp-content\/uploads\/2025\/01\/corporativo_execon_5.jpg' title=\"Corporativo Execon \/ Tresismo (\u00a9 Idea C\u00fabica)\" data-rl_title=\"Corporativo Execon \/ Tresismo (\u00a9 Idea C\u00fabica)\" class=\"rl-gallery-link\" data-rl_caption=\"Corporativo Execon \/ Tresismo (\u00a9 Idea C\u00fabica)\" data-rel=\"lightbox-gallery-1\"><img loading=\"lazy\" decoding=\"async\" width=\"150\" height=\"150\" src=\"https:\/\/www.arquimaster.com.ar\/web\/wp-content\/uploads\/2025\/01\/corporativo_execon_5-150x150.jpg\" class=\"attachment-thumbnail size-thumbnail\" alt=\"Corporativo Execon \/ Tresismo\" aria-describedby=\"gallery-1-83319\" \/><\/a>\n\t\t\t<\/div>\n\t\t\t\t<figcaption class='wp-caption-text gallery-caption' id='gallery-1-83319'>\n\t\t\t\tCorporativo Execon \/ Tresismo (\u00a9 Idea C\u00fabica)\n\t\t\t\t<\/figcaption><\/figure><figure class='gallery-item'>\n\t\t\t<div class='gallery-icon portrait'>\n\t\t\t\t<a href='https:\/\/www.arquimaster.com.ar\/web\/wp-content\/uploads\/2025\/01\/corporativo_execon_6.jpg' title=\"Corporativo Execon \/ Tresismo (\u00a9 Idea C\u00fabica)\" data-rl_title=\"Corporativo Execon \/ Tresismo (\u00a9 Idea C\u00fabica)\" class=\"rl-gallery-link\" data-rl_caption=\"Corporativo Execon \/ Tresismo (\u00a9 Idea C\u00fabica)\" data-rel=\"lightbox-gallery-1\"><img loading=\"lazy\" decoding=\"async\" width=\"150\" height=\"150\" src=\"https:\/\/www.arquimaster.com.ar\/web\/wp-content\/uploads\/2025\/01\/corporativo_execon_6-150x150.jpg\" class=\"attachment-thumbnail size-thumbnail\" alt=\"Corporativo Execon \/ Tresismo\" aria-describedby=\"gallery-1-83320\" \/><\/a>\n\t\t\t<\/div>\n\t\t\t\t<figcaption class='wp-caption-text gallery-caption' id='gallery-1-83320'>\n\t\t\t\tCorporativo Execon \/ Tresismo (\u00a9 Idea C\u00fabica)\n\t\t\t\t<\/figcaption><\/figure><figure class='gallery-item'>\n\t\t\t<div class='gallery-icon landscape'>\n\t\t\t\t<a href='https:\/\/www.arquimaster.com.ar\/web\/wp-content\/uploads\/2025\/01\/corporativo_execon_7.jpg' title=\"Corporativo Execon \/ Tresismo (\u00a9 Idea C\u00fabica)\" data-rl_title=\"Corporativo Execon \/ Tresismo (\u00a9 Idea C\u00fabica)\" class=\"rl-gallery-link\" data-rl_caption=\"Corporativo Execon \/ Tresismo (\u00a9 Idea C\u00fabica)\" data-rel=\"lightbox-gallery-1\"><img loading=\"lazy\" decoding=\"async\" width=\"150\" height=\"150\" src=\"https:\/\/www.arquimaster.com.ar\/web\/wp-content\/uploads\/2025\/01\/corporativo_execon_7-150x150.jpg\" class=\"attachment-thumbnail size-thumbnail\" alt=\"Corporativo Execon \/ Tresismo\" aria-describedby=\"gallery-1-83321\" \/><\/a>\n\t\t\t<\/div>\n\t\t\t\t<figcaption class='wp-caption-text gallery-caption' id='gallery-1-83321'>\n\t\t\t\tCorporativo Execon \/ Tresismo (\u00a9 Idea C\u00fabica)\n\t\t\t\t<\/figcaption><\/figure><figure class='gallery-item'>\n\t\t\t<div class='gallery-icon portrait'>\n\t\t\t\t<a href='https:\/\/www.arquimaster.com.ar\/web\/wp-content\/uploads\/2025\/01\/corporativo_execon_8.jpg' title=\"Corporativo Execon \/ Tresismo (\u00a9 Idea C\u00fabica)\" data-rl_title=\"Corporativo Execon \/ Tresismo (\u00a9 Idea C\u00fabica)\" class=\"rl-gallery-link\" data-rl_caption=\"Corporativo Execon \/ Tresismo (\u00a9 Idea C\u00fabica)\" data-rel=\"lightbox-gallery-1\"><img loading=\"lazy\" decoding=\"async\" width=\"150\" height=\"150\" src=\"https:\/\/www.arquimaster.com.ar\/web\/wp-content\/uploads\/2025\/01\/corporativo_execon_8-150x150.jpg\" class=\"attachment-thumbnail size-thumbnail\" alt=\"Corporativo Execon \/ Tresismo\" aria-describedby=\"gallery-1-83322\" \/><\/a>\n\t\t\t<\/div>\n\t\t\t\t<figcaption class='wp-caption-text gallery-caption' id='gallery-1-83322'>\n\t\t\t\tCorporativo Execon \/ Tresismo (\u00a9 Idea C\u00fabica)\n\t\t\t\t<\/figcaption><\/figure><figure class='gallery-item'>\n\t\t\t<div class='gallery-icon landscape'>\n\t\t\t\t<a href='https:\/\/www.arquimaster.com.ar\/web\/wp-content\/uploads\/2025\/01\/corporativo_execon_9.jpg' title=\"Corporativo Execon \/ Tresismo (\u00a9 Idea C\u00fabica)\" data-rl_title=\"Corporativo Execon \/ Tresismo (\u00a9 Idea C\u00fabica)\" class=\"rl-gallery-link\" data-rl_caption=\"Corporativo Execon \/ Tresismo (\u00a9 Idea C\u00fabica)\" data-rel=\"lightbox-gallery-1\"><img loading=\"lazy\" decoding=\"async\" width=\"150\" height=\"150\" src=\"https:\/\/www.arquimaster.com.ar\/web\/wp-content\/uploads\/2025\/01\/corporativo_execon_9-150x150.jpg\" class=\"attachment-thumbnail size-thumbnail\" alt=\"Corporativo Execon \/ Tresismo\" aria-describedby=\"gallery-1-83323\" \/><\/a>\n\t\t\t<\/div>\n\t\t\t\t<figcaption class='wp-caption-text gallery-caption' id='gallery-1-83323'>\n\t\t\t\tCorporativo Execon \/ Tresismo (\u00a9 Idea C\u00fabica)\n\t\t\t\t<\/figcaption><\/figure><figure class='gallery-item'>\n\t\t\t<div class='gallery-icon landscape'>\n\t\t\t\t<a href='https:\/\/www.arquimaster.com.ar\/web\/wp-content\/uploads\/2025\/01\/corporativo_execon_10.jpg' title=\"Corporativo Execon \/ Tresismo (\u00a9 Idea C\u00fabica)\" data-rl_title=\"Corporativo Execon \/ Tresismo (\u00a9 Idea C\u00fabica)\" class=\"rl-gallery-link\" data-rl_caption=\"Corporativo Execon \/ Tresismo (\u00a9 Idea C\u00fabica)\" data-rel=\"lightbox-gallery-1\"><img loading=\"lazy\" decoding=\"async\" width=\"150\" height=\"150\" src=\"https:\/\/www.arquimaster.com.ar\/web\/wp-content\/uploads\/2025\/01\/corporativo_execon_10-150x150.jpg\" class=\"attachment-thumbnail size-thumbnail\" alt=\"Corporativo Execon \/ Tresismo\" aria-describedby=\"gallery-1-83324\" \/><\/a>\n\t\t\t<\/div>\n\t\t\t\t<figcaption class='wp-caption-text gallery-caption' id='gallery-1-83324'>\n\t\t\t\tCorporativo Execon \/ Tresismo (\u00a9 Idea C\u00fabica)\n\t\t\t\t<\/figcaption><\/figure><figure class='gallery-item'>\n\t\t\t<div class='gallery-icon portrait'>\n\t\t\t\t<a href='https:\/\/www.arquimaster.com.ar\/web\/wp-content\/uploads\/2025\/01\/corporativo_execon_11.jpg' title=\"Corporativo Execon \/ Tresismo (\u00a9 Idea C\u00fabica)\" data-rl_title=\"Corporativo Execon \/ Tresismo (\u00a9 Idea C\u00fabica)\" class=\"rl-gallery-link\" data-rl_caption=\"Corporativo Execon \/ Tresismo (\u00a9 Idea C\u00fabica)\" data-rel=\"lightbox-gallery-1\"><img loading=\"lazy\" decoding=\"async\" width=\"150\" height=\"150\" src=\"https:\/\/www.arquimaster.com.ar\/web\/wp-content\/uploads\/2025\/01\/corporativo_execon_11-150x150.jpg\" class=\"attachment-thumbnail size-thumbnail\" alt=\"Corporativo Execon \/ Tresismo\" aria-describedby=\"gallery-1-83325\" \/><\/a>\n\t\t\t<\/div>\n\t\t\t\t<figcaption class='wp-caption-text gallery-caption' id='gallery-1-83325'>\n\t\t\t\tCorporativo Execon \/ Tresismo (\u00a9 Idea C\u00fabica)\n\t\t\t\t<\/figcaption><\/figure><figure class='gallery-item'>\n\t\t\t<div class='gallery-icon landscape'>\n\t\t\t\t<a href='https:\/\/www.arquimaster.com.ar\/web\/wp-content\/uploads\/2025\/01\/corporativo_execon_12.jpg' title=\"Corporativo Execon \/ Tresismo (\u00a9 Idea C\u00fabica)\" data-rl_title=\"Corporativo Execon \/ Tresismo (\u00a9 Idea C\u00fabica)\" class=\"rl-gallery-link\" data-rl_caption=\"Corporativo Execon \/ Tresismo (\u00a9 Idea C\u00fabica)\" data-rel=\"lightbox-gallery-1\"><img loading=\"lazy\" decoding=\"async\" width=\"150\" height=\"150\" src=\"https:\/\/www.arquimaster.com.ar\/web\/wp-content\/uploads\/2025\/01\/corporativo_execon_12-150x150.jpg\" class=\"attachment-thumbnail size-thumbnail\" alt=\"Corporativo Execon \/ Tresismo\" aria-describedby=\"gallery-1-83326\" \/><\/a>\n\t\t\t<\/div>\n\t\t\t\t<figcaption class='wp-caption-text gallery-caption' id='gallery-1-83326'>\n\t\t\t\tCorporativo Execon \/ Tresismo (\u00a9 Idea C\u00fabica)\n\t\t\t\t<\/figcaption><\/figure><figure class='gallery-item'>\n\t\t\t<div class='gallery-icon landscape'>\n\t\t\t\t<a href='https:\/\/www.arquimaster.com.ar\/web\/wp-content\/uploads\/2025\/01\/corporativo_execon_13.jpg' title=\"Corporativo Execon \/ Tresismo (\u00a9 Idea C\u00fabica)\" data-rl_title=\"Corporativo Execon \/ Tresismo (\u00a9 Idea C\u00fabica)\" class=\"rl-gallery-link\" data-rl_caption=\"Corporativo Execon \/ Tresismo (\u00a9 Idea C\u00fabica)\" data-rel=\"lightbox-gallery-1\"><img loading=\"lazy\" decoding=\"async\" width=\"150\" height=\"150\" src=\"https:\/\/www.arquimaster.com.ar\/web\/wp-content\/uploads\/2025\/01\/corporativo_execon_13-150x150.jpg\" class=\"attachment-thumbnail size-thumbnail\" alt=\"Corporativo Execon \/ Tresismo\" aria-describedby=\"gallery-1-83327\" \/><\/a>\n\t\t\t<\/div>\n\t\t\t\t<figcaption class='wp-caption-text gallery-caption' id='gallery-1-83327'>\n\t\t\t\tCorporativo Execon \/ Tresismo (\u00a9 Idea C\u00fabica)\n\t\t\t\t<\/figcaption><\/figure><figure class='gallery-item'>\n\t\t\t<div class='gallery-icon landscape'>\n\t\t\t\t<a href='https:\/\/www.arquimaster.com.ar\/web\/wp-content\/uploads\/2025\/01\/corporativo_execon_14.jpg' title=\"Corporativo Execon \/ Tresismo (\u00a9 Idea C\u00fabica)\" data-rl_title=\"Corporativo Execon \/ Tresismo (\u00a9 Idea C\u00fabica)\" class=\"rl-gallery-link\" data-rl_caption=\"Corporativo Execon \/ Tresismo (\u00a9 Idea C\u00fabica)\" data-rel=\"lightbox-gallery-1\"><img loading=\"lazy\" decoding=\"async\" width=\"150\" height=\"150\" src=\"https:\/\/www.arquimaster.com.ar\/web\/wp-content\/uploads\/2025\/01\/corporativo_execon_14-150x150.jpg\" class=\"attachment-thumbnail size-thumbnail\" alt=\"Corporativo Execon \/ Tresismo\" aria-describedby=\"gallery-1-83328\" \/><\/a>\n\t\t\t<\/div>\n\t\t\t\t<figcaption class='wp-caption-text gallery-caption' id='gallery-1-83328'>\n\t\t\t\tCorporativo Execon \/ Tresismo (\u00a9 Idea C\u00fabica)\n\t\t\t\t<\/figcaption><\/figure><figure class='gallery-item'>\n\t\t\t<div class='gallery-icon landscape'>\n\t\t\t\t<a href='https:\/\/www.arquimaster.com.ar\/web\/wp-content\/uploads\/2025\/01\/corporativo_execon_15.jpg' title=\"Corporativo Execon \/ Tresismo (\u00a9 Idea C\u00fabica)\" data-rl_title=\"Corporativo Execon \/ Tresismo (\u00a9 Idea C\u00fabica)\" class=\"rl-gallery-link\" data-rl_caption=\"Corporativo Execon \/ Tresismo (\u00a9 Idea C\u00fabica)\" data-rel=\"lightbox-gallery-1\"><img loading=\"lazy\" decoding=\"async\" width=\"150\" height=\"150\" src=\"https:\/\/www.arquimaster.com.ar\/web\/wp-content\/uploads\/2025\/01\/corporativo_execon_15-150x150.jpg\" class=\"attachment-thumbnail size-thumbnail\" alt=\"Corporativo Execon \/ Tresismo\" aria-describedby=\"gallery-1-83329\" srcset=\"https:\/\/www.arquimaster.com.ar\/web\/wp-content\/uploads\/2025\/01\/corporativo_execon_15-150x150.jpg 150w, https:\/\/www.arquimaster.com.ar\/web\/wp-content\/uploads\/2025\/01\/corporativo_execon_15-768x762.jpg 768w, https:\/\/www.arquimaster.com.ar\/web\/wp-content\/uploads\/2025\/01\/corporativo_execon_15.jpg 1511w\" sizes=\"auto, (max-width: 150px) 100vw, 150px\" \/><\/a>\n\t\t\t<\/div>\n\t\t\t\t<figcaption class='wp-caption-text gallery-caption' id='gallery-1-83329'>\n\t\t\t\tCorporativo Execon \/ Tresismo (\u00a9 Idea C\u00fabica)\n\t\t\t\t<\/figcaption><\/figure><figure class='gallery-item'>\n\t\t\t<div class='gallery-icon portrait'>\n\t\t\t\t<a href='https:\/\/www.arquimaster.com.ar\/web\/wp-content\/uploads\/2025\/01\/corporativo_execon_16.jpg' title=\"Corporativo Execon \/ Tresismo (\u00a9 Idea C\u00fabica)\" data-rl_title=\"Corporativo Execon \/ Tresismo (\u00a9 Idea C\u00fabica)\" class=\"rl-gallery-link\" data-rl_caption=\"Corporativo Execon \/ Tresismo (\u00a9 Idea C\u00fabica)\" data-rel=\"lightbox-gallery-1\"><img loading=\"lazy\" decoding=\"async\" width=\"150\" height=\"150\" src=\"https:\/\/www.arquimaster.com.ar\/web\/wp-content\/uploads\/2025\/01\/corporativo_execon_16-150x150.jpg\" class=\"attachment-thumbnail size-thumbnail\" alt=\"Corporativo Execon \/ Tresismo\" aria-describedby=\"gallery-1-83330\" \/><\/a>\n\t\t\t<\/div>\n\t\t\t\t<figcaption class='wp-caption-text gallery-caption' id='gallery-1-83330'>\n\t\t\t\tCorporativo Execon \/ Tresismo (\u00a9 Idea C\u00fabica)\n\t\t\t\t<\/figcaption><\/figure><figure class='gallery-item'>\n\t\t\t<div class='gallery-icon landscape'>\n\t\t\t\t<a href='https:\/\/www.arquimaster.com.ar\/web\/wp-content\/uploads\/2025\/01\/corporativo_execon_17.jpg' title=\"Corporativo Execon \/ Tresismo (\u00a9 Idea C\u00fabica)\" data-rl_title=\"Corporativo Execon \/ Tresismo (\u00a9 Idea C\u00fabica)\" class=\"rl-gallery-link\" data-rl_caption=\"Corporativo Execon \/ Tresismo (\u00a9 Idea C\u00fabica)\" data-rel=\"lightbox-gallery-1\"><img loading=\"lazy\" decoding=\"async\" width=\"150\" height=\"150\" src=\"https:\/\/www.arquimaster.com.ar\/web\/wp-content\/uploads\/2025\/01\/corporativo_execon_17-150x150.jpg\" class=\"attachment-thumbnail size-thumbnail\" alt=\"Corporativo Execon \/ Tresismo\" aria-describedby=\"gallery-1-83331\" \/><\/a>\n\t\t\t<\/div>\n\t\t\t\t<figcaption class='wp-caption-text gallery-caption' id='gallery-1-83331'>\n\t\t\t\tCorporativo Execon \/ Tresismo (\u00a9 Idea C\u00fabica)\n\t\t\t\t<\/figcaption><\/figure><figure class='gallery-item'>\n\t\t\t<div class='gallery-icon landscape'>\n\t\t\t\t<a href='https:\/\/www.arquimaster.com.ar\/web\/wp-content\/uploads\/2025\/01\/corporativo_execon_18.jpg' title=\"Corporativo Execon \/ Tresismo (\u00a9 Idea C\u00fabica)\" data-rl_title=\"Corporativo Execon \/ Tresismo (\u00a9 Idea C\u00fabica)\" class=\"rl-gallery-link\" data-rl_caption=\"Corporativo Execon \/ Tresismo (\u00a9 Idea C\u00fabica)\" data-rel=\"lightbox-gallery-1\"><img loading=\"lazy\" decoding=\"async\" width=\"150\" height=\"150\" src=\"https:\/\/www.arquimaster.com.ar\/web\/wp-content\/uploads\/2025\/01\/corporativo_execon_18-150x150.jpg\" class=\"attachment-thumbnail size-thumbnail\" alt=\"Corporativo Execon \/ Tresismo\" aria-describedby=\"gallery-1-83332\" \/><\/a>\n\t\t\t<\/div>\n\t\t\t\t<figcaption class='wp-caption-text gallery-caption' id='gallery-1-83332'>\n\t\t\t\tCorporativo Execon \/ Tresismo (\u00a9 Idea C\u00fabica)\n\t\t\t\t<\/figcaption><\/figure><figure class='gallery-item'>\n\t\t\t<div class='gallery-icon portrait'>\n\t\t\t\t<a href='https:\/\/www.arquimaster.com.ar\/web\/wp-content\/uploads\/2025\/01\/corporativo_execon_19.jpg' title=\"Corporativo Execon \/ Tresismo (\u00a9 Idea C\u00fabica)\" data-rl_title=\"Corporativo Execon \/ Tresismo (\u00a9 Idea C\u00fabica)\" class=\"rl-gallery-link\" data-rl_caption=\"Corporativo Execon \/ Tresismo (\u00a9 Idea C\u00fabica)\" data-rel=\"lightbox-gallery-1\"><img loading=\"lazy\" decoding=\"async\" width=\"150\" height=\"150\" src=\"https:\/\/www.arquimaster.com.ar\/web\/wp-content\/uploads\/2025\/01\/corporativo_execon_19-150x150.jpg\" class=\"attachment-thumbnail size-thumbnail\" alt=\"Corporativo Execon \/ Tresismo\" aria-describedby=\"gallery-1-83333\" \/><\/a>\n\t\t\t<\/div>\n\t\t\t\t<figcaption class='wp-caption-text gallery-caption' id='gallery-1-83333'>\n\t\t\t\tCorporativo Execon \/ Tresismo (\u00a9 Idea C\u00fabica)\n\t\t\t\t<\/figcaption><\/figure><figure class='gallery-item'>\n\t\t\t<div class='gallery-icon portrait'>\n\t\t\t\t<a href='https:\/\/www.arquimaster.com.ar\/web\/wp-content\/uploads\/2025\/01\/corporativo_execon_20.jpg' title=\"Corporativo Execon \/ Tresismo (\u00a9 Idea C\u00fabica)\" data-rl_title=\"Corporativo Execon \/ Tresismo (\u00a9 Idea C\u00fabica)\" class=\"rl-gallery-link\" data-rl_caption=\"Corporativo Execon \/ Tresismo (\u00a9 Idea C\u00fabica)\" data-rel=\"lightbox-gallery-1\"><img loading=\"lazy\" decoding=\"async\" width=\"150\" height=\"150\" src=\"https:\/\/www.arquimaster.com.ar\/web\/wp-content\/uploads\/2025\/01\/corporativo_execon_20-150x150.jpg\" class=\"attachment-thumbnail size-thumbnail\" alt=\"Corporativo Execon \/ Tresismo\" aria-describedby=\"gallery-1-83334\" \/><\/a>\n\t\t\t<\/div>\n\t\t\t\t<figcaption class='wp-caption-text gallery-caption' id='gallery-1-83334'>\n\t\t\t\tCorporativo Execon \/ Tresismo (\u00a9 Idea C\u00fabica)\n\t\t\t\t<\/figcaption><\/figure><figure class='gallery-item'>\n\t\t\t<div class='gallery-icon landscape'>\n\t\t\t\t<a href='https:\/\/www.arquimaster.com.ar\/web\/wp-content\/uploads\/2025\/01\/corporativo_execon_21.jpg' title=\"Corporativo Execon \/ Tresismo (\u00a9 Idea C\u00fabica)\" data-rl_title=\"Corporativo Execon \/ Tresismo (\u00a9 Idea C\u00fabica)\" class=\"rl-gallery-link\" data-rl_caption=\"Corporativo Execon \/ Tresismo (\u00a9 Idea C\u00fabica)\" data-rel=\"lightbox-gallery-1\"><img loading=\"lazy\" decoding=\"async\" width=\"150\" height=\"150\" src=\"https:\/\/www.arquimaster.com.ar\/web\/wp-content\/uploads\/2025\/01\/corporativo_execon_21-150x150.jpg\" class=\"attachment-thumbnail size-thumbnail\" alt=\"Corporativo Execon \/ Tresismo\" aria-describedby=\"gallery-1-83335\" \/><\/a>\n\t\t\t<\/div>\n\t\t\t\t<figcaption class='wp-caption-text gallery-caption' id='gallery-1-83335'>\n\t\t\t\tCorporativo Execon \/ Tresismo (\u00a9 Idea C\u00fabica)\n\t\t\t\t<\/figcaption><\/figure><figure class='gallery-item'>\n\t\t\t<div class='gallery-icon landscape'>\n\t\t\t\t<a href='https:\/\/www.arquimaster.com.ar\/web\/wp-content\/uploads\/2025\/01\/corporativo_execon_22.jpg' title=\"Corporativo Execon \/ Tresismo (\u00a9 Idea C\u00fabica)\" data-rl_title=\"Corporativo Execon \/ Tresismo (\u00a9 Idea C\u00fabica)\" class=\"rl-gallery-link\" data-rl_caption=\"Corporativo Execon \/ Tresismo (\u00a9 Idea C\u00fabica)\" data-rel=\"lightbox-gallery-1\"><img loading=\"lazy\" decoding=\"async\" width=\"150\" height=\"150\" src=\"https:\/\/www.arquimaster.com.ar\/web\/wp-content\/uploads\/2025\/01\/corporativo_execon_22-150x150.jpg\" class=\"attachment-thumbnail size-thumbnail\" alt=\"Corporativo Execon \/ Tresismo\" aria-describedby=\"gallery-1-83336\" \/><\/a>\n\t\t\t<\/div>\n\t\t\t\t<figcaption class='wp-caption-text gallery-caption' id='gallery-1-83336'>\n\t\t\t\tCorporativo Execon \/ Tresismo (\u00a9 Idea C\u00fabica)\n\t\t\t\t<\/figcaption><\/figure><figure class='gallery-item'>\n\t\t\t<div class='gallery-icon landscape'>\n\t\t\t\t<a href='https:\/\/www.arquimaster.com.ar\/web\/wp-content\/uploads\/2025\/01\/corporativo_execon_23.jpg' title=\"Corporativo Execon \/ Tresismo (\u00a9 Idea C\u00fabica)\" data-rl_title=\"Corporativo Execon \/ Tresismo (\u00a9 Idea C\u00fabica)\" class=\"rl-gallery-link\" data-rl_caption=\"Corporativo Execon \/ Tresismo (\u00a9 Idea C\u00fabica)\" data-rel=\"lightbox-gallery-1\"><img loading=\"lazy\" decoding=\"async\" width=\"150\" height=\"150\" src=\"https:\/\/www.arquimaster.com.ar\/web\/wp-content\/uploads\/2025\/01\/corporativo_execon_23-150x150.jpg\" class=\"attachment-thumbnail size-thumbnail\" alt=\"Corporativo Execon \/ Tresismo\" aria-describedby=\"gallery-1-83337\" \/><\/a>\n\t\t\t<\/div>\n\t\t\t\t<figcaption class='wp-caption-text gallery-caption' id='gallery-1-83337'>\n\t\t\t\tCorporativo Execon \/ Tresismo (\u00a9 Idea C\u00fabica)\n\t\t\t\t<\/figcaption><\/figure><figure class='gallery-item'>\n\t\t\t<div class='gallery-icon landscape'>\n\t\t\t\t<a href='https:\/\/www.arquimaster.com.ar\/web\/wp-content\/uploads\/2025\/01\/corporativo_execon_24.jpg' title=\"Corporativo Execon \/ Tresismo (\u00a9 Idea C\u00fabica)\" data-rl_title=\"Corporativo Execon \/ Tresismo (\u00a9 Idea C\u00fabica)\" class=\"rl-gallery-link\" data-rl_caption=\"Corporativo Execon \/ Tresismo (\u00a9 Idea C\u00fabica)\" data-rel=\"lightbox-gallery-1\"><img loading=\"lazy\" decoding=\"async\" width=\"150\" height=\"150\" src=\"https:\/\/www.arquimaster.com.ar\/web\/wp-content\/uploads\/2025\/01\/corporativo_execon_24-150x150.jpg\" class=\"attachment-thumbnail size-thumbnail\" alt=\"Corporativo Execon \/ Tresismo\" aria-describedby=\"gallery-1-83338\" \/><\/a>\n\t\t\t<\/div>\n\t\t\t\t<figcaption class='wp-caption-text gallery-caption' id='gallery-1-83338'>\n\t\t\t\tCorporativo Execon \/ Tresismo (\u00a9 Idea C\u00fabica)\n\t\t\t\t<\/figcaption><\/figure><figure class='gallery-item'>\n\t\t\t<div class='gallery-icon landscape'>\n\t\t\t\t<a href='https:\/\/www.arquimaster.com.ar\/web\/wp-content\/uploads\/2025\/01\/corporativo_execon_25.jpg' title=\"Corporativo Execon \/ Tresismo (\u00a9 Idea C\u00fabica)\" data-rl_title=\"Corporativo Execon \/ Tresismo (\u00a9 Idea C\u00fabica)\" class=\"rl-gallery-link\" data-rl_caption=\"Corporativo Execon \/ Tresismo (\u00a9 Idea C\u00fabica)\" data-rel=\"lightbox-gallery-1\"><img loading=\"lazy\" decoding=\"async\" width=\"150\" height=\"150\" src=\"https:\/\/www.arquimaster.com.ar\/web\/wp-content\/uploads\/2025\/01\/corporativo_execon_25-150x150.jpg\" class=\"attachment-thumbnail size-thumbnail\" alt=\"Corporativo Execon \/ Tresismo\" aria-describedby=\"gallery-1-83339\" \/><\/a>\n\t\t\t<\/div>\n\t\t\t\t<figcaption class='wp-caption-text gallery-caption' id='gallery-1-83339'>\n\t\t\t\tCorporativo Execon \/ Tresismo (\u00a9 Idea C\u00fabica)\n\t\t\t\t<\/figcaption><\/figure><figure class='gallery-item'>\n\t\t\t<div class='gallery-icon portrait'>\n\t\t\t\t<a href='https:\/\/www.arquimaster.com.ar\/web\/wp-content\/uploads\/2025\/01\/corporativo_execon_26.jpg' title=\"Corporativo Execon \/ Tresismo (\u00a9 Idea C\u00fabica)\" data-rl_title=\"Corporativo Execon \/ Tresismo (\u00a9 Idea C\u00fabica)\" class=\"rl-gallery-link\" data-rl_caption=\"Corporativo Execon \/ Tresismo (\u00a9 Idea C\u00fabica)\" data-rel=\"lightbox-gallery-1\"><img loading=\"lazy\" decoding=\"async\" width=\"150\" height=\"150\" src=\"https:\/\/www.arquimaster.com.ar\/web\/wp-content\/uploads\/2025\/01\/corporativo_execon_26-150x150.jpg\" class=\"attachment-thumbnail size-thumbnail\" alt=\"Corporativo Execon \/ Tresismo\" aria-describedby=\"gallery-1-83340\" srcset=\"https:\/\/www.arquimaster.com.ar\/web\/wp-content\/uploads\/2025\/01\/corporativo_execon_26-150x150.jpg 150w, https:\/\/www.arquimaster.com.ar\/web\/wp-content\/uploads\/2025\/01\/corporativo_execon_26-768x769.jpg 768w, https:\/\/www.arquimaster.com.ar\/web\/wp-content\/uploads\/2025\/01\/corporativo_execon_26.jpg 1498w\" sizes=\"auto, (max-width: 150px) 100vw, 150px\" \/><\/a>\n\t\t\t<\/div>\n\t\t\t\t<figcaption class='wp-caption-text gallery-caption' id='gallery-1-83340'>\n\t\t\t\tCorporativo Execon \/ Tresismo (\u00a9 Idea C\u00fabica)\n\t\t\t\t<\/figcaption><\/figure><figure class='gallery-item'>\n\t\t\t<div class='gallery-icon landscape'>\n\t\t\t\t<a href='https:\/\/www.arquimaster.com.ar\/web\/wp-content\/uploads\/2025\/01\/corporativo_execon_27.jpg' title=\"Corporativo Execon \/ Tresismo (\u00a9 Idea C\u00fabica)\" data-rl_title=\"Corporativo Execon \/ Tresismo (\u00a9 Idea C\u00fabica)\" class=\"rl-gallery-link\" data-rl_caption=\"Corporativo Execon \/ Tresismo (\u00a9 Idea C\u00fabica)\" data-rel=\"lightbox-gallery-1\"><img loading=\"lazy\" decoding=\"async\" width=\"150\" height=\"150\" src=\"https:\/\/www.arquimaster.com.ar\/web\/wp-content\/uploads\/2025\/01\/corporativo_execon_27-150x150.jpg\" class=\"attachment-thumbnail size-thumbnail\" alt=\"Corporativo Execon \/ Tresismo\" aria-describedby=\"gallery-1-83341\" \/><\/a>\n\t\t\t<\/div>\n\t\t\t\t<figcaption class='wp-caption-text gallery-caption' id='gallery-1-83341'>\n\t\t\t\tCorporativo Execon \/ Tresismo (\u00a9 Idea C\u00fabica)\n\t\t\t\t<\/figcaption><\/figure><figure class='gallery-item'>\n\t\t\t<div class='gallery-icon landscape'>\n\t\t\t\t<a href='https:\/\/www.arquimaster.com.ar\/web\/wp-content\/uploads\/2025\/01\/corporativo_execon_29.jpg' title=\"Corporativo Execon \/ Tresismo (planta nivel 3)\" data-rl_title=\"Corporativo Execon \/ Tresismo (planta nivel 3)\" class=\"rl-gallery-link\" data-rl_caption=\"Corporativo Execon \/ Tresismo (planta nivel 3)\" data-rel=\"lightbox-gallery-1\"><img loading=\"lazy\" decoding=\"async\" width=\"150\" height=\"150\" src=\"https:\/\/www.arquimaster.com.ar\/web\/wp-content\/uploads\/2025\/01\/corporativo_execon_29-150x150.jpg\" class=\"attachment-thumbnail size-thumbnail\" alt=\"Corporativo Execon \/ Tresismo\" aria-describedby=\"gallery-1-83342\" \/><\/a>\n\t\t\t<\/div>\n\t\t\t\t<figcaption class='wp-caption-text gallery-caption' id='gallery-1-83342'>\n\t\t\t\tCorporativo Execon \/ Tresismo (planta nivel 3)\n\t\t\t\t<\/figcaption><\/figure><figure class='gallery-item'>\n\t\t\t<div class='gallery-icon landscape'>\n\t\t\t\t<a href='https:\/\/www.arquimaster.com.ar\/web\/wp-content\/uploads\/2025\/01\/corporativo_execon_30.jpg' title=\"Corporativo Execon \/ Tresismo (planta nivel 4)\" data-rl_title=\"Corporativo Execon \/ Tresismo (planta nivel 4)\" class=\"rl-gallery-link\" data-rl_caption=\"Corporativo Execon \/ Tresismo (planta nivel 4)\" data-rel=\"lightbox-gallery-1\"><img loading=\"lazy\" decoding=\"async\" width=\"150\" height=\"150\" src=\"https:\/\/www.arquimaster.com.ar\/web\/wp-content\/uploads\/2025\/01\/corporativo_execon_30-150x150.jpg\" class=\"attachment-thumbnail size-thumbnail\" alt=\"Corporativo Execon \/ Tresismo\" aria-describedby=\"gallery-1-83343\" \/><\/a>\n\t\t\t<\/div>\n\t\t\t\t<figcaption class='wp-caption-text gallery-caption' id='gallery-1-83343'>\n\t\t\t\tCorporativo Execon \/ Tresismo (planta nivel 4)\n\t\t\t\t<\/figcaption><\/figure><figure class='gallery-item'>\n\t\t\t<div class='gallery-icon landscape'>\n\t\t\t\t<a href='https:\/\/www.arquimaster.com.ar\/web\/wp-content\/uploads\/2025\/01\/corporativo_execon_31.jpg' title=\"Corporativo Execon \/ Tresismo (planta nivel 5)\" data-rl_title=\"Corporativo Execon \/ Tresismo (planta nivel 5)\" class=\"rl-gallery-link\" data-rl_caption=\"Corporativo Execon \/ Tresismo (planta nivel 5)\" data-rel=\"lightbox-gallery-1\"><img loading=\"lazy\" decoding=\"async\" width=\"150\" height=\"150\" src=\"https:\/\/www.arquimaster.com.ar\/web\/wp-content\/uploads\/2025\/01\/corporativo_execon_31-150x150.jpg\" class=\"attachment-thumbnail size-thumbnail\" alt=\"Corporativo Execon \/ Tresismo\" aria-describedby=\"gallery-1-83344\" \/><\/a>\n\t\t\t<\/div>\n\t\t\t\t<figcaption class='wp-caption-text gallery-caption' id='gallery-1-83344'>\n\t\t\t\tCorporativo Execon \/ Tresismo (planta nivel 5)\n\t\t\t\t<\/figcaption><\/figure><figure class='gallery-item'>\n\t\t\t<div class='gallery-icon landscape'>\n\t\t\t\t<a href='https:\/\/www.arquimaster.com.ar\/web\/wp-content\/uploads\/2025\/01\/corporativo_execon_32.jpg' title=\"Corporativo Execon \/ Tresismo (planta nivel 6)\" data-rl_title=\"Corporativo Execon \/ Tresismo (planta nivel 6)\" class=\"rl-gallery-link\" data-rl_caption=\"Corporativo Execon \/ Tresismo (planta nivel 6)\" data-rel=\"lightbox-gallery-1\"><img loading=\"lazy\" decoding=\"async\" width=\"150\" height=\"150\" src=\"https:\/\/www.arquimaster.com.ar\/web\/wp-content\/uploads\/2025\/01\/corporativo_execon_32-150x150.jpg\" class=\"attachment-thumbnail size-thumbnail\" alt=\"Corporativo Execon \/ Tresismo\" aria-describedby=\"gallery-1-83345\" \/><\/a>\n\t\t\t<\/div>\n\t\t\t\t<figcaption class='wp-caption-text gallery-caption' id='gallery-1-83345'>\n\t\t\t\tCorporativo Execon \/ Tresismo (planta nivel 6)\n\t\t\t\t<\/figcaption><\/figure><figure class='gallery-item'>\n\t\t\t<div class='gallery-icon landscape'>\n\t\t\t\t<a href='https:\/\/www.arquimaster.com.ar\/web\/wp-content\/uploads\/2025\/01\/corporativo_execon_33.jpg' title=\"Corporativo Execon \/ Tresismo (planta nivel rooftop)\" data-rl_title=\"Corporativo Execon \/ Tresismo (planta nivel rooftop)\" class=\"rl-gallery-link\" data-rl_caption=\"Corporativo Execon \/ Tresismo (planta nivel rooftop)\" data-rel=\"lightbox-gallery-1\"><img loading=\"lazy\" decoding=\"async\" width=\"150\" height=\"150\" src=\"https:\/\/www.arquimaster.com.ar\/web\/wp-content\/uploads\/2025\/01\/corporativo_execon_33-150x150.jpg\" class=\"attachment-thumbnail size-thumbnail\" alt=\"Corporativo Execon \/ Tresismo\" aria-describedby=\"gallery-1-83346\" \/><\/a>\n\t\t\t<\/div>\n\t\t\t\t<figcaption class='wp-caption-text gallery-caption' id='gallery-1-83346'>\n\t\t\t\tCorporativo Execon \/ Tresismo (planta nivel rooftop)\n\t\t\t\t<\/figcaption><\/figure>\n\t\t<\/div>\n\n<p>El proyecto de dise\u00f1o interior abarca cinco niveles de un edificio de siete pisos propiedad de la empresa. Los primeros dos pisos est\u00e1n destinados a uso comercial, mientras que los otros cuatro y la azotea albergan las operaciones de la compa\u00f1\u00eda.<\/p>\n<p>Uno de los puntos fuertes del proyecto es la humanizaci\u00f3n del dise\u00f1o y la adecuaci\u00f3n de las \u00e1reas de recreaci\u00f3n del personal, ya que el espacio existente previamente carec\u00eda de la calidad espacial necesaria para una empresa con 100 empleados.<\/p>\n<p>El concepto principal del proyecto se basa en establecer un equilibrio entre un espacio corporativo que refleje la seriedad del negocio y un ambiente tipo retail con \u00e1reas abiertas, colaborativas e incluso permeables. Este concepto, denominado \u00abwork sweet home\u00bb, busca que cada \u00e1rea brinde la sensaci\u00f3n de trabajar desde casa, maximizando la productividad a trav\u00e9s de la distribuci\u00f3n de los espacios y la simplificaci\u00f3n de los procesos laborales.<\/p>\n<p>Cada una de las ocho divisiones de la empresa tiene su identidad propia, aunque comparten un lenguaje com\u00fan y mantienen una estrecha comunicaci\u00f3n. Los pisos est\u00e1n revestidos con alfombras de dise\u00f1os y paletas de colores diferentes para cada nivel, usando tonos verdes, blancos, azules, rosas y terrosos que evocan los colores de la naturaleza en primavera y oto\u00f1o, favoreciendo un entorno agradable para trabajar y convivir.<\/p>\n<p>La arquitectura biof\u00edlica fue un elemento fundamental en el dise\u00f1o y selecci\u00f3n de colores. La inclusi\u00f3n de vegetaci\u00f3n, busca proporcionar relajaci\u00f3n visual, fomentar la concentraci\u00f3n y creatividad, y crear un ambiente amigable que promueva relaciones arm\u00f3nicas entre las personas y la naturaleza.<\/p>\n<p>La distribuci\u00f3n arquitect\u00f3nica sigue un concepto de espacios abiertos: las oficinas cerradas, asignadas a los directores, se encuentran en el centro, mientras que los espacios colaborativos rodean estas oficinas, orient\u00e1ndose hacia las fachadas del edificio para aprovechar al m\u00e1ximo la luz natural.<\/p>\n<p>En el cuarto nivel se encuentra el espacio denominado \u00abvideowall\u00bb, una pared llena de pantallas desde donde se controla la actividad de todos los clientes a nivel nacional, operando las 24 horas del d\u00eda, los 365 d\u00edas del a\u00f1o. Este espacio fue optimizado mediante un estudio de viabilidad (\u00abtest fit\u00bb) para mejorar la eficiencia de los procesos laborales de los programadores e ingenieros, incluyendo control ac\u00fastico, dise\u00f1o de \u00e1reas de trabajo y descanso, entre otros.<\/p>\n<p>La selecci\u00f3n del mobiliario se bas\u00f3 en criterios de funcionalidad, ergonom\u00eda, resistencia y bajo mantenimiento, utilizando en un 90% la marca Herman Miller. Adem\u00e1s, se eligieron colores blancos y c\u00e1lidos que armonizan con las alfombras y materiales de cada divisi\u00f3n.<\/p>\n<p>El dise\u00f1o de la azotea permite su uso como punto de encuentro para actividades al aire libre con personal de la empresa, clientes o proveedores. Tambi\u00e9n cuenta con un \u00e1rea social equipada con futbolitos, m\u00e1quinas de videojuegos, una barra con asadores, refrigeradores y una cava para eventos corporativos, promoviendo el intercambio social en un entorno abierto.<\/p>\n\n\n<div style=\"height:20px\" aria-hidden=\"true\" class=\"wp-block-spacer\"><\/div>\n\n\n\n<p class=\"has-background\" style=\"background-color:#eaeaea\"><strong>Ficha t\u00e9cnica<\/strong><br>Nombre: Corporativo Execon<br>Ubicaci\u00f3n: Monterrey, Nuevo Le\u00f3n, M\u00e9xico<br>Proyectista: Tresismo<br>Principal: Sandra de la Torre Zavala<br>Equipo de dise\u00f1o: Alessandro Vergot, Fabiola Ornelas, Maryfer Gayt\u00e1n, Natalia Rodr\u00edguez, Stephanie Torres<br>Iluminaci\u00f3n: Tresismo<br>Dise\u00f1o de Paisaje: Tresismo<br>Programa: Oficina corporativa<br>\u00c1rea: 2200 m2<br>Fecha: Verano 2021<br>Fotograf\u00eda: Idea C\u00fabica<br>Sitio web: https:\/\/www.tresismo.com<br>Instagram: @tresismostudio<\/p>\n\n\n\n<div style=\"height:40px\" aria-hidden=\"true\" class=\"wp-block-spacer\"><\/div>\n\n<div style=\"font-size: 0px; height: 0px; line-height: 0px; margin: 0; padding: 0; clear: both;\"><\/div><div style=\"margin-top: 0px; margin-bottom: 0px;\" class=\"sharethis-inline-share-buttons\" ><\/div>","protected":false},"excerpt":{"rendered":"<p>Humanizaci\u00f3n del dise\u00f1o, adecuaci\u00f3n de las \u00e1reas de recreaci\u00f3n y uso de arquitectura biofilica&#8230;<\/p>\n","protected":false},"author":1,"featured_media":83314,"comment_status":"closed","ping_status":"closed","sticky":false,"template":"","format":"standard","meta":{"_uag_custom_page_level_css":"","footnotes":""},"categories":[76,1],"tags":[1362,7992,24,3968,1476,255,8150,8149],"class_list":["post-83313","post","type-post","status-publish","format-standard","has-post-thumbnail","hentry","category-arquitectura-corporativa","category-proyecto","tag-arquitectura-corporativa-2","tag-corporativo","tag-mexico","tag-monterrey","tag-nuevo-leon","tag-oficinas","tag-sandra-de-la-torre-zavala","tag-tresismo","generate-columns","tablet-grid-50","mobile-grid-100","grid-parent","grid-50"],"yoast_head":"<!-- This site is optimized with the Yoast SEO plugin v27.3 - https:\/\/yoast.com\/product\/yoast-seo-wordpress\/ -->\n<title>Corporativo Execon \/ Tresismo - Arquimaster<\/title>\n<meta name=\"description\" content=\"La humanizaci\u00f3n del dise\u00f1o, la adecuaci\u00f3n de las \u00e1reas de recreaci\u00f3n del personal y la arquitectura biof\u00edlica fueron elementos fundamentales en el proyecto.\" \/>\n<meta name=\"robots\" content=\"index, follow, max-snippet:-1, max-image-preview:large, max-video-preview:-1\" \/>\n<link rel=\"canonical\" href=\"https:\/\/www.arquimaster.com.ar\/web\/corporativo-execon-tresismo\/\" \/>\n<meta property=\"og:locale\" content=\"es_ES\" \/>\n<meta property=\"og:type\" content=\"article\" \/>\n<meta property=\"og:title\" content=\"Corporativo Execon \/ Tresismo\" \/>\n<meta property=\"og:description\" content=\"La humanizaci\u00f3n del dise\u00f1o, la adecuaci\u00f3n de las \u00e1reas de recreaci\u00f3n del personal y la arquitectura biof\u00edlica fueron elementos fundamentales en el proyecto.\" \/>\n<meta property=\"og:url\" content=\"https:\/\/www.arquimaster.com.ar\/web\/corporativo-execon-tresismo\/\" \/>\n<meta property=\"og:site_name\" content=\"Arquimaster\" \/>\n<meta property=\"article:publisher\" content=\"http:\/\/www.facebook.com\/ARQUIMASTER.com.ar\" \/>\n<meta property=\"article:published_time\" content=\"2025-01-15T17:32:18+00:00\" \/>\n<meta property=\"article:modified_time\" content=\"2025-07-23T22:23:55+00:00\" \/>\n<meta property=\"og:image\" content=\"https:\/\/www.arquimaster.com.ar\/web\/wp-content\/uploads\/2025\/01\/corporativo_execon_slide.jpg\" \/>\n\t<meta property=\"og:image:width\" content=\"698\" \/>\n\t<meta property=\"og:image:height\" content=\"364\" \/>\n\t<meta property=\"og:image:type\" content=\"image\/jpeg\" \/>\n<meta name=\"author\" content=\"Arquimaster\" \/>\n<meta name=\"twitter:card\" content=\"summary_large_image\" \/>\n<meta name=\"twitter:title\" content=\"Corporativo Execon \/ Tresismo\" \/>\n<meta name=\"twitter:description\" content=\"La humanizaci\u00f3n del dise\u00f1o, la adecuaci\u00f3n de las \u00e1reas de recreaci\u00f3n del personal y la arquitectura biof\u00edlica fueron elementos fundamentales en el proyecto.\" \/>\n<meta name=\"twitter:image\" content=\"https:\/\/www.arquimaster.com.ar\/web\/wp-content\/uploads\/2025\/01\/corporativo_execon_slide.jpg\" \/>\n<meta name=\"twitter:creator\" content=\"@arquimaster\" \/>\n<meta name=\"twitter:site\" content=\"@arquimaster\" \/>\n<meta name=\"twitter:label1\" content=\"Escrito por\" \/>\n\t<meta name=\"twitter:data1\" content=\"Arquimaster\" \/>\n\t<meta name=\"twitter:label2\" content=\"Tiempo de lectura\" \/>\n\t<meta name=\"twitter:data2\" content=\"3 minutos\" \/>\n<script type=\"application\/ld+json\" class=\"yoast-schema-graph\">{\"@context\":\"https:\\\/\\\/schema.org\",\"@graph\":[{\"@type\":\"Article\",\"@id\":\"https:\\\/\\\/www.arquimaster.com.ar\\\/web\\\/corporativo-execon-tresismo\\\/#article\",\"isPartOf\":{\"@id\":\"https:\\\/\\\/www.arquimaster.com.ar\\\/web\\\/corporativo-execon-tresismo\\\/\"},\"author\":{\"name\":\"Arquimaster\",\"@id\":\"https:\\\/\\\/www.arquimaster.com.ar\\\/web\\\/#\\\/schema\\\/person\\\/359e9f7c00193fcde068e0dd2ceb0028\"},\"headline\":\"Corporativo Execon \\\/ Tresismo\",\"datePublished\":\"2025-01-15T17:32:18+00:00\",\"dateModified\":\"2025-07-23T22:23:55+00:00\",\"mainEntityOfPage\":{\"@id\":\"https:\\\/\\\/www.arquimaster.com.ar\\\/web\\\/corporativo-execon-tresismo\\\/\"},\"wordCount\":622,\"publisher\":{\"@id\":\"https:\\\/\\\/www.arquimaster.com.ar\\\/web\\\/#organization\"},\"image\":{\"@id\":\"https:\\\/\\\/www.arquimaster.com.ar\\\/web\\\/corporativo-execon-tresismo\\\/#primaryimage\"},\"thumbnailUrl\":\"https:\\\/\\\/www.arquimaster.com.ar\\\/web\\\/wp-content\\\/uploads\\\/2025\\\/01\\\/corporativo_execon_slide.jpg\",\"keywords\":[\"arquitectura corporativa\",\"corporativo\",\"Mexico\",\"Monterrey\",\"Nuevo Leon\",\"oficinas\",\"Sandra de la Torre Zavala\",\"Tresismo\"],\"articleSection\":[\"Arquitectura corporativa\",\"Proyecto\"],\"inLanguage\":\"es\"},{\"@type\":\"WebPage\",\"@id\":\"https:\\\/\\\/www.arquimaster.com.ar\\\/web\\\/corporativo-execon-tresismo\\\/\",\"url\":\"https:\\\/\\\/www.arquimaster.com.ar\\\/web\\\/corporativo-execon-tresismo\\\/\",\"name\":\"Corporativo Execon \\\/ Tresismo - Arquimaster\",\"isPartOf\":{\"@id\":\"https:\\\/\\\/www.arquimaster.com.ar\\\/web\\\/#website\"},\"primaryImageOfPage\":{\"@id\":\"https:\\\/\\\/www.arquimaster.com.ar\\\/web\\\/corporativo-execon-tresismo\\\/#primaryimage\"},\"image\":{\"@id\":\"https:\\\/\\\/www.arquimaster.com.ar\\\/web\\\/corporativo-execon-tresismo\\\/#primaryimage\"},\"thumbnailUrl\":\"https:\\\/\\\/www.arquimaster.com.ar\\\/web\\\/wp-content\\\/uploads\\\/2025\\\/01\\\/corporativo_execon_slide.jpg\",\"datePublished\":\"2025-01-15T17:32:18+00:00\",\"dateModified\":\"2025-07-23T22:23:55+00:00\",\"description\":\"La humanizaci\u00f3n del dise\u00f1o, la adecuaci\u00f3n de las \u00e1reas de recreaci\u00f3n del personal y la arquitectura biof\u00edlica fueron elementos fundamentales en el proyecto.\",\"breadcrumb\":{\"@id\":\"https:\\\/\\\/www.arquimaster.com.ar\\\/web\\\/corporativo-execon-tresismo\\\/#breadcrumb\"},\"inLanguage\":\"es\",\"potentialAction\":[{\"@type\":\"ReadAction\",\"target\":[\"https:\\\/\\\/www.arquimaster.com.ar\\\/web\\\/corporativo-execon-tresismo\\\/\"]}]},{\"@type\":\"ImageObject\",\"inLanguage\":\"es\",\"@id\":\"https:\\\/\\\/www.arquimaster.com.ar\\\/web\\\/corporativo-execon-tresismo\\\/#primaryimage\",\"url\":\"https:\\\/\\\/www.arquimaster.com.ar\\\/web\\\/wp-content\\\/uploads\\\/2025\\\/01\\\/corporativo_execon_slide.jpg\",\"contentUrl\":\"https:\\\/\\\/www.arquimaster.com.ar\\\/web\\\/wp-content\\\/uploads\\\/2025\\\/01\\\/corporativo_execon_slide.jpg\",\"width\":698,\"height\":364,\"caption\":\"Corporativo Execon \\\/ Tresismo\"},{\"@type\":\"BreadcrumbList\",\"@id\":\"https:\\\/\\\/www.arquimaster.com.ar\\\/web\\\/corporativo-execon-tresismo\\\/#breadcrumb\",\"itemListElement\":[{\"@type\":\"ListItem\",\"position\":1,\"name\":\"Portada\",\"item\":\"https:\\\/\\\/www.arquimaster.com.ar\\\/web\\\/\"},{\"@type\":\"ListItem\",\"position\":2,\"name\":\"Corporativo Execon \\\/ Tresismo\"}]},{\"@type\":\"WebSite\",\"@id\":\"https:\\\/\\\/www.arquimaster.com.ar\\\/web\\\/#website\",\"url\":\"https:\\\/\\\/www.arquimaster.com.ar\\\/web\\\/\",\"name\":\"Arquimaster\",\"description\":\"Web de arquitectura, dise\u00f1o y construccion\",\"publisher\":{\"@id\":\"https:\\\/\\\/www.arquimaster.com.ar\\\/web\\\/#organization\"},\"potentialAction\":[{\"@type\":\"SearchAction\",\"target\":{\"@type\":\"EntryPoint\",\"urlTemplate\":\"https:\\\/\\\/www.arquimaster.com.ar\\\/web\\\/?s={search_term_string}\"},\"query-input\":{\"@type\":\"PropertyValueSpecification\",\"valueRequired\":true,\"valueName\":\"search_term_string\"}}],\"inLanguage\":\"es\"},{\"@type\":\"Organization\",\"@id\":\"https:\\\/\\\/www.arquimaster.com.ar\\\/web\\\/#organization\",\"name\":\"Arquimaster\",\"url\":\"https:\\\/\\\/www.arquimaster.com.ar\\\/web\\\/\",\"logo\":{\"@type\":\"ImageObject\",\"inLanguage\":\"es\",\"@id\":\"https:\\\/\\\/www.arquimaster.com.ar\\\/web\\\/#\\\/schema\\\/logo\\\/image\\\/\",\"url\":\"https:\\\/\\\/www.arquimaster.com.ar\\\/web\\\/wp-content\\\/uploads\\\/2022\\\/06\\\/arquimaster.png\",\"contentUrl\":\"https:\\\/\\\/www.arquimaster.com.ar\\\/web\\\/wp-content\\\/uploads\\\/2022\\\/06\\\/arquimaster.png\",\"width\":594,\"height\":78,\"caption\":\"Arquimaster\"},\"image\":{\"@id\":\"https:\\\/\\\/www.arquimaster.com.ar\\\/web\\\/#\\\/schema\\\/logo\\\/image\\\/\"},\"sameAs\":[\"http:\\\/\\\/www.facebook.com\\\/ARQUIMASTER.com.ar\",\"https:\\\/\\\/x.com\\\/arquimaster\",\"https:\\\/\\\/www.instagram.com\\\/arquimasterblog\\\/\",\"https:\\\/\\\/www.linkedin.com\\\/company\\\/arquimaster\",\"https:\\\/\\\/www.pinterest.com\\\/arquimaster\",\"https:\\\/\\\/t.me\\\/arquimaster\"]},{\"@type\":\"Person\",\"@id\":\"https:\\\/\\\/www.arquimaster.com.ar\\\/web\\\/#\\\/schema\\\/person\\\/359e9f7c00193fcde068e0dd2ceb0028\",\"name\":\"Arquimaster\"}]}<\/script>\n<!-- \/ Yoast SEO plugin. -->","yoast_head_json":{"title":"Corporativo Execon \/ Tresismo - Arquimaster","description":"La humanizaci\u00f3n del dise\u00f1o, la adecuaci\u00f3n de las \u00e1reas de recreaci\u00f3n del personal y la arquitectura biof\u00edlica fueron elementos fundamentales en el proyecto.","robots":{"index":"index","follow":"follow","max-snippet":"max-snippet:-1","max-image-preview":"max-image-preview:large","max-video-preview":"max-video-preview:-1"},"canonical":"https:\/\/www.arquimaster.com.ar\/web\/corporativo-execon-tresismo\/","og_locale":"es_ES","og_type":"article","og_title":"Corporativo Execon \/ Tresismo","og_description":"La humanizaci\u00f3n del dise\u00f1o, la adecuaci\u00f3n de las \u00e1reas de recreaci\u00f3n del personal y la arquitectura biof\u00edlica fueron elementos fundamentales en el proyecto.","og_url":"https:\/\/www.arquimaster.com.ar\/web\/corporativo-execon-tresismo\/","og_site_name":"Arquimaster","article_publisher":"http:\/\/www.facebook.com\/ARQUIMASTER.com.ar","article_published_time":"2025-01-15T17:32:18+00:00","article_modified_time":"2025-07-23T22:23:55+00:00","og_image":[{"width":698,"height":364,"url":"https:\/\/www.arquimaster.com.ar\/web\/wp-content\/uploads\/2025\/01\/corporativo_execon_slide.jpg","type":"image\/jpeg"}],"author":"Arquimaster","twitter_card":"summary_large_image","twitter_title":"Corporativo Execon \/ Tresismo","twitter_description":"La humanizaci\u00f3n del dise\u00f1o, la adecuaci\u00f3n de las \u00e1reas de recreaci\u00f3n del personal y la arquitectura biof\u00edlica fueron elementos fundamentales en el proyecto.","twitter_image":"https:\/\/www.arquimaster.com.ar\/web\/wp-content\/uploads\/2025\/01\/corporativo_execon_slide.jpg","twitter_creator":"@arquimaster","twitter_site":"@arquimaster","twitter_misc":{"Escrito por":"Arquimaster","Tiempo de lectura":"3 minutos"},"schema":{"@context":"https:\/\/schema.org","@graph":[{"@type":"Article","@id":"https:\/\/www.arquimaster.com.ar\/web\/corporativo-execon-tresismo\/#article","isPartOf":{"@id":"https:\/\/www.arquimaster.com.ar\/web\/corporativo-execon-tresismo\/"},"author":{"name":"Arquimaster","@id":"https:\/\/www.arquimaster.com.ar\/web\/#\/schema\/person\/359e9f7c00193fcde068e0dd2ceb0028"},"headline":"Corporativo Execon \/ Tresismo","datePublished":"2025-01-15T17:32:18+00:00","dateModified":"2025-07-23T22:23:55+00:00","mainEntityOfPage":{"@id":"https:\/\/www.arquimaster.com.ar\/web\/corporativo-execon-tresismo\/"},"wordCount":622,"publisher":{"@id":"https:\/\/www.arquimaster.com.ar\/web\/#organization"},"image":{"@id":"https:\/\/www.arquimaster.com.ar\/web\/corporativo-execon-tresismo\/#primaryimage"},"thumbnailUrl":"https:\/\/www.arquimaster.com.ar\/web\/wp-content\/uploads\/2025\/01\/corporativo_execon_slide.jpg","keywords":["arquitectura corporativa","corporativo","Mexico","Monterrey","Nuevo Leon","oficinas","Sandra de la Torre Zavala","Tresismo"],"articleSection":["Arquitectura corporativa","Proyecto"],"inLanguage":"es"},{"@type":"WebPage","@id":"https:\/\/www.arquimaster.com.ar\/web\/corporativo-execon-tresismo\/","url":"https:\/\/www.arquimaster.com.ar\/web\/corporativo-execon-tresismo\/","name":"Corporativo Execon \/ Tresismo - Arquimaster","isPartOf":{"@id":"https:\/\/www.arquimaster.com.ar\/web\/#website"},"primaryImageOfPage":{"@id":"https:\/\/www.arquimaster.com.ar\/web\/corporativo-execon-tresismo\/#primaryimage"},"image":{"@id":"https:\/\/www.arquimaster.com.ar\/web\/corporativo-execon-tresismo\/#primaryimage"},"thumbnailUrl":"https:\/\/www.arquimaster.com.ar\/web\/wp-content\/uploads\/2025\/01\/corporativo_execon_slide.jpg","datePublished":"2025-01-15T17:32:18+00:00","dateModified":"2025-07-23T22:23:55+00:00","description":"La humanizaci\u00f3n del dise\u00f1o, la adecuaci\u00f3n de las \u00e1reas de recreaci\u00f3n del personal y la arquitectura biof\u00edlica fueron elementos fundamentales en el proyecto.","breadcrumb":{"@id":"https:\/\/www.arquimaster.com.ar\/web\/corporativo-execon-tresismo\/#breadcrumb"},"inLanguage":"es","potentialAction":[{"@type":"ReadAction","target":["https:\/\/www.arquimaster.com.ar\/web\/corporativo-execon-tresismo\/"]}]},{"@type":"ImageObject","inLanguage":"es","@id":"https:\/\/www.arquimaster.com.ar\/web\/corporativo-execon-tresismo\/#primaryimage","url":"https:\/\/www.arquimaster.com.ar\/web\/wp-content\/uploads\/2025\/01\/corporativo_execon_slide.jpg","contentUrl":"https:\/\/www.arquimaster.com.ar\/web\/wp-content\/uploads\/2025\/01\/corporativo_execon_slide.jpg","width":698,"height":364,"caption":"Corporativo Execon \/ Tresismo"},{"@type":"BreadcrumbList","@id":"https:\/\/www.arquimaster.com.ar\/web\/corporativo-execon-tresismo\/#breadcrumb","itemListElement":[{"@type":"ListItem","position":1,"name":"Portada","item":"https:\/\/www.arquimaster.com.ar\/web\/"},{"@type":"ListItem","position":2,"name":"Corporativo Execon \/ Tresismo"}]},{"@type":"WebSite","@id":"https:\/\/www.arquimaster.com.ar\/web\/#website","url":"https:\/\/www.arquimaster.com.ar\/web\/","name":"Arquimaster","description":"Web de arquitectura, dise\u00f1o y construccion","publisher":{"@id":"https:\/\/www.arquimaster.com.ar\/web\/#organization"},"potentialAction":[{"@type":"SearchAction","target":{"@type":"EntryPoint","urlTemplate":"https:\/\/www.arquimaster.com.ar\/web\/?s={search_term_string}"},"query-input":{"@type":"PropertyValueSpecification","valueRequired":true,"valueName":"search_term_string"}}],"inLanguage":"es"},{"@type":"Organization","@id":"https:\/\/www.arquimaster.com.ar\/web\/#organization","name":"Arquimaster","url":"https:\/\/www.arquimaster.com.ar\/web\/","logo":{"@type":"ImageObject","inLanguage":"es","@id":"https:\/\/www.arquimaster.com.ar\/web\/#\/schema\/logo\/image\/","url":"https:\/\/www.arquimaster.com.ar\/web\/wp-content\/uploads\/2022\/06\/arquimaster.png","contentUrl":"https:\/\/www.arquimaster.com.ar\/web\/wp-content\/uploads\/2022\/06\/arquimaster.png","width":594,"height":78,"caption":"Arquimaster"},"image":{"@id":"https:\/\/www.arquimaster.com.ar\/web\/#\/schema\/logo\/image\/"},"sameAs":["http:\/\/www.facebook.com\/ARQUIMASTER.com.ar","https:\/\/x.com\/arquimaster","https:\/\/www.instagram.com\/arquimasterblog\/","https:\/\/www.linkedin.com\/company\/arquimaster","https:\/\/www.pinterest.com\/arquimaster","https:\/\/t.me\/arquimaster"]},{"@type":"Person","@id":"https:\/\/www.arquimaster.com.ar\/web\/#\/schema\/person\/359e9f7c00193fcde068e0dd2ceb0028","name":"Arquimaster"}]}},"uagb_featured_image_src":{"full":["https:\/\/www.arquimaster.com.ar\/web\/wp-content\/uploads\/2025\/01\/corporativo_execon_slide.jpg",698,364,false],"thumbnail":["https:\/\/www.arquimaster.com.ar\/web\/wp-content\/uploads\/2025\/01\/corporativo_execon_slide-150x150.jpg",150,150,true],"medium":["https:\/\/www.arquimaster.com.ar\/web\/wp-content\/uploads\/2025\/01\/corporativo_execon_slide.jpg",698,364,false],"medium_large":["https:\/\/www.arquimaster.com.ar\/web\/wp-content\/uploads\/2025\/01\/corporativo_execon_slide.jpg",698,364,false],"large":["https:\/\/www.arquimaster.com.ar\/web\/wp-content\/uploads\/2025\/01\/corporativo_execon_slide.jpg",698,364,false],"1536x1536":["https:\/\/www.arquimaster.com.ar\/web\/wp-content\/uploads\/2025\/01\/corporativo_execon_slide.jpg",698,364,false],"2048x2048":["https:\/\/www.arquimaster.com.ar\/web\/wp-content\/uploads\/2025\/01\/corporativo_execon_slide.jpg",698,364,false]},"uagb_author_info":{"display_name":"Arquimaster","author_link":"https:\/\/www.arquimaster.com.ar\/web\/author\/arquimaster\/"},"uagb_comment_info":0,"uagb_excerpt":"Humanizaci\u00f3n del dise\u00f1o, adecuaci\u00f3n de las \u00e1reas de recreaci\u00f3n y uso de arquitectura biofilica...","_links":{"self":[{"href":"https:\/\/www.arquimaster.com.ar\/web\/wp-json\/wp\/v2\/posts\/83313","targetHints":{"allow":["GET"]}}],"collection":[{"href":"https:\/\/www.arquimaster.com.ar\/web\/wp-json\/wp\/v2\/posts"}],"about":[{"href":"https:\/\/www.arquimaster.com.ar\/web\/wp-json\/wp\/v2\/types\/post"}],"author":[{"embeddable":true,"href":"https:\/\/www.arquimaster.com.ar\/web\/wp-json\/wp\/v2\/users\/1"}],"replies":[{"embeddable":true,"href":"https:\/\/www.arquimaster.com.ar\/web\/wp-json\/wp\/v2\/comments?post=83313"}],"version-history":[{"count":4,"href":"https:\/\/www.arquimaster.com.ar\/web\/wp-json\/wp\/v2\/posts\/83313\/revisions"}],"predecessor-version":[{"id":85048,"href":"https:\/\/www.arquimaster.com.ar\/web\/wp-json\/wp\/v2\/posts\/83313\/revisions\/85048"}],"wp:featuredmedia":[{"embeddable":true,"href":"https:\/\/www.arquimaster.com.ar\/web\/wp-json\/wp\/v2\/media\/83314"}],"wp:attachment":[{"href":"https:\/\/www.arquimaster.com.ar\/web\/wp-json\/wp\/v2\/media?parent=83313"}],"wp:term":[{"taxonomy":"category","embeddable":true,"href":"https:\/\/www.arquimaster.com.ar\/web\/wp-json\/wp\/v2\/categories?post=83313"},{"taxonomy":"post_tag","embeddable":true,"href":"https:\/\/www.arquimaster.com.ar\/web\/wp-json\/wp\/v2\/tags?post=83313"}],"curies":[{"name":"wp","href":"https:\/\/api.w.org\/{rel}","templated":true}]}}