{"id":83349,"date":"2025-01-15T14:34:27","date_gmt":"2025-01-15T17:34:27","guid":{"rendered":"https:\/\/www.arquimaster.com.ar\/web\/?p=83349"},"modified":"2025-07-23T19:23:36","modified_gmt":"2025-07-23T22:23:36","slug":"vivienda-en-el-edificio-de-la-finca-roja-srstudio-arquitectura-y-construccion","status":"publish","type":"post","link":"https:\/\/www.arquimaster.com.ar\/web\/vivienda-en-el-edificio-de-la-finca-roja-srstudio-arquitectura-y-construccion\/","title":{"rendered":"Vivienda en el edificio de la Finca Roja \/ SRstudio Arquitectura y Construcci\u00f3n"},"content":{"rendered":"<div style=\"margin-top: 0px; margin-bottom: 0px;\" class=\"sharethis-inline-share-buttons\" ><\/div><div class=\"b812932af2e751442846f039925109de\" data-index=\"1\" style=\"float: none; margin:25px 0 25px 0; text-align:center;\">\n<script async src=\"https:\/\/pagead2.googlesyndication.com\/pagead\/js\/adsbygoogle.js\"><\/script>\r\n<!-- Arquimaster (superior) -->\r\n<ins class=\"adsbygoogle\"\r\n     style=\"display:block\"\r\n     data-ad-client=\"ca-pub-6351072698456832\"\r\n     data-ad-slot=\"6455489680\"\r\n     data-ad-format=\"auto\"\r\n     data-full-width-responsive=\"true\"><\/ins>\r\n<script>\r\n     (adsbygoogle = window.adsbygoogle || []).push({});\r\n<\/script>\n<\/div>\n<p><strong>Vivienda en el edificio de la Finca Roja<\/strong> (Calle Albacete 46, Valencia, Espa\u00f1a) por <strong>SRstudio Arquitectura y Construcci\u00f3n<\/strong>. El inmueble forma parte del edificio residencial de Valencia, La Finca Roja, un conjunto emblem\u00e1tico de viviendas con identidad de colmena que toma el lenguaje del expresionismo holand\u00e9s y lo sit\u00faa en la zona del segundo ensanche valenciano.<\/p>\n<div id='gallery-1' class='gallery galleryid-83349 gallery-columns-3 gallery-size-thumbnail'><figure class='gallery-item'>\n\t\t\t<div class='gallery-icon portrait'>\n\t\t\t\t<a href='https:\/\/www.arquimaster.com.ar\/web\/wp-content\/uploads\/2025\/01\/vivienda_finca_roja_1.jpg' title=\"Vivienda en el edificio de la Finca Roja \/ SRstudio Arquitectura y Construcci\u00f3n (\u00a9 David Zarzoso)\" data-rl_title=\"Vivienda en el edificio de la Finca Roja \/ SRstudio Arquitectura y Construcci\u00f3n (\u00a9 David Zarzoso)\" class=\"rl-gallery-link\" data-rl_caption=\"Vivienda en el edificio de la Finca Roja \/ SRstudio Arquitectura y Construcci\u00f3n (\u00a9 David Zarzoso)\" data-rel=\"lightbox-gallery-1\"><img loading=\"lazy\" decoding=\"async\" width=\"150\" height=\"150\" src=\"https:\/\/www.arquimaster.com.ar\/web\/wp-content\/uploads\/2025\/01\/vivienda_finca_roja_1-150x150.jpg\" class=\"attachment-thumbnail size-thumbnail\" alt=\"Vivienda en el edificio de la Finca Roja \/ SRstudio Arquitectura y Construcci\u00f3n\" aria-describedby=\"gallery-1-83351\" \/><\/a>\n\t\t\t<\/div>\n\t\t\t\t<figcaption class='wp-caption-text gallery-caption' id='gallery-1-83351'>\n\t\t\t\tVivienda en el edificio de la Finca Roja \/ SRstudio Arquitectura y Construcci\u00f3n (\u00a9 David Zarzoso)\n\t\t\t\t<\/figcaption><\/figure><figure class='gallery-item'>\n\t\t\t<div class='gallery-icon portrait'>\n\t\t\t\t<a href='https:\/\/www.arquimaster.com.ar\/web\/wp-content\/uploads\/2025\/01\/vivienda_finca_roja_2.jpg' title=\"Vivienda en el edificio de la Finca Roja \/ SRstudio Arquitectura y Construcci\u00f3n (\u00a9 David Zarzoso)\" data-rl_title=\"Vivienda en el edificio de la Finca Roja \/ SRstudio Arquitectura y Construcci\u00f3n (\u00a9 David Zarzoso)\" class=\"rl-gallery-link\" data-rl_caption=\"Vivienda en el edificio de la Finca Roja \/ SRstudio Arquitectura y Construcci\u00f3n (\u00a9 David Zarzoso)\" data-rel=\"lightbox-gallery-1\"><img loading=\"lazy\" decoding=\"async\" width=\"150\" height=\"150\" src=\"https:\/\/www.arquimaster.com.ar\/web\/wp-content\/uploads\/2025\/01\/vivienda_finca_roja_2-150x150.jpg\" class=\"attachment-thumbnail size-thumbnail\" alt=\"Vivienda en el edificio de la Finca Roja \/ SRstudio Arquitectura y Construcci\u00f3n\" aria-describedby=\"gallery-1-83352\" \/><\/a>\n\t\t\t<\/div>\n\t\t\t\t<figcaption class='wp-caption-text gallery-caption' id='gallery-1-83352'>\n\t\t\t\tVivienda en el edificio de la Finca Roja \/ SRstudio Arquitectura y Construcci\u00f3n (\u00a9 David Zarzoso)\n\t\t\t\t<\/figcaption><\/figure><figure class='gallery-item'>\n\t\t\t<div class='gallery-icon portrait'>\n\t\t\t\t<a href='https:\/\/www.arquimaster.com.ar\/web\/wp-content\/uploads\/2025\/01\/vivienda_finca_roja_3.jpg' title=\"Vivienda en el edificio de la Finca Roja \/ SRstudio Arquitectura y Construcci\u00f3n (\u00a9 David Zarzoso)\" data-rl_title=\"Vivienda en el edificio de la Finca Roja \/ SRstudio Arquitectura y Construcci\u00f3n (\u00a9 David Zarzoso)\" class=\"rl-gallery-link\" data-rl_caption=\"Vivienda en el edificio de la Finca Roja \/ SRstudio Arquitectura y Construcci\u00f3n (\u00a9 David Zarzoso)\" data-rel=\"lightbox-gallery-1\"><img loading=\"lazy\" decoding=\"async\" width=\"150\" height=\"150\" src=\"https:\/\/www.arquimaster.com.ar\/web\/wp-content\/uploads\/2025\/01\/vivienda_finca_roja_3-150x150.jpg\" class=\"attachment-thumbnail size-thumbnail\" alt=\"Vivienda en el edificio de la Finca Roja \/ SRstudio Arquitectura y Construcci\u00f3n\" aria-describedby=\"gallery-1-83353\" \/><\/a>\n\t\t\t<\/div>\n\t\t\t\t<figcaption class='wp-caption-text gallery-caption' id='gallery-1-83353'>\n\t\t\t\tVivienda en el edificio de la Finca Roja \/ SRstudio Arquitectura y Construcci\u00f3n (\u00a9 David Zarzoso)\n\t\t\t\t<\/figcaption><\/figure><figure class='gallery-item'>\n\t\t\t<div class='gallery-icon portrait'>\n\t\t\t\t<a href='https:\/\/www.arquimaster.com.ar\/web\/wp-content\/uploads\/2025\/01\/vivienda_finca_roja_4.jpg' title=\"Vivienda en el edificio de la Finca Roja \/ SRstudio Arquitectura y Construcci\u00f3n (\u00a9 David Zarzoso)\" data-rl_title=\"Vivienda en el edificio de la Finca Roja \/ SRstudio Arquitectura y Construcci\u00f3n (\u00a9 David Zarzoso)\" class=\"rl-gallery-link\" data-rl_caption=\"Vivienda en el edificio de la Finca Roja \/ SRstudio Arquitectura y Construcci\u00f3n (\u00a9 David Zarzoso)\" data-rel=\"lightbox-gallery-1\"><img loading=\"lazy\" decoding=\"async\" width=\"150\" height=\"150\" src=\"https:\/\/www.arquimaster.com.ar\/web\/wp-content\/uploads\/2025\/01\/vivienda_finca_roja_4-150x150.jpg\" class=\"attachment-thumbnail size-thumbnail\" alt=\"Vivienda en el edificio de la Finca Roja \/ SRstudio Arquitectura y Construcci\u00f3n\" aria-describedby=\"gallery-1-83354\" \/><\/a>\n\t\t\t<\/div>\n\t\t\t\t<figcaption class='wp-caption-text gallery-caption' id='gallery-1-83354'>\n\t\t\t\tVivienda en el edificio de la Finca Roja \/ SRstudio Arquitectura y Construcci\u00f3n (\u00a9 David Zarzoso)\n\t\t\t\t<\/figcaption><\/figure><figure class='gallery-item'>\n\t\t\t<div class='gallery-icon portrait'>\n\t\t\t\t<a href='https:\/\/www.arquimaster.com.ar\/web\/wp-content\/uploads\/2025\/01\/vivienda_finca_roja_5.jpg' title=\"Vivienda en el edificio de la Finca Roja \/ SRstudio Arquitectura y Construcci\u00f3n (\u00a9 David Zarzoso)\" data-rl_title=\"Vivienda en el edificio de la Finca Roja \/ SRstudio Arquitectura y Construcci\u00f3n (\u00a9 David Zarzoso)\" class=\"rl-gallery-link\" data-rl_caption=\"Vivienda en el edificio de la Finca Roja \/ SRstudio Arquitectura y Construcci\u00f3n (\u00a9 David Zarzoso)\" data-rel=\"lightbox-gallery-1\"><img loading=\"lazy\" decoding=\"async\" width=\"150\" height=\"150\" src=\"https:\/\/www.arquimaster.com.ar\/web\/wp-content\/uploads\/2025\/01\/vivienda_finca_roja_5-150x150.jpg\" class=\"attachment-thumbnail size-thumbnail\" alt=\"Vivienda en el edificio de la Finca Roja \/ SRstudio Arquitectura y Construcci\u00f3n\" aria-describedby=\"gallery-1-83355\" \/><\/a>\n\t\t\t<\/div>\n\t\t\t\t<figcaption class='wp-caption-text gallery-caption' id='gallery-1-83355'>\n\t\t\t\tVivienda en el edificio de la Finca Roja \/ SRstudio Arquitectura y Construcci\u00f3n (\u00a9 David Zarzoso)\n\t\t\t\t<\/figcaption><\/figure><figure class='gallery-item'>\n\t\t\t<div class='gallery-icon portrait'>\n\t\t\t\t<a href='https:\/\/www.arquimaster.com.ar\/web\/wp-content\/uploads\/2025\/01\/vivienda_finca_roja_6.jpg' title=\"Vivienda en el edificio de la Finca Roja \/ SRstudio Arquitectura y Construcci\u00f3n (\u00a9 David Zarzoso)\" data-rl_title=\"Vivienda en el edificio de la Finca Roja \/ SRstudio Arquitectura y Construcci\u00f3n (\u00a9 David Zarzoso)\" class=\"rl-gallery-link\" data-rl_caption=\"Vivienda en el edificio de la Finca Roja \/ SRstudio Arquitectura y Construcci\u00f3n (\u00a9 David Zarzoso)\" data-rel=\"lightbox-gallery-1\"><img loading=\"lazy\" decoding=\"async\" width=\"150\" height=\"150\" src=\"https:\/\/www.arquimaster.com.ar\/web\/wp-content\/uploads\/2025\/01\/vivienda_finca_roja_6-150x150.jpg\" class=\"attachment-thumbnail size-thumbnail\" alt=\"Vivienda en el edificio de la Finca Roja \/ SRstudio Arquitectura y Construcci\u00f3n\" aria-describedby=\"gallery-1-83356\" \/><\/a>\n\t\t\t<\/div>\n\t\t\t\t<figcaption class='wp-caption-text gallery-caption' id='gallery-1-83356'>\n\t\t\t\tVivienda en el edificio de la Finca Roja \/ SRstudio Arquitectura y Construcci\u00f3n (\u00a9 David Zarzoso)\n\t\t\t\t<\/figcaption><\/figure><figure class='gallery-item'>\n\t\t\t<div class='gallery-icon portrait'>\n\t\t\t\t<a href='https:\/\/www.arquimaster.com.ar\/web\/wp-content\/uploads\/2025\/01\/vivienda_finca_roja_7.jpg' title=\"Vivienda en el edificio de la Finca Roja \/ SRstudio Arquitectura y Construcci\u00f3n (\u00a9 David Zarzoso)\" data-rl_title=\"Vivienda en el edificio de la Finca Roja \/ SRstudio Arquitectura y Construcci\u00f3n (\u00a9 David Zarzoso)\" class=\"rl-gallery-link\" data-rl_caption=\"Vivienda en el edificio de la Finca Roja \/ SRstudio Arquitectura y Construcci\u00f3n (\u00a9 David Zarzoso)\" data-rel=\"lightbox-gallery-1\"><img loading=\"lazy\" decoding=\"async\" width=\"150\" height=\"150\" src=\"https:\/\/www.arquimaster.com.ar\/web\/wp-content\/uploads\/2025\/01\/vivienda_finca_roja_7-150x150.jpg\" class=\"attachment-thumbnail size-thumbnail\" alt=\"Vivienda en el edificio de la Finca Roja \/ SRstudio Arquitectura y Construcci\u00f3n\" aria-describedby=\"gallery-1-83357\" \/><\/a>\n\t\t\t<\/div>\n\t\t\t\t<figcaption class='wp-caption-text gallery-caption' id='gallery-1-83357'>\n\t\t\t\tVivienda en el edificio de la Finca Roja \/ SRstudio Arquitectura y Construcci\u00f3n (\u00a9 David Zarzoso)\n\t\t\t\t<\/figcaption><\/figure><figure class='gallery-item'>\n\t\t\t<div class='gallery-icon portrait'>\n\t\t\t\t<a href='https:\/\/www.arquimaster.com.ar\/web\/wp-content\/uploads\/2025\/01\/vivienda_finca_roja_8.jpg' title=\"Vivienda en el edificio de la Finca Roja \/ SRstudio Arquitectura y Construcci\u00f3n (\u00a9 David Zarzoso)\" data-rl_title=\"Vivienda en el edificio de la Finca Roja \/ SRstudio Arquitectura y Construcci\u00f3n (\u00a9 David Zarzoso)\" class=\"rl-gallery-link\" data-rl_caption=\"Vivienda en el edificio de la Finca Roja \/ SRstudio Arquitectura y Construcci\u00f3n (\u00a9 David Zarzoso)\" data-rel=\"lightbox-gallery-1\"><img loading=\"lazy\" decoding=\"async\" width=\"150\" height=\"150\" src=\"https:\/\/www.arquimaster.com.ar\/web\/wp-content\/uploads\/2025\/01\/vivienda_finca_roja_8-150x150.jpg\" class=\"attachment-thumbnail size-thumbnail\" alt=\"Vivienda en el edificio de la Finca Roja \/ SRstudio Arquitectura y Construcci\u00f3n\" aria-describedby=\"gallery-1-83358\" \/><\/a>\n\t\t\t<\/div>\n\t\t\t\t<figcaption class='wp-caption-text gallery-caption' id='gallery-1-83358'>\n\t\t\t\tVivienda en el edificio de la Finca Roja \/ SRstudio Arquitectura y Construcci\u00f3n (\u00a9 David Zarzoso)\n\t\t\t\t<\/figcaption><\/figure><figure class='gallery-item'>\n\t\t\t<div class='gallery-icon portrait'>\n\t\t\t\t<a href='https:\/\/www.arquimaster.com.ar\/web\/wp-content\/uploads\/2025\/01\/vivienda_finca_roja_9.jpg' title=\"Vivienda en el edificio de la Finca Roja \/ SRstudio Arquitectura y Construcci\u00f3n (\u00a9 David Zarzoso)\" data-rl_title=\"Vivienda en el edificio de la Finca Roja \/ SRstudio Arquitectura y Construcci\u00f3n (\u00a9 David Zarzoso)\" class=\"rl-gallery-link\" data-rl_caption=\"Vivienda en el edificio de la Finca Roja \/ SRstudio Arquitectura y Construcci\u00f3n (\u00a9 David Zarzoso)\" data-rel=\"lightbox-gallery-1\"><img loading=\"lazy\" decoding=\"async\" width=\"150\" height=\"150\" src=\"https:\/\/www.arquimaster.com.ar\/web\/wp-content\/uploads\/2025\/01\/vivienda_finca_roja_9-150x150.jpg\" class=\"attachment-thumbnail size-thumbnail\" alt=\"Vivienda en el edificio de la Finca Roja \/ SRstudio Arquitectura y Construcci\u00f3n\" aria-describedby=\"gallery-1-83359\" \/><\/a>\n\t\t\t<\/div>\n\t\t\t\t<figcaption class='wp-caption-text gallery-caption' id='gallery-1-83359'>\n\t\t\t\tVivienda en el edificio de la Finca Roja \/ SRstudio Arquitectura y Construcci\u00f3n (\u00a9 David Zarzoso)\n\t\t\t\t<\/figcaption><\/figure><figure class='gallery-item'>\n\t\t\t<div class='gallery-icon portrait'>\n\t\t\t\t<a href='https:\/\/www.arquimaster.com.ar\/web\/wp-content\/uploads\/2025\/01\/vivienda_finca_roja_10.jpg' title=\"Vivienda en el edificio de la Finca Roja \/ SRstudio Arquitectura y Construcci\u00f3n (\u00a9 David Zarzoso)\" data-rl_title=\"Vivienda en el edificio de la Finca Roja \/ SRstudio Arquitectura y Construcci\u00f3n (\u00a9 David Zarzoso)\" class=\"rl-gallery-link\" data-rl_caption=\"Vivienda en el edificio de la Finca Roja \/ SRstudio Arquitectura y Construcci\u00f3n (\u00a9 David Zarzoso)\" data-rel=\"lightbox-gallery-1\"><img loading=\"lazy\" decoding=\"async\" width=\"150\" height=\"150\" src=\"https:\/\/www.arquimaster.com.ar\/web\/wp-content\/uploads\/2025\/01\/vivienda_finca_roja_10-150x150.jpg\" class=\"attachment-thumbnail size-thumbnail\" alt=\"Vivienda en el edificio de la Finca Roja \/ SRstudio Arquitectura y Construcci\u00f3n\" aria-describedby=\"gallery-1-83360\" \/><\/a>\n\t\t\t<\/div>\n\t\t\t\t<figcaption class='wp-caption-text gallery-caption' id='gallery-1-83360'>\n\t\t\t\tVivienda en el edificio de la Finca Roja \/ SRstudio Arquitectura y Construcci\u00f3n (\u00a9 David Zarzoso)\n\t\t\t\t<\/figcaption><\/figure><figure class='gallery-item'>\n\t\t\t<div class='gallery-icon portrait'>\n\t\t\t\t<a href='https:\/\/www.arquimaster.com.ar\/web\/wp-content\/uploads\/2025\/01\/vivienda_finca_roja_11.jpg' title=\"Vivienda en el edificio de la Finca Roja \/ SRstudio Arquitectura y Construcci\u00f3n (\u00a9 David Zarzoso)\" data-rl_title=\"Vivienda en el edificio de la Finca Roja \/ SRstudio Arquitectura y Construcci\u00f3n (\u00a9 David Zarzoso)\" class=\"rl-gallery-link\" data-rl_caption=\"Vivienda en el edificio de la Finca Roja \/ SRstudio Arquitectura y Construcci\u00f3n (\u00a9 David Zarzoso)\" data-rel=\"lightbox-gallery-1\"><img loading=\"lazy\" decoding=\"async\" width=\"150\" height=\"150\" src=\"https:\/\/www.arquimaster.com.ar\/web\/wp-content\/uploads\/2025\/01\/vivienda_finca_roja_11-150x150.jpg\" class=\"attachment-thumbnail size-thumbnail\" alt=\"Vivienda en el edificio de la Finca Roja \/ SRstudio Arquitectura y Construcci\u00f3n\" aria-describedby=\"gallery-1-83361\" \/><\/a>\n\t\t\t<\/div>\n\t\t\t\t<figcaption class='wp-caption-text gallery-caption' id='gallery-1-83361'>\n\t\t\t\tVivienda en el edificio de la Finca Roja \/ SRstudio Arquitectura y Construcci\u00f3n (\u00a9 David Zarzoso)\n\t\t\t\t<\/figcaption><\/figure><figure class='gallery-item'>\n\t\t\t<div class='gallery-icon portrait'>\n\t\t\t\t<a href='https:\/\/www.arquimaster.com.ar\/web\/wp-content\/uploads\/2025\/01\/vivienda_finca_roja_12.jpg' title=\"Vivienda en el edificio de la Finca Roja \/ SRstudio Arquitectura y Construcci\u00f3n (\u00a9 David Zarzoso)\" data-rl_title=\"Vivienda en el edificio de la Finca Roja \/ SRstudio Arquitectura y Construcci\u00f3n (\u00a9 David Zarzoso)\" class=\"rl-gallery-link\" data-rl_caption=\"Vivienda en el edificio de la Finca Roja \/ SRstudio Arquitectura y Construcci\u00f3n (\u00a9 David Zarzoso)\" data-rel=\"lightbox-gallery-1\"><img loading=\"lazy\" decoding=\"async\" width=\"150\" height=\"150\" src=\"https:\/\/www.arquimaster.com.ar\/web\/wp-content\/uploads\/2025\/01\/vivienda_finca_roja_12-150x150.jpg\" class=\"attachment-thumbnail size-thumbnail\" alt=\"Vivienda en el edificio de la Finca Roja \/ SRstudio Arquitectura y Construcci\u00f3n\" aria-describedby=\"gallery-1-83362\" \/><\/a>\n\t\t\t<\/div>\n\t\t\t\t<figcaption class='wp-caption-text gallery-caption' id='gallery-1-83362'>\n\t\t\t\tVivienda en el edificio de la Finca Roja \/ SRstudio Arquitectura y Construcci\u00f3n (\u00a9 David Zarzoso)\n\t\t\t\t<\/figcaption><\/figure><figure class='gallery-item'>\n\t\t\t<div class='gallery-icon portrait'>\n\t\t\t\t<a href='https:\/\/www.arquimaster.com.ar\/web\/wp-content\/uploads\/2025\/01\/vivienda_finca_roja_13.jpg' title=\"Vivienda en el edificio de la Finca Roja \/ SRstudio Arquitectura y Construcci\u00f3n (\u00a9 David Zarzoso)\" data-rl_title=\"Vivienda en el edificio de la Finca Roja \/ SRstudio Arquitectura y Construcci\u00f3n (\u00a9 David Zarzoso)\" class=\"rl-gallery-link\" data-rl_caption=\"Vivienda en el edificio de la Finca Roja \/ SRstudio Arquitectura y Construcci\u00f3n (\u00a9 David Zarzoso)\" data-rel=\"lightbox-gallery-1\"><img loading=\"lazy\" decoding=\"async\" width=\"150\" height=\"150\" src=\"https:\/\/www.arquimaster.com.ar\/web\/wp-content\/uploads\/2025\/01\/vivienda_finca_roja_13-150x150.jpg\" class=\"attachment-thumbnail size-thumbnail\" alt=\"Vivienda en el edificio de la Finca Roja \/ SRstudio Arquitectura y Construcci\u00f3n\" aria-describedby=\"gallery-1-83363\" \/><\/a>\n\t\t\t<\/div>\n\t\t\t\t<figcaption class='wp-caption-text gallery-caption' id='gallery-1-83363'>\n\t\t\t\tVivienda en el edificio de la Finca Roja \/ SRstudio Arquitectura y Construcci\u00f3n (\u00a9 David Zarzoso)\n\t\t\t\t<\/figcaption><\/figure><figure class='gallery-item'>\n\t\t\t<div class='gallery-icon portrait'>\n\t\t\t\t<a href='https:\/\/www.arquimaster.com.ar\/web\/wp-content\/uploads\/2025\/01\/vivienda_finca_roja_14.jpg' title=\"Vivienda en el edificio de la Finca Roja \/ SRstudio Arquitectura y Construcci\u00f3n (\u00a9 David Zarzoso)\" data-rl_title=\"Vivienda en el edificio de la Finca Roja \/ SRstudio Arquitectura y Construcci\u00f3n (\u00a9 David Zarzoso)\" class=\"rl-gallery-link\" data-rl_caption=\"Vivienda en el edificio de la Finca Roja \/ SRstudio Arquitectura y Construcci\u00f3n (\u00a9 David Zarzoso)\" data-rel=\"lightbox-gallery-1\"><img loading=\"lazy\" decoding=\"async\" width=\"150\" height=\"150\" src=\"https:\/\/www.arquimaster.com.ar\/web\/wp-content\/uploads\/2025\/01\/vivienda_finca_roja_14-150x150.jpg\" class=\"attachment-thumbnail size-thumbnail\" alt=\"Vivienda en el edificio de la Finca Roja \/ SRstudio Arquitectura y Construcci\u00f3n\" aria-describedby=\"gallery-1-83364\" \/><\/a>\n\t\t\t<\/div>\n\t\t\t\t<figcaption class='wp-caption-text gallery-caption' id='gallery-1-83364'>\n\t\t\t\tVivienda en el edificio de la Finca Roja \/ SRstudio Arquitectura y Construcci\u00f3n (\u00a9 David Zarzoso)\n\t\t\t\t<\/figcaption><\/figure><figure class='gallery-item'>\n\t\t\t<div class='gallery-icon portrait'>\n\t\t\t\t<a href='https:\/\/www.arquimaster.com.ar\/web\/wp-content\/uploads\/2025\/01\/vivienda_finca_roja_15.jpg' title=\"Vivienda en el edificio de la Finca Roja \/ SRstudio Arquitectura y Construcci\u00f3n (\u00a9 David Zarzoso)\" data-rl_title=\"Vivienda en el edificio de la Finca Roja \/ SRstudio Arquitectura y Construcci\u00f3n (\u00a9 David Zarzoso)\" class=\"rl-gallery-link\" data-rl_caption=\"Vivienda en el edificio de la Finca Roja \/ SRstudio Arquitectura y Construcci\u00f3n (\u00a9 David Zarzoso)\" data-rel=\"lightbox-gallery-1\"><img loading=\"lazy\" decoding=\"async\" width=\"150\" height=\"150\" src=\"https:\/\/www.arquimaster.com.ar\/web\/wp-content\/uploads\/2025\/01\/vivienda_finca_roja_15-150x150.jpg\" class=\"attachment-thumbnail size-thumbnail\" alt=\"Vivienda en el edificio de la Finca Roja \/ SRstudio Arquitectura y Construcci\u00f3n\" aria-describedby=\"gallery-1-83365\" \/><\/a>\n\t\t\t<\/div>\n\t\t\t\t<figcaption class='wp-caption-text gallery-caption' id='gallery-1-83365'>\n\t\t\t\tVivienda en el edificio de la Finca Roja \/ SRstudio Arquitectura y Construcci\u00f3n (\u00a9 David Zarzoso)\n\t\t\t\t<\/figcaption><\/figure><figure class='gallery-item'>\n\t\t\t<div class='gallery-icon portrait'>\n\t\t\t\t<a href='https:\/\/www.arquimaster.com.ar\/web\/wp-content\/uploads\/2025\/01\/vivienda_finca_roja_16.jpg' title=\"Vivienda en el edificio de la Finca Roja \/ SRstudio Arquitectura y Construcci\u00f3n (\u00a9 David Zarzoso)\" data-rl_title=\"Vivienda en el edificio de la Finca Roja \/ SRstudio Arquitectura y Construcci\u00f3n (\u00a9 David Zarzoso)\" class=\"rl-gallery-link\" data-rl_caption=\"Vivienda en el edificio de la Finca Roja \/ SRstudio Arquitectura y Construcci\u00f3n (\u00a9 David Zarzoso)\" data-rel=\"lightbox-gallery-1\"><img loading=\"lazy\" decoding=\"async\" width=\"150\" height=\"150\" src=\"https:\/\/www.arquimaster.com.ar\/web\/wp-content\/uploads\/2025\/01\/vivienda_finca_roja_16-150x150.jpg\" class=\"attachment-thumbnail size-thumbnail\" alt=\"Vivienda en el edificio de la Finca Roja \/ SRstudio Arquitectura y Construcci\u00f3n\" aria-describedby=\"gallery-1-83366\" \/><\/a>\n\t\t\t<\/div>\n\t\t\t\t<figcaption class='wp-caption-text gallery-caption' id='gallery-1-83366'>\n\t\t\t\tVivienda en el edificio de la Finca Roja \/ SRstudio Arquitectura y Construcci\u00f3n (\u00a9 David Zarzoso)\n\t\t\t\t<\/figcaption><\/figure><figure class='gallery-item'>\n\t\t\t<div class='gallery-icon portrait'>\n\t\t\t\t<a href='https:\/\/www.arquimaster.com.ar\/web\/wp-content\/uploads\/2025\/01\/vivienda_finca_roja_17.jpg' title=\"Vivienda en el edificio de la Finca Roja \/ SRstudio Arquitectura y Construcci\u00f3n (\u00a9 David Zarzoso)\" data-rl_title=\"Vivienda en el edificio de la Finca Roja \/ SRstudio Arquitectura y Construcci\u00f3n (\u00a9 David Zarzoso)\" class=\"rl-gallery-link\" data-rl_caption=\"Vivienda en el edificio de la Finca Roja \/ SRstudio Arquitectura y Construcci\u00f3n (\u00a9 David Zarzoso)\" data-rel=\"lightbox-gallery-1\"><img loading=\"lazy\" decoding=\"async\" width=\"150\" height=\"150\" src=\"https:\/\/www.arquimaster.com.ar\/web\/wp-content\/uploads\/2025\/01\/vivienda_finca_roja_17-150x150.jpg\" class=\"attachment-thumbnail size-thumbnail\" alt=\"Vivienda en el edificio de la Finca Roja \/ SRstudio Arquitectura y Construcci\u00f3n\" aria-describedby=\"gallery-1-83367\" \/><\/a>\n\t\t\t<\/div>\n\t\t\t\t<figcaption class='wp-caption-text gallery-caption' id='gallery-1-83367'>\n\t\t\t\tVivienda en el edificio de la Finca Roja \/ SRstudio Arquitectura y Construcci\u00f3n (\u00a9 David Zarzoso)\n\t\t\t\t<\/figcaption><\/figure><figure class='gallery-item'>\n\t\t\t<div class='gallery-icon portrait'>\n\t\t\t\t<a href='https:\/\/www.arquimaster.com.ar\/web\/wp-content\/uploads\/2025\/01\/vivienda_finca_roja_18.jpg' title=\"Vivienda en el edificio de la Finca Roja \/ SRstudio Arquitectura y Construcci\u00f3n (\u00a9 David Zarzoso)\" data-rl_title=\"Vivienda en el edificio de la Finca Roja \/ SRstudio Arquitectura y Construcci\u00f3n (\u00a9 David Zarzoso)\" class=\"rl-gallery-link\" data-rl_caption=\"Vivienda en el edificio de la Finca Roja \/ SRstudio Arquitectura y Construcci\u00f3n (\u00a9 David Zarzoso)\" data-rel=\"lightbox-gallery-1\"><img loading=\"lazy\" decoding=\"async\" width=\"150\" height=\"150\" src=\"https:\/\/www.arquimaster.com.ar\/web\/wp-content\/uploads\/2025\/01\/vivienda_finca_roja_18-150x150.jpg\" class=\"attachment-thumbnail size-thumbnail\" alt=\"Vivienda en el edificio de la Finca Roja \/ SRstudio Arquitectura y Construcci\u00f3n\" aria-describedby=\"gallery-1-83368\" \/><\/a>\n\t\t\t<\/div>\n\t\t\t\t<figcaption class='wp-caption-text gallery-caption' id='gallery-1-83368'>\n\t\t\t\tVivienda en el edificio de la Finca Roja \/ SRstudio Arquitectura y Construcci\u00f3n (\u00a9 David Zarzoso)\n\t\t\t\t<\/figcaption><\/figure><figure class='gallery-item'>\n\t\t\t<div class='gallery-icon portrait'>\n\t\t\t\t<a href='https:\/\/www.arquimaster.com.ar\/web\/wp-content\/uploads\/2025\/01\/vivienda_finca_roja_19.jpg' title=\"Vivienda en el edificio de la Finca Roja \/ SRstudio Arquitectura y Construcci\u00f3n (\u00a9 David Zarzoso)\" data-rl_title=\"Vivienda en el edificio de la Finca Roja \/ SRstudio Arquitectura y Construcci\u00f3n (\u00a9 David Zarzoso)\" class=\"rl-gallery-link\" data-rl_caption=\"Vivienda en el edificio de la Finca Roja \/ SRstudio Arquitectura y Construcci\u00f3n (\u00a9 David Zarzoso)\" data-rel=\"lightbox-gallery-1\"><img loading=\"lazy\" decoding=\"async\" width=\"150\" height=\"150\" src=\"https:\/\/www.arquimaster.com.ar\/web\/wp-content\/uploads\/2025\/01\/vivienda_finca_roja_19-150x150.jpg\" class=\"attachment-thumbnail size-thumbnail\" alt=\"Vivienda en el edificio de la Finca Roja \/ SRstudio Arquitectura y Construcci\u00f3n\" aria-describedby=\"gallery-1-83369\" \/><\/a>\n\t\t\t<\/div>\n\t\t\t\t<figcaption class='wp-caption-text gallery-caption' id='gallery-1-83369'>\n\t\t\t\tVivienda en el edificio de la Finca Roja \/ SRstudio Arquitectura y Construcci\u00f3n (\u00a9 David Zarzoso)\n\t\t\t\t<\/figcaption><\/figure><figure class='gallery-item'>\n\t\t\t<div class='gallery-icon portrait'>\n\t\t\t\t<a href='https:\/\/www.arquimaster.com.ar\/web\/wp-content\/uploads\/2025\/01\/vivienda_finca_roja_20.jpg' title=\"Vivienda en el edificio de la Finca Roja \/ SRstudio Arquitectura y Construcci\u00f3n (\u00a9 David Zarzoso)\" data-rl_title=\"Vivienda en el edificio de la Finca Roja \/ SRstudio Arquitectura y Construcci\u00f3n (\u00a9 David Zarzoso)\" class=\"rl-gallery-link\" data-rl_caption=\"Vivienda en el edificio de la Finca Roja \/ SRstudio Arquitectura y Construcci\u00f3n (\u00a9 David Zarzoso)\" data-rel=\"lightbox-gallery-1\"><img loading=\"lazy\" decoding=\"async\" width=\"150\" height=\"150\" src=\"https:\/\/www.arquimaster.com.ar\/web\/wp-content\/uploads\/2025\/01\/vivienda_finca_roja_20-150x150.jpg\" class=\"attachment-thumbnail size-thumbnail\" alt=\"Vivienda en el edificio de la Finca Roja \/ SRstudio Arquitectura y Construcci\u00f3n\" aria-describedby=\"gallery-1-83370\" \/><\/a>\n\t\t\t<\/div>\n\t\t\t\t<figcaption class='wp-caption-text gallery-caption' id='gallery-1-83370'>\n\t\t\t\tVivienda en el edificio de la Finca Roja \/ SRstudio Arquitectura y Construcci\u00f3n (\u00a9 David Zarzoso)\n\t\t\t\t<\/figcaption><\/figure><figure class='gallery-item'>\n\t\t\t<div class='gallery-icon portrait'>\n\t\t\t\t<a href='https:\/\/www.arquimaster.com.ar\/web\/wp-content\/uploads\/2025\/01\/vivienda_finca_roja_21.jpg' title=\"Vivienda en el edificio de la Finca Roja \/ SRstudio Arquitectura y Construcci\u00f3n (\u00a9 David Zarzoso)\" data-rl_title=\"Vivienda en el edificio de la Finca Roja \/ SRstudio Arquitectura y Construcci\u00f3n (\u00a9 David Zarzoso)\" class=\"rl-gallery-link\" data-rl_caption=\"Vivienda en el edificio de la Finca Roja \/ SRstudio Arquitectura y Construcci\u00f3n (\u00a9 David Zarzoso)\" data-rel=\"lightbox-gallery-1\"><img loading=\"lazy\" decoding=\"async\" width=\"150\" height=\"150\" src=\"https:\/\/www.arquimaster.com.ar\/web\/wp-content\/uploads\/2025\/01\/vivienda_finca_roja_21-150x150.jpg\" class=\"attachment-thumbnail size-thumbnail\" alt=\"Vivienda en el edificio de la Finca Roja \/ SRstudio Arquitectura y Construcci\u00f3n\" aria-describedby=\"gallery-1-83371\" \/><\/a>\n\t\t\t<\/div>\n\t\t\t\t<figcaption class='wp-caption-text gallery-caption' id='gallery-1-83371'>\n\t\t\t\tVivienda en el edificio de la Finca Roja \/ SRstudio Arquitectura y Construcci\u00f3n (\u00a9 David Zarzoso)\n\t\t\t\t<\/figcaption><\/figure><figure class='gallery-item'>\n\t\t\t<div class='gallery-icon portrait'>\n\t\t\t\t<a href='https:\/\/www.arquimaster.com.ar\/web\/wp-content\/uploads\/2025\/01\/vivienda_finca_roja_22.jpg' title=\"Vivienda en el edificio de la Finca Roja \/ SRstudio Arquitectura y Construcci\u00f3n (\u00a9 David Zarzoso)\" data-rl_title=\"Vivienda en el edificio de la Finca Roja \/ SRstudio Arquitectura y Construcci\u00f3n (\u00a9 David Zarzoso)\" class=\"rl-gallery-link\" data-rl_caption=\"Vivienda en el edificio de la Finca Roja \/ SRstudio Arquitectura y Construcci\u00f3n (\u00a9 David Zarzoso)\" data-rel=\"lightbox-gallery-1\"><img loading=\"lazy\" decoding=\"async\" width=\"150\" height=\"150\" src=\"https:\/\/www.arquimaster.com.ar\/web\/wp-content\/uploads\/2025\/01\/vivienda_finca_roja_22-150x150.jpg\" class=\"attachment-thumbnail size-thumbnail\" alt=\"Vivienda en el edificio de la Finca Roja \/ SRstudio Arquitectura y Construcci\u00f3n\" aria-describedby=\"gallery-1-83372\" \/><\/a>\n\t\t\t<\/div>\n\t\t\t\t<figcaption class='wp-caption-text gallery-caption' id='gallery-1-83372'>\n\t\t\t\tVivienda en el edificio de la Finca Roja \/ SRstudio Arquitectura y Construcci\u00f3n (\u00a9 David Zarzoso)\n\t\t\t\t<\/figcaption><\/figure><figure class='gallery-item'>\n\t\t\t<div class='gallery-icon portrait'>\n\t\t\t\t<a href='https:\/\/www.arquimaster.com.ar\/web\/wp-content\/uploads\/2025\/01\/vivienda_finca_roja_23.jpg' title=\"Vivienda en el edificio de la Finca Roja \/ SRstudio Arquitectura y Construcci\u00f3n (\u00a9 David Zarzoso)\" data-rl_title=\"Vivienda en el edificio de la Finca Roja \/ SRstudio Arquitectura y Construcci\u00f3n (\u00a9 David Zarzoso)\" class=\"rl-gallery-link\" data-rl_caption=\"Vivienda en el edificio de la Finca Roja \/ SRstudio Arquitectura y Construcci\u00f3n (\u00a9 David Zarzoso)\" data-rel=\"lightbox-gallery-1\"><img loading=\"lazy\" decoding=\"async\" width=\"150\" height=\"150\" src=\"https:\/\/www.arquimaster.com.ar\/web\/wp-content\/uploads\/2025\/01\/vivienda_finca_roja_23-150x150.jpg\" class=\"attachment-thumbnail size-thumbnail\" alt=\"Vivienda en el edificio de la Finca Roja \/ SRstudio Arquitectura y Construcci\u00f3n\" aria-describedby=\"gallery-1-83373\" \/><\/a>\n\t\t\t<\/div>\n\t\t\t\t<figcaption class='wp-caption-text gallery-caption' id='gallery-1-83373'>\n\t\t\t\tVivienda en el edificio de la Finca Roja \/ SRstudio Arquitectura y Construcci\u00f3n (\u00a9 David Zarzoso)\n\t\t\t\t<\/figcaption><\/figure><figure class='gallery-item'>\n\t\t\t<div class='gallery-icon portrait'>\n\t\t\t\t<a href='https:\/\/www.arquimaster.com.ar\/web\/wp-content\/uploads\/2025\/01\/vivienda_finca_roja_24.jpg' title=\"Vivienda en el edificio de la Finca Roja \/ SRstudio Arquitectura y Construcci\u00f3n (\u00a9 David Zarzoso)\" data-rl_title=\"Vivienda en el edificio de la Finca Roja \/ SRstudio Arquitectura y Construcci\u00f3n (\u00a9 David Zarzoso)\" class=\"rl-gallery-link\" data-rl_caption=\"Vivienda en el edificio de la Finca Roja \/ SRstudio Arquitectura y Construcci\u00f3n (\u00a9 David Zarzoso)\" data-rel=\"lightbox-gallery-1\"><img loading=\"lazy\" decoding=\"async\" width=\"150\" height=\"150\" src=\"https:\/\/www.arquimaster.com.ar\/web\/wp-content\/uploads\/2025\/01\/vivienda_finca_roja_24-150x150.jpg\" class=\"attachment-thumbnail size-thumbnail\" alt=\"Vivienda en el edificio de la Finca Roja \/ SRstudio Arquitectura y Construcci\u00f3n\" aria-describedby=\"gallery-1-83374\" \/><\/a>\n\t\t\t<\/div>\n\t\t\t\t<figcaption class='wp-caption-text gallery-caption' id='gallery-1-83374'>\n\t\t\t\tVivienda en el edificio de la Finca Roja \/ SRstudio Arquitectura y Construcci\u00f3n (\u00a9 David Zarzoso)\n\t\t\t\t<\/figcaption><\/figure><figure class='gallery-item'>\n\t\t\t<div class='gallery-icon portrait'>\n\t\t\t\t<a href='https:\/\/www.arquimaster.com.ar\/web\/wp-content\/uploads\/2025\/01\/vivienda_finca_roja_25.jpg' title=\"Vivienda en el edificio de la Finca Roja \/ SRstudio Arquitectura y Construcci\u00f3n (\u00a9 David Zarzoso)\" data-rl_title=\"Vivienda en el edificio de la Finca Roja \/ SRstudio Arquitectura y Construcci\u00f3n (\u00a9 David Zarzoso)\" class=\"rl-gallery-link\" data-rl_caption=\"Vivienda en el edificio de la Finca Roja \/ SRstudio Arquitectura y Construcci\u00f3n (\u00a9 David Zarzoso)\" data-rel=\"lightbox-gallery-1\"><img loading=\"lazy\" decoding=\"async\" width=\"150\" height=\"150\" src=\"https:\/\/www.arquimaster.com.ar\/web\/wp-content\/uploads\/2025\/01\/vivienda_finca_roja_25-150x150.jpg\" class=\"attachment-thumbnail size-thumbnail\" alt=\"Vivienda en el edificio de la Finca Roja \/ SRstudio Arquitectura y Construcci\u00f3n\" aria-describedby=\"gallery-1-83375\" \/><\/a>\n\t\t\t<\/div>\n\t\t\t\t<figcaption class='wp-caption-text gallery-caption' id='gallery-1-83375'>\n\t\t\t\tVivienda en el edificio de la Finca Roja \/ SRstudio Arquitectura y Construcci\u00f3n (\u00a9 David Zarzoso)\n\t\t\t\t<\/figcaption><\/figure><figure class='gallery-item'>\n\t\t\t<div class='gallery-icon portrait'>\n\t\t\t\t<a href='https:\/\/www.arquimaster.com.ar\/web\/wp-content\/uploads\/2025\/01\/vivienda_finca_roja_26.jpg' title=\"Vivienda en el edificio de la Finca Roja \/ SRstudio Arquitectura y Construcci\u00f3n (\u00a9 David Zarzoso)\" data-rl_title=\"Vivienda en el edificio de la Finca Roja \/ SRstudio Arquitectura y Construcci\u00f3n (\u00a9 David Zarzoso)\" class=\"rl-gallery-link\" data-rl_caption=\"Vivienda en el edificio de la Finca Roja \/ SRstudio Arquitectura y Construcci\u00f3n (\u00a9 David Zarzoso)\" data-rel=\"lightbox-gallery-1\"><img loading=\"lazy\" decoding=\"async\" width=\"150\" height=\"150\" src=\"https:\/\/www.arquimaster.com.ar\/web\/wp-content\/uploads\/2025\/01\/vivienda_finca_roja_26-150x150.jpg\" class=\"attachment-thumbnail size-thumbnail\" alt=\"Vivienda en el edificio de la Finca Roja \/ SRstudio Arquitectura y Construcci\u00f3n\" aria-describedby=\"gallery-1-83376\" \/><\/a>\n\t\t\t<\/div>\n\t\t\t\t<figcaption class='wp-caption-text gallery-caption' id='gallery-1-83376'>\n\t\t\t\tVivienda en el edificio de la Finca Roja \/ SRstudio Arquitectura y Construcci\u00f3n (\u00a9 David Zarzoso)\n\t\t\t\t<\/figcaption><\/figure><figure class='gallery-item'>\n\t\t\t<div class='gallery-icon landscape'>\n\t\t\t\t<a href='https:\/\/www.arquimaster.com.ar\/web\/wp-content\/uploads\/2025\/01\/vivienda_finca_roja_27.jpg' title=\"Vivienda en el edificio de la Finca Roja \/ SRstudio Arquitectura y Construcci\u00f3n (planta estado previo)\" data-rl_title=\"Vivienda en el edificio de la Finca Roja \/ SRstudio Arquitectura y Construcci\u00f3n (planta estado previo)\" class=\"rl-gallery-link\" data-rl_caption=\"Vivienda en el edificio de la Finca Roja \/ SRstudio Arquitectura y Construcci\u00f3n (planta estado previo)\" data-rel=\"lightbox-gallery-1\"><img loading=\"lazy\" decoding=\"async\" width=\"150\" height=\"150\" src=\"https:\/\/www.arquimaster.com.ar\/web\/wp-content\/uploads\/2025\/01\/vivienda_finca_roja_27-150x150.jpg\" class=\"attachment-thumbnail size-thumbnail\" alt=\"Vivienda en el edificio de la Finca Roja \/ SRstudio Arquitectura y Construcci\u00f3n\" aria-describedby=\"gallery-1-83377\" \/><\/a>\n\t\t\t<\/div>\n\t\t\t\t<figcaption class='wp-caption-text gallery-caption' id='gallery-1-83377'>\n\t\t\t\tVivienda en el edificio de la Finca Roja \/ SRstudio Arquitectura y Construcci\u00f3n (planta estado previo)\n\t\t\t\t<\/figcaption><\/figure><figure class='gallery-item'>\n\t\t\t<div class='gallery-icon landscape'>\n\t\t\t\t<a href='https:\/\/www.arquimaster.com.ar\/web\/wp-content\/uploads\/2025\/01\/vivienda_finca_roja_28.jpg' title=\"Vivienda en el edificio de la Finca Roja \/ SRstudio Arquitectura y Construcci\u00f3n (planta estado actual)\" data-rl_title=\"Vivienda en el edificio de la Finca Roja \/ SRstudio Arquitectura y Construcci\u00f3n (planta estado actual)\" class=\"rl-gallery-link\" data-rl_caption=\"Vivienda en el edificio de la Finca Roja \/ SRstudio Arquitectura y Construcci\u00f3n (planta estado actual)\" data-rel=\"lightbox-gallery-1\"><img loading=\"lazy\" decoding=\"async\" width=\"150\" height=\"150\" src=\"https:\/\/www.arquimaster.com.ar\/web\/wp-content\/uploads\/2025\/01\/vivienda_finca_roja_28-150x150.jpg\" class=\"attachment-thumbnail size-thumbnail\" alt=\"Vivienda en el edificio de la Finca Roja \/ SRstudio Arquitectura y Construcci\u00f3n\" aria-describedby=\"gallery-1-83378\" \/><\/a>\n\t\t\t<\/div>\n\t\t\t\t<figcaption class='wp-caption-text gallery-caption' id='gallery-1-83378'>\n\t\t\t\tVivienda en el edificio de la Finca Roja \/ SRstudio Arquitectura y Construcci\u00f3n (planta estado actual)\n\t\t\t\t<\/figcaption><\/figure><figure class='gallery-item'>\n\t\t\t<div class='gallery-icon landscape'>\n\t\t\t\t<a href='https:\/\/www.arquimaster.com.ar\/web\/wp-content\/uploads\/2025\/01\/vivienda_finca_roja_29.jpg' title=\"Vivienda en el edificio de la Finca Roja \/ SRstudio Arquitectura y Construcci\u00f3n (planta cielorrasos)\" data-rl_title=\"Vivienda en el edificio de la Finca Roja \/ SRstudio Arquitectura y Construcci\u00f3n (planta cielorrasos)\" class=\"rl-gallery-link\" data-rl_caption=\"Vivienda en el edificio de la Finca Roja \/ SRstudio Arquitectura y Construcci\u00f3n (planta cielorrasos)\" data-rel=\"lightbox-gallery-1\"><img loading=\"lazy\" decoding=\"async\" width=\"150\" height=\"150\" src=\"https:\/\/www.arquimaster.com.ar\/web\/wp-content\/uploads\/2025\/01\/vivienda_finca_roja_29-150x150.jpg\" class=\"attachment-thumbnail size-thumbnail\" alt=\"Vivienda en el edificio de la Finca Roja \/ SRstudio Arquitectura y Construcci\u00f3n\" aria-describedby=\"gallery-1-83379\" \/><\/a>\n\t\t\t<\/div>\n\t\t\t\t<figcaption class='wp-caption-text gallery-caption' id='gallery-1-83379'>\n\t\t\t\tVivienda en el edificio de la Finca Roja \/ SRstudio Arquitectura y Construcci\u00f3n (planta cielorrasos)\n\t\t\t\t<\/figcaption><\/figure><figure class='gallery-item'>\n\t\t\t<div class='gallery-icon landscape'>\n\t\t\t\t<a href='https:\/\/www.arquimaster.com.ar\/web\/wp-content\/uploads\/2025\/01\/vivienda_finca_roja_30.jpg' title=\"Vivienda en el edificio de la Finca Roja \/ SRstudio Arquitectura y Construcci\u00f3n (cortes)\" data-rl_title=\"Vivienda en el edificio de la Finca Roja \/ SRstudio Arquitectura y Construcci\u00f3n (cortes)\" class=\"rl-gallery-link\" data-rl_caption=\"Vivienda en el edificio de la Finca Roja \/ SRstudio Arquitectura y Construcci\u00f3n (cortes)\" data-rel=\"lightbox-gallery-1\"><img loading=\"lazy\" decoding=\"async\" width=\"150\" height=\"150\" src=\"https:\/\/www.arquimaster.com.ar\/web\/wp-content\/uploads\/2025\/01\/vivienda_finca_roja_30-150x150.jpg\" class=\"attachment-thumbnail size-thumbnail\" alt=\"Vivienda en el edificio de la Finca Roja \/ SRstudio Arquitectura y Construcci\u00f3n\" aria-describedby=\"gallery-1-83380\" \/><\/a>\n\t\t\t<\/div>\n\t\t\t\t<figcaption class='wp-caption-text gallery-caption' id='gallery-1-83380'>\n\t\t\t\tVivienda en el edificio de la Finca Roja \/ SRstudio Arquitectura y Construcci\u00f3n (cortes)\n\t\t\t\t<\/figcaption><\/figure><figure class='gallery-item'>\n\t\t\t<div class='gallery-icon landscape'>\n\t\t\t\t<a href='https:\/\/www.arquimaster.com.ar\/web\/wp-content\/uploads\/2025\/01\/vivienda_finca_roja_31.jpg' title=\"Vivienda en el edificio de la Finca Roja \/ SRstudio Arquitectura y Construcci\u00f3n (vistas)\" data-rl_title=\"Vivienda en el edificio de la Finca Roja \/ SRstudio Arquitectura y Construcci\u00f3n (vistas)\" class=\"rl-gallery-link\" data-rl_caption=\"Vivienda en el edificio de la Finca Roja \/ SRstudio Arquitectura y Construcci\u00f3n (vistas)\" data-rel=\"lightbox-gallery-1\"><img loading=\"lazy\" decoding=\"async\" width=\"150\" height=\"150\" src=\"https:\/\/www.arquimaster.com.ar\/web\/wp-content\/uploads\/2025\/01\/vivienda_finca_roja_31-150x150.jpg\" class=\"attachment-thumbnail size-thumbnail\" alt=\"Vivienda en el edificio de la Finca Roja \/ SRstudio Arquitectura y Construcci\u00f3n\" aria-describedby=\"gallery-1-83381\" \/><\/a>\n\t\t\t<\/div>\n\t\t\t\t<figcaption class='wp-caption-text gallery-caption' id='gallery-1-83381'>\n\t\t\t\tVivienda en el edificio de la Finca Roja \/ SRstudio Arquitectura y Construcci\u00f3n (vistas)\n\t\t\t\t<\/figcaption><\/figure>\n\t\t<\/div>\n\n<p>Este edificio fue proyectado por D. Enrique Viedma Vidal y construido entre 1930 y 1934, con el prop\u00f3sito de mejorar las condiciones de vivienda de los obreros, a ra\u00edz de la promulgaci\u00f3n en 1925 de la ley de casas econ\u00f3micas que promov\u00eda la implementaci\u00f3n de las nuevas ideas de higiene, modernidad y confort de la vivienda (ascensores, estancias ventiladas, ba\u00f1os completos, cocinas econ\u00f3micas, persianas americanas, etc), haciendo a la vez un uso expresivo de materiales aut\u00f3ctonos como la cer\u00e1mica vidriada y el ladrillo rojo, tambi\u00e9n propia de \u00c1msterdam, ciudad en cuya arquitectura est\u00e1 claramente inspirada.<\/p>\n<p>En su momento supuso una soluci\u00f3n novedosa en la ciudad ya que era estructuralmente avanzado, funcionalmente racional y formalmente internacional, mezclado el estilo expresionista holand\u00e9s con el Art d\u00e9co, el casticismo valenciano y el modernismo valenciano con ligera influencia de Gaud\u00ed. Hoy en d\u00eda contin\u00faa siendo una construcci\u00f3n ic\u00f3nica de la capital de la Comunidad Valenciana.<\/p>\n<p>En esta ocasi\u00f3n, la principal pretensi\u00f3n de la reforma de la vivienda era preservar el valor hist\u00f3rico-cultural, procurando conservar y resaltar los elementos singulares tales como la chimenea ubicada en el sal\u00f3n, los pavimentos hidr\u00e1ulicos que recorren toda la vivienda y la estructura; generando a su vez una propuesta distributiva que consiguiera maximizar y dinamizar los espacios.<\/p>\n<p>El proyecto se viste dejando que los materiales modernos como la madera en negro jueguen un rol neutral, mientras que los elementos hist\u00f3ricos permanecen como protagonistas de la narrativa espacial, bien los azulejos que atav\u00edan la chimenea, los techos, o las \u00abheridas\u00bb que han dejado las distribuciones previas y que permiten leer en el suelo la multitud de estancias que originariamente formaban la vivienda.<\/p>\n<p>Se trata de un aut\u00e9ntico collage de hidr\u00e1ulicos valencianos que hacen del pavimento una composici\u00f3n extraordinaria en s\u00ed misma. La restauraci\u00f3n del pavimento hidr\u00e1ulico implicaba un proceso minucioso para evitar da\u00f1ar las piezas y al mismo tiempo conservar su belleza y autenticidad \u00abPara lograr esto, tuvimos que trabajar con un equipo especializado en restauraci\u00f3n de materiales hist\u00f3ricos. Se llev\u00f3 a cabo una limpieza profunda y cuidadosa, adem\u00e1s de una consolidaci\u00f3n de las piezas que estaban m\u00e1s deterioradas.\u00bb<\/p>\n<p>A nivel estructural al optar por dejar la estructura expuesta destacamos su textura y materialidad, que aportan un aire industrial a la vivienda. Esto permiti\u00f3 crear un di\u00e1logo entre lo estructural y lo decorativo.<\/p>\n<p>La clave de esta actuaci\u00f3n reside en la potenciaci\u00f3n de dichos elementos jugando con su posici\u00f3n en el espacio y la luz directa o indirecta que va iluminando las estancias y elementos. Siempre dentro de las premisas de calidad y est\u00e9tica de SRstudio, donde priman la calidez de los espacios y la minuciosidad en los acabados.<\/p>\n<p>Para de ese modo crear un espacio \u00fanico y atemporal que no solo fuese est\u00e9ticamente agradable si no que pusiera en valor el car\u00e1cter de la vivienda a trav\u00e9s de un dise\u00f1o claro, a la vez que funcional y expresivo.<\/p>\n\n\n<div style=\"height:20px\" aria-hidden=\"true\" class=\"wp-block-spacer\"><\/div>\n\n\n\n<p class=\"has-background\" style=\"background-color:#eaeaea\"><strong>Ficha t\u00e9cnica<\/strong><br>Nombre: Vivienda en el edificio de la Finca Roja<br>Ubicaci\u00f3n: Calle Albacete 46, Valencia, Espa\u00f1a<br>Oficina de arquitectura: SRstudio Arquitectura y Construcci\u00f3n<br>Arquitectos a cargo: Irene Sol\u00e9 Andreu y Gemma Ru\u00edz Beltr\u00e1n<br>Programa: Vivienda<br>Superficie construida: 93 m2<br>A\u00f1o finalizaci\u00f3n construcci\u00f3n: 2023<br>Fotograf\u00eda: David Zarzoso<br>Sitio web: https:\/\/www.srstudio.es<br>Instagram: @srstudio.vlc<\/p>\n\n\n\n<div style=\"height:40px\" aria-hidden=\"true\" class=\"wp-block-spacer\"><\/div>\n\n<div style=\"font-size: 0px; height: 0px; line-height: 0px; margin: 0; padding: 0; clear: both;\"><\/div><div style=\"margin-top: 0px; margin-bottom: 0px;\" class=\"sharethis-inline-share-buttons\" ><\/div>","protected":false},"excerpt":{"rendered":"<p>Ubicada en un conjunto de viviendas emblem\u00e1tico que toma el lenguaje del expresionismo holand\u00e9s&#8230;<\/p>\n","protected":false},"author":1,"featured_media":83350,"comment_status":"closed","ping_status":"closed","sticky":false,"template":"","format":"standard","meta":{"_uag_custom_page_level_css":"","footnotes":""},"categories":[79,1],"tags":[5581,249,104,8154,8153,6485,1043,8152,8151,260],"class_list":["post-83349","post","type-post","status-publish","format-standard","has-post-thumbnail","hentry","category-departamentos","category-proyecto","tag-apartamento","tag-departamento","tag-espana","tag-gemma-ruiz-beltran","tag-irene-sole-andreu","tag-reforma-de-apartamento","tag-reforma-de-vivienda","tag-srstudio","tag-srstudio-arquitectura-y-construccion","tag-valencia","generate-columns","tablet-grid-50","mobile-grid-100","grid-parent","grid-50"],"yoast_head":"<!-- This site is optimized with the Yoast SEO plugin v27.3 - https:\/\/yoast.com\/product\/yoast-seo-wordpress\/ -->\n<title>Vivienda en el edificio de la Finca Roja \/ SRstudio Arquitectura y Construcci\u00f3n - Arquimaster<\/title>\n<meta name=\"description\" content=\"El inmueble forma parte de un conjunto emblem\u00e1tico de viviendas con identidad de colmena que toma el lenguaje del expresionismo holand\u00e9s y lo sit\u00faa en la zona del segundo ensanche valenciano.\" \/>\n<meta name=\"robots\" content=\"index, follow, max-snippet:-1, max-image-preview:large, max-video-preview:-1\" \/>\n<link rel=\"canonical\" href=\"https:\/\/www.arquimaster.com.ar\/web\/vivienda-en-el-edificio-de-la-finca-roja-srstudio-arquitectura-y-construccion\/\" \/>\n<meta property=\"og:locale\" content=\"es_ES\" \/>\n<meta property=\"og:type\" content=\"article\" \/>\n<meta property=\"og:title\" content=\"Vivienda en el edificio de la Finca Roja \/ SRstudio Arquitectura y Construcci\u00f3n\" \/>\n<meta property=\"og:description\" content=\"El inmueble forma parte de un conjunto emblem\u00e1tico de viviendas con identidad de colmena que toma el lenguaje del expresionismo holand\u00e9s y lo sit\u00faa en la zona del segundo ensanche valenciano.\" \/>\n<meta property=\"og:url\" content=\"https:\/\/www.arquimaster.com.ar\/web\/vivienda-en-el-edificio-de-la-finca-roja-srstudio-arquitectura-y-construccion\/\" \/>\n<meta property=\"og:site_name\" content=\"Arquimaster\" \/>\n<meta property=\"article:publisher\" content=\"http:\/\/www.facebook.com\/ARQUIMASTER.com.ar\" \/>\n<meta property=\"article:published_time\" content=\"2025-01-15T17:34:27+00:00\" \/>\n<meta property=\"article:modified_time\" content=\"2025-07-23T22:23:36+00:00\" \/>\n<meta property=\"og:image\" content=\"https:\/\/www.arquimaster.com.ar\/web\/wp-content\/uploads\/2025\/01\/vivienda_finca_roja_slide.jpg\" \/>\n\t<meta property=\"og:image:width\" content=\"698\" \/>\n\t<meta property=\"og:image:height\" content=\"364\" \/>\n\t<meta property=\"og:image:type\" content=\"image\/jpeg\" \/>\n<meta name=\"author\" content=\"Arquimaster\" \/>\n<meta name=\"twitter:card\" content=\"summary_large_image\" \/>\n<meta name=\"twitter:title\" content=\"Vivienda en el edificio de la Finca Roja \/ SRstudio Arquitectura y Construcci\u00f3n\" \/>\n<meta name=\"twitter:description\" content=\"El inmueble forma parte de un conjunto emblem\u00e1tico de viviendas con identidad de colmena que toma el lenguaje del expresionismo holand\u00e9s y lo sit\u00faa en la zona del segundo ensanche valenciano.\" \/>\n<meta name=\"twitter:image\" content=\"https:\/\/www.arquimaster.com.ar\/web\/wp-content\/uploads\/2025\/01\/vivienda_finca_roja_slide.jpg\" \/>\n<meta name=\"twitter:creator\" content=\"@arquimaster\" \/>\n<meta name=\"twitter:site\" content=\"@arquimaster\" \/>\n<meta name=\"twitter:label1\" content=\"Escrito por\" \/>\n\t<meta name=\"twitter:data1\" content=\"Arquimaster\" \/>\n\t<meta name=\"twitter:label2\" content=\"Tiempo de lectura\" \/>\n\t<meta name=\"twitter:data2\" content=\"3 minutos\" \/>\n<script type=\"application\/ld+json\" class=\"yoast-schema-graph\">{\"@context\":\"https:\\\/\\\/schema.org\",\"@graph\":[{\"@type\":\"Article\",\"@id\":\"https:\\\/\\\/www.arquimaster.com.ar\\\/web\\\/vivienda-en-el-edificio-de-la-finca-roja-srstudio-arquitectura-y-construccion\\\/#article\",\"isPartOf\":{\"@id\":\"https:\\\/\\\/www.arquimaster.com.ar\\\/web\\\/vivienda-en-el-edificio-de-la-finca-roja-srstudio-arquitectura-y-construccion\\\/\"},\"author\":{\"name\":\"Arquimaster\",\"@id\":\"https:\\\/\\\/www.arquimaster.com.ar\\\/web\\\/#\\\/schema\\\/person\\\/359e9f7c00193fcde068e0dd2ceb0028\"},\"headline\":\"Vivienda en el edificio de la Finca Roja \\\/ SRstudio Arquitectura y Construcci\u00f3n\",\"datePublished\":\"2025-01-15T17:34:27+00:00\",\"dateModified\":\"2025-07-23T22:23:36+00:00\",\"mainEntityOfPage\":{\"@id\":\"https:\\\/\\\/www.arquimaster.com.ar\\\/web\\\/vivienda-en-el-edificio-de-la-finca-roja-srstudio-arquitectura-y-construccion\\\/\"},\"wordCount\":654,\"publisher\":{\"@id\":\"https:\\\/\\\/www.arquimaster.com.ar\\\/web\\\/#organization\"},\"image\":{\"@id\":\"https:\\\/\\\/www.arquimaster.com.ar\\\/web\\\/vivienda-en-el-edificio-de-la-finca-roja-srstudio-arquitectura-y-construccion\\\/#primaryimage\"},\"thumbnailUrl\":\"https:\\\/\\\/www.arquimaster.com.ar\\\/web\\\/wp-content\\\/uploads\\\/2025\\\/01\\\/vivienda_finca_roja_slide.jpg\",\"keywords\":[\"apartamento\",\"departamento\",\"Espa\u00f1a\",\"Gemma Ru\u00edz Beltr\u00e1n\",\"Irene Sol\u00e9 Andreu\",\"reforma de apartamento\",\"reforma de vivienda\",\"SRstudio\",\"SRstudio Arquitectura y Construcci\u00f3n\",\"Valencia\"],\"articleSection\":[\"Departamentos y Lofts\",\"Proyecto\"],\"inLanguage\":\"es\"},{\"@type\":\"WebPage\",\"@id\":\"https:\\\/\\\/www.arquimaster.com.ar\\\/web\\\/vivienda-en-el-edificio-de-la-finca-roja-srstudio-arquitectura-y-construccion\\\/\",\"url\":\"https:\\\/\\\/www.arquimaster.com.ar\\\/web\\\/vivienda-en-el-edificio-de-la-finca-roja-srstudio-arquitectura-y-construccion\\\/\",\"name\":\"Vivienda en el edificio de la Finca Roja \\\/ SRstudio Arquitectura y Construcci\u00f3n - Arquimaster\",\"isPartOf\":{\"@id\":\"https:\\\/\\\/www.arquimaster.com.ar\\\/web\\\/#website\"},\"primaryImageOfPage\":{\"@id\":\"https:\\\/\\\/www.arquimaster.com.ar\\\/web\\\/vivienda-en-el-edificio-de-la-finca-roja-srstudio-arquitectura-y-construccion\\\/#primaryimage\"},\"image\":{\"@id\":\"https:\\\/\\\/www.arquimaster.com.ar\\\/web\\\/vivienda-en-el-edificio-de-la-finca-roja-srstudio-arquitectura-y-construccion\\\/#primaryimage\"},\"thumbnailUrl\":\"https:\\\/\\\/www.arquimaster.com.ar\\\/web\\\/wp-content\\\/uploads\\\/2025\\\/01\\\/vivienda_finca_roja_slide.jpg\",\"datePublished\":\"2025-01-15T17:34:27+00:00\",\"dateModified\":\"2025-07-23T22:23:36+00:00\",\"description\":\"El inmueble forma parte de un conjunto emblem\u00e1tico de viviendas con identidad de colmena que toma el lenguaje del expresionismo holand\u00e9s y lo sit\u00faa en la zona del segundo ensanche valenciano.\",\"breadcrumb\":{\"@id\":\"https:\\\/\\\/www.arquimaster.com.ar\\\/web\\\/vivienda-en-el-edificio-de-la-finca-roja-srstudio-arquitectura-y-construccion\\\/#breadcrumb\"},\"inLanguage\":\"es\",\"potentialAction\":[{\"@type\":\"ReadAction\",\"target\":[\"https:\\\/\\\/www.arquimaster.com.ar\\\/web\\\/vivienda-en-el-edificio-de-la-finca-roja-srstudio-arquitectura-y-construccion\\\/\"]}]},{\"@type\":\"ImageObject\",\"inLanguage\":\"es\",\"@id\":\"https:\\\/\\\/www.arquimaster.com.ar\\\/web\\\/vivienda-en-el-edificio-de-la-finca-roja-srstudio-arquitectura-y-construccion\\\/#primaryimage\",\"url\":\"https:\\\/\\\/www.arquimaster.com.ar\\\/web\\\/wp-content\\\/uploads\\\/2025\\\/01\\\/vivienda_finca_roja_slide.jpg\",\"contentUrl\":\"https:\\\/\\\/www.arquimaster.com.ar\\\/web\\\/wp-content\\\/uploads\\\/2025\\\/01\\\/vivienda_finca_roja_slide.jpg\",\"width\":698,\"height\":364,\"caption\":\"Vivienda en el edificio de la Finca Roja \\\/ SRstudio Arquitectura y Construcci\u00f3n\"},{\"@type\":\"BreadcrumbList\",\"@id\":\"https:\\\/\\\/www.arquimaster.com.ar\\\/web\\\/vivienda-en-el-edificio-de-la-finca-roja-srstudio-arquitectura-y-construccion\\\/#breadcrumb\",\"itemListElement\":[{\"@type\":\"ListItem\",\"position\":1,\"name\":\"Portada\",\"item\":\"https:\\\/\\\/www.arquimaster.com.ar\\\/web\\\/\"},{\"@type\":\"ListItem\",\"position\":2,\"name\":\"Vivienda en el edificio de la Finca Roja \\\/ SRstudio Arquitectura y Construcci\u00f3n\"}]},{\"@type\":\"WebSite\",\"@id\":\"https:\\\/\\\/www.arquimaster.com.ar\\\/web\\\/#website\",\"url\":\"https:\\\/\\\/www.arquimaster.com.ar\\\/web\\\/\",\"name\":\"Arquimaster\",\"description\":\"Web de arquitectura, dise\u00f1o y construccion\",\"publisher\":{\"@id\":\"https:\\\/\\\/www.arquimaster.com.ar\\\/web\\\/#organization\"},\"potentialAction\":[{\"@type\":\"SearchAction\",\"target\":{\"@type\":\"EntryPoint\",\"urlTemplate\":\"https:\\\/\\\/www.arquimaster.com.ar\\\/web\\\/?s={search_term_string}\"},\"query-input\":{\"@type\":\"PropertyValueSpecification\",\"valueRequired\":true,\"valueName\":\"search_term_string\"}}],\"inLanguage\":\"es\"},{\"@type\":\"Organization\",\"@id\":\"https:\\\/\\\/www.arquimaster.com.ar\\\/web\\\/#organization\",\"name\":\"Arquimaster\",\"url\":\"https:\\\/\\\/www.arquimaster.com.ar\\\/web\\\/\",\"logo\":{\"@type\":\"ImageObject\",\"inLanguage\":\"es\",\"@id\":\"https:\\\/\\\/www.arquimaster.com.ar\\\/web\\\/#\\\/schema\\\/logo\\\/image\\\/\",\"url\":\"https:\\\/\\\/www.arquimaster.com.ar\\\/web\\\/wp-content\\\/uploads\\\/2022\\\/06\\\/arquimaster.png\",\"contentUrl\":\"https:\\\/\\\/www.arquimaster.com.ar\\\/web\\\/wp-content\\\/uploads\\\/2022\\\/06\\\/arquimaster.png\",\"width\":594,\"height\":78,\"caption\":\"Arquimaster\"},\"image\":{\"@id\":\"https:\\\/\\\/www.arquimaster.com.ar\\\/web\\\/#\\\/schema\\\/logo\\\/image\\\/\"},\"sameAs\":[\"http:\\\/\\\/www.facebook.com\\\/ARQUIMASTER.com.ar\",\"https:\\\/\\\/x.com\\\/arquimaster\",\"https:\\\/\\\/www.instagram.com\\\/arquimasterblog\\\/\",\"https:\\\/\\\/www.linkedin.com\\\/company\\\/arquimaster\",\"https:\\\/\\\/www.pinterest.com\\\/arquimaster\",\"https:\\\/\\\/t.me\\\/arquimaster\"]},{\"@type\":\"Person\",\"@id\":\"https:\\\/\\\/www.arquimaster.com.ar\\\/web\\\/#\\\/schema\\\/person\\\/359e9f7c00193fcde068e0dd2ceb0028\",\"name\":\"Arquimaster\"}]}<\/script>\n<!-- \/ Yoast SEO plugin. -->","yoast_head_json":{"title":"Vivienda en el edificio de la Finca Roja \/ SRstudio Arquitectura y Construcci\u00f3n - Arquimaster","description":"El inmueble forma parte de un conjunto emblem\u00e1tico de viviendas con identidad de colmena que toma el lenguaje del expresionismo holand\u00e9s y lo sit\u00faa en la zona del segundo ensanche valenciano.","robots":{"index":"index","follow":"follow","max-snippet":"max-snippet:-1","max-image-preview":"max-image-preview:large","max-video-preview":"max-video-preview:-1"},"canonical":"https:\/\/www.arquimaster.com.ar\/web\/vivienda-en-el-edificio-de-la-finca-roja-srstudio-arquitectura-y-construccion\/","og_locale":"es_ES","og_type":"article","og_title":"Vivienda en el edificio de la Finca Roja \/ SRstudio Arquitectura y Construcci\u00f3n","og_description":"El inmueble forma parte de un conjunto emblem\u00e1tico de viviendas con identidad de colmena que toma el lenguaje del expresionismo holand\u00e9s y lo sit\u00faa en la zona del segundo ensanche valenciano.","og_url":"https:\/\/www.arquimaster.com.ar\/web\/vivienda-en-el-edificio-de-la-finca-roja-srstudio-arquitectura-y-construccion\/","og_site_name":"Arquimaster","article_publisher":"http:\/\/www.facebook.com\/ARQUIMASTER.com.ar","article_published_time":"2025-01-15T17:34:27+00:00","article_modified_time":"2025-07-23T22:23:36+00:00","og_image":[{"width":698,"height":364,"url":"https:\/\/www.arquimaster.com.ar\/web\/wp-content\/uploads\/2025\/01\/vivienda_finca_roja_slide.jpg","type":"image\/jpeg"}],"author":"Arquimaster","twitter_card":"summary_large_image","twitter_title":"Vivienda en el edificio de la Finca Roja \/ SRstudio Arquitectura y Construcci\u00f3n","twitter_description":"El inmueble forma parte de un conjunto emblem\u00e1tico de viviendas con identidad de colmena que toma el lenguaje del expresionismo holand\u00e9s y lo sit\u00faa en la zona del segundo ensanche valenciano.","twitter_image":"https:\/\/www.arquimaster.com.ar\/web\/wp-content\/uploads\/2025\/01\/vivienda_finca_roja_slide.jpg","twitter_creator":"@arquimaster","twitter_site":"@arquimaster","twitter_misc":{"Escrito por":"Arquimaster","Tiempo de lectura":"3 minutos"},"schema":{"@context":"https:\/\/schema.org","@graph":[{"@type":"Article","@id":"https:\/\/www.arquimaster.com.ar\/web\/vivienda-en-el-edificio-de-la-finca-roja-srstudio-arquitectura-y-construccion\/#article","isPartOf":{"@id":"https:\/\/www.arquimaster.com.ar\/web\/vivienda-en-el-edificio-de-la-finca-roja-srstudio-arquitectura-y-construccion\/"},"author":{"name":"Arquimaster","@id":"https:\/\/www.arquimaster.com.ar\/web\/#\/schema\/person\/359e9f7c00193fcde068e0dd2ceb0028"},"headline":"Vivienda en el edificio de la Finca Roja \/ SRstudio Arquitectura y Construcci\u00f3n","datePublished":"2025-01-15T17:34:27+00:00","dateModified":"2025-07-23T22:23:36+00:00","mainEntityOfPage":{"@id":"https:\/\/www.arquimaster.com.ar\/web\/vivienda-en-el-edificio-de-la-finca-roja-srstudio-arquitectura-y-construccion\/"},"wordCount":654,"publisher":{"@id":"https:\/\/www.arquimaster.com.ar\/web\/#organization"},"image":{"@id":"https:\/\/www.arquimaster.com.ar\/web\/vivienda-en-el-edificio-de-la-finca-roja-srstudio-arquitectura-y-construccion\/#primaryimage"},"thumbnailUrl":"https:\/\/www.arquimaster.com.ar\/web\/wp-content\/uploads\/2025\/01\/vivienda_finca_roja_slide.jpg","keywords":["apartamento","departamento","Espa\u00f1a","Gemma Ru\u00edz Beltr\u00e1n","Irene Sol\u00e9 Andreu","reforma de apartamento","reforma de vivienda","SRstudio","SRstudio Arquitectura y Construcci\u00f3n","Valencia"],"articleSection":["Departamentos y Lofts","Proyecto"],"inLanguage":"es"},{"@type":"WebPage","@id":"https:\/\/www.arquimaster.com.ar\/web\/vivienda-en-el-edificio-de-la-finca-roja-srstudio-arquitectura-y-construccion\/","url":"https:\/\/www.arquimaster.com.ar\/web\/vivienda-en-el-edificio-de-la-finca-roja-srstudio-arquitectura-y-construccion\/","name":"Vivienda en el edificio de la Finca Roja \/ SRstudio Arquitectura y Construcci\u00f3n - Arquimaster","isPartOf":{"@id":"https:\/\/www.arquimaster.com.ar\/web\/#website"},"primaryImageOfPage":{"@id":"https:\/\/www.arquimaster.com.ar\/web\/vivienda-en-el-edificio-de-la-finca-roja-srstudio-arquitectura-y-construccion\/#primaryimage"},"image":{"@id":"https:\/\/www.arquimaster.com.ar\/web\/vivienda-en-el-edificio-de-la-finca-roja-srstudio-arquitectura-y-construccion\/#primaryimage"},"thumbnailUrl":"https:\/\/www.arquimaster.com.ar\/web\/wp-content\/uploads\/2025\/01\/vivienda_finca_roja_slide.jpg","datePublished":"2025-01-15T17:34:27+00:00","dateModified":"2025-07-23T22:23:36+00:00","description":"El inmueble forma parte de un conjunto emblem\u00e1tico de viviendas con identidad de colmena que toma el lenguaje del expresionismo holand\u00e9s y lo sit\u00faa en la zona del segundo ensanche valenciano.","breadcrumb":{"@id":"https:\/\/www.arquimaster.com.ar\/web\/vivienda-en-el-edificio-de-la-finca-roja-srstudio-arquitectura-y-construccion\/#breadcrumb"},"inLanguage":"es","potentialAction":[{"@type":"ReadAction","target":["https:\/\/www.arquimaster.com.ar\/web\/vivienda-en-el-edificio-de-la-finca-roja-srstudio-arquitectura-y-construccion\/"]}]},{"@type":"ImageObject","inLanguage":"es","@id":"https:\/\/www.arquimaster.com.ar\/web\/vivienda-en-el-edificio-de-la-finca-roja-srstudio-arquitectura-y-construccion\/#primaryimage","url":"https:\/\/www.arquimaster.com.ar\/web\/wp-content\/uploads\/2025\/01\/vivienda_finca_roja_slide.jpg","contentUrl":"https:\/\/www.arquimaster.com.ar\/web\/wp-content\/uploads\/2025\/01\/vivienda_finca_roja_slide.jpg","width":698,"height":364,"caption":"Vivienda en el edificio de la Finca Roja \/ SRstudio Arquitectura y Construcci\u00f3n"},{"@type":"BreadcrumbList","@id":"https:\/\/www.arquimaster.com.ar\/web\/vivienda-en-el-edificio-de-la-finca-roja-srstudio-arquitectura-y-construccion\/#breadcrumb","itemListElement":[{"@type":"ListItem","position":1,"name":"Portada","item":"https:\/\/www.arquimaster.com.ar\/web\/"},{"@type":"ListItem","position":2,"name":"Vivienda en el edificio de la Finca Roja \/ SRstudio Arquitectura y Construcci\u00f3n"}]},{"@type":"WebSite","@id":"https:\/\/www.arquimaster.com.ar\/web\/#website","url":"https:\/\/www.arquimaster.com.ar\/web\/","name":"Arquimaster","description":"Web de arquitectura, dise\u00f1o y construccion","publisher":{"@id":"https:\/\/www.arquimaster.com.ar\/web\/#organization"},"potentialAction":[{"@type":"SearchAction","target":{"@type":"EntryPoint","urlTemplate":"https:\/\/www.arquimaster.com.ar\/web\/?s={search_term_string}"},"query-input":{"@type":"PropertyValueSpecification","valueRequired":true,"valueName":"search_term_string"}}],"inLanguage":"es"},{"@type":"Organization","@id":"https:\/\/www.arquimaster.com.ar\/web\/#organization","name":"Arquimaster","url":"https:\/\/www.arquimaster.com.ar\/web\/","logo":{"@type":"ImageObject","inLanguage":"es","@id":"https:\/\/www.arquimaster.com.ar\/web\/#\/schema\/logo\/image\/","url":"https:\/\/www.arquimaster.com.ar\/web\/wp-content\/uploads\/2022\/06\/arquimaster.png","contentUrl":"https:\/\/www.arquimaster.com.ar\/web\/wp-content\/uploads\/2022\/06\/arquimaster.png","width":594,"height":78,"caption":"Arquimaster"},"image":{"@id":"https:\/\/www.arquimaster.com.ar\/web\/#\/schema\/logo\/image\/"},"sameAs":["http:\/\/www.facebook.com\/ARQUIMASTER.com.ar","https:\/\/x.com\/arquimaster","https:\/\/www.instagram.com\/arquimasterblog\/","https:\/\/www.linkedin.com\/company\/arquimaster","https:\/\/www.pinterest.com\/arquimaster","https:\/\/t.me\/arquimaster"]},{"@type":"Person","@id":"https:\/\/www.arquimaster.com.ar\/web\/#\/schema\/person\/359e9f7c00193fcde068e0dd2ceb0028","name":"Arquimaster"}]}},"uagb_featured_image_src":{"full":["https:\/\/www.arquimaster.com.ar\/web\/wp-content\/uploads\/2025\/01\/vivienda_finca_roja_slide.jpg",698,364,false],"thumbnail":["https:\/\/www.arquimaster.com.ar\/web\/wp-content\/uploads\/2025\/01\/vivienda_finca_roja_slide-150x150.jpg",150,150,true],"medium":["https:\/\/www.arquimaster.com.ar\/web\/wp-content\/uploads\/2025\/01\/vivienda_finca_roja_slide.jpg",698,364,false],"medium_large":["https:\/\/www.arquimaster.com.ar\/web\/wp-content\/uploads\/2025\/01\/vivienda_finca_roja_slide.jpg",698,364,false],"large":["https:\/\/www.arquimaster.com.ar\/web\/wp-content\/uploads\/2025\/01\/vivienda_finca_roja_slide.jpg",698,364,false],"1536x1536":["https:\/\/www.arquimaster.com.ar\/web\/wp-content\/uploads\/2025\/01\/vivienda_finca_roja_slide.jpg",698,364,false],"2048x2048":["https:\/\/www.arquimaster.com.ar\/web\/wp-content\/uploads\/2025\/01\/vivienda_finca_roja_slide.jpg",698,364,false]},"uagb_author_info":{"display_name":"Arquimaster","author_link":"https:\/\/www.arquimaster.com.ar\/web\/author\/arquimaster\/"},"uagb_comment_info":0,"uagb_excerpt":"Ubicada en un conjunto de viviendas emblem\u00e1tico que toma el lenguaje del expresionismo holand\u00e9s...","_links":{"self":[{"href":"https:\/\/www.arquimaster.com.ar\/web\/wp-json\/wp\/v2\/posts\/83349","targetHints":{"allow":["GET"]}}],"collection":[{"href":"https:\/\/www.arquimaster.com.ar\/web\/wp-json\/wp\/v2\/posts"}],"about":[{"href":"https:\/\/www.arquimaster.com.ar\/web\/wp-json\/wp\/v2\/types\/post"}],"author":[{"embeddable":true,"href":"https:\/\/www.arquimaster.com.ar\/web\/wp-json\/wp\/v2\/users\/1"}],"replies":[{"embeddable":true,"href":"https:\/\/www.arquimaster.com.ar\/web\/wp-json\/wp\/v2\/comments?post=83349"}],"version-history":[{"count":4,"href":"https:\/\/www.arquimaster.com.ar\/web\/wp-json\/wp\/v2\/posts\/83349\/revisions"}],"predecessor-version":[{"id":85046,"href":"https:\/\/www.arquimaster.com.ar\/web\/wp-json\/wp\/v2\/posts\/83349\/revisions\/85046"}],"wp:featuredmedia":[{"embeddable":true,"href":"https:\/\/www.arquimaster.com.ar\/web\/wp-json\/wp\/v2\/media\/83350"}],"wp:attachment":[{"href":"https:\/\/www.arquimaster.com.ar\/web\/wp-json\/wp\/v2\/media?parent=83349"}],"wp:term":[{"taxonomy":"category","embeddable":true,"href":"https:\/\/www.arquimaster.com.ar\/web\/wp-json\/wp\/v2\/categories?post=83349"},{"taxonomy":"post_tag","embeddable":true,"href":"https:\/\/www.arquimaster.com.ar\/web\/wp-json\/wp\/v2\/tags?post=83349"}],"curies":[{"name":"wp","href":"https:\/\/api.w.org\/{rel}","templated":true}]}}