{"id":83384,"date":"2025-01-15T14:36:08","date_gmt":"2025-01-15T17:36:08","guid":{"rendered":"https:\/\/www.arquimaster.com.ar\/web\/?p=83384"},"modified":"2025-07-23T19:23:16","modified_gmt":"2025-07-23T22:23:16","slug":"centro-cultural-quinta-montes-molina-materia-gustavo-carmona","status":"publish","type":"post","link":"https:\/\/www.arquimaster.com.ar\/web\/centro-cultural-quinta-montes-molina-materia-gustavo-carmona\/","title":{"rendered":"Centro Cultural Quinta Montes Molina \/ Materia + Gustavo Carmona"},"content":{"rendered":"<div style=\"margin-top: 0px; margin-bottom: 0px;\" class=\"sharethis-inline-share-buttons\" ><\/div><div class=\"b812932af2e751442846f039925109de\" data-index=\"1\" style=\"float: none; margin:25px 0 25px 0; text-align:center;\">\n<script async src=\"https:\/\/pagead2.googlesyndication.com\/pagead\/js\/adsbygoogle.js\"><\/script>\r\n<!-- Arquimaster (superior) -->\r\n<ins class=\"adsbygoogle\"\r\n     style=\"display:block\"\r\n     data-ad-client=\"ca-pub-6351072698456832\"\r\n     data-ad-slot=\"6455489680\"\r\n     data-ad-format=\"auto\"\r\n     data-full-width-responsive=\"true\"><\/ins>\r\n<script>\r\n     (adsbygoogle = window.adsbygoogle || []).push({});\r\n<\/script>\n<\/div>\n<p><strong>Centro Cultural Quinta Montes Molina<\/strong> (M\u00e9rida, Yucat\u00e1n, M\u00e9xico) por <strong>Materia + Gustavo Carmona<\/strong>. Este proyecto forma parte del predio y propiedad original de la \u00abQuinta Montes Molina\u00bb ubicada en M\u00e9rida, Yucat\u00e1n. La casa fue construida en 1906 y se convirti\u00f3 en un \u00edcono arquitect\u00f3nico y emblema del Paseo Montejo, la avenida m\u00e1s notoria de la ciudad en la que se construyeron la mayor\u00eda de las casas de principios de siglo durante el auge del sisal.<\/p>\n<div id='gallery-1' class='gallery galleryid-83384 gallery-columns-3 gallery-size-thumbnail'><figure class='gallery-item'>\n\t\t\t<div class='gallery-icon landscape'>\n\t\t\t\t<a href='https:\/\/www.arquimaster.com.ar\/web\/wp-content\/uploads\/2025\/01\/centro_cultural_qmm_1.jpg' title=\"Centro Cultural Quinta Montes Molina \/ Materia + Gustavo Carmona (\u00a9 Jaime\u00a0Navarro)\" data-rl_title=\"Centro Cultural Quinta Montes Molina \/ Materia + Gustavo Carmona (\u00a9 Jaime\u00a0Navarro)\" class=\"rl-gallery-link\" data-rl_caption=\"Centro Cultural Quinta Montes Molina \/ Materia + Gustavo Carmona (\u00a9 Jaime\u00a0Navarro)\" data-rel=\"lightbox-gallery-1\"><img loading=\"lazy\" decoding=\"async\" width=\"150\" height=\"150\" src=\"https:\/\/www.arquimaster.com.ar\/web\/wp-content\/uploads\/2025\/01\/centro_cultural_qmm_1-150x150.jpg\" class=\"attachment-thumbnail size-thumbnail\" alt=\"Centro Cultural Quinta Montes Molina \/ Materia + Gustavo Carmona\" aria-describedby=\"gallery-1-83386\" \/><\/a>\n\t\t\t<\/div>\n\t\t\t\t<figcaption class='wp-caption-text gallery-caption' id='gallery-1-83386'>\n\t\t\t\tCentro Cultural Quinta Montes Molina \/ Materia + Gustavo Carmona (\u00a9 Jaime\u00a0Navarro)\n\t\t\t\t<\/figcaption><\/figure><figure class='gallery-item'>\n\t\t\t<div class='gallery-icon landscape'>\n\t\t\t\t<a href='https:\/\/www.arquimaster.com.ar\/web\/wp-content\/uploads\/2025\/01\/centro_cultural_qmm_2.jpg' title=\"Centro Cultural Quinta Montes Molina \/ Materia + Gustavo Carmona (\u00a9 Jaime\u00a0Navarro)\" data-rl_title=\"Centro Cultural Quinta Montes Molina \/ Materia + Gustavo Carmona (\u00a9 Jaime\u00a0Navarro)\" class=\"rl-gallery-link\" data-rl_caption=\"Centro Cultural Quinta Montes Molina \/ Materia + Gustavo Carmona (\u00a9 Jaime\u00a0Navarro)\" data-rel=\"lightbox-gallery-1\"><img loading=\"lazy\" decoding=\"async\" width=\"150\" height=\"150\" src=\"https:\/\/www.arquimaster.com.ar\/web\/wp-content\/uploads\/2025\/01\/centro_cultural_qmm_2-150x150.jpg\" class=\"attachment-thumbnail size-thumbnail\" alt=\"Centro Cultural Quinta Montes Molina \/ Materia + Gustavo Carmona\" aria-describedby=\"gallery-1-83387\" \/><\/a>\n\t\t\t<\/div>\n\t\t\t\t<figcaption class='wp-caption-text gallery-caption' id='gallery-1-83387'>\n\t\t\t\tCentro Cultural Quinta Montes Molina \/ Materia + Gustavo Carmona (\u00a9 Jaime\u00a0Navarro)\n\t\t\t\t<\/figcaption><\/figure><figure class='gallery-item'>\n\t\t\t<div class='gallery-icon landscape'>\n\t\t\t\t<a href='https:\/\/www.arquimaster.com.ar\/web\/wp-content\/uploads\/2025\/01\/centro_cultural_qmm_3.jpg' title=\"Centro Cultural Quinta Montes Molina \/ Materia + Gustavo Carmona (\u00a9 Jaime\u00a0Navarro)\" data-rl_title=\"Centro Cultural Quinta Montes Molina \/ Materia + Gustavo Carmona (\u00a9 Jaime\u00a0Navarro)\" class=\"rl-gallery-link\" data-rl_caption=\"Centro Cultural Quinta Montes Molina \/ Materia + Gustavo Carmona (\u00a9 Jaime\u00a0Navarro)\" data-rel=\"lightbox-gallery-1\"><img loading=\"lazy\" decoding=\"async\" width=\"150\" height=\"150\" src=\"https:\/\/www.arquimaster.com.ar\/web\/wp-content\/uploads\/2025\/01\/centro_cultural_qmm_3-150x150.jpg\" class=\"attachment-thumbnail size-thumbnail\" alt=\"Centro Cultural Quinta Montes Molina \/ Materia + Gustavo Carmona\" aria-describedby=\"gallery-1-83388\" \/><\/a>\n\t\t\t<\/div>\n\t\t\t\t<figcaption class='wp-caption-text gallery-caption' id='gallery-1-83388'>\n\t\t\t\tCentro Cultural Quinta Montes Molina \/ Materia + Gustavo Carmona (\u00a9 Jaime\u00a0Navarro)\n\t\t\t\t<\/figcaption><\/figure><figure class='gallery-item'>\n\t\t\t<div class='gallery-icon landscape'>\n\t\t\t\t<a href='https:\/\/www.arquimaster.com.ar\/web\/wp-content\/uploads\/2025\/01\/centro_cultural_qmm_4.jpg' title=\"Centro Cultural Quinta Montes Molina \/ Materia + Gustavo Carmona (\u00a9 Jaime\u00a0Navarro)\" data-rl_title=\"Centro Cultural Quinta Montes Molina \/ Materia + Gustavo Carmona (\u00a9 Jaime\u00a0Navarro)\" class=\"rl-gallery-link\" data-rl_caption=\"Centro Cultural Quinta Montes Molina \/ Materia + Gustavo Carmona (\u00a9 Jaime\u00a0Navarro)\" data-rel=\"lightbox-gallery-1\"><img loading=\"lazy\" decoding=\"async\" width=\"150\" height=\"150\" src=\"https:\/\/www.arquimaster.com.ar\/web\/wp-content\/uploads\/2025\/01\/centro_cultural_qmm_4-150x150.jpg\" class=\"attachment-thumbnail size-thumbnail\" alt=\"Centro Cultural Quinta Montes Molina \/ Materia + Gustavo Carmona\" aria-describedby=\"gallery-1-83389\" \/><\/a>\n\t\t\t<\/div>\n\t\t\t\t<figcaption class='wp-caption-text gallery-caption' id='gallery-1-83389'>\n\t\t\t\tCentro Cultural Quinta Montes Molina \/ Materia + Gustavo Carmona (\u00a9 Jaime\u00a0Navarro)\n\t\t\t\t<\/figcaption><\/figure><figure class='gallery-item'>\n\t\t\t<div class='gallery-icon landscape'>\n\t\t\t\t<a href='https:\/\/www.arquimaster.com.ar\/web\/wp-content\/uploads\/2025\/01\/centro_cultural_qmm_5.jpg' title=\"Centro Cultural Quinta Montes Molina \/ Materia + Gustavo Carmona (\u00a9 Jaime\u00a0Navarro)\" data-rl_title=\"Centro Cultural Quinta Montes Molina \/ Materia + Gustavo Carmona (\u00a9 Jaime\u00a0Navarro)\" class=\"rl-gallery-link\" data-rl_caption=\"Centro Cultural Quinta Montes Molina \/ Materia + Gustavo Carmona (\u00a9 Jaime\u00a0Navarro)\" data-rel=\"lightbox-gallery-1\"><img loading=\"lazy\" decoding=\"async\" width=\"150\" height=\"150\" src=\"https:\/\/www.arquimaster.com.ar\/web\/wp-content\/uploads\/2025\/01\/centro_cultural_qmm_5-150x150.jpg\" class=\"attachment-thumbnail size-thumbnail\" alt=\"Centro Cultural Quinta Montes Molina \/ Materia + Gustavo Carmona\" aria-describedby=\"gallery-1-83390\" \/><\/a>\n\t\t\t<\/div>\n\t\t\t\t<figcaption class='wp-caption-text gallery-caption' id='gallery-1-83390'>\n\t\t\t\tCentro Cultural Quinta Montes Molina \/ Materia + Gustavo Carmona (\u00a9 Jaime\u00a0Navarro)\n\t\t\t\t<\/figcaption><\/figure><figure class='gallery-item'>\n\t\t\t<div class='gallery-icon landscape'>\n\t\t\t\t<a href='https:\/\/www.arquimaster.com.ar\/web\/wp-content\/uploads\/2025\/01\/centro_cultural_qmm_6.jpg' title=\"Centro Cultural Quinta Montes Molina \/ Materia + Gustavo Carmona (\u00a9 Jaime\u00a0Navarro)\" data-rl_title=\"Centro Cultural Quinta Montes Molina \/ Materia + Gustavo Carmona (\u00a9 Jaime\u00a0Navarro)\" class=\"rl-gallery-link\" data-rl_caption=\"Centro Cultural Quinta Montes Molina \/ Materia + Gustavo Carmona (\u00a9 Jaime\u00a0Navarro)\" data-rel=\"lightbox-gallery-1\"><img loading=\"lazy\" decoding=\"async\" width=\"150\" height=\"150\" src=\"https:\/\/www.arquimaster.com.ar\/web\/wp-content\/uploads\/2025\/01\/centro_cultural_qmm_6-150x150.jpg\" class=\"attachment-thumbnail size-thumbnail\" alt=\"Centro Cultural Quinta Montes Molina \/ Materia + Gustavo Carmona\" aria-describedby=\"gallery-1-83391\" \/><\/a>\n\t\t\t<\/div>\n\t\t\t\t<figcaption class='wp-caption-text gallery-caption' id='gallery-1-83391'>\n\t\t\t\tCentro Cultural Quinta Montes Molina \/ Materia + Gustavo Carmona (\u00a9 Jaime\u00a0Navarro)\n\t\t\t\t<\/figcaption><\/figure><figure class='gallery-item'>\n\t\t\t<div class='gallery-icon landscape'>\n\t\t\t\t<a href='https:\/\/www.arquimaster.com.ar\/web\/wp-content\/uploads\/2025\/01\/centro_cultural_qmm_7.jpg' title=\"Centro Cultural Quinta Montes Molina \/ Materia + Gustavo Carmona (\u00a9 Jaime\u00a0Navarro)\" data-rl_title=\"Centro Cultural Quinta Montes Molina \/ Materia + Gustavo Carmona (\u00a9 Jaime\u00a0Navarro)\" class=\"rl-gallery-link\" data-rl_caption=\"Centro Cultural Quinta Montes Molina \/ Materia + Gustavo Carmona (\u00a9 Jaime\u00a0Navarro)\" data-rel=\"lightbox-gallery-1\"><img loading=\"lazy\" decoding=\"async\" width=\"150\" height=\"150\" src=\"https:\/\/www.arquimaster.com.ar\/web\/wp-content\/uploads\/2025\/01\/centro_cultural_qmm_7-150x150.jpg\" class=\"attachment-thumbnail size-thumbnail\" alt=\"Centro Cultural Quinta Montes Molina \/ Materia + Gustavo Carmona\" aria-describedby=\"gallery-1-83392\" \/><\/a>\n\t\t\t<\/div>\n\t\t\t\t<figcaption class='wp-caption-text gallery-caption' id='gallery-1-83392'>\n\t\t\t\tCentro Cultural Quinta Montes Molina \/ Materia + Gustavo Carmona (\u00a9 Jaime\u00a0Navarro)\n\t\t\t\t<\/figcaption><\/figure><figure class='gallery-item'>\n\t\t\t<div class='gallery-icon portrait'>\n\t\t\t\t<a href='https:\/\/www.arquimaster.com.ar\/web\/wp-content\/uploads\/2025\/01\/centro_cultural_qmm_8.jpg' title=\"Centro Cultural Quinta Montes Molina \/ Materia + Gustavo Carmona (\u00a9 Jaime\u00a0Navarro)\" data-rl_title=\"Centro Cultural Quinta Montes Molina \/ Materia + Gustavo Carmona (\u00a9 Jaime\u00a0Navarro)\" class=\"rl-gallery-link\" data-rl_caption=\"Centro Cultural Quinta Montes Molina \/ Materia + Gustavo Carmona (\u00a9 Jaime\u00a0Navarro)\" data-rel=\"lightbox-gallery-1\"><img loading=\"lazy\" decoding=\"async\" width=\"150\" height=\"150\" src=\"https:\/\/www.arquimaster.com.ar\/web\/wp-content\/uploads\/2025\/01\/centro_cultural_qmm_8-150x150.jpg\" class=\"attachment-thumbnail size-thumbnail\" alt=\"Centro Cultural Quinta Montes Molina \/ Materia + Gustavo Carmona\" aria-describedby=\"gallery-1-83393\" \/><\/a>\n\t\t\t<\/div>\n\t\t\t\t<figcaption class='wp-caption-text gallery-caption' id='gallery-1-83393'>\n\t\t\t\tCentro Cultural Quinta Montes Molina \/ Materia + Gustavo Carmona (\u00a9 Jaime\u00a0Navarro)\n\t\t\t\t<\/figcaption><\/figure><figure class='gallery-item'>\n\t\t\t<div class='gallery-icon portrait'>\n\t\t\t\t<a href='https:\/\/www.arquimaster.com.ar\/web\/wp-content\/uploads\/2025\/01\/centro_cultural_qmm_9.jpg' title=\"Centro Cultural Quinta Montes Molina \/ Materia + Gustavo Carmona (\u00a9 Jaime\u00a0Navarro)\" data-rl_title=\"Centro Cultural Quinta Montes Molina \/ Materia + Gustavo Carmona (\u00a9 Jaime\u00a0Navarro)\" class=\"rl-gallery-link\" data-rl_caption=\"Centro Cultural Quinta Montes Molina \/ Materia + Gustavo Carmona (\u00a9 Jaime\u00a0Navarro)\" data-rel=\"lightbox-gallery-1\"><img loading=\"lazy\" decoding=\"async\" width=\"150\" height=\"150\" src=\"https:\/\/www.arquimaster.com.ar\/web\/wp-content\/uploads\/2025\/01\/centro_cultural_qmm_9-150x150.jpg\" class=\"attachment-thumbnail size-thumbnail\" alt=\"Centro Cultural Quinta Montes Molina \/ Materia + Gustavo Carmona\" aria-describedby=\"gallery-1-83394\" \/><\/a>\n\t\t\t<\/div>\n\t\t\t\t<figcaption class='wp-caption-text gallery-caption' id='gallery-1-83394'>\n\t\t\t\tCentro Cultural Quinta Montes Molina \/ Materia + Gustavo Carmona (\u00a9 Jaime\u00a0Navarro)\n\t\t\t\t<\/figcaption><\/figure><figure class='gallery-item'>\n\t\t\t<div class='gallery-icon landscape'>\n\t\t\t\t<a href='https:\/\/www.arquimaster.com.ar\/web\/wp-content\/uploads\/2025\/01\/centro_cultural_qmm_10.jpg' title=\"Centro Cultural Quinta Montes Molina \/ Materia + Gustavo Carmona (\u00a9 Jaime\u00a0Navarro)\" data-rl_title=\"Centro Cultural Quinta Montes Molina \/ Materia + Gustavo Carmona (\u00a9 Jaime\u00a0Navarro)\" class=\"rl-gallery-link\" data-rl_caption=\"Centro Cultural Quinta Montes Molina \/ Materia + Gustavo Carmona (\u00a9 Jaime\u00a0Navarro)\" data-rel=\"lightbox-gallery-1\"><img loading=\"lazy\" decoding=\"async\" width=\"150\" height=\"150\" src=\"https:\/\/www.arquimaster.com.ar\/web\/wp-content\/uploads\/2025\/01\/centro_cultural_qmm_10-150x150.jpg\" class=\"attachment-thumbnail size-thumbnail\" alt=\"Centro Cultural Quinta Montes Molina \/ Materia + Gustavo Carmona\" aria-describedby=\"gallery-1-83395\" \/><\/a>\n\t\t\t<\/div>\n\t\t\t\t<figcaption class='wp-caption-text gallery-caption' id='gallery-1-83395'>\n\t\t\t\tCentro Cultural Quinta Montes Molina \/ Materia + Gustavo Carmona (\u00a9 Jaime\u00a0Navarro)\n\t\t\t\t<\/figcaption><\/figure><figure class='gallery-item'>\n\t\t\t<div class='gallery-icon landscape'>\n\t\t\t\t<a href='https:\/\/www.arquimaster.com.ar\/web\/wp-content\/uploads\/2025\/01\/centro_cultural_qmm_11.jpg' title=\"Centro Cultural Quinta Montes Molina \/ Materia + Gustavo Carmona (\u00a9 Jaime\u00a0Navarro)\" data-rl_title=\"Centro Cultural Quinta Montes Molina \/ Materia + Gustavo Carmona (\u00a9 Jaime\u00a0Navarro)\" class=\"rl-gallery-link\" data-rl_caption=\"Centro Cultural Quinta Montes Molina \/ Materia + Gustavo Carmona (\u00a9 Jaime\u00a0Navarro)\" data-rel=\"lightbox-gallery-1\"><img loading=\"lazy\" decoding=\"async\" width=\"150\" height=\"150\" src=\"https:\/\/www.arquimaster.com.ar\/web\/wp-content\/uploads\/2025\/01\/centro_cultural_qmm_11-150x150.jpg\" class=\"attachment-thumbnail size-thumbnail\" alt=\"Centro Cultural Quinta Montes Molina \/ Materia + Gustavo Carmona\" aria-describedby=\"gallery-1-83396\" \/><\/a>\n\t\t\t<\/div>\n\t\t\t\t<figcaption class='wp-caption-text gallery-caption' id='gallery-1-83396'>\n\t\t\t\tCentro Cultural Quinta Montes Molina \/ Materia + Gustavo Carmona (\u00a9 Jaime\u00a0Navarro)\n\t\t\t\t<\/figcaption><\/figure><figure class='gallery-item'>\n\t\t\t<div class='gallery-icon landscape'>\n\t\t\t\t<a href='https:\/\/www.arquimaster.com.ar\/web\/wp-content\/uploads\/2025\/01\/centro_cultural_qmm_12.jpg' title=\"Centro Cultural Quinta Montes Molina \/ Materia + Gustavo Carmona (\u00a9 Jaime\u00a0Navarro)\" data-rl_title=\"Centro Cultural Quinta Montes Molina \/ Materia + Gustavo Carmona (\u00a9 Jaime\u00a0Navarro)\" class=\"rl-gallery-link\" data-rl_caption=\"Centro Cultural Quinta Montes Molina \/ Materia + Gustavo Carmona (\u00a9 Jaime\u00a0Navarro)\" data-rel=\"lightbox-gallery-1\"><img loading=\"lazy\" decoding=\"async\" width=\"150\" height=\"150\" src=\"https:\/\/www.arquimaster.com.ar\/web\/wp-content\/uploads\/2025\/01\/centro_cultural_qmm_12-150x150.jpg\" class=\"attachment-thumbnail size-thumbnail\" alt=\"Centro Cultural Quinta Montes Molina \/ Materia + Gustavo Carmona\" aria-describedby=\"gallery-1-83397\" \/><\/a>\n\t\t\t<\/div>\n\t\t\t\t<figcaption class='wp-caption-text gallery-caption' id='gallery-1-83397'>\n\t\t\t\tCentro Cultural Quinta Montes Molina \/ Materia + Gustavo Carmona (\u00a9 Jaime\u00a0Navarro)\n\t\t\t\t<\/figcaption><\/figure><figure class='gallery-item'>\n\t\t\t<div class='gallery-icon landscape'>\n\t\t\t\t<a href='https:\/\/www.arquimaster.com.ar\/web\/wp-content\/uploads\/2025\/01\/centro_cultural_qmm_13.jpg' title=\"Centro Cultural Quinta Montes Molina \/ Materia + Gustavo Carmona (\u00a9 Jaime\u00a0Navarro)\" data-rl_title=\"Centro Cultural Quinta Montes Molina \/ Materia + Gustavo Carmona (\u00a9 Jaime\u00a0Navarro)\" class=\"rl-gallery-link\" data-rl_caption=\"Centro Cultural Quinta Montes Molina \/ Materia + Gustavo Carmona (\u00a9 Jaime\u00a0Navarro)\" data-rel=\"lightbox-gallery-1\"><img loading=\"lazy\" decoding=\"async\" width=\"150\" height=\"150\" src=\"https:\/\/www.arquimaster.com.ar\/web\/wp-content\/uploads\/2025\/01\/centro_cultural_qmm_13-150x150.jpg\" class=\"attachment-thumbnail size-thumbnail\" alt=\"Centro Cultural Quinta Montes Molina \/ Materia + Gustavo Carmona\" aria-describedby=\"gallery-1-83398\" \/><\/a>\n\t\t\t<\/div>\n\t\t\t\t<figcaption class='wp-caption-text gallery-caption' id='gallery-1-83398'>\n\t\t\t\tCentro Cultural Quinta Montes Molina \/ Materia + Gustavo Carmona (\u00a9 Jaime\u00a0Navarro)\n\t\t\t\t<\/figcaption><\/figure><figure class='gallery-item'>\n\t\t\t<div class='gallery-icon landscape'>\n\t\t\t\t<a href='https:\/\/www.arquimaster.com.ar\/web\/wp-content\/uploads\/2025\/01\/centro_cultural_qmm_14.jpg' title=\"Centro Cultural Quinta Montes Molina \/ Materia + Gustavo Carmona (\u00a9 Jaime\u00a0Navarro)\" data-rl_title=\"Centro Cultural Quinta Montes Molina \/ Materia + Gustavo Carmona (\u00a9 Jaime\u00a0Navarro)\" class=\"rl-gallery-link\" data-rl_caption=\"Centro Cultural Quinta Montes Molina \/ Materia + Gustavo Carmona (\u00a9 Jaime\u00a0Navarro)\" data-rel=\"lightbox-gallery-1\"><img loading=\"lazy\" decoding=\"async\" width=\"150\" height=\"150\" src=\"https:\/\/www.arquimaster.com.ar\/web\/wp-content\/uploads\/2025\/01\/centro_cultural_qmm_14-150x150.jpg\" class=\"attachment-thumbnail size-thumbnail\" alt=\"Centro Cultural Quinta Montes Molina \/ Materia + Gustavo Carmona\" aria-describedby=\"gallery-1-83399\" \/><\/a>\n\t\t\t<\/div>\n\t\t\t\t<figcaption class='wp-caption-text gallery-caption' id='gallery-1-83399'>\n\t\t\t\tCentro Cultural Quinta Montes Molina \/ Materia + Gustavo Carmona (\u00a9 Jaime\u00a0Navarro)\n\t\t\t\t<\/figcaption><\/figure><figure class='gallery-item'>\n\t\t\t<div class='gallery-icon portrait'>\n\t\t\t\t<a href='https:\/\/www.arquimaster.com.ar\/web\/wp-content\/uploads\/2025\/01\/centro_cultural_qmm_15.jpg' title=\"Centro Cultural Quinta Montes Molina \/ Materia + Gustavo Carmona (\u00a9 Jaime\u00a0Navarro)\" data-rl_title=\"Centro Cultural Quinta Montes Molina \/ Materia + Gustavo Carmona (\u00a9 Jaime\u00a0Navarro)\" class=\"rl-gallery-link\" data-rl_caption=\"Centro Cultural Quinta Montes Molina \/ Materia + Gustavo Carmona (\u00a9 Jaime\u00a0Navarro)\" data-rel=\"lightbox-gallery-1\"><img loading=\"lazy\" decoding=\"async\" width=\"150\" height=\"150\" src=\"https:\/\/www.arquimaster.com.ar\/web\/wp-content\/uploads\/2025\/01\/centro_cultural_qmm_15-150x150.jpg\" class=\"attachment-thumbnail size-thumbnail\" alt=\"Centro Cultural Quinta Montes Molina \/ Materia + Gustavo Carmona\" aria-describedby=\"gallery-1-83400\" \/><\/a>\n\t\t\t<\/div>\n\t\t\t\t<figcaption class='wp-caption-text gallery-caption' id='gallery-1-83400'>\n\t\t\t\tCentro Cultural Quinta Montes Molina \/ Materia + Gustavo Carmona (\u00a9 Jaime\u00a0Navarro)\n\t\t\t\t<\/figcaption><\/figure><figure class='gallery-item'>\n\t\t\t<div class='gallery-icon landscape'>\n\t\t\t\t<a href='https:\/\/www.arquimaster.com.ar\/web\/wp-content\/uploads\/2025\/01\/centro_cultural_qmm_16.jpg' title=\"Centro Cultural Quinta Montes Molina \/ Materia + Gustavo Carmona (\u00a9 Jaime\u00a0Navarro)\" data-rl_title=\"Centro Cultural Quinta Montes Molina \/ Materia + Gustavo Carmona (\u00a9 Jaime\u00a0Navarro)\" class=\"rl-gallery-link\" data-rl_caption=\"Centro Cultural Quinta Montes Molina \/ Materia + Gustavo Carmona (\u00a9 Jaime\u00a0Navarro)\" data-rel=\"lightbox-gallery-1\"><img loading=\"lazy\" decoding=\"async\" width=\"150\" height=\"150\" src=\"https:\/\/www.arquimaster.com.ar\/web\/wp-content\/uploads\/2025\/01\/centro_cultural_qmm_16-150x150.jpg\" class=\"attachment-thumbnail size-thumbnail\" alt=\"Centro Cultural Quinta Montes Molina \/ Materia + Gustavo Carmona\" aria-describedby=\"gallery-1-83401\" \/><\/a>\n\t\t\t<\/div>\n\t\t\t\t<figcaption class='wp-caption-text gallery-caption' id='gallery-1-83401'>\n\t\t\t\tCentro Cultural Quinta Montes Molina \/ Materia + Gustavo Carmona (\u00a9 Jaime\u00a0Navarro)\n\t\t\t\t<\/figcaption><\/figure><figure class='gallery-item'>\n\t\t\t<div class='gallery-icon portrait'>\n\t\t\t\t<a href='https:\/\/www.arquimaster.com.ar\/web\/wp-content\/uploads\/2025\/01\/centro_cultural_qmm_17.jpg' title=\"Centro Cultural Quinta Montes Molina \/ Materia + Gustavo Carmona (\u00a9 Jaime\u00a0Navarro)\" data-rl_title=\"Centro Cultural Quinta Montes Molina \/ Materia + Gustavo Carmona (\u00a9 Jaime\u00a0Navarro)\" class=\"rl-gallery-link\" data-rl_caption=\"Centro Cultural Quinta Montes Molina \/ Materia + Gustavo Carmona (\u00a9 Jaime\u00a0Navarro)\" data-rel=\"lightbox-gallery-1\"><img loading=\"lazy\" decoding=\"async\" width=\"150\" height=\"150\" src=\"https:\/\/www.arquimaster.com.ar\/web\/wp-content\/uploads\/2025\/01\/centro_cultural_qmm_17-150x150.jpg\" class=\"attachment-thumbnail size-thumbnail\" alt=\"Centro Cultural Quinta Montes Molina \/ Materia + Gustavo Carmona\" aria-describedby=\"gallery-1-83402\" \/><\/a>\n\t\t\t<\/div>\n\t\t\t\t<figcaption class='wp-caption-text gallery-caption' id='gallery-1-83402'>\n\t\t\t\tCentro Cultural Quinta Montes Molina \/ Materia + Gustavo Carmona (\u00a9 Jaime\u00a0Navarro)\n\t\t\t\t<\/figcaption><\/figure><figure class='gallery-item'>\n\t\t\t<div class='gallery-icon landscape'>\n\t\t\t\t<a href='https:\/\/www.arquimaster.com.ar\/web\/wp-content\/uploads\/2025\/01\/centro_cultural_qmm_18.jpg' title=\"Centro Cultural Quinta Montes Molina \/ Materia + Gustavo Carmona (planta baja)\" data-rl_title=\"Centro Cultural Quinta Montes Molina \/ Materia + Gustavo Carmona (planta baja)\" class=\"rl-gallery-link\" data-rl_caption=\"Centro Cultural Quinta Montes Molina \/ Materia + Gustavo Carmona (planta baja)\" data-rel=\"lightbox-gallery-1\"><img loading=\"lazy\" decoding=\"async\" width=\"150\" height=\"150\" src=\"https:\/\/www.arquimaster.com.ar\/web\/wp-content\/uploads\/2025\/01\/centro_cultural_qmm_18-150x150.jpg\" class=\"attachment-thumbnail size-thumbnail\" alt=\"Centro Cultural Quinta Montes Molina \/ Materia + Gustavo Carmona\" aria-describedby=\"gallery-1-83403\" \/><\/a>\n\t\t\t<\/div>\n\t\t\t\t<figcaption class='wp-caption-text gallery-caption' id='gallery-1-83403'>\n\t\t\t\tCentro Cultural Quinta Montes Molina \/ Materia + Gustavo Carmona (planta baja)\n\t\t\t\t<\/figcaption><\/figure><figure class='gallery-item'>\n\t\t\t<div class='gallery-icon landscape'>\n\t\t\t\t<a href='https:\/\/www.arquimaster.com.ar\/web\/wp-content\/uploads\/2025\/01\/centro_cultural_qmm_19.jpg' title=\"Centro Cultural Quinta Montes Molina \/ Materia + Gustavo Carmona (planta 1\u00ba piso y subsuelo)\" data-rl_title=\"Centro Cultural Quinta Montes Molina \/ Materia + Gustavo Carmona (planta 1\u00ba piso y subsuelo)\" class=\"rl-gallery-link\" data-rl_caption=\"Centro Cultural Quinta Montes Molina \/ Materia + Gustavo Carmona (planta 1\u00ba piso y subsuelo)\" data-rel=\"lightbox-gallery-1\"><img loading=\"lazy\" decoding=\"async\" width=\"150\" height=\"150\" src=\"https:\/\/www.arquimaster.com.ar\/web\/wp-content\/uploads\/2025\/01\/centro_cultural_qmm_19-150x150.jpg\" class=\"attachment-thumbnail size-thumbnail\" alt=\"Centro Cultural Quinta Montes Molina \/ Materia + Gustavo Carmona\" aria-describedby=\"gallery-1-83404\" \/><\/a>\n\t\t\t<\/div>\n\t\t\t\t<figcaption class='wp-caption-text gallery-caption' id='gallery-1-83404'>\n\t\t\t\tCentro Cultural Quinta Montes Molina \/ Materia + Gustavo Carmona (planta 1\u00ba piso y subsuelo)\n\t\t\t\t<\/figcaption><\/figure><figure class='gallery-item'>\n\t\t\t<div class='gallery-icon landscape'>\n\t\t\t\t<a href='https:\/\/www.arquimaster.com.ar\/web\/wp-content\/uploads\/2025\/01\/centro_cultural_qmm_20.jpg' title=\"Centro Cultural Quinta Montes Molina \/ Materia + Gustavo Carmona (cortes)\" data-rl_title=\"Centro Cultural Quinta Montes Molina \/ Materia + Gustavo Carmona (cortes)\" class=\"rl-gallery-link\" data-rl_caption=\"Centro Cultural Quinta Montes Molina \/ Materia + Gustavo Carmona (cortes)\" data-rel=\"lightbox-gallery-1\"><img loading=\"lazy\" decoding=\"async\" width=\"150\" height=\"150\" src=\"https:\/\/www.arquimaster.com.ar\/web\/wp-content\/uploads\/2025\/01\/centro_cultural_qmm_20-150x150.jpg\" class=\"attachment-thumbnail size-thumbnail\" alt=\"Centro Cultural Quinta Montes Molina \/ Materia + Gustavo Carmona\" aria-describedby=\"gallery-1-83405\" \/><\/a>\n\t\t\t<\/div>\n\t\t\t\t<figcaption class='wp-caption-text gallery-caption' id='gallery-1-83405'>\n\t\t\t\tCentro Cultural Quinta Montes Molina \/ Materia + Gustavo Carmona (cortes)\n\t\t\t\t<\/figcaption><\/figure>\n\t\t<\/div>\n\n<p>La casa comenz\u00f3 a celebrar importantes eventos sociales en sus jardines en el a\u00f1o 2000. En 2006 abri\u00f3 tambi\u00e9n como museo, exhibiendo todos sus artefactos, muebles originales y arte. En 2015 se encarg\u00f3 a Materia el dise\u00f1o de un pabell\u00f3n que pudiera albergar actos sociales y culturales que al mismo tiempo integrara la nueva arquitectura con el edificio existente. El pabell\u00f3n fue galardonado con la medalla de plata en la Bienal de Arquitectura de Ciudad de M\u00e9xico de 2015.<\/p>\n<p>Esta distinci\u00f3n desencaden\u00f3 un cambio en la vocaci\u00f3n de la casa, empujando a la familia a convertirse en una instituci\u00f3n con un papel hacia la cultura y la comunidad. En 2016 se solicit\u00f3 a Materia el dise\u00f1o de un estacionamiento en la parte posterior de la propiedad. Una serie de estudios y an\u00e1lisis del plan maestro hicieron evidente que hab\u00eda una mayor oportunidad para generar valor y ampliar el legado y la oferta de la casa.<\/p>\n<p>Materia propuso un Centro Cultural que llev\u00f3 6 a\u00f1os de planificaci\u00f3n, modelizaci\u00f3n empresarial, financiaci\u00f3n, dise\u00f1o y construcci\u00f3n. Una serie de viajes y visitas clave a museos de Estados Unidos condujeron a una comprensi\u00f3n m\u00e1s profunda de los programas y espacios que deb\u00edan conformar la totalidad del proyecto, al tiempo que se establec\u00edan conexiones relevantes con instituciones de la misma \u00edndole.<\/p>\n<p>El proyecto se sit\u00faa detr\u00e1s de una hilera de viejos \u00e1rboles existentes que apoyan el objetivo de no ser un objeto, sino m\u00e1s bien una serie de espacios entrelazados por portales y umbrales. Las columnas y los p\u00f3rticos enmarcan las vistas de los jardines, el pabell\u00f3n y la casa, y crean un patio central que envuelve un espacio p\u00fablico.<\/p>\n<p>El lenguaje arquitect\u00f3nico lo compone y expresa la estructura, comunicando su ensamblaje tect\u00f3nico, y creando superficies para recibir la luz y la proyecci\u00f3n de sombras en una naturaleza siempre cambiante.<\/p>\n<p>Todo el hormig\u00f3n prefabricado se realiz\u00f3 localmente con \u00e1ridos regionales. La piedra tambi\u00e9n es aut\u00f3ctona de la zona. El trabajo de detalle en el hormig\u00f3n act\u00faa como una reinterpretaci\u00f3n del ornamento de la casa al tiempo que da fe de su m\u00e9todo de montaje y fabricaci\u00f3n.<\/p>\n<p>El programa interior incluye una galer\u00eda de arte subterr\u00e1nea, un restaurante, una tienda de libros, talleres, oficinas, cocinas y un cine de arte. La galer\u00eda de arte sirve de espacio de transici\u00f3n entre los jardines y la plaza del centro cultural. Tambi\u00e9n alberga una terraza exterior en su cubierta.<\/p>\n<p>Excavar este espacio en el suelo ayud\u00f3 a preservar la identidad de los jardines y el espacio abierto alrededor de la casa y el pabell\u00f3n, al tiempo que proporcionaba una forma pasiva de gestionar la luz natural y el acondicionamiento t\u00e9rmico de su interior.<\/p>\n\n\n<div style=\"height:20px\" aria-hidden=\"true\" class=\"wp-block-spacer\"><\/div>\n\n\n\n<p class=\"has-background\" style=\"background-color:#eaeaea\"><strong>Ficha t\u00e9cnica<\/strong><br>Nombre: Centro Cultural Quinta Montes Molina<br>Ubicaci\u00f3n: M\u00e9rida, Yucat\u00e1n, M\u00e9xico<br>Proyectistas: Materia + Gustavo Carmona<br>Equipo: Karla Uribe, Gustavo Xoxotla, Luis Felipe M\u00e1rquez, Math\u00edas Henry, Raybel Cueva, Yaatzil Ceballos, Sandra Ciro, Teresa Berumen, Edgar Dzul, Magaly Morales, Miguel Ram\u00edrez, Mar\u00eda Castelazo<br>Constructor: Opresa<br>Hormig\u00f3n prefabricado: Predecon<br>PM: Yamil Barbosa<br>Dise\u00f1o de Iluminaci\u00f3n: Luca Salas<br>Paisajismo: Gustavo Carmona + Molino Lab + Jarde<br>Fotograf\u00eda:\u00a0Jaime\u00a0Navarro<br>Sitio web: http:\/\/materiarq.com<\/p>\n\n\n\n<div style=\"height:40px\" aria-hidden=\"true\" class=\"wp-block-spacer\"><\/div>\n\n\n<p><strong><em>English version<\/em><\/strong><\/p>\n<p><strong><em>QMM Cultural Center<\/em><\/strong><\/p>\n<p><em>This project is part of the original premises and property of the \u00abQuinta Montes Molina\u00bb located in Merida, Yucatan. The house was built in 1906 and became an architectural icon and emblem of the Paseo Montejo, the most notorious avenue in the city in which most of the early-century houses were built during the sisal boom.<\/em><br \/><em>\u00a0<\/em><br \/><em>The house began holding important social events in its gardens in the year 2000. In 2006 it also opened as a museum, displaying all its artifacts, original furniture, and art. In 2015 Materia was commissioned to design a pavilion that could hold social and cultural events while integrating new architecture with the existing building. The pavilion was awarded the silver medal at the 2015 Architecture Biennale of Mexico City.<\/em><br \/><em>\u00a0<\/em><br \/><em>This distinction sparked a change in the vocation of the house, pushing the family to become an institution with a role towards culture and community. In 2016 Materia was requested to design a parking lot at the back of the property. A series of master plan studies and analyses made evident there was a bigger opportunity to generate value and expand the house&#8217;s legacy and offer. Materia proposed a Cultural Center that took 6 years of planning, business modeling, finance, design, and construction. A series of travels and key visits to museums in the United States led to a deeper understanding of the programs and spaces that had to make up for the entirety of the project while establishing relevant connections with institutions alike.<\/em><br \/><em>\u00a0<\/em><br \/><em>The project is set behind a line of existing old trees supporting the aim of not being an object but rather a series of spaces intertwined by portals and thresholds. The columns and porticoes frame views of the gardens, pavilion, and house, and create a central courtyard enveloping a public space. The architectural language is composed and expressed by the structure, communicating its tectonic assembly, and creating surfaces to receive the light and projection of shadows in an ever-changing nature. All prefab concrete was made locally with regional aggregates. The stone is also native to the area. The work of reveals, joinery, and detail in the concrete acts as a reinterpretation of the ornament of the house while attesting to its mounting and fabrication method.<\/em><br \/><em>\u00a0<\/em><br \/><em>The interior program includes a sunken art gallery, a restaurant, a bookstore, workshop spaces, offices, catering galley spaces, and an art cinema (2024). The art gallery serves as a transitional space between the gardens and the cultural center\u00b4s plaza. It also holds an exterior terrace on its roof. Carving this space into the ground helped preserve the gardens&#8217; identity and open space around the house and pavilion while also providing a passive way to manage natural light and cooling for its interior.<\/em><\/p>\n<div style=\"font-size: 0px; height: 0px; line-height: 0px; margin: 0; padding: 0; clear: both;\"><\/div><div style=\"margin-top: 0px; margin-bottom: 0px;\" class=\"sharethis-inline-share-buttons\" ><\/div>","protected":false},"excerpt":{"rendered":"<p>El lenguaje arquitect\u00f3nico lo compone y expresa la estructura, comunicando su ensamblaje tect\u00f3nico&#8230;<\/p>\n","protected":false},"author":1,"featured_media":83385,"comment_status":"closed","ping_status":"closed","sticky":false,"template":"","format":"standard","meta":{"_uag_custom_page_level_css":"","footnotes":""},"categories":[784,1],"tags":[4573,787,4571,4572,1494,7547,7546,3256,24,3257],"class_list":["post-83384","post","type-post","status-publish","format-standard","has-post-thumbnail","hentry","category-edificios-para-la-cultura","category-proyecto","tag-arquitectura-cultural","tag-centro-cultural","tag-edificios-culturales","tag-edificios-para-la-cultura","tag-galeria-de-arte","tag-gustavo-carmona","tag-materia","tag-merida","tag-mexico","tag-yucatan","generate-columns","tablet-grid-50","mobile-grid-100","grid-parent","grid-50"],"yoast_head":"<!-- This site is optimized with the Yoast SEO plugin v27.3 - https:\/\/yoast.com\/product\/yoast-seo-wordpress\/ -->\n<title>Centro Cultural Quinta Montes Molina \/ Materia + Gustavo Carmona - Arquimaster<\/title>\n<meta name=\"description\" content=\"El lenguaje arquitect\u00f3nico lo compone y expresa la estructura, comunicando su ensamblaje tect\u00f3nico, y creando superficies para recibir la luz y la proyecci\u00f3n de sombras en una naturaleza siempre cambiante.\" \/>\n<meta name=\"robots\" content=\"index, follow, max-snippet:-1, max-image-preview:large, max-video-preview:-1\" \/>\n<link rel=\"canonical\" href=\"https:\/\/www.arquimaster.com.ar\/web\/centro-cultural-quinta-montes-molina-materia-gustavo-carmona\/\" \/>\n<meta property=\"og:locale\" content=\"es_ES\" \/>\n<meta property=\"og:type\" content=\"article\" \/>\n<meta property=\"og:title\" content=\"Centro Cultural Quinta Montes Molina \/ Materia + Gustavo Carmona\" \/>\n<meta property=\"og:description\" content=\"El lenguaje arquitect\u00f3nico lo compone y expresa la estructura, comunicando su ensamblaje tect\u00f3nico, y creando superficies para recibir la luz y la proyecci\u00f3n de sombras en una naturaleza siempre cambiante.\" \/>\n<meta property=\"og:url\" content=\"https:\/\/www.arquimaster.com.ar\/web\/centro-cultural-quinta-montes-molina-materia-gustavo-carmona\/\" \/>\n<meta property=\"og:site_name\" content=\"Arquimaster\" \/>\n<meta property=\"article:publisher\" content=\"http:\/\/www.facebook.com\/ARQUIMASTER.com.ar\" \/>\n<meta property=\"article:published_time\" content=\"2025-01-15T17:36:08+00:00\" \/>\n<meta property=\"article:modified_time\" content=\"2025-07-23T22:23:16+00:00\" \/>\n<meta property=\"og:image\" content=\"https:\/\/www.arquimaster.com.ar\/web\/wp-content\/uploads\/2025\/01\/centro_cultural_qmm_slide.jpg\" \/>\n\t<meta property=\"og:image:width\" content=\"698\" \/>\n\t<meta property=\"og:image:height\" content=\"364\" \/>\n\t<meta property=\"og:image:type\" content=\"image\/jpeg\" \/>\n<meta name=\"author\" content=\"Arquimaster\" \/>\n<meta name=\"twitter:card\" content=\"summary_large_image\" \/>\n<meta name=\"twitter:title\" content=\"Centro Cultural Quinta Montes Molina \/ Materia + Gustavo Carmona\" \/>\n<meta name=\"twitter:description\" content=\"El lenguaje arquitect\u00f3nico lo compone y expresa la estructura, comunicando su ensamblaje tect\u00f3nico, y creando superficies para recibir la luz y la proyecci\u00f3n de sombras en una naturaleza siempre cambiante.\" \/>\n<meta name=\"twitter:image\" content=\"https:\/\/www.arquimaster.com.ar\/web\/wp-content\/uploads\/2025\/01\/centro_cultural_qmm_slide.jpg\" \/>\n<meta name=\"twitter:creator\" content=\"@arquimaster\" \/>\n<meta name=\"twitter:site\" content=\"@arquimaster\" \/>\n<meta name=\"twitter:label1\" content=\"Escrito por\" \/>\n\t<meta name=\"twitter:data1\" content=\"Arquimaster\" \/>\n\t<meta name=\"twitter:label2\" content=\"Tiempo de lectura\" \/>\n\t<meta name=\"twitter:data2\" content=\"6 minutos\" \/>\n<script type=\"application\/ld+json\" class=\"yoast-schema-graph\">{\"@context\":\"https:\\\/\\\/schema.org\",\"@graph\":[{\"@type\":\"Article\",\"@id\":\"https:\\\/\\\/www.arquimaster.com.ar\\\/web\\\/centro-cultural-quinta-montes-molina-materia-gustavo-carmona\\\/#article\",\"isPartOf\":{\"@id\":\"https:\\\/\\\/www.arquimaster.com.ar\\\/web\\\/centro-cultural-quinta-montes-molina-materia-gustavo-carmona\\\/\"},\"author\":{\"name\":\"Arquimaster\",\"@id\":\"https:\\\/\\\/www.arquimaster.com.ar\\\/web\\\/#\\\/schema\\\/person\\\/359e9f7c00193fcde068e0dd2ceb0028\"},\"headline\":\"Centro Cultural Quinta Montes Molina \\\/ Materia + Gustavo Carmona\",\"datePublished\":\"2025-01-15T17:36:08+00:00\",\"dateModified\":\"2025-07-23T22:23:16+00:00\",\"mainEntityOfPage\":{\"@id\":\"https:\\\/\\\/www.arquimaster.com.ar\\\/web\\\/centro-cultural-quinta-montes-molina-materia-gustavo-carmona\\\/\"},\"wordCount\":1103,\"publisher\":{\"@id\":\"https:\\\/\\\/www.arquimaster.com.ar\\\/web\\\/#organization\"},\"image\":{\"@id\":\"https:\\\/\\\/www.arquimaster.com.ar\\\/web\\\/centro-cultural-quinta-montes-molina-materia-gustavo-carmona\\\/#primaryimage\"},\"thumbnailUrl\":\"https:\\\/\\\/www.arquimaster.com.ar\\\/web\\\/wp-content\\\/uploads\\\/2025\\\/01\\\/centro_cultural_qmm_slide.jpg\",\"keywords\":[\"arquitectura cultural\",\"centro cultural\",\"edificios culturales\",\"edificios para la cultura\",\"galeria de arte\",\"Gustavo Carmona\",\"Materia\",\"Merida\",\"Mexico\",\"Yucatan\"],\"articleSection\":[\"Edificios para la cultura\",\"Proyecto\"],\"inLanguage\":\"es\"},{\"@type\":\"WebPage\",\"@id\":\"https:\\\/\\\/www.arquimaster.com.ar\\\/web\\\/centro-cultural-quinta-montes-molina-materia-gustavo-carmona\\\/\",\"url\":\"https:\\\/\\\/www.arquimaster.com.ar\\\/web\\\/centro-cultural-quinta-montes-molina-materia-gustavo-carmona\\\/\",\"name\":\"Centro Cultural Quinta Montes Molina \\\/ Materia + Gustavo Carmona - Arquimaster\",\"isPartOf\":{\"@id\":\"https:\\\/\\\/www.arquimaster.com.ar\\\/web\\\/#website\"},\"primaryImageOfPage\":{\"@id\":\"https:\\\/\\\/www.arquimaster.com.ar\\\/web\\\/centro-cultural-quinta-montes-molina-materia-gustavo-carmona\\\/#primaryimage\"},\"image\":{\"@id\":\"https:\\\/\\\/www.arquimaster.com.ar\\\/web\\\/centro-cultural-quinta-montes-molina-materia-gustavo-carmona\\\/#primaryimage\"},\"thumbnailUrl\":\"https:\\\/\\\/www.arquimaster.com.ar\\\/web\\\/wp-content\\\/uploads\\\/2025\\\/01\\\/centro_cultural_qmm_slide.jpg\",\"datePublished\":\"2025-01-15T17:36:08+00:00\",\"dateModified\":\"2025-07-23T22:23:16+00:00\",\"description\":\"El lenguaje arquitect\u00f3nico lo compone y expresa la estructura, comunicando su ensamblaje tect\u00f3nico, y creando superficies para recibir la luz y la proyecci\u00f3n de sombras en una naturaleza siempre cambiante.\",\"breadcrumb\":{\"@id\":\"https:\\\/\\\/www.arquimaster.com.ar\\\/web\\\/centro-cultural-quinta-montes-molina-materia-gustavo-carmona\\\/#breadcrumb\"},\"inLanguage\":\"es\",\"potentialAction\":[{\"@type\":\"ReadAction\",\"target\":[\"https:\\\/\\\/www.arquimaster.com.ar\\\/web\\\/centro-cultural-quinta-montes-molina-materia-gustavo-carmona\\\/\"]}]},{\"@type\":\"ImageObject\",\"inLanguage\":\"es\",\"@id\":\"https:\\\/\\\/www.arquimaster.com.ar\\\/web\\\/centro-cultural-quinta-montes-molina-materia-gustavo-carmona\\\/#primaryimage\",\"url\":\"https:\\\/\\\/www.arquimaster.com.ar\\\/web\\\/wp-content\\\/uploads\\\/2025\\\/01\\\/centro_cultural_qmm_slide.jpg\",\"contentUrl\":\"https:\\\/\\\/www.arquimaster.com.ar\\\/web\\\/wp-content\\\/uploads\\\/2025\\\/01\\\/centro_cultural_qmm_slide.jpg\",\"width\":698,\"height\":364,\"caption\":\"Centro Cultural Quinta Montes Molina \\\/ Materia + Gustavo Carmona\"},{\"@type\":\"BreadcrumbList\",\"@id\":\"https:\\\/\\\/www.arquimaster.com.ar\\\/web\\\/centro-cultural-quinta-montes-molina-materia-gustavo-carmona\\\/#breadcrumb\",\"itemListElement\":[{\"@type\":\"ListItem\",\"position\":1,\"name\":\"Portada\",\"item\":\"https:\\\/\\\/www.arquimaster.com.ar\\\/web\\\/\"},{\"@type\":\"ListItem\",\"position\":2,\"name\":\"Centro Cultural Quinta Montes Molina \\\/ Materia + Gustavo Carmona\"}]},{\"@type\":\"WebSite\",\"@id\":\"https:\\\/\\\/www.arquimaster.com.ar\\\/web\\\/#website\",\"url\":\"https:\\\/\\\/www.arquimaster.com.ar\\\/web\\\/\",\"name\":\"Arquimaster\",\"description\":\"Web de arquitectura, dise\u00f1o y construccion\",\"publisher\":{\"@id\":\"https:\\\/\\\/www.arquimaster.com.ar\\\/web\\\/#organization\"},\"potentialAction\":[{\"@type\":\"SearchAction\",\"target\":{\"@type\":\"EntryPoint\",\"urlTemplate\":\"https:\\\/\\\/www.arquimaster.com.ar\\\/web\\\/?s={search_term_string}\"},\"query-input\":{\"@type\":\"PropertyValueSpecification\",\"valueRequired\":true,\"valueName\":\"search_term_string\"}}],\"inLanguage\":\"es\"},{\"@type\":\"Organization\",\"@id\":\"https:\\\/\\\/www.arquimaster.com.ar\\\/web\\\/#organization\",\"name\":\"Arquimaster\",\"url\":\"https:\\\/\\\/www.arquimaster.com.ar\\\/web\\\/\",\"logo\":{\"@type\":\"ImageObject\",\"inLanguage\":\"es\",\"@id\":\"https:\\\/\\\/www.arquimaster.com.ar\\\/web\\\/#\\\/schema\\\/logo\\\/image\\\/\",\"url\":\"https:\\\/\\\/www.arquimaster.com.ar\\\/web\\\/wp-content\\\/uploads\\\/2022\\\/06\\\/arquimaster.png\",\"contentUrl\":\"https:\\\/\\\/www.arquimaster.com.ar\\\/web\\\/wp-content\\\/uploads\\\/2022\\\/06\\\/arquimaster.png\",\"width\":594,\"height\":78,\"caption\":\"Arquimaster\"},\"image\":{\"@id\":\"https:\\\/\\\/www.arquimaster.com.ar\\\/web\\\/#\\\/schema\\\/logo\\\/image\\\/\"},\"sameAs\":[\"http:\\\/\\\/www.facebook.com\\\/ARQUIMASTER.com.ar\",\"https:\\\/\\\/x.com\\\/arquimaster\",\"https:\\\/\\\/www.instagram.com\\\/arquimasterblog\\\/\",\"https:\\\/\\\/www.linkedin.com\\\/company\\\/arquimaster\",\"https:\\\/\\\/www.pinterest.com\\\/arquimaster\",\"https:\\\/\\\/t.me\\\/arquimaster\"]},{\"@type\":\"Person\",\"@id\":\"https:\\\/\\\/www.arquimaster.com.ar\\\/web\\\/#\\\/schema\\\/person\\\/359e9f7c00193fcde068e0dd2ceb0028\",\"name\":\"Arquimaster\"}]}<\/script>\n<!-- \/ Yoast SEO plugin. -->","yoast_head_json":{"title":"Centro Cultural Quinta Montes Molina \/ Materia + Gustavo Carmona - Arquimaster","description":"El lenguaje arquitect\u00f3nico lo compone y expresa la estructura, comunicando su ensamblaje tect\u00f3nico, y creando superficies para recibir la luz y la proyecci\u00f3n de sombras en una naturaleza siempre cambiante.","robots":{"index":"index","follow":"follow","max-snippet":"max-snippet:-1","max-image-preview":"max-image-preview:large","max-video-preview":"max-video-preview:-1"},"canonical":"https:\/\/www.arquimaster.com.ar\/web\/centro-cultural-quinta-montes-molina-materia-gustavo-carmona\/","og_locale":"es_ES","og_type":"article","og_title":"Centro Cultural Quinta Montes Molina \/ Materia + Gustavo Carmona","og_description":"El lenguaje arquitect\u00f3nico lo compone y expresa la estructura, comunicando su ensamblaje tect\u00f3nico, y creando superficies para recibir la luz y la proyecci\u00f3n de sombras en una naturaleza siempre cambiante.","og_url":"https:\/\/www.arquimaster.com.ar\/web\/centro-cultural-quinta-montes-molina-materia-gustavo-carmona\/","og_site_name":"Arquimaster","article_publisher":"http:\/\/www.facebook.com\/ARQUIMASTER.com.ar","article_published_time":"2025-01-15T17:36:08+00:00","article_modified_time":"2025-07-23T22:23:16+00:00","og_image":[{"width":698,"height":364,"url":"https:\/\/www.arquimaster.com.ar\/web\/wp-content\/uploads\/2025\/01\/centro_cultural_qmm_slide.jpg","type":"image\/jpeg"}],"author":"Arquimaster","twitter_card":"summary_large_image","twitter_title":"Centro Cultural Quinta Montes Molina \/ Materia + Gustavo Carmona","twitter_description":"El lenguaje arquitect\u00f3nico lo compone y expresa la estructura, comunicando su ensamblaje tect\u00f3nico, y creando superficies para recibir la luz y la proyecci\u00f3n de sombras en una naturaleza siempre cambiante.","twitter_image":"https:\/\/www.arquimaster.com.ar\/web\/wp-content\/uploads\/2025\/01\/centro_cultural_qmm_slide.jpg","twitter_creator":"@arquimaster","twitter_site":"@arquimaster","twitter_misc":{"Escrito por":"Arquimaster","Tiempo de lectura":"6 minutos"},"schema":{"@context":"https:\/\/schema.org","@graph":[{"@type":"Article","@id":"https:\/\/www.arquimaster.com.ar\/web\/centro-cultural-quinta-montes-molina-materia-gustavo-carmona\/#article","isPartOf":{"@id":"https:\/\/www.arquimaster.com.ar\/web\/centro-cultural-quinta-montes-molina-materia-gustavo-carmona\/"},"author":{"name":"Arquimaster","@id":"https:\/\/www.arquimaster.com.ar\/web\/#\/schema\/person\/359e9f7c00193fcde068e0dd2ceb0028"},"headline":"Centro Cultural Quinta Montes Molina \/ Materia + Gustavo Carmona","datePublished":"2025-01-15T17:36:08+00:00","dateModified":"2025-07-23T22:23:16+00:00","mainEntityOfPage":{"@id":"https:\/\/www.arquimaster.com.ar\/web\/centro-cultural-quinta-montes-molina-materia-gustavo-carmona\/"},"wordCount":1103,"publisher":{"@id":"https:\/\/www.arquimaster.com.ar\/web\/#organization"},"image":{"@id":"https:\/\/www.arquimaster.com.ar\/web\/centro-cultural-quinta-montes-molina-materia-gustavo-carmona\/#primaryimage"},"thumbnailUrl":"https:\/\/www.arquimaster.com.ar\/web\/wp-content\/uploads\/2025\/01\/centro_cultural_qmm_slide.jpg","keywords":["arquitectura cultural","centro cultural","edificios culturales","edificios para la cultura","galeria de arte","Gustavo Carmona","Materia","Merida","Mexico","Yucatan"],"articleSection":["Edificios para la cultura","Proyecto"],"inLanguage":"es"},{"@type":"WebPage","@id":"https:\/\/www.arquimaster.com.ar\/web\/centro-cultural-quinta-montes-molina-materia-gustavo-carmona\/","url":"https:\/\/www.arquimaster.com.ar\/web\/centro-cultural-quinta-montes-molina-materia-gustavo-carmona\/","name":"Centro Cultural Quinta Montes Molina \/ Materia + Gustavo Carmona - Arquimaster","isPartOf":{"@id":"https:\/\/www.arquimaster.com.ar\/web\/#website"},"primaryImageOfPage":{"@id":"https:\/\/www.arquimaster.com.ar\/web\/centro-cultural-quinta-montes-molina-materia-gustavo-carmona\/#primaryimage"},"image":{"@id":"https:\/\/www.arquimaster.com.ar\/web\/centro-cultural-quinta-montes-molina-materia-gustavo-carmona\/#primaryimage"},"thumbnailUrl":"https:\/\/www.arquimaster.com.ar\/web\/wp-content\/uploads\/2025\/01\/centro_cultural_qmm_slide.jpg","datePublished":"2025-01-15T17:36:08+00:00","dateModified":"2025-07-23T22:23:16+00:00","description":"El lenguaje arquitect\u00f3nico lo compone y expresa la estructura, comunicando su ensamblaje tect\u00f3nico, y creando superficies para recibir la luz y la proyecci\u00f3n de sombras en una naturaleza siempre cambiante.","breadcrumb":{"@id":"https:\/\/www.arquimaster.com.ar\/web\/centro-cultural-quinta-montes-molina-materia-gustavo-carmona\/#breadcrumb"},"inLanguage":"es","potentialAction":[{"@type":"ReadAction","target":["https:\/\/www.arquimaster.com.ar\/web\/centro-cultural-quinta-montes-molina-materia-gustavo-carmona\/"]}]},{"@type":"ImageObject","inLanguage":"es","@id":"https:\/\/www.arquimaster.com.ar\/web\/centro-cultural-quinta-montes-molina-materia-gustavo-carmona\/#primaryimage","url":"https:\/\/www.arquimaster.com.ar\/web\/wp-content\/uploads\/2025\/01\/centro_cultural_qmm_slide.jpg","contentUrl":"https:\/\/www.arquimaster.com.ar\/web\/wp-content\/uploads\/2025\/01\/centro_cultural_qmm_slide.jpg","width":698,"height":364,"caption":"Centro Cultural Quinta Montes Molina \/ Materia + Gustavo Carmona"},{"@type":"BreadcrumbList","@id":"https:\/\/www.arquimaster.com.ar\/web\/centro-cultural-quinta-montes-molina-materia-gustavo-carmona\/#breadcrumb","itemListElement":[{"@type":"ListItem","position":1,"name":"Portada","item":"https:\/\/www.arquimaster.com.ar\/web\/"},{"@type":"ListItem","position":2,"name":"Centro Cultural Quinta Montes Molina \/ Materia + Gustavo Carmona"}]},{"@type":"WebSite","@id":"https:\/\/www.arquimaster.com.ar\/web\/#website","url":"https:\/\/www.arquimaster.com.ar\/web\/","name":"Arquimaster","description":"Web de arquitectura, dise\u00f1o y construccion","publisher":{"@id":"https:\/\/www.arquimaster.com.ar\/web\/#organization"},"potentialAction":[{"@type":"SearchAction","target":{"@type":"EntryPoint","urlTemplate":"https:\/\/www.arquimaster.com.ar\/web\/?s={search_term_string}"},"query-input":{"@type":"PropertyValueSpecification","valueRequired":true,"valueName":"search_term_string"}}],"inLanguage":"es"},{"@type":"Organization","@id":"https:\/\/www.arquimaster.com.ar\/web\/#organization","name":"Arquimaster","url":"https:\/\/www.arquimaster.com.ar\/web\/","logo":{"@type":"ImageObject","inLanguage":"es","@id":"https:\/\/www.arquimaster.com.ar\/web\/#\/schema\/logo\/image\/","url":"https:\/\/www.arquimaster.com.ar\/web\/wp-content\/uploads\/2022\/06\/arquimaster.png","contentUrl":"https:\/\/www.arquimaster.com.ar\/web\/wp-content\/uploads\/2022\/06\/arquimaster.png","width":594,"height":78,"caption":"Arquimaster"},"image":{"@id":"https:\/\/www.arquimaster.com.ar\/web\/#\/schema\/logo\/image\/"},"sameAs":["http:\/\/www.facebook.com\/ARQUIMASTER.com.ar","https:\/\/x.com\/arquimaster","https:\/\/www.instagram.com\/arquimasterblog\/","https:\/\/www.linkedin.com\/company\/arquimaster","https:\/\/www.pinterest.com\/arquimaster","https:\/\/t.me\/arquimaster"]},{"@type":"Person","@id":"https:\/\/www.arquimaster.com.ar\/web\/#\/schema\/person\/359e9f7c00193fcde068e0dd2ceb0028","name":"Arquimaster"}]}},"uagb_featured_image_src":{"full":["https:\/\/www.arquimaster.com.ar\/web\/wp-content\/uploads\/2025\/01\/centro_cultural_qmm_slide.jpg",698,364,false],"thumbnail":["https:\/\/www.arquimaster.com.ar\/web\/wp-content\/uploads\/2025\/01\/centro_cultural_qmm_slide-150x150.jpg",150,150,true],"medium":["https:\/\/www.arquimaster.com.ar\/web\/wp-content\/uploads\/2025\/01\/centro_cultural_qmm_slide.jpg",698,364,false],"medium_large":["https:\/\/www.arquimaster.com.ar\/web\/wp-content\/uploads\/2025\/01\/centro_cultural_qmm_slide.jpg",698,364,false],"large":["https:\/\/www.arquimaster.com.ar\/web\/wp-content\/uploads\/2025\/01\/centro_cultural_qmm_slide.jpg",698,364,false],"1536x1536":["https:\/\/www.arquimaster.com.ar\/web\/wp-content\/uploads\/2025\/01\/centro_cultural_qmm_slide.jpg",698,364,false],"2048x2048":["https:\/\/www.arquimaster.com.ar\/web\/wp-content\/uploads\/2025\/01\/centro_cultural_qmm_slide.jpg",698,364,false]},"uagb_author_info":{"display_name":"Arquimaster","author_link":"https:\/\/www.arquimaster.com.ar\/web\/author\/arquimaster\/"},"uagb_comment_info":0,"uagb_excerpt":"El lenguaje arquitect\u00f3nico lo compone y expresa la estructura, comunicando su ensamblaje tect\u00f3nico...","_links":{"self":[{"href":"https:\/\/www.arquimaster.com.ar\/web\/wp-json\/wp\/v2\/posts\/83384","targetHints":{"allow":["GET"]}}],"collection":[{"href":"https:\/\/www.arquimaster.com.ar\/web\/wp-json\/wp\/v2\/posts"}],"about":[{"href":"https:\/\/www.arquimaster.com.ar\/web\/wp-json\/wp\/v2\/types\/post"}],"author":[{"embeddable":true,"href":"https:\/\/www.arquimaster.com.ar\/web\/wp-json\/wp\/v2\/users\/1"}],"replies":[{"embeddable":true,"href":"https:\/\/www.arquimaster.com.ar\/web\/wp-json\/wp\/v2\/comments?post=83384"}],"version-history":[{"count":3,"href":"https:\/\/www.arquimaster.com.ar\/web\/wp-json\/wp\/v2\/posts\/83384\/revisions"}],"predecessor-version":[{"id":85045,"href":"https:\/\/www.arquimaster.com.ar\/web\/wp-json\/wp\/v2\/posts\/83384\/revisions\/85045"}],"wp:featuredmedia":[{"embeddable":true,"href":"https:\/\/www.arquimaster.com.ar\/web\/wp-json\/wp\/v2\/media\/83385"}],"wp:attachment":[{"href":"https:\/\/www.arquimaster.com.ar\/web\/wp-json\/wp\/v2\/media?parent=83384"}],"wp:term":[{"taxonomy":"category","embeddable":true,"href":"https:\/\/www.arquimaster.com.ar\/web\/wp-json\/wp\/v2\/categories?post=83384"},{"taxonomy":"post_tag","embeddable":true,"href":"https:\/\/www.arquimaster.com.ar\/web\/wp-json\/wp\/v2\/tags?post=83384"}],"curies":[{"name":"wp","href":"https:\/\/api.w.org\/{rel}","templated":true}]}}