{"id":83412,"date":"2025-01-23T14:55:46","date_gmt":"2025-01-23T17:55:46","guid":{"rendered":"https:\/\/www.arquimaster.com.ar\/web\/?p=83412"},"modified":"2025-07-23T19:22:23","modified_gmt":"2025-07-23T22:22:23","slug":"green-house-anna-eugeni-bach","status":"publish","type":"post","link":"https:\/\/www.arquimaster.com.ar\/web\/green-house-anna-eugeni-bach\/","title":{"rendered":"Green House \/ Anna &amp; Eugeni Bach"},"content":{"rendered":"<div style=\"margin-top: 0px; margin-bottom: 0px;\" class=\"sharethis-inline-share-buttons\" ><\/div><div class=\"b812932af2e751442846f039925109de\" data-index=\"1\" style=\"float: none; margin:25px 0 25px 0; text-align:center;\">\n<script async src=\"https:\/\/pagead2.googlesyndication.com\/pagead\/js\/adsbygoogle.js\"><\/script>\r\n<!-- Arquimaster (superior) -->\r\n<ins class=\"adsbygoogle\"\r\n     style=\"display:block\"\r\n     data-ad-client=\"ca-pub-6351072698456832\"\r\n     data-ad-slot=\"6455489680\"\r\n     data-ad-format=\"auto\"\r\n     data-full-width-responsive=\"true\"><\/ins>\r\n<script>\r\n     (adsbygoogle = window.adsbygoogle || []).push({});\r\n<\/script>\n<\/div>\n<p><strong>Green House<\/strong> (Barcelona) por <strong>Anna &amp; Eugeni Bach \/ Bach arquitectes<\/strong>. Disfrutar del espacio exterior. Cocinar, comer y compartir la tarde con los amigos bajo las hojas de un denso ficus en una habitaci\u00f3n al aire libre. Convertir el jard\u00edn existente en una estancia m\u00e1s de la casa para generar un oasis dentro del barrio donde trasladar gran parte de la actividad diaria, mientras gozamos del agradable clima mediterr\u00e1neo.<\/p>\n<div id='gallery-1' class='gallery galleryid-83412 gallery-columns-3 gallery-size-thumbnail'><figure class='gallery-item'>\n\t\t\t<div class='gallery-icon portrait'>\n\t\t\t\t<a href='https:\/\/www.arquimaster.com.ar\/web\/wp-content\/uploads\/2025\/01\/green_house_1.jpg' title=\"Green House \/ Anna &amp; Eugeni Bach (\u00a9 Eugeni Bach)\" data-rl_title=\"Green House \/ Anna &amp; Eugeni Bach (\u00a9 Eugeni Bach)\" class=\"rl-gallery-link\" data-rl_caption=\"Green House \/ Anna &amp; Eugeni Bach (\u00a9 Eugeni Bach)\" data-rel=\"lightbox-gallery-1\"><img loading=\"lazy\" decoding=\"async\" width=\"150\" height=\"150\" src=\"https:\/\/www.arquimaster.com.ar\/web\/wp-content\/uploads\/2025\/01\/green_house_1-150x150.jpg\" class=\"attachment-thumbnail size-thumbnail\" alt=\"Green House \/ Anna &amp; Eugeni Bach\" aria-describedby=\"gallery-1-83414\" \/><\/a>\n\t\t\t<\/div>\n\t\t\t\t<figcaption class='wp-caption-text gallery-caption' id='gallery-1-83414'>\n\t\t\t\tGreen House \/ Anna &#038; Eugeni Bach (\u00a9 Eugeni Bach)\n\t\t\t\t<\/figcaption><\/figure><figure class='gallery-item'>\n\t\t\t<div class='gallery-icon portrait'>\n\t\t\t\t<a href='https:\/\/www.arquimaster.com.ar\/web\/wp-content\/uploads\/2025\/01\/green_house_2.jpg' title=\"Green House \/ Anna &amp; Eugeni Bach (\u00a9 Eugeni Bach)\" data-rl_title=\"Green House \/ Anna &amp; Eugeni Bach (\u00a9 Eugeni Bach)\" class=\"rl-gallery-link\" data-rl_caption=\"Green House \/ Anna &amp; Eugeni Bach (\u00a9 Eugeni Bach)\" data-rel=\"lightbox-gallery-1\"><img loading=\"lazy\" decoding=\"async\" width=\"150\" height=\"150\" src=\"https:\/\/www.arquimaster.com.ar\/web\/wp-content\/uploads\/2025\/01\/green_house_2-150x150.jpg\" class=\"attachment-thumbnail size-thumbnail\" alt=\"Green House \/ Anna &amp; Eugeni Bach\" aria-describedby=\"gallery-1-83415\" \/><\/a>\n\t\t\t<\/div>\n\t\t\t\t<figcaption class='wp-caption-text gallery-caption' id='gallery-1-83415'>\n\t\t\t\tGreen House \/ Anna &#038; Eugeni Bach (\u00a9 Eugeni Bach)\n\t\t\t\t<\/figcaption><\/figure><figure class='gallery-item'>\n\t\t\t<div class='gallery-icon landscape'>\n\t\t\t\t<a href='https:\/\/www.arquimaster.com.ar\/web\/wp-content\/uploads\/2025\/01\/green_house_3.jpg' title=\"Green House \/ Anna &amp; Eugeni Bach (\u00a9 Eugeni Bach)\" data-rl_title=\"Green House \/ Anna &amp; Eugeni Bach (\u00a9 Eugeni Bach)\" class=\"rl-gallery-link\" data-rl_caption=\"Green House \/ Anna &amp; Eugeni Bach (\u00a9 Eugeni Bach)\" data-rel=\"lightbox-gallery-1\"><img loading=\"lazy\" decoding=\"async\" width=\"150\" height=\"150\" src=\"https:\/\/www.arquimaster.com.ar\/web\/wp-content\/uploads\/2025\/01\/green_house_3-150x150.jpg\" class=\"attachment-thumbnail size-thumbnail\" alt=\"Green House \/ Anna &amp; Eugeni Bach\" aria-describedby=\"gallery-1-83416\" srcset=\"https:\/\/www.arquimaster.com.ar\/web\/wp-content\/uploads\/2025\/01\/green_house_3-150x150.jpg 150w, https:\/\/www.arquimaster.com.ar\/web\/wp-content\/uploads\/2025\/01\/green_house_3-768x768.jpg 768w, https:\/\/www.arquimaster.com.ar\/web\/wp-content\/uploads\/2025\/01\/green_house_3.jpg 1500w\" sizes=\"auto, (max-width: 150px) 100vw, 150px\" \/><\/a>\n\t\t\t<\/div>\n\t\t\t\t<figcaption class='wp-caption-text gallery-caption' id='gallery-1-83416'>\n\t\t\t\tGreen House \/ Anna &#038; Eugeni Bach (\u00a9 Eugeni Bach)\n\t\t\t\t<\/figcaption><\/figure><figure class='gallery-item'>\n\t\t\t<div class='gallery-icon portrait'>\n\t\t\t\t<a href='https:\/\/www.arquimaster.com.ar\/web\/wp-content\/uploads\/2025\/01\/green_house_4.jpg' title=\"Green House \/ Anna &amp; Eugeni Bach (\u00a9 Eugeni Bach)\" data-rl_title=\"Green House \/ Anna &amp; Eugeni Bach (\u00a9 Eugeni Bach)\" class=\"rl-gallery-link\" data-rl_caption=\"Green House \/ Anna &amp; Eugeni Bach (\u00a9 Eugeni Bach)\" data-rel=\"lightbox-gallery-1\"><img loading=\"lazy\" decoding=\"async\" width=\"150\" height=\"150\" src=\"https:\/\/www.arquimaster.com.ar\/web\/wp-content\/uploads\/2025\/01\/green_house_4-150x150.jpg\" class=\"attachment-thumbnail size-thumbnail\" alt=\"Green House \/ Anna &amp; Eugeni Bach\" aria-describedby=\"gallery-1-83417\" \/><\/a>\n\t\t\t<\/div>\n\t\t\t\t<figcaption class='wp-caption-text gallery-caption' id='gallery-1-83417'>\n\t\t\t\tGreen House \/ Anna &#038; Eugeni Bach (\u00a9 Eugeni Bach)\n\t\t\t\t<\/figcaption><\/figure><figure class='gallery-item'>\n\t\t\t<div class='gallery-icon portrait'>\n\t\t\t\t<a href='https:\/\/www.arquimaster.com.ar\/web\/wp-content\/uploads\/2025\/01\/green_house_5.jpg' title=\"Green House \/ Anna &amp; Eugeni Bach (\u00a9 Eugeni Bach)\" data-rl_title=\"Green House \/ Anna &amp; Eugeni Bach (\u00a9 Eugeni Bach)\" class=\"rl-gallery-link\" data-rl_caption=\"Green House \/ Anna &amp; Eugeni Bach (\u00a9 Eugeni Bach)\" data-rel=\"lightbox-gallery-1\"><img loading=\"lazy\" decoding=\"async\" width=\"150\" height=\"150\" src=\"https:\/\/www.arquimaster.com.ar\/web\/wp-content\/uploads\/2025\/01\/green_house_5-150x150.jpg\" class=\"attachment-thumbnail size-thumbnail\" alt=\"Green House \/ Anna &amp; Eugeni Bach\" aria-describedby=\"gallery-1-83418\" \/><\/a>\n\t\t\t<\/div>\n\t\t\t\t<figcaption class='wp-caption-text gallery-caption' id='gallery-1-83418'>\n\t\t\t\tGreen House \/ Anna &#038; Eugeni Bach (\u00a9 Eugeni Bach)\n\t\t\t\t<\/figcaption><\/figure><figure class='gallery-item'>\n\t\t\t<div class='gallery-icon landscape'>\n\t\t\t\t<a href='https:\/\/www.arquimaster.com.ar\/web\/wp-content\/uploads\/2025\/01\/green_house_6.jpg' title=\"Green House \/ Anna &amp; Eugeni Bach (\u00a9 Eugeni Bach)\" data-rl_title=\"Green House \/ Anna &amp; Eugeni Bach (\u00a9 Eugeni Bach)\" class=\"rl-gallery-link\" data-rl_caption=\"Green House \/ Anna &amp; Eugeni Bach (\u00a9 Eugeni Bach)\" data-rel=\"lightbox-gallery-1\"><img loading=\"lazy\" decoding=\"async\" width=\"150\" height=\"150\" src=\"https:\/\/www.arquimaster.com.ar\/web\/wp-content\/uploads\/2025\/01\/green_house_6-150x150.jpg\" class=\"attachment-thumbnail size-thumbnail\" alt=\"Green House \/ Anna &amp; Eugeni Bach\" aria-describedby=\"gallery-1-83419\" srcset=\"https:\/\/www.arquimaster.com.ar\/web\/wp-content\/uploads\/2025\/01\/green_house_6-150x150.jpg 150w, https:\/\/www.arquimaster.com.ar\/web\/wp-content\/uploads\/2025\/01\/green_house_6-768x768.jpg 768w, https:\/\/www.arquimaster.com.ar\/web\/wp-content\/uploads\/2025\/01\/green_house_6.jpg 1500w\" sizes=\"auto, (max-width: 150px) 100vw, 150px\" \/><\/a>\n\t\t\t<\/div>\n\t\t\t\t<figcaption class='wp-caption-text gallery-caption' id='gallery-1-83419'>\n\t\t\t\tGreen House \/ Anna &#038; Eugeni Bach (\u00a9 Eugeni Bach)\n\t\t\t\t<\/figcaption><\/figure><figure class='gallery-item'>\n\t\t\t<div class='gallery-icon landscape'>\n\t\t\t\t<a href='https:\/\/www.arquimaster.com.ar\/web\/wp-content\/uploads\/2025\/01\/green_house_7.jpg' title=\"Green House \/ Anna &amp; Eugeni Bach (\u00a9 Eugeni Bach)\" data-rl_title=\"Green House \/ Anna &amp; Eugeni Bach (\u00a9 Eugeni Bach)\" class=\"rl-gallery-link\" data-rl_caption=\"Green House \/ Anna &amp; Eugeni Bach (\u00a9 Eugeni Bach)\" data-rel=\"lightbox-gallery-1\"><img loading=\"lazy\" decoding=\"async\" width=\"150\" height=\"150\" src=\"https:\/\/www.arquimaster.com.ar\/web\/wp-content\/uploads\/2025\/01\/green_house_7-150x150.jpg\" class=\"attachment-thumbnail size-thumbnail\" alt=\"Green House \/ Anna &amp; Eugeni Bach\" aria-describedby=\"gallery-1-83420\" srcset=\"https:\/\/www.arquimaster.com.ar\/web\/wp-content\/uploads\/2025\/01\/green_house_7-150x150.jpg 150w, https:\/\/www.arquimaster.com.ar\/web\/wp-content\/uploads\/2025\/01\/green_house_7-768x768.jpg 768w, https:\/\/www.arquimaster.com.ar\/web\/wp-content\/uploads\/2025\/01\/green_house_7.jpg 1500w\" sizes=\"auto, (max-width: 150px) 100vw, 150px\" \/><\/a>\n\t\t\t<\/div>\n\t\t\t\t<figcaption class='wp-caption-text gallery-caption' id='gallery-1-83420'>\n\t\t\t\tGreen House \/ Anna &#038; Eugeni Bach (\u00a9 Eugeni Bach)\n\t\t\t\t<\/figcaption><\/figure><figure class='gallery-item'>\n\t\t\t<div class='gallery-icon portrait'>\n\t\t\t\t<a href='https:\/\/www.arquimaster.com.ar\/web\/wp-content\/uploads\/2025\/01\/green_house_8.jpg' title=\"Green House \/ Anna &amp; Eugeni Bach (\u00a9 Eugeni Bach)\" data-rl_title=\"Green House \/ Anna &amp; Eugeni Bach (\u00a9 Eugeni Bach)\" class=\"rl-gallery-link\" data-rl_caption=\"Green House \/ Anna &amp; Eugeni Bach (\u00a9 Eugeni Bach)\" data-rel=\"lightbox-gallery-1\"><img loading=\"lazy\" decoding=\"async\" width=\"150\" height=\"150\" src=\"https:\/\/www.arquimaster.com.ar\/web\/wp-content\/uploads\/2025\/01\/green_house_8-150x150.jpg\" class=\"attachment-thumbnail size-thumbnail\" alt=\"Green House \/ Anna &amp; Eugeni Bach\" aria-describedby=\"gallery-1-83421\" \/><\/a>\n\t\t\t<\/div>\n\t\t\t\t<figcaption class='wp-caption-text gallery-caption' id='gallery-1-83421'>\n\t\t\t\tGreen House \/ Anna &#038; Eugeni Bach (\u00a9 Eugeni Bach)\n\t\t\t\t<\/figcaption><\/figure><figure class='gallery-item'>\n\t\t\t<div class='gallery-icon landscape'>\n\t\t\t\t<a href='https:\/\/www.arquimaster.com.ar\/web\/wp-content\/uploads\/2025\/01\/green_house_9.jpg' title=\"Green House \/ Anna &amp; Eugeni Bach (\u00a9 Eugeni Bach)\" data-rl_title=\"Green House \/ Anna &amp; Eugeni Bach (\u00a9 Eugeni Bach)\" class=\"rl-gallery-link\" data-rl_caption=\"Green House \/ Anna &amp; Eugeni Bach (\u00a9 Eugeni Bach)\" data-rel=\"lightbox-gallery-1\"><img loading=\"lazy\" decoding=\"async\" width=\"150\" height=\"150\" src=\"https:\/\/www.arquimaster.com.ar\/web\/wp-content\/uploads\/2025\/01\/green_house_9-150x150.jpg\" class=\"attachment-thumbnail size-thumbnail\" alt=\"Green House \/ Anna &amp; Eugeni Bach\" aria-describedby=\"gallery-1-83422\" srcset=\"https:\/\/www.arquimaster.com.ar\/web\/wp-content\/uploads\/2025\/01\/green_house_9-150x150.jpg 150w, https:\/\/www.arquimaster.com.ar\/web\/wp-content\/uploads\/2025\/01\/green_house_9-768x768.jpg 768w, https:\/\/www.arquimaster.com.ar\/web\/wp-content\/uploads\/2025\/01\/green_house_9.jpg 1500w\" sizes=\"auto, (max-width: 150px) 100vw, 150px\" \/><\/a>\n\t\t\t<\/div>\n\t\t\t\t<figcaption class='wp-caption-text gallery-caption' id='gallery-1-83422'>\n\t\t\t\tGreen House \/ Anna &#038; Eugeni Bach (\u00a9 Eugeni Bach)\n\t\t\t\t<\/figcaption><\/figure><figure class='gallery-item'>\n\t\t\t<div class='gallery-icon portrait'>\n\t\t\t\t<a href='https:\/\/www.arquimaster.com.ar\/web\/wp-content\/uploads\/2025\/01\/green_house_10.jpg' title=\"Green House \/ Anna &amp; Eugeni Bach (\u00a9 Eugeni Bach)\" data-rl_title=\"Green House \/ Anna &amp; Eugeni Bach (\u00a9 Eugeni Bach)\" class=\"rl-gallery-link\" data-rl_caption=\"Green House \/ Anna &amp; Eugeni Bach (\u00a9 Eugeni Bach)\" data-rel=\"lightbox-gallery-1\"><img loading=\"lazy\" decoding=\"async\" width=\"150\" height=\"150\" src=\"https:\/\/www.arquimaster.com.ar\/web\/wp-content\/uploads\/2025\/01\/green_house_10-150x150.jpg\" class=\"attachment-thumbnail size-thumbnail\" alt=\"Green House \/ Anna &amp; Eugeni Bach\" aria-describedby=\"gallery-1-83423\" \/><\/a>\n\t\t\t<\/div>\n\t\t\t\t<figcaption class='wp-caption-text gallery-caption' id='gallery-1-83423'>\n\t\t\t\tGreen House \/ Anna &#038; Eugeni Bach (\u00a9 Eugeni Bach)\n\t\t\t\t<\/figcaption><\/figure><figure class='gallery-item'>\n\t\t\t<div class='gallery-icon landscape'>\n\t\t\t\t<a href='https:\/\/www.arquimaster.com.ar\/web\/wp-content\/uploads\/2025\/01\/green_house_11.jpg' title=\"Green House \/ Anna &amp; Eugeni Bach (\u00a9 Eugeni Bach)\" data-rl_title=\"Green House \/ Anna &amp; Eugeni Bach (\u00a9 Eugeni Bach)\" class=\"rl-gallery-link\" data-rl_caption=\"Green House \/ Anna &amp; Eugeni Bach (\u00a9 Eugeni Bach)\" data-rel=\"lightbox-gallery-1\"><img loading=\"lazy\" decoding=\"async\" width=\"150\" height=\"150\" src=\"https:\/\/www.arquimaster.com.ar\/web\/wp-content\/uploads\/2025\/01\/green_house_11-150x150.jpg\" class=\"attachment-thumbnail size-thumbnail\" alt=\"Green House \/ Anna &amp; Eugeni Bach\" aria-describedby=\"gallery-1-83424\" srcset=\"https:\/\/www.arquimaster.com.ar\/web\/wp-content\/uploads\/2025\/01\/green_house_11-150x150.jpg 150w, https:\/\/www.arquimaster.com.ar\/web\/wp-content\/uploads\/2025\/01\/green_house_11-768x768.jpg 768w, https:\/\/www.arquimaster.com.ar\/web\/wp-content\/uploads\/2025\/01\/green_house_11.jpg 1500w\" sizes=\"auto, (max-width: 150px) 100vw, 150px\" \/><\/a>\n\t\t\t<\/div>\n\t\t\t\t<figcaption class='wp-caption-text gallery-caption' id='gallery-1-83424'>\n\t\t\t\tGreen House \/ Anna &#038; Eugeni Bach (\u00a9 Eugeni Bach)\n\t\t\t\t<\/figcaption><\/figure><figure class='gallery-item'>\n\t\t\t<div class='gallery-icon portrait'>\n\t\t\t\t<a href='https:\/\/www.arquimaster.com.ar\/web\/wp-content\/uploads\/2025\/01\/green_house_12.jpg' title=\"Green House \/ Anna &amp; Eugeni Bach (\u00a9 Eugeni Bach)\" data-rl_title=\"Green House \/ Anna &amp; Eugeni Bach (\u00a9 Eugeni Bach)\" class=\"rl-gallery-link\" data-rl_caption=\"Green House \/ Anna &amp; Eugeni Bach (\u00a9 Eugeni Bach)\" data-rel=\"lightbox-gallery-1\"><img loading=\"lazy\" decoding=\"async\" width=\"150\" height=\"150\" src=\"https:\/\/www.arquimaster.com.ar\/web\/wp-content\/uploads\/2025\/01\/green_house_12-150x150.jpg\" class=\"attachment-thumbnail size-thumbnail\" alt=\"Green House \/ Anna &amp; Eugeni Bach\" aria-describedby=\"gallery-1-83425\" \/><\/a>\n\t\t\t<\/div>\n\t\t\t\t<figcaption class='wp-caption-text gallery-caption' id='gallery-1-83425'>\n\t\t\t\tGreen House \/ Anna &#038; Eugeni Bach (\u00a9 Eugeni Bach)\n\t\t\t\t<\/figcaption><\/figure><figure class='gallery-item'>\n\t\t\t<div class='gallery-icon portrait'>\n\t\t\t\t<a href='https:\/\/www.arquimaster.com.ar\/web\/wp-content\/uploads\/2025\/01\/green_house_13.jpg' title=\"Green House \/ Anna &amp; Eugeni Bach (\u00a9 Eugeni Bach)\" data-rl_title=\"Green House \/ Anna &amp; Eugeni Bach (\u00a9 Eugeni Bach)\" class=\"rl-gallery-link\" data-rl_caption=\"Green House \/ Anna &amp; Eugeni Bach (\u00a9 Eugeni Bach)\" data-rel=\"lightbox-gallery-1\"><img loading=\"lazy\" decoding=\"async\" width=\"150\" height=\"150\" src=\"https:\/\/www.arquimaster.com.ar\/web\/wp-content\/uploads\/2025\/01\/green_house_13-150x150.jpg\" class=\"attachment-thumbnail size-thumbnail\" alt=\"Green House \/ Anna &amp; Eugeni Bach\" aria-describedby=\"gallery-1-83426\" \/><\/a>\n\t\t\t<\/div>\n\t\t\t\t<figcaption class='wp-caption-text gallery-caption' id='gallery-1-83426'>\n\t\t\t\tGreen House \/ Anna &#038; Eugeni Bach (\u00a9 Eugeni Bach)\n\t\t\t\t<\/figcaption><\/figure><figure class='gallery-item'>\n\t\t\t<div class='gallery-icon portrait'>\n\t\t\t\t<a href='https:\/\/www.arquimaster.com.ar\/web\/wp-content\/uploads\/2025\/01\/green_house_14.jpg' title=\"Green House \/ Anna &amp; Eugeni Bach (\u00a9 Eugeni Bach)\" data-rl_title=\"Green House \/ Anna &amp; Eugeni Bach (\u00a9 Eugeni Bach)\" class=\"rl-gallery-link\" data-rl_caption=\"Green House \/ Anna &amp; Eugeni Bach (\u00a9 Eugeni Bach)\" data-rel=\"lightbox-gallery-1\"><img loading=\"lazy\" decoding=\"async\" width=\"150\" height=\"150\" src=\"https:\/\/www.arquimaster.com.ar\/web\/wp-content\/uploads\/2025\/01\/green_house_14-150x150.jpg\" class=\"attachment-thumbnail size-thumbnail\" alt=\"Green House \/ Anna &amp; Eugeni Bach\" aria-describedby=\"gallery-1-83427\" \/><\/a>\n\t\t\t<\/div>\n\t\t\t\t<figcaption class='wp-caption-text gallery-caption' id='gallery-1-83427'>\n\t\t\t\tGreen House \/ Anna &#038; Eugeni Bach (\u00a9 Eugeni Bach)\n\t\t\t\t<\/figcaption><\/figure><figure class='gallery-item'>\n\t\t\t<div class='gallery-icon portrait'>\n\t\t\t\t<a href='https:\/\/www.arquimaster.com.ar\/web\/wp-content\/uploads\/2025\/01\/green_house_15.jpg' title=\"Green House \/ Anna &amp; Eugeni Bach (\u00a9 Eugeni Bach)\" data-rl_title=\"Green House \/ Anna &amp; Eugeni Bach (\u00a9 Eugeni Bach)\" class=\"rl-gallery-link\" data-rl_caption=\"Green House \/ Anna &amp; Eugeni Bach (\u00a9 Eugeni Bach)\" data-rel=\"lightbox-gallery-1\"><img loading=\"lazy\" decoding=\"async\" width=\"150\" height=\"150\" src=\"https:\/\/www.arquimaster.com.ar\/web\/wp-content\/uploads\/2025\/01\/green_house_15-150x150.jpg\" class=\"attachment-thumbnail size-thumbnail\" alt=\"Green House \/ Anna &amp; Eugeni Bach\" aria-describedby=\"gallery-1-83428\" \/><\/a>\n\t\t\t<\/div>\n\t\t\t\t<figcaption class='wp-caption-text gallery-caption' id='gallery-1-83428'>\n\t\t\t\tGreen House \/ Anna &#038; Eugeni Bach (\u00a9 Eugeni Bach)\n\t\t\t\t<\/figcaption><\/figure><figure class='gallery-item'>\n\t\t\t<div class='gallery-icon landscape'>\n\t\t\t\t<a href='https:\/\/www.arquimaster.com.ar\/web\/wp-content\/uploads\/2025\/01\/green_house_16.jpg' title=\"Green House \/ Anna &amp; Eugeni Bach (\u00a9 Eugeni Bach)\" data-rl_title=\"Green House \/ Anna &amp; Eugeni Bach (\u00a9 Eugeni Bach)\" class=\"rl-gallery-link\" data-rl_caption=\"Green House \/ Anna &amp; Eugeni Bach (\u00a9 Eugeni Bach)\" data-rel=\"lightbox-gallery-1\"><img loading=\"lazy\" decoding=\"async\" width=\"150\" height=\"150\" src=\"https:\/\/www.arquimaster.com.ar\/web\/wp-content\/uploads\/2025\/01\/green_house_16-150x150.jpg\" class=\"attachment-thumbnail size-thumbnail\" alt=\"Green House \/ Anna &amp; Eugeni Bach\" aria-describedby=\"gallery-1-83429\" \/><\/a>\n\t\t\t<\/div>\n\t\t\t\t<figcaption class='wp-caption-text gallery-caption' id='gallery-1-83429'>\n\t\t\t\tGreen House \/ Anna &#038; Eugeni Bach (\u00a9 Eugeni Bach)\n\t\t\t\t<\/figcaption><\/figure><figure class='gallery-item'>\n\t\t\t<div class='gallery-icon landscape'>\n\t\t\t\t<a href='https:\/\/www.arquimaster.com.ar\/web\/wp-content\/uploads\/2025\/01\/green_house_17.jpg' title=\"Green House \/ Anna &amp; Eugeni Bach (\u00a9 Eugeni Bach)\" data-rl_title=\"Green House \/ Anna &amp; Eugeni Bach (\u00a9 Eugeni Bach)\" class=\"rl-gallery-link\" data-rl_caption=\"Green House \/ Anna &amp; Eugeni Bach (\u00a9 Eugeni Bach)\" data-rel=\"lightbox-gallery-1\"><img loading=\"lazy\" decoding=\"async\" width=\"150\" height=\"150\" src=\"https:\/\/www.arquimaster.com.ar\/web\/wp-content\/uploads\/2025\/01\/green_house_17-150x150.jpg\" class=\"attachment-thumbnail size-thumbnail\" alt=\"Green House \/ Anna &amp; Eugeni Bach\" aria-describedby=\"gallery-1-83430\" \/><\/a>\n\t\t\t<\/div>\n\t\t\t\t<figcaption class='wp-caption-text gallery-caption' id='gallery-1-83430'>\n\t\t\t\tGreen House \/ Anna &#038; Eugeni Bach (\u00a9 Eugeni Bach)\n\t\t\t\t<\/figcaption><\/figure><figure class='gallery-item'>\n\t\t\t<div class='gallery-icon landscape'>\n\t\t\t\t<a href='https:\/\/www.arquimaster.com.ar\/web\/wp-content\/uploads\/2025\/01\/green_house_18.jpg' title=\"Green House \/ Anna &amp; Eugeni Bach (\u00a9 Eugeni Bach)\" data-rl_title=\"Green House \/ Anna &amp; Eugeni Bach (\u00a9 Eugeni Bach)\" class=\"rl-gallery-link\" data-rl_caption=\"Green House \/ Anna &amp; Eugeni Bach (\u00a9 Eugeni Bach)\" data-rel=\"lightbox-gallery-1\"><img loading=\"lazy\" decoding=\"async\" width=\"150\" height=\"150\" src=\"https:\/\/www.arquimaster.com.ar\/web\/wp-content\/uploads\/2025\/01\/green_house_18-150x150.jpg\" class=\"attachment-thumbnail size-thumbnail\" alt=\"Green House \/ Anna &amp; Eugeni Bach\" aria-describedby=\"gallery-1-83431\" \/><\/a>\n\t\t\t<\/div>\n\t\t\t\t<figcaption class='wp-caption-text gallery-caption' id='gallery-1-83431'>\n\t\t\t\tGreen House \/ Anna &#038; Eugeni Bach (\u00a9 Eugeni Bach)\n\t\t\t\t<\/figcaption><\/figure><figure class='gallery-item'>\n\t\t\t<div class='gallery-icon landscape'>\n\t\t\t\t<a href='https:\/\/www.arquimaster.com.ar\/web\/wp-content\/uploads\/2025\/01\/green_house_19.jpg' title=\"Green House \/ Anna &amp; Eugeni Bach (\u00a9 Eugeni Bach)\" data-rl_title=\"Green House \/ Anna &amp; Eugeni Bach (\u00a9 Eugeni Bach)\" class=\"rl-gallery-link\" data-rl_caption=\"Green House \/ Anna &amp; Eugeni Bach (\u00a9 Eugeni Bach)\" data-rel=\"lightbox-gallery-1\"><img loading=\"lazy\" decoding=\"async\" width=\"150\" height=\"150\" src=\"https:\/\/www.arquimaster.com.ar\/web\/wp-content\/uploads\/2025\/01\/green_house_19-150x150.jpg\" class=\"attachment-thumbnail size-thumbnail\" alt=\"Green House \/ Anna &amp; Eugeni Bach\" aria-describedby=\"gallery-1-83432\" \/><\/a>\n\t\t\t<\/div>\n\t\t\t\t<figcaption class='wp-caption-text gallery-caption' id='gallery-1-83432'>\n\t\t\t\tGreen House \/ Anna &#038; Eugeni Bach (\u00a9 Eugeni Bach)\n\t\t\t\t<\/figcaption><\/figure><figure class='gallery-item'>\n\t\t\t<div class='gallery-icon landscape'>\n\t\t\t\t<a href='https:\/\/www.arquimaster.com.ar\/web\/wp-content\/uploads\/2025\/01\/green_house_20.jpg' title=\"Green House \/ Anna &amp; Eugeni Bach (\u00a9 Eugeni Bach)\" data-rl_title=\"Green House \/ Anna &amp; Eugeni Bach (\u00a9 Eugeni Bach)\" class=\"rl-gallery-link\" data-rl_caption=\"Green House \/ Anna &amp; Eugeni Bach (\u00a9 Eugeni Bach)\" data-rel=\"lightbox-gallery-1\"><img loading=\"lazy\" decoding=\"async\" width=\"150\" height=\"150\" src=\"https:\/\/www.arquimaster.com.ar\/web\/wp-content\/uploads\/2025\/01\/green_house_20-150x150.jpg\" class=\"attachment-thumbnail size-thumbnail\" alt=\"Green House \/ Anna &amp; Eugeni Bach\" aria-describedby=\"gallery-1-83433\" \/><\/a>\n\t\t\t<\/div>\n\t\t\t\t<figcaption class='wp-caption-text gallery-caption' id='gallery-1-83433'>\n\t\t\t\tGreen House \/ Anna &#038; Eugeni Bach (\u00a9 Eugeni Bach)\n\t\t\t\t<\/figcaption><\/figure><figure class='gallery-item'>\n\t\t\t<div class='gallery-icon portrait'>\n\t\t\t\t<a href='https:\/\/www.arquimaster.com.ar\/web\/wp-content\/uploads\/2025\/01\/green_house_21.jpg' title=\"Green House \/ Anna &amp; Eugeni Bach (croquis)\" data-rl_title=\"Green House \/ Anna &amp; Eugeni Bach (croquis)\" class=\"rl-gallery-link\" data-rl_caption=\"Green House \/ Anna &amp; Eugeni Bach (croquis)\" data-rel=\"lightbox-gallery-1\"><img loading=\"lazy\" decoding=\"async\" width=\"150\" height=\"150\" src=\"https:\/\/www.arquimaster.com.ar\/web\/wp-content\/uploads\/2025\/01\/green_house_21-150x150.jpg\" class=\"attachment-thumbnail size-thumbnail\" alt=\"Green House \/ Anna &amp; Eugeni Bach\" aria-describedby=\"gallery-1-83434\" \/><\/a>\n\t\t\t<\/div>\n\t\t\t\t<figcaption class='wp-caption-text gallery-caption' id='gallery-1-83434'>\n\t\t\t\tGreen House \/ Anna &#038; Eugeni Bach (croquis)\n\t\t\t\t<\/figcaption><\/figure><figure class='gallery-item'>\n\t\t\t<div class='gallery-icon landscape'>\n\t\t\t\t<a href='https:\/\/www.arquimaster.com.ar\/web\/wp-content\/uploads\/2025\/01\/green_house_22.jpg' title=\"Green House \/ Anna &amp; Eugeni Bach (emplazamento)\" data-rl_title=\"Green House \/ Anna &amp; Eugeni Bach (emplazamento)\" class=\"rl-gallery-link\" data-rl_caption=\"Green House \/ Anna &amp; Eugeni Bach (emplazamento)\" data-rel=\"lightbox-gallery-1\"><img loading=\"lazy\" decoding=\"async\" width=\"150\" height=\"150\" src=\"https:\/\/www.arquimaster.com.ar\/web\/wp-content\/uploads\/2025\/01\/green_house_22-150x150.jpg\" class=\"attachment-thumbnail size-thumbnail\" alt=\"Green House \/ Anna &amp; Eugeni Bach\" aria-describedby=\"gallery-1-83435\" \/><\/a>\n\t\t\t<\/div>\n\t\t\t\t<figcaption class='wp-caption-text gallery-caption' id='gallery-1-83435'>\n\t\t\t\tGreen House \/ Anna &#038; Eugeni Bach (emplazamento)\n\t\t\t\t<\/figcaption><\/figure><figure class='gallery-item'>\n\t\t\t<div class='gallery-icon landscape'>\n\t\t\t\t<a href='https:\/\/www.arquimaster.com.ar\/web\/wp-content\/uploads\/2025\/01\/green_house_23.jpg' title=\"Green House \/ Anna &amp; Eugeni Bach (planta estado original)\" data-rl_title=\"Green House \/ Anna &amp; Eugeni Bach (planta estado original)\" class=\"rl-gallery-link\" data-rl_caption=\"Green House \/ Anna &amp; Eugeni Bach (planta estado original)\" data-rel=\"lightbox-gallery-1\"><img loading=\"lazy\" decoding=\"async\" width=\"150\" height=\"150\" src=\"https:\/\/www.arquimaster.com.ar\/web\/wp-content\/uploads\/2025\/01\/green_house_23-150x150.jpg\" class=\"attachment-thumbnail size-thumbnail\" alt=\"Green House \/ Anna &amp; Eugeni Bach\" aria-describedby=\"gallery-1-83436\" \/><\/a>\n\t\t\t<\/div>\n\t\t\t\t<figcaption class='wp-caption-text gallery-caption' id='gallery-1-83436'>\n\t\t\t\tGreen House \/ Anna &#038; Eugeni Bach (planta estado original)\n\t\t\t\t<\/figcaption><\/figure><figure class='gallery-item'>\n\t\t\t<div class='gallery-icon landscape'>\n\t\t\t\t<a href='https:\/\/www.arquimaster.com.ar\/web\/wp-content\/uploads\/2025\/01\/green_house_24.jpg' title=\"Green House \/ Anna &amp; Eugeni Bach (planta proyecto)\" data-rl_title=\"Green House \/ Anna &amp; Eugeni Bach (planta proyecto)\" class=\"rl-gallery-link\" data-rl_caption=\"Green House \/ Anna &amp; Eugeni Bach (planta proyecto)\" data-rel=\"lightbox-gallery-1\"><img loading=\"lazy\" decoding=\"async\" width=\"150\" height=\"150\" src=\"https:\/\/www.arquimaster.com.ar\/web\/wp-content\/uploads\/2025\/01\/green_house_24-150x150.jpg\" class=\"attachment-thumbnail size-thumbnail\" alt=\"Green House \/ Anna &amp; Eugeni Bach\" aria-describedby=\"gallery-1-83437\" \/><\/a>\n\t\t\t<\/div>\n\t\t\t\t<figcaption class='wp-caption-text gallery-caption' id='gallery-1-83437'>\n\t\t\t\tGreen House \/ Anna &#038; Eugeni Bach (planta proyecto)\n\t\t\t\t<\/figcaption><\/figure><figure class='gallery-item'>\n\t\t\t<div class='gallery-icon landscape'>\n\t\t\t\t<a href='https:\/\/www.arquimaster.com.ar\/web\/wp-content\/uploads\/2025\/01\/green_house_25.jpg' title=\"Green House \/ Anna &amp; Eugeni Bach (axonometria)\" data-rl_title=\"Green House \/ Anna &amp; Eugeni Bach (axonometria)\" class=\"rl-gallery-link\" data-rl_caption=\"Green House \/ Anna &amp; Eugeni Bach (axonometria)\" data-rel=\"lightbox-gallery-1\"><img loading=\"lazy\" decoding=\"async\" width=\"150\" height=\"150\" src=\"https:\/\/www.arquimaster.com.ar\/web\/wp-content\/uploads\/2025\/01\/green_house_25-150x150.jpg\" class=\"attachment-thumbnail size-thumbnail\" alt=\"Green House \/ Anna &amp; Eugeni Bach\" aria-describedby=\"gallery-1-83438\" \/><\/a>\n\t\t\t<\/div>\n\t\t\t\t<figcaption class='wp-caption-text gallery-caption' id='gallery-1-83438'>\n\t\t\t\tGreen House \/ Anna &#038; Eugeni Bach (axonometria)\n\t\t\t\t<\/figcaption><\/figure><figure class='gallery-item'>\n\t\t\t<div class='gallery-icon landscape'>\n\t\t\t\t<a href='https:\/\/www.arquimaster.com.ar\/web\/wp-content\/uploads\/2025\/01\/green_house_26.jpg' title=\"Green House \/ Anna &amp; Eugeni Bach (detalles carpinteria)\" data-rl_title=\"Green House \/ Anna &amp; Eugeni Bach (detalles carpinteria)\" class=\"rl-gallery-link\" data-rl_caption=\"Green House \/ Anna &amp; Eugeni Bach (detalles carpinteria)\" data-rel=\"lightbox-gallery-1\"><img loading=\"lazy\" decoding=\"async\" width=\"150\" height=\"150\" src=\"https:\/\/www.arquimaster.com.ar\/web\/wp-content\/uploads\/2025\/01\/green_house_26-150x150.jpg\" class=\"attachment-thumbnail size-thumbnail\" alt=\"Green House \/ Anna &amp; Eugeni Bach\" aria-describedby=\"gallery-1-83439\" \/><\/a>\n\t\t\t<\/div>\n\t\t\t\t<figcaption class='wp-caption-text gallery-caption' id='gallery-1-83439'>\n\t\t\t\tGreen House \/ Anna &#038; Eugeni Bach (detalles carpinteria)\n\t\t\t\t<\/figcaption><\/figure><figure class='gallery-item'>\n\t\t\t<div class='gallery-icon landscape'>\n\t\t\t\t<a href='https:\/\/www.arquimaster.com.ar\/web\/wp-content\/uploads\/2025\/01\/green_house_27.jpg' title=\"Green House \/ Anna &amp; Eugeni Bach (corte)\" data-rl_title=\"Green House \/ Anna &amp; Eugeni Bach (corte)\" class=\"rl-gallery-link\" data-rl_caption=\"Green House \/ Anna &amp; Eugeni Bach (corte)\" data-rel=\"lightbox-gallery-1\"><img loading=\"lazy\" decoding=\"async\" width=\"150\" height=\"150\" src=\"https:\/\/www.arquimaster.com.ar\/web\/wp-content\/uploads\/2025\/01\/green_house_27-150x150.jpg\" class=\"attachment-thumbnail size-thumbnail\" alt=\"Green House \/ Anna &amp; Eugeni Bach\" aria-describedby=\"gallery-1-83440\" \/><\/a>\n\t\t\t<\/div>\n\t\t\t\t<figcaption class='wp-caption-text gallery-caption' id='gallery-1-83440'>\n\t\t\t\tGreen House \/ Anna &#038; Eugeni Bach (corte)\n\t\t\t\t<\/figcaption><\/figure><figure class='gallery-item'>\n\t\t\t<div class='gallery-icon landscape'>\n\t\t\t\t<a href='https:\/\/www.arquimaster.com.ar\/web\/wp-content\/uploads\/2025\/01\/green_house_28.jpg' title=\"Green House \/ Anna &amp; Eugeni Bach (corte)\" data-rl_title=\"Green House \/ Anna &amp; Eugeni Bach (corte)\" class=\"rl-gallery-link\" data-rl_caption=\"Green House \/ Anna &amp; Eugeni Bach (corte)\" data-rel=\"lightbox-gallery-1\"><img loading=\"lazy\" decoding=\"async\" width=\"150\" height=\"150\" src=\"https:\/\/www.arquimaster.com.ar\/web\/wp-content\/uploads\/2025\/01\/green_house_28-150x150.jpg\" class=\"attachment-thumbnail size-thumbnail\" alt=\"Green House \/ Anna &amp; Eugeni Bach\" aria-describedby=\"gallery-1-83441\" \/><\/a>\n\t\t\t<\/div>\n\t\t\t\t<figcaption class='wp-caption-text gallery-caption' id='gallery-1-83441'>\n\t\t\t\tGreen House \/ Anna &#038; Eugeni Bach (corte)\n\t\t\t\t<\/figcaption><\/figure><figure class='gallery-item'>\n\t\t\t<div class='gallery-icon landscape'>\n\t\t\t\t<a href='https:\/\/www.arquimaster.com.ar\/web\/wp-content\/uploads\/2025\/01\/green_house_29.jpg' title=\"Green House \/ Anna &amp; Eugeni Bach (corte)\" data-rl_title=\"Green House \/ Anna &amp; Eugeni Bach (corte)\" class=\"rl-gallery-link\" data-rl_caption=\"Green House \/ Anna &amp; Eugeni Bach (corte)\" data-rel=\"lightbox-gallery-1\"><img loading=\"lazy\" decoding=\"async\" width=\"150\" height=\"150\" src=\"https:\/\/www.arquimaster.com.ar\/web\/wp-content\/uploads\/2025\/01\/green_house_29-150x150.jpg\" class=\"attachment-thumbnail size-thumbnail\" alt=\"Green House \/ Anna &amp; Eugeni Bach\" aria-describedby=\"gallery-1-83442\" \/><\/a>\n\t\t\t<\/div>\n\t\t\t\t<figcaption class='wp-caption-text gallery-caption' id='gallery-1-83442'>\n\t\t\t\tGreen House \/ Anna &#038; Eugeni Bach (corte)\n\t\t\t\t<\/figcaption><\/figure><figure class='gallery-item'>\n\t\t\t<div class='gallery-icon landscape'>\n\t\t\t\t<a href='https:\/\/www.arquimaster.com.ar\/web\/wp-content\/uploads\/2025\/01\/green_house_30.jpg' title=\"Green House \/ Anna &amp; Eugeni Bach (cortes)\" data-rl_title=\"Green House \/ Anna &amp; Eugeni Bach (cortes)\" class=\"rl-gallery-link\" data-rl_caption=\"Green House \/ Anna &amp; Eugeni Bach (cortes)\" data-rel=\"lightbox-gallery-1\"><img loading=\"lazy\" decoding=\"async\" width=\"150\" height=\"150\" src=\"https:\/\/www.arquimaster.com.ar\/web\/wp-content\/uploads\/2025\/01\/green_house_30-150x150.jpg\" class=\"attachment-thumbnail size-thumbnail\" alt=\"Green House \/ Anna &amp; Eugeni Bach\" aria-describedby=\"gallery-1-83443\" \/><\/a>\n\t\t\t<\/div>\n\t\t\t\t<figcaption class='wp-caption-text gallery-caption' id='gallery-1-83443'>\n\t\t\t\tGreen House \/ Anna &#038; Eugeni Bach (cortes)\n\t\t\t\t<\/figcaption><\/figure><figure class='gallery-item'>\n\t\t\t<div class='gallery-icon landscape'>\n\t\t\t\t<a href='https:\/\/www.arquimaster.com.ar\/web\/wp-content\/uploads\/2025\/01\/green_house_31.jpg' title=\"Green House \/ Anna &amp; Eugeni Bach (detalle)\" data-rl_title=\"Green House \/ Anna &amp; Eugeni Bach (detalle)\" class=\"rl-gallery-link\" data-rl_caption=\"Green House \/ Anna &amp; Eugeni Bach (detalle)\" data-rel=\"lightbox-gallery-1\"><img loading=\"lazy\" decoding=\"async\" width=\"150\" height=\"150\" src=\"https:\/\/www.arquimaster.com.ar\/web\/wp-content\/uploads\/2025\/01\/green_house_31-150x150.jpg\" class=\"attachment-thumbnail size-thumbnail\" alt=\"Green House \/ Anna &amp; Eugeni Bach\" aria-describedby=\"gallery-1-83444\" \/><\/a>\n\t\t\t<\/div>\n\t\t\t\t<figcaption class='wp-caption-text gallery-caption' id='gallery-1-83444'>\n\t\t\t\tGreen House \/ Anna &#038; Eugeni Bach (detalle)\n\t\t\t\t<\/figcaption><\/figure>\n\t\t<\/div>\n\n<p>El proyecto consiste en la reforma y ampliaci\u00f3n de una vivienda de dos plantas con un peque\u00f1o jard\u00edn ubicada en los bajos de una finca entre medianeras.<\/p>\n<p>La casa existente dispon\u00eda de cocina y comedor en planta baja, en contacto con el jard\u00edn, y habitaciones en la planta primera, pero no ten\u00eda sal\u00f3n. La premisa de partida por parte de los clientes consist\u00eda en reformar la casa y ampliarla dot\u00e1ndola de este nuevo espacio en contacto con el exterior.<\/p>\n<p>La propuesta empieza reformulando la pregunta y, en lugar de ampliar la casa con esta pieza, trasladamos la cocina al exterior para poder liberar espacio en el interior para el sal\u00f3n y el comedor. De esta manera conseguimos que todas estas piezas est\u00e9n en contacto con el espacio exterior y que desde todas ellas logramos unas visuales largas entre ellas y hacia el jard\u00edn.<\/p>\n<p>El nuevo volumen se realiza con una estructura de madera y vidrio, como un invernadero, en una ubicaci\u00f3n donde, por las sombras del propio edificio y las de los vecinos, nunca hay una gran insolaci\u00f3n. Por otra parte, al ser una pieza tan transparente, conseguimos que el resto de la planta baja contin\u00fae disfrutando de luz natural.<\/p>\n<p>La nueva fachada de la ampliaci\u00f3n se separa de la vertical de la finca mostrando los dos arcos que originalmente encerraban el espacio interior y que ahora act\u00faan como tr\u00e1nsito entre el sal\u00f3n-comedor y la nueva galer\u00eda con la cocina y el estudio.<\/p>\n<p>Al separar la fachada de la vertical de la finca, la nueva envolvente se libera de las directrices del edificio existente, realizando unas peque\u00f1as inflexiones que permiten m\u00e1s espacio en las zonas de mayor actividad, tanto en el interior como en el propio patio.<\/p>\n<p>En la planta primera de la vivienda se realizan peque\u00f1os cambios en el mobiliario de las habitaciones y se reformula la sala \/ estudio, con la voluntad de no intervenir en aquellas zonas donde no es estrictamente necesario.<\/p>\n\n\n<div style=\"height:20px\" aria-hidden=\"true\" class=\"wp-block-spacer\"><\/div>\n\n\n\n<p class=\"has-background\" style=\"background-color:#eaeaea\"><strong>Ficha t\u00e9cnica<\/strong><br>Nombre: Green House<br>Ubicaci\u00f3n: Sants, Barcelona<br>Autor: Anna &amp; Eugeni Bach \/ Bach arquitectes<br>Fecha de finalizaci\u00f3n de la obra: 2024<br>Superficie construida: 150 m2<br>Promotor: Privado<br>Constructor: Restyle Works SL<br>Fotograf\u00edas: Eugeni Bach<br>Sitio web: https:\/\/www.annaeugenibach.com<br>Instagram: @eugenibach + @anna_k_bach<\/p>\n\n\n\n<div style=\"height:40px\" aria-hidden=\"true\" class=\"wp-block-spacer\"><\/div>\n\n\n<p><strong><em>English version<\/em><\/strong><\/p>\n<p><strong><em>Green House<\/em><\/strong><br \/><em>Refurbishment and extension of a house in Barcelona<\/em><\/p>\n<p><em>Enjoying being outdoors. Cooking, eating, and sharing the afternoon with friends under the leaves of a dense ficus tree in an open-air room. Turning the existing garden into an other room of the house creates an oasis within the neighborhood where much of the daily activity happens while enjoying the pleasant Mediterranean climate.<\/em><\/p>\n<p><em>The project consists of the renovation and expansion of a two-story house with a small garden located on the ground floor of a small block between party walls.<\/em><\/p>\n<p><em>The existing house had a kitchen and dining room on the ground floor, in contact with the garden, and bedrooms on the first floor, but it did not have a living room. The assignment consists of renovating and expanding the house by providing it with this new space in contact with the existing patio.<\/em><\/p>\n<p><em>The strategy consists of changing the question and, instead of expanding the house with this piece, we moved the kitchen outside to free up space inside for the living room and the dining room. In this way, we ensure that all these pieces are in contact with the patio and that from all of them, we achieve long views between them and towards the exterior.<\/em><\/p>\n<p><em>The new volume is made with a structure of wood and glass, like a greenhouse, in a location where there is never a big insolation due to the shadows of the building itself and the neighboring ones. On the other hand, the addition being such a transparent piece, we ensure that the rest of the ground floor continues to enjoy natural light.<\/em><\/p>\n<p><em>The new fa\u00e7ade of the extension is detached from the vertical line of the property, freeing the two arches that originally enclosed the interior space and that now act as a transit between the living-dining room and the new gallery with the kitchen and study. By separating the fa\u00e7ade, the new envelope is freed from the guidelines of the existing building, making small inflections that allow more space in the areas of more activity, both inside and in the patio.<\/em><\/p>\n<p><em>On the first floor, small changes are made to the furniture in the rooms, and the living room\/study is reformulated, with the aim of not intervening in those areas where it is not strictly necessary.<\/em><\/p>\n<div style=\"font-size: 0px; height: 0px; line-height: 0px; margin: 0; padding: 0; clear: both;\"><\/div><div style=\"margin-top: 0px; margin-bottom: 0px;\" class=\"sharethis-inline-share-buttons\" ><\/div>","protected":false},"excerpt":{"rendered":"<p>Reforma y ampliaci\u00f3n de una vivienda de dos plantas con un peque\u00f1o jard\u00edn ubicada en los bajos de una finca&#8230;<\/p>\n","protected":false},"author":1,"featured_media":83413,"comment_status":"closed","ping_status":"closed","sticky":false,"template":"","format":"standard","meta":{"_uag_custom_page_level_css":"","footnotes":""},"categories":[857,1,83],"tags":[8156,8159,4282,838,44,8157,679,104,8158,1043,8155,254],"class_list":["post-83412","post","type-post","status-publish","format-standard","has-post-thumbnail","hentry","category-arquitectura-sustentable-proyecto","category-proyecto","category-vivienda-unifamiliar","tag-anna-eugeni-bach","tag-anna-bach","tag-arquitectura-residencial","tag-arquitectura-sostenible","tag-arquitectura-sustentable","tag-bach-arquitectes","tag-barcelona","tag-espana","tag-eugeni-bach","tag-reforma-de-vivienda","tag-sants","tag-vivienda-unifamiliar-2","generate-columns","tablet-grid-50","mobile-grid-100","grid-parent","grid-50"],"yoast_head":"<!-- This site is optimized with the Yoast SEO plugin v27.3 - https:\/\/yoast.com\/product\/yoast-seo-wordpress\/ -->\n<title>Green House \/ Anna &amp; Eugeni Bach - Arquimaster<\/title>\n<meta name=\"description\" content=\"El proyecto consiste en la reforma y ampliaci\u00f3n de una vivienda de dos plantas con un peque\u00f1o jard\u00edn ubicada en los bajos de una finca entre medianeras.\" \/>\n<meta name=\"robots\" content=\"index, follow, max-snippet:-1, max-image-preview:large, max-video-preview:-1\" \/>\n<link rel=\"canonical\" href=\"https:\/\/www.arquimaster.com.ar\/web\/green-house-anna-eugeni-bach\/\" \/>\n<meta property=\"og:locale\" content=\"es_ES\" \/>\n<meta property=\"og:type\" content=\"article\" \/>\n<meta property=\"og:title\" content=\"Green House \/ Anna &amp; Eugeni Bach\" \/>\n<meta property=\"og:description\" content=\"El proyecto consiste en la reforma y ampliaci\u00f3n de una vivienda de dos plantas con un peque\u00f1o jard\u00edn ubicada en los bajos de una finca entre medianeras.\" \/>\n<meta property=\"og:url\" content=\"https:\/\/www.arquimaster.com.ar\/web\/green-house-anna-eugeni-bach\/\" \/>\n<meta property=\"og:site_name\" content=\"Arquimaster\" \/>\n<meta property=\"article:publisher\" content=\"http:\/\/www.facebook.com\/ARQUIMASTER.com.ar\" \/>\n<meta property=\"article:published_time\" content=\"2025-01-23T17:55:46+00:00\" \/>\n<meta property=\"article:modified_time\" content=\"2025-07-23T22:22:23+00:00\" \/>\n<meta property=\"og:image\" content=\"https:\/\/www.arquimaster.com.ar\/web\/wp-content\/uploads\/2025\/01\/green_house_slide.jpg\" \/>\n\t<meta property=\"og:image:width\" content=\"698\" \/>\n\t<meta property=\"og:image:height\" content=\"364\" \/>\n\t<meta property=\"og:image:type\" content=\"image\/jpeg\" \/>\n<meta name=\"author\" content=\"Arquimaster\" \/>\n<meta name=\"twitter:card\" content=\"summary_large_image\" \/>\n<meta name=\"twitter:title\" content=\"Green House \/ Anna &amp; Eugeni Bach\" \/>\n<meta name=\"twitter:description\" content=\"El proyecto consiste en la reforma y ampliaci\u00f3n de una vivienda de dos plantas con un peque\u00f1o jard\u00edn ubicada en los bajos de una finca entre medianeras.\" \/>\n<meta name=\"twitter:image\" content=\"https:\/\/www.arquimaster.com.ar\/web\/wp-content\/uploads\/2025\/01\/green_house_slide.jpg\" \/>\n<meta name=\"twitter:creator\" content=\"@arquimaster\" \/>\n<meta name=\"twitter:site\" content=\"@arquimaster\" \/>\n<meta name=\"twitter:label1\" content=\"Escrito por\" \/>\n\t<meta name=\"twitter:data1\" content=\"Arquimaster\" \/>\n\t<meta name=\"twitter:label2\" content=\"Tiempo de lectura\" \/>\n\t<meta name=\"twitter:data2\" content=\"4 minutos\" \/>\n<script type=\"application\/ld+json\" class=\"yoast-schema-graph\">{\"@context\":\"https:\\\/\\\/schema.org\",\"@graph\":[{\"@type\":\"Article\",\"@id\":\"https:\\\/\\\/www.arquimaster.com.ar\\\/web\\\/green-house-anna-eugeni-bach\\\/#article\",\"isPartOf\":{\"@id\":\"https:\\\/\\\/www.arquimaster.com.ar\\\/web\\\/green-house-anna-eugeni-bach\\\/\"},\"author\":{\"name\":\"Arquimaster\",\"@id\":\"https:\\\/\\\/www.arquimaster.com.ar\\\/web\\\/#\\\/schema\\\/person\\\/359e9f7c00193fcde068e0dd2ceb0028\"},\"headline\":\"Green House \\\/ Anna &amp; Eugeni Bach\",\"datePublished\":\"2025-01-23T17:55:46+00:00\",\"dateModified\":\"2025-07-23T22:22:23+00:00\",\"mainEntityOfPage\":{\"@id\":\"https:\\\/\\\/www.arquimaster.com.ar\\\/web\\\/green-house-anna-eugeni-bach\\\/\"},\"wordCount\":862,\"publisher\":{\"@id\":\"https:\\\/\\\/www.arquimaster.com.ar\\\/web\\\/#organization\"},\"image\":{\"@id\":\"https:\\\/\\\/www.arquimaster.com.ar\\\/web\\\/green-house-anna-eugeni-bach\\\/#primaryimage\"},\"thumbnailUrl\":\"https:\\\/\\\/www.arquimaster.com.ar\\\/web\\\/wp-content\\\/uploads\\\/2025\\\/01\\\/green_house_slide.jpg\",\"keywords\":[\"Anna &amp; Eugeni Bach\",\"Anna Bach\",\"arquitectura residencial\",\"arquitectura sostenible\",\"arquitectura sustentable\",\"Bach arquitectes\",\"Barcelona\",\"Espa\u00f1a\",\"Eugeni Bach\",\"reforma de vivienda\",\"Sants\",\"vivienda unifamiliar\"],\"articleSection\":[\"Arquitectura sustentable\",\"Proyecto\",\"Vivienda unifamiliar y PH\"],\"inLanguage\":\"es\"},{\"@type\":\"WebPage\",\"@id\":\"https:\\\/\\\/www.arquimaster.com.ar\\\/web\\\/green-house-anna-eugeni-bach\\\/\",\"url\":\"https:\\\/\\\/www.arquimaster.com.ar\\\/web\\\/green-house-anna-eugeni-bach\\\/\",\"name\":\"Green House \\\/ Anna &amp; Eugeni Bach - Arquimaster\",\"isPartOf\":{\"@id\":\"https:\\\/\\\/www.arquimaster.com.ar\\\/web\\\/#website\"},\"primaryImageOfPage\":{\"@id\":\"https:\\\/\\\/www.arquimaster.com.ar\\\/web\\\/green-house-anna-eugeni-bach\\\/#primaryimage\"},\"image\":{\"@id\":\"https:\\\/\\\/www.arquimaster.com.ar\\\/web\\\/green-house-anna-eugeni-bach\\\/#primaryimage\"},\"thumbnailUrl\":\"https:\\\/\\\/www.arquimaster.com.ar\\\/web\\\/wp-content\\\/uploads\\\/2025\\\/01\\\/green_house_slide.jpg\",\"datePublished\":\"2025-01-23T17:55:46+00:00\",\"dateModified\":\"2025-07-23T22:22:23+00:00\",\"description\":\"El proyecto consiste en la reforma y ampliaci\u00f3n de una vivienda de dos plantas con un peque\u00f1o jard\u00edn ubicada en los bajos de una finca entre medianeras.\",\"breadcrumb\":{\"@id\":\"https:\\\/\\\/www.arquimaster.com.ar\\\/web\\\/green-house-anna-eugeni-bach\\\/#breadcrumb\"},\"inLanguage\":\"es\",\"potentialAction\":[{\"@type\":\"ReadAction\",\"target\":[\"https:\\\/\\\/www.arquimaster.com.ar\\\/web\\\/green-house-anna-eugeni-bach\\\/\"]}]},{\"@type\":\"ImageObject\",\"inLanguage\":\"es\",\"@id\":\"https:\\\/\\\/www.arquimaster.com.ar\\\/web\\\/green-house-anna-eugeni-bach\\\/#primaryimage\",\"url\":\"https:\\\/\\\/www.arquimaster.com.ar\\\/web\\\/wp-content\\\/uploads\\\/2025\\\/01\\\/green_house_slide.jpg\",\"contentUrl\":\"https:\\\/\\\/www.arquimaster.com.ar\\\/web\\\/wp-content\\\/uploads\\\/2025\\\/01\\\/green_house_slide.jpg\",\"width\":698,\"height\":364,\"caption\":\"Green House \\\/ Anna & Eugeni Bach\"},{\"@type\":\"BreadcrumbList\",\"@id\":\"https:\\\/\\\/www.arquimaster.com.ar\\\/web\\\/green-house-anna-eugeni-bach\\\/#breadcrumb\",\"itemListElement\":[{\"@type\":\"ListItem\",\"position\":1,\"name\":\"Portada\",\"item\":\"https:\\\/\\\/www.arquimaster.com.ar\\\/web\\\/\"},{\"@type\":\"ListItem\",\"position\":2,\"name\":\"Green House \\\/ Anna &amp; Eugeni Bach\"}]},{\"@type\":\"WebSite\",\"@id\":\"https:\\\/\\\/www.arquimaster.com.ar\\\/web\\\/#website\",\"url\":\"https:\\\/\\\/www.arquimaster.com.ar\\\/web\\\/\",\"name\":\"Arquimaster\",\"description\":\"Web de arquitectura, dise\u00f1o y construccion\",\"publisher\":{\"@id\":\"https:\\\/\\\/www.arquimaster.com.ar\\\/web\\\/#organization\"},\"potentialAction\":[{\"@type\":\"SearchAction\",\"target\":{\"@type\":\"EntryPoint\",\"urlTemplate\":\"https:\\\/\\\/www.arquimaster.com.ar\\\/web\\\/?s={search_term_string}\"},\"query-input\":{\"@type\":\"PropertyValueSpecification\",\"valueRequired\":true,\"valueName\":\"search_term_string\"}}],\"inLanguage\":\"es\"},{\"@type\":\"Organization\",\"@id\":\"https:\\\/\\\/www.arquimaster.com.ar\\\/web\\\/#organization\",\"name\":\"Arquimaster\",\"url\":\"https:\\\/\\\/www.arquimaster.com.ar\\\/web\\\/\",\"logo\":{\"@type\":\"ImageObject\",\"inLanguage\":\"es\",\"@id\":\"https:\\\/\\\/www.arquimaster.com.ar\\\/web\\\/#\\\/schema\\\/logo\\\/image\\\/\",\"url\":\"https:\\\/\\\/www.arquimaster.com.ar\\\/web\\\/wp-content\\\/uploads\\\/2022\\\/06\\\/arquimaster.png\",\"contentUrl\":\"https:\\\/\\\/www.arquimaster.com.ar\\\/web\\\/wp-content\\\/uploads\\\/2022\\\/06\\\/arquimaster.png\",\"width\":594,\"height\":78,\"caption\":\"Arquimaster\"},\"image\":{\"@id\":\"https:\\\/\\\/www.arquimaster.com.ar\\\/web\\\/#\\\/schema\\\/logo\\\/image\\\/\"},\"sameAs\":[\"http:\\\/\\\/www.facebook.com\\\/ARQUIMASTER.com.ar\",\"https:\\\/\\\/x.com\\\/arquimaster\",\"https:\\\/\\\/www.instagram.com\\\/arquimasterblog\\\/\",\"https:\\\/\\\/www.linkedin.com\\\/company\\\/arquimaster\",\"https:\\\/\\\/www.pinterest.com\\\/arquimaster\",\"https:\\\/\\\/t.me\\\/arquimaster\"]},{\"@type\":\"Person\",\"@id\":\"https:\\\/\\\/www.arquimaster.com.ar\\\/web\\\/#\\\/schema\\\/person\\\/359e9f7c00193fcde068e0dd2ceb0028\",\"name\":\"Arquimaster\"}]}<\/script>\n<!-- \/ Yoast SEO plugin. -->","yoast_head_json":{"title":"Green House \/ Anna &amp; Eugeni Bach - Arquimaster","description":"El proyecto consiste en la reforma y ampliaci\u00f3n de una vivienda de dos plantas con un peque\u00f1o jard\u00edn ubicada en los bajos de una finca entre medianeras.","robots":{"index":"index","follow":"follow","max-snippet":"max-snippet:-1","max-image-preview":"max-image-preview:large","max-video-preview":"max-video-preview:-1"},"canonical":"https:\/\/www.arquimaster.com.ar\/web\/green-house-anna-eugeni-bach\/","og_locale":"es_ES","og_type":"article","og_title":"Green House \/ Anna & Eugeni Bach","og_description":"El proyecto consiste en la reforma y ampliaci\u00f3n de una vivienda de dos plantas con un peque\u00f1o jard\u00edn ubicada en los bajos de una finca entre medianeras.","og_url":"https:\/\/www.arquimaster.com.ar\/web\/green-house-anna-eugeni-bach\/","og_site_name":"Arquimaster","article_publisher":"http:\/\/www.facebook.com\/ARQUIMASTER.com.ar","article_published_time":"2025-01-23T17:55:46+00:00","article_modified_time":"2025-07-23T22:22:23+00:00","og_image":[{"width":698,"height":364,"url":"https:\/\/www.arquimaster.com.ar\/web\/wp-content\/uploads\/2025\/01\/green_house_slide.jpg","type":"image\/jpeg"}],"author":"Arquimaster","twitter_card":"summary_large_image","twitter_title":"Green House \/ Anna & Eugeni Bach","twitter_description":"El proyecto consiste en la reforma y ampliaci\u00f3n de una vivienda de dos plantas con un peque\u00f1o jard\u00edn ubicada en los bajos de una finca entre medianeras.","twitter_image":"https:\/\/www.arquimaster.com.ar\/web\/wp-content\/uploads\/2025\/01\/green_house_slide.jpg","twitter_creator":"@arquimaster","twitter_site":"@arquimaster","twitter_misc":{"Escrito por":"Arquimaster","Tiempo de lectura":"4 minutos"},"schema":{"@context":"https:\/\/schema.org","@graph":[{"@type":"Article","@id":"https:\/\/www.arquimaster.com.ar\/web\/green-house-anna-eugeni-bach\/#article","isPartOf":{"@id":"https:\/\/www.arquimaster.com.ar\/web\/green-house-anna-eugeni-bach\/"},"author":{"name":"Arquimaster","@id":"https:\/\/www.arquimaster.com.ar\/web\/#\/schema\/person\/359e9f7c00193fcde068e0dd2ceb0028"},"headline":"Green House \/ Anna &amp; Eugeni Bach","datePublished":"2025-01-23T17:55:46+00:00","dateModified":"2025-07-23T22:22:23+00:00","mainEntityOfPage":{"@id":"https:\/\/www.arquimaster.com.ar\/web\/green-house-anna-eugeni-bach\/"},"wordCount":862,"publisher":{"@id":"https:\/\/www.arquimaster.com.ar\/web\/#organization"},"image":{"@id":"https:\/\/www.arquimaster.com.ar\/web\/green-house-anna-eugeni-bach\/#primaryimage"},"thumbnailUrl":"https:\/\/www.arquimaster.com.ar\/web\/wp-content\/uploads\/2025\/01\/green_house_slide.jpg","keywords":["Anna &amp; Eugeni Bach","Anna Bach","arquitectura residencial","arquitectura sostenible","arquitectura sustentable","Bach arquitectes","Barcelona","Espa\u00f1a","Eugeni Bach","reforma de vivienda","Sants","vivienda unifamiliar"],"articleSection":["Arquitectura sustentable","Proyecto","Vivienda unifamiliar y PH"],"inLanguage":"es"},{"@type":"WebPage","@id":"https:\/\/www.arquimaster.com.ar\/web\/green-house-anna-eugeni-bach\/","url":"https:\/\/www.arquimaster.com.ar\/web\/green-house-anna-eugeni-bach\/","name":"Green House \/ Anna &amp; Eugeni Bach - Arquimaster","isPartOf":{"@id":"https:\/\/www.arquimaster.com.ar\/web\/#website"},"primaryImageOfPage":{"@id":"https:\/\/www.arquimaster.com.ar\/web\/green-house-anna-eugeni-bach\/#primaryimage"},"image":{"@id":"https:\/\/www.arquimaster.com.ar\/web\/green-house-anna-eugeni-bach\/#primaryimage"},"thumbnailUrl":"https:\/\/www.arquimaster.com.ar\/web\/wp-content\/uploads\/2025\/01\/green_house_slide.jpg","datePublished":"2025-01-23T17:55:46+00:00","dateModified":"2025-07-23T22:22:23+00:00","description":"El proyecto consiste en la reforma y ampliaci\u00f3n de una vivienda de dos plantas con un peque\u00f1o jard\u00edn ubicada en los bajos de una finca entre medianeras.","breadcrumb":{"@id":"https:\/\/www.arquimaster.com.ar\/web\/green-house-anna-eugeni-bach\/#breadcrumb"},"inLanguage":"es","potentialAction":[{"@type":"ReadAction","target":["https:\/\/www.arquimaster.com.ar\/web\/green-house-anna-eugeni-bach\/"]}]},{"@type":"ImageObject","inLanguage":"es","@id":"https:\/\/www.arquimaster.com.ar\/web\/green-house-anna-eugeni-bach\/#primaryimage","url":"https:\/\/www.arquimaster.com.ar\/web\/wp-content\/uploads\/2025\/01\/green_house_slide.jpg","contentUrl":"https:\/\/www.arquimaster.com.ar\/web\/wp-content\/uploads\/2025\/01\/green_house_slide.jpg","width":698,"height":364,"caption":"Green House \/ Anna & Eugeni Bach"},{"@type":"BreadcrumbList","@id":"https:\/\/www.arquimaster.com.ar\/web\/green-house-anna-eugeni-bach\/#breadcrumb","itemListElement":[{"@type":"ListItem","position":1,"name":"Portada","item":"https:\/\/www.arquimaster.com.ar\/web\/"},{"@type":"ListItem","position":2,"name":"Green House \/ Anna &amp; Eugeni Bach"}]},{"@type":"WebSite","@id":"https:\/\/www.arquimaster.com.ar\/web\/#website","url":"https:\/\/www.arquimaster.com.ar\/web\/","name":"Arquimaster","description":"Web de arquitectura, dise\u00f1o y construccion","publisher":{"@id":"https:\/\/www.arquimaster.com.ar\/web\/#organization"},"potentialAction":[{"@type":"SearchAction","target":{"@type":"EntryPoint","urlTemplate":"https:\/\/www.arquimaster.com.ar\/web\/?s={search_term_string}"},"query-input":{"@type":"PropertyValueSpecification","valueRequired":true,"valueName":"search_term_string"}}],"inLanguage":"es"},{"@type":"Organization","@id":"https:\/\/www.arquimaster.com.ar\/web\/#organization","name":"Arquimaster","url":"https:\/\/www.arquimaster.com.ar\/web\/","logo":{"@type":"ImageObject","inLanguage":"es","@id":"https:\/\/www.arquimaster.com.ar\/web\/#\/schema\/logo\/image\/","url":"https:\/\/www.arquimaster.com.ar\/web\/wp-content\/uploads\/2022\/06\/arquimaster.png","contentUrl":"https:\/\/www.arquimaster.com.ar\/web\/wp-content\/uploads\/2022\/06\/arquimaster.png","width":594,"height":78,"caption":"Arquimaster"},"image":{"@id":"https:\/\/www.arquimaster.com.ar\/web\/#\/schema\/logo\/image\/"},"sameAs":["http:\/\/www.facebook.com\/ARQUIMASTER.com.ar","https:\/\/x.com\/arquimaster","https:\/\/www.instagram.com\/arquimasterblog\/","https:\/\/www.linkedin.com\/company\/arquimaster","https:\/\/www.pinterest.com\/arquimaster","https:\/\/t.me\/arquimaster"]},{"@type":"Person","@id":"https:\/\/www.arquimaster.com.ar\/web\/#\/schema\/person\/359e9f7c00193fcde068e0dd2ceb0028","name":"Arquimaster"}]}},"uagb_featured_image_src":{"full":["https:\/\/www.arquimaster.com.ar\/web\/wp-content\/uploads\/2025\/01\/green_house_slide.jpg",698,364,false],"thumbnail":["https:\/\/www.arquimaster.com.ar\/web\/wp-content\/uploads\/2025\/01\/green_house_slide-150x150.jpg",150,150,true],"medium":["https:\/\/www.arquimaster.com.ar\/web\/wp-content\/uploads\/2025\/01\/green_house_slide.jpg",698,364,false],"medium_large":["https:\/\/www.arquimaster.com.ar\/web\/wp-content\/uploads\/2025\/01\/green_house_slide.jpg",698,364,false],"large":["https:\/\/www.arquimaster.com.ar\/web\/wp-content\/uploads\/2025\/01\/green_house_slide.jpg",698,364,false],"1536x1536":["https:\/\/www.arquimaster.com.ar\/web\/wp-content\/uploads\/2025\/01\/green_house_slide.jpg",698,364,false],"2048x2048":["https:\/\/www.arquimaster.com.ar\/web\/wp-content\/uploads\/2025\/01\/green_house_slide.jpg",698,364,false]},"uagb_author_info":{"display_name":"Arquimaster","author_link":"https:\/\/www.arquimaster.com.ar\/web\/author\/arquimaster\/"},"uagb_comment_info":0,"uagb_excerpt":"Reforma y ampliaci\u00f3n de una vivienda de dos plantas con un peque\u00f1o jard\u00edn ubicada en los bajos de una finca...","_links":{"self":[{"href":"https:\/\/www.arquimaster.com.ar\/web\/wp-json\/wp\/v2\/posts\/83412","targetHints":{"allow":["GET"]}}],"collection":[{"href":"https:\/\/www.arquimaster.com.ar\/web\/wp-json\/wp\/v2\/posts"}],"about":[{"href":"https:\/\/www.arquimaster.com.ar\/web\/wp-json\/wp\/v2\/types\/post"}],"author":[{"embeddable":true,"href":"https:\/\/www.arquimaster.com.ar\/web\/wp-json\/wp\/v2\/users\/1"}],"replies":[{"embeddable":true,"href":"https:\/\/www.arquimaster.com.ar\/web\/wp-json\/wp\/v2\/comments?post=83412"}],"version-history":[{"count":4,"href":"https:\/\/www.arquimaster.com.ar\/web\/wp-json\/wp\/v2\/posts\/83412\/revisions"}],"predecessor-version":[{"id":85041,"href":"https:\/\/www.arquimaster.com.ar\/web\/wp-json\/wp\/v2\/posts\/83412\/revisions\/85041"}],"wp:featuredmedia":[{"embeddable":true,"href":"https:\/\/www.arquimaster.com.ar\/web\/wp-json\/wp\/v2\/media\/83413"}],"wp:attachment":[{"href":"https:\/\/www.arquimaster.com.ar\/web\/wp-json\/wp\/v2\/media?parent=83412"}],"wp:term":[{"taxonomy":"category","embeddable":true,"href":"https:\/\/www.arquimaster.com.ar\/web\/wp-json\/wp\/v2\/categories?post=83412"},{"taxonomy":"post_tag","embeddable":true,"href":"https:\/\/www.arquimaster.com.ar\/web\/wp-json\/wp\/v2\/tags?post=83412"}],"curies":[{"name":"wp","href":"https:\/\/api.w.org\/{rel}","templated":true}]}}