{"id":83488,"date":"2025-01-23T14:50:41","date_gmt":"2025-01-23T17:50:41","guid":{"rendered":"https:\/\/www.arquimaster.com.ar\/web\/?p=83488"},"modified":"2025-07-23T19:23:01","modified_gmt":"2025-07-23T22:23:01","slug":"departamento-wi-7000-concepto-taller-de-arquitectura","status":"publish","type":"post","link":"https:\/\/www.arquimaster.com.ar\/web\/departamento-wi-7000-concepto-taller-de-arquitectura\/","title":{"rendered":"Departamento WI 7000 \/ Concepto Taller de Arquitectura"},"content":{"rendered":"<div style=\"margin-top: 0px; margin-bottom: 0px;\" class=\"sharethis-inline-share-buttons\" ><\/div><div class=\"b812932af2e751442846f039925109de\" data-index=\"1\" style=\"float: none; margin:25px 0 25px 0; text-align:center;\">\n<script async src=\"https:\/\/pagead2.googlesyndication.com\/pagead\/js\/adsbygoogle.js\"><\/script>\r\n<!-- Arquimaster (superior) -->\r\n<ins class=\"adsbygoogle\"\r\n     style=\"display:block\"\r\n     data-ad-client=\"ca-pub-6351072698456832\"\r\n     data-ad-slot=\"6455489680\"\r\n     data-ad-format=\"auto\"\r\n     data-full-width-responsive=\"true\"><\/ins>\r\n<script>\r\n     (adsbygoogle = window.adsbygoogle || []).push({});\r\n<\/script>\n<\/div>\n<p><strong>Departamento WI 7000<\/strong> (Miami, Florida, Estados Unidos) por <strong>Concepto Taller de Arquitectura<\/strong>. Ubicado en Miami, este departamento destaca por su dise\u00f1o contempor\u00e1neo y su imponente vista hacia el mar, lo cual constituye uno de sus mayores atributos. La propuesta arquitect\u00f3nica fusiona est\u00e9tica y funcionalidad, generando espacios amplios, confortables y llenos de luminosidad.<\/p>\n<div id='gallery-1' class='gallery galleryid-83488 gallery-columns-3 gallery-size-thumbnail'><figure class='gallery-item'>\n\t\t\t<div class='gallery-icon landscape'>\n\t\t\t\t<a href='https:\/\/www.arquimaster.com.ar\/web\/wp-content\/uploads\/2025\/01\/departamento_wi7000_1.jpg' title=\"Departamento WI 7000 \/ Concepto Taller de Arquitectura (\u00a9 Eugenio Wilman)\" data-rl_title=\"Departamento WI 7000 \/ Concepto Taller de Arquitectura (\u00a9 Eugenio Wilman)\" class=\"rl-gallery-link\" data-rl_caption=\"Departamento WI 7000 \/ Concepto Taller de Arquitectura (\u00a9 Eugenio Wilman)\" data-rel=\"lightbox-gallery-1\"><img loading=\"lazy\" decoding=\"async\" width=\"150\" height=\"150\" src=\"https:\/\/www.arquimaster.com.ar\/web\/wp-content\/uploads\/2025\/01\/departamento_wi7000_1-150x150.jpg\" class=\"attachment-thumbnail size-thumbnail\" alt=\"Departamento WI 7000 \/ Concepto Taller de Arquitectura\" aria-describedby=\"gallery-1-83490\" \/><\/a>\n\t\t\t<\/div>\n\t\t\t\t<figcaption class='wp-caption-text gallery-caption' id='gallery-1-83490'>\n\t\t\t\tDepartamento WI 7000 \/ Concepto Taller de Arquitectura (\u00a9 Eugenio Wilman)\n\t\t\t\t<\/figcaption><\/figure><figure class='gallery-item'>\n\t\t\t<div class='gallery-icon landscape'>\n\t\t\t\t<a href='https:\/\/www.arquimaster.com.ar\/web\/wp-content\/uploads\/2025\/01\/departamento_wi7000_2.jpg' title=\"Departamento WI 7000 \/ Concepto Taller de Arquitectura (\u00a9 Eugenio Wilman)\" data-rl_title=\"Departamento WI 7000 \/ Concepto Taller de Arquitectura (\u00a9 Eugenio Wilman)\" class=\"rl-gallery-link\" data-rl_caption=\"Departamento WI 7000 \/ Concepto Taller de Arquitectura (\u00a9 Eugenio Wilman)\" data-rel=\"lightbox-gallery-1\"><img loading=\"lazy\" decoding=\"async\" width=\"150\" height=\"150\" src=\"https:\/\/www.arquimaster.com.ar\/web\/wp-content\/uploads\/2025\/01\/departamento_wi7000_2-150x150.jpg\" class=\"attachment-thumbnail size-thumbnail\" alt=\"Departamento WI 7000 \/ Concepto Taller de Arquitectura\" aria-describedby=\"gallery-1-83491\" \/><\/a>\n\t\t\t<\/div>\n\t\t\t\t<figcaption class='wp-caption-text gallery-caption' id='gallery-1-83491'>\n\t\t\t\tDepartamento WI 7000 \/ Concepto Taller de Arquitectura (\u00a9 Eugenio Wilman)\n\t\t\t\t<\/figcaption><\/figure><figure class='gallery-item'>\n\t\t\t<div class='gallery-icon landscape'>\n\t\t\t\t<a href='https:\/\/www.arquimaster.com.ar\/web\/wp-content\/uploads\/2025\/01\/departamento_wi7000_3.jpg' title=\"Departamento WI 7000 \/ Concepto Taller de Arquitectura (\u00a9 Eugenio Wilman)\" data-rl_title=\"Departamento WI 7000 \/ Concepto Taller de Arquitectura (\u00a9 Eugenio Wilman)\" class=\"rl-gallery-link\" data-rl_caption=\"Departamento WI 7000 \/ Concepto Taller de Arquitectura (\u00a9 Eugenio Wilman)\" data-rel=\"lightbox-gallery-1\"><img loading=\"lazy\" decoding=\"async\" width=\"150\" height=\"150\" src=\"https:\/\/www.arquimaster.com.ar\/web\/wp-content\/uploads\/2025\/01\/departamento_wi7000_3-150x150.jpg\" class=\"attachment-thumbnail size-thumbnail\" alt=\"Departamento WI 7000 \/ Concepto Taller de Arquitectura\" aria-describedby=\"gallery-1-83492\" \/><\/a>\n\t\t\t<\/div>\n\t\t\t\t<figcaption class='wp-caption-text gallery-caption' id='gallery-1-83492'>\n\t\t\t\tDepartamento WI 7000 \/ Concepto Taller de Arquitectura (\u00a9 Eugenio Wilman)\n\t\t\t\t<\/figcaption><\/figure><figure class='gallery-item'>\n\t\t\t<div class='gallery-icon landscape'>\n\t\t\t\t<a href='https:\/\/www.arquimaster.com.ar\/web\/wp-content\/uploads\/2025\/01\/departamento_wi7000_4.jpg' title=\"Departamento WI 7000 \/ Concepto Taller de Arquitectura (\u00a9 Eugenio Wilman)\" data-rl_title=\"Departamento WI 7000 \/ Concepto Taller de Arquitectura (\u00a9 Eugenio Wilman)\" class=\"rl-gallery-link\" data-rl_caption=\"Departamento WI 7000 \/ Concepto Taller de Arquitectura (\u00a9 Eugenio Wilman)\" data-rel=\"lightbox-gallery-1\"><img loading=\"lazy\" decoding=\"async\" width=\"150\" height=\"150\" src=\"https:\/\/www.arquimaster.com.ar\/web\/wp-content\/uploads\/2025\/01\/departamento_wi7000_4-150x150.jpg\" class=\"attachment-thumbnail size-thumbnail\" alt=\"Departamento WI 7000 \/ Concepto Taller de Arquitectura\" aria-describedby=\"gallery-1-83493\" \/><\/a>\n\t\t\t<\/div>\n\t\t\t\t<figcaption class='wp-caption-text gallery-caption' id='gallery-1-83493'>\n\t\t\t\tDepartamento WI 7000 \/ Concepto Taller de Arquitectura (\u00a9 Eugenio Wilman)\n\t\t\t\t<\/figcaption><\/figure><figure class='gallery-item'>\n\t\t\t<div class='gallery-icon landscape'>\n\t\t\t\t<a href='https:\/\/www.arquimaster.com.ar\/web\/wp-content\/uploads\/2025\/01\/departamento_wi7000_5.jpg' title=\"Departamento WI 7000 \/ Concepto Taller de Arquitectura (\u00a9 Eugenio Wilman)\" data-rl_title=\"Departamento WI 7000 \/ Concepto Taller de Arquitectura (\u00a9 Eugenio Wilman)\" class=\"rl-gallery-link\" data-rl_caption=\"Departamento WI 7000 \/ Concepto Taller de Arquitectura (\u00a9 Eugenio Wilman)\" data-rel=\"lightbox-gallery-1\"><img loading=\"lazy\" decoding=\"async\" width=\"150\" height=\"150\" src=\"https:\/\/www.arquimaster.com.ar\/web\/wp-content\/uploads\/2025\/01\/departamento_wi7000_5-150x150.jpg\" class=\"attachment-thumbnail size-thumbnail\" alt=\"Departamento WI 7000 \/ Concepto Taller de Arquitectura\" aria-describedby=\"gallery-1-83494\" \/><\/a>\n\t\t\t<\/div>\n\t\t\t\t<figcaption class='wp-caption-text gallery-caption' id='gallery-1-83494'>\n\t\t\t\tDepartamento WI 7000 \/ Concepto Taller de Arquitectura (\u00a9 Eugenio Wilman)\n\t\t\t\t<\/figcaption><\/figure><figure class='gallery-item'>\n\t\t\t<div class='gallery-icon landscape'>\n\t\t\t\t<a href='https:\/\/www.arquimaster.com.ar\/web\/wp-content\/uploads\/2025\/01\/departamento_wi7000_6.jpg' title=\"Departamento WI 7000 \/ Concepto Taller de Arquitectura (\u00a9 Eugenio Wilman)\" data-rl_title=\"Departamento WI 7000 \/ Concepto Taller de Arquitectura (\u00a9 Eugenio Wilman)\" class=\"rl-gallery-link\" data-rl_caption=\"Departamento WI 7000 \/ Concepto Taller de Arquitectura (\u00a9 Eugenio Wilman)\" data-rel=\"lightbox-gallery-1\"><img loading=\"lazy\" decoding=\"async\" width=\"150\" height=\"150\" src=\"https:\/\/www.arquimaster.com.ar\/web\/wp-content\/uploads\/2025\/01\/departamento_wi7000_6-150x150.jpg\" class=\"attachment-thumbnail size-thumbnail\" alt=\"Departamento WI 7000 \/ Concepto Taller de Arquitectura\" aria-describedby=\"gallery-1-83495\" \/><\/a>\n\t\t\t<\/div>\n\t\t\t\t<figcaption class='wp-caption-text gallery-caption' id='gallery-1-83495'>\n\t\t\t\tDepartamento WI 7000 \/ Concepto Taller de Arquitectura (\u00a9 Eugenio Wilman)\n\t\t\t\t<\/figcaption><\/figure><figure class='gallery-item'>\n\t\t\t<div class='gallery-icon landscape'>\n\t\t\t\t<a href='https:\/\/www.arquimaster.com.ar\/web\/wp-content\/uploads\/2025\/01\/departamento_wi7000_7.jpg' title=\"Departamento WI 7000 \/ Concepto Taller de Arquitectura (\u00a9 Eugenio Wilman)\" data-rl_title=\"Departamento WI 7000 \/ Concepto Taller de Arquitectura (\u00a9 Eugenio Wilman)\" class=\"rl-gallery-link\" data-rl_caption=\"Departamento WI 7000 \/ Concepto Taller de Arquitectura (\u00a9 Eugenio Wilman)\" data-rel=\"lightbox-gallery-1\"><img loading=\"lazy\" decoding=\"async\" width=\"150\" height=\"150\" src=\"https:\/\/www.arquimaster.com.ar\/web\/wp-content\/uploads\/2025\/01\/departamento_wi7000_7-150x150.jpg\" class=\"attachment-thumbnail size-thumbnail\" alt=\"Departamento WI 7000 \/ Concepto Taller de Arquitectura\" aria-describedby=\"gallery-1-83496\" \/><\/a>\n\t\t\t<\/div>\n\t\t\t\t<figcaption class='wp-caption-text gallery-caption' id='gallery-1-83496'>\n\t\t\t\tDepartamento WI 7000 \/ Concepto Taller de Arquitectura (\u00a9 Eugenio Wilman)\n\t\t\t\t<\/figcaption><\/figure><figure class='gallery-item'>\n\t\t\t<div class='gallery-icon landscape'>\n\t\t\t\t<a href='https:\/\/www.arquimaster.com.ar\/web\/wp-content\/uploads\/2025\/01\/departamento_wi7000_8.jpg' title=\"Departamento WI 7000 \/ Concepto Taller de Arquitectura (\u00a9 Eugenio Wilman)\" data-rl_title=\"Departamento WI 7000 \/ Concepto Taller de Arquitectura (\u00a9 Eugenio Wilman)\" class=\"rl-gallery-link\" data-rl_caption=\"Departamento WI 7000 \/ Concepto Taller de Arquitectura (\u00a9 Eugenio Wilman)\" data-rel=\"lightbox-gallery-1\"><img loading=\"lazy\" decoding=\"async\" width=\"150\" height=\"150\" src=\"https:\/\/www.arquimaster.com.ar\/web\/wp-content\/uploads\/2025\/01\/departamento_wi7000_8-150x150.jpg\" class=\"attachment-thumbnail size-thumbnail\" alt=\"Departamento WI 7000 \/ Concepto Taller de Arquitectura\" aria-describedby=\"gallery-1-83497\" \/><\/a>\n\t\t\t<\/div>\n\t\t\t\t<figcaption class='wp-caption-text gallery-caption' id='gallery-1-83497'>\n\t\t\t\tDepartamento WI 7000 \/ Concepto Taller de Arquitectura (\u00a9 Eugenio Wilman)\n\t\t\t\t<\/figcaption><\/figure><figure class='gallery-item'>\n\t\t\t<div class='gallery-icon landscape'>\n\t\t\t\t<a href='https:\/\/www.arquimaster.com.ar\/web\/wp-content\/uploads\/2025\/01\/departamento_wi7000_9.jpg' title=\"Departamento WI 7000 \/ Concepto Taller de Arquitectura (\u00a9 Eugenio Wilman)\" data-rl_title=\"Departamento WI 7000 \/ Concepto Taller de Arquitectura (\u00a9 Eugenio Wilman)\" class=\"rl-gallery-link\" data-rl_caption=\"Departamento WI 7000 \/ Concepto Taller de Arquitectura (\u00a9 Eugenio Wilman)\" data-rel=\"lightbox-gallery-1\"><img loading=\"lazy\" decoding=\"async\" width=\"150\" height=\"150\" src=\"https:\/\/www.arquimaster.com.ar\/web\/wp-content\/uploads\/2025\/01\/departamento_wi7000_9-150x150.jpg\" class=\"attachment-thumbnail size-thumbnail\" alt=\"Departamento WI 7000 \/ Concepto Taller de Arquitectura\" aria-describedby=\"gallery-1-83498\" \/><\/a>\n\t\t\t<\/div>\n\t\t\t\t<figcaption class='wp-caption-text gallery-caption' id='gallery-1-83498'>\n\t\t\t\tDepartamento WI 7000 \/ Concepto Taller de Arquitectura (\u00a9 Eugenio Wilman)\n\t\t\t\t<\/figcaption><\/figure><figure class='gallery-item'>\n\t\t\t<div class='gallery-icon landscape'>\n\t\t\t\t<a href='https:\/\/www.arquimaster.com.ar\/web\/wp-content\/uploads\/2025\/01\/departamento_wi7000_10.jpg' title=\"Departamento WI 7000 \/ Concepto Taller de Arquitectura (\u00a9 Eugenio Wilman)\" data-rl_title=\"Departamento WI 7000 \/ Concepto Taller de Arquitectura (\u00a9 Eugenio Wilman)\" class=\"rl-gallery-link\" data-rl_caption=\"Departamento WI 7000 \/ Concepto Taller de Arquitectura (\u00a9 Eugenio Wilman)\" data-rel=\"lightbox-gallery-1\"><img loading=\"lazy\" decoding=\"async\" width=\"150\" height=\"150\" src=\"https:\/\/www.arquimaster.com.ar\/web\/wp-content\/uploads\/2025\/01\/departamento_wi7000_10-150x150.jpg\" class=\"attachment-thumbnail size-thumbnail\" alt=\"Departamento WI 7000 \/ Concepto Taller de Arquitectura\" aria-describedby=\"gallery-1-83499\" \/><\/a>\n\t\t\t<\/div>\n\t\t\t\t<figcaption class='wp-caption-text gallery-caption' id='gallery-1-83499'>\n\t\t\t\tDepartamento WI 7000 \/ Concepto Taller de Arquitectura (\u00a9 Eugenio Wilman)\n\t\t\t\t<\/figcaption><\/figure><figure class='gallery-item'>\n\t\t\t<div class='gallery-icon landscape'>\n\t\t\t\t<a href='https:\/\/www.arquimaster.com.ar\/web\/wp-content\/uploads\/2025\/01\/departamento_wi7000_11.jpg' title=\"Departamento WI 7000 \/ Concepto Taller de Arquitectura (\u00a9 Eugenio Wilman)\" data-rl_title=\"Departamento WI 7000 \/ Concepto Taller de Arquitectura (\u00a9 Eugenio Wilman)\" class=\"rl-gallery-link\" data-rl_caption=\"Departamento WI 7000 \/ Concepto Taller de Arquitectura (\u00a9 Eugenio Wilman)\" data-rel=\"lightbox-gallery-1\"><img loading=\"lazy\" decoding=\"async\" width=\"150\" height=\"150\" src=\"https:\/\/www.arquimaster.com.ar\/web\/wp-content\/uploads\/2025\/01\/departamento_wi7000_11-150x150.jpg\" class=\"attachment-thumbnail size-thumbnail\" alt=\"Departamento WI 7000 \/ Concepto Taller de Arquitectura\" aria-describedby=\"gallery-1-83500\" \/><\/a>\n\t\t\t<\/div>\n\t\t\t\t<figcaption class='wp-caption-text gallery-caption' id='gallery-1-83500'>\n\t\t\t\tDepartamento WI 7000 \/ Concepto Taller de Arquitectura (\u00a9 Eugenio Wilman)\n\t\t\t\t<\/figcaption><\/figure><figure class='gallery-item'>\n\t\t\t<div class='gallery-icon landscape'>\n\t\t\t\t<a href='https:\/\/www.arquimaster.com.ar\/web\/wp-content\/uploads\/2025\/01\/departamento_wi7000_12.jpg' title=\"Departamento WI 7000 \/ Concepto Taller de Arquitectura (\u00a9 Eugenio Wilman)\" data-rl_title=\"Departamento WI 7000 \/ Concepto Taller de Arquitectura (\u00a9 Eugenio Wilman)\" class=\"rl-gallery-link\" data-rl_caption=\"Departamento WI 7000 \/ Concepto Taller de Arquitectura (\u00a9 Eugenio Wilman)\" data-rel=\"lightbox-gallery-1\"><img loading=\"lazy\" decoding=\"async\" width=\"150\" height=\"150\" src=\"https:\/\/www.arquimaster.com.ar\/web\/wp-content\/uploads\/2025\/01\/departamento_wi7000_12-150x150.jpg\" class=\"attachment-thumbnail size-thumbnail\" alt=\"Departamento WI 7000 \/ Concepto Taller de Arquitectura\" aria-describedby=\"gallery-1-83501\" \/><\/a>\n\t\t\t<\/div>\n\t\t\t\t<figcaption class='wp-caption-text gallery-caption' id='gallery-1-83501'>\n\t\t\t\tDepartamento WI 7000 \/ Concepto Taller de Arquitectura (\u00a9 Eugenio Wilman)\n\t\t\t\t<\/figcaption><\/figure><figure class='gallery-item'>\n\t\t\t<div class='gallery-icon landscape'>\n\t\t\t\t<a href='https:\/\/www.arquimaster.com.ar\/web\/wp-content\/uploads\/2025\/01\/departamento_wi7000_13.jpg' title=\"Departamento WI 7000 \/ Concepto Taller de Arquitectura (\u00a9 Eugenio Wilman)\" data-rl_title=\"Departamento WI 7000 \/ Concepto Taller de Arquitectura (\u00a9 Eugenio Wilman)\" class=\"rl-gallery-link\" data-rl_caption=\"Departamento WI 7000 \/ Concepto Taller de Arquitectura (\u00a9 Eugenio Wilman)\" data-rel=\"lightbox-gallery-1\"><img loading=\"lazy\" decoding=\"async\" width=\"150\" height=\"150\" src=\"https:\/\/www.arquimaster.com.ar\/web\/wp-content\/uploads\/2025\/01\/departamento_wi7000_13-150x150.jpg\" class=\"attachment-thumbnail size-thumbnail\" alt=\"Departamento WI 7000 \/ Concepto Taller de Arquitectura\" aria-describedby=\"gallery-1-83502\" \/><\/a>\n\t\t\t<\/div>\n\t\t\t\t<figcaption class='wp-caption-text gallery-caption' id='gallery-1-83502'>\n\t\t\t\tDepartamento WI 7000 \/ Concepto Taller de Arquitectura (\u00a9 Eugenio Wilman)\n\t\t\t\t<\/figcaption><\/figure><figure class='gallery-item'>\n\t\t\t<div class='gallery-icon landscape'>\n\t\t\t\t<a href='https:\/\/www.arquimaster.com.ar\/web\/wp-content\/uploads\/2025\/01\/departamento_wi7000_14.jpg' title=\"Departamento WI 7000 \/ Concepto Taller de Arquitectura (\u00a9 Eugenio Wilman)\" data-rl_title=\"Departamento WI 7000 \/ Concepto Taller de Arquitectura (\u00a9 Eugenio Wilman)\" class=\"rl-gallery-link\" data-rl_caption=\"Departamento WI 7000 \/ Concepto Taller de Arquitectura (\u00a9 Eugenio Wilman)\" data-rel=\"lightbox-gallery-1\"><img loading=\"lazy\" decoding=\"async\" width=\"150\" height=\"150\" src=\"https:\/\/www.arquimaster.com.ar\/web\/wp-content\/uploads\/2025\/01\/departamento_wi7000_14-150x150.jpg\" class=\"attachment-thumbnail size-thumbnail\" alt=\"Departamento WI 7000 \/ Concepto Taller de Arquitectura\" aria-describedby=\"gallery-1-83503\" \/><\/a>\n\t\t\t<\/div>\n\t\t\t\t<figcaption class='wp-caption-text gallery-caption' id='gallery-1-83503'>\n\t\t\t\tDepartamento WI 7000 \/ Concepto Taller de Arquitectura (\u00a9 Eugenio Wilman)\n\t\t\t\t<\/figcaption><\/figure><figure class='gallery-item'>\n\t\t\t<div class='gallery-icon landscape'>\n\t\t\t\t<a href='https:\/\/www.arquimaster.com.ar\/web\/wp-content\/uploads\/2025\/01\/departamento_wi7000_15.jpg' title=\"Departamento WI 7000 \/ Concepto Taller de Arquitectura (\u00a9 Eugenio Wilman)\" data-rl_title=\"Departamento WI 7000 \/ Concepto Taller de Arquitectura (\u00a9 Eugenio Wilman)\" class=\"rl-gallery-link\" data-rl_caption=\"Departamento WI 7000 \/ Concepto Taller de Arquitectura (\u00a9 Eugenio Wilman)\" data-rel=\"lightbox-gallery-1\"><img loading=\"lazy\" decoding=\"async\" width=\"150\" height=\"150\" src=\"https:\/\/www.arquimaster.com.ar\/web\/wp-content\/uploads\/2025\/01\/departamento_wi7000_15-150x150.jpg\" class=\"attachment-thumbnail size-thumbnail\" alt=\"Departamento WI 7000 \/ Concepto Taller de Arquitectura\" aria-describedby=\"gallery-1-83504\" \/><\/a>\n\t\t\t<\/div>\n\t\t\t\t<figcaption class='wp-caption-text gallery-caption' id='gallery-1-83504'>\n\t\t\t\tDepartamento WI 7000 \/ Concepto Taller de Arquitectura (\u00a9 Eugenio Wilman)\n\t\t\t\t<\/figcaption><\/figure><figure class='gallery-item'>\n\t\t\t<div class='gallery-icon landscape'>\n\t\t\t\t<a href='https:\/\/www.arquimaster.com.ar\/web\/wp-content\/uploads\/2025\/01\/departamento_wi7000_16.jpg' title=\"Departamento WI 7000 \/ Concepto Taller de Arquitectura (\u00a9 Eugenio Wilman)\" data-rl_title=\"Departamento WI 7000 \/ Concepto Taller de Arquitectura (\u00a9 Eugenio Wilman)\" class=\"rl-gallery-link\" data-rl_caption=\"Departamento WI 7000 \/ Concepto Taller de Arquitectura (\u00a9 Eugenio Wilman)\" data-rel=\"lightbox-gallery-1\"><img loading=\"lazy\" decoding=\"async\" width=\"150\" height=\"150\" src=\"https:\/\/www.arquimaster.com.ar\/web\/wp-content\/uploads\/2025\/01\/departamento_wi7000_16-150x150.jpg\" class=\"attachment-thumbnail size-thumbnail\" alt=\"Departamento WI 7000 \/ Concepto Taller de Arquitectura\" aria-describedby=\"gallery-1-83505\" \/><\/a>\n\t\t\t<\/div>\n\t\t\t\t<figcaption class='wp-caption-text gallery-caption' id='gallery-1-83505'>\n\t\t\t\tDepartamento WI 7000 \/ Concepto Taller de Arquitectura (\u00a9 Eugenio Wilman)\n\t\t\t\t<\/figcaption><\/figure><figure class='gallery-item'>\n\t\t\t<div class='gallery-icon landscape'>\n\t\t\t\t<a href='https:\/\/www.arquimaster.com.ar\/web\/wp-content\/uploads\/2025\/01\/departamento_wi7000_17.jpg' title=\"Departamento WI 7000 \/ Concepto Taller de Arquitectura (\u00a9 Eugenio Wilman)\" data-rl_title=\"Departamento WI 7000 \/ Concepto Taller de Arquitectura (\u00a9 Eugenio Wilman)\" class=\"rl-gallery-link\" data-rl_caption=\"Departamento WI 7000 \/ Concepto Taller de Arquitectura (\u00a9 Eugenio Wilman)\" data-rel=\"lightbox-gallery-1\"><img loading=\"lazy\" decoding=\"async\" width=\"150\" height=\"150\" src=\"https:\/\/www.arquimaster.com.ar\/web\/wp-content\/uploads\/2025\/01\/departamento_wi7000_17-150x150.jpg\" class=\"attachment-thumbnail size-thumbnail\" alt=\"Departamento WI 7000 \/ Concepto Taller de Arquitectura\" aria-describedby=\"gallery-1-83506\" \/><\/a>\n\t\t\t<\/div>\n\t\t\t\t<figcaption class='wp-caption-text gallery-caption' id='gallery-1-83506'>\n\t\t\t\tDepartamento WI 7000 \/ Concepto Taller de Arquitectura (\u00a9 Eugenio Wilman)\n\t\t\t\t<\/figcaption><\/figure><figure class='gallery-item'>\n\t\t\t<div class='gallery-icon landscape'>\n\t\t\t\t<a href='https:\/\/www.arquimaster.com.ar\/web\/wp-content\/uploads\/2025\/01\/departamento_wi7000_18.jpg' title=\"Departamento WI 7000 \/ Concepto Taller de Arquitectura (\u00a9 Eugenio Wilman)\" data-rl_title=\"Departamento WI 7000 \/ Concepto Taller de Arquitectura (\u00a9 Eugenio Wilman)\" class=\"rl-gallery-link\" data-rl_caption=\"Departamento WI 7000 \/ Concepto Taller de Arquitectura (\u00a9 Eugenio Wilman)\" data-rel=\"lightbox-gallery-1\"><img loading=\"lazy\" decoding=\"async\" width=\"150\" height=\"150\" src=\"https:\/\/www.arquimaster.com.ar\/web\/wp-content\/uploads\/2025\/01\/departamento_wi7000_18-150x150.jpg\" class=\"attachment-thumbnail size-thumbnail\" alt=\"Departamento WI 7000 \/ Concepto Taller de Arquitectura\" aria-describedby=\"gallery-1-83507\" \/><\/a>\n\t\t\t<\/div>\n\t\t\t\t<figcaption class='wp-caption-text gallery-caption' id='gallery-1-83507'>\n\t\t\t\tDepartamento WI 7000 \/ Concepto Taller de Arquitectura (\u00a9 Eugenio Wilman)\n\t\t\t\t<\/figcaption><\/figure><figure class='gallery-item'>\n\t\t\t<div class='gallery-icon portrait'>\n\t\t\t\t<a href='https:\/\/www.arquimaster.com.ar\/web\/wp-content\/uploads\/2025\/01\/departamento_wi7000_19.jpg' title=\"Departamento WI 7000 \/ Concepto Taller de Arquitectura (\u00a9 Eugenio Wilman)\" data-rl_title=\"Departamento WI 7000 \/ Concepto Taller de Arquitectura (\u00a9 Eugenio Wilman)\" class=\"rl-gallery-link\" data-rl_caption=\"Departamento WI 7000 \/ Concepto Taller de Arquitectura (\u00a9 Eugenio Wilman)\" data-rel=\"lightbox-gallery-1\"><img loading=\"lazy\" decoding=\"async\" width=\"150\" height=\"150\" src=\"https:\/\/www.arquimaster.com.ar\/web\/wp-content\/uploads\/2025\/01\/departamento_wi7000_19-150x150.jpg\" class=\"attachment-thumbnail size-thumbnail\" alt=\"Departamento WI 7000 \/ Concepto Taller de Arquitectura\" aria-describedby=\"gallery-1-83508\" \/><\/a>\n\t\t\t<\/div>\n\t\t\t\t<figcaption class='wp-caption-text gallery-caption' id='gallery-1-83508'>\n\t\t\t\tDepartamento WI 7000 \/ Concepto Taller de Arquitectura (\u00a9 Eugenio Wilman)\n\t\t\t\t<\/figcaption><\/figure><figure class='gallery-item'>\n\t\t\t<div class='gallery-icon portrait'>\n\t\t\t\t<a href='https:\/\/www.arquimaster.com.ar\/web\/wp-content\/uploads\/2025\/01\/departamento_wi7000_20.jpg' title=\"Departamento WI 7000 \/ Concepto Taller de Arquitectura (\u00a9 Eugenio Wilman)\" data-rl_title=\"Departamento WI 7000 \/ Concepto Taller de Arquitectura (\u00a9 Eugenio Wilman)\" class=\"rl-gallery-link\" data-rl_caption=\"Departamento WI 7000 \/ Concepto Taller de Arquitectura (\u00a9 Eugenio Wilman)\" data-rel=\"lightbox-gallery-1\"><img loading=\"lazy\" decoding=\"async\" width=\"150\" height=\"150\" src=\"https:\/\/www.arquimaster.com.ar\/web\/wp-content\/uploads\/2025\/01\/departamento_wi7000_20-150x150.jpg\" class=\"attachment-thumbnail size-thumbnail\" alt=\"Departamento WI 7000 \/ Concepto Taller de Arquitectura\" aria-describedby=\"gallery-1-83509\" \/><\/a>\n\t\t\t<\/div>\n\t\t\t\t<figcaption class='wp-caption-text gallery-caption' id='gallery-1-83509'>\n\t\t\t\tDepartamento WI 7000 \/ Concepto Taller de Arquitectura (\u00a9 Eugenio Wilman)\n\t\t\t\t<\/figcaption><\/figure><figure class='gallery-item'>\n\t\t\t<div class='gallery-icon landscape'>\n\t\t\t\t<a href='https:\/\/www.arquimaster.com.ar\/web\/wp-content\/uploads\/2025\/01\/departamento_wi7000_21.jpg' title=\"Departamento WI 7000 \/ Concepto Taller de Arquitectura (\u00a9 Eugenio Wilman)\" data-rl_title=\"Departamento WI 7000 \/ Concepto Taller de Arquitectura (\u00a9 Eugenio Wilman)\" class=\"rl-gallery-link\" data-rl_caption=\"Departamento WI 7000 \/ Concepto Taller de Arquitectura (\u00a9 Eugenio Wilman)\" data-rel=\"lightbox-gallery-1\"><img loading=\"lazy\" decoding=\"async\" width=\"150\" height=\"150\" src=\"https:\/\/www.arquimaster.com.ar\/web\/wp-content\/uploads\/2025\/01\/departamento_wi7000_21-150x150.jpg\" class=\"attachment-thumbnail size-thumbnail\" alt=\"Departamento WI 7000 \/ Concepto Taller de Arquitectura\" aria-describedby=\"gallery-1-83510\" \/><\/a>\n\t\t\t<\/div>\n\t\t\t\t<figcaption class='wp-caption-text gallery-caption' id='gallery-1-83510'>\n\t\t\t\tDepartamento WI 7000 \/ Concepto Taller de Arquitectura (\u00a9 Eugenio Wilman)\n\t\t\t\t<\/figcaption><\/figure><figure class='gallery-item'>\n\t\t\t<div class='gallery-icon landscape'>\n\t\t\t\t<a href='https:\/\/www.arquimaster.com.ar\/web\/wp-content\/uploads\/2025\/01\/departamento_wi7000_22.jpg' title=\"Departamento WI 7000 \/ Concepto Taller de Arquitectura (\u00a9 Eugenio Wilman)\" data-rl_title=\"Departamento WI 7000 \/ Concepto Taller de Arquitectura (\u00a9 Eugenio Wilman)\" class=\"rl-gallery-link\" data-rl_caption=\"Departamento WI 7000 \/ Concepto Taller de Arquitectura (\u00a9 Eugenio Wilman)\" data-rel=\"lightbox-gallery-1\"><img loading=\"lazy\" decoding=\"async\" width=\"150\" height=\"150\" src=\"https:\/\/www.arquimaster.com.ar\/web\/wp-content\/uploads\/2025\/01\/departamento_wi7000_22-150x150.jpg\" class=\"attachment-thumbnail size-thumbnail\" alt=\"Departamento WI 7000 \/ Concepto Taller de Arquitectura\" aria-describedby=\"gallery-1-83511\" \/><\/a>\n\t\t\t<\/div>\n\t\t\t\t<figcaption class='wp-caption-text gallery-caption' id='gallery-1-83511'>\n\t\t\t\tDepartamento WI 7000 \/ Concepto Taller de Arquitectura (\u00a9 Eugenio Wilman)\n\t\t\t\t<\/figcaption><\/figure><figure class='gallery-item'>\n\t\t\t<div class='gallery-icon landscape'>\n\t\t\t\t<a href='https:\/\/www.arquimaster.com.ar\/web\/wp-content\/uploads\/2025\/01\/departamento_wi7000_23.jpg' title=\"Departamento WI 7000 \/ Concepto Taller de Arquitectura (\u00a9 Eugenio Wilman)\" data-rl_title=\"Departamento WI 7000 \/ Concepto Taller de Arquitectura (\u00a9 Eugenio Wilman)\" class=\"rl-gallery-link\" data-rl_caption=\"Departamento WI 7000 \/ Concepto Taller de Arquitectura (\u00a9 Eugenio Wilman)\" data-rel=\"lightbox-gallery-1\"><img loading=\"lazy\" decoding=\"async\" width=\"150\" height=\"150\" src=\"https:\/\/www.arquimaster.com.ar\/web\/wp-content\/uploads\/2025\/01\/departamento_wi7000_23-150x150.jpg\" class=\"attachment-thumbnail size-thumbnail\" alt=\"Departamento WI 7000 \/ Concepto Taller de Arquitectura\" aria-describedby=\"gallery-1-83512\" \/><\/a>\n\t\t\t<\/div>\n\t\t\t\t<figcaption class='wp-caption-text gallery-caption' id='gallery-1-83512'>\n\t\t\t\tDepartamento WI 7000 \/ Concepto Taller de Arquitectura (\u00a9 Eugenio Wilman)\n\t\t\t\t<\/figcaption><\/figure><figure class='gallery-item'>\n\t\t\t<div class='gallery-icon landscape'>\n\t\t\t\t<a href='https:\/\/www.arquimaster.com.ar\/web\/wp-content\/uploads\/2025\/01\/departamento_wi7000_24.jpg' title=\"Departamento WI 7000 \/ Concepto Taller de Arquitectura (\u00a9 Eugenio Wilman)\" data-rl_title=\"Departamento WI 7000 \/ Concepto Taller de Arquitectura (\u00a9 Eugenio Wilman)\" class=\"rl-gallery-link\" data-rl_caption=\"Departamento WI 7000 \/ Concepto Taller de Arquitectura (\u00a9 Eugenio Wilman)\" data-rel=\"lightbox-gallery-1\"><img loading=\"lazy\" decoding=\"async\" width=\"150\" height=\"150\" src=\"https:\/\/www.arquimaster.com.ar\/web\/wp-content\/uploads\/2025\/01\/departamento_wi7000_24-150x150.jpg\" class=\"attachment-thumbnail size-thumbnail\" alt=\"Departamento WI 7000 \/ Concepto Taller de Arquitectura\" aria-describedby=\"gallery-1-83513\" \/><\/a>\n\t\t\t<\/div>\n\t\t\t\t<figcaption class='wp-caption-text gallery-caption' id='gallery-1-83513'>\n\t\t\t\tDepartamento WI 7000 \/ Concepto Taller de Arquitectura (\u00a9 Eugenio Wilman)\n\t\t\t\t<\/figcaption><\/figure><figure class='gallery-item'>\n\t\t\t<div class='gallery-icon landscape'>\n\t\t\t\t<a href='https:\/\/www.arquimaster.com.ar\/web\/wp-content\/uploads\/2025\/01\/departamento_wi7000_25.jpg' title=\"Departamento WI 7000 \/ Concepto Taller de Arquitectura (\u00a9 Eugenio Wilman)\" data-rl_title=\"Departamento WI 7000 \/ Concepto Taller de Arquitectura (\u00a9 Eugenio Wilman)\" class=\"rl-gallery-link\" data-rl_caption=\"Departamento WI 7000 \/ Concepto Taller de Arquitectura (\u00a9 Eugenio Wilman)\" data-rel=\"lightbox-gallery-1\"><img loading=\"lazy\" decoding=\"async\" width=\"150\" height=\"150\" src=\"https:\/\/www.arquimaster.com.ar\/web\/wp-content\/uploads\/2025\/01\/departamento_wi7000_25-150x150.jpg\" class=\"attachment-thumbnail size-thumbnail\" alt=\"Departamento WI 7000 \/ Concepto Taller de Arquitectura\" aria-describedby=\"gallery-1-83514\" \/><\/a>\n\t\t\t<\/div>\n\t\t\t\t<figcaption class='wp-caption-text gallery-caption' id='gallery-1-83514'>\n\t\t\t\tDepartamento WI 7000 \/ Concepto Taller de Arquitectura (\u00a9 Eugenio Wilman)\n\t\t\t\t<\/figcaption><\/figure><figure class='gallery-item'>\n\t\t\t<div class='gallery-icon landscape'>\n\t\t\t\t<a href='https:\/\/www.arquimaster.com.ar\/web\/wp-content\/uploads\/2025\/01\/departamento_wi7000_26.jpg' title=\"Departamento WI 7000 \/ Concepto Taller de Arquitectura (\u00a9 Eugenio Wilman)\" data-rl_title=\"Departamento WI 7000 \/ Concepto Taller de Arquitectura (\u00a9 Eugenio Wilman)\" class=\"rl-gallery-link\" data-rl_caption=\"Departamento WI 7000 \/ Concepto Taller de Arquitectura (\u00a9 Eugenio Wilman)\" data-rel=\"lightbox-gallery-1\"><img loading=\"lazy\" decoding=\"async\" width=\"150\" height=\"150\" src=\"https:\/\/www.arquimaster.com.ar\/web\/wp-content\/uploads\/2025\/01\/departamento_wi7000_26-150x150.jpg\" class=\"attachment-thumbnail size-thumbnail\" alt=\"Departamento WI 7000 \/ Concepto Taller de Arquitectura\" aria-describedby=\"gallery-1-83515\" \/><\/a>\n\t\t\t<\/div>\n\t\t\t\t<figcaption class='wp-caption-text gallery-caption' id='gallery-1-83515'>\n\t\t\t\tDepartamento WI 7000 \/ Concepto Taller de Arquitectura (\u00a9 Eugenio Wilman)\n\t\t\t\t<\/figcaption><\/figure><figure class='gallery-item'>\n\t\t\t<div class='gallery-icon landscape'>\n\t\t\t\t<a href='https:\/\/www.arquimaster.com.ar\/web\/wp-content\/uploads\/2025\/01\/departamento_wi7000_27.jpg' title=\"Departamento WI 7000 \/ Concepto Taller de Arquitectura (\u00a9 Eugenio Wilman)\" data-rl_title=\"Departamento WI 7000 \/ Concepto Taller de Arquitectura (\u00a9 Eugenio Wilman)\" class=\"rl-gallery-link\" data-rl_caption=\"Departamento WI 7000 \/ Concepto Taller de Arquitectura (\u00a9 Eugenio Wilman)\" data-rel=\"lightbox-gallery-1\"><img loading=\"lazy\" decoding=\"async\" width=\"150\" height=\"150\" src=\"https:\/\/www.arquimaster.com.ar\/web\/wp-content\/uploads\/2025\/01\/departamento_wi7000_27-150x150.jpg\" class=\"attachment-thumbnail size-thumbnail\" alt=\"Departamento WI 7000 \/ Concepto Taller de Arquitectura\" aria-describedby=\"gallery-1-83516\" \/><\/a>\n\t\t\t<\/div>\n\t\t\t\t<figcaption class='wp-caption-text gallery-caption' id='gallery-1-83516'>\n\t\t\t\tDepartamento WI 7000 \/ Concepto Taller de Arquitectura (\u00a9 Eugenio Wilman)\n\t\t\t\t<\/figcaption><\/figure><figure class='gallery-item'>\n\t\t\t<div class='gallery-icon landscape'>\n\t\t\t\t<a href='https:\/\/www.arquimaster.com.ar\/web\/wp-content\/uploads\/2025\/01\/departamento_wi7000_28.jpg' title=\"Departamento WI 7000 \/ Concepto Taller de Arquitectura (\u00a9 Eugenio Wilman)\" data-rl_title=\"Departamento WI 7000 \/ Concepto Taller de Arquitectura (\u00a9 Eugenio Wilman)\" class=\"rl-gallery-link\" data-rl_caption=\"Departamento WI 7000 \/ Concepto Taller de Arquitectura (\u00a9 Eugenio Wilman)\" data-rel=\"lightbox-gallery-1\"><img loading=\"lazy\" decoding=\"async\" width=\"150\" height=\"150\" src=\"https:\/\/www.arquimaster.com.ar\/web\/wp-content\/uploads\/2025\/01\/departamento_wi7000_28-150x150.jpg\" class=\"attachment-thumbnail size-thumbnail\" alt=\"Departamento WI 7000 \/ Concepto Taller de Arquitectura\" aria-describedby=\"gallery-1-83517\" \/><\/a>\n\t\t\t<\/div>\n\t\t\t\t<figcaption class='wp-caption-text gallery-caption' id='gallery-1-83517'>\n\t\t\t\tDepartamento WI 7000 \/ Concepto Taller de Arquitectura (\u00a9 Eugenio Wilman)\n\t\t\t\t<\/figcaption><\/figure><figure class='gallery-item'>\n\t\t\t<div class='gallery-icon landscape'>\n\t\t\t\t<a href='https:\/\/www.arquimaster.com.ar\/web\/wp-content\/uploads\/2025\/01\/departamento_wi7000_29.jpg' title=\"Departamento WI 7000 \/ Concepto Taller de Arquitectura (\u00a9 Eugenio Wilman)\" data-rl_title=\"Departamento WI 7000 \/ Concepto Taller de Arquitectura (\u00a9 Eugenio Wilman)\" class=\"rl-gallery-link\" data-rl_caption=\"Departamento WI 7000 \/ Concepto Taller de Arquitectura (\u00a9 Eugenio Wilman)\" data-rel=\"lightbox-gallery-1\"><img loading=\"lazy\" decoding=\"async\" width=\"150\" height=\"150\" src=\"https:\/\/www.arquimaster.com.ar\/web\/wp-content\/uploads\/2025\/01\/departamento_wi7000_29-150x150.jpg\" class=\"attachment-thumbnail size-thumbnail\" alt=\"Departamento WI 7000 \/ Concepto Taller de Arquitectura\" aria-describedby=\"gallery-1-83518\" \/><\/a>\n\t\t\t<\/div>\n\t\t\t\t<figcaption class='wp-caption-text gallery-caption' id='gallery-1-83518'>\n\t\t\t\tDepartamento WI 7000 \/ Concepto Taller de Arquitectura (\u00a9 Eugenio Wilman)\n\t\t\t\t<\/figcaption><\/figure><figure class='gallery-item'>\n\t\t\t<div class='gallery-icon landscape'>\n\t\t\t\t<a href='https:\/\/www.arquimaster.com.ar\/web\/wp-content\/uploads\/2025\/01\/departamento_wi7000_30.jpg' title=\"Departamento WI 7000 \/ Concepto Taller de Arquitectura (\u00a9 Eugenio Wilman)\" data-rl_title=\"Departamento WI 7000 \/ Concepto Taller de Arquitectura (\u00a9 Eugenio Wilman)\" class=\"rl-gallery-link\" data-rl_caption=\"Departamento WI 7000 \/ Concepto Taller de Arquitectura (\u00a9 Eugenio Wilman)\" data-rel=\"lightbox-gallery-1\"><img loading=\"lazy\" decoding=\"async\" width=\"150\" height=\"150\" src=\"https:\/\/www.arquimaster.com.ar\/web\/wp-content\/uploads\/2025\/01\/departamento_wi7000_30-150x150.jpg\" class=\"attachment-thumbnail size-thumbnail\" alt=\"Departamento WI 7000 \/ Concepto Taller de Arquitectura\" aria-describedby=\"gallery-1-83519\" \/><\/a>\n\t\t\t<\/div>\n\t\t\t\t<figcaption class='wp-caption-text gallery-caption' id='gallery-1-83519'>\n\t\t\t\tDepartamento WI 7000 \/ Concepto Taller de Arquitectura (\u00a9 Eugenio Wilman)\n\t\t\t\t<\/figcaption><\/figure><figure class='gallery-item'>\n\t\t\t<div class='gallery-icon landscape'>\n\t\t\t\t<a href='https:\/\/www.arquimaster.com.ar\/web\/wp-content\/uploads\/2025\/01\/departamento_wi7000_31.jpg' title=\"Departamento WI 7000 \/ Concepto Taller de Arquitectura (\u00a9 Eugenio Wilman)\" data-rl_title=\"Departamento WI 7000 \/ Concepto Taller de Arquitectura (\u00a9 Eugenio Wilman)\" class=\"rl-gallery-link\" data-rl_caption=\"Departamento WI 7000 \/ Concepto Taller de Arquitectura (\u00a9 Eugenio Wilman)\" data-rel=\"lightbox-gallery-1\"><img loading=\"lazy\" decoding=\"async\" width=\"150\" height=\"150\" src=\"https:\/\/www.arquimaster.com.ar\/web\/wp-content\/uploads\/2025\/01\/departamento_wi7000_31-150x150.jpg\" class=\"attachment-thumbnail size-thumbnail\" alt=\"Departamento WI 7000 \/ Concepto Taller de Arquitectura\" aria-describedby=\"gallery-1-83520\" \/><\/a>\n\t\t\t<\/div>\n\t\t\t\t<figcaption class='wp-caption-text gallery-caption' id='gallery-1-83520'>\n\t\t\t\tDepartamento WI 7000 \/ Concepto Taller de Arquitectura (\u00a9 Eugenio Wilman)\n\t\t\t\t<\/figcaption><\/figure><figure class='gallery-item'>\n\t\t\t<div class='gallery-icon landscape'>\n\t\t\t\t<a href='https:\/\/www.arquimaster.com.ar\/web\/wp-content\/uploads\/2025\/01\/departamento_wi7000_32.jpg' title=\"Departamento WI 7000 \/ Concepto Taller de Arquitectura (planta)\" data-rl_title=\"Departamento WI 7000 \/ Concepto Taller de Arquitectura (planta)\" class=\"rl-gallery-link\" data-rl_caption=\"Departamento WI 7000 \/ Concepto Taller de Arquitectura (planta)\" data-rel=\"lightbox-gallery-1\"><img loading=\"lazy\" decoding=\"async\" width=\"150\" height=\"150\" src=\"https:\/\/www.arquimaster.com.ar\/web\/wp-content\/uploads\/2025\/01\/departamento_wi7000_32-150x150.jpg\" class=\"attachment-thumbnail size-thumbnail\" alt=\"Departamento WI 7000 \/ Concepto Taller de Arquitectura\" aria-describedby=\"gallery-1-83521\" \/><\/a>\n\t\t\t<\/div>\n\t\t\t\t<figcaption class='wp-caption-text gallery-caption' id='gallery-1-83521'>\n\t\t\t\tDepartamento WI 7000 \/ Concepto Taller de Arquitectura (planta)\n\t\t\t\t<\/figcaption><\/figure>\n\t\t<\/div>\n\n<p>El dise\u00f1o interior prioriza la integraci\u00f3n de ambientes. La sala principal, con mobiliario de l\u00edneas limpias y modernas, se conecta visualmente con la cocina abierta y el \u00e1rea de comedor, creando una atm\u00f3sfera continua y fluida. La cocina destaca por el uso de m\u00e1rmol oscuro en la isla central y detalles de iluminaci\u00f3n indirecta, que enfatizan su dise\u00f1o.<\/p>\n<p>La rec\u00e1mara principal, orientada hacia el mar, ofrece una experiencia de tranquilidad y descanso, donde la luz natural y las vistas panor\u00e1micas se convierten en protagonistas. Los colores neutros en muros y textiles, junto con la calidez de la madera y la sutileza de la iluminaci\u00f3n, refuerzan un ambiente relajado y sofisticado.<\/p>\n<p>La paleta de materiales y acabados juega un papel central en la definici\u00f3n del car\u00e1cter del proyecto. Se ha utilizado porcelanato de gran formato en tonalidades grises para los pisos, lo cual aporta uniformidad y una sensaci\u00f3n de amplitud. La sobriedad de este material se contrasta y equilibra con el uso de lambrines de madera en muros y puertas, a\u00f1adiendo calidez y textura a los espacios.<\/p>\n<p>Este departamento es un refugio donde el mar y la arquitectura se encuentran en perfecta armon\u00eda. Cada espacio est\u00e1 dise\u00f1ado para capturar la luz natural y enmarcar las vistas, creando un di\u00e1logo constante entre el interior y el mar.\u00a0<\/p>\n\n\n<div style=\"height:20px\" aria-hidden=\"true\" class=\"wp-block-spacer\"><\/div>\n\n\n\n<p class=\"has-background\" style=\"background-color:#eaeaea\"><strong>Ficha t\u00e9cnica<\/strong><br>Nombre: Departamento WI 7000<br>Ubicaci\u00f3n: Miami, Florida, Estados Unidos<br>Autor: Concepto Taller de Arquitectura<br>Equipo: Arq. Alberto Dana, Arq. Daniel Dana, Arq. Margot Betech, Arq. Tonathiu Jacinto, Arq. Francisco Bello<br>Superficie: 255 m2<br>Fot\u00f3grafo: Eugenio Wilman<br>Sitio web: https:\/\/conceptotallerdearquitectura.com<\/p>\n\n\n\n<div style=\"height:40px\" aria-hidden=\"true\" class=\"wp-block-spacer\"><\/div>\n\n<div style=\"font-size: 0px; height: 0px; line-height: 0px; margin: 0; padding: 0; clear: both;\"><\/div><div style=\"margin-top: 0px; margin-bottom: 0px;\" class=\"sharethis-inline-share-buttons\" ><\/div>","protected":false},"excerpt":{"rendered":"<p>La propuesta arquitect\u00f3nica fusiona est\u00e9tica y funcionalidad, generando espacios amplios, confortables y luminosos&#8230;<\/p>\n","protected":false},"author":1,"featured_media":83489,"comment_status":"closed","ping_status":"closed","sticky":false,"template":"","format":"standard","meta":{"_uag_custom_page_level_css":"","footnotes":""},"categories":[79,1],"tags":[4915,5581,4914,4916,249,10,7925,7924,2446,8165,12],"class_list":["post-83488","post","type-post","status-publish","format-standard","has-post-thumbnail","hentry","category-departamentos","category-proyecto","tag-alberto-dana","tag-apartamento","tag-concepto-taller-de-arquitectura","tag-daniel-dana","tag-departamento","tag-eeuu","tag-francisco-bello","tag-margot-betech","tag-miami","tag-tonathiu-jacinto","tag-usa","generate-columns","tablet-grid-50","mobile-grid-100","grid-parent","grid-50"],"yoast_head":"<!-- This site is optimized with the Yoast SEO plugin v27.3 - https:\/\/yoast.com\/product\/yoast-seo-wordpress\/ -->\n<title>Departamento WI 7000 \/ Concepto Taller de Arquitectura - Arquimaster<\/title>\n<meta name=\"description\" content=\"La propuesta arquitect\u00f3nica fusiona est\u00e9tica y funcionalidad, generando espacios amplios, confortables y llenos de luminosidad.\" \/>\n<meta name=\"robots\" content=\"index, follow, max-snippet:-1, max-image-preview:large, max-video-preview:-1\" \/>\n<link rel=\"canonical\" href=\"https:\/\/www.arquimaster.com.ar\/web\/departamento-wi-7000-concepto-taller-de-arquitectura\/\" \/>\n<meta property=\"og:locale\" content=\"es_ES\" \/>\n<meta property=\"og:type\" content=\"article\" \/>\n<meta property=\"og:title\" content=\"Departamento WI 7000 \/ Concepto Taller de Arquitectura\" \/>\n<meta property=\"og:description\" content=\"La propuesta arquitect\u00f3nica fusiona est\u00e9tica y funcionalidad, generando espacios amplios, confortables y llenos de luminosidad.\" \/>\n<meta property=\"og:url\" content=\"https:\/\/www.arquimaster.com.ar\/web\/departamento-wi-7000-concepto-taller-de-arquitectura\/\" \/>\n<meta property=\"og:site_name\" content=\"Arquimaster\" \/>\n<meta property=\"article:publisher\" content=\"http:\/\/www.facebook.com\/ARQUIMASTER.com.ar\" \/>\n<meta property=\"article:published_time\" content=\"2025-01-23T17:50:41+00:00\" \/>\n<meta property=\"article:modified_time\" content=\"2025-07-23T22:23:01+00:00\" \/>\n<meta property=\"og:image\" content=\"https:\/\/www.arquimaster.com.ar\/web\/wp-content\/uploads\/2025\/01\/departamento_wi7000_slide.jpg\" \/>\n\t<meta property=\"og:image:width\" content=\"698\" \/>\n\t<meta property=\"og:image:height\" content=\"364\" \/>\n\t<meta property=\"og:image:type\" content=\"image\/jpeg\" \/>\n<meta name=\"author\" content=\"Arquimaster\" \/>\n<meta name=\"twitter:card\" content=\"summary_large_image\" \/>\n<meta name=\"twitter:title\" content=\"Departamento WI 7000 \/ Concepto Taller de Arquitectura\" \/>\n<meta name=\"twitter:description\" content=\"La propuesta arquitect\u00f3nica fusiona est\u00e9tica y funcionalidad, generando espacios amplios, confortables y llenos de luminosidad.\" \/>\n<meta name=\"twitter:image\" content=\"https:\/\/www.arquimaster.com.ar\/web\/wp-content\/uploads\/2025\/01\/departamento_wi7000_slide.jpg\" \/>\n<meta name=\"twitter:creator\" content=\"@arquimaster\" \/>\n<meta name=\"twitter:site\" content=\"@arquimaster\" \/>\n<meta name=\"twitter:label1\" content=\"Escrito por\" \/>\n\t<meta name=\"twitter:data1\" content=\"Arquimaster\" \/>\n\t<meta name=\"twitter:label2\" content=\"Tiempo de lectura\" \/>\n\t<meta name=\"twitter:data2\" content=\"2 minutos\" \/>\n<script type=\"application\/ld+json\" class=\"yoast-schema-graph\">{\"@context\":\"https:\\\/\\\/schema.org\",\"@graph\":[{\"@type\":\"Article\",\"@id\":\"https:\\\/\\\/www.arquimaster.com.ar\\\/web\\\/departamento-wi-7000-concepto-taller-de-arquitectura\\\/#article\",\"isPartOf\":{\"@id\":\"https:\\\/\\\/www.arquimaster.com.ar\\\/web\\\/departamento-wi-7000-concepto-taller-de-arquitectura\\\/\"},\"author\":{\"name\":\"Arquimaster\",\"@id\":\"https:\\\/\\\/www.arquimaster.com.ar\\\/web\\\/#\\\/schema\\\/person\\\/359e9f7c00193fcde068e0dd2ceb0028\"},\"headline\":\"Departamento WI 7000 \\\/ Concepto Taller de Arquitectura\",\"datePublished\":\"2025-01-23T17:50:41+00:00\",\"dateModified\":\"2025-07-23T22:23:01+00:00\",\"mainEntityOfPage\":{\"@id\":\"https:\\\/\\\/www.arquimaster.com.ar\\\/web\\\/departamento-wi-7000-concepto-taller-de-arquitectura\\\/\"},\"wordCount\":337,\"publisher\":{\"@id\":\"https:\\\/\\\/www.arquimaster.com.ar\\\/web\\\/#organization\"},\"image\":{\"@id\":\"https:\\\/\\\/www.arquimaster.com.ar\\\/web\\\/departamento-wi-7000-concepto-taller-de-arquitectura\\\/#primaryimage\"},\"thumbnailUrl\":\"https:\\\/\\\/www.arquimaster.com.ar\\\/web\\\/wp-content\\\/uploads\\\/2025\\\/01\\\/departamento_wi7000_slide.jpg\",\"keywords\":[\"Alberto Dana\",\"apartamento\",\"Concepto Taller de Arquitectura\",\"Daniel Dana\",\"departamento\",\"EEUU\",\"Francisco Bello\",\"Margot Betech\",\"Miami\",\"Tonathiu Jacinto\",\"USA\"],\"articleSection\":[\"Departamentos y Lofts\",\"Proyecto\"],\"inLanguage\":\"es\"},{\"@type\":\"WebPage\",\"@id\":\"https:\\\/\\\/www.arquimaster.com.ar\\\/web\\\/departamento-wi-7000-concepto-taller-de-arquitectura\\\/\",\"url\":\"https:\\\/\\\/www.arquimaster.com.ar\\\/web\\\/departamento-wi-7000-concepto-taller-de-arquitectura\\\/\",\"name\":\"Departamento WI 7000 \\\/ Concepto Taller de Arquitectura - Arquimaster\",\"isPartOf\":{\"@id\":\"https:\\\/\\\/www.arquimaster.com.ar\\\/web\\\/#website\"},\"primaryImageOfPage\":{\"@id\":\"https:\\\/\\\/www.arquimaster.com.ar\\\/web\\\/departamento-wi-7000-concepto-taller-de-arquitectura\\\/#primaryimage\"},\"image\":{\"@id\":\"https:\\\/\\\/www.arquimaster.com.ar\\\/web\\\/departamento-wi-7000-concepto-taller-de-arquitectura\\\/#primaryimage\"},\"thumbnailUrl\":\"https:\\\/\\\/www.arquimaster.com.ar\\\/web\\\/wp-content\\\/uploads\\\/2025\\\/01\\\/departamento_wi7000_slide.jpg\",\"datePublished\":\"2025-01-23T17:50:41+00:00\",\"dateModified\":\"2025-07-23T22:23:01+00:00\",\"description\":\"La propuesta arquitect\u00f3nica fusiona est\u00e9tica y funcionalidad, generando espacios amplios, confortables y llenos de luminosidad.\",\"breadcrumb\":{\"@id\":\"https:\\\/\\\/www.arquimaster.com.ar\\\/web\\\/departamento-wi-7000-concepto-taller-de-arquitectura\\\/#breadcrumb\"},\"inLanguage\":\"es\",\"potentialAction\":[{\"@type\":\"ReadAction\",\"target\":[\"https:\\\/\\\/www.arquimaster.com.ar\\\/web\\\/departamento-wi-7000-concepto-taller-de-arquitectura\\\/\"]}]},{\"@type\":\"ImageObject\",\"inLanguage\":\"es\",\"@id\":\"https:\\\/\\\/www.arquimaster.com.ar\\\/web\\\/departamento-wi-7000-concepto-taller-de-arquitectura\\\/#primaryimage\",\"url\":\"https:\\\/\\\/www.arquimaster.com.ar\\\/web\\\/wp-content\\\/uploads\\\/2025\\\/01\\\/departamento_wi7000_slide.jpg\",\"contentUrl\":\"https:\\\/\\\/www.arquimaster.com.ar\\\/web\\\/wp-content\\\/uploads\\\/2025\\\/01\\\/departamento_wi7000_slide.jpg\",\"width\":698,\"height\":364,\"caption\":\"Departamento WI 7000 \\\/ Concepto Taller de Arquitectura\"},{\"@type\":\"BreadcrumbList\",\"@id\":\"https:\\\/\\\/www.arquimaster.com.ar\\\/web\\\/departamento-wi-7000-concepto-taller-de-arquitectura\\\/#breadcrumb\",\"itemListElement\":[{\"@type\":\"ListItem\",\"position\":1,\"name\":\"Portada\",\"item\":\"https:\\\/\\\/www.arquimaster.com.ar\\\/web\\\/\"},{\"@type\":\"ListItem\",\"position\":2,\"name\":\"Departamento WI 7000 \\\/ Concepto Taller de Arquitectura\"}]},{\"@type\":\"WebSite\",\"@id\":\"https:\\\/\\\/www.arquimaster.com.ar\\\/web\\\/#website\",\"url\":\"https:\\\/\\\/www.arquimaster.com.ar\\\/web\\\/\",\"name\":\"Arquimaster\",\"description\":\"Web de arquitectura, dise\u00f1o y construccion\",\"publisher\":{\"@id\":\"https:\\\/\\\/www.arquimaster.com.ar\\\/web\\\/#organization\"},\"potentialAction\":[{\"@type\":\"SearchAction\",\"target\":{\"@type\":\"EntryPoint\",\"urlTemplate\":\"https:\\\/\\\/www.arquimaster.com.ar\\\/web\\\/?s={search_term_string}\"},\"query-input\":{\"@type\":\"PropertyValueSpecification\",\"valueRequired\":true,\"valueName\":\"search_term_string\"}}],\"inLanguage\":\"es\"},{\"@type\":\"Organization\",\"@id\":\"https:\\\/\\\/www.arquimaster.com.ar\\\/web\\\/#organization\",\"name\":\"Arquimaster\",\"url\":\"https:\\\/\\\/www.arquimaster.com.ar\\\/web\\\/\",\"logo\":{\"@type\":\"ImageObject\",\"inLanguage\":\"es\",\"@id\":\"https:\\\/\\\/www.arquimaster.com.ar\\\/web\\\/#\\\/schema\\\/logo\\\/image\\\/\",\"url\":\"https:\\\/\\\/www.arquimaster.com.ar\\\/web\\\/wp-content\\\/uploads\\\/2022\\\/06\\\/arquimaster.png\",\"contentUrl\":\"https:\\\/\\\/www.arquimaster.com.ar\\\/web\\\/wp-content\\\/uploads\\\/2022\\\/06\\\/arquimaster.png\",\"width\":594,\"height\":78,\"caption\":\"Arquimaster\"},\"image\":{\"@id\":\"https:\\\/\\\/www.arquimaster.com.ar\\\/web\\\/#\\\/schema\\\/logo\\\/image\\\/\"},\"sameAs\":[\"http:\\\/\\\/www.facebook.com\\\/ARQUIMASTER.com.ar\",\"https:\\\/\\\/x.com\\\/arquimaster\",\"https:\\\/\\\/www.instagram.com\\\/arquimasterblog\\\/\",\"https:\\\/\\\/www.linkedin.com\\\/company\\\/arquimaster\",\"https:\\\/\\\/www.pinterest.com\\\/arquimaster\",\"https:\\\/\\\/t.me\\\/arquimaster\"]},{\"@type\":\"Person\",\"@id\":\"https:\\\/\\\/www.arquimaster.com.ar\\\/web\\\/#\\\/schema\\\/person\\\/359e9f7c00193fcde068e0dd2ceb0028\",\"name\":\"Arquimaster\"}]}<\/script>\n<!-- \/ Yoast SEO plugin. -->","yoast_head_json":{"title":"Departamento WI 7000 \/ Concepto Taller de Arquitectura - Arquimaster","description":"La propuesta arquitect\u00f3nica fusiona est\u00e9tica y funcionalidad, generando espacios amplios, confortables y llenos de luminosidad.","robots":{"index":"index","follow":"follow","max-snippet":"max-snippet:-1","max-image-preview":"max-image-preview:large","max-video-preview":"max-video-preview:-1"},"canonical":"https:\/\/www.arquimaster.com.ar\/web\/departamento-wi-7000-concepto-taller-de-arquitectura\/","og_locale":"es_ES","og_type":"article","og_title":"Departamento WI 7000 \/ Concepto Taller de Arquitectura","og_description":"La propuesta arquitect\u00f3nica fusiona est\u00e9tica y funcionalidad, generando espacios amplios, confortables y llenos de luminosidad.","og_url":"https:\/\/www.arquimaster.com.ar\/web\/departamento-wi-7000-concepto-taller-de-arquitectura\/","og_site_name":"Arquimaster","article_publisher":"http:\/\/www.facebook.com\/ARQUIMASTER.com.ar","article_published_time":"2025-01-23T17:50:41+00:00","article_modified_time":"2025-07-23T22:23:01+00:00","og_image":[{"width":698,"height":364,"url":"https:\/\/www.arquimaster.com.ar\/web\/wp-content\/uploads\/2025\/01\/departamento_wi7000_slide.jpg","type":"image\/jpeg"}],"author":"Arquimaster","twitter_card":"summary_large_image","twitter_title":"Departamento WI 7000 \/ Concepto Taller de Arquitectura","twitter_description":"La propuesta arquitect\u00f3nica fusiona est\u00e9tica y funcionalidad, generando espacios amplios, confortables y llenos de luminosidad.","twitter_image":"https:\/\/www.arquimaster.com.ar\/web\/wp-content\/uploads\/2025\/01\/departamento_wi7000_slide.jpg","twitter_creator":"@arquimaster","twitter_site":"@arquimaster","twitter_misc":{"Escrito por":"Arquimaster","Tiempo de lectura":"2 minutos"},"schema":{"@context":"https:\/\/schema.org","@graph":[{"@type":"Article","@id":"https:\/\/www.arquimaster.com.ar\/web\/departamento-wi-7000-concepto-taller-de-arquitectura\/#article","isPartOf":{"@id":"https:\/\/www.arquimaster.com.ar\/web\/departamento-wi-7000-concepto-taller-de-arquitectura\/"},"author":{"name":"Arquimaster","@id":"https:\/\/www.arquimaster.com.ar\/web\/#\/schema\/person\/359e9f7c00193fcde068e0dd2ceb0028"},"headline":"Departamento WI 7000 \/ Concepto Taller de Arquitectura","datePublished":"2025-01-23T17:50:41+00:00","dateModified":"2025-07-23T22:23:01+00:00","mainEntityOfPage":{"@id":"https:\/\/www.arquimaster.com.ar\/web\/departamento-wi-7000-concepto-taller-de-arquitectura\/"},"wordCount":337,"publisher":{"@id":"https:\/\/www.arquimaster.com.ar\/web\/#organization"},"image":{"@id":"https:\/\/www.arquimaster.com.ar\/web\/departamento-wi-7000-concepto-taller-de-arquitectura\/#primaryimage"},"thumbnailUrl":"https:\/\/www.arquimaster.com.ar\/web\/wp-content\/uploads\/2025\/01\/departamento_wi7000_slide.jpg","keywords":["Alberto Dana","apartamento","Concepto Taller de Arquitectura","Daniel Dana","departamento","EEUU","Francisco Bello","Margot Betech","Miami","Tonathiu Jacinto","USA"],"articleSection":["Departamentos y Lofts","Proyecto"],"inLanguage":"es"},{"@type":"WebPage","@id":"https:\/\/www.arquimaster.com.ar\/web\/departamento-wi-7000-concepto-taller-de-arquitectura\/","url":"https:\/\/www.arquimaster.com.ar\/web\/departamento-wi-7000-concepto-taller-de-arquitectura\/","name":"Departamento WI 7000 \/ Concepto Taller de Arquitectura - Arquimaster","isPartOf":{"@id":"https:\/\/www.arquimaster.com.ar\/web\/#website"},"primaryImageOfPage":{"@id":"https:\/\/www.arquimaster.com.ar\/web\/departamento-wi-7000-concepto-taller-de-arquitectura\/#primaryimage"},"image":{"@id":"https:\/\/www.arquimaster.com.ar\/web\/departamento-wi-7000-concepto-taller-de-arquitectura\/#primaryimage"},"thumbnailUrl":"https:\/\/www.arquimaster.com.ar\/web\/wp-content\/uploads\/2025\/01\/departamento_wi7000_slide.jpg","datePublished":"2025-01-23T17:50:41+00:00","dateModified":"2025-07-23T22:23:01+00:00","description":"La propuesta arquitect\u00f3nica fusiona est\u00e9tica y funcionalidad, generando espacios amplios, confortables y llenos de luminosidad.","breadcrumb":{"@id":"https:\/\/www.arquimaster.com.ar\/web\/departamento-wi-7000-concepto-taller-de-arquitectura\/#breadcrumb"},"inLanguage":"es","potentialAction":[{"@type":"ReadAction","target":["https:\/\/www.arquimaster.com.ar\/web\/departamento-wi-7000-concepto-taller-de-arquitectura\/"]}]},{"@type":"ImageObject","inLanguage":"es","@id":"https:\/\/www.arquimaster.com.ar\/web\/departamento-wi-7000-concepto-taller-de-arquitectura\/#primaryimage","url":"https:\/\/www.arquimaster.com.ar\/web\/wp-content\/uploads\/2025\/01\/departamento_wi7000_slide.jpg","contentUrl":"https:\/\/www.arquimaster.com.ar\/web\/wp-content\/uploads\/2025\/01\/departamento_wi7000_slide.jpg","width":698,"height":364,"caption":"Departamento WI 7000 \/ Concepto Taller de Arquitectura"},{"@type":"BreadcrumbList","@id":"https:\/\/www.arquimaster.com.ar\/web\/departamento-wi-7000-concepto-taller-de-arquitectura\/#breadcrumb","itemListElement":[{"@type":"ListItem","position":1,"name":"Portada","item":"https:\/\/www.arquimaster.com.ar\/web\/"},{"@type":"ListItem","position":2,"name":"Departamento WI 7000 \/ Concepto Taller de Arquitectura"}]},{"@type":"WebSite","@id":"https:\/\/www.arquimaster.com.ar\/web\/#website","url":"https:\/\/www.arquimaster.com.ar\/web\/","name":"Arquimaster","description":"Web de arquitectura, dise\u00f1o y construccion","publisher":{"@id":"https:\/\/www.arquimaster.com.ar\/web\/#organization"},"potentialAction":[{"@type":"SearchAction","target":{"@type":"EntryPoint","urlTemplate":"https:\/\/www.arquimaster.com.ar\/web\/?s={search_term_string}"},"query-input":{"@type":"PropertyValueSpecification","valueRequired":true,"valueName":"search_term_string"}}],"inLanguage":"es"},{"@type":"Organization","@id":"https:\/\/www.arquimaster.com.ar\/web\/#organization","name":"Arquimaster","url":"https:\/\/www.arquimaster.com.ar\/web\/","logo":{"@type":"ImageObject","inLanguage":"es","@id":"https:\/\/www.arquimaster.com.ar\/web\/#\/schema\/logo\/image\/","url":"https:\/\/www.arquimaster.com.ar\/web\/wp-content\/uploads\/2022\/06\/arquimaster.png","contentUrl":"https:\/\/www.arquimaster.com.ar\/web\/wp-content\/uploads\/2022\/06\/arquimaster.png","width":594,"height":78,"caption":"Arquimaster"},"image":{"@id":"https:\/\/www.arquimaster.com.ar\/web\/#\/schema\/logo\/image\/"},"sameAs":["http:\/\/www.facebook.com\/ARQUIMASTER.com.ar","https:\/\/x.com\/arquimaster","https:\/\/www.instagram.com\/arquimasterblog\/","https:\/\/www.linkedin.com\/company\/arquimaster","https:\/\/www.pinterest.com\/arquimaster","https:\/\/t.me\/arquimaster"]},{"@type":"Person","@id":"https:\/\/www.arquimaster.com.ar\/web\/#\/schema\/person\/359e9f7c00193fcde068e0dd2ceb0028","name":"Arquimaster"}]}},"uagb_featured_image_src":{"full":["https:\/\/www.arquimaster.com.ar\/web\/wp-content\/uploads\/2025\/01\/departamento_wi7000_slide.jpg",698,364,false],"thumbnail":["https:\/\/www.arquimaster.com.ar\/web\/wp-content\/uploads\/2025\/01\/departamento_wi7000_slide-150x150.jpg",150,150,true],"medium":["https:\/\/www.arquimaster.com.ar\/web\/wp-content\/uploads\/2025\/01\/departamento_wi7000_slide.jpg",698,364,false],"medium_large":["https:\/\/www.arquimaster.com.ar\/web\/wp-content\/uploads\/2025\/01\/departamento_wi7000_slide.jpg",698,364,false],"large":["https:\/\/www.arquimaster.com.ar\/web\/wp-content\/uploads\/2025\/01\/departamento_wi7000_slide.jpg",698,364,false],"1536x1536":["https:\/\/www.arquimaster.com.ar\/web\/wp-content\/uploads\/2025\/01\/departamento_wi7000_slide.jpg",698,364,false],"2048x2048":["https:\/\/www.arquimaster.com.ar\/web\/wp-content\/uploads\/2025\/01\/departamento_wi7000_slide.jpg",698,364,false]},"uagb_author_info":{"display_name":"Arquimaster","author_link":"https:\/\/www.arquimaster.com.ar\/web\/author\/arquimaster\/"},"uagb_comment_info":0,"uagb_excerpt":"La propuesta arquitect\u00f3nica fusiona est\u00e9tica y funcionalidad, generando espacios amplios, confortables y luminosos...","_links":{"self":[{"href":"https:\/\/www.arquimaster.com.ar\/web\/wp-json\/wp\/v2\/posts\/83488","targetHints":{"allow":["GET"]}}],"collection":[{"href":"https:\/\/www.arquimaster.com.ar\/web\/wp-json\/wp\/v2\/posts"}],"about":[{"href":"https:\/\/www.arquimaster.com.ar\/web\/wp-json\/wp\/v2\/types\/post"}],"author":[{"embeddable":true,"href":"https:\/\/www.arquimaster.com.ar\/web\/wp-json\/wp\/v2\/users\/1"}],"replies":[{"embeddable":true,"href":"https:\/\/www.arquimaster.com.ar\/web\/wp-json\/wp\/v2\/comments?post=83488"}],"version-history":[{"count":4,"href":"https:\/\/www.arquimaster.com.ar\/web\/wp-json\/wp\/v2\/posts\/83488\/revisions"}],"predecessor-version":[{"id":85044,"href":"https:\/\/www.arquimaster.com.ar\/web\/wp-json\/wp\/v2\/posts\/83488\/revisions\/85044"}],"wp:featuredmedia":[{"embeddable":true,"href":"https:\/\/www.arquimaster.com.ar\/web\/wp-json\/wp\/v2\/media\/83489"}],"wp:attachment":[{"href":"https:\/\/www.arquimaster.com.ar\/web\/wp-json\/wp\/v2\/media?parent=83488"}],"wp:term":[{"taxonomy":"category","embeddable":true,"href":"https:\/\/www.arquimaster.com.ar\/web\/wp-json\/wp\/v2\/categories?post=83488"},{"taxonomy":"post_tag","embeddable":true,"href":"https:\/\/www.arquimaster.com.ar\/web\/wp-json\/wp\/v2\/tags?post=83488"}],"curies":[{"name":"wp","href":"https:\/\/api.w.org\/{rel}","templated":true}]}}