{"id":83903,"date":"2025-02-20T18:43:02","date_gmt":"2025-02-20T21:43:02","guid":{"rendered":"https:\/\/www.arquimaster.com.ar\/web\/?p=83903"},"modified":"2025-07-23T15:56:00","modified_gmt":"2025-07-23T18:56:00","slug":"casa-yucatan-jay-taller-estilo-arquitectura","status":"publish","type":"post","link":"https:\/\/www.arquimaster.com.ar\/web\/casa-yucatan-jay-taller-estilo-arquitectura\/","title":{"rendered":"Casa Yucatan Jay \/ Taller Estilo Arquitectura"},"content":{"rendered":"<div style=\"margin-top: 0px; margin-bottom: 0px;\" class=\"sharethis-inline-share-buttons\" ><\/div><div class=\"b812932af2e751442846f039925109de\" data-index=\"1\" style=\"float: none; margin:25px 0 25px 0; text-align:center;\">\n<script async src=\"https:\/\/pagead2.googlesyndication.com\/pagead\/js\/adsbygoogle.js\"><\/script>\r\n<!-- Arquimaster (superior) -->\r\n<ins class=\"adsbygoogle\"\r\n     style=\"display:block\"\r\n     data-ad-client=\"ca-pub-6351072698456832\"\r\n     data-ad-slot=\"6455489680\"\r\n     data-ad-format=\"auto\"\r\n     data-full-width-responsive=\"true\"><\/ins>\r\n<script>\r\n     (adsbygoogle = window.adsbygoogle || []).push({});\r\n<\/script>\n<\/div>\n<p><strong>Casa Yucatan Jay<\/strong> (Barrio de Santiago, M\u00e9rida, Yucat\u00e1n, M\u00e9xico) por <strong>Taller Estilo Arquitectura<\/strong>. \u00bfY si un ave vuela y cambia de lugar, volver\u00e1 a donde dej\u00f3 su nido? Casa Yucat\u00e1n Jay como refugio capaz de dar respuesta a las necesidades de quien la habita; un lugar dise\u00f1ado para el turismo vacacional que busca en esencia permanecer en la memoria de quien se hospede.<\/p>\n<div id='gallery-1' class='gallery galleryid-83903 gallery-columns-3 gallery-size-thumbnail'><figure class='gallery-item'>\n\t\t\t<div class='gallery-icon portrait'>\n\t\t\t\t<a href='https:\/\/www.arquimaster.com.ar\/web\/wp-content\/uploads\/2025\/02\/casa_78_2.jpg' title=\"Casa Yucatan Jay \/ Taller Estilo Arquitectura (\u00a9 Manolo Sol\u00eds)\" data-rl_title=\"Casa Yucatan Jay \/ Taller Estilo Arquitectura (\u00a9 Manolo Sol\u00eds)\" class=\"rl-gallery-link\" data-rl_caption=\"Casa Yucatan Jay \/ Taller Estilo Arquitectura (\u00a9 Manolo Sol\u00eds)\" data-rel=\"lightbox-gallery-1\"><img loading=\"lazy\" decoding=\"async\" width=\"150\" height=\"150\" src=\"https:\/\/www.arquimaster.com.ar\/web\/wp-content\/uploads\/2025\/02\/casa_78_2-150x150.jpg\" class=\"attachment-thumbnail size-thumbnail\" alt=\"Casa Yucatan Jay \/ Taller Estilo Arquitectura\" aria-describedby=\"gallery-1-83906\" \/><\/a>\n\t\t\t<\/div>\n\t\t\t\t<figcaption class='wp-caption-text gallery-caption' id='gallery-1-83906'>\n\t\t\t\tCasa Yucatan Jay \/ Taller Estilo Arquitectura (\u00a9 Manolo Sol\u00eds)\n\t\t\t\t<\/figcaption><\/figure><figure class='gallery-item'>\n\t\t\t<div class='gallery-icon portrait'>\n\t\t\t\t<a href='https:\/\/www.arquimaster.com.ar\/web\/wp-content\/uploads\/2025\/02\/casa_78_3.jpg' title=\"Casa Yucatan Jay \/ Taller Estilo Arquitectura (\u00a9 Manolo Sol\u00eds)\" data-rl_title=\"Casa Yucatan Jay \/ Taller Estilo Arquitectura (\u00a9 Manolo Sol\u00eds)\" class=\"rl-gallery-link\" data-rl_caption=\"Casa Yucatan Jay \/ Taller Estilo Arquitectura (\u00a9 Manolo Sol\u00eds)\" data-rel=\"lightbox-gallery-1\"><img loading=\"lazy\" decoding=\"async\" width=\"150\" height=\"150\" src=\"https:\/\/www.arquimaster.com.ar\/web\/wp-content\/uploads\/2025\/02\/casa_78_3-150x150.jpg\" class=\"attachment-thumbnail size-thumbnail\" alt=\"Casa Yucatan Jay \/ Taller Estilo Arquitectura\" aria-describedby=\"gallery-1-83907\" \/><\/a>\n\t\t\t<\/div>\n\t\t\t\t<figcaption class='wp-caption-text gallery-caption' id='gallery-1-83907'>\n\t\t\t\tCasa Yucatan Jay \/ Taller Estilo Arquitectura (\u00a9 Manolo Sol\u00eds)\n\t\t\t\t<\/figcaption><\/figure><figure class='gallery-item'>\n\t\t\t<div class='gallery-icon portrait'>\n\t\t\t\t<a href='https:\/\/www.arquimaster.com.ar\/web\/wp-content\/uploads\/2025\/02\/casa_78_4.jpg' title=\"Casa Yucatan Jay \/ Taller Estilo Arquitectura (\u00a9 Manolo Sol\u00eds)\" data-rl_title=\"Casa Yucatan Jay \/ Taller Estilo Arquitectura (\u00a9 Manolo Sol\u00eds)\" class=\"rl-gallery-link\" data-rl_caption=\"Casa Yucatan Jay \/ Taller Estilo Arquitectura (\u00a9 Manolo Sol\u00eds)\" data-rel=\"lightbox-gallery-1\"><img loading=\"lazy\" decoding=\"async\" width=\"150\" height=\"150\" src=\"https:\/\/www.arquimaster.com.ar\/web\/wp-content\/uploads\/2025\/02\/casa_78_4-150x150.jpg\" class=\"attachment-thumbnail size-thumbnail\" alt=\"Casa Yucatan Jay \/ Taller Estilo Arquitectura\" aria-describedby=\"gallery-1-83908\" \/><\/a>\n\t\t\t<\/div>\n\t\t\t\t<figcaption class='wp-caption-text gallery-caption' id='gallery-1-83908'>\n\t\t\t\tCasa Yucatan Jay \/ Taller Estilo Arquitectura (\u00a9 Manolo Sol\u00eds)\n\t\t\t\t<\/figcaption><\/figure><figure class='gallery-item'>\n\t\t\t<div class='gallery-icon portrait'>\n\t\t\t\t<a href='https:\/\/www.arquimaster.com.ar\/web\/wp-content\/uploads\/2025\/02\/casa_78_5.jpg' title=\"Casa Yucatan Jay \/ Taller Estilo Arquitectura (\u00a9 Manolo Sol\u00eds)\" data-rl_title=\"Casa Yucatan Jay \/ Taller Estilo Arquitectura (\u00a9 Manolo Sol\u00eds)\" class=\"rl-gallery-link\" data-rl_caption=\"Casa Yucatan Jay \/ Taller Estilo Arquitectura (\u00a9 Manolo Sol\u00eds)\" data-rel=\"lightbox-gallery-1\"><img loading=\"lazy\" decoding=\"async\" width=\"150\" height=\"150\" src=\"https:\/\/www.arquimaster.com.ar\/web\/wp-content\/uploads\/2025\/02\/casa_78_5-150x150.jpg\" class=\"attachment-thumbnail size-thumbnail\" alt=\"Casa Yucatan Jay \/ Taller Estilo Arquitectura\" aria-describedby=\"gallery-1-83909\" \/><\/a>\n\t\t\t<\/div>\n\t\t\t\t<figcaption class='wp-caption-text gallery-caption' id='gallery-1-83909'>\n\t\t\t\tCasa Yucatan Jay \/ Taller Estilo Arquitectura (\u00a9 Manolo Sol\u00eds)\n\t\t\t\t<\/figcaption><\/figure><figure class='gallery-item'>\n\t\t\t<div class='gallery-icon landscape'>\n\t\t\t\t<a href='https:\/\/www.arquimaster.com.ar\/web\/wp-content\/uploads\/2025\/02\/casa_78_7.jpg' title=\"Casa Yucatan Jay \/ Taller Estilo Arquitectura (\u00a9 Manolo Sol\u00eds)\" data-rl_title=\"Casa Yucatan Jay \/ Taller Estilo Arquitectura (\u00a9 Manolo Sol\u00eds)\" class=\"rl-gallery-link\" data-rl_caption=\"Casa Yucatan Jay \/ Taller Estilo Arquitectura (\u00a9 Manolo Sol\u00eds)\" data-rel=\"lightbox-gallery-1\"><img loading=\"lazy\" decoding=\"async\" width=\"150\" height=\"150\" src=\"https:\/\/www.arquimaster.com.ar\/web\/wp-content\/uploads\/2025\/02\/casa_78_7-150x150.jpg\" class=\"attachment-thumbnail size-thumbnail\" alt=\"Casa Yucatan Jay \/ Taller Estilo Arquitectura\" aria-describedby=\"gallery-1-83911\" \/><\/a>\n\t\t\t<\/div>\n\t\t\t\t<figcaption class='wp-caption-text gallery-caption' id='gallery-1-83911'>\n\t\t\t\tCasa Yucatan Jay \/ Taller Estilo Arquitectura (\u00a9 Manolo Sol\u00eds)\n\t\t\t\t<\/figcaption><\/figure><figure class='gallery-item'>\n\t\t\t<div class='gallery-icon portrait'>\n\t\t\t\t<a href='https:\/\/www.arquimaster.com.ar\/web\/wp-content\/uploads\/2025\/02\/casa_78_1.jpg' title=\"Casa Yucatan Jay \/ Taller Estilo Arquitectura (\u00a9 Manolo Sol\u00eds)\" data-rl_title=\"Casa Yucatan Jay \/ Taller Estilo Arquitectura (\u00a9 Manolo Sol\u00eds)\" class=\"rl-gallery-link\" data-rl_caption=\"Casa Yucatan Jay \/ Taller Estilo Arquitectura (\u00a9 Manolo Sol\u00eds)\" data-rel=\"lightbox-gallery-1\"><img loading=\"lazy\" decoding=\"async\" width=\"150\" height=\"150\" src=\"https:\/\/www.arquimaster.com.ar\/web\/wp-content\/uploads\/2025\/02\/casa_78_1-150x150.jpg\" class=\"attachment-thumbnail size-thumbnail\" alt=\"Casa Yucatan Jay \/ Taller Estilo Arquitectura\" aria-describedby=\"gallery-1-83905\" \/><\/a>\n\t\t\t<\/div>\n\t\t\t\t<figcaption class='wp-caption-text gallery-caption' id='gallery-1-83905'>\n\t\t\t\tCasa Yucatan Jay \/ Taller Estilo Arquitectura (\u00a9 Manolo Sol\u00eds)\n\t\t\t\t<\/figcaption><\/figure><figure class='gallery-item'>\n\t\t\t<div class='gallery-icon portrait'>\n\t\t\t\t<a href='https:\/\/www.arquimaster.com.ar\/web\/wp-content\/uploads\/2025\/02\/casa_78_6.jpg' title=\"Casa Yucatan Jay \/ Taller Estilo Arquitectura (\u00a9 Manolo Sol\u00eds)\" data-rl_title=\"Casa Yucatan Jay \/ Taller Estilo Arquitectura (\u00a9 Manolo Sol\u00eds)\" class=\"rl-gallery-link\" data-rl_caption=\"Casa Yucatan Jay \/ Taller Estilo Arquitectura (\u00a9 Manolo Sol\u00eds)\" data-rel=\"lightbox-gallery-1\"><img loading=\"lazy\" decoding=\"async\" width=\"150\" height=\"150\" src=\"https:\/\/www.arquimaster.com.ar\/web\/wp-content\/uploads\/2025\/02\/casa_78_6-150x150.jpg\" class=\"attachment-thumbnail size-thumbnail\" alt=\"Casa Yucatan Jay \/ Taller Estilo Arquitectura\" aria-describedby=\"gallery-1-83910\" \/><\/a>\n\t\t\t<\/div>\n\t\t\t\t<figcaption class='wp-caption-text gallery-caption' id='gallery-1-83910'>\n\t\t\t\tCasa Yucatan Jay \/ Taller Estilo Arquitectura (\u00a9 Manolo Sol\u00eds)\n\t\t\t\t<\/figcaption><\/figure><figure class='gallery-item'>\n\t\t\t<div class='gallery-icon portrait'>\n\t\t\t\t<a href='https:\/\/www.arquimaster.com.ar\/web\/wp-content\/uploads\/2025\/02\/casa_78_8.jpg' title=\"Casa Yucatan Jay \/ Taller Estilo Arquitectura (\u00a9 Manolo Sol\u00eds)\" data-rl_title=\"Casa Yucatan Jay \/ Taller Estilo Arquitectura (\u00a9 Manolo Sol\u00eds)\" class=\"rl-gallery-link\" data-rl_caption=\"Casa Yucatan Jay \/ Taller Estilo Arquitectura (\u00a9 Manolo Sol\u00eds)\" data-rel=\"lightbox-gallery-1\"><img loading=\"lazy\" decoding=\"async\" width=\"150\" height=\"150\" src=\"https:\/\/www.arquimaster.com.ar\/web\/wp-content\/uploads\/2025\/02\/casa_78_8-150x150.jpg\" class=\"attachment-thumbnail size-thumbnail\" alt=\"Casa Yucatan Jay \/ Taller Estilo Arquitectura\" aria-describedby=\"gallery-1-83912\" \/><\/a>\n\t\t\t<\/div>\n\t\t\t\t<figcaption class='wp-caption-text gallery-caption' id='gallery-1-83912'>\n\t\t\t\tCasa Yucatan Jay \/ Taller Estilo Arquitectura (\u00a9 Manolo Sol\u00eds)\n\t\t\t\t<\/figcaption><\/figure><figure class='gallery-item'>\n\t\t\t<div class='gallery-icon portrait'>\n\t\t\t\t<a href='https:\/\/www.arquimaster.com.ar\/web\/wp-content\/uploads\/2025\/02\/casa_78_9.jpg' title=\"Casa Yucatan Jay \/ Taller Estilo Arquitectura (\u00a9 Manolo Sol\u00eds)\" data-rl_title=\"Casa Yucatan Jay \/ Taller Estilo Arquitectura (\u00a9 Manolo Sol\u00eds)\" class=\"rl-gallery-link\" data-rl_caption=\"Casa Yucatan Jay \/ Taller Estilo Arquitectura (\u00a9 Manolo Sol\u00eds)\" data-rel=\"lightbox-gallery-1\"><img loading=\"lazy\" decoding=\"async\" width=\"150\" height=\"150\" src=\"https:\/\/www.arquimaster.com.ar\/web\/wp-content\/uploads\/2025\/02\/casa_78_9-150x150.jpg\" class=\"attachment-thumbnail size-thumbnail\" alt=\"Casa Yucatan Jay \/ Taller Estilo Arquitectura\" aria-describedby=\"gallery-1-83913\" \/><\/a>\n\t\t\t<\/div>\n\t\t\t\t<figcaption class='wp-caption-text gallery-caption' id='gallery-1-83913'>\n\t\t\t\tCasa Yucatan Jay \/ Taller Estilo Arquitectura (\u00a9 Manolo Sol\u00eds)\n\t\t\t\t<\/figcaption><\/figure><figure class='gallery-item'>\n\t\t\t<div class='gallery-icon landscape'>\n\t\t\t\t<a href='https:\/\/www.arquimaster.com.ar\/web\/wp-content\/uploads\/2025\/02\/casa_78_10.jpg' title=\"Casa Yucatan Jay \/ Taller Estilo Arquitectura (\u00a9 Manolo Sol\u00eds)\" data-rl_title=\"Casa Yucatan Jay \/ Taller Estilo Arquitectura (\u00a9 Manolo Sol\u00eds)\" class=\"rl-gallery-link\" data-rl_caption=\"Casa Yucatan Jay \/ Taller Estilo Arquitectura (\u00a9 Manolo Sol\u00eds)\" data-rel=\"lightbox-gallery-1\"><img loading=\"lazy\" decoding=\"async\" width=\"150\" height=\"150\" src=\"https:\/\/www.arquimaster.com.ar\/web\/wp-content\/uploads\/2025\/02\/casa_78_10-150x150.jpg\" class=\"attachment-thumbnail size-thumbnail\" alt=\"Casa Yucatan Jay \/ Taller Estilo Arquitectura\" aria-describedby=\"gallery-1-83914\" \/><\/a>\n\t\t\t<\/div>\n\t\t\t\t<figcaption class='wp-caption-text gallery-caption' id='gallery-1-83914'>\n\t\t\t\tCasa Yucatan Jay \/ Taller Estilo Arquitectura (\u00a9 Manolo Sol\u00eds)\n\t\t\t\t<\/figcaption><\/figure><figure class='gallery-item'>\n\t\t\t<div class='gallery-icon landscape'>\n\t\t\t\t<a href='https:\/\/www.arquimaster.com.ar\/web\/wp-content\/uploads\/2025\/02\/casa_78_11.jpg' title=\"Casa Yucatan Jay \/ Taller Estilo Arquitectura (\u00a9 Manolo Sol\u00eds)\" data-rl_title=\"Casa Yucatan Jay \/ Taller Estilo Arquitectura (\u00a9 Manolo Sol\u00eds)\" class=\"rl-gallery-link\" data-rl_caption=\"Casa Yucatan Jay \/ Taller Estilo Arquitectura (\u00a9 Manolo Sol\u00eds)\" data-rel=\"lightbox-gallery-1\"><img loading=\"lazy\" decoding=\"async\" width=\"150\" height=\"150\" src=\"https:\/\/www.arquimaster.com.ar\/web\/wp-content\/uploads\/2025\/02\/casa_78_11-150x150.jpg\" class=\"attachment-thumbnail size-thumbnail\" alt=\"Casa Yucatan Jay \/ Taller Estilo Arquitectura\" aria-describedby=\"gallery-1-83915\" \/><\/a>\n\t\t\t<\/div>\n\t\t\t\t<figcaption class='wp-caption-text gallery-caption' id='gallery-1-83915'>\n\t\t\t\tCasa Yucatan Jay \/ Taller Estilo Arquitectura (\u00a9 Manolo Sol\u00eds)\n\t\t\t\t<\/figcaption><\/figure><figure class='gallery-item'>\n\t\t\t<div class='gallery-icon portrait'>\n\t\t\t\t<a href='https:\/\/www.arquimaster.com.ar\/web\/wp-content\/uploads\/2025\/02\/casa_78_12.jpg' title=\"Casa Yucatan Jay \/ Taller Estilo Arquitectura (\u00a9 Manolo Sol\u00eds)\" data-rl_title=\"Casa Yucatan Jay \/ Taller Estilo Arquitectura (\u00a9 Manolo Sol\u00eds)\" class=\"rl-gallery-link\" data-rl_caption=\"Casa Yucatan Jay \/ Taller Estilo Arquitectura (\u00a9 Manolo Sol\u00eds)\" data-rel=\"lightbox-gallery-1\"><img loading=\"lazy\" decoding=\"async\" width=\"150\" height=\"150\" src=\"https:\/\/www.arquimaster.com.ar\/web\/wp-content\/uploads\/2025\/02\/casa_78_12-150x150.jpg\" class=\"attachment-thumbnail size-thumbnail\" alt=\"Casa Yucatan Jay \/ Taller Estilo Arquitectura\" aria-describedby=\"gallery-1-83916\" \/><\/a>\n\t\t\t<\/div>\n\t\t\t\t<figcaption class='wp-caption-text gallery-caption' id='gallery-1-83916'>\n\t\t\t\tCasa Yucatan Jay \/ Taller Estilo Arquitectura (\u00a9 Manolo Sol\u00eds)\n\t\t\t\t<\/figcaption><\/figure><figure class='gallery-item'>\n\t\t\t<div class='gallery-icon portrait'>\n\t\t\t\t<a href='https:\/\/www.arquimaster.com.ar\/web\/wp-content\/uploads\/2025\/02\/casa_78_13.jpg' title=\"Casa Yucatan Jay \/ Taller Estilo Arquitectura (\u00a9 Manolo Sol\u00eds)\" data-rl_title=\"Casa Yucatan Jay \/ Taller Estilo Arquitectura (\u00a9 Manolo Sol\u00eds)\" class=\"rl-gallery-link\" data-rl_caption=\"Casa Yucatan Jay \/ Taller Estilo Arquitectura (\u00a9 Manolo Sol\u00eds)\" data-rel=\"lightbox-gallery-1\"><img loading=\"lazy\" decoding=\"async\" width=\"150\" height=\"150\" src=\"https:\/\/www.arquimaster.com.ar\/web\/wp-content\/uploads\/2025\/02\/casa_78_13-150x150.jpg\" class=\"attachment-thumbnail size-thumbnail\" alt=\"Casa Yucatan Jay \/ Taller Estilo Arquitectura\" aria-describedby=\"gallery-1-83917\" \/><\/a>\n\t\t\t<\/div>\n\t\t\t\t<figcaption class='wp-caption-text gallery-caption' id='gallery-1-83917'>\n\t\t\t\tCasa Yucatan Jay \/ Taller Estilo Arquitectura (\u00a9 Manolo Sol\u00eds)\n\t\t\t\t<\/figcaption><\/figure><figure class='gallery-item'>\n\t\t\t<div class='gallery-icon portrait'>\n\t\t\t\t<a href='https:\/\/www.arquimaster.com.ar\/web\/wp-content\/uploads\/2025\/02\/casa_78_14.jpg' title=\"Casa Yucatan Jay \/ Taller Estilo Arquitectura (\u00a9 Manolo Sol\u00eds)\" data-rl_title=\"Casa Yucatan Jay \/ Taller Estilo Arquitectura (\u00a9 Manolo Sol\u00eds)\" class=\"rl-gallery-link\" data-rl_caption=\"Casa Yucatan Jay \/ Taller Estilo Arquitectura (\u00a9 Manolo Sol\u00eds)\" data-rel=\"lightbox-gallery-1\"><img loading=\"lazy\" decoding=\"async\" width=\"150\" height=\"150\" src=\"https:\/\/www.arquimaster.com.ar\/web\/wp-content\/uploads\/2025\/02\/casa_78_14-150x150.jpg\" class=\"attachment-thumbnail size-thumbnail\" alt=\"Casa Yucatan Jay \/ Taller Estilo Arquitectura\" aria-describedby=\"gallery-1-83918\" \/><\/a>\n\t\t\t<\/div>\n\t\t\t\t<figcaption class='wp-caption-text gallery-caption' id='gallery-1-83918'>\n\t\t\t\tCasa Yucatan Jay \/ Taller Estilo Arquitectura (\u00a9 Manolo Sol\u00eds)\n\t\t\t\t<\/figcaption><\/figure><figure class='gallery-item'>\n\t\t\t<div class='gallery-icon portrait'>\n\t\t\t\t<a href='https:\/\/www.arquimaster.com.ar\/web\/wp-content\/uploads\/2025\/02\/casa_78_15.jpg' title=\"Casa Yucatan Jay \/ Taller Estilo Arquitectura (\u00a9 Manolo Sol\u00eds)\" data-rl_title=\"Casa Yucatan Jay \/ Taller Estilo Arquitectura (\u00a9 Manolo Sol\u00eds)\" class=\"rl-gallery-link\" data-rl_caption=\"Casa Yucatan Jay \/ Taller Estilo Arquitectura (\u00a9 Manolo Sol\u00eds)\" data-rel=\"lightbox-gallery-1\"><img loading=\"lazy\" decoding=\"async\" width=\"150\" height=\"150\" src=\"https:\/\/www.arquimaster.com.ar\/web\/wp-content\/uploads\/2025\/02\/casa_78_15-150x150.jpg\" class=\"attachment-thumbnail size-thumbnail\" alt=\"Casa Yucatan Jay \/ Taller Estilo Arquitectura\" aria-describedby=\"gallery-1-83919\" \/><\/a>\n\t\t\t<\/div>\n\t\t\t\t<figcaption class='wp-caption-text gallery-caption' id='gallery-1-83919'>\n\t\t\t\tCasa Yucatan Jay \/ Taller Estilo Arquitectura (\u00a9 Manolo Sol\u00eds)\n\t\t\t\t<\/figcaption><\/figure><figure class='gallery-item'>\n\t\t\t<div class='gallery-icon landscape'>\n\t\t\t\t<a href='https:\/\/www.arquimaster.com.ar\/web\/wp-content\/uploads\/2025\/02\/casa_78_16.jpg' title=\"Casa Yucatan Jay \/ Taller Estilo Arquitectura (\u00a9 Manolo Sol\u00eds)\" data-rl_title=\"Casa Yucatan Jay \/ Taller Estilo Arquitectura (\u00a9 Manolo Sol\u00eds)\" class=\"rl-gallery-link\" data-rl_caption=\"Casa Yucatan Jay \/ Taller Estilo Arquitectura (\u00a9 Manolo Sol\u00eds)\" data-rel=\"lightbox-gallery-1\"><img loading=\"lazy\" decoding=\"async\" width=\"150\" height=\"150\" src=\"https:\/\/www.arquimaster.com.ar\/web\/wp-content\/uploads\/2025\/02\/casa_78_16-150x150.jpg\" class=\"attachment-thumbnail size-thumbnail\" alt=\"Casa Yucatan Jay \/ Taller Estilo Arquitectura\" aria-describedby=\"gallery-1-83920\" \/><\/a>\n\t\t\t<\/div>\n\t\t\t\t<figcaption class='wp-caption-text gallery-caption' id='gallery-1-83920'>\n\t\t\t\tCasa Yucatan Jay \/ Taller Estilo Arquitectura (\u00a9 Manolo Sol\u00eds)\n\t\t\t\t<\/figcaption><\/figure><figure class='gallery-item'>\n\t\t\t<div class='gallery-icon portrait'>\n\t\t\t\t<a href='https:\/\/www.arquimaster.com.ar\/web\/wp-content\/uploads\/2025\/02\/casa_78_17.jpg' title=\"Casa Yucatan Jay \/ Taller Estilo Arquitectura (\u00a9 Manolo Sol\u00eds)\" data-rl_title=\"Casa Yucatan Jay \/ Taller Estilo Arquitectura (\u00a9 Manolo Sol\u00eds)\" class=\"rl-gallery-link\" data-rl_caption=\"Casa Yucatan Jay \/ Taller Estilo Arquitectura (\u00a9 Manolo Sol\u00eds)\" data-rel=\"lightbox-gallery-1\"><img loading=\"lazy\" decoding=\"async\" width=\"150\" height=\"150\" src=\"https:\/\/www.arquimaster.com.ar\/web\/wp-content\/uploads\/2025\/02\/casa_78_17-150x150.jpg\" class=\"attachment-thumbnail size-thumbnail\" alt=\"Casa Yucatan Jay \/ Taller Estilo Arquitectura\" aria-describedby=\"gallery-1-83921\" \/><\/a>\n\t\t\t<\/div>\n\t\t\t\t<figcaption class='wp-caption-text gallery-caption' id='gallery-1-83921'>\n\t\t\t\tCasa Yucatan Jay \/ Taller Estilo Arquitectura (\u00a9 Manolo Sol\u00eds)\n\t\t\t\t<\/figcaption><\/figure><figure class='gallery-item'>\n\t\t\t<div class='gallery-icon landscape'>\n\t\t\t\t<a href='https:\/\/www.arquimaster.com.ar\/web\/wp-content\/uploads\/2025\/02\/casa_78_18.jpg' title=\"Casa Yucatan Jay \/ Taller Estilo Arquitectura (\u00a9 Manolo Sol\u00eds)\" data-rl_title=\"Casa Yucatan Jay \/ Taller Estilo Arquitectura (\u00a9 Manolo Sol\u00eds)\" class=\"rl-gallery-link\" data-rl_caption=\"Casa Yucatan Jay \/ Taller Estilo Arquitectura (\u00a9 Manolo Sol\u00eds)\" data-rel=\"lightbox-gallery-1\"><img loading=\"lazy\" decoding=\"async\" width=\"150\" height=\"150\" src=\"https:\/\/www.arquimaster.com.ar\/web\/wp-content\/uploads\/2025\/02\/casa_78_18-150x150.jpg\" class=\"attachment-thumbnail size-thumbnail\" alt=\"Casa Yucatan Jay \/ Taller Estilo Arquitectura\" aria-describedby=\"gallery-1-83922\" \/><\/a>\n\t\t\t<\/div>\n\t\t\t\t<figcaption class='wp-caption-text gallery-caption' id='gallery-1-83922'>\n\t\t\t\tCasa Yucatan Jay \/ Taller Estilo Arquitectura (\u00a9 Manolo Sol\u00eds)\n\t\t\t\t<\/figcaption><\/figure><figure class='gallery-item'>\n\t\t\t<div class='gallery-icon portrait'>\n\t\t\t\t<a href='https:\/\/www.arquimaster.com.ar\/web\/wp-content\/uploads\/2025\/02\/casa_78_19.jpg' title=\"Casa Yucatan Jay \/ Taller Estilo Arquitectura (\u00a9 Manolo Sol\u00eds)\" data-rl_title=\"Casa Yucatan Jay \/ Taller Estilo Arquitectura (\u00a9 Manolo Sol\u00eds)\" class=\"rl-gallery-link\" data-rl_caption=\"Casa Yucatan Jay \/ Taller Estilo Arquitectura (\u00a9 Manolo Sol\u00eds)\" data-rel=\"lightbox-gallery-1\"><img loading=\"lazy\" decoding=\"async\" width=\"150\" height=\"150\" src=\"https:\/\/www.arquimaster.com.ar\/web\/wp-content\/uploads\/2025\/02\/casa_78_19-150x150.jpg\" class=\"attachment-thumbnail size-thumbnail\" alt=\"Casa Yucatan Jay \/ Taller Estilo Arquitectura\" aria-describedby=\"gallery-1-83923\" \/><\/a>\n\t\t\t<\/div>\n\t\t\t\t<figcaption class='wp-caption-text gallery-caption' id='gallery-1-83923'>\n\t\t\t\tCasa Yucatan Jay \/ Taller Estilo Arquitectura (\u00a9 Manolo Sol\u00eds)\n\t\t\t\t<\/figcaption><\/figure><figure class='gallery-item'>\n\t\t\t<div class='gallery-icon portrait'>\n\t\t\t\t<a href='https:\/\/www.arquimaster.com.ar\/web\/wp-content\/uploads\/2025\/02\/casa_78_20.jpg' title=\"Casa Yucatan Jay \/ Taller Estilo Arquitectura (\u00a9 Manolo Sol\u00eds)\" data-rl_title=\"Casa Yucatan Jay \/ Taller Estilo Arquitectura (\u00a9 Manolo Sol\u00eds)\" class=\"rl-gallery-link\" data-rl_caption=\"Casa Yucatan Jay \/ Taller Estilo Arquitectura (\u00a9 Manolo Sol\u00eds)\" data-rel=\"lightbox-gallery-1\"><img loading=\"lazy\" decoding=\"async\" width=\"150\" height=\"150\" src=\"https:\/\/www.arquimaster.com.ar\/web\/wp-content\/uploads\/2025\/02\/casa_78_20-150x150.jpg\" class=\"attachment-thumbnail size-thumbnail\" alt=\"Casa Yucatan Jay \/ Taller Estilo Arquitectura\" aria-describedby=\"gallery-1-83924\" \/><\/a>\n\t\t\t<\/div>\n\t\t\t\t<figcaption class='wp-caption-text gallery-caption' id='gallery-1-83924'>\n\t\t\t\tCasa Yucatan Jay \/ Taller Estilo Arquitectura (\u00a9 Manolo Sol\u00eds)\n\t\t\t\t<\/figcaption><\/figure><figure class='gallery-item'>\n\t\t\t<div class='gallery-icon landscape'>\n\t\t\t\t<a href='https:\/\/www.arquimaster.com.ar\/web\/wp-content\/uploads\/2025\/02\/casa_78_21.jpg' title=\"Casa Yucatan Jay \/ Taller Estilo Arquitectura (\u00a9 Manolo Sol\u00eds)\" data-rl_title=\"Casa Yucatan Jay \/ Taller Estilo Arquitectura (\u00a9 Manolo Sol\u00eds)\" class=\"rl-gallery-link\" data-rl_caption=\"Casa Yucatan Jay \/ Taller Estilo Arquitectura (\u00a9 Manolo Sol\u00eds)\" data-rel=\"lightbox-gallery-1\"><img loading=\"lazy\" decoding=\"async\" width=\"150\" height=\"150\" src=\"https:\/\/www.arquimaster.com.ar\/web\/wp-content\/uploads\/2025\/02\/casa_78_21-150x150.jpg\" class=\"attachment-thumbnail size-thumbnail\" alt=\"Casa Yucatan Jay \/ Taller Estilo Arquitectura\" aria-describedby=\"gallery-1-83925\" \/><\/a>\n\t\t\t<\/div>\n\t\t\t\t<figcaption class='wp-caption-text gallery-caption' id='gallery-1-83925'>\n\t\t\t\tCasa Yucatan Jay \/ Taller Estilo Arquitectura (\u00a9 Manolo Sol\u00eds)\n\t\t\t\t<\/figcaption><\/figure><figure class='gallery-item'>\n\t\t\t<div class='gallery-icon portrait'>\n\t\t\t\t<a href='https:\/\/www.arquimaster.com.ar\/web\/wp-content\/uploads\/2025\/02\/casa_78_22.jpg' title=\"Casa Yucatan Jay \/ Taller Estilo Arquitectura (\u00a9 Manolo Sol\u00eds)\" data-rl_title=\"Casa Yucatan Jay \/ Taller Estilo Arquitectura (\u00a9 Manolo Sol\u00eds)\" class=\"rl-gallery-link\" data-rl_caption=\"Casa Yucatan Jay \/ Taller Estilo Arquitectura (\u00a9 Manolo Sol\u00eds)\" data-rel=\"lightbox-gallery-1\"><img loading=\"lazy\" decoding=\"async\" width=\"150\" height=\"150\" src=\"https:\/\/www.arquimaster.com.ar\/web\/wp-content\/uploads\/2025\/02\/casa_78_22-150x150.jpg\" class=\"attachment-thumbnail size-thumbnail\" alt=\"Casa Yucatan Jay \/ Taller Estilo Arquitectura\" aria-describedby=\"gallery-1-83926\" \/><\/a>\n\t\t\t<\/div>\n\t\t\t\t<figcaption class='wp-caption-text gallery-caption' id='gallery-1-83926'>\n\t\t\t\tCasa Yucatan Jay \/ Taller Estilo Arquitectura (\u00a9 Manolo Sol\u00eds)\n\t\t\t\t<\/figcaption><\/figure><figure class='gallery-item'>\n\t\t\t<div class='gallery-icon portrait'>\n\t\t\t\t<a href='https:\/\/www.arquimaster.com.ar\/web\/wp-content\/uploads\/2025\/02\/casa_78_23.jpg' title=\"Casa Yucatan Jay \/ Taller Estilo Arquitectura (\u00a9 Manolo Sol\u00eds)\" data-rl_title=\"Casa Yucatan Jay \/ Taller Estilo Arquitectura (\u00a9 Manolo Sol\u00eds)\" class=\"rl-gallery-link\" data-rl_caption=\"Casa Yucatan Jay \/ Taller Estilo Arquitectura (\u00a9 Manolo Sol\u00eds)\" data-rel=\"lightbox-gallery-1\"><img loading=\"lazy\" decoding=\"async\" width=\"150\" height=\"150\" src=\"https:\/\/www.arquimaster.com.ar\/web\/wp-content\/uploads\/2025\/02\/casa_78_23-150x150.jpg\" class=\"attachment-thumbnail size-thumbnail\" alt=\"Casa Yucatan Jay \/ Taller Estilo Arquitectura\" aria-describedby=\"gallery-1-83927\" \/><\/a>\n\t\t\t<\/div>\n\t\t\t\t<figcaption class='wp-caption-text gallery-caption' id='gallery-1-83927'>\n\t\t\t\tCasa Yucatan Jay \/ Taller Estilo Arquitectura (\u00a9 Manolo Sol\u00eds)\n\t\t\t\t<\/figcaption><\/figure><figure class='gallery-item'>\n\t\t\t<div class='gallery-icon portrait'>\n\t\t\t\t<a href='https:\/\/www.arquimaster.com.ar\/web\/wp-content\/uploads\/2025\/02\/casa_78_24.jpg' title=\"Casa Yucatan Jay \/ Taller Estilo Arquitectura (\u00a9 Manolo Sol\u00eds)\" data-rl_title=\"Casa Yucatan Jay \/ Taller Estilo Arquitectura (\u00a9 Manolo Sol\u00eds)\" class=\"rl-gallery-link\" data-rl_caption=\"Casa Yucatan Jay \/ Taller Estilo Arquitectura (\u00a9 Manolo Sol\u00eds)\" data-rel=\"lightbox-gallery-1\"><img loading=\"lazy\" decoding=\"async\" width=\"150\" height=\"150\" src=\"https:\/\/www.arquimaster.com.ar\/web\/wp-content\/uploads\/2025\/02\/casa_78_24-150x150.jpg\" class=\"attachment-thumbnail size-thumbnail\" alt=\"Casa Yucatan Jay \/ Taller Estilo Arquitectura\" aria-describedby=\"gallery-1-83928\" \/><\/a>\n\t\t\t<\/div>\n\t\t\t\t<figcaption class='wp-caption-text gallery-caption' id='gallery-1-83928'>\n\t\t\t\tCasa Yucatan Jay \/ Taller Estilo Arquitectura (\u00a9 Manolo Sol\u00eds)\n\t\t\t\t<\/figcaption><\/figure><figure class='gallery-item'>\n\t\t\t<div class='gallery-icon portrait'>\n\t\t\t\t<a href='https:\/\/www.arquimaster.com.ar\/web\/wp-content\/uploads\/2025\/02\/casa_78_25.jpg' title=\"Casa Yucatan Jay \/ Taller Estilo Arquitectura (\u00a9 Manolo Sol\u00eds)\" data-rl_title=\"Casa Yucatan Jay \/ Taller Estilo Arquitectura (\u00a9 Manolo Sol\u00eds)\" class=\"rl-gallery-link\" data-rl_caption=\"Casa Yucatan Jay \/ Taller Estilo Arquitectura (\u00a9 Manolo Sol\u00eds)\" data-rel=\"lightbox-gallery-1\"><img loading=\"lazy\" decoding=\"async\" width=\"150\" height=\"150\" src=\"https:\/\/www.arquimaster.com.ar\/web\/wp-content\/uploads\/2025\/02\/casa_78_25-150x150.jpg\" class=\"attachment-thumbnail size-thumbnail\" alt=\"Casa Yucatan Jay \/ Taller Estilo Arquitectura\" aria-describedby=\"gallery-1-83929\" \/><\/a>\n\t\t\t<\/div>\n\t\t\t\t<figcaption class='wp-caption-text gallery-caption' id='gallery-1-83929'>\n\t\t\t\tCasa Yucatan Jay \/ Taller Estilo Arquitectura (\u00a9 Manolo Sol\u00eds)\n\t\t\t\t<\/figcaption><\/figure><figure class='gallery-item'>\n\t\t\t<div class='gallery-icon landscape'>\n\t\t\t\t<a href='https:\/\/www.arquimaster.com.ar\/web\/wp-content\/uploads\/2025\/02\/casa_78_26.jpg' title=\"Casa Yucatan Jay \/ Taller Estilo Arquitectura (\u00a9 Manolo Sol\u00eds)\" data-rl_title=\"Casa Yucatan Jay \/ Taller Estilo Arquitectura (\u00a9 Manolo Sol\u00eds)\" class=\"rl-gallery-link\" data-rl_caption=\"Casa Yucatan Jay \/ Taller Estilo Arquitectura (\u00a9 Manolo Sol\u00eds)\" data-rel=\"lightbox-gallery-1\"><img loading=\"lazy\" decoding=\"async\" width=\"150\" height=\"150\" src=\"https:\/\/www.arquimaster.com.ar\/web\/wp-content\/uploads\/2025\/02\/casa_78_26-150x150.jpg\" class=\"attachment-thumbnail size-thumbnail\" alt=\"Casa Yucatan Jay \/ Taller Estilo Arquitectura\" aria-describedby=\"gallery-1-83930\" \/><\/a>\n\t\t\t<\/div>\n\t\t\t\t<figcaption class='wp-caption-text gallery-caption' id='gallery-1-83930'>\n\t\t\t\tCasa Yucatan Jay \/ Taller Estilo Arquitectura (\u00a9 Manolo Sol\u00eds)\n\t\t\t\t<\/figcaption><\/figure><figure class='gallery-item'>\n\t\t\t<div class='gallery-icon landscape'>\n\t\t\t\t<a href='https:\/\/www.arquimaster.com.ar\/web\/wp-content\/uploads\/2025\/02\/casa_78_79.jpg' title=\"Casa Yucatan Jay \/ Taller Estilo Arquitectura (planta)\" data-rl_title=\"Casa Yucatan Jay \/ Taller Estilo Arquitectura (planta)\" class=\"rl-gallery-link\" data-rl_caption=\"Casa Yucatan Jay \/ Taller Estilo Arquitectura (planta)\" data-rel=\"lightbox-gallery-1\"><img loading=\"lazy\" decoding=\"async\" width=\"150\" height=\"150\" src=\"https:\/\/www.arquimaster.com.ar\/web\/wp-content\/uploads\/2025\/02\/casa_78_79-150x150.jpg\" class=\"attachment-thumbnail size-thumbnail\" alt=\"Casa Yucatan Jay \/ Taller Estilo Arquitectura\" aria-describedby=\"gallery-1-83931\" \/><\/a>\n\t\t\t<\/div>\n\t\t\t\t<figcaption class='wp-caption-text gallery-caption' id='gallery-1-83931'>\n\t\t\t\tCasa Yucatan Jay \/ Taller Estilo Arquitectura (planta)\n\t\t\t\t<\/figcaption><\/figure><figure class='gallery-item'>\n\t\t\t<div class='gallery-icon landscape'>\n\t\t\t\t<a href='https:\/\/www.arquimaster.com.ar\/web\/wp-content\/uploads\/2025\/02\/casa_78_80.jpg' title=\"Casa Yucatan Jay \/ Taller Estilo Arquitectura (corte)\" data-rl_title=\"Casa Yucatan Jay \/ Taller Estilo Arquitectura (corte)\" class=\"rl-gallery-link\" data-rl_caption=\"Casa Yucatan Jay \/ Taller Estilo Arquitectura (corte)\" data-rel=\"lightbox-gallery-1\"><img loading=\"lazy\" decoding=\"async\" width=\"150\" height=\"150\" src=\"https:\/\/www.arquimaster.com.ar\/web\/wp-content\/uploads\/2025\/02\/casa_78_80-150x150.jpg\" class=\"attachment-thumbnail size-thumbnail\" alt=\"Casa Yucatan Jay \/ Taller Estilo Arquitectura\" aria-describedby=\"gallery-1-83932\" \/><\/a>\n\t\t\t<\/div>\n\t\t\t\t<figcaption class='wp-caption-text gallery-caption' id='gallery-1-83932'>\n\t\t\t\tCasa Yucatan Jay \/ Taller Estilo Arquitectura (corte)\n\t\t\t\t<\/figcaption><\/figure><figure class='gallery-item'>\n\t\t\t<div class='gallery-icon landscape'>\n\t\t\t\t<a href='https:\/\/www.arquimaster.com.ar\/web\/wp-content\/uploads\/2025\/02\/casa_78_81.jpg' title=\"Casa Yucatan Jay \/ Taller Estilo Arquitectura (corte)\" data-rl_title=\"Casa Yucatan Jay \/ Taller Estilo Arquitectura (corte)\" class=\"rl-gallery-link\" data-rl_caption=\"Casa Yucatan Jay \/ Taller Estilo Arquitectura (corte)\" data-rel=\"lightbox-gallery-1\"><img loading=\"lazy\" decoding=\"async\" width=\"150\" height=\"150\" src=\"https:\/\/www.arquimaster.com.ar\/web\/wp-content\/uploads\/2025\/02\/casa_78_81-150x150.jpg\" class=\"attachment-thumbnail size-thumbnail\" alt=\"Casa Yucatan Jay \/ Taller Estilo Arquitectura\" aria-describedby=\"gallery-1-83933\" \/><\/a>\n\t\t\t<\/div>\n\t\t\t\t<figcaption class='wp-caption-text gallery-caption' id='gallery-1-83933'>\n\t\t\t\tCasa Yucatan Jay \/ Taller Estilo Arquitectura (corte)\n\t\t\t\t<\/figcaption><\/figure><figure class='gallery-item'>\n\t\t\t<div class='gallery-icon landscape'>\n\t\t\t\t<a href='https:\/\/www.arquimaster.com.ar\/web\/wp-content\/uploads\/2025\/02\/casa_78_82.jpg' title=\"Casa Yucatan Jay \/ Taller Estilo Arquitectura (corte)\" data-rl_title=\"Casa Yucatan Jay \/ Taller Estilo Arquitectura (corte)\" class=\"rl-gallery-link\" data-rl_caption=\"Casa Yucatan Jay \/ Taller Estilo Arquitectura (corte)\" data-rel=\"lightbox-gallery-1\"><img loading=\"lazy\" decoding=\"async\" width=\"150\" height=\"150\" src=\"https:\/\/www.arquimaster.com.ar\/web\/wp-content\/uploads\/2025\/02\/casa_78_82-150x150.jpg\" class=\"attachment-thumbnail size-thumbnail\" alt=\"Casa Yucatan Jay \/ Taller Estilo Arquitectura\" aria-describedby=\"gallery-1-83934\" \/><\/a>\n\t\t\t<\/div>\n\t\t\t\t<figcaption class='wp-caption-text gallery-caption' id='gallery-1-83934'>\n\t\t\t\tCasa Yucatan Jay \/ Taller Estilo Arquitectura (corte)\n\t\t\t\t<\/figcaption><\/figure><figure class='gallery-item'>\n\t\t\t<div class='gallery-icon landscape'>\n\t\t\t\t<a href='https:\/\/www.arquimaster.com.ar\/web\/wp-content\/uploads\/2025\/02\/casa_78_83.jpg' title=\"Casa Yucatan Jay \/ Taller Estilo Arquitectura (corte)\" data-rl_title=\"Casa Yucatan Jay \/ Taller Estilo Arquitectura (corte)\" class=\"rl-gallery-link\" data-rl_caption=\"Casa Yucatan Jay \/ Taller Estilo Arquitectura (corte)\" data-rel=\"lightbox-gallery-1\"><img loading=\"lazy\" decoding=\"async\" width=\"150\" height=\"150\" src=\"https:\/\/www.arquimaster.com.ar\/web\/wp-content\/uploads\/2025\/02\/casa_78_83-150x150.jpg\" class=\"attachment-thumbnail size-thumbnail\" alt=\"Casa Yucatan Jay \/ Taller Estilo Arquitectura\" aria-describedby=\"gallery-1-83935\" \/><\/a>\n\t\t\t<\/div>\n\t\t\t\t<figcaption class='wp-caption-text gallery-caption' id='gallery-1-83935'>\n\t\t\t\tCasa Yucatan Jay \/ Taller Estilo Arquitectura (corte)\n\t\t\t\t<\/figcaption><\/figure><figure class='gallery-item'>\n\t\t\t<div class='gallery-icon landscape'>\n\t\t\t\t<a href='https:\/\/www.arquimaster.com.ar\/web\/wp-content\/uploads\/2025\/02\/casa_78_84.jpg' title=\"Casa Yucatan Jay \/ Taller Estilo Arquitectura (corte)\" data-rl_title=\"Casa Yucatan Jay \/ Taller Estilo Arquitectura (corte)\" class=\"rl-gallery-link\" data-rl_caption=\"Casa Yucatan Jay \/ Taller Estilo Arquitectura (corte)\" data-rel=\"lightbox-gallery-1\"><img loading=\"lazy\" decoding=\"async\" width=\"150\" height=\"150\" src=\"https:\/\/www.arquimaster.com.ar\/web\/wp-content\/uploads\/2025\/02\/casa_78_84-150x150.jpg\" class=\"attachment-thumbnail size-thumbnail\" alt=\"Casa Yucatan Jay \/ Taller Estilo Arquitectura\" aria-describedby=\"gallery-1-83936\" \/><\/a>\n\t\t\t<\/div>\n\t\t\t\t<figcaption class='wp-caption-text gallery-caption' id='gallery-1-83936'>\n\t\t\t\tCasa Yucatan Jay \/ Taller Estilo Arquitectura (corte)\n\t\t\t\t<\/figcaption><\/figure><figure class='gallery-item'>\n\t\t\t<div class='gallery-icon landscape'>\n\t\t\t\t<a href='https:\/\/www.arquimaster.com.ar\/web\/wp-content\/uploads\/2025\/02\/casa_78_85.jpg' title=\"Casa Yucatan Jay \/ Taller Estilo Arquitectura (vista)\" data-rl_title=\"Casa Yucatan Jay \/ Taller Estilo Arquitectura (vista)\" class=\"rl-gallery-link\" data-rl_caption=\"Casa Yucatan Jay \/ Taller Estilo Arquitectura (vista)\" data-rel=\"lightbox-gallery-1\"><img loading=\"lazy\" decoding=\"async\" width=\"150\" height=\"150\" src=\"https:\/\/www.arquimaster.com.ar\/web\/wp-content\/uploads\/2025\/02\/casa_78_85-150x150.jpg\" class=\"attachment-thumbnail size-thumbnail\" alt=\"Casa Yucatan Jay \/ Taller Estilo Arquitectura\" aria-describedby=\"gallery-1-83937\" \/><\/a>\n\t\t\t<\/div>\n\t\t\t\t<figcaption class='wp-caption-text gallery-caption' id='gallery-1-83937'>\n\t\t\t\tCasa Yucatan Jay \/ Taller Estilo Arquitectura (vista)\n\t\t\t\t<\/figcaption><\/figure>\n\t\t<\/div>\n\n<p>Es una vivienda que se encuentra en un terreno regular, con un peculiar jard\u00edn al frente que te da la bienvenida, poco com\u00fan en las casas del centro hist\u00f3rico de la ciudad de M\u00e9rida.\u00a0\u00a0<\/p>\n<p>La fachada Art Deco es evidente c\u00f3mo sus detalles ornamentales. Estr\u00edas de concreto y altos relieves que dejan entrever la edad del inmueble. El acceso principal es enmarcado por una puerta verde con accesorios en color gris y champagne.<\/p>\n<p>La estructura preexistente fue rescatada y restaurada en su totalidad en d\u00f3nde Los espacios cambiaron las funciones. El vest\u00edbulo direcciona al usuario de inmediato hacia las rec\u00e1maras que cuentan con su propio ba\u00f1o siempre procurando guiar las vistas hacia los jardines y terrazas. Posteriormente nos encontramos con un arco que evidencia la transici\u00f3n entre lo privado y lo p\u00fablico.\u00a0<\/p>\n<p>En el espacio p\u00fablico se encuentra la cocina, comedor y sala que se abren a una doble altura para darle protagonismo al \u00e1rbol de mamey que nos encontramos al iniciar el proyecto y que con mucho cuidado preservamos.<\/p>\n<p>El gran ventanal nos conecta con la piscina y \u00e1rea de jard\u00edn que de alguna manera nos evoca un espacio tropical en d\u00f3nde se alberga la fauna yucateca.\u00a0<\/p>\n<p>Finalmente, frente a la piscina tenemos la rec\u00e1mara principal con ba\u00f1o\/vestidor que de cualquier \u00e1ngulo del espacio se conecta con la naturaleza.\u00a0<\/p>\n<p>Con la plena convicci\u00f3n de crear entornos, disfrutables, funcionales y est\u00e9ticamente confortables se resolvieron los interiores atendiendo las necesidades del usuario.<\/p>\n<p>Espacios eficaces, buscando resaltar sus cualidades ya sean preexistentes o nuevas. Se atienden aspectos importantes como la iluminaci\u00f3n, materialidad, ac\u00fastica, ventilaci\u00f3n con la finalidad de lograr una vivienda coherente y agradable.<\/p>\n<p>Una vivienda que diluye el muro s\u00f3lido de mamposter\u00eda y lo convierte en un elemento de cristal casi imperceptible para honrar a la naturaleza.<\/p>\n\n\n<div style=\"height:20px\" aria-hidden=\"true\" class=\"wp-block-spacer\"><\/div>\n\n\n\n<p class=\"has-background\" style=\"background-color:#eaeaea\"><strong>Ficha t\u00e9cnica<\/strong><br>Nombre: Casa Yucatan Jay<br>Ubicaci\u00f3n: Barrio de Santiago, M\u00e9rida, Yucat\u00e1n, M\u00e9xico<br>Oficina de arquitectura: Taller Estilo Arquitectura S. de R. L. de C. V.<br>Equipo: Arq. V\u00edctor Alejandro Cruz Dom\u00ednguez, Arq. Iv\u00e1n Atahualpa Hern\u00e1ndez Salazar, Arq. Lu\u00eds Armando Estrada Aguilar<br>Colaboradores: Arq. Juan Rosado Rodr\u00edguez, Arq. Jorge Escalante Chan, Arq. Daniel Iv\u00e1n Rivera Arjona<br>\u00c1rea de construcci\u00f3n: 177,14 m2<br>A\u00f1o: 2024<br>Fotograf\u00eda: Manolo R. Sol\u00eds<br>Sitio web: https:\/\/www.tallerestiloarquitectura.com<br>Instagram: Taller Estilo Arquitectura<br>Twitter: @Estiloarquitect<br>Facebook: Taller Estilo Arquitectura<\/p>\n\n\n\n<div style=\"height:40px\" aria-hidden=\"true\" class=\"wp-block-spacer\"><\/div>\n\n<div style=\"font-size: 0px; height: 0px; line-height: 0px; margin: 0; padding: 0; clear: both;\"><\/div><div style=\"margin-top: 0px; margin-bottom: 0px;\" class=\"sharethis-inline-share-buttons\" ><\/div>","protected":false},"excerpt":{"rendered":"<p>Una vivienda que diluye el muro y lo convierte en elemento casi imperceptible para honrar a la naturaleza&#8230;<\/p>\n","protected":false},"author":1,"featured_media":83904,"comment_status":"closed","ping_status":"closed","sticky":false,"template":"","format":"standard","meta":{"_uag_custom_page_level_css":"","footnotes":""},"categories":[1,251],"tags":[4282,7757,7400,4565,4566,3256,24,4563,4564,6471,3257],"class_list":["post-83903","post","type-post","status-publish","format-standard","has-post-thumbnail","hentry","category-proyecto","category-casas-de-playa","tag-arquitectura-residencial","tag-barrio-de-santiago","tag-casa-de-vacaciones","tag-ivan-atahualpa-hernandez-salazar","tag-luis-armando-estrada-aguilar","tag-merida","tag-mexico","tag-taller-estilo-arquitectura","tag-victor-alejandro-cruz-dominguez","tag-vivienda-no-permanente","tag-yucatan","generate-columns","tablet-grid-50","mobile-grid-100","grid-parent","grid-50"],"yoast_head":"<!-- This site is optimized with the Yoast SEO plugin v27.3 - https:\/\/yoast.com\/product\/yoast-seo-wordpress\/ -->\n<title>Casa Yucatan Jay \/ Taller Estilo Arquitectura - Arquimaster<\/title>\n<meta name=\"description\" content=\"Una vivienda que diluye el muro s\u00f3lido de mamposter\u00eda y lo convierte en un elemento de cristal casi imperceptible para honrar a la naturaleza.\" \/>\n<meta name=\"robots\" content=\"index, follow, max-snippet:-1, max-image-preview:large, max-video-preview:-1\" \/>\n<link rel=\"canonical\" href=\"https:\/\/www.arquimaster.com.ar\/web\/casa-yucatan-jay-taller-estilo-arquitectura\/\" \/>\n<meta property=\"og:locale\" content=\"es_ES\" \/>\n<meta property=\"og:type\" content=\"article\" \/>\n<meta property=\"og:title\" content=\"Casa Yucatan Jay \/ Taller Estilo Arquitectura\" \/>\n<meta property=\"og:description\" content=\"Una vivienda que diluye el muro s\u00f3lido de mamposter\u00eda y lo convierte en un elemento de cristal casi imperceptible para honrar a la naturaleza.\" \/>\n<meta property=\"og:url\" content=\"https:\/\/www.arquimaster.com.ar\/web\/casa-yucatan-jay-taller-estilo-arquitectura\/\" \/>\n<meta property=\"og:site_name\" content=\"Arquimaster\" \/>\n<meta property=\"article:publisher\" content=\"http:\/\/www.facebook.com\/ARQUIMASTER.com.ar\" \/>\n<meta property=\"article:published_time\" content=\"2025-02-20T21:43:02+00:00\" \/>\n<meta property=\"article:modified_time\" content=\"2025-07-23T18:56:00+00:00\" \/>\n<meta property=\"og:image\" content=\"https:\/\/www.arquimaster.com.ar\/web\/wp-content\/uploads\/2025\/02\/casa_78_slide.jpg\" \/>\n\t<meta property=\"og:image:width\" content=\"698\" \/>\n\t<meta property=\"og:image:height\" content=\"364\" \/>\n\t<meta property=\"og:image:type\" content=\"image\/jpeg\" \/>\n<meta name=\"author\" content=\"Arquimaster\" \/>\n<meta name=\"twitter:card\" content=\"summary_large_image\" \/>\n<meta name=\"twitter:title\" content=\"Casa Yucatan Jay \/ Taller Estilo Arquitectura\" \/>\n<meta name=\"twitter:description\" content=\"Una vivienda que diluye el muro s\u00f3lido de mamposter\u00eda y lo convierte en un elemento de cristal casi imperceptible para honrar a la naturaleza.\" \/>\n<meta name=\"twitter:image\" content=\"https:\/\/www.arquimaster.com.ar\/web\/wp-content\/uploads\/2025\/02\/casa_78_slide.jpg\" \/>\n<meta name=\"twitter:creator\" content=\"@arquimaster\" \/>\n<meta name=\"twitter:site\" content=\"@arquimaster\" \/>\n<meta name=\"twitter:label1\" content=\"Escrito por\" \/>\n\t<meta name=\"twitter:data1\" content=\"Arquimaster\" \/>\n\t<meta name=\"twitter:label2\" content=\"Tiempo de lectura\" \/>\n\t<meta name=\"twitter:data2\" content=\"3 minutos\" \/>\n<script type=\"application\/ld+json\" class=\"yoast-schema-graph\">{\"@context\":\"https:\\\/\\\/schema.org\",\"@graph\":[{\"@type\":\"Article\",\"@id\":\"https:\\\/\\\/www.arquimaster.com.ar\\\/web\\\/casa-yucatan-jay-taller-estilo-arquitectura\\\/#article\",\"isPartOf\":{\"@id\":\"https:\\\/\\\/www.arquimaster.com.ar\\\/web\\\/casa-yucatan-jay-taller-estilo-arquitectura\\\/\"},\"author\":{\"name\":\"Arquimaster\",\"@id\":\"https:\\\/\\\/www.arquimaster.com.ar\\\/web\\\/#\\\/schema\\\/person\\\/359e9f7c00193fcde068e0dd2ceb0028\"},\"headline\":\"Casa Yucatan Jay \\\/ Taller Estilo Arquitectura\",\"datePublished\":\"2025-02-20T21:43:02+00:00\",\"dateModified\":\"2025-07-23T18:56:00+00:00\",\"mainEntityOfPage\":{\"@id\":\"https:\\\/\\\/www.arquimaster.com.ar\\\/web\\\/casa-yucatan-jay-taller-estilo-arquitectura\\\/\"},\"wordCount\":489,\"publisher\":{\"@id\":\"https:\\\/\\\/www.arquimaster.com.ar\\\/web\\\/#organization\"},\"image\":{\"@id\":\"https:\\\/\\\/www.arquimaster.com.ar\\\/web\\\/casa-yucatan-jay-taller-estilo-arquitectura\\\/#primaryimage\"},\"thumbnailUrl\":\"https:\\\/\\\/www.arquimaster.com.ar\\\/web\\\/wp-content\\\/uploads\\\/2025\\\/02\\\/casa_78_slide.jpg\",\"keywords\":[\"arquitectura residencial\",\"Barrio de Santiago\",\"casa de vacaciones\",\"Iv\u00e1n Atahualpa Hern\u00e1ndez Salazar\",\"Lu\u00eds Armando Estrada Aguilar\",\"Merida\",\"Mexico\",\"Taller Estilo Arquitectura\",\"V\u00edctor Alejandro Cruz Dom\u00ednguez\",\"vivienda no permanente\",\"Yucatan\"],\"articleSection\":[\"Proyecto\",\"Vivienda no permanente\"],\"inLanguage\":\"es\"},{\"@type\":\"WebPage\",\"@id\":\"https:\\\/\\\/www.arquimaster.com.ar\\\/web\\\/casa-yucatan-jay-taller-estilo-arquitectura\\\/\",\"url\":\"https:\\\/\\\/www.arquimaster.com.ar\\\/web\\\/casa-yucatan-jay-taller-estilo-arquitectura\\\/\",\"name\":\"Casa Yucatan Jay \\\/ Taller Estilo Arquitectura - Arquimaster\",\"isPartOf\":{\"@id\":\"https:\\\/\\\/www.arquimaster.com.ar\\\/web\\\/#website\"},\"primaryImageOfPage\":{\"@id\":\"https:\\\/\\\/www.arquimaster.com.ar\\\/web\\\/casa-yucatan-jay-taller-estilo-arquitectura\\\/#primaryimage\"},\"image\":{\"@id\":\"https:\\\/\\\/www.arquimaster.com.ar\\\/web\\\/casa-yucatan-jay-taller-estilo-arquitectura\\\/#primaryimage\"},\"thumbnailUrl\":\"https:\\\/\\\/www.arquimaster.com.ar\\\/web\\\/wp-content\\\/uploads\\\/2025\\\/02\\\/casa_78_slide.jpg\",\"datePublished\":\"2025-02-20T21:43:02+00:00\",\"dateModified\":\"2025-07-23T18:56:00+00:00\",\"description\":\"Una vivienda que diluye el muro s\u00f3lido de mamposter\u00eda y lo convierte en un elemento de cristal casi imperceptible para honrar a la naturaleza.\",\"breadcrumb\":{\"@id\":\"https:\\\/\\\/www.arquimaster.com.ar\\\/web\\\/casa-yucatan-jay-taller-estilo-arquitectura\\\/#breadcrumb\"},\"inLanguage\":\"es\",\"potentialAction\":[{\"@type\":\"ReadAction\",\"target\":[\"https:\\\/\\\/www.arquimaster.com.ar\\\/web\\\/casa-yucatan-jay-taller-estilo-arquitectura\\\/\"]}]},{\"@type\":\"ImageObject\",\"inLanguage\":\"es\",\"@id\":\"https:\\\/\\\/www.arquimaster.com.ar\\\/web\\\/casa-yucatan-jay-taller-estilo-arquitectura\\\/#primaryimage\",\"url\":\"https:\\\/\\\/www.arquimaster.com.ar\\\/web\\\/wp-content\\\/uploads\\\/2025\\\/02\\\/casa_78_slide.jpg\",\"contentUrl\":\"https:\\\/\\\/www.arquimaster.com.ar\\\/web\\\/wp-content\\\/uploads\\\/2025\\\/02\\\/casa_78_slide.jpg\",\"width\":698,\"height\":364,\"caption\":\"Casa Yucatan Jay \\\/ Taller Estilo Arquitectura\"},{\"@type\":\"BreadcrumbList\",\"@id\":\"https:\\\/\\\/www.arquimaster.com.ar\\\/web\\\/casa-yucatan-jay-taller-estilo-arquitectura\\\/#breadcrumb\",\"itemListElement\":[{\"@type\":\"ListItem\",\"position\":1,\"name\":\"Portada\",\"item\":\"https:\\\/\\\/www.arquimaster.com.ar\\\/web\\\/\"},{\"@type\":\"ListItem\",\"position\":2,\"name\":\"Casa Yucatan Jay \\\/ Taller Estilo Arquitectura\"}]},{\"@type\":\"WebSite\",\"@id\":\"https:\\\/\\\/www.arquimaster.com.ar\\\/web\\\/#website\",\"url\":\"https:\\\/\\\/www.arquimaster.com.ar\\\/web\\\/\",\"name\":\"Arquimaster\",\"description\":\"Web de arquitectura, dise\u00f1o y construccion\",\"publisher\":{\"@id\":\"https:\\\/\\\/www.arquimaster.com.ar\\\/web\\\/#organization\"},\"potentialAction\":[{\"@type\":\"SearchAction\",\"target\":{\"@type\":\"EntryPoint\",\"urlTemplate\":\"https:\\\/\\\/www.arquimaster.com.ar\\\/web\\\/?s={search_term_string}\"},\"query-input\":{\"@type\":\"PropertyValueSpecification\",\"valueRequired\":true,\"valueName\":\"search_term_string\"}}],\"inLanguage\":\"es\"},{\"@type\":\"Organization\",\"@id\":\"https:\\\/\\\/www.arquimaster.com.ar\\\/web\\\/#organization\",\"name\":\"Arquimaster\",\"url\":\"https:\\\/\\\/www.arquimaster.com.ar\\\/web\\\/\",\"logo\":{\"@type\":\"ImageObject\",\"inLanguage\":\"es\",\"@id\":\"https:\\\/\\\/www.arquimaster.com.ar\\\/web\\\/#\\\/schema\\\/logo\\\/image\\\/\",\"url\":\"https:\\\/\\\/www.arquimaster.com.ar\\\/web\\\/wp-content\\\/uploads\\\/2022\\\/06\\\/arquimaster.png\",\"contentUrl\":\"https:\\\/\\\/www.arquimaster.com.ar\\\/web\\\/wp-content\\\/uploads\\\/2022\\\/06\\\/arquimaster.png\",\"width\":594,\"height\":78,\"caption\":\"Arquimaster\"},\"image\":{\"@id\":\"https:\\\/\\\/www.arquimaster.com.ar\\\/web\\\/#\\\/schema\\\/logo\\\/image\\\/\"},\"sameAs\":[\"http:\\\/\\\/www.facebook.com\\\/ARQUIMASTER.com.ar\",\"https:\\\/\\\/x.com\\\/arquimaster\",\"https:\\\/\\\/www.instagram.com\\\/arquimasterblog\\\/\",\"https:\\\/\\\/www.linkedin.com\\\/company\\\/arquimaster\",\"https:\\\/\\\/www.pinterest.com\\\/arquimaster\",\"https:\\\/\\\/t.me\\\/arquimaster\"]},{\"@type\":\"Person\",\"@id\":\"https:\\\/\\\/www.arquimaster.com.ar\\\/web\\\/#\\\/schema\\\/person\\\/359e9f7c00193fcde068e0dd2ceb0028\",\"name\":\"Arquimaster\"}]}<\/script>\n<!-- \/ Yoast SEO plugin. -->","yoast_head_json":{"title":"Casa Yucatan Jay \/ Taller Estilo Arquitectura - Arquimaster","description":"Una vivienda que diluye el muro s\u00f3lido de mamposter\u00eda y lo convierte en un elemento de cristal casi imperceptible para honrar a la naturaleza.","robots":{"index":"index","follow":"follow","max-snippet":"max-snippet:-1","max-image-preview":"max-image-preview:large","max-video-preview":"max-video-preview:-1"},"canonical":"https:\/\/www.arquimaster.com.ar\/web\/casa-yucatan-jay-taller-estilo-arquitectura\/","og_locale":"es_ES","og_type":"article","og_title":"Casa Yucatan Jay \/ Taller Estilo Arquitectura","og_description":"Una vivienda que diluye el muro s\u00f3lido de mamposter\u00eda y lo convierte en un elemento de cristal casi imperceptible para honrar a la naturaleza.","og_url":"https:\/\/www.arquimaster.com.ar\/web\/casa-yucatan-jay-taller-estilo-arquitectura\/","og_site_name":"Arquimaster","article_publisher":"http:\/\/www.facebook.com\/ARQUIMASTER.com.ar","article_published_time":"2025-02-20T21:43:02+00:00","article_modified_time":"2025-07-23T18:56:00+00:00","og_image":[{"width":698,"height":364,"url":"https:\/\/www.arquimaster.com.ar\/web\/wp-content\/uploads\/2025\/02\/casa_78_slide.jpg","type":"image\/jpeg"}],"author":"Arquimaster","twitter_card":"summary_large_image","twitter_title":"Casa Yucatan Jay \/ Taller Estilo Arquitectura","twitter_description":"Una vivienda que diluye el muro s\u00f3lido de mamposter\u00eda y lo convierte en un elemento de cristal casi imperceptible para honrar a la naturaleza.","twitter_image":"https:\/\/www.arquimaster.com.ar\/web\/wp-content\/uploads\/2025\/02\/casa_78_slide.jpg","twitter_creator":"@arquimaster","twitter_site":"@arquimaster","twitter_misc":{"Escrito por":"Arquimaster","Tiempo de lectura":"3 minutos"},"schema":{"@context":"https:\/\/schema.org","@graph":[{"@type":"Article","@id":"https:\/\/www.arquimaster.com.ar\/web\/casa-yucatan-jay-taller-estilo-arquitectura\/#article","isPartOf":{"@id":"https:\/\/www.arquimaster.com.ar\/web\/casa-yucatan-jay-taller-estilo-arquitectura\/"},"author":{"name":"Arquimaster","@id":"https:\/\/www.arquimaster.com.ar\/web\/#\/schema\/person\/359e9f7c00193fcde068e0dd2ceb0028"},"headline":"Casa Yucatan Jay \/ Taller Estilo Arquitectura","datePublished":"2025-02-20T21:43:02+00:00","dateModified":"2025-07-23T18:56:00+00:00","mainEntityOfPage":{"@id":"https:\/\/www.arquimaster.com.ar\/web\/casa-yucatan-jay-taller-estilo-arquitectura\/"},"wordCount":489,"publisher":{"@id":"https:\/\/www.arquimaster.com.ar\/web\/#organization"},"image":{"@id":"https:\/\/www.arquimaster.com.ar\/web\/casa-yucatan-jay-taller-estilo-arquitectura\/#primaryimage"},"thumbnailUrl":"https:\/\/www.arquimaster.com.ar\/web\/wp-content\/uploads\/2025\/02\/casa_78_slide.jpg","keywords":["arquitectura residencial","Barrio de Santiago","casa de vacaciones","Iv\u00e1n Atahualpa Hern\u00e1ndez Salazar","Lu\u00eds Armando Estrada Aguilar","Merida","Mexico","Taller Estilo Arquitectura","V\u00edctor Alejandro Cruz Dom\u00ednguez","vivienda no permanente","Yucatan"],"articleSection":["Proyecto","Vivienda no permanente"],"inLanguage":"es"},{"@type":"WebPage","@id":"https:\/\/www.arquimaster.com.ar\/web\/casa-yucatan-jay-taller-estilo-arquitectura\/","url":"https:\/\/www.arquimaster.com.ar\/web\/casa-yucatan-jay-taller-estilo-arquitectura\/","name":"Casa Yucatan Jay \/ Taller Estilo Arquitectura - Arquimaster","isPartOf":{"@id":"https:\/\/www.arquimaster.com.ar\/web\/#website"},"primaryImageOfPage":{"@id":"https:\/\/www.arquimaster.com.ar\/web\/casa-yucatan-jay-taller-estilo-arquitectura\/#primaryimage"},"image":{"@id":"https:\/\/www.arquimaster.com.ar\/web\/casa-yucatan-jay-taller-estilo-arquitectura\/#primaryimage"},"thumbnailUrl":"https:\/\/www.arquimaster.com.ar\/web\/wp-content\/uploads\/2025\/02\/casa_78_slide.jpg","datePublished":"2025-02-20T21:43:02+00:00","dateModified":"2025-07-23T18:56:00+00:00","description":"Una vivienda que diluye el muro s\u00f3lido de mamposter\u00eda y lo convierte en un elemento de cristal casi imperceptible para honrar a la naturaleza.","breadcrumb":{"@id":"https:\/\/www.arquimaster.com.ar\/web\/casa-yucatan-jay-taller-estilo-arquitectura\/#breadcrumb"},"inLanguage":"es","potentialAction":[{"@type":"ReadAction","target":["https:\/\/www.arquimaster.com.ar\/web\/casa-yucatan-jay-taller-estilo-arquitectura\/"]}]},{"@type":"ImageObject","inLanguage":"es","@id":"https:\/\/www.arquimaster.com.ar\/web\/casa-yucatan-jay-taller-estilo-arquitectura\/#primaryimage","url":"https:\/\/www.arquimaster.com.ar\/web\/wp-content\/uploads\/2025\/02\/casa_78_slide.jpg","contentUrl":"https:\/\/www.arquimaster.com.ar\/web\/wp-content\/uploads\/2025\/02\/casa_78_slide.jpg","width":698,"height":364,"caption":"Casa Yucatan Jay \/ Taller Estilo Arquitectura"},{"@type":"BreadcrumbList","@id":"https:\/\/www.arquimaster.com.ar\/web\/casa-yucatan-jay-taller-estilo-arquitectura\/#breadcrumb","itemListElement":[{"@type":"ListItem","position":1,"name":"Portada","item":"https:\/\/www.arquimaster.com.ar\/web\/"},{"@type":"ListItem","position":2,"name":"Casa Yucatan Jay \/ Taller Estilo Arquitectura"}]},{"@type":"WebSite","@id":"https:\/\/www.arquimaster.com.ar\/web\/#website","url":"https:\/\/www.arquimaster.com.ar\/web\/","name":"Arquimaster","description":"Web de arquitectura, dise\u00f1o y construccion","publisher":{"@id":"https:\/\/www.arquimaster.com.ar\/web\/#organization"},"potentialAction":[{"@type":"SearchAction","target":{"@type":"EntryPoint","urlTemplate":"https:\/\/www.arquimaster.com.ar\/web\/?s={search_term_string}"},"query-input":{"@type":"PropertyValueSpecification","valueRequired":true,"valueName":"search_term_string"}}],"inLanguage":"es"},{"@type":"Organization","@id":"https:\/\/www.arquimaster.com.ar\/web\/#organization","name":"Arquimaster","url":"https:\/\/www.arquimaster.com.ar\/web\/","logo":{"@type":"ImageObject","inLanguage":"es","@id":"https:\/\/www.arquimaster.com.ar\/web\/#\/schema\/logo\/image\/","url":"https:\/\/www.arquimaster.com.ar\/web\/wp-content\/uploads\/2022\/06\/arquimaster.png","contentUrl":"https:\/\/www.arquimaster.com.ar\/web\/wp-content\/uploads\/2022\/06\/arquimaster.png","width":594,"height":78,"caption":"Arquimaster"},"image":{"@id":"https:\/\/www.arquimaster.com.ar\/web\/#\/schema\/logo\/image\/"},"sameAs":["http:\/\/www.facebook.com\/ARQUIMASTER.com.ar","https:\/\/x.com\/arquimaster","https:\/\/www.instagram.com\/arquimasterblog\/","https:\/\/www.linkedin.com\/company\/arquimaster","https:\/\/www.pinterest.com\/arquimaster","https:\/\/t.me\/arquimaster"]},{"@type":"Person","@id":"https:\/\/www.arquimaster.com.ar\/web\/#\/schema\/person\/359e9f7c00193fcde068e0dd2ceb0028","name":"Arquimaster"}]}},"uagb_featured_image_src":{"full":["https:\/\/www.arquimaster.com.ar\/web\/wp-content\/uploads\/2025\/02\/casa_78_slide.jpg",698,364,false],"thumbnail":["https:\/\/www.arquimaster.com.ar\/web\/wp-content\/uploads\/2025\/02\/casa_78_slide-150x150.jpg",150,150,true],"medium":["https:\/\/www.arquimaster.com.ar\/web\/wp-content\/uploads\/2025\/02\/casa_78_slide.jpg",698,364,false],"medium_large":["https:\/\/www.arquimaster.com.ar\/web\/wp-content\/uploads\/2025\/02\/casa_78_slide.jpg",698,364,false],"large":["https:\/\/www.arquimaster.com.ar\/web\/wp-content\/uploads\/2025\/02\/casa_78_slide.jpg",698,364,false],"1536x1536":["https:\/\/www.arquimaster.com.ar\/web\/wp-content\/uploads\/2025\/02\/casa_78_slide.jpg",698,364,false],"2048x2048":["https:\/\/www.arquimaster.com.ar\/web\/wp-content\/uploads\/2025\/02\/casa_78_slide.jpg",698,364,false]},"uagb_author_info":{"display_name":"Arquimaster","author_link":"https:\/\/www.arquimaster.com.ar\/web\/author\/arquimaster\/"},"uagb_comment_info":0,"uagb_excerpt":"Una vivienda que diluye el muro y lo convierte en elemento casi imperceptible para honrar a la naturaleza...","_links":{"self":[{"href":"https:\/\/www.arquimaster.com.ar\/web\/wp-json\/wp\/v2\/posts\/83903","targetHints":{"allow":["GET"]}}],"collection":[{"href":"https:\/\/www.arquimaster.com.ar\/web\/wp-json\/wp\/v2\/posts"}],"about":[{"href":"https:\/\/www.arquimaster.com.ar\/web\/wp-json\/wp\/v2\/types\/post"}],"author":[{"embeddable":true,"href":"https:\/\/www.arquimaster.com.ar\/web\/wp-json\/wp\/v2\/users\/1"}],"replies":[{"embeddable":true,"href":"https:\/\/www.arquimaster.com.ar\/web\/wp-json\/wp\/v2\/comments?post=83903"}],"version-history":[{"count":3,"href":"https:\/\/www.arquimaster.com.ar\/web\/wp-json\/wp\/v2\/posts\/83903\/revisions"}],"predecessor-version":[{"id":85030,"href":"https:\/\/www.arquimaster.com.ar\/web\/wp-json\/wp\/v2\/posts\/83903\/revisions\/85030"}],"wp:featuredmedia":[{"embeddable":true,"href":"https:\/\/www.arquimaster.com.ar\/web\/wp-json\/wp\/v2\/media\/83904"}],"wp:attachment":[{"href":"https:\/\/www.arquimaster.com.ar\/web\/wp-json\/wp\/v2\/media?parent=83903"}],"wp:term":[{"taxonomy":"category","embeddable":true,"href":"https:\/\/www.arquimaster.com.ar\/web\/wp-json\/wp\/v2\/categories?post=83903"},{"taxonomy":"post_tag","embeddable":true,"href":"https:\/\/www.arquimaster.com.ar\/web\/wp-json\/wp\/v2\/tags?post=83903"}],"curies":[{"name":"wp","href":"https:\/\/api.w.org\/{rel}","templated":true}]}}