{"id":83976,"date":"2025-03-26T19:30:25","date_gmt":"2025-03-26T22:30:25","guid":{"rendered":"https:\/\/www.arquimaster.com.ar\/web\/?p=83976"},"modified":"2025-07-23T15:55:38","modified_gmt":"2025-07-23T18:55:38","slug":"casa-calantha-di-frenna-arquitectos","status":"publish","type":"post","link":"https:\/\/www.arquimaster.com.ar\/web\/casa-calantha-di-frenna-arquitectos\/","title":{"rendered":"Casa Calantha \/ Di Frenna Arquitectos"},"content":{"rendered":"<div style=\"margin-top: 0px; margin-bottom: 0px;\" class=\"sharethis-inline-share-buttons\" ><\/div><div class=\"b812932af2e751442846f039925109de\" data-index=\"1\" style=\"float: none; margin:25px 0 25px 0; text-align:center;\">\n<script async src=\"https:\/\/pagead2.googlesyndication.com\/pagead\/js\/adsbygoogle.js\"><\/script>\r\n<!-- Arquimaster (superior) -->\r\n<ins class=\"adsbygoogle\"\r\n     style=\"display:block\"\r\n     data-ad-client=\"ca-pub-6351072698456832\"\r\n     data-ad-slot=\"6455489680\"\r\n     data-ad-format=\"auto\"\r\n     data-full-width-responsive=\"true\"><\/ins>\r\n<script>\r\n     (adsbygoogle = window.adsbygoogle || []).push({});\r\n<\/script>\n<\/div>\n<p><strong>Casa Calantha<\/strong> (Altozano, Cuauht\u00e9moc, Colima, M\u00e9xico) por <strong>Di Frenna Arquitectos<\/strong>. En el coraz\u00f3n de un paisaje donde la naturaleza reclama su protagonismo, se levanta un proyecto arquitect\u00f3nico que no solo responde a las necesidades de su habitante, sino que tambi\u00e9n dialoga con el entorno en una armon\u00eda serena y contemplativa. El terreno, con su majestuoso \u00e1rbol de Parota como centinela, se convierte en el lienzo donde la arquitectura dibuja espacios que trascienden lo cotidiano para convertirse en escenarios de vida plena.<\/p>\n<div id='gallery-1' class='gallery galleryid-83976 gallery-columns-3 gallery-size-thumbnail'><figure class='gallery-item'>\n\t\t\t<div class='gallery-icon landscape'>\n\t\t\t\t<a href='https:\/\/www.arquimaster.com.ar\/web\/wp-content\/uploads\/2025\/03\/casa_calantha_1.jpg' title=\"Casa Calantha \/ Di Frenna Arquitectos (\u00a9 Lorena Darquea)\" data-rl_title=\"Casa Calantha \/ Di Frenna Arquitectos (\u00a9 Lorena Darquea)\" class=\"rl-gallery-link\" data-rl_caption=\"Casa Calantha \/ Di Frenna Arquitectos (\u00a9 Lorena Darquea)\" data-rel=\"lightbox-gallery-1\"><img loading=\"lazy\" decoding=\"async\" width=\"150\" height=\"150\" src=\"https:\/\/www.arquimaster.com.ar\/web\/wp-content\/uploads\/2025\/03\/casa_calantha_1-150x150.jpg\" class=\"attachment-thumbnail size-thumbnail\" alt=\"Casa Calantha \/ Di Frenna Arquitectos\" aria-describedby=\"gallery-1-83978\" \/><\/a>\n\t\t\t<\/div>\n\t\t\t\t<figcaption class='wp-caption-text gallery-caption' id='gallery-1-83978'>\n\t\t\t\tCasa Calantha \/ Di Frenna Arquitectos (\u00a9 Lorena Darquea)\n\t\t\t\t<\/figcaption><\/figure><figure class='gallery-item'>\n\t\t\t<div class='gallery-icon landscape'>\n\t\t\t\t<a href='https:\/\/www.arquimaster.com.ar\/web\/wp-content\/uploads\/2025\/03\/casa_calantha_2.jpg' title=\"Casa Calantha \/ Di Frenna Arquitectos (\u00a9 Lorena Darquea)\" data-rl_title=\"Casa Calantha \/ Di Frenna Arquitectos (\u00a9 Lorena Darquea)\" class=\"rl-gallery-link\" data-rl_caption=\"Casa Calantha \/ Di Frenna Arquitectos (\u00a9 Lorena Darquea)\" data-rel=\"lightbox-gallery-1\"><img loading=\"lazy\" decoding=\"async\" width=\"150\" height=\"150\" src=\"https:\/\/www.arquimaster.com.ar\/web\/wp-content\/uploads\/2025\/03\/casa_calantha_2-150x150.jpg\" class=\"attachment-thumbnail size-thumbnail\" alt=\"Casa Calantha \/ Di Frenna Arquitectos\" aria-describedby=\"gallery-1-83979\" \/><\/a>\n\t\t\t<\/div>\n\t\t\t\t<figcaption class='wp-caption-text gallery-caption' id='gallery-1-83979'>\n\t\t\t\tCasa Calantha \/ Di Frenna Arquitectos (\u00a9 Lorena Darquea)\n\t\t\t\t<\/figcaption><\/figure><figure class='gallery-item'>\n\t\t\t<div class='gallery-icon landscape'>\n\t\t\t\t<a href='https:\/\/www.arquimaster.com.ar\/web\/wp-content\/uploads\/2025\/03\/casa_calantha_3.jpg' title=\"Casa Calantha \/ Di Frenna Arquitectos (\u00a9 Lorena Darquea)\" data-rl_title=\"Casa Calantha \/ Di Frenna Arquitectos (\u00a9 Lorena Darquea)\" class=\"rl-gallery-link\" data-rl_caption=\"Casa Calantha \/ Di Frenna Arquitectos (\u00a9 Lorena Darquea)\" data-rel=\"lightbox-gallery-1\"><img loading=\"lazy\" decoding=\"async\" width=\"150\" height=\"150\" src=\"https:\/\/www.arquimaster.com.ar\/web\/wp-content\/uploads\/2025\/03\/casa_calantha_3-150x150.jpg\" class=\"attachment-thumbnail size-thumbnail\" alt=\"Casa Calantha \/ Di Frenna Arquitectos\" aria-describedby=\"gallery-1-83980\" \/><\/a>\n\t\t\t<\/div>\n\t\t\t\t<figcaption class='wp-caption-text gallery-caption' id='gallery-1-83980'>\n\t\t\t\tCasa Calantha \/ Di Frenna Arquitectos (\u00a9 Lorena Darquea)\n\t\t\t\t<\/figcaption><\/figure><figure class='gallery-item'>\n\t\t\t<div class='gallery-icon landscape'>\n\t\t\t\t<a href='https:\/\/www.arquimaster.com.ar\/web\/wp-content\/uploads\/2025\/03\/casa_calantha_4.jpg' title=\"Casa Calantha \/ Di Frenna Arquitectos (\u00a9 Lorena Darquea)\" data-rl_title=\"Casa Calantha \/ Di Frenna Arquitectos (\u00a9 Lorena Darquea)\" class=\"rl-gallery-link\" data-rl_caption=\"Casa Calantha \/ Di Frenna Arquitectos (\u00a9 Lorena Darquea)\" data-rel=\"lightbox-gallery-1\"><img loading=\"lazy\" decoding=\"async\" width=\"150\" height=\"150\" src=\"https:\/\/www.arquimaster.com.ar\/web\/wp-content\/uploads\/2025\/03\/casa_calantha_4-150x150.jpg\" class=\"attachment-thumbnail size-thumbnail\" alt=\"Casa Calantha \/ Di Frenna Arquitectos\" aria-describedby=\"gallery-1-83981\" \/><\/a>\n\t\t\t<\/div>\n\t\t\t\t<figcaption class='wp-caption-text gallery-caption' id='gallery-1-83981'>\n\t\t\t\tCasa Calantha \/ Di Frenna Arquitectos (\u00a9 Lorena Darquea)\n\t\t\t\t<\/figcaption><\/figure><figure class='gallery-item'>\n\t\t\t<div class='gallery-icon portrait'>\n\t\t\t\t<a href='https:\/\/www.arquimaster.com.ar\/web\/wp-content\/uploads\/2025\/03\/casa_calantha_5.jpg' title=\"Casa Calantha \/ Di Frenna Arquitectos (\u00a9 Lorena Darquea)\" data-rl_title=\"Casa Calantha \/ Di Frenna Arquitectos (\u00a9 Lorena Darquea)\" class=\"rl-gallery-link\" data-rl_caption=\"Casa Calantha \/ Di Frenna Arquitectos (\u00a9 Lorena Darquea)\" data-rel=\"lightbox-gallery-1\"><img loading=\"lazy\" decoding=\"async\" width=\"150\" height=\"150\" src=\"https:\/\/www.arquimaster.com.ar\/web\/wp-content\/uploads\/2025\/03\/casa_calantha_5-150x150.jpg\" class=\"attachment-thumbnail size-thumbnail\" alt=\"Casa Calantha \/ Di Frenna Arquitectos\" aria-describedby=\"gallery-1-83982\" \/><\/a>\n\t\t\t<\/div>\n\t\t\t\t<figcaption class='wp-caption-text gallery-caption' id='gallery-1-83982'>\n\t\t\t\tCasa Calantha \/ Di Frenna Arquitectos (\u00a9 Lorena Darquea)\n\t\t\t\t<\/figcaption><\/figure><figure class='gallery-item'>\n\t\t\t<div class='gallery-icon portrait'>\n\t\t\t\t<a href='https:\/\/www.arquimaster.com.ar\/web\/wp-content\/uploads\/2025\/03\/casa_calantha_6.jpg' title=\"Casa Calantha \/ Di Frenna Arquitectos (\u00a9 Lorena Darquea)\" data-rl_title=\"Casa Calantha \/ Di Frenna Arquitectos (\u00a9 Lorena Darquea)\" class=\"rl-gallery-link\" data-rl_caption=\"Casa Calantha \/ Di Frenna Arquitectos (\u00a9 Lorena Darquea)\" data-rel=\"lightbox-gallery-1\"><img loading=\"lazy\" decoding=\"async\" width=\"150\" height=\"150\" src=\"https:\/\/www.arquimaster.com.ar\/web\/wp-content\/uploads\/2025\/03\/casa_calantha_6-150x150.jpg\" class=\"attachment-thumbnail size-thumbnail\" alt=\"Casa Calantha \/ Di Frenna Arquitectos\" aria-describedby=\"gallery-1-83983\" \/><\/a>\n\t\t\t<\/div>\n\t\t\t\t<figcaption class='wp-caption-text gallery-caption' id='gallery-1-83983'>\n\t\t\t\tCasa Calantha \/ Di Frenna Arquitectos (\u00a9 Lorena Darquea)\n\t\t\t\t<\/figcaption><\/figure><figure class='gallery-item'>\n\t\t\t<div class='gallery-icon portrait'>\n\t\t\t\t<a href='https:\/\/www.arquimaster.com.ar\/web\/wp-content\/uploads\/2025\/03\/casa_calantha_7.jpg' title=\"Casa Calantha \/ Di Frenna Arquitectos (\u00a9 Lorena Darquea)\" data-rl_title=\"Casa Calantha \/ Di Frenna Arquitectos (\u00a9 Lorena Darquea)\" class=\"rl-gallery-link\" data-rl_caption=\"Casa Calantha \/ Di Frenna Arquitectos (\u00a9 Lorena Darquea)\" data-rel=\"lightbox-gallery-1\"><img loading=\"lazy\" decoding=\"async\" width=\"150\" height=\"150\" src=\"https:\/\/www.arquimaster.com.ar\/web\/wp-content\/uploads\/2025\/03\/casa_calantha_7-150x150.jpg\" class=\"attachment-thumbnail size-thumbnail\" alt=\"Casa Calantha \/ Di Frenna Arquitectos\" aria-describedby=\"gallery-1-83984\" \/><\/a>\n\t\t\t<\/div>\n\t\t\t\t<figcaption class='wp-caption-text gallery-caption' id='gallery-1-83984'>\n\t\t\t\tCasa Calantha \/ Di Frenna Arquitectos (\u00a9 Lorena Darquea)\n\t\t\t\t<\/figcaption><\/figure><figure class='gallery-item'>\n\t\t\t<div class='gallery-icon portrait'>\n\t\t\t\t<a href='https:\/\/www.arquimaster.com.ar\/web\/wp-content\/uploads\/2025\/03\/casa_calantha_8.jpg' title=\"Casa Calantha \/ Di Frenna Arquitectos (\u00a9 Lorena Darquea)\" data-rl_title=\"Casa Calantha \/ Di Frenna Arquitectos (\u00a9 Lorena Darquea)\" class=\"rl-gallery-link\" data-rl_caption=\"Casa Calantha \/ Di Frenna Arquitectos (\u00a9 Lorena Darquea)\" data-rel=\"lightbox-gallery-1\"><img loading=\"lazy\" decoding=\"async\" width=\"150\" height=\"150\" src=\"https:\/\/www.arquimaster.com.ar\/web\/wp-content\/uploads\/2025\/03\/casa_calantha_8-150x150.jpg\" class=\"attachment-thumbnail size-thumbnail\" alt=\"Casa Calantha \/ Di Frenna Arquitectos\" aria-describedby=\"gallery-1-83985\" \/><\/a>\n\t\t\t<\/div>\n\t\t\t\t<figcaption class='wp-caption-text gallery-caption' id='gallery-1-83985'>\n\t\t\t\tCasa Calantha \/ Di Frenna Arquitectos (\u00a9 Lorena Darquea)\n\t\t\t\t<\/figcaption><\/figure><figure class='gallery-item'>\n\t\t\t<div class='gallery-icon portrait'>\n\t\t\t\t<a href='https:\/\/www.arquimaster.com.ar\/web\/wp-content\/uploads\/2025\/03\/casa_calantha_9.jpg' title=\"Casa Calantha \/ Di Frenna Arquitectos (\u00a9 Lorena Darquea)\" data-rl_title=\"Casa Calantha \/ Di Frenna Arquitectos (\u00a9 Lorena Darquea)\" class=\"rl-gallery-link\" data-rl_caption=\"Casa Calantha \/ Di Frenna Arquitectos (\u00a9 Lorena Darquea)\" data-rel=\"lightbox-gallery-1\"><img loading=\"lazy\" decoding=\"async\" width=\"150\" height=\"150\" src=\"https:\/\/www.arquimaster.com.ar\/web\/wp-content\/uploads\/2025\/03\/casa_calantha_9-150x150.jpg\" class=\"attachment-thumbnail size-thumbnail\" alt=\"Casa Calantha \/ Di Frenna Arquitectos\" aria-describedby=\"gallery-1-83986\" \/><\/a>\n\t\t\t<\/div>\n\t\t\t\t<figcaption class='wp-caption-text gallery-caption' id='gallery-1-83986'>\n\t\t\t\tCasa Calantha \/ Di Frenna Arquitectos (\u00a9 Lorena Darquea)\n\t\t\t\t<\/figcaption><\/figure><figure class='gallery-item'>\n\t\t\t<div class='gallery-icon portrait'>\n\t\t\t\t<a href='https:\/\/www.arquimaster.com.ar\/web\/wp-content\/uploads\/2025\/03\/casa_calantha_10.jpg' title=\"Casa Calantha \/ Di Frenna Arquitectos (\u00a9 Lorena Darquea)\" data-rl_title=\"Casa Calantha \/ Di Frenna Arquitectos (\u00a9 Lorena Darquea)\" class=\"rl-gallery-link\" data-rl_caption=\"Casa Calantha \/ Di Frenna Arquitectos (\u00a9 Lorena Darquea)\" data-rel=\"lightbox-gallery-1\"><img loading=\"lazy\" decoding=\"async\" width=\"150\" height=\"150\" src=\"https:\/\/www.arquimaster.com.ar\/web\/wp-content\/uploads\/2025\/03\/casa_calantha_10-150x150.jpg\" class=\"attachment-thumbnail size-thumbnail\" alt=\"Casa Calantha \/ Di Frenna Arquitectos\" aria-describedby=\"gallery-1-83987\" \/><\/a>\n\t\t\t<\/div>\n\t\t\t\t<figcaption class='wp-caption-text gallery-caption' id='gallery-1-83987'>\n\t\t\t\tCasa Calantha \/ Di Frenna Arquitectos (\u00a9 Lorena Darquea)\n\t\t\t\t<\/figcaption><\/figure><figure class='gallery-item'>\n\t\t\t<div class='gallery-icon landscape'>\n\t\t\t\t<a href='https:\/\/www.arquimaster.com.ar\/web\/wp-content\/uploads\/2025\/03\/casa_calantha_11.jpg' title=\"Casa Calantha \/ Di Frenna Arquitectos (\u00a9 Lorena Darquea)\" data-rl_title=\"Casa Calantha \/ Di Frenna Arquitectos (\u00a9 Lorena Darquea)\" class=\"rl-gallery-link\" data-rl_caption=\"Casa Calantha \/ Di Frenna Arquitectos (\u00a9 Lorena Darquea)\" data-rel=\"lightbox-gallery-1\"><img loading=\"lazy\" decoding=\"async\" width=\"150\" height=\"150\" src=\"https:\/\/www.arquimaster.com.ar\/web\/wp-content\/uploads\/2025\/03\/casa_calantha_11-150x150.jpg\" class=\"attachment-thumbnail size-thumbnail\" alt=\"Casa Calantha \/ Di Frenna Arquitectos\" aria-describedby=\"gallery-1-83988\" \/><\/a>\n\t\t\t<\/div>\n\t\t\t\t<figcaption class='wp-caption-text gallery-caption' id='gallery-1-83988'>\n\t\t\t\tCasa Calantha \/ Di Frenna Arquitectos (\u00a9 Lorena Darquea)\n\t\t\t\t<\/figcaption><\/figure><figure class='gallery-item'>\n\t\t\t<div class='gallery-icon landscape'>\n\t\t\t\t<a href='https:\/\/www.arquimaster.com.ar\/web\/wp-content\/uploads\/2025\/03\/casa_calantha_12.jpg' title=\"Casa Calantha \/ Di Frenna Arquitectos (\u00a9 Lorena Darquea)\" data-rl_title=\"Casa Calantha \/ Di Frenna Arquitectos (\u00a9 Lorena Darquea)\" class=\"rl-gallery-link\" data-rl_caption=\"Casa Calantha \/ Di Frenna Arquitectos (\u00a9 Lorena Darquea)\" data-rel=\"lightbox-gallery-1\"><img loading=\"lazy\" decoding=\"async\" width=\"150\" height=\"150\" src=\"https:\/\/www.arquimaster.com.ar\/web\/wp-content\/uploads\/2025\/03\/casa_calantha_12-150x150.jpg\" class=\"attachment-thumbnail size-thumbnail\" alt=\"Casa Calantha \/ Di Frenna Arquitectos\" aria-describedby=\"gallery-1-83989\" \/><\/a>\n\t\t\t<\/div>\n\t\t\t\t<figcaption class='wp-caption-text gallery-caption' id='gallery-1-83989'>\n\t\t\t\tCasa Calantha \/ Di Frenna Arquitectos (\u00a9 Lorena Darquea)\n\t\t\t\t<\/figcaption><\/figure><figure class='gallery-item'>\n\t\t\t<div class='gallery-icon landscape'>\n\t\t\t\t<a href='https:\/\/www.arquimaster.com.ar\/web\/wp-content\/uploads\/2025\/03\/casa_calantha_13.jpg' title=\"Casa Calantha \/ Di Frenna Arquitectos (\u00a9 Lorena Darquea)\" data-rl_title=\"Casa Calantha \/ Di Frenna Arquitectos (\u00a9 Lorena Darquea)\" class=\"rl-gallery-link\" data-rl_caption=\"Casa Calantha \/ Di Frenna Arquitectos (\u00a9 Lorena Darquea)\" data-rel=\"lightbox-gallery-1\"><img loading=\"lazy\" decoding=\"async\" width=\"150\" height=\"150\" src=\"https:\/\/www.arquimaster.com.ar\/web\/wp-content\/uploads\/2025\/03\/casa_calantha_13-150x150.jpg\" class=\"attachment-thumbnail size-thumbnail\" alt=\"Casa Calantha \/ Di Frenna Arquitectos\" aria-describedby=\"gallery-1-83990\" \/><\/a>\n\t\t\t<\/div>\n\t\t\t\t<figcaption class='wp-caption-text gallery-caption' id='gallery-1-83990'>\n\t\t\t\tCasa Calantha \/ Di Frenna Arquitectos (\u00a9 Lorena Darquea)\n\t\t\t\t<\/figcaption><\/figure><figure class='gallery-item'>\n\t\t\t<div class='gallery-icon landscape'>\n\t\t\t\t<a href='https:\/\/www.arquimaster.com.ar\/web\/wp-content\/uploads\/2025\/03\/casa_calantha_14.jpg' title=\"Casa Calantha \/ Di Frenna Arquitectos (\u00a9 Lorena Darquea)\" data-rl_title=\"Casa Calantha \/ Di Frenna Arquitectos (\u00a9 Lorena Darquea)\" class=\"rl-gallery-link\" data-rl_caption=\"Casa Calantha \/ Di Frenna Arquitectos (\u00a9 Lorena Darquea)\" data-rel=\"lightbox-gallery-1\"><img loading=\"lazy\" decoding=\"async\" width=\"150\" height=\"150\" src=\"https:\/\/www.arquimaster.com.ar\/web\/wp-content\/uploads\/2025\/03\/casa_calantha_14-150x150.jpg\" class=\"attachment-thumbnail size-thumbnail\" alt=\"Casa Calantha \/ Di Frenna Arquitectos\" aria-describedby=\"gallery-1-83991\" \/><\/a>\n\t\t\t<\/div>\n\t\t\t\t<figcaption class='wp-caption-text gallery-caption' id='gallery-1-83991'>\n\t\t\t\tCasa Calantha \/ Di Frenna Arquitectos (\u00a9 Lorena Darquea)\n\t\t\t\t<\/figcaption><\/figure><figure class='gallery-item'>\n\t\t\t<div class='gallery-icon landscape'>\n\t\t\t\t<a href='https:\/\/www.arquimaster.com.ar\/web\/wp-content\/uploads\/2025\/03\/casa_calantha_15.jpg' title=\"Casa Calantha \/ Di Frenna Arquitectos (\u00a9 Lorena Darquea)\" data-rl_title=\"Casa Calantha \/ Di Frenna Arquitectos (\u00a9 Lorena Darquea)\" class=\"rl-gallery-link\" data-rl_caption=\"Casa Calantha \/ Di Frenna Arquitectos (\u00a9 Lorena Darquea)\" data-rel=\"lightbox-gallery-1\"><img loading=\"lazy\" decoding=\"async\" width=\"150\" height=\"150\" src=\"https:\/\/www.arquimaster.com.ar\/web\/wp-content\/uploads\/2025\/03\/casa_calantha_15-150x150.jpg\" class=\"attachment-thumbnail size-thumbnail\" alt=\"Casa Calantha \/ Di Frenna Arquitectos\" aria-describedby=\"gallery-1-83992\" \/><\/a>\n\t\t\t<\/div>\n\t\t\t\t<figcaption class='wp-caption-text gallery-caption' id='gallery-1-83992'>\n\t\t\t\tCasa Calantha \/ Di Frenna Arquitectos (\u00a9 Lorena Darquea)\n\t\t\t\t<\/figcaption><\/figure><figure class='gallery-item'>\n\t\t\t<div class='gallery-icon landscape'>\n\t\t\t\t<a href='https:\/\/www.arquimaster.com.ar\/web\/wp-content\/uploads\/2025\/03\/casa_calantha_16.jpg' title=\"Casa Calantha \/ Di Frenna Arquitectos (\u00a9 Lorena Darquea)\" data-rl_title=\"Casa Calantha \/ Di Frenna Arquitectos (\u00a9 Lorena Darquea)\" class=\"rl-gallery-link\" data-rl_caption=\"Casa Calantha \/ Di Frenna Arquitectos (\u00a9 Lorena Darquea)\" data-rel=\"lightbox-gallery-1\"><img loading=\"lazy\" decoding=\"async\" width=\"150\" height=\"150\" src=\"https:\/\/www.arquimaster.com.ar\/web\/wp-content\/uploads\/2025\/03\/casa_calantha_16-150x150.jpg\" class=\"attachment-thumbnail size-thumbnail\" alt=\"Casa Calantha \/ Di Frenna Arquitectos\" aria-describedby=\"gallery-1-83993\" \/><\/a>\n\t\t\t<\/div>\n\t\t\t\t<figcaption class='wp-caption-text gallery-caption' id='gallery-1-83993'>\n\t\t\t\tCasa Calantha \/ Di Frenna Arquitectos (\u00a9 Lorena Darquea)\n\t\t\t\t<\/figcaption><\/figure><figure class='gallery-item'>\n\t\t\t<div class='gallery-icon landscape'>\n\t\t\t\t<a href='https:\/\/www.arquimaster.com.ar\/web\/wp-content\/uploads\/2025\/03\/casa_calantha_17.jpg' title=\"Casa Calantha \/ Di Frenna Arquitectos (\u00a9 Lorena Darquea)\" data-rl_title=\"Casa Calantha \/ Di Frenna Arquitectos (\u00a9 Lorena Darquea)\" class=\"rl-gallery-link\" data-rl_caption=\"Casa Calantha \/ Di Frenna Arquitectos (\u00a9 Lorena Darquea)\" data-rel=\"lightbox-gallery-1\"><img loading=\"lazy\" decoding=\"async\" width=\"150\" height=\"150\" src=\"https:\/\/www.arquimaster.com.ar\/web\/wp-content\/uploads\/2025\/03\/casa_calantha_17-150x150.jpg\" class=\"attachment-thumbnail size-thumbnail\" alt=\"Casa Calantha \/ Di Frenna Arquitectos\" aria-describedby=\"gallery-1-83994\" \/><\/a>\n\t\t\t<\/div>\n\t\t\t\t<figcaption class='wp-caption-text gallery-caption' id='gallery-1-83994'>\n\t\t\t\tCasa Calantha \/ Di Frenna Arquitectos (\u00a9 Lorena Darquea)\n\t\t\t\t<\/figcaption><\/figure><figure class='gallery-item'>\n\t\t\t<div class='gallery-icon landscape'>\n\t\t\t\t<a href='https:\/\/www.arquimaster.com.ar\/web\/wp-content\/uploads\/2025\/03\/casa_calantha_18.jpg' title=\"Casa Calantha \/ Di Frenna Arquitectos (\u00a9 Lorena Darquea)\" data-rl_title=\"Casa Calantha \/ Di Frenna Arquitectos (\u00a9 Lorena Darquea)\" class=\"rl-gallery-link\" data-rl_caption=\"Casa Calantha \/ Di Frenna Arquitectos (\u00a9 Lorena Darquea)\" data-rel=\"lightbox-gallery-1\"><img loading=\"lazy\" decoding=\"async\" width=\"150\" height=\"150\" src=\"https:\/\/www.arquimaster.com.ar\/web\/wp-content\/uploads\/2025\/03\/casa_calantha_18-150x150.jpg\" class=\"attachment-thumbnail size-thumbnail\" alt=\"Casa Calantha \/ Di Frenna Arquitectos\" aria-describedby=\"gallery-1-83995\" \/><\/a>\n\t\t\t<\/div>\n\t\t\t\t<figcaption class='wp-caption-text gallery-caption' id='gallery-1-83995'>\n\t\t\t\tCasa Calantha \/ Di Frenna Arquitectos (\u00a9 Lorena Darquea)\n\t\t\t\t<\/figcaption><\/figure><figure class='gallery-item'>\n\t\t\t<div class='gallery-icon portrait'>\n\t\t\t\t<a href='https:\/\/www.arquimaster.com.ar\/web\/wp-content\/uploads\/2025\/03\/casa_calantha_19.jpg' title=\"Casa Calantha \/ Di Frenna Arquitectos (\u00a9 Lorena Darquea)\" data-rl_title=\"Casa Calantha \/ Di Frenna Arquitectos (\u00a9 Lorena Darquea)\" class=\"rl-gallery-link\" data-rl_caption=\"Casa Calantha \/ Di Frenna Arquitectos (\u00a9 Lorena Darquea)\" data-rel=\"lightbox-gallery-1\"><img loading=\"lazy\" decoding=\"async\" width=\"150\" height=\"150\" src=\"https:\/\/www.arquimaster.com.ar\/web\/wp-content\/uploads\/2025\/03\/casa_calantha_19-150x150.jpg\" class=\"attachment-thumbnail size-thumbnail\" alt=\"Casa Calantha \/ Di Frenna Arquitectos\" aria-describedby=\"gallery-1-83996\" \/><\/a>\n\t\t\t<\/div>\n\t\t\t\t<figcaption class='wp-caption-text gallery-caption' id='gallery-1-83996'>\n\t\t\t\tCasa Calantha \/ Di Frenna Arquitectos (\u00a9 Lorena Darquea)\n\t\t\t\t<\/figcaption><\/figure><figure class='gallery-item'>\n\t\t\t<div class='gallery-icon landscape'>\n\t\t\t\t<a href='https:\/\/www.arquimaster.com.ar\/web\/wp-content\/uploads\/2025\/03\/casa_calantha_20.jpg' title=\"Casa Calantha \/ Di Frenna Arquitectos (\u00a9 Lorena Darquea)\" data-rl_title=\"Casa Calantha \/ Di Frenna Arquitectos (\u00a9 Lorena Darquea)\" class=\"rl-gallery-link\" data-rl_caption=\"Casa Calantha \/ Di Frenna Arquitectos (\u00a9 Lorena Darquea)\" data-rel=\"lightbox-gallery-1\"><img loading=\"lazy\" decoding=\"async\" width=\"150\" height=\"150\" src=\"https:\/\/www.arquimaster.com.ar\/web\/wp-content\/uploads\/2025\/03\/casa_calantha_20-150x150.jpg\" class=\"attachment-thumbnail size-thumbnail\" alt=\"Casa Calantha \/ Di Frenna Arquitectos\" aria-describedby=\"gallery-1-83997\" \/><\/a>\n\t\t\t<\/div>\n\t\t\t\t<figcaption class='wp-caption-text gallery-caption' id='gallery-1-83997'>\n\t\t\t\tCasa Calantha \/ Di Frenna Arquitectos (\u00a9 Lorena Darquea)\n\t\t\t\t<\/figcaption><\/figure><figure class='gallery-item'>\n\t\t\t<div class='gallery-icon landscape'>\n\t\t\t\t<a href='https:\/\/www.arquimaster.com.ar\/web\/wp-content\/uploads\/2025\/03\/casa_calantha_21.jpg' title=\"Casa Calantha \/ Di Frenna Arquitectos (\u00a9 Lorena Darquea)\" data-rl_title=\"Casa Calantha \/ Di Frenna Arquitectos (\u00a9 Lorena Darquea)\" class=\"rl-gallery-link\" data-rl_caption=\"Casa Calantha \/ Di Frenna Arquitectos (\u00a9 Lorena Darquea)\" data-rel=\"lightbox-gallery-1\"><img loading=\"lazy\" decoding=\"async\" width=\"150\" height=\"150\" src=\"https:\/\/www.arquimaster.com.ar\/web\/wp-content\/uploads\/2025\/03\/casa_calantha_21-150x150.jpg\" class=\"attachment-thumbnail size-thumbnail\" alt=\"Casa Calantha \/ Di Frenna Arquitectos\" aria-describedby=\"gallery-1-83998\" \/><\/a>\n\t\t\t<\/div>\n\t\t\t\t<figcaption class='wp-caption-text gallery-caption' id='gallery-1-83998'>\n\t\t\t\tCasa Calantha \/ Di Frenna Arquitectos (\u00a9 Lorena Darquea)\n\t\t\t\t<\/figcaption><\/figure><figure class='gallery-item'>\n\t\t\t<div class='gallery-icon landscape'>\n\t\t\t\t<a href='https:\/\/www.arquimaster.com.ar\/web\/wp-content\/uploads\/2025\/03\/casa_calantha_22.jpg' title=\"Casa Calantha \/ Di Frenna Arquitectos (\u00a9 Lorena Darquea)\" data-rl_title=\"Casa Calantha \/ Di Frenna Arquitectos (\u00a9 Lorena Darquea)\" class=\"rl-gallery-link\" data-rl_caption=\"Casa Calantha \/ Di Frenna Arquitectos (\u00a9 Lorena Darquea)\" data-rel=\"lightbox-gallery-1\"><img loading=\"lazy\" decoding=\"async\" width=\"150\" height=\"150\" src=\"https:\/\/www.arquimaster.com.ar\/web\/wp-content\/uploads\/2025\/03\/casa_calantha_22-150x150.jpg\" class=\"attachment-thumbnail size-thumbnail\" alt=\"Casa Calantha \/ Di Frenna Arquitectos\" aria-describedby=\"gallery-1-83999\" \/><\/a>\n\t\t\t<\/div>\n\t\t\t\t<figcaption class='wp-caption-text gallery-caption' id='gallery-1-83999'>\n\t\t\t\tCasa Calantha \/ Di Frenna Arquitectos (\u00a9 Lorena Darquea)\n\t\t\t\t<\/figcaption><\/figure><figure class='gallery-item'>\n\t\t\t<div class='gallery-icon landscape'>\n\t\t\t\t<a href='https:\/\/www.arquimaster.com.ar\/web\/wp-content\/uploads\/2025\/03\/casa_calantha_23.jpg' title=\"Casa Calantha \/ Di Frenna Arquitectos (\u00a9 Lorena Darquea)\" data-rl_title=\"Casa Calantha \/ Di Frenna Arquitectos (\u00a9 Lorena Darquea)\" class=\"rl-gallery-link\" data-rl_caption=\"Casa Calantha \/ Di Frenna Arquitectos (\u00a9 Lorena Darquea)\" data-rel=\"lightbox-gallery-1\"><img loading=\"lazy\" decoding=\"async\" width=\"150\" height=\"150\" src=\"https:\/\/www.arquimaster.com.ar\/web\/wp-content\/uploads\/2025\/03\/casa_calantha_23-150x150.jpg\" class=\"attachment-thumbnail size-thumbnail\" alt=\"Casa Calantha \/ Di Frenna Arquitectos\" aria-describedby=\"gallery-1-84000\" \/><\/a>\n\t\t\t<\/div>\n\t\t\t\t<figcaption class='wp-caption-text gallery-caption' id='gallery-1-84000'>\n\t\t\t\tCasa Calantha \/ Di Frenna Arquitectos (\u00a9 Lorena Darquea)\n\t\t\t\t<\/figcaption><\/figure><figure class='gallery-item'>\n\t\t\t<div class='gallery-icon landscape'>\n\t\t\t\t<a href='https:\/\/www.arquimaster.com.ar\/web\/wp-content\/uploads\/2025\/03\/casa_calantha_24.jpg' title=\"Casa Calantha \/ Di Frenna Arquitectos (\u00a9 Lorena Darquea)\" data-rl_title=\"Casa Calantha \/ Di Frenna Arquitectos (\u00a9 Lorena Darquea)\" class=\"rl-gallery-link\" data-rl_caption=\"Casa Calantha \/ Di Frenna Arquitectos (\u00a9 Lorena Darquea)\" data-rel=\"lightbox-gallery-1\"><img loading=\"lazy\" decoding=\"async\" width=\"150\" height=\"150\" src=\"https:\/\/www.arquimaster.com.ar\/web\/wp-content\/uploads\/2025\/03\/casa_calantha_24-150x150.jpg\" class=\"attachment-thumbnail size-thumbnail\" alt=\"Casa Calantha \/ Di Frenna Arquitectos\" aria-describedby=\"gallery-1-84001\" \/><\/a>\n\t\t\t<\/div>\n\t\t\t\t<figcaption class='wp-caption-text gallery-caption' id='gallery-1-84001'>\n\t\t\t\tCasa Calantha \/ Di Frenna Arquitectos (\u00a9 Lorena Darquea)\n\t\t\t\t<\/figcaption><\/figure><figure class='gallery-item'>\n\t\t\t<div class='gallery-icon landscape'>\n\t\t\t\t<a href='https:\/\/www.arquimaster.com.ar\/web\/wp-content\/uploads\/2025\/03\/casa_calantha_25.jpg' title=\"Casa Calantha \/ Di Frenna Arquitectos (\u00a9 Lorena Darquea)\" data-rl_title=\"Casa Calantha \/ Di Frenna Arquitectos (\u00a9 Lorena Darquea)\" class=\"rl-gallery-link\" data-rl_caption=\"Casa Calantha \/ Di Frenna Arquitectos (\u00a9 Lorena Darquea)\" data-rel=\"lightbox-gallery-1\"><img loading=\"lazy\" decoding=\"async\" width=\"150\" height=\"150\" src=\"https:\/\/www.arquimaster.com.ar\/web\/wp-content\/uploads\/2025\/03\/casa_calantha_25-150x150.jpg\" class=\"attachment-thumbnail size-thumbnail\" alt=\"Casa Calantha \/ Di Frenna Arquitectos\" aria-describedby=\"gallery-1-84002\" \/><\/a>\n\t\t\t<\/div>\n\t\t\t\t<figcaption class='wp-caption-text gallery-caption' id='gallery-1-84002'>\n\t\t\t\tCasa Calantha \/ Di Frenna Arquitectos (\u00a9 Lorena Darquea)\n\t\t\t\t<\/figcaption><\/figure><figure class='gallery-item'>\n\t\t\t<div class='gallery-icon landscape'>\n\t\t\t\t<a href='https:\/\/www.arquimaster.com.ar\/web\/wp-content\/uploads\/2025\/03\/casa_calantha_26.jpg' title=\"Casa Calantha \/ Di Frenna Arquitectos (\u00a9 Lorena Darquea)\" data-rl_title=\"Casa Calantha \/ Di Frenna Arquitectos (\u00a9 Lorena Darquea)\" class=\"rl-gallery-link\" data-rl_caption=\"Casa Calantha \/ Di Frenna Arquitectos (\u00a9 Lorena Darquea)\" data-rel=\"lightbox-gallery-1\"><img loading=\"lazy\" decoding=\"async\" width=\"150\" height=\"150\" src=\"https:\/\/www.arquimaster.com.ar\/web\/wp-content\/uploads\/2025\/03\/casa_calantha_26-150x150.jpg\" class=\"attachment-thumbnail size-thumbnail\" alt=\"Casa Calantha \/ Di Frenna Arquitectos\" aria-describedby=\"gallery-1-84003\" \/><\/a>\n\t\t\t<\/div>\n\t\t\t\t<figcaption class='wp-caption-text gallery-caption' id='gallery-1-84003'>\n\t\t\t\tCasa Calantha \/ Di Frenna Arquitectos (\u00a9 Lorena Darquea)\n\t\t\t\t<\/figcaption><\/figure><figure class='gallery-item'>\n\t\t\t<div class='gallery-icon landscape'>\n\t\t\t\t<a href='https:\/\/www.arquimaster.com.ar\/web\/wp-content\/uploads\/2025\/03\/casa_calantha_27.jpg' title=\"Casa Calantha \/ Di Frenna Arquitectos (\u00a9 Lorena Darquea)\" data-rl_title=\"Casa Calantha \/ Di Frenna Arquitectos (\u00a9 Lorena Darquea)\" class=\"rl-gallery-link\" data-rl_caption=\"Casa Calantha \/ Di Frenna Arquitectos (\u00a9 Lorena Darquea)\" data-rel=\"lightbox-gallery-1\"><img loading=\"lazy\" decoding=\"async\" width=\"150\" height=\"150\" src=\"https:\/\/www.arquimaster.com.ar\/web\/wp-content\/uploads\/2025\/03\/casa_calantha_27-150x150.jpg\" class=\"attachment-thumbnail size-thumbnail\" alt=\"Casa Calantha \/ Di Frenna Arquitectos\" aria-describedby=\"gallery-1-84004\" \/><\/a>\n\t\t\t<\/div>\n\t\t\t\t<figcaption class='wp-caption-text gallery-caption' id='gallery-1-84004'>\n\t\t\t\tCasa Calantha \/ Di Frenna Arquitectos (\u00a9 Lorena Darquea)\n\t\t\t\t<\/figcaption><\/figure><figure class='gallery-item'>\n\t\t\t<div class='gallery-icon landscape'>\n\t\t\t\t<a href='https:\/\/www.arquimaster.com.ar\/web\/wp-content\/uploads\/2025\/03\/casa_calantha_28.jpg' title=\"Casa Calantha \/ Di Frenna Arquitectos (\u00a9 Lorena Darquea)\" data-rl_title=\"Casa Calantha \/ Di Frenna Arquitectos (\u00a9 Lorena Darquea)\" class=\"rl-gallery-link\" data-rl_caption=\"Casa Calantha \/ Di Frenna Arquitectos (\u00a9 Lorena Darquea)\" data-rel=\"lightbox-gallery-1\"><img loading=\"lazy\" decoding=\"async\" width=\"150\" height=\"150\" src=\"https:\/\/www.arquimaster.com.ar\/web\/wp-content\/uploads\/2025\/03\/casa_calantha_28-150x150.jpg\" class=\"attachment-thumbnail size-thumbnail\" alt=\"Casa Calantha \/ Di Frenna Arquitectos\" aria-describedby=\"gallery-1-84005\" \/><\/a>\n\t\t\t<\/div>\n\t\t\t\t<figcaption class='wp-caption-text gallery-caption' id='gallery-1-84005'>\n\t\t\t\tCasa Calantha \/ Di Frenna Arquitectos (\u00a9 Lorena Darquea)\n\t\t\t\t<\/figcaption><\/figure><figure class='gallery-item'>\n\t\t\t<div class='gallery-icon portrait'>\n\t\t\t\t<a href='https:\/\/www.arquimaster.com.ar\/web\/wp-content\/uploads\/2025\/03\/casa_calantha_29.jpg' title=\"Casa Calantha \/ Di Frenna Arquitectos (\u00a9 Lorena Darquea)\" data-rl_title=\"Casa Calantha \/ Di Frenna Arquitectos (\u00a9 Lorena Darquea)\" class=\"rl-gallery-link\" data-rl_caption=\"Casa Calantha \/ Di Frenna Arquitectos (\u00a9 Lorena Darquea)\" data-rel=\"lightbox-gallery-1\"><img loading=\"lazy\" decoding=\"async\" width=\"150\" height=\"150\" src=\"https:\/\/www.arquimaster.com.ar\/web\/wp-content\/uploads\/2025\/03\/casa_calantha_29-150x150.jpg\" class=\"attachment-thumbnail size-thumbnail\" alt=\"Casa Calantha \/ Di Frenna Arquitectos\" aria-describedby=\"gallery-1-84006\" \/><\/a>\n\t\t\t<\/div>\n\t\t\t\t<figcaption class='wp-caption-text gallery-caption' id='gallery-1-84006'>\n\t\t\t\tCasa Calantha \/ Di Frenna Arquitectos (\u00a9 Lorena Darquea)\n\t\t\t\t<\/figcaption><\/figure><figure class='gallery-item'>\n\t\t\t<div class='gallery-icon portrait'>\n\t\t\t\t<a href='https:\/\/www.arquimaster.com.ar\/web\/wp-content\/uploads\/2025\/03\/casa_calantha_30.jpg' title=\"Casa Calantha \/ Di Frenna Arquitectos (\u00a9 Lorena Darquea)\" data-rl_title=\"Casa Calantha \/ Di Frenna Arquitectos (\u00a9 Lorena Darquea)\" class=\"rl-gallery-link\" data-rl_caption=\"Casa Calantha \/ Di Frenna Arquitectos (\u00a9 Lorena Darquea)\" data-rel=\"lightbox-gallery-1\"><img loading=\"lazy\" decoding=\"async\" width=\"150\" height=\"150\" src=\"https:\/\/www.arquimaster.com.ar\/web\/wp-content\/uploads\/2025\/03\/casa_calantha_30-150x150.jpg\" class=\"attachment-thumbnail size-thumbnail\" alt=\"Casa Calantha \/ Di Frenna Arquitectos\" aria-describedby=\"gallery-1-84007\" \/><\/a>\n\t\t\t<\/div>\n\t\t\t\t<figcaption class='wp-caption-text gallery-caption' id='gallery-1-84007'>\n\t\t\t\tCasa Calantha \/ Di Frenna Arquitectos (\u00a9 Lorena Darquea)\n\t\t\t\t<\/figcaption><\/figure><figure class='gallery-item'>\n\t\t\t<div class='gallery-icon portrait'>\n\t\t\t\t<a href='https:\/\/www.arquimaster.com.ar\/web\/wp-content\/uploads\/2025\/03\/casa_calantha_31.jpg' title=\"Casa Calantha \/ Di Frenna Arquitectos (\u00a9 Lorena Darquea)\" data-rl_title=\"Casa Calantha \/ Di Frenna Arquitectos (\u00a9 Lorena Darquea)\" class=\"rl-gallery-link\" data-rl_caption=\"Casa Calantha \/ Di Frenna Arquitectos (\u00a9 Lorena Darquea)\" data-rel=\"lightbox-gallery-1\"><img loading=\"lazy\" decoding=\"async\" width=\"150\" height=\"150\" src=\"https:\/\/www.arquimaster.com.ar\/web\/wp-content\/uploads\/2025\/03\/casa_calantha_31-150x150.jpg\" class=\"attachment-thumbnail size-thumbnail\" alt=\"Casa Calantha \/ Di Frenna Arquitectos\" aria-describedby=\"gallery-1-84008\" \/><\/a>\n\t\t\t<\/div>\n\t\t\t\t<figcaption class='wp-caption-text gallery-caption' id='gallery-1-84008'>\n\t\t\t\tCasa Calantha \/ Di Frenna Arquitectos (\u00a9 Lorena Darquea)\n\t\t\t\t<\/figcaption><\/figure><figure class='gallery-item'>\n\t\t\t<div class='gallery-icon portrait'>\n\t\t\t\t<a href='https:\/\/www.arquimaster.com.ar\/web\/wp-content\/uploads\/2025\/03\/casa_calantha_32.jpg' title=\"Casa Calantha \/ Di Frenna Arquitectos (\u00a9 Lorena Darquea)\" data-rl_title=\"Casa Calantha \/ Di Frenna Arquitectos (\u00a9 Lorena Darquea)\" class=\"rl-gallery-link\" data-rl_caption=\"Casa Calantha \/ Di Frenna Arquitectos (\u00a9 Lorena Darquea)\" data-rel=\"lightbox-gallery-1\"><img loading=\"lazy\" decoding=\"async\" width=\"150\" height=\"150\" src=\"https:\/\/www.arquimaster.com.ar\/web\/wp-content\/uploads\/2025\/03\/casa_calantha_32-150x150.jpg\" class=\"attachment-thumbnail size-thumbnail\" alt=\"Casa Calantha \/ Di Frenna Arquitectos\" aria-describedby=\"gallery-1-84009\" \/><\/a>\n\t\t\t<\/div>\n\t\t\t\t<figcaption class='wp-caption-text gallery-caption' id='gallery-1-84009'>\n\t\t\t\tCasa Calantha \/ Di Frenna Arquitectos (\u00a9 Lorena Darquea)\n\t\t\t\t<\/figcaption><\/figure><figure class='gallery-item'>\n\t\t\t<div class='gallery-icon landscape'>\n\t\t\t\t<a href='https:\/\/www.arquimaster.com.ar\/web\/wp-content\/uploads\/2025\/03\/casa_calantha_33.jpg' title=\"Casa Calantha \/ Di Frenna Arquitectos (\u00a9 Lorena Darquea)\" data-rl_title=\"Casa Calantha \/ Di Frenna Arquitectos (\u00a9 Lorena Darquea)\" class=\"rl-gallery-link\" data-rl_caption=\"Casa Calantha \/ Di Frenna Arquitectos (\u00a9 Lorena Darquea)\" data-rel=\"lightbox-gallery-1\"><img loading=\"lazy\" decoding=\"async\" width=\"150\" height=\"150\" src=\"https:\/\/www.arquimaster.com.ar\/web\/wp-content\/uploads\/2025\/03\/casa_calantha_33-150x150.jpg\" class=\"attachment-thumbnail size-thumbnail\" alt=\"Casa Calantha \/ Di Frenna Arquitectos\" aria-describedby=\"gallery-1-84010\" \/><\/a>\n\t\t\t<\/div>\n\t\t\t\t<figcaption class='wp-caption-text gallery-caption' id='gallery-1-84010'>\n\t\t\t\tCasa Calantha \/ Di Frenna Arquitectos (\u00a9 Lorena Darquea)\n\t\t\t\t<\/figcaption><\/figure><figure class='gallery-item'>\n\t\t\t<div class='gallery-icon landscape'>\n\t\t\t\t<a href='https:\/\/www.arquimaster.com.ar\/web\/wp-content\/uploads\/2025\/03\/casa_calantha_34.jpg' title=\"Casa Calantha \/ Di Frenna Arquitectos (\u00a9 Lorena Darquea)\" data-rl_title=\"Casa Calantha \/ Di Frenna Arquitectos (\u00a9 Lorena Darquea)\" class=\"rl-gallery-link\" data-rl_caption=\"Casa Calantha \/ Di Frenna Arquitectos (\u00a9 Lorena Darquea)\" data-rel=\"lightbox-gallery-1\"><img loading=\"lazy\" decoding=\"async\" width=\"150\" height=\"150\" src=\"https:\/\/www.arquimaster.com.ar\/web\/wp-content\/uploads\/2025\/03\/casa_calantha_34-150x150.jpg\" class=\"attachment-thumbnail size-thumbnail\" alt=\"Casa Calantha \/ Di Frenna Arquitectos\" aria-describedby=\"gallery-1-84011\" \/><\/a>\n\t\t\t<\/div>\n\t\t\t\t<figcaption class='wp-caption-text gallery-caption' id='gallery-1-84011'>\n\t\t\t\tCasa Calantha \/ Di Frenna Arquitectos (\u00a9 Lorena Darquea)\n\t\t\t\t<\/figcaption><\/figure><figure class='gallery-item'>\n\t\t\t<div class='gallery-icon landscape'>\n\t\t\t\t<a href='https:\/\/www.arquimaster.com.ar\/web\/wp-content\/uploads\/2025\/03\/casa_calantha_35.jpg' title=\"Casa Calantha \/ Di Frenna Arquitectos (\u00a9 Lorena Darquea)\" data-rl_title=\"Casa Calantha \/ Di Frenna Arquitectos (\u00a9 Lorena Darquea)\" class=\"rl-gallery-link\" data-rl_caption=\"Casa Calantha \/ Di Frenna Arquitectos (\u00a9 Lorena Darquea)\" data-rel=\"lightbox-gallery-1\"><img loading=\"lazy\" decoding=\"async\" width=\"150\" height=\"150\" src=\"https:\/\/www.arquimaster.com.ar\/web\/wp-content\/uploads\/2025\/03\/casa_calantha_35-150x150.jpg\" class=\"attachment-thumbnail size-thumbnail\" alt=\"Casa Calantha \/ Di Frenna Arquitectos\" aria-describedby=\"gallery-1-84012\" \/><\/a>\n\t\t\t<\/div>\n\t\t\t\t<figcaption class='wp-caption-text gallery-caption' id='gallery-1-84012'>\n\t\t\t\tCasa Calantha \/ Di Frenna Arquitectos (\u00a9 Lorena Darquea)\n\t\t\t\t<\/figcaption><\/figure><figure class='gallery-item'>\n\t\t\t<div class='gallery-icon portrait'>\n\t\t\t\t<a href='https:\/\/www.arquimaster.com.ar\/web\/wp-content\/uploads\/2025\/03\/casa_calantha_36.jpg' title=\"Casa Calantha \/ Di Frenna Arquitectos (\u00a9 Lorena Darquea)\" data-rl_title=\"Casa Calantha \/ Di Frenna Arquitectos (\u00a9 Lorena Darquea)\" class=\"rl-gallery-link\" data-rl_caption=\"Casa Calantha \/ Di Frenna Arquitectos (\u00a9 Lorena Darquea)\" data-rel=\"lightbox-gallery-1\"><img loading=\"lazy\" decoding=\"async\" width=\"150\" height=\"150\" src=\"https:\/\/www.arquimaster.com.ar\/web\/wp-content\/uploads\/2025\/03\/casa_calantha_36-150x150.jpg\" class=\"attachment-thumbnail size-thumbnail\" alt=\"Casa Calantha \/ Di Frenna Arquitectos\" aria-describedby=\"gallery-1-84013\" \/><\/a>\n\t\t\t<\/div>\n\t\t\t\t<figcaption class='wp-caption-text gallery-caption' id='gallery-1-84013'>\n\t\t\t\tCasa Calantha \/ Di Frenna Arquitectos (\u00a9 Lorena Darquea)\n\t\t\t\t<\/figcaption><\/figure><figure class='gallery-item'>\n\t\t\t<div class='gallery-icon portrait'>\n\t\t\t\t<a href='https:\/\/www.arquimaster.com.ar\/web\/wp-content\/uploads\/2025\/03\/casa_calantha_37.jpg' title=\"Casa Calantha \/ Di Frenna Arquitectos (\u00a9 Lorena Darquea)\" data-rl_title=\"Casa Calantha \/ Di Frenna Arquitectos (\u00a9 Lorena Darquea)\" class=\"rl-gallery-link\" data-rl_caption=\"Casa Calantha \/ Di Frenna Arquitectos (\u00a9 Lorena Darquea)\" data-rel=\"lightbox-gallery-1\"><img loading=\"lazy\" decoding=\"async\" width=\"150\" height=\"150\" src=\"https:\/\/www.arquimaster.com.ar\/web\/wp-content\/uploads\/2025\/03\/casa_calantha_37-150x150.jpg\" class=\"attachment-thumbnail size-thumbnail\" alt=\"Casa Calantha \/ Di Frenna Arquitectos\" aria-describedby=\"gallery-1-84014\" \/><\/a>\n\t\t\t<\/div>\n\t\t\t\t<figcaption class='wp-caption-text gallery-caption' id='gallery-1-84014'>\n\t\t\t\tCasa Calantha \/ Di Frenna Arquitectos (\u00a9 Lorena Darquea)\n\t\t\t\t<\/figcaption><\/figure><figure class='gallery-item'>\n\t\t\t<div class='gallery-icon portrait'>\n\t\t\t\t<a href='https:\/\/www.arquimaster.com.ar\/web\/wp-content\/uploads\/2025\/03\/casa_calantha_38.jpg' title=\"Casa Calantha \/ Di Frenna Arquitectos (\u00a9 Lorena Darquea)\" data-rl_title=\"Casa Calantha \/ Di Frenna Arquitectos (\u00a9 Lorena Darquea)\" class=\"rl-gallery-link\" data-rl_caption=\"Casa Calantha \/ Di Frenna Arquitectos (\u00a9 Lorena Darquea)\" data-rel=\"lightbox-gallery-1\"><img loading=\"lazy\" decoding=\"async\" width=\"150\" height=\"150\" src=\"https:\/\/www.arquimaster.com.ar\/web\/wp-content\/uploads\/2025\/03\/casa_calantha_38-150x150.jpg\" class=\"attachment-thumbnail size-thumbnail\" alt=\"Casa Calantha \/ Di Frenna Arquitectos\" aria-describedby=\"gallery-1-84015\" \/><\/a>\n\t\t\t<\/div>\n\t\t\t\t<figcaption class='wp-caption-text gallery-caption' id='gallery-1-84015'>\n\t\t\t\tCasa Calantha \/ Di Frenna Arquitectos (\u00a9 Lorena Darquea)\n\t\t\t\t<\/figcaption><\/figure><figure class='gallery-item'>\n\t\t\t<div class='gallery-icon portrait'>\n\t\t\t\t<a href='https:\/\/www.arquimaster.com.ar\/web\/wp-content\/uploads\/2025\/03\/casa_calantha_39.jpg' title=\"Casa Calantha \/ Di Frenna Arquitectos (\u00a9 Lorena Darquea)\" data-rl_title=\"Casa Calantha \/ Di Frenna Arquitectos (\u00a9 Lorena Darquea)\" class=\"rl-gallery-link\" data-rl_caption=\"Casa Calantha \/ Di Frenna Arquitectos (\u00a9 Lorena Darquea)\" data-rel=\"lightbox-gallery-1\"><img loading=\"lazy\" decoding=\"async\" width=\"150\" height=\"150\" src=\"https:\/\/www.arquimaster.com.ar\/web\/wp-content\/uploads\/2025\/03\/casa_calantha_39-150x150.jpg\" class=\"attachment-thumbnail size-thumbnail\" alt=\"Casa Calantha \/ Di Frenna Arquitectos\" aria-describedby=\"gallery-1-84016\" \/><\/a>\n\t\t\t<\/div>\n\t\t\t\t<figcaption class='wp-caption-text gallery-caption' id='gallery-1-84016'>\n\t\t\t\tCasa Calantha \/ Di Frenna Arquitectos (\u00a9 Lorena Darquea)\n\t\t\t\t<\/figcaption><\/figure><figure class='gallery-item'>\n\t\t\t<div class='gallery-icon portrait'>\n\t\t\t\t<a href='https:\/\/www.arquimaster.com.ar\/web\/wp-content\/uploads\/2025\/03\/casa_calantha_40.jpg' title=\"Casa Calantha \/ Di Frenna Arquitectos (\u00a9 Lorena Darquea)\" data-rl_title=\"Casa Calantha \/ Di Frenna Arquitectos (\u00a9 Lorena Darquea)\" class=\"rl-gallery-link\" data-rl_caption=\"Casa Calantha \/ Di Frenna Arquitectos (\u00a9 Lorena Darquea)\" data-rel=\"lightbox-gallery-1\"><img loading=\"lazy\" decoding=\"async\" width=\"150\" height=\"150\" src=\"https:\/\/www.arquimaster.com.ar\/web\/wp-content\/uploads\/2025\/03\/casa_calantha_40-150x150.jpg\" class=\"attachment-thumbnail size-thumbnail\" alt=\"Casa Calantha \/ Di Frenna Arquitectos\" aria-describedby=\"gallery-1-84017\" \/><\/a>\n\t\t\t<\/div>\n\t\t\t\t<figcaption class='wp-caption-text gallery-caption' id='gallery-1-84017'>\n\t\t\t\tCasa Calantha \/ Di Frenna Arquitectos (\u00a9 Lorena Darquea)\n\t\t\t\t<\/figcaption><\/figure><figure class='gallery-item'>\n\t\t\t<div class='gallery-icon landscape'>\n\t\t\t\t<a href='https:\/\/www.arquimaster.com.ar\/web\/wp-content\/uploads\/2025\/03\/casa_calantha_41.jpg' title=\"Casa Calantha \/ Di Frenna Arquitectos (planta baja)\" data-rl_title=\"Casa Calantha \/ Di Frenna Arquitectos (planta baja)\" class=\"rl-gallery-link\" data-rl_caption=\"Casa Calantha \/ Di Frenna Arquitectos (planta baja)\" data-rel=\"lightbox-gallery-1\"><img loading=\"lazy\" decoding=\"async\" width=\"150\" height=\"150\" src=\"https:\/\/www.arquimaster.com.ar\/web\/wp-content\/uploads\/2025\/03\/casa_calantha_41-150x150.jpg\" class=\"attachment-thumbnail size-thumbnail\" alt=\"Casa Calantha \/ Di Frenna Arquitectos\" aria-describedby=\"gallery-1-84018\" \/><\/a>\n\t\t\t<\/div>\n\t\t\t\t<figcaption class='wp-caption-text gallery-caption' id='gallery-1-84018'>\n\t\t\t\tCasa Calantha \/ Di Frenna Arquitectos (planta baja)\n\t\t\t\t<\/figcaption><\/figure><figure class='gallery-item'>\n\t\t\t<div class='gallery-icon landscape'>\n\t\t\t\t<a href='https:\/\/www.arquimaster.com.ar\/web\/wp-content\/uploads\/2025\/03\/casa_calantha_42.jpg' title=\"Casa Calantha \/ Di Frenna Arquitectos (vista frente)\" data-rl_title=\"Casa Calantha \/ Di Frenna Arquitectos (vista frente)\" class=\"rl-gallery-link\" data-rl_caption=\"Casa Calantha \/ Di Frenna Arquitectos (vista frente)\" data-rel=\"lightbox-gallery-1\"><img loading=\"lazy\" decoding=\"async\" width=\"150\" height=\"150\" src=\"https:\/\/www.arquimaster.com.ar\/web\/wp-content\/uploads\/2025\/03\/casa_calantha_42-150x150.jpg\" class=\"attachment-thumbnail size-thumbnail\" alt=\"Casa Calantha \/ Di Frenna Arquitectos\" aria-describedby=\"gallery-1-84019\" \/><\/a>\n\t\t\t<\/div>\n\t\t\t\t<figcaption class='wp-caption-text gallery-caption' id='gallery-1-84019'>\n\t\t\t\tCasa Calantha \/ Di Frenna Arquitectos (vista frente)\n\t\t\t\t<\/figcaption><\/figure><figure class='gallery-item'>\n\t\t\t<div class='gallery-icon landscape'>\n\t\t\t\t<a href='https:\/\/www.arquimaster.com.ar\/web\/wp-content\/uploads\/2025\/03\/casa_calantha_43.jpg' title=\"Casa Calantha \/ Di Frenna Arquitectos (vista lateral)\" data-rl_title=\"Casa Calantha \/ Di Frenna Arquitectos (vista lateral)\" class=\"rl-gallery-link\" data-rl_caption=\"Casa Calantha \/ Di Frenna Arquitectos (vista lateral)\" data-rel=\"lightbox-gallery-1\"><img loading=\"lazy\" decoding=\"async\" width=\"150\" height=\"150\" src=\"https:\/\/www.arquimaster.com.ar\/web\/wp-content\/uploads\/2025\/03\/casa_calantha_43-150x150.jpg\" class=\"attachment-thumbnail size-thumbnail\" alt=\"Casa Calantha \/ Di Frenna Arquitectos\" aria-describedby=\"gallery-1-84020\" \/><\/a>\n\t\t\t<\/div>\n\t\t\t\t<figcaption class='wp-caption-text gallery-caption' id='gallery-1-84020'>\n\t\t\t\tCasa Calantha \/ Di Frenna Arquitectos (vista lateral)\n\t\t\t\t<\/figcaption><\/figure><figure class='gallery-item'>\n\t\t\t<div class='gallery-icon landscape'>\n\t\t\t\t<a href='https:\/\/www.arquimaster.com.ar\/web\/wp-content\/uploads\/2025\/03\/casa_calantha_44.jpg' title=\"Casa Calantha \/ Di Frenna Arquitectos (vista lateral)\" data-rl_title=\"Casa Calantha \/ Di Frenna Arquitectos (vista lateral)\" class=\"rl-gallery-link\" data-rl_caption=\"Casa Calantha \/ Di Frenna Arquitectos (vista lateral)\" data-rel=\"lightbox-gallery-1\"><img loading=\"lazy\" decoding=\"async\" width=\"150\" height=\"150\" src=\"https:\/\/www.arquimaster.com.ar\/web\/wp-content\/uploads\/2025\/03\/casa_calantha_44-150x150.jpg\" class=\"attachment-thumbnail size-thumbnail\" alt=\"Casa Calantha \/ Di Frenna Arquitectos\" aria-describedby=\"gallery-1-84021\" \/><\/a>\n\t\t\t<\/div>\n\t\t\t\t<figcaption class='wp-caption-text gallery-caption' id='gallery-1-84021'>\n\t\t\t\tCasa Calantha \/ Di Frenna Arquitectos (vista lateral)\n\t\t\t\t<\/figcaption><\/figure>\n\t\t<\/div>\n\n<p>La decisi\u00f3n de alinear la construcci\u00f3n con la vista principal del terreno no es meramente un gesto pr\u00e1ctico, es una declaraci\u00f3n de principios. La arquitectura, aqu\u00ed, es un medio para enmarcar lo esencial: la conexi\u00f3n con la naturaleza y el respeto por los ritmos del entorno. Cada apertura, cada l\u00ednea de visi\u00f3n, se orienta hacia ese espacio posterior, donde el verdor y la sombra de la Parota ofrecen un refugio visual y espiritual.<\/p>\n<p>La soluci\u00f3n arquitect\u00f3nica parte de una premisa clara: abrir las vistas hacia la naturaleza, permitiendo que los espacios interiores se impregnen de luz y vida. As\u00ed, el proyecto adopta una planta lineal que despliega los espacios importantes en una secuencia fluida, donde lo interior y lo exterior se entrelazan en una danza de claroscuros. El dise\u00f1o no es una mera respuesta funcional, sino una interpretaci\u00f3n sensible de las necesidades del cliente, una que encuentra en la compa\u00f1\u00eda de amigos y familiares un aliento constante.<\/p>\n<p>La disposici\u00f3n de los espacios refleja esta dualidad: lo \u00edntimo y lo social coexisten sin conflicto, cada uno con su lugar y su prop\u00f3sito. La planta baja se convierte en un microcosmos donde el d\u00eda a d\u00eda del habitante se desenvuelve con naturalidad. Desde un umbral se accede a un recibidor de doble altura, un preludio que sugiere la magnitud y elegancia del interior. Las escaleras hacia la planta alta, con su ventana que enmarca el jard\u00edn, invitan a la reflexi\u00f3n, mientras que la divisi\u00f3n en dos secciones -privada y p\u00fablica- permite una convivencia armoniosa entre el resguardo personal y la apertura al encuentro.<\/p>\n<p>En la secci\u00f3n privada, la rec\u00e1mara principal, con su ba\u00f1o y vestidor, se abre hacia un jard\u00edn interior, un espacio donde la intimidad se encuentra con la naturaleza en un abrazo sutil. La rec\u00e1mara de visitas completa esta \u00e1rea, pensada para ofrecer confort y privacidad tanto al residente como a sus invitados.<\/p>\n<p>La parte p\u00fablica, por su lado, se despliega en un juego de alturas que enfatiza la importancia de la sala y el comedor, espacios destinados a la socializaci\u00f3n y el compartir. La conexi\u00f3n con el exterior se prolonga a trav\u00e9s del desayunador y la cocina, que desembocan en una terraza, un rinc\u00f3n donde las primeras luces del d\u00eda se disfrutan con calma.<\/p>\n<p>En la planta alta, las rec\u00e1maras de visitas con ba\u00f1o y vestidor, junto con una terraza adicional, ofrecen un refugio para quienes vienen a disfrutar de la hospitalidad del anfitri\u00f3n.<\/p>\n<p>Los tonos claros y c\u00e1lidos elegidos para el interior no son sino un reflejo del car\u00e1cter del cliente: sobrio, elegante, pero con una calidez que acoge.<\/p>\n<p>Las vigas y elementos de madera, as\u00ed como los muebles fijos y los muros recubiertos de piedra, no son meros componentes constructivos; son una reinterpretaci\u00f3n del paisaje que habita fuera, una extensi\u00f3n tangible de la naturaleza que se cuela en cada rinc\u00f3n del hogar. Estos materiales, cuidadosamente seleccionados, evocan la textura, la robustez y la calidez del entorno, creando una continuidad entre lo exterior y lo interior que enriquece la experiencia sensorial del espacio.<\/p>\n<p>Aqu\u00ed la arquitectura se convierte en una narraci\u00f3n del d\u00eda a d\u00eda que honra tanto al habitante como al entorno que lo rodea.<\/p>\n\n\n<div style=\"height:20px\" aria-hidden=\"true\" class=\"wp-block-spacer\"><\/div>\n\n\n\n<p class=\"has-background\" style=\"background-color:#eaeaea\"><strong>Ficha t\u00e9cnica<\/strong><br>Nombre: Casa Calantha<br>Ubicaci\u00f3n: Altozano, Cuauht\u00e9moc, Colima, M\u00e9xico<br>Oficina de arquitectura: Di Frenna Arquitectos<br>Equipo de trabajo: Arq. Matia Di Frenna M\u00fcller, Arq. Mariana de la Mora Padilla, Ing. Juan Gerardo Guardado \u00c1vila<br>\u00c1rea: 573 m2<br>Fecha de inicio: 27 febrero 2021<br>Fecha de t\u00e9rmino: 18 enero 2024<br>Fotograf\u00eda: Lorena Darquea<br>Sitio web: https:\/\/difrennaarquitectos.com<br>Instagram: @difrenna.arquitectos<\/p>\n\n\n\n<div style=\"height:40px\" aria-hidden=\"true\" class=\"wp-block-spacer\"><\/div>\n\n\n<p><strong><em>English version<\/em><\/strong><\/p>\n<p><em>In the middle of a landscape where nature claims its prominence, an architectural project rises meeting not only the needs of its inhabitant but also engaging in a serene and contemplative dialogue with its surroundings. The land, with its majestic Parota tree standing as a sentinel, becomes the canvas where architecture draws spaces that go beyond the ordinary to become spaces where life is fully lived.<\/em><\/p>\n<p><em>The decision to align the construction with the main view of the land is not merely a practical gesture; it is a declaration of principles. Architecture here is a way of framing the essential: the connection with nature and honoring the rhythms of the environment. Every opening, every line of sight is directed toward that back area, where greenery and the shade of the Parota offer a visual and spiritual refuge.<\/em><\/p>\n<p><em>The architectural solution stems from a clear premise: to open the views towards nature, allowing the interior spaces to be filled with light and life. Thus, the project adopts a linear plan that unfolds key spaces in a fluid sequence, where the interior and exterior intertwine in a dance of light and shadow. The design is not merely a functional response but a sensitive interpretation of the client&#8217;s needs, one who finds constant comfort in the company of friends and family.<\/em><\/p>\n<p><em>The arrangement of spaces reflects this duality: the intimate and the social coexist without conflict, each with its place and purpose. The ground floor becomes a microcosm where the inhabitant&#8217;s daily life unfolds naturally. From a threshold, one enters a double-height foyer, a prelude that suggests the magnitude and elegance of the interior. The stairs to the upper floor, with their window framing the garden, invite oneself to reflect, while the division into two sections -private and public- allows for harmonious coexistence between personal retreat and open encounter.<\/em><\/p>\n<p><em>In the private section, the master bedroom, with its bathroom and dressing room, opens onto an interior garden, a space where intimacy meets nature in a subtle embrace. The guest bedroom completes this area, designed to offer comfort and privacy to both the resident and their guests.<\/em><\/p>\n<p><em>The public area, on the other hand, unfolds in a play of heights that emphasizes the importance of the living and dining rooms, spaces intended for socializing and sharing. The connection with the outside extends through the breakfast nook and kitchen, leading to a terrace, a corner where the first light of day can be enjoyed in peace.<\/em><\/p>\n<p><em>On the upper floor, the guest bedrooms with bathrooms and dressing rooms, along with an additional terrace, offer a refuge for those who come to enjoy the host\u2019s hospitality.<\/em><\/p>\n<p><em>The light and warm tones chosen for the interior are a reflection of the client\u2019s character: sober, elegant, but with a warmth that welcomes. The beams and wooden elements, as well as the built-in furniture and stone-clad walls, are not mere constructive components; they are a reinterpretation of the landscape outside, a tangible extension of nature that seeps into every corner of the home. These materials, carefully selected, evoke the texture, robustness, and warmth of the surroundings, creating a continuity between the exterior and interior that enriches the sensory experience of the space.<\/em><\/p>\n<p><em>Here, architecture becomes a portrayal of daily life that honors both the inhabitant and the environment that surrounds them.<\/em><\/p>\n<div style=\"font-size: 0px; height: 0px; line-height: 0px; margin: 0; padding: 0; clear: both;\"><\/div><div style=\"margin-top: 0px; margin-bottom: 0px;\" class=\"sharethis-inline-share-buttons\" ><\/div>","protected":false},"excerpt":{"rendered":"<p>Un proyecto arquitect\u00f3nico que dialoga con el entorno en una armon\u00eda serena y contemplativa&#8230;<\/p>\n","protected":false},"author":1,"featured_media":83977,"comment_status":"closed","ping_status":"closed","sticky":false,"template":"","format":"standard","meta":{"_uag_custom_page_level_css":"","footnotes":""},"categories":[1,83],"tags":[8096,7089,8095,7088,8098,8169,7090,24,254],"class_list":["post-83976","post","type-post","status-publish","format-standard","has-post-thumbnail","hentry","category-proyecto","category-vivienda-unifamiliar","tag-altozano","tag-colima","tag-cuauhtemoc","tag-di-frenna-arquitectos","tag-juan-gerardo-guardado-avila","tag-mariana-de-la-mora-padilla","tag-matia-di-frenna-muller","tag-mexico","tag-vivienda-unifamiliar-2","generate-columns","tablet-grid-50","mobile-grid-100","grid-parent","grid-50"],"yoast_head":"<!-- This site is optimized with the Yoast SEO plugin v27.3 - https:\/\/yoast.com\/product\/yoast-seo-wordpress\/ -->\n<title>Casa Calantha \/ Di Frenna Arquitectos - Arquimaster<\/title>\n<meta name=\"description\" content=\"En el coraz\u00f3n de un paisaje donde la naturaleza reclama su protagonismo, se levanta un proyecto arquitect\u00f3nico que dialoga con el entorno en una armon\u00eda serena y contemplativa.\" \/>\n<meta name=\"robots\" content=\"index, follow, max-snippet:-1, max-image-preview:large, max-video-preview:-1\" \/>\n<link rel=\"canonical\" href=\"https:\/\/www.arquimaster.com.ar\/web\/casa-calantha-di-frenna-arquitectos\/\" \/>\n<meta property=\"og:locale\" content=\"es_ES\" \/>\n<meta property=\"og:type\" content=\"article\" \/>\n<meta property=\"og:title\" content=\"Casa Calantha \/ Di Frenna Arquitectos\" \/>\n<meta property=\"og:description\" content=\"En el coraz\u00f3n de un paisaje donde la naturaleza reclama su protagonismo, se levanta un proyecto arquitect\u00f3nico que dialoga con el entorno en una armon\u00eda serena y contemplativa.\" \/>\n<meta property=\"og:url\" content=\"https:\/\/www.arquimaster.com.ar\/web\/casa-calantha-di-frenna-arquitectos\/\" \/>\n<meta property=\"og:site_name\" content=\"Arquimaster\" \/>\n<meta property=\"article:publisher\" content=\"http:\/\/www.facebook.com\/ARQUIMASTER.com.ar\" \/>\n<meta property=\"article:published_time\" content=\"2025-03-26T22:30:25+00:00\" \/>\n<meta property=\"article:modified_time\" content=\"2025-07-23T18:55:38+00:00\" \/>\n<meta property=\"og:image\" content=\"https:\/\/www.arquimaster.com.ar\/web\/wp-content\/uploads\/2025\/03\/casa_calantha_slide.jpg\" \/>\n\t<meta property=\"og:image:width\" content=\"698\" \/>\n\t<meta property=\"og:image:height\" content=\"364\" \/>\n\t<meta property=\"og:image:type\" content=\"image\/jpeg\" \/>\n<meta name=\"author\" content=\"Arquimaster\" \/>\n<meta name=\"twitter:card\" content=\"summary_large_image\" \/>\n<meta name=\"twitter:title\" content=\"Casa Calantha \/ Di Frenna Arquitectos\" \/>\n<meta name=\"twitter:description\" content=\"En el coraz\u00f3n de un paisaje donde la naturaleza reclama su protagonismo, se levanta un proyecto arquitect\u00f3nico que dialoga con el entorno en una armon\u00eda serena y contemplativa.\" \/>\n<meta name=\"twitter:image\" content=\"https:\/\/www.arquimaster.com.ar\/web\/wp-content\/uploads\/2025\/03\/casa_calantha_slide.jpg\" \/>\n<meta name=\"twitter:creator\" content=\"@arquimaster\" \/>\n<meta name=\"twitter:site\" content=\"@arquimaster\" \/>\n<meta name=\"twitter:label1\" content=\"Escrito por\" \/>\n\t<meta name=\"twitter:data1\" content=\"Arquimaster\" \/>\n\t<meta name=\"twitter:label2\" content=\"Tiempo de lectura\" \/>\n\t<meta name=\"twitter:data2\" content=\"6 minutos\" \/>\n<script type=\"application\/ld+json\" class=\"yoast-schema-graph\">{\"@context\":\"https:\\\/\\\/schema.org\",\"@graph\":[{\"@type\":\"Article\",\"@id\":\"https:\\\/\\\/www.arquimaster.com.ar\\\/web\\\/casa-calantha-di-frenna-arquitectos\\\/#article\",\"isPartOf\":{\"@id\":\"https:\\\/\\\/www.arquimaster.com.ar\\\/web\\\/casa-calantha-di-frenna-arquitectos\\\/\"},\"author\":{\"name\":\"Arquimaster\",\"@id\":\"https:\\\/\\\/www.arquimaster.com.ar\\\/web\\\/#\\\/schema\\\/person\\\/359e9f7c00193fcde068e0dd2ceb0028\"},\"headline\":\"Casa Calantha \\\/ Di Frenna Arquitectos\",\"datePublished\":\"2025-03-26T22:30:25+00:00\",\"dateModified\":\"2025-07-23T18:55:38+00:00\",\"mainEntityOfPage\":{\"@id\":\"https:\\\/\\\/www.arquimaster.com.ar\\\/web\\\/casa-calantha-di-frenna-arquitectos\\\/\"},\"wordCount\":1282,\"publisher\":{\"@id\":\"https:\\\/\\\/www.arquimaster.com.ar\\\/web\\\/#organization\"},\"image\":{\"@id\":\"https:\\\/\\\/www.arquimaster.com.ar\\\/web\\\/casa-calantha-di-frenna-arquitectos\\\/#primaryimage\"},\"thumbnailUrl\":\"https:\\\/\\\/www.arquimaster.com.ar\\\/web\\\/wp-content\\\/uploads\\\/2025\\\/03\\\/casa_calantha_slide.jpg\",\"keywords\":[\"Altozano\",\"Colima\",\"Cuauhtemoc\",\"Di Frenna Arquitectos\",\"Juan Gerardo Guardado \u00c1vila\",\"Mariana de la Mora Padilla\",\"Matia Di Frenna M\u00fcller\",\"Mexico\",\"vivienda unifamiliar\"],\"articleSection\":[\"Proyecto\",\"Vivienda unifamiliar y PH\"],\"inLanguage\":\"es\"},{\"@type\":\"WebPage\",\"@id\":\"https:\\\/\\\/www.arquimaster.com.ar\\\/web\\\/casa-calantha-di-frenna-arquitectos\\\/\",\"url\":\"https:\\\/\\\/www.arquimaster.com.ar\\\/web\\\/casa-calantha-di-frenna-arquitectos\\\/\",\"name\":\"Casa Calantha \\\/ Di Frenna Arquitectos - Arquimaster\",\"isPartOf\":{\"@id\":\"https:\\\/\\\/www.arquimaster.com.ar\\\/web\\\/#website\"},\"primaryImageOfPage\":{\"@id\":\"https:\\\/\\\/www.arquimaster.com.ar\\\/web\\\/casa-calantha-di-frenna-arquitectos\\\/#primaryimage\"},\"image\":{\"@id\":\"https:\\\/\\\/www.arquimaster.com.ar\\\/web\\\/casa-calantha-di-frenna-arquitectos\\\/#primaryimage\"},\"thumbnailUrl\":\"https:\\\/\\\/www.arquimaster.com.ar\\\/web\\\/wp-content\\\/uploads\\\/2025\\\/03\\\/casa_calantha_slide.jpg\",\"datePublished\":\"2025-03-26T22:30:25+00:00\",\"dateModified\":\"2025-07-23T18:55:38+00:00\",\"description\":\"En el coraz\u00f3n de un paisaje donde la naturaleza reclama su protagonismo, se levanta un proyecto arquitect\u00f3nico que dialoga con el entorno en una armon\u00eda serena y contemplativa.\",\"breadcrumb\":{\"@id\":\"https:\\\/\\\/www.arquimaster.com.ar\\\/web\\\/casa-calantha-di-frenna-arquitectos\\\/#breadcrumb\"},\"inLanguage\":\"es\",\"potentialAction\":[{\"@type\":\"ReadAction\",\"target\":[\"https:\\\/\\\/www.arquimaster.com.ar\\\/web\\\/casa-calantha-di-frenna-arquitectos\\\/\"]}]},{\"@type\":\"ImageObject\",\"inLanguage\":\"es\",\"@id\":\"https:\\\/\\\/www.arquimaster.com.ar\\\/web\\\/casa-calantha-di-frenna-arquitectos\\\/#primaryimage\",\"url\":\"https:\\\/\\\/www.arquimaster.com.ar\\\/web\\\/wp-content\\\/uploads\\\/2025\\\/03\\\/casa_calantha_slide.jpg\",\"contentUrl\":\"https:\\\/\\\/www.arquimaster.com.ar\\\/web\\\/wp-content\\\/uploads\\\/2025\\\/03\\\/casa_calantha_slide.jpg\",\"width\":698,\"height\":364,\"caption\":\"Casa Calantha \\\/ Di Frenna Arquitectos\"},{\"@type\":\"BreadcrumbList\",\"@id\":\"https:\\\/\\\/www.arquimaster.com.ar\\\/web\\\/casa-calantha-di-frenna-arquitectos\\\/#breadcrumb\",\"itemListElement\":[{\"@type\":\"ListItem\",\"position\":1,\"name\":\"Portada\",\"item\":\"https:\\\/\\\/www.arquimaster.com.ar\\\/web\\\/\"},{\"@type\":\"ListItem\",\"position\":2,\"name\":\"Casa Calantha \\\/ Di Frenna Arquitectos\"}]},{\"@type\":\"WebSite\",\"@id\":\"https:\\\/\\\/www.arquimaster.com.ar\\\/web\\\/#website\",\"url\":\"https:\\\/\\\/www.arquimaster.com.ar\\\/web\\\/\",\"name\":\"Arquimaster\",\"description\":\"Web de arquitectura, dise\u00f1o y construccion\",\"publisher\":{\"@id\":\"https:\\\/\\\/www.arquimaster.com.ar\\\/web\\\/#organization\"},\"potentialAction\":[{\"@type\":\"SearchAction\",\"target\":{\"@type\":\"EntryPoint\",\"urlTemplate\":\"https:\\\/\\\/www.arquimaster.com.ar\\\/web\\\/?s={search_term_string}\"},\"query-input\":{\"@type\":\"PropertyValueSpecification\",\"valueRequired\":true,\"valueName\":\"search_term_string\"}}],\"inLanguage\":\"es\"},{\"@type\":\"Organization\",\"@id\":\"https:\\\/\\\/www.arquimaster.com.ar\\\/web\\\/#organization\",\"name\":\"Arquimaster\",\"url\":\"https:\\\/\\\/www.arquimaster.com.ar\\\/web\\\/\",\"logo\":{\"@type\":\"ImageObject\",\"inLanguage\":\"es\",\"@id\":\"https:\\\/\\\/www.arquimaster.com.ar\\\/web\\\/#\\\/schema\\\/logo\\\/image\\\/\",\"url\":\"https:\\\/\\\/www.arquimaster.com.ar\\\/web\\\/wp-content\\\/uploads\\\/2022\\\/06\\\/arquimaster.png\",\"contentUrl\":\"https:\\\/\\\/www.arquimaster.com.ar\\\/web\\\/wp-content\\\/uploads\\\/2022\\\/06\\\/arquimaster.png\",\"width\":594,\"height\":78,\"caption\":\"Arquimaster\"},\"image\":{\"@id\":\"https:\\\/\\\/www.arquimaster.com.ar\\\/web\\\/#\\\/schema\\\/logo\\\/image\\\/\"},\"sameAs\":[\"http:\\\/\\\/www.facebook.com\\\/ARQUIMASTER.com.ar\",\"https:\\\/\\\/x.com\\\/arquimaster\",\"https:\\\/\\\/www.instagram.com\\\/arquimasterblog\\\/\",\"https:\\\/\\\/www.linkedin.com\\\/company\\\/arquimaster\",\"https:\\\/\\\/www.pinterest.com\\\/arquimaster\",\"https:\\\/\\\/t.me\\\/arquimaster\"]},{\"@type\":\"Person\",\"@id\":\"https:\\\/\\\/www.arquimaster.com.ar\\\/web\\\/#\\\/schema\\\/person\\\/359e9f7c00193fcde068e0dd2ceb0028\",\"name\":\"Arquimaster\"}]}<\/script>\n<!-- \/ Yoast SEO plugin. -->","yoast_head_json":{"title":"Casa Calantha \/ Di Frenna Arquitectos - Arquimaster","description":"En el coraz\u00f3n de un paisaje donde la naturaleza reclama su protagonismo, se levanta un proyecto arquitect\u00f3nico que dialoga con el entorno en una armon\u00eda serena y contemplativa.","robots":{"index":"index","follow":"follow","max-snippet":"max-snippet:-1","max-image-preview":"max-image-preview:large","max-video-preview":"max-video-preview:-1"},"canonical":"https:\/\/www.arquimaster.com.ar\/web\/casa-calantha-di-frenna-arquitectos\/","og_locale":"es_ES","og_type":"article","og_title":"Casa Calantha \/ Di Frenna Arquitectos","og_description":"En el coraz\u00f3n de un paisaje donde la naturaleza reclama su protagonismo, se levanta un proyecto arquitect\u00f3nico que dialoga con el entorno en una armon\u00eda serena y contemplativa.","og_url":"https:\/\/www.arquimaster.com.ar\/web\/casa-calantha-di-frenna-arquitectos\/","og_site_name":"Arquimaster","article_publisher":"http:\/\/www.facebook.com\/ARQUIMASTER.com.ar","article_published_time":"2025-03-26T22:30:25+00:00","article_modified_time":"2025-07-23T18:55:38+00:00","og_image":[{"width":698,"height":364,"url":"https:\/\/www.arquimaster.com.ar\/web\/wp-content\/uploads\/2025\/03\/casa_calantha_slide.jpg","type":"image\/jpeg"}],"author":"Arquimaster","twitter_card":"summary_large_image","twitter_title":"Casa Calantha \/ Di Frenna Arquitectos","twitter_description":"En el coraz\u00f3n de un paisaje donde la naturaleza reclama su protagonismo, se levanta un proyecto arquitect\u00f3nico que dialoga con el entorno en una armon\u00eda serena y contemplativa.","twitter_image":"https:\/\/www.arquimaster.com.ar\/web\/wp-content\/uploads\/2025\/03\/casa_calantha_slide.jpg","twitter_creator":"@arquimaster","twitter_site":"@arquimaster","twitter_misc":{"Escrito por":"Arquimaster","Tiempo de lectura":"6 minutos"},"schema":{"@context":"https:\/\/schema.org","@graph":[{"@type":"Article","@id":"https:\/\/www.arquimaster.com.ar\/web\/casa-calantha-di-frenna-arquitectos\/#article","isPartOf":{"@id":"https:\/\/www.arquimaster.com.ar\/web\/casa-calantha-di-frenna-arquitectos\/"},"author":{"name":"Arquimaster","@id":"https:\/\/www.arquimaster.com.ar\/web\/#\/schema\/person\/359e9f7c00193fcde068e0dd2ceb0028"},"headline":"Casa Calantha \/ Di Frenna Arquitectos","datePublished":"2025-03-26T22:30:25+00:00","dateModified":"2025-07-23T18:55:38+00:00","mainEntityOfPage":{"@id":"https:\/\/www.arquimaster.com.ar\/web\/casa-calantha-di-frenna-arquitectos\/"},"wordCount":1282,"publisher":{"@id":"https:\/\/www.arquimaster.com.ar\/web\/#organization"},"image":{"@id":"https:\/\/www.arquimaster.com.ar\/web\/casa-calantha-di-frenna-arquitectos\/#primaryimage"},"thumbnailUrl":"https:\/\/www.arquimaster.com.ar\/web\/wp-content\/uploads\/2025\/03\/casa_calantha_slide.jpg","keywords":["Altozano","Colima","Cuauhtemoc","Di Frenna Arquitectos","Juan Gerardo Guardado \u00c1vila","Mariana de la Mora Padilla","Matia Di Frenna M\u00fcller","Mexico","vivienda unifamiliar"],"articleSection":["Proyecto","Vivienda unifamiliar y PH"],"inLanguage":"es"},{"@type":"WebPage","@id":"https:\/\/www.arquimaster.com.ar\/web\/casa-calantha-di-frenna-arquitectos\/","url":"https:\/\/www.arquimaster.com.ar\/web\/casa-calantha-di-frenna-arquitectos\/","name":"Casa Calantha \/ Di Frenna Arquitectos - Arquimaster","isPartOf":{"@id":"https:\/\/www.arquimaster.com.ar\/web\/#website"},"primaryImageOfPage":{"@id":"https:\/\/www.arquimaster.com.ar\/web\/casa-calantha-di-frenna-arquitectos\/#primaryimage"},"image":{"@id":"https:\/\/www.arquimaster.com.ar\/web\/casa-calantha-di-frenna-arquitectos\/#primaryimage"},"thumbnailUrl":"https:\/\/www.arquimaster.com.ar\/web\/wp-content\/uploads\/2025\/03\/casa_calantha_slide.jpg","datePublished":"2025-03-26T22:30:25+00:00","dateModified":"2025-07-23T18:55:38+00:00","description":"En el coraz\u00f3n de un paisaje donde la naturaleza reclama su protagonismo, se levanta un proyecto arquitect\u00f3nico que dialoga con el entorno en una armon\u00eda serena y contemplativa.","breadcrumb":{"@id":"https:\/\/www.arquimaster.com.ar\/web\/casa-calantha-di-frenna-arquitectos\/#breadcrumb"},"inLanguage":"es","potentialAction":[{"@type":"ReadAction","target":["https:\/\/www.arquimaster.com.ar\/web\/casa-calantha-di-frenna-arquitectos\/"]}]},{"@type":"ImageObject","inLanguage":"es","@id":"https:\/\/www.arquimaster.com.ar\/web\/casa-calantha-di-frenna-arquitectos\/#primaryimage","url":"https:\/\/www.arquimaster.com.ar\/web\/wp-content\/uploads\/2025\/03\/casa_calantha_slide.jpg","contentUrl":"https:\/\/www.arquimaster.com.ar\/web\/wp-content\/uploads\/2025\/03\/casa_calantha_slide.jpg","width":698,"height":364,"caption":"Casa Calantha \/ Di Frenna Arquitectos"},{"@type":"BreadcrumbList","@id":"https:\/\/www.arquimaster.com.ar\/web\/casa-calantha-di-frenna-arquitectos\/#breadcrumb","itemListElement":[{"@type":"ListItem","position":1,"name":"Portada","item":"https:\/\/www.arquimaster.com.ar\/web\/"},{"@type":"ListItem","position":2,"name":"Casa Calantha \/ Di Frenna Arquitectos"}]},{"@type":"WebSite","@id":"https:\/\/www.arquimaster.com.ar\/web\/#website","url":"https:\/\/www.arquimaster.com.ar\/web\/","name":"Arquimaster","description":"Web de arquitectura, dise\u00f1o y construccion","publisher":{"@id":"https:\/\/www.arquimaster.com.ar\/web\/#organization"},"potentialAction":[{"@type":"SearchAction","target":{"@type":"EntryPoint","urlTemplate":"https:\/\/www.arquimaster.com.ar\/web\/?s={search_term_string}"},"query-input":{"@type":"PropertyValueSpecification","valueRequired":true,"valueName":"search_term_string"}}],"inLanguage":"es"},{"@type":"Organization","@id":"https:\/\/www.arquimaster.com.ar\/web\/#organization","name":"Arquimaster","url":"https:\/\/www.arquimaster.com.ar\/web\/","logo":{"@type":"ImageObject","inLanguage":"es","@id":"https:\/\/www.arquimaster.com.ar\/web\/#\/schema\/logo\/image\/","url":"https:\/\/www.arquimaster.com.ar\/web\/wp-content\/uploads\/2022\/06\/arquimaster.png","contentUrl":"https:\/\/www.arquimaster.com.ar\/web\/wp-content\/uploads\/2022\/06\/arquimaster.png","width":594,"height":78,"caption":"Arquimaster"},"image":{"@id":"https:\/\/www.arquimaster.com.ar\/web\/#\/schema\/logo\/image\/"},"sameAs":["http:\/\/www.facebook.com\/ARQUIMASTER.com.ar","https:\/\/x.com\/arquimaster","https:\/\/www.instagram.com\/arquimasterblog\/","https:\/\/www.linkedin.com\/company\/arquimaster","https:\/\/www.pinterest.com\/arquimaster","https:\/\/t.me\/arquimaster"]},{"@type":"Person","@id":"https:\/\/www.arquimaster.com.ar\/web\/#\/schema\/person\/359e9f7c00193fcde068e0dd2ceb0028","name":"Arquimaster"}]}},"uagb_featured_image_src":{"full":["https:\/\/www.arquimaster.com.ar\/web\/wp-content\/uploads\/2025\/03\/casa_calantha_slide.jpg",698,364,false],"thumbnail":["https:\/\/www.arquimaster.com.ar\/web\/wp-content\/uploads\/2025\/03\/casa_calantha_slide-150x150.jpg",150,150,true],"medium":["https:\/\/www.arquimaster.com.ar\/web\/wp-content\/uploads\/2025\/03\/casa_calantha_slide.jpg",698,364,false],"medium_large":["https:\/\/www.arquimaster.com.ar\/web\/wp-content\/uploads\/2025\/03\/casa_calantha_slide.jpg",698,364,false],"large":["https:\/\/www.arquimaster.com.ar\/web\/wp-content\/uploads\/2025\/03\/casa_calantha_slide.jpg",698,364,false],"1536x1536":["https:\/\/www.arquimaster.com.ar\/web\/wp-content\/uploads\/2025\/03\/casa_calantha_slide.jpg",698,364,false],"2048x2048":["https:\/\/www.arquimaster.com.ar\/web\/wp-content\/uploads\/2025\/03\/casa_calantha_slide.jpg",698,364,false]},"uagb_author_info":{"display_name":"Arquimaster","author_link":"https:\/\/www.arquimaster.com.ar\/web\/author\/arquimaster\/"},"uagb_comment_info":0,"uagb_excerpt":"Un proyecto arquitect\u00f3nico que dialoga con el entorno en una armon\u00eda serena y contemplativa...","_links":{"self":[{"href":"https:\/\/www.arquimaster.com.ar\/web\/wp-json\/wp\/v2\/posts\/83976","targetHints":{"allow":["GET"]}}],"collection":[{"href":"https:\/\/www.arquimaster.com.ar\/web\/wp-json\/wp\/v2\/posts"}],"about":[{"href":"https:\/\/www.arquimaster.com.ar\/web\/wp-json\/wp\/v2\/types\/post"}],"author":[{"embeddable":true,"href":"https:\/\/www.arquimaster.com.ar\/web\/wp-json\/wp\/v2\/users\/1"}],"replies":[{"embeddable":true,"href":"https:\/\/www.arquimaster.com.ar\/web\/wp-json\/wp\/v2\/comments?post=83976"}],"version-history":[{"count":3,"href":"https:\/\/www.arquimaster.com.ar\/web\/wp-json\/wp\/v2\/posts\/83976\/revisions"}],"predecessor-version":[{"id":85028,"href":"https:\/\/www.arquimaster.com.ar\/web\/wp-json\/wp\/v2\/posts\/83976\/revisions\/85028"}],"wp:featuredmedia":[{"embeddable":true,"href":"https:\/\/www.arquimaster.com.ar\/web\/wp-json\/wp\/v2\/media\/83977"}],"wp:attachment":[{"href":"https:\/\/www.arquimaster.com.ar\/web\/wp-json\/wp\/v2\/media?parent=83976"}],"wp:term":[{"taxonomy":"category","embeddable":true,"href":"https:\/\/www.arquimaster.com.ar\/web\/wp-json\/wp\/v2\/categories?post=83976"},{"taxonomy":"post_tag","embeddable":true,"href":"https:\/\/www.arquimaster.com.ar\/web\/wp-json\/wp\/v2\/tags?post=83976"}],"curies":[{"name":"wp","href":"https:\/\/api.w.org\/{rel}","templated":true}]}}