{"id":84079,"date":"2025-04-02T19:12:54","date_gmt":"2025-04-02T22:12:54","guid":{"rendered":"https:\/\/www.arquimaster.com.ar\/web\/?p=84079"},"modified":"2025-07-23T15:56:13","modified_gmt":"2025-07-23T18:56:13","slug":"casa-tate-materia-gustavo-carmona","status":"publish","type":"post","link":"https:\/\/www.arquimaster.com.ar\/web\/casa-tate-materia-gustavo-carmona\/","title":{"rendered":"Casa Tate \/ Materia + Gustavo Carmona"},"content":{"rendered":"<div style=\"margin-top: 0px; margin-bottom: 0px;\" class=\"sharethis-inline-share-buttons\" ><\/div><div class=\"b812932af2e751442846f039925109de\" data-index=\"1\" style=\"float: none; margin:25px 0 25px 0; text-align:center;\">\n<script async src=\"https:\/\/pagead2.googlesyndication.com\/pagead\/js\/adsbygoogle.js\"><\/script>\r\n<!-- Arquimaster (superior) -->\r\n<ins class=\"adsbygoogle\"\r\n     style=\"display:block\"\r\n     data-ad-client=\"ca-pub-6351072698456832\"\r\n     data-ad-slot=\"6455489680\"\r\n     data-ad-format=\"auto\"\r\n     data-full-width-responsive=\"true\"><\/ins>\r\n<script>\r\n     (adsbygoogle = window.adsbygoogle || []).push({});\r\n<\/script>\n<\/div>\n<p><strong>Casa Tate<\/strong> (Puerto Escondido, Oaxaca, M\u00e9xico) por <strong>Materia + Gustavo Carmona<\/strong>. La intenci\u00f3n de este proyecto se fundamenta profundamente en la comprensi\u00f3n del sitio como una oportunidad de generar lugar, entendiendo la casa no como objeto superpuesto, sino como una herramienta para develar los eventos y manifestaciones naturales propias del contexto.<\/p>\n<div id='gallery-1' class='gallery galleryid-84079 gallery-columns-3 gallery-size-thumbnail'><figure class='gallery-item'>\n\t\t\t<div class='gallery-icon landscape'>\n\t\t\t\t<a href='https:\/\/www.arquimaster.com.ar\/web\/wp-content\/uploads\/2025\/04\/casa_tate_1.jpg' title=\"Casa Tate \/ Materia + Gustavo Carmona (\u00a9 Jaime Navarro)\" data-rl_title=\"Casa Tate \/ Materia + Gustavo Carmona (\u00a9 Jaime Navarro)\" class=\"rl-gallery-link\" data-rl_caption=\"Casa Tate \/ Materia + Gustavo Carmona (\u00a9 Jaime Navarro)\" data-rel=\"lightbox-gallery-1\"><img loading=\"lazy\" decoding=\"async\" width=\"150\" height=\"150\" src=\"https:\/\/www.arquimaster.com.ar\/web\/wp-content\/uploads\/2025\/04\/casa_tate_1-150x150.jpg\" class=\"attachment-thumbnail size-thumbnail\" alt=\"Casa Tate \/ Materia + Gustavo Carmona\" aria-describedby=\"gallery-1-84081\" \/><\/a>\n\t\t\t<\/div>\n\t\t\t\t<figcaption class='wp-caption-text gallery-caption' id='gallery-1-84081'>\n\t\t\t\tCasa Tate \/ Materia + Gustavo Carmona (\u00a9 Jaime Navarro)\n\t\t\t\t<\/figcaption><\/figure><figure class='gallery-item'>\n\t\t\t<div class='gallery-icon landscape'>\n\t\t\t\t<a href='https:\/\/www.arquimaster.com.ar\/web\/wp-content\/uploads\/2025\/04\/casa_tate_2.jpg' title=\"Casa Tate \/ Materia + Gustavo Carmona (\u00a9 Jaime Navarro)\" data-rl_title=\"Casa Tate \/ Materia + Gustavo Carmona (\u00a9 Jaime Navarro)\" class=\"rl-gallery-link\" data-rl_caption=\"Casa Tate \/ Materia + Gustavo Carmona (\u00a9 Jaime Navarro)\" data-rel=\"lightbox-gallery-1\"><img loading=\"lazy\" decoding=\"async\" width=\"150\" height=\"150\" src=\"https:\/\/www.arquimaster.com.ar\/web\/wp-content\/uploads\/2025\/04\/casa_tate_2-150x150.jpg\" class=\"attachment-thumbnail size-thumbnail\" alt=\"Casa Tate \/ Materia + Gustavo Carmona\" aria-describedby=\"gallery-1-84082\" \/><\/a>\n\t\t\t<\/div>\n\t\t\t\t<figcaption class='wp-caption-text gallery-caption' id='gallery-1-84082'>\n\t\t\t\tCasa Tate \/ Materia + Gustavo Carmona (\u00a9 Jaime Navarro)\n\t\t\t\t<\/figcaption><\/figure><figure class='gallery-item'>\n\t\t\t<div class='gallery-icon landscape'>\n\t\t\t\t<a href='https:\/\/www.arquimaster.com.ar\/web\/wp-content\/uploads\/2025\/04\/casa_tate_3.jpg' title=\"Casa Tate \/ Materia + Gustavo Carmona (\u00a9 Jaime Navarro)\" data-rl_title=\"Casa Tate \/ Materia + Gustavo Carmona (\u00a9 Jaime Navarro)\" class=\"rl-gallery-link\" data-rl_caption=\"Casa Tate \/ Materia + Gustavo Carmona (\u00a9 Jaime Navarro)\" data-rel=\"lightbox-gallery-1\"><img loading=\"lazy\" decoding=\"async\" width=\"150\" height=\"150\" src=\"https:\/\/www.arquimaster.com.ar\/web\/wp-content\/uploads\/2025\/04\/casa_tate_3-150x150.jpg\" class=\"attachment-thumbnail size-thumbnail\" alt=\"Casa Tate \/ Materia + Gustavo Carmona\" aria-describedby=\"gallery-1-84083\" \/><\/a>\n\t\t\t<\/div>\n\t\t\t\t<figcaption class='wp-caption-text gallery-caption' id='gallery-1-84083'>\n\t\t\t\tCasa Tate \/ Materia + Gustavo Carmona (\u00a9 Jaime Navarro)\n\t\t\t\t<\/figcaption><\/figure><figure class='gallery-item'>\n\t\t\t<div class='gallery-icon landscape'>\n\t\t\t\t<a href='https:\/\/www.arquimaster.com.ar\/web\/wp-content\/uploads\/2025\/04\/casa_tate_4.jpg' title=\"Casa Tate \/ Materia + Gustavo Carmona (\u00a9 Jaime Navarro)\" data-rl_title=\"Casa Tate \/ Materia + Gustavo Carmona (\u00a9 Jaime Navarro)\" class=\"rl-gallery-link\" data-rl_caption=\"Casa Tate \/ Materia + Gustavo Carmona (\u00a9 Jaime Navarro)\" data-rel=\"lightbox-gallery-1\"><img loading=\"lazy\" decoding=\"async\" width=\"150\" height=\"150\" src=\"https:\/\/www.arquimaster.com.ar\/web\/wp-content\/uploads\/2025\/04\/casa_tate_4-150x150.jpg\" class=\"attachment-thumbnail size-thumbnail\" alt=\"Casa Tate \/ Materia + Gustavo Carmona\" aria-describedby=\"gallery-1-84084\" \/><\/a>\n\t\t\t<\/div>\n\t\t\t\t<figcaption class='wp-caption-text gallery-caption' id='gallery-1-84084'>\n\t\t\t\tCasa Tate \/ Materia + Gustavo Carmona (\u00a9 Jaime Navarro)\n\t\t\t\t<\/figcaption><\/figure><figure class='gallery-item'>\n\t\t\t<div class='gallery-icon landscape'>\n\t\t\t\t<a href='https:\/\/www.arquimaster.com.ar\/web\/wp-content\/uploads\/2025\/04\/casa_tate_5.jpg' title=\"Casa Tate \/ Materia + Gustavo Carmona (\u00a9 Jaime Navarro)\" data-rl_title=\"Casa Tate \/ Materia + Gustavo Carmona (\u00a9 Jaime Navarro)\" class=\"rl-gallery-link\" data-rl_caption=\"Casa Tate \/ Materia + Gustavo Carmona (\u00a9 Jaime Navarro)\" data-rel=\"lightbox-gallery-1\"><img loading=\"lazy\" decoding=\"async\" width=\"150\" height=\"150\" src=\"https:\/\/www.arquimaster.com.ar\/web\/wp-content\/uploads\/2025\/04\/casa_tate_5-150x150.jpg\" class=\"attachment-thumbnail size-thumbnail\" alt=\"Casa Tate \/ Materia + Gustavo Carmona\" aria-describedby=\"gallery-1-84085\" \/><\/a>\n\t\t\t<\/div>\n\t\t\t\t<figcaption class='wp-caption-text gallery-caption' id='gallery-1-84085'>\n\t\t\t\tCasa Tate \/ Materia + Gustavo Carmona (\u00a9 Jaime Navarro)\n\t\t\t\t<\/figcaption><\/figure><figure class='gallery-item'>\n\t\t\t<div class='gallery-icon landscape'>\n\t\t\t\t<a href='https:\/\/www.arquimaster.com.ar\/web\/wp-content\/uploads\/2025\/04\/casa_tate_6.jpg' title=\"Casa Tate \/ Materia + Gustavo Carmona (\u00a9 Jaime Navarro)\" data-rl_title=\"Casa Tate \/ Materia + Gustavo Carmona (\u00a9 Jaime Navarro)\" class=\"rl-gallery-link\" data-rl_caption=\"Casa Tate \/ Materia + Gustavo Carmona (\u00a9 Jaime Navarro)\" data-rel=\"lightbox-gallery-1\"><img loading=\"lazy\" decoding=\"async\" width=\"150\" height=\"150\" src=\"https:\/\/www.arquimaster.com.ar\/web\/wp-content\/uploads\/2025\/04\/casa_tate_6-150x150.jpg\" class=\"attachment-thumbnail size-thumbnail\" alt=\"Casa Tate \/ Materia + Gustavo Carmona\" aria-describedby=\"gallery-1-84086\" \/><\/a>\n\t\t\t<\/div>\n\t\t\t\t<figcaption class='wp-caption-text gallery-caption' id='gallery-1-84086'>\n\t\t\t\tCasa Tate \/ Materia + Gustavo Carmona (\u00a9 Jaime Navarro)\n\t\t\t\t<\/figcaption><\/figure><figure class='gallery-item'>\n\t\t\t<div class='gallery-icon landscape'>\n\t\t\t\t<a href='https:\/\/www.arquimaster.com.ar\/web\/wp-content\/uploads\/2025\/04\/casa_tate_7.jpg' title=\"Casa Tate \/ Materia + Gustavo Carmona (\u00a9 Jaime Navarro)\" data-rl_title=\"Casa Tate \/ Materia + Gustavo Carmona (\u00a9 Jaime Navarro)\" class=\"rl-gallery-link\" data-rl_caption=\"Casa Tate \/ Materia + Gustavo Carmona (\u00a9 Jaime Navarro)\" data-rel=\"lightbox-gallery-1\"><img loading=\"lazy\" decoding=\"async\" width=\"150\" height=\"150\" src=\"https:\/\/www.arquimaster.com.ar\/web\/wp-content\/uploads\/2025\/04\/casa_tate_7-150x150.jpg\" class=\"attachment-thumbnail size-thumbnail\" alt=\"Casa Tate \/ Materia + Gustavo Carmona\" aria-describedby=\"gallery-1-84087\" \/><\/a>\n\t\t\t<\/div>\n\t\t\t\t<figcaption class='wp-caption-text gallery-caption' id='gallery-1-84087'>\n\t\t\t\tCasa Tate \/ Materia + Gustavo Carmona (\u00a9 Jaime Navarro)\n\t\t\t\t<\/figcaption><\/figure><figure class='gallery-item'>\n\t\t\t<div class='gallery-icon portrait'>\n\t\t\t\t<a href='https:\/\/www.arquimaster.com.ar\/web\/wp-content\/uploads\/2025\/04\/casa_tate_8.jpg' title=\"Casa Tate \/ Materia + Gustavo Carmona (\u00a9 Jaime Navarro)\" data-rl_title=\"Casa Tate \/ Materia + Gustavo Carmona (\u00a9 Jaime Navarro)\" class=\"rl-gallery-link\" data-rl_caption=\"Casa Tate \/ Materia + Gustavo Carmona (\u00a9 Jaime Navarro)\" data-rel=\"lightbox-gallery-1\"><img loading=\"lazy\" decoding=\"async\" width=\"150\" height=\"150\" src=\"https:\/\/www.arquimaster.com.ar\/web\/wp-content\/uploads\/2025\/04\/casa_tate_8-150x150.jpg\" class=\"attachment-thumbnail size-thumbnail\" alt=\"Casa Tate \/ Materia + Gustavo Carmona\" aria-describedby=\"gallery-1-84088\" \/><\/a>\n\t\t\t<\/div>\n\t\t\t\t<figcaption class='wp-caption-text gallery-caption' id='gallery-1-84088'>\n\t\t\t\tCasa Tate \/ Materia + Gustavo Carmona (\u00a9 Jaime Navarro)\n\t\t\t\t<\/figcaption><\/figure><figure class='gallery-item'>\n\t\t\t<div class='gallery-icon landscape'>\n\t\t\t\t<a href='https:\/\/www.arquimaster.com.ar\/web\/wp-content\/uploads\/2025\/04\/casa_tate_9.jpg' title=\"Casa Tate \/ Materia + Gustavo Carmona (\u00a9 Jaime Navarro)\" data-rl_title=\"Casa Tate \/ Materia + Gustavo Carmona (\u00a9 Jaime Navarro)\" class=\"rl-gallery-link\" data-rl_caption=\"Casa Tate \/ Materia + Gustavo Carmona (\u00a9 Jaime Navarro)\" data-rel=\"lightbox-gallery-1\"><img loading=\"lazy\" decoding=\"async\" width=\"150\" height=\"150\" src=\"https:\/\/www.arquimaster.com.ar\/web\/wp-content\/uploads\/2025\/04\/casa_tate_9-150x150.jpg\" class=\"attachment-thumbnail size-thumbnail\" alt=\"Casa Tate \/ Materia + Gustavo Carmona\" aria-describedby=\"gallery-1-84089\" \/><\/a>\n\t\t\t<\/div>\n\t\t\t\t<figcaption class='wp-caption-text gallery-caption' id='gallery-1-84089'>\n\t\t\t\tCasa Tate \/ Materia + Gustavo Carmona (\u00a9 Jaime Navarro)\n\t\t\t\t<\/figcaption><\/figure><figure class='gallery-item'>\n\t\t\t<div class='gallery-icon landscape'>\n\t\t\t\t<a href='https:\/\/www.arquimaster.com.ar\/web\/wp-content\/uploads\/2025\/04\/casa_tate_10.jpg' title=\"Casa Tate \/ Materia + Gustavo Carmona (\u00a9 Jaime Navarro)\" data-rl_title=\"Casa Tate \/ Materia + Gustavo Carmona (\u00a9 Jaime Navarro)\" class=\"rl-gallery-link\" data-rl_caption=\"Casa Tate \/ Materia + Gustavo Carmona (\u00a9 Jaime Navarro)\" data-rel=\"lightbox-gallery-1\"><img loading=\"lazy\" decoding=\"async\" width=\"150\" height=\"150\" src=\"https:\/\/www.arquimaster.com.ar\/web\/wp-content\/uploads\/2025\/04\/casa_tate_10-150x150.jpg\" class=\"attachment-thumbnail size-thumbnail\" alt=\"Casa Tate \/ Materia + Gustavo Carmona\" aria-describedby=\"gallery-1-84090\" \/><\/a>\n\t\t\t<\/div>\n\t\t\t\t<figcaption class='wp-caption-text gallery-caption' id='gallery-1-84090'>\n\t\t\t\tCasa Tate \/ Materia + Gustavo Carmona (\u00a9 Jaime Navarro)\n\t\t\t\t<\/figcaption><\/figure><figure class='gallery-item'>\n\t\t\t<div class='gallery-icon landscape'>\n\t\t\t\t<a href='https:\/\/www.arquimaster.com.ar\/web\/wp-content\/uploads\/2025\/04\/casa_tate_11.jpg' title=\"Casa Tate \/ Materia + Gustavo Carmona (planta)\" data-rl_title=\"Casa Tate \/ Materia + Gustavo Carmona (planta)\" class=\"rl-gallery-link\" data-rl_caption=\"Casa Tate \/ Materia + Gustavo Carmona (planta)\" data-rel=\"lightbox-gallery-1\"><img loading=\"lazy\" decoding=\"async\" width=\"150\" height=\"150\" src=\"https:\/\/www.arquimaster.com.ar\/web\/wp-content\/uploads\/2025\/04\/casa_tate_11-150x150.jpg\" class=\"attachment-thumbnail size-thumbnail\" alt=\"Casa Tate \/ Materia + Gustavo Carmona\" aria-describedby=\"gallery-1-84091\" \/><\/a>\n\t\t\t<\/div>\n\t\t\t\t<figcaption class='wp-caption-text gallery-caption' id='gallery-1-84091'>\n\t\t\t\tCasa Tate \/ Materia + Gustavo Carmona (planta)\n\t\t\t\t<\/figcaption><\/figure><figure class='gallery-item'>\n\t\t\t<div class='gallery-icon landscape'>\n\t\t\t\t<a href='https:\/\/www.arquimaster.com.ar\/web\/wp-content\/uploads\/2025\/04\/casa_tate_12.jpg' title=\"Casa Tate \/ Materia + Gustavo Carmona (corte)\" data-rl_title=\"Casa Tate \/ Materia + Gustavo Carmona (corte)\" class=\"rl-gallery-link\" data-rl_caption=\"Casa Tate \/ Materia + Gustavo Carmona (corte)\" data-rel=\"lightbox-gallery-1\"><img loading=\"lazy\" decoding=\"async\" width=\"150\" height=\"150\" src=\"https:\/\/www.arquimaster.com.ar\/web\/wp-content\/uploads\/2025\/04\/casa_tate_12-150x150.jpg\" class=\"attachment-thumbnail size-thumbnail\" alt=\"Casa Tate \/ Materia + Gustavo Carmona\" aria-describedby=\"gallery-1-84092\" \/><\/a>\n\t\t\t<\/div>\n\t\t\t\t<figcaption class='wp-caption-text gallery-caption' id='gallery-1-84092'>\n\t\t\t\tCasa Tate \/ Materia + Gustavo Carmona (corte)\n\t\t\t\t<\/figcaption><\/figure><figure class='gallery-item'>\n\t\t\t<div class='gallery-icon landscape'>\n\t\t\t\t<a href='https:\/\/www.arquimaster.com.ar\/web\/wp-content\/uploads\/2025\/04\/casa_tate_13.jpg' title=\"Casa Tate \/ Materia + Gustavo Carmona (cortes)\" data-rl_title=\"Casa Tate \/ Materia + Gustavo Carmona (cortes)\" class=\"rl-gallery-link\" data-rl_caption=\"Casa Tate \/ Materia + Gustavo Carmona (cortes)\" data-rel=\"lightbox-gallery-1\"><img loading=\"lazy\" decoding=\"async\" width=\"150\" height=\"150\" src=\"https:\/\/www.arquimaster.com.ar\/web\/wp-content\/uploads\/2025\/04\/casa_tate_13-150x150.jpg\" class=\"attachment-thumbnail size-thumbnail\" alt=\"Casa Tate \/ Materia + Gustavo Carmona\" aria-describedby=\"gallery-1-84093\" \/><\/a>\n\t\t\t<\/div>\n\t\t\t\t<figcaption class='wp-caption-text gallery-caption' id='gallery-1-84093'>\n\t\t\t\tCasa Tate \/ Materia + Gustavo Carmona (cortes)\n\t\t\t\t<\/figcaption><\/figure><figure class='gallery-item'>\n\t\t\t<div class='gallery-icon portrait'>\n\t\t\t\t<a href='https:\/\/www.arquimaster.com.ar\/web\/wp-content\/uploads\/2025\/04\/casa_tate_14.jpg' title=\"Casa Tate \/ Materia + Gustavo Carmona (proyectista)\" data-rl_title=\"Casa Tate \/ Materia + Gustavo Carmona (proyectista)\" class=\"rl-gallery-link\" data-rl_caption=\"Casa Tate \/ Materia + Gustavo Carmona (proyectista)\" data-rel=\"lightbox-gallery-1\"><img loading=\"lazy\" decoding=\"async\" width=\"150\" height=\"150\" src=\"https:\/\/www.arquimaster.com.ar\/web\/wp-content\/uploads\/2025\/04\/casa_tate_14-150x150.jpg\" class=\"attachment-thumbnail size-thumbnail\" alt=\"Casa Tate \/ Materia + Gustavo Carmona\" aria-describedby=\"gallery-1-84094\" \/><\/a>\n\t\t\t<\/div>\n\t\t\t\t<figcaption class='wp-caption-text gallery-caption' id='gallery-1-84094'>\n\t\t\t\tCasa Tate \/ Materia + Gustavo Carmona (proyectista)\n\t\t\t\t<\/figcaption><\/figure>\n\t\t<\/div>\n\n<p>El sembrado privilegi\u00f3 primeramente la disposici\u00f3n de los espacios exteriores con el objetivo de establecer los recorridos de la casa a trav\u00e9s de ellos, generando espacios de contemplaci\u00f3n y umbrales de transici\u00f3n entre lo abierto y lo interior. De este modo no hay frente o lado posterior del proyecto y se activa la vivencia en la totalidad del espacio del predio.<\/p>\n<p>Primeramente, se concibieron tres diversos tipos de espacios exteriores o jardines. El primero, un jard\u00edn abierto y sin obst\u00e1culos que corre desde la zona del estar hacia el oc\u00e9ano: la duna natural. En los linderos laterales corre un colch\u00f3n verde con follaje m\u00e1s abultado conformado por especies de selva tropical local; logrando a su vez una privacidad con respecto a las colindancias.<\/p>\n<p>Finalmente, como espacio central de la narrativa del proyecto, se manifiesta un jard\u00edn bot\u00e1nico de car\u00e1cter des\u00e9rtico formado por especies end\u00e9micas. Cada planta fue elegida y ubicada de manera sensible para acompa\u00f1ar el recorrido de las circulaciones que ligan los pabellones. Diversas clases de agaves, cactus, nopales, bromelias y \u00e1rboles como el pochote, copal y guayac\u00e1n manifiestan su ciclo de vida a trav\u00e9s del florecimiento y el cambio de texturas.<\/p>\n<p>La arquitectura de los pabellones opt\u00f3 por una tect\u00f3nica que expresa el oficio oaxaque\u00f1o, el uso de materiales locales y sistemas sencillos de gran expresividad h\u00e1ptica. Los espacios habitables se demarcan entre \u00abs\u00f3lidos\u00bb de mamposter\u00eda que se desplantan sobre un basamento de concreto aparente que establece un \u00edndice horizontal en todo el proyecto.<\/p>\n<p>Estos vol\u00famenes y muros de piedra conectan con la tierra y conectan visualmente a la arquitectura con el lugar. Entre ellos quedan espacios que son cubiertos con la t\u00e9cnica tradicional de las palapas de madera y palma. Celos\u00edas de madera completan los pabellones hacia el jard\u00edn bot\u00e1nico para formar terrazas privadas.<\/p>\n<p>El ensamble tect\u00f3nico resultante comunica un anclaje al suelo que asciende con aristas de muros definidas y remata de manera suave y difusa con la palma de las palapas para desvanecerse hacia el cielo.<\/p>\n<p>El conjunto de pabellones establece un lenguaje de repetici\u00f3n y ritmo que evidencia los efectos y cambios constantes de luz y sombra. El concreto, la piedra y la madera est\u00e1n siempre articulados por el vac\u00edo de su separaci\u00f3n y la presencia de juntas que reconocen la conexi\u00f3n entre materiales.<\/p>\n<p>El pabell\u00f3n central, o umbral de permanencia, contiene los espacios de estar y vida social. Funge como sombra principal y se relaciones f\u00edsica y visualmente con los espacios exteriores de duna y jard\u00edn bot\u00e1nico. A su vez, funciona como una gran ventana que enmarca el horizonte del oc\u00e9ano pac\u00edfico al poniente y al borde de la sierra oaxaque\u00f1a al oriente.<\/p>\n<p>Desde este espacio se vincula el proyecto con la totalidad de sus contexto inmediatos y lejanos. Finalmente, el proyecto se complementa con intersticios o espacios entremedio; umbrales de acceso a las habitaciones que invitan a la contemplaci\u00f3n y mapean la luz con un \u00f3culo al cielo ubicado en la losa de concreto.<\/p>\n\n\n<div style=\"height:20px\" aria-hidden=\"true\" class=\"wp-block-spacer\"><\/div>\n\n\n\n<p class=\"has-background\" style=\"background-color:#eaeaea\"><strong>Ficha t\u00e9cnica<\/strong><br>Nombre: Casa Tate<br>Ubicaci\u00f3n: Puerto Escondido, Oaxaca, M\u00e9xico<br>Oficina de arquitectura: Materia + Gustavo Carmona<br>Colaboradores: Karla Uribe, Gustavo Xoxotla, Teresa Berumen, Rodrigo P\u00e9rez, Jovana Grujevska, Sol Fern\u00e1ndez, Isabel Pacheco<br>Iluminaci\u00f3n: Gustavo Carmona + Juan Carlos Stefanoni<br>Constructor: Juan Carlos Stefanoni<br>Paisajismo: Gustavo Carmona + Di\u00e1spora (Magaly Mart\u00ednez, Luis Mu\u00f1oz)<br>Fotograf\u00eda: Jaime Navarro<br>Sitio web: http:\/\/materiarq.com<\/p>\n\n\n\n<div style=\"height:40px\" aria-hidden=\"true\" class=\"wp-block-spacer\"><\/div>\n\n\n<p><strong><em>English version<\/em><\/strong><\/p>\n<p><em>The intention of this project is deeply rooted in the understanding of the site as an opportunity to create a sense of place. The house is not perceived as an imposed object but as a tool to uncover the natural events and manifestations specific to the context. The placement of the modules sets a high priority on the disposition of outdoor areas, establishing pathways through them and creating zones of contemplation. This design defines the boundaries that separate the open and the enclosed, enhancing the overall sitewide experience.<\/em><\/p>\n<p><em>Three distinct types of gardens were devised:<\/em><\/p>\n<p><em>The first is an open and unobstructed garden that stretches from the living area to the ocean, a natural dune. Privacy from neighboring properties is ensured by a layer of denser foliage composed of native tropical jungle species on the laterals of the property. The project&#8217;s centerpiece is a desert botanical garden showcasing endemic species.<\/em><\/p>\n<p><em>The selection and placement of each plant were carefully considered, complementing the pathways that interconnect the pavilions. The seasonal cycle of diverse agaves, cacti, bromeliads, and trees such as pochote (Ceiba pentandra), copal (Bursera simaruba), and guayac\u00e1n (Guaiacum coulteri) is exemplified through blooming and altering textures.<\/em><\/p>\n<p><em>The pavilion&#8217;s design aimed to create a tectonic manifestation of Oaxaca\u2019s craftsmanship, employing local materials and straightforward constructive systems, displaying significant haptic expressiveness. Masonry \u00absolids\u00bb flank habitable spaces, set atop a concrete slab, establishing a horizontal axis throughout the project.<\/em><\/p>\n<p><em>The volumes and stone walls visually connect the structure to the site, while the spaces between are covered in the traditional method of constructing wooden and palm-thatched palapas. The pavilions are complemented by private terraces facing the botanical garden, delimited by the use of wooden lattices. The resulting tectonic assembly communicates an anchoring to the ground, ascending with defined wall edges and gently fading into the sky via the palm thatching.<\/em><\/p>\n<p><em>The ensemble of pavilions establishes a visual language of repetition and rhythm, showcasing the effects and constant changes of light and shadow. Concrete, stone, and wood are perpetually articulated by the voids between them and the presence of joints, recognizing the relationship that exists between materials.<\/em><\/p>\n<p><em>The central pavilion, a \u00abthreshold of permanence\u00bb, houses the public and social spaces. It serves as the main source of shadow and relates physically and visually to the outdoor spaces of the dune and botanical garden. Additionally, it functions as a large window framing the Pacific Ocean horizon to the west and the edge of the Oaxacan mountains to the east. From this space, the project melds with the entirety of its immediate and distant contexts.<\/em><\/p>\n<p><em>Finally, the project is complemented with interstitial spaces; thresholds that provide access to the rooms that invite contemplation and map the light via the oculus to the sky pierced in the concrete slab.<\/em><\/p>\n<div style=\"font-size: 0px; height: 0px; line-height: 0px; margin: 0; padding: 0; clear: both;\"><\/div><div style=\"margin-top: 0px; margin-bottom: 0px;\" class=\"sharethis-inline-share-buttons\" ><\/div>","protected":false},"excerpt":{"rendered":"<p>El conjunto de pabellones establece un lenguaje de repetici\u00f3n y ritmo&#8230;<\/p>\n","protected":false},"author":1,"featured_media":84080,"comment_status":"closed","ping_status":"closed","sticky":false,"template":"","format":"standard","meta":{"_uag_custom_page_level_css":"","footnotes":""},"categories":[1,251],"tags":[4282,252,7547,7546,24,2137,8183,6471],"class_list":["post-84079","post","type-post","status-publish","format-standard","has-post-thumbnail","hentry","category-proyecto","category-casas-de-playa","tag-arquitectura-residencial","tag-casa-de-playa","tag-gustavo-carmona","tag-materia","tag-mexico","tag-oaxaca","tag-puerto-escondido","tag-vivienda-no-permanente","generate-columns","tablet-grid-50","mobile-grid-100","grid-parent","grid-50"],"yoast_head":"<!-- This site is optimized with the Yoast SEO plugin v27.3 - https:\/\/yoast.com\/product\/yoast-seo-wordpress\/ -->\n<title>Casa Tate \/ Materia + Gustavo Carmona - Arquimaster<\/title>\n<meta name=\"description\" content=\"El conjunto de pabellones establece un lenguaje de repetici\u00f3n y ritmo que evidencia los efectos y cambios constantes de luz y sombra.\" \/>\n<meta name=\"robots\" content=\"index, follow, max-snippet:-1, max-image-preview:large, max-video-preview:-1\" \/>\n<link rel=\"canonical\" href=\"https:\/\/www.arquimaster.com.ar\/web\/casa-tate-materia-gustavo-carmona\/\" \/>\n<meta property=\"og:locale\" content=\"es_ES\" \/>\n<meta property=\"og:type\" content=\"article\" \/>\n<meta property=\"og:title\" content=\"Casa Tate \/ Materia + Gustavo Carmona\" \/>\n<meta property=\"og:description\" content=\"El conjunto de pabellones establece un lenguaje de repetici\u00f3n y ritmo que evidencia los efectos y cambios constantes de luz y sombra.\" \/>\n<meta property=\"og:url\" content=\"https:\/\/www.arquimaster.com.ar\/web\/casa-tate-materia-gustavo-carmona\/\" \/>\n<meta property=\"og:site_name\" content=\"Arquimaster\" \/>\n<meta property=\"article:publisher\" content=\"http:\/\/www.facebook.com\/ARQUIMASTER.com.ar\" \/>\n<meta property=\"article:published_time\" content=\"2025-04-02T22:12:54+00:00\" \/>\n<meta property=\"article:modified_time\" content=\"2025-07-23T18:56:13+00:00\" \/>\n<meta property=\"og:image\" content=\"https:\/\/www.arquimaster.com.ar\/web\/wp-content\/uploads\/2025\/04\/casa_tate_slide.jpg\" \/>\n\t<meta property=\"og:image:width\" content=\"698\" \/>\n\t<meta property=\"og:image:height\" content=\"364\" \/>\n\t<meta property=\"og:image:type\" content=\"image\/jpeg\" \/>\n<meta name=\"author\" content=\"Arquimaster\" \/>\n<meta name=\"twitter:card\" content=\"summary_large_image\" \/>\n<meta name=\"twitter:title\" content=\"Casa Tate \/ Materia + Gustavo Carmona\" \/>\n<meta name=\"twitter:description\" content=\"El conjunto de pabellones establece un lenguaje de repetici\u00f3n y ritmo que evidencia los efectos y cambios constantes de luz y sombra.\" \/>\n<meta name=\"twitter:image\" content=\"https:\/\/www.arquimaster.com.ar\/web\/wp-content\/uploads\/2025\/04\/casa_tate_slide.jpg\" \/>\n<meta name=\"twitter:creator\" content=\"@arquimaster\" \/>\n<meta name=\"twitter:site\" content=\"@arquimaster\" \/>\n<meta name=\"twitter:label1\" content=\"Escrito por\" \/>\n\t<meta name=\"twitter:data1\" content=\"Arquimaster\" \/>\n\t<meta name=\"twitter:label2\" content=\"Tiempo de lectura\" \/>\n\t<meta name=\"twitter:data2\" content=\"6 minutos\" \/>\n<script type=\"application\/ld+json\" class=\"yoast-schema-graph\">{\"@context\":\"https:\\\/\\\/schema.org\",\"@graph\":[{\"@type\":\"Article\",\"@id\":\"https:\\\/\\\/www.arquimaster.com.ar\\\/web\\\/casa-tate-materia-gustavo-carmona\\\/#article\",\"isPartOf\":{\"@id\":\"https:\\\/\\\/www.arquimaster.com.ar\\\/web\\\/casa-tate-materia-gustavo-carmona\\\/\"},\"author\":{\"name\":\"Arquimaster\",\"@id\":\"https:\\\/\\\/www.arquimaster.com.ar\\\/web\\\/#\\\/schema\\\/person\\\/359e9f7c00193fcde068e0dd2ceb0028\"},\"headline\":\"Casa Tate \\\/ Materia + Gustavo Carmona\",\"datePublished\":\"2025-04-02T22:12:54+00:00\",\"dateModified\":\"2025-07-23T18:56:13+00:00\",\"mainEntityOfPage\":{\"@id\":\"https:\\\/\\\/www.arquimaster.com.ar\\\/web\\\/casa-tate-materia-gustavo-carmona\\\/\"},\"wordCount\":1123,\"publisher\":{\"@id\":\"https:\\\/\\\/www.arquimaster.com.ar\\\/web\\\/#organization\"},\"image\":{\"@id\":\"https:\\\/\\\/www.arquimaster.com.ar\\\/web\\\/casa-tate-materia-gustavo-carmona\\\/#primaryimage\"},\"thumbnailUrl\":\"https:\\\/\\\/www.arquimaster.com.ar\\\/web\\\/wp-content\\\/uploads\\\/2025\\\/04\\\/casa_tate_slide.jpg\",\"keywords\":[\"arquitectura residencial\",\"casa de playa\",\"Gustavo Carmona\",\"Materia\",\"Mexico\",\"Oaxaca\",\"Puerto Escondido\",\"vivienda no permanente\"],\"articleSection\":[\"Proyecto\",\"Vivienda no permanente\"],\"inLanguage\":\"es\"},{\"@type\":\"WebPage\",\"@id\":\"https:\\\/\\\/www.arquimaster.com.ar\\\/web\\\/casa-tate-materia-gustavo-carmona\\\/\",\"url\":\"https:\\\/\\\/www.arquimaster.com.ar\\\/web\\\/casa-tate-materia-gustavo-carmona\\\/\",\"name\":\"Casa Tate \\\/ Materia + Gustavo Carmona - Arquimaster\",\"isPartOf\":{\"@id\":\"https:\\\/\\\/www.arquimaster.com.ar\\\/web\\\/#website\"},\"primaryImageOfPage\":{\"@id\":\"https:\\\/\\\/www.arquimaster.com.ar\\\/web\\\/casa-tate-materia-gustavo-carmona\\\/#primaryimage\"},\"image\":{\"@id\":\"https:\\\/\\\/www.arquimaster.com.ar\\\/web\\\/casa-tate-materia-gustavo-carmona\\\/#primaryimage\"},\"thumbnailUrl\":\"https:\\\/\\\/www.arquimaster.com.ar\\\/web\\\/wp-content\\\/uploads\\\/2025\\\/04\\\/casa_tate_slide.jpg\",\"datePublished\":\"2025-04-02T22:12:54+00:00\",\"dateModified\":\"2025-07-23T18:56:13+00:00\",\"description\":\"El conjunto de pabellones establece un lenguaje de repetici\u00f3n y ritmo que evidencia los efectos y cambios constantes de luz y sombra.\",\"breadcrumb\":{\"@id\":\"https:\\\/\\\/www.arquimaster.com.ar\\\/web\\\/casa-tate-materia-gustavo-carmona\\\/#breadcrumb\"},\"inLanguage\":\"es\",\"potentialAction\":[{\"@type\":\"ReadAction\",\"target\":[\"https:\\\/\\\/www.arquimaster.com.ar\\\/web\\\/casa-tate-materia-gustavo-carmona\\\/\"]}]},{\"@type\":\"ImageObject\",\"inLanguage\":\"es\",\"@id\":\"https:\\\/\\\/www.arquimaster.com.ar\\\/web\\\/casa-tate-materia-gustavo-carmona\\\/#primaryimage\",\"url\":\"https:\\\/\\\/www.arquimaster.com.ar\\\/web\\\/wp-content\\\/uploads\\\/2025\\\/04\\\/casa_tate_slide.jpg\",\"contentUrl\":\"https:\\\/\\\/www.arquimaster.com.ar\\\/web\\\/wp-content\\\/uploads\\\/2025\\\/04\\\/casa_tate_slide.jpg\",\"width\":698,\"height\":364,\"caption\":\"Casa Tate \\\/ Materia + Gustavo Carmona\"},{\"@type\":\"BreadcrumbList\",\"@id\":\"https:\\\/\\\/www.arquimaster.com.ar\\\/web\\\/casa-tate-materia-gustavo-carmona\\\/#breadcrumb\",\"itemListElement\":[{\"@type\":\"ListItem\",\"position\":1,\"name\":\"Portada\",\"item\":\"https:\\\/\\\/www.arquimaster.com.ar\\\/web\\\/\"},{\"@type\":\"ListItem\",\"position\":2,\"name\":\"Casa Tate \\\/ Materia + Gustavo Carmona\"}]},{\"@type\":\"WebSite\",\"@id\":\"https:\\\/\\\/www.arquimaster.com.ar\\\/web\\\/#website\",\"url\":\"https:\\\/\\\/www.arquimaster.com.ar\\\/web\\\/\",\"name\":\"Arquimaster\",\"description\":\"Web de arquitectura, dise\u00f1o y construccion\",\"publisher\":{\"@id\":\"https:\\\/\\\/www.arquimaster.com.ar\\\/web\\\/#organization\"},\"potentialAction\":[{\"@type\":\"SearchAction\",\"target\":{\"@type\":\"EntryPoint\",\"urlTemplate\":\"https:\\\/\\\/www.arquimaster.com.ar\\\/web\\\/?s={search_term_string}\"},\"query-input\":{\"@type\":\"PropertyValueSpecification\",\"valueRequired\":true,\"valueName\":\"search_term_string\"}}],\"inLanguage\":\"es\"},{\"@type\":\"Organization\",\"@id\":\"https:\\\/\\\/www.arquimaster.com.ar\\\/web\\\/#organization\",\"name\":\"Arquimaster\",\"url\":\"https:\\\/\\\/www.arquimaster.com.ar\\\/web\\\/\",\"logo\":{\"@type\":\"ImageObject\",\"inLanguage\":\"es\",\"@id\":\"https:\\\/\\\/www.arquimaster.com.ar\\\/web\\\/#\\\/schema\\\/logo\\\/image\\\/\",\"url\":\"https:\\\/\\\/www.arquimaster.com.ar\\\/web\\\/wp-content\\\/uploads\\\/2022\\\/06\\\/arquimaster.png\",\"contentUrl\":\"https:\\\/\\\/www.arquimaster.com.ar\\\/web\\\/wp-content\\\/uploads\\\/2022\\\/06\\\/arquimaster.png\",\"width\":594,\"height\":78,\"caption\":\"Arquimaster\"},\"image\":{\"@id\":\"https:\\\/\\\/www.arquimaster.com.ar\\\/web\\\/#\\\/schema\\\/logo\\\/image\\\/\"},\"sameAs\":[\"http:\\\/\\\/www.facebook.com\\\/ARQUIMASTER.com.ar\",\"https:\\\/\\\/x.com\\\/arquimaster\",\"https:\\\/\\\/www.instagram.com\\\/arquimasterblog\\\/\",\"https:\\\/\\\/www.linkedin.com\\\/company\\\/arquimaster\",\"https:\\\/\\\/www.pinterest.com\\\/arquimaster\",\"https:\\\/\\\/t.me\\\/arquimaster\"]},{\"@type\":\"Person\",\"@id\":\"https:\\\/\\\/www.arquimaster.com.ar\\\/web\\\/#\\\/schema\\\/person\\\/359e9f7c00193fcde068e0dd2ceb0028\",\"name\":\"Arquimaster\"}]}<\/script>\n<!-- \/ Yoast SEO plugin. -->","yoast_head_json":{"title":"Casa Tate \/ Materia + Gustavo Carmona - Arquimaster","description":"El conjunto de pabellones establece un lenguaje de repetici\u00f3n y ritmo que evidencia los efectos y cambios constantes de luz y sombra.","robots":{"index":"index","follow":"follow","max-snippet":"max-snippet:-1","max-image-preview":"max-image-preview:large","max-video-preview":"max-video-preview:-1"},"canonical":"https:\/\/www.arquimaster.com.ar\/web\/casa-tate-materia-gustavo-carmona\/","og_locale":"es_ES","og_type":"article","og_title":"Casa Tate \/ Materia + Gustavo Carmona","og_description":"El conjunto de pabellones establece un lenguaje de repetici\u00f3n y ritmo que evidencia los efectos y cambios constantes de luz y sombra.","og_url":"https:\/\/www.arquimaster.com.ar\/web\/casa-tate-materia-gustavo-carmona\/","og_site_name":"Arquimaster","article_publisher":"http:\/\/www.facebook.com\/ARQUIMASTER.com.ar","article_published_time":"2025-04-02T22:12:54+00:00","article_modified_time":"2025-07-23T18:56:13+00:00","og_image":[{"width":698,"height":364,"url":"https:\/\/www.arquimaster.com.ar\/web\/wp-content\/uploads\/2025\/04\/casa_tate_slide.jpg","type":"image\/jpeg"}],"author":"Arquimaster","twitter_card":"summary_large_image","twitter_title":"Casa Tate \/ Materia + Gustavo Carmona","twitter_description":"El conjunto de pabellones establece un lenguaje de repetici\u00f3n y ritmo que evidencia los efectos y cambios constantes de luz y sombra.","twitter_image":"https:\/\/www.arquimaster.com.ar\/web\/wp-content\/uploads\/2025\/04\/casa_tate_slide.jpg","twitter_creator":"@arquimaster","twitter_site":"@arquimaster","twitter_misc":{"Escrito por":"Arquimaster","Tiempo de lectura":"6 minutos"},"schema":{"@context":"https:\/\/schema.org","@graph":[{"@type":"Article","@id":"https:\/\/www.arquimaster.com.ar\/web\/casa-tate-materia-gustavo-carmona\/#article","isPartOf":{"@id":"https:\/\/www.arquimaster.com.ar\/web\/casa-tate-materia-gustavo-carmona\/"},"author":{"name":"Arquimaster","@id":"https:\/\/www.arquimaster.com.ar\/web\/#\/schema\/person\/359e9f7c00193fcde068e0dd2ceb0028"},"headline":"Casa Tate \/ Materia + Gustavo Carmona","datePublished":"2025-04-02T22:12:54+00:00","dateModified":"2025-07-23T18:56:13+00:00","mainEntityOfPage":{"@id":"https:\/\/www.arquimaster.com.ar\/web\/casa-tate-materia-gustavo-carmona\/"},"wordCount":1123,"publisher":{"@id":"https:\/\/www.arquimaster.com.ar\/web\/#organization"},"image":{"@id":"https:\/\/www.arquimaster.com.ar\/web\/casa-tate-materia-gustavo-carmona\/#primaryimage"},"thumbnailUrl":"https:\/\/www.arquimaster.com.ar\/web\/wp-content\/uploads\/2025\/04\/casa_tate_slide.jpg","keywords":["arquitectura residencial","casa de playa","Gustavo Carmona","Materia","Mexico","Oaxaca","Puerto Escondido","vivienda no permanente"],"articleSection":["Proyecto","Vivienda no permanente"],"inLanguage":"es"},{"@type":"WebPage","@id":"https:\/\/www.arquimaster.com.ar\/web\/casa-tate-materia-gustavo-carmona\/","url":"https:\/\/www.arquimaster.com.ar\/web\/casa-tate-materia-gustavo-carmona\/","name":"Casa Tate \/ Materia + Gustavo Carmona - Arquimaster","isPartOf":{"@id":"https:\/\/www.arquimaster.com.ar\/web\/#website"},"primaryImageOfPage":{"@id":"https:\/\/www.arquimaster.com.ar\/web\/casa-tate-materia-gustavo-carmona\/#primaryimage"},"image":{"@id":"https:\/\/www.arquimaster.com.ar\/web\/casa-tate-materia-gustavo-carmona\/#primaryimage"},"thumbnailUrl":"https:\/\/www.arquimaster.com.ar\/web\/wp-content\/uploads\/2025\/04\/casa_tate_slide.jpg","datePublished":"2025-04-02T22:12:54+00:00","dateModified":"2025-07-23T18:56:13+00:00","description":"El conjunto de pabellones establece un lenguaje de repetici\u00f3n y ritmo que evidencia los efectos y cambios constantes de luz y sombra.","breadcrumb":{"@id":"https:\/\/www.arquimaster.com.ar\/web\/casa-tate-materia-gustavo-carmona\/#breadcrumb"},"inLanguage":"es","potentialAction":[{"@type":"ReadAction","target":["https:\/\/www.arquimaster.com.ar\/web\/casa-tate-materia-gustavo-carmona\/"]}]},{"@type":"ImageObject","inLanguage":"es","@id":"https:\/\/www.arquimaster.com.ar\/web\/casa-tate-materia-gustavo-carmona\/#primaryimage","url":"https:\/\/www.arquimaster.com.ar\/web\/wp-content\/uploads\/2025\/04\/casa_tate_slide.jpg","contentUrl":"https:\/\/www.arquimaster.com.ar\/web\/wp-content\/uploads\/2025\/04\/casa_tate_slide.jpg","width":698,"height":364,"caption":"Casa Tate \/ Materia + Gustavo Carmona"},{"@type":"BreadcrumbList","@id":"https:\/\/www.arquimaster.com.ar\/web\/casa-tate-materia-gustavo-carmona\/#breadcrumb","itemListElement":[{"@type":"ListItem","position":1,"name":"Portada","item":"https:\/\/www.arquimaster.com.ar\/web\/"},{"@type":"ListItem","position":2,"name":"Casa Tate \/ Materia + Gustavo Carmona"}]},{"@type":"WebSite","@id":"https:\/\/www.arquimaster.com.ar\/web\/#website","url":"https:\/\/www.arquimaster.com.ar\/web\/","name":"Arquimaster","description":"Web de arquitectura, dise\u00f1o y construccion","publisher":{"@id":"https:\/\/www.arquimaster.com.ar\/web\/#organization"},"potentialAction":[{"@type":"SearchAction","target":{"@type":"EntryPoint","urlTemplate":"https:\/\/www.arquimaster.com.ar\/web\/?s={search_term_string}"},"query-input":{"@type":"PropertyValueSpecification","valueRequired":true,"valueName":"search_term_string"}}],"inLanguage":"es"},{"@type":"Organization","@id":"https:\/\/www.arquimaster.com.ar\/web\/#organization","name":"Arquimaster","url":"https:\/\/www.arquimaster.com.ar\/web\/","logo":{"@type":"ImageObject","inLanguage":"es","@id":"https:\/\/www.arquimaster.com.ar\/web\/#\/schema\/logo\/image\/","url":"https:\/\/www.arquimaster.com.ar\/web\/wp-content\/uploads\/2022\/06\/arquimaster.png","contentUrl":"https:\/\/www.arquimaster.com.ar\/web\/wp-content\/uploads\/2022\/06\/arquimaster.png","width":594,"height":78,"caption":"Arquimaster"},"image":{"@id":"https:\/\/www.arquimaster.com.ar\/web\/#\/schema\/logo\/image\/"},"sameAs":["http:\/\/www.facebook.com\/ARQUIMASTER.com.ar","https:\/\/x.com\/arquimaster","https:\/\/www.instagram.com\/arquimasterblog\/","https:\/\/www.linkedin.com\/company\/arquimaster","https:\/\/www.pinterest.com\/arquimaster","https:\/\/t.me\/arquimaster"]},{"@type":"Person","@id":"https:\/\/www.arquimaster.com.ar\/web\/#\/schema\/person\/359e9f7c00193fcde068e0dd2ceb0028","name":"Arquimaster"}]}},"uagb_featured_image_src":{"full":["https:\/\/www.arquimaster.com.ar\/web\/wp-content\/uploads\/2025\/04\/casa_tate_slide.jpg",698,364,false],"thumbnail":["https:\/\/www.arquimaster.com.ar\/web\/wp-content\/uploads\/2025\/04\/casa_tate_slide-150x150.jpg",150,150,true],"medium":["https:\/\/www.arquimaster.com.ar\/web\/wp-content\/uploads\/2025\/04\/casa_tate_slide.jpg",698,364,false],"medium_large":["https:\/\/www.arquimaster.com.ar\/web\/wp-content\/uploads\/2025\/04\/casa_tate_slide.jpg",698,364,false],"large":["https:\/\/www.arquimaster.com.ar\/web\/wp-content\/uploads\/2025\/04\/casa_tate_slide.jpg",698,364,false],"1536x1536":["https:\/\/www.arquimaster.com.ar\/web\/wp-content\/uploads\/2025\/04\/casa_tate_slide.jpg",698,364,false],"2048x2048":["https:\/\/www.arquimaster.com.ar\/web\/wp-content\/uploads\/2025\/04\/casa_tate_slide.jpg",698,364,false]},"uagb_author_info":{"display_name":"Arquimaster","author_link":"https:\/\/www.arquimaster.com.ar\/web\/author\/arquimaster\/"},"uagb_comment_info":0,"uagb_excerpt":"El conjunto de pabellones establece un lenguaje de repetici\u00f3n y ritmo...","_links":{"self":[{"href":"https:\/\/www.arquimaster.com.ar\/web\/wp-json\/wp\/v2\/posts\/84079","targetHints":{"allow":["GET"]}}],"collection":[{"href":"https:\/\/www.arquimaster.com.ar\/web\/wp-json\/wp\/v2\/posts"}],"about":[{"href":"https:\/\/www.arquimaster.com.ar\/web\/wp-json\/wp\/v2\/types\/post"}],"author":[{"embeddable":true,"href":"https:\/\/www.arquimaster.com.ar\/web\/wp-json\/wp\/v2\/users\/1"}],"replies":[{"embeddable":true,"href":"https:\/\/www.arquimaster.com.ar\/web\/wp-json\/wp\/v2\/comments?post=84079"}],"version-history":[{"count":2,"href":"https:\/\/www.arquimaster.com.ar\/web\/wp-json\/wp\/v2\/posts\/84079\/revisions"}],"predecessor-version":[{"id":85032,"href":"https:\/\/www.arquimaster.com.ar\/web\/wp-json\/wp\/v2\/posts\/84079\/revisions\/85032"}],"wp:featuredmedia":[{"embeddable":true,"href":"https:\/\/www.arquimaster.com.ar\/web\/wp-json\/wp\/v2\/media\/84080"}],"wp:attachment":[{"href":"https:\/\/www.arquimaster.com.ar\/web\/wp-json\/wp\/v2\/media?parent=84079"}],"wp:term":[{"taxonomy":"category","embeddable":true,"href":"https:\/\/www.arquimaster.com.ar\/web\/wp-json\/wp\/v2\/categories?post=84079"},{"taxonomy":"post_tag","embeddable":true,"href":"https:\/\/www.arquimaster.com.ar\/web\/wp-json\/wp\/v2\/tags?post=84079"}],"curies":[{"name":"wp","href":"https:\/\/api.w.org\/{rel}","templated":true}]}}